{"id":10058,"date":"2024-08-05T11:28:56","date_gmt":"2024-08-05T09:28:56","guid":{"rendered":"https:\/\/www.kritische-masse.de\/logbuch\/?p=10058"},"modified":"2024-08-05T13:04:26","modified_gmt":"2024-08-05T11:04:26","slug":"enzyklopaedie-der-neuen-musik-tod-und-geburtstag","status":"publish","type":"post","link":"https:\/\/www.kritische-masse.de\/logbuch\/2024\/08\/enzyklopaedie-der-neuen-musik-tod-und-geburtstag\/","title":{"rendered":"Enzyklop\u00e4die der Neuen Musik: Tod und Geburtstag"},"content":{"rendered":"<div class=\"shariff shariff-align-left shariff-widget-align-left\"><ul class=\"shariff-buttons theme-white orientation-horizontal buttonsize-small\"><li class=\"shariff-button mastodon shariff-nocustomcolor\" style=\"background-color:#563ACC\"><a href=\"https:\/\/s2f.kytta.dev\/?text=Enzyklop%C3%A4die%20der%20Neuen%20Musik%3A%20Tod%20und%20Geburtstag https%3A%2F%2Fwww.kritische-masse.de%2Flogbuch%2F2024%2F08%2Fenzyklopaedie-der-neuen-musik-tod-und-geburtstag%2F\" title=\"Bei Mastodon teilen\" aria-label=\"Bei Mastodon teilen\" role=\"button\" rel=\"noopener nofollow\" class=\"shariff-link\" style=\"; background-color:#6364FF; color:#6364FF\" target=\"_blank\"><span class=\"shariff-icon\" style=\"fill:#6364FF\"><svg width=\"75\" height=\"79\" viewBox=\"0 0 75 79\" fill=\"none\" xmlns=\"http:\/\/www.w3.org\/2000\/svg\"><path d=\"M37.813-.025C32.462-.058 27.114.13 21.79.598c-8.544.621-17.214 5.58-20.203 13.931C-1.12 23.318.408 32.622.465 41.65c.375 7.316.943 14.78 3.392 21.73 4.365 9.465 14.781 14.537 24.782 15.385 7.64.698 15.761-.213 22.517-4.026a54.1 54.1 0 0 0 .01-6.232c-6.855 1.316-14.101 2.609-21.049 1.074-3.883-.88-6.876-4.237-7.25-8.215-1.53-3.988 3.78-.43 5.584-.883 9.048 1.224 18.282.776 27.303-.462 7.044-.837 14.26-4.788 16.65-11.833 2.263-6.135 1.215-12.79 1.698-19.177.06-3.84.09-7.692-.262-11.52C72.596 7.844 63.223.981 53.834.684a219.453 219.453 0 0 0-16.022-.71zm11.294 12.882c5.5-.067 10.801 4.143 11.67 9.653.338 1.48.471 3 .471 4.515v21.088h-8.357c-.07-7.588.153-15.182-.131-22.765-.587-4.368-7.04-5.747-9.672-2.397-2.422 3.04-1.47 7.155-1.67 10.735v6.392h-8.307c-.146-4.996.359-10.045-.404-15.002-1.108-4.218-7.809-5.565-10.094-1.666-1.685 3.046-.712 6.634-.976 9.936v14.767h-8.354c.109-8.165-.238-16.344.215-24.5.674-5.346 5.095-10.389 10.676-10.627 4.902-.739 10.103 2.038 12.053 6.631.375 1.435 1.76 1.932 1.994.084 1.844-3.704 5.501-6.739 9.785-6.771.367-.044.735-.068 1.101-.073z\"\/><defs><linearGradient id=\"paint0_linear_549_34\" x1=\"37.0692\" y1=\"0\" x2=\"37.0692\" y2=\"79\" gradientUnits=\"userSpaceOnUse\"><stop stop-color=\"#6364FF\"\/><stop offset=\"1\" stop-color=\"#563ACC\"\/><\/linearGradient><\/defs><\/svg><\/span><span class=\"shariff-text\" style=\"color:#6364FF\">teilen<\/span>&nbsp;<\/a><\/li><li class=\"shariff-button bluesky shariff-nocustomcolor\" style=\"background-color:#84c4ff\"><a href=\"https:\/\/bsky.app\/intent\/compose?text=Enzyklop%C3%A4die%20der%20Neuen%20Musik%3A%20Tod%20und%20Geburtstag https%3A%2F%2Fwww.kritische-masse.de%2Flogbuch%2F2024%2F08%2Fenzyklopaedie-der-neuen-musik-tod-und-geburtstag%2F \" title=\"Bei Bluesky teilen\" aria-label=\"Bei Bluesky teilen\" role=\"button\" rel=\"noopener nofollow\" class=\"shariff-link\" style=\"; background-color:#0085ff; color:#0085ff\" target=\"_blank\"><span class=\"shariff-icon\" style=\"fill:#0085ff\"><svg width=\"20\" height=\"20\" version=\"1.1\" xmlns=\"http:\/\/www.w3.org\/2000\/svg\" viewBox=\"0 0 20 20\"><path class=\"st0\" d=\"M4.89,3.12c2.07,1.55,4.3,4.71,5.11,6.4.82-1.69,3.04-4.84,5.11-6.4,1.49-1.12,3.91-1.99,3.91.77,0,.55-.32,4.63-.5,5.3-.64,2.3-2.99,2.89-5.08,2.54,3.65.62,4.58,2.68,2.57,4.74-3.81,3.91-5.48-.98-5.9-2.23-.08-.23-.11-.34-.12-.25,0-.09-.04.02-.12.25-.43,1.25-2.09,6.14-5.9,2.23-2.01-2.06-1.08-4.12,2.57-4.74-2.09.36-4.44-.23-5.08-2.54-.19-.66-.5-4.74-.5-5.3,0-2.76,2.42-1.89,3.91-.77h0Z\"\/><\/svg><\/span><span class=\"shariff-text\" style=\"color:#0085ff\">teilen<\/span>&nbsp;<\/a><\/li><li class=\"shariff-button threema shariff-nocustomcolor shariff-mobile\" style=\"background-color:#4fbc24\"><a href=\"threema:\/\/compose?text=Enzyklop%C3%A4die%20der%20Neuen%20Musik%3A%20Tod%20und%20Geburtstag%20https%3A%2F%2Fwww.kritische-masse.de%2Flogbuch%2F2024%2F08%2Fenzyklopaedie-der-neuen-musik-tod-und-geburtstag%2F\" title=\"Bei Threema teilen\" aria-label=\"Bei Threema teilen\" role=\"button\" rel=\"noopener nofollow\" class=\"shariff-link\" style=\"; background-color:#1f1f1f; color:#1f1f1f\" target=\"_blank\"><span class=\"shariff-icon\" style=\"fill:#1f1f1f\"><svg width=\"32px\" height=\"20px\" xmlns=\"http:\/\/www.w3.org\/2000\/svg\" viewBox=\"0 0 32 32\"><path fill=\"#1f1f1f\" d=\"M30.8 10.9c-0.3-1.4-0.9-2.6-1.8-3.8-2-2.6-5.5-4.5-9.4-5.2-1.3-0.2-1.9-0.3-3.5-0.3s-2.2 0-3.5 0.3c-4 0.7-7.4 2.6-9.4 5.2-0.9 1.2-1.5 2.4-1.8 3.8-0.1 0.5-0.2 1.2-0.2 1.6 0 0.4 0.1 1.1 0.2 1.6 0.4 1.9 1.3 3.4 2.9 5 0.8 0.8 0.8 0.8 0.7 1.3 0 0.6-0.5 1.6-1.7 3.6-0.3 0.5-0.5 0.9-0.5 0.9 0 0.1 0.1 0.1 0.5 0 0.8-0.2 2.3-0.6 5.6-1.6 1.1-0.3 1.3-0.4 2.3-0.4 0.8 0 1.1 0 2.3 0.2 1.5 0.2 3.5 0.2 4.9 0 5.1-0.6 9.3-2.9 11.4-6.3 0.5-0.9 0.9-1.8 1.1-2.8 0.1-0.5 0.2-1.1 0.2-1.6 0-0.7-0.1-1.1-0.2-1.6-0.3-1.4 0.1 0.5 0 0zM20.6 17.3c0 0.4-0.4 0.8-0.8 0.8h-7.7c-0.4 0-0.8-0.4-0.8-0.8v-4.6c0-0.4 0.4-0.8 0.8-0.8h0.2l0-1.6c0-0.9 0-1.8 0.1-2 0.1-0.6 0.6-1.2 1.1-1.7s1.1-0.7 1.9-0.8c1.8-0.3 3.7 0.7 4.2 2.2 0.1 0.3 0.1 0.7 0.1 2.1v0 1.7h0.1c0.4 0 0.8 0.4 0.8 0.8v4.6zM15.6 7.3c-0.5 0.1-0.8 0.3-1.2 0.6s-0.6 0.8-0.7 1.3c0 0.2 0 0.8 0 1.5l0 1.2h4.6v-1.3c0-1 0-1.4-0.1-1.6-0.3-1.1-1.5-1.9-2.6-1.7zM25.8 28.2c0 1.2-1 2.2-2.1 2.2s-2.1-1-2.1-2.1c0-1.2 1-2.1 2.2-2.1s2.2 1 2.2 2.2zM18.1 28.2c0 1.2-1 2.2-2.1 2.2s-2.1-1-2.1-2.1c0-1.2 1-2.1 2.2-2.1s2.2 1 2.2 2.2zM10.4 28.2c0 1.2-1 2.2-2.1 2.2s-2.1-1-2.1-2.1c0-1.2 1-2.1 2.2-2.1s2.2 1 2.2 2.2z\"\/><\/svg><\/span><span class=\"shariff-text\" style=\"color:#1f1f1f\">teilen<\/span>&nbsp;<\/a><\/li><li class=\"shariff-button facebook shariff-nocustomcolor\" style=\"background-color:#4273c8\"><a href=\"https:\/\/www.facebook.com\/sharer\/sharer.php?u=https%3A%2F%2Fwww.kritische-masse.de%2Flogbuch%2F2024%2F08%2Fenzyklopaedie-der-neuen-musik-tod-und-geburtstag%2F\" title=\"Bei Facebook teilen\" aria-label=\"Bei Facebook teilen\" role=\"button\" rel=\"nofollow\" class=\"shariff-link\" style=\"; background-color:#3b5998; color:#3b5998\" target=\"_blank\"><span class=\"shariff-icon\" style=\"fill:#3b5998\"><svg width=\"32px\" height=\"20px\" xmlns=\"http:\/\/www.w3.org\/2000\/svg\" viewBox=\"0 0 18 32\"><path fill=\"#3b5998\" d=\"M17.1 0.2v4.7h-2.8q-1.5 0-2.1 0.6t-0.5 1.9v3.4h5.2l-0.7 5.3h-4.5v13.6h-5.5v-13.6h-4.5v-5.3h4.5v-3.9q0-3.3 1.9-5.2t5-1.8q2.6 0 4.1 0.2z\"\/><\/svg><\/span><span class=\"shariff-text\" style=\"color:#3b5998\">teilen<\/span>&nbsp;<\/a><\/li><li class=\"shariff-button info shariff-nocustomcolor\" style=\"background-color:#a8a8a8\"><a href=\"http:\/\/ct.de\/-2467514\" title=\"Weitere Informationen\" aria-label=\"Weitere Informationen\" role=\"button\" rel=\"noopener \" class=\"shariff-link\" style=\"; background-color:#999; color:#999\" target=\"_blank\"><span class=\"shariff-icon\" style=\"fill:#999\"><svg width=\"32px\" height=\"20px\" xmlns=\"http:\/\/www.w3.org\/2000\/svg\" viewBox=\"0 0 11 32\"><path fill=\"#999\" d=\"M11.4 24v2.3q0 0.5-0.3 0.8t-0.8 0.4h-9.1q-0.5 0-0.8-0.4t-0.4-0.8v-2.3q0-0.5 0.4-0.8t0.8-0.4h1.1v-6.8h-1.1q-0.5 0-0.8-0.4t-0.4-0.8v-2.3q0-0.5 0.4-0.8t0.8-0.4h6.8q0.5 0 0.8 0.4t0.4 0.8v10.3h1.1q0.5 0 0.8 0.4t0.3 0.8zM9.2 3.4v3.4q0 0.5-0.4 0.8t-0.8 0.4h-4.6q-0.4 0-0.8-0.4t-0.4-0.8v-3.4q0-0.4 0.4-0.8t0.8-0.4h4.6q0.5 0 0.8 0.4t0.4 0.8z\"\/><\/svg><\/span><\/a><\/li><\/ul><\/div><p>Wie es um die Neue Musik im Radio aussieht, kann man sich ansehen, wenn man auf die Website eines der urspr\u00fcnglich innovativsten Sender der ARD geht. Es ist kein Symbolbild, aber es ist das Ergebnis einer schleichenden Selbstaufgabe einer Redaktion durch permanente Schleifung ihrer Pr\u00e4senz.<\/p>\n<div id=\"ez-toc-container\" class=\"ez-toc-v2_0_82_2 ez-toc-wrap-center counter-hierarchy ez-toc-counter ez-toc-light-blue ez-toc-container-direction\">\n<div class=\"ez-toc-title-container\">\n<p class=\"ez-toc-title\" style=\"cursor:inherit\">Inhalt<\/p>\n<span class=\"ez-toc-title-toggle\"><a href=\"#\" class=\"ez-toc-pull-right ez-toc-btn ez-toc-btn-xs ez-toc-btn-default ez-toc-toggle\" aria-label=\"Toggle Table of Content\"><span class=\"ez-toc-js-icon-con\"><span class=\"\"><span class=\"eztoc-hide\" style=\"display:none;\">Toggle<\/span><span class=\"ez-toc-icon-toggle-span\"><svg style=\"fill: #999;color:#999\" xmlns=\"http:\/\/www.w3.org\/2000\/svg\" class=\"list-377408\" width=\"20px\" height=\"20px\" viewBox=\"0 0 24 24\" fill=\"none\"><path d=\"M6 6H4v2h2V6zm14 0H8v2h12V6zM4 11h2v2H4v-2zm16 0H8v2h12v-2zM4 16h2v2H4v-2zm16 0H8v2h12v-2z\" fill=\"currentColor\"><\/path><\/svg><svg style=\"fill: #999;color:#999\" class=\"arrow-unsorted-368013\" xmlns=\"http:\/\/www.w3.org\/2000\/svg\" width=\"10px\" height=\"10px\" viewBox=\"0 0 24 24\" version=\"1.2\" baseProfile=\"tiny\"><path d=\"M18.2 9.3l-6.2-6.3-6.2 6.3c-.2.2-.3.4-.3.7s.1.5.3.7c.2.2.4.3.7.3h11c.3 0 .5-.1.7-.3.2-.2.3-.5.3-.7s-.1-.5-.3-.7zM5.8 14.7l6.2 6.3 6.2-6.3c.2-.2.3-.5.3-.7s-.1-.5-.3-.7c-.2-.2-.4-.3-.7-.3h-11c-.3 0-.5.1-.7.3-.2.2-.3.5-.3.7s.1.5.3.7z\"\/><\/svg><\/span><\/span><\/span><\/a><\/span><\/div>\n<nav><ul class='ez-toc-list ez-toc-list-level-1 ' ><li class='ez-toc-page-1 ez-toc-heading-level-3'><a class=\"ez-toc-link ez-toc-heading-1\" href=\"https:\/\/www.kritische-masse.de\/logbuch\/2024\/08\/enzyklopaedie-der-neuen-musik-tod-und-geburtstag\/#Zustand_Neue_Musik_im_Radio\" >Zustand Neue Musik im Radio<\/a><\/li><li class='ez-toc-page-1 ez-toc-heading-level-3'><a class=\"ez-toc-link ez-toc-heading-2\" href=\"https:\/\/www.kritische-masse.de\/logbuch\/2024\/08\/enzyklopaedie-der-neuen-musik-tod-und-geburtstag\/#Zurueck_ins_Leben_KI\" >Zur\u00fcck ins Leben (KI)<\/a><\/li><li class='ez-toc-page-1 ez-toc-heading-level-3'><a class=\"ez-toc-link ez-toc-heading-3\" href=\"https:\/\/www.kritische-masse.de\/logbuch\/2024\/08\/enzyklopaedie-der-neuen-musik-tod-und-geburtstag\/#Zeit_fuer_Werbung\" >Zeit f\u00fcr Werbung<\/a><\/li><\/ul><\/nav><\/div>\n<h3><span class=\"ez-toc-section\" id=\"Zustand_Neue_Musik_im_Radio\"><\/span>Zustand Neue Musik im Radio<span class=\"ez-toc-section-end\"><\/span><\/h3>\n<figure id=\"attachment_10062\" aria-describedby=\"caption-attachment-10062\" style=\"width: 840px\" class=\"wp-caption aligncenter\"><a href=\"https:\/\/i0.wp.com\/www.kritische-masse.de\/logbuch\/wp-content\/uploads\/2024\/08\/Klassik-entdecken-Alles-rund-um-Neue-Musik-Neue-Musik-BR-KLASSIK-Bayerischer-Rundfunk.png?ssl=1\"><img data-recalc-dims=\"1\" loading=\"lazy\" decoding=\"async\" data-attachment-id=\"10062\" data-permalink=\"https:\/\/www.kritische-masse.de\/logbuch\/2024\/08\/enzyklopaedie-der-neuen-musik-tod-und-geburtstag\/klassik-entdecken-alles-rund-um-neue-musik-neue-musik-br-klassik-bayerischer-rundfunk\/\" data-orig-file=\"https:\/\/i0.wp.com\/www.kritische-masse.de\/logbuch\/wp-content\/uploads\/2024\/08\/Klassik-entdecken-Alles-rund-um-Neue-Musik-Neue-Musik-BR-KLASSIK-Bayerischer-Rundfunk.png?fit=1920%2C967&amp;ssl=1\" data-orig-size=\"1920,967\" data-comments-opened=\"1\" data-image-meta=\"{&quot;aperture&quot;:&quot;0&quot;,&quot;credit&quot;:&quot;&quot;,&quot;camera&quot;:&quot;&quot;,&quot;caption&quot;:&quot;&quot;,&quot;created_timestamp&quot;:&quot;0&quot;,&quot;copyright&quot;:&quot;&quot;,&quot;focal_length&quot;:&quot;0&quot;,&quot;iso&quot;:&quot;0&quot;,&quot;shutter_speed&quot;:&quot;0&quot;,&quot;title&quot;:&quot;&quot;,&quot;orientation&quot;:&quot;0&quot;}\" data-image-title=\"Klassik entdecken Alles rund um Neue Musik Neue Musik BR KLASSIK Bayerischer Rundfunk\" data-image-description=\"&lt;p&gt;Klassik entdecken Alles rund um Neue Musik Neue Musik BR KLASSIK Bayerischer Rundfunk&lt;\/p&gt;\n\" data-image-caption=\"&lt;p&gt;Klassik entdecken Alles rund um Neue Musik Neue Musik BR KLASSIK Bayerischer Rundfunk&lt;\/p&gt;\n\" data-large-file=\"https:\/\/i0.wp.com\/www.kritische-masse.de\/logbuch\/wp-content\/uploads\/2024\/08\/Klassik-entdecken-Alles-rund-um-Neue-Musik-Neue-Musik-BR-KLASSIK-Bayerischer-Rundfunk.png?fit=1024%2C516&amp;ssl=1\" class=\"size-large wp-image-10062\" title=\"Klassik entdecken Alles rund um Neue Musik Neue Musik BR KLASSIK Bayerischer Rundfunk\" src=\"https:\/\/i0.wp.com\/www.kritische-masse.de\/logbuch\/wp-content\/uploads\/2024\/08\/Klassik-entdecken-Alles-rund-um-Neue-Musik-Neue-Musik-BR-KLASSIK-Bayerischer-Rundfunk.png?resize=840%2C423&#038;ssl=1\" alt=\"Klassik entdecken Alles rund um Neue Musik Neue Musik BR KLASSIK Bayerischer Rundfunk\" width=\"840\" height=\"423\" srcset=\"https:\/\/i0.wp.com\/www.kritische-masse.de\/logbuch\/wp-content\/uploads\/2024\/08\/Klassik-entdecken-Alles-rund-um-Neue-Musik-Neue-Musik-BR-KLASSIK-Bayerischer-Rundfunk.png?resize=1024%2C516&amp;ssl=1 1024w, https:\/\/i0.wp.com\/www.kritische-masse.de\/logbuch\/wp-content\/uploads\/2024\/08\/Klassik-entdecken-Alles-rund-um-Neue-Musik-Neue-Musik-BR-KLASSIK-Bayerischer-Rundfunk.png?resize=300%2C151&amp;ssl=1 300w, https:\/\/i0.wp.com\/www.kritische-masse.de\/logbuch\/wp-content\/uploads\/2024\/08\/Klassik-entdecken-Alles-rund-um-Neue-Musik-Neue-Musik-BR-KLASSIK-Bayerischer-Rundfunk.png?resize=768%2C387&amp;ssl=1 768w, https:\/\/i0.wp.com\/www.kritische-masse.de\/logbuch\/wp-content\/uploads\/2024\/08\/Klassik-entdecken-Alles-rund-um-Neue-Musik-Neue-Musik-BR-KLASSIK-Bayerischer-Rundfunk.png?resize=1536%2C774&amp;ssl=1 1536w, https:\/\/i0.wp.com\/www.kritische-masse.de\/logbuch\/wp-content\/uploads\/2024\/08\/Klassik-entdecken-Alles-rund-um-Neue-Musik-Neue-Musik-BR-KLASSIK-Bayerischer-Rundfunk.png?resize=1320%2C665&amp;ssl=1 1320w, https:\/\/i0.wp.com\/www.kritische-masse.de\/logbuch\/wp-content\/uploads\/2024\/08\/Klassik-entdecken-Alles-rund-um-Neue-Musik-Neue-Musik-BR-KLASSIK-Bayerischer-Rundfunk.png?w=1920&amp;ssl=1 1920w\" sizes=\"auto, (max-width: 840px) 100vw, 840px\" \/><\/a><figcaption id=\"caption-attachment-10062\" class=\"wp-caption-text\">Klassik entdecken Alles rund um Neue Musik Neue Musik BR KLASSIK Bayerischer Rundfunk<\/figcaption><\/figure>\n<p>Ja lebt denn der alte Holzmichel noch? Nein, er ist tot. Der Tod ist das, was bleibt. Und das macht einen dann schon traurig. Und verbittert.<\/p>\n<p>Und so geht es ja weiter, es ist kein Ph\u00e4nomen des Radiofestivals im Sommer. Die n\u00e4chsten f\u00fcnf Eintr\u00e4ge mit jeweils vier Beitr\u00e4gen \u2026 Geburtstage und Nachrufe. Dazwischen ein paar Sendungen zu irgendwas, was auch wichtig war \u2013 oder unvermeidlich.<\/p>\n<p class=\"jetpack-slideshow-noscript robots-nocontent\">Diese Diashow ben\u00f6tigt JavaScript.<\/p><div id=\"gallery-10058-1-slideshow\" class=\"jetpack-slideshow-window jetpack-slideshow jetpack-slideshow-black\" data-trans=\"fade\" data-autostart=\"1\" data-gallery=\"[{&quot;src&quot;:&quot;https:\\\/\\\/i0.wp.com\\\/www.kritische-masse.de\\\/logbuch\\\/wp-content\\\/uploads\\\/2024\\\/08\\\/Klassik-entdecken-Alles-rund-um-Neue-Musik-Neue-Musik-BR-KLASSIK-Bayerischer-Rundfunk1.png?fit=1920%2C967\\u0026ssl=1&quot;,&quot;id&quot;:&quot;10070&quot;,&quot;title&quot;:&quot;Klassik entdecken Alles rund um Neue Musik Neue Musik BR KLASSIK Bayerischer Rundfunk(1)&quot;,&quot;alt&quot;:&quot;Klassik entdecken Alles rund um Neue Musik Neue Musik BR KLASSIK Bayerischer Rundfunk(1)&quot;,&quot;caption&quot;:&quot;Klassik entdecken Alles rund um Neue Musik Neue Musik BR KLASSIK Bayerischer Rundfunk(1)&quot;,&quot;itemprop&quot;:&quot;image&quot;},{&quot;src&quot;:&quot;https:\\\/\\\/i0.wp.com\\\/www.kritische-masse.de\\\/logbuch\\\/wp-content\\\/uploads\\\/2024\\\/08\\\/Klassik-entdecken-Alles-rund-um-Neue-Musik-Neue-Musik-BR-KLASSIK-Bayerischer-Rundfunk2.png?fit=1920%2C967\\u0026ssl=1&quot;,&quot;id&quot;:&quot;10069&quot;,&quot;title&quot;:&quot;Klassik entdecken Alles rund um Neue Musik Neue Musik BR KLASSIK Bayerischer Rundfunk(2)&quot;,&quot;alt&quot;:&quot;Klassik entdecken Alles rund um Neue Musik Neue Musik BR KLASSIK Bayerischer Rundfunk(2)&quot;,&quot;caption&quot;:&quot;Klassik entdecken Alles rund um Neue Musik Neue Musik BR KLASSIK Bayerischer Rundfunk(2)&quot;,&quot;itemprop&quot;:&quot;image&quot;},{&quot;src&quot;:&quot;https:\\\/\\\/i0.wp.com\\\/www.kritische-masse.de\\\/logbuch\\\/wp-content\\\/uploads\\\/2024\\\/08\\\/Klassik-entdecken-Alles-rund-um-Neue-Musik-Neue-Musik-BR-KLASSIK-Bayerischer-Rundfunk3.png?fit=1920%2C967\\u0026ssl=1&quot;,&quot;id&quot;:&quot;10068&quot;,&quot;title&quot;:&quot;Klassik entdecken Alles rund um Neue Musik Neue Musik BR KLASSIK Bayerischer Rundfunk(3)&quot;,&quot;alt&quot;:&quot;Klassik entdecken Alles rund um Neue Musik Neue Musik BR KLASSIK Bayerischer Rundfunk(3)&quot;,&quot;caption&quot;:&quot;Klassik entdecken Alles rund um Neue Musik Neue Musik BR KLASSIK Bayerischer Rundfunk(3)&quot;,&quot;itemprop&quot;:&quot;image&quot;},{&quot;src&quot;:&quot;https:\\\/\\\/i0.wp.com\\\/www.kritische-masse.de\\\/logbuch\\\/wp-content\\\/uploads\\\/2024\\\/08\\\/Klassik-entdecken-Alles-rund-um-Neue-Musik-Neue-Musik-BR-KLASSIK-Bayerischer-Rundfunk4.png?fit=1920%2C967\\u0026ssl=1&quot;,&quot;id&quot;:&quot;10067&quot;,&quot;title&quot;:&quot;Klassik entdecken Alles rund um Neue Musik Neue Musik BR KLASSIK Bayerischer Rundfunk(4)&quot;,&quot;alt&quot;:&quot;Klassik entdecken Alles rund um Neue Musik Neue Musik BR KLASSIK Bayerischer Rundfunk(4)&quot;,&quot;caption&quot;:&quot;Klassik entdecken Alles rund um Neue Musik Neue Musik BR KLASSIK Bayerischer Rundfunk(4)&quot;,&quot;itemprop&quot;:&quot;image&quot;},{&quot;src&quot;:&quot;https:\\\/\\\/i0.wp.com\\\/www.kritische-masse.de\\\/logbuch\\\/wp-content\\\/uploads\\\/2024\\\/08\\\/Klassik-entdecken-Alles-rund-um-Neue-Musik-Neue-Musik-BR-KLASSIK-Bayerischer-Rundfunk5.png?fit=1920%2C967\\u0026ssl=1&quot;,&quot;id&quot;:&quot;10066&quot;,&quot;title&quot;:&quot;Klassik entdecken Alles rund um Neue Musik Neue Musik BR KLASSIK Bayerischer Rundfunk(5)&quot;,&quot;alt&quot;:&quot;Klassik entdecken Alles rund um Neue Musik Neue Musik BR KLASSIK Bayerischer Rundfunk(5)&quot;,&quot;caption&quot;:&quot;Klassik entdecken Alles rund um Neue Musik Neue Musik BR KLASSIK Bayerischer Rundfunk(5)&quot;,&quot;itemprop&quot;:&quot;image&quot;}]\" itemscope itemtype=\"https:\/\/schema.org\/ImageGallery\"><\/div>\n<hr \/>\n<h3><span class=\"ez-toc-section\" id=\"Zurueck_ins_Leben_KI\"><\/span>Zur\u00fcck ins Leben (KI)<span class=\"ez-toc-section-end\"><\/span><\/h3>\n<p>Mit AI aus vergangenen Zeiten zum Beispiel.<\/p>\n<figure id=\"attachment_10063\" aria-describedby=\"caption-attachment-10063\" style=\"width: 693px\" class=\"wp-caption aligncenter\"><a href=\"https:\/\/i0.wp.com\/www.kritische-masse.de\/logbuch\/wp-content\/uploads\/2024\/08\/ai-oder-KI-vor-111-Jahren.-Und-wo-war-der-Aufschrei_-%C2%A9-MH.jpg?ssl=1\"><img data-recalc-dims=\"1\" loading=\"lazy\" decoding=\"async\" data-attachment-id=\"10063\" data-permalink=\"https:\/\/www.kritische-masse.de\/logbuch\/2024\/08\/enzyklopaedie-der-neuen-musik-tod-und-geburtstag\/ai-oder-ki-vor-111-jahren-und-wo-war-der-aufschrei_-mh\/\" data-orig-file=\"https:\/\/i0.wp.com\/www.kritische-masse.de\/logbuch\/wp-content\/uploads\/2024\/08\/ai-oder-KI-vor-111-Jahren.-Und-wo-war-der-Aufschrei_-%C2%A9-MH.jpg?fit=693%2C332&amp;ssl=1\" data-orig-size=\"693,332\" data-comments-opened=\"1\" data-image-meta=\"{&quot;aperture&quot;:&quot;0&quot;,&quot;credit&quot;:&quot;&quot;,&quot;camera&quot;:&quot;&quot;,&quot;caption&quot;:&quot;&quot;,&quot;created_timestamp&quot;:&quot;0&quot;,&quot;copyright&quot;:&quot;&quot;,&quot;focal_length&quot;:&quot;0&quot;,&quot;iso&quot;:&quot;0&quot;,&quot;shutter_speed&quot;:&quot;0&quot;,&quot;title&quot;:&quot;&quot;,&quot;orientation&quot;:&quot;0&quot;}\" data-image-title=\"ai oder KI vor 111 Jahren. Und wo war der Aufschrei \u00a9 MH\" data-image-description=\"&lt;p&gt;ai oder KI vor 111 Jahren. Und wo war der Aufschrei \u00a9 MH&lt;\/p&gt;\n\" data-image-caption=\"&lt;p&gt;ai oder KI vor 111 Jahren. Und wo war der Aufschrei \u00a9 MH&lt;\/p&gt;\n\" data-large-file=\"https:\/\/i0.wp.com\/www.kritische-masse.de\/logbuch\/wp-content\/uploads\/2024\/08\/ai-oder-KI-vor-111-Jahren.-Und-wo-war-der-Aufschrei_-%C2%A9-MH.jpg?fit=693%2C332&amp;ssl=1\" class=\"size-full wp-image-10063\" title=\"ai oder KI vor 111 Jahren. Und wo war der Aufschrei \u00a9 MH\" src=\"https:\/\/i0.wp.com\/www.kritische-masse.de\/logbuch\/wp-content\/uploads\/2024\/08\/ai-oder-KI-vor-111-Jahren.-Und-wo-war-der-Aufschrei_-%C2%A9-MH.jpg?resize=693%2C332&#038;ssl=1\" alt=\"ai oder KI vor 111 Jahren. Und wo war der Aufschrei \u00a9 MH\" width=\"693\" height=\"332\" srcset=\"https:\/\/i0.wp.com\/www.kritische-masse.de\/logbuch\/wp-content\/uploads\/2024\/08\/ai-oder-KI-vor-111-Jahren.-Und-wo-war-der-Aufschrei_-%C2%A9-MH.jpg?w=693&amp;ssl=1 693w, https:\/\/i0.wp.com\/www.kritische-masse.de\/logbuch\/wp-content\/uploads\/2024\/08\/ai-oder-KI-vor-111-Jahren.-Und-wo-war-der-Aufschrei_-%C2%A9-MH.jpg?resize=300%2C144&amp;ssl=1 300w\" sizes=\"auto, (max-width: 693px) 100vw, 693px\" \/><\/a><figcaption id=\"caption-attachment-10063\" class=\"wp-caption-text\">ai oder KI vor 114 Jahren. Und wo war der Aufschrei \u00a9 MH<\/figcaption><\/figure>\n<p>Heute gibt man sich wahrscheinlich nicht mehr mit Vierstimmigkeit ab. Im Zeitalter der Hyperkomplexit\u00e4t darf es schon mal etwas mehr sein. Jedenfalls sehen die Partituren so aus. Was mich zu Wolfgang Rihm zur\u00fcckbringt. Was Rihm so gro\u00dfartig gelungen ist, ist die \u00d6konomie in der Komposition auf dem Papier. Mit nur wenigen Handgriffen holt er h\u00e4ufig ein Maximum an Effekt heraus. Peter Michael Hamel hatte da ein paar Beispiele verlinkt wie den Schwarzen Tanz oder ein paar Erinnerungskompositionen f\u00fcr Klavier solo.<\/p>\n<p><span class=\"embed-youtube\" style=\"text-align:center; display: block;\"><iframe loading=\"lazy\" class=\"youtube-player\" width=\"1200\" height=\"675\" src=\"https:\/\/www.youtube.com\/embed\/vp-sAVHnbts?version=3&#038;rel=1&#038;showsearch=0&#038;showinfo=1&#038;iv_load_policy=1&#038;fs=1&#038;hl=de-DE&#038;autohide=2&#038;wmode=transparent\" allowfullscreen=\"true\" style=\"border:0;\" sandbox=\"allow-scripts allow-same-origin allow-popups allow-presentation allow-popups-to-escape-sandbox\"><\/iframe><\/span><\/p>\n<p>&nbsp;<\/p>\n<hr \/>\n<h3><span class=\"ez-toc-section\" id=\"Zeit_fuer_Werbung\"><\/span>Zeit f\u00fcr Werbung<span class=\"ez-toc-section-end\"><\/span><\/h3>\n<figure id=\"attachment_10065\" aria-describedby=\"caption-attachment-10065\" style=\"width: 840px\" class=\"wp-caption aligncenter\"><a href=\"https:\/\/i0.wp.com\/www.kritische-masse.de\/logbuch\/wp-content\/uploads\/2024\/08\/Manchmal-scheint-es-mir-dass-in-der-Werbeabteilung-der-Firma-Rossmann-die-letzten-aktiven-68er-arbeiten.-Insofern-Gute-Arbeit-Maedels.-laeuft-%C2%A9-MH.jpg?ssl=1\"><img data-recalc-dims=\"1\" loading=\"lazy\" decoding=\"async\" data-attachment-id=\"10065\" data-permalink=\"https:\/\/www.kritische-masse.de\/logbuch\/2024\/08\/enzyklopaedie-der-neuen-musik-tod-und-geburtstag\/manchmal-scheint-es-mir-dass-in-der-werbeabteilung-der-firma-rossmann-die-letzten-aktiven-68er-arbeiten-insofern-gute-arbeit-maedels-laeuft-mh\/\" data-orig-file=\"https:\/\/i0.wp.com\/www.kritische-masse.de\/logbuch\/wp-content\/uploads\/2024\/08\/Manchmal-scheint-es-mir-dass-in-der-Werbeabteilung-der-Firma-Rossmann-die-letzten-aktiven-68er-arbeiten.-Insofern-Gute-Arbeit-Maedels.-laeuft-%C2%A9-MH.jpg?fit=1080%2C1080&amp;ssl=1\" data-orig-size=\"1080,1080\" data-comments-opened=\"1\" data-image-meta=\"{&quot;aperture&quot;:&quot;0&quot;,&quot;credit&quot;:&quot;&quot;,&quot;camera&quot;:&quot;&quot;,&quot;caption&quot;:&quot;&quot;,&quot;created_timestamp&quot;:&quot;0&quot;,&quot;copyright&quot;:&quot;&quot;,&quot;focal_length&quot;:&quot;0&quot;,&quot;iso&quot;:&quot;0&quot;,&quot;shutter_speed&quot;:&quot;0&quot;,&quot;title&quot;:&quot;&quot;,&quot;orientation&quot;:&quot;0&quot;}\" data-image-title=\"Manchmal scheint es mir, dass in der Werbeabteilung der Firma Rossmann die letzten aktiven 68er arbeiten. Insofern Gute Arbeit, Ma\u0308dels. #la\u0308uft \u00a9 MH\" data-image-description=\"&lt;p&gt;Manchmal scheint es mir, dass in der Werbeabteilung der Firma Rossmann die letzten aktiven 68er arbeiten. Insofern Gute Arbeit, Ma\u0308dels. #la\u0308uft \u00a9 MH&lt;\/p&gt;\n\" data-image-caption=\"&lt;p&gt;Manchmal scheint es mir, dass in der Werbeabteilung der Firma Rossmann die letzten aktiven 68er arbeiten. Insofern Gute Arbeit, Ma\u0308dels. #la\u0308uft \u00a9 MH&lt;\/p&gt;\n\" data-large-file=\"https:\/\/i0.wp.com\/www.kritische-masse.de\/logbuch\/wp-content\/uploads\/2024\/08\/Manchmal-scheint-es-mir-dass-in-der-Werbeabteilung-der-Firma-Rossmann-die-letzten-aktiven-68er-arbeiten.-Insofern-Gute-Arbeit-Maedels.-laeuft-%C2%A9-MH.jpg?fit=1024%2C1024&amp;ssl=1\" class=\"size-large wp-image-10065\" title=\"Manchmal scheint es mir, dass in der Werbeabteilung der Firma Rossmann die letzten aktiven 68er arbeiten. Insofern Gute Arbeit, Ma\u0308dels. #la\u0308uft \u00a9 MH\" src=\"https:\/\/i0.wp.com\/www.kritische-masse.de\/logbuch\/wp-content\/uploads\/2024\/08\/Manchmal-scheint-es-mir-dass-in-der-Werbeabteilung-der-Firma-Rossmann-die-letzten-aktiven-68er-arbeiten.-Insofern-Gute-Arbeit-Maedels.-laeuft-%C2%A9-MH.jpg?resize=840%2C840&#038;ssl=1\" alt=\"Manchmal scheint es mir, dass in der Werbeabteilung der Firma Rossmann die letzten aktiven 68er arbeiten. Insofern Gute Arbeit, Ma\u0308dels. #la\u0308uft \u00a9 MH\" width=\"840\" height=\"840\" srcset=\"https:\/\/i0.wp.com\/www.kritische-masse.de\/logbuch\/wp-content\/uploads\/2024\/08\/Manchmal-scheint-es-mir-dass-in-der-Werbeabteilung-der-Firma-Rossmann-die-letzten-aktiven-68er-arbeiten.-Insofern-Gute-Arbeit-Maedels.-laeuft-%C2%A9-MH.jpg?resize=1024%2C1024&amp;ssl=1 1024w, https:\/\/i0.wp.com\/www.kritische-masse.de\/logbuch\/wp-content\/uploads\/2024\/08\/Manchmal-scheint-es-mir-dass-in-der-Werbeabteilung-der-Firma-Rossmann-die-letzten-aktiven-68er-arbeiten.-Insofern-Gute-Arbeit-Maedels.-laeuft-%C2%A9-MH.jpg?resize=300%2C300&amp;ssl=1 300w, https:\/\/i0.wp.com\/www.kritische-masse.de\/logbuch\/wp-content\/uploads\/2024\/08\/Manchmal-scheint-es-mir-dass-in-der-Werbeabteilung-der-Firma-Rossmann-die-letzten-aktiven-68er-arbeiten.-Insofern-Gute-Arbeit-Maedels.-laeuft-%C2%A9-MH.jpg?resize=150%2C150&amp;ssl=1 150w, https:\/\/i0.wp.com\/www.kritische-masse.de\/logbuch\/wp-content\/uploads\/2024\/08\/Manchmal-scheint-es-mir-dass-in-der-Werbeabteilung-der-Firma-Rossmann-die-letzten-aktiven-68er-arbeiten.-Insofern-Gute-Arbeit-Maedels.-laeuft-%C2%A9-MH.jpg?resize=768%2C768&amp;ssl=1 768w, https:\/\/i0.wp.com\/www.kritische-masse.de\/logbuch\/wp-content\/uploads\/2024\/08\/Manchmal-scheint-es-mir-dass-in-der-Werbeabteilung-der-Firma-Rossmann-die-letzten-aktiven-68er-arbeiten.-Insofern-Gute-Arbeit-Maedels.-laeuft-%C2%A9-MH.jpg?w=1080&amp;ssl=1 1080w\" sizes=\"auto, (max-width: 840px) 100vw, 840px\" \/><\/a><figcaption id=\"caption-attachment-10065\" class=\"wp-caption-text\">Manchmal scheint es mir, dass in der Werbeabteilung der Firma Rossmann die letzten aktiven 68er arbeiten. Insofern Gute Arbeit, Ma\u0308dels. #la\u0308uft \u00a9 MH<\/figcaption><\/figure>\n<hr \/>\n<p>Kommen Sie gut in die Woche.<\/p>\n<div class=\"shariff shariff-align-left shariff-widget-align-left\"><ul class=\"shariff-buttons theme-white orientation-horizontal buttonsize-small\"><li class=\"shariff-button mastodon shariff-nocustomcolor\" style=\"background-color:#563ACC\"><a href=\"https:\/\/s2f.kytta.dev\/?text=Enzyklop%C3%A4die%20der%20Neuen%20Musik%3A%20Tod%20und%20Geburtstag https%3A%2F%2Fwww.kritische-masse.de%2Flogbuch%2F2024%2F08%2Fenzyklopaedie-der-neuen-musik-tod-und-geburtstag%2F\" title=\"Bei Mastodon teilen\" aria-label=\"Bei Mastodon teilen\" role=\"button\" rel=\"noopener nofollow\" class=\"shariff-link\" style=\"; background-color:#6364FF; color:#6364FF\" target=\"_blank\"><span class=\"shariff-icon\" style=\"fill:#6364FF\"><svg width=\"75\" height=\"79\" viewBox=\"0 0 75 79\" fill=\"none\" xmlns=\"http:\/\/www.w3.org\/2000\/svg\"><path d=\"M37.813-.025C32.462-.058 27.114.13 21.79.598c-8.544.621-17.214 5.58-20.203 13.931C-1.12 23.318.408 32.622.465 41.65c.375 7.316.943 14.78 3.392 21.73 4.365 9.465 14.781 14.537 24.782 15.385 7.64.698 15.761-.213 22.517-4.026a54.1 54.1 0 0 0 .01-6.232c-6.855 1.316-14.101 2.609-21.049 1.074-3.883-.88-6.876-4.237-7.25-8.215-1.53-3.988 3.78-.43 5.584-.883 9.048 1.224 18.282.776 27.303-.462 7.044-.837 14.26-4.788 16.65-11.833 2.263-6.135 1.215-12.79 1.698-19.177.06-3.84.09-7.692-.262-11.52C72.596 7.844 63.223.981 53.834.684a219.453 219.453 0 0 0-16.022-.71zm11.294 12.882c5.5-.067 10.801 4.143 11.67 9.653.338 1.48.471 3 .471 4.515v21.088h-8.357c-.07-7.588.153-15.182-.131-22.765-.587-4.368-7.04-5.747-9.672-2.397-2.422 3.04-1.47 7.155-1.67 10.735v6.392h-8.307c-.146-4.996.359-10.045-.404-15.002-1.108-4.218-7.809-5.565-10.094-1.666-1.685 3.046-.712 6.634-.976 9.936v14.767h-8.354c.109-8.165-.238-16.344.215-24.5.674-5.346 5.095-10.389 10.676-10.627 4.902-.739 10.103 2.038 12.053 6.631.375 1.435 1.76 1.932 1.994.084 1.844-3.704 5.501-6.739 9.785-6.771.367-.044.735-.068 1.101-.073z\"\/><defs><linearGradient id=\"paint0_linear_549_34\" x1=\"37.0692\" y1=\"0\" x2=\"37.0692\" y2=\"79\" gradientUnits=\"userSpaceOnUse\"><stop stop-color=\"#6364FF\"\/><stop offset=\"1\" stop-color=\"#563ACC\"\/><\/linearGradient><\/defs><\/svg><\/span><span class=\"shariff-text\" style=\"color:#6364FF\">teilen<\/span>&nbsp;<\/a><\/li><li class=\"shariff-button bluesky shariff-nocustomcolor\" style=\"background-color:#84c4ff\"><a href=\"https:\/\/bsky.app\/intent\/compose?text=Enzyklop%C3%A4die%20der%20Neuen%20Musik%3A%20Tod%20und%20Geburtstag https%3A%2F%2Fwww.kritische-masse.de%2Flogbuch%2F2024%2F08%2Fenzyklopaedie-der-neuen-musik-tod-und-geburtstag%2F \" title=\"Bei Bluesky teilen\" aria-label=\"Bei Bluesky teilen\" role=\"button\" rel=\"noopener nofollow\" class=\"shariff-link\" style=\"; background-color:#0085ff; color:#0085ff\" target=\"_blank\"><span class=\"shariff-icon\" style=\"fill:#0085ff\"><svg width=\"20\" height=\"20\" version=\"1.1\" xmlns=\"http:\/\/www.w3.org\/2000\/svg\" viewBox=\"0 0 20 20\"><path class=\"st0\" d=\"M4.89,3.12c2.07,1.55,4.3,4.71,5.11,6.4.82-1.69,3.04-4.84,5.11-6.4,1.49-1.12,3.91-1.99,3.91.77,0,.55-.32,4.63-.5,5.3-.64,2.3-2.99,2.89-5.08,2.54,3.65.62,4.58,2.68,2.57,4.74-3.81,3.91-5.48-.98-5.9-2.23-.08-.23-.11-.34-.12-.25,0-.09-.04.02-.12.25-.43,1.25-2.09,6.14-5.9,2.23-2.01-2.06-1.08-4.12,2.57-4.74-2.09.36-4.44-.23-5.08-2.54-.19-.66-.5-4.74-.5-5.3,0-2.76,2.42-1.89,3.91-.77h0Z\"\/><\/svg><\/span><span class=\"shariff-text\" style=\"color:#0085ff\">teilen<\/span>&nbsp;<\/a><\/li><li class=\"shariff-button threema shariff-nocustomcolor shariff-mobile\" style=\"background-color:#4fbc24\"><a href=\"threema:\/\/compose?text=Enzyklop%C3%A4die%20der%20Neuen%20Musik%3A%20Tod%20und%20Geburtstag%20https%3A%2F%2Fwww.kritische-masse.de%2Flogbuch%2F2024%2F08%2Fenzyklopaedie-der-neuen-musik-tod-und-geburtstag%2F\" title=\"Bei Threema teilen\" aria-label=\"Bei Threema teilen\" role=\"button\" rel=\"noopener nofollow\" class=\"shariff-link\" style=\"; background-color:#1f1f1f; color:#1f1f1f\" target=\"_blank\"><span class=\"shariff-icon\" style=\"fill:#1f1f1f\"><svg width=\"32px\" height=\"20px\" xmlns=\"http:\/\/www.w3.org\/2000\/svg\" viewBox=\"0 0 32 32\"><path fill=\"#1f1f1f\" d=\"M30.8 10.9c-0.3-1.4-0.9-2.6-1.8-3.8-2-2.6-5.5-4.5-9.4-5.2-1.3-0.2-1.9-0.3-3.5-0.3s-2.2 0-3.5 0.3c-4 0.7-7.4 2.6-9.4 5.2-0.9 1.2-1.5 2.4-1.8 3.8-0.1 0.5-0.2 1.2-0.2 1.6 0 0.4 0.1 1.1 0.2 1.6 0.4 1.9 1.3 3.4 2.9 5 0.8 0.8 0.8 0.8 0.7 1.3 0 0.6-0.5 1.6-1.7 3.6-0.3 0.5-0.5 0.9-0.5 0.9 0 0.1 0.1 0.1 0.5 0 0.8-0.2 2.3-0.6 5.6-1.6 1.1-0.3 1.3-0.4 2.3-0.4 0.8 0 1.1 0 2.3 0.2 1.5 0.2 3.5 0.2 4.9 0 5.1-0.6 9.3-2.9 11.4-6.3 0.5-0.9 0.9-1.8 1.1-2.8 0.1-0.5 0.2-1.1 0.2-1.6 0-0.7-0.1-1.1-0.2-1.6-0.3-1.4 0.1 0.5 0 0zM20.6 17.3c0 0.4-0.4 0.8-0.8 0.8h-7.7c-0.4 0-0.8-0.4-0.8-0.8v-4.6c0-0.4 0.4-0.8 0.8-0.8h0.2l0-1.6c0-0.9 0-1.8 0.1-2 0.1-0.6 0.6-1.2 1.1-1.7s1.1-0.7 1.9-0.8c1.8-0.3 3.7 0.7 4.2 2.2 0.1 0.3 0.1 0.7 0.1 2.1v0 1.7h0.1c0.4 0 0.8 0.4 0.8 0.8v4.6zM15.6 7.3c-0.5 0.1-0.8 0.3-1.2 0.6s-0.6 0.8-0.7 1.3c0 0.2 0 0.8 0 1.5l0 1.2h4.6v-1.3c0-1 0-1.4-0.1-1.6-0.3-1.1-1.5-1.9-2.6-1.7zM25.8 28.2c0 1.2-1 2.2-2.1 2.2s-2.1-1-2.1-2.1c0-1.2 1-2.1 2.2-2.1s2.2 1 2.2 2.2zM18.1 28.2c0 1.2-1 2.2-2.1 2.2s-2.1-1-2.1-2.1c0-1.2 1-2.1 2.2-2.1s2.2 1 2.2 2.2zM10.4 28.2c0 1.2-1 2.2-2.1 2.2s-2.1-1-2.1-2.1c0-1.2 1-2.1 2.2-2.1s2.2 1 2.2 2.2z\"\/><\/svg><\/span><span class=\"shariff-text\" style=\"color:#1f1f1f\">teilen<\/span>&nbsp;<\/a><\/li><li class=\"shariff-button facebook shariff-nocustomcolor\" style=\"background-color:#4273c8\"><a href=\"https:\/\/www.facebook.com\/sharer\/sharer.php?u=https%3A%2F%2Fwww.kritische-masse.de%2Flogbuch%2F2024%2F08%2Fenzyklopaedie-der-neuen-musik-tod-und-geburtstag%2F\" title=\"Bei Facebook teilen\" aria-label=\"Bei Facebook teilen\" role=\"button\" rel=\"nofollow\" class=\"shariff-link\" style=\"; background-color:#3b5998; color:#3b5998\" target=\"_blank\"><span class=\"shariff-icon\" style=\"fill:#3b5998\"><svg width=\"32px\" height=\"20px\" xmlns=\"http:\/\/www.w3.org\/2000\/svg\" viewBox=\"0 0 18 32\"><path fill=\"#3b5998\" d=\"M17.1 0.2v4.7h-2.8q-1.5 0-2.1 0.6t-0.5 1.9v3.4h5.2l-0.7 5.3h-4.5v13.6h-5.5v-13.6h-4.5v-5.3h4.5v-3.9q0-3.3 1.9-5.2t5-1.8q2.6 0 4.1 0.2z\"\/><\/svg><\/span><span class=\"shariff-text\" style=\"color:#3b5998\">teilen<\/span>&nbsp;<\/a><\/li><li class=\"shariff-button info shariff-nocustomcolor\" style=\"background-color:#a8a8a8\"><a href=\"http:\/\/ct.de\/-2467514\" title=\"Weitere Informationen\" aria-label=\"Weitere Informationen\" role=\"button\" rel=\"noopener \" class=\"shariff-link\" style=\"; background-color:#999; color:#999\" target=\"_blank\"><span class=\"shariff-icon\" style=\"fill:#999\"><svg width=\"32px\" height=\"20px\" xmlns=\"http:\/\/www.w3.org\/2000\/svg\" viewBox=\"0 0 11 32\"><path fill=\"#999\" d=\"M11.4 24v2.3q0 0.5-0.3 0.8t-0.8 0.4h-9.1q-0.5 0-0.8-0.4t-0.4-0.8v-2.3q0-0.5 0.4-0.8t0.8-0.4h1.1v-6.8h-1.1q-0.5 0-0.8-0.4t-0.4-0.8v-2.3q0-0.5 0.4-0.8t0.8-0.4h6.8q0.5 0 0.8 0.4t0.4 0.8v10.3h1.1q0.5 0 0.8 0.4t0.3 0.8zM9.2 3.4v3.4q0 0.5-0.4 0.8t-0.8 0.4h-4.6q-0.4 0-0.8-0.4t-0.4-0.8v-3.4q0-0.4 0.4-0.8t0.8-0.4h4.6q0.5 0 0.8 0.4t0.4 0.8z\"\/><\/svg><\/span><\/a><\/li><\/ul><\/div>","protected":false},"excerpt":{"rendered":"<p>Neue Musik im Radio beim Bayerischen Rundfunk \u2013 Wenn man dabei sein will, muss man mindestens 70 Jahre alt sein oder frisch gestorben (und bitte gerne auch alt dazu). +++ Neue Einfachheit ist viel zu komplex. +++ Wie Werbung tickt oder sticht \u2026 <\/p>\n<div class=\"shariff shariff-align-left shariff-widget-align-left\"><ul class=\"shariff-buttons theme-white orientation-horizontal buttonsize-small\"><li class=\"shariff-button mastodon shariff-nocustomcolor\" style=\"background-color:#563ACC\"><a href=\"https:\/\/s2f.kytta.dev\/?text=Enzyklop%C3%A4die%20der%20Neuen%20Musik%3A%20Tod%20und%20Geburtstag https%3A%2F%2Fwww.kritische-masse.de%2Flogbuch%2F2024%2F08%2Fenzyklopaedie-der-neuen-musik-tod-und-geburtstag%2F\" title=\"Bei Mastodon teilen\" aria-label=\"Bei Mastodon teilen\" role=\"button\" rel=\"noopener nofollow\" class=\"shariff-link\" style=\"; background-color:#6364FF; color:#6364FF\" target=\"_blank\"><span class=\"shariff-icon\" style=\"fill:#6364FF\"><svg width=\"75\" height=\"79\" viewBox=\"0 0 75 79\" fill=\"none\" xmlns=\"http:\/\/www.w3.org\/2000\/svg\"><path d=\"M37.813-.025C32.462-.058 27.114.13 21.79.598c-8.544.621-17.214 5.58-20.203 13.931C-1.12 23.318.408 32.622.465 41.65c.375 7.316.943 14.78 3.392 21.73 4.365 9.465 14.781 14.537 24.782 15.385 7.64.698 15.761-.213 22.517-4.026a54.1 54.1 0 0 0 .01-6.232c-6.855 1.316-14.101 2.609-21.049 1.074-3.883-.88-6.876-4.237-7.25-8.215-1.53-3.988 3.78-.43 5.584-.883 9.048 1.224 18.282.776 27.303-.462 7.044-.837 14.26-4.788 16.65-11.833 2.263-6.135 1.215-12.79 1.698-19.177.06-3.84.09-7.692-.262-11.52C72.596 7.844 63.223.981 53.834.684a219.453 219.453 0 0 0-16.022-.71zm11.294 12.882c5.5-.067 10.801 4.143 11.67 9.653.338 1.48.471 3 .471 4.515v21.088h-8.357c-.07-7.588.153-15.182-.131-22.765-.587-4.368-7.04-5.747-9.672-2.397-2.422 3.04-1.47 7.155-1.67 10.735v6.392h-8.307c-.146-4.996.359-10.045-.404-15.002-1.108-4.218-7.809-5.565-10.094-1.666-1.685 3.046-.712 6.634-.976 9.936v14.767h-8.354c.109-8.165-.238-16.344.215-24.5.674-5.346 5.095-10.389 10.676-10.627 4.902-.739 10.103 2.038 12.053 6.631.375 1.435 1.76 1.932 1.994.084 1.844-3.704 5.501-6.739 9.785-6.771.367-.044.735-.068 1.101-.073z\"\/><defs><linearGradient id=\"paint0_linear_549_34\" x1=\"37.0692\" y1=\"0\" x2=\"37.0692\" y2=\"79\" gradientUnits=\"userSpaceOnUse\"><stop stop-color=\"#6364FF\"\/><stop offset=\"1\" stop-color=\"#563ACC\"\/><\/linearGradient><\/defs><\/svg><\/span><span class=\"shariff-text\" style=\"color:#6364FF\">teilen<\/span>&nbsp;<\/a><\/li><li class=\"shariff-button bluesky shariff-nocustomcolor\" style=\"background-color:#84c4ff\"><a href=\"https:\/\/bsky.app\/intent\/compose?text=Enzyklop%C3%A4die%20der%20Neuen%20Musik%3A%20Tod%20und%20Geburtstag https%3A%2F%2Fwww.kritische-masse.de%2Flogbuch%2F2024%2F08%2Fenzyklopaedie-der-neuen-musik-tod-und-geburtstag%2F \" title=\"Bei Bluesky teilen\" aria-label=\"Bei Bluesky teilen\" role=\"button\" rel=\"noopener nofollow\" class=\"shariff-link\" style=\"; background-color:#0085ff; color:#0085ff\" target=\"_blank\"><span class=\"shariff-icon\" style=\"fill:#0085ff\"><svg width=\"20\" height=\"20\" version=\"1.1\" xmlns=\"http:\/\/www.w3.org\/2000\/svg\" viewBox=\"0 0 20 20\"><path class=\"st0\" d=\"M4.89,3.12c2.07,1.55,4.3,4.71,5.11,6.4.82-1.69,3.04-4.84,5.11-6.4,1.49-1.12,3.91-1.99,3.91.77,0,.55-.32,4.63-.5,5.3-.64,2.3-2.99,2.89-5.08,2.54,3.65.62,4.58,2.68,2.57,4.74-3.81,3.91-5.48-.98-5.9-2.23-.08-.23-.11-.34-.12-.25,0-.09-.04.02-.12.25-.43,1.25-2.09,6.14-5.9,2.23-2.01-2.06-1.08-4.12,2.57-4.74-2.09.36-4.44-.23-5.08-2.54-.19-.66-.5-4.74-.5-5.3,0-2.76,2.42-1.89,3.91-.77h0Z\"\/><\/svg><\/span><span class=\"shariff-text\" style=\"color:#0085ff\">teilen<\/span>&nbsp;<\/a><\/li><li class=\"shariff-button threema shariff-nocustomcolor shariff-mobile\" style=\"background-color:#4fbc24\"><a href=\"threema:\/\/compose?text=Enzyklop%C3%A4die%20der%20Neuen%20Musik%3A%20Tod%20und%20Geburtstag%20https%3A%2F%2Fwww.kritische-masse.de%2Flogbuch%2F2024%2F08%2Fenzyklopaedie-der-neuen-musik-tod-und-geburtstag%2F\" title=\"Bei Threema teilen\" aria-label=\"Bei Threema teilen\" role=\"button\" rel=\"noopener nofollow\" class=\"shariff-link\" style=\"; background-color:#1f1f1f; color:#1f1f1f\" target=\"_blank\"><span class=\"shariff-icon\" style=\"fill:#1f1f1f\"><svg width=\"32px\" height=\"20px\" xmlns=\"http:\/\/www.w3.org\/2000\/svg\" viewBox=\"0 0 32 32\"><path fill=\"#1f1f1f\" d=\"M30.8 10.9c-0.3-1.4-0.9-2.6-1.8-3.8-2-2.6-5.5-4.5-9.4-5.2-1.3-0.2-1.9-0.3-3.5-0.3s-2.2 0-3.5 0.3c-4 0.7-7.4 2.6-9.4 5.2-0.9 1.2-1.5 2.4-1.8 3.8-0.1 0.5-0.2 1.2-0.2 1.6 0 0.4 0.1 1.1 0.2 1.6 0.4 1.9 1.3 3.4 2.9 5 0.8 0.8 0.8 0.8 0.7 1.3 0 0.6-0.5 1.6-1.7 3.6-0.3 0.5-0.5 0.9-0.5 0.9 0 0.1 0.1 0.1 0.5 0 0.8-0.2 2.3-0.6 5.6-1.6 1.1-0.3 1.3-0.4 2.3-0.4 0.8 0 1.1 0 2.3 0.2 1.5 0.2 3.5 0.2 4.9 0 5.1-0.6 9.3-2.9 11.4-6.3 0.5-0.9 0.9-1.8 1.1-2.8 0.1-0.5 0.2-1.1 0.2-1.6 0-0.7-0.1-1.1-0.2-1.6-0.3-1.4 0.1 0.5 0 0zM20.6 17.3c0 0.4-0.4 0.8-0.8 0.8h-7.7c-0.4 0-0.8-0.4-0.8-0.8v-4.6c0-0.4 0.4-0.8 0.8-0.8h0.2l0-1.6c0-0.9 0-1.8 0.1-2 0.1-0.6 0.6-1.2 1.1-1.7s1.1-0.7 1.9-0.8c1.8-0.3 3.7 0.7 4.2 2.2 0.1 0.3 0.1 0.7 0.1 2.1v0 1.7h0.1c0.4 0 0.8 0.4 0.8 0.8v4.6zM15.6 7.3c-0.5 0.1-0.8 0.3-1.2 0.6s-0.6 0.8-0.7 1.3c0 0.2 0 0.8 0 1.5l0 1.2h4.6v-1.3c0-1 0-1.4-0.1-1.6-0.3-1.1-1.5-1.9-2.6-1.7zM25.8 28.2c0 1.2-1 2.2-2.1 2.2s-2.1-1-2.1-2.1c0-1.2 1-2.1 2.2-2.1s2.2 1 2.2 2.2zM18.1 28.2c0 1.2-1 2.2-2.1 2.2s-2.1-1-2.1-2.1c0-1.2 1-2.1 2.2-2.1s2.2 1 2.2 2.2zM10.4 28.2c0 1.2-1 2.2-2.1 2.2s-2.1-1-2.1-2.1c0-1.2 1-2.1 2.2-2.1s2.2 1 2.2 2.2z\"\/><\/svg><\/span><span class=\"shariff-text\" style=\"color:#1f1f1f\">teilen<\/span>&nbsp;<\/a><\/li><li class=\"shariff-button facebook shariff-nocustomcolor\" style=\"background-color:#4273c8\"><a href=\"https:\/\/www.facebook.com\/sharer\/sharer.php?u=https%3A%2F%2Fwww.kritische-masse.de%2Flogbuch%2F2024%2F08%2Fenzyklopaedie-der-neuen-musik-tod-und-geburtstag%2F\" title=\"Bei Facebook teilen\" aria-label=\"Bei Facebook teilen\" role=\"button\" rel=\"nofollow\" class=\"shariff-link\" style=\"; background-color:#3b5998; color:#3b5998\" target=\"_blank\"><span class=\"shariff-icon\" style=\"fill:#3b5998\"><svg width=\"32px\" height=\"20px\" xmlns=\"http:\/\/www.w3.org\/2000\/svg\" viewBox=\"0 0 18 32\"><path fill=\"#3b5998\" d=\"M17.1 0.2v4.7h-2.8q-1.5 0-2.1 0.6t-0.5 1.9v3.4h5.2l-0.7 5.3h-4.5v13.6h-5.5v-13.6h-4.5v-5.3h4.5v-3.9q0-3.3 1.9-5.2t5-1.8q2.6 0 4.1 0.2z\"\/><\/svg><\/span><span class=\"shariff-text\" style=\"color:#3b5998\">teilen<\/span>&nbsp;<\/a><\/li><li class=\"shariff-button info shariff-nocustomcolor\" style=\"background-color:#a8a8a8\"><a href=\"http:\/\/ct.de\/-2467514\" title=\"Weitere Informationen\" aria-label=\"Weitere Informationen\" role=\"button\" rel=\"noopener \" class=\"shariff-link\" style=\"; background-color:#999; color:#999\" target=\"_blank\"><span class=\"shariff-icon\" style=\"fill:#999\"><svg width=\"32px\" height=\"20px\" xmlns=\"http:\/\/www.w3.org\/2000\/svg\" viewBox=\"0 0 11 32\"><path fill=\"#999\" d=\"M11.4 24v2.3q0 0.5-0.3 0.8t-0.8 0.4h-9.1q-0.5 0-0.8-0.4t-0.4-0.8v-2.3q0-0.5 0.4-0.8t0.8-0.4h1.1v-6.8h-1.1q-0.5 0-0.8-0.4t-0.4-0.8v-2.3q0-0.5 0.4-0.8t0.8-0.4h6.8q0.5 0 0.8 0.4t0.4 0.8v10.3h1.1q0.5 0 0.8 0.4t0.3 0.8zM9.2 3.4v3.4q0 0.5-0.4 0.8t-0.8 0.4h-4.6q-0.4 0-0.8-0.4t-0.4-0.8v-3.4q0-0.4 0.4-0.8t0.8-0.4h4.6q0.5 0 0.8 0.4t0.4 0.8z\"\/><\/svg><\/span><\/a><\/li><\/ul><\/div>","protected":false},"author":1,"featured_media":10074,"comment_status":"open","ping_status":"open","sticky":false,"template":"","format":"standard","meta":{"ocean_post_layout":"","ocean_both_sidebars_style":"","ocean_both_sidebars_content_width":0,"ocean_both_sidebars_sidebars_width":0,"ocean_sidebar":"","ocean_second_sidebar":"","ocean_disable_margins":"enable","ocean_add_body_class":"","ocean_shortcode_before_top_bar":"","ocean_shortcode_after_top_bar":"","ocean_shortcode_before_header":"","ocean_shortcode_after_header":"","ocean_has_shortcode":"","ocean_shortcode_after_title":"","ocean_shortcode_before_footer_widgets":"","ocean_shortcode_after_footer_widgets":"","ocean_shortcode_before_footer_bottom":"","ocean_shortcode_after_footer_bottom":"","ocean_display_top_bar":"default","ocean_display_header":"default","ocean_header_style":"","ocean_center_header_left_menu":"","ocean_custom_header_template":"","ocean_custom_logo":0,"ocean_custom_retina_logo":0,"ocean_custom_logo_max_width":0,"ocean_custom_logo_tablet_max_width":0,"ocean_custom_logo_mobile_max_width":0,"ocean_custom_logo_max_height":0,"ocean_custom_logo_tablet_max_height":0,"ocean_custom_logo_mobile_max_height":0,"ocean_header_custom_menu":"","ocean_menu_typo_font_family":"","ocean_menu_typo_font_subset":"","ocean_menu_typo_font_size":0,"ocean_menu_typo_font_size_tablet":0,"ocean_menu_typo_font_size_mobile":0,"ocean_menu_typo_font_size_unit":"px","ocean_menu_typo_font_weight":"","ocean_menu_typo_font_weight_tablet":"","ocean_menu_typo_font_weight_mobile":"","ocean_menu_typo_transform":"","ocean_menu_typo_transform_tablet":"","ocean_menu_typo_transform_mobile":"","ocean_menu_typo_line_height":0,"ocean_menu_typo_line_height_tablet":0,"ocean_menu_typo_line_height_mobile":0,"ocean_menu_typo_line_height_unit":"","ocean_menu_typo_spacing":0,"ocean_menu_typo_spacing_tablet":0,"ocean_menu_typo_spacing_mobile":0,"ocean_menu_typo_spacing_unit":"","ocean_menu_link_color":"","ocean_menu_link_color_hover":"","ocean_menu_link_color_active":"","ocean_menu_link_background":"","ocean_menu_link_hover_background":"","ocean_menu_link_active_background":"","ocean_menu_social_links_bg":"","ocean_menu_social_hover_links_bg":"","ocean_menu_social_links_color":"","ocean_menu_social_hover_links_color":"","ocean_disable_title":"default","ocean_disable_heading":"default","ocean_post_title":"","ocean_post_subheading":"","ocean_post_title_style":"","ocean_post_title_background_color":"","ocean_post_title_background":0,"ocean_post_title_bg_image_position":"","ocean_post_title_bg_image_attachment":"","ocean_post_title_bg_image_repeat":"","ocean_post_title_bg_image_size":"","ocean_post_title_height":0,"ocean_post_title_bg_overlay":0.5,"ocean_post_title_bg_overlay_color":"","ocean_disable_breadcrumbs":"default","ocean_breadcrumbs_color":"","ocean_breadcrumbs_separator_color":"","ocean_breadcrumbs_links_color":"","ocean_breadcrumbs_links_hover_color":"","ocean_display_footer_widgets":"default","ocean_display_footer_bottom":"default","ocean_custom_footer_template":"","osh_disable_topbar_sticky":"default","osh_disable_header_sticky":"default","osh_sticky_header_style":"default","osh_sticky_header_effect":"","osh_custom_sticky_logo":0,"osh_custom_retina_sticky_logo":0,"osh_custom_sticky_logo_height":0,"osh_background_color":"","osh_links_color":"","osh_links_hover_color":"","osh_links_active_color":"","osh_links_bg_color":"","osh_links_hover_bg_color":"","osh_links_active_bg_color":"","osh_menu_social_links_color":"","osh_menu_social_hover_links_color":"","_FSMCFIC_featured_image_caption":"","_FSMCFIC_featured_image_nocaption":"","_FSMCFIC_featured_image_hide":"","_metis_text_type":"standard","_metis_text_length":1671,"_post_count":0,"_jetpack_memberships_contains_paid_content":false,"activitypub_content_warning":"","activitypub_content_visibility":"","activitypub_max_image_attachments":4,"activitypub_interaction_policy_quote":"anyone","activitypub_status":"","ocean_post_oembed":"","ocean_post_self_hosted_media":"","ocean_post_video_embed":"","ocean_link_format":"","ocean_link_format_target":"self","ocean_quote_format":"","ocean_quote_format_link":"post","ocean_gallery_link_images":"on","ocean_gallery_id":[],"footnotes":"","jetpack_publicize_message":"","jetpack_publicize_feature_enabled":true,"jetpack_social_post_already_shared":true,"jetpack_social_options":{"image_generator_settings":{"template":"highway","default_image_id":0,"font":"","enabled":false},"version":2}},"categories":[2647,2652,2884],"tags":[3055,3214,3994,4001],"class_list":["post-10058","post","type-post","status-publish","format-standard","has-post-thumbnail","hentry","category-angriffauf","category-diemusik","category-enzyklopaedie-der-neuen-musik","tag-br-klassik","tag-enzyklopaedie-der-neuen-musik","tag-radio","tag-wolfgang-rihm","entry","has-media"],"yoast_head":"<!-- This site is optimized with the Yoast SEO plugin v27.5 - https:\/\/yoast.com\/product\/yoast-seo-wordpress\/ -->\n<title>Enzyklop\u00e4die der Neuen Musik: Tod und Geburtstag - Kritische Masse<\/title>\n<meta name=\"robots\" content=\"index, follow, max-snippet:-1, max-image-preview:large, max-video-preview:-1\" \/>\n<link rel=\"canonical\" href=\"https:\/\/www.kritische-masse.de\/logbuch\/2024\/08\/enzyklopaedie-der-neuen-musik-tod-und-geburtstag\/\" \/>\n<meta property=\"og:locale\" content=\"de_DE\" \/>\n<meta property=\"og:type\" content=\"article\" \/>\n<meta property=\"og:title\" content=\"Enzyklop\u00e4die der Neuen Musik: Tod und Geburtstag - Kritische Masse\" \/>\n<meta property=\"og:description\" content=\"Neue Musik im Radio beim Bayerischen Rundfunk \u2013 Wenn man dabei sein will, muss man mindestens 70 Jahre alt sein oder frisch gestorben (und bitte gerne auch alt dazu). +++ Neue Einfachheit ist viel zu komplex. +++ Wie Werbung tickt oder sticht \u2026\" \/>\n<meta property=\"og:url\" content=\"https:\/\/www.kritische-masse.de\/logbuch\/2024\/08\/enzyklopaedie-der-neuen-musik-tod-und-geburtstag\/\" \/>\n<meta property=\"og:site_name\" content=\"Kritische Masse\" \/>\n<meta property=\"article:publisher\" content=\"https:\/\/www.facebook.com\/hufner\" \/>\n<meta property=\"article:author\" content=\"https:\/\/www.facebook.com\/hufner\" \/>\n<meta property=\"article:published_time\" content=\"2024-08-05T09:28:56+00:00\" \/>\n<meta property=\"article:modified_time\" content=\"2024-08-05T11:04:26+00:00\" \/>\n<meta property=\"og:image\" content=\"https:\/\/www.kritische-masse.de\/logbuch\/wp-content\/uploads\/2024\/08\/ai-oder-KI-vor-111-Jahren.-Und-wo-war-der-Aufschrei_MH.jpg\" \/>\n\t<meta property=\"og:image:width\" content=\"693\" \/>\n\t<meta property=\"og:image:height\" content=\"332\" \/>\n\t<meta property=\"og:image:type\" content=\"image\/jpeg\" \/>\n<meta name=\"author\" content=\"der huflaikhan\" \/>\n<meta name=\"twitter:label1\" content=\"Verfasst von\" \/>\n\t<meta name=\"twitter:data1\" content=\"der huflaikhan\" \/>\n\t<meta name=\"twitter:label2\" content=\"Gesch\u00e4tzte Lesezeit\" \/>\n\t<meta name=\"twitter:data2\" content=\"3\u00a0Minuten\" \/>\n<script type=\"application\/ld+json\" class=\"yoast-schema-graph\">{\"@context\":\"https:\\\/\\\/schema.org\",\"@graph\":[{\"@type\":\"Article\",\"@id\":\"https:\\\/\\\/www.kritische-masse.de\\\/logbuch\\\/2024\\\/08\\\/enzyklopaedie-der-neuen-musik-tod-und-geburtstag\\\/#article\",\"isPartOf\":{\"@id\":\"https:\\\/\\\/www.kritische-masse.de\\\/logbuch\\\/2024\\\/08\\\/enzyklopaedie-der-neuen-musik-tod-und-geburtstag\\\/\"},\"author\":{\"name\":\"der huflaikhan\",\"@id\":\"https:\\\/\\\/www.kritische-masse.de\\\/logbuch\\\/#\\\/schema\\\/person\\\/14c491f46504e7f6b79db161f76def1c\"},\"headline\":\"Enzyklop\u00e4die der Neuen Musik: Tod und Geburtstag\",\"datePublished\":\"2024-08-05T09:28:56+00:00\",\"dateModified\":\"2024-08-05T11:04:26+00:00\",\"mainEntityOfPage\":{\"@id\":\"https:\\\/\\\/www.kritische-masse.de\\\/logbuch\\\/2024\\\/08\\\/enzyklopaedie-der-neuen-musik-tod-und-geburtstag\\\/\"},\"wordCount\":319,\"commentCount\":0,\"publisher\":{\"@id\":\"https:\\\/\\\/www.kritische-masse.de\\\/logbuch\\\/#\\\/schema\\\/person\\\/14c491f46504e7f6b79db161f76def1c\"},\"image\":{\"@id\":\"https:\\\/\\\/www.kritische-masse.de\\\/logbuch\\\/2024\\\/08\\\/enzyklopaedie-der-neuen-musik-tod-und-geburtstag\\\/#primaryimage\"},\"thumbnailUrl\":\"https:\\\/\\\/i0.wp.com\\\/www.kritische-masse.de\\\/logbuch\\\/wp-content\\\/uploads\\\/2024\\\/08\\\/ai-oder-KI-vor-111-Jahren.-Und-wo-war-der-Aufschrei_MH.jpg?fit=693%2C332&ssl=1\",\"keywords\":[\"BR-Klassik\",\"Enzyklop\u00e4die der Neuen Musik\",\"Radio\",\"Wolfgang Rihm\"],\"articleSection\":[\"Angriff auf \u2026\",\"die Musik\",\"Enzyklop\u00e4die der Neuen Musik\"],\"inLanguage\":\"de\",\"potentialAction\":[{\"@type\":\"CommentAction\",\"name\":\"Comment\",\"target\":[\"https:\\\/\\\/www.kritische-masse.de\\\/logbuch\\\/2024\\\/08\\\/enzyklopaedie-der-neuen-musik-tod-und-geburtstag\\\/#respond\"]}]},{\"@type\":\"WebPage\",\"@id\":\"https:\\\/\\\/www.kritische-masse.de\\\/logbuch\\\/2024\\\/08\\\/enzyklopaedie-der-neuen-musik-tod-und-geburtstag\\\/\",\"url\":\"https:\\\/\\\/www.kritische-masse.de\\\/logbuch\\\/2024\\\/08\\\/enzyklopaedie-der-neuen-musik-tod-und-geburtstag\\\/\",\"name\":\"Enzyklop\u00e4die der Neuen Musik: Tod und Geburtstag - Kritische Masse\",\"isPartOf\":{\"@id\":\"https:\\\/\\\/www.kritische-masse.de\\\/logbuch\\\/#website\"},\"primaryImageOfPage\":{\"@id\":\"https:\\\/\\\/www.kritische-masse.de\\\/logbuch\\\/2024\\\/08\\\/enzyklopaedie-der-neuen-musik-tod-und-geburtstag\\\/#primaryimage\"},\"image\":{\"@id\":\"https:\\\/\\\/www.kritische-masse.de\\\/logbuch\\\/2024\\\/08\\\/enzyklopaedie-der-neuen-musik-tod-und-geburtstag\\\/#primaryimage\"},\"thumbnailUrl\":\"https:\\\/\\\/i0.wp.com\\\/www.kritische-masse.de\\\/logbuch\\\/wp-content\\\/uploads\\\/2024\\\/08\\\/ai-oder-KI-vor-111-Jahren.-Und-wo-war-der-Aufschrei_MH.jpg?fit=693%2C332&ssl=1\",\"datePublished\":\"2024-08-05T09:28:56+00:00\",\"dateModified\":\"2024-08-05T11:04:26+00:00\",\"breadcrumb\":{\"@id\":\"https:\\\/\\\/www.kritische-masse.de\\\/logbuch\\\/2024\\\/08\\\/enzyklopaedie-der-neuen-musik-tod-und-geburtstag\\\/#breadcrumb\"},\"inLanguage\":\"de\",\"potentialAction\":[{\"@type\":\"ReadAction\",\"target\":[\"https:\\\/\\\/www.kritische-masse.de\\\/logbuch\\\/2024\\\/08\\\/enzyklopaedie-der-neuen-musik-tod-und-geburtstag\\\/\"]}]},{\"@type\":\"ImageObject\",\"inLanguage\":\"de\",\"@id\":\"https:\\\/\\\/www.kritische-masse.de\\\/logbuch\\\/2024\\\/08\\\/enzyklopaedie-der-neuen-musik-tod-und-geburtstag\\\/#primaryimage\",\"url\":\"https:\\\/\\\/i0.wp.com\\\/www.kritische-masse.de\\\/logbuch\\\/wp-content\\\/uploads\\\/2024\\\/08\\\/ai-oder-KI-vor-111-Jahren.-Und-wo-war-der-Aufschrei_MH.jpg?fit=693%2C332&ssl=1\",\"contentUrl\":\"https:\\\/\\\/i0.wp.com\\\/www.kritische-masse.de\\\/logbuch\\\/wp-content\\\/uploads\\\/2024\\\/08\\\/ai-oder-KI-vor-111-Jahren.-Und-wo-war-der-Aufschrei_MH.jpg?fit=693%2C332&ssl=1\",\"width\":693,\"height\":332,\"caption\":\"ai oder KI vor 111 Jahren. Und wo war der Aufschrei MH\"},{\"@type\":\"BreadcrumbList\",\"@id\":\"https:\\\/\\\/www.kritische-masse.de\\\/logbuch\\\/2024\\\/08\\\/enzyklopaedie-der-neuen-musik-tod-und-geburtstag\\\/#breadcrumb\",\"itemListElement\":[{\"@type\":\"ListItem\",\"position\":1,\"name\":\"Startseite\",\"item\":\"https:\\\/\\\/www.kritische-masse.de\\\/logbuch\\\/\"},{\"@type\":\"ListItem\",\"position\":2,\"name\":\"Enzyklop\u00e4die der Neuen Musik: Tod und Geburtstag\"}]},{\"@type\":\"WebSite\",\"@id\":\"https:\\\/\\\/www.kritische-masse.de\\\/logbuch\\\/#website\",\"url\":\"https:\\\/\\\/www.kritische-masse.de\\\/logbuch\\\/\",\"name\":\"kritische masse\",\"description\":\"amt f\u00fcr vermassungsschutz\",\"publisher\":{\"@id\":\"https:\\\/\\\/www.kritische-masse.de\\\/logbuch\\\/#\\\/schema\\\/person\\\/14c491f46504e7f6b79db161f76def1c\"},\"alternateName\":\"das logbuch der kritischen masse\",\"potentialAction\":[{\"@type\":\"SearchAction\",\"target\":{\"@type\":\"EntryPoint\",\"urlTemplate\":\"https:\\\/\\\/www.kritische-masse.de\\\/logbuch\\\/?s={search_term_string}\"},\"query-input\":{\"@type\":\"PropertyValueSpecification\",\"valueRequired\":true,\"valueName\":\"search_term_string\"}}],\"inLanguage\":\"de\"},{\"@type\":[\"Person\",\"Organization\"],\"@id\":\"https:\\\/\\\/www.kritische-masse.de\\\/logbuch\\\/#\\\/schema\\\/person\\\/14c491f46504e7f6b79db161f76def1c\",\"name\":\"der huflaikhan\",\"image\":{\"@type\":\"ImageObject\",\"inLanguage\":\"de\",\"@id\":\"https:\\\/\\\/www.kritische-masse.de\\\/logbuch\\\/wp-content\\\/uploads\\\/2024\\\/01\\\/cropped-kritischmasse_man_512.jpg\",\"url\":\"https:\\\/\\\/www.kritische-masse.de\\\/logbuch\\\/wp-content\\\/uploads\\\/2024\\\/01\\\/cropped-kritischmasse_man_512.jpg\",\"contentUrl\":\"https:\\\/\\\/www.kritische-masse.de\\\/logbuch\\\/wp-content\\\/uploads\\\/2024\\\/01\\\/cropped-kritischmasse_man_512.jpg\",\"width\":512,\"height\":512,\"caption\":\"der huflaikhan\"},\"logo\":{\"@id\":\"https:\\\/\\\/www.kritische-masse.de\\\/logbuch\\\/wp-content\\\/uploads\\\/2024\\\/01\\\/cropped-kritischmasse_man_512.jpg\"},\"description\":\"Betreiber der Kritischen Masse seit 1995. Seit 2023 Wiederaufnahme. Promotion mit einer Arbeit \u00fcber Adornos kompositorische und theoretische Auseinandersetzung mit der Zw\u00f6lftontechnik. Arbeit f\u00fcr den Bayerischen und den Mitteldeutschen Rundfunk als freier Autor und Regisseur \u2013 zumindest bis Ende 2015. Online-Redaktion f\u00fcr neue musikzeitung, Jazzzeitung und Oper &amp; Tanz. Ungl\u00fccklich, aber fast taub.\",\"sameAs\":[\"https:\\\/\\\/www.kritische-masse.de\\\/logbuch\\\/\",\"https:\\\/\\\/www.facebook.com\\\/hufner\"],\"url\":\"https:\\\/\\\/www.kritische-masse.de\\\/logbuch\\\/author\\\/martin_d1juqiu5\\\/\"}]}<\/script>\n<!-- \/ Yoast SEO plugin. -->","yoast_head_json":{"title":"Enzyklop\u00e4die der Neuen Musik: Tod und Geburtstag - Kritische Masse","robots":{"index":"index","follow":"follow","max-snippet":"max-snippet:-1","max-image-preview":"max-image-preview:large","max-video-preview":"max-video-preview:-1"},"canonical":"https:\/\/www.kritische-masse.de\/logbuch\/2024\/08\/enzyklopaedie-der-neuen-musik-tod-und-geburtstag\/","og_locale":"de_DE","og_type":"article","og_title":"Enzyklop\u00e4die der Neuen Musik: Tod und Geburtstag - Kritische Masse","og_description":"Neue Musik im Radio beim Bayerischen Rundfunk \u2013 Wenn man dabei sein will, muss man mindestens 70 Jahre alt sein oder frisch gestorben (und bitte gerne auch alt dazu). +++ Neue Einfachheit ist viel zu komplex. +++ Wie Werbung tickt oder sticht \u2026","og_url":"https:\/\/www.kritische-masse.de\/logbuch\/2024\/08\/enzyklopaedie-der-neuen-musik-tod-und-geburtstag\/","og_site_name":"Kritische Masse","article_publisher":"https:\/\/www.facebook.com\/hufner","article_author":"https:\/\/www.facebook.com\/hufner","article_published_time":"2024-08-05T09:28:56+00:00","article_modified_time":"2024-08-05T11:04:26+00:00","og_image":[{"width":693,"height":332,"url":"https:\/\/www.kritische-masse.de\/logbuch\/wp-content\/uploads\/2024\/08\/ai-oder-KI-vor-111-Jahren.-Und-wo-war-der-Aufschrei_MH.jpg","type":"image\/jpeg"}],"author":"der huflaikhan","twitter_misc":{"Verfasst von":"der huflaikhan","Gesch\u00e4tzte Lesezeit":"3\u00a0Minuten"},"schema":{"@context":"https:\/\/schema.org","@graph":[{"@type":"Article","@id":"https:\/\/www.kritische-masse.de\/logbuch\/2024\/08\/enzyklopaedie-der-neuen-musik-tod-und-geburtstag\/#article","isPartOf":{"@id":"https:\/\/www.kritische-masse.de\/logbuch\/2024\/08\/enzyklopaedie-der-neuen-musik-tod-und-geburtstag\/"},"author":{"name":"der huflaikhan","@id":"https:\/\/www.kritische-masse.de\/logbuch\/#\/schema\/person\/14c491f46504e7f6b79db161f76def1c"},"headline":"Enzyklop\u00e4die der Neuen Musik: Tod und Geburtstag","datePublished":"2024-08-05T09:28:56+00:00","dateModified":"2024-08-05T11:04:26+00:00","mainEntityOfPage":{"@id":"https:\/\/www.kritische-masse.de\/logbuch\/2024\/08\/enzyklopaedie-der-neuen-musik-tod-und-geburtstag\/"},"wordCount":319,"commentCount":0,"publisher":{"@id":"https:\/\/www.kritische-masse.de\/logbuch\/#\/schema\/person\/14c491f46504e7f6b79db161f76def1c"},"image":{"@id":"https:\/\/www.kritische-masse.de\/logbuch\/2024\/08\/enzyklopaedie-der-neuen-musik-tod-und-geburtstag\/#primaryimage"},"thumbnailUrl":"https:\/\/i0.wp.com\/www.kritische-masse.de\/logbuch\/wp-content\/uploads\/2024\/08\/ai-oder-KI-vor-111-Jahren.-Und-wo-war-der-Aufschrei_MH.jpg?fit=693%2C332&ssl=1","keywords":["BR-Klassik","Enzyklop\u00e4die der Neuen Musik","Radio","Wolfgang Rihm"],"articleSection":["Angriff auf \u2026","die Musik","Enzyklop\u00e4die der Neuen Musik"],"inLanguage":"de","potentialAction":[{"@type":"CommentAction","name":"Comment","target":["https:\/\/www.kritische-masse.de\/logbuch\/2024\/08\/enzyklopaedie-der-neuen-musik-tod-und-geburtstag\/#respond"]}]},{"@type":"WebPage","@id":"https:\/\/www.kritische-masse.de\/logbuch\/2024\/08\/enzyklopaedie-der-neuen-musik-tod-und-geburtstag\/","url":"https:\/\/www.kritische-masse.de\/logbuch\/2024\/08\/enzyklopaedie-der-neuen-musik-tod-und-geburtstag\/","name":"Enzyklop\u00e4die der Neuen Musik: Tod und Geburtstag - Kritische Masse","isPartOf":{"@id":"https:\/\/www.kritische-masse.de\/logbuch\/#website"},"primaryImageOfPage":{"@id":"https:\/\/www.kritische-masse.de\/logbuch\/2024\/08\/enzyklopaedie-der-neuen-musik-tod-und-geburtstag\/#primaryimage"},"image":{"@id":"https:\/\/www.kritische-masse.de\/logbuch\/2024\/08\/enzyklopaedie-der-neuen-musik-tod-und-geburtstag\/#primaryimage"},"thumbnailUrl":"https:\/\/i0.wp.com\/www.kritische-masse.de\/logbuch\/wp-content\/uploads\/2024\/08\/ai-oder-KI-vor-111-Jahren.-Und-wo-war-der-Aufschrei_MH.jpg?fit=693%2C332&ssl=1","datePublished":"2024-08-05T09:28:56+00:00","dateModified":"2024-08-05T11:04:26+00:00","breadcrumb":{"@id":"https:\/\/www.kritische-masse.de\/logbuch\/2024\/08\/enzyklopaedie-der-neuen-musik-tod-und-geburtstag\/#breadcrumb"},"inLanguage":"de","potentialAction":[{"@type":"ReadAction","target":["https:\/\/www.kritische-masse.de\/logbuch\/2024\/08\/enzyklopaedie-der-neuen-musik-tod-und-geburtstag\/"]}]},{"@type":"ImageObject","inLanguage":"de","@id":"https:\/\/www.kritische-masse.de\/logbuch\/2024\/08\/enzyklopaedie-der-neuen-musik-tod-und-geburtstag\/#primaryimage","url":"https:\/\/i0.wp.com\/www.kritische-masse.de\/logbuch\/wp-content\/uploads\/2024\/08\/ai-oder-KI-vor-111-Jahren.-Und-wo-war-der-Aufschrei_MH.jpg?fit=693%2C332&ssl=1","contentUrl":"https:\/\/i0.wp.com\/www.kritische-masse.de\/logbuch\/wp-content\/uploads\/2024\/08\/ai-oder-KI-vor-111-Jahren.-Und-wo-war-der-Aufschrei_MH.jpg?fit=693%2C332&ssl=1","width":693,"height":332,"caption":"ai oder KI vor 111 Jahren. Und wo war der Aufschrei MH"},{"@type":"BreadcrumbList","@id":"https:\/\/www.kritische-masse.de\/logbuch\/2024\/08\/enzyklopaedie-der-neuen-musik-tod-und-geburtstag\/#breadcrumb","itemListElement":[{"@type":"ListItem","position":1,"name":"Startseite","item":"https:\/\/www.kritische-masse.de\/logbuch\/"},{"@type":"ListItem","position":2,"name":"Enzyklop\u00e4die der Neuen Musik: Tod und Geburtstag"}]},{"@type":"WebSite","@id":"https:\/\/www.kritische-masse.de\/logbuch\/#website","url":"https:\/\/www.kritische-masse.de\/logbuch\/","name":"kritische masse","description":"amt f\u00fcr vermassungsschutz","publisher":{"@id":"https:\/\/www.kritische-masse.de\/logbuch\/#\/schema\/person\/14c491f46504e7f6b79db161f76def1c"},"alternateName":"das logbuch der kritischen masse","potentialAction":[{"@type":"SearchAction","target":{"@type":"EntryPoint","urlTemplate":"https:\/\/www.kritische-masse.de\/logbuch\/?s={search_term_string}"},"query-input":{"@type":"PropertyValueSpecification","valueRequired":true,"valueName":"search_term_string"}}],"inLanguage":"de"},{"@type":["Person","Organization"],"@id":"https:\/\/www.kritische-masse.de\/logbuch\/#\/schema\/person\/14c491f46504e7f6b79db161f76def1c","name":"der huflaikhan","image":{"@type":"ImageObject","inLanguage":"de","@id":"https:\/\/www.kritische-masse.de\/logbuch\/wp-content\/uploads\/2024\/01\/cropped-kritischmasse_man_512.jpg","url":"https:\/\/www.kritische-masse.de\/logbuch\/wp-content\/uploads\/2024\/01\/cropped-kritischmasse_man_512.jpg","contentUrl":"https:\/\/www.kritische-masse.de\/logbuch\/wp-content\/uploads\/2024\/01\/cropped-kritischmasse_man_512.jpg","width":512,"height":512,"caption":"der huflaikhan"},"logo":{"@id":"https:\/\/www.kritische-masse.de\/logbuch\/wp-content\/uploads\/2024\/01\/cropped-kritischmasse_man_512.jpg"},"description":"Betreiber der Kritischen Masse seit 1995. Seit 2023 Wiederaufnahme. Promotion mit einer Arbeit \u00fcber Adornos kompositorische und theoretische Auseinandersetzung mit der Zw\u00f6lftontechnik. Arbeit f\u00fcr den Bayerischen und den Mitteldeutschen Rundfunk als freier Autor und Regisseur \u2013 zumindest bis Ende 2015. Online-Redaktion f\u00fcr neue musikzeitung, Jazzzeitung und Oper &amp; Tanz. Ungl\u00fccklich, aber fast taub.","sameAs":["https:\/\/www.kritische-masse.de\/logbuch\/","https:\/\/www.facebook.com\/hufner"],"url":"https:\/\/www.kritische-masse.de\/logbuch\/author\/martin_d1juqiu5\/"}]}},"jetpack_publicize_connections":[],"jetpack_featured_media_url":"https:\/\/i0.wp.com\/www.kritische-masse.de\/logbuch\/wp-content\/uploads\/2024\/08\/ai-oder-KI-vor-111-Jahren.-Und-wo-war-der-Aufschrei_MH.jpg?fit=693%2C332&ssl=1","categories_names":["Angriff auf \u2026","die Musik","Enzyklop\u00e4die der Neuen Musik"],"post_class":[["post-10058","post","type-post","status-publish","format-standard","has-post-thumbnail","hentry","category-angriffauf","category-diemusik","category-enzyklopaedie-der-neuen-musik","tag-br-klassik","tag-enzyklopaedie-der-neuen-musik","tag-radio","tag-wolfgang-rihm","entry","has-media"]],"author_avatar":["<img alt='' src='https:\/\/secure.gravatar.com\/avatar\/c23aee426d58e69f14ef471114d4cac215eec702ee1bc331e2a62ea77e96ed60?s=96&#038;d=blank&#038;r=g' srcset='https:\/\/secure.gravatar.com\/avatar\/c23aee426d58e69f14ef471114d4cac215eec702ee1bc331e2a62ea77e96ed60?s=192&#038;d=blank&#038;r=g 2x' class='avatar avatar-96 photo' height='96' width='96' loading='lazy' decoding='async'\/>"],"featured_video":null,"jetpack-related-posts":[{"id":8614,"url":"https:\/\/www.kritische-masse.de\/logbuch\/2015\/11\/das-ende-eines-musikpolitischen-musikmagazins\/","url_meta":{"origin":10058,"position":0},"title":"Das Ende eines musikpolitischen Musikmagazins","author":"der huflaikhan","date":"9. November 2015","format":false,"excerpt":"und die Zukunft des \u00f6ffentlich-rechtlichen Internets Rundfunks. Ende des Jahres geht bei taktlos ja das Licht aus, nach 18 Jahren und \u00fcber 180 Sendungen, alle mit Theo Gei\u00dfler in der Moderation, der nie erkrankt oder unp\u00e4sslich eine Sendung zu moderieren vers\u00e4umte. Die Sendung, so wie wir sie kannten, wird dann\u2026","rel":"","context":"In &quot;das Netz&quot;","block_context":{"text":"das Netz","link":"https:\/\/www.kritische-masse.de\/logbuch\/category\/angriffauf\/dasnetz\/"},"img":{"alt_text":"","src":"","width":0,"height":0},"classes":[]},{"id":8440,"url":"https:\/\/www.kritische-masse.de\/logbuch\/2014\/04\/puls-oder-br-klassik-dub_musik\/","url_meta":{"origin":10058,"position":1},"title":"Puls oder BR-Klassik &#8211; Dub_Musik","author":"der huflaikhan","date":"6. April 2014","format":false,"excerpt":"Streit im Funk. Angeblich werden die UKW-Pl\u00e4tze knapp. Aber es gibt doch so viel zu senden. So zum Beispiel \"Puls\" vom Bayerischen Rundfunk, das bislang nur digital und im Netz und so anzuh\u00f6ren ist. Die Zukunft des Radioh\u00f6rers. Ausgesperrt! Was f\u00fcr ein Rohrkrepierer, m\u00f6chte man meinen. Aber es gibt ja\u2026","rel":"","context":"In &quot;den Rundfunk&quot;","block_context":{"text":"den Rundfunk","link":"https:\/\/www.kritische-masse.de\/logbuch\/category\/angriffauf\/denrundfunk\/"},"img":{"alt_text":"","src":"","width":0,"height":0},"classes":[]},{"id":1409,"url":"https:\/\/www.kritische-masse.de\/logbuch\/2005\/09\/radio-tip-kini-contra-kini\/","url_meta":{"origin":10058,"position":2},"title":"Radio-Tip: Kini contra Kini","author":"huflaikhan","date":"6. September 2005","format":false,"excerpt":"In der Reihe \u201etaktlos. das musikmagazin des bayerischen rundfunks und der neuen musikzeitung\u201c geht es heute abend (7.9.2005) um den \u201eKini\u201c, nicht wahr. 21:30 bis 22:30, Bayern2Radio on air, Satellit und per Internet-Stream. In der Reihe \u201etaktlos. das musikmagazin des bayerischen rundfunks und der neuen musikzeitung\u201c geht es heute abend\u2026","rel":"","context":"Mit 2 Kommentaren","block_context":{"text":"Mit 2 Kommentaren","link":"https:\/\/www.kritische-masse.de\/logbuch\/2005\/09\/radio-tip-kini-contra-kini\/#comments"},"img":{"alt_text":"Kampf der Froschk\u00f6nige","src":"https:\/\/i0.wp.com\/www.kritische-masse.de\/logbuch\/wp-content\/uploads\/2005\/09\/20050906-titel.jpg?resize=350%2C200&ssl=1","width":350,"height":200},"classes":[]},{"id":8329,"url":"https:\/\/www.kritische-masse.de\/logbuch\/2006\/11\/grotzky-als-rundfunkfeldherr-mobilmachung-der-klassikhoerer\/","url_meta":{"origin":10058,"position":3},"title":"Grotzky als Rundfunkfeldherr \u2013 Mobilmachung der Klassikh\u00f6rer","author":"der huflaikhan","date":"17. November 2006","format":false,"excerpt":"Der Bayerische Rundfunk denkt intensiv \u00fcber die Abschaffung des Senders Bayern4Klassik nach. Siehe diesen Leitartikel \u201eJugendwahn\u201c in der nmz. Das hat f\u00fcr erstaunlich viel Wirbel gesorgt. Nun legt die SZ mit einem Interview des H\u00f6rfunkdirektors nach. Auff\u00e4llig ist die Wortwahl von Herrn Grotzky. Da gilt es wie in einer Schlacht,\u2026","rel":"","context":"In &quot;den Rundfunk&quot;","block_context":{"text":"den Rundfunk","link":"https:\/\/www.kritische-masse.de\/logbuch\/category\/angriffauf\/denrundfunk\/"},"img":{"alt_text":"Johannes Grotzky. Foto: Hufner","src":"https:\/\/i0.wp.com\/www.kritische-masse.de\/logbuch\/wp-content\/uploads\/2018\/11\/2006-11-grotzky-150x150.jpg?resize=350%2C200&ssl=1","width":350,"height":200},"classes":[]},{"id":311,"url":"https:\/\/www.kritische-masse.de\/logbuch\/2004\/01\/kultur-kampf-im-radio\/","url_meta":{"origin":10058,"position":4},"title":"Kultur-Kampf im Radio","author":"huflaikhan","date":"17. Januar 2004","format":false,"excerpt":"Aus Anlass der Ver\u00e4nderungen in den sogenannten Kulturprogrammen des \u00f6ffentlich-rechtlichen Rundfunks scheint sich eine Bewegung in Gang zu setzen, die die deutsche Rundfunklandschaft in zwei Richtungen teilt. Auf der einen Seite stehen diejenigen, die ein Kulturprogramm im Wesentlichen nach Marktwerten beurteilen, auf der anderen Planer, die von einer langfristigen Konzeption\u2026","rel":"","context":"\u00c4hnlicher Beitrag","block_context":{"text":"\u00c4hnlicher Beitrag","link":""},"img":{"alt_text":"","src":"","width":0,"height":0},"classes":[]},{"id":11604,"url":"https:\/\/www.kritische-masse.de\/logbuch\/2025\/11\/musik-unserer-zeit-vor-dem-aus\/","url_meta":{"origin":10058,"position":5},"title":"\u201eMusik unserer Zeit\u201c vor dem Aus?","author":"der huflaikhan","date":"9. November 2025","format":false,"excerpt":"Der Raum f\u00fcr Musik unserer Zeit im Radio wird immer kleiner. Wird die Sendung \"Musik unserer Zeit\" auf SRF 2 Kultur aus dem Programm gekippt? Auch bei ARD und ORF stehen die Zeichen auf Eindampfradio.","rel":"","context":"In &quot;Angriff auf \u2026&quot;","block_context":{"text":"Angriff auf \u2026","link":"https:\/\/www.kritische-masse.de\/logbuch\/category\/angriffauf\/"},"img":{"alt_text":"","src":"","width":0,"height":0},"classes":[]}],"jetpack_sharing_enabled":true,"public_identification_id":"3cd4a637f61a40dab2aee0263ec78a42","private_identification_id":"7917b0297c564de8a08680645110bcff","_links":{"self":[{"href":"https:\/\/www.kritische-masse.de\/logbuch\/wp-json\/wp\/v2\/posts\/10058","targetHints":{"allow":["GET"]}}],"collection":[{"href":"https:\/\/www.kritische-masse.de\/logbuch\/wp-json\/wp\/v2\/posts"}],"about":[{"href":"https:\/\/www.kritische-masse.de\/logbuch\/wp-json\/wp\/v2\/types\/post"}],"author":[{"embeddable":true,"href":"https:\/\/www.kritische-masse.de\/logbuch\/wp-json\/wp\/v2\/users\/1"}],"replies":[{"embeddable":true,"href":"https:\/\/www.kritische-masse.de\/logbuch\/wp-json\/wp\/v2\/comments?post=10058"}],"version-history":[{"count":0,"href":"https:\/\/www.kritische-masse.de\/logbuch\/wp-json\/wp\/v2\/posts\/10058\/revisions"}],"wp:featuredmedia":[{"embeddable":true,"href":"https:\/\/www.kritische-masse.de\/logbuch\/wp-json\/wp\/v2\/media\/10074"}],"wp:attachment":[{"href":"https:\/\/www.kritische-masse.de\/logbuch\/wp-json\/wp\/v2\/media?parent=10058"}],"wp:term":[{"taxonomy":"category","embeddable":true,"href":"https:\/\/www.kritische-masse.de\/logbuch\/wp-json\/wp\/v2\/categories?post=10058"},{"taxonomy":"post_tag","embeddable":true,"href":"https:\/\/www.kritische-masse.de\/logbuch\/wp-json\/wp\/v2\/tags?post=10058"}],"curies":[{"name":"wp","href":"https:\/\/api.w.org\/{rel}","templated":true}]}}