{"id":10112,"date":"2024-09-04T10:27:44","date_gmt":"2024-09-04T08:27:44","guid":{"rendered":"https:\/\/www.kritische-masse.de\/logbuch\/?p=10112"},"modified":"2024-09-04T14:25:10","modified_gmt":"2024-09-04T12:25:10","slug":"wenn-gelogenes-zur-gesellschaftlichen-gewohnheit-wird","status":"publish","type":"post","link":"https:\/\/www.kritische-masse.de\/logbuch\/2024\/09\/wenn-gelogenes-zur-gesellschaftlichen-gewohnheit-wird\/","title":{"rendered":"Wenn Gelogenes zur gesellschaftlichen Gewohnheit wird"},"content":{"rendered":"<div class=\"shariff shariff-align-left shariff-widget-align-left\"><ul class=\"shariff-buttons theme-white orientation-horizontal buttonsize-small\"><li class=\"shariff-button mastodon shariff-nocustomcolor\" style=\"background-color:#563ACC\"><a href=\"https:\/\/s2f.kytta.dev\/?text=Wenn%20Gelogenes%20zur%20gesellschaftlichen%20Gewohnheit%20wird https%3A%2F%2Fwww.kritische-masse.de%2Flogbuch%2F2024%2F09%2Fwenn-gelogenes-zur-gesellschaftlichen-gewohnheit-wird%2F\" title=\"Bei Mastodon teilen\" aria-label=\"Bei Mastodon teilen\" role=\"button\" rel=\"noopener nofollow\" class=\"shariff-link\" style=\"; background-color:#6364FF; color:#6364FF\" target=\"_blank\"><span class=\"shariff-icon\" style=\"fill:#6364FF\"><svg width=\"75\" height=\"79\" viewBox=\"0 0 75 79\" fill=\"none\" xmlns=\"http:\/\/www.w3.org\/2000\/svg\"><path d=\"M37.813-.025C32.462-.058 27.114.13 21.79.598c-8.544.621-17.214 5.58-20.203 13.931C-1.12 23.318.408 32.622.465 41.65c.375 7.316.943 14.78 3.392 21.73 4.365 9.465 14.781 14.537 24.782 15.385 7.64.698 15.761-.213 22.517-4.026a54.1 54.1 0 0 0 .01-6.232c-6.855 1.316-14.101 2.609-21.049 1.074-3.883-.88-6.876-4.237-7.25-8.215-1.53-3.988 3.78-.43 5.584-.883 9.048 1.224 18.282.776 27.303-.462 7.044-.837 14.26-4.788 16.65-11.833 2.263-6.135 1.215-12.79 1.698-19.177.06-3.84.09-7.692-.262-11.52C72.596 7.844 63.223.981 53.834.684a219.453 219.453 0 0 0-16.022-.71zm11.294 12.882c5.5-.067 10.801 4.143 11.67 9.653.338 1.48.471 3 .471 4.515v21.088h-8.357c-.07-7.588.153-15.182-.131-22.765-.587-4.368-7.04-5.747-9.672-2.397-2.422 3.04-1.47 7.155-1.67 10.735v6.392h-8.307c-.146-4.996.359-10.045-.404-15.002-1.108-4.218-7.809-5.565-10.094-1.666-1.685 3.046-.712 6.634-.976 9.936v14.767h-8.354c.109-8.165-.238-16.344.215-24.5.674-5.346 5.095-10.389 10.676-10.627 4.902-.739 10.103 2.038 12.053 6.631.375 1.435 1.76 1.932 1.994.084 1.844-3.704 5.501-6.739 9.785-6.771.367-.044.735-.068 1.101-.073z\"\/><defs><linearGradient id=\"paint0_linear_549_34\" x1=\"37.0692\" y1=\"0\" x2=\"37.0692\" y2=\"79\" gradientUnits=\"userSpaceOnUse\"><stop stop-color=\"#6364FF\"\/><stop offset=\"1\" stop-color=\"#563ACC\"\/><\/linearGradient><\/defs><\/svg><\/span><span class=\"shariff-text\" style=\"color:#6364FF\">teilen<\/span>&nbsp;<\/a><\/li><li class=\"shariff-button bluesky shariff-nocustomcolor\" style=\"background-color:#84c4ff\"><a href=\"https:\/\/bsky.app\/intent\/compose?text=Wenn%20Gelogenes%20zur%20gesellschaftlichen%20Gewohnheit%20wird https%3A%2F%2Fwww.kritische-masse.de%2Flogbuch%2F2024%2F09%2Fwenn-gelogenes-zur-gesellschaftlichen-gewohnheit-wird%2F \" title=\"Bei Bluesky teilen\" aria-label=\"Bei Bluesky teilen\" role=\"button\" rel=\"noopener nofollow\" class=\"shariff-link\" style=\"; background-color:#0085ff; color:#0085ff\" target=\"_blank\"><span class=\"shariff-icon\" style=\"fill:#0085ff\"><svg width=\"20\" height=\"20\" version=\"1.1\" xmlns=\"http:\/\/www.w3.org\/2000\/svg\" viewBox=\"0 0 20 20\"><path class=\"st0\" d=\"M4.89,3.12c2.07,1.55,4.3,4.71,5.11,6.4.82-1.69,3.04-4.84,5.11-6.4,1.49-1.12,3.91-1.99,3.91.77,0,.55-.32,4.63-.5,5.3-.64,2.3-2.99,2.89-5.08,2.54,3.65.62,4.58,2.68,2.57,4.74-3.81,3.91-5.48-.98-5.9-2.23-.08-.23-.11-.34-.12-.25,0-.09-.04.02-.12.25-.43,1.25-2.09,6.14-5.9,2.23-2.01-2.06-1.08-4.12,2.57-4.74-2.09.36-4.44-.23-5.08-2.54-.19-.66-.5-4.74-.5-5.3,0-2.76,2.42-1.89,3.91-.77h0Z\"\/><\/svg><\/span><span class=\"shariff-text\" style=\"color:#0085ff\">teilen<\/span>&nbsp;<\/a><\/li><li class=\"shariff-button threema shariff-nocustomcolor shariff-mobile\" style=\"background-color:#4fbc24\"><a href=\"threema:\/\/compose?text=Wenn%20Gelogenes%20zur%20gesellschaftlichen%20Gewohnheit%20wird%20https%3A%2F%2Fwww.kritische-masse.de%2Flogbuch%2F2024%2F09%2Fwenn-gelogenes-zur-gesellschaftlichen-gewohnheit-wird%2F\" title=\"Bei Threema teilen\" aria-label=\"Bei Threema teilen\" role=\"button\" rel=\"noopener nofollow\" class=\"shariff-link\" style=\"; background-color:#1f1f1f; color:#1f1f1f\" target=\"_blank\"><span class=\"shariff-icon\" style=\"fill:#1f1f1f\"><svg width=\"32px\" height=\"20px\" xmlns=\"http:\/\/www.w3.org\/2000\/svg\" viewBox=\"0 0 32 32\"><path fill=\"#1f1f1f\" d=\"M30.8 10.9c-0.3-1.4-0.9-2.6-1.8-3.8-2-2.6-5.5-4.5-9.4-5.2-1.3-0.2-1.9-0.3-3.5-0.3s-2.2 0-3.5 0.3c-4 0.7-7.4 2.6-9.4 5.2-0.9 1.2-1.5 2.4-1.8 3.8-0.1 0.5-0.2 1.2-0.2 1.6 0 0.4 0.1 1.1 0.2 1.6 0.4 1.9 1.3 3.4 2.9 5 0.8 0.8 0.8 0.8 0.7 1.3 0 0.6-0.5 1.6-1.7 3.6-0.3 0.5-0.5 0.9-0.5 0.9 0 0.1 0.1 0.1 0.5 0 0.8-0.2 2.3-0.6 5.6-1.6 1.1-0.3 1.3-0.4 2.3-0.4 0.8 0 1.1 0 2.3 0.2 1.5 0.2 3.5 0.2 4.9 0 5.1-0.6 9.3-2.9 11.4-6.3 0.5-0.9 0.9-1.8 1.1-2.8 0.1-0.5 0.2-1.1 0.2-1.6 0-0.7-0.1-1.1-0.2-1.6-0.3-1.4 0.1 0.5 0 0zM20.6 17.3c0 0.4-0.4 0.8-0.8 0.8h-7.7c-0.4 0-0.8-0.4-0.8-0.8v-4.6c0-0.4 0.4-0.8 0.8-0.8h0.2l0-1.6c0-0.9 0-1.8 0.1-2 0.1-0.6 0.6-1.2 1.1-1.7s1.1-0.7 1.9-0.8c1.8-0.3 3.7 0.7 4.2 2.2 0.1 0.3 0.1 0.7 0.1 2.1v0 1.7h0.1c0.4 0 0.8 0.4 0.8 0.8v4.6zM15.6 7.3c-0.5 0.1-0.8 0.3-1.2 0.6s-0.6 0.8-0.7 1.3c0 0.2 0 0.8 0 1.5l0 1.2h4.6v-1.3c0-1 0-1.4-0.1-1.6-0.3-1.1-1.5-1.9-2.6-1.7zM25.8 28.2c0 1.2-1 2.2-2.1 2.2s-2.1-1-2.1-2.1c0-1.2 1-2.1 2.2-2.1s2.2 1 2.2 2.2zM18.1 28.2c0 1.2-1 2.2-2.1 2.2s-2.1-1-2.1-2.1c0-1.2 1-2.1 2.2-2.1s2.2 1 2.2 2.2zM10.4 28.2c0 1.2-1 2.2-2.1 2.2s-2.1-1-2.1-2.1c0-1.2 1-2.1 2.2-2.1s2.2 1 2.2 2.2z\"\/><\/svg><\/span><span class=\"shariff-text\" style=\"color:#1f1f1f\">teilen<\/span>&nbsp;<\/a><\/li><li class=\"shariff-button facebook shariff-nocustomcolor\" style=\"background-color:#4273c8\"><a href=\"https:\/\/www.facebook.com\/sharer\/sharer.php?u=https%3A%2F%2Fwww.kritische-masse.de%2Flogbuch%2F2024%2F09%2Fwenn-gelogenes-zur-gesellschaftlichen-gewohnheit-wird%2F\" title=\"Bei Facebook teilen\" aria-label=\"Bei Facebook teilen\" role=\"button\" rel=\"nofollow\" class=\"shariff-link\" style=\"; background-color:#3b5998; color:#3b5998\" target=\"_blank\"><span class=\"shariff-icon\" style=\"fill:#3b5998\"><svg width=\"32px\" height=\"20px\" xmlns=\"http:\/\/www.w3.org\/2000\/svg\" viewBox=\"0 0 18 32\"><path fill=\"#3b5998\" d=\"M17.1 0.2v4.7h-2.8q-1.5 0-2.1 0.6t-0.5 1.9v3.4h5.2l-0.7 5.3h-4.5v13.6h-5.5v-13.6h-4.5v-5.3h4.5v-3.9q0-3.3 1.9-5.2t5-1.8q2.6 0 4.1 0.2z\"\/><\/svg><\/span><span class=\"shariff-text\" style=\"color:#3b5998\">teilen<\/span>&nbsp;<\/a><\/li><li class=\"shariff-button info shariff-nocustomcolor\" style=\"background-color:#a8a8a8\"><a href=\"http:\/\/ct.de\/-2467514\" title=\"Weitere Informationen\" aria-label=\"Weitere Informationen\" role=\"button\" rel=\"noopener \" class=\"shariff-link\" style=\"; background-color:#999; color:#999\" target=\"_blank\"><span class=\"shariff-icon\" style=\"fill:#999\"><svg width=\"32px\" height=\"20px\" xmlns=\"http:\/\/www.w3.org\/2000\/svg\" viewBox=\"0 0 11 32\"><path fill=\"#999\" d=\"M11.4 24v2.3q0 0.5-0.3 0.8t-0.8 0.4h-9.1q-0.5 0-0.8-0.4t-0.4-0.8v-2.3q0-0.5 0.4-0.8t0.8-0.4h1.1v-6.8h-1.1q-0.5 0-0.8-0.4t-0.4-0.8v-2.3q0-0.5 0.4-0.8t0.8-0.4h6.8q0.5 0 0.8 0.4t0.4 0.8v10.3h1.1q0.5 0 0.8 0.4t0.3 0.8zM9.2 3.4v3.4q0 0.5-0.4 0.8t-0.8 0.4h-4.6q-0.4 0-0.8-0.4t-0.4-0.8v-3.4q0-0.4 0.4-0.8t0.8-0.4h4.6q0.5 0 0.8 0.4t0.4 0.8z\"\/><\/svg><\/span><\/a><\/li><\/ul><\/div><p>\u2026 weil, machen ja alle so. Aber dazu sp\u00e4ter \u2026<\/p>\n<hr \/>\n<p>Vor gut 10 Tagen habe ich bemerkt, dass ich immer d\u00fcnnh\u00e4utiger geworden bin und schon bei kleinen Anl\u00e4ssen ziemlich schnell ans Ende meiner Gef\u00fchlswelt ankam. Also trat ich etwas k\u00fcrzer. Sp\u00e4ter dann weitere Anzeichen f\u00fcr etwas Bekanntes, dass sich im K\u00f6rper abspielte. M\u00e4nnerprobleme, seit ca. 15 Jahren. Harnwegszeug mit Umgebung. Am Montag dann im Laufe des Nachmittags immer rasanter das Gef\u00fchl, dass sich da Unangenehmes ausbreitet. Und zack zum Abend hin \u2013 Bett. Und Aufstehen und dann wieder Bett und so. N\u00e4chster morgen deutlich Fieber und Furcht vor Sepsis, daher Medikament. Bettruhe \u2013 soweit m\u00f6glich. Das kann ich an sich ausgezeichnet: Nichts! Nicht lesen, h\u00f6ren, kommunizieren \u2013 nur vegetieren und aufs Klo gehen. \ud83d\ude42<\/p>\n<p>Das ist immer von einer so schnell sich steigernden Wucht, dass man mit konventioneller Behandlung kaum (und in diesem Fall gar nicht) gegen ankommt. Vielleicht nur dann, wenn man die ersten Anzeichen, wenn man gerade an sich psychisches Nachlassen bemerkt, sofort ansetzt. Mit aller Macht. Wasser und Wasser und Wasser und D-Mannose dabei. Vielleicht beim n\u00e4chsten Mal.<\/p>\n<p>Muss ich mir merken! Geh\u00f6rt zur Wiedervorlage.<\/p>\n<figure id=\"attachment_10116\" aria-describedby=\"caption-attachment-10116\" style=\"width: 960px\" class=\"wp-caption aligncenter\"><a href=\"https:\/\/i0.wp.com\/www.kritische-masse.de\/logbuch\/wp-content\/uploads\/2024\/09\/Eher-eine-Busshaltestelle.-MH.jpg?ssl=1\"><img data-recalc-dims=\"1\" loading=\"lazy\" decoding=\"async\" data-attachment-id=\"10116\" data-permalink=\"https:\/\/www.kritische-masse.de\/logbuch\/2024\/09\/wenn-gelogenes-zur-gesellschaftlichen-gewohnheit-wird\/eher-eine-busshaltestelle-mh\/\" data-orig-file=\"https:\/\/i0.wp.com\/www.kritische-masse.de\/logbuch\/wp-content\/uploads\/2024\/09\/Eher-eine-Busshaltestelle.-MH.jpg?fit=960%2C618&amp;ssl=1\" data-orig-size=\"960,618\" data-comments-opened=\"1\" data-image-meta=\"{&quot;aperture&quot;:&quot;0&quot;,&quot;credit&quot;:&quot;&quot;,&quot;camera&quot;:&quot;&quot;,&quot;caption&quot;:&quot;&quot;,&quot;created_timestamp&quot;:&quot;0&quot;,&quot;copyright&quot;:&quot;&quot;,&quot;focal_length&quot;:&quot;0&quot;,&quot;iso&quot;:&quot;0&quot;,&quot;shutter_speed&quot;:&quot;0&quot;,&quot;title&quot;:&quot;&quot;,&quot;orientation&quot;:&quot;0&quot;}\" data-image-title=\"Eher eine Bu\u00dfhaltestelle. MH\" data-image-description=\"&lt;p&gt;Eher eine Bu\u00dfhaltestelle. MH&lt;\/p&gt;\n\" data-image-caption=\"&lt;p&gt;Eher eine Bu\u00dfhaltestelle. MH&lt;\/p&gt;\n\" data-large-file=\"https:\/\/i0.wp.com\/www.kritische-masse.de\/logbuch\/wp-content\/uploads\/2024\/09\/Eher-eine-Busshaltestelle.-MH.jpg?fit=960%2C618&amp;ssl=1\" class=\"size-full wp-image-10116\" title=\"Eher eine Bu\u00dfhaltestelle. MH\" src=\"https:\/\/i0.wp.com\/www.kritische-masse.de\/logbuch\/wp-content\/uploads\/2024\/09\/Eher-eine-Busshaltestelle.-MH.jpg?resize=960%2C618&#038;ssl=1\" alt=\"Eher eine Bu\u00dfhaltestelle. MH\" width=\"960\" height=\"618\" srcset=\"https:\/\/i0.wp.com\/www.kritische-masse.de\/logbuch\/wp-content\/uploads\/2024\/09\/Eher-eine-Busshaltestelle.-MH.jpg?w=960&amp;ssl=1 960w, https:\/\/i0.wp.com\/www.kritische-masse.de\/logbuch\/wp-content\/uploads\/2024\/09\/Eher-eine-Busshaltestelle.-MH.jpg?resize=300%2C193&amp;ssl=1 300w, https:\/\/i0.wp.com\/www.kritische-masse.de\/logbuch\/wp-content\/uploads\/2024\/09\/Eher-eine-Busshaltestelle.-MH.jpg?resize=768%2C494&amp;ssl=1 768w\" sizes=\"auto, (max-width: 960px) 100vw, 960px\" \/><\/a><figcaption id=\"caption-attachment-10116\" class=\"wp-caption-text\">Eher eine Bu\u00dfhaltestelle. MH<\/figcaption><\/figure>\n<hr \/>\n<div id=\"ez-toc-container\" class=\"ez-toc-v2_0_82_2 ez-toc-wrap-center counter-hierarchy ez-toc-counter ez-toc-light-blue ez-toc-container-direction\">\n<div class=\"ez-toc-title-container\">\n<p class=\"ez-toc-title\" style=\"cursor:inherit\">Inhalt<\/p>\n<span class=\"ez-toc-title-toggle\"><a href=\"#\" class=\"ez-toc-pull-right ez-toc-btn ez-toc-btn-xs ez-toc-btn-default ez-toc-toggle\" aria-label=\"Toggle Table of Content\"><span class=\"ez-toc-js-icon-con\"><span class=\"\"><span class=\"eztoc-hide\" style=\"display:none;\">Toggle<\/span><span class=\"ez-toc-icon-toggle-span\"><svg style=\"fill: #999;color:#999\" xmlns=\"http:\/\/www.w3.org\/2000\/svg\" class=\"list-377408\" width=\"20px\" height=\"20px\" viewBox=\"0 0 24 24\" fill=\"none\"><path d=\"M6 6H4v2h2V6zm14 0H8v2h12V6zM4 11h2v2H4v-2zm16 0H8v2h12v-2zM4 16h2v2H4v-2zm16 0H8v2h12v-2z\" fill=\"currentColor\"><\/path><\/svg><svg style=\"fill: #999;color:#999\" class=\"arrow-unsorted-368013\" xmlns=\"http:\/\/www.w3.org\/2000\/svg\" width=\"10px\" height=\"10px\" viewBox=\"0 0 24 24\" version=\"1.2\" baseProfile=\"tiny\"><path d=\"M18.2 9.3l-6.2-6.3-6.2 6.3c-.2.2-.3.4-.3.7s.1.5.3.7c.2.2.4.3.7.3h11c.3 0 .5-.1.7-.3.2-.2.3-.5.3-.7s-.1-.5-.3-.7zM5.8 14.7l6.2 6.3 6.2-6.3c.2-.2.3-.5.3-.7s-.1-.5-.3-.7c-.2-.2-.4-.3-.7-.3h-11c-.3 0-.5.1-.7.3-.2.2-.3.5-.3.7s.1.5.3.7z\"\/><\/svg><\/span><\/span><\/span><\/a><\/span><\/div>\n<nav><ul class='ez-toc-list ez-toc-list-level-1 ' ><li class='ez-toc-page-1 ez-toc-heading-level-3'><a class=\"ez-toc-link ez-toc-heading-1\" href=\"https:\/\/www.kritische-masse.de\/logbuch\/2024\/09\/wenn-gelogenes-zur-gesellschaftlichen-gewohnheit-wird\/#Kahlschlag_Aufwuchs_Relation\" >Kahlschlag, Aufwuchs, Relation<\/a><\/li><li class='ez-toc-page-1 ez-toc-heading-level-3'><a class=\"ez-toc-link ez-toc-heading-2\" href=\"https:\/\/www.kritische-masse.de\/logbuch\/2024\/09\/wenn-gelogenes-zur-gesellschaftlichen-gewohnheit-wird\/#Falsch_bleibt_stehen_%E2%80%A6\" >Falsch bleibt stehen \u2026<\/a><\/li><li class='ez-toc-page-1 ez-toc-heading-level-3'><a class=\"ez-toc-link ez-toc-heading-3\" href=\"https:\/\/www.kritische-masse.de\/logbuch\/2024\/09\/wenn-gelogenes-zur-gesellschaftlichen-gewohnheit-wird\/#Zahlen_Zahlen_Zahlen\" >Zahlen, Zahlen, Zahlen<\/a><\/li><li class='ez-toc-page-1 ez-toc-heading-level-3'><a class=\"ez-toc-link ez-toc-heading-4\" href=\"https:\/\/www.kritische-masse.de\/logbuch\/2024\/09\/wenn-gelogenes-zur-gesellschaftlichen-gewohnheit-wird\/#Rhetorische_Kniffe\" >Rhetorische Kniffe<\/a><\/li><\/ul><\/nav><\/div>\n<h3><span class=\"ez-toc-section\" id=\"Kahlschlag_Aufwuchs_Relation\"><\/span>Kahlschlag, Aufwuchs, Relation<span class=\"ez-toc-section-end\"><\/span><\/h3>\n<p>Merken muss ich mir, dass es heute zur Gewohnheit geronnen ist, dass man einfach mal Dinge so heraushauen und behaupten kann, egal, ob sie nun stimmen oder nicht. Wenn sie stimmen, ist das Problem nicht so wild, aber stimmen sie nicht, muss man sich nicht zu Korrekturen verpflichtet f\u00fchlen. Es sind manchmal nur gef\u00fchlte L\u00fcgen, die man als Wahrheiten verkauft. Manchmal handelt es sich aber auch um \u201ehalbe\u201c Wahrheiten; also welche, die objektiv richtig sind, aber wo wie bei einer Grafik die Ma\u00dfst\u00e4be frei Schnauze gew\u00e4hlt werden. Wenn jemand sagt, dass beispielsweise eine F\u00f6rderung um 50 Prozent abgesenkt worden ist von einem Jahr zum n\u00e4chsten.<\/p>\n<p>2024 = 6000<br \/>\n2025 = 3000<\/p>\n<p>Und einem zudem bekannt ist, dass diese Steigerung im Jahr 2024 als einmalig ausgewiesen worden ist. Ist das dann fair, die K\u00fcrzung um die H\u00e4lfte zu bedauern? Zu bedauern ist es immer, wenn F\u00f6rdersummen von Jahr zu Jahr sinken. Wenn man aber dazu erf\u00e4hrt, dass die F\u00f6rdersumme im Jahr davor:<\/p>\n<p>2023 = 2000<\/p>\n<p>betrug, was die gleich Summer war im Jahr 2021 und 2020. K\u00f6nnte man auch sagen, es habe eine Steigerung gegeben. K\u00f6nnte man \u2026 muss man das? Siehe dazu auch aktuell: <a href=\"https:\/\/www.nmz.de\/politik-betrieb\/kulturpolitik\/verschiebebahnhof-bundeskulturfoerderung\" rel=\"bookmark\">Verschiebebahnhof Bundeskulturf\u00f6rderung \u2013 Kunst und Kultur zwischen Symbolpolitik und Wahlkampf<\/a><\/p>\n<p>Man kann sich die Entwicklung der Jahre 2016 bis 2025 hier nachrechnen:<\/p>\n<h2 id=\"tablepress-1-name\" class=\"tablepress-table-name tablepress-table-name-id-1\">Bundeskulturfondsf\u00f6rderung von 2016 bis 2025 (Soll)<\/h2>\n\n<table id=\"tablepress-1\" class=\"tablepress tablepress-id-1\" aria-labelledby=\"tablepress-1-name\" aria-describedby=\"tablepress-1-description\">\n<thead>\n<tr class=\"row-1\">\n\t<th class=\"column-1\">Jahr<\/th><th class=\"column-2\">2025<\/th><th class=\"column-3\">2024<\/th><th class=\"column-4\">2023<\/th><th class=\"column-5\">2022<\/th><th class=\"column-6\">2021<\/th><th class=\"column-7\">2020<\/th><th class=\"column-8\">2019<\/th><th class=\"column-9\">2018<\/th><th class=\"column-10\">2017<\/th><th class=\"column-11\">2016<\/th>\n<\/tr>\n<\/thead>\n<tbody class=\"row-striping row-hover\">\n<tr class=\"row-2\">\n\t<td class=\"column-1\">Musikfonds<\/td><td class=\"column-2\">2900<\/td><td class=\"column-3\">5400<\/td><td class=\"column-4\">2000<\/td><td class=\"column-5\">2000<\/td><td class=\"column-6\">2000<\/td><td class=\"column-7\">2000<\/td><td class=\"column-8\">2000<\/td><td class=\"column-9\">2008<\/td><td class=\"column-10\">1100<\/td><td class=\"column-11\">1100<\/td>\n<\/tr>\n<tr class=\"row-3\">\n\t<td class=\"column-1\">Bundeskulturfonds (insgesamt)<\/td><td class=\"column-2\">18000<\/td><td class=\"column-3\">34390<\/td><td class=\"column-4\">15333<\/td><td class=\"column-5\">11350<\/td><td class=\"column-6\">11350<\/td><td class=\"column-7\">11150<\/td><td class=\"column-8\">11787<\/td><td class=\"column-9\">12436<\/td><td class=\"column-10\">9308<\/td><td class=\"column-11\">7500<\/td>\n<\/tr>\n<\/tbody>\n<\/table>\n<span id=\"tablepress-1-description\" class=\"tablepress-table-description tablepress-table-description-id-1\">Bundeskulturfonds insgesamt und nur Musikfonds von 2016 bis 2025 anhand von Soll-Zahlen. Tats\u00e4chlich ist im ersten Corona-Jahr 2020 die Summe deutlich h\u00f6her geworden: 12.000 beim Musikfonds und 147.100 insgesamt f\u00fcr die Bundeskulturfonds. Angaben in 1000 Euro.<\/span>\n\n<p><code><div id=\"chartist-tablepress-1-no-2\" class=\"ct-chart ct-perfect-fourth\"><\/div>\n<script data-jetpack-boost=\"ignore\" type=\"text\/javascript\">\njQuery(document).ready(function(){\n\tvar\tdata = {\"series\":[[\"Musikfonds\",2900,5400,2000,2000,2000,2000,2000,2008,1100,1100],[\"Bundeskulturfonds (insgesamt)\",18000,34390,15333,11350,11350,11150,11787,12436,9308,7500]],\"labels\":[\"Jahr\",2025,2024,2023,2022,2021,2020,2019,2018,2017,2016]},\n\t\toptions = { showLine: true, showArea: false, showPoint: true, lineSmooth: true, horizontalBars: false, stackBars: false, labelOffset: false, chartPadding: false, donutWidth: false },\n\t\tsum = function( a, b ) { return a + b; };\n\tvar chart = new Chartist.Line( '#chartist-tablepress-1-no-2', data, options );\n\n\t\n});\n<\/script><\/code><\/p>\n<p>Wenn zum Beispiel der kultur- und medienpolitische Sprecher der SPD-Fraktion im Bundestag, Helge Lindh, am <a href=\"https:\/\/www.spdfraktion.de\/presse\/pressemitteilungen\/kulturfonds-droht-kahlschlag-um-50-prozent\">15. August 2024 erkl\u00e4rt<\/a>: \u201eNach dem wichtigen und notwendigen Haushaltsaufwuchs im Jahr 2024 sollen die Fonds nun fast auf das Vor-Corona-Niveau gesenkt werden.\u201c Jedenfalls ist dieses \u201efast\u201c ein Begriff, der dar\u00fcber hinwegt\u00e4uscht, dass der Betrag sich aktuell immer noch eher fast verdoppelt hat (insgesamt) oder fast um die H\u00e4lfte sich gegen\u00fcber Vor-Corona-Zeit erh\u00f6ht hat (Musikfonds). Seine \u00dcberschrift: \u201eKulturfonds droht Kahlschlag um 50 Prozent\u201c.<\/p>\n<p>Man k\u00f6nnte auch sagen, lieber Herr Lindh, das sei schon fast gelogen \u2026<\/p>\n<p>Dass man innerhalb der Regierungskoalition mit solchen Mitteln arbeitet, scheint mir schon ein deutliches Vorgepl\u00e4nkel auf den Bundestagswahlkampf im n\u00e4chsten Jahr.<\/p>\n<hr \/>\n<h3><span class=\"ez-toc-section\" id=\"Falsch_bleibt_stehen_%E2%80%A6\"><\/span>Falsch bleibt stehen \u2026<span class=\"ez-toc-section-end\"><\/span><\/h3>\n<p>Anderes Beispiel. In der Sache mit der F\u00f6rderung des RISM &#8211; <a href=\"https:\/\/www.nmz.de\/politik-betrieb\/musikleben\/das-quellenlexikon-der-musik-und-eine-fatale-falschmeldung-eine-nmz\">ich habe dar\u00fcber berichtet<\/a> \u2013 wie eine Falschmeldung nicht korrigiert wird \u2013 auch nach Wochen nicht: <a href=\"https:\/\/www.welt.de\/kultur\/klassik\/article252855104\/Claudia-Roth-und-ihre-musikalische-Ignoranz.html\">Wie hier bei der WELT.<\/a> Im Zentrum steht danach eine Mail aus dem Bundeskulturministerium. Die Autorin der FAZ wurde nur \u00fcber deren Inhalt in Kenntnis gesetzt, ohne sie selbst gelesen zu haben. In der WELT wird mit ihr operiert, aber der Welt-Redakteur d\u00fcrfte sie auch nicht gekannt haben, sondern nur Wiederk\u00e4uer sein. Was ist nur der Inhalt dieser omin\u00f6sen Mail? Ich habe sie herausgegeben bekommen. Nach etwas Druck beim BKM. W\u00e4re es nicht auch Aufgabe der FAZ-Autorin gewesen, wenigstens so weit zu recherchieren? Mannomann, was f\u00fcr eine Geheimniskr\u00e4merei.<\/p>\n<p>Unter dem Artikel der Welt ca. 180 Kommentare. Darunter unterste Schublade.<\/p>\n<figure id=\"attachment_10114\" aria-describedby=\"caption-attachment-10114\" style=\"width: 675px\" class=\"wp-caption aligncenter\"><a href=\"https:\/\/i0.wp.com\/www.kritische-masse.de\/logbuch\/wp-content\/uploads\/2024\/09\/Claudia-Roth-und-ihre-musikalische-Ignoranz-WELT.png?ssl=1\"><img data-recalc-dims=\"1\" loading=\"lazy\" decoding=\"async\" data-attachment-id=\"10114\" data-permalink=\"https:\/\/www.kritische-masse.de\/logbuch\/2024\/09\/wenn-gelogenes-zur-gesellschaftlichen-gewohnheit-wird\/claudia-roth-und-ihre-musikalische-ignoranz-welt\/\" data-orig-file=\"https:\/\/i0.wp.com\/www.kritische-masse.de\/logbuch\/wp-content\/uploads\/2024\/09\/Claudia-Roth-und-ihre-musikalische-Ignoranz-WELT.png?fit=675%2C467&amp;ssl=1\" data-orig-size=\"675,467\" data-comments-opened=\"1\" data-image-meta=\"{&quot;aperture&quot;:&quot;0&quot;,&quot;credit&quot;:&quot;&quot;,&quot;camera&quot;:&quot;&quot;,&quot;caption&quot;:&quot;&quot;,&quot;created_timestamp&quot;:&quot;0&quot;,&quot;copyright&quot;:&quot;&quot;,&quot;focal_length&quot;:&quot;0&quot;,&quot;iso&quot;:&quot;0&quot;,&quot;shutter_speed&quot;:&quot;0&quot;,&quot;title&quot;:&quot;&quot;,&quot;orientation&quot;:&quot;0&quot;}\" data-image-title=\"Claudia Roth und ihre musikalische Ignoranz WELT\" data-image-description=\"&lt;p&gt;Claudia Roth und ihre musikalische Ignoranz WELT&lt;\/p&gt;\n\" data-image-caption=\"&lt;p&gt;Claudia Roth und ihre musikalische Ignoranz WELT&lt;\/p&gt;\n\" data-large-file=\"https:\/\/i0.wp.com\/www.kritische-masse.de\/logbuch\/wp-content\/uploads\/2024\/09\/Claudia-Roth-und-ihre-musikalische-Ignoranz-WELT.png?fit=675%2C467&amp;ssl=1\" class=\"size-full wp-image-10114\" title=\"Claudia Roth und ihre musikalische Ignoranz WELT\" src=\"https:\/\/i0.wp.com\/www.kritische-masse.de\/logbuch\/wp-content\/uploads\/2024\/09\/Claudia-Roth-und-ihre-musikalische-Ignoranz-WELT.png?resize=675%2C467&#038;ssl=1\" alt=\"Claudia Roth und ihre musikalische Ignoranz WELT\" width=\"675\" height=\"467\" srcset=\"https:\/\/i0.wp.com\/www.kritische-masse.de\/logbuch\/wp-content\/uploads\/2024\/09\/Claudia-Roth-und-ihre-musikalische-Ignoranz-WELT.png?w=675&amp;ssl=1 675w, https:\/\/i0.wp.com\/www.kritische-masse.de\/logbuch\/wp-content\/uploads\/2024\/09\/Claudia-Roth-und-ihre-musikalische-Ignoranz-WELT.png?resize=300%2C208&amp;ssl=1 300w\" sizes=\"auto, (max-width: 675px) 100vw, 675px\" \/><\/a><figcaption id=\"caption-attachment-10114\" class=\"wp-caption-text\">Claudia Roth und ihre musikalische Ignoranz WELT<\/figcaption><\/figure>\n<p>Nur ein Ausschnitt. Damit macht die WELT sich gemein mit ihren Kommentatoren, zumal die Falschmeldung nie korrigiert worden ist. Auch da kann man erkennen, dass die WELT eine ganz eigene Agenda f\u00e4hrt, die eben nicht an der Sache orientiert ist, sondern am Politikmachen.<\/p>\n<hr \/>\n<h3><span class=\"ez-toc-section\" id=\"Zahlen_Zahlen_Zahlen\"><\/span>Zahlen, Zahlen, Zahlen<span class=\"ez-toc-section-end\"><\/span><\/h3>\n<p>So waren die Tage davor vorwiegend gepr\u00e4gt durch Recherchen und Mailverkehr, Kommunikation mit Menschen auf den diversen Sozialen Plattformen. Das ist anstrengend und geht an die Nerven. Der September ist naturgem\u00e4\u00df der schwierigste Monat im Jahr. Eine Folge des Durcharbeitens von Januar bis jetzt. Viele Kleinigkeiten t\u00fcrmen sich zu mittleren Problemen. Mit jedem \u201eErfolg\u201c steigt das Tal, das danach kommt. Jeder neue Spa\u00df bedeutet neuen \u00c4rger.<\/p>\n<hr \/>\n<h3><span class=\"ez-toc-section\" id=\"Rhetorische_Kniffe\"><\/span>Rhetorische Kniffe<span class=\"ez-toc-section-end\"><\/span><\/h3>\n<p>Dazugeh\u00f6rt auch, dass man, wie man eine Frage stellt. Neulich <a href=\"https:\/\/x.com\/ulfposh\/status\/1829956300392075315?s=46&amp;t=G_R4fKeJHjluP7_a_zsInw\">Ulf Poschhardt auf X<\/a>:<\/p>\n<blockquote><p><span class=\"css-1jxf684 r-bcqeeo r-1ttztb7 r-qvutc0 r-poiln3\">verstehen eigentlich die agenten des linksrucks der vergangenen jahre, dass der rechtsruck auch etwas mit ihnem wirken zu tun hat? (ernst gemeinte frage)<\/span><\/p><\/blockquote>\n<p>Eine Frage, die man mit Ja oder Nein beantworten kann; damit aber nichts gewinnt, weil damit die Unterstellung stehen bleibt. So wie wenn man Ulf P. fragte:<\/p>\n<blockquote><p>Wissen eigentlich ihre Nachbarn, dass Sie Ihre Kinder schlagen? Anworten Sie einfach mit Ja oder Nein.<\/p><\/blockquote>\n<p>So ist die Frage eben keine Frage, sondern eine Unterstellung. Ulf P. wei\u00df das nat\u00fcrlich \u2026<\/p>\n<div class=\"shariff shariff-align-left shariff-widget-align-left\"><ul class=\"shariff-buttons theme-white orientation-horizontal buttonsize-small\"><li class=\"shariff-button mastodon shariff-nocustomcolor\" style=\"background-color:#563ACC\"><a href=\"https:\/\/s2f.kytta.dev\/?text=Wenn%20Gelogenes%20zur%20gesellschaftlichen%20Gewohnheit%20wird https%3A%2F%2Fwww.kritische-masse.de%2Flogbuch%2F2024%2F09%2Fwenn-gelogenes-zur-gesellschaftlichen-gewohnheit-wird%2F\" title=\"Bei Mastodon teilen\" aria-label=\"Bei Mastodon teilen\" role=\"button\" rel=\"noopener nofollow\" class=\"shariff-link\" style=\"; background-color:#6364FF; color:#6364FF\" target=\"_blank\"><span class=\"shariff-icon\" style=\"fill:#6364FF\"><svg width=\"75\" height=\"79\" viewBox=\"0 0 75 79\" fill=\"none\" xmlns=\"http:\/\/www.w3.org\/2000\/svg\"><path d=\"M37.813-.025C32.462-.058 27.114.13 21.79.598c-8.544.621-17.214 5.58-20.203 13.931C-1.12 23.318.408 32.622.465 41.65c.375 7.316.943 14.78 3.392 21.73 4.365 9.465 14.781 14.537 24.782 15.385 7.64.698 15.761-.213 22.517-4.026a54.1 54.1 0 0 0 .01-6.232c-6.855 1.316-14.101 2.609-21.049 1.074-3.883-.88-6.876-4.237-7.25-8.215-1.53-3.988 3.78-.43 5.584-.883 9.048 1.224 18.282.776 27.303-.462 7.044-.837 14.26-4.788 16.65-11.833 2.263-6.135 1.215-12.79 1.698-19.177.06-3.84.09-7.692-.262-11.52C72.596 7.844 63.223.981 53.834.684a219.453 219.453 0 0 0-16.022-.71zm11.294 12.882c5.5-.067 10.801 4.143 11.67 9.653.338 1.48.471 3 .471 4.515v21.088h-8.357c-.07-7.588.153-15.182-.131-22.765-.587-4.368-7.04-5.747-9.672-2.397-2.422 3.04-1.47 7.155-1.67 10.735v6.392h-8.307c-.146-4.996.359-10.045-.404-15.002-1.108-4.218-7.809-5.565-10.094-1.666-1.685 3.046-.712 6.634-.976 9.936v14.767h-8.354c.109-8.165-.238-16.344.215-24.5.674-5.346 5.095-10.389 10.676-10.627 4.902-.739 10.103 2.038 12.053 6.631.375 1.435 1.76 1.932 1.994.084 1.844-3.704 5.501-6.739 9.785-6.771.367-.044.735-.068 1.101-.073z\"\/><defs><linearGradient id=\"paint0_linear_549_34\" x1=\"37.0692\" y1=\"0\" x2=\"37.0692\" y2=\"79\" gradientUnits=\"userSpaceOnUse\"><stop stop-color=\"#6364FF\"\/><stop offset=\"1\" stop-color=\"#563ACC\"\/><\/linearGradient><\/defs><\/svg><\/span><span class=\"shariff-text\" style=\"color:#6364FF\">teilen<\/span>&nbsp;<\/a><\/li><li class=\"shariff-button bluesky shariff-nocustomcolor\" style=\"background-color:#84c4ff\"><a href=\"https:\/\/bsky.app\/intent\/compose?text=Wenn%20Gelogenes%20zur%20gesellschaftlichen%20Gewohnheit%20wird https%3A%2F%2Fwww.kritische-masse.de%2Flogbuch%2F2024%2F09%2Fwenn-gelogenes-zur-gesellschaftlichen-gewohnheit-wird%2F \" title=\"Bei Bluesky teilen\" aria-label=\"Bei Bluesky teilen\" role=\"button\" rel=\"noopener nofollow\" class=\"shariff-link\" style=\"; background-color:#0085ff; color:#0085ff\" target=\"_blank\"><span class=\"shariff-icon\" style=\"fill:#0085ff\"><svg width=\"20\" height=\"20\" version=\"1.1\" xmlns=\"http:\/\/www.w3.org\/2000\/svg\" viewBox=\"0 0 20 20\"><path class=\"st0\" d=\"M4.89,3.12c2.07,1.55,4.3,4.71,5.11,6.4.82-1.69,3.04-4.84,5.11-6.4,1.49-1.12,3.91-1.99,3.91.77,0,.55-.32,4.63-.5,5.3-.64,2.3-2.99,2.89-5.08,2.54,3.65.62,4.58,2.68,2.57,4.74-3.81,3.91-5.48-.98-5.9-2.23-.08-.23-.11-.34-.12-.25,0-.09-.04.02-.12.25-.43,1.25-2.09,6.14-5.9,2.23-2.01-2.06-1.08-4.12,2.57-4.74-2.09.36-4.44-.23-5.08-2.54-.19-.66-.5-4.74-.5-5.3,0-2.76,2.42-1.89,3.91-.77h0Z\"\/><\/svg><\/span><span class=\"shariff-text\" style=\"color:#0085ff\">teilen<\/span>&nbsp;<\/a><\/li><li class=\"shariff-button threema shariff-nocustomcolor shariff-mobile\" style=\"background-color:#4fbc24\"><a href=\"threema:\/\/compose?text=Wenn%20Gelogenes%20zur%20gesellschaftlichen%20Gewohnheit%20wird%20https%3A%2F%2Fwww.kritische-masse.de%2Flogbuch%2F2024%2F09%2Fwenn-gelogenes-zur-gesellschaftlichen-gewohnheit-wird%2F\" title=\"Bei Threema teilen\" aria-label=\"Bei Threema teilen\" role=\"button\" rel=\"noopener nofollow\" class=\"shariff-link\" style=\"; background-color:#1f1f1f; color:#1f1f1f\" target=\"_blank\"><span class=\"shariff-icon\" style=\"fill:#1f1f1f\"><svg width=\"32px\" height=\"20px\" xmlns=\"http:\/\/www.w3.org\/2000\/svg\" viewBox=\"0 0 32 32\"><path fill=\"#1f1f1f\" d=\"M30.8 10.9c-0.3-1.4-0.9-2.6-1.8-3.8-2-2.6-5.5-4.5-9.4-5.2-1.3-0.2-1.9-0.3-3.5-0.3s-2.2 0-3.5 0.3c-4 0.7-7.4 2.6-9.4 5.2-0.9 1.2-1.5 2.4-1.8 3.8-0.1 0.5-0.2 1.2-0.2 1.6 0 0.4 0.1 1.1 0.2 1.6 0.4 1.9 1.3 3.4 2.9 5 0.8 0.8 0.8 0.8 0.7 1.3 0 0.6-0.5 1.6-1.7 3.6-0.3 0.5-0.5 0.9-0.5 0.9 0 0.1 0.1 0.1 0.5 0 0.8-0.2 2.3-0.6 5.6-1.6 1.1-0.3 1.3-0.4 2.3-0.4 0.8 0 1.1 0 2.3 0.2 1.5 0.2 3.5 0.2 4.9 0 5.1-0.6 9.3-2.9 11.4-6.3 0.5-0.9 0.9-1.8 1.1-2.8 0.1-0.5 0.2-1.1 0.2-1.6 0-0.7-0.1-1.1-0.2-1.6-0.3-1.4 0.1 0.5 0 0zM20.6 17.3c0 0.4-0.4 0.8-0.8 0.8h-7.7c-0.4 0-0.8-0.4-0.8-0.8v-4.6c0-0.4 0.4-0.8 0.8-0.8h0.2l0-1.6c0-0.9 0-1.8 0.1-2 0.1-0.6 0.6-1.2 1.1-1.7s1.1-0.7 1.9-0.8c1.8-0.3 3.7 0.7 4.2 2.2 0.1 0.3 0.1 0.7 0.1 2.1v0 1.7h0.1c0.4 0 0.8 0.4 0.8 0.8v4.6zM15.6 7.3c-0.5 0.1-0.8 0.3-1.2 0.6s-0.6 0.8-0.7 1.3c0 0.2 0 0.8 0 1.5l0 1.2h4.6v-1.3c0-1 0-1.4-0.1-1.6-0.3-1.1-1.5-1.9-2.6-1.7zM25.8 28.2c0 1.2-1 2.2-2.1 2.2s-2.1-1-2.1-2.1c0-1.2 1-2.1 2.2-2.1s2.2 1 2.2 2.2zM18.1 28.2c0 1.2-1 2.2-2.1 2.2s-2.1-1-2.1-2.1c0-1.2 1-2.1 2.2-2.1s2.2 1 2.2 2.2zM10.4 28.2c0 1.2-1 2.2-2.1 2.2s-2.1-1-2.1-2.1c0-1.2 1-2.1 2.2-2.1s2.2 1 2.2 2.2z\"\/><\/svg><\/span><span class=\"shariff-text\" style=\"color:#1f1f1f\">teilen<\/span>&nbsp;<\/a><\/li><li class=\"shariff-button facebook shariff-nocustomcolor\" style=\"background-color:#4273c8\"><a href=\"https:\/\/www.facebook.com\/sharer\/sharer.php?u=https%3A%2F%2Fwww.kritische-masse.de%2Flogbuch%2F2024%2F09%2Fwenn-gelogenes-zur-gesellschaftlichen-gewohnheit-wird%2F\" title=\"Bei Facebook teilen\" aria-label=\"Bei Facebook teilen\" role=\"button\" rel=\"nofollow\" class=\"shariff-link\" style=\"; background-color:#3b5998; color:#3b5998\" target=\"_blank\"><span class=\"shariff-icon\" style=\"fill:#3b5998\"><svg width=\"32px\" height=\"20px\" xmlns=\"http:\/\/www.w3.org\/2000\/svg\" viewBox=\"0 0 18 32\"><path fill=\"#3b5998\" d=\"M17.1 0.2v4.7h-2.8q-1.5 0-2.1 0.6t-0.5 1.9v3.4h5.2l-0.7 5.3h-4.5v13.6h-5.5v-13.6h-4.5v-5.3h4.5v-3.9q0-3.3 1.9-5.2t5-1.8q2.6 0 4.1 0.2z\"\/><\/svg><\/span><span class=\"shariff-text\" style=\"color:#3b5998\">teilen<\/span>&nbsp;<\/a><\/li><li class=\"shariff-button info shariff-nocustomcolor\" style=\"background-color:#a8a8a8\"><a href=\"http:\/\/ct.de\/-2467514\" title=\"Weitere Informationen\" aria-label=\"Weitere Informationen\" role=\"button\" rel=\"noopener \" class=\"shariff-link\" style=\"; background-color:#999; color:#999\" target=\"_blank\"><span class=\"shariff-icon\" style=\"fill:#999\"><svg width=\"32px\" height=\"20px\" xmlns=\"http:\/\/www.w3.org\/2000\/svg\" viewBox=\"0 0 11 32\"><path fill=\"#999\" d=\"M11.4 24v2.3q0 0.5-0.3 0.8t-0.8 0.4h-9.1q-0.5 0-0.8-0.4t-0.4-0.8v-2.3q0-0.5 0.4-0.8t0.8-0.4h1.1v-6.8h-1.1q-0.5 0-0.8-0.4t-0.4-0.8v-2.3q0-0.5 0.4-0.8t0.8-0.4h6.8q0.5 0 0.8 0.4t0.4 0.8v10.3h1.1q0.5 0 0.8 0.4t0.3 0.8zM9.2 3.4v3.4q0 0.5-0.4 0.8t-0.8 0.4h-4.6q-0.4 0-0.8-0.4t-0.4-0.8v-3.4q0-0.4 0.4-0.8t0.8-0.4h4.6q0.5 0 0.8 0.4t0.4 0.8z\"\/><\/svg><\/span><\/a><\/li><\/ul><\/div>","protected":false},"excerpt":{"rendered":"<p>Wenn Gelogenes zur gesellschaftlichen Gewohnheit wird \u2026 weil es alle so machen, erodiert der letzte Rest politischer und journalistischer Kommunikation. Fakten sind immer Relationen und so kann man zwar mit den Fakten selbst recht haben, aber dennoch durch Verschweigen von Relationen zugleich \u201el\u00fcgen\u201c. Und \u00fcber Fragen, die Unterstellungen sind \u2026<\/p>\n<div class=\"shariff shariff-align-left shariff-widget-align-left\"><ul class=\"shariff-buttons theme-white orientation-horizontal buttonsize-small\"><li class=\"shariff-button mastodon shariff-nocustomcolor\" style=\"background-color:#563ACC\"><a href=\"https:\/\/s2f.kytta.dev\/?text=Wenn%20Gelogenes%20zur%20gesellschaftlichen%20Gewohnheit%20wird https%3A%2F%2Fwww.kritische-masse.de%2Flogbuch%2F2024%2F09%2Fwenn-gelogenes-zur-gesellschaftlichen-gewohnheit-wird%2F\" title=\"Bei Mastodon teilen\" aria-label=\"Bei Mastodon teilen\" role=\"button\" rel=\"noopener nofollow\" class=\"shariff-link\" style=\"; background-color:#6364FF; color:#6364FF\" target=\"_blank\"><span class=\"shariff-icon\" style=\"fill:#6364FF\"><svg width=\"75\" height=\"79\" viewBox=\"0 0 75 79\" fill=\"none\" xmlns=\"http:\/\/www.w3.org\/2000\/svg\"><path d=\"M37.813-.025C32.462-.058 27.114.13 21.79.598c-8.544.621-17.214 5.58-20.203 13.931C-1.12 23.318.408 32.622.465 41.65c.375 7.316.943 14.78 3.392 21.73 4.365 9.465 14.781 14.537 24.782 15.385 7.64.698 15.761-.213 22.517-4.026a54.1 54.1 0 0 0 .01-6.232c-6.855 1.316-14.101 2.609-21.049 1.074-3.883-.88-6.876-4.237-7.25-8.215-1.53-3.988 3.78-.43 5.584-.883 9.048 1.224 18.282.776 27.303-.462 7.044-.837 14.26-4.788 16.65-11.833 2.263-6.135 1.215-12.79 1.698-19.177.06-3.84.09-7.692-.262-11.52C72.596 7.844 63.223.981 53.834.684a219.453 219.453 0 0 0-16.022-.71zm11.294 12.882c5.5-.067 10.801 4.143 11.67 9.653.338 1.48.471 3 .471 4.515v21.088h-8.357c-.07-7.588.153-15.182-.131-22.765-.587-4.368-7.04-5.747-9.672-2.397-2.422 3.04-1.47 7.155-1.67 10.735v6.392h-8.307c-.146-4.996.359-10.045-.404-15.002-1.108-4.218-7.809-5.565-10.094-1.666-1.685 3.046-.712 6.634-.976 9.936v14.767h-8.354c.109-8.165-.238-16.344.215-24.5.674-5.346 5.095-10.389 10.676-10.627 4.902-.739 10.103 2.038 12.053 6.631.375 1.435 1.76 1.932 1.994.084 1.844-3.704 5.501-6.739 9.785-6.771.367-.044.735-.068 1.101-.073z\"\/><defs><linearGradient id=\"paint0_linear_549_34\" x1=\"37.0692\" y1=\"0\" x2=\"37.0692\" y2=\"79\" gradientUnits=\"userSpaceOnUse\"><stop stop-color=\"#6364FF\"\/><stop offset=\"1\" stop-color=\"#563ACC\"\/><\/linearGradient><\/defs><\/svg><\/span><span class=\"shariff-text\" style=\"color:#6364FF\">teilen<\/span>&nbsp;<\/a><\/li><li class=\"shariff-button bluesky shariff-nocustomcolor\" style=\"background-color:#84c4ff\"><a href=\"https:\/\/bsky.app\/intent\/compose?text=Wenn%20Gelogenes%20zur%20gesellschaftlichen%20Gewohnheit%20wird https%3A%2F%2Fwww.kritische-masse.de%2Flogbuch%2F2024%2F09%2Fwenn-gelogenes-zur-gesellschaftlichen-gewohnheit-wird%2F \" title=\"Bei Bluesky teilen\" aria-label=\"Bei Bluesky teilen\" role=\"button\" rel=\"noopener nofollow\" class=\"shariff-link\" style=\"; background-color:#0085ff; color:#0085ff\" target=\"_blank\"><span class=\"shariff-icon\" style=\"fill:#0085ff\"><svg width=\"20\" height=\"20\" version=\"1.1\" xmlns=\"http:\/\/www.w3.org\/2000\/svg\" viewBox=\"0 0 20 20\"><path class=\"st0\" d=\"M4.89,3.12c2.07,1.55,4.3,4.71,5.11,6.4.82-1.69,3.04-4.84,5.11-6.4,1.49-1.12,3.91-1.99,3.91.77,0,.55-.32,4.63-.5,5.3-.64,2.3-2.99,2.89-5.08,2.54,3.65.62,4.58,2.68,2.57,4.74-3.81,3.91-5.48-.98-5.9-2.23-.08-.23-.11-.34-.12-.25,0-.09-.04.02-.12.25-.43,1.25-2.09,6.14-5.9,2.23-2.01-2.06-1.08-4.12,2.57-4.74-2.09.36-4.44-.23-5.08-2.54-.19-.66-.5-4.74-.5-5.3,0-2.76,2.42-1.89,3.91-.77h0Z\"\/><\/svg><\/span><span class=\"shariff-text\" style=\"color:#0085ff\">teilen<\/span>&nbsp;<\/a><\/li><li class=\"shariff-button threema shariff-nocustomcolor shariff-mobile\" style=\"background-color:#4fbc24\"><a href=\"threema:\/\/compose?text=Wenn%20Gelogenes%20zur%20gesellschaftlichen%20Gewohnheit%20wird%20https%3A%2F%2Fwww.kritische-masse.de%2Flogbuch%2F2024%2F09%2Fwenn-gelogenes-zur-gesellschaftlichen-gewohnheit-wird%2F\" title=\"Bei Threema teilen\" aria-label=\"Bei Threema teilen\" role=\"button\" rel=\"noopener nofollow\" class=\"shariff-link\" style=\"; background-color:#1f1f1f; color:#1f1f1f\" target=\"_blank\"><span class=\"shariff-icon\" style=\"fill:#1f1f1f\"><svg width=\"32px\" height=\"20px\" xmlns=\"http:\/\/www.w3.org\/2000\/svg\" viewBox=\"0 0 32 32\"><path fill=\"#1f1f1f\" d=\"M30.8 10.9c-0.3-1.4-0.9-2.6-1.8-3.8-2-2.6-5.5-4.5-9.4-5.2-1.3-0.2-1.9-0.3-3.5-0.3s-2.2 0-3.5 0.3c-4 0.7-7.4 2.6-9.4 5.2-0.9 1.2-1.5 2.4-1.8 3.8-0.1 0.5-0.2 1.2-0.2 1.6 0 0.4 0.1 1.1 0.2 1.6 0.4 1.9 1.3 3.4 2.9 5 0.8 0.8 0.8 0.8 0.7 1.3 0 0.6-0.5 1.6-1.7 3.6-0.3 0.5-0.5 0.9-0.5 0.9 0 0.1 0.1 0.1 0.5 0 0.8-0.2 2.3-0.6 5.6-1.6 1.1-0.3 1.3-0.4 2.3-0.4 0.8 0 1.1 0 2.3 0.2 1.5 0.2 3.5 0.2 4.9 0 5.1-0.6 9.3-2.9 11.4-6.3 0.5-0.9 0.9-1.8 1.1-2.8 0.1-0.5 0.2-1.1 0.2-1.6 0-0.7-0.1-1.1-0.2-1.6-0.3-1.4 0.1 0.5 0 0zM20.6 17.3c0 0.4-0.4 0.8-0.8 0.8h-7.7c-0.4 0-0.8-0.4-0.8-0.8v-4.6c0-0.4 0.4-0.8 0.8-0.8h0.2l0-1.6c0-0.9 0-1.8 0.1-2 0.1-0.6 0.6-1.2 1.1-1.7s1.1-0.7 1.9-0.8c1.8-0.3 3.7 0.7 4.2 2.2 0.1 0.3 0.1 0.7 0.1 2.1v0 1.7h0.1c0.4 0 0.8 0.4 0.8 0.8v4.6zM15.6 7.3c-0.5 0.1-0.8 0.3-1.2 0.6s-0.6 0.8-0.7 1.3c0 0.2 0 0.8 0 1.5l0 1.2h4.6v-1.3c0-1 0-1.4-0.1-1.6-0.3-1.1-1.5-1.9-2.6-1.7zM25.8 28.2c0 1.2-1 2.2-2.1 2.2s-2.1-1-2.1-2.1c0-1.2 1-2.1 2.2-2.1s2.2 1 2.2 2.2zM18.1 28.2c0 1.2-1 2.2-2.1 2.2s-2.1-1-2.1-2.1c0-1.2 1-2.1 2.2-2.1s2.2 1 2.2 2.2zM10.4 28.2c0 1.2-1 2.2-2.1 2.2s-2.1-1-2.1-2.1c0-1.2 1-2.1 2.2-2.1s2.2 1 2.2 2.2z\"\/><\/svg><\/span><span class=\"shariff-text\" style=\"color:#1f1f1f\">teilen<\/span>&nbsp;<\/a><\/li><li class=\"shariff-button facebook shariff-nocustomcolor\" style=\"background-color:#4273c8\"><a href=\"https:\/\/www.facebook.com\/sharer\/sharer.php?u=https%3A%2F%2Fwww.kritische-masse.de%2Flogbuch%2F2024%2F09%2Fwenn-gelogenes-zur-gesellschaftlichen-gewohnheit-wird%2F\" title=\"Bei Facebook teilen\" aria-label=\"Bei Facebook teilen\" role=\"button\" rel=\"nofollow\" class=\"shariff-link\" style=\"; background-color:#3b5998; color:#3b5998\" target=\"_blank\"><span class=\"shariff-icon\" style=\"fill:#3b5998\"><svg width=\"32px\" height=\"20px\" xmlns=\"http:\/\/www.w3.org\/2000\/svg\" viewBox=\"0 0 18 32\"><path fill=\"#3b5998\" d=\"M17.1 0.2v4.7h-2.8q-1.5 0-2.1 0.6t-0.5 1.9v3.4h5.2l-0.7 5.3h-4.5v13.6h-5.5v-13.6h-4.5v-5.3h4.5v-3.9q0-3.3 1.9-5.2t5-1.8q2.6 0 4.1 0.2z\"\/><\/svg><\/span><span class=\"shariff-text\" style=\"color:#3b5998\">teilen<\/span>&nbsp;<\/a><\/li><li class=\"shariff-button info shariff-nocustomcolor\" style=\"background-color:#a8a8a8\"><a href=\"http:\/\/ct.de\/-2467514\" title=\"Weitere Informationen\" aria-label=\"Weitere Informationen\" role=\"button\" rel=\"noopener \" class=\"shariff-link\" style=\"; background-color:#999; color:#999\" target=\"_blank\"><span class=\"shariff-icon\" style=\"fill:#999\"><svg width=\"32px\" height=\"20px\" xmlns=\"http:\/\/www.w3.org\/2000\/svg\" viewBox=\"0 0 11 32\"><path fill=\"#999\" d=\"M11.4 24v2.3q0 0.5-0.3 0.8t-0.8 0.4h-9.1q-0.5 0-0.8-0.4t-0.4-0.8v-2.3q0-0.5 0.4-0.8t0.8-0.4h1.1v-6.8h-1.1q-0.5 0-0.8-0.4t-0.4-0.8v-2.3q0-0.5 0.4-0.8t0.8-0.4h6.8q0.5 0 0.8 0.4t0.4 0.8v10.3h1.1q0.5 0 0.8 0.4t0.3 0.8zM9.2 3.4v3.4q0 0.5-0.4 0.8t-0.8 0.4h-4.6q-0.4 0-0.8-0.4t-0.4-0.8v-3.4q0-0.4 0.4-0.8t0.8-0.4h4.6q0.5 0 0.8 0.4t0.4 0.8z\"\/><\/svg><\/span><\/a><\/li><\/ul><\/div>","protected":false},"author":1,"featured_media":10116,"comment_status":"open","ping_status":"open","sticky":false,"template":"","format":"standard","meta":{"ocean_post_layout":"","ocean_both_sidebars_style":"","ocean_both_sidebars_content_width":0,"ocean_both_sidebars_sidebars_width":0,"ocean_sidebar":"","ocean_second_sidebar":"","ocean_disable_margins":"enable","ocean_add_body_class":"","ocean_shortcode_before_top_bar":"","ocean_shortcode_after_top_bar":"","ocean_shortcode_before_header":"","ocean_shortcode_after_header":"","ocean_has_shortcode":"","ocean_shortcode_after_title":"","ocean_shortcode_before_footer_widgets":"","ocean_shortcode_after_footer_widgets":"","ocean_shortcode_before_footer_bottom":"","ocean_shortcode_after_footer_bottom":"","ocean_display_top_bar":"default","ocean_display_header":"default","ocean_header_style":"","ocean_center_header_left_menu":"","ocean_custom_header_template":"","ocean_custom_logo":0,"ocean_custom_retina_logo":0,"ocean_custom_logo_max_width":0,"ocean_custom_logo_tablet_max_width":0,"ocean_custom_logo_mobile_max_width":0,"ocean_custom_logo_max_height":0,"ocean_custom_logo_tablet_max_height":0,"ocean_custom_logo_mobile_max_height":0,"ocean_header_custom_menu":"","ocean_menu_typo_font_family":"","ocean_menu_typo_font_subset":"","ocean_menu_typo_font_size":0,"ocean_menu_typo_font_size_tablet":0,"ocean_menu_typo_font_size_mobile":0,"ocean_menu_typo_font_size_unit":"px","ocean_menu_typo_font_weight":"","ocean_menu_typo_font_weight_tablet":"","ocean_menu_typo_font_weight_mobile":"","ocean_menu_typo_transform":"","ocean_menu_typo_transform_tablet":"","ocean_menu_typo_transform_mobile":"","ocean_menu_typo_line_height":0,"ocean_menu_typo_line_height_tablet":0,"ocean_menu_typo_line_height_mobile":0,"ocean_menu_typo_line_height_unit":"","ocean_menu_typo_spacing":0,"ocean_menu_typo_spacing_tablet":0,"ocean_menu_typo_spacing_mobile":0,"ocean_menu_typo_spacing_unit":"","ocean_menu_link_color":"","ocean_menu_link_color_hover":"","ocean_menu_link_color_active":"","ocean_menu_link_background":"","ocean_menu_link_hover_background":"","ocean_menu_link_active_background":"","ocean_menu_social_links_bg":"","ocean_menu_social_hover_links_bg":"","ocean_menu_social_links_color":"","ocean_menu_social_hover_links_color":"","ocean_disable_title":"default","ocean_disable_heading":"default","ocean_post_title":"","ocean_post_subheading":"","ocean_post_title_style":"","ocean_post_title_background_color":"","ocean_post_title_background":0,"ocean_post_title_bg_image_position":"","ocean_post_title_bg_image_attachment":"","ocean_post_title_bg_image_repeat":"","ocean_post_title_bg_image_size":"","ocean_post_title_height":0,"ocean_post_title_bg_overlay":0.5,"ocean_post_title_bg_overlay_color":"","ocean_disable_breadcrumbs":"default","ocean_breadcrumbs_color":"","ocean_breadcrumbs_separator_color":"","ocean_breadcrumbs_links_color":"","ocean_breadcrumbs_links_hover_color":"","ocean_display_footer_widgets":"default","ocean_display_footer_bottom":"default","ocean_custom_footer_template":"","osh_disable_topbar_sticky":"default","osh_disable_header_sticky":"default","osh_sticky_header_style":"default","osh_sticky_header_effect":"","osh_custom_sticky_logo":0,"osh_custom_retina_sticky_logo":0,"osh_custom_sticky_logo_height":0,"osh_background_color":"","osh_links_color":"","osh_links_hover_color":"","osh_links_active_color":"","osh_links_bg_color":"","osh_links_hover_bg_color":"","osh_links_active_bg_color":"","osh_menu_social_links_color":"","osh_menu_social_hover_links_color":"","_FSMCFIC_featured_image_caption":"","_FSMCFIC_featured_image_nocaption":"","_FSMCFIC_featured_image_hide":"","_metis_text_type":"standard","_metis_text_length":6077,"_post_count":0,"_jetpack_memberships_contains_paid_content":false,"activitypub_content_warning":"","activitypub_content_visibility":"","activitypub_max_image_attachments":4,"activitypub_interaction_policy_quote":"anyone","activitypub_status":"","ocean_post_oembed":"","ocean_post_self_hosted_media":"","ocean_post_video_embed":"","ocean_link_format":"","ocean_link_format_target":"self","ocean_quote_format":"","ocean_quote_format_link":"post","ocean_gallery_link_images":"on","ocean_gallery_id":[],"footnotes":"","jetpack_publicize_message":"","jetpack_publicize_feature_enabled":true,"jetpack_social_post_already_shared":true,"jetpack_social_options":{"image_generator_settings":{"template":"highway","default_image_id":0,"font":"","enabled":false},"version":2}},"categories":[4186,2647,2695,2655,2654],"tags":[4299,4306],"class_list":["post-10112","post","type-post","status-publish","format-standard","has-post-thumbnail","hentry","category-die-politik","category-angriffauf","category-die-kultur","category-ich","category-privates","tag-bundeskulturfonds","tag-fakenews","entry","has-media"],"yoast_head":"<!-- This site is optimized with the Yoast SEO plugin v27.5 - https:\/\/yoast.com\/product\/yoast-seo-wordpress\/ -->\n<title>Wenn Gelogenes zur gesellschaftlichen Gewohnheit wird - Kritische Masse<\/title>\n<meta name=\"robots\" content=\"index, follow, max-snippet:-1, max-image-preview:large, max-video-preview:-1\" \/>\n<link rel=\"canonical\" href=\"https:\/\/www.kritische-masse.de\/logbuch\/2024\/09\/wenn-gelogenes-zur-gesellschaftlichen-gewohnheit-wird\/\" \/>\n<meta property=\"og:locale\" content=\"de_DE\" \/>\n<meta property=\"og:type\" content=\"article\" \/>\n<meta property=\"og:title\" content=\"Wenn Gelogenes zur gesellschaftlichen Gewohnheit wird - Kritische Masse\" \/>\n<meta property=\"og:description\" content=\"Wenn Gelogenes zur gesellschaftlichen Gewohnheit wird \u2026 weil es alle so machen, erodiert der letzte Rest politischer und journalistischer Kommunikation. Fakten sind immer Relationen und so kann man zwar mit den Fakten selbst recht haben, aber dennoch durch Verschweigen von Relationen zugleich \u201el\u00fcgen\u201c. Und \u00fcber Fragen, die Unterstellungen sind \u2026\" \/>\n<meta property=\"og:url\" content=\"https:\/\/www.kritische-masse.de\/logbuch\/2024\/09\/wenn-gelogenes-zur-gesellschaftlichen-gewohnheit-wird\/\" \/>\n<meta property=\"og:site_name\" content=\"Kritische Masse\" \/>\n<meta property=\"article:publisher\" content=\"https:\/\/www.facebook.com\/hufner\" \/>\n<meta property=\"article:author\" content=\"https:\/\/www.facebook.com\/hufner\" \/>\n<meta property=\"article:published_time\" content=\"2024-09-04T08:27:44+00:00\" \/>\n<meta property=\"article:modified_time\" content=\"2024-09-04T12:25:10+00:00\" \/>\n<meta property=\"og:image\" content=\"https:\/\/www.kritische-masse.de\/logbuch\/wp-content\/uploads\/2024\/09\/Eher-eine-Busshaltestelle.-MH.jpg\" \/>\n\t<meta property=\"og:image:width\" content=\"960\" \/>\n\t<meta property=\"og:image:height\" content=\"618\" \/>\n\t<meta property=\"og:image:type\" content=\"image\/jpeg\" \/>\n<meta name=\"author\" content=\"der huflaikhan\" \/>\n<meta name=\"twitter:label1\" content=\"Verfasst von\" \/>\n\t<meta name=\"twitter:data1\" content=\"der huflaikhan\" \/>\n\t<meta name=\"twitter:label2\" content=\"Gesch\u00e4tzte Lesezeit\" \/>\n\t<meta name=\"twitter:data2\" content=\"6\u00a0Minuten\" \/>\n<script type=\"application\/ld+json\" class=\"yoast-schema-graph\">{\"@context\":\"https:\\\/\\\/schema.org\",\"@graph\":[{\"@type\":\"Article\",\"@id\":\"https:\\\/\\\/www.kritische-masse.de\\\/logbuch\\\/2024\\\/09\\\/wenn-gelogenes-zur-gesellschaftlichen-gewohnheit-wird\\\/#article\",\"isPartOf\":{\"@id\":\"https:\\\/\\\/www.kritische-masse.de\\\/logbuch\\\/2024\\\/09\\\/wenn-gelogenes-zur-gesellschaftlichen-gewohnheit-wird\\\/\"},\"author\":{\"name\":\"der huflaikhan\",\"@id\":\"https:\\\/\\\/www.kritische-masse.de\\\/logbuch\\\/#\\\/schema\\\/person\\\/14c491f46504e7f6b79db161f76def1c\"},\"headline\":\"Wenn Gelogenes zur gesellschaftlichen Gewohnheit wird\",\"datePublished\":\"2024-09-04T08:27:44+00:00\",\"dateModified\":\"2024-09-04T12:25:10+00:00\",\"mainEntityOfPage\":{\"@id\":\"https:\\\/\\\/www.kritische-masse.de\\\/logbuch\\\/2024\\\/09\\\/wenn-gelogenes-zur-gesellschaftlichen-gewohnheit-wird\\\/\"},\"wordCount\":912,\"commentCount\":0,\"publisher\":{\"@id\":\"https:\\\/\\\/www.kritische-masse.de\\\/logbuch\\\/#\\\/schema\\\/person\\\/14c491f46504e7f6b79db161f76def1c\"},\"image\":{\"@id\":\"https:\\\/\\\/www.kritische-masse.de\\\/logbuch\\\/2024\\\/09\\\/wenn-gelogenes-zur-gesellschaftlichen-gewohnheit-wird\\\/#primaryimage\"},\"thumbnailUrl\":\"https:\\\/\\\/i0.wp.com\\\/www.kritische-masse.de\\\/logbuch\\\/wp-content\\\/uploads\\\/2024\\\/09\\\/Eher-eine-Busshaltestelle.-MH.jpg?fit=960%2C618&ssl=1\",\"keywords\":[\"Bundeskulturfonds\",\"Fakenews\"],\"articleSection\":[\"die Politik\",\"Angriff auf \u2026\",\"die Kultur\",\"Ich\",\"Privates\"],\"inLanguage\":\"de\",\"potentialAction\":[{\"@type\":\"CommentAction\",\"name\":\"Comment\",\"target\":[\"https:\\\/\\\/www.kritische-masse.de\\\/logbuch\\\/2024\\\/09\\\/wenn-gelogenes-zur-gesellschaftlichen-gewohnheit-wird\\\/#respond\"]}]},{\"@type\":\"WebPage\",\"@id\":\"https:\\\/\\\/www.kritische-masse.de\\\/logbuch\\\/2024\\\/09\\\/wenn-gelogenes-zur-gesellschaftlichen-gewohnheit-wird\\\/\",\"url\":\"https:\\\/\\\/www.kritische-masse.de\\\/logbuch\\\/2024\\\/09\\\/wenn-gelogenes-zur-gesellschaftlichen-gewohnheit-wird\\\/\",\"name\":\"Wenn Gelogenes zur gesellschaftlichen Gewohnheit wird - Kritische Masse\",\"isPartOf\":{\"@id\":\"https:\\\/\\\/www.kritische-masse.de\\\/logbuch\\\/#website\"},\"primaryImageOfPage\":{\"@id\":\"https:\\\/\\\/www.kritische-masse.de\\\/logbuch\\\/2024\\\/09\\\/wenn-gelogenes-zur-gesellschaftlichen-gewohnheit-wird\\\/#primaryimage\"},\"image\":{\"@id\":\"https:\\\/\\\/www.kritische-masse.de\\\/logbuch\\\/2024\\\/09\\\/wenn-gelogenes-zur-gesellschaftlichen-gewohnheit-wird\\\/#primaryimage\"},\"thumbnailUrl\":\"https:\\\/\\\/i0.wp.com\\\/www.kritische-masse.de\\\/logbuch\\\/wp-content\\\/uploads\\\/2024\\\/09\\\/Eher-eine-Busshaltestelle.-MH.jpg?fit=960%2C618&ssl=1\",\"datePublished\":\"2024-09-04T08:27:44+00:00\",\"dateModified\":\"2024-09-04T12:25:10+00:00\",\"breadcrumb\":{\"@id\":\"https:\\\/\\\/www.kritische-masse.de\\\/logbuch\\\/2024\\\/09\\\/wenn-gelogenes-zur-gesellschaftlichen-gewohnheit-wird\\\/#breadcrumb\"},\"inLanguage\":\"de\",\"potentialAction\":[{\"@type\":\"ReadAction\",\"target\":[\"https:\\\/\\\/www.kritische-masse.de\\\/logbuch\\\/2024\\\/09\\\/wenn-gelogenes-zur-gesellschaftlichen-gewohnheit-wird\\\/\"]}]},{\"@type\":\"ImageObject\",\"inLanguage\":\"de\",\"@id\":\"https:\\\/\\\/www.kritische-masse.de\\\/logbuch\\\/2024\\\/09\\\/wenn-gelogenes-zur-gesellschaftlichen-gewohnheit-wird\\\/#primaryimage\",\"url\":\"https:\\\/\\\/i0.wp.com\\\/www.kritische-masse.de\\\/logbuch\\\/wp-content\\\/uploads\\\/2024\\\/09\\\/Eher-eine-Busshaltestelle.-MH.jpg?fit=960%2C618&ssl=1\",\"contentUrl\":\"https:\\\/\\\/i0.wp.com\\\/www.kritische-masse.de\\\/logbuch\\\/wp-content\\\/uploads\\\/2024\\\/09\\\/Eher-eine-Busshaltestelle.-MH.jpg?fit=960%2C618&ssl=1\",\"width\":960,\"height\":618,\"caption\":\"Eher eine Bu\u00dfhaltestelle. MH\"},{\"@type\":\"BreadcrumbList\",\"@id\":\"https:\\\/\\\/www.kritische-masse.de\\\/logbuch\\\/2024\\\/09\\\/wenn-gelogenes-zur-gesellschaftlichen-gewohnheit-wird\\\/#breadcrumb\",\"itemListElement\":[{\"@type\":\"ListItem\",\"position\":1,\"name\":\"Startseite\",\"item\":\"https:\\\/\\\/www.kritische-masse.de\\\/logbuch\\\/\"},{\"@type\":\"ListItem\",\"position\":2,\"name\":\"Wenn Gelogenes zur gesellschaftlichen Gewohnheit wird\"}]},{\"@type\":\"WebSite\",\"@id\":\"https:\\\/\\\/www.kritische-masse.de\\\/logbuch\\\/#website\",\"url\":\"https:\\\/\\\/www.kritische-masse.de\\\/logbuch\\\/\",\"name\":\"kritische masse\",\"description\":\"amt f\u00fcr vermassungsschutz\",\"publisher\":{\"@id\":\"https:\\\/\\\/www.kritische-masse.de\\\/logbuch\\\/#\\\/schema\\\/person\\\/14c491f46504e7f6b79db161f76def1c\"},\"alternateName\":\"das logbuch der kritischen masse\",\"potentialAction\":[{\"@type\":\"SearchAction\",\"target\":{\"@type\":\"EntryPoint\",\"urlTemplate\":\"https:\\\/\\\/www.kritische-masse.de\\\/logbuch\\\/?s={search_term_string}\"},\"query-input\":{\"@type\":\"PropertyValueSpecification\",\"valueRequired\":true,\"valueName\":\"search_term_string\"}}],\"inLanguage\":\"de\"},{\"@type\":[\"Person\",\"Organization\"],\"@id\":\"https:\\\/\\\/www.kritische-masse.de\\\/logbuch\\\/#\\\/schema\\\/person\\\/14c491f46504e7f6b79db161f76def1c\",\"name\":\"der huflaikhan\",\"image\":{\"@type\":\"ImageObject\",\"inLanguage\":\"de\",\"@id\":\"https:\\\/\\\/www.kritische-masse.de\\\/logbuch\\\/wp-content\\\/uploads\\\/2024\\\/01\\\/cropped-kritischmasse_man_512.jpg\",\"url\":\"https:\\\/\\\/www.kritische-masse.de\\\/logbuch\\\/wp-content\\\/uploads\\\/2024\\\/01\\\/cropped-kritischmasse_man_512.jpg\",\"contentUrl\":\"https:\\\/\\\/www.kritische-masse.de\\\/logbuch\\\/wp-content\\\/uploads\\\/2024\\\/01\\\/cropped-kritischmasse_man_512.jpg\",\"width\":512,\"height\":512,\"caption\":\"der huflaikhan\"},\"logo\":{\"@id\":\"https:\\\/\\\/www.kritische-masse.de\\\/logbuch\\\/wp-content\\\/uploads\\\/2024\\\/01\\\/cropped-kritischmasse_man_512.jpg\"},\"description\":\"Betreiber der Kritischen Masse seit 1995. Seit 2023 Wiederaufnahme. Promotion mit einer Arbeit \u00fcber Adornos kompositorische und theoretische Auseinandersetzung mit der Zw\u00f6lftontechnik. Arbeit f\u00fcr den Bayerischen und den Mitteldeutschen Rundfunk als freier Autor und Regisseur \u2013 zumindest bis Ende 2015. Online-Redaktion f\u00fcr neue musikzeitung, Jazzzeitung und Oper &amp; Tanz. Ungl\u00fccklich, aber fast taub.\",\"sameAs\":[\"https:\\\/\\\/www.kritische-masse.de\\\/logbuch\\\/\",\"https:\\\/\\\/www.facebook.com\\\/hufner\"],\"url\":\"https:\\\/\\\/www.kritische-masse.de\\\/logbuch\\\/author\\\/martin_d1juqiu5\\\/\"}]}<\/script>\n<!-- \/ Yoast SEO plugin. -->","yoast_head_json":{"title":"Wenn Gelogenes zur gesellschaftlichen Gewohnheit wird - Kritische Masse","robots":{"index":"index","follow":"follow","max-snippet":"max-snippet:-1","max-image-preview":"max-image-preview:large","max-video-preview":"max-video-preview:-1"},"canonical":"https:\/\/www.kritische-masse.de\/logbuch\/2024\/09\/wenn-gelogenes-zur-gesellschaftlichen-gewohnheit-wird\/","og_locale":"de_DE","og_type":"article","og_title":"Wenn Gelogenes zur gesellschaftlichen Gewohnheit wird - Kritische Masse","og_description":"Wenn Gelogenes zur gesellschaftlichen Gewohnheit wird \u2026 weil es alle so machen, erodiert der letzte Rest politischer und journalistischer Kommunikation. Fakten sind immer Relationen und so kann man zwar mit den Fakten selbst recht haben, aber dennoch durch Verschweigen von Relationen zugleich \u201el\u00fcgen\u201c. Und \u00fcber Fragen, die Unterstellungen sind \u2026","og_url":"https:\/\/www.kritische-masse.de\/logbuch\/2024\/09\/wenn-gelogenes-zur-gesellschaftlichen-gewohnheit-wird\/","og_site_name":"Kritische Masse","article_publisher":"https:\/\/www.facebook.com\/hufner","article_author":"https:\/\/www.facebook.com\/hufner","article_published_time":"2024-09-04T08:27:44+00:00","article_modified_time":"2024-09-04T12:25:10+00:00","og_image":[{"width":960,"height":618,"url":"https:\/\/www.kritische-masse.de\/logbuch\/wp-content\/uploads\/2024\/09\/Eher-eine-Busshaltestelle.-MH.jpg","type":"image\/jpeg"}],"author":"der huflaikhan","twitter_misc":{"Verfasst von":"der huflaikhan","Gesch\u00e4tzte Lesezeit":"6\u00a0Minuten"},"schema":{"@context":"https:\/\/schema.org","@graph":[{"@type":"Article","@id":"https:\/\/www.kritische-masse.de\/logbuch\/2024\/09\/wenn-gelogenes-zur-gesellschaftlichen-gewohnheit-wird\/#article","isPartOf":{"@id":"https:\/\/www.kritische-masse.de\/logbuch\/2024\/09\/wenn-gelogenes-zur-gesellschaftlichen-gewohnheit-wird\/"},"author":{"name":"der huflaikhan","@id":"https:\/\/www.kritische-masse.de\/logbuch\/#\/schema\/person\/14c491f46504e7f6b79db161f76def1c"},"headline":"Wenn Gelogenes zur gesellschaftlichen Gewohnheit wird","datePublished":"2024-09-04T08:27:44+00:00","dateModified":"2024-09-04T12:25:10+00:00","mainEntityOfPage":{"@id":"https:\/\/www.kritische-masse.de\/logbuch\/2024\/09\/wenn-gelogenes-zur-gesellschaftlichen-gewohnheit-wird\/"},"wordCount":912,"commentCount":0,"publisher":{"@id":"https:\/\/www.kritische-masse.de\/logbuch\/#\/schema\/person\/14c491f46504e7f6b79db161f76def1c"},"image":{"@id":"https:\/\/www.kritische-masse.de\/logbuch\/2024\/09\/wenn-gelogenes-zur-gesellschaftlichen-gewohnheit-wird\/#primaryimage"},"thumbnailUrl":"https:\/\/i0.wp.com\/www.kritische-masse.de\/logbuch\/wp-content\/uploads\/2024\/09\/Eher-eine-Busshaltestelle.-MH.jpg?fit=960%2C618&ssl=1","keywords":["Bundeskulturfonds","Fakenews"],"articleSection":["die Politik","Angriff auf \u2026","die Kultur","Ich","Privates"],"inLanguage":"de","potentialAction":[{"@type":"CommentAction","name":"Comment","target":["https:\/\/www.kritische-masse.de\/logbuch\/2024\/09\/wenn-gelogenes-zur-gesellschaftlichen-gewohnheit-wird\/#respond"]}]},{"@type":"WebPage","@id":"https:\/\/www.kritische-masse.de\/logbuch\/2024\/09\/wenn-gelogenes-zur-gesellschaftlichen-gewohnheit-wird\/","url":"https:\/\/www.kritische-masse.de\/logbuch\/2024\/09\/wenn-gelogenes-zur-gesellschaftlichen-gewohnheit-wird\/","name":"Wenn Gelogenes zur gesellschaftlichen Gewohnheit wird - Kritische Masse","isPartOf":{"@id":"https:\/\/www.kritische-masse.de\/logbuch\/#website"},"primaryImageOfPage":{"@id":"https:\/\/www.kritische-masse.de\/logbuch\/2024\/09\/wenn-gelogenes-zur-gesellschaftlichen-gewohnheit-wird\/#primaryimage"},"image":{"@id":"https:\/\/www.kritische-masse.de\/logbuch\/2024\/09\/wenn-gelogenes-zur-gesellschaftlichen-gewohnheit-wird\/#primaryimage"},"thumbnailUrl":"https:\/\/i0.wp.com\/www.kritische-masse.de\/logbuch\/wp-content\/uploads\/2024\/09\/Eher-eine-Busshaltestelle.-MH.jpg?fit=960%2C618&ssl=1","datePublished":"2024-09-04T08:27:44+00:00","dateModified":"2024-09-04T12:25:10+00:00","breadcrumb":{"@id":"https:\/\/www.kritische-masse.de\/logbuch\/2024\/09\/wenn-gelogenes-zur-gesellschaftlichen-gewohnheit-wird\/#breadcrumb"},"inLanguage":"de","potentialAction":[{"@type":"ReadAction","target":["https:\/\/www.kritische-masse.de\/logbuch\/2024\/09\/wenn-gelogenes-zur-gesellschaftlichen-gewohnheit-wird\/"]}]},{"@type":"ImageObject","inLanguage":"de","@id":"https:\/\/www.kritische-masse.de\/logbuch\/2024\/09\/wenn-gelogenes-zur-gesellschaftlichen-gewohnheit-wird\/#primaryimage","url":"https:\/\/i0.wp.com\/www.kritische-masse.de\/logbuch\/wp-content\/uploads\/2024\/09\/Eher-eine-Busshaltestelle.-MH.jpg?fit=960%2C618&ssl=1","contentUrl":"https:\/\/i0.wp.com\/www.kritische-masse.de\/logbuch\/wp-content\/uploads\/2024\/09\/Eher-eine-Busshaltestelle.-MH.jpg?fit=960%2C618&ssl=1","width":960,"height":618,"caption":"Eher eine Bu\u00dfhaltestelle. MH"},{"@type":"BreadcrumbList","@id":"https:\/\/www.kritische-masse.de\/logbuch\/2024\/09\/wenn-gelogenes-zur-gesellschaftlichen-gewohnheit-wird\/#breadcrumb","itemListElement":[{"@type":"ListItem","position":1,"name":"Startseite","item":"https:\/\/www.kritische-masse.de\/logbuch\/"},{"@type":"ListItem","position":2,"name":"Wenn Gelogenes zur gesellschaftlichen Gewohnheit wird"}]},{"@type":"WebSite","@id":"https:\/\/www.kritische-masse.de\/logbuch\/#website","url":"https:\/\/www.kritische-masse.de\/logbuch\/","name":"kritische masse","description":"amt f\u00fcr vermassungsschutz","publisher":{"@id":"https:\/\/www.kritische-masse.de\/logbuch\/#\/schema\/person\/14c491f46504e7f6b79db161f76def1c"},"alternateName":"das logbuch der kritischen masse","potentialAction":[{"@type":"SearchAction","target":{"@type":"EntryPoint","urlTemplate":"https:\/\/www.kritische-masse.de\/logbuch\/?s={search_term_string}"},"query-input":{"@type":"PropertyValueSpecification","valueRequired":true,"valueName":"search_term_string"}}],"inLanguage":"de"},{"@type":["Person","Organization"],"@id":"https:\/\/www.kritische-masse.de\/logbuch\/#\/schema\/person\/14c491f46504e7f6b79db161f76def1c","name":"der huflaikhan","image":{"@type":"ImageObject","inLanguage":"de","@id":"https:\/\/www.kritische-masse.de\/logbuch\/wp-content\/uploads\/2024\/01\/cropped-kritischmasse_man_512.jpg","url":"https:\/\/www.kritische-masse.de\/logbuch\/wp-content\/uploads\/2024\/01\/cropped-kritischmasse_man_512.jpg","contentUrl":"https:\/\/www.kritische-masse.de\/logbuch\/wp-content\/uploads\/2024\/01\/cropped-kritischmasse_man_512.jpg","width":512,"height":512,"caption":"der huflaikhan"},"logo":{"@id":"https:\/\/www.kritische-masse.de\/logbuch\/wp-content\/uploads\/2024\/01\/cropped-kritischmasse_man_512.jpg"},"description":"Betreiber der Kritischen Masse seit 1995. Seit 2023 Wiederaufnahme. Promotion mit einer Arbeit \u00fcber Adornos kompositorische und theoretische Auseinandersetzung mit der Zw\u00f6lftontechnik. Arbeit f\u00fcr den Bayerischen und den Mitteldeutschen Rundfunk als freier Autor und Regisseur \u2013 zumindest bis Ende 2015. Online-Redaktion f\u00fcr neue musikzeitung, Jazzzeitung und Oper &amp; Tanz. Ungl\u00fccklich, aber fast taub.","sameAs":["https:\/\/www.kritische-masse.de\/logbuch\/","https:\/\/www.facebook.com\/hufner"],"url":"https:\/\/www.kritische-masse.de\/logbuch\/author\/martin_d1juqiu5\/"}]}},"jetpack_publicize_connections":[],"jetpack_featured_media_url":"https:\/\/i0.wp.com\/www.kritische-masse.de\/logbuch\/wp-content\/uploads\/2024\/09\/Eher-eine-Busshaltestelle.-MH.jpg?fit=960%2C618&ssl=1","categories_names":["die Politik","Angriff auf \u2026","die Kultur","Ich","Privates"],"post_class":[["post-10112","post","type-post","status-publish","format-standard","has-post-thumbnail","hentry","category-die-politik","category-angriffauf","category-die-kultur","category-ich","category-privates","tag-bundeskulturfonds","tag-fakenews","entry","has-media"]],"author_avatar":["<img alt='' src='https:\/\/secure.gravatar.com\/avatar\/c23aee426d58e69f14ef471114d4cac215eec702ee1bc331e2a62ea77e96ed60?s=96&#038;d=blank&#038;r=g' srcset='https:\/\/secure.gravatar.com\/avatar\/c23aee426d58e69f14ef471114d4cac215eec702ee1bc331e2a62ea77e96ed60?s=192&#038;d=blank&#038;r=g 2x' class='avatar avatar-96 photo' height='96' width='96' loading='lazy' decoding='async'\/>"],"featured_video":null,"jetpack-related-posts":[{"id":442,"url":"https:\/\/www.kritische-masse.de\/logbuch\/2004\/05\/polizeiliche-ermittlungen-genever-und-ein-kleines-lyrik-regal\/","url_meta":{"origin":10112,"position":0},"title":"Polizeiliche Ermittlungen, Genever und ein kleines Lyrik-Regal","author":"huflaikhan","date":"18. Mai 2004","format":false,"excerpt":"Eine Woche vor meinem Umzug von Steinbach (bei Gie\u00dfen) nach Berlin gab es in unserem Dorf ein gro\u00dfes Fest (warum und wozu auch immer, aber nicht, weil ich das Dorf verlie\u00df). Das war ein tolles Fest und ein ungl\u00fcckliches auch, jedenfalls f\u00fcr manches Schaf. Nahe des Standortes der \u00f6rtlichen Sparkasse\u2026","rel":"","context":"In &quot;Ich&quot;","block_context":{"text":"Ich","link":"https:\/\/www.kritische-masse.de\/logbuch\/category\/privates\/ich\/"},"img":{"alt_text":"","src":"https:\/\/i0.wp.com\/www.kritische-masse.de\/logbuch\/wp-content\/uploads\/2004\/05\/20040517-genever.jpg?fit=250%2C378&ssl=1&resize=350%2C200","width":350,"height":200},"classes":[]},{"id":947,"url":"https:\/\/www.kritische-masse.de\/logbuch\/2004\/12\/ist-der-eigentlich-bekannt\/","url_meta":{"origin":10112,"position":1},"title":"Ist der eigentlich bekannt \u0085","author":"huflaikhan","date":"11. Dezember 2004","format":false,"excerpt":"oder habe ich mich mit gro\u00dfer Versp\u00e4tung komplett be\u00f6mmelt. Sagte doch gestern abend bei der redaktionellen Speisung in Regensburgs erster und letzter Gastst\u00e4tte die Genossin Martina W., auf ihrem Computer gehe immer so ein gelber Bildschirm vom Anti-Norton-Virus auf. Das ersparte ihr nicht den Vorwurf, dass sie wohl ein \u00e4hnliches\u2026","rel":"","context":"\u00c4hnlicher Beitrag","block_context":{"text":"\u00c4hnlicher Beitrag","link":""},"img":{"alt_text":"","src":"","width":0,"height":0},"classes":[]},{"id":2159,"url":"https:\/\/www.kritische-masse.de\/logbuch\/2007\/02\/bettwaesche-betroffenheits-identitaet\/","url_meta":{"origin":10112,"position":2},"title":"Bettw\u00e4sche-Betroffenheits-Identit\u00e4t","author":"huflaikhan","date":"28. Februar 2007","format":false,"excerpt":"Ein lohnenswertes Thema, man muss nur den Rahmen daf\u00fcr finden. Hier liest eine durchaus adulte Stammzelle einige tiefsch\u00fcrfende Kommentare zu einem von Frau Kaltmamsell frei gew\u00e4hlten Thema. Ich pers\u00f6nlich finde ja Kommentare regelm\u00e4\u00dfig hochbedeutsam. Es geht von ihnen die Attraktivit\u00e4t diskursiver Leserbriefkultur aus. Und es erinnert mich an das d\u00e4mliche\u2026","rel":"","context":"Mit 2 Kommentaren","block_context":{"text":"Mit 2 Kommentaren","link":"https:\/\/www.kritische-masse.de\/logbuch\/2007\/02\/bettwaesche-betroffenheits-identitaet\/#comments"},"img":{"alt_text":"","src":"","width":0,"height":0},"classes":[]},{"id":550,"url":"https:\/\/www.kritische-masse.de\/logbuch\/2004\/07\/nikola-kodjabashia-reveries-of-the-solitary-walker\/","url_meta":{"origin":10112,"position":3},"title":"Nikola Kodjabashia: Reveries Of The Solitary Walker","author":"huflaikhan","date":"15. Juli 2004","format":false,"excerpt":"Pers\u00f6nliche Notiz: Zum ersten Mal h\u00f6rte ich diese CD nach einer gelage\u00e4hnlichen Besprechung mit Freunden. Sp\u00e4t abends dann zuhause legte ich mich ins G\u00e4stebett, weil mein Bett dem Gast \u00fcberlassen wurde. Das Zimmer ziemlich dunkel, ziemlich stille und dann spielte die CD. Vom ersten Ton an war ich irritiert und\u2026","rel":"","context":"In &quot;Tontr\u00e4ger&quot;","block_context":{"text":"Tontr\u00e4ger","link":"https:\/\/www.kritische-masse.de\/logbuch\/category\/texte\/rezension\/tontrger\/"},"img":{"alt_text":"Nikola Kodjabashia - Reveries","src":"https:\/\/i0.wp.com\/www.kritische-masse.de\/logbuch\/wp-content\/uploads\/2004\/07\/20040715-cd-kodjabashia.jpg?resize=350%2C200&ssl=1","width":350,"height":200},"classes":[]},{"id":10756,"url":"https:\/\/www.kritische-masse.de\/logbuch\/2025\/02\/gerhart-baum-ohne-ihn-ists-schlecht\/","url_meta":{"origin":10112,"position":4},"title":"Gerhart Baum \u2013 ohne ihn ists schlecht","author":"der huflaikhan","date":"15. Februar 2025","format":false,"excerpt":"Die Stimme Gerhart Baums wird deshalb fehlen, weil sie keinen Ersatz findet. Dass er nun stumm bleiben wird, muss man bedauern.","rel":"","context":"In &quot;die Politik&quot;","block_context":{"text":"die Politik","link":"https:\/\/www.kritische-masse.de\/logbuch\/category\/angriffauf\/die-politik\/"},"img":{"alt_text":"gerhart baum 2006. Foto: Hufner","src":"https:\/\/i0.wp.com\/www.kritische-masse.de\/logbuch\/wp-content\/uploads\/2025\/02\/gerhart_baum.jpg?fit=1200%2C900&ssl=1&resize=350%2C200","width":350,"height":200,"srcset":"https:\/\/i0.wp.com\/www.kritische-masse.de\/logbuch\/wp-content\/uploads\/2025\/02\/gerhart_baum.jpg?fit=1200%2C900&ssl=1&resize=350%2C200 1x, https:\/\/i0.wp.com\/www.kritische-masse.de\/logbuch\/wp-content\/uploads\/2025\/02\/gerhart_baum.jpg?fit=1200%2C900&ssl=1&resize=525%2C300 1.5x, https:\/\/i0.wp.com\/www.kritische-masse.de\/logbuch\/wp-content\/uploads\/2025\/02\/gerhart_baum.jpg?fit=1200%2C900&ssl=1&resize=700%2C400 2x, https:\/\/i0.wp.com\/www.kritische-masse.de\/logbuch\/wp-content\/uploads\/2025\/02\/gerhart_baum.jpg?fit=1200%2C900&ssl=1&resize=1050%2C600 3x"},"classes":[]},{"id":8276,"url":"https:\/\/www.kritische-masse.de\/logbuch\/2004\/11\/container-ii-alida-2004-2\/","url_meta":{"origin":10112,"position":5},"title":"Container II: Alida \u2013 2004","author":"der huflaikhan","date":"8. November 2004","format":false,"excerpt":"Das Schlimmste am Nachmittag: Das Gest\u00e4ndnis. \u201eIch habe den Auftrag erhalten, Dich umzubringen.\u201c Ja, mein lieber Schattenmann, aber musst du das auch noch so br\u00fcllen. Sieht eigentlich au\u00dfer mir noch jemand diesen Schei\u00df? Warum br\u00fcllen die da immer so. Alida - Br\u00fcllen am Nachmittag. Ich habe dich betrogen! Ja, ich\u2026","rel":"","context":"In &quot;den Rundfunk&quot;","block_context":{"text":"den Rundfunk","link":"https:\/\/www.kritische-masse.de\/logbuch\/category\/angriffauf\/denrundfunk\/"},"img":{"alt_text":"","src":"","width":0,"height":0},"classes":[]}],"jetpack_sharing_enabled":true,"public_identification_id":"dfbc843061874749a84bf223c303bce5","private_identification_id":"36a43589023d4e5b956ceab66a870a75","_links":{"self":[{"href":"https:\/\/www.kritische-masse.de\/logbuch\/wp-json\/wp\/v2\/posts\/10112","targetHints":{"allow":["GET"]}}],"collection":[{"href":"https:\/\/www.kritische-masse.de\/logbuch\/wp-json\/wp\/v2\/posts"}],"about":[{"href":"https:\/\/www.kritische-masse.de\/logbuch\/wp-json\/wp\/v2\/types\/post"}],"author":[{"embeddable":true,"href":"https:\/\/www.kritische-masse.de\/logbuch\/wp-json\/wp\/v2\/users\/1"}],"replies":[{"embeddable":true,"href":"https:\/\/www.kritische-masse.de\/logbuch\/wp-json\/wp\/v2\/comments?post=10112"}],"version-history":[{"count":0,"href":"https:\/\/www.kritische-masse.de\/logbuch\/wp-json\/wp\/v2\/posts\/10112\/revisions"}],"wp:featuredmedia":[{"embeddable":true,"href":"https:\/\/www.kritische-masse.de\/logbuch\/wp-json\/wp\/v2\/media\/10116"}],"wp:attachment":[{"href":"https:\/\/www.kritische-masse.de\/logbuch\/wp-json\/wp\/v2\/media?parent=10112"}],"wp:term":[{"taxonomy":"category","embeddable":true,"href":"https:\/\/www.kritische-masse.de\/logbuch\/wp-json\/wp\/v2\/categories?post=10112"},{"taxonomy":"post_tag","embeddable":true,"href":"https:\/\/www.kritische-masse.de\/logbuch\/wp-json\/wp\/v2\/tags?post=10112"}],"curies":[{"name":"wp","href":"https:\/\/api.w.org\/{rel}","templated":true}]}}