{"id":10177,"date":"2024-09-23T11:03:07","date_gmt":"2024-09-23T09:03:07","guid":{"rendered":"https:\/\/www.kritische-masse.de\/logbuch\/?p=10177"},"modified":"2024-09-23T11:03:07","modified_gmt":"2024-09-23T09:03:07","slug":"wie-laecherlich-es-ist-wenn-man-sich-um-die-ursachen-einer-sache-die-nicht-da-ist-kuemmert","status":"publish","type":"post","link":"https:\/\/www.kritische-masse.de\/logbuch\/2024\/09\/wie-laecherlich-es-ist-wenn-man-sich-um-die-ursachen-einer-sache-die-nicht-da-ist-kuemmert\/","title":{"rendered":"Wie l\u00e4cherlich es ist, wenn man sich um die Ursachen einer Sache, die nicht da ist, k\u00fcmmert"},"content":{"rendered":"<div class=\"shariff shariff-align-left shariff-widget-align-left\"><ul class=\"shariff-buttons theme-white orientation-horizontal buttonsize-small\"><li class=\"shariff-button mastodon shariff-nocustomcolor\" style=\"background-color:#563ACC\"><a href=\"https:\/\/s2f.kytta.dev\/?text=Wie%20l%C3%A4cherlich%20es%20ist%2C%20wenn%20man%20sich%20um%20die%20Ursachen%20einer%20Sache%2C%20die%20nicht%20da%20ist%2C%20k%C3%BCmmert https%3A%2F%2Fwww.kritische-masse.de%2Flogbuch%2F2024%2F09%2Fwie-laecherlich-es-ist-wenn-man-sich-um-die-ursachen-einer-sache-die-nicht-da-ist-kuemmert%2F\" title=\"Bei Mastodon teilen\" aria-label=\"Bei Mastodon teilen\" role=\"button\" rel=\"noopener nofollow\" class=\"shariff-link\" style=\"; background-color:#6364FF; color:#6364FF\" target=\"_blank\"><span class=\"shariff-icon\" style=\"fill:#6364FF\"><svg width=\"75\" height=\"79\" viewBox=\"0 0 75 79\" fill=\"none\" xmlns=\"http:\/\/www.w3.org\/2000\/svg\"><path d=\"M37.813-.025C32.462-.058 27.114.13 21.79.598c-8.544.621-17.214 5.58-20.203 13.931C-1.12 23.318.408 32.622.465 41.65c.375 7.316.943 14.78 3.392 21.73 4.365 9.465 14.781 14.537 24.782 15.385 7.64.698 15.761-.213 22.517-4.026a54.1 54.1 0 0 0 .01-6.232c-6.855 1.316-14.101 2.609-21.049 1.074-3.883-.88-6.876-4.237-7.25-8.215-1.53-3.988 3.78-.43 5.584-.883 9.048 1.224 18.282.776 27.303-.462 7.044-.837 14.26-4.788 16.65-11.833 2.263-6.135 1.215-12.79 1.698-19.177.06-3.84.09-7.692-.262-11.52C72.596 7.844 63.223.981 53.834.684a219.453 219.453 0 0 0-16.022-.71zm11.294 12.882c5.5-.067 10.801 4.143 11.67 9.653.338 1.48.471 3 .471 4.515v21.088h-8.357c-.07-7.588.153-15.182-.131-22.765-.587-4.368-7.04-5.747-9.672-2.397-2.422 3.04-1.47 7.155-1.67 10.735v6.392h-8.307c-.146-4.996.359-10.045-.404-15.002-1.108-4.218-7.809-5.565-10.094-1.666-1.685 3.046-.712 6.634-.976 9.936v14.767h-8.354c.109-8.165-.238-16.344.215-24.5.674-5.346 5.095-10.389 10.676-10.627 4.902-.739 10.103 2.038 12.053 6.631.375 1.435 1.76 1.932 1.994.084 1.844-3.704 5.501-6.739 9.785-6.771.367-.044.735-.068 1.101-.073z\"\/><defs><linearGradient id=\"paint0_linear_549_34\" x1=\"37.0692\" y1=\"0\" x2=\"37.0692\" y2=\"79\" gradientUnits=\"userSpaceOnUse\"><stop stop-color=\"#6364FF\"\/><stop offset=\"1\" stop-color=\"#563ACC\"\/><\/linearGradient><\/defs><\/svg><\/span><span class=\"shariff-text\" style=\"color:#6364FF\">teilen<\/span>&nbsp;<\/a><\/li><li class=\"shariff-button bluesky shariff-nocustomcolor\" style=\"background-color:#84c4ff\"><a href=\"https:\/\/bsky.app\/intent\/compose?text=Wie%20l%C3%A4cherlich%20es%20ist%2C%20wenn%20man%20sich%20um%20die%20Ursachen%20einer%20Sache%2C%20die%20nicht%20da%20ist%2C%20k%C3%BCmmert https%3A%2F%2Fwww.kritische-masse.de%2Flogbuch%2F2024%2F09%2Fwie-laecherlich-es-ist-wenn-man-sich-um-die-ursachen-einer-sache-die-nicht-da-ist-kuemmert%2F \" title=\"Bei Bluesky teilen\" aria-label=\"Bei Bluesky teilen\" role=\"button\" rel=\"noopener nofollow\" class=\"shariff-link\" style=\"; background-color:#0085ff; color:#0085ff\" target=\"_blank\"><span class=\"shariff-icon\" style=\"fill:#0085ff\"><svg width=\"20\" height=\"20\" version=\"1.1\" xmlns=\"http:\/\/www.w3.org\/2000\/svg\" viewBox=\"0 0 20 20\"><path class=\"st0\" d=\"M4.89,3.12c2.07,1.55,4.3,4.71,5.11,6.4.82-1.69,3.04-4.84,5.11-6.4,1.49-1.12,3.91-1.99,3.91.77,0,.55-.32,4.63-.5,5.3-.64,2.3-2.99,2.89-5.08,2.54,3.65.62,4.58,2.68,2.57,4.74-3.81,3.91-5.48-.98-5.9-2.23-.08-.23-.11-.34-.12-.25,0-.09-.04.02-.12.25-.43,1.25-2.09,6.14-5.9,2.23-2.01-2.06-1.08-4.12,2.57-4.74-2.09.36-4.44-.23-5.08-2.54-.19-.66-.5-4.74-.5-5.3,0-2.76,2.42-1.89,3.91-.77h0Z\"\/><\/svg><\/span><span class=\"shariff-text\" style=\"color:#0085ff\">teilen<\/span>&nbsp;<\/a><\/li><li class=\"shariff-button threema shariff-nocustomcolor shariff-mobile\" style=\"background-color:#4fbc24\"><a href=\"threema:\/\/compose?text=Wie%20l%C3%A4cherlich%20es%20ist%2C%20wenn%20man%20sich%20um%20die%20Ursachen%20einer%20Sache%2C%20die%20nicht%20da%20ist%2C%20k%C3%BCmmert%20https%3A%2F%2Fwww.kritische-masse.de%2Flogbuch%2F2024%2F09%2Fwie-laecherlich-es-ist-wenn-man-sich-um-die-ursachen-einer-sache-die-nicht-da-ist-kuemmert%2F\" title=\"Bei Threema teilen\" aria-label=\"Bei Threema teilen\" role=\"button\" rel=\"noopener nofollow\" class=\"shariff-link\" style=\"; background-color:#1f1f1f; color:#1f1f1f\" target=\"_blank\"><span class=\"shariff-icon\" style=\"fill:#1f1f1f\"><svg width=\"32px\" height=\"20px\" xmlns=\"http:\/\/www.w3.org\/2000\/svg\" viewBox=\"0 0 32 32\"><path fill=\"#1f1f1f\" d=\"M30.8 10.9c-0.3-1.4-0.9-2.6-1.8-3.8-2-2.6-5.5-4.5-9.4-5.2-1.3-0.2-1.9-0.3-3.5-0.3s-2.2 0-3.5 0.3c-4 0.7-7.4 2.6-9.4 5.2-0.9 1.2-1.5 2.4-1.8 3.8-0.1 0.5-0.2 1.2-0.2 1.6 0 0.4 0.1 1.1 0.2 1.6 0.4 1.9 1.3 3.4 2.9 5 0.8 0.8 0.8 0.8 0.7 1.3 0 0.6-0.5 1.6-1.7 3.6-0.3 0.5-0.5 0.9-0.5 0.9 0 0.1 0.1 0.1 0.5 0 0.8-0.2 2.3-0.6 5.6-1.6 1.1-0.3 1.3-0.4 2.3-0.4 0.8 0 1.1 0 2.3 0.2 1.5 0.2 3.5 0.2 4.9 0 5.1-0.6 9.3-2.9 11.4-6.3 0.5-0.9 0.9-1.8 1.1-2.8 0.1-0.5 0.2-1.1 0.2-1.6 0-0.7-0.1-1.1-0.2-1.6-0.3-1.4 0.1 0.5 0 0zM20.6 17.3c0 0.4-0.4 0.8-0.8 0.8h-7.7c-0.4 0-0.8-0.4-0.8-0.8v-4.6c0-0.4 0.4-0.8 0.8-0.8h0.2l0-1.6c0-0.9 0-1.8 0.1-2 0.1-0.6 0.6-1.2 1.1-1.7s1.1-0.7 1.9-0.8c1.8-0.3 3.7 0.7 4.2 2.2 0.1 0.3 0.1 0.7 0.1 2.1v0 1.7h0.1c0.4 0 0.8 0.4 0.8 0.8v4.6zM15.6 7.3c-0.5 0.1-0.8 0.3-1.2 0.6s-0.6 0.8-0.7 1.3c0 0.2 0 0.8 0 1.5l0 1.2h4.6v-1.3c0-1 0-1.4-0.1-1.6-0.3-1.1-1.5-1.9-2.6-1.7zM25.8 28.2c0 1.2-1 2.2-2.1 2.2s-2.1-1-2.1-2.1c0-1.2 1-2.1 2.2-2.1s2.2 1 2.2 2.2zM18.1 28.2c0 1.2-1 2.2-2.1 2.2s-2.1-1-2.1-2.1c0-1.2 1-2.1 2.2-2.1s2.2 1 2.2 2.2zM10.4 28.2c0 1.2-1 2.2-2.1 2.2s-2.1-1-2.1-2.1c0-1.2 1-2.1 2.2-2.1s2.2 1 2.2 2.2z\"\/><\/svg><\/span><span class=\"shariff-text\" style=\"color:#1f1f1f\">teilen<\/span>&nbsp;<\/a><\/li><li class=\"shariff-button facebook shariff-nocustomcolor\" style=\"background-color:#4273c8\"><a href=\"https:\/\/www.facebook.com\/sharer\/sharer.php?u=https%3A%2F%2Fwww.kritische-masse.de%2Flogbuch%2F2024%2F09%2Fwie-laecherlich-es-ist-wenn-man-sich-um-die-ursachen-einer-sache-die-nicht-da-ist-kuemmert%2F\" title=\"Bei Facebook teilen\" aria-label=\"Bei Facebook teilen\" role=\"button\" rel=\"nofollow\" class=\"shariff-link\" style=\"; background-color:#3b5998; color:#3b5998\" target=\"_blank\"><span class=\"shariff-icon\" style=\"fill:#3b5998\"><svg width=\"32px\" height=\"20px\" xmlns=\"http:\/\/www.w3.org\/2000\/svg\" viewBox=\"0 0 18 32\"><path fill=\"#3b5998\" d=\"M17.1 0.2v4.7h-2.8q-1.5 0-2.1 0.6t-0.5 1.9v3.4h5.2l-0.7 5.3h-4.5v13.6h-5.5v-13.6h-4.5v-5.3h4.5v-3.9q0-3.3 1.9-5.2t5-1.8q2.6 0 4.1 0.2z\"\/><\/svg><\/span><span class=\"shariff-text\" style=\"color:#3b5998\">teilen<\/span>&nbsp;<\/a><\/li><li class=\"shariff-button info shariff-nocustomcolor\" style=\"background-color:#a8a8a8\"><a href=\"http:\/\/ct.de\/-2467514\" title=\"Weitere Informationen\" aria-label=\"Weitere Informationen\" role=\"button\" rel=\"noopener \" class=\"shariff-link\" style=\"; background-color:#999; color:#999\" target=\"_blank\"><span class=\"shariff-icon\" style=\"fill:#999\"><svg width=\"32px\" height=\"20px\" xmlns=\"http:\/\/www.w3.org\/2000\/svg\" viewBox=\"0 0 11 32\"><path fill=\"#999\" d=\"M11.4 24v2.3q0 0.5-0.3 0.8t-0.8 0.4h-9.1q-0.5 0-0.8-0.4t-0.4-0.8v-2.3q0-0.5 0.4-0.8t0.8-0.4h1.1v-6.8h-1.1q-0.5 0-0.8-0.4t-0.4-0.8v-2.3q0-0.5 0.4-0.8t0.8-0.4h6.8q0.5 0 0.8 0.4t0.4 0.8v10.3h1.1q0.5 0 0.8 0.4t0.3 0.8zM9.2 3.4v3.4q0 0.5-0.4 0.8t-0.8 0.4h-4.6q-0.4 0-0.8-0.4t-0.4-0.8v-3.4q0-0.4 0.4-0.8t0.8-0.4h4.6q0.5 0 0.8 0.4t0.4 0.8z\"\/><\/svg><\/span><\/a><\/li><\/ul><\/div><p>Lange nichts geschrieben. Blei in und auf der Seele. Man k\u00f6nnte etwas sagen zum Ausgang der Wahlen gestern in Brandenburg, zumal es ja das Bundesland ist, in dem ich w\u00e4hlen durfte. Das W\u00e4hlen habe ich bereits vor circa drei Wochen per Brief erledigt. Geholfen hat es fast nichts. Das ist Bedauerliche daran. Aber es war nicht sinnlos, sondern nur erfolglos.<\/p>\n<p>Hier das Ergebnis in meiner Gemeinde Kleinmachnow. W\u00e4re besser gewesen insgesamt.<\/p>\n<figure id=\"attachment_10184\" aria-describedby=\"caption-attachment-10184\" style=\"width: 473px\" class=\"wp-caption aligncenter\"><a href=\"https:\/\/i0.wp.com\/www.kritische-masse.de\/logbuch\/wp-content\/uploads\/2024\/09\/IMG_7199.png?ssl=1\"><img data-recalc-dims=\"1\" loading=\"lazy\" decoding=\"async\" data-attachment-id=\"10184\" data-permalink=\"https:\/\/www.kritische-masse.de\/logbuch\/2024\/09\/wie-laecherlich-es-ist-wenn-man-sich-um-die-ursachen-einer-sache-die-nicht-da-ist-kuemmert\/img_7199\/\" data-orig-file=\"https:\/\/i0.wp.com\/www.kritische-masse.de\/logbuch\/wp-content\/uploads\/2024\/09\/IMG_7199.png?fit=1170%2C2532&amp;ssl=1\" data-orig-size=\"1170,2532\" data-comments-opened=\"1\" data-image-meta=\"{&quot;aperture&quot;:&quot;0&quot;,&quot;credit&quot;:&quot;&quot;,&quot;camera&quot;:&quot;&quot;,&quot;caption&quot;:&quot;&quot;,&quot;created_timestamp&quot;:&quot;0&quot;,&quot;copyright&quot;:&quot;&quot;,&quot;focal_length&quot;:&quot;0&quot;,&quot;iso&quot;:&quot;0&quot;,&quot;shutter_speed&quot;:&quot;0&quot;,&quot;title&quot;:&quot;&quot;,&quot;orientation&quot;:&quot;0&quot;}\" data-image-title=\"Brandenburgwahl 2024 in Kleinmachnow\" data-image-description=\"&lt;p&gt;IMG 7199&lt;\/p&gt;\n\" data-image-caption=\"&lt;p&gt;Brandenburgwahl 2024 in Kleinmachnow&lt;\/p&gt;\n\" data-large-file=\"https:\/\/i0.wp.com\/www.kritische-masse.de\/logbuch\/wp-content\/uploads\/2024\/09\/IMG_7199.png?fit=473%2C1024&amp;ssl=1\" class=\"size-large wp-image-10184\" title=\"Brandenburgwahl 2024 in Kleinmachnow\" src=\"https:\/\/i0.wp.com\/www.kritische-masse.de\/logbuch\/wp-content\/uploads\/2024\/09\/IMG_7199.png?resize=473%2C1024&#038;ssl=1\" alt=\"Brandenburgwahl 2024 in Kleinmachnow\" width=\"473\" height=\"1024\" srcset=\"https:\/\/i0.wp.com\/www.kritische-masse.de\/logbuch\/wp-content\/uploads\/2024\/09\/IMG_7199.png?resize=473%2C1024&amp;ssl=1 473w, https:\/\/i0.wp.com\/www.kritische-masse.de\/logbuch\/wp-content\/uploads\/2024\/09\/IMG_7199.png?resize=139%2C300&amp;ssl=1 139w, https:\/\/i0.wp.com\/www.kritische-masse.de\/logbuch\/wp-content\/uploads\/2024\/09\/IMG_7199.png?resize=768%2C1662&amp;ssl=1 768w, https:\/\/i0.wp.com\/www.kritische-masse.de\/logbuch\/wp-content\/uploads\/2024\/09\/IMG_7199.png?resize=710%2C1536&amp;ssl=1 710w, https:\/\/i0.wp.com\/www.kritische-masse.de\/logbuch\/wp-content\/uploads\/2024\/09\/IMG_7199.png?resize=946%2C2048&amp;ssl=1 946w, https:\/\/i0.wp.com\/www.kritische-masse.de\/logbuch\/wp-content\/uploads\/2024\/09\/IMG_7199.png?w=1170&amp;ssl=1 1170w\" sizes=\"auto, (max-width: 473px) 100vw, 473px\" \/><\/a><figcaption id=\"caption-attachment-10184\" class=\"wp-caption-text\">Brandenburgwahl 2024 in Kleinmachnow<\/figcaption><\/figure>\n<p>&nbsp;<\/p>\n<p><strong>Brandenburg, 21.9.2024 \u2013 17:59<\/strong><\/p>\n<figure id=\"attachment_10178\" aria-describedby=\"caption-attachment-10178\" style=\"width: 840px\" class=\"wp-caption aligncenter\"><a href=\"https:\/\/i0.wp.com\/www.kritische-masse.de\/logbuch\/wp-content\/uploads\/2024\/09\/Brandenburg-17-59.jpg?ssl=1\"><img data-recalc-dims=\"1\" loading=\"lazy\" decoding=\"async\" data-attachment-id=\"10178\" data-permalink=\"https:\/\/www.kritische-masse.de\/logbuch\/2024\/09\/wie-laecherlich-es-ist-wenn-man-sich-um-die-ursachen-einer-sache-die-nicht-da-ist-kuemmert\/brandenburg-17-59\/\" data-orig-file=\"https:\/\/i0.wp.com\/www.kritische-masse.de\/logbuch\/wp-content\/uploads\/2024\/09\/Brandenburg-17-59.jpg?fit=1440%2C1440&amp;ssl=1\" data-orig-size=\"1440,1440\" data-comments-opened=\"1\" data-image-meta=\"{&quot;aperture&quot;:&quot;0&quot;,&quot;credit&quot;:&quot;&quot;,&quot;camera&quot;:&quot;&quot;,&quot;caption&quot;:&quot;&quot;,&quot;created_timestamp&quot;:&quot;0&quot;,&quot;copyright&quot;:&quot;&quot;,&quot;focal_length&quot;:&quot;0&quot;,&quot;iso&quot;:&quot;0&quot;,&quot;shutter_speed&quot;:&quot;0&quot;,&quot;title&quot;:&quot;&quot;,&quot;orientation&quot;:&quot;0&quot;}\" data-image-title=\"Brandenburg 17 59. Foto: MH\" data-image-description=\"&lt;p&gt;Brandenburg 17 59. Foto: MH&lt;\/p&gt;\n\" data-image-caption=\"&lt;p&gt;Brandenburg 17 59. Foto: MH&lt;\/p&gt;\n\" data-large-file=\"https:\/\/i0.wp.com\/www.kritische-masse.de\/logbuch\/wp-content\/uploads\/2024\/09\/Brandenburg-17-59.jpg?fit=1024%2C1024&amp;ssl=1\" class=\"size-large wp-image-10178\" title=\"Brandenburg 17 59. Foto: MH\" src=\"https:\/\/i0.wp.com\/www.kritische-masse.de\/logbuch\/wp-content\/uploads\/2024\/09\/Brandenburg-17-59.jpg?resize=840%2C840&#038;ssl=1\" alt=\"Brandenburg 17 59. Foto: MH\" width=\"840\" height=\"840\" srcset=\"https:\/\/i0.wp.com\/www.kritische-masse.de\/logbuch\/wp-content\/uploads\/2024\/09\/Brandenburg-17-59.jpg?resize=1024%2C1024&amp;ssl=1 1024w, https:\/\/i0.wp.com\/www.kritische-masse.de\/logbuch\/wp-content\/uploads\/2024\/09\/Brandenburg-17-59.jpg?resize=300%2C300&amp;ssl=1 300w, https:\/\/i0.wp.com\/www.kritische-masse.de\/logbuch\/wp-content\/uploads\/2024\/09\/Brandenburg-17-59.jpg?resize=150%2C150&amp;ssl=1 150w, https:\/\/i0.wp.com\/www.kritische-masse.de\/logbuch\/wp-content\/uploads\/2024\/09\/Brandenburg-17-59.jpg?resize=768%2C768&amp;ssl=1 768w, https:\/\/i0.wp.com\/www.kritische-masse.de\/logbuch\/wp-content\/uploads\/2024\/09\/Brandenburg-17-59.jpg?resize=1320%2C1320&amp;ssl=1 1320w, https:\/\/i0.wp.com\/www.kritische-masse.de\/logbuch\/wp-content\/uploads\/2024\/09\/Brandenburg-17-59.jpg?w=1440&amp;ssl=1 1440w\" sizes=\"auto, (max-width: 840px) 100vw, 840px\" \/><\/a><figcaption id=\"caption-attachment-10178\" class=\"wp-caption-text\">Brandenburg 17 59. Foto: MH<\/figcaption><\/figure>\n<p>Mit dem Niedergang des \u00f6ffentlich-rechtlichen Rundfunks, speziell des Radios, speziell des Jazz habe ich mich kurz auseinandergesetzt in der JazzZeitung.<\/p>\n<div class=\"oceanwp-oembed-wrap clr\">\n<blockquote class=\"wp-embedded-content\" data-secret=\"6cgIJMY22C\"><p><a href=\"https:\/\/www.jazzzeitung.de\/cms\/2024\/09\/nach-dem-radiofestival-der-ard-listen-adapt-improve\/\">Nach dem Radiofestival der ARD: \u201elisten, adapt &#038; improve\u201c<\/a><\/p><\/blockquote>\n<p><iframe loading=\"lazy\" class=\"wp-embedded-content\" sandbox=\"allow-scripts\" security=\"restricted\" style=\"position: absolute; visibility: hidden;\" title=\"&#8222;Nach dem Radiofestival der ARD: \u201elisten, adapt &#038; improve\u201c&#8220; &#8211; JazzZeitung\" src=\"https:\/\/www.jazzzeitung.de\/cms\/2024\/09\/nach-dem-radiofestival-der-ard-listen-adapt-improve\/embed\/#?secret=tErSqsFNM3#?secret=6cgIJMY22C\" data-secret=\"6cgIJMY22C\" width=\"600\" height=\"338\" frameborder=\"0\" marginwidth=\"0\" marginheight=\"0\" scrolling=\"no\"><\/iframe><\/div>\n<p><strong>Pierre Bayle<\/strong> im Jahr 1680:<\/p>\n<blockquote><p>\u201e49. Wie l\u00e4cherlich es ist, wenn man sich um die Ursachen einer Sache, die nicht da ist, k\u00fcmmert<\/p>\n<p>(&#8230;) Es gibt so viele wirkliche Dinge, mit deren Untersuchung man sich besch\u00e4ftigen kann, da\u00df diejenigen nicht genug zu tadeln sind, welche ihre Zeit dazu anwenden, da\u00df sie die Ursache von dem, was nicht da ist, finden m\u00f6chten und die Kr\u00e4fte ihre Verstandes der Wahrheit zum Nachteil so gern auf etwas anders zu richten pflegen.\u201c<sup class=\"modern-footnotes-footnote \" data-mfn=\"1\" data-mfn-post-scope=\"0000000000003e110000000000000000_10177\"><a href=\"javascript:void(0)\"  role=\"button\" aria-pressed=\"false\" aria-describedby=\"mfn-content-0000000000003e110000000000000000_10177-1\">1<\/a><\/sup><span id=\"mfn-content-0000000000003e110000000000000000_10177-1\" role=\"tooltip\" class=\"modern-footnotes-footnote__note\" tabindex=\"0\" data-mfn=\"1\">Bayle: Verschiedene Gedanken \u00fcber einen Kometen. DB Sonderband: 100 Werke der Philosophie, S. 4262 (vgl. Bayle-Gedanken, S. 118)<\/span><\/p><\/blockquote>\n<p><strong>Walter Benjamin<\/strong><\/p>\n<blockquote><p><span class=\"x193iq5w xeuugli x13faqbe x1vvkbs xlh3980 xvmahel x1n0sxbx x1lliihq x1s928wv xhkezso x1gmr53x x1cpjm7i x1fgarty x1943h6x xudqn12 x3x7a5m x6prxxf xvq8zen xo1l8bm xzsf02u x1yc453h\" dir=\"auto\">\u201eWer immer bis zu diesem Tage den Sieg davontrug, der marschiert mit in dem Triumphzug, der die heute Herrschenden \u00fcber die dahinf\u00fchrt, die heute am Boden liegen. Die Beute wird, wie das immer so \u00fcblich war, im Triumphzug mitgef\u00fchrt. Man bezeichnet sie als die Kulturg\u00fcter. Sie werden im historischen Materialisten mit einem distanzierten Betrachter zu rechnen haben. Denn was er an Kulturg\u00fctern \u00fcberblickt, das ist ihm samt und sonders von einer Abkunft, die er nicht ohne Grauen bedenken kann. Es dankt sein Dasein nicht nur der M\u00fche der gro\u00dfen Genien, die es geschaffen haben, sondern auch der namenlosen Fron ihrer Zeitgenossen. Es ist niemals ein Dokument der Kultur, ohne zugleich ein solches der Barbarei zu sein. Und wie es selbst nicht frei ist von Barbarei, so ist es auch der Proze\u00df der \u00dcberlieferung nicht, in der es von dem einen an den andern gefallen ist. Der historische Materialist r\u00fcckt daher nach Ma\u00dfgabe des M\u00f6glichen von ihr ab. Er betrachtet es als seine Aufgabe, die Geschichte gegen den Strich zu b\u00fcrsten.\u201c<sup class=\"modern-footnotes-footnote \" data-mfn=\"2\" data-mfn-post-scope=\"0000000000003e110000000000000000_10177\"><a href=\"javascript:void(0)\"  role=\"button\" aria-pressed=\"false\" aria-describedby=\"mfn-content-0000000000003e110000000000000000_10177-2\">2<\/a><\/sup><span id=\"mfn-content-0000000000003e110000000000000000_10177-2\" role=\"tooltip\" class=\"modern-footnotes-footnote__note\" tabindex=\"0\" data-mfn=\"2\">Walter Benjamin<\/span><br \/>\n<\/span><\/p><\/blockquote>\n<p><strong>Bilder aus den letzten Jahren.<\/strong><\/p>\n<div data-carousel-extra='{&quot;blog_id&quot;:1,&quot;permalink&quot;:&quot;https:\/\/www.kritische-masse.de\/logbuch\/2024\/09\/wie-laecherlich-es-ist-wenn-man-sich-um-die-ursachen-einer-sache-die-nicht-da-ist-kuemmert\/&quot;}' id='gallery-1' class='gallery galleryid-10177 gallery-columns-4 gallery-size-thumbnail'><figure class='gallery-item'>\n\t\t\t<div class='gallery-icon portrait'>\n\t\t\t\t<a title=\"Ga\u0308stezimmer. MH\"  href='https:\/\/www.kritische-masse.de\/logbuch\/2024\/09\/wie-laecherlich-es-ist-wenn-man-sich-um-die-ursachen-einer-sache-die-nicht-da-ist-kuemmert\/gaestezimmer-mh\/'><img loading=\"lazy\" decoding=\"async\" width=\"150\" height=\"150\" src=\"https:\/\/i0.wp.com\/www.kritische-masse.de\/logbuch\/wp-content\/uploads\/2024\/09\/Gaestezimmer.-MH.jpg?resize=150%2C150&amp;ssl=1\" class=\"attachment-thumbnail size-thumbnail\" alt=\"Ga\u0308stezimmer. MH\" aria-describedby=\"gallery-1-10183\" srcset=\"https:\/\/i0.wp.com\/www.kritische-masse.de\/logbuch\/wp-content\/uploads\/2024\/09\/Gaestezimmer.-MH.jpg?resize=150%2C150&amp;ssl=1 150w, https:\/\/i0.wp.com\/www.kritische-masse.de\/logbuch\/wp-content\/uploads\/2024\/09\/Gaestezimmer.-MH.jpg?zoom=2&amp;resize=150%2C150&amp;ssl=1 300w, https:\/\/i0.wp.com\/www.kritische-masse.de\/logbuch\/wp-content\/uploads\/2024\/09\/Gaestezimmer.-MH.jpg?zoom=3&amp;resize=150%2C150&amp;ssl=1 450w\" sizes=\"auto, (max-width: 150px) 100vw, 150px\" data-attachment-id=\"10183\" data-permalink=\"https:\/\/www.kritische-masse.de\/logbuch\/2024\/09\/wie-laecherlich-es-ist-wenn-man-sich-um-die-ursachen-einer-sache-die-nicht-da-ist-kuemmert\/gaestezimmer-mh\/\" data-orig-file=\"https:\/\/i0.wp.com\/www.kritische-masse.de\/logbuch\/wp-content\/uploads\/2024\/09\/Gaestezimmer.-MH.jpg?fit=1440%2C1800&amp;ssl=1\" data-orig-size=\"1440,1800\" data-comments-opened=\"1\" data-image-meta=\"{&quot;aperture&quot;:&quot;0&quot;,&quot;credit&quot;:&quot;&quot;,&quot;camera&quot;:&quot;&quot;,&quot;caption&quot;:&quot;&quot;,&quot;created_timestamp&quot;:&quot;0&quot;,&quot;copyright&quot;:&quot;&quot;,&quot;focal_length&quot;:&quot;0&quot;,&quot;iso&quot;:&quot;0&quot;,&quot;shutter_speed&quot;:&quot;0&quot;,&quot;title&quot;:&quot;&quot;,&quot;orientation&quot;:&quot;0&quot;}\" data-image-title=\"Ga\u0308stezimmer. MH\" data-image-description=\"&lt;p&gt;Ga\u0308stezimmer. MH&lt;\/p&gt;\n\" data-image-caption=\"&lt;p&gt;Ga\u0308stezimmer. MH&lt;\/p&gt;\n\" data-large-file=\"https:\/\/i0.wp.com\/www.kritische-masse.de\/logbuch\/wp-content\/uploads\/2024\/09\/Gaestezimmer.-MH.jpg?fit=819%2C1024&amp;ssl=1\" \/><\/a>\n\t\t\t<\/div>\n\t\t\t\t<figcaption class='wp-caption-text gallery-caption' id='gallery-1-10183'>\n\t\t\t\tGa\u0308stezimmer. MH\n\t\t\t\t<\/figcaption><\/figure><figure class='gallery-item'>\n\t\t\t<div class='gallery-icon landscape'>\n\t\t\t\t<a title=\"Hymne an die Scho\u0308nheit MH\"  href='https:\/\/www.kritische-masse.de\/logbuch\/2024\/09\/wie-laecherlich-es-ist-wenn-man-sich-um-die-ursachen-einer-sache-die-nicht-da-ist-kuemmert\/hymne-an-die-schoenheit-mh\/'><img loading=\"lazy\" decoding=\"async\" width=\"150\" height=\"150\" src=\"https:\/\/i0.wp.com\/www.kritische-masse.de\/logbuch\/wp-content\/uploads\/2024\/09\/Hymne-an-die-Schoenheit-MH.jpg?resize=150%2C150&amp;ssl=1\" class=\"attachment-thumbnail size-thumbnail\" alt=\"Hymne an die Scho\u0308nheit MH\" aria-describedby=\"gallery-1-10182\" srcset=\"https:\/\/i0.wp.com\/www.kritische-masse.de\/logbuch\/wp-content\/uploads\/2024\/09\/Hymne-an-die-Schoenheit-MH.jpg?resize=150%2C150&amp;ssl=1 150w, https:\/\/i0.wp.com\/www.kritische-masse.de\/logbuch\/wp-content\/uploads\/2024\/09\/Hymne-an-die-Schoenheit-MH.jpg?zoom=2&amp;resize=150%2C150&amp;ssl=1 300w, https:\/\/i0.wp.com\/www.kritische-masse.de\/logbuch\/wp-content\/uploads\/2024\/09\/Hymne-an-die-Schoenheit-MH.jpg?zoom=3&amp;resize=150%2C150&amp;ssl=1 450w\" sizes=\"auto, (max-width: 150px) 100vw, 150px\" data-attachment-id=\"10182\" data-permalink=\"https:\/\/www.kritische-masse.de\/logbuch\/2024\/09\/wie-laecherlich-es-ist-wenn-man-sich-um-die-ursachen-einer-sache-die-nicht-da-ist-kuemmert\/hymne-an-die-schoenheit-mh\/\" data-orig-file=\"https:\/\/i0.wp.com\/www.kritische-masse.de\/logbuch\/wp-content\/uploads\/2024\/09\/Hymne-an-die-Schoenheit-MH.jpg?fit=2048%2C1536&amp;ssl=1\" data-orig-size=\"2048,1536\" data-comments-opened=\"1\" data-image-meta=\"{&quot;aperture&quot;:&quot;0&quot;,&quot;credit&quot;:&quot;&quot;,&quot;camera&quot;:&quot;&quot;,&quot;caption&quot;:&quot;&quot;,&quot;created_timestamp&quot;:&quot;0&quot;,&quot;copyright&quot;:&quot;&quot;,&quot;focal_length&quot;:&quot;0&quot;,&quot;iso&quot;:&quot;0&quot;,&quot;shutter_speed&quot;:&quot;0&quot;,&quot;title&quot;:&quot;&quot;,&quot;orientation&quot;:&quot;0&quot;}\" data-image-title=\"Hymne an die Scho\u0308nheit MH\" data-image-description=\"&lt;p&gt;Hymne an die Scho\u0308nheit MH&lt;\/p&gt;\n\" data-image-caption=\"&lt;p&gt;Hymne an die Scho\u0308nheit MH&lt;\/p&gt;\n\" data-large-file=\"https:\/\/i0.wp.com\/www.kritische-masse.de\/logbuch\/wp-content\/uploads\/2024\/09\/Hymne-an-die-Schoenheit-MH.jpg?fit=1024%2C768&amp;ssl=1\" \/><\/a>\n\t\t\t<\/div>\n\t\t\t\t<figcaption class='wp-caption-text gallery-caption' id='gallery-1-10182'>\n\t\t\t\tHymne an die Scho\u0308nheit MH\n\t\t\t\t<\/figcaption><\/figure><figure class='gallery-item'>\n\t\t\t<div class='gallery-icon landscape'>\n\t\t\t\t<a title=\"Pilzlandschaft &#8230; Nachtwache so a\u0308hnlich. MH\"  href='https:\/\/www.kritische-masse.de\/logbuch\/2024\/09\/wie-laecherlich-es-ist-wenn-man-sich-um-die-ursachen-einer-sache-die-nicht-da-ist-kuemmert\/pilzlandschaft-nachtwache-so-aehnlich-mh\/'><img loading=\"lazy\" decoding=\"async\" width=\"150\" height=\"150\" src=\"https:\/\/i0.wp.com\/www.kritische-masse.de\/logbuch\/wp-content\/uploads\/2024\/09\/Pilzlandschaft-.-Nachtwache-so-aehnlich.-MH.jpg?resize=150%2C150&amp;ssl=1\" class=\"attachment-thumbnail size-thumbnail\" alt=\"Pilzlandschaft ... Nachtwache so a\u0308hnlich. MH\" aria-describedby=\"gallery-1-10181\" srcset=\"https:\/\/i0.wp.com\/www.kritische-masse.de\/logbuch\/wp-content\/uploads\/2024\/09\/Pilzlandschaft-.-Nachtwache-so-aehnlich.-MH.jpg?resize=150%2C150&amp;ssl=1 150w, https:\/\/i0.wp.com\/www.kritische-masse.de\/logbuch\/wp-content\/uploads\/2024\/09\/Pilzlandschaft-.-Nachtwache-so-aehnlich.-MH.jpg?zoom=2&amp;resize=150%2C150&amp;ssl=1 300w, https:\/\/i0.wp.com\/www.kritische-masse.de\/logbuch\/wp-content\/uploads\/2024\/09\/Pilzlandschaft-.-Nachtwache-so-aehnlich.-MH.jpg?zoom=3&amp;resize=150%2C150&amp;ssl=1 450w\" sizes=\"auto, (max-width: 150px) 100vw, 150px\" data-attachment-id=\"10181\" data-permalink=\"https:\/\/www.kritische-masse.de\/logbuch\/2024\/09\/wie-laecherlich-es-ist-wenn-man-sich-um-die-ursachen-einer-sache-die-nicht-da-ist-kuemmert\/pilzlandschaft-nachtwache-so-aehnlich-mh\/\" data-orig-file=\"https:\/\/i0.wp.com\/www.kritische-masse.de\/logbuch\/wp-content\/uploads\/2024\/09\/Pilzlandschaft-.-Nachtwache-so-aehnlich.-MH.jpg?fit=2048%2C1536&amp;ssl=1\" data-orig-size=\"2048,1536\" data-comments-opened=\"1\" data-image-meta=\"{&quot;aperture&quot;:&quot;0&quot;,&quot;credit&quot;:&quot;Dr. Martin Hufner&quot;,&quot;camera&quot;:&quot;&quot;,&quot;caption&quot;:&quot;&quot;,&quot;created_timestamp&quot;:&quot;0&quot;,&quot;copyright&quot;:&quot;Martin Hufner&quot;,&quot;focal_length&quot;:&quot;0&quot;,&quot;iso&quot;:&quot;0&quot;,&quot;shutter_speed&quot;:&quot;0&quot;,&quot;title&quot;:&quot;&quot;,&quot;orientation&quot;:&quot;0&quot;}\" data-image-title=\"Pilzlandschaft &amp;#8230; Nachtwache so a\u0308hnlich. MH\" data-image-description=\"&lt;p&gt;Pilzlandschaft &amp;#8230; Nachtwache so a\u0308hnlich. MH&lt;\/p&gt;\n\" data-image-caption=\"&lt;p&gt;Pilzlandschaft &amp;#8230; Nachtwache so a\u0308hnlich. MH&lt;\/p&gt;\n\" data-large-file=\"https:\/\/i0.wp.com\/www.kritische-masse.de\/logbuch\/wp-content\/uploads\/2024\/09\/Pilzlandschaft-.-Nachtwache-so-aehnlich.-MH.jpg?fit=1024%2C768&amp;ssl=1\" \/><\/a>\n\t\t\t<\/div>\n\t\t\t\t<figcaption class='wp-caption-text gallery-caption' id='gallery-1-10181'>\n\t\t\t\tPilzlandschaft &#8230; Nachtwache so a\u0308hnlich. MH\n\t\t\t\t<\/figcaption><\/figure><figure class='gallery-item'>\n\t\t\t<div class='gallery-icon landscape'>\n\t\t\t\t<a title=\"Hericium erinaceus. MH\"  href='https:\/\/www.kritische-masse.de\/logbuch\/2024\/09\/wie-laecherlich-es-ist-wenn-man-sich-um-die-ursachen-einer-sache-die-nicht-da-ist-kuemmert\/hericium-erinaceus-mh\/'><img loading=\"lazy\" decoding=\"async\" width=\"150\" height=\"150\" src=\"https:\/\/i0.wp.com\/www.kritische-masse.de\/logbuch\/wp-content\/uploads\/2024\/09\/Hericium-erinaceus.-MH.jpg?resize=150%2C150&amp;ssl=1\" class=\"attachment-thumbnail size-thumbnail\" alt=\"Hericium erinaceus. MH\" aria-describedby=\"gallery-1-10180\" srcset=\"https:\/\/i0.wp.com\/www.kritische-masse.de\/logbuch\/wp-content\/uploads\/2024\/09\/Hericium-erinaceus.-MH.jpg?resize=150%2C150&amp;ssl=1 150w, https:\/\/i0.wp.com\/www.kritische-masse.de\/logbuch\/wp-content\/uploads\/2024\/09\/Hericium-erinaceus.-MH.jpg?zoom=2&amp;resize=150%2C150&amp;ssl=1 300w, https:\/\/i0.wp.com\/www.kritische-masse.de\/logbuch\/wp-content\/uploads\/2024\/09\/Hericium-erinaceus.-MH.jpg?zoom=3&amp;resize=150%2C150&amp;ssl=1 450w\" sizes=\"auto, (max-width: 150px) 100vw, 150px\" data-attachment-id=\"10180\" data-permalink=\"https:\/\/www.kritische-masse.de\/logbuch\/2024\/09\/wie-laecherlich-es-ist-wenn-man-sich-um-die-ursachen-einer-sache-die-nicht-da-ist-kuemmert\/hericium-erinaceus-mh\/\" data-orig-file=\"https:\/\/i0.wp.com\/www.kritische-masse.de\/logbuch\/wp-content\/uploads\/2024\/09\/Hericium-erinaceus.-MH.jpg?fit=2048%2C1536&amp;ssl=1\" data-orig-size=\"2048,1536\" data-comments-opened=\"1\" data-image-meta=\"{&quot;aperture&quot;:&quot;0&quot;,&quot;credit&quot;:&quot;Dr. Martin Hufner&quot;,&quot;camera&quot;:&quot;&quot;,&quot;caption&quot;:&quot;&quot;,&quot;created_timestamp&quot;:&quot;0&quot;,&quot;copyright&quot;:&quot;Martin Hufner&quot;,&quot;focal_length&quot;:&quot;0&quot;,&quot;iso&quot;:&quot;0&quot;,&quot;shutter_speed&quot;:&quot;0&quot;,&quot;title&quot;:&quot;&quot;,&quot;orientation&quot;:&quot;0&quot;}\" data-image-title=\"Hericium erinaceus. MH\" data-image-description=\"&lt;p&gt;Hericium erinaceus. MH&lt;\/p&gt;\n\" data-image-caption=\"&lt;p&gt;Hericium erinaceus. MH&lt;\/p&gt;\n\" data-large-file=\"https:\/\/i0.wp.com\/www.kritische-masse.de\/logbuch\/wp-content\/uploads\/2024\/09\/Hericium-erinaceus.-MH.jpg?fit=1024%2C768&amp;ssl=1\" \/><\/a>\n\t\t\t<\/div>\n\t\t\t\t<figcaption class='wp-caption-text gallery-caption' id='gallery-1-10180'>\n\t\t\t\tHericium erinaceus. MH\n\t\t\t\t<\/figcaption><\/figure>\n\t\t<\/div>\n\n<div class=\"shariff shariff-align-left shariff-widget-align-left\"><ul class=\"shariff-buttons theme-white orientation-horizontal buttonsize-small\"><li class=\"shariff-button mastodon shariff-nocustomcolor\" style=\"background-color:#563ACC\"><a href=\"https:\/\/s2f.kytta.dev\/?text=Wie%20l%C3%A4cherlich%20es%20ist%2C%20wenn%20man%20sich%20um%20die%20Ursachen%20einer%20Sache%2C%20die%20nicht%20da%20ist%2C%20k%C3%BCmmert https%3A%2F%2Fwww.kritische-masse.de%2Flogbuch%2F2024%2F09%2Fwie-laecherlich-es-ist-wenn-man-sich-um-die-ursachen-einer-sache-die-nicht-da-ist-kuemmert%2F\" title=\"Bei Mastodon teilen\" aria-label=\"Bei Mastodon teilen\" role=\"button\" rel=\"noopener nofollow\" class=\"shariff-link\" style=\"; background-color:#6364FF; color:#6364FF\" target=\"_blank\"><span class=\"shariff-icon\" style=\"fill:#6364FF\"><svg width=\"75\" height=\"79\" viewBox=\"0 0 75 79\" fill=\"none\" xmlns=\"http:\/\/www.w3.org\/2000\/svg\"><path d=\"M37.813-.025C32.462-.058 27.114.13 21.79.598c-8.544.621-17.214 5.58-20.203 13.931C-1.12 23.318.408 32.622.465 41.65c.375 7.316.943 14.78 3.392 21.73 4.365 9.465 14.781 14.537 24.782 15.385 7.64.698 15.761-.213 22.517-4.026a54.1 54.1 0 0 0 .01-6.232c-6.855 1.316-14.101 2.609-21.049 1.074-3.883-.88-6.876-4.237-7.25-8.215-1.53-3.988 3.78-.43 5.584-.883 9.048 1.224 18.282.776 27.303-.462 7.044-.837 14.26-4.788 16.65-11.833 2.263-6.135 1.215-12.79 1.698-19.177.06-3.84.09-7.692-.262-11.52C72.596 7.844 63.223.981 53.834.684a219.453 219.453 0 0 0-16.022-.71zm11.294 12.882c5.5-.067 10.801 4.143 11.67 9.653.338 1.48.471 3 .471 4.515v21.088h-8.357c-.07-7.588.153-15.182-.131-22.765-.587-4.368-7.04-5.747-9.672-2.397-2.422 3.04-1.47 7.155-1.67 10.735v6.392h-8.307c-.146-4.996.359-10.045-.404-15.002-1.108-4.218-7.809-5.565-10.094-1.666-1.685 3.046-.712 6.634-.976 9.936v14.767h-8.354c.109-8.165-.238-16.344.215-24.5.674-5.346 5.095-10.389 10.676-10.627 4.902-.739 10.103 2.038 12.053 6.631.375 1.435 1.76 1.932 1.994.084 1.844-3.704 5.501-6.739 9.785-6.771.367-.044.735-.068 1.101-.073z\"\/><defs><linearGradient id=\"paint0_linear_549_34\" x1=\"37.0692\" y1=\"0\" x2=\"37.0692\" y2=\"79\" gradientUnits=\"userSpaceOnUse\"><stop stop-color=\"#6364FF\"\/><stop offset=\"1\" stop-color=\"#563ACC\"\/><\/linearGradient><\/defs><\/svg><\/span><span class=\"shariff-text\" style=\"color:#6364FF\">teilen<\/span>&nbsp;<\/a><\/li><li class=\"shariff-button bluesky shariff-nocustomcolor\" style=\"background-color:#84c4ff\"><a href=\"https:\/\/bsky.app\/intent\/compose?text=Wie%20l%C3%A4cherlich%20es%20ist%2C%20wenn%20man%20sich%20um%20die%20Ursachen%20einer%20Sache%2C%20die%20nicht%20da%20ist%2C%20k%C3%BCmmert https%3A%2F%2Fwww.kritische-masse.de%2Flogbuch%2F2024%2F09%2Fwie-laecherlich-es-ist-wenn-man-sich-um-die-ursachen-einer-sache-die-nicht-da-ist-kuemmert%2F \" title=\"Bei Bluesky teilen\" aria-label=\"Bei Bluesky teilen\" role=\"button\" rel=\"noopener nofollow\" class=\"shariff-link\" style=\"; background-color:#0085ff; color:#0085ff\" target=\"_blank\"><span class=\"shariff-icon\" style=\"fill:#0085ff\"><svg width=\"20\" height=\"20\" version=\"1.1\" xmlns=\"http:\/\/www.w3.org\/2000\/svg\" viewBox=\"0 0 20 20\"><path class=\"st0\" d=\"M4.89,3.12c2.07,1.55,4.3,4.71,5.11,6.4.82-1.69,3.04-4.84,5.11-6.4,1.49-1.12,3.91-1.99,3.91.77,0,.55-.32,4.63-.5,5.3-.64,2.3-2.99,2.89-5.08,2.54,3.65.62,4.58,2.68,2.57,4.74-3.81,3.91-5.48-.98-5.9-2.23-.08-.23-.11-.34-.12-.25,0-.09-.04.02-.12.25-.43,1.25-2.09,6.14-5.9,2.23-2.01-2.06-1.08-4.12,2.57-4.74-2.09.36-4.44-.23-5.08-2.54-.19-.66-.5-4.74-.5-5.3,0-2.76,2.42-1.89,3.91-.77h0Z\"\/><\/svg><\/span><span class=\"shariff-text\" style=\"color:#0085ff\">teilen<\/span>&nbsp;<\/a><\/li><li class=\"shariff-button threema shariff-nocustomcolor shariff-mobile\" style=\"background-color:#4fbc24\"><a href=\"threema:\/\/compose?text=Wie%20l%C3%A4cherlich%20es%20ist%2C%20wenn%20man%20sich%20um%20die%20Ursachen%20einer%20Sache%2C%20die%20nicht%20da%20ist%2C%20k%C3%BCmmert%20https%3A%2F%2Fwww.kritische-masse.de%2Flogbuch%2F2024%2F09%2Fwie-laecherlich-es-ist-wenn-man-sich-um-die-ursachen-einer-sache-die-nicht-da-ist-kuemmert%2F\" title=\"Bei Threema teilen\" aria-label=\"Bei Threema teilen\" role=\"button\" rel=\"noopener nofollow\" class=\"shariff-link\" style=\"; background-color:#1f1f1f; color:#1f1f1f\" target=\"_blank\"><span class=\"shariff-icon\" style=\"fill:#1f1f1f\"><svg width=\"32px\" height=\"20px\" xmlns=\"http:\/\/www.w3.org\/2000\/svg\" viewBox=\"0 0 32 32\"><path fill=\"#1f1f1f\" d=\"M30.8 10.9c-0.3-1.4-0.9-2.6-1.8-3.8-2-2.6-5.5-4.5-9.4-5.2-1.3-0.2-1.9-0.3-3.5-0.3s-2.2 0-3.5 0.3c-4 0.7-7.4 2.6-9.4 5.2-0.9 1.2-1.5 2.4-1.8 3.8-0.1 0.5-0.2 1.2-0.2 1.6 0 0.4 0.1 1.1 0.2 1.6 0.4 1.9 1.3 3.4 2.9 5 0.8 0.8 0.8 0.8 0.7 1.3 0 0.6-0.5 1.6-1.7 3.6-0.3 0.5-0.5 0.9-0.5 0.9 0 0.1 0.1 0.1 0.5 0 0.8-0.2 2.3-0.6 5.6-1.6 1.1-0.3 1.3-0.4 2.3-0.4 0.8 0 1.1 0 2.3 0.2 1.5 0.2 3.5 0.2 4.9 0 5.1-0.6 9.3-2.9 11.4-6.3 0.5-0.9 0.9-1.8 1.1-2.8 0.1-0.5 0.2-1.1 0.2-1.6 0-0.7-0.1-1.1-0.2-1.6-0.3-1.4 0.1 0.5 0 0zM20.6 17.3c0 0.4-0.4 0.8-0.8 0.8h-7.7c-0.4 0-0.8-0.4-0.8-0.8v-4.6c0-0.4 0.4-0.8 0.8-0.8h0.2l0-1.6c0-0.9 0-1.8 0.1-2 0.1-0.6 0.6-1.2 1.1-1.7s1.1-0.7 1.9-0.8c1.8-0.3 3.7 0.7 4.2 2.2 0.1 0.3 0.1 0.7 0.1 2.1v0 1.7h0.1c0.4 0 0.8 0.4 0.8 0.8v4.6zM15.6 7.3c-0.5 0.1-0.8 0.3-1.2 0.6s-0.6 0.8-0.7 1.3c0 0.2 0 0.8 0 1.5l0 1.2h4.6v-1.3c0-1 0-1.4-0.1-1.6-0.3-1.1-1.5-1.9-2.6-1.7zM25.8 28.2c0 1.2-1 2.2-2.1 2.2s-2.1-1-2.1-2.1c0-1.2 1-2.1 2.2-2.1s2.2 1 2.2 2.2zM18.1 28.2c0 1.2-1 2.2-2.1 2.2s-2.1-1-2.1-2.1c0-1.2 1-2.1 2.2-2.1s2.2 1 2.2 2.2zM10.4 28.2c0 1.2-1 2.2-2.1 2.2s-2.1-1-2.1-2.1c0-1.2 1-2.1 2.2-2.1s2.2 1 2.2 2.2z\"\/><\/svg><\/span><span class=\"shariff-text\" style=\"color:#1f1f1f\">teilen<\/span>&nbsp;<\/a><\/li><li class=\"shariff-button facebook shariff-nocustomcolor\" style=\"background-color:#4273c8\"><a href=\"https:\/\/www.facebook.com\/sharer\/sharer.php?u=https%3A%2F%2Fwww.kritische-masse.de%2Flogbuch%2F2024%2F09%2Fwie-laecherlich-es-ist-wenn-man-sich-um-die-ursachen-einer-sache-die-nicht-da-ist-kuemmert%2F\" title=\"Bei Facebook teilen\" aria-label=\"Bei Facebook teilen\" role=\"button\" rel=\"nofollow\" class=\"shariff-link\" style=\"; background-color:#3b5998; color:#3b5998\" target=\"_blank\"><span class=\"shariff-icon\" style=\"fill:#3b5998\"><svg width=\"32px\" height=\"20px\" xmlns=\"http:\/\/www.w3.org\/2000\/svg\" viewBox=\"0 0 18 32\"><path fill=\"#3b5998\" d=\"M17.1 0.2v4.7h-2.8q-1.5 0-2.1 0.6t-0.5 1.9v3.4h5.2l-0.7 5.3h-4.5v13.6h-5.5v-13.6h-4.5v-5.3h4.5v-3.9q0-3.3 1.9-5.2t5-1.8q2.6 0 4.1 0.2z\"\/><\/svg><\/span><span class=\"shariff-text\" style=\"color:#3b5998\">teilen<\/span>&nbsp;<\/a><\/li><li class=\"shariff-button info shariff-nocustomcolor\" style=\"background-color:#a8a8a8\"><a href=\"http:\/\/ct.de\/-2467514\" title=\"Weitere Informationen\" aria-label=\"Weitere Informationen\" role=\"button\" rel=\"noopener \" class=\"shariff-link\" style=\"; background-color:#999; color:#999\" target=\"_blank\"><span class=\"shariff-icon\" style=\"fill:#999\"><svg width=\"32px\" height=\"20px\" xmlns=\"http:\/\/www.w3.org\/2000\/svg\" viewBox=\"0 0 11 32\"><path fill=\"#999\" d=\"M11.4 24v2.3q0 0.5-0.3 0.8t-0.8 0.4h-9.1q-0.5 0-0.8-0.4t-0.4-0.8v-2.3q0-0.5 0.4-0.8t0.8-0.4h1.1v-6.8h-1.1q-0.5 0-0.8-0.4t-0.4-0.8v-2.3q0-0.5 0.4-0.8t0.8-0.4h6.8q0.5 0 0.8 0.4t0.4 0.8v10.3h1.1q0.5 0 0.8 0.4t0.3 0.8zM9.2 3.4v3.4q0 0.5-0.4 0.8t-0.8 0.4h-4.6q-0.4 0-0.8-0.4t-0.4-0.8v-3.4q0-0.4 0.4-0.8t0.8-0.4h4.6q0.5 0 0.8 0.4t0.4 0.8z\"\/><\/svg><\/span><\/a><\/li><\/ul><\/div><h3 class=\"modern-footnotes-list-heading \">Fussnoten:<\/h3><ul class=\"modern-footnotes-list \"><li><span>1<\/span><div>Bayle: Verschiedene Gedanken \u00fcber einen Kometen. DB Sonderband: 100 Werke der Philosophie, S. 4262 (vgl. Bayle-Gedanken, S. 118)<\/div><\/li><li><span>2<\/span><div>Walter Benjamin<\/div><\/li><\/ul>","protected":false},"excerpt":{"rendered":"<p>Blei in und auf der Seele. Aber Pierre Bayle wei\u00df Rat. Walter Benjamin beim Denken. <\/p>\n<div class=\"shariff shariff-align-left shariff-widget-align-left\"><ul class=\"shariff-buttons theme-white orientation-horizontal buttonsize-small\"><li class=\"shariff-button mastodon shariff-nocustomcolor\" style=\"background-color:#563ACC\"><a href=\"https:\/\/s2f.kytta.dev\/?text=Wie%20l%C3%A4cherlich%20es%20ist%2C%20wenn%20man%20sich%20um%20die%20Ursachen%20einer%20Sache%2C%20die%20nicht%20da%20ist%2C%20k%C3%BCmmert https%3A%2F%2Fwww.kritische-masse.de%2Flogbuch%2F2024%2F09%2Fwie-laecherlich-es-ist-wenn-man-sich-um-die-ursachen-einer-sache-die-nicht-da-ist-kuemmert%2F\" title=\"Bei Mastodon teilen\" aria-label=\"Bei Mastodon teilen\" role=\"button\" rel=\"noopener nofollow\" class=\"shariff-link\" style=\"; background-color:#6364FF; color:#6364FF\" target=\"_blank\"><span class=\"shariff-icon\" style=\"fill:#6364FF\"><svg width=\"75\" height=\"79\" viewBox=\"0 0 75 79\" fill=\"none\" xmlns=\"http:\/\/www.w3.org\/2000\/svg\"><path d=\"M37.813-.025C32.462-.058 27.114.13 21.79.598c-8.544.621-17.214 5.58-20.203 13.931C-1.12 23.318.408 32.622.465 41.65c.375 7.316.943 14.78 3.392 21.73 4.365 9.465 14.781 14.537 24.782 15.385 7.64.698 15.761-.213 22.517-4.026a54.1 54.1 0 0 0 .01-6.232c-6.855 1.316-14.101 2.609-21.049 1.074-3.883-.88-6.876-4.237-7.25-8.215-1.53-3.988 3.78-.43 5.584-.883 9.048 1.224 18.282.776 27.303-.462 7.044-.837 14.26-4.788 16.65-11.833 2.263-6.135 1.215-12.79 1.698-19.177.06-3.84.09-7.692-.262-11.52C72.596 7.844 63.223.981 53.834.684a219.453 219.453 0 0 0-16.022-.71zm11.294 12.882c5.5-.067 10.801 4.143 11.67 9.653.338 1.48.471 3 .471 4.515v21.088h-8.357c-.07-7.588.153-15.182-.131-22.765-.587-4.368-7.04-5.747-9.672-2.397-2.422 3.04-1.47 7.155-1.67 10.735v6.392h-8.307c-.146-4.996.359-10.045-.404-15.002-1.108-4.218-7.809-5.565-10.094-1.666-1.685 3.046-.712 6.634-.976 9.936v14.767h-8.354c.109-8.165-.238-16.344.215-24.5.674-5.346 5.095-10.389 10.676-10.627 4.902-.739 10.103 2.038 12.053 6.631.375 1.435 1.76 1.932 1.994.084 1.844-3.704 5.501-6.739 9.785-6.771.367-.044.735-.068 1.101-.073z\"\/><defs><linearGradient id=\"paint0_linear_549_34\" x1=\"37.0692\" y1=\"0\" x2=\"37.0692\" y2=\"79\" gradientUnits=\"userSpaceOnUse\"><stop stop-color=\"#6364FF\"\/><stop offset=\"1\" stop-color=\"#563ACC\"\/><\/linearGradient><\/defs><\/svg><\/span><span class=\"shariff-text\" style=\"color:#6364FF\">teilen<\/span>&nbsp;<\/a><\/li><li class=\"shariff-button bluesky shariff-nocustomcolor\" style=\"background-color:#84c4ff\"><a href=\"https:\/\/bsky.app\/intent\/compose?text=Wie%20l%C3%A4cherlich%20es%20ist%2C%20wenn%20man%20sich%20um%20die%20Ursachen%20einer%20Sache%2C%20die%20nicht%20da%20ist%2C%20k%C3%BCmmert https%3A%2F%2Fwww.kritische-masse.de%2Flogbuch%2F2024%2F09%2Fwie-laecherlich-es-ist-wenn-man-sich-um-die-ursachen-einer-sache-die-nicht-da-ist-kuemmert%2F \" title=\"Bei Bluesky teilen\" aria-label=\"Bei Bluesky teilen\" role=\"button\" rel=\"noopener nofollow\" class=\"shariff-link\" style=\"; background-color:#0085ff; color:#0085ff\" target=\"_blank\"><span class=\"shariff-icon\" style=\"fill:#0085ff\"><svg width=\"20\" height=\"20\" version=\"1.1\" xmlns=\"http:\/\/www.w3.org\/2000\/svg\" viewBox=\"0 0 20 20\"><path class=\"st0\" d=\"M4.89,3.12c2.07,1.55,4.3,4.71,5.11,6.4.82-1.69,3.04-4.84,5.11-6.4,1.49-1.12,3.91-1.99,3.91.77,0,.55-.32,4.63-.5,5.3-.64,2.3-2.99,2.89-5.08,2.54,3.65.62,4.58,2.68,2.57,4.74-3.81,3.91-5.48-.98-5.9-2.23-.08-.23-.11-.34-.12-.25,0-.09-.04.02-.12.25-.43,1.25-2.09,6.14-5.9,2.23-2.01-2.06-1.08-4.12,2.57-4.74-2.09.36-4.44-.23-5.08-2.54-.19-.66-.5-4.74-.5-5.3,0-2.76,2.42-1.89,3.91-.77h0Z\"\/><\/svg><\/span><span class=\"shariff-text\" style=\"color:#0085ff\">teilen<\/span>&nbsp;<\/a><\/li><li class=\"shariff-button threema shariff-nocustomcolor shariff-mobile\" style=\"background-color:#4fbc24\"><a href=\"threema:\/\/compose?text=Wie%20l%C3%A4cherlich%20es%20ist%2C%20wenn%20man%20sich%20um%20die%20Ursachen%20einer%20Sache%2C%20die%20nicht%20da%20ist%2C%20k%C3%BCmmert%20https%3A%2F%2Fwww.kritische-masse.de%2Flogbuch%2F2024%2F09%2Fwie-laecherlich-es-ist-wenn-man-sich-um-die-ursachen-einer-sache-die-nicht-da-ist-kuemmert%2F\" title=\"Bei Threema teilen\" aria-label=\"Bei Threema teilen\" role=\"button\" rel=\"noopener nofollow\" class=\"shariff-link\" style=\"; background-color:#1f1f1f; color:#1f1f1f\" target=\"_blank\"><span class=\"shariff-icon\" style=\"fill:#1f1f1f\"><svg width=\"32px\" height=\"20px\" xmlns=\"http:\/\/www.w3.org\/2000\/svg\" viewBox=\"0 0 32 32\"><path fill=\"#1f1f1f\" d=\"M30.8 10.9c-0.3-1.4-0.9-2.6-1.8-3.8-2-2.6-5.5-4.5-9.4-5.2-1.3-0.2-1.9-0.3-3.5-0.3s-2.2 0-3.5 0.3c-4 0.7-7.4 2.6-9.4 5.2-0.9 1.2-1.5 2.4-1.8 3.8-0.1 0.5-0.2 1.2-0.2 1.6 0 0.4 0.1 1.1 0.2 1.6 0.4 1.9 1.3 3.4 2.9 5 0.8 0.8 0.8 0.8 0.7 1.3 0 0.6-0.5 1.6-1.7 3.6-0.3 0.5-0.5 0.9-0.5 0.9 0 0.1 0.1 0.1 0.5 0 0.8-0.2 2.3-0.6 5.6-1.6 1.1-0.3 1.3-0.4 2.3-0.4 0.8 0 1.1 0 2.3 0.2 1.5 0.2 3.5 0.2 4.9 0 5.1-0.6 9.3-2.9 11.4-6.3 0.5-0.9 0.9-1.8 1.1-2.8 0.1-0.5 0.2-1.1 0.2-1.6 0-0.7-0.1-1.1-0.2-1.6-0.3-1.4 0.1 0.5 0 0zM20.6 17.3c0 0.4-0.4 0.8-0.8 0.8h-7.7c-0.4 0-0.8-0.4-0.8-0.8v-4.6c0-0.4 0.4-0.8 0.8-0.8h0.2l0-1.6c0-0.9 0-1.8 0.1-2 0.1-0.6 0.6-1.2 1.1-1.7s1.1-0.7 1.9-0.8c1.8-0.3 3.7 0.7 4.2 2.2 0.1 0.3 0.1 0.7 0.1 2.1v0 1.7h0.1c0.4 0 0.8 0.4 0.8 0.8v4.6zM15.6 7.3c-0.5 0.1-0.8 0.3-1.2 0.6s-0.6 0.8-0.7 1.3c0 0.2 0 0.8 0 1.5l0 1.2h4.6v-1.3c0-1 0-1.4-0.1-1.6-0.3-1.1-1.5-1.9-2.6-1.7zM25.8 28.2c0 1.2-1 2.2-2.1 2.2s-2.1-1-2.1-2.1c0-1.2 1-2.1 2.2-2.1s2.2 1 2.2 2.2zM18.1 28.2c0 1.2-1 2.2-2.1 2.2s-2.1-1-2.1-2.1c0-1.2 1-2.1 2.2-2.1s2.2 1 2.2 2.2zM10.4 28.2c0 1.2-1 2.2-2.1 2.2s-2.1-1-2.1-2.1c0-1.2 1-2.1 2.2-2.1s2.2 1 2.2 2.2z\"\/><\/svg><\/span><span class=\"shariff-text\" style=\"color:#1f1f1f\">teilen<\/span>&nbsp;<\/a><\/li><li class=\"shariff-button facebook shariff-nocustomcolor\" style=\"background-color:#4273c8\"><a href=\"https:\/\/www.facebook.com\/sharer\/sharer.php?u=https%3A%2F%2Fwww.kritische-masse.de%2Flogbuch%2F2024%2F09%2Fwie-laecherlich-es-ist-wenn-man-sich-um-die-ursachen-einer-sache-die-nicht-da-ist-kuemmert%2F\" title=\"Bei Facebook teilen\" aria-label=\"Bei Facebook teilen\" role=\"button\" rel=\"nofollow\" class=\"shariff-link\" style=\"; background-color:#3b5998; color:#3b5998\" target=\"_blank\"><span class=\"shariff-icon\" style=\"fill:#3b5998\"><svg width=\"32px\" height=\"20px\" xmlns=\"http:\/\/www.w3.org\/2000\/svg\" viewBox=\"0 0 18 32\"><path fill=\"#3b5998\" d=\"M17.1 0.2v4.7h-2.8q-1.5 0-2.1 0.6t-0.5 1.9v3.4h5.2l-0.7 5.3h-4.5v13.6h-5.5v-13.6h-4.5v-5.3h4.5v-3.9q0-3.3 1.9-5.2t5-1.8q2.6 0 4.1 0.2z\"\/><\/svg><\/span><span class=\"shariff-text\" style=\"color:#3b5998\">teilen<\/span>&nbsp;<\/a><\/li><li class=\"shariff-button info shariff-nocustomcolor\" style=\"background-color:#a8a8a8\"><a href=\"http:\/\/ct.de\/-2467514\" title=\"Weitere Informationen\" aria-label=\"Weitere Informationen\" role=\"button\" rel=\"noopener \" class=\"shariff-link\" style=\"; background-color:#999; color:#999\" target=\"_blank\"><span class=\"shariff-icon\" style=\"fill:#999\"><svg width=\"32px\" height=\"20px\" xmlns=\"http:\/\/www.w3.org\/2000\/svg\" viewBox=\"0 0 11 32\"><path fill=\"#999\" d=\"M11.4 24v2.3q0 0.5-0.3 0.8t-0.8 0.4h-9.1q-0.5 0-0.8-0.4t-0.4-0.8v-2.3q0-0.5 0.4-0.8t0.8-0.4h1.1v-6.8h-1.1q-0.5 0-0.8-0.4t-0.4-0.8v-2.3q0-0.5 0.4-0.8t0.8-0.4h6.8q0.5 0 0.8 0.4t0.4 0.8v10.3h1.1q0.5 0 0.8 0.4t0.3 0.8zM9.2 3.4v3.4q0 0.5-0.4 0.8t-0.8 0.4h-4.6q-0.4 0-0.8-0.4t-0.4-0.8v-3.4q0-0.4 0.4-0.8t0.8-0.4h4.6q0.5 0 0.8 0.4t0.4 0.8z\"\/><\/svg><\/span><\/a><\/li><\/ul><\/div>","protected":false},"author":1,"featured_media":10179,"comment_status":"open","ping_status":"open","sticky":false,"template":"","format":"standard","meta":{"ocean_post_layout":"","ocean_both_sidebars_style":"","ocean_both_sidebars_content_width":0,"ocean_both_sidebars_sidebars_width":0,"ocean_sidebar":"","ocean_second_sidebar":"","ocean_disable_margins":"enable","ocean_add_body_class":"","ocean_shortcode_before_top_bar":"","ocean_shortcode_after_top_bar":"","ocean_shortcode_before_header":"","ocean_shortcode_after_header":"","ocean_has_shortcode":"","ocean_shortcode_after_title":"","ocean_shortcode_before_footer_widgets":"","ocean_shortcode_after_footer_widgets":"","ocean_shortcode_before_footer_bottom":"","ocean_shortcode_after_footer_bottom":"","ocean_display_top_bar":"default","ocean_display_header":"default","ocean_header_style":"","ocean_center_header_left_menu":"","ocean_custom_header_template":"","ocean_custom_logo":0,"ocean_custom_retina_logo":0,"ocean_custom_logo_max_width":0,"ocean_custom_logo_tablet_max_width":0,"ocean_custom_logo_mobile_max_width":0,"ocean_custom_logo_max_height":0,"ocean_custom_logo_tablet_max_height":0,"ocean_custom_logo_mobile_max_height":0,"ocean_header_custom_menu":"","ocean_menu_typo_font_family":"","ocean_menu_typo_font_subset":"","ocean_menu_typo_font_size":0,"ocean_menu_typo_font_size_tablet":0,"ocean_menu_typo_font_size_mobile":0,"ocean_menu_typo_font_size_unit":"px","ocean_menu_typo_font_weight":"","ocean_menu_typo_font_weight_tablet":"","ocean_menu_typo_font_weight_mobile":"","ocean_menu_typo_transform":"","ocean_menu_typo_transform_tablet":"","ocean_menu_typo_transform_mobile":"","ocean_menu_typo_line_height":0,"ocean_menu_typo_line_height_tablet":0,"ocean_menu_typo_line_height_mobile":0,"ocean_menu_typo_line_height_unit":"","ocean_menu_typo_spacing":0,"ocean_menu_typo_spacing_tablet":0,"ocean_menu_typo_spacing_mobile":0,"ocean_menu_typo_spacing_unit":"","ocean_menu_link_color":"","ocean_menu_link_color_hover":"","ocean_menu_link_color_active":"","ocean_menu_link_background":"","ocean_menu_link_hover_background":"","ocean_menu_link_active_background":"","ocean_menu_social_links_bg":"","ocean_menu_social_hover_links_bg":"","ocean_menu_social_links_color":"","ocean_menu_social_hover_links_color":"","ocean_disable_title":"default","ocean_disable_heading":"default","ocean_post_title":"","ocean_post_subheading":"","ocean_post_title_style":"","ocean_post_title_background_color":"","ocean_post_title_background":0,"ocean_post_title_bg_image_position":"","ocean_post_title_bg_image_attachment":"","ocean_post_title_bg_image_repeat":"","ocean_post_title_bg_image_size":"","ocean_post_title_height":0,"ocean_post_title_bg_overlay":0.5,"ocean_post_title_bg_overlay_color":"","ocean_disable_breadcrumbs":"default","ocean_breadcrumbs_color":"","ocean_breadcrumbs_separator_color":"","ocean_breadcrumbs_links_color":"","ocean_breadcrumbs_links_hover_color":"","ocean_display_footer_widgets":"default","ocean_display_footer_bottom":"default","ocean_custom_footer_template":"","osh_disable_topbar_sticky":"default","osh_disable_header_sticky":"default","osh_sticky_header_style":"default","osh_sticky_header_effect":"","osh_custom_sticky_logo":0,"osh_custom_retina_sticky_logo":0,"osh_custom_sticky_logo_height":0,"osh_background_color":"","osh_links_color":"","osh_links_hover_color":"","osh_links_active_color":"","osh_links_bg_color":"","osh_links_hover_bg_color":"","osh_links_active_bg_color":"","osh_menu_social_links_color":"","osh_menu_social_hover_links_color":"","_FSMCFIC_featured_image_caption":"","_FSMCFIC_featured_image_nocaption":"","_FSMCFIC_featured_image_hide":"","_metis_text_type":"standard","_metis_text_length":2714,"_post_count":0,"_jetpack_memberships_contains_paid_content":false,"activitypub_content_warning":"","activitypub_content_visibility":"","activitypub_max_image_attachments":4,"activitypub_interaction_policy_quote":"anyone","activitypub_status":"","ocean_post_oembed":"","ocean_post_self_hosted_media":"","ocean_post_video_embed":"","ocean_link_format":"","ocean_link_format_target":"self","ocean_quote_format":"","ocean_quote_format_link":"post","ocean_gallery_link_images":"on","ocean_gallery_id":[],"footnotes":"","jetpack_publicize_message":"","jetpack_publicize_feature_enabled":true,"jetpack_social_post_already_shared":true,"jetpack_social_options":{"image_generator_settings":{"template":"highway","default_image_id":0,"font":"","enabled":false},"version":2}},"categories":[4186,2647,2655,2654],"tags":[4310,1830,2949,2880],"class_list":["post-10177","post","type-post","status-publish","format-standard","has-post-thumbnail","hentry","category-die-politik","category-angriffauf","category-ich","category-privates","tag-pierre-bayle","tag-brandenburg","tag-landtagswahlen","tag-walter-benjamin","entry","has-media"],"yoast_head":"<!-- This site is optimized with the Yoast SEO plugin v27.5 - https:\/\/yoast.com\/product\/yoast-seo-wordpress\/ -->\n<title>Wie l\u00e4cherlich es ist, wenn man sich um die Ursachen einer Sache, die nicht da ist, k\u00fcmmert - Kritische Masse<\/title>\n<meta name=\"robots\" content=\"index, follow, max-snippet:-1, max-image-preview:large, max-video-preview:-1\" \/>\n<link rel=\"canonical\" href=\"https:\/\/www.kritische-masse.de\/logbuch\/2024\/09\/wie-laecherlich-es-ist-wenn-man-sich-um-die-ursachen-einer-sache-die-nicht-da-ist-kuemmert\/\" \/>\n<meta property=\"og:locale\" content=\"de_DE\" \/>\n<meta property=\"og:type\" content=\"article\" \/>\n<meta property=\"og:title\" content=\"Wie l\u00e4cherlich es ist, wenn man sich um die Ursachen einer Sache, die nicht da ist, k\u00fcmmert - Kritische Masse\" \/>\n<meta property=\"og:description\" content=\"Blei in und auf der Seele. Aber Pierre Bayle wei\u00df Rat. Walter Benjamin beim Denken.\" \/>\n<meta property=\"og:url\" content=\"https:\/\/www.kritische-masse.de\/logbuch\/2024\/09\/wie-laecherlich-es-ist-wenn-man-sich-um-die-ursachen-einer-sache-die-nicht-da-ist-kuemmert\/\" \/>\n<meta property=\"og:site_name\" content=\"Kritische Masse\" \/>\n<meta property=\"article:publisher\" content=\"https:\/\/www.facebook.com\/hufner\" \/>\n<meta property=\"article:author\" content=\"https:\/\/www.facebook.com\/hufner\" \/>\n<meta property=\"article:published_time\" content=\"2024-09-23T09:03:07+00:00\" \/>\n<meta property=\"og:image\" content=\"https:\/\/www.kritische-masse.de\/logbuch\/wp-content\/uploads\/2024\/09\/Symbolbild-fuer-ein-Symbolbild.-Foto-Symbolikhan.-MH.jpg\" \/>\n\t<meta property=\"og:image:width\" content=\"1440\" \/>\n\t<meta property=\"og:image:height\" content=\"1080\" \/>\n\t<meta property=\"og:image:type\" content=\"image\/jpeg\" \/>\n<meta name=\"author\" content=\"der huflaikhan\" \/>\n<meta name=\"twitter:label1\" content=\"Verfasst von\" \/>\n\t<meta name=\"twitter:data1\" content=\"der huflaikhan\" \/>\n\t<meta name=\"twitter:label2\" content=\"Gesch\u00e4tzte Lesezeit\" \/>\n\t<meta name=\"twitter:data2\" content=\"2\u00a0Minuten\" \/>\n<script type=\"application\/ld+json\" class=\"yoast-schema-graph\">{\"@context\":\"https:\\\/\\\/schema.org\",\"@graph\":[{\"@type\":\"Article\",\"@id\":\"https:\\\/\\\/www.kritische-masse.de\\\/logbuch\\\/2024\\\/09\\\/wie-laecherlich-es-ist-wenn-man-sich-um-die-ursachen-einer-sache-die-nicht-da-ist-kuemmert\\\/#article\",\"isPartOf\":{\"@id\":\"https:\\\/\\\/www.kritische-masse.de\\\/logbuch\\\/2024\\\/09\\\/wie-laecherlich-es-ist-wenn-man-sich-um-die-ursachen-einer-sache-die-nicht-da-ist-kuemmert\\\/\"},\"author\":{\"name\":\"der huflaikhan\",\"@id\":\"https:\\\/\\\/www.kritische-masse.de\\\/logbuch\\\/#\\\/schema\\\/person\\\/14c491f46504e7f6b79db161f76def1c\"},\"headline\":\"Wie l\u00e4cherlich es ist, wenn man sich um die Ursachen einer Sache, die nicht da ist, k\u00fcmmert\",\"datePublished\":\"2024-09-23T09:03:07+00:00\",\"mainEntityOfPage\":{\"@id\":\"https:\\\/\\\/www.kritische-masse.de\\\/logbuch\\\/2024\\\/09\\\/wie-laecherlich-es-ist-wenn-man-sich-um-die-ursachen-einer-sache-die-nicht-da-ist-kuemmert\\\/\"},\"wordCount\":435,\"commentCount\":2,\"publisher\":{\"@id\":\"https:\\\/\\\/www.kritische-masse.de\\\/logbuch\\\/#\\\/schema\\\/person\\\/14c491f46504e7f6b79db161f76def1c\"},\"image\":{\"@id\":\"https:\\\/\\\/www.kritische-masse.de\\\/logbuch\\\/2024\\\/09\\\/wie-laecherlich-es-ist-wenn-man-sich-um-die-ursachen-einer-sache-die-nicht-da-ist-kuemmert\\\/#primaryimage\"},\"thumbnailUrl\":\"https:\\\/\\\/i0.wp.com\\\/www.kritische-masse.de\\\/logbuch\\\/wp-content\\\/uploads\\\/2024\\\/09\\\/Symbolbild-fuer-ein-Symbolbild.-Foto-Symbolikhan.-MH.jpg?fit=1440%2C1080&ssl=1\",\"keywords\":[\"Pierre Bayle\",\"Brandenburg\",\"Landtagswahlen\",\"Walter Benjamin\"],\"articleSection\":[\"die Politik\",\"Angriff auf \u2026\",\"Ich\",\"Privates\"],\"inLanguage\":\"de\",\"potentialAction\":[{\"@type\":\"CommentAction\",\"name\":\"Comment\",\"target\":[\"https:\\\/\\\/www.kritische-masse.de\\\/logbuch\\\/2024\\\/09\\\/wie-laecherlich-es-ist-wenn-man-sich-um-die-ursachen-einer-sache-die-nicht-da-ist-kuemmert\\\/#respond\"]}]},{\"@type\":\"WebPage\",\"@id\":\"https:\\\/\\\/www.kritische-masse.de\\\/logbuch\\\/2024\\\/09\\\/wie-laecherlich-es-ist-wenn-man-sich-um-die-ursachen-einer-sache-die-nicht-da-ist-kuemmert\\\/\",\"url\":\"https:\\\/\\\/www.kritische-masse.de\\\/logbuch\\\/2024\\\/09\\\/wie-laecherlich-es-ist-wenn-man-sich-um-die-ursachen-einer-sache-die-nicht-da-ist-kuemmert\\\/\",\"name\":\"Wie l\u00e4cherlich es ist, wenn man sich um die Ursachen einer Sache, die nicht da ist, k\u00fcmmert - Kritische Masse\",\"isPartOf\":{\"@id\":\"https:\\\/\\\/www.kritische-masse.de\\\/logbuch\\\/#website\"},\"primaryImageOfPage\":{\"@id\":\"https:\\\/\\\/www.kritische-masse.de\\\/logbuch\\\/2024\\\/09\\\/wie-laecherlich-es-ist-wenn-man-sich-um-die-ursachen-einer-sache-die-nicht-da-ist-kuemmert\\\/#primaryimage\"},\"image\":{\"@id\":\"https:\\\/\\\/www.kritische-masse.de\\\/logbuch\\\/2024\\\/09\\\/wie-laecherlich-es-ist-wenn-man-sich-um-die-ursachen-einer-sache-die-nicht-da-ist-kuemmert\\\/#primaryimage\"},\"thumbnailUrl\":\"https:\\\/\\\/i0.wp.com\\\/www.kritische-masse.de\\\/logbuch\\\/wp-content\\\/uploads\\\/2024\\\/09\\\/Symbolbild-fuer-ein-Symbolbild.-Foto-Symbolikhan.-MH.jpg?fit=1440%2C1080&ssl=1\",\"datePublished\":\"2024-09-23T09:03:07+00:00\",\"breadcrumb\":{\"@id\":\"https:\\\/\\\/www.kritische-masse.de\\\/logbuch\\\/2024\\\/09\\\/wie-laecherlich-es-ist-wenn-man-sich-um-die-ursachen-einer-sache-die-nicht-da-ist-kuemmert\\\/#breadcrumb\"},\"inLanguage\":\"de\",\"potentialAction\":[{\"@type\":\"ReadAction\",\"target\":[\"https:\\\/\\\/www.kritische-masse.de\\\/logbuch\\\/2024\\\/09\\\/wie-laecherlich-es-ist-wenn-man-sich-um-die-ursachen-einer-sache-die-nicht-da-ist-kuemmert\\\/\"]}]},{\"@type\":\"ImageObject\",\"inLanguage\":\"de\",\"@id\":\"https:\\\/\\\/www.kritische-masse.de\\\/logbuch\\\/2024\\\/09\\\/wie-laecherlich-es-ist-wenn-man-sich-um-die-ursachen-einer-sache-die-nicht-da-ist-kuemmert\\\/#primaryimage\",\"url\":\"https:\\\/\\\/i0.wp.com\\\/www.kritische-masse.de\\\/logbuch\\\/wp-content\\\/uploads\\\/2024\\\/09\\\/Symbolbild-fuer-ein-Symbolbild.-Foto-Symbolikhan.-MH.jpg?fit=1440%2C1080&ssl=1\",\"contentUrl\":\"https:\\\/\\\/i0.wp.com\\\/www.kritische-masse.de\\\/logbuch\\\/wp-content\\\/uploads\\\/2024\\\/09\\\/Symbolbild-fuer-ein-Symbolbild.-Foto-Symbolikhan.-MH.jpg?fit=1440%2C1080&ssl=1\",\"width\":1440,\"height\":1080,\"caption\":\"Symbolbild fu\u0308r ein Symbolbild. Foto Symbolikhan. MH\"},{\"@type\":\"BreadcrumbList\",\"@id\":\"https:\\\/\\\/www.kritische-masse.de\\\/logbuch\\\/2024\\\/09\\\/wie-laecherlich-es-ist-wenn-man-sich-um-die-ursachen-einer-sache-die-nicht-da-ist-kuemmert\\\/#breadcrumb\",\"itemListElement\":[{\"@type\":\"ListItem\",\"position\":1,\"name\":\"Startseite\",\"item\":\"https:\\\/\\\/www.kritische-masse.de\\\/logbuch\\\/\"},{\"@type\":\"ListItem\",\"position\":2,\"name\":\"Wie l\u00e4cherlich es ist, wenn man sich um die Ursachen einer Sache, die nicht da ist, k\u00fcmmert\"}]},{\"@type\":\"WebSite\",\"@id\":\"https:\\\/\\\/www.kritische-masse.de\\\/logbuch\\\/#website\",\"url\":\"https:\\\/\\\/www.kritische-masse.de\\\/logbuch\\\/\",\"name\":\"kritische masse\",\"description\":\"amt f\u00fcr vermassungsschutz\",\"publisher\":{\"@id\":\"https:\\\/\\\/www.kritische-masse.de\\\/logbuch\\\/#\\\/schema\\\/person\\\/14c491f46504e7f6b79db161f76def1c\"},\"alternateName\":\"das logbuch der kritischen masse\",\"potentialAction\":[{\"@type\":\"SearchAction\",\"target\":{\"@type\":\"EntryPoint\",\"urlTemplate\":\"https:\\\/\\\/www.kritische-masse.de\\\/logbuch\\\/?s={search_term_string}\"},\"query-input\":{\"@type\":\"PropertyValueSpecification\",\"valueRequired\":true,\"valueName\":\"search_term_string\"}}],\"inLanguage\":\"de\"},{\"@type\":[\"Person\",\"Organization\"],\"@id\":\"https:\\\/\\\/www.kritische-masse.de\\\/logbuch\\\/#\\\/schema\\\/person\\\/14c491f46504e7f6b79db161f76def1c\",\"name\":\"der huflaikhan\",\"image\":{\"@type\":\"ImageObject\",\"inLanguage\":\"de\",\"@id\":\"https:\\\/\\\/www.kritische-masse.de\\\/logbuch\\\/wp-content\\\/uploads\\\/2024\\\/01\\\/cropped-kritischmasse_man_512.jpg\",\"url\":\"https:\\\/\\\/www.kritische-masse.de\\\/logbuch\\\/wp-content\\\/uploads\\\/2024\\\/01\\\/cropped-kritischmasse_man_512.jpg\",\"contentUrl\":\"https:\\\/\\\/www.kritische-masse.de\\\/logbuch\\\/wp-content\\\/uploads\\\/2024\\\/01\\\/cropped-kritischmasse_man_512.jpg\",\"width\":512,\"height\":512,\"caption\":\"der huflaikhan\"},\"logo\":{\"@id\":\"https:\\\/\\\/www.kritische-masse.de\\\/logbuch\\\/wp-content\\\/uploads\\\/2024\\\/01\\\/cropped-kritischmasse_man_512.jpg\"},\"description\":\"Betreiber der Kritischen Masse seit 1995. Seit 2023 Wiederaufnahme. Promotion mit einer Arbeit \u00fcber Adornos kompositorische und theoretische Auseinandersetzung mit der Zw\u00f6lftontechnik. Arbeit f\u00fcr den Bayerischen und den Mitteldeutschen Rundfunk als freier Autor und Regisseur \u2013 zumindest bis Ende 2015. Online-Redaktion f\u00fcr neue musikzeitung, Jazzzeitung und Oper &amp; Tanz. Ungl\u00fccklich, aber fast taub.\",\"sameAs\":[\"https:\\\/\\\/www.kritische-masse.de\\\/logbuch\\\/\",\"https:\\\/\\\/www.facebook.com\\\/hufner\"],\"url\":\"https:\\\/\\\/www.kritische-masse.de\\\/logbuch\\\/author\\\/martin_d1juqiu5\\\/\"}]}<\/script>\n<!-- \/ Yoast SEO plugin. -->","yoast_head_json":{"title":"Wie l\u00e4cherlich es ist, wenn man sich um die Ursachen einer Sache, die nicht da ist, k\u00fcmmert - Kritische Masse","robots":{"index":"index","follow":"follow","max-snippet":"max-snippet:-1","max-image-preview":"max-image-preview:large","max-video-preview":"max-video-preview:-1"},"canonical":"https:\/\/www.kritische-masse.de\/logbuch\/2024\/09\/wie-laecherlich-es-ist-wenn-man-sich-um-die-ursachen-einer-sache-die-nicht-da-ist-kuemmert\/","og_locale":"de_DE","og_type":"article","og_title":"Wie l\u00e4cherlich es ist, wenn man sich um die Ursachen einer Sache, die nicht da ist, k\u00fcmmert - Kritische Masse","og_description":"Blei in und auf der Seele. Aber Pierre Bayle wei\u00df Rat. Walter Benjamin beim Denken.","og_url":"https:\/\/www.kritische-masse.de\/logbuch\/2024\/09\/wie-laecherlich-es-ist-wenn-man-sich-um-die-ursachen-einer-sache-die-nicht-da-ist-kuemmert\/","og_site_name":"Kritische Masse","article_publisher":"https:\/\/www.facebook.com\/hufner","article_author":"https:\/\/www.facebook.com\/hufner","article_published_time":"2024-09-23T09:03:07+00:00","og_image":[{"width":1440,"height":1080,"url":"https:\/\/www.kritische-masse.de\/logbuch\/wp-content\/uploads\/2024\/09\/Symbolbild-fuer-ein-Symbolbild.-Foto-Symbolikhan.-MH.jpg","type":"image\/jpeg"}],"author":"der huflaikhan","twitter_misc":{"Verfasst von":"der huflaikhan","Gesch\u00e4tzte Lesezeit":"2\u00a0Minuten"},"schema":{"@context":"https:\/\/schema.org","@graph":[{"@type":"Article","@id":"https:\/\/www.kritische-masse.de\/logbuch\/2024\/09\/wie-laecherlich-es-ist-wenn-man-sich-um-die-ursachen-einer-sache-die-nicht-da-ist-kuemmert\/#article","isPartOf":{"@id":"https:\/\/www.kritische-masse.de\/logbuch\/2024\/09\/wie-laecherlich-es-ist-wenn-man-sich-um-die-ursachen-einer-sache-die-nicht-da-ist-kuemmert\/"},"author":{"name":"der huflaikhan","@id":"https:\/\/www.kritische-masse.de\/logbuch\/#\/schema\/person\/14c491f46504e7f6b79db161f76def1c"},"headline":"Wie l\u00e4cherlich es ist, wenn man sich um die Ursachen einer Sache, die nicht da ist, k\u00fcmmert","datePublished":"2024-09-23T09:03:07+00:00","mainEntityOfPage":{"@id":"https:\/\/www.kritische-masse.de\/logbuch\/2024\/09\/wie-laecherlich-es-ist-wenn-man-sich-um-die-ursachen-einer-sache-die-nicht-da-ist-kuemmert\/"},"wordCount":435,"commentCount":2,"publisher":{"@id":"https:\/\/www.kritische-masse.de\/logbuch\/#\/schema\/person\/14c491f46504e7f6b79db161f76def1c"},"image":{"@id":"https:\/\/www.kritische-masse.de\/logbuch\/2024\/09\/wie-laecherlich-es-ist-wenn-man-sich-um-die-ursachen-einer-sache-die-nicht-da-ist-kuemmert\/#primaryimage"},"thumbnailUrl":"https:\/\/i0.wp.com\/www.kritische-masse.de\/logbuch\/wp-content\/uploads\/2024\/09\/Symbolbild-fuer-ein-Symbolbild.-Foto-Symbolikhan.-MH.jpg?fit=1440%2C1080&ssl=1","keywords":["Pierre Bayle","Brandenburg","Landtagswahlen","Walter Benjamin"],"articleSection":["die Politik","Angriff auf \u2026","Ich","Privates"],"inLanguage":"de","potentialAction":[{"@type":"CommentAction","name":"Comment","target":["https:\/\/www.kritische-masse.de\/logbuch\/2024\/09\/wie-laecherlich-es-ist-wenn-man-sich-um-die-ursachen-einer-sache-die-nicht-da-ist-kuemmert\/#respond"]}]},{"@type":"WebPage","@id":"https:\/\/www.kritische-masse.de\/logbuch\/2024\/09\/wie-laecherlich-es-ist-wenn-man-sich-um-die-ursachen-einer-sache-die-nicht-da-ist-kuemmert\/","url":"https:\/\/www.kritische-masse.de\/logbuch\/2024\/09\/wie-laecherlich-es-ist-wenn-man-sich-um-die-ursachen-einer-sache-die-nicht-da-ist-kuemmert\/","name":"Wie l\u00e4cherlich es ist, wenn man sich um die Ursachen einer Sache, die nicht da ist, k\u00fcmmert - Kritische Masse","isPartOf":{"@id":"https:\/\/www.kritische-masse.de\/logbuch\/#website"},"primaryImageOfPage":{"@id":"https:\/\/www.kritische-masse.de\/logbuch\/2024\/09\/wie-laecherlich-es-ist-wenn-man-sich-um-die-ursachen-einer-sache-die-nicht-da-ist-kuemmert\/#primaryimage"},"image":{"@id":"https:\/\/www.kritische-masse.de\/logbuch\/2024\/09\/wie-laecherlich-es-ist-wenn-man-sich-um-die-ursachen-einer-sache-die-nicht-da-ist-kuemmert\/#primaryimage"},"thumbnailUrl":"https:\/\/i0.wp.com\/www.kritische-masse.de\/logbuch\/wp-content\/uploads\/2024\/09\/Symbolbild-fuer-ein-Symbolbild.-Foto-Symbolikhan.-MH.jpg?fit=1440%2C1080&ssl=1","datePublished":"2024-09-23T09:03:07+00:00","breadcrumb":{"@id":"https:\/\/www.kritische-masse.de\/logbuch\/2024\/09\/wie-laecherlich-es-ist-wenn-man-sich-um-die-ursachen-einer-sache-die-nicht-da-ist-kuemmert\/#breadcrumb"},"inLanguage":"de","potentialAction":[{"@type":"ReadAction","target":["https:\/\/www.kritische-masse.de\/logbuch\/2024\/09\/wie-laecherlich-es-ist-wenn-man-sich-um-die-ursachen-einer-sache-die-nicht-da-ist-kuemmert\/"]}]},{"@type":"ImageObject","inLanguage":"de","@id":"https:\/\/www.kritische-masse.de\/logbuch\/2024\/09\/wie-laecherlich-es-ist-wenn-man-sich-um-die-ursachen-einer-sache-die-nicht-da-ist-kuemmert\/#primaryimage","url":"https:\/\/i0.wp.com\/www.kritische-masse.de\/logbuch\/wp-content\/uploads\/2024\/09\/Symbolbild-fuer-ein-Symbolbild.-Foto-Symbolikhan.-MH.jpg?fit=1440%2C1080&ssl=1","contentUrl":"https:\/\/i0.wp.com\/www.kritische-masse.de\/logbuch\/wp-content\/uploads\/2024\/09\/Symbolbild-fuer-ein-Symbolbild.-Foto-Symbolikhan.-MH.jpg?fit=1440%2C1080&ssl=1","width":1440,"height":1080,"caption":"Symbolbild fu\u0308r ein Symbolbild. Foto Symbolikhan. MH"},{"@type":"BreadcrumbList","@id":"https:\/\/www.kritische-masse.de\/logbuch\/2024\/09\/wie-laecherlich-es-ist-wenn-man-sich-um-die-ursachen-einer-sache-die-nicht-da-ist-kuemmert\/#breadcrumb","itemListElement":[{"@type":"ListItem","position":1,"name":"Startseite","item":"https:\/\/www.kritische-masse.de\/logbuch\/"},{"@type":"ListItem","position":2,"name":"Wie l\u00e4cherlich es ist, wenn man sich um die Ursachen einer Sache, die nicht da ist, k\u00fcmmert"}]},{"@type":"WebSite","@id":"https:\/\/www.kritische-masse.de\/logbuch\/#website","url":"https:\/\/www.kritische-masse.de\/logbuch\/","name":"kritische masse","description":"amt f\u00fcr vermassungsschutz","publisher":{"@id":"https:\/\/www.kritische-masse.de\/logbuch\/#\/schema\/person\/14c491f46504e7f6b79db161f76def1c"},"alternateName":"das logbuch der kritischen masse","potentialAction":[{"@type":"SearchAction","target":{"@type":"EntryPoint","urlTemplate":"https:\/\/www.kritische-masse.de\/logbuch\/?s={search_term_string}"},"query-input":{"@type":"PropertyValueSpecification","valueRequired":true,"valueName":"search_term_string"}}],"inLanguage":"de"},{"@type":["Person","Organization"],"@id":"https:\/\/www.kritische-masse.de\/logbuch\/#\/schema\/person\/14c491f46504e7f6b79db161f76def1c","name":"der huflaikhan","image":{"@type":"ImageObject","inLanguage":"de","@id":"https:\/\/www.kritische-masse.de\/logbuch\/wp-content\/uploads\/2024\/01\/cropped-kritischmasse_man_512.jpg","url":"https:\/\/www.kritische-masse.de\/logbuch\/wp-content\/uploads\/2024\/01\/cropped-kritischmasse_man_512.jpg","contentUrl":"https:\/\/www.kritische-masse.de\/logbuch\/wp-content\/uploads\/2024\/01\/cropped-kritischmasse_man_512.jpg","width":512,"height":512,"caption":"der huflaikhan"},"logo":{"@id":"https:\/\/www.kritische-masse.de\/logbuch\/wp-content\/uploads\/2024\/01\/cropped-kritischmasse_man_512.jpg"},"description":"Betreiber der Kritischen Masse seit 1995. Seit 2023 Wiederaufnahme. Promotion mit einer Arbeit \u00fcber Adornos kompositorische und theoretische Auseinandersetzung mit der Zw\u00f6lftontechnik. Arbeit f\u00fcr den Bayerischen und den Mitteldeutschen Rundfunk als freier Autor und Regisseur \u2013 zumindest bis Ende 2015. Online-Redaktion f\u00fcr neue musikzeitung, Jazzzeitung und Oper &amp; Tanz. Ungl\u00fccklich, aber fast taub.","sameAs":["https:\/\/www.kritische-masse.de\/logbuch\/","https:\/\/www.facebook.com\/hufner"],"url":"https:\/\/www.kritische-masse.de\/logbuch\/author\/martin_d1juqiu5\/"}]}},"jetpack_publicize_connections":[],"jetpack_featured_media_url":"https:\/\/i0.wp.com\/www.kritische-masse.de\/logbuch\/wp-content\/uploads\/2024\/09\/Symbolbild-fuer-ein-Symbolbild.-Foto-Symbolikhan.-MH.jpg?fit=1440%2C1080&ssl=1","categories_names":["die Politik","Angriff auf \u2026","Ich","Privates"],"post_class":[["post-10177","post","type-post","status-publish","format-standard","has-post-thumbnail","hentry","category-die-politik","category-angriffauf","category-ich","category-privates","tag-pierre-bayle","tag-brandenburg","tag-landtagswahlen","tag-walter-benjamin","entry","has-media"]],"author_avatar":["<img alt='' src='https:\/\/secure.gravatar.com\/avatar\/c23aee426d58e69f14ef471114d4cac215eec702ee1bc331e2a62ea77e96ed60?s=96&#038;d=blank&#038;r=g' srcset='https:\/\/secure.gravatar.com\/avatar\/c23aee426d58e69f14ef471114d4cac215eec702ee1bc331e2a62ea77e96ed60?s=192&#038;d=blank&#038;r=g 2x' class='avatar avatar-96 photo' height='96' width='96' loading='lazy' decoding='async'\/>"],"featured_video":null,"jetpack-related-posts":[{"id":8487,"url":"https:\/\/www.kritische-masse.de\/logbuch\/2014\/09\/geheime-botschaften-zur-wahl-in-brandenburg\/","url_meta":{"origin":10177,"position":0},"title":"Geheime Botschaften zur Wahl in Brandenburg","author":"der huflaikhan","date":"14. September 2014","format":false,"excerpt":"Sehr sympathisch schien mir ein Plakat der Linken hier in Brandenburg. Denn es bedeutet ein Versprechen, welches ich bei anderen Plakaten von Parteien hier nicht gesehen habe: Musikschulen. Musikschulen erhalten mehr Geld Das nenne ich eine Wahlaussage. Aber je l\u00e4nger ich mir dieses Plakat ansah, desto unsicherer wurde ich, ob\u2026","rel":"","context":"In &quot;die Politik&quot;","block_context":{"text":"die Politik","link":"https:\/\/www.kritische-masse.de\/logbuch\/category\/angriffauf\/die-politik\/"},"img":{"alt_text":"Musikschule, die Linke. Wahlplakat","src":"https:\/\/i0.wp.com\/www.kritische-masse.de\/logbuch\/wp-content\/2014\/09\/musikschule-pds_c_linke-206x300.jpg?resize=350%2C200&ssl=1","width":350,"height":200},"classes":[]},{"id":8397,"url":"https:\/\/www.kritische-masse.de\/logbuch\/2013\/02\/wie-einmal-die-atomkraft-die-seelen-der-kinder-einer-grosskotzigen-kleinstadt-rettete\/","url_meta":{"origin":10177,"position":1},"title":"Wie einmal die Atomkraft die Seelen der Kinder einer gro\u00dfkotzigen Kleinstadt rettete","author":"der huflaikhan","date":"16. Februar 2013","format":false,"excerpt":"In meinem kleinen St\u00e4dtchen ist die Bev\u00f6lkerung von ausgesuchter Klugheit. Wir haben hier die angeblich kinderst\u00e4rkste Population innerhalb Deutschlands. Hierher hat es viele Berliner verschlagen. Viele Ostler hat es dagegen heraus geschlagen. Sie mussten wegen Alt-Anspr\u00fcchen oft ihre Buden r\u00e4umen. In Kleinmachnow liegt so manches Kriegsbeil offen auf der Stra\u00dfe.\u2026","rel":"","context":"In &quot;das Recht&quot;","block_context":{"text":"das Recht","link":"https:\/\/www.kritische-masse.de\/logbuch\/category\/angriffauf\/das-recht\/"},"img":{"alt_text":"Adagio","src":"https:\/\/i0.wp.com\/www.kritische-masse.de\/logbuch\/wp-content\/uploads\/2007\/02\/2007-mozart1.png?fit=500%2C319&ssl=1&resize=350%2C200","width":350,"height":200},"classes":[]},{"id":10146,"url":"https:\/\/www.kritische-masse.de\/logbuch\/2024\/09\/unter-katastrophen-machen-wir-es-nicht\/","url_meta":{"origin":10177,"position":2},"title":"Unter Katastrophen machen wir es nicht","author":"der huflaikhan","date":"10. September 2024","format":false,"excerpt":"\u2026 Der Gedanke, Feuer mit Feuer zu l\u00f6schen ist zwar nicht unbedingt neu, aber im Bereich seri\u00f6ser Welterschlie\u00dfungsvorhaben meistens fatal. Die faulen Eier im Journalismus verst\u00e4nkern alle L\u00f6sungswege mit ihrer giftigen Propaganda. \u2026 Zur Dialektik der k\u00fcnstlichen Katastrophen. Und die FDP empfiehlt, Braun zu w\u00e4hlen \u2026 \u00c4hem.","rel":"","context":"In &quot;die Politik&quot;","block_context":{"text":"die Politik","link":"https:\/\/www.kritische-masse.de\/logbuch\/category\/angriffauf\/die-politik\/"},"img":{"alt_text":"02 18 rind","src":"https:\/\/i0.wp.com\/www.kritische-masse.de\/logbuch\/wp-content\/uploads\/2024\/09\/02_18_rind.jpg?fit=960%2C960&ssl=1&resize=350%2C200","width":350,"height":200,"srcset":"https:\/\/i0.wp.com\/www.kritische-masse.de\/logbuch\/wp-content\/uploads\/2024\/09\/02_18_rind.jpg?fit=960%2C960&ssl=1&resize=350%2C200 1x, https:\/\/i0.wp.com\/www.kritische-masse.de\/logbuch\/wp-content\/uploads\/2024\/09\/02_18_rind.jpg?fit=960%2C960&ssl=1&resize=525%2C300 1.5x, https:\/\/i0.wp.com\/www.kritische-masse.de\/logbuch\/wp-content\/uploads\/2024\/09\/02_18_rind.jpg?fit=960%2C960&ssl=1&resize=700%2C400 2x"},"classes":[]},{"id":2673,"url":"https:\/\/www.kritische-masse.de\/logbuch\/2013\/02\/atomkraft-ja-bitte\/","url_meta":{"origin":10177,"position":3},"title":"Wie einmal die Atomkraft die Seelen der Kinder einer gro\u00dfkotzigen Kleinstadt rettete","author":"huflaikhan","date":"16. Februar 2013","format":false,"excerpt":"In meinem kleinen St\u00e4dtchen ist die Bev\u00f6lkerung von ausgesuchter Klugheit. Wir haben hier die angeblich kinderst\u00e4rkste Population innerhalb Deutschlands. Hierher hat es viele Berliner verschlagen. Viele Ostler hat es dagegen heraus geschlagen. Sie mussten wegen Alt-Anspr\u00fcchen oft ihre Buden r\u00e4umen. In Kleinmachnow liegt so manches Kriegsbeil offen auf der Stra\u00dfe.\u2026","rel":"","context":"In &quot;Angriff auf \u2026&quot;","block_context":{"text":"Angriff auf \u2026","link":"https:\/\/www.kritische-masse.de\/logbuch\/category\/angriffauf\/"},"img":{"alt_text":"RIP Penny. Foto: Hufner","src":"https:\/\/i0.wp.com\/www.kritische-masse.de\/logbuch\/wp-content\/uploads\/2013\/02\/penny.jpg?fit=576%2C768&ssl=1&resize=350%2C200","width":350,"height":200,"srcset":"https:\/\/i0.wp.com\/www.kritische-masse.de\/logbuch\/wp-content\/uploads\/2013\/02\/penny.jpg?fit=576%2C768&ssl=1&resize=350%2C200 1x, https:\/\/i0.wp.com\/www.kritische-masse.de\/logbuch\/wp-content\/uploads\/2013\/02\/penny.jpg?fit=576%2C768&ssl=1&resize=525%2C300 1.5x"},"classes":[]},{"id":9603,"url":"https:\/\/www.kritische-masse.de\/logbuch\/2024\/04\/kripo-mopo-babboe\/","url_meta":{"origin":10177,"position":4},"title":"Kripo  \/ Mopo  \/ Babboe","author":"der huflaikhan","date":"19. April 2024","format":false,"excerpt":"Warum z\u00f6gert BH sein Verfahren heraus? +++ Kripo vor der T\u00fcr +++ Capital Bra: Deutschlands meister Rapper wohnt in Reimweite +++ Das Babboe darf wieder gefahren werden, weil keine Gefahren drohen +++ Rupert pupert bei BH","rel":"","context":"In &quot;Ich&quot;","block_context":{"text":"Ich","link":"https:\/\/www.kritische-masse.de\/logbuch\/category\/privates\/ich\/"},"img":{"alt_text":"Das ist auch unser Vermo\u0308gen. Vielleicht vor allem. \u00a9 MH","src":"https:\/\/i0.wp.com\/www.kritische-masse.de\/logbuch\/wp-content\/uploads\/2024\/04\/Das-ist-auch-unser-Vermoegen.-Vielleicht-vor-allem.-%C2%A9-MH.jpg?fit=1200%2C1200&ssl=1&resize=350%2C200","width":350,"height":200,"srcset":"https:\/\/i0.wp.com\/www.kritische-masse.de\/logbuch\/wp-content\/uploads\/2024\/04\/Das-ist-auch-unser-Vermoegen.-Vielleicht-vor-allem.-%C2%A9-MH.jpg?fit=1200%2C1200&ssl=1&resize=350%2C200 1x, https:\/\/i0.wp.com\/www.kritische-masse.de\/logbuch\/wp-content\/uploads\/2024\/04\/Das-ist-auch-unser-Vermoegen.-Vielleicht-vor-allem.-%C2%A9-MH.jpg?fit=1200%2C1200&ssl=1&resize=525%2C300 1.5x, https:\/\/i0.wp.com\/www.kritische-masse.de\/logbuch\/wp-content\/uploads\/2024\/04\/Das-ist-auch-unser-Vermoegen.-Vielleicht-vor-allem.-%C2%A9-MH.jpg?fit=1200%2C1200&ssl=1&resize=700%2C400 2x, https:\/\/i0.wp.com\/www.kritische-masse.de\/logbuch\/wp-content\/uploads\/2024\/04\/Das-ist-auch-unser-Vermoegen.-Vielleicht-vor-allem.-%C2%A9-MH.jpg?fit=1200%2C1200&ssl=1&resize=1050%2C600 3x"},"classes":[]},{"id":1919,"url":"https:\/\/www.kritische-masse.de\/logbuch\/2006\/10\/schoene-orte-des-grauens\/","url_meta":{"origin":10177,"position":5},"title":"Sch\u00f6ne Orte des Grauens","author":"huflaikhan","date":"26. Oktober 2006","format":false,"excerpt":"Dramatische Szene in den Entscheidungsh\u00f6llen.","rel":"","context":"Mit 3 Kommentaren","block_context":{"text":"Mit 3 Kommentaren","link":"https:\/\/www.kritische-masse.de\/logbuch\/2006\/10\/schoene-orte-des-grauens\/#comments"},"img":{"alt_text":"","src":"","width":0,"height":0},"classes":[]}],"jetpack_sharing_enabled":true,"public_identification_id":"2d3cc1f7a8744ab08bb66aaa633f2be9","private_identification_id":"930ac73d187043e99d4995751fb743db","_links":{"self":[{"href":"https:\/\/www.kritische-masse.de\/logbuch\/wp-json\/wp\/v2\/posts\/10177","targetHints":{"allow":["GET"]}}],"collection":[{"href":"https:\/\/www.kritische-masse.de\/logbuch\/wp-json\/wp\/v2\/posts"}],"about":[{"href":"https:\/\/www.kritische-masse.de\/logbuch\/wp-json\/wp\/v2\/types\/post"}],"author":[{"embeddable":true,"href":"https:\/\/www.kritische-masse.de\/logbuch\/wp-json\/wp\/v2\/users\/1"}],"replies":[{"embeddable":true,"href":"https:\/\/www.kritische-masse.de\/logbuch\/wp-json\/wp\/v2\/comments?post=10177"}],"version-history":[{"count":0,"href":"https:\/\/www.kritische-masse.de\/logbuch\/wp-json\/wp\/v2\/posts\/10177\/revisions"}],"wp:featuredmedia":[{"embeddable":true,"href":"https:\/\/www.kritische-masse.de\/logbuch\/wp-json\/wp\/v2\/media\/10179"}],"wp:attachment":[{"href":"https:\/\/www.kritische-masse.de\/logbuch\/wp-json\/wp\/v2\/media?parent=10177"}],"wp:term":[{"taxonomy":"category","embeddable":true,"href":"https:\/\/www.kritische-masse.de\/logbuch\/wp-json\/wp\/v2\/categories?post=10177"},{"taxonomy":"post_tag","embeddable":true,"href":"https:\/\/www.kritische-masse.de\/logbuch\/wp-json\/wp\/v2\/tags?post=10177"}],"curies":[{"name":"wp","href":"https:\/\/api.w.org\/{rel}","templated":true}]}}