{"id":10329,"date":"2024-10-21T13:16:06","date_gmt":"2024-10-21T11:16:06","guid":{"rendered":"https:\/\/www.kritische-masse.de\/logbuch\/?p=10329"},"modified":"2024-10-22T10:15:08","modified_gmt":"2024-10-22T08:15:08","slug":"brueggemanns-backstage-elegien","status":"publish","type":"post","link":"https:\/\/www.kritische-masse.de\/logbuch\/2024\/10\/brueggemanns-backstage-elegien\/","title":{"rendered":"Br\u00fcggemanns Backstage-Elegien"},"content":{"rendered":"<div class=\"shariff shariff-align-left shariff-widget-align-left\"><ul class=\"shariff-buttons theme-white orientation-horizontal buttonsize-small\"><li class=\"shariff-button mastodon shariff-nocustomcolor\" style=\"background-color:#563ACC\"><a href=\"https:\/\/s2f.kytta.dev\/?text=Br%C3%BCggemanns%20Backstage-Elegien https%3A%2F%2Fwww.kritische-masse.de%2Flogbuch%2F2024%2F10%2Fbrueggemanns-backstage-elegien%2F\" title=\"Bei Mastodon teilen\" aria-label=\"Bei Mastodon teilen\" role=\"button\" rel=\"noopener nofollow\" class=\"shariff-link\" style=\"; background-color:#6364FF; color:#6364FF\" target=\"_blank\"><span class=\"shariff-icon\" style=\"fill:#6364FF\"><svg width=\"75\" height=\"79\" viewBox=\"0 0 75 79\" fill=\"none\" xmlns=\"http:\/\/www.w3.org\/2000\/svg\"><path d=\"M37.813-.025C32.462-.058 27.114.13 21.79.598c-8.544.621-17.214 5.58-20.203 13.931C-1.12 23.318.408 32.622.465 41.65c.375 7.316.943 14.78 3.392 21.73 4.365 9.465 14.781 14.537 24.782 15.385 7.64.698 15.761-.213 22.517-4.026a54.1 54.1 0 0 0 .01-6.232c-6.855 1.316-14.101 2.609-21.049 1.074-3.883-.88-6.876-4.237-7.25-8.215-1.53-3.988 3.78-.43 5.584-.883 9.048 1.224 18.282.776 27.303-.462 7.044-.837 14.26-4.788 16.65-11.833 2.263-6.135 1.215-12.79 1.698-19.177.06-3.84.09-7.692-.262-11.52C72.596 7.844 63.223.981 53.834.684a219.453 219.453 0 0 0-16.022-.71zm11.294 12.882c5.5-.067 10.801 4.143 11.67 9.653.338 1.48.471 3 .471 4.515v21.088h-8.357c-.07-7.588.153-15.182-.131-22.765-.587-4.368-7.04-5.747-9.672-2.397-2.422 3.04-1.47 7.155-1.67 10.735v6.392h-8.307c-.146-4.996.359-10.045-.404-15.002-1.108-4.218-7.809-5.565-10.094-1.666-1.685 3.046-.712 6.634-.976 9.936v14.767h-8.354c.109-8.165-.238-16.344.215-24.5.674-5.346 5.095-10.389 10.676-10.627 4.902-.739 10.103 2.038 12.053 6.631.375 1.435 1.76 1.932 1.994.084 1.844-3.704 5.501-6.739 9.785-6.771.367-.044.735-.068 1.101-.073z\"\/><defs><linearGradient id=\"paint0_linear_549_34\" x1=\"37.0692\" y1=\"0\" x2=\"37.0692\" y2=\"79\" gradientUnits=\"userSpaceOnUse\"><stop stop-color=\"#6364FF\"\/><stop offset=\"1\" stop-color=\"#563ACC\"\/><\/linearGradient><\/defs><\/svg><\/span><span class=\"shariff-text\" style=\"color:#6364FF\">teilen<\/span>&nbsp;<\/a><\/li><li class=\"shariff-button bluesky shariff-nocustomcolor\" style=\"background-color:#84c4ff\"><a href=\"https:\/\/bsky.app\/intent\/compose?text=Br%C3%BCggemanns%20Backstage-Elegien https%3A%2F%2Fwww.kritische-masse.de%2Flogbuch%2F2024%2F10%2Fbrueggemanns-backstage-elegien%2F \" title=\"Bei Bluesky teilen\" aria-label=\"Bei Bluesky teilen\" role=\"button\" rel=\"noopener nofollow\" class=\"shariff-link\" style=\"; background-color:#0085ff; color:#0085ff\" target=\"_blank\"><span class=\"shariff-icon\" style=\"fill:#0085ff\"><svg width=\"20\" height=\"20\" version=\"1.1\" xmlns=\"http:\/\/www.w3.org\/2000\/svg\" viewBox=\"0 0 20 20\"><path class=\"st0\" d=\"M4.89,3.12c2.07,1.55,4.3,4.71,5.11,6.4.82-1.69,3.04-4.84,5.11-6.4,1.49-1.12,3.91-1.99,3.91.77,0,.55-.32,4.63-.5,5.3-.64,2.3-2.99,2.89-5.08,2.54,3.65.62,4.58,2.68,2.57,4.74-3.81,3.91-5.48-.98-5.9-2.23-.08-.23-.11-.34-.12-.25,0-.09-.04.02-.12.25-.43,1.25-2.09,6.14-5.9,2.23-2.01-2.06-1.08-4.12,2.57-4.74-2.09.36-4.44-.23-5.08-2.54-.19-.66-.5-4.74-.5-5.3,0-2.76,2.42-1.89,3.91-.77h0Z\"\/><\/svg><\/span><span class=\"shariff-text\" style=\"color:#0085ff\">teilen<\/span>&nbsp;<\/a><\/li><li class=\"shariff-button threema shariff-nocustomcolor shariff-mobile\" style=\"background-color:#4fbc24\"><a href=\"threema:\/\/compose?text=Br%C3%BCggemanns%20Backstage-Elegien%20https%3A%2F%2Fwww.kritische-masse.de%2Flogbuch%2F2024%2F10%2Fbrueggemanns-backstage-elegien%2F\" title=\"Bei Threema teilen\" aria-label=\"Bei Threema teilen\" role=\"button\" rel=\"noopener nofollow\" class=\"shariff-link\" style=\"; background-color:#1f1f1f; color:#1f1f1f\" target=\"_blank\"><span class=\"shariff-icon\" style=\"fill:#1f1f1f\"><svg width=\"32px\" height=\"20px\" xmlns=\"http:\/\/www.w3.org\/2000\/svg\" viewBox=\"0 0 32 32\"><path fill=\"#1f1f1f\" d=\"M30.8 10.9c-0.3-1.4-0.9-2.6-1.8-3.8-2-2.6-5.5-4.5-9.4-5.2-1.3-0.2-1.9-0.3-3.5-0.3s-2.2 0-3.5 0.3c-4 0.7-7.4 2.6-9.4 5.2-0.9 1.2-1.5 2.4-1.8 3.8-0.1 0.5-0.2 1.2-0.2 1.6 0 0.4 0.1 1.1 0.2 1.6 0.4 1.9 1.3 3.4 2.9 5 0.8 0.8 0.8 0.8 0.7 1.3 0 0.6-0.5 1.6-1.7 3.6-0.3 0.5-0.5 0.9-0.5 0.9 0 0.1 0.1 0.1 0.5 0 0.8-0.2 2.3-0.6 5.6-1.6 1.1-0.3 1.3-0.4 2.3-0.4 0.8 0 1.1 0 2.3 0.2 1.5 0.2 3.5 0.2 4.9 0 5.1-0.6 9.3-2.9 11.4-6.3 0.5-0.9 0.9-1.8 1.1-2.8 0.1-0.5 0.2-1.1 0.2-1.6 0-0.7-0.1-1.1-0.2-1.6-0.3-1.4 0.1 0.5 0 0zM20.6 17.3c0 0.4-0.4 0.8-0.8 0.8h-7.7c-0.4 0-0.8-0.4-0.8-0.8v-4.6c0-0.4 0.4-0.8 0.8-0.8h0.2l0-1.6c0-0.9 0-1.8 0.1-2 0.1-0.6 0.6-1.2 1.1-1.7s1.1-0.7 1.9-0.8c1.8-0.3 3.7 0.7 4.2 2.2 0.1 0.3 0.1 0.7 0.1 2.1v0 1.7h0.1c0.4 0 0.8 0.4 0.8 0.8v4.6zM15.6 7.3c-0.5 0.1-0.8 0.3-1.2 0.6s-0.6 0.8-0.7 1.3c0 0.2 0 0.8 0 1.5l0 1.2h4.6v-1.3c0-1 0-1.4-0.1-1.6-0.3-1.1-1.5-1.9-2.6-1.7zM25.8 28.2c0 1.2-1 2.2-2.1 2.2s-2.1-1-2.1-2.1c0-1.2 1-2.1 2.2-2.1s2.2 1 2.2 2.2zM18.1 28.2c0 1.2-1 2.2-2.1 2.2s-2.1-1-2.1-2.1c0-1.2 1-2.1 2.2-2.1s2.2 1 2.2 2.2zM10.4 28.2c0 1.2-1 2.2-2.1 2.2s-2.1-1-2.1-2.1c0-1.2 1-2.1 2.2-2.1s2.2 1 2.2 2.2z\"\/><\/svg><\/span><span class=\"shariff-text\" style=\"color:#1f1f1f\">teilen<\/span>&nbsp;<\/a><\/li><li class=\"shariff-button facebook shariff-nocustomcolor\" style=\"background-color:#4273c8\"><a href=\"https:\/\/www.facebook.com\/sharer\/sharer.php?u=https%3A%2F%2Fwww.kritische-masse.de%2Flogbuch%2F2024%2F10%2Fbrueggemanns-backstage-elegien%2F\" title=\"Bei Facebook teilen\" aria-label=\"Bei Facebook teilen\" role=\"button\" rel=\"nofollow\" class=\"shariff-link\" style=\"; background-color:#3b5998; color:#3b5998\" target=\"_blank\"><span class=\"shariff-icon\" style=\"fill:#3b5998\"><svg width=\"32px\" height=\"20px\" xmlns=\"http:\/\/www.w3.org\/2000\/svg\" viewBox=\"0 0 18 32\"><path fill=\"#3b5998\" d=\"M17.1 0.2v4.7h-2.8q-1.5 0-2.1 0.6t-0.5 1.9v3.4h5.2l-0.7 5.3h-4.5v13.6h-5.5v-13.6h-4.5v-5.3h4.5v-3.9q0-3.3 1.9-5.2t5-1.8q2.6 0 4.1 0.2z\"\/><\/svg><\/span><span class=\"shariff-text\" style=\"color:#3b5998\">teilen<\/span>&nbsp;<\/a><\/li><li class=\"shariff-button info shariff-nocustomcolor\" style=\"background-color:#a8a8a8\"><a href=\"http:\/\/ct.de\/-2467514\" title=\"Weitere Informationen\" aria-label=\"Weitere Informationen\" role=\"button\" rel=\"noopener \" class=\"shariff-link\" style=\"; background-color:#999; color:#999\" target=\"_blank\"><span class=\"shariff-icon\" style=\"fill:#999\"><svg width=\"32px\" height=\"20px\" xmlns=\"http:\/\/www.w3.org\/2000\/svg\" viewBox=\"0 0 11 32\"><path fill=\"#999\" d=\"M11.4 24v2.3q0 0.5-0.3 0.8t-0.8 0.4h-9.1q-0.5 0-0.8-0.4t-0.4-0.8v-2.3q0-0.5 0.4-0.8t0.8-0.4h1.1v-6.8h-1.1q-0.5 0-0.8-0.4t-0.4-0.8v-2.3q0-0.5 0.4-0.8t0.8-0.4h6.8q0.5 0 0.8 0.4t0.4 0.8v10.3h1.1q0.5 0 0.8 0.4t0.3 0.8zM9.2 3.4v3.4q0 0.5-0.4 0.8t-0.8 0.4h-4.6q-0.4 0-0.8-0.4t-0.4-0.8v-3.4q0-0.4 0.4-0.8t0.8-0.4h4.6q0.5 0 0.8 0.4t0.4 0.8z\"\/><\/svg><\/span><\/a><\/li><\/ul><\/div><p class=\"post-title single56__title component56\">\u201eMeckert nicht so elendig\u201c \u00fcberschreibt der Musikjournalist Axel Br\u00fcggemann seinen Text, in dem er seinen neuen Endgegner f\u00fcr die kommenden Jahre vorstellt. Seit langer Zeit hat er dabei schon Gerald Mertens von unisono (ehemals DOV) auf dem Schirm, jetzt tritt Antje Valentin vom Deutschen Musikrat auch noch dazu. Br\u00fcggemanns Vorwurf: \u201eSchlechtgelauntes Mahnen steigert die Akzeptanz f\u00fcr Musik in der \u00d6ffentlichkeit nicht.\u201c Und solche Kritik daran, tut es noch weniger. Zumal dann ein Rattenschwanz von Infos kommt, das gar nicht nach Meckern klingt:<\/p>\n<blockquote><p>&#8220;Mertens und seine Kampfgenossen beharren auf Privilegien, die zuk\u00fcnftig kaum zu halten sein werden. Regelm\u00e4\u00dfig postet der <em>unisono<\/em>-Chef auf X, dass die Klassik-Kultur nicht in der Krise stecke, dass alles bergauf gehe, dass der Ruf unserer Orchester nicht besser sein k\u00f6nnte. Was er verschweigt, ist, dass die Konzerte von Bremerhaven bis M\u00fcnchen, von Berlin bis Dortmund eben nicht mehr automatisch ausverkauft sind. Dass viele St\u00e4dte und L\u00e4nder sich das \u00dcberangebot von Orchestern nicht mehr lange leisten werden \u2013 ganz zu schweigen vom \u00f6ffentlich-rechtlichen Rundfunk.&#8221; (Axel Br\u00fcggemann: <a href=\"https:\/\/backstageclassical.com\/meckert-nicht-so-elendig\/\">Meckert nicht so elendig &#8211; 20.10.24<\/a>)<\/p><\/blockquote>\n<p>Mertens ist \u00fcbrigens nur noch bis maximal vor dem 1. Juni 2025 f\u00fcr unisono t\u00e4tig als Gesch\u00e4ftsf\u00fchrer. <a href=\"https:\/\/uni-sono.org\/ueber\/jobangebote\/geschaeftsfuehrerin-m-w-d\/\">Die Stelle ist l\u00e4ngst ausgeschrieben worden<\/a>. Um zum Weselsky der Orchestermusizierenden zu werden, ist die Zeit knapp. Was soll das Gewerkschaft-Bashing eigentlich? Sollen die ein laue Vertretung haben, die sich um die Abschaffung der Privilegien ihrer Mitglieder mehr k\u00fcmmert als deren Bestand und stetige Fortschreibung. Eine Gewerkschaft setzt sich normalerweise f\u00fcr ihrer Mitglieder ein, nicht gegen sie. Aber ist vielleicht alte Schule, so etwas \u2026<\/p>\n<p>Was sagt Br\u00fcggemann eigentlich: Wir haben ein \u00dcberangebot an Orchestern \u2013 die m\u00fcssen nicht erhalten werden, sondern weg. Und damit soll man sich bitte befassen. Er sagt: Die Konzerte allerorten waren bis vor kurzem offenbar automatisch ausverkauft, und sind es jetzt nicht mehr. Belege w\u00e4ren hilfreich. M\u00fcssen aber auch nicht sein. Es geht ja um den Krawall. Er setzt fort:<\/p>\n<blockquote><p>&#8220;Mertens verschlie\u00dft die Augen davor, dass seine Forderungen f\u00fcr den Erhalt vergangener Strukturen die bestehenden Strukturen perspektivisch brutal gef\u00e4hrden. Dass es allerh\u00f6chste Eisenbahn f\u00fcr Transformation ist.&#8221; (Axel Br\u00fcggemann: <a href=\"https:\/\/backstageclassical.com\/meckert-nicht-so-elendig\/\">Meckert nicht so elendig &#8211; 20.10.24<\/a>)<\/p><\/blockquote>\n<p>Klar, Transformation ist immer. Aber es sollte schon eine sein, die Br\u00fcggemann auch so f\u00fcr uns alle benannt hat. Sein nachfolgender Fragenkatalog ist der, den man seitens der Kulturabwicklungsabteilungen aus der Politik gut kennt. Stempel: Kann weg! Begr\u00fcndet Euer Existenzrecht!<\/p>\n<p>Man kann ja beklagen, welche Bewegungen sich im Kulturbereich insgesamt abspielen. Man kann diese global betrachten im Zusammenhang auch mit technologischen Entwicklungen im Bereich der KI und der Digitalisierung. Aber alle Effekte wirken schlussendlich im Zusammenhang. Br\u00fcggemann beschreibt nicht mal die Transformation, sondern postuliert sie allein aus seiner Sicht heraus. Das ist methodisch leider schwach. Und so zerf\u00e4llt seine Argumentation \u2026 weil sie auch immer nur \u00fcber Namen kommuniziert wird: Fr\u00fcher war Monika Gr\u00fctters im Visier, dann Gerald Mertens und nun auch Antje Valentin. Triggerpunkte f\u00fcr Br\u00fcggemann. Leider selten mehr \u2026<\/p>\n<div id=\"ez-toc-container\" class=\"ez-toc-v2_0_82_2 ez-toc-wrap-center counter-hierarchy ez-toc-counter ez-toc-light-blue ez-toc-container-direction\">\n<div class=\"ez-toc-title-container\">\n<p class=\"ez-toc-title\" style=\"cursor:inherit\">Inhalt<\/p>\n<span class=\"ez-toc-title-toggle\"><a href=\"#\" class=\"ez-toc-pull-right ez-toc-btn ez-toc-btn-xs ez-toc-btn-default ez-toc-toggle\" aria-label=\"Toggle Table of Content\"><span class=\"ez-toc-js-icon-con\"><span class=\"\"><span class=\"eztoc-hide\" style=\"display:none;\">Toggle<\/span><span class=\"ez-toc-icon-toggle-span\"><svg style=\"fill: #999;color:#999\" xmlns=\"http:\/\/www.w3.org\/2000\/svg\" class=\"list-377408\" width=\"20px\" height=\"20px\" viewBox=\"0 0 24 24\" fill=\"none\"><path d=\"M6 6H4v2h2V6zm14 0H8v2h12V6zM4 11h2v2H4v-2zm16 0H8v2h12v-2zM4 16h2v2H4v-2zm16 0H8v2h12v-2z\" fill=\"currentColor\"><\/path><\/svg><svg style=\"fill: #999;color:#999\" class=\"arrow-unsorted-368013\" xmlns=\"http:\/\/www.w3.org\/2000\/svg\" width=\"10px\" height=\"10px\" viewBox=\"0 0 24 24\" version=\"1.2\" baseProfile=\"tiny\"><path d=\"M18.2 9.3l-6.2-6.3-6.2 6.3c-.2.2-.3.4-.3.7s.1.5.3.7c.2.2.4.3.7.3h11c.3 0 .5-.1.7-.3.2-.2.3-.5.3-.7s-.1-.5-.3-.7zM5.8 14.7l6.2 6.3 6.2-6.3c.2-.2.3-.5.3-.7s-.1-.5-.3-.7c-.2-.2-.4-.3-.7-.3h-11c-.3 0-.5.1-.7.3-.2.2-.3.5-.3.7s.1.5.3.7z\"\/><\/svg><\/span><\/span><\/span><\/a><\/span><\/div>\n<nav><ul class='ez-toc-list ez-toc-list-level-1 ' ><li class='ez-toc-page-1 ez-toc-heading-level-3'><a class=\"ez-toc-link ez-toc-heading-1\" href=\"https:\/\/www.kritische-masse.de\/logbuch\/2024\/10\/brueggemanns-backstage-elegien\/#Wenn_hier_wer_meckern_darf_%E2%80%A6\" >Wenn hier wer meckern darf \u2026<\/a><\/li><li class='ez-toc-page-1 ez-toc-heading-level-3'><a class=\"ez-toc-link ez-toc-heading-2\" href=\"https:\/\/www.kritische-masse.de\/logbuch\/2024\/10\/brueggemanns-backstage-elegien\/#%E2%80%A6_dann_ich\" >\u2026 dann ich<\/a><\/li><\/ul><\/nav><\/div>\n<h3><span class=\"ez-toc-section\" id=\"Wenn_hier_wer_meckern_darf_%E2%80%A6\"><\/span>Wenn hier wer meckern darf \u2026<span class=\"ez-toc-section-end\"><\/span><\/h3>\n<blockquote><p><a href=\"https:\/\/www.musikrat.de\/fileadmin\/redaktion\/news\/2024\/10_2024\/DMR_Stellungnahme_HUG_Bereich_Lehre_2024_10_16.pdf\">\u201eIn einer aktuellen Pressemitteilung<\/a> erkl\u00e4rt der Musikrat, dass das mittlere Einkommen von Musiklehrenden im Jahr 2024 14.650 Euro brutto betrug. Vollkommen unklar bleibt, woher diese Zahl kommt?\u201c (Axel Br\u00fcggemann: <a href=\"https:\/\/backstageclassical.com\/meckert-nicht-so-elendig\/\">Meckert nicht so elendig &#8211; 20.10.24<\/a>)<\/p><\/blockquote>\n<p>Er jammert und bezweifelt in seinem Text, wie das Bruttoeinkommen der Musiklehrenden denn ermittelt worden sei und geht dann \u00fcber Musiklehrer:innen an allgemein bildenden Schulen zu den festangestellten Musiklehrer:innen an Musikschulen zu denen, die in der KSK ihre eigene Sch\u00e4tzung ver\u00f6ffentlicht haben \u00fcber. Letzteres sei nach Br\u00fcggemann v\u00f6llig indiskutabel, denn das w\u00e4re ja so, als w\u00fcrden Amazon und Google ihre Gewinnrechnung auf Null kalkulieren. Klar, sind ja in allen F\u00e4llen eigentlich nur Ich-AGs. Er fragt, wo die Zahl herkommt. Und er k\u00f6nnte diese wie andere im MIZ finden, das sich aus der Quelle der KSK bedient. (<a href=\"https:\/\/miz.org\/de\/statistiken\/ksk-musik\">Linktipp!<\/a>)<\/p>\n<p>Ich habe mal f\u00fcr Axel Br\u00fcggemann einen Screenshot gemacht und die entsprechende Passage eingerahmt und mit Pfeilen gekennzeichnet.<\/p>\n<figure id=\"attachment_10330\" aria-describedby=\"caption-attachment-10330\" style=\"width: 1020px\" class=\"wp-caption aligncenter\"><a href=\"https:\/\/i0.wp.com\/www.kritische-masse.de\/logbuch\/wp-content\/uploads\/2024\/10\/Freiberuflich-Taetige-in-der-Sparte-Musik-nach-Taetigkeitsbereich-und-Durchschnittseinkommen-miz-org.png?ssl=1\"><img data-recalc-dims=\"1\" loading=\"lazy\" decoding=\"async\" data-attachment-id=\"10330\" data-permalink=\"https:\/\/www.kritische-masse.de\/logbuch\/2024\/10\/brueggemanns-backstage-elegien\/freiberuflich-taetige-in-der-sparte-musik-nach-taetigkeitsbereich-und-durchschnittseinkommen-miz-org\/\" data-orig-file=\"https:\/\/i0.wp.com\/www.kritische-masse.de\/logbuch\/wp-content\/uploads\/2024\/10\/Freiberuflich-Taetige-in-der-Sparte-Musik-nach-Taetigkeitsbereich-und-Durchschnittseinkommen-miz-org.png?fit=1020%2C623&amp;ssl=1\" data-orig-size=\"1020,623\" data-comments-opened=\"1\" data-image-meta=\"{&quot;aperture&quot;:&quot;0&quot;,&quot;credit&quot;:&quot;&quot;,&quot;camera&quot;:&quot;&quot;,&quot;caption&quot;:&quot;&quot;,&quot;created_timestamp&quot;:&quot;0&quot;,&quot;copyright&quot;:&quot;&quot;,&quot;focal_length&quot;:&quot;0&quot;,&quot;iso&quot;:&quot;0&quot;,&quot;shutter_speed&quot;:&quot;0&quot;,&quot;title&quot;:&quot;&quot;,&quot;orientation&quot;:&quot;0&quot;}\" data-image-title=\"Freiberuflich Ta\u0308tige in der Sparte Musik nach Ta\u0308tigkeitsbereich und Durchschnittseinkommen miz org\" data-image-description=\"&lt;p&gt;Freiberuflich Ta\u0308tige in der Sparte Musik nach Ta\u0308tigkeitsbereich und Durchschnittseinkommen miz org&lt;\/p&gt;\n\" data-image-caption=\"&lt;p&gt;Freiberuflich Ta\u0308tige in der Sparte Musik nach Ta\u0308tigkeitsbereich und Durchschnittseinkommen miz org&lt;\/p&gt;\n\" data-large-file=\"https:\/\/i0.wp.com\/www.kritische-masse.de\/logbuch\/wp-content\/uploads\/2024\/10\/Freiberuflich-Taetige-in-der-Sparte-Musik-nach-Taetigkeitsbereich-und-Durchschnittseinkommen-miz-org.png?fit=1020%2C623&amp;ssl=1\" class=\"size-full wp-image-10330\" title=\"Freiberuflich Ta\u0308tige in der Sparte Musik nach Ta\u0308tigkeitsbereich und Durchschnittseinkommen miz org\" src=\"https:\/\/i0.wp.com\/www.kritische-masse.de\/logbuch\/wp-content\/uploads\/2024\/10\/Freiberuflich-Taetige-in-der-Sparte-Musik-nach-Taetigkeitsbereich-und-Durchschnittseinkommen-miz-org.png?resize=1020%2C623&#038;ssl=1\" alt=\"Freiberuflich Ta\u0308tige in der Sparte Musik nach Ta\u0308tigkeitsbereich und Durchschnittseinkommen miz org\" width=\"1020\" height=\"623\" srcset=\"https:\/\/i0.wp.com\/www.kritische-masse.de\/logbuch\/wp-content\/uploads\/2024\/10\/Freiberuflich-Taetige-in-der-Sparte-Musik-nach-Taetigkeitsbereich-und-Durchschnittseinkommen-miz-org.png?w=1020&amp;ssl=1 1020w, https:\/\/i0.wp.com\/www.kritische-masse.de\/logbuch\/wp-content\/uploads\/2024\/10\/Freiberuflich-Taetige-in-der-Sparte-Musik-nach-Taetigkeitsbereich-und-Durchschnittseinkommen-miz-org.png?resize=300%2C183&amp;ssl=1 300w, https:\/\/i0.wp.com\/www.kritische-masse.de\/logbuch\/wp-content\/uploads\/2024\/10\/Freiberuflich-Taetige-in-der-Sparte-Musik-nach-Taetigkeitsbereich-und-Durchschnittseinkommen-miz-org.png?resize=768%2C469&amp;ssl=1 768w\" sizes=\"auto, (max-width: 1020px) 100vw, 1020px\" \/><\/a><figcaption id=\"caption-attachment-10330\" class=\"wp-caption-text\">Freiberuflich Ta\u0308tige in der Sparte Musik nach Ta\u0308tigkeitsbereich und Durchschnittseinkommen miz org<\/figcaption><\/figure>\n<p>Hier finden sich auch die Angaben zur Methodik und zur Auswahl der Daten und Zahlen. Eigentlich sollte man das nach Jahrzehnten T\u00e4tigkeit in dem Bereich alles schon ein bisschen wissen. Und nat\u00fcrlich kann man das methodisch auch kritisieren. Auch die Art und Weise, wie das begrifflich ungenau seitens des Musikrats benannt wird. Aber die Zahlen, die er dagegen ermittelt, sind reinster Hokuspokus.<\/p>\n<p>Wenn Br\u00fcggemann dann \u00fcber den Instrumentalunterricht von Musiklehrenden zu der These kommt:<\/p>\n<blockquote><p>&#8220;Keine Frage: Es gibt zu wenig fest angestellte Musiklehrerinnen und Musiklehrer \u2013 das liegt zum gro\u00dfen Teil am komplexen Ausbildungsweg. W\u00e4re es nicht viel sinnvoller, hier anzusetzen? Denn Stellen sind ja gen\u00fcgend ausgeschrieben.&#8221; (Axel Br\u00fcggemann: <a href=\"https:\/\/backstageclassical.com\/meckert-nicht-so-elendig\/\">Meckert nicht so elendig &#8211; 20.10.24<\/a>)<\/p><\/blockquote>\n<p>Ein Blick in die Kasseler Erkl\u00e4rung des VdM k\u00f6nnte helfen. Die Lage wird \u00e4hnlich beschrieben: \u201eDer Verband deutscher Musikschulen warnt vor einem bedrohlichen Mangel an Musik\u00adschul\u00adlehrkr\u00e4ften\u201c, hei\u00dft es da. Das liege einerseits, da stimmt man \u00fcberein, an dem komplexen Ausbildungsweg (der \u00fcbrigens mit dem ersten eigenen Gesang beginnt). Urs\u00e4chlich sei aber etwas anderes. Dies geschehe vielmehr \u201einfolge von verschlechterten Arbeitsbedingungen, teils ungesicherten Besch\u00e4ftigungsverh\u00e4ltnissen sowie der damit einhergehenden Verg\u00fctungsstrukturen. Die tarifliche Eingruppierung sei angesichts der hohen Kosten, die mit dem Musikstudium sowie der darauf vorbereitenden Vokal- bzw. Instrumentalausbildung einhergehen, nicht angemessen.\u201c \u2013 Und da spielt dann das Herrenberg-Urteil in seiner vollen <a href=\"https:\/\/www.nmz.de\/tags\/herrenberg-urteil\">Komplexit\u00e4t mit hinein<\/a>.<\/p>\n<p>Am Ende erkl\u00e4rt er uns unsere Gesellschaft:<\/p>\n<p>Die Lobby-Verb\u00e4nde der Kulturschaffenden m\u00fcssten begreifen,<\/p>\n<blockquote><p>&#8220;dass Kultur bei vielen Menschen da drau\u00dfen keine Bestandsgarantie mehr hat. Egal, ob das richtig oder falsch ist: es ist die Realit\u00e4t.\u201c (Axel Br\u00fcggemann: <a href=\"https:\/\/backstageclassical.com\/meckert-nicht-so-elendig\/\">Meckert nicht so elendig &#8211; 20.10.24<\/a>)<\/p><\/blockquote>\n<p>Es ist allerdings eben einfach auch falsch. Also diese Analyse. Kultur geht nicht weg, bestenfalls transformiert sie sich. Das tut sie ohnehin und laufend. Sie hat weder Bestand noch nicht, menschliche Gesellschaft ohne Kultur, gibt es nicht. Nebenfage: Wer genau eigentlich sind bitte diese \u201evielen Menschen\u201c, die Br\u00fcggemann hier anf\u00fchrt?<\/p>\n<h3><span class=\"ez-toc-section\" id=\"%E2%80%A6_dann_ich\"><\/span>\u2026 dann ich<span class=\"ez-toc-section-end\"><\/span><\/h3>\n<p>Man wird sehen. Man wird auch sehen, wie und wo sich das f\u00fcr sein journalistisches Produkt \u201e<a href=\"https:\/\/backstageclassical.com\/\">Backstageclassical<\/a>\u201c ausgeht. 1452 Follower hat Abmann mit dem Backstageclassical-Logo <a href=\"https:\/\/x.com\/abmann71\">auf X<\/a>. Auf <a href=\"https:\/\/www.threads.net\/@backstageclassical\">Threads sind es 209<\/a>. <a href=\"https:\/\/www.facebook.com\/profile.php?id=100076347276360\">Facebook: 981.<\/a> <a href=\"https:\/\/www.instagram.com\/backstageclassical\/\">Auf Instagram sind es 1099<\/a>. (Stand 20.10.2024 \u2013 13 Uhr) Und so muss man sich fragen: Wie steht es um die Zukunft eines Magazins wie Br\u00fcggemanns BackstageClassical eigentlich? Welche Bestandsgarantie gibt es hier?<\/p>\n<p>Ich w\u00fcnsche Br\u00fcggemann nat\u00fcrlich kollegial einen guten Erfolg. Aber ob man das mit dieser Art von Mistgabel-Journalismus wirklich erreichen kann, wenn es nicht mal in den sozialen Medien als dem ausgewiesenen Platz der Mistgabel-Kommunikation funktioniert? Auch wenn man den sehr ertragreichen Newsletter dazu liest: Ohne die Skandale kreuz und quer, w\u00e4re das Gesch\u00e4ft tot. Nat\u00fcrlich muss man den Skandalen im Betrieb nachgehen. An dieser Stelle hier l\u00e4uft es aber aus dem Ruder. Oder Axel Br\u00fcggemann hat erkannt, dass die Transformation im Musikbusiness eine allein ist, die \u00fcber Personen gestaltet wird \u2026 Und damit vor allem vom Meckern selbst lebt?<\/p>\n<p>Oder ist das Br\u00fcggemann-Meckern eben einfach nur nicht elendig, sondern (eventuell selbstbescheinigt) intelligent?<\/p>\n<div class=\"shariff shariff-align-left shariff-widget-align-left\"><ul class=\"shariff-buttons theme-white orientation-horizontal buttonsize-small\"><li class=\"shariff-button mastodon shariff-nocustomcolor\" style=\"background-color:#563ACC\"><a href=\"https:\/\/s2f.kytta.dev\/?text=Br%C3%BCggemanns%20Backstage-Elegien https%3A%2F%2Fwww.kritische-masse.de%2Flogbuch%2F2024%2F10%2Fbrueggemanns-backstage-elegien%2F\" title=\"Bei Mastodon teilen\" aria-label=\"Bei Mastodon teilen\" role=\"button\" rel=\"noopener nofollow\" class=\"shariff-link\" style=\"; background-color:#6364FF; color:#6364FF\" target=\"_blank\"><span class=\"shariff-icon\" style=\"fill:#6364FF\"><svg width=\"75\" height=\"79\" viewBox=\"0 0 75 79\" fill=\"none\" xmlns=\"http:\/\/www.w3.org\/2000\/svg\"><path d=\"M37.813-.025C32.462-.058 27.114.13 21.79.598c-8.544.621-17.214 5.58-20.203 13.931C-1.12 23.318.408 32.622.465 41.65c.375 7.316.943 14.78 3.392 21.73 4.365 9.465 14.781 14.537 24.782 15.385 7.64.698 15.761-.213 22.517-4.026a54.1 54.1 0 0 0 .01-6.232c-6.855 1.316-14.101 2.609-21.049 1.074-3.883-.88-6.876-4.237-7.25-8.215-1.53-3.988 3.78-.43 5.584-.883 9.048 1.224 18.282.776 27.303-.462 7.044-.837 14.26-4.788 16.65-11.833 2.263-6.135 1.215-12.79 1.698-19.177.06-3.84.09-7.692-.262-11.52C72.596 7.844 63.223.981 53.834.684a219.453 219.453 0 0 0-16.022-.71zm11.294 12.882c5.5-.067 10.801 4.143 11.67 9.653.338 1.48.471 3 .471 4.515v21.088h-8.357c-.07-7.588.153-15.182-.131-22.765-.587-4.368-7.04-5.747-9.672-2.397-2.422 3.04-1.47 7.155-1.67 10.735v6.392h-8.307c-.146-4.996.359-10.045-.404-15.002-1.108-4.218-7.809-5.565-10.094-1.666-1.685 3.046-.712 6.634-.976 9.936v14.767h-8.354c.109-8.165-.238-16.344.215-24.5.674-5.346 5.095-10.389 10.676-10.627 4.902-.739 10.103 2.038 12.053 6.631.375 1.435 1.76 1.932 1.994.084 1.844-3.704 5.501-6.739 9.785-6.771.367-.044.735-.068 1.101-.073z\"\/><defs><linearGradient id=\"paint0_linear_549_34\" x1=\"37.0692\" y1=\"0\" x2=\"37.0692\" y2=\"79\" gradientUnits=\"userSpaceOnUse\"><stop stop-color=\"#6364FF\"\/><stop offset=\"1\" stop-color=\"#563ACC\"\/><\/linearGradient><\/defs><\/svg><\/span><span class=\"shariff-text\" style=\"color:#6364FF\">teilen<\/span>&nbsp;<\/a><\/li><li class=\"shariff-button bluesky shariff-nocustomcolor\" style=\"background-color:#84c4ff\"><a href=\"https:\/\/bsky.app\/intent\/compose?text=Br%C3%BCggemanns%20Backstage-Elegien https%3A%2F%2Fwww.kritische-masse.de%2Flogbuch%2F2024%2F10%2Fbrueggemanns-backstage-elegien%2F \" title=\"Bei Bluesky teilen\" aria-label=\"Bei Bluesky teilen\" role=\"button\" rel=\"noopener nofollow\" class=\"shariff-link\" style=\"; background-color:#0085ff; color:#0085ff\" target=\"_blank\"><span class=\"shariff-icon\" style=\"fill:#0085ff\"><svg width=\"20\" height=\"20\" version=\"1.1\" xmlns=\"http:\/\/www.w3.org\/2000\/svg\" viewBox=\"0 0 20 20\"><path class=\"st0\" d=\"M4.89,3.12c2.07,1.55,4.3,4.71,5.11,6.4.82-1.69,3.04-4.84,5.11-6.4,1.49-1.12,3.91-1.99,3.91.77,0,.55-.32,4.63-.5,5.3-.64,2.3-2.99,2.89-5.08,2.54,3.65.62,4.58,2.68,2.57,4.74-3.81,3.91-5.48-.98-5.9-2.23-.08-.23-.11-.34-.12-.25,0-.09-.04.02-.12.25-.43,1.25-2.09,6.14-5.9,2.23-2.01-2.06-1.08-4.12,2.57-4.74-2.09.36-4.44-.23-5.08-2.54-.19-.66-.5-4.74-.5-5.3,0-2.76,2.42-1.89,3.91-.77h0Z\"\/><\/svg><\/span><span class=\"shariff-text\" style=\"color:#0085ff\">teilen<\/span>&nbsp;<\/a><\/li><li class=\"shariff-button threema shariff-nocustomcolor shariff-mobile\" style=\"background-color:#4fbc24\"><a href=\"threema:\/\/compose?text=Br%C3%BCggemanns%20Backstage-Elegien%20https%3A%2F%2Fwww.kritische-masse.de%2Flogbuch%2F2024%2F10%2Fbrueggemanns-backstage-elegien%2F\" title=\"Bei Threema teilen\" aria-label=\"Bei Threema teilen\" role=\"button\" rel=\"noopener nofollow\" class=\"shariff-link\" style=\"; background-color:#1f1f1f; color:#1f1f1f\" target=\"_blank\"><span class=\"shariff-icon\" style=\"fill:#1f1f1f\"><svg width=\"32px\" height=\"20px\" xmlns=\"http:\/\/www.w3.org\/2000\/svg\" viewBox=\"0 0 32 32\"><path fill=\"#1f1f1f\" d=\"M30.8 10.9c-0.3-1.4-0.9-2.6-1.8-3.8-2-2.6-5.5-4.5-9.4-5.2-1.3-0.2-1.9-0.3-3.5-0.3s-2.2 0-3.5 0.3c-4 0.7-7.4 2.6-9.4 5.2-0.9 1.2-1.5 2.4-1.8 3.8-0.1 0.5-0.2 1.2-0.2 1.6 0 0.4 0.1 1.1 0.2 1.6 0.4 1.9 1.3 3.4 2.9 5 0.8 0.8 0.8 0.8 0.7 1.3 0 0.6-0.5 1.6-1.7 3.6-0.3 0.5-0.5 0.9-0.5 0.9 0 0.1 0.1 0.1 0.5 0 0.8-0.2 2.3-0.6 5.6-1.6 1.1-0.3 1.3-0.4 2.3-0.4 0.8 0 1.1 0 2.3 0.2 1.5 0.2 3.5 0.2 4.9 0 5.1-0.6 9.3-2.9 11.4-6.3 0.5-0.9 0.9-1.8 1.1-2.8 0.1-0.5 0.2-1.1 0.2-1.6 0-0.7-0.1-1.1-0.2-1.6-0.3-1.4 0.1 0.5 0 0zM20.6 17.3c0 0.4-0.4 0.8-0.8 0.8h-7.7c-0.4 0-0.8-0.4-0.8-0.8v-4.6c0-0.4 0.4-0.8 0.8-0.8h0.2l0-1.6c0-0.9 0-1.8 0.1-2 0.1-0.6 0.6-1.2 1.1-1.7s1.1-0.7 1.9-0.8c1.8-0.3 3.7 0.7 4.2 2.2 0.1 0.3 0.1 0.7 0.1 2.1v0 1.7h0.1c0.4 0 0.8 0.4 0.8 0.8v4.6zM15.6 7.3c-0.5 0.1-0.8 0.3-1.2 0.6s-0.6 0.8-0.7 1.3c0 0.2 0 0.8 0 1.5l0 1.2h4.6v-1.3c0-1 0-1.4-0.1-1.6-0.3-1.1-1.5-1.9-2.6-1.7zM25.8 28.2c0 1.2-1 2.2-2.1 2.2s-2.1-1-2.1-2.1c0-1.2 1-2.1 2.2-2.1s2.2 1 2.2 2.2zM18.1 28.2c0 1.2-1 2.2-2.1 2.2s-2.1-1-2.1-2.1c0-1.2 1-2.1 2.2-2.1s2.2 1 2.2 2.2zM10.4 28.2c0 1.2-1 2.2-2.1 2.2s-2.1-1-2.1-2.1c0-1.2 1-2.1 2.2-2.1s2.2 1 2.2 2.2z\"\/><\/svg><\/span><span class=\"shariff-text\" style=\"color:#1f1f1f\">teilen<\/span>&nbsp;<\/a><\/li><li class=\"shariff-button facebook shariff-nocustomcolor\" style=\"background-color:#4273c8\"><a href=\"https:\/\/www.facebook.com\/sharer\/sharer.php?u=https%3A%2F%2Fwww.kritische-masse.de%2Flogbuch%2F2024%2F10%2Fbrueggemanns-backstage-elegien%2F\" title=\"Bei Facebook teilen\" aria-label=\"Bei Facebook teilen\" role=\"button\" rel=\"nofollow\" class=\"shariff-link\" style=\"; background-color:#3b5998; color:#3b5998\" target=\"_blank\"><span class=\"shariff-icon\" style=\"fill:#3b5998\"><svg width=\"32px\" height=\"20px\" xmlns=\"http:\/\/www.w3.org\/2000\/svg\" viewBox=\"0 0 18 32\"><path fill=\"#3b5998\" d=\"M17.1 0.2v4.7h-2.8q-1.5 0-2.1 0.6t-0.5 1.9v3.4h5.2l-0.7 5.3h-4.5v13.6h-5.5v-13.6h-4.5v-5.3h4.5v-3.9q0-3.3 1.9-5.2t5-1.8q2.6 0 4.1 0.2z\"\/><\/svg><\/span><span class=\"shariff-text\" style=\"color:#3b5998\">teilen<\/span>&nbsp;<\/a><\/li><li class=\"shariff-button info shariff-nocustomcolor\" style=\"background-color:#a8a8a8\"><a href=\"http:\/\/ct.de\/-2467514\" title=\"Weitere Informationen\" aria-label=\"Weitere Informationen\" role=\"button\" rel=\"noopener \" class=\"shariff-link\" style=\"; background-color:#999; color:#999\" target=\"_blank\"><span class=\"shariff-icon\" style=\"fill:#999\"><svg width=\"32px\" height=\"20px\" xmlns=\"http:\/\/www.w3.org\/2000\/svg\" viewBox=\"0 0 11 32\"><path fill=\"#999\" d=\"M11.4 24v2.3q0 0.5-0.3 0.8t-0.8 0.4h-9.1q-0.5 0-0.8-0.4t-0.4-0.8v-2.3q0-0.5 0.4-0.8t0.8-0.4h1.1v-6.8h-1.1q-0.5 0-0.8-0.4t-0.4-0.8v-2.3q0-0.5 0.4-0.8t0.8-0.4h6.8q0.5 0 0.8 0.4t0.4 0.8v10.3h1.1q0.5 0 0.8 0.4t0.3 0.8zM9.2 3.4v3.4q0 0.5-0.4 0.8t-0.8 0.4h-4.6q-0.4 0-0.8-0.4t-0.4-0.8v-3.4q0-0.4 0.4-0.8t0.8-0.4h4.6q0.5 0 0.8 0.4t0.4 0.8z\"\/><\/svg><\/span><\/a><\/li><\/ul><\/div>","protected":false},"excerpt":{"rendered":"<p>\u201eMeckert nicht so elendig\u201c \u00fcberschreibt der Musikjournalist Axel Br\u00fcggemann seinen Text, in dem er seinen neuen Endgegner f\u00fcr die kommenden Jahre vorstellt. Seit langer Zeit hat er dabei schon Gerald Mertens von unisono (ehemals DOV) auf dem Schirm, jetzt tritt Antje Valentin vom Deutschen Musikrat auch noch dazu. Br\u00fcggemanns Vorwurf: \u201eSchlechtgelauntes Mahnen steigert die Akzeptanz [&hellip;]<\/p>\n<div class=\"shariff shariff-align-left shariff-widget-align-left\"><ul class=\"shariff-buttons theme-white orientation-horizontal buttonsize-small\"><li class=\"shariff-button mastodon shariff-nocustomcolor\" style=\"background-color:#563ACC\"><a href=\"https:\/\/s2f.kytta.dev\/?text=Br%C3%BCggemanns%20Backstage-Elegien https%3A%2F%2Fwww.kritische-masse.de%2Flogbuch%2F2024%2F10%2Fbrueggemanns-backstage-elegien%2F\" title=\"Bei Mastodon teilen\" aria-label=\"Bei Mastodon teilen\" role=\"button\" rel=\"noopener nofollow\" class=\"shariff-link\" style=\"; background-color:#6364FF; color:#6364FF\" target=\"_blank\"><span class=\"shariff-icon\" style=\"fill:#6364FF\"><svg width=\"75\" height=\"79\" viewBox=\"0 0 75 79\" fill=\"none\" xmlns=\"http:\/\/www.w3.org\/2000\/svg\"><path d=\"M37.813-.025C32.462-.058 27.114.13 21.79.598c-8.544.621-17.214 5.58-20.203 13.931C-1.12 23.318.408 32.622.465 41.65c.375 7.316.943 14.78 3.392 21.73 4.365 9.465 14.781 14.537 24.782 15.385 7.64.698 15.761-.213 22.517-4.026a54.1 54.1 0 0 0 .01-6.232c-6.855 1.316-14.101 2.609-21.049 1.074-3.883-.88-6.876-4.237-7.25-8.215-1.53-3.988 3.78-.43 5.584-.883 9.048 1.224 18.282.776 27.303-.462 7.044-.837 14.26-4.788 16.65-11.833 2.263-6.135 1.215-12.79 1.698-19.177.06-3.84.09-7.692-.262-11.52C72.596 7.844 63.223.981 53.834.684a219.453 219.453 0 0 0-16.022-.71zm11.294 12.882c5.5-.067 10.801 4.143 11.67 9.653.338 1.48.471 3 .471 4.515v21.088h-8.357c-.07-7.588.153-15.182-.131-22.765-.587-4.368-7.04-5.747-9.672-2.397-2.422 3.04-1.47 7.155-1.67 10.735v6.392h-8.307c-.146-4.996.359-10.045-.404-15.002-1.108-4.218-7.809-5.565-10.094-1.666-1.685 3.046-.712 6.634-.976 9.936v14.767h-8.354c.109-8.165-.238-16.344.215-24.5.674-5.346 5.095-10.389 10.676-10.627 4.902-.739 10.103 2.038 12.053 6.631.375 1.435 1.76 1.932 1.994.084 1.844-3.704 5.501-6.739 9.785-6.771.367-.044.735-.068 1.101-.073z\"\/><defs><linearGradient id=\"paint0_linear_549_34\" x1=\"37.0692\" y1=\"0\" x2=\"37.0692\" y2=\"79\" gradientUnits=\"userSpaceOnUse\"><stop stop-color=\"#6364FF\"\/><stop offset=\"1\" stop-color=\"#563ACC\"\/><\/linearGradient><\/defs><\/svg><\/span><span class=\"shariff-text\" style=\"color:#6364FF\">teilen<\/span>&nbsp;<\/a><\/li><li class=\"shariff-button bluesky shariff-nocustomcolor\" style=\"background-color:#84c4ff\"><a href=\"https:\/\/bsky.app\/intent\/compose?text=Br%C3%BCggemanns%20Backstage-Elegien https%3A%2F%2Fwww.kritische-masse.de%2Flogbuch%2F2024%2F10%2Fbrueggemanns-backstage-elegien%2F \" title=\"Bei Bluesky teilen\" aria-label=\"Bei Bluesky teilen\" role=\"button\" rel=\"noopener nofollow\" class=\"shariff-link\" style=\"; background-color:#0085ff; color:#0085ff\" target=\"_blank\"><span class=\"shariff-icon\" style=\"fill:#0085ff\"><svg width=\"20\" height=\"20\" version=\"1.1\" xmlns=\"http:\/\/www.w3.org\/2000\/svg\" viewBox=\"0 0 20 20\"><path class=\"st0\" d=\"M4.89,3.12c2.07,1.55,4.3,4.71,5.11,6.4.82-1.69,3.04-4.84,5.11-6.4,1.49-1.12,3.91-1.99,3.91.77,0,.55-.32,4.63-.5,5.3-.64,2.3-2.99,2.89-5.08,2.54,3.65.62,4.58,2.68,2.57,4.74-3.81,3.91-5.48-.98-5.9-2.23-.08-.23-.11-.34-.12-.25,0-.09-.04.02-.12.25-.43,1.25-2.09,6.14-5.9,2.23-2.01-2.06-1.08-4.12,2.57-4.74-2.09.36-4.44-.23-5.08-2.54-.19-.66-.5-4.74-.5-5.3,0-2.76,2.42-1.89,3.91-.77h0Z\"\/><\/svg><\/span><span class=\"shariff-text\" style=\"color:#0085ff\">teilen<\/span>&nbsp;<\/a><\/li><li class=\"shariff-button threema shariff-nocustomcolor shariff-mobile\" style=\"background-color:#4fbc24\"><a href=\"threema:\/\/compose?text=Br%C3%BCggemanns%20Backstage-Elegien%20https%3A%2F%2Fwww.kritische-masse.de%2Flogbuch%2F2024%2F10%2Fbrueggemanns-backstage-elegien%2F\" title=\"Bei Threema teilen\" aria-label=\"Bei Threema teilen\" role=\"button\" rel=\"noopener nofollow\" class=\"shariff-link\" style=\"; background-color:#1f1f1f; color:#1f1f1f\" target=\"_blank\"><span class=\"shariff-icon\" style=\"fill:#1f1f1f\"><svg width=\"32px\" height=\"20px\" xmlns=\"http:\/\/www.w3.org\/2000\/svg\" viewBox=\"0 0 32 32\"><path fill=\"#1f1f1f\" d=\"M30.8 10.9c-0.3-1.4-0.9-2.6-1.8-3.8-2-2.6-5.5-4.5-9.4-5.2-1.3-0.2-1.9-0.3-3.5-0.3s-2.2 0-3.5 0.3c-4 0.7-7.4 2.6-9.4 5.2-0.9 1.2-1.5 2.4-1.8 3.8-0.1 0.5-0.2 1.2-0.2 1.6 0 0.4 0.1 1.1 0.2 1.6 0.4 1.9 1.3 3.4 2.9 5 0.8 0.8 0.8 0.8 0.7 1.3 0 0.6-0.5 1.6-1.7 3.6-0.3 0.5-0.5 0.9-0.5 0.9 0 0.1 0.1 0.1 0.5 0 0.8-0.2 2.3-0.6 5.6-1.6 1.1-0.3 1.3-0.4 2.3-0.4 0.8 0 1.1 0 2.3 0.2 1.5 0.2 3.5 0.2 4.9 0 5.1-0.6 9.3-2.9 11.4-6.3 0.5-0.9 0.9-1.8 1.1-2.8 0.1-0.5 0.2-1.1 0.2-1.6 0-0.7-0.1-1.1-0.2-1.6-0.3-1.4 0.1 0.5 0 0zM20.6 17.3c0 0.4-0.4 0.8-0.8 0.8h-7.7c-0.4 0-0.8-0.4-0.8-0.8v-4.6c0-0.4 0.4-0.8 0.8-0.8h0.2l0-1.6c0-0.9 0-1.8 0.1-2 0.1-0.6 0.6-1.2 1.1-1.7s1.1-0.7 1.9-0.8c1.8-0.3 3.7 0.7 4.2 2.2 0.1 0.3 0.1 0.7 0.1 2.1v0 1.7h0.1c0.4 0 0.8 0.4 0.8 0.8v4.6zM15.6 7.3c-0.5 0.1-0.8 0.3-1.2 0.6s-0.6 0.8-0.7 1.3c0 0.2 0 0.8 0 1.5l0 1.2h4.6v-1.3c0-1 0-1.4-0.1-1.6-0.3-1.1-1.5-1.9-2.6-1.7zM25.8 28.2c0 1.2-1 2.2-2.1 2.2s-2.1-1-2.1-2.1c0-1.2 1-2.1 2.2-2.1s2.2 1 2.2 2.2zM18.1 28.2c0 1.2-1 2.2-2.1 2.2s-2.1-1-2.1-2.1c0-1.2 1-2.1 2.2-2.1s2.2 1 2.2 2.2zM10.4 28.2c0 1.2-1 2.2-2.1 2.2s-2.1-1-2.1-2.1c0-1.2 1-2.1 2.2-2.1s2.2 1 2.2 2.2z\"\/><\/svg><\/span><span class=\"shariff-text\" style=\"color:#1f1f1f\">teilen<\/span>&nbsp;<\/a><\/li><li class=\"shariff-button facebook shariff-nocustomcolor\" style=\"background-color:#4273c8\"><a href=\"https:\/\/www.facebook.com\/sharer\/sharer.php?u=https%3A%2F%2Fwww.kritische-masse.de%2Flogbuch%2F2024%2F10%2Fbrueggemanns-backstage-elegien%2F\" title=\"Bei Facebook teilen\" aria-label=\"Bei Facebook teilen\" role=\"button\" rel=\"nofollow\" class=\"shariff-link\" style=\"; background-color:#3b5998; color:#3b5998\" target=\"_blank\"><span class=\"shariff-icon\" style=\"fill:#3b5998\"><svg width=\"32px\" height=\"20px\" xmlns=\"http:\/\/www.w3.org\/2000\/svg\" viewBox=\"0 0 18 32\"><path fill=\"#3b5998\" d=\"M17.1 0.2v4.7h-2.8q-1.5 0-2.1 0.6t-0.5 1.9v3.4h5.2l-0.7 5.3h-4.5v13.6h-5.5v-13.6h-4.5v-5.3h4.5v-3.9q0-3.3 1.9-5.2t5-1.8q2.6 0 4.1 0.2z\"\/><\/svg><\/span><span class=\"shariff-text\" style=\"color:#3b5998\">teilen<\/span>&nbsp;<\/a><\/li><li class=\"shariff-button info shariff-nocustomcolor\" style=\"background-color:#a8a8a8\"><a href=\"http:\/\/ct.de\/-2467514\" title=\"Weitere Informationen\" aria-label=\"Weitere Informationen\" role=\"button\" rel=\"noopener \" class=\"shariff-link\" style=\"; background-color:#999; color:#999\" target=\"_blank\"><span class=\"shariff-icon\" style=\"fill:#999\"><svg width=\"32px\" height=\"20px\" xmlns=\"http:\/\/www.w3.org\/2000\/svg\" viewBox=\"0 0 11 32\"><path fill=\"#999\" d=\"M11.4 24v2.3q0 0.5-0.3 0.8t-0.8 0.4h-9.1q-0.5 0-0.8-0.4t-0.4-0.8v-2.3q0-0.5 0.4-0.8t0.8-0.4h1.1v-6.8h-1.1q-0.5 0-0.8-0.4t-0.4-0.8v-2.3q0-0.5 0.4-0.8t0.8-0.4h6.8q0.5 0 0.8 0.4t0.4 0.8v10.3h1.1q0.5 0 0.8 0.4t0.3 0.8zM9.2 3.4v3.4q0 0.5-0.4 0.8t-0.8 0.4h-4.6q-0.4 0-0.8-0.4t-0.4-0.8v-3.4q0-0.4 0.4-0.8t0.8-0.4h4.6q0.5 0 0.8 0.4t0.4 0.8z\"\/><\/svg><\/span><\/a><\/li><\/ul><\/div>","protected":false},"author":1,"featured_media":10330,"comment_status":"open","ping_status":"open","sticky":false,"template":"","format":"standard","meta":{"ocean_post_layout":"","ocean_both_sidebars_style":"","ocean_both_sidebars_content_width":0,"ocean_both_sidebars_sidebars_width":0,"ocean_sidebar":"","ocean_second_sidebar":"","ocean_disable_margins":"enable","ocean_add_body_class":"","ocean_shortcode_before_top_bar":"","ocean_shortcode_after_top_bar":"","ocean_shortcode_before_header":"","ocean_shortcode_after_header":"","ocean_has_shortcode":"","ocean_shortcode_after_title":"","ocean_shortcode_before_footer_widgets":"","ocean_shortcode_after_footer_widgets":"","ocean_shortcode_before_footer_bottom":"","ocean_shortcode_after_footer_bottom":"","ocean_display_top_bar":"default","ocean_display_header":"default","ocean_header_style":"","ocean_center_header_left_menu":"","ocean_custom_header_template":"","ocean_custom_logo":0,"ocean_custom_retina_logo":0,"ocean_custom_logo_max_width":0,"ocean_custom_logo_tablet_max_width":0,"ocean_custom_logo_mobile_max_width":0,"ocean_custom_logo_max_height":0,"ocean_custom_logo_tablet_max_height":0,"ocean_custom_logo_mobile_max_height":0,"ocean_header_custom_menu":"","ocean_menu_typo_font_family":"","ocean_menu_typo_font_subset":"","ocean_menu_typo_font_size":0,"ocean_menu_typo_font_size_tablet":0,"ocean_menu_typo_font_size_mobile":0,"ocean_menu_typo_font_size_unit":"px","ocean_menu_typo_font_weight":"","ocean_menu_typo_font_weight_tablet":"","ocean_menu_typo_font_weight_mobile":"","ocean_menu_typo_transform":"","ocean_menu_typo_transform_tablet":"","ocean_menu_typo_transform_mobile":"","ocean_menu_typo_line_height":0,"ocean_menu_typo_line_height_tablet":0,"ocean_menu_typo_line_height_mobile":0,"ocean_menu_typo_line_height_unit":"","ocean_menu_typo_spacing":0,"ocean_menu_typo_spacing_tablet":0,"ocean_menu_typo_spacing_mobile":0,"ocean_menu_typo_spacing_unit":"","ocean_menu_link_color":"","ocean_menu_link_color_hover":"","ocean_menu_link_color_active":"","ocean_menu_link_background":"","ocean_menu_link_hover_background":"","ocean_menu_link_active_background":"","ocean_menu_social_links_bg":"","ocean_menu_social_hover_links_bg":"","ocean_menu_social_links_color":"","ocean_menu_social_hover_links_color":"","ocean_disable_title":"default","ocean_disable_heading":"default","ocean_post_title":"","ocean_post_subheading":"","ocean_post_title_style":"","ocean_post_title_background_color":"","ocean_post_title_background":0,"ocean_post_title_bg_image_position":"","ocean_post_title_bg_image_attachment":"","ocean_post_title_bg_image_repeat":"","ocean_post_title_bg_image_size":"","ocean_post_title_height":0,"ocean_post_title_bg_overlay":0.5,"ocean_post_title_bg_overlay_color":"","ocean_disable_breadcrumbs":"default","ocean_breadcrumbs_color":"","ocean_breadcrumbs_separator_color":"","ocean_breadcrumbs_links_color":"","ocean_breadcrumbs_links_hover_color":"","ocean_display_footer_widgets":"default","ocean_display_footer_bottom":"default","ocean_custom_footer_template":"","osh_disable_topbar_sticky":"default","osh_disable_header_sticky":"default","osh_sticky_header_style":"default","osh_sticky_header_effect":"","osh_custom_sticky_logo":0,"osh_custom_retina_sticky_logo":0,"osh_custom_sticky_logo_height":0,"osh_background_color":"","osh_links_color":"","osh_links_hover_color":"","osh_links_active_color":"","osh_links_bg_color":"","osh_links_hover_bg_color":"","osh_links_active_bg_color":"","osh_menu_social_links_color":"","osh_menu_social_hover_links_color":"","_FSMCFIC_featured_image_caption":"","_FSMCFIC_featured_image_nocaption":"","_FSMCFIC_featured_image_hide":"","_metis_text_type":"standard","_metis_text_length":7976,"_post_count":0,"_jetpack_memberships_contains_paid_content":false,"activitypub_content_warning":"","activitypub_content_visibility":"","activitypub_max_image_attachments":4,"activitypub_interaction_policy_quote":"anyone","activitypub_status":"","ocean_post_oembed":"","ocean_post_self_hosted_media":"","ocean_post_video_embed":"","ocean_link_format":"","ocean_link_format_target":"self","ocean_quote_format":"","ocean_quote_format_link":"post","ocean_gallery_link_images":"on","ocean_gallery_id":[],"footnotes":"","jetpack_publicize_message":"","jetpack_publicize_feature_enabled":true,"jetpack_social_post_already_shared":true,"jetpack_social_options":{"image_generator_settings":{"template":"highway","default_image_id":0,"font":"","enabled":false},"version":2}},"categories":[2647,2861,2694,2695,2652,3545],"tags":[4312,4033],"class_list":["post-10329","post","type-post","status-publish","format-standard","has-post-thumbnail","hentry","category-angriffauf","category-aesthetische_kunstfehler","category-die-bildung","category-die-kultur","category-diemusik","category-medien","tag-backstage","tag-axel-brueggemann","entry","has-media"],"yoast_head":"<!-- This site is optimized with the Yoast SEO plugin v27.5 - https:\/\/yoast.com\/product\/yoast-seo-wordpress\/ -->\n<title>Br\u00fcggemanns Backstage-Elegien - Kritische Masse<\/title>\n<meta name=\"robots\" content=\"index, follow, max-snippet:-1, max-image-preview:large, max-video-preview:-1\" \/>\n<link rel=\"canonical\" href=\"https:\/\/www.kritische-masse.de\/logbuch\/2024\/10\/brueggemanns-backstage-elegien\/\" \/>\n<meta property=\"og:locale\" content=\"de_DE\" \/>\n<meta property=\"og:type\" content=\"article\" \/>\n<meta property=\"og:title\" content=\"Br\u00fcggemanns Backstage-Elegien - Kritische Masse\" \/>\n<meta property=\"og:description\" content=\"\u201eMeckert nicht so elendig\u201c \u00fcberschreibt der Musikjournalist Axel Br\u00fcggemann seinen Text, in dem er seinen neuen Endgegner f\u00fcr die kommenden Jahre vorstellt. Seit langer Zeit hat er dabei schon Gerald Mertens von unisono (ehemals DOV) auf dem Schirm, jetzt tritt Antje Valentin vom Deutschen Musikrat auch noch dazu. Br\u00fcggemanns Vorwurf: \u201eSchlechtgelauntes Mahnen steigert die Akzeptanz [&hellip;]\" \/>\n<meta property=\"og:url\" content=\"https:\/\/www.kritische-masse.de\/logbuch\/2024\/10\/brueggemanns-backstage-elegien\/\" \/>\n<meta property=\"og:site_name\" content=\"Kritische Masse\" \/>\n<meta property=\"article:publisher\" content=\"https:\/\/www.facebook.com\/hufner\" \/>\n<meta property=\"article:author\" content=\"https:\/\/www.facebook.com\/hufner\" \/>\n<meta property=\"article:published_time\" content=\"2024-10-21T11:16:06+00:00\" \/>\n<meta property=\"article:modified_time\" content=\"2024-10-22T08:15:08+00:00\" \/>\n<meta property=\"og:image\" content=\"https:\/\/www.kritische-masse.de\/logbuch\/wp-content\/uploads\/2024\/10\/Freiberuflich-Taetige-in-der-Sparte-Musik-nach-Taetigkeitsbereich-und-Durchschnittseinkommen-miz-org.png\" \/>\n\t<meta property=\"og:image:width\" content=\"1020\" \/>\n\t<meta property=\"og:image:height\" content=\"623\" \/>\n\t<meta property=\"og:image:type\" content=\"image\/png\" \/>\n<meta name=\"author\" content=\"der huflaikhan\" \/>\n<meta name=\"twitter:label1\" content=\"Verfasst von\" \/>\n\t<meta name=\"twitter:data1\" content=\"der huflaikhan\" \/>\n\t<meta name=\"twitter:label2\" content=\"Gesch\u00e4tzte Lesezeit\" \/>\n\t<meta name=\"twitter:data2\" content=\"6\u00a0Minuten\" \/>\n<script type=\"application\/ld+json\" class=\"yoast-schema-graph\">{\"@context\":\"https:\\\/\\\/schema.org\",\"@graph\":[{\"@type\":\"Article\",\"@id\":\"https:\\\/\\\/www.kritische-masse.de\\\/logbuch\\\/2024\\\/10\\\/brueggemanns-backstage-elegien\\\/#article\",\"isPartOf\":{\"@id\":\"https:\\\/\\\/www.kritische-masse.de\\\/logbuch\\\/2024\\\/10\\\/brueggemanns-backstage-elegien\\\/\"},\"author\":{\"name\":\"der huflaikhan\",\"@id\":\"https:\\\/\\\/www.kritische-masse.de\\\/logbuch\\\/#\\\/schema\\\/person\\\/14c491f46504e7f6b79db161f76def1c\"},\"headline\":\"Br\u00fcggemanns Backstage-Elegien\",\"datePublished\":\"2024-10-21T11:16:06+00:00\",\"dateModified\":\"2024-10-22T08:15:08+00:00\",\"mainEntityOfPage\":{\"@id\":\"https:\\\/\\\/www.kritische-masse.de\\\/logbuch\\\/2024\\\/10\\\/brueggemanns-backstage-elegien\\\/\"},\"wordCount\":1216,\"commentCount\":0,\"publisher\":{\"@id\":\"https:\\\/\\\/www.kritische-masse.de\\\/logbuch\\\/#\\\/schema\\\/person\\\/14c491f46504e7f6b79db161f76def1c\"},\"image\":{\"@id\":\"https:\\\/\\\/www.kritische-masse.de\\\/logbuch\\\/2024\\\/10\\\/brueggemanns-backstage-elegien\\\/#primaryimage\"},\"thumbnailUrl\":\"https:\\\/\\\/i0.wp.com\\\/www.kritische-masse.de\\\/logbuch\\\/wp-content\\\/uploads\\\/2024\\\/10\\\/Freiberuflich-Taetige-in-der-Sparte-Musik-nach-Taetigkeitsbereich-und-Durchschnittseinkommen-miz-org.png?fit=1020%2C623&ssl=1\",\"keywords\":[\"Backstage\",\"Axel Br\u00fcggemann\"],\"articleSection\":[\"Angriff auf \u2026\",\"\u00c4sthetische Kunstfehler\",\"die Bildung\",\"die Kultur\",\"die Musik\",\"die Medien\"],\"inLanguage\":\"de\",\"potentialAction\":[{\"@type\":\"CommentAction\",\"name\":\"Comment\",\"target\":[\"https:\\\/\\\/www.kritische-masse.de\\\/logbuch\\\/2024\\\/10\\\/brueggemanns-backstage-elegien\\\/#respond\"]}]},{\"@type\":\"WebPage\",\"@id\":\"https:\\\/\\\/www.kritische-masse.de\\\/logbuch\\\/2024\\\/10\\\/brueggemanns-backstage-elegien\\\/\",\"url\":\"https:\\\/\\\/www.kritische-masse.de\\\/logbuch\\\/2024\\\/10\\\/brueggemanns-backstage-elegien\\\/\",\"name\":\"Br\u00fcggemanns Backstage-Elegien - Kritische Masse\",\"isPartOf\":{\"@id\":\"https:\\\/\\\/www.kritische-masse.de\\\/logbuch\\\/#website\"},\"primaryImageOfPage\":{\"@id\":\"https:\\\/\\\/www.kritische-masse.de\\\/logbuch\\\/2024\\\/10\\\/brueggemanns-backstage-elegien\\\/#primaryimage\"},\"image\":{\"@id\":\"https:\\\/\\\/www.kritische-masse.de\\\/logbuch\\\/2024\\\/10\\\/brueggemanns-backstage-elegien\\\/#primaryimage\"},\"thumbnailUrl\":\"https:\\\/\\\/i0.wp.com\\\/www.kritische-masse.de\\\/logbuch\\\/wp-content\\\/uploads\\\/2024\\\/10\\\/Freiberuflich-Taetige-in-der-Sparte-Musik-nach-Taetigkeitsbereich-und-Durchschnittseinkommen-miz-org.png?fit=1020%2C623&ssl=1\",\"datePublished\":\"2024-10-21T11:16:06+00:00\",\"dateModified\":\"2024-10-22T08:15:08+00:00\",\"breadcrumb\":{\"@id\":\"https:\\\/\\\/www.kritische-masse.de\\\/logbuch\\\/2024\\\/10\\\/brueggemanns-backstage-elegien\\\/#breadcrumb\"},\"inLanguage\":\"de\",\"potentialAction\":[{\"@type\":\"ReadAction\",\"target\":[\"https:\\\/\\\/www.kritische-masse.de\\\/logbuch\\\/2024\\\/10\\\/brueggemanns-backstage-elegien\\\/\"]}]},{\"@type\":\"ImageObject\",\"inLanguage\":\"de\",\"@id\":\"https:\\\/\\\/www.kritische-masse.de\\\/logbuch\\\/2024\\\/10\\\/brueggemanns-backstage-elegien\\\/#primaryimage\",\"url\":\"https:\\\/\\\/i0.wp.com\\\/www.kritische-masse.de\\\/logbuch\\\/wp-content\\\/uploads\\\/2024\\\/10\\\/Freiberuflich-Taetige-in-der-Sparte-Musik-nach-Taetigkeitsbereich-und-Durchschnittseinkommen-miz-org.png?fit=1020%2C623&ssl=1\",\"contentUrl\":\"https:\\\/\\\/i0.wp.com\\\/www.kritische-masse.de\\\/logbuch\\\/wp-content\\\/uploads\\\/2024\\\/10\\\/Freiberuflich-Taetige-in-der-Sparte-Musik-nach-Taetigkeitsbereich-und-Durchschnittseinkommen-miz-org.png?fit=1020%2C623&ssl=1\",\"width\":1020,\"height\":623,\"caption\":\"Freiberuflich Ta\u0308tige in der Sparte Musik nach Ta\u0308tigkeitsbereich und Durchschnittseinkommen miz org\"},{\"@type\":\"BreadcrumbList\",\"@id\":\"https:\\\/\\\/www.kritische-masse.de\\\/logbuch\\\/2024\\\/10\\\/brueggemanns-backstage-elegien\\\/#breadcrumb\",\"itemListElement\":[{\"@type\":\"ListItem\",\"position\":1,\"name\":\"Startseite\",\"item\":\"https:\\\/\\\/www.kritische-masse.de\\\/logbuch\\\/\"},{\"@type\":\"ListItem\",\"position\":2,\"name\":\"Br\u00fcggemanns Backstage-Elegien\"}]},{\"@type\":\"WebSite\",\"@id\":\"https:\\\/\\\/www.kritische-masse.de\\\/logbuch\\\/#website\",\"url\":\"https:\\\/\\\/www.kritische-masse.de\\\/logbuch\\\/\",\"name\":\"kritische masse\",\"description\":\"amt f\u00fcr vermassungsschutz\",\"publisher\":{\"@id\":\"https:\\\/\\\/www.kritische-masse.de\\\/logbuch\\\/#\\\/schema\\\/person\\\/14c491f46504e7f6b79db161f76def1c\"},\"alternateName\":\"das logbuch der kritischen masse\",\"potentialAction\":[{\"@type\":\"SearchAction\",\"target\":{\"@type\":\"EntryPoint\",\"urlTemplate\":\"https:\\\/\\\/www.kritische-masse.de\\\/logbuch\\\/?s={search_term_string}\"},\"query-input\":{\"@type\":\"PropertyValueSpecification\",\"valueRequired\":true,\"valueName\":\"search_term_string\"}}],\"inLanguage\":\"de\"},{\"@type\":[\"Person\",\"Organization\"],\"@id\":\"https:\\\/\\\/www.kritische-masse.de\\\/logbuch\\\/#\\\/schema\\\/person\\\/14c491f46504e7f6b79db161f76def1c\",\"name\":\"der huflaikhan\",\"image\":{\"@type\":\"ImageObject\",\"inLanguage\":\"de\",\"@id\":\"https:\\\/\\\/www.kritische-masse.de\\\/logbuch\\\/wp-content\\\/uploads\\\/2024\\\/01\\\/cropped-kritischmasse_man_512.jpg\",\"url\":\"https:\\\/\\\/www.kritische-masse.de\\\/logbuch\\\/wp-content\\\/uploads\\\/2024\\\/01\\\/cropped-kritischmasse_man_512.jpg\",\"contentUrl\":\"https:\\\/\\\/www.kritische-masse.de\\\/logbuch\\\/wp-content\\\/uploads\\\/2024\\\/01\\\/cropped-kritischmasse_man_512.jpg\",\"width\":512,\"height\":512,\"caption\":\"der huflaikhan\"},\"logo\":{\"@id\":\"https:\\\/\\\/www.kritische-masse.de\\\/logbuch\\\/wp-content\\\/uploads\\\/2024\\\/01\\\/cropped-kritischmasse_man_512.jpg\"},\"description\":\"Betreiber der Kritischen Masse seit 1995. Seit 2023 Wiederaufnahme. Promotion mit einer Arbeit \u00fcber Adornos kompositorische und theoretische Auseinandersetzung mit der Zw\u00f6lftontechnik. Arbeit f\u00fcr den Bayerischen und den Mitteldeutschen Rundfunk als freier Autor und Regisseur \u2013 zumindest bis Ende 2015. Online-Redaktion f\u00fcr neue musikzeitung, Jazzzeitung und Oper &amp; Tanz. Ungl\u00fccklich, aber fast taub.\",\"sameAs\":[\"https:\\\/\\\/www.kritische-masse.de\\\/logbuch\\\/\",\"https:\\\/\\\/www.facebook.com\\\/hufner\"],\"url\":\"https:\\\/\\\/www.kritische-masse.de\\\/logbuch\\\/author\\\/martin_d1juqiu5\\\/\"}]}<\/script>\n<!-- \/ Yoast SEO plugin. -->","yoast_head_json":{"title":"Br\u00fcggemanns Backstage-Elegien - Kritische Masse","robots":{"index":"index","follow":"follow","max-snippet":"max-snippet:-1","max-image-preview":"max-image-preview:large","max-video-preview":"max-video-preview:-1"},"canonical":"https:\/\/www.kritische-masse.de\/logbuch\/2024\/10\/brueggemanns-backstage-elegien\/","og_locale":"de_DE","og_type":"article","og_title":"Br\u00fcggemanns Backstage-Elegien - Kritische Masse","og_description":"\u201eMeckert nicht so elendig\u201c \u00fcberschreibt der Musikjournalist Axel Br\u00fcggemann seinen Text, in dem er seinen neuen Endgegner f\u00fcr die kommenden Jahre vorstellt. Seit langer Zeit hat er dabei schon Gerald Mertens von unisono (ehemals DOV) auf dem Schirm, jetzt tritt Antje Valentin vom Deutschen Musikrat auch noch dazu. Br\u00fcggemanns Vorwurf: \u201eSchlechtgelauntes Mahnen steigert die Akzeptanz [&hellip;]","og_url":"https:\/\/www.kritische-masse.de\/logbuch\/2024\/10\/brueggemanns-backstage-elegien\/","og_site_name":"Kritische Masse","article_publisher":"https:\/\/www.facebook.com\/hufner","article_author":"https:\/\/www.facebook.com\/hufner","article_published_time":"2024-10-21T11:16:06+00:00","article_modified_time":"2024-10-22T08:15:08+00:00","og_image":[{"width":1020,"height":623,"url":"https:\/\/www.kritische-masse.de\/logbuch\/wp-content\/uploads\/2024\/10\/Freiberuflich-Taetige-in-der-Sparte-Musik-nach-Taetigkeitsbereich-und-Durchschnittseinkommen-miz-org.png","type":"image\/png"}],"author":"der huflaikhan","twitter_misc":{"Verfasst von":"der huflaikhan","Gesch\u00e4tzte Lesezeit":"6\u00a0Minuten"},"schema":{"@context":"https:\/\/schema.org","@graph":[{"@type":"Article","@id":"https:\/\/www.kritische-masse.de\/logbuch\/2024\/10\/brueggemanns-backstage-elegien\/#article","isPartOf":{"@id":"https:\/\/www.kritische-masse.de\/logbuch\/2024\/10\/brueggemanns-backstage-elegien\/"},"author":{"name":"der huflaikhan","@id":"https:\/\/www.kritische-masse.de\/logbuch\/#\/schema\/person\/14c491f46504e7f6b79db161f76def1c"},"headline":"Br\u00fcggemanns Backstage-Elegien","datePublished":"2024-10-21T11:16:06+00:00","dateModified":"2024-10-22T08:15:08+00:00","mainEntityOfPage":{"@id":"https:\/\/www.kritische-masse.de\/logbuch\/2024\/10\/brueggemanns-backstage-elegien\/"},"wordCount":1216,"commentCount":0,"publisher":{"@id":"https:\/\/www.kritische-masse.de\/logbuch\/#\/schema\/person\/14c491f46504e7f6b79db161f76def1c"},"image":{"@id":"https:\/\/www.kritische-masse.de\/logbuch\/2024\/10\/brueggemanns-backstage-elegien\/#primaryimage"},"thumbnailUrl":"https:\/\/i0.wp.com\/www.kritische-masse.de\/logbuch\/wp-content\/uploads\/2024\/10\/Freiberuflich-Taetige-in-der-Sparte-Musik-nach-Taetigkeitsbereich-und-Durchschnittseinkommen-miz-org.png?fit=1020%2C623&ssl=1","keywords":["Backstage","Axel Br\u00fcggemann"],"articleSection":["Angriff auf \u2026","\u00c4sthetische Kunstfehler","die Bildung","die Kultur","die Musik","die Medien"],"inLanguage":"de","potentialAction":[{"@type":"CommentAction","name":"Comment","target":["https:\/\/www.kritische-masse.de\/logbuch\/2024\/10\/brueggemanns-backstage-elegien\/#respond"]}]},{"@type":"WebPage","@id":"https:\/\/www.kritische-masse.de\/logbuch\/2024\/10\/brueggemanns-backstage-elegien\/","url":"https:\/\/www.kritische-masse.de\/logbuch\/2024\/10\/brueggemanns-backstage-elegien\/","name":"Br\u00fcggemanns Backstage-Elegien - Kritische Masse","isPartOf":{"@id":"https:\/\/www.kritische-masse.de\/logbuch\/#website"},"primaryImageOfPage":{"@id":"https:\/\/www.kritische-masse.de\/logbuch\/2024\/10\/brueggemanns-backstage-elegien\/#primaryimage"},"image":{"@id":"https:\/\/www.kritische-masse.de\/logbuch\/2024\/10\/brueggemanns-backstage-elegien\/#primaryimage"},"thumbnailUrl":"https:\/\/i0.wp.com\/www.kritische-masse.de\/logbuch\/wp-content\/uploads\/2024\/10\/Freiberuflich-Taetige-in-der-Sparte-Musik-nach-Taetigkeitsbereich-und-Durchschnittseinkommen-miz-org.png?fit=1020%2C623&ssl=1","datePublished":"2024-10-21T11:16:06+00:00","dateModified":"2024-10-22T08:15:08+00:00","breadcrumb":{"@id":"https:\/\/www.kritische-masse.de\/logbuch\/2024\/10\/brueggemanns-backstage-elegien\/#breadcrumb"},"inLanguage":"de","potentialAction":[{"@type":"ReadAction","target":["https:\/\/www.kritische-masse.de\/logbuch\/2024\/10\/brueggemanns-backstage-elegien\/"]}]},{"@type":"ImageObject","inLanguage":"de","@id":"https:\/\/www.kritische-masse.de\/logbuch\/2024\/10\/brueggemanns-backstage-elegien\/#primaryimage","url":"https:\/\/i0.wp.com\/www.kritische-masse.de\/logbuch\/wp-content\/uploads\/2024\/10\/Freiberuflich-Taetige-in-der-Sparte-Musik-nach-Taetigkeitsbereich-und-Durchschnittseinkommen-miz-org.png?fit=1020%2C623&ssl=1","contentUrl":"https:\/\/i0.wp.com\/www.kritische-masse.de\/logbuch\/wp-content\/uploads\/2024\/10\/Freiberuflich-Taetige-in-der-Sparte-Musik-nach-Taetigkeitsbereich-und-Durchschnittseinkommen-miz-org.png?fit=1020%2C623&ssl=1","width":1020,"height":623,"caption":"Freiberuflich Ta\u0308tige in der Sparte Musik nach Ta\u0308tigkeitsbereich und Durchschnittseinkommen miz org"},{"@type":"BreadcrumbList","@id":"https:\/\/www.kritische-masse.de\/logbuch\/2024\/10\/brueggemanns-backstage-elegien\/#breadcrumb","itemListElement":[{"@type":"ListItem","position":1,"name":"Startseite","item":"https:\/\/www.kritische-masse.de\/logbuch\/"},{"@type":"ListItem","position":2,"name":"Br\u00fcggemanns Backstage-Elegien"}]},{"@type":"WebSite","@id":"https:\/\/www.kritische-masse.de\/logbuch\/#website","url":"https:\/\/www.kritische-masse.de\/logbuch\/","name":"kritische masse","description":"amt f\u00fcr vermassungsschutz","publisher":{"@id":"https:\/\/www.kritische-masse.de\/logbuch\/#\/schema\/person\/14c491f46504e7f6b79db161f76def1c"},"alternateName":"das logbuch der kritischen masse","potentialAction":[{"@type":"SearchAction","target":{"@type":"EntryPoint","urlTemplate":"https:\/\/www.kritische-masse.de\/logbuch\/?s={search_term_string}"},"query-input":{"@type":"PropertyValueSpecification","valueRequired":true,"valueName":"search_term_string"}}],"inLanguage":"de"},{"@type":["Person","Organization"],"@id":"https:\/\/www.kritische-masse.de\/logbuch\/#\/schema\/person\/14c491f46504e7f6b79db161f76def1c","name":"der huflaikhan","image":{"@type":"ImageObject","inLanguage":"de","@id":"https:\/\/www.kritische-masse.de\/logbuch\/wp-content\/uploads\/2024\/01\/cropped-kritischmasse_man_512.jpg","url":"https:\/\/www.kritische-masse.de\/logbuch\/wp-content\/uploads\/2024\/01\/cropped-kritischmasse_man_512.jpg","contentUrl":"https:\/\/www.kritische-masse.de\/logbuch\/wp-content\/uploads\/2024\/01\/cropped-kritischmasse_man_512.jpg","width":512,"height":512,"caption":"der huflaikhan"},"logo":{"@id":"https:\/\/www.kritische-masse.de\/logbuch\/wp-content\/uploads\/2024\/01\/cropped-kritischmasse_man_512.jpg"},"description":"Betreiber der Kritischen Masse seit 1995. Seit 2023 Wiederaufnahme. Promotion mit einer Arbeit \u00fcber Adornos kompositorische und theoretische Auseinandersetzung mit der Zw\u00f6lftontechnik. Arbeit f\u00fcr den Bayerischen und den Mitteldeutschen Rundfunk als freier Autor und Regisseur \u2013 zumindest bis Ende 2015. Online-Redaktion f\u00fcr neue musikzeitung, Jazzzeitung und Oper &amp; Tanz. Ungl\u00fccklich, aber fast taub.","sameAs":["https:\/\/www.kritische-masse.de\/logbuch\/","https:\/\/www.facebook.com\/hufner"],"url":"https:\/\/www.kritische-masse.de\/logbuch\/author\/martin_d1juqiu5\/"}]}},"jetpack_publicize_connections":[],"jetpack_featured_media_url":"https:\/\/i0.wp.com\/www.kritische-masse.de\/logbuch\/wp-content\/uploads\/2024\/10\/Freiberuflich-Taetige-in-der-Sparte-Musik-nach-Taetigkeitsbereich-und-Durchschnittseinkommen-miz-org.png?fit=1020%2C623&ssl=1","categories_names":["Angriff auf \u2026","\u00c4sthetische Kunstfehler","die Bildung","die Kultur","die Musik","die Medien"],"post_class":[["post-10329","post","type-post","status-publish","format-standard","has-post-thumbnail","hentry","category-angriffauf","category-aesthetische_kunstfehler","category-die-bildung","category-die-kultur","category-diemusik","category-medien","tag-backstage","tag-axel-brueggemann","entry","has-media"]],"author_avatar":["<img alt='' src='https:\/\/secure.gravatar.com\/avatar\/c23aee426d58e69f14ef471114d4cac215eec702ee1bc331e2a62ea77e96ed60?s=96&#038;d=blank&#038;r=g' srcset='https:\/\/secure.gravatar.com\/avatar\/c23aee426d58e69f14ef471114d4cac215eec702ee1bc331e2a62ea77e96ed60?s=192&#038;d=blank&#038;r=g 2x' class='avatar avatar-96 photo' height='96' width='96' loading='lazy' decoding='async'\/>"],"featured_video":null,"jetpack-related-posts":[{"id":9638,"url":"https:\/\/www.kritische-masse.de\/logbuch\/2024\/04\/dauerbruechiger-klassik-journalismus-philosophen-tofu-jazz-1916\/","url_meta":{"origin":10329,"position":0},"title":"Dauerbr\u00fcchiger Klassik-Journalismus \/ Philosophen-Tofu \/ Jazz 1916 \/","author":"der huflaikhan","date":"26. April 2024","format":false,"excerpt":"Backstageclassical ist mutig +++ Aber wie sind die Aussichten f\u00fcr Klassik-Musikjournalismus +++ Warum scheitern Klassik-Blogs am laufenden Band +++ \u00d6ffentliche Meinung und Meinung von Institutionen +++","rel":"","context":"In &quot;die Kunst&quot;","block_context":{"text":"die Kunst","link":"https:\/\/www.kritische-masse.de\/logbuch\/category\/angriffauf\/die-kunst\/"},"img":{"alt_text":"Im Musiker innenviertel. Aber keine Musikerin. Aber lieber Offenbach als Strauss. Moment... Leider auch um die Ecke. Jedoch lieber Boulanger als Strauss... \u00a9 MH","src":"https:\/\/i0.wp.com\/www.kritische-masse.de\/logbuch\/wp-content\/uploads\/2024\/04\/Im-Musiker-innenviertel.-Aber-keine-Musikerin.-Aber-lieber-Offenbach-als-Strauss.-Moment.-Leider-auch-um-die-Ecke.-Jedoch-lieber-Boulanger-als-Strauss.-%C2%A9-MH.jpg?fit=1200%2C900&ssl=1&resize=350%2C200","width":350,"height":200,"srcset":"https:\/\/i0.wp.com\/www.kritische-masse.de\/logbuch\/wp-content\/uploads\/2024\/04\/Im-Musiker-innenviertel.-Aber-keine-Musikerin.-Aber-lieber-Offenbach-als-Strauss.-Moment.-Leider-auch-um-die-Ecke.-Jedoch-lieber-Boulanger-als-Strauss.-%C2%A9-MH.jpg?fit=1200%2C900&ssl=1&resize=350%2C200 1x, https:\/\/i0.wp.com\/www.kritische-masse.de\/logbuch\/wp-content\/uploads\/2024\/04\/Im-Musiker-innenviertel.-Aber-keine-Musikerin.-Aber-lieber-Offenbach-als-Strauss.-Moment.-Leider-auch-um-die-Ecke.-Jedoch-lieber-Boulanger-als-Strauss.-%C2%A9-MH.jpg?fit=1200%2C900&ssl=1&resize=525%2C300 1.5x, https:\/\/i0.wp.com\/www.kritische-masse.de\/logbuch\/wp-content\/uploads\/2024\/04\/Im-Musiker-innenviertel.-Aber-keine-Musikerin.-Aber-lieber-Offenbach-als-Strauss.-Moment.-Leider-auch-um-die-Ecke.-Jedoch-lieber-Boulanger-als-Strauss.-%C2%A9-MH.jpg?fit=1200%2C900&ssl=1&resize=700%2C400 2x, https:\/\/i0.wp.com\/www.kritische-masse.de\/logbuch\/wp-content\/uploads\/2024\/04\/Im-Musiker-innenviertel.-Aber-keine-Musikerin.-Aber-lieber-Offenbach-als-Strauss.-Moment.-Leider-auch-um-die-Ecke.-Jedoch-lieber-Boulanger-als-Strauss.-%C2%A9-MH.jpg?fit=1200%2C900&ssl=1&resize=1050%2C600 3x"},"classes":[]},{"id":10943,"url":"https:\/\/www.kritische-masse.de\/logbuch\/2025\/07\/unkomische-schertze-in-der-kultur\/","url_meta":{"origin":10329,"position":1},"title":"Unkomische Schertze in der Kultur","author":"der huflaikhan","date":"3. Juli 2025","format":false,"excerpt":"Gestern flatterte mir ein Newsletter des Van Magazins in die Mails. Mit dabei ein Hinweis auf eine Playlist mit Kompositionen von Erik Satie. Wie immer sch\u00f6n gemacht von Arno L\u00fccker. Auch wenn Erik Satie mal keine komponierende Frau war, soweit man wei\u00df. \u00bbWie eine Nachtigall mit Zahnschmerzen\u00ab Die 10 interessantesten\u2026","rel":"","context":"In &quot;Angriff auf \u2026&quot;","block_context":{"text":"Angriff auf \u2026","link":"https:\/\/www.kritische-masse.de\/logbuch\/category\/angriffauf\/"},"img":{"alt_text":"cafe schubert \u00a9 hufner","src":"https:\/\/i0.wp.com\/www.kritische-masse.de\/logbuch\/wp-content\/uploads\/2025\/07\/cafe-schubert-c-hufner.jpg?fit=1200%2C901&ssl=1&resize=350%2C200","width":350,"height":200,"srcset":"https:\/\/i0.wp.com\/www.kritische-masse.de\/logbuch\/wp-content\/uploads\/2025\/07\/cafe-schubert-c-hufner.jpg?fit=1200%2C901&ssl=1&resize=350%2C200 1x, https:\/\/i0.wp.com\/www.kritische-masse.de\/logbuch\/wp-content\/uploads\/2025\/07\/cafe-schubert-c-hufner.jpg?fit=1200%2C901&ssl=1&resize=525%2C300 1.5x, https:\/\/i0.wp.com\/www.kritische-masse.de\/logbuch\/wp-content\/uploads\/2025\/07\/cafe-schubert-c-hufner.jpg?fit=1200%2C901&ssl=1&resize=700%2C400 2x, https:\/\/i0.wp.com\/www.kritische-masse.de\/logbuch\/wp-content\/uploads\/2025\/07\/cafe-schubert-c-hufner.jpg?fit=1200%2C901&ssl=1&resize=1050%2C600 3x"},"classes":[]},{"id":8638,"url":"https:\/\/www.kritische-masse.de\/logbuch\/2016\/03\/achtung-konzert-bitte-bewahren-sie-ruhe\/","url_meta":{"origin":10329,"position":2},"title":"Achtung Konzert \u2013 Bitte bewahren Sie Ruhe","author":"der huflaikhan","date":"2. M\u00e4rz 2016","format":false,"excerpt":"Keith Jarretts K\u00f6ln Concert verliert dadurch nicht seinen legend\u00e4ren Charakter, aber was in der K\u00f6lner Philharmonie sich vor wenigen Tagen ereignet hat, ist daf\u00fcr geeignet, den Ort K\u00f6ln musikalisch zu besch\u00e4digen. Was bekannt ist: Das Konzert des iranischen Musikers Mahan Esfahani wurde so sehr gest\u00f6rt als dieser seine Version von\u2026","rel":"","context":"In &quot;die Politik&quot;","block_context":{"text":"die Politik","link":"https:\/\/www.kritische-masse.de\/logbuch\/category\/angriffauf\/die-politik\/"},"img":{"alt_text":"","src":"https:\/\/i0.wp.com\/img.youtube.com\/vi\/yJyGKP-WjKs\/0.jpg?resize=350%2C200","width":350,"height":200},"classes":[]},{"id":10880,"url":"https:\/\/www.kritische-masse.de\/logbuch\/2025\/05\/das-ist-taktlos-herr-b\/","url_meta":{"origin":10329,"position":3},"title":"\u00abdas ist taktlos\u00bb, Herr B.","author":"der huflaikhan","date":"7. Mai 2025","format":false,"excerpt":"Verfemte Musik - Antonio Salieri - Jugend musiziert in der Kritik - das ist taktlos, Herr Br\u00fcggemann - Alban Bergs Violinkonzert im L\u00fccker-Interpret:innen-Test \u2013 Ein bunter Strau\u00df im Musikleben","rel":"","context":"In &quot;Angriff auf \u2026&quot;","block_context":{"text":"Angriff auf \u2026","link":"https:\/\/www.kritische-masse.de\/logbuch\/category\/angriffauf\/"},"img":{"alt_text":"taktlos169 \u2013 mit der nmz","src":"https:\/\/i0.wp.com\/www.kritische-masse.de\/logbuch\/wp-content\/uploads\/2025\/05\/taktlos169-breit.png?fit=600%2C400&ssl=1&resize=350%2C200","width":350,"height":200,"srcset":"https:\/\/i0.wp.com\/www.kritische-masse.de\/logbuch\/wp-content\/uploads\/2025\/05\/taktlos169-breit.png?fit=600%2C400&ssl=1&resize=350%2C200 1x, https:\/\/i0.wp.com\/www.kritische-masse.de\/logbuch\/wp-content\/uploads\/2025\/05\/taktlos169-breit.png?fit=600%2C400&ssl=1&resize=525%2C300 1.5x"},"classes":[]},{"id":9327,"url":"https:\/\/www.kritische-masse.de\/logbuch\/2024\/03\/das-x-problem-und-die-algorithmen-musikunterunterricht-und-petitionswahnsinn\/","url_meta":{"origin":10329,"position":4},"title":"Das X-Problem und die Algorithmen \/ Musikunterunterricht und Petitionswahnsinn \/ Entfesselungskunst","author":"der huflaikhan","date":"5. M\u00e4rz 2024","format":false,"excerpt":"\u201eDie \u00dcberzeugung, Rationalit\u00e4t sei das Normale, ist falsch.\u201c (Adorno) +++ Algorithmen als zum Besservergessen (x) +++ Musikunteruntericht in Deutschlands Grundschulen (kann das weg?) +++ Nachhaltigkeit als Thema im Musikbereich (vielleicht) +++ Doku zur Geschichte der Jugendzentrumsbewegung (YouTube) +++ Die V\u00f6gel +++ TOM offline?","rel":"","context":"In &quot;die Kommunikation&quot;","block_context":{"text":"die Kommunikation","link":"https:\/\/www.kritische-masse.de\/logbuch\/category\/angriffauf\/die-kommunikation\/"},"img":{"alt_text":"Die V\u00f6gel. Foto: MH","src":"https:\/\/i0.wp.com\/www.kritische-masse.de\/logbuch\/wp-content\/uploads\/2024\/03\/03_03_vogel3.jpg?fit=960%2C960&ssl=1&resize=350%2C200","width":350,"height":200,"srcset":"https:\/\/i0.wp.com\/www.kritische-masse.de\/logbuch\/wp-content\/uploads\/2024\/03\/03_03_vogel3.jpg?fit=960%2C960&ssl=1&resize=350%2C200 1x, https:\/\/i0.wp.com\/www.kritische-masse.de\/logbuch\/wp-content\/uploads\/2024\/03\/03_03_vogel3.jpg?fit=960%2C960&ssl=1&resize=525%2C300 1.5x, https:\/\/i0.wp.com\/www.kritische-masse.de\/logbuch\/wp-content\/uploads\/2024\/03\/03_03_vogel3.jpg?fit=960%2C960&ssl=1&resize=700%2C400 2x"},"classes":[]},{"id":855,"url":"https:\/\/www.kritische-masse.de\/logbuch\/2004\/10\/dummfunk-gebuehren\/","url_meta":{"origin":10329,"position":5},"title":"Dummfunk-Geb\u00fchren","author":"huflaikhan","date":"25. Oktober 2004","format":false,"excerpt":"\u201eGeb\u00fchren werden nicht bezahlt, damit die \u00f6ffentlich-rechtlichen Programme mit \u0084Radio Paradiso\u0093 und \u0084Klassik-Radio\u0093 konkurrieren, sondern damit sie Minderheiten-Programme wagen und eine Freiheit vom Markt bewahren. Wenn sie diese Freiheit nicht nutzen, werden Rundfunkgeb\u00fchren sinnlos. WELT am Sonntag, 24. Oktober 2004\u201c \/ Das GANZE Werk \/ Freiheit vom Radio-Markt - von\u2026","rel":"","context":"Mit 2 Kommentaren","block_context":{"text":"Mit 2 Kommentaren","link":"https:\/\/www.kritische-masse.de\/logbuch\/2004\/10\/dummfunk-gebuehren\/#comments"},"img":{"alt_text":"","src":"","width":0,"height":0},"classes":[]}],"jetpack_sharing_enabled":true,"public_identification_id":"883e9c72f1a24a2cb3e838c352852e34","private_identification_id":"1c487888bf974b51b7628bcc1a5292c3","_links":{"self":[{"href":"https:\/\/www.kritische-masse.de\/logbuch\/wp-json\/wp\/v2\/posts\/10329","targetHints":{"allow":["GET"]}}],"collection":[{"href":"https:\/\/www.kritische-masse.de\/logbuch\/wp-json\/wp\/v2\/posts"}],"about":[{"href":"https:\/\/www.kritische-masse.de\/logbuch\/wp-json\/wp\/v2\/types\/post"}],"author":[{"embeddable":true,"href":"https:\/\/www.kritische-masse.de\/logbuch\/wp-json\/wp\/v2\/users\/1"}],"replies":[{"embeddable":true,"href":"https:\/\/www.kritische-masse.de\/logbuch\/wp-json\/wp\/v2\/comments?post=10329"}],"version-history":[{"count":0,"href":"https:\/\/www.kritische-masse.de\/logbuch\/wp-json\/wp\/v2\/posts\/10329\/revisions"}],"wp:featuredmedia":[{"embeddable":true,"href":"https:\/\/www.kritische-masse.de\/logbuch\/wp-json\/wp\/v2\/media\/10330"}],"wp:attachment":[{"href":"https:\/\/www.kritische-masse.de\/logbuch\/wp-json\/wp\/v2\/media?parent=10329"}],"wp:term":[{"taxonomy":"category","embeddable":true,"href":"https:\/\/www.kritische-masse.de\/logbuch\/wp-json\/wp\/v2\/categories?post=10329"},{"taxonomy":"post_tag","embeddable":true,"href":"https:\/\/www.kritische-masse.de\/logbuch\/wp-json\/wp\/v2\/tags?post=10329"}],"curies":[{"name":"wp","href":"https:\/\/api.w.org\/{rel}","templated":true}]}}