{"id":10505,"date":"2024-12-18T18:16:09","date_gmt":"2024-12-18T17:16:09","guid":{"rendered":"https:\/\/www.kritische-masse.de\/logbuch\/?p=10505"},"modified":"2024-12-18T18:17:56","modified_gmt":"2024-12-18T17:17:56","slug":"kunst-und-ueberleben-abmann-bekommt-abmahn-das-muss-nicht-sein","status":"publish","type":"post","link":"https:\/\/www.kritische-masse.de\/logbuch\/2024\/12\/kunst-und-ueberleben-abmann-bekommt-abmahn-das-muss-nicht-sein\/","title":{"rendered":"Kunst und \u00dcberleben \u2013 Abmann bekommt Abmahn (das muss nicht sein!)"},"content":{"rendered":"<div class=\"shariff shariff-align-left shariff-widget-align-left\"><ul class=\"shariff-buttons theme-white orientation-horizontal buttonsize-small\"><li class=\"shariff-button mastodon shariff-nocustomcolor\" style=\"background-color:#563ACC\"><a href=\"https:\/\/s2f.kytta.dev\/?text=Kunst%20und%20%C3%9Cberleben%20%E2%80%93%20Abmann%20bekommt%20Abmahn%20%28das%20muss%20nicht%20sein%21%29 https%3A%2F%2Fwww.kritische-masse.de%2Flogbuch%2F2024%2F12%2Fkunst-und-ueberleben-abmann-bekommt-abmahn-das-muss-nicht-sein%2F\" title=\"Bei Mastodon teilen\" aria-label=\"Bei Mastodon teilen\" role=\"button\" rel=\"noopener nofollow\" class=\"shariff-link\" style=\"; background-color:#6364FF; color:#6364FF\" target=\"_blank\"><span class=\"shariff-icon\" style=\"fill:#6364FF\"><svg width=\"75\" height=\"79\" viewBox=\"0 0 75 79\" fill=\"none\" xmlns=\"http:\/\/www.w3.org\/2000\/svg\"><path d=\"M37.813-.025C32.462-.058 27.114.13 21.79.598c-8.544.621-17.214 5.58-20.203 13.931C-1.12 23.318.408 32.622.465 41.65c.375 7.316.943 14.78 3.392 21.73 4.365 9.465 14.781 14.537 24.782 15.385 7.64.698 15.761-.213 22.517-4.026a54.1 54.1 0 0 0 .01-6.232c-6.855 1.316-14.101 2.609-21.049 1.074-3.883-.88-6.876-4.237-7.25-8.215-1.53-3.988 3.78-.43 5.584-.883 9.048 1.224 18.282.776 27.303-.462 7.044-.837 14.26-4.788 16.65-11.833 2.263-6.135 1.215-12.79 1.698-19.177.06-3.84.09-7.692-.262-11.52C72.596 7.844 63.223.981 53.834.684a219.453 219.453 0 0 0-16.022-.71zm11.294 12.882c5.5-.067 10.801 4.143 11.67 9.653.338 1.48.471 3 .471 4.515v21.088h-8.357c-.07-7.588.153-15.182-.131-22.765-.587-4.368-7.04-5.747-9.672-2.397-2.422 3.04-1.47 7.155-1.67 10.735v6.392h-8.307c-.146-4.996.359-10.045-.404-15.002-1.108-4.218-7.809-5.565-10.094-1.666-1.685 3.046-.712 6.634-.976 9.936v14.767h-8.354c.109-8.165-.238-16.344.215-24.5.674-5.346 5.095-10.389 10.676-10.627 4.902-.739 10.103 2.038 12.053 6.631.375 1.435 1.76 1.932 1.994.084 1.844-3.704 5.501-6.739 9.785-6.771.367-.044.735-.068 1.101-.073z\"\/><defs><linearGradient id=\"paint0_linear_549_34\" x1=\"37.0692\" y1=\"0\" x2=\"37.0692\" y2=\"79\" gradientUnits=\"userSpaceOnUse\"><stop stop-color=\"#6364FF\"\/><stop offset=\"1\" stop-color=\"#563ACC\"\/><\/linearGradient><\/defs><\/svg><\/span><span class=\"shariff-text\" style=\"color:#6364FF\">teilen<\/span>&nbsp;<\/a><\/li><li class=\"shariff-button bluesky shariff-nocustomcolor\" style=\"background-color:#84c4ff\"><a href=\"https:\/\/bsky.app\/intent\/compose?text=Kunst%20und%20%C3%9Cberleben%20%E2%80%93%20Abmann%20bekommt%20Abmahn%20%28das%20muss%20nicht%20sein%21%29 https%3A%2F%2Fwww.kritische-masse.de%2Flogbuch%2F2024%2F12%2Fkunst-und-ueberleben-abmann-bekommt-abmahn-das-muss-nicht-sein%2F \" title=\"Bei Bluesky teilen\" aria-label=\"Bei Bluesky teilen\" role=\"button\" rel=\"noopener nofollow\" class=\"shariff-link\" style=\"; background-color:#0085ff; color:#0085ff\" target=\"_blank\"><span class=\"shariff-icon\" style=\"fill:#0085ff\"><svg width=\"20\" height=\"20\" version=\"1.1\" xmlns=\"http:\/\/www.w3.org\/2000\/svg\" viewBox=\"0 0 20 20\"><path class=\"st0\" d=\"M4.89,3.12c2.07,1.55,4.3,4.71,5.11,6.4.82-1.69,3.04-4.84,5.11-6.4,1.49-1.12,3.91-1.99,3.91.77,0,.55-.32,4.63-.5,5.3-.64,2.3-2.99,2.89-5.08,2.54,3.65.62,4.58,2.68,2.57,4.74-3.81,3.91-5.48-.98-5.9-2.23-.08-.23-.11-.34-.12-.25,0-.09-.04.02-.12.25-.43,1.25-2.09,6.14-5.9,2.23-2.01-2.06-1.08-4.12,2.57-4.74-2.09.36-4.44-.23-5.08-2.54-.19-.66-.5-4.74-.5-5.3,0-2.76,2.42-1.89,3.91-.77h0Z\"\/><\/svg><\/span><span class=\"shariff-text\" style=\"color:#0085ff\">teilen<\/span>&nbsp;<\/a><\/li><li class=\"shariff-button threema shariff-nocustomcolor shariff-mobile\" style=\"background-color:#4fbc24\"><a href=\"threema:\/\/compose?text=Kunst%20und%20%C3%9Cberleben%20%E2%80%93%20Abmann%20bekommt%20Abmahn%20%28das%20muss%20nicht%20sein%21%29%20https%3A%2F%2Fwww.kritische-masse.de%2Flogbuch%2F2024%2F12%2Fkunst-und-ueberleben-abmann-bekommt-abmahn-das-muss-nicht-sein%2F\" title=\"Bei Threema teilen\" aria-label=\"Bei Threema teilen\" role=\"button\" rel=\"noopener nofollow\" class=\"shariff-link\" style=\"; background-color:#1f1f1f; color:#1f1f1f\" target=\"_blank\"><span class=\"shariff-icon\" style=\"fill:#1f1f1f\"><svg width=\"32px\" height=\"20px\" xmlns=\"http:\/\/www.w3.org\/2000\/svg\" viewBox=\"0 0 32 32\"><path fill=\"#1f1f1f\" d=\"M30.8 10.9c-0.3-1.4-0.9-2.6-1.8-3.8-2-2.6-5.5-4.5-9.4-5.2-1.3-0.2-1.9-0.3-3.5-0.3s-2.2 0-3.5 0.3c-4 0.7-7.4 2.6-9.4 5.2-0.9 1.2-1.5 2.4-1.8 3.8-0.1 0.5-0.2 1.2-0.2 1.6 0 0.4 0.1 1.1 0.2 1.6 0.4 1.9 1.3 3.4 2.9 5 0.8 0.8 0.8 0.8 0.7 1.3 0 0.6-0.5 1.6-1.7 3.6-0.3 0.5-0.5 0.9-0.5 0.9 0 0.1 0.1 0.1 0.5 0 0.8-0.2 2.3-0.6 5.6-1.6 1.1-0.3 1.3-0.4 2.3-0.4 0.8 0 1.1 0 2.3 0.2 1.5 0.2 3.5 0.2 4.9 0 5.1-0.6 9.3-2.9 11.4-6.3 0.5-0.9 0.9-1.8 1.1-2.8 0.1-0.5 0.2-1.1 0.2-1.6 0-0.7-0.1-1.1-0.2-1.6-0.3-1.4 0.1 0.5 0 0zM20.6 17.3c0 0.4-0.4 0.8-0.8 0.8h-7.7c-0.4 0-0.8-0.4-0.8-0.8v-4.6c0-0.4 0.4-0.8 0.8-0.8h0.2l0-1.6c0-0.9 0-1.8 0.1-2 0.1-0.6 0.6-1.2 1.1-1.7s1.1-0.7 1.9-0.8c1.8-0.3 3.7 0.7 4.2 2.2 0.1 0.3 0.1 0.7 0.1 2.1v0 1.7h0.1c0.4 0 0.8 0.4 0.8 0.8v4.6zM15.6 7.3c-0.5 0.1-0.8 0.3-1.2 0.6s-0.6 0.8-0.7 1.3c0 0.2 0 0.8 0 1.5l0 1.2h4.6v-1.3c0-1 0-1.4-0.1-1.6-0.3-1.1-1.5-1.9-2.6-1.7zM25.8 28.2c0 1.2-1 2.2-2.1 2.2s-2.1-1-2.1-2.1c0-1.2 1-2.1 2.2-2.1s2.2 1 2.2 2.2zM18.1 28.2c0 1.2-1 2.2-2.1 2.2s-2.1-1-2.1-2.1c0-1.2 1-2.1 2.2-2.1s2.2 1 2.2 2.2zM10.4 28.2c0 1.2-1 2.2-2.1 2.2s-2.1-1-2.1-2.1c0-1.2 1-2.1 2.2-2.1s2.2 1 2.2 2.2z\"\/><\/svg><\/span><span class=\"shariff-text\" style=\"color:#1f1f1f\">teilen<\/span>&nbsp;<\/a><\/li><li class=\"shariff-button facebook shariff-nocustomcolor\" style=\"background-color:#4273c8\"><a href=\"https:\/\/www.facebook.com\/sharer\/sharer.php?u=https%3A%2F%2Fwww.kritische-masse.de%2Flogbuch%2F2024%2F12%2Fkunst-und-ueberleben-abmann-bekommt-abmahn-das-muss-nicht-sein%2F\" title=\"Bei Facebook teilen\" aria-label=\"Bei Facebook teilen\" role=\"button\" rel=\"nofollow\" class=\"shariff-link\" style=\"; background-color:#3b5998; color:#3b5998\" target=\"_blank\"><span class=\"shariff-icon\" style=\"fill:#3b5998\"><svg width=\"32px\" height=\"20px\" xmlns=\"http:\/\/www.w3.org\/2000\/svg\" viewBox=\"0 0 18 32\"><path fill=\"#3b5998\" d=\"M17.1 0.2v4.7h-2.8q-1.5 0-2.1 0.6t-0.5 1.9v3.4h5.2l-0.7 5.3h-4.5v13.6h-5.5v-13.6h-4.5v-5.3h4.5v-3.9q0-3.3 1.9-5.2t5-1.8q2.6 0 4.1 0.2z\"\/><\/svg><\/span><span class=\"shariff-text\" style=\"color:#3b5998\">teilen<\/span>&nbsp;<\/a><\/li><li class=\"shariff-button info shariff-nocustomcolor\" style=\"background-color:#a8a8a8\"><a href=\"http:\/\/ct.de\/-2467514\" title=\"Weitere Informationen\" aria-label=\"Weitere Informationen\" role=\"button\" rel=\"noopener \" class=\"shariff-link\" style=\"; background-color:#999; color:#999\" target=\"_blank\"><span class=\"shariff-icon\" style=\"fill:#999\"><svg width=\"32px\" height=\"20px\" xmlns=\"http:\/\/www.w3.org\/2000\/svg\" viewBox=\"0 0 11 32\"><path fill=\"#999\" d=\"M11.4 24v2.3q0 0.5-0.3 0.8t-0.8 0.4h-9.1q-0.5 0-0.8-0.4t-0.4-0.8v-2.3q0-0.5 0.4-0.8t0.8-0.4h1.1v-6.8h-1.1q-0.5 0-0.8-0.4t-0.4-0.8v-2.3q0-0.5 0.4-0.8t0.8-0.4h6.8q0.5 0 0.8 0.4t0.4 0.8v10.3h1.1q0.5 0 0.8 0.4t0.3 0.8zM9.2 3.4v3.4q0 0.5-0.4 0.8t-0.8 0.4h-4.6q-0.4 0-0.8-0.4t-0.4-0.8v-3.4q0-0.4 0.4-0.8t0.8-0.4h4.6q0.5 0 0.8 0.4t0.4 0.8z\"\/><\/svg><\/span><\/a><\/li><\/ul><\/div><p>Zum Jahresende hin verdichtet sich das Leben gleich noch mal, in dem es sich aufl\u00f6st. Die Krisen nehmen zu. Manchmal, eher selten, schimmert das Rettende. Die Kunst- und Kulturlandschaft in Deutschland ger\u00e4t durch politische Unf\u00e4higkeiten an den Rand der M\u00f6glichkeit, jenseits des Prekariats zu existieren.<\/p>\n<div id=\"ez-toc-container\" class=\"ez-toc-v2_0_82_2 ez-toc-wrap-center counter-hierarchy ez-toc-counter ez-toc-light-blue ez-toc-container-direction\">\n<div class=\"ez-toc-title-container\">\n<p class=\"ez-toc-title\" style=\"cursor:inherit\">Inhalt<\/p>\n<span class=\"ez-toc-title-toggle\"><a href=\"#\" class=\"ez-toc-pull-right ez-toc-btn ez-toc-btn-xs ez-toc-btn-default ez-toc-toggle\" aria-label=\"Toggle Table of Content\"><span class=\"ez-toc-js-icon-con\"><span class=\"\"><span class=\"eztoc-hide\" style=\"display:none;\">Toggle<\/span><span class=\"ez-toc-icon-toggle-span\"><svg style=\"fill: #999;color:#999\" xmlns=\"http:\/\/www.w3.org\/2000\/svg\" class=\"list-377408\" width=\"20px\" height=\"20px\" viewBox=\"0 0 24 24\" fill=\"none\"><path d=\"M6 6H4v2h2V6zm14 0H8v2h12V6zM4 11h2v2H4v-2zm16 0H8v2h12v-2zM4 16h2v2H4v-2zm16 0H8v2h12v-2z\" fill=\"currentColor\"><\/path><\/svg><svg style=\"fill: #999;color:#999\" class=\"arrow-unsorted-368013\" xmlns=\"http:\/\/www.w3.org\/2000\/svg\" width=\"10px\" height=\"10px\" viewBox=\"0 0 24 24\" version=\"1.2\" baseProfile=\"tiny\"><path d=\"M18.2 9.3l-6.2-6.3-6.2 6.3c-.2.2-.3.4-.3.7s.1.5.3.7c.2.2.4.3.7.3h11c.3 0 .5-.1.7-.3.2-.2.3-.5.3-.7s-.1-.5-.3-.7zM5.8 14.7l6.2 6.3 6.2-6.3c.2-.2.3-.5.3-.7s-.1-.5-.3-.7c-.2-.2-.4-.3-.7-.3h-11c-.3 0-.5.1-.7.3-.2.2-.3.5-.3.7s.1.5.3.7z\"\/><\/svg><\/span><\/span><\/span><\/a><\/span><\/div>\n<nav><ul class='ez-toc-list ez-toc-list-level-1 ' ><li class='ez-toc-page-1 ez-toc-heading-level-3'><a class=\"ez-toc-link ez-toc-heading-1\" href=\"https:\/\/www.kritische-masse.de\/logbuch\/2024\/12\/kunst-und-ueberleben-abmann-bekommt-abmahn-das-muss-nicht-sein\/#Pipifax-Posten_zum_Kahlschlag\" >Pipifax-Posten zum Kahlschlag<\/a><\/li><li class='ez-toc-page-1 ez-toc-heading-level-3'><a class=\"ez-toc-link ez-toc-heading-2\" href=\"https:\/\/www.kritische-masse.de\/logbuch\/2024\/12\/kunst-und-ueberleben-abmann-bekommt-abmahn-das-muss-nicht-sein\/#MusikTexteOnline_jetzt_online_line\" >MusikTexteOnline jetzt online line<\/a><\/li><li class='ez-toc-page-1 ez-toc-heading-level-3'><a class=\"ez-toc-link ez-toc-heading-3\" href=\"https:\/\/www.kritische-masse.de\/logbuch\/2024\/12\/kunst-und-ueberleben-abmann-bekommt-abmahn-das-muss-nicht-sein\/#Abmahnungen_gegen_BackstageClassical\" >Abmahnungen gegen BackstageClassical<\/a><ul class='ez-toc-list-level-4' ><li class='ez-toc-heading-level-4'><a class=\"ez-toc-link ez-toc-heading-4\" href=\"https:\/\/www.kritische-masse.de\/logbuch\/2024\/12\/kunst-und-ueberleben-abmann-bekommt-abmahn-das-muss-nicht-sein\/#Was_tun\" >Was tun?<\/a><\/li><\/ul><\/li><li class='ez-toc-page-1 ez-toc-heading-level-3'><a class=\"ez-toc-link ez-toc-heading-5\" href=\"https:\/\/www.kritische-masse.de\/logbuch\/2024\/12\/kunst-und-ueberleben-abmann-bekommt-abmahn-das-muss-nicht-sein\/#Sonst_noch\" >Sonst noch:<\/a><\/li><\/ul><\/nav><\/div>\n<h3><span class=\"ez-toc-section\" id=\"Pipifax-Posten_zum_Kahlschlag\"><\/span>Pipifax-Posten zum Kahlschlag<span class=\"ez-toc-section-end\"><\/span><\/h3>\n<p>Es sind bitterere Zeiten als zu Beginn der Corona-Pandemie. Denn da kam die Bedrohung aus der Natur, die von Menschen manipuliert wird, jetzt erreicht man \u00e4hnliche Effekte in Sachen Sozialit\u00e4t und Gesellschaft, ganz allein, durch Erfahrungsmangel und unm\u00f6glichen Narzissmus. Oder wie <a href=\"https:\/\/www.facebook.com\/benjamin.schaefer.5\/posts\/pfbid02A3FUD7xhqb9jeaBq3kYe9SduH3YhUXwgPu481KJ7hTMjiHxpvXeykxcwgVtq3wwml\">Benjamin Schaefer auf Facebook<\/a> notierte:<\/p>\n<blockquote><p>Wie sagte Wolfgang Schmidtke gestern so sch\u00f6n in seiner Publikumsansprache: &#8220;Wir brauchen Jazz, weil er die einzige Kunstform ist, bei der die sch\u00f6nsten Momente dann entstehen, wenn unterschiedlichste Individuen freiwillig gemeinsame Sache machen.&#8221; Hier wird eine gesellschaftliche Utopie vorgelebt und erfahrbar gemacht. Diese Entwicklungschance f\u00fcr unsere Gesellschaft wird zunichte gemacht, wenn dem Jazz &#8211; wie gerade wieder &#8211; massiv finanzielle Mittel gestrichen werden. Was im politischen Haushalt Pipifax-Posten sind, ist f\u00fcr die Szene in weiten Teilen ein Kahlschlag. Im Sinne von Aufgabe, Insolvenz, existenzieller Bedrohung. Noch nie ist mir soviel Ersch\u00f6pfung, Depression, Verzweiflung bei meinen Kolleg:innen begegnet. Klar m\u00fcssen wir uns wehren &#8211; aber von welcher Energie und in welcher Zeit, wenn beides schon ins \u00dcberleben gesteckt werden muss?<\/p>\n<p>Aber Schwamm dr\u00fcber, immerhin ist das Dienstwagenprivileg gesichert (j\u00e4hrlich 13,7 Mrd. allein f\u00fcr Verbrenner-Firmenwagen)&#8230;<\/p>\n<p>[<a href=\"https:\/\/www.facebook.com\/benjamin.schaefer.5\/posts\/pfbid02A3FUD7xhqb9jeaBq3kYe9SduH3YhUXwgPu481KJ7hTMjiHxpvXeykxcwgVtq3wwml\">Quelle<\/a>]<\/p><\/blockquote>\n<h3><span class=\"ez-toc-section\" id=\"MusikTexteOnline_jetzt_online_line\"><\/span>MusikTexteOnline jetzt online line<span class=\"ez-toc-section-end\"><\/span><\/h3>\n<p>Die neuen MusikTexte melden in ihrem neuesten Newsletter, sie sind jetzt auch abseits des PDF-Deliriums lesbar.\u00a0 <a href=\"https:\/\/www.musiktexte.online\/\">MusikTexte.Online<\/a>! Das freut das Herz, weil damit ein wichtiger \u201ePlayer\u201c im Feld des Musikjournalismus zur\u00fcck ist. Wenn man sich jetzt noch dazu durchringen wollte, die Teasertexte nicht als Grafiken, sondern als Texte verf\u00fcgbar zu machen, k\u00f6nnte man fast schon gl\u00fccklich werden.<\/p>\n<ul>\n<li>In der <a href=\"https:\/\/www.musiktexte.online\/ausgaben\/12-2024\">aktuellen Ausgabe<\/a> zum Dezember 2024 gibt es auch einen Artikel von Rainer Nonnenmann zu Nicolaus A. Huber: <a href=\"https:\/\/www.musiktexte.online\/ausgaben\/12-2024\/das-morgenland-des-vierteltons\">Das Morgenland des Vierteltons<\/a>.<\/li>\n<\/ul>\n<h3><span class=\"ez-toc-section\" id=\"Abmahnungen_gegen_BackstageClassical\"><\/span>Abmahnungen gegen BackstageClassical<span class=\"ez-toc-section-end\"><\/span><\/h3>\n<p>Es scheint zur Mode zu werden, dass gegen ehrenwerten Musikjournalismus mit dem Anwalt und dem Gericht gedroht wird, wenn man meint, es w\u00fcrden ungerechtfertigte Aussagen \u00fcber einen verbreitet. So scheint es jedenfalls Axel Br\u00fcggemann zu ergehen. <a href=\"https:\/\/backstageclassical.com\/kritischer-kulturjournalismus-jetzt-besonders-wichtig\/\">Der hat Abmahnungen des Salzburger Festspielfonds und von dessen Intendanten Markus Hinterh\u00e4user erhalten<\/a>.<\/p>\n<p>Den Wortlaut kenne ich nicht, auch nicht das, was abgemahnt worden ist. Grunds\u00e4tzlich ist das Verfahren gewiss erlaubt, aber es scheint mir nicht fair, was die Verteilung der finanziellen Macht angeht. Zumal es auch deutlich niederschwelligere Wege g\u00e4be, um Probleme aus der Welt zu schaffen, wie Anruf, Brief, Mail, Fax. Und das Presserecht kennt M\u00f6glichkeiten wie die Gegendarstellung. Warum also Gerichte und Anw\u00e4lte einschalten? Daf\u00fcr kann es nur einen Grund geben. Auf dem Wege des gepflegten kritischen Umgangs miteinander hat es nicht geklappt. Oder man will tats\u00e4chlich jemandem den Stecker ziehen und ihn in existenzbedrohliche Situation bringen.<\/p>\n<p>Der Salzburger Festspielfonds erh\u00e4lt f\u00fcr seine T\u00e4tigkeiten dabei finanzielle Unterst\u00fctzungen auch von staatlicher Seite sowie anderen F\u00f6rderern: der REPUBLIK \u00d6STERREICH, dem LAND SALZBURG, der STADT SALZBURG, dem SALZBURGER TOURISMUSF\u00d6RDERUNGSFONDS, den FREUNDEN DER SALZBURGER FESTSPIELE, den F\u00d6RDERERN und SPONSOREN der SALZBURGER FESTSPIELE.<\/p>\n<p>Grunds\u00e4tzlich w\u00fcrde ich es begr\u00fc\u00dfen, wenn Organisationen, die auch aus Mitteln staatlicher Organisationen unterst\u00fctzt werden, verpflichtet w\u00fcrden, solcherlei Streitfragen so niederschwellig wie m\u00f6glich beizulegen.<\/p>\n<h4><span class=\"ez-toc-section\" id=\"Was_tun\"><\/span>Was tun?<span class=\"ez-toc-section-end\"><\/span><\/h4>\n<p>Andererseits sollten sich vielleicht Organe des Musikjournalismus \u00fcberlegen, mit vereinten Kr\u00e4ften gegen das Abmahnungswesen vorzugehen und daf\u00fcr gemeinsam R\u00fccklagen zu bilden, damit man entsprechend geschulte Anw\u00e4lte bestellen kann, die gegen diese Abmahnungen vorgehen k\u00f6nnen, notfalls auch vor Gericht. Wenn man also monatlich eine Art Kriegskasse bef\u00fcllt, die dann bem\u00fcht werden k\u00f6nnte, wenn es zu unangemessenen Abmahnungen kommt.<\/p>\n<p>Aktuell bitter BackstageClassical um Spenden \u2013 aber eher allgemein. Zur Sache kann ich nichts beitragen, weil ich die genauen Hintergr\u00fcnde nicht kenne. Ich w\u00fcnsche mir aber sehr, dass aus Salzburg ein Zeichen kommt, dass man die Angelegenheit anders regeln wird.<\/p>\n<hr \/>\n<h3><span class=\"ez-toc-section\" id=\"Sonst_noch\"><\/span>Sonst noch:<span class=\"ez-toc-section-end\"><\/span><\/h3>\n<ul>\n<li><a href=\"https:\/\/van-magazin.de\/mag\/klassik-rechtschreibfehler-abc\/\" rel=\"bookmark\">Das gro\u00dfe ABC der Klassik-Rechtschreibfehler.<\/a> Von <strong>A capella bis Zarathrusta<\/strong> \u2013 Personen, Werke und Fachw\u00f6rter, die besonders oft falsch geschrieben werden \u2013 Arno L\u00fccker im Van Musikmagazin<\/li>\n<li><a href=\"https:\/\/www.reinhardschulz-kritikerpreis.de\/ausschreibung\/\">Ausschreibung<\/a> f\u00fcr den <strong>Reinhard-Schulz-Preis f\u00fcr zeitgen\u00f6ssische Musikpublizistik<\/strong> (Thema: Interview). Einsendeschluss ist der 31. M\u00e4rz 2025.<\/li>\n<li><strong>BR-Studiobau<\/strong> in M\u00fcnchen k\u00f6nnte noch unter Denkmalschutz gestellt werden. (<a href=\"https:\/\/www.br.de\/nachrichten\/bayern\/br-studiobau-soll-unter-denkmalschutz-gestellt-werden,UWkRXRU\">BR<\/a>)<\/li>\n<li>Die aktuelle H\u00f6rBar der nmz bringt Weihnachtliches jenseits des Weihnachtsoratoriums von Johann Sebastian Bach zur H\u00f6rkontrolle. <a href=\"https:\/\/hoerbar.nmz.de\/series\/hoerbar-141-weihnachten\/\">Liszt, Sch\u00fctz und anderes<\/a> \u2026<\/li>\n<li><strong>Podcastliches<\/strong>: <a href=\"https:\/\/www.nmz.de\/menschen\/interviews\/laut-leise-podcast-der-nmz-folge-12-demenz-melodien-gegen-das-vergessen\" rel=\"bookmark\">Laut &amp; leise \u2013 Podcast der nmz \u2013 Folge 12: Demenz: Melodien gegen das Vergessen<\/a> \u2013 Und dazu das zum Thema mit einem Beitrag von Eckart Altenm\u00fcller: <a class=\"ticker-item__title\" href=\"https:\/\/www.nmz.de\/politik-betrieb\/musikleben\/musikalisch-gegen-das-vergessen\" rel=\"bookmark\">Musikalisch gegen das Vergessen \u2014 Neues zum Einsatz von Musik bei Demenzerkrankungen<\/a>.<\/li>\n<\/ul>\n<div class=\"shariff shariff-align-left shariff-widget-align-left\"><ul class=\"shariff-buttons theme-white orientation-horizontal buttonsize-small\"><li class=\"shariff-button mastodon shariff-nocustomcolor\" style=\"background-color:#563ACC\"><a href=\"https:\/\/s2f.kytta.dev\/?text=Kunst%20und%20%C3%9Cberleben%20%E2%80%93%20Abmann%20bekommt%20Abmahn%20%28das%20muss%20nicht%20sein%21%29 https%3A%2F%2Fwww.kritische-masse.de%2Flogbuch%2F2024%2F12%2Fkunst-und-ueberleben-abmann-bekommt-abmahn-das-muss-nicht-sein%2F\" title=\"Bei Mastodon teilen\" aria-label=\"Bei Mastodon teilen\" role=\"button\" rel=\"noopener nofollow\" class=\"shariff-link\" style=\"; background-color:#6364FF; color:#6364FF\" target=\"_blank\"><span class=\"shariff-icon\" style=\"fill:#6364FF\"><svg width=\"75\" height=\"79\" viewBox=\"0 0 75 79\" fill=\"none\" xmlns=\"http:\/\/www.w3.org\/2000\/svg\"><path d=\"M37.813-.025C32.462-.058 27.114.13 21.79.598c-8.544.621-17.214 5.58-20.203 13.931C-1.12 23.318.408 32.622.465 41.65c.375 7.316.943 14.78 3.392 21.73 4.365 9.465 14.781 14.537 24.782 15.385 7.64.698 15.761-.213 22.517-4.026a54.1 54.1 0 0 0 .01-6.232c-6.855 1.316-14.101 2.609-21.049 1.074-3.883-.88-6.876-4.237-7.25-8.215-1.53-3.988 3.78-.43 5.584-.883 9.048 1.224 18.282.776 27.303-.462 7.044-.837 14.26-4.788 16.65-11.833 2.263-6.135 1.215-12.79 1.698-19.177.06-3.84.09-7.692-.262-11.52C72.596 7.844 63.223.981 53.834.684a219.453 219.453 0 0 0-16.022-.71zm11.294 12.882c5.5-.067 10.801 4.143 11.67 9.653.338 1.48.471 3 .471 4.515v21.088h-8.357c-.07-7.588.153-15.182-.131-22.765-.587-4.368-7.04-5.747-9.672-2.397-2.422 3.04-1.47 7.155-1.67 10.735v6.392h-8.307c-.146-4.996.359-10.045-.404-15.002-1.108-4.218-7.809-5.565-10.094-1.666-1.685 3.046-.712 6.634-.976 9.936v14.767h-8.354c.109-8.165-.238-16.344.215-24.5.674-5.346 5.095-10.389 10.676-10.627 4.902-.739 10.103 2.038 12.053 6.631.375 1.435 1.76 1.932 1.994.084 1.844-3.704 5.501-6.739 9.785-6.771.367-.044.735-.068 1.101-.073z\"\/><defs><linearGradient id=\"paint0_linear_549_34\" x1=\"37.0692\" y1=\"0\" x2=\"37.0692\" y2=\"79\" gradientUnits=\"userSpaceOnUse\"><stop stop-color=\"#6364FF\"\/><stop offset=\"1\" stop-color=\"#563ACC\"\/><\/linearGradient><\/defs><\/svg><\/span><span class=\"shariff-text\" style=\"color:#6364FF\">teilen<\/span>&nbsp;<\/a><\/li><li class=\"shariff-button bluesky shariff-nocustomcolor\" style=\"background-color:#84c4ff\"><a href=\"https:\/\/bsky.app\/intent\/compose?text=Kunst%20und%20%C3%9Cberleben%20%E2%80%93%20Abmann%20bekommt%20Abmahn%20%28das%20muss%20nicht%20sein%21%29 https%3A%2F%2Fwww.kritische-masse.de%2Flogbuch%2F2024%2F12%2Fkunst-und-ueberleben-abmann-bekommt-abmahn-das-muss-nicht-sein%2F \" title=\"Bei Bluesky teilen\" aria-label=\"Bei Bluesky teilen\" role=\"button\" rel=\"noopener nofollow\" class=\"shariff-link\" style=\"; background-color:#0085ff; color:#0085ff\" target=\"_blank\"><span class=\"shariff-icon\" style=\"fill:#0085ff\"><svg width=\"20\" height=\"20\" version=\"1.1\" xmlns=\"http:\/\/www.w3.org\/2000\/svg\" viewBox=\"0 0 20 20\"><path class=\"st0\" d=\"M4.89,3.12c2.07,1.55,4.3,4.71,5.11,6.4.82-1.69,3.04-4.84,5.11-6.4,1.49-1.12,3.91-1.99,3.91.77,0,.55-.32,4.63-.5,5.3-.64,2.3-2.99,2.89-5.08,2.54,3.65.62,4.58,2.68,2.57,4.74-3.81,3.91-5.48-.98-5.9-2.23-.08-.23-.11-.34-.12-.25,0-.09-.04.02-.12.25-.43,1.25-2.09,6.14-5.9,2.23-2.01-2.06-1.08-4.12,2.57-4.74-2.09.36-4.44-.23-5.08-2.54-.19-.66-.5-4.74-.5-5.3,0-2.76,2.42-1.89,3.91-.77h0Z\"\/><\/svg><\/span><span class=\"shariff-text\" style=\"color:#0085ff\">teilen<\/span>&nbsp;<\/a><\/li><li class=\"shariff-button threema shariff-nocustomcolor shariff-mobile\" style=\"background-color:#4fbc24\"><a href=\"threema:\/\/compose?text=Kunst%20und%20%C3%9Cberleben%20%E2%80%93%20Abmann%20bekommt%20Abmahn%20%28das%20muss%20nicht%20sein%21%29%20https%3A%2F%2Fwww.kritische-masse.de%2Flogbuch%2F2024%2F12%2Fkunst-und-ueberleben-abmann-bekommt-abmahn-das-muss-nicht-sein%2F\" title=\"Bei Threema teilen\" aria-label=\"Bei Threema teilen\" role=\"button\" rel=\"noopener nofollow\" class=\"shariff-link\" style=\"; background-color:#1f1f1f; color:#1f1f1f\" target=\"_blank\"><span class=\"shariff-icon\" style=\"fill:#1f1f1f\"><svg width=\"32px\" height=\"20px\" xmlns=\"http:\/\/www.w3.org\/2000\/svg\" viewBox=\"0 0 32 32\"><path fill=\"#1f1f1f\" d=\"M30.8 10.9c-0.3-1.4-0.9-2.6-1.8-3.8-2-2.6-5.5-4.5-9.4-5.2-1.3-0.2-1.9-0.3-3.5-0.3s-2.2 0-3.5 0.3c-4 0.7-7.4 2.6-9.4 5.2-0.9 1.2-1.5 2.4-1.8 3.8-0.1 0.5-0.2 1.2-0.2 1.6 0 0.4 0.1 1.1 0.2 1.6 0.4 1.9 1.3 3.4 2.9 5 0.8 0.8 0.8 0.8 0.7 1.3 0 0.6-0.5 1.6-1.7 3.6-0.3 0.5-0.5 0.9-0.5 0.9 0 0.1 0.1 0.1 0.5 0 0.8-0.2 2.3-0.6 5.6-1.6 1.1-0.3 1.3-0.4 2.3-0.4 0.8 0 1.1 0 2.3 0.2 1.5 0.2 3.5 0.2 4.9 0 5.1-0.6 9.3-2.9 11.4-6.3 0.5-0.9 0.9-1.8 1.1-2.8 0.1-0.5 0.2-1.1 0.2-1.6 0-0.7-0.1-1.1-0.2-1.6-0.3-1.4 0.1 0.5 0 0zM20.6 17.3c0 0.4-0.4 0.8-0.8 0.8h-7.7c-0.4 0-0.8-0.4-0.8-0.8v-4.6c0-0.4 0.4-0.8 0.8-0.8h0.2l0-1.6c0-0.9 0-1.8 0.1-2 0.1-0.6 0.6-1.2 1.1-1.7s1.1-0.7 1.9-0.8c1.8-0.3 3.7 0.7 4.2 2.2 0.1 0.3 0.1 0.7 0.1 2.1v0 1.7h0.1c0.4 0 0.8 0.4 0.8 0.8v4.6zM15.6 7.3c-0.5 0.1-0.8 0.3-1.2 0.6s-0.6 0.8-0.7 1.3c0 0.2 0 0.8 0 1.5l0 1.2h4.6v-1.3c0-1 0-1.4-0.1-1.6-0.3-1.1-1.5-1.9-2.6-1.7zM25.8 28.2c0 1.2-1 2.2-2.1 2.2s-2.1-1-2.1-2.1c0-1.2 1-2.1 2.2-2.1s2.2 1 2.2 2.2zM18.1 28.2c0 1.2-1 2.2-2.1 2.2s-2.1-1-2.1-2.1c0-1.2 1-2.1 2.2-2.1s2.2 1 2.2 2.2zM10.4 28.2c0 1.2-1 2.2-2.1 2.2s-2.1-1-2.1-2.1c0-1.2 1-2.1 2.2-2.1s2.2 1 2.2 2.2z\"\/><\/svg><\/span><span class=\"shariff-text\" style=\"color:#1f1f1f\">teilen<\/span>&nbsp;<\/a><\/li><li class=\"shariff-button facebook shariff-nocustomcolor\" style=\"background-color:#4273c8\"><a href=\"https:\/\/www.facebook.com\/sharer\/sharer.php?u=https%3A%2F%2Fwww.kritische-masse.de%2Flogbuch%2F2024%2F12%2Fkunst-und-ueberleben-abmann-bekommt-abmahn-das-muss-nicht-sein%2F\" title=\"Bei Facebook teilen\" aria-label=\"Bei Facebook teilen\" role=\"button\" rel=\"nofollow\" class=\"shariff-link\" style=\"; background-color:#3b5998; color:#3b5998\" target=\"_blank\"><span class=\"shariff-icon\" style=\"fill:#3b5998\"><svg width=\"32px\" height=\"20px\" xmlns=\"http:\/\/www.w3.org\/2000\/svg\" viewBox=\"0 0 18 32\"><path fill=\"#3b5998\" d=\"M17.1 0.2v4.7h-2.8q-1.5 0-2.1 0.6t-0.5 1.9v3.4h5.2l-0.7 5.3h-4.5v13.6h-5.5v-13.6h-4.5v-5.3h4.5v-3.9q0-3.3 1.9-5.2t5-1.8q2.6 0 4.1 0.2z\"\/><\/svg><\/span><span class=\"shariff-text\" style=\"color:#3b5998\">teilen<\/span>&nbsp;<\/a><\/li><li class=\"shariff-button info shariff-nocustomcolor\" style=\"background-color:#a8a8a8\"><a href=\"http:\/\/ct.de\/-2467514\" title=\"Weitere Informationen\" aria-label=\"Weitere Informationen\" role=\"button\" rel=\"noopener \" class=\"shariff-link\" style=\"; background-color:#999; color:#999\" target=\"_blank\"><span class=\"shariff-icon\" style=\"fill:#999\"><svg width=\"32px\" height=\"20px\" xmlns=\"http:\/\/www.w3.org\/2000\/svg\" viewBox=\"0 0 11 32\"><path fill=\"#999\" d=\"M11.4 24v2.3q0 0.5-0.3 0.8t-0.8 0.4h-9.1q-0.5 0-0.8-0.4t-0.4-0.8v-2.3q0-0.5 0.4-0.8t0.8-0.4h1.1v-6.8h-1.1q-0.5 0-0.8-0.4t-0.4-0.8v-2.3q0-0.5 0.4-0.8t0.8-0.4h6.8q0.5 0 0.8 0.4t0.4 0.8v10.3h1.1q0.5 0 0.8 0.4t0.3 0.8zM9.2 3.4v3.4q0 0.5-0.4 0.8t-0.8 0.4h-4.6q-0.4 0-0.8-0.4t-0.4-0.8v-3.4q0-0.4 0.4-0.8t0.8-0.4h4.6q0.5 0 0.8 0.4t0.4 0.8z\"\/><\/svg><\/span><\/a><\/li><\/ul><\/div>","protected":false},"excerpt":{"rendered":"<p>Kunst im finanziellen Aufl\u00f6sungszwang und das Scheitern von Kulturpolitik im Land Berlin (aber nicht nur dort) +++ BackstageClassical wird abgemahnt \u2013 dahinter steht aber nicht die Frage nach Korrektheit von Recherchen, sondern es scheint mir deutlich eine Machtdemonstration zu sein mit Mitteln finanziert, die den Steuerzahlenden geh\u00f6ren. Das muss aufh\u00f6ren! +++ Ein paar News dazu. <\/p>\n<div class=\"shariff shariff-align-left shariff-widget-align-left\"><ul class=\"shariff-buttons theme-white orientation-horizontal buttonsize-small\"><li class=\"shariff-button mastodon shariff-nocustomcolor\" style=\"background-color:#563ACC\"><a href=\"https:\/\/s2f.kytta.dev\/?text=Kunst%20und%20%C3%9Cberleben%20%E2%80%93%20Abmann%20bekommt%20Abmahn%20%28das%20muss%20nicht%20sein%21%29 https%3A%2F%2Fwww.kritische-masse.de%2Flogbuch%2F2024%2F12%2Fkunst-und-ueberleben-abmann-bekommt-abmahn-das-muss-nicht-sein%2F\" title=\"Bei Mastodon teilen\" aria-label=\"Bei Mastodon teilen\" role=\"button\" rel=\"noopener nofollow\" class=\"shariff-link\" style=\"; background-color:#6364FF; color:#6364FF\" target=\"_blank\"><span class=\"shariff-icon\" style=\"fill:#6364FF\"><svg width=\"75\" height=\"79\" viewBox=\"0 0 75 79\" fill=\"none\" xmlns=\"http:\/\/www.w3.org\/2000\/svg\"><path d=\"M37.813-.025C32.462-.058 27.114.13 21.79.598c-8.544.621-17.214 5.58-20.203 13.931C-1.12 23.318.408 32.622.465 41.65c.375 7.316.943 14.78 3.392 21.73 4.365 9.465 14.781 14.537 24.782 15.385 7.64.698 15.761-.213 22.517-4.026a54.1 54.1 0 0 0 .01-6.232c-6.855 1.316-14.101 2.609-21.049 1.074-3.883-.88-6.876-4.237-7.25-8.215-1.53-3.988 3.78-.43 5.584-.883 9.048 1.224 18.282.776 27.303-.462 7.044-.837 14.26-4.788 16.65-11.833 2.263-6.135 1.215-12.79 1.698-19.177.06-3.84.09-7.692-.262-11.52C72.596 7.844 63.223.981 53.834.684a219.453 219.453 0 0 0-16.022-.71zm11.294 12.882c5.5-.067 10.801 4.143 11.67 9.653.338 1.48.471 3 .471 4.515v21.088h-8.357c-.07-7.588.153-15.182-.131-22.765-.587-4.368-7.04-5.747-9.672-2.397-2.422 3.04-1.47 7.155-1.67 10.735v6.392h-8.307c-.146-4.996.359-10.045-.404-15.002-1.108-4.218-7.809-5.565-10.094-1.666-1.685 3.046-.712 6.634-.976 9.936v14.767h-8.354c.109-8.165-.238-16.344.215-24.5.674-5.346 5.095-10.389 10.676-10.627 4.902-.739 10.103 2.038 12.053 6.631.375 1.435 1.76 1.932 1.994.084 1.844-3.704 5.501-6.739 9.785-6.771.367-.044.735-.068 1.101-.073z\"\/><defs><linearGradient id=\"paint0_linear_549_34\" x1=\"37.0692\" y1=\"0\" x2=\"37.0692\" y2=\"79\" gradientUnits=\"userSpaceOnUse\"><stop stop-color=\"#6364FF\"\/><stop offset=\"1\" stop-color=\"#563ACC\"\/><\/linearGradient><\/defs><\/svg><\/span><span class=\"shariff-text\" style=\"color:#6364FF\">teilen<\/span>&nbsp;<\/a><\/li><li class=\"shariff-button bluesky shariff-nocustomcolor\" style=\"background-color:#84c4ff\"><a href=\"https:\/\/bsky.app\/intent\/compose?text=Kunst%20und%20%C3%9Cberleben%20%E2%80%93%20Abmann%20bekommt%20Abmahn%20%28das%20muss%20nicht%20sein%21%29 https%3A%2F%2Fwww.kritische-masse.de%2Flogbuch%2F2024%2F12%2Fkunst-und-ueberleben-abmann-bekommt-abmahn-das-muss-nicht-sein%2F \" title=\"Bei Bluesky teilen\" aria-label=\"Bei Bluesky teilen\" role=\"button\" rel=\"noopener nofollow\" class=\"shariff-link\" style=\"; background-color:#0085ff; color:#0085ff\" target=\"_blank\"><span class=\"shariff-icon\" style=\"fill:#0085ff\"><svg width=\"20\" height=\"20\" version=\"1.1\" xmlns=\"http:\/\/www.w3.org\/2000\/svg\" viewBox=\"0 0 20 20\"><path class=\"st0\" d=\"M4.89,3.12c2.07,1.55,4.3,4.71,5.11,6.4.82-1.69,3.04-4.84,5.11-6.4,1.49-1.12,3.91-1.99,3.91.77,0,.55-.32,4.63-.5,5.3-.64,2.3-2.99,2.89-5.08,2.54,3.65.62,4.58,2.68,2.57,4.74-3.81,3.91-5.48-.98-5.9-2.23-.08-.23-.11-.34-.12-.25,0-.09-.04.02-.12.25-.43,1.25-2.09,6.14-5.9,2.23-2.01-2.06-1.08-4.12,2.57-4.74-2.09.36-4.44-.23-5.08-2.54-.19-.66-.5-4.74-.5-5.3,0-2.76,2.42-1.89,3.91-.77h0Z\"\/><\/svg><\/span><span class=\"shariff-text\" style=\"color:#0085ff\">teilen<\/span>&nbsp;<\/a><\/li><li class=\"shariff-button threema shariff-nocustomcolor shariff-mobile\" style=\"background-color:#4fbc24\"><a href=\"threema:\/\/compose?text=Kunst%20und%20%C3%9Cberleben%20%E2%80%93%20Abmann%20bekommt%20Abmahn%20%28das%20muss%20nicht%20sein%21%29%20https%3A%2F%2Fwww.kritische-masse.de%2Flogbuch%2F2024%2F12%2Fkunst-und-ueberleben-abmann-bekommt-abmahn-das-muss-nicht-sein%2F\" title=\"Bei Threema teilen\" aria-label=\"Bei Threema teilen\" role=\"button\" rel=\"noopener nofollow\" class=\"shariff-link\" style=\"; background-color:#1f1f1f; color:#1f1f1f\" target=\"_blank\"><span class=\"shariff-icon\" style=\"fill:#1f1f1f\"><svg width=\"32px\" height=\"20px\" xmlns=\"http:\/\/www.w3.org\/2000\/svg\" viewBox=\"0 0 32 32\"><path fill=\"#1f1f1f\" d=\"M30.8 10.9c-0.3-1.4-0.9-2.6-1.8-3.8-2-2.6-5.5-4.5-9.4-5.2-1.3-0.2-1.9-0.3-3.5-0.3s-2.2 0-3.5 0.3c-4 0.7-7.4 2.6-9.4 5.2-0.9 1.2-1.5 2.4-1.8 3.8-0.1 0.5-0.2 1.2-0.2 1.6 0 0.4 0.1 1.1 0.2 1.6 0.4 1.9 1.3 3.4 2.9 5 0.8 0.8 0.8 0.8 0.7 1.3 0 0.6-0.5 1.6-1.7 3.6-0.3 0.5-0.5 0.9-0.5 0.9 0 0.1 0.1 0.1 0.5 0 0.8-0.2 2.3-0.6 5.6-1.6 1.1-0.3 1.3-0.4 2.3-0.4 0.8 0 1.1 0 2.3 0.2 1.5 0.2 3.5 0.2 4.9 0 5.1-0.6 9.3-2.9 11.4-6.3 0.5-0.9 0.9-1.8 1.1-2.8 0.1-0.5 0.2-1.1 0.2-1.6 0-0.7-0.1-1.1-0.2-1.6-0.3-1.4 0.1 0.5 0 0zM20.6 17.3c0 0.4-0.4 0.8-0.8 0.8h-7.7c-0.4 0-0.8-0.4-0.8-0.8v-4.6c0-0.4 0.4-0.8 0.8-0.8h0.2l0-1.6c0-0.9 0-1.8 0.1-2 0.1-0.6 0.6-1.2 1.1-1.7s1.1-0.7 1.9-0.8c1.8-0.3 3.7 0.7 4.2 2.2 0.1 0.3 0.1 0.7 0.1 2.1v0 1.7h0.1c0.4 0 0.8 0.4 0.8 0.8v4.6zM15.6 7.3c-0.5 0.1-0.8 0.3-1.2 0.6s-0.6 0.8-0.7 1.3c0 0.2 0 0.8 0 1.5l0 1.2h4.6v-1.3c0-1 0-1.4-0.1-1.6-0.3-1.1-1.5-1.9-2.6-1.7zM25.8 28.2c0 1.2-1 2.2-2.1 2.2s-2.1-1-2.1-2.1c0-1.2 1-2.1 2.2-2.1s2.2 1 2.2 2.2zM18.1 28.2c0 1.2-1 2.2-2.1 2.2s-2.1-1-2.1-2.1c0-1.2 1-2.1 2.2-2.1s2.2 1 2.2 2.2zM10.4 28.2c0 1.2-1 2.2-2.1 2.2s-2.1-1-2.1-2.1c0-1.2 1-2.1 2.2-2.1s2.2 1 2.2 2.2z\"\/><\/svg><\/span><span class=\"shariff-text\" style=\"color:#1f1f1f\">teilen<\/span>&nbsp;<\/a><\/li><li class=\"shariff-button facebook shariff-nocustomcolor\" style=\"background-color:#4273c8\"><a href=\"https:\/\/www.facebook.com\/sharer\/sharer.php?u=https%3A%2F%2Fwww.kritische-masse.de%2Flogbuch%2F2024%2F12%2Fkunst-und-ueberleben-abmann-bekommt-abmahn-das-muss-nicht-sein%2F\" title=\"Bei Facebook teilen\" aria-label=\"Bei Facebook teilen\" role=\"button\" rel=\"nofollow\" class=\"shariff-link\" style=\"; background-color:#3b5998; color:#3b5998\" target=\"_blank\"><span class=\"shariff-icon\" style=\"fill:#3b5998\"><svg width=\"32px\" height=\"20px\" xmlns=\"http:\/\/www.w3.org\/2000\/svg\" viewBox=\"0 0 18 32\"><path fill=\"#3b5998\" d=\"M17.1 0.2v4.7h-2.8q-1.5 0-2.1 0.6t-0.5 1.9v3.4h5.2l-0.7 5.3h-4.5v13.6h-5.5v-13.6h-4.5v-5.3h4.5v-3.9q0-3.3 1.9-5.2t5-1.8q2.6 0 4.1 0.2z\"\/><\/svg><\/span><span class=\"shariff-text\" style=\"color:#3b5998\">teilen<\/span>&nbsp;<\/a><\/li><li class=\"shariff-button info shariff-nocustomcolor\" style=\"background-color:#a8a8a8\"><a href=\"http:\/\/ct.de\/-2467514\" title=\"Weitere Informationen\" aria-label=\"Weitere Informationen\" role=\"button\" rel=\"noopener \" class=\"shariff-link\" style=\"; background-color:#999; color:#999\" target=\"_blank\"><span class=\"shariff-icon\" style=\"fill:#999\"><svg width=\"32px\" height=\"20px\" xmlns=\"http:\/\/www.w3.org\/2000\/svg\" viewBox=\"0 0 11 32\"><path fill=\"#999\" d=\"M11.4 24v2.3q0 0.5-0.3 0.8t-0.8 0.4h-9.1q-0.5 0-0.8-0.4t-0.4-0.8v-2.3q0-0.5 0.4-0.8t0.8-0.4h1.1v-6.8h-1.1q-0.5 0-0.8-0.4t-0.4-0.8v-2.3q0-0.5 0.4-0.8t0.8-0.4h6.8q0.5 0 0.8 0.4t0.4 0.8v10.3h1.1q0.5 0 0.8 0.4t0.3 0.8zM9.2 3.4v3.4q0 0.5-0.4 0.8t-0.8 0.4h-4.6q-0.4 0-0.8-0.4t-0.4-0.8v-3.4q0-0.4 0.4-0.8t0.8-0.4h4.6q0.5 0 0.8 0.4t0.4 0.8z\"\/><\/svg><\/span><\/a><\/li><\/ul><\/div>","protected":false},"author":1,"featured_media":10509,"comment_status":"open","ping_status":"open","sticky":false,"template":"","format":"standard","meta":{"ocean_post_layout":"","ocean_both_sidebars_style":"","ocean_both_sidebars_content_width":0,"ocean_both_sidebars_sidebars_width":0,"ocean_sidebar":"","ocean_second_sidebar":"","ocean_disable_margins":"enable","ocean_add_body_class":"","ocean_shortcode_before_top_bar":"","ocean_shortcode_after_top_bar":"","ocean_shortcode_before_header":"","ocean_shortcode_after_header":"","ocean_has_shortcode":"","ocean_shortcode_after_title":"","ocean_shortcode_before_footer_widgets":"","ocean_shortcode_after_footer_widgets":"","ocean_shortcode_before_footer_bottom":"","ocean_shortcode_after_footer_bottom":"","ocean_display_top_bar":"default","ocean_display_header":"default","ocean_header_style":"","ocean_center_header_left_menu":"","ocean_custom_header_template":"","ocean_custom_logo":0,"ocean_custom_retina_logo":0,"ocean_custom_logo_max_width":0,"ocean_custom_logo_tablet_max_width":0,"ocean_custom_logo_mobile_max_width":0,"ocean_custom_logo_max_height":0,"ocean_custom_logo_tablet_max_height":0,"ocean_custom_logo_mobile_max_height":0,"ocean_header_custom_menu":"","ocean_menu_typo_font_family":"","ocean_menu_typo_font_subset":"","ocean_menu_typo_font_size":0,"ocean_menu_typo_font_size_tablet":0,"ocean_menu_typo_font_size_mobile":0,"ocean_menu_typo_font_size_unit":"px","ocean_menu_typo_font_weight":"","ocean_menu_typo_font_weight_tablet":"","ocean_menu_typo_font_weight_mobile":"","ocean_menu_typo_transform":"","ocean_menu_typo_transform_tablet":"","ocean_menu_typo_transform_mobile":"","ocean_menu_typo_line_height":0,"ocean_menu_typo_line_height_tablet":0,"ocean_menu_typo_line_height_mobile":0,"ocean_menu_typo_line_height_unit":"","ocean_menu_typo_spacing":0,"ocean_menu_typo_spacing_tablet":0,"ocean_menu_typo_spacing_mobile":0,"ocean_menu_typo_spacing_unit":"","ocean_menu_link_color":"","ocean_menu_link_color_hover":"","ocean_menu_link_color_active":"","ocean_menu_link_background":"","ocean_menu_link_hover_background":"","ocean_menu_link_active_background":"","ocean_menu_social_links_bg":"","ocean_menu_social_hover_links_bg":"","ocean_menu_social_links_color":"","ocean_menu_social_hover_links_color":"","ocean_disable_title":"default","ocean_disable_heading":"default","ocean_post_title":"","ocean_post_subheading":"","ocean_post_title_style":"","ocean_post_title_background_color":"","ocean_post_title_background":0,"ocean_post_title_bg_image_position":"","ocean_post_title_bg_image_attachment":"","ocean_post_title_bg_image_repeat":"","ocean_post_title_bg_image_size":"","ocean_post_title_height":0,"ocean_post_title_bg_overlay":0.5,"ocean_post_title_bg_overlay_color":"","ocean_disable_breadcrumbs":"default","ocean_breadcrumbs_color":"","ocean_breadcrumbs_separator_color":"","ocean_breadcrumbs_links_color":"","ocean_breadcrumbs_links_hover_color":"","ocean_display_footer_widgets":"default","ocean_display_footer_bottom":"default","ocean_custom_footer_template":"","osh_disable_topbar_sticky":"default","osh_disable_header_sticky":"default","osh_sticky_header_style":"default","osh_sticky_header_effect":"","osh_custom_sticky_logo":0,"osh_custom_retina_sticky_logo":0,"osh_custom_sticky_logo_height":0,"osh_background_color":"","osh_links_color":"","osh_links_hover_color":"","osh_links_active_color":"","osh_links_bg_color":"","osh_links_hover_bg_color":"","osh_links_active_bg_color":"","osh_menu_social_links_color":"","osh_menu_social_hover_links_color":"","_FSMCFIC_featured_image_caption":"","_FSMCFIC_featured_image_nocaption":"","_FSMCFIC_featured_image_hide":"","_metis_text_type":"standard","_metis_text_length":5403,"_post_count":0,"_jetpack_memberships_contains_paid_content":false,"activitypub_content_warning":"","activitypub_content_visibility":"","activitypub_max_image_attachments":4,"activitypub_interaction_policy_quote":"anyone","activitypub_status":"","ocean_post_oembed":"","ocean_post_self_hosted_media":"","ocean_post_video_embed":"","ocean_link_format":"","ocean_link_format_target":"self","ocean_quote_format":"","ocean_quote_format_link":"post","ocean_gallery_link_images":"on","ocean_gallery_id":[],"footnotes":"","jetpack_publicize_message":"","jetpack_publicize_feature_enabled":true,"jetpack_social_post_already_shared":true,"jetpack_social_options":{"image_generator_settings":{"template":"highway","default_image_id":0,"font":"","enabled":false},"version":2}},"categories":[4188,2647,2695,2652,3545],"tags":[4330,4334,1668,3786,2344,2754],"class_list":["post-10505","post","type-post","status-publish","format-standard","has-post-thumbnail","hentry","category-das-recht","category-angriffauf","category-die-kultur","category-diemusik","category-medien","tag-backstage-classical","tag-salzburger-festspiele","tag-abmahnung","tag-demenz","tag-journalismus","tag-podcast","entry","has-media"],"yoast_head":"<!-- This site is optimized with the Yoast SEO plugin v27.5 - https:\/\/yoast.com\/product\/yoast-seo-wordpress\/ -->\n<title>Kunst und \u00dcberleben \u2013 Abmann bekommt Abmahn (das muss nicht sein!) - Kritische Masse<\/title>\n<meta name=\"robots\" content=\"index, follow, max-snippet:-1, max-image-preview:large, max-video-preview:-1\" \/>\n<link rel=\"canonical\" href=\"https:\/\/www.kritische-masse.de\/logbuch\/2024\/12\/kunst-und-ueberleben-abmann-bekommt-abmahn-das-muss-nicht-sein\/\" \/>\n<meta property=\"og:locale\" content=\"de_DE\" \/>\n<meta property=\"og:type\" content=\"article\" \/>\n<meta property=\"og:title\" content=\"Kunst und \u00dcberleben \u2013 Abmann bekommt Abmahn (das muss nicht sein!) - Kritische Masse\" \/>\n<meta property=\"og:description\" content=\"Kunst im finanziellen Aufl\u00f6sungszwang und das Scheitern von Kulturpolitik im Land Berlin (aber nicht nur dort) +++ BackstageClassical wird abgemahnt \u2013 dahinter steht aber nicht die Frage nach Korrektheit von Recherchen, sondern es scheint mir deutlich eine Machtdemonstration zu sein mit Mitteln finanziert, die den Steuerzahlenden geh\u00f6ren. Das muss aufh\u00f6ren! +++ Ein paar News dazu.\" \/>\n<meta property=\"og:url\" content=\"https:\/\/www.kritische-masse.de\/logbuch\/2024\/12\/kunst-und-ueberleben-abmann-bekommt-abmahn-das-muss-nicht-sein\/\" \/>\n<meta property=\"og:site_name\" content=\"Kritische Masse\" \/>\n<meta property=\"article:publisher\" content=\"https:\/\/www.facebook.com\/hufner\" \/>\n<meta property=\"article:author\" content=\"https:\/\/www.facebook.com\/hufner\" \/>\n<meta property=\"article:published_time\" content=\"2024-12-18T17:16:09+00:00\" \/>\n<meta property=\"article:modified_time\" content=\"2024-12-18T17:17:56+00:00\" \/>\n<meta property=\"og:image\" content=\"https:\/\/www.kritische-masse.de\/logbuch\/wp-content\/uploads\/2024\/12\/Eher-eine-Busshaltestelle.-MH.jpg\" \/>\n\t<meta property=\"og:image:width\" content=\"960\" \/>\n\t<meta property=\"og:image:height\" content=\"618\" \/>\n\t<meta property=\"og:image:type\" content=\"image\/jpeg\" \/>\n<meta name=\"author\" content=\"der huflaikhan\" \/>\n<meta name=\"twitter:label1\" content=\"Verfasst von\" \/>\n\t<meta name=\"twitter:data1\" content=\"der huflaikhan\" \/>\n\t<meta name=\"twitter:label2\" content=\"Gesch\u00e4tzte Lesezeit\" \/>\n\t<meta name=\"twitter:data2\" content=\"4\u00a0Minuten\" \/>\n<script type=\"application\/ld+json\" class=\"yoast-schema-graph\">{\"@context\":\"https:\\\/\\\/schema.org\",\"@graph\":[{\"@type\":\"Article\",\"@id\":\"https:\\\/\\\/www.kritische-masse.de\\\/logbuch\\\/2024\\\/12\\\/kunst-und-ueberleben-abmann-bekommt-abmahn-das-muss-nicht-sein\\\/#article\",\"isPartOf\":{\"@id\":\"https:\\\/\\\/www.kritische-masse.de\\\/logbuch\\\/2024\\\/12\\\/kunst-und-ueberleben-abmann-bekommt-abmahn-das-muss-nicht-sein\\\/\"},\"author\":{\"name\":\"der huflaikhan\",\"@id\":\"https:\\\/\\\/www.kritische-masse.de\\\/logbuch\\\/#\\\/schema\\\/person\\\/14c491f46504e7f6b79db161f76def1c\"},\"headline\":\"Kunst und \u00dcberleben \u2013 Abmann bekommt Abmahn (das muss nicht sein!)\",\"datePublished\":\"2024-12-18T17:16:09+00:00\",\"dateModified\":\"2024-12-18T17:17:56+00:00\",\"mainEntityOfPage\":{\"@id\":\"https:\\\/\\\/www.kritische-masse.de\\\/logbuch\\\/2024\\\/12\\\/kunst-und-ueberleben-abmann-bekommt-abmahn-das-muss-nicht-sein\\\/\"},\"wordCount\":803,\"commentCount\":0,\"publisher\":{\"@id\":\"https:\\\/\\\/www.kritische-masse.de\\\/logbuch\\\/#\\\/schema\\\/person\\\/14c491f46504e7f6b79db161f76def1c\"},\"image\":{\"@id\":\"https:\\\/\\\/www.kritische-masse.de\\\/logbuch\\\/2024\\\/12\\\/kunst-und-ueberleben-abmann-bekommt-abmahn-das-muss-nicht-sein\\\/#primaryimage\"},\"thumbnailUrl\":\"https:\\\/\\\/i0.wp.com\\\/www.kritische-masse.de\\\/logbuch\\\/wp-content\\\/uploads\\\/2024\\\/12\\\/Eher-eine-Busshaltestelle.-MH.jpg?fit=960%2C618&ssl=1\",\"keywords\":[\"Backstage Classical\",\"Salzburger Festspiele\",\"Abmahnung\",\"Demenz\",\"Journalismus\",\"Podcast\"],\"articleSection\":[\"das Recht\",\"Angriff auf \u2026\",\"die Kultur\",\"die Musik\",\"die Medien\"],\"inLanguage\":\"de\",\"potentialAction\":[{\"@type\":\"CommentAction\",\"name\":\"Comment\",\"target\":[\"https:\\\/\\\/www.kritische-masse.de\\\/logbuch\\\/2024\\\/12\\\/kunst-und-ueberleben-abmann-bekommt-abmahn-das-muss-nicht-sein\\\/#respond\"]}]},{\"@type\":\"WebPage\",\"@id\":\"https:\\\/\\\/www.kritische-masse.de\\\/logbuch\\\/2024\\\/12\\\/kunst-und-ueberleben-abmann-bekommt-abmahn-das-muss-nicht-sein\\\/\",\"url\":\"https:\\\/\\\/www.kritische-masse.de\\\/logbuch\\\/2024\\\/12\\\/kunst-und-ueberleben-abmann-bekommt-abmahn-das-muss-nicht-sein\\\/\",\"name\":\"Kunst und \u00dcberleben \u2013 Abmann bekommt Abmahn (das muss nicht sein!) - Kritische Masse\",\"isPartOf\":{\"@id\":\"https:\\\/\\\/www.kritische-masse.de\\\/logbuch\\\/#website\"},\"primaryImageOfPage\":{\"@id\":\"https:\\\/\\\/www.kritische-masse.de\\\/logbuch\\\/2024\\\/12\\\/kunst-und-ueberleben-abmann-bekommt-abmahn-das-muss-nicht-sein\\\/#primaryimage\"},\"image\":{\"@id\":\"https:\\\/\\\/www.kritische-masse.de\\\/logbuch\\\/2024\\\/12\\\/kunst-und-ueberleben-abmann-bekommt-abmahn-das-muss-nicht-sein\\\/#primaryimage\"},\"thumbnailUrl\":\"https:\\\/\\\/i0.wp.com\\\/www.kritische-masse.de\\\/logbuch\\\/wp-content\\\/uploads\\\/2024\\\/12\\\/Eher-eine-Busshaltestelle.-MH.jpg?fit=960%2C618&ssl=1\",\"datePublished\":\"2024-12-18T17:16:09+00:00\",\"dateModified\":\"2024-12-18T17:17:56+00:00\",\"breadcrumb\":{\"@id\":\"https:\\\/\\\/www.kritische-masse.de\\\/logbuch\\\/2024\\\/12\\\/kunst-und-ueberleben-abmann-bekommt-abmahn-das-muss-nicht-sein\\\/#breadcrumb\"},\"inLanguage\":\"de\",\"potentialAction\":[{\"@type\":\"ReadAction\",\"target\":[\"https:\\\/\\\/www.kritische-masse.de\\\/logbuch\\\/2024\\\/12\\\/kunst-und-ueberleben-abmann-bekommt-abmahn-das-muss-nicht-sein\\\/\"]}]},{\"@type\":\"ImageObject\",\"inLanguage\":\"de\",\"@id\":\"https:\\\/\\\/www.kritische-masse.de\\\/logbuch\\\/2024\\\/12\\\/kunst-und-ueberleben-abmann-bekommt-abmahn-das-muss-nicht-sein\\\/#primaryimage\",\"url\":\"https:\\\/\\\/i0.wp.com\\\/www.kritische-masse.de\\\/logbuch\\\/wp-content\\\/uploads\\\/2024\\\/12\\\/Eher-eine-Busshaltestelle.-MH.jpg?fit=960%2C618&ssl=1\",\"contentUrl\":\"https:\\\/\\\/i0.wp.com\\\/www.kritische-masse.de\\\/logbuch\\\/wp-content\\\/uploads\\\/2024\\\/12\\\/Eher-eine-Busshaltestelle.-MH.jpg?fit=960%2C618&ssl=1\",\"width\":960,\"height\":618,\"caption\":\"Eher eine Bu\u00dfhaltestelle. MH\"},{\"@type\":\"BreadcrumbList\",\"@id\":\"https:\\\/\\\/www.kritische-masse.de\\\/logbuch\\\/2024\\\/12\\\/kunst-und-ueberleben-abmann-bekommt-abmahn-das-muss-nicht-sein\\\/#breadcrumb\",\"itemListElement\":[{\"@type\":\"ListItem\",\"position\":1,\"name\":\"Startseite\",\"item\":\"https:\\\/\\\/www.kritische-masse.de\\\/logbuch\\\/\"},{\"@type\":\"ListItem\",\"position\":2,\"name\":\"Kunst und \u00dcberleben \u2013 Abmann bekommt Abmahn (das muss nicht sein!)\"}]},{\"@type\":\"WebSite\",\"@id\":\"https:\\\/\\\/www.kritische-masse.de\\\/logbuch\\\/#website\",\"url\":\"https:\\\/\\\/www.kritische-masse.de\\\/logbuch\\\/\",\"name\":\"kritische masse\",\"description\":\"amt f\u00fcr vermassungsschutz\",\"publisher\":{\"@id\":\"https:\\\/\\\/www.kritische-masse.de\\\/logbuch\\\/#\\\/schema\\\/person\\\/14c491f46504e7f6b79db161f76def1c\"},\"alternateName\":\"das logbuch der kritischen masse\",\"potentialAction\":[{\"@type\":\"SearchAction\",\"target\":{\"@type\":\"EntryPoint\",\"urlTemplate\":\"https:\\\/\\\/www.kritische-masse.de\\\/logbuch\\\/?s={search_term_string}\"},\"query-input\":{\"@type\":\"PropertyValueSpecification\",\"valueRequired\":true,\"valueName\":\"search_term_string\"}}],\"inLanguage\":\"de\"},{\"@type\":[\"Person\",\"Organization\"],\"@id\":\"https:\\\/\\\/www.kritische-masse.de\\\/logbuch\\\/#\\\/schema\\\/person\\\/14c491f46504e7f6b79db161f76def1c\",\"name\":\"der huflaikhan\",\"image\":{\"@type\":\"ImageObject\",\"inLanguage\":\"de\",\"@id\":\"https:\\\/\\\/www.kritische-masse.de\\\/logbuch\\\/wp-content\\\/uploads\\\/2024\\\/01\\\/cropped-kritischmasse_man_512.jpg\",\"url\":\"https:\\\/\\\/www.kritische-masse.de\\\/logbuch\\\/wp-content\\\/uploads\\\/2024\\\/01\\\/cropped-kritischmasse_man_512.jpg\",\"contentUrl\":\"https:\\\/\\\/www.kritische-masse.de\\\/logbuch\\\/wp-content\\\/uploads\\\/2024\\\/01\\\/cropped-kritischmasse_man_512.jpg\",\"width\":512,\"height\":512,\"caption\":\"der huflaikhan\"},\"logo\":{\"@id\":\"https:\\\/\\\/www.kritische-masse.de\\\/logbuch\\\/wp-content\\\/uploads\\\/2024\\\/01\\\/cropped-kritischmasse_man_512.jpg\"},\"description\":\"Betreiber der Kritischen Masse seit 1995. Seit 2023 Wiederaufnahme. Promotion mit einer Arbeit \u00fcber Adornos kompositorische und theoretische Auseinandersetzung mit der Zw\u00f6lftontechnik. Arbeit f\u00fcr den Bayerischen und den Mitteldeutschen Rundfunk als freier Autor und Regisseur \u2013 zumindest bis Ende 2015. Online-Redaktion f\u00fcr neue musikzeitung, Jazzzeitung und Oper &amp; Tanz. Ungl\u00fccklich, aber fast taub.\",\"sameAs\":[\"https:\\\/\\\/www.kritische-masse.de\\\/logbuch\\\/\",\"https:\\\/\\\/www.facebook.com\\\/hufner\"],\"url\":\"https:\\\/\\\/www.kritische-masse.de\\\/logbuch\\\/author\\\/martin_d1juqiu5\\\/\"}]}<\/script>\n<!-- \/ Yoast SEO plugin. -->","yoast_head_json":{"title":"Kunst und \u00dcberleben \u2013 Abmann bekommt Abmahn (das muss nicht sein!) - Kritische Masse","robots":{"index":"index","follow":"follow","max-snippet":"max-snippet:-1","max-image-preview":"max-image-preview:large","max-video-preview":"max-video-preview:-1"},"canonical":"https:\/\/www.kritische-masse.de\/logbuch\/2024\/12\/kunst-und-ueberleben-abmann-bekommt-abmahn-das-muss-nicht-sein\/","og_locale":"de_DE","og_type":"article","og_title":"Kunst und \u00dcberleben \u2013 Abmann bekommt Abmahn (das muss nicht sein!) - Kritische Masse","og_description":"Kunst im finanziellen Aufl\u00f6sungszwang und das Scheitern von Kulturpolitik im Land Berlin (aber nicht nur dort) +++ BackstageClassical wird abgemahnt \u2013 dahinter steht aber nicht die Frage nach Korrektheit von Recherchen, sondern es scheint mir deutlich eine Machtdemonstration zu sein mit Mitteln finanziert, die den Steuerzahlenden geh\u00f6ren. Das muss aufh\u00f6ren! +++ Ein paar News dazu.","og_url":"https:\/\/www.kritische-masse.de\/logbuch\/2024\/12\/kunst-und-ueberleben-abmann-bekommt-abmahn-das-muss-nicht-sein\/","og_site_name":"Kritische Masse","article_publisher":"https:\/\/www.facebook.com\/hufner","article_author":"https:\/\/www.facebook.com\/hufner","article_published_time":"2024-12-18T17:16:09+00:00","article_modified_time":"2024-12-18T17:17:56+00:00","og_image":[{"width":960,"height":618,"url":"https:\/\/www.kritische-masse.de\/logbuch\/wp-content\/uploads\/2024\/12\/Eher-eine-Busshaltestelle.-MH.jpg","type":"image\/jpeg"}],"author":"der huflaikhan","twitter_misc":{"Verfasst von":"der huflaikhan","Gesch\u00e4tzte Lesezeit":"4\u00a0Minuten"},"schema":{"@context":"https:\/\/schema.org","@graph":[{"@type":"Article","@id":"https:\/\/www.kritische-masse.de\/logbuch\/2024\/12\/kunst-und-ueberleben-abmann-bekommt-abmahn-das-muss-nicht-sein\/#article","isPartOf":{"@id":"https:\/\/www.kritische-masse.de\/logbuch\/2024\/12\/kunst-und-ueberleben-abmann-bekommt-abmahn-das-muss-nicht-sein\/"},"author":{"name":"der huflaikhan","@id":"https:\/\/www.kritische-masse.de\/logbuch\/#\/schema\/person\/14c491f46504e7f6b79db161f76def1c"},"headline":"Kunst und \u00dcberleben \u2013 Abmann bekommt Abmahn (das muss nicht sein!)","datePublished":"2024-12-18T17:16:09+00:00","dateModified":"2024-12-18T17:17:56+00:00","mainEntityOfPage":{"@id":"https:\/\/www.kritische-masse.de\/logbuch\/2024\/12\/kunst-und-ueberleben-abmann-bekommt-abmahn-das-muss-nicht-sein\/"},"wordCount":803,"commentCount":0,"publisher":{"@id":"https:\/\/www.kritische-masse.de\/logbuch\/#\/schema\/person\/14c491f46504e7f6b79db161f76def1c"},"image":{"@id":"https:\/\/www.kritische-masse.de\/logbuch\/2024\/12\/kunst-und-ueberleben-abmann-bekommt-abmahn-das-muss-nicht-sein\/#primaryimage"},"thumbnailUrl":"https:\/\/i0.wp.com\/www.kritische-masse.de\/logbuch\/wp-content\/uploads\/2024\/12\/Eher-eine-Busshaltestelle.-MH.jpg?fit=960%2C618&ssl=1","keywords":["Backstage Classical","Salzburger Festspiele","Abmahnung","Demenz","Journalismus","Podcast"],"articleSection":["das Recht","Angriff auf \u2026","die Kultur","die Musik","die Medien"],"inLanguage":"de","potentialAction":[{"@type":"CommentAction","name":"Comment","target":["https:\/\/www.kritische-masse.de\/logbuch\/2024\/12\/kunst-und-ueberleben-abmann-bekommt-abmahn-das-muss-nicht-sein\/#respond"]}]},{"@type":"WebPage","@id":"https:\/\/www.kritische-masse.de\/logbuch\/2024\/12\/kunst-und-ueberleben-abmann-bekommt-abmahn-das-muss-nicht-sein\/","url":"https:\/\/www.kritische-masse.de\/logbuch\/2024\/12\/kunst-und-ueberleben-abmann-bekommt-abmahn-das-muss-nicht-sein\/","name":"Kunst und \u00dcberleben \u2013 Abmann bekommt Abmahn (das muss nicht sein!) - Kritische Masse","isPartOf":{"@id":"https:\/\/www.kritische-masse.de\/logbuch\/#website"},"primaryImageOfPage":{"@id":"https:\/\/www.kritische-masse.de\/logbuch\/2024\/12\/kunst-und-ueberleben-abmann-bekommt-abmahn-das-muss-nicht-sein\/#primaryimage"},"image":{"@id":"https:\/\/www.kritische-masse.de\/logbuch\/2024\/12\/kunst-und-ueberleben-abmann-bekommt-abmahn-das-muss-nicht-sein\/#primaryimage"},"thumbnailUrl":"https:\/\/i0.wp.com\/www.kritische-masse.de\/logbuch\/wp-content\/uploads\/2024\/12\/Eher-eine-Busshaltestelle.-MH.jpg?fit=960%2C618&ssl=1","datePublished":"2024-12-18T17:16:09+00:00","dateModified":"2024-12-18T17:17:56+00:00","breadcrumb":{"@id":"https:\/\/www.kritische-masse.de\/logbuch\/2024\/12\/kunst-und-ueberleben-abmann-bekommt-abmahn-das-muss-nicht-sein\/#breadcrumb"},"inLanguage":"de","potentialAction":[{"@type":"ReadAction","target":["https:\/\/www.kritische-masse.de\/logbuch\/2024\/12\/kunst-und-ueberleben-abmann-bekommt-abmahn-das-muss-nicht-sein\/"]}]},{"@type":"ImageObject","inLanguage":"de","@id":"https:\/\/www.kritische-masse.de\/logbuch\/2024\/12\/kunst-und-ueberleben-abmann-bekommt-abmahn-das-muss-nicht-sein\/#primaryimage","url":"https:\/\/i0.wp.com\/www.kritische-masse.de\/logbuch\/wp-content\/uploads\/2024\/12\/Eher-eine-Busshaltestelle.-MH.jpg?fit=960%2C618&ssl=1","contentUrl":"https:\/\/i0.wp.com\/www.kritische-masse.de\/logbuch\/wp-content\/uploads\/2024\/12\/Eher-eine-Busshaltestelle.-MH.jpg?fit=960%2C618&ssl=1","width":960,"height":618,"caption":"Eher eine Bu\u00dfhaltestelle. MH"},{"@type":"BreadcrumbList","@id":"https:\/\/www.kritische-masse.de\/logbuch\/2024\/12\/kunst-und-ueberleben-abmann-bekommt-abmahn-das-muss-nicht-sein\/#breadcrumb","itemListElement":[{"@type":"ListItem","position":1,"name":"Startseite","item":"https:\/\/www.kritische-masse.de\/logbuch\/"},{"@type":"ListItem","position":2,"name":"Kunst und \u00dcberleben \u2013 Abmann bekommt Abmahn (das muss nicht sein!)"}]},{"@type":"WebSite","@id":"https:\/\/www.kritische-masse.de\/logbuch\/#website","url":"https:\/\/www.kritische-masse.de\/logbuch\/","name":"kritische masse","description":"amt f\u00fcr vermassungsschutz","publisher":{"@id":"https:\/\/www.kritische-masse.de\/logbuch\/#\/schema\/person\/14c491f46504e7f6b79db161f76def1c"},"alternateName":"das logbuch der kritischen masse","potentialAction":[{"@type":"SearchAction","target":{"@type":"EntryPoint","urlTemplate":"https:\/\/www.kritische-masse.de\/logbuch\/?s={search_term_string}"},"query-input":{"@type":"PropertyValueSpecification","valueRequired":true,"valueName":"search_term_string"}}],"inLanguage":"de"},{"@type":["Person","Organization"],"@id":"https:\/\/www.kritische-masse.de\/logbuch\/#\/schema\/person\/14c491f46504e7f6b79db161f76def1c","name":"der huflaikhan","image":{"@type":"ImageObject","inLanguage":"de","@id":"https:\/\/www.kritische-masse.de\/logbuch\/wp-content\/uploads\/2024\/01\/cropped-kritischmasse_man_512.jpg","url":"https:\/\/www.kritische-masse.de\/logbuch\/wp-content\/uploads\/2024\/01\/cropped-kritischmasse_man_512.jpg","contentUrl":"https:\/\/www.kritische-masse.de\/logbuch\/wp-content\/uploads\/2024\/01\/cropped-kritischmasse_man_512.jpg","width":512,"height":512,"caption":"der huflaikhan"},"logo":{"@id":"https:\/\/www.kritische-masse.de\/logbuch\/wp-content\/uploads\/2024\/01\/cropped-kritischmasse_man_512.jpg"},"description":"Betreiber der Kritischen Masse seit 1995. Seit 2023 Wiederaufnahme. Promotion mit einer Arbeit \u00fcber Adornos kompositorische und theoretische Auseinandersetzung mit der Zw\u00f6lftontechnik. Arbeit f\u00fcr den Bayerischen und den Mitteldeutschen Rundfunk als freier Autor und Regisseur \u2013 zumindest bis Ende 2015. Online-Redaktion f\u00fcr neue musikzeitung, Jazzzeitung und Oper &amp; Tanz. Ungl\u00fccklich, aber fast taub.","sameAs":["https:\/\/www.kritische-masse.de\/logbuch\/","https:\/\/www.facebook.com\/hufner"],"url":"https:\/\/www.kritische-masse.de\/logbuch\/author\/martin_d1juqiu5\/"}]}},"jetpack_publicize_connections":[],"jetpack_featured_media_url":"https:\/\/i0.wp.com\/www.kritische-masse.de\/logbuch\/wp-content\/uploads\/2024\/12\/Eher-eine-Busshaltestelle.-MH.jpg?fit=960%2C618&ssl=1","categories_names":["das Recht","Angriff auf \u2026","die Kultur","die Musik","die Medien"],"post_class":[["post-10505","post","type-post","status-publish","format-standard","has-post-thumbnail","hentry","category-das-recht","category-angriffauf","category-die-kultur","category-diemusik","category-medien","tag-backstage-classical","tag-salzburger-festspiele","tag-abmahnung","tag-demenz","tag-journalismus","tag-podcast","entry","has-media"]],"author_avatar":["<img alt='' src='https:\/\/secure.gravatar.com\/avatar\/c23aee426d58e69f14ef471114d4cac215eec702ee1bc331e2a62ea77e96ed60?s=96&#038;d=blank&#038;r=g' srcset='https:\/\/secure.gravatar.com\/avatar\/c23aee426d58e69f14ef471114d4cac215eec702ee1bc331e2a62ea77e96ed60?s=192&#038;d=blank&#038;r=g 2x' class='avatar avatar-96 photo' height='96' width='96' loading='lazy' decoding='async'\/>"],"featured_video":null,"jetpack-related-posts":[{"id":10516,"url":"https:\/\/www.kritische-masse.de\/logbuch\/2024\/12\/noslapp-weihnachtsoratorium-schoenberg-als-herausforderung\/","url_meta":{"origin":10505,"position":0},"title":"Noslapp \u2013 Weihnachtsoratorium \u2013 Sch\u00f6nberg als Herausforderung","author":"der huflaikhan","date":"20. Dezember 2024","format":false,"excerpt":"Anlaufstelle gegen missbr\u00e4uchliche Abmahnungen: No slapp \u2013 Die Sch\u00f6nberg-Challenge von Christoph Becher rezensiert Holger Noltze \u2013 Faktencheck zum Weihnachtswunder der ARD \u2013 Mathis Ubben \u00fcber vorweihnachtliche Rituale \u2013 Radiokulturpreis der GEMA \u2013 Wer chattet mit Melody?","rel":"","context":"In &quot;Angriff auf \u2026&quot;","block_context":{"text":"Angriff auf \u2026","link":"https:\/\/www.kritische-masse.de\/logbuch\/category\/angriffauf\/"},"img":{"alt_text":"Radiokulturpreis der GEMA","src":"https:\/\/i0.wp.com\/www.kritische-masse.de\/logbuch\/wp-content\/uploads\/2024\/12\/Radiokulturpreis.png?fit=1200%2C604&ssl=1&resize=350%2C200","width":350,"height":200,"srcset":"https:\/\/i0.wp.com\/www.kritische-masse.de\/logbuch\/wp-content\/uploads\/2024\/12\/Radiokulturpreis.png?fit=1200%2C604&ssl=1&resize=350%2C200 1x, https:\/\/i0.wp.com\/www.kritische-masse.de\/logbuch\/wp-content\/uploads\/2024\/12\/Radiokulturpreis.png?fit=1200%2C604&ssl=1&resize=525%2C300 1.5x, https:\/\/i0.wp.com\/www.kritische-masse.de\/logbuch\/wp-content\/uploads\/2024\/12\/Radiokulturpreis.png?fit=1200%2C604&ssl=1&resize=700%2C400 2x, https:\/\/i0.wp.com\/www.kritische-masse.de\/logbuch\/wp-content\/uploads\/2024\/12\/Radiokulturpreis.png?fit=1200%2C604&ssl=1&resize=1050%2C600 3x"},"classes":[]},{"id":3218,"url":"https:\/\/www.kritische-masse.de\/logbuch\/2013\/03\/abmahnung-und-was-wirklich-gemeint-ist\/","url_meta":{"origin":10505,"position":1},"title":"Abmahnung &#8211; und was wirklich gemeint ist","author":"huflaikhan","date":"15. M\u00e4rz 2013","format":false,"excerpt":"Jetzt hat es wieder einen Blogger erwischt mit einer Abmahnung einer gro\u00dfen deutschen Tageszeitung. Es geht um eine Formulierung, die sprachlich zweideutig aufgefasst werden kann. Jemand wird als jemandes Freundin bezeichnet. Das kann eine direkte Freundin sein, was sich aus dem Inhalt ergebend unschl\u00fcssig w\u00e4re, sondern jemand, der so freundlich\u2026","rel":"","context":"In &quot;Angriff auf \u2026&quot;","block_context":{"text":"Angriff auf \u2026","link":"https:\/\/www.kritische-masse.de\/logbuch\/category\/angriffauf\/"},"img":{"alt_text":"William Hogarth: Die Richter (Oberrichter Sir John Willes und Henry Bathurst), erste Fassung. 1758, Radierung mit Kupferstich, 16,5 \u00d7 19,7 cm London, The British Museum, Department of Prints and Drawings","src":"https:\/\/i0.wp.com\/www.kritische-masse.de\/logbuch\/wp-content\/uploads\/2013\/03\/hogarth.jpg?fit=900%2C737&ssl=1&resize=350%2C200","width":350,"height":200,"srcset":"https:\/\/i0.wp.com\/www.kritische-masse.de\/logbuch\/wp-content\/uploads\/2013\/03\/hogarth.jpg?fit=900%2C737&ssl=1&resize=350%2C200 1x, https:\/\/i0.wp.com\/www.kritische-masse.de\/logbuch\/wp-content\/uploads\/2013\/03\/hogarth.jpg?fit=900%2C737&ssl=1&resize=525%2C300 1.5x, https:\/\/i0.wp.com\/www.kritische-masse.de\/logbuch\/wp-content\/uploads\/2013\/03\/hogarth.jpg?fit=900%2C737&ssl=1&resize=700%2C400 2x"},"classes":[]},{"id":3020,"url":"https:\/\/www.kritische-masse.de\/logbuch\/2012\/01\/die-neueste-abmahnwache\/","url_meta":{"origin":10505,"position":2},"title":"Die neueste Abmahnwache","author":"huflaikhan","date":"25. Januar 2012","format":false,"excerpt":"Die aktuellen Tricks der Content-Industrie. Wenn es schon mit dem Leistungsschutzrecht nicht so richtig voran geht, dann m\u00fcssen halt erst einmal andere dran glauben. Abmahnungen f\u00fcr Pressespiegel bei K\u00fcnstlern.\u00a0","rel":"","context":"In \"Abmahnungen\"","block_context":{"text":"Abmahnungen","link":"https:\/\/www.kritische-masse.de\/logbuch\/tag\/abmahnungen\/"},"img":{"alt_text":"","src":"","width":0,"height":0},"classes":[]},{"id":2351,"url":"https:\/\/www.kritische-masse.de\/logbuch\/2007\/12\/ard-kann-sich-selbst-abmahnen\/","url_meta":{"origin":10505,"position":3},"title":"ARD kann sich selbst abmahnen","author":"hufi","date":"18. Dezember 2007","format":false,"excerpt":"Die Herrschaften von der ARD und der GEZ sind ja auch nicht zu bremsen. Nach einiger Zeit war ein Blick f\u00e4llig geworden auf den Abbau des Senders in Bremen. Der hat neue Architektur, die Quiri und andere als ziemlich bekackt bezeichnen m\u00fcssten. Aber da ist Quiri zu freundlich und zu\u2026","rel":"","context":"\u00c4hnlicher Beitrag","block_context":{"text":"\u00c4hnlicher Beitrag","link":""},"img":{"alt_text":"","src":"","width":0,"height":0},"classes":[]},{"id":8334,"url":"https:\/\/www.kritische-masse.de\/logbuch\/2007\/01\/phonowirtschaft-in-der-krise-folge-212\/","url_meta":{"origin":10505,"position":4},"title":"Phonowirtschaft in der Krise [Folge 212]","author":"der huflaikhan","date":"28. Januar 2007","format":false,"excerpt":"und andere jammern gleich mit. Ein neuer Gesetzentwurf sieht vor, dass k\u00fcnfig Ammahngeb\u00fchren bei der Verfolgung von Urherrechtsverletzungen nicht mehr extreme Abmahnkosten verursachen sollen. Mit 50 Euro sei man dabei bei einfach gelagerten F\u00e4llen und \u201eeiner nur unerheblichen Rechtsverletzung au\u00dferhalb des gesch\u00e4ftlichen Verkehrs\u201c. Das l\u00e4sst sich der Vorsitzender der Deutschen\u2026","rel":"","context":"In &quot;das Netz&quot;","block_context":{"text":"das Netz","link":"https:\/\/www.kritische-masse.de\/logbuch\/category\/angriffauf\/dasnetz\/"},"img":{"alt_text":"","src":"","width":0,"height":0},"classes":[]},{"id":2005,"url":"https:\/\/www.kritische-masse.de\/logbuch\/2007\/01\/phonowirtschaft-der-krise-folge-212\/","url_meta":{"origin":10505,"position":5},"title":"Phonowirtschaft in der Krise [Folge 212]","author":"huflaikhan","date":"28. Januar 2007","format":false,"excerpt":"und andere jammern gleich mit. Ein neuer Gesetzentwurf sieht vor, dass k\u00fcnfig Ammahngeb\u00fchren bei der Verfolgung von Urherrechtsverletzungen nicht mehr extreme Abmahnkosten verursachen sollen. Mit 50 Euro sei man dabei bei einfach gelagerten F\u00e4llen und \u201eeiner nur unerheblichen Rechtsverletzung au\u00dferhalb des gesch\u00e4ftlichen Verkehrs\u201c. Das l\u00e4sst sich der Vorsitzender der Deutschen\u2026","rel":"","context":"In \"Krise\"","block_context":{"text":"Krise","link":"https:\/\/www.kritische-masse.de\/logbuch\/tag\/krise\/"},"img":{"alt_text":"","src":"","width":0,"height":0},"classes":[]}],"jetpack_sharing_enabled":true,"public_identification_id":"3b390266f7244f36a1c228dbbcefe796","private_identification_id":"ecb04b1f7b364d0494868ad68e6b3db4","_links":{"self":[{"href":"https:\/\/www.kritische-masse.de\/logbuch\/wp-json\/wp\/v2\/posts\/10505","targetHints":{"allow":["GET"]}}],"collection":[{"href":"https:\/\/www.kritische-masse.de\/logbuch\/wp-json\/wp\/v2\/posts"}],"about":[{"href":"https:\/\/www.kritische-masse.de\/logbuch\/wp-json\/wp\/v2\/types\/post"}],"author":[{"embeddable":true,"href":"https:\/\/www.kritische-masse.de\/logbuch\/wp-json\/wp\/v2\/users\/1"}],"replies":[{"embeddable":true,"href":"https:\/\/www.kritische-masse.de\/logbuch\/wp-json\/wp\/v2\/comments?post=10505"}],"version-history":[{"count":0,"href":"https:\/\/www.kritische-masse.de\/logbuch\/wp-json\/wp\/v2\/posts\/10505\/revisions"}],"wp:featuredmedia":[{"embeddable":true,"href":"https:\/\/www.kritische-masse.de\/logbuch\/wp-json\/wp\/v2\/media\/10509"}],"wp:attachment":[{"href":"https:\/\/www.kritische-masse.de\/logbuch\/wp-json\/wp\/v2\/media?parent=10505"}],"wp:term":[{"taxonomy":"category","embeddable":true,"href":"https:\/\/www.kritische-masse.de\/logbuch\/wp-json\/wp\/v2\/categories?post=10505"},{"taxonomy":"post_tag","embeddable":true,"href":"https:\/\/www.kritische-masse.de\/logbuch\/wp-json\/wp\/v2\/tags?post=10505"}],"curies":[{"name":"wp","href":"https:\/\/api.w.org\/{rel}","templated":true}]}}