{"id":10542,"date":"2024-12-29T12:51:04","date_gmt":"2024-12-29T11:51:04","guid":{"rendered":"https:\/\/www.kritische-masse.de\/logbuch\/?p=10542"},"modified":"2024-12-29T14:14:00","modified_gmt":"2024-12-29T13:14:00","slug":"helden-maulhelden-elons-neue-eigene-zeitung-in-deutschland-arnos-kantatenfinder","status":"publish","type":"post","link":"https:\/\/www.kritische-masse.de\/logbuch\/2024\/12\/helden-maulhelden-elons-neue-eigene-zeitung-in-deutschland-arnos-kantatenfinder\/","title":{"rendered":"Helden \u2026 Maulhelden \u2026 Elons neue eigene Zeitung in Deutschland \u2026 Arnos Kantatenfinder"},"content":{"rendered":"<div class=\"shariff shariff-align-left shariff-widget-align-left\"><ul class=\"shariff-buttons theme-white orientation-horizontal buttonsize-small\"><li class=\"shariff-button mastodon shariff-nocustomcolor\" style=\"background-color:#563ACC\"><a href=\"https:\/\/s2f.kytta.dev\/?text=Helden%20%E2%80%A6%20Maulhelden%20%E2%80%A6%20Elons%20neue%20eigene%20Zeitung%20in%20Deutschland%20%E2%80%A6%20Arnos%20Kantatenfinder https%3A%2F%2Fwww.kritische-masse.de%2Flogbuch%2F2024%2F12%2Fhelden-maulhelden-elons-neue-eigene-zeitung-in-deutschland-arnos-kantatenfinder%2F\" title=\"Bei Mastodon teilen\" aria-label=\"Bei Mastodon teilen\" role=\"button\" rel=\"noopener nofollow\" class=\"shariff-link\" style=\"; background-color:#6364FF; color:#6364FF\" target=\"_blank\"><span class=\"shariff-icon\" style=\"fill:#6364FF\"><svg width=\"75\" height=\"79\" viewBox=\"0 0 75 79\" fill=\"none\" xmlns=\"http:\/\/www.w3.org\/2000\/svg\"><path d=\"M37.813-.025C32.462-.058 27.114.13 21.79.598c-8.544.621-17.214 5.58-20.203 13.931C-1.12 23.318.408 32.622.465 41.65c.375 7.316.943 14.78 3.392 21.73 4.365 9.465 14.781 14.537 24.782 15.385 7.64.698 15.761-.213 22.517-4.026a54.1 54.1 0 0 0 .01-6.232c-6.855 1.316-14.101 2.609-21.049 1.074-3.883-.88-6.876-4.237-7.25-8.215-1.53-3.988 3.78-.43 5.584-.883 9.048 1.224 18.282.776 27.303-.462 7.044-.837 14.26-4.788 16.65-11.833 2.263-6.135 1.215-12.79 1.698-19.177.06-3.84.09-7.692-.262-11.52C72.596 7.844 63.223.981 53.834.684a219.453 219.453 0 0 0-16.022-.71zm11.294 12.882c5.5-.067 10.801 4.143 11.67 9.653.338 1.48.471 3 .471 4.515v21.088h-8.357c-.07-7.588.153-15.182-.131-22.765-.587-4.368-7.04-5.747-9.672-2.397-2.422 3.04-1.47 7.155-1.67 10.735v6.392h-8.307c-.146-4.996.359-10.045-.404-15.002-1.108-4.218-7.809-5.565-10.094-1.666-1.685 3.046-.712 6.634-.976 9.936v14.767h-8.354c.109-8.165-.238-16.344.215-24.5.674-5.346 5.095-10.389 10.676-10.627 4.902-.739 10.103 2.038 12.053 6.631.375 1.435 1.76 1.932 1.994.084 1.844-3.704 5.501-6.739 9.785-6.771.367-.044.735-.068 1.101-.073z\"\/><defs><linearGradient id=\"paint0_linear_549_34\" x1=\"37.0692\" y1=\"0\" x2=\"37.0692\" y2=\"79\" gradientUnits=\"userSpaceOnUse\"><stop stop-color=\"#6364FF\"\/><stop offset=\"1\" stop-color=\"#563ACC\"\/><\/linearGradient><\/defs><\/svg><\/span><span class=\"shariff-text\" style=\"color:#6364FF\">teilen<\/span>&nbsp;<\/a><\/li><li class=\"shariff-button bluesky shariff-nocustomcolor\" style=\"background-color:#84c4ff\"><a href=\"https:\/\/bsky.app\/intent\/compose?text=Helden%20%E2%80%A6%20Maulhelden%20%E2%80%A6%20Elons%20neue%20eigene%20Zeitung%20in%20Deutschland%20%E2%80%A6%20Arnos%20Kantatenfinder https%3A%2F%2Fwww.kritische-masse.de%2Flogbuch%2F2024%2F12%2Fhelden-maulhelden-elons-neue-eigene-zeitung-in-deutschland-arnos-kantatenfinder%2F \" title=\"Bei Bluesky teilen\" aria-label=\"Bei Bluesky teilen\" role=\"button\" rel=\"noopener nofollow\" class=\"shariff-link\" style=\"; background-color:#0085ff; color:#0085ff\" target=\"_blank\"><span class=\"shariff-icon\" style=\"fill:#0085ff\"><svg width=\"20\" height=\"20\" version=\"1.1\" xmlns=\"http:\/\/www.w3.org\/2000\/svg\" viewBox=\"0 0 20 20\"><path class=\"st0\" d=\"M4.89,3.12c2.07,1.55,4.3,4.71,5.11,6.4.82-1.69,3.04-4.84,5.11-6.4,1.49-1.12,3.91-1.99,3.91.77,0,.55-.32,4.63-.5,5.3-.64,2.3-2.99,2.89-5.08,2.54,3.65.62,4.58,2.68,2.57,4.74-3.81,3.91-5.48-.98-5.9-2.23-.08-.23-.11-.34-.12-.25,0-.09-.04.02-.12.25-.43,1.25-2.09,6.14-5.9,2.23-2.01-2.06-1.08-4.12,2.57-4.74-2.09.36-4.44-.23-5.08-2.54-.19-.66-.5-4.74-.5-5.3,0-2.76,2.42-1.89,3.91-.77h0Z\"\/><\/svg><\/span><span class=\"shariff-text\" style=\"color:#0085ff\">teilen<\/span>&nbsp;<\/a><\/li><li class=\"shariff-button threema shariff-nocustomcolor shariff-mobile\" style=\"background-color:#4fbc24\"><a href=\"threema:\/\/compose?text=Helden%20%E2%80%A6%20Maulhelden%20%E2%80%A6%20Elons%20neue%20eigene%20Zeitung%20in%20Deutschland%20%E2%80%A6%20Arnos%20Kantatenfinder%20https%3A%2F%2Fwww.kritische-masse.de%2Flogbuch%2F2024%2F12%2Fhelden-maulhelden-elons-neue-eigene-zeitung-in-deutschland-arnos-kantatenfinder%2F\" title=\"Bei Threema teilen\" aria-label=\"Bei Threema teilen\" role=\"button\" rel=\"noopener nofollow\" class=\"shariff-link\" style=\"; background-color:#1f1f1f; color:#1f1f1f\" target=\"_blank\"><span class=\"shariff-icon\" style=\"fill:#1f1f1f\"><svg width=\"32px\" height=\"20px\" xmlns=\"http:\/\/www.w3.org\/2000\/svg\" viewBox=\"0 0 32 32\"><path fill=\"#1f1f1f\" d=\"M30.8 10.9c-0.3-1.4-0.9-2.6-1.8-3.8-2-2.6-5.5-4.5-9.4-5.2-1.3-0.2-1.9-0.3-3.5-0.3s-2.2 0-3.5 0.3c-4 0.7-7.4 2.6-9.4 5.2-0.9 1.2-1.5 2.4-1.8 3.8-0.1 0.5-0.2 1.2-0.2 1.6 0 0.4 0.1 1.1 0.2 1.6 0.4 1.9 1.3 3.4 2.9 5 0.8 0.8 0.8 0.8 0.7 1.3 0 0.6-0.5 1.6-1.7 3.6-0.3 0.5-0.5 0.9-0.5 0.9 0 0.1 0.1 0.1 0.5 0 0.8-0.2 2.3-0.6 5.6-1.6 1.1-0.3 1.3-0.4 2.3-0.4 0.8 0 1.1 0 2.3 0.2 1.5 0.2 3.5 0.2 4.9 0 5.1-0.6 9.3-2.9 11.4-6.3 0.5-0.9 0.9-1.8 1.1-2.8 0.1-0.5 0.2-1.1 0.2-1.6 0-0.7-0.1-1.1-0.2-1.6-0.3-1.4 0.1 0.5 0 0zM20.6 17.3c0 0.4-0.4 0.8-0.8 0.8h-7.7c-0.4 0-0.8-0.4-0.8-0.8v-4.6c0-0.4 0.4-0.8 0.8-0.8h0.2l0-1.6c0-0.9 0-1.8 0.1-2 0.1-0.6 0.6-1.2 1.1-1.7s1.1-0.7 1.9-0.8c1.8-0.3 3.7 0.7 4.2 2.2 0.1 0.3 0.1 0.7 0.1 2.1v0 1.7h0.1c0.4 0 0.8 0.4 0.8 0.8v4.6zM15.6 7.3c-0.5 0.1-0.8 0.3-1.2 0.6s-0.6 0.8-0.7 1.3c0 0.2 0 0.8 0 1.5l0 1.2h4.6v-1.3c0-1 0-1.4-0.1-1.6-0.3-1.1-1.5-1.9-2.6-1.7zM25.8 28.2c0 1.2-1 2.2-2.1 2.2s-2.1-1-2.1-2.1c0-1.2 1-2.1 2.2-2.1s2.2 1 2.2 2.2zM18.1 28.2c0 1.2-1 2.2-2.1 2.2s-2.1-1-2.1-2.1c0-1.2 1-2.1 2.2-2.1s2.2 1 2.2 2.2zM10.4 28.2c0 1.2-1 2.2-2.1 2.2s-2.1-1-2.1-2.1c0-1.2 1-2.1 2.2-2.1s2.2 1 2.2 2.2z\"\/><\/svg><\/span><span class=\"shariff-text\" style=\"color:#1f1f1f\">teilen<\/span>&nbsp;<\/a><\/li><li class=\"shariff-button facebook shariff-nocustomcolor\" style=\"background-color:#4273c8\"><a href=\"https:\/\/www.facebook.com\/sharer\/sharer.php?u=https%3A%2F%2Fwww.kritische-masse.de%2Flogbuch%2F2024%2F12%2Fhelden-maulhelden-elons-neue-eigene-zeitung-in-deutschland-arnos-kantatenfinder%2F\" title=\"Bei Facebook teilen\" aria-label=\"Bei Facebook teilen\" role=\"button\" rel=\"nofollow\" class=\"shariff-link\" style=\"; background-color:#3b5998; color:#3b5998\" target=\"_blank\"><span class=\"shariff-icon\" style=\"fill:#3b5998\"><svg width=\"32px\" height=\"20px\" xmlns=\"http:\/\/www.w3.org\/2000\/svg\" viewBox=\"0 0 18 32\"><path fill=\"#3b5998\" d=\"M17.1 0.2v4.7h-2.8q-1.5 0-2.1 0.6t-0.5 1.9v3.4h5.2l-0.7 5.3h-4.5v13.6h-5.5v-13.6h-4.5v-5.3h4.5v-3.9q0-3.3 1.9-5.2t5-1.8q2.6 0 4.1 0.2z\"\/><\/svg><\/span><span class=\"shariff-text\" style=\"color:#3b5998\">teilen<\/span>&nbsp;<\/a><\/li><li class=\"shariff-button info shariff-nocustomcolor\" style=\"background-color:#a8a8a8\"><a href=\"http:\/\/ct.de\/-2467514\" title=\"Weitere Informationen\" aria-label=\"Weitere Informationen\" role=\"button\" rel=\"noopener \" class=\"shariff-link\" style=\"; background-color:#999; color:#999\" target=\"_blank\"><span class=\"shariff-icon\" style=\"fill:#999\"><svg width=\"32px\" height=\"20px\" xmlns=\"http:\/\/www.w3.org\/2000\/svg\" viewBox=\"0 0 11 32\"><path fill=\"#999\" d=\"M11.4 24v2.3q0 0.5-0.3 0.8t-0.8 0.4h-9.1q-0.5 0-0.8-0.4t-0.4-0.8v-2.3q0-0.5 0.4-0.8t0.8-0.4h1.1v-6.8h-1.1q-0.5 0-0.8-0.4t-0.4-0.8v-2.3q0-0.5 0.4-0.8t0.8-0.4h6.8q0.5 0 0.8 0.4t0.4 0.8v10.3h1.1q0.5 0 0.8 0.4t0.3 0.8zM9.2 3.4v3.4q0 0.5-0.4 0.8t-0.8 0.4h-4.6q-0.4 0-0.8-0.4t-0.4-0.8v-3.4q0-0.4 0.4-0.8t0.8-0.4h4.6q0.5 0 0.8 0.4t0.4 0.8z\"\/><\/svg><\/span><\/a><\/li><\/ul><\/div><p>\u2026 zumindest Maulhelden gibt es zuhauf. Ein bisschen ist es im Kreise dann so wie es bei Twitter vormals war und sich bei X perfektionierte. Shitstorms im Kleinen. Sich \u00fcber andere mokieren und selbst \u2026 naja, was man eben so \u2026 (lacht)<\/p>\n<blockquote><p>\u201e<span class=\"css-1jxf684 r-bcqeeo r-1ttztb7 r-qvutc0 r-poiln3\">F\u00fcr ein demokratiefeindliches Haus w\u00fcrde ich nicht arbeiten.<\/span>\u201c (Tim R. auf X<sup class=\"modern-footnotes-footnote \" data-mfn=\"1\" data-mfn-post-scope=\"0000000000003e110000000000000000_10542\"><a href=\"javascript:void(0)\"  role=\"button\" aria-pressed=\"false\" aria-describedby=\"mfn-content-0000000000003e110000000000000000_10542-1\">1<\/a><\/sup><span id=\"mfn-content-0000000000003e110000000000000000_10542-1\" role=\"tooltip\" class=\"modern-footnotes-footnote__note\" tabindex=\"0\" data-mfn=\"1\">https:\/\/x.com\/Tim_Roehn\/status\/1873050962820252104<\/span>)<\/p><\/blockquote>\n<p>\u00c4hm: Wir haben nix gewusst. Das haben alles die anderen verbrochen. Ich habe\/bin nur Befehle(n) gefolgt\/ausgef\u00fchrt. Man musste ja. Die WELT hat ein eigenartiges Verst\u00e4ndnis von Meinungsfreiheit und dies in Vergangenheit und Gegenwart bereits unter Beweis gestellt.<\/p>\n<hr \/>\n<p>Die Person hinter X hat jetzt wohl eine eigene Zeitung in Deutschland. Elon M. ist Autor der WELT, die damit endg\u00fcltig zum Propaganda-Organ der Zerst\u00f6rung von Vernunft, Sitte und Moral verkommen ist. J\u00f6rg Lengersdorf hat die auf Bluesky in die passenden Worte gegossen:<\/p>\n<blockquote><p>\u201eNach seiner eigenen Latrine X hat Musk jetzt ein pers\u00f6nliches G\u00e4steklo in der Welt\u201c (<a href=\"https:\/\/bsky.app\/profile\/radischorsch.bsky.social\/post\/3leehtktmhk2h\">Quelle<\/a>)<\/p><\/blockquote>\n<p>Selbst Deniz Y. ist auf Facebook <a href=\"https:\/\/www.facebook.com\/ilker.deniz.yucel\/posts\/pfbid0NSBpmoEeUjwvriW6e7AP4F9MK1434VPAaPNQ1m35jzuczJfAQdxte5nUXt57f8NQl?locale=de_DE\">schwer irritiert<\/a>. Folgen wird der Aufstand in der Redaktion wohl eher nicht haben. Jedenfalls bisher nicht. Da waren die Irritationen gegen\u00fcber einem Alan Posener deutlicher, als er sich \u00fcber einen Kollegen beklagte, irgendwo, irgendwann, ca. 2007. <a href=\"https:\/\/www.kritische-masse.de\/logbuch\/2018\/12\/die-armut-der-argumente-bei-der-welt-und-jeder-irre-nazihaufen\/\">Siehe hier<\/a>. Ich zitiere<\/p>\n<blockquote><p>\u201eDies ist die Entgleisung eines einzelnen Mitarbeiters. Der Beitrag von Alan Posener \u00fcber Kai Diekmann ist ohne Wissen der Chefredaktion in den Weblog von Alan Posener gestellt worden.<\/p>\n<p>Der Beitrag ist eine h\u00f6chst unkollegiale Geste und entspricht nicht den Werten unserer Unternehmenskultur.<\/p>\n<p>Bei Axel Springer gilt Meinungspluralismus, aber nicht Selbstprofilierung durch die Ver\u00e4chtlichmachung von Kollegen.\u201c<sup class=\"modern-footnotes-footnote \" data-mfn=\"2\" data-mfn-post-scope=\"000000000000325d0000000000000000_8789\"><a role=\"button\" aria-pressed=\"false\" aria-describedby=\"mfn-content-000000000000325d0000000000000000_8789-2\">1<\/a><\/sup><\/p><\/blockquote>\n<p>Da hatte man noch einen Begriff von Unternehmenskultur, der sich sogar auf private Blogs ausdehnte (allerdings innerhalb der Produktionsmittel von Axel-S.). <strong>Das wird man doch wohl doch nicht etwas sagen k\u00f6nnen?<\/strong> Damals. Heute ist das alles schnischnaschnuppe. Alan Posener steht voll zu seinem Arbeitgeber. Hat den Kampf gegen die Abkl\u00e4rung aufgegeben.<\/p>\n<p>Der Hinweis, dass es zu dem Beitrag von Elon M. einen Gegenbeitrag des neuen Chefredakteurs gegeben habe, verf\u00e4ngt nicht, weil das eine gar keine Meinung ist, sondern Absonderung der geschichtlichen, historischen Figur, die Elon M. darstellt. Dagegen ist das andere tats\u00e4chlich blo\u00df eine Meinung einer austauschbaren Person einer vergleichsweise f\u00fcr den demokratischen Diskurs unerheblichen Zeitung. Auf der Gegenseite h\u00e4tte da ein iranischer Revolutionsf\u00fchrer stehen m\u00fcssen oder ein Potentat aus China.<\/p>\n<p>Die WELT ist endg\u00fcltig abgedriftet in einer Art Denkeddrutsch hinter NIUS und NZZ in die Br\u00fche von Tichys Welt und \u00e4hnlichem denk- und f\u00fchlfaulem Restsprachschatz.<\/p>\n<p>Absolut unwitzig auch, dass die Kritik an Musk aus der Redaktion der WELT dann auf dessen Sprachrohr-Medium X stattfindet. Nat\u00fcrlich, wo auch sonst. Zum Beispiel Johannes Boie, ehemals WELT, ehemals BILD. Jetzt?<\/p>\n<p>Auf X hat er folgendes verfasst:<\/p>\n<blockquote><p><span class=\"css-1jxf684 r-bcqeeo r-1ttztb7 r-qvutc0 r-poiln3\">&#8220;Wer Musk noch immer f\u00fcr den Helden der Meinungsfreiheit h\u00e4lt und nicht sieht, welche Falschmeldungen und L\u00fcgen er verbreitet, hat den Schuss nicht geh\u00f6rt bzw. die Tweets nicht gelesen. Gerade Konservative m\u00fcssen hier doch den Versto\u00df gegen b\u00fcrgerliche Werte sehen.&#8221;<sup class=\"modern-footnotes-footnote \" data-mfn=\"2\" data-mfn-post-scope=\"0000000000003e110000000000000000_10542\"><a href=\"javascript:void(0)\"  role=\"button\" aria-pressed=\"false\" aria-describedby=\"mfn-content-0000000000003e110000000000000000_10542-2\">2<\/a><\/sup><span id=\"mfn-content-0000000000003e110000000000000000_10542-2\" role=\"tooltip\" class=\"modern-footnotes-footnote__note\" tabindex=\"0\" data-mfn=\"2\">https:\/\/x.com\/johannesboie\/status\/1871158853326516691<\/span><\/span><\/p><\/blockquote>\n<p>Das war am 23.12.24. Den Beitrag von Elon M. in der WELT also als Ausdruck von Meinungsfreiheit zu begreifen, ist vollkommen absurd. Boie erg\u00e4nzt sp\u00e4ter: \u201e<span class=\"css-1jxf684 r-bcqeeo r-1ttztb7 r-qvutc0 r-poiln3\">So viel Zorn von Musk-Fans auf diesen Tweet bekommen. Vier Tage sp\u00e4ter f\u00e4ngt Musk offensichtlich an, Profile, die ihn kritisiert haben, einzuschr\u00e4nken, zB das von Laura Loomer.<\/span>\u201c<sup class=\"modern-footnotes-footnote \" data-mfn=\"3\" data-mfn-post-scope=\"0000000000003e110000000000000000_10542\"><a href=\"javascript:void(0)\"  role=\"button\" aria-pressed=\"false\" aria-describedby=\"mfn-content-0000000000003e110000000000000000_10542-3\">3<\/a><\/sup><span id=\"mfn-content-0000000000003e110000000000000000_10542-3\" role=\"tooltip\" class=\"modern-footnotes-footnote__note\" tabindex=\"0\" data-mfn=\"3\">https:\/\/x.com\/johannesboie\/status\/1872552117338333619<\/span><\/p>\n<div id=\"ez-toc-container\" class=\"ez-toc-v2_0_82_2 ez-toc-wrap-center counter-hierarchy ez-toc-counter ez-toc-light-blue ez-toc-container-direction\">\n<div class=\"ez-toc-title-container\">\n<p class=\"ez-toc-title\" style=\"cursor:inherit\">Inhalt<\/p>\n<span class=\"ez-toc-title-toggle\"><a href=\"#\" class=\"ez-toc-pull-right ez-toc-btn ez-toc-btn-xs ez-toc-btn-default ez-toc-toggle\" aria-label=\"Toggle Table of Content\"><span class=\"ez-toc-js-icon-con\"><span class=\"\"><span class=\"eztoc-hide\" style=\"display:none;\">Toggle<\/span><span class=\"ez-toc-icon-toggle-span\"><svg style=\"fill: #999;color:#999\" xmlns=\"http:\/\/www.w3.org\/2000\/svg\" class=\"list-377408\" width=\"20px\" height=\"20px\" viewBox=\"0 0 24 24\" fill=\"none\"><path d=\"M6 6H4v2h2V6zm14 0H8v2h12V6zM4 11h2v2H4v-2zm16 0H8v2h12v-2zM4 16h2v2H4v-2zm16 0H8v2h12v-2z\" fill=\"currentColor\"><\/path><\/svg><svg style=\"fill: #999;color:#999\" class=\"arrow-unsorted-368013\" xmlns=\"http:\/\/www.w3.org\/2000\/svg\" width=\"10px\" height=\"10px\" viewBox=\"0 0 24 24\" version=\"1.2\" baseProfile=\"tiny\"><path d=\"M18.2 9.3l-6.2-6.3-6.2 6.3c-.2.2-.3.4-.3.7s.1.5.3.7c.2.2.4.3.7.3h11c.3 0 .5-.1.7-.3.2-.2.3-.5.3-.7s-.1-.5-.3-.7zM5.8 14.7l6.2 6.3 6.2-6.3c.2-.2.3-.5.3-.7s-.1-.5-.3-.7c-.2-.2-.4-.3-.7-.3h-11c-.3 0-.5.1-.7.3-.2.2-.3.5-.3.7s.1.5.3.7z\"\/><\/svg><\/span><\/span><\/span><\/a><\/span><\/div>\n<nav><ul class='ez-toc-list ez-toc-list-level-1 ' ><li class='ez-toc-page-1 ez-toc-heading-level-3'><a class=\"ez-toc-link ez-toc-heading-1\" href=\"https:\/\/www.kritische-masse.de\/logbuch\/2024\/12\/helden-maulhelden-elons-neue-eigene-zeitung-in-deutschland-arnos-kantatenfinder\/#Schweinebraten\" >Schweinebraten?<\/a><\/li><li class='ez-toc-page-1 ez-toc-heading-level-3'><a class=\"ez-toc-link ez-toc-heading-2\" href=\"https:\/\/www.kritische-masse.de\/logbuch\/2024\/12\/helden-maulhelden-elons-neue-eigene-zeitung-in-deutschland-arnos-kantatenfinder\/#Ja_Tschulligung\" >Ja. Tschulligung.<\/a><\/li><li class='ez-toc-page-1 ez-toc-heading-level-3'><a class=\"ez-toc-link ez-toc-heading-3\" href=\"https:\/\/www.kritische-masse.de\/logbuch\/2024\/12\/helden-maulhelden-elons-neue-eigene-zeitung-in-deutschland-arnos-kantatenfinder\/#Arno_Lueckers_Bach-Kantaten-Finder\" >Arno L\u00fcckers Bach-Kantaten-Finder<\/a><\/li><\/ul><\/nav><\/div>\n<h3><span class=\"ez-toc-section\" id=\"Schweinebraten\"><\/span>Schweinebraten?<span class=\"ez-toc-section-end\"><\/span><\/h3>\n<p>Kindergarten? Das w\u00e4re zu leicht gewogen. Es ist schlie\u00dflich nicht mehr zu \u00fcbersehen, wie eine ganze ehemals rechtskonservative Journalismusecke in den Matsch aus antindemokratischen, antiaufkl\u00e4rerischen Sprach- und Denkdurchfallsgem\u00fclle versinkt. Jetzt fehlen nur noch Gastbeitr\u00e4ge von Greta T. zur Lage Israels und von Kim Jong U. zur Zukunft Moldawiens. Die Redaktion der WELT jedenfalls ist auf Zack und h\u00e4lt sich im Gespr\u00e4ch. F\u00fcrchten m\u00fcssen sich jetzt eher die anderen kleineren faschistischen Postillchen um die WELT und NZZ herum. Und wahrscheinlich ist das eine der kleinen Hoffnungen, die man hegen kann, dass auch im Faschismus der Hang und Drang zu Meinungshoheit und zu Meinungsmonopolen zum Verlust der Spezialangebote f\u00fchren k\u00f6nnte. Und diese Monopol-Agenturen-der Meinungsbildung am Ende \u00fcber interne Zwistigkeiten straucheln bzw. in Abh\u00e4ngigkeit von Meinungsbildern wie Elon M. so vollkommen abh\u00e4ngig werden, dass diese eben das Lenkrad und das Gaspedal f\u00fchren und ungebremst gegen die Mauer ihrer Irrationalit\u00e4t donnern. Oder ein neuer Finanzgigant auf der B\u00fchne erscheint. Der n\u00e4chste Oligagagarch.<\/p>\n<hr \/>\n<h3><span class=\"ez-toc-section\" id=\"Ja_Tschulligung\"><\/span>Ja. Tschulligung.<span class=\"ez-toc-section-end\"><\/span><\/h3>\n<hr \/>\n<p>Zu billig diese Bilder, oder? In der Peripherie der Macht ist aber eben auch nichts sicherer als die Unsicherheit. Autokraten sterben alle, viele leider durchaus erst zu sp\u00e4t.<\/p>\n<hr \/>\n<h3><span class=\"ez-toc-section\" id=\"Arno_Lueckers_Bach-Kantaten-Finder\"><\/span>Arno L\u00fcckers Bach-Kantaten-Finder<span class=\"ez-toc-section-end\"><\/span><\/h3>\n<p>Dann auf zu Arno L\u00fcckers <a href=\"https:\/\/arnoldinho1979.github.io\/the-cantata-finder\/\">Can-Tat-O-Mat<\/a>: Bei mir war es Weinen, Klagen, Sorgen, Zagen BWV 12 (Weimar 1714)<\/p>\n<div class=\"shariff shariff-align-left shariff-widget-align-left\"><ul class=\"shariff-buttons theme-white orientation-horizontal buttonsize-small\"><li class=\"shariff-button mastodon shariff-nocustomcolor\" style=\"background-color:#563ACC\"><a href=\"https:\/\/s2f.kytta.dev\/?text=Helden%20%E2%80%A6%20Maulhelden%20%E2%80%A6%20Elons%20neue%20eigene%20Zeitung%20in%20Deutschland%20%E2%80%A6%20Arnos%20Kantatenfinder https%3A%2F%2Fwww.kritische-masse.de%2Flogbuch%2F2024%2F12%2Fhelden-maulhelden-elons-neue-eigene-zeitung-in-deutschland-arnos-kantatenfinder%2F\" title=\"Bei Mastodon teilen\" aria-label=\"Bei Mastodon teilen\" role=\"button\" rel=\"noopener nofollow\" class=\"shariff-link\" style=\"; background-color:#6364FF; color:#6364FF\" target=\"_blank\"><span class=\"shariff-icon\" style=\"fill:#6364FF\"><svg width=\"75\" height=\"79\" viewBox=\"0 0 75 79\" fill=\"none\" xmlns=\"http:\/\/www.w3.org\/2000\/svg\"><path d=\"M37.813-.025C32.462-.058 27.114.13 21.79.598c-8.544.621-17.214 5.58-20.203 13.931C-1.12 23.318.408 32.622.465 41.65c.375 7.316.943 14.78 3.392 21.73 4.365 9.465 14.781 14.537 24.782 15.385 7.64.698 15.761-.213 22.517-4.026a54.1 54.1 0 0 0 .01-6.232c-6.855 1.316-14.101 2.609-21.049 1.074-3.883-.88-6.876-4.237-7.25-8.215-1.53-3.988 3.78-.43 5.584-.883 9.048 1.224 18.282.776 27.303-.462 7.044-.837 14.26-4.788 16.65-11.833 2.263-6.135 1.215-12.79 1.698-19.177.06-3.84.09-7.692-.262-11.52C72.596 7.844 63.223.981 53.834.684a219.453 219.453 0 0 0-16.022-.71zm11.294 12.882c5.5-.067 10.801 4.143 11.67 9.653.338 1.48.471 3 .471 4.515v21.088h-8.357c-.07-7.588.153-15.182-.131-22.765-.587-4.368-7.04-5.747-9.672-2.397-2.422 3.04-1.47 7.155-1.67 10.735v6.392h-8.307c-.146-4.996.359-10.045-.404-15.002-1.108-4.218-7.809-5.565-10.094-1.666-1.685 3.046-.712 6.634-.976 9.936v14.767h-8.354c.109-8.165-.238-16.344.215-24.5.674-5.346 5.095-10.389 10.676-10.627 4.902-.739 10.103 2.038 12.053 6.631.375 1.435 1.76 1.932 1.994.084 1.844-3.704 5.501-6.739 9.785-6.771.367-.044.735-.068 1.101-.073z\"\/><defs><linearGradient id=\"paint0_linear_549_34\" x1=\"37.0692\" y1=\"0\" x2=\"37.0692\" y2=\"79\" gradientUnits=\"userSpaceOnUse\"><stop stop-color=\"#6364FF\"\/><stop offset=\"1\" stop-color=\"#563ACC\"\/><\/linearGradient><\/defs><\/svg><\/span><span class=\"shariff-text\" style=\"color:#6364FF\">teilen<\/span>&nbsp;<\/a><\/li><li class=\"shariff-button bluesky shariff-nocustomcolor\" style=\"background-color:#84c4ff\"><a href=\"https:\/\/bsky.app\/intent\/compose?text=Helden%20%E2%80%A6%20Maulhelden%20%E2%80%A6%20Elons%20neue%20eigene%20Zeitung%20in%20Deutschland%20%E2%80%A6%20Arnos%20Kantatenfinder https%3A%2F%2Fwww.kritische-masse.de%2Flogbuch%2F2024%2F12%2Fhelden-maulhelden-elons-neue-eigene-zeitung-in-deutschland-arnos-kantatenfinder%2F \" title=\"Bei Bluesky teilen\" aria-label=\"Bei Bluesky teilen\" role=\"button\" rel=\"noopener nofollow\" class=\"shariff-link\" style=\"; background-color:#0085ff; color:#0085ff\" target=\"_blank\"><span class=\"shariff-icon\" style=\"fill:#0085ff\"><svg width=\"20\" height=\"20\" version=\"1.1\" xmlns=\"http:\/\/www.w3.org\/2000\/svg\" viewBox=\"0 0 20 20\"><path class=\"st0\" d=\"M4.89,3.12c2.07,1.55,4.3,4.71,5.11,6.4.82-1.69,3.04-4.84,5.11-6.4,1.49-1.12,3.91-1.99,3.91.77,0,.55-.32,4.63-.5,5.3-.64,2.3-2.99,2.89-5.08,2.54,3.65.62,4.58,2.68,2.57,4.74-3.81,3.91-5.48-.98-5.9-2.23-.08-.23-.11-.34-.12-.25,0-.09-.04.02-.12.25-.43,1.25-2.09,6.14-5.9,2.23-2.01-2.06-1.08-4.12,2.57-4.74-2.09.36-4.44-.23-5.08-2.54-.19-.66-.5-4.74-.5-5.3,0-2.76,2.42-1.89,3.91-.77h0Z\"\/><\/svg><\/span><span class=\"shariff-text\" style=\"color:#0085ff\">teilen<\/span>&nbsp;<\/a><\/li><li class=\"shariff-button threema shariff-nocustomcolor shariff-mobile\" style=\"background-color:#4fbc24\"><a href=\"threema:\/\/compose?text=Helden%20%E2%80%A6%20Maulhelden%20%E2%80%A6%20Elons%20neue%20eigene%20Zeitung%20in%20Deutschland%20%E2%80%A6%20Arnos%20Kantatenfinder%20https%3A%2F%2Fwww.kritische-masse.de%2Flogbuch%2F2024%2F12%2Fhelden-maulhelden-elons-neue-eigene-zeitung-in-deutschland-arnos-kantatenfinder%2F\" title=\"Bei Threema teilen\" aria-label=\"Bei Threema teilen\" role=\"button\" rel=\"noopener nofollow\" class=\"shariff-link\" style=\"; background-color:#1f1f1f; color:#1f1f1f\" target=\"_blank\"><span class=\"shariff-icon\" style=\"fill:#1f1f1f\"><svg width=\"32px\" height=\"20px\" xmlns=\"http:\/\/www.w3.org\/2000\/svg\" viewBox=\"0 0 32 32\"><path fill=\"#1f1f1f\" d=\"M30.8 10.9c-0.3-1.4-0.9-2.6-1.8-3.8-2-2.6-5.5-4.5-9.4-5.2-1.3-0.2-1.9-0.3-3.5-0.3s-2.2 0-3.5 0.3c-4 0.7-7.4 2.6-9.4 5.2-0.9 1.2-1.5 2.4-1.8 3.8-0.1 0.5-0.2 1.2-0.2 1.6 0 0.4 0.1 1.1 0.2 1.6 0.4 1.9 1.3 3.4 2.9 5 0.8 0.8 0.8 0.8 0.7 1.3 0 0.6-0.5 1.6-1.7 3.6-0.3 0.5-0.5 0.9-0.5 0.9 0 0.1 0.1 0.1 0.5 0 0.8-0.2 2.3-0.6 5.6-1.6 1.1-0.3 1.3-0.4 2.3-0.4 0.8 0 1.1 0 2.3 0.2 1.5 0.2 3.5 0.2 4.9 0 5.1-0.6 9.3-2.9 11.4-6.3 0.5-0.9 0.9-1.8 1.1-2.8 0.1-0.5 0.2-1.1 0.2-1.6 0-0.7-0.1-1.1-0.2-1.6-0.3-1.4 0.1 0.5 0 0zM20.6 17.3c0 0.4-0.4 0.8-0.8 0.8h-7.7c-0.4 0-0.8-0.4-0.8-0.8v-4.6c0-0.4 0.4-0.8 0.8-0.8h0.2l0-1.6c0-0.9 0-1.8 0.1-2 0.1-0.6 0.6-1.2 1.1-1.7s1.1-0.7 1.9-0.8c1.8-0.3 3.7 0.7 4.2 2.2 0.1 0.3 0.1 0.7 0.1 2.1v0 1.7h0.1c0.4 0 0.8 0.4 0.8 0.8v4.6zM15.6 7.3c-0.5 0.1-0.8 0.3-1.2 0.6s-0.6 0.8-0.7 1.3c0 0.2 0 0.8 0 1.5l0 1.2h4.6v-1.3c0-1 0-1.4-0.1-1.6-0.3-1.1-1.5-1.9-2.6-1.7zM25.8 28.2c0 1.2-1 2.2-2.1 2.2s-2.1-1-2.1-2.1c0-1.2 1-2.1 2.2-2.1s2.2 1 2.2 2.2zM18.1 28.2c0 1.2-1 2.2-2.1 2.2s-2.1-1-2.1-2.1c0-1.2 1-2.1 2.2-2.1s2.2 1 2.2 2.2zM10.4 28.2c0 1.2-1 2.2-2.1 2.2s-2.1-1-2.1-2.1c0-1.2 1-2.1 2.2-2.1s2.2 1 2.2 2.2z\"\/><\/svg><\/span><span class=\"shariff-text\" style=\"color:#1f1f1f\">teilen<\/span>&nbsp;<\/a><\/li><li class=\"shariff-button facebook shariff-nocustomcolor\" style=\"background-color:#4273c8\"><a href=\"https:\/\/www.facebook.com\/sharer\/sharer.php?u=https%3A%2F%2Fwww.kritische-masse.de%2Flogbuch%2F2024%2F12%2Fhelden-maulhelden-elons-neue-eigene-zeitung-in-deutschland-arnos-kantatenfinder%2F\" title=\"Bei Facebook teilen\" aria-label=\"Bei Facebook teilen\" role=\"button\" rel=\"nofollow\" class=\"shariff-link\" style=\"; background-color:#3b5998; color:#3b5998\" target=\"_blank\"><span class=\"shariff-icon\" style=\"fill:#3b5998\"><svg width=\"32px\" height=\"20px\" xmlns=\"http:\/\/www.w3.org\/2000\/svg\" viewBox=\"0 0 18 32\"><path fill=\"#3b5998\" d=\"M17.1 0.2v4.7h-2.8q-1.5 0-2.1 0.6t-0.5 1.9v3.4h5.2l-0.7 5.3h-4.5v13.6h-5.5v-13.6h-4.5v-5.3h4.5v-3.9q0-3.3 1.9-5.2t5-1.8q2.6 0 4.1 0.2z\"\/><\/svg><\/span><span class=\"shariff-text\" style=\"color:#3b5998\">teilen<\/span>&nbsp;<\/a><\/li><li class=\"shariff-button info shariff-nocustomcolor\" style=\"background-color:#a8a8a8\"><a href=\"http:\/\/ct.de\/-2467514\" title=\"Weitere Informationen\" aria-label=\"Weitere Informationen\" role=\"button\" rel=\"noopener \" class=\"shariff-link\" style=\"; background-color:#999; color:#999\" target=\"_blank\"><span class=\"shariff-icon\" style=\"fill:#999\"><svg width=\"32px\" height=\"20px\" xmlns=\"http:\/\/www.w3.org\/2000\/svg\" viewBox=\"0 0 11 32\"><path fill=\"#999\" d=\"M11.4 24v2.3q0 0.5-0.3 0.8t-0.8 0.4h-9.1q-0.5 0-0.8-0.4t-0.4-0.8v-2.3q0-0.5 0.4-0.8t0.8-0.4h1.1v-6.8h-1.1q-0.5 0-0.8-0.4t-0.4-0.8v-2.3q0-0.5 0.4-0.8t0.8-0.4h6.8q0.5 0 0.8 0.4t0.4 0.8v10.3h1.1q0.5 0 0.8 0.4t0.3 0.8zM9.2 3.4v3.4q0 0.5-0.4 0.8t-0.8 0.4h-4.6q-0.4 0-0.8-0.4t-0.4-0.8v-3.4q0-0.4 0.4-0.8t0.8-0.4h4.6q0.5 0 0.8 0.4t0.4 0.8z\"\/><\/svg><\/span><\/a><\/li><\/ul><\/div><h3 class=\"modern-footnotes-list-heading \">Fussnoten:<\/h3><ul class=\"modern-footnotes-list \"><li><span>1<\/span><div>https:\/\/x.com\/Tim_Roehn\/status\/1873050962820252104<\/div><\/li><li><span>2<\/span><div>https:\/\/x.com\/johannesboie\/status\/1871158853326516691<\/div><\/li><li><span>3<\/span><div>https:\/\/x.com\/johannesboie\/status\/1872552117338333619<\/div><\/li><\/ul>","protected":false},"excerpt":{"rendered":"<p>Wir m\u00fcssen auf die WELT verzichten so wie auf X und seinen Besitzer +++ Fahren die Zeitungsfaschisten ihre Unternehmungen ungebremst an die Wand? +++ Die unterschiedlichen Versionen des Begriffs von Meinungsfreiheit innerhalb der WELT +++ Wann kauft sich Elon M. ein eigenes Land?<\/p>\n<div class=\"shariff shariff-align-left shariff-widget-align-left\"><ul class=\"shariff-buttons theme-white orientation-horizontal buttonsize-small\"><li class=\"shariff-button mastodon shariff-nocustomcolor\" style=\"background-color:#563ACC\"><a href=\"https:\/\/s2f.kytta.dev\/?text=Helden%20%E2%80%A6%20Maulhelden%20%E2%80%A6%20Elons%20neue%20eigene%20Zeitung%20in%20Deutschland%20%E2%80%A6%20Arnos%20Kantatenfinder https%3A%2F%2Fwww.kritische-masse.de%2Flogbuch%2F2024%2F12%2Fhelden-maulhelden-elons-neue-eigene-zeitung-in-deutschland-arnos-kantatenfinder%2F\" title=\"Bei Mastodon teilen\" aria-label=\"Bei Mastodon teilen\" role=\"button\" rel=\"noopener nofollow\" class=\"shariff-link\" style=\"; background-color:#6364FF; color:#6364FF\" target=\"_blank\"><span class=\"shariff-icon\" style=\"fill:#6364FF\"><svg width=\"75\" height=\"79\" viewBox=\"0 0 75 79\" fill=\"none\" xmlns=\"http:\/\/www.w3.org\/2000\/svg\"><path d=\"M37.813-.025C32.462-.058 27.114.13 21.79.598c-8.544.621-17.214 5.58-20.203 13.931C-1.12 23.318.408 32.622.465 41.65c.375 7.316.943 14.78 3.392 21.73 4.365 9.465 14.781 14.537 24.782 15.385 7.64.698 15.761-.213 22.517-4.026a54.1 54.1 0 0 0 .01-6.232c-6.855 1.316-14.101 2.609-21.049 1.074-3.883-.88-6.876-4.237-7.25-8.215-1.53-3.988 3.78-.43 5.584-.883 9.048 1.224 18.282.776 27.303-.462 7.044-.837 14.26-4.788 16.65-11.833 2.263-6.135 1.215-12.79 1.698-19.177.06-3.84.09-7.692-.262-11.52C72.596 7.844 63.223.981 53.834.684a219.453 219.453 0 0 0-16.022-.71zm11.294 12.882c5.5-.067 10.801 4.143 11.67 9.653.338 1.48.471 3 .471 4.515v21.088h-8.357c-.07-7.588.153-15.182-.131-22.765-.587-4.368-7.04-5.747-9.672-2.397-2.422 3.04-1.47 7.155-1.67 10.735v6.392h-8.307c-.146-4.996.359-10.045-.404-15.002-1.108-4.218-7.809-5.565-10.094-1.666-1.685 3.046-.712 6.634-.976 9.936v14.767h-8.354c.109-8.165-.238-16.344.215-24.5.674-5.346 5.095-10.389 10.676-10.627 4.902-.739 10.103 2.038 12.053 6.631.375 1.435 1.76 1.932 1.994.084 1.844-3.704 5.501-6.739 9.785-6.771.367-.044.735-.068 1.101-.073z\"\/><defs><linearGradient id=\"paint0_linear_549_34\" x1=\"37.0692\" y1=\"0\" x2=\"37.0692\" y2=\"79\" gradientUnits=\"userSpaceOnUse\"><stop stop-color=\"#6364FF\"\/><stop offset=\"1\" stop-color=\"#563ACC\"\/><\/linearGradient><\/defs><\/svg><\/span><span class=\"shariff-text\" style=\"color:#6364FF\">teilen<\/span>&nbsp;<\/a><\/li><li class=\"shariff-button bluesky shariff-nocustomcolor\" style=\"background-color:#84c4ff\"><a href=\"https:\/\/bsky.app\/intent\/compose?text=Helden%20%E2%80%A6%20Maulhelden%20%E2%80%A6%20Elons%20neue%20eigene%20Zeitung%20in%20Deutschland%20%E2%80%A6%20Arnos%20Kantatenfinder https%3A%2F%2Fwww.kritische-masse.de%2Flogbuch%2F2024%2F12%2Fhelden-maulhelden-elons-neue-eigene-zeitung-in-deutschland-arnos-kantatenfinder%2F \" title=\"Bei Bluesky teilen\" aria-label=\"Bei Bluesky teilen\" role=\"button\" rel=\"noopener nofollow\" class=\"shariff-link\" style=\"; background-color:#0085ff; color:#0085ff\" target=\"_blank\"><span class=\"shariff-icon\" style=\"fill:#0085ff\"><svg width=\"20\" height=\"20\" version=\"1.1\" xmlns=\"http:\/\/www.w3.org\/2000\/svg\" viewBox=\"0 0 20 20\"><path class=\"st0\" d=\"M4.89,3.12c2.07,1.55,4.3,4.71,5.11,6.4.82-1.69,3.04-4.84,5.11-6.4,1.49-1.12,3.91-1.99,3.91.77,0,.55-.32,4.63-.5,5.3-.64,2.3-2.99,2.89-5.08,2.54,3.65.62,4.58,2.68,2.57,4.74-3.81,3.91-5.48-.98-5.9-2.23-.08-.23-.11-.34-.12-.25,0-.09-.04.02-.12.25-.43,1.25-2.09,6.14-5.9,2.23-2.01-2.06-1.08-4.12,2.57-4.74-2.09.36-4.44-.23-5.08-2.54-.19-.66-.5-4.74-.5-5.3,0-2.76,2.42-1.89,3.91-.77h0Z\"\/><\/svg><\/span><span class=\"shariff-text\" style=\"color:#0085ff\">teilen<\/span>&nbsp;<\/a><\/li><li class=\"shariff-button threema shariff-nocustomcolor shariff-mobile\" style=\"background-color:#4fbc24\"><a href=\"threema:\/\/compose?text=Helden%20%E2%80%A6%20Maulhelden%20%E2%80%A6%20Elons%20neue%20eigene%20Zeitung%20in%20Deutschland%20%E2%80%A6%20Arnos%20Kantatenfinder%20https%3A%2F%2Fwww.kritische-masse.de%2Flogbuch%2F2024%2F12%2Fhelden-maulhelden-elons-neue-eigene-zeitung-in-deutschland-arnos-kantatenfinder%2F\" title=\"Bei Threema teilen\" aria-label=\"Bei Threema teilen\" role=\"button\" rel=\"noopener nofollow\" class=\"shariff-link\" style=\"; background-color:#1f1f1f; color:#1f1f1f\" target=\"_blank\"><span class=\"shariff-icon\" style=\"fill:#1f1f1f\"><svg width=\"32px\" height=\"20px\" xmlns=\"http:\/\/www.w3.org\/2000\/svg\" viewBox=\"0 0 32 32\"><path fill=\"#1f1f1f\" d=\"M30.8 10.9c-0.3-1.4-0.9-2.6-1.8-3.8-2-2.6-5.5-4.5-9.4-5.2-1.3-0.2-1.9-0.3-3.5-0.3s-2.2 0-3.5 0.3c-4 0.7-7.4 2.6-9.4 5.2-0.9 1.2-1.5 2.4-1.8 3.8-0.1 0.5-0.2 1.2-0.2 1.6 0 0.4 0.1 1.1 0.2 1.6 0.4 1.9 1.3 3.4 2.9 5 0.8 0.8 0.8 0.8 0.7 1.3 0 0.6-0.5 1.6-1.7 3.6-0.3 0.5-0.5 0.9-0.5 0.9 0 0.1 0.1 0.1 0.5 0 0.8-0.2 2.3-0.6 5.6-1.6 1.1-0.3 1.3-0.4 2.3-0.4 0.8 0 1.1 0 2.3 0.2 1.5 0.2 3.5 0.2 4.9 0 5.1-0.6 9.3-2.9 11.4-6.3 0.5-0.9 0.9-1.8 1.1-2.8 0.1-0.5 0.2-1.1 0.2-1.6 0-0.7-0.1-1.1-0.2-1.6-0.3-1.4 0.1 0.5 0 0zM20.6 17.3c0 0.4-0.4 0.8-0.8 0.8h-7.7c-0.4 0-0.8-0.4-0.8-0.8v-4.6c0-0.4 0.4-0.8 0.8-0.8h0.2l0-1.6c0-0.9 0-1.8 0.1-2 0.1-0.6 0.6-1.2 1.1-1.7s1.1-0.7 1.9-0.8c1.8-0.3 3.7 0.7 4.2 2.2 0.1 0.3 0.1 0.7 0.1 2.1v0 1.7h0.1c0.4 0 0.8 0.4 0.8 0.8v4.6zM15.6 7.3c-0.5 0.1-0.8 0.3-1.2 0.6s-0.6 0.8-0.7 1.3c0 0.2 0 0.8 0 1.5l0 1.2h4.6v-1.3c0-1 0-1.4-0.1-1.6-0.3-1.1-1.5-1.9-2.6-1.7zM25.8 28.2c0 1.2-1 2.2-2.1 2.2s-2.1-1-2.1-2.1c0-1.2 1-2.1 2.2-2.1s2.2 1 2.2 2.2zM18.1 28.2c0 1.2-1 2.2-2.1 2.2s-2.1-1-2.1-2.1c0-1.2 1-2.1 2.2-2.1s2.2 1 2.2 2.2zM10.4 28.2c0 1.2-1 2.2-2.1 2.2s-2.1-1-2.1-2.1c0-1.2 1-2.1 2.2-2.1s2.2 1 2.2 2.2z\"\/><\/svg><\/span><span class=\"shariff-text\" style=\"color:#1f1f1f\">teilen<\/span>&nbsp;<\/a><\/li><li class=\"shariff-button facebook shariff-nocustomcolor\" style=\"background-color:#4273c8\"><a href=\"https:\/\/www.facebook.com\/sharer\/sharer.php?u=https%3A%2F%2Fwww.kritische-masse.de%2Flogbuch%2F2024%2F12%2Fhelden-maulhelden-elons-neue-eigene-zeitung-in-deutschland-arnos-kantatenfinder%2F\" title=\"Bei Facebook teilen\" aria-label=\"Bei Facebook teilen\" role=\"button\" rel=\"nofollow\" class=\"shariff-link\" style=\"; background-color:#3b5998; color:#3b5998\" target=\"_blank\"><span class=\"shariff-icon\" style=\"fill:#3b5998\"><svg width=\"32px\" height=\"20px\" xmlns=\"http:\/\/www.w3.org\/2000\/svg\" viewBox=\"0 0 18 32\"><path fill=\"#3b5998\" d=\"M17.1 0.2v4.7h-2.8q-1.5 0-2.1 0.6t-0.5 1.9v3.4h5.2l-0.7 5.3h-4.5v13.6h-5.5v-13.6h-4.5v-5.3h4.5v-3.9q0-3.3 1.9-5.2t5-1.8q2.6 0 4.1 0.2z\"\/><\/svg><\/span><span class=\"shariff-text\" style=\"color:#3b5998\">teilen<\/span>&nbsp;<\/a><\/li><li class=\"shariff-button info shariff-nocustomcolor\" style=\"background-color:#a8a8a8\"><a href=\"http:\/\/ct.de\/-2467514\" title=\"Weitere Informationen\" aria-label=\"Weitere Informationen\" role=\"button\" rel=\"noopener \" class=\"shariff-link\" style=\"; background-color:#999; color:#999\" target=\"_blank\"><span class=\"shariff-icon\" style=\"fill:#999\"><svg width=\"32px\" height=\"20px\" xmlns=\"http:\/\/www.w3.org\/2000\/svg\" viewBox=\"0 0 11 32\"><path fill=\"#999\" d=\"M11.4 24v2.3q0 0.5-0.3 0.8t-0.8 0.4h-9.1q-0.5 0-0.8-0.4t-0.4-0.8v-2.3q0-0.5 0.4-0.8t0.8-0.4h1.1v-6.8h-1.1q-0.5 0-0.8-0.4t-0.4-0.8v-2.3q0-0.5 0.4-0.8t0.8-0.4h6.8q0.5 0 0.8 0.4t0.4 0.8v10.3h1.1q0.5 0 0.8 0.4t0.3 0.8zM9.2 3.4v3.4q0 0.5-0.4 0.8t-0.8 0.4h-4.6q-0.4 0-0.8-0.4t-0.4-0.8v-3.4q0-0.4 0.4-0.8t0.8-0.4h4.6q0.5 0 0.8 0.4t0.4 0.8z\"\/><\/svg><\/span><\/a><\/li><\/ul><\/div>","protected":false},"author":1,"featured_media":10560,"comment_status":"open","ping_status":"open","sticky":false,"template":"","format":"standard","meta":{"ocean_post_layout":"","ocean_both_sidebars_style":"","ocean_both_sidebars_content_width":0,"ocean_both_sidebars_sidebars_width":0,"ocean_sidebar":"","ocean_second_sidebar":"","ocean_disable_margins":"enable","ocean_add_body_class":"","ocean_shortcode_before_top_bar":"","ocean_shortcode_after_top_bar":"","ocean_shortcode_before_header":"","ocean_shortcode_after_header":"","ocean_has_shortcode":"","ocean_shortcode_after_title":"","ocean_shortcode_before_footer_widgets":"","ocean_shortcode_after_footer_widgets":"","ocean_shortcode_before_footer_bottom":"","ocean_shortcode_after_footer_bottom":"","ocean_display_top_bar":"default","ocean_display_header":"default","ocean_header_style":"","ocean_center_header_left_menu":"","ocean_custom_header_template":"","ocean_custom_logo":0,"ocean_custom_retina_logo":0,"ocean_custom_logo_max_width":0,"ocean_custom_logo_tablet_max_width":0,"ocean_custom_logo_mobile_max_width":0,"ocean_custom_logo_max_height":0,"ocean_custom_logo_tablet_max_height":0,"ocean_custom_logo_mobile_max_height":0,"ocean_header_custom_menu":"","ocean_menu_typo_font_family":"","ocean_menu_typo_font_subset":"","ocean_menu_typo_font_size":0,"ocean_menu_typo_font_size_tablet":0,"ocean_menu_typo_font_size_mobile":0,"ocean_menu_typo_font_size_unit":"px","ocean_menu_typo_font_weight":"","ocean_menu_typo_font_weight_tablet":"","ocean_menu_typo_font_weight_mobile":"","ocean_menu_typo_transform":"","ocean_menu_typo_transform_tablet":"","ocean_menu_typo_transform_mobile":"","ocean_menu_typo_line_height":0,"ocean_menu_typo_line_height_tablet":0,"ocean_menu_typo_line_height_mobile":0,"ocean_menu_typo_line_height_unit":"","ocean_menu_typo_spacing":0,"ocean_menu_typo_spacing_tablet":0,"ocean_menu_typo_spacing_mobile":0,"ocean_menu_typo_spacing_unit":"","ocean_menu_link_color":"","ocean_menu_link_color_hover":"","ocean_menu_link_color_active":"","ocean_menu_link_background":"","ocean_menu_link_hover_background":"","ocean_menu_link_active_background":"","ocean_menu_social_links_bg":"","ocean_menu_social_hover_links_bg":"","ocean_menu_social_links_color":"","ocean_menu_social_hover_links_color":"","ocean_disable_title":"default","ocean_disable_heading":"default","ocean_post_title":"","ocean_post_subheading":"","ocean_post_title_style":"","ocean_post_title_background_color":"","ocean_post_title_background":0,"ocean_post_title_bg_image_position":"","ocean_post_title_bg_image_attachment":"","ocean_post_title_bg_image_repeat":"","ocean_post_title_bg_image_size":"","ocean_post_title_height":0,"ocean_post_title_bg_overlay":0.5,"ocean_post_title_bg_overlay_color":"","ocean_disable_breadcrumbs":"default","ocean_breadcrumbs_color":"","ocean_breadcrumbs_separator_color":"","ocean_breadcrumbs_links_color":"","ocean_breadcrumbs_links_hover_color":"","ocean_display_footer_widgets":"default","ocean_display_footer_bottom":"default","ocean_custom_footer_template":"","osh_disable_topbar_sticky":"default","osh_disable_header_sticky":"default","osh_sticky_header_style":"default","osh_sticky_header_effect":"","osh_custom_sticky_logo":0,"osh_custom_retina_sticky_logo":0,"osh_custom_sticky_logo_height":0,"osh_background_color":"","osh_links_color":"","osh_links_hover_color":"","osh_links_active_color":"","osh_links_bg_color":"","osh_links_hover_bg_color":"","osh_links_active_bg_color":"","osh_menu_social_links_color":"","osh_menu_social_hover_links_color":"","_FSMCFIC_featured_image_caption":"","_FSMCFIC_featured_image_nocaption":"","_FSMCFIC_featured_image_hide":"","_metis_text_type":"standard","_metis_text_length":5331,"_post_count":0,"_jetpack_memberships_contains_paid_content":false,"activitypub_content_warning":"","activitypub_content_visibility":"","activitypub_max_image_attachments":4,"activitypub_interaction_policy_quote":"anyone","activitypub_status":"","ocean_post_oembed":"","ocean_post_self_hosted_media":"","ocean_post_video_embed":"","ocean_link_format":"","ocean_link_format_target":"self","ocean_quote_format":"","ocean_quote_format_link":"post","ocean_gallery_link_images":"on","ocean_gallery_id":[],"footnotes":"","jetpack_publicize_message":"","jetpack_publicize_feature_enabled":true,"jetpack_social_post_already_shared":true,"jetpack_social_options":{"image_generator_settings":{"template":"highway","default_image_id":0,"font":"","enabled":false},"version":2}},"categories":[2647,2695,2648,2913,3545],"tags":[4338,4339,3969,3594,4126,3961,3968],"class_list":["post-10542","post","type-post","status-publish","format-standard","has-post-thumbnail","hentry","category-angriffauf","category-die-kultur","category-dieurteilskraft","category-enzyklopaedie-der-kritischen-masse","category-medien","tag-johannes-boie","tag-x","tag-alan-posener","tag-die-welt","tag-elon-musk","tag-nzz","tag-ulf-poschardt","entry","has-media"],"yoast_head":"<!-- This site is optimized with the Yoast SEO plugin v27.5 - https:\/\/yoast.com\/product\/yoast-seo-wordpress\/ -->\n<title>Helden \u2026 Maulhelden \u2026 Elons neue eigene Zeitung in Deutschland \u2026 Arnos Kantatenfinder - Kritische Masse<\/title>\n<meta name=\"robots\" content=\"index, follow, max-snippet:-1, max-image-preview:large, max-video-preview:-1\" \/>\n<link rel=\"canonical\" href=\"https:\/\/www.kritische-masse.de\/logbuch\/2024\/12\/helden-maulhelden-elons-neue-eigene-zeitung-in-deutschland-arnos-kantatenfinder\/\" \/>\n<meta property=\"og:locale\" content=\"de_DE\" \/>\n<meta property=\"og:type\" content=\"article\" \/>\n<meta property=\"og:title\" content=\"Helden \u2026 Maulhelden \u2026 Elons neue eigene Zeitung in Deutschland \u2026 Arnos Kantatenfinder - Kritische Masse\" \/>\n<meta property=\"og:description\" content=\"Wir m\u00fcssen auf die WELT verzichten so wie auf X und seinen Besitzer +++ Fahren die Zeitungsfaschisten ihre Unternehmungen ungebremst an die Wand? +++ Die unterschiedlichen Versionen des Begriffs von Meinungsfreiheit innerhalb der WELT +++ Wann kauft sich Elon M. ein eigenes Land?\" \/>\n<meta property=\"og:url\" content=\"https:\/\/www.kritische-masse.de\/logbuch\/2024\/12\/helden-maulhelden-elons-neue-eigene-zeitung-in-deutschland-arnos-kantatenfinder\/\" \/>\n<meta property=\"og:site_name\" content=\"Kritische Masse\" \/>\n<meta property=\"article:publisher\" content=\"https:\/\/www.facebook.com\/hufner\" \/>\n<meta property=\"article:author\" content=\"https:\/\/www.facebook.com\/hufner\" \/>\n<meta property=\"article:published_time\" content=\"2024-12-29T11:51:04+00:00\" \/>\n<meta property=\"article:modified_time\" content=\"2024-12-29T13:14:00+00:00\" \/>\n<meta property=\"og:image\" content=\"https:\/\/www.kritische-masse.de\/logbuch\/wp-content\/uploads\/2024\/12\/TTInputImage-756916751.513667-scaled.jpeg\" \/>\n\t<meta property=\"og:image:width\" content=\"2560\" \/>\n\t<meta property=\"og:image:height\" content=\"1920\" \/>\n\t<meta property=\"og:image:type\" content=\"image\/jpeg\" \/>\n<meta name=\"author\" content=\"der huflaikhan\" \/>\n<meta name=\"twitter:label1\" content=\"Verfasst von\" \/>\n\t<meta name=\"twitter:data1\" content=\"der huflaikhan\" \/>\n\t<meta name=\"twitter:label2\" content=\"Gesch\u00e4tzte Lesezeit\" \/>\n\t<meta name=\"twitter:data2\" content=\"4\u00a0Minuten\" \/>\n<script type=\"application\/ld+json\" class=\"yoast-schema-graph\">{\"@context\":\"https:\\\/\\\/schema.org\",\"@graph\":[{\"@type\":\"Article\",\"@id\":\"https:\\\/\\\/www.kritische-masse.de\\\/logbuch\\\/2024\\\/12\\\/helden-maulhelden-elons-neue-eigene-zeitung-in-deutschland-arnos-kantatenfinder\\\/#article\",\"isPartOf\":{\"@id\":\"https:\\\/\\\/www.kritische-masse.de\\\/logbuch\\\/2024\\\/12\\\/helden-maulhelden-elons-neue-eigene-zeitung-in-deutschland-arnos-kantatenfinder\\\/\"},\"author\":{\"name\":\"der huflaikhan\",\"@id\":\"https:\\\/\\\/www.kritische-masse.de\\\/logbuch\\\/#\\\/schema\\\/person\\\/14c491f46504e7f6b79db161f76def1c\"},\"headline\":\"Helden \u2026 Maulhelden \u2026 Elons neue eigene Zeitung in Deutschland \u2026 Arnos Kantatenfinder\",\"datePublished\":\"2024-12-29T11:51:04+00:00\",\"dateModified\":\"2024-12-29T13:14:00+00:00\",\"mainEntityOfPage\":{\"@id\":\"https:\\\/\\\/www.kritische-masse.de\\\/logbuch\\\/2024\\\/12\\\/helden-maulhelden-elons-neue-eigene-zeitung-in-deutschland-arnos-kantatenfinder\\\/\"},\"wordCount\":819,\"commentCount\":0,\"publisher\":{\"@id\":\"https:\\\/\\\/www.kritische-masse.de\\\/logbuch\\\/#\\\/schema\\\/person\\\/14c491f46504e7f6b79db161f76def1c\"},\"image\":{\"@id\":\"https:\\\/\\\/www.kritische-masse.de\\\/logbuch\\\/2024\\\/12\\\/helden-maulhelden-elons-neue-eigene-zeitung-in-deutschland-arnos-kantatenfinder\\\/#primaryimage\"},\"thumbnailUrl\":\"https:\\\/\\\/i0.wp.com\\\/www.kritische-masse.de\\\/logbuch\\\/wp-content\\\/uploads\\\/2024\\\/12\\\/TTInputImage-756916751.513667-scaled.jpeg?fit=2560%2C1920&ssl=1\",\"keywords\":[\"Johannes Boie\",\"X\",\"Alan Posener\",\"Die WELT\",\"Elon Musk\",\"nzz\",\"Ulf Poschardt\"],\"articleSection\":[\"Angriff auf \u2026\",\"die Kultur\",\"die Urteilskraft\",\"Enzyklop\u00e4die der Kritischen Masse\",\"die Medien\"],\"inLanguage\":\"de\",\"potentialAction\":[{\"@type\":\"CommentAction\",\"name\":\"Comment\",\"target\":[\"https:\\\/\\\/www.kritische-masse.de\\\/logbuch\\\/2024\\\/12\\\/helden-maulhelden-elons-neue-eigene-zeitung-in-deutschland-arnos-kantatenfinder\\\/#respond\"]}]},{\"@type\":\"WebPage\",\"@id\":\"https:\\\/\\\/www.kritische-masse.de\\\/logbuch\\\/2024\\\/12\\\/helden-maulhelden-elons-neue-eigene-zeitung-in-deutschland-arnos-kantatenfinder\\\/\",\"url\":\"https:\\\/\\\/www.kritische-masse.de\\\/logbuch\\\/2024\\\/12\\\/helden-maulhelden-elons-neue-eigene-zeitung-in-deutschland-arnos-kantatenfinder\\\/\",\"name\":\"Helden \u2026 Maulhelden \u2026 Elons neue eigene Zeitung in Deutschland \u2026 Arnos Kantatenfinder - Kritische Masse\",\"isPartOf\":{\"@id\":\"https:\\\/\\\/www.kritische-masse.de\\\/logbuch\\\/#website\"},\"primaryImageOfPage\":{\"@id\":\"https:\\\/\\\/www.kritische-masse.de\\\/logbuch\\\/2024\\\/12\\\/helden-maulhelden-elons-neue-eigene-zeitung-in-deutschland-arnos-kantatenfinder\\\/#primaryimage\"},\"image\":{\"@id\":\"https:\\\/\\\/www.kritische-masse.de\\\/logbuch\\\/2024\\\/12\\\/helden-maulhelden-elons-neue-eigene-zeitung-in-deutschland-arnos-kantatenfinder\\\/#primaryimage\"},\"thumbnailUrl\":\"https:\\\/\\\/i0.wp.com\\\/www.kritische-masse.de\\\/logbuch\\\/wp-content\\\/uploads\\\/2024\\\/12\\\/TTInputImage-756916751.513667-scaled.jpeg?fit=2560%2C1920&ssl=1\",\"datePublished\":\"2024-12-29T11:51:04+00:00\",\"dateModified\":\"2024-12-29T13:14:00+00:00\",\"breadcrumb\":{\"@id\":\"https:\\\/\\\/www.kritische-masse.de\\\/logbuch\\\/2024\\\/12\\\/helden-maulhelden-elons-neue-eigene-zeitung-in-deutschland-arnos-kantatenfinder\\\/#breadcrumb\"},\"inLanguage\":\"de\",\"potentialAction\":[{\"@type\":\"ReadAction\",\"target\":[\"https:\\\/\\\/www.kritische-masse.de\\\/logbuch\\\/2024\\\/12\\\/helden-maulhelden-elons-neue-eigene-zeitung-in-deutschland-arnos-kantatenfinder\\\/\"]}]},{\"@type\":\"ImageObject\",\"inLanguage\":\"de\",\"@id\":\"https:\\\/\\\/www.kritische-masse.de\\\/logbuch\\\/2024\\\/12\\\/helden-maulhelden-elons-neue-eigene-zeitung-in-deutschland-arnos-kantatenfinder\\\/#primaryimage\",\"url\":\"https:\\\/\\\/i0.wp.com\\\/www.kritische-masse.de\\\/logbuch\\\/wp-content\\\/uploads\\\/2024\\\/12\\\/TTInputImage-756916751.513667-scaled.jpeg?fit=2560%2C1920&ssl=1\",\"contentUrl\":\"https:\\\/\\\/i0.wp.com\\\/www.kritische-masse.de\\\/logbuch\\\/wp-content\\\/uploads\\\/2024\\\/12\\\/TTInputImage-756916751.513667-scaled.jpeg?fit=2560%2C1920&ssl=1\",\"width\":2560,\"height\":1920,\"caption\":\"Leben im Nebel. Foto: Hufner\"},{\"@type\":\"BreadcrumbList\",\"@id\":\"https:\\\/\\\/www.kritische-masse.de\\\/logbuch\\\/2024\\\/12\\\/helden-maulhelden-elons-neue-eigene-zeitung-in-deutschland-arnos-kantatenfinder\\\/#breadcrumb\",\"itemListElement\":[{\"@type\":\"ListItem\",\"position\":1,\"name\":\"Startseite\",\"item\":\"https:\\\/\\\/www.kritische-masse.de\\\/logbuch\\\/\"},{\"@type\":\"ListItem\",\"position\":2,\"name\":\"Helden \u2026 Maulhelden \u2026 Elons neue eigene Zeitung in Deutschland \u2026 Arnos Kantatenfinder\"}]},{\"@type\":\"WebSite\",\"@id\":\"https:\\\/\\\/www.kritische-masse.de\\\/logbuch\\\/#website\",\"url\":\"https:\\\/\\\/www.kritische-masse.de\\\/logbuch\\\/\",\"name\":\"kritische masse\",\"description\":\"amt f\u00fcr vermassungsschutz\",\"publisher\":{\"@id\":\"https:\\\/\\\/www.kritische-masse.de\\\/logbuch\\\/#\\\/schema\\\/person\\\/14c491f46504e7f6b79db161f76def1c\"},\"alternateName\":\"das logbuch der kritischen masse\",\"potentialAction\":[{\"@type\":\"SearchAction\",\"target\":{\"@type\":\"EntryPoint\",\"urlTemplate\":\"https:\\\/\\\/www.kritische-masse.de\\\/logbuch\\\/?s={search_term_string}\"},\"query-input\":{\"@type\":\"PropertyValueSpecification\",\"valueRequired\":true,\"valueName\":\"search_term_string\"}}],\"inLanguage\":\"de\"},{\"@type\":[\"Person\",\"Organization\"],\"@id\":\"https:\\\/\\\/www.kritische-masse.de\\\/logbuch\\\/#\\\/schema\\\/person\\\/14c491f46504e7f6b79db161f76def1c\",\"name\":\"der huflaikhan\",\"image\":{\"@type\":\"ImageObject\",\"inLanguage\":\"de\",\"@id\":\"https:\\\/\\\/www.kritische-masse.de\\\/logbuch\\\/wp-content\\\/uploads\\\/2024\\\/01\\\/cropped-kritischmasse_man_512.jpg\",\"url\":\"https:\\\/\\\/www.kritische-masse.de\\\/logbuch\\\/wp-content\\\/uploads\\\/2024\\\/01\\\/cropped-kritischmasse_man_512.jpg\",\"contentUrl\":\"https:\\\/\\\/www.kritische-masse.de\\\/logbuch\\\/wp-content\\\/uploads\\\/2024\\\/01\\\/cropped-kritischmasse_man_512.jpg\",\"width\":512,\"height\":512,\"caption\":\"der huflaikhan\"},\"logo\":{\"@id\":\"https:\\\/\\\/www.kritische-masse.de\\\/logbuch\\\/wp-content\\\/uploads\\\/2024\\\/01\\\/cropped-kritischmasse_man_512.jpg\"},\"description\":\"Betreiber der Kritischen Masse seit 1995. Seit 2023 Wiederaufnahme. Promotion mit einer Arbeit \u00fcber Adornos kompositorische und theoretische Auseinandersetzung mit der Zw\u00f6lftontechnik. Arbeit f\u00fcr den Bayerischen und den Mitteldeutschen Rundfunk als freier Autor und Regisseur \u2013 zumindest bis Ende 2015. Online-Redaktion f\u00fcr neue musikzeitung, Jazzzeitung und Oper &amp; Tanz. Ungl\u00fccklich, aber fast taub.\",\"sameAs\":[\"https:\\\/\\\/www.kritische-masse.de\\\/logbuch\\\/\",\"https:\\\/\\\/www.facebook.com\\\/hufner\"],\"url\":\"https:\\\/\\\/www.kritische-masse.de\\\/logbuch\\\/author\\\/martin_d1juqiu5\\\/\"}]}<\/script>\n<!-- \/ Yoast SEO plugin. -->","yoast_head_json":{"title":"Helden \u2026 Maulhelden \u2026 Elons neue eigene Zeitung in Deutschland \u2026 Arnos Kantatenfinder - Kritische Masse","robots":{"index":"index","follow":"follow","max-snippet":"max-snippet:-1","max-image-preview":"max-image-preview:large","max-video-preview":"max-video-preview:-1"},"canonical":"https:\/\/www.kritische-masse.de\/logbuch\/2024\/12\/helden-maulhelden-elons-neue-eigene-zeitung-in-deutschland-arnos-kantatenfinder\/","og_locale":"de_DE","og_type":"article","og_title":"Helden \u2026 Maulhelden \u2026 Elons neue eigene Zeitung in Deutschland \u2026 Arnos Kantatenfinder - Kritische Masse","og_description":"Wir m\u00fcssen auf die WELT verzichten so wie auf X und seinen Besitzer +++ Fahren die Zeitungsfaschisten ihre Unternehmungen ungebremst an die Wand? +++ Die unterschiedlichen Versionen des Begriffs von Meinungsfreiheit innerhalb der WELT +++ Wann kauft sich Elon M. ein eigenes Land?","og_url":"https:\/\/www.kritische-masse.de\/logbuch\/2024\/12\/helden-maulhelden-elons-neue-eigene-zeitung-in-deutschland-arnos-kantatenfinder\/","og_site_name":"Kritische Masse","article_publisher":"https:\/\/www.facebook.com\/hufner","article_author":"https:\/\/www.facebook.com\/hufner","article_published_time":"2024-12-29T11:51:04+00:00","article_modified_time":"2024-12-29T13:14:00+00:00","og_image":[{"width":2560,"height":1920,"url":"https:\/\/www.kritische-masse.de\/logbuch\/wp-content\/uploads\/2024\/12\/TTInputImage-756916751.513667-scaled.jpeg","type":"image\/jpeg"}],"author":"der huflaikhan","twitter_misc":{"Verfasst von":"der huflaikhan","Gesch\u00e4tzte Lesezeit":"4\u00a0Minuten"},"schema":{"@context":"https:\/\/schema.org","@graph":[{"@type":"Article","@id":"https:\/\/www.kritische-masse.de\/logbuch\/2024\/12\/helden-maulhelden-elons-neue-eigene-zeitung-in-deutschland-arnos-kantatenfinder\/#article","isPartOf":{"@id":"https:\/\/www.kritische-masse.de\/logbuch\/2024\/12\/helden-maulhelden-elons-neue-eigene-zeitung-in-deutschland-arnos-kantatenfinder\/"},"author":{"name":"der huflaikhan","@id":"https:\/\/www.kritische-masse.de\/logbuch\/#\/schema\/person\/14c491f46504e7f6b79db161f76def1c"},"headline":"Helden \u2026 Maulhelden \u2026 Elons neue eigene Zeitung in Deutschland \u2026 Arnos Kantatenfinder","datePublished":"2024-12-29T11:51:04+00:00","dateModified":"2024-12-29T13:14:00+00:00","mainEntityOfPage":{"@id":"https:\/\/www.kritische-masse.de\/logbuch\/2024\/12\/helden-maulhelden-elons-neue-eigene-zeitung-in-deutschland-arnos-kantatenfinder\/"},"wordCount":819,"commentCount":0,"publisher":{"@id":"https:\/\/www.kritische-masse.de\/logbuch\/#\/schema\/person\/14c491f46504e7f6b79db161f76def1c"},"image":{"@id":"https:\/\/www.kritische-masse.de\/logbuch\/2024\/12\/helden-maulhelden-elons-neue-eigene-zeitung-in-deutschland-arnos-kantatenfinder\/#primaryimage"},"thumbnailUrl":"https:\/\/i0.wp.com\/www.kritische-masse.de\/logbuch\/wp-content\/uploads\/2024\/12\/TTInputImage-756916751.513667-scaled.jpeg?fit=2560%2C1920&ssl=1","keywords":["Johannes Boie","X","Alan Posener","Die WELT","Elon Musk","nzz","Ulf Poschardt"],"articleSection":["Angriff auf \u2026","die Kultur","die Urteilskraft","Enzyklop\u00e4die der Kritischen Masse","die Medien"],"inLanguage":"de","potentialAction":[{"@type":"CommentAction","name":"Comment","target":["https:\/\/www.kritische-masse.de\/logbuch\/2024\/12\/helden-maulhelden-elons-neue-eigene-zeitung-in-deutschland-arnos-kantatenfinder\/#respond"]}]},{"@type":"WebPage","@id":"https:\/\/www.kritische-masse.de\/logbuch\/2024\/12\/helden-maulhelden-elons-neue-eigene-zeitung-in-deutschland-arnos-kantatenfinder\/","url":"https:\/\/www.kritische-masse.de\/logbuch\/2024\/12\/helden-maulhelden-elons-neue-eigene-zeitung-in-deutschland-arnos-kantatenfinder\/","name":"Helden \u2026 Maulhelden \u2026 Elons neue eigene Zeitung in Deutschland \u2026 Arnos Kantatenfinder - Kritische Masse","isPartOf":{"@id":"https:\/\/www.kritische-masse.de\/logbuch\/#website"},"primaryImageOfPage":{"@id":"https:\/\/www.kritische-masse.de\/logbuch\/2024\/12\/helden-maulhelden-elons-neue-eigene-zeitung-in-deutschland-arnos-kantatenfinder\/#primaryimage"},"image":{"@id":"https:\/\/www.kritische-masse.de\/logbuch\/2024\/12\/helden-maulhelden-elons-neue-eigene-zeitung-in-deutschland-arnos-kantatenfinder\/#primaryimage"},"thumbnailUrl":"https:\/\/i0.wp.com\/www.kritische-masse.de\/logbuch\/wp-content\/uploads\/2024\/12\/TTInputImage-756916751.513667-scaled.jpeg?fit=2560%2C1920&ssl=1","datePublished":"2024-12-29T11:51:04+00:00","dateModified":"2024-12-29T13:14:00+00:00","breadcrumb":{"@id":"https:\/\/www.kritische-masse.de\/logbuch\/2024\/12\/helden-maulhelden-elons-neue-eigene-zeitung-in-deutschland-arnos-kantatenfinder\/#breadcrumb"},"inLanguage":"de","potentialAction":[{"@type":"ReadAction","target":["https:\/\/www.kritische-masse.de\/logbuch\/2024\/12\/helden-maulhelden-elons-neue-eigene-zeitung-in-deutschland-arnos-kantatenfinder\/"]}]},{"@type":"ImageObject","inLanguage":"de","@id":"https:\/\/www.kritische-masse.de\/logbuch\/2024\/12\/helden-maulhelden-elons-neue-eigene-zeitung-in-deutschland-arnos-kantatenfinder\/#primaryimage","url":"https:\/\/i0.wp.com\/www.kritische-masse.de\/logbuch\/wp-content\/uploads\/2024\/12\/TTInputImage-756916751.513667-scaled.jpeg?fit=2560%2C1920&ssl=1","contentUrl":"https:\/\/i0.wp.com\/www.kritische-masse.de\/logbuch\/wp-content\/uploads\/2024\/12\/TTInputImage-756916751.513667-scaled.jpeg?fit=2560%2C1920&ssl=1","width":2560,"height":1920,"caption":"Leben im Nebel. Foto: Hufner"},{"@type":"BreadcrumbList","@id":"https:\/\/www.kritische-masse.de\/logbuch\/2024\/12\/helden-maulhelden-elons-neue-eigene-zeitung-in-deutschland-arnos-kantatenfinder\/#breadcrumb","itemListElement":[{"@type":"ListItem","position":1,"name":"Startseite","item":"https:\/\/www.kritische-masse.de\/logbuch\/"},{"@type":"ListItem","position":2,"name":"Helden \u2026 Maulhelden \u2026 Elons neue eigene Zeitung in Deutschland \u2026 Arnos Kantatenfinder"}]},{"@type":"WebSite","@id":"https:\/\/www.kritische-masse.de\/logbuch\/#website","url":"https:\/\/www.kritische-masse.de\/logbuch\/","name":"kritische masse","description":"amt f\u00fcr vermassungsschutz","publisher":{"@id":"https:\/\/www.kritische-masse.de\/logbuch\/#\/schema\/person\/14c491f46504e7f6b79db161f76def1c"},"alternateName":"das logbuch der kritischen masse","potentialAction":[{"@type":"SearchAction","target":{"@type":"EntryPoint","urlTemplate":"https:\/\/www.kritische-masse.de\/logbuch\/?s={search_term_string}"},"query-input":{"@type":"PropertyValueSpecification","valueRequired":true,"valueName":"search_term_string"}}],"inLanguage":"de"},{"@type":["Person","Organization"],"@id":"https:\/\/www.kritische-masse.de\/logbuch\/#\/schema\/person\/14c491f46504e7f6b79db161f76def1c","name":"der huflaikhan","image":{"@type":"ImageObject","inLanguage":"de","@id":"https:\/\/www.kritische-masse.de\/logbuch\/wp-content\/uploads\/2024\/01\/cropped-kritischmasse_man_512.jpg","url":"https:\/\/www.kritische-masse.de\/logbuch\/wp-content\/uploads\/2024\/01\/cropped-kritischmasse_man_512.jpg","contentUrl":"https:\/\/www.kritische-masse.de\/logbuch\/wp-content\/uploads\/2024\/01\/cropped-kritischmasse_man_512.jpg","width":512,"height":512,"caption":"der huflaikhan"},"logo":{"@id":"https:\/\/www.kritische-masse.de\/logbuch\/wp-content\/uploads\/2024\/01\/cropped-kritischmasse_man_512.jpg"},"description":"Betreiber der Kritischen Masse seit 1995. Seit 2023 Wiederaufnahme. Promotion mit einer Arbeit \u00fcber Adornos kompositorische und theoretische Auseinandersetzung mit der Zw\u00f6lftontechnik. Arbeit f\u00fcr den Bayerischen und den Mitteldeutschen Rundfunk als freier Autor und Regisseur \u2013 zumindest bis Ende 2015. Online-Redaktion f\u00fcr neue musikzeitung, Jazzzeitung und Oper &amp; Tanz. Ungl\u00fccklich, aber fast taub.","sameAs":["https:\/\/www.kritische-masse.de\/logbuch\/","https:\/\/www.facebook.com\/hufner"],"url":"https:\/\/www.kritische-masse.de\/logbuch\/author\/martin_d1juqiu5\/"}]}},"jetpack_publicize_connections":[],"jetpack_featured_media_url":"https:\/\/i0.wp.com\/www.kritische-masse.de\/logbuch\/wp-content\/uploads\/2024\/12\/TTInputImage-756916751.513667-scaled.jpeg?fit=2560%2C1920&ssl=1","categories_names":["Angriff auf \u2026","die Kultur","die Urteilskraft","Enzyklop\u00e4die der Kritischen Masse","die Medien"],"post_class":[["post-10542","post","type-post","status-publish","format-standard","has-post-thumbnail","hentry","category-angriffauf","category-die-kultur","category-dieurteilskraft","category-enzyklopaedie-der-kritischen-masse","category-medien","tag-johannes-boie","tag-x","tag-alan-posener","tag-die-welt","tag-elon-musk","tag-nzz","tag-ulf-poschardt","entry","has-media"]],"author_avatar":["<img alt='' src='https:\/\/secure.gravatar.com\/avatar\/c23aee426d58e69f14ef471114d4cac215eec702ee1bc331e2a62ea77e96ed60?s=96&#038;d=blank&#038;r=g' srcset='https:\/\/secure.gravatar.com\/avatar\/c23aee426d58e69f14ef471114d4cac215eec702ee1bc331e2a62ea77e96ed60?s=192&#038;d=blank&#038;r=g 2x' class='avatar avatar-96 photo' height='96' width='96' loading='lazy' decoding='async'\/>"],"featured_video":null,"jetpack-related-posts":[{"id":3182,"url":"https:\/\/www.kritische-masse.de\/logbuch\/2012\/12\/sie-wittern-das-ende\/","url_meta":{"origin":10542,"position":0},"title":"\u201e\u2026 sie wittern das Ende\u201c","author":"huflaikhan","date":"1. Dezember 2012","format":false,"excerpt":"1924: Helmuth Plessner \u00fcber Dichten und Denken in der Zeit der \u201eUtopie der Maschine\u201c. 1924: Helmuth Plessner \u00fcber Dichten und Denken in der Zeit der \u201eUtopie der Maschine\u201c. \u00a0\u201eSo um 1860 ist die Masse da, uniform durch die Arbeit, uniform, weil \u00fcberm\u00fcdet, im Genu\u00df. Jenes Publikum, das nicht mehr mitkann,\u2026","rel":"","context":"In \"Geschichte\"","block_context":{"text":"Geschichte","link":"https:\/\/www.kritische-masse.de\/logbuch\/tag\/geschichte\/"},"img":{"alt_text":"","src":"","width":0,"height":0},"classes":[]},{"id":3641,"url":"https:\/\/www.kritische-masse.de\/logbuch\/2024\/11\/eine-berholte-beschleunigung\/","url_meta":{"origin":10542,"position":1},"title":"Eine \u00fcberholte Beschleunigung [2016]","author":"huflaikhan","date":"20. November 2024","format":false,"excerpt":"\u201eWas jetzt n\u00f6tig ist \u2013 was immer schon n\u00f6tig war \u2013 ist eine \u00d6kologie der Organisationen, ein Pluralismus aus Kr\u00e4ften, die fortw\u00e4hrend aufeinander reagieren und sich gegenseitig verst\u00e4rken.\u201c","rel":"","context":"In &quot;Angriff auf \u2026&quot;","block_context":{"text":"Angriff auf \u2026","link":"https:\/\/www.kritische-masse.de\/logbuch\/category\/angriffauf\/"},"img":{"alt_text":"Im Nebel. Foto: Hufner","src":"https:\/\/i0.wp.com\/www.kritische-masse.de\/logbuch\/wp-content\/uploads\/2016\/11\/nebellandschaft_c_hufner.jpg?fit=1200%2C900&ssl=1&resize=350%2C200","width":350,"height":200,"srcset":"https:\/\/i0.wp.com\/www.kritische-masse.de\/logbuch\/wp-content\/uploads\/2016\/11\/nebellandschaft_c_hufner.jpg?fit=1200%2C900&ssl=1&resize=350%2C200 1x, https:\/\/i0.wp.com\/www.kritische-masse.de\/logbuch\/wp-content\/uploads\/2016\/11\/nebellandschaft_c_hufner.jpg?fit=1200%2C900&ssl=1&resize=525%2C300 1.5x, https:\/\/i0.wp.com\/www.kritische-masse.de\/logbuch\/wp-content\/uploads\/2016\/11\/nebellandschaft_c_hufner.jpg?fit=1200%2C900&ssl=1&resize=700%2C400 2x, https:\/\/i0.wp.com\/www.kritische-masse.de\/logbuch\/wp-content\/uploads\/2016\/11\/nebellandschaft_c_hufner.jpg?fit=1200%2C900&ssl=1&resize=1050%2C600 3x"},"classes":[]},{"id":3443,"url":"https:\/\/www.kritische-masse.de\/logbuch\/2015\/04\/die-konsumgesellschaft-und-die-erm-dung-1970\/","url_meta":{"origin":10542,"position":2},"title":"Die Konsumgesellschaft und die Erm\u00fcdung (1970)","author":"huflaikhan","date":"6. April 2015","format":false,"excerpt":"Die Helden des Konsums sind m\u00fcde. (\u2026) Denn die Fatigue ist ein unterschwelliger Protest, der sich gegen die eigene Person wendet und sich in ihrem eigenen K\u00f6rper \u201everk\u00f6rpert\u201c, weil dieser unter bestimmten Bedingungen das Einzige ist, woran sich das enteignete Individuum noch halten kann. (\u2026) \u201eDas ist absolut klassisch\u201c, kommentiert\u2026","rel":"","context":"In &quot;Angriff auf \u2026&quot;","block_context":{"text":"Angriff auf \u2026","link":"https:\/\/www.kritische-masse.de\/logbuch\/category\/angriffauf\/"},"img":{"alt_text":"M\u00fcdes Haus. Foto: Hufner","src":"https:\/\/i0.wp.com\/www.kritische-masse.de\/logbuch\/wp-content\/uploads\/2015\/04\/mmauvs-2120064.jpg?fit=1200%2C900&ssl=1&resize=350%2C200","width":350,"height":200,"srcset":"https:\/\/i0.wp.com\/www.kritische-masse.de\/logbuch\/wp-content\/uploads\/2015\/04\/mmauvs-2120064.jpg?fit=1200%2C900&ssl=1&resize=350%2C200 1x, https:\/\/i0.wp.com\/www.kritische-masse.de\/logbuch\/wp-content\/uploads\/2015\/04\/mmauvs-2120064.jpg?fit=1200%2C900&ssl=1&resize=525%2C300 1.5x, https:\/\/i0.wp.com\/www.kritische-masse.de\/logbuch\/wp-content\/uploads\/2015\/04\/mmauvs-2120064.jpg?fit=1200%2C900&ssl=1&resize=700%2C400 2x, https:\/\/i0.wp.com\/www.kritische-masse.de\/logbuch\/wp-content\/uploads\/2015\/04\/mmauvs-2120064.jpg?fit=1200%2C900&ssl=1&resize=1050%2C600 3x"},"classes":[]},{"id":8743,"url":"https:\/\/www.kritische-masse.de\/logbuch\/2018\/01\/die-neodigitalen\/","url_meta":{"origin":10542,"position":3},"title":"Die Neodigitalen","author":"der huflaikhan","date":"10. Januar 2018","format":false,"excerpt":"Es wird immer klarer, dass man der Gruppe der Neoliberalen eine weitere Gruppe hinzuf\u00fcgen muss, die man als die Neodigitalen bezeichnen wird. Hierbei handelt es sich um Influencer aus der Welt der socialen Medien, die die technischen Entwicklungen des Internets beinahe kritiklos begleitet und all diejenigen, die auf Gefahren und\u2026","rel":"","context":"In &quot;das Netz&quot;","block_context":{"text":"das Netz","link":"https:\/\/www.kritische-masse.de\/logbuch\/category\/angriffauf\/dasnetz\/"},"img":{"alt_text":"","src":"","width":0,"height":0},"classes":[]},{"id":8412,"url":"https:\/\/www.kritische-masse.de\/logbuch\/2013\/12\/sie-wittern-das-ende-plessner\/","url_meta":{"origin":10542,"position":4},"title":"\u201e\u2026 sie wittern das Ende.\u201c [Plessner]","author":"der huflaikhan","date":"1. Dezember 2013","format":false,"excerpt":"1924: Helmuth Plessner \u00fcber Dichten und Denken in der Zeit der \u201eUtopie der Maschine\u201c. \u201eSo um 1860 ist die Masse da, uniform durch die Arbeit, uniform, weil \u00fcberm\u00fcdet, im Genu\u00df. Jenes Publikum, das nicht mehr mitkann, aber kollektiv den Anspruch erhebt, f\u00fcr voll genommen zu werden, zwingt den Dichtern und\u2026","rel":"","context":"In &quot;die Kunst&quot;","block_context":{"text":"die Kunst","link":"https:\/\/www.kritische-masse.de\/logbuch\/category\/angriffauf\/die-kunst\/"},"img":{"alt_text":"","src":"","width":0,"height":0},"classes":[]},{"id":2304,"url":"https:\/\/www.kritische-masse.de\/logbuch\/2007\/10\/papiertiger-stille-nacht\/","url_meta":{"origin":10542,"position":5},"title":"Papiertiger &#8211; Stille Nacht","author":"hufi","date":"7. Oktober 2007","format":false,"excerpt":"An der wundersch\u00f6nen Stadt Regensburg kommt man in Regensburg nicht vorbei. Man hatte hier ein wunderbares Oktoberwochenende. Spaziergangfreundlich eigentlich. Da liegt manches herum. Die Stadt r\u00e4umt sich auf. In M\u00fcllladen landet einiges aus der Welt Wahren, Sch\u00f6nen und Guten. Wie lange ich auch auf dieses Ensemble schaue, es f\u00e4llt mir\u2026","rel":"","context":"In &quot;die Urteilskraft&quot;","block_context":{"text":"die Urteilskraft","link":"https:\/\/www.kritische-masse.de\/logbuch\/category\/angriffauf\/dieurteilskraft\/"},"img":{"alt_text":"Impressionen","src":"https:\/\/i0.wp.com\/www.urteilskraft.de\/kritik\/wp-content\/uploads\/2007\/10\/impressionen.jpg?resize=350%2C200","width":350,"height":200},"classes":[]}],"jetpack_sharing_enabled":true,"public_identification_id":"ca3fbaa59f344447b3c3d7439198f7e4","private_identification_id":"ef2fcf239d0540f88cd1c01547fe6f73","_links":{"self":[{"href":"https:\/\/www.kritische-masse.de\/logbuch\/wp-json\/wp\/v2\/posts\/10542","targetHints":{"allow":["GET"]}}],"collection":[{"href":"https:\/\/www.kritische-masse.de\/logbuch\/wp-json\/wp\/v2\/posts"}],"about":[{"href":"https:\/\/www.kritische-masse.de\/logbuch\/wp-json\/wp\/v2\/types\/post"}],"author":[{"embeddable":true,"href":"https:\/\/www.kritische-masse.de\/logbuch\/wp-json\/wp\/v2\/users\/1"}],"replies":[{"embeddable":true,"href":"https:\/\/www.kritische-masse.de\/logbuch\/wp-json\/wp\/v2\/comments?post=10542"}],"version-history":[{"count":0,"href":"https:\/\/www.kritische-masse.de\/logbuch\/wp-json\/wp\/v2\/posts\/10542\/revisions"}],"wp:featuredmedia":[{"embeddable":true,"href":"https:\/\/www.kritische-masse.de\/logbuch\/wp-json\/wp\/v2\/media\/10560"}],"wp:attachment":[{"href":"https:\/\/www.kritische-masse.de\/logbuch\/wp-json\/wp\/v2\/media?parent=10542"}],"wp:term":[{"taxonomy":"category","embeddable":true,"href":"https:\/\/www.kritische-masse.de\/logbuch\/wp-json\/wp\/v2\/categories?post=10542"},{"taxonomy":"post_tag","embeddable":true,"href":"https:\/\/www.kritische-masse.de\/logbuch\/wp-json\/wp\/v2\/tags?post=10542"}],"curies":[{"name":"wp","href":"https:\/\/api.w.org\/{rel}","templated":true}]}}