{"id":10565,"date":"2025-01-07T21:45:57","date_gmt":"2025-01-07T20:45:57","guid":{"rendered":"https:\/\/www.kritische-masse.de\/logbuch\/?p=10565"},"modified":"2025-01-07T21:45:57","modified_gmt":"2025-01-07T20:45:57","slug":"facebook-ausraeumen-politik-empoerung-und-oeffentlichkeit","status":"publish","type":"post","link":"https:\/\/www.kritische-masse.de\/logbuch\/2025\/01\/facebook-ausraeumen-politik-empoerung-und-oeffentlichkeit\/","title":{"rendered":"Facebook ausr\u00e4umen \u2013 Politik, Emp\u00f6rung und \u00d6ffentlichkeit"},"content":{"rendered":"<div class=\"shariff shariff-align-left shariff-widget-align-left\"><ul class=\"shariff-buttons theme-white orientation-horizontal buttonsize-small\"><li class=\"shariff-button mastodon shariff-nocustomcolor\" style=\"background-color:#563ACC\"><a href=\"https:\/\/s2f.kytta.dev\/?text=Facebook%20ausr%C3%A4umen%20%E2%80%93%20Politik%2C%20Emp%C3%B6rung%20und%20%C3%96ffentlichkeit https%3A%2F%2Fwww.kritische-masse.de%2Flogbuch%2F2025%2F01%2Ffacebook-ausraeumen-politik-empoerung-und-oeffentlichkeit%2F\" title=\"Bei Mastodon teilen\" aria-label=\"Bei Mastodon teilen\" role=\"button\" rel=\"noopener nofollow\" class=\"shariff-link\" style=\"; background-color:#6364FF; color:#6364FF\" target=\"_blank\"><span class=\"shariff-icon\" style=\"fill:#6364FF\"><svg width=\"75\" height=\"79\" viewBox=\"0 0 75 79\" fill=\"none\" xmlns=\"http:\/\/www.w3.org\/2000\/svg\"><path d=\"M37.813-.025C32.462-.058 27.114.13 21.79.598c-8.544.621-17.214 5.58-20.203 13.931C-1.12 23.318.408 32.622.465 41.65c.375 7.316.943 14.78 3.392 21.73 4.365 9.465 14.781 14.537 24.782 15.385 7.64.698 15.761-.213 22.517-4.026a54.1 54.1 0 0 0 .01-6.232c-6.855 1.316-14.101 2.609-21.049 1.074-3.883-.88-6.876-4.237-7.25-8.215-1.53-3.988 3.78-.43 5.584-.883 9.048 1.224 18.282.776 27.303-.462 7.044-.837 14.26-4.788 16.65-11.833 2.263-6.135 1.215-12.79 1.698-19.177.06-3.84.09-7.692-.262-11.52C72.596 7.844 63.223.981 53.834.684a219.453 219.453 0 0 0-16.022-.71zm11.294 12.882c5.5-.067 10.801 4.143 11.67 9.653.338 1.48.471 3 .471 4.515v21.088h-8.357c-.07-7.588.153-15.182-.131-22.765-.587-4.368-7.04-5.747-9.672-2.397-2.422 3.04-1.47 7.155-1.67 10.735v6.392h-8.307c-.146-4.996.359-10.045-.404-15.002-1.108-4.218-7.809-5.565-10.094-1.666-1.685 3.046-.712 6.634-.976 9.936v14.767h-8.354c.109-8.165-.238-16.344.215-24.5.674-5.346 5.095-10.389 10.676-10.627 4.902-.739 10.103 2.038 12.053 6.631.375 1.435 1.76 1.932 1.994.084 1.844-3.704 5.501-6.739 9.785-6.771.367-.044.735-.068 1.101-.073z\"\/><defs><linearGradient id=\"paint0_linear_549_34\" x1=\"37.0692\" y1=\"0\" x2=\"37.0692\" y2=\"79\" gradientUnits=\"userSpaceOnUse\"><stop stop-color=\"#6364FF\"\/><stop offset=\"1\" stop-color=\"#563ACC\"\/><\/linearGradient><\/defs><\/svg><\/span><span class=\"shariff-text\" style=\"color:#6364FF\">teilen<\/span>&nbsp;<\/a><\/li><li class=\"shariff-button bluesky shariff-nocustomcolor\" style=\"background-color:#84c4ff\"><a href=\"https:\/\/bsky.app\/intent\/compose?text=Facebook%20ausr%C3%A4umen%20%E2%80%93%20Politik%2C%20Emp%C3%B6rung%20und%20%C3%96ffentlichkeit https%3A%2F%2Fwww.kritische-masse.de%2Flogbuch%2F2025%2F01%2Ffacebook-ausraeumen-politik-empoerung-und-oeffentlichkeit%2F \" title=\"Bei Bluesky teilen\" aria-label=\"Bei Bluesky teilen\" role=\"button\" rel=\"noopener nofollow\" class=\"shariff-link\" style=\"; background-color:#0085ff; color:#0085ff\" target=\"_blank\"><span class=\"shariff-icon\" style=\"fill:#0085ff\"><svg width=\"20\" height=\"20\" version=\"1.1\" xmlns=\"http:\/\/www.w3.org\/2000\/svg\" viewBox=\"0 0 20 20\"><path class=\"st0\" d=\"M4.89,3.12c2.07,1.55,4.3,4.71,5.11,6.4.82-1.69,3.04-4.84,5.11-6.4,1.49-1.12,3.91-1.99,3.91.77,0,.55-.32,4.63-.5,5.3-.64,2.3-2.99,2.89-5.08,2.54,3.65.62,4.58,2.68,2.57,4.74-3.81,3.91-5.48-.98-5.9-2.23-.08-.23-.11-.34-.12-.25,0-.09-.04.02-.12.25-.43,1.25-2.09,6.14-5.9,2.23-2.01-2.06-1.08-4.12,2.57-4.74-2.09.36-4.44-.23-5.08-2.54-.19-.66-.5-4.74-.5-5.3,0-2.76,2.42-1.89,3.91-.77h0Z\"\/><\/svg><\/span><span class=\"shariff-text\" style=\"color:#0085ff\">teilen<\/span>&nbsp;<\/a><\/li><li class=\"shariff-button threema shariff-nocustomcolor shariff-mobile\" style=\"background-color:#4fbc24\"><a href=\"threema:\/\/compose?text=Facebook%20ausr%C3%A4umen%20%E2%80%93%20Politik%2C%20Emp%C3%B6rung%20und%20%C3%96ffentlichkeit%20https%3A%2F%2Fwww.kritische-masse.de%2Flogbuch%2F2025%2F01%2Ffacebook-ausraeumen-politik-empoerung-und-oeffentlichkeit%2F\" title=\"Bei Threema teilen\" aria-label=\"Bei Threema teilen\" role=\"button\" rel=\"noopener nofollow\" class=\"shariff-link\" style=\"; background-color:#1f1f1f; color:#1f1f1f\" target=\"_blank\"><span class=\"shariff-icon\" style=\"fill:#1f1f1f\"><svg width=\"32px\" height=\"20px\" xmlns=\"http:\/\/www.w3.org\/2000\/svg\" viewBox=\"0 0 32 32\"><path fill=\"#1f1f1f\" d=\"M30.8 10.9c-0.3-1.4-0.9-2.6-1.8-3.8-2-2.6-5.5-4.5-9.4-5.2-1.3-0.2-1.9-0.3-3.5-0.3s-2.2 0-3.5 0.3c-4 0.7-7.4 2.6-9.4 5.2-0.9 1.2-1.5 2.4-1.8 3.8-0.1 0.5-0.2 1.2-0.2 1.6 0 0.4 0.1 1.1 0.2 1.6 0.4 1.9 1.3 3.4 2.9 5 0.8 0.8 0.8 0.8 0.7 1.3 0 0.6-0.5 1.6-1.7 3.6-0.3 0.5-0.5 0.9-0.5 0.9 0 0.1 0.1 0.1 0.5 0 0.8-0.2 2.3-0.6 5.6-1.6 1.1-0.3 1.3-0.4 2.3-0.4 0.8 0 1.1 0 2.3 0.2 1.5 0.2 3.5 0.2 4.9 0 5.1-0.6 9.3-2.9 11.4-6.3 0.5-0.9 0.9-1.8 1.1-2.8 0.1-0.5 0.2-1.1 0.2-1.6 0-0.7-0.1-1.1-0.2-1.6-0.3-1.4 0.1 0.5 0 0zM20.6 17.3c0 0.4-0.4 0.8-0.8 0.8h-7.7c-0.4 0-0.8-0.4-0.8-0.8v-4.6c0-0.4 0.4-0.8 0.8-0.8h0.2l0-1.6c0-0.9 0-1.8 0.1-2 0.1-0.6 0.6-1.2 1.1-1.7s1.1-0.7 1.9-0.8c1.8-0.3 3.7 0.7 4.2 2.2 0.1 0.3 0.1 0.7 0.1 2.1v0 1.7h0.1c0.4 0 0.8 0.4 0.8 0.8v4.6zM15.6 7.3c-0.5 0.1-0.8 0.3-1.2 0.6s-0.6 0.8-0.7 1.3c0 0.2 0 0.8 0 1.5l0 1.2h4.6v-1.3c0-1 0-1.4-0.1-1.6-0.3-1.1-1.5-1.9-2.6-1.7zM25.8 28.2c0 1.2-1 2.2-2.1 2.2s-2.1-1-2.1-2.1c0-1.2 1-2.1 2.2-2.1s2.2 1 2.2 2.2zM18.1 28.2c0 1.2-1 2.2-2.1 2.2s-2.1-1-2.1-2.1c0-1.2 1-2.1 2.2-2.1s2.2 1 2.2 2.2zM10.4 28.2c0 1.2-1 2.2-2.1 2.2s-2.1-1-2.1-2.1c0-1.2 1-2.1 2.2-2.1s2.2 1 2.2 2.2z\"\/><\/svg><\/span><span class=\"shariff-text\" style=\"color:#1f1f1f\">teilen<\/span>&nbsp;<\/a><\/li><li class=\"shariff-button facebook shariff-nocustomcolor\" style=\"background-color:#4273c8\"><a href=\"https:\/\/www.facebook.com\/sharer\/sharer.php?u=https%3A%2F%2Fwww.kritische-masse.de%2Flogbuch%2F2025%2F01%2Ffacebook-ausraeumen-politik-empoerung-und-oeffentlichkeit%2F\" title=\"Bei Facebook teilen\" aria-label=\"Bei Facebook teilen\" role=\"button\" rel=\"nofollow\" class=\"shariff-link\" style=\"; background-color:#3b5998; color:#3b5998\" target=\"_blank\"><span class=\"shariff-icon\" style=\"fill:#3b5998\"><svg width=\"32px\" height=\"20px\" xmlns=\"http:\/\/www.w3.org\/2000\/svg\" viewBox=\"0 0 18 32\"><path fill=\"#3b5998\" d=\"M17.1 0.2v4.7h-2.8q-1.5 0-2.1 0.6t-0.5 1.9v3.4h5.2l-0.7 5.3h-4.5v13.6h-5.5v-13.6h-4.5v-5.3h4.5v-3.9q0-3.3 1.9-5.2t5-1.8q2.6 0 4.1 0.2z\"\/><\/svg><\/span><span class=\"shariff-text\" style=\"color:#3b5998\">teilen<\/span>&nbsp;<\/a><\/li><li class=\"shariff-button info shariff-nocustomcolor\" style=\"background-color:#a8a8a8\"><a href=\"http:\/\/ct.de\/-2467514\" title=\"Weitere Informationen\" aria-label=\"Weitere Informationen\" role=\"button\" rel=\"noopener \" class=\"shariff-link\" style=\"; background-color:#999; color:#999\" target=\"_blank\"><span class=\"shariff-icon\" style=\"fill:#999\"><svg width=\"32px\" height=\"20px\" xmlns=\"http:\/\/www.w3.org\/2000\/svg\" viewBox=\"0 0 11 32\"><path fill=\"#999\" d=\"M11.4 24v2.3q0 0.5-0.3 0.8t-0.8 0.4h-9.1q-0.5 0-0.8-0.4t-0.4-0.8v-2.3q0-0.5 0.4-0.8t0.8-0.4h1.1v-6.8h-1.1q-0.5 0-0.8-0.4t-0.4-0.8v-2.3q0-0.5 0.4-0.8t0.8-0.4h6.8q0.5 0 0.8 0.4t0.4 0.8v10.3h1.1q0.5 0 0.8 0.4t0.3 0.8zM9.2 3.4v3.4q0 0.5-0.4 0.8t-0.8 0.4h-4.6q-0.4 0-0.8-0.4t-0.4-0.8v-3.4q0-0.4 0.4-0.8t0.8-0.4h4.6q0.5 0 0.8 0.4t0.4 0.8z\"\/><\/svg><\/span><\/a><\/li><\/ul><\/div><p>Warum es h\u00e4ufig besser ist, nicht auf den vorderen R\u00e4ngen sich platzieren zu wollen. Man muss nicht. Es schadet aber mehr. Ich stelle fest: Dass mein politisches Engagement ein anderes ist als das, welches im Dauergeplapper sich auf den sozialen Sendermasten \u00e4u\u00dfert.<\/p>\n<p>Es ist doch faszinierend, wozu die ganze viele Meinung beitr\u00e4gt. Man hat sich zu emp\u00f6ren, im Chor, schrill und schnell. Diese Pseudoaktivit\u00e4t, denn in der Regel ist es nicht mehr als ein unsportliches Zujubeln oder Diffamieren, h\u00e4lt im Gegenteil den politischen und gesellschaftlichen Fortschritt zum Besseren eher auf, als dass es zur Verbesserung des sozialen Klimas beitr\u00e4gt. So als ob man auf dem Weg zur Demonstration in jede auf dem Weg liegende Kneipe geht, einen Schnaps trinkt und dazu seine \u201eMeinung\u201c vortr\u00e4gt. Besoffen von so viel Aktivit\u00e4t wei\u00df man gar nicht mehr, wof\u00fcr man sich einsetzen wollte, nur noch, wogegen. Denn dagegen geht immer. \u201eDagegen\u201c ist aber nicht gleichzusetzen mit Kritischem Denken. Denn dazu bedarf es im Zweifel nur diverser Vorurteile und Stereotypen.<\/p>\n<p>Das hatte ich vor zwei, drei Tagen so geschrieben schon. Isso.<\/p>\n<div id=\"ez-toc-container\" class=\"ez-toc-v2_0_82_2 ez-toc-wrap-center counter-hierarchy ez-toc-counter ez-toc-light-blue ez-toc-container-direction\">\n<div class=\"ez-toc-title-container\">\n<p class=\"ez-toc-title\" style=\"cursor:inherit\">Inhalt<\/p>\n<span class=\"ez-toc-title-toggle\"><a href=\"#\" class=\"ez-toc-pull-right ez-toc-btn ez-toc-btn-xs ez-toc-btn-default ez-toc-toggle\" aria-label=\"Toggle Table of Content\"><span class=\"ez-toc-js-icon-con\"><span class=\"\"><span class=\"eztoc-hide\" style=\"display:none;\">Toggle<\/span><span class=\"ez-toc-icon-toggle-span\"><svg style=\"fill: #999;color:#999\" xmlns=\"http:\/\/www.w3.org\/2000\/svg\" class=\"list-377408\" width=\"20px\" height=\"20px\" viewBox=\"0 0 24 24\" fill=\"none\"><path d=\"M6 6H4v2h2V6zm14 0H8v2h12V6zM4 11h2v2H4v-2zm16 0H8v2h12v-2zM4 16h2v2H4v-2zm16 0H8v2h12v-2z\" fill=\"currentColor\"><\/path><\/svg><svg style=\"fill: #999;color:#999\" class=\"arrow-unsorted-368013\" xmlns=\"http:\/\/www.w3.org\/2000\/svg\" width=\"10px\" height=\"10px\" viewBox=\"0 0 24 24\" version=\"1.2\" baseProfile=\"tiny\"><path d=\"M18.2 9.3l-6.2-6.3-6.2 6.3c-.2.2-.3.4-.3.7s.1.5.3.7c.2.2.4.3.7.3h11c.3 0 .5-.1.7-.3.2-.2.3-.5.3-.7s-.1-.5-.3-.7zM5.8 14.7l6.2 6.3 6.2-6.3c.2-.2.3-.5.3-.7s-.1-.5-.3-.7c-.2-.2-.4-.3-.7-.3h-11c-.3 0-.5.1-.7.3-.2.2-.3.5-.3.7s.1.5.3.7z\"\/><\/svg><\/span><\/span><\/span><\/a><\/span><\/div>\n<nav><ul class='ez-toc-list ez-toc-list-level-1 ' ><li class='ez-toc-page-1 ez-toc-heading-level-3'><a class=\"ez-toc-link ez-toc-heading-1\" href=\"https:\/\/www.kritische-masse.de\/logbuch\/2025\/01\/facebook-ausraeumen-politik-empoerung-und-oeffentlichkeit\/#Vor_vier_Jahren_Oeffentlichkeit_und_Politik\" >Vor vier Jahren \u00d6ffentlichkeit und Politik<\/a><\/li><li class='ez-toc-page-1 ez-toc-heading-level-3'><a class=\"ez-toc-link ez-toc-heading-2\" href=\"https:\/\/www.kritische-masse.de\/logbuch\/2025\/01\/facebook-ausraeumen-politik-empoerung-und-oeffentlichkeit\/#Vor_fuenf_Jahren_Oeffentlichkeit_und_Politik\" >Vor f\u00fcnf Jahren \u00d6ffentlichkeit und Politik<\/a><\/li><li class='ez-toc-page-1 ez-toc-heading-level-3'><a class=\"ez-toc-link ez-toc-heading-3\" href=\"https:\/\/www.kritische-masse.de\/logbuch\/2025\/01\/facebook-ausraeumen-politik-empoerung-und-oeffentlichkeit\/#Der_biedere_Fernsehhumor_von_Welke_und_Pastewka\" >Der biedere Fernsehhumor von Welke und Pastewka<\/a><\/li><\/ul><\/nav><\/div>\n<h3><span class=\"ez-toc-section\" id=\"Vor_vier_Jahren_Oeffentlichkeit_und_Politik\"><\/span>Vor vier Jahren \u00d6ffentlichkeit und Politik<span class=\"ez-toc-section-end\"><\/span><\/h3>\n<p>Es ist eben etwas schwer, zugleich gelassen und geduldig zu sein und dabei nicht zu erschlaffen, sondern unter Spannung und im Tempo. Das Leben ist eben etwas anderes als ein sportlicher Wettkampf: Manchmal ist es besser, nicht als Erste durchs Ziel zu gehen. Die meisten, die aufs Tempo dr\u00fccken sind ja doch die, die auf der Trib\u00fcne sitzen und ahnungsbefreit als Erste kommentieren, was sie gestern und morgen schon dementieren werden.<\/p>\n<p>Die \u00d6ffentlichkeit muss die Politik kontrollieren, sie muss sich aber auch selbst im Spiegel als politischer Akteur sehen. Manche, scheint mir, plappern deshalb so laut, damit man nicht bemerkt und h\u00f6rt, dass sie zur gleichen Zeit an der Stabilit\u00e4t der diversen \u00d6ffentlichkeiten s\u00e4gen, um sofort deren Instabilit\u00e4ten zu beklagen.<\/p>\n<h3><span class=\"ez-toc-section\" id=\"Vor_fuenf_Jahren_Oeffentlichkeit_und_Politik\"><\/span>Vor f\u00fcnf Jahren \u00d6ffentlichkeit und Politik<span class=\"ez-toc-section-end\"><\/span><\/h3>\n<p>Als Negt und Kluge \u00fcber \u00d6ffentlichkeiten nachdachten und vor allem Gegen\u00f6ffentlichkeiten sich w\u00fcnschten, weil Meinungen in den H\u00e4nden der Machthabenden lagen und sie diese auf \u00d6ffentlichkeiten herunterwerfen konnte, damit sich diese irgendwie mobilisiert f\u00fchlte, ahnten sie nicht, das einmal ein Meer von Gegen\u00f6ffentlichkeiten entstehen w\u00fcrde, das nun sich untereinander und zugleich gegen die organisierten \u00d6ffentlichkeiten positionierte.<\/p>\n<p>Heute im Gehege von sozialen Medien als Kr\u00fcmmungsfl\u00e4chen von Aufkl\u00e4rungsgehabe. Die dazu noch zum Verhalten anraten: \u201eNa, wie h\u00e4ltst Du es damit?\u201c Geh\u00f6rst Du noch zur richtigen Seite? Also rein emp\u00f6rungstechnisch gesehen.<\/p>\n<p>Adorno nannte das, wenn ich mich nicht irre, Pseudoaktivit\u00e4t. Wo man ja alles richtig macht, wenn man nur mit der richtigen Seite mitgeht.<\/p>\n<p>Aber im Kern erzeugt das alles eine eher sich verstetigende Resonanz in immer intellektuell enger werdenden Kammern.<\/p>\n<hr \/>\n<h3><span class=\"ez-toc-section\" id=\"Der_biedere_Fernsehhumor_von_Welke_und_Pastewka\"><\/span>Der biedere Fernsehhumor von Welke und Pastewka<span class=\"ez-toc-section-end\"><\/span><\/h3>\n<p>Es ist mir schon vor <a href=\"https:\/\/www.kritische-masse.de\/logbuch\/2023\/12\/welpe-pastor-von-vorgestern\/\">einem Jahr aufgefallen<\/a>, aber dieses Jahr hat es sich best\u00e4tigt: Der Humor des im Fernsehen hat ein Problem. Gestern bei einem leichten Applauswind, als man eine Vorentscheidung zum \u201eGrand Prix Eurovision de la Chanson\u201c im Hessischen Rundfunk von 1971 vorstellte bei dem in fast allen Beitr\u00e4gen Katja Ebstein gesungen hat. Der Grund daf\u00fcr war unter anderem, dass Katja Ebstein als Interpretin im vorhergehenden Jahr einen dritten Platz im <a href=\"https:\/\/de.wikipedia.org\/wiki\/Eurovision_Song_Contest_1970\">europ\u00e4ischen Wettbewerb<\/a> errungen hatte. Den Erfolg konnte sie sogar <a href=\"https:\/\/de.wikipedia.org\/wiki\/Eurovision_Song_Contest_1971\">wiederholen<\/a>. Das ist aber der Blick von heute auf den Wettbewerb von damals. Denn im Zentrum war der Wettbewerb als einer zwischen Komponist:innen und Textedicher:innen angelegt. Deshalb standen auf der Tafel auch die Namen der Textautoren und der Komponisten wie Fred Jay, Michael Kunze, Christian Bruhn, Dieter Zimmermann, Horst Jankowski. Die Interpret:innen sind erst im Laufe der Zeit in den Fokus getreten, vielleicht sogar sehr schnell. Gleichwohl gingen die Auszeichnungen an die Textdichter:innen und die Komponist:innen. Das ist aber an sich nicht so sehr am\u00fcsant. Der <a href=\"https:\/\/de.wikipedia.org\/wiki\/Marcel-Bezen%C3%A7on-Preis\">Marcel-Bezen\u00e7on-Preis<\/a> tr\u00e4gt dem noch etwas Rechnung.<\/p>\n<p>In der Folge zuvor machten sich Welke und Pastewka \u00fcber die Dokumentationen mit dem Titel <em>Topographie<\/em> \u00fcber T\u00fcren, Fenster und Z\u00e4une des bayerischen Fernsehens aus den 80er- und 90er-Jahren lustig. Dabei sind es zeitgeschichtliche Paradebeispiele von Architektur- und Lebensweltkritik. Gewiss in der Wortwahl manchmal etwas zu scharf. Aber beim Autoren handelt es sich um jemanden, der genau hinzuschauen versteht und Kunst, Krempel, Kitsch und Industriem\u00fcll zu unterscheiden wei\u00df \u2013 und zu benennen ebenso. Dieter Wielands Filme kann man immer wieder auf <a href=\"https:\/\/www.br.de\/br-fernsehen\/sendungen\/unter-unserem-himmel\/dieter-wieland-topographie-muenchen-100.html\">ARD-alpha anschauen<\/a>. Hier <a href=\"https:\/\/www.ardmediathek.de\/video\/Y3JpZDovL2JyLmRlL3ZpZGVvLzM1MDM0OWJlLTA3ZTctNDk3Yy1iYWI3LTczOGU0NTM4YTcwMQ\">bei\u00dfende Kritik am falschen Gr\u00fcn<\/a>.<\/p>\n<p>Biederer Populismus ist es, den Welke und Pastewka einem da vorlegen. Auch das scheint mir eben ein Zeichen der gegenw\u00e4rtigen Humorkultur zu sein. Gestern konnte da der Gast etwas entgegensetzen, in dem Klaas die beiden selbst in ihren teilweise billigen Anspielungen vorf\u00fchrte. Immerhin hat mich der Beitrag dazu gebracht, wieder die alten Folgen anzusehen. Mit Tr\u00e4nen, nicht zu wenig, wegen der Klarsicht, die bereits damals pr\u00e4sent gewesen ist.<\/p>\n<p>Man kann aber durchaus bedauern, dass all das im humoristischen L\u00e4rm untergeht, ebenso wie der Contest-Beitrag, von dem die Wikipedia zu wissen meint, es sei der erste gewesen, der sich mit Umweltschutz besch\u00e4ftigt habe.<\/p>\n<div class=\"shariff shariff-align-left shariff-widget-align-left\"><ul class=\"shariff-buttons theme-white orientation-horizontal buttonsize-small\"><li class=\"shariff-button mastodon shariff-nocustomcolor\" style=\"background-color:#563ACC\"><a href=\"https:\/\/s2f.kytta.dev\/?text=Facebook%20ausr%C3%A4umen%20%E2%80%93%20Politik%2C%20Emp%C3%B6rung%20und%20%C3%96ffentlichkeit https%3A%2F%2Fwww.kritische-masse.de%2Flogbuch%2F2025%2F01%2Ffacebook-ausraeumen-politik-empoerung-und-oeffentlichkeit%2F\" title=\"Bei Mastodon teilen\" aria-label=\"Bei Mastodon teilen\" role=\"button\" rel=\"noopener nofollow\" class=\"shariff-link\" style=\"; background-color:#6364FF; color:#6364FF\" target=\"_blank\"><span class=\"shariff-icon\" style=\"fill:#6364FF\"><svg width=\"75\" height=\"79\" viewBox=\"0 0 75 79\" fill=\"none\" xmlns=\"http:\/\/www.w3.org\/2000\/svg\"><path d=\"M37.813-.025C32.462-.058 27.114.13 21.79.598c-8.544.621-17.214 5.58-20.203 13.931C-1.12 23.318.408 32.622.465 41.65c.375 7.316.943 14.78 3.392 21.73 4.365 9.465 14.781 14.537 24.782 15.385 7.64.698 15.761-.213 22.517-4.026a54.1 54.1 0 0 0 .01-6.232c-6.855 1.316-14.101 2.609-21.049 1.074-3.883-.88-6.876-4.237-7.25-8.215-1.53-3.988 3.78-.43 5.584-.883 9.048 1.224 18.282.776 27.303-.462 7.044-.837 14.26-4.788 16.65-11.833 2.263-6.135 1.215-12.79 1.698-19.177.06-3.84.09-7.692-.262-11.52C72.596 7.844 63.223.981 53.834.684a219.453 219.453 0 0 0-16.022-.71zm11.294 12.882c5.5-.067 10.801 4.143 11.67 9.653.338 1.48.471 3 .471 4.515v21.088h-8.357c-.07-7.588.153-15.182-.131-22.765-.587-4.368-7.04-5.747-9.672-2.397-2.422 3.04-1.47 7.155-1.67 10.735v6.392h-8.307c-.146-4.996.359-10.045-.404-15.002-1.108-4.218-7.809-5.565-10.094-1.666-1.685 3.046-.712 6.634-.976 9.936v14.767h-8.354c.109-8.165-.238-16.344.215-24.5.674-5.346 5.095-10.389 10.676-10.627 4.902-.739 10.103 2.038 12.053 6.631.375 1.435 1.76 1.932 1.994.084 1.844-3.704 5.501-6.739 9.785-6.771.367-.044.735-.068 1.101-.073z\"\/><defs><linearGradient id=\"paint0_linear_549_34\" x1=\"37.0692\" y1=\"0\" x2=\"37.0692\" y2=\"79\" gradientUnits=\"userSpaceOnUse\"><stop stop-color=\"#6364FF\"\/><stop offset=\"1\" stop-color=\"#563ACC\"\/><\/linearGradient><\/defs><\/svg><\/span><span class=\"shariff-text\" style=\"color:#6364FF\">teilen<\/span>&nbsp;<\/a><\/li><li class=\"shariff-button bluesky shariff-nocustomcolor\" style=\"background-color:#84c4ff\"><a href=\"https:\/\/bsky.app\/intent\/compose?text=Facebook%20ausr%C3%A4umen%20%E2%80%93%20Politik%2C%20Emp%C3%B6rung%20und%20%C3%96ffentlichkeit https%3A%2F%2Fwww.kritische-masse.de%2Flogbuch%2F2025%2F01%2Ffacebook-ausraeumen-politik-empoerung-und-oeffentlichkeit%2F \" title=\"Bei Bluesky teilen\" aria-label=\"Bei Bluesky teilen\" role=\"button\" rel=\"noopener nofollow\" class=\"shariff-link\" style=\"; background-color:#0085ff; color:#0085ff\" target=\"_blank\"><span class=\"shariff-icon\" style=\"fill:#0085ff\"><svg width=\"20\" height=\"20\" version=\"1.1\" xmlns=\"http:\/\/www.w3.org\/2000\/svg\" viewBox=\"0 0 20 20\"><path class=\"st0\" d=\"M4.89,3.12c2.07,1.55,4.3,4.71,5.11,6.4.82-1.69,3.04-4.84,5.11-6.4,1.49-1.12,3.91-1.99,3.91.77,0,.55-.32,4.63-.5,5.3-.64,2.3-2.99,2.89-5.08,2.54,3.65.62,4.58,2.68,2.57,4.74-3.81,3.91-5.48-.98-5.9-2.23-.08-.23-.11-.34-.12-.25,0-.09-.04.02-.12.25-.43,1.25-2.09,6.14-5.9,2.23-2.01-2.06-1.08-4.12,2.57-4.74-2.09.36-4.44-.23-5.08-2.54-.19-.66-.5-4.74-.5-5.3,0-2.76,2.42-1.89,3.91-.77h0Z\"\/><\/svg><\/span><span class=\"shariff-text\" style=\"color:#0085ff\">teilen<\/span>&nbsp;<\/a><\/li><li class=\"shariff-button threema shariff-nocustomcolor shariff-mobile\" style=\"background-color:#4fbc24\"><a href=\"threema:\/\/compose?text=Facebook%20ausr%C3%A4umen%20%E2%80%93%20Politik%2C%20Emp%C3%B6rung%20und%20%C3%96ffentlichkeit%20https%3A%2F%2Fwww.kritische-masse.de%2Flogbuch%2F2025%2F01%2Ffacebook-ausraeumen-politik-empoerung-und-oeffentlichkeit%2F\" title=\"Bei Threema teilen\" aria-label=\"Bei Threema teilen\" role=\"button\" rel=\"noopener nofollow\" class=\"shariff-link\" style=\"; background-color:#1f1f1f; color:#1f1f1f\" target=\"_blank\"><span class=\"shariff-icon\" style=\"fill:#1f1f1f\"><svg width=\"32px\" height=\"20px\" xmlns=\"http:\/\/www.w3.org\/2000\/svg\" viewBox=\"0 0 32 32\"><path fill=\"#1f1f1f\" d=\"M30.8 10.9c-0.3-1.4-0.9-2.6-1.8-3.8-2-2.6-5.5-4.5-9.4-5.2-1.3-0.2-1.9-0.3-3.5-0.3s-2.2 0-3.5 0.3c-4 0.7-7.4 2.6-9.4 5.2-0.9 1.2-1.5 2.4-1.8 3.8-0.1 0.5-0.2 1.2-0.2 1.6 0 0.4 0.1 1.1 0.2 1.6 0.4 1.9 1.3 3.4 2.9 5 0.8 0.8 0.8 0.8 0.7 1.3 0 0.6-0.5 1.6-1.7 3.6-0.3 0.5-0.5 0.9-0.5 0.9 0 0.1 0.1 0.1 0.5 0 0.8-0.2 2.3-0.6 5.6-1.6 1.1-0.3 1.3-0.4 2.3-0.4 0.8 0 1.1 0 2.3 0.2 1.5 0.2 3.5 0.2 4.9 0 5.1-0.6 9.3-2.9 11.4-6.3 0.5-0.9 0.9-1.8 1.1-2.8 0.1-0.5 0.2-1.1 0.2-1.6 0-0.7-0.1-1.1-0.2-1.6-0.3-1.4 0.1 0.5 0 0zM20.6 17.3c0 0.4-0.4 0.8-0.8 0.8h-7.7c-0.4 0-0.8-0.4-0.8-0.8v-4.6c0-0.4 0.4-0.8 0.8-0.8h0.2l0-1.6c0-0.9 0-1.8 0.1-2 0.1-0.6 0.6-1.2 1.1-1.7s1.1-0.7 1.9-0.8c1.8-0.3 3.7 0.7 4.2 2.2 0.1 0.3 0.1 0.7 0.1 2.1v0 1.7h0.1c0.4 0 0.8 0.4 0.8 0.8v4.6zM15.6 7.3c-0.5 0.1-0.8 0.3-1.2 0.6s-0.6 0.8-0.7 1.3c0 0.2 0 0.8 0 1.5l0 1.2h4.6v-1.3c0-1 0-1.4-0.1-1.6-0.3-1.1-1.5-1.9-2.6-1.7zM25.8 28.2c0 1.2-1 2.2-2.1 2.2s-2.1-1-2.1-2.1c0-1.2 1-2.1 2.2-2.1s2.2 1 2.2 2.2zM18.1 28.2c0 1.2-1 2.2-2.1 2.2s-2.1-1-2.1-2.1c0-1.2 1-2.1 2.2-2.1s2.2 1 2.2 2.2zM10.4 28.2c0 1.2-1 2.2-2.1 2.2s-2.1-1-2.1-2.1c0-1.2 1-2.1 2.2-2.1s2.2 1 2.2 2.2z\"\/><\/svg><\/span><span class=\"shariff-text\" style=\"color:#1f1f1f\">teilen<\/span>&nbsp;<\/a><\/li><li class=\"shariff-button facebook shariff-nocustomcolor\" style=\"background-color:#4273c8\"><a href=\"https:\/\/www.facebook.com\/sharer\/sharer.php?u=https%3A%2F%2Fwww.kritische-masse.de%2Flogbuch%2F2025%2F01%2Ffacebook-ausraeumen-politik-empoerung-und-oeffentlichkeit%2F\" title=\"Bei Facebook teilen\" aria-label=\"Bei Facebook teilen\" role=\"button\" rel=\"nofollow\" class=\"shariff-link\" style=\"; background-color:#3b5998; color:#3b5998\" target=\"_blank\"><span class=\"shariff-icon\" style=\"fill:#3b5998\"><svg width=\"32px\" height=\"20px\" xmlns=\"http:\/\/www.w3.org\/2000\/svg\" viewBox=\"0 0 18 32\"><path fill=\"#3b5998\" d=\"M17.1 0.2v4.7h-2.8q-1.5 0-2.1 0.6t-0.5 1.9v3.4h5.2l-0.7 5.3h-4.5v13.6h-5.5v-13.6h-4.5v-5.3h4.5v-3.9q0-3.3 1.9-5.2t5-1.8q2.6 0 4.1 0.2z\"\/><\/svg><\/span><span class=\"shariff-text\" style=\"color:#3b5998\">teilen<\/span>&nbsp;<\/a><\/li><li class=\"shariff-button info shariff-nocustomcolor\" style=\"background-color:#a8a8a8\"><a href=\"http:\/\/ct.de\/-2467514\" title=\"Weitere Informationen\" aria-label=\"Weitere Informationen\" role=\"button\" rel=\"noopener \" class=\"shariff-link\" style=\"; background-color:#999; color:#999\" target=\"_blank\"><span class=\"shariff-icon\" style=\"fill:#999\"><svg width=\"32px\" height=\"20px\" xmlns=\"http:\/\/www.w3.org\/2000\/svg\" viewBox=\"0 0 11 32\"><path fill=\"#999\" d=\"M11.4 24v2.3q0 0.5-0.3 0.8t-0.8 0.4h-9.1q-0.5 0-0.8-0.4t-0.4-0.8v-2.3q0-0.5 0.4-0.8t0.8-0.4h1.1v-6.8h-1.1q-0.5 0-0.8-0.4t-0.4-0.8v-2.3q0-0.5 0.4-0.8t0.8-0.4h6.8q0.5 0 0.8 0.4t0.4 0.8v10.3h1.1q0.5 0 0.8 0.4t0.3 0.8zM9.2 3.4v3.4q0 0.5-0.4 0.8t-0.8 0.4h-4.6q-0.4 0-0.8-0.4t-0.4-0.8v-3.4q0-0.4 0.4-0.8t0.8-0.4h4.6q0.5 0 0.8 0.4t0.4 0.8z\"\/><\/svg><\/span><\/a><\/li><\/ul><\/div>","protected":false},"excerpt":{"rendered":"<p>Es ist doch faszinierend, wozu die ganze viele Meinung beitr\u00e4gt. Man hat sich zu emp\u00f6ren, im Chor, schrill und schnell. Diese Pseudoaktivit\u00e4t, denn in der Regel ist es nicht mehr als ein unsportliches Zujubeln oder Diffamieren, h\u00e4lt im Gegenteil den politischen und gesellschaftlichen Fortschritt zum Besseren eher auf, als dass es zur Verbesserung des sozialen Klimas beitr\u00e4gt. So als ob man auf dem Weg zur Demonstration in jede auf dem Weg liegende Kneipe geht, einen Schnaps trinkt und dazu seine \u201eMeinung\u201c vortr\u00e4gt. Besoffen von so viel Aktivit\u00e4t wei\u00df man gar nicht mehr, wof\u00fcr man sich einsetzen wollte, nur noch, wogegen.<\/p>\n<div class=\"shariff shariff-align-left shariff-widget-align-left\"><ul class=\"shariff-buttons theme-white orientation-horizontal buttonsize-small\"><li class=\"shariff-button mastodon shariff-nocustomcolor\" style=\"background-color:#563ACC\"><a href=\"https:\/\/s2f.kytta.dev\/?text=Facebook%20ausr%C3%A4umen%20%E2%80%93%20Politik%2C%20Emp%C3%B6rung%20und%20%C3%96ffentlichkeit https%3A%2F%2Fwww.kritische-masse.de%2Flogbuch%2F2025%2F01%2Ffacebook-ausraeumen-politik-empoerung-und-oeffentlichkeit%2F\" title=\"Bei Mastodon teilen\" aria-label=\"Bei Mastodon teilen\" role=\"button\" rel=\"noopener nofollow\" class=\"shariff-link\" style=\"; background-color:#6364FF; color:#6364FF\" target=\"_blank\"><span class=\"shariff-icon\" style=\"fill:#6364FF\"><svg width=\"75\" height=\"79\" viewBox=\"0 0 75 79\" fill=\"none\" xmlns=\"http:\/\/www.w3.org\/2000\/svg\"><path d=\"M37.813-.025C32.462-.058 27.114.13 21.79.598c-8.544.621-17.214 5.58-20.203 13.931C-1.12 23.318.408 32.622.465 41.65c.375 7.316.943 14.78 3.392 21.73 4.365 9.465 14.781 14.537 24.782 15.385 7.64.698 15.761-.213 22.517-4.026a54.1 54.1 0 0 0 .01-6.232c-6.855 1.316-14.101 2.609-21.049 1.074-3.883-.88-6.876-4.237-7.25-8.215-1.53-3.988 3.78-.43 5.584-.883 9.048 1.224 18.282.776 27.303-.462 7.044-.837 14.26-4.788 16.65-11.833 2.263-6.135 1.215-12.79 1.698-19.177.06-3.84.09-7.692-.262-11.52C72.596 7.844 63.223.981 53.834.684a219.453 219.453 0 0 0-16.022-.71zm11.294 12.882c5.5-.067 10.801 4.143 11.67 9.653.338 1.48.471 3 .471 4.515v21.088h-8.357c-.07-7.588.153-15.182-.131-22.765-.587-4.368-7.04-5.747-9.672-2.397-2.422 3.04-1.47 7.155-1.67 10.735v6.392h-8.307c-.146-4.996.359-10.045-.404-15.002-1.108-4.218-7.809-5.565-10.094-1.666-1.685 3.046-.712 6.634-.976 9.936v14.767h-8.354c.109-8.165-.238-16.344.215-24.5.674-5.346 5.095-10.389 10.676-10.627 4.902-.739 10.103 2.038 12.053 6.631.375 1.435 1.76 1.932 1.994.084 1.844-3.704 5.501-6.739 9.785-6.771.367-.044.735-.068 1.101-.073z\"\/><defs><linearGradient id=\"paint0_linear_549_34\" x1=\"37.0692\" y1=\"0\" x2=\"37.0692\" y2=\"79\" gradientUnits=\"userSpaceOnUse\"><stop stop-color=\"#6364FF\"\/><stop offset=\"1\" stop-color=\"#563ACC\"\/><\/linearGradient><\/defs><\/svg><\/span><span class=\"shariff-text\" style=\"color:#6364FF\">teilen<\/span>&nbsp;<\/a><\/li><li class=\"shariff-button bluesky shariff-nocustomcolor\" style=\"background-color:#84c4ff\"><a href=\"https:\/\/bsky.app\/intent\/compose?text=Facebook%20ausr%C3%A4umen%20%E2%80%93%20Politik%2C%20Emp%C3%B6rung%20und%20%C3%96ffentlichkeit https%3A%2F%2Fwww.kritische-masse.de%2Flogbuch%2F2025%2F01%2Ffacebook-ausraeumen-politik-empoerung-und-oeffentlichkeit%2F \" title=\"Bei Bluesky teilen\" aria-label=\"Bei Bluesky teilen\" role=\"button\" rel=\"noopener nofollow\" class=\"shariff-link\" style=\"; background-color:#0085ff; color:#0085ff\" target=\"_blank\"><span class=\"shariff-icon\" style=\"fill:#0085ff\"><svg width=\"20\" height=\"20\" version=\"1.1\" xmlns=\"http:\/\/www.w3.org\/2000\/svg\" viewBox=\"0 0 20 20\"><path class=\"st0\" d=\"M4.89,3.12c2.07,1.55,4.3,4.71,5.11,6.4.82-1.69,3.04-4.84,5.11-6.4,1.49-1.12,3.91-1.99,3.91.77,0,.55-.32,4.63-.5,5.3-.64,2.3-2.99,2.89-5.08,2.54,3.65.62,4.58,2.68,2.57,4.74-3.81,3.91-5.48-.98-5.9-2.23-.08-.23-.11-.34-.12-.25,0-.09-.04.02-.12.25-.43,1.25-2.09,6.14-5.9,2.23-2.01-2.06-1.08-4.12,2.57-4.74-2.09.36-4.44-.23-5.08-2.54-.19-.66-.5-4.74-.5-5.3,0-2.76,2.42-1.89,3.91-.77h0Z\"\/><\/svg><\/span><span class=\"shariff-text\" style=\"color:#0085ff\">teilen<\/span>&nbsp;<\/a><\/li><li class=\"shariff-button threema shariff-nocustomcolor shariff-mobile\" style=\"background-color:#4fbc24\"><a href=\"threema:\/\/compose?text=Facebook%20ausr%C3%A4umen%20%E2%80%93%20Politik%2C%20Emp%C3%B6rung%20und%20%C3%96ffentlichkeit%20https%3A%2F%2Fwww.kritische-masse.de%2Flogbuch%2F2025%2F01%2Ffacebook-ausraeumen-politik-empoerung-und-oeffentlichkeit%2F\" title=\"Bei Threema teilen\" aria-label=\"Bei Threema teilen\" role=\"button\" rel=\"noopener nofollow\" class=\"shariff-link\" style=\"; background-color:#1f1f1f; color:#1f1f1f\" target=\"_blank\"><span class=\"shariff-icon\" style=\"fill:#1f1f1f\"><svg width=\"32px\" height=\"20px\" xmlns=\"http:\/\/www.w3.org\/2000\/svg\" viewBox=\"0 0 32 32\"><path fill=\"#1f1f1f\" d=\"M30.8 10.9c-0.3-1.4-0.9-2.6-1.8-3.8-2-2.6-5.5-4.5-9.4-5.2-1.3-0.2-1.9-0.3-3.5-0.3s-2.2 0-3.5 0.3c-4 0.7-7.4 2.6-9.4 5.2-0.9 1.2-1.5 2.4-1.8 3.8-0.1 0.5-0.2 1.2-0.2 1.6 0 0.4 0.1 1.1 0.2 1.6 0.4 1.9 1.3 3.4 2.9 5 0.8 0.8 0.8 0.8 0.7 1.3 0 0.6-0.5 1.6-1.7 3.6-0.3 0.5-0.5 0.9-0.5 0.9 0 0.1 0.1 0.1 0.5 0 0.8-0.2 2.3-0.6 5.6-1.6 1.1-0.3 1.3-0.4 2.3-0.4 0.8 0 1.1 0 2.3 0.2 1.5 0.2 3.5 0.2 4.9 0 5.1-0.6 9.3-2.9 11.4-6.3 0.5-0.9 0.9-1.8 1.1-2.8 0.1-0.5 0.2-1.1 0.2-1.6 0-0.7-0.1-1.1-0.2-1.6-0.3-1.4 0.1 0.5 0 0zM20.6 17.3c0 0.4-0.4 0.8-0.8 0.8h-7.7c-0.4 0-0.8-0.4-0.8-0.8v-4.6c0-0.4 0.4-0.8 0.8-0.8h0.2l0-1.6c0-0.9 0-1.8 0.1-2 0.1-0.6 0.6-1.2 1.1-1.7s1.1-0.7 1.9-0.8c1.8-0.3 3.7 0.7 4.2 2.2 0.1 0.3 0.1 0.7 0.1 2.1v0 1.7h0.1c0.4 0 0.8 0.4 0.8 0.8v4.6zM15.6 7.3c-0.5 0.1-0.8 0.3-1.2 0.6s-0.6 0.8-0.7 1.3c0 0.2 0 0.8 0 1.5l0 1.2h4.6v-1.3c0-1 0-1.4-0.1-1.6-0.3-1.1-1.5-1.9-2.6-1.7zM25.8 28.2c0 1.2-1 2.2-2.1 2.2s-2.1-1-2.1-2.1c0-1.2 1-2.1 2.2-2.1s2.2 1 2.2 2.2zM18.1 28.2c0 1.2-1 2.2-2.1 2.2s-2.1-1-2.1-2.1c0-1.2 1-2.1 2.2-2.1s2.2 1 2.2 2.2zM10.4 28.2c0 1.2-1 2.2-2.1 2.2s-2.1-1-2.1-2.1c0-1.2 1-2.1 2.2-2.1s2.2 1 2.2 2.2z\"\/><\/svg><\/span><span class=\"shariff-text\" style=\"color:#1f1f1f\">teilen<\/span>&nbsp;<\/a><\/li><li class=\"shariff-button facebook shariff-nocustomcolor\" style=\"background-color:#4273c8\"><a href=\"https:\/\/www.facebook.com\/sharer\/sharer.php?u=https%3A%2F%2Fwww.kritische-masse.de%2Flogbuch%2F2025%2F01%2Ffacebook-ausraeumen-politik-empoerung-und-oeffentlichkeit%2F\" title=\"Bei Facebook teilen\" aria-label=\"Bei Facebook teilen\" role=\"button\" rel=\"nofollow\" class=\"shariff-link\" style=\"; background-color:#3b5998; color:#3b5998\" target=\"_blank\"><span class=\"shariff-icon\" style=\"fill:#3b5998\"><svg width=\"32px\" height=\"20px\" xmlns=\"http:\/\/www.w3.org\/2000\/svg\" viewBox=\"0 0 18 32\"><path fill=\"#3b5998\" d=\"M17.1 0.2v4.7h-2.8q-1.5 0-2.1 0.6t-0.5 1.9v3.4h5.2l-0.7 5.3h-4.5v13.6h-5.5v-13.6h-4.5v-5.3h4.5v-3.9q0-3.3 1.9-5.2t5-1.8q2.6 0 4.1 0.2z\"\/><\/svg><\/span><span class=\"shariff-text\" style=\"color:#3b5998\">teilen<\/span>&nbsp;<\/a><\/li><li class=\"shariff-button info shariff-nocustomcolor\" style=\"background-color:#a8a8a8\"><a href=\"http:\/\/ct.de\/-2467514\" title=\"Weitere Informationen\" aria-label=\"Weitere Informationen\" role=\"button\" rel=\"noopener \" class=\"shariff-link\" style=\"; background-color:#999; color:#999\" target=\"_blank\"><span class=\"shariff-icon\" style=\"fill:#999\"><svg width=\"32px\" height=\"20px\" xmlns=\"http:\/\/www.w3.org\/2000\/svg\" viewBox=\"0 0 11 32\"><path fill=\"#999\" d=\"M11.4 24v2.3q0 0.5-0.3 0.8t-0.8 0.4h-9.1q-0.5 0-0.8-0.4t-0.4-0.8v-2.3q0-0.5 0.4-0.8t0.8-0.4h1.1v-6.8h-1.1q-0.5 0-0.8-0.4t-0.4-0.8v-2.3q0-0.5 0.4-0.8t0.8-0.4h6.8q0.5 0 0.8 0.4t0.4 0.8v10.3h1.1q0.5 0 0.8 0.4t0.3 0.8zM9.2 3.4v3.4q0 0.5-0.4 0.8t-0.8 0.4h-4.6q-0.4 0-0.8-0.4t-0.4-0.8v-3.4q0-0.4 0.4-0.8t0.8-0.4h4.6q0.5 0 0.8 0.4t0.4 0.8z\"\/><\/svg><\/span><\/a><\/li><\/ul><\/div>","protected":false},"author":1,"featured_media":10574,"comment_status":"open","ping_status":"open","sticky":false,"template":"","format":"standard","meta":{"ocean_post_layout":"","ocean_both_sidebars_style":"","ocean_both_sidebars_content_width":0,"ocean_both_sidebars_sidebars_width":0,"ocean_sidebar":"","ocean_second_sidebar":"","ocean_disable_margins":"enable","ocean_add_body_class":"","ocean_shortcode_before_top_bar":"","ocean_shortcode_after_top_bar":"","ocean_shortcode_before_header":"","ocean_shortcode_after_header":"","ocean_has_shortcode":"","ocean_shortcode_after_title":"","ocean_shortcode_before_footer_widgets":"","ocean_shortcode_after_footer_widgets":"","ocean_shortcode_before_footer_bottom":"","ocean_shortcode_after_footer_bottom":"","ocean_display_top_bar":"default","ocean_display_header":"default","ocean_header_style":"","ocean_center_header_left_menu":"","ocean_custom_header_template":"","ocean_custom_logo":0,"ocean_custom_retina_logo":0,"ocean_custom_logo_max_width":0,"ocean_custom_logo_tablet_max_width":0,"ocean_custom_logo_mobile_max_width":0,"ocean_custom_logo_max_height":0,"ocean_custom_logo_tablet_max_height":0,"ocean_custom_logo_mobile_max_height":0,"ocean_header_custom_menu":"","ocean_menu_typo_font_family":"","ocean_menu_typo_font_subset":"","ocean_menu_typo_font_size":0,"ocean_menu_typo_font_size_tablet":0,"ocean_menu_typo_font_size_mobile":0,"ocean_menu_typo_font_size_unit":"px","ocean_menu_typo_font_weight":"","ocean_menu_typo_font_weight_tablet":"","ocean_menu_typo_font_weight_mobile":"","ocean_menu_typo_transform":"","ocean_menu_typo_transform_tablet":"","ocean_menu_typo_transform_mobile":"","ocean_menu_typo_line_height":0,"ocean_menu_typo_line_height_tablet":0,"ocean_menu_typo_line_height_mobile":0,"ocean_menu_typo_line_height_unit":"","ocean_menu_typo_spacing":0,"ocean_menu_typo_spacing_tablet":0,"ocean_menu_typo_spacing_mobile":0,"ocean_menu_typo_spacing_unit":"","ocean_menu_link_color":"","ocean_menu_link_color_hover":"","ocean_menu_link_color_active":"","ocean_menu_link_background":"","ocean_menu_link_hover_background":"","ocean_menu_link_active_background":"","ocean_menu_social_links_bg":"","ocean_menu_social_hover_links_bg":"","ocean_menu_social_links_color":"","ocean_menu_social_hover_links_color":"","ocean_disable_title":"default","ocean_disable_heading":"default","ocean_post_title":"","ocean_post_subheading":"","ocean_post_title_style":"","ocean_post_title_background_color":"","ocean_post_title_background":0,"ocean_post_title_bg_image_position":"","ocean_post_title_bg_image_attachment":"","ocean_post_title_bg_image_repeat":"","ocean_post_title_bg_image_size":"","ocean_post_title_height":0,"ocean_post_title_bg_overlay":0.5,"ocean_post_title_bg_overlay_color":"","ocean_disable_breadcrumbs":"default","ocean_breadcrumbs_color":"","ocean_breadcrumbs_separator_color":"","ocean_breadcrumbs_links_color":"","ocean_breadcrumbs_links_hover_color":"","ocean_display_footer_widgets":"default","ocean_display_footer_bottom":"default","ocean_custom_footer_template":"","osh_disable_topbar_sticky":"default","osh_disable_header_sticky":"default","osh_sticky_header_style":"default","osh_sticky_header_effect":"","osh_custom_sticky_logo":0,"osh_custom_retina_sticky_logo":0,"osh_custom_sticky_logo_height":0,"osh_background_color":"","osh_links_color":"","osh_links_hover_color":"","osh_links_active_color":"","osh_links_bg_color":"","osh_links_hover_bg_color":"","osh_links_active_bg_color":"","osh_menu_social_links_color":"","osh_menu_social_hover_links_color":"","_FSMCFIC_featured_image_caption":"","_FSMCFIC_featured_image_nocaption":"","_FSMCFIC_featured_image_hide":"","_metis_text_type":"standard","_metis_text_length":5379,"_post_count":0,"_jetpack_memberships_contains_paid_content":false,"activitypub_content_warning":"","activitypub_content_visibility":"","activitypub_max_image_attachments":4,"activitypub_interaction_policy_quote":"anyone","activitypub_status":"","ocean_post_oembed":"","ocean_post_self_hosted_media":"","ocean_post_video_embed":"","ocean_link_format":"","ocean_link_format_target":"self","ocean_quote_format":"","ocean_quote_format_link":"post","ocean_gallery_link_images":"on","ocean_gallery_id":[],"footnotes":"","jetpack_publicize_message":"","jetpack_publicize_feature_enabled":true,"jetpack_social_post_already_shared":true,"jetpack_social_options":{"image_generator_settings":{"template":"highway","default_image_id":0,"font":"","enabled":false},"version":2}},"categories":[2647,2695,2648],"tags":[2781,2820],"class_list":["post-10565","post","type-post","status-publish","format-standard","has-post-thumbnail","hentry","category-angriffauf","category-die-kultur","category-dieurteilskraft","tag-facebook-leerraeumen","tag-kulturkritik","entry","has-media"],"yoast_head":"<!-- This site is optimized with the Yoast SEO plugin v27.5 - https:\/\/yoast.com\/product\/yoast-seo-wordpress\/ -->\n<title>Facebook ausr\u00e4umen \u2013 Politik, Emp\u00f6rung und \u00d6ffentlichkeit - Kritische Masse<\/title>\n<meta name=\"robots\" content=\"index, follow, max-snippet:-1, max-image-preview:large, max-video-preview:-1\" \/>\n<link rel=\"canonical\" href=\"https:\/\/www.kritische-masse.de\/logbuch\/2025\/01\/facebook-ausraeumen-politik-empoerung-und-oeffentlichkeit\/\" \/>\n<meta property=\"og:locale\" content=\"de_DE\" \/>\n<meta property=\"og:type\" content=\"article\" \/>\n<meta property=\"og:title\" content=\"Facebook ausr\u00e4umen \u2013 Politik, Emp\u00f6rung und \u00d6ffentlichkeit - Kritische Masse\" \/>\n<meta property=\"og:description\" content=\"Es ist doch faszinierend, wozu die ganze viele Meinung beitr\u00e4gt. Man hat sich zu emp\u00f6ren, im Chor, schrill und schnell. Diese Pseudoaktivit\u00e4t, denn in der Regel ist es nicht mehr als ein unsportliches Zujubeln oder Diffamieren, h\u00e4lt im Gegenteil den politischen und gesellschaftlichen Fortschritt zum Besseren eher auf, als dass es zur Verbesserung des sozialen Klimas beitr\u00e4gt. So als ob man auf dem Weg zur Demonstration in jede auf dem Weg liegende Kneipe geht, einen Schnaps trinkt und dazu seine \u201eMeinung\u201c vortr\u00e4gt. Besoffen von so viel Aktivit\u00e4t wei\u00df man gar nicht mehr, wof\u00fcr man sich einsetzen wollte, nur noch, wogegen.\" \/>\n<meta property=\"og:url\" content=\"https:\/\/www.kritische-masse.de\/logbuch\/2025\/01\/facebook-ausraeumen-politik-empoerung-und-oeffentlichkeit\/\" \/>\n<meta property=\"og:site_name\" content=\"Kritische Masse\" \/>\n<meta property=\"article:publisher\" content=\"https:\/\/www.facebook.com\/hufner\" \/>\n<meta property=\"article:author\" content=\"https:\/\/www.facebook.com\/hufner\" \/>\n<meta property=\"article:published_time\" content=\"2025-01-07T20:45:57+00:00\" \/>\n<meta property=\"og:image\" content=\"https:\/\/www.kritische-masse.de\/logbuch\/wp-content\/uploads\/2025\/01\/81969182_10157909476679182_3403663996128067584_n.jpg\" \/>\n\t<meta property=\"og:image:width\" content=\"960\" \/>\n\t<meta property=\"og:image:height\" content=\"706\" \/>\n\t<meta property=\"og:image:type\" content=\"image\/jpeg\" \/>\n<meta name=\"author\" content=\"der huflaikhan\" \/>\n<meta name=\"twitter:label1\" content=\"Verfasst von\" \/>\n\t<meta name=\"twitter:data1\" content=\"der huflaikhan\" \/>\n\t<meta name=\"twitter:label2\" content=\"Gesch\u00e4tzte Lesezeit\" \/>\n\t<meta name=\"twitter:data2\" content=\"5\u00a0Minuten\" \/>\n<script type=\"application\/ld+json\" class=\"yoast-schema-graph\">{\"@context\":\"https:\\\/\\\/schema.org\",\"@graph\":[{\"@type\":\"Article\",\"@id\":\"https:\\\/\\\/www.kritische-masse.de\\\/logbuch\\\/2025\\\/01\\\/facebook-ausraeumen-politik-empoerung-und-oeffentlichkeit\\\/#article\",\"isPartOf\":{\"@id\":\"https:\\\/\\\/www.kritische-masse.de\\\/logbuch\\\/2025\\\/01\\\/facebook-ausraeumen-politik-empoerung-und-oeffentlichkeit\\\/\"},\"author\":{\"name\":\"der huflaikhan\",\"@id\":\"https:\\\/\\\/www.kritische-masse.de\\\/logbuch\\\/#\\\/schema\\\/person\\\/14c491f46504e7f6b79db161f76def1c\"},\"headline\":\"Facebook ausr\u00e4umen \u2013 Politik, Emp\u00f6rung und \u00d6ffentlichkeit\",\"datePublished\":\"2025-01-07T20:45:57+00:00\",\"mainEntityOfPage\":{\"@id\":\"https:\\\/\\\/www.kritische-masse.de\\\/logbuch\\\/2025\\\/01\\\/facebook-ausraeumen-politik-empoerung-und-oeffentlichkeit\\\/\"},\"wordCount\":868,\"commentCount\":0,\"publisher\":{\"@id\":\"https:\\\/\\\/www.kritische-masse.de\\\/logbuch\\\/#\\\/schema\\\/person\\\/14c491f46504e7f6b79db161f76def1c\"},\"image\":{\"@id\":\"https:\\\/\\\/www.kritische-masse.de\\\/logbuch\\\/2025\\\/01\\\/facebook-ausraeumen-politik-empoerung-und-oeffentlichkeit\\\/#primaryimage\"},\"thumbnailUrl\":\"https:\\\/\\\/i0.wp.com\\\/www.kritische-masse.de\\\/logbuch\\\/wp-content\\\/uploads\\\/2025\\\/01\\\/81969182_10157909476679182_3403663996128067584_n.jpg?fit=960%2C706&ssl=1\",\"keywords\":[\"Facebook leerr\u00e4umen\",\"Kulturkritik\"],\"articleSection\":[\"Angriff auf \u2026\",\"die Kultur\",\"die Urteilskraft\"],\"inLanguage\":\"de\",\"potentialAction\":[{\"@type\":\"CommentAction\",\"name\":\"Comment\",\"target\":[\"https:\\\/\\\/www.kritische-masse.de\\\/logbuch\\\/2025\\\/01\\\/facebook-ausraeumen-politik-empoerung-und-oeffentlichkeit\\\/#respond\"]}]},{\"@type\":\"WebPage\",\"@id\":\"https:\\\/\\\/www.kritische-masse.de\\\/logbuch\\\/2025\\\/01\\\/facebook-ausraeumen-politik-empoerung-und-oeffentlichkeit\\\/\",\"url\":\"https:\\\/\\\/www.kritische-masse.de\\\/logbuch\\\/2025\\\/01\\\/facebook-ausraeumen-politik-empoerung-und-oeffentlichkeit\\\/\",\"name\":\"Facebook ausr\u00e4umen \u2013 Politik, Emp\u00f6rung und \u00d6ffentlichkeit - Kritische Masse\",\"isPartOf\":{\"@id\":\"https:\\\/\\\/www.kritische-masse.de\\\/logbuch\\\/#website\"},\"primaryImageOfPage\":{\"@id\":\"https:\\\/\\\/www.kritische-masse.de\\\/logbuch\\\/2025\\\/01\\\/facebook-ausraeumen-politik-empoerung-und-oeffentlichkeit\\\/#primaryimage\"},\"image\":{\"@id\":\"https:\\\/\\\/www.kritische-masse.de\\\/logbuch\\\/2025\\\/01\\\/facebook-ausraeumen-politik-empoerung-und-oeffentlichkeit\\\/#primaryimage\"},\"thumbnailUrl\":\"https:\\\/\\\/i0.wp.com\\\/www.kritische-masse.de\\\/logbuch\\\/wp-content\\\/uploads\\\/2025\\\/01\\\/81969182_10157909476679182_3403663996128067584_n.jpg?fit=960%2C706&ssl=1\",\"datePublished\":\"2025-01-07T20:45:57+00:00\",\"breadcrumb\":{\"@id\":\"https:\\\/\\\/www.kritische-masse.de\\\/logbuch\\\/2025\\\/01\\\/facebook-ausraeumen-politik-empoerung-und-oeffentlichkeit\\\/#breadcrumb\"},\"inLanguage\":\"de\",\"potentialAction\":[{\"@type\":\"ReadAction\",\"target\":[\"https:\\\/\\\/www.kritische-masse.de\\\/logbuch\\\/2025\\\/01\\\/facebook-ausraeumen-politik-empoerung-und-oeffentlichkeit\\\/\"]}]},{\"@type\":\"ImageObject\",\"inLanguage\":\"de\",\"@id\":\"https:\\\/\\\/www.kritische-masse.de\\\/logbuch\\\/2025\\\/01\\\/facebook-ausraeumen-politik-empoerung-und-oeffentlichkeit\\\/#primaryimage\",\"url\":\"https:\\\/\\\/i0.wp.com\\\/www.kritische-masse.de\\\/logbuch\\\/wp-content\\\/uploads\\\/2025\\\/01\\\/81969182_10157909476679182_3403663996128067584_n.jpg?fit=960%2C706&ssl=1\",\"contentUrl\":\"https:\\\/\\\/i0.wp.com\\\/www.kritische-masse.de\\\/logbuch\\\/wp-content\\\/uploads\\\/2025\\\/01\\\/81969182_10157909476679182_3403663996128067584_n.jpg?fit=960%2C706&ssl=1\",\"width\":960,\"height\":706,\"caption\":\"Facebook wird auch untergehen. Foto: Hufner\"},{\"@type\":\"BreadcrumbList\",\"@id\":\"https:\\\/\\\/www.kritische-masse.de\\\/logbuch\\\/2025\\\/01\\\/facebook-ausraeumen-politik-empoerung-und-oeffentlichkeit\\\/#breadcrumb\",\"itemListElement\":[{\"@type\":\"ListItem\",\"position\":1,\"name\":\"Startseite\",\"item\":\"https:\\\/\\\/www.kritische-masse.de\\\/logbuch\\\/\"},{\"@type\":\"ListItem\",\"position\":2,\"name\":\"Facebook ausr\u00e4umen \u2013 Politik, Emp\u00f6rung und \u00d6ffentlichkeit\"}]},{\"@type\":\"WebSite\",\"@id\":\"https:\\\/\\\/www.kritische-masse.de\\\/logbuch\\\/#website\",\"url\":\"https:\\\/\\\/www.kritische-masse.de\\\/logbuch\\\/\",\"name\":\"kritische masse\",\"description\":\"amt f\u00fcr vermassungsschutz\",\"publisher\":{\"@id\":\"https:\\\/\\\/www.kritische-masse.de\\\/logbuch\\\/#\\\/schema\\\/person\\\/14c491f46504e7f6b79db161f76def1c\"},\"alternateName\":\"das logbuch der kritischen masse\",\"potentialAction\":[{\"@type\":\"SearchAction\",\"target\":{\"@type\":\"EntryPoint\",\"urlTemplate\":\"https:\\\/\\\/www.kritische-masse.de\\\/logbuch\\\/?s={search_term_string}\"},\"query-input\":{\"@type\":\"PropertyValueSpecification\",\"valueRequired\":true,\"valueName\":\"search_term_string\"}}],\"inLanguage\":\"de\"},{\"@type\":[\"Person\",\"Organization\"],\"@id\":\"https:\\\/\\\/www.kritische-masse.de\\\/logbuch\\\/#\\\/schema\\\/person\\\/14c491f46504e7f6b79db161f76def1c\",\"name\":\"der huflaikhan\",\"image\":{\"@type\":\"ImageObject\",\"inLanguage\":\"de\",\"@id\":\"https:\\\/\\\/www.kritische-masse.de\\\/logbuch\\\/wp-content\\\/uploads\\\/2024\\\/01\\\/cropped-kritischmasse_man_512.jpg\",\"url\":\"https:\\\/\\\/www.kritische-masse.de\\\/logbuch\\\/wp-content\\\/uploads\\\/2024\\\/01\\\/cropped-kritischmasse_man_512.jpg\",\"contentUrl\":\"https:\\\/\\\/www.kritische-masse.de\\\/logbuch\\\/wp-content\\\/uploads\\\/2024\\\/01\\\/cropped-kritischmasse_man_512.jpg\",\"width\":512,\"height\":512,\"caption\":\"der huflaikhan\"},\"logo\":{\"@id\":\"https:\\\/\\\/www.kritische-masse.de\\\/logbuch\\\/wp-content\\\/uploads\\\/2024\\\/01\\\/cropped-kritischmasse_man_512.jpg\"},\"description\":\"Betreiber der Kritischen Masse seit 1995. Seit 2023 Wiederaufnahme. Promotion mit einer Arbeit \u00fcber Adornos kompositorische und theoretische Auseinandersetzung mit der Zw\u00f6lftontechnik. Arbeit f\u00fcr den Bayerischen und den Mitteldeutschen Rundfunk als freier Autor und Regisseur \u2013 zumindest bis Ende 2015. Online-Redaktion f\u00fcr neue musikzeitung, Jazzzeitung und Oper &amp; Tanz. Ungl\u00fccklich, aber fast taub.\",\"sameAs\":[\"https:\\\/\\\/www.kritische-masse.de\\\/logbuch\\\/\",\"https:\\\/\\\/www.facebook.com\\\/hufner\"],\"url\":\"https:\\\/\\\/www.kritische-masse.de\\\/logbuch\\\/author\\\/martin_d1juqiu5\\\/\"}]}<\/script>\n<!-- \/ Yoast SEO plugin. -->","yoast_head_json":{"title":"Facebook ausr\u00e4umen \u2013 Politik, Emp\u00f6rung und \u00d6ffentlichkeit - Kritische Masse","robots":{"index":"index","follow":"follow","max-snippet":"max-snippet:-1","max-image-preview":"max-image-preview:large","max-video-preview":"max-video-preview:-1"},"canonical":"https:\/\/www.kritische-masse.de\/logbuch\/2025\/01\/facebook-ausraeumen-politik-empoerung-und-oeffentlichkeit\/","og_locale":"de_DE","og_type":"article","og_title":"Facebook ausr\u00e4umen \u2013 Politik, Emp\u00f6rung und \u00d6ffentlichkeit - Kritische Masse","og_description":"Es ist doch faszinierend, wozu die ganze viele Meinung beitr\u00e4gt. Man hat sich zu emp\u00f6ren, im Chor, schrill und schnell. Diese Pseudoaktivit\u00e4t, denn in der Regel ist es nicht mehr als ein unsportliches Zujubeln oder Diffamieren, h\u00e4lt im Gegenteil den politischen und gesellschaftlichen Fortschritt zum Besseren eher auf, als dass es zur Verbesserung des sozialen Klimas beitr\u00e4gt. So als ob man auf dem Weg zur Demonstration in jede auf dem Weg liegende Kneipe geht, einen Schnaps trinkt und dazu seine \u201eMeinung\u201c vortr\u00e4gt. Besoffen von so viel Aktivit\u00e4t wei\u00df man gar nicht mehr, wof\u00fcr man sich einsetzen wollte, nur noch, wogegen.","og_url":"https:\/\/www.kritische-masse.de\/logbuch\/2025\/01\/facebook-ausraeumen-politik-empoerung-und-oeffentlichkeit\/","og_site_name":"Kritische Masse","article_publisher":"https:\/\/www.facebook.com\/hufner","article_author":"https:\/\/www.facebook.com\/hufner","article_published_time":"2025-01-07T20:45:57+00:00","og_image":[{"width":960,"height":706,"url":"https:\/\/www.kritische-masse.de\/logbuch\/wp-content\/uploads\/2025\/01\/81969182_10157909476679182_3403663996128067584_n.jpg","type":"image\/jpeg"}],"author":"der huflaikhan","twitter_misc":{"Verfasst von":"der huflaikhan","Gesch\u00e4tzte Lesezeit":"5\u00a0Minuten"},"schema":{"@context":"https:\/\/schema.org","@graph":[{"@type":"Article","@id":"https:\/\/www.kritische-masse.de\/logbuch\/2025\/01\/facebook-ausraeumen-politik-empoerung-und-oeffentlichkeit\/#article","isPartOf":{"@id":"https:\/\/www.kritische-masse.de\/logbuch\/2025\/01\/facebook-ausraeumen-politik-empoerung-und-oeffentlichkeit\/"},"author":{"name":"der huflaikhan","@id":"https:\/\/www.kritische-masse.de\/logbuch\/#\/schema\/person\/14c491f46504e7f6b79db161f76def1c"},"headline":"Facebook ausr\u00e4umen \u2013 Politik, Emp\u00f6rung und \u00d6ffentlichkeit","datePublished":"2025-01-07T20:45:57+00:00","mainEntityOfPage":{"@id":"https:\/\/www.kritische-masse.de\/logbuch\/2025\/01\/facebook-ausraeumen-politik-empoerung-und-oeffentlichkeit\/"},"wordCount":868,"commentCount":0,"publisher":{"@id":"https:\/\/www.kritische-masse.de\/logbuch\/#\/schema\/person\/14c491f46504e7f6b79db161f76def1c"},"image":{"@id":"https:\/\/www.kritische-masse.de\/logbuch\/2025\/01\/facebook-ausraeumen-politik-empoerung-und-oeffentlichkeit\/#primaryimage"},"thumbnailUrl":"https:\/\/i0.wp.com\/www.kritische-masse.de\/logbuch\/wp-content\/uploads\/2025\/01\/81969182_10157909476679182_3403663996128067584_n.jpg?fit=960%2C706&ssl=1","keywords":["Facebook leerr\u00e4umen","Kulturkritik"],"articleSection":["Angriff auf \u2026","die Kultur","die Urteilskraft"],"inLanguage":"de","potentialAction":[{"@type":"CommentAction","name":"Comment","target":["https:\/\/www.kritische-masse.de\/logbuch\/2025\/01\/facebook-ausraeumen-politik-empoerung-und-oeffentlichkeit\/#respond"]}]},{"@type":"WebPage","@id":"https:\/\/www.kritische-masse.de\/logbuch\/2025\/01\/facebook-ausraeumen-politik-empoerung-und-oeffentlichkeit\/","url":"https:\/\/www.kritische-masse.de\/logbuch\/2025\/01\/facebook-ausraeumen-politik-empoerung-und-oeffentlichkeit\/","name":"Facebook ausr\u00e4umen \u2013 Politik, Emp\u00f6rung und \u00d6ffentlichkeit - Kritische Masse","isPartOf":{"@id":"https:\/\/www.kritische-masse.de\/logbuch\/#website"},"primaryImageOfPage":{"@id":"https:\/\/www.kritische-masse.de\/logbuch\/2025\/01\/facebook-ausraeumen-politik-empoerung-und-oeffentlichkeit\/#primaryimage"},"image":{"@id":"https:\/\/www.kritische-masse.de\/logbuch\/2025\/01\/facebook-ausraeumen-politik-empoerung-und-oeffentlichkeit\/#primaryimage"},"thumbnailUrl":"https:\/\/i0.wp.com\/www.kritische-masse.de\/logbuch\/wp-content\/uploads\/2025\/01\/81969182_10157909476679182_3403663996128067584_n.jpg?fit=960%2C706&ssl=1","datePublished":"2025-01-07T20:45:57+00:00","breadcrumb":{"@id":"https:\/\/www.kritische-masse.de\/logbuch\/2025\/01\/facebook-ausraeumen-politik-empoerung-und-oeffentlichkeit\/#breadcrumb"},"inLanguage":"de","potentialAction":[{"@type":"ReadAction","target":["https:\/\/www.kritische-masse.de\/logbuch\/2025\/01\/facebook-ausraeumen-politik-empoerung-und-oeffentlichkeit\/"]}]},{"@type":"ImageObject","inLanguage":"de","@id":"https:\/\/www.kritische-masse.de\/logbuch\/2025\/01\/facebook-ausraeumen-politik-empoerung-und-oeffentlichkeit\/#primaryimage","url":"https:\/\/i0.wp.com\/www.kritische-masse.de\/logbuch\/wp-content\/uploads\/2025\/01\/81969182_10157909476679182_3403663996128067584_n.jpg?fit=960%2C706&ssl=1","contentUrl":"https:\/\/i0.wp.com\/www.kritische-masse.de\/logbuch\/wp-content\/uploads\/2025\/01\/81969182_10157909476679182_3403663996128067584_n.jpg?fit=960%2C706&ssl=1","width":960,"height":706,"caption":"Facebook wird auch untergehen. Foto: Hufner"},{"@type":"BreadcrumbList","@id":"https:\/\/www.kritische-masse.de\/logbuch\/2025\/01\/facebook-ausraeumen-politik-empoerung-und-oeffentlichkeit\/#breadcrumb","itemListElement":[{"@type":"ListItem","position":1,"name":"Startseite","item":"https:\/\/www.kritische-masse.de\/logbuch\/"},{"@type":"ListItem","position":2,"name":"Facebook ausr\u00e4umen \u2013 Politik, Emp\u00f6rung und \u00d6ffentlichkeit"}]},{"@type":"WebSite","@id":"https:\/\/www.kritische-masse.de\/logbuch\/#website","url":"https:\/\/www.kritische-masse.de\/logbuch\/","name":"kritische masse","description":"amt f\u00fcr vermassungsschutz","publisher":{"@id":"https:\/\/www.kritische-masse.de\/logbuch\/#\/schema\/person\/14c491f46504e7f6b79db161f76def1c"},"alternateName":"das logbuch der kritischen masse","potentialAction":[{"@type":"SearchAction","target":{"@type":"EntryPoint","urlTemplate":"https:\/\/www.kritische-masse.de\/logbuch\/?s={search_term_string}"},"query-input":{"@type":"PropertyValueSpecification","valueRequired":true,"valueName":"search_term_string"}}],"inLanguage":"de"},{"@type":["Person","Organization"],"@id":"https:\/\/www.kritische-masse.de\/logbuch\/#\/schema\/person\/14c491f46504e7f6b79db161f76def1c","name":"der huflaikhan","image":{"@type":"ImageObject","inLanguage":"de","@id":"https:\/\/www.kritische-masse.de\/logbuch\/wp-content\/uploads\/2024\/01\/cropped-kritischmasse_man_512.jpg","url":"https:\/\/www.kritische-masse.de\/logbuch\/wp-content\/uploads\/2024\/01\/cropped-kritischmasse_man_512.jpg","contentUrl":"https:\/\/www.kritische-masse.de\/logbuch\/wp-content\/uploads\/2024\/01\/cropped-kritischmasse_man_512.jpg","width":512,"height":512,"caption":"der huflaikhan"},"logo":{"@id":"https:\/\/www.kritische-masse.de\/logbuch\/wp-content\/uploads\/2024\/01\/cropped-kritischmasse_man_512.jpg"},"description":"Betreiber der Kritischen Masse seit 1995. Seit 2023 Wiederaufnahme. Promotion mit einer Arbeit \u00fcber Adornos kompositorische und theoretische Auseinandersetzung mit der Zw\u00f6lftontechnik. Arbeit f\u00fcr den Bayerischen und den Mitteldeutschen Rundfunk als freier Autor und Regisseur \u2013 zumindest bis Ende 2015. Online-Redaktion f\u00fcr neue musikzeitung, Jazzzeitung und Oper &amp; Tanz. Ungl\u00fccklich, aber fast taub.","sameAs":["https:\/\/www.kritische-masse.de\/logbuch\/","https:\/\/www.facebook.com\/hufner"],"url":"https:\/\/www.kritische-masse.de\/logbuch\/author\/martin_d1juqiu5\/"}]}},"jetpack_publicize_connections":[],"jetpack_featured_media_url":"https:\/\/i0.wp.com\/www.kritische-masse.de\/logbuch\/wp-content\/uploads\/2025\/01\/81969182_10157909476679182_3403663996128067584_n.jpg?fit=960%2C706&ssl=1","categories_names":["Angriff auf \u2026","die Kultur","die Urteilskraft"],"post_class":[["post-10565","post","type-post","status-publish","format-standard","has-post-thumbnail","hentry","category-angriffauf","category-die-kultur","category-dieurteilskraft","tag-facebook-leerraeumen","tag-kulturkritik","entry","has-media"]],"author_avatar":["<img alt='' src='https:\/\/secure.gravatar.com\/avatar\/c23aee426d58e69f14ef471114d4cac215eec702ee1bc331e2a62ea77e96ed60?s=96&#038;d=blank&#038;r=g' srcset='https:\/\/secure.gravatar.com\/avatar\/c23aee426d58e69f14ef471114d4cac215eec702ee1bc331e2a62ea77e96ed60?s=192&#038;d=blank&#038;r=g 2x' class='avatar avatar-96 photo' height='96' width='96' loading='lazy' decoding='async'\/>"],"featured_video":null,"jetpack-related-posts":[{"id":2644,"url":"https:\/\/www.kritische-masse.de\/logbuch\/2012\/03\/kulturinfarkt-kulturinfarkt\/","url_meta":{"origin":10565,"position":0},"title":"Kulturinfarkt? Kulturinfarkt!","author":"huflaikhan","date":"16. M\u00e4rz 2012","format":false,"excerpt":"Ein Beispiel f\u00fcr m\u00f6gliche Fehlentwicklungen hat man gerade in Berlin gehabt und der Journalist der Berliner Zeitung, Peter Uehling hat darauf hingewiesen. Wegen einer Auff\u00fchrung einer Oper von Nono, die in Zusammenarbeit mit den Salzburger Festspielen und der Staatsoper \u201eUnter den Linden\u201c realisiert wurde und in einem umgebauten Heizkraftwerk stattfand,\u2026","rel":"","context":"In &quot;Angriff auf \u2026&quot;","block_context":{"text":"Angriff auf \u2026","link":"https:\/\/www.kritische-masse.de\/logbuch\/category\/angriffauf\/"},"img":{"alt_text":"","src":"","width":0,"height":0},"classes":[]},{"id":8398,"url":"https:\/\/www.kritische-masse.de\/logbuch\/2012\/03\/kulturinfarkt-kulturinfarkt-2\/","url_meta":{"origin":10565,"position":1},"title":"Kulturinfarkt? Kulturinfarkt!","author":"der huflaikhan","date":"16. M\u00e4rz 2012","format":false,"excerpt":"Ein Buch macht die Runde und er hallt ein Aufschrei nach dem anderen durch das Land der Dichter und Denker. Vier Autoren, die alle von irgend etwas eine Ahnung haben, r\u00fchren die Kulturmacher auf \u201eKULTURINFARKT\u201c. Das Erstaunliche dabei ist, es handelt sich bei den Autoren ausnahmsweise nicht um Banker oder\u2026","rel":"","context":"In &quot;die Kultur&quot;","block_context":{"text":"die Kultur","link":"https:\/\/www.kritische-masse.de\/logbuch\/category\/angriffauf\/die-kultur\/"},"img":{"alt_text":"","src":"","width":0,"height":0},"classes":[]},{"id":8842,"url":"https:\/\/www.kritische-masse.de\/logbuch\/2021\/03\/empirische-kultur-und-sozialforschung-umfrageinfarkt\/","url_meta":{"origin":10565,"position":2},"title":"Empirische Kultur- und Sozialforschung \u2013 Umfrageinfarkt","author":"der huflaikhan","date":"10. M\u00e4rz 2021","format":false,"excerpt":"Da habe ich neulich an einer Umfrage teilgenommen und im Anschluss dem betreuenden Institut die Frage gestellt, wie man denn mit falschen Angaben umgehen w\u00fcrde. Antwort: \u201eEs ist Standard in der Umfrageforschung, die Antworten auf Konsistenz zu pr\u00fcfen und inkonsistente Antworten nicht zu ber\u00fccksichtigen.\u201c Das ist gut, denn ich hatte\u2026","rel":"","context":"In &quot;die Kultur&quot;","block_context":{"text":"die Kultur","link":"https:\/\/www.kritische-masse.de\/logbuch\/category\/angriffauf\/die-kultur\/"},"img":{"alt_text":"","src":"","width":0,"height":0},"classes":[]},{"id":8300,"url":"https:\/\/www.kritische-masse.de\/logbuch\/2005\/06\/populismusanalyse-2005-gysi-marktwirtschaft\/","url_meta":{"origin":10565,"position":3},"title":"Populismusanalyse 2005 &#8211; Gysi, Marktwirtschaft,","author":"der huflaikhan","date":"20. Juni 2005","format":false,"excerpt":"Geht mir auf den Geist dieser Vorwurf des Populismus gegen\u00fcber Oskar Lafontaine und Gregor Gysi, wie er durch die Gazetten und Blog sich verstr\u00f6mt. Kritisiert die beiden, stimmt ihnen zu, aber macht es euch nicht zu einfach. Robert Leicht in der Zeit schreibt da beispielsweise: Linker Populismus ist ungef\u00e4hrlicher, denn\u2026","rel":"","context":"In &quot;die Politik&quot;","block_context":{"text":"die Politik","link":"https:\/\/www.kritische-masse.de\/logbuch\/category\/angriffauf\/die-politik\/"},"img":{"alt_text":"Telefon ins Nichts","src":"https:\/\/i0.wp.com\/www.kritische-masse.de\/logbuch\/wp-content\/uploads\/2007\/02\/telefon2007.jpg?fit=684%2C1024&ssl=1&resize=350%2C200","width":350,"height":200,"srcset":"https:\/\/i0.wp.com\/www.kritische-masse.de\/logbuch\/wp-content\/uploads\/2007\/02\/telefon2007.jpg?fit=684%2C1024&ssl=1&resize=350%2C200 1x, https:\/\/i0.wp.com\/www.kritische-masse.de\/logbuch\/wp-content\/uploads\/2007\/02\/telefon2007.jpg?fit=684%2C1024&ssl=1&resize=525%2C300 1.5x"},"classes":[]},{"id":8283,"url":"https:\/\/www.kritische-masse.de\/logbuch\/2005\/06\/populismus-geht-mir-auf-den-geist\/","url_meta":{"origin":10565,"position":4},"title":"Populismus: Geht mir auf den Geist \u2026","author":"der huflaikhan","date":"20. Juni 2005","format":false,"excerpt":"dieser Vorwurf des Populismus gegen\u00fcber Oskar Lafontaine und Gregor Gysi, wie er durch die Gazetten und Blog sich verstr\u00f6mt. Kritisiert die beiden, stimmt ihnen zu, aber macht es euch nicht zu einfach. Robert Leicht in der Zeit schreibt da beispielsweise: Linker Populismus ist ungef\u00e4hrlicher, denn er scheitert immer an Zahlen\u2026","rel":"","context":"In &quot;die Kultur&quot;","block_context":{"text":"die Kultur","link":"https:\/\/www.kritische-masse.de\/logbuch\/category\/angriffauf\/die-kultur\/"},"img":{"alt_text":"","src":"","width":0,"height":0},"classes":[]},{"id":3216,"url":"https:\/\/www.kritische-masse.de\/logbuch\/2013\/03\/heuchelei-der-musikindustrie-thema-freiwild-thema-musikindustrie\/","url_meta":{"origin":10565,"position":5},"title":"Heuchelei der Musikindustrie &#8211; Thema Frei.Wild, Thema Musikindustrie","author":"huflaikhan","date":"11. M\u00e4rz 2013","format":false,"excerpt":"Jedes Jahr gibt es mehrere ECHOS der Musikindustrie (Pop, Jazz, Klassik). Einer schlimmer als der andere. Im Vorfeld der aktuellen ECHO-Verleihung hat man jemanden nominiert, den man nicht will, auch wenn er das Planziel (Verkauf von Platten) gut erreicht hat. Mir war Frei.Wild, die Band um die es geht, bis\u2026","rel":"","context":"In &quot;Angriff auf \u2026&quot;","block_context":{"text":"Angriff auf \u2026","link":"https:\/\/www.kritische-masse.de\/logbuch\/category\/angriffauf\/"},"img":{"alt_text":"Jugendb\u00fccherei. [Click macht gro\u00df]","src":"https:\/\/i0.wp.com\/www.kritische-masse.de\/logbuch\/wp-content\/uploads\/2013\/03\/gerlach.jpg?fit=621%2C688&ssl=1&resize=350%2C200","width":350,"height":200,"srcset":"https:\/\/i0.wp.com\/www.kritische-masse.de\/logbuch\/wp-content\/uploads\/2013\/03\/gerlach.jpg?fit=621%2C688&ssl=1&resize=350%2C200 1x, https:\/\/i0.wp.com\/www.kritische-masse.de\/logbuch\/wp-content\/uploads\/2013\/03\/gerlach.jpg?fit=621%2C688&ssl=1&resize=525%2C300 1.5x"},"classes":[]}],"jetpack_sharing_enabled":true,"public_identification_id":"4281587c81ef4749a3a50e81ef2e64b5","private_identification_id":"4efba153a561404990b69f8aa6e498f0","_links":{"self":[{"href":"https:\/\/www.kritische-masse.de\/logbuch\/wp-json\/wp\/v2\/posts\/10565","targetHints":{"allow":["GET"]}}],"collection":[{"href":"https:\/\/www.kritische-masse.de\/logbuch\/wp-json\/wp\/v2\/posts"}],"about":[{"href":"https:\/\/www.kritische-masse.de\/logbuch\/wp-json\/wp\/v2\/types\/post"}],"author":[{"embeddable":true,"href":"https:\/\/www.kritische-masse.de\/logbuch\/wp-json\/wp\/v2\/users\/1"}],"replies":[{"embeddable":true,"href":"https:\/\/www.kritische-masse.de\/logbuch\/wp-json\/wp\/v2\/comments?post=10565"}],"version-history":[{"count":0,"href":"https:\/\/www.kritische-masse.de\/logbuch\/wp-json\/wp\/v2\/posts\/10565\/revisions"}],"wp:featuredmedia":[{"embeddable":true,"href":"https:\/\/www.kritische-masse.de\/logbuch\/wp-json\/wp\/v2\/media\/10574"}],"wp:attachment":[{"href":"https:\/\/www.kritische-masse.de\/logbuch\/wp-json\/wp\/v2\/media?parent=10565"}],"wp:term":[{"taxonomy":"category","embeddable":true,"href":"https:\/\/www.kritische-masse.de\/logbuch\/wp-json\/wp\/v2\/categories?post=10565"},{"taxonomy":"post_tag","embeddable":true,"href":"https:\/\/www.kritische-masse.de\/logbuch\/wp-json\/wp\/v2\/tags?post=10565"}],"curies":[{"name":"wp","href":"https:\/\/api.w.org\/{rel}","templated":true}]}}