{"id":10630,"date":"2025-01-19T00:23:13","date_gmt":"2025-01-18T23:23:13","guid":{"rendered":"https:\/\/www.kritische-masse.de\/logbuch\/?p=10630"},"modified":"2025-01-19T00:24:41","modified_gmt":"2025-01-18T23:24:41","slug":"schnell-alternde-nichtinformationen-streuen-im-musikjournalismus","status":"publish","type":"post","link":"https:\/\/www.kritische-masse.de\/logbuch\/2025\/01\/schnell-alternde-nichtinformationen-streuen-im-musikjournalismus\/","title":{"rendered":"Schnell alternde Nichtinformationen streuen im \u201eMusikjournalismus\u201c"},"content":{"rendered":"<div class=\"shariff shariff-align-left shariff-widget-align-left\"><ul class=\"shariff-buttons theme-white orientation-horizontal buttonsize-small\"><li class=\"shariff-button mastodon shariff-nocustomcolor\" style=\"background-color:#563ACC\"><a href=\"https:\/\/s2f.kytta.dev\/?text=Schnell%20alternde%20Nichtinformationen%20streuen%20im%20%E2%80%9EMusikjournalismus%E2%80%9C https%3A%2F%2Fwww.kritische-masse.de%2Flogbuch%2F2025%2F01%2Fschnell-alternde-nichtinformationen-streuen-im-musikjournalismus%2F\" title=\"Bei Mastodon teilen\" aria-label=\"Bei Mastodon teilen\" role=\"button\" rel=\"noopener nofollow\" class=\"shariff-link\" style=\"; background-color:#6364FF; color:#6364FF\" target=\"_blank\"><span class=\"shariff-icon\" style=\"fill:#6364FF\"><svg width=\"75\" height=\"79\" viewBox=\"0 0 75 79\" fill=\"none\" xmlns=\"http:\/\/www.w3.org\/2000\/svg\"><path d=\"M37.813-.025C32.462-.058 27.114.13 21.79.598c-8.544.621-17.214 5.58-20.203 13.931C-1.12 23.318.408 32.622.465 41.65c.375 7.316.943 14.78 3.392 21.73 4.365 9.465 14.781 14.537 24.782 15.385 7.64.698 15.761-.213 22.517-4.026a54.1 54.1 0 0 0 .01-6.232c-6.855 1.316-14.101 2.609-21.049 1.074-3.883-.88-6.876-4.237-7.25-8.215-1.53-3.988 3.78-.43 5.584-.883 9.048 1.224 18.282.776 27.303-.462 7.044-.837 14.26-4.788 16.65-11.833 2.263-6.135 1.215-12.79 1.698-19.177.06-3.84.09-7.692-.262-11.52C72.596 7.844 63.223.981 53.834.684a219.453 219.453 0 0 0-16.022-.71zm11.294 12.882c5.5-.067 10.801 4.143 11.67 9.653.338 1.48.471 3 .471 4.515v21.088h-8.357c-.07-7.588.153-15.182-.131-22.765-.587-4.368-7.04-5.747-9.672-2.397-2.422 3.04-1.47 7.155-1.67 10.735v6.392h-8.307c-.146-4.996.359-10.045-.404-15.002-1.108-4.218-7.809-5.565-10.094-1.666-1.685 3.046-.712 6.634-.976 9.936v14.767h-8.354c.109-8.165-.238-16.344.215-24.5.674-5.346 5.095-10.389 10.676-10.627 4.902-.739 10.103 2.038 12.053 6.631.375 1.435 1.76 1.932 1.994.084 1.844-3.704 5.501-6.739 9.785-6.771.367-.044.735-.068 1.101-.073z\"\/><defs><linearGradient id=\"paint0_linear_549_34\" x1=\"37.0692\" y1=\"0\" x2=\"37.0692\" y2=\"79\" gradientUnits=\"userSpaceOnUse\"><stop stop-color=\"#6364FF\"\/><stop offset=\"1\" stop-color=\"#563ACC\"\/><\/linearGradient><\/defs><\/svg><\/span><span class=\"shariff-text\" style=\"color:#6364FF\">teilen<\/span>&nbsp;<\/a><\/li><li class=\"shariff-button bluesky shariff-nocustomcolor\" style=\"background-color:#84c4ff\"><a href=\"https:\/\/bsky.app\/intent\/compose?text=Schnell%20alternde%20Nichtinformationen%20streuen%20im%20%E2%80%9EMusikjournalismus%E2%80%9C https%3A%2F%2Fwww.kritische-masse.de%2Flogbuch%2F2025%2F01%2Fschnell-alternde-nichtinformationen-streuen-im-musikjournalismus%2F \" title=\"Bei Bluesky teilen\" aria-label=\"Bei Bluesky teilen\" role=\"button\" rel=\"noopener nofollow\" class=\"shariff-link\" style=\"; background-color:#0085ff; color:#0085ff\" target=\"_blank\"><span class=\"shariff-icon\" style=\"fill:#0085ff\"><svg width=\"20\" height=\"20\" version=\"1.1\" xmlns=\"http:\/\/www.w3.org\/2000\/svg\" viewBox=\"0 0 20 20\"><path class=\"st0\" d=\"M4.89,3.12c2.07,1.55,4.3,4.71,5.11,6.4.82-1.69,3.04-4.84,5.11-6.4,1.49-1.12,3.91-1.99,3.91.77,0,.55-.32,4.63-.5,5.3-.64,2.3-2.99,2.89-5.08,2.54,3.65.62,4.58,2.68,2.57,4.74-3.81,3.91-5.48-.98-5.9-2.23-.08-.23-.11-.34-.12-.25,0-.09-.04.02-.12.25-.43,1.25-2.09,6.14-5.9,2.23-2.01-2.06-1.08-4.12,2.57-4.74-2.09.36-4.44-.23-5.08-2.54-.19-.66-.5-4.74-.5-5.3,0-2.76,2.42-1.89,3.91-.77h0Z\"\/><\/svg><\/span><span class=\"shariff-text\" style=\"color:#0085ff\">teilen<\/span>&nbsp;<\/a><\/li><li class=\"shariff-button threema shariff-nocustomcolor shariff-mobile\" style=\"background-color:#4fbc24\"><a href=\"threema:\/\/compose?text=Schnell%20alternde%20Nichtinformationen%20streuen%20im%20%E2%80%9EMusikjournalismus%E2%80%9C%20https%3A%2F%2Fwww.kritische-masse.de%2Flogbuch%2F2025%2F01%2Fschnell-alternde-nichtinformationen-streuen-im-musikjournalismus%2F\" title=\"Bei Threema teilen\" aria-label=\"Bei Threema teilen\" role=\"button\" rel=\"noopener nofollow\" class=\"shariff-link\" style=\"; background-color:#1f1f1f; color:#1f1f1f\" target=\"_blank\"><span class=\"shariff-icon\" style=\"fill:#1f1f1f\"><svg width=\"32px\" height=\"20px\" xmlns=\"http:\/\/www.w3.org\/2000\/svg\" viewBox=\"0 0 32 32\"><path fill=\"#1f1f1f\" d=\"M30.8 10.9c-0.3-1.4-0.9-2.6-1.8-3.8-2-2.6-5.5-4.5-9.4-5.2-1.3-0.2-1.9-0.3-3.5-0.3s-2.2 0-3.5 0.3c-4 0.7-7.4 2.6-9.4 5.2-0.9 1.2-1.5 2.4-1.8 3.8-0.1 0.5-0.2 1.2-0.2 1.6 0 0.4 0.1 1.1 0.2 1.6 0.4 1.9 1.3 3.4 2.9 5 0.8 0.8 0.8 0.8 0.7 1.3 0 0.6-0.5 1.6-1.7 3.6-0.3 0.5-0.5 0.9-0.5 0.9 0 0.1 0.1 0.1 0.5 0 0.8-0.2 2.3-0.6 5.6-1.6 1.1-0.3 1.3-0.4 2.3-0.4 0.8 0 1.1 0 2.3 0.2 1.5 0.2 3.5 0.2 4.9 0 5.1-0.6 9.3-2.9 11.4-6.3 0.5-0.9 0.9-1.8 1.1-2.8 0.1-0.5 0.2-1.1 0.2-1.6 0-0.7-0.1-1.1-0.2-1.6-0.3-1.4 0.1 0.5 0 0zM20.6 17.3c0 0.4-0.4 0.8-0.8 0.8h-7.7c-0.4 0-0.8-0.4-0.8-0.8v-4.6c0-0.4 0.4-0.8 0.8-0.8h0.2l0-1.6c0-0.9 0-1.8 0.1-2 0.1-0.6 0.6-1.2 1.1-1.7s1.1-0.7 1.9-0.8c1.8-0.3 3.7 0.7 4.2 2.2 0.1 0.3 0.1 0.7 0.1 2.1v0 1.7h0.1c0.4 0 0.8 0.4 0.8 0.8v4.6zM15.6 7.3c-0.5 0.1-0.8 0.3-1.2 0.6s-0.6 0.8-0.7 1.3c0 0.2 0 0.8 0 1.5l0 1.2h4.6v-1.3c0-1 0-1.4-0.1-1.6-0.3-1.1-1.5-1.9-2.6-1.7zM25.8 28.2c0 1.2-1 2.2-2.1 2.2s-2.1-1-2.1-2.1c0-1.2 1-2.1 2.2-2.1s2.2 1 2.2 2.2zM18.1 28.2c0 1.2-1 2.2-2.1 2.2s-2.1-1-2.1-2.1c0-1.2 1-2.1 2.2-2.1s2.2 1 2.2 2.2zM10.4 28.2c0 1.2-1 2.2-2.1 2.2s-2.1-1-2.1-2.1c0-1.2 1-2.1 2.2-2.1s2.2 1 2.2 2.2z\"\/><\/svg><\/span><span class=\"shariff-text\" style=\"color:#1f1f1f\">teilen<\/span>&nbsp;<\/a><\/li><li class=\"shariff-button facebook shariff-nocustomcolor\" style=\"background-color:#4273c8\"><a href=\"https:\/\/www.facebook.com\/sharer\/sharer.php?u=https%3A%2F%2Fwww.kritische-masse.de%2Flogbuch%2F2025%2F01%2Fschnell-alternde-nichtinformationen-streuen-im-musikjournalismus%2F\" title=\"Bei Facebook teilen\" aria-label=\"Bei Facebook teilen\" role=\"button\" rel=\"nofollow\" class=\"shariff-link\" style=\"; background-color:#3b5998; color:#3b5998\" target=\"_blank\"><span class=\"shariff-icon\" style=\"fill:#3b5998\"><svg width=\"32px\" height=\"20px\" xmlns=\"http:\/\/www.w3.org\/2000\/svg\" viewBox=\"0 0 18 32\"><path fill=\"#3b5998\" d=\"M17.1 0.2v4.7h-2.8q-1.5 0-2.1 0.6t-0.5 1.9v3.4h5.2l-0.7 5.3h-4.5v13.6h-5.5v-13.6h-4.5v-5.3h4.5v-3.9q0-3.3 1.9-5.2t5-1.8q2.6 0 4.1 0.2z\"\/><\/svg><\/span><span class=\"shariff-text\" style=\"color:#3b5998\">teilen<\/span>&nbsp;<\/a><\/li><li class=\"shariff-button info shariff-nocustomcolor\" style=\"background-color:#a8a8a8\"><a href=\"http:\/\/ct.de\/-2467514\" title=\"Weitere Informationen\" aria-label=\"Weitere Informationen\" role=\"button\" rel=\"noopener \" class=\"shariff-link\" style=\"; background-color:#999; color:#999\" target=\"_blank\"><span class=\"shariff-icon\" style=\"fill:#999\"><svg width=\"32px\" height=\"20px\" xmlns=\"http:\/\/www.w3.org\/2000\/svg\" viewBox=\"0 0 11 32\"><path fill=\"#999\" d=\"M11.4 24v2.3q0 0.5-0.3 0.8t-0.8 0.4h-9.1q-0.5 0-0.8-0.4t-0.4-0.8v-2.3q0-0.5 0.4-0.8t0.8-0.4h1.1v-6.8h-1.1q-0.5 0-0.8-0.4t-0.4-0.8v-2.3q0-0.5 0.4-0.8t0.8-0.4h6.8q0.5 0 0.8 0.4t0.4 0.8v10.3h1.1q0.5 0 0.8 0.4t0.3 0.8zM9.2 3.4v3.4q0 0.5-0.4 0.8t-0.8 0.4h-4.6q-0.4 0-0.8-0.4t-0.4-0.8v-3.4q0-0.4 0.4-0.8t0.8-0.4h4.6q0.5 0 0.8 0.4t0.4 0.8z\"\/><\/svg><\/span><\/a><\/li><\/ul><\/div><div id=\"ez-toc-container\" class=\"ez-toc-v2_0_82_2 ez-toc-wrap-center counter-hierarchy ez-toc-counter ez-toc-light-blue ez-toc-container-direction\">\n<div class=\"ez-toc-title-container\">\n<p class=\"ez-toc-title\" style=\"cursor:inherit\">Inhalt<\/p>\n<span class=\"ez-toc-title-toggle\"><a href=\"#\" class=\"ez-toc-pull-right ez-toc-btn ez-toc-btn-xs ez-toc-btn-default ez-toc-toggle\" aria-label=\"Toggle Table of Content\"><span class=\"ez-toc-js-icon-con\"><span class=\"\"><span class=\"eztoc-hide\" style=\"display:none;\">Toggle<\/span><span class=\"ez-toc-icon-toggle-span\"><svg style=\"fill: #999;color:#999\" xmlns=\"http:\/\/www.w3.org\/2000\/svg\" class=\"list-377408\" width=\"20px\" height=\"20px\" viewBox=\"0 0 24 24\" fill=\"none\"><path d=\"M6 6H4v2h2V6zm14 0H8v2h12V6zM4 11h2v2H4v-2zm16 0H8v2h12v-2zM4 16h2v2H4v-2zm16 0H8v2h12v-2z\" fill=\"currentColor\"><\/path><\/svg><svg style=\"fill: #999;color:#999\" class=\"arrow-unsorted-368013\" xmlns=\"http:\/\/www.w3.org\/2000\/svg\" width=\"10px\" height=\"10px\" viewBox=\"0 0 24 24\" version=\"1.2\" baseProfile=\"tiny\"><path d=\"M18.2 9.3l-6.2-6.3-6.2 6.3c-.2.2-.3.4-.3.7s.1.5.3.7c.2.2.4.3.7.3h11c.3 0 .5-.1.7-.3.2-.2.3-.5.3-.7s-.1-.5-.3-.7zM5.8 14.7l6.2 6.3 6.2-6.3c.2-.2.3-.5.3-.7s-.1-.5-.3-.7c-.2-.2-.4-.3-.7-.3h-11c-.3 0-.5.1-.7.3-.2.2-.3.5-.3.7s.1.5.3.7z\"\/><\/svg><\/span><\/span><\/span><\/a><\/span><\/div>\n<nav><ul class='ez-toc-list ez-toc-list-level-1 ' ><li class='ez-toc-page-1 ez-toc-heading-level-3'><a class=\"ez-toc-link ez-toc-heading-1\" href=\"https:\/\/www.kritische-masse.de\/logbuch\/2025\/01\/schnell-alternde-nichtinformationen-streuen-im-musikjournalismus\/#Schnell_Altern_mit_der_WELT\" >Schnell Altern mit der WELT?<\/a><\/li><li class='ez-toc-page-1 ez-toc-heading-level-3'><a class=\"ez-toc-link ez-toc-heading-2\" href=\"https:\/\/www.kritische-masse.de\/logbuch\/2025\/01\/schnell-alternde-nichtinformationen-streuen-im-musikjournalismus\/#Wohnzimmer-Journalismus_in_der_Musik\" >Wohnzimmer-Journalismus in der Musik<\/a><\/li><li class='ez-toc-page-1 ez-toc-heading-level-3'><a class=\"ez-toc-link ez-toc-heading-3\" href=\"https:\/\/www.kritische-masse.de\/logbuch\/2025\/01\/schnell-alternde-nichtinformationen-streuen-im-musikjournalismus\/#Veranstaltungstipps\" >Veranstaltungstipps<\/a><ul class='ez-toc-list-level-4' ><li class='ez-toc-heading-level-4'><a class=\"ez-toc-link ez-toc-heading-4\" href=\"https:\/\/www.kritische-masse.de\/logbuch\/2025\/01\/schnell-alternde-nichtinformationen-streuen-im-musikjournalismus\/#26012025_Darmstadt_80_Jahre_Holocaust-Gedenken\" >26.01.2025: Darmstadt: 80 Jahre Holocaust-Gedenken<\/a><\/li><li class='ez-toc-page-1 ez-toc-heading-level-4'><a class=\"ez-toc-link ez-toc-heading-5\" href=\"https:\/\/www.kritische-masse.de\/logbuch\/2025\/01\/schnell-alternde-nichtinformationen-streuen-im-musikjournalismus\/#30012025_%E2%80%93_16_Uhr_%E2%80%9EDas_wird_man_ja_noch_sagen_duerfen_Zukunft_des_Musikjournalismus%E2%80%9C\" >30.01.2025 \u2013 16 Uhr: \u201eDas wird man ja noch sagen d\u00fcrfen?! Zukunft des Musikjournalismus\u201c<\/a><\/li><li class='ez-toc-page-1 ez-toc-heading-level-4'><a class=\"ez-toc-link ez-toc-heading-6\" href=\"https:\/\/www.kritische-masse.de\/logbuch\/2025\/01\/schnell-alternde-nichtinformationen-streuen-im-musikjournalismus\/#15022025_f_%E2%80%93_4_Hackbrettfest\" >15.02.2025 f. \u2013 4. Hackbrettfest<\/a><\/li><\/ul><\/li><\/ul><\/nav><\/div>\n<h3><span class=\"ez-toc-section\" id=\"Schnell_Altern_mit_der_WELT\"><\/span>Schnell Altern mit der WELT?<span class=\"ez-toc-section-end\"><\/span><\/h3>\n<p>Was meint eigentlich, schnell gealtert? Im Zusammenhang mit \u00dcberschriften, Thesen, Aussages\u00e4tzen?<\/p>\n<figure id=\"attachment_10633\" aria-describedby=\"caption-attachment-10633\" style=\"width: 840px\" class=\"wp-caption aligncenter\"><a href=\"https:\/\/i0.wp.com\/www.kritische-masse.de\/logbuch\/wp-content\/uploads\/2025\/01\/Tina-auf-X-%E2%80%9ESelten-ist-ein-Tweet-so-schnell-so-schlecht-gealtert-%F0%9F%A4%B7-https-t-co-t31Xarc1cT-X.png?ssl=1\"><img data-recalc-dims=\"1\" loading=\"lazy\" decoding=\"async\" data-attachment-id=\"10633\" data-permalink=\"https:\/\/www.kritische-masse.de\/logbuch\/2025\/01\/schnell-alternde-nichtinformationen-streuen-im-musikjournalismus\/tina-auf-x-selten-ist-ein-tweet-so-schnell-so-schlecht-gealtert-%f0%9f%a4%b7-https-t-co-t31xarc1ct-x\/\" data-orig-file=\"https:\/\/i0.wp.com\/www.kritische-masse.de\/logbuch\/wp-content\/uploads\/2025\/01\/Tina-auf-X-%E2%80%9ESelten-ist-ein-Tweet-so-schnell-so-schlecht-gealtert-%F0%9F%A4%B7-https-t-co-t31Xarc1cT-X.png?fit=1210%2C768&amp;ssl=1\" data-orig-size=\"1210,768\" data-comments-opened=\"1\" data-image-meta=\"{&quot;aperture&quot;:&quot;0&quot;,&quot;credit&quot;:&quot;&quot;,&quot;camera&quot;:&quot;&quot;,&quot;caption&quot;:&quot;&quot;,&quot;created_timestamp&quot;:&quot;0&quot;,&quot;copyright&quot;:&quot;&quot;,&quot;focal_length&quot;:&quot;0&quot;,&quot;iso&quot;:&quot;0&quot;,&quot;shutter_speed&quot;:&quot;0&quot;,&quot;title&quot;:&quot;&quot;,&quot;orientation&quot;:&quot;0&quot;}\" data-image-title=\"Tina auf X \u201eSelten ist ein Tweet so schnell so schlecht gealtert \ud83e\udd37 https t co t31Xarc1cT\u201c X\" data-image-description=\"&lt;p&gt;Tina auf X \u201eSelten ist ein Tweet so schnell so schlecht gealtert \ud83e\udd37 https t co t31Xarc1cT\u201c X&lt;\/p&gt;\n\" data-image-caption=\"&lt;p&gt;Tina auf X \u201eSelten ist ein Tweet so schnell so schlecht gealtert \ud83e\udd37 https t co t31Xarc1cT\u201c X&lt;\/p&gt;\n\" data-large-file=\"https:\/\/i0.wp.com\/www.kritische-masse.de\/logbuch\/wp-content\/uploads\/2025\/01\/Tina-auf-X-%E2%80%9ESelten-ist-ein-Tweet-so-schnell-so-schlecht-gealtert-%F0%9F%A4%B7-https-t-co-t31Xarc1cT-X.png?fit=1024%2C650&amp;ssl=1\" class=\"size-large wp-image-10633\" title=\"Tina auf X \u201eSelten ist ein Tweet so schnell so schlecht gealtert \ud83e\udd37 https t co t31Xarc1cT\u201c X\" src=\"https:\/\/i0.wp.com\/www.kritische-masse.de\/logbuch\/wp-content\/uploads\/2025\/01\/Tina-auf-X-%E2%80%9ESelten-ist-ein-Tweet-so-schnell-so-schlecht-gealtert-%F0%9F%A4%B7-https-t-co-t31Xarc1cT-X.png?resize=840%2C533&#038;ssl=1\" alt=\"Tina auf X \u201eSelten ist ein Tweet so schnell so schlecht gealtert \ud83e\udd37 https t co t31Xarc1cT\u201c X\" width=\"840\" height=\"533\" srcset=\"https:\/\/i0.wp.com\/www.kritische-masse.de\/logbuch\/wp-content\/uploads\/2025\/01\/Tina-auf-X-%E2%80%9ESelten-ist-ein-Tweet-so-schnell-so-schlecht-gealtert-%F0%9F%A4%B7-https-t-co-t31Xarc1cT-X.png?resize=1024%2C650&amp;ssl=1 1024w, https:\/\/i0.wp.com\/www.kritische-masse.de\/logbuch\/wp-content\/uploads\/2025\/01\/Tina-auf-X-%E2%80%9ESelten-ist-ein-Tweet-so-schnell-so-schlecht-gealtert-%F0%9F%A4%B7-https-t-co-t31Xarc1cT-X.png?resize=300%2C190&amp;ssl=1 300w, https:\/\/i0.wp.com\/www.kritische-masse.de\/logbuch\/wp-content\/uploads\/2025\/01\/Tina-auf-X-%E2%80%9ESelten-ist-ein-Tweet-so-schnell-so-schlecht-gealtert-%F0%9F%A4%B7-https-t-co-t31Xarc1cT-X.png?resize=768%2C487&amp;ssl=1 768w, https:\/\/i0.wp.com\/www.kritische-masse.de\/logbuch\/wp-content\/uploads\/2025\/01\/Tina-auf-X-%E2%80%9ESelten-ist-ein-Tweet-so-schnell-so-schlecht-gealtert-%F0%9F%A4%B7-https-t-co-t31Xarc1cT-X.png?w=1210&amp;ssl=1 1210w\" sizes=\"auto, (max-width: 840px) 100vw, 840px\" \/><\/a><figcaption id=\"caption-attachment-10633\" class=\"wp-caption-text\">Tina auf X \u201eSelten ist ein Tweet so schnell so schlecht gealtert \ud83e\udd37<\/figcaption><\/figure>\n<p>Was also kann es bedeuten, wenn Manuel B. von der WELT folgendes vom Stapel l\u00e4sst?<\/p>\n<figure id=\"attachment_10631\" aria-describedby=\"caption-attachment-10631\" style=\"width: 840px\" class=\"wp-caption aligncenter\"><a href=\"https:\/\/i0.wp.com\/www.kritische-masse.de\/logbuch\/wp-content\/uploads\/2025\/01\/Facebook_brug.png?ssl=1\"><img data-recalc-dims=\"1\" loading=\"lazy\" decoding=\"async\" data-attachment-id=\"10631\" data-permalink=\"https:\/\/www.kritische-masse.de\/logbuch\/2025\/01\/schnell-alternde-nichtinformationen-streuen-im-musikjournalismus\/facebook_brug\/\" data-orig-file=\"https:\/\/i0.wp.com\/www.kritische-masse.de\/logbuch\/wp-content\/uploads\/2025\/01\/Facebook_brug.png?fit=1374%2C376&amp;ssl=1\" data-orig-size=\"1374,376\" data-comments-opened=\"1\" data-image-meta=\"{&quot;aperture&quot;:&quot;0&quot;,&quot;credit&quot;:&quot;&quot;,&quot;camera&quot;:&quot;&quot;,&quot;caption&quot;:&quot;&quot;,&quot;created_timestamp&quot;:&quot;0&quot;,&quot;copyright&quot;:&quot;&quot;,&quot;focal_length&quot;:&quot;0&quot;,&quot;iso&quot;:&quot;0&quot;,&quot;shutter_speed&quot;:&quot;0&quot;,&quot;title&quot;:&quot;&quot;,&quot;orientation&quot;:&quot;0&quot;}\" data-image-title=\"Schlicht verirrend \u2026\" data-image-description=\"&lt;p&gt;Schlicht verirrend \u2026&lt;\/p&gt;\n\" data-image-caption=\"&lt;p&gt;Schlicht verirrend \u2026&lt;\/p&gt;\n\" data-large-file=\"https:\/\/i0.wp.com\/www.kritische-masse.de\/logbuch\/wp-content\/uploads\/2025\/01\/Facebook_brug.png?fit=1024%2C280&amp;ssl=1\" class=\"size-large wp-image-10631\" title=\"Schlicht verirrend \u2026\" src=\"https:\/\/i0.wp.com\/www.kritische-masse.de\/logbuch\/wp-content\/uploads\/2025\/01\/Facebook_brug.png?resize=840%2C230&#038;ssl=1\" alt=\"Schlicht verirrend \u2026\" width=\"840\" height=\"230\" srcset=\"https:\/\/i0.wp.com\/www.kritische-masse.de\/logbuch\/wp-content\/uploads\/2025\/01\/Facebook_brug.png?resize=1024%2C280&amp;ssl=1 1024w, https:\/\/i0.wp.com\/www.kritische-masse.de\/logbuch\/wp-content\/uploads\/2025\/01\/Facebook_brug.png?resize=300%2C82&amp;ssl=1 300w, https:\/\/i0.wp.com\/www.kritische-masse.de\/logbuch\/wp-content\/uploads\/2025\/01\/Facebook_brug.png?resize=768%2C210&amp;ssl=1 768w, https:\/\/i0.wp.com\/www.kritische-masse.de\/logbuch\/wp-content\/uploads\/2025\/01\/Facebook_brug.png?resize=1320%2C361&amp;ssl=1 1320w, https:\/\/i0.wp.com\/www.kritische-masse.de\/logbuch\/wp-content\/uploads\/2025\/01\/Facebook_brug.png?w=1374&amp;ssl=1 1374w\" sizes=\"auto, (max-width: 840px) 100vw, 840px\" \/><\/a><figcaption id=\"caption-attachment-10631\" class=\"wp-caption-text\">Schlicht verirrend \u2026<\/figcaption><\/figure>\n<p>Dass das, was man da formuliert ist, schnell gealtert ist. Diese verwirrende Information streut man nicht, schon gar nicht in einem Zusammenhang von Krankheit und Tod. Es sei denn, es steckt eine andere Absicht dahinter. Was bei der WELT und ihren Autoren wie Musk und Poschardt nicht weiter verwundern d\u00fcrfte.<\/p>\n<p>Es gibt da sicher noch anderes Unsch\u00f6nes bei Brug. Wenn er in der Liste der dirigierenden Preistr\u00e4ger des Ernst-von-Siemens-Musikpreises Michael Gielen, man muss ja sagen, fast extra nicht erw\u00e4hnt. Darf man so nat\u00fcrlich auch nicht sagen, habe ich so auch nicht gesagt. Jedenfalls hat Simon Rattle nun seinen 70. Geburtstag. Ich gratuliere und <a href=\"https:\/\/www.nmz.de\/menschen\/personalia\/kindskopf-und-stardirigent-simon-rattle-wird-70\">die nmz meldet es ab 1 Uhr nachts<\/a>.<\/p>\n<hr \/>\n<h3><span class=\"ez-toc-section\" id=\"Wohnzimmer-Journalismus_in_der_Musik\"><\/span>Wohnzimmer-Journalismus in der Musik<span class=\"ez-toc-section-end\"><\/span><\/h3>\n<p>Das ist eben auch der Zustand unseres Musikjournalismus&#8217; im Jahr 2025. Hier mal eine dashabeichnichtsogesagt-Formulierung, beim Klassik-begeistert-Blog dagegen pure Ahnungslosigkeit. Zu einem Konzert mit Kent Nagano fabuliert der Autor <a href=\"https:\/\/klassik-begeistert.de\/kent-nagano-uebernimmt-sich-komplett-in-hamburg-elbphilharmonie-staatsoper-hamburg-12-13-januar-2025\/\">Andreas Schmidt<\/a>:<\/p>\n<blockquote><p>\u201eZu h\u00f6ren waren 18 Minuten von Olivier Messiaen, dessen Sch\u00fcler Nagano war und in dessen Wohnung er auch einmal lebte. Es ist keine Musik.<br \/>\nEs ist L\u00e4rm, den jeder Musik-Student heute mit Hilfe von K\u00fcnstlicher Intelligenz (ChatGPT) produzieren kann. Einfach nur grausam.\u201c<\/p><\/blockquote>\n<p>Da gibt sich jemand die M\u00fche, seinen Leser:innen mitzuteilen, dass der Dirigent mal in der Wohnung des Komponisten lebte. Das l\u00e4sst viele Fragen offen, zum Beispiel, was der Nagano in der Wohnung von Messiaen zum Fr\u00fchst\u00fcck gegessen hat, welche Farbe sein Schlafanzug hatte und ob oder welches Parfum er auftrug. Geht Nagano zum Lachen immer noch auf den Dachboden, welche Farbe hat der Mond. Immerhin wird der Autor konkreter, wenn es um das gespielte Werk von Messiaen geht. Es handle sich dabei nicht um Musik, sondern L\u00e4rm. Und zwar um L\u00e4rm, den jeder Mensch \u2013 nein, es muss ein Musik-Student sein \u2013 mithilfe von ChatGPT erstellen k\u00f6nne. Da w\u00e4re der Auftrag klar: Musikstudenten! Macht Messiaen-L\u00e4rm mit ChatGPT. Andreas Schmidt \u00fcbrigens lebte mal in der Wohnung seiner Eltern. Wenn das keine Information ist \u2026 Da kann die Person auf der Website des Blogs weiter versonnen in den Himmel voller Geigen blicken.<\/p>\n<hr \/>\n<h3><span class=\"ez-toc-section\" id=\"Veranstaltungstipps\"><\/span>Veranstaltungstipps<span class=\"ez-toc-section-end\"><\/span><\/h3>\n<h4><span class=\"ez-toc-section\" id=\"26012025_Darmstadt_80_Jahre_Holocaust-Gedenken\"><\/span>26.01.2025: Darmstadt: 80 Jahre Holocaust-Gedenken<span class=\"ez-toc-section-end\"><\/span><\/h4>\n<p><strong>80 Jahre Holocaust-Gedenken<\/strong><br \/>\n<strong>Veranstaltung zum Gedenken an die Befreiung des Konzentrationslagers Auschwitz<\/strong><\/p>\n<blockquote><p>2025 j\u00e4hrt sich die Befreiung des Konzentrationslagers Auschwitz zum 80. Mal. Zum Gedenken daran veranstaltet das Staatstheater Darmstadt am 26. Januar einen bewegenden musikalischen Abend. Karsten Wiegand, Intendant des Staatstheaters Darmstadt, f\u00fchrt ins Programm ein.<\/p>\n<p>Ein besonderer H\u00f6hepunkt ist die Urauff\u00fchrung des Liederzyklus \u201eLetters to Fred\u201c der israelisch-j\u00fcdischen Komponistin Bracha Bdil. Dieses vom Staatstheater Darmstadt in Auftrag gegebene Werk erz\u00e4hlt die wahre Geschichte der Detmolder Familie Herzberg. Im Zentrum steht Fred Herzberg, der 1939 durch einen Kindertransport nach England gerettet wurde, w\u00e4hrend seine Eltern und Schwester in Auschwitz ermordet wurden. Die Idee zu diesem Werk sowie die historischen Briefe stammen aus dem pers\u00f6nlichen Umfeld von Ensemblemitglied und S\u00e4ngerin Megan Marie Hart, f\u00fcr die der Zyklus komponiert wurde. Gemeinsam mit Pianist Giacomo Marignani wird Megan Marie Hart das Werk im Rahmen der Gedenkveranstaltung des Staatstheaters Darmstadt zum ersten Mal zur Auff\u00fchrung bringen \u2013 in Anwesenheit der Komponistin sowie Freds Enkelin Joanne Herzberg.<\/p>\n<p>Erg\u00e4nzt wird das Programm durch Gideon Kleins \u201eStreichtrio\u201c, dem ebenfalls eine sehr besondere Geschichte innewohnt, sowie Dmitri Schostakowitschs Streichquartett Nr. 8 c-Moll op. 110, das als musikalisches Mahnmal gegen Krieg und Gewalt gilt.<\/p>\n<p>Einen weiteren besonderen Akzent setzt Morton Feldmans \u201eRothko Chapel\u201c, inszeniert von Karsten Wiegand. Die faszinierende Komposition f\u00fcr a-capella-Chor, Viola, Celesta und Perkussion wurde 1971 als musikalische Antwort auf eine nichtkonfessionelle Meditationskapelle geschrieben, in der gro\u00dfformatige Werke des US-amerikanischen Malers Mark Rothko einen Dialog mit den inneren Stimmen jedes einzelnen Betrachters provozieren und zum bewussten Erleben des eigenen Menschseins auffordern.<\/p>\n<p>Veranstaltung zum Gedenken an die Befreiung des Konzentrationslagers Auschwitz<\/p>\n<p>Januar, 19 Uhr, Gro\u00dfes Haus<\/p>\n<p><strong>Programm: Gideon Klein: \u201eStreichtrio\u201c \/ Dmitri Schostakowitsch: Streichquartett Nr. 8 c- Moll op.110 \/ \u201eLetters to Fred\u201c Liederzyklus von Bracha Bdil \/ Urauff\u00fchrung \/ Auftragswerk des Staatstheaters Darmstadt \/ Morton Feldman: \u201eRothko Chapel\u201c<\/strong><\/p>\n<p>Karten zu 16 EUR sind \u00fcber den Vorverkauf des Staatstheaters Darmstadt erh\u00e4ltlich<\/p>\n<p>SOPRAN Megan Marie Hart \/ KLAVIER Giacomo Marignani \/ SPRECHER Karsten Wiegand<br \/>\nMIT Opernchor des Staatstheaters Darmstadt, Staatsorchester Darmstadt<br \/>\nMUSIKALISCHE LEITUNG Nicolas Kierdorf, Alice Meregaglia<\/p><\/blockquote>\n<h4><span class=\"ez-toc-section\" id=\"30012025_%E2%80%93_16_Uhr_%E2%80%9EDas_wird_man_ja_noch_sagen_duerfen_Zukunft_des_Musikjournalismus%E2%80%9C\"><\/span>30.01.2025 \u2013 16 Uhr: \u201eDas wird man ja noch sagen d\u00fcrfen?! Zukunft des Musikjournalismus\u201c<span class=\"ez-toc-section-end\"><\/span><\/h4>\n<blockquote><p>Liveshow auf YouTube: https:\/\/www.youtube.com\/watch?v=YJuiHHDWwG0<\/p>\n<p>In zwei Wochen ist es so weit und das Institut f\u00fcr Musikjournalismus geht mit seiner Liveshow zu Haltung im Musikjournalismus online. Eine Stunde lang werden wir dabei zeigen, wo die Medienbranche aktuell steht und wohin die Reise noch gehen wird.<\/p>\n<p>Unsere Moderator:innen: Durch die Sendung f\u00fchren Leonard Stern und Clara Schwarz.<\/p>\n<p><strong>Reportage \u201eDas wird man ja noch spielen d\u00fcrfen!?<\/strong><br \/>\nWie Haltung den Ton angibt\u201c F\u00fcr ihren ersten Beitrag hat Clara Schwarz Medienschaffende in ganz Deutschland besucht und sie zu ihrer Arbeit befragt. Wie viel Haltung darf, kann und soll gezeigt werden? Und wie gelingt der Balanceakt zwischen Objektivit\u00e4t und Meinung \u2013 gerade im Spannungsfeld juristischer Vorgaben und journalistischer Sorgfaltspflicht?<\/p>\n<p><strong>\u201eMusikjournalismus in der Verantwortung\u201c \u2013 Ein Essay<\/strong><br \/>\nIn einem anschlie\u00dfenden Essay pr\u00e4sentiert Leonard Ritschel einen klassischen Meinungsbeitrag zum Thema Verantwortung. Er beleuchtet, wie Redaktionen Entscheidungen rechtfertigen k\u00f6nnen, wenn ethisch-moralische Bedenken im Raum stehen. Wer tr\u00e4gt die Verantwortung, wenn eine \u00f6ffentlich zug\u00e4ngliche Musikrezension sexistische oder rassistische Inhalte aufweist? Und was passiert, wenn niemand diese Verantwortung \u00fcbernimmt? Ein Denkansto\u00df f\u00fcr uns Musikjournalist:innen.<\/p>\n<p><strong>Umfrage:<\/strong> Was denkt eigentlich das Publikum? Am kommenden Montag, den 20. Januar, startet auf unserem Instagram Account eine Umfrage. Unsere Social Media Redakteurin Madleen Kutterer m\u00f6chte herausfinden, wie die Konsumierenden \u00fcber das Thema denken. Die Ergebnisse werden in unserer Liveshow ausgewertet.<\/p>\n<p><strong>Talk-Runde \u201ePolarisierung und Personality &#8211; Haltung als Markenkern?\u201d<\/strong><br \/>\nDie Algorithmen gro\u00dfer Social Media Plattformen bevorzugen klare, polarisierende Aussagen \u2013 sie garantieren die meiste Aufmerksamkeit. Aber bedeutet das, dass wir als Musikjournalist:innen mitmachen m\u00fcssen, um sichtbar zu bleiben? M\u00fcssen wir uns in politische Diskurse einmischen, um geh\u00f6rt zu werden? K\u00f6nnen wir es uns leisten, keine Haltung einzunehmen? Und wie beeinflusst die Funktionsweise von YouTube- und Social Media Formaten die Entwicklung neuer Formate in \u00f6ffentlich-rechtlichen Medienh\u00e4usern? Dar\u00fcber diskutieren wir mit der freien Kulturjournalistin Aida Baghernejad, Audiotainment-S\u00fcdwest Musikchef David Banks und SWR-Formatentwickler Manuel D\u00f6rflinger.<\/p><\/blockquote>\n<h4><span class=\"ez-toc-section\" id=\"15022025_f_%E2%80%93_4_Hackbrettfest\"><\/span>15.02.2025 f. \u2013 4. Hackbrettfest<span class=\"ez-toc-section-end\"><\/span><\/h4>\n<blockquote><p>Hackbrettforum e.V. und HMTM: 4. Hackbrettfest am 15. und 16. Februar 2025<\/p>\n<p>Am 15. und 16. Februar 2025 findet an der Hochschule f\u00fcr Musik und Theater M\u00fcnchen in der Luisenstra\u00dfe 37a bereits zum vierten Mal das beliebte Hackbrettfest statt. Die Veranstaltung ist eine Kooperation des Hackbrettforums e.V. mit der Hochschule f\u00fcr Musik und Theater M\u00fcnchen.<\/p>\n<p>In f\u00fcnf \u00f6ffentlichen Konzerten, neun Workshops und einer Ausstellung pr\u00e4sentiert sich die aktuelle Hackbrettszene. Dief\u00fcnf Konzerte bieten ein vielseitiges Programm von Hackbrett solo bis zu Kammermusik in verschiedenen Besetzungen: Das Ensemble Almanach entf\u00fchrt das Publikum mit Liedern von Schumann und Lachner in die majest\u00e4tische Bergwelt. Die Schweizer Hackbrettk\u00fcnstlerin Barbara Schirmer zeigt ihre spektakul\u00e4re Vierschl\u00e4geltechnik. Hackbrettinstrumente von historischen Volksmusikinstrumenten, Hackbrettern aus der Schweiz, England, dem mittelalterlichen Dulce Melos und dem barocken Salterio bis zu den modernen Tenorhackbrettern und dem Kontrabasshackbrett werden ebenfalls auf der B\u00fchne erklingen. Zu erleben ist au\u00dferdem Neue Musik, die in lebendiger und intensiver Weise die M\u00f6glichkeiten des Hackbretts in Gestaltung, Ausdrucksst\u00e4rke und Virtuosit\u00e4t auslotet.Neun Workshops laden zum Mitmachen ein. Dazu gibt es in einer Ausstellung von Instrumenten, Schl\u00e4geln und Noten Gelegenheit, sich \u00fcber neue Entwicklungen zu informieren sowie Raum und Zeit f\u00fcr Austausch und Begegnung. Die genaue Programm\u00fcbersicht zum Download: https:\/\/www.hackbrettforum.de\/hackbrettfest<\/p>\n<p>Die Anmeldung f\u00fcr Festivalp\u00e4sse (f\u00fcr einen oder zwei Tage) oder f\u00fcr einzelne Workshops ist ab sofort ausschlie\u00dflich online \u00fcber diesen Link m\u00f6glich: https:\/\/www.hackbrettforum.de\/hackbrettfest<\/p>\n<p>Der Vorverkauf f\u00fcr einzelne Konzerte ist ab sofort \u00fcber folgenden Link m\u00f6glich oder je nach Verf\u00fcgbarkeit an der Tages-\/Abendkasse vor Ort:https:\/\/rausgegangen.de\/organizations\/hackbrettfest-2025\/<\/p><\/blockquote>\n<div class=\"shariff shariff-align-left shariff-widget-align-left\"><ul class=\"shariff-buttons theme-white orientation-horizontal buttonsize-small\"><li class=\"shariff-button mastodon shariff-nocustomcolor\" style=\"background-color:#563ACC\"><a href=\"https:\/\/s2f.kytta.dev\/?text=Schnell%20alternde%20Nichtinformationen%20streuen%20im%20%E2%80%9EMusikjournalismus%E2%80%9C https%3A%2F%2Fwww.kritische-masse.de%2Flogbuch%2F2025%2F01%2Fschnell-alternde-nichtinformationen-streuen-im-musikjournalismus%2F\" title=\"Bei Mastodon teilen\" aria-label=\"Bei Mastodon teilen\" role=\"button\" rel=\"noopener nofollow\" class=\"shariff-link\" style=\"; background-color:#6364FF; color:#6364FF\" target=\"_blank\"><span class=\"shariff-icon\" style=\"fill:#6364FF\"><svg width=\"75\" height=\"79\" viewBox=\"0 0 75 79\" fill=\"none\" xmlns=\"http:\/\/www.w3.org\/2000\/svg\"><path d=\"M37.813-.025C32.462-.058 27.114.13 21.79.598c-8.544.621-17.214 5.58-20.203 13.931C-1.12 23.318.408 32.622.465 41.65c.375 7.316.943 14.78 3.392 21.73 4.365 9.465 14.781 14.537 24.782 15.385 7.64.698 15.761-.213 22.517-4.026a54.1 54.1 0 0 0 .01-6.232c-6.855 1.316-14.101 2.609-21.049 1.074-3.883-.88-6.876-4.237-7.25-8.215-1.53-3.988 3.78-.43 5.584-.883 9.048 1.224 18.282.776 27.303-.462 7.044-.837 14.26-4.788 16.65-11.833 2.263-6.135 1.215-12.79 1.698-19.177.06-3.84.09-7.692-.262-11.52C72.596 7.844 63.223.981 53.834.684a219.453 219.453 0 0 0-16.022-.71zm11.294 12.882c5.5-.067 10.801 4.143 11.67 9.653.338 1.48.471 3 .471 4.515v21.088h-8.357c-.07-7.588.153-15.182-.131-22.765-.587-4.368-7.04-5.747-9.672-2.397-2.422 3.04-1.47 7.155-1.67 10.735v6.392h-8.307c-.146-4.996.359-10.045-.404-15.002-1.108-4.218-7.809-5.565-10.094-1.666-1.685 3.046-.712 6.634-.976 9.936v14.767h-8.354c.109-8.165-.238-16.344.215-24.5.674-5.346 5.095-10.389 10.676-10.627 4.902-.739 10.103 2.038 12.053 6.631.375 1.435 1.76 1.932 1.994.084 1.844-3.704 5.501-6.739 9.785-6.771.367-.044.735-.068 1.101-.073z\"\/><defs><linearGradient id=\"paint0_linear_549_34\" x1=\"37.0692\" y1=\"0\" x2=\"37.0692\" y2=\"79\" gradientUnits=\"userSpaceOnUse\"><stop stop-color=\"#6364FF\"\/><stop offset=\"1\" stop-color=\"#563ACC\"\/><\/linearGradient><\/defs><\/svg><\/span><span class=\"shariff-text\" style=\"color:#6364FF\">teilen<\/span>&nbsp;<\/a><\/li><li class=\"shariff-button bluesky shariff-nocustomcolor\" style=\"background-color:#84c4ff\"><a href=\"https:\/\/bsky.app\/intent\/compose?text=Schnell%20alternde%20Nichtinformationen%20streuen%20im%20%E2%80%9EMusikjournalismus%E2%80%9C https%3A%2F%2Fwww.kritische-masse.de%2Flogbuch%2F2025%2F01%2Fschnell-alternde-nichtinformationen-streuen-im-musikjournalismus%2F \" title=\"Bei Bluesky teilen\" aria-label=\"Bei Bluesky teilen\" role=\"button\" rel=\"noopener nofollow\" class=\"shariff-link\" style=\"; background-color:#0085ff; color:#0085ff\" target=\"_blank\"><span class=\"shariff-icon\" style=\"fill:#0085ff\"><svg width=\"20\" height=\"20\" version=\"1.1\" xmlns=\"http:\/\/www.w3.org\/2000\/svg\" viewBox=\"0 0 20 20\"><path class=\"st0\" d=\"M4.89,3.12c2.07,1.55,4.3,4.71,5.11,6.4.82-1.69,3.04-4.84,5.11-6.4,1.49-1.12,3.91-1.99,3.91.77,0,.55-.32,4.63-.5,5.3-.64,2.3-2.99,2.89-5.08,2.54,3.65.62,4.58,2.68,2.57,4.74-3.81,3.91-5.48-.98-5.9-2.23-.08-.23-.11-.34-.12-.25,0-.09-.04.02-.12.25-.43,1.25-2.09,6.14-5.9,2.23-2.01-2.06-1.08-4.12,2.57-4.74-2.09.36-4.44-.23-5.08-2.54-.19-.66-.5-4.74-.5-5.3,0-2.76,2.42-1.89,3.91-.77h0Z\"\/><\/svg><\/span><span class=\"shariff-text\" style=\"color:#0085ff\">teilen<\/span>&nbsp;<\/a><\/li><li class=\"shariff-button threema shariff-nocustomcolor shariff-mobile\" style=\"background-color:#4fbc24\"><a href=\"threema:\/\/compose?text=Schnell%20alternde%20Nichtinformationen%20streuen%20im%20%E2%80%9EMusikjournalismus%E2%80%9C%20https%3A%2F%2Fwww.kritische-masse.de%2Flogbuch%2F2025%2F01%2Fschnell-alternde-nichtinformationen-streuen-im-musikjournalismus%2F\" title=\"Bei Threema teilen\" aria-label=\"Bei Threema teilen\" role=\"button\" rel=\"noopener nofollow\" class=\"shariff-link\" style=\"; background-color:#1f1f1f; color:#1f1f1f\" target=\"_blank\"><span class=\"shariff-icon\" style=\"fill:#1f1f1f\"><svg width=\"32px\" height=\"20px\" xmlns=\"http:\/\/www.w3.org\/2000\/svg\" viewBox=\"0 0 32 32\"><path fill=\"#1f1f1f\" d=\"M30.8 10.9c-0.3-1.4-0.9-2.6-1.8-3.8-2-2.6-5.5-4.5-9.4-5.2-1.3-0.2-1.9-0.3-3.5-0.3s-2.2 0-3.5 0.3c-4 0.7-7.4 2.6-9.4 5.2-0.9 1.2-1.5 2.4-1.8 3.8-0.1 0.5-0.2 1.2-0.2 1.6 0 0.4 0.1 1.1 0.2 1.6 0.4 1.9 1.3 3.4 2.9 5 0.8 0.8 0.8 0.8 0.7 1.3 0 0.6-0.5 1.6-1.7 3.6-0.3 0.5-0.5 0.9-0.5 0.9 0 0.1 0.1 0.1 0.5 0 0.8-0.2 2.3-0.6 5.6-1.6 1.1-0.3 1.3-0.4 2.3-0.4 0.8 0 1.1 0 2.3 0.2 1.5 0.2 3.5 0.2 4.9 0 5.1-0.6 9.3-2.9 11.4-6.3 0.5-0.9 0.9-1.8 1.1-2.8 0.1-0.5 0.2-1.1 0.2-1.6 0-0.7-0.1-1.1-0.2-1.6-0.3-1.4 0.1 0.5 0 0zM20.6 17.3c0 0.4-0.4 0.8-0.8 0.8h-7.7c-0.4 0-0.8-0.4-0.8-0.8v-4.6c0-0.4 0.4-0.8 0.8-0.8h0.2l0-1.6c0-0.9 0-1.8 0.1-2 0.1-0.6 0.6-1.2 1.1-1.7s1.1-0.7 1.9-0.8c1.8-0.3 3.7 0.7 4.2 2.2 0.1 0.3 0.1 0.7 0.1 2.1v0 1.7h0.1c0.4 0 0.8 0.4 0.8 0.8v4.6zM15.6 7.3c-0.5 0.1-0.8 0.3-1.2 0.6s-0.6 0.8-0.7 1.3c0 0.2 0 0.8 0 1.5l0 1.2h4.6v-1.3c0-1 0-1.4-0.1-1.6-0.3-1.1-1.5-1.9-2.6-1.7zM25.8 28.2c0 1.2-1 2.2-2.1 2.2s-2.1-1-2.1-2.1c0-1.2 1-2.1 2.2-2.1s2.2 1 2.2 2.2zM18.1 28.2c0 1.2-1 2.2-2.1 2.2s-2.1-1-2.1-2.1c0-1.2 1-2.1 2.2-2.1s2.2 1 2.2 2.2zM10.4 28.2c0 1.2-1 2.2-2.1 2.2s-2.1-1-2.1-2.1c0-1.2 1-2.1 2.2-2.1s2.2 1 2.2 2.2z\"\/><\/svg><\/span><span class=\"shariff-text\" style=\"color:#1f1f1f\">teilen<\/span>&nbsp;<\/a><\/li><li class=\"shariff-button facebook shariff-nocustomcolor\" style=\"background-color:#4273c8\"><a href=\"https:\/\/www.facebook.com\/sharer\/sharer.php?u=https%3A%2F%2Fwww.kritische-masse.de%2Flogbuch%2F2025%2F01%2Fschnell-alternde-nichtinformationen-streuen-im-musikjournalismus%2F\" title=\"Bei Facebook teilen\" aria-label=\"Bei Facebook teilen\" role=\"button\" rel=\"nofollow\" class=\"shariff-link\" style=\"; background-color:#3b5998; color:#3b5998\" target=\"_blank\"><span class=\"shariff-icon\" style=\"fill:#3b5998\"><svg width=\"32px\" height=\"20px\" xmlns=\"http:\/\/www.w3.org\/2000\/svg\" viewBox=\"0 0 18 32\"><path fill=\"#3b5998\" d=\"M17.1 0.2v4.7h-2.8q-1.5 0-2.1 0.6t-0.5 1.9v3.4h5.2l-0.7 5.3h-4.5v13.6h-5.5v-13.6h-4.5v-5.3h4.5v-3.9q0-3.3 1.9-5.2t5-1.8q2.6 0 4.1 0.2z\"\/><\/svg><\/span><span class=\"shariff-text\" style=\"color:#3b5998\">teilen<\/span>&nbsp;<\/a><\/li><li class=\"shariff-button info shariff-nocustomcolor\" style=\"background-color:#a8a8a8\"><a href=\"http:\/\/ct.de\/-2467514\" title=\"Weitere Informationen\" aria-label=\"Weitere Informationen\" role=\"button\" rel=\"noopener \" class=\"shariff-link\" style=\"; background-color:#999; color:#999\" target=\"_blank\"><span class=\"shariff-icon\" style=\"fill:#999\"><svg width=\"32px\" height=\"20px\" xmlns=\"http:\/\/www.w3.org\/2000\/svg\" viewBox=\"0 0 11 32\"><path fill=\"#999\" d=\"M11.4 24v2.3q0 0.5-0.3 0.8t-0.8 0.4h-9.1q-0.5 0-0.8-0.4t-0.4-0.8v-2.3q0-0.5 0.4-0.8t0.8-0.4h1.1v-6.8h-1.1q-0.5 0-0.8-0.4t-0.4-0.8v-2.3q0-0.5 0.4-0.8t0.8-0.4h6.8q0.5 0 0.8 0.4t0.4 0.8v10.3h1.1q0.5 0 0.8 0.4t0.3 0.8zM9.2 3.4v3.4q0 0.5-0.4 0.8t-0.8 0.4h-4.6q-0.4 0-0.8-0.4t-0.4-0.8v-3.4q0-0.4 0.4-0.8t0.8-0.4h4.6q0.5 0 0.8 0.4t0.4 0.8z\"\/><\/svg><\/span><\/a><\/li><\/ul><\/div>","protected":false},"excerpt":{"rendered":"<p>Musikjournalismus am Limit. Manuel Brug ist auch schnell gealtert, w\u00e4hrend Andreas Schmidt als Autor von Klassik begeistert noch gar nicht so recht zur Welt gekommen zu sein scheint. Drei Veranstaltungstipps: Holocaust-Gedenken in Darmstadt, \u201eDas wird man ja noch sagen d\u00fcrfen?! Zukunft des Musikjournalismus\u201c und ein Hackbrett-Festival in M\u00fcnchen<\/p>\n<div class=\"shariff shariff-align-left shariff-widget-align-left\"><ul class=\"shariff-buttons theme-white orientation-horizontal buttonsize-small\"><li class=\"shariff-button mastodon shariff-nocustomcolor\" style=\"background-color:#563ACC\"><a href=\"https:\/\/s2f.kytta.dev\/?text=Schnell%20alternde%20Nichtinformationen%20streuen%20im%20%E2%80%9EMusikjournalismus%E2%80%9C https%3A%2F%2Fwww.kritische-masse.de%2Flogbuch%2F2025%2F01%2Fschnell-alternde-nichtinformationen-streuen-im-musikjournalismus%2F\" title=\"Bei Mastodon teilen\" aria-label=\"Bei Mastodon teilen\" role=\"button\" rel=\"noopener nofollow\" class=\"shariff-link\" style=\"; background-color:#6364FF; color:#6364FF\" target=\"_blank\"><span class=\"shariff-icon\" style=\"fill:#6364FF\"><svg width=\"75\" height=\"79\" viewBox=\"0 0 75 79\" fill=\"none\" xmlns=\"http:\/\/www.w3.org\/2000\/svg\"><path d=\"M37.813-.025C32.462-.058 27.114.13 21.79.598c-8.544.621-17.214 5.58-20.203 13.931C-1.12 23.318.408 32.622.465 41.65c.375 7.316.943 14.78 3.392 21.73 4.365 9.465 14.781 14.537 24.782 15.385 7.64.698 15.761-.213 22.517-4.026a54.1 54.1 0 0 0 .01-6.232c-6.855 1.316-14.101 2.609-21.049 1.074-3.883-.88-6.876-4.237-7.25-8.215-1.53-3.988 3.78-.43 5.584-.883 9.048 1.224 18.282.776 27.303-.462 7.044-.837 14.26-4.788 16.65-11.833 2.263-6.135 1.215-12.79 1.698-19.177.06-3.84.09-7.692-.262-11.52C72.596 7.844 63.223.981 53.834.684a219.453 219.453 0 0 0-16.022-.71zm11.294 12.882c5.5-.067 10.801 4.143 11.67 9.653.338 1.48.471 3 .471 4.515v21.088h-8.357c-.07-7.588.153-15.182-.131-22.765-.587-4.368-7.04-5.747-9.672-2.397-2.422 3.04-1.47 7.155-1.67 10.735v6.392h-8.307c-.146-4.996.359-10.045-.404-15.002-1.108-4.218-7.809-5.565-10.094-1.666-1.685 3.046-.712 6.634-.976 9.936v14.767h-8.354c.109-8.165-.238-16.344.215-24.5.674-5.346 5.095-10.389 10.676-10.627 4.902-.739 10.103 2.038 12.053 6.631.375 1.435 1.76 1.932 1.994.084 1.844-3.704 5.501-6.739 9.785-6.771.367-.044.735-.068 1.101-.073z\"\/><defs><linearGradient id=\"paint0_linear_549_34\" x1=\"37.0692\" y1=\"0\" x2=\"37.0692\" y2=\"79\" gradientUnits=\"userSpaceOnUse\"><stop stop-color=\"#6364FF\"\/><stop offset=\"1\" stop-color=\"#563ACC\"\/><\/linearGradient><\/defs><\/svg><\/span><span class=\"shariff-text\" style=\"color:#6364FF\">teilen<\/span>&nbsp;<\/a><\/li><li class=\"shariff-button bluesky shariff-nocustomcolor\" style=\"background-color:#84c4ff\"><a href=\"https:\/\/bsky.app\/intent\/compose?text=Schnell%20alternde%20Nichtinformationen%20streuen%20im%20%E2%80%9EMusikjournalismus%E2%80%9C https%3A%2F%2Fwww.kritische-masse.de%2Flogbuch%2F2025%2F01%2Fschnell-alternde-nichtinformationen-streuen-im-musikjournalismus%2F \" title=\"Bei Bluesky teilen\" aria-label=\"Bei Bluesky teilen\" role=\"button\" rel=\"noopener nofollow\" class=\"shariff-link\" style=\"; background-color:#0085ff; color:#0085ff\" target=\"_blank\"><span class=\"shariff-icon\" style=\"fill:#0085ff\"><svg width=\"20\" height=\"20\" version=\"1.1\" xmlns=\"http:\/\/www.w3.org\/2000\/svg\" viewBox=\"0 0 20 20\"><path class=\"st0\" d=\"M4.89,3.12c2.07,1.55,4.3,4.71,5.11,6.4.82-1.69,3.04-4.84,5.11-6.4,1.49-1.12,3.91-1.99,3.91.77,0,.55-.32,4.63-.5,5.3-.64,2.3-2.99,2.89-5.08,2.54,3.65.62,4.58,2.68,2.57,4.74-3.81,3.91-5.48-.98-5.9-2.23-.08-.23-.11-.34-.12-.25,0-.09-.04.02-.12.25-.43,1.25-2.09,6.14-5.9,2.23-2.01-2.06-1.08-4.12,2.57-4.74-2.09.36-4.44-.23-5.08-2.54-.19-.66-.5-4.74-.5-5.3,0-2.76,2.42-1.89,3.91-.77h0Z\"\/><\/svg><\/span><span class=\"shariff-text\" style=\"color:#0085ff\">teilen<\/span>&nbsp;<\/a><\/li><li class=\"shariff-button threema shariff-nocustomcolor shariff-mobile\" style=\"background-color:#4fbc24\"><a href=\"threema:\/\/compose?text=Schnell%20alternde%20Nichtinformationen%20streuen%20im%20%E2%80%9EMusikjournalismus%E2%80%9C%20https%3A%2F%2Fwww.kritische-masse.de%2Flogbuch%2F2025%2F01%2Fschnell-alternde-nichtinformationen-streuen-im-musikjournalismus%2F\" title=\"Bei Threema teilen\" aria-label=\"Bei Threema teilen\" role=\"button\" rel=\"noopener nofollow\" class=\"shariff-link\" style=\"; background-color:#1f1f1f; color:#1f1f1f\" target=\"_blank\"><span class=\"shariff-icon\" style=\"fill:#1f1f1f\"><svg width=\"32px\" height=\"20px\" xmlns=\"http:\/\/www.w3.org\/2000\/svg\" viewBox=\"0 0 32 32\"><path fill=\"#1f1f1f\" d=\"M30.8 10.9c-0.3-1.4-0.9-2.6-1.8-3.8-2-2.6-5.5-4.5-9.4-5.2-1.3-0.2-1.9-0.3-3.5-0.3s-2.2 0-3.5 0.3c-4 0.7-7.4 2.6-9.4 5.2-0.9 1.2-1.5 2.4-1.8 3.8-0.1 0.5-0.2 1.2-0.2 1.6 0 0.4 0.1 1.1 0.2 1.6 0.4 1.9 1.3 3.4 2.9 5 0.8 0.8 0.8 0.8 0.7 1.3 0 0.6-0.5 1.6-1.7 3.6-0.3 0.5-0.5 0.9-0.5 0.9 0 0.1 0.1 0.1 0.5 0 0.8-0.2 2.3-0.6 5.6-1.6 1.1-0.3 1.3-0.4 2.3-0.4 0.8 0 1.1 0 2.3 0.2 1.5 0.2 3.5 0.2 4.9 0 5.1-0.6 9.3-2.9 11.4-6.3 0.5-0.9 0.9-1.8 1.1-2.8 0.1-0.5 0.2-1.1 0.2-1.6 0-0.7-0.1-1.1-0.2-1.6-0.3-1.4 0.1 0.5 0 0zM20.6 17.3c0 0.4-0.4 0.8-0.8 0.8h-7.7c-0.4 0-0.8-0.4-0.8-0.8v-4.6c0-0.4 0.4-0.8 0.8-0.8h0.2l0-1.6c0-0.9 0-1.8 0.1-2 0.1-0.6 0.6-1.2 1.1-1.7s1.1-0.7 1.9-0.8c1.8-0.3 3.7 0.7 4.2 2.2 0.1 0.3 0.1 0.7 0.1 2.1v0 1.7h0.1c0.4 0 0.8 0.4 0.8 0.8v4.6zM15.6 7.3c-0.5 0.1-0.8 0.3-1.2 0.6s-0.6 0.8-0.7 1.3c0 0.2 0 0.8 0 1.5l0 1.2h4.6v-1.3c0-1 0-1.4-0.1-1.6-0.3-1.1-1.5-1.9-2.6-1.7zM25.8 28.2c0 1.2-1 2.2-2.1 2.2s-2.1-1-2.1-2.1c0-1.2 1-2.1 2.2-2.1s2.2 1 2.2 2.2zM18.1 28.2c0 1.2-1 2.2-2.1 2.2s-2.1-1-2.1-2.1c0-1.2 1-2.1 2.2-2.1s2.2 1 2.2 2.2zM10.4 28.2c0 1.2-1 2.2-2.1 2.2s-2.1-1-2.1-2.1c0-1.2 1-2.1 2.2-2.1s2.2 1 2.2 2.2z\"\/><\/svg><\/span><span class=\"shariff-text\" style=\"color:#1f1f1f\">teilen<\/span>&nbsp;<\/a><\/li><li class=\"shariff-button facebook shariff-nocustomcolor\" style=\"background-color:#4273c8\"><a href=\"https:\/\/www.facebook.com\/sharer\/sharer.php?u=https%3A%2F%2Fwww.kritische-masse.de%2Flogbuch%2F2025%2F01%2Fschnell-alternde-nichtinformationen-streuen-im-musikjournalismus%2F\" title=\"Bei Facebook teilen\" aria-label=\"Bei Facebook teilen\" role=\"button\" rel=\"nofollow\" class=\"shariff-link\" style=\"; background-color:#3b5998; color:#3b5998\" target=\"_blank\"><span class=\"shariff-icon\" style=\"fill:#3b5998\"><svg width=\"32px\" height=\"20px\" xmlns=\"http:\/\/www.w3.org\/2000\/svg\" viewBox=\"0 0 18 32\"><path fill=\"#3b5998\" d=\"M17.1 0.2v4.7h-2.8q-1.5 0-2.1 0.6t-0.5 1.9v3.4h5.2l-0.7 5.3h-4.5v13.6h-5.5v-13.6h-4.5v-5.3h4.5v-3.9q0-3.3 1.9-5.2t5-1.8q2.6 0 4.1 0.2z\"\/><\/svg><\/span><span class=\"shariff-text\" style=\"color:#3b5998\">teilen<\/span>&nbsp;<\/a><\/li><li class=\"shariff-button info shariff-nocustomcolor\" style=\"background-color:#a8a8a8\"><a href=\"http:\/\/ct.de\/-2467514\" title=\"Weitere Informationen\" aria-label=\"Weitere Informationen\" role=\"button\" rel=\"noopener \" class=\"shariff-link\" style=\"; background-color:#999; color:#999\" target=\"_blank\"><span class=\"shariff-icon\" style=\"fill:#999\"><svg width=\"32px\" height=\"20px\" xmlns=\"http:\/\/www.w3.org\/2000\/svg\" viewBox=\"0 0 11 32\"><path fill=\"#999\" d=\"M11.4 24v2.3q0 0.5-0.3 0.8t-0.8 0.4h-9.1q-0.5 0-0.8-0.4t-0.4-0.8v-2.3q0-0.5 0.4-0.8t0.8-0.4h1.1v-6.8h-1.1q-0.5 0-0.8-0.4t-0.4-0.8v-2.3q0-0.5 0.4-0.8t0.8-0.4h6.8q0.5 0 0.8 0.4t0.4 0.8v10.3h1.1q0.5 0 0.8 0.4t0.3 0.8zM9.2 3.4v3.4q0 0.5-0.4 0.8t-0.8 0.4h-4.6q-0.4 0-0.8-0.4t-0.4-0.8v-3.4q0-0.4 0.4-0.8t0.8-0.4h4.6q0.5 0 0.8 0.4t0.4 0.8z\"\/><\/svg><\/span><\/a><\/li><\/ul><\/div>","protected":false},"author":1,"featured_media":10639,"comment_status":"open","ping_status":"open","sticky":false,"template":"","format":"standard","meta":{"ocean_post_layout":"","ocean_both_sidebars_style":"","ocean_both_sidebars_content_width":0,"ocean_both_sidebars_sidebars_width":0,"ocean_sidebar":"","ocean_second_sidebar":"","ocean_disable_margins":"enable","ocean_add_body_class":"","ocean_shortcode_before_top_bar":"","ocean_shortcode_after_top_bar":"","ocean_shortcode_before_header":"","ocean_shortcode_after_header":"","ocean_has_shortcode":"","ocean_shortcode_after_title":"","ocean_shortcode_before_footer_widgets":"","ocean_shortcode_after_footer_widgets":"","ocean_shortcode_before_footer_bottom":"","ocean_shortcode_after_footer_bottom":"","ocean_display_top_bar":"default","ocean_display_header":"default","ocean_header_style":"","ocean_center_header_left_menu":"","ocean_custom_header_template":"","ocean_custom_logo":0,"ocean_custom_retina_logo":0,"ocean_custom_logo_max_width":0,"ocean_custom_logo_tablet_max_width":0,"ocean_custom_logo_mobile_max_width":0,"ocean_custom_logo_max_height":0,"ocean_custom_logo_tablet_max_height":0,"ocean_custom_logo_mobile_max_height":0,"ocean_header_custom_menu":"","ocean_menu_typo_font_family":"","ocean_menu_typo_font_subset":"","ocean_menu_typo_font_size":0,"ocean_menu_typo_font_size_tablet":0,"ocean_menu_typo_font_size_mobile":0,"ocean_menu_typo_font_size_unit":"px","ocean_menu_typo_font_weight":"","ocean_menu_typo_font_weight_tablet":"","ocean_menu_typo_font_weight_mobile":"","ocean_menu_typo_transform":"","ocean_menu_typo_transform_tablet":"","ocean_menu_typo_transform_mobile":"","ocean_menu_typo_line_height":0,"ocean_menu_typo_line_height_tablet":0,"ocean_menu_typo_line_height_mobile":0,"ocean_menu_typo_line_height_unit":"","ocean_menu_typo_spacing":0,"ocean_menu_typo_spacing_tablet":0,"ocean_menu_typo_spacing_mobile":0,"ocean_menu_typo_spacing_unit":"","ocean_menu_link_color":"","ocean_menu_link_color_hover":"","ocean_menu_link_color_active":"","ocean_menu_link_background":"","ocean_menu_link_hover_background":"","ocean_menu_link_active_background":"","ocean_menu_social_links_bg":"","ocean_menu_social_hover_links_bg":"","ocean_menu_social_links_color":"","ocean_menu_social_hover_links_color":"","ocean_disable_title":"default","ocean_disable_heading":"default","ocean_post_title":"","ocean_post_subheading":"","ocean_post_title_style":"","ocean_post_title_background_color":"","ocean_post_title_background":0,"ocean_post_title_bg_image_position":"","ocean_post_title_bg_image_attachment":"","ocean_post_title_bg_image_repeat":"","ocean_post_title_bg_image_size":"","ocean_post_title_height":0,"ocean_post_title_bg_overlay":0.5,"ocean_post_title_bg_overlay_color":"","ocean_disable_breadcrumbs":"default","ocean_breadcrumbs_color":"","ocean_breadcrumbs_separator_color":"","ocean_breadcrumbs_links_color":"","ocean_breadcrumbs_links_hover_color":"","ocean_display_footer_widgets":"default","ocean_display_footer_bottom":"default","ocean_custom_footer_template":"","osh_disable_topbar_sticky":"default","osh_disable_header_sticky":"default","osh_sticky_header_style":"default","osh_sticky_header_effect":"","osh_custom_sticky_logo":0,"osh_custom_retina_sticky_logo":0,"osh_custom_sticky_logo_height":0,"osh_background_color":"","osh_links_color":"","osh_links_hover_color":"","osh_links_active_color":"","osh_links_bg_color":"","osh_links_hover_bg_color":"","osh_links_active_bg_color":"","osh_menu_social_links_color":"","osh_menu_social_hover_links_color":"","_FSMCFIC_featured_image_caption":"","_FSMCFIC_featured_image_nocaption":"","_FSMCFIC_featured_image_hide":"","_metis_text_type":"standard","_metis_text_length":9532,"_post_count":0,"_jetpack_memberships_contains_paid_content":false,"activitypub_content_warning":"","activitypub_content_visibility":"","activitypub_max_image_attachments":4,"activitypub_interaction_policy_quote":"anyone","activitypub_status":"","ocean_post_oembed":"","ocean_post_self_hosted_media":"","ocean_post_video_embed":"","ocean_link_format":"","ocean_link_format_target":"self","ocean_quote_format":"","ocean_quote_format_link":"post","ocean_gallery_link_images":"on","ocean_gallery_id":[],"footnotes":"","jetpack_publicize_message":"","jetpack_publicize_feature_enabled":true,"jetpack_social_post_already_shared":true,"jetpack_social_options":{"image_generator_settings":{"template":"highway","default_image_id":0,"font":"","enabled":false},"version":2}},"categories":[2647,2861,2694,2652,2913],"tags":[4357,4356,2785],"class_list":["post-10630","post","type-post","status-publish","format-standard","has-post-thumbnail","hentry","category-angriffauf","category-aesthetische_kunstfehler","category-die-bildung","category-diemusik","category-enzyklopaedie-der-kritischen-masse","tag-klassik-begeistert","tag-musikjournalismus-aus-der-hoelle","tag-musikjournalismus","entry","has-media"],"yoast_head":"<!-- This site is optimized with the Yoast SEO plugin v27.5 - https:\/\/yoast.com\/product\/yoast-seo-wordpress\/ -->\n<title>Schnell alternde Nichtinformationen streuen im \u201eMusikjournalismus\u201c - Kritische Masse<\/title>\n<meta name=\"robots\" content=\"index, follow, max-snippet:-1, max-image-preview:large, max-video-preview:-1\" \/>\n<link rel=\"canonical\" href=\"https:\/\/www.kritische-masse.de\/logbuch\/2025\/01\/schnell-alternde-nichtinformationen-streuen-im-musikjournalismus\/\" \/>\n<meta property=\"og:locale\" content=\"de_DE\" \/>\n<meta property=\"og:type\" content=\"article\" \/>\n<meta property=\"og:title\" content=\"Schnell alternde Nichtinformationen streuen im \u201eMusikjournalismus\u201c - Kritische Masse\" \/>\n<meta property=\"og:description\" content=\"Musikjournalismus am Limit. Manuel Brug ist auch schnell gealtert, w\u00e4hrend Andreas Schmidt als Autor von Klassik begeistert noch gar nicht so recht zur Welt gekommen zu sein scheint. Drei Veranstaltungstipps: Holocaust-Gedenken in Darmstadt, \u201eDas wird man ja noch sagen d\u00fcrfen?! Zukunft des Musikjournalismus\u201c und ein Hackbrett-Festival in M\u00fcnchen\" \/>\n<meta property=\"og:url\" content=\"https:\/\/www.kritische-masse.de\/logbuch\/2025\/01\/schnell-alternde-nichtinformationen-streuen-im-musikjournalismus\/\" \/>\n<meta property=\"og:site_name\" content=\"Kritische Masse\" \/>\n<meta property=\"article:publisher\" content=\"https:\/\/www.facebook.com\/hufner\" \/>\n<meta property=\"article:author\" content=\"https:\/\/www.facebook.com\/hufner\" \/>\n<meta property=\"article:published_time\" content=\"2025-01-18T23:23:13+00:00\" \/>\n<meta property=\"article:modified_time\" content=\"2025-01-18T23:24:41+00:00\" \/>\n<meta property=\"og:image\" content=\"https:\/\/www.kritische-masse.de\/logbuch\/wp-content\/uploads\/2025\/01\/mann-im-meer.jpg\" \/>\n\t<meta property=\"og:image:width\" content=\"2047\" \/>\n\t<meta property=\"og:image:height\" content=\"1642\" \/>\n\t<meta property=\"og:image:type\" content=\"image\/jpeg\" \/>\n<meta name=\"author\" content=\"der huflaikhan\" \/>\n<meta name=\"twitter:label1\" content=\"Verfasst von\" \/>\n\t<meta name=\"twitter:data1\" content=\"der huflaikhan\" \/>\n\t<meta name=\"twitter:label2\" content=\"Gesch\u00e4tzte Lesezeit\" \/>\n\t<meta name=\"twitter:data2\" content=\"3\u00a0Minuten\" \/>\n<script type=\"application\/ld+json\" class=\"yoast-schema-graph\">{\"@context\":\"https:\\\/\\\/schema.org\",\"@graph\":[{\"@type\":\"Article\",\"@id\":\"https:\\\/\\\/www.kritische-masse.de\\\/logbuch\\\/2025\\\/01\\\/schnell-alternde-nichtinformationen-streuen-im-musikjournalismus\\\/#article\",\"isPartOf\":{\"@id\":\"https:\\\/\\\/www.kritische-masse.de\\\/logbuch\\\/2025\\\/01\\\/schnell-alternde-nichtinformationen-streuen-im-musikjournalismus\\\/\"},\"author\":{\"name\":\"der huflaikhan\",\"@id\":\"https:\\\/\\\/www.kritische-masse.de\\\/logbuch\\\/#\\\/schema\\\/person\\\/14c491f46504e7f6b79db161f76def1c\"},\"headline\":\"Schnell alternde Nichtinformationen streuen im \u201eMusikjournalismus\u201c\",\"datePublished\":\"2025-01-18T23:23:13+00:00\",\"dateModified\":\"2025-01-18T23:24:41+00:00\",\"mainEntityOfPage\":{\"@id\":\"https:\\\/\\\/www.kritische-masse.de\\\/logbuch\\\/2025\\\/01\\\/schnell-alternde-nichtinformationen-streuen-im-musikjournalismus\\\/\"},\"wordCount\":1386,\"commentCount\":0,\"publisher\":{\"@id\":\"https:\\\/\\\/www.kritische-masse.de\\\/logbuch\\\/#\\\/schema\\\/person\\\/14c491f46504e7f6b79db161f76def1c\"},\"image\":{\"@id\":\"https:\\\/\\\/www.kritische-masse.de\\\/logbuch\\\/2025\\\/01\\\/schnell-alternde-nichtinformationen-streuen-im-musikjournalismus\\\/#primaryimage\"},\"thumbnailUrl\":\"https:\\\/\\\/i0.wp.com\\\/www.kritische-masse.de\\\/logbuch\\\/wp-content\\\/uploads\\\/2025\\\/01\\\/mann-im-meer.jpg?fit=2047%2C1642&ssl=1\",\"keywords\":[\"klassik begeistert\",\"Musikjournalismus aus der H\u00f6lle\",\"Musikjournalismus\"],\"articleSection\":[\"Angriff auf \u2026\",\"\u00c4sthetische Kunstfehler\",\"die Bildung\",\"die Musik\",\"Enzyklop\u00e4die der Kritischen Masse\"],\"inLanguage\":\"de\",\"potentialAction\":[{\"@type\":\"CommentAction\",\"name\":\"Comment\",\"target\":[\"https:\\\/\\\/www.kritische-masse.de\\\/logbuch\\\/2025\\\/01\\\/schnell-alternde-nichtinformationen-streuen-im-musikjournalismus\\\/#respond\"]}]},{\"@type\":\"WebPage\",\"@id\":\"https:\\\/\\\/www.kritische-masse.de\\\/logbuch\\\/2025\\\/01\\\/schnell-alternde-nichtinformationen-streuen-im-musikjournalismus\\\/\",\"url\":\"https:\\\/\\\/www.kritische-masse.de\\\/logbuch\\\/2025\\\/01\\\/schnell-alternde-nichtinformationen-streuen-im-musikjournalismus\\\/\",\"name\":\"Schnell alternde Nichtinformationen streuen im \u201eMusikjournalismus\u201c - Kritische Masse\",\"isPartOf\":{\"@id\":\"https:\\\/\\\/www.kritische-masse.de\\\/logbuch\\\/#website\"},\"primaryImageOfPage\":{\"@id\":\"https:\\\/\\\/www.kritische-masse.de\\\/logbuch\\\/2025\\\/01\\\/schnell-alternde-nichtinformationen-streuen-im-musikjournalismus\\\/#primaryimage\"},\"image\":{\"@id\":\"https:\\\/\\\/www.kritische-masse.de\\\/logbuch\\\/2025\\\/01\\\/schnell-alternde-nichtinformationen-streuen-im-musikjournalismus\\\/#primaryimage\"},\"thumbnailUrl\":\"https:\\\/\\\/i0.wp.com\\\/www.kritische-masse.de\\\/logbuch\\\/wp-content\\\/uploads\\\/2025\\\/01\\\/mann-im-meer.jpg?fit=2047%2C1642&ssl=1\",\"datePublished\":\"2025-01-18T23:23:13+00:00\",\"dateModified\":\"2025-01-18T23:24:41+00:00\",\"breadcrumb\":{\"@id\":\"https:\\\/\\\/www.kritische-masse.de\\\/logbuch\\\/2025\\\/01\\\/schnell-alternde-nichtinformationen-streuen-im-musikjournalismus\\\/#breadcrumb\"},\"inLanguage\":\"de\",\"potentialAction\":[{\"@type\":\"ReadAction\",\"target\":[\"https:\\\/\\\/www.kritische-masse.de\\\/logbuch\\\/2025\\\/01\\\/schnell-alternde-nichtinformationen-streuen-im-musikjournalismus\\\/\"]}]},{\"@type\":\"ImageObject\",\"inLanguage\":\"de\",\"@id\":\"https:\\\/\\\/www.kritische-masse.de\\\/logbuch\\\/2025\\\/01\\\/schnell-alternde-nichtinformationen-streuen-im-musikjournalismus\\\/#primaryimage\",\"url\":\"https:\\\/\\\/i0.wp.com\\\/www.kritische-masse.de\\\/logbuch\\\/wp-content\\\/uploads\\\/2025\\\/01\\\/mann-im-meer.jpg?fit=2047%2C1642&ssl=1\",\"contentUrl\":\"https:\\\/\\\/i0.wp.com\\\/www.kritische-masse.de\\\/logbuch\\\/wp-content\\\/uploads\\\/2025\\\/01\\\/mann-im-meer.jpg?fit=2047%2C1642&ssl=1\",\"width\":2047,\"height\":1642,\"caption\":\"mann im meer. foto: hufner\"},{\"@type\":\"BreadcrumbList\",\"@id\":\"https:\\\/\\\/www.kritische-masse.de\\\/logbuch\\\/2025\\\/01\\\/schnell-alternde-nichtinformationen-streuen-im-musikjournalismus\\\/#breadcrumb\",\"itemListElement\":[{\"@type\":\"ListItem\",\"position\":1,\"name\":\"Startseite\",\"item\":\"https:\\\/\\\/www.kritische-masse.de\\\/logbuch\\\/\"},{\"@type\":\"ListItem\",\"position\":2,\"name\":\"Schnell alternde Nichtinformationen streuen im \u201eMusikjournalismus\u201c\"}]},{\"@type\":\"WebSite\",\"@id\":\"https:\\\/\\\/www.kritische-masse.de\\\/logbuch\\\/#website\",\"url\":\"https:\\\/\\\/www.kritische-masse.de\\\/logbuch\\\/\",\"name\":\"kritische masse\",\"description\":\"amt f\u00fcr vermassungsschutz\",\"publisher\":{\"@id\":\"https:\\\/\\\/www.kritische-masse.de\\\/logbuch\\\/#\\\/schema\\\/person\\\/14c491f46504e7f6b79db161f76def1c\"},\"alternateName\":\"das logbuch der kritischen masse\",\"potentialAction\":[{\"@type\":\"SearchAction\",\"target\":{\"@type\":\"EntryPoint\",\"urlTemplate\":\"https:\\\/\\\/www.kritische-masse.de\\\/logbuch\\\/?s={search_term_string}\"},\"query-input\":{\"@type\":\"PropertyValueSpecification\",\"valueRequired\":true,\"valueName\":\"search_term_string\"}}],\"inLanguage\":\"de\"},{\"@type\":[\"Person\",\"Organization\"],\"@id\":\"https:\\\/\\\/www.kritische-masse.de\\\/logbuch\\\/#\\\/schema\\\/person\\\/14c491f46504e7f6b79db161f76def1c\",\"name\":\"der huflaikhan\",\"image\":{\"@type\":\"ImageObject\",\"inLanguage\":\"de\",\"@id\":\"https:\\\/\\\/www.kritische-masse.de\\\/logbuch\\\/wp-content\\\/uploads\\\/2024\\\/01\\\/cropped-kritischmasse_man_512.jpg\",\"url\":\"https:\\\/\\\/www.kritische-masse.de\\\/logbuch\\\/wp-content\\\/uploads\\\/2024\\\/01\\\/cropped-kritischmasse_man_512.jpg\",\"contentUrl\":\"https:\\\/\\\/www.kritische-masse.de\\\/logbuch\\\/wp-content\\\/uploads\\\/2024\\\/01\\\/cropped-kritischmasse_man_512.jpg\",\"width\":512,\"height\":512,\"caption\":\"der huflaikhan\"},\"logo\":{\"@id\":\"https:\\\/\\\/www.kritische-masse.de\\\/logbuch\\\/wp-content\\\/uploads\\\/2024\\\/01\\\/cropped-kritischmasse_man_512.jpg\"},\"description\":\"Betreiber der Kritischen Masse seit 1995. Seit 2023 Wiederaufnahme. Promotion mit einer Arbeit \u00fcber Adornos kompositorische und theoretische Auseinandersetzung mit der Zw\u00f6lftontechnik. Arbeit f\u00fcr den Bayerischen und den Mitteldeutschen Rundfunk als freier Autor und Regisseur \u2013 zumindest bis Ende 2015. Online-Redaktion f\u00fcr neue musikzeitung, Jazzzeitung und Oper &amp; Tanz. Ungl\u00fccklich, aber fast taub.\",\"sameAs\":[\"https:\\\/\\\/www.kritische-masse.de\\\/logbuch\\\/\",\"https:\\\/\\\/www.facebook.com\\\/hufner\"],\"url\":\"https:\\\/\\\/www.kritische-masse.de\\\/logbuch\\\/author\\\/martin_d1juqiu5\\\/\"}]}<\/script>\n<!-- \/ Yoast SEO plugin. -->","yoast_head_json":{"title":"Schnell alternde Nichtinformationen streuen im \u201eMusikjournalismus\u201c - Kritische Masse","robots":{"index":"index","follow":"follow","max-snippet":"max-snippet:-1","max-image-preview":"max-image-preview:large","max-video-preview":"max-video-preview:-1"},"canonical":"https:\/\/www.kritische-masse.de\/logbuch\/2025\/01\/schnell-alternde-nichtinformationen-streuen-im-musikjournalismus\/","og_locale":"de_DE","og_type":"article","og_title":"Schnell alternde Nichtinformationen streuen im \u201eMusikjournalismus\u201c - Kritische Masse","og_description":"Musikjournalismus am Limit. Manuel Brug ist auch schnell gealtert, w\u00e4hrend Andreas Schmidt als Autor von Klassik begeistert noch gar nicht so recht zur Welt gekommen zu sein scheint. Drei Veranstaltungstipps: Holocaust-Gedenken in Darmstadt, \u201eDas wird man ja noch sagen d\u00fcrfen?! Zukunft des Musikjournalismus\u201c und ein Hackbrett-Festival in M\u00fcnchen","og_url":"https:\/\/www.kritische-masse.de\/logbuch\/2025\/01\/schnell-alternde-nichtinformationen-streuen-im-musikjournalismus\/","og_site_name":"Kritische Masse","article_publisher":"https:\/\/www.facebook.com\/hufner","article_author":"https:\/\/www.facebook.com\/hufner","article_published_time":"2025-01-18T23:23:13+00:00","article_modified_time":"2025-01-18T23:24:41+00:00","og_image":[{"width":2047,"height":1642,"url":"https:\/\/www.kritische-masse.de\/logbuch\/wp-content\/uploads\/2025\/01\/mann-im-meer.jpg","type":"image\/jpeg"}],"author":"der huflaikhan","twitter_misc":{"Verfasst von":"der huflaikhan","Gesch\u00e4tzte Lesezeit":"3\u00a0Minuten"},"schema":{"@context":"https:\/\/schema.org","@graph":[{"@type":"Article","@id":"https:\/\/www.kritische-masse.de\/logbuch\/2025\/01\/schnell-alternde-nichtinformationen-streuen-im-musikjournalismus\/#article","isPartOf":{"@id":"https:\/\/www.kritische-masse.de\/logbuch\/2025\/01\/schnell-alternde-nichtinformationen-streuen-im-musikjournalismus\/"},"author":{"name":"der huflaikhan","@id":"https:\/\/www.kritische-masse.de\/logbuch\/#\/schema\/person\/14c491f46504e7f6b79db161f76def1c"},"headline":"Schnell alternde Nichtinformationen streuen im \u201eMusikjournalismus\u201c","datePublished":"2025-01-18T23:23:13+00:00","dateModified":"2025-01-18T23:24:41+00:00","mainEntityOfPage":{"@id":"https:\/\/www.kritische-masse.de\/logbuch\/2025\/01\/schnell-alternde-nichtinformationen-streuen-im-musikjournalismus\/"},"wordCount":1386,"commentCount":0,"publisher":{"@id":"https:\/\/www.kritische-masse.de\/logbuch\/#\/schema\/person\/14c491f46504e7f6b79db161f76def1c"},"image":{"@id":"https:\/\/www.kritische-masse.de\/logbuch\/2025\/01\/schnell-alternde-nichtinformationen-streuen-im-musikjournalismus\/#primaryimage"},"thumbnailUrl":"https:\/\/i0.wp.com\/www.kritische-masse.de\/logbuch\/wp-content\/uploads\/2025\/01\/mann-im-meer.jpg?fit=2047%2C1642&ssl=1","keywords":["klassik begeistert","Musikjournalismus aus der H\u00f6lle","Musikjournalismus"],"articleSection":["Angriff auf \u2026","\u00c4sthetische Kunstfehler","die Bildung","die Musik","Enzyklop\u00e4die der Kritischen Masse"],"inLanguage":"de","potentialAction":[{"@type":"CommentAction","name":"Comment","target":["https:\/\/www.kritische-masse.de\/logbuch\/2025\/01\/schnell-alternde-nichtinformationen-streuen-im-musikjournalismus\/#respond"]}]},{"@type":"WebPage","@id":"https:\/\/www.kritische-masse.de\/logbuch\/2025\/01\/schnell-alternde-nichtinformationen-streuen-im-musikjournalismus\/","url":"https:\/\/www.kritische-masse.de\/logbuch\/2025\/01\/schnell-alternde-nichtinformationen-streuen-im-musikjournalismus\/","name":"Schnell alternde Nichtinformationen streuen im \u201eMusikjournalismus\u201c - Kritische Masse","isPartOf":{"@id":"https:\/\/www.kritische-masse.de\/logbuch\/#website"},"primaryImageOfPage":{"@id":"https:\/\/www.kritische-masse.de\/logbuch\/2025\/01\/schnell-alternde-nichtinformationen-streuen-im-musikjournalismus\/#primaryimage"},"image":{"@id":"https:\/\/www.kritische-masse.de\/logbuch\/2025\/01\/schnell-alternde-nichtinformationen-streuen-im-musikjournalismus\/#primaryimage"},"thumbnailUrl":"https:\/\/i0.wp.com\/www.kritische-masse.de\/logbuch\/wp-content\/uploads\/2025\/01\/mann-im-meer.jpg?fit=2047%2C1642&ssl=1","datePublished":"2025-01-18T23:23:13+00:00","dateModified":"2025-01-18T23:24:41+00:00","breadcrumb":{"@id":"https:\/\/www.kritische-masse.de\/logbuch\/2025\/01\/schnell-alternde-nichtinformationen-streuen-im-musikjournalismus\/#breadcrumb"},"inLanguage":"de","potentialAction":[{"@type":"ReadAction","target":["https:\/\/www.kritische-masse.de\/logbuch\/2025\/01\/schnell-alternde-nichtinformationen-streuen-im-musikjournalismus\/"]}]},{"@type":"ImageObject","inLanguage":"de","@id":"https:\/\/www.kritische-masse.de\/logbuch\/2025\/01\/schnell-alternde-nichtinformationen-streuen-im-musikjournalismus\/#primaryimage","url":"https:\/\/i0.wp.com\/www.kritische-masse.de\/logbuch\/wp-content\/uploads\/2025\/01\/mann-im-meer.jpg?fit=2047%2C1642&ssl=1","contentUrl":"https:\/\/i0.wp.com\/www.kritische-masse.de\/logbuch\/wp-content\/uploads\/2025\/01\/mann-im-meer.jpg?fit=2047%2C1642&ssl=1","width":2047,"height":1642,"caption":"mann im meer. foto: hufner"},{"@type":"BreadcrumbList","@id":"https:\/\/www.kritische-masse.de\/logbuch\/2025\/01\/schnell-alternde-nichtinformationen-streuen-im-musikjournalismus\/#breadcrumb","itemListElement":[{"@type":"ListItem","position":1,"name":"Startseite","item":"https:\/\/www.kritische-masse.de\/logbuch\/"},{"@type":"ListItem","position":2,"name":"Schnell alternde Nichtinformationen streuen im \u201eMusikjournalismus\u201c"}]},{"@type":"WebSite","@id":"https:\/\/www.kritische-masse.de\/logbuch\/#website","url":"https:\/\/www.kritische-masse.de\/logbuch\/","name":"kritische masse","description":"amt f\u00fcr vermassungsschutz","publisher":{"@id":"https:\/\/www.kritische-masse.de\/logbuch\/#\/schema\/person\/14c491f46504e7f6b79db161f76def1c"},"alternateName":"das logbuch der kritischen masse","potentialAction":[{"@type":"SearchAction","target":{"@type":"EntryPoint","urlTemplate":"https:\/\/www.kritische-masse.de\/logbuch\/?s={search_term_string}"},"query-input":{"@type":"PropertyValueSpecification","valueRequired":true,"valueName":"search_term_string"}}],"inLanguage":"de"},{"@type":["Person","Organization"],"@id":"https:\/\/www.kritische-masse.de\/logbuch\/#\/schema\/person\/14c491f46504e7f6b79db161f76def1c","name":"der huflaikhan","image":{"@type":"ImageObject","inLanguage":"de","@id":"https:\/\/www.kritische-masse.de\/logbuch\/wp-content\/uploads\/2024\/01\/cropped-kritischmasse_man_512.jpg","url":"https:\/\/www.kritische-masse.de\/logbuch\/wp-content\/uploads\/2024\/01\/cropped-kritischmasse_man_512.jpg","contentUrl":"https:\/\/www.kritische-masse.de\/logbuch\/wp-content\/uploads\/2024\/01\/cropped-kritischmasse_man_512.jpg","width":512,"height":512,"caption":"der huflaikhan"},"logo":{"@id":"https:\/\/www.kritische-masse.de\/logbuch\/wp-content\/uploads\/2024\/01\/cropped-kritischmasse_man_512.jpg"},"description":"Betreiber der Kritischen Masse seit 1995. Seit 2023 Wiederaufnahme. Promotion mit einer Arbeit \u00fcber Adornos kompositorische und theoretische Auseinandersetzung mit der Zw\u00f6lftontechnik. Arbeit f\u00fcr den Bayerischen und den Mitteldeutschen Rundfunk als freier Autor und Regisseur \u2013 zumindest bis Ende 2015. Online-Redaktion f\u00fcr neue musikzeitung, Jazzzeitung und Oper &amp; Tanz. Ungl\u00fccklich, aber fast taub.","sameAs":["https:\/\/www.kritische-masse.de\/logbuch\/","https:\/\/www.facebook.com\/hufner"],"url":"https:\/\/www.kritische-masse.de\/logbuch\/author\/martin_d1juqiu5\/"}]}},"jetpack_publicize_connections":[],"jetpack_featured_media_url":"https:\/\/i0.wp.com\/www.kritische-masse.de\/logbuch\/wp-content\/uploads\/2025\/01\/mann-im-meer.jpg?fit=2047%2C1642&ssl=1","categories_names":["Angriff auf \u2026","\u00c4sthetische Kunstfehler","die Bildung","die Musik","Enzyklop\u00e4die der Kritischen Masse"],"post_class":[["post-10630","post","type-post","status-publish","format-standard","has-post-thumbnail","hentry","category-angriffauf","category-aesthetische_kunstfehler","category-die-bildung","category-diemusik","category-enzyklopaedie-der-kritischen-masse","tag-klassik-begeistert","tag-musikjournalismus-aus-der-hoelle","tag-musikjournalismus","entry","has-media"]],"author_avatar":["<img alt='' src='https:\/\/secure.gravatar.com\/avatar\/c23aee426d58e69f14ef471114d4cac215eec702ee1bc331e2a62ea77e96ed60?s=96&#038;d=blank&#038;r=g' srcset='https:\/\/secure.gravatar.com\/avatar\/c23aee426d58e69f14ef471114d4cac215eec702ee1bc331e2a62ea77e96ed60?s=192&#038;d=blank&#038;r=g 2x' class='avatar avatar-96 photo' height='96' width='96' loading='lazy' decoding='async'\/>"],"featured_video":null,"jetpack-related-posts":[{"id":6828,"url":"https:\/\/www.kritische-masse.de\/logbuch\/2024\/01\/wehrhafte-journalistinnen-offene-briefe-ki-macht-ko\/","url_meta":{"origin":10630,"position":0},"title":"Wehrhafte Journalist:innen, Offene Briefe, KI macht KO","author":"der huflaikhan","date":"29. Januar 2024","format":false,"excerpt":"Man kommt gar nicht so schnell nach, wie die Musik-Kultur-Welt rotiert. Es wird berichtet, dass es eine deutliche Abnahme von klassischer Musik im Radio gegeben hat (Deutsches Musikinformationszentrum). Es wird berichtet, dass der bayerische Ministerpr\u00e4sident Markus S\u00f6der die Rundfunkorchester halbieren m\u00f6chte (Musik heute). Es wird beklagt, dass der \"Oscar\" des\u2026","rel":"","context":"In &quot;Angriff auf \u2026&quot;","block_context":{"text":"Angriff auf \u2026","link":"https:\/\/www.kritische-masse.de\/logbuch\/category\/angriffauf\/"},"img":{"alt_text":"Wei\u00df wie wei\u00df. Foto: Hufner","src":"https:\/\/i0.wp.com\/www.kritische-masse.de\/logbuch\/wp-content\/uploads\/2024\/01\/IMG_5446-2-scaled.jpg?fit=1200%2C900&ssl=1&resize=350%2C200","width":350,"height":200,"srcset":"https:\/\/i0.wp.com\/www.kritische-masse.de\/logbuch\/wp-content\/uploads\/2024\/01\/IMG_5446-2-scaled.jpg?fit=1200%2C900&ssl=1&resize=350%2C200 1x, https:\/\/i0.wp.com\/www.kritische-masse.de\/logbuch\/wp-content\/uploads\/2024\/01\/IMG_5446-2-scaled.jpg?fit=1200%2C900&ssl=1&resize=525%2C300 1.5x, https:\/\/i0.wp.com\/www.kritische-masse.de\/logbuch\/wp-content\/uploads\/2024\/01\/IMG_5446-2-scaled.jpg?fit=1200%2C900&ssl=1&resize=700%2C400 2x, https:\/\/i0.wp.com\/www.kritische-masse.de\/logbuch\/wp-content\/uploads\/2024\/01\/IMG_5446-2-scaled.jpg?fit=1200%2C900&ssl=1&resize=1050%2C600 3x"},"classes":[]},{"id":10819,"url":"https:\/\/www.kritische-masse.de\/logbuch\/2025\/03\/druchdrehende-kis-im-musikjournalismus-backstageclassical\/","url_meta":{"origin":10630,"position":1},"title":"Durchdrehende KIs im Musikjournalismus (BackstageClassical)","author":"der huflaikhan","date":"21. M\u00e4rz 2025","format":false,"excerpt":"Wenn \u201eKollege KI\u201c im Musikjournalismus \u201eHilfe\" gibt, biegen sich die Notenschl\u00fcssel. Ein unsch\u00f6nes Beispiel bei BackstageClassical aktuell im Zusammenhang mit einem Gastbeitrag von Olga Neuwirth im \u00f6sterreichischen Magazin NEWS.","rel":"","context":"In &quot;Angriff auf \u2026&quot;","block_context":{"text":"Angriff auf \u2026","link":"https:\/\/www.kritische-masse.de\/logbuch\/category\/angriffauf\/"},"img":{"alt_text":"nmz 1917 freiexemplare","src":"https:\/\/i0.wp.com\/www.kritische-masse.de\/logbuch\/wp-content\/uploads\/2025\/03\/nmz1917_freiexemplare2.jpg?fit=1200%2C255&ssl=1&resize=350%2C200","width":350,"height":200,"srcset":"https:\/\/i0.wp.com\/www.kritische-masse.de\/logbuch\/wp-content\/uploads\/2025\/03\/nmz1917_freiexemplare2.jpg?fit=1200%2C255&ssl=1&resize=350%2C200 1x, https:\/\/i0.wp.com\/www.kritische-masse.de\/logbuch\/wp-content\/uploads\/2025\/03\/nmz1917_freiexemplare2.jpg?fit=1200%2C255&ssl=1&resize=525%2C300 1.5x, https:\/\/i0.wp.com\/www.kritische-masse.de\/logbuch\/wp-content\/uploads\/2025\/03\/nmz1917_freiexemplare2.jpg?fit=1200%2C255&ssl=1&resize=700%2C400 2x, https:\/\/i0.wp.com\/www.kritische-masse.de\/logbuch\/wp-content\/uploads\/2025\/03\/nmz1917_freiexemplare2.jpg?fit=1200%2C255&ssl=1&resize=1050%2C600 3x"},"classes":[]},{"id":9638,"url":"https:\/\/www.kritische-masse.de\/logbuch\/2024\/04\/dauerbruechiger-klassik-journalismus-philosophen-tofu-jazz-1916\/","url_meta":{"origin":10630,"position":2},"title":"Dauerbr\u00fcchiger Klassik-Journalismus \/ Philosophen-Tofu \/ Jazz 1916 \/","author":"der huflaikhan","date":"26. April 2024","format":false,"excerpt":"Backstageclassical ist mutig +++ Aber wie sind die Aussichten f\u00fcr Klassik-Musikjournalismus +++ Warum scheitern Klassik-Blogs am laufenden Band +++ \u00d6ffentliche Meinung und Meinung von Institutionen +++","rel":"","context":"In &quot;die Kunst&quot;","block_context":{"text":"die Kunst","link":"https:\/\/www.kritische-masse.de\/logbuch\/category\/angriffauf\/die-kunst\/"},"img":{"alt_text":"Im Musiker innenviertel. Aber keine Musikerin. Aber lieber Offenbach als Strauss. Moment... Leider auch um die Ecke. Jedoch lieber Boulanger als Strauss... \u00a9 MH","src":"https:\/\/i0.wp.com\/www.kritische-masse.de\/logbuch\/wp-content\/uploads\/2024\/04\/Im-Musiker-innenviertel.-Aber-keine-Musikerin.-Aber-lieber-Offenbach-als-Strauss.-Moment.-Leider-auch-um-die-Ecke.-Jedoch-lieber-Boulanger-als-Strauss.-%C2%A9-MH.jpg?fit=1200%2C900&ssl=1&resize=350%2C200","width":350,"height":200,"srcset":"https:\/\/i0.wp.com\/www.kritische-masse.de\/logbuch\/wp-content\/uploads\/2024\/04\/Im-Musiker-innenviertel.-Aber-keine-Musikerin.-Aber-lieber-Offenbach-als-Strauss.-Moment.-Leider-auch-um-die-Ecke.-Jedoch-lieber-Boulanger-als-Strauss.-%C2%A9-MH.jpg?fit=1200%2C900&ssl=1&resize=350%2C200 1x, https:\/\/i0.wp.com\/www.kritische-masse.de\/logbuch\/wp-content\/uploads\/2024\/04\/Im-Musiker-innenviertel.-Aber-keine-Musikerin.-Aber-lieber-Offenbach-als-Strauss.-Moment.-Leider-auch-um-die-Ecke.-Jedoch-lieber-Boulanger-als-Strauss.-%C2%A9-MH.jpg?fit=1200%2C900&ssl=1&resize=525%2C300 1.5x, https:\/\/i0.wp.com\/www.kritische-masse.de\/logbuch\/wp-content\/uploads\/2024\/04\/Im-Musiker-innenviertel.-Aber-keine-Musikerin.-Aber-lieber-Offenbach-als-Strauss.-Moment.-Leider-auch-um-die-Ecke.-Jedoch-lieber-Boulanger-als-Strauss.-%C2%A9-MH.jpg?fit=1200%2C900&ssl=1&resize=700%2C400 2x, https:\/\/i0.wp.com\/www.kritische-masse.de\/logbuch\/wp-content\/uploads\/2024\/04\/Im-Musiker-innenviertel.-Aber-keine-Musikerin.-Aber-lieber-Offenbach-als-Strauss.-Moment.-Leider-auch-um-die-Ecke.-Jedoch-lieber-Boulanger-als-Strauss.-%C2%A9-MH.jpg?fit=1200%2C900&ssl=1&resize=1050%2C600 3x"},"classes":[]},{"id":10079,"url":"https:\/\/www.kritische-masse.de\/logbuch\/2024\/08\/buecher-und-zeitschriftenmarkt-in-dauerkrise\/","url_meta":{"origin":10630,"position":3},"title":"B\u00fccher- und Zeitschriftenmarkt in Dauerkrise","author":"der huflaikhan","date":"7. August 2024","format":false,"excerpt":"Groove in Gefahr. Edition Nautilus in Gefahr. &T\u00f6chter gibt auf. Wie steht es um die Zukunft unserer engagierten Verlage und Zeitschriften. Komparativ von allein \u2013 nach Goethe.","rel":"","context":"In &quot;Angriff auf \u2026&quot;","block_context":{"text":"Angriff auf \u2026","link":"https:\/\/www.kritische-masse.de\/logbuch\/category\/angriffauf\/"},"img":{"alt_text":"A\u0308h, nein. \u00a9\u00a0MH","src":"https:\/\/i0.wp.com\/www.kritische-masse.de\/logbuch\/wp-content\/uploads\/2024\/08\/Aeh-nein.-MH.jpg?fit=1200%2C1197&ssl=1&resize=350%2C200","width":350,"height":200,"srcset":"https:\/\/i0.wp.com\/www.kritische-masse.de\/logbuch\/wp-content\/uploads\/2024\/08\/Aeh-nein.-MH.jpg?fit=1200%2C1197&ssl=1&resize=350%2C200 1x, https:\/\/i0.wp.com\/www.kritische-masse.de\/logbuch\/wp-content\/uploads\/2024\/08\/Aeh-nein.-MH.jpg?fit=1200%2C1197&ssl=1&resize=525%2C300 1.5x, https:\/\/i0.wp.com\/www.kritische-masse.de\/logbuch\/wp-content\/uploads\/2024\/08\/Aeh-nein.-MH.jpg?fit=1200%2C1197&ssl=1&resize=700%2C400 2x, https:\/\/i0.wp.com\/www.kritische-masse.de\/logbuch\/wp-content\/uploads\/2024\/08\/Aeh-nein.-MH.jpg?fit=1200%2C1197&ssl=1&resize=1050%2C600 3x"},"classes":[]},{"id":10505,"url":"https:\/\/www.kritische-masse.de\/logbuch\/2024\/12\/kunst-und-ueberleben-abmann-bekommt-abmahn-das-muss-nicht-sein\/","url_meta":{"origin":10630,"position":4},"title":"Kunst und \u00dcberleben \u2013 Abmann bekommt Abmahn (das muss nicht sein!)","author":"der huflaikhan","date":"18. Dezember 2024","format":false,"excerpt":"Kunst im finanziellen Aufl\u00f6sungszwang und das Scheitern von Kulturpolitik im Land Berlin (aber nicht nur dort) +++ BackstageClassical wird abgemahnt \u2013 dahinter steht aber nicht die Frage nach Korrektheit von Recherchen, sondern es scheint mir deutlich eine Machtdemonstration zu sein mit Mitteln finanziert, die den Steuerzahlenden geh\u00f6ren. Das muss aufh\u00f6ren!\u2026","rel":"","context":"In &quot;das Recht&quot;","block_context":{"text":"das Recht","link":"https:\/\/www.kritische-masse.de\/logbuch\/category\/angriffauf\/das-recht\/"},"img":{"alt_text":"Eher eine Bu\u00dfhaltestelle. MH","src":"https:\/\/i0.wp.com\/www.kritische-masse.de\/logbuch\/wp-content\/uploads\/2024\/12\/Eher-eine-Busshaltestelle.-MH.jpg?fit=960%2C618&ssl=1&resize=350%2C200","width":350,"height":200,"srcset":"https:\/\/i0.wp.com\/www.kritische-masse.de\/logbuch\/wp-content\/uploads\/2024\/12\/Eher-eine-Busshaltestelle.-MH.jpg?fit=960%2C618&ssl=1&resize=350%2C200 1x, https:\/\/i0.wp.com\/www.kritische-masse.de\/logbuch\/wp-content\/uploads\/2024\/12\/Eher-eine-Busshaltestelle.-MH.jpg?fit=960%2C618&ssl=1&resize=525%2C300 1.5x, https:\/\/i0.wp.com\/www.kritische-masse.de\/logbuch\/wp-content\/uploads\/2024\/12\/Eher-eine-Busshaltestelle.-MH.jpg?fit=960%2C618&ssl=1&resize=700%2C400 2x"},"classes":[]},{"id":9930,"url":"https:\/\/www.kritische-masse.de\/logbuch\/2024\/07\/eskalation-oder-erklaerung\/","url_meta":{"origin":10630,"position":5},"title":"Eskalation oder Erkl\u00e4rung","author":"der huflaikhan","date":"18. Juli 2024","format":false,"excerpt":"Auch die Berichterstattung in der Musikszene ger\u00e4t immer mehr ins Kreuzfeuer ihrer eigenen Darstellungsformen. Mit Axel Br\u00fcggemanns neuem \u2013 wie sagt man \u2013 Blog, News-, Kommentar- und Meinungsportal \u201eBackstageClassical\u201c aus Bremen ist das nicht anders als mit dem \u201eVan-Magazin\u201c aus Berlin. Nur dass das eine w\u00f6chentlich Texte hinter einer Paywall\u2026","rel":"","context":"In &quot;Angriff auf \u2026&quot;","block_context":{"text":"Angriff auf \u2026","link":"https:\/\/www.kritische-masse.de\/logbuch\/category\/angriffauf\/"},"img":{"alt_text":"Ich wei\u00df jetzt auch nicht mehr. \u00a9 MH","src":"https:\/\/i0.wp.com\/www.kritische-masse.de\/logbuch\/wp-content\/uploads\/2024\/07\/Ich-weiss-jetzt-auch-nicht-mehr.-%C2%A9-MH.jpg?fit=717%2C717&ssl=1&resize=350%2C200","width":350,"height":200,"srcset":"https:\/\/i0.wp.com\/www.kritische-masse.de\/logbuch\/wp-content\/uploads\/2024\/07\/Ich-weiss-jetzt-auch-nicht-mehr.-%C2%A9-MH.jpg?fit=717%2C717&ssl=1&resize=350%2C200 1x, https:\/\/i0.wp.com\/www.kritische-masse.de\/logbuch\/wp-content\/uploads\/2024\/07\/Ich-weiss-jetzt-auch-nicht-mehr.-%C2%A9-MH.jpg?fit=717%2C717&ssl=1&resize=525%2C300 1.5x, https:\/\/i0.wp.com\/www.kritische-masse.de\/logbuch\/wp-content\/uploads\/2024\/07\/Ich-weiss-jetzt-auch-nicht-mehr.-%C2%A9-MH.jpg?fit=717%2C717&ssl=1&resize=700%2C400 2x"},"classes":[]}],"jetpack_sharing_enabled":true,"public_identification_id":"bf9a22abfca54040ac26067d832eca66","private_identification_id":"9953e9e51b3c44078558583eb9d5f134","_links":{"self":[{"href":"https:\/\/www.kritische-masse.de\/logbuch\/wp-json\/wp\/v2\/posts\/10630","targetHints":{"allow":["GET"]}}],"collection":[{"href":"https:\/\/www.kritische-masse.de\/logbuch\/wp-json\/wp\/v2\/posts"}],"about":[{"href":"https:\/\/www.kritische-masse.de\/logbuch\/wp-json\/wp\/v2\/types\/post"}],"author":[{"embeddable":true,"href":"https:\/\/www.kritische-masse.de\/logbuch\/wp-json\/wp\/v2\/users\/1"}],"replies":[{"embeddable":true,"href":"https:\/\/www.kritische-masse.de\/logbuch\/wp-json\/wp\/v2\/comments?post=10630"}],"version-history":[{"count":0,"href":"https:\/\/www.kritische-masse.de\/logbuch\/wp-json\/wp\/v2\/posts\/10630\/revisions"}],"wp:featuredmedia":[{"embeddable":true,"href":"https:\/\/www.kritische-masse.de\/logbuch\/wp-json\/wp\/v2\/media\/10639"}],"wp:attachment":[{"href":"https:\/\/www.kritische-masse.de\/logbuch\/wp-json\/wp\/v2\/media?parent=10630"}],"wp:term":[{"taxonomy":"category","embeddable":true,"href":"https:\/\/www.kritische-masse.de\/logbuch\/wp-json\/wp\/v2\/categories?post=10630"},{"taxonomy":"post_tag","embeddable":true,"href":"https:\/\/www.kritische-masse.de\/logbuch\/wp-json\/wp\/v2\/tags?post=10630"}],"curies":[{"name":"wp","href":"https:\/\/api.w.org\/{rel}","templated":true}]}}