{"id":10642,"date":"2025-01-19T19:36:49","date_gmt":"2025-01-19T18:36:49","guid":{"rendered":"https:\/\/www.kritische-masse.de\/logbuch\/?p=10642"},"modified":"2025-01-19T19:37:47","modified_gmt":"2025-01-19T18:37:47","slug":"gruendlich-kritisch-die-masse-empfiehlt-und-wundert-sich-auch-ein-bisschen","status":"publish","type":"post","link":"https:\/\/www.kritische-masse.de\/logbuch\/2025\/01\/gruendlich-kritisch-die-masse-empfiehlt-und-wundert-sich-auch-ein-bisschen\/","title":{"rendered":"Gr\u00fcndlich &#038; Kritisch \u2013 Die Masse empfiehlt und wundert sich auch ein bisschen"},"content":{"rendered":"<div class=\"shariff shariff-align-left shariff-widget-align-left\"><ul class=\"shariff-buttons theme-white orientation-horizontal buttonsize-small\"><li class=\"shariff-button mastodon shariff-nocustomcolor\" style=\"background-color:#563ACC\"><a href=\"https:\/\/s2f.kytta.dev\/?text=Gr%C3%BCndlich%20%26%20Kritisch%20%E2%80%93%20Die%20Masse%20empfiehlt%20und%20wundert%20sich%20auch%20ein%20bisschen https%3A%2F%2Fwww.kritische-masse.de%2Flogbuch%2F2025%2F01%2Fgruendlich-kritisch-die-masse-empfiehlt-und-wundert-sich-auch-ein-bisschen%2F\" title=\"Bei Mastodon teilen\" aria-label=\"Bei Mastodon teilen\" role=\"button\" rel=\"noopener nofollow\" class=\"shariff-link\" style=\"; background-color:#6364FF; color:#6364FF\" target=\"_blank\"><span class=\"shariff-icon\" style=\"fill:#6364FF\"><svg width=\"75\" height=\"79\" viewBox=\"0 0 75 79\" fill=\"none\" xmlns=\"http:\/\/www.w3.org\/2000\/svg\"><path d=\"M37.813-.025C32.462-.058 27.114.13 21.79.598c-8.544.621-17.214 5.58-20.203 13.931C-1.12 23.318.408 32.622.465 41.65c.375 7.316.943 14.78 3.392 21.73 4.365 9.465 14.781 14.537 24.782 15.385 7.64.698 15.761-.213 22.517-4.026a54.1 54.1 0 0 0 .01-6.232c-6.855 1.316-14.101 2.609-21.049 1.074-3.883-.88-6.876-4.237-7.25-8.215-1.53-3.988 3.78-.43 5.584-.883 9.048 1.224 18.282.776 27.303-.462 7.044-.837 14.26-4.788 16.65-11.833 2.263-6.135 1.215-12.79 1.698-19.177.06-3.84.09-7.692-.262-11.52C72.596 7.844 63.223.981 53.834.684a219.453 219.453 0 0 0-16.022-.71zm11.294 12.882c5.5-.067 10.801 4.143 11.67 9.653.338 1.48.471 3 .471 4.515v21.088h-8.357c-.07-7.588.153-15.182-.131-22.765-.587-4.368-7.04-5.747-9.672-2.397-2.422 3.04-1.47 7.155-1.67 10.735v6.392h-8.307c-.146-4.996.359-10.045-.404-15.002-1.108-4.218-7.809-5.565-10.094-1.666-1.685 3.046-.712 6.634-.976 9.936v14.767h-8.354c.109-8.165-.238-16.344.215-24.5.674-5.346 5.095-10.389 10.676-10.627 4.902-.739 10.103 2.038 12.053 6.631.375 1.435 1.76 1.932 1.994.084 1.844-3.704 5.501-6.739 9.785-6.771.367-.044.735-.068 1.101-.073z\"\/><defs><linearGradient id=\"paint0_linear_549_34\" x1=\"37.0692\" y1=\"0\" x2=\"37.0692\" y2=\"79\" gradientUnits=\"userSpaceOnUse\"><stop stop-color=\"#6364FF\"\/><stop offset=\"1\" stop-color=\"#563ACC\"\/><\/linearGradient><\/defs><\/svg><\/span><span class=\"shariff-text\" style=\"color:#6364FF\">teilen<\/span>&nbsp;<\/a><\/li><li class=\"shariff-button bluesky shariff-nocustomcolor\" style=\"background-color:#84c4ff\"><a href=\"https:\/\/bsky.app\/intent\/compose?text=Gr%C3%BCndlich%20%26%20Kritisch%20%E2%80%93%20Die%20Masse%20empfiehlt%20und%20wundert%20sich%20auch%20ein%20bisschen https%3A%2F%2Fwww.kritische-masse.de%2Flogbuch%2F2025%2F01%2Fgruendlich-kritisch-die-masse-empfiehlt-und-wundert-sich-auch-ein-bisschen%2F \" title=\"Bei Bluesky teilen\" aria-label=\"Bei Bluesky teilen\" role=\"button\" rel=\"noopener nofollow\" class=\"shariff-link\" style=\"; background-color:#0085ff; color:#0085ff\" target=\"_blank\"><span class=\"shariff-icon\" style=\"fill:#0085ff\"><svg width=\"20\" height=\"20\" version=\"1.1\" xmlns=\"http:\/\/www.w3.org\/2000\/svg\" viewBox=\"0 0 20 20\"><path class=\"st0\" d=\"M4.89,3.12c2.07,1.55,4.3,4.71,5.11,6.4.82-1.69,3.04-4.84,5.11-6.4,1.49-1.12,3.91-1.99,3.91.77,0,.55-.32,4.63-.5,5.3-.64,2.3-2.99,2.89-5.08,2.54,3.65.62,4.58,2.68,2.57,4.74-3.81,3.91-5.48-.98-5.9-2.23-.08-.23-.11-.34-.12-.25,0-.09-.04.02-.12.25-.43,1.25-2.09,6.14-5.9,2.23-2.01-2.06-1.08-4.12,2.57-4.74-2.09.36-4.44-.23-5.08-2.54-.19-.66-.5-4.74-.5-5.3,0-2.76,2.42-1.89,3.91-.77h0Z\"\/><\/svg><\/span><span class=\"shariff-text\" style=\"color:#0085ff\">teilen<\/span>&nbsp;<\/a><\/li><li class=\"shariff-button threema shariff-nocustomcolor shariff-mobile\" style=\"background-color:#4fbc24\"><a href=\"threema:\/\/compose?text=Gr%C3%BCndlich%20%26%20Kritisch%20%E2%80%93%20Die%20Masse%20empfiehlt%20und%20wundert%20sich%20auch%20ein%20bisschen%20https%3A%2F%2Fwww.kritische-masse.de%2Flogbuch%2F2025%2F01%2Fgruendlich-kritisch-die-masse-empfiehlt-und-wundert-sich-auch-ein-bisschen%2F\" title=\"Bei Threema teilen\" aria-label=\"Bei Threema teilen\" role=\"button\" rel=\"noopener nofollow\" class=\"shariff-link\" style=\"; background-color:#1f1f1f; color:#1f1f1f\" target=\"_blank\"><span class=\"shariff-icon\" style=\"fill:#1f1f1f\"><svg width=\"32px\" height=\"20px\" xmlns=\"http:\/\/www.w3.org\/2000\/svg\" viewBox=\"0 0 32 32\"><path fill=\"#1f1f1f\" d=\"M30.8 10.9c-0.3-1.4-0.9-2.6-1.8-3.8-2-2.6-5.5-4.5-9.4-5.2-1.3-0.2-1.9-0.3-3.5-0.3s-2.2 0-3.5 0.3c-4 0.7-7.4 2.6-9.4 5.2-0.9 1.2-1.5 2.4-1.8 3.8-0.1 0.5-0.2 1.2-0.2 1.6 0 0.4 0.1 1.1 0.2 1.6 0.4 1.9 1.3 3.4 2.9 5 0.8 0.8 0.8 0.8 0.7 1.3 0 0.6-0.5 1.6-1.7 3.6-0.3 0.5-0.5 0.9-0.5 0.9 0 0.1 0.1 0.1 0.5 0 0.8-0.2 2.3-0.6 5.6-1.6 1.1-0.3 1.3-0.4 2.3-0.4 0.8 0 1.1 0 2.3 0.2 1.5 0.2 3.5 0.2 4.9 0 5.1-0.6 9.3-2.9 11.4-6.3 0.5-0.9 0.9-1.8 1.1-2.8 0.1-0.5 0.2-1.1 0.2-1.6 0-0.7-0.1-1.1-0.2-1.6-0.3-1.4 0.1 0.5 0 0zM20.6 17.3c0 0.4-0.4 0.8-0.8 0.8h-7.7c-0.4 0-0.8-0.4-0.8-0.8v-4.6c0-0.4 0.4-0.8 0.8-0.8h0.2l0-1.6c0-0.9 0-1.8 0.1-2 0.1-0.6 0.6-1.2 1.1-1.7s1.1-0.7 1.9-0.8c1.8-0.3 3.7 0.7 4.2 2.2 0.1 0.3 0.1 0.7 0.1 2.1v0 1.7h0.1c0.4 0 0.8 0.4 0.8 0.8v4.6zM15.6 7.3c-0.5 0.1-0.8 0.3-1.2 0.6s-0.6 0.8-0.7 1.3c0 0.2 0 0.8 0 1.5l0 1.2h4.6v-1.3c0-1 0-1.4-0.1-1.6-0.3-1.1-1.5-1.9-2.6-1.7zM25.8 28.2c0 1.2-1 2.2-2.1 2.2s-2.1-1-2.1-2.1c0-1.2 1-2.1 2.2-2.1s2.2 1 2.2 2.2zM18.1 28.2c0 1.2-1 2.2-2.1 2.2s-2.1-1-2.1-2.1c0-1.2 1-2.1 2.2-2.1s2.2 1 2.2 2.2zM10.4 28.2c0 1.2-1 2.2-2.1 2.2s-2.1-1-2.1-2.1c0-1.2 1-2.1 2.2-2.1s2.2 1 2.2 2.2z\"\/><\/svg><\/span><span class=\"shariff-text\" style=\"color:#1f1f1f\">teilen<\/span>&nbsp;<\/a><\/li><li class=\"shariff-button facebook shariff-nocustomcolor\" style=\"background-color:#4273c8\"><a href=\"https:\/\/www.facebook.com\/sharer\/sharer.php?u=https%3A%2F%2Fwww.kritische-masse.de%2Flogbuch%2F2025%2F01%2Fgruendlich-kritisch-die-masse-empfiehlt-und-wundert-sich-auch-ein-bisschen%2F\" title=\"Bei Facebook teilen\" aria-label=\"Bei Facebook teilen\" role=\"button\" rel=\"nofollow\" class=\"shariff-link\" style=\"; background-color:#3b5998; color:#3b5998\" target=\"_blank\"><span class=\"shariff-icon\" style=\"fill:#3b5998\"><svg width=\"32px\" height=\"20px\" xmlns=\"http:\/\/www.w3.org\/2000\/svg\" viewBox=\"0 0 18 32\"><path fill=\"#3b5998\" d=\"M17.1 0.2v4.7h-2.8q-1.5 0-2.1 0.6t-0.5 1.9v3.4h5.2l-0.7 5.3h-4.5v13.6h-5.5v-13.6h-4.5v-5.3h4.5v-3.9q0-3.3 1.9-5.2t5-1.8q2.6 0 4.1 0.2z\"\/><\/svg><\/span><span class=\"shariff-text\" style=\"color:#3b5998\">teilen<\/span>&nbsp;<\/a><\/li><li class=\"shariff-button info shariff-nocustomcolor\" style=\"background-color:#a8a8a8\"><a href=\"http:\/\/ct.de\/-2467514\" title=\"Weitere Informationen\" aria-label=\"Weitere Informationen\" role=\"button\" rel=\"noopener \" class=\"shariff-link\" style=\"; background-color:#999; color:#999\" target=\"_blank\"><span class=\"shariff-icon\" style=\"fill:#999\"><svg width=\"32px\" height=\"20px\" xmlns=\"http:\/\/www.w3.org\/2000\/svg\" viewBox=\"0 0 11 32\"><path fill=\"#999\" d=\"M11.4 24v2.3q0 0.5-0.3 0.8t-0.8 0.4h-9.1q-0.5 0-0.8-0.4t-0.4-0.8v-2.3q0-0.5 0.4-0.8t0.8-0.4h1.1v-6.8h-1.1q-0.5 0-0.8-0.4t-0.4-0.8v-2.3q0-0.5 0.4-0.8t0.8-0.4h6.8q0.5 0 0.8 0.4t0.4 0.8v10.3h1.1q0.5 0 0.8 0.4t0.3 0.8zM9.2 3.4v3.4q0 0.5-0.4 0.8t-0.8 0.4h-4.6q-0.4 0-0.8-0.4t-0.4-0.8v-3.4q0-0.4 0.4-0.8t0.8-0.4h4.6q0.5 0 0.8 0.4t0.4 0.8z\"\/><\/svg><\/span><\/a><\/li><\/ul><\/div><p>Der Exodus aus Facebook mit Bleibeoption setzt sich fort.<\/p>\n<div id=\"ez-toc-container\" class=\"ez-toc-v2_0_82_2 ez-toc-wrap-center counter-hierarchy ez-toc-counter ez-toc-light-blue ez-toc-container-direction\">\n<div class=\"ez-toc-title-container\">\n<p class=\"ez-toc-title\" style=\"cursor:inherit\">Inhalt<\/p>\n<span class=\"ez-toc-title-toggle\"><a href=\"#\" class=\"ez-toc-pull-right ez-toc-btn ez-toc-btn-xs ez-toc-btn-default ez-toc-toggle\" aria-label=\"Toggle Table of Content\"><span class=\"ez-toc-js-icon-con\"><span class=\"\"><span class=\"eztoc-hide\" style=\"display:none;\">Toggle<\/span><span class=\"ez-toc-icon-toggle-span\"><svg style=\"fill: #999;color:#999\" xmlns=\"http:\/\/www.w3.org\/2000\/svg\" class=\"list-377408\" width=\"20px\" height=\"20px\" viewBox=\"0 0 24 24\" fill=\"none\"><path d=\"M6 6H4v2h2V6zm14 0H8v2h12V6zM4 11h2v2H4v-2zm16 0H8v2h12v-2zM4 16h2v2H4v-2zm16 0H8v2h12v-2z\" fill=\"currentColor\"><\/path><\/svg><svg style=\"fill: #999;color:#999\" class=\"arrow-unsorted-368013\" xmlns=\"http:\/\/www.w3.org\/2000\/svg\" width=\"10px\" height=\"10px\" viewBox=\"0 0 24 24\" version=\"1.2\" baseProfile=\"tiny\"><path d=\"M18.2 9.3l-6.2-6.3-6.2 6.3c-.2.2-.3.4-.3.7s.1.5.3.7c.2.2.4.3.7.3h11c.3 0 .5-.1.7-.3.2-.2.3-.5.3-.7s-.1-.5-.3-.7zM5.8 14.7l6.2 6.3 6.2-6.3c.2-.2.3-.5.3-.7s-.1-.5-.3-.7c-.2-.2-.4-.3-.7-.3h-11c-.3 0-.5.1-.7.3-.2.2-.3.5-.3.7s.1.5.3.7z\"\/><\/svg><\/span><\/span><\/span><\/a><\/span><\/div>\n<nav><ul class='ez-toc-list ez-toc-list-level-1 ' ><li class='ez-toc-page-1 ez-toc-heading-level-3'><a class=\"ez-toc-link ez-toc-heading-1\" href=\"https:\/\/www.kritische-masse.de\/logbuch\/2025\/01\/gruendlich-kritisch-die-masse-empfiehlt-und-wundert-sich-auch-ein-bisschen\/#Gezeiten_%E2%80%93_Blog_von_Heike_Rost\" >Gezeiten \u2013 Blog von Heike Rost<\/a><\/li><li class='ez-toc-page-1 ez-toc-heading-level-3'><a class=\"ez-toc-link ez-toc-heading-2\" href=\"https:\/\/www.kritische-masse.de\/logbuch\/2025\/01\/gruendlich-kritisch-die-masse-empfiehlt-und-wundert-sich-auch-ein-bisschen\/#Die_neuen_neuen_Musiktexte_sind_daha\" >Die neuen neuen Musiktexte sind daha!<\/a><\/li><li class='ez-toc-page-1 ez-toc-heading-level-3'><a class=\"ez-toc-link ez-toc-heading-3\" href=\"https:\/\/www.kritische-masse.de\/logbuch\/2025\/01\/gruendlich-kritisch-die-masse-empfiehlt-und-wundert-sich-auch-ein-bisschen\/#BBC_oeffnet_Soundarchiv\" >BBC \u00f6ffnet Soundarchiv<\/a><\/li><li class='ez-toc-page-1 ez-toc-heading-level-3'><a class=\"ez-toc-link ez-toc-heading-4\" href=\"https:\/\/www.kritische-masse.de\/logbuch\/2025\/01\/gruendlich-kritisch-die-masse-empfiehlt-und-wundert-sich-auch-ein-bisschen\/#Geburtstagsgeschenke_fuer_die_man_investieren_muss\" >Geburtstagsgeschenke f\u00fcr die man investieren muss<\/a><\/li><\/ul><\/nav><\/div>\n<h3><span class=\"ez-toc-section\" id=\"Gezeiten_%E2%80%93_Blog_von_Heike_Rost\"><\/span>Gezeiten \u2013 Blog von Heike Rost<span class=\"ez-toc-section-end\"><\/span><\/h3>\n<p>Es ist gut, wenn jetzt die Blogs wieder zu neuem Leben erwachen und f\u00fcllen. Frei von Algorithmen aus der H\u00f6lle der Kapitalanreicherungsanlagen mit unbekannter Halbwertszeit. Hier also der Hinweis auf das <a href=\"https:\/\/gezeiten.heikerost.com\/\">Blog der Fotografin Heike Rost \u201eGezeiten\u201c<\/a>.<\/p>\n<h3><span class=\"ez-toc-section\" id=\"Die_neuen_neuen_Musiktexte_sind_daha\"><\/span>Die neuen neuen Musiktexte sind daha!<span class=\"ez-toc-section-end\"><\/span><\/h3>\n<p>Gr\u00fcndlich &amp; Kritisch pr\u00e4sentieren:<\/p>\n<blockquote><p>In <a href=\"https:\/\/www.musiktexte.online\/\">dieser Ausgabe<\/a> widmet sich Friedrich Jaecker Fremdmaterial im Werk von Giacinto Scelsi, flankiert von einem hervorgeholten <i>MusikTexte<\/i>-Beitrag aus dem Jahr 1989 von Vieri Tosatti unter dem polemischen Titel \u201eGiacinto Scelsi: das bin ich\u201c. Leonie Reineke stellt im Portr\u00e4t die Komponistin Ann Cleare vor und J\u00f6rn Peter Hiekel w\u00fcrdigt Adriana H\u00f6lszky in seiner Laudatio. Zum Jahreswechsel starb der eng mit <i>MusikTexte<\/i> verbundene Komponist und Musikautor Tom Johnson, dem wir einen Nachruf widmen. Ein Bericht zu postkolonialem Futurismus und anderem auf der Bremer biennale aktuelle musik und ein Beitrag \u00fcber ein interdisziplin\u00e4res Projekt zum Fischsterben in der Oder geben Einblicke in aktuelle Tendenzen.\u00a0Und zu guter Letzt: Die Pilotfolge unseres <i>MusikTexte-Podcast <\/i>ist online.<\/p><\/blockquote>\n<figure id=\"attachment_10643\" aria-describedby=\"caption-attachment-10643\" style=\"width: 840px\" class=\"wp-caption aligncenter\"><a href=\"https:\/\/www.musiktexte.online\/\"><img data-recalc-dims=\"1\" loading=\"lazy\" decoding=\"async\" data-attachment-id=\"10643\" data-permalink=\"https:\/\/www.kritische-masse.de\/logbuch\/2025\/01\/gruendlich-kritisch-die-masse-empfiehlt-und-wundert-sich-auch-ein-bisschen\/musiktexte-e-v\/\" data-orig-file=\"https:\/\/i0.wp.com\/www.kritische-masse.de\/logbuch\/wp-content\/uploads\/2025\/01\/MusikTexte-e-V-.png?fit=2688%2C1088&amp;ssl=1\" data-orig-size=\"2688,1088\" data-comments-opened=\"1\" data-image-meta=\"{&quot;aperture&quot;:&quot;0&quot;,&quot;credit&quot;:&quot;&quot;,&quot;camera&quot;:&quot;&quot;,&quot;caption&quot;:&quot;&quot;,&quot;created_timestamp&quot;:&quot;0&quot;,&quot;copyright&quot;:&quot;&quot;,&quot;focal_length&quot;:&quot;0&quot;,&quot;iso&quot;:&quot;0&quot;,&quot;shutter_speed&quot;:&quot;0&quot;,&quot;title&quot;:&quot;&quot;,&quot;orientation&quot;:&quot;0&quot;}\" data-image-title=\"MusikTexte e V\" data-image-description=\"&lt;p&gt;MusikTexte e V&lt;\/p&gt;\n\" data-image-caption=\"&lt;p&gt;MusikTexte e V&lt;\/p&gt;\n\" data-large-file=\"https:\/\/i0.wp.com\/www.kritische-masse.de\/logbuch\/wp-content\/uploads\/2025\/01\/MusikTexte-e-V-.png?fit=1024%2C414&amp;ssl=1\" class=\"size-large wp-image-10643\" title=\"MusikTexte e V\" src=\"https:\/\/i0.wp.com\/www.kritische-masse.de\/logbuch\/wp-content\/uploads\/2025\/01\/MusikTexte-e-V-.png?resize=840%2C340&#038;ssl=1\" alt=\"MusikTexte e V\" width=\"840\" height=\"340\" srcset=\"https:\/\/i0.wp.com\/www.kritische-masse.de\/logbuch\/wp-content\/uploads\/2025\/01\/MusikTexte-e-V-.png?resize=1024%2C414&amp;ssl=1 1024w, https:\/\/i0.wp.com\/www.kritische-masse.de\/logbuch\/wp-content\/uploads\/2025\/01\/MusikTexte-e-V-.png?resize=300%2C121&amp;ssl=1 300w, https:\/\/i0.wp.com\/www.kritische-masse.de\/logbuch\/wp-content\/uploads\/2025\/01\/MusikTexte-e-V-.png?resize=768%2C311&amp;ssl=1 768w, https:\/\/i0.wp.com\/www.kritische-masse.de\/logbuch\/wp-content\/uploads\/2025\/01\/MusikTexte-e-V-.png?resize=1536%2C622&amp;ssl=1 1536w, https:\/\/i0.wp.com\/www.kritische-masse.de\/logbuch\/wp-content\/uploads\/2025\/01\/MusikTexte-e-V-.png?resize=2048%2C829&amp;ssl=1 2048w, https:\/\/i0.wp.com\/www.kritische-masse.de\/logbuch\/wp-content\/uploads\/2025\/01\/MusikTexte-e-V-.png?resize=1320%2C534&amp;ssl=1 1320w, https:\/\/i0.wp.com\/www.kritische-masse.de\/logbuch\/wp-content\/uploads\/2025\/01\/MusikTexte-e-V-.png?w=2400&amp;ssl=1 2400w\" sizes=\"auto, (max-width: 840px) 100vw, 840px\" \/><\/a><figcaption id=\"caption-attachment-10643\" class=\"wp-caption-text\">MusikTexte e V<\/figcaption><\/figure>\n<p>Man daf\u00fcr nur recht dankbar sein. Denn auf diese Weise wird das Erbe der ersten Generation der MusikTexte um Reinhard Oehschl\u00e4gel und Gisela Gronemeyer (respektive umgekehrt) fortgesetzt. Den Podcast habe ich noch nicht geh\u00f6rt (wann hat man so viele Zeit, sich anlabern zu lassen, auch wenn es nur um die 20 Minuten sind?). Die Mischung aus Alt und Neu ist dabei ganz vorz\u00fcglich. Aber es ist zugleich fast unkomisch, dass ich vom Versterben von Tom Johnson gar nichts mitbekommen hatte. Das ist mir schleierhaft, wo ich doch sonst in den sozialen Netzen jeden Pups mitbekomme. <a href=\"https:\/\/www.nytimes.com\/2025\/01\/04\/arts\/music\/tom-johnson-dead.html\">In den New York Times findet es was l\u00e4ngeres<\/a>. Und eben bei den <a href=\"https:\/\/www.musiktexte.online\/ausgaben\/januar-2025\/der-finder-von-musik\">MusikTextenOnline von Rainer Nonnenmann<\/a>.<\/p>\n<p>Was anderes \u2026<\/p>\n<h3><span class=\"ez-toc-section\" id=\"BBC_oeffnet_Soundarchiv\"><\/span>BBC \u00f6ffnet Soundarchiv<span class=\"ez-toc-section-end\"><\/span><\/h3>\n<p>Mehr muss man auch nicht dazu sagen, die BBC \u00f6ffnet ihr <a href=\"https:\/\/sound-effects.bbcrewind.co.uk\/\">Soundarchiv<\/a> zur freien Nutzung.<\/p>\n<h3><span class=\"ez-toc-section\" id=\"Geburtstagsgeschenke_fuer_die_man_investieren_muss\"><\/span>Geburtstagsgeschenke f\u00fcr die man investieren muss<span class=\"ez-toc-section-end\"><\/span><\/h3>\n<p>Mir ist es nach wie vor schleierhaft, welche Marketing-Idee dahinter steht, Menschen daran zu erinnern, dass sie bald Geburtstag haben. So als ob das ein Fest sei, das durch nichts zu toppen w\u00e4re. Au\u00dfer durch die Mildt\u00e4tigkeit der Firmen, die einen daran erinnern:<\/p>\n<p>Die Shopapotheke hat ein sensationelles Angebot:<\/p>\n<figure id=\"attachment_10644\" aria-describedby=\"caption-attachment-10644\" style=\"width: 2940px\" class=\"wp-caption aligncenter\"><img data-recalc-dims=\"1\" loading=\"lazy\" decoding=\"async\" data-attachment-id=\"10644\" data-permalink=\"https:\/\/www.kritische-masse.de\/logbuch\/2025\/01\/gruendlich-kritisch-die-masse-empfiehlt-und-wundert-sich-auch-ein-bisschen\/shop-apotheke\/\" data-orig-file=\"https:\/\/i0.wp.com\/www.kritische-masse.de\/logbuch\/wp-content\/uploads\/2025\/01\/Shop-Apotheke.png?fit=2940%2C1616&amp;ssl=1\" data-orig-size=\"2940,1616\" data-comments-opened=\"1\" data-image-meta=\"{&quot;aperture&quot;:&quot;0&quot;,&quot;credit&quot;:&quot;&quot;,&quot;camera&quot;:&quot;&quot;,&quot;caption&quot;:&quot;&quot;,&quot;created_timestamp&quot;:&quot;0&quot;,&quot;copyright&quot;:&quot;&quot;,&quot;focal_length&quot;:&quot;0&quot;,&quot;iso&quot;:&quot;0&quot;,&quot;shutter_speed&quot;:&quot;0&quot;,&quot;title&quot;:&quot;&quot;,&quot;orientation&quot;:&quot;0&quot;}\" data-image-title=\"Shop Apotheke\" data-image-description=\"&lt;p&gt;Shop Apotheke&lt;\/p&gt;\n\" data-image-caption=\"&lt;p&gt;Shop Apotheke&lt;\/p&gt;\n\" data-large-file=\"https:\/\/i0.wp.com\/www.kritische-masse.de\/logbuch\/wp-content\/uploads\/2025\/01\/Shop-Apotheke.png?fit=1024%2C563&amp;ssl=1\" class=\"wp-image-10644 size-full\" title=\"Shop Apotheke\" src=\"https:\/\/i0.wp.com\/www.kritische-masse.de\/logbuch\/wp-content\/uploads\/2025\/01\/Shop-Apotheke.png?resize=1200%2C660&#038;ssl=1\" alt=\"Shop Apotheke\" width=\"1200\" height=\"660\" srcset=\"https:\/\/i0.wp.com\/www.kritische-masse.de\/logbuch\/wp-content\/uploads\/2025\/01\/Shop-Apotheke.png?w=2940&amp;ssl=1 2940w, https:\/\/i0.wp.com\/www.kritische-masse.de\/logbuch\/wp-content\/uploads\/2025\/01\/Shop-Apotheke.png?resize=300%2C165&amp;ssl=1 300w, https:\/\/i0.wp.com\/www.kritische-masse.de\/logbuch\/wp-content\/uploads\/2025\/01\/Shop-Apotheke.png?resize=1024%2C563&amp;ssl=1 1024w, https:\/\/i0.wp.com\/www.kritische-masse.de\/logbuch\/wp-content\/uploads\/2025\/01\/Shop-Apotheke.png?resize=768%2C422&amp;ssl=1 768w, https:\/\/i0.wp.com\/www.kritische-masse.de\/logbuch\/wp-content\/uploads\/2025\/01\/Shop-Apotheke.png?resize=1536%2C844&amp;ssl=1 1536w, https:\/\/i0.wp.com\/www.kritische-masse.de\/logbuch\/wp-content\/uploads\/2025\/01\/Shop-Apotheke.png?resize=2048%2C1126&amp;ssl=1 2048w, https:\/\/i0.wp.com\/www.kritische-masse.de\/logbuch\/wp-content\/uploads\/2025\/01\/Shop-Apotheke.png?resize=1320%2C726&amp;ssl=1 1320w, https:\/\/i0.wp.com\/www.kritische-masse.de\/logbuch\/wp-content\/uploads\/2025\/01\/Shop-Apotheke.png?w=2400&amp;ssl=1 2400w\" sizes=\"auto, (max-width: 1200px) 100vw, 1200px\" \/><figcaption id=\"caption-attachment-10644\" class=\"wp-caption-text\">Shop Apotheke<\/figcaption><\/figure>\n<p>dm l\u00e4sst sich da auch nicht lumpen.<\/p>\n<figure id=\"attachment_10645\" aria-describedby=\"caption-attachment-10645\" style=\"width: 1210px\" class=\"wp-caption aligncenter\"><img data-recalc-dims=\"1\" loading=\"lazy\" decoding=\"async\" data-attachment-id=\"10645\" data-permalink=\"https:\/\/www.kritische-masse.de\/logbuch\/2025\/01\/gruendlich-kritisch-die-masse-empfiehlt-und-wundert-sich-auch-ein-bisschen\/martin-bald-hast-du-geburtstag-%f0%9f%8e%89\/\" data-orig-file=\"https:\/\/i0.wp.com\/www.kritische-masse.de\/logbuch\/wp-content\/uploads\/2025\/01\/Martin-bald-hast-Du-Geburtstag-%F0%9F%8E%89.png?fit=1210%2C4028&amp;ssl=1\" data-orig-size=\"1210,4028\" data-comments-opened=\"1\" data-image-meta=\"{&quot;aperture&quot;:&quot;0&quot;,&quot;credit&quot;:&quot;&quot;,&quot;camera&quot;:&quot;&quot;,&quot;caption&quot;:&quot;&quot;,&quot;created_timestamp&quot;:&quot;0&quot;,&quot;copyright&quot;:&quot;&quot;,&quot;focal_length&quot;:&quot;0&quot;,&quot;iso&quot;:&quot;0&quot;,&quot;shutter_speed&quot;:&quot;0&quot;,&quot;title&quot;:&quot;&quot;,&quot;orientation&quot;:&quot;0&quot;}\" data-image-title=\"Martin bald hast Du Geburtstag \ud83c\udf89\" data-image-description=\"&lt;p&gt;Martin bald hast Du Geburtstag \ud83c\udf89&lt;\/p&gt;\n\" data-image-caption=\"&lt;p&gt;Martin bald hast Du Geburtstag \ud83c\udf89&lt;\/p&gt;\n\" data-large-file=\"https:\/\/i0.wp.com\/www.kritische-masse.de\/logbuch\/wp-content\/uploads\/2025\/01\/Martin-bald-hast-Du-Geburtstag-%F0%9F%8E%89.png?fit=308%2C1024&amp;ssl=1\" class=\"wp-image-10645 size-full\" title=\"Martin bald hast Du Geburtstag \ud83c\udf89\" src=\"https:\/\/i0.wp.com\/www.kritische-masse.de\/logbuch\/wp-content\/uploads\/2025\/01\/Martin-bald-hast-Du-Geburtstag-%F0%9F%8E%89.png?resize=1200%2C3995&#038;ssl=1\" alt=\"Martin bald hast Du Geburtstag \ud83c\udf89\" width=\"1200\" height=\"3995\" srcset=\"https:\/\/i0.wp.com\/www.kritische-masse.de\/logbuch\/wp-content\/uploads\/2025\/01\/Martin-bald-hast-Du-Geburtstag-%F0%9F%8E%89.png?w=1210&amp;ssl=1 1210w, https:\/\/i0.wp.com\/www.kritische-masse.de\/logbuch\/wp-content\/uploads\/2025\/01\/Martin-bald-hast-Du-Geburtstag-%F0%9F%8E%89.png?resize=90%2C300&amp;ssl=1 90w, https:\/\/i0.wp.com\/www.kritische-masse.de\/logbuch\/wp-content\/uploads\/2025\/01\/Martin-bald-hast-Du-Geburtstag-%F0%9F%8E%89.png?resize=308%2C1024&amp;ssl=1 308w, https:\/\/i0.wp.com\/www.kritische-masse.de\/logbuch\/wp-content\/uploads\/2025\/01\/Martin-bald-hast-Du-Geburtstag-%F0%9F%8E%89.png?resize=768%2C2557&amp;ssl=1 768w, https:\/\/i0.wp.com\/www.kritische-masse.de\/logbuch\/wp-content\/uploads\/2025\/01\/Martin-bald-hast-Du-Geburtstag-%F0%9F%8E%89.png?resize=461%2C1536&amp;ssl=1 461w, https:\/\/i0.wp.com\/www.kritische-masse.de\/logbuch\/wp-content\/uploads\/2025\/01\/Martin-bald-hast-Du-Geburtstag-%F0%9F%8E%89.png?resize=615%2C2048&amp;ssl=1 615w\" sizes=\"auto, (max-width: 1200px) 100vw, 1200px\" \/><figcaption id=\"caption-attachment-10645\" class=\"wp-caption-text\">Martin bald hast Du Geburtstag \ud83c\udf89<\/figcaption><\/figure>\n<p>Dagegen ist das Angebot der Stiftung Warentest tats\u00e4chlich verlockend. Ich schenke es einfach mal so in die Runde.<\/p>\n<figure id=\"attachment_10646\" aria-describedby=\"caption-attachment-10646\" style=\"width: 1224px\" class=\"wp-caption aligncenter\"><img data-recalc-dims=\"1\" loading=\"lazy\" decoding=\"async\" data-attachment-id=\"10646\" data-permalink=\"https:\/\/www.kritische-masse.de\/logbuch\/2025\/01\/gruendlich-kritisch-die-masse-empfiehlt-und-wundert-sich-auch-ein-bisschen\/hufner-ihr-geburtstagsgeschenk-wartet-auf-sie\/\" data-orig-file=\"https:\/\/i0.wp.com\/www.kritische-masse.de\/logbuch\/wp-content\/uploads\/2025\/01\/Hufner-Ihr-Geburtstagsgeschenk-wartet-auf-Sie-.png?fit=1224%2C4514&amp;ssl=1\" data-orig-size=\"1224,4514\" data-comments-opened=\"1\" data-image-meta=\"{&quot;aperture&quot;:&quot;0&quot;,&quot;credit&quot;:&quot;&quot;,&quot;camera&quot;:&quot;&quot;,&quot;caption&quot;:&quot;&quot;,&quot;created_timestamp&quot;:&quot;0&quot;,&quot;copyright&quot;:&quot;&quot;,&quot;focal_length&quot;:&quot;0&quot;,&quot;iso&quot;:&quot;0&quot;,&quot;shutter_speed&quot;:&quot;0&quot;,&quot;title&quot;:&quot;&quot;,&quot;orientation&quot;:&quot;0&quot;}\" data-image-title=\"Hufner Ihr Geburtstagsgeschenk wartet auf Sie\" data-image-description=\"&lt;p&gt;Hufner Ihr Geburtstagsgeschenk wartet auf Sie&lt;\/p&gt;\n\" data-image-caption=\"&lt;p&gt;Hufner Ihr Geburtstagsgeschenk wartet auf Sie&lt;\/p&gt;\n\" data-large-file=\"https:\/\/i0.wp.com\/www.kritische-masse.de\/logbuch\/wp-content\/uploads\/2025\/01\/Hufner-Ihr-Geburtstagsgeschenk-wartet-auf-Sie-.png?fit=278%2C1024&amp;ssl=1\" class=\"wp-image-10646 size-full\" title=\"Hufner Ihr Geburtstagsgeschenk wartet auf Sie\" src=\"https:\/\/i0.wp.com\/www.kritische-masse.de\/logbuch\/wp-content\/uploads\/2025\/01\/Hufner-Ihr-Geburtstagsgeschenk-wartet-auf-Sie-.png?resize=1200%2C4425&#038;ssl=1\" alt=\"Hufner Ihr Geburtstagsgeschenk wartet auf Sie\" width=\"1200\" height=\"4425\" srcset=\"https:\/\/i0.wp.com\/www.kritische-masse.de\/logbuch\/wp-content\/uploads\/2025\/01\/Hufner-Ihr-Geburtstagsgeschenk-wartet-auf-Sie-.png?w=1224&amp;ssl=1 1224w, https:\/\/i0.wp.com\/www.kritische-masse.de\/logbuch\/wp-content\/uploads\/2025\/01\/Hufner-Ihr-Geburtstagsgeschenk-wartet-auf-Sie-.png?resize=81%2C300&amp;ssl=1 81w, https:\/\/i0.wp.com\/www.kritische-masse.de\/logbuch\/wp-content\/uploads\/2025\/01\/Hufner-Ihr-Geburtstagsgeschenk-wartet-auf-Sie-.png?resize=278%2C1024&amp;ssl=1 278w, https:\/\/i0.wp.com\/www.kritische-masse.de\/logbuch\/wp-content\/uploads\/2025\/01\/Hufner-Ihr-Geburtstagsgeschenk-wartet-auf-Sie-.png?resize=768%2C2832&amp;ssl=1 768w, https:\/\/i0.wp.com\/www.kritische-masse.de\/logbuch\/wp-content\/uploads\/2025\/01\/Hufner-Ihr-Geburtstagsgeschenk-wartet-auf-Sie-.png?resize=555%2C2048&amp;ssl=1 555w\" sizes=\"auto, (max-width: 1200px) 100vw, 1200px\" \/><figcaption id=\"caption-attachment-10646\" class=\"wp-caption-text\">Hufner Ihr Geburtstagsgeschenk wartet auf Sie<\/figcaption><\/figure>\n<hr \/>\n<p>Ich mache mich gleich an die Arbeit und bereite ein Afrikanisches Stew vor. Rezept von Chefkoch. Da kommt dann auch noch alles rein, was raus muss aus dem K\u00fchlschrank.<\/p>\n<div class=\"shariff shariff-align-left shariff-widget-align-left\"><ul class=\"shariff-buttons theme-white orientation-horizontal buttonsize-small\"><li class=\"shariff-button mastodon shariff-nocustomcolor\" style=\"background-color:#563ACC\"><a href=\"https:\/\/s2f.kytta.dev\/?text=Gr%C3%BCndlich%20%26%20Kritisch%20%E2%80%93%20Die%20Masse%20empfiehlt%20und%20wundert%20sich%20auch%20ein%20bisschen https%3A%2F%2Fwww.kritische-masse.de%2Flogbuch%2F2025%2F01%2Fgruendlich-kritisch-die-masse-empfiehlt-und-wundert-sich-auch-ein-bisschen%2F\" title=\"Bei Mastodon teilen\" aria-label=\"Bei Mastodon teilen\" role=\"button\" rel=\"noopener nofollow\" class=\"shariff-link\" style=\"; background-color:#6364FF; color:#6364FF\" target=\"_blank\"><span class=\"shariff-icon\" style=\"fill:#6364FF\"><svg width=\"75\" height=\"79\" viewBox=\"0 0 75 79\" fill=\"none\" xmlns=\"http:\/\/www.w3.org\/2000\/svg\"><path d=\"M37.813-.025C32.462-.058 27.114.13 21.79.598c-8.544.621-17.214 5.58-20.203 13.931C-1.12 23.318.408 32.622.465 41.65c.375 7.316.943 14.78 3.392 21.73 4.365 9.465 14.781 14.537 24.782 15.385 7.64.698 15.761-.213 22.517-4.026a54.1 54.1 0 0 0 .01-6.232c-6.855 1.316-14.101 2.609-21.049 1.074-3.883-.88-6.876-4.237-7.25-8.215-1.53-3.988 3.78-.43 5.584-.883 9.048 1.224 18.282.776 27.303-.462 7.044-.837 14.26-4.788 16.65-11.833 2.263-6.135 1.215-12.79 1.698-19.177.06-3.84.09-7.692-.262-11.52C72.596 7.844 63.223.981 53.834.684a219.453 219.453 0 0 0-16.022-.71zm11.294 12.882c5.5-.067 10.801 4.143 11.67 9.653.338 1.48.471 3 .471 4.515v21.088h-8.357c-.07-7.588.153-15.182-.131-22.765-.587-4.368-7.04-5.747-9.672-2.397-2.422 3.04-1.47 7.155-1.67 10.735v6.392h-8.307c-.146-4.996.359-10.045-.404-15.002-1.108-4.218-7.809-5.565-10.094-1.666-1.685 3.046-.712 6.634-.976 9.936v14.767h-8.354c.109-8.165-.238-16.344.215-24.5.674-5.346 5.095-10.389 10.676-10.627 4.902-.739 10.103 2.038 12.053 6.631.375 1.435 1.76 1.932 1.994.084 1.844-3.704 5.501-6.739 9.785-6.771.367-.044.735-.068 1.101-.073z\"\/><defs><linearGradient id=\"paint0_linear_549_34\" x1=\"37.0692\" y1=\"0\" x2=\"37.0692\" y2=\"79\" gradientUnits=\"userSpaceOnUse\"><stop stop-color=\"#6364FF\"\/><stop offset=\"1\" stop-color=\"#563ACC\"\/><\/linearGradient><\/defs><\/svg><\/span><span class=\"shariff-text\" style=\"color:#6364FF\">teilen<\/span>&nbsp;<\/a><\/li><li class=\"shariff-button bluesky shariff-nocustomcolor\" style=\"background-color:#84c4ff\"><a href=\"https:\/\/bsky.app\/intent\/compose?text=Gr%C3%BCndlich%20%26%20Kritisch%20%E2%80%93%20Die%20Masse%20empfiehlt%20und%20wundert%20sich%20auch%20ein%20bisschen https%3A%2F%2Fwww.kritische-masse.de%2Flogbuch%2F2025%2F01%2Fgruendlich-kritisch-die-masse-empfiehlt-und-wundert-sich-auch-ein-bisschen%2F \" title=\"Bei Bluesky teilen\" aria-label=\"Bei Bluesky teilen\" role=\"button\" rel=\"noopener nofollow\" class=\"shariff-link\" style=\"; background-color:#0085ff; color:#0085ff\" target=\"_blank\"><span class=\"shariff-icon\" style=\"fill:#0085ff\"><svg width=\"20\" height=\"20\" version=\"1.1\" xmlns=\"http:\/\/www.w3.org\/2000\/svg\" viewBox=\"0 0 20 20\"><path class=\"st0\" d=\"M4.89,3.12c2.07,1.55,4.3,4.71,5.11,6.4.82-1.69,3.04-4.84,5.11-6.4,1.49-1.12,3.91-1.99,3.91.77,0,.55-.32,4.63-.5,5.3-.64,2.3-2.99,2.89-5.08,2.54,3.65.62,4.58,2.68,2.57,4.74-3.81,3.91-5.48-.98-5.9-2.23-.08-.23-.11-.34-.12-.25,0-.09-.04.02-.12.25-.43,1.25-2.09,6.14-5.9,2.23-2.01-2.06-1.08-4.12,2.57-4.74-2.09.36-4.44-.23-5.08-2.54-.19-.66-.5-4.74-.5-5.3,0-2.76,2.42-1.89,3.91-.77h0Z\"\/><\/svg><\/span><span class=\"shariff-text\" style=\"color:#0085ff\">teilen<\/span>&nbsp;<\/a><\/li><li class=\"shariff-button threema shariff-nocustomcolor shariff-mobile\" style=\"background-color:#4fbc24\"><a href=\"threema:\/\/compose?text=Gr%C3%BCndlich%20%26%20Kritisch%20%E2%80%93%20Die%20Masse%20empfiehlt%20und%20wundert%20sich%20auch%20ein%20bisschen%20https%3A%2F%2Fwww.kritische-masse.de%2Flogbuch%2F2025%2F01%2Fgruendlich-kritisch-die-masse-empfiehlt-und-wundert-sich-auch-ein-bisschen%2F\" title=\"Bei Threema teilen\" aria-label=\"Bei Threema teilen\" role=\"button\" rel=\"noopener nofollow\" class=\"shariff-link\" style=\"; background-color:#1f1f1f; color:#1f1f1f\" target=\"_blank\"><span class=\"shariff-icon\" style=\"fill:#1f1f1f\"><svg width=\"32px\" height=\"20px\" xmlns=\"http:\/\/www.w3.org\/2000\/svg\" viewBox=\"0 0 32 32\"><path fill=\"#1f1f1f\" d=\"M30.8 10.9c-0.3-1.4-0.9-2.6-1.8-3.8-2-2.6-5.5-4.5-9.4-5.2-1.3-0.2-1.9-0.3-3.5-0.3s-2.2 0-3.5 0.3c-4 0.7-7.4 2.6-9.4 5.2-0.9 1.2-1.5 2.4-1.8 3.8-0.1 0.5-0.2 1.2-0.2 1.6 0 0.4 0.1 1.1 0.2 1.6 0.4 1.9 1.3 3.4 2.9 5 0.8 0.8 0.8 0.8 0.7 1.3 0 0.6-0.5 1.6-1.7 3.6-0.3 0.5-0.5 0.9-0.5 0.9 0 0.1 0.1 0.1 0.5 0 0.8-0.2 2.3-0.6 5.6-1.6 1.1-0.3 1.3-0.4 2.3-0.4 0.8 0 1.1 0 2.3 0.2 1.5 0.2 3.5 0.2 4.9 0 5.1-0.6 9.3-2.9 11.4-6.3 0.5-0.9 0.9-1.8 1.1-2.8 0.1-0.5 0.2-1.1 0.2-1.6 0-0.7-0.1-1.1-0.2-1.6-0.3-1.4 0.1 0.5 0 0zM20.6 17.3c0 0.4-0.4 0.8-0.8 0.8h-7.7c-0.4 0-0.8-0.4-0.8-0.8v-4.6c0-0.4 0.4-0.8 0.8-0.8h0.2l0-1.6c0-0.9 0-1.8 0.1-2 0.1-0.6 0.6-1.2 1.1-1.7s1.1-0.7 1.9-0.8c1.8-0.3 3.7 0.7 4.2 2.2 0.1 0.3 0.1 0.7 0.1 2.1v0 1.7h0.1c0.4 0 0.8 0.4 0.8 0.8v4.6zM15.6 7.3c-0.5 0.1-0.8 0.3-1.2 0.6s-0.6 0.8-0.7 1.3c0 0.2 0 0.8 0 1.5l0 1.2h4.6v-1.3c0-1 0-1.4-0.1-1.6-0.3-1.1-1.5-1.9-2.6-1.7zM25.8 28.2c0 1.2-1 2.2-2.1 2.2s-2.1-1-2.1-2.1c0-1.2 1-2.1 2.2-2.1s2.2 1 2.2 2.2zM18.1 28.2c0 1.2-1 2.2-2.1 2.2s-2.1-1-2.1-2.1c0-1.2 1-2.1 2.2-2.1s2.2 1 2.2 2.2zM10.4 28.2c0 1.2-1 2.2-2.1 2.2s-2.1-1-2.1-2.1c0-1.2 1-2.1 2.2-2.1s2.2 1 2.2 2.2z\"\/><\/svg><\/span><span class=\"shariff-text\" style=\"color:#1f1f1f\">teilen<\/span>&nbsp;<\/a><\/li><li class=\"shariff-button facebook shariff-nocustomcolor\" style=\"background-color:#4273c8\"><a href=\"https:\/\/www.facebook.com\/sharer\/sharer.php?u=https%3A%2F%2Fwww.kritische-masse.de%2Flogbuch%2F2025%2F01%2Fgruendlich-kritisch-die-masse-empfiehlt-und-wundert-sich-auch-ein-bisschen%2F\" title=\"Bei Facebook teilen\" aria-label=\"Bei Facebook teilen\" role=\"button\" rel=\"nofollow\" class=\"shariff-link\" style=\"; background-color:#3b5998; color:#3b5998\" target=\"_blank\"><span class=\"shariff-icon\" style=\"fill:#3b5998\"><svg width=\"32px\" height=\"20px\" xmlns=\"http:\/\/www.w3.org\/2000\/svg\" viewBox=\"0 0 18 32\"><path fill=\"#3b5998\" d=\"M17.1 0.2v4.7h-2.8q-1.5 0-2.1 0.6t-0.5 1.9v3.4h5.2l-0.7 5.3h-4.5v13.6h-5.5v-13.6h-4.5v-5.3h4.5v-3.9q0-3.3 1.9-5.2t5-1.8q2.6 0 4.1 0.2z\"\/><\/svg><\/span><span class=\"shariff-text\" style=\"color:#3b5998\">teilen<\/span>&nbsp;<\/a><\/li><li class=\"shariff-button info shariff-nocustomcolor\" style=\"background-color:#a8a8a8\"><a href=\"http:\/\/ct.de\/-2467514\" title=\"Weitere Informationen\" aria-label=\"Weitere Informationen\" role=\"button\" rel=\"noopener \" class=\"shariff-link\" style=\"; background-color:#999; color:#999\" target=\"_blank\"><span class=\"shariff-icon\" style=\"fill:#999\"><svg width=\"32px\" height=\"20px\" xmlns=\"http:\/\/www.w3.org\/2000\/svg\" viewBox=\"0 0 11 32\"><path fill=\"#999\" d=\"M11.4 24v2.3q0 0.5-0.3 0.8t-0.8 0.4h-9.1q-0.5 0-0.8-0.4t-0.4-0.8v-2.3q0-0.5 0.4-0.8t0.8-0.4h1.1v-6.8h-1.1q-0.5 0-0.8-0.4t-0.4-0.8v-2.3q0-0.5 0.4-0.8t0.8-0.4h6.8q0.5 0 0.8 0.4t0.4 0.8v10.3h1.1q0.5 0 0.8 0.4t0.3 0.8zM9.2 3.4v3.4q0 0.5-0.4 0.8t-0.8 0.4h-4.6q-0.4 0-0.8-0.4t-0.4-0.8v-3.4q0-0.4 0.4-0.8t0.8-0.4h4.6q0.5 0 0.8 0.4t0.4 0.8z\"\/><\/svg><\/span><\/a><\/li><\/ul><\/div>","protected":false},"excerpt":{"rendered":"<p>Eine neue Ausgabe der MusikTexteOnline ist \u2026 online. Jetzt mit Podcast von Hannah mit und ohne &#8220;h&#8221; am Ende. Die BBC \u00f6ffnet ihr Soundarchiv (oder hat es schon seit langem? \u2013 Empfehlung: Heike Rosts Blog Gezeiten<\/p>\n<div class=\"shariff shariff-align-left shariff-widget-align-left\"><ul class=\"shariff-buttons theme-white orientation-horizontal buttonsize-small\"><li class=\"shariff-button mastodon shariff-nocustomcolor\" style=\"background-color:#563ACC\"><a href=\"https:\/\/s2f.kytta.dev\/?text=Gr%C3%BCndlich%20%26%20Kritisch%20%E2%80%93%20Die%20Masse%20empfiehlt%20und%20wundert%20sich%20auch%20ein%20bisschen https%3A%2F%2Fwww.kritische-masse.de%2Flogbuch%2F2025%2F01%2Fgruendlich-kritisch-die-masse-empfiehlt-und-wundert-sich-auch-ein-bisschen%2F\" title=\"Bei Mastodon teilen\" aria-label=\"Bei Mastodon teilen\" role=\"button\" rel=\"noopener nofollow\" class=\"shariff-link\" style=\"; background-color:#6364FF; color:#6364FF\" target=\"_blank\"><span class=\"shariff-icon\" style=\"fill:#6364FF\"><svg width=\"75\" height=\"79\" viewBox=\"0 0 75 79\" fill=\"none\" xmlns=\"http:\/\/www.w3.org\/2000\/svg\"><path d=\"M37.813-.025C32.462-.058 27.114.13 21.79.598c-8.544.621-17.214 5.58-20.203 13.931C-1.12 23.318.408 32.622.465 41.65c.375 7.316.943 14.78 3.392 21.73 4.365 9.465 14.781 14.537 24.782 15.385 7.64.698 15.761-.213 22.517-4.026a54.1 54.1 0 0 0 .01-6.232c-6.855 1.316-14.101 2.609-21.049 1.074-3.883-.88-6.876-4.237-7.25-8.215-1.53-3.988 3.78-.43 5.584-.883 9.048 1.224 18.282.776 27.303-.462 7.044-.837 14.26-4.788 16.65-11.833 2.263-6.135 1.215-12.79 1.698-19.177.06-3.84.09-7.692-.262-11.52C72.596 7.844 63.223.981 53.834.684a219.453 219.453 0 0 0-16.022-.71zm11.294 12.882c5.5-.067 10.801 4.143 11.67 9.653.338 1.48.471 3 .471 4.515v21.088h-8.357c-.07-7.588.153-15.182-.131-22.765-.587-4.368-7.04-5.747-9.672-2.397-2.422 3.04-1.47 7.155-1.67 10.735v6.392h-8.307c-.146-4.996.359-10.045-.404-15.002-1.108-4.218-7.809-5.565-10.094-1.666-1.685 3.046-.712 6.634-.976 9.936v14.767h-8.354c.109-8.165-.238-16.344.215-24.5.674-5.346 5.095-10.389 10.676-10.627 4.902-.739 10.103 2.038 12.053 6.631.375 1.435 1.76 1.932 1.994.084 1.844-3.704 5.501-6.739 9.785-6.771.367-.044.735-.068 1.101-.073z\"\/><defs><linearGradient id=\"paint0_linear_549_34\" x1=\"37.0692\" y1=\"0\" x2=\"37.0692\" y2=\"79\" gradientUnits=\"userSpaceOnUse\"><stop stop-color=\"#6364FF\"\/><stop offset=\"1\" stop-color=\"#563ACC\"\/><\/linearGradient><\/defs><\/svg><\/span><span class=\"shariff-text\" style=\"color:#6364FF\">teilen<\/span>&nbsp;<\/a><\/li><li class=\"shariff-button bluesky shariff-nocustomcolor\" style=\"background-color:#84c4ff\"><a href=\"https:\/\/bsky.app\/intent\/compose?text=Gr%C3%BCndlich%20%26%20Kritisch%20%E2%80%93%20Die%20Masse%20empfiehlt%20und%20wundert%20sich%20auch%20ein%20bisschen https%3A%2F%2Fwww.kritische-masse.de%2Flogbuch%2F2025%2F01%2Fgruendlich-kritisch-die-masse-empfiehlt-und-wundert-sich-auch-ein-bisschen%2F \" title=\"Bei Bluesky teilen\" aria-label=\"Bei Bluesky teilen\" role=\"button\" rel=\"noopener nofollow\" class=\"shariff-link\" style=\"; background-color:#0085ff; color:#0085ff\" target=\"_blank\"><span class=\"shariff-icon\" style=\"fill:#0085ff\"><svg width=\"20\" height=\"20\" version=\"1.1\" xmlns=\"http:\/\/www.w3.org\/2000\/svg\" viewBox=\"0 0 20 20\"><path class=\"st0\" d=\"M4.89,3.12c2.07,1.55,4.3,4.71,5.11,6.4.82-1.69,3.04-4.84,5.11-6.4,1.49-1.12,3.91-1.99,3.91.77,0,.55-.32,4.63-.5,5.3-.64,2.3-2.99,2.89-5.08,2.54,3.65.62,4.58,2.68,2.57,4.74-3.81,3.91-5.48-.98-5.9-2.23-.08-.23-.11-.34-.12-.25,0-.09-.04.02-.12.25-.43,1.25-2.09,6.14-5.9,2.23-2.01-2.06-1.08-4.12,2.57-4.74-2.09.36-4.44-.23-5.08-2.54-.19-.66-.5-4.74-.5-5.3,0-2.76,2.42-1.89,3.91-.77h0Z\"\/><\/svg><\/span><span class=\"shariff-text\" style=\"color:#0085ff\">teilen<\/span>&nbsp;<\/a><\/li><li class=\"shariff-button threema shariff-nocustomcolor shariff-mobile\" style=\"background-color:#4fbc24\"><a href=\"threema:\/\/compose?text=Gr%C3%BCndlich%20%26%20Kritisch%20%E2%80%93%20Die%20Masse%20empfiehlt%20und%20wundert%20sich%20auch%20ein%20bisschen%20https%3A%2F%2Fwww.kritische-masse.de%2Flogbuch%2F2025%2F01%2Fgruendlich-kritisch-die-masse-empfiehlt-und-wundert-sich-auch-ein-bisschen%2F\" title=\"Bei Threema teilen\" aria-label=\"Bei Threema teilen\" role=\"button\" rel=\"noopener nofollow\" class=\"shariff-link\" style=\"; background-color:#1f1f1f; color:#1f1f1f\" target=\"_blank\"><span class=\"shariff-icon\" style=\"fill:#1f1f1f\"><svg width=\"32px\" height=\"20px\" xmlns=\"http:\/\/www.w3.org\/2000\/svg\" viewBox=\"0 0 32 32\"><path fill=\"#1f1f1f\" d=\"M30.8 10.9c-0.3-1.4-0.9-2.6-1.8-3.8-2-2.6-5.5-4.5-9.4-5.2-1.3-0.2-1.9-0.3-3.5-0.3s-2.2 0-3.5 0.3c-4 0.7-7.4 2.6-9.4 5.2-0.9 1.2-1.5 2.4-1.8 3.8-0.1 0.5-0.2 1.2-0.2 1.6 0 0.4 0.1 1.1 0.2 1.6 0.4 1.9 1.3 3.4 2.9 5 0.8 0.8 0.8 0.8 0.7 1.3 0 0.6-0.5 1.6-1.7 3.6-0.3 0.5-0.5 0.9-0.5 0.9 0 0.1 0.1 0.1 0.5 0 0.8-0.2 2.3-0.6 5.6-1.6 1.1-0.3 1.3-0.4 2.3-0.4 0.8 0 1.1 0 2.3 0.2 1.5 0.2 3.5 0.2 4.9 0 5.1-0.6 9.3-2.9 11.4-6.3 0.5-0.9 0.9-1.8 1.1-2.8 0.1-0.5 0.2-1.1 0.2-1.6 0-0.7-0.1-1.1-0.2-1.6-0.3-1.4 0.1 0.5 0 0zM20.6 17.3c0 0.4-0.4 0.8-0.8 0.8h-7.7c-0.4 0-0.8-0.4-0.8-0.8v-4.6c0-0.4 0.4-0.8 0.8-0.8h0.2l0-1.6c0-0.9 0-1.8 0.1-2 0.1-0.6 0.6-1.2 1.1-1.7s1.1-0.7 1.9-0.8c1.8-0.3 3.7 0.7 4.2 2.2 0.1 0.3 0.1 0.7 0.1 2.1v0 1.7h0.1c0.4 0 0.8 0.4 0.8 0.8v4.6zM15.6 7.3c-0.5 0.1-0.8 0.3-1.2 0.6s-0.6 0.8-0.7 1.3c0 0.2 0 0.8 0 1.5l0 1.2h4.6v-1.3c0-1 0-1.4-0.1-1.6-0.3-1.1-1.5-1.9-2.6-1.7zM25.8 28.2c0 1.2-1 2.2-2.1 2.2s-2.1-1-2.1-2.1c0-1.2 1-2.1 2.2-2.1s2.2 1 2.2 2.2zM18.1 28.2c0 1.2-1 2.2-2.1 2.2s-2.1-1-2.1-2.1c0-1.2 1-2.1 2.2-2.1s2.2 1 2.2 2.2zM10.4 28.2c0 1.2-1 2.2-2.1 2.2s-2.1-1-2.1-2.1c0-1.2 1-2.1 2.2-2.1s2.2 1 2.2 2.2z\"\/><\/svg><\/span><span class=\"shariff-text\" style=\"color:#1f1f1f\">teilen<\/span>&nbsp;<\/a><\/li><li class=\"shariff-button facebook shariff-nocustomcolor\" style=\"background-color:#4273c8\"><a href=\"https:\/\/www.facebook.com\/sharer\/sharer.php?u=https%3A%2F%2Fwww.kritische-masse.de%2Flogbuch%2F2025%2F01%2Fgruendlich-kritisch-die-masse-empfiehlt-und-wundert-sich-auch-ein-bisschen%2F\" title=\"Bei Facebook teilen\" aria-label=\"Bei Facebook teilen\" role=\"button\" rel=\"nofollow\" class=\"shariff-link\" style=\"; background-color:#3b5998; color:#3b5998\" target=\"_blank\"><span class=\"shariff-icon\" style=\"fill:#3b5998\"><svg width=\"32px\" height=\"20px\" xmlns=\"http:\/\/www.w3.org\/2000\/svg\" viewBox=\"0 0 18 32\"><path fill=\"#3b5998\" d=\"M17.1 0.2v4.7h-2.8q-1.5 0-2.1 0.6t-0.5 1.9v3.4h5.2l-0.7 5.3h-4.5v13.6h-5.5v-13.6h-4.5v-5.3h4.5v-3.9q0-3.3 1.9-5.2t5-1.8q2.6 0 4.1 0.2z\"\/><\/svg><\/span><span class=\"shariff-text\" style=\"color:#3b5998\">teilen<\/span>&nbsp;<\/a><\/li><li class=\"shariff-button info shariff-nocustomcolor\" style=\"background-color:#a8a8a8\"><a href=\"http:\/\/ct.de\/-2467514\" title=\"Weitere Informationen\" aria-label=\"Weitere Informationen\" role=\"button\" rel=\"noopener \" class=\"shariff-link\" style=\"; background-color:#999; color:#999\" target=\"_blank\"><span class=\"shariff-icon\" style=\"fill:#999\"><svg width=\"32px\" height=\"20px\" xmlns=\"http:\/\/www.w3.org\/2000\/svg\" viewBox=\"0 0 11 32\"><path fill=\"#999\" d=\"M11.4 24v2.3q0 0.5-0.3 0.8t-0.8 0.4h-9.1q-0.5 0-0.8-0.4t-0.4-0.8v-2.3q0-0.5 0.4-0.8t0.8-0.4h1.1v-6.8h-1.1q-0.5 0-0.8-0.4t-0.4-0.8v-2.3q0-0.5 0.4-0.8t0.8-0.4h6.8q0.5 0 0.8 0.4t0.4 0.8v10.3h1.1q0.5 0 0.8 0.4t0.3 0.8zM9.2 3.4v3.4q0 0.5-0.4 0.8t-0.8 0.4h-4.6q-0.4 0-0.8-0.4t-0.4-0.8v-3.4q0-0.4 0.4-0.8t0.8-0.4h4.6q0.5 0 0.8 0.4t0.4 0.8z\"\/><\/svg><\/span><\/a><\/li><\/ul><\/div>","protected":false},"author":1,"featured_media":10648,"comment_status":"open","ping_status":"open","sticky":false,"template":"","format":"standard","meta":{"ocean_post_layout":"","ocean_both_sidebars_style":"","ocean_both_sidebars_content_width":0,"ocean_both_sidebars_sidebars_width":0,"ocean_sidebar":"","ocean_second_sidebar":"","ocean_disable_margins":"enable","ocean_add_body_class":"","ocean_shortcode_before_top_bar":"","ocean_shortcode_after_top_bar":"","ocean_shortcode_before_header":"","ocean_shortcode_after_header":"","ocean_has_shortcode":"","ocean_shortcode_after_title":"","ocean_shortcode_before_footer_widgets":"","ocean_shortcode_after_footer_widgets":"","ocean_shortcode_before_footer_bottom":"","ocean_shortcode_after_footer_bottom":"","ocean_display_top_bar":"default","ocean_display_header":"default","ocean_header_style":"","ocean_center_header_left_menu":"","ocean_custom_header_template":"","ocean_custom_logo":0,"ocean_custom_retina_logo":0,"ocean_custom_logo_max_width":0,"ocean_custom_logo_tablet_max_width":0,"ocean_custom_logo_mobile_max_width":0,"ocean_custom_logo_max_height":0,"ocean_custom_logo_tablet_max_height":0,"ocean_custom_logo_mobile_max_height":0,"ocean_header_custom_menu":"","ocean_menu_typo_font_family":"","ocean_menu_typo_font_subset":"","ocean_menu_typo_font_size":0,"ocean_menu_typo_font_size_tablet":0,"ocean_menu_typo_font_size_mobile":0,"ocean_menu_typo_font_size_unit":"px","ocean_menu_typo_font_weight":"","ocean_menu_typo_font_weight_tablet":"","ocean_menu_typo_font_weight_mobile":"","ocean_menu_typo_transform":"","ocean_menu_typo_transform_tablet":"","ocean_menu_typo_transform_mobile":"","ocean_menu_typo_line_height":0,"ocean_menu_typo_line_height_tablet":0,"ocean_menu_typo_line_height_mobile":0,"ocean_menu_typo_line_height_unit":"","ocean_menu_typo_spacing":0,"ocean_menu_typo_spacing_tablet":0,"ocean_menu_typo_spacing_mobile":0,"ocean_menu_typo_spacing_unit":"","ocean_menu_link_color":"","ocean_menu_link_color_hover":"","ocean_menu_link_color_active":"","ocean_menu_link_background":"","ocean_menu_link_hover_background":"","ocean_menu_link_active_background":"","ocean_menu_social_links_bg":"","ocean_menu_social_hover_links_bg":"","ocean_menu_social_links_color":"","ocean_menu_social_hover_links_color":"","ocean_disable_title":"default","ocean_disable_heading":"default","ocean_post_title":"","ocean_post_subheading":"","ocean_post_title_style":"","ocean_post_title_background_color":"","ocean_post_title_background":0,"ocean_post_title_bg_image_position":"","ocean_post_title_bg_image_attachment":"","ocean_post_title_bg_image_repeat":"","ocean_post_title_bg_image_size":"","ocean_post_title_height":0,"ocean_post_title_bg_overlay":0.5,"ocean_post_title_bg_overlay_color":"","ocean_disable_breadcrumbs":"default","ocean_breadcrumbs_color":"","ocean_breadcrumbs_separator_color":"","ocean_breadcrumbs_links_color":"","ocean_breadcrumbs_links_hover_color":"","ocean_display_footer_widgets":"default","ocean_display_footer_bottom":"default","ocean_custom_footer_template":"","osh_disable_topbar_sticky":"default","osh_disable_header_sticky":"default","osh_sticky_header_style":"default","osh_sticky_header_effect":"","osh_custom_sticky_logo":0,"osh_custom_retina_sticky_logo":0,"osh_custom_sticky_logo_height":0,"osh_background_color":"","osh_links_color":"","osh_links_hover_color":"","osh_links_active_color":"","osh_links_bg_color":"","osh_links_hover_bg_color":"","osh_links_active_bg_color":"","osh_menu_social_links_color":"","osh_menu_social_hover_links_color":"","_FSMCFIC_featured_image_caption":"","_FSMCFIC_featured_image_nocaption":"","_FSMCFIC_featured_image_hide":"","_metis_text_type":"standard","_metis_text_length":2792,"_post_count":0,"_jetpack_memberships_contains_paid_content":false,"activitypub_content_warning":"","activitypub_content_visibility":"","activitypub_max_image_attachments":4,"activitypub_interaction_policy_quote":"anyone","activitypub_status":"","ocean_post_oembed":"","ocean_post_self_hosted_media":"","ocean_post_video_embed":"","ocean_link_format":"","ocean_link_format_target":"self","ocean_quote_format":"","ocean_quote_format_link":"post","ocean_gallery_link_images":"on","ocean_gallery_id":[],"footnotes":"","jetpack_publicize_message":"","jetpack_publicize_feature_enabled":true,"jetpack_social_post_already_shared":true,"jetpack_social_options":{"image_generator_settings":{"template":"highway","default_image_id":0,"font":"","enabled":false},"version":2}},"categories":[2647,2651,2652,2655,2654,2840],"tags":[4314,4316,4358,1728,1774],"class_list":["post-10642","post","type-post","status-publish","format-standard","has-post-thumbnail","hentry","category-angriffauf","category-dasnetz","category-diemusik","category-ich","category-privates","category-werbung","tag-musiktexte","tag-rainer-nonnenmann","tag-soundarchiv","tag-archiv","tag-bbc","entry","has-media"],"yoast_head":"<!-- This site is optimized with the Yoast SEO plugin v27.5 - https:\/\/yoast.com\/product\/yoast-seo-wordpress\/ -->\n<title>Gr\u00fcndlich &amp; Kritisch \u2013 Die Masse empfiehlt und wundert sich auch ein bisschen - Kritische Masse<\/title>\n<meta name=\"robots\" content=\"index, follow, max-snippet:-1, max-image-preview:large, max-video-preview:-1\" \/>\n<link rel=\"canonical\" href=\"https:\/\/www.kritische-masse.de\/logbuch\/2025\/01\/gruendlich-kritisch-die-masse-empfiehlt-und-wundert-sich-auch-ein-bisschen\/\" \/>\n<meta property=\"og:locale\" content=\"de_DE\" \/>\n<meta property=\"og:type\" content=\"article\" \/>\n<meta property=\"og:title\" content=\"Gr\u00fcndlich &amp; Kritisch \u2013 Die Masse empfiehlt und wundert sich auch ein bisschen - Kritische Masse\" \/>\n<meta property=\"og:description\" content=\"Eine neue Ausgabe der MusikTexteOnline ist \u2026 online. Jetzt mit Podcast von Hannah mit und ohne &quot;h&quot; am Ende. Die BBC \u00f6ffnet ihr Soundarchiv (oder hat es schon seit langem? \u2013 Empfehlung: Heike Rosts Blog Gezeiten\" \/>\n<meta property=\"og:url\" content=\"https:\/\/www.kritische-masse.de\/logbuch\/2025\/01\/gruendlich-kritisch-die-masse-empfiehlt-und-wundert-sich-auch-ein-bisschen\/\" \/>\n<meta property=\"og:site_name\" content=\"Kritische Masse\" \/>\n<meta property=\"article:publisher\" content=\"https:\/\/www.facebook.com\/hufner\" \/>\n<meta property=\"article:author\" content=\"https:\/\/www.facebook.com\/hufner\" \/>\n<meta property=\"article:published_time\" content=\"2025-01-19T18:36:49+00:00\" \/>\n<meta property=\"article:modified_time\" content=\"2025-01-19T18:37:47+00:00\" \/>\n<meta property=\"og:image\" content=\"https:\/\/www.kritische-masse.de\/logbuch\/wp-content\/uploads\/2025\/01\/IMG_8542-scaled.jpeg\" \/>\n\t<meta property=\"og:image:width\" content=\"2560\" \/>\n\t<meta property=\"og:image:height\" content=\"1921\" \/>\n\t<meta property=\"og:image:type\" content=\"image\/jpeg\" \/>\n<meta name=\"author\" content=\"der huflaikhan\" \/>\n<meta name=\"twitter:label1\" content=\"Verfasst von\" \/>\n\t<meta name=\"twitter:data1\" content=\"der huflaikhan\" \/>\n\t<meta name=\"twitter:label2\" content=\"Gesch\u00e4tzte Lesezeit\" \/>\n\t<meta name=\"twitter:data2\" content=\"3\u00a0Minuten\" \/>\n<script type=\"application\/ld+json\" class=\"yoast-schema-graph\">{\"@context\":\"https:\\\/\\\/schema.org\",\"@graph\":[{\"@type\":\"Article\",\"@id\":\"https:\\\/\\\/www.kritische-masse.de\\\/logbuch\\\/2025\\\/01\\\/gruendlich-kritisch-die-masse-empfiehlt-und-wundert-sich-auch-ein-bisschen\\\/#article\",\"isPartOf\":{\"@id\":\"https:\\\/\\\/www.kritische-masse.de\\\/logbuch\\\/2025\\\/01\\\/gruendlich-kritisch-die-masse-empfiehlt-und-wundert-sich-auch-ein-bisschen\\\/\"},\"author\":{\"name\":\"der huflaikhan\",\"@id\":\"https:\\\/\\\/www.kritische-masse.de\\\/logbuch\\\/#\\\/schema\\\/person\\\/14c491f46504e7f6b79db161f76def1c\"},\"headline\":\"Gr\u00fcndlich &#038; Kritisch \u2013 Die Masse empfiehlt und wundert sich auch ein bisschen\",\"datePublished\":\"2025-01-19T18:36:49+00:00\",\"dateModified\":\"2025-01-19T18:37:47+00:00\",\"mainEntityOfPage\":{\"@id\":\"https:\\\/\\\/www.kritische-masse.de\\\/logbuch\\\/2025\\\/01\\\/gruendlich-kritisch-die-masse-empfiehlt-und-wundert-sich-auch-ein-bisschen\\\/\"},\"wordCount\":489,\"commentCount\":0,\"publisher\":{\"@id\":\"https:\\\/\\\/www.kritische-masse.de\\\/logbuch\\\/#\\\/schema\\\/person\\\/14c491f46504e7f6b79db161f76def1c\"},\"image\":{\"@id\":\"https:\\\/\\\/www.kritische-masse.de\\\/logbuch\\\/2025\\\/01\\\/gruendlich-kritisch-die-masse-empfiehlt-und-wundert-sich-auch-ein-bisschen\\\/#primaryimage\"},\"thumbnailUrl\":\"https:\\\/\\\/i0.wp.com\\\/www.kritische-masse.de\\\/logbuch\\\/wp-content\\\/uploads\\\/2025\\\/01\\\/IMG_8542-scaled.jpeg?fit=2560%2C1921&ssl=1\",\"keywords\":[\"Musiktexte\",\"Rainer Nonnenmann\",\"Soundarchiv\",\"Archiv\",\"BBC\"],\"articleSection\":[\"Angriff auf \u2026\",\"das Netz\",\"die Musik\",\"Ich\",\"Privates\",\"WerbUNg\"],\"inLanguage\":\"de\",\"potentialAction\":[{\"@type\":\"CommentAction\",\"name\":\"Comment\",\"target\":[\"https:\\\/\\\/www.kritische-masse.de\\\/logbuch\\\/2025\\\/01\\\/gruendlich-kritisch-die-masse-empfiehlt-und-wundert-sich-auch-ein-bisschen\\\/#respond\"]}]},{\"@type\":\"WebPage\",\"@id\":\"https:\\\/\\\/www.kritische-masse.de\\\/logbuch\\\/2025\\\/01\\\/gruendlich-kritisch-die-masse-empfiehlt-und-wundert-sich-auch-ein-bisschen\\\/\",\"url\":\"https:\\\/\\\/www.kritische-masse.de\\\/logbuch\\\/2025\\\/01\\\/gruendlich-kritisch-die-masse-empfiehlt-und-wundert-sich-auch-ein-bisschen\\\/\",\"name\":\"Gr\u00fcndlich & Kritisch \u2013 Die Masse empfiehlt und wundert sich auch ein bisschen - Kritische Masse\",\"isPartOf\":{\"@id\":\"https:\\\/\\\/www.kritische-masse.de\\\/logbuch\\\/#website\"},\"primaryImageOfPage\":{\"@id\":\"https:\\\/\\\/www.kritische-masse.de\\\/logbuch\\\/2025\\\/01\\\/gruendlich-kritisch-die-masse-empfiehlt-und-wundert-sich-auch-ein-bisschen\\\/#primaryimage\"},\"image\":{\"@id\":\"https:\\\/\\\/www.kritische-masse.de\\\/logbuch\\\/2025\\\/01\\\/gruendlich-kritisch-die-masse-empfiehlt-und-wundert-sich-auch-ein-bisschen\\\/#primaryimage\"},\"thumbnailUrl\":\"https:\\\/\\\/i0.wp.com\\\/www.kritische-masse.de\\\/logbuch\\\/wp-content\\\/uploads\\\/2025\\\/01\\\/IMG_8542-scaled.jpeg?fit=2560%2C1921&ssl=1\",\"datePublished\":\"2025-01-19T18:36:49+00:00\",\"dateModified\":\"2025-01-19T18:37:47+00:00\",\"breadcrumb\":{\"@id\":\"https:\\\/\\\/www.kritische-masse.de\\\/logbuch\\\/2025\\\/01\\\/gruendlich-kritisch-die-masse-empfiehlt-und-wundert-sich-auch-ein-bisschen\\\/#breadcrumb\"},\"inLanguage\":\"de\",\"potentialAction\":[{\"@type\":\"ReadAction\",\"target\":[\"https:\\\/\\\/www.kritische-masse.de\\\/logbuch\\\/2025\\\/01\\\/gruendlich-kritisch-die-masse-empfiehlt-und-wundert-sich-auch-ein-bisschen\\\/\"]}]},{\"@type\":\"ImageObject\",\"inLanguage\":\"de\",\"@id\":\"https:\\\/\\\/www.kritische-masse.de\\\/logbuch\\\/2025\\\/01\\\/gruendlich-kritisch-die-masse-empfiehlt-und-wundert-sich-auch-ein-bisschen\\\/#primaryimage\",\"url\":\"https:\\\/\\\/i0.wp.com\\\/www.kritische-masse.de\\\/logbuch\\\/wp-content\\\/uploads\\\/2025\\\/01\\\/IMG_8542-scaled.jpeg?fit=2560%2C1921&ssl=1\",\"contentUrl\":\"https:\\\/\\\/i0.wp.com\\\/www.kritische-masse.de\\\/logbuch\\\/wp-content\\\/uploads\\\/2025\\\/01\\\/IMG_8542-scaled.jpeg?fit=2560%2C1921&ssl=1\",\"width\":2560,\"height\":1921,\"caption\":\"An der Ostseek\u00fcste \u2026 Foto: Hufner\"},{\"@type\":\"BreadcrumbList\",\"@id\":\"https:\\\/\\\/www.kritische-masse.de\\\/logbuch\\\/2025\\\/01\\\/gruendlich-kritisch-die-masse-empfiehlt-und-wundert-sich-auch-ein-bisschen\\\/#breadcrumb\",\"itemListElement\":[{\"@type\":\"ListItem\",\"position\":1,\"name\":\"Startseite\",\"item\":\"https:\\\/\\\/www.kritische-masse.de\\\/logbuch\\\/\"},{\"@type\":\"ListItem\",\"position\":2,\"name\":\"Gr\u00fcndlich &#038; Kritisch \u2013 Die Masse empfiehlt und wundert sich auch ein bisschen\"}]},{\"@type\":\"WebSite\",\"@id\":\"https:\\\/\\\/www.kritische-masse.de\\\/logbuch\\\/#website\",\"url\":\"https:\\\/\\\/www.kritische-masse.de\\\/logbuch\\\/\",\"name\":\"kritische masse\",\"description\":\"amt f\u00fcr vermassungsschutz\",\"publisher\":{\"@id\":\"https:\\\/\\\/www.kritische-masse.de\\\/logbuch\\\/#\\\/schema\\\/person\\\/14c491f46504e7f6b79db161f76def1c\"},\"alternateName\":\"das logbuch der kritischen masse\",\"potentialAction\":[{\"@type\":\"SearchAction\",\"target\":{\"@type\":\"EntryPoint\",\"urlTemplate\":\"https:\\\/\\\/www.kritische-masse.de\\\/logbuch\\\/?s={search_term_string}\"},\"query-input\":{\"@type\":\"PropertyValueSpecification\",\"valueRequired\":true,\"valueName\":\"search_term_string\"}}],\"inLanguage\":\"de\"},{\"@type\":[\"Person\",\"Organization\"],\"@id\":\"https:\\\/\\\/www.kritische-masse.de\\\/logbuch\\\/#\\\/schema\\\/person\\\/14c491f46504e7f6b79db161f76def1c\",\"name\":\"der huflaikhan\",\"image\":{\"@type\":\"ImageObject\",\"inLanguage\":\"de\",\"@id\":\"https:\\\/\\\/www.kritische-masse.de\\\/logbuch\\\/wp-content\\\/uploads\\\/2024\\\/01\\\/cropped-kritischmasse_man_512.jpg\",\"url\":\"https:\\\/\\\/www.kritische-masse.de\\\/logbuch\\\/wp-content\\\/uploads\\\/2024\\\/01\\\/cropped-kritischmasse_man_512.jpg\",\"contentUrl\":\"https:\\\/\\\/www.kritische-masse.de\\\/logbuch\\\/wp-content\\\/uploads\\\/2024\\\/01\\\/cropped-kritischmasse_man_512.jpg\",\"width\":512,\"height\":512,\"caption\":\"der huflaikhan\"},\"logo\":{\"@id\":\"https:\\\/\\\/www.kritische-masse.de\\\/logbuch\\\/wp-content\\\/uploads\\\/2024\\\/01\\\/cropped-kritischmasse_man_512.jpg\"},\"description\":\"Betreiber der Kritischen Masse seit 1995. Seit 2023 Wiederaufnahme. Promotion mit einer Arbeit \u00fcber Adornos kompositorische und theoretische Auseinandersetzung mit der Zw\u00f6lftontechnik. Arbeit f\u00fcr den Bayerischen und den Mitteldeutschen Rundfunk als freier Autor und Regisseur \u2013 zumindest bis Ende 2015. Online-Redaktion f\u00fcr neue musikzeitung, Jazzzeitung und Oper &amp; Tanz. Ungl\u00fccklich, aber fast taub.\",\"sameAs\":[\"https:\\\/\\\/www.kritische-masse.de\\\/logbuch\\\/\",\"https:\\\/\\\/www.facebook.com\\\/hufner\"],\"url\":\"https:\\\/\\\/www.kritische-masse.de\\\/logbuch\\\/author\\\/martin_d1juqiu5\\\/\"}]}<\/script>\n<!-- \/ Yoast SEO plugin. -->","yoast_head_json":{"title":"Gr\u00fcndlich & Kritisch \u2013 Die Masse empfiehlt und wundert sich auch ein bisschen - Kritische Masse","robots":{"index":"index","follow":"follow","max-snippet":"max-snippet:-1","max-image-preview":"max-image-preview:large","max-video-preview":"max-video-preview:-1"},"canonical":"https:\/\/www.kritische-masse.de\/logbuch\/2025\/01\/gruendlich-kritisch-die-masse-empfiehlt-und-wundert-sich-auch-ein-bisschen\/","og_locale":"de_DE","og_type":"article","og_title":"Gr\u00fcndlich & Kritisch \u2013 Die Masse empfiehlt und wundert sich auch ein bisschen - Kritische Masse","og_description":"Eine neue Ausgabe der MusikTexteOnline ist \u2026 online. Jetzt mit Podcast von Hannah mit und ohne \"h\" am Ende. Die BBC \u00f6ffnet ihr Soundarchiv (oder hat es schon seit langem? \u2013 Empfehlung: Heike Rosts Blog Gezeiten","og_url":"https:\/\/www.kritische-masse.de\/logbuch\/2025\/01\/gruendlich-kritisch-die-masse-empfiehlt-und-wundert-sich-auch-ein-bisschen\/","og_site_name":"Kritische Masse","article_publisher":"https:\/\/www.facebook.com\/hufner","article_author":"https:\/\/www.facebook.com\/hufner","article_published_time":"2025-01-19T18:36:49+00:00","article_modified_time":"2025-01-19T18:37:47+00:00","og_image":[{"width":2560,"height":1921,"url":"https:\/\/www.kritische-masse.de\/logbuch\/wp-content\/uploads\/2025\/01\/IMG_8542-scaled.jpeg","type":"image\/jpeg"}],"author":"der huflaikhan","twitter_misc":{"Verfasst von":"der huflaikhan","Gesch\u00e4tzte Lesezeit":"3\u00a0Minuten"},"schema":{"@context":"https:\/\/schema.org","@graph":[{"@type":"Article","@id":"https:\/\/www.kritische-masse.de\/logbuch\/2025\/01\/gruendlich-kritisch-die-masse-empfiehlt-und-wundert-sich-auch-ein-bisschen\/#article","isPartOf":{"@id":"https:\/\/www.kritische-masse.de\/logbuch\/2025\/01\/gruendlich-kritisch-die-masse-empfiehlt-und-wundert-sich-auch-ein-bisschen\/"},"author":{"name":"der huflaikhan","@id":"https:\/\/www.kritische-masse.de\/logbuch\/#\/schema\/person\/14c491f46504e7f6b79db161f76def1c"},"headline":"Gr\u00fcndlich &#038; Kritisch \u2013 Die Masse empfiehlt und wundert sich auch ein bisschen","datePublished":"2025-01-19T18:36:49+00:00","dateModified":"2025-01-19T18:37:47+00:00","mainEntityOfPage":{"@id":"https:\/\/www.kritische-masse.de\/logbuch\/2025\/01\/gruendlich-kritisch-die-masse-empfiehlt-und-wundert-sich-auch-ein-bisschen\/"},"wordCount":489,"commentCount":0,"publisher":{"@id":"https:\/\/www.kritische-masse.de\/logbuch\/#\/schema\/person\/14c491f46504e7f6b79db161f76def1c"},"image":{"@id":"https:\/\/www.kritische-masse.de\/logbuch\/2025\/01\/gruendlich-kritisch-die-masse-empfiehlt-und-wundert-sich-auch-ein-bisschen\/#primaryimage"},"thumbnailUrl":"https:\/\/i0.wp.com\/www.kritische-masse.de\/logbuch\/wp-content\/uploads\/2025\/01\/IMG_8542-scaled.jpeg?fit=2560%2C1921&ssl=1","keywords":["Musiktexte","Rainer Nonnenmann","Soundarchiv","Archiv","BBC"],"articleSection":["Angriff auf \u2026","das Netz","die Musik","Ich","Privates","WerbUNg"],"inLanguage":"de","potentialAction":[{"@type":"CommentAction","name":"Comment","target":["https:\/\/www.kritische-masse.de\/logbuch\/2025\/01\/gruendlich-kritisch-die-masse-empfiehlt-und-wundert-sich-auch-ein-bisschen\/#respond"]}]},{"@type":"WebPage","@id":"https:\/\/www.kritische-masse.de\/logbuch\/2025\/01\/gruendlich-kritisch-die-masse-empfiehlt-und-wundert-sich-auch-ein-bisschen\/","url":"https:\/\/www.kritische-masse.de\/logbuch\/2025\/01\/gruendlich-kritisch-die-masse-empfiehlt-und-wundert-sich-auch-ein-bisschen\/","name":"Gr\u00fcndlich & Kritisch \u2013 Die Masse empfiehlt und wundert sich auch ein bisschen - Kritische Masse","isPartOf":{"@id":"https:\/\/www.kritische-masse.de\/logbuch\/#website"},"primaryImageOfPage":{"@id":"https:\/\/www.kritische-masse.de\/logbuch\/2025\/01\/gruendlich-kritisch-die-masse-empfiehlt-und-wundert-sich-auch-ein-bisschen\/#primaryimage"},"image":{"@id":"https:\/\/www.kritische-masse.de\/logbuch\/2025\/01\/gruendlich-kritisch-die-masse-empfiehlt-und-wundert-sich-auch-ein-bisschen\/#primaryimage"},"thumbnailUrl":"https:\/\/i0.wp.com\/www.kritische-masse.de\/logbuch\/wp-content\/uploads\/2025\/01\/IMG_8542-scaled.jpeg?fit=2560%2C1921&ssl=1","datePublished":"2025-01-19T18:36:49+00:00","dateModified":"2025-01-19T18:37:47+00:00","breadcrumb":{"@id":"https:\/\/www.kritische-masse.de\/logbuch\/2025\/01\/gruendlich-kritisch-die-masse-empfiehlt-und-wundert-sich-auch-ein-bisschen\/#breadcrumb"},"inLanguage":"de","potentialAction":[{"@type":"ReadAction","target":["https:\/\/www.kritische-masse.de\/logbuch\/2025\/01\/gruendlich-kritisch-die-masse-empfiehlt-und-wundert-sich-auch-ein-bisschen\/"]}]},{"@type":"ImageObject","inLanguage":"de","@id":"https:\/\/www.kritische-masse.de\/logbuch\/2025\/01\/gruendlich-kritisch-die-masse-empfiehlt-und-wundert-sich-auch-ein-bisschen\/#primaryimage","url":"https:\/\/i0.wp.com\/www.kritische-masse.de\/logbuch\/wp-content\/uploads\/2025\/01\/IMG_8542-scaled.jpeg?fit=2560%2C1921&ssl=1","contentUrl":"https:\/\/i0.wp.com\/www.kritische-masse.de\/logbuch\/wp-content\/uploads\/2025\/01\/IMG_8542-scaled.jpeg?fit=2560%2C1921&ssl=1","width":2560,"height":1921,"caption":"An der Ostseek\u00fcste \u2026 Foto: Hufner"},{"@type":"BreadcrumbList","@id":"https:\/\/www.kritische-masse.de\/logbuch\/2025\/01\/gruendlich-kritisch-die-masse-empfiehlt-und-wundert-sich-auch-ein-bisschen\/#breadcrumb","itemListElement":[{"@type":"ListItem","position":1,"name":"Startseite","item":"https:\/\/www.kritische-masse.de\/logbuch\/"},{"@type":"ListItem","position":2,"name":"Gr\u00fcndlich &#038; Kritisch \u2013 Die Masse empfiehlt und wundert sich auch ein bisschen"}]},{"@type":"WebSite","@id":"https:\/\/www.kritische-masse.de\/logbuch\/#website","url":"https:\/\/www.kritische-masse.de\/logbuch\/","name":"kritische masse","description":"amt f\u00fcr vermassungsschutz","publisher":{"@id":"https:\/\/www.kritische-masse.de\/logbuch\/#\/schema\/person\/14c491f46504e7f6b79db161f76def1c"},"alternateName":"das logbuch der kritischen masse","potentialAction":[{"@type":"SearchAction","target":{"@type":"EntryPoint","urlTemplate":"https:\/\/www.kritische-masse.de\/logbuch\/?s={search_term_string}"},"query-input":{"@type":"PropertyValueSpecification","valueRequired":true,"valueName":"search_term_string"}}],"inLanguage":"de"},{"@type":["Person","Organization"],"@id":"https:\/\/www.kritische-masse.de\/logbuch\/#\/schema\/person\/14c491f46504e7f6b79db161f76def1c","name":"der huflaikhan","image":{"@type":"ImageObject","inLanguage":"de","@id":"https:\/\/www.kritische-masse.de\/logbuch\/wp-content\/uploads\/2024\/01\/cropped-kritischmasse_man_512.jpg","url":"https:\/\/www.kritische-masse.de\/logbuch\/wp-content\/uploads\/2024\/01\/cropped-kritischmasse_man_512.jpg","contentUrl":"https:\/\/www.kritische-masse.de\/logbuch\/wp-content\/uploads\/2024\/01\/cropped-kritischmasse_man_512.jpg","width":512,"height":512,"caption":"der huflaikhan"},"logo":{"@id":"https:\/\/www.kritische-masse.de\/logbuch\/wp-content\/uploads\/2024\/01\/cropped-kritischmasse_man_512.jpg"},"description":"Betreiber der Kritischen Masse seit 1995. Seit 2023 Wiederaufnahme. Promotion mit einer Arbeit \u00fcber Adornos kompositorische und theoretische Auseinandersetzung mit der Zw\u00f6lftontechnik. Arbeit f\u00fcr den Bayerischen und den Mitteldeutschen Rundfunk als freier Autor und Regisseur \u2013 zumindest bis Ende 2015. Online-Redaktion f\u00fcr neue musikzeitung, Jazzzeitung und Oper &amp; Tanz. Ungl\u00fccklich, aber fast taub.","sameAs":["https:\/\/www.kritische-masse.de\/logbuch\/","https:\/\/www.facebook.com\/hufner"],"url":"https:\/\/www.kritische-masse.de\/logbuch\/author\/martin_d1juqiu5\/"}]}},"jetpack_publicize_connections":[],"jetpack_featured_media_url":"https:\/\/i0.wp.com\/www.kritische-masse.de\/logbuch\/wp-content\/uploads\/2025\/01\/IMG_8542-scaled.jpeg?fit=2560%2C1921&ssl=1","categories_names":["Angriff auf \u2026","das Netz","die Musik","Ich","Privates","WerbUNg"],"post_class":[["post-10642","post","type-post","status-publish","format-standard","has-post-thumbnail","hentry","category-angriffauf","category-dasnetz","category-diemusik","category-ich","category-privates","category-werbung","tag-musiktexte","tag-rainer-nonnenmann","tag-soundarchiv","tag-archiv","tag-bbc","entry","has-media"]],"author_avatar":["<img alt='' src='https:\/\/secure.gravatar.com\/avatar\/c23aee426d58e69f14ef471114d4cac215eec702ee1bc331e2a62ea77e96ed60?s=96&#038;d=blank&#038;r=g' srcset='https:\/\/secure.gravatar.com\/avatar\/c23aee426d58e69f14ef471114d4cac215eec702ee1bc331e2a62ea77e96ed60?s=192&#038;d=blank&#038;r=g 2x' class='avatar avatar-96 photo' height='96' width='96' loading='lazy' decoding='async'\/>"],"featured_video":null,"jetpack-related-posts":[{"id":10344,"url":"https:\/\/www.kritische-masse.de\/logbuch\/2024\/10\/die-musiktexte-sind-zurueck\/","url_meta":{"origin":10642,"position":0},"title":"Die Musiktexte sind zur\u00fcck!","author":"der huflaikhan","date":"24. Oktober 2024","format":false,"excerpt":"Nach dem Tod von Gisela Gronemeyer ist die Musik-Zeitschrift musiktexte leider eingeschlafen. Genau genommen ist sie zum Stillstand gekommen. Ohne Gisela Gronemeyer ging da nix mehr. Es war ganz offenbar organisatorisch und finanziell alles an ihre Person gebunden. Im Moment bem\u00fcht man sich, die alten Hefte der Musiktexte dann zu\u2026","rel":"","context":"In &quot;Enzyklop\u00e4die der Kritischen Masse&quot;","block_context":{"text":"Enzyklop\u00e4die der Kritischen Masse","link":"https:\/\/www.kritische-masse.de\/logbuch\/category\/enzyklopaedie-der-kritischen-masse\/"},"img":{"alt_text":"musiktexte online","src":"https:\/\/i0.wp.com\/www.kritische-masse.de\/logbuch\/wp-content\/uploads\/2024\/10\/mt-logo-rgb-standard-positiv-v1.jpg?fit=603%2C480&ssl=1&resize=350%2C200","width":350,"height":200,"srcset":"https:\/\/i0.wp.com\/www.kritische-masse.de\/logbuch\/wp-content\/uploads\/2024\/10\/mt-logo-rgb-standard-positiv-v1.jpg?fit=603%2C480&ssl=1&resize=350%2C200 1x, https:\/\/i0.wp.com\/www.kritische-masse.de\/logbuch\/wp-content\/uploads\/2024\/10\/mt-logo-rgb-standard-positiv-v1.jpg?fit=603%2C480&ssl=1&resize=525%2C300 1.5x"},"classes":[]},{"id":11819,"url":"https:\/\/www.kritische-masse.de\/logbuch\/2026\/02\/lies-tipp-kurtag-im-gespraech-mit-rainer-nonnenmann-februar-2026-musiktexte-e-v\/","url_meta":{"origin":10642,"position":1},"title":"Lies-Tipp: Kurt\u00e1g im Gespr\u00e4ch mit Rainer Nonnenmann ::: Februar 2026 \u2014 MusikTexte e.V.","author":"der huflaikhan","date":"16. Februar 2026","format":false,"excerpt":"Ganz im Zeichen des 100. Geburtstages von Gy\u00f6rgy Kurt\u00e1g steht die aktuelle Februar-Ausgabe der MusikTexte-Online. Hier ein bislang unver\u00f6ffentlichtes Gespr\u00e4ch, das Rainer Nonnenmann mit dem Komponisten gef\u00fchrt hat. \u201eIch habe tausend Gesichter\u201cvon Rainer NonnenmannIn dieser Ausgabe pr\u00e4sentieren wir ein bisher unver\u00f6ffentlichtes Interview von Rainer Nonnenmann mit Gy\u00f6rgy Kurt\u00e1g aus dem\u2026","rel":"","context":"In &quot;Aufgelesen&quot;","block_context":{"text":"Aufgelesen","link":"https:\/\/www.kritische-masse.de\/logbuch\/category\/aufgelesen\/"},"img":{"alt_text":"","src":"","width":0,"height":0},"classes":[]},{"id":11642,"url":"https:\/\/www.kritische-masse.de\/logbuch\/2025\/11\/kerbel\/","url_meta":{"origin":10642,"position":2},"title":"Kerbel AI und GEMA-Bockigkeiten","author":"der huflaikhan","date":"18. November 2025","format":false,"excerpt":"Kurzes Update: Gema, Musiktexte Online, Idagio, H\u00f6rbar, mf:fm \u2013 Magazin f\u00fcr freies Musiktheater. Alle h\u00f6ren keine Podcasts.","rel":"","context":"In &quot;Amt f\u00fcr Vermassungsschutz&quot;","block_context":{"text":"Amt f\u00fcr Vermassungsschutz","link":"https:\/\/www.kritische-masse.de\/logbuch\/category\/vermassungsschutz\/"},"img":{"alt_text":"#Selfie no. 33203.","src":"https:\/\/i0.wp.com\/www.kritische-masse.de\/logbuch\/wp-content\/uploads\/2025\/11\/Selfie-no.-33203.jpg?fit=806%2C806&ssl=1&resize=350%2C200","width":350,"height":200,"srcset":"https:\/\/i0.wp.com\/www.kritische-masse.de\/logbuch\/wp-content\/uploads\/2025\/11\/Selfie-no.-33203.jpg?fit=806%2C806&ssl=1&resize=350%2C200 1x, https:\/\/i0.wp.com\/www.kritische-masse.de\/logbuch\/wp-content\/uploads\/2025\/11\/Selfie-no.-33203.jpg?fit=806%2C806&ssl=1&resize=525%2C300 1.5x, https:\/\/i0.wp.com\/www.kritische-masse.de\/logbuch\/wp-content\/uploads\/2025\/11\/Selfie-no.-33203.jpg?fit=806%2C806&ssl=1&resize=700%2C400 2x"},"classes":[]},{"id":8555,"url":"https:\/\/www.kritische-masse.de\/logbuch\/2015\/05\/blogs-aktuell-abgaenge-und-zugaenge\/","url_meta":{"origin":10642,"position":3},"title":"Musik-Blogs aktuell \u2013 Abg\u00e4nge und Zug\u00e4nge","author":"der huflaikhan","date":"19. Mai 2015","format":false,"excerpt":"Blogs kommen und gehen. Auch in einer Zeit, in der man eigentlich die Hoch-Zeit dieser Spielart des Netzes als vorbei w\u00e4hnt. 2002 bis 2007 war die Deutschland, bevor die Kommerzialisierung auf der einen Seite und die Microblogger-Dienste wie Twitter und \u201edas\u201c soziale Netzwerk Facebook die Menschen mehr und mehr gebunden\u2026","rel":"","context":"In &quot;das Netz&quot;","block_context":{"text":"das Netz","link":"https:\/\/www.kritische-masse.de\/logbuch\/category\/angriffauf\/dasnetz\/"},"img":{"alt_text":"","src":"","width":0,"height":0},"classes":[]},{"id":11422,"url":"https:\/\/www.kritische-masse.de\/logbuch\/2025\/09\/ai-und-wang-und-das-warten-monotonie-71-beethoven-bumms\/","url_meta":{"origin":10642,"position":4},"title":"AI und Wang und das Warten \u2013 Monotonie 71 \u2013 Beethoven-Bumms","author":"der huflaikhan","date":"3. September 2025","format":false,"excerpt":"Krause im Gemeindeamt +++ Bechers Bilanz mit Orgeln in K\u00f6ln, Pellworm und Reykjavik +++ Beethovenfest mit UltraBumms und wokem Gesch\u00e4ftsmodell +++ Monoton 71 +++ KI- und Zollnews +++ Kann weg? Katholische Kirchenmusik","rel":"","context":"In &quot;die Politik&quot;","block_context":{"text":"die Politik","link":"https:\/\/www.kritische-masse.de\/logbuch\/category\/angriffauf\/die-politik\/"},"img":{"alt_text":"Das Warten im Gemeindeamt macht was mit einem.","src":"https:\/\/i0.wp.com\/www.kritische-masse.de\/logbuch\/wp-content\/uploads\/2025\/09\/Das-Warten-im-Gemeindeamt-macht-was-mit-einem.jpg?fit=900%2C1200&ssl=1&resize=350%2C200","width":350,"height":200,"srcset":"https:\/\/i0.wp.com\/www.kritische-masse.de\/logbuch\/wp-content\/uploads\/2025\/09\/Das-Warten-im-Gemeindeamt-macht-was-mit-einem.jpg?fit=900%2C1200&ssl=1&resize=350%2C200 1x, https:\/\/i0.wp.com\/www.kritische-masse.de\/logbuch\/wp-content\/uploads\/2025\/09\/Das-Warten-im-Gemeindeamt-macht-was-mit-einem.jpg?fit=900%2C1200&ssl=1&resize=525%2C300 1.5x, https:\/\/i0.wp.com\/www.kritische-masse.de\/logbuch\/wp-content\/uploads\/2025\/09\/Das-Warten-im-Gemeindeamt-macht-was-mit-einem.jpg?fit=900%2C1200&ssl=1&resize=700%2C400 2x"},"classes":[]},{"id":10794,"url":"https:\/\/www.kritische-masse.de\/logbuch\/2025\/03\/gerhart-baum-die-gema-und-die-besorgten-von-damals\/","url_meta":{"origin":10642,"position":5},"title":"Gerhart Baum, die GEMA und die Besorgten von 2016","author":"der huflaikhan","date":"16. M\u00e4rz 2025","format":false,"excerpt":"Die GEMA-Sache wird wieder lauter. Die Reform muss weg +++ Helmut Lachenmann \u00fcber Gerhart Baum +++ Parteienforscher Falter 2016 \u00fcber die AfD und die Gr\u00fcnen. War Mist. +++ Ich bin besorgt, aber wen interessiert das?","rel":"","context":"In &quot;die Politik&quot;","block_context":{"text":"die Politik","link":"https:\/\/www.kritische-masse.de\/logbuch\/category\/angriffauf\/die-politik\/"},"img":{"alt_text":"musik fu\u0308r drei. foto: hufner","src":"https:\/\/i0.wp.com\/www.kritische-masse.de\/logbuch\/wp-content\/uploads\/2025\/03\/musik-fuer-drei.jpg?fit=1200%2C900&ssl=1&resize=350%2C200","width":350,"height":200,"srcset":"https:\/\/i0.wp.com\/www.kritische-masse.de\/logbuch\/wp-content\/uploads\/2025\/03\/musik-fuer-drei.jpg?fit=1200%2C900&ssl=1&resize=350%2C200 1x, https:\/\/i0.wp.com\/www.kritische-masse.de\/logbuch\/wp-content\/uploads\/2025\/03\/musik-fuer-drei.jpg?fit=1200%2C900&ssl=1&resize=525%2C300 1.5x, https:\/\/i0.wp.com\/www.kritische-masse.de\/logbuch\/wp-content\/uploads\/2025\/03\/musik-fuer-drei.jpg?fit=1200%2C900&ssl=1&resize=700%2C400 2x, https:\/\/i0.wp.com\/www.kritische-masse.de\/logbuch\/wp-content\/uploads\/2025\/03\/musik-fuer-drei.jpg?fit=1200%2C900&ssl=1&resize=1050%2C600 3x"},"classes":[]}],"jetpack_sharing_enabled":true,"public_identification_id":"3e4e140811714c60885a900f6570cb85","private_identification_id":"91b8ed8ec05b41c69060ea6032df339c","_links":{"self":[{"href":"https:\/\/www.kritische-masse.de\/logbuch\/wp-json\/wp\/v2\/posts\/10642","targetHints":{"allow":["GET"]}}],"collection":[{"href":"https:\/\/www.kritische-masse.de\/logbuch\/wp-json\/wp\/v2\/posts"}],"about":[{"href":"https:\/\/www.kritische-masse.de\/logbuch\/wp-json\/wp\/v2\/types\/post"}],"author":[{"embeddable":true,"href":"https:\/\/www.kritische-masse.de\/logbuch\/wp-json\/wp\/v2\/users\/1"}],"replies":[{"embeddable":true,"href":"https:\/\/www.kritische-masse.de\/logbuch\/wp-json\/wp\/v2\/comments?post=10642"}],"version-history":[{"count":0,"href":"https:\/\/www.kritische-masse.de\/logbuch\/wp-json\/wp\/v2\/posts\/10642\/revisions"}],"wp:featuredmedia":[{"embeddable":true,"href":"https:\/\/www.kritische-masse.de\/logbuch\/wp-json\/wp\/v2\/media\/10648"}],"wp:attachment":[{"href":"https:\/\/www.kritische-masse.de\/logbuch\/wp-json\/wp\/v2\/media?parent=10642"}],"wp:term":[{"taxonomy":"category","embeddable":true,"href":"https:\/\/www.kritische-masse.de\/logbuch\/wp-json\/wp\/v2\/categories?post=10642"},{"taxonomy":"post_tag","embeddable":true,"href":"https:\/\/www.kritische-masse.de\/logbuch\/wp-json\/wp\/v2\/tags?post=10642"}],"curies":[{"name":"wp","href":"https:\/\/api.w.org\/{rel}","templated":true}]}}