{"id":10652,"date":"2025-01-20T23:57:23","date_gmt":"2025-01-20T22:57:23","guid":{"rendered":"https:\/\/www.kritische-masse.de\/logbuch\/?p=10652"},"modified":"2025-01-21T08:31:23","modified_gmt":"2025-01-21T07:31:23","slug":"das-ende-der-welt-ist-nicht-das-ende-der-welt","status":"publish","type":"post","link":"https:\/\/www.kritische-masse.de\/logbuch\/2025\/01\/das-ende-der-welt-ist-nicht-das-ende-der-welt\/","title":{"rendered":"Das Ende der Welt ist nicht das Ende der Welt"},"content":{"rendered":"<div class=\"shariff shariff-align-left shariff-widget-align-left\"><ul class=\"shariff-buttons theme-white orientation-horizontal buttonsize-small\"><li class=\"shariff-button mastodon shariff-nocustomcolor\" style=\"background-color:#563ACC\"><a href=\"https:\/\/s2f.kytta.dev\/?text=Das%20Ende%20der%20Welt%20ist%20nicht%20das%20Ende%20der%20Welt https%3A%2F%2Fwww.kritische-masse.de%2Flogbuch%2F2025%2F01%2Fdas-ende-der-welt-ist-nicht-das-ende-der-welt%2F\" title=\"Bei Mastodon teilen\" aria-label=\"Bei Mastodon teilen\" role=\"button\" rel=\"noopener nofollow\" class=\"shariff-link\" style=\"; background-color:#6364FF; color:#6364FF\" target=\"_blank\"><span class=\"shariff-icon\" style=\"fill:#6364FF\"><svg width=\"75\" height=\"79\" viewBox=\"0 0 75 79\" fill=\"none\" xmlns=\"http:\/\/www.w3.org\/2000\/svg\"><path d=\"M37.813-.025C32.462-.058 27.114.13 21.79.598c-8.544.621-17.214 5.58-20.203 13.931C-1.12 23.318.408 32.622.465 41.65c.375 7.316.943 14.78 3.392 21.73 4.365 9.465 14.781 14.537 24.782 15.385 7.64.698 15.761-.213 22.517-4.026a54.1 54.1 0 0 0 .01-6.232c-6.855 1.316-14.101 2.609-21.049 1.074-3.883-.88-6.876-4.237-7.25-8.215-1.53-3.988 3.78-.43 5.584-.883 9.048 1.224 18.282.776 27.303-.462 7.044-.837 14.26-4.788 16.65-11.833 2.263-6.135 1.215-12.79 1.698-19.177.06-3.84.09-7.692-.262-11.52C72.596 7.844 63.223.981 53.834.684a219.453 219.453 0 0 0-16.022-.71zm11.294 12.882c5.5-.067 10.801 4.143 11.67 9.653.338 1.48.471 3 .471 4.515v21.088h-8.357c-.07-7.588.153-15.182-.131-22.765-.587-4.368-7.04-5.747-9.672-2.397-2.422 3.04-1.47 7.155-1.67 10.735v6.392h-8.307c-.146-4.996.359-10.045-.404-15.002-1.108-4.218-7.809-5.565-10.094-1.666-1.685 3.046-.712 6.634-.976 9.936v14.767h-8.354c.109-8.165-.238-16.344.215-24.5.674-5.346 5.095-10.389 10.676-10.627 4.902-.739 10.103 2.038 12.053 6.631.375 1.435 1.76 1.932 1.994.084 1.844-3.704 5.501-6.739 9.785-6.771.367-.044.735-.068 1.101-.073z\"\/><defs><linearGradient id=\"paint0_linear_549_34\" x1=\"37.0692\" y1=\"0\" x2=\"37.0692\" y2=\"79\" gradientUnits=\"userSpaceOnUse\"><stop stop-color=\"#6364FF\"\/><stop offset=\"1\" stop-color=\"#563ACC\"\/><\/linearGradient><\/defs><\/svg><\/span><span class=\"shariff-text\" style=\"color:#6364FF\">teilen<\/span>&nbsp;<\/a><\/li><li class=\"shariff-button bluesky shariff-nocustomcolor\" style=\"background-color:#84c4ff\"><a href=\"https:\/\/bsky.app\/intent\/compose?text=Das%20Ende%20der%20Welt%20ist%20nicht%20das%20Ende%20der%20Welt https%3A%2F%2Fwww.kritische-masse.de%2Flogbuch%2F2025%2F01%2Fdas-ende-der-welt-ist-nicht-das-ende-der-welt%2F \" title=\"Bei Bluesky teilen\" aria-label=\"Bei Bluesky teilen\" role=\"button\" rel=\"noopener nofollow\" class=\"shariff-link\" style=\"; background-color:#0085ff; color:#0085ff\" target=\"_blank\"><span class=\"shariff-icon\" style=\"fill:#0085ff\"><svg width=\"20\" height=\"20\" version=\"1.1\" xmlns=\"http:\/\/www.w3.org\/2000\/svg\" viewBox=\"0 0 20 20\"><path class=\"st0\" d=\"M4.89,3.12c2.07,1.55,4.3,4.71,5.11,6.4.82-1.69,3.04-4.84,5.11-6.4,1.49-1.12,3.91-1.99,3.91.77,0,.55-.32,4.63-.5,5.3-.64,2.3-2.99,2.89-5.08,2.54,3.65.62,4.58,2.68,2.57,4.74-3.81,3.91-5.48-.98-5.9-2.23-.08-.23-.11-.34-.12-.25,0-.09-.04.02-.12.25-.43,1.25-2.09,6.14-5.9,2.23-2.01-2.06-1.08-4.12,2.57-4.74-2.09.36-4.44-.23-5.08-2.54-.19-.66-.5-4.74-.5-5.3,0-2.76,2.42-1.89,3.91-.77h0Z\"\/><\/svg><\/span><span class=\"shariff-text\" style=\"color:#0085ff\">teilen<\/span>&nbsp;<\/a><\/li><li class=\"shariff-button threema shariff-nocustomcolor shariff-mobile\" style=\"background-color:#4fbc24\"><a href=\"threema:\/\/compose?text=Das%20Ende%20der%20Welt%20ist%20nicht%20das%20Ende%20der%20Welt%20https%3A%2F%2Fwww.kritische-masse.de%2Flogbuch%2F2025%2F01%2Fdas-ende-der-welt-ist-nicht-das-ende-der-welt%2F\" title=\"Bei Threema teilen\" aria-label=\"Bei Threema teilen\" role=\"button\" rel=\"noopener nofollow\" class=\"shariff-link\" style=\"; background-color:#1f1f1f; color:#1f1f1f\" target=\"_blank\"><span class=\"shariff-icon\" style=\"fill:#1f1f1f\"><svg width=\"32px\" height=\"20px\" xmlns=\"http:\/\/www.w3.org\/2000\/svg\" viewBox=\"0 0 32 32\"><path fill=\"#1f1f1f\" d=\"M30.8 10.9c-0.3-1.4-0.9-2.6-1.8-3.8-2-2.6-5.5-4.5-9.4-5.2-1.3-0.2-1.9-0.3-3.5-0.3s-2.2 0-3.5 0.3c-4 0.7-7.4 2.6-9.4 5.2-0.9 1.2-1.5 2.4-1.8 3.8-0.1 0.5-0.2 1.2-0.2 1.6 0 0.4 0.1 1.1 0.2 1.6 0.4 1.9 1.3 3.4 2.9 5 0.8 0.8 0.8 0.8 0.7 1.3 0 0.6-0.5 1.6-1.7 3.6-0.3 0.5-0.5 0.9-0.5 0.9 0 0.1 0.1 0.1 0.5 0 0.8-0.2 2.3-0.6 5.6-1.6 1.1-0.3 1.3-0.4 2.3-0.4 0.8 0 1.1 0 2.3 0.2 1.5 0.2 3.5 0.2 4.9 0 5.1-0.6 9.3-2.9 11.4-6.3 0.5-0.9 0.9-1.8 1.1-2.8 0.1-0.5 0.2-1.1 0.2-1.6 0-0.7-0.1-1.1-0.2-1.6-0.3-1.4 0.1 0.5 0 0zM20.6 17.3c0 0.4-0.4 0.8-0.8 0.8h-7.7c-0.4 0-0.8-0.4-0.8-0.8v-4.6c0-0.4 0.4-0.8 0.8-0.8h0.2l0-1.6c0-0.9 0-1.8 0.1-2 0.1-0.6 0.6-1.2 1.1-1.7s1.1-0.7 1.9-0.8c1.8-0.3 3.7 0.7 4.2 2.2 0.1 0.3 0.1 0.7 0.1 2.1v0 1.7h0.1c0.4 0 0.8 0.4 0.8 0.8v4.6zM15.6 7.3c-0.5 0.1-0.8 0.3-1.2 0.6s-0.6 0.8-0.7 1.3c0 0.2 0 0.8 0 1.5l0 1.2h4.6v-1.3c0-1 0-1.4-0.1-1.6-0.3-1.1-1.5-1.9-2.6-1.7zM25.8 28.2c0 1.2-1 2.2-2.1 2.2s-2.1-1-2.1-2.1c0-1.2 1-2.1 2.2-2.1s2.2 1 2.2 2.2zM18.1 28.2c0 1.2-1 2.2-2.1 2.2s-2.1-1-2.1-2.1c0-1.2 1-2.1 2.2-2.1s2.2 1 2.2 2.2zM10.4 28.2c0 1.2-1 2.2-2.1 2.2s-2.1-1-2.1-2.1c0-1.2 1-2.1 2.2-2.1s2.2 1 2.2 2.2z\"\/><\/svg><\/span><span class=\"shariff-text\" style=\"color:#1f1f1f\">teilen<\/span>&nbsp;<\/a><\/li><li class=\"shariff-button facebook shariff-nocustomcolor\" style=\"background-color:#4273c8\"><a href=\"https:\/\/www.facebook.com\/sharer\/sharer.php?u=https%3A%2F%2Fwww.kritische-masse.de%2Flogbuch%2F2025%2F01%2Fdas-ende-der-welt-ist-nicht-das-ende-der-welt%2F\" title=\"Bei Facebook teilen\" aria-label=\"Bei Facebook teilen\" role=\"button\" rel=\"nofollow\" class=\"shariff-link\" style=\"; background-color:#3b5998; color:#3b5998\" target=\"_blank\"><span class=\"shariff-icon\" style=\"fill:#3b5998\"><svg width=\"32px\" height=\"20px\" xmlns=\"http:\/\/www.w3.org\/2000\/svg\" viewBox=\"0 0 18 32\"><path fill=\"#3b5998\" d=\"M17.1 0.2v4.7h-2.8q-1.5 0-2.1 0.6t-0.5 1.9v3.4h5.2l-0.7 5.3h-4.5v13.6h-5.5v-13.6h-4.5v-5.3h4.5v-3.9q0-3.3 1.9-5.2t5-1.8q2.6 0 4.1 0.2z\"\/><\/svg><\/span><span class=\"shariff-text\" style=\"color:#3b5998\">teilen<\/span>&nbsp;<\/a><\/li><li class=\"shariff-button info shariff-nocustomcolor\" style=\"background-color:#a8a8a8\"><a href=\"http:\/\/ct.de\/-2467514\" title=\"Weitere Informationen\" aria-label=\"Weitere Informationen\" role=\"button\" rel=\"noopener \" class=\"shariff-link\" style=\"; background-color:#999; color:#999\" target=\"_blank\"><span class=\"shariff-icon\" style=\"fill:#999\"><svg width=\"32px\" height=\"20px\" xmlns=\"http:\/\/www.w3.org\/2000\/svg\" viewBox=\"0 0 11 32\"><path fill=\"#999\" d=\"M11.4 24v2.3q0 0.5-0.3 0.8t-0.8 0.4h-9.1q-0.5 0-0.8-0.4t-0.4-0.8v-2.3q0-0.5 0.4-0.8t0.8-0.4h1.1v-6.8h-1.1q-0.5 0-0.8-0.4t-0.4-0.8v-2.3q0-0.5 0.4-0.8t0.8-0.4h6.8q0.5 0 0.8 0.4t0.4 0.8v10.3h1.1q0.5 0 0.8 0.4t0.3 0.8zM9.2 3.4v3.4q0 0.5-0.4 0.8t-0.8 0.4h-4.6q-0.4 0-0.8-0.4t-0.4-0.8v-3.4q0-0.4 0.4-0.8t0.8-0.4h4.6q0.5 0 0.8 0.4t0.4 0.8z\"\/><\/svg><\/span><\/a><\/li><\/ul><\/div><p>Ich versuche mit meinen Liebsten immer Anfang des Jahres einen Besuch zur Erholung am Rande von Zingst zu machen. Nach Neujahr (+ ein paar Tage) wird es schlagartig leer hier, ganz im Osten der Insel am Strand. In diesem Jahr haben wir uns zehn N\u00e4chte geg\u00f6nnt. Es handelt sich um eine Anlage mit lauter auf alte Reetdachtradition gemachten Ferienh\u00e4usern. So ca. 27 Jahre alt. Da kann man relativ bequem mit einem Hund unterkommen. Jedenfalls in einigen Wohnungen. Die Gr\u00f6\u00dfen schwanken in Staffeln um die 40, 50, 70 und 120 Quadratmeter Fl\u00e4che.<\/p>\n<p>Die Telefonnetze schaffen es kaum, das Gebiet abzudecken. Fr\u00fcher bin ich zum Telefonieren nach drau\u00dfen gegangen. Das hat mir die M\u00f6glichkeit gegeben, gleichzeitig heimlich zu rauchen. Die Zeiten sind vorbei, was das Rauchen angeht. Die abendliche Telefonaktion mit einer unserer Mamas ist auch seit vier Jahren pass\u00e9. Ab und an gibt es Wohnungen mit Wlan-Anbindung, die wir vorzugsweise doch noch pr\u00e4ferieren. Man passt auf, dass es dabei nicht zu Arbeit wird.<\/p>\n<p>Dabei w\u00fcrde ich so gerne noch ein Buch schreiben wollen, eine Schlussanalyse der Kulturindustrie in Zeiten von schlechter Kulturpolitik, schlechtem Kulturlobbyismus, schlechtem Musikmarkt und einem Haufen verlorener Hoffnungen auf autonomes Kunstmachen. Ich sortiere gerade meine nmz-Cluster seit 1997. Das Prek\u00e4re daran ist vor allem die Erkenntnis: Alles wiederholt sich, nur die Kleider sind anders. Das betrifft aber am wenigsten die Kunst selbst, sondern ihre Verwertung und Verwaltung.<\/p>\n<p>Aber darum soll es jetzt nicht gehen.<\/p>\n<p>Hier am Ende der Welt, wird man auf fieseste Weise eingeholt vom L\u00e4rm, dem man entgehen wollte, um halt auch mal wenig zu machen. In der gesamten Zeit hier, nur ein Fahrzeug an Haus 3 aus Meiningen und zwei Fahrzeuge aus Braunschweig an Haus 14.<\/p>\n<p>Dabei war es nicht die Arbeitssituation, der man entfloh und die einen f\u00fcr zwei Tage trotzdem einholte, sondern, dass eine Eigent\u00fcmerin im gleichen Ferienhaus sich diese Tage auserkoren hat, das dortige Badezimmer renovieren zu lassen. Zwei Tage ein Sanit\u00e4r- und Heizungsfachbetrieb, der Duschwanne, Waschbecken und Toilette entfernte und neu setzte. Danach der Fliesenleger aus der H\u00f6lle, der mindestens zwei Tage s\u00e4gte und stemmte und klopfte.<\/p>\n<p>Die Eigent\u00fcmerin traf ich zuf\u00e4llig an. Sie entschuldigte sich vielmals, sie hat die Arbeiten auf jetzt gelegt, weil ja fast nie jemand in dieser Zeit hier Urlaub macht. Und sie bekr\u00e4ftigte am Freitag noch, dass in der n\u00e4chsten Woche (also heute und morgen) mindestens nichts mehr passieren w\u00fcrde. Heute um 7:30 Uhr standen die dann doch vor der T\u00fcr und legten und schnitten Fliesen. Da ist fies gewesen. Der Fliesenleger r\u00fcckt mit seinem unbeschrifteten wei\u00dfen Renault Traffic an. Ganz unbeschriftet war er allerdings nicht: Auf der rechten Heckt\u00fcre unten war zu lesen, dass er eher \u201ean die Unschuld einer Hure\u201c glaube \u201eals an die Gerechtigkeit der deutschen Justiz\u201c. Da wei\u00df man, wen man im Hause hat. Irgendwelche gef\u00e4hrliche Spinner mit Greifswalder Kennzeichen. Reichsw\u00fcrger, Nazis, Menschheitsm\u00f6rder im Geiste. Misogyn dar\u00fcberhinaus. Man m\u00f6chte mit denen nicht zusammentreffen. Immerhin hat unser Wachhund aufgepasst.<\/p>\n<p>Von zehn Tagen hier waren vier mit L\u00e4rm beschwert, zwei mit Job durchtr\u00e4nkt. Seit Jahren geht das nun schon so. Fr\u00fcher war es die Arbeit, die man mitgenommen hatte, weil sie nicht so viele andere erledigen konnten. Das ist jetzt besser. Aber l\u00e4ngst nicht gut.<\/p>\n<p>Entsch\u00e4digung kam von der Landschaft hier. Jeden Tag weite Spazierg\u00e4nge, immer war jeder Tag anders als der vorhergehende \u2013 eine Binse, nein. Sturm, Ruhe, Nebel, Sonne, K\u00e4lte, Schw\u00e4ne, G\u00e4nse, Kormorane, ein Seeadler, M\u00f6wen, Enten, Hasen, Strandl\u00e4ufer, Hunde-Qualzuchten mit Familienanhang im \u00f6ffentlichen Fruchbarkeitsbeweis, die selber Qualzuchten aus Deutsch-Nationalisten sind und sich vermehren durch Hirn- und Herzteilung. Alles da. Alle Farben. Wir sind fast immer den gleichen Weg gewandert, Richtung Strandaufgang 1. Da beginnt der Teil der Insel, der nicht von unsereinem zu betreten ist.<\/p>\n<figure id=\"attachment_10655\" aria-describedby=\"caption-attachment-10655\" style=\"width: 840px\" class=\"wp-caption aligncenter\"><img data-recalc-dims=\"1\" loading=\"lazy\" decoding=\"async\" data-attachment-id=\"10655\" data-permalink=\"https:\/\/www.kritische-masse.de\/logbuch\/2025\/01\/das-ende-der-welt-ist-nicht-das-ende-der-welt\/abschiedsbild\/\" data-orig-file=\"https:\/\/i0.wp.com\/www.kritische-masse.de\/logbuch\/wp-content\/uploads\/2025\/01\/abschiedsbild-scaled.jpeg?fit=2560%2C1580&amp;ssl=1\" data-orig-size=\"2560,1580\" data-comments-opened=\"1\" data-image-meta=\"{&quot;aperture&quot;:&quot;1.8&quot;,&quot;credit&quot;:&quot;&quot;,&quot;camera&quot;:&quot;iPhone 13 Pro&quot;,&quot;caption&quot;:&quot;&quot;,&quot;created_timestamp&quot;:&quot;1737391338&quot;,&quot;copyright&quot;:&quot;&quot;,&quot;focal_length&quot;:&quot;1.57&quot;,&quot;iso&quot;:&quot;250&quot;,&quot;shutter_speed&quot;:&quot;0.0131578947368&quot;,&quot;title&quot;:&quot;&quot;,&quot;orientation&quot;:&quot;1&quot;}\" data-image-title=\"abschiedsbild. Hufner\" data-image-description=\"&lt;p&gt;abschiedsbild. Hufner&lt;\/p&gt;\n\" data-image-caption=\"&lt;p&gt;abschiedsbild. Hufner&lt;\/p&gt;\n\" data-large-file=\"https:\/\/i0.wp.com\/www.kritische-masse.de\/logbuch\/wp-content\/uploads\/2025\/01\/abschiedsbild-scaled.jpeg?fit=1024%2C632&amp;ssl=1\" class=\"size-large wp-image-10655\" title=\"abschiedsbild. Hufner\" src=\"https:\/\/i0.wp.com\/www.kritische-masse.de\/logbuch\/wp-content\/uploads\/2025\/01\/abschiedsbild.jpeg?resize=840%2C518&#038;ssl=1\" alt=\"abschiedsbild. Hufner\" width=\"840\" height=\"518\" srcset=\"https:\/\/i0.wp.com\/www.kritische-masse.de\/logbuch\/wp-content\/uploads\/2025\/01\/abschiedsbild-scaled.jpeg?resize=1024%2C632&amp;ssl=1 1024w, https:\/\/i0.wp.com\/www.kritische-masse.de\/logbuch\/wp-content\/uploads\/2025\/01\/abschiedsbild-scaled.jpeg?resize=300%2C185&amp;ssl=1 300w, https:\/\/i0.wp.com\/www.kritische-masse.de\/logbuch\/wp-content\/uploads\/2025\/01\/abschiedsbild-scaled.jpeg?resize=768%2C474&amp;ssl=1 768w, https:\/\/i0.wp.com\/www.kritische-masse.de\/logbuch\/wp-content\/uploads\/2025\/01\/abschiedsbild-scaled.jpeg?resize=1536%2C948&amp;ssl=1 1536w, https:\/\/i0.wp.com\/www.kritische-masse.de\/logbuch\/wp-content\/uploads\/2025\/01\/abschiedsbild-scaled.jpeg?resize=2048%2C1264&amp;ssl=1 2048w, https:\/\/i0.wp.com\/www.kritische-masse.de\/logbuch\/wp-content\/uploads\/2025\/01\/abschiedsbild-scaled.jpeg?resize=1320%2C815&amp;ssl=1 1320w, https:\/\/i0.wp.com\/www.kritische-masse.de\/logbuch\/wp-content\/uploads\/2025\/01\/abschiedsbild-scaled.jpeg?w=2400&amp;ssl=1 2400w\" sizes=\"auto, (max-width: 840px) 100vw, 840px\" \/><figcaption id=\"caption-attachment-10655\" class=\"wp-caption-text\">abschiedsbild. Hufner<\/figcaption><\/figure>\n<p>Das Originalbild ist unspektakul\u00e4r. Daf\u00fcr war das nicht bannbare Bild faszinierend, l\u00e4sst sich aber nicht wiedergeben. Eine Passage am Horizont gab es da, bei der Himmel und Wasser nicht auseinanderzuhalten waren. Daneben, links und rechts, differenzierte es sich wieder verst\u00e4rkt.<\/p>\n<p><strong>Heute Geburtstag<\/strong>. Keine Feier, zahlreiche Gratulationen.<\/p>\n<p>Und geh\u00f6rt, angeblich, <a href=\"https:\/\/www.facebook.com\/lars.werdenberg\/posts\/pfbid0QfiuqDYNiK1hhwwiSP1mC3V4dyynYgAKZhXtVYaxrw23ouoyzGAbZe9TmdWX3LYql\">laut sozialen Medieninformationen<\/a>, ist <strong>Herbert Henck gestorben<\/strong>.<\/p>\n<p>Und in den USA? Lauter Fliesenleger an der Macht.<\/p>\n<p>Jetzt aber heim in den Kokon von Kleinmachnow. Am Donnerstag kommt Annalena Baerbock in die Kammerspiele \u2013 gehe ich nicht hin. Zu Hause ist die Wahlbenachrichtigung zur Wahl des Deutschen Bundestags angekommen und ein gro\u00dfer Umschlag von den GR\u00dcNEN \u2013 mal gespannt. Gegen die gerade wieder aus allen Rohren geschossen wird. Das ZDF meldet einen \u201en\u00e4chsten\u201c Super-Gau und meint dabei nicht die eigene Nachrichten- und Politikredaktion oder die des rbb, denn den Gau haben die produziert. Bernd Schweinar <a href=\"https:\/\/www.facebook.com\/bernd.schweinar\/posts\/pfbid02tNy3fRSJFtZnpAzCLdMXM3VSxdwAsqSfYjvMUce47rFvmqEbELBZEui89WpMfDUtl\">berichtet auf Facebook<\/a>, wie Bayern3 immer mehr ins Absurde und Bodenlose abdriftet.<\/p>\n<p>Man h\u00e4lt es in diesen Konstellationen immer weniger gut aus.<\/p>\n<p>Das Ende der Welt ist kein Ort, es ist ein sich beschleunigender Ablauf in der Zeit.<\/p>\n<div class=\"shariff shariff-align-left shariff-widget-align-left\"><ul class=\"shariff-buttons theme-white orientation-horizontal buttonsize-small\"><li class=\"shariff-button mastodon shariff-nocustomcolor\" style=\"background-color:#563ACC\"><a href=\"https:\/\/s2f.kytta.dev\/?text=Das%20Ende%20der%20Welt%20ist%20nicht%20das%20Ende%20der%20Welt https%3A%2F%2Fwww.kritische-masse.de%2Flogbuch%2F2025%2F01%2Fdas-ende-der-welt-ist-nicht-das-ende-der-welt%2F\" title=\"Bei Mastodon teilen\" aria-label=\"Bei Mastodon teilen\" role=\"button\" rel=\"noopener nofollow\" class=\"shariff-link\" style=\"; background-color:#6364FF; color:#6364FF\" target=\"_blank\"><span class=\"shariff-icon\" style=\"fill:#6364FF\"><svg width=\"75\" height=\"79\" viewBox=\"0 0 75 79\" fill=\"none\" xmlns=\"http:\/\/www.w3.org\/2000\/svg\"><path d=\"M37.813-.025C32.462-.058 27.114.13 21.79.598c-8.544.621-17.214 5.58-20.203 13.931C-1.12 23.318.408 32.622.465 41.65c.375 7.316.943 14.78 3.392 21.73 4.365 9.465 14.781 14.537 24.782 15.385 7.64.698 15.761-.213 22.517-4.026a54.1 54.1 0 0 0 .01-6.232c-6.855 1.316-14.101 2.609-21.049 1.074-3.883-.88-6.876-4.237-7.25-8.215-1.53-3.988 3.78-.43 5.584-.883 9.048 1.224 18.282.776 27.303-.462 7.044-.837 14.26-4.788 16.65-11.833 2.263-6.135 1.215-12.79 1.698-19.177.06-3.84.09-7.692-.262-11.52C72.596 7.844 63.223.981 53.834.684a219.453 219.453 0 0 0-16.022-.71zm11.294 12.882c5.5-.067 10.801 4.143 11.67 9.653.338 1.48.471 3 .471 4.515v21.088h-8.357c-.07-7.588.153-15.182-.131-22.765-.587-4.368-7.04-5.747-9.672-2.397-2.422 3.04-1.47 7.155-1.67 10.735v6.392h-8.307c-.146-4.996.359-10.045-.404-15.002-1.108-4.218-7.809-5.565-10.094-1.666-1.685 3.046-.712 6.634-.976 9.936v14.767h-8.354c.109-8.165-.238-16.344.215-24.5.674-5.346 5.095-10.389 10.676-10.627 4.902-.739 10.103 2.038 12.053 6.631.375 1.435 1.76 1.932 1.994.084 1.844-3.704 5.501-6.739 9.785-6.771.367-.044.735-.068 1.101-.073z\"\/><defs><linearGradient id=\"paint0_linear_549_34\" x1=\"37.0692\" y1=\"0\" x2=\"37.0692\" y2=\"79\" gradientUnits=\"userSpaceOnUse\"><stop stop-color=\"#6364FF\"\/><stop offset=\"1\" stop-color=\"#563ACC\"\/><\/linearGradient><\/defs><\/svg><\/span><span class=\"shariff-text\" style=\"color:#6364FF\">teilen<\/span>&nbsp;<\/a><\/li><li class=\"shariff-button bluesky shariff-nocustomcolor\" style=\"background-color:#84c4ff\"><a href=\"https:\/\/bsky.app\/intent\/compose?text=Das%20Ende%20der%20Welt%20ist%20nicht%20das%20Ende%20der%20Welt https%3A%2F%2Fwww.kritische-masse.de%2Flogbuch%2F2025%2F01%2Fdas-ende-der-welt-ist-nicht-das-ende-der-welt%2F \" title=\"Bei Bluesky teilen\" aria-label=\"Bei Bluesky teilen\" role=\"button\" rel=\"noopener nofollow\" class=\"shariff-link\" style=\"; background-color:#0085ff; color:#0085ff\" target=\"_blank\"><span class=\"shariff-icon\" style=\"fill:#0085ff\"><svg width=\"20\" height=\"20\" version=\"1.1\" xmlns=\"http:\/\/www.w3.org\/2000\/svg\" viewBox=\"0 0 20 20\"><path class=\"st0\" d=\"M4.89,3.12c2.07,1.55,4.3,4.71,5.11,6.4.82-1.69,3.04-4.84,5.11-6.4,1.49-1.12,3.91-1.99,3.91.77,0,.55-.32,4.63-.5,5.3-.64,2.3-2.99,2.89-5.08,2.54,3.65.62,4.58,2.68,2.57,4.74-3.81,3.91-5.48-.98-5.9-2.23-.08-.23-.11-.34-.12-.25,0-.09-.04.02-.12.25-.43,1.25-2.09,6.14-5.9,2.23-2.01-2.06-1.08-4.12,2.57-4.74-2.09.36-4.44-.23-5.08-2.54-.19-.66-.5-4.74-.5-5.3,0-2.76,2.42-1.89,3.91-.77h0Z\"\/><\/svg><\/span><span class=\"shariff-text\" style=\"color:#0085ff\">teilen<\/span>&nbsp;<\/a><\/li><li class=\"shariff-button threema shariff-nocustomcolor shariff-mobile\" style=\"background-color:#4fbc24\"><a href=\"threema:\/\/compose?text=Das%20Ende%20der%20Welt%20ist%20nicht%20das%20Ende%20der%20Welt%20https%3A%2F%2Fwww.kritische-masse.de%2Flogbuch%2F2025%2F01%2Fdas-ende-der-welt-ist-nicht-das-ende-der-welt%2F\" title=\"Bei Threema teilen\" aria-label=\"Bei Threema teilen\" role=\"button\" rel=\"noopener nofollow\" class=\"shariff-link\" style=\"; background-color:#1f1f1f; color:#1f1f1f\" target=\"_blank\"><span class=\"shariff-icon\" style=\"fill:#1f1f1f\"><svg width=\"32px\" height=\"20px\" xmlns=\"http:\/\/www.w3.org\/2000\/svg\" viewBox=\"0 0 32 32\"><path fill=\"#1f1f1f\" d=\"M30.8 10.9c-0.3-1.4-0.9-2.6-1.8-3.8-2-2.6-5.5-4.5-9.4-5.2-1.3-0.2-1.9-0.3-3.5-0.3s-2.2 0-3.5 0.3c-4 0.7-7.4 2.6-9.4 5.2-0.9 1.2-1.5 2.4-1.8 3.8-0.1 0.5-0.2 1.2-0.2 1.6 0 0.4 0.1 1.1 0.2 1.6 0.4 1.9 1.3 3.4 2.9 5 0.8 0.8 0.8 0.8 0.7 1.3 0 0.6-0.5 1.6-1.7 3.6-0.3 0.5-0.5 0.9-0.5 0.9 0 0.1 0.1 0.1 0.5 0 0.8-0.2 2.3-0.6 5.6-1.6 1.1-0.3 1.3-0.4 2.3-0.4 0.8 0 1.1 0 2.3 0.2 1.5 0.2 3.5 0.2 4.9 0 5.1-0.6 9.3-2.9 11.4-6.3 0.5-0.9 0.9-1.8 1.1-2.8 0.1-0.5 0.2-1.1 0.2-1.6 0-0.7-0.1-1.1-0.2-1.6-0.3-1.4 0.1 0.5 0 0zM20.6 17.3c0 0.4-0.4 0.8-0.8 0.8h-7.7c-0.4 0-0.8-0.4-0.8-0.8v-4.6c0-0.4 0.4-0.8 0.8-0.8h0.2l0-1.6c0-0.9 0-1.8 0.1-2 0.1-0.6 0.6-1.2 1.1-1.7s1.1-0.7 1.9-0.8c1.8-0.3 3.7 0.7 4.2 2.2 0.1 0.3 0.1 0.7 0.1 2.1v0 1.7h0.1c0.4 0 0.8 0.4 0.8 0.8v4.6zM15.6 7.3c-0.5 0.1-0.8 0.3-1.2 0.6s-0.6 0.8-0.7 1.3c0 0.2 0 0.8 0 1.5l0 1.2h4.6v-1.3c0-1 0-1.4-0.1-1.6-0.3-1.1-1.5-1.9-2.6-1.7zM25.8 28.2c0 1.2-1 2.2-2.1 2.2s-2.1-1-2.1-2.1c0-1.2 1-2.1 2.2-2.1s2.2 1 2.2 2.2zM18.1 28.2c0 1.2-1 2.2-2.1 2.2s-2.1-1-2.1-2.1c0-1.2 1-2.1 2.2-2.1s2.2 1 2.2 2.2zM10.4 28.2c0 1.2-1 2.2-2.1 2.2s-2.1-1-2.1-2.1c0-1.2 1-2.1 2.2-2.1s2.2 1 2.2 2.2z\"\/><\/svg><\/span><span class=\"shariff-text\" style=\"color:#1f1f1f\">teilen<\/span>&nbsp;<\/a><\/li><li class=\"shariff-button facebook shariff-nocustomcolor\" style=\"background-color:#4273c8\"><a href=\"https:\/\/www.facebook.com\/sharer\/sharer.php?u=https%3A%2F%2Fwww.kritische-masse.de%2Flogbuch%2F2025%2F01%2Fdas-ende-der-welt-ist-nicht-das-ende-der-welt%2F\" title=\"Bei Facebook teilen\" aria-label=\"Bei Facebook teilen\" role=\"button\" rel=\"nofollow\" class=\"shariff-link\" style=\"; background-color:#3b5998; color:#3b5998\" target=\"_blank\"><span class=\"shariff-icon\" style=\"fill:#3b5998\"><svg width=\"32px\" height=\"20px\" xmlns=\"http:\/\/www.w3.org\/2000\/svg\" viewBox=\"0 0 18 32\"><path fill=\"#3b5998\" d=\"M17.1 0.2v4.7h-2.8q-1.5 0-2.1 0.6t-0.5 1.9v3.4h5.2l-0.7 5.3h-4.5v13.6h-5.5v-13.6h-4.5v-5.3h4.5v-3.9q0-3.3 1.9-5.2t5-1.8q2.6 0 4.1 0.2z\"\/><\/svg><\/span><span class=\"shariff-text\" style=\"color:#3b5998\">teilen<\/span>&nbsp;<\/a><\/li><li class=\"shariff-button info shariff-nocustomcolor\" style=\"background-color:#a8a8a8\"><a href=\"http:\/\/ct.de\/-2467514\" title=\"Weitere Informationen\" aria-label=\"Weitere Informationen\" role=\"button\" rel=\"noopener \" class=\"shariff-link\" style=\"; background-color:#999; color:#999\" target=\"_blank\"><span class=\"shariff-icon\" style=\"fill:#999\"><svg width=\"32px\" height=\"20px\" xmlns=\"http:\/\/www.w3.org\/2000\/svg\" viewBox=\"0 0 11 32\"><path fill=\"#999\" d=\"M11.4 24v2.3q0 0.5-0.3 0.8t-0.8 0.4h-9.1q-0.5 0-0.8-0.4t-0.4-0.8v-2.3q0-0.5 0.4-0.8t0.8-0.4h1.1v-6.8h-1.1q-0.5 0-0.8-0.4t-0.4-0.8v-2.3q0-0.5 0.4-0.8t0.8-0.4h6.8q0.5 0 0.8 0.4t0.4 0.8v10.3h1.1q0.5 0 0.8 0.4t0.3 0.8zM9.2 3.4v3.4q0 0.5-0.4 0.8t-0.8 0.4h-4.6q-0.4 0-0.8-0.4t-0.4-0.8v-3.4q0-0.4 0.4-0.8t0.8-0.4h4.6q0.5 0 0.8 0.4t0.4 0.8z\"\/><\/svg><\/span><\/a><\/li><\/ul><\/div>","protected":false},"excerpt":{"rendered":"<p>Wenn die Erholung durchs nationale Handwerk torpediert wird \u2026 ein Pr\u00e4sident, der die letzte Wahl war \u2026 Farben der Fr\u00fche \u2026 Ad\u00e9 Herbert Henck \u2026 Abreise in den sozialen Kokon \u2026 Das Ende der Welt ist kein Ort, es ist ein sich beschleunigender Ablauf in der Zeit.<\/p>\n<div class=\"shariff shariff-align-left shariff-widget-align-left\"><ul class=\"shariff-buttons theme-white orientation-horizontal buttonsize-small\"><li class=\"shariff-button mastodon shariff-nocustomcolor\" style=\"background-color:#563ACC\"><a href=\"https:\/\/s2f.kytta.dev\/?text=Das%20Ende%20der%20Welt%20ist%20nicht%20das%20Ende%20der%20Welt https%3A%2F%2Fwww.kritische-masse.de%2Flogbuch%2F2025%2F01%2Fdas-ende-der-welt-ist-nicht-das-ende-der-welt%2F\" title=\"Bei Mastodon teilen\" aria-label=\"Bei Mastodon teilen\" role=\"button\" rel=\"noopener nofollow\" class=\"shariff-link\" style=\"; background-color:#6364FF; color:#6364FF\" target=\"_blank\"><span class=\"shariff-icon\" style=\"fill:#6364FF\"><svg width=\"75\" height=\"79\" viewBox=\"0 0 75 79\" fill=\"none\" xmlns=\"http:\/\/www.w3.org\/2000\/svg\"><path d=\"M37.813-.025C32.462-.058 27.114.13 21.79.598c-8.544.621-17.214 5.58-20.203 13.931C-1.12 23.318.408 32.622.465 41.65c.375 7.316.943 14.78 3.392 21.73 4.365 9.465 14.781 14.537 24.782 15.385 7.64.698 15.761-.213 22.517-4.026a54.1 54.1 0 0 0 .01-6.232c-6.855 1.316-14.101 2.609-21.049 1.074-3.883-.88-6.876-4.237-7.25-8.215-1.53-3.988 3.78-.43 5.584-.883 9.048 1.224 18.282.776 27.303-.462 7.044-.837 14.26-4.788 16.65-11.833 2.263-6.135 1.215-12.79 1.698-19.177.06-3.84.09-7.692-.262-11.52C72.596 7.844 63.223.981 53.834.684a219.453 219.453 0 0 0-16.022-.71zm11.294 12.882c5.5-.067 10.801 4.143 11.67 9.653.338 1.48.471 3 .471 4.515v21.088h-8.357c-.07-7.588.153-15.182-.131-22.765-.587-4.368-7.04-5.747-9.672-2.397-2.422 3.04-1.47 7.155-1.67 10.735v6.392h-8.307c-.146-4.996.359-10.045-.404-15.002-1.108-4.218-7.809-5.565-10.094-1.666-1.685 3.046-.712 6.634-.976 9.936v14.767h-8.354c.109-8.165-.238-16.344.215-24.5.674-5.346 5.095-10.389 10.676-10.627 4.902-.739 10.103 2.038 12.053 6.631.375 1.435 1.76 1.932 1.994.084 1.844-3.704 5.501-6.739 9.785-6.771.367-.044.735-.068 1.101-.073z\"\/><defs><linearGradient id=\"paint0_linear_549_34\" x1=\"37.0692\" y1=\"0\" x2=\"37.0692\" y2=\"79\" gradientUnits=\"userSpaceOnUse\"><stop stop-color=\"#6364FF\"\/><stop offset=\"1\" stop-color=\"#563ACC\"\/><\/linearGradient><\/defs><\/svg><\/span><span class=\"shariff-text\" style=\"color:#6364FF\">teilen<\/span>&nbsp;<\/a><\/li><li class=\"shariff-button bluesky shariff-nocustomcolor\" style=\"background-color:#84c4ff\"><a href=\"https:\/\/bsky.app\/intent\/compose?text=Das%20Ende%20der%20Welt%20ist%20nicht%20das%20Ende%20der%20Welt https%3A%2F%2Fwww.kritische-masse.de%2Flogbuch%2F2025%2F01%2Fdas-ende-der-welt-ist-nicht-das-ende-der-welt%2F \" title=\"Bei Bluesky teilen\" aria-label=\"Bei Bluesky teilen\" role=\"button\" rel=\"noopener nofollow\" class=\"shariff-link\" style=\"; background-color:#0085ff; color:#0085ff\" target=\"_blank\"><span class=\"shariff-icon\" style=\"fill:#0085ff\"><svg width=\"20\" height=\"20\" version=\"1.1\" xmlns=\"http:\/\/www.w3.org\/2000\/svg\" viewBox=\"0 0 20 20\"><path class=\"st0\" d=\"M4.89,3.12c2.07,1.55,4.3,4.71,5.11,6.4.82-1.69,3.04-4.84,5.11-6.4,1.49-1.12,3.91-1.99,3.91.77,0,.55-.32,4.63-.5,5.3-.64,2.3-2.99,2.89-5.08,2.54,3.65.62,4.58,2.68,2.57,4.74-3.81,3.91-5.48-.98-5.9-2.23-.08-.23-.11-.34-.12-.25,0-.09-.04.02-.12.25-.43,1.25-2.09,6.14-5.9,2.23-2.01-2.06-1.08-4.12,2.57-4.74-2.09.36-4.44-.23-5.08-2.54-.19-.66-.5-4.74-.5-5.3,0-2.76,2.42-1.89,3.91-.77h0Z\"\/><\/svg><\/span><span class=\"shariff-text\" style=\"color:#0085ff\">teilen<\/span>&nbsp;<\/a><\/li><li class=\"shariff-button threema shariff-nocustomcolor shariff-mobile\" style=\"background-color:#4fbc24\"><a href=\"threema:\/\/compose?text=Das%20Ende%20der%20Welt%20ist%20nicht%20das%20Ende%20der%20Welt%20https%3A%2F%2Fwww.kritische-masse.de%2Flogbuch%2F2025%2F01%2Fdas-ende-der-welt-ist-nicht-das-ende-der-welt%2F\" title=\"Bei Threema teilen\" aria-label=\"Bei Threema teilen\" role=\"button\" rel=\"noopener nofollow\" class=\"shariff-link\" style=\"; background-color:#1f1f1f; color:#1f1f1f\" target=\"_blank\"><span class=\"shariff-icon\" style=\"fill:#1f1f1f\"><svg width=\"32px\" height=\"20px\" xmlns=\"http:\/\/www.w3.org\/2000\/svg\" viewBox=\"0 0 32 32\"><path fill=\"#1f1f1f\" d=\"M30.8 10.9c-0.3-1.4-0.9-2.6-1.8-3.8-2-2.6-5.5-4.5-9.4-5.2-1.3-0.2-1.9-0.3-3.5-0.3s-2.2 0-3.5 0.3c-4 0.7-7.4 2.6-9.4 5.2-0.9 1.2-1.5 2.4-1.8 3.8-0.1 0.5-0.2 1.2-0.2 1.6 0 0.4 0.1 1.1 0.2 1.6 0.4 1.9 1.3 3.4 2.9 5 0.8 0.8 0.8 0.8 0.7 1.3 0 0.6-0.5 1.6-1.7 3.6-0.3 0.5-0.5 0.9-0.5 0.9 0 0.1 0.1 0.1 0.5 0 0.8-0.2 2.3-0.6 5.6-1.6 1.1-0.3 1.3-0.4 2.3-0.4 0.8 0 1.1 0 2.3 0.2 1.5 0.2 3.5 0.2 4.9 0 5.1-0.6 9.3-2.9 11.4-6.3 0.5-0.9 0.9-1.8 1.1-2.8 0.1-0.5 0.2-1.1 0.2-1.6 0-0.7-0.1-1.1-0.2-1.6-0.3-1.4 0.1 0.5 0 0zM20.6 17.3c0 0.4-0.4 0.8-0.8 0.8h-7.7c-0.4 0-0.8-0.4-0.8-0.8v-4.6c0-0.4 0.4-0.8 0.8-0.8h0.2l0-1.6c0-0.9 0-1.8 0.1-2 0.1-0.6 0.6-1.2 1.1-1.7s1.1-0.7 1.9-0.8c1.8-0.3 3.7 0.7 4.2 2.2 0.1 0.3 0.1 0.7 0.1 2.1v0 1.7h0.1c0.4 0 0.8 0.4 0.8 0.8v4.6zM15.6 7.3c-0.5 0.1-0.8 0.3-1.2 0.6s-0.6 0.8-0.7 1.3c0 0.2 0 0.8 0 1.5l0 1.2h4.6v-1.3c0-1 0-1.4-0.1-1.6-0.3-1.1-1.5-1.9-2.6-1.7zM25.8 28.2c0 1.2-1 2.2-2.1 2.2s-2.1-1-2.1-2.1c0-1.2 1-2.1 2.2-2.1s2.2 1 2.2 2.2zM18.1 28.2c0 1.2-1 2.2-2.1 2.2s-2.1-1-2.1-2.1c0-1.2 1-2.1 2.2-2.1s2.2 1 2.2 2.2zM10.4 28.2c0 1.2-1 2.2-2.1 2.2s-2.1-1-2.1-2.1c0-1.2 1-2.1 2.2-2.1s2.2 1 2.2 2.2z\"\/><\/svg><\/span><span class=\"shariff-text\" style=\"color:#1f1f1f\">teilen<\/span>&nbsp;<\/a><\/li><li class=\"shariff-button facebook shariff-nocustomcolor\" style=\"background-color:#4273c8\"><a href=\"https:\/\/www.facebook.com\/sharer\/sharer.php?u=https%3A%2F%2Fwww.kritische-masse.de%2Flogbuch%2F2025%2F01%2Fdas-ende-der-welt-ist-nicht-das-ende-der-welt%2F\" title=\"Bei Facebook teilen\" aria-label=\"Bei Facebook teilen\" role=\"button\" rel=\"nofollow\" class=\"shariff-link\" style=\"; background-color:#3b5998; color:#3b5998\" target=\"_blank\"><span class=\"shariff-icon\" style=\"fill:#3b5998\"><svg width=\"32px\" height=\"20px\" xmlns=\"http:\/\/www.w3.org\/2000\/svg\" viewBox=\"0 0 18 32\"><path fill=\"#3b5998\" d=\"M17.1 0.2v4.7h-2.8q-1.5 0-2.1 0.6t-0.5 1.9v3.4h5.2l-0.7 5.3h-4.5v13.6h-5.5v-13.6h-4.5v-5.3h4.5v-3.9q0-3.3 1.9-5.2t5-1.8q2.6 0 4.1 0.2z\"\/><\/svg><\/span><span class=\"shariff-text\" style=\"color:#3b5998\">teilen<\/span>&nbsp;<\/a><\/li><li class=\"shariff-button info shariff-nocustomcolor\" style=\"background-color:#a8a8a8\"><a href=\"http:\/\/ct.de\/-2467514\" title=\"Weitere Informationen\" aria-label=\"Weitere Informationen\" role=\"button\" rel=\"noopener \" class=\"shariff-link\" style=\"; background-color:#999; color:#999\" target=\"_blank\"><span class=\"shariff-icon\" style=\"fill:#999\"><svg width=\"32px\" height=\"20px\" xmlns=\"http:\/\/www.w3.org\/2000\/svg\" viewBox=\"0 0 11 32\"><path fill=\"#999\" d=\"M11.4 24v2.3q0 0.5-0.3 0.8t-0.8 0.4h-9.1q-0.5 0-0.8-0.4t-0.4-0.8v-2.3q0-0.5 0.4-0.8t0.8-0.4h1.1v-6.8h-1.1q-0.5 0-0.8-0.4t-0.4-0.8v-2.3q0-0.5 0.4-0.8t0.8-0.4h6.8q0.5 0 0.8 0.4t0.4 0.8v10.3h1.1q0.5 0 0.8 0.4t0.3 0.8zM9.2 3.4v3.4q0 0.5-0.4 0.8t-0.8 0.4h-4.6q-0.4 0-0.8-0.4t-0.4-0.8v-3.4q0-0.4 0.4-0.8t0.8-0.4h4.6q0.5 0 0.8 0.4t0.4 0.8z\"\/><\/svg><\/span><\/a><\/li><\/ul><\/div>","protected":false},"author":1,"featured_media":10655,"comment_status":"open","ping_status":"open","sticky":false,"template":"","format":"standard","meta":{"ocean_post_layout":"","ocean_both_sidebars_style":"","ocean_both_sidebars_content_width":0,"ocean_both_sidebars_sidebars_width":0,"ocean_sidebar":"","ocean_second_sidebar":"","ocean_disable_margins":"enable","ocean_add_body_class":"","ocean_shortcode_before_top_bar":"","ocean_shortcode_after_top_bar":"","ocean_shortcode_before_header":"","ocean_shortcode_after_header":"","ocean_has_shortcode":"","ocean_shortcode_after_title":"","ocean_shortcode_before_footer_widgets":"","ocean_shortcode_after_footer_widgets":"","ocean_shortcode_before_footer_bottom":"","ocean_shortcode_after_footer_bottom":"","ocean_display_top_bar":"default","ocean_display_header":"default","ocean_header_style":"","ocean_center_header_left_menu":"","ocean_custom_header_template":"","ocean_custom_logo":0,"ocean_custom_retina_logo":0,"ocean_custom_logo_max_width":0,"ocean_custom_logo_tablet_max_width":0,"ocean_custom_logo_mobile_max_width":0,"ocean_custom_logo_max_height":0,"ocean_custom_logo_tablet_max_height":0,"ocean_custom_logo_mobile_max_height":0,"ocean_header_custom_menu":"","ocean_menu_typo_font_family":"","ocean_menu_typo_font_subset":"","ocean_menu_typo_font_size":0,"ocean_menu_typo_font_size_tablet":0,"ocean_menu_typo_font_size_mobile":0,"ocean_menu_typo_font_size_unit":"px","ocean_menu_typo_font_weight":"","ocean_menu_typo_font_weight_tablet":"","ocean_menu_typo_font_weight_mobile":"","ocean_menu_typo_transform":"","ocean_menu_typo_transform_tablet":"","ocean_menu_typo_transform_mobile":"","ocean_menu_typo_line_height":0,"ocean_menu_typo_line_height_tablet":0,"ocean_menu_typo_line_height_mobile":0,"ocean_menu_typo_line_height_unit":"","ocean_menu_typo_spacing":0,"ocean_menu_typo_spacing_tablet":0,"ocean_menu_typo_spacing_mobile":0,"ocean_menu_typo_spacing_unit":"","ocean_menu_link_color":"","ocean_menu_link_color_hover":"","ocean_menu_link_color_active":"","ocean_menu_link_background":"","ocean_menu_link_hover_background":"","ocean_menu_link_active_background":"","ocean_menu_social_links_bg":"","ocean_menu_social_hover_links_bg":"","ocean_menu_social_links_color":"","ocean_menu_social_hover_links_color":"","ocean_disable_title":"default","ocean_disable_heading":"default","ocean_post_title":"","ocean_post_subheading":"","ocean_post_title_style":"","ocean_post_title_background_color":"","ocean_post_title_background":0,"ocean_post_title_bg_image_position":"","ocean_post_title_bg_image_attachment":"","ocean_post_title_bg_image_repeat":"","ocean_post_title_bg_image_size":"","ocean_post_title_height":0,"ocean_post_title_bg_overlay":0.5,"ocean_post_title_bg_overlay_color":"","ocean_disable_breadcrumbs":"default","ocean_breadcrumbs_color":"","ocean_breadcrumbs_separator_color":"","ocean_breadcrumbs_links_color":"","ocean_breadcrumbs_links_hover_color":"","ocean_display_footer_widgets":"default","ocean_display_footer_bottom":"default","ocean_custom_footer_template":"","osh_disable_topbar_sticky":"default","osh_disable_header_sticky":"default","osh_sticky_header_style":"default","osh_sticky_header_effect":"","osh_custom_sticky_logo":0,"osh_custom_retina_sticky_logo":0,"osh_custom_sticky_logo_height":0,"osh_background_color":"","osh_links_color":"","osh_links_hover_color":"","osh_links_active_color":"","osh_links_bg_color":"","osh_links_hover_bg_color":"","osh_links_active_bg_color":"","osh_menu_social_links_color":"","osh_menu_social_hover_links_color":"","_FSMCFIC_featured_image_caption":"","_FSMCFIC_featured_image_nocaption":"","_FSMCFIC_featured_image_hide":"","_metis_text_type":"standard","_metis_text_length":5236,"_post_count":0,"_jetpack_memberships_contains_paid_content":false,"activitypub_content_warning":"","activitypub_content_visibility":"","activitypub_max_image_attachments":4,"activitypub_interaction_policy_quote":"anyone","activitypub_status":"","ocean_post_oembed":"","ocean_post_self_hosted_media":"","ocean_post_video_embed":"","ocean_link_format":"","ocean_link_format_target":"self","ocean_quote_format":"","ocean_quote_format_link":"post","ocean_gallery_link_images":"on","ocean_gallery_id":[],"footnotes":"","jetpack_publicize_message":"","jetpack_publicize_feature_enabled":true,"jetpack_social_post_already_shared":true,"jetpack_social_options":{"image_generator_settings":{"template":"highway","default_image_id":0,"font":"","enabled":false},"version":2}},"categories":[2647,2650,2655,2654],"tags":[4359,4360,4361,3690,3271],"class_list":["post-10652","post","type-post","status-publish","format-standard","has-post-thumbnail","hentry","category-angriffauf","category-diestdte","category-ich","category-privates","tag-herbert-henck","tag-nazi","tag-reichsbuerger","tag-donald-trump","tag-usa","entry","has-media"],"yoast_head":"<!-- This site is optimized with the Yoast SEO plugin v27.5 - https:\/\/yoast.com\/product\/yoast-seo-wordpress\/ -->\n<title>Das Ende der Welt ist nicht das Ende der Welt - Kritische Masse<\/title>\n<meta name=\"robots\" content=\"index, follow, max-snippet:-1, max-image-preview:large, max-video-preview:-1\" \/>\n<link rel=\"canonical\" href=\"https:\/\/www.kritische-masse.de\/logbuch\/2025\/01\/das-ende-der-welt-ist-nicht-das-ende-der-welt\/\" \/>\n<meta property=\"og:locale\" content=\"de_DE\" \/>\n<meta property=\"og:type\" content=\"article\" \/>\n<meta property=\"og:title\" content=\"Das Ende der Welt ist nicht das Ende der Welt - Kritische Masse\" \/>\n<meta property=\"og:description\" content=\"Wenn die Erholung durchs nationale Handwerk torpediert wird \u2026 ein Pr\u00e4sident, der die letzte Wahl war \u2026 Farben der Fr\u00fche \u2026 Ad\u00e9 Herbert Henck \u2026 Abreise in den sozialen Kokon \u2026 Das Ende der Welt ist kein Ort, es ist ein sich beschleunigender Ablauf in der Zeit.\" \/>\n<meta property=\"og:url\" content=\"https:\/\/www.kritische-masse.de\/logbuch\/2025\/01\/das-ende-der-welt-ist-nicht-das-ende-der-welt\/\" \/>\n<meta property=\"og:site_name\" content=\"Kritische Masse\" \/>\n<meta property=\"article:publisher\" content=\"https:\/\/www.facebook.com\/hufner\" \/>\n<meta property=\"article:author\" content=\"https:\/\/www.facebook.com\/hufner\" \/>\n<meta property=\"article:published_time\" content=\"2025-01-20T22:57:23+00:00\" \/>\n<meta property=\"article:modified_time\" content=\"2025-01-21T07:31:23+00:00\" \/>\n<meta property=\"og:image\" content=\"https:\/\/www.kritische-masse.de\/logbuch\/wp-content\/uploads\/2025\/01\/abschiedsbild-scaled.jpeg\" \/>\n\t<meta property=\"og:image:width\" content=\"2560\" \/>\n\t<meta property=\"og:image:height\" content=\"1580\" \/>\n\t<meta property=\"og:image:type\" content=\"image\/jpeg\" \/>\n<meta name=\"author\" content=\"der huflaikhan\" \/>\n<meta name=\"twitter:label1\" content=\"Verfasst von\" \/>\n\t<meta name=\"twitter:data1\" content=\"der huflaikhan\" \/>\n\t<meta name=\"twitter:label2\" content=\"Gesch\u00e4tzte Lesezeit\" \/>\n\t<meta name=\"twitter:data2\" content=\"5\u00a0Minuten\" \/>\n<script type=\"application\/ld+json\" class=\"yoast-schema-graph\">{\"@context\":\"https:\\\/\\\/schema.org\",\"@graph\":[{\"@type\":\"Article\",\"@id\":\"https:\\\/\\\/www.kritische-masse.de\\\/logbuch\\\/2025\\\/01\\\/das-ende-der-welt-ist-nicht-das-ende-der-welt\\\/#article\",\"isPartOf\":{\"@id\":\"https:\\\/\\\/www.kritische-masse.de\\\/logbuch\\\/2025\\\/01\\\/das-ende-der-welt-ist-nicht-das-ende-der-welt\\\/\"},\"author\":{\"name\":\"der huflaikhan\",\"@id\":\"https:\\\/\\\/www.kritische-masse.de\\\/logbuch\\\/#\\\/schema\\\/person\\\/14c491f46504e7f6b79db161f76def1c\"},\"headline\":\"Das Ende der Welt ist nicht das Ende der Welt\",\"datePublished\":\"2025-01-20T22:57:23+00:00\",\"dateModified\":\"2025-01-21T07:31:23+00:00\",\"mainEntityOfPage\":{\"@id\":\"https:\\\/\\\/www.kritische-masse.de\\\/logbuch\\\/2025\\\/01\\\/das-ende-der-welt-ist-nicht-das-ende-der-welt\\\/\"},\"wordCount\":851,\"commentCount\":0,\"publisher\":{\"@id\":\"https:\\\/\\\/www.kritische-masse.de\\\/logbuch\\\/#\\\/schema\\\/person\\\/14c491f46504e7f6b79db161f76def1c\"},\"image\":{\"@id\":\"https:\\\/\\\/www.kritische-masse.de\\\/logbuch\\\/2025\\\/01\\\/das-ende-der-welt-ist-nicht-das-ende-der-welt\\\/#primaryimage\"},\"thumbnailUrl\":\"https:\\\/\\\/i0.wp.com\\\/www.kritische-masse.de\\\/logbuch\\\/wp-content\\\/uploads\\\/2025\\\/01\\\/abschiedsbild-scaled.jpeg?fit=2560%2C1580&ssl=1\",\"keywords\":[\"Herbert Henck\",\"Nazi\",\"Reichsb\u00fcrger\",\"Donald Trump\",\"USA\"],\"articleSection\":[\"Angriff auf \u2026\",\"die St\u00e4dte\",\"Ich\",\"Privates\"],\"inLanguage\":\"de\",\"potentialAction\":[{\"@type\":\"CommentAction\",\"name\":\"Comment\",\"target\":[\"https:\\\/\\\/www.kritische-masse.de\\\/logbuch\\\/2025\\\/01\\\/das-ende-der-welt-ist-nicht-das-ende-der-welt\\\/#respond\"]}]},{\"@type\":\"WebPage\",\"@id\":\"https:\\\/\\\/www.kritische-masse.de\\\/logbuch\\\/2025\\\/01\\\/das-ende-der-welt-ist-nicht-das-ende-der-welt\\\/\",\"url\":\"https:\\\/\\\/www.kritische-masse.de\\\/logbuch\\\/2025\\\/01\\\/das-ende-der-welt-ist-nicht-das-ende-der-welt\\\/\",\"name\":\"Das Ende der Welt ist nicht das Ende der Welt - Kritische Masse\",\"isPartOf\":{\"@id\":\"https:\\\/\\\/www.kritische-masse.de\\\/logbuch\\\/#website\"},\"primaryImageOfPage\":{\"@id\":\"https:\\\/\\\/www.kritische-masse.de\\\/logbuch\\\/2025\\\/01\\\/das-ende-der-welt-ist-nicht-das-ende-der-welt\\\/#primaryimage\"},\"image\":{\"@id\":\"https:\\\/\\\/www.kritische-masse.de\\\/logbuch\\\/2025\\\/01\\\/das-ende-der-welt-ist-nicht-das-ende-der-welt\\\/#primaryimage\"},\"thumbnailUrl\":\"https:\\\/\\\/i0.wp.com\\\/www.kritische-masse.de\\\/logbuch\\\/wp-content\\\/uploads\\\/2025\\\/01\\\/abschiedsbild-scaled.jpeg?fit=2560%2C1580&ssl=1\",\"datePublished\":\"2025-01-20T22:57:23+00:00\",\"dateModified\":\"2025-01-21T07:31:23+00:00\",\"breadcrumb\":{\"@id\":\"https:\\\/\\\/www.kritische-masse.de\\\/logbuch\\\/2025\\\/01\\\/das-ende-der-welt-ist-nicht-das-ende-der-welt\\\/#breadcrumb\"},\"inLanguage\":\"de\",\"potentialAction\":[{\"@type\":\"ReadAction\",\"target\":[\"https:\\\/\\\/www.kritische-masse.de\\\/logbuch\\\/2025\\\/01\\\/das-ende-der-welt-ist-nicht-das-ende-der-welt\\\/\"]}]},{\"@type\":\"ImageObject\",\"inLanguage\":\"de\",\"@id\":\"https:\\\/\\\/www.kritische-masse.de\\\/logbuch\\\/2025\\\/01\\\/das-ende-der-welt-ist-nicht-das-ende-der-welt\\\/#primaryimage\",\"url\":\"https:\\\/\\\/i0.wp.com\\\/www.kritische-masse.de\\\/logbuch\\\/wp-content\\\/uploads\\\/2025\\\/01\\\/abschiedsbild-scaled.jpeg?fit=2560%2C1580&ssl=1\",\"contentUrl\":\"https:\\\/\\\/i0.wp.com\\\/www.kritische-masse.de\\\/logbuch\\\/wp-content\\\/uploads\\\/2025\\\/01\\\/abschiedsbild-scaled.jpeg?fit=2560%2C1580&ssl=1\",\"width\":2560,\"height\":1580,\"caption\":\"abschiedsbild. Hufner\"},{\"@type\":\"BreadcrumbList\",\"@id\":\"https:\\\/\\\/www.kritische-masse.de\\\/logbuch\\\/2025\\\/01\\\/das-ende-der-welt-ist-nicht-das-ende-der-welt\\\/#breadcrumb\",\"itemListElement\":[{\"@type\":\"ListItem\",\"position\":1,\"name\":\"Startseite\",\"item\":\"https:\\\/\\\/www.kritische-masse.de\\\/logbuch\\\/\"},{\"@type\":\"ListItem\",\"position\":2,\"name\":\"Das Ende der Welt ist nicht das Ende der Welt\"}]},{\"@type\":\"WebSite\",\"@id\":\"https:\\\/\\\/www.kritische-masse.de\\\/logbuch\\\/#website\",\"url\":\"https:\\\/\\\/www.kritische-masse.de\\\/logbuch\\\/\",\"name\":\"kritische masse\",\"description\":\"amt f\u00fcr vermassungsschutz\",\"publisher\":{\"@id\":\"https:\\\/\\\/www.kritische-masse.de\\\/logbuch\\\/#\\\/schema\\\/person\\\/14c491f46504e7f6b79db161f76def1c\"},\"alternateName\":\"das logbuch der kritischen masse\",\"potentialAction\":[{\"@type\":\"SearchAction\",\"target\":{\"@type\":\"EntryPoint\",\"urlTemplate\":\"https:\\\/\\\/www.kritische-masse.de\\\/logbuch\\\/?s={search_term_string}\"},\"query-input\":{\"@type\":\"PropertyValueSpecification\",\"valueRequired\":true,\"valueName\":\"search_term_string\"}}],\"inLanguage\":\"de\"},{\"@type\":[\"Person\",\"Organization\"],\"@id\":\"https:\\\/\\\/www.kritische-masse.de\\\/logbuch\\\/#\\\/schema\\\/person\\\/14c491f46504e7f6b79db161f76def1c\",\"name\":\"der huflaikhan\",\"image\":{\"@type\":\"ImageObject\",\"inLanguage\":\"de\",\"@id\":\"https:\\\/\\\/www.kritische-masse.de\\\/logbuch\\\/wp-content\\\/uploads\\\/2024\\\/01\\\/cropped-kritischmasse_man_512.jpg\",\"url\":\"https:\\\/\\\/www.kritische-masse.de\\\/logbuch\\\/wp-content\\\/uploads\\\/2024\\\/01\\\/cropped-kritischmasse_man_512.jpg\",\"contentUrl\":\"https:\\\/\\\/www.kritische-masse.de\\\/logbuch\\\/wp-content\\\/uploads\\\/2024\\\/01\\\/cropped-kritischmasse_man_512.jpg\",\"width\":512,\"height\":512,\"caption\":\"der huflaikhan\"},\"logo\":{\"@id\":\"https:\\\/\\\/www.kritische-masse.de\\\/logbuch\\\/wp-content\\\/uploads\\\/2024\\\/01\\\/cropped-kritischmasse_man_512.jpg\"},\"description\":\"Betreiber der Kritischen Masse seit 1995. Seit 2023 Wiederaufnahme. Promotion mit einer Arbeit \u00fcber Adornos kompositorische und theoretische Auseinandersetzung mit der Zw\u00f6lftontechnik. Arbeit f\u00fcr den Bayerischen und den Mitteldeutschen Rundfunk als freier Autor und Regisseur \u2013 zumindest bis Ende 2015. Online-Redaktion f\u00fcr neue musikzeitung, Jazzzeitung und Oper &amp; Tanz. Ungl\u00fccklich, aber fast taub.\",\"sameAs\":[\"https:\\\/\\\/www.kritische-masse.de\\\/logbuch\\\/\",\"https:\\\/\\\/www.facebook.com\\\/hufner\"],\"url\":\"https:\\\/\\\/www.kritische-masse.de\\\/logbuch\\\/author\\\/martin_d1juqiu5\\\/\"}]}<\/script>\n<!-- \/ Yoast SEO plugin. -->","yoast_head_json":{"title":"Das Ende der Welt ist nicht das Ende der Welt - Kritische Masse","robots":{"index":"index","follow":"follow","max-snippet":"max-snippet:-1","max-image-preview":"max-image-preview:large","max-video-preview":"max-video-preview:-1"},"canonical":"https:\/\/www.kritische-masse.de\/logbuch\/2025\/01\/das-ende-der-welt-ist-nicht-das-ende-der-welt\/","og_locale":"de_DE","og_type":"article","og_title":"Das Ende der Welt ist nicht das Ende der Welt - Kritische Masse","og_description":"Wenn die Erholung durchs nationale Handwerk torpediert wird \u2026 ein Pr\u00e4sident, der die letzte Wahl war \u2026 Farben der Fr\u00fche \u2026 Ad\u00e9 Herbert Henck \u2026 Abreise in den sozialen Kokon \u2026 Das Ende der Welt ist kein Ort, es ist ein sich beschleunigender Ablauf in der Zeit.","og_url":"https:\/\/www.kritische-masse.de\/logbuch\/2025\/01\/das-ende-der-welt-ist-nicht-das-ende-der-welt\/","og_site_name":"Kritische Masse","article_publisher":"https:\/\/www.facebook.com\/hufner","article_author":"https:\/\/www.facebook.com\/hufner","article_published_time":"2025-01-20T22:57:23+00:00","article_modified_time":"2025-01-21T07:31:23+00:00","og_image":[{"width":2560,"height":1580,"url":"https:\/\/www.kritische-masse.de\/logbuch\/wp-content\/uploads\/2025\/01\/abschiedsbild-scaled.jpeg","type":"image\/jpeg"}],"author":"der huflaikhan","twitter_misc":{"Verfasst von":"der huflaikhan","Gesch\u00e4tzte Lesezeit":"5\u00a0Minuten"},"schema":{"@context":"https:\/\/schema.org","@graph":[{"@type":"Article","@id":"https:\/\/www.kritische-masse.de\/logbuch\/2025\/01\/das-ende-der-welt-ist-nicht-das-ende-der-welt\/#article","isPartOf":{"@id":"https:\/\/www.kritische-masse.de\/logbuch\/2025\/01\/das-ende-der-welt-ist-nicht-das-ende-der-welt\/"},"author":{"name":"der huflaikhan","@id":"https:\/\/www.kritische-masse.de\/logbuch\/#\/schema\/person\/14c491f46504e7f6b79db161f76def1c"},"headline":"Das Ende der Welt ist nicht das Ende der Welt","datePublished":"2025-01-20T22:57:23+00:00","dateModified":"2025-01-21T07:31:23+00:00","mainEntityOfPage":{"@id":"https:\/\/www.kritische-masse.de\/logbuch\/2025\/01\/das-ende-der-welt-ist-nicht-das-ende-der-welt\/"},"wordCount":851,"commentCount":0,"publisher":{"@id":"https:\/\/www.kritische-masse.de\/logbuch\/#\/schema\/person\/14c491f46504e7f6b79db161f76def1c"},"image":{"@id":"https:\/\/www.kritische-masse.de\/logbuch\/2025\/01\/das-ende-der-welt-ist-nicht-das-ende-der-welt\/#primaryimage"},"thumbnailUrl":"https:\/\/i0.wp.com\/www.kritische-masse.de\/logbuch\/wp-content\/uploads\/2025\/01\/abschiedsbild-scaled.jpeg?fit=2560%2C1580&ssl=1","keywords":["Herbert Henck","Nazi","Reichsb\u00fcrger","Donald Trump","USA"],"articleSection":["Angriff auf \u2026","die St\u00e4dte","Ich","Privates"],"inLanguage":"de","potentialAction":[{"@type":"CommentAction","name":"Comment","target":["https:\/\/www.kritische-masse.de\/logbuch\/2025\/01\/das-ende-der-welt-ist-nicht-das-ende-der-welt\/#respond"]}]},{"@type":"WebPage","@id":"https:\/\/www.kritische-masse.de\/logbuch\/2025\/01\/das-ende-der-welt-ist-nicht-das-ende-der-welt\/","url":"https:\/\/www.kritische-masse.de\/logbuch\/2025\/01\/das-ende-der-welt-ist-nicht-das-ende-der-welt\/","name":"Das Ende der Welt ist nicht das Ende der Welt - Kritische Masse","isPartOf":{"@id":"https:\/\/www.kritische-masse.de\/logbuch\/#website"},"primaryImageOfPage":{"@id":"https:\/\/www.kritische-masse.de\/logbuch\/2025\/01\/das-ende-der-welt-ist-nicht-das-ende-der-welt\/#primaryimage"},"image":{"@id":"https:\/\/www.kritische-masse.de\/logbuch\/2025\/01\/das-ende-der-welt-ist-nicht-das-ende-der-welt\/#primaryimage"},"thumbnailUrl":"https:\/\/i0.wp.com\/www.kritische-masse.de\/logbuch\/wp-content\/uploads\/2025\/01\/abschiedsbild-scaled.jpeg?fit=2560%2C1580&ssl=1","datePublished":"2025-01-20T22:57:23+00:00","dateModified":"2025-01-21T07:31:23+00:00","breadcrumb":{"@id":"https:\/\/www.kritische-masse.de\/logbuch\/2025\/01\/das-ende-der-welt-ist-nicht-das-ende-der-welt\/#breadcrumb"},"inLanguage":"de","potentialAction":[{"@type":"ReadAction","target":["https:\/\/www.kritische-masse.de\/logbuch\/2025\/01\/das-ende-der-welt-ist-nicht-das-ende-der-welt\/"]}]},{"@type":"ImageObject","inLanguage":"de","@id":"https:\/\/www.kritische-masse.de\/logbuch\/2025\/01\/das-ende-der-welt-ist-nicht-das-ende-der-welt\/#primaryimage","url":"https:\/\/i0.wp.com\/www.kritische-masse.de\/logbuch\/wp-content\/uploads\/2025\/01\/abschiedsbild-scaled.jpeg?fit=2560%2C1580&ssl=1","contentUrl":"https:\/\/i0.wp.com\/www.kritische-masse.de\/logbuch\/wp-content\/uploads\/2025\/01\/abschiedsbild-scaled.jpeg?fit=2560%2C1580&ssl=1","width":2560,"height":1580,"caption":"abschiedsbild. Hufner"},{"@type":"BreadcrumbList","@id":"https:\/\/www.kritische-masse.de\/logbuch\/2025\/01\/das-ende-der-welt-ist-nicht-das-ende-der-welt\/#breadcrumb","itemListElement":[{"@type":"ListItem","position":1,"name":"Startseite","item":"https:\/\/www.kritische-masse.de\/logbuch\/"},{"@type":"ListItem","position":2,"name":"Das Ende der Welt ist nicht das Ende der Welt"}]},{"@type":"WebSite","@id":"https:\/\/www.kritische-masse.de\/logbuch\/#website","url":"https:\/\/www.kritische-masse.de\/logbuch\/","name":"kritische masse","description":"amt f\u00fcr vermassungsschutz","publisher":{"@id":"https:\/\/www.kritische-masse.de\/logbuch\/#\/schema\/person\/14c491f46504e7f6b79db161f76def1c"},"alternateName":"das logbuch der kritischen masse","potentialAction":[{"@type":"SearchAction","target":{"@type":"EntryPoint","urlTemplate":"https:\/\/www.kritische-masse.de\/logbuch\/?s={search_term_string}"},"query-input":{"@type":"PropertyValueSpecification","valueRequired":true,"valueName":"search_term_string"}}],"inLanguage":"de"},{"@type":["Person","Organization"],"@id":"https:\/\/www.kritische-masse.de\/logbuch\/#\/schema\/person\/14c491f46504e7f6b79db161f76def1c","name":"der huflaikhan","image":{"@type":"ImageObject","inLanguage":"de","@id":"https:\/\/www.kritische-masse.de\/logbuch\/wp-content\/uploads\/2024\/01\/cropped-kritischmasse_man_512.jpg","url":"https:\/\/www.kritische-masse.de\/logbuch\/wp-content\/uploads\/2024\/01\/cropped-kritischmasse_man_512.jpg","contentUrl":"https:\/\/www.kritische-masse.de\/logbuch\/wp-content\/uploads\/2024\/01\/cropped-kritischmasse_man_512.jpg","width":512,"height":512,"caption":"der huflaikhan"},"logo":{"@id":"https:\/\/www.kritische-masse.de\/logbuch\/wp-content\/uploads\/2024\/01\/cropped-kritischmasse_man_512.jpg"},"description":"Betreiber der Kritischen Masse seit 1995. Seit 2023 Wiederaufnahme. Promotion mit einer Arbeit \u00fcber Adornos kompositorische und theoretische Auseinandersetzung mit der Zw\u00f6lftontechnik. Arbeit f\u00fcr den Bayerischen und den Mitteldeutschen Rundfunk als freier Autor und Regisseur \u2013 zumindest bis Ende 2015. Online-Redaktion f\u00fcr neue musikzeitung, Jazzzeitung und Oper &amp; Tanz. Ungl\u00fccklich, aber fast taub.","sameAs":["https:\/\/www.kritische-masse.de\/logbuch\/","https:\/\/www.facebook.com\/hufner"],"url":"https:\/\/www.kritische-masse.de\/logbuch\/author\/martin_d1juqiu5\/"}]}},"jetpack_publicize_connections":[],"jetpack_featured_media_url":"https:\/\/i0.wp.com\/www.kritische-masse.de\/logbuch\/wp-content\/uploads\/2025\/01\/abschiedsbild-scaled.jpeg?fit=2560%2C1580&ssl=1","categories_names":["Angriff auf \u2026","die St\u00e4dte","Ich","Privates"],"post_class":[["post-10652","post","type-post","status-publish","format-standard","has-post-thumbnail","hentry","category-angriffauf","category-diestdte","category-ich","category-privates","tag-herbert-henck","tag-nazi","tag-reichsbuerger","tag-donald-trump","tag-usa","entry","has-media"]],"author_avatar":["<img alt='' src='https:\/\/secure.gravatar.com\/avatar\/c23aee426d58e69f14ef471114d4cac215eec702ee1bc331e2a62ea77e96ed60?s=96&#038;d=blank&#038;r=g' srcset='https:\/\/secure.gravatar.com\/avatar\/c23aee426d58e69f14ef471114d4cac215eec702ee1bc331e2a62ea77e96ed60?s=192&#038;d=blank&#038;r=g 2x' class='avatar avatar-96 photo' height='96' width='96' loading='lazy' decoding='async'\/>"],"featured_video":null,"jetpack-related-posts":[{"id":2062,"url":"https:\/\/www.kritische-masse.de\/logbuch\/2007\/07\/auchzeichen\/","url_meta":{"origin":10652,"position":0},"title":"Auchzeichen","author":"huflaikhan","date":"5. Juli 2007","format":false,"excerpt":"Sagste was oder h\u00e4ltste die Klappe, das musste ich mich fragen, als ich heuten TagzuTag-Kommentar des Berliner Tagesspiegel lesen durfte. Ulrich Zawatka-Gerlach lobt Momper f\u00fcr das Rauchverbot im Berliner Parlament. Die Begr\u00fcndung am Ende seines Miniaufsatzes: \u201eWenn die Berliner k\u00fcnftig in qualmfreien Kneipen sitzen, dann soll es unseren Abgeordneten im\u2026","rel":"","context":"\u00c4hnlicher Beitrag","block_context":{"text":"\u00c4hnlicher Beitrag","link":""},"img":{"alt_text":"","src":"","width":0,"height":0},"classes":[]},{"id":10488,"url":"https:\/\/www.kritische-masse.de\/logbuch\/2024\/12\/bleibeverhandlungen-jetzt\/","url_meta":{"origin":10652,"position":1},"title":"Bleibeverhandlungen, jetzt!","author":"der huflaikhan","date":"11. Dezember 2024","format":false,"excerpt":"Ich finde es absolut gut f\u00fcr unsere gesellschaftliche Vielfalt und Herzlichkeit, wenn diese Familie bliebe. Man muss nicht Abschiebe-, sondern Bleibeverhandlungen f\u00fchren.","rel":"","context":"In &quot;Angriff auf \u2026&quot;","block_context":{"text":"Angriff auf \u2026","link":"https:\/\/www.kritische-masse.de\/logbuch\/category\/angriffauf\/"},"img":{"alt_text":"Wasser wartet. Foto: Hufner","src":"https:\/\/i0.wp.com\/www.kritische-masse.de\/logbuch\/wp-content\/uploads\/2023\/12\/wasser3-scaled.jpg?fit=1200%2C900&ssl=1&resize=350%2C200","width":350,"height":200,"srcset":"https:\/\/i0.wp.com\/www.kritische-masse.de\/logbuch\/wp-content\/uploads\/2023\/12\/wasser3-scaled.jpg?fit=1200%2C900&ssl=1&resize=350%2C200 1x, https:\/\/i0.wp.com\/www.kritische-masse.de\/logbuch\/wp-content\/uploads\/2023\/12\/wasser3-scaled.jpg?fit=1200%2C900&ssl=1&resize=525%2C300 1.5x, https:\/\/i0.wp.com\/www.kritische-masse.de\/logbuch\/wp-content\/uploads\/2023\/12\/wasser3-scaled.jpg?fit=1200%2C900&ssl=1&resize=700%2C400 2x, https:\/\/i0.wp.com\/www.kritische-masse.de\/logbuch\/wp-content\/uploads\/2023\/12\/wasser3-scaled.jpg?fit=1200%2C900&ssl=1&resize=1050%2C600 3x"},"classes":[]},{"id":2372,"url":"https:\/\/www.kritische-masse.de\/logbuch\/2008\/02\/einspruchsweise\/","url_meta":{"origin":10652,"position":2},"title":"Einspruchsweise","author":"hufi","date":"7. Februar 2008","format":false,"excerpt":"Der alte Kapielski hat etwas feines ausklab\u00fcsert, wenn auch bei 2001 so doch nicht falsch: \"Gesetze sind Keime der Willk\u00fcr und Suchtmittel machtbesessener B\u00fcrokratien unw\u00fcrdig gewordener Reiche\", hei\u00dft es da unter dem Titel \"Gedanken vom Rauchsalon\". Gut, das ist vom 5. Januar 2008, aber warum auch nicht. Vor allem die\u2026","rel":"","context":"\u00c4hnlicher Beitrag","block_context":{"text":"\u00c4hnlicher Beitrag","link":""},"img":{"alt_text":"","src":"","width":0,"height":0},"classes":[]},{"id":2355,"url":"https:\/\/www.kritische-masse.de\/logbuch\/2007\/12\/von-wegen-feinstaub\/","url_meta":{"origin":10652,"position":3},"title":"Von wegen Feinstaub","author":"hufi","date":"21. Dezember 2007","format":false,"excerpt":"R\u00fcckblickend auf das vergehende Jahr 2007 muss man wohl konzedieren: Die Erziehungswut hat zugenommen. Die Pr\u00e4ventionsdiktatur gewinnt an Boden. Feinstaub, Rauchen, Kinderverwahrlosung + unsere Zukunft liegt im Wissen. Das zieht Probleme mit dem Wahrhaben nach sich. Was gab es nicht auch noch f\u00fcr T\u00fcfteleien von Kalkscheune bis Adical, von Shoppero\u2026","rel":"","context":"\u00c4hnlicher Beitrag","block_context":{"text":"\u00c4hnlicher Beitrag","link":""},"img":{"alt_text":"","src":"","width":0,"height":0},"classes":[]},{"id":1141,"url":"https:\/\/www.kritische-masse.de\/logbuch\/2005\/04\/anton-webern-rauchen-kann-toedlich-sein-konzert-fuer-neun-instrumente-op-24\/","url_meta":{"origin":10652,"position":4},"title":"Anton Webern: Rauchen kann t\u00f6dlich sein &#8211; \u201eKonzert f\u00fcr neun Instrumente op. 24\u201c","author":"huflaikhan","date":"13. April 2005","format":false,"excerpt":"Auch hier ein Todestag \u2014 allerdings einer, der noch kommt \u0096, vor 60 Jahren, am 15. September, wurde Anton Webern erschossen. Ein dummes Ungl\u00fcck nach dem Ende des zweiten Weltkrieges. Webern war nach Mittersill gereist. Dort hielt es sich bei seinem Schwiegersohn auf. Der war offenbar ganz gut in Schwarzmarktgesch\u00e4fte\u2026","rel":"","context":"In &quot;Enzyklop\u00e4die der Kritischen Masse&quot;","block_context":{"text":"Enzyklop\u00e4die der Kritischen Masse","link":"https:\/\/www.kritische-masse.de\/logbuch\/category\/enzyklopaedie-der-kritischen-masse\/"},"img":{"alt_text":"","src":"","width":0,"height":0},"classes":[]},{"id":2269,"url":"https:\/\/www.kritische-masse.de\/logbuch\/2007\/08\/heilbad-germania\/","url_meta":{"origin":10652,"position":5},"title":"Heilbad Germania","author":"hufi","date":"23. August 2007","format":false,"excerpt":"ICEs demn\u00e4chst wohl nur noch mit Raucherabteilen. (!!) Zumindest kann man bei Ticketbestellungen sich nicht mehr aussuchen, ob man in einem Nichtraucherbereich fahren will. Ich finde das \u00e4u\u00dferst r\u00fccksichtslos von den Rauchern, aber wirklich jetzt. Die hatten immer schon eine fantastische Lobbyarbeit gemacht, diese stinkenden Gesundheitsm\u00f6rder. Der Marlboro-Mann scheint gesiegt\u2026","rel":"","context":"In \"Deutschland\"","block_context":{"text":"Deutschland","link":"https:\/\/www.kritische-masse.de\/logbuch\/tag\/deutschland\/"},"img":{"alt_text":"herbst77","src":"https:\/\/i0.wp.com\/www.urteilskraft.de\/kritik\/wp-content\/uploads\/2007\/08\/herbst77.jpg?resize=350%2C200","width":350,"height":200},"classes":[]}],"jetpack_sharing_enabled":true,"public_identification_id":"61ac9646ac484486810ae3c555650d3d","private_identification_id":"56ea1606a1694ca0b7db41b71a49fd35","_links":{"self":[{"href":"https:\/\/www.kritische-masse.de\/logbuch\/wp-json\/wp\/v2\/posts\/10652","targetHints":{"allow":["GET"]}}],"collection":[{"href":"https:\/\/www.kritische-masse.de\/logbuch\/wp-json\/wp\/v2\/posts"}],"about":[{"href":"https:\/\/www.kritische-masse.de\/logbuch\/wp-json\/wp\/v2\/types\/post"}],"author":[{"embeddable":true,"href":"https:\/\/www.kritische-masse.de\/logbuch\/wp-json\/wp\/v2\/users\/1"}],"replies":[{"embeddable":true,"href":"https:\/\/www.kritische-masse.de\/logbuch\/wp-json\/wp\/v2\/comments?post=10652"}],"version-history":[{"count":0,"href":"https:\/\/www.kritische-masse.de\/logbuch\/wp-json\/wp\/v2\/posts\/10652\/revisions"}],"wp:featuredmedia":[{"embeddable":true,"href":"https:\/\/www.kritische-masse.de\/logbuch\/wp-json\/wp\/v2\/media\/10655"}],"wp:attachment":[{"href":"https:\/\/www.kritische-masse.de\/logbuch\/wp-json\/wp\/v2\/media?parent=10652"}],"wp:term":[{"taxonomy":"category","embeddable":true,"href":"https:\/\/www.kritische-masse.de\/logbuch\/wp-json\/wp\/v2\/categories?post=10652"},{"taxonomy":"post_tag","embeddable":true,"href":"https:\/\/www.kritische-masse.de\/logbuch\/wp-json\/wp\/v2\/tags?post=10652"}],"curies":[{"name":"wp","href":"https:\/\/api.w.org\/{rel}","templated":true}]}}