{"id":10747,"date":"2025-02-11T11:39:28","date_gmt":"2025-02-11T10:39:28","guid":{"rendered":"https:\/\/www.kritische-masse.de\/logbuch\/?p=10747"},"modified":"2025-02-11T14:48:40","modified_gmt":"2025-02-11T13:48:40","slug":"fake-views-aufgeblasenes-in-der-politik-aufgelesenes-von-altenberg-und-benjamin","status":"publish","type":"post","link":"https:\/\/www.kritische-masse.de\/logbuch\/2025\/02\/fake-views-aufgeblasenes-in-der-politik-aufgelesenes-von-altenberg-und-benjamin\/","title":{"rendered":"Fake Views \u2013 Aufgeblasenes in der Politik \u2013 Aufgelesenes von Altenberg und Benjamin"},"content":{"rendered":"<div class=\"shariff shariff-align-left shariff-widget-align-left\"><ul class=\"shariff-buttons theme-white orientation-horizontal buttonsize-small\"><li class=\"shariff-button mastodon shariff-nocustomcolor\" style=\"background-color:#563ACC\"><a href=\"https:\/\/s2f.kytta.dev\/?text=Fake%20Views%20%E2%80%93%20Aufgeblasenes%20in%20der%20Politik%20%E2%80%93%20Aufgelesenes%20von%20Altenberg%20und%20Benjamin https%3A%2F%2Fwww.kritische-masse.de%2Flogbuch%2F2025%2F02%2Ffake-views-aufgeblasenes-in-der-politik-aufgelesenes-von-altenberg-und-benjamin%2F\" title=\"Bei Mastodon teilen\" aria-label=\"Bei Mastodon teilen\" role=\"button\" rel=\"noopener nofollow\" class=\"shariff-link\" style=\"; background-color:#6364FF; color:#6364FF\" target=\"_blank\"><span class=\"shariff-icon\" style=\"fill:#6364FF\"><svg width=\"75\" height=\"79\" viewBox=\"0 0 75 79\" fill=\"none\" xmlns=\"http:\/\/www.w3.org\/2000\/svg\"><path d=\"M37.813-.025C32.462-.058 27.114.13 21.79.598c-8.544.621-17.214 5.58-20.203 13.931C-1.12 23.318.408 32.622.465 41.65c.375 7.316.943 14.78 3.392 21.73 4.365 9.465 14.781 14.537 24.782 15.385 7.64.698 15.761-.213 22.517-4.026a54.1 54.1 0 0 0 .01-6.232c-6.855 1.316-14.101 2.609-21.049 1.074-3.883-.88-6.876-4.237-7.25-8.215-1.53-3.988 3.78-.43 5.584-.883 9.048 1.224 18.282.776 27.303-.462 7.044-.837 14.26-4.788 16.65-11.833 2.263-6.135 1.215-12.79 1.698-19.177.06-3.84.09-7.692-.262-11.52C72.596 7.844 63.223.981 53.834.684a219.453 219.453 0 0 0-16.022-.71zm11.294 12.882c5.5-.067 10.801 4.143 11.67 9.653.338 1.48.471 3 .471 4.515v21.088h-8.357c-.07-7.588.153-15.182-.131-22.765-.587-4.368-7.04-5.747-9.672-2.397-2.422 3.04-1.47 7.155-1.67 10.735v6.392h-8.307c-.146-4.996.359-10.045-.404-15.002-1.108-4.218-7.809-5.565-10.094-1.666-1.685 3.046-.712 6.634-.976 9.936v14.767h-8.354c.109-8.165-.238-16.344.215-24.5.674-5.346 5.095-10.389 10.676-10.627 4.902-.739 10.103 2.038 12.053 6.631.375 1.435 1.76 1.932 1.994.084 1.844-3.704 5.501-6.739 9.785-6.771.367-.044.735-.068 1.101-.073z\"\/><defs><linearGradient id=\"paint0_linear_549_34\" x1=\"37.0692\" y1=\"0\" x2=\"37.0692\" y2=\"79\" gradientUnits=\"userSpaceOnUse\"><stop stop-color=\"#6364FF\"\/><stop offset=\"1\" stop-color=\"#563ACC\"\/><\/linearGradient><\/defs><\/svg><\/span><span class=\"shariff-text\" style=\"color:#6364FF\">teilen<\/span>&nbsp;<\/a><\/li><li class=\"shariff-button bluesky shariff-nocustomcolor\" style=\"background-color:#84c4ff\"><a href=\"https:\/\/bsky.app\/intent\/compose?text=Fake%20Views%20%E2%80%93%20Aufgeblasenes%20in%20der%20Politik%20%E2%80%93%20Aufgelesenes%20von%20Altenberg%20und%20Benjamin https%3A%2F%2Fwww.kritische-masse.de%2Flogbuch%2F2025%2F02%2Ffake-views-aufgeblasenes-in-der-politik-aufgelesenes-von-altenberg-und-benjamin%2F \" title=\"Bei Bluesky teilen\" aria-label=\"Bei Bluesky teilen\" role=\"button\" rel=\"noopener nofollow\" class=\"shariff-link\" style=\"; background-color:#0085ff; color:#0085ff\" target=\"_blank\"><span class=\"shariff-icon\" style=\"fill:#0085ff\"><svg width=\"20\" height=\"20\" version=\"1.1\" xmlns=\"http:\/\/www.w3.org\/2000\/svg\" viewBox=\"0 0 20 20\"><path class=\"st0\" d=\"M4.89,3.12c2.07,1.55,4.3,4.71,5.11,6.4.82-1.69,3.04-4.84,5.11-6.4,1.49-1.12,3.91-1.99,3.91.77,0,.55-.32,4.63-.5,5.3-.64,2.3-2.99,2.89-5.08,2.54,3.65.62,4.58,2.68,2.57,4.74-3.81,3.91-5.48-.98-5.9-2.23-.08-.23-.11-.34-.12-.25,0-.09-.04.02-.12.25-.43,1.25-2.09,6.14-5.9,2.23-2.01-2.06-1.08-4.12,2.57-4.74-2.09.36-4.44-.23-5.08-2.54-.19-.66-.5-4.74-.5-5.3,0-2.76,2.42-1.89,3.91-.77h0Z\"\/><\/svg><\/span><span class=\"shariff-text\" style=\"color:#0085ff\">teilen<\/span>&nbsp;<\/a><\/li><li class=\"shariff-button threema shariff-nocustomcolor shariff-mobile\" style=\"background-color:#4fbc24\"><a href=\"threema:\/\/compose?text=Fake%20Views%20%E2%80%93%20Aufgeblasenes%20in%20der%20Politik%20%E2%80%93%20Aufgelesenes%20von%20Altenberg%20und%20Benjamin%20https%3A%2F%2Fwww.kritische-masse.de%2Flogbuch%2F2025%2F02%2Ffake-views-aufgeblasenes-in-der-politik-aufgelesenes-von-altenberg-und-benjamin%2F\" title=\"Bei Threema teilen\" aria-label=\"Bei Threema teilen\" role=\"button\" rel=\"noopener nofollow\" class=\"shariff-link\" style=\"; background-color:#1f1f1f; color:#1f1f1f\" target=\"_blank\"><span class=\"shariff-icon\" style=\"fill:#1f1f1f\"><svg width=\"32px\" height=\"20px\" xmlns=\"http:\/\/www.w3.org\/2000\/svg\" viewBox=\"0 0 32 32\"><path fill=\"#1f1f1f\" d=\"M30.8 10.9c-0.3-1.4-0.9-2.6-1.8-3.8-2-2.6-5.5-4.5-9.4-5.2-1.3-0.2-1.9-0.3-3.5-0.3s-2.2 0-3.5 0.3c-4 0.7-7.4 2.6-9.4 5.2-0.9 1.2-1.5 2.4-1.8 3.8-0.1 0.5-0.2 1.2-0.2 1.6 0 0.4 0.1 1.1 0.2 1.6 0.4 1.9 1.3 3.4 2.9 5 0.8 0.8 0.8 0.8 0.7 1.3 0 0.6-0.5 1.6-1.7 3.6-0.3 0.5-0.5 0.9-0.5 0.9 0 0.1 0.1 0.1 0.5 0 0.8-0.2 2.3-0.6 5.6-1.6 1.1-0.3 1.3-0.4 2.3-0.4 0.8 0 1.1 0 2.3 0.2 1.5 0.2 3.5 0.2 4.9 0 5.1-0.6 9.3-2.9 11.4-6.3 0.5-0.9 0.9-1.8 1.1-2.8 0.1-0.5 0.2-1.1 0.2-1.6 0-0.7-0.1-1.1-0.2-1.6-0.3-1.4 0.1 0.5 0 0zM20.6 17.3c0 0.4-0.4 0.8-0.8 0.8h-7.7c-0.4 0-0.8-0.4-0.8-0.8v-4.6c0-0.4 0.4-0.8 0.8-0.8h0.2l0-1.6c0-0.9 0-1.8 0.1-2 0.1-0.6 0.6-1.2 1.1-1.7s1.1-0.7 1.9-0.8c1.8-0.3 3.7 0.7 4.2 2.2 0.1 0.3 0.1 0.7 0.1 2.1v0 1.7h0.1c0.4 0 0.8 0.4 0.8 0.8v4.6zM15.6 7.3c-0.5 0.1-0.8 0.3-1.2 0.6s-0.6 0.8-0.7 1.3c0 0.2 0 0.8 0 1.5l0 1.2h4.6v-1.3c0-1 0-1.4-0.1-1.6-0.3-1.1-1.5-1.9-2.6-1.7zM25.8 28.2c0 1.2-1 2.2-2.1 2.2s-2.1-1-2.1-2.1c0-1.2 1-2.1 2.2-2.1s2.2 1 2.2 2.2zM18.1 28.2c0 1.2-1 2.2-2.1 2.2s-2.1-1-2.1-2.1c0-1.2 1-2.1 2.2-2.1s2.2 1 2.2 2.2zM10.4 28.2c0 1.2-1 2.2-2.1 2.2s-2.1-1-2.1-2.1c0-1.2 1-2.1 2.2-2.1s2.2 1 2.2 2.2z\"\/><\/svg><\/span><span class=\"shariff-text\" style=\"color:#1f1f1f\">teilen<\/span>&nbsp;<\/a><\/li><li class=\"shariff-button facebook shariff-nocustomcolor\" style=\"background-color:#4273c8\"><a href=\"https:\/\/www.facebook.com\/sharer\/sharer.php?u=https%3A%2F%2Fwww.kritische-masse.de%2Flogbuch%2F2025%2F02%2Ffake-views-aufgeblasenes-in-der-politik-aufgelesenes-von-altenberg-und-benjamin%2F\" title=\"Bei Facebook teilen\" aria-label=\"Bei Facebook teilen\" role=\"button\" rel=\"nofollow\" class=\"shariff-link\" style=\"; background-color:#3b5998; color:#3b5998\" target=\"_blank\"><span class=\"shariff-icon\" style=\"fill:#3b5998\"><svg width=\"32px\" height=\"20px\" xmlns=\"http:\/\/www.w3.org\/2000\/svg\" viewBox=\"0 0 18 32\"><path fill=\"#3b5998\" d=\"M17.1 0.2v4.7h-2.8q-1.5 0-2.1 0.6t-0.5 1.9v3.4h5.2l-0.7 5.3h-4.5v13.6h-5.5v-13.6h-4.5v-5.3h4.5v-3.9q0-3.3 1.9-5.2t5-1.8q2.6 0 4.1 0.2z\"\/><\/svg><\/span><span class=\"shariff-text\" style=\"color:#3b5998\">teilen<\/span>&nbsp;<\/a><\/li><li class=\"shariff-button info shariff-nocustomcolor\" style=\"background-color:#a8a8a8\"><a href=\"http:\/\/ct.de\/-2467514\" title=\"Weitere Informationen\" aria-label=\"Weitere Informationen\" role=\"button\" rel=\"noopener \" class=\"shariff-link\" style=\"; background-color:#999; color:#999\" target=\"_blank\"><span class=\"shariff-icon\" style=\"fill:#999\"><svg width=\"32px\" height=\"20px\" xmlns=\"http:\/\/www.w3.org\/2000\/svg\" viewBox=\"0 0 11 32\"><path fill=\"#999\" d=\"M11.4 24v2.3q0 0.5-0.3 0.8t-0.8 0.4h-9.1q-0.5 0-0.8-0.4t-0.4-0.8v-2.3q0-0.5 0.4-0.8t0.8-0.4h1.1v-6.8h-1.1q-0.5 0-0.8-0.4t-0.4-0.8v-2.3q0-0.5 0.4-0.8t0.8-0.4h6.8q0.5 0 0.8 0.4t0.4 0.8v10.3h1.1q0.5 0 0.8 0.4t0.3 0.8zM9.2 3.4v3.4q0 0.5-0.4 0.8t-0.8 0.4h-4.6q-0.4 0-0.8-0.4t-0.4-0.8v-3.4q0-0.4 0.4-0.8t0.8-0.4h4.6q0.5 0 0.8 0.4t0.4 0.8z\"\/><\/svg><\/span><\/a><\/li><\/ul><\/div><p>Gestern hatte ich eine Idee:<\/p>\n<div id=\"ez-toc-container\" class=\"ez-toc-v2_0_82_2 ez-toc-wrap-center counter-hierarchy ez-toc-counter ez-toc-light-blue ez-toc-container-direction\">\n<div class=\"ez-toc-title-container\">\n<p class=\"ez-toc-title\" style=\"cursor:inherit\">Inhalt<\/p>\n<span class=\"ez-toc-title-toggle\"><a href=\"#\" class=\"ez-toc-pull-right ez-toc-btn ez-toc-btn-xs ez-toc-btn-default ez-toc-toggle\" aria-label=\"Toggle Table of Content\"><span class=\"ez-toc-js-icon-con\"><span class=\"\"><span class=\"eztoc-hide\" style=\"display:none;\">Toggle<\/span><span class=\"ez-toc-icon-toggle-span\"><svg style=\"fill: #999;color:#999\" xmlns=\"http:\/\/www.w3.org\/2000\/svg\" class=\"list-377408\" width=\"20px\" height=\"20px\" viewBox=\"0 0 24 24\" fill=\"none\"><path d=\"M6 6H4v2h2V6zm14 0H8v2h12V6zM4 11h2v2H4v-2zm16 0H8v2h12v-2zM4 16h2v2H4v-2zm16 0H8v2h12v-2z\" fill=\"currentColor\"><\/path><\/svg><svg style=\"fill: #999;color:#999\" class=\"arrow-unsorted-368013\" xmlns=\"http:\/\/www.w3.org\/2000\/svg\" width=\"10px\" height=\"10px\" viewBox=\"0 0 24 24\" version=\"1.2\" baseProfile=\"tiny\"><path d=\"M18.2 9.3l-6.2-6.3-6.2 6.3c-.2.2-.3.4-.3.7s.1.5.3.7c.2.2.4.3.7.3h11c.3 0 .5-.1.7-.3.2-.2.3-.5.3-.7s-.1-.5-.3-.7zM5.8 14.7l6.2 6.3 6.2-6.3c.2-.2.3-.5.3-.7s-.1-.5-.3-.7c-.2-.2-.4-.3-.7-.3h-11c-.3 0-.5.1-.7.3-.2.2-.3.5-.3.7s.1.5.3.7z\"\/><\/svg><\/span><\/span><\/span><\/a><\/span><\/div>\n<nav><ul class='ez-toc-list ez-toc-list-level-1 ' ><li class='ez-toc-page-1 ez-toc-heading-level-2'><a class=\"ez-toc-link ez-toc-heading-1\" href=\"https:\/\/www.kritische-masse.de\/logbuch\/2025\/02\/fake-views-aufgeblasenes-in-der-politik-aufgelesenes-von-altenberg-und-benjamin\/#Aufgeblasenes\" >Aufgeblasenes<\/a><\/li><li class='ez-toc-page-1 ez-toc-heading-level-2'><a class=\"ez-toc-link ez-toc-heading-2\" href=\"https:\/\/www.kritische-masse.de\/logbuch\/2025\/02\/fake-views-aufgeblasenes-in-der-politik-aufgelesenes-von-altenberg-und-benjamin\/#Aufgelesenes\" >Aufgelesenes<\/a><ul class='ez-toc-list-level-3' ><li class='ez-toc-heading-level-3'><a class=\"ez-toc-link ez-toc-heading-3\" href=\"https:\/\/www.kritische-masse.de\/logbuch\/2025\/02\/fake-views-aufgeblasenes-in-der-politik-aufgelesenes-von-altenberg-und-benjamin\/#Peter_Altenberg\" >Peter Altenberg:<\/a><\/li><li class='ez-toc-page-1 ez-toc-heading-level-3'><a class=\"ez-toc-link ez-toc-heading-4\" href=\"https:\/\/www.kritische-masse.de\/logbuch\/2025\/02\/fake-views-aufgeblasenes-in-der-politik-aufgelesenes-von-altenberg-und-benjamin\/#Walter_Benjamin\" >Walter Benjamin:<\/a><\/li><\/ul><\/li><li class='ez-toc-page-1 ez-toc-heading-level-2'><a class=\"ez-toc-link ez-toc-heading-5\" href=\"https:\/\/www.kritische-masse.de\/logbuch\/2025\/02\/fake-views-aufgeblasenes-in-der-politik-aufgelesenes-von-altenberg-und-benjamin\/#Abgruende\" >Abgr\u00fcnde<\/a><ul class='ez-toc-list-level-3' ><li class='ez-toc-heading-level-3'><a class=\"ez-toc-link ez-toc-heading-6\" href=\"https:\/\/www.kritische-masse.de\/logbuch\/2025\/02\/fake-views-aufgeblasenes-in-der-politik-aufgelesenes-von-altenberg-und-benjamin\/#Nochmal_Peter_Altenberg\" >Nochmal Peter Altenberg<\/a><\/li><\/ul><\/li><\/ul><\/nav><\/div>\n<h2><span class=\"ez-toc-section\" id=\"Aufgeblasenes\"><\/span>Aufgeblasenes<span class=\"ez-toc-section-end\"><\/span><\/h2>\n<p>Bei Diskussionen mit Politiker:innen im Fernsehen kann man diese am besten dann erwischen, wenn man sich auf ein Gebiet begibt, auf dem diese sich besonders gut auskennen und mindestens eine Ahnung von Ahnung haben. Die Hoffnung dabei, sie w\u00fcrden in dem Bereich nicht l\u00fcgen, weil es zu kognitiven Problemen f\u00fchren w\u00fcrde. Und man kann es ihnen direkt ansehen! Dann habe ich den Gedanken wieder beiseite gelegt als ich mir jemanden wie Christian Lindner, Julia Kl\u00f6ckner oder Jens Spahn vorgestellt habe: Die haben ja in der Tat von nix eine Ahnung und k\u00f6nnen daher salbadern was sie wollen ohne eine Miene dabei zu verziehen. Oder jezze wieder Doro B\u00e4r als Fachfrau f\u00fcr Kernfusion. So wie ja auch die Weideltruppe eine Zeitmaschine entwickelt, bzw. selbst diese ist, die die Zeit nach 1932 zur\u00fcckdrehen will. Von Sahra Leninriefenstalin (Kapielski) zu schweigen.<\/p>\n<h2><span class=\"ez-toc-section\" id=\"Aufgelesenes\"><\/span>Aufgelesenes<span class=\"ez-toc-section-end\"><\/span><\/h2>\n<h3><span class=\"ez-toc-section\" id=\"Peter_Altenberg\"><\/span><strong>Peter Altenberg:<\/strong><span class=\"ez-toc-section-end\"><\/span><\/h3>\n<blockquote><p>\u201eUnwissen ist die einzige Trag\u00f6die des Daseins. Es gibt keine andere.\u201c \u2013 \u201e&#8217;Alles wirkt individuell&#8217; sagte ein Skeptiker und trank statt Kaiserbrunn-Gebirgsquellwasser Schwefels\u00e4ure.\u201c<\/p>\n<p>Peter Altenberg, Pr\u00f2dr\u014fm\u014fs. 2. Aufl. Berlin, 1906, S. 33, 35.<\/p><\/blockquote>\n<h3><span class=\"ez-toc-section\" id=\"Walter_Benjamin\"><\/span><strong>Walter Benjamin:<\/strong><span class=\"ez-toc-section-end\"><\/span><\/h3>\n<blockquote><p>\u201eUnmerklich, wie die Krankheit zu Beginn sich mit mir eingelassen hatte, schied sie auch. Doch wenn ich im Begriff war, sie schon wieder ganz zu vergessen, dann erreichte mich ein letzter Gru\u00df von ihr auf meinem Zeugnis. Die Summe der vers\u00e4umten Stunden war an seinem Fu\u00df verzeichnet. Keineswegs erschienen sie mir grau; eint\u00f6nig wie die, denen ich gefolgt war, sondern gleich bunten Streifchen an der Brust des Invaliden standen sie gereiht. Ja eine lange Reihe Ehrenzeichen versinnlichte in meinen Augen der Vermerk: Gefehlt &#8211; einhundertdreiundsiebzig Stunden.\u201c<br \/>\nWalter Benjamin: Berliner Kindheit um Neunzehnhundert.<\/p><\/blockquote>\n<h2><span class=\"ez-toc-section\" id=\"Abgruende\"><\/span><strong>Abgr\u00fcnde<\/strong><span class=\"ez-toc-section-end\"><\/span><\/h2>\n<figure id=\"attachment_10749\" aria-describedby=\"caption-attachment-10749\" style=\"width: 819px\" class=\"wp-caption aligncenter\"><img data-recalc-dims=\"1\" loading=\"lazy\" decoding=\"async\" data-attachment-id=\"10749\" data-permalink=\"https:\/\/www.kritische-masse.de\/logbuch\/2025\/02\/fake-views-aufgeblasenes-in-der-politik-aufgelesenes-von-altenberg-und-benjamin\/abgruende\/\" data-orig-file=\"https:\/\/i0.wp.com\/www.kritische-masse.de\/logbuch\/wp-content\/uploads\/2025\/02\/abgruende.jpg?fit=1440%2C1800&amp;ssl=1\" data-orig-size=\"1440,1800\" data-comments-opened=\"1\" data-image-meta=\"{&quot;aperture&quot;:&quot;0&quot;,&quot;credit&quot;:&quot;&quot;,&quot;camera&quot;:&quot;&quot;,&quot;caption&quot;:&quot;&quot;,&quot;created_timestamp&quot;:&quot;0&quot;,&quot;copyright&quot;:&quot;&quot;,&quot;focal_length&quot;:&quot;0&quot;,&quot;iso&quot;:&quot;0&quot;,&quot;shutter_speed&quot;:&quot;0&quot;,&quot;title&quot;:&quot;&quot;,&quot;orientation&quot;:&quot;0&quot;}\" data-image-title=\"Abgr\u00fcnde.\" data-image-description=\"&lt;p&gt;Abgr\u00fcnde.&lt;\/p&gt;\n\" data-image-caption=\"&lt;p&gt;Abgr\u00fcnde.&lt;\/p&gt;\n\" data-large-file=\"https:\/\/i0.wp.com\/www.kritische-masse.de\/logbuch\/wp-content\/uploads\/2025\/02\/abgruende.jpg?fit=819%2C1024&amp;ssl=1\" class=\"size-large wp-image-10749\" title=\"Abgr\u00fcnde.\" src=\"https:\/\/i0.wp.com\/www.kritische-masse.de\/logbuch\/wp-content\/uploads\/2025\/02\/abgruende.jpg?resize=819%2C1024&#038;ssl=1\" alt=\"Abgr\u00fcnde: Foto: Hufner\" width=\"819\" height=\"1024\" srcset=\"https:\/\/i0.wp.com\/www.kritische-masse.de\/logbuch\/wp-content\/uploads\/2025\/02\/abgruende.jpg?resize=819%2C1024&amp;ssl=1 819w, https:\/\/i0.wp.com\/www.kritische-masse.de\/logbuch\/wp-content\/uploads\/2025\/02\/abgruende.jpg?resize=240%2C300&amp;ssl=1 240w, https:\/\/i0.wp.com\/www.kritische-masse.de\/logbuch\/wp-content\/uploads\/2025\/02\/abgruende.jpg?resize=768%2C960&amp;ssl=1 768w, https:\/\/i0.wp.com\/www.kritische-masse.de\/logbuch\/wp-content\/uploads\/2025\/02\/abgruende.jpg?resize=1229%2C1536&amp;ssl=1 1229w, https:\/\/i0.wp.com\/www.kritische-masse.de\/logbuch\/wp-content\/uploads\/2025\/02\/abgruende.jpg?resize=1320%2C1650&amp;ssl=1 1320w, https:\/\/i0.wp.com\/www.kritische-masse.de\/logbuch\/wp-content\/uploads\/2025\/02\/abgruende.jpg?w=1440&amp;ssl=1 1440w\" sizes=\"auto, (max-width: 819px) 100vw, 819px\" \/><figcaption id=\"caption-attachment-10749\" class=\"wp-caption-text\">Abgr\u00fcnde.<\/figcaption><\/figure>\n<p>Jetzt r\u00e4cht es sich, dass man mehr vergammelte Schulen statt moderner Konzerts\u00e4le gebaut hat. Deutscher Kulturrat vor ein paar Jahren:<\/p>\n<blockquote><p>\u201e\u2026Gerade Kulturorte, die bereits jetzt ausgefeilte Hygienekonzepte und im Unterschied zu den meisten Schulen auch entsprechende L\u00fcftungsanlagen haben, dr\u00e4ngen sich als Teil kommunaler Bildungslandschaften geradezu als weitere Unterrichtsorte auf. Warum nicht eine Schulklasse im Museum, im Theater, im Kino, in der Jugendkunstschule, in der Musikschule, in der Bibliothek, im soziokulturellen Zentrum oder an einem anderem Kulturort unterrichten? Hier ist jetzt Fantasie gefragt. Die Kulturorte stehen bereit sich einzubringen. Kulturorte sind Schulorte!\u201c<\/p><\/blockquote>\n<h3><span class=\"ez-toc-section\" id=\"Nochmal_Peter_Altenberg\"><\/span>Nochmal Peter Altenberg<span class=\"ez-toc-section-end\"><\/span><\/h3>\n<blockquote><p><span class=\"x193iq5w xeuugli x13faqbe x1vvkbs xlh3980 xvmahel x1n0sxbx x1lliihq x1s928wv xhkezso x1gmr53x x1cpjm7i x1fgarty x1943h6x xudqn12 x3x7a5m x6prxxf xvq8zen xo1l8bm xzsf02u x1yc453h\" dir=\"auto\">\u201eMelancholie jeglicher Art ist das Gef\u00fchl der Unf\u00e4higkeit, den Weg seiner Ideale zu Ende gehen zu k\u00f6nnen! Deshalb machen sich die, die sich schwach f\u00fchlen, vorzeitig k\u00fcnstliche nahegelegene Ideale, um ihren Melancholieen entrinnen zu k\u00f6nnen!\u201c<\/span><\/p>\n<p>Peter Altenberg, Pr\u00f2dr\u014fm\u014fs. 2. Aufl. Berlin, 1906, S. 22 f.<\/p><\/blockquote>\n<figure id=\"attachment_10748\" aria-describedby=\"caption-attachment-10748\" style=\"width: 840px\" class=\"wp-caption aligncenter\"><img data-recalc-dims=\"1\" loading=\"lazy\" decoding=\"async\" data-attachment-id=\"10748\" data-permalink=\"https:\/\/www.kritische-masse.de\/logbuch\/2025\/02\/fake-views-aufgeblasenes-in-der-politik-aufgelesenes-von-altenberg-und-benjamin\/27fake-views3696711_10159845576574182_6340641064242038991_n\/\" data-orig-file=\"https:\/\/i0.wp.com\/www.kritische-masse.de\/logbuch\/wp-content\/uploads\/2025\/02\/27fake-views3696711_10159845576574182_6340641064242038991_n.jpg?fit=1440%2C1080&amp;ssl=1\" data-orig-size=\"1440,1080\" data-comments-opened=\"1\" data-image-meta=\"{&quot;aperture&quot;:&quot;0&quot;,&quot;credit&quot;:&quot;&quot;,&quot;camera&quot;:&quot;&quot;,&quot;caption&quot;:&quot;&quot;,&quot;created_timestamp&quot;:&quot;0&quot;,&quot;copyright&quot;:&quot;&quot;,&quot;focal_length&quot;:&quot;0&quot;,&quot;iso&quot;:&quot;0&quot;,&quot;shutter_speed&quot;:&quot;0&quot;,&quot;title&quot;:&quot;&quot;,&quot;orientation&quot;:&quot;0&quot;}\" data-image-title=\"Neulich eine Lobbyistin von VW: &amp;#8220;Darf ich Ihnen wohl meine Visitenkarre geben?&amp;#8221;\" data-image-description=\"&lt;p&gt;Neulich eine Lobbyistin von VW: &amp;#8220;Darf ich Ihnen wohl meine Visitenkarre geben?&amp;#8221;&lt;\/p&gt;\n\" data-image-caption=\"&lt;p&gt;Neulich eine Lobbyistin von VW: &amp;#8220;Darf ich Ihnen wohl meine Visitenkarre geben?&amp;#8221;&lt;\/p&gt;\n\" data-large-file=\"https:\/\/i0.wp.com\/www.kritische-masse.de\/logbuch\/wp-content\/uploads\/2025\/02\/27fake-views3696711_10159845576574182_6340641064242038991_n.jpg?fit=1024%2C768&amp;ssl=1\" class=\"size-large wp-image-10748\" title=\"Neulich eine Lobbyistin von VW: &quot;Darf ich Ihnen wohl meine Visitenkarre geben?&quot;\" src=\"https:\/\/i0.wp.com\/www.kritische-masse.de\/logbuch\/wp-content\/uploads\/2025\/02\/27fake-views3696711_10159845576574182_6340641064242038991_n.jpg?resize=840%2C630&#038;ssl=1\" alt=\"Fake Views. Foto: Hufner\" width=\"840\" height=\"630\" srcset=\"https:\/\/i0.wp.com\/www.kritische-masse.de\/logbuch\/wp-content\/uploads\/2025\/02\/27fake-views3696711_10159845576574182_6340641064242038991_n.jpg?resize=1024%2C768&amp;ssl=1 1024w, https:\/\/i0.wp.com\/www.kritische-masse.de\/logbuch\/wp-content\/uploads\/2025\/02\/27fake-views3696711_10159845576574182_6340641064242038991_n.jpg?resize=300%2C225&amp;ssl=1 300w, https:\/\/i0.wp.com\/www.kritische-masse.de\/logbuch\/wp-content\/uploads\/2025\/02\/27fake-views3696711_10159845576574182_6340641064242038991_n.jpg?resize=768%2C576&amp;ssl=1 768w, https:\/\/i0.wp.com\/www.kritische-masse.de\/logbuch\/wp-content\/uploads\/2025\/02\/27fake-views3696711_10159845576574182_6340641064242038991_n.jpg?resize=840%2C630&amp;ssl=1 840w, https:\/\/i0.wp.com\/www.kritische-masse.de\/logbuch\/wp-content\/uploads\/2025\/02\/27fake-views3696711_10159845576574182_6340641064242038991_n.jpg?resize=440%2C330&amp;ssl=1 440w, https:\/\/i0.wp.com\/www.kritische-masse.de\/logbuch\/wp-content\/uploads\/2025\/02\/27fake-views3696711_10159845576574182_6340641064242038991_n.jpg?resize=1320%2C990&amp;ssl=1 1320w, https:\/\/i0.wp.com\/www.kritische-masse.de\/logbuch\/wp-content\/uploads\/2025\/02\/27fake-views3696711_10159845576574182_6340641064242038991_n.jpg?w=1440&amp;ssl=1 1440w\" sizes=\"auto, (max-width: 840px) 100vw, 840px\" \/><figcaption id=\"caption-attachment-10748\" class=\"wp-caption-text\">Neulich eine Lobbyistin von VW: \u201eDarf ich Ihnen wohl meine Visitenkarre geben?\u201c<\/figcaption><\/figure>\n<div class=\"shariff shariff-align-left shariff-widget-align-left\"><ul class=\"shariff-buttons theme-white orientation-horizontal buttonsize-small\"><li class=\"shariff-button mastodon shariff-nocustomcolor\" style=\"background-color:#563ACC\"><a href=\"https:\/\/s2f.kytta.dev\/?text=Fake%20Views%20%E2%80%93%20Aufgeblasenes%20in%20der%20Politik%20%E2%80%93%20Aufgelesenes%20von%20Altenberg%20und%20Benjamin https%3A%2F%2Fwww.kritische-masse.de%2Flogbuch%2F2025%2F02%2Ffake-views-aufgeblasenes-in-der-politik-aufgelesenes-von-altenberg-und-benjamin%2F\" title=\"Bei Mastodon teilen\" aria-label=\"Bei Mastodon teilen\" role=\"button\" rel=\"noopener nofollow\" class=\"shariff-link\" style=\"; background-color:#6364FF; color:#6364FF\" target=\"_blank\"><span class=\"shariff-icon\" style=\"fill:#6364FF\"><svg width=\"75\" height=\"79\" viewBox=\"0 0 75 79\" fill=\"none\" xmlns=\"http:\/\/www.w3.org\/2000\/svg\"><path d=\"M37.813-.025C32.462-.058 27.114.13 21.79.598c-8.544.621-17.214 5.58-20.203 13.931C-1.12 23.318.408 32.622.465 41.65c.375 7.316.943 14.78 3.392 21.73 4.365 9.465 14.781 14.537 24.782 15.385 7.64.698 15.761-.213 22.517-4.026a54.1 54.1 0 0 0 .01-6.232c-6.855 1.316-14.101 2.609-21.049 1.074-3.883-.88-6.876-4.237-7.25-8.215-1.53-3.988 3.78-.43 5.584-.883 9.048 1.224 18.282.776 27.303-.462 7.044-.837 14.26-4.788 16.65-11.833 2.263-6.135 1.215-12.79 1.698-19.177.06-3.84.09-7.692-.262-11.52C72.596 7.844 63.223.981 53.834.684a219.453 219.453 0 0 0-16.022-.71zm11.294 12.882c5.5-.067 10.801 4.143 11.67 9.653.338 1.48.471 3 .471 4.515v21.088h-8.357c-.07-7.588.153-15.182-.131-22.765-.587-4.368-7.04-5.747-9.672-2.397-2.422 3.04-1.47 7.155-1.67 10.735v6.392h-8.307c-.146-4.996.359-10.045-.404-15.002-1.108-4.218-7.809-5.565-10.094-1.666-1.685 3.046-.712 6.634-.976 9.936v14.767h-8.354c.109-8.165-.238-16.344.215-24.5.674-5.346 5.095-10.389 10.676-10.627 4.902-.739 10.103 2.038 12.053 6.631.375 1.435 1.76 1.932 1.994.084 1.844-3.704 5.501-6.739 9.785-6.771.367-.044.735-.068 1.101-.073z\"\/><defs><linearGradient id=\"paint0_linear_549_34\" x1=\"37.0692\" y1=\"0\" x2=\"37.0692\" y2=\"79\" gradientUnits=\"userSpaceOnUse\"><stop stop-color=\"#6364FF\"\/><stop offset=\"1\" stop-color=\"#563ACC\"\/><\/linearGradient><\/defs><\/svg><\/span><span class=\"shariff-text\" style=\"color:#6364FF\">teilen<\/span>&nbsp;<\/a><\/li><li class=\"shariff-button bluesky shariff-nocustomcolor\" style=\"background-color:#84c4ff\"><a href=\"https:\/\/bsky.app\/intent\/compose?text=Fake%20Views%20%E2%80%93%20Aufgeblasenes%20in%20der%20Politik%20%E2%80%93%20Aufgelesenes%20von%20Altenberg%20und%20Benjamin https%3A%2F%2Fwww.kritische-masse.de%2Flogbuch%2F2025%2F02%2Ffake-views-aufgeblasenes-in-der-politik-aufgelesenes-von-altenberg-und-benjamin%2F \" title=\"Bei Bluesky teilen\" aria-label=\"Bei Bluesky teilen\" role=\"button\" rel=\"noopener nofollow\" class=\"shariff-link\" style=\"; background-color:#0085ff; color:#0085ff\" target=\"_blank\"><span class=\"shariff-icon\" style=\"fill:#0085ff\"><svg width=\"20\" height=\"20\" version=\"1.1\" xmlns=\"http:\/\/www.w3.org\/2000\/svg\" viewBox=\"0 0 20 20\"><path class=\"st0\" d=\"M4.89,3.12c2.07,1.55,4.3,4.71,5.11,6.4.82-1.69,3.04-4.84,5.11-6.4,1.49-1.12,3.91-1.99,3.91.77,0,.55-.32,4.63-.5,5.3-.64,2.3-2.99,2.89-5.08,2.54,3.65.62,4.58,2.68,2.57,4.74-3.81,3.91-5.48-.98-5.9-2.23-.08-.23-.11-.34-.12-.25,0-.09-.04.02-.12.25-.43,1.25-2.09,6.14-5.9,2.23-2.01-2.06-1.08-4.12,2.57-4.74-2.09.36-4.44-.23-5.08-2.54-.19-.66-.5-4.74-.5-5.3,0-2.76,2.42-1.89,3.91-.77h0Z\"\/><\/svg><\/span><span class=\"shariff-text\" style=\"color:#0085ff\">teilen<\/span>&nbsp;<\/a><\/li><li class=\"shariff-button threema shariff-nocustomcolor shariff-mobile\" style=\"background-color:#4fbc24\"><a href=\"threema:\/\/compose?text=Fake%20Views%20%E2%80%93%20Aufgeblasenes%20in%20der%20Politik%20%E2%80%93%20Aufgelesenes%20von%20Altenberg%20und%20Benjamin%20https%3A%2F%2Fwww.kritische-masse.de%2Flogbuch%2F2025%2F02%2Ffake-views-aufgeblasenes-in-der-politik-aufgelesenes-von-altenberg-und-benjamin%2F\" title=\"Bei Threema teilen\" aria-label=\"Bei Threema teilen\" role=\"button\" rel=\"noopener nofollow\" class=\"shariff-link\" style=\"; background-color:#1f1f1f; color:#1f1f1f\" target=\"_blank\"><span class=\"shariff-icon\" style=\"fill:#1f1f1f\"><svg width=\"32px\" height=\"20px\" xmlns=\"http:\/\/www.w3.org\/2000\/svg\" viewBox=\"0 0 32 32\"><path fill=\"#1f1f1f\" d=\"M30.8 10.9c-0.3-1.4-0.9-2.6-1.8-3.8-2-2.6-5.5-4.5-9.4-5.2-1.3-0.2-1.9-0.3-3.5-0.3s-2.2 0-3.5 0.3c-4 0.7-7.4 2.6-9.4 5.2-0.9 1.2-1.5 2.4-1.8 3.8-0.1 0.5-0.2 1.2-0.2 1.6 0 0.4 0.1 1.1 0.2 1.6 0.4 1.9 1.3 3.4 2.9 5 0.8 0.8 0.8 0.8 0.7 1.3 0 0.6-0.5 1.6-1.7 3.6-0.3 0.5-0.5 0.9-0.5 0.9 0 0.1 0.1 0.1 0.5 0 0.8-0.2 2.3-0.6 5.6-1.6 1.1-0.3 1.3-0.4 2.3-0.4 0.8 0 1.1 0 2.3 0.2 1.5 0.2 3.5 0.2 4.9 0 5.1-0.6 9.3-2.9 11.4-6.3 0.5-0.9 0.9-1.8 1.1-2.8 0.1-0.5 0.2-1.1 0.2-1.6 0-0.7-0.1-1.1-0.2-1.6-0.3-1.4 0.1 0.5 0 0zM20.6 17.3c0 0.4-0.4 0.8-0.8 0.8h-7.7c-0.4 0-0.8-0.4-0.8-0.8v-4.6c0-0.4 0.4-0.8 0.8-0.8h0.2l0-1.6c0-0.9 0-1.8 0.1-2 0.1-0.6 0.6-1.2 1.1-1.7s1.1-0.7 1.9-0.8c1.8-0.3 3.7 0.7 4.2 2.2 0.1 0.3 0.1 0.7 0.1 2.1v0 1.7h0.1c0.4 0 0.8 0.4 0.8 0.8v4.6zM15.6 7.3c-0.5 0.1-0.8 0.3-1.2 0.6s-0.6 0.8-0.7 1.3c0 0.2 0 0.8 0 1.5l0 1.2h4.6v-1.3c0-1 0-1.4-0.1-1.6-0.3-1.1-1.5-1.9-2.6-1.7zM25.8 28.2c0 1.2-1 2.2-2.1 2.2s-2.1-1-2.1-2.1c0-1.2 1-2.1 2.2-2.1s2.2 1 2.2 2.2zM18.1 28.2c0 1.2-1 2.2-2.1 2.2s-2.1-1-2.1-2.1c0-1.2 1-2.1 2.2-2.1s2.2 1 2.2 2.2zM10.4 28.2c0 1.2-1 2.2-2.1 2.2s-2.1-1-2.1-2.1c0-1.2 1-2.1 2.2-2.1s2.2 1 2.2 2.2z\"\/><\/svg><\/span><span class=\"shariff-text\" style=\"color:#1f1f1f\">teilen<\/span>&nbsp;<\/a><\/li><li class=\"shariff-button facebook shariff-nocustomcolor\" style=\"background-color:#4273c8\"><a href=\"https:\/\/www.facebook.com\/sharer\/sharer.php?u=https%3A%2F%2Fwww.kritische-masse.de%2Flogbuch%2F2025%2F02%2Ffake-views-aufgeblasenes-in-der-politik-aufgelesenes-von-altenberg-und-benjamin%2F\" title=\"Bei Facebook teilen\" aria-label=\"Bei Facebook teilen\" role=\"button\" rel=\"nofollow\" class=\"shariff-link\" style=\"; background-color:#3b5998; color:#3b5998\" target=\"_blank\"><span class=\"shariff-icon\" style=\"fill:#3b5998\"><svg width=\"32px\" height=\"20px\" xmlns=\"http:\/\/www.w3.org\/2000\/svg\" viewBox=\"0 0 18 32\"><path fill=\"#3b5998\" d=\"M17.1 0.2v4.7h-2.8q-1.5 0-2.1 0.6t-0.5 1.9v3.4h5.2l-0.7 5.3h-4.5v13.6h-5.5v-13.6h-4.5v-5.3h4.5v-3.9q0-3.3 1.9-5.2t5-1.8q2.6 0 4.1 0.2z\"\/><\/svg><\/span><span class=\"shariff-text\" style=\"color:#3b5998\">teilen<\/span>&nbsp;<\/a><\/li><li class=\"shariff-button info shariff-nocustomcolor\" style=\"background-color:#a8a8a8\"><a href=\"http:\/\/ct.de\/-2467514\" title=\"Weitere Informationen\" aria-label=\"Weitere Informationen\" role=\"button\" rel=\"noopener \" class=\"shariff-link\" style=\"; background-color:#999; color:#999\" target=\"_blank\"><span class=\"shariff-icon\" style=\"fill:#999\"><svg width=\"32px\" height=\"20px\" xmlns=\"http:\/\/www.w3.org\/2000\/svg\" viewBox=\"0 0 11 32\"><path fill=\"#999\" d=\"M11.4 24v2.3q0 0.5-0.3 0.8t-0.8 0.4h-9.1q-0.5 0-0.8-0.4t-0.4-0.8v-2.3q0-0.5 0.4-0.8t0.8-0.4h1.1v-6.8h-1.1q-0.5 0-0.8-0.4t-0.4-0.8v-2.3q0-0.5 0.4-0.8t0.8-0.4h6.8q0.5 0 0.8 0.4t0.4 0.8v10.3h1.1q0.5 0 0.8 0.4t0.3 0.8zM9.2 3.4v3.4q0 0.5-0.4 0.8t-0.8 0.4h-4.6q-0.4 0-0.8-0.4t-0.4-0.8v-3.4q0-0.4 0.4-0.8t0.8-0.4h4.6q0.5 0 0.8 0.4t0.4 0.8z\"\/><\/svg><\/span><\/a><\/li><\/ul><\/div>","protected":false},"excerpt":{"rendered":"<p>Neulich eine Lobbyistin von VW: \u201eDarf ich Ihnen wohl meine Visitenkarre geben?\u201c +++ Aufgelesenes von Peter Altenberg und Walter Benjamin +++ Erinnerung daran, dass der Deutsche Kulturrat einmal Konzerts\u00e4le zu R\u00e4umen f\u00fcr Schulen umwidmen wollte +++ Zur Aktuellen Lage f\u00e4llt einem viel zu viel ein. Aber das k\u00f6nnte Kopf und Magen kosten<\/p>\n<div class=\"shariff shariff-align-left shariff-widget-align-left\"><ul class=\"shariff-buttons theme-white orientation-horizontal buttonsize-small\"><li class=\"shariff-button mastodon shariff-nocustomcolor\" style=\"background-color:#563ACC\"><a href=\"https:\/\/s2f.kytta.dev\/?text=Fake%20Views%20%E2%80%93%20Aufgeblasenes%20in%20der%20Politik%20%E2%80%93%20Aufgelesenes%20von%20Altenberg%20und%20Benjamin https%3A%2F%2Fwww.kritische-masse.de%2Flogbuch%2F2025%2F02%2Ffake-views-aufgeblasenes-in-der-politik-aufgelesenes-von-altenberg-und-benjamin%2F\" title=\"Bei Mastodon teilen\" aria-label=\"Bei Mastodon teilen\" role=\"button\" rel=\"noopener nofollow\" class=\"shariff-link\" style=\"; background-color:#6364FF; color:#6364FF\" target=\"_blank\"><span class=\"shariff-icon\" style=\"fill:#6364FF\"><svg width=\"75\" height=\"79\" viewBox=\"0 0 75 79\" fill=\"none\" xmlns=\"http:\/\/www.w3.org\/2000\/svg\"><path d=\"M37.813-.025C32.462-.058 27.114.13 21.79.598c-8.544.621-17.214 5.58-20.203 13.931C-1.12 23.318.408 32.622.465 41.65c.375 7.316.943 14.78 3.392 21.73 4.365 9.465 14.781 14.537 24.782 15.385 7.64.698 15.761-.213 22.517-4.026a54.1 54.1 0 0 0 .01-6.232c-6.855 1.316-14.101 2.609-21.049 1.074-3.883-.88-6.876-4.237-7.25-8.215-1.53-3.988 3.78-.43 5.584-.883 9.048 1.224 18.282.776 27.303-.462 7.044-.837 14.26-4.788 16.65-11.833 2.263-6.135 1.215-12.79 1.698-19.177.06-3.84.09-7.692-.262-11.52C72.596 7.844 63.223.981 53.834.684a219.453 219.453 0 0 0-16.022-.71zm11.294 12.882c5.5-.067 10.801 4.143 11.67 9.653.338 1.48.471 3 .471 4.515v21.088h-8.357c-.07-7.588.153-15.182-.131-22.765-.587-4.368-7.04-5.747-9.672-2.397-2.422 3.04-1.47 7.155-1.67 10.735v6.392h-8.307c-.146-4.996.359-10.045-.404-15.002-1.108-4.218-7.809-5.565-10.094-1.666-1.685 3.046-.712 6.634-.976 9.936v14.767h-8.354c.109-8.165-.238-16.344.215-24.5.674-5.346 5.095-10.389 10.676-10.627 4.902-.739 10.103 2.038 12.053 6.631.375 1.435 1.76 1.932 1.994.084 1.844-3.704 5.501-6.739 9.785-6.771.367-.044.735-.068 1.101-.073z\"\/><defs><linearGradient id=\"paint0_linear_549_34\" x1=\"37.0692\" y1=\"0\" x2=\"37.0692\" y2=\"79\" gradientUnits=\"userSpaceOnUse\"><stop stop-color=\"#6364FF\"\/><stop offset=\"1\" stop-color=\"#563ACC\"\/><\/linearGradient><\/defs><\/svg><\/span><span class=\"shariff-text\" style=\"color:#6364FF\">teilen<\/span>&nbsp;<\/a><\/li><li class=\"shariff-button bluesky shariff-nocustomcolor\" style=\"background-color:#84c4ff\"><a href=\"https:\/\/bsky.app\/intent\/compose?text=Fake%20Views%20%E2%80%93%20Aufgeblasenes%20in%20der%20Politik%20%E2%80%93%20Aufgelesenes%20von%20Altenberg%20und%20Benjamin https%3A%2F%2Fwww.kritische-masse.de%2Flogbuch%2F2025%2F02%2Ffake-views-aufgeblasenes-in-der-politik-aufgelesenes-von-altenberg-und-benjamin%2F \" title=\"Bei Bluesky teilen\" aria-label=\"Bei Bluesky teilen\" role=\"button\" rel=\"noopener nofollow\" class=\"shariff-link\" style=\"; background-color:#0085ff; color:#0085ff\" target=\"_blank\"><span class=\"shariff-icon\" style=\"fill:#0085ff\"><svg width=\"20\" height=\"20\" version=\"1.1\" xmlns=\"http:\/\/www.w3.org\/2000\/svg\" viewBox=\"0 0 20 20\"><path class=\"st0\" d=\"M4.89,3.12c2.07,1.55,4.3,4.71,5.11,6.4.82-1.69,3.04-4.84,5.11-6.4,1.49-1.12,3.91-1.99,3.91.77,0,.55-.32,4.63-.5,5.3-.64,2.3-2.99,2.89-5.08,2.54,3.65.62,4.58,2.68,2.57,4.74-3.81,3.91-5.48-.98-5.9-2.23-.08-.23-.11-.34-.12-.25,0-.09-.04.02-.12.25-.43,1.25-2.09,6.14-5.9,2.23-2.01-2.06-1.08-4.12,2.57-4.74-2.09.36-4.44-.23-5.08-2.54-.19-.66-.5-4.74-.5-5.3,0-2.76,2.42-1.89,3.91-.77h0Z\"\/><\/svg><\/span><span class=\"shariff-text\" style=\"color:#0085ff\">teilen<\/span>&nbsp;<\/a><\/li><li class=\"shariff-button threema shariff-nocustomcolor shariff-mobile\" style=\"background-color:#4fbc24\"><a href=\"threema:\/\/compose?text=Fake%20Views%20%E2%80%93%20Aufgeblasenes%20in%20der%20Politik%20%E2%80%93%20Aufgelesenes%20von%20Altenberg%20und%20Benjamin%20https%3A%2F%2Fwww.kritische-masse.de%2Flogbuch%2F2025%2F02%2Ffake-views-aufgeblasenes-in-der-politik-aufgelesenes-von-altenberg-und-benjamin%2F\" title=\"Bei Threema teilen\" aria-label=\"Bei Threema teilen\" role=\"button\" rel=\"noopener nofollow\" class=\"shariff-link\" style=\"; background-color:#1f1f1f; color:#1f1f1f\" target=\"_blank\"><span class=\"shariff-icon\" style=\"fill:#1f1f1f\"><svg width=\"32px\" height=\"20px\" xmlns=\"http:\/\/www.w3.org\/2000\/svg\" viewBox=\"0 0 32 32\"><path fill=\"#1f1f1f\" d=\"M30.8 10.9c-0.3-1.4-0.9-2.6-1.8-3.8-2-2.6-5.5-4.5-9.4-5.2-1.3-0.2-1.9-0.3-3.5-0.3s-2.2 0-3.5 0.3c-4 0.7-7.4 2.6-9.4 5.2-0.9 1.2-1.5 2.4-1.8 3.8-0.1 0.5-0.2 1.2-0.2 1.6 0 0.4 0.1 1.1 0.2 1.6 0.4 1.9 1.3 3.4 2.9 5 0.8 0.8 0.8 0.8 0.7 1.3 0 0.6-0.5 1.6-1.7 3.6-0.3 0.5-0.5 0.9-0.5 0.9 0 0.1 0.1 0.1 0.5 0 0.8-0.2 2.3-0.6 5.6-1.6 1.1-0.3 1.3-0.4 2.3-0.4 0.8 0 1.1 0 2.3 0.2 1.5 0.2 3.5 0.2 4.9 0 5.1-0.6 9.3-2.9 11.4-6.3 0.5-0.9 0.9-1.8 1.1-2.8 0.1-0.5 0.2-1.1 0.2-1.6 0-0.7-0.1-1.1-0.2-1.6-0.3-1.4 0.1 0.5 0 0zM20.6 17.3c0 0.4-0.4 0.8-0.8 0.8h-7.7c-0.4 0-0.8-0.4-0.8-0.8v-4.6c0-0.4 0.4-0.8 0.8-0.8h0.2l0-1.6c0-0.9 0-1.8 0.1-2 0.1-0.6 0.6-1.2 1.1-1.7s1.1-0.7 1.9-0.8c1.8-0.3 3.7 0.7 4.2 2.2 0.1 0.3 0.1 0.7 0.1 2.1v0 1.7h0.1c0.4 0 0.8 0.4 0.8 0.8v4.6zM15.6 7.3c-0.5 0.1-0.8 0.3-1.2 0.6s-0.6 0.8-0.7 1.3c0 0.2 0 0.8 0 1.5l0 1.2h4.6v-1.3c0-1 0-1.4-0.1-1.6-0.3-1.1-1.5-1.9-2.6-1.7zM25.8 28.2c0 1.2-1 2.2-2.1 2.2s-2.1-1-2.1-2.1c0-1.2 1-2.1 2.2-2.1s2.2 1 2.2 2.2zM18.1 28.2c0 1.2-1 2.2-2.1 2.2s-2.1-1-2.1-2.1c0-1.2 1-2.1 2.2-2.1s2.2 1 2.2 2.2zM10.4 28.2c0 1.2-1 2.2-2.1 2.2s-2.1-1-2.1-2.1c0-1.2 1-2.1 2.2-2.1s2.2 1 2.2 2.2z\"\/><\/svg><\/span><span class=\"shariff-text\" style=\"color:#1f1f1f\">teilen<\/span>&nbsp;<\/a><\/li><li class=\"shariff-button facebook shariff-nocustomcolor\" style=\"background-color:#4273c8\"><a href=\"https:\/\/www.facebook.com\/sharer\/sharer.php?u=https%3A%2F%2Fwww.kritische-masse.de%2Flogbuch%2F2025%2F02%2Ffake-views-aufgeblasenes-in-der-politik-aufgelesenes-von-altenberg-und-benjamin%2F\" title=\"Bei Facebook teilen\" aria-label=\"Bei Facebook teilen\" role=\"button\" rel=\"nofollow\" class=\"shariff-link\" style=\"; background-color:#3b5998; color:#3b5998\" target=\"_blank\"><span class=\"shariff-icon\" style=\"fill:#3b5998\"><svg width=\"32px\" height=\"20px\" xmlns=\"http:\/\/www.w3.org\/2000\/svg\" viewBox=\"0 0 18 32\"><path fill=\"#3b5998\" d=\"M17.1 0.2v4.7h-2.8q-1.5 0-2.1 0.6t-0.5 1.9v3.4h5.2l-0.7 5.3h-4.5v13.6h-5.5v-13.6h-4.5v-5.3h4.5v-3.9q0-3.3 1.9-5.2t5-1.8q2.6 0 4.1 0.2z\"\/><\/svg><\/span><span class=\"shariff-text\" style=\"color:#3b5998\">teilen<\/span>&nbsp;<\/a><\/li><li class=\"shariff-button info shariff-nocustomcolor\" style=\"background-color:#a8a8a8\"><a href=\"http:\/\/ct.de\/-2467514\" title=\"Weitere Informationen\" aria-label=\"Weitere Informationen\" role=\"button\" rel=\"noopener \" class=\"shariff-link\" style=\"; background-color:#999; color:#999\" target=\"_blank\"><span class=\"shariff-icon\" style=\"fill:#999\"><svg width=\"32px\" height=\"20px\" xmlns=\"http:\/\/www.w3.org\/2000\/svg\" viewBox=\"0 0 11 32\"><path fill=\"#999\" d=\"M11.4 24v2.3q0 0.5-0.3 0.8t-0.8 0.4h-9.1q-0.5 0-0.8-0.4t-0.4-0.8v-2.3q0-0.5 0.4-0.8t0.8-0.4h1.1v-6.8h-1.1q-0.5 0-0.8-0.4t-0.4-0.8v-2.3q0-0.5 0.4-0.8t0.8-0.4h6.8q0.5 0 0.8 0.4t0.4 0.8v10.3h1.1q0.5 0 0.8 0.4t0.3 0.8zM9.2 3.4v3.4q0 0.5-0.4 0.8t-0.8 0.4h-4.6q-0.4 0-0.8-0.4t-0.4-0.8v-3.4q0-0.4 0.4-0.8t0.8-0.4h4.6q0.5 0 0.8 0.4t0.4 0.8z\"\/><\/svg><\/span><\/a><\/li><\/ul><\/div>","protected":false},"author":1,"featured_media":10749,"comment_status":"open","ping_status":"open","sticky":false,"template":"","format":"standard","meta":{"ocean_post_layout":"","ocean_both_sidebars_style":"","ocean_both_sidebars_content_width":0,"ocean_both_sidebars_sidebars_width":0,"ocean_sidebar":"","ocean_second_sidebar":"","ocean_disable_margins":"enable","ocean_add_body_class":"","ocean_shortcode_before_top_bar":"","ocean_shortcode_after_top_bar":"","ocean_shortcode_before_header":"","ocean_shortcode_after_header":"","ocean_has_shortcode":"","ocean_shortcode_after_title":"","ocean_shortcode_before_footer_widgets":"","ocean_shortcode_after_footer_widgets":"","ocean_shortcode_before_footer_bottom":"","ocean_shortcode_after_footer_bottom":"","ocean_display_top_bar":"default","ocean_display_header":"default","ocean_header_style":"","ocean_center_header_left_menu":"","ocean_custom_header_template":"","ocean_custom_logo":0,"ocean_custom_retina_logo":0,"ocean_custom_logo_max_width":0,"ocean_custom_logo_tablet_max_width":0,"ocean_custom_logo_mobile_max_width":0,"ocean_custom_logo_max_height":0,"ocean_custom_logo_tablet_max_height":0,"ocean_custom_logo_mobile_max_height":0,"ocean_header_custom_menu":"","ocean_menu_typo_font_family":"","ocean_menu_typo_font_subset":"","ocean_menu_typo_font_size":0,"ocean_menu_typo_font_size_tablet":0,"ocean_menu_typo_font_size_mobile":0,"ocean_menu_typo_font_size_unit":"px","ocean_menu_typo_font_weight":"","ocean_menu_typo_font_weight_tablet":"","ocean_menu_typo_font_weight_mobile":"","ocean_menu_typo_transform":"","ocean_menu_typo_transform_tablet":"","ocean_menu_typo_transform_mobile":"","ocean_menu_typo_line_height":0,"ocean_menu_typo_line_height_tablet":0,"ocean_menu_typo_line_height_mobile":0,"ocean_menu_typo_line_height_unit":"","ocean_menu_typo_spacing":0,"ocean_menu_typo_spacing_tablet":0,"ocean_menu_typo_spacing_mobile":0,"ocean_menu_typo_spacing_unit":"","ocean_menu_link_color":"","ocean_menu_link_color_hover":"","ocean_menu_link_color_active":"","ocean_menu_link_background":"","ocean_menu_link_hover_background":"","ocean_menu_link_active_background":"","ocean_menu_social_links_bg":"","ocean_menu_social_hover_links_bg":"","ocean_menu_social_links_color":"","ocean_menu_social_hover_links_color":"","ocean_disable_title":"default","ocean_disable_heading":"default","ocean_post_title":"","ocean_post_subheading":"","ocean_post_title_style":"","ocean_post_title_background_color":"","ocean_post_title_background":0,"ocean_post_title_bg_image_position":"","ocean_post_title_bg_image_attachment":"","ocean_post_title_bg_image_repeat":"","ocean_post_title_bg_image_size":"","ocean_post_title_height":0,"ocean_post_title_bg_overlay":0.5,"ocean_post_title_bg_overlay_color":"","ocean_disable_breadcrumbs":"default","ocean_breadcrumbs_color":"","ocean_breadcrumbs_separator_color":"","ocean_breadcrumbs_links_color":"","ocean_breadcrumbs_links_hover_color":"","ocean_display_footer_widgets":"default","ocean_display_footer_bottom":"default","ocean_custom_footer_template":"","osh_disable_topbar_sticky":"default","osh_disable_header_sticky":"default","osh_sticky_header_style":"default","osh_sticky_header_effect":"","osh_custom_sticky_logo":0,"osh_custom_retina_sticky_logo":0,"osh_custom_sticky_logo_height":0,"osh_background_color":"","osh_links_color":"","osh_links_hover_color":"","osh_links_active_color":"","osh_links_bg_color":"","osh_links_hover_bg_color":"","osh_links_active_bg_color":"","osh_menu_social_links_color":"","osh_menu_social_hover_links_color":"","_FSMCFIC_featured_image_caption":"","_FSMCFIC_featured_image_nocaption":"","_FSMCFIC_featured_image_hide":"","_metis_text_type":"standard","_metis_text_length":3052,"_post_count":0,"_jetpack_memberships_contains_paid_content":false,"activitypub_content_warning":"","activitypub_content_visibility":"","activitypub_max_image_attachments":4,"activitypub_interaction_policy_quote":"anyone","activitypub_status":"","ocean_post_oembed":"","ocean_post_self_hosted_media":"","ocean_post_video_embed":"","ocean_link_format":"","ocean_link_format_target":"self","ocean_quote_format":"","ocean_quote_format_link":"post","ocean_gallery_link_images":"on","ocean_gallery_id":[],"footnotes":"","jetpack_publicize_message":"","jetpack_publicize_feature_enabled":true,"jetpack_social_post_already_shared":true,"jetpack_social_options":{"image_generator_settings":{"template":"highway","default_image_id":0,"font":"","enabled":false},"version":2}},"categories":[4186,4366,2647,2656,2655,2654,2667],"tags":[4197,2166,2418,2469,2490,2880],"class_list":["post-10747","post","type-post","status-publish","format-standard","has-post-thumbnail","hentry","category-die-politik","category-die-zukunft","category-angriffauf","category-du","category-ich","category-privates","category-zettelkasten","tag-peter-altenberg","tag-gesellschaft","tag-kommunikation","tag-kunst","tag-leben","tag-walter-benjamin","entry","has-media"],"yoast_head":"<!-- This site is optimized with the Yoast SEO plugin v27.5 - https:\/\/yoast.com\/product\/yoast-seo-wordpress\/ -->\n<title>Fake Views \u2013 Aufgeblasenes in der Politik \u2013 Aufgelesenes von Altenberg und Benjamin - Kritische Masse<\/title>\n<meta name=\"description\" content=\"Neulich eine Lobbyistin von VW: \u201eDarf ich Ihnen wohl meine Visitenkarre geben?\u201c +++ Aufgelesenes von Peter Altenberg und Walter Benjamin +++ Erinnerung daran, dass der Deutsche Kulturrat einmal Konzerts\u00e4le zu R\u00e4umen f\u00fcr Schulen umwidmen wollte +++ Zur Aktuellen Lage f\u00e4llt einem viel zu viel ein. Aber das k\u00f6nnte Kopf und Magen kosten\" \/>\n<meta name=\"robots\" content=\"index, follow, max-snippet:-1, max-image-preview:large, max-video-preview:-1\" \/>\n<link rel=\"canonical\" href=\"https:\/\/www.kritische-masse.de\/logbuch\/2025\/02\/fake-views-aufgeblasenes-in-der-politik-aufgelesenes-von-altenberg-und-benjamin\/\" \/>\n<meta property=\"og:locale\" content=\"de_DE\" \/>\n<meta property=\"og:type\" content=\"article\" \/>\n<meta property=\"og:title\" content=\"Fake Views \u2013 Aufgeblasenes in der Politik \u2013 Aufgelesenes von Altenberg und Benjamin - Kritische Masse\" \/>\n<meta property=\"og:description\" content=\"Neulich eine Lobbyistin von VW: \u201eDarf ich Ihnen wohl meine Visitenkarre geben?\u201c +++ Aufgelesenes von Peter Altenberg und Walter Benjamin +++ Erinnerung daran, dass der Deutsche Kulturrat einmal Konzerts\u00e4le zu R\u00e4umen f\u00fcr Schulen umwidmen wollte +++ Zur Aktuellen Lage f\u00e4llt einem viel zu viel ein. Aber das k\u00f6nnte Kopf und Magen kosten\" \/>\n<meta property=\"og:url\" content=\"https:\/\/www.kritische-masse.de\/logbuch\/2025\/02\/fake-views-aufgeblasenes-in-der-politik-aufgelesenes-von-altenberg-und-benjamin\/\" \/>\n<meta property=\"og:site_name\" content=\"Kritische Masse\" \/>\n<meta property=\"article:publisher\" content=\"https:\/\/www.facebook.com\/hufner\" \/>\n<meta property=\"article:author\" content=\"https:\/\/www.facebook.com\/hufner\" \/>\n<meta property=\"article:published_time\" content=\"2025-02-11T10:39:28+00:00\" \/>\n<meta property=\"article:modified_time\" content=\"2025-02-11T13:48:40+00:00\" \/>\n<meta property=\"og:image\" content=\"https:\/\/www.kritische-masse.de\/logbuch\/wp-content\/uploads\/2025\/02\/abgruende.jpg\" \/>\n\t<meta property=\"og:image:width\" content=\"1440\" \/>\n\t<meta property=\"og:image:height\" content=\"1800\" \/>\n\t<meta property=\"og:image:type\" content=\"image\/jpeg\" \/>\n<meta name=\"author\" content=\"der huflaikhan\" \/>\n<meta name=\"twitter:label1\" content=\"Verfasst von\" \/>\n\t<meta name=\"twitter:data1\" content=\"der huflaikhan\" \/>\n\t<meta name=\"twitter:label2\" content=\"Gesch\u00e4tzte Lesezeit\" \/>\n\t<meta name=\"twitter:data2\" content=\"2\u00a0Minuten\" \/>\n<script type=\"application\/ld+json\" class=\"yoast-schema-graph\">{\"@context\":\"https:\\\/\\\/schema.org\",\"@graph\":[{\"@type\":\"Article\",\"@id\":\"https:\\\/\\\/www.kritische-masse.de\\\/logbuch\\\/2025\\\/02\\\/fake-views-aufgeblasenes-in-der-politik-aufgelesenes-von-altenberg-und-benjamin\\\/#article\",\"isPartOf\":{\"@id\":\"https:\\\/\\\/www.kritische-masse.de\\\/logbuch\\\/2025\\\/02\\\/fake-views-aufgeblasenes-in-der-politik-aufgelesenes-von-altenberg-und-benjamin\\\/\"},\"author\":{\"name\":\"der huflaikhan\",\"@id\":\"https:\\\/\\\/www.kritische-masse.de\\\/logbuch\\\/#\\\/schema\\\/person\\\/14c491f46504e7f6b79db161f76def1c\"},\"headline\":\"Fake Views \u2013 Aufgeblasenes in der Politik \u2013 Aufgelesenes von Altenberg und Benjamin\",\"datePublished\":\"2025-02-11T10:39:28+00:00\",\"dateModified\":\"2025-02-11T13:48:40+00:00\",\"mainEntityOfPage\":{\"@id\":\"https:\\\/\\\/www.kritische-masse.de\\\/logbuch\\\/2025\\\/02\\\/fake-views-aufgeblasenes-in-der-politik-aufgelesenes-von-altenberg-und-benjamin\\\/\"},\"wordCount\":475,\"commentCount\":0,\"publisher\":{\"@id\":\"https:\\\/\\\/www.kritische-masse.de\\\/logbuch\\\/#\\\/schema\\\/person\\\/14c491f46504e7f6b79db161f76def1c\"},\"image\":{\"@id\":\"https:\\\/\\\/www.kritische-masse.de\\\/logbuch\\\/2025\\\/02\\\/fake-views-aufgeblasenes-in-der-politik-aufgelesenes-von-altenberg-und-benjamin\\\/#primaryimage\"},\"thumbnailUrl\":\"https:\\\/\\\/i0.wp.com\\\/www.kritische-masse.de\\\/logbuch\\\/wp-content\\\/uploads\\\/2025\\\/02\\\/abgruende.jpg?fit=1440%2C1800&ssl=1\",\"keywords\":[\"Peter Altenberg\",\"Gesellschaft\",\"Kommunikation\",\"Kunst\",\"Leben\",\"Walter Benjamin\"],\"articleSection\":[\"die Politik\",\"die Zukunft\",\"Angriff auf \u2026\",\"Du\",\"Ich\",\"Privates\",\"Zettelkasten\"],\"inLanguage\":\"de\",\"potentialAction\":[{\"@type\":\"CommentAction\",\"name\":\"Comment\",\"target\":[\"https:\\\/\\\/www.kritische-masse.de\\\/logbuch\\\/2025\\\/02\\\/fake-views-aufgeblasenes-in-der-politik-aufgelesenes-von-altenberg-und-benjamin\\\/#respond\"]}]},{\"@type\":\"WebPage\",\"@id\":\"https:\\\/\\\/www.kritische-masse.de\\\/logbuch\\\/2025\\\/02\\\/fake-views-aufgeblasenes-in-der-politik-aufgelesenes-von-altenberg-und-benjamin\\\/\",\"url\":\"https:\\\/\\\/www.kritische-masse.de\\\/logbuch\\\/2025\\\/02\\\/fake-views-aufgeblasenes-in-der-politik-aufgelesenes-von-altenberg-und-benjamin\\\/\",\"name\":\"Fake Views \u2013 Aufgeblasenes in der Politik \u2013 Aufgelesenes von Altenberg und Benjamin - Kritische Masse\",\"isPartOf\":{\"@id\":\"https:\\\/\\\/www.kritische-masse.de\\\/logbuch\\\/#website\"},\"primaryImageOfPage\":{\"@id\":\"https:\\\/\\\/www.kritische-masse.de\\\/logbuch\\\/2025\\\/02\\\/fake-views-aufgeblasenes-in-der-politik-aufgelesenes-von-altenberg-und-benjamin\\\/#primaryimage\"},\"image\":{\"@id\":\"https:\\\/\\\/www.kritische-masse.de\\\/logbuch\\\/2025\\\/02\\\/fake-views-aufgeblasenes-in-der-politik-aufgelesenes-von-altenberg-und-benjamin\\\/#primaryimage\"},\"thumbnailUrl\":\"https:\\\/\\\/i0.wp.com\\\/www.kritische-masse.de\\\/logbuch\\\/wp-content\\\/uploads\\\/2025\\\/02\\\/abgruende.jpg?fit=1440%2C1800&ssl=1\",\"datePublished\":\"2025-02-11T10:39:28+00:00\",\"dateModified\":\"2025-02-11T13:48:40+00:00\",\"description\":\"Neulich eine Lobbyistin von VW: \u201eDarf ich Ihnen wohl meine Visitenkarre geben?\u201c +++ Aufgelesenes von Peter Altenberg und Walter Benjamin +++ Erinnerung daran, dass der Deutsche Kulturrat einmal Konzerts\u00e4le zu R\u00e4umen f\u00fcr Schulen umwidmen wollte +++ Zur Aktuellen Lage f\u00e4llt einem viel zu viel ein. Aber das k\u00f6nnte Kopf und Magen kosten\",\"breadcrumb\":{\"@id\":\"https:\\\/\\\/www.kritische-masse.de\\\/logbuch\\\/2025\\\/02\\\/fake-views-aufgeblasenes-in-der-politik-aufgelesenes-von-altenberg-und-benjamin\\\/#breadcrumb\"},\"inLanguage\":\"de\",\"potentialAction\":[{\"@type\":\"ReadAction\",\"target\":[\"https:\\\/\\\/www.kritische-masse.de\\\/logbuch\\\/2025\\\/02\\\/fake-views-aufgeblasenes-in-der-politik-aufgelesenes-von-altenberg-und-benjamin\\\/\"]}]},{\"@type\":\"ImageObject\",\"inLanguage\":\"de\",\"@id\":\"https:\\\/\\\/www.kritische-masse.de\\\/logbuch\\\/2025\\\/02\\\/fake-views-aufgeblasenes-in-der-politik-aufgelesenes-von-altenberg-und-benjamin\\\/#primaryimage\",\"url\":\"https:\\\/\\\/i0.wp.com\\\/www.kritische-masse.de\\\/logbuch\\\/wp-content\\\/uploads\\\/2025\\\/02\\\/abgruende.jpg?fit=1440%2C1800&ssl=1\",\"contentUrl\":\"https:\\\/\\\/i0.wp.com\\\/www.kritische-masse.de\\\/logbuch\\\/wp-content\\\/uploads\\\/2025\\\/02\\\/abgruende.jpg?fit=1440%2C1800&ssl=1\",\"width\":1440,\"height\":1800,\"caption\":\"Abgr\u00fcnde.\"},{\"@type\":\"BreadcrumbList\",\"@id\":\"https:\\\/\\\/www.kritische-masse.de\\\/logbuch\\\/2025\\\/02\\\/fake-views-aufgeblasenes-in-der-politik-aufgelesenes-von-altenberg-und-benjamin\\\/#breadcrumb\",\"itemListElement\":[{\"@type\":\"ListItem\",\"position\":1,\"name\":\"Startseite\",\"item\":\"https:\\\/\\\/www.kritische-masse.de\\\/logbuch\\\/\"},{\"@type\":\"ListItem\",\"position\":2,\"name\":\"Fake Views \u2013 Aufgeblasenes in der Politik \u2013 Aufgelesenes von Altenberg und Benjamin\"}]},{\"@type\":\"WebSite\",\"@id\":\"https:\\\/\\\/www.kritische-masse.de\\\/logbuch\\\/#website\",\"url\":\"https:\\\/\\\/www.kritische-masse.de\\\/logbuch\\\/\",\"name\":\"kritische masse\",\"description\":\"amt f\u00fcr vermassungsschutz\",\"publisher\":{\"@id\":\"https:\\\/\\\/www.kritische-masse.de\\\/logbuch\\\/#\\\/schema\\\/person\\\/14c491f46504e7f6b79db161f76def1c\"},\"alternateName\":\"das logbuch der kritischen masse\",\"potentialAction\":[{\"@type\":\"SearchAction\",\"target\":{\"@type\":\"EntryPoint\",\"urlTemplate\":\"https:\\\/\\\/www.kritische-masse.de\\\/logbuch\\\/?s={search_term_string}\"},\"query-input\":{\"@type\":\"PropertyValueSpecification\",\"valueRequired\":true,\"valueName\":\"search_term_string\"}}],\"inLanguage\":\"de\"},{\"@type\":[\"Person\",\"Organization\"],\"@id\":\"https:\\\/\\\/www.kritische-masse.de\\\/logbuch\\\/#\\\/schema\\\/person\\\/14c491f46504e7f6b79db161f76def1c\",\"name\":\"der huflaikhan\",\"image\":{\"@type\":\"ImageObject\",\"inLanguage\":\"de\",\"@id\":\"https:\\\/\\\/www.kritische-masse.de\\\/logbuch\\\/wp-content\\\/uploads\\\/2024\\\/01\\\/cropped-kritischmasse_man_512.jpg\",\"url\":\"https:\\\/\\\/www.kritische-masse.de\\\/logbuch\\\/wp-content\\\/uploads\\\/2024\\\/01\\\/cropped-kritischmasse_man_512.jpg\",\"contentUrl\":\"https:\\\/\\\/www.kritische-masse.de\\\/logbuch\\\/wp-content\\\/uploads\\\/2024\\\/01\\\/cropped-kritischmasse_man_512.jpg\",\"width\":512,\"height\":512,\"caption\":\"der huflaikhan\"},\"logo\":{\"@id\":\"https:\\\/\\\/www.kritische-masse.de\\\/logbuch\\\/wp-content\\\/uploads\\\/2024\\\/01\\\/cropped-kritischmasse_man_512.jpg\"},\"description\":\"Betreiber der Kritischen Masse seit 1995. Seit 2023 Wiederaufnahme. Promotion mit einer Arbeit \u00fcber Adornos kompositorische und theoretische Auseinandersetzung mit der Zw\u00f6lftontechnik. Arbeit f\u00fcr den Bayerischen und den Mitteldeutschen Rundfunk als freier Autor und Regisseur \u2013 zumindest bis Ende 2015. Online-Redaktion f\u00fcr neue musikzeitung, Jazzzeitung und Oper &amp; Tanz. Ungl\u00fccklich, aber fast taub.\",\"sameAs\":[\"https:\\\/\\\/www.kritische-masse.de\\\/logbuch\\\/\",\"https:\\\/\\\/www.facebook.com\\\/hufner\"],\"url\":\"https:\\\/\\\/www.kritische-masse.de\\\/logbuch\\\/author\\\/martin_d1juqiu5\\\/\"}]}<\/script>\n<!-- \/ Yoast SEO plugin. -->","yoast_head_json":{"title":"Fake Views \u2013 Aufgeblasenes in der Politik \u2013 Aufgelesenes von Altenberg und Benjamin - Kritische Masse","description":"Neulich eine Lobbyistin von VW: \u201eDarf ich Ihnen wohl meine Visitenkarre geben?\u201c +++ Aufgelesenes von Peter Altenberg und Walter Benjamin +++ Erinnerung daran, dass der Deutsche Kulturrat einmal Konzerts\u00e4le zu R\u00e4umen f\u00fcr Schulen umwidmen wollte +++ Zur Aktuellen Lage f\u00e4llt einem viel zu viel ein. Aber das k\u00f6nnte Kopf und Magen kosten","robots":{"index":"index","follow":"follow","max-snippet":"max-snippet:-1","max-image-preview":"max-image-preview:large","max-video-preview":"max-video-preview:-1"},"canonical":"https:\/\/www.kritische-masse.de\/logbuch\/2025\/02\/fake-views-aufgeblasenes-in-der-politik-aufgelesenes-von-altenberg-und-benjamin\/","og_locale":"de_DE","og_type":"article","og_title":"Fake Views \u2013 Aufgeblasenes in der Politik \u2013 Aufgelesenes von Altenberg und Benjamin - Kritische Masse","og_description":"Neulich eine Lobbyistin von VW: \u201eDarf ich Ihnen wohl meine Visitenkarre geben?\u201c +++ Aufgelesenes von Peter Altenberg und Walter Benjamin +++ Erinnerung daran, dass der Deutsche Kulturrat einmal Konzerts\u00e4le zu R\u00e4umen f\u00fcr Schulen umwidmen wollte +++ Zur Aktuellen Lage f\u00e4llt einem viel zu viel ein. Aber das k\u00f6nnte Kopf und Magen kosten","og_url":"https:\/\/www.kritische-masse.de\/logbuch\/2025\/02\/fake-views-aufgeblasenes-in-der-politik-aufgelesenes-von-altenberg-und-benjamin\/","og_site_name":"Kritische Masse","article_publisher":"https:\/\/www.facebook.com\/hufner","article_author":"https:\/\/www.facebook.com\/hufner","article_published_time":"2025-02-11T10:39:28+00:00","article_modified_time":"2025-02-11T13:48:40+00:00","og_image":[{"width":1440,"height":1800,"url":"https:\/\/www.kritische-masse.de\/logbuch\/wp-content\/uploads\/2025\/02\/abgruende.jpg","type":"image\/jpeg"}],"author":"der huflaikhan","twitter_misc":{"Verfasst von":"der huflaikhan","Gesch\u00e4tzte Lesezeit":"2\u00a0Minuten"},"schema":{"@context":"https:\/\/schema.org","@graph":[{"@type":"Article","@id":"https:\/\/www.kritische-masse.de\/logbuch\/2025\/02\/fake-views-aufgeblasenes-in-der-politik-aufgelesenes-von-altenberg-und-benjamin\/#article","isPartOf":{"@id":"https:\/\/www.kritische-masse.de\/logbuch\/2025\/02\/fake-views-aufgeblasenes-in-der-politik-aufgelesenes-von-altenberg-und-benjamin\/"},"author":{"name":"der huflaikhan","@id":"https:\/\/www.kritische-masse.de\/logbuch\/#\/schema\/person\/14c491f46504e7f6b79db161f76def1c"},"headline":"Fake Views \u2013 Aufgeblasenes in der Politik \u2013 Aufgelesenes von Altenberg und Benjamin","datePublished":"2025-02-11T10:39:28+00:00","dateModified":"2025-02-11T13:48:40+00:00","mainEntityOfPage":{"@id":"https:\/\/www.kritische-masse.de\/logbuch\/2025\/02\/fake-views-aufgeblasenes-in-der-politik-aufgelesenes-von-altenberg-und-benjamin\/"},"wordCount":475,"commentCount":0,"publisher":{"@id":"https:\/\/www.kritische-masse.de\/logbuch\/#\/schema\/person\/14c491f46504e7f6b79db161f76def1c"},"image":{"@id":"https:\/\/www.kritische-masse.de\/logbuch\/2025\/02\/fake-views-aufgeblasenes-in-der-politik-aufgelesenes-von-altenberg-und-benjamin\/#primaryimage"},"thumbnailUrl":"https:\/\/i0.wp.com\/www.kritische-masse.de\/logbuch\/wp-content\/uploads\/2025\/02\/abgruende.jpg?fit=1440%2C1800&ssl=1","keywords":["Peter Altenberg","Gesellschaft","Kommunikation","Kunst","Leben","Walter Benjamin"],"articleSection":["die Politik","die Zukunft","Angriff auf \u2026","Du","Ich","Privates","Zettelkasten"],"inLanguage":"de","potentialAction":[{"@type":"CommentAction","name":"Comment","target":["https:\/\/www.kritische-masse.de\/logbuch\/2025\/02\/fake-views-aufgeblasenes-in-der-politik-aufgelesenes-von-altenberg-und-benjamin\/#respond"]}]},{"@type":"WebPage","@id":"https:\/\/www.kritische-masse.de\/logbuch\/2025\/02\/fake-views-aufgeblasenes-in-der-politik-aufgelesenes-von-altenberg-und-benjamin\/","url":"https:\/\/www.kritische-masse.de\/logbuch\/2025\/02\/fake-views-aufgeblasenes-in-der-politik-aufgelesenes-von-altenberg-und-benjamin\/","name":"Fake Views \u2013 Aufgeblasenes in der Politik \u2013 Aufgelesenes von Altenberg und Benjamin - Kritische Masse","isPartOf":{"@id":"https:\/\/www.kritische-masse.de\/logbuch\/#website"},"primaryImageOfPage":{"@id":"https:\/\/www.kritische-masse.de\/logbuch\/2025\/02\/fake-views-aufgeblasenes-in-der-politik-aufgelesenes-von-altenberg-und-benjamin\/#primaryimage"},"image":{"@id":"https:\/\/www.kritische-masse.de\/logbuch\/2025\/02\/fake-views-aufgeblasenes-in-der-politik-aufgelesenes-von-altenberg-und-benjamin\/#primaryimage"},"thumbnailUrl":"https:\/\/i0.wp.com\/www.kritische-masse.de\/logbuch\/wp-content\/uploads\/2025\/02\/abgruende.jpg?fit=1440%2C1800&ssl=1","datePublished":"2025-02-11T10:39:28+00:00","dateModified":"2025-02-11T13:48:40+00:00","description":"Neulich eine Lobbyistin von VW: \u201eDarf ich Ihnen wohl meine Visitenkarre geben?\u201c +++ Aufgelesenes von Peter Altenberg und Walter Benjamin +++ Erinnerung daran, dass der Deutsche Kulturrat einmal Konzerts\u00e4le zu R\u00e4umen f\u00fcr Schulen umwidmen wollte +++ Zur Aktuellen Lage f\u00e4llt einem viel zu viel ein. Aber das k\u00f6nnte Kopf und Magen kosten","breadcrumb":{"@id":"https:\/\/www.kritische-masse.de\/logbuch\/2025\/02\/fake-views-aufgeblasenes-in-der-politik-aufgelesenes-von-altenberg-und-benjamin\/#breadcrumb"},"inLanguage":"de","potentialAction":[{"@type":"ReadAction","target":["https:\/\/www.kritische-masse.de\/logbuch\/2025\/02\/fake-views-aufgeblasenes-in-der-politik-aufgelesenes-von-altenberg-und-benjamin\/"]}]},{"@type":"ImageObject","inLanguage":"de","@id":"https:\/\/www.kritische-masse.de\/logbuch\/2025\/02\/fake-views-aufgeblasenes-in-der-politik-aufgelesenes-von-altenberg-und-benjamin\/#primaryimage","url":"https:\/\/i0.wp.com\/www.kritische-masse.de\/logbuch\/wp-content\/uploads\/2025\/02\/abgruende.jpg?fit=1440%2C1800&ssl=1","contentUrl":"https:\/\/i0.wp.com\/www.kritische-masse.de\/logbuch\/wp-content\/uploads\/2025\/02\/abgruende.jpg?fit=1440%2C1800&ssl=1","width":1440,"height":1800,"caption":"Abgr\u00fcnde."},{"@type":"BreadcrumbList","@id":"https:\/\/www.kritische-masse.de\/logbuch\/2025\/02\/fake-views-aufgeblasenes-in-der-politik-aufgelesenes-von-altenberg-und-benjamin\/#breadcrumb","itemListElement":[{"@type":"ListItem","position":1,"name":"Startseite","item":"https:\/\/www.kritische-masse.de\/logbuch\/"},{"@type":"ListItem","position":2,"name":"Fake Views \u2013 Aufgeblasenes in der Politik \u2013 Aufgelesenes von Altenberg und Benjamin"}]},{"@type":"WebSite","@id":"https:\/\/www.kritische-masse.de\/logbuch\/#website","url":"https:\/\/www.kritische-masse.de\/logbuch\/","name":"kritische masse","description":"amt f\u00fcr vermassungsschutz","publisher":{"@id":"https:\/\/www.kritische-masse.de\/logbuch\/#\/schema\/person\/14c491f46504e7f6b79db161f76def1c"},"alternateName":"das logbuch der kritischen masse","potentialAction":[{"@type":"SearchAction","target":{"@type":"EntryPoint","urlTemplate":"https:\/\/www.kritische-masse.de\/logbuch\/?s={search_term_string}"},"query-input":{"@type":"PropertyValueSpecification","valueRequired":true,"valueName":"search_term_string"}}],"inLanguage":"de"},{"@type":["Person","Organization"],"@id":"https:\/\/www.kritische-masse.de\/logbuch\/#\/schema\/person\/14c491f46504e7f6b79db161f76def1c","name":"der huflaikhan","image":{"@type":"ImageObject","inLanguage":"de","@id":"https:\/\/www.kritische-masse.de\/logbuch\/wp-content\/uploads\/2024\/01\/cropped-kritischmasse_man_512.jpg","url":"https:\/\/www.kritische-masse.de\/logbuch\/wp-content\/uploads\/2024\/01\/cropped-kritischmasse_man_512.jpg","contentUrl":"https:\/\/www.kritische-masse.de\/logbuch\/wp-content\/uploads\/2024\/01\/cropped-kritischmasse_man_512.jpg","width":512,"height":512,"caption":"der huflaikhan"},"logo":{"@id":"https:\/\/www.kritische-masse.de\/logbuch\/wp-content\/uploads\/2024\/01\/cropped-kritischmasse_man_512.jpg"},"description":"Betreiber der Kritischen Masse seit 1995. Seit 2023 Wiederaufnahme. Promotion mit einer Arbeit \u00fcber Adornos kompositorische und theoretische Auseinandersetzung mit der Zw\u00f6lftontechnik. Arbeit f\u00fcr den Bayerischen und den Mitteldeutschen Rundfunk als freier Autor und Regisseur \u2013 zumindest bis Ende 2015. Online-Redaktion f\u00fcr neue musikzeitung, Jazzzeitung und Oper &amp; Tanz. Ungl\u00fccklich, aber fast taub.","sameAs":["https:\/\/www.kritische-masse.de\/logbuch\/","https:\/\/www.facebook.com\/hufner"],"url":"https:\/\/www.kritische-masse.de\/logbuch\/author\/martin_d1juqiu5\/"}]}},"jetpack_publicize_connections":[],"jetpack_featured_media_url":"https:\/\/i0.wp.com\/www.kritische-masse.de\/logbuch\/wp-content\/uploads\/2025\/02\/abgruende.jpg?fit=1440%2C1800&ssl=1","categories_names":["die Politik","die Zukunft","Angriff auf \u2026","Du","Ich","Privates","Zettelkasten"],"post_class":[["post-10747","post","type-post","status-publish","format-standard","has-post-thumbnail","hentry","category-die-politik","category-die-zukunft","category-angriffauf","category-du","category-ich","category-privates","category-zettelkasten","tag-peter-altenberg","tag-gesellschaft","tag-kommunikation","tag-kunst","tag-leben","tag-walter-benjamin","entry","has-media"]],"author_avatar":["<img alt='' src='https:\/\/secure.gravatar.com\/avatar\/c23aee426d58e69f14ef471114d4cac215eec702ee1bc331e2a62ea77e96ed60?s=96&#038;d=blank&#038;r=g' srcset='https:\/\/secure.gravatar.com\/avatar\/c23aee426d58e69f14ef471114d4cac215eec702ee1bc331e2a62ea77e96ed60?s=192&#038;d=blank&#038;r=g 2x' class='avatar avatar-96 photo' height='96' width='96' loading='lazy' decoding='async'\/>"],"featured_video":null,"jetpack-related-posts":[{"id":11057,"url":"https:\/\/www.kritische-masse.de\/logbuch\/2025\/07\/medien-und-politikgruft-deutschland\/","url_meta":{"origin":10747,"position":0},"title":"Medien- und Politikgruft Deutschland","author":"der huflaikhan","date":"16. Juli 2025","format":false,"excerpt":"tl;dr : Deutschland hat ein Problem in seinem Umgang mit Wissenschaft und Forschung. Medien und Politiker:innern versuchen immer umfangreicher, diese mit Mitteln von der Diskursgewalt auf der einen und mit Befindlichkeitswissen zu diskreditieren und delegitimieren. Das ist eine sch\u00e4dliche Entwicklung und war schon immer Teil autorit\u00e4rer Bewegungen, die \u00fcber Br\u00fcckenschl\u00e4ge\u2026","rel":"","context":"In &quot;Amt f\u00fcr Vermassungsschutz&quot;","block_context":{"text":"Amt f\u00fcr Vermassungsschutz","link":"https:\/\/www.kritische-masse.de\/logbuch\/category\/vermassungsschutz\/"},"img":{"alt_text":"schnappschuss. Foto: Hufnerocus","src":"https:\/\/i0.wp.com\/www.kritische-masse.de\/logbuch\/wp-content\/uploads\/2025\/07\/schnappschuss-SharpenAI-Focus.jpg?fit=1200%2C487&ssl=1&resize=350%2C200","width":350,"height":200,"srcset":"https:\/\/i0.wp.com\/www.kritische-masse.de\/logbuch\/wp-content\/uploads\/2025\/07\/schnappschuss-SharpenAI-Focus.jpg?fit=1200%2C487&ssl=1&resize=350%2C200 1x, https:\/\/i0.wp.com\/www.kritische-masse.de\/logbuch\/wp-content\/uploads\/2025\/07\/schnappschuss-SharpenAI-Focus.jpg?fit=1200%2C487&ssl=1&resize=525%2C300 1.5x, https:\/\/i0.wp.com\/www.kritische-masse.de\/logbuch\/wp-content\/uploads\/2025\/07\/schnappschuss-SharpenAI-Focus.jpg?fit=1200%2C487&ssl=1&resize=700%2C400 2x, https:\/\/i0.wp.com\/www.kritische-masse.de\/logbuch\/wp-content\/uploads\/2025\/07\/schnappschuss-SharpenAI-Focus.jpg?fit=1200%2C487&ssl=1&resize=1050%2C600 3x"},"classes":[]},{"id":693,"url":"https:\/\/www.kritische-masse.de\/logbuch\/2004\/08\/der-501te-eintrag-ein-aergernis\/","url_meta":{"origin":10747,"position":1},"title":"Der 501te Eintrag &#8211; ein \u00c4rgernis","author":"huflaikhan","date":"18. August 2004","format":false,"excerpt":"Gestern, am Jubil\u00e4umstag, sind zwei Merkw\u00fcrdigkeiten passiert. Zum ersten Mal fand ich Kommentar-Spam in der Kritische Masse. Die hatte zwar noch keinen Inhalt au\u00dfer ein paar leeren HTML-Tags. Doch freuen tut man sich dar\u00fcber nicht. Keine Ahnung, ob das was bringt: Jedenfalls m\u00fcssen ab sofort alle Kommentare, die sich auf\u2026","rel":"","context":"Mit 4 Kommentaren","block_context":{"text":"Mit 4 Kommentaren","link":"https:\/\/www.kritische-masse.de\/logbuch\/2004\/08\/der-501te-eintrag-ein-aergernis\/#comments"},"img":{"alt_text":"","src":"","width":0,"height":0},"classes":[]},{"id":10401,"url":"https:\/\/www.kritische-masse.de\/logbuch\/2024\/11\/gema-vs-open-ai-musikerinnen-in-den-usa-musik-aus-der-ukraine-x-wird-zur-braunblauen-blase\/","url_meta":{"origin":10747,"position":2},"title":"Gema vs. Open AI \/ Musiker:innen in den USA \/ Musik aus der Ukraine \/ X wird zur braunblauen Blase","author":"der huflaikhan","date":"14. November 2024","format":false,"excerpt":"GEMA vs. Open AI \u2013 Musiker:innen in den USA \u2013 Popkultur elit\u00e4r? (ntv) \u2013 Trump bleibt, X geht unter? \u2013 Keith Jarrett Trio mit neuer alter Platte \u2013 Musik aus der Ukraine in der H\u00f6rBar \u2013 Serverprobleme \u2026 Herr Buddenbohm h\u00f6rt hin \u2026 \u2013 Herr Sibler h\u00f6rt nur zu \u2026","rel":"","context":"In &quot;die Politik&quot;","block_context":{"text":"die Politik","link":"https:\/\/www.kritische-masse.de\/logbuch\/category\/angriffauf\/die-politik\/"},"img":{"alt_text":"Interessante Antennen. MH","src":"https:\/\/i0.wp.com\/www.kritische-masse.de\/logbuch\/wp-content\/uploads\/2024\/11\/Interessante-Antennen.-MH.jpg?fit=1200%2C1200&ssl=1&resize=350%2C200","width":350,"height":200,"srcset":"https:\/\/i0.wp.com\/www.kritische-masse.de\/logbuch\/wp-content\/uploads\/2024\/11\/Interessante-Antennen.-MH.jpg?fit=1200%2C1200&ssl=1&resize=350%2C200 1x, https:\/\/i0.wp.com\/www.kritische-masse.de\/logbuch\/wp-content\/uploads\/2024\/11\/Interessante-Antennen.-MH.jpg?fit=1200%2C1200&ssl=1&resize=525%2C300 1.5x, https:\/\/i0.wp.com\/www.kritische-masse.de\/logbuch\/wp-content\/uploads\/2024\/11\/Interessante-Antennen.-MH.jpg?fit=1200%2C1200&ssl=1&resize=700%2C400 2x, https:\/\/i0.wp.com\/www.kritische-masse.de\/logbuch\/wp-content\/uploads\/2024\/11\/Interessante-Antennen.-MH.jpg?fit=1200%2C1200&ssl=1&resize=1050%2C600 3x"},"classes":[]},{"id":2308,"url":"https:\/\/www.kritische-masse.de\/logbuch\/2007\/10\/die-rationalitaet-der-unvernunft\/","url_meta":{"origin":10747,"position":3},"title":"Die Rationalit\u00e4t der Unvernunft","author":"hufi","date":"12. Oktober 2007","format":false,"excerpt":"\u00dcberlegungen zur Sendung taktlos 115 - Braun Musick In der aktuellen taktlos-Sendung vom 10. Oktober ging es um \"Braun-Musick\", so der Titel. Welche Rolle spielt Musik in der rechtsextremen Szene, war die zentrale Frage. Jetzt kann man sie nachh\u00f6ren als mp3. Auch ich hatte daf\u00fcr einen Beitrag verfasst, einen recht\u2026","rel":"","context":"Mit 9 Kommentaren","block_context":{"text":"Mit 9 Kommentaren","link":"https:\/\/www.kritische-masse.de\/logbuch\/2007\/10\/die-rationalitaet-der-unvernunft\/#comments"},"img":{"alt_text":"","src":"","width":0,"height":0},"classes":[]},{"id":8413,"url":"https:\/\/www.kritische-masse.de\/logbuch\/2013\/12\/kuenstler-und-politik-gergiev\/","url_meta":{"origin":10747,"position":4},"title":"K\u00fcnstler und Politik: Gergiev","author":"der huflaikhan","date":"18. Dezember 2013","format":false,"excerpt":"\u201eIch kenne dieses Gesetz nicht und ich verstehe es auch nicht\", sagte der Dirigent Gergiev, dem demn\u00e4chst die M\u00fcnchner Philharmoniker als Chefdirigent leiten soll und erg\u00e4nzt. \u201eIch bin ein vielbesch\u00e4ftigter K\u00fcnstler.\u201c Das entschuldigt nat\u00fcrlich alles. Ich bin ein vielbesch\u00e4ftigter Hausmann und kann mich ja auch nicht um allen Kram k\u00fcmmern,\u2026","rel":"","context":"In &quot;die Musik&quot;","block_context":{"text":"die Musik","link":"https:\/\/www.kritische-masse.de\/logbuch\/category\/angriffauf\/diemusik\/"},"img":{"alt_text":"","src":"","width":0,"height":0},"classes":[]},{"id":3290,"url":"https:\/\/www.kritische-masse.de\/logbuch\/2013\/12\/k-nstler-und-politik\/","url_meta":{"origin":10747,"position":5},"title":"K\u00fcnstler und Politik","author":"huflaikhan","date":"18. Dezember 2013","format":false,"excerpt":"\u201eIch kenne dieses Gesetz nicht und ich verstehe es auch nicht\", sagte der Dirigent Gergiev, dem demn\u00e4chst die M\u00fcnchner Philharmoniker als Chefdirigent leiten soll und erg\u00e4nzt. \u201eIch bin ein vielbesch\u00e4ftigter K\u00fcnstler.\u201c Das entschuldigt nat\u00fcrlich alles. Ich bin ein vielbesch\u00e4ftigter Hausmann und kann mich ja auch nicht um allen Kram k\u00fcmmern,\u2026","rel":"","context":"In &quot;Angriff auf \u2026&quot;","block_context":{"text":"Angriff auf \u2026","link":"https:\/\/www.kritische-masse.de\/logbuch\/category\/angriffauf\/"},"img":{"alt_text":"Bretterbretterbretter. Foto: Hufner","src":"https:\/\/i0.wp.com\/www.kritische-masse.de\/logbuch\/wp-content\/uploads\/2013\/12\/fotoday-260256.jpg?fit=1200%2C900&ssl=1&resize=350%2C200","width":350,"height":200,"srcset":"https:\/\/i0.wp.com\/www.kritische-masse.de\/logbuch\/wp-content\/uploads\/2013\/12\/fotoday-260256.jpg?fit=1200%2C900&ssl=1&resize=350%2C200 1x, https:\/\/i0.wp.com\/www.kritische-masse.de\/logbuch\/wp-content\/uploads\/2013\/12\/fotoday-260256.jpg?fit=1200%2C900&ssl=1&resize=525%2C300 1.5x, https:\/\/i0.wp.com\/www.kritische-masse.de\/logbuch\/wp-content\/uploads\/2013\/12\/fotoday-260256.jpg?fit=1200%2C900&ssl=1&resize=700%2C400 2x, https:\/\/i0.wp.com\/www.kritische-masse.de\/logbuch\/wp-content\/uploads\/2013\/12\/fotoday-260256.jpg?fit=1200%2C900&ssl=1&resize=1050%2C600 3x"},"classes":[]}],"jetpack_sharing_enabled":true,"public_identification_id":"437fb83e24a046a0a98ddf40a97d140d","private_identification_id":"d17cc32d57ea49e0a62352f64be76e91","_links":{"self":[{"href":"https:\/\/www.kritische-masse.de\/logbuch\/wp-json\/wp\/v2\/posts\/10747","targetHints":{"allow":["GET"]}}],"collection":[{"href":"https:\/\/www.kritische-masse.de\/logbuch\/wp-json\/wp\/v2\/posts"}],"about":[{"href":"https:\/\/www.kritische-masse.de\/logbuch\/wp-json\/wp\/v2\/types\/post"}],"author":[{"embeddable":true,"href":"https:\/\/www.kritische-masse.de\/logbuch\/wp-json\/wp\/v2\/users\/1"}],"replies":[{"embeddable":true,"href":"https:\/\/www.kritische-masse.de\/logbuch\/wp-json\/wp\/v2\/comments?post=10747"}],"version-history":[{"count":0,"href":"https:\/\/www.kritische-masse.de\/logbuch\/wp-json\/wp\/v2\/posts\/10747\/revisions"}],"wp:featuredmedia":[{"embeddable":true,"href":"https:\/\/www.kritische-masse.de\/logbuch\/wp-json\/wp\/v2\/media\/10749"}],"wp:attachment":[{"href":"https:\/\/www.kritische-masse.de\/logbuch\/wp-json\/wp\/v2\/media?parent=10747"}],"wp:term":[{"taxonomy":"category","embeddable":true,"href":"https:\/\/www.kritische-masse.de\/logbuch\/wp-json\/wp\/v2\/categories?post=10747"},{"taxonomy":"post_tag","embeddable":true,"href":"https:\/\/www.kritische-masse.de\/logbuch\/wp-json\/wp\/v2\/tags?post=10747"}],"curies":[{"name":"wp","href":"https:\/\/api.w.org\/{rel}","templated":true}]}}