{"id":10906,"date":"2025-05-15T11:07:02","date_gmt":"2025-05-15T09:07:02","guid":{"rendered":"https:\/\/www.kritische-masse.de\/logbuch\/?p=10906"},"modified":"2025-05-15T11:07:02","modified_gmt":"2025-05-15T09:07:02","slug":"zur-gema-fest-steht-die-reform-schadet-vielen-und-nuetzt-vermutlich-nur-wenigen","status":"publish","type":"post","link":"https:\/\/www.kritische-masse.de\/logbuch\/2025\/05\/zur-gema-fest-steht-die-reform-schadet-vielen-und-nuetzt-vermutlich-nur-wenigen\/","title":{"rendered":"Zur GEMA \u2013 \u201eFest steht: Die Reform schadet vielen und n\u00fctzt vermutlich nur wenigen \u2026\u201c"},"content":{"rendered":"<div class=\"shariff shariff-align-left shariff-widget-align-left\"><ul class=\"shariff-buttons theme-white orientation-horizontal buttonsize-small\"><li class=\"shariff-button mastodon shariff-nocustomcolor\" style=\"background-color:#563ACC\"><a href=\"https:\/\/s2f.kytta.dev\/?text=Zur%20GEMA%20%E2%80%93%20%E2%80%9EFest%20steht%3A%20Die%20Reform%20schadet%20vielen%20und%20n%C3%BCtzt%20vermutlich%20nur%20wenigen%20%E2%80%A6%E2%80%9C https%3A%2F%2Fwww.kritische-masse.de%2Flogbuch%2F2025%2F05%2Fzur-gema-fest-steht-die-reform-schadet-vielen-und-nuetzt-vermutlich-nur-wenigen%2F\" title=\"Bei Mastodon teilen\" aria-label=\"Bei Mastodon teilen\" role=\"button\" rel=\"noopener nofollow\" class=\"shariff-link\" style=\"; background-color:#6364FF; color:#6364FF\" target=\"_blank\"><span class=\"shariff-icon\" style=\"fill:#6364FF\"><svg width=\"75\" height=\"79\" viewBox=\"0 0 75 79\" fill=\"none\" xmlns=\"http:\/\/www.w3.org\/2000\/svg\"><path d=\"M37.813-.025C32.462-.058 27.114.13 21.79.598c-8.544.621-17.214 5.58-20.203 13.931C-1.12 23.318.408 32.622.465 41.65c.375 7.316.943 14.78 3.392 21.73 4.365 9.465 14.781 14.537 24.782 15.385 7.64.698 15.761-.213 22.517-4.026a54.1 54.1 0 0 0 .01-6.232c-6.855 1.316-14.101 2.609-21.049 1.074-3.883-.88-6.876-4.237-7.25-8.215-1.53-3.988 3.78-.43 5.584-.883 9.048 1.224 18.282.776 27.303-.462 7.044-.837 14.26-4.788 16.65-11.833 2.263-6.135 1.215-12.79 1.698-19.177.06-3.84.09-7.692-.262-11.52C72.596 7.844 63.223.981 53.834.684a219.453 219.453 0 0 0-16.022-.71zm11.294 12.882c5.5-.067 10.801 4.143 11.67 9.653.338 1.48.471 3 .471 4.515v21.088h-8.357c-.07-7.588.153-15.182-.131-22.765-.587-4.368-7.04-5.747-9.672-2.397-2.422 3.04-1.47 7.155-1.67 10.735v6.392h-8.307c-.146-4.996.359-10.045-.404-15.002-1.108-4.218-7.809-5.565-10.094-1.666-1.685 3.046-.712 6.634-.976 9.936v14.767h-8.354c.109-8.165-.238-16.344.215-24.5.674-5.346 5.095-10.389 10.676-10.627 4.902-.739 10.103 2.038 12.053 6.631.375 1.435 1.76 1.932 1.994.084 1.844-3.704 5.501-6.739 9.785-6.771.367-.044.735-.068 1.101-.073z\"\/><defs><linearGradient id=\"paint0_linear_549_34\" x1=\"37.0692\" y1=\"0\" x2=\"37.0692\" y2=\"79\" gradientUnits=\"userSpaceOnUse\"><stop stop-color=\"#6364FF\"\/><stop offset=\"1\" stop-color=\"#563ACC\"\/><\/linearGradient><\/defs><\/svg><\/span><span class=\"shariff-text\" style=\"color:#6364FF\">teilen<\/span>&nbsp;<\/a><\/li><li class=\"shariff-button bluesky shariff-nocustomcolor\" style=\"background-color:#84c4ff\"><a href=\"https:\/\/bsky.app\/intent\/compose?text=Zur%20GEMA%20%E2%80%93%20%E2%80%9EFest%20steht%3A%20Die%20Reform%20schadet%20vielen%20und%20n%C3%BCtzt%20vermutlich%20nur%20wenigen%20%E2%80%A6%E2%80%9C https%3A%2F%2Fwww.kritische-masse.de%2Flogbuch%2F2025%2F05%2Fzur-gema-fest-steht-die-reform-schadet-vielen-und-nuetzt-vermutlich-nur-wenigen%2F \" title=\"Bei Bluesky teilen\" aria-label=\"Bei Bluesky teilen\" role=\"button\" rel=\"noopener nofollow\" class=\"shariff-link\" style=\"; background-color:#0085ff; color:#0085ff\" target=\"_blank\"><span class=\"shariff-icon\" style=\"fill:#0085ff\"><svg width=\"20\" height=\"20\" version=\"1.1\" xmlns=\"http:\/\/www.w3.org\/2000\/svg\" viewBox=\"0 0 20 20\"><path class=\"st0\" d=\"M4.89,3.12c2.07,1.55,4.3,4.71,5.11,6.4.82-1.69,3.04-4.84,5.11-6.4,1.49-1.12,3.91-1.99,3.91.77,0,.55-.32,4.63-.5,5.3-.64,2.3-2.99,2.89-5.08,2.54,3.65.62,4.58,2.68,2.57,4.74-3.81,3.91-5.48-.98-5.9-2.23-.08-.23-.11-.34-.12-.25,0-.09-.04.02-.12.25-.43,1.25-2.09,6.14-5.9,2.23-2.01-2.06-1.08-4.12,2.57-4.74-2.09.36-4.44-.23-5.08-2.54-.19-.66-.5-4.74-.5-5.3,0-2.76,2.42-1.89,3.91-.77h0Z\"\/><\/svg><\/span><span class=\"shariff-text\" style=\"color:#0085ff\">teilen<\/span>&nbsp;<\/a><\/li><li class=\"shariff-button threema shariff-nocustomcolor shariff-mobile\" style=\"background-color:#4fbc24\"><a href=\"threema:\/\/compose?text=Zur%20GEMA%20%E2%80%93%20%E2%80%9EFest%20steht%3A%20Die%20Reform%20schadet%20vielen%20und%20n%C3%BCtzt%20vermutlich%20nur%20wenigen%20%E2%80%A6%E2%80%9C%20https%3A%2F%2Fwww.kritische-masse.de%2Flogbuch%2F2025%2F05%2Fzur-gema-fest-steht-die-reform-schadet-vielen-und-nuetzt-vermutlich-nur-wenigen%2F\" title=\"Bei Threema teilen\" aria-label=\"Bei Threema teilen\" role=\"button\" rel=\"noopener nofollow\" class=\"shariff-link\" style=\"; background-color:#1f1f1f; color:#1f1f1f\" target=\"_blank\"><span class=\"shariff-icon\" style=\"fill:#1f1f1f\"><svg width=\"32px\" height=\"20px\" xmlns=\"http:\/\/www.w3.org\/2000\/svg\" viewBox=\"0 0 32 32\"><path fill=\"#1f1f1f\" d=\"M30.8 10.9c-0.3-1.4-0.9-2.6-1.8-3.8-2-2.6-5.5-4.5-9.4-5.2-1.3-0.2-1.9-0.3-3.5-0.3s-2.2 0-3.5 0.3c-4 0.7-7.4 2.6-9.4 5.2-0.9 1.2-1.5 2.4-1.8 3.8-0.1 0.5-0.2 1.2-0.2 1.6 0 0.4 0.1 1.1 0.2 1.6 0.4 1.9 1.3 3.4 2.9 5 0.8 0.8 0.8 0.8 0.7 1.3 0 0.6-0.5 1.6-1.7 3.6-0.3 0.5-0.5 0.9-0.5 0.9 0 0.1 0.1 0.1 0.5 0 0.8-0.2 2.3-0.6 5.6-1.6 1.1-0.3 1.3-0.4 2.3-0.4 0.8 0 1.1 0 2.3 0.2 1.5 0.2 3.5 0.2 4.9 0 5.1-0.6 9.3-2.9 11.4-6.3 0.5-0.9 0.9-1.8 1.1-2.8 0.1-0.5 0.2-1.1 0.2-1.6 0-0.7-0.1-1.1-0.2-1.6-0.3-1.4 0.1 0.5 0 0zM20.6 17.3c0 0.4-0.4 0.8-0.8 0.8h-7.7c-0.4 0-0.8-0.4-0.8-0.8v-4.6c0-0.4 0.4-0.8 0.8-0.8h0.2l0-1.6c0-0.9 0-1.8 0.1-2 0.1-0.6 0.6-1.2 1.1-1.7s1.1-0.7 1.9-0.8c1.8-0.3 3.7 0.7 4.2 2.2 0.1 0.3 0.1 0.7 0.1 2.1v0 1.7h0.1c0.4 0 0.8 0.4 0.8 0.8v4.6zM15.6 7.3c-0.5 0.1-0.8 0.3-1.2 0.6s-0.6 0.8-0.7 1.3c0 0.2 0 0.8 0 1.5l0 1.2h4.6v-1.3c0-1 0-1.4-0.1-1.6-0.3-1.1-1.5-1.9-2.6-1.7zM25.8 28.2c0 1.2-1 2.2-2.1 2.2s-2.1-1-2.1-2.1c0-1.2 1-2.1 2.2-2.1s2.2 1 2.2 2.2zM18.1 28.2c0 1.2-1 2.2-2.1 2.2s-2.1-1-2.1-2.1c0-1.2 1-2.1 2.2-2.1s2.2 1 2.2 2.2zM10.4 28.2c0 1.2-1 2.2-2.1 2.2s-2.1-1-2.1-2.1c0-1.2 1-2.1 2.2-2.1s2.2 1 2.2 2.2z\"\/><\/svg><\/span><span class=\"shariff-text\" style=\"color:#1f1f1f\">teilen<\/span>&nbsp;<\/a><\/li><li class=\"shariff-button facebook shariff-nocustomcolor\" style=\"background-color:#4273c8\"><a href=\"https:\/\/www.facebook.com\/sharer\/sharer.php?u=https%3A%2F%2Fwww.kritische-masse.de%2Flogbuch%2F2025%2F05%2Fzur-gema-fest-steht-die-reform-schadet-vielen-und-nuetzt-vermutlich-nur-wenigen%2F\" title=\"Bei Facebook teilen\" aria-label=\"Bei Facebook teilen\" role=\"button\" rel=\"nofollow\" class=\"shariff-link\" style=\"; background-color:#3b5998; color:#3b5998\" target=\"_blank\"><span class=\"shariff-icon\" style=\"fill:#3b5998\"><svg width=\"32px\" height=\"20px\" xmlns=\"http:\/\/www.w3.org\/2000\/svg\" viewBox=\"0 0 18 32\"><path fill=\"#3b5998\" d=\"M17.1 0.2v4.7h-2.8q-1.5 0-2.1 0.6t-0.5 1.9v3.4h5.2l-0.7 5.3h-4.5v13.6h-5.5v-13.6h-4.5v-5.3h4.5v-3.9q0-3.3 1.9-5.2t5-1.8q2.6 0 4.1 0.2z\"\/><\/svg><\/span><span class=\"shariff-text\" style=\"color:#3b5998\">teilen<\/span>&nbsp;<\/a><\/li><li class=\"shariff-button info shariff-nocustomcolor\" style=\"background-color:#a8a8a8\"><a href=\"http:\/\/ct.de\/-2467514\" title=\"Weitere Informationen\" aria-label=\"Weitere Informationen\" role=\"button\" rel=\"noopener \" class=\"shariff-link\" style=\"; background-color:#999; color:#999\" target=\"_blank\"><span class=\"shariff-icon\" style=\"fill:#999\"><svg width=\"32px\" height=\"20px\" xmlns=\"http:\/\/www.w3.org\/2000\/svg\" viewBox=\"0 0 11 32\"><path fill=\"#999\" d=\"M11.4 24v2.3q0 0.5-0.3 0.8t-0.8 0.4h-9.1q-0.5 0-0.8-0.4t-0.4-0.8v-2.3q0-0.5 0.4-0.8t0.8-0.4h1.1v-6.8h-1.1q-0.5 0-0.8-0.4t-0.4-0.8v-2.3q0-0.5 0.4-0.8t0.8-0.4h6.8q0.5 0 0.8 0.4t0.4 0.8v10.3h1.1q0.5 0 0.8 0.4t0.3 0.8zM9.2 3.4v3.4q0 0.5-0.4 0.8t-0.8 0.4h-4.6q-0.4 0-0.8-0.4t-0.4-0.8v-3.4q0-0.4 0.4-0.8t0.8-0.4h4.6q0.5 0 0.8 0.4t0.4 0.8z\"\/><\/svg><\/span><\/a><\/li><\/ul><\/div><div id=\"ez-toc-container\" class=\"ez-toc-v2_0_82_2 ez-toc-wrap-center counter-hierarchy ez-toc-counter ez-toc-light-blue ez-toc-container-direction\">\n<div class=\"ez-toc-title-container\">\n<p class=\"ez-toc-title\" style=\"cursor:inherit\">Inhalt<\/p>\n<span class=\"ez-toc-title-toggle\"><a href=\"#\" class=\"ez-toc-pull-right ez-toc-btn ez-toc-btn-xs ez-toc-btn-default ez-toc-toggle\" aria-label=\"Toggle Table of Content\"><span class=\"ez-toc-js-icon-con\"><span class=\"\"><span class=\"eztoc-hide\" style=\"display:none;\">Toggle<\/span><span class=\"ez-toc-icon-toggle-span\"><svg style=\"fill: #999;color:#999\" xmlns=\"http:\/\/www.w3.org\/2000\/svg\" class=\"list-377408\" width=\"20px\" height=\"20px\" viewBox=\"0 0 24 24\" fill=\"none\"><path d=\"M6 6H4v2h2V6zm14 0H8v2h12V6zM4 11h2v2H4v-2zm16 0H8v2h12v-2zM4 16h2v2H4v-2zm16 0H8v2h12v-2z\" fill=\"currentColor\"><\/path><\/svg><svg style=\"fill: #999;color:#999\" class=\"arrow-unsorted-368013\" xmlns=\"http:\/\/www.w3.org\/2000\/svg\" width=\"10px\" height=\"10px\" viewBox=\"0 0 24 24\" version=\"1.2\" baseProfile=\"tiny\"><path d=\"M18.2 9.3l-6.2-6.3-6.2 6.3c-.2.2-.3.4-.3.7s.1.5.3.7c.2.2.4.3.7.3h11c.3 0 .5-.1.7-.3.2-.2.3-.5.3-.7s-.1-.5-.3-.7zM5.8 14.7l6.2 6.3 6.2-6.3c.2-.2.3-.5.3-.7s-.1-.5-.3-.7c-.2-.2-.4-.3-.7-.3h-11c-.3 0-.5.1-.7.3-.2.2-.3.5-.3.7s.1.5.3.7z\"\/><\/svg><\/span><\/span><\/span><\/a><\/span><\/div>\n<nav><ul class='ez-toc-list ez-toc-list-level-1 ' ><li class='ez-toc-page-1 ez-toc-heading-level-3'><a class=\"ez-toc-link ez-toc-heading-1\" href=\"https:\/\/www.kritische-masse.de\/logbuch\/2025\/05\/zur-gema-fest-steht-die-reform-schadet-vielen-und-nuetzt-vermutlich-nur-wenigen\/#Das_Supermaschinen-Problem\" >Das Supermaschinen-Problem<\/a><\/li><li class='ez-toc-page-1 ez-toc-heading-level-3'><a class=\"ez-toc-link ez-toc-heading-2\" href=\"https:\/\/www.kritische-masse.de\/logbuch\/2025\/05\/zur-gema-fest-steht-die-reform-schadet-vielen-und-nuetzt-vermutlich-nur-wenigen\/#GEMA-Vorstand_und_Aufsichtsraete_als_aktive_Hampelmaenner_und_-frauen\" >GEMA-Vorstand und Aufsichtsr\u00e4te als aktive Hampelm\u00e4nner und -frauen?<\/a><ul class='ez-toc-list-level-4' ><li class='ez-toc-heading-level-4'><a class=\"ez-toc-link ez-toc-heading-3\" href=\"https:\/\/www.kritische-masse.de\/logbuch\/2025\/05\/zur-gema-fest-steht-die-reform-schadet-vielen-und-nuetzt-vermutlich-nur-wenigen\/#Ensemble_Recherche_zur_GEMA-Reform\" >Ensemble Recherche zur GEMA-Reform<\/a><\/li><li class='ez-toc-page-1 ez-toc-heading-level-4'><a class=\"ez-toc-link ez-toc-heading-4\" href=\"https:\/\/www.kritische-masse.de\/logbuch\/2025\/05\/zur-gema-fest-steht-die-reform-schadet-vielen-und-nuetzt-vermutlich-nur-wenigen\/#Neue_Antwort_zu_Fragen_zur_GEMA-Reform_von_Sebastian_Gramss_und_Hans_Luedemann\" >Neue Antwort zu Fragen zur GEMA-Reform von Sebastian Gramss und Hans L\u00fcdemann<\/a><\/li><\/ul><\/li><\/ul><\/nav><\/div>\n<h3><span class=\"ez-toc-section\" id=\"Das_Supermaschinen-Problem\"><\/span>Das Supermaschinen-Problem<span class=\"ez-toc-section-end\"><\/span><\/h3>\n<p><span class=\"kY2IgmnCmOGjharHErah\">\u201eEin Computer kann alles, aber sonst nichts\u201c, so das \u201eLexikon der Postmoderne\u201c von 1988 lakonisch.<\/span><\/p>\n<p>[2018] John von Neumann schrieb einmal: \u201elebende Organismen sind so gebaut, da\u00df Fehler m\u00f6glichst unauff\u00e4llig und harmlos werden; k\u00fcnstliche Automaten dagegen sind so entworfen, da\u00df Fehler m\u00f6glichst auffallend und verheerend werden.\u201c<\/p>\n<p>Eine geniale Idee, man entwickelt L\u00f6sungen f\u00fcr Probleme, die man mitproduziert f\u00fcr die man dann L\u00f6sungen erfindet, die die neuen Probleme l\u00f6sen.<\/p>\n<hr \/>\n<h3><span class=\"ez-toc-section\" id=\"GEMA-Vorstand_und_Aufsichtsraete_als_aktive_Hampelmaenner_und_-frauen\"><\/span>GEMA-Vorstand und Aufsichtsr\u00e4te als aktive Hampelm\u00e4nner und -frauen?<span class=\"ez-toc-section-end\"><\/span><\/h3>\n<p>Dass man drau\u00dfen gerade bei den Bef\u00fcrwortern einer Reform der Kulturf\u00f6rderung der GEMA das Thema auf einen Streit \u00fcber die Sinnhaftigkeit der Unterscheidung von E- und U-Musik projiziert, ist, siehe unten das Statement des Ensemble Recherche, kein Zufall. Dabei werden ja nicht musikgeschichtlich-\u00e4sthetische Fragen beantwortet oder gel\u00f6st, sondern der Ablenkungsversuch gestartet, m\u00f6glichst viele Personen mit Kleinstf\u00f6rderungen zu bedenken, die niemandem ganz nichts mehr helfen, siehe Statements von Sebastian Gramss und Hans L\u00fcdemann (auch unten).\u00a0 Am heutigen Tag entscheidet sich in M\u00fcnchen, ob die GEMA ihr Gehirn an der Garderobe der Industrie abgibt.<\/p>\n<figure id=\"attachment_10910\" aria-describedby=\"caption-attachment-10910\" style=\"width: 1024px\" class=\"wp-caption alignnone\"><a href=\"https:\/\/www.kritische-masse.de\/logbuch\/?attachment_id=10910\"><img data-recalc-dims=\"1\" loading=\"lazy\" decoding=\"async\" data-attachment-id=\"10910\" data-permalink=\"https:\/\/www.kritische-masse.de\/logbuch\/2025\/05\/zur-gema-fest-steht-die-reform-schadet-vielen-und-nuetzt-vermutlich-nur-wenigen\/musiukerunglueck-2013-2\/\" data-orig-file=\"https:\/\/i0.wp.com\/www.kritische-masse.de\/logbuch\/wp-content\/uploads\/2025\/05\/Musiukerunglueck-2013-1.jpg?fit=1024%2C768&amp;ssl=1\" data-orig-size=\"1024,768\" data-comments-opened=\"1\" data-image-meta=\"{&quot;aperture&quot;:&quot;0&quot;,&quot;credit&quot;:&quot;&quot;,&quot;camera&quot;:&quot;&quot;,&quot;caption&quot;:&quot;&quot;,&quot;created_timestamp&quot;:&quot;0&quot;,&quot;copyright&quot;:&quot;&quot;,&quot;focal_length&quot;:&quot;0&quot;,&quot;iso&quot;:&quot;0&quot;,&quot;shutter_speed&quot;:&quot;0&quot;,&quot;title&quot;:&quot;&quot;,&quot;orientation&quot;:&quot;1&quot;}\" data-image-title=\"Musikerinnenungl\u00fcck 2013. Foto: Hufner\" data-image-description=\"&lt;p&gt;Musiukerunglu\u0308ck 2013&lt;\/p&gt;\n\" data-image-caption=\"&lt;p&gt;Musikerinnenungl\u00fcck 2013. Foto: Hufner&lt;\/p&gt;\n\" data-large-file=\"https:\/\/i0.wp.com\/www.kritische-masse.de\/logbuch\/wp-content\/uploads\/2025\/05\/Musiukerunglueck-2013-1.jpg?fit=1024%2C768&amp;ssl=1\" class=\"wp-image-10910 size-full\" title=\"Musikerinnenungl\u00fcck 2013. Foto: Hufner\" src=\"https:\/\/i0.wp.com\/www.kritische-masse.de\/logbuch\/wp-content\/uploads\/2025\/05\/Musiukerunglueck-2013-1.jpg?resize=1024%2C768&#038;ssl=1\" alt=\"Musikerinnenungl\u00fcck 2013. Foto: Hufner\" width=\"1024\" height=\"768\" srcset=\"https:\/\/i0.wp.com\/www.kritische-masse.de\/logbuch\/wp-content\/uploads\/2025\/05\/Musiukerunglueck-2013-1.jpg?w=1024&amp;ssl=1 1024w, https:\/\/i0.wp.com\/www.kritische-masse.de\/logbuch\/wp-content\/uploads\/2025\/05\/Musiukerunglueck-2013-1.jpg?resize=300%2C225&amp;ssl=1 300w, https:\/\/i0.wp.com\/www.kritische-masse.de\/logbuch\/wp-content\/uploads\/2025\/05\/Musiukerunglueck-2013-1.jpg?resize=768%2C576&amp;ssl=1 768w, https:\/\/i0.wp.com\/www.kritische-masse.de\/logbuch\/wp-content\/uploads\/2025\/05\/Musiukerunglueck-2013-1.jpg?resize=840%2C630&amp;ssl=1 840w, https:\/\/i0.wp.com\/www.kritische-masse.de\/logbuch\/wp-content\/uploads\/2025\/05\/Musiukerunglueck-2013-1.jpg?resize=440%2C330&amp;ssl=1 440w\" sizes=\"auto, (max-width: 1024px) 100vw, 1024px\" \/><\/a><figcaption id=\"caption-attachment-10910\" class=\"wp-caption-text\">Musikerinnenungl\u00fcck 2013. Foto: Hufner<\/figcaption><\/figure>\n<p><strong>Dabei w\u00e4re das Problem, zack, gel\u00f6scht<\/strong>, wenn man den Anteil der Kulturf\u00f6rderung einfach erh\u00f6hen w\u00fcrde, das Geld ist ja ohnehin da, und neben der bisherigen Kulturf\u00f6rderungspraxis weitere Stand- und Spielbeine einziehen wollte. Aber w\u00e4ren dazu diejenigen bereit, die bereits jetzt extreme Tantiemenzahlungen von der GEMA erhalten, die meistens aus dem Bereich der U-Musik stammen? So aus Solidarit\u00e4t zu sich selbst?<\/p>\n<p>Das wird nicht passieren, denn man steht auch im Musikbereich streng genommen im Wettbewerb. Solidarit\u00e4t ist da nicht so leicht zu mobilisieren, schon gar nicht im Bereich der U-Musik. Und so sind es nach wie vor vor allem die Urheber:innen aus dem Bereich der E-Musik, die \u00fcberhaupt Vorschl\u00e4ge machen, wie man dem ohnehin existierenden \u00e4sthetischen Wischiwaschi gerecht werden k\u00f6nnte.<\/p>\n<h4><span class=\"ez-toc-section\" id=\"Ensemble_Recherche_zur_GEMA-Reform\"><\/span>Ensemble Recherche zur GEMA-Reform<span class=\"ez-toc-section-end\"><\/span><\/h4>\n<blockquote><p>Das Problem mit der Diskussion um die GEMA-Reform ist, dass sie oft als eine Art Kulturkampf zwischen E-Musiker*innen und U-Musiker*innen geframed wird. In Gespr\u00e4chen mit Komponist*innen, mit denen wir als Ensemble arbeiten, zeigt sich aber deutlich: Die klare Trennung zwischen E- und U-Musik ist in der Neuen Musik l\u00e4ngst \u00fcberholt. Wir bevorzugen eine durchl\u00e4ssige Musik, die sich bewusst jeder Kategorisierung entzieht.<\/p>\n<p>Das wahre Problem liegt also nicht in einer \u00e4sthetischen Auseinandersetzung, sondern in den finanziellen Folgen dieser Reform. Denn mit der geplanten Abschaffung der E-\/U-Klassifizierung geht auch ein tiefgreifender Umbau der Verteilungssystematik einher: Statt wie bisher auch kulturpolitisch zu gewichten, sollen k\u00fcnftig ausschlie\u00dflich marktwirtschaftliche Kriterien gelten \u2013 etwa Reichweite und Nutzung.<\/p>\n<p>Gerade Komponist*innen zeitgen\u00f6ssischer Musik, die meist in der freien Szene t\u00e4tig sind, w\u00e4ren davon massiv betroffen. Nach Einsch\u00e4tzung des Verbands FREO drohen hier Einbu\u00dfen von bis zu 90 %.<\/p>\n<p>Wir k\u00f6nnen und wollen diese Entwicklung nicht unkommentiert hinnehmen. Denn sie st\u00e4rkt das kommerzielle Musikbusiness \u2013 und schw\u00e4cht die freie Szene. Deshalb solidarisieren wir uns mit all den Komponist*innen, die sich gegen diese Reform aussprechen. Es braucht keine nivellierende Vereinfachung, sondern gerechte, vielf\u00e4ltige und zukunftsf\u00e4hige Strukturen f\u00fcr Musik aller Formen. (<a href=\"https:\/\/www.facebook.com\/ensemblerecherche\/posts\/pfbid0zvDANNs2oeaVHt6xvvSdxswkU4wts42bU4pxqm6q6XqG7TTxneU9nLgVRUayMrzMl\">via Facebook<\/a>)<\/p><\/blockquote>\n<h4><span class=\"ez-toc-section\" id=\"Neue_Antwort_zu_Fragen_zur_GEMA-Reform_von_Sebastian_Gramss_und_Hans_Luedemann\"><\/span>Neue Antwort zu Fragen zur GEMA-Reform von Sebastian Gramss und Hans L\u00fcdemann<span class=\"ez-toc-section-end\"><\/span><\/h4>\n<div class=\"field__content\">\n<blockquote><p><strong>Wenn der Antrag 22a des Vorstands und Aufsichtsrats der GEMA auf der Mitgliederversammlung eine Mehrheit findet: Welche Autor:innen werden Ihrer Ansicht nach beg\u00fcnstigt, welche benachteiligt? Wer sind die Gewinner, wer die Verlierer dieser GEMA-Kulturreform?<\/strong><\/p>\n<p>Wer konkret beg\u00fcnstigt werden soll, bleibt unklar und wirkt unausgereift. Der Vorschlag ist zudem deutlich zu kurzfristig angesetzt.<\/p>\n<p>Sicher ist hingegen: Es wird zahlreiche Verlierer geben. Insbesondere Urheber:innen im Bereich der sogenannten E-Musik sowie in den Zwischenbereichen \u2013\u00a0also Musikformen, die weder eindeutig der E- noch der U-Kategorie zugeordnet werden k\u00f6nnen \u2013 z\u00e4hlen klar zu den Verlierern.<\/p>\n<ul>\n<li>Die neuen Regelungen sind deutlich schlechter und au\u00dferdem unklar formuliert.<\/li>\n<li>Musik kleinerer Szenen oder sogenannter Minderheitenmusik wird dadurch erheblich benachteiligt.<\/li>\n<li>Der angestrebte Ausgleich \u00fcber das Kulturf\u00f6rderprogramm KUK erscheint fragw\u00fcrdig.<\/li>\n<\/ul>\n<p>Fest steht: Die Reform schadet vielen und n\u00fctzt vermutlich nur wenigen.<\/p>\n<p><strong>Welche gesellschafts- und kulturpolitischen Folgen f\u00fcr das Musikleben (Konzertvielfalt, Veranstalter-Engagement, Ausbildung) erwarten Sie als Folge der sogenannten \u201eKulturreform\u201c der GEMA?<\/strong><\/p>\n<p>Ein verheerendes Signal \u2013 und das zum denkbar ung\u00fcnstigsten Zeitpunkt.<br \/>\nWirtschaftlichkeit r\u00fcckt in den Vordergrund, der F\u00f6rdergedanke wird ausgeh\u00f6hlt \u2013 und das in einer Phase, in der Kunst und Kultur ohnehin unter gro\u00dfem Druck stehen.<\/p>\n<p>Die Sorge: Die GEMA orientiert sich zunehmend an wirtschaftlichem Erfolg und Umsatzzahlen. Musik, die keinen kommerziellen Erfolg verspricht, k\u00f6nnte k\u00fcnftig nicht mehr gef\u00f6rdert werden.<\/p>\n<p>Zudem ist die geplante KUK-Einstufung f\u00fcr Veranstaltungen v\u00f6llig unpraktikabel: F\u00fcr jedes einzelne Konzert m\u00fcsste ein Antrag gestellt werden. Das ist organisatorisch kaum umsetzbar. Hinzu kommt: Die zust\u00e4ndigen Gremien arbeiten zu langsam (siehe z.\u202fB. Werkausschuss).<\/p>\n<p>&gt; Die neue Regelung bedeutet eine Bedrohung und Verunsicherung kleinerer Veranstalter, die f\u00fcr die nicht &#8211; kommerziellen Randbereiche des Musikbetriebs besonders wichtig sind.<\/p>\n<p>Zitat: \u201e<em>Die Zuordnung erfolgt veranstaltungsbezogen und nicht werkbezogen.\u201c<\/em><\/p>\n<p>\u2014 Wer entscheidet das? Und wann?<\/p>\n<p><strong>Welche konkreten Auswirkungen der GEMA-Kulturreform bef\u00fcrchten Sie f\u00fcr sich pers\u00f6nlich?<\/strong><\/p>\n<p>Sebastian G.: Voraussichtlich werden 50\u201360\u202f% meiner Jahreseinnahmen wegfallen.<br \/>\nHans L..: Die Auswirkungen w\u00e4ren erheblich \u2013 im schlimmsten Fall existenzbedrohend.<\/p>\n<p>Der Wegfall der bisherigen F\u00f6rderstruktur betrifft nicht nur uns als Einzelpersonen, sondern auch jede Form musikalischer Forschung.<br \/>\nFr\u00fcher bedeutete GEMA-Honorierung auch eine Ermutigung zur Innovation \u2013 eine Form der indirekten F\u00f6rderung k\u00fcnstlerischer Arbeit.<br \/>\nOhne diese Anerkennung des nicht-kommerziellen k\u00fcnstlerischen Schaffens \u00e4ndert sich die Grundlage f\u00fcr freies k\u00fcnstlerisches Denken und Handeln radikal.<\/p>\n<p><strong>Welche Auswirkungen erwarten Sie f\u00fcr Organisationen wie den Deutschen Komponist:innenverband und die GEMA selbst?<\/strong><\/p>\n<p>Das Image der GEMA leidet \u2013 erneut ein fatales Signal zum falschen Zeitpunkt.<br \/>\nStatt F\u00f6rderung r\u00fcckt Kommerzialisierung in den Vordergrund.<br \/>\nDas kunstf\u00f6rdernde, historisch einmalige Profil der GEMA steht auf dem Spiel<\/p>\n<p>K\u00f6ln, am 7.5. 25<\/p><\/blockquote>\n<\/div>\n<p><a href=\"https:\/\/www.nmz.de\/politik-betrieb\/musikwirtschaft\/welche-zukunft-kann-der-antrag-22a-die-gema-fuehren\">Weitere Antworten und Statements<\/a> von Johannes K. Hildebrandt, Mathias Lehmann, Camille van Lunen, Felix Janosa, Sabine Kemna, Ludwig Wright, Claus-Steffen Mahnkopf, Sebasti\u00e1n Gramss &amp; Hans L\u00fcdemann in der nmz (neue musikzeitung)<\/p>\n<div class=\"shariff shariff-align-left shariff-widget-align-left\"><ul class=\"shariff-buttons theme-white orientation-horizontal buttonsize-small\"><li class=\"shariff-button mastodon shariff-nocustomcolor\" style=\"background-color:#563ACC\"><a href=\"https:\/\/s2f.kytta.dev\/?text=Zur%20GEMA%20%E2%80%93%20%E2%80%9EFest%20steht%3A%20Die%20Reform%20schadet%20vielen%20und%20n%C3%BCtzt%20vermutlich%20nur%20wenigen%20%E2%80%A6%E2%80%9C https%3A%2F%2Fwww.kritische-masse.de%2Flogbuch%2F2025%2F05%2Fzur-gema-fest-steht-die-reform-schadet-vielen-und-nuetzt-vermutlich-nur-wenigen%2F\" title=\"Bei Mastodon teilen\" aria-label=\"Bei Mastodon teilen\" role=\"button\" rel=\"noopener nofollow\" class=\"shariff-link\" style=\"; background-color:#6364FF; color:#6364FF\" target=\"_blank\"><span class=\"shariff-icon\" style=\"fill:#6364FF\"><svg width=\"75\" height=\"79\" viewBox=\"0 0 75 79\" fill=\"none\" xmlns=\"http:\/\/www.w3.org\/2000\/svg\"><path d=\"M37.813-.025C32.462-.058 27.114.13 21.79.598c-8.544.621-17.214 5.58-20.203 13.931C-1.12 23.318.408 32.622.465 41.65c.375 7.316.943 14.78 3.392 21.73 4.365 9.465 14.781 14.537 24.782 15.385 7.64.698 15.761-.213 22.517-4.026a54.1 54.1 0 0 0 .01-6.232c-6.855 1.316-14.101 2.609-21.049 1.074-3.883-.88-6.876-4.237-7.25-8.215-1.53-3.988 3.78-.43 5.584-.883 9.048 1.224 18.282.776 27.303-.462 7.044-.837 14.26-4.788 16.65-11.833 2.263-6.135 1.215-12.79 1.698-19.177.06-3.84.09-7.692-.262-11.52C72.596 7.844 63.223.981 53.834.684a219.453 219.453 0 0 0-16.022-.71zm11.294 12.882c5.5-.067 10.801 4.143 11.67 9.653.338 1.48.471 3 .471 4.515v21.088h-8.357c-.07-7.588.153-15.182-.131-22.765-.587-4.368-7.04-5.747-9.672-2.397-2.422 3.04-1.47 7.155-1.67 10.735v6.392h-8.307c-.146-4.996.359-10.045-.404-15.002-1.108-4.218-7.809-5.565-10.094-1.666-1.685 3.046-.712 6.634-.976 9.936v14.767h-8.354c.109-8.165-.238-16.344.215-24.5.674-5.346 5.095-10.389 10.676-10.627 4.902-.739 10.103 2.038 12.053 6.631.375 1.435 1.76 1.932 1.994.084 1.844-3.704 5.501-6.739 9.785-6.771.367-.044.735-.068 1.101-.073z\"\/><defs><linearGradient id=\"paint0_linear_549_34\" x1=\"37.0692\" y1=\"0\" x2=\"37.0692\" y2=\"79\" gradientUnits=\"userSpaceOnUse\"><stop stop-color=\"#6364FF\"\/><stop offset=\"1\" stop-color=\"#563ACC\"\/><\/linearGradient><\/defs><\/svg><\/span><span class=\"shariff-text\" style=\"color:#6364FF\">teilen<\/span>&nbsp;<\/a><\/li><li class=\"shariff-button bluesky shariff-nocustomcolor\" style=\"background-color:#84c4ff\"><a href=\"https:\/\/bsky.app\/intent\/compose?text=Zur%20GEMA%20%E2%80%93%20%E2%80%9EFest%20steht%3A%20Die%20Reform%20schadet%20vielen%20und%20n%C3%BCtzt%20vermutlich%20nur%20wenigen%20%E2%80%A6%E2%80%9C https%3A%2F%2Fwww.kritische-masse.de%2Flogbuch%2F2025%2F05%2Fzur-gema-fest-steht-die-reform-schadet-vielen-und-nuetzt-vermutlich-nur-wenigen%2F \" title=\"Bei Bluesky teilen\" aria-label=\"Bei Bluesky teilen\" role=\"button\" rel=\"noopener nofollow\" class=\"shariff-link\" style=\"; background-color:#0085ff; color:#0085ff\" target=\"_blank\"><span class=\"shariff-icon\" style=\"fill:#0085ff\"><svg width=\"20\" height=\"20\" version=\"1.1\" xmlns=\"http:\/\/www.w3.org\/2000\/svg\" viewBox=\"0 0 20 20\"><path class=\"st0\" d=\"M4.89,3.12c2.07,1.55,4.3,4.71,5.11,6.4.82-1.69,3.04-4.84,5.11-6.4,1.49-1.12,3.91-1.99,3.91.77,0,.55-.32,4.63-.5,5.3-.64,2.3-2.99,2.89-5.08,2.54,3.65.62,4.58,2.68,2.57,4.74-3.81,3.91-5.48-.98-5.9-2.23-.08-.23-.11-.34-.12-.25,0-.09-.04.02-.12.25-.43,1.25-2.09,6.14-5.9,2.23-2.01-2.06-1.08-4.12,2.57-4.74-2.09.36-4.44-.23-5.08-2.54-.19-.66-.5-4.74-.5-5.3,0-2.76,2.42-1.89,3.91-.77h0Z\"\/><\/svg><\/span><span class=\"shariff-text\" style=\"color:#0085ff\">teilen<\/span>&nbsp;<\/a><\/li><li class=\"shariff-button threema shariff-nocustomcolor shariff-mobile\" style=\"background-color:#4fbc24\"><a href=\"threema:\/\/compose?text=Zur%20GEMA%20%E2%80%93%20%E2%80%9EFest%20steht%3A%20Die%20Reform%20schadet%20vielen%20und%20n%C3%BCtzt%20vermutlich%20nur%20wenigen%20%E2%80%A6%E2%80%9C%20https%3A%2F%2Fwww.kritische-masse.de%2Flogbuch%2F2025%2F05%2Fzur-gema-fest-steht-die-reform-schadet-vielen-und-nuetzt-vermutlich-nur-wenigen%2F\" title=\"Bei Threema teilen\" aria-label=\"Bei Threema teilen\" role=\"button\" rel=\"noopener nofollow\" class=\"shariff-link\" style=\"; background-color:#1f1f1f; color:#1f1f1f\" target=\"_blank\"><span class=\"shariff-icon\" style=\"fill:#1f1f1f\"><svg width=\"32px\" height=\"20px\" xmlns=\"http:\/\/www.w3.org\/2000\/svg\" viewBox=\"0 0 32 32\"><path fill=\"#1f1f1f\" d=\"M30.8 10.9c-0.3-1.4-0.9-2.6-1.8-3.8-2-2.6-5.5-4.5-9.4-5.2-1.3-0.2-1.9-0.3-3.5-0.3s-2.2 0-3.5 0.3c-4 0.7-7.4 2.6-9.4 5.2-0.9 1.2-1.5 2.4-1.8 3.8-0.1 0.5-0.2 1.2-0.2 1.6 0 0.4 0.1 1.1 0.2 1.6 0.4 1.9 1.3 3.4 2.9 5 0.8 0.8 0.8 0.8 0.7 1.3 0 0.6-0.5 1.6-1.7 3.6-0.3 0.5-0.5 0.9-0.5 0.9 0 0.1 0.1 0.1 0.5 0 0.8-0.2 2.3-0.6 5.6-1.6 1.1-0.3 1.3-0.4 2.3-0.4 0.8 0 1.1 0 2.3 0.2 1.5 0.2 3.5 0.2 4.9 0 5.1-0.6 9.3-2.9 11.4-6.3 0.5-0.9 0.9-1.8 1.1-2.8 0.1-0.5 0.2-1.1 0.2-1.6 0-0.7-0.1-1.1-0.2-1.6-0.3-1.4 0.1 0.5 0 0zM20.6 17.3c0 0.4-0.4 0.8-0.8 0.8h-7.7c-0.4 0-0.8-0.4-0.8-0.8v-4.6c0-0.4 0.4-0.8 0.8-0.8h0.2l0-1.6c0-0.9 0-1.8 0.1-2 0.1-0.6 0.6-1.2 1.1-1.7s1.1-0.7 1.9-0.8c1.8-0.3 3.7 0.7 4.2 2.2 0.1 0.3 0.1 0.7 0.1 2.1v0 1.7h0.1c0.4 0 0.8 0.4 0.8 0.8v4.6zM15.6 7.3c-0.5 0.1-0.8 0.3-1.2 0.6s-0.6 0.8-0.7 1.3c0 0.2 0 0.8 0 1.5l0 1.2h4.6v-1.3c0-1 0-1.4-0.1-1.6-0.3-1.1-1.5-1.9-2.6-1.7zM25.8 28.2c0 1.2-1 2.2-2.1 2.2s-2.1-1-2.1-2.1c0-1.2 1-2.1 2.2-2.1s2.2 1 2.2 2.2zM18.1 28.2c0 1.2-1 2.2-2.1 2.2s-2.1-1-2.1-2.1c0-1.2 1-2.1 2.2-2.1s2.2 1 2.2 2.2zM10.4 28.2c0 1.2-1 2.2-2.1 2.2s-2.1-1-2.1-2.1c0-1.2 1-2.1 2.2-2.1s2.2 1 2.2 2.2z\"\/><\/svg><\/span><span class=\"shariff-text\" style=\"color:#1f1f1f\">teilen<\/span>&nbsp;<\/a><\/li><li class=\"shariff-button facebook shariff-nocustomcolor\" style=\"background-color:#4273c8\"><a href=\"https:\/\/www.facebook.com\/sharer\/sharer.php?u=https%3A%2F%2Fwww.kritische-masse.de%2Flogbuch%2F2025%2F05%2Fzur-gema-fest-steht-die-reform-schadet-vielen-und-nuetzt-vermutlich-nur-wenigen%2F\" title=\"Bei Facebook teilen\" aria-label=\"Bei Facebook teilen\" role=\"button\" rel=\"nofollow\" class=\"shariff-link\" style=\"; background-color:#3b5998; color:#3b5998\" target=\"_blank\"><span class=\"shariff-icon\" style=\"fill:#3b5998\"><svg width=\"32px\" height=\"20px\" xmlns=\"http:\/\/www.w3.org\/2000\/svg\" viewBox=\"0 0 18 32\"><path fill=\"#3b5998\" d=\"M17.1 0.2v4.7h-2.8q-1.5 0-2.1 0.6t-0.5 1.9v3.4h5.2l-0.7 5.3h-4.5v13.6h-5.5v-13.6h-4.5v-5.3h4.5v-3.9q0-3.3 1.9-5.2t5-1.8q2.6 0 4.1 0.2z\"\/><\/svg><\/span><span class=\"shariff-text\" style=\"color:#3b5998\">teilen<\/span>&nbsp;<\/a><\/li><li class=\"shariff-button info shariff-nocustomcolor\" style=\"background-color:#a8a8a8\"><a href=\"http:\/\/ct.de\/-2467514\" title=\"Weitere Informationen\" aria-label=\"Weitere Informationen\" role=\"button\" rel=\"noopener \" class=\"shariff-link\" style=\"; background-color:#999; color:#999\" target=\"_blank\"><span class=\"shariff-icon\" style=\"fill:#999\"><svg width=\"32px\" height=\"20px\" xmlns=\"http:\/\/www.w3.org\/2000\/svg\" viewBox=\"0 0 11 32\"><path fill=\"#999\" d=\"M11.4 24v2.3q0 0.5-0.3 0.8t-0.8 0.4h-9.1q-0.5 0-0.8-0.4t-0.4-0.8v-2.3q0-0.5 0.4-0.8t0.8-0.4h1.1v-6.8h-1.1q-0.5 0-0.8-0.4t-0.4-0.8v-2.3q0-0.5 0.4-0.8t0.8-0.4h6.8q0.5 0 0.8 0.4t0.4 0.8v10.3h1.1q0.5 0 0.8 0.4t0.3 0.8zM9.2 3.4v3.4q0 0.5-0.4 0.8t-0.8 0.4h-4.6q-0.4 0-0.8-0.4t-0.4-0.8v-3.4q0-0.4 0.4-0.8t0.8-0.4h4.6q0.5 0 0.8 0.4t0.4 0.8z\"\/><\/svg><\/span><\/a><\/li><\/ul><\/div>","protected":false},"excerpt":{"rendered":"<p>Supermaschinen machen Superfehler \u2026 Statements zum GEMA-Reformvorhaben \u2013 Warum solidarisiert sich der U-Sektor nicht mal einfach auch mit sich selbst und seinem \u201eNachwuchs\u201c?<\/p>\n<div class=\"shariff shariff-align-left shariff-widget-align-left\"><ul class=\"shariff-buttons theme-white orientation-horizontal buttonsize-small\"><li class=\"shariff-button mastodon shariff-nocustomcolor\" style=\"background-color:#563ACC\"><a href=\"https:\/\/s2f.kytta.dev\/?text=Zur%20GEMA%20%E2%80%93%20%E2%80%9EFest%20steht%3A%20Die%20Reform%20schadet%20vielen%20und%20n%C3%BCtzt%20vermutlich%20nur%20wenigen%20%E2%80%A6%E2%80%9C https%3A%2F%2Fwww.kritische-masse.de%2Flogbuch%2F2025%2F05%2Fzur-gema-fest-steht-die-reform-schadet-vielen-und-nuetzt-vermutlich-nur-wenigen%2F\" title=\"Bei Mastodon teilen\" aria-label=\"Bei Mastodon teilen\" role=\"button\" rel=\"noopener nofollow\" class=\"shariff-link\" style=\"; background-color:#6364FF; color:#6364FF\" target=\"_blank\"><span class=\"shariff-icon\" style=\"fill:#6364FF\"><svg width=\"75\" height=\"79\" viewBox=\"0 0 75 79\" fill=\"none\" xmlns=\"http:\/\/www.w3.org\/2000\/svg\"><path d=\"M37.813-.025C32.462-.058 27.114.13 21.79.598c-8.544.621-17.214 5.58-20.203 13.931C-1.12 23.318.408 32.622.465 41.65c.375 7.316.943 14.78 3.392 21.73 4.365 9.465 14.781 14.537 24.782 15.385 7.64.698 15.761-.213 22.517-4.026a54.1 54.1 0 0 0 .01-6.232c-6.855 1.316-14.101 2.609-21.049 1.074-3.883-.88-6.876-4.237-7.25-8.215-1.53-3.988 3.78-.43 5.584-.883 9.048 1.224 18.282.776 27.303-.462 7.044-.837 14.26-4.788 16.65-11.833 2.263-6.135 1.215-12.79 1.698-19.177.06-3.84.09-7.692-.262-11.52C72.596 7.844 63.223.981 53.834.684a219.453 219.453 0 0 0-16.022-.71zm11.294 12.882c5.5-.067 10.801 4.143 11.67 9.653.338 1.48.471 3 .471 4.515v21.088h-8.357c-.07-7.588.153-15.182-.131-22.765-.587-4.368-7.04-5.747-9.672-2.397-2.422 3.04-1.47 7.155-1.67 10.735v6.392h-8.307c-.146-4.996.359-10.045-.404-15.002-1.108-4.218-7.809-5.565-10.094-1.666-1.685 3.046-.712 6.634-.976 9.936v14.767h-8.354c.109-8.165-.238-16.344.215-24.5.674-5.346 5.095-10.389 10.676-10.627 4.902-.739 10.103 2.038 12.053 6.631.375 1.435 1.76 1.932 1.994.084 1.844-3.704 5.501-6.739 9.785-6.771.367-.044.735-.068 1.101-.073z\"\/><defs><linearGradient id=\"paint0_linear_549_34\" x1=\"37.0692\" y1=\"0\" x2=\"37.0692\" y2=\"79\" gradientUnits=\"userSpaceOnUse\"><stop stop-color=\"#6364FF\"\/><stop offset=\"1\" stop-color=\"#563ACC\"\/><\/linearGradient><\/defs><\/svg><\/span><span class=\"shariff-text\" style=\"color:#6364FF\">teilen<\/span>&nbsp;<\/a><\/li><li class=\"shariff-button bluesky shariff-nocustomcolor\" style=\"background-color:#84c4ff\"><a href=\"https:\/\/bsky.app\/intent\/compose?text=Zur%20GEMA%20%E2%80%93%20%E2%80%9EFest%20steht%3A%20Die%20Reform%20schadet%20vielen%20und%20n%C3%BCtzt%20vermutlich%20nur%20wenigen%20%E2%80%A6%E2%80%9C https%3A%2F%2Fwww.kritische-masse.de%2Flogbuch%2F2025%2F05%2Fzur-gema-fest-steht-die-reform-schadet-vielen-und-nuetzt-vermutlich-nur-wenigen%2F \" title=\"Bei Bluesky teilen\" aria-label=\"Bei Bluesky teilen\" role=\"button\" rel=\"noopener nofollow\" class=\"shariff-link\" style=\"; background-color:#0085ff; color:#0085ff\" target=\"_blank\"><span class=\"shariff-icon\" style=\"fill:#0085ff\"><svg width=\"20\" height=\"20\" version=\"1.1\" xmlns=\"http:\/\/www.w3.org\/2000\/svg\" viewBox=\"0 0 20 20\"><path class=\"st0\" d=\"M4.89,3.12c2.07,1.55,4.3,4.71,5.11,6.4.82-1.69,3.04-4.84,5.11-6.4,1.49-1.12,3.91-1.99,3.91.77,0,.55-.32,4.63-.5,5.3-.64,2.3-2.99,2.89-5.08,2.54,3.65.62,4.58,2.68,2.57,4.74-3.81,3.91-5.48-.98-5.9-2.23-.08-.23-.11-.34-.12-.25,0-.09-.04.02-.12.25-.43,1.25-2.09,6.14-5.9,2.23-2.01-2.06-1.08-4.12,2.57-4.74-2.09.36-4.44-.23-5.08-2.54-.19-.66-.5-4.74-.5-5.3,0-2.76,2.42-1.89,3.91-.77h0Z\"\/><\/svg><\/span><span class=\"shariff-text\" style=\"color:#0085ff\">teilen<\/span>&nbsp;<\/a><\/li><li class=\"shariff-button threema shariff-nocustomcolor shariff-mobile\" style=\"background-color:#4fbc24\"><a href=\"threema:\/\/compose?text=Zur%20GEMA%20%E2%80%93%20%E2%80%9EFest%20steht%3A%20Die%20Reform%20schadet%20vielen%20und%20n%C3%BCtzt%20vermutlich%20nur%20wenigen%20%E2%80%A6%E2%80%9C%20https%3A%2F%2Fwww.kritische-masse.de%2Flogbuch%2F2025%2F05%2Fzur-gema-fest-steht-die-reform-schadet-vielen-und-nuetzt-vermutlich-nur-wenigen%2F\" title=\"Bei Threema teilen\" aria-label=\"Bei Threema teilen\" role=\"button\" rel=\"noopener nofollow\" class=\"shariff-link\" style=\"; background-color:#1f1f1f; color:#1f1f1f\" target=\"_blank\"><span class=\"shariff-icon\" style=\"fill:#1f1f1f\"><svg width=\"32px\" height=\"20px\" xmlns=\"http:\/\/www.w3.org\/2000\/svg\" viewBox=\"0 0 32 32\"><path fill=\"#1f1f1f\" d=\"M30.8 10.9c-0.3-1.4-0.9-2.6-1.8-3.8-2-2.6-5.5-4.5-9.4-5.2-1.3-0.2-1.9-0.3-3.5-0.3s-2.2 0-3.5 0.3c-4 0.7-7.4 2.6-9.4 5.2-0.9 1.2-1.5 2.4-1.8 3.8-0.1 0.5-0.2 1.2-0.2 1.6 0 0.4 0.1 1.1 0.2 1.6 0.4 1.9 1.3 3.4 2.9 5 0.8 0.8 0.8 0.8 0.7 1.3 0 0.6-0.5 1.6-1.7 3.6-0.3 0.5-0.5 0.9-0.5 0.9 0 0.1 0.1 0.1 0.5 0 0.8-0.2 2.3-0.6 5.6-1.6 1.1-0.3 1.3-0.4 2.3-0.4 0.8 0 1.1 0 2.3 0.2 1.5 0.2 3.5 0.2 4.9 0 5.1-0.6 9.3-2.9 11.4-6.3 0.5-0.9 0.9-1.8 1.1-2.8 0.1-0.5 0.2-1.1 0.2-1.6 0-0.7-0.1-1.1-0.2-1.6-0.3-1.4 0.1 0.5 0 0zM20.6 17.3c0 0.4-0.4 0.8-0.8 0.8h-7.7c-0.4 0-0.8-0.4-0.8-0.8v-4.6c0-0.4 0.4-0.8 0.8-0.8h0.2l0-1.6c0-0.9 0-1.8 0.1-2 0.1-0.6 0.6-1.2 1.1-1.7s1.1-0.7 1.9-0.8c1.8-0.3 3.7 0.7 4.2 2.2 0.1 0.3 0.1 0.7 0.1 2.1v0 1.7h0.1c0.4 0 0.8 0.4 0.8 0.8v4.6zM15.6 7.3c-0.5 0.1-0.8 0.3-1.2 0.6s-0.6 0.8-0.7 1.3c0 0.2 0 0.8 0 1.5l0 1.2h4.6v-1.3c0-1 0-1.4-0.1-1.6-0.3-1.1-1.5-1.9-2.6-1.7zM25.8 28.2c0 1.2-1 2.2-2.1 2.2s-2.1-1-2.1-2.1c0-1.2 1-2.1 2.2-2.1s2.2 1 2.2 2.2zM18.1 28.2c0 1.2-1 2.2-2.1 2.2s-2.1-1-2.1-2.1c0-1.2 1-2.1 2.2-2.1s2.2 1 2.2 2.2zM10.4 28.2c0 1.2-1 2.2-2.1 2.2s-2.1-1-2.1-2.1c0-1.2 1-2.1 2.2-2.1s2.2 1 2.2 2.2z\"\/><\/svg><\/span><span class=\"shariff-text\" style=\"color:#1f1f1f\">teilen<\/span>&nbsp;<\/a><\/li><li class=\"shariff-button facebook shariff-nocustomcolor\" style=\"background-color:#4273c8\"><a href=\"https:\/\/www.facebook.com\/sharer\/sharer.php?u=https%3A%2F%2Fwww.kritische-masse.de%2Flogbuch%2F2025%2F05%2Fzur-gema-fest-steht-die-reform-schadet-vielen-und-nuetzt-vermutlich-nur-wenigen%2F\" title=\"Bei Facebook teilen\" aria-label=\"Bei Facebook teilen\" role=\"button\" rel=\"nofollow\" class=\"shariff-link\" style=\"; background-color:#3b5998; color:#3b5998\" target=\"_blank\"><span class=\"shariff-icon\" style=\"fill:#3b5998\"><svg width=\"32px\" height=\"20px\" xmlns=\"http:\/\/www.w3.org\/2000\/svg\" viewBox=\"0 0 18 32\"><path fill=\"#3b5998\" d=\"M17.1 0.2v4.7h-2.8q-1.5 0-2.1 0.6t-0.5 1.9v3.4h5.2l-0.7 5.3h-4.5v13.6h-5.5v-13.6h-4.5v-5.3h4.5v-3.9q0-3.3 1.9-5.2t5-1.8q2.6 0 4.1 0.2z\"\/><\/svg><\/span><span class=\"shariff-text\" style=\"color:#3b5998\">teilen<\/span>&nbsp;<\/a><\/li><li class=\"shariff-button info shariff-nocustomcolor\" style=\"background-color:#a8a8a8\"><a href=\"http:\/\/ct.de\/-2467514\" title=\"Weitere Informationen\" aria-label=\"Weitere Informationen\" role=\"button\" rel=\"noopener \" class=\"shariff-link\" style=\"; background-color:#999; color:#999\" target=\"_blank\"><span class=\"shariff-icon\" style=\"fill:#999\"><svg width=\"32px\" height=\"20px\" xmlns=\"http:\/\/www.w3.org\/2000\/svg\" viewBox=\"0 0 11 32\"><path fill=\"#999\" d=\"M11.4 24v2.3q0 0.5-0.3 0.8t-0.8 0.4h-9.1q-0.5 0-0.8-0.4t-0.4-0.8v-2.3q0-0.5 0.4-0.8t0.8-0.4h1.1v-6.8h-1.1q-0.5 0-0.8-0.4t-0.4-0.8v-2.3q0-0.5 0.4-0.8t0.8-0.4h6.8q0.5 0 0.8 0.4t0.4 0.8v10.3h1.1q0.5 0 0.8 0.4t0.3 0.8zM9.2 3.4v3.4q0 0.5-0.4 0.8t-0.8 0.4h-4.6q-0.4 0-0.8-0.4t-0.4-0.8v-3.4q0-0.4 0.4-0.8t0.8-0.4h4.6q0.5 0 0.8 0.4t0.4 0.8z\"\/><\/svg><\/span><\/a><\/li><\/ul><\/div>","protected":false},"author":1,"featured_media":10910,"comment_status":"open","ping_status":"open","sticky":false,"template":"","format":"standard","meta":{"ocean_post_layout":"","ocean_both_sidebars_style":"","ocean_both_sidebars_content_width":0,"ocean_both_sidebars_sidebars_width":0,"ocean_sidebar":"","ocean_second_sidebar":"","ocean_disable_margins":"enable","ocean_add_body_class":"","ocean_shortcode_before_top_bar":"","ocean_shortcode_after_top_bar":"","ocean_shortcode_before_header":"","ocean_shortcode_after_header":"","ocean_has_shortcode":"","ocean_shortcode_after_title":"","ocean_shortcode_before_footer_widgets":"","ocean_shortcode_after_footer_widgets":"","ocean_shortcode_before_footer_bottom":"","ocean_shortcode_after_footer_bottom":"","ocean_display_top_bar":"default","ocean_display_header":"default","ocean_header_style":"","ocean_center_header_left_menu":"","ocean_custom_header_template":"","ocean_custom_logo":0,"ocean_custom_retina_logo":0,"ocean_custom_logo_max_width":0,"ocean_custom_logo_tablet_max_width":0,"ocean_custom_logo_mobile_max_width":0,"ocean_custom_logo_max_height":0,"ocean_custom_logo_tablet_max_height":0,"ocean_custom_logo_mobile_max_height":0,"ocean_header_custom_menu":"","ocean_menu_typo_font_family":"","ocean_menu_typo_font_subset":"","ocean_menu_typo_font_size":0,"ocean_menu_typo_font_size_tablet":0,"ocean_menu_typo_font_size_mobile":0,"ocean_menu_typo_font_size_unit":"px","ocean_menu_typo_font_weight":"","ocean_menu_typo_font_weight_tablet":"","ocean_menu_typo_font_weight_mobile":"","ocean_menu_typo_transform":"","ocean_menu_typo_transform_tablet":"","ocean_menu_typo_transform_mobile":"","ocean_menu_typo_line_height":0,"ocean_menu_typo_line_height_tablet":0,"ocean_menu_typo_line_height_mobile":0,"ocean_menu_typo_line_height_unit":"","ocean_menu_typo_spacing":0,"ocean_menu_typo_spacing_tablet":0,"ocean_menu_typo_spacing_mobile":0,"ocean_menu_typo_spacing_unit":"","ocean_menu_link_color":"","ocean_menu_link_color_hover":"","ocean_menu_link_color_active":"","ocean_menu_link_background":"","ocean_menu_link_hover_background":"","ocean_menu_link_active_background":"","ocean_menu_social_links_bg":"","ocean_menu_social_hover_links_bg":"","ocean_menu_social_links_color":"","ocean_menu_social_hover_links_color":"","ocean_disable_title":"default","ocean_disable_heading":"default","ocean_post_title":"","ocean_post_subheading":"","ocean_post_title_style":"","ocean_post_title_background_color":"","ocean_post_title_background":0,"ocean_post_title_bg_image_position":"","ocean_post_title_bg_image_attachment":"","ocean_post_title_bg_image_repeat":"","ocean_post_title_bg_image_size":"","ocean_post_title_height":0,"ocean_post_title_bg_overlay":0.5,"ocean_post_title_bg_overlay_color":"","ocean_disable_breadcrumbs":"default","ocean_breadcrumbs_color":"","ocean_breadcrumbs_separator_color":"","ocean_breadcrumbs_links_color":"","ocean_breadcrumbs_links_hover_color":"","ocean_display_footer_widgets":"default","ocean_display_footer_bottom":"default","ocean_custom_footer_template":"","osh_disable_topbar_sticky":"default","osh_disable_header_sticky":"default","osh_sticky_header_style":"default","osh_sticky_header_effect":"","osh_custom_sticky_logo":0,"osh_custom_retina_sticky_logo":0,"osh_custom_sticky_logo_height":0,"osh_background_color":"","osh_links_color":"","osh_links_hover_color":"","osh_links_active_color":"","osh_links_bg_color":"","osh_links_hover_bg_color":"","osh_links_active_bg_color":"","osh_menu_social_links_color":"","osh_menu_social_hover_links_color":"","_FSMCFIC_featured_image_caption":"","_FSMCFIC_featured_image_nocaption":"","_FSMCFIC_featured_image_hide":"","_metis_text_type":"standard","_metis_text_length":7238,"_post_count":0,"_jetpack_memberships_contains_paid_content":false,"activitypub_content_warning":"","activitypub_content_visibility":"","activitypub_max_image_attachments":4,"activitypub_interaction_policy_quote":"anyone","activitypub_status":"","ocean_post_oembed":"","ocean_post_self_hosted_media":"","ocean_post_video_embed":"","ocean_link_format":"","ocean_link_format_target":"self","ocean_quote_format":"","ocean_quote_format_link":"post","ocean_gallery_link_images":"on","ocean_gallery_id":[],"footnotes":"","jetpack_publicize_message":"","jetpack_publicize_feature_enabled":true,"jetpack_social_post_already_shared":true,"jetpack_social_options":{"image_generator_settings":{"template":"highway","default_image_id":0,"font":"","enabled":false},"version":2}},"categories":[2647,2673,2695,2652],"tags":[4388,4385,1884,2147,4162],"class_list":["post-10906","post","type-post","status-publish","format-standard","has-post-thumbnail","hentry","category-angriffauf","category-das-urheberrecht","category-die-kultur","category-diemusik","tag-ensemble-recherche","tag-gema-kulturreform","tag-computer","tag-gema","tag-kuenstliche-intelligenz","entry","has-media"],"yoast_head":"<!-- This site is optimized with the Yoast SEO plugin v27.4 - https:\/\/yoast.com\/product\/yoast-seo-wordpress\/ -->\n<title>Zur GEMA \u2013 \u201eFest steht: Die Reform schadet vielen und n\u00fctzt vermutlich nur wenigen \u2026\u201c - Kritische Masse<\/title>\n<meta name=\"robots\" content=\"index, follow, max-snippet:-1, max-image-preview:large, max-video-preview:-1\" \/>\n<link rel=\"canonical\" href=\"https:\/\/www.kritische-masse.de\/logbuch\/2025\/05\/zur-gema-fest-steht-die-reform-schadet-vielen-und-nuetzt-vermutlich-nur-wenigen\/\" \/>\n<meta property=\"og:locale\" content=\"de_DE\" \/>\n<meta property=\"og:type\" content=\"article\" \/>\n<meta property=\"og:title\" content=\"Zur GEMA \u2013 \u201eFest steht: Die Reform schadet vielen und n\u00fctzt vermutlich nur wenigen \u2026\u201c - Kritische Masse\" \/>\n<meta property=\"og:description\" content=\"Supermaschinen machen Superfehler \u2026 Statements zum GEMA-Reformvorhaben \u2013 Warum solidarisiert sich der U-Sektor nicht mal einfach auch mit sich selbst und seinem \u201eNachwuchs\u201c?\" \/>\n<meta property=\"og:url\" content=\"https:\/\/www.kritische-masse.de\/logbuch\/2025\/05\/zur-gema-fest-steht-die-reform-schadet-vielen-und-nuetzt-vermutlich-nur-wenigen\/\" \/>\n<meta property=\"og:site_name\" content=\"Kritische Masse\" \/>\n<meta property=\"article:publisher\" content=\"https:\/\/www.facebook.com\/hufner\" \/>\n<meta property=\"article:author\" content=\"https:\/\/www.facebook.com\/hufner\" \/>\n<meta property=\"article:published_time\" content=\"2025-05-15T09:07:02+00:00\" \/>\n<meta property=\"og:image\" content=\"https:\/\/www.kritische-masse.de\/logbuch\/wp-content\/uploads\/2025\/05\/Musiukerunglueck-2013-1.jpg\" \/>\n\t<meta property=\"og:image:width\" content=\"1024\" \/>\n\t<meta property=\"og:image:height\" content=\"768\" \/>\n\t<meta property=\"og:image:type\" content=\"image\/jpeg\" \/>\n<meta name=\"author\" content=\"der huflaikhan\" \/>\n<meta name=\"twitter:label1\" content=\"Verfasst von\" \/>\n\t<meta name=\"twitter:data1\" content=\"der huflaikhan\" \/>\n\t<meta name=\"twitter:label2\" content=\"Gesch\u00e4tzte Lesezeit\" \/>\n\t<meta name=\"twitter:data2\" content=\"3\u00a0Minuten\" \/>\n<script type=\"application\/ld+json\" class=\"yoast-schema-graph\">{\"@context\":\"https:\\\/\\\/schema.org\",\"@graph\":[{\"@type\":\"Article\",\"@id\":\"https:\\\/\\\/www.kritische-masse.de\\\/logbuch\\\/2025\\\/05\\\/zur-gema-fest-steht-die-reform-schadet-vielen-und-nuetzt-vermutlich-nur-wenigen\\\/#article\",\"isPartOf\":{\"@id\":\"https:\\\/\\\/www.kritische-masse.de\\\/logbuch\\\/2025\\\/05\\\/zur-gema-fest-steht-die-reform-schadet-vielen-und-nuetzt-vermutlich-nur-wenigen\\\/\"},\"author\":{\"name\":\"der huflaikhan\",\"@id\":\"https:\\\/\\\/www.kritische-masse.de\\\/logbuch\\\/#\\\/schema\\\/person\\\/14c491f46504e7f6b79db161f76def1c\"},\"headline\":\"Zur GEMA \u2013 \u201eFest steht: Die Reform schadet vielen und n\u00fctzt vermutlich nur wenigen \u2026\u201c\",\"datePublished\":\"2025-05-15T09:07:02+00:00\",\"mainEntityOfPage\":{\"@id\":\"https:\\\/\\\/www.kritische-masse.de\\\/logbuch\\\/2025\\\/05\\\/zur-gema-fest-steht-die-reform-schadet-vielen-und-nuetzt-vermutlich-nur-wenigen\\\/\"},\"wordCount\":1046,\"commentCount\":0,\"publisher\":{\"@id\":\"https:\\\/\\\/www.kritische-masse.de\\\/logbuch\\\/#\\\/schema\\\/person\\\/14c491f46504e7f6b79db161f76def1c\"},\"image\":{\"@id\":\"https:\\\/\\\/www.kritische-masse.de\\\/logbuch\\\/2025\\\/05\\\/zur-gema-fest-steht-die-reform-schadet-vielen-und-nuetzt-vermutlich-nur-wenigen\\\/#primaryimage\"},\"thumbnailUrl\":\"https:\\\/\\\/i0.wp.com\\\/www.kritische-masse.de\\\/logbuch\\\/wp-content\\\/uploads\\\/2025\\\/05\\\/Musiukerunglueck-2013-1.jpg?fit=1024%2C768&ssl=1\",\"keywords\":[\"Ensemble Recherche\",\"GEMA-Kulturreform\",\"Computer\",\"GEMA\",\"K\u00fcnstliche Intelligenz\"],\"articleSection\":[\"Angriff auf \u2026\",\"das Urheberrecht\",\"die Kultur\",\"die Musik\"],\"inLanguage\":\"de\",\"potentialAction\":[{\"@type\":\"CommentAction\",\"name\":\"Comment\",\"target\":[\"https:\\\/\\\/www.kritische-masse.de\\\/logbuch\\\/2025\\\/05\\\/zur-gema-fest-steht-die-reform-schadet-vielen-und-nuetzt-vermutlich-nur-wenigen\\\/#respond\"]}]},{\"@type\":\"WebPage\",\"@id\":\"https:\\\/\\\/www.kritische-masse.de\\\/logbuch\\\/2025\\\/05\\\/zur-gema-fest-steht-die-reform-schadet-vielen-und-nuetzt-vermutlich-nur-wenigen\\\/\",\"url\":\"https:\\\/\\\/www.kritische-masse.de\\\/logbuch\\\/2025\\\/05\\\/zur-gema-fest-steht-die-reform-schadet-vielen-und-nuetzt-vermutlich-nur-wenigen\\\/\",\"name\":\"Zur GEMA \u2013 \u201eFest steht: Die Reform schadet vielen und n\u00fctzt vermutlich nur wenigen \u2026\u201c - Kritische Masse\",\"isPartOf\":{\"@id\":\"https:\\\/\\\/www.kritische-masse.de\\\/logbuch\\\/#website\"},\"primaryImageOfPage\":{\"@id\":\"https:\\\/\\\/www.kritische-masse.de\\\/logbuch\\\/2025\\\/05\\\/zur-gema-fest-steht-die-reform-schadet-vielen-und-nuetzt-vermutlich-nur-wenigen\\\/#primaryimage\"},\"image\":{\"@id\":\"https:\\\/\\\/www.kritische-masse.de\\\/logbuch\\\/2025\\\/05\\\/zur-gema-fest-steht-die-reform-schadet-vielen-und-nuetzt-vermutlich-nur-wenigen\\\/#primaryimage\"},\"thumbnailUrl\":\"https:\\\/\\\/i0.wp.com\\\/www.kritische-masse.de\\\/logbuch\\\/wp-content\\\/uploads\\\/2025\\\/05\\\/Musiukerunglueck-2013-1.jpg?fit=1024%2C768&ssl=1\",\"datePublished\":\"2025-05-15T09:07:02+00:00\",\"breadcrumb\":{\"@id\":\"https:\\\/\\\/www.kritische-masse.de\\\/logbuch\\\/2025\\\/05\\\/zur-gema-fest-steht-die-reform-schadet-vielen-und-nuetzt-vermutlich-nur-wenigen\\\/#breadcrumb\"},\"inLanguage\":\"de\",\"potentialAction\":[{\"@type\":\"ReadAction\",\"target\":[\"https:\\\/\\\/www.kritische-masse.de\\\/logbuch\\\/2025\\\/05\\\/zur-gema-fest-steht-die-reform-schadet-vielen-und-nuetzt-vermutlich-nur-wenigen\\\/\"]}]},{\"@type\":\"ImageObject\",\"inLanguage\":\"de\",\"@id\":\"https:\\\/\\\/www.kritische-masse.de\\\/logbuch\\\/2025\\\/05\\\/zur-gema-fest-steht-die-reform-schadet-vielen-und-nuetzt-vermutlich-nur-wenigen\\\/#primaryimage\",\"url\":\"https:\\\/\\\/i0.wp.com\\\/www.kritische-masse.de\\\/logbuch\\\/wp-content\\\/uploads\\\/2025\\\/05\\\/Musiukerunglueck-2013-1.jpg?fit=1024%2C768&ssl=1\",\"contentUrl\":\"https:\\\/\\\/i0.wp.com\\\/www.kritische-masse.de\\\/logbuch\\\/wp-content\\\/uploads\\\/2025\\\/05\\\/Musiukerunglueck-2013-1.jpg?fit=1024%2C768&ssl=1\",\"width\":1024,\"height\":768,\"caption\":\"Musikerinnenungl\u00fcck 2013. Foto: Hufner\"},{\"@type\":\"BreadcrumbList\",\"@id\":\"https:\\\/\\\/www.kritische-masse.de\\\/logbuch\\\/2025\\\/05\\\/zur-gema-fest-steht-die-reform-schadet-vielen-und-nuetzt-vermutlich-nur-wenigen\\\/#breadcrumb\",\"itemListElement\":[{\"@type\":\"ListItem\",\"position\":1,\"name\":\"Startseite\",\"item\":\"https:\\\/\\\/www.kritische-masse.de\\\/logbuch\\\/\"},{\"@type\":\"ListItem\",\"position\":2,\"name\":\"Zur GEMA \u2013 \u201eFest steht: Die Reform schadet vielen und n\u00fctzt vermutlich nur wenigen \u2026\u201c\"}]},{\"@type\":\"WebSite\",\"@id\":\"https:\\\/\\\/www.kritische-masse.de\\\/logbuch\\\/#website\",\"url\":\"https:\\\/\\\/www.kritische-masse.de\\\/logbuch\\\/\",\"name\":\"kritische masse\",\"description\":\"amt f\u00fcr vermassungsschutz\",\"publisher\":{\"@id\":\"https:\\\/\\\/www.kritische-masse.de\\\/logbuch\\\/#\\\/schema\\\/person\\\/14c491f46504e7f6b79db161f76def1c\"},\"alternateName\":\"das logbuch der kritischen masse\",\"potentialAction\":[{\"@type\":\"SearchAction\",\"target\":{\"@type\":\"EntryPoint\",\"urlTemplate\":\"https:\\\/\\\/www.kritische-masse.de\\\/logbuch\\\/?s={search_term_string}\"},\"query-input\":{\"@type\":\"PropertyValueSpecification\",\"valueRequired\":true,\"valueName\":\"search_term_string\"}}],\"inLanguage\":\"de\"},{\"@type\":[\"Person\",\"Organization\"],\"@id\":\"https:\\\/\\\/www.kritische-masse.de\\\/logbuch\\\/#\\\/schema\\\/person\\\/14c491f46504e7f6b79db161f76def1c\",\"name\":\"der huflaikhan\",\"image\":{\"@type\":\"ImageObject\",\"inLanguage\":\"de\",\"@id\":\"https:\\\/\\\/www.kritische-masse.de\\\/logbuch\\\/wp-content\\\/uploads\\\/2024\\\/01\\\/cropped-kritischmasse_man_512.jpg\",\"url\":\"https:\\\/\\\/www.kritische-masse.de\\\/logbuch\\\/wp-content\\\/uploads\\\/2024\\\/01\\\/cropped-kritischmasse_man_512.jpg\",\"contentUrl\":\"https:\\\/\\\/www.kritische-masse.de\\\/logbuch\\\/wp-content\\\/uploads\\\/2024\\\/01\\\/cropped-kritischmasse_man_512.jpg\",\"width\":512,\"height\":512,\"caption\":\"der huflaikhan\"},\"logo\":{\"@id\":\"https:\\\/\\\/www.kritische-masse.de\\\/logbuch\\\/wp-content\\\/uploads\\\/2024\\\/01\\\/cropped-kritischmasse_man_512.jpg\"},\"description\":\"Betreiber der Kritischen Masse seit 1995. Seit 2023 Wiederaufnahme. Promotion mit einer Arbeit \u00fcber Adornos kompositorische und theoretische Auseinandersetzung mit der Zw\u00f6lftontechnik. Arbeit f\u00fcr den Bayerischen und den Mitteldeutschen Rundfunk als freier Autor und Regisseur \u2013 zumindest bis Ende 2015. Online-Redaktion f\u00fcr neue musikzeitung, Jazzzeitung und Oper &amp; Tanz. Ungl\u00fccklich, aber fast taub.\",\"sameAs\":[\"https:\\\/\\\/www.kritische-masse.de\\\/logbuch\\\/\",\"https:\\\/\\\/www.facebook.com\\\/hufner\"],\"url\":\"https:\\\/\\\/www.kritische-masse.de\\\/logbuch\\\/author\\\/martin_d1juqiu5\\\/\"}]}<\/script>\n<!-- \/ Yoast SEO plugin. -->","yoast_head_json":{"title":"Zur GEMA \u2013 \u201eFest steht: Die Reform schadet vielen und n\u00fctzt vermutlich nur wenigen \u2026\u201c - Kritische Masse","robots":{"index":"index","follow":"follow","max-snippet":"max-snippet:-1","max-image-preview":"max-image-preview:large","max-video-preview":"max-video-preview:-1"},"canonical":"https:\/\/www.kritische-masse.de\/logbuch\/2025\/05\/zur-gema-fest-steht-die-reform-schadet-vielen-und-nuetzt-vermutlich-nur-wenigen\/","og_locale":"de_DE","og_type":"article","og_title":"Zur GEMA \u2013 \u201eFest steht: Die Reform schadet vielen und n\u00fctzt vermutlich nur wenigen \u2026\u201c - Kritische Masse","og_description":"Supermaschinen machen Superfehler \u2026 Statements zum GEMA-Reformvorhaben \u2013 Warum solidarisiert sich der U-Sektor nicht mal einfach auch mit sich selbst und seinem \u201eNachwuchs\u201c?","og_url":"https:\/\/www.kritische-masse.de\/logbuch\/2025\/05\/zur-gema-fest-steht-die-reform-schadet-vielen-und-nuetzt-vermutlich-nur-wenigen\/","og_site_name":"Kritische Masse","article_publisher":"https:\/\/www.facebook.com\/hufner","article_author":"https:\/\/www.facebook.com\/hufner","article_published_time":"2025-05-15T09:07:02+00:00","og_image":[{"width":1024,"height":768,"url":"https:\/\/www.kritische-masse.de\/logbuch\/wp-content\/uploads\/2025\/05\/Musiukerunglueck-2013-1.jpg","type":"image\/jpeg"}],"author":"der huflaikhan","twitter_misc":{"Verfasst von":"der huflaikhan","Gesch\u00e4tzte Lesezeit":"3\u00a0Minuten"},"schema":{"@context":"https:\/\/schema.org","@graph":[{"@type":"Article","@id":"https:\/\/www.kritische-masse.de\/logbuch\/2025\/05\/zur-gema-fest-steht-die-reform-schadet-vielen-und-nuetzt-vermutlich-nur-wenigen\/#article","isPartOf":{"@id":"https:\/\/www.kritische-masse.de\/logbuch\/2025\/05\/zur-gema-fest-steht-die-reform-schadet-vielen-und-nuetzt-vermutlich-nur-wenigen\/"},"author":{"name":"der huflaikhan","@id":"https:\/\/www.kritische-masse.de\/logbuch\/#\/schema\/person\/14c491f46504e7f6b79db161f76def1c"},"headline":"Zur GEMA \u2013 \u201eFest steht: Die Reform schadet vielen und n\u00fctzt vermutlich nur wenigen \u2026\u201c","datePublished":"2025-05-15T09:07:02+00:00","mainEntityOfPage":{"@id":"https:\/\/www.kritische-masse.de\/logbuch\/2025\/05\/zur-gema-fest-steht-die-reform-schadet-vielen-und-nuetzt-vermutlich-nur-wenigen\/"},"wordCount":1046,"commentCount":0,"publisher":{"@id":"https:\/\/www.kritische-masse.de\/logbuch\/#\/schema\/person\/14c491f46504e7f6b79db161f76def1c"},"image":{"@id":"https:\/\/www.kritische-masse.de\/logbuch\/2025\/05\/zur-gema-fest-steht-die-reform-schadet-vielen-und-nuetzt-vermutlich-nur-wenigen\/#primaryimage"},"thumbnailUrl":"https:\/\/i0.wp.com\/www.kritische-masse.de\/logbuch\/wp-content\/uploads\/2025\/05\/Musiukerunglueck-2013-1.jpg?fit=1024%2C768&ssl=1","keywords":["Ensemble Recherche","GEMA-Kulturreform","Computer","GEMA","K\u00fcnstliche Intelligenz"],"articleSection":["Angriff auf \u2026","das Urheberrecht","die Kultur","die Musik"],"inLanguage":"de","potentialAction":[{"@type":"CommentAction","name":"Comment","target":["https:\/\/www.kritische-masse.de\/logbuch\/2025\/05\/zur-gema-fest-steht-die-reform-schadet-vielen-und-nuetzt-vermutlich-nur-wenigen\/#respond"]}]},{"@type":"WebPage","@id":"https:\/\/www.kritische-masse.de\/logbuch\/2025\/05\/zur-gema-fest-steht-die-reform-schadet-vielen-und-nuetzt-vermutlich-nur-wenigen\/","url":"https:\/\/www.kritische-masse.de\/logbuch\/2025\/05\/zur-gema-fest-steht-die-reform-schadet-vielen-und-nuetzt-vermutlich-nur-wenigen\/","name":"Zur GEMA \u2013 \u201eFest steht: Die Reform schadet vielen und n\u00fctzt vermutlich nur wenigen \u2026\u201c - Kritische Masse","isPartOf":{"@id":"https:\/\/www.kritische-masse.de\/logbuch\/#website"},"primaryImageOfPage":{"@id":"https:\/\/www.kritische-masse.de\/logbuch\/2025\/05\/zur-gema-fest-steht-die-reform-schadet-vielen-und-nuetzt-vermutlich-nur-wenigen\/#primaryimage"},"image":{"@id":"https:\/\/www.kritische-masse.de\/logbuch\/2025\/05\/zur-gema-fest-steht-die-reform-schadet-vielen-und-nuetzt-vermutlich-nur-wenigen\/#primaryimage"},"thumbnailUrl":"https:\/\/i0.wp.com\/www.kritische-masse.de\/logbuch\/wp-content\/uploads\/2025\/05\/Musiukerunglueck-2013-1.jpg?fit=1024%2C768&ssl=1","datePublished":"2025-05-15T09:07:02+00:00","breadcrumb":{"@id":"https:\/\/www.kritische-masse.de\/logbuch\/2025\/05\/zur-gema-fest-steht-die-reform-schadet-vielen-und-nuetzt-vermutlich-nur-wenigen\/#breadcrumb"},"inLanguage":"de","potentialAction":[{"@type":"ReadAction","target":["https:\/\/www.kritische-masse.de\/logbuch\/2025\/05\/zur-gema-fest-steht-die-reform-schadet-vielen-und-nuetzt-vermutlich-nur-wenigen\/"]}]},{"@type":"ImageObject","inLanguage":"de","@id":"https:\/\/www.kritische-masse.de\/logbuch\/2025\/05\/zur-gema-fest-steht-die-reform-schadet-vielen-und-nuetzt-vermutlich-nur-wenigen\/#primaryimage","url":"https:\/\/i0.wp.com\/www.kritische-masse.de\/logbuch\/wp-content\/uploads\/2025\/05\/Musiukerunglueck-2013-1.jpg?fit=1024%2C768&ssl=1","contentUrl":"https:\/\/i0.wp.com\/www.kritische-masse.de\/logbuch\/wp-content\/uploads\/2025\/05\/Musiukerunglueck-2013-1.jpg?fit=1024%2C768&ssl=1","width":1024,"height":768,"caption":"Musikerinnenungl\u00fcck 2013. Foto: Hufner"},{"@type":"BreadcrumbList","@id":"https:\/\/www.kritische-masse.de\/logbuch\/2025\/05\/zur-gema-fest-steht-die-reform-schadet-vielen-und-nuetzt-vermutlich-nur-wenigen\/#breadcrumb","itemListElement":[{"@type":"ListItem","position":1,"name":"Startseite","item":"https:\/\/www.kritische-masse.de\/logbuch\/"},{"@type":"ListItem","position":2,"name":"Zur GEMA \u2013 \u201eFest steht: Die Reform schadet vielen und n\u00fctzt vermutlich nur wenigen \u2026\u201c"}]},{"@type":"WebSite","@id":"https:\/\/www.kritische-masse.de\/logbuch\/#website","url":"https:\/\/www.kritische-masse.de\/logbuch\/","name":"kritische masse","description":"amt f\u00fcr vermassungsschutz","publisher":{"@id":"https:\/\/www.kritische-masse.de\/logbuch\/#\/schema\/person\/14c491f46504e7f6b79db161f76def1c"},"alternateName":"das logbuch der kritischen masse","potentialAction":[{"@type":"SearchAction","target":{"@type":"EntryPoint","urlTemplate":"https:\/\/www.kritische-masse.de\/logbuch\/?s={search_term_string}"},"query-input":{"@type":"PropertyValueSpecification","valueRequired":true,"valueName":"search_term_string"}}],"inLanguage":"de"},{"@type":["Person","Organization"],"@id":"https:\/\/www.kritische-masse.de\/logbuch\/#\/schema\/person\/14c491f46504e7f6b79db161f76def1c","name":"der huflaikhan","image":{"@type":"ImageObject","inLanguage":"de","@id":"https:\/\/www.kritische-masse.de\/logbuch\/wp-content\/uploads\/2024\/01\/cropped-kritischmasse_man_512.jpg","url":"https:\/\/www.kritische-masse.de\/logbuch\/wp-content\/uploads\/2024\/01\/cropped-kritischmasse_man_512.jpg","contentUrl":"https:\/\/www.kritische-masse.de\/logbuch\/wp-content\/uploads\/2024\/01\/cropped-kritischmasse_man_512.jpg","width":512,"height":512,"caption":"der huflaikhan"},"logo":{"@id":"https:\/\/www.kritische-masse.de\/logbuch\/wp-content\/uploads\/2024\/01\/cropped-kritischmasse_man_512.jpg"},"description":"Betreiber der Kritischen Masse seit 1995. Seit 2023 Wiederaufnahme. Promotion mit einer Arbeit \u00fcber Adornos kompositorische und theoretische Auseinandersetzung mit der Zw\u00f6lftontechnik. Arbeit f\u00fcr den Bayerischen und den Mitteldeutschen Rundfunk als freier Autor und Regisseur \u2013 zumindest bis Ende 2015. Online-Redaktion f\u00fcr neue musikzeitung, Jazzzeitung und Oper &amp; Tanz. Ungl\u00fccklich, aber fast taub.","sameAs":["https:\/\/www.kritische-masse.de\/logbuch\/","https:\/\/www.facebook.com\/hufner"],"url":"https:\/\/www.kritische-masse.de\/logbuch\/author\/martin_d1juqiu5\/"}]}},"jetpack_publicize_connections":[],"jetpack_featured_media_url":"https:\/\/i0.wp.com\/www.kritische-masse.de\/logbuch\/wp-content\/uploads\/2025\/05\/Musiukerunglueck-2013-1.jpg?fit=1024%2C768&ssl=1","categories_names":["Angriff auf \u2026","das Urheberrecht","die Kultur","die Musik"],"post_class":[["post-10906","post","type-post","status-publish","format-standard","has-post-thumbnail","hentry","category-angriffauf","category-das-urheberrecht","category-die-kultur","category-diemusik","tag-ensemble-recherche","tag-gema-kulturreform","tag-computer","tag-gema","tag-kuenstliche-intelligenz","entry","has-media"]],"author_avatar":["<img alt='' src='https:\/\/secure.gravatar.com\/avatar\/c23aee426d58e69f14ef471114d4cac215eec702ee1bc331e2a62ea77e96ed60?s=96&#038;d=blank&#038;r=g' srcset='https:\/\/secure.gravatar.com\/avatar\/c23aee426d58e69f14ef471114d4cac215eec702ee1bc331e2a62ea77e96ed60?s=192&#038;d=blank&#038;r=g 2x' class='avatar avatar-96 photo' height='96' width='96' loading='lazy' decoding='async'\/>"],"featured_video":null,"jetpack-related-posts":[{"id":15048,"url":"https:\/\/www.kritische-masse.de\/logbuch\/2026\/03\/ungemach-im-deutschen-komponistinnenverband-und-der-gema\/","url_meta":{"origin":10906,"position":0},"title":"Ungemach im Deutschen Komponist:innenverband und der GEMA","author":"der huflaikhan","date":"21. M\u00e4rz 2026","format":"link","excerpt":"Die Sache ist ebenso verfahren wie die Sache mit Weimer. Die GEMA-Reform 2026 zerreibt Nerven und lang gewachsenen Strukturen, die ja nicht immer nur schlecht sein m\u00fcssen. Es ist ja absolut unstrittig unter Langerfahrenen Beobachtern der GEMA, dass die Ideen der aktuellen Reformbem\u00fchungen nicht aus Gr\u00fcnden der Kulturliebe geschehen, w\u00e4re\u2026","rel":"","context":"In &quot;Amt f\u00fcr Vermassungsschutz&quot;","block_context":{"text":"Amt f\u00fcr Vermassungsschutz","link":"https:\/\/www.kritische-masse.de\/logbuch\/category\/vermassungsschutz\/"},"img":{"alt_text":"","src":"","width":0,"height":0},"classes":[]},{"id":10849,"url":"https:\/\/www.kritische-masse.de\/logbuch\/2025\/04\/ergebnis-der-umfrage-zur-kulturreform-der-gema\/","url_meta":{"origin":10906,"position":1},"title":"Ergebnis der Umfrage zur Kulturreform der GEMA","author":"der huflaikhan","date":"14. April 2025","format":false,"excerpt":"Jetzt stehen die Ergebnisse aus der GEMA-Umfrage fest, die bis heute 12 Uhr freigeschaltet war. Die Ergebnisse sind eindeutig. 90% sehen die gesellschaftlichen und kulturpolitischen Folgen der GEMA-Kulturreform eher negativ, nur 5% positiv und ebenfalls 5% sind die Folgen egal. Die Details der Ergebnisse zum Selberdenken","rel":"","context":"In &quot;Angriff auf \u2026&quot;","block_context":{"text":"Angriff auf \u2026","link":"https:\/\/www.kritische-masse.de\/logbuch\/category\/angriffauf\/"},"img":{"alt_text":"Berlinische Galerie. Foto: MH","src":"https:\/\/i0.wp.com\/www.kritische-masse.de\/logbuch\/wp-content\/uploads\/2024\/03\/03_08_berlinische.jpg?fit=1200%2C900&ssl=1&resize=350%2C200","width":350,"height":200,"srcset":"https:\/\/i0.wp.com\/www.kritische-masse.de\/logbuch\/wp-content\/uploads\/2024\/03\/03_08_berlinische.jpg?fit=1200%2C900&ssl=1&resize=350%2C200 1x, https:\/\/i0.wp.com\/www.kritische-masse.de\/logbuch\/wp-content\/uploads\/2024\/03\/03_08_berlinische.jpg?fit=1200%2C900&ssl=1&resize=525%2C300 1.5x, https:\/\/i0.wp.com\/www.kritische-masse.de\/logbuch\/wp-content\/uploads\/2024\/03\/03_08_berlinische.jpg?fit=1200%2C900&ssl=1&resize=700%2C400 2x, https:\/\/i0.wp.com\/www.kritische-masse.de\/logbuch\/wp-content\/uploads\/2024\/03\/03_08_berlinische.jpg?fit=1200%2C900&ssl=1&resize=1050%2C600 3x"},"classes":[]},{"id":16856,"url":"https:\/\/www.kritische-masse.de\/logbuch\/2026\/04\/gema-auf-der-zielgeraden-ihrer-kulturreform\/","url_meta":{"origin":10906,"position":2},"title":"GEMA auf der Zielgeraden ihrer Kulturreform","author":"der huflaikhan","date":"9. April 2026","format":false,"excerpt":"Egal, ob das Produkt gut ist oder nicht, Hauptsache, es wird einem abgekauft. GEMA ist keine Verwertungsgesellschaft, sondern ein Gesch\u00e4ft, bei dem der St\u00e4rkste bestimmt, was die Wahrheit sein soll.","rel":"","context":"In &quot;Angriff auf \u2026&quot;","block_context":{"text":"Angriff auf \u2026","link":"https:\/\/www.kritische-masse.de\/logbuch\/category\/angriffauf\/"},"img":{"alt_text":"","src":"","width":0,"height":0},"classes":[]},{"id":14195,"url":"https:\/\/www.kritische-masse.de\/logbuch\/2026\/03\/abgruende-der-gema\/","url_meta":{"origin":10906,"position":3},"title":"Abgr\u00fcnde der GEMA","author":"der huflaikhan","date":"12. M\u00e4rz 2026","format":false,"excerpt":"Die GEMA reagiert gereizt auf den Offenen Brief der Rektorenkonferenz der deutschen Musikhochschulen. Georg Oeller antwortet in einem Brief an diese Institution und wirft ihr vor: \u201eZun\u00e4chst bedauern wir, dass Sie ein klares Bekenntnis zu musikalischer Vielfalt vermissen lassen und die \u00d6ffnung der F\u00f6rderung f\u00fcr alle f\u00f6rderungsw\u00fcrdigen Genres nicht unterst\u00fctzen.\u201c\u2026","rel":"","context":"In &quot;die Kunst&quot;","block_context":{"text":"die Kunst","link":"https:\/\/www.kritische-masse.de\/logbuch\/category\/angriffauf\/die-kunst\/"},"img":{"alt_text":"","src":"","width":0,"height":0},"classes":[]},{"id":11455,"url":"https:\/\/www.kritische-masse.de\/logbuch\/2025\/10\/eine-zensur-findet-nicht-statt\/","url_meta":{"origin":10906,"position":4},"title":"Eine Zensur findet (nicht) statt \u2026","author":"der huflaikhan","date":"4. Oktober 2025","format":false,"excerpt":"Eine Zensur findet nicht statt. (Art. 5 Abs. 1 S. 3 GG). Au\u00dfer man ist die Beauftragte der Bundesregierung f\u00fcr Kultur und Medien und hei\u00dft Wolfram Dingensbummens und leitet das sogenannte Bundeskulturministerium (BKM). So gesehen und vorgesehen, als er sich dagegen wandte, einen Rapper bei einer Veranstaltung im Haus der\u2026","rel":"","context":"In &quot;Amt f\u00fcr Vermassungsschutz&quot;","block_context":{"text":"Amt f\u00fcr Vermassungsschutz","link":"https:\/\/www.kritische-masse.de\/logbuch\/category\/vermassungsschutz\/"},"img":{"alt_text":"spu\u0308le","src":"https:\/\/i0.wp.com\/www.kritische-masse.de\/logbuch\/wp-content\/uploads\/2025\/10\/spuele.jpg?resize=350%2C200&ssl=1","width":350,"height":200,"srcset":"https:\/\/i0.wp.com\/www.kritische-masse.de\/logbuch\/wp-content\/uploads\/2025\/10\/spuele.jpg?resize=350%2C200&ssl=1 1x, https:\/\/i0.wp.com\/www.kritische-masse.de\/logbuch\/wp-content\/uploads\/2025\/10\/spuele.jpg?resize=525%2C300&ssl=1 1.5x, https:\/\/i0.wp.com\/www.kritische-masse.de\/logbuch\/wp-content\/uploads\/2025\/10\/spuele.jpg?resize=700%2C400&ssl=1 2x"},"classes":[]},{"id":10841,"url":"https:\/\/www.kritische-masse.de\/logbuch\/2025\/04\/gema-kulturreform-eine-kleine-umfrage\/","url_meta":{"origin":10906,"position":5},"title":"GEMA-Kulturreform \u2013 eine kleine Umfrage","author":"der huflaikhan","date":"5. April 2025","format":false,"excerpt":"Um ein kleines Stimmungsbild zu bekommen, habe ich mich entschlossen, eine Umfrage in Sachen GEMA-Kultur-Reform zu machen. Daf\u00fcr gibt es einen Link, einen QR-Code und die M\u00f6glichkeit, dies hier direkt im Browser auszuf\u00fcllen. Die Umfrage ist anonym. \u00dcber eine Teilnahme w\u00fcrde ich mich freuen.","rel":"","context":"In &quot;Angriff auf \u2026&quot;","block_context":{"text":"Angriff auf \u2026","link":"https:\/\/www.kritische-masse.de\/logbuch\/category\/angriffauf\/"},"img":{"alt_text":"Speersitz statt Sperrspitz. Foto: Hufner","src":"https:\/\/i0.wp.com\/www.kritische-masse.de\/logbuch\/wp-content\/uploads\/2014\/08\/sperrsitz-anders.webp?fit=1024%2C768&ssl=1&resize=350%2C200","width":350,"height":200,"srcset":"https:\/\/i0.wp.com\/www.kritische-masse.de\/logbuch\/wp-content\/uploads\/2014\/08\/sperrsitz-anders.webp?fit=1024%2C768&ssl=1&resize=350%2C200 1x, https:\/\/i0.wp.com\/www.kritische-masse.de\/logbuch\/wp-content\/uploads\/2014\/08\/sperrsitz-anders.webp?fit=1024%2C768&ssl=1&resize=525%2C300 1.5x, https:\/\/i0.wp.com\/www.kritische-masse.de\/logbuch\/wp-content\/uploads\/2014\/08\/sperrsitz-anders.webp?fit=1024%2C768&ssl=1&resize=700%2C400 2x"},"classes":[]}],"jetpack_sharing_enabled":true,"public_identification_id":"1ad680ceaa6e465683cf520a036152da","private_identification_id":"15cceddb9ce1475087822f080db1db6d","_links":{"self":[{"href":"https:\/\/www.kritische-masse.de\/logbuch\/wp-json\/wp\/v2\/posts\/10906","targetHints":{"allow":["GET"]}}],"collection":[{"href":"https:\/\/www.kritische-masse.de\/logbuch\/wp-json\/wp\/v2\/posts"}],"about":[{"href":"https:\/\/www.kritische-masse.de\/logbuch\/wp-json\/wp\/v2\/types\/post"}],"author":[{"embeddable":true,"href":"https:\/\/www.kritische-masse.de\/logbuch\/wp-json\/wp\/v2\/users\/1"}],"replies":[{"embeddable":true,"href":"https:\/\/www.kritische-masse.de\/logbuch\/wp-json\/wp\/v2\/comments?post=10906"}],"version-history":[{"count":0,"href":"https:\/\/www.kritische-masse.de\/logbuch\/wp-json\/wp\/v2\/posts\/10906\/revisions"}],"wp:featuredmedia":[{"embeddable":true,"href":"https:\/\/www.kritische-masse.de\/logbuch\/wp-json\/wp\/v2\/media\/10910"}],"wp:attachment":[{"href":"https:\/\/www.kritische-masse.de\/logbuch\/wp-json\/wp\/v2\/media?parent=10906"}],"wp:term":[{"taxonomy":"category","embeddable":true,"href":"https:\/\/www.kritische-masse.de\/logbuch\/wp-json\/wp\/v2\/categories?post=10906"},{"taxonomy":"post_tag","embeddable":true,"href":"https:\/\/www.kritische-masse.de\/logbuch\/wp-json\/wp\/v2\/tags?post=10906"}],"curies":[{"name":"wp","href":"https:\/\/api.w.org\/{rel}","templated":true}]}}