{"id":10950,"date":"2025-07-04T11:33:35","date_gmt":"2025-07-04T09:33:35","guid":{"rendered":"https:\/\/www.kritische-masse.de\/logbuch\/?p=10950"},"modified":"2025-07-21T19:48:52","modified_gmt":"2025-07-21T17:48:52","slug":"wolfram-weimer-als-apologet-des-muffs","status":"publish","type":"post","link":"https:\/\/www.kritische-masse.de\/logbuch\/2025\/07\/wolfram-weimer-als-apologet-des-muffs\/","title":{"rendered":"Wolfram Weimer als Apologet des Muffs"},"content":{"rendered":"<div class=\"shariff shariff-align-left shariff-widget-align-left\"><ul class=\"shariff-buttons theme-white orientation-horizontal buttonsize-small\"><li class=\"shariff-button mastodon shariff-nocustomcolor\" style=\"background-color:#563ACC\"><a href=\"https:\/\/s2f.kytta.dev\/?text=Wolfram%20Weimer%20als%20Apologet%20des%20Muffs https%3A%2F%2Fwww.kritische-masse.de%2Flogbuch%2F2025%2F07%2Fwolfram-weimer-als-apologet-des-muffs%2F\" title=\"Bei Mastodon teilen\" aria-label=\"Bei Mastodon teilen\" role=\"button\" rel=\"noopener nofollow\" class=\"shariff-link\" style=\"; background-color:#6364FF; color:#6364FF\" target=\"_blank\"><span class=\"shariff-icon\" style=\"fill:#6364FF\"><svg width=\"75\" height=\"79\" viewBox=\"0 0 75 79\" fill=\"none\" xmlns=\"http:\/\/www.w3.org\/2000\/svg\"><path d=\"M37.813-.025C32.462-.058 27.114.13 21.79.598c-8.544.621-17.214 5.58-20.203 13.931C-1.12 23.318.408 32.622.465 41.65c.375 7.316.943 14.78 3.392 21.73 4.365 9.465 14.781 14.537 24.782 15.385 7.64.698 15.761-.213 22.517-4.026a54.1 54.1 0 0 0 .01-6.232c-6.855 1.316-14.101 2.609-21.049 1.074-3.883-.88-6.876-4.237-7.25-8.215-1.53-3.988 3.78-.43 5.584-.883 9.048 1.224 18.282.776 27.303-.462 7.044-.837 14.26-4.788 16.65-11.833 2.263-6.135 1.215-12.79 1.698-19.177.06-3.84.09-7.692-.262-11.52C72.596 7.844 63.223.981 53.834.684a219.453 219.453 0 0 0-16.022-.71zm11.294 12.882c5.5-.067 10.801 4.143 11.67 9.653.338 1.48.471 3 .471 4.515v21.088h-8.357c-.07-7.588.153-15.182-.131-22.765-.587-4.368-7.04-5.747-9.672-2.397-2.422 3.04-1.47 7.155-1.67 10.735v6.392h-8.307c-.146-4.996.359-10.045-.404-15.002-1.108-4.218-7.809-5.565-10.094-1.666-1.685 3.046-.712 6.634-.976 9.936v14.767h-8.354c.109-8.165-.238-16.344.215-24.5.674-5.346 5.095-10.389 10.676-10.627 4.902-.739 10.103 2.038 12.053 6.631.375 1.435 1.76 1.932 1.994.084 1.844-3.704 5.501-6.739 9.785-6.771.367-.044.735-.068 1.101-.073z\"\/><defs><linearGradient id=\"paint0_linear_549_34\" x1=\"37.0692\" y1=\"0\" x2=\"37.0692\" y2=\"79\" gradientUnits=\"userSpaceOnUse\"><stop stop-color=\"#6364FF\"\/><stop offset=\"1\" stop-color=\"#563ACC\"\/><\/linearGradient><\/defs><\/svg><\/span><span class=\"shariff-text\" style=\"color:#6364FF\">teilen<\/span>&nbsp;<\/a><\/li><li class=\"shariff-button bluesky shariff-nocustomcolor\" style=\"background-color:#84c4ff\"><a href=\"https:\/\/bsky.app\/intent\/compose?text=Wolfram%20Weimer%20als%20Apologet%20des%20Muffs https%3A%2F%2Fwww.kritische-masse.de%2Flogbuch%2F2025%2F07%2Fwolfram-weimer-als-apologet-des-muffs%2F \" title=\"Bei Bluesky teilen\" aria-label=\"Bei Bluesky teilen\" role=\"button\" rel=\"noopener nofollow\" class=\"shariff-link\" style=\"; background-color:#0085ff; color:#0085ff\" target=\"_blank\"><span class=\"shariff-icon\" style=\"fill:#0085ff\"><svg width=\"20\" height=\"20\" version=\"1.1\" xmlns=\"http:\/\/www.w3.org\/2000\/svg\" viewBox=\"0 0 20 20\"><path class=\"st0\" d=\"M4.89,3.12c2.07,1.55,4.3,4.71,5.11,6.4.82-1.69,3.04-4.84,5.11-6.4,1.49-1.12,3.91-1.99,3.91.77,0,.55-.32,4.63-.5,5.3-.64,2.3-2.99,2.89-5.08,2.54,3.65.62,4.58,2.68,2.57,4.74-3.81,3.91-5.48-.98-5.9-2.23-.08-.23-.11-.34-.12-.25,0-.09-.04.02-.12.25-.43,1.25-2.09,6.14-5.9,2.23-2.01-2.06-1.08-4.12,2.57-4.74-2.09.36-4.44-.23-5.08-2.54-.19-.66-.5-4.74-.5-5.3,0-2.76,2.42-1.89,3.91-.77h0Z\"\/><\/svg><\/span><span class=\"shariff-text\" style=\"color:#0085ff\">teilen<\/span>&nbsp;<\/a><\/li><li class=\"shariff-button threema shariff-nocustomcolor shariff-mobile\" style=\"background-color:#4fbc24\"><a href=\"threema:\/\/compose?text=Wolfram%20Weimer%20als%20Apologet%20des%20Muffs%20https%3A%2F%2Fwww.kritische-masse.de%2Flogbuch%2F2025%2F07%2Fwolfram-weimer-als-apologet-des-muffs%2F\" title=\"Bei Threema teilen\" aria-label=\"Bei Threema teilen\" role=\"button\" rel=\"noopener nofollow\" class=\"shariff-link\" style=\"; background-color:#1f1f1f; color:#1f1f1f\" target=\"_blank\"><span class=\"shariff-icon\" style=\"fill:#1f1f1f\"><svg width=\"32px\" height=\"20px\" xmlns=\"http:\/\/www.w3.org\/2000\/svg\" viewBox=\"0 0 32 32\"><path fill=\"#1f1f1f\" d=\"M30.8 10.9c-0.3-1.4-0.9-2.6-1.8-3.8-2-2.6-5.5-4.5-9.4-5.2-1.3-0.2-1.9-0.3-3.5-0.3s-2.2 0-3.5 0.3c-4 0.7-7.4 2.6-9.4 5.2-0.9 1.2-1.5 2.4-1.8 3.8-0.1 0.5-0.2 1.2-0.2 1.6 0 0.4 0.1 1.1 0.2 1.6 0.4 1.9 1.3 3.4 2.9 5 0.8 0.8 0.8 0.8 0.7 1.3 0 0.6-0.5 1.6-1.7 3.6-0.3 0.5-0.5 0.9-0.5 0.9 0 0.1 0.1 0.1 0.5 0 0.8-0.2 2.3-0.6 5.6-1.6 1.1-0.3 1.3-0.4 2.3-0.4 0.8 0 1.1 0 2.3 0.2 1.5 0.2 3.5 0.2 4.9 0 5.1-0.6 9.3-2.9 11.4-6.3 0.5-0.9 0.9-1.8 1.1-2.8 0.1-0.5 0.2-1.1 0.2-1.6 0-0.7-0.1-1.1-0.2-1.6-0.3-1.4 0.1 0.5 0 0zM20.6 17.3c0 0.4-0.4 0.8-0.8 0.8h-7.7c-0.4 0-0.8-0.4-0.8-0.8v-4.6c0-0.4 0.4-0.8 0.8-0.8h0.2l0-1.6c0-0.9 0-1.8 0.1-2 0.1-0.6 0.6-1.2 1.1-1.7s1.1-0.7 1.9-0.8c1.8-0.3 3.7 0.7 4.2 2.2 0.1 0.3 0.1 0.7 0.1 2.1v0 1.7h0.1c0.4 0 0.8 0.4 0.8 0.8v4.6zM15.6 7.3c-0.5 0.1-0.8 0.3-1.2 0.6s-0.6 0.8-0.7 1.3c0 0.2 0 0.8 0 1.5l0 1.2h4.6v-1.3c0-1 0-1.4-0.1-1.6-0.3-1.1-1.5-1.9-2.6-1.7zM25.8 28.2c0 1.2-1 2.2-2.1 2.2s-2.1-1-2.1-2.1c0-1.2 1-2.1 2.2-2.1s2.2 1 2.2 2.2zM18.1 28.2c0 1.2-1 2.2-2.1 2.2s-2.1-1-2.1-2.1c0-1.2 1-2.1 2.2-2.1s2.2 1 2.2 2.2zM10.4 28.2c0 1.2-1 2.2-2.1 2.2s-2.1-1-2.1-2.1c0-1.2 1-2.1 2.2-2.1s2.2 1 2.2 2.2z\"\/><\/svg><\/span><span class=\"shariff-text\" style=\"color:#1f1f1f\">teilen<\/span>&nbsp;<\/a><\/li><li class=\"shariff-button facebook shariff-nocustomcolor\" style=\"background-color:#4273c8\"><a href=\"https:\/\/www.facebook.com\/sharer\/sharer.php?u=https%3A%2F%2Fwww.kritische-masse.de%2Flogbuch%2F2025%2F07%2Fwolfram-weimer-als-apologet-des-muffs%2F\" title=\"Bei Facebook teilen\" aria-label=\"Bei Facebook teilen\" role=\"button\" rel=\"nofollow\" class=\"shariff-link\" style=\"; background-color:#3b5998; color:#3b5998\" target=\"_blank\"><span class=\"shariff-icon\" style=\"fill:#3b5998\"><svg width=\"32px\" height=\"20px\" xmlns=\"http:\/\/www.w3.org\/2000\/svg\" viewBox=\"0 0 18 32\"><path fill=\"#3b5998\" d=\"M17.1 0.2v4.7h-2.8q-1.5 0-2.1 0.6t-0.5 1.9v3.4h5.2l-0.7 5.3h-4.5v13.6h-5.5v-13.6h-4.5v-5.3h4.5v-3.9q0-3.3 1.9-5.2t5-1.8q2.6 0 4.1 0.2z\"\/><\/svg><\/span><span class=\"shariff-text\" style=\"color:#3b5998\">teilen<\/span>&nbsp;<\/a><\/li><li class=\"shariff-button info shariff-nocustomcolor\" style=\"background-color:#a8a8a8\"><a href=\"http:\/\/ct.de\/-2467514\" title=\"Weitere Informationen\" aria-label=\"Weitere Informationen\" role=\"button\" rel=\"noopener \" class=\"shariff-link\" style=\"; background-color:#999; color:#999\" target=\"_blank\"><span class=\"shariff-icon\" style=\"fill:#999\"><svg width=\"32px\" height=\"20px\" xmlns=\"http:\/\/www.w3.org\/2000\/svg\" viewBox=\"0 0 11 32\"><path fill=\"#999\" d=\"M11.4 24v2.3q0 0.5-0.3 0.8t-0.8 0.4h-9.1q-0.5 0-0.8-0.4t-0.4-0.8v-2.3q0-0.5 0.4-0.8t0.8-0.4h1.1v-6.8h-1.1q-0.5 0-0.8-0.4t-0.4-0.8v-2.3q0-0.5 0.4-0.8t0.8-0.4h6.8q0.5 0 0.8 0.4t0.4 0.8v10.3h1.1q0.5 0 0.8 0.4t0.3 0.8zM9.2 3.4v3.4q0 0.5-0.4 0.8t-0.8 0.4h-4.6q-0.4 0-0.8-0.4t-0.4-0.8v-3.4q0-0.4 0.4-0.8t0.8-0.4h4.6q0.5 0 0.8 0.4t0.4 0.8z\"\/><\/svg><\/span><\/a><\/li><\/ul><\/div><p align=\"left\">Ein Blick zur\u00fcck nach 1965. Cancel Culture ohne Internet und Soziale Medien! \u201eNach der Urauff\u00fchrung von Canettis \u00bbHochzeit\u00ab am 3. 11. 1965 in Braunschweig erstattete ein Anonymus Strafanzeige \u00bbwegen Erregung geschlechtlichen \u00c4rgernisses\u00ab gegen den Intendanten des Staatstheaters Braunschweig und gegen den Regisseur der Auff\u00fchrung; Adorno wurde von der Dramaturgie des Theaters um eine Stellungnahme gebeten. \u2013 Der Wortlaut der Anzeige, auf den Adorno sich bezieht, findet sich in der \u00bbNeuen Braunschweiger\u00ab vom 12.\/13. 11. 1965 abgedruckt.\u201c (Fu\u00dfnote zum unten zitierten Text.)<\/p>\n<p>Aber, hey, unser neuer Beauftragter f\u00fcr Kultur und Medien im Nebenzimmer des Bundeskanzlers Wolfram Weimer flaniert in einer Talkshow der ARD gockelnd umher und behauptet kackfrech, man d\u00fcrfe keinen Karl May mehr lesen (<a href=\"https:\/\/393666.seu2.cleverreach.com\/c\/108892591\/3ba696287a5-syvag3\">hier nachzusehen<\/a>) und die BILD-Zeitung springt ihm bei.<\/p>\n<figure id=\"attachment_10951\" aria-describedby=\"caption-attachment-10951\" style=\"width: 566px\" class=\"wp-caption aligncenter\"><img data-recalc-dims=\"1\" loading=\"lazy\" decoding=\"async\" data-attachment-id=\"10951\" data-permalink=\"https:\/\/www.kritische-masse.de\/logbuch\/2025\/07\/wolfram-weimer-als-apologet-des-muffs\/maischberger-kulturstaatsminister-weimer-zerlegt-gruene-verbotspolitik-politik-bild-de\/\" data-orig-file=\"https:\/\/i0.wp.com\/www.kritische-masse.de\/logbuch\/wp-content\/uploads\/2025\/07\/Maischberger-Kulturstaatsminister-Weimer-zerlegt-gruene-Verbotspolitik-Politik-BILD-de.png?fit=566%2C162&amp;ssl=1\" data-orig-size=\"566,162\" data-comments-opened=\"1\" data-image-meta=\"{&quot;aperture&quot;:&quot;0&quot;,&quot;credit&quot;:&quot;&quot;,&quot;camera&quot;:&quot;&quot;,&quot;caption&quot;:&quot;&quot;,&quot;created_timestamp&quot;:&quot;0&quot;,&quot;copyright&quot;:&quot;&quot;,&quot;focal_length&quot;:&quot;0&quot;,&quot;iso&quot;:&quot;0&quot;,&quot;shutter_speed&quot;:&quot;0&quot;,&quot;title&quot;:&quot;&quot;,&quot;orientation&quot;:&quot;0&quot;}\" data-image-title=\"Maischberger Kulturstaatsminister Weimer zerlegt gru\u0308ne Verbotspolitik Politik BILD de\" data-image-description=\"&lt;p&gt;Maischberger Kulturstaatsminister Weimer zerlegt gru\u0308ne Verbotspolitik Politik BILD de&lt;\/p&gt;\n\" data-image-caption=\"&lt;p&gt;Maischberger Kulturstaatsminister Weimer zerlegt gru\u0308ne Verbotspolitik Politik BILD de&lt;\/p&gt;\n\" data-large-file=\"https:\/\/i0.wp.com\/www.kritische-masse.de\/logbuch\/wp-content\/uploads\/2025\/07\/Maischberger-Kulturstaatsminister-Weimer-zerlegt-gruene-Verbotspolitik-Politik-BILD-de.png?fit=566%2C162&amp;ssl=1\" class=\"wp-image-10951 size-full\" title=\"Maischberger Kulturstaatsminister Weimer zerlegt gru\u0308ne Verbotspolitik Politik BILD de\" src=\"https:\/\/i0.wp.com\/www.kritische-masse.de\/logbuch\/wp-content\/uploads\/2025\/07\/Maischberger-Kulturstaatsminister-Weimer-zerlegt-gruene-Verbotspolitik-Politik-BILD-de.png?resize=566%2C162&#038;ssl=1\" alt=\"Maischberger Kulturstaatsminister Weimer zerlegt gru\u0308ne Verbotspolitik Politik BILD de\" width=\"566\" height=\"162\" srcset=\"https:\/\/i0.wp.com\/www.kritische-masse.de\/logbuch\/wp-content\/uploads\/2025\/07\/Maischberger-Kulturstaatsminister-Weimer-zerlegt-gruene-Verbotspolitik-Politik-BILD-de.png?w=566&amp;ssl=1 566w, https:\/\/i0.wp.com\/www.kritische-masse.de\/logbuch\/wp-content\/uploads\/2025\/07\/Maischberger-Kulturstaatsminister-Weimer-zerlegt-gruene-Verbotspolitik-Politik-BILD-de.png?resize=300%2C86&amp;ssl=1 300w\" sizes=\"auto, (max-width: 566px) 100vw, 566px\" \/><figcaption id=\"caption-attachment-10951\" class=\"wp-caption-text\">Maischberger Kulturstaatsminister Weimer zerlegt gru\u0308ne Verbotspolitik Politik BILD de<\/figcaption><\/figure>\n<p align=\"left\">Verlinke ich nicht, aber der Screenshot beweist auch hier, wie genau man es bei der BILD mit den Fakten nimmt, und die sind hier nicht mal diskussionsbed\u00fcrftig, denn bislang gilt Weimer noch als <em>parteilos<\/em>.<\/p>\n<p align=\"left\">Aber man zitiert ihn hier mit den Worten: \u201eWir wissen aus Umfragen, dass nur noch 40 Prozent der Deutschen der Meinung sind, du kannst in Deutschland frei deine Meinung sagen, ohne irgendwelche Nachteile zu erwarten. Noch in den 90er Jahren haben 95 Prozent gesagt: Nat\u00fcrlich kannst du alles sagen, was du denkst.\u201c<\/p>\n<p align=\"left\">Der Faktencheck \u00fcber Perplexity ergibt dagegen:<\/p>\n<ul>\n<li>\n<p align=\"left\"><strong>Richtig ist:<\/strong> Nur noch etwa 40 Prozent der Deutschen haben laut aktuellen Umfragen das Gef\u00fchl, ihre Meinung frei \u00e4u\u00dfern zu k\u00f6nnen.<\/p>\n<\/li>\n<li>\n<p align=\"left\"><strong>Falsch ist:<\/strong> In den 1990er Jahren lag der Wert nicht bei 95 Prozent, sondern bei etwa 78 Prozent. Die 95 Prozent wurden in den 1970er Jahren erreicht, nicht in den 1990ern.<\/p>\n<\/li>\n<\/ul>\n<p align=\"left\">Die Aussage ist also in Bezug auf die aktuelle Zahl korrekt, \u00fcbertreibt aber die fr\u00fchere Zustimmung in den 1990er Jahren deutlich.<\/p>\n<p align=\"left\">Was bedeutet das? Erstens, dass unser Kultur- und Medienbeauftragte sich Daten ausdenkt, wie es ihm gef\u00e4llt. Zweitens die Analyse, woher diese Stimmung (es ist ja eine Stimmung, ein Gef\u00fchl!) kommt, nicht geleistet wird, sondern einer Wokeness-Empfindung geschuldet ist. Wie die sich demografisch verteilt, wer welches Gef\u00fchl hat: Fehlanzeige. Selbst das mit den 40 Prozent, auch hier ist Weimer unpr\u00e4zise, weil sich eine entsprechende Allensbach-Umfrage aus dem Jahr 2023 auf \u201epolitische\u201c \u00c4u\u00dferungen bezogen hat.<\/p>\n<p align=\"left\">Selbst Chat GPT ist da in Version 4 akkurater als der Beauftragte.<\/p>\n<blockquote>\n<p data-start=\"100\" data-end=\"123\"><strong data-start=\"100\" data-end=\"121\">Faktencheck dazu:<\/strong><\/p>\n<ul data-start=\"124\" data-end=\"759\">\n<li data-start=\"124\" data-end=\"341\">\n<p data-start=\"126\" data-end=\"341\">Es gibt tats\u00e4chlich Umfragen, die zeigen, dass das subjektive <em data-start=\"188\" data-end=\"196\">Gef\u00fchl<\/em> der Meinungsfreiheit in Deutschland gesunken ist. Viele Menschen haben den Eindruck, man k\u00f6nne seine Meinung nicht mehr ohne Nachteile \u00e4u\u00dfern.<\/p>\n<\/li>\n<li data-start=\"342\" data-end=\"759\">\n<p data-start=\"344\" data-end=\"516\">Eine bekannte Quelle ist der <strong data-start=\"373\" data-end=\"410\">Allensbach-Meinungsfreiheitsindex<\/strong>, der regelm\u00e4\u00dfig erhebt, wie viele Menschen glauben, ihre Meinung frei sagen zu k\u00f6nnen. Dort zeigt sich:<\/p>\n<ul data-start=\"519\" data-end=\"759\">\n<li data-start=\"519\" data-end=\"656\">\n<p data-start=\"521\" data-end=\"656\">In den fr\u00fchen 1990er-Jahren sagten etwa 78\u201380\u202f% der Befragten, sie k\u00f6nnten ihre Meinung frei \u00e4u\u00dfern. 95\u202f% ist also zu hoch gegriffen.<\/p>\n<\/li>\n<li data-start=\"659\" data-end=\"759\">\n<p data-start=\"661\" data-end=\"759\">In den letzten Jahren (z.\u202fB. 2021\u20132022) waren es noch etwa 45\u202f%\u201350\u202f%, die diese Meinung teilten.<\/p>\n<\/li>\n<\/ul>\n<\/li>\n<\/ul>\n<p data-start=\"761\" data-end=\"977\">Der Satz<strong> <em data-start=\"770\" data-end=\"787\">\u201enur noch 40\u202f%\u201c<\/em> ist also ungef\u00e4hr richtig<\/strong> (je nach Umfragejahr und Fragestellung), aber die Behauptung, dass es in den 90ern <strong data-start=\"897\" data-end=\"905\">95\u202f%<\/strong> waren, <strong>stimmt so nicht<\/strong>. Der historische Wert lag eher bei knapp 80\u202f%.<\/p>\n<p data-start=\"979\" data-end=\"1305\"><strong data-start=\"979\" data-end=\"1002\">Zur Interpretation:<\/strong><br data-start=\"1002\" data-end=\"1005\" \/>Das hei\u00dft nicht, dass die Meinungsfreiheit gesetzlich eingeschr\u00e4nkt wurde. Sondern es zeigt eher, dass viele Menschen Angst haben, gesellschaftlich angegriffen oder ausgegrenzt zu werden, wenn sie ihre Meinung \u00e4u\u00dfern. Das ist ein Unterschied zwischen <em data-start=\"1256\" data-end=\"1267\">gef\u00fchlter<\/em> und <em data-start=\"1272\" data-end=\"1285\">rechtlicher<\/em> Meinungsfreiheit.<\/p>\n<\/blockquote>\n<p align=\"left\">Und deshalb darf man also keinen Karl May mehr lesen? Herr Weimer, Adorno sollten Sie allerdings noch lesen. Denn der Muff, mit dem Sie die deutsche Kultur \u00fcberziehen m\u00f6chten, den Sie als liberale Mitte proklamieren, den haben wir genug in der aktuellen Politik, den brauchen wir in Kunst und Kultur gerade nicht. Womit bitte nicht ausgeschlossen sei, dass manch ein sich avantgardistisch gebendes Kunstwerk ebenso Muff sein kann. Der Muff ist \u00fcberall zu finden. Sie, Herr Weimer, sind gerade unterwegs, der Ober-Muffti zu werden.<\/p>\n<h3>Adorno: Gegen den Muff (1965)<\/h3>\n<blockquote>\n<p align=\"left\">\u201eMit der Unterstellung, da\u00df eine Kulturdiktatur \u2013 im Sinn der Moderne \u2013 bei uns herrsche, w\u00e4hrend doch gerade k\u00fcnstlerisch nicht konformistische St\u00fccke immer wieder der Diffamierung begegnen, l\u00e4\u00dft er jenen Projektionsmechanismus erkennen, der f\u00fcr Rechtsradikale, f\u00fcr autorit\u00e4tsgebundene Pers\u00f6nlichkeiten so \u00fcberaus bezeichnend ist. Ebenso ist die Unterstellung, da\u00df der Denunziant, wenn er seinen Namen nennte, \u00bbRepressalien\u00ab zu bef\u00fcrchten h\u00e4tte, die seine \u00bbk\u00f6rperliche Integrit\u00e4t unmittelbar gef\u00e4hrden k\u00f6nnten\u00ab, eine unverkennbare Verkehrung des Sachverhalts. Repressalien haben im allgemeinen Menschen zu bef\u00fcrchten, die den konventionellen Anschauungen zuwider handeln, so wie j\u00fcngst Grass oder Silex, zu schweigen von den D\u00fcsseldorfer B\u00fccherverbrennungen. Wer sich so verh\u00e4lt wie der Anonymus, wird des Beifalls gerade derer sicher sein, die zum Terrorismus neigen. Dieser Zusammenhang verweist auf den Kern der Angelegenheit: hier geht es, mit der Moral als nichtigem Vorwand (weil n\u00e4mlich keinerlei Verletzung der Moral, nicht einmal der konventionellen, vorliegt), in Wahrheit um die moderne Kunst. Wem es mit dem Grundgesetz ernst ist, das die Freiheit der Kunst ausdr\u00fccklich garantiert, m\u00fc\u00dfte mit aller Energie derartigen Versuchen widerstehen. Es w\u00e4re ein unertr\u00e4glicher Zustand, wenn in kleineren deutschen St\u00e4dten in \u00e4sthetischen Fragen Grunds\u00e4tze proklamiert w\u00fcrden, die, als zur\u00fcckgeblieben und unwahrhaftig durchschaut, in gro\u00dfen St\u00e4dten zwar keine Repressalien, aber Gel\u00e4chter provozieren m\u00fc\u00dften.<sup class=\"modern-footnotes-footnote \" data-mfn=\"1\" data-mfn-post-scope=\"0000000000003e210000000000000000_10950\"><a href=\"javascript:void(0)\"  role=\"button\" aria-pressed=\"false\" aria-describedby=\"mfn-content-0000000000003e210000000000000000_10950-1\">1<\/a><\/sup><span id=\"mfn-content-0000000000003e210000000000000000_10950-1\" role=\"tooltip\" class=\"modern-footnotes-footnote__note\" tabindex=\"0\" data-mfn=\"1\">Band 20: Vermischte Schriften I\/II: Gegen den Muff. Theodor W. Adorno: Gesammelte Schriften, S. 17861 (vgl. GS 20.2, S. 497)<\/span><\/p>\n<\/blockquote>\n<p align=\"left\">PAUSE<\/p>\n<p align=\"left\">Das f\u00fchrt mich zu einer ganz anderen Frage. Warum hat diese Person Wolfram Weimer ein so gro\u00dfes Interesse, dieses Amt eines Staatsministers beim Bundeskanzler als Beauftragter f\u00fcr Kultur und Medien zu bekleiden. Was treibt ihn an? Das Geld kann es ja nicht sein. Ruhmsucht wohl auch eher nicht. Reiselust? Oder ist er nur ein Strohmann f\u00fcr eine ganz andere Agenda, die er nur ausf\u00fchrt, deren Strippen aber woanders gezogen werden. So ein Kultur-JD-Vance?<\/p>\n<p align=\"left\">Was wurde aus seinem Versuch, die gro\u00dfen Medienkonzerne auf der so zu besteuern, dass sie einen gewissen Prozentsatz aus den Ertr\u00e4gen ihres Werbegesch\u00e4fts abgeben m\u00fcssen. Oder ist die an sich gute Idee eben im Wissen, dass man sie nicht umsetzen wird k\u00f6nnen, der Kultur- und Medienszene als leeres Versprechen gegeben worden. H\u00f6rt h\u00f6rt.<\/p>\n<p align=\"left\">Wolfram Weimer hat sich in der Talkshow ziemlich unwissend gezeigt, falsche Daten vorgef\u00fchrt, diese absichtlich falsch interpretiert, sein Vorgehen gegen links (und rechts) dann auf die anwesende GR\u00dcNE \u00fcbertragen. Er, der die liberale Mitte weiten m\u00f6chte, m\u00f6chte die GR\u00dcNEN daraus entfernen. Es bliebe wirklich ein kulturkonservativer Strudel des Mittelma\u00dfes \u00fcbrig. Geschmacklose, langweilige, an\u00f6dende Kunst. Warum will er das?<\/p>\n<div class=\"shariff shariff-align-left shariff-widget-align-left\"><ul class=\"shariff-buttons theme-white orientation-horizontal buttonsize-small\"><li class=\"shariff-button mastodon shariff-nocustomcolor\" style=\"background-color:#563ACC\"><a href=\"https:\/\/s2f.kytta.dev\/?text=Wolfram%20Weimer%20als%20Apologet%20des%20Muffs https%3A%2F%2Fwww.kritische-masse.de%2Flogbuch%2F2025%2F07%2Fwolfram-weimer-als-apologet-des-muffs%2F\" title=\"Bei Mastodon teilen\" aria-label=\"Bei Mastodon teilen\" role=\"button\" rel=\"noopener nofollow\" class=\"shariff-link\" style=\"; background-color:#6364FF; color:#6364FF\" target=\"_blank\"><span class=\"shariff-icon\" style=\"fill:#6364FF\"><svg width=\"75\" height=\"79\" viewBox=\"0 0 75 79\" fill=\"none\" xmlns=\"http:\/\/www.w3.org\/2000\/svg\"><path d=\"M37.813-.025C32.462-.058 27.114.13 21.79.598c-8.544.621-17.214 5.58-20.203 13.931C-1.12 23.318.408 32.622.465 41.65c.375 7.316.943 14.78 3.392 21.73 4.365 9.465 14.781 14.537 24.782 15.385 7.64.698 15.761-.213 22.517-4.026a54.1 54.1 0 0 0 .01-6.232c-6.855 1.316-14.101 2.609-21.049 1.074-3.883-.88-6.876-4.237-7.25-8.215-1.53-3.988 3.78-.43 5.584-.883 9.048 1.224 18.282.776 27.303-.462 7.044-.837 14.26-4.788 16.65-11.833 2.263-6.135 1.215-12.79 1.698-19.177.06-3.84.09-7.692-.262-11.52C72.596 7.844 63.223.981 53.834.684a219.453 219.453 0 0 0-16.022-.71zm11.294 12.882c5.5-.067 10.801 4.143 11.67 9.653.338 1.48.471 3 .471 4.515v21.088h-8.357c-.07-7.588.153-15.182-.131-22.765-.587-4.368-7.04-5.747-9.672-2.397-2.422 3.04-1.47 7.155-1.67 10.735v6.392h-8.307c-.146-4.996.359-10.045-.404-15.002-1.108-4.218-7.809-5.565-10.094-1.666-1.685 3.046-.712 6.634-.976 9.936v14.767h-8.354c.109-8.165-.238-16.344.215-24.5.674-5.346 5.095-10.389 10.676-10.627 4.902-.739 10.103 2.038 12.053 6.631.375 1.435 1.76 1.932 1.994.084 1.844-3.704 5.501-6.739 9.785-6.771.367-.044.735-.068 1.101-.073z\"\/><defs><linearGradient id=\"paint0_linear_549_34\" x1=\"37.0692\" y1=\"0\" x2=\"37.0692\" y2=\"79\" gradientUnits=\"userSpaceOnUse\"><stop stop-color=\"#6364FF\"\/><stop offset=\"1\" stop-color=\"#563ACC\"\/><\/linearGradient><\/defs><\/svg><\/span><span class=\"shariff-text\" style=\"color:#6364FF\">teilen<\/span>&nbsp;<\/a><\/li><li class=\"shariff-button bluesky shariff-nocustomcolor\" style=\"background-color:#84c4ff\"><a href=\"https:\/\/bsky.app\/intent\/compose?text=Wolfram%20Weimer%20als%20Apologet%20des%20Muffs https%3A%2F%2Fwww.kritische-masse.de%2Flogbuch%2F2025%2F07%2Fwolfram-weimer-als-apologet-des-muffs%2F \" title=\"Bei Bluesky teilen\" aria-label=\"Bei Bluesky teilen\" role=\"button\" rel=\"noopener nofollow\" class=\"shariff-link\" style=\"; background-color:#0085ff; color:#0085ff\" target=\"_blank\"><span class=\"shariff-icon\" style=\"fill:#0085ff\"><svg width=\"20\" height=\"20\" version=\"1.1\" xmlns=\"http:\/\/www.w3.org\/2000\/svg\" viewBox=\"0 0 20 20\"><path class=\"st0\" d=\"M4.89,3.12c2.07,1.55,4.3,4.71,5.11,6.4.82-1.69,3.04-4.84,5.11-6.4,1.49-1.12,3.91-1.99,3.91.77,0,.55-.32,4.63-.5,5.3-.64,2.3-2.99,2.89-5.08,2.54,3.65.62,4.58,2.68,2.57,4.74-3.81,3.91-5.48-.98-5.9-2.23-.08-.23-.11-.34-.12-.25,0-.09-.04.02-.12.25-.43,1.25-2.09,6.14-5.9,2.23-2.01-2.06-1.08-4.12,2.57-4.74-2.09.36-4.44-.23-5.08-2.54-.19-.66-.5-4.74-.5-5.3,0-2.76,2.42-1.89,3.91-.77h0Z\"\/><\/svg><\/span><span class=\"shariff-text\" style=\"color:#0085ff\">teilen<\/span>&nbsp;<\/a><\/li><li class=\"shariff-button threema shariff-nocustomcolor shariff-mobile\" style=\"background-color:#4fbc24\"><a href=\"threema:\/\/compose?text=Wolfram%20Weimer%20als%20Apologet%20des%20Muffs%20https%3A%2F%2Fwww.kritische-masse.de%2Flogbuch%2F2025%2F07%2Fwolfram-weimer-als-apologet-des-muffs%2F\" title=\"Bei Threema teilen\" aria-label=\"Bei Threema teilen\" role=\"button\" rel=\"noopener nofollow\" class=\"shariff-link\" style=\"; background-color:#1f1f1f; color:#1f1f1f\" target=\"_blank\"><span class=\"shariff-icon\" style=\"fill:#1f1f1f\"><svg width=\"32px\" height=\"20px\" xmlns=\"http:\/\/www.w3.org\/2000\/svg\" viewBox=\"0 0 32 32\"><path fill=\"#1f1f1f\" d=\"M30.8 10.9c-0.3-1.4-0.9-2.6-1.8-3.8-2-2.6-5.5-4.5-9.4-5.2-1.3-0.2-1.9-0.3-3.5-0.3s-2.2 0-3.5 0.3c-4 0.7-7.4 2.6-9.4 5.2-0.9 1.2-1.5 2.4-1.8 3.8-0.1 0.5-0.2 1.2-0.2 1.6 0 0.4 0.1 1.1 0.2 1.6 0.4 1.9 1.3 3.4 2.9 5 0.8 0.8 0.8 0.8 0.7 1.3 0 0.6-0.5 1.6-1.7 3.6-0.3 0.5-0.5 0.9-0.5 0.9 0 0.1 0.1 0.1 0.5 0 0.8-0.2 2.3-0.6 5.6-1.6 1.1-0.3 1.3-0.4 2.3-0.4 0.8 0 1.1 0 2.3 0.2 1.5 0.2 3.5 0.2 4.9 0 5.1-0.6 9.3-2.9 11.4-6.3 0.5-0.9 0.9-1.8 1.1-2.8 0.1-0.5 0.2-1.1 0.2-1.6 0-0.7-0.1-1.1-0.2-1.6-0.3-1.4 0.1 0.5 0 0zM20.6 17.3c0 0.4-0.4 0.8-0.8 0.8h-7.7c-0.4 0-0.8-0.4-0.8-0.8v-4.6c0-0.4 0.4-0.8 0.8-0.8h0.2l0-1.6c0-0.9 0-1.8 0.1-2 0.1-0.6 0.6-1.2 1.1-1.7s1.1-0.7 1.9-0.8c1.8-0.3 3.7 0.7 4.2 2.2 0.1 0.3 0.1 0.7 0.1 2.1v0 1.7h0.1c0.4 0 0.8 0.4 0.8 0.8v4.6zM15.6 7.3c-0.5 0.1-0.8 0.3-1.2 0.6s-0.6 0.8-0.7 1.3c0 0.2 0 0.8 0 1.5l0 1.2h4.6v-1.3c0-1 0-1.4-0.1-1.6-0.3-1.1-1.5-1.9-2.6-1.7zM25.8 28.2c0 1.2-1 2.2-2.1 2.2s-2.1-1-2.1-2.1c0-1.2 1-2.1 2.2-2.1s2.2 1 2.2 2.2zM18.1 28.2c0 1.2-1 2.2-2.1 2.2s-2.1-1-2.1-2.1c0-1.2 1-2.1 2.2-2.1s2.2 1 2.2 2.2zM10.4 28.2c0 1.2-1 2.2-2.1 2.2s-2.1-1-2.1-2.1c0-1.2 1-2.1 2.2-2.1s2.2 1 2.2 2.2z\"\/><\/svg><\/span><span class=\"shariff-text\" style=\"color:#1f1f1f\">teilen<\/span>&nbsp;<\/a><\/li><li class=\"shariff-button facebook shariff-nocustomcolor\" style=\"background-color:#4273c8\"><a href=\"https:\/\/www.facebook.com\/sharer\/sharer.php?u=https%3A%2F%2Fwww.kritische-masse.de%2Flogbuch%2F2025%2F07%2Fwolfram-weimer-als-apologet-des-muffs%2F\" title=\"Bei Facebook teilen\" aria-label=\"Bei Facebook teilen\" role=\"button\" rel=\"nofollow\" class=\"shariff-link\" style=\"; background-color:#3b5998; color:#3b5998\" target=\"_blank\"><span class=\"shariff-icon\" style=\"fill:#3b5998\"><svg width=\"32px\" height=\"20px\" xmlns=\"http:\/\/www.w3.org\/2000\/svg\" viewBox=\"0 0 18 32\"><path fill=\"#3b5998\" d=\"M17.1 0.2v4.7h-2.8q-1.5 0-2.1 0.6t-0.5 1.9v3.4h5.2l-0.7 5.3h-4.5v13.6h-5.5v-13.6h-4.5v-5.3h4.5v-3.9q0-3.3 1.9-5.2t5-1.8q2.6 0 4.1 0.2z\"\/><\/svg><\/span><span class=\"shariff-text\" style=\"color:#3b5998\">teilen<\/span>&nbsp;<\/a><\/li><li class=\"shariff-button info shariff-nocustomcolor\" style=\"background-color:#a8a8a8\"><a href=\"http:\/\/ct.de\/-2467514\" title=\"Weitere Informationen\" aria-label=\"Weitere Informationen\" role=\"button\" rel=\"noopener \" class=\"shariff-link\" style=\"; background-color:#999; color:#999\" target=\"_blank\"><span class=\"shariff-icon\" style=\"fill:#999\"><svg width=\"32px\" height=\"20px\" xmlns=\"http:\/\/www.w3.org\/2000\/svg\" viewBox=\"0 0 11 32\"><path fill=\"#999\" d=\"M11.4 24v2.3q0 0.5-0.3 0.8t-0.8 0.4h-9.1q-0.5 0-0.8-0.4t-0.4-0.8v-2.3q0-0.5 0.4-0.8t0.8-0.4h1.1v-6.8h-1.1q-0.5 0-0.8-0.4t-0.4-0.8v-2.3q0-0.5 0.4-0.8t0.8-0.4h6.8q0.5 0 0.8 0.4t0.4 0.8v10.3h1.1q0.5 0 0.8 0.4t0.3 0.8zM9.2 3.4v3.4q0 0.5-0.4 0.8t-0.8 0.4h-4.6q-0.4 0-0.8-0.4t-0.4-0.8v-3.4q0-0.4 0.4-0.8t0.8-0.4h4.6q0.5 0 0.8 0.4t0.4 0.8z\"\/><\/svg><\/span><\/a><\/li><\/ul><\/div><h3 class=\"modern-footnotes-list-heading \">Fussnoten:<\/h3><ul class=\"modern-footnotes-list \"><li><span>1<\/span><div>Band 20: Vermischte Schriften I\/II: Gegen den Muff. Theodor W. Adorno: Gesammelte Schriften, S. 17861 (vgl. GS 20.2, S. 497)<\/div><\/li><\/ul>","protected":false},"excerpt":{"rendered":"<p>Ein Blick zur\u00fcck nach 1965. Cancel Culture ohne Internet und Soziale Medien! \u201eNach der Urauff\u00fchrung von Canettis \u00bbHochzeit\u00ab am 3. 11. 1965 in Braunschweig erstattete ein Anonymus Strafanzeige \u00bbwegen Erregung geschlechtlichen \u00c4rgernisses\u00ab gegen den Intendanten des Staatstheaters Braunschweig und gegen den Regisseur der Auff\u00fchrung; Adorno wurde von der Dramaturgie des Theaters um eine Stellungnahme gebeten. [&hellip;]<\/p>\n<div class=\"shariff shariff-align-left shariff-widget-align-left\"><ul class=\"shariff-buttons theme-white orientation-horizontal buttonsize-small\"><li class=\"shariff-button mastodon shariff-nocustomcolor\" style=\"background-color:#563ACC\"><a href=\"https:\/\/s2f.kytta.dev\/?text=Wolfram%20Weimer%20als%20Apologet%20des%20Muffs https%3A%2F%2Fwww.kritische-masse.de%2Flogbuch%2F2025%2F07%2Fwolfram-weimer-als-apologet-des-muffs%2F\" title=\"Bei Mastodon teilen\" aria-label=\"Bei Mastodon teilen\" role=\"button\" rel=\"noopener nofollow\" class=\"shariff-link\" style=\"; background-color:#6364FF; color:#6364FF\" target=\"_blank\"><span class=\"shariff-icon\" style=\"fill:#6364FF\"><svg width=\"75\" height=\"79\" viewBox=\"0 0 75 79\" fill=\"none\" xmlns=\"http:\/\/www.w3.org\/2000\/svg\"><path d=\"M37.813-.025C32.462-.058 27.114.13 21.79.598c-8.544.621-17.214 5.58-20.203 13.931C-1.12 23.318.408 32.622.465 41.65c.375 7.316.943 14.78 3.392 21.73 4.365 9.465 14.781 14.537 24.782 15.385 7.64.698 15.761-.213 22.517-4.026a54.1 54.1 0 0 0 .01-6.232c-6.855 1.316-14.101 2.609-21.049 1.074-3.883-.88-6.876-4.237-7.25-8.215-1.53-3.988 3.78-.43 5.584-.883 9.048 1.224 18.282.776 27.303-.462 7.044-.837 14.26-4.788 16.65-11.833 2.263-6.135 1.215-12.79 1.698-19.177.06-3.84.09-7.692-.262-11.52C72.596 7.844 63.223.981 53.834.684a219.453 219.453 0 0 0-16.022-.71zm11.294 12.882c5.5-.067 10.801 4.143 11.67 9.653.338 1.48.471 3 .471 4.515v21.088h-8.357c-.07-7.588.153-15.182-.131-22.765-.587-4.368-7.04-5.747-9.672-2.397-2.422 3.04-1.47 7.155-1.67 10.735v6.392h-8.307c-.146-4.996.359-10.045-.404-15.002-1.108-4.218-7.809-5.565-10.094-1.666-1.685 3.046-.712 6.634-.976 9.936v14.767h-8.354c.109-8.165-.238-16.344.215-24.5.674-5.346 5.095-10.389 10.676-10.627 4.902-.739 10.103 2.038 12.053 6.631.375 1.435 1.76 1.932 1.994.084 1.844-3.704 5.501-6.739 9.785-6.771.367-.044.735-.068 1.101-.073z\"\/><defs><linearGradient id=\"paint0_linear_549_34\" x1=\"37.0692\" y1=\"0\" x2=\"37.0692\" y2=\"79\" gradientUnits=\"userSpaceOnUse\"><stop stop-color=\"#6364FF\"\/><stop offset=\"1\" stop-color=\"#563ACC\"\/><\/linearGradient><\/defs><\/svg><\/span><span class=\"shariff-text\" style=\"color:#6364FF\">teilen<\/span>&nbsp;<\/a><\/li><li class=\"shariff-button bluesky shariff-nocustomcolor\" style=\"background-color:#84c4ff\"><a href=\"https:\/\/bsky.app\/intent\/compose?text=Wolfram%20Weimer%20als%20Apologet%20des%20Muffs https%3A%2F%2Fwww.kritische-masse.de%2Flogbuch%2F2025%2F07%2Fwolfram-weimer-als-apologet-des-muffs%2F \" title=\"Bei Bluesky teilen\" aria-label=\"Bei Bluesky teilen\" role=\"button\" rel=\"noopener nofollow\" class=\"shariff-link\" style=\"; background-color:#0085ff; color:#0085ff\" target=\"_blank\"><span class=\"shariff-icon\" style=\"fill:#0085ff\"><svg width=\"20\" height=\"20\" version=\"1.1\" xmlns=\"http:\/\/www.w3.org\/2000\/svg\" viewBox=\"0 0 20 20\"><path class=\"st0\" d=\"M4.89,3.12c2.07,1.55,4.3,4.71,5.11,6.4.82-1.69,3.04-4.84,5.11-6.4,1.49-1.12,3.91-1.99,3.91.77,0,.55-.32,4.63-.5,5.3-.64,2.3-2.99,2.89-5.08,2.54,3.65.62,4.58,2.68,2.57,4.74-3.81,3.91-5.48-.98-5.9-2.23-.08-.23-.11-.34-.12-.25,0-.09-.04.02-.12.25-.43,1.25-2.09,6.14-5.9,2.23-2.01-2.06-1.08-4.12,2.57-4.74-2.09.36-4.44-.23-5.08-2.54-.19-.66-.5-4.74-.5-5.3,0-2.76,2.42-1.89,3.91-.77h0Z\"\/><\/svg><\/span><span class=\"shariff-text\" style=\"color:#0085ff\">teilen<\/span>&nbsp;<\/a><\/li><li class=\"shariff-button threema shariff-nocustomcolor shariff-mobile\" style=\"background-color:#4fbc24\"><a href=\"threema:\/\/compose?text=Wolfram%20Weimer%20als%20Apologet%20des%20Muffs%20https%3A%2F%2Fwww.kritische-masse.de%2Flogbuch%2F2025%2F07%2Fwolfram-weimer-als-apologet-des-muffs%2F\" title=\"Bei Threema teilen\" aria-label=\"Bei Threema teilen\" role=\"button\" rel=\"noopener nofollow\" class=\"shariff-link\" style=\"; background-color:#1f1f1f; color:#1f1f1f\" target=\"_blank\"><span class=\"shariff-icon\" style=\"fill:#1f1f1f\"><svg width=\"32px\" height=\"20px\" xmlns=\"http:\/\/www.w3.org\/2000\/svg\" viewBox=\"0 0 32 32\"><path fill=\"#1f1f1f\" d=\"M30.8 10.9c-0.3-1.4-0.9-2.6-1.8-3.8-2-2.6-5.5-4.5-9.4-5.2-1.3-0.2-1.9-0.3-3.5-0.3s-2.2 0-3.5 0.3c-4 0.7-7.4 2.6-9.4 5.2-0.9 1.2-1.5 2.4-1.8 3.8-0.1 0.5-0.2 1.2-0.2 1.6 0 0.4 0.1 1.1 0.2 1.6 0.4 1.9 1.3 3.4 2.9 5 0.8 0.8 0.8 0.8 0.7 1.3 0 0.6-0.5 1.6-1.7 3.6-0.3 0.5-0.5 0.9-0.5 0.9 0 0.1 0.1 0.1 0.5 0 0.8-0.2 2.3-0.6 5.6-1.6 1.1-0.3 1.3-0.4 2.3-0.4 0.8 0 1.1 0 2.3 0.2 1.5 0.2 3.5 0.2 4.9 0 5.1-0.6 9.3-2.9 11.4-6.3 0.5-0.9 0.9-1.8 1.1-2.8 0.1-0.5 0.2-1.1 0.2-1.6 0-0.7-0.1-1.1-0.2-1.6-0.3-1.4 0.1 0.5 0 0zM20.6 17.3c0 0.4-0.4 0.8-0.8 0.8h-7.7c-0.4 0-0.8-0.4-0.8-0.8v-4.6c0-0.4 0.4-0.8 0.8-0.8h0.2l0-1.6c0-0.9 0-1.8 0.1-2 0.1-0.6 0.6-1.2 1.1-1.7s1.1-0.7 1.9-0.8c1.8-0.3 3.7 0.7 4.2 2.2 0.1 0.3 0.1 0.7 0.1 2.1v0 1.7h0.1c0.4 0 0.8 0.4 0.8 0.8v4.6zM15.6 7.3c-0.5 0.1-0.8 0.3-1.2 0.6s-0.6 0.8-0.7 1.3c0 0.2 0 0.8 0 1.5l0 1.2h4.6v-1.3c0-1 0-1.4-0.1-1.6-0.3-1.1-1.5-1.9-2.6-1.7zM25.8 28.2c0 1.2-1 2.2-2.1 2.2s-2.1-1-2.1-2.1c0-1.2 1-2.1 2.2-2.1s2.2 1 2.2 2.2zM18.1 28.2c0 1.2-1 2.2-2.1 2.2s-2.1-1-2.1-2.1c0-1.2 1-2.1 2.2-2.1s2.2 1 2.2 2.2zM10.4 28.2c0 1.2-1 2.2-2.1 2.2s-2.1-1-2.1-2.1c0-1.2 1-2.1 2.2-2.1s2.2 1 2.2 2.2z\"\/><\/svg><\/span><span class=\"shariff-text\" style=\"color:#1f1f1f\">teilen<\/span>&nbsp;<\/a><\/li><li class=\"shariff-button facebook shariff-nocustomcolor\" style=\"background-color:#4273c8\"><a href=\"https:\/\/www.facebook.com\/sharer\/sharer.php?u=https%3A%2F%2Fwww.kritische-masse.de%2Flogbuch%2F2025%2F07%2Fwolfram-weimer-als-apologet-des-muffs%2F\" title=\"Bei Facebook teilen\" aria-label=\"Bei Facebook teilen\" role=\"button\" rel=\"nofollow\" class=\"shariff-link\" style=\"; background-color:#3b5998; color:#3b5998\" target=\"_blank\"><span class=\"shariff-icon\" style=\"fill:#3b5998\"><svg width=\"32px\" height=\"20px\" xmlns=\"http:\/\/www.w3.org\/2000\/svg\" viewBox=\"0 0 18 32\"><path fill=\"#3b5998\" d=\"M17.1 0.2v4.7h-2.8q-1.5 0-2.1 0.6t-0.5 1.9v3.4h5.2l-0.7 5.3h-4.5v13.6h-5.5v-13.6h-4.5v-5.3h4.5v-3.9q0-3.3 1.9-5.2t5-1.8q2.6 0 4.1 0.2z\"\/><\/svg><\/span><span class=\"shariff-text\" style=\"color:#3b5998\">teilen<\/span>&nbsp;<\/a><\/li><li class=\"shariff-button info shariff-nocustomcolor\" style=\"background-color:#a8a8a8\"><a href=\"http:\/\/ct.de\/-2467514\" title=\"Weitere Informationen\" aria-label=\"Weitere Informationen\" role=\"button\" rel=\"noopener \" class=\"shariff-link\" style=\"; background-color:#999; color:#999\" target=\"_blank\"><span class=\"shariff-icon\" style=\"fill:#999\"><svg width=\"32px\" height=\"20px\" xmlns=\"http:\/\/www.w3.org\/2000\/svg\" viewBox=\"0 0 11 32\"><path fill=\"#999\" d=\"M11.4 24v2.3q0 0.5-0.3 0.8t-0.8 0.4h-9.1q-0.5 0-0.8-0.4t-0.4-0.8v-2.3q0-0.5 0.4-0.8t0.8-0.4h1.1v-6.8h-1.1q-0.5 0-0.8-0.4t-0.4-0.8v-2.3q0-0.5 0.4-0.8t0.8-0.4h6.8q0.5 0 0.8 0.4t0.4 0.8v10.3h1.1q0.5 0 0.8 0.4t0.3 0.8zM9.2 3.4v3.4q0 0.5-0.4 0.8t-0.8 0.4h-4.6q-0.4 0-0.8-0.4t-0.4-0.8v-3.4q0-0.4 0.4-0.8t0.8-0.4h4.6q0.5 0 0.8 0.4t0.4 0.8z\"\/><\/svg><\/span><\/a><\/li><\/ul><\/div>","protected":false},"author":1,"featured_media":10952,"comment_status":"open","ping_status":"open","sticky":false,"template":"","format":"standard","meta":{"ocean_post_layout":"","ocean_both_sidebars_style":"","ocean_both_sidebars_content_width":0,"ocean_both_sidebars_sidebars_width":0,"ocean_sidebar":"","ocean_second_sidebar":"","ocean_disable_margins":"enable","ocean_add_body_class":"","ocean_shortcode_before_top_bar":"","ocean_shortcode_after_top_bar":"","ocean_shortcode_before_header":"","ocean_shortcode_after_header":"","ocean_has_shortcode":"","ocean_shortcode_after_title":"","ocean_shortcode_before_footer_widgets":"","ocean_shortcode_after_footer_widgets":"","ocean_shortcode_before_footer_bottom":"","ocean_shortcode_after_footer_bottom":"","ocean_display_top_bar":"default","ocean_display_header":"default","ocean_header_style":"","ocean_center_header_left_menu":"","ocean_custom_header_template":"","ocean_custom_logo":0,"ocean_custom_retina_logo":0,"ocean_custom_logo_max_width":0,"ocean_custom_logo_tablet_max_width":0,"ocean_custom_logo_mobile_max_width":0,"ocean_custom_logo_max_height":0,"ocean_custom_logo_tablet_max_height":0,"ocean_custom_logo_mobile_max_height":0,"ocean_header_custom_menu":"","ocean_menu_typo_font_family":"","ocean_menu_typo_font_subset":"","ocean_menu_typo_font_size":0,"ocean_menu_typo_font_size_tablet":0,"ocean_menu_typo_font_size_mobile":0,"ocean_menu_typo_font_size_unit":"px","ocean_menu_typo_font_weight":"","ocean_menu_typo_font_weight_tablet":"","ocean_menu_typo_font_weight_mobile":"","ocean_menu_typo_transform":"","ocean_menu_typo_transform_tablet":"","ocean_menu_typo_transform_mobile":"","ocean_menu_typo_line_height":0,"ocean_menu_typo_line_height_tablet":0,"ocean_menu_typo_line_height_mobile":0,"ocean_menu_typo_line_height_unit":"","ocean_menu_typo_spacing":0,"ocean_menu_typo_spacing_tablet":0,"ocean_menu_typo_spacing_mobile":0,"ocean_menu_typo_spacing_unit":"","ocean_menu_link_color":"","ocean_menu_link_color_hover":"","ocean_menu_link_color_active":"","ocean_menu_link_background":"","ocean_menu_link_hover_background":"","ocean_menu_link_active_background":"","ocean_menu_social_links_bg":"","ocean_menu_social_hover_links_bg":"","ocean_menu_social_links_color":"","ocean_menu_social_hover_links_color":"","ocean_disable_title":"default","ocean_disable_heading":"default","ocean_post_title":"","ocean_post_subheading":"","ocean_post_title_style":"","ocean_post_title_background_color":"","ocean_post_title_background":0,"ocean_post_title_bg_image_position":"","ocean_post_title_bg_image_attachment":"","ocean_post_title_bg_image_repeat":"","ocean_post_title_bg_image_size":"","ocean_post_title_height":0,"ocean_post_title_bg_overlay":0.5,"ocean_post_title_bg_overlay_color":"","ocean_disable_breadcrumbs":"default","ocean_breadcrumbs_color":"","ocean_breadcrumbs_separator_color":"","ocean_breadcrumbs_links_color":"","ocean_breadcrumbs_links_hover_color":"","ocean_display_footer_widgets":"default","ocean_display_footer_bottom":"default","ocean_custom_footer_template":"","osh_disable_topbar_sticky":"default","osh_disable_header_sticky":"default","osh_sticky_header_style":"default","osh_sticky_header_effect":"","osh_custom_sticky_logo":0,"osh_custom_retina_sticky_logo":0,"osh_custom_sticky_logo_height":0,"osh_background_color":"","osh_links_color":"","osh_links_hover_color":"","osh_links_active_color":"","osh_links_bg_color":"","osh_links_hover_bg_color":"","osh_links_active_bg_color":"","osh_menu_social_links_color":"","osh_menu_social_hover_links_color":"","_FSMCFIC_featured_image_caption":"","_FSMCFIC_featured_image_nocaption":"","_FSMCFIC_featured_image_hide":"","_metis_text_type":"standard","_metis_text_length":7235,"_post_count":0,"_jetpack_memberships_contains_paid_content":false,"activitypub_content_warning":"","activitypub_content_visibility":"","activitypub_max_image_attachments":4,"activitypub_interaction_policy_quote":"anyone","activitypub_status":"","ocean_post_oembed":"","ocean_post_self_hosted_media":"","ocean_post_video_embed":"","ocean_link_format":"","ocean_link_format_target":"self","ocean_quote_format":"","ocean_quote_format_link":"post","ocean_gallery_link_images":"on","ocean_gallery_id":[],"footnotes":"","jetpack_publicize_message":"","jetpack_publicize_feature_enabled":true,"jetpack_social_post_already_shared":true,"jetpack_social_options":{"image_generator_settings":{"template":"highway","default_image_id":0,"font":"","enabled":false},"version":2}},"categories":[4186,2647,2861,2695,2648,3545],"tags":[4414,4417,4415,2344,2452,2469,2682,2719],"class_list":["post-10950","post","type-post","status-publish","format-standard","has-post-thumbnail","hentry","category-die-politik","category-angriffauf","category-aesthetische_kunstfehler","category-die-kultur","category-dieurteilskraft","category-medien","tag-bkm","tag-muff","tag-wolfram-weimer","tag-journalismus","tag-kultur","tag-kunst","tag-politik","tag-theodor-w-adorno","entry","has-media"],"yoast_head":"<!-- This site is optimized with the Yoast SEO plugin v27.5 - https:\/\/yoast.com\/product\/yoast-seo-wordpress\/ -->\n<title>Wolfram Weimer als Apologet des Muffs - Kritische Masse<\/title>\n<meta name=\"robots\" content=\"index, follow, max-snippet:-1, max-image-preview:large, max-video-preview:-1\" \/>\n<link rel=\"canonical\" href=\"https:\/\/www.kritische-masse.de\/logbuch\/2025\/07\/wolfram-weimer-als-apologet-des-muffs\/\" \/>\n<meta property=\"og:locale\" content=\"de_DE\" \/>\n<meta property=\"og:type\" content=\"article\" \/>\n<meta property=\"og:title\" content=\"Wolfram Weimer als Apologet des Muffs - Kritische Masse\" \/>\n<meta property=\"og:description\" content=\"Ein Blick zur\u00fcck nach 1965. Cancel Culture ohne Internet und Soziale Medien! \u201eNach der Urauff\u00fchrung von Canettis \u00bbHochzeit\u00ab am 3. 11. 1965 in Braunschweig erstattete ein Anonymus Strafanzeige \u00bbwegen Erregung geschlechtlichen \u00c4rgernisses\u00ab gegen den Intendanten des Staatstheaters Braunschweig und gegen den Regisseur der Auff\u00fchrung; Adorno wurde von der Dramaturgie des Theaters um eine Stellungnahme gebeten. [&hellip;]\" \/>\n<meta property=\"og:url\" content=\"https:\/\/www.kritische-masse.de\/logbuch\/2025\/07\/wolfram-weimer-als-apologet-des-muffs\/\" \/>\n<meta property=\"og:site_name\" content=\"Kritische Masse\" \/>\n<meta property=\"article:publisher\" content=\"https:\/\/www.facebook.com\/hufner\" \/>\n<meta property=\"article:author\" content=\"https:\/\/www.facebook.com\/hufner\" \/>\n<meta property=\"article:published_time\" content=\"2025-07-04T09:33:35+00:00\" \/>\n<meta property=\"article:modified_time\" content=\"2025-07-21T17:48:52+00:00\" \/>\n<meta property=\"og:image\" content=\"https:\/\/www.kritische-masse.de\/logbuch\/wp-content\/uploads\/2025\/07\/tier-auf-blatt.jpg\" \/>\n\t<meta property=\"og:image:width\" content=\"1440\" \/>\n\t<meta property=\"og:image:height\" content=\"1440\" \/>\n\t<meta property=\"og:image:type\" content=\"image\/jpeg\" \/>\n<meta name=\"author\" content=\"der huflaikhan\" \/>\n<meta name=\"twitter:label1\" content=\"Verfasst von\" \/>\n\t<meta name=\"twitter:data1\" content=\"der huflaikhan\" \/>\n\t<meta name=\"twitter:label2\" content=\"Gesch\u00e4tzte Lesezeit\" \/>\n\t<meta name=\"twitter:data2\" content=\"5\u00a0Minuten\" \/>\n<script type=\"application\/ld+json\" class=\"yoast-schema-graph\">{\"@context\":\"https:\\\/\\\/schema.org\",\"@graph\":[{\"@type\":\"Article\",\"@id\":\"https:\\\/\\\/www.kritische-masse.de\\\/logbuch\\\/2025\\\/07\\\/wolfram-weimer-als-apologet-des-muffs\\\/#article\",\"isPartOf\":{\"@id\":\"https:\\\/\\\/www.kritische-masse.de\\\/logbuch\\\/2025\\\/07\\\/wolfram-weimer-als-apologet-des-muffs\\\/\"},\"author\":{\"name\":\"der huflaikhan\",\"@id\":\"https:\\\/\\\/www.kritische-masse.de\\\/logbuch\\\/#\\\/schema\\\/person\\\/14c491f46504e7f6b79db161f76def1c\"},\"headline\":\"Wolfram Weimer als Apologet des Muffs\",\"datePublished\":\"2025-07-04T09:33:35+00:00\",\"dateModified\":\"2025-07-21T17:48:52+00:00\",\"mainEntityOfPage\":{\"@id\":\"https:\\\/\\\/www.kritische-masse.de\\\/logbuch\\\/2025\\\/07\\\/wolfram-weimer-als-apologet-des-muffs\\\/\"},\"wordCount\":1110,\"commentCount\":0,\"publisher\":{\"@id\":\"https:\\\/\\\/www.kritische-masse.de\\\/logbuch\\\/#\\\/schema\\\/person\\\/14c491f46504e7f6b79db161f76def1c\"},\"image\":{\"@id\":\"https:\\\/\\\/www.kritische-masse.de\\\/logbuch\\\/2025\\\/07\\\/wolfram-weimer-als-apologet-des-muffs\\\/#primaryimage\"},\"thumbnailUrl\":\"https:\\\/\\\/i0.wp.com\\\/www.kritische-masse.de\\\/logbuch\\\/wp-content\\\/uploads\\\/2025\\\/07\\\/tier-auf-blatt.jpg?fit=1440%2C1440&ssl=1\",\"keywords\":[\"BKM\",\"Muff\",\"Wolfram Weimer\",\"Journalismus\",\"Kultur\",\"Kunst\",\"Politik\",\"Theodor W. Adorno\"],\"articleSection\":[\"die Politik\",\"Angriff auf \u2026\",\"\u00c4sthetische Kunstfehler\",\"die Kultur\",\"die Urteilskraft\",\"die Medien\"],\"inLanguage\":\"de\",\"potentialAction\":[{\"@type\":\"CommentAction\",\"name\":\"Comment\",\"target\":[\"https:\\\/\\\/www.kritische-masse.de\\\/logbuch\\\/2025\\\/07\\\/wolfram-weimer-als-apologet-des-muffs\\\/#respond\"]}]},{\"@type\":\"WebPage\",\"@id\":\"https:\\\/\\\/www.kritische-masse.de\\\/logbuch\\\/2025\\\/07\\\/wolfram-weimer-als-apologet-des-muffs\\\/\",\"url\":\"https:\\\/\\\/www.kritische-masse.de\\\/logbuch\\\/2025\\\/07\\\/wolfram-weimer-als-apologet-des-muffs\\\/\",\"name\":\"Wolfram Weimer als Apologet des Muffs - Kritische Masse\",\"isPartOf\":{\"@id\":\"https:\\\/\\\/www.kritische-masse.de\\\/logbuch\\\/#website\"},\"primaryImageOfPage\":{\"@id\":\"https:\\\/\\\/www.kritische-masse.de\\\/logbuch\\\/2025\\\/07\\\/wolfram-weimer-als-apologet-des-muffs\\\/#primaryimage\"},\"image\":{\"@id\":\"https:\\\/\\\/www.kritische-masse.de\\\/logbuch\\\/2025\\\/07\\\/wolfram-weimer-als-apologet-des-muffs\\\/#primaryimage\"},\"thumbnailUrl\":\"https:\\\/\\\/i0.wp.com\\\/www.kritische-masse.de\\\/logbuch\\\/wp-content\\\/uploads\\\/2025\\\/07\\\/tier-auf-blatt.jpg?fit=1440%2C1440&ssl=1\",\"datePublished\":\"2025-07-04T09:33:35+00:00\",\"dateModified\":\"2025-07-21T17:48:52+00:00\",\"breadcrumb\":{\"@id\":\"https:\\\/\\\/www.kritische-masse.de\\\/logbuch\\\/2025\\\/07\\\/wolfram-weimer-als-apologet-des-muffs\\\/#breadcrumb\"},\"inLanguage\":\"de\",\"potentialAction\":[{\"@type\":\"ReadAction\",\"target\":[\"https:\\\/\\\/www.kritische-masse.de\\\/logbuch\\\/2025\\\/07\\\/wolfram-weimer-als-apologet-des-muffs\\\/\"]}]},{\"@type\":\"ImageObject\",\"inLanguage\":\"de\",\"@id\":\"https:\\\/\\\/www.kritische-masse.de\\\/logbuch\\\/2025\\\/07\\\/wolfram-weimer-als-apologet-des-muffs\\\/#primaryimage\",\"url\":\"https:\\\/\\\/i0.wp.com\\\/www.kritische-masse.de\\\/logbuch\\\/wp-content\\\/uploads\\\/2025\\\/07\\\/tier-auf-blatt.jpg?fit=1440%2C1440&ssl=1\",\"contentUrl\":\"https:\\\/\\\/i0.wp.com\\\/www.kritische-masse.de\\\/logbuch\\\/wp-content\\\/uploads\\\/2025\\\/07\\\/tier-auf-blatt.jpg?fit=1440%2C1440&ssl=1\",\"width\":1440,\"height\":1440,\"caption\":\"Kann seine Meinung noch sagen. WOW! Foto: Hufner\"},{\"@type\":\"BreadcrumbList\",\"@id\":\"https:\\\/\\\/www.kritische-masse.de\\\/logbuch\\\/2025\\\/07\\\/wolfram-weimer-als-apologet-des-muffs\\\/#breadcrumb\",\"itemListElement\":[{\"@type\":\"ListItem\",\"position\":1,\"name\":\"Startseite\",\"item\":\"https:\\\/\\\/www.kritische-masse.de\\\/logbuch\\\/\"},{\"@type\":\"ListItem\",\"position\":2,\"name\":\"Wolfram Weimer als Apologet des Muffs\"}]},{\"@type\":\"WebSite\",\"@id\":\"https:\\\/\\\/www.kritische-masse.de\\\/logbuch\\\/#website\",\"url\":\"https:\\\/\\\/www.kritische-masse.de\\\/logbuch\\\/\",\"name\":\"kritische masse\",\"description\":\"amt f\u00fcr vermassungsschutz\",\"publisher\":{\"@id\":\"https:\\\/\\\/www.kritische-masse.de\\\/logbuch\\\/#\\\/schema\\\/person\\\/14c491f46504e7f6b79db161f76def1c\"},\"alternateName\":\"das logbuch der kritischen masse\",\"potentialAction\":[{\"@type\":\"SearchAction\",\"target\":{\"@type\":\"EntryPoint\",\"urlTemplate\":\"https:\\\/\\\/www.kritische-masse.de\\\/logbuch\\\/?s={search_term_string}\"},\"query-input\":{\"@type\":\"PropertyValueSpecification\",\"valueRequired\":true,\"valueName\":\"search_term_string\"}}],\"inLanguage\":\"de\"},{\"@type\":[\"Person\",\"Organization\"],\"@id\":\"https:\\\/\\\/www.kritische-masse.de\\\/logbuch\\\/#\\\/schema\\\/person\\\/14c491f46504e7f6b79db161f76def1c\",\"name\":\"der huflaikhan\",\"image\":{\"@type\":\"ImageObject\",\"inLanguage\":\"de\",\"@id\":\"https:\\\/\\\/www.kritische-masse.de\\\/logbuch\\\/wp-content\\\/uploads\\\/2024\\\/01\\\/cropped-kritischmasse_man_512.jpg\",\"url\":\"https:\\\/\\\/www.kritische-masse.de\\\/logbuch\\\/wp-content\\\/uploads\\\/2024\\\/01\\\/cropped-kritischmasse_man_512.jpg\",\"contentUrl\":\"https:\\\/\\\/www.kritische-masse.de\\\/logbuch\\\/wp-content\\\/uploads\\\/2024\\\/01\\\/cropped-kritischmasse_man_512.jpg\",\"width\":512,\"height\":512,\"caption\":\"der huflaikhan\"},\"logo\":{\"@id\":\"https:\\\/\\\/www.kritische-masse.de\\\/logbuch\\\/wp-content\\\/uploads\\\/2024\\\/01\\\/cropped-kritischmasse_man_512.jpg\"},\"description\":\"Betreiber der Kritischen Masse seit 1995. Seit 2023 Wiederaufnahme. Promotion mit einer Arbeit \u00fcber Adornos kompositorische und theoretische Auseinandersetzung mit der Zw\u00f6lftontechnik. Arbeit f\u00fcr den Bayerischen und den Mitteldeutschen Rundfunk als freier Autor und Regisseur \u2013 zumindest bis Ende 2015. Online-Redaktion f\u00fcr neue musikzeitung, Jazzzeitung und Oper &amp; Tanz. Ungl\u00fccklich, aber fast taub.\",\"sameAs\":[\"https:\\\/\\\/www.kritische-masse.de\\\/logbuch\\\/\",\"https:\\\/\\\/www.facebook.com\\\/hufner\"],\"url\":\"https:\\\/\\\/www.kritische-masse.de\\\/logbuch\\\/author\\\/martin_d1juqiu5\\\/\"}]}<\/script>\n<!-- \/ Yoast SEO plugin. -->","yoast_head_json":{"title":"Wolfram Weimer als Apologet des Muffs - Kritische Masse","robots":{"index":"index","follow":"follow","max-snippet":"max-snippet:-1","max-image-preview":"max-image-preview:large","max-video-preview":"max-video-preview:-1"},"canonical":"https:\/\/www.kritische-masse.de\/logbuch\/2025\/07\/wolfram-weimer-als-apologet-des-muffs\/","og_locale":"de_DE","og_type":"article","og_title":"Wolfram Weimer als Apologet des Muffs - Kritische Masse","og_description":"Ein Blick zur\u00fcck nach 1965. Cancel Culture ohne Internet und Soziale Medien! \u201eNach der Urauff\u00fchrung von Canettis \u00bbHochzeit\u00ab am 3. 11. 1965 in Braunschweig erstattete ein Anonymus Strafanzeige \u00bbwegen Erregung geschlechtlichen \u00c4rgernisses\u00ab gegen den Intendanten des Staatstheaters Braunschweig und gegen den Regisseur der Auff\u00fchrung; Adorno wurde von der Dramaturgie des Theaters um eine Stellungnahme gebeten. [&hellip;]","og_url":"https:\/\/www.kritische-masse.de\/logbuch\/2025\/07\/wolfram-weimer-als-apologet-des-muffs\/","og_site_name":"Kritische Masse","article_publisher":"https:\/\/www.facebook.com\/hufner","article_author":"https:\/\/www.facebook.com\/hufner","article_published_time":"2025-07-04T09:33:35+00:00","article_modified_time":"2025-07-21T17:48:52+00:00","og_image":[{"width":1440,"height":1440,"url":"https:\/\/www.kritische-masse.de\/logbuch\/wp-content\/uploads\/2025\/07\/tier-auf-blatt.jpg","type":"image\/jpeg"}],"author":"der huflaikhan","twitter_misc":{"Verfasst von":"der huflaikhan","Gesch\u00e4tzte Lesezeit":"5\u00a0Minuten"},"schema":{"@context":"https:\/\/schema.org","@graph":[{"@type":"Article","@id":"https:\/\/www.kritische-masse.de\/logbuch\/2025\/07\/wolfram-weimer-als-apologet-des-muffs\/#article","isPartOf":{"@id":"https:\/\/www.kritische-masse.de\/logbuch\/2025\/07\/wolfram-weimer-als-apologet-des-muffs\/"},"author":{"name":"der huflaikhan","@id":"https:\/\/www.kritische-masse.de\/logbuch\/#\/schema\/person\/14c491f46504e7f6b79db161f76def1c"},"headline":"Wolfram Weimer als Apologet des Muffs","datePublished":"2025-07-04T09:33:35+00:00","dateModified":"2025-07-21T17:48:52+00:00","mainEntityOfPage":{"@id":"https:\/\/www.kritische-masse.de\/logbuch\/2025\/07\/wolfram-weimer-als-apologet-des-muffs\/"},"wordCount":1110,"commentCount":0,"publisher":{"@id":"https:\/\/www.kritische-masse.de\/logbuch\/#\/schema\/person\/14c491f46504e7f6b79db161f76def1c"},"image":{"@id":"https:\/\/www.kritische-masse.de\/logbuch\/2025\/07\/wolfram-weimer-als-apologet-des-muffs\/#primaryimage"},"thumbnailUrl":"https:\/\/i0.wp.com\/www.kritische-masse.de\/logbuch\/wp-content\/uploads\/2025\/07\/tier-auf-blatt.jpg?fit=1440%2C1440&ssl=1","keywords":["BKM","Muff","Wolfram Weimer","Journalismus","Kultur","Kunst","Politik","Theodor W. Adorno"],"articleSection":["die Politik","Angriff auf \u2026","\u00c4sthetische Kunstfehler","die Kultur","die Urteilskraft","die Medien"],"inLanguage":"de","potentialAction":[{"@type":"CommentAction","name":"Comment","target":["https:\/\/www.kritische-masse.de\/logbuch\/2025\/07\/wolfram-weimer-als-apologet-des-muffs\/#respond"]}]},{"@type":"WebPage","@id":"https:\/\/www.kritische-masse.de\/logbuch\/2025\/07\/wolfram-weimer-als-apologet-des-muffs\/","url":"https:\/\/www.kritische-masse.de\/logbuch\/2025\/07\/wolfram-weimer-als-apologet-des-muffs\/","name":"Wolfram Weimer als Apologet des Muffs - Kritische Masse","isPartOf":{"@id":"https:\/\/www.kritische-masse.de\/logbuch\/#website"},"primaryImageOfPage":{"@id":"https:\/\/www.kritische-masse.de\/logbuch\/2025\/07\/wolfram-weimer-als-apologet-des-muffs\/#primaryimage"},"image":{"@id":"https:\/\/www.kritische-masse.de\/logbuch\/2025\/07\/wolfram-weimer-als-apologet-des-muffs\/#primaryimage"},"thumbnailUrl":"https:\/\/i0.wp.com\/www.kritische-masse.de\/logbuch\/wp-content\/uploads\/2025\/07\/tier-auf-blatt.jpg?fit=1440%2C1440&ssl=1","datePublished":"2025-07-04T09:33:35+00:00","dateModified":"2025-07-21T17:48:52+00:00","breadcrumb":{"@id":"https:\/\/www.kritische-masse.de\/logbuch\/2025\/07\/wolfram-weimer-als-apologet-des-muffs\/#breadcrumb"},"inLanguage":"de","potentialAction":[{"@type":"ReadAction","target":["https:\/\/www.kritische-masse.de\/logbuch\/2025\/07\/wolfram-weimer-als-apologet-des-muffs\/"]}]},{"@type":"ImageObject","inLanguage":"de","@id":"https:\/\/www.kritische-masse.de\/logbuch\/2025\/07\/wolfram-weimer-als-apologet-des-muffs\/#primaryimage","url":"https:\/\/i0.wp.com\/www.kritische-masse.de\/logbuch\/wp-content\/uploads\/2025\/07\/tier-auf-blatt.jpg?fit=1440%2C1440&ssl=1","contentUrl":"https:\/\/i0.wp.com\/www.kritische-masse.de\/logbuch\/wp-content\/uploads\/2025\/07\/tier-auf-blatt.jpg?fit=1440%2C1440&ssl=1","width":1440,"height":1440,"caption":"Kann seine Meinung noch sagen. WOW! Foto: Hufner"},{"@type":"BreadcrumbList","@id":"https:\/\/www.kritische-masse.de\/logbuch\/2025\/07\/wolfram-weimer-als-apologet-des-muffs\/#breadcrumb","itemListElement":[{"@type":"ListItem","position":1,"name":"Startseite","item":"https:\/\/www.kritische-masse.de\/logbuch\/"},{"@type":"ListItem","position":2,"name":"Wolfram Weimer als Apologet des Muffs"}]},{"@type":"WebSite","@id":"https:\/\/www.kritische-masse.de\/logbuch\/#website","url":"https:\/\/www.kritische-masse.de\/logbuch\/","name":"kritische masse","description":"amt f\u00fcr vermassungsschutz","publisher":{"@id":"https:\/\/www.kritische-masse.de\/logbuch\/#\/schema\/person\/14c491f46504e7f6b79db161f76def1c"},"alternateName":"das logbuch der kritischen masse","potentialAction":[{"@type":"SearchAction","target":{"@type":"EntryPoint","urlTemplate":"https:\/\/www.kritische-masse.de\/logbuch\/?s={search_term_string}"},"query-input":{"@type":"PropertyValueSpecification","valueRequired":true,"valueName":"search_term_string"}}],"inLanguage":"de"},{"@type":["Person","Organization"],"@id":"https:\/\/www.kritische-masse.de\/logbuch\/#\/schema\/person\/14c491f46504e7f6b79db161f76def1c","name":"der huflaikhan","image":{"@type":"ImageObject","inLanguage":"de","@id":"https:\/\/www.kritische-masse.de\/logbuch\/wp-content\/uploads\/2024\/01\/cropped-kritischmasse_man_512.jpg","url":"https:\/\/www.kritische-masse.de\/logbuch\/wp-content\/uploads\/2024\/01\/cropped-kritischmasse_man_512.jpg","contentUrl":"https:\/\/www.kritische-masse.de\/logbuch\/wp-content\/uploads\/2024\/01\/cropped-kritischmasse_man_512.jpg","width":512,"height":512,"caption":"der huflaikhan"},"logo":{"@id":"https:\/\/www.kritische-masse.de\/logbuch\/wp-content\/uploads\/2024\/01\/cropped-kritischmasse_man_512.jpg"},"description":"Betreiber der Kritischen Masse seit 1995. Seit 2023 Wiederaufnahme. Promotion mit einer Arbeit \u00fcber Adornos kompositorische und theoretische Auseinandersetzung mit der Zw\u00f6lftontechnik. Arbeit f\u00fcr den Bayerischen und den Mitteldeutschen Rundfunk als freier Autor und Regisseur \u2013 zumindest bis Ende 2015. Online-Redaktion f\u00fcr neue musikzeitung, Jazzzeitung und Oper &amp; Tanz. Ungl\u00fccklich, aber fast taub.","sameAs":["https:\/\/www.kritische-masse.de\/logbuch\/","https:\/\/www.facebook.com\/hufner"],"url":"https:\/\/www.kritische-masse.de\/logbuch\/author\/martin_d1juqiu5\/"}]}},"jetpack_publicize_connections":[],"jetpack_featured_media_url":"https:\/\/i0.wp.com\/www.kritische-masse.de\/logbuch\/wp-content\/uploads\/2025\/07\/tier-auf-blatt.jpg?fit=1440%2C1440&ssl=1","categories_names":["die Politik","Angriff auf \u2026","\u00c4sthetische Kunstfehler","die Kultur","die Urteilskraft","die Medien"],"post_class":[["post-10950","post","type-post","status-publish","format-standard","has-post-thumbnail","hentry","category-die-politik","category-angriffauf","category-aesthetische_kunstfehler","category-die-kultur","category-dieurteilskraft","category-medien","tag-bkm","tag-muff","tag-wolfram-weimer","tag-journalismus","tag-kultur","tag-kunst","tag-politik","tag-theodor-w-adorno","entry","has-media"]],"author_avatar":["<img alt='' src='https:\/\/secure.gravatar.com\/avatar\/c23aee426d58e69f14ef471114d4cac215eec702ee1bc331e2a62ea77e96ed60?s=96&#038;d=blank&#038;r=g' srcset='https:\/\/secure.gravatar.com\/avatar\/c23aee426d58e69f14ef471114d4cac215eec702ee1bc331e2a62ea77e96ed60?s=192&#038;d=blank&#038;r=g 2x' class='avatar avatar-96 photo' height='96' width='96' loading='lazy' decoding='async'\/>"],"featured_video":null,"jetpack-related-posts":[{"id":11409,"url":"https:\/\/www.kritische-masse.de\/logbuch\/2025\/08\/kann-weg-weimer-wolfram-beauftragter-gegen-kultur-und-medien\/","url_meta":{"origin":10950,"position":0},"title":"Kann weg: Weimer, Wolfram, Beauftragter gegen Kultur und Medien","author":"der huflaikhan","date":"27. August 2025","format":false,"excerpt":"Wolfram Weimer nimmt sein Amt nicht wahr. Es sollte gehen. Kultur- und kulturwirtschaftfeindlich ist er. Thema: Ist der Kulturpass f\u00fcr 18-J\u00e4hrige verfassungswidrig?","rel":"","context":"In &quot;Amt f\u00fcr Vermassungsschutz&quot;","block_context":{"text":"Amt f\u00fcr Vermassungsschutz","link":"https:\/\/www.kritische-masse.de\/logbuch\/category\/vermassungsschutz\/"},"img":{"alt_text":"","src":"","width":0,"height":0},"classes":[]},{"id":11277,"url":"https:\/\/www.kritische-masse.de\/logbuch\/2025\/08\/kulturstaatsministerin-wolfram-weimer-will-genderungerechte-sprache-durchsetzen\/","url_meta":{"origin":10950,"position":1},"title":"Kulturstaatsministerin Wolfram Weimer will genderungerechte Sprache durchsetzen","author":"der huflaikhan","date":"8. August 2025","format":false,"excerpt":"Die dpa meldet aus dem Hause Weimer (BKM): \u201eWeimer: Wer \u00f6ffentliches Geld erh\u00e4lt, soll nicht gendern\u201c \u2013 nur er selbst d\u00fcrfe das, in dem er gendergerechte Sprache untersage. Dieser Oberpopanz ist jetzt Kulturstaatsminister. Warum? F\u00fcr Vernunft steht er nicht, f\u00fcr Kultur steht er nicht, f\u00fcr Medien- und Kulturg\u00e4ngelung steht er\u2026","rel":"","context":"In &quot;Amt f\u00fcr Vermassungsschutz&quot;","block_context":{"text":"Amt f\u00fcr Vermassungsschutz","link":"https:\/\/www.kritische-masse.de\/logbuch\/category\/vermassungsschutz\/"},"img":{"alt_text":"create a highly detailed high resolution featured image for a blog","src":"https:\/\/i0.wp.com\/www.kritische-masse.de\/logbuch\/wp-content\/uploads\/2025\/08\/create-a-highly-detailed-high-resolution-featured-image-for-a-blog.png?fit=1024%2C768&ssl=1&resize=350%2C200","width":350,"height":200,"srcset":"https:\/\/i0.wp.com\/www.kritische-masse.de\/logbuch\/wp-content\/uploads\/2025\/08\/create-a-highly-detailed-high-resolution-featured-image-for-a-blog.png?fit=1024%2C768&ssl=1&resize=350%2C200 1x, https:\/\/i0.wp.com\/www.kritische-masse.de\/logbuch\/wp-content\/uploads\/2025\/08\/create-a-highly-detailed-high-resolution-featured-image-for-a-blog.png?fit=1024%2C768&ssl=1&resize=525%2C300 1.5x, https:\/\/i0.wp.com\/www.kritische-masse.de\/logbuch\/wp-content\/uploads\/2025\/08\/create-a-highly-detailed-high-resolution-featured-image-for-a-blog.png?fit=1024%2C768&ssl=1&resize=700%2C400 2x"},"classes":[]},{"id":11651,"url":"https:\/\/www.kritische-masse.de\/logbuch\/2025\/11\/st-dummheitsprinzip-in-der-bundeskultur\/","url_meta":{"origin":10950,"position":2},"title":"St. Dummheitsprinzip in der Bundeskultur","author":"der huflaikhan","date":"20. November 2025","format":false,"excerpt":"Dass Wolfram Weimer von Anfang an als Beauftragter der Bundesregierung f\u00fcr Kultur und Medien weder sachlich noch fachlich geeignet ist, war l\u00e4ngst bekannt und durch seine T\u00e4tigkeit nachgewiesen. Dass er jetzt erst durch die Nulljournalisten von Apollo News und Nius (auch auf dem Weg dorthin oder schon angelangt NZZ, Cicero,\u2026","rel":"","context":"In &quot;Amt f\u00fcr Vermassungsschutz&quot;","block_context":{"text":"Amt f\u00fcr Vermassungsschutz","link":"https:\/\/www.kritische-masse.de\/logbuch\/category\/vermassungsschutz\/"},"img":{"alt_text":"","src":"","width":0,"height":0},"classes":[]},{"id":14073,"url":"https:\/\/www.kritische-masse.de\/logbuch\/2026\/03\/wolfram-weimer-kann-es-einfach-nicht\/","url_meta":{"origin":10950,"position":3},"title":"Wolfram Weimer kann es einfach nicht","author":"der huflaikhan","date":"11. M\u00e4rz 2026","format":false,"excerpt":"Der fr\u00fchpubertierende Sch\u00f6nwetterpoet im Bundeskanzleramt hat Muffe. Bei Gegenwind setzt er seine Noise-Cancelnden-Ohrensch\u00fctzer auf und zieht sich in seinen Sandkasten zur\u00fcck. Aber die wars doch auch! Die Vorg\u00e4ngerin im Amt hat doch auch gecancelt. Und mehrfach das Haber-Verfahren aufgerufen, zum Beispiel f\u00fcr einen rechtsextremen Buchverlag (worum es genau ging, verschweigt\u2026","rel":"","context":"In &quot;Amt f\u00fcr Vermassungsschutz&quot;","block_context":{"text":"Amt f\u00fcr Vermassungsschutz","link":"https:\/\/www.kritische-masse.de\/logbuch\/category\/vermassungsschutz\/"},"img":{"alt_text":"Start \u2013 Buchladen Rote Strasse G\u00f6ttingen 03 11 2026 09 47 AM","src":"https:\/\/i0.wp.com\/www.kritische-masse.de\/logbuch\/wp-content\/uploads\/2026\/03\/Start-%E2%80%93-Buchladen-Rote-Strasse-Goettingen-03-11-2026_09_47_AM.png?resize=350%2C200&ssl=1","width":350,"height":200,"srcset":"https:\/\/i0.wp.com\/www.kritische-masse.de\/logbuch\/wp-content\/uploads\/2026\/03\/Start-%E2%80%93-Buchladen-Rote-Strasse-Goettingen-03-11-2026_09_47_AM.png?resize=350%2C200&ssl=1 1x, https:\/\/i0.wp.com\/www.kritische-masse.de\/logbuch\/wp-content\/uploads\/2026\/03\/Start-%E2%80%93-Buchladen-Rote-Strasse-Goettingen-03-11-2026_09_47_AM.png?resize=525%2C300&ssl=1 1.5x, https:\/\/i0.wp.com\/www.kritische-masse.de\/logbuch\/wp-content\/uploads\/2026\/03\/Start-%E2%80%93-Buchladen-Rote-Strasse-Goettingen-03-11-2026_09_47_AM.png?resize=700%2C400&ssl=1 2x, https:\/\/i0.wp.com\/www.kritische-masse.de\/logbuch\/wp-content\/uploads\/2026\/03\/Start-%E2%80%93-Buchladen-Rote-Strasse-Goettingen-03-11-2026_09_47_AM.png?resize=1050%2C600&ssl=1 3x"},"classes":[]},{"id":14821,"url":"https:\/\/www.kritische-masse.de\/logbuch\/2026\/03\/weimer-unwahrheit-ist-wahr\/","url_meta":{"origin":10950,"position":4},"title":"Weimer: \u201eUnwahrheit\u201c ist wahr","author":"der huflaikhan","date":"18. M\u00e4rz 2026","format":false,"excerpt":"Wenn man denkt, es ist schon alles gesagt in der Aff\u00e4re zum Buchhandlungspreis des Beauftragten der Bundesregierung f\u00fcr Kultur und Medien, Wolfram Weimer, so irrt man sich. Wer sagt ihm, dass es absolut t\u00f6dlich enden kann, wenn man im Sumpf oder im Treibsand zu heftig mit den Beinen stampelt, um\u2026","rel":"","context":"In &quot;Amt f\u00fcr Vermassungsschutz&quot;","block_context":{"text":"Amt f\u00fcr Vermassungsschutz","link":"https:\/\/www.kritische-masse.de\/logbuch\/category\/vermassungsschutz\/"},"img":{"alt_text":"","src":"","width":0,"height":0},"classes":[]},{"id":13950,"url":"https:\/\/www.kritische-masse.de\/logbuch\/2026\/03\/der-ewige-wolfram-weimer-und-seine-staatsfeinde\/","url_meta":{"origin":10950,"position":5},"title":"Der ewige Wolfram Weimer und seine Staatsfeinde","author":"der huflaikhan","date":"10. M\u00e4rz 2026","format":false,"excerpt":"Dass Wolfram Weimer sich gegen die Auszeichnung von drei Buchhandlungen aussprach und diese disqualifizierte, hat bei den 115 weiteren ausgezeichneten Buchhandlungen heftigen Widerspruch ausgel\u00f6st. In einem Akt der Solidarit\u00e4t legen sie zusammen. Das B\u00f6rsenblatt des Deutschen Buchhandels druckte die Stellungnahme im Wortlaut. Darin hei\u00dft es: Wir protestieren entschieden gegen diese\u2026","rel":"","context":"In &quot;Amt f\u00fcr Vermassungsschutz&quot;","block_context":{"text":"Amt f\u00fcr Vermassungsschutz","link":"https:\/\/www.kritische-masse.de\/logbuch\/category\/vermassungsschutz\/"},"img":{"alt_text":"","src":"","width":0,"height":0},"classes":[]}],"jetpack_sharing_enabled":true,"public_identification_id":"07dea86f39e345198e759908a5558898","private_identification_id":"61152152607249449b665eb9d4399eaa","_links":{"self":[{"href":"https:\/\/www.kritische-masse.de\/logbuch\/wp-json\/wp\/v2\/posts\/10950","targetHints":{"allow":["GET"]}}],"collection":[{"href":"https:\/\/www.kritische-masse.de\/logbuch\/wp-json\/wp\/v2\/posts"}],"about":[{"href":"https:\/\/www.kritische-masse.de\/logbuch\/wp-json\/wp\/v2\/types\/post"}],"author":[{"embeddable":true,"href":"https:\/\/www.kritische-masse.de\/logbuch\/wp-json\/wp\/v2\/users\/1"}],"replies":[{"embeddable":true,"href":"https:\/\/www.kritische-masse.de\/logbuch\/wp-json\/wp\/v2\/comments?post=10950"}],"version-history":[{"count":0,"href":"https:\/\/www.kritische-masse.de\/logbuch\/wp-json\/wp\/v2\/posts\/10950\/revisions"}],"wp:featuredmedia":[{"embeddable":true,"href":"https:\/\/www.kritische-masse.de\/logbuch\/wp-json\/wp\/v2\/media\/10952"}],"wp:attachment":[{"href":"https:\/\/www.kritische-masse.de\/logbuch\/wp-json\/wp\/v2\/media?parent=10950"}],"wp:term":[{"taxonomy":"category","embeddable":true,"href":"https:\/\/www.kritische-masse.de\/logbuch\/wp-json\/wp\/v2\/categories?post=10950"},{"taxonomy":"post_tag","embeddable":true,"href":"https:\/\/www.kritische-masse.de\/logbuch\/wp-json\/wp\/v2\/tags?post=10950"}],"curies":[{"name":"wp","href":"https:\/\/api.w.org\/{rel}","templated":true}]}}