{"id":10955,"date":"2025-07-13T11:08:37","date_gmt":"2025-07-13T09:08:37","guid":{"rendered":"https:\/\/www.kritische-masse.de\/logbuch\/?p=10955"},"modified":"2025-07-13T11:17:04","modified_gmt":"2025-07-13T09:17:04","slug":"reinhard-von-gutzeit-%e2%80%a0-dialektische-traeume-natur-mensch-computer-musik","status":"publish","type":"post","link":"https:\/\/www.kritische-masse.de\/logbuch\/2025\/07\/reinhard-von-gutzeit-%e2%80%a0-dialektische-traeume-natur-mensch-computer-musik\/","title":{"rendered":"Reinhard von Gutzeit \u2020 \/ Dialektische Tr\u00e4ume \/ Natur \u2014 Mensch \u2013 Computer \u2013 Musik"},"content":{"rendered":"<div class=\"shariff shariff-align-left shariff-widget-align-left\"><ul class=\"shariff-buttons theme-white orientation-horizontal buttonsize-small\"><li class=\"shariff-button mastodon shariff-nocustomcolor\" style=\"background-color:#563ACC\"><a href=\"https:\/\/s2f.kytta.dev\/?text=Reinhard%20von%20Gutzeit%20%E2%80%A0%20%2F%20Dialektische%20Tr%C3%A4ume%20%2F%20Natur%20%E2%80%94%20Mensch%20%E2%80%93%20Computer%20%E2%80%93%20Musik https%3A%2F%2Fwww.kritische-masse.de%2Flogbuch%2F2025%2F07%2Freinhard-von-gutzeit-%25e2%2580%25a0-dialektische-traeume-natur-mensch-computer-musik%2F\" title=\"Bei Mastodon teilen\" aria-label=\"Bei Mastodon teilen\" role=\"button\" rel=\"noopener nofollow\" class=\"shariff-link\" style=\"; background-color:#6364FF; color:#6364FF\" target=\"_blank\"><span class=\"shariff-icon\" style=\"fill:#6364FF\"><svg width=\"75\" height=\"79\" viewBox=\"0 0 75 79\" fill=\"none\" xmlns=\"http:\/\/www.w3.org\/2000\/svg\"><path d=\"M37.813-.025C32.462-.058 27.114.13 21.79.598c-8.544.621-17.214 5.58-20.203 13.931C-1.12 23.318.408 32.622.465 41.65c.375 7.316.943 14.78 3.392 21.73 4.365 9.465 14.781 14.537 24.782 15.385 7.64.698 15.761-.213 22.517-4.026a54.1 54.1 0 0 0 .01-6.232c-6.855 1.316-14.101 2.609-21.049 1.074-3.883-.88-6.876-4.237-7.25-8.215-1.53-3.988 3.78-.43 5.584-.883 9.048 1.224 18.282.776 27.303-.462 7.044-.837 14.26-4.788 16.65-11.833 2.263-6.135 1.215-12.79 1.698-19.177.06-3.84.09-7.692-.262-11.52C72.596 7.844 63.223.981 53.834.684a219.453 219.453 0 0 0-16.022-.71zm11.294 12.882c5.5-.067 10.801 4.143 11.67 9.653.338 1.48.471 3 .471 4.515v21.088h-8.357c-.07-7.588.153-15.182-.131-22.765-.587-4.368-7.04-5.747-9.672-2.397-2.422 3.04-1.47 7.155-1.67 10.735v6.392h-8.307c-.146-4.996.359-10.045-.404-15.002-1.108-4.218-7.809-5.565-10.094-1.666-1.685 3.046-.712 6.634-.976 9.936v14.767h-8.354c.109-8.165-.238-16.344.215-24.5.674-5.346 5.095-10.389 10.676-10.627 4.902-.739 10.103 2.038 12.053 6.631.375 1.435 1.76 1.932 1.994.084 1.844-3.704 5.501-6.739 9.785-6.771.367-.044.735-.068 1.101-.073z\"\/><defs><linearGradient id=\"paint0_linear_549_34\" x1=\"37.0692\" y1=\"0\" x2=\"37.0692\" y2=\"79\" gradientUnits=\"userSpaceOnUse\"><stop stop-color=\"#6364FF\"\/><stop offset=\"1\" stop-color=\"#563ACC\"\/><\/linearGradient><\/defs><\/svg><\/span><span class=\"shariff-text\" style=\"color:#6364FF\">teilen<\/span>&nbsp;<\/a><\/li><li class=\"shariff-button bluesky shariff-nocustomcolor\" style=\"background-color:#84c4ff\"><a href=\"https:\/\/bsky.app\/intent\/compose?text=Reinhard%20von%20Gutzeit%20%E2%80%A0%20%2F%20Dialektische%20Tr%C3%A4ume%20%2F%20Natur%20%E2%80%94%20Mensch%20%E2%80%93%20Computer%20%E2%80%93%20Musik https%3A%2F%2Fwww.kritische-masse.de%2Flogbuch%2F2025%2F07%2Freinhard-von-gutzeit-%25e2%2580%25a0-dialektische-traeume-natur-mensch-computer-musik%2F \" title=\"Bei Bluesky teilen\" aria-label=\"Bei Bluesky teilen\" role=\"button\" rel=\"noopener nofollow\" class=\"shariff-link\" style=\"; background-color:#0085ff; color:#0085ff\" target=\"_blank\"><span class=\"shariff-icon\" style=\"fill:#0085ff\"><svg width=\"20\" height=\"20\" version=\"1.1\" xmlns=\"http:\/\/www.w3.org\/2000\/svg\" viewBox=\"0 0 20 20\"><path class=\"st0\" d=\"M4.89,3.12c2.07,1.55,4.3,4.71,5.11,6.4.82-1.69,3.04-4.84,5.11-6.4,1.49-1.12,3.91-1.99,3.91.77,0,.55-.32,4.63-.5,5.3-.64,2.3-2.99,2.89-5.08,2.54,3.65.62,4.58,2.68,2.57,4.74-3.81,3.91-5.48-.98-5.9-2.23-.08-.23-.11-.34-.12-.25,0-.09-.04.02-.12.25-.43,1.25-2.09,6.14-5.9,2.23-2.01-2.06-1.08-4.12,2.57-4.74-2.09.36-4.44-.23-5.08-2.54-.19-.66-.5-4.74-.5-5.3,0-2.76,2.42-1.89,3.91-.77h0Z\"\/><\/svg><\/span><span class=\"shariff-text\" style=\"color:#0085ff\">teilen<\/span>&nbsp;<\/a><\/li><li class=\"shariff-button threema shariff-nocustomcolor shariff-mobile\" style=\"background-color:#4fbc24\"><a href=\"threema:\/\/compose?text=Reinhard%20von%20Gutzeit%20%E2%80%A0%20%2F%20Dialektische%20Tr%C3%A4ume%20%2F%20Natur%20%E2%80%94%20Mensch%20%E2%80%93%20Computer%20%E2%80%93%20Musik%20https%3A%2F%2Fwww.kritische-masse.de%2Flogbuch%2F2025%2F07%2Freinhard-von-gutzeit-%25e2%2580%25a0-dialektische-traeume-natur-mensch-computer-musik%2F\" title=\"Bei Threema teilen\" aria-label=\"Bei Threema teilen\" role=\"button\" rel=\"noopener nofollow\" class=\"shariff-link\" style=\"; background-color:#1f1f1f; color:#1f1f1f\" target=\"_blank\"><span class=\"shariff-icon\" style=\"fill:#1f1f1f\"><svg width=\"32px\" height=\"20px\" xmlns=\"http:\/\/www.w3.org\/2000\/svg\" viewBox=\"0 0 32 32\"><path fill=\"#1f1f1f\" d=\"M30.8 10.9c-0.3-1.4-0.9-2.6-1.8-3.8-2-2.6-5.5-4.5-9.4-5.2-1.3-0.2-1.9-0.3-3.5-0.3s-2.2 0-3.5 0.3c-4 0.7-7.4 2.6-9.4 5.2-0.9 1.2-1.5 2.4-1.8 3.8-0.1 0.5-0.2 1.2-0.2 1.6 0 0.4 0.1 1.1 0.2 1.6 0.4 1.9 1.3 3.4 2.9 5 0.8 0.8 0.8 0.8 0.7 1.3 0 0.6-0.5 1.6-1.7 3.6-0.3 0.5-0.5 0.9-0.5 0.9 0 0.1 0.1 0.1 0.5 0 0.8-0.2 2.3-0.6 5.6-1.6 1.1-0.3 1.3-0.4 2.3-0.4 0.8 0 1.1 0 2.3 0.2 1.5 0.2 3.5 0.2 4.9 0 5.1-0.6 9.3-2.9 11.4-6.3 0.5-0.9 0.9-1.8 1.1-2.8 0.1-0.5 0.2-1.1 0.2-1.6 0-0.7-0.1-1.1-0.2-1.6-0.3-1.4 0.1 0.5 0 0zM20.6 17.3c0 0.4-0.4 0.8-0.8 0.8h-7.7c-0.4 0-0.8-0.4-0.8-0.8v-4.6c0-0.4 0.4-0.8 0.8-0.8h0.2l0-1.6c0-0.9 0-1.8 0.1-2 0.1-0.6 0.6-1.2 1.1-1.7s1.1-0.7 1.9-0.8c1.8-0.3 3.7 0.7 4.2 2.2 0.1 0.3 0.1 0.7 0.1 2.1v0 1.7h0.1c0.4 0 0.8 0.4 0.8 0.8v4.6zM15.6 7.3c-0.5 0.1-0.8 0.3-1.2 0.6s-0.6 0.8-0.7 1.3c0 0.2 0 0.8 0 1.5l0 1.2h4.6v-1.3c0-1 0-1.4-0.1-1.6-0.3-1.1-1.5-1.9-2.6-1.7zM25.8 28.2c0 1.2-1 2.2-2.1 2.2s-2.1-1-2.1-2.1c0-1.2 1-2.1 2.2-2.1s2.2 1 2.2 2.2zM18.1 28.2c0 1.2-1 2.2-2.1 2.2s-2.1-1-2.1-2.1c0-1.2 1-2.1 2.2-2.1s2.2 1 2.2 2.2zM10.4 28.2c0 1.2-1 2.2-2.1 2.2s-2.1-1-2.1-2.1c0-1.2 1-2.1 2.2-2.1s2.2 1 2.2 2.2z\"\/><\/svg><\/span><span class=\"shariff-text\" style=\"color:#1f1f1f\">teilen<\/span>&nbsp;<\/a><\/li><li class=\"shariff-button facebook shariff-nocustomcolor\" style=\"background-color:#4273c8\"><a href=\"https:\/\/www.facebook.com\/sharer\/sharer.php?u=https%3A%2F%2Fwww.kritische-masse.de%2Flogbuch%2F2025%2F07%2Freinhard-von-gutzeit-%25e2%2580%25a0-dialektische-traeume-natur-mensch-computer-musik%2F\" title=\"Bei Facebook teilen\" aria-label=\"Bei Facebook teilen\" role=\"button\" rel=\"nofollow\" class=\"shariff-link\" style=\"; background-color:#3b5998; color:#3b5998\" target=\"_blank\"><span class=\"shariff-icon\" style=\"fill:#3b5998\"><svg width=\"32px\" height=\"20px\" xmlns=\"http:\/\/www.w3.org\/2000\/svg\" viewBox=\"0 0 18 32\"><path fill=\"#3b5998\" d=\"M17.1 0.2v4.7h-2.8q-1.5 0-2.1 0.6t-0.5 1.9v3.4h5.2l-0.7 5.3h-4.5v13.6h-5.5v-13.6h-4.5v-5.3h4.5v-3.9q0-3.3 1.9-5.2t5-1.8q2.6 0 4.1 0.2z\"\/><\/svg><\/span><span class=\"shariff-text\" style=\"color:#3b5998\">teilen<\/span>&nbsp;<\/a><\/li><li class=\"shariff-button info shariff-nocustomcolor\" style=\"background-color:#a8a8a8\"><a href=\"http:\/\/ct.de\/-2467514\" title=\"Weitere Informationen\" aria-label=\"Weitere Informationen\" role=\"button\" rel=\"noopener \" class=\"shariff-link\" style=\"; background-color:#999; color:#999\" target=\"_blank\"><span class=\"shariff-icon\" style=\"fill:#999\"><svg width=\"32px\" height=\"20px\" xmlns=\"http:\/\/www.w3.org\/2000\/svg\" viewBox=\"0 0 11 32\"><path fill=\"#999\" d=\"M11.4 24v2.3q0 0.5-0.3 0.8t-0.8 0.4h-9.1q-0.5 0-0.8-0.4t-0.4-0.8v-2.3q0-0.5 0.4-0.8t0.8-0.4h1.1v-6.8h-1.1q-0.5 0-0.8-0.4t-0.4-0.8v-2.3q0-0.5 0.4-0.8t0.8-0.4h6.8q0.5 0 0.8 0.4t0.4 0.8v10.3h1.1q0.5 0 0.8 0.4t0.3 0.8zM9.2 3.4v3.4q0 0.5-0.4 0.8t-0.8 0.4h-4.6q-0.4 0-0.8-0.4t-0.4-0.8v-3.4q0-0.4 0.4-0.8t0.8-0.4h4.6q0.5 0 0.8 0.4t0.4 0.8z\"\/><\/svg><\/span><\/a><\/li><\/ul><\/div><div id=\"ez-toc-container\" class=\"ez-toc-v2_0_82_2 ez-toc-wrap-center counter-hierarchy ez-toc-counter ez-toc-light-blue ez-toc-container-direction\">\n<div class=\"ez-toc-title-container\">\n<p class=\"ez-toc-title\" style=\"cursor:inherit\">Inhalt<\/p>\n<span class=\"ez-toc-title-toggle\"><a href=\"#\" class=\"ez-toc-pull-right ez-toc-btn ez-toc-btn-xs ez-toc-btn-default ez-toc-toggle\" aria-label=\"Toggle Table of Content\"><span class=\"ez-toc-js-icon-con\"><span class=\"\"><span class=\"eztoc-hide\" style=\"display:none;\">Toggle<\/span><span class=\"ez-toc-icon-toggle-span\"><svg style=\"fill: #999;color:#999\" xmlns=\"http:\/\/www.w3.org\/2000\/svg\" class=\"list-377408\" width=\"20px\" height=\"20px\" viewBox=\"0 0 24 24\" fill=\"none\"><path d=\"M6 6H4v2h2V6zm14 0H8v2h12V6zM4 11h2v2H4v-2zm16 0H8v2h12v-2zM4 16h2v2H4v-2zm16 0H8v2h12v-2z\" fill=\"currentColor\"><\/path><\/svg><svg style=\"fill: #999;color:#999\" class=\"arrow-unsorted-368013\" xmlns=\"http:\/\/www.w3.org\/2000\/svg\" width=\"10px\" height=\"10px\" viewBox=\"0 0 24 24\" version=\"1.2\" baseProfile=\"tiny\"><path d=\"M18.2 9.3l-6.2-6.3-6.2 6.3c-.2.2-.3.4-.3.7s.1.5.3.7c.2.2.4.3.7.3h11c.3 0 .5-.1.7-.3.2-.2.3-.5.3-.7s-.1-.5-.3-.7zM5.8 14.7l6.2 6.3 6.2-6.3c.2-.2.3-.5.3-.7s-.1-.5-.3-.7c-.2-.2-.4-.3-.7-.3h-11c-.3 0-.5.1-.7.3-.2.2-.3.5-.3.7s.1.5.3.7z\"\/><\/svg><\/span><\/span><\/span><\/a><\/span><\/div>\n<nav><ul class='ez-toc-list ez-toc-list-level-1 ' ><ul class='ez-toc-list-level-3' ><li class='ez-toc-heading-level-3'><a class=\"ez-toc-link ez-toc-heading-1\" href=\"https:\/\/www.kritische-masse.de\/logbuch\/2025\/07\/reinhard-von-gutzeit-%e2%80%a0-dialektische-traeume-natur-mensch-computer-musik\/#Reinhart_von_Gutzeit_in_Luzern_gestorben\" >Reinhart von Gutzeit in Luzern gestorben<\/a><\/li><li class='ez-toc-page-1 ez-toc-heading-level-3'><a class=\"ez-toc-link ez-toc-heading-2\" href=\"https:\/\/www.kritische-masse.de\/logbuch\/2025\/07\/reinhard-von-gutzeit-%e2%80%a0-dialektische-traeume-natur-mensch-computer-musik\/#Schraeg_geschlafen_nachts\" >Schr\u00e4g geschlafen (nachts).<\/a><\/li><\/ul><\/li><li class='ez-toc-page-1 ez-toc-heading-level-2'><a class=\"ez-toc-link ez-toc-heading-3\" href=\"https:\/\/www.kritische-masse.de\/logbuch\/2025\/07\/reinhard-von-gutzeit-%e2%80%a0-dialektische-traeume-natur-mensch-computer-musik\/#Die_vier_Elemente\" >Die vier Elemente<\/a><ul class='ez-toc-list-level-3' ><li class='ez-toc-heading-level-3'><a class=\"ez-toc-link ez-toc-heading-4\" href=\"https:\/\/www.kritische-masse.de\/logbuch\/2025\/07\/reinhard-von-gutzeit-%e2%80%a0-dialektische-traeume-natur-mensch-computer-musik\/#Natur\" >Natur<\/a><\/li><li class='ez-toc-page-1 ez-toc-heading-level-3'><a class=\"ez-toc-link ez-toc-heading-5\" href=\"https:\/\/www.kritische-masse.de\/logbuch\/2025\/07\/reinhard-von-gutzeit-%e2%80%a0-dialektische-traeume-natur-mensch-computer-musik\/#Mensch\" >Mensch<\/a><\/li><li class='ez-toc-page-1 ez-toc-heading-level-3'><a class=\"ez-toc-link ez-toc-heading-6\" href=\"https:\/\/www.kritische-masse.de\/logbuch\/2025\/07\/reinhard-von-gutzeit-%e2%80%a0-dialektische-traeume-natur-mensch-computer-musik\/#Computer\" >Computer<\/a><\/li><li class='ez-toc-page-1 ez-toc-heading-level-3'><a class=\"ez-toc-link ez-toc-heading-7\" href=\"https:\/\/www.kritische-masse.de\/logbuch\/2025\/07\/reinhard-von-gutzeit-%e2%80%a0-dialektische-traeume-natur-mensch-computer-musik\/#Musik\" >Musik<\/a><\/li><\/ul><\/li><\/ul><\/nav><\/div>\n<h3><span class=\"ez-toc-section\" id=\"Reinhart_von_Gutzeit_in_Luzern_gestorben\"><\/span>Reinhart von Gutzeit in Luzern gestorben<span class=\"ez-toc-section-end\"><\/span><\/h3>\n<p>Am vergangenen Freitag ist Reinhart von Gutzeit im Alter von 78 Jahren in Luzern verstorben. Viele von uns hatten verbindliche und herzliche Kontakte zu ihm. Der gleichaltrige Herausgeber der nmz und ein Weggef\u00e4hrte in der Sache, Theo Gei\u00dfler, erinnert nach vorn in <a href=\"https:\/\/www.nmz.de\/menschen\/personalia\/zum-tod-von-reinhart-von-gutzeit\">seinem Nachruf in der nmz<\/a>. Danke, Reinhart von Gutzeit.<\/p>\n<h3><span class=\"ez-toc-section\" id=\"Schraeg_geschlafen_nachts\"><\/span>Schr\u00e4g geschlafen (nachts).<span class=\"ez-toc-section-end\"><\/span><\/h3>\n<p>Tr\u00e4umte, ich m\u00fcsste Nachtwache halten und d\u00fcrfe nicht einschlafen. Wachte dann auf. Was aber jetzt. Wachehalten? Aber dazu m\u00fcsste ich doch erst einschlafen. Besch\u00e4ftigte mich bestimmt eine halbe Stunde. Bin dann eingeschlafen, tr\u00e4umte etwas anderes weiter.<\/p>\n<h2><span class=\"ez-toc-section\" id=\"Die_vier_Elemente\"><\/span>Die vier Elemente<span class=\"ez-toc-section-end\"><\/span><\/h2>\n<h3><span class=\"ez-toc-section\" id=\"Natur\"><\/span>Natur<span class=\"ez-toc-section-end\"><\/span><\/h3>\n<p>Schafhirten im Allg\u00e4u haben jahrelang die Abgraswerte manipuliert. Ich prangere das an!<\/p>\n<h3><span class=\"ez-toc-section\" id=\"Mensch\"><\/span>Mensch<span class=\"ez-toc-section-end\"><\/span><\/h3>\n<p>Arthur Shopenhauer:<\/p>\n<blockquote><p>\u201e(&#8230;) Die Wahrheit ist: wir sollen elend seyn, und sind&#8217;s. <strong>Dabei ist die Hauptquelle der ernstlichsten Uebel, die den Menschen treffen, der Mensch selbst<\/strong>: homo homini lupus. Wer dies Letztere recht ins Auge fa\u00dft, erblickt die Welt als eine H\u00f6lle, welche die des Dante dadurch \u00fcbertrifft, da\u00df Einer der Teufel des Andern seyn mu\u00df; wozu denn freilich Einer vor dem Andern geeignet ist, vor Allen wohl ein Erzteufel, in Gestalt eines Eroberers auftretend, der einige Hundert Tausend Menschen einander gegen\u00fcberstellt und ihnen zuruft: \u00bbLeiden und Sterben ist euere Bestimmung: jetzt schie\u00dft mit Flinten und Kanonen auf einander los!\u00ab und sie thun es. \u2013<br \/>\nUeberhaupt aber bezeichnen, in der Regel, Ungerechtigkeit, \u00e4u\u00dferste Unbilligkeit, H\u00e4rte, ja Grausamkeit, die Handlungsweise der Menschen gegen einander: eine entgegengesetzte tritt nur ausnahmsweise ein. Hierauf beruht die Nothwendigkeit des Staates und der Gesetzgebung, und nicht auf euern Flausen. Aber in allen F\u00e4llen, die nicht im Bereich der Gesetze liegen, zeigt sich sogleich die dem Menschen eigene R\u00fccksichtslosigkeit gegen seines Gleichen, welche aus seinem gr\u00e4nzenlosen Egoismus, mitunter auch aus Bosheit entspringt. Wie der Mensch mit dem Menschen verf\u00e4hrt, zeigt z.B. die Negersklaverei, deren Endzweck Zucker und Kaffee ist. (&#8230;)\u201c (Schopenhauer, Kapitel 46, Von der Nichtigkeit und dem Leiden des Lebens)<\/p><\/blockquote>\n<p>Und Thomas Mann<\/p>\n<blockquote><p>\u00bbDarum verachte ich das tr\u00fcbe Amalgam, dass sich Nationalsozialismus nennt, dies Falsifikat der Erneuerung, das, hirn- und ziellose Verwirrung in sich selber, nie etwas anderes als eben Verwirrung und Ungl\u00fcck wird stiften k\u00f6nnen, diese Elendsmischung aus vermufften Seelent\u00fcmern und Massenklamauk, vor der germanische Oberlehrer als vor einer \u201eVolksbewegung\u201c auf dem Bauch liegen, w\u00e4hrend sie ein Volksbetrug und Jugendverderb ohnesgleichen ist, der sich uml\u00fcgt in Revolution.\u00ab [1932]<\/p><\/blockquote>\n<h3><span class=\"ez-toc-section\" id=\"Computer\"><\/span>Computer<span class=\"ez-toc-section-end\"><\/span><\/h3>\n<p>Gebe zu, bin jedes mal wieder erstaunt, wie schnell man Sachen mit \u201erm -R *\u201c entfernen kann. Freue mich, dass der Erfinder des Backups diese \u201eTechnologie\u201c erfunden hat.<\/p>\n<p>Fehlt nur noch \u2026<\/p>\n<h3><span class=\"ez-toc-section\" id=\"Musik\"><\/span>Musik<span class=\"ez-toc-section-end\"><\/span><\/h3>\n<p>via Feinstruktur:<\/p>\n<p><span class=\"embed-youtube\" style=\"text-align:center; display: block;\"><iframe loading=\"lazy\" class=\"youtube-player\" width=\"1200\" height=\"675\" src=\"https:\/\/www.youtube.com\/embed\/WoudStxfMYg?version=3&#038;rel=1&#038;showsearch=0&#038;showinfo=1&#038;iv_load_policy=1&#038;fs=1&#038;hl=de-DE&#038;autohide=2&#038;wmode=transparent\" allowfullscreen=\"true\" style=\"border:0;\" sandbox=\"allow-scripts allow-same-origin allow-popups allow-presentation allow-popups-to-escape-sandbox\"><\/iframe><\/span><\/p>\n<p>&nbsp;<\/p>\n<div class=\"shariff shariff-align-left shariff-widget-align-left\"><ul class=\"shariff-buttons theme-white orientation-horizontal buttonsize-small\"><li class=\"shariff-button mastodon shariff-nocustomcolor\" style=\"background-color:#563ACC\"><a href=\"https:\/\/s2f.kytta.dev\/?text=Reinhard%20von%20Gutzeit%20%E2%80%A0%20%2F%20Dialektische%20Tr%C3%A4ume%20%2F%20Natur%20%E2%80%94%20Mensch%20%E2%80%93%20Computer%20%E2%80%93%20Musik https%3A%2F%2Fwww.kritische-masse.de%2Flogbuch%2F2025%2F07%2Freinhard-von-gutzeit-%25e2%2580%25a0-dialektische-traeume-natur-mensch-computer-musik%2F\" title=\"Bei Mastodon teilen\" aria-label=\"Bei Mastodon teilen\" role=\"button\" rel=\"noopener nofollow\" class=\"shariff-link\" style=\"; background-color:#6364FF; color:#6364FF\" target=\"_blank\"><span class=\"shariff-icon\" style=\"fill:#6364FF\"><svg width=\"75\" height=\"79\" viewBox=\"0 0 75 79\" fill=\"none\" xmlns=\"http:\/\/www.w3.org\/2000\/svg\"><path d=\"M37.813-.025C32.462-.058 27.114.13 21.79.598c-8.544.621-17.214 5.58-20.203 13.931C-1.12 23.318.408 32.622.465 41.65c.375 7.316.943 14.78 3.392 21.73 4.365 9.465 14.781 14.537 24.782 15.385 7.64.698 15.761-.213 22.517-4.026a54.1 54.1 0 0 0 .01-6.232c-6.855 1.316-14.101 2.609-21.049 1.074-3.883-.88-6.876-4.237-7.25-8.215-1.53-3.988 3.78-.43 5.584-.883 9.048 1.224 18.282.776 27.303-.462 7.044-.837 14.26-4.788 16.65-11.833 2.263-6.135 1.215-12.79 1.698-19.177.06-3.84.09-7.692-.262-11.52C72.596 7.844 63.223.981 53.834.684a219.453 219.453 0 0 0-16.022-.71zm11.294 12.882c5.5-.067 10.801 4.143 11.67 9.653.338 1.48.471 3 .471 4.515v21.088h-8.357c-.07-7.588.153-15.182-.131-22.765-.587-4.368-7.04-5.747-9.672-2.397-2.422 3.04-1.47 7.155-1.67 10.735v6.392h-8.307c-.146-4.996.359-10.045-.404-15.002-1.108-4.218-7.809-5.565-10.094-1.666-1.685 3.046-.712 6.634-.976 9.936v14.767h-8.354c.109-8.165-.238-16.344.215-24.5.674-5.346 5.095-10.389 10.676-10.627 4.902-.739 10.103 2.038 12.053 6.631.375 1.435 1.76 1.932 1.994.084 1.844-3.704 5.501-6.739 9.785-6.771.367-.044.735-.068 1.101-.073z\"\/><defs><linearGradient id=\"paint0_linear_549_34\" x1=\"37.0692\" y1=\"0\" x2=\"37.0692\" y2=\"79\" gradientUnits=\"userSpaceOnUse\"><stop stop-color=\"#6364FF\"\/><stop offset=\"1\" stop-color=\"#563ACC\"\/><\/linearGradient><\/defs><\/svg><\/span><span class=\"shariff-text\" style=\"color:#6364FF\">teilen<\/span>&nbsp;<\/a><\/li><li class=\"shariff-button bluesky shariff-nocustomcolor\" style=\"background-color:#84c4ff\"><a href=\"https:\/\/bsky.app\/intent\/compose?text=Reinhard%20von%20Gutzeit%20%E2%80%A0%20%2F%20Dialektische%20Tr%C3%A4ume%20%2F%20Natur%20%E2%80%94%20Mensch%20%E2%80%93%20Computer%20%E2%80%93%20Musik https%3A%2F%2Fwww.kritische-masse.de%2Flogbuch%2F2025%2F07%2Freinhard-von-gutzeit-%25e2%2580%25a0-dialektische-traeume-natur-mensch-computer-musik%2F \" title=\"Bei Bluesky teilen\" aria-label=\"Bei Bluesky teilen\" role=\"button\" rel=\"noopener nofollow\" class=\"shariff-link\" style=\"; background-color:#0085ff; color:#0085ff\" target=\"_blank\"><span class=\"shariff-icon\" style=\"fill:#0085ff\"><svg width=\"20\" height=\"20\" version=\"1.1\" xmlns=\"http:\/\/www.w3.org\/2000\/svg\" viewBox=\"0 0 20 20\"><path class=\"st0\" d=\"M4.89,3.12c2.07,1.55,4.3,4.71,5.11,6.4.82-1.69,3.04-4.84,5.11-6.4,1.49-1.12,3.91-1.99,3.91.77,0,.55-.32,4.63-.5,5.3-.64,2.3-2.99,2.89-5.08,2.54,3.65.62,4.58,2.68,2.57,4.74-3.81,3.91-5.48-.98-5.9-2.23-.08-.23-.11-.34-.12-.25,0-.09-.04.02-.12.25-.43,1.25-2.09,6.14-5.9,2.23-2.01-2.06-1.08-4.12,2.57-4.74-2.09.36-4.44-.23-5.08-2.54-.19-.66-.5-4.74-.5-5.3,0-2.76,2.42-1.89,3.91-.77h0Z\"\/><\/svg><\/span><span class=\"shariff-text\" style=\"color:#0085ff\">teilen<\/span>&nbsp;<\/a><\/li><li class=\"shariff-button threema shariff-nocustomcolor shariff-mobile\" style=\"background-color:#4fbc24\"><a href=\"threema:\/\/compose?text=Reinhard%20von%20Gutzeit%20%E2%80%A0%20%2F%20Dialektische%20Tr%C3%A4ume%20%2F%20Natur%20%E2%80%94%20Mensch%20%E2%80%93%20Computer%20%E2%80%93%20Musik%20https%3A%2F%2Fwww.kritische-masse.de%2Flogbuch%2F2025%2F07%2Freinhard-von-gutzeit-%25e2%2580%25a0-dialektische-traeume-natur-mensch-computer-musik%2F\" title=\"Bei Threema teilen\" aria-label=\"Bei Threema teilen\" role=\"button\" rel=\"noopener nofollow\" class=\"shariff-link\" style=\"; background-color:#1f1f1f; color:#1f1f1f\" target=\"_blank\"><span class=\"shariff-icon\" style=\"fill:#1f1f1f\"><svg width=\"32px\" height=\"20px\" xmlns=\"http:\/\/www.w3.org\/2000\/svg\" viewBox=\"0 0 32 32\"><path fill=\"#1f1f1f\" d=\"M30.8 10.9c-0.3-1.4-0.9-2.6-1.8-3.8-2-2.6-5.5-4.5-9.4-5.2-1.3-0.2-1.9-0.3-3.5-0.3s-2.2 0-3.5 0.3c-4 0.7-7.4 2.6-9.4 5.2-0.9 1.2-1.5 2.4-1.8 3.8-0.1 0.5-0.2 1.2-0.2 1.6 0 0.4 0.1 1.1 0.2 1.6 0.4 1.9 1.3 3.4 2.9 5 0.8 0.8 0.8 0.8 0.7 1.3 0 0.6-0.5 1.6-1.7 3.6-0.3 0.5-0.5 0.9-0.5 0.9 0 0.1 0.1 0.1 0.5 0 0.8-0.2 2.3-0.6 5.6-1.6 1.1-0.3 1.3-0.4 2.3-0.4 0.8 0 1.1 0 2.3 0.2 1.5 0.2 3.5 0.2 4.9 0 5.1-0.6 9.3-2.9 11.4-6.3 0.5-0.9 0.9-1.8 1.1-2.8 0.1-0.5 0.2-1.1 0.2-1.6 0-0.7-0.1-1.1-0.2-1.6-0.3-1.4 0.1 0.5 0 0zM20.6 17.3c0 0.4-0.4 0.8-0.8 0.8h-7.7c-0.4 0-0.8-0.4-0.8-0.8v-4.6c0-0.4 0.4-0.8 0.8-0.8h0.2l0-1.6c0-0.9 0-1.8 0.1-2 0.1-0.6 0.6-1.2 1.1-1.7s1.1-0.7 1.9-0.8c1.8-0.3 3.7 0.7 4.2 2.2 0.1 0.3 0.1 0.7 0.1 2.1v0 1.7h0.1c0.4 0 0.8 0.4 0.8 0.8v4.6zM15.6 7.3c-0.5 0.1-0.8 0.3-1.2 0.6s-0.6 0.8-0.7 1.3c0 0.2 0 0.8 0 1.5l0 1.2h4.6v-1.3c0-1 0-1.4-0.1-1.6-0.3-1.1-1.5-1.9-2.6-1.7zM25.8 28.2c0 1.2-1 2.2-2.1 2.2s-2.1-1-2.1-2.1c0-1.2 1-2.1 2.2-2.1s2.2 1 2.2 2.2zM18.1 28.2c0 1.2-1 2.2-2.1 2.2s-2.1-1-2.1-2.1c0-1.2 1-2.1 2.2-2.1s2.2 1 2.2 2.2zM10.4 28.2c0 1.2-1 2.2-2.1 2.2s-2.1-1-2.1-2.1c0-1.2 1-2.1 2.2-2.1s2.2 1 2.2 2.2z\"\/><\/svg><\/span><span class=\"shariff-text\" style=\"color:#1f1f1f\">teilen<\/span>&nbsp;<\/a><\/li><li class=\"shariff-button facebook shariff-nocustomcolor\" style=\"background-color:#4273c8\"><a href=\"https:\/\/www.facebook.com\/sharer\/sharer.php?u=https%3A%2F%2Fwww.kritische-masse.de%2Flogbuch%2F2025%2F07%2Freinhard-von-gutzeit-%25e2%2580%25a0-dialektische-traeume-natur-mensch-computer-musik%2F\" title=\"Bei Facebook teilen\" aria-label=\"Bei Facebook teilen\" role=\"button\" rel=\"nofollow\" class=\"shariff-link\" style=\"; background-color:#3b5998; color:#3b5998\" target=\"_blank\"><span class=\"shariff-icon\" style=\"fill:#3b5998\"><svg width=\"32px\" height=\"20px\" xmlns=\"http:\/\/www.w3.org\/2000\/svg\" viewBox=\"0 0 18 32\"><path fill=\"#3b5998\" d=\"M17.1 0.2v4.7h-2.8q-1.5 0-2.1 0.6t-0.5 1.9v3.4h5.2l-0.7 5.3h-4.5v13.6h-5.5v-13.6h-4.5v-5.3h4.5v-3.9q0-3.3 1.9-5.2t5-1.8q2.6 0 4.1 0.2z\"\/><\/svg><\/span><span class=\"shariff-text\" style=\"color:#3b5998\">teilen<\/span>&nbsp;<\/a><\/li><li class=\"shariff-button info shariff-nocustomcolor\" style=\"background-color:#a8a8a8\"><a href=\"http:\/\/ct.de\/-2467514\" title=\"Weitere Informationen\" aria-label=\"Weitere Informationen\" role=\"button\" rel=\"noopener \" class=\"shariff-link\" style=\"; background-color:#999; color:#999\" target=\"_blank\"><span class=\"shariff-icon\" style=\"fill:#999\"><svg width=\"32px\" height=\"20px\" xmlns=\"http:\/\/www.w3.org\/2000\/svg\" viewBox=\"0 0 11 32\"><path fill=\"#999\" d=\"M11.4 24v2.3q0 0.5-0.3 0.8t-0.8 0.4h-9.1q-0.5 0-0.8-0.4t-0.4-0.8v-2.3q0-0.5 0.4-0.8t0.8-0.4h1.1v-6.8h-1.1q-0.5 0-0.8-0.4t-0.4-0.8v-2.3q0-0.5 0.4-0.8t0.8-0.4h6.8q0.5 0 0.8 0.4t0.4 0.8v10.3h1.1q0.5 0 0.8 0.4t0.3 0.8zM9.2 3.4v3.4q0 0.5-0.4 0.8t-0.8 0.4h-4.6q-0.4 0-0.8-0.4t-0.4-0.8v-3.4q0-0.4 0.4-0.8t0.8-0.4h4.6q0.5 0 0.8 0.4t0.4 0.8z\"\/><\/svg><\/span><\/a><\/li><\/ul><\/div>","protected":false},"excerpt":{"rendered":"<p>Reinhart von Gutzeit ist gestorben. Theo Gei\u00dflers Nachruf auf nmz.de +++ Die vier Elemente: Natur, Mensch und Computer, da schl\u00e4ft man dialektisch. +++ Und bei bisschen Musik von Paul Juon von 1906.<\/p>\n<div class=\"shariff shariff-align-left shariff-widget-align-left\"><ul class=\"shariff-buttons theme-white orientation-horizontal buttonsize-small\"><li class=\"shariff-button mastodon shariff-nocustomcolor\" style=\"background-color:#563ACC\"><a href=\"https:\/\/s2f.kytta.dev\/?text=Reinhard%20von%20Gutzeit%20%E2%80%A0%20%2F%20Dialektische%20Tr%C3%A4ume%20%2F%20Natur%20%E2%80%94%20Mensch%20%E2%80%93%20Computer%20%E2%80%93%20Musik https%3A%2F%2Fwww.kritische-masse.de%2Flogbuch%2F2025%2F07%2Freinhard-von-gutzeit-%25e2%2580%25a0-dialektische-traeume-natur-mensch-computer-musik%2F\" title=\"Bei Mastodon teilen\" aria-label=\"Bei Mastodon teilen\" role=\"button\" rel=\"noopener nofollow\" class=\"shariff-link\" style=\"; background-color:#6364FF; color:#6364FF\" target=\"_blank\"><span class=\"shariff-icon\" style=\"fill:#6364FF\"><svg width=\"75\" height=\"79\" viewBox=\"0 0 75 79\" fill=\"none\" xmlns=\"http:\/\/www.w3.org\/2000\/svg\"><path d=\"M37.813-.025C32.462-.058 27.114.13 21.79.598c-8.544.621-17.214 5.58-20.203 13.931C-1.12 23.318.408 32.622.465 41.65c.375 7.316.943 14.78 3.392 21.73 4.365 9.465 14.781 14.537 24.782 15.385 7.64.698 15.761-.213 22.517-4.026a54.1 54.1 0 0 0 .01-6.232c-6.855 1.316-14.101 2.609-21.049 1.074-3.883-.88-6.876-4.237-7.25-8.215-1.53-3.988 3.78-.43 5.584-.883 9.048 1.224 18.282.776 27.303-.462 7.044-.837 14.26-4.788 16.65-11.833 2.263-6.135 1.215-12.79 1.698-19.177.06-3.84.09-7.692-.262-11.52C72.596 7.844 63.223.981 53.834.684a219.453 219.453 0 0 0-16.022-.71zm11.294 12.882c5.5-.067 10.801 4.143 11.67 9.653.338 1.48.471 3 .471 4.515v21.088h-8.357c-.07-7.588.153-15.182-.131-22.765-.587-4.368-7.04-5.747-9.672-2.397-2.422 3.04-1.47 7.155-1.67 10.735v6.392h-8.307c-.146-4.996.359-10.045-.404-15.002-1.108-4.218-7.809-5.565-10.094-1.666-1.685 3.046-.712 6.634-.976 9.936v14.767h-8.354c.109-8.165-.238-16.344.215-24.5.674-5.346 5.095-10.389 10.676-10.627 4.902-.739 10.103 2.038 12.053 6.631.375 1.435 1.76 1.932 1.994.084 1.844-3.704 5.501-6.739 9.785-6.771.367-.044.735-.068 1.101-.073z\"\/><defs><linearGradient id=\"paint0_linear_549_34\" x1=\"37.0692\" y1=\"0\" x2=\"37.0692\" y2=\"79\" gradientUnits=\"userSpaceOnUse\"><stop stop-color=\"#6364FF\"\/><stop offset=\"1\" stop-color=\"#563ACC\"\/><\/linearGradient><\/defs><\/svg><\/span><span class=\"shariff-text\" style=\"color:#6364FF\">teilen<\/span>&nbsp;<\/a><\/li><li class=\"shariff-button bluesky shariff-nocustomcolor\" style=\"background-color:#84c4ff\"><a href=\"https:\/\/bsky.app\/intent\/compose?text=Reinhard%20von%20Gutzeit%20%E2%80%A0%20%2F%20Dialektische%20Tr%C3%A4ume%20%2F%20Natur%20%E2%80%94%20Mensch%20%E2%80%93%20Computer%20%E2%80%93%20Musik https%3A%2F%2Fwww.kritische-masse.de%2Flogbuch%2F2025%2F07%2Freinhard-von-gutzeit-%25e2%2580%25a0-dialektische-traeume-natur-mensch-computer-musik%2F \" title=\"Bei Bluesky teilen\" aria-label=\"Bei Bluesky teilen\" role=\"button\" rel=\"noopener nofollow\" class=\"shariff-link\" style=\"; background-color:#0085ff; color:#0085ff\" target=\"_blank\"><span class=\"shariff-icon\" style=\"fill:#0085ff\"><svg width=\"20\" height=\"20\" version=\"1.1\" xmlns=\"http:\/\/www.w3.org\/2000\/svg\" viewBox=\"0 0 20 20\"><path class=\"st0\" d=\"M4.89,3.12c2.07,1.55,4.3,4.71,5.11,6.4.82-1.69,3.04-4.84,5.11-6.4,1.49-1.12,3.91-1.99,3.91.77,0,.55-.32,4.63-.5,5.3-.64,2.3-2.99,2.89-5.08,2.54,3.65.62,4.58,2.68,2.57,4.74-3.81,3.91-5.48-.98-5.9-2.23-.08-.23-.11-.34-.12-.25,0-.09-.04.02-.12.25-.43,1.25-2.09,6.14-5.9,2.23-2.01-2.06-1.08-4.12,2.57-4.74-2.09.36-4.44-.23-5.08-2.54-.19-.66-.5-4.74-.5-5.3,0-2.76,2.42-1.89,3.91-.77h0Z\"\/><\/svg><\/span><span class=\"shariff-text\" style=\"color:#0085ff\">teilen<\/span>&nbsp;<\/a><\/li><li class=\"shariff-button threema shariff-nocustomcolor shariff-mobile\" style=\"background-color:#4fbc24\"><a href=\"threema:\/\/compose?text=Reinhard%20von%20Gutzeit%20%E2%80%A0%20%2F%20Dialektische%20Tr%C3%A4ume%20%2F%20Natur%20%E2%80%94%20Mensch%20%E2%80%93%20Computer%20%E2%80%93%20Musik%20https%3A%2F%2Fwww.kritische-masse.de%2Flogbuch%2F2025%2F07%2Freinhard-von-gutzeit-%25e2%2580%25a0-dialektische-traeume-natur-mensch-computer-musik%2F\" title=\"Bei Threema teilen\" aria-label=\"Bei Threema teilen\" role=\"button\" rel=\"noopener nofollow\" class=\"shariff-link\" style=\"; background-color:#1f1f1f; color:#1f1f1f\" target=\"_blank\"><span class=\"shariff-icon\" style=\"fill:#1f1f1f\"><svg width=\"32px\" height=\"20px\" xmlns=\"http:\/\/www.w3.org\/2000\/svg\" viewBox=\"0 0 32 32\"><path fill=\"#1f1f1f\" d=\"M30.8 10.9c-0.3-1.4-0.9-2.6-1.8-3.8-2-2.6-5.5-4.5-9.4-5.2-1.3-0.2-1.9-0.3-3.5-0.3s-2.2 0-3.5 0.3c-4 0.7-7.4 2.6-9.4 5.2-0.9 1.2-1.5 2.4-1.8 3.8-0.1 0.5-0.2 1.2-0.2 1.6 0 0.4 0.1 1.1 0.2 1.6 0.4 1.9 1.3 3.4 2.9 5 0.8 0.8 0.8 0.8 0.7 1.3 0 0.6-0.5 1.6-1.7 3.6-0.3 0.5-0.5 0.9-0.5 0.9 0 0.1 0.1 0.1 0.5 0 0.8-0.2 2.3-0.6 5.6-1.6 1.1-0.3 1.3-0.4 2.3-0.4 0.8 0 1.1 0 2.3 0.2 1.5 0.2 3.5 0.2 4.9 0 5.1-0.6 9.3-2.9 11.4-6.3 0.5-0.9 0.9-1.8 1.1-2.8 0.1-0.5 0.2-1.1 0.2-1.6 0-0.7-0.1-1.1-0.2-1.6-0.3-1.4 0.1 0.5 0 0zM20.6 17.3c0 0.4-0.4 0.8-0.8 0.8h-7.7c-0.4 0-0.8-0.4-0.8-0.8v-4.6c0-0.4 0.4-0.8 0.8-0.8h0.2l0-1.6c0-0.9 0-1.8 0.1-2 0.1-0.6 0.6-1.2 1.1-1.7s1.1-0.7 1.9-0.8c1.8-0.3 3.7 0.7 4.2 2.2 0.1 0.3 0.1 0.7 0.1 2.1v0 1.7h0.1c0.4 0 0.8 0.4 0.8 0.8v4.6zM15.6 7.3c-0.5 0.1-0.8 0.3-1.2 0.6s-0.6 0.8-0.7 1.3c0 0.2 0 0.8 0 1.5l0 1.2h4.6v-1.3c0-1 0-1.4-0.1-1.6-0.3-1.1-1.5-1.9-2.6-1.7zM25.8 28.2c0 1.2-1 2.2-2.1 2.2s-2.1-1-2.1-2.1c0-1.2 1-2.1 2.2-2.1s2.2 1 2.2 2.2zM18.1 28.2c0 1.2-1 2.2-2.1 2.2s-2.1-1-2.1-2.1c0-1.2 1-2.1 2.2-2.1s2.2 1 2.2 2.2zM10.4 28.2c0 1.2-1 2.2-2.1 2.2s-2.1-1-2.1-2.1c0-1.2 1-2.1 2.2-2.1s2.2 1 2.2 2.2z\"\/><\/svg><\/span><span class=\"shariff-text\" style=\"color:#1f1f1f\">teilen<\/span>&nbsp;<\/a><\/li><li class=\"shariff-button facebook shariff-nocustomcolor\" style=\"background-color:#4273c8\"><a href=\"https:\/\/www.facebook.com\/sharer\/sharer.php?u=https%3A%2F%2Fwww.kritische-masse.de%2Flogbuch%2F2025%2F07%2Freinhard-von-gutzeit-%25e2%2580%25a0-dialektische-traeume-natur-mensch-computer-musik%2F\" title=\"Bei Facebook teilen\" aria-label=\"Bei Facebook teilen\" role=\"button\" rel=\"nofollow\" class=\"shariff-link\" style=\"; background-color:#3b5998; color:#3b5998\" target=\"_blank\"><span class=\"shariff-icon\" style=\"fill:#3b5998\"><svg width=\"32px\" height=\"20px\" xmlns=\"http:\/\/www.w3.org\/2000\/svg\" viewBox=\"0 0 18 32\"><path fill=\"#3b5998\" d=\"M17.1 0.2v4.7h-2.8q-1.5 0-2.1 0.6t-0.5 1.9v3.4h5.2l-0.7 5.3h-4.5v13.6h-5.5v-13.6h-4.5v-5.3h4.5v-3.9q0-3.3 1.9-5.2t5-1.8q2.6 0 4.1 0.2z\"\/><\/svg><\/span><span class=\"shariff-text\" style=\"color:#3b5998\">teilen<\/span>&nbsp;<\/a><\/li><li class=\"shariff-button info shariff-nocustomcolor\" style=\"background-color:#a8a8a8\"><a href=\"http:\/\/ct.de\/-2467514\" title=\"Weitere Informationen\" aria-label=\"Weitere Informationen\" role=\"button\" rel=\"noopener \" class=\"shariff-link\" style=\"; background-color:#999; color:#999\" target=\"_blank\"><span class=\"shariff-icon\" style=\"fill:#999\"><svg width=\"32px\" height=\"20px\" xmlns=\"http:\/\/www.w3.org\/2000\/svg\" viewBox=\"0 0 11 32\"><path fill=\"#999\" d=\"M11.4 24v2.3q0 0.5-0.3 0.8t-0.8 0.4h-9.1q-0.5 0-0.8-0.4t-0.4-0.8v-2.3q0-0.5 0.4-0.8t0.8-0.4h1.1v-6.8h-1.1q-0.5 0-0.8-0.4t-0.4-0.8v-2.3q0-0.5 0.4-0.8t0.8-0.4h6.8q0.5 0 0.8 0.4t0.4 0.8v10.3h1.1q0.5 0 0.8 0.4t0.3 0.8zM9.2 3.4v3.4q0 0.5-0.4 0.8t-0.8 0.4h-4.6q-0.4 0-0.8-0.4t-0.4-0.8v-3.4q0-0.4 0.4-0.8t0.8-0.4h4.6q0.5 0 0.8 0.4t0.4 0.8z\"\/><\/svg><\/span><\/a><\/li><\/ul><\/div>","protected":false},"author":1,"featured_media":10957,"comment_status":"open","ping_status":"open","sticky":false,"template":"","format":"standard","meta":{"ocean_post_layout":"","ocean_both_sidebars_style":"","ocean_both_sidebars_content_width":0,"ocean_both_sidebars_sidebars_width":0,"ocean_sidebar":"","ocean_second_sidebar":"","ocean_disable_margins":"enable","ocean_add_body_class":"","ocean_shortcode_before_top_bar":"","ocean_shortcode_after_top_bar":"","ocean_shortcode_before_header":"","ocean_shortcode_after_header":"","ocean_has_shortcode":"","ocean_shortcode_after_title":"","ocean_shortcode_before_footer_widgets":"","ocean_shortcode_after_footer_widgets":"","ocean_shortcode_before_footer_bottom":"","ocean_shortcode_after_footer_bottom":"","ocean_display_top_bar":"default","ocean_display_header":"default","ocean_header_style":"","ocean_center_header_left_menu":"","ocean_custom_header_template":"","ocean_custom_logo":0,"ocean_custom_retina_logo":0,"ocean_custom_logo_max_width":0,"ocean_custom_logo_tablet_max_width":0,"ocean_custom_logo_mobile_max_width":0,"ocean_custom_logo_max_height":0,"ocean_custom_logo_tablet_max_height":0,"ocean_custom_logo_mobile_max_height":0,"ocean_header_custom_menu":"","ocean_menu_typo_font_family":"","ocean_menu_typo_font_subset":"","ocean_menu_typo_font_size":0,"ocean_menu_typo_font_size_tablet":0,"ocean_menu_typo_font_size_mobile":0,"ocean_menu_typo_font_size_unit":"px","ocean_menu_typo_font_weight":"","ocean_menu_typo_font_weight_tablet":"","ocean_menu_typo_font_weight_mobile":"","ocean_menu_typo_transform":"","ocean_menu_typo_transform_tablet":"","ocean_menu_typo_transform_mobile":"","ocean_menu_typo_line_height":0,"ocean_menu_typo_line_height_tablet":0,"ocean_menu_typo_line_height_mobile":0,"ocean_menu_typo_line_height_unit":"","ocean_menu_typo_spacing":0,"ocean_menu_typo_spacing_tablet":0,"ocean_menu_typo_spacing_mobile":0,"ocean_menu_typo_spacing_unit":"","ocean_menu_link_color":"","ocean_menu_link_color_hover":"","ocean_menu_link_color_active":"","ocean_menu_link_background":"","ocean_menu_link_hover_background":"","ocean_menu_link_active_background":"","ocean_menu_social_links_bg":"","ocean_menu_social_hover_links_bg":"","ocean_menu_social_links_color":"","ocean_menu_social_hover_links_color":"","ocean_disable_title":"default","ocean_disable_heading":"default","ocean_post_title":"","ocean_post_subheading":"","ocean_post_title_style":"","ocean_post_title_background_color":"","ocean_post_title_background":0,"ocean_post_title_bg_image_position":"","ocean_post_title_bg_image_attachment":"","ocean_post_title_bg_image_repeat":"","ocean_post_title_bg_image_size":"","ocean_post_title_height":0,"ocean_post_title_bg_overlay":0.5,"ocean_post_title_bg_overlay_color":"","ocean_disable_breadcrumbs":"default","ocean_breadcrumbs_color":"","ocean_breadcrumbs_separator_color":"","ocean_breadcrumbs_links_color":"","ocean_breadcrumbs_links_hover_color":"","ocean_display_footer_widgets":"default","ocean_display_footer_bottom":"default","ocean_custom_footer_template":"","osh_disable_topbar_sticky":"default","osh_disable_header_sticky":"default","osh_sticky_header_style":"default","osh_sticky_header_effect":"","osh_custom_sticky_logo":0,"osh_custom_retina_sticky_logo":0,"osh_custom_sticky_logo_height":0,"osh_background_color":"","osh_links_color":"","osh_links_hover_color":"","osh_links_active_color":"","osh_links_bg_color":"","osh_links_hover_bg_color":"","osh_links_active_bg_color":"","osh_menu_social_links_color":"","osh_menu_social_hover_links_color":"","_FSMCFIC_featured_image_caption":"","_FSMCFIC_featured_image_nocaption":"","_FSMCFIC_featured_image_hide":"","_metis_text_type":"standard","_metis_text_length":3023,"_post_count":0,"_jetpack_memberships_contains_paid_content":false,"activitypub_content_warning":"","activitypub_content_visibility":"","activitypub_max_image_attachments":4,"activitypub_interaction_policy_quote":"anyone","activitypub_status":"","ocean_post_oembed":"","ocean_post_self_hosted_media":"","ocean_post_video_embed":"","ocean_link_format":"","ocean_link_format_target":"self","ocean_quote_format":"","ocean_quote_format_link":"post","ocean_gallery_link_images":"on","ocean_gallery_id":[],"footnotes":"","jetpack_publicize_message":"","jetpack_publicize_feature_enabled":true,"jetpack_social_post_already_shared":true,"jetpack_social_options":{"image_generator_settings":{"template":"highway","default_image_id":0,"font":"","enabled":false},"version":2}},"categories":[4189,4366,2647,2695],"tags":[4392,4391,1884,2671,3420],"class_list":["post-10955","post","type-post","status-publish","format-standard","has-post-thumbnail","hentry","category-die-kunst","category-die-zukunft","category-angriffauf","category-die-kultur","tag-paul-juon","tag-reinhart-von-gutzeit","tag-computer","tag-natur","tag-nmz-de","entry","has-media"],"yoast_head":"<!-- This site is optimized with the Yoast SEO plugin v27.5 - https:\/\/yoast.com\/product\/yoast-seo-wordpress\/ -->\n<title>Reinhard von Gutzeit \u2020 \/ Dialektische Tr\u00e4ume \/ Natur \u2014 Mensch \u2013 Computer \u2013 Musik - Kritische Masse<\/title>\n<meta name=\"robots\" content=\"index, follow, max-snippet:-1, max-image-preview:large, max-video-preview:-1\" \/>\n<link rel=\"canonical\" href=\"https:\/\/www.kritische-masse.de\/logbuch\/2025\/07\/reinhard-von-gutzeit-\u2020-dialektische-traeume-natur-mensch-computer-musik\/\" \/>\n<meta property=\"og:locale\" content=\"de_DE\" \/>\n<meta property=\"og:type\" content=\"article\" \/>\n<meta property=\"og:title\" content=\"Reinhard von Gutzeit \u2020 \/ Dialektische Tr\u00e4ume \/ Natur \u2014 Mensch \u2013 Computer \u2013 Musik - Kritische Masse\" \/>\n<meta property=\"og:description\" content=\"Reinhart von Gutzeit ist gestorben. Theo Gei\u00dflers Nachruf auf nmz.de +++ Die vier Elemente: Natur, Mensch und Computer, da schl\u00e4ft man dialektisch. +++ Und bei bisschen Musik von Paul Juon von 1906.\" \/>\n<meta property=\"og:url\" content=\"https:\/\/www.kritische-masse.de\/logbuch\/2025\/07\/reinhard-von-gutzeit-\u2020-dialektische-traeume-natur-mensch-computer-musik\/\" \/>\n<meta property=\"og:site_name\" content=\"Kritische Masse\" \/>\n<meta property=\"article:publisher\" content=\"https:\/\/www.facebook.com\/hufner\" \/>\n<meta property=\"article:author\" content=\"https:\/\/www.facebook.com\/hufner\" \/>\n<meta property=\"article:published_time\" content=\"2025-07-13T09:08:37+00:00\" \/>\n<meta property=\"article:modified_time\" content=\"2025-07-13T09:17:04+00:00\" \/>\n<meta property=\"og:image\" content=\"https:\/\/www.kritische-masse.de\/logbuch\/wp-content\/uploads\/2025\/07\/a115.jpg\" \/>\n\t<meta property=\"og:image:width\" content=\"960\" \/>\n\t<meta property=\"og:image:height\" content=\"960\" \/>\n\t<meta property=\"og:image:type\" content=\"image\/jpeg\" \/>\n<meta name=\"author\" content=\"der huflaikhan\" \/>\n<meta name=\"twitter:label1\" content=\"Verfasst von\" \/>\n\t<meta name=\"twitter:data1\" content=\"der huflaikhan\" \/>\n\t<meta name=\"twitter:label2\" content=\"Gesch\u00e4tzte Lesezeit\" \/>\n\t<meta name=\"twitter:data2\" content=\"2\u00a0Minuten\" \/>\n<script type=\"application\/ld+json\" class=\"yoast-schema-graph\">{\"@context\":\"https:\\\/\\\/schema.org\",\"@graph\":[{\"@type\":\"Article\",\"@id\":\"https:\\\/\\\/www.kritische-masse.de\\\/logbuch\\\/2025\\\/07\\\/reinhard-von-gutzeit-%e2%80%a0-dialektische-traeume-natur-mensch-computer-musik\\\/#article\",\"isPartOf\":{\"@id\":\"https:\\\/\\\/www.kritische-masse.de\\\/logbuch\\\/2025\\\/07\\\/reinhard-von-gutzeit-%e2%80%a0-dialektische-traeume-natur-mensch-computer-musik\\\/\"},\"author\":{\"name\":\"der huflaikhan\",\"@id\":\"https:\\\/\\\/www.kritische-masse.de\\\/logbuch\\\/#\\\/schema\\\/person\\\/14c491f46504e7f6b79db161f76def1c\"},\"headline\":\"Reinhard von Gutzeit \u2020 \\\/ Dialektische Tr\u00e4ume \\\/ Natur \u2014 Mensch \u2013 Computer \u2013 Musik\",\"datePublished\":\"2025-07-13T09:08:37+00:00\",\"dateModified\":\"2025-07-13T09:17:04+00:00\",\"mainEntityOfPage\":{\"@id\":\"https:\\\/\\\/www.kritische-masse.de\\\/logbuch\\\/2025\\\/07\\\/reinhard-von-gutzeit-%e2%80%a0-dialektische-traeume-natur-mensch-computer-musik\\\/\"},\"wordCount\":460,\"commentCount\":0,\"publisher\":{\"@id\":\"https:\\\/\\\/www.kritische-masse.de\\\/logbuch\\\/#\\\/schema\\\/person\\\/14c491f46504e7f6b79db161f76def1c\"},\"image\":{\"@id\":\"https:\\\/\\\/www.kritische-masse.de\\\/logbuch\\\/2025\\\/07\\\/reinhard-von-gutzeit-%e2%80%a0-dialektische-traeume-natur-mensch-computer-musik\\\/#primaryimage\"},\"thumbnailUrl\":\"https:\\\/\\\/i0.wp.com\\\/www.kritische-masse.de\\\/logbuch\\\/wp-content\\\/uploads\\\/2025\\\/07\\\/a115.jpg?fit=960%2C960&ssl=1\",\"keywords\":[\"Paul Juon\",\"Reinhart von Gutzeit\",\"Computer\",\"Natur\",\"nmz.de\"],\"articleSection\":[\"die Kunst\",\"die Zukunft\",\"Angriff auf \u2026\",\"die Kultur\"],\"inLanguage\":\"de\",\"potentialAction\":[{\"@type\":\"CommentAction\",\"name\":\"Comment\",\"target\":[\"https:\\\/\\\/www.kritische-masse.de\\\/logbuch\\\/2025\\\/07\\\/reinhard-von-gutzeit-%e2%80%a0-dialektische-traeume-natur-mensch-computer-musik\\\/#respond\"]}]},{\"@type\":\"WebPage\",\"@id\":\"https:\\\/\\\/www.kritische-masse.de\\\/logbuch\\\/2025\\\/07\\\/reinhard-von-gutzeit-%e2%80%a0-dialektische-traeume-natur-mensch-computer-musik\\\/\",\"url\":\"https:\\\/\\\/www.kritische-masse.de\\\/logbuch\\\/2025\\\/07\\\/reinhard-von-gutzeit-%e2%80%a0-dialektische-traeume-natur-mensch-computer-musik\\\/\",\"name\":\"Reinhard von Gutzeit \u2020 \\\/ Dialektische Tr\u00e4ume \\\/ Natur \u2014 Mensch \u2013 Computer \u2013 Musik - Kritische Masse\",\"isPartOf\":{\"@id\":\"https:\\\/\\\/www.kritische-masse.de\\\/logbuch\\\/#website\"},\"primaryImageOfPage\":{\"@id\":\"https:\\\/\\\/www.kritische-masse.de\\\/logbuch\\\/2025\\\/07\\\/reinhard-von-gutzeit-%e2%80%a0-dialektische-traeume-natur-mensch-computer-musik\\\/#primaryimage\"},\"image\":{\"@id\":\"https:\\\/\\\/www.kritische-masse.de\\\/logbuch\\\/2025\\\/07\\\/reinhard-von-gutzeit-%e2%80%a0-dialektische-traeume-natur-mensch-computer-musik\\\/#primaryimage\"},\"thumbnailUrl\":\"https:\\\/\\\/i0.wp.com\\\/www.kritische-masse.de\\\/logbuch\\\/wp-content\\\/uploads\\\/2025\\\/07\\\/a115.jpg?fit=960%2C960&ssl=1\",\"datePublished\":\"2025-07-13T09:08:37+00:00\",\"dateModified\":\"2025-07-13T09:17:04+00:00\",\"breadcrumb\":{\"@id\":\"https:\\\/\\\/www.kritische-masse.de\\\/logbuch\\\/2025\\\/07\\\/reinhard-von-gutzeit-%e2%80%a0-dialektische-traeume-natur-mensch-computer-musik\\\/#breadcrumb\"},\"inLanguage\":\"de\",\"potentialAction\":[{\"@type\":\"ReadAction\",\"target\":[\"https:\\\/\\\/www.kritische-masse.de\\\/logbuch\\\/2025\\\/07\\\/reinhard-von-gutzeit-%e2%80%a0-dialektische-traeume-natur-mensch-computer-musik\\\/\"]}]},{\"@type\":\"ImageObject\",\"inLanguage\":\"de\",\"@id\":\"https:\\\/\\\/www.kritische-masse.de\\\/logbuch\\\/2025\\\/07\\\/reinhard-von-gutzeit-%e2%80%a0-dialektische-traeume-natur-mensch-computer-musik\\\/#primaryimage\",\"url\":\"https:\\\/\\\/i0.wp.com\\\/www.kritische-masse.de\\\/logbuch\\\/wp-content\\\/uploads\\\/2025\\\/07\\\/a115.jpg?fit=960%2C960&ssl=1\",\"contentUrl\":\"https:\\\/\\\/i0.wp.com\\\/www.kritische-masse.de\\\/logbuch\\\/wp-content\\\/uploads\\\/2025\\\/07\\\/a115.jpg?fit=960%2C960&ssl=1\",\"width\":960,\"height\":960,\"caption\":\"a115\"},{\"@type\":\"BreadcrumbList\",\"@id\":\"https:\\\/\\\/www.kritische-masse.de\\\/logbuch\\\/2025\\\/07\\\/reinhard-von-gutzeit-%e2%80%a0-dialektische-traeume-natur-mensch-computer-musik\\\/#breadcrumb\",\"itemListElement\":[{\"@type\":\"ListItem\",\"position\":1,\"name\":\"Startseite\",\"item\":\"https:\\\/\\\/www.kritische-masse.de\\\/logbuch\\\/\"},{\"@type\":\"ListItem\",\"position\":2,\"name\":\"Reinhard von Gutzeit \u2020 \\\/ Dialektische Tr\u00e4ume \\\/ Natur \u2014 Mensch \u2013 Computer \u2013 Musik\"}]},{\"@type\":\"WebSite\",\"@id\":\"https:\\\/\\\/www.kritische-masse.de\\\/logbuch\\\/#website\",\"url\":\"https:\\\/\\\/www.kritische-masse.de\\\/logbuch\\\/\",\"name\":\"kritische masse\",\"description\":\"amt f\u00fcr vermassungsschutz\",\"publisher\":{\"@id\":\"https:\\\/\\\/www.kritische-masse.de\\\/logbuch\\\/#\\\/schema\\\/person\\\/14c491f46504e7f6b79db161f76def1c\"},\"alternateName\":\"das logbuch der kritischen masse\",\"potentialAction\":[{\"@type\":\"SearchAction\",\"target\":{\"@type\":\"EntryPoint\",\"urlTemplate\":\"https:\\\/\\\/www.kritische-masse.de\\\/logbuch\\\/?s={search_term_string}\"},\"query-input\":{\"@type\":\"PropertyValueSpecification\",\"valueRequired\":true,\"valueName\":\"search_term_string\"}}],\"inLanguage\":\"de\"},{\"@type\":[\"Person\",\"Organization\"],\"@id\":\"https:\\\/\\\/www.kritische-masse.de\\\/logbuch\\\/#\\\/schema\\\/person\\\/14c491f46504e7f6b79db161f76def1c\",\"name\":\"der huflaikhan\",\"image\":{\"@type\":\"ImageObject\",\"inLanguage\":\"de\",\"@id\":\"https:\\\/\\\/www.kritische-masse.de\\\/logbuch\\\/wp-content\\\/uploads\\\/2024\\\/01\\\/cropped-kritischmasse_man_512.jpg\",\"url\":\"https:\\\/\\\/www.kritische-masse.de\\\/logbuch\\\/wp-content\\\/uploads\\\/2024\\\/01\\\/cropped-kritischmasse_man_512.jpg\",\"contentUrl\":\"https:\\\/\\\/www.kritische-masse.de\\\/logbuch\\\/wp-content\\\/uploads\\\/2024\\\/01\\\/cropped-kritischmasse_man_512.jpg\",\"width\":512,\"height\":512,\"caption\":\"der huflaikhan\"},\"logo\":{\"@id\":\"https:\\\/\\\/www.kritische-masse.de\\\/logbuch\\\/wp-content\\\/uploads\\\/2024\\\/01\\\/cropped-kritischmasse_man_512.jpg\"},\"description\":\"Betreiber der Kritischen Masse seit 1995. Seit 2023 Wiederaufnahme. Promotion mit einer Arbeit \u00fcber Adornos kompositorische und theoretische Auseinandersetzung mit der Zw\u00f6lftontechnik. Arbeit f\u00fcr den Bayerischen und den Mitteldeutschen Rundfunk als freier Autor und Regisseur \u2013 zumindest bis Ende 2015. Online-Redaktion f\u00fcr neue musikzeitung, Jazzzeitung und Oper &amp; Tanz. Ungl\u00fccklich, aber fast taub.\",\"sameAs\":[\"https:\\\/\\\/www.kritische-masse.de\\\/logbuch\\\/\",\"https:\\\/\\\/www.facebook.com\\\/hufner\"],\"url\":\"https:\\\/\\\/www.kritische-masse.de\\\/logbuch\\\/author\\\/martin_d1juqiu5\\\/\"}]}<\/script>\n<!-- \/ Yoast SEO plugin. -->","yoast_head_json":{"title":"Reinhard von Gutzeit \u2020 \/ Dialektische Tr\u00e4ume \/ Natur \u2014 Mensch \u2013 Computer \u2013 Musik - Kritische Masse","robots":{"index":"index","follow":"follow","max-snippet":"max-snippet:-1","max-image-preview":"max-image-preview:large","max-video-preview":"max-video-preview:-1"},"canonical":"https:\/\/www.kritische-masse.de\/logbuch\/2025\/07\/reinhard-von-gutzeit-\u2020-dialektische-traeume-natur-mensch-computer-musik\/","og_locale":"de_DE","og_type":"article","og_title":"Reinhard von Gutzeit \u2020 \/ Dialektische Tr\u00e4ume \/ Natur \u2014 Mensch \u2013 Computer \u2013 Musik - Kritische Masse","og_description":"Reinhart von Gutzeit ist gestorben. Theo Gei\u00dflers Nachruf auf nmz.de +++ Die vier Elemente: Natur, Mensch und Computer, da schl\u00e4ft man dialektisch. +++ Und bei bisschen Musik von Paul Juon von 1906.","og_url":"https:\/\/www.kritische-masse.de\/logbuch\/2025\/07\/reinhard-von-gutzeit-\u2020-dialektische-traeume-natur-mensch-computer-musik\/","og_site_name":"Kritische Masse","article_publisher":"https:\/\/www.facebook.com\/hufner","article_author":"https:\/\/www.facebook.com\/hufner","article_published_time":"2025-07-13T09:08:37+00:00","article_modified_time":"2025-07-13T09:17:04+00:00","og_image":[{"width":960,"height":960,"url":"https:\/\/www.kritische-masse.de\/logbuch\/wp-content\/uploads\/2025\/07\/a115.jpg","type":"image\/jpeg"}],"author":"der huflaikhan","twitter_misc":{"Verfasst von":"der huflaikhan","Gesch\u00e4tzte Lesezeit":"2\u00a0Minuten"},"schema":{"@context":"https:\/\/schema.org","@graph":[{"@type":"Article","@id":"https:\/\/www.kritische-masse.de\/logbuch\/2025\/07\/reinhard-von-gutzeit-%e2%80%a0-dialektische-traeume-natur-mensch-computer-musik\/#article","isPartOf":{"@id":"https:\/\/www.kritische-masse.de\/logbuch\/2025\/07\/reinhard-von-gutzeit-%e2%80%a0-dialektische-traeume-natur-mensch-computer-musik\/"},"author":{"name":"der huflaikhan","@id":"https:\/\/www.kritische-masse.de\/logbuch\/#\/schema\/person\/14c491f46504e7f6b79db161f76def1c"},"headline":"Reinhard von Gutzeit \u2020 \/ Dialektische Tr\u00e4ume \/ Natur \u2014 Mensch \u2013 Computer \u2013 Musik","datePublished":"2025-07-13T09:08:37+00:00","dateModified":"2025-07-13T09:17:04+00:00","mainEntityOfPage":{"@id":"https:\/\/www.kritische-masse.de\/logbuch\/2025\/07\/reinhard-von-gutzeit-%e2%80%a0-dialektische-traeume-natur-mensch-computer-musik\/"},"wordCount":460,"commentCount":0,"publisher":{"@id":"https:\/\/www.kritische-masse.de\/logbuch\/#\/schema\/person\/14c491f46504e7f6b79db161f76def1c"},"image":{"@id":"https:\/\/www.kritische-masse.de\/logbuch\/2025\/07\/reinhard-von-gutzeit-%e2%80%a0-dialektische-traeume-natur-mensch-computer-musik\/#primaryimage"},"thumbnailUrl":"https:\/\/i0.wp.com\/www.kritische-masse.de\/logbuch\/wp-content\/uploads\/2025\/07\/a115.jpg?fit=960%2C960&ssl=1","keywords":["Paul Juon","Reinhart von Gutzeit","Computer","Natur","nmz.de"],"articleSection":["die Kunst","die Zukunft","Angriff auf \u2026","die Kultur"],"inLanguage":"de","potentialAction":[{"@type":"CommentAction","name":"Comment","target":["https:\/\/www.kritische-masse.de\/logbuch\/2025\/07\/reinhard-von-gutzeit-%e2%80%a0-dialektische-traeume-natur-mensch-computer-musik\/#respond"]}]},{"@type":"WebPage","@id":"https:\/\/www.kritische-masse.de\/logbuch\/2025\/07\/reinhard-von-gutzeit-%e2%80%a0-dialektische-traeume-natur-mensch-computer-musik\/","url":"https:\/\/www.kritische-masse.de\/logbuch\/2025\/07\/reinhard-von-gutzeit-%e2%80%a0-dialektische-traeume-natur-mensch-computer-musik\/","name":"Reinhard von Gutzeit \u2020 \/ Dialektische Tr\u00e4ume \/ Natur \u2014 Mensch \u2013 Computer \u2013 Musik - Kritische Masse","isPartOf":{"@id":"https:\/\/www.kritische-masse.de\/logbuch\/#website"},"primaryImageOfPage":{"@id":"https:\/\/www.kritische-masse.de\/logbuch\/2025\/07\/reinhard-von-gutzeit-%e2%80%a0-dialektische-traeume-natur-mensch-computer-musik\/#primaryimage"},"image":{"@id":"https:\/\/www.kritische-masse.de\/logbuch\/2025\/07\/reinhard-von-gutzeit-%e2%80%a0-dialektische-traeume-natur-mensch-computer-musik\/#primaryimage"},"thumbnailUrl":"https:\/\/i0.wp.com\/www.kritische-masse.de\/logbuch\/wp-content\/uploads\/2025\/07\/a115.jpg?fit=960%2C960&ssl=1","datePublished":"2025-07-13T09:08:37+00:00","dateModified":"2025-07-13T09:17:04+00:00","breadcrumb":{"@id":"https:\/\/www.kritische-masse.de\/logbuch\/2025\/07\/reinhard-von-gutzeit-%e2%80%a0-dialektische-traeume-natur-mensch-computer-musik\/#breadcrumb"},"inLanguage":"de","potentialAction":[{"@type":"ReadAction","target":["https:\/\/www.kritische-masse.de\/logbuch\/2025\/07\/reinhard-von-gutzeit-%e2%80%a0-dialektische-traeume-natur-mensch-computer-musik\/"]}]},{"@type":"ImageObject","inLanguage":"de","@id":"https:\/\/www.kritische-masse.de\/logbuch\/2025\/07\/reinhard-von-gutzeit-%e2%80%a0-dialektische-traeume-natur-mensch-computer-musik\/#primaryimage","url":"https:\/\/i0.wp.com\/www.kritische-masse.de\/logbuch\/wp-content\/uploads\/2025\/07\/a115.jpg?fit=960%2C960&ssl=1","contentUrl":"https:\/\/i0.wp.com\/www.kritische-masse.de\/logbuch\/wp-content\/uploads\/2025\/07\/a115.jpg?fit=960%2C960&ssl=1","width":960,"height":960,"caption":"a115"},{"@type":"BreadcrumbList","@id":"https:\/\/www.kritische-masse.de\/logbuch\/2025\/07\/reinhard-von-gutzeit-%e2%80%a0-dialektische-traeume-natur-mensch-computer-musik\/#breadcrumb","itemListElement":[{"@type":"ListItem","position":1,"name":"Startseite","item":"https:\/\/www.kritische-masse.de\/logbuch\/"},{"@type":"ListItem","position":2,"name":"Reinhard von Gutzeit \u2020 \/ Dialektische Tr\u00e4ume \/ Natur \u2014 Mensch \u2013 Computer \u2013 Musik"}]},{"@type":"WebSite","@id":"https:\/\/www.kritische-masse.de\/logbuch\/#website","url":"https:\/\/www.kritische-masse.de\/logbuch\/","name":"kritische masse","description":"amt f\u00fcr vermassungsschutz","publisher":{"@id":"https:\/\/www.kritische-masse.de\/logbuch\/#\/schema\/person\/14c491f46504e7f6b79db161f76def1c"},"alternateName":"das logbuch der kritischen masse","potentialAction":[{"@type":"SearchAction","target":{"@type":"EntryPoint","urlTemplate":"https:\/\/www.kritische-masse.de\/logbuch\/?s={search_term_string}"},"query-input":{"@type":"PropertyValueSpecification","valueRequired":true,"valueName":"search_term_string"}}],"inLanguage":"de"},{"@type":["Person","Organization"],"@id":"https:\/\/www.kritische-masse.de\/logbuch\/#\/schema\/person\/14c491f46504e7f6b79db161f76def1c","name":"der huflaikhan","image":{"@type":"ImageObject","inLanguage":"de","@id":"https:\/\/www.kritische-masse.de\/logbuch\/wp-content\/uploads\/2024\/01\/cropped-kritischmasse_man_512.jpg","url":"https:\/\/www.kritische-masse.de\/logbuch\/wp-content\/uploads\/2024\/01\/cropped-kritischmasse_man_512.jpg","contentUrl":"https:\/\/www.kritische-masse.de\/logbuch\/wp-content\/uploads\/2024\/01\/cropped-kritischmasse_man_512.jpg","width":512,"height":512,"caption":"der huflaikhan"},"logo":{"@id":"https:\/\/www.kritische-masse.de\/logbuch\/wp-content\/uploads\/2024\/01\/cropped-kritischmasse_man_512.jpg"},"description":"Betreiber der Kritischen Masse seit 1995. Seit 2023 Wiederaufnahme. Promotion mit einer Arbeit \u00fcber Adornos kompositorische und theoretische Auseinandersetzung mit der Zw\u00f6lftontechnik. Arbeit f\u00fcr den Bayerischen und den Mitteldeutschen Rundfunk als freier Autor und Regisseur \u2013 zumindest bis Ende 2015. Online-Redaktion f\u00fcr neue musikzeitung, Jazzzeitung und Oper &amp; Tanz. Ungl\u00fccklich, aber fast taub.","sameAs":["https:\/\/www.kritische-masse.de\/logbuch\/","https:\/\/www.facebook.com\/hufner"],"url":"https:\/\/www.kritische-masse.de\/logbuch\/author\/martin_d1juqiu5\/"}]}},"jetpack_publicize_connections":[],"jetpack_featured_media_url":"https:\/\/i0.wp.com\/www.kritische-masse.de\/logbuch\/wp-content\/uploads\/2025\/07\/a115.jpg?fit=960%2C960&ssl=1","categories_names":["die Kunst","die Zukunft","Angriff auf \u2026","die Kultur"],"post_class":[["post-10955","post","type-post","status-publish","format-standard","has-post-thumbnail","hentry","category-die-kunst","category-die-zukunft","category-angriffauf","category-die-kultur","tag-paul-juon","tag-reinhart-von-gutzeit","tag-computer","tag-natur","tag-nmz-de","entry","has-media"]],"author_avatar":["<img alt='' src='https:\/\/secure.gravatar.com\/avatar\/c23aee426d58e69f14ef471114d4cac215eec702ee1bc331e2a62ea77e96ed60?s=96&#038;d=blank&#038;r=g' srcset='https:\/\/secure.gravatar.com\/avatar\/c23aee426d58e69f14ef471114d4cac215eec702ee1bc331e2a62ea77e96ed60?s=192&#038;d=blank&#038;r=g 2x' class='avatar avatar-96 photo' height='96' width='96' loading='lazy' decoding='async'\/>"],"featured_video":null,"jetpack-related-posts":[{"id":8478,"url":"https:\/\/www.kritische-masse.de\/logbuch\/2014\/09\/massive-revolution-in-schland-digital-jezze-voll-gefordert\/","url_meta":{"origin":10955,"position":0},"title":"Massive Revolution in Schland, digital jezze voll gefordert","author":"der huflaikhan","date":"9. September 2014","format":false,"excerpt":"Die Tickerzeile hatte es in sich: Bund will mit Milliardenf\u00f6rderung digitale Revolution vorantreiben Oh, Freude, da kommt ja ein Geldsegen auf die digitale Ausgabe der nmz zu. Denn f\u00fcr Revolution sind wir eigentlich schon, und f\u00fcr eine digitale ebenso, auch wenn wir nicht genau wissen, was die sein soll. So\u2026","rel":"","context":"In &quot;die Politik&quot;","block_context":{"text":"die Politik","link":"https:\/\/www.kritische-masse.de\/logbuch\/category\/angriffauf\/die-politik\/"},"img":{"alt_text":"","src":"","width":0,"height":0},"classes":[]},{"id":8824,"url":"https:\/\/www.kritische-masse.de\/logbuch\/2020\/07\/die-muedigkeit-und-das-einschlafen-und-die-forschung-und-das-desinteresse\/","url_meta":{"origin":10955,"position":1},"title":"Die M\u00fcdigkeit und das Einschlafen und die Forschung und das Desinteresse","author":"der huflaikhan","date":"23. Juli 2020","format":false,"excerpt":"Die Meldung ist schon etwas \u00e4lter. Streaming-Dienste sitzen ja an der Quelle der Musiknutzung, mindestens bestimmter Gruppen von Menschen. Mit ein bisschen mehr Engagement k\u00f6nnten die auch ein bisschen Stimmungen abfangen. Vor einem Monat nun ging es darum, darzustellen, welche Musik zum Eischlaffen geh\u00f6rt werde. Zur Methodik gibt es nur\u2026","rel":"","context":"In &quot;die Musik&quot;","block_context":{"text":"die Musik","link":"https:\/\/www.kritische-masse.de\/logbuch\/category\/angriffauf\/diemusik\/"},"img":{"alt_text":"Mein linker, linker Platz ist frei, da w\u00fcnsch ich mir den ... herbei. Foto: Hufner","src":"https:\/\/i0.wp.com\/www.kritische-masse.de\/logbuch\/wp-content\/uploads\/2016\/01\/facebook2018.jpg?resize=350%2C200&ssl=1","width":350,"height":200,"srcset":"https:\/\/i0.wp.com\/www.kritische-masse.de\/logbuch\/wp-content\/uploads\/2016\/01\/facebook2018.jpg?resize=350%2C200&ssl=1 1x, https:\/\/i0.wp.com\/www.kritische-masse.de\/logbuch\/wp-content\/uploads\/2016\/01\/facebook2018.jpg?resize=525%2C300&ssl=1 1.5x, https:\/\/i0.wp.com\/www.kritische-masse.de\/logbuch\/wp-content\/uploads\/2016\/01\/facebook2018.jpg?resize=700%2C400&ssl=1 2x, https:\/\/i0.wp.com\/www.kritische-masse.de\/logbuch\/wp-content\/uploads\/2016\/01\/facebook2018.jpg?resize=1050%2C600&ssl=1 3x, https:\/\/i0.wp.com\/www.kritische-masse.de\/logbuch\/wp-content\/uploads\/2016\/01\/facebook2018.jpg?resize=1400%2C800&ssl=1 4x"},"classes":[]},{"id":468,"url":"https:\/\/www.kritische-masse.de\/logbuch\/2004\/06\/was-unterdessen-nachtland-passiert\/","url_meta":{"origin":10955,"position":2},"title":"Was unterdessen in Nachtland passiert.","author":"huflaikhan","date":"5. Juni 2004","format":false,"excerpt":"Was unterdessen in Nachtland passiert. Es war dies ein tr\u00fcber, k\u00fchler und stickiger Tag gewesen. Kaum, da\u00df die Sonne einen Lichtstrahl auf die Erde schickte. In dieser Jahreszeit wird es fr\u00fch dunkel. Auf die Stra\u00dfe ging nur, wer es mu\u00dfte, vielleicht um den Hund Gassi zu f\u00fchren oder weil der\u2026","rel":"","context":"\u00c4hnlicher Beitrag","block_context":{"text":"\u00c4hnlicher Beitrag","link":""},"img":{"alt_text":"","src":"","width":0,"height":0},"classes":[]},{"id":1868,"url":"https:\/\/www.kritische-masse.de\/logbuch\/2006\/08\/buecherweitwurf\/","url_meta":{"origin":10955,"position":3},"title":"B\u00fccherweitwurf","author":"huflaikhan","date":"31. August 2006","format":false,"excerpt":"Frau Klugscheisser fragte vor langer Zeit an, welche B\u00fccher denn bei mir im Regal verstaubten. Lange war ich entfernt von meinem Regal, so dass ich das aus der Ferne gar nicht beantworten konnte. Eigentlich sind sie alle angestaubt, ausgenommen Simmel, Bloch, Adorno, Nietzsche, Wittgenstein, Kracauer, Amery, Anders und Lyrik. Aber\u2026","rel":"","context":"In &quot;Ich&quot;","block_context":{"text":"Ich","link":"https:\/\/www.kritische-masse.de\/logbuch\/category\/privates\/ich\/"},"img":{"alt_text":"","src":"","width":0,"height":0},"classes":[]},{"id":8225,"url":"https:\/\/www.kritische-masse.de\/logbuch\/1990\/06\/was-unterdessen-in-nachtland-passiert\/","url_meta":{"origin":10955,"position":4},"title":"Was unterdessen in Nachtland passiert.","author":"der huflaikhan","date":"1. Juni 1990","format":false,"excerpt":"Was unterdessen in Nachtland passiert. Es war dies ein tr\u00fcber, k\u00fchler und stickiger Tag gewesen. Kaum, da\u00df die Sonne einen Lichtstrahl auf die Erde schickte. In dieser Jahreszeit wird es fr\u00fch dunkel. Auf die Stra\u00dfe ging nur, wer es mu\u00dfte, vielleicht um den Hund Gassi zu f\u00fchren oder weil der\u2026","rel":"","context":"In &quot;die Urteilskraft&quot;","block_context":{"text":"die Urteilskraft","link":"https:\/\/www.kritische-masse.de\/logbuch\/category\/angriffauf\/dieurteilskraft\/"},"img":{"alt_text":"Ikea Farbe","src":"https:\/\/i0.wp.com\/www.kritische-masse.de\/logbuch\/wp-content\/uploads\/2005\/01\/20050126-infra-ikea.jpg?fit=500%2C375&ssl=1&resize=350%2C200","width":350,"height":200},"classes":[]},{"id":2847,"url":"https:\/\/www.kritische-masse.de\/logbuch\/2015\/05\/der-mann-im-bus-odo-marquard\/","url_meta":{"origin":10955,"position":5},"title":"Der Mann im Bus \u2013 Odo Marquard","author":"huflaikhan","date":"19. Mai 2015","format":false,"excerpt":"Als ich in Gie\u00dfen zu studieren anfing, war mir sein Name kein Begriff, dabei hatte mein Vater schon die Reclamheftchen gelesen, die er finden konnte: Odo Marquard, der vor wenigen Tagen im Alter von 87 Jahren verstarb. Philosophie war aus einem k\u00fchnen Grunde mein erstes Nebenfach. Und Odo Marquard hielt\u2026","rel":"","context":"In &quot;Angriff auf \u2026&quot;","block_context":{"text":"Angriff auf \u2026","link":"https:\/\/www.kritische-masse.de\/logbuch\/category\/angriffauf\/"},"img":{"alt_text":"Verschwommene Zukunft. Foto: Hufner","src":"https:\/\/i0.wp.com\/www.kritische-masse.de\/logbuch\/wp-content\/uploads\/2015\/05\/zusatz-2593.jpg?fit=1200%2C795&ssl=1&resize=350%2C200","width":350,"height":200,"srcset":"https:\/\/i0.wp.com\/www.kritische-masse.de\/logbuch\/wp-content\/uploads\/2015\/05\/zusatz-2593.jpg?fit=1200%2C795&ssl=1&resize=350%2C200 1x, https:\/\/i0.wp.com\/www.kritische-masse.de\/logbuch\/wp-content\/uploads\/2015\/05\/zusatz-2593.jpg?fit=1200%2C795&ssl=1&resize=525%2C300 1.5x, https:\/\/i0.wp.com\/www.kritische-masse.de\/logbuch\/wp-content\/uploads\/2015\/05\/zusatz-2593.jpg?fit=1200%2C795&ssl=1&resize=700%2C400 2x, https:\/\/i0.wp.com\/www.kritische-masse.de\/logbuch\/wp-content\/uploads\/2015\/05\/zusatz-2593.jpg?fit=1200%2C795&ssl=1&resize=1050%2C600 3x"},"classes":[]}],"jetpack_sharing_enabled":true,"public_identification_id":"5ec130f612944c958cec5622a7bd6496","private_identification_id":"9c8c7265cb824f4a8cbfd3eefb5d9398","_links":{"self":[{"href":"https:\/\/www.kritische-masse.de\/logbuch\/wp-json\/wp\/v2\/posts\/10955","targetHints":{"allow":["GET"]}}],"collection":[{"href":"https:\/\/www.kritische-masse.de\/logbuch\/wp-json\/wp\/v2\/posts"}],"about":[{"href":"https:\/\/www.kritische-masse.de\/logbuch\/wp-json\/wp\/v2\/types\/post"}],"author":[{"embeddable":true,"href":"https:\/\/www.kritische-masse.de\/logbuch\/wp-json\/wp\/v2\/users\/1"}],"replies":[{"embeddable":true,"href":"https:\/\/www.kritische-masse.de\/logbuch\/wp-json\/wp\/v2\/comments?post=10955"}],"version-history":[{"count":0,"href":"https:\/\/www.kritische-masse.de\/logbuch\/wp-json\/wp\/v2\/posts\/10955\/revisions"}],"wp:featuredmedia":[{"embeddable":true,"href":"https:\/\/www.kritische-masse.de\/logbuch\/wp-json\/wp\/v2\/media\/10957"}],"wp:attachment":[{"href":"https:\/\/www.kritische-masse.de\/logbuch\/wp-json\/wp\/v2\/media?parent=10955"}],"wp:term":[{"taxonomy":"category","embeddable":true,"href":"https:\/\/www.kritische-masse.de\/logbuch\/wp-json\/wp\/v2\/categories?post=10955"},{"taxonomy":"post_tag","embeddable":true,"href":"https:\/\/www.kritische-masse.de\/logbuch\/wp-json\/wp\/v2\/tags?post=10955"}],"curies":[{"name":"wp","href":"https:\/\/api.w.org\/{rel}","templated":true}]}}