{"id":27208,"date":"2026-09-05T11:41:06","date_gmt":"2026-09-05T09:41:06","guid":{"rendered":"https:\/\/www.kritische-masse.de\/logbuch\/?p=27208"},"modified":"2026-09-05T11:41:07","modified_gmt":"2026-09-05T09:41:07","slug":"buendnisse-statt-politik-das-geht-schief","status":"publish","type":"post","link":"https:\/\/www.kritische-masse.de\/logbuch\/buendnisse-statt-politik-das-geht-schief\/","title":{"rendered":"B\u00fcndnisse statt Politik \u2013 das geht schief"},"content":{"rendered":"\n<p class=\"wp-block-paragraph\">Es wird einfach zu wenig Politik auf der Ebene des Bundes gemacht. Wir haben aktuell das B\u00fcndnis Sahra Wagenknecht (BSW), das B\u00fcndnis Wolfgang Kubicki (BWK), das B\u00fcndnis Heidi Reichinnek (BHR), das B\u00fcndnis Weidel Chrupalla (BWC), das B\u00fcndnis Bas Klingbeil (BBK), das B\u00fcndnis Friedrich Merz (BFM), das B\u00fcndnis Markus S\u00f6der (BMS) und dann eben noch die einzige Partei in der Landschaft: die GR\u00dcNEN\/B\u00fcndnis 90.<\/p>\n\n\n\n<p class=\"wp-block-paragraph\">Man versammelt sich eher hinter Personen, statt hinter Positionen. Die Medien spiegeln und bef\u00f6rdern das. Dabei stimmt das mit den Personen ja auch nicht so ganz, solange es unterstellt, dass diese f\u00fcr sich spr\u00e4chen\u00a0\u2013 das tun sie nicht. Sie tun es aber nicht, weil sie sich an politischen Programmen orientieren, sondern weil sie als Sprachrohre machtvoller Ideologien agieren. <\/p>\n\n\n\n<p class=\"wp-block-paragraph\">Das alles w\u00e4re nur halb so schlimm, wenn sie auf eine W\u00e4hler:innenschaft tr\u00e4fen, die das unter einem Lachanfall beiseitewischen w\u00fcrde. In der Rezension von Robert Misiks Essay \u201eErziehung zur Grausamkeit\u201c schreibt Peter Kern auf <a href=\"https:\/\/textor.online\/de\/texte-detailseite\/aufgestachelt-zum-online-mob-peter-kern-ueber-robert-misik-buch-erziehung-zur-grausamkeit\/\" target=\"_blank\" rel=\"noopener\">Textor Online<\/a> mit Blick vor allem in Richtung B\u00fcndnis Weidel Chrupalla:<\/p>\n\n\n\n<blockquote class=\"wp-block-quote is-layout-flow wp-block-quote-is-layout-flow\">\n<p class=\"wp-block-paragraph\">Es ist der Verdienst des Textes, dass er verdeutlicht, warum rationale Argumentation kein Mittel abgibt, um den von Hassreden Vergifteten beizukommen. Die Demagogen betreiben, was man einmal umgekehrte Psychoanalyse nannte. Sie verst\u00e4rken die destruktiven Triebkr\u00e4fte, statt sie durch Bewusstmachen zu beschwichtigen. Herr Chrupalla im Sommerinterview: Seine Wahrnehmung eines durchschnittlichen mitteleurop\u00e4ischen Sommers h\u00e4lt keiner Realit\u00e4tspr\u00fcfung stand, was aber seine W\u00e4hler nicht abschrecken d\u00fcrfte. Das Herumtrappeln auf der Wahrheit, \u201e<em>sie auf den Kopf zu stellen, die Regeln der Logik zu mi\u00dfachten, sie zu zerst\u00f6ren, dem\u00fctigen, zerst\u00fcckeln, &#8211; gerade das zieht an\u201c<\/em>, schrieb einmal Max Horkheimer. Was der Logik angetan werde, bl\u00fche bald den ausgegrenzten Menschen; das sei das heimliche Versprechen. Mit dem Stichwort Remigration klingt es an.\u00a0<\/p>\n\n\n\n<p class=\"wp-block-paragraph\">(\u2026) Die Gesch\u00e4ftemacher in Sachen Hass sprechen das Unbewusste der Verf\u00fchrbaren an. Da gen\u00fcgt es nicht, mit der \u00dcberzeugungskraft des vern\u00fcnftigen Arguments gegenzuhalten. Alice Weidels Forderung nach einem Zur\u00fcck zur guten alten Mark ist nach Ma\u00dfgabe volkswirtschaftlicher Vernunft purer Unsinn, ebenso das Zur\u00fcck zum deutschen Diesel. Aber auf Zustimmung trifft nicht das Argument, sondern der Gestus des rebellischen Nonkonformismus, mit dem das Pseudoargument vorgetragen wird.<\/p>\n<\/blockquote>\n\n\n\n<p class=\"wp-block-paragraph\">Nur, wie kommt man da an die noch ran, die diesem Unsinn und Hass nachlaufen? Wahrscheinlich eben auch nur mit Personen, die aber vern\u00fcnftige Politik vertreten. Die Talente in der Richtung sind rar ges\u00e4t. Die andere Hoffnung, dass man aus Erfahrung lerne, funktioniert leider nicht gut, denn dazu bed\u00fcrfte es der F\u00e4higkeit, \u00fcberhaupt Erfahrungen machen zu k\u00f6nnen, was derartig psychologisch zugerichteten Menschen kaum m\u00f6glich ist. <\/p>\n\n\n\n<pre class=\"wp-block-verse\">Durch Schaden wird man klug, <br>Sagen die klugen Leute. <br>Schaden litt ich genug, <br>Doch bin ich ein Tor noch heute.<br><br>R\u00fcckert, Gedichte. Pantheon, Erstdruck 1843. F\u00fcnftes Bruchst\u00fcck. Zahme Xenien. Vierzeilen<\/pre>\n\n\n\n<p class=\"wp-block-paragraph\">Was also bleibt einem da noch zu hoffen. Dass es einen Weg aus der Situation herausegben m\u00fcsse, weil es ja auch einen hineingegeben hat? Ich bin da skeptisch.<\/p>\n<div class=\"shariff\"><ul class=\"shariff-buttons theme-white orientation-horizontal buttonsize-small\"><li class=\"shariff-button mastodon shariff-nocustomcolor\" style=\"background-color:#563ACC\"><a href=\"https:\/\/s2f.kytta.dev\/?text=B%C3%BCndnisse%20statt%20Politik%20%E2%80%93%20das%20geht%20schief https%3A%2F%2Fwww.kritische-masse.de%2Flogbuch%2Fbuendnisse-statt-politik-das-geht-schief%2F\" title=\"Bei Mastodon teilen\" aria-label=\"Bei Mastodon teilen\" role=\"button\" rel=\"noopener nofollow\" class=\"shariff-link\" style=\"; background-color:#6364FF; color:#6364FF\" target=\"_blank\"><span class=\"shariff-icon\" style=\"fill:#6364FF\"><svg width=\"75\" height=\"79\" viewBox=\"0 0 75 79\" fill=\"none\" xmlns=\"http:\/\/www.w3.org\/2000\/svg\"><path d=\"M37.813-.025C32.462-.058 27.114.13 21.79.598c-8.544.621-17.214 5.58-20.203 13.931C-1.12 23.318.408 32.622.465 41.65c.375 7.316.943 14.78 3.392 21.73 4.365 9.465 14.781 14.537 24.782 15.385 7.64.698 15.761-.213 22.517-4.026a54.1 54.1 0 0 0 .01-6.232c-6.855 1.316-14.101 2.609-21.049 1.074-3.883-.88-6.876-4.237-7.25-8.215-1.53-3.988 3.78-.43 5.584-.883 9.048 1.224 18.282.776 27.303-.462 7.044-.837 14.26-4.788 16.65-11.833 2.263-6.135 1.215-12.79 1.698-19.177.06-3.84.09-7.692-.262-11.52C72.596 7.844 63.223.981 53.834.684a219.453 219.453 0 0 0-16.022-.71zm11.294 12.882c5.5-.067 10.801 4.143 11.67 9.653.338 1.48.471 3 .471 4.515v21.088h-8.357c-.07-7.588.153-15.182-.131-22.765-.587-4.368-7.04-5.747-9.672-2.397-2.422 3.04-1.47 7.155-1.67 10.735v6.392h-8.307c-.146-4.996.359-10.045-.404-15.002-1.108-4.218-7.809-5.565-10.094-1.666-1.685 3.046-.712 6.634-.976 9.936v14.767h-8.354c.109-8.165-.238-16.344.215-24.5.674-5.346 5.095-10.389 10.676-10.627 4.902-.739 10.103 2.038 12.053 6.631.375 1.435 1.76 1.932 1.994.084 1.844-3.704 5.501-6.739 9.785-6.771.367-.044.735-.068 1.101-.073z\"\/><defs><linearGradient id=\"paint0_linear_549_34\" x1=\"37.0692\" y1=\"0\" x2=\"37.0692\" y2=\"79\" gradientUnits=\"userSpaceOnUse\"><stop stop-color=\"#6364FF\"\/><stop offset=\"1\" stop-color=\"#563ACC\"\/><\/linearGradient><\/defs><\/svg><\/span><span class=\"shariff-text\" style=\"color:#6364FF\">teilen<\/span>&nbsp;<\/a><\/li><li class=\"shariff-button bluesky shariff-nocustomcolor\" style=\"background-color:#84c4ff\"><a href=\"https:\/\/bsky.app\/intent\/compose?text=B%C3%BCndnisse%20statt%20Politik%20%E2%80%93%20das%20geht%20schief https%3A%2F%2Fwww.kritische-masse.de%2Flogbuch%2Fbuendnisse-statt-politik-das-geht-schief%2F \" title=\"Bei Bluesky teilen\" aria-label=\"Bei Bluesky teilen\" role=\"button\" rel=\"noopener nofollow\" class=\"shariff-link\" style=\"; background-color:#0085ff; color:#0085ff\" target=\"_blank\"><span class=\"shariff-icon\" style=\"fill:#0085ff\"><svg width=\"20\" height=\"20\" version=\"1.1\" xmlns=\"http:\/\/www.w3.org\/2000\/svg\" viewBox=\"0 0 20 20\"><path class=\"st0\" d=\"M4.89,3.12c2.07,1.55,4.3,4.71,5.11,6.4.82-1.69,3.04-4.84,5.11-6.4,1.49-1.12,3.91-1.99,3.91.77,0,.55-.32,4.63-.5,5.3-.64,2.3-2.99,2.89-5.08,2.54,3.65.62,4.58,2.68,2.57,4.74-3.81,3.91-5.48-.98-5.9-2.23-.08-.23-.11-.34-.12-.25,0-.09-.04.02-.12.25-.43,1.25-2.09,6.14-5.9,2.23-2.01-2.06-1.08-4.12,2.57-4.74-2.09.36-4.44-.23-5.08-2.54-.19-.66-.5-4.74-.5-5.3,0-2.76,2.42-1.89,3.91-.77h0Z\"\/><\/svg><\/span><span class=\"shariff-text\" style=\"color:#0085ff\">teilen<\/span>&nbsp;<\/a><\/li><li class=\"shariff-button facebook shariff-nocustomcolor\" style=\"background-color:#4273c8\"><a href=\"https:\/\/www.facebook.com\/sharer\/sharer.php?u=https%3A%2F%2Fwww.kritische-masse.de%2Flogbuch%2Fbuendnisse-statt-politik-das-geht-schief%2F\" title=\"Bei Facebook teilen\" aria-label=\"Bei Facebook teilen\" role=\"button\" rel=\"nofollow\" class=\"shariff-link\" style=\"; background-color:#3b5998; color:#3b5998\" target=\"_blank\"><span class=\"shariff-icon\" style=\"fill:#3b5998\"><svg width=\"32px\" height=\"20px\" xmlns=\"http:\/\/www.w3.org\/2000\/svg\" viewBox=\"0 0 18 32\"><path fill=\"#3b5998\" d=\"M17.1 0.2v4.7h-2.8q-1.5 0-2.1 0.6t-0.5 1.9v3.4h5.2l-0.7 5.3h-4.5v13.6h-5.5v-13.6h-4.5v-5.3h4.5v-3.9q0-3.3 1.9-5.2t5-1.8q2.6 0 4.1 0.2z\"\/><\/svg><\/span><span class=\"shariff-text\" style=\"color:#3b5998\">teilen<\/span>&nbsp;<\/a><\/li><li class=\"shariff-button threema shariff-nocustomcolor shariff-mobile\" style=\"background-color:#4fbc24\"><a href=\"threema:\/\/compose?text=B%C3%BCndnisse%20statt%20Politik%20%E2%80%93%20das%20geht%20schief%20https%3A%2F%2Fwww.kritische-masse.de%2Flogbuch%2Fbuendnisse-statt-politik-das-geht-schief%2F\" title=\"Bei Threema teilen\" aria-label=\"Bei Threema teilen\" role=\"button\" rel=\"noopener nofollow\" class=\"shariff-link\" style=\"; background-color:#1f1f1f; color:#1f1f1f\" target=\"_blank\"><span class=\"shariff-icon\" style=\"fill:#1f1f1f\"><svg width=\"32px\" height=\"20px\" xmlns=\"http:\/\/www.w3.org\/2000\/svg\" viewBox=\"0 0 32 32\"><path fill=\"#1f1f1f\" d=\"M30.8 10.9c-0.3-1.4-0.9-2.6-1.8-3.8-2-2.6-5.5-4.5-9.4-5.2-1.3-0.2-1.9-0.3-3.5-0.3s-2.2 0-3.5 0.3c-4 0.7-7.4 2.6-9.4 5.2-0.9 1.2-1.5 2.4-1.8 3.8-0.1 0.5-0.2 1.2-0.2 1.6 0 0.4 0.1 1.1 0.2 1.6 0.4 1.9 1.3 3.4 2.9 5 0.8 0.8 0.8 0.8 0.7 1.3 0 0.6-0.5 1.6-1.7 3.6-0.3 0.5-0.5 0.9-0.5 0.9 0 0.1 0.1 0.1 0.5 0 0.8-0.2 2.3-0.6 5.6-1.6 1.1-0.3 1.3-0.4 2.3-0.4 0.8 0 1.1 0 2.3 0.2 1.5 0.2 3.5 0.2 4.9 0 5.1-0.6 9.3-2.9 11.4-6.3 0.5-0.9 0.9-1.8 1.1-2.8 0.1-0.5 0.2-1.1 0.2-1.6 0-0.7-0.1-1.1-0.2-1.6-0.3-1.4 0.1 0.5 0 0zM20.6 17.3c0 0.4-0.4 0.8-0.8 0.8h-7.7c-0.4 0-0.8-0.4-0.8-0.8v-4.6c0-0.4 0.4-0.8 0.8-0.8h0.2l0-1.6c0-0.9 0-1.8 0.1-2 0.1-0.6 0.6-1.2 1.1-1.7s1.1-0.7 1.9-0.8c1.8-0.3 3.7 0.7 4.2 2.2 0.1 0.3 0.1 0.7 0.1 2.1v0 1.7h0.1c0.4 0 0.8 0.4 0.8 0.8v4.6zM15.6 7.3c-0.5 0.1-0.8 0.3-1.2 0.6s-0.6 0.8-0.7 1.3c0 0.2 0 0.8 0 1.5l0 1.2h4.6v-1.3c0-1 0-1.4-0.1-1.6-0.3-1.1-1.5-1.9-2.6-1.7zM25.8 28.2c0 1.2-1 2.2-2.1 2.2s-2.1-1-2.1-2.1c0-1.2 1-2.1 2.2-2.1s2.2 1 2.2 2.2zM18.1 28.2c0 1.2-1 2.2-2.1 2.2s-2.1-1-2.1-2.1c0-1.2 1-2.1 2.2-2.1s2.2 1 2.2 2.2zM10.4 28.2c0 1.2-1 2.2-2.1 2.2s-2.1-1-2.1-2.1c0-1.2 1-2.1 2.2-2.1s2.2 1 2.2 2.2z\"\/><\/svg><\/span><span class=\"shariff-text\" style=\"color:#1f1f1f\">teilen<\/span>&nbsp;<\/a><\/li><li class=\"shariff-button mailto shariff-nocustomcolor\" style=\"background-color:#a8a8a8\"><a href=\"mailto:?body=https%3A%2F%2Fwww.kritische-masse.de%2Flogbuch%2Fbuendnisse-statt-politik-das-geht-schief%2F&subject=B%C3%BCndnisse%20statt%20Politik%20%E2%80%93%20das%20geht%20schief\" title=\"Per E-Mail versenden\" aria-label=\"Per E-Mail versenden\" role=\"button\" rel=\"noopener nofollow\" class=\"shariff-link\" style=\"; background-color:#999; color:#999\"><span class=\"shariff-icon\" style=\"fill:#999\"><svg width=\"32px\" height=\"20px\" xmlns=\"http:\/\/www.w3.org\/2000\/svg\" viewBox=\"0 0 32 32\"><path fill=\"#999\" d=\"M32 12.7v14.2q0 1.2-0.8 2t-2 0.9h-26.3q-1.2 0-2-0.9t-0.8-2v-14.2q0.8 0.9 1.8 1.6 6.5 4.4 8.9 6.1 1 0.8 1.6 1.2t1.7 0.9 2 0.4h0.1q0.9 0 2-0.4t1.7-0.9 1.6-1.2q3-2.2 8.9-6.1 1-0.7 1.8-1.6zM32 7.4q0 1.4-0.9 2.7t-2.2 2.2q-6.7 4.7-8.4 5.8-0.2 0.1-0.7 0.5t-1 0.7-0.9 0.6-1.1 0.5-0.9 0.2h-0.1q-0.4 0-0.9-0.2t-1.1-0.5-0.9-0.6-1-0.7-0.7-0.5q-1.6-1.1-4.7-3.2t-3.6-2.6q-1.1-0.7-2.1-2t-1-2.5q0-1.4 0.7-2.3t2.1-0.9h26.3q1.2 0 2 0.8t0.9 2z\"\/><\/svg><\/span><span class=\"shariff-text\" style=\"color:#999\">E-Mail<\/span>&nbsp;<\/a><\/li><\/ul><\/div>","protected":false},"excerpt":{"rendered":"<p>Es wird einfach zu wenig Politik auf der Ebene des Bundes gemacht. Wir haben aktuell das B\u00fcndnis Sahra Wagenknecht (BSW), das B\u00fcndnis Wolfgang Kubicki (BWK), das B\u00fcndnis Heidi Reichinnek (BHR), das B\u00fcndnis Weidel Chrupalla (BWC), das B\u00fcndnis Bas Klingbeil (BBK), das B\u00fcndnis Friedrich Merz (BFM), das B\u00fcndnis Markus S\u00f6der (BMS) und dann eben noch die [&hellip;]<\/p>\n<div class=\"shariff\"><ul class=\"shariff-buttons theme-white orientation-horizontal buttonsize-small\"><li class=\"shariff-button mastodon shariff-nocustomcolor\" style=\"background-color:#563ACC\"><a href=\"https:\/\/s2f.kytta.dev\/?text=B%C3%BCndnisse%20statt%20Politik%20%E2%80%93%20das%20geht%20schief https%3A%2F%2Fwww.kritische-masse.de%2Flogbuch%2Fbuendnisse-statt-politik-das-geht-schief%2F\" title=\"Bei Mastodon teilen\" aria-label=\"Bei Mastodon teilen\" role=\"button\" rel=\"noopener nofollow\" class=\"shariff-link\" style=\"; background-color:#6364FF; color:#6364FF\" target=\"_blank\"><span class=\"shariff-icon\" style=\"fill:#6364FF\"><svg width=\"75\" height=\"79\" viewBox=\"0 0 75 79\" fill=\"none\" xmlns=\"http:\/\/www.w3.org\/2000\/svg\"><path d=\"M37.813-.025C32.462-.058 27.114.13 21.79.598c-8.544.621-17.214 5.58-20.203 13.931C-1.12 23.318.408 32.622.465 41.65c.375 7.316.943 14.78 3.392 21.73 4.365 9.465 14.781 14.537 24.782 15.385 7.64.698 15.761-.213 22.517-4.026a54.1 54.1 0 0 0 .01-6.232c-6.855 1.316-14.101 2.609-21.049 1.074-3.883-.88-6.876-4.237-7.25-8.215-1.53-3.988 3.78-.43 5.584-.883 9.048 1.224 18.282.776 27.303-.462 7.044-.837 14.26-4.788 16.65-11.833 2.263-6.135 1.215-12.79 1.698-19.177.06-3.84.09-7.692-.262-11.52C72.596 7.844 63.223.981 53.834.684a219.453 219.453 0 0 0-16.022-.71zm11.294 12.882c5.5-.067 10.801 4.143 11.67 9.653.338 1.48.471 3 .471 4.515v21.088h-8.357c-.07-7.588.153-15.182-.131-22.765-.587-4.368-7.04-5.747-9.672-2.397-2.422 3.04-1.47 7.155-1.67 10.735v6.392h-8.307c-.146-4.996.359-10.045-.404-15.002-1.108-4.218-7.809-5.565-10.094-1.666-1.685 3.046-.712 6.634-.976 9.936v14.767h-8.354c.109-8.165-.238-16.344.215-24.5.674-5.346 5.095-10.389 10.676-10.627 4.902-.739 10.103 2.038 12.053 6.631.375 1.435 1.76 1.932 1.994.084 1.844-3.704 5.501-6.739 9.785-6.771.367-.044.735-.068 1.101-.073z\"\/><defs><linearGradient id=\"paint0_linear_549_34\" x1=\"37.0692\" y1=\"0\" x2=\"37.0692\" y2=\"79\" gradientUnits=\"userSpaceOnUse\"><stop stop-color=\"#6364FF\"\/><stop offset=\"1\" stop-color=\"#563ACC\"\/><\/linearGradient><\/defs><\/svg><\/span><span class=\"shariff-text\" style=\"color:#6364FF\">teilen<\/span>&nbsp;<\/a><\/li><li class=\"shariff-button bluesky shariff-nocustomcolor\" style=\"background-color:#84c4ff\"><a href=\"https:\/\/bsky.app\/intent\/compose?text=B%C3%BCndnisse%20statt%20Politik%20%E2%80%93%20das%20geht%20schief https%3A%2F%2Fwww.kritische-masse.de%2Flogbuch%2Fbuendnisse-statt-politik-das-geht-schief%2F \" title=\"Bei Bluesky teilen\" aria-label=\"Bei Bluesky teilen\" role=\"button\" rel=\"noopener nofollow\" class=\"shariff-link\" style=\"; background-color:#0085ff; color:#0085ff\" target=\"_blank\"><span class=\"shariff-icon\" style=\"fill:#0085ff\"><svg width=\"20\" height=\"20\" version=\"1.1\" xmlns=\"http:\/\/www.w3.org\/2000\/svg\" viewBox=\"0 0 20 20\"><path class=\"st0\" d=\"M4.89,3.12c2.07,1.55,4.3,4.71,5.11,6.4.82-1.69,3.04-4.84,5.11-6.4,1.49-1.12,3.91-1.99,3.91.77,0,.55-.32,4.63-.5,5.3-.64,2.3-2.99,2.89-5.08,2.54,3.65.62,4.58,2.68,2.57,4.74-3.81,3.91-5.48-.98-5.9-2.23-.08-.23-.11-.34-.12-.25,0-.09-.04.02-.12.25-.43,1.25-2.09,6.14-5.9,2.23-2.01-2.06-1.08-4.12,2.57-4.74-2.09.36-4.44-.23-5.08-2.54-.19-.66-.5-4.74-.5-5.3,0-2.76,2.42-1.89,3.91-.77h0Z\"\/><\/svg><\/span><span class=\"shariff-text\" style=\"color:#0085ff\">teilen<\/span>&nbsp;<\/a><\/li><li class=\"shariff-button facebook shariff-nocustomcolor\" style=\"background-color:#4273c8\"><a href=\"https:\/\/www.facebook.com\/sharer\/sharer.php?u=https%3A%2F%2Fwww.kritische-masse.de%2Flogbuch%2Fbuendnisse-statt-politik-das-geht-schief%2F\" title=\"Bei Facebook teilen\" aria-label=\"Bei Facebook teilen\" role=\"button\" rel=\"nofollow\" class=\"shariff-link\" style=\"; background-color:#3b5998; color:#3b5998\" target=\"_blank\"><span class=\"shariff-icon\" style=\"fill:#3b5998\"><svg width=\"32px\" height=\"20px\" xmlns=\"http:\/\/www.w3.org\/2000\/svg\" viewBox=\"0 0 18 32\"><path fill=\"#3b5998\" d=\"M17.1 0.2v4.7h-2.8q-1.5 0-2.1 0.6t-0.5 1.9v3.4h5.2l-0.7 5.3h-4.5v13.6h-5.5v-13.6h-4.5v-5.3h4.5v-3.9q0-3.3 1.9-5.2t5-1.8q2.6 0 4.1 0.2z\"\/><\/svg><\/span><span class=\"shariff-text\" style=\"color:#3b5998\">teilen<\/span>&nbsp;<\/a><\/li><li class=\"shariff-button threema shariff-nocustomcolor shariff-mobile\" style=\"background-color:#4fbc24\"><a href=\"threema:\/\/compose?text=B%C3%BCndnisse%20statt%20Politik%20%E2%80%93%20das%20geht%20schief%20https%3A%2F%2Fwww.kritische-masse.de%2Flogbuch%2Fbuendnisse-statt-politik-das-geht-schief%2F\" title=\"Bei Threema teilen\" aria-label=\"Bei Threema teilen\" role=\"button\" rel=\"noopener nofollow\" class=\"shariff-link\" style=\"; background-color:#1f1f1f; color:#1f1f1f\" target=\"_blank\"><span class=\"shariff-icon\" style=\"fill:#1f1f1f\"><svg width=\"32px\" height=\"20px\" xmlns=\"http:\/\/www.w3.org\/2000\/svg\" viewBox=\"0 0 32 32\"><path fill=\"#1f1f1f\" d=\"M30.8 10.9c-0.3-1.4-0.9-2.6-1.8-3.8-2-2.6-5.5-4.5-9.4-5.2-1.3-0.2-1.9-0.3-3.5-0.3s-2.2 0-3.5 0.3c-4 0.7-7.4 2.6-9.4 5.2-0.9 1.2-1.5 2.4-1.8 3.8-0.1 0.5-0.2 1.2-0.2 1.6 0 0.4 0.1 1.1 0.2 1.6 0.4 1.9 1.3 3.4 2.9 5 0.8 0.8 0.8 0.8 0.7 1.3 0 0.6-0.5 1.6-1.7 3.6-0.3 0.5-0.5 0.9-0.5 0.9 0 0.1 0.1 0.1 0.5 0 0.8-0.2 2.3-0.6 5.6-1.6 1.1-0.3 1.3-0.4 2.3-0.4 0.8 0 1.1 0 2.3 0.2 1.5 0.2 3.5 0.2 4.9 0 5.1-0.6 9.3-2.9 11.4-6.3 0.5-0.9 0.9-1.8 1.1-2.8 0.1-0.5 0.2-1.1 0.2-1.6 0-0.7-0.1-1.1-0.2-1.6-0.3-1.4 0.1 0.5 0 0zM20.6 17.3c0 0.4-0.4 0.8-0.8 0.8h-7.7c-0.4 0-0.8-0.4-0.8-0.8v-4.6c0-0.4 0.4-0.8 0.8-0.8h0.2l0-1.6c0-0.9 0-1.8 0.1-2 0.1-0.6 0.6-1.2 1.1-1.7s1.1-0.7 1.9-0.8c1.8-0.3 3.7 0.7 4.2 2.2 0.1 0.3 0.1 0.7 0.1 2.1v0 1.7h0.1c0.4 0 0.8 0.4 0.8 0.8v4.6zM15.6 7.3c-0.5 0.1-0.8 0.3-1.2 0.6s-0.6 0.8-0.7 1.3c0 0.2 0 0.8 0 1.5l0 1.2h4.6v-1.3c0-1 0-1.4-0.1-1.6-0.3-1.1-1.5-1.9-2.6-1.7zM25.8 28.2c0 1.2-1 2.2-2.1 2.2s-2.1-1-2.1-2.1c0-1.2 1-2.1 2.2-2.1s2.2 1 2.2 2.2zM18.1 28.2c0 1.2-1 2.2-2.1 2.2s-2.1-1-2.1-2.1c0-1.2 1-2.1 2.2-2.1s2.2 1 2.2 2.2zM10.4 28.2c0 1.2-1 2.2-2.1 2.2s-2.1-1-2.1-2.1c0-1.2 1-2.1 2.2-2.1s2.2 1 2.2 2.2z\"\/><\/svg><\/span><span class=\"shariff-text\" style=\"color:#1f1f1f\">teilen<\/span>&nbsp;<\/a><\/li><li class=\"shariff-button mailto shariff-nocustomcolor\" style=\"background-color:#a8a8a8\"><a href=\"mailto:?body=https%3A%2F%2Fwww.kritische-masse.de%2Flogbuch%2Fbuendnisse-statt-politik-das-geht-schief%2F&subject=B%C3%BCndnisse%20statt%20Politik%20%E2%80%93%20das%20geht%20schief\" title=\"Per E-Mail versenden\" aria-label=\"Per E-Mail versenden\" role=\"button\" rel=\"noopener nofollow\" class=\"shariff-link\" style=\"; background-color:#999; color:#999\"><span class=\"shariff-icon\" style=\"fill:#999\"><svg width=\"32px\" height=\"20px\" xmlns=\"http:\/\/www.w3.org\/2000\/svg\" viewBox=\"0 0 32 32\"><path fill=\"#999\" d=\"M32 12.7v14.2q0 1.2-0.8 2t-2 0.9h-26.3q-1.2 0-2-0.9t-0.8-2v-14.2q0.8 0.9 1.8 1.6 6.5 4.4 8.9 6.1 1 0.8 1.6 1.2t1.7 0.9 2 0.4h0.1q0.9 0 2-0.4t1.7-0.9 1.6-1.2q3-2.2 8.9-6.1 1-0.7 1.8-1.6zM32 7.4q0 1.4-0.9 2.7t-2.2 2.2q-6.7 4.7-8.4 5.8-0.2 0.1-0.7 0.5t-1 0.7-0.9 0.6-1.1 0.5-0.9 0.2h-0.1q-0.4 0-0.9-0.2t-1.1-0.5-0.9-0.6-1-0.7-0.7-0.5q-1.6-1.1-4.7-3.2t-3.6-2.6q-1.1-0.7-2.1-2t-1-2.5q0-1.4 0.7-2.3t2.1-0.9h26.3q1.2 0 2 0.8t0.9 2z\"\/><\/svg><\/span><span class=\"shariff-text\" style=\"color:#999\">E-Mail<\/span>&nbsp;<\/a><\/li><\/ul><\/div>","protected":false},"author":1,"featured_media":0,"comment_status":"open","ping_status":"open","sticky":false,"template":"","format":"standard","meta":{"ocean_front_end_style_editor":"no","ocean_post_layout":"","ocean_both_sidebars_style":"","ocean_both_sidebars_content_width":0,"ocean_both_sidebars_sidebars_width":0,"ocean_sidebar":"","ocean_second_sidebar":"","ocean_disable_margins":"enable","ocean_add_body_class":"","ocean_shortcode_before_top_bar":"","ocean_shortcode_after_top_bar":"","ocean_shortcode_before_header":"","ocean_shortcode_after_header":"","ocean_has_shortcode":"","ocean_shortcode_after_title":"","ocean_shortcode_before_footer_widgets":"","ocean_shortcode_after_footer_widgets":"","ocean_shortcode_before_footer_bottom":"","ocean_shortcode_after_footer_bottom":"","ocean_display_top_bar":"default","ocean_display_header":"default","ocean_header_style":"","ocean_center_header_left_menu":"","ocean_custom_header_template":"","ocean_custom_logo":0,"ocean_custom_retina_logo":0,"ocean_custom_logo_max_width":0,"ocean_custom_logo_tablet_max_width":0,"ocean_custom_logo_mobile_max_width":0,"ocean_custom_logo_max_height":0,"ocean_custom_logo_tablet_max_height":0,"ocean_custom_logo_mobile_max_height":0,"ocean_header_custom_menu":"","ocean_menu_typo_font_family":"","ocean_menu_typo_font_subset":"","ocean_menu_typo_font_size":0,"ocean_menu_typo_font_size_tablet":0,"ocean_menu_typo_font_size_mobile":0,"ocean_menu_typo_font_size_unit":"px","ocean_menu_typo_font_weight":"","ocean_menu_typo_font_weight_tablet":"","ocean_menu_typo_font_weight_mobile":"","ocean_menu_typo_transform":"","ocean_menu_typo_transform_tablet":"","ocean_menu_typo_transform_mobile":"","ocean_menu_typo_line_height":0,"ocean_menu_typo_line_height_tablet":0,"ocean_menu_typo_line_height_mobile":0,"ocean_menu_typo_line_height_unit":"","ocean_menu_typo_spacing":0,"ocean_menu_typo_spacing_tablet":0,"ocean_menu_typo_spacing_mobile":0,"ocean_menu_typo_spacing_unit":"","ocean_menu_link_color":"","ocean_menu_link_color_hover":"","ocean_menu_link_color_active":"","ocean_menu_link_background":"","ocean_menu_link_hover_background":"","ocean_menu_link_active_background":"","ocean_menu_social_links_bg":"","ocean_menu_social_hover_links_bg":"","ocean_menu_social_links_color":"","ocean_menu_social_hover_links_color":"","ocean_disable_title":"default","ocean_disable_heading":"default","ocean_post_title":"","ocean_post_subheading":"","ocean_post_title_style":"","ocean_post_title_background_color":"","ocean_post_title_background":0,"ocean_post_title_bg_image_position":"","ocean_post_title_bg_image_attachment":"","ocean_post_title_bg_image_repeat":"","ocean_post_title_bg_image_size":"","ocean_post_title_height":0,"ocean_post_title_bg_overlay":0.5,"ocean_post_title_bg_overlay_color":"","ocean_disable_breadcrumbs":"default","ocean_breadcrumbs_color":"","ocean_breadcrumbs_separator_color":"","ocean_breadcrumbs_links_color":"","ocean_breadcrumbs_links_hover_color":"","ocean_display_footer_widgets":"default","ocean_display_footer_bottom":"default","ocean_custom_footer_template":"","osh_disable_topbar_sticky":"default","osh_disable_header_sticky":"default","osh_sticky_header_style":"default","osh_sticky_header_effect":"","osh_custom_sticky_logo":0,"osh_custom_retina_sticky_logo":0,"osh_custom_sticky_logo_height":0,"osh_background_color":"","osh_links_color":"","osh_links_hover_color":"","osh_links_active_color":"","osh_links_bg_color":"","osh_links_hover_bg_color":"","osh_links_active_bg_color":"","osh_menu_social_links_color":"","osh_menu_social_hover_links_color":"","_FSMCFIC_featured_image_caption":"","_FSMCFIC_featured_image_nocaption":"","_FSMCFIC_featured_image_hide":"","_metis_text_type":"standard","_metis_text_length":3277,"_post_count":0,"_jetpack_feature_clip_id":0,"_jetpack_memberships_contains_paid_content":false,"ocean_post_oembed":"","ocean_post_self_hosted_media":"","ocean_post_video_embed":"","ocean_link_format":"","ocean_link_format_target":"self","ocean_quote_format":"","ocean_quote_format_link":"post","ocean_gallery_link_images":"on","ocean_gallery_id":[],"footnotes":"","jetpack_publicize_message":"","jetpack_publicize_feature_enabled":true,"jetpack_social_post_already_shared":true,"jetpack_social_options":{"image_generator_settings":{"template":"highway","default_image_id":0,"font":"","enabled":false},"version":2}},"categories":[4400,4186,4404,4559,2647],"tags":[4603,2682],"class_list":["post-27208","post","type-post","status-publish","format-standard","hentry","category-vermassungsschutz","category-die-politik","category-es-geht-auch-schlechter","category-jargon-der-bequemlichkeit","category-angriffauf","tag-politische-kultur","tag-politik","entry"],"jetpack_publicize_connections":[],"categories_names":["Amt f\u00fcr Vermassungsschutz","die Politik","es geht auch schlechter","Jargon der Bequemlichkeit","Angriff auf \u2026"],"post_class":[["post-27208","post","type-post","status-publish","format-standard","hentry","category-vermassungsschutz","category-die-politik","category-es-geht-auch-schlechter","category-jargon-der-bequemlichkeit","category-angriffauf","tag-politische-kultur","tag-politik","entry"]],"author_avatar":["<img alt='' src='https:\/\/secure.gravatar.com\/avatar\/c23aee426d58e69f14ef471114d4cac215eec702ee1bc331e2a62ea77e96ed60?s=96&#038;d=blank&#038;r=g' srcset='https:\/\/secure.gravatar.com\/avatar\/c23aee426d58e69f14ef471114d4cac215eec702ee1bc331e2a62ea77e96ed60?s=192&#038;d=blank&#038;r=g 2x' class='avatar avatar-96 photo' height='96' width='96' loading='lazy' decoding='async'\/>"],"featured_video":null,"jetpack-related-posts":[{"id":1413,"url":"https:\/\/www.kritische-masse.de\/logbuch\/wahlpruefsteine-der-kritischen-masse-buendnis90gruene\/","url_meta":{"origin":27208,"position":0},"title":"Wahlpr\u00fcfsteine der Kritischen Masse: B\u00fcndnis90\/Gr\u00fcne","author":"huflaikhan","date":"9. September 2005","format":false,"excerpt":"Keine Abk\u00fcrzung, daf\u00fcr zu lang. Ja was denn nun: B\u00fcndnis 90 oder Gr\u00fcne. \u00dcberhaupt B\u00fcndnis 90. Was soll denn das bitte sein. Strahler 70 kenne ich noch, war eine Zahnpasta. 2001 \u2014 Versand von Platten und anderem Ged\u00f6ns. Gr\u00fcne, Menschen in Gr\u00fcne, wie. Polizei? Ich wei\u00df nicht, Schily, ja der\u2026","rel":"","context":"\u00c4hnlicher Beitrag","block_context":{"text":"\u00c4hnlicher Beitrag","link":""},"img":{"alt_text":"","src":"","width":0,"height":0},"classes":[]},{"id":8287,"url":"https:\/\/www.kritische-masse.de\/logbuch\/wahlpruefsteine-der-kritischen-masse-buendnis90-gruene-2005\/","url_meta":{"origin":27208,"position":1},"title":"Wahlpr\u00fcfsteine der Kritischen Masse: B\u00fcndnis90\/Gr\u00fcne [2005]","author":"der huflaikhan","date":"9. September 2005","format":false,"excerpt":"Keine Abk\u00fcrzung, daf\u00fcr zu lang. Ja was denn nun: B\u00fcndnis 90 oder Gr\u00fcne. \u00dcberhaupt B\u00fcndnis 90. Was soll denn das bitte sein. Strahler 70 kenne ich noch, war eine Zahnpasta. 2001 \u2014 Versand von Platten und anderem Ged\u00f6ns. Gr\u00fcne, Menschen in Gr\u00fcn, wie: Polizei? Ich wei\u00df nicht, Schily, ja der\u2026","rel":"","context":"In &quot;die Politik&quot;","block_context":{"text":"die Politik","link":"https:\/\/www.kritische-masse.de\/logbuch\/thema\/angriffauf\/die-politik\/"},"img":{"alt_text":"Unterst\u00fctzung f\u00fcr die Pflanzen. Foto: Hufner","src":"https:\/\/i0.wp.com\/www.kritische-masse.de\/logbuch\/wp-content\/uploads\/2018\/09\/kuenast.jpg?resize=350%2C200&ssl=1","width":350,"height":200},"classes":[]},{"id":1280,"url":"https:\/\/www.kritische-masse.de\/logbuch\/dame-des-tages\/","url_meta":{"origin":27208,"position":2},"title":"Dame des Tages","author":"huflaikhan","date":"16. Juni 2005","format":false,"excerpt":"Klar ist das affig. Billig und einfach. Einfach dumm, aber was soll ich machen. Sie soll Kanzlerin werden. So will es die Umgangssituation. Das ist also der Blick in die Zukunft. \u201eEs muss sich alles einem Ziel unterordnen: Menschen in Arbeit zu bringen,\u201c so etwa sagte sie es eben in\u2026","rel":"","context":"\u00c4hnlicher Beitrag","block_context":{"text":"\u00c4hnlicher Beitrag","link":""},"img":{"alt_text":"","src":"","width":0,"height":0},"classes":[]},{"id":22924,"url":"https:\/\/www.kritische-masse.de\/logbuch\/kritischer-journalismus-ist-das-wirkliche-social-media\/","url_meta":{"origin":27208,"position":3},"title":"Kritischer Journalismus ist das wirkliche Social Media","author":"der huflaikhan","date":"24. Juni 2026","format":false,"excerpt":"Man braucht auch nicht immer Influencer. Die immer noch wahren Influencer ist die Kritik\u00a0\u2013 wie sie im souver\u00e4nen Journalismus pr\u00e4sent ist. Meine These: Das einzig wahre Social Media ist kritischer, souver\u00e4ner Journalismus. Die Weisheiten des Huflaikhan Will man \u00dcberreder und schnellen, wenig nachhaltigen Erfolg, dann soll man \u00fcber die Influencer\u2026","rel":"","context":"In &quot;Amt f\u00fcr Vermassungsschutz&quot;","block_context":{"text":"Amt f\u00fcr Vermassungsschutz","link":"https:\/\/www.kritische-masse.de\/logbuch\/thema\/vermassungsschutz\/"},"img":{"alt_text":"","src":"","width":0,"height":0},"classes":[]},{"id":2236,"url":"https:\/\/www.kritische-masse.de\/logbuch\/und-das-urheberrecht-wird-wohl-durchgewunken\/","url_meta":{"origin":27208,"position":4},"title":"Und das Urheberrecht wird wohl durchgewunken","author":"hufi","date":"4. Juli 2007","format":false,"excerpt":"\"Der Gesetzentwurf zur Regelung des Urheberrechts in der Informationsgesellschaft (16\/1828) ist am Mittwochvormittag im Rechtsausschuss mit den Stimmen der Koalitionsfraktionen und der FDP angenommen worden. Die Linksfraktion stimmte dagegen; die Gr\u00fcnen enthielten sich. F\u00fcr den morgigen Donnerstag ist die Verabschiedung durch das Plenum des Bundestages vorgesehen.\" Und so wird es\u2026","rel":"","context":"Mit 1 Kommentar","block_context":{"text":"Mit 1 Kommentar","link":"https:\/\/www.kritische-masse.de\/logbuch\/und-das-urheberrecht-wird-wohl-durchgewunken\/#comments"},"img":{"alt_text":"","src":"","width":0,"height":0},"classes":[]},{"id":1734,"url":"https:\/\/www.kritische-masse.de\/logbuch\/amateure\/","url_meta":{"origin":27208,"position":5},"title":"Amateure","author":"huflaikhan","date":"17. Mai 2006","format":false,"excerpt":"Im Bundestag notiert: Berlin: (hib\/MPI) Die Probleme mit der Software A2LL f\u00fcr das Arbeitslosengeld II bleiben gravierend und verursachen Kosten in Millionenh\u00f6he. Mit der vollen Funktionalit\u00e4t sei erst in der zweiten Jahresh\u00e4lfte 2007 zu rechnen, schreibt die Bundesregierung in ihrer Antwort (16\/1469) auf eine Kleine Anfrage der Fraktion B\u00fcndnis 90\/Die\u2026","rel":"","context":"Mit 4 Kommentaren","block_context":{"text":"Mit 4 Kommentaren","link":"https:\/\/www.kritische-masse.de\/logbuch\/amateure\/#comments"},"img":{"alt_text":"","src":"","width":0,"height":0},"classes":[]}],"jetpack_sharing_enabled":true,"jetpack_featured_media_url":"","public_identification_id":"1e32984e189b4a2eb9f93654df768198","private_identification_id":"8168c2be7b0b49059d63e4924738c317","_links":{"self":[{"href":"https:\/\/www.kritische-masse.de\/logbuch\/wp-json\/wp\/v2\/posts\/27208","targetHints":{"allow":["GET"]}}],"collection":[{"href":"https:\/\/www.kritische-masse.de\/logbuch\/wp-json\/wp\/v2\/posts"}],"about":[{"href":"https:\/\/www.kritische-masse.de\/logbuch\/wp-json\/wp\/v2\/types\/post"}],"author":[{"embeddable":true,"href":"https:\/\/www.kritische-masse.de\/logbuch\/wp-json\/wp\/v2\/users\/1"}],"replies":[{"embeddable":true,"href":"https:\/\/www.kritische-masse.de\/logbuch\/wp-json\/wp\/v2\/comments?post=27208"}],"version-history":[{"count":4,"href":"https:\/\/www.kritische-masse.de\/logbuch\/wp-json\/wp\/v2\/posts\/27208\/revisions"}],"predecessor-version":[{"id":27214,"href":"https:\/\/www.kritische-masse.de\/logbuch\/wp-json\/wp\/v2\/posts\/27208\/revisions\/27214"}],"wp:attachment":[{"href":"https:\/\/www.kritische-masse.de\/logbuch\/wp-json\/wp\/v2\/media?parent=27208"}],"wp:term":[{"taxonomy":"category","embeddable":true,"href":"https:\/\/www.kritische-masse.de\/logbuch\/wp-json\/wp\/v2\/categories?post=27208"},{"taxonomy":"post_tag","embeddable":true,"href":"https:\/\/www.kritische-masse.de\/logbuch\/wp-json\/wp\/v2\/tags?post=27208"}],"curies":[{"name":"wp","href":"https:\/\/api.w.org\/{rel}","templated":true}]}}