{"id":3641,"date":"2024-11-20T18:30:44","date_gmt":"2024-11-20T17:30:44","guid":{"rendered":"https:\/\/www.kritische-masse.de\/wordpress\/zettelkasten\/eine-berholte-beschleunigung\/"},"modified":"2024-11-20T18:46:36","modified_gmt":"2024-11-20T17:46:36","slug":"eine-berholte-beschleunigung","status":"publish","type":"post","link":"https:\/\/www.kritische-masse.de\/logbuch\/2024\/11\/eine-berholte-beschleunigung\/","title":{"rendered":"Eine \u00fcberholte Beschleunigung [2016]"},"content":{"rendered":"<div class=\"shariff shariff-align-left shariff-widget-align-left\"><ul class=\"shariff-buttons theme-white orientation-horizontal buttonsize-small\"><li class=\"shariff-button mastodon shariff-nocustomcolor\" style=\"background-color:#563ACC\"><a href=\"https:\/\/s2f.kytta.dev\/?text=Eine%20%C3%BCberholte%20Beschleunigung%20%5B2016%5D https%3A%2F%2Fwww.kritische-masse.de%2Flogbuch%2F2024%2F11%2Feine-berholte-beschleunigung%2F\" title=\"Bei Mastodon teilen\" aria-label=\"Bei Mastodon teilen\" role=\"button\" rel=\"noopener nofollow\" class=\"shariff-link\" style=\"; background-color:#6364FF; color:#6364FF\" target=\"_blank\"><span class=\"shariff-icon\" style=\"fill:#6364FF\"><svg width=\"75\" height=\"79\" viewBox=\"0 0 75 79\" fill=\"none\" xmlns=\"http:\/\/www.w3.org\/2000\/svg\"><path d=\"M37.813-.025C32.462-.058 27.114.13 21.79.598c-8.544.621-17.214 5.58-20.203 13.931C-1.12 23.318.408 32.622.465 41.65c.375 7.316.943 14.78 3.392 21.73 4.365 9.465 14.781 14.537 24.782 15.385 7.64.698 15.761-.213 22.517-4.026a54.1 54.1 0 0 0 .01-6.232c-6.855 1.316-14.101 2.609-21.049 1.074-3.883-.88-6.876-4.237-7.25-8.215-1.53-3.988 3.78-.43 5.584-.883 9.048 1.224 18.282.776 27.303-.462 7.044-.837 14.26-4.788 16.65-11.833 2.263-6.135 1.215-12.79 1.698-19.177.06-3.84.09-7.692-.262-11.52C72.596 7.844 63.223.981 53.834.684a219.453 219.453 0 0 0-16.022-.71zm11.294 12.882c5.5-.067 10.801 4.143 11.67 9.653.338 1.48.471 3 .471 4.515v21.088h-8.357c-.07-7.588.153-15.182-.131-22.765-.587-4.368-7.04-5.747-9.672-2.397-2.422 3.04-1.47 7.155-1.67 10.735v6.392h-8.307c-.146-4.996.359-10.045-.404-15.002-1.108-4.218-7.809-5.565-10.094-1.666-1.685 3.046-.712 6.634-.976 9.936v14.767h-8.354c.109-8.165-.238-16.344.215-24.5.674-5.346 5.095-10.389 10.676-10.627 4.902-.739 10.103 2.038 12.053 6.631.375 1.435 1.76 1.932 1.994.084 1.844-3.704 5.501-6.739 9.785-6.771.367-.044.735-.068 1.101-.073z\"\/><defs><linearGradient id=\"paint0_linear_549_34\" x1=\"37.0692\" y1=\"0\" x2=\"37.0692\" y2=\"79\" gradientUnits=\"userSpaceOnUse\"><stop stop-color=\"#6364FF\"\/><stop offset=\"1\" stop-color=\"#563ACC\"\/><\/linearGradient><\/defs><\/svg><\/span><span class=\"shariff-text\" style=\"color:#6364FF\">teilen<\/span>&nbsp;<\/a><\/li><li class=\"shariff-button bluesky shariff-nocustomcolor\" style=\"background-color:#84c4ff\"><a href=\"https:\/\/bsky.app\/intent\/compose?text=Eine%20%C3%BCberholte%20Beschleunigung%20%5B2016%5D https%3A%2F%2Fwww.kritische-masse.de%2Flogbuch%2F2024%2F11%2Feine-berholte-beschleunigung%2F \" title=\"Bei Bluesky teilen\" aria-label=\"Bei Bluesky teilen\" role=\"button\" rel=\"noopener nofollow\" class=\"shariff-link\" style=\"; background-color:#0085ff; color:#0085ff\" target=\"_blank\"><span class=\"shariff-icon\" style=\"fill:#0085ff\"><svg width=\"20\" height=\"20\" version=\"1.1\" xmlns=\"http:\/\/www.w3.org\/2000\/svg\" viewBox=\"0 0 20 20\"><path class=\"st0\" d=\"M4.89,3.12c2.07,1.55,4.3,4.71,5.11,6.4.82-1.69,3.04-4.84,5.11-6.4,1.49-1.12,3.91-1.99,3.91.77,0,.55-.32,4.63-.5,5.3-.64,2.3-2.99,2.89-5.08,2.54,3.65.62,4.58,2.68,2.57,4.74-3.81,3.91-5.48-.98-5.9-2.23-.08-.23-.11-.34-.12-.25,0-.09-.04.02-.12.25-.43,1.25-2.09,6.14-5.9,2.23-2.01-2.06-1.08-4.12,2.57-4.74-2.09.36-4.44-.23-5.08-2.54-.19-.66-.5-4.74-.5-5.3,0-2.76,2.42-1.89,3.91-.77h0Z\"\/><\/svg><\/span><span class=\"shariff-text\" style=\"color:#0085ff\">teilen<\/span>&nbsp;<\/a><\/li><li class=\"shariff-button threema shariff-nocustomcolor shariff-mobile\" style=\"background-color:#4fbc24\"><a href=\"threema:\/\/compose?text=Eine%20%C3%BCberholte%20Beschleunigung%20%5B2016%5D%20https%3A%2F%2Fwww.kritische-masse.de%2Flogbuch%2F2024%2F11%2Feine-berholte-beschleunigung%2F\" title=\"Bei Threema teilen\" aria-label=\"Bei Threema teilen\" role=\"button\" rel=\"noopener nofollow\" class=\"shariff-link\" style=\"; background-color:#1f1f1f; color:#1f1f1f\" target=\"_blank\"><span class=\"shariff-icon\" style=\"fill:#1f1f1f\"><svg width=\"32px\" height=\"20px\" xmlns=\"http:\/\/www.w3.org\/2000\/svg\" viewBox=\"0 0 32 32\"><path fill=\"#1f1f1f\" d=\"M30.8 10.9c-0.3-1.4-0.9-2.6-1.8-3.8-2-2.6-5.5-4.5-9.4-5.2-1.3-0.2-1.9-0.3-3.5-0.3s-2.2 0-3.5 0.3c-4 0.7-7.4 2.6-9.4 5.2-0.9 1.2-1.5 2.4-1.8 3.8-0.1 0.5-0.2 1.2-0.2 1.6 0 0.4 0.1 1.1 0.2 1.6 0.4 1.9 1.3 3.4 2.9 5 0.8 0.8 0.8 0.8 0.7 1.3 0 0.6-0.5 1.6-1.7 3.6-0.3 0.5-0.5 0.9-0.5 0.9 0 0.1 0.1 0.1 0.5 0 0.8-0.2 2.3-0.6 5.6-1.6 1.1-0.3 1.3-0.4 2.3-0.4 0.8 0 1.1 0 2.3 0.2 1.5 0.2 3.5 0.2 4.9 0 5.1-0.6 9.3-2.9 11.4-6.3 0.5-0.9 0.9-1.8 1.1-2.8 0.1-0.5 0.2-1.1 0.2-1.6 0-0.7-0.1-1.1-0.2-1.6-0.3-1.4 0.1 0.5 0 0zM20.6 17.3c0 0.4-0.4 0.8-0.8 0.8h-7.7c-0.4 0-0.8-0.4-0.8-0.8v-4.6c0-0.4 0.4-0.8 0.8-0.8h0.2l0-1.6c0-0.9 0-1.8 0.1-2 0.1-0.6 0.6-1.2 1.1-1.7s1.1-0.7 1.9-0.8c1.8-0.3 3.7 0.7 4.2 2.2 0.1 0.3 0.1 0.7 0.1 2.1v0 1.7h0.1c0.4 0 0.8 0.4 0.8 0.8v4.6zM15.6 7.3c-0.5 0.1-0.8 0.3-1.2 0.6s-0.6 0.8-0.7 1.3c0 0.2 0 0.8 0 1.5l0 1.2h4.6v-1.3c0-1 0-1.4-0.1-1.6-0.3-1.1-1.5-1.9-2.6-1.7zM25.8 28.2c0 1.2-1 2.2-2.1 2.2s-2.1-1-2.1-2.1c0-1.2 1-2.1 2.2-2.1s2.2 1 2.2 2.2zM18.1 28.2c0 1.2-1 2.2-2.1 2.2s-2.1-1-2.1-2.1c0-1.2 1-2.1 2.2-2.1s2.2 1 2.2 2.2zM10.4 28.2c0 1.2-1 2.2-2.1 2.2s-2.1-1-2.1-2.1c0-1.2 1-2.1 2.2-2.1s2.2 1 2.2 2.2z\"\/><\/svg><\/span><span class=\"shariff-text\" style=\"color:#1f1f1f\">teilen<\/span>&nbsp;<\/a><\/li><li class=\"shariff-button facebook shariff-nocustomcolor\" style=\"background-color:#4273c8\"><a href=\"https:\/\/www.facebook.com\/sharer\/sharer.php?u=https%3A%2F%2Fwww.kritische-masse.de%2Flogbuch%2F2024%2F11%2Feine-berholte-beschleunigung%2F\" title=\"Bei Facebook teilen\" aria-label=\"Bei Facebook teilen\" role=\"button\" rel=\"nofollow\" class=\"shariff-link\" style=\"; background-color:#3b5998; color:#3b5998\" target=\"_blank\"><span class=\"shariff-icon\" style=\"fill:#3b5998\"><svg width=\"32px\" height=\"20px\" xmlns=\"http:\/\/www.w3.org\/2000\/svg\" viewBox=\"0 0 18 32\"><path fill=\"#3b5998\" d=\"M17.1 0.2v4.7h-2.8q-1.5 0-2.1 0.6t-0.5 1.9v3.4h5.2l-0.7 5.3h-4.5v13.6h-5.5v-13.6h-4.5v-5.3h4.5v-3.9q0-3.3 1.9-5.2t5-1.8q2.6 0 4.1 0.2z\"\/><\/svg><\/span><span class=\"shariff-text\" style=\"color:#3b5998\">teilen<\/span>&nbsp;<\/a><\/li><li class=\"shariff-button info shariff-nocustomcolor\" style=\"background-color:#a8a8a8\"><a href=\"http:\/\/ct.de\/-2467514\" title=\"Weitere Informationen\" aria-label=\"Weitere Informationen\" role=\"button\" rel=\"noopener \" class=\"shariff-link\" style=\"; background-color:#999; color:#999\" target=\"_blank\"><span class=\"shariff-icon\" style=\"fill:#999\"><svg width=\"32px\" height=\"20px\" xmlns=\"http:\/\/www.w3.org\/2000\/svg\" viewBox=\"0 0 11 32\"><path fill=\"#999\" d=\"M11.4 24v2.3q0 0.5-0.3 0.8t-0.8 0.4h-9.1q-0.5 0-0.8-0.4t-0.4-0.8v-2.3q0-0.5 0.4-0.8t0.8-0.4h1.1v-6.8h-1.1q-0.5 0-0.8-0.4t-0.4-0.8v-2.3q0-0.5 0.4-0.8t0.8-0.4h6.8q0.5 0 0.8 0.4t0.4 0.8v10.3h1.1q0.5 0 0.8 0.4t0.3 0.8zM9.2 3.4v3.4q0 0.5-0.4 0.8t-0.8 0.4h-4.6q-0.4 0-0.8-0.4t-0.4-0.8v-3.4q0-0.4 0.4-0.8t0.8-0.4h4.6q0.5 0 0.8 0.4t0.4 0.8z\"\/><\/svg><\/span><\/a><\/li><\/ul><\/div><p>Es gibt dieses sch\u00f6ne Tool als Plugin bei WordPress, wo man sich anschauen kann, was man am gleichen Tag vor einigen Jahren geschrieben hat. Manchmal ist das Gepopeltes, manchmal aber auch ein Gedanke, der verloren ging im Superoutput des geschwollenen Wortes. Heute kam mir dieser Text unter die Augen:<\/p>\n<hr \/>\n<p>Im Manifest der politischen Akzelerationisten findet sich unter Punkt 17 folgender Passus:<\/p>\n<blockquote><p>\u201eZweitens m\u00fcssen wir eine weitreichende Medienreform durchf\u00fchren. Trotz der scheinbaren Demokratisierung durch das Internet und die sozialen Medien bestimmen die traditionellen Medien nach wie vor die Auswahl und Pr\u00e4sentationsform der Narrative und sie allein verf\u00fcgen \u00fcber die finanziellen M\u00f6glichkeiten, investigativen Journalismus zu betreiben. Diese K\u00f6rperschaften so weit wie m\u00f6glich unter \u00f6ffentliche Kontrolle zu bringen, ist entscheidend, um die derzeit vorherrschende Darstellung der Zust\u00e4nde aufzubrechen.\u201c<sup class=\"modern-footnotes-footnote \" data-mfn=\"1\" data-mfn-post-scope=\"0000000000003e110000000000000000_3641\"><a href=\"javascript:void(0)\"  role=\"button\" aria-pressed=\"false\" aria-describedby=\"mfn-content-0000000000003e110000000000000000_3641-1\">1<\/a><\/sup><span id=\"mfn-content-0000000000003e110000000000000000_3641-1\" role=\"tooltip\" class=\"modern-footnotes-footnote__note\" tabindex=\"0\" data-mfn=\"1\">#Accelerate \u2013 Manifest f\u00fcr eine akzelerationistische Politik, in: Armen Avanessian (Hg.): #Akzeleration, Berlin 2013, S. 35.<\/span><\/p><\/blockquote>\n<p>Diese Vorstellung d\u00fcrfte einigerma\u00dfen \u00fcberholt worden sein durch den Gang der Geschichte. Nicht, dass das Ergebnis irgendwie eingetreten w\u00e4re, sondern insofern, als die traditionellen Medien ihrer Aufgabe nachkommen w\u00fcrden. L\u00e4ngst spielen diese Informationen nicht mehr die Rolle, zumal wenn sie mit Gewissenhaftigkeit durchgef\u00fchrt werden. Somit bleibt fraglich auch, ob es durch eine \u00f6ffentliche Kontrolle m\u00f6glich w\u00e4re, einen anderen Zustand herzustellen. Denn, zweitens, was hei\u00dft in diesem Zusammenhang \u201e\u00f6ffentliche Kontrolle\u201c wenn die \u00d6ffentlichkeit ja selbst schon im Zustand der Zurichtung durch eine gesteuerte Wahrnehmung der existierenden Medien sich befindet. Soll das der Rat der Weisen \u00fcbernehmen? So etwas stellen sie sich vor. Siehe Punkt 14:<\/p>\n<blockquote><p>\u201eWir m\u00fcssen eine gemeinschaftlich kontrollierte, vertikale Autorit\u00e4t aufbauen \u2013 und zwar <em>zus\u00e4tzlich<\/em> zu verteilten horizontalen Formen der Vergesellschaftung \u2013, damit uns weder ein tyrannischer totalit\u00e4rer Zentralismus noch eine unberechenbare, neu aufstrebende Ordnung, die sich unserer Kontrolle entzieht, versklaven kann. Das Gebot des <em>Plans<\/em> muss mit der improvisierten Ordnung des <em>Netzwerks<\/em> vers\u00f6hnt werden.\u201c<sup class=\"modern-footnotes-footnote \" data-mfn=\"2\" data-mfn-post-scope=\"0000000000003e110000000000000000_3641\"><a href=\"javascript:void(0)\"  role=\"button\" aria-pressed=\"false\" aria-describedby=\"mfn-content-0000000000003e110000000000000000_3641-2\">2<\/a><\/sup><span id=\"mfn-content-0000000000003e110000000000000000_3641-2\" role=\"tooltip\" class=\"modern-footnotes-footnote__note\" tabindex=\"0\" data-mfn=\"2\">ebenda, S. 34.<\/span><\/p><\/blockquote>\n<p>Was man sich darunter vorstellen soll? Ein abstraktes Gebilde aus einer sozialen Idee. Letztlich abgehoben, die aber nicht kraft einer Verordnung zu errichten ist.<\/p>\n<blockquote><p>\u201eWas jetzt n\u00f6tig ist \u2013 was immer schon n\u00f6tig war \u2013 ist eine \u00d6kologie der Organisationen, ein Pluralismus aus Kr\u00e4ften, die fortw\u00e4hrend aufeinander reagieren und sich gegenseitig verst\u00e4rken.\u201c<sup class=\"modern-footnotes-footnote \" data-mfn=\"3\" data-mfn-post-scope=\"0000000000003e110000000000000000_3641\"><a href=\"javascript:void(0)\"  role=\"button\" aria-pressed=\"false\" aria-describedby=\"mfn-content-0000000000003e110000000000000000_3641-3\">3<\/a><\/sup><span id=\"mfn-content-0000000000003e110000000000000000_3641-3\" role=\"tooltip\" class=\"modern-footnotes-footnote__note\" tabindex=\"0\" data-mfn=\"3\">a.a.O.<\/span><\/p><\/blockquote>\n<p>Nur, woher soll dies kommen? Wie k\u00f6nnte das eine Macht entfalten, die der bestehenden entgegengesetzt w\u00e4re? Wie kann das in dem totalen Verblendungszusammenhang \u00fcberhaupt entwicklungsf\u00e4hig sein? Organisationen neigen dazu, sich zu entnetzen, sie neigen dazu, selbst in Konflikte mit anderen Organisationen zu treten. Sie sind allesamt dazu verdammt, nach vorne zu treten, statt in einen Zusammenhang. Sie neigen dazu, am Ende sich selbst zu zerm\u00fcrben. Nur, wer der Selbstzerm\u00fcrbung widerst\u00e4nde, w\u00e4re zur \u00d6kologie in der Lage. Doch in dieser Zeit haben andere l\u00e4ngst neue Fakten geschaffen. In der Tat m\u00fcsste man schneller sein, als der Schatten, der einen \u00fcberholt. Ich kenne keine Organisation, die dazu in der Lage w\u00e4re.<\/p>\n<hr \/>\n<p>Vielleicht passiert dies gerade tats\u00e4chlich ein bisschen. Indem man die desastr\u00f6se Situation erkennte, die Soziale Medien wie X vor allem dort entfalten, wo ihre Besitzer den gr\u00f6\u00dften Benefit f\u00fcr sich erkennen. Oder entsprechende Angst verbreiten.<\/p>\n<p>Wenn aktuell selbst die FAZ in Person von Michael Hanfeld klipp und klar zu X <a href=\"https:\/\/www.faz.net\/aktuell\/feuilleton\/medien\/ist-es-zeit-x-zu-verlassen-musk-manipuliert-moeglicherweise-per-algorithmus-110121390.html?premium=0x35a36c62089cca118037007b2bfee411f2069ffa781d91ca1bcf392882650b2a\">schreibt<\/a>:<\/p>\n<blockquote><p>Elon Musk hat sie zu seinem pers\u00f6nlichen Propagandakanal gemacht, zur Echokammer von Autokraten, Rechtsextremisten, Antisemiten, Rassisten und Sexisten. X, das ist heute ein vergifteter Ort und \u2013 es ist das Megafon der k\u00fcnftigen amerikanischen Regierung, die dann \u00fcber gleich zwei Digitalplattformen verf\u00fcgt \u2026<\/p><\/blockquote>\n<p>\u2026 dann sollte es jeder sehen k\u00f6nnen, der nicht wie Wolf Lotter von der Autokratie als Bildungsort <a href=\"https:\/\/www.kritische-masse.de\/logbuch\/2024\/11\/kulturwellenbrecherinnen-farben-der-pilze-der-mensch-muss-weg-lotterliches\/\">geblendet<\/a> ist.<\/p>\n<div class=\"shariff shariff-align-left shariff-widget-align-left\"><ul class=\"shariff-buttons theme-white orientation-horizontal buttonsize-small\"><li class=\"shariff-button mastodon shariff-nocustomcolor\" style=\"background-color:#563ACC\"><a href=\"https:\/\/s2f.kytta.dev\/?text=Eine%20%C3%BCberholte%20Beschleunigung%20%5B2016%5D https%3A%2F%2Fwww.kritische-masse.de%2Flogbuch%2F2024%2F11%2Feine-berholte-beschleunigung%2F\" title=\"Bei Mastodon teilen\" aria-label=\"Bei Mastodon teilen\" role=\"button\" rel=\"noopener nofollow\" class=\"shariff-link\" style=\"; background-color:#6364FF; color:#6364FF\" target=\"_blank\"><span class=\"shariff-icon\" style=\"fill:#6364FF\"><svg width=\"75\" height=\"79\" viewBox=\"0 0 75 79\" fill=\"none\" xmlns=\"http:\/\/www.w3.org\/2000\/svg\"><path d=\"M37.813-.025C32.462-.058 27.114.13 21.79.598c-8.544.621-17.214 5.58-20.203 13.931C-1.12 23.318.408 32.622.465 41.65c.375 7.316.943 14.78 3.392 21.73 4.365 9.465 14.781 14.537 24.782 15.385 7.64.698 15.761-.213 22.517-4.026a54.1 54.1 0 0 0 .01-6.232c-6.855 1.316-14.101 2.609-21.049 1.074-3.883-.88-6.876-4.237-7.25-8.215-1.53-3.988 3.78-.43 5.584-.883 9.048 1.224 18.282.776 27.303-.462 7.044-.837 14.26-4.788 16.65-11.833 2.263-6.135 1.215-12.79 1.698-19.177.06-3.84.09-7.692-.262-11.52C72.596 7.844 63.223.981 53.834.684a219.453 219.453 0 0 0-16.022-.71zm11.294 12.882c5.5-.067 10.801 4.143 11.67 9.653.338 1.48.471 3 .471 4.515v21.088h-8.357c-.07-7.588.153-15.182-.131-22.765-.587-4.368-7.04-5.747-9.672-2.397-2.422 3.04-1.47 7.155-1.67 10.735v6.392h-8.307c-.146-4.996.359-10.045-.404-15.002-1.108-4.218-7.809-5.565-10.094-1.666-1.685 3.046-.712 6.634-.976 9.936v14.767h-8.354c.109-8.165-.238-16.344.215-24.5.674-5.346 5.095-10.389 10.676-10.627 4.902-.739 10.103 2.038 12.053 6.631.375 1.435 1.76 1.932 1.994.084 1.844-3.704 5.501-6.739 9.785-6.771.367-.044.735-.068 1.101-.073z\"\/><defs><linearGradient id=\"paint0_linear_549_34\" x1=\"37.0692\" y1=\"0\" x2=\"37.0692\" y2=\"79\" gradientUnits=\"userSpaceOnUse\"><stop stop-color=\"#6364FF\"\/><stop offset=\"1\" stop-color=\"#563ACC\"\/><\/linearGradient><\/defs><\/svg><\/span><span class=\"shariff-text\" style=\"color:#6364FF\">teilen<\/span>&nbsp;<\/a><\/li><li class=\"shariff-button bluesky shariff-nocustomcolor\" style=\"background-color:#84c4ff\"><a href=\"https:\/\/bsky.app\/intent\/compose?text=Eine%20%C3%BCberholte%20Beschleunigung%20%5B2016%5D https%3A%2F%2Fwww.kritische-masse.de%2Flogbuch%2F2024%2F11%2Feine-berholte-beschleunigung%2F \" title=\"Bei Bluesky teilen\" aria-label=\"Bei Bluesky teilen\" role=\"button\" rel=\"noopener nofollow\" class=\"shariff-link\" style=\"; background-color:#0085ff; color:#0085ff\" target=\"_blank\"><span class=\"shariff-icon\" style=\"fill:#0085ff\"><svg width=\"20\" height=\"20\" version=\"1.1\" xmlns=\"http:\/\/www.w3.org\/2000\/svg\" viewBox=\"0 0 20 20\"><path class=\"st0\" d=\"M4.89,3.12c2.07,1.55,4.3,4.71,5.11,6.4.82-1.69,3.04-4.84,5.11-6.4,1.49-1.12,3.91-1.99,3.91.77,0,.55-.32,4.63-.5,5.3-.64,2.3-2.99,2.89-5.08,2.54,3.65.62,4.58,2.68,2.57,4.74-3.81,3.91-5.48-.98-5.9-2.23-.08-.23-.11-.34-.12-.25,0-.09-.04.02-.12.25-.43,1.25-2.09,6.14-5.9,2.23-2.01-2.06-1.08-4.12,2.57-4.74-2.09.36-4.44-.23-5.08-2.54-.19-.66-.5-4.74-.5-5.3,0-2.76,2.42-1.89,3.91-.77h0Z\"\/><\/svg><\/span><span class=\"shariff-text\" style=\"color:#0085ff\">teilen<\/span>&nbsp;<\/a><\/li><li class=\"shariff-button threema shariff-nocustomcolor shariff-mobile\" style=\"background-color:#4fbc24\"><a href=\"threema:\/\/compose?text=Eine%20%C3%BCberholte%20Beschleunigung%20%5B2016%5D%20https%3A%2F%2Fwww.kritische-masse.de%2Flogbuch%2F2024%2F11%2Feine-berholte-beschleunigung%2F\" title=\"Bei Threema teilen\" aria-label=\"Bei Threema teilen\" role=\"button\" rel=\"noopener nofollow\" class=\"shariff-link\" style=\"; background-color:#1f1f1f; color:#1f1f1f\" target=\"_blank\"><span class=\"shariff-icon\" style=\"fill:#1f1f1f\"><svg width=\"32px\" height=\"20px\" xmlns=\"http:\/\/www.w3.org\/2000\/svg\" viewBox=\"0 0 32 32\"><path fill=\"#1f1f1f\" d=\"M30.8 10.9c-0.3-1.4-0.9-2.6-1.8-3.8-2-2.6-5.5-4.5-9.4-5.2-1.3-0.2-1.9-0.3-3.5-0.3s-2.2 0-3.5 0.3c-4 0.7-7.4 2.6-9.4 5.2-0.9 1.2-1.5 2.4-1.8 3.8-0.1 0.5-0.2 1.2-0.2 1.6 0 0.4 0.1 1.1 0.2 1.6 0.4 1.9 1.3 3.4 2.9 5 0.8 0.8 0.8 0.8 0.7 1.3 0 0.6-0.5 1.6-1.7 3.6-0.3 0.5-0.5 0.9-0.5 0.9 0 0.1 0.1 0.1 0.5 0 0.8-0.2 2.3-0.6 5.6-1.6 1.1-0.3 1.3-0.4 2.3-0.4 0.8 0 1.1 0 2.3 0.2 1.5 0.2 3.5 0.2 4.9 0 5.1-0.6 9.3-2.9 11.4-6.3 0.5-0.9 0.9-1.8 1.1-2.8 0.1-0.5 0.2-1.1 0.2-1.6 0-0.7-0.1-1.1-0.2-1.6-0.3-1.4 0.1 0.5 0 0zM20.6 17.3c0 0.4-0.4 0.8-0.8 0.8h-7.7c-0.4 0-0.8-0.4-0.8-0.8v-4.6c0-0.4 0.4-0.8 0.8-0.8h0.2l0-1.6c0-0.9 0-1.8 0.1-2 0.1-0.6 0.6-1.2 1.1-1.7s1.1-0.7 1.9-0.8c1.8-0.3 3.7 0.7 4.2 2.2 0.1 0.3 0.1 0.7 0.1 2.1v0 1.7h0.1c0.4 0 0.8 0.4 0.8 0.8v4.6zM15.6 7.3c-0.5 0.1-0.8 0.3-1.2 0.6s-0.6 0.8-0.7 1.3c0 0.2 0 0.8 0 1.5l0 1.2h4.6v-1.3c0-1 0-1.4-0.1-1.6-0.3-1.1-1.5-1.9-2.6-1.7zM25.8 28.2c0 1.2-1 2.2-2.1 2.2s-2.1-1-2.1-2.1c0-1.2 1-2.1 2.2-2.1s2.2 1 2.2 2.2zM18.1 28.2c0 1.2-1 2.2-2.1 2.2s-2.1-1-2.1-2.1c0-1.2 1-2.1 2.2-2.1s2.2 1 2.2 2.2zM10.4 28.2c0 1.2-1 2.2-2.1 2.2s-2.1-1-2.1-2.1c0-1.2 1-2.1 2.2-2.1s2.2 1 2.2 2.2z\"\/><\/svg><\/span><span class=\"shariff-text\" style=\"color:#1f1f1f\">teilen<\/span>&nbsp;<\/a><\/li><li class=\"shariff-button facebook shariff-nocustomcolor\" style=\"background-color:#4273c8\"><a href=\"https:\/\/www.facebook.com\/sharer\/sharer.php?u=https%3A%2F%2Fwww.kritische-masse.de%2Flogbuch%2F2024%2F11%2Feine-berholte-beschleunigung%2F\" title=\"Bei Facebook teilen\" aria-label=\"Bei Facebook teilen\" role=\"button\" rel=\"nofollow\" class=\"shariff-link\" style=\"; background-color:#3b5998; color:#3b5998\" target=\"_blank\"><span class=\"shariff-icon\" style=\"fill:#3b5998\"><svg width=\"32px\" height=\"20px\" xmlns=\"http:\/\/www.w3.org\/2000\/svg\" viewBox=\"0 0 18 32\"><path fill=\"#3b5998\" d=\"M17.1 0.2v4.7h-2.8q-1.5 0-2.1 0.6t-0.5 1.9v3.4h5.2l-0.7 5.3h-4.5v13.6h-5.5v-13.6h-4.5v-5.3h4.5v-3.9q0-3.3 1.9-5.2t5-1.8q2.6 0 4.1 0.2z\"\/><\/svg><\/span><span class=\"shariff-text\" style=\"color:#3b5998\">teilen<\/span>&nbsp;<\/a><\/li><li class=\"shariff-button info shariff-nocustomcolor\" style=\"background-color:#a8a8a8\"><a href=\"http:\/\/ct.de\/-2467514\" title=\"Weitere Informationen\" aria-label=\"Weitere Informationen\" role=\"button\" rel=\"noopener \" class=\"shariff-link\" style=\"; background-color:#999; color:#999\" target=\"_blank\"><span class=\"shariff-icon\" style=\"fill:#999\"><svg width=\"32px\" height=\"20px\" xmlns=\"http:\/\/www.w3.org\/2000\/svg\" viewBox=\"0 0 11 32\"><path fill=\"#999\" d=\"M11.4 24v2.3q0 0.5-0.3 0.8t-0.8 0.4h-9.1q-0.5 0-0.8-0.4t-0.4-0.8v-2.3q0-0.5 0.4-0.8t0.8-0.4h1.1v-6.8h-1.1q-0.5 0-0.8-0.4t-0.4-0.8v-2.3q0-0.5 0.4-0.8t0.8-0.4h6.8q0.5 0 0.8 0.4t0.4 0.8v10.3h1.1q0.5 0 0.8 0.4t0.3 0.8zM9.2 3.4v3.4q0 0.5-0.4 0.8t-0.8 0.4h-4.6q-0.4 0-0.8-0.4t-0.4-0.8v-3.4q0-0.4 0.4-0.8t0.8-0.4h4.6q0.5 0 0.8 0.4t0.4 0.8z\"\/><\/svg><\/span><\/a><\/li><\/ul><\/div><h3 class=\"modern-footnotes-list-heading \">Fussnoten:<\/h3><ul class=\"modern-footnotes-list \"><li><span>1<\/span><div>#Accelerate \u2013 Manifest f\u00fcr eine akzelerationistische Politik, in: Armen Avanessian (Hg.): #Akzeleration, Berlin 2013, S. 35.<\/div><\/li><li><span>2<\/span><div>ebenda, S. 34.<\/div><\/li><li><span>3<\/span><div>a.a.O.<\/div><\/li><\/ul>","protected":false},"excerpt":{"rendered":"<p>\u201eWas jetzt n\u00f6tig ist \u2013 was immer schon n\u00f6tig war \u2013 ist eine \u00d6kologie der Organisationen, ein Pluralismus aus Kr\u00e4ften, die fortw\u00e4hrend aufeinander reagieren und sich gegenseitig verst\u00e4rken.\u201c <\/p>\n<div class=\"shariff shariff-align-left shariff-widget-align-left\"><ul class=\"shariff-buttons theme-white orientation-horizontal buttonsize-small\"><li class=\"shariff-button mastodon shariff-nocustomcolor\" style=\"background-color:#563ACC\"><a href=\"https:\/\/s2f.kytta.dev\/?text=Eine%20%C3%BCberholte%20Beschleunigung%20%5B2016%5D https%3A%2F%2Fwww.kritische-masse.de%2Flogbuch%2F2024%2F11%2Feine-berholte-beschleunigung%2F\" title=\"Bei Mastodon teilen\" aria-label=\"Bei Mastodon teilen\" role=\"button\" rel=\"noopener nofollow\" class=\"shariff-link\" style=\"; background-color:#6364FF; color:#6364FF\" target=\"_blank\"><span class=\"shariff-icon\" style=\"fill:#6364FF\"><svg width=\"75\" height=\"79\" viewBox=\"0 0 75 79\" fill=\"none\" xmlns=\"http:\/\/www.w3.org\/2000\/svg\"><path d=\"M37.813-.025C32.462-.058 27.114.13 21.79.598c-8.544.621-17.214 5.58-20.203 13.931C-1.12 23.318.408 32.622.465 41.65c.375 7.316.943 14.78 3.392 21.73 4.365 9.465 14.781 14.537 24.782 15.385 7.64.698 15.761-.213 22.517-4.026a54.1 54.1 0 0 0 .01-6.232c-6.855 1.316-14.101 2.609-21.049 1.074-3.883-.88-6.876-4.237-7.25-8.215-1.53-3.988 3.78-.43 5.584-.883 9.048 1.224 18.282.776 27.303-.462 7.044-.837 14.26-4.788 16.65-11.833 2.263-6.135 1.215-12.79 1.698-19.177.06-3.84.09-7.692-.262-11.52C72.596 7.844 63.223.981 53.834.684a219.453 219.453 0 0 0-16.022-.71zm11.294 12.882c5.5-.067 10.801 4.143 11.67 9.653.338 1.48.471 3 .471 4.515v21.088h-8.357c-.07-7.588.153-15.182-.131-22.765-.587-4.368-7.04-5.747-9.672-2.397-2.422 3.04-1.47 7.155-1.67 10.735v6.392h-8.307c-.146-4.996.359-10.045-.404-15.002-1.108-4.218-7.809-5.565-10.094-1.666-1.685 3.046-.712 6.634-.976 9.936v14.767h-8.354c.109-8.165-.238-16.344.215-24.5.674-5.346 5.095-10.389 10.676-10.627 4.902-.739 10.103 2.038 12.053 6.631.375 1.435 1.76 1.932 1.994.084 1.844-3.704 5.501-6.739 9.785-6.771.367-.044.735-.068 1.101-.073z\"\/><defs><linearGradient id=\"paint0_linear_549_34\" x1=\"37.0692\" y1=\"0\" x2=\"37.0692\" y2=\"79\" gradientUnits=\"userSpaceOnUse\"><stop stop-color=\"#6364FF\"\/><stop offset=\"1\" stop-color=\"#563ACC\"\/><\/linearGradient><\/defs><\/svg><\/span><span class=\"shariff-text\" style=\"color:#6364FF\">teilen<\/span>&nbsp;<\/a><\/li><li class=\"shariff-button bluesky shariff-nocustomcolor\" style=\"background-color:#84c4ff\"><a href=\"https:\/\/bsky.app\/intent\/compose?text=Eine%20%C3%BCberholte%20Beschleunigung%20%5B2016%5D https%3A%2F%2Fwww.kritische-masse.de%2Flogbuch%2F2024%2F11%2Feine-berholte-beschleunigung%2F \" title=\"Bei Bluesky teilen\" aria-label=\"Bei Bluesky teilen\" role=\"button\" rel=\"noopener nofollow\" class=\"shariff-link\" style=\"; background-color:#0085ff; color:#0085ff\" target=\"_blank\"><span class=\"shariff-icon\" style=\"fill:#0085ff\"><svg width=\"20\" height=\"20\" version=\"1.1\" xmlns=\"http:\/\/www.w3.org\/2000\/svg\" viewBox=\"0 0 20 20\"><path class=\"st0\" d=\"M4.89,3.12c2.07,1.55,4.3,4.71,5.11,6.4.82-1.69,3.04-4.84,5.11-6.4,1.49-1.12,3.91-1.99,3.91.77,0,.55-.32,4.63-.5,5.3-.64,2.3-2.99,2.89-5.08,2.54,3.65.62,4.58,2.68,2.57,4.74-3.81,3.91-5.48-.98-5.9-2.23-.08-.23-.11-.34-.12-.25,0-.09-.04.02-.12.25-.43,1.25-2.09,6.14-5.9,2.23-2.01-2.06-1.08-4.12,2.57-4.74-2.09.36-4.44-.23-5.08-2.54-.19-.66-.5-4.74-.5-5.3,0-2.76,2.42-1.89,3.91-.77h0Z\"\/><\/svg><\/span><span class=\"shariff-text\" style=\"color:#0085ff\">teilen<\/span>&nbsp;<\/a><\/li><li class=\"shariff-button threema shariff-nocustomcolor shariff-mobile\" style=\"background-color:#4fbc24\"><a href=\"threema:\/\/compose?text=Eine%20%C3%BCberholte%20Beschleunigung%20%5B2016%5D%20https%3A%2F%2Fwww.kritische-masse.de%2Flogbuch%2F2024%2F11%2Feine-berholte-beschleunigung%2F\" title=\"Bei Threema teilen\" aria-label=\"Bei Threema teilen\" role=\"button\" rel=\"noopener nofollow\" class=\"shariff-link\" style=\"; background-color:#1f1f1f; color:#1f1f1f\" target=\"_blank\"><span class=\"shariff-icon\" style=\"fill:#1f1f1f\"><svg width=\"32px\" height=\"20px\" xmlns=\"http:\/\/www.w3.org\/2000\/svg\" viewBox=\"0 0 32 32\"><path fill=\"#1f1f1f\" d=\"M30.8 10.9c-0.3-1.4-0.9-2.6-1.8-3.8-2-2.6-5.5-4.5-9.4-5.2-1.3-0.2-1.9-0.3-3.5-0.3s-2.2 0-3.5 0.3c-4 0.7-7.4 2.6-9.4 5.2-0.9 1.2-1.5 2.4-1.8 3.8-0.1 0.5-0.2 1.2-0.2 1.6 0 0.4 0.1 1.1 0.2 1.6 0.4 1.9 1.3 3.4 2.9 5 0.8 0.8 0.8 0.8 0.7 1.3 0 0.6-0.5 1.6-1.7 3.6-0.3 0.5-0.5 0.9-0.5 0.9 0 0.1 0.1 0.1 0.5 0 0.8-0.2 2.3-0.6 5.6-1.6 1.1-0.3 1.3-0.4 2.3-0.4 0.8 0 1.1 0 2.3 0.2 1.5 0.2 3.5 0.2 4.9 0 5.1-0.6 9.3-2.9 11.4-6.3 0.5-0.9 0.9-1.8 1.1-2.8 0.1-0.5 0.2-1.1 0.2-1.6 0-0.7-0.1-1.1-0.2-1.6-0.3-1.4 0.1 0.5 0 0zM20.6 17.3c0 0.4-0.4 0.8-0.8 0.8h-7.7c-0.4 0-0.8-0.4-0.8-0.8v-4.6c0-0.4 0.4-0.8 0.8-0.8h0.2l0-1.6c0-0.9 0-1.8 0.1-2 0.1-0.6 0.6-1.2 1.1-1.7s1.1-0.7 1.9-0.8c1.8-0.3 3.7 0.7 4.2 2.2 0.1 0.3 0.1 0.7 0.1 2.1v0 1.7h0.1c0.4 0 0.8 0.4 0.8 0.8v4.6zM15.6 7.3c-0.5 0.1-0.8 0.3-1.2 0.6s-0.6 0.8-0.7 1.3c0 0.2 0 0.8 0 1.5l0 1.2h4.6v-1.3c0-1 0-1.4-0.1-1.6-0.3-1.1-1.5-1.9-2.6-1.7zM25.8 28.2c0 1.2-1 2.2-2.1 2.2s-2.1-1-2.1-2.1c0-1.2 1-2.1 2.2-2.1s2.2 1 2.2 2.2zM18.1 28.2c0 1.2-1 2.2-2.1 2.2s-2.1-1-2.1-2.1c0-1.2 1-2.1 2.2-2.1s2.2 1 2.2 2.2zM10.4 28.2c0 1.2-1 2.2-2.1 2.2s-2.1-1-2.1-2.1c0-1.2 1-2.1 2.2-2.1s2.2 1 2.2 2.2z\"\/><\/svg><\/span><span class=\"shariff-text\" style=\"color:#1f1f1f\">teilen<\/span>&nbsp;<\/a><\/li><li class=\"shariff-button facebook shariff-nocustomcolor\" style=\"background-color:#4273c8\"><a href=\"https:\/\/www.facebook.com\/sharer\/sharer.php?u=https%3A%2F%2Fwww.kritische-masse.de%2Flogbuch%2F2024%2F11%2Feine-berholte-beschleunigung%2F\" title=\"Bei Facebook teilen\" aria-label=\"Bei Facebook teilen\" role=\"button\" rel=\"nofollow\" class=\"shariff-link\" style=\"; background-color:#3b5998; color:#3b5998\" target=\"_blank\"><span class=\"shariff-icon\" style=\"fill:#3b5998\"><svg width=\"32px\" height=\"20px\" xmlns=\"http:\/\/www.w3.org\/2000\/svg\" viewBox=\"0 0 18 32\"><path fill=\"#3b5998\" d=\"M17.1 0.2v4.7h-2.8q-1.5 0-2.1 0.6t-0.5 1.9v3.4h5.2l-0.7 5.3h-4.5v13.6h-5.5v-13.6h-4.5v-5.3h4.5v-3.9q0-3.3 1.9-5.2t5-1.8q2.6 0 4.1 0.2z\"\/><\/svg><\/span><span class=\"shariff-text\" style=\"color:#3b5998\">teilen<\/span>&nbsp;<\/a><\/li><li class=\"shariff-button info shariff-nocustomcolor\" style=\"background-color:#a8a8a8\"><a href=\"http:\/\/ct.de\/-2467514\" title=\"Weitere Informationen\" aria-label=\"Weitere Informationen\" role=\"button\" rel=\"noopener \" class=\"shariff-link\" style=\"; background-color:#999; color:#999\" target=\"_blank\"><span class=\"shariff-icon\" style=\"fill:#999\"><svg width=\"32px\" height=\"20px\" xmlns=\"http:\/\/www.w3.org\/2000\/svg\" viewBox=\"0 0 11 32\"><path fill=\"#999\" d=\"M11.4 24v2.3q0 0.5-0.3 0.8t-0.8 0.4h-9.1q-0.5 0-0.8-0.4t-0.4-0.8v-2.3q0-0.5 0.4-0.8t0.8-0.4h1.1v-6.8h-1.1q-0.5 0-0.8-0.4t-0.4-0.8v-2.3q0-0.5 0.4-0.8t0.8-0.4h6.8q0.5 0 0.8 0.4t0.4 0.8v10.3h1.1q0.5 0 0.8 0.4t0.3 0.8zM9.2 3.4v3.4q0 0.5-0.4 0.8t-0.8 0.4h-4.6q-0.4 0-0.8-0.4t-0.4-0.8v-3.4q0-0.4 0.4-0.8t0.8-0.4h4.6q0.5 0 0.8 0.4t0.4 0.8z\"\/><\/svg><\/span><\/a><\/li><\/ul><\/div>","protected":false},"author":2,"featured_media":3642,"comment_status":"closed","ping_status":"open","sticky":false,"template":"","format":"standard","meta":{"ocean_post_layout":"","ocean_both_sidebars_style":"","ocean_both_sidebars_content_width":0,"ocean_both_sidebars_sidebars_width":0,"ocean_sidebar":"","ocean_second_sidebar":"","ocean_disable_margins":"enable","ocean_add_body_class":"","ocean_shortcode_before_top_bar":"","ocean_shortcode_after_top_bar":"","ocean_shortcode_before_header":"","ocean_shortcode_after_header":"","ocean_has_shortcode":"","ocean_shortcode_after_title":"","ocean_shortcode_before_footer_widgets":"","ocean_shortcode_after_footer_widgets":"","ocean_shortcode_before_footer_bottom":"","ocean_shortcode_after_footer_bottom":"","ocean_display_top_bar":"default","ocean_display_header":"default","ocean_header_style":"","ocean_center_header_left_menu":"","ocean_custom_header_template":"","ocean_custom_logo":0,"ocean_custom_retina_logo":0,"ocean_custom_logo_max_width":0,"ocean_custom_logo_tablet_max_width":0,"ocean_custom_logo_mobile_max_width":0,"ocean_custom_logo_max_height":0,"ocean_custom_logo_tablet_max_height":0,"ocean_custom_logo_mobile_max_height":0,"ocean_header_custom_menu":"","ocean_menu_typo_font_family":"","ocean_menu_typo_font_subset":"","ocean_menu_typo_font_size":0,"ocean_menu_typo_font_size_tablet":0,"ocean_menu_typo_font_size_mobile":0,"ocean_menu_typo_font_size_unit":"px","ocean_menu_typo_font_weight":"","ocean_menu_typo_font_weight_tablet":"","ocean_menu_typo_font_weight_mobile":"","ocean_menu_typo_transform":"","ocean_menu_typo_transform_tablet":"","ocean_menu_typo_transform_mobile":"","ocean_menu_typo_line_height":0,"ocean_menu_typo_line_height_tablet":0,"ocean_menu_typo_line_height_mobile":0,"ocean_menu_typo_line_height_unit":"","ocean_menu_typo_spacing":0,"ocean_menu_typo_spacing_tablet":0,"ocean_menu_typo_spacing_mobile":0,"ocean_menu_typo_spacing_unit":"","ocean_menu_link_color":"","ocean_menu_link_color_hover":"","ocean_menu_link_color_active":"","ocean_menu_link_background":"","ocean_menu_link_hover_background":"","ocean_menu_link_active_background":"","ocean_menu_social_links_bg":"","ocean_menu_social_hover_links_bg":"","ocean_menu_social_links_color":"","ocean_menu_social_hover_links_color":"","ocean_disable_title":"default","ocean_disable_heading":"default","ocean_post_title":"","ocean_post_subheading":"","ocean_post_title_style":"","ocean_post_title_background_color":"","ocean_post_title_background":0,"ocean_post_title_bg_image_position":"","ocean_post_title_bg_image_attachment":"","ocean_post_title_bg_image_repeat":"","ocean_post_title_bg_image_size":"","ocean_post_title_height":0,"ocean_post_title_bg_overlay":0.5,"ocean_post_title_bg_overlay_color":"","ocean_disable_breadcrumbs":"default","ocean_breadcrumbs_color":"","ocean_breadcrumbs_separator_color":"","ocean_breadcrumbs_links_color":"","ocean_breadcrumbs_links_hover_color":"","ocean_display_footer_widgets":"default","ocean_display_footer_bottom":"default","ocean_custom_footer_template":"","osh_disable_topbar_sticky":"default","osh_disable_header_sticky":"default","osh_sticky_header_style":"default","osh_sticky_header_effect":"","osh_custom_sticky_logo":0,"osh_custom_retina_sticky_logo":0,"osh_custom_sticky_logo_height":0,"osh_background_color":"","osh_links_color":"","osh_links_hover_color":"","osh_links_active_color":"","osh_links_bg_color":"","osh_links_hover_bg_color":"","osh_links_active_bg_color":"","osh_menu_social_links_color":"","osh_menu_social_hover_links_color":"","_FSMCFIC_featured_image_caption":"","_FSMCFIC_featured_image_nocaption":"","_FSMCFIC_featured_image_hide":"","_metis_text_type":"standard","_metis_text_length":4220,"_post_count":0,"_jetpack_memberships_contains_paid_content":false,"activitypub_content_warning":"","activitypub_content_visibility":"","activitypub_max_image_attachments":4,"activitypub_interaction_policy_quote":"anyone","activitypub_status":"","ocean_post_oembed":"","ocean_post_self_hosted_media":"","ocean_post_video_embed":"","ocean_link_format":"","ocean_link_format_target":"self","ocean_quote_format":"","ocean_quote_format_link":"post","ocean_gallery_link_images":"on","ocean_gallery_id":[],"footnotes":"","jetpack_publicize_message":"Eine \u00fcberholte Beschleunigung [2016] \u201eWas jetzt n\u00f6tig ist \u2013 was immer schon n\u00f6tig war \u2013 ist eine \u00d6kologie der Organisationen, ein Pluralismus aus Kr\u00e4ften, die fortw\u00e4hrend aufeinander reagieren und sich gegenseitig verst\u00e4rken.\u201c","jetpack_publicize_feature_enabled":true,"jetpack_social_post_already_shared":false,"jetpack_social_options":{"image_generator_settings":{"template":"highway","default_image_id":0,"font":"","enabled":false},"version":2}},"categories":[2647,2651,2650,2648],"tags":[1688],"class_list":["post-3641","post","type-post","status-publish","format-standard","has-post-thumbnail","hentry","category-angriffauf","category-dasnetz","category-diestdte","category-dieurteilskraft","tag-akzelerationismus","entry","has-media"],"yoast_head":"<!-- This site is optimized with the Yoast SEO plugin v27.5 - https:\/\/yoast.com\/product\/yoast-seo-wordpress\/ -->\n<title>Eine \u00fcberholte Beschleunigung [2016] - Kritische Masse<\/title>\n<meta name=\"robots\" content=\"index, follow, max-snippet:-1, max-image-preview:large, max-video-preview:-1\" \/>\n<link rel=\"canonical\" href=\"https:\/\/www.kritische-masse.de\/logbuch\/2024\/11\/eine-berholte-beschleunigung\/\" \/>\n<meta property=\"og:locale\" content=\"de_DE\" \/>\n<meta property=\"og:type\" content=\"article\" \/>\n<meta property=\"og:title\" content=\"Eine \u00fcberholte Beschleunigung [2016] - Kritische Masse\" \/>\n<meta property=\"og:description\" content=\"\u201eWas jetzt n\u00f6tig ist \u2013 was immer schon n\u00f6tig war \u2013 ist eine \u00d6kologie der Organisationen, ein Pluralismus aus Kr\u00e4ften, die fortw\u00e4hrend aufeinander reagieren und sich gegenseitig verst\u00e4rken.\u201c\" \/>\n<meta property=\"og:url\" content=\"https:\/\/www.kritische-masse.de\/logbuch\/2024\/11\/eine-berholte-beschleunigung\/\" \/>\n<meta property=\"og:site_name\" content=\"Kritische Masse\" \/>\n<meta property=\"article:publisher\" content=\"https:\/\/www.facebook.com\/hufner\" \/>\n<meta property=\"article:published_time\" content=\"2024-11-20T17:30:44+00:00\" \/>\n<meta property=\"article:modified_time\" content=\"2024-11-20T17:46:36+00:00\" \/>\n<meta property=\"og:image\" content=\"https:\/\/www.kritische-masse.de\/logbuch\/wp-content\/uploads\/2016\/11\/nebellandschaft_c_hufner.jpg\" \/>\n\t<meta property=\"og:image:width\" content=\"1200\" \/>\n\t<meta property=\"og:image:height\" content=\"900\" \/>\n\t<meta property=\"og:image:type\" content=\"image\/jpeg\" \/>\n<meta name=\"author\" content=\"huflaikhan\" \/>\n<meta name=\"twitter:label1\" content=\"Verfasst von\" \/>\n\t<meta name=\"twitter:data1\" content=\"huflaikhan\" \/>\n\t<meta name=\"twitter:label2\" content=\"Gesch\u00e4tzte Lesezeit\" \/>\n\t<meta name=\"twitter:data2\" content=\"3\u00a0Minuten\" \/>\n<script type=\"application\/ld+json\" class=\"yoast-schema-graph\">{\"@context\":\"https:\\\/\\\/schema.org\",\"@graph\":[{\"@type\":\"Article\",\"@id\":\"https:\\\/\\\/www.kritische-masse.de\\\/logbuch\\\/2024\\\/11\\\/eine-berholte-beschleunigung\\\/#article\",\"isPartOf\":{\"@id\":\"https:\\\/\\\/www.kritische-masse.de\\\/logbuch\\\/2024\\\/11\\\/eine-berholte-beschleunigung\\\/\"},\"author\":{\"name\":\"huflaikhan\",\"@id\":\"https:\\\/\\\/www.kritische-masse.de\\\/logbuch\\\/#\\\/schema\\\/person\\\/68ba534ff428038503fc5320a3c8f932\"},\"headline\":\"Eine \u00fcberholte Beschleunigung [2016]\",\"datePublished\":\"2024-11-20T17:30:44+00:00\",\"dateModified\":\"2024-11-20T17:46:36+00:00\",\"mainEntityOfPage\":{\"@id\":\"https:\\\/\\\/www.kritische-masse.de\\\/logbuch\\\/2024\\\/11\\\/eine-berholte-beschleunigung\\\/\"},\"wordCount\":620,\"publisher\":{\"@id\":\"https:\\\/\\\/www.kritische-masse.de\\\/logbuch\\\/#\\\/schema\\\/person\\\/14c491f46504e7f6b79db161f76def1c\"},\"image\":{\"@id\":\"https:\\\/\\\/www.kritische-masse.de\\\/logbuch\\\/2024\\\/11\\\/eine-berholte-beschleunigung\\\/#primaryimage\"},\"thumbnailUrl\":\"https:\\\/\\\/i0.wp.com\\\/www.kritische-masse.de\\\/logbuch\\\/wp-content\\\/uploads\\\/2016\\\/11\\\/nebellandschaft_c_hufner.jpg?fit=1200%2C900&ssl=1\",\"keywords\":[\"Akzelerationismus\"],\"articleSection\":[\"Angriff auf \u2026\",\"das Netz\",\"die St\u00e4dte\",\"die Urteilskraft\"],\"inLanguage\":\"de\"},{\"@type\":\"WebPage\",\"@id\":\"https:\\\/\\\/www.kritische-masse.de\\\/logbuch\\\/2024\\\/11\\\/eine-berholte-beschleunigung\\\/\",\"url\":\"https:\\\/\\\/www.kritische-masse.de\\\/logbuch\\\/2024\\\/11\\\/eine-berholte-beschleunigung\\\/\",\"name\":\"Eine \u00fcberholte Beschleunigung [2016] - Kritische Masse\",\"isPartOf\":{\"@id\":\"https:\\\/\\\/www.kritische-masse.de\\\/logbuch\\\/#website\"},\"primaryImageOfPage\":{\"@id\":\"https:\\\/\\\/www.kritische-masse.de\\\/logbuch\\\/2024\\\/11\\\/eine-berholte-beschleunigung\\\/#primaryimage\"},\"image\":{\"@id\":\"https:\\\/\\\/www.kritische-masse.de\\\/logbuch\\\/2024\\\/11\\\/eine-berholte-beschleunigung\\\/#primaryimage\"},\"thumbnailUrl\":\"https:\\\/\\\/i0.wp.com\\\/www.kritische-masse.de\\\/logbuch\\\/wp-content\\\/uploads\\\/2016\\\/11\\\/nebellandschaft_c_hufner.jpg?fit=1200%2C900&ssl=1\",\"datePublished\":\"2024-11-20T17:30:44+00:00\",\"dateModified\":\"2024-11-20T17:46:36+00:00\",\"breadcrumb\":{\"@id\":\"https:\\\/\\\/www.kritische-masse.de\\\/logbuch\\\/2024\\\/11\\\/eine-berholte-beschleunigung\\\/#breadcrumb\"},\"inLanguage\":\"de\",\"potentialAction\":[{\"@type\":\"ReadAction\",\"target\":[\"https:\\\/\\\/www.kritische-masse.de\\\/logbuch\\\/2024\\\/11\\\/eine-berholte-beschleunigung\\\/\"]}]},{\"@type\":\"ImageObject\",\"inLanguage\":\"de\",\"@id\":\"https:\\\/\\\/www.kritische-masse.de\\\/logbuch\\\/2024\\\/11\\\/eine-berholte-beschleunigung\\\/#primaryimage\",\"url\":\"https:\\\/\\\/i0.wp.com\\\/www.kritische-masse.de\\\/logbuch\\\/wp-content\\\/uploads\\\/2016\\\/11\\\/nebellandschaft_c_hufner.jpg?fit=1200%2C900&ssl=1\",\"contentUrl\":\"https:\\\/\\\/i0.wp.com\\\/www.kritische-masse.de\\\/logbuch\\\/wp-content\\\/uploads\\\/2016\\\/11\\\/nebellandschaft_c_hufner.jpg?fit=1200%2C900&ssl=1\",\"width\":1200,\"height\":900,\"caption\":\"Im Nebel. Foto: Hufner\"},{\"@type\":\"BreadcrumbList\",\"@id\":\"https:\\\/\\\/www.kritische-masse.de\\\/logbuch\\\/2024\\\/11\\\/eine-berholte-beschleunigung\\\/#breadcrumb\",\"itemListElement\":[{\"@type\":\"ListItem\",\"position\":1,\"name\":\"Startseite\",\"item\":\"https:\\\/\\\/www.kritische-masse.de\\\/logbuch\\\/\"},{\"@type\":\"ListItem\",\"position\":2,\"name\":\"Eine \u00fcberholte Beschleunigung [2016]\"}]},{\"@type\":\"WebSite\",\"@id\":\"https:\\\/\\\/www.kritische-masse.de\\\/logbuch\\\/#website\",\"url\":\"https:\\\/\\\/www.kritische-masse.de\\\/logbuch\\\/\",\"name\":\"kritische masse\",\"description\":\"amt f\u00fcr vermassungsschutz\",\"publisher\":{\"@id\":\"https:\\\/\\\/www.kritische-masse.de\\\/logbuch\\\/#\\\/schema\\\/person\\\/14c491f46504e7f6b79db161f76def1c\"},\"alternateName\":\"das logbuch der kritischen masse\",\"potentialAction\":[{\"@type\":\"SearchAction\",\"target\":{\"@type\":\"EntryPoint\",\"urlTemplate\":\"https:\\\/\\\/www.kritische-masse.de\\\/logbuch\\\/?s={search_term_string}\"},\"query-input\":{\"@type\":\"PropertyValueSpecification\",\"valueRequired\":true,\"valueName\":\"search_term_string\"}}],\"inLanguage\":\"de\"},{\"@type\":[\"Person\",\"Organization\"],\"@id\":\"https:\\\/\\\/www.kritische-masse.de\\\/logbuch\\\/#\\\/schema\\\/person\\\/14c491f46504e7f6b79db161f76def1c\",\"name\":\"der huflaikhan\",\"image\":{\"@type\":\"ImageObject\",\"inLanguage\":\"de\",\"@id\":\"https:\\\/\\\/www.kritische-masse.de\\\/logbuch\\\/wp-content\\\/uploads\\\/2024\\\/01\\\/cropped-kritischmasse_man_512.jpg\",\"url\":\"https:\\\/\\\/www.kritische-masse.de\\\/logbuch\\\/wp-content\\\/uploads\\\/2024\\\/01\\\/cropped-kritischmasse_man_512.jpg\",\"contentUrl\":\"https:\\\/\\\/www.kritische-masse.de\\\/logbuch\\\/wp-content\\\/uploads\\\/2024\\\/01\\\/cropped-kritischmasse_man_512.jpg\",\"width\":512,\"height\":512,\"caption\":\"der huflaikhan\"},\"logo\":{\"@id\":\"https:\\\/\\\/www.kritische-masse.de\\\/logbuch\\\/wp-content\\\/uploads\\\/2024\\\/01\\\/cropped-kritischmasse_man_512.jpg\"},\"description\":\"Betreiber der Kritischen Masse seit 1995. Seit 2023 Wiederaufnahme. Promotion mit einer Arbeit \u00fcber Adornos kompositorische und theoretische Auseinandersetzung mit der Zw\u00f6lftontechnik. Arbeit f\u00fcr den Bayerischen und den Mitteldeutschen Rundfunk als freier Autor und Regisseur \u2013 zumindest bis Ende 2015. Online-Redaktion f\u00fcr neue musikzeitung, Jazzzeitung und Oper &amp; Tanz. Ungl\u00fccklich, aber fast taub.\",\"sameAs\":[\"https:\\\/\\\/www.kritische-masse.de\\\/logbuch\\\/\",\"https:\\\/\\\/www.facebook.com\\\/hufner\"]},{\"@type\":\"Person\",\"@id\":\"https:\\\/\\\/www.kritische-masse.de\\\/logbuch\\\/#\\\/schema\\\/person\\\/68ba534ff428038503fc5320a3c8f932\",\"name\":\"huflaikhan\",\"image\":{\"@type\":\"ImageObject\",\"inLanguage\":\"de\",\"@id\":\"https:\\\/\\\/secure.gravatar.com\\\/avatar\\\/501e6823cd63847c2e8d3e53092cfbaf5f572cd136981466e10cf90502235bec?s=96&d=blank&r=g\",\"url\":\"https:\\\/\\\/secure.gravatar.com\\\/avatar\\\/501e6823cd63847c2e8d3e53092cfbaf5f572cd136981466e10cf90502235bec?s=96&d=blank&r=g\",\"contentUrl\":\"https:\\\/\\\/secure.gravatar.com\\\/avatar\\\/501e6823cd63847c2e8d3e53092cfbaf5f572cd136981466e10cf90502235bec?s=96&d=blank&r=g\",\"caption\":\"huflaikhan\"},\"description\":\"Musikwissenschaftler, Ideologiekritiker seit 1964.\",\"sameAs\":[\"https:\\\/\\\/kritische-masse.de\"],\"url\":\"https:\\\/\\\/www.kritische-masse.de\\\/logbuch\\\/author\\\/huflaikhan\\\/\"}]}<\/script>\n<!-- \/ Yoast SEO plugin. -->","yoast_head_json":{"title":"Eine \u00fcberholte Beschleunigung [2016] - Kritische Masse","robots":{"index":"index","follow":"follow","max-snippet":"max-snippet:-1","max-image-preview":"max-image-preview:large","max-video-preview":"max-video-preview:-1"},"canonical":"https:\/\/www.kritische-masse.de\/logbuch\/2024\/11\/eine-berholte-beschleunigung\/","og_locale":"de_DE","og_type":"article","og_title":"Eine \u00fcberholte Beschleunigung [2016] - Kritische Masse","og_description":"\u201eWas jetzt n\u00f6tig ist \u2013 was immer schon n\u00f6tig war \u2013 ist eine \u00d6kologie der Organisationen, ein Pluralismus aus Kr\u00e4ften, die fortw\u00e4hrend aufeinander reagieren und sich gegenseitig verst\u00e4rken.\u201c","og_url":"https:\/\/www.kritische-masse.de\/logbuch\/2024\/11\/eine-berholte-beschleunigung\/","og_site_name":"Kritische Masse","article_publisher":"https:\/\/www.facebook.com\/hufner","article_published_time":"2024-11-20T17:30:44+00:00","article_modified_time":"2024-11-20T17:46:36+00:00","og_image":[{"width":1200,"height":900,"url":"https:\/\/www.kritische-masse.de\/logbuch\/wp-content\/uploads\/2016\/11\/nebellandschaft_c_hufner.jpg","type":"image\/jpeg"}],"author":"huflaikhan","twitter_misc":{"Verfasst von":"huflaikhan","Gesch\u00e4tzte Lesezeit":"3\u00a0Minuten"},"schema":{"@context":"https:\/\/schema.org","@graph":[{"@type":"Article","@id":"https:\/\/www.kritische-masse.de\/logbuch\/2024\/11\/eine-berholte-beschleunigung\/#article","isPartOf":{"@id":"https:\/\/www.kritische-masse.de\/logbuch\/2024\/11\/eine-berholte-beschleunigung\/"},"author":{"name":"huflaikhan","@id":"https:\/\/www.kritische-masse.de\/logbuch\/#\/schema\/person\/68ba534ff428038503fc5320a3c8f932"},"headline":"Eine \u00fcberholte Beschleunigung [2016]","datePublished":"2024-11-20T17:30:44+00:00","dateModified":"2024-11-20T17:46:36+00:00","mainEntityOfPage":{"@id":"https:\/\/www.kritische-masse.de\/logbuch\/2024\/11\/eine-berholte-beschleunigung\/"},"wordCount":620,"publisher":{"@id":"https:\/\/www.kritische-masse.de\/logbuch\/#\/schema\/person\/14c491f46504e7f6b79db161f76def1c"},"image":{"@id":"https:\/\/www.kritische-masse.de\/logbuch\/2024\/11\/eine-berholte-beschleunigung\/#primaryimage"},"thumbnailUrl":"https:\/\/i0.wp.com\/www.kritische-masse.de\/logbuch\/wp-content\/uploads\/2016\/11\/nebellandschaft_c_hufner.jpg?fit=1200%2C900&ssl=1","keywords":["Akzelerationismus"],"articleSection":["Angriff auf \u2026","das Netz","die St\u00e4dte","die Urteilskraft"],"inLanguage":"de"},{"@type":"WebPage","@id":"https:\/\/www.kritische-masse.de\/logbuch\/2024\/11\/eine-berholte-beschleunigung\/","url":"https:\/\/www.kritische-masse.de\/logbuch\/2024\/11\/eine-berholte-beschleunigung\/","name":"Eine \u00fcberholte Beschleunigung [2016] - Kritische Masse","isPartOf":{"@id":"https:\/\/www.kritische-masse.de\/logbuch\/#website"},"primaryImageOfPage":{"@id":"https:\/\/www.kritische-masse.de\/logbuch\/2024\/11\/eine-berholte-beschleunigung\/#primaryimage"},"image":{"@id":"https:\/\/www.kritische-masse.de\/logbuch\/2024\/11\/eine-berholte-beschleunigung\/#primaryimage"},"thumbnailUrl":"https:\/\/i0.wp.com\/www.kritische-masse.de\/logbuch\/wp-content\/uploads\/2016\/11\/nebellandschaft_c_hufner.jpg?fit=1200%2C900&ssl=1","datePublished":"2024-11-20T17:30:44+00:00","dateModified":"2024-11-20T17:46:36+00:00","breadcrumb":{"@id":"https:\/\/www.kritische-masse.de\/logbuch\/2024\/11\/eine-berholte-beschleunigung\/#breadcrumb"},"inLanguage":"de","potentialAction":[{"@type":"ReadAction","target":["https:\/\/www.kritische-masse.de\/logbuch\/2024\/11\/eine-berholte-beschleunigung\/"]}]},{"@type":"ImageObject","inLanguage":"de","@id":"https:\/\/www.kritische-masse.de\/logbuch\/2024\/11\/eine-berholte-beschleunigung\/#primaryimage","url":"https:\/\/i0.wp.com\/www.kritische-masse.de\/logbuch\/wp-content\/uploads\/2016\/11\/nebellandschaft_c_hufner.jpg?fit=1200%2C900&ssl=1","contentUrl":"https:\/\/i0.wp.com\/www.kritische-masse.de\/logbuch\/wp-content\/uploads\/2016\/11\/nebellandschaft_c_hufner.jpg?fit=1200%2C900&ssl=1","width":1200,"height":900,"caption":"Im Nebel. Foto: Hufner"},{"@type":"BreadcrumbList","@id":"https:\/\/www.kritische-masse.de\/logbuch\/2024\/11\/eine-berholte-beschleunigung\/#breadcrumb","itemListElement":[{"@type":"ListItem","position":1,"name":"Startseite","item":"https:\/\/www.kritische-masse.de\/logbuch\/"},{"@type":"ListItem","position":2,"name":"Eine \u00fcberholte Beschleunigung [2016]"}]},{"@type":"WebSite","@id":"https:\/\/www.kritische-masse.de\/logbuch\/#website","url":"https:\/\/www.kritische-masse.de\/logbuch\/","name":"kritische masse","description":"amt f\u00fcr vermassungsschutz","publisher":{"@id":"https:\/\/www.kritische-masse.de\/logbuch\/#\/schema\/person\/14c491f46504e7f6b79db161f76def1c"},"alternateName":"das logbuch der kritischen masse","potentialAction":[{"@type":"SearchAction","target":{"@type":"EntryPoint","urlTemplate":"https:\/\/www.kritische-masse.de\/logbuch\/?s={search_term_string}"},"query-input":{"@type":"PropertyValueSpecification","valueRequired":true,"valueName":"search_term_string"}}],"inLanguage":"de"},{"@type":["Person","Organization"],"@id":"https:\/\/www.kritische-masse.de\/logbuch\/#\/schema\/person\/14c491f46504e7f6b79db161f76def1c","name":"der huflaikhan","image":{"@type":"ImageObject","inLanguage":"de","@id":"https:\/\/www.kritische-masse.de\/logbuch\/wp-content\/uploads\/2024\/01\/cropped-kritischmasse_man_512.jpg","url":"https:\/\/www.kritische-masse.de\/logbuch\/wp-content\/uploads\/2024\/01\/cropped-kritischmasse_man_512.jpg","contentUrl":"https:\/\/www.kritische-masse.de\/logbuch\/wp-content\/uploads\/2024\/01\/cropped-kritischmasse_man_512.jpg","width":512,"height":512,"caption":"der huflaikhan"},"logo":{"@id":"https:\/\/www.kritische-masse.de\/logbuch\/wp-content\/uploads\/2024\/01\/cropped-kritischmasse_man_512.jpg"},"description":"Betreiber der Kritischen Masse seit 1995. Seit 2023 Wiederaufnahme. Promotion mit einer Arbeit \u00fcber Adornos kompositorische und theoretische Auseinandersetzung mit der Zw\u00f6lftontechnik. Arbeit f\u00fcr den Bayerischen und den Mitteldeutschen Rundfunk als freier Autor und Regisseur \u2013 zumindest bis Ende 2015. Online-Redaktion f\u00fcr neue musikzeitung, Jazzzeitung und Oper &amp; Tanz. Ungl\u00fccklich, aber fast taub.","sameAs":["https:\/\/www.kritische-masse.de\/logbuch\/","https:\/\/www.facebook.com\/hufner"]},{"@type":"Person","@id":"https:\/\/www.kritische-masse.de\/logbuch\/#\/schema\/person\/68ba534ff428038503fc5320a3c8f932","name":"huflaikhan","image":{"@type":"ImageObject","inLanguage":"de","@id":"https:\/\/secure.gravatar.com\/avatar\/501e6823cd63847c2e8d3e53092cfbaf5f572cd136981466e10cf90502235bec?s=96&d=blank&r=g","url":"https:\/\/secure.gravatar.com\/avatar\/501e6823cd63847c2e8d3e53092cfbaf5f572cd136981466e10cf90502235bec?s=96&d=blank&r=g","contentUrl":"https:\/\/secure.gravatar.com\/avatar\/501e6823cd63847c2e8d3e53092cfbaf5f572cd136981466e10cf90502235bec?s=96&d=blank&r=g","caption":"huflaikhan"},"description":"Musikwissenschaftler, Ideologiekritiker seit 1964.","sameAs":["https:\/\/kritische-masse.de"],"url":"https:\/\/www.kritische-masse.de\/logbuch\/author\/huflaikhan\/"}]}},"jetpack_publicize_connections":[],"jetpack_featured_media_url":"https:\/\/i0.wp.com\/www.kritische-masse.de\/logbuch\/wp-content\/uploads\/2016\/11\/nebellandschaft_c_hufner.jpg?fit=1200%2C900&ssl=1","categories_names":["Angriff auf \u2026","das Netz","die St\u00e4dte","die Urteilskraft"],"post_class":[["post-3641","post","type-post","status-publish","format-standard","has-post-thumbnail","hentry","category-angriffauf","category-dasnetz","category-diestdte","category-dieurteilskraft","tag-akzelerationismus","entry","has-media"]],"author_avatar":["<img alt='' src='https:\/\/secure.gravatar.com\/avatar\/501e6823cd63847c2e8d3e53092cfbaf5f572cd136981466e10cf90502235bec?s=96&#038;d=blank&#038;r=g' srcset='https:\/\/secure.gravatar.com\/avatar\/501e6823cd63847c2e8d3e53092cfbaf5f572cd136981466e10cf90502235bec?s=192&#038;d=blank&#038;r=g 2x' class='avatar avatar-96 photo' height='96' width='96' loading='lazy' decoding='async'\/>"],"featured_video":null,"jetpack-related-posts":[{"id":11443,"url":"https:\/\/www.kritische-masse.de\/logbuch\/2025\/09\/kunst-dunst-freiheit-der-leucht-avatar-spricht\/","url_meta":{"origin":3641,"position":0},"title":"Kunst \/ Dunst \/ Freiheit \u2013 Der Leucht-Avatar spricht \u2026","author":"der huflaikhan","date":"25. September 2025","format":false,"excerpt":"Der Beauftragte Avatar f\u00fcr Kultur und Medien Wlfrm Wmr hat gesprochen, Im Bundestag zum Haushalt 2026. Der Kultur und den Medien geht es so gut wie nie. Kultur-Deutschland leuchtet in heiligen Hallen mit lauter Fratze.","rel":"","context":"In &quot;Amt f\u00fcr Vermassungsschutz&quot;","block_context":{"text":"Amt f\u00fcr Vermassungsschutz","link":"https:\/\/www.kritische-masse.de\/logbuch\/category\/vermassungsschutz\/"},"img":{"alt_text":"In der Bibliothek des Gastgebers. Brecht fu\u0308r Kinder. Auch mit Einheitsfrontlied","src":"https:\/\/i0.wp.com\/www.kritische-masse.de\/logbuch\/wp-content\/uploads\/2025\/09\/In-der-Bibliothek-des-Gastgebers.-Brecht-fuer-Kinder.-Auch-mit-Einheitsfrontlied.jpg?resize=350%2C200&ssl=1","width":350,"height":200,"srcset":"https:\/\/i0.wp.com\/www.kritische-masse.de\/logbuch\/wp-content\/uploads\/2025\/09\/In-der-Bibliothek-des-Gastgebers.-Brecht-fuer-Kinder.-Auch-mit-Einheitsfrontlied.jpg?resize=350%2C200&ssl=1 1x, https:\/\/i0.wp.com\/www.kritische-masse.de\/logbuch\/wp-content\/uploads\/2025\/09\/In-der-Bibliothek-des-Gastgebers.-Brecht-fuer-Kinder.-Auch-mit-Einheitsfrontlied.jpg?resize=525%2C300&ssl=1 1.5x"},"classes":[]},{"id":8868,"url":"https:\/\/www.kritische-masse.de\/logbuch\/2023\/06\/die-unansprechbare-claudia-roth\/","url_meta":{"origin":3641,"position":1},"title":"Die Unansprechbare (Claudia Roth)","author":"der huflaikhan","date":"18. Juni 2023","format":false,"excerpt":"Der nachfolgende Beitrag lag seit April letzten Jahres auf Halde und kam nicht zum Einsatz. Ich habe mich entschlossen, ihn jetzt zu ver\u00f6ffentlichen, damit die Akte Roth langsam geschlossen werden kann. Andererseits hat sich grundlegend nichts ge\u00e4ndert an dem, was hier angesprochen wird. Sie hat zwar viel zu sagen \u2013\u2026","rel":"","context":"In &quot;die Politik&quot;","block_context":{"text":"die Politik","link":"https:\/\/www.kritische-masse.de\/logbuch\/category\/angriffauf\/die-politik\/"},"img":{"alt_text":"","src":"","width":0,"height":0},"classes":[]},{"id":242,"url":"https:\/\/www.kritische-masse.de\/logbuch\/2003\/09\/lakonisch-forum-internetcouch-bayerischer-rundfunk\/","url_meta":{"origin":3641,"position":2},"title":"Lakonisch: Forum | InternetCouch | Bayerischer Rundfunk","author":"huflaikhan","date":"9. September 2003","format":false,"excerpt":"Unter Forum | InternetCouch | Bayerischer Rundfunk findet sich folgender Eintrag \"Wird das Internet die Menschen voneinander entfremden oder wird es sie zusammenf\u00fchren?\" Ja, das Internet f\u00fchrt die Menschen durchaus zusammen. Zum Beispiel hat es meinen Mann und seine jetzige Freundin zusammengef\u00fchrt. Meine Ehe wurde nach 20 jahren geschieden.\" Sicher\u2026","rel":"","context":"\u00c4hnlicher Beitrag","block_context":{"text":"\u00c4hnlicher Beitrag","link":""},"img":{"alt_text":"","src":"","width":0,"height":0},"classes":[]},{"id":8720,"url":"https:\/\/www.kritische-masse.de\/logbuch\/2017\/07\/die-vergeblichkeit-der-kritik-bedeutungsmacht-und-bedeutungslosigkeit\/","url_meta":{"origin":3641,"position":3},"title":"Soziale Medien als Elfenbeint\u00fcrme der Gesellschaft","author":"der huflaikhan","date":"4. Juli 2017","format":false,"excerpt":"Immer h\u00e4ufiger h\u00f6rt man in Radio, Fernsehen und nat\u00fcrlich auch im Netz davon, dass irgendwer irgendwas auf einer sozialen Plattform wie Twitter oder Facebook gesagt habe. Politikerinnen m\u00fcssen da aufpassen, alle m\u00fcssen da aufpassen. Ein Shitstorm droht allerdings nur denen, die unter dauernder Beobachtung stehen oder wenn diese dann von\u2026","rel":"","context":"In &quot;die Kultur&quot;","block_context":{"text":"die Kultur","link":"https:\/\/www.kritische-masse.de\/logbuch\/category\/angriffauf\/die-kultur\/"},"img":{"alt_text":"Die Stra\u00dfe, die es nicht mehr gibt. Foto: Hufner","src":"https:\/\/i0.wp.com\/www.kritische-masse.de\/logbuch\/wp-content\/uploads\/2017\/07\/regensburg_trunzergasse_c_hufner-1024x686.jpg?resize=350%2C200&ssl=1","width":350,"height":200,"srcset":"https:\/\/i0.wp.com\/www.kritische-masse.de\/logbuch\/wp-content\/uploads\/2017\/07\/regensburg_trunzergasse_c_hufner-1024x686.jpg?resize=350%2C200&ssl=1 1x, https:\/\/i0.wp.com\/www.kritische-masse.de\/logbuch\/wp-content\/uploads\/2017\/07\/regensburg_trunzergasse_c_hufner-1024x686.jpg?resize=525%2C300&ssl=1 1.5x, https:\/\/i0.wp.com\/www.kritische-masse.de\/logbuch\/wp-content\/uploads\/2017\/07\/regensburg_trunzergasse_c_hufner-1024x686.jpg?resize=700%2C400&ssl=1 2x"},"classes":[]},{"id":10866,"url":"https:\/\/www.kritische-masse.de\/logbuch\/2025\/04\/nur-altes-unter-der-sonne-kunstfreiheit-sichern-stille-fakten\/","url_meta":{"origin":3641,"position":4},"title":"Nur Altes unter der Sonne \u2013 Kunstfreiheit sichern \u2013 Stille Fakten","author":"der huflaikhan","date":"24. April 2025","format":false,"excerpt":"GEMA-Kulturreform ad\u00e9 +++ CDs von Viktoriia Vitrenko, BUBU und Bernd Kaftan +++ Gestern war man manchmal auch nicht d\u00fcmmer, heute ist man h\u00e4ufiger aber auch nur genauso so schlau wie fr\u00fcher +++ Umfrage zur Kulturpolitik des Bundes 2025 ff. f\u00fcr die nmz ausgewertet +++","rel":"","context":"In &quot;Angriff auf \u2026&quot;","block_context":{"text":"Angriff auf \u2026","link":"https:\/\/www.kritische-masse.de\/logbuch\/category\/angriffauf\/"},"img":{"alt_text":"tu\u0308r in potsdam. foto: hufner","src":"https:\/\/i0.wp.com\/www.kritische-masse.de\/logbuch\/wp-content\/uploads\/2025\/04\/tuer-in-potsdam.jpg?fit=800%2C600&ssl=1&resize=350%2C200","width":350,"height":200,"srcset":"https:\/\/i0.wp.com\/www.kritische-masse.de\/logbuch\/wp-content\/uploads\/2025\/04\/tuer-in-potsdam.jpg?fit=800%2C600&ssl=1&resize=350%2C200 1x, https:\/\/i0.wp.com\/www.kritische-masse.de\/logbuch\/wp-content\/uploads\/2025\/04\/tuer-in-potsdam.jpg?fit=800%2C600&ssl=1&resize=525%2C300 1.5x, https:\/\/i0.wp.com\/www.kritische-masse.de\/logbuch\/wp-content\/uploads\/2025\/04\/tuer-in-potsdam.jpg?fit=800%2C600&ssl=1&resize=700%2C400 2x"},"classes":[]},{"id":11461,"url":"https:\/\/www.kritische-masse.de\/logbuch\/2025\/10\/das-weimer-sprech-der-rechtsprogressive-regressor\/","url_meta":{"origin":3641,"position":5},"title":"Das Weimer-Sprech \u2013 der rechtsprogressive Regressor","author":"der huflaikhan","date":"5. Oktober 2025","format":false,"excerpt":"Das Weimer-Sprech zerst\u00f6rt gerade Kultur und Medien aufs Heftigste. Man kann sich fragen: Will man das weiterhaben \u2013 und oder ist er als Ablenkungsperson f\u00fcr anderen Regierungsmist nur eine Strohpuppe mit Folgen? So eine Schrei\u00dfe auch.","rel":"","context":"In &quot;Amt f\u00fcr Vermassungsschutz&quot;","block_context":{"text":"Amt f\u00fcr Vermassungsschutz","link":"https:\/\/www.kritische-masse.de\/logbuch\/category\/vermassungsschutz\/"},"img":{"alt_text":"Der Unterschied zwischen Musical und Singspiel dargestellt durch Szenenfotos. \u201eZauberflo\u0308te\u201c in Erfurt vs. \u201eFame\u201c in Kiel.","src":"https:\/\/i0.wp.com\/www.kritische-masse.de\/logbuch\/wp-content\/uploads\/2025\/10\/Der-Unterschied-zwischen-Musical-und-Singspiel-dargestellt-durch-Szenenfotos.-%E2%80%9EZauberfloete-in-Erfurt-vs.-%E2%80%9EFame-in-Kiel.-.jpg?resize=350%2C200&ssl=1","width":350,"height":200,"srcset":"https:\/\/i0.wp.com\/www.kritische-masse.de\/logbuch\/wp-content\/uploads\/2025\/10\/Der-Unterschied-zwischen-Musical-und-Singspiel-dargestellt-durch-Szenenfotos.-%E2%80%9EZauberfloete-in-Erfurt-vs.-%E2%80%9EFame-in-Kiel.-.jpg?resize=350%2C200&ssl=1 1x, https:\/\/i0.wp.com\/www.kritische-masse.de\/logbuch\/wp-content\/uploads\/2025\/10\/Der-Unterschied-zwischen-Musical-und-Singspiel-dargestellt-durch-Szenenfotos.-%E2%80%9EZauberfloete-in-Erfurt-vs.-%E2%80%9EFame-in-Kiel.-.jpg?resize=525%2C300&ssl=1 1.5x, https:\/\/i0.wp.com\/www.kritische-masse.de\/logbuch\/wp-content\/uploads\/2025\/10\/Der-Unterschied-zwischen-Musical-und-Singspiel-dargestellt-durch-Szenenfotos.-%E2%80%9EZauberfloete-in-Erfurt-vs.-%E2%80%9EFame-in-Kiel.-.jpg?resize=700%2C400&ssl=1 2x"},"classes":[]}],"jetpack_sharing_enabled":true,"public_identification_id":"a3b58a1936bb40888f56cf504c14a613","private_identification_id":"e9f0e90f859c46f9824d2800b7759e70","_links":{"self":[{"href":"https:\/\/www.kritische-masse.de\/logbuch\/wp-json\/wp\/v2\/posts\/3641","targetHints":{"allow":["GET"]}}],"collection":[{"href":"https:\/\/www.kritische-masse.de\/logbuch\/wp-json\/wp\/v2\/posts"}],"about":[{"href":"https:\/\/www.kritische-masse.de\/logbuch\/wp-json\/wp\/v2\/types\/post"}],"author":[{"embeddable":true,"href":"https:\/\/www.kritische-masse.de\/logbuch\/wp-json\/wp\/v2\/users\/2"}],"replies":[{"embeddable":true,"href":"https:\/\/www.kritische-masse.de\/logbuch\/wp-json\/wp\/v2\/comments?post=3641"}],"version-history":[{"count":0,"href":"https:\/\/www.kritische-masse.de\/logbuch\/wp-json\/wp\/v2\/posts\/3641\/revisions"}],"wp:featuredmedia":[{"embeddable":true,"href":"https:\/\/www.kritische-masse.de\/logbuch\/wp-json\/wp\/v2\/media\/3642"}],"wp:attachment":[{"href":"https:\/\/www.kritische-masse.de\/logbuch\/wp-json\/wp\/v2\/media?parent=3641"}],"wp:term":[{"taxonomy":"category","embeddable":true,"href":"https:\/\/www.kritische-masse.de\/logbuch\/wp-json\/wp\/v2\/categories?post=3641"},{"taxonomy":"post_tag","embeddable":true,"href":"https:\/\/www.kritische-masse.de\/logbuch\/wp-json\/wp\/v2\/tags?post=3641"}],"curies":[{"name":"wp","href":"https:\/\/api.w.org\/{rel}","templated":true}]}}