{"id":6801,"date":"2024-01-24T11:39:57","date_gmt":"2024-01-24T10:39:57","guid":{"rendered":"https:\/\/www.kritische-masse.de\/logbuch\/?p=6801"},"modified":"2024-01-24T11:39:57","modified_gmt":"2024-01-24T10:39:57","slug":"die-oeffentliche-hand-die-mittagspause-das-engagement","status":"publish","type":"post","link":"https:\/\/www.kritische-masse.de\/logbuch\/2024\/01\/die-oeffentliche-hand-die-mittagspause-das-engagement\/","title":{"rendered":"Die \u00f6ffentliche Hand, die Mittagspause, das Engagement"},"content":{"rendered":"<div class=\"shariff shariff-align-left shariff-widget-align-left\"><ul class=\"shariff-buttons theme-white orientation-horizontal buttonsize-small\"><li class=\"shariff-button mastodon shariff-nocustomcolor\" style=\"background-color:#563ACC\"><a href=\"https:\/\/s2f.kytta.dev\/?text=Die%20%C3%B6ffentliche%20Hand%2C%20die%20Mittagspause%2C%20das%20Engagement https%3A%2F%2Fwww.kritische-masse.de%2Flogbuch%2F2024%2F01%2Fdie-oeffentliche-hand-die-mittagspause-das-engagement%2F\" title=\"Bei Mastodon teilen\" aria-label=\"Bei Mastodon teilen\" role=\"button\" rel=\"noopener nofollow\" class=\"shariff-link\" style=\"; background-color:#6364FF; color:#6364FF\" target=\"_blank\"><span class=\"shariff-icon\" style=\"fill:#6364FF\"><svg width=\"75\" height=\"79\" viewBox=\"0 0 75 79\" fill=\"none\" xmlns=\"http:\/\/www.w3.org\/2000\/svg\"><path d=\"M37.813-.025C32.462-.058 27.114.13 21.79.598c-8.544.621-17.214 5.58-20.203 13.931C-1.12 23.318.408 32.622.465 41.65c.375 7.316.943 14.78 3.392 21.73 4.365 9.465 14.781 14.537 24.782 15.385 7.64.698 15.761-.213 22.517-4.026a54.1 54.1 0 0 0 .01-6.232c-6.855 1.316-14.101 2.609-21.049 1.074-3.883-.88-6.876-4.237-7.25-8.215-1.53-3.988 3.78-.43 5.584-.883 9.048 1.224 18.282.776 27.303-.462 7.044-.837 14.26-4.788 16.65-11.833 2.263-6.135 1.215-12.79 1.698-19.177.06-3.84.09-7.692-.262-11.52C72.596 7.844 63.223.981 53.834.684a219.453 219.453 0 0 0-16.022-.71zm11.294 12.882c5.5-.067 10.801 4.143 11.67 9.653.338 1.48.471 3 .471 4.515v21.088h-8.357c-.07-7.588.153-15.182-.131-22.765-.587-4.368-7.04-5.747-9.672-2.397-2.422 3.04-1.47 7.155-1.67 10.735v6.392h-8.307c-.146-4.996.359-10.045-.404-15.002-1.108-4.218-7.809-5.565-10.094-1.666-1.685 3.046-.712 6.634-.976 9.936v14.767h-8.354c.109-8.165-.238-16.344.215-24.5.674-5.346 5.095-10.389 10.676-10.627 4.902-.739 10.103 2.038 12.053 6.631.375 1.435 1.76 1.932 1.994.084 1.844-3.704 5.501-6.739 9.785-6.771.367-.044.735-.068 1.101-.073z\"\/><defs><linearGradient id=\"paint0_linear_549_34\" x1=\"37.0692\" y1=\"0\" x2=\"37.0692\" y2=\"79\" gradientUnits=\"userSpaceOnUse\"><stop stop-color=\"#6364FF\"\/><stop offset=\"1\" stop-color=\"#563ACC\"\/><\/linearGradient><\/defs><\/svg><\/span><span class=\"shariff-text\" style=\"color:#6364FF\">teilen<\/span>&nbsp;<\/a><\/li><li class=\"shariff-button bluesky shariff-nocustomcolor\" style=\"background-color:#84c4ff\"><a href=\"https:\/\/bsky.app\/intent\/compose?text=Die%20%C3%B6ffentliche%20Hand%2C%20die%20Mittagspause%2C%20das%20Engagement https%3A%2F%2Fwww.kritische-masse.de%2Flogbuch%2F2024%2F01%2Fdie-oeffentliche-hand-die-mittagspause-das-engagement%2F \" title=\"Bei Bluesky teilen\" aria-label=\"Bei Bluesky teilen\" role=\"button\" rel=\"noopener nofollow\" class=\"shariff-link\" style=\"; background-color:#0085ff; color:#0085ff\" target=\"_blank\"><span class=\"shariff-icon\" style=\"fill:#0085ff\"><svg width=\"20\" height=\"20\" version=\"1.1\" xmlns=\"http:\/\/www.w3.org\/2000\/svg\" viewBox=\"0 0 20 20\"><path class=\"st0\" d=\"M4.89,3.12c2.07,1.55,4.3,4.71,5.11,6.4.82-1.69,3.04-4.84,5.11-6.4,1.49-1.12,3.91-1.99,3.91.77,0,.55-.32,4.63-.5,5.3-.64,2.3-2.99,2.89-5.08,2.54,3.65.62,4.58,2.68,2.57,4.74-3.81,3.91-5.48-.98-5.9-2.23-.08-.23-.11-.34-.12-.25,0-.09-.04.02-.12.25-.43,1.25-2.09,6.14-5.9,2.23-2.01-2.06-1.08-4.12,2.57-4.74-2.09.36-4.44-.23-5.08-2.54-.19-.66-.5-4.74-.5-5.3,0-2.76,2.42-1.89,3.91-.77h0Z\"\/><\/svg><\/span><span class=\"shariff-text\" style=\"color:#0085ff\">teilen<\/span>&nbsp;<\/a><\/li><li class=\"shariff-button threema shariff-nocustomcolor shariff-mobile\" style=\"background-color:#4fbc24\"><a href=\"threema:\/\/compose?text=Die%20%C3%B6ffentliche%20Hand%2C%20die%20Mittagspause%2C%20das%20Engagement%20https%3A%2F%2Fwww.kritische-masse.de%2Flogbuch%2F2024%2F01%2Fdie-oeffentliche-hand-die-mittagspause-das-engagement%2F\" title=\"Bei Threema teilen\" aria-label=\"Bei Threema teilen\" role=\"button\" rel=\"noopener nofollow\" class=\"shariff-link\" style=\"; background-color:#1f1f1f; color:#1f1f1f\" target=\"_blank\"><span class=\"shariff-icon\" style=\"fill:#1f1f1f\"><svg width=\"32px\" height=\"20px\" xmlns=\"http:\/\/www.w3.org\/2000\/svg\" viewBox=\"0 0 32 32\"><path fill=\"#1f1f1f\" d=\"M30.8 10.9c-0.3-1.4-0.9-2.6-1.8-3.8-2-2.6-5.5-4.5-9.4-5.2-1.3-0.2-1.9-0.3-3.5-0.3s-2.2 0-3.5 0.3c-4 0.7-7.4 2.6-9.4 5.2-0.9 1.2-1.5 2.4-1.8 3.8-0.1 0.5-0.2 1.2-0.2 1.6 0 0.4 0.1 1.1 0.2 1.6 0.4 1.9 1.3 3.4 2.9 5 0.8 0.8 0.8 0.8 0.7 1.3 0 0.6-0.5 1.6-1.7 3.6-0.3 0.5-0.5 0.9-0.5 0.9 0 0.1 0.1 0.1 0.5 0 0.8-0.2 2.3-0.6 5.6-1.6 1.1-0.3 1.3-0.4 2.3-0.4 0.8 0 1.1 0 2.3 0.2 1.5 0.2 3.5 0.2 4.9 0 5.1-0.6 9.3-2.9 11.4-6.3 0.5-0.9 0.9-1.8 1.1-2.8 0.1-0.5 0.2-1.1 0.2-1.6 0-0.7-0.1-1.1-0.2-1.6-0.3-1.4 0.1 0.5 0 0zM20.6 17.3c0 0.4-0.4 0.8-0.8 0.8h-7.7c-0.4 0-0.8-0.4-0.8-0.8v-4.6c0-0.4 0.4-0.8 0.8-0.8h0.2l0-1.6c0-0.9 0-1.8 0.1-2 0.1-0.6 0.6-1.2 1.1-1.7s1.1-0.7 1.9-0.8c1.8-0.3 3.7 0.7 4.2 2.2 0.1 0.3 0.1 0.7 0.1 2.1v0 1.7h0.1c0.4 0 0.8 0.4 0.8 0.8v4.6zM15.6 7.3c-0.5 0.1-0.8 0.3-1.2 0.6s-0.6 0.8-0.7 1.3c0 0.2 0 0.8 0 1.5l0 1.2h4.6v-1.3c0-1 0-1.4-0.1-1.6-0.3-1.1-1.5-1.9-2.6-1.7zM25.8 28.2c0 1.2-1 2.2-2.1 2.2s-2.1-1-2.1-2.1c0-1.2 1-2.1 2.2-2.1s2.2 1 2.2 2.2zM18.1 28.2c0 1.2-1 2.2-2.1 2.2s-2.1-1-2.1-2.1c0-1.2 1-2.1 2.2-2.1s2.2 1 2.2 2.2zM10.4 28.2c0 1.2-1 2.2-2.1 2.2s-2.1-1-2.1-2.1c0-1.2 1-2.1 2.2-2.1s2.2 1 2.2 2.2z\"\/><\/svg><\/span><span class=\"shariff-text\" style=\"color:#1f1f1f\">teilen<\/span>&nbsp;<\/a><\/li><li class=\"shariff-button facebook shariff-nocustomcolor\" style=\"background-color:#4273c8\"><a href=\"https:\/\/www.facebook.com\/sharer\/sharer.php?u=https%3A%2F%2Fwww.kritische-masse.de%2Flogbuch%2F2024%2F01%2Fdie-oeffentliche-hand-die-mittagspause-das-engagement%2F\" title=\"Bei Facebook teilen\" aria-label=\"Bei Facebook teilen\" role=\"button\" rel=\"nofollow\" class=\"shariff-link\" style=\"; background-color:#3b5998; color:#3b5998\" target=\"_blank\"><span class=\"shariff-icon\" style=\"fill:#3b5998\"><svg width=\"32px\" height=\"20px\" xmlns=\"http:\/\/www.w3.org\/2000\/svg\" viewBox=\"0 0 18 32\"><path fill=\"#3b5998\" d=\"M17.1 0.2v4.7h-2.8q-1.5 0-2.1 0.6t-0.5 1.9v3.4h5.2l-0.7 5.3h-4.5v13.6h-5.5v-13.6h-4.5v-5.3h4.5v-3.9q0-3.3 1.9-5.2t5-1.8q2.6 0 4.1 0.2z\"\/><\/svg><\/span><span class=\"shariff-text\" style=\"color:#3b5998\">teilen<\/span>&nbsp;<\/a><\/li><li class=\"shariff-button info shariff-nocustomcolor\" style=\"background-color:#a8a8a8\"><a href=\"http:\/\/ct.de\/-2467514\" title=\"Weitere Informationen\" aria-label=\"Weitere Informationen\" role=\"button\" rel=\"noopener \" class=\"shariff-link\" style=\"; background-color:#999; color:#999\" target=\"_blank\"><span class=\"shariff-icon\" style=\"fill:#999\"><svg width=\"32px\" height=\"20px\" xmlns=\"http:\/\/www.w3.org\/2000\/svg\" viewBox=\"0 0 11 32\"><path fill=\"#999\" d=\"M11.4 24v2.3q0 0.5-0.3 0.8t-0.8 0.4h-9.1q-0.5 0-0.8-0.4t-0.4-0.8v-2.3q0-0.5 0.4-0.8t0.8-0.4h1.1v-6.8h-1.1q-0.5 0-0.8-0.4t-0.4-0.8v-2.3q0-0.5 0.4-0.8t0.8-0.4h6.8q0.5 0 0.8 0.4t0.4 0.8v10.3h1.1q0.5 0 0.8 0.4t0.3 0.8zM9.2 3.4v3.4q0 0.5-0.4 0.8t-0.8 0.4h-4.6q-0.4 0-0.8-0.4t-0.4-0.8v-3.4q0-0.4 0.4-0.8t0.8-0.4h4.6q0.5 0 0.8 0.4t0.4 0.8z\"\/><\/svg><\/span><\/a><\/li><\/ul><\/div><p>Warum wirft man nicht eine Idee einfach weg, wenn man erkennt, dass sie nicht taugt und nur f\u00fcr diejenigen hilfreich ist, die schnell mal eben noch was abernten an Kohle. Gemeint ist der Kulturpass f\u00fcr 18-J\u00e4hrige, denn Claudia Roth initiiert hatte und der nach <a href=\"https:\/\/www.musikkritik.org\/2023\/07\/gefloppt-der-kulturpass-fuer-18-jaehrige\/\">meiner Analyse ein ziemlicher Flop ist<\/a>. Dessen Etat, steht in der nmz, wird jetzt halbiert. Statt 200 Euro sollen nur noch 100 Euro zur Verf\u00fcgung stehen. Und die Titelzeile der dpa dazu: <a href=\"https:\/\/www.nmz.de\/politik-betrieb\/kulturpolitik\/kulturpass-betrag-wird-halbiert-roth-sieht-grosse-kraftanstrengung\">Kulturpass-Betrag wird halbiert &#8211; Roth sieht \u00abgro\u00dfe Kraftanstrengung\u00bb.<\/a><\/p>\n<blockquote><p>Auch in diesem Jahr werden rund 750.000 jungen Menschen, die 2006 geboren wurden, 18 Jahre alt. Roth verwies auf die angespannte Finanzsituation. \u00abDie Fortf\u00fchrung des Kulturpasses f\u00fcr nun alle 2006 Geborenen war f\u00fcr alle Beteiligten angesichts der allgemeinen Haushaltslage eine gro\u00dfe Kraftanstrengung.\u00bb Deswegen werde das Budget f\u00fcr den Jahrgang 2006 nun 100 Euro betragen.<\/p><\/blockquote>\n<p>Man k\u00f6nnte freilich auch Sinn und Funktion einfach evaluieren, um dann zu sehen, dass man mit 100 Euro n\u00e4mlich genau wohin kommt. Das ist keine Investition in Kunst und Kultur. Eigentlich geh\u00f6rt es in den Bereich ihres Kollegen Habeck, als Form von Wirtschaftsf\u00f6rderung. Aber so ist das: Misstrauen in die Jugend f\u00fchrt zum Aufbau unsinniger Kontrollinstanzen. Die dann auf der Anbieterseite zudem auch dazu f\u00fchren kann, dass damit Verlage aus der rechtsextremen oder -radikalen Ecke quergef\u00f6rdert werden. Niemand kontrolliert das. Es ist absurd.<\/p>\n<p>Genauso absurd wie die Meldung, dass <a href=\"https:\/\/www.nmz.de\/politik-betrieb\/musikleben\/strassenmusiker-dresden-sollen-mittagspause-machen\">Stra\u00dfenmusiker in Dresden Mittagspause machen sollen<\/a> (nmz\/dpa). \u201eNach einer am Montag vorgestellten Vorlage f\u00fcr die Gremien des Stadtrates sollen Musikanten k\u00fcnftig zwischen 13 und 15 Uhr pausieren. Ausgenommen davon sind die S\u00fcd- und Nordseite der Augustusbr\u00fccke.\u201c Zumindest die Wikipedia sieht den Zeitraum f\u00fcr eine Mittagspause in Deutschland etwas anders.<\/p>\n<blockquote><p><b>Mittagspause<\/b> ist die Bezeichnung f\u00fcr eine meist unbezahlte Unterbrechung der <a title=\"Arbeitszeit\" href=\"https:\/\/de.wikipedia.org\/wiki\/Arbeitszeit\">Arbeitszeit<\/a>. Sie wird \u00fcblicherweise im Einvernehmen zwischen <a title=\"Arbeitgeber\" href=\"https:\/\/de.wikipedia.org\/wiki\/Arbeitgeber\">Arbeitgeber<\/a> und -nehmer zeitlich festgelegt. In <a title=\"Deutschland\" href=\"https:\/\/de.wikipedia.org\/wiki\/Deutschland\">Deutschland<\/a> liegt sie zumeist in der Zeit von 11:30 bis 13:30\u00a0Uhr, in <a title=\"Spanien\" href=\"https:\/\/de.wikipedia.org\/wiki\/Spanien\">Spanien<\/a> oder <a title=\"Italien\" href=\"https:\/\/de.wikipedia.org\/wiki\/Italien\">Italien<\/a> zwischen 13 und 17 Uhr. (<a href=\"https:\/\/de.wikipedia.org\/wiki\/Mittagspause\">Wikipedia<\/a>, 24.1.2024)<\/p><\/blockquote>\n<p>Ich finde, die Stadt Dresden sollte dann aber auch die Mittagspause finanzieren und entsprechende Angebote bereithalten. Vielleicht ein Besuch in der Kantine des Rathauses? Wie sieht es \u00fcbrigens aus mit Anspr\u00fcchen in Sachen Urlaub. Sollte man da nicht auch eine geeignete Regelung finden? In Dresden hat man Probleme, ganz sicher aber ist das mit &#8220;Musikanten&#8221;, die zwischen 13 und 15 Uhr die Stadt terrorisieren, ein superduperperiph\u00e4res. Immerhin hat Dresden die <a href=\"https:\/\/www.dresden.de\/apps_ext\/StrassenmusikApp_de\/login?2\">Stra\u00dfenkunst-App<\/a>.<\/p>\n<p>Kaum hat Hessen einen neuen Kulturminister, schon ist er weg, der Intendant des Staatstheaters Wiesbaden. Wurde auch Zeit und man fragt sich, wieso es so lange nicht ging. Bedenklich ist, dass nicht kommuniziert wird, wie das so pl\u00f6tzlich ging. Es hei\u00dft:<\/p>\n<blockquote><p>\u201e\u00dcber die Bedingungen der Vertragsaufl\u00f6sung wurde den Angaben zufolge Stillschweigen verabredet.\u201c (<a href=\"https:\/\/www.nmz.de\/menschen\/personalia\/intendant-laufenberg-verlaesst-staatstheater-wiesbaden\">nmz\/dpa<\/a>)<\/p><\/blockquote>\n<p>Wir wollen noch mal behaupten, es geht um Steuergelder, die hier ausgegeben oder nicht ausgegeben werden. Das ist etwas, wor\u00fcber man Rechenschaft ablegen sollte. Die \u00f6ffentliche Hand f\u00fcttert nicht nach Gutsherr:innenart oder in Geheimtreffen. Oder macht man das doch mit so einer Art Portokasse? Aus der Zigarrenkiste?<\/p>\n<hr \/>\n<p><em>Und sonst so:<\/em><\/p>\n<hr \/>\n<ul>\n<li>Wunderbare Idee: Eine <a href=\"https:\/\/www.google.com\/maps\/d\/u\/0\/viewer?mid=1QCGGof_0Ga0Yvhl0DSpGzj6BkTM2i8j_&amp;hl=de&amp;ll=51.14825534204247%2C11.21794554999996&amp;z=5\">Liste mit unabh\u00e4ngigen Buchhandlungen<\/a> hat <a href=\"https:\/\/fnordon.de\/@dugartogo@dju.social\">Thomas Dugaro<\/a> zusammengestellt und eingesammelt.<\/li>\n<li><a href=\"https:\/\/fnordon.de\/@herr_rau\/111809479394103233\">Herr Rau schreibt im Fediverse<\/a>: Typische Frage in der Schule: Warum muss ich das mit der Metrik lernen? Damit du sp\u00e4ter <a class=\"mention hashtag status-link\" href=\"https:\/\/fnordon.de\/tags\/antifasticker\" rel=\"tag\">#antifasticker<\/a> texten kannst! <a class=\"mention hashtag status-link\" href=\"https:\/\/fnordon.de\/tags\/FediLZ\" rel=\"tag\">#FediLZ<\/a><\/li>\n<\/ul>\n<p><strong>Gestern im Radio WDR3: Alles so sch\u00f6n braun hier \u2013 immer noch!<\/strong><\/p>\n<blockquote>\n<p class=\"einleitung small\">Die neue Ausgabe der Zeitschrift Testcard widmet sich dem Ph\u00e4nomen des Rechtspop. Gemeint ist dabei nicht blo\u00df Pop-Musik, sondern u.a. auch Memes, Hashtags und \u00c4sthetiken im Social Web. Was ist so Pop an rechts? Und welche Musik spielt dagegen an? (<a href=\"https:\/\/www1.wdr.de\/radio\/wdr3\/programm\/sendungen\/wdr3-open-ex-und-pop\/alles-so-schoen-braun-hier-immer-noch-100.html\">Mehr dazu<\/a>)<\/p>\n<\/blockquote>\n<p><strong>Heute in der H\u00f6rbar der nmz (2024): Debacker\/Javaid \u2013 Convolution<\/strong><\/p>\n<div class=\"oceanwp-oembed-wrap clr\">\n<blockquote class=\"wp-embedded-content\" data-secret=\"deDrHnQ9RM\"><p><a href=\"https:\/\/hoerbar.nmz.de\/2024\/01\/debacker-javaid-convolution\/\">Debacker \/ Javaid \u2013 Convolution<\/a><\/p><\/blockquote>\n<p><iframe loading=\"lazy\" class=\"wp-embedded-content\" sandbox=\"allow-scripts\" security=\"restricted\" style=\"position: absolute; visibility: hidden;\" title=\"&#8222;Debacker \/ Javaid \u2013 Convolution&#8220; &#8211; H\u00f6rBar der nmz\" src=\"https:\/\/hoerbar.nmz.de\/2024\/01\/debacker-javaid-convolution\/embed\/#?secret=nq6LOOaTWe#?secret=deDrHnQ9RM\" data-secret=\"deDrHnQ9RM\" width=\"600\" height=\"338\" frameborder=\"0\" marginwidth=\"0\" marginheight=\"0\" scrolling=\"no\"><\/iframe><\/div>\n<p><strong>Vor drei Jahren (2001): Eine Wutrede<\/strong><\/p>\n<blockquote><p><span class=\"x193iq5w xeuugli x13faqbe x1vvkbs xlh3980 xvmahel x1n0sxbx x1lliihq x1s928wv xhkezso x1gmr53x x1cpjm7i x1fgarty x1943h6x xudqn12 x3x7a5m x6prxxf xvq8zen xo1l8bm xzsf02u x1yc453h\" dir=\"auto\">Darf ich wohl meine Verwunderung dar\u00fcber \u00e4u\u00dfern, mit welcher Vehemenz \u00fcber Schul\u00f6ffnungen diskutiert wird und dar\u00fcber, welche Bildungsl\u00fccken durch Schlie\u00dfungen entstehen? Die ganzen letzten 40 Jahre hat sich kaum jemand f\u00fcr sinnvollen Schulstoffe und -reformen interessiert. Das wurde geschoben wie es gerade passte (MSA, G8, etc.). Es wurden die Schulen gro\u00dffl\u00e4chig in marode bauliche Zust\u00e4nde \u00fcberf\u00fchrt. Und jetzt wird Schule als Zentrum der Erziehung definiert, wo es doch gerade nur um Bildung geht. Wie beh\u00e4mmert ist denn das. Einen Schei\u00dfdreck wird das wen interessieren, wenn denn irgendwann einmal wieder alles in normalen Bahnen l\u00e4uft, n\u00e4mlich in der andauernden Verfestigung des Schlechten. Auch jetzt interessiert sich doch niemand f\u00fcr Bildung und Erziehung, sondern nur f\u00fcr Abwicklung von Menschen in meistenteils schlecht ausgestatteten Ausbildungsmaschinen mit zudem vollkommen neoliberal bekloppten Lehrpl\u00e4nen bei denen es am Ende nur darum geht irgendeine Bewertung zu erhalten. M\u00f6glichst vergleichbare Abschlussnoten angeblich in Lebensl\u00e4ufen, die nie vergleichbar waren. Das ist doch kaputt. (Facebook)<br \/>\n<\/span><\/p><\/blockquote>\n<p><strong>Vor vier Jahren (2020): Alte M\u00fcnz<\/strong><\/p>\n<p><span class=\"x193iq5w xeuugli x13faqbe x1vvkbs xlh3980 xvmahel x1n0sxbx x1lliihq x1s928wv xhkezso x1gmr53x x1cpjm7i x1fgarty x1943h6x xudqn12 x3x7a5m x6prxxf xvq8zen xo1l8bm xzsf02u x1yc453h\" dir=\"auto\">Kaputt schon bevor gebaut und bezogen: Die Alte M\u00fcnze in Berlin. Ein Haus f\u00fcr musikalische Zwietracht und pater- und maternalistisches Gebrumme. Wer kann das Unheil heilen? (JazzZeitung)<br \/>\n<\/span><\/p>\n<div class=\"oceanwp-oembed-wrap clr\">\n<blockquote class=\"wp-embedded-content\" data-secret=\"thXjo0gQlg\"><p><a href=\"https:\/\/www.jazzzeitung.de\/cms\/2020\/01\/mit-alter-muenz-bin-ich-dein-prinz-oder-da-house-of-stress-in-berlin\/\">Mit alter M\u00fcnz\u2018 bin ich Dein Prinz, oder: Da House of Stress in Berlin<\/a><\/p><\/blockquote>\n<p><iframe loading=\"lazy\" class=\"wp-embedded-content\" sandbox=\"allow-scripts\" security=\"restricted\" style=\"position: absolute; visibility: hidden;\" title=\"&#8222;Mit alter M\u00fcnz\u2018 bin ich Dein Prinz, oder: Da House of Stress in Berlin&#8220; &#8211; JazzZeitung\" src=\"https:\/\/www.jazzzeitung.de\/cms\/2020\/01\/mit-alter-muenz-bin-ich-dein-prinz-oder-da-house-of-stress-in-berlin\/embed\/#?secret=pHfi9DH4jW#?secret=thXjo0gQlg\" data-secret=\"thXjo0gQlg\" width=\"600\" height=\"338\" frameborder=\"0\" marginwidth=\"0\" marginheight=\"0\" scrolling=\"no\"><\/iframe><\/div>\n<p><strong>Vor zehn Jahren (2014): H<span class=\"x193iq5w xeuugli x13faqbe x1vvkbs xlh3980 xvmahel x1n0sxbx x1lliihq x1s928wv xhkezso x1gmr53x x1cpjm7i x1fgarty x1943h6x xudqn12 x3x7a5m x6prxxf xvq8zen xo1l8bm xzsf02u x1yc453h\" dir=\"auto\">aushalzheimer<\/span><\/strong><\/p>\n<blockquote><p><span class=\"x193iq5w xeuugli x13faqbe x1vvkbs xlh3980 xvmahel x1n0sxbx x1lliihq x1s928wv xhkezso x1gmr53x x1cpjm7i x1fgarty x1943h6x xudqn12 x3x7a5m x6prxxf xvq8zen xo1l8bm xzsf02u x1yc453h\" dir=\"auto\">Ich habe eine neue Krankheit entdeckt: Haushalzheimer &#8211; Tisch wird nicht abger\u00e4umt, Licht angelassen, Sp\u00fclung vergessen, Lebensmittel nicht nachgekauft, W\u00e4sche in der Waschmaschine gelassen, T\u00fcre gegen Zug und K\u00e4lte nicht geschlossen. Kartons und Papier nicht entsorgt \u2026 Hartes Leben.<\/span> (Facebook)<\/p><\/blockquote>\n<p><strong>Vor vierzehn Jahren (2010): Foodblogger<\/strong><\/p>\n<figure id=\"attachment_6802\" aria-describedby=\"caption-attachment-6802\" style=\"width: 604px\" class=\"wp-caption aligncenter\"><a href=\"https:\/\/i0.wp.com\/www.kritische-masse.de\/logbuch\/wp-content\/uploads\/2024\/01\/foodblogger.jpg?ssl=1\"><img data-recalc-dims=\"1\" loading=\"lazy\" decoding=\"async\" data-attachment-id=\"6802\" data-permalink=\"https:\/\/www.kritische-masse.de\/logbuch\/2024\/01\/die-oeffentliche-hand-die-mittagspause-das-engagement\/foodblogger-3\/\" data-orig-file=\"https:\/\/i0.wp.com\/www.kritische-masse.de\/logbuch\/wp-content\/uploads\/2024\/01\/foodblogger.jpg?fit=604%2C412&amp;ssl=1\" data-orig-size=\"604,412\" data-comments-opened=\"1\" data-image-meta=\"{&quot;aperture&quot;:&quot;0&quot;,&quot;credit&quot;:&quot;&quot;,&quot;camera&quot;:&quot;&quot;,&quot;caption&quot;:&quot;&quot;,&quot;created_timestamp&quot;:&quot;0&quot;,&quot;copyright&quot;:&quot;&quot;,&quot;focal_length&quot;:&quot;0&quot;,&quot;iso&quot;:&quot;0&quot;,&quot;shutter_speed&quot;:&quot;0&quot;,&quot;title&quot;:&quot;&quot;,&quot;orientation&quot;:&quot;0&quot;}\" data-image-title=\"Foodblogger fr\u00fcher.\" data-image-description=\"&lt;p&gt;Foodblogger fr\u00fcher.&lt;\/p&gt;\n\" data-image-caption=\"&lt;p&gt;Foodblogger fr\u00fcher.&lt;\/p&gt;\n\" data-large-file=\"https:\/\/i0.wp.com\/www.kritische-masse.de\/logbuch\/wp-content\/uploads\/2024\/01\/foodblogger.jpg?fit=604%2C412&amp;ssl=1\" class=\"size-full wp-image-6802\" title=\"Foodblogger fr\u00fcher.\" src=\"https:\/\/i0.wp.com\/www.kritische-masse.de\/logbuch\/wp-content\/uploads\/2024\/01\/foodblogger.jpg?resize=604%2C412&#038;ssl=1\" alt=\"Foodblogger fr\u00fcher.\" width=\"604\" height=\"412\" srcset=\"https:\/\/i0.wp.com\/www.kritische-masse.de\/logbuch\/wp-content\/uploads\/2024\/01\/foodblogger.jpg?w=604&amp;ssl=1 604w, https:\/\/i0.wp.com\/www.kritische-masse.de\/logbuch\/wp-content\/uploads\/2024\/01\/foodblogger.jpg?resize=300%2C205&amp;ssl=1 300w\" sizes=\"auto, (max-width: 604px) 100vw, 604px\" \/><\/a><figcaption id=\"caption-attachment-6802\" class=\"wp-caption-text\">Foodblogger fr\u00fcher.<\/figcaption><\/figure>\n<p>&nbsp;<\/p>\n<p>&nbsp;<\/p>\n<div class=\"shariff shariff-align-left shariff-widget-align-left\"><ul class=\"shariff-buttons theme-white orientation-horizontal buttonsize-small\"><li class=\"shariff-button mastodon shariff-nocustomcolor\" style=\"background-color:#563ACC\"><a href=\"https:\/\/s2f.kytta.dev\/?text=Die%20%C3%B6ffentliche%20Hand%2C%20die%20Mittagspause%2C%20das%20Engagement https%3A%2F%2Fwww.kritische-masse.de%2Flogbuch%2F2024%2F01%2Fdie-oeffentliche-hand-die-mittagspause-das-engagement%2F\" title=\"Bei Mastodon teilen\" aria-label=\"Bei Mastodon teilen\" role=\"button\" rel=\"noopener nofollow\" class=\"shariff-link\" style=\"; background-color:#6364FF; color:#6364FF\" target=\"_blank\"><span class=\"shariff-icon\" style=\"fill:#6364FF\"><svg width=\"75\" height=\"79\" viewBox=\"0 0 75 79\" fill=\"none\" xmlns=\"http:\/\/www.w3.org\/2000\/svg\"><path d=\"M37.813-.025C32.462-.058 27.114.13 21.79.598c-8.544.621-17.214 5.58-20.203 13.931C-1.12 23.318.408 32.622.465 41.65c.375 7.316.943 14.78 3.392 21.73 4.365 9.465 14.781 14.537 24.782 15.385 7.64.698 15.761-.213 22.517-4.026a54.1 54.1 0 0 0 .01-6.232c-6.855 1.316-14.101 2.609-21.049 1.074-3.883-.88-6.876-4.237-7.25-8.215-1.53-3.988 3.78-.43 5.584-.883 9.048 1.224 18.282.776 27.303-.462 7.044-.837 14.26-4.788 16.65-11.833 2.263-6.135 1.215-12.79 1.698-19.177.06-3.84.09-7.692-.262-11.52C72.596 7.844 63.223.981 53.834.684a219.453 219.453 0 0 0-16.022-.71zm11.294 12.882c5.5-.067 10.801 4.143 11.67 9.653.338 1.48.471 3 .471 4.515v21.088h-8.357c-.07-7.588.153-15.182-.131-22.765-.587-4.368-7.04-5.747-9.672-2.397-2.422 3.04-1.47 7.155-1.67 10.735v6.392h-8.307c-.146-4.996.359-10.045-.404-15.002-1.108-4.218-7.809-5.565-10.094-1.666-1.685 3.046-.712 6.634-.976 9.936v14.767h-8.354c.109-8.165-.238-16.344.215-24.5.674-5.346 5.095-10.389 10.676-10.627 4.902-.739 10.103 2.038 12.053 6.631.375 1.435 1.76 1.932 1.994.084 1.844-3.704 5.501-6.739 9.785-6.771.367-.044.735-.068 1.101-.073z\"\/><defs><linearGradient id=\"paint0_linear_549_34\" x1=\"37.0692\" y1=\"0\" x2=\"37.0692\" y2=\"79\" gradientUnits=\"userSpaceOnUse\"><stop stop-color=\"#6364FF\"\/><stop offset=\"1\" stop-color=\"#563ACC\"\/><\/linearGradient><\/defs><\/svg><\/span><span class=\"shariff-text\" style=\"color:#6364FF\">teilen<\/span>&nbsp;<\/a><\/li><li class=\"shariff-button bluesky shariff-nocustomcolor\" style=\"background-color:#84c4ff\"><a href=\"https:\/\/bsky.app\/intent\/compose?text=Die%20%C3%B6ffentliche%20Hand%2C%20die%20Mittagspause%2C%20das%20Engagement https%3A%2F%2Fwww.kritische-masse.de%2Flogbuch%2F2024%2F01%2Fdie-oeffentliche-hand-die-mittagspause-das-engagement%2F \" title=\"Bei Bluesky teilen\" aria-label=\"Bei Bluesky teilen\" role=\"button\" rel=\"noopener nofollow\" class=\"shariff-link\" style=\"; background-color:#0085ff; color:#0085ff\" target=\"_blank\"><span class=\"shariff-icon\" style=\"fill:#0085ff\"><svg width=\"20\" height=\"20\" version=\"1.1\" xmlns=\"http:\/\/www.w3.org\/2000\/svg\" viewBox=\"0 0 20 20\"><path class=\"st0\" d=\"M4.89,3.12c2.07,1.55,4.3,4.71,5.11,6.4.82-1.69,3.04-4.84,5.11-6.4,1.49-1.12,3.91-1.99,3.91.77,0,.55-.32,4.63-.5,5.3-.64,2.3-2.99,2.89-5.08,2.54,3.65.62,4.58,2.68,2.57,4.74-3.81,3.91-5.48-.98-5.9-2.23-.08-.23-.11-.34-.12-.25,0-.09-.04.02-.12.25-.43,1.25-2.09,6.14-5.9,2.23-2.01-2.06-1.08-4.12,2.57-4.74-2.09.36-4.44-.23-5.08-2.54-.19-.66-.5-4.74-.5-5.3,0-2.76,2.42-1.89,3.91-.77h0Z\"\/><\/svg><\/span><span class=\"shariff-text\" style=\"color:#0085ff\">teilen<\/span>&nbsp;<\/a><\/li><li class=\"shariff-button threema shariff-nocustomcolor shariff-mobile\" style=\"background-color:#4fbc24\"><a href=\"threema:\/\/compose?text=Die%20%C3%B6ffentliche%20Hand%2C%20die%20Mittagspause%2C%20das%20Engagement%20https%3A%2F%2Fwww.kritische-masse.de%2Flogbuch%2F2024%2F01%2Fdie-oeffentliche-hand-die-mittagspause-das-engagement%2F\" title=\"Bei Threema teilen\" aria-label=\"Bei Threema teilen\" role=\"button\" rel=\"noopener nofollow\" class=\"shariff-link\" style=\"; background-color:#1f1f1f; color:#1f1f1f\" target=\"_blank\"><span class=\"shariff-icon\" style=\"fill:#1f1f1f\"><svg width=\"32px\" height=\"20px\" xmlns=\"http:\/\/www.w3.org\/2000\/svg\" viewBox=\"0 0 32 32\"><path fill=\"#1f1f1f\" d=\"M30.8 10.9c-0.3-1.4-0.9-2.6-1.8-3.8-2-2.6-5.5-4.5-9.4-5.2-1.3-0.2-1.9-0.3-3.5-0.3s-2.2 0-3.5 0.3c-4 0.7-7.4 2.6-9.4 5.2-0.9 1.2-1.5 2.4-1.8 3.8-0.1 0.5-0.2 1.2-0.2 1.6 0 0.4 0.1 1.1 0.2 1.6 0.4 1.9 1.3 3.4 2.9 5 0.8 0.8 0.8 0.8 0.7 1.3 0 0.6-0.5 1.6-1.7 3.6-0.3 0.5-0.5 0.9-0.5 0.9 0 0.1 0.1 0.1 0.5 0 0.8-0.2 2.3-0.6 5.6-1.6 1.1-0.3 1.3-0.4 2.3-0.4 0.8 0 1.1 0 2.3 0.2 1.5 0.2 3.5 0.2 4.9 0 5.1-0.6 9.3-2.9 11.4-6.3 0.5-0.9 0.9-1.8 1.1-2.8 0.1-0.5 0.2-1.1 0.2-1.6 0-0.7-0.1-1.1-0.2-1.6-0.3-1.4 0.1 0.5 0 0zM20.6 17.3c0 0.4-0.4 0.8-0.8 0.8h-7.7c-0.4 0-0.8-0.4-0.8-0.8v-4.6c0-0.4 0.4-0.8 0.8-0.8h0.2l0-1.6c0-0.9 0-1.8 0.1-2 0.1-0.6 0.6-1.2 1.1-1.7s1.1-0.7 1.9-0.8c1.8-0.3 3.7 0.7 4.2 2.2 0.1 0.3 0.1 0.7 0.1 2.1v0 1.7h0.1c0.4 0 0.8 0.4 0.8 0.8v4.6zM15.6 7.3c-0.5 0.1-0.8 0.3-1.2 0.6s-0.6 0.8-0.7 1.3c0 0.2 0 0.8 0 1.5l0 1.2h4.6v-1.3c0-1 0-1.4-0.1-1.6-0.3-1.1-1.5-1.9-2.6-1.7zM25.8 28.2c0 1.2-1 2.2-2.1 2.2s-2.1-1-2.1-2.1c0-1.2 1-2.1 2.2-2.1s2.2 1 2.2 2.2zM18.1 28.2c0 1.2-1 2.2-2.1 2.2s-2.1-1-2.1-2.1c0-1.2 1-2.1 2.2-2.1s2.2 1 2.2 2.2zM10.4 28.2c0 1.2-1 2.2-2.1 2.2s-2.1-1-2.1-2.1c0-1.2 1-2.1 2.2-2.1s2.2 1 2.2 2.2z\"\/><\/svg><\/span><span class=\"shariff-text\" style=\"color:#1f1f1f\">teilen<\/span>&nbsp;<\/a><\/li><li class=\"shariff-button facebook shariff-nocustomcolor\" style=\"background-color:#4273c8\"><a href=\"https:\/\/www.facebook.com\/sharer\/sharer.php?u=https%3A%2F%2Fwww.kritische-masse.de%2Flogbuch%2F2024%2F01%2Fdie-oeffentliche-hand-die-mittagspause-das-engagement%2F\" title=\"Bei Facebook teilen\" aria-label=\"Bei Facebook teilen\" role=\"button\" rel=\"nofollow\" class=\"shariff-link\" style=\"; background-color:#3b5998; color:#3b5998\" target=\"_blank\"><span class=\"shariff-icon\" style=\"fill:#3b5998\"><svg width=\"32px\" height=\"20px\" xmlns=\"http:\/\/www.w3.org\/2000\/svg\" viewBox=\"0 0 18 32\"><path fill=\"#3b5998\" d=\"M17.1 0.2v4.7h-2.8q-1.5 0-2.1 0.6t-0.5 1.9v3.4h5.2l-0.7 5.3h-4.5v13.6h-5.5v-13.6h-4.5v-5.3h4.5v-3.9q0-3.3 1.9-5.2t5-1.8q2.6 0 4.1 0.2z\"\/><\/svg><\/span><span class=\"shariff-text\" style=\"color:#3b5998\">teilen<\/span>&nbsp;<\/a><\/li><li class=\"shariff-button info shariff-nocustomcolor\" style=\"background-color:#a8a8a8\"><a href=\"http:\/\/ct.de\/-2467514\" title=\"Weitere Informationen\" aria-label=\"Weitere Informationen\" role=\"button\" rel=\"noopener \" class=\"shariff-link\" style=\"; background-color:#999; color:#999\" target=\"_blank\"><span class=\"shariff-icon\" style=\"fill:#999\"><svg width=\"32px\" height=\"20px\" xmlns=\"http:\/\/www.w3.org\/2000\/svg\" viewBox=\"0 0 11 32\"><path fill=\"#999\" d=\"M11.4 24v2.3q0 0.5-0.3 0.8t-0.8 0.4h-9.1q-0.5 0-0.8-0.4t-0.4-0.8v-2.3q0-0.5 0.4-0.8t0.8-0.4h1.1v-6.8h-1.1q-0.5 0-0.8-0.4t-0.4-0.8v-2.3q0-0.5 0.4-0.8t0.8-0.4h6.8q0.5 0 0.8 0.4t0.4 0.8v10.3h1.1q0.5 0 0.8 0.4t0.3 0.8zM9.2 3.4v3.4q0 0.5-0.4 0.8t-0.8 0.4h-4.6q-0.4 0-0.8-0.4t-0.4-0.8v-3.4q0-0.4 0.4-0.8t0.8-0.4h4.6q0.5 0 0.8 0.4t0.4 0.8z\"\/><\/svg><\/span><\/a><\/li><\/ul><\/div>","protected":false},"excerpt":{"rendered":"<p>Warum wirft man nicht eine Idee einfach weg, wenn man erkennt, dass sie nicht taugt und nur f\u00fcr diejenigen hilfreich ist, die schnell mal eben noch was abernten an Kohle. Gemeint ist der Kulturpass f\u00fcr 18-J\u00e4hrige, denn Claudia Roth initiiert hatte und der nach meiner Analyse ein ziemlicher Flop ist. Dessen Etat, steht in der [&hellip;]<\/p>\n<div class=\"shariff shariff-align-left shariff-widget-align-left\"><ul class=\"shariff-buttons theme-white orientation-horizontal buttonsize-small\"><li class=\"shariff-button mastodon shariff-nocustomcolor\" style=\"background-color:#563ACC\"><a href=\"https:\/\/s2f.kytta.dev\/?text=Die%20%C3%B6ffentliche%20Hand%2C%20die%20Mittagspause%2C%20das%20Engagement https%3A%2F%2Fwww.kritische-masse.de%2Flogbuch%2F2024%2F01%2Fdie-oeffentliche-hand-die-mittagspause-das-engagement%2F\" title=\"Bei Mastodon teilen\" aria-label=\"Bei Mastodon teilen\" role=\"button\" rel=\"noopener nofollow\" class=\"shariff-link\" style=\"; background-color:#6364FF; color:#6364FF\" target=\"_blank\"><span class=\"shariff-icon\" style=\"fill:#6364FF\"><svg width=\"75\" height=\"79\" viewBox=\"0 0 75 79\" fill=\"none\" xmlns=\"http:\/\/www.w3.org\/2000\/svg\"><path d=\"M37.813-.025C32.462-.058 27.114.13 21.79.598c-8.544.621-17.214 5.58-20.203 13.931C-1.12 23.318.408 32.622.465 41.65c.375 7.316.943 14.78 3.392 21.73 4.365 9.465 14.781 14.537 24.782 15.385 7.64.698 15.761-.213 22.517-4.026a54.1 54.1 0 0 0 .01-6.232c-6.855 1.316-14.101 2.609-21.049 1.074-3.883-.88-6.876-4.237-7.25-8.215-1.53-3.988 3.78-.43 5.584-.883 9.048 1.224 18.282.776 27.303-.462 7.044-.837 14.26-4.788 16.65-11.833 2.263-6.135 1.215-12.79 1.698-19.177.06-3.84.09-7.692-.262-11.52C72.596 7.844 63.223.981 53.834.684a219.453 219.453 0 0 0-16.022-.71zm11.294 12.882c5.5-.067 10.801 4.143 11.67 9.653.338 1.48.471 3 .471 4.515v21.088h-8.357c-.07-7.588.153-15.182-.131-22.765-.587-4.368-7.04-5.747-9.672-2.397-2.422 3.04-1.47 7.155-1.67 10.735v6.392h-8.307c-.146-4.996.359-10.045-.404-15.002-1.108-4.218-7.809-5.565-10.094-1.666-1.685 3.046-.712 6.634-.976 9.936v14.767h-8.354c.109-8.165-.238-16.344.215-24.5.674-5.346 5.095-10.389 10.676-10.627 4.902-.739 10.103 2.038 12.053 6.631.375 1.435 1.76 1.932 1.994.084 1.844-3.704 5.501-6.739 9.785-6.771.367-.044.735-.068 1.101-.073z\"\/><defs><linearGradient id=\"paint0_linear_549_34\" x1=\"37.0692\" y1=\"0\" x2=\"37.0692\" y2=\"79\" gradientUnits=\"userSpaceOnUse\"><stop stop-color=\"#6364FF\"\/><stop offset=\"1\" stop-color=\"#563ACC\"\/><\/linearGradient><\/defs><\/svg><\/span><span class=\"shariff-text\" style=\"color:#6364FF\">teilen<\/span>&nbsp;<\/a><\/li><li class=\"shariff-button bluesky shariff-nocustomcolor\" style=\"background-color:#84c4ff\"><a href=\"https:\/\/bsky.app\/intent\/compose?text=Die%20%C3%B6ffentliche%20Hand%2C%20die%20Mittagspause%2C%20das%20Engagement https%3A%2F%2Fwww.kritische-masse.de%2Flogbuch%2F2024%2F01%2Fdie-oeffentliche-hand-die-mittagspause-das-engagement%2F \" title=\"Bei Bluesky teilen\" aria-label=\"Bei Bluesky teilen\" role=\"button\" rel=\"noopener nofollow\" class=\"shariff-link\" style=\"; background-color:#0085ff; color:#0085ff\" target=\"_blank\"><span class=\"shariff-icon\" style=\"fill:#0085ff\"><svg width=\"20\" height=\"20\" version=\"1.1\" xmlns=\"http:\/\/www.w3.org\/2000\/svg\" viewBox=\"0 0 20 20\"><path class=\"st0\" d=\"M4.89,3.12c2.07,1.55,4.3,4.71,5.11,6.4.82-1.69,3.04-4.84,5.11-6.4,1.49-1.12,3.91-1.99,3.91.77,0,.55-.32,4.63-.5,5.3-.64,2.3-2.99,2.89-5.08,2.54,3.65.62,4.58,2.68,2.57,4.74-3.81,3.91-5.48-.98-5.9-2.23-.08-.23-.11-.34-.12-.25,0-.09-.04.02-.12.25-.43,1.25-2.09,6.14-5.9,2.23-2.01-2.06-1.08-4.12,2.57-4.74-2.09.36-4.44-.23-5.08-2.54-.19-.66-.5-4.74-.5-5.3,0-2.76,2.42-1.89,3.91-.77h0Z\"\/><\/svg><\/span><span class=\"shariff-text\" style=\"color:#0085ff\">teilen<\/span>&nbsp;<\/a><\/li><li class=\"shariff-button threema shariff-nocustomcolor shariff-mobile\" style=\"background-color:#4fbc24\"><a href=\"threema:\/\/compose?text=Die%20%C3%B6ffentliche%20Hand%2C%20die%20Mittagspause%2C%20das%20Engagement%20https%3A%2F%2Fwww.kritische-masse.de%2Flogbuch%2F2024%2F01%2Fdie-oeffentliche-hand-die-mittagspause-das-engagement%2F\" title=\"Bei Threema teilen\" aria-label=\"Bei Threema teilen\" role=\"button\" rel=\"noopener nofollow\" class=\"shariff-link\" style=\"; background-color:#1f1f1f; color:#1f1f1f\" target=\"_blank\"><span class=\"shariff-icon\" style=\"fill:#1f1f1f\"><svg width=\"32px\" height=\"20px\" xmlns=\"http:\/\/www.w3.org\/2000\/svg\" viewBox=\"0 0 32 32\"><path fill=\"#1f1f1f\" d=\"M30.8 10.9c-0.3-1.4-0.9-2.6-1.8-3.8-2-2.6-5.5-4.5-9.4-5.2-1.3-0.2-1.9-0.3-3.5-0.3s-2.2 0-3.5 0.3c-4 0.7-7.4 2.6-9.4 5.2-0.9 1.2-1.5 2.4-1.8 3.8-0.1 0.5-0.2 1.2-0.2 1.6 0 0.4 0.1 1.1 0.2 1.6 0.4 1.9 1.3 3.4 2.9 5 0.8 0.8 0.8 0.8 0.7 1.3 0 0.6-0.5 1.6-1.7 3.6-0.3 0.5-0.5 0.9-0.5 0.9 0 0.1 0.1 0.1 0.5 0 0.8-0.2 2.3-0.6 5.6-1.6 1.1-0.3 1.3-0.4 2.3-0.4 0.8 0 1.1 0 2.3 0.2 1.5 0.2 3.5 0.2 4.9 0 5.1-0.6 9.3-2.9 11.4-6.3 0.5-0.9 0.9-1.8 1.1-2.8 0.1-0.5 0.2-1.1 0.2-1.6 0-0.7-0.1-1.1-0.2-1.6-0.3-1.4 0.1 0.5 0 0zM20.6 17.3c0 0.4-0.4 0.8-0.8 0.8h-7.7c-0.4 0-0.8-0.4-0.8-0.8v-4.6c0-0.4 0.4-0.8 0.8-0.8h0.2l0-1.6c0-0.9 0-1.8 0.1-2 0.1-0.6 0.6-1.2 1.1-1.7s1.1-0.7 1.9-0.8c1.8-0.3 3.7 0.7 4.2 2.2 0.1 0.3 0.1 0.7 0.1 2.1v0 1.7h0.1c0.4 0 0.8 0.4 0.8 0.8v4.6zM15.6 7.3c-0.5 0.1-0.8 0.3-1.2 0.6s-0.6 0.8-0.7 1.3c0 0.2 0 0.8 0 1.5l0 1.2h4.6v-1.3c0-1 0-1.4-0.1-1.6-0.3-1.1-1.5-1.9-2.6-1.7zM25.8 28.2c0 1.2-1 2.2-2.1 2.2s-2.1-1-2.1-2.1c0-1.2 1-2.1 2.2-2.1s2.2 1 2.2 2.2zM18.1 28.2c0 1.2-1 2.2-2.1 2.2s-2.1-1-2.1-2.1c0-1.2 1-2.1 2.2-2.1s2.2 1 2.2 2.2zM10.4 28.2c0 1.2-1 2.2-2.1 2.2s-2.1-1-2.1-2.1c0-1.2 1-2.1 2.2-2.1s2.2 1 2.2 2.2z\"\/><\/svg><\/span><span class=\"shariff-text\" style=\"color:#1f1f1f\">teilen<\/span>&nbsp;<\/a><\/li><li class=\"shariff-button facebook shariff-nocustomcolor\" style=\"background-color:#4273c8\"><a href=\"https:\/\/www.facebook.com\/sharer\/sharer.php?u=https%3A%2F%2Fwww.kritische-masse.de%2Flogbuch%2F2024%2F01%2Fdie-oeffentliche-hand-die-mittagspause-das-engagement%2F\" title=\"Bei Facebook teilen\" aria-label=\"Bei Facebook teilen\" role=\"button\" rel=\"nofollow\" class=\"shariff-link\" style=\"; background-color:#3b5998; color:#3b5998\" target=\"_blank\"><span class=\"shariff-icon\" style=\"fill:#3b5998\"><svg width=\"32px\" height=\"20px\" xmlns=\"http:\/\/www.w3.org\/2000\/svg\" viewBox=\"0 0 18 32\"><path fill=\"#3b5998\" d=\"M17.1 0.2v4.7h-2.8q-1.5 0-2.1 0.6t-0.5 1.9v3.4h5.2l-0.7 5.3h-4.5v13.6h-5.5v-13.6h-4.5v-5.3h4.5v-3.9q0-3.3 1.9-5.2t5-1.8q2.6 0 4.1 0.2z\"\/><\/svg><\/span><span class=\"shariff-text\" style=\"color:#3b5998\">teilen<\/span>&nbsp;<\/a><\/li><li class=\"shariff-button info shariff-nocustomcolor\" style=\"background-color:#a8a8a8\"><a href=\"http:\/\/ct.de\/-2467514\" title=\"Weitere Informationen\" aria-label=\"Weitere Informationen\" role=\"button\" rel=\"noopener \" class=\"shariff-link\" style=\"; background-color:#999; color:#999\" target=\"_blank\"><span class=\"shariff-icon\" style=\"fill:#999\"><svg width=\"32px\" height=\"20px\" xmlns=\"http:\/\/www.w3.org\/2000\/svg\" viewBox=\"0 0 11 32\"><path fill=\"#999\" d=\"M11.4 24v2.3q0 0.5-0.3 0.8t-0.8 0.4h-9.1q-0.5 0-0.8-0.4t-0.4-0.8v-2.3q0-0.5 0.4-0.8t0.8-0.4h1.1v-6.8h-1.1q-0.5 0-0.8-0.4t-0.4-0.8v-2.3q0-0.5 0.4-0.8t0.8-0.4h6.8q0.5 0 0.8 0.4t0.4 0.8v10.3h1.1q0.5 0 0.8 0.4t0.3 0.8zM9.2 3.4v3.4q0 0.5-0.4 0.8t-0.8 0.4h-4.6q-0.4 0-0.8-0.4t-0.4-0.8v-3.4q0-0.4 0.4-0.8t0.8-0.4h4.6q0.5 0 0.8 0.4t0.4 0.8z\"\/><\/svg><\/span><\/a><\/li><\/ul><\/div>","protected":false},"author":1,"featured_media":6727,"comment_status":"open","ping_status":"open","sticky":false,"template":"","format":"standard","meta":{"ocean_post_layout":"","ocean_both_sidebars_style":"","ocean_both_sidebars_content_width":0,"ocean_both_sidebars_sidebars_width":0,"ocean_sidebar":"","ocean_second_sidebar":"","ocean_disable_margins":"enable","ocean_add_body_class":"","ocean_shortcode_before_top_bar":"","ocean_shortcode_after_top_bar":"","ocean_shortcode_before_header":"","ocean_shortcode_after_header":"","ocean_has_shortcode":"","ocean_shortcode_after_title":"","ocean_shortcode_before_footer_widgets":"","ocean_shortcode_after_footer_widgets":"","ocean_shortcode_before_footer_bottom":"","ocean_shortcode_after_footer_bottom":"","ocean_display_top_bar":"default","ocean_display_header":"default","ocean_header_style":"","ocean_center_header_left_menu":"","ocean_custom_header_template":"","ocean_custom_logo":0,"ocean_custom_retina_logo":0,"ocean_custom_logo_max_width":0,"ocean_custom_logo_tablet_max_width":0,"ocean_custom_logo_mobile_max_width":0,"ocean_custom_logo_max_height":0,"ocean_custom_logo_tablet_max_height":0,"ocean_custom_logo_mobile_max_height":0,"ocean_header_custom_menu":"","ocean_menu_typo_font_family":"","ocean_menu_typo_font_subset":"","ocean_menu_typo_font_size":0,"ocean_menu_typo_font_size_tablet":0,"ocean_menu_typo_font_size_mobile":0,"ocean_menu_typo_font_size_unit":"px","ocean_menu_typo_font_weight":"","ocean_menu_typo_font_weight_tablet":"","ocean_menu_typo_font_weight_mobile":"","ocean_menu_typo_transform":"","ocean_menu_typo_transform_tablet":"","ocean_menu_typo_transform_mobile":"","ocean_menu_typo_line_height":0,"ocean_menu_typo_line_height_tablet":0,"ocean_menu_typo_line_height_mobile":0,"ocean_menu_typo_line_height_unit":"","ocean_menu_typo_spacing":0,"ocean_menu_typo_spacing_tablet":0,"ocean_menu_typo_spacing_mobile":0,"ocean_menu_typo_spacing_unit":"","ocean_menu_link_color":"","ocean_menu_link_color_hover":"","ocean_menu_link_color_active":"","ocean_menu_link_background":"","ocean_menu_link_hover_background":"","ocean_menu_link_active_background":"","ocean_menu_social_links_bg":"","ocean_menu_social_hover_links_bg":"","ocean_menu_social_links_color":"","ocean_menu_social_hover_links_color":"","ocean_disable_title":"default","ocean_disable_heading":"default","ocean_post_title":"","ocean_post_subheading":"","ocean_post_title_style":"","ocean_post_title_background_color":"","ocean_post_title_background":0,"ocean_post_title_bg_image_position":"","ocean_post_title_bg_image_attachment":"","ocean_post_title_bg_image_repeat":"","ocean_post_title_bg_image_size":"","ocean_post_title_height":0,"ocean_post_title_bg_overlay":0.5,"ocean_post_title_bg_overlay_color":"","ocean_disable_breadcrumbs":"default","ocean_breadcrumbs_color":"","ocean_breadcrumbs_separator_color":"","ocean_breadcrumbs_links_color":"","ocean_breadcrumbs_links_hover_color":"","ocean_display_footer_widgets":"default","ocean_display_footer_bottom":"default","ocean_custom_footer_template":"","osh_disable_topbar_sticky":"default","osh_disable_header_sticky":"default","osh_sticky_header_style":"default","osh_sticky_header_effect":"","osh_custom_sticky_logo":0,"osh_custom_retina_sticky_logo":0,"osh_custom_sticky_logo_height":0,"osh_background_color":"","osh_links_color":"","osh_links_hover_color":"","osh_links_active_color":"","osh_links_bg_color":"","osh_links_hover_bg_color":"","osh_links_active_bg_color":"","osh_menu_social_links_color":"","osh_menu_social_hover_links_color":"","_FSMCFIC_featured_image_caption":"","_FSMCFIC_featured_image_nocaption":"","_FSMCFIC_featured_image_hide":"","_metis_text_type":"standard","_metis_text_length":5913,"_post_count":0,"_jetpack_memberships_contains_paid_content":false,"activitypub_content_warning":"","activitypub_content_visibility":"","activitypub_max_image_attachments":4,"activitypub_interaction_policy_quote":"anyone","activitypub_status":"","ocean_post_oembed":"","ocean_post_self_hosted_media":"","ocean_post_video_embed":"","ocean_link_format":"","ocean_link_format_target":"self","ocean_quote_format":"","ocean_quote_format_link":"post","ocean_gallery_link_images":"on","ocean_gallery_id":[],"footnotes":"","jetpack_publicize_message":"","jetpack_publicize_feature_enabled":true,"jetpack_social_post_already_shared":true,"jetpack_social_options":{"image_generator_settings":{"template":"highway","default_image_id":0,"font":"","enabled":false},"version":2}},"categories":[2647,2694,2695,2650],"tags":[1801,2777,1963,2776,2775],"class_list":["post-6801","post","type-post","status-publish","format-standard","has-post-thumbnail","hentry","category-angriffauf","category-die-bildung","category-die-kultur","category-diestdte","tag-bildung","tag-claudia-roth","tag-dresden","tag-kulturpass","tag-oeffentliche-hand","entry","has-media"],"yoast_head":"<!-- This site is optimized with the Yoast SEO plugin v27.5 - https:\/\/yoast.com\/product\/yoast-seo-wordpress\/ -->\n<title>Die \u00f6ffentliche Hand, die Mittagspause, das Engagement - Kritische Masse<\/title>\n<meta name=\"robots\" content=\"index, follow, max-snippet:-1, max-image-preview:large, max-video-preview:-1\" \/>\n<link rel=\"canonical\" href=\"https:\/\/www.kritische-masse.de\/logbuch\/2024\/01\/die-oeffentliche-hand-die-mittagspause-das-engagement\/\" \/>\n<meta property=\"og:locale\" content=\"de_DE\" \/>\n<meta property=\"og:type\" content=\"article\" \/>\n<meta property=\"og:title\" content=\"Die \u00f6ffentliche Hand, die Mittagspause, das Engagement - Kritische Masse\" \/>\n<meta property=\"og:description\" content=\"Warum wirft man nicht eine Idee einfach weg, wenn man erkennt, dass sie nicht taugt und nur f\u00fcr diejenigen hilfreich ist, die schnell mal eben noch was abernten an Kohle. Gemeint ist der Kulturpass f\u00fcr 18-J\u00e4hrige, denn Claudia Roth initiiert hatte und der nach meiner Analyse ein ziemlicher Flop ist. Dessen Etat, steht in der [&hellip;]\" \/>\n<meta property=\"og:url\" content=\"https:\/\/www.kritische-masse.de\/logbuch\/2024\/01\/die-oeffentliche-hand-die-mittagspause-das-engagement\/\" \/>\n<meta property=\"og:site_name\" content=\"Kritische Masse\" \/>\n<meta property=\"article:publisher\" content=\"https:\/\/www.facebook.com\/hufner\" \/>\n<meta property=\"article:author\" content=\"https:\/\/www.facebook.com\/hufner\" \/>\n<meta property=\"article:published_time\" content=\"2024-01-24T10:39:57+00:00\" \/>\n<meta property=\"og:image\" content=\"https:\/\/www.kritische-masse.de\/logbuch\/wp-content\/uploads\/2024\/01\/IMG_5459-scaled.jpg\" \/>\n\t<meta property=\"og:image:width\" content=\"2560\" \/>\n\t<meta property=\"og:image:height\" content=\"2560\" \/>\n\t<meta property=\"og:image:type\" content=\"image\/jpeg\" \/>\n<meta name=\"author\" content=\"der huflaikhan\" \/>\n<meta name=\"twitter:label1\" content=\"Verfasst von\" \/>\n\t<meta name=\"twitter:data1\" content=\"der huflaikhan\" \/>\n\t<meta name=\"twitter:label2\" content=\"Gesch\u00e4tzte Lesezeit\" \/>\n\t<meta name=\"twitter:data2\" content=\"4\u00a0Minuten\" \/>\n<script type=\"application\/ld+json\" class=\"yoast-schema-graph\">{\"@context\":\"https:\\\/\\\/schema.org\",\"@graph\":[{\"@type\":\"Article\",\"@id\":\"https:\\\/\\\/www.kritische-masse.de\\\/logbuch\\\/2024\\\/01\\\/die-oeffentliche-hand-die-mittagspause-das-engagement\\\/#article\",\"isPartOf\":{\"@id\":\"https:\\\/\\\/www.kritische-masse.de\\\/logbuch\\\/2024\\\/01\\\/die-oeffentliche-hand-die-mittagspause-das-engagement\\\/\"},\"author\":{\"name\":\"der huflaikhan\",\"@id\":\"https:\\\/\\\/www.kritische-masse.de\\\/logbuch\\\/#\\\/schema\\\/person\\\/14c491f46504e7f6b79db161f76def1c\"},\"headline\":\"Die \u00f6ffentliche Hand, die Mittagspause, das Engagement\",\"datePublished\":\"2024-01-24T10:39:57+00:00\",\"mainEntityOfPage\":{\"@id\":\"https:\\\/\\\/www.kritische-masse.de\\\/logbuch\\\/2024\\\/01\\\/die-oeffentliche-hand-die-mittagspause-das-engagement\\\/\"},\"wordCount\":915,\"commentCount\":1,\"publisher\":{\"@id\":\"https:\\\/\\\/www.kritische-masse.de\\\/logbuch\\\/#\\\/schema\\\/person\\\/14c491f46504e7f6b79db161f76def1c\"},\"image\":{\"@id\":\"https:\\\/\\\/www.kritische-masse.de\\\/logbuch\\\/2024\\\/01\\\/die-oeffentliche-hand-die-mittagspause-das-engagement\\\/#primaryimage\"},\"thumbnailUrl\":\"https:\\\/\\\/i0.wp.com\\\/www.kritische-masse.de\\\/logbuch\\\/wp-content\\\/uploads\\\/2024\\\/01\\\/IMG_5459-scaled.jpg?fit=2560%2C2560&ssl=1\",\"keywords\":[\"Bildung\",\"Claudia Roth\",\"Dresden\",\"Kulturpass\",\"\u00f6ffentliche Hand\"],\"articleSection\":[\"Angriff auf \u2026\",\"die Bildung\",\"die Kultur\",\"die St\u00e4dte\"],\"inLanguage\":\"de\",\"potentialAction\":[{\"@type\":\"CommentAction\",\"name\":\"Comment\",\"target\":[\"https:\\\/\\\/www.kritische-masse.de\\\/logbuch\\\/2024\\\/01\\\/die-oeffentliche-hand-die-mittagspause-das-engagement\\\/#respond\"]}]},{\"@type\":\"WebPage\",\"@id\":\"https:\\\/\\\/www.kritische-masse.de\\\/logbuch\\\/2024\\\/01\\\/die-oeffentliche-hand-die-mittagspause-das-engagement\\\/\",\"url\":\"https:\\\/\\\/www.kritische-masse.de\\\/logbuch\\\/2024\\\/01\\\/die-oeffentliche-hand-die-mittagspause-das-engagement\\\/\",\"name\":\"Die \u00f6ffentliche Hand, die Mittagspause, das Engagement - Kritische Masse\",\"isPartOf\":{\"@id\":\"https:\\\/\\\/www.kritische-masse.de\\\/logbuch\\\/#website\"},\"primaryImageOfPage\":{\"@id\":\"https:\\\/\\\/www.kritische-masse.de\\\/logbuch\\\/2024\\\/01\\\/die-oeffentliche-hand-die-mittagspause-das-engagement\\\/#primaryimage\"},\"image\":{\"@id\":\"https:\\\/\\\/www.kritische-masse.de\\\/logbuch\\\/2024\\\/01\\\/die-oeffentliche-hand-die-mittagspause-das-engagement\\\/#primaryimage\"},\"thumbnailUrl\":\"https:\\\/\\\/i0.wp.com\\\/www.kritische-masse.de\\\/logbuch\\\/wp-content\\\/uploads\\\/2024\\\/01\\\/IMG_5459-scaled.jpg?fit=2560%2C2560&ssl=1\",\"datePublished\":\"2024-01-24T10:39:57+00:00\",\"breadcrumb\":{\"@id\":\"https:\\\/\\\/www.kritische-masse.de\\\/logbuch\\\/2024\\\/01\\\/die-oeffentliche-hand-die-mittagspause-das-engagement\\\/#breadcrumb\"},\"inLanguage\":\"de\",\"potentialAction\":[{\"@type\":\"ReadAction\",\"target\":[\"https:\\\/\\\/www.kritische-masse.de\\\/logbuch\\\/2024\\\/01\\\/die-oeffentliche-hand-die-mittagspause-das-engagement\\\/\"]}]},{\"@type\":\"ImageObject\",\"inLanguage\":\"de\",\"@id\":\"https:\\\/\\\/www.kritische-masse.de\\\/logbuch\\\/2024\\\/01\\\/die-oeffentliche-hand-die-mittagspause-das-engagement\\\/#primaryimage\",\"url\":\"https:\\\/\\\/i0.wp.com\\\/www.kritische-masse.de\\\/logbuch\\\/wp-content\\\/uploads\\\/2024\\\/01\\\/IMG_5459-scaled.jpg?fit=2560%2C2560&ssl=1\",\"contentUrl\":\"https:\\\/\\\/i0.wp.com\\\/www.kritische-masse.de\\\/logbuch\\\/wp-content\\\/uploads\\\/2024\\\/01\\\/IMG_5459-scaled.jpg?fit=2560%2C2560&ssl=1\",\"width\":2560,\"height\":2560,\"caption\":\"Sp\u00fclfeldmaterial. Foto: Hufner\"},{\"@type\":\"BreadcrumbList\",\"@id\":\"https:\\\/\\\/www.kritische-masse.de\\\/logbuch\\\/2024\\\/01\\\/die-oeffentliche-hand-die-mittagspause-das-engagement\\\/#breadcrumb\",\"itemListElement\":[{\"@type\":\"ListItem\",\"position\":1,\"name\":\"Startseite\",\"item\":\"https:\\\/\\\/www.kritische-masse.de\\\/logbuch\\\/\"},{\"@type\":\"ListItem\",\"position\":2,\"name\":\"Die \u00f6ffentliche Hand, die Mittagspause, das Engagement\"}]},{\"@type\":\"WebSite\",\"@id\":\"https:\\\/\\\/www.kritische-masse.de\\\/logbuch\\\/#website\",\"url\":\"https:\\\/\\\/www.kritische-masse.de\\\/logbuch\\\/\",\"name\":\"kritische masse\",\"description\":\"amt f\u00fcr vermassungsschutz\",\"publisher\":{\"@id\":\"https:\\\/\\\/www.kritische-masse.de\\\/logbuch\\\/#\\\/schema\\\/person\\\/14c491f46504e7f6b79db161f76def1c\"},\"alternateName\":\"das logbuch der kritischen masse\",\"potentialAction\":[{\"@type\":\"SearchAction\",\"target\":{\"@type\":\"EntryPoint\",\"urlTemplate\":\"https:\\\/\\\/www.kritische-masse.de\\\/logbuch\\\/?s={search_term_string}\"},\"query-input\":{\"@type\":\"PropertyValueSpecification\",\"valueRequired\":true,\"valueName\":\"search_term_string\"}}],\"inLanguage\":\"de\"},{\"@type\":[\"Person\",\"Organization\"],\"@id\":\"https:\\\/\\\/www.kritische-masse.de\\\/logbuch\\\/#\\\/schema\\\/person\\\/14c491f46504e7f6b79db161f76def1c\",\"name\":\"der huflaikhan\",\"image\":{\"@type\":\"ImageObject\",\"inLanguage\":\"de\",\"@id\":\"https:\\\/\\\/www.kritische-masse.de\\\/logbuch\\\/wp-content\\\/uploads\\\/2024\\\/01\\\/cropped-kritischmasse_man_512.jpg\",\"url\":\"https:\\\/\\\/www.kritische-masse.de\\\/logbuch\\\/wp-content\\\/uploads\\\/2024\\\/01\\\/cropped-kritischmasse_man_512.jpg\",\"contentUrl\":\"https:\\\/\\\/www.kritische-masse.de\\\/logbuch\\\/wp-content\\\/uploads\\\/2024\\\/01\\\/cropped-kritischmasse_man_512.jpg\",\"width\":512,\"height\":512,\"caption\":\"der huflaikhan\"},\"logo\":{\"@id\":\"https:\\\/\\\/www.kritische-masse.de\\\/logbuch\\\/wp-content\\\/uploads\\\/2024\\\/01\\\/cropped-kritischmasse_man_512.jpg\"},\"description\":\"Betreiber der Kritischen Masse seit 1995. Seit 2023 Wiederaufnahme. Promotion mit einer Arbeit \u00fcber Adornos kompositorische und theoretische Auseinandersetzung mit der Zw\u00f6lftontechnik. Arbeit f\u00fcr den Bayerischen und den Mitteldeutschen Rundfunk als freier Autor und Regisseur \u2013 zumindest bis Ende 2015. Online-Redaktion f\u00fcr neue musikzeitung, Jazzzeitung und Oper &amp; Tanz. Ungl\u00fccklich, aber fast taub.\",\"sameAs\":[\"https:\\\/\\\/www.kritische-masse.de\\\/logbuch\\\/\",\"https:\\\/\\\/www.facebook.com\\\/hufner\"],\"url\":\"https:\\\/\\\/www.kritische-masse.de\\\/logbuch\\\/author\\\/martin_d1juqiu5\\\/\"}]}<\/script>\n<!-- \/ Yoast SEO plugin. -->","yoast_head_json":{"title":"Die \u00f6ffentliche Hand, die Mittagspause, das Engagement - Kritische Masse","robots":{"index":"index","follow":"follow","max-snippet":"max-snippet:-1","max-image-preview":"max-image-preview:large","max-video-preview":"max-video-preview:-1"},"canonical":"https:\/\/www.kritische-masse.de\/logbuch\/2024\/01\/die-oeffentliche-hand-die-mittagspause-das-engagement\/","og_locale":"de_DE","og_type":"article","og_title":"Die \u00f6ffentliche Hand, die Mittagspause, das Engagement - Kritische Masse","og_description":"Warum wirft man nicht eine Idee einfach weg, wenn man erkennt, dass sie nicht taugt und nur f\u00fcr diejenigen hilfreich ist, die schnell mal eben noch was abernten an Kohle. Gemeint ist der Kulturpass f\u00fcr 18-J\u00e4hrige, denn Claudia Roth initiiert hatte und der nach meiner Analyse ein ziemlicher Flop ist. Dessen Etat, steht in der [&hellip;]","og_url":"https:\/\/www.kritische-masse.de\/logbuch\/2024\/01\/die-oeffentliche-hand-die-mittagspause-das-engagement\/","og_site_name":"Kritische Masse","article_publisher":"https:\/\/www.facebook.com\/hufner","article_author":"https:\/\/www.facebook.com\/hufner","article_published_time":"2024-01-24T10:39:57+00:00","og_image":[{"width":2560,"height":2560,"url":"https:\/\/www.kritische-masse.de\/logbuch\/wp-content\/uploads\/2024\/01\/IMG_5459-scaled.jpg","type":"image\/jpeg"}],"author":"der huflaikhan","twitter_misc":{"Verfasst von":"der huflaikhan","Gesch\u00e4tzte Lesezeit":"4\u00a0Minuten"},"schema":{"@context":"https:\/\/schema.org","@graph":[{"@type":"Article","@id":"https:\/\/www.kritische-masse.de\/logbuch\/2024\/01\/die-oeffentliche-hand-die-mittagspause-das-engagement\/#article","isPartOf":{"@id":"https:\/\/www.kritische-masse.de\/logbuch\/2024\/01\/die-oeffentliche-hand-die-mittagspause-das-engagement\/"},"author":{"name":"der huflaikhan","@id":"https:\/\/www.kritische-masse.de\/logbuch\/#\/schema\/person\/14c491f46504e7f6b79db161f76def1c"},"headline":"Die \u00f6ffentliche Hand, die Mittagspause, das Engagement","datePublished":"2024-01-24T10:39:57+00:00","mainEntityOfPage":{"@id":"https:\/\/www.kritische-masse.de\/logbuch\/2024\/01\/die-oeffentliche-hand-die-mittagspause-das-engagement\/"},"wordCount":915,"commentCount":1,"publisher":{"@id":"https:\/\/www.kritische-masse.de\/logbuch\/#\/schema\/person\/14c491f46504e7f6b79db161f76def1c"},"image":{"@id":"https:\/\/www.kritische-masse.de\/logbuch\/2024\/01\/die-oeffentliche-hand-die-mittagspause-das-engagement\/#primaryimage"},"thumbnailUrl":"https:\/\/i0.wp.com\/www.kritische-masse.de\/logbuch\/wp-content\/uploads\/2024\/01\/IMG_5459-scaled.jpg?fit=2560%2C2560&ssl=1","keywords":["Bildung","Claudia Roth","Dresden","Kulturpass","\u00f6ffentliche Hand"],"articleSection":["Angriff auf \u2026","die Bildung","die Kultur","die St\u00e4dte"],"inLanguage":"de","potentialAction":[{"@type":"CommentAction","name":"Comment","target":["https:\/\/www.kritische-masse.de\/logbuch\/2024\/01\/die-oeffentliche-hand-die-mittagspause-das-engagement\/#respond"]}]},{"@type":"WebPage","@id":"https:\/\/www.kritische-masse.de\/logbuch\/2024\/01\/die-oeffentliche-hand-die-mittagspause-das-engagement\/","url":"https:\/\/www.kritische-masse.de\/logbuch\/2024\/01\/die-oeffentliche-hand-die-mittagspause-das-engagement\/","name":"Die \u00f6ffentliche Hand, die Mittagspause, das Engagement - Kritische Masse","isPartOf":{"@id":"https:\/\/www.kritische-masse.de\/logbuch\/#website"},"primaryImageOfPage":{"@id":"https:\/\/www.kritische-masse.de\/logbuch\/2024\/01\/die-oeffentliche-hand-die-mittagspause-das-engagement\/#primaryimage"},"image":{"@id":"https:\/\/www.kritische-masse.de\/logbuch\/2024\/01\/die-oeffentliche-hand-die-mittagspause-das-engagement\/#primaryimage"},"thumbnailUrl":"https:\/\/i0.wp.com\/www.kritische-masse.de\/logbuch\/wp-content\/uploads\/2024\/01\/IMG_5459-scaled.jpg?fit=2560%2C2560&ssl=1","datePublished":"2024-01-24T10:39:57+00:00","breadcrumb":{"@id":"https:\/\/www.kritische-masse.de\/logbuch\/2024\/01\/die-oeffentliche-hand-die-mittagspause-das-engagement\/#breadcrumb"},"inLanguage":"de","potentialAction":[{"@type":"ReadAction","target":["https:\/\/www.kritische-masse.de\/logbuch\/2024\/01\/die-oeffentliche-hand-die-mittagspause-das-engagement\/"]}]},{"@type":"ImageObject","inLanguage":"de","@id":"https:\/\/www.kritische-masse.de\/logbuch\/2024\/01\/die-oeffentliche-hand-die-mittagspause-das-engagement\/#primaryimage","url":"https:\/\/i0.wp.com\/www.kritische-masse.de\/logbuch\/wp-content\/uploads\/2024\/01\/IMG_5459-scaled.jpg?fit=2560%2C2560&ssl=1","contentUrl":"https:\/\/i0.wp.com\/www.kritische-masse.de\/logbuch\/wp-content\/uploads\/2024\/01\/IMG_5459-scaled.jpg?fit=2560%2C2560&ssl=1","width":2560,"height":2560,"caption":"Sp\u00fclfeldmaterial. Foto: Hufner"},{"@type":"BreadcrumbList","@id":"https:\/\/www.kritische-masse.de\/logbuch\/2024\/01\/die-oeffentliche-hand-die-mittagspause-das-engagement\/#breadcrumb","itemListElement":[{"@type":"ListItem","position":1,"name":"Startseite","item":"https:\/\/www.kritische-masse.de\/logbuch\/"},{"@type":"ListItem","position":2,"name":"Die \u00f6ffentliche Hand, die Mittagspause, das Engagement"}]},{"@type":"WebSite","@id":"https:\/\/www.kritische-masse.de\/logbuch\/#website","url":"https:\/\/www.kritische-masse.de\/logbuch\/","name":"kritische masse","description":"amt f\u00fcr vermassungsschutz","publisher":{"@id":"https:\/\/www.kritische-masse.de\/logbuch\/#\/schema\/person\/14c491f46504e7f6b79db161f76def1c"},"alternateName":"das logbuch der kritischen masse","potentialAction":[{"@type":"SearchAction","target":{"@type":"EntryPoint","urlTemplate":"https:\/\/www.kritische-masse.de\/logbuch\/?s={search_term_string}"},"query-input":{"@type":"PropertyValueSpecification","valueRequired":true,"valueName":"search_term_string"}}],"inLanguage":"de"},{"@type":["Person","Organization"],"@id":"https:\/\/www.kritische-masse.de\/logbuch\/#\/schema\/person\/14c491f46504e7f6b79db161f76def1c","name":"der huflaikhan","image":{"@type":"ImageObject","inLanguage":"de","@id":"https:\/\/www.kritische-masse.de\/logbuch\/wp-content\/uploads\/2024\/01\/cropped-kritischmasse_man_512.jpg","url":"https:\/\/www.kritische-masse.de\/logbuch\/wp-content\/uploads\/2024\/01\/cropped-kritischmasse_man_512.jpg","contentUrl":"https:\/\/www.kritische-masse.de\/logbuch\/wp-content\/uploads\/2024\/01\/cropped-kritischmasse_man_512.jpg","width":512,"height":512,"caption":"der huflaikhan"},"logo":{"@id":"https:\/\/www.kritische-masse.de\/logbuch\/wp-content\/uploads\/2024\/01\/cropped-kritischmasse_man_512.jpg"},"description":"Betreiber der Kritischen Masse seit 1995. Seit 2023 Wiederaufnahme. Promotion mit einer Arbeit \u00fcber Adornos kompositorische und theoretische Auseinandersetzung mit der Zw\u00f6lftontechnik. Arbeit f\u00fcr den Bayerischen und den Mitteldeutschen Rundfunk als freier Autor und Regisseur \u2013 zumindest bis Ende 2015. Online-Redaktion f\u00fcr neue musikzeitung, Jazzzeitung und Oper &amp; Tanz. Ungl\u00fccklich, aber fast taub.","sameAs":["https:\/\/www.kritische-masse.de\/logbuch\/","https:\/\/www.facebook.com\/hufner"],"url":"https:\/\/www.kritische-masse.de\/logbuch\/author\/martin_d1juqiu5\/"}]}},"jetpack_publicize_connections":[],"jetpack_featured_media_url":"https:\/\/i0.wp.com\/www.kritische-masse.de\/logbuch\/wp-content\/uploads\/2024\/01\/IMG_5459-scaled.jpg?fit=2560%2C2560&ssl=1","categories_names":["Angriff auf \u2026","die Bildung","die Kultur","die St\u00e4dte"],"post_class":[["post-6801","post","type-post","status-publish","format-standard","has-post-thumbnail","hentry","category-angriffauf","category-die-bildung","category-die-kultur","category-diestdte","tag-bildung","tag-claudia-roth","tag-dresden","tag-kulturpass","tag-oeffentliche-hand","entry","has-media"]],"author_avatar":["<img alt='' src='https:\/\/secure.gravatar.com\/avatar\/c23aee426d58e69f14ef471114d4cac215eec702ee1bc331e2a62ea77e96ed60?s=96&#038;d=blank&#038;r=g' srcset='https:\/\/secure.gravatar.com\/avatar\/c23aee426d58e69f14ef471114d4cac215eec702ee1bc331e2a62ea77e96ed60?s=192&#038;d=blank&#038;r=g 2x' class='avatar avatar-96 photo' height='96' width='96' loading='lazy' decoding='async'\/>"],"featured_video":null,"jetpack-related-posts":[{"id":8876,"url":"https:\/\/www.kritische-masse.de\/logbuch\/2023\/06\/kulturpassrechnungen-viel-von-wenig\/","url_meta":{"origin":6801,"position":0},"title":"Kulturpassrechnungen: Viel von wenig","author":"der huflaikhan","date":"4. Juni 2023","format":false,"excerpt":"Der Kulturpass f\u00fcr 18-J\u00e4hrige muss ein Erfolg werden, deshalb ist er auch zu loben. Von der Kulturstaatssekret\u00e4rin nat\u00fcrlich. So l\u00e4sst sie verlauten: F\u00fcr das am 14. Juni startende Projekt haben sich bisher mehr als 700 Kulturanbietende registriert. Angeboten werden derzeit knapp 1,6 Millionen Kulturprodukte. Das klingt nach viel. Es ist\u2026","rel":"","context":"In &quot;die Bildung&quot;","block_context":{"text":"die Bildung","link":"https:\/\/www.kritische-masse.de\/logbuch\/category\/angriffauf\/die-bildung\/"},"img":{"alt_text":"","src":"","width":0,"height":0},"classes":[]},{"id":6811,"url":"https:\/\/www.kritische-masse.de\/logbuch\/2024\/01\/die-non-prophet-organisation-der-unkulturpass-das-buntmusikalische\/","url_meta":{"origin":6801,"position":1},"title":"Die Non-Prophet-Organisation, der Unkulturpass, das Buntmusikalische","author":"der huflaikhan","date":"25. Januar 2024","format":false,"excerpt":"Muss man mehr zur Kritischen Masse wissen: Wir sind eine Non-Prophet-Organisation. Gleichwohl m\u00f6chte ich betonen: Threads geht seinen Gang in die Rambazambabudennische. Der SocialMediaMensch braucht auch seine Muckibude zum Abreagieren. Gestern habe ich auf die Fehlerhaftigkeit des Kulturpasses hingwiesen, weil er auch als Instrument zur F\u00f6rderung rechtsradikaler Haltungen dient, ideologisch\u2026","rel":"","context":"In &quot;Angriff auf \u2026&quot;","block_context":{"text":"Angriff auf \u2026","link":"https:\/\/www.kritische-masse.de\/logbuch\/category\/angriffauf\/"},"img":{"alt_text":"winterbild 2015. Foto: Hufner","src":"https:\/\/i0.wp.com\/www.kritische-masse.de\/logbuch\/wp-content\/uploads\/2024\/01\/winterbild.jpg?fit=1200%2C900&ssl=1&resize=350%2C200","width":350,"height":200,"srcset":"https:\/\/i0.wp.com\/www.kritische-masse.de\/logbuch\/wp-content\/uploads\/2024\/01\/winterbild.jpg?fit=1200%2C900&ssl=1&resize=350%2C200 1x, https:\/\/i0.wp.com\/www.kritische-masse.de\/logbuch\/wp-content\/uploads\/2024\/01\/winterbild.jpg?fit=1200%2C900&ssl=1&resize=525%2C300 1.5x, https:\/\/i0.wp.com\/www.kritische-masse.de\/logbuch\/wp-content\/uploads\/2024\/01\/winterbild.jpg?fit=1200%2C900&ssl=1&resize=700%2C400 2x, https:\/\/i0.wp.com\/www.kritische-masse.de\/logbuch\/wp-content\/uploads\/2024\/01\/winterbild.jpg?fit=1200%2C900&ssl=1&resize=1050%2C600 3x"},"classes":[]},{"id":8871,"url":"https:\/\/www.kritische-masse.de\/logbuch\/2023\/05\/kulturgeldwaesche-kulturpass-kommt\/","url_meta":{"origin":6801,"position":2},"title":"Kulturgeldw\u00e4sche: Kulturpass kommt","author":"der huflaikhan","date":"17. Mai 2023","format":false,"excerpt":"Hauptsache die B\u00fcrokratie funktioniert. \u00dcber den Kulturpass f\u00fcr Jugendliche habe ich mich in der Dezember-Ausgabe der neuen musikzeitung bereits ge\u00e4u\u00dfert (Kultur pass\u00e9) in der Hoffnung, dass es ein Rohrkrepiere werde. Weil weder das Angebot schon rechnerisch stimmt, es sei denn, man kalkuliere die Nichtnutzung ein. Und weil das konkrete Angebot\u2026","rel":"","context":"In &quot;die Politik&quot;","block_context":{"text":"die Politik","link":"https:\/\/www.kritische-masse.de\/logbuch\/category\/angriffauf\/die-politik\/"},"img":{"alt_text":"Man kommt sich so vor, als versperre man nur den Blick aufs Regal. Foto: Hufner","src":"https:\/\/i0.wp.com\/www.kritische-masse.de\/logbuch\/wp-content\/uploads\/2012\/12\/huf-np-gefuehl9.jpg?fit=900%2C596&ssl=1&resize=350%2C200","width":350,"height":200,"srcset":"https:\/\/i0.wp.com\/www.kritische-masse.de\/logbuch\/wp-content\/uploads\/2012\/12\/huf-np-gefuehl9.jpg?fit=900%2C596&ssl=1&resize=350%2C200 1x, https:\/\/i0.wp.com\/www.kritische-masse.de\/logbuch\/wp-content\/uploads\/2012\/12\/huf-np-gefuehl9.jpg?fit=900%2C596&ssl=1&resize=525%2C300 1.5x, https:\/\/i0.wp.com\/www.kritische-masse.de\/logbuch\/wp-content\/uploads\/2012\/12\/huf-np-gefuehl9.jpg?fit=900%2C596&ssl=1&resize=700%2C400 2x"},"classes":[]},{"id":8881,"url":"https:\/\/www.kritische-masse.de\/logbuch\/2023\/06\/kulturfloppass-der-bundesregierung\/","url_meta":{"origin":6801,"position":3},"title":"Flop: Der Kulturpass f\u00fcr 18-J\u00e4hrige der Bundesregierung \u2013 eine erste Analyse","author":"der huflaikhan","date":"15. Juni 2023","format":false,"excerpt":"Es sollte das gro\u00dfe Ding sein, das Claudia Roth als Kulturstaatsministerin an den Start bringt. Aber es ist eine Initiative, die an fast jeder Stelle scheitert. Der Kulturpass f\u00fcr 18-J\u00e4hrige ist gestern gestartet. Eine erste Fehleranalyse. Das Bild, welches man auf der Website daf\u00fcr gew\u00e4hlt hat, dr\u00fcckt absolute und totale\u2026","rel":"","context":"In &quot;die Politik&quot;","block_context":{"text":"die Politik","link":"https:\/\/www.kritische-masse.de\/logbuch\/category\/angriffauf\/die-politik\/"},"img":{"alt_text":"Peter Wicke. Foto: Hufner","src":"https:\/\/i0.wp.com\/www.kritische-masse.de\/logbuch\/wp-content\/uploads\/2014\/01\/wem_gehoert_mein_werk_c_hufner-1230026.jpg?resize=350%2C200","width":350,"height":200,"srcset":"https:\/\/i0.wp.com\/www.kritische-masse.de\/logbuch\/wp-content\/uploads\/2014\/01\/wem_gehoert_mein_werk_c_hufner-1230026.jpg?resize=350%2C200 1x, https:\/\/i0.wp.com\/www.kritische-masse.de\/logbuch\/wp-content\/uploads\/2014\/01\/wem_gehoert_mein_werk_c_hufner-1230026.jpg?resize=525%2C300 1.5x, https:\/\/i0.wp.com\/www.kritische-masse.de\/logbuch\/wp-content\/uploads\/2014\/01\/wem_gehoert_mein_werk_c_hufner-1230026.jpg?resize=700%2C400 2x, https:\/\/i0.wp.com\/www.kritische-masse.de\/logbuch\/wp-content\/uploads\/2014\/01\/wem_gehoert_mein_werk_c_hufner-1230026.jpg?resize=1050%2C600 3x"},"classes":[]},{"id":14073,"url":"https:\/\/www.kritische-masse.de\/logbuch\/2026\/03\/wolfram-weimer-kann-es-einfach-nicht\/","url_meta":{"origin":6801,"position":4},"title":"Wolfram Weimer kann es einfach nicht","author":"der huflaikhan","date":"11. M\u00e4rz 2026","format":false,"excerpt":"Der fr\u00fchpubertierende Sch\u00f6nwetterpoet im Bundeskanzleramt hat Muffe. Bei Gegenwind setzt er seine Noise-Cancelnden-Ohrensch\u00fctzer auf und zieht sich in seinen Sandkasten zur\u00fcck. Aber die wars doch auch! Die Vorg\u00e4ngerin im Amt hat doch auch gecancelt. Und mehrfach das Haber-Verfahren aufgerufen, zum Beispiel f\u00fcr einen rechtsextremen Buchverlag (worum es genau ging, verschweigt\u2026","rel":"","context":"In &quot;Amt f\u00fcr Vermassungsschutz&quot;","block_context":{"text":"Amt f\u00fcr Vermassungsschutz","link":"https:\/\/www.kritische-masse.de\/logbuch\/category\/vermassungsschutz\/"},"img":{"alt_text":"Start \u2013 Buchladen Rote Strasse G\u00f6ttingen 03 11 2026 09 47 AM","src":"https:\/\/i0.wp.com\/www.kritische-masse.de\/logbuch\/wp-content\/uploads\/2026\/03\/Start-%E2%80%93-Buchladen-Rote-Strasse-Goettingen-03-11-2026_09_47_AM.png?resize=350%2C200&ssl=1","width":350,"height":200,"srcset":"https:\/\/i0.wp.com\/www.kritische-masse.de\/logbuch\/wp-content\/uploads\/2026\/03\/Start-%E2%80%93-Buchladen-Rote-Strasse-Goettingen-03-11-2026_09_47_AM.png?resize=350%2C200&ssl=1 1x, https:\/\/i0.wp.com\/www.kritische-masse.de\/logbuch\/wp-content\/uploads\/2026\/03\/Start-%E2%80%93-Buchladen-Rote-Strasse-Goettingen-03-11-2026_09_47_AM.png?resize=525%2C300&ssl=1 1.5x, https:\/\/i0.wp.com\/www.kritische-masse.de\/logbuch\/wp-content\/uploads\/2026\/03\/Start-%E2%80%93-Buchladen-Rote-Strasse-Goettingen-03-11-2026_09_47_AM.png?resize=700%2C400&ssl=1 2x, https:\/\/i0.wp.com\/www.kritische-masse.de\/logbuch\/wp-content\/uploads\/2026\/03\/Start-%E2%80%93-Buchladen-Rote-Strasse-Goettingen-03-11-2026_09_47_AM.png?resize=1050%2C600&ssl=1 3x"},"classes":[]},{"id":8868,"url":"https:\/\/www.kritische-masse.de\/logbuch\/2023\/06\/die-unansprechbare-claudia-roth\/","url_meta":{"origin":6801,"position":5},"title":"Die Unansprechbare (Claudia Roth)","author":"der huflaikhan","date":"18. Juni 2023","format":false,"excerpt":"Der nachfolgende Beitrag lag seit April letzten Jahres auf Halde und kam nicht zum Einsatz. Ich habe mich entschlossen, ihn jetzt zu ver\u00f6ffentlichen, damit die Akte Roth langsam geschlossen werden kann. Andererseits hat sich grundlegend nichts ge\u00e4ndert an dem, was hier angesprochen wird. Sie hat zwar viel zu sagen \u2013\u2026","rel":"","context":"In &quot;die Politik&quot;","block_context":{"text":"die Politik","link":"https:\/\/www.kritische-masse.de\/logbuch\/category\/angriffauf\/die-politik\/"},"img":{"alt_text":"","src":"","width":0,"height":0},"classes":[]}],"jetpack_sharing_enabled":true,"public_identification_id":"d4e106c1cbbc4111ac0fe108d996c96c","private_identification_id":"7e6d79c20c294cabad6060c11c62a579","_links":{"self":[{"href":"https:\/\/www.kritische-masse.de\/logbuch\/wp-json\/wp\/v2\/posts\/6801","targetHints":{"allow":["GET"]}}],"collection":[{"href":"https:\/\/www.kritische-masse.de\/logbuch\/wp-json\/wp\/v2\/posts"}],"about":[{"href":"https:\/\/www.kritische-masse.de\/logbuch\/wp-json\/wp\/v2\/types\/post"}],"author":[{"embeddable":true,"href":"https:\/\/www.kritische-masse.de\/logbuch\/wp-json\/wp\/v2\/users\/1"}],"replies":[{"embeddable":true,"href":"https:\/\/www.kritische-masse.de\/logbuch\/wp-json\/wp\/v2\/comments?post=6801"}],"version-history":[{"count":0,"href":"https:\/\/www.kritische-masse.de\/logbuch\/wp-json\/wp\/v2\/posts\/6801\/revisions"}],"wp:featuredmedia":[{"embeddable":true,"href":"https:\/\/www.kritische-masse.de\/logbuch\/wp-json\/wp\/v2\/media\/6727"}],"wp:attachment":[{"href":"https:\/\/www.kritische-masse.de\/logbuch\/wp-json\/wp\/v2\/media?parent=6801"}],"wp:term":[{"taxonomy":"category","embeddable":true,"href":"https:\/\/www.kritische-masse.de\/logbuch\/wp-json\/wp\/v2\/categories?post=6801"},{"taxonomy":"post_tag","embeddable":true,"href":"https:\/\/www.kritische-masse.de\/logbuch\/wp-json\/wp\/v2\/tags?post=6801"}],"curies":[{"name":"wp","href":"https:\/\/api.w.org\/{rel}","templated":true}]}}