{"id":8261,"date":"2004-09-17T10:44:16","date_gmt":"2004-09-17T08:44:16","guid":{"rendered":"https:\/\/musikunrat.de\/?p=536"},"modified":"2004-09-17T10:44:16","modified_gmt":"2004-09-17T08:44:16","slug":"konstellation-montage-komposition-zitat-2","status":"publish","type":"post","link":"https:\/\/www.kritische-masse.de\/logbuch\/2004\/09\/konstellation-montage-komposition-zitat-2\/","title":{"rendered":"Konstellation, Montage, Komposition, Zitat"},"content":{"rendered":"<div class=\"shariff shariff-align-left shariff-widget-align-left\"><ul class=\"shariff-buttons theme-white orientation-horizontal buttonsize-small\"><li class=\"shariff-button mastodon shariff-nocustomcolor\" style=\"background-color:#563ACC\"><a href=\"https:\/\/s2f.kytta.dev\/?text=Konstellation%2C%20Montage%2C%20Komposition%2C%20Zitat https%3A%2F%2Fwww.kritische-masse.de%2Flogbuch%2F2004%2F09%2Fkonstellation-montage-komposition-zitat-2%2F\" title=\"Bei Mastodon teilen\" aria-label=\"Bei Mastodon teilen\" role=\"button\" rel=\"noopener nofollow\" class=\"shariff-link\" style=\"; background-color:#6364FF; color:#6364FF\" target=\"_blank\"><span class=\"shariff-icon\" style=\"fill:#6364FF\"><svg width=\"75\" height=\"79\" viewBox=\"0 0 75 79\" fill=\"none\" xmlns=\"http:\/\/www.w3.org\/2000\/svg\"><path d=\"M37.813-.025C32.462-.058 27.114.13 21.79.598c-8.544.621-17.214 5.58-20.203 13.931C-1.12 23.318.408 32.622.465 41.65c.375 7.316.943 14.78 3.392 21.73 4.365 9.465 14.781 14.537 24.782 15.385 7.64.698 15.761-.213 22.517-4.026a54.1 54.1 0 0 0 .01-6.232c-6.855 1.316-14.101 2.609-21.049 1.074-3.883-.88-6.876-4.237-7.25-8.215-1.53-3.988 3.78-.43 5.584-.883 9.048 1.224 18.282.776 27.303-.462 7.044-.837 14.26-4.788 16.65-11.833 2.263-6.135 1.215-12.79 1.698-19.177.06-3.84.09-7.692-.262-11.52C72.596 7.844 63.223.981 53.834.684a219.453 219.453 0 0 0-16.022-.71zm11.294 12.882c5.5-.067 10.801 4.143 11.67 9.653.338 1.48.471 3 .471 4.515v21.088h-8.357c-.07-7.588.153-15.182-.131-22.765-.587-4.368-7.04-5.747-9.672-2.397-2.422 3.04-1.47 7.155-1.67 10.735v6.392h-8.307c-.146-4.996.359-10.045-.404-15.002-1.108-4.218-7.809-5.565-10.094-1.666-1.685 3.046-.712 6.634-.976 9.936v14.767h-8.354c.109-8.165-.238-16.344.215-24.5.674-5.346 5.095-10.389 10.676-10.627 4.902-.739 10.103 2.038 12.053 6.631.375 1.435 1.76 1.932 1.994.084 1.844-3.704 5.501-6.739 9.785-6.771.367-.044.735-.068 1.101-.073z\"\/><defs><linearGradient id=\"paint0_linear_549_34\" x1=\"37.0692\" y1=\"0\" x2=\"37.0692\" y2=\"79\" gradientUnits=\"userSpaceOnUse\"><stop stop-color=\"#6364FF\"\/><stop offset=\"1\" stop-color=\"#563ACC\"\/><\/linearGradient><\/defs><\/svg><\/span><span class=\"shariff-text\" style=\"color:#6364FF\">teilen<\/span>&nbsp;<\/a><\/li><li class=\"shariff-button bluesky shariff-nocustomcolor\" style=\"background-color:#84c4ff\"><a href=\"https:\/\/bsky.app\/intent\/compose?text=Konstellation%2C%20Montage%2C%20Komposition%2C%20Zitat https%3A%2F%2Fwww.kritische-masse.de%2Flogbuch%2F2004%2F09%2Fkonstellation-montage-komposition-zitat-2%2F \" title=\"Bei Bluesky teilen\" aria-label=\"Bei Bluesky teilen\" role=\"button\" rel=\"noopener nofollow\" class=\"shariff-link\" style=\"; background-color:#0085ff; color:#0085ff\" target=\"_blank\"><span class=\"shariff-icon\" style=\"fill:#0085ff\"><svg width=\"20\" height=\"20\" version=\"1.1\" xmlns=\"http:\/\/www.w3.org\/2000\/svg\" viewBox=\"0 0 20 20\"><path class=\"st0\" d=\"M4.89,3.12c2.07,1.55,4.3,4.71,5.11,6.4.82-1.69,3.04-4.84,5.11-6.4,1.49-1.12,3.91-1.99,3.91.77,0,.55-.32,4.63-.5,5.3-.64,2.3-2.99,2.89-5.08,2.54,3.65.62,4.58,2.68,2.57,4.74-3.81,3.91-5.48-.98-5.9-2.23-.08-.23-.11-.34-.12-.25,0-.09-.04.02-.12.25-.43,1.25-2.09,6.14-5.9,2.23-2.01-2.06-1.08-4.12,2.57-4.74-2.09.36-4.44-.23-5.08-2.54-.19-.66-.5-4.74-.5-5.3,0-2.76,2.42-1.89,3.91-.77h0Z\"\/><\/svg><\/span><span class=\"shariff-text\" style=\"color:#0085ff\">teilen<\/span>&nbsp;<\/a><\/li><li class=\"shariff-button threema shariff-nocustomcolor shariff-mobile\" style=\"background-color:#4fbc24\"><a href=\"threema:\/\/compose?text=Konstellation%2C%20Montage%2C%20Komposition%2C%20Zitat%20https%3A%2F%2Fwww.kritische-masse.de%2Flogbuch%2F2004%2F09%2Fkonstellation-montage-komposition-zitat-2%2F\" title=\"Bei Threema teilen\" aria-label=\"Bei Threema teilen\" role=\"button\" rel=\"noopener nofollow\" class=\"shariff-link\" style=\"; background-color:#1f1f1f; color:#1f1f1f\" target=\"_blank\"><span class=\"shariff-icon\" style=\"fill:#1f1f1f\"><svg width=\"32px\" height=\"20px\" xmlns=\"http:\/\/www.w3.org\/2000\/svg\" viewBox=\"0 0 32 32\"><path fill=\"#1f1f1f\" d=\"M30.8 10.9c-0.3-1.4-0.9-2.6-1.8-3.8-2-2.6-5.5-4.5-9.4-5.2-1.3-0.2-1.9-0.3-3.5-0.3s-2.2 0-3.5 0.3c-4 0.7-7.4 2.6-9.4 5.2-0.9 1.2-1.5 2.4-1.8 3.8-0.1 0.5-0.2 1.2-0.2 1.6 0 0.4 0.1 1.1 0.2 1.6 0.4 1.9 1.3 3.4 2.9 5 0.8 0.8 0.8 0.8 0.7 1.3 0 0.6-0.5 1.6-1.7 3.6-0.3 0.5-0.5 0.9-0.5 0.9 0 0.1 0.1 0.1 0.5 0 0.8-0.2 2.3-0.6 5.6-1.6 1.1-0.3 1.3-0.4 2.3-0.4 0.8 0 1.1 0 2.3 0.2 1.5 0.2 3.5 0.2 4.9 0 5.1-0.6 9.3-2.9 11.4-6.3 0.5-0.9 0.9-1.8 1.1-2.8 0.1-0.5 0.2-1.1 0.2-1.6 0-0.7-0.1-1.1-0.2-1.6-0.3-1.4 0.1 0.5 0 0zM20.6 17.3c0 0.4-0.4 0.8-0.8 0.8h-7.7c-0.4 0-0.8-0.4-0.8-0.8v-4.6c0-0.4 0.4-0.8 0.8-0.8h0.2l0-1.6c0-0.9 0-1.8 0.1-2 0.1-0.6 0.6-1.2 1.1-1.7s1.1-0.7 1.9-0.8c1.8-0.3 3.7 0.7 4.2 2.2 0.1 0.3 0.1 0.7 0.1 2.1v0 1.7h0.1c0.4 0 0.8 0.4 0.8 0.8v4.6zM15.6 7.3c-0.5 0.1-0.8 0.3-1.2 0.6s-0.6 0.8-0.7 1.3c0 0.2 0 0.8 0 1.5l0 1.2h4.6v-1.3c0-1 0-1.4-0.1-1.6-0.3-1.1-1.5-1.9-2.6-1.7zM25.8 28.2c0 1.2-1 2.2-2.1 2.2s-2.1-1-2.1-2.1c0-1.2 1-2.1 2.2-2.1s2.2 1 2.2 2.2zM18.1 28.2c0 1.2-1 2.2-2.1 2.2s-2.1-1-2.1-2.1c0-1.2 1-2.1 2.2-2.1s2.2 1 2.2 2.2zM10.4 28.2c0 1.2-1 2.2-2.1 2.2s-2.1-1-2.1-2.1c0-1.2 1-2.1 2.2-2.1s2.2 1 2.2 2.2z\"\/><\/svg><\/span><span class=\"shariff-text\" style=\"color:#1f1f1f\">teilen<\/span>&nbsp;<\/a><\/li><li class=\"shariff-button facebook shariff-nocustomcolor\" style=\"background-color:#4273c8\"><a href=\"https:\/\/www.facebook.com\/sharer\/sharer.php?u=https%3A%2F%2Fwww.kritische-masse.de%2Flogbuch%2F2004%2F09%2Fkonstellation-montage-komposition-zitat-2%2F\" title=\"Bei Facebook teilen\" aria-label=\"Bei Facebook teilen\" role=\"button\" rel=\"nofollow\" class=\"shariff-link\" style=\"; background-color:#3b5998; color:#3b5998\" target=\"_blank\"><span class=\"shariff-icon\" style=\"fill:#3b5998\"><svg width=\"32px\" height=\"20px\" xmlns=\"http:\/\/www.w3.org\/2000\/svg\" viewBox=\"0 0 18 32\"><path fill=\"#3b5998\" d=\"M17.1 0.2v4.7h-2.8q-1.5 0-2.1 0.6t-0.5 1.9v3.4h5.2l-0.7 5.3h-4.5v13.6h-5.5v-13.6h-4.5v-5.3h4.5v-3.9q0-3.3 1.9-5.2t5-1.8q2.6 0 4.1 0.2z\"\/><\/svg><\/span><span class=\"shariff-text\" style=\"color:#3b5998\">teilen<\/span>&nbsp;<\/a><\/li><li class=\"shariff-button info shariff-nocustomcolor\" style=\"background-color:#a8a8a8\"><a href=\"http:\/\/ct.de\/-2467514\" title=\"Weitere Informationen\" aria-label=\"Weitere Informationen\" role=\"button\" rel=\"noopener \" class=\"shariff-link\" style=\"; background-color:#999; color:#999\" target=\"_blank\"><span class=\"shariff-icon\" style=\"fill:#999\"><svg width=\"32px\" height=\"20px\" xmlns=\"http:\/\/www.w3.org\/2000\/svg\" viewBox=\"0 0 11 32\"><path fill=\"#999\" d=\"M11.4 24v2.3q0 0.5-0.3 0.8t-0.8 0.4h-9.1q-0.5 0-0.8-0.4t-0.4-0.8v-2.3q0-0.5 0.4-0.8t0.8-0.4h1.1v-6.8h-1.1q-0.5 0-0.8-0.4t-0.4-0.8v-2.3q0-0.5 0.4-0.8t0.8-0.4h6.8q0.5 0 0.8 0.4t0.4 0.8v10.3h1.1q0.5 0 0.8 0.4t0.3 0.8zM9.2 3.4v3.4q0 0.5-0.4 0.8t-0.8 0.4h-4.6q-0.4 0-0.8-0.4t-0.4-0.8v-3.4q0-0.4 0.4-0.8t0.8-0.4h4.6q0.5 0 0.8 0.4t0.4 0.8z\"\/><\/svg><\/span><\/a><\/li><\/ul><\/div><p>Zitieren oder zitieren; das Recht hat sein recht. Und die <a href=\"http:\/\/www.f-r.de\/ressorts\/kultur_und_medien\/medien\/?sid=ccfb227af7e92e7a42a0b3aa91ab94a9&amp;cnt=505609\">Frankfurter Rundschau l\u00e4sst sich wissenschaftlich erkl\u00e4ren<\/a>, wann ein Zitat ein Zitat ist. Zitate d\u00fcrfen kein Selbstzweck sein, sagt man. Das stimmt. Doch was bedeutet das. Die Wissenschaft, aber die Interpretation von Ph\u00e4nomenen im allgemeinen, funktioniert nicht zwingend nach dem Prinzip der Deduktion oder der Induktion. Also, ich zitiere etwas, dann kommentiere ich es, oder das Zitat belegt die Aussage, die man entwickelt hat. Das ist aber nur eine Form des Sch\u00f6pfens von Er(Kenntnissen). Man folgt hier streng der zweidimensionalen Logik. Dialektische Logik kennt auch andere Wege. Ihren vielleicht prominentesten Ausdruck findet sie in der Materialsammlung von Walter Benjamins \u201cPassagenwerk\u201d.<\/p>\n<p>Es besteht zu gro\u00dfen Teilen aus Zitaten, die nicht kommentiert oder eingeleitet werden. Diese Zitate werden selbst zu einem Bild, sie sind ausgew\u00e4hlt und steht f\u00fcr sich. Diese Form des Nachdenkens \u00fcber Fragen, Themen, Felder beruht darauf, dass der direkte Blick den Zugang eher verwehrt denn erm\u00f6glicht. In der \u201eNegativen Dialektik\u201d findet sich folgendes Bild:<\/p>\n<blockquote><p>&#8220;Erkenntnis des Gegenstands in seiner Konstellation ist die des Prozesses, den er in sich aufspeichert. Als Konstellation umkreist der theoretische Gedanke den Begriff, den er \u00f6ffnen m\u00f6chte, hoffend, da\u00df er aufspringe etwa wie die Schl\u00f6sser wohlverwahrter Kassenschr\u00e4nke: nicht nur durch einen Einzelschl\u00fcssel oder eine Einzelnummer sondern eine Nummernkombination.&#8221; <sup class=\"modern-footnotes-footnote \" data-mfn=\"1\" data-mfn-post-scope=\"0000000000003e0c0000000000000000_8261\"><a href=\"javascript:void(0)\"  role=\"button\" aria-pressed=\"false\" aria-describedby=\"mfn-content-0000000000003e0c0000000000000000_8261-1\">1<\/a><\/sup><span id=\"mfn-content-0000000000003e0c0000000000000000_8261-1\" role=\"tooltip\" class=\"modern-footnotes-footnote__note\" tabindex=\"0\" data-mfn=\"1\">Band 6: Negative Dialektik. Jargon der Eigentlichkeit: Zweiter Teil: Negative Dialektik. Begriff und Kategorien. Digitale Bibliothek Band 97: Theodor W. Adorno: Gesammelte Schriften, S. 3086 (vgl. GS 6, S. 165-166) <\/span><\/p><\/blockquote>\n<p>Auch in der Kunst kennt man derartige Verfahren als \u201cMontage\u201d (seltener als \u201eCollage\u201d) und in der Soziologie Max Webers tritt es es auf als \u201cKomposition\u201d. Das Zusammenstellen wird zur Grundlage eines Bildes, aus dem mehr herausspringt als aus der Analyse und Darstellung eines Einzelph\u00e4nomens. So geschehen als Form einer Reaktualisierung von Beethovens 9. Sinfonie in \u00e4lteren Konzerten des Dirigenten Michael Gielen. Er riss die Sinfonie vor ihrem letzten Satz auseinander und unterbrach sie mit Sch\u00f6nbergs \u201eA Survivor from Warsaw\u201d. Das ist eine bewusste Herbeif\u00fchrung der Konstellation. Nach Sch\u00f6nbergs St\u00fcck klingt die \u201cOde an die Freude\u201d anders. Sie hat weniger etwas plump Euphorisches, sondern wird in gegenseitiger Beobachtung zu einer Fiktion. \u201eAlle Menschen werden Br\u00fcder\u201d hat einen anderen Tonfall, wenn zuvor die Niederschlagung des Aufstands im Warschauer Ghetto musikalisches Thema war.<\/p>\n<p>Bei Benjamin gibt es die Frage der Montage an zentraler Stelle. Unter \u201cErkenntnistheoretisches, Theorie des Fortschritts\u201d findet sich der Eintrag N 1 a, 8:<\/p>\n<blockquote><p>\u201eMethode dieser Arbeit: literarische Montage. Ich habe nichts zu sagen. Nur zu zeigen. Ich werde nichts Wertvolles entwenden und mir keine geistvollen Formulierungen aneignen. Aber die Lumpen, den Abfall: die will ich nicht inventarisieren sondern sie auf die einzig m\u00f6gliche Weise zu ihrem Rechte kommen lassen: sie verwenden.\u201d <sup class=\"modern-footnotes-footnote \" data-mfn=\"2\" data-mfn-post-scope=\"0000000000003e0c0000000000000000_8261\"><a href=\"javascript:void(0)\"  role=\"button\" aria-pressed=\"false\" aria-describedby=\"mfn-content-0000000000003e0c0000000000000000_8261-2\">2<\/a><\/sup><span id=\"mfn-content-0000000000003e0c0000000000000000_8261-2\" role=\"tooltip\" class=\"modern-footnotes-footnote__note\" tabindex=\"0\" data-mfn=\"2\">Walter Benjamin, Das Passagen-Werk, Erster Band, Frankfurt\/M. 1983, S. 574 <\/span><\/p><\/blockquote>\n<p>Zuvor im Fragment N 1, 10:<\/p>\n<blockquote><p>\u201cDiese Arbeit mu\u00df die Kunst, ohne Anf\u00fchrungszeichen zu zitieren, zur h\u00f6chsten H\u00f6he entwickeln. Ihre Theorie h\u00e4ngt aufs engste mit der der Montage zusammen.\u201d <sup class=\"modern-footnotes-footnote \" data-mfn=\"3\" data-mfn-post-scope=\"0000000000003e0c0000000000000000_8261\"><a href=\"javascript:void(0)\"  role=\"button\" aria-pressed=\"false\" aria-describedby=\"mfn-content-0000000000003e0c0000000000000000_8261-3\">3<\/a><\/sup><span id=\"mfn-content-0000000000003e0c0000000000000000_8261-3\" role=\"tooltip\" class=\"modern-footnotes-footnote__note\" tabindex=\"0\" data-mfn=\"3\">ebenda, S. 572 <\/span><\/p><\/blockquote>\n<p>Auch die Literatur kennt ein solches Verfahren. Es wird freilich nicht immer gesch\u00e4tzt. Die Parataxe. Das ist eine Form der Satzverbindung, bei der selbst\u00e4ndige S\u00e4tze aneinandergereiht und miteinander verbunden sind. Also im banalen Sinn: Die Sonne geht auf. Ein Vogel sitzt im Nest. Ich ziehe mir einen Popel aus der Nase. Parataxe im weiteren k\u00fcnstlerischen Sinn kann aber genau ein Konstallation bilden, die das, was sie bezeichnet, nicht beim Namen nennt. Jakob van Hoddis und Alfred Lichtenstein werden als Lyriker daf\u00fcr gerne herangezogen. Als ein Beispiel hier das Gedicht \u201eDer Sturm\u201d von Alfred Lichtenstein:<\/p>\n<blockquote><p><strong>Der Sturm<\/strong><\/p>\n<p>Im Windbrand steht die Welt. Die St\u00e4dte knistern.<br \/>\nHalloh, der Sturm, der gro\u00dfe Sturm ist da.<br \/>\nEin kleines M\u00e4dchen fliegt von den Geschwistern.<br \/>\nEin junges Auto flieht nach Ithaka.<\/p>\n<p>Ein Weg hat seine Richtung ganz verloren.<br \/>\nDie Sterne sind dem Himmel ausgekratzt.<br \/>\nEin Irrenh\u00e4usler wird zu fr\u00fch geboren.<br \/>\nIn San Franzisko ist der Mond geplatzt.<\/p>\n<p>Alfred Lichtenstein, Dichtungen, Z\u00fcrich 1989, S. 81<\/p><\/blockquote>\n<p>Dies nur als Beispiele genannt f\u00fcr Erkenntnisprozesse \u00fcber Verfahren der Konstellation, der Montage und der Parataxe. Das sind Fragen, die an der Konstruktion des Urheberrechts fast komplett vorbeigehen, was nicht hei\u00dft, dass man sie mit jenen Mittel behandelt. Und dass mit diesen Mittel Recht gesprochen wird. Dass es dabei zu Verzerrungen kommt und zu Verwirrungen, nimmt nicht wunder.<\/p>\n<p>Die Transformation von Wissen in Rechts- und Wirtschaftsg\u00fcter hat nun auch die Gutmeinenden erfasst und dadurch wird die Maskerade von einer Gesellschaft, die sich als Gemeinschaft gegenseitiger Partizipation aus dem Bereich der b\u00fcrgerlichen \u00d6ffentlichkeit entwickelte, zur Eigentumsindustrie genau gespiegelt. Was bedenklicher noch scheint, ist, dass abweichende Erkenntniswege sich am Gesetz zu orientieren haben. Diese leben von der Fixierung in Konventionen und Definitionen. Es wird also definiert, wann ein Zitat ein Zitat ist. Definitionen spiegeln jedoch einer Objektivit\u00e4t vor, die sie nicht haben. Definitionen stellen Prozesse kalt.<\/p>\n<p>Zur\u00fcck zum zitierten Juristen in der Frankfurter Rundschau: In seiner Sicht fehlt die erkenntnistheoretische Position des Materials, der Sammlung von Material unter bestimmten Gesichtspunkten, die zusammen ein Bild erzeugen, welches auf andere Art nicht zu gewinnen ist. Das ist auch nicht eine Frage des Urheberrechts sondern eine der Erzeugung von Wissen. Das wird ja gerne miteinander vermischt. Hegel noch hatte keine angst vor der Verbreitung seines Wissens. Aber er hatte angst davor, dass sich jemand anderes seine Texte unter fremdem Namen zu eigen machte \u2014 vor dem Plagiat n\u00e4mlich (siehe \u00a7\u00a7 68, 69 und 64 f\u00fcr den \u00dcbergang von Geistigem in Gemeinwerte in Hegels Grundlinien einer Philosophie des Rechts).<\/p>\n<p>Das Schlusswort lasse ich mir von Walter Benjamin schreiben:<\/p>\n<p>&#8220;Zitate in meiner Arbeit sind wie R\u00e4uber am Weg, die bewaffnet hervorbrechen und dem M\u00fc\u00dfigg\u00e4nger die \u00dcberzeugung abnehmen.\u201d <sup class=\"modern-footnotes-footnote \" data-mfn=\"4\" data-mfn-post-scope=\"0000000000003e0c0000000000000000_8261\"><a href=\"javascript:void(0)\"  role=\"button\" aria-pressed=\"false\" aria-describedby=\"mfn-content-0000000000003e0c0000000000000000_8261-4\">4<\/a><\/sup><span id=\"mfn-content-0000000000003e0c0000000000000000_8261-4\" role=\"tooltip\" class=\"modern-footnotes-footnote__note\" tabindex=\"0\" data-mfn=\"4\">Walter Benjamin, Einbahnstra\u00dfe, Frankfurt\/M. 1977, S. 108. <\/span><\/p>\n<div class=\"shariff shariff-align-left shariff-widget-align-left\"><ul class=\"shariff-buttons theme-white orientation-horizontal buttonsize-small\"><li class=\"shariff-button mastodon shariff-nocustomcolor\" style=\"background-color:#563ACC\"><a href=\"https:\/\/s2f.kytta.dev\/?text=Konstellation%2C%20Montage%2C%20Komposition%2C%20Zitat https%3A%2F%2Fwww.kritische-masse.de%2Flogbuch%2F2004%2F09%2Fkonstellation-montage-komposition-zitat-2%2F\" title=\"Bei Mastodon teilen\" aria-label=\"Bei Mastodon teilen\" role=\"button\" rel=\"noopener nofollow\" class=\"shariff-link\" style=\"; background-color:#6364FF; color:#6364FF\" target=\"_blank\"><span class=\"shariff-icon\" style=\"fill:#6364FF\"><svg width=\"75\" height=\"79\" viewBox=\"0 0 75 79\" fill=\"none\" xmlns=\"http:\/\/www.w3.org\/2000\/svg\"><path d=\"M37.813-.025C32.462-.058 27.114.13 21.79.598c-8.544.621-17.214 5.58-20.203 13.931C-1.12 23.318.408 32.622.465 41.65c.375 7.316.943 14.78 3.392 21.73 4.365 9.465 14.781 14.537 24.782 15.385 7.64.698 15.761-.213 22.517-4.026a54.1 54.1 0 0 0 .01-6.232c-6.855 1.316-14.101 2.609-21.049 1.074-3.883-.88-6.876-4.237-7.25-8.215-1.53-3.988 3.78-.43 5.584-.883 9.048 1.224 18.282.776 27.303-.462 7.044-.837 14.26-4.788 16.65-11.833 2.263-6.135 1.215-12.79 1.698-19.177.06-3.84.09-7.692-.262-11.52C72.596 7.844 63.223.981 53.834.684a219.453 219.453 0 0 0-16.022-.71zm11.294 12.882c5.5-.067 10.801 4.143 11.67 9.653.338 1.48.471 3 .471 4.515v21.088h-8.357c-.07-7.588.153-15.182-.131-22.765-.587-4.368-7.04-5.747-9.672-2.397-2.422 3.04-1.47 7.155-1.67 10.735v6.392h-8.307c-.146-4.996.359-10.045-.404-15.002-1.108-4.218-7.809-5.565-10.094-1.666-1.685 3.046-.712 6.634-.976 9.936v14.767h-8.354c.109-8.165-.238-16.344.215-24.5.674-5.346 5.095-10.389 10.676-10.627 4.902-.739 10.103 2.038 12.053 6.631.375 1.435 1.76 1.932 1.994.084 1.844-3.704 5.501-6.739 9.785-6.771.367-.044.735-.068 1.101-.073z\"\/><defs><linearGradient id=\"paint0_linear_549_34\" x1=\"37.0692\" y1=\"0\" x2=\"37.0692\" y2=\"79\" gradientUnits=\"userSpaceOnUse\"><stop stop-color=\"#6364FF\"\/><stop offset=\"1\" stop-color=\"#563ACC\"\/><\/linearGradient><\/defs><\/svg><\/span><span class=\"shariff-text\" style=\"color:#6364FF\">teilen<\/span>&nbsp;<\/a><\/li><li class=\"shariff-button bluesky shariff-nocustomcolor\" style=\"background-color:#84c4ff\"><a href=\"https:\/\/bsky.app\/intent\/compose?text=Konstellation%2C%20Montage%2C%20Komposition%2C%20Zitat https%3A%2F%2Fwww.kritische-masse.de%2Flogbuch%2F2004%2F09%2Fkonstellation-montage-komposition-zitat-2%2F \" title=\"Bei Bluesky teilen\" aria-label=\"Bei Bluesky teilen\" role=\"button\" rel=\"noopener nofollow\" class=\"shariff-link\" style=\"; background-color:#0085ff; color:#0085ff\" target=\"_blank\"><span class=\"shariff-icon\" style=\"fill:#0085ff\"><svg width=\"20\" height=\"20\" version=\"1.1\" xmlns=\"http:\/\/www.w3.org\/2000\/svg\" viewBox=\"0 0 20 20\"><path class=\"st0\" d=\"M4.89,3.12c2.07,1.55,4.3,4.71,5.11,6.4.82-1.69,3.04-4.84,5.11-6.4,1.49-1.12,3.91-1.99,3.91.77,0,.55-.32,4.63-.5,5.3-.64,2.3-2.99,2.89-5.08,2.54,3.65.62,4.58,2.68,2.57,4.74-3.81,3.91-5.48-.98-5.9-2.23-.08-.23-.11-.34-.12-.25,0-.09-.04.02-.12.25-.43,1.25-2.09,6.14-5.9,2.23-2.01-2.06-1.08-4.12,2.57-4.74-2.09.36-4.44-.23-5.08-2.54-.19-.66-.5-4.74-.5-5.3,0-2.76,2.42-1.89,3.91-.77h0Z\"\/><\/svg><\/span><span class=\"shariff-text\" style=\"color:#0085ff\">teilen<\/span>&nbsp;<\/a><\/li><li class=\"shariff-button threema shariff-nocustomcolor shariff-mobile\" style=\"background-color:#4fbc24\"><a href=\"threema:\/\/compose?text=Konstellation%2C%20Montage%2C%20Komposition%2C%20Zitat%20https%3A%2F%2Fwww.kritische-masse.de%2Flogbuch%2F2004%2F09%2Fkonstellation-montage-komposition-zitat-2%2F\" title=\"Bei Threema teilen\" aria-label=\"Bei Threema teilen\" role=\"button\" rel=\"noopener nofollow\" class=\"shariff-link\" style=\"; background-color:#1f1f1f; color:#1f1f1f\" target=\"_blank\"><span class=\"shariff-icon\" style=\"fill:#1f1f1f\"><svg width=\"32px\" height=\"20px\" xmlns=\"http:\/\/www.w3.org\/2000\/svg\" viewBox=\"0 0 32 32\"><path fill=\"#1f1f1f\" d=\"M30.8 10.9c-0.3-1.4-0.9-2.6-1.8-3.8-2-2.6-5.5-4.5-9.4-5.2-1.3-0.2-1.9-0.3-3.5-0.3s-2.2 0-3.5 0.3c-4 0.7-7.4 2.6-9.4 5.2-0.9 1.2-1.5 2.4-1.8 3.8-0.1 0.5-0.2 1.2-0.2 1.6 0 0.4 0.1 1.1 0.2 1.6 0.4 1.9 1.3 3.4 2.9 5 0.8 0.8 0.8 0.8 0.7 1.3 0 0.6-0.5 1.6-1.7 3.6-0.3 0.5-0.5 0.9-0.5 0.9 0 0.1 0.1 0.1 0.5 0 0.8-0.2 2.3-0.6 5.6-1.6 1.1-0.3 1.3-0.4 2.3-0.4 0.8 0 1.1 0 2.3 0.2 1.5 0.2 3.5 0.2 4.9 0 5.1-0.6 9.3-2.9 11.4-6.3 0.5-0.9 0.9-1.8 1.1-2.8 0.1-0.5 0.2-1.1 0.2-1.6 0-0.7-0.1-1.1-0.2-1.6-0.3-1.4 0.1 0.5 0 0zM20.6 17.3c0 0.4-0.4 0.8-0.8 0.8h-7.7c-0.4 0-0.8-0.4-0.8-0.8v-4.6c0-0.4 0.4-0.8 0.8-0.8h0.2l0-1.6c0-0.9 0-1.8 0.1-2 0.1-0.6 0.6-1.2 1.1-1.7s1.1-0.7 1.9-0.8c1.8-0.3 3.7 0.7 4.2 2.2 0.1 0.3 0.1 0.7 0.1 2.1v0 1.7h0.1c0.4 0 0.8 0.4 0.8 0.8v4.6zM15.6 7.3c-0.5 0.1-0.8 0.3-1.2 0.6s-0.6 0.8-0.7 1.3c0 0.2 0 0.8 0 1.5l0 1.2h4.6v-1.3c0-1 0-1.4-0.1-1.6-0.3-1.1-1.5-1.9-2.6-1.7zM25.8 28.2c0 1.2-1 2.2-2.1 2.2s-2.1-1-2.1-2.1c0-1.2 1-2.1 2.2-2.1s2.2 1 2.2 2.2zM18.1 28.2c0 1.2-1 2.2-2.1 2.2s-2.1-1-2.1-2.1c0-1.2 1-2.1 2.2-2.1s2.2 1 2.2 2.2zM10.4 28.2c0 1.2-1 2.2-2.1 2.2s-2.1-1-2.1-2.1c0-1.2 1-2.1 2.2-2.1s2.2 1 2.2 2.2z\"\/><\/svg><\/span><span class=\"shariff-text\" style=\"color:#1f1f1f\">teilen<\/span>&nbsp;<\/a><\/li><li class=\"shariff-button facebook shariff-nocustomcolor\" style=\"background-color:#4273c8\"><a href=\"https:\/\/www.facebook.com\/sharer\/sharer.php?u=https%3A%2F%2Fwww.kritische-masse.de%2Flogbuch%2F2004%2F09%2Fkonstellation-montage-komposition-zitat-2%2F\" title=\"Bei Facebook teilen\" aria-label=\"Bei Facebook teilen\" role=\"button\" rel=\"nofollow\" class=\"shariff-link\" style=\"; background-color:#3b5998; color:#3b5998\" target=\"_blank\"><span class=\"shariff-icon\" style=\"fill:#3b5998\"><svg width=\"32px\" height=\"20px\" xmlns=\"http:\/\/www.w3.org\/2000\/svg\" viewBox=\"0 0 18 32\"><path fill=\"#3b5998\" d=\"M17.1 0.2v4.7h-2.8q-1.5 0-2.1 0.6t-0.5 1.9v3.4h5.2l-0.7 5.3h-4.5v13.6h-5.5v-13.6h-4.5v-5.3h4.5v-3.9q0-3.3 1.9-5.2t5-1.8q2.6 0 4.1 0.2z\"\/><\/svg><\/span><span class=\"shariff-text\" style=\"color:#3b5998\">teilen<\/span>&nbsp;<\/a><\/li><li class=\"shariff-button info shariff-nocustomcolor\" style=\"background-color:#a8a8a8\"><a href=\"http:\/\/ct.de\/-2467514\" title=\"Weitere Informationen\" aria-label=\"Weitere Informationen\" role=\"button\" rel=\"noopener \" class=\"shariff-link\" style=\"; background-color:#999; color:#999\" target=\"_blank\"><span class=\"shariff-icon\" style=\"fill:#999\"><svg width=\"32px\" height=\"20px\" xmlns=\"http:\/\/www.w3.org\/2000\/svg\" viewBox=\"0 0 11 32\"><path fill=\"#999\" d=\"M11.4 24v2.3q0 0.5-0.3 0.8t-0.8 0.4h-9.1q-0.5 0-0.8-0.4t-0.4-0.8v-2.3q0-0.5 0.4-0.8t0.8-0.4h1.1v-6.8h-1.1q-0.5 0-0.8-0.4t-0.4-0.8v-2.3q0-0.5 0.4-0.8t0.8-0.4h6.8q0.5 0 0.8 0.4t0.4 0.8v10.3h1.1q0.5 0 0.8 0.4t0.3 0.8zM9.2 3.4v3.4q0 0.5-0.4 0.8t-0.8 0.4h-4.6q-0.4 0-0.8-0.4t-0.4-0.8v-3.4q0-0.4 0.4-0.8t0.8-0.4h4.6q0.5 0 0.8 0.4t0.4 0.8z\"\/><\/svg><\/span><\/a><\/li><\/ul><\/div><h3 class=\"modern-footnotes-list-heading \">Fussnoten:<\/h3><ul class=\"modern-footnotes-list \"><li><span>1<\/span><div>Band 6: Negative Dialektik. Jargon der Eigentlichkeit: Zweiter Teil: Negative Dialektik. Begriff und Kategorien. Digitale Bibliothek Band 97: Theodor W. Adorno: Gesammelte Schriften, S. 3086 (vgl. GS 6, S. 165-166) <\/div><\/li><li><span>2<\/span><div>Walter Benjamin, Das Passagen-Werk, Erster Band, Frankfurt\/M. 1983, S. 574 <\/div><\/li><li><span>3<\/span><div>ebenda, S. 572 <\/div><\/li><li><span>4<\/span><div>Walter Benjamin, Einbahnstra\u00dfe, Frankfurt\/M. 1977, S. 108. <\/div><\/li><\/ul>","protected":false},"excerpt":{"rendered":"<p>Zitieren oder zitieren; das Recht hat sein recht. Und die Frankfurter Rundschau l\u00e4sst sich wissenschaftlich erkl\u00e4ren, wann ein Zitat ein Zitat ist. Zitate d\u00fcrfen kein Selbstzweck sein, sagt man. Das stimmt. Doch was bedeutet das. Die Wissenschaft, aber die Interpretation von Ph\u00e4nomenen im allgemeinen, funktioniert nicht zwingend nach dem Prinzip der Deduktion oder der Induktion. [&hellip;]<\/p>\n<div class=\"shariff shariff-align-left shariff-widget-align-left\"><ul class=\"shariff-buttons theme-white orientation-horizontal buttonsize-small\"><li class=\"shariff-button mastodon shariff-nocustomcolor\" style=\"background-color:#563ACC\"><a href=\"https:\/\/s2f.kytta.dev\/?text=Konstellation%2C%20Montage%2C%20Komposition%2C%20Zitat https%3A%2F%2Fwww.kritische-masse.de%2Flogbuch%2F2004%2F09%2Fkonstellation-montage-komposition-zitat-2%2F\" title=\"Bei Mastodon teilen\" aria-label=\"Bei Mastodon teilen\" role=\"button\" rel=\"noopener nofollow\" class=\"shariff-link\" style=\"; background-color:#6364FF; color:#6364FF\" target=\"_blank\"><span class=\"shariff-icon\" style=\"fill:#6364FF\"><svg width=\"75\" height=\"79\" viewBox=\"0 0 75 79\" fill=\"none\" xmlns=\"http:\/\/www.w3.org\/2000\/svg\"><path d=\"M37.813-.025C32.462-.058 27.114.13 21.79.598c-8.544.621-17.214 5.58-20.203 13.931C-1.12 23.318.408 32.622.465 41.65c.375 7.316.943 14.78 3.392 21.73 4.365 9.465 14.781 14.537 24.782 15.385 7.64.698 15.761-.213 22.517-4.026a54.1 54.1 0 0 0 .01-6.232c-6.855 1.316-14.101 2.609-21.049 1.074-3.883-.88-6.876-4.237-7.25-8.215-1.53-3.988 3.78-.43 5.584-.883 9.048 1.224 18.282.776 27.303-.462 7.044-.837 14.26-4.788 16.65-11.833 2.263-6.135 1.215-12.79 1.698-19.177.06-3.84.09-7.692-.262-11.52C72.596 7.844 63.223.981 53.834.684a219.453 219.453 0 0 0-16.022-.71zm11.294 12.882c5.5-.067 10.801 4.143 11.67 9.653.338 1.48.471 3 .471 4.515v21.088h-8.357c-.07-7.588.153-15.182-.131-22.765-.587-4.368-7.04-5.747-9.672-2.397-2.422 3.04-1.47 7.155-1.67 10.735v6.392h-8.307c-.146-4.996.359-10.045-.404-15.002-1.108-4.218-7.809-5.565-10.094-1.666-1.685 3.046-.712 6.634-.976 9.936v14.767h-8.354c.109-8.165-.238-16.344.215-24.5.674-5.346 5.095-10.389 10.676-10.627 4.902-.739 10.103 2.038 12.053 6.631.375 1.435 1.76 1.932 1.994.084 1.844-3.704 5.501-6.739 9.785-6.771.367-.044.735-.068 1.101-.073z\"\/><defs><linearGradient id=\"paint0_linear_549_34\" x1=\"37.0692\" y1=\"0\" x2=\"37.0692\" y2=\"79\" gradientUnits=\"userSpaceOnUse\"><stop stop-color=\"#6364FF\"\/><stop offset=\"1\" stop-color=\"#563ACC\"\/><\/linearGradient><\/defs><\/svg><\/span><span class=\"shariff-text\" style=\"color:#6364FF\">teilen<\/span>&nbsp;<\/a><\/li><li class=\"shariff-button bluesky shariff-nocustomcolor\" style=\"background-color:#84c4ff\"><a href=\"https:\/\/bsky.app\/intent\/compose?text=Konstellation%2C%20Montage%2C%20Komposition%2C%20Zitat https%3A%2F%2Fwww.kritische-masse.de%2Flogbuch%2F2004%2F09%2Fkonstellation-montage-komposition-zitat-2%2F \" title=\"Bei Bluesky teilen\" aria-label=\"Bei Bluesky teilen\" role=\"button\" rel=\"noopener nofollow\" class=\"shariff-link\" style=\"; background-color:#0085ff; color:#0085ff\" target=\"_blank\"><span class=\"shariff-icon\" style=\"fill:#0085ff\"><svg width=\"20\" height=\"20\" version=\"1.1\" xmlns=\"http:\/\/www.w3.org\/2000\/svg\" viewBox=\"0 0 20 20\"><path class=\"st0\" d=\"M4.89,3.12c2.07,1.55,4.3,4.71,5.11,6.4.82-1.69,3.04-4.84,5.11-6.4,1.49-1.12,3.91-1.99,3.91.77,0,.55-.32,4.63-.5,5.3-.64,2.3-2.99,2.89-5.08,2.54,3.65.62,4.58,2.68,2.57,4.74-3.81,3.91-5.48-.98-5.9-2.23-.08-.23-.11-.34-.12-.25,0-.09-.04.02-.12.25-.43,1.25-2.09,6.14-5.9,2.23-2.01-2.06-1.08-4.12,2.57-4.74-2.09.36-4.44-.23-5.08-2.54-.19-.66-.5-4.74-.5-5.3,0-2.76,2.42-1.89,3.91-.77h0Z\"\/><\/svg><\/span><span class=\"shariff-text\" style=\"color:#0085ff\">teilen<\/span>&nbsp;<\/a><\/li><li class=\"shariff-button threema shariff-nocustomcolor shariff-mobile\" style=\"background-color:#4fbc24\"><a href=\"threema:\/\/compose?text=Konstellation%2C%20Montage%2C%20Komposition%2C%20Zitat%20https%3A%2F%2Fwww.kritische-masse.de%2Flogbuch%2F2004%2F09%2Fkonstellation-montage-komposition-zitat-2%2F\" title=\"Bei Threema teilen\" aria-label=\"Bei Threema teilen\" role=\"button\" rel=\"noopener nofollow\" class=\"shariff-link\" style=\"; background-color:#1f1f1f; color:#1f1f1f\" target=\"_blank\"><span class=\"shariff-icon\" style=\"fill:#1f1f1f\"><svg width=\"32px\" height=\"20px\" xmlns=\"http:\/\/www.w3.org\/2000\/svg\" viewBox=\"0 0 32 32\"><path fill=\"#1f1f1f\" d=\"M30.8 10.9c-0.3-1.4-0.9-2.6-1.8-3.8-2-2.6-5.5-4.5-9.4-5.2-1.3-0.2-1.9-0.3-3.5-0.3s-2.2 0-3.5 0.3c-4 0.7-7.4 2.6-9.4 5.2-0.9 1.2-1.5 2.4-1.8 3.8-0.1 0.5-0.2 1.2-0.2 1.6 0 0.4 0.1 1.1 0.2 1.6 0.4 1.9 1.3 3.4 2.9 5 0.8 0.8 0.8 0.8 0.7 1.3 0 0.6-0.5 1.6-1.7 3.6-0.3 0.5-0.5 0.9-0.5 0.9 0 0.1 0.1 0.1 0.5 0 0.8-0.2 2.3-0.6 5.6-1.6 1.1-0.3 1.3-0.4 2.3-0.4 0.8 0 1.1 0 2.3 0.2 1.5 0.2 3.5 0.2 4.9 0 5.1-0.6 9.3-2.9 11.4-6.3 0.5-0.9 0.9-1.8 1.1-2.8 0.1-0.5 0.2-1.1 0.2-1.6 0-0.7-0.1-1.1-0.2-1.6-0.3-1.4 0.1 0.5 0 0zM20.6 17.3c0 0.4-0.4 0.8-0.8 0.8h-7.7c-0.4 0-0.8-0.4-0.8-0.8v-4.6c0-0.4 0.4-0.8 0.8-0.8h0.2l0-1.6c0-0.9 0-1.8 0.1-2 0.1-0.6 0.6-1.2 1.1-1.7s1.1-0.7 1.9-0.8c1.8-0.3 3.7 0.7 4.2 2.2 0.1 0.3 0.1 0.7 0.1 2.1v0 1.7h0.1c0.4 0 0.8 0.4 0.8 0.8v4.6zM15.6 7.3c-0.5 0.1-0.8 0.3-1.2 0.6s-0.6 0.8-0.7 1.3c0 0.2 0 0.8 0 1.5l0 1.2h4.6v-1.3c0-1 0-1.4-0.1-1.6-0.3-1.1-1.5-1.9-2.6-1.7zM25.8 28.2c0 1.2-1 2.2-2.1 2.2s-2.1-1-2.1-2.1c0-1.2 1-2.1 2.2-2.1s2.2 1 2.2 2.2zM18.1 28.2c0 1.2-1 2.2-2.1 2.2s-2.1-1-2.1-2.1c0-1.2 1-2.1 2.2-2.1s2.2 1 2.2 2.2zM10.4 28.2c0 1.2-1 2.2-2.1 2.2s-2.1-1-2.1-2.1c0-1.2 1-2.1 2.2-2.1s2.2 1 2.2 2.2z\"\/><\/svg><\/span><span class=\"shariff-text\" style=\"color:#1f1f1f\">teilen<\/span>&nbsp;<\/a><\/li><li class=\"shariff-button facebook shariff-nocustomcolor\" style=\"background-color:#4273c8\"><a href=\"https:\/\/www.facebook.com\/sharer\/sharer.php?u=https%3A%2F%2Fwww.kritische-masse.de%2Flogbuch%2F2004%2F09%2Fkonstellation-montage-komposition-zitat-2%2F\" title=\"Bei Facebook teilen\" aria-label=\"Bei Facebook teilen\" role=\"button\" rel=\"nofollow\" class=\"shariff-link\" style=\"; background-color:#3b5998; color:#3b5998\" target=\"_blank\"><span class=\"shariff-icon\" style=\"fill:#3b5998\"><svg width=\"32px\" height=\"20px\" xmlns=\"http:\/\/www.w3.org\/2000\/svg\" viewBox=\"0 0 18 32\"><path fill=\"#3b5998\" d=\"M17.1 0.2v4.7h-2.8q-1.5 0-2.1 0.6t-0.5 1.9v3.4h5.2l-0.7 5.3h-4.5v13.6h-5.5v-13.6h-4.5v-5.3h4.5v-3.9q0-3.3 1.9-5.2t5-1.8q2.6 0 4.1 0.2z\"\/><\/svg><\/span><span class=\"shariff-text\" style=\"color:#3b5998\">teilen<\/span>&nbsp;<\/a><\/li><li class=\"shariff-button info shariff-nocustomcolor\" style=\"background-color:#a8a8a8\"><a href=\"http:\/\/ct.de\/-2467514\" title=\"Weitere Informationen\" aria-label=\"Weitere Informationen\" role=\"button\" rel=\"noopener \" class=\"shariff-link\" style=\"; background-color:#999; color:#999\" target=\"_blank\"><span class=\"shariff-icon\" style=\"fill:#999\"><svg width=\"32px\" height=\"20px\" xmlns=\"http:\/\/www.w3.org\/2000\/svg\" viewBox=\"0 0 11 32\"><path fill=\"#999\" d=\"M11.4 24v2.3q0 0.5-0.3 0.8t-0.8 0.4h-9.1q-0.5 0-0.8-0.4t-0.4-0.8v-2.3q0-0.5 0.4-0.8t0.8-0.4h1.1v-6.8h-1.1q-0.5 0-0.8-0.4t-0.4-0.8v-2.3q0-0.5 0.4-0.8t0.8-0.4h6.8q0.5 0 0.8 0.4t0.4 0.8v10.3h1.1q0.5 0 0.8 0.4t0.3 0.8zM9.2 3.4v3.4q0 0.5-0.4 0.8t-0.8 0.4h-4.6q-0.4 0-0.8-0.4t-0.4-0.8v-3.4q0-0.4 0.4-0.8t0.8-0.4h4.6q0.5 0 0.8 0.4t0.4 0.8z\"\/><\/svg><\/span><\/a><\/li><\/ul><\/div>","protected":false},"author":1,"featured_media":125,"comment_status":"open","ping_status":"open","sticky":false,"template":"","format":"standard","meta":{"ocean_post_layout":"","ocean_both_sidebars_style":"","ocean_both_sidebars_content_width":0,"ocean_both_sidebars_sidebars_width":0,"ocean_sidebar":"","ocean_second_sidebar":"","ocean_disable_margins":"enable","ocean_add_body_class":"","ocean_shortcode_before_top_bar":"","ocean_shortcode_after_top_bar":"","ocean_shortcode_before_header":"","ocean_shortcode_after_header":"","ocean_has_shortcode":"","ocean_shortcode_after_title":"","ocean_shortcode_before_footer_widgets":"","ocean_shortcode_after_footer_widgets":"","ocean_shortcode_before_footer_bottom":"","ocean_shortcode_after_footer_bottom":"","ocean_display_top_bar":"default","ocean_display_header":"default","ocean_header_style":"","ocean_center_header_left_menu":"","ocean_custom_header_template":"","ocean_custom_logo":0,"ocean_custom_retina_logo":0,"ocean_custom_logo_max_width":0,"ocean_custom_logo_tablet_max_width":0,"ocean_custom_logo_mobile_max_width":0,"ocean_custom_logo_max_height":0,"ocean_custom_logo_tablet_max_height":0,"ocean_custom_logo_mobile_max_height":0,"ocean_header_custom_menu":"","ocean_menu_typo_font_family":"","ocean_menu_typo_font_subset":"","ocean_menu_typo_font_size":0,"ocean_menu_typo_font_size_tablet":0,"ocean_menu_typo_font_size_mobile":0,"ocean_menu_typo_font_size_unit":"px","ocean_menu_typo_font_weight":"","ocean_menu_typo_font_weight_tablet":"","ocean_menu_typo_font_weight_mobile":"","ocean_menu_typo_transform":"","ocean_menu_typo_transform_tablet":"","ocean_menu_typo_transform_mobile":"","ocean_menu_typo_line_height":0,"ocean_menu_typo_line_height_tablet":0,"ocean_menu_typo_line_height_mobile":0,"ocean_menu_typo_line_height_unit":"","ocean_menu_typo_spacing":0,"ocean_menu_typo_spacing_tablet":0,"ocean_menu_typo_spacing_mobile":0,"ocean_menu_typo_spacing_unit":"","ocean_menu_link_color":"","ocean_menu_link_color_hover":"","ocean_menu_link_color_active":"","ocean_menu_link_background":"","ocean_menu_link_hover_background":"","ocean_menu_link_active_background":"","ocean_menu_social_links_bg":"","ocean_menu_social_hover_links_bg":"","ocean_menu_social_links_color":"","ocean_menu_social_hover_links_color":"","ocean_disable_title":"default","ocean_disable_heading":"default","ocean_post_title":"","ocean_post_subheading":"","ocean_post_title_style":"","ocean_post_title_background_color":"","ocean_post_title_background":0,"ocean_post_title_bg_image_position":"","ocean_post_title_bg_image_attachment":"","ocean_post_title_bg_image_repeat":"","ocean_post_title_bg_image_size":"","ocean_post_title_height":0,"ocean_post_title_bg_overlay":0.5,"ocean_post_title_bg_overlay_color":"","ocean_disable_breadcrumbs":"default","ocean_breadcrumbs_color":"","ocean_breadcrumbs_separator_color":"","ocean_breadcrumbs_links_color":"","ocean_breadcrumbs_links_hover_color":"","ocean_display_footer_widgets":"default","ocean_display_footer_bottom":"default","ocean_custom_footer_template":"","osh_disable_topbar_sticky":"default","osh_disable_header_sticky":"default","osh_sticky_header_style":"default","osh_sticky_header_effect":"","osh_custom_sticky_logo":0,"osh_custom_retina_sticky_logo":0,"osh_custom_sticky_logo_height":0,"osh_background_color":"","osh_links_color":"","osh_links_hover_color":"","osh_links_active_color":"","osh_links_bg_color":"","osh_links_hover_bg_color":"","osh_links_active_bg_color":"","osh_menu_social_links_color":"","osh_menu_social_hover_links_color":"","_FSMCFIC_featured_image_caption":"","_FSMCFIC_featured_image_nocaption":"","_FSMCFIC_featured_image_hide":"","_metis_text_type":"standard","_metis_text_length":6770,"_post_count":0,"_jetpack_memberships_contains_paid_content":false,"activitypub_content_warning":"","activitypub_content_visibility":"","activitypub_max_image_attachments":4,"activitypub_interaction_policy_quote":"anyone","activitypub_status":"","ocean_post_oembed":"","ocean_post_self_hosted_media":"","ocean_post_video_embed":"","ocean_link_format":"","ocean_link_format_target":"self","ocean_quote_format":"","ocean_quote_format_link":"post","ocean_gallery_link_images":"on","ocean_gallery_id":[],"footnotes":"","jetpack_publicize_message":"#Konstellation, #Montage, #Komposition, #Zitat - Zettelkasten 2004","jetpack_publicize_feature_enabled":true,"jetpack_social_post_already_shared":true,"jetpack_social_options":{"image_generator_settings":{"template":"highway","default_image_id":0,"font":"","enabled":false},"version":2}},"categories":[2667],"tags":[2877,2423,2878,2879,2719,2880,2881],"class_list":["post-8261","post","type-post","status-publish","format-standard","has-post-thumbnail","hentry","category-zettelkasten","tag-alfred-lichtenstein","tag-komposition","tag-kritische-masse","tag-montage","tag-theodor-w-adorno","tag-walter-benjamin","tag-zitat","entry","has-media"],"yoast_head":"<!-- This site is optimized with the Yoast SEO plugin v27.4 - https:\/\/yoast.com\/product\/yoast-seo-wordpress\/ -->\n<title>Konstellation, Montage, Komposition, Zitat - Kritische Masse<\/title>\n<meta name=\"robots\" content=\"index, follow, max-snippet:-1, max-image-preview:large, max-video-preview:-1\" \/>\n<link rel=\"canonical\" href=\"https:\/\/www.kritische-masse.de\/logbuch\/2004\/09\/konstellation-montage-komposition-zitat-2\/\" \/>\n<meta property=\"og:locale\" content=\"de_DE\" \/>\n<meta property=\"og:type\" content=\"article\" \/>\n<meta property=\"og:title\" content=\"Konstellation, Montage, Komposition, Zitat - Kritische Masse\" \/>\n<meta property=\"og:description\" content=\"Zitieren oder zitieren; das Recht hat sein recht. Und die Frankfurter Rundschau l\u00e4sst sich wissenschaftlich erkl\u00e4ren, wann ein Zitat ein Zitat ist. Zitate d\u00fcrfen kein Selbstzweck sein, sagt man. Das stimmt. Doch was bedeutet das. Die Wissenschaft, aber die Interpretation von Ph\u00e4nomenen im allgemeinen, funktioniert nicht zwingend nach dem Prinzip der Deduktion oder der Induktion. [&hellip;]\" \/>\n<meta property=\"og:url\" content=\"https:\/\/www.kritische-masse.de\/logbuch\/2004\/09\/konstellation-montage-komposition-zitat-2\/\" \/>\n<meta property=\"og:site_name\" content=\"Kritische Masse\" \/>\n<meta property=\"article:publisher\" content=\"https:\/\/www.facebook.com\/hufner\" \/>\n<meta property=\"article:author\" content=\"https:\/\/www.facebook.com\/hufner\" \/>\n<meta property=\"article:published_time\" content=\"2004-09-17T08:44:16+00:00\" \/>\n<meta name=\"author\" content=\"der huflaikhan\" \/>\n<meta name=\"twitter:label1\" content=\"Verfasst von\" \/>\n\t<meta name=\"twitter:data1\" content=\"der huflaikhan\" \/>\n\t<meta name=\"twitter:label2\" content=\"Gesch\u00e4tzte Lesezeit\" \/>\n\t<meta name=\"twitter:data2\" content=\"5\u00a0Minuten\" \/>\n<script type=\"application\/ld+json\" class=\"yoast-schema-graph\">{\"@context\":\"https:\\\/\\\/schema.org\",\"@graph\":[{\"@type\":\"Article\",\"@id\":\"https:\\\/\\\/www.kritische-masse.de\\\/logbuch\\\/2004\\\/09\\\/konstellation-montage-komposition-zitat-2\\\/#article\",\"isPartOf\":{\"@id\":\"https:\\\/\\\/www.kritische-masse.de\\\/logbuch\\\/2004\\\/09\\\/konstellation-montage-komposition-zitat-2\\\/\"},\"author\":{\"name\":\"der huflaikhan\",\"@id\":\"https:\\\/\\\/www.kritische-masse.de\\\/logbuch\\\/#\\\/schema\\\/person\\\/14c491f46504e7f6b79db161f76def1c\"},\"headline\":\"Konstellation, Montage, Komposition, Zitat\",\"datePublished\":\"2004-09-17T08:44:16+00:00\",\"mainEntityOfPage\":{\"@id\":\"https:\\\/\\\/www.kritische-masse.de\\\/logbuch\\\/2004\\\/09\\\/konstellation-montage-komposition-zitat-2\\\/\"},\"wordCount\":972,\"commentCount\":0,\"publisher\":{\"@id\":\"https:\\\/\\\/www.kritische-masse.de\\\/logbuch\\\/#\\\/schema\\\/person\\\/14c491f46504e7f6b79db161f76def1c\"},\"image\":{\"@id\":\"https:\\\/\\\/www.kritische-masse.de\\\/logbuch\\\/2004\\\/09\\\/konstellation-montage-komposition-zitat-2\\\/#primaryimage\"},\"thumbnailUrl\":\"\",\"keywords\":[\"Alfred Lichtenstein\",\"Komposition\",\"Kritische Masse\",\"Montage\",\"Theodor W. Adorno\",\"Walter Benjamin\",\"Zitat\"],\"articleSection\":[\"Zettelkasten\"],\"inLanguage\":\"de\",\"potentialAction\":[{\"@type\":\"CommentAction\",\"name\":\"Comment\",\"target\":[\"https:\\\/\\\/www.kritische-masse.de\\\/logbuch\\\/2004\\\/09\\\/konstellation-montage-komposition-zitat-2\\\/#respond\"]}]},{\"@type\":\"WebPage\",\"@id\":\"https:\\\/\\\/www.kritische-masse.de\\\/logbuch\\\/2004\\\/09\\\/konstellation-montage-komposition-zitat-2\\\/\",\"url\":\"https:\\\/\\\/www.kritische-masse.de\\\/logbuch\\\/2004\\\/09\\\/konstellation-montage-komposition-zitat-2\\\/\",\"name\":\"Konstellation, Montage, Komposition, Zitat - Kritische Masse\",\"isPartOf\":{\"@id\":\"https:\\\/\\\/www.kritische-masse.de\\\/logbuch\\\/#website\"},\"primaryImageOfPage\":{\"@id\":\"https:\\\/\\\/www.kritische-masse.de\\\/logbuch\\\/2004\\\/09\\\/konstellation-montage-komposition-zitat-2\\\/#primaryimage\"},\"image\":{\"@id\":\"https:\\\/\\\/www.kritische-masse.de\\\/logbuch\\\/2004\\\/09\\\/konstellation-montage-komposition-zitat-2\\\/#primaryimage\"},\"thumbnailUrl\":\"\",\"datePublished\":\"2004-09-17T08:44:16+00:00\",\"breadcrumb\":{\"@id\":\"https:\\\/\\\/www.kritische-masse.de\\\/logbuch\\\/2004\\\/09\\\/konstellation-montage-komposition-zitat-2\\\/#breadcrumb\"},\"inLanguage\":\"de\",\"potentialAction\":[{\"@type\":\"ReadAction\",\"target\":[\"https:\\\/\\\/www.kritische-masse.de\\\/logbuch\\\/2004\\\/09\\\/konstellation-montage-komposition-zitat-2\\\/\"]}]},{\"@type\":\"ImageObject\",\"inLanguage\":\"de\",\"@id\":\"https:\\\/\\\/www.kritische-masse.de\\\/logbuch\\\/2004\\\/09\\\/konstellation-montage-komposition-zitat-2\\\/#primaryimage\",\"url\":\"\",\"contentUrl\":\"\"},{\"@type\":\"BreadcrumbList\",\"@id\":\"https:\\\/\\\/www.kritische-masse.de\\\/logbuch\\\/2004\\\/09\\\/konstellation-montage-komposition-zitat-2\\\/#breadcrumb\",\"itemListElement\":[{\"@type\":\"ListItem\",\"position\":1,\"name\":\"Startseite\",\"item\":\"https:\\\/\\\/www.kritische-masse.de\\\/logbuch\\\/\"},{\"@type\":\"ListItem\",\"position\":2,\"name\":\"Konstellation, Montage, Komposition, Zitat\"}]},{\"@type\":\"WebSite\",\"@id\":\"https:\\\/\\\/www.kritische-masse.de\\\/logbuch\\\/#website\",\"url\":\"https:\\\/\\\/www.kritische-masse.de\\\/logbuch\\\/\",\"name\":\"kritische masse\",\"description\":\"amt f\u00fcr vermassungsschutz\",\"publisher\":{\"@id\":\"https:\\\/\\\/www.kritische-masse.de\\\/logbuch\\\/#\\\/schema\\\/person\\\/14c491f46504e7f6b79db161f76def1c\"},\"alternateName\":\"das logbuch der kritischen masse\",\"potentialAction\":[{\"@type\":\"SearchAction\",\"target\":{\"@type\":\"EntryPoint\",\"urlTemplate\":\"https:\\\/\\\/www.kritische-masse.de\\\/logbuch\\\/?s={search_term_string}\"},\"query-input\":{\"@type\":\"PropertyValueSpecification\",\"valueRequired\":true,\"valueName\":\"search_term_string\"}}],\"inLanguage\":\"de\"},{\"@type\":[\"Person\",\"Organization\"],\"@id\":\"https:\\\/\\\/www.kritische-masse.de\\\/logbuch\\\/#\\\/schema\\\/person\\\/14c491f46504e7f6b79db161f76def1c\",\"name\":\"der huflaikhan\",\"image\":{\"@type\":\"ImageObject\",\"inLanguage\":\"de\",\"@id\":\"https:\\\/\\\/www.kritische-masse.de\\\/logbuch\\\/wp-content\\\/uploads\\\/2024\\\/01\\\/cropped-kritischmasse_man_512.jpg\",\"url\":\"https:\\\/\\\/www.kritische-masse.de\\\/logbuch\\\/wp-content\\\/uploads\\\/2024\\\/01\\\/cropped-kritischmasse_man_512.jpg\",\"contentUrl\":\"https:\\\/\\\/www.kritische-masse.de\\\/logbuch\\\/wp-content\\\/uploads\\\/2024\\\/01\\\/cropped-kritischmasse_man_512.jpg\",\"width\":512,\"height\":512,\"caption\":\"der huflaikhan\"},\"logo\":{\"@id\":\"https:\\\/\\\/www.kritische-masse.de\\\/logbuch\\\/wp-content\\\/uploads\\\/2024\\\/01\\\/cropped-kritischmasse_man_512.jpg\"},\"description\":\"Betreiber der Kritischen Masse seit 1995. Seit 2023 Wiederaufnahme. Promotion mit einer Arbeit \u00fcber Adornos kompositorische und theoretische Auseinandersetzung mit der Zw\u00f6lftontechnik. Arbeit f\u00fcr den Bayerischen und den Mitteldeutschen Rundfunk als freier Autor und Regisseur \u2013 zumindest bis Ende 2015. Online-Redaktion f\u00fcr neue musikzeitung, Jazzzeitung und Oper &amp; Tanz. Ungl\u00fccklich, aber fast taub.\",\"sameAs\":[\"https:\\\/\\\/www.kritische-masse.de\\\/logbuch\\\/\",\"https:\\\/\\\/www.facebook.com\\\/hufner\"],\"url\":\"https:\\\/\\\/www.kritische-masse.de\\\/logbuch\\\/author\\\/martin_d1juqiu5\\\/\"}]}<\/script>\n<!-- \/ Yoast SEO plugin. -->","yoast_head_json":{"title":"Konstellation, Montage, Komposition, Zitat - Kritische Masse","robots":{"index":"index","follow":"follow","max-snippet":"max-snippet:-1","max-image-preview":"max-image-preview:large","max-video-preview":"max-video-preview:-1"},"canonical":"https:\/\/www.kritische-masse.de\/logbuch\/2004\/09\/konstellation-montage-komposition-zitat-2\/","og_locale":"de_DE","og_type":"article","og_title":"Konstellation, Montage, Komposition, Zitat - Kritische Masse","og_description":"Zitieren oder zitieren; das Recht hat sein recht. Und die Frankfurter Rundschau l\u00e4sst sich wissenschaftlich erkl\u00e4ren, wann ein Zitat ein Zitat ist. Zitate d\u00fcrfen kein Selbstzweck sein, sagt man. Das stimmt. Doch was bedeutet das. Die Wissenschaft, aber die Interpretation von Ph\u00e4nomenen im allgemeinen, funktioniert nicht zwingend nach dem Prinzip der Deduktion oder der Induktion. [&hellip;]","og_url":"https:\/\/www.kritische-masse.de\/logbuch\/2004\/09\/konstellation-montage-komposition-zitat-2\/","og_site_name":"Kritische Masse","article_publisher":"https:\/\/www.facebook.com\/hufner","article_author":"https:\/\/www.facebook.com\/hufner","article_published_time":"2004-09-17T08:44:16+00:00","author":"der huflaikhan","twitter_misc":{"Verfasst von":"der huflaikhan","Gesch\u00e4tzte Lesezeit":"5\u00a0Minuten"},"schema":{"@context":"https:\/\/schema.org","@graph":[{"@type":"Article","@id":"https:\/\/www.kritische-masse.de\/logbuch\/2004\/09\/konstellation-montage-komposition-zitat-2\/#article","isPartOf":{"@id":"https:\/\/www.kritische-masse.de\/logbuch\/2004\/09\/konstellation-montage-komposition-zitat-2\/"},"author":{"name":"der huflaikhan","@id":"https:\/\/www.kritische-masse.de\/logbuch\/#\/schema\/person\/14c491f46504e7f6b79db161f76def1c"},"headline":"Konstellation, Montage, Komposition, Zitat","datePublished":"2004-09-17T08:44:16+00:00","mainEntityOfPage":{"@id":"https:\/\/www.kritische-masse.de\/logbuch\/2004\/09\/konstellation-montage-komposition-zitat-2\/"},"wordCount":972,"commentCount":0,"publisher":{"@id":"https:\/\/www.kritische-masse.de\/logbuch\/#\/schema\/person\/14c491f46504e7f6b79db161f76def1c"},"image":{"@id":"https:\/\/www.kritische-masse.de\/logbuch\/2004\/09\/konstellation-montage-komposition-zitat-2\/#primaryimage"},"thumbnailUrl":"","keywords":["Alfred Lichtenstein","Komposition","Kritische Masse","Montage","Theodor W. Adorno","Walter Benjamin","Zitat"],"articleSection":["Zettelkasten"],"inLanguage":"de","potentialAction":[{"@type":"CommentAction","name":"Comment","target":["https:\/\/www.kritische-masse.de\/logbuch\/2004\/09\/konstellation-montage-komposition-zitat-2\/#respond"]}]},{"@type":"WebPage","@id":"https:\/\/www.kritische-masse.de\/logbuch\/2004\/09\/konstellation-montage-komposition-zitat-2\/","url":"https:\/\/www.kritische-masse.de\/logbuch\/2004\/09\/konstellation-montage-komposition-zitat-2\/","name":"Konstellation, Montage, Komposition, Zitat - Kritische Masse","isPartOf":{"@id":"https:\/\/www.kritische-masse.de\/logbuch\/#website"},"primaryImageOfPage":{"@id":"https:\/\/www.kritische-masse.de\/logbuch\/2004\/09\/konstellation-montage-komposition-zitat-2\/#primaryimage"},"image":{"@id":"https:\/\/www.kritische-masse.de\/logbuch\/2004\/09\/konstellation-montage-komposition-zitat-2\/#primaryimage"},"thumbnailUrl":"","datePublished":"2004-09-17T08:44:16+00:00","breadcrumb":{"@id":"https:\/\/www.kritische-masse.de\/logbuch\/2004\/09\/konstellation-montage-komposition-zitat-2\/#breadcrumb"},"inLanguage":"de","potentialAction":[{"@type":"ReadAction","target":["https:\/\/www.kritische-masse.de\/logbuch\/2004\/09\/konstellation-montage-komposition-zitat-2\/"]}]},{"@type":"ImageObject","inLanguage":"de","@id":"https:\/\/www.kritische-masse.de\/logbuch\/2004\/09\/konstellation-montage-komposition-zitat-2\/#primaryimage","url":"","contentUrl":""},{"@type":"BreadcrumbList","@id":"https:\/\/www.kritische-masse.de\/logbuch\/2004\/09\/konstellation-montage-komposition-zitat-2\/#breadcrumb","itemListElement":[{"@type":"ListItem","position":1,"name":"Startseite","item":"https:\/\/www.kritische-masse.de\/logbuch\/"},{"@type":"ListItem","position":2,"name":"Konstellation, Montage, Komposition, Zitat"}]},{"@type":"WebSite","@id":"https:\/\/www.kritische-masse.de\/logbuch\/#website","url":"https:\/\/www.kritische-masse.de\/logbuch\/","name":"kritische masse","description":"amt f\u00fcr vermassungsschutz","publisher":{"@id":"https:\/\/www.kritische-masse.de\/logbuch\/#\/schema\/person\/14c491f46504e7f6b79db161f76def1c"},"alternateName":"das logbuch der kritischen masse","potentialAction":[{"@type":"SearchAction","target":{"@type":"EntryPoint","urlTemplate":"https:\/\/www.kritische-masse.de\/logbuch\/?s={search_term_string}"},"query-input":{"@type":"PropertyValueSpecification","valueRequired":true,"valueName":"search_term_string"}}],"inLanguage":"de"},{"@type":["Person","Organization"],"@id":"https:\/\/www.kritische-masse.de\/logbuch\/#\/schema\/person\/14c491f46504e7f6b79db161f76def1c","name":"der huflaikhan","image":{"@type":"ImageObject","inLanguage":"de","@id":"https:\/\/www.kritische-masse.de\/logbuch\/wp-content\/uploads\/2024\/01\/cropped-kritischmasse_man_512.jpg","url":"https:\/\/www.kritische-masse.de\/logbuch\/wp-content\/uploads\/2024\/01\/cropped-kritischmasse_man_512.jpg","contentUrl":"https:\/\/www.kritische-masse.de\/logbuch\/wp-content\/uploads\/2024\/01\/cropped-kritischmasse_man_512.jpg","width":512,"height":512,"caption":"der huflaikhan"},"logo":{"@id":"https:\/\/www.kritische-masse.de\/logbuch\/wp-content\/uploads\/2024\/01\/cropped-kritischmasse_man_512.jpg"},"description":"Betreiber der Kritischen Masse seit 1995. Seit 2023 Wiederaufnahme. Promotion mit einer Arbeit \u00fcber Adornos kompositorische und theoretische Auseinandersetzung mit der Zw\u00f6lftontechnik. Arbeit f\u00fcr den Bayerischen und den Mitteldeutschen Rundfunk als freier Autor und Regisseur \u2013 zumindest bis Ende 2015. Online-Redaktion f\u00fcr neue musikzeitung, Jazzzeitung und Oper &amp; Tanz. Ungl\u00fccklich, aber fast taub.","sameAs":["https:\/\/www.kritische-masse.de\/logbuch\/","https:\/\/www.facebook.com\/hufner"],"url":"https:\/\/www.kritische-masse.de\/logbuch\/author\/martin_d1juqiu5\/"}]}},"jetpack_publicize_connections":[],"jetpack_featured_media_url":"","categories_names":["Zettelkasten"],"post_class":[["post-8261","post","type-post","status-publish","format-standard","has-post-thumbnail","hentry","category-zettelkasten","tag-alfred-lichtenstein","tag-komposition","tag-kritische-masse","tag-montage","tag-theodor-w-adorno","tag-walter-benjamin","tag-zitat","entry","has-media"]],"author_avatar":["<img alt='' src='https:\/\/secure.gravatar.com\/avatar\/c23aee426d58e69f14ef471114d4cac215eec702ee1bc331e2a62ea77e96ed60?s=96&#038;d=blank&#038;r=g' srcset='https:\/\/secure.gravatar.com\/avatar\/c23aee426d58e69f14ef471114d4cac215eec702ee1bc331e2a62ea77e96ed60?s=192&#038;d=blank&#038;r=g 2x' class='avatar avatar-96 photo' height='96' width='96' loading='lazy' decoding='async'\/>"],"featured_video":null,"jetpack-related-posts":[{"id":758,"url":"https:\/\/www.kritische-masse.de\/logbuch\/2004\/09\/konstellation-montage-komposition-zitat\/","url_meta":{"origin":8261,"position":0},"title":"Konstellation, Montage, Komposition, Zitat","author":"huflaikhan","date":"17. September 2004","format":false,"excerpt":"Zitieren oder zitieren; das Recht hat sein recht. Und die Frankfurter Rundschau l\u00e4sst sich wissenschaftlich erkl\u00e4ren, wann ein Zitat ein Zitat ist. Zitate d\u00fcrfen kein Selbstzweck sein, sagt man. Das stimmt. Doch was bedeutet das. Die Wissenschaft, aber die Interpretation von Ph\u00e4nomenen im allgemeinen, funktioniert nicht zwingend nach dem Prinzip\u2026","rel":"","context":"Mit 5 Kommentaren","block_context":{"text":"Mit 5 Kommentaren","link":"https:\/\/www.kritische-masse.de\/logbuch\/2004\/09\/konstellation-montage-komposition-zitat\/#comments"},"img":{"alt_text":"","src":"","width":0,"height":0},"classes":[]},{"id":2060,"url":"https:\/\/www.kritische-masse.de\/logbuch\/2007\/07\/faehler-faeaehloer\/","url_meta":{"origin":8261,"position":1},"title":"F\u00e4hler, F\u00e4\u00e4hl\u00f6r","author":"huflaikhan","date":"3. Juli 2007","format":false,"excerpt":"\u201eDas ungepr\u00fcfte \u00dcbernehmen von angeblichen Zitaten, die dann auch noch aus dem Kontext gerissen werden, ist der Einstieg in den Gossenjournalismus.\u201c Don Alphonso in der Blogbar unter der \u00dcberschrift: Dreck von unten? - Lieber nochmal Nachfragen zum Fall J\u00f6rges Ich habs jetzt noch mal gepr\u00fcft, ein Zitat ist es auch\u2026","rel":"","context":"\u00c4hnlicher Beitrag","block_context":{"text":"\u00c4hnlicher Beitrag","link":""},"img":{"alt_text":"","src":"","width":0,"height":0},"classes":[]},{"id":3057,"url":"https:\/\/www.kritische-masse.de\/logbuch\/2012\/06\/zitieren-und-zitate-zitieren-ist-sch-n-kostet-aber-viel-geld\/","url_meta":{"origin":8261,"position":2},"title":"Zitieren und Zitate (Zitieren ist sch\u00f6n, kostet aber viel Geld) [Update]","author":"huflaikhan","date":"5. Juni 2012","format":false,"excerpt":"Karan hat auf Facebook\u00a0auf Vorg\u00e4nge des Abmahnungwesens wegen Zitierens von Karl-Valentin-Texten hingewiesen. Die Abmahnenden meinen, die Grenzen dessen, was ein Zitat ist, seien eng. Wenn man also einfach sagt, dass Karl Valentin einmal sagte: \"Die Welt ist sch\u00f6n\", dann ist da ein Ausspruch, der als Zitat eingef\u00fchrt geh\u00f6rt oder als\u2026","rel":"","context":"\u00c4hnlicher Beitrag","block_context":{"text":"\u00c4hnlicher Beitrag","link":""},"img":{"alt_text":"","src":"","width":0,"height":0},"classes":[]},{"id":3137,"url":"https:\/\/www.kritische-masse.de\/logbuch\/2012\/08\/syndikat-kulturfledderer-stellen-sich-selbst-ein-bein\/","url_meta":{"origin":8261,"position":3},"title":"Syndikat. Kulturfledderer stellen sich selbst ein Bein","author":"huflaikhan","date":"29. August 2012","format":false,"excerpt":"In einem Eintrag, auf den ich gesten abend verwiesen hatte, hat das Syndikat gemeldet \u201ePiraten gegen Syndikatsplakat\u201c - In diesem Eintrag zitiert man dann vollst\u00e4ndig den Eintrag des Deutschen Kulturrats, wie er sich auf dessen Website findet.\u00a0Allerdings geht aus der Darstellung des Syndikats nicht hevor, dass es sich um ein\u2026","rel":"","context":"In &quot;Zettelkasten&quot;","block_context":{"text":"Zettelkasten","link":"https:\/\/www.kritische-masse.de\/logbuch\/category\/zettelkasten\/"},"img":{"alt_text":"Websiteeintrag des Syndikats. Screenshot: 29.8.2012: 8:50","src":"https:\/\/i0.wp.com\/www.kritische-masse.de\/logbuch\/wp-content\/uploads\/2012\/08\/pirate.png?fit=517%2C1200&ssl=1&resize=350%2C200","width":350,"height":200},"classes":[]},{"id":8899,"url":"https:\/\/www.kritische-masse.de\/logbuch\/2023\/12\/das-mielke-syndrom-in-den-geisteswissenschaften-1993\/","url_meta":{"origin":8261,"position":4},"title":"Das Mielke-Syndrom in den Geisteswissenschaften [1993]","author":"der huflaikhan","date":"16. Dezember 2023","format":false,"excerpt":"Ein Text aus dem Jahr 1993. Ich hatte den f\u00fcr die taz geplant. Die hat aber eine Ver\u00f6ffentlichung ausgeschlagen. Mielke in dem Zusammenhang zu erw\u00e4hnen, war vielleicht 1993 noch halbwegs akzeptabel. Heute w\u00fcrde ich es nicht mehr so nennen, das Syndrom. \u00c4rgerlich sich die Auswirkungen des Syndroms nicht weniger deshalb.\u2026","rel":"","context":"In &quot;\u00c4sthetische Kunstfehler&quot;","block_context":{"text":"\u00c4sthetische Kunstfehler","link":"https:\/\/www.kritische-masse.de\/logbuch\/category\/aesthetische_kunstfehler\/"},"img":{"alt_text":"nmz9910Medi","src":"https:\/\/i0.wp.com\/www.kritische-masse.de\/logbuch\/wp-content\/uploads\/1999\/10\/nmz9910Medi.jpg?fit=350%2C284&ssl=1&resize=350%2C200","width":350,"height":200},"classes":[]},{"id":414,"url":"https:\/\/www.kritische-masse.de\/logbuch\/2004\/04\/lichtenstein-und-benjamin\/","url_meta":{"origin":8261,"position":5},"title":"Lichtenstein und Benjamin","author":"huflaikhan","date":"20. April 2004","format":false,"excerpt":"Unter dem Titel \u201cPlagiatoren\u201d habe ich einen Text von Alfred Lichtenstein wiedergegeben. Nun habe ich noch etwas weiter gelesen und durfte feststellen, dass dieser Autor Jura zu studieren pflegte und eine Dissertation verfasste mit dem Titel: \u201cDie rechtswidrige \u00f6ffentliche Auff\u00fchrung von B\u00fchnenwerken\u201d, was mich neugierig macht. Damals gings Studieren jedenfalls\u2026","rel":"","context":"\u00c4hnlicher Beitrag","block_context":{"text":"\u00c4hnlicher Beitrag","link":""},"img":{"alt_text":"","src":"","width":0,"height":0},"classes":[]}],"jetpack_sharing_enabled":true,"_links":{"self":[{"href":"https:\/\/www.kritische-masse.de\/logbuch\/wp-json\/wp\/v2\/posts\/8261","targetHints":{"allow":["GET"]}}],"collection":[{"href":"https:\/\/www.kritische-masse.de\/logbuch\/wp-json\/wp\/v2\/posts"}],"about":[{"href":"https:\/\/www.kritische-masse.de\/logbuch\/wp-json\/wp\/v2\/types\/post"}],"author":[{"embeddable":true,"href":"https:\/\/www.kritische-masse.de\/logbuch\/wp-json\/wp\/v2\/users\/1"}],"replies":[{"embeddable":true,"href":"https:\/\/www.kritische-masse.de\/logbuch\/wp-json\/wp\/v2\/comments?post=8261"}],"version-history":[{"count":0,"href":"https:\/\/www.kritische-masse.de\/logbuch\/wp-json\/wp\/v2\/posts\/8261\/revisions"}],"wp:featuredmedia":[{"embeddable":true,"href":"https:\/\/www.kritische-masse.de\/logbuch\/wp-json\/wp\/v2\/posts\/125"}],"wp:attachment":[{"href":"https:\/\/www.kritische-masse.de\/logbuch\/wp-json\/wp\/v2\/media?parent=8261"}],"wp:term":[{"taxonomy":"category","embeddable":true,"href":"https:\/\/www.kritische-masse.de\/logbuch\/wp-json\/wp\/v2\/categories?post=8261"},{"taxonomy":"post_tag","embeddable":true,"href":"https:\/\/www.kritische-masse.de\/logbuch\/wp-json\/wp\/v2\/tags?post=8261"}],"curies":[{"name":"wp","href":"https:\/\/api.w.org\/{rel}","templated":true}]}}