{"id":8320,"date":"2006-03-15T10:58:25","date_gmt":"2006-03-15T09:58:25","guid":{"rendered":"https:\/\/musikunrat.de\/?p=2846"},"modified":"2006-03-15T10:58:25","modified_gmt":"2006-03-15T09:58:25","slug":"wer-sich-weigert-kommt-auf-die-schwarze-liste-2","status":"publish","type":"post","link":"https:\/\/www.kritische-masse.de\/logbuch\/2006\/03\/wer-sich-weigert-kommt-auf-die-schwarze-liste-2\/","title":{"rendered":"Wer sich weigert, kommt auf die schwarze Liste"},"content":{"rendered":"<div class=\"shariff shariff-align-left shariff-widget-align-left\"><ul class=\"shariff-buttons theme-white orientation-horizontal buttonsize-small\"><li class=\"shariff-button mastodon shariff-nocustomcolor\" style=\"background-color:#563ACC\"><a href=\"https:\/\/s2f.kytta.dev\/?text=Wer%20sich%20weigert%2C%20kommt%20auf%20die%20schwarze%20Liste https%3A%2F%2Fwww.kritische-masse.de%2Flogbuch%2F2006%2F03%2Fwer-sich-weigert-kommt-auf-die-schwarze-liste-2%2F\" title=\"Bei Mastodon teilen\" aria-label=\"Bei Mastodon teilen\" role=\"button\" rel=\"noopener nofollow\" class=\"shariff-link\" style=\"; background-color:#6364FF; color:#6364FF\" target=\"_blank\"><span class=\"shariff-icon\" style=\"fill:#6364FF\"><svg width=\"75\" height=\"79\" viewBox=\"0 0 75 79\" fill=\"none\" xmlns=\"http:\/\/www.w3.org\/2000\/svg\"><path d=\"M37.813-.025C32.462-.058 27.114.13 21.79.598c-8.544.621-17.214 5.58-20.203 13.931C-1.12 23.318.408 32.622.465 41.65c.375 7.316.943 14.78 3.392 21.73 4.365 9.465 14.781 14.537 24.782 15.385 7.64.698 15.761-.213 22.517-4.026a54.1 54.1 0 0 0 .01-6.232c-6.855 1.316-14.101 2.609-21.049 1.074-3.883-.88-6.876-4.237-7.25-8.215-1.53-3.988 3.78-.43 5.584-.883 9.048 1.224 18.282.776 27.303-.462 7.044-.837 14.26-4.788 16.65-11.833 2.263-6.135 1.215-12.79 1.698-19.177.06-3.84.09-7.692-.262-11.52C72.596 7.844 63.223.981 53.834.684a219.453 219.453 0 0 0-16.022-.71zm11.294 12.882c5.5-.067 10.801 4.143 11.67 9.653.338 1.48.471 3 .471 4.515v21.088h-8.357c-.07-7.588.153-15.182-.131-22.765-.587-4.368-7.04-5.747-9.672-2.397-2.422 3.04-1.47 7.155-1.67 10.735v6.392h-8.307c-.146-4.996.359-10.045-.404-15.002-1.108-4.218-7.809-5.565-10.094-1.666-1.685 3.046-.712 6.634-.976 9.936v14.767h-8.354c.109-8.165-.238-16.344.215-24.5.674-5.346 5.095-10.389 10.676-10.627 4.902-.739 10.103 2.038 12.053 6.631.375 1.435 1.76 1.932 1.994.084 1.844-3.704 5.501-6.739 9.785-6.771.367-.044.735-.068 1.101-.073z\"\/><defs><linearGradient id=\"paint0_linear_549_34\" x1=\"37.0692\" y1=\"0\" x2=\"37.0692\" y2=\"79\" gradientUnits=\"userSpaceOnUse\"><stop stop-color=\"#6364FF\"\/><stop offset=\"1\" stop-color=\"#563ACC\"\/><\/linearGradient><\/defs><\/svg><\/span><span class=\"shariff-text\" style=\"color:#6364FF\">teilen<\/span>&nbsp;<\/a><\/li><li class=\"shariff-button bluesky shariff-nocustomcolor\" style=\"background-color:#84c4ff\"><a href=\"https:\/\/bsky.app\/intent\/compose?text=Wer%20sich%20weigert%2C%20kommt%20auf%20die%20schwarze%20Liste https%3A%2F%2Fwww.kritische-masse.de%2Flogbuch%2F2006%2F03%2Fwer-sich-weigert-kommt-auf-die-schwarze-liste-2%2F \" title=\"Bei Bluesky teilen\" aria-label=\"Bei Bluesky teilen\" role=\"button\" rel=\"noopener nofollow\" class=\"shariff-link\" style=\"; background-color:#0085ff; color:#0085ff\" target=\"_blank\"><span class=\"shariff-icon\" style=\"fill:#0085ff\"><svg width=\"20\" height=\"20\" version=\"1.1\" xmlns=\"http:\/\/www.w3.org\/2000\/svg\" viewBox=\"0 0 20 20\"><path class=\"st0\" d=\"M4.89,3.12c2.07,1.55,4.3,4.71,5.11,6.4.82-1.69,3.04-4.84,5.11-6.4,1.49-1.12,3.91-1.99,3.91.77,0,.55-.32,4.63-.5,5.3-.64,2.3-2.99,2.89-5.08,2.54,3.65.62,4.58,2.68,2.57,4.74-3.81,3.91-5.48-.98-5.9-2.23-.08-.23-.11-.34-.12-.25,0-.09-.04.02-.12.25-.43,1.25-2.09,6.14-5.9,2.23-2.01-2.06-1.08-4.12,2.57-4.74-2.09.36-4.44-.23-5.08-2.54-.19-.66-.5-4.74-.5-5.3,0-2.76,2.42-1.89,3.91-.77h0Z\"\/><\/svg><\/span><span class=\"shariff-text\" style=\"color:#0085ff\">teilen<\/span>&nbsp;<\/a><\/li><li class=\"shariff-button threema shariff-nocustomcolor shariff-mobile\" style=\"background-color:#4fbc24\"><a href=\"threema:\/\/compose?text=Wer%20sich%20weigert%2C%20kommt%20auf%20die%20schwarze%20Liste%20https%3A%2F%2Fwww.kritische-masse.de%2Flogbuch%2F2006%2F03%2Fwer-sich-weigert-kommt-auf-die-schwarze-liste-2%2F\" title=\"Bei Threema teilen\" aria-label=\"Bei Threema teilen\" role=\"button\" rel=\"noopener nofollow\" class=\"shariff-link\" style=\"; background-color:#1f1f1f; color:#1f1f1f\" target=\"_blank\"><span class=\"shariff-icon\" style=\"fill:#1f1f1f\"><svg width=\"32px\" height=\"20px\" xmlns=\"http:\/\/www.w3.org\/2000\/svg\" viewBox=\"0 0 32 32\"><path fill=\"#1f1f1f\" d=\"M30.8 10.9c-0.3-1.4-0.9-2.6-1.8-3.8-2-2.6-5.5-4.5-9.4-5.2-1.3-0.2-1.9-0.3-3.5-0.3s-2.2 0-3.5 0.3c-4 0.7-7.4 2.6-9.4 5.2-0.9 1.2-1.5 2.4-1.8 3.8-0.1 0.5-0.2 1.2-0.2 1.6 0 0.4 0.1 1.1 0.2 1.6 0.4 1.9 1.3 3.4 2.9 5 0.8 0.8 0.8 0.8 0.7 1.3 0 0.6-0.5 1.6-1.7 3.6-0.3 0.5-0.5 0.9-0.5 0.9 0 0.1 0.1 0.1 0.5 0 0.8-0.2 2.3-0.6 5.6-1.6 1.1-0.3 1.3-0.4 2.3-0.4 0.8 0 1.1 0 2.3 0.2 1.5 0.2 3.5 0.2 4.9 0 5.1-0.6 9.3-2.9 11.4-6.3 0.5-0.9 0.9-1.8 1.1-2.8 0.1-0.5 0.2-1.1 0.2-1.6 0-0.7-0.1-1.1-0.2-1.6-0.3-1.4 0.1 0.5 0 0zM20.6 17.3c0 0.4-0.4 0.8-0.8 0.8h-7.7c-0.4 0-0.8-0.4-0.8-0.8v-4.6c0-0.4 0.4-0.8 0.8-0.8h0.2l0-1.6c0-0.9 0-1.8 0.1-2 0.1-0.6 0.6-1.2 1.1-1.7s1.1-0.7 1.9-0.8c1.8-0.3 3.7 0.7 4.2 2.2 0.1 0.3 0.1 0.7 0.1 2.1v0 1.7h0.1c0.4 0 0.8 0.4 0.8 0.8v4.6zM15.6 7.3c-0.5 0.1-0.8 0.3-1.2 0.6s-0.6 0.8-0.7 1.3c0 0.2 0 0.8 0 1.5l0 1.2h4.6v-1.3c0-1 0-1.4-0.1-1.6-0.3-1.1-1.5-1.9-2.6-1.7zM25.8 28.2c0 1.2-1 2.2-2.1 2.2s-2.1-1-2.1-2.1c0-1.2 1-2.1 2.2-2.1s2.2 1 2.2 2.2zM18.1 28.2c0 1.2-1 2.2-2.1 2.2s-2.1-1-2.1-2.1c0-1.2 1-2.1 2.2-2.1s2.2 1 2.2 2.2zM10.4 28.2c0 1.2-1 2.2-2.1 2.2s-2.1-1-2.1-2.1c0-1.2 1-2.1 2.2-2.1s2.2 1 2.2 2.2z\"\/><\/svg><\/span><span class=\"shariff-text\" style=\"color:#1f1f1f\">teilen<\/span>&nbsp;<\/a><\/li><li class=\"shariff-button facebook shariff-nocustomcolor\" style=\"background-color:#4273c8\"><a href=\"https:\/\/www.facebook.com\/sharer\/sharer.php?u=https%3A%2F%2Fwww.kritische-masse.de%2Flogbuch%2F2006%2F03%2Fwer-sich-weigert-kommt-auf-die-schwarze-liste-2%2F\" title=\"Bei Facebook teilen\" aria-label=\"Bei Facebook teilen\" role=\"button\" rel=\"nofollow\" class=\"shariff-link\" style=\"; background-color:#3b5998; color:#3b5998\" target=\"_blank\"><span class=\"shariff-icon\" style=\"fill:#3b5998\"><svg width=\"32px\" height=\"20px\" xmlns=\"http:\/\/www.w3.org\/2000\/svg\" viewBox=\"0 0 18 32\"><path fill=\"#3b5998\" d=\"M17.1 0.2v4.7h-2.8q-1.5 0-2.1 0.6t-0.5 1.9v3.4h5.2l-0.7 5.3h-4.5v13.6h-5.5v-13.6h-4.5v-5.3h4.5v-3.9q0-3.3 1.9-5.2t5-1.8q2.6 0 4.1 0.2z\"\/><\/svg><\/span><span class=\"shariff-text\" style=\"color:#3b5998\">teilen<\/span>&nbsp;<\/a><\/li><li class=\"shariff-button info shariff-nocustomcolor\" style=\"background-color:#a8a8a8\"><a href=\"http:\/\/ct.de\/-2467514\" title=\"Weitere Informationen\" aria-label=\"Weitere Informationen\" role=\"button\" rel=\"noopener \" class=\"shariff-link\" style=\"; background-color:#999; color:#999\" target=\"_blank\"><span class=\"shariff-icon\" style=\"fill:#999\"><svg width=\"32px\" height=\"20px\" xmlns=\"http:\/\/www.w3.org\/2000\/svg\" viewBox=\"0 0 11 32\"><path fill=\"#999\" d=\"M11.4 24v2.3q0 0.5-0.3 0.8t-0.8 0.4h-9.1q-0.5 0-0.8-0.4t-0.4-0.8v-2.3q0-0.5 0.4-0.8t0.8-0.4h1.1v-6.8h-1.1q-0.5 0-0.8-0.4t-0.4-0.8v-2.3q0-0.5 0.4-0.8t0.8-0.4h6.8q0.5 0 0.8 0.4t0.4 0.8v10.3h1.1q0.5 0 0.8 0.4t0.3 0.8zM9.2 3.4v3.4q0 0.5-0.4 0.8t-0.8 0.4h-4.6q-0.4 0-0.8-0.4t-0.4-0.8v-3.4q0-0.4 0.4-0.8t0.8-0.4h4.6q0.5 0 0.8 0.4t0.4 0.8z\"\/><\/svg><\/span><\/a><\/li><\/ul><\/div><div>\n<h4 class=\"node-subtitle\">Zur Praxis der Zwangsinverlagnahme: Einsch\u00e4tzungen und Aussichten<\/h4>\n<\/div>\n<p>Gew\u00f6hnlich gilt bei Vertr\u00e4gen zwischen Partnern, dass sie gerecht sein sollen und fair. Der eine gibt etwas und der andere bekommt etwas. In der Musik ist das auch so, zum Beispiel beim Abschluss eines Verlagsvertrages zwischen Komponist und Verleger. Der Komponist komponiert ein St\u00fcck Musik und der Verlag verlegt das Werk, er druckt es vielleicht sogar, er k\u00fcmmert sich um seinen Komponisten, erledigt eben die typische Verlagsarbeit. \u201eDie Aufgabe der Musikverlage ist in erster Linie, Noten herzustellen und zu vertreiben\u201c, so sieht es das Verlagsgesetz vor. Dar\u00fcber hinaus k\u00fcmmert ein Verlag sich ebenso um die Verbreitung des Werkes, beispielsweise durch Vermittlung an Rundfunkanstalten. Auf diese Weise generieren sich dann f\u00fcr den Komponisten und f\u00fcr den Verlag weitere Einnahmen, die \u00fcber die GEMA ausgesch\u00fcttet werden. Allerdings gibt es Musikwerke, f\u00fcr die eine so geartete verlegerische T\u00e4tigkeit (Notenherstellung und Vertrieb) keine so bedeutende Rolle spielen. Das ist naturgem\u00e4\u00df bei Werbefilmen der Fall, das gilt sicherlich aber auch f\u00fcr einen gro\u00dfen Teil der Fernseh- und Filmmusiken, im Zweifel auch f\u00fcr die so genannte U-Musik (hier vor allem Pop und Schlager).<\/p>\n<div class=\"field field-type-nodereference field-field-ausgabe\">\n<div class=\"field-items\">\n<div class=\"field-item odd\">\n<div class=\"field-label-inline-first\">Gew\u00f6hnlich sind Verlag und Auftraggeber getrennte Unternehmen. Die Praxis sieht seit vielen Jahren jedoch h\u00e4ufig anders aus. Es kommt immer \u00f6fter vor, dass die Auftraggeber selbst Verleger werden. K\u00fcrzlich so geschehen bei der Werbeagentur Jung von Matt (j\u00fcngst aufgefallen durch die Abwicklung der umstrittenen Werbeoffensive \u201eDu bist Deutschland\u201c) durch die Gr\u00fcndung ihres Verlags \u201eWhite Horse\u201c. Es bestehen laut eines \u201eOffenen Briefes\u201c des Composers Clubs (<span class=\"caps\">CC<\/span>) allerdings Zweifel daran, ob dieser Verlag tats\u00e4chlich einem sinnvollen Verlagsziel folgt. Der <span class=\"caps\">CC<\/span> schreibt: \u201eWir wollen Ihnen gerne glauben, dass Sie im Gegensatz zu solchen Scheinverlegern \u201arichtige\u2018 Verleger sein m\u00f6chten. Allerdings weisen wir darauf hin, dass f\u00fcr die Verwertung von Werbemusik ein Verlag in aller Regel keinen Sinn macht: Die Verbreitung des Musikwerkes, die ja eigentlich zentrale Aufgabe des Verlages w\u00e4re, erfolgt hier ohnehin durch die vorher geplanten Sendetermine.\u201c Der Composers Club spricht nicht direkt aus, was er hier bef\u00fcrchtet, dass n\u00e4mlich in Zukunft Komponisten, die mit dieser Werbeagentur zusammenarbeiten wollen, \u201eWhite Horse\u201c als ihren Verlag akzeptieren m\u00fcssten. Das aber w\u00e4re eine Zwangsinverlagnahme. Denn: \u201eSollte sich der Komponist jedoch trotz all dieser Vorz\u00fcge gegen den Abschluss eines Verlagsvertrages entscheiden, so steht es ihm selbstverst\u00e4ndlich frei, sein Werk unverlegt, das hei\u00dft als so genanntes Manuskript, oder im Eigenverlag anzumelden, denn er hat (gem\u00e4\u00df Deutschem Urhebergesetz) das Recht, frei \u00fcber die Verwertung seines Werkes zu bestimmen.\u201c \u201eWhite Horse\u201c hat sich mittlerweile gegen\u00fcber dem Composers Club so ge\u00e4u\u00dfert, dass ein solches Vorgehen wohl nicht in deren Absicht\u00a0liege.<\/div>\n<\/div>\n<\/div>\n<\/div>\n<p>Was genau ist eine Zwangsinverlagnahme? Der Composers Club fasst den Komplex so zusammen: \u201eVon einer Zwangsinverlagnahme spricht man dann, wenn der Auftraggeber die Erteilung eines Kompositionsauftrags davon abh\u00e4ngig macht, dass ihm der Komponist die vertragsgegenst\u00e4ndlichen Verlagsrechte \u00fcbertr\u00e4gt. Eine verlegerische T\u00e4tigkeit, wie zum Beispiel die Verbreitung des Werkes, findet hier meist nicht statt. Zwangsinverlagnahme bedeutet dar\u00fcber hinaus das Partizipieren eines Auftraggebers an den <span class=\"caps\">GEMA<\/span>-Tantiemen f\u00fcr das Auftragswerk meistens ohne angemessene (h\u00e4ufig sogar ohne jede) Gegenleistung f\u00fcr den Komponisten. Zwangsinverlagnahme gibt es vermutlich schon so lange, wie es Verlage gibt, aller-dings hat diese Praxis in den letzten Jahren durch die zunehmende T\u00e4tigkeit von Sender- und Filmproduzentenverlagen stark zugenommen.\u201c Die Vorteile f\u00fcr diese Auftragsverleger sind nahe liegend: \u201eDer Zwangsinverlagnehmer refundiert einen Teil seiner Produktionskosten durch einen Anteil an den <span class=\"caps\">GEMA<\/span>-Einnahmen des Komponisten und verf\u00fcgt dar\u00fcber hinaus \u00fcber die Rechte, das Werk nach Belieben vervielf\u00e4ltigen zu d\u00fcrfen. Die Nachteile f\u00fcr den Komponisten im Bereich der <span class=\"caps\">TV<\/span>-Auftragsmusik: Er muss meist auf ein Drittel seiner <span class=\"caps\">GEMA<\/span>-Tantieme (Auff\u00fchrungsrecht und mechanisches Recht) verzichten, um den Auftrag \u00fcberhaupt zu bekommen. Es macht daher wenig Sinn sich, wie fr\u00fcher \u00fcblich, exklusiv an einen unabh\u00e4ngigen Verlag zu binden, der ihn finanziell, k\u00fcnstlerisch und in seinem Bekanntheitsgrad f\u00f6rdern k\u00f6nnte. Und aufgrund der h\u00e4ufig unzureichenden Fachkompetenz der Zwangsverleger muss der Komponist in vielen F\u00e4llen s\u00e4mtliche Anmeldungen sowie die Kontrolle seiner <span class=\"caps\">GEMA<\/span>-Abrechnungen selbst\u00a0\u00fcbernehmen.\u201c<\/p>\n<p>Das Problem ist lange bekannt, dagegen vorzugehen, scheint aber schwer. Komponisten, die sich weigern, derartige Verlagsvertr\u00e4ge abzuschlie\u00dfen, werden gerne auf schwarze Listen gesetzt und von weiteren Auftr\u00e4gen ausgeschlossen. Dem Composers Club liegen schriftliche Vertr\u00e4ge von Sendern und Filmproduktionsfirmen vor, die die unerlaubte Kopplung von Kompositions- und Produktionsauftrag mit der Verpflichtung zur \u00dcbertragung der vertragsgegenst\u00e4ndlichen Werke zum Inhalt\u00a0haben.<\/p>\n<p>Der Composers Club schreibt ferner, es sei bemerkenswert, \u201edass die Praxis der Zwangsinverlagnahme von den gro\u00dfen Sendeunternehmen, auch den \u00f6ffentlich-rechtlichen Sendern, stillschweigend geduldet und teilweise auch selbst betrieben wird. Eine Umfrage unter den <span class=\"caps\">CC<\/span>-Mitgliedern im Bereich Fernsehmusik habe ergeben, dass als Voraussetzung f\u00fcr das Erhalten eines Kompositionsauftrages regelm\u00e4\u00dfig die Verlagsrechte an den Auftraggeber oder einen von ihm benannten Verlag \u00fcbertragen werden m\u00fcssen. Angesichts der Realit\u00e4t von Konkurrenz und Preisdruck m\u00fcssen sich selbst bekannte und erfolgreiche Komponisten dem wirtschaftlichen Kr\u00e4fteverh\u00e4ltnis\u00a0beugen.\u201c<\/p>\n<p>Nach Ansicht des Rechtsexperten Wilhelm Nordemann ist eine Zwangsinverlagnahme ein eindeutiger Rechtsbruch. Er f\u00fchrte zum Thema \u201eZwangsinverlagnahme im Bereich der <span class=\"caps\">TV<\/span>-Werbung\u201c im November 2003\u00a0aus:<\/p>\n<blockquote><p>\u201eSoweit der Komponist sich zur Zwangsinverlagnahme verpflichtet, ohne hierf\u00fcr eine Gegenleistung zu erhalten, ist eine solche Klausel auch sittenwidrig im Sinne von \u00a7 138 <span class=\"caps\">BGB<\/span>. In solchen F\u00e4llen liegt ein offensichtliches Missverh\u00e4ltnis zwischen Leistung und Gegenleistung vor. Auch eine verwerfliche Gesinnung des Auftraggebers kann hier ohne weiteres angenommen werden. Dies ist auch deshalb der Fall, weil der beg\u00fcnstigte Vertragsteil die wirtschaftlich schw\u00e4chere Position des anderen teils bewusst zu seinem Vorteil ausnutzt und sich gleichzeitig der Einsicht verschlie\u00dft, dass der andere Teil sich nur unter dem Zwang der Verh\u00e4ltnisse auf den ung\u00fcnstigen Vertrag\u00a0einl\u00e4sst.\u201c<\/p><\/blockquote>\n<p>Momentan arbeiten zwei Komponistenverb\u00e4nde, der Composers Club und der Deutsche Komponistenverband in vielerlei Hinsicht auf eine Ver\u00e4nderung der Situation hin, indem sie zum Beispiel das Gespr\u00e4ch mit dem Deutschen-Musikverleger-Verband suchen. Anfangs schienen diese Gespr\u00e4che allerdings noch nicht sehr Erfolg versprechend. Auch heute spricht der Musikverlegerverband immer noch von \u201eso genannter\u201c Zwangsinverlagnahme, als k\u00e4me solcherlei Verhalten nicht vor. Der Gesch\u00e4ftsf\u00fchrer des Musikverlegerverbandes, Heinz Stroh, meint jedoch auf Nachfrage, dass mittlerweile \u201edie Gespr\u00e4che in einer sehr konstruktiven Atmosph\u00e4re\u201c verliefen. \u201eZiel ist es, zu einem gemeinsamen L\u00f6sungsansatz zu gelangen.\u201c Das spricht f\u00fcr\u00a0sich.<\/p>\n<p>Ebenso aktiv geht man gegen\u00fcber der <span class=\"caps\">GEMA<\/span> in Stellung, die ja neben den Textdichtern vor allem Komponisten und Verleger zu Mitgliedern hat. Der Composers Club weist darauf hin, dass im letzten Herbst eine Diskussionsrunde unter Beteiligung von Auftragskomponisten und Verlegern ins Leben gerufen wurde. \u201eNat\u00fcrlich setzen die Komponisten gro\u00dfe Hoffnung in dieses neue Forum: Dass eine solche Runde nicht als Instrument dienen soll, Zeit zu gewinnen und die allgemeine Emp\u00f6rung kurzfristig zu beruhigen. Dass die Gemeinschaft der Verleger tats\u00e4chlich gewillt ist, Ma\u00dfnahmen gegen schwarze Schafe in ihren Reihen mitzutragen. Und dass es zu gemeinsamen, mehrheitsf\u00e4higen Antr\u00e4gen zur diesj\u00e4hrigen <span class=\"caps\">GEMA<\/span>-Mitgliederversammlung kommt, um Scheinverlegern zuk\u00fcnftig ihr Gesch\u00e4ft zu erschweren.\u201c Ein Komponist schl\u00e4gt folgendes Prozedere vor: \u201eEs w\u00e4re sch\u00f6n, wenn die <span class=\"caps\">GEMA<\/span> dagegen vorginge und dann bei erwiesenen Zwangsinverlagnahmen den Verleger vom Verteilungssystem ausschlie\u00dfen w\u00fcrde.\u201c Die Situation bleibt von Komponistenseite gegenw\u00e4rtig problematisch. Unter den gegebenen Marktbedingungen f\u00fcr Auftragskomponisten wird es schwer sein, diese Zwangsinverlagnahme-Verlagsvertr\u00e4ge nicht zu unterzeichnen. Dagegen sp\u00e4ter juristisch vorzugehen scheint ebenfalls schwierig, weil man damit inkaufnehmen muss, auf jene \u201eschwarzen Listen\u201c zu kommen und k\u00fcnftig nicht mehr angefragt zu sein. Der Deutsche Musikrat schweigt sich \u00fcbrigens zum Thema komplett aus und war zu keiner Stellungnahme bereit. Als Dachverband der Musikverb\u00e4nde k\u00f6nnte ein klares Wort von seiner Seite durchaus hilfreich\u00a0sein.<\/p>\n<hr \/>\n<ul>\n<li>Zuerst erschienen in nmz Ausgabe: \u00a0<a href=\"https:\/\/www.nmz.de\/ausgaben\/06\/3\">3\/2006 &#8211; 55. Jahrgang<\/a><\/li>\n<\/ul>\n<p>&nbsp;<\/p>\n<div class=\"shariff shariff-align-left shariff-widget-align-left\"><ul class=\"shariff-buttons theme-white orientation-horizontal buttonsize-small\"><li class=\"shariff-button mastodon shariff-nocustomcolor\" style=\"background-color:#563ACC\"><a href=\"https:\/\/s2f.kytta.dev\/?text=Wer%20sich%20weigert%2C%20kommt%20auf%20die%20schwarze%20Liste https%3A%2F%2Fwww.kritische-masse.de%2Flogbuch%2F2006%2F03%2Fwer-sich-weigert-kommt-auf-die-schwarze-liste-2%2F\" title=\"Bei Mastodon teilen\" aria-label=\"Bei Mastodon teilen\" role=\"button\" rel=\"noopener nofollow\" class=\"shariff-link\" style=\"; background-color:#6364FF; color:#6364FF\" target=\"_blank\"><span class=\"shariff-icon\" style=\"fill:#6364FF\"><svg width=\"75\" height=\"79\" viewBox=\"0 0 75 79\" fill=\"none\" xmlns=\"http:\/\/www.w3.org\/2000\/svg\"><path d=\"M37.813-.025C32.462-.058 27.114.13 21.79.598c-8.544.621-17.214 5.58-20.203 13.931C-1.12 23.318.408 32.622.465 41.65c.375 7.316.943 14.78 3.392 21.73 4.365 9.465 14.781 14.537 24.782 15.385 7.64.698 15.761-.213 22.517-4.026a54.1 54.1 0 0 0 .01-6.232c-6.855 1.316-14.101 2.609-21.049 1.074-3.883-.88-6.876-4.237-7.25-8.215-1.53-3.988 3.78-.43 5.584-.883 9.048 1.224 18.282.776 27.303-.462 7.044-.837 14.26-4.788 16.65-11.833 2.263-6.135 1.215-12.79 1.698-19.177.06-3.84.09-7.692-.262-11.52C72.596 7.844 63.223.981 53.834.684a219.453 219.453 0 0 0-16.022-.71zm11.294 12.882c5.5-.067 10.801 4.143 11.67 9.653.338 1.48.471 3 .471 4.515v21.088h-8.357c-.07-7.588.153-15.182-.131-22.765-.587-4.368-7.04-5.747-9.672-2.397-2.422 3.04-1.47 7.155-1.67 10.735v6.392h-8.307c-.146-4.996.359-10.045-.404-15.002-1.108-4.218-7.809-5.565-10.094-1.666-1.685 3.046-.712 6.634-.976 9.936v14.767h-8.354c.109-8.165-.238-16.344.215-24.5.674-5.346 5.095-10.389 10.676-10.627 4.902-.739 10.103 2.038 12.053 6.631.375 1.435 1.76 1.932 1.994.084 1.844-3.704 5.501-6.739 9.785-6.771.367-.044.735-.068 1.101-.073z\"\/><defs><linearGradient id=\"paint0_linear_549_34\" x1=\"37.0692\" y1=\"0\" x2=\"37.0692\" y2=\"79\" gradientUnits=\"userSpaceOnUse\"><stop stop-color=\"#6364FF\"\/><stop offset=\"1\" stop-color=\"#563ACC\"\/><\/linearGradient><\/defs><\/svg><\/span><span class=\"shariff-text\" style=\"color:#6364FF\">teilen<\/span>&nbsp;<\/a><\/li><li class=\"shariff-button bluesky shariff-nocustomcolor\" style=\"background-color:#84c4ff\"><a href=\"https:\/\/bsky.app\/intent\/compose?text=Wer%20sich%20weigert%2C%20kommt%20auf%20die%20schwarze%20Liste https%3A%2F%2Fwww.kritische-masse.de%2Flogbuch%2F2006%2F03%2Fwer-sich-weigert-kommt-auf-die-schwarze-liste-2%2F \" title=\"Bei Bluesky teilen\" aria-label=\"Bei Bluesky teilen\" role=\"button\" rel=\"noopener nofollow\" class=\"shariff-link\" style=\"; background-color:#0085ff; color:#0085ff\" target=\"_blank\"><span class=\"shariff-icon\" style=\"fill:#0085ff\"><svg width=\"20\" height=\"20\" version=\"1.1\" xmlns=\"http:\/\/www.w3.org\/2000\/svg\" viewBox=\"0 0 20 20\"><path class=\"st0\" d=\"M4.89,3.12c2.07,1.55,4.3,4.71,5.11,6.4.82-1.69,3.04-4.84,5.11-6.4,1.49-1.12,3.91-1.99,3.91.77,0,.55-.32,4.63-.5,5.3-.64,2.3-2.99,2.89-5.08,2.54,3.65.62,4.58,2.68,2.57,4.74-3.81,3.91-5.48-.98-5.9-2.23-.08-.23-.11-.34-.12-.25,0-.09-.04.02-.12.25-.43,1.25-2.09,6.14-5.9,2.23-2.01-2.06-1.08-4.12,2.57-4.74-2.09.36-4.44-.23-5.08-2.54-.19-.66-.5-4.74-.5-5.3,0-2.76,2.42-1.89,3.91-.77h0Z\"\/><\/svg><\/span><span class=\"shariff-text\" style=\"color:#0085ff\">teilen<\/span>&nbsp;<\/a><\/li><li class=\"shariff-button threema shariff-nocustomcolor shariff-mobile\" style=\"background-color:#4fbc24\"><a href=\"threema:\/\/compose?text=Wer%20sich%20weigert%2C%20kommt%20auf%20die%20schwarze%20Liste%20https%3A%2F%2Fwww.kritische-masse.de%2Flogbuch%2F2006%2F03%2Fwer-sich-weigert-kommt-auf-die-schwarze-liste-2%2F\" title=\"Bei Threema teilen\" aria-label=\"Bei Threema teilen\" role=\"button\" rel=\"noopener nofollow\" class=\"shariff-link\" style=\"; background-color:#1f1f1f; color:#1f1f1f\" target=\"_blank\"><span class=\"shariff-icon\" style=\"fill:#1f1f1f\"><svg width=\"32px\" height=\"20px\" xmlns=\"http:\/\/www.w3.org\/2000\/svg\" viewBox=\"0 0 32 32\"><path fill=\"#1f1f1f\" d=\"M30.8 10.9c-0.3-1.4-0.9-2.6-1.8-3.8-2-2.6-5.5-4.5-9.4-5.2-1.3-0.2-1.9-0.3-3.5-0.3s-2.2 0-3.5 0.3c-4 0.7-7.4 2.6-9.4 5.2-0.9 1.2-1.5 2.4-1.8 3.8-0.1 0.5-0.2 1.2-0.2 1.6 0 0.4 0.1 1.1 0.2 1.6 0.4 1.9 1.3 3.4 2.9 5 0.8 0.8 0.8 0.8 0.7 1.3 0 0.6-0.5 1.6-1.7 3.6-0.3 0.5-0.5 0.9-0.5 0.9 0 0.1 0.1 0.1 0.5 0 0.8-0.2 2.3-0.6 5.6-1.6 1.1-0.3 1.3-0.4 2.3-0.4 0.8 0 1.1 0 2.3 0.2 1.5 0.2 3.5 0.2 4.9 0 5.1-0.6 9.3-2.9 11.4-6.3 0.5-0.9 0.9-1.8 1.1-2.8 0.1-0.5 0.2-1.1 0.2-1.6 0-0.7-0.1-1.1-0.2-1.6-0.3-1.4 0.1 0.5 0 0zM20.6 17.3c0 0.4-0.4 0.8-0.8 0.8h-7.7c-0.4 0-0.8-0.4-0.8-0.8v-4.6c0-0.4 0.4-0.8 0.8-0.8h0.2l0-1.6c0-0.9 0-1.8 0.1-2 0.1-0.6 0.6-1.2 1.1-1.7s1.1-0.7 1.9-0.8c1.8-0.3 3.7 0.7 4.2 2.2 0.1 0.3 0.1 0.7 0.1 2.1v0 1.7h0.1c0.4 0 0.8 0.4 0.8 0.8v4.6zM15.6 7.3c-0.5 0.1-0.8 0.3-1.2 0.6s-0.6 0.8-0.7 1.3c0 0.2 0 0.8 0 1.5l0 1.2h4.6v-1.3c0-1 0-1.4-0.1-1.6-0.3-1.1-1.5-1.9-2.6-1.7zM25.8 28.2c0 1.2-1 2.2-2.1 2.2s-2.1-1-2.1-2.1c0-1.2 1-2.1 2.2-2.1s2.2 1 2.2 2.2zM18.1 28.2c0 1.2-1 2.2-2.1 2.2s-2.1-1-2.1-2.1c0-1.2 1-2.1 2.2-2.1s2.2 1 2.2 2.2zM10.4 28.2c0 1.2-1 2.2-2.1 2.2s-2.1-1-2.1-2.1c0-1.2 1-2.1 2.2-2.1s2.2 1 2.2 2.2z\"\/><\/svg><\/span><span class=\"shariff-text\" style=\"color:#1f1f1f\">teilen<\/span>&nbsp;<\/a><\/li><li class=\"shariff-button facebook shariff-nocustomcolor\" style=\"background-color:#4273c8\"><a href=\"https:\/\/www.facebook.com\/sharer\/sharer.php?u=https%3A%2F%2Fwww.kritische-masse.de%2Flogbuch%2F2006%2F03%2Fwer-sich-weigert-kommt-auf-die-schwarze-liste-2%2F\" title=\"Bei Facebook teilen\" aria-label=\"Bei Facebook teilen\" role=\"button\" rel=\"nofollow\" class=\"shariff-link\" style=\"; background-color:#3b5998; color:#3b5998\" target=\"_blank\"><span class=\"shariff-icon\" style=\"fill:#3b5998\"><svg width=\"32px\" height=\"20px\" xmlns=\"http:\/\/www.w3.org\/2000\/svg\" viewBox=\"0 0 18 32\"><path fill=\"#3b5998\" d=\"M17.1 0.2v4.7h-2.8q-1.5 0-2.1 0.6t-0.5 1.9v3.4h5.2l-0.7 5.3h-4.5v13.6h-5.5v-13.6h-4.5v-5.3h4.5v-3.9q0-3.3 1.9-5.2t5-1.8q2.6 0 4.1 0.2z\"\/><\/svg><\/span><span class=\"shariff-text\" style=\"color:#3b5998\">teilen<\/span>&nbsp;<\/a><\/li><li class=\"shariff-button info shariff-nocustomcolor\" style=\"background-color:#a8a8a8\"><a href=\"http:\/\/ct.de\/-2467514\" title=\"Weitere Informationen\" aria-label=\"Weitere Informationen\" role=\"button\" rel=\"noopener \" class=\"shariff-link\" style=\"; background-color:#999; color:#999\" target=\"_blank\"><span class=\"shariff-icon\" style=\"fill:#999\"><svg width=\"32px\" height=\"20px\" xmlns=\"http:\/\/www.w3.org\/2000\/svg\" viewBox=\"0 0 11 32\"><path fill=\"#999\" d=\"M11.4 24v2.3q0 0.5-0.3 0.8t-0.8 0.4h-9.1q-0.5 0-0.8-0.4t-0.4-0.8v-2.3q0-0.5 0.4-0.8t0.8-0.4h1.1v-6.8h-1.1q-0.5 0-0.8-0.4t-0.4-0.8v-2.3q0-0.5 0.4-0.8t0.8-0.4h6.8q0.5 0 0.8 0.4t0.4 0.8v10.3h1.1q0.5 0 0.8 0.4t0.3 0.8zM9.2 3.4v3.4q0 0.5-0.4 0.8t-0.8 0.4h-4.6q-0.4 0-0.8-0.4t-0.4-0.8v-3.4q0-0.4 0.4-0.8t0.8-0.4h4.6q0.5 0 0.8 0.4t0.4 0.8z\"\/><\/svg><\/span><\/a><\/li><\/ul><\/div>","protected":false},"excerpt":{"rendered":"<p>Zur Praxis der Zwangsinverlagnahme: Einsch\u00e4tzungen und Aussichten Gew\u00f6hnlich gilt bei Vertr\u00e4gen zwischen Partnern, dass sie gerecht sein sollen und fair. Der eine gibt etwas und der andere bekommt etwas. In der Musik ist das auch so, zum Beispiel beim Abschluss eines Verlagsvertrages zwischen Komponist und Verleger. Der Komponist komponiert ein St\u00fcck Musik und der Verlag [&hellip;]<\/p>\n<div class=\"shariff shariff-align-left shariff-widget-align-left\"><ul class=\"shariff-buttons theme-white orientation-horizontal buttonsize-small\"><li class=\"shariff-button mastodon shariff-nocustomcolor\" style=\"background-color:#563ACC\"><a href=\"https:\/\/s2f.kytta.dev\/?text=Wer%20sich%20weigert%2C%20kommt%20auf%20die%20schwarze%20Liste https%3A%2F%2Fwww.kritische-masse.de%2Flogbuch%2F2006%2F03%2Fwer-sich-weigert-kommt-auf-die-schwarze-liste-2%2F\" title=\"Bei Mastodon teilen\" aria-label=\"Bei Mastodon teilen\" role=\"button\" rel=\"noopener nofollow\" class=\"shariff-link\" style=\"; background-color:#6364FF; color:#6364FF\" target=\"_blank\"><span class=\"shariff-icon\" style=\"fill:#6364FF\"><svg width=\"75\" height=\"79\" viewBox=\"0 0 75 79\" fill=\"none\" xmlns=\"http:\/\/www.w3.org\/2000\/svg\"><path d=\"M37.813-.025C32.462-.058 27.114.13 21.79.598c-8.544.621-17.214 5.58-20.203 13.931C-1.12 23.318.408 32.622.465 41.65c.375 7.316.943 14.78 3.392 21.73 4.365 9.465 14.781 14.537 24.782 15.385 7.64.698 15.761-.213 22.517-4.026a54.1 54.1 0 0 0 .01-6.232c-6.855 1.316-14.101 2.609-21.049 1.074-3.883-.88-6.876-4.237-7.25-8.215-1.53-3.988 3.78-.43 5.584-.883 9.048 1.224 18.282.776 27.303-.462 7.044-.837 14.26-4.788 16.65-11.833 2.263-6.135 1.215-12.79 1.698-19.177.06-3.84.09-7.692-.262-11.52C72.596 7.844 63.223.981 53.834.684a219.453 219.453 0 0 0-16.022-.71zm11.294 12.882c5.5-.067 10.801 4.143 11.67 9.653.338 1.48.471 3 .471 4.515v21.088h-8.357c-.07-7.588.153-15.182-.131-22.765-.587-4.368-7.04-5.747-9.672-2.397-2.422 3.04-1.47 7.155-1.67 10.735v6.392h-8.307c-.146-4.996.359-10.045-.404-15.002-1.108-4.218-7.809-5.565-10.094-1.666-1.685 3.046-.712 6.634-.976 9.936v14.767h-8.354c.109-8.165-.238-16.344.215-24.5.674-5.346 5.095-10.389 10.676-10.627 4.902-.739 10.103 2.038 12.053 6.631.375 1.435 1.76 1.932 1.994.084 1.844-3.704 5.501-6.739 9.785-6.771.367-.044.735-.068 1.101-.073z\"\/><defs><linearGradient id=\"paint0_linear_549_34\" x1=\"37.0692\" y1=\"0\" x2=\"37.0692\" y2=\"79\" gradientUnits=\"userSpaceOnUse\"><stop stop-color=\"#6364FF\"\/><stop offset=\"1\" stop-color=\"#563ACC\"\/><\/linearGradient><\/defs><\/svg><\/span><span class=\"shariff-text\" style=\"color:#6364FF\">teilen<\/span>&nbsp;<\/a><\/li><li class=\"shariff-button bluesky shariff-nocustomcolor\" style=\"background-color:#84c4ff\"><a href=\"https:\/\/bsky.app\/intent\/compose?text=Wer%20sich%20weigert%2C%20kommt%20auf%20die%20schwarze%20Liste https%3A%2F%2Fwww.kritische-masse.de%2Flogbuch%2F2006%2F03%2Fwer-sich-weigert-kommt-auf-die-schwarze-liste-2%2F \" title=\"Bei Bluesky teilen\" aria-label=\"Bei Bluesky teilen\" role=\"button\" rel=\"noopener nofollow\" class=\"shariff-link\" style=\"; background-color:#0085ff; color:#0085ff\" target=\"_blank\"><span class=\"shariff-icon\" style=\"fill:#0085ff\"><svg width=\"20\" height=\"20\" version=\"1.1\" xmlns=\"http:\/\/www.w3.org\/2000\/svg\" viewBox=\"0 0 20 20\"><path class=\"st0\" d=\"M4.89,3.12c2.07,1.55,4.3,4.71,5.11,6.4.82-1.69,3.04-4.84,5.11-6.4,1.49-1.12,3.91-1.99,3.91.77,0,.55-.32,4.63-.5,5.3-.64,2.3-2.99,2.89-5.08,2.54,3.65.62,4.58,2.68,2.57,4.74-3.81,3.91-5.48-.98-5.9-2.23-.08-.23-.11-.34-.12-.25,0-.09-.04.02-.12.25-.43,1.25-2.09,6.14-5.9,2.23-2.01-2.06-1.08-4.12,2.57-4.74-2.09.36-4.44-.23-5.08-2.54-.19-.66-.5-4.74-.5-5.3,0-2.76,2.42-1.89,3.91-.77h0Z\"\/><\/svg><\/span><span class=\"shariff-text\" style=\"color:#0085ff\">teilen<\/span>&nbsp;<\/a><\/li><li class=\"shariff-button threema shariff-nocustomcolor shariff-mobile\" style=\"background-color:#4fbc24\"><a href=\"threema:\/\/compose?text=Wer%20sich%20weigert%2C%20kommt%20auf%20die%20schwarze%20Liste%20https%3A%2F%2Fwww.kritische-masse.de%2Flogbuch%2F2006%2F03%2Fwer-sich-weigert-kommt-auf-die-schwarze-liste-2%2F\" title=\"Bei Threema teilen\" aria-label=\"Bei Threema teilen\" role=\"button\" rel=\"noopener nofollow\" class=\"shariff-link\" style=\"; background-color:#1f1f1f; color:#1f1f1f\" target=\"_blank\"><span class=\"shariff-icon\" style=\"fill:#1f1f1f\"><svg width=\"32px\" height=\"20px\" xmlns=\"http:\/\/www.w3.org\/2000\/svg\" viewBox=\"0 0 32 32\"><path fill=\"#1f1f1f\" d=\"M30.8 10.9c-0.3-1.4-0.9-2.6-1.8-3.8-2-2.6-5.5-4.5-9.4-5.2-1.3-0.2-1.9-0.3-3.5-0.3s-2.2 0-3.5 0.3c-4 0.7-7.4 2.6-9.4 5.2-0.9 1.2-1.5 2.4-1.8 3.8-0.1 0.5-0.2 1.2-0.2 1.6 0 0.4 0.1 1.1 0.2 1.6 0.4 1.9 1.3 3.4 2.9 5 0.8 0.8 0.8 0.8 0.7 1.3 0 0.6-0.5 1.6-1.7 3.6-0.3 0.5-0.5 0.9-0.5 0.9 0 0.1 0.1 0.1 0.5 0 0.8-0.2 2.3-0.6 5.6-1.6 1.1-0.3 1.3-0.4 2.3-0.4 0.8 0 1.1 0 2.3 0.2 1.5 0.2 3.5 0.2 4.9 0 5.1-0.6 9.3-2.9 11.4-6.3 0.5-0.9 0.9-1.8 1.1-2.8 0.1-0.5 0.2-1.1 0.2-1.6 0-0.7-0.1-1.1-0.2-1.6-0.3-1.4 0.1 0.5 0 0zM20.6 17.3c0 0.4-0.4 0.8-0.8 0.8h-7.7c-0.4 0-0.8-0.4-0.8-0.8v-4.6c0-0.4 0.4-0.8 0.8-0.8h0.2l0-1.6c0-0.9 0-1.8 0.1-2 0.1-0.6 0.6-1.2 1.1-1.7s1.1-0.7 1.9-0.8c1.8-0.3 3.7 0.7 4.2 2.2 0.1 0.3 0.1 0.7 0.1 2.1v0 1.7h0.1c0.4 0 0.8 0.4 0.8 0.8v4.6zM15.6 7.3c-0.5 0.1-0.8 0.3-1.2 0.6s-0.6 0.8-0.7 1.3c0 0.2 0 0.8 0 1.5l0 1.2h4.6v-1.3c0-1 0-1.4-0.1-1.6-0.3-1.1-1.5-1.9-2.6-1.7zM25.8 28.2c0 1.2-1 2.2-2.1 2.2s-2.1-1-2.1-2.1c0-1.2 1-2.1 2.2-2.1s2.2 1 2.2 2.2zM18.1 28.2c0 1.2-1 2.2-2.1 2.2s-2.1-1-2.1-2.1c0-1.2 1-2.1 2.2-2.1s2.2 1 2.2 2.2zM10.4 28.2c0 1.2-1 2.2-2.1 2.2s-2.1-1-2.1-2.1c0-1.2 1-2.1 2.2-2.1s2.2 1 2.2 2.2z\"\/><\/svg><\/span><span class=\"shariff-text\" style=\"color:#1f1f1f\">teilen<\/span>&nbsp;<\/a><\/li><li class=\"shariff-button facebook shariff-nocustomcolor\" style=\"background-color:#4273c8\"><a href=\"https:\/\/www.facebook.com\/sharer\/sharer.php?u=https%3A%2F%2Fwww.kritische-masse.de%2Flogbuch%2F2006%2F03%2Fwer-sich-weigert-kommt-auf-die-schwarze-liste-2%2F\" title=\"Bei Facebook teilen\" aria-label=\"Bei Facebook teilen\" role=\"button\" rel=\"nofollow\" class=\"shariff-link\" style=\"; background-color:#3b5998; color:#3b5998\" target=\"_blank\"><span class=\"shariff-icon\" style=\"fill:#3b5998\"><svg width=\"32px\" height=\"20px\" xmlns=\"http:\/\/www.w3.org\/2000\/svg\" viewBox=\"0 0 18 32\"><path fill=\"#3b5998\" d=\"M17.1 0.2v4.7h-2.8q-1.5 0-2.1 0.6t-0.5 1.9v3.4h5.2l-0.7 5.3h-4.5v13.6h-5.5v-13.6h-4.5v-5.3h4.5v-3.9q0-3.3 1.9-5.2t5-1.8q2.6 0 4.1 0.2z\"\/><\/svg><\/span><span class=\"shariff-text\" style=\"color:#3b5998\">teilen<\/span>&nbsp;<\/a><\/li><li class=\"shariff-button info shariff-nocustomcolor\" style=\"background-color:#a8a8a8\"><a href=\"http:\/\/ct.de\/-2467514\" title=\"Weitere Informationen\" aria-label=\"Weitere Informationen\" role=\"button\" rel=\"noopener \" class=\"shariff-link\" style=\"; background-color:#999; color:#999\" target=\"_blank\"><span class=\"shariff-icon\" style=\"fill:#999\"><svg width=\"32px\" height=\"20px\" xmlns=\"http:\/\/www.w3.org\/2000\/svg\" viewBox=\"0 0 11 32\"><path fill=\"#999\" d=\"M11.4 24v2.3q0 0.5-0.3 0.8t-0.8 0.4h-9.1q-0.5 0-0.8-0.4t-0.4-0.8v-2.3q0-0.5 0.4-0.8t0.8-0.4h1.1v-6.8h-1.1q-0.5 0-0.8-0.4t-0.4-0.8v-2.3q0-0.5 0.4-0.8t0.8-0.4h6.8q0.5 0 0.8 0.4t0.4 0.8v10.3h1.1q0.5 0 0.8 0.4t0.3 0.8zM9.2 3.4v3.4q0 0.5-0.4 0.8t-0.8 0.4h-4.6q-0.4 0-0.8-0.4t-0.4-0.8v-3.4q0-0.4 0.4-0.8t0.8-0.4h4.6q0.5 0 0.8 0.4t0.4 0.8z\"\/><\/svg><\/span><\/a><\/li><\/ul><\/div>","protected":false},"author":1,"featured_media":2847,"comment_status":"open","ping_status":"open","sticky":false,"template":"","format":"standard","meta":{"ocean_post_layout":"","ocean_both_sidebars_style":"","ocean_both_sidebars_content_width":0,"ocean_both_sidebars_sidebars_width":0,"ocean_sidebar":"","ocean_second_sidebar":"","ocean_disable_margins":"enable","ocean_add_body_class":"","ocean_shortcode_before_top_bar":"","ocean_shortcode_after_top_bar":"","ocean_shortcode_before_header":"","ocean_shortcode_after_header":"","ocean_has_shortcode":"","ocean_shortcode_after_title":"","ocean_shortcode_before_footer_widgets":"","ocean_shortcode_after_footer_widgets":"","ocean_shortcode_before_footer_bottom":"","ocean_shortcode_after_footer_bottom":"","ocean_display_top_bar":"default","ocean_display_header":"default","ocean_header_style":"","ocean_center_header_left_menu":"","ocean_custom_header_template":"","ocean_custom_logo":0,"ocean_custom_retina_logo":0,"ocean_custom_logo_max_width":0,"ocean_custom_logo_tablet_max_width":0,"ocean_custom_logo_mobile_max_width":0,"ocean_custom_logo_max_height":0,"ocean_custom_logo_tablet_max_height":0,"ocean_custom_logo_mobile_max_height":0,"ocean_header_custom_menu":"","ocean_menu_typo_font_family":"","ocean_menu_typo_font_subset":"","ocean_menu_typo_font_size":0,"ocean_menu_typo_font_size_tablet":0,"ocean_menu_typo_font_size_mobile":0,"ocean_menu_typo_font_size_unit":"px","ocean_menu_typo_font_weight":"","ocean_menu_typo_font_weight_tablet":"","ocean_menu_typo_font_weight_mobile":"","ocean_menu_typo_transform":"","ocean_menu_typo_transform_tablet":"","ocean_menu_typo_transform_mobile":"","ocean_menu_typo_line_height":0,"ocean_menu_typo_line_height_tablet":0,"ocean_menu_typo_line_height_mobile":0,"ocean_menu_typo_line_height_unit":"","ocean_menu_typo_spacing":0,"ocean_menu_typo_spacing_tablet":0,"ocean_menu_typo_spacing_mobile":0,"ocean_menu_typo_spacing_unit":"","ocean_menu_link_color":"","ocean_menu_link_color_hover":"","ocean_menu_link_color_active":"","ocean_menu_link_background":"","ocean_menu_link_hover_background":"","ocean_menu_link_active_background":"","ocean_menu_social_links_bg":"","ocean_menu_social_hover_links_bg":"","ocean_menu_social_links_color":"","ocean_menu_social_hover_links_color":"","ocean_disable_title":"default","ocean_disable_heading":"default","ocean_post_title":"","ocean_post_subheading":"","ocean_post_title_style":"","ocean_post_title_background_color":"","ocean_post_title_background":0,"ocean_post_title_bg_image_position":"","ocean_post_title_bg_image_attachment":"","ocean_post_title_bg_image_repeat":"","ocean_post_title_bg_image_size":"","ocean_post_title_height":0,"ocean_post_title_bg_overlay":0.5,"ocean_post_title_bg_overlay_color":"","ocean_disable_breadcrumbs":"default","ocean_breadcrumbs_color":"","ocean_breadcrumbs_separator_color":"","ocean_breadcrumbs_links_color":"","ocean_breadcrumbs_links_hover_color":"","ocean_display_footer_widgets":"default","ocean_display_footer_bottom":"default","ocean_custom_footer_template":"","osh_disable_topbar_sticky":"default","osh_disable_header_sticky":"default","osh_sticky_header_style":"default","osh_sticky_header_effect":"","osh_custom_sticky_logo":0,"osh_custom_retina_sticky_logo":0,"osh_custom_sticky_logo_height":0,"osh_background_color":"","osh_links_color":"","osh_links_hover_color":"","osh_links_active_color":"","osh_links_bg_color":"","osh_links_hover_bg_color":"","osh_links_active_bg_color":"","osh_menu_social_links_color":"","osh_menu_social_hover_links_color":"","_FSMCFIC_featured_image_caption":"","_FSMCFIC_featured_image_nocaption":"","_FSMCFIC_featured_image_hide":"","_metis_text_type":"standard","_metis_text_length":9043,"_post_count":0,"_jetpack_memberships_contains_paid_content":false,"activitypub_content_warning":"","activitypub_content_visibility":"","activitypub_max_image_attachments":4,"activitypub_interaction_policy_quote":"anyone","activitypub_status":"","ocean_post_oembed":"","ocean_post_self_hosted_media":"","ocean_post_video_embed":"","ocean_link_format":"","ocean_link_format_target":"self","ocean_quote_format":"","ocean_quote_format_link":"post","ocean_gallery_link_images":"on","ocean_gallery_id":[],"footnotes":"","jetpack_publicize_message":"Wer sich weigert, kommt auf die schwarze Liste - Zur Praxis der Zwangsinverlagnahme: Einsch\u00e4tzungen und Aussichten (2006)","jetpack_publicize_feature_enabled":true,"jetpack_social_post_already_shared":true,"jetpack_social_options":{"image_generator_settings":{"template":"highway","default_image_id":0,"font":"","enabled":false},"version":2}},"categories":[2652],"tags":[3033,3034,2147,2733,2755,3035],"class_list":["post-8320","post","type-post","status-publish","format-standard","has-post-thumbnail","hentry","category-diemusik","tag-composers-club","tag-deutscher-komponistenverband","tag-gema","tag-musikverlag","tag-nmz","tag-zwangsinverlagnahme","entry","has-media"],"yoast_head":"<!-- This site is optimized with the Yoast SEO plugin v27.5 - https:\/\/yoast.com\/product\/yoast-seo-wordpress\/ -->\n<title>Wer sich weigert, kommt auf die schwarze Liste - Kritische Masse<\/title>\n<meta name=\"robots\" content=\"index, follow, max-snippet:-1, max-image-preview:large, max-video-preview:-1\" \/>\n<link rel=\"canonical\" href=\"https:\/\/www.kritische-masse.de\/logbuch\/2006\/03\/wer-sich-weigert-kommt-auf-die-schwarze-liste-2\/\" \/>\n<meta property=\"og:locale\" content=\"de_DE\" \/>\n<meta property=\"og:type\" content=\"article\" \/>\n<meta property=\"og:title\" content=\"Wer sich weigert, kommt auf die schwarze Liste - Kritische Masse\" \/>\n<meta property=\"og:description\" content=\"Zur Praxis der Zwangsinverlagnahme: Einsch\u00e4tzungen und Aussichten Gew\u00f6hnlich gilt bei Vertr\u00e4gen zwischen Partnern, dass sie gerecht sein sollen und fair. Der eine gibt etwas und der andere bekommt etwas. In der Musik ist das auch so, zum Beispiel beim Abschluss eines Verlagsvertrages zwischen Komponist und Verleger. Der Komponist komponiert ein St\u00fcck Musik und der Verlag [&hellip;]\" \/>\n<meta property=\"og:url\" content=\"https:\/\/www.kritische-masse.de\/logbuch\/2006\/03\/wer-sich-weigert-kommt-auf-die-schwarze-liste-2\/\" \/>\n<meta property=\"og:site_name\" content=\"Kritische Masse\" \/>\n<meta property=\"article:publisher\" content=\"https:\/\/www.facebook.com\/hufner\" \/>\n<meta property=\"article:author\" content=\"https:\/\/www.facebook.com\/hufner\" \/>\n<meta property=\"article:published_time\" content=\"2006-03-15T09:58:25+00:00\" \/>\n<meta name=\"author\" content=\"der huflaikhan\" \/>\n<meta name=\"twitter:label1\" content=\"Verfasst von\" \/>\n\t<meta name=\"twitter:data1\" content=\"der huflaikhan\" \/>\n\t<meta name=\"twitter:label2\" content=\"Gesch\u00e4tzte Lesezeit\" \/>\n\t<meta name=\"twitter:data2\" content=\"6\u00a0Minuten\" \/>\n<script type=\"application\/ld+json\" class=\"yoast-schema-graph\">{\"@context\":\"https:\\\/\\\/schema.org\",\"@graph\":[{\"@type\":\"Article\",\"@id\":\"https:\\\/\\\/www.kritische-masse.de\\\/logbuch\\\/2006\\\/03\\\/wer-sich-weigert-kommt-auf-die-schwarze-liste-2\\\/#article\",\"isPartOf\":{\"@id\":\"https:\\\/\\\/www.kritische-masse.de\\\/logbuch\\\/2006\\\/03\\\/wer-sich-weigert-kommt-auf-die-schwarze-liste-2\\\/\"},\"author\":{\"name\":\"der huflaikhan\",\"@id\":\"https:\\\/\\\/www.kritische-masse.de\\\/logbuch\\\/#\\\/schema\\\/person\\\/14c491f46504e7f6b79db161f76def1c\"},\"headline\":\"Wer sich weigert, kommt auf die schwarze Liste\",\"datePublished\":\"2006-03-15T09:58:25+00:00\",\"mainEntityOfPage\":{\"@id\":\"https:\\\/\\\/www.kritische-masse.de\\\/logbuch\\\/2006\\\/03\\\/wer-sich-weigert-kommt-auf-die-schwarze-liste-2\\\/\"},\"wordCount\":1327,\"commentCount\":0,\"publisher\":{\"@id\":\"https:\\\/\\\/www.kritische-masse.de\\\/logbuch\\\/#\\\/schema\\\/person\\\/14c491f46504e7f6b79db161f76def1c\"},\"image\":{\"@id\":\"https:\\\/\\\/www.kritische-masse.de\\\/logbuch\\\/2006\\\/03\\\/wer-sich-weigert-kommt-auf-die-schwarze-liste-2\\\/#primaryimage\"},\"thumbnailUrl\":\"\",\"keywords\":[\"Composers Club\",\"Deutscher Komponistenverband\",\"GEMA\",\"Musikverlag\",\"nmz\",\"Zwangsinverlagnahme\"],\"articleSection\":[\"die Musik\"],\"inLanguage\":\"de\",\"potentialAction\":[{\"@type\":\"CommentAction\",\"name\":\"Comment\",\"target\":[\"https:\\\/\\\/www.kritische-masse.de\\\/logbuch\\\/2006\\\/03\\\/wer-sich-weigert-kommt-auf-die-schwarze-liste-2\\\/#respond\"]}]},{\"@type\":\"WebPage\",\"@id\":\"https:\\\/\\\/www.kritische-masse.de\\\/logbuch\\\/2006\\\/03\\\/wer-sich-weigert-kommt-auf-die-schwarze-liste-2\\\/\",\"url\":\"https:\\\/\\\/www.kritische-masse.de\\\/logbuch\\\/2006\\\/03\\\/wer-sich-weigert-kommt-auf-die-schwarze-liste-2\\\/\",\"name\":\"Wer sich weigert, kommt auf die schwarze Liste - Kritische Masse\",\"isPartOf\":{\"@id\":\"https:\\\/\\\/www.kritische-masse.de\\\/logbuch\\\/#website\"},\"primaryImageOfPage\":{\"@id\":\"https:\\\/\\\/www.kritische-masse.de\\\/logbuch\\\/2006\\\/03\\\/wer-sich-weigert-kommt-auf-die-schwarze-liste-2\\\/#primaryimage\"},\"image\":{\"@id\":\"https:\\\/\\\/www.kritische-masse.de\\\/logbuch\\\/2006\\\/03\\\/wer-sich-weigert-kommt-auf-die-schwarze-liste-2\\\/#primaryimage\"},\"thumbnailUrl\":\"\",\"datePublished\":\"2006-03-15T09:58:25+00:00\",\"breadcrumb\":{\"@id\":\"https:\\\/\\\/www.kritische-masse.de\\\/logbuch\\\/2006\\\/03\\\/wer-sich-weigert-kommt-auf-die-schwarze-liste-2\\\/#breadcrumb\"},\"inLanguage\":\"de\",\"potentialAction\":[{\"@type\":\"ReadAction\",\"target\":[\"https:\\\/\\\/www.kritische-masse.de\\\/logbuch\\\/2006\\\/03\\\/wer-sich-weigert-kommt-auf-die-schwarze-liste-2\\\/\"]}]},{\"@type\":\"ImageObject\",\"inLanguage\":\"de\",\"@id\":\"https:\\\/\\\/www.kritische-masse.de\\\/logbuch\\\/2006\\\/03\\\/wer-sich-weigert-kommt-auf-die-schwarze-liste-2\\\/#primaryimage\",\"url\":\"\",\"contentUrl\":\"\"},{\"@type\":\"BreadcrumbList\",\"@id\":\"https:\\\/\\\/www.kritische-masse.de\\\/logbuch\\\/2006\\\/03\\\/wer-sich-weigert-kommt-auf-die-schwarze-liste-2\\\/#breadcrumb\",\"itemListElement\":[{\"@type\":\"ListItem\",\"position\":1,\"name\":\"Startseite\",\"item\":\"https:\\\/\\\/www.kritische-masse.de\\\/logbuch\\\/\"},{\"@type\":\"ListItem\",\"position\":2,\"name\":\"Wer sich weigert, kommt auf die schwarze Liste\"}]},{\"@type\":\"WebSite\",\"@id\":\"https:\\\/\\\/www.kritische-masse.de\\\/logbuch\\\/#website\",\"url\":\"https:\\\/\\\/www.kritische-masse.de\\\/logbuch\\\/\",\"name\":\"kritische masse\",\"description\":\"amt f\u00fcr vermassungsschutz\",\"publisher\":{\"@id\":\"https:\\\/\\\/www.kritische-masse.de\\\/logbuch\\\/#\\\/schema\\\/person\\\/14c491f46504e7f6b79db161f76def1c\"},\"alternateName\":\"das logbuch der kritischen masse\",\"potentialAction\":[{\"@type\":\"SearchAction\",\"target\":{\"@type\":\"EntryPoint\",\"urlTemplate\":\"https:\\\/\\\/www.kritische-masse.de\\\/logbuch\\\/?s={search_term_string}\"},\"query-input\":{\"@type\":\"PropertyValueSpecification\",\"valueRequired\":true,\"valueName\":\"search_term_string\"}}],\"inLanguage\":\"de\"},{\"@type\":[\"Person\",\"Organization\"],\"@id\":\"https:\\\/\\\/www.kritische-masse.de\\\/logbuch\\\/#\\\/schema\\\/person\\\/14c491f46504e7f6b79db161f76def1c\",\"name\":\"der huflaikhan\",\"image\":{\"@type\":\"ImageObject\",\"inLanguage\":\"de\",\"@id\":\"https:\\\/\\\/www.kritische-masse.de\\\/logbuch\\\/wp-content\\\/uploads\\\/2024\\\/01\\\/cropped-kritischmasse_man_512.jpg\",\"url\":\"https:\\\/\\\/www.kritische-masse.de\\\/logbuch\\\/wp-content\\\/uploads\\\/2024\\\/01\\\/cropped-kritischmasse_man_512.jpg\",\"contentUrl\":\"https:\\\/\\\/www.kritische-masse.de\\\/logbuch\\\/wp-content\\\/uploads\\\/2024\\\/01\\\/cropped-kritischmasse_man_512.jpg\",\"width\":512,\"height\":512,\"caption\":\"der huflaikhan\"},\"logo\":{\"@id\":\"https:\\\/\\\/www.kritische-masse.de\\\/logbuch\\\/wp-content\\\/uploads\\\/2024\\\/01\\\/cropped-kritischmasse_man_512.jpg\"},\"description\":\"Betreiber der Kritischen Masse seit 1995. Seit 2023 Wiederaufnahme. Promotion mit einer Arbeit \u00fcber Adornos kompositorische und theoretische Auseinandersetzung mit der Zw\u00f6lftontechnik. Arbeit f\u00fcr den Bayerischen und den Mitteldeutschen Rundfunk als freier Autor und Regisseur \u2013 zumindest bis Ende 2015. Online-Redaktion f\u00fcr neue musikzeitung, Jazzzeitung und Oper &amp; Tanz. Ungl\u00fccklich, aber fast taub.\",\"sameAs\":[\"https:\\\/\\\/www.kritische-masse.de\\\/logbuch\\\/\",\"https:\\\/\\\/www.facebook.com\\\/hufner\"],\"url\":\"https:\\\/\\\/www.kritische-masse.de\\\/logbuch\\\/author\\\/martin_d1juqiu5\\\/\"}]}<\/script>\n<!-- \/ Yoast SEO plugin. -->","yoast_head_json":{"title":"Wer sich weigert, kommt auf die schwarze Liste - Kritische Masse","robots":{"index":"index","follow":"follow","max-snippet":"max-snippet:-1","max-image-preview":"max-image-preview:large","max-video-preview":"max-video-preview:-1"},"canonical":"https:\/\/www.kritische-masse.de\/logbuch\/2006\/03\/wer-sich-weigert-kommt-auf-die-schwarze-liste-2\/","og_locale":"de_DE","og_type":"article","og_title":"Wer sich weigert, kommt auf die schwarze Liste - Kritische Masse","og_description":"Zur Praxis der Zwangsinverlagnahme: Einsch\u00e4tzungen und Aussichten Gew\u00f6hnlich gilt bei Vertr\u00e4gen zwischen Partnern, dass sie gerecht sein sollen und fair. Der eine gibt etwas und der andere bekommt etwas. In der Musik ist das auch so, zum Beispiel beim Abschluss eines Verlagsvertrages zwischen Komponist und Verleger. Der Komponist komponiert ein St\u00fcck Musik und der Verlag [&hellip;]","og_url":"https:\/\/www.kritische-masse.de\/logbuch\/2006\/03\/wer-sich-weigert-kommt-auf-die-schwarze-liste-2\/","og_site_name":"Kritische Masse","article_publisher":"https:\/\/www.facebook.com\/hufner","article_author":"https:\/\/www.facebook.com\/hufner","article_published_time":"2006-03-15T09:58:25+00:00","author":"der huflaikhan","twitter_misc":{"Verfasst von":"der huflaikhan","Gesch\u00e4tzte Lesezeit":"6\u00a0Minuten"},"schema":{"@context":"https:\/\/schema.org","@graph":[{"@type":"Article","@id":"https:\/\/www.kritische-masse.de\/logbuch\/2006\/03\/wer-sich-weigert-kommt-auf-die-schwarze-liste-2\/#article","isPartOf":{"@id":"https:\/\/www.kritische-masse.de\/logbuch\/2006\/03\/wer-sich-weigert-kommt-auf-die-schwarze-liste-2\/"},"author":{"name":"der huflaikhan","@id":"https:\/\/www.kritische-masse.de\/logbuch\/#\/schema\/person\/14c491f46504e7f6b79db161f76def1c"},"headline":"Wer sich weigert, kommt auf die schwarze Liste","datePublished":"2006-03-15T09:58:25+00:00","mainEntityOfPage":{"@id":"https:\/\/www.kritische-masse.de\/logbuch\/2006\/03\/wer-sich-weigert-kommt-auf-die-schwarze-liste-2\/"},"wordCount":1327,"commentCount":0,"publisher":{"@id":"https:\/\/www.kritische-masse.de\/logbuch\/#\/schema\/person\/14c491f46504e7f6b79db161f76def1c"},"image":{"@id":"https:\/\/www.kritische-masse.de\/logbuch\/2006\/03\/wer-sich-weigert-kommt-auf-die-schwarze-liste-2\/#primaryimage"},"thumbnailUrl":"","keywords":["Composers Club","Deutscher Komponistenverband","GEMA","Musikverlag","nmz","Zwangsinverlagnahme"],"articleSection":["die Musik"],"inLanguage":"de","potentialAction":[{"@type":"CommentAction","name":"Comment","target":["https:\/\/www.kritische-masse.de\/logbuch\/2006\/03\/wer-sich-weigert-kommt-auf-die-schwarze-liste-2\/#respond"]}]},{"@type":"WebPage","@id":"https:\/\/www.kritische-masse.de\/logbuch\/2006\/03\/wer-sich-weigert-kommt-auf-die-schwarze-liste-2\/","url":"https:\/\/www.kritische-masse.de\/logbuch\/2006\/03\/wer-sich-weigert-kommt-auf-die-schwarze-liste-2\/","name":"Wer sich weigert, kommt auf die schwarze Liste - Kritische Masse","isPartOf":{"@id":"https:\/\/www.kritische-masse.de\/logbuch\/#website"},"primaryImageOfPage":{"@id":"https:\/\/www.kritische-masse.de\/logbuch\/2006\/03\/wer-sich-weigert-kommt-auf-die-schwarze-liste-2\/#primaryimage"},"image":{"@id":"https:\/\/www.kritische-masse.de\/logbuch\/2006\/03\/wer-sich-weigert-kommt-auf-die-schwarze-liste-2\/#primaryimage"},"thumbnailUrl":"","datePublished":"2006-03-15T09:58:25+00:00","breadcrumb":{"@id":"https:\/\/www.kritische-masse.de\/logbuch\/2006\/03\/wer-sich-weigert-kommt-auf-die-schwarze-liste-2\/#breadcrumb"},"inLanguage":"de","potentialAction":[{"@type":"ReadAction","target":["https:\/\/www.kritische-masse.de\/logbuch\/2006\/03\/wer-sich-weigert-kommt-auf-die-schwarze-liste-2\/"]}]},{"@type":"ImageObject","inLanguage":"de","@id":"https:\/\/www.kritische-masse.de\/logbuch\/2006\/03\/wer-sich-weigert-kommt-auf-die-schwarze-liste-2\/#primaryimage","url":"","contentUrl":""},{"@type":"BreadcrumbList","@id":"https:\/\/www.kritische-masse.de\/logbuch\/2006\/03\/wer-sich-weigert-kommt-auf-die-schwarze-liste-2\/#breadcrumb","itemListElement":[{"@type":"ListItem","position":1,"name":"Startseite","item":"https:\/\/www.kritische-masse.de\/logbuch\/"},{"@type":"ListItem","position":2,"name":"Wer sich weigert, kommt auf die schwarze Liste"}]},{"@type":"WebSite","@id":"https:\/\/www.kritische-masse.de\/logbuch\/#website","url":"https:\/\/www.kritische-masse.de\/logbuch\/","name":"kritische masse","description":"amt f\u00fcr vermassungsschutz","publisher":{"@id":"https:\/\/www.kritische-masse.de\/logbuch\/#\/schema\/person\/14c491f46504e7f6b79db161f76def1c"},"alternateName":"das logbuch der kritischen masse","potentialAction":[{"@type":"SearchAction","target":{"@type":"EntryPoint","urlTemplate":"https:\/\/www.kritische-masse.de\/logbuch\/?s={search_term_string}"},"query-input":{"@type":"PropertyValueSpecification","valueRequired":true,"valueName":"search_term_string"}}],"inLanguage":"de"},{"@type":["Person","Organization"],"@id":"https:\/\/www.kritische-masse.de\/logbuch\/#\/schema\/person\/14c491f46504e7f6b79db161f76def1c","name":"der huflaikhan","image":{"@type":"ImageObject","inLanguage":"de","@id":"https:\/\/www.kritische-masse.de\/logbuch\/wp-content\/uploads\/2024\/01\/cropped-kritischmasse_man_512.jpg","url":"https:\/\/www.kritische-masse.de\/logbuch\/wp-content\/uploads\/2024\/01\/cropped-kritischmasse_man_512.jpg","contentUrl":"https:\/\/www.kritische-masse.de\/logbuch\/wp-content\/uploads\/2024\/01\/cropped-kritischmasse_man_512.jpg","width":512,"height":512,"caption":"der huflaikhan"},"logo":{"@id":"https:\/\/www.kritische-masse.de\/logbuch\/wp-content\/uploads\/2024\/01\/cropped-kritischmasse_man_512.jpg"},"description":"Betreiber der Kritischen Masse seit 1995. Seit 2023 Wiederaufnahme. Promotion mit einer Arbeit \u00fcber Adornos kompositorische und theoretische Auseinandersetzung mit der Zw\u00f6lftontechnik. Arbeit f\u00fcr den Bayerischen und den Mitteldeutschen Rundfunk als freier Autor und Regisseur \u2013 zumindest bis Ende 2015. Online-Redaktion f\u00fcr neue musikzeitung, Jazzzeitung und Oper &amp; Tanz. Ungl\u00fccklich, aber fast taub.","sameAs":["https:\/\/www.kritische-masse.de\/logbuch\/","https:\/\/www.facebook.com\/hufner"],"url":"https:\/\/www.kritische-masse.de\/logbuch\/author\/martin_d1juqiu5\/"}]}},"jetpack_publicize_connections":[],"jetpack_featured_media_url":"","categories_names":["die Musik"],"post_class":[["post-8320","post","type-post","status-publish","format-standard","has-post-thumbnail","hentry","category-diemusik","tag-composers-club","tag-deutscher-komponistenverband","tag-gema","tag-musikverlag","tag-nmz","tag-zwangsinverlagnahme","entry","has-media"]],"author_avatar":["<img alt='' src='https:\/\/secure.gravatar.com\/avatar\/c23aee426d58e69f14ef471114d4cac215eec702ee1bc331e2a62ea77e96ed60?s=96&#038;d=blank&#038;r=g' srcset='https:\/\/secure.gravatar.com\/avatar\/c23aee426d58e69f14ef471114d4cac215eec702ee1bc331e2a62ea77e96ed60?s=192&#038;d=blank&#038;r=g 2x' class='avatar avatar-96 photo' height='96' width='96' loading='lazy' decoding='async'\/>"],"featured_video":null,"jetpack-related-posts":[{"id":1666,"url":"https:\/\/www.kritische-masse.de\/logbuch\/2006\/03\/wer-sich-weigert-kommt-auf-die-schwarze-liste\/","url_meta":{"origin":8320,"position":0},"title":"Wer sich weigert, kommt auf die schwarze Liste","author":"huflaikhan","date":"14. M\u00e4rz 2006","format":false,"excerpt":"In der letzten nmz hat man mich auf ein unerfreuliches Thema losgelassen: Zwangsinverlagnahme. Wer sich weigert, kommt auf die schwarze Liste Zur Praxis der Zwangsinverlagnahme: Einsch\u00e4tzungen und Aussichten Gew\u00f6hnlich gilt bei Vertr\u00e4gen zwischen Partnern, dass sie gerecht sein sollen und fair. Der eine gibt etwas und der andere bekommt etwas.\u2026","rel":"","context":"\u00c4hnlicher Beitrag","block_context":{"text":"\u00c4hnlicher Beitrag","link":""},"img":{"alt_text":"","src":"","width":0,"height":0},"classes":[]},{"id":322,"url":"https:\/\/www.kritische-masse.de\/logbuch\/2004\/02\/taktlos-74-noten-noeten-die-zukunft-der-musikverlage\/","url_meta":{"origin":8320,"position":1},"title":"taktlos &#8211; # 74 Noten in N\u00f6ten &#8211; Die Zukunft der Musikverlage","author":"huflaikhan","date":"5. Februar 2004","format":false,"excerpt":"Noten in N\u00f6ten hei\u00dft die aktuelle Ausgabe von taktlos, dem musikmagazin der neuen musikzeitung und des bayerischen rundfunks. Eine sehr lebendige Sendung mit Daniela Zimmer (Musikalienh\u00e4ndlerin), Tobias PM Schneid (Komponist), Reinhard Flender (Peer Musik Verlag) und Wolf-Dieter Seiffert (Henle Verlag M\u00fcnchen). Ich kann - obwohl beteiligt (dazu sp\u00e4ter) - das\u2026","rel":"","context":"\u00c4hnlicher Beitrag","block_context":{"text":"\u00c4hnlicher Beitrag","link":""},"img":{"alt_text":"","src":"","width":0,"height":0},"classes":[]},{"id":18355,"url":"https:\/\/www.kritische-masse.de\/logbuch\/2026\/04\/verlage-im-aufsichtsrat-der-gema-ohne-e-musik\/","url_meta":{"origin":8320,"position":2},"title":"Verlage im Aufsichtsrat der GEMA \u2013 Ohne E-Musik","author":"der huflaikhan","date":"27. April 2026","format":false,"excerpt":"Durch einen Faktencheck habe ich leider feststellen m\u00fcssen, dass im Bereich der E-Musik im Aufsichtsrat der GEMA mittlerweile keine E-Musik-Verlage mehr vertreten sind, die sich vor allem durch E-Musik-Aktivit\u00e4ten ausgezeichnet haben. Im Aufsichtsrat sitzt statt Boosey & Hawkes und Sikorski nun vielmehr die Dachmarke Concord, bei der das Gesch\u00e4ft mit\u2026","rel":"","context":"In &quot;die Kunst&quot;","block_context":{"text":"die Kunst","link":"https:\/\/www.kritische-masse.de\/logbuch\/category\/angriffauf\/die-kunst\/"},"img":{"alt_text":"","src":"","width":0,"height":0},"classes":[]},{"id":8246,"url":"https:\/\/www.kritische-masse.de\/logbuch\/2004\/06\/musikverlage-jammern-wieder-2\/","url_meta":{"origin":8320,"position":3},"title":"Musikverlage jammern wieder","author":"der huflaikhan","date":"25. Juni 2004","format":false,"excerpt":"Man hat sie schon fast vergessen, die Musikverlage und -verleger. Anl\u00e4sslich der Jahresversammlung ihres Verbandes. Musikverleger schlagen Alarm: Erst die CD, jetzt die Noten - Millionen von Musikst\u00fccken werden illegal kopiert und heruntergeladen! W\u00e4hrend Musikst\u00fccke h\u00e4ufig illegal gebrannt bzw. aus dem Internet heruntergeladen werden, kopieren viele Ch\u00f6re und Orchester ihre\u2026","rel":"","context":"In &quot;die Musik&quot;","block_context":{"text":"die Musik","link":"https:\/\/www.kritische-masse.de\/logbuch\/category\/angriffauf\/diemusik\/"},"img":{"alt_text":"","src":"","width":0,"height":0},"classes":[]},{"id":493,"url":"https:\/\/www.kritische-masse.de\/logbuch\/2004\/06\/musikverlage-jammern-wieder\/","url_meta":{"origin":8320,"position":4},"title":"Musikverlage jammern wieder","author":"huflaikhan","date":"25. Juni 2004","format":false,"excerpt":"Man hat sie schon fast vergessen, die Musikverlage und -verleger. Anl\u00e4sslich der Jahresversammlung ihres Verbandes. Musikverleger schlagen Alarm: Erst die CD, jetzt die Noten - Millionen von Musikst\u00fccken werden illegal kopiert und heruntergeladen! W\u00e4hrend Musikst\u00fccke h\u00e4ufig illegal gebrannt bzw. aus dem Internet heruntergeladen werden, kopieren viele Ch\u00f6re und Orchester ihre\u2026","rel":"","context":"Mit 3 Kommentaren","block_context":{"text":"Mit 3 Kommentaren","link":"https:\/\/www.kritische-masse.de\/logbuch\/2004\/06\/musikverlage-jammern-wieder\/#comments"},"img":{"alt_text":"","src":"","width":0,"height":0},"classes":[]},{"id":1756,"url":"https:\/\/www.kritische-masse.de\/logbuch\/2006\/05\/konzentration-im-musikmarkt-impala-warnt\/","url_meta":{"origin":8320,"position":5},"title":"Konzentration im Musikmarkt, IMPALA warnt","author":"huflaikhan","date":"31. Mai 2006","format":false,"excerpt":"Die Impala (der internationale Wirtschaftsverband, der die Interessen unabh\u00e4ngiger Plattenfirmen und Musikverlage vertritt), warnt vor einer Fusion von Warner und EMI und bef\u00fcrchtet ein Ausbluten der Musikindustriemusik. \u201eEine m\u00f6gliche EMI\/Warner-Fusion wird dazu f\u00fchren, dass wieder Tausende von Acts fallen gelassen werden. Das auf dem Markt verf\u00fcgbare Musikrepertoire wird dadurch weiter\u2026","rel":"","context":"In \"Fusionen\"","block_context":{"text":"Fusionen","link":"https:\/\/www.kritische-masse.de\/logbuch\/tag\/fusionen\/"},"img":{"alt_text":"","src":"","width":0,"height":0},"classes":[]}],"jetpack_sharing_enabled":true,"_links":{"self":[{"href":"https:\/\/www.kritische-masse.de\/logbuch\/wp-json\/wp\/v2\/posts\/8320","targetHints":{"allow":["GET"]}}],"collection":[{"href":"https:\/\/www.kritische-masse.de\/logbuch\/wp-json\/wp\/v2\/posts"}],"about":[{"href":"https:\/\/www.kritische-masse.de\/logbuch\/wp-json\/wp\/v2\/types\/post"}],"author":[{"embeddable":true,"href":"https:\/\/www.kritische-masse.de\/logbuch\/wp-json\/wp\/v2\/users\/1"}],"replies":[{"embeddable":true,"href":"https:\/\/www.kritische-masse.de\/logbuch\/wp-json\/wp\/v2\/comments?post=8320"}],"version-history":[{"count":0,"href":"https:\/\/www.kritische-masse.de\/logbuch\/wp-json\/wp\/v2\/posts\/8320\/revisions"}],"wp:featuredmedia":[{"embeddable":true,"href":"https:\/\/www.kritische-masse.de\/logbuch\/wp-json\/wp\/v2\/posts\/2847"}],"wp:attachment":[{"href":"https:\/\/www.kritische-masse.de\/logbuch\/wp-json\/wp\/v2\/media?parent=8320"}],"wp:term":[{"taxonomy":"category","embeddable":true,"href":"https:\/\/www.kritische-masse.de\/logbuch\/wp-json\/wp\/v2\/categories?post=8320"},{"taxonomy":"post_tag","embeddable":true,"href":"https:\/\/www.kritische-masse.de\/logbuch\/wp-json\/wp\/v2\/tags?post=8320"}],"curies":[{"name":"wp","href":"https:\/\/api.w.org\/{rel}","templated":true}]}}