{"id":8362,"date":"2009-06-19T12:09:49","date_gmt":"2009-06-19T10:09:49","guid":{"rendered":"https:\/\/musikunrat.de\/?p=1054"},"modified":"2009-06-19T12:09:49","modified_gmt":"2009-06-19T10:09:49","slug":"popkomm-auf-verschiebebahnhof-hat-sich-die-musikindustrie-verpoppt-2","status":"publish","type":"post","link":"https:\/\/www.kritische-masse.de\/logbuch\/2009\/06\/popkomm-auf-verschiebebahnhof-hat-sich-die-musikindustrie-verpoppt-2\/","title":{"rendered":"Popkomm auf Verschiebebahnhof: Hat sich die Musikindustrie verpoppt?"},"content":{"rendered":"<div class=\"shariff shariff-align-left shariff-widget-align-left\"><ul class=\"shariff-buttons theme-white orientation-horizontal buttonsize-small\"><li class=\"shariff-button mastodon shariff-nocustomcolor\" style=\"background-color:#563ACC\"><a href=\"https:\/\/s2f.kytta.dev\/?text=Popkomm%20auf%20Verschiebebahnhof%3A%20Hat%20sich%20die%20Musikindustrie%20verpoppt%3F https%3A%2F%2Fwww.kritische-masse.de%2Flogbuch%2F2009%2F06%2Fpopkomm-auf-verschiebebahnhof-hat-sich-die-musikindustrie-verpoppt-2%2F\" title=\"Bei Mastodon teilen\" aria-label=\"Bei Mastodon teilen\" role=\"button\" rel=\"noopener nofollow\" class=\"shariff-link\" style=\"; background-color:#6364FF; color:#6364FF\" target=\"_blank\"><span class=\"shariff-icon\" style=\"fill:#6364FF\"><svg width=\"75\" height=\"79\" viewBox=\"0 0 75 79\" fill=\"none\" xmlns=\"http:\/\/www.w3.org\/2000\/svg\"><path d=\"M37.813-.025C32.462-.058 27.114.13 21.79.598c-8.544.621-17.214 5.58-20.203 13.931C-1.12 23.318.408 32.622.465 41.65c.375 7.316.943 14.78 3.392 21.73 4.365 9.465 14.781 14.537 24.782 15.385 7.64.698 15.761-.213 22.517-4.026a54.1 54.1 0 0 0 .01-6.232c-6.855 1.316-14.101 2.609-21.049 1.074-3.883-.88-6.876-4.237-7.25-8.215-1.53-3.988 3.78-.43 5.584-.883 9.048 1.224 18.282.776 27.303-.462 7.044-.837 14.26-4.788 16.65-11.833 2.263-6.135 1.215-12.79 1.698-19.177.06-3.84.09-7.692-.262-11.52C72.596 7.844 63.223.981 53.834.684a219.453 219.453 0 0 0-16.022-.71zm11.294 12.882c5.5-.067 10.801 4.143 11.67 9.653.338 1.48.471 3 .471 4.515v21.088h-8.357c-.07-7.588.153-15.182-.131-22.765-.587-4.368-7.04-5.747-9.672-2.397-2.422 3.04-1.47 7.155-1.67 10.735v6.392h-8.307c-.146-4.996.359-10.045-.404-15.002-1.108-4.218-7.809-5.565-10.094-1.666-1.685 3.046-.712 6.634-.976 9.936v14.767h-8.354c.109-8.165-.238-16.344.215-24.5.674-5.346 5.095-10.389 10.676-10.627 4.902-.739 10.103 2.038 12.053 6.631.375 1.435 1.76 1.932 1.994.084 1.844-3.704 5.501-6.739 9.785-6.771.367-.044.735-.068 1.101-.073z\"\/><defs><linearGradient id=\"paint0_linear_549_34\" x1=\"37.0692\" y1=\"0\" x2=\"37.0692\" y2=\"79\" gradientUnits=\"userSpaceOnUse\"><stop stop-color=\"#6364FF\"\/><stop offset=\"1\" stop-color=\"#563ACC\"\/><\/linearGradient><\/defs><\/svg><\/span><span class=\"shariff-text\" style=\"color:#6364FF\">teilen<\/span>&nbsp;<\/a><\/li><li class=\"shariff-button bluesky shariff-nocustomcolor\" style=\"background-color:#84c4ff\"><a href=\"https:\/\/bsky.app\/intent\/compose?text=Popkomm%20auf%20Verschiebebahnhof%3A%20Hat%20sich%20die%20Musikindustrie%20verpoppt%3F https%3A%2F%2Fwww.kritische-masse.de%2Flogbuch%2F2009%2F06%2Fpopkomm-auf-verschiebebahnhof-hat-sich-die-musikindustrie-verpoppt-2%2F \" title=\"Bei Bluesky teilen\" aria-label=\"Bei Bluesky teilen\" role=\"button\" rel=\"noopener nofollow\" class=\"shariff-link\" style=\"; background-color:#0085ff; color:#0085ff\" target=\"_blank\"><span class=\"shariff-icon\" style=\"fill:#0085ff\"><svg width=\"20\" height=\"20\" version=\"1.1\" xmlns=\"http:\/\/www.w3.org\/2000\/svg\" viewBox=\"0 0 20 20\"><path class=\"st0\" d=\"M4.89,3.12c2.07,1.55,4.3,4.71,5.11,6.4.82-1.69,3.04-4.84,5.11-6.4,1.49-1.12,3.91-1.99,3.91.77,0,.55-.32,4.63-.5,5.3-.64,2.3-2.99,2.89-5.08,2.54,3.65.62,4.58,2.68,2.57,4.74-3.81,3.91-5.48-.98-5.9-2.23-.08-.23-.11-.34-.12-.25,0-.09-.04.02-.12.25-.43,1.25-2.09,6.14-5.9,2.23-2.01-2.06-1.08-4.12,2.57-4.74-2.09.36-4.44-.23-5.08-2.54-.19-.66-.5-4.74-.5-5.3,0-2.76,2.42-1.89,3.91-.77h0Z\"\/><\/svg><\/span><span class=\"shariff-text\" style=\"color:#0085ff\">teilen<\/span>&nbsp;<\/a><\/li><li class=\"shariff-button threema shariff-nocustomcolor shariff-mobile\" style=\"background-color:#4fbc24\"><a href=\"threema:\/\/compose?text=Popkomm%20auf%20Verschiebebahnhof%3A%20Hat%20sich%20die%20Musikindustrie%20verpoppt%3F%20https%3A%2F%2Fwww.kritische-masse.de%2Flogbuch%2F2009%2F06%2Fpopkomm-auf-verschiebebahnhof-hat-sich-die-musikindustrie-verpoppt-2%2F\" title=\"Bei Threema teilen\" aria-label=\"Bei Threema teilen\" role=\"button\" rel=\"noopener nofollow\" class=\"shariff-link\" style=\"; background-color:#1f1f1f; color:#1f1f1f\" target=\"_blank\"><span class=\"shariff-icon\" style=\"fill:#1f1f1f\"><svg width=\"32px\" height=\"20px\" xmlns=\"http:\/\/www.w3.org\/2000\/svg\" viewBox=\"0 0 32 32\"><path fill=\"#1f1f1f\" d=\"M30.8 10.9c-0.3-1.4-0.9-2.6-1.8-3.8-2-2.6-5.5-4.5-9.4-5.2-1.3-0.2-1.9-0.3-3.5-0.3s-2.2 0-3.5 0.3c-4 0.7-7.4 2.6-9.4 5.2-0.9 1.2-1.5 2.4-1.8 3.8-0.1 0.5-0.2 1.2-0.2 1.6 0 0.4 0.1 1.1 0.2 1.6 0.4 1.9 1.3 3.4 2.9 5 0.8 0.8 0.8 0.8 0.7 1.3 0 0.6-0.5 1.6-1.7 3.6-0.3 0.5-0.5 0.9-0.5 0.9 0 0.1 0.1 0.1 0.5 0 0.8-0.2 2.3-0.6 5.6-1.6 1.1-0.3 1.3-0.4 2.3-0.4 0.8 0 1.1 0 2.3 0.2 1.5 0.2 3.5 0.2 4.9 0 5.1-0.6 9.3-2.9 11.4-6.3 0.5-0.9 0.9-1.8 1.1-2.8 0.1-0.5 0.2-1.1 0.2-1.6 0-0.7-0.1-1.1-0.2-1.6-0.3-1.4 0.1 0.5 0 0zM20.6 17.3c0 0.4-0.4 0.8-0.8 0.8h-7.7c-0.4 0-0.8-0.4-0.8-0.8v-4.6c0-0.4 0.4-0.8 0.8-0.8h0.2l0-1.6c0-0.9 0-1.8 0.1-2 0.1-0.6 0.6-1.2 1.1-1.7s1.1-0.7 1.9-0.8c1.8-0.3 3.7 0.7 4.2 2.2 0.1 0.3 0.1 0.7 0.1 2.1v0 1.7h0.1c0.4 0 0.8 0.4 0.8 0.8v4.6zM15.6 7.3c-0.5 0.1-0.8 0.3-1.2 0.6s-0.6 0.8-0.7 1.3c0 0.2 0 0.8 0 1.5l0 1.2h4.6v-1.3c0-1 0-1.4-0.1-1.6-0.3-1.1-1.5-1.9-2.6-1.7zM25.8 28.2c0 1.2-1 2.2-2.1 2.2s-2.1-1-2.1-2.1c0-1.2 1-2.1 2.2-2.1s2.2 1 2.2 2.2zM18.1 28.2c0 1.2-1 2.2-2.1 2.2s-2.1-1-2.1-2.1c0-1.2 1-2.1 2.2-2.1s2.2 1 2.2 2.2zM10.4 28.2c0 1.2-1 2.2-2.1 2.2s-2.1-1-2.1-2.1c0-1.2 1-2.1 2.2-2.1s2.2 1 2.2 2.2z\"\/><\/svg><\/span><span class=\"shariff-text\" style=\"color:#1f1f1f\">teilen<\/span>&nbsp;<\/a><\/li><li class=\"shariff-button facebook shariff-nocustomcolor\" style=\"background-color:#4273c8\"><a href=\"https:\/\/www.facebook.com\/sharer\/sharer.php?u=https%3A%2F%2Fwww.kritische-masse.de%2Flogbuch%2F2009%2F06%2Fpopkomm-auf-verschiebebahnhof-hat-sich-die-musikindustrie-verpoppt-2%2F\" title=\"Bei Facebook teilen\" aria-label=\"Bei Facebook teilen\" role=\"button\" rel=\"nofollow\" class=\"shariff-link\" style=\"; background-color:#3b5998; color:#3b5998\" target=\"_blank\"><span class=\"shariff-icon\" style=\"fill:#3b5998\"><svg width=\"32px\" height=\"20px\" xmlns=\"http:\/\/www.w3.org\/2000\/svg\" viewBox=\"0 0 18 32\"><path fill=\"#3b5998\" d=\"M17.1 0.2v4.7h-2.8q-1.5 0-2.1 0.6t-0.5 1.9v3.4h5.2l-0.7 5.3h-4.5v13.6h-5.5v-13.6h-4.5v-5.3h4.5v-3.9q0-3.3 1.9-5.2t5-1.8q2.6 0 4.1 0.2z\"\/><\/svg><\/span><span class=\"shariff-text\" style=\"color:#3b5998\">teilen<\/span>&nbsp;<\/a><\/li><li class=\"shariff-button info shariff-nocustomcolor\" style=\"background-color:#a8a8a8\"><a href=\"http:\/\/ct.de\/-2467514\" title=\"Weitere Informationen\" aria-label=\"Weitere Informationen\" role=\"button\" rel=\"noopener \" class=\"shariff-link\" style=\"; background-color:#999; color:#999\" target=\"_blank\"><span class=\"shariff-icon\" style=\"fill:#999\"><svg width=\"32px\" height=\"20px\" xmlns=\"http:\/\/www.w3.org\/2000\/svg\" viewBox=\"0 0 11 32\"><path fill=\"#999\" d=\"M11.4 24v2.3q0 0.5-0.3 0.8t-0.8 0.4h-9.1q-0.5 0-0.8-0.4t-0.4-0.8v-2.3q0-0.5 0.4-0.8t0.8-0.4h1.1v-6.8h-1.1q-0.5 0-0.8-0.4t-0.4-0.8v-2.3q0-0.5 0.4-0.8t0.8-0.4h6.8q0.5 0 0.8 0.4t0.4 0.8v10.3h1.1q0.5 0 0.8 0.4t0.3 0.8zM9.2 3.4v3.4q0 0.5-0.4 0.8t-0.8 0.4h-4.6q-0.4 0-0.8-0.4t-0.4-0.8v-3.4q0-0.4 0.4-0.8t0.8-0.4h4.6q0.5 0 0.8 0.4t0.4 0.8z\"\/><\/svg><\/span><\/a><\/li><\/ul><\/div><p>Es gibt Pressemeldungen, bei denen man zun\u00e4chst ungl\u00e4ubig stutzt, sich danach an die Nase fasst, noch einmal liest und dann die H\u00e4nde \u00fcber dem Kopf zusammenschl\u00e4gt: \u201eMusikindustrie bekennt sich zur Popkomm \u2013 Branchentreff wird um ein Jahr verschoben\u201c hei\u00dft es da. Mit normaler Lebenslogik ist dem nicht beizukommen. Dieser Titel tr\u00e4gt in der Tat dialektische Z\u00fcge. \u201eDeutsche Bahn bekennt sich zum Personalverkehr \u2013 Weitere 30 Strecken werden stillgelegt\u201c oder \u00c4hnliches.<\/p>\n<p>Dabei geht es offenbar um eine Denkpause, die man sich genehmigen\u00a0will:<\/p>\n<blockquote><p>\u201eWir stehen zur Popkomm, die der wichtigste Branchentreffpunkt und das Schaufenster f\u00fcr die Leistungsf\u00e4higkeit der deutschen Musikwirtschaft ist und bleibt\u201c, erkl\u00e4rten Prof. Dieter Gorny, Vorstandsvorsitzender des <span class=\"caps\">BVMI<\/span>, und <span class=\"caps\">VUT<\/span>-Pr\u00e4sident Mark Chung \u00fcbereinstimmend in Berlin. \u201eGemeinsam mit der Popkomm GmbH werden wir f\u00fcr 2010 ein neues Gesamtkonzept entwickeln, das den radikal ver\u00e4nderten Rahmenbedingungen der Musikwirtschaft Rechnung tr\u00e4gt und der Popkomm eine tragf\u00e4hige Zukunftsperspektive\u00a0er\u00f6ffnet.&#8221;<\/p><\/blockquote>\n<p>Soweit mag man folgen. Jeder hat das Recht, einmal erkannte Probleme auszusitzen oder neue zu erzeugen, warum nicht auch der Bundesverband der Musikindustrie. Schlie\u00dflich war der Umzug der Popkomm von K\u00f6ln nach Berlin ebenso ein solcher Erfolg. Die dann nachschlagende Erkl\u00e4rung zeigt jedoch, dass dies nicht das Problem\u00a0ist:<\/p>\n<blockquote><p>\u201eDie momentane Situation ist aber auch ein Ergebnis der Unt\u00e4tigkeit der Politik, die beim wichtigsten Branchenthema Internetpiraterie nach wie vor den Ernst der Lage nicht erkannt hat. Wird hier nicht bald gehandelt, werden alle Anstrengungen der Branche ins Leere\u00a0laufen.\u201c<\/p><\/blockquote>\n<p>Mit anderen Worten, eine Popkomm bleibt solange sinnlos, wie Internetpiraten diesem Wirtschaftzweig das Leben schwer machen und, das \u201eund\u201c ist besonders wichtig, die Politik den Musikindustriekarren vor die Wand knallen l\u00e4sst. Sie ist n\u00e4mlich nicht einmal in der Lage, ein Gesetz zu verabschieden, wie gerade in Frankreich h\u00e4tte eingef\u00fchrt werden soll. Internetnutzungsverbot f\u00fcr notorische Download- und Upload-B\u00f6sewichte. Das Gesetz kam und das franz\u00f6sische Verfassungsgericht\u00a0kippte:<\/p>\n<blockquote><p>Raubkopierer m\u00fcssen in Frankreich nun vorerst doch keine Sperre ihres Internetzugangs f\u00fcrchten. Das franz\u00f6sische Verfassungsgericht hat Teile eines bereits verabschiedeten Gesetzes f\u00fcr unwirksam erkl\u00e4rt, weil f\u00fcr die im Gesetz vorgesehene Abschaltung des Internetzuganges bei wiederholten Urheberrechtsverletzungen eine Richterentscheidung notwendig sei. [Quelle: <a href=\"http:\/\/rsw.beck.de\/rsw\/shop\/default.asp?sessionid=117DF1DE279D44BBAF75781814316998&amp;docid=283540&amp;docClass=NEWS&amp;site=Beck%20Aktuell&amp;from=HP.10\">Beck aktuell<\/a>]<\/p><\/blockquote>\n<p>\u201eDas franz\u00f6sische Verfassungsgericht hatte die von der Regierung geplante Internetsperre als nicht f\u00fcr mit der Erkl\u00e4rung der Menschen- und B\u00fcrgerrechte aus dem Jahr 1789 vereinbar gehalten,\u201c hei\u00dft es dort weiter. Harter Tobak. Gegen Strafen freilich spreche nichts, wohl aber gegen solche. Auch die Bundesjustizministerin Brigitte Zypries hat auch anklingen lassen, dass sie solche Dinge nicht f\u00fcr Deutschland\u00a0guthei\u00dfe.<\/p>\n<blockquote><p>Ich glaube nicht, dass \u2018Olivennes\u2019 ein Modell f\u00fcr Deutschland oder gar f\u00fcr ganz Europa ist. Die Sperrung von Internetzug\u00e4ngen halte ich f\u00fcr eine v\u00f6llig unzumutbare Sanktion. Sie w\u00e4re verfassungsrechtlich und politisch hoch problematisch. Ich bin sicher, dass wir den Aufschrei, den es in Frankreich geben wird, wenn die ersten Sperrungen erfolgen sollten, bis nach Berlin h\u00f6ren werden. [Quelle: <a href=\"http:\/\/www.spreeblick.com\/2009\/02\/02\/exklusiv-bundesjustizministerin-zypries-zu-olivenne-und-internetsperrungen\/\">Spreeblick<\/a>]<\/p><\/blockquote>\n<p>Die Position der Musikindustrie ist bekannt und sie wurde mehrfach nachartikuliert. \u201eUns geht es um das Grundprinzip `Warnen statt abmahnen\u00b4, dass wir auch in Deutschland f\u00fcr einen effizienten Weg zur Bek\u00e4mpfung des massenhaften Diebstahls von Musik, Filmen, H\u00f6hrb\u00fcchern, Games oder Software im Internet halten\u201c, so <a href=\"http:\/\/www.musikindustrie.de\/aktuell_einzel.html?&amp;tx_ttnews[tt_news]=432&amp;tx_ttnews[backPid]=84&amp;cHash=5f80a98e91\">Gorny<\/a> in Reaktion auf die franz\u00f6sischen Vorg\u00e4nge. Und irgendwie bekommt er ja auch R\u00fcckenwind aus der Politik, die er so schillt, wurde doch gestern ein Gesetz in dritter Lesung beschlossen, was im weitesten und engstem Sinn daf\u00fcr geeignet ist, ein Zensurinfrastruktur\u00a0aufzubauen.<\/p>\n<p>Zwar geht es vorgeblich da um die Verfolgung von Kinderpornographie im Internet, doch Kritiker bezweifeln, ob dies beschlossene Gesetz dies gew\u00e4hrleistet. Das Gegenteil wird erwartet. Gleichwohl sind im Umfeld der Gesetzgebung schon Ausweitungselemente angedacht worden. Heute kam aus den Reihen der <span class=\"caps\">CDU<\/span> die Idee, mit den gleichen Mitteln gegen Killerspiele im Netz\u00a0vorzugehen.<\/p>\n<p>Der Nachrichtendienst <a href=\"http:\/\/www.golem.de\/0906\/67871.html\">Golem vermeldete:<\/a><\/p>\n<blockquote><p>&#8220;Der <span class=\"caps\">CDU<\/span>-Politiker Thomas Strobl will unter Umst\u00e4nden auch den Zugang zu gewalthaltigen Spielen &#8211; die auch als Killerspiele bezeichnet werden &#8211; im Internet sperren\u00a0lassen.&#8221;<\/p><\/blockquote>\n<p>Und vor wenigen Tagen hatte man auch Fragen des Urheberrechts im Visier.\u00a0 Udo Vetter vom Lawblog hat dies <a href=\"http:\/\/www.lawblog.de\/index.php\/archives\/2009\/06\/15\/arme-kinder-arme-kunstler\/\">analysiert<\/a>: \u201eArme Kinder, arme\u00a0K\u00fcnstler\u201c.<\/p>\n<p>Das Fass ist ohne Boden, was jetzt aufgerissen wurden, freilich mit einem gewaltigen Deckel obendrauf. Komisch, dass ausgerechnet heute der Bundesverband der Musikindustrie auf \u201eFehler\u201c der Politik hinweist. Eigentlich kann der Zweck der \u00dcbung doch nur sein, sich und seine alten Forderungen erneut ins Spiel zu bringen. Die Struktur daf\u00fcr wurde gerade vorbereitet mit Stimmen der <span class=\"caps\">CDU<\/span> und <span class=\"caps\">SPD<\/span> (<a href=\"https:\/\/twitter.com\/griefahn\">Frau Griefahn war heute aber wieder bestens gelaunt<\/a> und fragte im Microblogging-System Twitter: <span class=\"status-body\"><span class=\"entry-content\">Wer spielt eine Runde Memory mit mir?) <\/span><\/span>bei einigen merkw\u00fcrdigen Enthaltungen der\u00a0<span class=\"caps\">GR<\/span>\u00dc<span class=\"caps\">NEN<\/span>.<\/p>\n<p>Somit ist das politische Fahrwasser gegenw\u00e4rtig wirklich g\u00fcnstig f\u00fcr eine derartige Entwicklung. B\u00fcrgerrechte oder Popkomm? Dann lieber\u00a0B\u00fcrgerrechte.<\/p>\n<hr \/>\n<p>Zuerst erschienen bei <a href=\"https:\/\/www.nmz.de\/online\/popkomm-auf-verschiebebahnhof-hat-sich-die-musikindustrie-verpoppt\">nmz.de<\/a><\/p>\n<div class=\"shariff shariff-align-left shariff-widget-align-left\"><ul class=\"shariff-buttons theme-white orientation-horizontal buttonsize-small\"><li class=\"shariff-button mastodon shariff-nocustomcolor\" style=\"background-color:#563ACC\"><a href=\"https:\/\/s2f.kytta.dev\/?text=Popkomm%20auf%20Verschiebebahnhof%3A%20Hat%20sich%20die%20Musikindustrie%20verpoppt%3F https%3A%2F%2Fwww.kritische-masse.de%2Flogbuch%2F2009%2F06%2Fpopkomm-auf-verschiebebahnhof-hat-sich-die-musikindustrie-verpoppt-2%2F\" title=\"Bei Mastodon teilen\" aria-label=\"Bei Mastodon teilen\" role=\"button\" rel=\"noopener nofollow\" class=\"shariff-link\" style=\"; background-color:#6364FF; color:#6364FF\" target=\"_blank\"><span class=\"shariff-icon\" style=\"fill:#6364FF\"><svg width=\"75\" height=\"79\" viewBox=\"0 0 75 79\" fill=\"none\" xmlns=\"http:\/\/www.w3.org\/2000\/svg\"><path d=\"M37.813-.025C32.462-.058 27.114.13 21.79.598c-8.544.621-17.214 5.58-20.203 13.931C-1.12 23.318.408 32.622.465 41.65c.375 7.316.943 14.78 3.392 21.73 4.365 9.465 14.781 14.537 24.782 15.385 7.64.698 15.761-.213 22.517-4.026a54.1 54.1 0 0 0 .01-6.232c-6.855 1.316-14.101 2.609-21.049 1.074-3.883-.88-6.876-4.237-7.25-8.215-1.53-3.988 3.78-.43 5.584-.883 9.048 1.224 18.282.776 27.303-.462 7.044-.837 14.26-4.788 16.65-11.833 2.263-6.135 1.215-12.79 1.698-19.177.06-3.84.09-7.692-.262-11.52C72.596 7.844 63.223.981 53.834.684a219.453 219.453 0 0 0-16.022-.71zm11.294 12.882c5.5-.067 10.801 4.143 11.67 9.653.338 1.48.471 3 .471 4.515v21.088h-8.357c-.07-7.588.153-15.182-.131-22.765-.587-4.368-7.04-5.747-9.672-2.397-2.422 3.04-1.47 7.155-1.67 10.735v6.392h-8.307c-.146-4.996.359-10.045-.404-15.002-1.108-4.218-7.809-5.565-10.094-1.666-1.685 3.046-.712 6.634-.976 9.936v14.767h-8.354c.109-8.165-.238-16.344.215-24.5.674-5.346 5.095-10.389 10.676-10.627 4.902-.739 10.103 2.038 12.053 6.631.375 1.435 1.76 1.932 1.994.084 1.844-3.704 5.501-6.739 9.785-6.771.367-.044.735-.068 1.101-.073z\"\/><defs><linearGradient id=\"paint0_linear_549_34\" x1=\"37.0692\" y1=\"0\" x2=\"37.0692\" y2=\"79\" gradientUnits=\"userSpaceOnUse\"><stop stop-color=\"#6364FF\"\/><stop offset=\"1\" stop-color=\"#563ACC\"\/><\/linearGradient><\/defs><\/svg><\/span><span class=\"shariff-text\" style=\"color:#6364FF\">teilen<\/span>&nbsp;<\/a><\/li><li class=\"shariff-button bluesky shariff-nocustomcolor\" style=\"background-color:#84c4ff\"><a href=\"https:\/\/bsky.app\/intent\/compose?text=Popkomm%20auf%20Verschiebebahnhof%3A%20Hat%20sich%20die%20Musikindustrie%20verpoppt%3F https%3A%2F%2Fwww.kritische-masse.de%2Flogbuch%2F2009%2F06%2Fpopkomm-auf-verschiebebahnhof-hat-sich-die-musikindustrie-verpoppt-2%2F \" title=\"Bei Bluesky teilen\" aria-label=\"Bei Bluesky teilen\" role=\"button\" rel=\"noopener nofollow\" class=\"shariff-link\" style=\"; background-color:#0085ff; color:#0085ff\" target=\"_blank\"><span class=\"shariff-icon\" style=\"fill:#0085ff\"><svg width=\"20\" height=\"20\" version=\"1.1\" xmlns=\"http:\/\/www.w3.org\/2000\/svg\" viewBox=\"0 0 20 20\"><path class=\"st0\" d=\"M4.89,3.12c2.07,1.55,4.3,4.71,5.11,6.4.82-1.69,3.04-4.84,5.11-6.4,1.49-1.12,3.91-1.99,3.91.77,0,.55-.32,4.63-.5,5.3-.64,2.3-2.99,2.89-5.08,2.54,3.65.62,4.58,2.68,2.57,4.74-3.81,3.91-5.48-.98-5.9-2.23-.08-.23-.11-.34-.12-.25,0-.09-.04.02-.12.25-.43,1.25-2.09,6.14-5.9,2.23-2.01-2.06-1.08-4.12,2.57-4.74-2.09.36-4.44-.23-5.08-2.54-.19-.66-.5-4.74-.5-5.3,0-2.76,2.42-1.89,3.91-.77h0Z\"\/><\/svg><\/span><span class=\"shariff-text\" style=\"color:#0085ff\">teilen<\/span>&nbsp;<\/a><\/li><li class=\"shariff-button threema shariff-nocustomcolor shariff-mobile\" style=\"background-color:#4fbc24\"><a href=\"threema:\/\/compose?text=Popkomm%20auf%20Verschiebebahnhof%3A%20Hat%20sich%20die%20Musikindustrie%20verpoppt%3F%20https%3A%2F%2Fwww.kritische-masse.de%2Flogbuch%2F2009%2F06%2Fpopkomm-auf-verschiebebahnhof-hat-sich-die-musikindustrie-verpoppt-2%2F\" title=\"Bei Threema teilen\" aria-label=\"Bei Threema teilen\" role=\"button\" rel=\"noopener nofollow\" class=\"shariff-link\" style=\"; background-color:#1f1f1f; color:#1f1f1f\" target=\"_blank\"><span class=\"shariff-icon\" style=\"fill:#1f1f1f\"><svg width=\"32px\" height=\"20px\" xmlns=\"http:\/\/www.w3.org\/2000\/svg\" viewBox=\"0 0 32 32\"><path fill=\"#1f1f1f\" d=\"M30.8 10.9c-0.3-1.4-0.9-2.6-1.8-3.8-2-2.6-5.5-4.5-9.4-5.2-1.3-0.2-1.9-0.3-3.5-0.3s-2.2 0-3.5 0.3c-4 0.7-7.4 2.6-9.4 5.2-0.9 1.2-1.5 2.4-1.8 3.8-0.1 0.5-0.2 1.2-0.2 1.6 0 0.4 0.1 1.1 0.2 1.6 0.4 1.9 1.3 3.4 2.9 5 0.8 0.8 0.8 0.8 0.7 1.3 0 0.6-0.5 1.6-1.7 3.6-0.3 0.5-0.5 0.9-0.5 0.9 0 0.1 0.1 0.1 0.5 0 0.8-0.2 2.3-0.6 5.6-1.6 1.1-0.3 1.3-0.4 2.3-0.4 0.8 0 1.1 0 2.3 0.2 1.5 0.2 3.5 0.2 4.9 0 5.1-0.6 9.3-2.9 11.4-6.3 0.5-0.9 0.9-1.8 1.1-2.8 0.1-0.5 0.2-1.1 0.2-1.6 0-0.7-0.1-1.1-0.2-1.6-0.3-1.4 0.1 0.5 0 0zM20.6 17.3c0 0.4-0.4 0.8-0.8 0.8h-7.7c-0.4 0-0.8-0.4-0.8-0.8v-4.6c0-0.4 0.4-0.8 0.8-0.8h0.2l0-1.6c0-0.9 0-1.8 0.1-2 0.1-0.6 0.6-1.2 1.1-1.7s1.1-0.7 1.9-0.8c1.8-0.3 3.7 0.7 4.2 2.2 0.1 0.3 0.1 0.7 0.1 2.1v0 1.7h0.1c0.4 0 0.8 0.4 0.8 0.8v4.6zM15.6 7.3c-0.5 0.1-0.8 0.3-1.2 0.6s-0.6 0.8-0.7 1.3c0 0.2 0 0.8 0 1.5l0 1.2h4.6v-1.3c0-1 0-1.4-0.1-1.6-0.3-1.1-1.5-1.9-2.6-1.7zM25.8 28.2c0 1.2-1 2.2-2.1 2.2s-2.1-1-2.1-2.1c0-1.2 1-2.1 2.2-2.1s2.2 1 2.2 2.2zM18.1 28.2c0 1.2-1 2.2-2.1 2.2s-2.1-1-2.1-2.1c0-1.2 1-2.1 2.2-2.1s2.2 1 2.2 2.2zM10.4 28.2c0 1.2-1 2.2-2.1 2.2s-2.1-1-2.1-2.1c0-1.2 1-2.1 2.2-2.1s2.2 1 2.2 2.2z\"\/><\/svg><\/span><span class=\"shariff-text\" style=\"color:#1f1f1f\">teilen<\/span>&nbsp;<\/a><\/li><li class=\"shariff-button facebook shariff-nocustomcolor\" style=\"background-color:#4273c8\"><a href=\"https:\/\/www.facebook.com\/sharer\/sharer.php?u=https%3A%2F%2Fwww.kritische-masse.de%2Flogbuch%2F2009%2F06%2Fpopkomm-auf-verschiebebahnhof-hat-sich-die-musikindustrie-verpoppt-2%2F\" title=\"Bei Facebook teilen\" aria-label=\"Bei Facebook teilen\" role=\"button\" rel=\"nofollow\" class=\"shariff-link\" style=\"; background-color:#3b5998; color:#3b5998\" target=\"_blank\"><span class=\"shariff-icon\" style=\"fill:#3b5998\"><svg width=\"32px\" height=\"20px\" xmlns=\"http:\/\/www.w3.org\/2000\/svg\" viewBox=\"0 0 18 32\"><path fill=\"#3b5998\" d=\"M17.1 0.2v4.7h-2.8q-1.5 0-2.1 0.6t-0.5 1.9v3.4h5.2l-0.7 5.3h-4.5v13.6h-5.5v-13.6h-4.5v-5.3h4.5v-3.9q0-3.3 1.9-5.2t5-1.8q2.6 0 4.1 0.2z\"\/><\/svg><\/span><span class=\"shariff-text\" style=\"color:#3b5998\">teilen<\/span>&nbsp;<\/a><\/li><li class=\"shariff-button info shariff-nocustomcolor\" style=\"background-color:#a8a8a8\"><a href=\"http:\/\/ct.de\/-2467514\" title=\"Weitere Informationen\" aria-label=\"Weitere Informationen\" role=\"button\" rel=\"noopener \" class=\"shariff-link\" style=\"; background-color:#999; color:#999\" target=\"_blank\"><span class=\"shariff-icon\" style=\"fill:#999\"><svg width=\"32px\" height=\"20px\" xmlns=\"http:\/\/www.w3.org\/2000\/svg\" viewBox=\"0 0 11 32\"><path fill=\"#999\" d=\"M11.4 24v2.3q0 0.5-0.3 0.8t-0.8 0.4h-9.1q-0.5 0-0.8-0.4t-0.4-0.8v-2.3q0-0.5 0.4-0.8t0.8-0.4h1.1v-6.8h-1.1q-0.5 0-0.8-0.4t-0.4-0.8v-2.3q0-0.5 0.4-0.8t0.8-0.4h6.8q0.5 0 0.8 0.4t0.4 0.8v10.3h1.1q0.5 0 0.8 0.4t0.3 0.8zM9.2 3.4v3.4q0 0.5-0.4 0.8t-0.8 0.4h-4.6q-0.4 0-0.8-0.4t-0.4-0.8v-3.4q0-0.4 0.4-0.8t0.8-0.4h4.6q0.5 0 0.8 0.4t0.4 0.8z\"\/><\/svg><\/span><\/a><\/li><\/ul><\/div>","protected":false},"excerpt":{"rendered":"<p>Es gibt Pressemeldungen, bei denen man zun\u00e4chst ungl\u00e4ubig stutzt, sich danach an die Nase fasst, noch einmal liest und dann die H\u00e4nde \u00fcber dem Kopf zusammenschl\u00e4gt: \u201eMusikindustrie bekennt sich zur Popkomm \u2013 Branchentreff wird um ein Jahr verschoben\u201c hei\u00dft es da. Mit normaler Lebenslogik ist dem nicht beizukommen. Dieser Titel tr\u00e4gt in der Tat dialektische [&hellip;]<\/p>\n<div class=\"shariff shariff-align-left shariff-widget-align-left\"><ul class=\"shariff-buttons theme-white orientation-horizontal buttonsize-small\"><li class=\"shariff-button mastodon shariff-nocustomcolor\" style=\"background-color:#563ACC\"><a href=\"https:\/\/s2f.kytta.dev\/?text=Popkomm%20auf%20Verschiebebahnhof%3A%20Hat%20sich%20die%20Musikindustrie%20verpoppt%3F https%3A%2F%2Fwww.kritische-masse.de%2Flogbuch%2F2009%2F06%2Fpopkomm-auf-verschiebebahnhof-hat-sich-die-musikindustrie-verpoppt-2%2F\" title=\"Bei Mastodon teilen\" aria-label=\"Bei Mastodon teilen\" role=\"button\" rel=\"noopener nofollow\" class=\"shariff-link\" style=\"; background-color:#6364FF; color:#6364FF\" target=\"_blank\"><span class=\"shariff-icon\" style=\"fill:#6364FF\"><svg width=\"75\" height=\"79\" viewBox=\"0 0 75 79\" fill=\"none\" xmlns=\"http:\/\/www.w3.org\/2000\/svg\"><path d=\"M37.813-.025C32.462-.058 27.114.13 21.79.598c-8.544.621-17.214 5.58-20.203 13.931C-1.12 23.318.408 32.622.465 41.65c.375 7.316.943 14.78 3.392 21.73 4.365 9.465 14.781 14.537 24.782 15.385 7.64.698 15.761-.213 22.517-4.026a54.1 54.1 0 0 0 .01-6.232c-6.855 1.316-14.101 2.609-21.049 1.074-3.883-.88-6.876-4.237-7.25-8.215-1.53-3.988 3.78-.43 5.584-.883 9.048 1.224 18.282.776 27.303-.462 7.044-.837 14.26-4.788 16.65-11.833 2.263-6.135 1.215-12.79 1.698-19.177.06-3.84.09-7.692-.262-11.52C72.596 7.844 63.223.981 53.834.684a219.453 219.453 0 0 0-16.022-.71zm11.294 12.882c5.5-.067 10.801 4.143 11.67 9.653.338 1.48.471 3 .471 4.515v21.088h-8.357c-.07-7.588.153-15.182-.131-22.765-.587-4.368-7.04-5.747-9.672-2.397-2.422 3.04-1.47 7.155-1.67 10.735v6.392h-8.307c-.146-4.996.359-10.045-.404-15.002-1.108-4.218-7.809-5.565-10.094-1.666-1.685 3.046-.712 6.634-.976 9.936v14.767h-8.354c.109-8.165-.238-16.344.215-24.5.674-5.346 5.095-10.389 10.676-10.627 4.902-.739 10.103 2.038 12.053 6.631.375 1.435 1.76 1.932 1.994.084 1.844-3.704 5.501-6.739 9.785-6.771.367-.044.735-.068 1.101-.073z\"\/><defs><linearGradient id=\"paint0_linear_549_34\" x1=\"37.0692\" y1=\"0\" x2=\"37.0692\" y2=\"79\" gradientUnits=\"userSpaceOnUse\"><stop stop-color=\"#6364FF\"\/><stop offset=\"1\" stop-color=\"#563ACC\"\/><\/linearGradient><\/defs><\/svg><\/span><span class=\"shariff-text\" style=\"color:#6364FF\">teilen<\/span>&nbsp;<\/a><\/li><li class=\"shariff-button bluesky shariff-nocustomcolor\" style=\"background-color:#84c4ff\"><a href=\"https:\/\/bsky.app\/intent\/compose?text=Popkomm%20auf%20Verschiebebahnhof%3A%20Hat%20sich%20die%20Musikindustrie%20verpoppt%3F https%3A%2F%2Fwww.kritische-masse.de%2Flogbuch%2F2009%2F06%2Fpopkomm-auf-verschiebebahnhof-hat-sich-die-musikindustrie-verpoppt-2%2F \" title=\"Bei Bluesky teilen\" aria-label=\"Bei Bluesky teilen\" role=\"button\" rel=\"noopener nofollow\" class=\"shariff-link\" style=\"; background-color:#0085ff; color:#0085ff\" target=\"_blank\"><span class=\"shariff-icon\" style=\"fill:#0085ff\"><svg width=\"20\" height=\"20\" version=\"1.1\" xmlns=\"http:\/\/www.w3.org\/2000\/svg\" viewBox=\"0 0 20 20\"><path class=\"st0\" d=\"M4.89,3.12c2.07,1.55,4.3,4.71,5.11,6.4.82-1.69,3.04-4.84,5.11-6.4,1.49-1.12,3.91-1.99,3.91.77,0,.55-.32,4.63-.5,5.3-.64,2.3-2.99,2.89-5.08,2.54,3.65.62,4.58,2.68,2.57,4.74-3.81,3.91-5.48-.98-5.9-2.23-.08-.23-.11-.34-.12-.25,0-.09-.04.02-.12.25-.43,1.25-2.09,6.14-5.9,2.23-2.01-2.06-1.08-4.12,2.57-4.74-2.09.36-4.44-.23-5.08-2.54-.19-.66-.5-4.74-.5-5.3,0-2.76,2.42-1.89,3.91-.77h0Z\"\/><\/svg><\/span><span class=\"shariff-text\" style=\"color:#0085ff\">teilen<\/span>&nbsp;<\/a><\/li><li class=\"shariff-button threema shariff-nocustomcolor shariff-mobile\" style=\"background-color:#4fbc24\"><a href=\"threema:\/\/compose?text=Popkomm%20auf%20Verschiebebahnhof%3A%20Hat%20sich%20die%20Musikindustrie%20verpoppt%3F%20https%3A%2F%2Fwww.kritische-masse.de%2Flogbuch%2F2009%2F06%2Fpopkomm-auf-verschiebebahnhof-hat-sich-die-musikindustrie-verpoppt-2%2F\" title=\"Bei Threema teilen\" aria-label=\"Bei Threema teilen\" role=\"button\" rel=\"noopener nofollow\" class=\"shariff-link\" style=\"; background-color:#1f1f1f; color:#1f1f1f\" target=\"_blank\"><span class=\"shariff-icon\" style=\"fill:#1f1f1f\"><svg width=\"32px\" height=\"20px\" xmlns=\"http:\/\/www.w3.org\/2000\/svg\" viewBox=\"0 0 32 32\"><path fill=\"#1f1f1f\" d=\"M30.8 10.9c-0.3-1.4-0.9-2.6-1.8-3.8-2-2.6-5.5-4.5-9.4-5.2-1.3-0.2-1.9-0.3-3.5-0.3s-2.2 0-3.5 0.3c-4 0.7-7.4 2.6-9.4 5.2-0.9 1.2-1.5 2.4-1.8 3.8-0.1 0.5-0.2 1.2-0.2 1.6 0 0.4 0.1 1.1 0.2 1.6 0.4 1.9 1.3 3.4 2.9 5 0.8 0.8 0.8 0.8 0.7 1.3 0 0.6-0.5 1.6-1.7 3.6-0.3 0.5-0.5 0.9-0.5 0.9 0 0.1 0.1 0.1 0.5 0 0.8-0.2 2.3-0.6 5.6-1.6 1.1-0.3 1.3-0.4 2.3-0.4 0.8 0 1.1 0 2.3 0.2 1.5 0.2 3.5 0.2 4.9 0 5.1-0.6 9.3-2.9 11.4-6.3 0.5-0.9 0.9-1.8 1.1-2.8 0.1-0.5 0.2-1.1 0.2-1.6 0-0.7-0.1-1.1-0.2-1.6-0.3-1.4 0.1 0.5 0 0zM20.6 17.3c0 0.4-0.4 0.8-0.8 0.8h-7.7c-0.4 0-0.8-0.4-0.8-0.8v-4.6c0-0.4 0.4-0.8 0.8-0.8h0.2l0-1.6c0-0.9 0-1.8 0.1-2 0.1-0.6 0.6-1.2 1.1-1.7s1.1-0.7 1.9-0.8c1.8-0.3 3.7 0.7 4.2 2.2 0.1 0.3 0.1 0.7 0.1 2.1v0 1.7h0.1c0.4 0 0.8 0.4 0.8 0.8v4.6zM15.6 7.3c-0.5 0.1-0.8 0.3-1.2 0.6s-0.6 0.8-0.7 1.3c0 0.2 0 0.8 0 1.5l0 1.2h4.6v-1.3c0-1 0-1.4-0.1-1.6-0.3-1.1-1.5-1.9-2.6-1.7zM25.8 28.2c0 1.2-1 2.2-2.1 2.2s-2.1-1-2.1-2.1c0-1.2 1-2.1 2.2-2.1s2.2 1 2.2 2.2zM18.1 28.2c0 1.2-1 2.2-2.1 2.2s-2.1-1-2.1-2.1c0-1.2 1-2.1 2.2-2.1s2.2 1 2.2 2.2zM10.4 28.2c0 1.2-1 2.2-2.1 2.2s-2.1-1-2.1-2.1c0-1.2 1-2.1 2.2-2.1s2.2 1 2.2 2.2z\"\/><\/svg><\/span><span class=\"shariff-text\" style=\"color:#1f1f1f\">teilen<\/span>&nbsp;<\/a><\/li><li class=\"shariff-button facebook shariff-nocustomcolor\" style=\"background-color:#4273c8\"><a href=\"https:\/\/www.facebook.com\/sharer\/sharer.php?u=https%3A%2F%2Fwww.kritische-masse.de%2Flogbuch%2F2009%2F06%2Fpopkomm-auf-verschiebebahnhof-hat-sich-die-musikindustrie-verpoppt-2%2F\" title=\"Bei Facebook teilen\" aria-label=\"Bei Facebook teilen\" role=\"button\" rel=\"nofollow\" class=\"shariff-link\" style=\"; background-color:#3b5998; color:#3b5998\" target=\"_blank\"><span class=\"shariff-icon\" style=\"fill:#3b5998\"><svg width=\"32px\" height=\"20px\" xmlns=\"http:\/\/www.w3.org\/2000\/svg\" viewBox=\"0 0 18 32\"><path fill=\"#3b5998\" d=\"M17.1 0.2v4.7h-2.8q-1.5 0-2.1 0.6t-0.5 1.9v3.4h5.2l-0.7 5.3h-4.5v13.6h-5.5v-13.6h-4.5v-5.3h4.5v-3.9q0-3.3 1.9-5.2t5-1.8q2.6 0 4.1 0.2z\"\/><\/svg><\/span><span class=\"shariff-text\" style=\"color:#3b5998\">teilen<\/span>&nbsp;<\/a><\/li><li class=\"shariff-button info shariff-nocustomcolor\" style=\"background-color:#a8a8a8\"><a href=\"http:\/\/ct.de\/-2467514\" title=\"Weitere Informationen\" aria-label=\"Weitere Informationen\" role=\"button\" rel=\"noopener \" class=\"shariff-link\" style=\"; background-color:#999; color:#999\" target=\"_blank\"><span class=\"shariff-icon\" style=\"fill:#999\"><svg width=\"32px\" height=\"20px\" xmlns=\"http:\/\/www.w3.org\/2000\/svg\" viewBox=\"0 0 11 32\"><path fill=\"#999\" d=\"M11.4 24v2.3q0 0.5-0.3 0.8t-0.8 0.4h-9.1q-0.5 0-0.8-0.4t-0.4-0.8v-2.3q0-0.5 0.4-0.8t0.8-0.4h1.1v-6.8h-1.1q-0.5 0-0.8-0.4t-0.4-0.8v-2.3q0-0.5 0.4-0.8t0.8-0.4h6.8q0.5 0 0.8 0.4t0.4 0.8v10.3h1.1q0.5 0 0.8 0.4t0.3 0.8zM9.2 3.4v3.4q0 0.5-0.4 0.8t-0.8 0.4h-4.6q-0.4 0-0.8-0.4t-0.4-0.8v-3.4q0-0.4 0.4-0.8t0.8-0.4h4.6q0.5 0 0.8 0.4t0.4 0.8z\"\/><\/svg><\/span><\/a><\/li><\/ul><\/div>","protected":false},"author":1,"featured_media":1028,"comment_status":"open","ping_status":"open","sticky":false,"template":"","format":"standard","meta":{"ocean_post_layout":"","ocean_both_sidebars_style":"","ocean_both_sidebars_content_width":0,"ocean_both_sidebars_sidebars_width":0,"ocean_sidebar":"","ocean_second_sidebar":"","ocean_disable_margins":"enable","ocean_add_body_class":"","ocean_shortcode_before_top_bar":"","ocean_shortcode_after_top_bar":"","ocean_shortcode_before_header":"","ocean_shortcode_after_header":"","ocean_has_shortcode":"","ocean_shortcode_after_title":"","ocean_shortcode_before_footer_widgets":"","ocean_shortcode_after_footer_widgets":"","ocean_shortcode_before_footer_bottom":"","ocean_shortcode_after_footer_bottom":"","ocean_display_top_bar":"default","ocean_display_header":"default","ocean_header_style":"","ocean_center_header_left_menu":"","ocean_custom_header_template":"","ocean_custom_logo":0,"ocean_custom_retina_logo":0,"ocean_custom_logo_max_width":0,"ocean_custom_logo_tablet_max_width":0,"ocean_custom_logo_mobile_max_width":0,"ocean_custom_logo_max_height":0,"ocean_custom_logo_tablet_max_height":0,"ocean_custom_logo_mobile_max_height":0,"ocean_header_custom_menu":"","ocean_menu_typo_font_family":"","ocean_menu_typo_font_subset":"","ocean_menu_typo_font_size":0,"ocean_menu_typo_font_size_tablet":0,"ocean_menu_typo_font_size_mobile":0,"ocean_menu_typo_font_size_unit":"px","ocean_menu_typo_font_weight":"","ocean_menu_typo_font_weight_tablet":"","ocean_menu_typo_font_weight_mobile":"","ocean_menu_typo_transform":"","ocean_menu_typo_transform_tablet":"","ocean_menu_typo_transform_mobile":"","ocean_menu_typo_line_height":0,"ocean_menu_typo_line_height_tablet":0,"ocean_menu_typo_line_height_mobile":0,"ocean_menu_typo_line_height_unit":"","ocean_menu_typo_spacing":0,"ocean_menu_typo_spacing_tablet":0,"ocean_menu_typo_spacing_mobile":0,"ocean_menu_typo_spacing_unit":"","ocean_menu_link_color":"","ocean_menu_link_color_hover":"","ocean_menu_link_color_active":"","ocean_menu_link_background":"","ocean_menu_link_hover_background":"","ocean_menu_link_active_background":"","ocean_menu_social_links_bg":"","ocean_menu_social_hover_links_bg":"","ocean_menu_social_links_color":"","ocean_menu_social_hover_links_color":"","ocean_disable_title":"default","ocean_disable_heading":"default","ocean_post_title":"","ocean_post_subheading":"","ocean_post_title_style":"","ocean_post_title_background_color":"","ocean_post_title_background":0,"ocean_post_title_bg_image_position":"","ocean_post_title_bg_image_attachment":"","ocean_post_title_bg_image_repeat":"","ocean_post_title_bg_image_size":"","ocean_post_title_height":0,"ocean_post_title_bg_overlay":0.5,"ocean_post_title_bg_overlay_color":"","ocean_disable_breadcrumbs":"default","ocean_breadcrumbs_color":"","ocean_breadcrumbs_separator_color":"","ocean_breadcrumbs_links_color":"","ocean_breadcrumbs_links_hover_color":"","ocean_display_footer_widgets":"default","ocean_display_footer_bottom":"default","ocean_custom_footer_template":"","osh_disable_topbar_sticky":"default","osh_disable_header_sticky":"default","osh_sticky_header_style":"default","osh_sticky_header_effect":"","osh_custom_sticky_logo":0,"osh_custom_retina_sticky_logo":0,"osh_custom_sticky_logo_height":0,"osh_background_color":"","osh_links_color":"","osh_links_hover_color":"","osh_links_active_color":"","osh_links_bg_color":"","osh_links_hover_bg_color":"","osh_links_active_bg_color":"","osh_menu_social_links_color":"","osh_menu_social_hover_links_color":"","_FSMCFIC_featured_image_caption":"","_FSMCFIC_featured_image_nocaption":"","_FSMCFIC_featured_image_hide":"","_metis_text_type":"standard","_metis_text_length":5466,"_post_count":0,"_jetpack_memberships_contains_paid_content":false,"activitypub_content_warning":"","activitypub_content_visibility":"","activitypub_max_image_attachments":4,"activitypub_interaction_policy_quote":"anyone","activitypub_status":"","ocean_post_oembed":"","ocean_post_self_hosted_media":"","ocean_post_video_embed":"","ocean_link_format":"","ocean_link_format_target":"self","ocean_quote_format":"","ocean_quote_format_link":"post","ocean_gallery_link_images":"on","ocean_gallery_id":[],"footnotes":"","jetpack_publicize_message":"Popkomm auf Verschiebebahnhof: Hat sich die #Musikindustrie verpoppt? [2009]","jetpack_publicize_feature_enabled":true,"jetpack_social_post_already_shared":true,"jetpack_social_options":{"image_generator_settings":{"template":"highway","default_image_id":0,"font":"","enabled":false},"version":2}},"categories":[4188,2673,2695,2652],"tags":[3135,3136,2315,3137,3138,2644,3091,3139,3140,3141],"class_list":["post-8362","post","type-post","status-publish","format-standard","has-post-thumbnail","hentry","category-das-recht","category-das-urheberrecht","category-die-kultur","category-diemusik","tag-bvmi","tag-dieter-gorny","tag-internet","tag-internetsperre","tag-monika-griefahn","tag-musikindustrie","tag-musikwirtschaft","tag-popkkomm","tag-raubkopie","tag-zensur","entry","has-media"],"yoast_head":"<!-- This site is optimized with the Yoast SEO plugin v27.4 - https:\/\/yoast.com\/product\/yoast-seo-wordpress\/ -->\n<title>Popkomm auf Verschiebebahnhof: Hat sich die Musikindustrie verpoppt? - Kritische Masse<\/title>\n<meta name=\"robots\" content=\"index, follow, max-snippet:-1, max-image-preview:large, max-video-preview:-1\" \/>\n<link rel=\"canonical\" href=\"https:\/\/www.kritische-masse.de\/logbuch\/2009\/06\/popkomm-auf-verschiebebahnhof-hat-sich-die-musikindustrie-verpoppt-2\/\" \/>\n<meta property=\"og:locale\" content=\"de_DE\" \/>\n<meta property=\"og:type\" content=\"article\" \/>\n<meta property=\"og:title\" content=\"Popkomm auf Verschiebebahnhof: Hat sich die Musikindustrie verpoppt? - Kritische Masse\" \/>\n<meta property=\"og:description\" content=\"Es gibt Pressemeldungen, bei denen man zun\u00e4chst ungl\u00e4ubig stutzt, sich danach an die Nase fasst, noch einmal liest und dann die H\u00e4nde \u00fcber dem Kopf zusammenschl\u00e4gt: \u201eMusikindustrie bekennt sich zur Popkomm \u2013 Branchentreff wird um ein Jahr verschoben\u201c hei\u00dft es da. Mit normaler Lebenslogik ist dem nicht beizukommen. Dieser Titel tr\u00e4gt in der Tat dialektische [&hellip;]\" \/>\n<meta property=\"og:url\" content=\"https:\/\/www.kritische-masse.de\/logbuch\/2009\/06\/popkomm-auf-verschiebebahnhof-hat-sich-die-musikindustrie-verpoppt-2\/\" \/>\n<meta property=\"og:site_name\" content=\"Kritische Masse\" \/>\n<meta property=\"article:publisher\" content=\"https:\/\/www.facebook.com\/hufner\" \/>\n<meta property=\"article:author\" content=\"https:\/\/www.facebook.com\/hufner\" \/>\n<meta property=\"article:published_time\" content=\"2009-06-19T10:09:49+00:00\" \/>\n<meta name=\"author\" content=\"der huflaikhan\" \/>\n<meta name=\"twitter:label1\" content=\"Verfasst von\" \/>\n\t<meta name=\"twitter:data1\" content=\"der huflaikhan\" \/>\n\t<meta name=\"twitter:label2\" content=\"Gesch\u00e4tzte Lesezeit\" \/>\n\t<meta name=\"twitter:data2\" content=\"4\u00a0Minuten\" \/>\n<script type=\"application\/ld+json\" class=\"yoast-schema-graph\">{\"@context\":\"https:\\\/\\\/schema.org\",\"@graph\":[{\"@type\":\"Article\",\"@id\":\"https:\\\/\\\/www.kritische-masse.de\\\/logbuch\\\/2009\\\/06\\\/popkomm-auf-verschiebebahnhof-hat-sich-die-musikindustrie-verpoppt-2\\\/#article\",\"isPartOf\":{\"@id\":\"https:\\\/\\\/www.kritische-masse.de\\\/logbuch\\\/2009\\\/06\\\/popkomm-auf-verschiebebahnhof-hat-sich-die-musikindustrie-verpoppt-2\\\/\"},\"author\":{\"name\":\"der huflaikhan\",\"@id\":\"https:\\\/\\\/www.kritische-masse.de\\\/logbuch\\\/#\\\/schema\\\/person\\\/14c491f46504e7f6b79db161f76def1c\"},\"headline\":\"Popkomm auf Verschiebebahnhof: Hat sich die Musikindustrie verpoppt?\",\"datePublished\":\"2009-06-19T10:09:49+00:00\",\"mainEntityOfPage\":{\"@id\":\"https:\\\/\\\/www.kritische-masse.de\\\/logbuch\\\/2009\\\/06\\\/popkomm-auf-verschiebebahnhof-hat-sich-die-musikindustrie-verpoppt-2\\\/\"},\"wordCount\":828,\"commentCount\":0,\"publisher\":{\"@id\":\"https:\\\/\\\/www.kritische-masse.de\\\/logbuch\\\/#\\\/schema\\\/person\\\/14c491f46504e7f6b79db161f76def1c\"},\"image\":{\"@id\":\"https:\\\/\\\/www.kritische-masse.de\\\/logbuch\\\/2009\\\/06\\\/popkomm-auf-verschiebebahnhof-hat-sich-die-musikindustrie-verpoppt-2\\\/#primaryimage\"},\"thumbnailUrl\":\"\",\"keywords\":[\"BVMI\",\"Dieter Gorny\",\"Internet\",\"Internetsperre\",\"Monika Griefahn\",\"Musikindustrie\",\"Musikwirtschaft\",\"Popkkomm\",\"Raubkopie\",\"Zensur\"],\"articleSection\":[\"das Recht\",\"das Urheberrecht\",\"die Kultur\",\"die Musik\"],\"inLanguage\":\"de\",\"potentialAction\":[{\"@type\":\"CommentAction\",\"name\":\"Comment\",\"target\":[\"https:\\\/\\\/www.kritische-masse.de\\\/logbuch\\\/2009\\\/06\\\/popkomm-auf-verschiebebahnhof-hat-sich-die-musikindustrie-verpoppt-2\\\/#respond\"]}]},{\"@type\":\"WebPage\",\"@id\":\"https:\\\/\\\/www.kritische-masse.de\\\/logbuch\\\/2009\\\/06\\\/popkomm-auf-verschiebebahnhof-hat-sich-die-musikindustrie-verpoppt-2\\\/\",\"url\":\"https:\\\/\\\/www.kritische-masse.de\\\/logbuch\\\/2009\\\/06\\\/popkomm-auf-verschiebebahnhof-hat-sich-die-musikindustrie-verpoppt-2\\\/\",\"name\":\"Popkomm auf Verschiebebahnhof: Hat sich die Musikindustrie verpoppt? - Kritische Masse\",\"isPartOf\":{\"@id\":\"https:\\\/\\\/www.kritische-masse.de\\\/logbuch\\\/#website\"},\"primaryImageOfPage\":{\"@id\":\"https:\\\/\\\/www.kritische-masse.de\\\/logbuch\\\/2009\\\/06\\\/popkomm-auf-verschiebebahnhof-hat-sich-die-musikindustrie-verpoppt-2\\\/#primaryimage\"},\"image\":{\"@id\":\"https:\\\/\\\/www.kritische-masse.de\\\/logbuch\\\/2009\\\/06\\\/popkomm-auf-verschiebebahnhof-hat-sich-die-musikindustrie-verpoppt-2\\\/#primaryimage\"},\"thumbnailUrl\":\"\",\"datePublished\":\"2009-06-19T10:09:49+00:00\",\"breadcrumb\":{\"@id\":\"https:\\\/\\\/www.kritische-masse.de\\\/logbuch\\\/2009\\\/06\\\/popkomm-auf-verschiebebahnhof-hat-sich-die-musikindustrie-verpoppt-2\\\/#breadcrumb\"},\"inLanguage\":\"de\",\"potentialAction\":[{\"@type\":\"ReadAction\",\"target\":[\"https:\\\/\\\/www.kritische-masse.de\\\/logbuch\\\/2009\\\/06\\\/popkomm-auf-verschiebebahnhof-hat-sich-die-musikindustrie-verpoppt-2\\\/\"]}]},{\"@type\":\"ImageObject\",\"inLanguage\":\"de\",\"@id\":\"https:\\\/\\\/www.kritische-masse.de\\\/logbuch\\\/2009\\\/06\\\/popkomm-auf-verschiebebahnhof-hat-sich-die-musikindustrie-verpoppt-2\\\/#primaryimage\",\"url\":\"\",\"contentUrl\":\"\"},{\"@type\":\"BreadcrumbList\",\"@id\":\"https:\\\/\\\/www.kritische-masse.de\\\/logbuch\\\/2009\\\/06\\\/popkomm-auf-verschiebebahnhof-hat-sich-die-musikindustrie-verpoppt-2\\\/#breadcrumb\",\"itemListElement\":[{\"@type\":\"ListItem\",\"position\":1,\"name\":\"Startseite\",\"item\":\"https:\\\/\\\/www.kritische-masse.de\\\/logbuch\\\/\"},{\"@type\":\"ListItem\",\"position\":2,\"name\":\"Popkomm auf Verschiebebahnhof: Hat sich die Musikindustrie verpoppt?\"}]},{\"@type\":\"WebSite\",\"@id\":\"https:\\\/\\\/www.kritische-masse.de\\\/logbuch\\\/#website\",\"url\":\"https:\\\/\\\/www.kritische-masse.de\\\/logbuch\\\/\",\"name\":\"kritische masse\",\"description\":\"amt f\u00fcr vermassungsschutz\",\"publisher\":{\"@id\":\"https:\\\/\\\/www.kritische-masse.de\\\/logbuch\\\/#\\\/schema\\\/person\\\/14c491f46504e7f6b79db161f76def1c\"},\"alternateName\":\"das logbuch der kritischen masse\",\"potentialAction\":[{\"@type\":\"SearchAction\",\"target\":{\"@type\":\"EntryPoint\",\"urlTemplate\":\"https:\\\/\\\/www.kritische-masse.de\\\/logbuch\\\/?s={search_term_string}\"},\"query-input\":{\"@type\":\"PropertyValueSpecification\",\"valueRequired\":true,\"valueName\":\"search_term_string\"}}],\"inLanguage\":\"de\"},{\"@type\":[\"Person\",\"Organization\"],\"@id\":\"https:\\\/\\\/www.kritische-masse.de\\\/logbuch\\\/#\\\/schema\\\/person\\\/14c491f46504e7f6b79db161f76def1c\",\"name\":\"der huflaikhan\",\"image\":{\"@type\":\"ImageObject\",\"inLanguage\":\"de\",\"@id\":\"https:\\\/\\\/www.kritische-masse.de\\\/logbuch\\\/wp-content\\\/uploads\\\/2024\\\/01\\\/cropped-kritischmasse_man_512.jpg\",\"url\":\"https:\\\/\\\/www.kritische-masse.de\\\/logbuch\\\/wp-content\\\/uploads\\\/2024\\\/01\\\/cropped-kritischmasse_man_512.jpg\",\"contentUrl\":\"https:\\\/\\\/www.kritische-masse.de\\\/logbuch\\\/wp-content\\\/uploads\\\/2024\\\/01\\\/cropped-kritischmasse_man_512.jpg\",\"width\":512,\"height\":512,\"caption\":\"der huflaikhan\"},\"logo\":{\"@id\":\"https:\\\/\\\/www.kritische-masse.de\\\/logbuch\\\/wp-content\\\/uploads\\\/2024\\\/01\\\/cropped-kritischmasse_man_512.jpg\"},\"description\":\"Betreiber der Kritischen Masse seit 1995. Seit 2023 Wiederaufnahme. Promotion mit einer Arbeit \u00fcber Adornos kompositorische und theoretische Auseinandersetzung mit der Zw\u00f6lftontechnik. Arbeit f\u00fcr den Bayerischen und den Mitteldeutschen Rundfunk als freier Autor und Regisseur \u2013 zumindest bis Ende 2015. Online-Redaktion f\u00fcr neue musikzeitung, Jazzzeitung und Oper &amp; Tanz. Ungl\u00fccklich, aber fast taub.\",\"sameAs\":[\"https:\\\/\\\/www.kritische-masse.de\\\/logbuch\\\/\",\"https:\\\/\\\/www.facebook.com\\\/hufner\"],\"url\":\"https:\\\/\\\/www.kritische-masse.de\\\/logbuch\\\/author\\\/martin_d1juqiu5\\\/\"}]}<\/script>\n<!-- \/ Yoast SEO plugin. -->","yoast_head_json":{"title":"Popkomm auf Verschiebebahnhof: Hat sich die Musikindustrie verpoppt? - Kritische Masse","robots":{"index":"index","follow":"follow","max-snippet":"max-snippet:-1","max-image-preview":"max-image-preview:large","max-video-preview":"max-video-preview:-1"},"canonical":"https:\/\/www.kritische-masse.de\/logbuch\/2009\/06\/popkomm-auf-verschiebebahnhof-hat-sich-die-musikindustrie-verpoppt-2\/","og_locale":"de_DE","og_type":"article","og_title":"Popkomm auf Verschiebebahnhof: Hat sich die Musikindustrie verpoppt? - Kritische Masse","og_description":"Es gibt Pressemeldungen, bei denen man zun\u00e4chst ungl\u00e4ubig stutzt, sich danach an die Nase fasst, noch einmal liest und dann die H\u00e4nde \u00fcber dem Kopf zusammenschl\u00e4gt: \u201eMusikindustrie bekennt sich zur Popkomm \u2013 Branchentreff wird um ein Jahr verschoben\u201c hei\u00dft es da. Mit normaler Lebenslogik ist dem nicht beizukommen. Dieser Titel tr\u00e4gt in der Tat dialektische [&hellip;]","og_url":"https:\/\/www.kritische-masse.de\/logbuch\/2009\/06\/popkomm-auf-verschiebebahnhof-hat-sich-die-musikindustrie-verpoppt-2\/","og_site_name":"Kritische Masse","article_publisher":"https:\/\/www.facebook.com\/hufner","article_author":"https:\/\/www.facebook.com\/hufner","article_published_time":"2009-06-19T10:09:49+00:00","author":"der huflaikhan","twitter_misc":{"Verfasst von":"der huflaikhan","Gesch\u00e4tzte Lesezeit":"4\u00a0Minuten"},"schema":{"@context":"https:\/\/schema.org","@graph":[{"@type":"Article","@id":"https:\/\/www.kritische-masse.de\/logbuch\/2009\/06\/popkomm-auf-verschiebebahnhof-hat-sich-die-musikindustrie-verpoppt-2\/#article","isPartOf":{"@id":"https:\/\/www.kritische-masse.de\/logbuch\/2009\/06\/popkomm-auf-verschiebebahnhof-hat-sich-die-musikindustrie-verpoppt-2\/"},"author":{"name":"der huflaikhan","@id":"https:\/\/www.kritische-masse.de\/logbuch\/#\/schema\/person\/14c491f46504e7f6b79db161f76def1c"},"headline":"Popkomm auf Verschiebebahnhof: Hat sich die Musikindustrie verpoppt?","datePublished":"2009-06-19T10:09:49+00:00","mainEntityOfPage":{"@id":"https:\/\/www.kritische-masse.de\/logbuch\/2009\/06\/popkomm-auf-verschiebebahnhof-hat-sich-die-musikindustrie-verpoppt-2\/"},"wordCount":828,"commentCount":0,"publisher":{"@id":"https:\/\/www.kritische-masse.de\/logbuch\/#\/schema\/person\/14c491f46504e7f6b79db161f76def1c"},"image":{"@id":"https:\/\/www.kritische-masse.de\/logbuch\/2009\/06\/popkomm-auf-verschiebebahnhof-hat-sich-die-musikindustrie-verpoppt-2\/#primaryimage"},"thumbnailUrl":"","keywords":["BVMI","Dieter Gorny","Internet","Internetsperre","Monika Griefahn","Musikindustrie","Musikwirtschaft","Popkkomm","Raubkopie","Zensur"],"articleSection":["das Recht","das Urheberrecht","die Kultur","die Musik"],"inLanguage":"de","potentialAction":[{"@type":"CommentAction","name":"Comment","target":["https:\/\/www.kritische-masse.de\/logbuch\/2009\/06\/popkomm-auf-verschiebebahnhof-hat-sich-die-musikindustrie-verpoppt-2\/#respond"]}]},{"@type":"WebPage","@id":"https:\/\/www.kritische-masse.de\/logbuch\/2009\/06\/popkomm-auf-verschiebebahnhof-hat-sich-die-musikindustrie-verpoppt-2\/","url":"https:\/\/www.kritische-masse.de\/logbuch\/2009\/06\/popkomm-auf-verschiebebahnhof-hat-sich-die-musikindustrie-verpoppt-2\/","name":"Popkomm auf Verschiebebahnhof: Hat sich die Musikindustrie verpoppt? - Kritische Masse","isPartOf":{"@id":"https:\/\/www.kritische-masse.de\/logbuch\/#website"},"primaryImageOfPage":{"@id":"https:\/\/www.kritische-masse.de\/logbuch\/2009\/06\/popkomm-auf-verschiebebahnhof-hat-sich-die-musikindustrie-verpoppt-2\/#primaryimage"},"image":{"@id":"https:\/\/www.kritische-masse.de\/logbuch\/2009\/06\/popkomm-auf-verschiebebahnhof-hat-sich-die-musikindustrie-verpoppt-2\/#primaryimage"},"thumbnailUrl":"","datePublished":"2009-06-19T10:09:49+00:00","breadcrumb":{"@id":"https:\/\/www.kritische-masse.de\/logbuch\/2009\/06\/popkomm-auf-verschiebebahnhof-hat-sich-die-musikindustrie-verpoppt-2\/#breadcrumb"},"inLanguage":"de","potentialAction":[{"@type":"ReadAction","target":["https:\/\/www.kritische-masse.de\/logbuch\/2009\/06\/popkomm-auf-verschiebebahnhof-hat-sich-die-musikindustrie-verpoppt-2\/"]}]},{"@type":"ImageObject","inLanguage":"de","@id":"https:\/\/www.kritische-masse.de\/logbuch\/2009\/06\/popkomm-auf-verschiebebahnhof-hat-sich-die-musikindustrie-verpoppt-2\/#primaryimage","url":"","contentUrl":""},{"@type":"BreadcrumbList","@id":"https:\/\/www.kritische-masse.de\/logbuch\/2009\/06\/popkomm-auf-verschiebebahnhof-hat-sich-die-musikindustrie-verpoppt-2\/#breadcrumb","itemListElement":[{"@type":"ListItem","position":1,"name":"Startseite","item":"https:\/\/www.kritische-masse.de\/logbuch\/"},{"@type":"ListItem","position":2,"name":"Popkomm auf Verschiebebahnhof: Hat sich die Musikindustrie verpoppt?"}]},{"@type":"WebSite","@id":"https:\/\/www.kritische-masse.de\/logbuch\/#website","url":"https:\/\/www.kritische-masse.de\/logbuch\/","name":"kritische masse","description":"amt f\u00fcr vermassungsschutz","publisher":{"@id":"https:\/\/www.kritische-masse.de\/logbuch\/#\/schema\/person\/14c491f46504e7f6b79db161f76def1c"},"alternateName":"das logbuch der kritischen masse","potentialAction":[{"@type":"SearchAction","target":{"@type":"EntryPoint","urlTemplate":"https:\/\/www.kritische-masse.de\/logbuch\/?s={search_term_string}"},"query-input":{"@type":"PropertyValueSpecification","valueRequired":true,"valueName":"search_term_string"}}],"inLanguage":"de"},{"@type":["Person","Organization"],"@id":"https:\/\/www.kritische-masse.de\/logbuch\/#\/schema\/person\/14c491f46504e7f6b79db161f76def1c","name":"der huflaikhan","image":{"@type":"ImageObject","inLanguage":"de","@id":"https:\/\/www.kritische-masse.de\/logbuch\/wp-content\/uploads\/2024\/01\/cropped-kritischmasse_man_512.jpg","url":"https:\/\/www.kritische-masse.de\/logbuch\/wp-content\/uploads\/2024\/01\/cropped-kritischmasse_man_512.jpg","contentUrl":"https:\/\/www.kritische-masse.de\/logbuch\/wp-content\/uploads\/2024\/01\/cropped-kritischmasse_man_512.jpg","width":512,"height":512,"caption":"der huflaikhan"},"logo":{"@id":"https:\/\/www.kritische-masse.de\/logbuch\/wp-content\/uploads\/2024\/01\/cropped-kritischmasse_man_512.jpg"},"description":"Betreiber der Kritischen Masse seit 1995. Seit 2023 Wiederaufnahme. Promotion mit einer Arbeit \u00fcber Adornos kompositorische und theoretische Auseinandersetzung mit der Zw\u00f6lftontechnik. Arbeit f\u00fcr den Bayerischen und den Mitteldeutschen Rundfunk als freier Autor und Regisseur \u2013 zumindest bis Ende 2015. Online-Redaktion f\u00fcr neue musikzeitung, Jazzzeitung und Oper &amp; Tanz. Ungl\u00fccklich, aber fast taub.","sameAs":["https:\/\/www.kritische-masse.de\/logbuch\/","https:\/\/www.facebook.com\/hufner"],"url":"https:\/\/www.kritische-masse.de\/logbuch\/author\/martin_d1juqiu5\/"}]}},"jetpack_publicize_connections":[],"jetpack_featured_media_url":"","categories_names":["das Recht","das Urheberrecht","die Kultur","die Musik"],"post_class":[["post-8362","post","type-post","status-publish","format-standard","has-post-thumbnail","hentry","category-das-recht","category-das-urheberrecht","category-die-kultur","category-diemusik","tag-bvmi","tag-dieter-gorny","tag-internet","tag-internetsperre","tag-monika-griefahn","tag-musikindustrie","tag-musikwirtschaft","tag-popkkomm","tag-raubkopie","tag-zensur","entry","has-media"]],"author_avatar":["<img alt='' src='https:\/\/secure.gravatar.com\/avatar\/c23aee426d58e69f14ef471114d4cac215eec702ee1bc331e2a62ea77e96ed60?s=96&#038;d=blank&#038;r=g' srcset='https:\/\/secure.gravatar.com\/avatar\/c23aee426d58e69f14ef471114d4cac215eec702ee1bc331e2a62ea77e96ed60?s=192&#038;d=blank&#038;r=g 2x' class='avatar avatar-96 photo' height='96' width='96' loading='lazy' decoding='async'\/>"],"featured_video":null,"jetpack-related-posts":[{"id":2612,"url":"https:\/\/www.kritische-masse.de\/logbuch\/2009\/06\/popkomm-auf-verschiebebahnhof-hat-sich-die-musikindustrie-verpoppt\/","url_meta":{"origin":8362,"position":0},"title":"Popkomm auf Verschiebebahnhof: Hat sich die Musikindustrie verpoppt?","author":"huflaikhan","date":"20. Juni 2009","format":false,"excerpt":"Mit normaler Lebenslogik ist dem nicht beizukommen. Dieser Titel tr\u00e4gt in der Tat dialektische Z\u00fcge. \u201eDeutsche Bahn bekennt sich zum Personalverkehr \u2013 Weitere 30 Strecken werden stillgelegt\u201c oder \u00c4hnliches.Weiterlesen\u00a0[Hufi unterwegs]\u00a0","rel":"","context":"In &quot;Angriff auf \u2026&quot;","block_context":{"text":"Angriff auf \u2026","link":"https:\/\/www.kritische-masse.de\/logbuch\/category\/angriffauf\/"},"img":{"alt_text":"","src":"","width":0,"height":0},"classes":[]},{"id":8349,"url":"https:\/\/www.kritische-masse.de\/logbuch\/2007\/10\/popkommisches-2\/","url_meta":{"origin":8362,"position":1},"title":"Popkommisches","author":"der huflaikhan","date":"3. Oktober 2007","format":false,"excerpt":"Da f\u00fchlt man sich wie auf einem anderen Planeten. Ein ganz merkw\u00fcrdiger Scherz, diese Veranstaltung ohne Inhalt. Firmen der Popbranche stellen B\u00e4nke auf, andere bauen nach au\u00dfen verspiegelte Kl\u00f6tze. Dazwischen Klitschen mit eigenartigen Angeboten. Und dann in einer Halle, dieses: \u00a0 Stand 712. Die Deutsche Orchestervereinigung, die man vielleicht nicht\u2026","rel":"","context":"In &quot;die Musik&quot;","block_context":{"text":"die Musik","link":"https:\/\/www.kritische-masse.de\/logbuch\/category\/angriffauf\/diemusik\/"},"img":{"alt_text":"Eisdiele im Pustertal","src":"https:\/\/i0.wp.com\/www.kritische-masse.de\/logbuch\/wp-content\/uploads\/2005\/07\/20050715-eisdiele.jpg?fit=500%2C313&ssl=1&resize=350%2C200","width":350,"height":200},"classes":[]},{"id":2300,"url":"https:\/\/www.kritische-masse.de\/logbuch\/2007\/10\/popkommisches\/","url_meta":{"origin":8362,"position":2},"title":"Popkommisches","author":"hufi","date":"3. Oktober 2007","format":false,"excerpt":"Betrachtungen zur Popkomm, etwas sp\u00e4ter Da f\u00fchlt man sich wie auf einem anderen Planeten. Ein ganz merkw\u00fcrdiger Scherz, diese Veranstaltung ohne Inhalt. Firmen der Popbranche stellen B\u00e4nke auf, andere bauen nach au\u00dfen verspiegelte Kl\u00f6tze. Dazwischen Klitschen mit eigenartigen Angeboten. Und dann in einer Halle, dieses: Stand 712. Die Deutsche Orchestervereinigung,\u2026","rel":"","context":"\u00c4hnlicher Beitrag","block_context":{"text":"\u00c4hnlicher Beitrag","link":""},"img":{"alt_text":"Die Deutsche Orchestervereinigung auf der popkomm","src":"https:\/\/i0.wp.com\/www.urteilskraft.de\/kritik\/wp-content\/uploads\/2007\/10\/diedeutscheorchestervereinigung.jpg?resize=350%2C200","width":350,"height":200},"classes":[]},{"id":2418,"url":"https:\/\/www.kritische-masse.de\/logbuch\/2008\/05\/auferstehung-der-musikindustrie\/","url_meta":{"origin":8362,"position":3},"title":"Auferstehung der Musikindustrie","author":"hufi","date":"13. Mai 2008","format":false,"excerpt":"Musikindustrie. Kein Anschluss unter dieser Nummer. Sie sendet nur. Vor wenigen Tagen habe ich eine CD nach Bestellung erhalten, die den Titel \"Starke Stimmen gegen Rechts - DEMO TAPE\" tr\u00e4gt. Diese CD wird nicht verkauft, sondern verteilt. Man sie bestellen und bekommt sie gegebenenfalls im Klassensatz geliefert. Unter den vertretenen\u2026","rel":"","context":"In \"Bl\u00f6dsinn\"","block_context":{"text":"Bl\u00f6dsinn","link":"https:\/\/www.kritische-masse.de\/logbuch\/tag\/bldsinn\/"},"img":{"alt_text":"","src":"","width":0,"height":0},"classes":[]},{"id":221,"url":"https:\/\/www.kritische-masse.de\/logbuch\/2003\/08\/musikwirtschaft-2010-vision-gerd-gebhardts\/","url_meta":{"origin":8362,"position":4},"title":"Musikwirtschaft 2010 &#8211; Vision Gerd Gebhardts","author":"huflaikhan","date":"15. August 2003","format":false,"excerpt":"Einen weiten Blick in die Zukunft voraus wagte der Vorsitzende der deutschen Phonoverb\u00e4nde Gerd Gebhardt am 15.8.2003 auf der diesj\u00e4hrigen popkomm. Dabei geht es um Kopierschutz, die Ressource Kreativit\u00e4t, das Internet, die DVD und auch die Zukunft deutscher K\u00fcnstler. Das KIZ (Kulturinformationszentrum des Deutschen Kulturrates und der ConBrio Verlagsgesellschaft stellt\u2026","rel":"","context":"\u00c4hnlicher Beitrag","block_context":{"text":"\u00c4hnlicher Beitrag","link":""},"img":{"alt_text":"","src":"","width":0,"height":0},"classes":[]},{"id":8227,"url":"https:\/\/www.kritische-masse.de\/logbuch\/2003\/08\/mitleid-mit-der-gema-ich-sage-ja-2\/","url_meta":{"origin":8362,"position":5},"title":"Mitleid mit der Gema? Ich sage: Ja.","author":"der huflaikhan","date":"13. August 2003","format":false,"excerpt":"Sie kann einem schon auch leid tun, die Gema. Niemand mag sie richtig, alle hauen auf sie drauf. Dabei hat diese Organisation um die 60.000 Berechtigte, eine h\u00fcbsche Kleinstadt nur von Musik- und Musiktext-Urhebern und allerlei Verlagen. Eine Kleinstadt, die aber gerade mal 812 Millionen EURO aus Gemaertr\u00e4gen bilanzieren w\u00fcrde.\u2026","rel":"","context":"In &quot;das Recht&quot;","block_context":{"text":"das Recht","link":"https:\/\/www.kritische-masse.de\/logbuch\/category\/angriffauf\/das-recht\/"},"img":{"alt_text":"","src":"","width":0,"height":0},"classes":[]}],"jetpack_sharing_enabled":true,"_links":{"self":[{"href":"https:\/\/www.kritische-masse.de\/logbuch\/wp-json\/wp\/v2\/posts\/8362","targetHints":{"allow":["GET"]}}],"collection":[{"href":"https:\/\/www.kritische-masse.de\/logbuch\/wp-json\/wp\/v2\/posts"}],"about":[{"href":"https:\/\/www.kritische-masse.de\/logbuch\/wp-json\/wp\/v2\/types\/post"}],"author":[{"embeddable":true,"href":"https:\/\/www.kritische-masse.de\/logbuch\/wp-json\/wp\/v2\/users\/1"}],"replies":[{"embeddable":true,"href":"https:\/\/www.kritische-masse.de\/logbuch\/wp-json\/wp\/v2\/comments?post=8362"}],"version-history":[{"count":0,"href":"https:\/\/www.kritische-masse.de\/logbuch\/wp-json\/wp\/v2\/posts\/8362\/revisions"}],"wp:featuredmedia":[{"embeddable":true,"href":"https:\/\/www.kritische-masse.de\/logbuch\/wp-json\/wp\/v2\/posts\/1028"}],"wp:attachment":[{"href":"https:\/\/www.kritische-masse.de\/logbuch\/wp-json\/wp\/v2\/media?parent=8362"}],"wp:term":[{"taxonomy":"category","embeddable":true,"href":"https:\/\/www.kritische-masse.de\/logbuch\/wp-json\/wp\/v2\/categories?post=8362"},{"taxonomy":"post_tag","embeddable":true,"href":"https:\/\/www.kritische-masse.de\/logbuch\/wp-json\/wp\/v2\/tags?post=8362"}],"curies":[{"name":"wp","href":"https:\/\/api.w.org\/{rel}","templated":true}]}}