{"id":8389,"date":"2012-09-12T15:31:16","date_gmt":"2012-09-12T13:31:16","guid":{"rendered":"https:\/\/musikunrat.de\/?p=1257"},"modified":"2012-09-12T15:31:16","modified_gmt":"2012-09-12T13:31:16","slug":"adornos-butler-2","status":"publish","type":"post","link":"https:\/\/www.kritische-masse.de\/logbuch\/2012\/09\/adornos-butler-2\/","title":{"rendered":"Adornos Butler"},"content":{"rendered":"<div class=\"shariff shariff-align-left shariff-widget-align-left\"><ul class=\"shariff-buttons theme-white orientation-horizontal buttonsize-small\"><li class=\"shariff-button mastodon shariff-nocustomcolor\" style=\"background-color:#563ACC\"><a href=\"https:\/\/s2f.kytta.dev\/?text=Adornos%20Butler https%3A%2F%2Fwww.kritische-masse.de%2Flogbuch%2F2012%2F09%2Fadornos-butler-2%2F\" title=\"Bei Mastodon teilen\" aria-label=\"Bei Mastodon teilen\" role=\"button\" rel=\"noopener nofollow\" class=\"shariff-link\" style=\"; background-color:#6364FF; color:#6364FF\" target=\"_blank\"><span class=\"shariff-icon\" style=\"fill:#6364FF\"><svg width=\"75\" height=\"79\" viewBox=\"0 0 75 79\" fill=\"none\" xmlns=\"http:\/\/www.w3.org\/2000\/svg\"><path d=\"M37.813-.025C32.462-.058 27.114.13 21.79.598c-8.544.621-17.214 5.58-20.203 13.931C-1.12 23.318.408 32.622.465 41.65c.375 7.316.943 14.78 3.392 21.73 4.365 9.465 14.781 14.537 24.782 15.385 7.64.698 15.761-.213 22.517-4.026a54.1 54.1 0 0 0 .01-6.232c-6.855 1.316-14.101 2.609-21.049 1.074-3.883-.88-6.876-4.237-7.25-8.215-1.53-3.988 3.78-.43 5.584-.883 9.048 1.224 18.282.776 27.303-.462 7.044-.837 14.26-4.788 16.65-11.833 2.263-6.135 1.215-12.79 1.698-19.177.06-3.84.09-7.692-.262-11.52C72.596 7.844 63.223.981 53.834.684a219.453 219.453 0 0 0-16.022-.71zm11.294 12.882c5.5-.067 10.801 4.143 11.67 9.653.338 1.48.471 3 .471 4.515v21.088h-8.357c-.07-7.588.153-15.182-.131-22.765-.587-4.368-7.04-5.747-9.672-2.397-2.422 3.04-1.47 7.155-1.67 10.735v6.392h-8.307c-.146-4.996.359-10.045-.404-15.002-1.108-4.218-7.809-5.565-10.094-1.666-1.685 3.046-.712 6.634-.976 9.936v14.767h-8.354c.109-8.165-.238-16.344.215-24.5.674-5.346 5.095-10.389 10.676-10.627 4.902-.739 10.103 2.038 12.053 6.631.375 1.435 1.76 1.932 1.994.084 1.844-3.704 5.501-6.739 9.785-6.771.367-.044.735-.068 1.101-.073z\"\/><defs><linearGradient id=\"paint0_linear_549_34\" x1=\"37.0692\" y1=\"0\" x2=\"37.0692\" y2=\"79\" gradientUnits=\"userSpaceOnUse\"><stop stop-color=\"#6364FF\"\/><stop offset=\"1\" stop-color=\"#563ACC\"\/><\/linearGradient><\/defs><\/svg><\/span><span class=\"shariff-text\" style=\"color:#6364FF\">teilen<\/span>&nbsp;<\/a><\/li><li class=\"shariff-button bluesky shariff-nocustomcolor\" style=\"background-color:#84c4ff\"><a href=\"https:\/\/bsky.app\/intent\/compose?text=Adornos%20Butler https%3A%2F%2Fwww.kritische-masse.de%2Flogbuch%2F2012%2F09%2Fadornos-butler-2%2F \" title=\"Bei Bluesky teilen\" aria-label=\"Bei Bluesky teilen\" role=\"button\" rel=\"noopener nofollow\" class=\"shariff-link\" style=\"; background-color:#0085ff; color:#0085ff\" target=\"_blank\"><span class=\"shariff-icon\" style=\"fill:#0085ff\"><svg width=\"20\" height=\"20\" version=\"1.1\" xmlns=\"http:\/\/www.w3.org\/2000\/svg\" viewBox=\"0 0 20 20\"><path class=\"st0\" d=\"M4.89,3.12c2.07,1.55,4.3,4.71,5.11,6.4.82-1.69,3.04-4.84,5.11-6.4,1.49-1.12,3.91-1.99,3.91.77,0,.55-.32,4.63-.5,5.3-.64,2.3-2.99,2.89-5.08,2.54,3.65.62,4.58,2.68,2.57,4.74-3.81,3.91-5.48-.98-5.9-2.23-.08-.23-.11-.34-.12-.25,0-.09-.04.02-.12.25-.43,1.25-2.09,6.14-5.9,2.23-2.01-2.06-1.08-4.12,2.57-4.74-2.09.36-4.44-.23-5.08-2.54-.19-.66-.5-4.74-.5-5.3,0-2.76,2.42-1.89,3.91-.77h0Z\"\/><\/svg><\/span><span class=\"shariff-text\" style=\"color:#0085ff\">teilen<\/span>&nbsp;<\/a><\/li><li class=\"shariff-button threema shariff-nocustomcolor shariff-mobile\" style=\"background-color:#4fbc24\"><a href=\"threema:\/\/compose?text=Adornos%20Butler%20https%3A%2F%2Fwww.kritische-masse.de%2Flogbuch%2F2012%2F09%2Fadornos-butler-2%2F\" title=\"Bei Threema teilen\" aria-label=\"Bei Threema teilen\" role=\"button\" rel=\"noopener nofollow\" class=\"shariff-link\" style=\"; background-color:#1f1f1f; color:#1f1f1f\" target=\"_blank\"><span class=\"shariff-icon\" style=\"fill:#1f1f1f\"><svg width=\"32px\" height=\"20px\" xmlns=\"http:\/\/www.w3.org\/2000\/svg\" viewBox=\"0 0 32 32\"><path fill=\"#1f1f1f\" d=\"M30.8 10.9c-0.3-1.4-0.9-2.6-1.8-3.8-2-2.6-5.5-4.5-9.4-5.2-1.3-0.2-1.9-0.3-3.5-0.3s-2.2 0-3.5 0.3c-4 0.7-7.4 2.6-9.4 5.2-0.9 1.2-1.5 2.4-1.8 3.8-0.1 0.5-0.2 1.2-0.2 1.6 0 0.4 0.1 1.1 0.2 1.6 0.4 1.9 1.3 3.4 2.9 5 0.8 0.8 0.8 0.8 0.7 1.3 0 0.6-0.5 1.6-1.7 3.6-0.3 0.5-0.5 0.9-0.5 0.9 0 0.1 0.1 0.1 0.5 0 0.8-0.2 2.3-0.6 5.6-1.6 1.1-0.3 1.3-0.4 2.3-0.4 0.8 0 1.1 0 2.3 0.2 1.5 0.2 3.5 0.2 4.9 0 5.1-0.6 9.3-2.9 11.4-6.3 0.5-0.9 0.9-1.8 1.1-2.8 0.1-0.5 0.2-1.1 0.2-1.6 0-0.7-0.1-1.1-0.2-1.6-0.3-1.4 0.1 0.5 0 0zM20.6 17.3c0 0.4-0.4 0.8-0.8 0.8h-7.7c-0.4 0-0.8-0.4-0.8-0.8v-4.6c0-0.4 0.4-0.8 0.8-0.8h0.2l0-1.6c0-0.9 0-1.8 0.1-2 0.1-0.6 0.6-1.2 1.1-1.7s1.1-0.7 1.9-0.8c1.8-0.3 3.7 0.7 4.2 2.2 0.1 0.3 0.1 0.7 0.1 2.1v0 1.7h0.1c0.4 0 0.8 0.4 0.8 0.8v4.6zM15.6 7.3c-0.5 0.1-0.8 0.3-1.2 0.6s-0.6 0.8-0.7 1.3c0 0.2 0 0.8 0 1.5l0 1.2h4.6v-1.3c0-1 0-1.4-0.1-1.6-0.3-1.1-1.5-1.9-2.6-1.7zM25.8 28.2c0 1.2-1 2.2-2.1 2.2s-2.1-1-2.1-2.1c0-1.2 1-2.1 2.2-2.1s2.2 1 2.2 2.2zM18.1 28.2c0 1.2-1 2.2-2.1 2.2s-2.1-1-2.1-2.1c0-1.2 1-2.1 2.2-2.1s2.2 1 2.2 2.2zM10.4 28.2c0 1.2-1 2.2-2.1 2.2s-2.1-1-2.1-2.1c0-1.2 1-2.1 2.2-2.1s2.2 1 2.2 2.2z\"\/><\/svg><\/span><span class=\"shariff-text\" style=\"color:#1f1f1f\">teilen<\/span>&nbsp;<\/a><\/li><li class=\"shariff-button facebook shariff-nocustomcolor\" style=\"background-color:#4273c8\"><a href=\"https:\/\/www.facebook.com\/sharer\/sharer.php?u=https%3A%2F%2Fwww.kritische-masse.de%2Flogbuch%2F2012%2F09%2Fadornos-butler-2%2F\" title=\"Bei Facebook teilen\" aria-label=\"Bei Facebook teilen\" role=\"button\" rel=\"nofollow\" class=\"shariff-link\" style=\"; background-color:#3b5998; color:#3b5998\" target=\"_blank\"><span class=\"shariff-icon\" style=\"fill:#3b5998\"><svg width=\"32px\" height=\"20px\" xmlns=\"http:\/\/www.w3.org\/2000\/svg\" viewBox=\"0 0 18 32\"><path fill=\"#3b5998\" d=\"M17.1 0.2v4.7h-2.8q-1.5 0-2.1 0.6t-0.5 1.9v3.4h5.2l-0.7 5.3h-4.5v13.6h-5.5v-13.6h-4.5v-5.3h4.5v-3.9q0-3.3 1.9-5.2t5-1.8q2.6 0 4.1 0.2z\"\/><\/svg><\/span><span class=\"shariff-text\" style=\"color:#3b5998\">teilen<\/span>&nbsp;<\/a><\/li><li class=\"shariff-button info shariff-nocustomcolor\" style=\"background-color:#a8a8a8\"><a href=\"http:\/\/ct.de\/-2467514\" title=\"Weitere Informationen\" aria-label=\"Weitere Informationen\" role=\"button\" rel=\"noopener \" class=\"shariff-link\" style=\"; background-color:#999; color:#999\" target=\"_blank\"><span class=\"shariff-icon\" style=\"fill:#999\"><svg width=\"32px\" height=\"20px\" xmlns=\"http:\/\/www.w3.org\/2000\/svg\" viewBox=\"0 0 11 32\"><path fill=\"#999\" d=\"M11.4 24v2.3q0 0.5-0.3 0.8t-0.8 0.4h-9.1q-0.5 0-0.8-0.4t-0.4-0.8v-2.3q0-0.5 0.4-0.8t0.8-0.4h1.1v-6.8h-1.1q-0.5 0-0.8-0.4t-0.4-0.8v-2.3q0-0.5 0.4-0.8t0.8-0.4h6.8q0.5 0 0.8 0.4t0.4 0.8v10.3h1.1q0.5 0 0.8 0.4t0.3 0.8zM9.2 3.4v3.4q0 0.5-0.4 0.8t-0.8 0.4h-4.6q-0.4 0-0.8-0.4t-0.4-0.8v-3.4q0-0.4 0.4-0.8t0.8-0.4h4.6q0.5 0 0.8 0.4t0.4 0.8z\"\/><\/svg><\/span><\/a><\/li><\/ul><\/div><p>Der Preis ist durch. Er hat Schaden hinterlassen. Der Streit um den diesj\u00e4hrigen Adorno-Preis ist ziemlich unlustig. Man muss den Eindruck gewinnen, dass wohl einfach wenig Information viel gestreut wurde.<\/p>\n<p>Der Aufstand des Generalsekret\u00e4rs des Zentralrat der Juden in Deutschland bequemt sich aus Judith Butler einen philosophischen D\u00e4mon zu machen, weil diese irgendwann mal irgendwas zu Hamas und Hisbollah gesagt hat. Wie \u00f6de und wie uninteressant. Ich will nicht im Detail erkl\u00e4ren m\u00fcssen, dass zur Linken nat\u00fcrlich auch Gruppierungen hinzugerechnet werden k\u00f6nnen, die l\u00e4ngst nicht &#8220;gut&#8221; sein m\u00fcssen. Und nicht jeder sich Unterdr\u00fcckt- und Verfolgtf\u00fchlende ist selbst gewaltlos (in welcher Form auch immer). Nein, dar\u00fcber kann man lange schwadronieren. Es f\u00fchrt nicht zu einem guten Ergebnis.<\/p>\n<p>Was mich mehr wundert, ist, dass es sicher in Butlers Schriften einige Passagen zum Thema Judentum und Israel gibt. Beispielsweise in ihrer &#8220;Kritik der ethischen Gewalt&#8221; (den Adorno-Vorlesungen 2002).<sup class=\"modern-footnotes-footnote \" data-mfn=\"1\" data-mfn-post-scope=\"0000000000003e210000000000000000_8389\"><a href=\"javascript:void(0)\"  role=\"button\" aria-pressed=\"false\" aria-describedby=\"mfn-content-0000000000003e210000000000000000_8389-1\">1<\/a><\/sup><span id=\"mfn-content-0000000000003e210000000000000000_8389-1\" role=\"tooltip\" class=\"modern-footnotes-footnote__note\" tabindex=\"0\" data-mfn=\"1\">Judith Butler, Kritik der ethischen Gewalt, Ffm 2007.<\/span>\u00a0 Dort beispielsweise auf den Seiten 126 bis 135 in einer Auseinandersetzung mit L\u00e9vinas. Ein Zufallsfund.<sup class=\"modern-footnotes-footnote \" data-mfn=\"2\" data-mfn-post-scope=\"0000000000003e210000000000000000_8389\"><a href=\"javascript:void(0)\"  role=\"button\" aria-pressed=\"false\" aria-describedby=\"mfn-content-0000000000003e210000000000000000_8389-2\">2<\/a><\/sup><span id=\"mfn-content-0000000000003e210000000000000000_8389-2\" role=\"tooltip\" class=\"modern-footnotes-footnote__note\" tabindex=\"0\" data-mfn=\"2\">Ich finde, Butler ist wirklich nur schwer zu lesen. Es geht mir mit ihr wie damals mit Julia Kristeva.<\/span><\/p>\n<figure id=\"attachment_1258\" aria-describedby=\"caption-attachment-1258\" style=\"width: 896px\" class=\"wp-caption aligncenter\"><a href=\"https:\/\/i0.wp.com\/www.kritische-masse.de\/logbuch\/wp-content\/uploads\/2018\/09\/potsdam-101341.jpg?ssl=1\"><img data-recalc-dims=\"1\" loading=\"lazy\" decoding=\"async\" class=\"size-full wp-image-1258\" src=\"https:\/\/i0.wp.com\/www.kritische-masse.de\/logbuch\/wp-content\/uploads\/2018\/09\/potsdam-101341.jpg?resize=896%2C600&#038;ssl=1\" alt=\"Revolution und Peace. Foto: Hufner\" width=\"896\" height=\"600\" \/><\/a><figcaption id=\"caption-attachment-1258\" class=\"wp-caption-text\">Revolution und Peace. Foto: Hufner<\/figcaption><\/figure>\n<p>Ich meine, wenn man aber auch mal Adornos Texte genau liest, w\u00e4re er einer der letzten, der den Adorno-Preis verdient h\u00e4tte. Vieles von dem, was Adorno in seinen Studien zum autorit\u00e4ren Charakter schreibt, scheint jedoch auch auf Butler \u00fcbertragen werden zu k\u00f6nnen. Insbesondere all das, was er \u00fcber den &#8220;genuin Liberalen&#8221; schreibt.<\/p>\n<blockquote><p>&#8220;Ein hervorstechendes Merkmal ist Zivilcourage, die oft alle rationalen Bedenken hinter sich l\u00e4\u00dft. Sie k\u00f6nnen nicht &#8216;schweigen&#8217;, wenn Unrecht geschieht, auch wenn sie das ernsthaft in Gefahr bringt. &#8230; Wie der &#8216;Protestierende&#8217; identifiziert er sich energisch mit dem Benachteiligten, doch ohne alle Zeichen von Zwang und \u00dcberkompensierung; er ist kein Philosemit.&#8221;<sup class=\"modern-footnotes-footnote \" data-mfn=\"3\" data-mfn-post-scope=\"0000000000003e210000000000000000_8389\"><a href=\"javascript:void(0)\"  role=\"button\" aria-pressed=\"false\" aria-describedby=\"mfn-content-0000000000003e210000000000000000_8389-3\">3<\/a><\/sup><span id=\"mfn-content-0000000000003e210000000000000000_8389-3\" role=\"tooltip\" class=\"modern-footnotes-footnote__note\" tabindex=\"0\" data-mfn=\"3\">Theodor W. Adorno, Studien zum autorit\u00e4ren Charakter, Ffm 1982, S. 354.<\/span><\/p><\/blockquote>\n<p>Was mich in allem sehr wundert, ist die neue Positionierung der Religion in Sachen rationaler Auseinandersetzungen, so als ob die Politik offenbar abgedankt habe. Immer mehr Menschen entsichern ihre Religion als Waffe der Kommunikation. Kein Ahnung, mich beschleicht der Verdacht, es ist eine Folge des Endes des sogenannten Kalten Krieges. Der Leitunterschied des globalen Streits (wie immer konstruiert er war, so war er eben doch real), f\u00e4llt weg, man ben\u00f6tigt andere Differenzierungen, um Macht auszudr\u00fccken und zu realisieren. Das tut nicht gut.<\/p>\n<div class=\"shariff shariff-align-left shariff-widget-align-left\"><ul class=\"shariff-buttons theme-white orientation-horizontal buttonsize-small\"><li class=\"shariff-button mastodon shariff-nocustomcolor\" style=\"background-color:#563ACC\"><a href=\"https:\/\/s2f.kytta.dev\/?text=Adornos%20Butler https%3A%2F%2Fwww.kritische-masse.de%2Flogbuch%2F2012%2F09%2Fadornos-butler-2%2F\" title=\"Bei Mastodon teilen\" aria-label=\"Bei Mastodon teilen\" role=\"button\" rel=\"noopener nofollow\" class=\"shariff-link\" style=\"; background-color:#6364FF; color:#6364FF\" target=\"_blank\"><span class=\"shariff-icon\" style=\"fill:#6364FF\"><svg width=\"75\" height=\"79\" viewBox=\"0 0 75 79\" fill=\"none\" xmlns=\"http:\/\/www.w3.org\/2000\/svg\"><path d=\"M37.813-.025C32.462-.058 27.114.13 21.79.598c-8.544.621-17.214 5.58-20.203 13.931C-1.12 23.318.408 32.622.465 41.65c.375 7.316.943 14.78 3.392 21.73 4.365 9.465 14.781 14.537 24.782 15.385 7.64.698 15.761-.213 22.517-4.026a54.1 54.1 0 0 0 .01-6.232c-6.855 1.316-14.101 2.609-21.049 1.074-3.883-.88-6.876-4.237-7.25-8.215-1.53-3.988 3.78-.43 5.584-.883 9.048 1.224 18.282.776 27.303-.462 7.044-.837 14.26-4.788 16.65-11.833 2.263-6.135 1.215-12.79 1.698-19.177.06-3.84.09-7.692-.262-11.52C72.596 7.844 63.223.981 53.834.684a219.453 219.453 0 0 0-16.022-.71zm11.294 12.882c5.5-.067 10.801 4.143 11.67 9.653.338 1.48.471 3 .471 4.515v21.088h-8.357c-.07-7.588.153-15.182-.131-22.765-.587-4.368-7.04-5.747-9.672-2.397-2.422 3.04-1.47 7.155-1.67 10.735v6.392h-8.307c-.146-4.996.359-10.045-.404-15.002-1.108-4.218-7.809-5.565-10.094-1.666-1.685 3.046-.712 6.634-.976 9.936v14.767h-8.354c.109-8.165-.238-16.344.215-24.5.674-5.346 5.095-10.389 10.676-10.627 4.902-.739 10.103 2.038 12.053 6.631.375 1.435 1.76 1.932 1.994.084 1.844-3.704 5.501-6.739 9.785-6.771.367-.044.735-.068 1.101-.073z\"\/><defs><linearGradient id=\"paint0_linear_549_34\" x1=\"37.0692\" y1=\"0\" x2=\"37.0692\" y2=\"79\" gradientUnits=\"userSpaceOnUse\"><stop stop-color=\"#6364FF\"\/><stop offset=\"1\" stop-color=\"#563ACC\"\/><\/linearGradient><\/defs><\/svg><\/span><span class=\"shariff-text\" style=\"color:#6364FF\">teilen<\/span>&nbsp;<\/a><\/li><li class=\"shariff-button bluesky shariff-nocustomcolor\" style=\"background-color:#84c4ff\"><a href=\"https:\/\/bsky.app\/intent\/compose?text=Adornos%20Butler https%3A%2F%2Fwww.kritische-masse.de%2Flogbuch%2F2012%2F09%2Fadornos-butler-2%2F \" title=\"Bei Bluesky teilen\" aria-label=\"Bei Bluesky teilen\" role=\"button\" rel=\"noopener nofollow\" class=\"shariff-link\" style=\"; background-color:#0085ff; color:#0085ff\" target=\"_blank\"><span class=\"shariff-icon\" style=\"fill:#0085ff\"><svg width=\"20\" height=\"20\" version=\"1.1\" xmlns=\"http:\/\/www.w3.org\/2000\/svg\" viewBox=\"0 0 20 20\"><path class=\"st0\" d=\"M4.89,3.12c2.07,1.55,4.3,4.71,5.11,6.4.82-1.69,3.04-4.84,5.11-6.4,1.49-1.12,3.91-1.99,3.91.77,0,.55-.32,4.63-.5,5.3-.64,2.3-2.99,2.89-5.08,2.54,3.65.62,4.58,2.68,2.57,4.74-3.81,3.91-5.48-.98-5.9-2.23-.08-.23-.11-.34-.12-.25,0-.09-.04.02-.12.25-.43,1.25-2.09,6.14-5.9,2.23-2.01-2.06-1.08-4.12,2.57-4.74-2.09.36-4.44-.23-5.08-2.54-.19-.66-.5-4.74-.5-5.3,0-2.76,2.42-1.89,3.91-.77h0Z\"\/><\/svg><\/span><span class=\"shariff-text\" style=\"color:#0085ff\">teilen<\/span>&nbsp;<\/a><\/li><li class=\"shariff-button threema shariff-nocustomcolor shariff-mobile\" style=\"background-color:#4fbc24\"><a href=\"threema:\/\/compose?text=Adornos%20Butler%20https%3A%2F%2Fwww.kritische-masse.de%2Flogbuch%2F2012%2F09%2Fadornos-butler-2%2F\" title=\"Bei Threema teilen\" aria-label=\"Bei Threema teilen\" role=\"button\" rel=\"noopener nofollow\" class=\"shariff-link\" style=\"; background-color:#1f1f1f; color:#1f1f1f\" target=\"_blank\"><span class=\"shariff-icon\" style=\"fill:#1f1f1f\"><svg width=\"32px\" height=\"20px\" xmlns=\"http:\/\/www.w3.org\/2000\/svg\" viewBox=\"0 0 32 32\"><path fill=\"#1f1f1f\" d=\"M30.8 10.9c-0.3-1.4-0.9-2.6-1.8-3.8-2-2.6-5.5-4.5-9.4-5.2-1.3-0.2-1.9-0.3-3.5-0.3s-2.2 0-3.5 0.3c-4 0.7-7.4 2.6-9.4 5.2-0.9 1.2-1.5 2.4-1.8 3.8-0.1 0.5-0.2 1.2-0.2 1.6 0 0.4 0.1 1.1 0.2 1.6 0.4 1.9 1.3 3.4 2.9 5 0.8 0.8 0.8 0.8 0.7 1.3 0 0.6-0.5 1.6-1.7 3.6-0.3 0.5-0.5 0.9-0.5 0.9 0 0.1 0.1 0.1 0.5 0 0.8-0.2 2.3-0.6 5.6-1.6 1.1-0.3 1.3-0.4 2.3-0.4 0.8 0 1.1 0 2.3 0.2 1.5 0.2 3.5 0.2 4.9 0 5.1-0.6 9.3-2.9 11.4-6.3 0.5-0.9 0.9-1.8 1.1-2.8 0.1-0.5 0.2-1.1 0.2-1.6 0-0.7-0.1-1.1-0.2-1.6-0.3-1.4 0.1 0.5 0 0zM20.6 17.3c0 0.4-0.4 0.8-0.8 0.8h-7.7c-0.4 0-0.8-0.4-0.8-0.8v-4.6c0-0.4 0.4-0.8 0.8-0.8h0.2l0-1.6c0-0.9 0-1.8 0.1-2 0.1-0.6 0.6-1.2 1.1-1.7s1.1-0.7 1.9-0.8c1.8-0.3 3.7 0.7 4.2 2.2 0.1 0.3 0.1 0.7 0.1 2.1v0 1.7h0.1c0.4 0 0.8 0.4 0.8 0.8v4.6zM15.6 7.3c-0.5 0.1-0.8 0.3-1.2 0.6s-0.6 0.8-0.7 1.3c0 0.2 0 0.8 0 1.5l0 1.2h4.6v-1.3c0-1 0-1.4-0.1-1.6-0.3-1.1-1.5-1.9-2.6-1.7zM25.8 28.2c0 1.2-1 2.2-2.1 2.2s-2.1-1-2.1-2.1c0-1.2 1-2.1 2.2-2.1s2.2 1 2.2 2.2zM18.1 28.2c0 1.2-1 2.2-2.1 2.2s-2.1-1-2.1-2.1c0-1.2 1-2.1 2.2-2.1s2.2 1 2.2 2.2zM10.4 28.2c0 1.2-1 2.2-2.1 2.2s-2.1-1-2.1-2.1c0-1.2 1-2.1 2.2-2.1s2.2 1 2.2 2.2z\"\/><\/svg><\/span><span class=\"shariff-text\" style=\"color:#1f1f1f\">teilen<\/span>&nbsp;<\/a><\/li><li class=\"shariff-button facebook shariff-nocustomcolor\" style=\"background-color:#4273c8\"><a href=\"https:\/\/www.facebook.com\/sharer\/sharer.php?u=https%3A%2F%2Fwww.kritische-masse.de%2Flogbuch%2F2012%2F09%2Fadornos-butler-2%2F\" title=\"Bei Facebook teilen\" aria-label=\"Bei Facebook teilen\" role=\"button\" rel=\"nofollow\" class=\"shariff-link\" style=\"; background-color:#3b5998; color:#3b5998\" target=\"_blank\"><span class=\"shariff-icon\" style=\"fill:#3b5998\"><svg width=\"32px\" height=\"20px\" xmlns=\"http:\/\/www.w3.org\/2000\/svg\" viewBox=\"0 0 18 32\"><path fill=\"#3b5998\" d=\"M17.1 0.2v4.7h-2.8q-1.5 0-2.1 0.6t-0.5 1.9v3.4h5.2l-0.7 5.3h-4.5v13.6h-5.5v-13.6h-4.5v-5.3h4.5v-3.9q0-3.3 1.9-5.2t5-1.8q2.6 0 4.1 0.2z\"\/><\/svg><\/span><span class=\"shariff-text\" style=\"color:#3b5998\">teilen<\/span>&nbsp;<\/a><\/li><li class=\"shariff-button info shariff-nocustomcolor\" style=\"background-color:#a8a8a8\"><a href=\"http:\/\/ct.de\/-2467514\" title=\"Weitere Informationen\" aria-label=\"Weitere Informationen\" role=\"button\" rel=\"noopener \" class=\"shariff-link\" style=\"; background-color:#999; color:#999\" target=\"_blank\"><span class=\"shariff-icon\" style=\"fill:#999\"><svg width=\"32px\" height=\"20px\" xmlns=\"http:\/\/www.w3.org\/2000\/svg\" viewBox=\"0 0 11 32\"><path fill=\"#999\" d=\"M11.4 24v2.3q0 0.5-0.3 0.8t-0.8 0.4h-9.1q-0.5 0-0.8-0.4t-0.4-0.8v-2.3q0-0.5 0.4-0.8t0.8-0.4h1.1v-6.8h-1.1q-0.5 0-0.8-0.4t-0.4-0.8v-2.3q0-0.5 0.4-0.8t0.8-0.4h6.8q0.5 0 0.8 0.4t0.4 0.8v10.3h1.1q0.5 0 0.8 0.4t0.3 0.8zM9.2 3.4v3.4q0 0.5-0.4 0.8t-0.8 0.4h-4.6q-0.4 0-0.8-0.4t-0.4-0.8v-3.4q0-0.4 0.4-0.8t0.8-0.4h4.6q0.5 0 0.8 0.4t0.4 0.8z\"\/><\/svg><\/span><\/a><\/li><\/ul><\/div><h3 class=\"modern-footnotes-list-heading \">Fussnoten:<\/h3><ul class=\"modern-footnotes-list \"><li><span>1<\/span><div>Judith Butler, Kritik der ethischen Gewalt, Ffm 2007.<\/div><\/li><li><span>2<\/span><div>Ich finde, Butler ist wirklich nur schwer zu lesen. Es geht mir mit ihr wie damals mit Julia Kristeva.<\/div><\/li><li><span>3<\/span><div>Theodor W. Adorno, Studien zum autorit\u00e4ren Charakter, Ffm 1982, S. 354.<\/div><\/li><\/ul>","protected":false},"excerpt":{"rendered":"<p>Der Preis ist durch. Er hat Schaden hinterlassen. Der Streit um den diesj\u00e4hrigen Adorno-Preis ist ziemlich unlustig. Man muss den Eindruck gewinnen, dass wohl einfach wenig Information viel gestreut wurde. Der Aufstand des Generalsekret\u00e4rs des Zentralrat der Juden in Deutschland bequemt sich aus Judith Butler einen philosophischen D\u00e4mon zu machen, weil diese irgendwann mal irgendwas [&hellip;]<\/p>\n<div class=\"shariff shariff-align-left shariff-widget-align-left\"><ul class=\"shariff-buttons theme-white orientation-horizontal buttonsize-small\"><li class=\"shariff-button mastodon shariff-nocustomcolor\" style=\"background-color:#563ACC\"><a href=\"https:\/\/s2f.kytta.dev\/?text=Adornos%20Butler https%3A%2F%2Fwww.kritische-masse.de%2Flogbuch%2F2012%2F09%2Fadornos-butler-2%2F\" title=\"Bei Mastodon teilen\" aria-label=\"Bei Mastodon teilen\" role=\"button\" rel=\"noopener nofollow\" class=\"shariff-link\" style=\"; background-color:#6364FF; color:#6364FF\" target=\"_blank\"><span class=\"shariff-icon\" style=\"fill:#6364FF\"><svg width=\"75\" height=\"79\" viewBox=\"0 0 75 79\" fill=\"none\" xmlns=\"http:\/\/www.w3.org\/2000\/svg\"><path d=\"M37.813-.025C32.462-.058 27.114.13 21.79.598c-8.544.621-17.214 5.58-20.203 13.931C-1.12 23.318.408 32.622.465 41.65c.375 7.316.943 14.78 3.392 21.73 4.365 9.465 14.781 14.537 24.782 15.385 7.64.698 15.761-.213 22.517-4.026a54.1 54.1 0 0 0 .01-6.232c-6.855 1.316-14.101 2.609-21.049 1.074-3.883-.88-6.876-4.237-7.25-8.215-1.53-3.988 3.78-.43 5.584-.883 9.048 1.224 18.282.776 27.303-.462 7.044-.837 14.26-4.788 16.65-11.833 2.263-6.135 1.215-12.79 1.698-19.177.06-3.84.09-7.692-.262-11.52C72.596 7.844 63.223.981 53.834.684a219.453 219.453 0 0 0-16.022-.71zm11.294 12.882c5.5-.067 10.801 4.143 11.67 9.653.338 1.48.471 3 .471 4.515v21.088h-8.357c-.07-7.588.153-15.182-.131-22.765-.587-4.368-7.04-5.747-9.672-2.397-2.422 3.04-1.47 7.155-1.67 10.735v6.392h-8.307c-.146-4.996.359-10.045-.404-15.002-1.108-4.218-7.809-5.565-10.094-1.666-1.685 3.046-.712 6.634-.976 9.936v14.767h-8.354c.109-8.165-.238-16.344.215-24.5.674-5.346 5.095-10.389 10.676-10.627 4.902-.739 10.103 2.038 12.053 6.631.375 1.435 1.76 1.932 1.994.084 1.844-3.704 5.501-6.739 9.785-6.771.367-.044.735-.068 1.101-.073z\"\/><defs><linearGradient id=\"paint0_linear_549_34\" x1=\"37.0692\" y1=\"0\" x2=\"37.0692\" y2=\"79\" gradientUnits=\"userSpaceOnUse\"><stop stop-color=\"#6364FF\"\/><stop offset=\"1\" stop-color=\"#563ACC\"\/><\/linearGradient><\/defs><\/svg><\/span><span class=\"shariff-text\" style=\"color:#6364FF\">teilen<\/span>&nbsp;<\/a><\/li><li class=\"shariff-button bluesky shariff-nocustomcolor\" style=\"background-color:#84c4ff\"><a href=\"https:\/\/bsky.app\/intent\/compose?text=Adornos%20Butler https%3A%2F%2Fwww.kritische-masse.de%2Flogbuch%2F2012%2F09%2Fadornos-butler-2%2F \" title=\"Bei Bluesky teilen\" aria-label=\"Bei Bluesky teilen\" role=\"button\" rel=\"noopener nofollow\" class=\"shariff-link\" style=\"; background-color:#0085ff; color:#0085ff\" target=\"_blank\"><span class=\"shariff-icon\" style=\"fill:#0085ff\"><svg width=\"20\" height=\"20\" version=\"1.1\" xmlns=\"http:\/\/www.w3.org\/2000\/svg\" viewBox=\"0 0 20 20\"><path class=\"st0\" d=\"M4.89,3.12c2.07,1.55,4.3,4.71,5.11,6.4.82-1.69,3.04-4.84,5.11-6.4,1.49-1.12,3.91-1.99,3.91.77,0,.55-.32,4.63-.5,5.3-.64,2.3-2.99,2.89-5.08,2.54,3.65.62,4.58,2.68,2.57,4.74-3.81,3.91-5.48-.98-5.9-2.23-.08-.23-.11-.34-.12-.25,0-.09-.04.02-.12.25-.43,1.25-2.09,6.14-5.9,2.23-2.01-2.06-1.08-4.12,2.57-4.74-2.09.36-4.44-.23-5.08-2.54-.19-.66-.5-4.74-.5-5.3,0-2.76,2.42-1.89,3.91-.77h0Z\"\/><\/svg><\/span><span class=\"shariff-text\" style=\"color:#0085ff\">teilen<\/span>&nbsp;<\/a><\/li><li class=\"shariff-button threema shariff-nocustomcolor shariff-mobile\" style=\"background-color:#4fbc24\"><a href=\"threema:\/\/compose?text=Adornos%20Butler%20https%3A%2F%2Fwww.kritische-masse.de%2Flogbuch%2F2012%2F09%2Fadornos-butler-2%2F\" title=\"Bei Threema teilen\" aria-label=\"Bei Threema teilen\" role=\"button\" rel=\"noopener nofollow\" class=\"shariff-link\" style=\"; background-color:#1f1f1f; color:#1f1f1f\" target=\"_blank\"><span class=\"shariff-icon\" style=\"fill:#1f1f1f\"><svg width=\"32px\" height=\"20px\" xmlns=\"http:\/\/www.w3.org\/2000\/svg\" viewBox=\"0 0 32 32\"><path fill=\"#1f1f1f\" d=\"M30.8 10.9c-0.3-1.4-0.9-2.6-1.8-3.8-2-2.6-5.5-4.5-9.4-5.2-1.3-0.2-1.9-0.3-3.5-0.3s-2.2 0-3.5 0.3c-4 0.7-7.4 2.6-9.4 5.2-0.9 1.2-1.5 2.4-1.8 3.8-0.1 0.5-0.2 1.2-0.2 1.6 0 0.4 0.1 1.1 0.2 1.6 0.4 1.9 1.3 3.4 2.9 5 0.8 0.8 0.8 0.8 0.7 1.3 0 0.6-0.5 1.6-1.7 3.6-0.3 0.5-0.5 0.9-0.5 0.9 0 0.1 0.1 0.1 0.5 0 0.8-0.2 2.3-0.6 5.6-1.6 1.1-0.3 1.3-0.4 2.3-0.4 0.8 0 1.1 0 2.3 0.2 1.5 0.2 3.5 0.2 4.9 0 5.1-0.6 9.3-2.9 11.4-6.3 0.5-0.9 0.9-1.8 1.1-2.8 0.1-0.5 0.2-1.1 0.2-1.6 0-0.7-0.1-1.1-0.2-1.6-0.3-1.4 0.1 0.5 0 0zM20.6 17.3c0 0.4-0.4 0.8-0.8 0.8h-7.7c-0.4 0-0.8-0.4-0.8-0.8v-4.6c0-0.4 0.4-0.8 0.8-0.8h0.2l0-1.6c0-0.9 0-1.8 0.1-2 0.1-0.6 0.6-1.2 1.1-1.7s1.1-0.7 1.9-0.8c1.8-0.3 3.7 0.7 4.2 2.2 0.1 0.3 0.1 0.7 0.1 2.1v0 1.7h0.1c0.4 0 0.8 0.4 0.8 0.8v4.6zM15.6 7.3c-0.5 0.1-0.8 0.3-1.2 0.6s-0.6 0.8-0.7 1.3c0 0.2 0 0.8 0 1.5l0 1.2h4.6v-1.3c0-1 0-1.4-0.1-1.6-0.3-1.1-1.5-1.9-2.6-1.7zM25.8 28.2c0 1.2-1 2.2-2.1 2.2s-2.1-1-2.1-2.1c0-1.2 1-2.1 2.2-2.1s2.2 1 2.2 2.2zM18.1 28.2c0 1.2-1 2.2-2.1 2.2s-2.1-1-2.1-2.1c0-1.2 1-2.1 2.2-2.1s2.2 1 2.2 2.2zM10.4 28.2c0 1.2-1 2.2-2.1 2.2s-2.1-1-2.1-2.1c0-1.2 1-2.1 2.2-2.1s2.2 1 2.2 2.2z\"\/><\/svg><\/span><span class=\"shariff-text\" style=\"color:#1f1f1f\">teilen<\/span>&nbsp;<\/a><\/li><li class=\"shariff-button facebook shariff-nocustomcolor\" style=\"background-color:#4273c8\"><a href=\"https:\/\/www.facebook.com\/sharer\/sharer.php?u=https%3A%2F%2Fwww.kritische-masse.de%2Flogbuch%2F2012%2F09%2Fadornos-butler-2%2F\" title=\"Bei Facebook teilen\" aria-label=\"Bei Facebook teilen\" role=\"button\" rel=\"nofollow\" class=\"shariff-link\" style=\"; background-color:#3b5998; color:#3b5998\" target=\"_blank\"><span class=\"shariff-icon\" style=\"fill:#3b5998\"><svg width=\"32px\" height=\"20px\" xmlns=\"http:\/\/www.w3.org\/2000\/svg\" viewBox=\"0 0 18 32\"><path fill=\"#3b5998\" d=\"M17.1 0.2v4.7h-2.8q-1.5 0-2.1 0.6t-0.5 1.9v3.4h5.2l-0.7 5.3h-4.5v13.6h-5.5v-13.6h-4.5v-5.3h4.5v-3.9q0-3.3 1.9-5.2t5-1.8q2.6 0 4.1 0.2z\"\/><\/svg><\/span><span class=\"shariff-text\" style=\"color:#3b5998\">teilen<\/span>&nbsp;<\/a><\/li><li class=\"shariff-button info shariff-nocustomcolor\" style=\"background-color:#a8a8a8\"><a href=\"http:\/\/ct.de\/-2467514\" title=\"Weitere Informationen\" aria-label=\"Weitere Informationen\" role=\"button\" rel=\"noopener \" class=\"shariff-link\" style=\"; background-color:#999; color:#999\" target=\"_blank\"><span class=\"shariff-icon\" style=\"fill:#999\"><svg width=\"32px\" height=\"20px\" xmlns=\"http:\/\/www.w3.org\/2000\/svg\" viewBox=\"0 0 11 32\"><path fill=\"#999\" d=\"M11.4 24v2.3q0 0.5-0.3 0.8t-0.8 0.4h-9.1q-0.5 0-0.8-0.4t-0.4-0.8v-2.3q0-0.5 0.4-0.8t0.8-0.4h1.1v-6.8h-1.1q-0.5 0-0.8-0.4t-0.4-0.8v-2.3q0-0.5 0.4-0.8t0.8-0.4h6.8q0.5 0 0.8 0.4t0.4 0.8v10.3h1.1q0.5 0 0.8 0.4t0.3 0.8zM9.2 3.4v3.4q0 0.5-0.4 0.8t-0.8 0.4h-4.6q-0.4 0-0.8-0.4t-0.4-0.8v-3.4q0-0.4 0.4-0.8t0.8-0.4h4.6q0.5 0 0.8 0.4t0.4 0.8z\"\/><\/svg><\/span><\/a><\/li><\/ul><\/div>","protected":false},"author":1,"featured_media":1258,"comment_status":"open","ping_status":"open","sticky":false,"template":"","format":"standard","meta":{"ocean_post_layout":"","ocean_both_sidebars_style":"","ocean_both_sidebars_content_width":0,"ocean_both_sidebars_sidebars_width":0,"ocean_sidebar":"","ocean_second_sidebar":"","ocean_disable_margins":"enable","ocean_add_body_class":"","ocean_shortcode_before_top_bar":"","ocean_shortcode_after_top_bar":"","ocean_shortcode_before_header":"","ocean_shortcode_after_header":"","ocean_has_shortcode":"","ocean_shortcode_after_title":"","ocean_shortcode_before_footer_widgets":"","ocean_shortcode_after_footer_widgets":"","ocean_shortcode_before_footer_bottom":"","ocean_shortcode_after_footer_bottom":"","ocean_display_top_bar":"default","ocean_display_header":"default","ocean_header_style":"","ocean_center_header_left_menu":"","ocean_custom_header_template":"","ocean_custom_logo":0,"ocean_custom_retina_logo":0,"ocean_custom_logo_max_width":0,"ocean_custom_logo_tablet_max_width":0,"ocean_custom_logo_mobile_max_width":0,"ocean_custom_logo_max_height":0,"ocean_custom_logo_tablet_max_height":0,"ocean_custom_logo_mobile_max_height":0,"ocean_header_custom_menu":"","ocean_menu_typo_font_family":"","ocean_menu_typo_font_subset":"","ocean_menu_typo_font_size":0,"ocean_menu_typo_font_size_tablet":0,"ocean_menu_typo_font_size_mobile":0,"ocean_menu_typo_font_size_unit":"px","ocean_menu_typo_font_weight":"","ocean_menu_typo_font_weight_tablet":"","ocean_menu_typo_font_weight_mobile":"","ocean_menu_typo_transform":"","ocean_menu_typo_transform_tablet":"","ocean_menu_typo_transform_mobile":"","ocean_menu_typo_line_height":0,"ocean_menu_typo_line_height_tablet":0,"ocean_menu_typo_line_height_mobile":0,"ocean_menu_typo_line_height_unit":"","ocean_menu_typo_spacing":0,"ocean_menu_typo_spacing_tablet":0,"ocean_menu_typo_spacing_mobile":0,"ocean_menu_typo_spacing_unit":"","ocean_menu_link_color":"","ocean_menu_link_color_hover":"","ocean_menu_link_color_active":"","ocean_menu_link_background":"","ocean_menu_link_hover_background":"","ocean_menu_link_active_background":"","ocean_menu_social_links_bg":"","ocean_menu_social_hover_links_bg":"","ocean_menu_social_links_color":"","ocean_menu_social_hover_links_color":"","ocean_disable_title":"default","ocean_disable_heading":"default","ocean_post_title":"","ocean_post_subheading":"","ocean_post_title_style":"","ocean_post_title_background_color":"","ocean_post_title_background":0,"ocean_post_title_bg_image_position":"","ocean_post_title_bg_image_attachment":"","ocean_post_title_bg_image_repeat":"","ocean_post_title_bg_image_size":"","ocean_post_title_height":0,"ocean_post_title_bg_overlay":0.5,"ocean_post_title_bg_overlay_color":"","ocean_disable_breadcrumbs":"default","ocean_breadcrumbs_color":"","ocean_breadcrumbs_separator_color":"","ocean_breadcrumbs_links_color":"","ocean_breadcrumbs_links_hover_color":"","ocean_display_footer_widgets":"default","ocean_display_footer_bottom":"default","ocean_custom_footer_template":"","osh_disable_topbar_sticky":"default","osh_disable_header_sticky":"default","osh_sticky_header_style":"default","osh_sticky_header_effect":"","osh_custom_sticky_logo":0,"osh_custom_retina_sticky_logo":0,"osh_custom_sticky_logo_height":0,"osh_background_color":"","osh_links_color":"","osh_links_hover_color":"","osh_links_active_color":"","osh_links_bg_color":"","osh_links_hover_bg_color":"","osh_links_active_bg_color":"","osh_menu_social_links_color":"","osh_menu_social_hover_links_color":"","_FSMCFIC_featured_image_caption":"","_FSMCFIC_featured_image_nocaption":"","_FSMCFIC_featured_image_hide":"","_metis_text_type":"standard","_metis_text_length":2932,"_post_count":0,"_jetpack_memberships_contains_paid_content":false,"activitypub_content_warning":"","activitypub_content_visibility":"","activitypub_max_image_attachments":4,"activitypub_interaction_policy_quote":"anyone","activitypub_status":"","ocean_post_oembed":"","ocean_post_self_hosted_media":"","ocean_post_video_embed":"","ocean_link_format":"","ocean_link_format_target":"self","ocean_quote_format":"","ocean_quote_format_link":"post","ocean_gallery_link_images":"on","ocean_gallery_id":[],"footnotes":"","jetpack_publicize_message":"Adornos Butler [2012]","jetpack_publicize_feature_enabled":true,"jetpack_social_post_already_shared":true,"jetpack_social_options":{"image_generator_settings":{"template":"highway","default_image_id":0,"font":"","enabled":false},"version":2}},"categories":[2695,2648],"tags":[1679,3188,3189,3190],"class_list":["post-8389","post","type-post","status-publish","format-standard","has-post-thumbnail","hentry","category-die-kultur","category-dieurteilskraft","tag-adorno-preis","tag-autoritaerer-charakter","tag-judith-butler","tag-zivilcourage","entry","has-media"],"yoast_head":"<!-- This site is optimized with the Yoast SEO plugin v27.5 - https:\/\/yoast.com\/product\/yoast-seo-wordpress\/ -->\n<title>Adornos Butler - Kritische Masse<\/title>\n<meta name=\"robots\" content=\"index, follow, max-snippet:-1, max-image-preview:large, max-video-preview:-1\" \/>\n<link rel=\"canonical\" href=\"https:\/\/www.kritische-masse.de\/logbuch\/2012\/09\/adornos-butler-2\/\" \/>\n<meta property=\"og:locale\" content=\"de_DE\" \/>\n<meta property=\"og:type\" content=\"article\" \/>\n<meta property=\"og:title\" content=\"Adornos Butler - Kritische Masse\" \/>\n<meta property=\"og:description\" content=\"Der Preis ist durch. Er hat Schaden hinterlassen. Der Streit um den diesj\u00e4hrigen Adorno-Preis ist ziemlich unlustig. Man muss den Eindruck gewinnen, dass wohl einfach wenig Information viel gestreut wurde. Der Aufstand des Generalsekret\u00e4rs des Zentralrat der Juden in Deutschland bequemt sich aus Judith Butler einen philosophischen D\u00e4mon zu machen, weil diese irgendwann mal irgendwas [&hellip;]\" \/>\n<meta property=\"og:url\" content=\"https:\/\/www.kritische-masse.de\/logbuch\/2012\/09\/adornos-butler-2\/\" \/>\n<meta property=\"og:site_name\" content=\"Kritische Masse\" \/>\n<meta property=\"article:publisher\" content=\"https:\/\/www.facebook.com\/hufner\" \/>\n<meta property=\"article:author\" content=\"https:\/\/www.facebook.com\/hufner\" \/>\n<meta property=\"article:published_time\" content=\"2012-09-12T13:31:16+00:00\" \/>\n<meta name=\"author\" content=\"der huflaikhan\" \/>\n<meta name=\"twitter:label1\" content=\"Verfasst von\" \/>\n\t<meta name=\"twitter:data1\" content=\"der huflaikhan\" \/>\n\t<meta name=\"twitter:label2\" content=\"Gesch\u00e4tzte Lesezeit\" \/>\n\t<meta name=\"twitter:data2\" content=\"2\u00a0Minuten\" \/>\n<script type=\"application\/ld+json\" class=\"yoast-schema-graph\">{\"@context\":\"https:\\\/\\\/schema.org\",\"@graph\":[{\"@type\":\"Article\",\"@id\":\"https:\\\/\\\/www.kritische-masse.de\\\/logbuch\\\/2012\\\/09\\\/adornos-butler-2\\\/#article\",\"isPartOf\":{\"@id\":\"https:\\\/\\\/www.kritische-masse.de\\\/logbuch\\\/2012\\\/09\\\/adornos-butler-2\\\/\"},\"author\":{\"name\":\"der huflaikhan\",\"@id\":\"https:\\\/\\\/www.kritische-masse.de\\\/logbuch\\\/#\\\/schema\\\/person\\\/14c491f46504e7f6b79db161f76def1c\"},\"headline\":\"Adornos Butler\",\"datePublished\":\"2012-09-12T13:31:16+00:00\",\"mainEntityOfPage\":{\"@id\":\"https:\\\/\\\/www.kritische-masse.de\\\/logbuch\\\/2012\\\/09\\\/adornos-butler-2\\\/\"},\"wordCount\":420,\"commentCount\":0,\"publisher\":{\"@id\":\"https:\\\/\\\/www.kritische-masse.de\\\/logbuch\\\/#\\\/schema\\\/person\\\/14c491f46504e7f6b79db161f76def1c\"},\"image\":{\"@id\":\"https:\\\/\\\/www.kritische-masse.de\\\/logbuch\\\/2012\\\/09\\\/adornos-butler-2\\\/#primaryimage\"},\"thumbnailUrl\":\"\",\"keywords\":[\"Adorno-Preis\",\"Autorit\u00e4rer Charakter\",\"Judith Butler\",\"Zivilcourage\"],\"articleSection\":[\"die Kultur\",\"die Urteilskraft\"],\"inLanguage\":\"de\",\"potentialAction\":[{\"@type\":\"CommentAction\",\"name\":\"Comment\",\"target\":[\"https:\\\/\\\/www.kritische-masse.de\\\/logbuch\\\/2012\\\/09\\\/adornos-butler-2\\\/#respond\"]}]},{\"@type\":\"WebPage\",\"@id\":\"https:\\\/\\\/www.kritische-masse.de\\\/logbuch\\\/2012\\\/09\\\/adornos-butler-2\\\/\",\"url\":\"https:\\\/\\\/www.kritische-masse.de\\\/logbuch\\\/2012\\\/09\\\/adornos-butler-2\\\/\",\"name\":\"Adornos Butler - Kritische Masse\",\"isPartOf\":{\"@id\":\"https:\\\/\\\/www.kritische-masse.de\\\/logbuch\\\/#website\"},\"primaryImageOfPage\":{\"@id\":\"https:\\\/\\\/www.kritische-masse.de\\\/logbuch\\\/2012\\\/09\\\/adornos-butler-2\\\/#primaryimage\"},\"image\":{\"@id\":\"https:\\\/\\\/www.kritische-masse.de\\\/logbuch\\\/2012\\\/09\\\/adornos-butler-2\\\/#primaryimage\"},\"thumbnailUrl\":\"\",\"datePublished\":\"2012-09-12T13:31:16+00:00\",\"breadcrumb\":{\"@id\":\"https:\\\/\\\/www.kritische-masse.de\\\/logbuch\\\/2012\\\/09\\\/adornos-butler-2\\\/#breadcrumb\"},\"inLanguage\":\"de\",\"potentialAction\":[{\"@type\":\"ReadAction\",\"target\":[\"https:\\\/\\\/www.kritische-masse.de\\\/logbuch\\\/2012\\\/09\\\/adornos-butler-2\\\/\"]}]},{\"@type\":\"ImageObject\",\"inLanguage\":\"de\",\"@id\":\"https:\\\/\\\/www.kritische-masse.de\\\/logbuch\\\/2012\\\/09\\\/adornos-butler-2\\\/#primaryimage\",\"url\":\"\",\"contentUrl\":\"\"},{\"@type\":\"BreadcrumbList\",\"@id\":\"https:\\\/\\\/www.kritische-masse.de\\\/logbuch\\\/2012\\\/09\\\/adornos-butler-2\\\/#breadcrumb\",\"itemListElement\":[{\"@type\":\"ListItem\",\"position\":1,\"name\":\"Startseite\",\"item\":\"https:\\\/\\\/www.kritische-masse.de\\\/logbuch\\\/\"},{\"@type\":\"ListItem\",\"position\":2,\"name\":\"Adornos Butler\"}]},{\"@type\":\"WebSite\",\"@id\":\"https:\\\/\\\/www.kritische-masse.de\\\/logbuch\\\/#website\",\"url\":\"https:\\\/\\\/www.kritische-masse.de\\\/logbuch\\\/\",\"name\":\"kritische masse\",\"description\":\"amt f\u00fcr vermassungsschutz\",\"publisher\":{\"@id\":\"https:\\\/\\\/www.kritische-masse.de\\\/logbuch\\\/#\\\/schema\\\/person\\\/14c491f46504e7f6b79db161f76def1c\"},\"alternateName\":\"das logbuch der kritischen masse\",\"potentialAction\":[{\"@type\":\"SearchAction\",\"target\":{\"@type\":\"EntryPoint\",\"urlTemplate\":\"https:\\\/\\\/www.kritische-masse.de\\\/logbuch\\\/?s={search_term_string}\"},\"query-input\":{\"@type\":\"PropertyValueSpecification\",\"valueRequired\":true,\"valueName\":\"search_term_string\"}}],\"inLanguage\":\"de\"},{\"@type\":[\"Person\",\"Organization\"],\"@id\":\"https:\\\/\\\/www.kritische-masse.de\\\/logbuch\\\/#\\\/schema\\\/person\\\/14c491f46504e7f6b79db161f76def1c\",\"name\":\"der huflaikhan\",\"image\":{\"@type\":\"ImageObject\",\"inLanguage\":\"de\",\"@id\":\"https:\\\/\\\/www.kritische-masse.de\\\/logbuch\\\/wp-content\\\/uploads\\\/2024\\\/01\\\/cropped-kritischmasse_man_512.jpg\",\"url\":\"https:\\\/\\\/www.kritische-masse.de\\\/logbuch\\\/wp-content\\\/uploads\\\/2024\\\/01\\\/cropped-kritischmasse_man_512.jpg\",\"contentUrl\":\"https:\\\/\\\/www.kritische-masse.de\\\/logbuch\\\/wp-content\\\/uploads\\\/2024\\\/01\\\/cropped-kritischmasse_man_512.jpg\",\"width\":512,\"height\":512,\"caption\":\"der huflaikhan\"},\"logo\":{\"@id\":\"https:\\\/\\\/www.kritische-masse.de\\\/logbuch\\\/wp-content\\\/uploads\\\/2024\\\/01\\\/cropped-kritischmasse_man_512.jpg\"},\"description\":\"Betreiber der Kritischen Masse seit 1995. Seit 2023 Wiederaufnahme. Promotion mit einer Arbeit \u00fcber Adornos kompositorische und theoretische Auseinandersetzung mit der Zw\u00f6lftontechnik. Arbeit f\u00fcr den Bayerischen und den Mitteldeutschen Rundfunk als freier Autor und Regisseur \u2013 zumindest bis Ende 2015. Online-Redaktion f\u00fcr neue musikzeitung, Jazzzeitung und Oper &amp; Tanz. Ungl\u00fccklich, aber fast taub.\",\"sameAs\":[\"https:\\\/\\\/www.kritische-masse.de\\\/logbuch\\\/\",\"https:\\\/\\\/www.facebook.com\\\/hufner\"],\"url\":\"https:\\\/\\\/www.kritische-masse.de\\\/logbuch\\\/author\\\/martin_d1juqiu5\\\/\"}]}<\/script>\n<!-- \/ Yoast SEO plugin. -->","yoast_head_json":{"title":"Adornos Butler - Kritische Masse","robots":{"index":"index","follow":"follow","max-snippet":"max-snippet:-1","max-image-preview":"max-image-preview:large","max-video-preview":"max-video-preview:-1"},"canonical":"https:\/\/www.kritische-masse.de\/logbuch\/2012\/09\/adornos-butler-2\/","og_locale":"de_DE","og_type":"article","og_title":"Adornos Butler - Kritische Masse","og_description":"Der Preis ist durch. Er hat Schaden hinterlassen. Der Streit um den diesj\u00e4hrigen Adorno-Preis ist ziemlich unlustig. Man muss den Eindruck gewinnen, dass wohl einfach wenig Information viel gestreut wurde. Der Aufstand des Generalsekret\u00e4rs des Zentralrat der Juden in Deutschland bequemt sich aus Judith Butler einen philosophischen D\u00e4mon zu machen, weil diese irgendwann mal irgendwas [&hellip;]","og_url":"https:\/\/www.kritische-masse.de\/logbuch\/2012\/09\/adornos-butler-2\/","og_site_name":"Kritische Masse","article_publisher":"https:\/\/www.facebook.com\/hufner","article_author":"https:\/\/www.facebook.com\/hufner","article_published_time":"2012-09-12T13:31:16+00:00","author":"der huflaikhan","twitter_misc":{"Verfasst von":"der huflaikhan","Gesch\u00e4tzte Lesezeit":"2\u00a0Minuten"},"schema":{"@context":"https:\/\/schema.org","@graph":[{"@type":"Article","@id":"https:\/\/www.kritische-masse.de\/logbuch\/2012\/09\/adornos-butler-2\/#article","isPartOf":{"@id":"https:\/\/www.kritische-masse.de\/logbuch\/2012\/09\/adornos-butler-2\/"},"author":{"name":"der huflaikhan","@id":"https:\/\/www.kritische-masse.de\/logbuch\/#\/schema\/person\/14c491f46504e7f6b79db161f76def1c"},"headline":"Adornos Butler","datePublished":"2012-09-12T13:31:16+00:00","mainEntityOfPage":{"@id":"https:\/\/www.kritische-masse.de\/logbuch\/2012\/09\/adornos-butler-2\/"},"wordCount":420,"commentCount":0,"publisher":{"@id":"https:\/\/www.kritische-masse.de\/logbuch\/#\/schema\/person\/14c491f46504e7f6b79db161f76def1c"},"image":{"@id":"https:\/\/www.kritische-masse.de\/logbuch\/2012\/09\/adornos-butler-2\/#primaryimage"},"thumbnailUrl":"","keywords":["Adorno-Preis","Autorit\u00e4rer Charakter","Judith Butler","Zivilcourage"],"articleSection":["die Kultur","die Urteilskraft"],"inLanguage":"de","potentialAction":[{"@type":"CommentAction","name":"Comment","target":["https:\/\/www.kritische-masse.de\/logbuch\/2012\/09\/adornos-butler-2\/#respond"]}]},{"@type":"WebPage","@id":"https:\/\/www.kritische-masse.de\/logbuch\/2012\/09\/adornos-butler-2\/","url":"https:\/\/www.kritische-masse.de\/logbuch\/2012\/09\/adornos-butler-2\/","name":"Adornos Butler - Kritische Masse","isPartOf":{"@id":"https:\/\/www.kritische-masse.de\/logbuch\/#website"},"primaryImageOfPage":{"@id":"https:\/\/www.kritische-masse.de\/logbuch\/2012\/09\/adornos-butler-2\/#primaryimage"},"image":{"@id":"https:\/\/www.kritische-masse.de\/logbuch\/2012\/09\/adornos-butler-2\/#primaryimage"},"thumbnailUrl":"","datePublished":"2012-09-12T13:31:16+00:00","breadcrumb":{"@id":"https:\/\/www.kritische-masse.de\/logbuch\/2012\/09\/adornos-butler-2\/#breadcrumb"},"inLanguage":"de","potentialAction":[{"@type":"ReadAction","target":["https:\/\/www.kritische-masse.de\/logbuch\/2012\/09\/adornos-butler-2\/"]}]},{"@type":"ImageObject","inLanguage":"de","@id":"https:\/\/www.kritische-masse.de\/logbuch\/2012\/09\/adornos-butler-2\/#primaryimage","url":"","contentUrl":""},{"@type":"BreadcrumbList","@id":"https:\/\/www.kritische-masse.de\/logbuch\/2012\/09\/adornos-butler-2\/#breadcrumb","itemListElement":[{"@type":"ListItem","position":1,"name":"Startseite","item":"https:\/\/www.kritische-masse.de\/logbuch\/"},{"@type":"ListItem","position":2,"name":"Adornos Butler"}]},{"@type":"WebSite","@id":"https:\/\/www.kritische-masse.de\/logbuch\/#website","url":"https:\/\/www.kritische-masse.de\/logbuch\/","name":"kritische masse","description":"amt f\u00fcr vermassungsschutz","publisher":{"@id":"https:\/\/www.kritische-masse.de\/logbuch\/#\/schema\/person\/14c491f46504e7f6b79db161f76def1c"},"alternateName":"das logbuch der kritischen masse","potentialAction":[{"@type":"SearchAction","target":{"@type":"EntryPoint","urlTemplate":"https:\/\/www.kritische-masse.de\/logbuch\/?s={search_term_string}"},"query-input":{"@type":"PropertyValueSpecification","valueRequired":true,"valueName":"search_term_string"}}],"inLanguage":"de"},{"@type":["Person","Organization"],"@id":"https:\/\/www.kritische-masse.de\/logbuch\/#\/schema\/person\/14c491f46504e7f6b79db161f76def1c","name":"der huflaikhan","image":{"@type":"ImageObject","inLanguage":"de","@id":"https:\/\/www.kritische-masse.de\/logbuch\/wp-content\/uploads\/2024\/01\/cropped-kritischmasse_man_512.jpg","url":"https:\/\/www.kritische-masse.de\/logbuch\/wp-content\/uploads\/2024\/01\/cropped-kritischmasse_man_512.jpg","contentUrl":"https:\/\/www.kritische-masse.de\/logbuch\/wp-content\/uploads\/2024\/01\/cropped-kritischmasse_man_512.jpg","width":512,"height":512,"caption":"der huflaikhan"},"logo":{"@id":"https:\/\/www.kritische-masse.de\/logbuch\/wp-content\/uploads\/2024\/01\/cropped-kritischmasse_man_512.jpg"},"description":"Betreiber der Kritischen Masse seit 1995. Seit 2023 Wiederaufnahme. Promotion mit einer Arbeit \u00fcber Adornos kompositorische und theoretische Auseinandersetzung mit der Zw\u00f6lftontechnik. Arbeit f\u00fcr den Bayerischen und den Mitteldeutschen Rundfunk als freier Autor und Regisseur \u2013 zumindest bis Ende 2015. Online-Redaktion f\u00fcr neue musikzeitung, Jazzzeitung und Oper &amp; Tanz. Ungl\u00fccklich, aber fast taub.","sameAs":["https:\/\/www.kritische-masse.de\/logbuch\/","https:\/\/www.facebook.com\/hufner"],"url":"https:\/\/www.kritische-masse.de\/logbuch\/author\/martin_d1juqiu5\/"}]}},"jetpack_publicize_connections":[],"jetpack_featured_media_url":"","categories_names":["die Kultur","die Urteilskraft"],"post_class":[["post-8389","post","type-post","status-publish","format-standard","has-post-thumbnail","hentry","category-die-kultur","category-dieurteilskraft","tag-adorno-preis","tag-autoritaerer-charakter","tag-judith-butler","tag-zivilcourage","entry","has-media"]],"author_avatar":["<img alt='' src='https:\/\/secure.gravatar.com\/avatar\/c23aee426d58e69f14ef471114d4cac215eec702ee1bc331e2a62ea77e96ed60?s=96&#038;d=blank&#038;r=g' srcset='https:\/\/secure.gravatar.com\/avatar\/c23aee426d58e69f14ef471114d4cac215eec702ee1bc331e2a62ea77e96ed60?s=192&#038;d=blank&#038;r=g 2x' class='avatar avatar-96 photo' height='96' width='96' loading='lazy' decoding='async'\/>"],"featured_video":null,"jetpack-related-posts":[{"id":3143,"url":"https:\/\/www.kritische-masse.de\/logbuch\/2012\/09\/adornos-butler\/","url_meta":{"origin":8389,"position":0},"title":"Adornos Butler","author":"huflaikhan","date":"12. September 2012","format":false,"excerpt":"Ein paar Gedanken zum Adorno-Preis, den Adorno nie erhalten h\u00e4tte, wenn denn die Kritiker der diesj\u00e4hrigen Preistr\u00e4gerin sich durchsetzen w\u00fcrden. Der Preis ist durch. Er hat Schaden hinterlassen. Der Streit um den diesj\u00e4hrigen Adorno-Preis ist ziemlich unlustig. Man muss den Eindruck gewinnen, dass wohl einfach wenig Information viel gestreut wurde.\u00a0Der\u2026","rel":"","context":"In \"Adorno-Preis\"","block_context":{"text":"Adorno-Preis","link":"https:\/\/www.kritische-masse.de\/logbuch\/tag\/adorno-preis\/"},"img":{"alt_text":"","src":"","width":0,"height":0},"classes":[]},{"id":8388,"url":"https:\/\/www.kritische-masse.de\/logbuch\/2012\/09\/medienkompetenz-die-2\/","url_meta":{"origin":8389,"position":1},"title":"Medienkompetenz, die","author":"der huflaikhan","date":"1. September 2012","format":false,"excerpt":"Medienkompetenz, die: Kompetenz der Medien, auf Medien einzuwirken. Die Medien f\u00fchlen sich zust\u00e4ndig f\u00fcr den Menschen. Medien brauchen Kompetenz, nicht Menschen, wie vielfach angenommen wird. \u00dcberhaupt wird die Bedeutung der Kompetenz \u00fcberbewertet. Ich bin kompetent in Kloreinigung und R\u00fclpsen. Mein Nachbar kennt sich gut aus mit Autos. Ich habe fr\u00fcher\u2026","rel":"","context":"In &quot;Enzyklop\u00e4die der Kritischen Masse&quot;","block_context":{"text":"Enzyklop\u00e4die der Kritischen Masse","link":"https:\/\/www.kritische-masse.de\/logbuch\/category\/enzyklopaedie-der-kritischen-masse\/"},"img":{"alt_text":"","src":"","width":0,"height":0},"classes":[]},{"id":3139,"url":"https:\/\/www.kritische-masse.de\/logbuch\/2012\/09\/medienkompetenz-die\/","url_meta":{"origin":8389,"position":2},"title":"Medienkompetenz, die","author":"huflaikhan","date":"1. September 2012","format":false,"excerpt":"Der Mensch wird geboren als vollkommen inkompetentes Wesen. Kompetenz stellt sich nach und nach ein. Manchem ist das nicht genug. Heute dominiert der Begriff der Medienkompetenz ganze Diskussionswellen. Rettung in der Not verspricht die Medienkompetenz. Sie wird alles richten. Dr Hufner pl\u00e4diert dagegen f\u00fcr die Abschaffung von Medienkompetenz als einem\u2026","rel":"","context":"In \"Computer\"","block_context":{"text":"Computer","link":"https:\/\/www.kritische-masse.de\/logbuch\/tag\/computer\/"},"img":{"alt_text":"","src":"","width":0,"height":0},"classes":[]},{"id":261,"url":"https:\/\/www.kritische-masse.de\/logbuch\/2003\/10\/tausend-mal-beruehrt-adorno\/","url_meta":{"origin":8389,"position":3},"title":"Tausend mal ber\u00fchrt \u2026 &#8211; Adorno","author":"huflaikhan","date":"17. Oktober 2003","format":false,"excerpt":"Musik: Klaus Lage, Tausend mal ber\u00fchrt ... Autor: Ja, Zoom hat es in diesem Jahr auch bei Adorno, Theodor Wiesengrund Adorno gemacht. Gut, er feierte am 11. September dieses Jahres seinen 100. Geburtstag. Doch eigentlich schien die Akte Adorno schon l\u00e4ngst geschlossen. Und jetzt dieser Aufmerksamkeitsboom. Unter anderem sind drei\u2026","rel":"","context":"\u00c4hnlicher Beitrag","block_context":{"text":"\u00c4hnlicher Beitrag","link":""},"img":{"alt_text":"","src":"","width":0,"height":0},"classes":[]},{"id":8809,"url":"https:\/\/www.kritische-masse.de\/logbuch\/2019\/08\/propaganda-heute-theodor-w-adorno-vor-50-jahren-gestorben\/","url_meta":{"origin":8389,"position":4},"title":"Propaganda heute \u2013 Theodor W. Adorno vor 50 Jahren gestorben","author":"der huflaikhan","date":"6. August 2019","format":false,"excerpt":"Heute j\u00e4hrt sich zum 50. Mal der Todestag von Theodor W. Adorno. Hans-J\u00fcrgen Schaal hat sich in der aktuellen nmz mit seinem Konzept einer \u201cinformellen Musik\u201d auseinandergesetzt, die er bis in seine Jugend und aus ihr heraus rekonstruiert. Ein paar Sendungen im Rundfunk, die an Adorno erinnern, hat Martin Hufner\u2026","rel":"","context":"In &quot;die Kommunikation&quot;","block_context":{"text":"die Kommunikation","link":"https:\/\/www.kritische-masse.de\/logbuch\/category\/angriffauf\/die-kommunikation\/"},"img":{"alt_text":"","src":"","width":0,"height":0},"classes":[]},{"id":9305,"url":"https:\/\/www.kritische-masse.de\/logbuch\/2024\/02\/swr2-wird-zu-swr-kultur-ketchup-statt-adorno-spaetwerk-laengst-vollendet\/","url_meta":{"origin":8389,"position":5},"title":"SWR2 wird zu SWR Kultur \/ Ketchup statt Adorno \/ Sp\u00e4twerk l\u00e4ngst vollendet","author":"der huflaikhan","date":"28. Februar 2024","format":false,"excerpt":"Adorno und Ketchup +++ Eine begrenzte Anzahl des Wortes Kultur in der ARD +++ Das eigene kompositorische Sp\u00e4twerk +++","rel":"","context":"In &quot;Angriff auf \u2026&quot;","block_context":{"text":"Angriff auf \u2026","link":"https:\/\/www.kritische-masse.de\/logbuch\/category\/angriffauf\/"},"img":{"alt_text":"Bauchspuren","src":"https:\/\/i0.wp.com\/www.kritische-masse.de\/logbuch\/wp-content\/uploads\/2024\/02\/IMG_5419.jpg?fit=1200%2C1199&ssl=1&resize=350%2C200","width":350,"height":200,"srcset":"https:\/\/i0.wp.com\/www.kritische-masse.de\/logbuch\/wp-content\/uploads\/2024\/02\/IMG_5419.jpg?fit=1200%2C1199&ssl=1&resize=350%2C200 1x, https:\/\/i0.wp.com\/www.kritische-masse.de\/logbuch\/wp-content\/uploads\/2024\/02\/IMG_5419.jpg?fit=1200%2C1199&ssl=1&resize=525%2C300 1.5x, https:\/\/i0.wp.com\/www.kritische-masse.de\/logbuch\/wp-content\/uploads\/2024\/02\/IMG_5419.jpg?fit=1200%2C1199&ssl=1&resize=700%2C400 2x, https:\/\/i0.wp.com\/www.kritische-masse.de\/logbuch\/wp-content\/uploads\/2024\/02\/IMG_5419.jpg?fit=1200%2C1199&ssl=1&resize=1050%2C600 3x"},"classes":[]}],"jetpack_sharing_enabled":true,"_links":{"self":[{"href":"https:\/\/www.kritische-masse.de\/logbuch\/wp-json\/wp\/v2\/posts\/8389","targetHints":{"allow":["GET"]}}],"collection":[{"href":"https:\/\/www.kritische-masse.de\/logbuch\/wp-json\/wp\/v2\/posts"}],"about":[{"href":"https:\/\/www.kritische-masse.de\/logbuch\/wp-json\/wp\/v2\/types\/post"}],"author":[{"embeddable":true,"href":"https:\/\/www.kritische-masse.de\/logbuch\/wp-json\/wp\/v2\/users\/1"}],"replies":[{"embeddable":true,"href":"https:\/\/www.kritische-masse.de\/logbuch\/wp-json\/wp\/v2\/comments?post=8389"}],"version-history":[{"count":0,"href":"https:\/\/www.kritische-masse.de\/logbuch\/wp-json\/wp\/v2\/posts\/8389\/revisions"}],"wp:featuredmedia":[{"embeddable":true,"href":"https:\/\/www.kritische-masse.de\/logbuch\/wp-json\/wp\/v2\/posts\/1258"}],"wp:attachment":[{"href":"https:\/\/www.kritische-masse.de\/logbuch\/wp-json\/wp\/v2\/media?parent=8389"}],"wp:term":[{"taxonomy":"category","embeddable":true,"href":"https:\/\/www.kritische-masse.de\/logbuch\/wp-json\/wp\/v2\/categories?post=8389"},{"taxonomy":"post_tag","embeddable":true,"href":"https:\/\/www.kritische-masse.de\/logbuch\/wp-json\/wp\/v2\/tags?post=8389"}],"curies":[{"name":"wp","href":"https:\/\/api.w.org\/{rel}","templated":true}]}}