{"id":8592,"date":"2015-08-19T10:42:52","date_gmt":"2015-08-19T08:42:52","guid":{"rendered":"http:\/\/blogs.nmz.de\/wm2014\/?p=1762"},"modified":"2015-08-19T10:42:52","modified_gmt":"2015-08-19T08:42:52","slug":"was-waere-wenn-die-bayreuther-festspiele-twittern-wuerden-ueber-wahre-faelschungen","status":"publish","type":"post","link":"https:\/\/www.kritische-masse.de\/logbuch\/2015\/08\/was-waere-wenn-die-bayreuther-festspiele-twittern-wuerden-ueber-wahre-faelschungen\/","title":{"rendered":"Was w\u00e4re, wenn \u2026 die Bayreuther Festspiele twittern w\u00fcrden \u2013 \u00dcber wahre F\u00e4lschungen"},"content":{"rendered":"<div class=\"shariff shariff-align-left shariff-widget-align-left\"><ul class=\"shariff-buttons theme-white orientation-horizontal buttonsize-small\"><li class=\"shariff-button mastodon shariff-nocustomcolor\" style=\"background-color:#563ACC\"><a href=\"https:\/\/s2f.kytta.dev\/?text=Was%20w%C3%A4re%2C%20wenn%20%E2%80%A6%20die%20Bayreuther%20Festspiele%20twittern%20w%C3%BCrden%20%E2%80%93%20%C3%9Cber%20wahre%20F%C3%A4lschungen https%3A%2F%2Fwww.kritische-masse.de%2Flogbuch%2F2015%2F08%2Fwas-waere-wenn-die-bayreuther-festspiele-twittern-wuerden-ueber-wahre-faelschungen%2F\" title=\"Bei Mastodon teilen\" aria-label=\"Bei Mastodon teilen\" role=\"button\" rel=\"noopener nofollow\" class=\"shariff-link\" style=\"; background-color:#6364FF; color:#6364FF\" target=\"_blank\"><span class=\"shariff-icon\" style=\"fill:#6364FF\"><svg width=\"75\" height=\"79\" viewBox=\"0 0 75 79\" fill=\"none\" xmlns=\"http:\/\/www.w3.org\/2000\/svg\"><path d=\"M37.813-.025C32.462-.058 27.114.13 21.79.598c-8.544.621-17.214 5.58-20.203 13.931C-1.12 23.318.408 32.622.465 41.65c.375 7.316.943 14.78 3.392 21.73 4.365 9.465 14.781 14.537 24.782 15.385 7.64.698 15.761-.213 22.517-4.026a54.1 54.1 0 0 0 .01-6.232c-6.855 1.316-14.101 2.609-21.049 1.074-3.883-.88-6.876-4.237-7.25-8.215-1.53-3.988 3.78-.43 5.584-.883 9.048 1.224 18.282.776 27.303-.462 7.044-.837 14.26-4.788 16.65-11.833 2.263-6.135 1.215-12.79 1.698-19.177.06-3.84.09-7.692-.262-11.52C72.596 7.844 63.223.981 53.834.684a219.453 219.453 0 0 0-16.022-.71zm11.294 12.882c5.5-.067 10.801 4.143 11.67 9.653.338 1.48.471 3 .471 4.515v21.088h-8.357c-.07-7.588.153-15.182-.131-22.765-.587-4.368-7.04-5.747-9.672-2.397-2.422 3.04-1.47 7.155-1.67 10.735v6.392h-8.307c-.146-4.996.359-10.045-.404-15.002-1.108-4.218-7.809-5.565-10.094-1.666-1.685 3.046-.712 6.634-.976 9.936v14.767h-8.354c.109-8.165-.238-16.344.215-24.5.674-5.346 5.095-10.389 10.676-10.627 4.902-.739 10.103 2.038 12.053 6.631.375 1.435 1.76 1.932 1.994.084 1.844-3.704 5.501-6.739 9.785-6.771.367-.044.735-.068 1.101-.073z\"\/><defs><linearGradient id=\"paint0_linear_549_34\" x1=\"37.0692\" y1=\"0\" x2=\"37.0692\" y2=\"79\" gradientUnits=\"userSpaceOnUse\"><stop stop-color=\"#6364FF\"\/><stop offset=\"1\" stop-color=\"#563ACC\"\/><\/linearGradient><\/defs><\/svg><\/span><span class=\"shariff-text\" style=\"color:#6364FF\">teilen<\/span>&nbsp;<\/a><\/li><li class=\"shariff-button bluesky shariff-nocustomcolor\" style=\"background-color:#84c4ff\"><a href=\"https:\/\/bsky.app\/intent\/compose?text=Was%20w%C3%A4re%2C%20wenn%20%E2%80%A6%20die%20Bayreuther%20Festspiele%20twittern%20w%C3%BCrden%20%E2%80%93%20%C3%9Cber%20wahre%20F%C3%A4lschungen https%3A%2F%2Fwww.kritische-masse.de%2Flogbuch%2F2015%2F08%2Fwas-waere-wenn-die-bayreuther-festspiele-twittern-wuerden-ueber-wahre-faelschungen%2F \" title=\"Bei Bluesky teilen\" aria-label=\"Bei Bluesky teilen\" role=\"button\" rel=\"noopener nofollow\" class=\"shariff-link\" style=\"; background-color:#0085ff; color:#0085ff\" target=\"_blank\"><span class=\"shariff-icon\" style=\"fill:#0085ff\"><svg width=\"20\" height=\"20\" version=\"1.1\" xmlns=\"http:\/\/www.w3.org\/2000\/svg\" viewBox=\"0 0 20 20\"><path class=\"st0\" d=\"M4.89,3.12c2.07,1.55,4.3,4.71,5.11,6.4.82-1.69,3.04-4.84,5.11-6.4,1.49-1.12,3.91-1.99,3.91.77,0,.55-.32,4.63-.5,5.3-.64,2.3-2.99,2.89-5.08,2.54,3.65.62,4.58,2.68,2.57,4.74-3.81,3.91-5.48-.98-5.9-2.23-.08-.23-.11-.34-.12-.25,0-.09-.04.02-.12.25-.43,1.25-2.09,6.14-5.9,2.23-2.01-2.06-1.08-4.12,2.57-4.74-2.09.36-4.44-.23-5.08-2.54-.19-.66-.5-4.74-.5-5.3,0-2.76,2.42-1.89,3.91-.77h0Z\"\/><\/svg><\/span><span class=\"shariff-text\" style=\"color:#0085ff\">teilen<\/span>&nbsp;<\/a><\/li><li class=\"shariff-button threema shariff-nocustomcolor shariff-mobile\" style=\"background-color:#4fbc24\"><a href=\"threema:\/\/compose?text=Was%20w%C3%A4re%2C%20wenn%20%E2%80%A6%20die%20Bayreuther%20Festspiele%20twittern%20w%C3%BCrden%20%E2%80%93%20%C3%9Cber%20wahre%20F%C3%A4lschungen%20https%3A%2F%2Fwww.kritische-masse.de%2Flogbuch%2F2015%2F08%2Fwas-waere-wenn-die-bayreuther-festspiele-twittern-wuerden-ueber-wahre-faelschungen%2F\" title=\"Bei Threema teilen\" aria-label=\"Bei Threema teilen\" role=\"button\" rel=\"noopener nofollow\" class=\"shariff-link\" style=\"; background-color:#1f1f1f; color:#1f1f1f\" target=\"_blank\"><span class=\"shariff-icon\" style=\"fill:#1f1f1f\"><svg width=\"32px\" height=\"20px\" xmlns=\"http:\/\/www.w3.org\/2000\/svg\" viewBox=\"0 0 32 32\"><path fill=\"#1f1f1f\" d=\"M30.8 10.9c-0.3-1.4-0.9-2.6-1.8-3.8-2-2.6-5.5-4.5-9.4-5.2-1.3-0.2-1.9-0.3-3.5-0.3s-2.2 0-3.5 0.3c-4 0.7-7.4 2.6-9.4 5.2-0.9 1.2-1.5 2.4-1.8 3.8-0.1 0.5-0.2 1.2-0.2 1.6 0 0.4 0.1 1.1 0.2 1.6 0.4 1.9 1.3 3.4 2.9 5 0.8 0.8 0.8 0.8 0.7 1.3 0 0.6-0.5 1.6-1.7 3.6-0.3 0.5-0.5 0.9-0.5 0.9 0 0.1 0.1 0.1 0.5 0 0.8-0.2 2.3-0.6 5.6-1.6 1.1-0.3 1.3-0.4 2.3-0.4 0.8 0 1.1 0 2.3 0.2 1.5 0.2 3.5 0.2 4.9 0 5.1-0.6 9.3-2.9 11.4-6.3 0.5-0.9 0.9-1.8 1.1-2.8 0.1-0.5 0.2-1.1 0.2-1.6 0-0.7-0.1-1.1-0.2-1.6-0.3-1.4 0.1 0.5 0 0zM20.6 17.3c0 0.4-0.4 0.8-0.8 0.8h-7.7c-0.4 0-0.8-0.4-0.8-0.8v-4.6c0-0.4 0.4-0.8 0.8-0.8h0.2l0-1.6c0-0.9 0-1.8 0.1-2 0.1-0.6 0.6-1.2 1.1-1.7s1.1-0.7 1.9-0.8c1.8-0.3 3.7 0.7 4.2 2.2 0.1 0.3 0.1 0.7 0.1 2.1v0 1.7h0.1c0.4 0 0.8 0.4 0.8 0.8v4.6zM15.6 7.3c-0.5 0.1-0.8 0.3-1.2 0.6s-0.6 0.8-0.7 1.3c0 0.2 0 0.8 0 1.5l0 1.2h4.6v-1.3c0-1 0-1.4-0.1-1.6-0.3-1.1-1.5-1.9-2.6-1.7zM25.8 28.2c0 1.2-1 2.2-2.1 2.2s-2.1-1-2.1-2.1c0-1.2 1-2.1 2.2-2.1s2.2 1 2.2 2.2zM18.1 28.2c0 1.2-1 2.2-2.1 2.2s-2.1-1-2.1-2.1c0-1.2 1-2.1 2.2-2.1s2.2 1 2.2 2.2zM10.4 28.2c0 1.2-1 2.2-2.1 2.2s-2.1-1-2.1-2.1c0-1.2 1-2.1 2.2-2.1s2.2 1 2.2 2.2z\"\/><\/svg><\/span><span class=\"shariff-text\" style=\"color:#1f1f1f\">teilen<\/span>&nbsp;<\/a><\/li><li class=\"shariff-button facebook shariff-nocustomcolor\" style=\"background-color:#4273c8\"><a href=\"https:\/\/www.facebook.com\/sharer\/sharer.php?u=https%3A%2F%2Fwww.kritische-masse.de%2Flogbuch%2F2015%2F08%2Fwas-waere-wenn-die-bayreuther-festspiele-twittern-wuerden-ueber-wahre-faelschungen%2F\" title=\"Bei Facebook teilen\" aria-label=\"Bei Facebook teilen\" role=\"button\" rel=\"nofollow\" class=\"shariff-link\" style=\"; background-color:#3b5998; color:#3b5998\" target=\"_blank\"><span class=\"shariff-icon\" style=\"fill:#3b5998\"><svg width=\"32px\" height=\"20px\" xmlns=\"http:\/\/www.w3.org\/2000\/svg\" viewBox=\"0 0 18 32\"><path fill=\"#3b5998\" d=\"M17.1 0.2v4.7h-2.8q-1.5 0-2.1 0.6t-0.5 1.9v3.4h5.2l-0.7 5.3h-4.5v13.6h-5.5v-13.6h-4.5v-5.3h4.5v-3.9q0-3.3 1.9-5.2t5-1.8q2.6 0 4.1 0.2z\"\/><\/svg><\/span><span class=\"shariff-text\" style=\"color:#3b5998\">teilen<\/span>&nbsp;<\/a><\/li><li class=\"shariff-button info shariff-nocustomcolor\" style=\"background-color:#a8a8a8\"><a href=\"http:\/\/ct.de\/-2467514\" title=\"Weitere Informationen\" aria-label=\"Weitere Informationen\" role=\"button\" rel=\"noopener \" class=\"shariff-link\" style=\"; background-color:#999; color:#999\" target=\"_blank\"><span class=\"shariff-icon\" style=\"fill:#999\"><svg width=\"32px\" height=\"20px\" xmlns=\"http:\/\/www.w3.org\/2000\/svg\" viewBox=\"0 0 11 32\"><path fill=\"#999\" d=\"M11.4 24v2.3q0 0.5-0.3 0.8t-0.8 0.4h-9.1q-0.5 0-0.8-0.4t-0.4-0.8v-2.3q0-0.5 0.4-0.8t0.8-0.4h1.1v-6.8h-1.1q-0.5 0-0.8-0.4t-0.4-0.8v-2.3q0-0.5 0.4-0.8t0.8-0.4h6.8q0.5 0 0.8 0.4t0.4 0.8v10.3h1.1q0.5 0 0.8 0.4t0.3 0.8zM9.2 3.4v3.4q0 0.5-0.4 0.8t-0.8 0.4h-4.6q-0.4 0-0.8-0.4t-0.4-0.8v-3.4q0-0.4 0.4-0.8t0.8-0.4h4.6q0.5 0 0.8 0.4t0.4 0.8z\"\/><\/svg><\/span><\/a><\/li><\/ul><\/div><p>Nichts ist das, was es ist. Alles ist anders. Das Internet vergisst nichts, aber es merkt (sich?) auch nichts. Manchmal ist es besser als es scheint. Auch wenn es nur scheint und nicht ist.<\/p>\n<div class=\"oceanwp-oembed-wrap clr\">\n<div class=\"embed-twitter\">\n<blockquote class=\"twitter-tweet\" data-width=\"550\" data-dnt=\"true\">\n<p lang=\"de\" dir=\"ltr\">Wir wissen: <a href=\"https:\/\/twitter.com\/BayreuthFest?ref_src=twsrc%5Etfw\">@BayreuthFest<\/a> IST ein <a href=\"https:\/\/twitter.com\/hashtag\/Fake?src=hash&amp;ref_src=twsrc%5Etfw\">#Fake<\/a>.<br \/>Und so haben wir&#39;s gemacht: <a href=\"http:\/\/t.co\/Nj6WSNbqt7\">http:\/\/t.co\/Nj6WSNbqt7<\/a><br \/>\ud83d\ude4a <a href=\"https:\/\/twitter.com\/hashtag\/BF15?src=hash&amp;ref_src=twsrc%5Etfw\">#BF15<\/a> <a href=\"https:\/\/twitter.com\/hashtag\/Bayreuthfake?src=hash&amp;ref_src=twsrc%5Etfw\">#Bayreuthfake<\/a> <a href=\"http:\/\/t.co\/r8xKTUtrql\">pic.twitter.com\/r8xKTUtrql<\/a><\/p>\n<p>&mdash; Musik &#8211; mit allem und viel scharf (@mmauvs) <a href=\"https:\/\/twitter.com\/mmauvs\/status\/633676935223230464?ref_src=twsrc%5Etfw\">August 18, 2015<\/a><\/p><\/blockquote>\n<p><script async src=\"https:\/\/platform.twitter.com\/widgets.js\" charset=\"utf-8\"><\/script><\/div>\n<\/div>\n<p>Die Bayreuther Festspiele, Sie wissen was das ist, hatten dieses Jahr ihre Social-Media-Initiative gestartet. Die, die in diesem Gebiet bislang wirklich nichts gemacht haben, deren Kontakt-Schiene einigerma\u00dfen knapp ist,<\/p>\n<figure id=\"attachment_1763\" aria-describedby=\"caption-attachment-1763\" style=\"width: 795px\" class=\"wp-caption aligncenter\"><a href=\"https:\/\/i0.wp.com\/www.kritische-masse.de\/logbuch\/wp-content\/2015\/08\/screenshot-www-bayreuther-festspiele-de-2015-08-18-23-21-56.png?ssl=1\"><img data-recalc-dims=\"1\" loading=\"lazy\" decoding=\"async\" data-attachment-id=\"1763\" data-permalink=\"https:\/\/www.kritische-masse.de\/logbuch\/attachment-wat-nu\/\" data-orig-file=\"https:\/\/i0.wp.com\/www.kritische-masse.de\/logbuch\/wp-content\/uploads\/2006\/06\/2006-06-entengang.jpg?fit=1024%2C600&amp;ssl=1\" data-orig-size=\"1024,600\" data-comments-opened=\"0\" data-image-meta=\"{&quot;aperture&quot;:&quot;0&quot;,&quot;credit&quot;:&quot;&quot;,&quot;camera&quot;:&quot;&quot;,&quot;caption&quot;:&quot;&quot;,&quot;created_timestamp&quot;:&quot;0&quot;,&quot;copyright&quot;:&quot;&quot;,&quot;focal_length&quot;:&quot;0&quot;,&quot;iso&quot;:&quot;0&quot;,&quot;shutter_speed&quot;:&quot;0&quot;,&quot;title&quot;:&quot;&quot;,&quot;orientation&quot;:&quot;0&quot;}\" data-image-title=\"Wat nu?\" data-image-description=\"\" data-image-caption=\"\" data-large-file=\"https:\/\/i0.wp.com\/www.kritische-masse.de\/logbuch\/wp-content\/uploads\/2006\/06\/2006-06-entengang.jpg?fit=1024%2C600&amp;ssl=1\" class=\"wp-image-1763 size-full\" src=\"https:\/\/i0.wp.com\/www.kritische-masse.de\/logbuch\/wp-content\/2015\/08\/screenshot-www-bayreuther-festspiele-de-2015-08-18-23-21-56.png?resize=795%2C525&#038;ssl=1\" alt=\"Das einzige Telefon in Bayreuth. Screenshot\" width=\"795\" height=\"525\" \/><\/a><figcaption id=\"caption-attachment-1763\" class=\"wp-caption-text\">Das einzige Telefon in Bayreuth. Screenshot<\/figcaption><\/figure>\n<p>die <a href=\"https:\/\/twitter.com\/BayreuthFest\" target=\"_blank\" rel=\"noopener noreferrer\">machen jetzt im bunten Twitterreigen mit<\/a>? Das Erstaunen war gro\u00df, aber doch nicht so gro\u00df, dass es unm\u00f6glich erschien. Und so twitterte Bayreuth zu den Festspielen. In kurzer Zeit kamen \u00fcber 700 Follower. Es ging betont locker dabei zu. Machte Laune. Toll gemacht, Bayreuther Festspiele.<\/p>\n<p>Und dann stellte sich heraus? Das waren die gar nicht, sondern die von <a href=\"https:\/\/twitter,com\/mmauvs\" target=\"_blank\" rel=\"noopener noreferrer\">@mmauvs<\/a>. Denn die Bayreuther Festspiele machen nichts. Was aber m\u00f6glich w\u00e4re und noch ist, dass hat dieser Fake-Account durchaus gezeigt.<\/p>\n<p>Unter dem Hashtag <a href=\"https:\/\/twitter.com\/hashtag\/WhyILoveWagner?src=hash\" target=\"_blank\" rel=\"noopener noreferrer\">\u201eWhy I Love Wagner\u201c<\/a> zum Beispiel.<\/p>\n<div class=\"oceanwp-oembed-wrap clr\">\n<div class=\"embed-twitter\">\n<blockquote class=\"twitter-tweet\" data-width=\"550\" data-dnt=\"true\">\n<p lang=\"de\" dir=\"ltr\"><a href=\"https:\/\/twitter.com\/BayreuthFest?ref_src=twsrc%5Etfw\">@BayreuthFest<\/a> mein Papa hat mir in den 80er die Aufnahme des Karajan-Rings vorgespielt. Eine 30 jahre alte Liebesgschichte! <a href=\"https:\/\/twitter.com\/hashtag\/WhyILoveWagner?src=hash&amp;ref_src=twsrc%5Etfw\">#WhyILoveWagner<\/a><\/p>\n<p>&mdash; Miss Fidget (@wonkham) <a href=\"https:\/\/twitter.com\/wonkham\/status\/631069491498209280?ref_src=twsrc%5Etfw\">August 11, 2015<\/a><\/p><\/blockquote>\n<p><script async src=\"https:\/\/platform.twitter.com\/widgets.js\" charset=\"utf-8\"><\/script><\/div>\n<\/div>\n<p>Oder wo man mal Wagner-Zitate, kuriose, normale, irgendwelche unter <a href=\"https:\/\/twitter.com\/hashtag\/BFquote?src=hash\" target=\"_blank\" rel=\"noopener noreferrer\">#BFQuote einsammelte<\/a>. Beispiel:<\/p>\n<div class=\"oceanwp-oembed-wrap clr\">\n<div class=\"embed-twitter\">\n<blockquote class=\"twitter-tweet\" data-width=\"550\" data-dnt=\"true\">\n<p lang=\"de\" dir=\"ltr\">&quot;Wer baut auf Wind,\u00a0baut auf Satans Erbarmen!&quot; <a href=\"https:\/\/twitter.com\/hashtag\/BFquote?src=hash&amp;ref_src=twsrc%5Etfw\">#BFquote<\/a> <a href=\"https:\/\/twitter.com\/hashtag\/Holl%C3%A4nder?src=hash&amp;ref_src=twsrc%5Etfw\">#Holl\u00e4nder<\/a> <a href=\"https:\/\/twitter.com\/hashtag\/Energiewende?src=hash&amp;ref_src=twsrc%5Etfw\">#Energiewende<\/a> <a href=\"https:\/\/t.co\/IhBGlr65TE\">https:\/\/t.co\/IhBGlr65TE<\/a><\/p>\n<p>&mdash; Malte van Haastrecht (@haastrecht) <a href=\"https:\/\/twitter.com\/haastrecht\/status\/626383237946937344?ref_src=twsrc%5Etfw\">July 29, 2015<\/a><\/p><\/blockquote>\n<p><script async src=\"https:\/\/platform.twitter.com\/widgets.js\" charset=\"utf-8\"><\/script><\/div>\n<\/div>\n<p>Also, es war ganz sch\u00f6n was los. Informationen zu Fernsehmitschnitten, Live-\u00dcbertragungen im Funk etc. Die Sache war gut gemacht. Wer sich da get\u00e4uscht f\u00fchlte, war es eigentlich ja gar nicht. Es war eher eine Studie in: Was w\u00e4re, wenn \u2026 die Bayreuther Festspiele twittern w\u00fcrden.<\/p>\n<p>Es f\u00e4llt darum schwer, zu sagen, es war ein \u201eFake\u201c oder \u201eSatire\u201c nur. Eigentlich ist die Erkenntnis ganz simpel: Man kann mit etwas Elan, Witz und Esprit durchaus auch die ehrw\u00fcrdigen Bayreuther Festspiele ins Netz f\u00fchren. Es muss halt nur jemand machen. Umso erstaunter nimmt man zur Kenntnis, dass m\u00f6glicherweise die Bayreuther Verantwortlichen es nicht so sehen.<\/p>\n<div class=\"oceanwp-oembed-wrap clr\">\n<div class=\"embed-twitter\">\n<blockquote class=\"twitter-tweet\" data-width=\"550\" data-dnt=\"true\">\n<p lang=\"de\" dir=\"ltr\"><a href=\"https:\/\/twitter.com\/mmauvs?ref_src=twsrc%5Etfw\">@mmauvs<\/a> Und ich w\u00fcrde euch empfehlen mit <a href=\"https:\/\/twitter.com\/hashtag\/BF?src=hash&amp;ref_src=twsrc%5Etfw\">#BF<\/a> in Kontakt zu treten bevor es ausartet: <a href=\"http:\/\/t.co\/WYhZxFPyko\">pic.twitter.com\/WYhZxFPyko<\/a><\/p>\n<p>&mdash; Giuseppe van Wagner (@barbrastreusand) <a href=\"https:\/\/twitter.com\/barbrastreusand\/status\/633678795866812418?ref_src=twsrc%5Etfw\">August 18, 2015<\/a><\/p><\/blockquote>\n<p><script async src=\"https:\/\/platform.twitter.com\/widgets.js\" charset=\"utf-8\"><\/script><\/div>\n<\/div>\n<p>Was soll da ein Anwalt ausrichten, warum geht man nicht einfach auf die eifrigen Helfer zu und dankt ihnen f\u00fcr die Arbeit. Wahrscheinlich alles halb so wild, wenn die Bayreuther dar\u00fcber nachdenken. N\u00e4chstes Jahr sollen die Macher einfach einen honorierten Job erhalten und den Twitter-Account betreuen.<\/p>\n<p>https:\/\/twitter.com\/jlachermeier\/status\/633702422880350213<\/p>\n<p>https:\/\/twitter.com\/ivisbohlen\/status\/633786109340876800<\/p>\n<p>Volle Zustimmung!<\/p>\n<p>Das Ich ist im Netz manchmal das Andere. Und das Andere ist gelegentlich auch das bessere Ich.<\/p>\n<div class=\"shariff shariff-align-left shariff-widget-align-left\"><ul class=\"shariff-buttons theme-white orientation-horizontal buttonsize-small\"><li class=\"shariff-button mastodon shariff-nocustomcolor\" style=\"background-color:#563ACC\"><a href=\"https:\/\/s2f.kytta.dev\/?text=Was%20w%C3%A4re%2C%20wenn%20%E2%80%A6%20die%20Bayreuther%20Festspiele%20twittern%20w%C3%BCrden%20%E2%80%93%20%C3%9Cber%20wahre%20F%C3%A4lschungen https%3A%2F%2Fwww.kritische-masse.de%2Flogbuch%2F2015%2F08%2Fwas-waere-wenn-die-bayreuther-festspiele-twittern-wuerden-ueber-wahre-faelschungen%2F\" title=\"Bei Mastodon teilen\" aria-label=\"Bei Mastodon teilen\" role=\"button\" rel=\"noopener nofollow\" class=\"shariff-link\" style=\"; background-color:#6364FF; color:#6364FF\" target=\"_blank\"><span class=\"shariff-icon\" style=\"fill:#6364FF\"><svg width=\"75\" height=\"79\" viewBox=\"0 0 75 79\" fill=\"none\" xmlns=\"http:\/\/www.w3.org\/2000\/svg\"><path d=\"M37.813-.025C32.462-.058 27.114.13 21.79.598c-8.544.621-17.214 5.58-20.203 13.931C-1.12 23.318.408 32.622.465 41.65c.375 7.316.943 14.78 3.392 21.73 4.365 9.465 14.781 14.537 24.782 15.385 7.64.698 15.761-.213 22.517-4.026a54.1 54.1 0 0 0 .01-6.232c-6.855 1.316-14.101 2.609-21.049 1.074-3.883-.88-6.876-4.237-7.25-8.215-1.53-3.988 3.78-.43 5.584-.883 9.048 1.224 18.282.776 27.303-.462 7.044-.837 14.26-4.788 16.65-11.833 2.263-6.135 1.215-12.79 1.698-19.177.06-3.84.09-7.692-.262-11.52C72.596 7.844 63.223.981 53.834.684a219.453 219.453 0 0 0-16.022-.71zm11.294 12.882c5.5-.067 10.801 4.143 11.67 9.653.338 1.48.471 3 .471 4.515v21.088h-8.357c-.07-7.588.153-15.182-.131-22.765-.587-4.368-7.04-5.747-9.672-2.397-2.422 3.04-1.47 7.155-1.67 10.735v6.392h-8.307c-.146-4.996.359-10.045-.404-15.002-1.108-4.218-7.809-5.565-10.094-1.666-1.685 3.046-.712 6.634-.976 9.936v14.767h-8.354c.109-8.165-.238-16.344.215-24.5.674-5.346 5.095-10.389 10.676-10.627 4.902-.739 10.103 2.038 12.053 6.631.375 1.435 1.76 1.932 1.994.084 1.844-3.704 5.501-6.739 9.785-6.771.367-.044.735-.068 1.101-.073z\"\/><defs><linearGradient id=\"paint0_linear_549_34\" x1=\"37.0692\" y1=\"0\" x2=\"37.0692\" y2=\"79\" gradientUnits=\"userSpaceOnUse\"><stop stop-color=\"#6364FF\"\/><stop offset=\"1\" stop-color=\"#563ACC\"\/><\/linearGradient><\/defs><\/svg><\/span><span class=\"shariff-text\" style=\"color:#6364FF\">teilen<\/span>&nbsp;<\/a><\/li><li class=\"shariff-button bluesky shariff-nocustomcolor\" style=\"background-color:#84c4ff\"><a href=\"https:\/\/bsky.app\/intent\/compose?text=Was%20w%C3%A4re%2C%20wenn%20%E2%80%A6%20die%20Bayreuther%20Festspiele%20twittern%20w%C3%BCrden%20%E2%80%93%20%C3%9Cber%20wahre%20F%C3%A4lschungen https%3A%2F%2Fwww.kritische-masse.de%2Flogbuch%2F2015%2F08%2Fwas-waere-wenn-die-bayreuther-festspiele-twittern-wuerden-ueber-wahre-faelschungen%2F \" title=\"Bei Bluesky teilen\" aria-label=\"Bei Bluesky teilen\" role=\"button\" rel=\"noopener nofollow\" class=\"shariff-link\" style=\"; background-color:#0085ff; color:#0085ff\" target=\"_blank\"><span class=\"shariff-icon\" style=\"fill:#0085ff\"><svg width=\"20\" height=\"20\" version=\"1.1\" xmlns=\"http:\/\/www.w3.org\/2000\/svg\" viewBox=\"0 0 20 20\"><path class=\"st0\" d=\"M4.89,3.12c2.07,1.55,4.3,4.71,5.11,6.4.82-1.69,3.04-4.84,5.11-6.4,1.49-1.12,3.91-1.99,3.91.77,0,.55-.32,4.63-.5,5.3-.64,2.3-2.99,2.89-5.08,2.54,3.65.62,4.58,2.68,2.57,4.74-3.81,3.91-5.48-.98-5.9-2.23-.08-.23-.11-.34-.12-.25,0-.09-.04.02-.12.25-.43,1.25-2.09,6.14-5.9,2.23-2.01-2.06-1.08-4.12,2.57-4.74-2.09.36-4.44-.23-5.08-2.54-.19-.66-.5-4.74-.5-5.3,0-2.76,2.42-1.89,3.91-.77h0Z\"\/><\/svg><\/span><span class=\"shariff-text\" style=\"color:#0085ff\">teilen<\/span>&nbsp;<\/a><\/li><li class=\"shariff-button threema shariff-nocustomcolor shariff-mobile\" style=\"background-color:#4fbc24\"><a href=\"threema:\/\/compose?text=Was%20w%C3%A4re%2C%20wenn%20%E2%80%A6%20die%20Bayreuther%20Festspiele%20twittern%20w%C3%BCrden%20%E2%80%93%20%C3%9Cber%20wahre%20F%C3%A4lschungen%20https%3A%2F%2Fwww.kritische-masse.de%2Flogbuch%2F2015%2F08%2Fwas-waere-wenn-die-bayreuther-festspiele-twittern-wuerden-ueber-wahre-faelschungen%2F\" title=\"Bei Threema teilen\" aria-label=\"Bei Threema teilen\" role=\"button\" rel=\"noopener nofollow\" class=\"shariff-link\" style=\"; background-color:#1f1f1f; color:#1f1f1f\" target=\"_blank\"><span class=\"shariff-icon\" style=\"fill:#1f1f1f\"><svg width=\"32px\" height=\"20px\" xmlns=\"http:\/\/www.w3.org\/2000\/svg\" viewBox=\"0 0 32 32\"><path fill=\"#1f1f1f\" d=\"M30.8 10.9c-0.3-1.4-0.9-2.6-1.8-3.8-2-2.6-5.5-4.5-9.4-5.2-1.3-0.2-1.9-0.3-3.5-0.3s-2.2 0-3.5 0.3c-4 0.7-7.4 2.6-9.4 5.2-0.9 1.2-1.5 2.4-1.8 3.8-0.1 0.5-0.2 1.2-0.2 1.6 0 0.4 0.1 1.1 0.2 1.6 0.4 1.9 1.3 3.4 2.9 5 0.8 0.8 0.8 0.8 0.7 1.3 0 0.6-0.5 1.6-1.7 3.6-0.3 0.5-0.5 0.9-0.5 0.9 0 0.1 0.1 0.1 0.5 0 0.8-0.2 2.3-0.6 5.6-1.6 1.1-0.3 1.3-0.4 2.3-0.4 0.8 0 1.1 0 2.3 0.2 1.5 0.2 3.5 0.2 4.9 0 5.1-0.6 9.3-2.9 11.4-6.3 0.5-0.9 0.9-1.8 1.1-2.8 0.1-0.5 0.2-1.1 0.2-1.6 0-0.7-0.1-1.1-0.2-1.6-0.3-1.4 0.1 0.5 0 0zM20.6 17.3c0 0.4-0.4 0.8-0.8 0.8h-7.7c-0.4 0-0.8-0.4-0.8-0.8v-4.6c0-0.4 0.4-0.8 0.8-0.8h0.2l0-1.6c0-0.9 0-1.8 0.1-2 0.1-0.6 0.6-1.2 1.1-1.7s1.1-0.7 1.9-0.8c1.8-0.3 3.7 0.7 4.2 2.2 0.1 0.3 0.1 0.7 0.1 2.1v0 1.7h0.1c0.4 0 0.8 0.4 0.8 0.8v4.6zM15.6 7.3c-0.5 0.1-0.8 0.3-1.2 0.6s-0.6 0.8-0.7 1.3c0 0.2 0 0.8 0 1.5l0 1.2h4.6v-1.3c0-1 0-1.4-0.1-1.6-0.3-1.1-1.5-1.9-2.6-1.7zM25.8 28.2c0 1.2-1 2.2-2.1 2.2s-2.1-1-2.1-2.1c0-1.2 1-2.1 2.2-2.1s2.2 1 2.2 2.2zM18.1 28.2c0 1.2-1 2.2-2.1 2.2s-2.1-1-2.1-2.1c0-1.2 1-2.1 2.2-2.1s2.2 1 2.2 2.2zM10.4 28.2c0 1.2-1 2.2-2.1 2.2s-2.1-1-2.1-2.1c0-1.2 1-2.1 2.2-2.1s2.2 1 2.2 2.2z\"\/><\/svg><\/span><span class=\"shariff-text\" style=\"color:#1f1f1f\">teilen<\/span>&nbsp;<\/a><\/li><li class=\"shariff-button facebook shariff-nocustomcolor\" style=\"background-color:#4273c8\"><a href=\"https:\/\/www.facebook.com\/sharer\/sharer.php?u=https%3A%2F%2Fwww.kritische-masse.de%2Flogbuch%2F2015%2F08%2Fwas-waere-wenn-die-bayreuther-festspiele-twittern-wuerden-ueber-wahre-faelschungen%2F\" title=\"Bei Facebook teilen\" aria-label=\"Bei Facebook teilen\" role=\"button\" rel=\"nofollow\" class=\"shariff-link\" style=\"; background-color:#3b5998; color:#3b5998\" target=\"_blank\"><span class=\"shariff-icon\" style=\"fill:#3b5998\"><svg width=\"32px\" height=\"20px\" xmlns=\"http:\/\/www.w3.org\/2000\/svg\" viewBox=\"0 0 18 32\"><path fill=\"#3b5998\" d=\"M17.1 0.2v4.7h-2.8q-1.5 0-2.1 0.6t-0.5 1.9v3.4h5.2l-0.7 5.3h-4.5v13.6h-5.5v-13.6h-4.5v-5.3h4.5v-3.9q0-3.3 1.9-5.2t5-1.8q2.6 0 4.1 0.2z\"\/><\/svg><\/span><span class=\"shariff-text\" style=\"color:#3b5998\">teilen<\/span>&nbsp;<\/a><\/li><li class=\"shariff-button info shariff-nocustomcolor\" style=\"background-color:#a8a8a8\"><a href=\"http:\/\/ct.de\/-2467514\" title=\"Weitere Informationen\" aria-label=\"Weitere Informationen\" role=\"button\" rel=\"noopener \" class=\"shariff-link\" style=\"; background-color:#999; color:#999\" target=\"_blank\"><span class=\"shariff-icon\" style=\"fill:#999\"><svg width=\"32px\" height=\"20px\" xmlns=\"http:\/\/www.w3.org\/2000\/svg\" viewBox=\"0 0 11 32\"><path fill=\"#999\" d=\"M11.4 24v2.3q0 0.5-0.3 0.8t-0.8 0.4h-9.1q-0.5 0-0.8-0.4t-0.4-0.8v-2.3q0-0.5 0.4-0.8t0.8-0.4h1.1v-6.8h-1.1q-0.5 0-0.8-0.4t-0.4-0.8v-2.3q0-0.5 0.4-0.8t0.8-0.4h6.8q0.5 0 0.8 0.4t0.4 0.8v10.3h1.1q0.5 0 0.8 0.4t0.3 0.8zM9.2 3.4v3.4q0 0.5-0.4 0.8t-0.8 0.4h-4.6q-0.4 0-0.8-0.4t-0.4-0.8v-3.4q0-0.4 0.4-0.8t0.8-0.4h4.6q0.5 0 0.8 0.4t0.4 0.8z\"\/><\/svg><\/span><\/a><\/li><\/ul><\/div>","protected":false},"excerpt":{"rendered":"<p>Nichts ist das, was es ist. Alles ist anders. Das Internet vergisst nichts, aber es merkt (sich?) auch nichts. Manchmal ist es besser als es scheint. Auch wenn es nur scheint und nicht ist. Wir wissen: @BayreuthFest IST ein #Fake.Und so haben wir&#39;s gemacht: http:\/\/t.co\/Nj6WSNbqt7\ud83d\ude4a #BF15 #Bayreuthfake pic.twitter.com\/r8xKTUtrql &mdash; Musik &#8211; mit allem und viel [&hellip;]<\/p>\n<div class=\"shariff shariff-align-left shariff-widget-align-left\"><ul class=\"shariff-buttons theme-white orientation-horizontal buttonsize-small\"><li class=\"shariff-button mastodon shariff-nocustomcolor\" style=\"background-color:#563ACC\"><a href=\"https:\/\/s2f.kytta.dev\/?text=Was%20w%C3%A4re%2C%20wenn%20%E2%80%A6%20die%20Bayreuther%20Festspiele%20twittern%20w%C3%BCrden%20%E2%80%93%20%C3%9Cber%20wahre%20F%C3%A4lschungen https%3A%2F%2Fwww.kritische-masse.de%2Flogbuch%2F2015%2F08%2Fwas-waere-wenn-die-bayreuther-festspiele-twittern-wuerden-ueber-wahre-faelschungen%2F\" title=\"Bei Mastodon teilen\" aria-label=\"Bei Mastodon teilen\" role=\"button\" rel=\"noopener nofollow\" class=\"shariff-link\" style=\"; background-color:#6364FF; color:#6364FF\" target=\"_blank\"><span class=\"shariff-icon\" style=\"fill:#6364FF\"><svg width=\"75\" height=\"79\" viewBox=\"0 0 75 79\" fill=\"none\" xmlns=\"http:\/\/www.w3.org\/2000\/svg\"><path d=\"M37.813-.025C32.462-.058 27.114.13 21.79.598c-8.544.621-17.214 5.58-20.203 13.931C-1.12 23.318.408 32.622.465 41.65c.375 7.316.943 14.78 3.392 21.73 4.365 9.465 14.781 14.537 24.782 15.385 7.64.698 15.761-.213 22.517-4.026a54.1 54.1 0 0 0 .01-6.232c-6.855 1.316-14.101 2.609-21.049 1.074-3.883-.88-6.876-4.237-7.25-8.215-1.53-3.988 3.78-.43 5.584-.883 9.048 1.224 18.282.776 27.303-.462 7.044-.837 14.26-4.788 16.65-11.833 2.263-6.135 1.215-12.79 1.698-19.177.06-3.84.09-7.692-.262-11.52C72.596 7.844 63.223.981 53.834.684a219.453 219.453 0 0 0-16.022-.71zm11.294 12.882c5.5-.067 10.801 4.143 11.67 9.653.338 1.48.471 3 .471 4.515v21.088h-8.357c-.07-7.588.153-15.182-.131-22.765-.587-4.368-7.04-5.747-9.672-2.397-2.422 3.04-1.47 7.155-1.67 10.735v6.392h-8.307c-.146-4.996.359-10.045-.404-15.002-1.108-4.218-7.809-5.565-10.094-1.666-1.685 3.046-.712 6.634-.976 9.936v14.767h-8.354c.109-8.165-.238-16.344.215-24.5.674-5.346 5.095-10.389 10.676-10.627 4.902-.739 10.103 2.038 12.053 6.631.375 1.435 1.76 1.932 1.994.084 1.844-3.704 5.501-6.739 9.785-6.771.367-.044.735-.068 1.101-.073z\"\/><defs><linearGradient id=\"paint0_linear_549_34\" x1=\"37.0692\" y1=\"0\" x2=\"37.0692\" y2=\"79\" gradientUnits=\"userSpaceOnUse\"><stop stop-color=\"#6364FF\"\/><stop offset=\"1\" stop-color=\"#563ACC\"\/><\/linearGradient><\/defs><\/svg><\/span><span class=\"shariff-text\" style=\"color:#6364FF\">teilen<\/span>&nbsp;<\/a><\/li><li class=\"shariff-button bluesky shariff-nocustomcolor\" style=\"background-color:#84c4ff\"><a href=\"https:\/\/bsky.app\/intent\/compose?text=Was%20w%C3%A4re%2C%20wenn%20%E2%80%A6%20die%20Bayreuther%20Festspiele%20twittern%20w%C3%BCrden%20%E2%80%93%20%C3%9Cber%20wahre%20F%C3%A4lschungen https%3A%2F%2Fwww.kritische-masse.de%2Flogbuch%2F2015%2F08%2Fwas-waere-wenn-die-bayreuther-festspiele-twittern-wuerden-ueber-wahre-faelschungen%2F \" title=\"Bei Bluesky teilen\" aria-label=\"Bei Bluesky teilen\" role=\"button\" rel=\"noopener nofollow\" class=\"shariff-link\" style=\"; background-color:#0085ff; color:#0085ff\" target=\"_blank\"><span class=\"shariff-icon\" style=\"fill:#0085ff\"><svg width=\"20\" height=\"20\" version=\"1.1\" xmlns=\"http:\/\/www.w3.org\/2000\/svg\" viewBox=\"0 0 20 20\"><path class=\"st0\" d=\"M4.89,3.12c2.07,1.55,4.3,4.71,5.11,6.4.82-1.69,3.04-4.84,5.11-6.4,1.49-1.12,3.91-1.99,3.91.77,0,.55-.32,4.63-.5,5.3-.64,2.3-2.99,2.89-5.08,2.54,3.65.62,4.58,2.68,2.57,4.74-3.81,3.91-5.48-.98-5.9-2.23-.08-.23-.11-.34-.12-.25,0-.09-.04.02-.12.25-.43,1.25-2.09,6.14-5.9,2.23-2.01-2.06-1.08-4.12,2.57-4.74-2.09.36-4.44-.23-5.08-2.54-.19-.66-.5-4.74-.5-5.3,0-2.76,2.42-1.89,3.91-.77h0Z\"\/><\/svg><\/span><span class=\"shariff-text\" style=\"color:#0085ff\">teilen<\/span>&nbsp;<\/a><\/li><li class=\"shariff-button threema shariff-nocustomcolor shariff-mobile\" style=\"background-color:#4fbc24\"><a href=\"threema:\/\/compose?text=Was%20w%C3%A4re%2C%20wenn%20%E2%80%A6%20die%20Bayreuther%20Festspiele%20twittern%20w%C3%BCrden%20%E2%80%93%20%C3%9Cber%20wahre%20F%C3%A4lschungen%20https%3A%2F%2Fwww.kritische-masse.de%2Flogbuch%2F2015%2F08%2Fwas-waere-wenn-die-bayreuther-festspiele-twittern-wuerden-ueber-wahre-faelschungen%2F\" title=\"Bei Threema teilen\" aria-label=\"Bei Threema teilen\" role=\"button\" rel=\"noopener nofollow\" class=\"shariff-link\" style=\"; background-color:#1f1f1f; color:#1f1f1f\" target=\"_blank\"><span class=\"shariff-icon\" style=\"fill:#1f1f1f\"><svg width=\"32px\" height=\"20px\" xmlns=\"http:\/\/www.w3.org\/2000\/svg\" viewBox=\"0 0 32 32\"><path fill=\"#1f1f1f\" d=\"M30.8 10.9c-0.3-1.4-0.9-2.6-1.8-3.8-2-2.6-5.5-4.5-9.4-5.2-1.3-0.2-1.9-0.3-3.5-0.3s-2.2 0-3.5 0.3c-4 0.7-7.4 2.6-9.4 5.2-0.9 1.2-1.5 2.4-1.8 3.8-0.1 0.5-0.2 1.2-0.2 1.6 0 0.4 0.1 1.1 0.2 1.6 0.4 1.9 1.3 3.4 2.9 5 0.8 0.8 0.8 0.8 0.7 1.3 0 0.6-0.5 1.6-1.7 3.6-0.3 0.5-0.5 0.9-0.5 0.9 0 0.1 0.1 0.1 0.5 0 0.8-0.2 2.3-0.6 5.6-1.6 1.1-0.3 1.3-0.4 2.3-0.4 0.8 0 1.1 0 2.3 0.2 1.5 0.2 3.5 0.2 4.9 0 5.1-0.6 9.3-2.9 11.4-6.3 0.5-0.9 0.9-1.8 1.1-2.8 0.1-0.5 0.2-1.1 0.2-1.6 0-0.7-0.1-1.1-0.2-1.6-0.3-1.4 0.1 0.5 0 0zM20.6 17.3c0 0.4-0.4 0.8-0.8 0.8h-7.7c-0.4 0-0.8-0.4-0.8-0.8v-4.6c0-0.4 0.4-0.8 0.8-0.8h0.2l0-1.6c0-0.9 0-1.8 0.1-2 0.1-0.6 0.6-1.2 1.1-1.7s1.1-0.7 1.9-0.8c1.8-0.3 3.7 0.7 4.2 2.2 0.1 0.3 0.1 0.7 0.1 2.1v0 1.7h0.1c0.4 0 0.8 0.4 0.8 0.8v4.6zM15.6 7.3c-0.5 0.1-0.8 0.3-1.2 0.6s-0.6 0.8-0.7 1.3c0 0.2 0 0.8 0 1.5l0 1.2h4.6v-1.3c0-1 0-1.4-0.1-1.6-0.3-1.1-1.5-1.9-2.6-1.7zM25.8 28.2c0 1.2-1 2.2-2.1 2.2s-2.1-1-2.1-2.1c0-1.2 1-2.1 2.2-2.1s2.2 1 2.2 2.2zM18.1 28.2c0 1.2-1 2.2-2.1 2.2s-2.1-1-2.1-2.1c0-1.2 1-2.1 2.2-2.1s2.2 1 2.2 2.2zM10.4 28.2c0 1.2-1 2.2-2.1 2.2s-2.1-1-2.1-2.1c0-1.2 1-2.1 2.2-2.1s2.2 1 2.2 2.2z\"\/><\/svg><\/span><span class=\"shariff-text\" style=\"color:#1f1f1f\">teilen<\/span>&nbsp;<\/a><\/li><li class=\"shariff-button facebook shariff-nocustomcolor\" style=\"background-color:#4273c8\"><a href=\"https:\/\/www.facebook.com\/sharer\/sharer.php?u=https%3A%2F%2Fwww.kritische-masse.de%2Flogbuch%2F2015%2F08%2Fwas-waere-wenn-die-bayreuther-festspiele-twittern-wuerden-ueber-wahre-faelschungen%2F\" title=\"Bei Facebook teilen\" aria-label=\"Bei Facebook teilen\" role=\"button\" rel=\"nofollow\" class=\"shariff-link\" style=\"; background-color:#3b5998; color:#3b5998\" target=\"_blank\"><span class=\"shariff-icon\" style=\"fill:#3b5998\"><svg width=\"32px\" height=\"20px\" xmlns=\"http:\/\/www.w3.org\/2000\/svg\" viewBox=\"0 0 18 32\"><path fill=\"#3b5998\" d=\"M17.1 0.2v4.7h-2.8q-1.5 0-2.1 0.6t-0.5 1.9v3.4h5.2l-0.7 5.3h-4.5v13.6h-5.5v-13.6h-4.5v-5.3h4.5v-3.9q0-3.3 1.9-5.2t5-1.8q2.6 0 4.1 0.2z\"\/><\/svg><\/span><span class=\"shariff-text\" style=\"color:#3b5998\">teilen<\/span>&nbsp;<\/a><\/li><li class=\"shariff-button info shariff-nocustomcolor\" style=\"background-color:#a8a8a8\"><a href=\"http:\/\/ct.de\/-2467514\" title=\"Weitere Informationen\" aria-label=\"Weitere Informationen\" role=\"button\" rel=\"noopener \" class=\"shariff-link\" style=\"; background-color:#999; color:#999\" target=\"_blank\"><span class=\"shariff-icon\" style=\"fill:#999\"><svg width=\"32px\" height=\"20px\" xmlns=\"http:\/\/www.w3.org\/2000\/svg\" viewBox=\"0 0 11 32\"><path fill=\"#999\" d=\"M11.4 24v2.3q0 0.5-0.3 0.8t-0.8 0.4h-9.1q-0.5 0-0.8-0.4t-0.4-0.8v-2.3q0-0.5 0.4-0.8t0.8-0.4h1.1v-6.8h-1.1q-0.5 0-0.8-0.4t-0.4-0.8v-2.3q0-0.5 0.4-0.8t0.8-0.4h6.8q0.5 0 0.8 0.4t0.4 0.8v10.3h1.1q0.5 0 0.8 0.4t0.3 0.8zM9.2 3.4v3.4q0 0.5-0.4 0.8t-0.8 0.4h-4.6q-0.4 0-0.8-0.4t-0.4-0.8v-3.4q0-0.4 0.4-0.8t0.8-0.4h4.6q0.5 0 0.8 0.4t0.4 0.8z\"\/><\/svg><\/span><\/a><\/li><\/ul><\/div>","protected":false},"author":1,"featured_media":1766,"comment_status":"open","ping_status":"open","sticky":false,"template":"","format":"standard","meta":{"ocean_post_layout":"","ocean_both_sidebars_style":"","ocean_both_sidebars_content_width":0,"ocean_both_sidebars_sidebars_width":0,"ocean_sidebar":"","ocean_second_sidebar":"","ocean_disable_margins":"enable","ocean_add_body_class":"","ocean_shortcode_before_top_bar":"","ocean_shortcode_after_top_bar":"","ocean_shortcode_before_header":"","ocean_shortcode_after_header":"","ocean_has_shortcode":"","ocean_shortcode_after_title":"","ocean_shortcode_before_footer_widgets":"","ocean_shortcode_after_footer_widgets":"","ocean_shortcode_before_footer_bottom":"","ocean_shortcode_after_footer_bottom":"","ocean_display_top_bar":"default","ocean_display_header":"default","ocean_header_style":"","ocean_center_header_left_menu":"","ocean_custom_header_template":"","ocean_custom_logo":0,"ocean_custom_retina_logo":0,"ocean_custom_logo_max_width":0,"ocean_custom_logo_tablet_max_width":0,"ocean_custom_logo_mobile_max_width":0,"ocean_custom_logo_max_height":0,"ocean_custom_logo_tablet_max_height":0,"ocean_custom_logo_mobile_max_height":0,"ocean_header_custom_menu":"","ocean_menu_typo_font_family":"","ocean_menu_typo_font_subset":"","ocean_menu_typo_font_size":0,"ocean_menu_typo_font_size_tablet":0,"ocean_menu_typo_font_size_mobile":0,"ocean_menu_typo_font_size_unit":"px","ocean_menu_typo_font_weight":"","ocean_menu_typo_font_weight_tablet":"","ocean_menu_typo_font_weight_mobile":"","ocean_menu_typo_transform":"","ocean_menu_typo_transform_tablet":"","ocean_menu_typo_transform_mobile":"","ocean_menu_typo_line_height":0,"ocean_menu_typo_line_height_tablet":0,"ocean_menu_typo_line_height_mobile":0,"ocean_menu_typo_line_height_unit":"","ocean_menu_typo_spacing":0,"ocean_menu_typo_spacing_tablet":0,"ocean_menu_typo_spacing_mobile":0,"ocean_menu_typo_spacing_unit":"","ocean_menu_link_color":"","ocean_menu_link_color_hover":"","ocean_menu_link_color_active":"","ocean_menu_link_background":"","ocean_menu_link_hover_background":"","ocean_menu_link_active_background":"","ocean_menu_social_links_bg":"","ocean_menu_social_hover_links_bg":"","ocean_menu_social_links_color":"","ocean_menu_social_hover_links_color":"","ocean_disable_title":"default","ocean_disable_heading":"default","ocean_post_title":"","ocean_post_subheading":"","ocean_post_title_style":"","ocean_post_title_background_color":"","ocean_post_title_background":0,"ocean_post_title_bg_image_position":"","ocean_post_title_bg_image_attachment":"","ocean_post_title_bg_image_repeat":"","ocean_post_title_bg_image_size":"","ocean_post_title_height":0,"ocean_post_title_bg_overlay":0.5,"ocean_post_title_bg_overlay_color":"","ocean_disable_breadcrumbs":"default","ocean_breadcrumbs_color":"","ocean_breadcrumbs_separator_color":"","ocean_breadcrumbs_links_color":"","ocean_breadcrumbs_links_hover_color":"","ocean_display_footer_widgets":"default","ocean_display_footer_bottom":"default","ocean_custom_footer_template":"","osh_disable_topbar_sticky":"default","osh_disable_header_sticky":"default","osh_sticky_header_style":"default","osh_sticky_header_effect":"","osh_custom_sticky_logo":0,"osh_custom_retina_sticky_logo":0,"osh_custom_sticky_logo_height":0,"osh_background_color":"","osh_links_color":"","osh_links_hover_color":"","osh_links_active_color":"","osh_links_bg_color":"","osh_links_hover_bg_color":"","osh_links_active_bg_color":"","osh_menu_social_links_color":"","osh_menu_social_hover_links_color":"","_FSMCFIC_featured_image_caption":"","_FSMCFIC_featured_image_nocaption":"","_FSMCFIC_featured_image_hide":"","_metis_text_type":"standard","_metis_text_length":3146,"_post_count":0,"_jetpack_memberships_contains_paid_content":false,"activitypub_content_warning":"","activitypub_content_visibility":"","activitypub_max_image_attachments":4,"activitypub_interaction_policy_quote":"anyone","activitypub_status":"","ocean_post_oembed":"","ocean_post_self_hosted_media":"","ocean_post_video_embed":"","ocean_link_format":"","ocean_link_format_target":"self","ocean_quote_format":"","ocean_quote_format_link":"post","ocean_gallery_link_images":"on","ocean_gallery_id":[],"footnotes":"","jetpack_publicize_message":"","jetpack_publicize_feature_enabled":true,"jetpack_social_post_already_shared":true,"jetpack_social_options":{"image_generator_settings":{"template":"highway","default_image_id":0,"font":"","enabled":false},"version":2}},"categories":[4187,2651,2695,2652,3494],"tags":[1773,3675,3676,2315,3492,3032,3332],"class_list":["post-8592","post","type-post","status-publish","format-standard","has-post-thumbnail","hentry","category-die-kommunikation","category-dasnetz","category-die-kultur","category-diemusik","category-satire","tag-bayreuth","tag-bayreuther-festspiele","tag-fake","tag-internet","tag-musik-mit-allem-und-viel-scharf","tag-satire","tag-twitter","entry","has-media"],"yoast_head":"<!-- This site is optimized with the Yoast SEO plugin v27.4 - https:\/\/yoast.com\/product\/yoast-seo-wordpress\/ -->\n<title>Was w\u00e4re, wenn \u2026 die Bayreuther Festspiele twittern w\u00fcrden \u2013 \u00dcber wahre F\u00e4lschungen - Kritische Masse<\/title>\n<meta name=\"robots\" content=\"index, follow, max-snippet:-1, max-image-preview:large, max-video-preview:-1\" \/>\n<link rel=\"canonical\" href=\"https:\/\/www.kritische-masse.de\/logbuch\/2015\/08\/was-waere-wenn-die-bayreuther-festspiele-twittern-wuerden-ueber-wahre-faelschungen\/\" \/>\n<meta property=\"og:locale\" content=\"de_DE\" \/>\n<meta property=\"og:type\" content=\"article\" \/>\n<meta property=\"og:title\" content=\"Was w\u00e4re, wenn \u2026 die Bayreuther Festspiele twittern w\u00fcrden \u2013 \u00dcber wahre F\u00e4lschungen - Kritische Masse\" \/>\n<meta property=\"og:description\" content=\"Nichts ist das, was es ist. Alles ist anders. Das Internet vergisst nichts, aber es merkt (sich?) auch nichts. Manchmal ist es besser als es scheint. Auch wenn es nur scheint und nicht ist. Wir wissen: @BayreuthFest IST ein #Fake.Und so haben wir&#039;s gemacht: http:\/\/t.co\/Nj6WSNbqt7\ud83d\ude4a #BF15 #Bayreuthfake pic.twitter.com\/r8xKTUtrql &mdash; Musik &#8211; mit allem und viel [&hellip;]\" \/>\n<meta property=\"og:url\" content=\"https:\/\/www.kritische-masse.de\/logbuch\/2015\/08\/was-waere-wenn-die-bayreuther-festspiele-twittern-wuerden-ueber-wahre-faelschungen\/\" \/>\n<meta property=\"og:site_name\" content=\"Kritische Masse\" \/>\n<meta property=\"article:publisher\" content=\"https:\/\/www.facebook.com\/hufner\" \/>\n<meta property=\"article:author\" content=\"https:\/\/www.facebook.com\/hufner\" \/>\n<meta property=\"article:published_time\" content=\"2015-08-19T08:42:52+00:00\" \/>\n<meta name=\"author\" content=\"der huflaikhan\" \/>\n<meta name=\"twitter:label1\" content=\"Verfasst von\" \/>\n\t<meta name=\"twitter:data1\" content=\"der huflaikhan\" \/>\n\t<meta name=\"twitter:label2\" content=\"Gesch\u00e4tzte Lesezeit\" \/>\n\t<meta name=\"twitter:data2\" content=\"2\u00a0Minuten\" \/>\n<script type=\"application\/ld+json\" class=\"yoast-schema-graph\">{\"@context\":\"https:\\\/\\\/schema.org\",\"@graph\":[{\"@type\":\"Article\",\"@id\":\"https:\\\/\\\/www.kritische-masse.de\\\/logbuch\\\/2015\\\/08\\\/was-waere-wenn-die-bayreuther-festspiele-twittern-wuerden-ueber-wahre-faelschungen\\\/#article\",\"isPartOf\":{\"@id\":\"https:\\\/\\\/www.kritische-masse.de\\\/logbuch\\\/2015\\\/08\\\/was-waere-wenn-die-bayreuther-festspiele-twittern-wuerden-ueber-wahre-faelschungen\\\/\"},\"author\":{\"name\":\"der huflaikhan\",\"@id\":\"https:\\\/\\\/www.kritische-masse.de\\\/logbuch\\\/#\\\/schema\\\/person\\\/14c491f46504e7f6b79db161f76def1c\"},\"headline\":\"Was w\u00e4re, wenn \u2026 die Bayreuther Festspiele twittern w\u00fcrden \u2013 \u00dcber wahre F\u00e4lschungen\",\"datePublished\":\"2015-08-19T08:42:52+00:00\",\"mainEntityOfPage\":{\"@id\":\"https:\\\/\\\/www.kritische-masse.de\\\/logbuch\\\/2015\\\/08\\\/was-waere-wenn-die-bayreuther-festspiele-twittern-wuerden-ueber-wahre-faelschungen\\\/\"},\"wordCount\":402,\"commentCount\":0,\"publisher\":{\"@id\":\"https:\\\/\\\/www.kritische-masse.de\\\/logbuch\\\/#\\\/schema\\\/person\\\/14c491f46504e7f6b79db161f76def1c\"},\"image\":{\"@id\":\"https:\\\/\\\/www.kritische-masse.de\\\/logbuch\\\/2015\\\/08\\\/was-waere-wenn-die-bayreuther-festspiele-twittern-wuerden-ueber-wahre-faelschungen\\\/#primaryimage\"},\"thumbnailUrl\":\"\",\"keywords\":[\"Bayreuth\",\"Bayreuther Festspiele\",\"Fake\",\"Internet\",\"Musik - mit allem und viel scharf\",\"Satire\",\"Twitter\"],\"articleSection\":[\"die Kommunikation\",\"das Netz\",\"die Kultur\",\"die Musik\",\"Satire\"],\"inLanguage\":\"de\",\"potentialAction\":[{\"@type\":\"CommentAction\",\"name\":\"Comment\",\"target\":[\"https:\\\/\\\/www.kritische-masse.de\\\/logbuch\\\/2015\\\/08\\\/was-waere-wenn-die-bayreuther-festspiele-twittern-wuerden-ueber-wahre-faelschungen\\\/#respond\"]}]},{\"@type\":\"WebPage\",\"@id\":\"https:\\\/\\\/www.kritische-masse.de\\\/logbuch\\\/2015\\\/08\\\/was-waere-wenn-die-bayreuther-festspiele-twittern-wuerden-ueber-wahre-faelschungen\\\/\",\"url\":\"https:\\\/\\\/www.kritische-masse.de\\\/logbuch\\\/2015\\\/08\\\/was-waere-wenn-die-bayreuther-festspiele-twittern-wuerden-ueber-wahre-faelschungen\\\/\",\"name\":\"Was w\u00e4re, wenn \u2026 die Bayreuther Festspiele twittern w\u00fcrden \u2013 \u00dcber wahre F\u00e4lschungen - Kritische Masse\",\"isPartOf\":{\"@id\":\"https:\\\/\\\/www.kritische-masse.de\\\/logbuch\\\/#website\"},\"primaryImageOfPage\":{\"@id\":\"https:\\\/\\\/www.kritische-masse.de\\\/logbuch\\\/2015\\\/08\\\/was-waere-wenn-die-bayreuther-festspiele-twittern-wuerden-ueber-wahre-faelschungen\\\/#primaryimage\"},\"image\":{\"@id\":\"https:\\\/\\\/www.kritische-masse.de\\\/logbuch\\\/2015\\\/08\\\/was-waere-wenn-die-bayreuther-festspiele-twittern-wuerden-ueber-wahre-faelschungen\\\/#primaryimage\"},\"thumbnailUrl\":\"\",\"datePublished\":\"2015-08-19T08:42:52+00:00\",\"breadcrumb\":{\"@id\":\"https:\\\/\\\/www.kritische-masse.de\\\/logbuch\\\/2015\\\/08\\\/was-waere-wenn-die-bayreuther-festspiele-twittern-wuerden-ueber-wahre-faelschungen\\\/#breadcrumb\"},\"inLanguage\":\"de\",\"potentialAction\":[{\"@type\":\"ReadAction\",\"target\":[\"https:\\\/\\\/www.kritische-masse.de\\\/logbuch\\\/2015\\\/08\\\/was-waere-wenn-die-bayreuther-festspiele-twittern-wuerden-ueber-wahre-faelschungen\\\/\"]}]},{\"@type\":\"ImageObject\",\"inLanguage\":\"de\",\"@id\":\"https:\\\/\\\/www.kritische-masse.de\\\/logbuch\\\/2015\\\/08\\\/was-waere-wenn-die-bayreuther-festspiele-twittern-wuerden-ueber-wahre-faelschungen\\\/#primaryimage\",\"url\":\"\",\"contentUrl\":\"\"},{\"@type\":\"BreadcrumbList\",\"@id\":\"https:\\\/\\\/www.kritische-masse.de\\\/logbuch\\\/2015\\\/08\\\/was-waere-wenn-die-bayreuther-festspiele-twittern-wuerden-ueber-wahre-faelschungen\\\/#breadcrumb\",\"itemListElement\":[{\"@type\":\"ListItem\",\"position\":1,\"name\":\"Startseite\",\"item\":\"https:\\\/\\\/www.kritische-masse.de\\\/logbuch\\\/\"},{\"@type\":\"ListItem\",\"position\":2,\"name\":\"Was w\u00e4re, wenn \u2026 die Bayreuther Festspiele twittern w\u00fcrden \u2013 \u00dcber wahre F\u00e4lschungen\"}]},{\"@type\":\"WebSite\",\"@id\":\"https:\\\/\\\/www.kritische-masse.de\\\/logbuch\\\/#website\",\"url\":\"https:\\\/\\\/www.kritische-masse.de\\\/logbuch\\\/\",\"name\":\"kritische masse\",\"description\":\"amt f\u00fcr vermassungsschutz\",\"publisher\":{\"@id\":\"https:\\\/\\\/www.kritische-masse.de\\\/logbuch\\\/#\\\/schema\\\/person\\\/14c491f46504e7f6b79db161f76def1c\"},\"alternateName\":\"das logbuch der kritischen masse\",\"potentialAction\":[{\"@type\":\"SearchAction\",\"target\":{\"@type\":\"EntryPoint\",\"urlTemplate\":\"https:\\\/\\\/www.kritische-masse.de\\\/logbuch\\\/?s={search_term_string}\"},\"query-input\":{\"@type\":\"PropertyValueSpecification\",\"valueRequired\":true,\"valueName\":\"search_term_string\"}}],\"inLanguage\":\"de\"},{\"@type\":[\"Person\",\"Organization\"],\"@id\":\"https:\\\/\\\/www.kritische-masse.de\\\/logbuch\\\/#\\\/schema\\\/person\\\/14c491f46504e7f6b79db161f76def1c\",\"name\":\"der huflaikhan\",\"image\":{\"@type\":\"ImageObject\",\"inLanguage\":\"de\",\"@id\":\"https:\\\/\\\/www.kritische-masse.de\\\/logbuch\\\/wp-content\\\/uploads\\\/2024\\\/01\\\/cropped-kritischmasse_man_512.jpg\",\"url\":\"https:\\\/\\\/www.kritische-masse.de\\\/logbuch\\\/wp-content\\\/uploads\\\/2024\\\/01\\\/cropped-kritischmasse_man_512.jpg\",\"contentUrl\":\"https:\\\/\\\/www.kritische-masse.de\\\/logbuch\\\/wp-content\\\/uploads\\\/2024\\\/01\\\/cropped-kritischmasse_man_512.jpg\",\"width\":512,\"height\":512,\"caption\":\"der huflaikhan\"},\"logo\":{\"@id\":\"https:\\\/\\\/www.kritische-masse.de\\\/logbuch\\\/wp-content\\\/uploads\\\/2024\\\/01\\\/cropped-kritischmasse_man_512.jpg\"},\"description\":\"Betreiber der Kritischen Masse seit 1995. Seit 2023 Wiederaufnahme. Promotion mit einer Arbeit \u00fcber Adornos kompositorische und theoretische Auseinandersetzung mit der Zw\u00f6lftontechnik. Arbeit f\u00fcr den Bayerischen und den Mitteldeutschen Rundfunk als freier Autor und Regisseur \u2013 zumindest bis Ende 2015. Online-Redaktion f\u00fcr neue musikzeitung, Jazzzeitung und Oper &amp; Tanz. Ungl\u00fccklich, aber fast taub.\",\"sameAs\":[\"https:\\\/\\\/www.kritische-masse.de\\\/logbuch\\\/\",\"https:\\\/\\\/www.facebook.com\\\/hufner\"],\"url\":\"https:\\\/\\\/www.kritische-masse.de\\\/logbuch\\\/author\\\/martin_d1juqiu5\\\/\"}]}<\/script>\n<!-- \/ Yoast SEO plugin. -->","yoast_head_json":{"title":"Was w\u00e4re, wenn \u2026 die Bayreuther Festspiele twittern w\u00fcrden \u2013 \u00dcber wahre F\u00e4lschungen - Kritische Masse","robots":{"index":"index","follow":"follow","max-snippet":"max-snippet:-1","max-image-preview":"max-image-preview:large","max-video-preview":"max-video-preview:-1"},"canonical":"https:\/\/www.kritische-masse.de\/logbuch\/2015\/08\/was-waere-wenn-die-bayreuther-festspiele-twittern-wuerden-ueber-wahre-faelschungen\/","og_locale":"de_DE","og_type":"article","og_title":"Was w\u00e4re, wenn \u2026 die Bayreuther Festspiele twittern w\u00fcrden \u2013 \u00dcber wahre F\u00e4lschungen - Kritische Masse","og_description":"Nichts ist das, was es ist. Alles ist anders. Das Internet vergisst nichts, aber es merkt (sich?) auch nichts. Manchmal ist es besser als es scheint. Auch wenn es nur scheint und nicht ist. Wir wissen: @BayreuthFest IST ein #Fake.Und so haben wir&#39;s gemacht: http:\/\/t.co\/Nj6WSNbqt7\ud83d\ude4a #BF15 #Bayreuthfake pic.twitter.com\/r8xKTUtrql &mdash; Musik &#8211; mit allem und viel [&hellip;]","og_url":"https:\/\/www.kritische-masse.de\/logbuch\/2015\/08\/was-waere-wenn-die-bayreuther-festspiele-twittern-wuerden-ueber-wahre-faelschungen\/","og_site_name":"Kritische Masse","article_publisher":"https:\/\/www.facebook.com\/hufner","article_author":"https:\/\/www.facebook.com\/hufner","article_published_time":"2015-08-19T08:42:52+00:00","author":"der huflaikhan","twitter_misc":{"Verfasst von":"der huflaikhan","Gesch\u00e4tzte Lesezeit":"2\u00a0Minuten"},"schema":{"@context":"https:\/\/schema.org","@graph":[{"@type":"Article","@id":"https:\/\/www.kritische-masse.de\/logbuch\/2015\/08\/was-waere-wenn-die-bayreuther-festspiele-twittern-wuerden-ueber-wahre-faelschungen\/#article","isPartOf":{"@id":"https:\/\/www.kritische-masse.de\/logbuch\/2015\/08\/was-waere-wenn-die-bayreuther-festspiele-twittern-wuerden-ueber-wahre-faelschungen\/"},"author":{"name":"der huflaikhan","@id":"https:\/\/www.kritische-masse.de\/logbuch\/#\/schema\/person\/14c491f46504e7f6b79db161f76def1c"},"headline":"Was w\u00e4re, wenn \u2026 die Bayreuther Festspiele twittern w\u00fcrden \u2013 \u00dcber wahre F\u00e4lschungen","datePublished":"2015-08-19T08:42:52+00:00","mainEntityOfPage":{"@id":"https:\/\/www.kritische-masse.de\/logbuch\/2015\/08\/was-waere-wenn-die-bayreuther-festspiele-twittern-wuerden-ueber-wahre-faelschungen\/"},"wordCount":402,"commentCount":0,"publisher":{"@id":"https:\/\/www.kritische-masse.de\/logbuch\/#\/schema\/person\/14c491f46504e7f6b79db161f76def1c"},"image":{"@id":"https:\/\/www.kritische-masse.de\/logbuch\/2015\/08\/was-waere-wenn-die-bayreuther-festspiele-twittern-wuerden-ueber-wahre-faelschungen\/#primaryimage"},"thumbnailUrl":"","keywords":["Bayreuth","Bayreuther Festspiele","Fake","Internet","Musik - mit allem und viel scharf","Satire","Twitter"],"articleSection":["die Kommunikation","das Netz","die Kultur","die Musik","Satire"],"inLanguage":"de","potentialAction":[{"@type":"CommentAction","name":"Comment","target":["https:\/\/www.kritische-masse.de\/logbuch\/2015\/08\/was-waere-wenn-die-bayreuther-festspiele-twittern-wuerden-ueber-wahre-faelschungen\/#respond"]}]},{"@type":"WebPage","@id":"https:\/\/www.kritische-masse.de\/logbuch\/2015\/08\/was-waere-wenn-die-bayreuther-festspiele-twittern-wuerden-ueber-wahre-faelschungen\/","url":"https:\/\/www.kritische-masse.de\/logbuch\/2015\/08\/was-waere-wenn-die-bayreuther-festspiele-twittern-wuerden-ueber-wahre-faelschungen\/","name":"Was w\u00e4re, wenn \u2026 die Bayreuther Festspiele twittern w\u00fcrden \u2013 \u00dcber wahre F\u00e4lschungen - Kritische Masse","isPartOf":{"@id":"https:\/\/www.kritische-masse.de\/logbuch\/#website"},"primaryImageOfPage":{"@id":"https:\/\/www.kritische-masse.de\/logbuch\/2015\/08\/was-waere-wenn-die-bayreuther-festspiele-twittern-wuerden-ueber-wahre-faelschungen\/#primaryimage"},"image":{"@id":"https:\/\/www.kritische-masse.de\/logbuch\/2015\/08\/was-waere-wenn-die-bayreuther-festspiele-twittern-wuerden-ueber-wahre-faelschungen\/#primaryimage"},"thumbnailUrl":"","datePublished":"2015-08-19T08:42:52+00:00","breadcrumb":{"@id":"https:\/\/www.kritische-masse.de\/logbuch\/2015\/08\/was-waere-wenn-die-bayreuther-festspiele-twittern-wuerden-ueber-wahre-faelschungen\/#breadcrumb"},"inLanguage":"de","potentialAction":[{"@type":"ReadAction","target":["https:\/\/www.kritische-masse.de\/logbuch\/2015\/08\/was-waere-wenn-die-bayreuther-festspiele-twittern-wuerden-ueber-wahre-faelschungen\/"]}]},{"@type":"ImageObject","inLanguage":"de","@id":"https:\/\/www.kritische-masse.de\/logbuch\/2015\/08\/was-waere-wenn-die-bayreuther-festspiele-twittern-wuerden-ueber-wahre-faelschungen\/#primaryimage","url":"","contentUrl":""},{"@type":"BreadcrumbList","@id":"https:\/\/www.kritische-masse.de\/logbuch\/2015\/08\/was-waere-wenn-die-bayreuther-festspiele-twittern-wuerden-ueber-wahre-faelschungen\/#breadcrumb","itemListElement":[{"@type":"ListItem","position":1,"name":"Startseite","item":"https:\/\/www.kritische-masse.de\/logbuch\/"},{"@type":"ListItem","position":2,"name":"Was w\u00e4re, wenn \u2026 die Bayreuther Festspiele twittern w\u00fcrden \u2013 \u00dcber wahre F\u00e4lschungen"}]},{"@type":"WebSite","@id":"https:\/\/www.kritische-masse.de\/logbuch\/#website","url":"https:\/\/www.kritische-masse.de\/logbuch\/","name":"kritische masse","description":"amt f\u00fcr vermassungsschutz","publisher":{"@id":"https:\/\/www.kritische-masse.de\/logbuch\/#\/schema\/person\/14c491f46504e7f6b79db161f76def1c"},"alternateName":"das logbuch der kritischen masse","potentialAction":[{"@type":"SearchAction","target":{"@type":"EntryPoint","urlTemplate":"https:\/\/www.kritische-masse.de\/logbuch\/?s={search_term_string}"},"query-input":{"@type":"PropertyValueSpecification","valueRequired":true,"valueName":"search_term_string"}}],"inLanguage":"de"},{"@type":["Person","Organization"],"@id":"https:\/\/www.kritische-masse.de\/logbuch\/#\/schema\/person\/14c491f46504e7f6b79db161f76def1c","name":"der huflaikhan","image":{"@type":"ImageObject","inLanguage":"de","@id":"https:\/\/www.kritische-masse.de\/logbuch\/wp-content\/uploads\/2024\/01\/cropped-kritischmasse_man_512.jpg","url":"https:\/\/www.kritische-masse.de\/logbuch\/wp-content\/uploads\/2024\/01\/cropped-kritischmasse_man_512.jpg","contentUrl":"https:\/\/www.kritische-masse.de\/logbuch\/wp-content\/uploads\/2024\/01\/cropped-kritischmasse_man_512.jpg","width":512,"height":512,"caption":"der huflaikhan"},"logo":{"@id":"https:\/\/www.kritische-masse.de\/logbuch\/wp-content\/uploads\/2024\/01\/cropped-kritischmasse_man_512.jpg"},"description":"Betreiber der Kritischen Masse seit 1995. Seit 2023 Wiederaufnahme. Promotion mit einer Arbeit \u00fcber Adornos kompositorische und theoretische Auseinandersetzung mit der Zw\u00f6lftontechnik. Arbeit f\u00fcr den Bayerischen und den Mitteldeutschen Rundfunk als freier Autor und Regisseur \u2013 zumindest bis Ende 2015. Online-Redaktion f\u00fcr neue musikzeitung, Jazzzeitung und Oper &amp; Tanz. Ungl\u00fccklich, aber fast taub.","sameAs":["https:\/\/www.kritische-masse.de\/logbuch\/","https:\/\/www.facebook.com\/hufner"],"url":"https:\/\/www.kritische-masse.de\/logbuch\/author\/martin_d1juqiu5\/"}]}},"jetpack_publicize_connections":[],"jetpack_featured_media_url":"","categories_names":["die Kommunikation","das Netz","die Kultur","die Musik","Satire"],"post_class":[["post-8592","post","type-post","status-publish","format-standard","has-post-thumbnail","hentry","category-die-kommunikation","category-dasnetz","category-die-kultur","category-diemusik","category-satire","tag-bayreuth","tag-bayreuther-festspiele","tag-fake","tag-internet","tag-musik-mit-allem-und-viel-scharf","tag-satire","tag-twitter","entry","has-media"]],"author_avatar":["<img alt='' src='https:\/\/secure.gravatar.com\/avatar\/c23aee426d58e69f14ef471114d4cac215eec702ee1bc331e2a62ea77e96ed60?s=96&#038;d=blank&#038;r=g' srcset='https:\/\/secure.gravatar.com\/avatar\/c23aee426d58e69f14ef471114d4cac215eec702ee1bc331e2a62ea77e96ed60?s=192&#038;d=blank&#038;r=g 2x' class='avatar avatar-96 photo' height='96' width='96' loading='lazy' decoding='async'\/>"],"featured_video":null,"jetpack-related-posts":[{"id":8454,"url":"https:\/\/www.kritische-masse.de\/logbuch\/2014\/07\/breireuth-fracktale-probleme-mit-tannhaeuser\/","url_meta":{"origin":8592,"position":0},"title":"Breireuth \u2013 Fracktale Probleme mit Tannh\u00e4user","author":"der huflaikhan","date":"26. Juli 2014","format":false,"excerpt":"Gestern war der Start der Festspiele in Bayreuth mit dem Tannh\u00e4user. Live zu h\u00f6ren auf BR-Klassik. Und ein bisserl hat auch der moderne Zuh\u00f6rer seinen Platz gefunden. Es wird gewittert, was das Smartphone hergibt. Zum Beispiel Castorf, der sich \u00fcber das Stadttheater beklagende Regisseur und Intendant der Volksb\u00fchne am Rosa-Luxemburgplatz\u2026","rel":"","context":"In &quot;die Kultur&quot;","block_context":{"text":"die Kultur","link":"https:\/\/www.kritische-masse.de\/logbuch\/category\/angriffauf\/die-kultur\/"},"img":{"alt_text":"","src":"https:\/\/i0.wp.com\/img.youtube.com\/vi\/KClnUaYlGns\/0.jpg?resize=350%2C200","width":350,"height":200},"classes":[]},{"id":216,"url":"https:\/\/www.kritische-masse.de\/logbuch\/2003\/08\/taktlos-am-68-aus-bayreuth-beckmesser-toppt-beckham\/","url_meta":{"origin":8592,"position":1},"title":"taktlos am 6.8. aus Bayreuth &#8211; Beckmesser toppt Beckham!","author":"huflaikhan","date":"5. August 2003","format":false,"excerpt":"Beckmesser toppt Beckham 6. August 2003 \/ Bayern 2 Radio,\u00a0 21:30 bis 22:30 Uhr Live aus Bayreuth Moderation: Theo Gei\u00dfler Beckmesser toppt Beckham 6. August 2003 \/ Bayern 2 Radio,\u00a0 21:30 bis 22:30 Uhr Live aus Bayreuth Moderation: Theo Gei\u00dfler Das musikdramatische Werk Richard Wagners erfreut sich einer steigenden Beliebtheit\u2026","rel":"","context":"In \"Bayreuth\"","block_context":{"text":"Bayreuth","link":"https:\/\/www.kritische-masse.de\/logbuch\/tag\/bayreuth\/"},"img":{"alt_text":"Liebe zu Wagner?","src":"https:\/\/i0.wp.com\/www.nmz.de\/taktlos\/2003\/taktlos68\/titel.jpg?resize=350%2C200","width":350,"height":200},"classes":[]},{"id":8455,"url":"https:\/\/www.kritische-masse.de\/logbuch\/2014\/07\/porentief-und-sauber-zu-bayreuth\/","url_meta":{"origin":8592,"position":2},"title":"Porentief und Sauber zu Bayreuth","author":"der huflaikhan","date":"25. Juli 2014","format":false,"excerpt":"Auch aus unserem taktlos-Archiv herausgegraben. Als es noch Jenny Elvers und Daniel K\u00fcblb\u00f6ck gab, da gab es auch auch unsere schnittigen Damen Elsbeth Porentief (aka Petra Pfaffenheuser) und Maria Sauber (aka Ursula Gaisa). 2003 l\u00e4sterten sie folgenderma\u00dfen:","rel":"","context":"In &quot;die Kultur&quot;","block_context":{"text":"die Kultur","link":"https:\/\/www.kritische-masse.de\/logbuch\/category\/angriffauf\/die-kultur\/"},"img":{"alt_text":"","src":"","width":0,"height":0},"classes":[]},{"id":8450,"url":"https:\/\/www.kritische-masse.de\/logbuch\/2014\/07\/falle-stadttheater-frank-castorf-und-das-niveau\/","url_meta":{"origin":8592,"position":3},"title":"Fall(e) Stadttheater &#8211; Frank Castorf und das Niveau","author":"der huflaikhan","date":"22. Juli 2014","format":false,"excerpt":"Frank Castorf, der Theatermann von der Volksb\u00fchne Berlin, wird irgendwie in Bayreuth nicht gemocht, sagt er \u00fcber dpa in nmz-online. Bayreuth falle gerade auf das Niveau eines \u201eStadttheaters\u201c zur\u00fcck, meinte der Theaterregisseur: \u201eDie St\u00fcrme haben sich gelegt, die Langeweile\u00a0 hat\u00a0gesiegt\u201c. (Quelle) Kann man da lesen. Das ist b\u00f6se. Nicht einmal\u2026","rel":"","context":"In &quot;die Musik&quot;","block_context":{"text":"die Musik","link":"https:\/\/www.kritische-masse.de\/logbuch\/category\/angriffauf\/diemusik\/"},"img":{"alt_text":"","src":"","width":0,"height":0},"classes":[]},{"id":3222,"url":"https:\/\/www.kritische-masse.de\/logbuch\/2013\/05\/tuts-thielemans-echot-antiringisch\/","url_meta":{"origin":8592,"position":4},"title":"Tuts Thielemans echot antiringisch","author":"huflaikhan","date":"15. Mai 2013","format":false,"excerpt":"Besser der als der andere, der, wie gerade sehe, lauter Geburtstagsst\u00e4ndchen f\u00fcr seinen R.W. bringt. In Bayreuth und in Dresden. Das Fernsehen soll ja demn\u00e4chst dann voll sein mit dem Wagner-Sockenschuss. Flankiert von 100 Jahren Sacre du Printemps von Strawinsky. Der einzige Vorteil, neben Strawinsky, ist, dass es fast keinen\u2026","rel":"","context":"In &quot;Angriff auf \u2026&quot;","block_context":{"text":"Angriff auf \u2026","link":"https:\/\/www.kritische-masse.de\/logbuch\/category\/angriffauf\/"},"img":{"alt_text":"Zeit f\u00fcr dufte Duftkissen. Foto: Hufner","src":"https:\/\/i0.wp.com\/www.kritische-masse.de\/logbuch\/wp-content\/uploads\/2013\/05\/duftkissen-0499.jpg?fit=900%2C596&ssl=1&resize=350%2C200","width":350,"height":200,"srcset":"https:\/\/i0.wp.com\/www.kritische-masse.de\/logbuch\/wp-content\/uploads\/2013\/05\/duftkissen-0499.jpg?fit=900%2C596&ssl=1&resize=350%2C200 1x, https:\/\/i0.wp.com\/www.kritische-masse.de\/logbuch\/wp-content\/uploads\/2013\/05\/duftkissen-0499.jpg?fit=900%2C596&ssl=1&resize=525%2C300 1.5x, https:\/\/i0.wp.com\/www.kritische-masse.de\/logbuch\/wp-content\/uploads\/2013\/05\/duftkissen-0499.jpg?fit=900%2C596&ssl=1&resize=700%2C400 2x"},"classes":[]},{"id":1874,"url":"https:\/\/www.kritische-masse.de\/logbuch\/2006\/09\/also\/","url_meta":{"origin":8592,"position":5},"title":"Also","author":"huflaikhan","date":"5. September 2006","format":false,"excerpt":"jetzt, wo es um einen iPod geht, gerade jetzt, jetzt also f\u00e4llt mir nichts mehr ein. Das ist eine Schande. Gewiss, da w\u00e4re mal einen Anzeige der Fa. Yamaha auseinander zu nehmen. Gewiss, da w\u00e4re dem Kulturstaatsminister Neumann der Marsch zu blasen (und nicht nur wegen seines uns\u00e4glichen Vertreters), gewiss\u2026","rel":"","context":"Mit 7 Kommentaren","block_context":{"text":"Mit 7 Kommentaren","link":"https:\/\/www.kritische-masse.de\/logbuch\/2006\/09\/also\/#comments"},"img":{"alt_text":"","src":"","width":0,"height":0},"classes":[]}],"jetpack_sharing_enabled":true,"_links":{"self":[{"href":"https:\/\/www.kritische-masse.de\/logbuch\/wp-json\/wp\/v2\/posts\/8592","targetHints":{"allow":["GET"]}}],"collection":[{"href":"https:\/\/www.kritische-masse.de\/logbuch\/wp-json\/wp\/v2\/posts"}],"about":[{"href":"https:\/\/www.kritische-masse.de\/logbuch\/wp-json\/wp\/v2\/types\/post"}],"author":[{"embeddable":true,"href":"https:\/\/www.kritische-masse.de\/logbuch\/wp-json\/wp\/v2\/users\/1"}],"replies":[{"embeddable":true,"href":"https:\/\/www.kritische-masse.de\/logbuch\/wp-json\/wp\/v2\/comments?post=8592"}],"version-history":[{"count":0,"href":"https:\/\/www.kritische-masse.de\/logbuch\/wp-json\/wp\/v2\/posts\/8592\/revisions"}],"wp:featuredmedia":[{"embeddable":true,"href":"https:\/\/www.kritische-masse.de\/logbuch\/wp-json\/wp\/v2\/posts\/1766"}],"wp:attachment":[{"href":"https:\/\/www.kritische-masse.de\/logbuch\/wp-json\/wp\/v2\/media?parent=8592"}],"wp:term":[{"taxonomy":"category","embeddable":true,"href":"https:\/\/www.kritische-masse.de\/logbuch\/wp-json\/wp\/v2\/categories?post=8592"},{"taxonomy":"post_tag","embeddable":true,"href":"https:\/\/www.kritische-masse.de\/logbuch\/wp-json\/wp\/v2\/tags?post=8592"}],"curies":[{"name":"wp","href":"https:\/\/api.w.org\/{rel}","templated":true}]}}