{"id":8728,"date":"2017-09-11T11:25:31","date_gmt":"2017-09-11T09:25:31","guid":{"rendered":"https:\/\/musikunrat.de\/?p=677"},"modified":"2017-09-11T11:25:31","modified_gmt":"2017-09-11T09:25:31","slug":"berliner-afd-populitiker-hat-neue-oper-von-richard-wagner-entdeckt","status":"publish","type":"post","link":"https:\/\/www.kritische-masse.de\/logbuch\/2017\/09\/berliner-afd-populitiker-hat-neue-oper-von-richard-wagner-entdeckt\/","title":{"rendered":"Berliner AfD-Populitiker hat neue Oper von Richard Wagner entdeckt"},"content":{"rendered":"<div class=\"shariff shariff-align-left shariff-widget-align-left\"><ul class=\"shariff-buttons theme-white orientation-horizontal buttonsize-small\"><li class=\"shariff-button mastodon shariff-nocustomcolor\" style=\"background-color:#563ACC\"><a href=\"https:\/\/s2f.kytta.dev\/?text=Berliner%20AfD-Populitiker%20hat%20neue%20Oper%20von%20Richard%20Wagner%20entdeckt https%3A%2F%2Fwww.kritische-masse.de%2Flogbuch%2F2017%2F09%2Fberliner-afd-populitiker-hat-neue-oper-von-richard-wagner-entdeckt%2F\" title=\"Bei Mastodon teilen\" aria-label=\"Bei Mastodon teilen\" role=\"button\" rel=\"noopener nofollow\" class=\"shariff-link\" style=\"; background-color:#6364FF; color:#6364FF\" target=\"_blank\"><span class=\"shariff-icon\" style=\"fill:#6364FF\"><svg width=\"75\" height=\"79\" viewBox=\"0 0 75 79\" fill=\"none\" xmlns=\"http:\/\/www.w3.org\/2000\/svg\"><path d=\"M37.813-.025C32.462-.058 27.114.13 21.79.598c-8.544.621-17.214 5.58-20.203 13.931C-1.12 23.318.408 32.622.465 41.65c.375 7.316.943 14.78 3.392 21.73 4.365 9.465 14.781 14.537 24.782 15.385 7.64.698 15.761-.213 22.517-4.026a54.1 54.1 0 0 0 .01-6.232c-6.855 1.316-14.101 2.609-21.049 1.074-3.883-.88-6.876-4.237-7.25-8.215-1.53-3.988 3.78-.43 5.584-.883 9.048 1.224 18.282.776 27.303-.462 7.044-.837 14.26-4.788 16.65-11.833 2.263-6.135 1.215-12.79 1.698-19.177.06-3.84.09-7.692-.262-11.52C72.596 7.844 63.223.981 53.834.684a219.453 219.453 0 0 0-16.022-.71zm11.294 12.882c5.5-.067 10.801 4.143 11.67 9.653.338 1.48.471 3 .471 4.515v21.088h-8.357c-.07-7.588.153-15.182-.131-22.765-.587-4.368-7.04-5.747-9.672-2.397-2.422 3.04-1.47 7.155-1.67 10.735v6.392h-8.307c-.146-4.996.359-10.045-.404-15.002-1.108-4.218-7.809-5.565-10.094-1.666-1.685 3.046-.712 6.634-.976 9.936v14.767h-8.354c.109-8.165-.238-16.344.215-24.5.674-5.346 5.095-10.389 10.676-10.627 4.902-.739 10.103 2.038 12.053 6.631.375 1.435 1.76 1.932 1.994.084 1.844-3.704 5.501-6.739 9.785-6.771.367-.044.735-.068 1.101-.073z\"\/><defs><linearGradient id=\"paint0_linear_549_34\" x1=\"37.0692\" y1=\"0\" x2=\"37.0692\" y2=\"79\" gradientUnits=\"userSpaceOnUse\"><stop stop-color=\"#6364FF\"\/><stop offset=\"1\" stop-color=\"#563ACC\"\/><\/linearGradient><\/defs><\/svg><\/span><span class=\"shariff-text\" style=\"color:#6364FF\">teilen<\/span>&nbsp;<\/a><\/li><li class=\"shariff-button bluesky shariff-nocustomcolor\" style=\"background-color:#84c4ff\"><a href=\"https:\/\/bsky.app\/intent\/compose?text=Berliner%20AfD-Populitiker%20hat%20neue%20Oper%20von%20Richard%20Wagner%20entdeckt https%3A%2F%2Fwww.kritische-masse.de%2Flogbuch%2F2017%2F09%2Fberliner-afd-populitiker-hat-neue-oper-von-richard-wagner-entdeckt%2F \" title=\"Bei Bluesky teilen\" aria-label=\"Bei Bluesky teilen\" role=\"button\" rel=\"noopener nofollow\" class=\"shariff-link\" style=\"; background-color:#0085ff; color:#0085ff\" target=\"_blank\"><span class=\"shariff-icon\" style=\"fill:#0085ff\"><svg width=\"20\" height=\"20\" version=\"1.1\" xmlns=\"http:\/\/www.w3.org\/2000\/svg\" viewBox=\"0 0 20 20\"><path class=\"st0\" d=\"M4.89,3.12c2.07,1.55,4.3,4.71,5.11,6.4.82-1.69,3.04-4.84,5.11-6.4,1.49-1.12,3.91-1.99,3.91.77,0,.55-.32,4.63-.5,5.3-.64,2.3-2.99,2.89-5.08,2.54,3.65.62,4.58,2.68,2.57,4.74-3.81,3.91-5.48-.98-5.9-2.23-.08-.23-.11-.34-.12-.25,0-.09-.04.02-.12.25-.43,1.25-2.09,6.14-5.9,2.23-2.01-2.06-1.08-4.12,2.57-4.74-2.09.36-4.44-.23-5.08-2.54-.19-.66-.5-4.74-.5-5.3,0-2.76,2.42-1.89,3.91-.77h0Z\"\/><\/svg><\/span><span class=\"shariff-text\" style=\"color:#0085ff\">teilen<\/span>&nbsp;<\/a><\/li><li class=\"shariff-button threema shariff-nocustomcolor shariff-mobile\" style=\"background-color:#4fbc24\"><a href=\"threema:\/\/compose?text=Berliner%20AfD-Populitiker%20hat%20neue%20Oper%20von%20Richard%20Wagner%20entdeckt%20https%3A%2F%2Fwww.kritische-masse.de%2Flogbuch%2F2017%2F09%2Fberliner-afd-populitiker-hat-neue-oper-von-richard-wagner-entdeckt%2F\" title=\"Bei Threema teilen\" aria-label=\"Bei Threema teilen\" role=\"button\" rel=\"noopener nofollow\" class=\"shariff-link\" style=\"; background-color:#1f1f1f; color:#1f1f1f\" target=\"_blank\"><span class=\"shariff-icon\" style=\"fill:#1f1f1f\"><svg width=\"32px\" height=\"20px\" xmlns=\"http:\/\/www.w3.org\/2000\/svg\" viewBox=\"0 0 32 32\"><path fill=\"#1f1f1f\" d=\"M30.8 10.9c-0.3-1.4-0.9-2.6-1.8-3.8-2-2.6-5.5-4.5-9.4-5.2-1.3-0.2-1.9-0.3-3.5-0.3s-2.2 0-3.5 0.3c-4 0.7-7.4 2.6-9.4 5.2-0.9 1.2-1.5 2.4-1.8 3.8-0.1 0.5-0.2 1.2-0.2 1.6 0 0.4 0.1 1.1 0.2 1.6 0.4 1.9 1.3 3.4 2.9 5 0.8 0.8 0.8 0.8 0.7 1.3 0 0.6-0.5 1.6-1.7 3.6-0.3 0.5-0.5 0.9-0.5 0.9 0 0.1 0.1 0.1 0.5 0 0.8-0.2 2.3-0.6 5.6-1.6 1.1-0.3 1.3-0.4 2.3-0.4 0.8 0 1.1 0 2.3 0.2 1.5 0.2 3.5 0.2 4.9 0 5.1-0.6 9.3-2.9 11.4-6.3 0.5-0.9 0.9-1.8 1.1-2.8 0.1-0.5 0.2-1.1 0.2-1.6 0-0.7-0.1-1.1-0.2-1.6-0.3-1.4 0.1 0.5 0 0zM20.6 17.3c0 0.4-0.4 0.8-0.8 0.8h-7.7c-0.4 0-0.8-0.4-0.8-0.8v-4.6c0-0.4 0.4-0.8 0.8-0.8h0.2l0-1.6c0-0.9 0-1.8 0.1-2 0.1-0.6 0.6-1.2 1.1-1.7s1.1-0.7 1.9-0.8c1.8-0.3 3.7 0.7 4.2 2.2 0.1 0.3 0.1 0.7 0.1 2.1v0 1.7h0.1c0.4 0 0.8 0.4 0.8 0.8v4.6zM15.6 7.3c-0.5 0.1-0.8 0.3-1.2 0.6s-0.6 0.8-0.7 1.3c0 0.2 0 0.8 0 1.5l0 1.2h4.6v-1.3c0-1 0-1.4-0.1-1.6-0.3-1.1-1.5-1.9-2.6-1.7zM25.8 28.2c0 1.2-1 2.2-2.1 2.2s-2.1-1-2.1-2.1c0-1.2 1-2.1 2.2-2.1s2.2 1 2.2 2.2zM18.1 28.2c0 1.2-1 2.2-2.1 2.2s-2.1-1-2.1-2.1c0-1.2 1-2.1 2.2-2.1s2.2 1 2.2 2.2zM10.4 28.2c0 1.2-1 2.2-2.1 2.2s-2.1-1-2.1-2.1c0-1.2 1-2.1 2.2-2.1s2.2 1 2.2 2.2z\"\/><\/svg><\/span><span class=\"shariff-text\" style=\"color:#1f1f1f\">teilen<\/span>&nbsp;<\/a><\/li><li class=\"shariff-button facebook shariff-nocustomcolor\" style=\"background-color:#4273c8\"><a href=\"https:\/\/www.facebook.com\/sharer\/sharer.php?u=https%3A%2F%2Fwww.kritische-masse.de%2Flogbuch%2F2017%2F09%2Fberliner-afd-populitiker-hat-neue-oper-von-richard-wagner-entdeckt%2F\" title=\"Bei Facebook teilen\" aria-label=\"Bei Facebook teilen\" role=\"button\" rel=\"nofollow\" class=\"shariff-link\" style=\"; background-color:#3b5998; color:#3b5998\" target=\"_blank\"><span class=\"shariff-icon\" style=\"fill:#3b5998\"><svg width=\"32px\" height=\"20px\" xmlns=\"http:\/\/www.w3.org\/2000\/svg\" viewBox=\"0 0 18 32\"><path fill=\"#3b5998\" d=\"M17.1 0.2v4.7h-2.8q-1.5 0-2.1 0.6t-0.5 1.9v3.4h5.2l-0.7 5.3h-4.5v13.6h-5.5v-13.6h-4.5v-5.3h4.5v-3.9q0-3.3 1.9-5.2t5-1.8q2.6 0 4.1 0.2z\"\/><\/svg><\/span><span class=\"shariff-text\" style=\"color:#3b5998\">teilen<\/span>&nbsp;<\/a><\/li><li class=\"shariff-button info shariff-nocustomcolor\" style=\"background-color:#a8a8a8\"><a href=\"http:\/\/ct.de\/-2467514\" title=\"Weitere Informationen\" aria-label=\"Weitere Informationen\" role=\"button\" rel=\"noopener \" class=\"shariff-link\" style=\"; background-color:#999; color:#999\" target=\"_blank\"><span class=\"shariff-icon\" style=\"fill:#999\"><svg width=\"32px\" height=\"20px\" xmlns=\"http:\/\/www.w3.org\/2000\/svg\" viewBox=\"0 0 11 32\"><path fill=\"#999\" d=\"M11.4 24v2.3q0 0.5-0.3 0.8t-0.8 0.4h-9.1q-0.5 0-0.8-0.4t-0.4-0.8v-2.3q0-0.5 0.4-0.8t0.8-0.4h1.1v-6.8h-1.1q-0.5 0-0.8-0.4t-0.4-0.8v-2.3q0-0.5 0.4-0.8t0.8-0.4h6.8q0.5 0 0.8 0.4t0.4 0.8v10.3h1.1q0.5 0 0.8 0.4t0.3 0.8zM9.2 3.4v3.4q0 0.5-0.4 0.8t-0.8 0.4h-4.6q-0.4 0-0.8-0.4t-0.4-0.8v-3.4q0-0.4 0.4-0.8t0.8-0.4h4.6q0.5 0 0.8 0.4t0.4 0.8z\"\/><\/svg><\/span><\/a><\/li><\/ul><\/div><p>Pannenhilfe f\u00fcr das deutsche kulturelle Erbe kommt aus der musikwissenschaftlichen Fraktion der sich so nennenden AfD \u2013 einer Partei, die in Deutschland relativ hilflos agiert, wie man so h\u00f6rt.<\/p>\n<p style=\"padding-left: 30px;\">&#8220;Viel Zustimmung erhielt auch Thorsten Wei\u00df, der f\u00fcr die AfD im Berliner Abgeordnetenhaus sitzt. Auch er warnte vor einer Zuwanderung mehrheitlich ungebildeter Menschen aus arabischen und afrikanischen Staaten. Allerdings machte er selbst in seiner Rede aus der Oper \u201eTannh\u00e4user\u201c von Richard Wagner die Oper \u201eTannenh\u00e4user\u201c.&#8221; [Quelle: <a href=\"https:\/\/www.merkur.de\/politik\/wahlkampfveranstaltung-in-nuernberg-entsorgen-afd-chef-meuthen-legt-noch-einen-drauf-8668987.html\">Merkur.de<\/a>]<\/p>\n<p>Was hei\u00dft macht? Er ist ein Entdecker.<\/p>\n<p>Es muss sich danach um ein M\u00e4rchen handeln aus dem gro\u00dfen noch nicht gehobenen Erbe der deutschen Geschichte. Richard Wagner hatte seinerzeit einen Kompositionsauftrag von der deutschen Tannenh\u00e4usergesellschaft erhalten. Diese hatte mit zahlreichen Widrigkeiten zu k\u00e4mpfen. Immer h\u00e4ufiger hat man im 19. Jahrhundert dem Bau von H\u00e4usern aus Stein den Zuschlag gegeben. Die Tannenh\u00e4userindustrie schien vollkommen am Ende. Wagner beschreibt in seinem Drama den Umbau dieser Industrie durch geniale Marketingtricks. Man suchte und fand das Weihnachtsfest als M\u00f6glichkeit den Verkauf von Tannen anzukurbeln. Der Holzmichel, Hauptfigur des Musikdramas, gr\u00fcndete zu diesem Zweck die Firma Tannidas. In jedem Haus sollte zuk\u00fcnftig an Weihnachten mindestens eine Tanne innerhalb der Wohnung stehen. Das gelang zugleich mit einer Diskrediterung der Fichten, denen man den Stempel &#8220;d&#8217; Randfichten&#8221; andichtete. Eine zentrale Rufnummer f\u00fcr einen Tannenservice des ADAC wurde schlussendlich auch noch eingerichtet. der Holzmichel heiratet am Ende die Venus von Milo.<\/p>\n<p>Das ist die wahre Geschichte von &#8220;Tannenh\u00e4user \u2013 Oder der Memmenkrieg an der Wagenburg.&#8221;<\/p>\n<figure id=\"attachment_680\" aria-describedby=\"caption-attachment-680\" style=\"width: 1024px\" class=\"wp-caption aligncenter\"><a href=\"https:\/\/i0.wp.com\/www.kritische-masse.de\/logbuch\/wp-content\/uploads\/2017\/09\/tannenhaeuser.jpg?ssl=1\"><img data-recalc-dims=\"1\" loading=\"lazy\" decoding=\"async\" class=\"size-large wp-image-680\" src=\"https:\/\/i0.wp.com\/www.kritische-masse.de\/logbuch\/wp-content\/uploads\/2017\/09\/tannenhaeuser.jpg?resize=1024%2C620&#038;ssl=1\" alt=\"Der Weg ist das Ziel. Foto: Hufner\" width=\"1024\" height=\"620\" \/><\/a><figcaption id=\"caption-attachment-680\" class=\"wp-caption-text\">Der Weg ist das Ziel. Foto: Hufner<\/figcaption><\/figure>\n<p class=\"font_7\">Dass es im Bereich Kulturpolitik und Bildung Nachholbedarf gibt, ist offensichtlich. Schaut man auf die Website der AfD-Fraktion in Berlin findet sich bei den Stellenangeboten die Ausschreibung f\u00fcr einen &#8220;<a href=\"https:\/\/www.afd-fraktion.berlin\/referenten-fuer-bwk\">Referenten f\u00fcr Bildung\/Wissenschaft\/Kultur in Vollzeit (m\/w)&#8221;.<\/a>\u00a0 Es ist ein offenes Geheimnis, dass diese Arbeit ohne zahlreiche \u00dcberstunden v\u00f6llig sinnlos sein d\u00fcrfte.<\/p>\n<div class=\"shariff shariff-align-left shariff-widget-align-left\"><ul class=\"shariff-buttons theme-white orientation-horizontal buttonsize-small\"><li class=\"shariff-button mastodon shariff-nocustomcolor\" style=\"background-color:#563ACC\"><a href=\"https:\/\/s2f.kytta.dev\/?text=Berliner%20AfD-Populitiker%20hat%20neue%20Oper%20von%20Richard%20Wagner%20entdeckt https%3A%2F%2Fwww.kritische-masse.de%2Flogbuch%2F2017%2F09%2Fberliner-afd-populitiker-hat-neue-oper-von-richard-wagner-entdeckt%2F\" title=\"Bei Mastodon teilen\" aria-label=\"Bei Mastodon teilen\" role=\"button\" rel=\"noopener nofollow\" class=\"shariff-link\" style=\"; background-color:#6364FF; color:#6364FF\" target=\"_blank\"><span class=\"shariff-icon\" style=\"fill:#6364FF\"><svg width=\"75\" height=\"79\" viewBox=\"0 0 75 79\" fill=\"none\" xmlns=\"http:\/\/www.w3.org\/2000\/svg\"><path d=\"M37.813-.025C32.462-.058 27.114.13 21.79.598c-8.544.621-17.214 5.58-20.203 13.931C-1.12 23.318.408 32.622.465 41.65c.375 7.316.943 14.78 3.392 21.73 4.365 9.465 14.781 14.537 24.782 15.385 7.64.698 15.761-.213 22.517-4.026a54.1 54.1 0 0 0 .01-6.232c-6.855 1.316-14.101 2.609-21.049 1.074-3.883-.88-6.876-4.237-7.25-8.215-1.53-3.988 3.78-.43 5.584-.883 9.048 1.224 18.282.776 27.303-.462 7.044-.837 14.26-4.788 16.65-11.833 2.263-6.135 1.215-12.79 1.698-19.177.06-3.84.09-7.692-.262-11.52C72.596 7.844 63.223.981 53.834.684a219.453 219.453 0 0 0-16.022-.71zm11.294 12.882c5.5-.067 10.801 4.143 11.67 9.653.338 1.48.471 3 .471 4.515v21.088h-8.357c-.07-7.588.153-15.182-.131-22.765-.587-4.368-7.04-5.747-9.672-2.397-2.422 3.04-1.47 7.155-1.67 10.735v6.392h-8.307c-.146-4.996.359-10.045-.404-15.002-1.108-4.218-7.809-5.565-10.094-1.666-1.685 3.046-.712 6.634-.976 9.936v14.767h-8.354c.109-8.165-.238-16.344.215-24.5.674-5.346 5.095-10.389 10.676-10.627 4.902-.739 10.103 2.038 12.053 6.631.375 1.435 1.76 1.932 1.994.084 1.844-3.704 5.501-6.739 9.785-6.771.367-.044.735-.068 1.101-.073z\"\/><defs><linearGradient id=\"paint0_linear_549_34\" x1=\"37.0692\" y1=\"0\" x2=\"37.0692\" y2=\"79\" gradientUnits=\"userSpaceOnUse\"><stop stop-color=\"#6364FF\"\/><stop offset=\"1\" stop-color=\"#563ACC\"\/><\/linearGradient><\/defs><\/svg><\/span><span class=\"shariff-text\" style=\"color:#6364FF\">teilen<\/span>&nbsp;<\/a><\/li><li class=\"shariff-button bluesky shariff-nocustomcolor\" style=\"background-color:#84c4ff\"><a href=\"https:\/\/bsky.app\/intent\/compose?text=Berliner%20AfD-Populitiker%20hat%20neue%20Oper%20von%20Richard%20Wagner%20entdeckt https%3A%2F%2Fwww.kritische-masse.de%2Flogbuch%2F2017%2F09%2Fberliner-afd-populitiker-hat-neue-oper-von-richard-wagner-entdeckt%2F \" title=\"Bei Bluesky teilen\" aria-label=\"Bei Bluesky teilen\" role=\"button\" rel=\"noopener nofollow\" class=\"shariff-link\" style=\"; background-color:#0085ff; color:#0085ff\" target=\"_blank\"><span class=\"shariff-icon\" style=\"fill:#0085ff\"><svg width=\"20\" height=\"20\" version=\"1.1\" xmlns=\"http:\/\/www.w3.org\/2000\/svg\" viewBox=\"0 0 20 20\"><path class=\"st0\" d=\"M4.89,3.12c2.07,1.55,4.3,4.71,5.11,6.4.82-1.69,3.04-4.84,5.11-6.4,1.49-1.12,3.91-1.99,3.91.77,0,.55-.32,4.63-.5,5.3-.64,2.3-2.99,2.89-5.08,2.54,3.65.62,4.58,2.68,2.57,4.74-3.81,3.91-5.48-.98-5.9-2.23-.08-.23-.11-.34-.12-.25,0-.09-.04.02-.12.25-.43,1.25-2.09,6.14-5.9,2.23-2.01-2.06-1.08-4.12,2.57-4.74-2.09.36-4.44-.23-5.08-2.54-.19-.66-.5-4.74-.5-5.3,0-2.76,2.42-1.89,3.91-.77h0Z\"\/><\/svg><\/span><span class=\"shariff-text\" style=\"color:#0085ff\">teilen<\/span>&nbsp;<\/a><\/li><li class=\"shariff-button threema shariff-nocustomcolor shariff-mobile\" style=\"background-color:#4fbc24\"><a href=\"threema:\/\/compose?text=Berliner%20AfD-Populitiker%20hat%20neue%20Oper%20von%20Richard%20Wagner%20entdeckt%20https%3A%2F%2Fwww.kritische-masse.de%2Flogbuch%2F2017%2F09%2Fberliner-afd-populitiker-hat-neue-oper-von-richard-wagner-entdeckt%2F\" title=\"Bei Threema teilen\" aria-label=\"Bei Threema teilen\" role=\"button\" rel=\"noopener nofollow\" class=\"shariff-link\" style=\"; background-color:#1f1f1f; color:#1f1f1f\" target=\"_blank\"><span class=\"shariff-icon\" style=\"fill:#1f1f1f\"><svg width=\"32px\" height=\"20px\" xmlns=\"http:\/\/www.w3.org\/2000\/svg\" viewBox=\"0 0 32 32\"><path fill=\"#1f1f1f\" d=\"M30.8 10.9c-0.3-1.4-0.9-2.6-1.8-3.8-2-2.6-5.5-4.5-9.4-5.2-1.3-0.2-1.9-0.3-3.5-0.3s-2.2 0-3.5 0.3c-4 0.7-7.4 2.6-9.4 5.2-0.9 1.2-1.5 2.4-1.8 3.8-0.1 0.5-0.2 1.2-0.2 1.6 0 0.4 0.1 1.1 0.2 1.6 0.4 1.9 1.3 3.4 2.9 5 0.8 0.8 0.8 0.8 0.7 1.3 0 0.6-0.5 1.6-1.7 3.6-0.3 0.5-0.5 0.9-0.5 0.9 0 0.1 0.1 0.1 0.5 0 0.8-0.2 2.3-0.6 5.6-1.6 1.1-0.3 1.3-0.4 2.3-0.4 0.8 0 1.1 0 2.3 0.2 1.5 0.2 3.5 0.2 4.9 0 5.1-0.6 9.3-2.9 11.4-6.3 0.5-0.9 0.9-1.8 1.1-2.8 0.1-0.5 0.2-1.1 0.2-1.6 0-0.7-0.1-1.1-0.2-1.6-0.3-1.4 0.1 0.5 0 0zM20.6 17.3c0 0.4-0.4 0.8-0.8 0.8h-7.7c-0.4 0-0.8-0.4-0.8-0.8v-4.6c0-0.4 0.4-0.8 0.8-0.8h0.2l0-1.6c0-0.9 0-1.8 0.1-2 0.1-0.6 0.6-1.2 1.1-1.7s1.1-0.7 1.9-0.8c1.8-0.3 3.7 0.7 4.2 2.2 0.1 0.3 0.1 0.7 0.1 2.1v0 1.7h0.1c0.4 0 0.8 0.4 0.8 0.8v4.6zM15.6 7.3c-0.5 0.1-0.8 0.3-1.2 0.6s-0.6 0.8-0.7 1.3c0 0.2 0 0.8 0 1.5l0 1.2h4.6v-1.3c0-1 0-1.4-0.1-1.6-0.3-1.1-1.5-1.9-2.6-1.7zM25.8 28.2c0 1.2-1 2.2-2.1 2.2s-2.1-1-2.1-2.1c0-1.2 1-2.1 2.2-2.1s2.2 1 2.2 2.2zM18.1 28.2c0 1.2-1 2.2-2.1 2.2s-2.1-1-2.1-2.1c0-1.2 1-2.1 2.2-2.1s2.2 1 2.2 2.2zM10.4 28.2c0 1.2-1 2.2-2.1 2.2s-2.1-1-2.1-2.1c0-1.2 1-2.1 2.2-2.1s2.2 1 2.2 2.2z\"\/><\/svg><\/span><span class=\"shariff-text\" style=\"color:#1f1f1f\">teilen<\/span>&nbsp;<\/a><\/li><li class=\"shariff-button facebook shariff-nocustomcolor\" style=\"background-color:#4273c8\"><a href=\"https:\/\/www.facebook.com\/sharer\/sharer.php?u=https%3A%2F%2Fwww.kritische-masse.de%2Flogbuch%2F2017%2F09%2Fberliner-afd-populitiker-hat-neue-oper-von-richard-wagner-entdeckt%2F\" title=\"Bei Facebook teilen\" aria-label=\"Bei Facebook teilen\" role=\"button\" rel=\"nofollow\" class=\"shariff-link\" style=\"; background-color:#3b5998; color:#3b5998\" target=\"_blank\"><span class=\"shariff-icon\" style=\"fill:#3b5998\"><svg width=\"32px\" height=\"20px\" xmlns=\"http:\/\/www.w3.org\/2000\/svg\" viewBox=\"0 0 18 32\"><path fill=\"#3b5998\" d=\"M17.1 0.2v4.7h-2.8q-1.5 0-2.1 0.6t-0.5 1.9v3.4h5.2l-0.7 5.3h-4.5v13.6h-5.5v-13.6h-4.5v-5.3h4.5v-3.9q0-3.3 1.9-5.2t5-1.8q2.6 0 4.1 0.2z\"\/><\/svg><\/span><span class=\"shariff-text\" style=\"color:#3b5998\">teilen<\/span>&nbsp;<\/a><\/li><li class=\"shariff-button info shariff-nocustomcolor\" style=\"background-color:#a8a8a8\"><a href=\"http:\/\/ct.de\/-2467514\" title=\"Weitere Informationen\" aria-label=\"Weitere Informationen\" role=\"button\" rel=\"noopener \" class=\"shariff-link\" style=\"; background-color:#999; color:#999\" target=\"_blank\"><span class=\"shariff-icon\" style=\"fill:#999\"><svg width=\"32px\" height=\"20px\" xmlns=\"http:\/\/www.w3.org\/2000\/svg\" viewBox=\"0 0 11 32\"><path fill=\"#999\" d=\"M11.4 24v2.3q0 0.5-0.3 0.8t-0.8 0.4h-9.1q-0.5 0-0.8-0.4t-0.4-0.8v-2.3q0-0.5 0.4-0.8t0.8-0.4h1.1v-6.8h-1.1q-0.5 0-0.8-0.4t-0.4-0.8v-2.3q0-0.5 0.4-0.8t0.8-0.4h6.8q0.5 0 0.8 0.4t0.4 0.8v10.3h1.1q0.5 0 0.8 0.4t0.3 0.8zM9.2 3.4v3.4q0 0.5-0.4 0.8t-0.8 0.4h-4.6q-0.4 0-0.8-0.4t-0.4-0.8v-3.4q0-0.4 0.4-0.8t0.8-0.4h4.6q0.5 0 0.8 0.4t0.4 0.8z\"\/><\/svg><\/span><\/a><\/li><\/ul><\/div>","protected":false},"excerpt":{"rendered":"<p>Pannenhilfe f\u00fcr das deutsche kulturelle Erbe kommt aus der musikwissenschaftlichen Fraktion der sich so nennenden AfD \u2013 einer Partei, die in Deutschland relativ hilflos agiert, wie man so h\u00f6rt. &#8220;Viel Zustimmung erhielt auch Thorsten Wei\u00df, der f\u00fcr die AfD im Berliner Abgeordnetenhaus sitzt. Auch er warnte vor einer Zuwanderung mehrheitlich ungebildeter Menschen aus arabischen und [&hellip;]<\/p>\n<div class=\"shariff shariff-align-left shariff-widget-align-left\"><ul class=\"shariff-buttons theme-white orientation-horizontal buttonsize-small\"><li class=\"shariff-button mastodon shariff-nocustomcolor\" style=\"background-color:#563ACC\"><a href=\"https:\/\/s2f.kytta.dev\/?text=Berliner%20AfD-Populitiker%20hat%20neue%20Oper%20von%20Richard%20Wagner%20entdeckt https%3A%2F%2Fwww.kritische-masse.de%2Flogbuch%2F2017%2F09%2Fberliner-afd-populitiker-hat-neue-oper-von-richard-wagner-entdeckt%2F\" title=\"Bei Mastodon teilen\" aria-label=\"Bei Mastodon teilen\" role=\"button\" rel=\"noopener nofollow\" class=\"shariff-link\" style=\"; background-color:#6364FF; color:#6364FF\" target=\"_blank\"><span class=\"shariff-icon\" style=\"fill:#6364FF\"><svg width=\"75\" height=\"79\" viewBox=\"0 0 75 79\" fill=\"none\" xmlns=\"http:\/\/www.w3.org\/2000\/svg\"><path d=\"M37.813-.025C32.462-.058 27.114.13 21.79.598c-8.544.621-17.214 5.58-20.203 13.931C-1.12 23.318.408 32.622.465 41.65c.375 7.316.943 14.78 3.392 21.73 4.365 9.465 14.781 14.537 24.782 15.385 7.64.698 15.761-.213 22.517-4.026a54.1 54.1 0 0 0 .01-6.232c-6.855 1.316-14.101 2.609-21.049 1.074-3.883-.88-6.876-4.237-7.25-8.215-1.53-3.988 3.78-.43 5.584-.883 9.048 1.224 18.282.776 27.303-.462 7.044-.837 14.26-4.788 16.65-11.833 2.263-6.135 1.215-12.79 1.698-19.177.06-3.84.09-7.692-.262-11.52C72.596 7.844 63.223.981 53.834.684a219.453 219.453 0 0 0-16.022-.71zm11.294 12.882c5.5-.067 10.801 4.143 11.67 9.653.338 1.48.471 3 .471 4.515v21.088h-8.357c-.07-7.588.153-15.182-.131-22.765-.587-4.368-7.04-5.747-9.672-2.397-2.422 3.04-1.47 7.155-1.67 10.735v6.392h-8.307c-.146-4.996.359-10.045-.404-15.002-1.108-4.218-7.809-5.565-10.094-1.666-1.685 3.046-.712 6.634-.976 9.936v14.767h-8.354c.109-8.165-.238-16.344.215-24.5.674-5.346 5.095-10.389 10.676-10.627 4.902-.739 10.103 2.038 12.053 6.631.375 1.435 1.76 1.932 1.994.084 1.844-3.704 5.501-6.739 9.785-6.771.367-.044.735-.068 1.101-.073z\"\/><defs><linearGradient id=\"paint0_linear_549_34\" x1=\"37.0692\" y1=\"0\" x2=\"37.0692\" y2=\"79\" gradientUnits=\"userSpaceOnUse\"><stop stop-color=\"#6364FF\"\/><stop offset=\"1\" stop-color=\"#563ACC\"\/><\/linearGradient><\/defs><\/svg><\/span><span class=\"shariff-text\" style=\"color:#6364FF\">teilen<\/span>&nbsp;<\/a><\/li><li class=\"shariff-button bluesky shariff-nocustomcolor\" style=\"background-color:#84c4ff\"><a href=\"https:\/\/bsky.app\/intent\/compose?text=Berliner%20AfD-Populitiker%20hat%20neue%20Oper%20von%20Richard%20Wagner%20entdeckt https%3A%2F%2Fwww.kritische-masse.de%2Flogbuch%2F2017%2F09%2Fberliner-afd-populitiker-hat-neue-oper-von-richard-wagner-entdeckt%2F \" title=\"Bei Bluesky teilen\" aria-label=\"Bei Bluesky teilen\" role=\"button\" rel=\"noopener nofollow\" class=\"shariff-link\" style=\"; background-color:#0085ff; color:#0085ff\" target=\"_blank\"><span class=\"shariff-icon\" style=\"fill:#0085ff\"><svg width=\"20\" height=\"20\" version=\"1.1\" xmlns=\"http:\/\/www.w3.org\/2000\/svg\" viewBox=\"0 0 20 20\"><path class=\"st0\" d=\"M4.89,3.12c2.07,1.55,4.3,4.71,5.11,6.4.82-1.69,3.04-4.84,5.11-6.4,1.49-1.12,3.91-1.99,3.91.77,0,.55-.32,4.63-.5,5.3-.64,2.3-2.99,2.89-5.08,2.54,3.65.62,4.58,2.68,2.57,4.74-3.81,3.91-5.48-.98-5.9-2.23-.08-.23-.11-.34-.12-.25,0-.09-.04.02-.12.25-.43,1.25-2.09,6.14-5.9,2.23-2.01-2.06-1.08-4.12,2.57-4.74-2.09.36-4.44-.23-5.08-2.54-.19-.66-.5-4.74-.5-5.3,0-2.76,2.42-1.89,3.91-.77h0Z\"\/><\/svg><\/span><span class=\"shariff-text\" style=\"color:#0085ff\">teilen<\/span>&nbsp;<\/a><\/li><li class=\"shariff-button threema shariff-nocustomcolor shariff-mobile\" style=\"background-color:#4fbc24\"><a href=\"threema:\/\/compose?text=Berliner%20AfD-Populitiker%20hat%20neue%20Oper%20von%20Richard%20Wagner%20entdeckt%20https%3A%2F%2Fwww.kritische-masse.de%2Flogbuch%2F2017%2F09%2Fberliner-afd-populitiker-hat-neue-oper-von-richard-wagner-entdeckt%2F\" title=\"Bei Threema teilen\" aria-label=\"Bei Threema teilen\" role=\"button\" rel=\"noopener nofollow\" class=\"shariff-link\" style=\"; background-color:#1f1f1f; color:#1f1f1f\" target=\"_blank\"><span class=\"shariff-icon\" style=\"fill:#1f1f1f\"><svg width=\"32px\" height=\"20px\" xmlns=\"http:\/\/www.w3.org\/2000\/svg\" viewBox=\"0 0 32 32\"><path fill=\"#1f1f1f\" d=\"M30.8 10.9c-0.3-1.4-0.9-2.6-1.8-3.8-2-2.6-5.5-4.5-9.4-5.2-1.3-0.2-1.9-0.3-3.5-0.3s-2.2 0-3.5 0.3c-4 0.7-7.4 2.6-9.4 5.2-0.9 1.2-1.5 2.4-1.8 3.8-0.1 0.5-0.2 1.2-0.2 1.6 0 0.4 0.1 1.1 0.2 1.6 0.4 1.9 1.3 3.4 2.9 5 0.8 0.8 0.8 0.8 0.7 1.3 0 0.6-0.5 1.6-1.7 3.6-0.3 0.5-0.5 0.9-0.5 0.9 0 0.1 0.1 0.1 0.5 0 0.8-0.2 2.3-0.6 5.6-1.6 1.1-0.3 1.3-0.4 2.3-0.4 0.8 0 1.1 0 2.3 0.2 1.5 0.2 3.5 0.2 4.9 0 5.1-0.6 9.3-2.9 11.4-6.3 0.5-0.9 0.9-1.8 1.1-2.8 0.1-0.5 0.2-1.1 0.2-1.6 0-0.7-0.1-1.1-0.2-1.6-0.3-1.4 0.1 0.5 0 0zM20.6 17.3c0 0.4-0.4 0.8-0.8 0.8h-7.7c-0.4 0-0.8-0.4-0.8-0.8v-4.6c0-0.4 0.4-0.8 0.8-0.8h0.2l0-1.6c0-0.9 0-1.8 0.1-2 0.1-0.6 0.6-1.2 1.1-1.7s1.1-0.7 1.9-0.8c1.8-0.3 3.7 0.7 4.2 2.2 0.1 0.3 0.1 0.7 0.1 2.1v0 1.7h0.1c0.4 0 0.8 0.4 0.8 0.8v4.6zM15.6 7.3c-0.5 0.1-0.8 0.3-1.2 0.6s-0.6 0.8-0.7 1.3c0 0.2 0 0.8 0 1.5l0 1.2h4.6v-1.3c0-1 0-1.4-0.1-1.6-0.3-1.1-1.5-1.9-2.6-1.7zM25.8 28.2c0 1.2-1 2.2-2.1 2.2s-2.1-1-2.1-2.1c0-1.2 1-2.1 2.2-2.1s2.2 1 2.2 2.2zM18.1 28.2c0 1.2-1 2.2-2.1 2.2s-2.1-1-2.1-2.1c0-1.2 1-2.1 2.2-2.1s2.2 1 2.2 2.2zM10.4 28.2c0 1.2-1 2.2-2.1 2.2s-2.1-1-2.1-2.1c0-1.2 1-2.1 2.2-2.1s2.2 1 2.2 2.2z\"\/><\/svg><\/span><span class=\"shariff-text\" style=\"color:#1f1f1f\">teilen<\/span>&nbsp;<\/a><\/li><li class=\"shariff-button facebook shariff-nocustomcolor\" style=\"background-color:#4273c8\"><a href=\"https:\/\/www.facebook.com\/sharer\/sharer.php?u=https%3A%2F%2Fwww.kritische-masse.de%2Flogbuch%2F2017%2F09%2Fberliner-afd-populitiker-hat-neue-oper-von-richard-wagner-entdeckt%2F\" title=\"Bei Facebook teilen\" aria-label=\"Bei Facebook teilen\" role=\"button\" rel=\"nofollow\" class=\"shariff-link\" style=\"; background-color:#3b5998; color:#3b5998\" target=\"_blank\"><span class=\"shariff-icon\" style=\"fill:#3b5998\"><svg width=\"32px\" height=\"20px\" xmlns=\"http:\/\/www.w3.org\/2000\/svg\" viewBox=\"0 0 18 32\"><path fill=\"#3b5998\" d=\"M17.1 0.2v4.7h-2.8q-1.5 0-2.1 0.6t-0.5 1.9v3.4h5.2l-0.7 5.3h-4.5v13.6h-5.5v-13.6h-4.5v-5.3h4.5v-3.9q0-3.3 1.9-5.2t5-1.8q2.6 0 4.1 0.2z\"\/><\/svg><\/span><span class=\"shariff-text\" style=\"color:#3b5998\">teilen<\/span>&nbsp;<\/a><\/li><li class=\"shariff-button info shariff-nocustomcolor\" style=\"background-color:#a8a8a8\"><a href=\"http:\/\/ct.de\/-2467514\" title=\"Weitere Informationen\" aria-label=\"Weitere Informationen\" role=\"button\" rel=\"noopener \" class=\"shariff-link\" style=\"; background-color:#999; color:#999\" target=\"_blank\"><span class=\"shariff-icon\" style=\"fill:#999\"><svg width=\"32px\" height=\"20px\" xmlns=\"http:\/\/www.w3.org\/2000\/svg\" viewBox=\"0 0 11 32\"><path fill=\"#999\" d=\"M11.4 24v2.3q0 0.5-0.3 0.8t-0.8 0.4h-9.1q-0.5 0-0.8-0.4t-0.4-0.8v-2.3q0-0.5 0.4-0.8t0.8-0.4h1.1v-6.8h-1.1q-0.5 0-0.8-0.4t-0.4-0.8v-2.3q0-0.5 0.4-0.8t0.8-0.4h6.8q0.5 0 0.8 0.4t0.4 0.8v10.3h1.1q0.5 0 0.8 0.4t0.3 0.8zM9.2 3.4v3.4q0 0.5-0.4 0.8t-0.8 0.4h-4.6q-0.4 0-0.8-0.4t-0.4-0.8v-3.4q0-0.4 0.4-0.8t0.8-0.4h4.6q0.5 0 0.8 0.4t0.4 0.8z\"\/><\/svg><\/span><\/a><\/li><\/ul><\/div>","protected":false},"author":1,"featured_media":680,"comment_status":"open","ping_status":"open","sticky":false,"template":"","format":"standard","meta":{"ocean_post_layout":"","ocean_both_sidebars_style":"","ocean_both_sidebars_content_width":0,"ocean_both_sidebars_sidebars_width":0,"ocean_sidebar":"","ocean_second_sidebar":"","ocean_disable_margins":"enable","ocean_add_body_class":"","ocean_shortcode_before_top_bar":"","ocean_shortcode_after_top_bar":"","ocean_shortcode_before_header":"","ocean_shortcode_after_header":"","ocean_has_shortcode":"","ocean_shortcode_after_title":"","ocean_shortcode_before_footer_widgets":"","ocean_shortcode_after_footer_widgets":"","ocean_shortcode_before_footer_bottom":"","ocean_shortcode_after_footer_bottom":"","ocean_display_top_bar":"default","ocean_display_header":"default","ocean_header_style":"","ocean_center_header_left_menu":"","ocean_custom_header_template":"","ocean_custom_logo":0,"ocean_custom_retina_logo":0,"ocean_custom_logo_max_width":0,"ocean_custom_logo_tablet_max_width":0,"ocean_custom_logo_mobile_max_width":0,"ocean_custom_logo_max_height":0,"ocean_custom_logo_tablet_max_height":0,"ocean_custom_logo_mobile_max_height":0,"ocean_header_custom_menu":"","ocean_menu_typo_font_family":"","ocean_menu_typo_font_subset":"","ocean_menu_typo_font_size":0,"ocean_menu_typo_font_size_tablet":0,"ocean_menu_typo_font_size_mobile":0,"ocean_menu_typo_font_size_unit":"px","ocean_menu_typo_font_weight":"","ocean_menu_typo_font_weight_tablet":"","ocean_menu_typo_font_weight_mobile":"","ocean_menu_typo_transform":"","ocean_menu_typo_transform_tablet":"","ocean_menu_typo_transform_mobile":"","ocean_menu_typo_line_height":0,"ocean_menu_typo_line_height_tablet":0,"ocean_menu_typo_line_height_mobile":0,"ocean_menu_typo_line_height_unit":"","ocean_menu_typo_spacing":0,"ocean_menu_typo_spacing_tablet":0,"ocean_menu_typo_spacing_mobile":0,"ocean_menu_typo_spacing_unit":"","ocean_menu_link_color":"","ocean_menu_link_color_hover":"","ocean_menu_link_color_active":"","ocean_menu_link_background":"","ocean_menu_link_hover_background":"","ocean_menu_link_active_background":"","ocean_menu_social_links_bg":"","ocean_menu_social_hover_links_bg":"","ocean_menu_social_links_color":"","ocean_menu_social_hover_links_color":"","ocean_disable_title":"default","ocean_disable_heading":"default","ocean_post_title":"","ocean_post_subheading":"","ocean_post_title_style":"","ocean_post_title_background_color":"","ocean_post_title_background":0,"ocean_post_title_bg_image_position":"","ocean_post_title_bg_image_attachment":"","ocean_post_title_bg_image_repeat":"","ocean_post_title_bg_image_size":"","ocean_post_title_height":0,"ocean_post_title_bg_overlay":0.5,"ocean_post_title_bg_overlay_color":"","ocean_disable_breadcrumbs":"default","ocean_breadcrumbs_color":"","ocean_breadcrumbs_separator_color":"","ocean_breadcrumbs_links_color":"","ocean_breadcrumbs_links_hover_color":"","ocean_display_footer_widgets":"default","ocean_display_footer_bottom":"default","ocean_custom_footer_template":"","osh_disable_topbar_sticky":"default","osh_disable_header_sticky":"default","osh_sticky_header_style":"default","osh_sticky_header_effect":"","osh_custom_sticky_logo":0,"osh_custom_retina_sticky_logo":0,"osh_custom_sticky_logo_height":0,"osh_background_color":"","osh_links_color":"","osh_links_hover_color":"","osh_links_active_color":"","osh_links_bg_color":"","osh_links_hover_bg_color":"","osh_links_active_bg_color":"","osh_menu_social_links_color":"","osh_menu_social_hover_links_color":"","_FSMCFIC_featured_image_caption":"","_FSMCFIC_featured_image_nocaption":"","_FSMCFIC_featured_image_hide":"","_metis_text_type":"standard","_metis_text_length":2182,"_post_count":0,"_jetpack_memberships_contains_paid_content":false,"activitypub_content_warning":"","activitypub_content_visibility":"","activitypub_max_image_attachments":4,"activitypub_interaction_policy_quote":"anyone","activitypub_status":"","ocean_post_oembed":"","ocean_post_self_hosted_media":"","ocean_post_video_embed":"","ocean_link_format":"","ocean_link_format_target":"self","ocean_quote_format":"","ocean_quote_format_link":"post","ocean_gallery_link_images":"on","ocean_gallery_id":[],"footnotes":"","jetpack_publicize_message":"AfD-Politiker hat neue Oper von Richard Wagner entdeckt","jetpack_publicize_feature_enabled":true,"jetpack_social_post_already_shared":true,"jetpack_social_options":{"image_generator_settings":{"template":"highway","default_image_id":0,"font":"","enabled":false},"version":2}},"categories":[4186,2695,2652],"tags":[1680,2465,2796],"class_list":["post-8728","post","type-post","status-publish","format-standard","has-post-thumbnail","hentry","category-die-politik","category-die-kultur","category-diemusik","tag-afd","tag-kulturpolitik","tag-richard-wagner","entry","has-media"],"yoast_head":"<!-- This site is optimized with the Yoast SEO plugin v27.5 - https:\/\/yoast.com\/product\/yoast-seo-wordpress\/ -->\n<title>Berliner AfD-Populitiker hat neue Oper von Richard Wagner entdeckt - Kritische Masse<\/title>\n<meta name=\"robots\" content=\"index, follow, max-snippet:-1, max-image-preview:large, max-video-preview:-1\" \/>\n<link rel=\"canonical\" href=\"https:\/\/www.kritische-masse.de\/logbuch\/2017\/09\/berliner-afd-populitiker-hat-neue-oper-von-richard-wagner-entdeckt\/\" \/>\n<meta property=\"og:locale\" content=\"de_DE\" \/>\n<meta property=\"og:type\" content=\"article\" \/>\n<meta property=\"og:title\" content=\"Berliner AfD-Populitiker hat neue Oper von Richard Wagner entdeckt - Kritische Masse\" \/>\n<meta property=\"og:description\" content=\"Pannenhilfe f\u00fcr das deutsche kulturelle Erbe kommt aus der musikwissenschaftlichen Fraktion der sich so nennenden AfD \u2013 einer Partei, die in Deutschland relativ hilflos agiert, wie man so h\u00f6rt. &#8220;Viel Zustimmung erhielt auch Thorsten Wei\u00df, der f\u00fcr die AfD im Berliner Abgeordnetenhaus sitzt. Auch er warnte vor einer Zuwanderung mehrheitlich ungebildeter Menschen aus arabischen und [&hellip;]\" \/>\n<meta property=\"og:url\" content=\"https:\/\/www.kritische-masse.de\/logbuch\/2017\/09\/berliner-afd-populitiker-hat-neue-oper-von-richard-wagner-entdeckt\/\" \/>\n<meta property=\"og:site_name\" content=\"Kritische Masse\" \/>\n<meta property=\"article:publisher\" content=\"https:\/\/www.facebook.com\/hufner\" \/>\n<meta property=\"article:author\" content=\"https:\/\/www.facebook.com\/hufner\" \/>\n<meta property=\"article:published_time\" content=\"2017-09-11T09:25:31+00:00\" \/>\n<meta name=\"author\" content=\"der huflaikhan\" \/>\n<meta name=\"twitter:label1\" content=\"Verfasst von\" \/>\n\t<meta name=\"twitter:data1\" content=\"der huflaikhan\" \/>\n\t<meta name=\"twitter:label2\" content=\"Gesch\u00e4tzte Lesezeit\" \/>\n\t<meta name=\"twitter:data2\" content=\"2\u00a0Minuten\" \/>\n<script type=\"application\/ld+json\" class=\"yoast-schema-graph\">{\"@context\":\"https:\\\/\\\/schema.org\",\"@graph\":[{\"@type\":\"Article\",\"@id\":\"https:\\\/\\\/www.kritische-masse.de\\\/logbuch\\\/2017\\\/09\\\/berliner-afd-populitiker-hat-neue-oper-von-richard-wagner-entdeckt\\\/#article\",\"isPartOf\":{\"@id\":\"https:\\\/\\\/www.kritische-masse.de\\\/logbuch\\\/2017\\\/09\\\/berliner-afd-populitiker-hat-neue-oper-von-richard-wagner-entdeckt\\\/\"},\"author\":{\"name\":\"der huflaikhan\",\"@id\":\"https:\\\/\\\/www.kritische-masse.de\\\/logbuch\\\/#\\\/schema\\\/person\\\/14c491f46504e7f6b79db161f76def1c\"},\"headline\":\"Berliner AfD-Populitiker hat neue Oper von Richard Wagner entdeckt\",\"datePublished\":\"2017-09-11T09:25:31+00:00\",\"mainEntityOfPage\":{\"@id\":\"https:\\\/\\\/www.kritische-masse.de\\\/logbuch\\\/2017\\\/09\\\/berliner-afd-populitiker-hat-neue-oper-von-richard-wagner-entdeckt\\\/\"},\"wordCount\":339,\"commentCount\":2,\"publisher\":{\"@id\":\"https:\\\/\\\/www.kritische-masse.de\\\/logbuch\\\/#\\\/schema\\\/person\\\/14c491f46504e7f6b79db161f76def1c\"},\"image\":{\"@id\":\"https:\\\/\\\/www.kritische-masse.de\\\/logbuch\\\/2017\\\/09\\\/berliner-afd-populitiker-hat-neue-oper-von-richard-wagner-entdeckt\\\/#primaryimage\"},\"thumbnailUrl\":\"\",\"keywords\":[\"AfD\",\"Kulturpolitik\",\"Richard Wagner\"],\"articleSection\":[\"die Politik\",\"die Kultur\",\"die Musik\"],\"inLanguage\":\"de\",\"potentialAction\":[{\"@type\":\"CommentAction\",\"name\":\"Comment\",\"target\":[\"https:\\\/\\\/www.kritische-masse.de\\\/logbuch\\\/2017\\\/09\\\/berliner-afd-populitiker-hat-neue-oper-von-richard-wagner-entdeckt\\\/#respond\"]}]},{\"@type\":\"WebPage\",\"@id\":\"https:\\\/\\\/www.kritische-masse.de\\\/logbuch\\\/2017\\\/09\\\/berliner-afd-populitiker-hat-neue-oper-von-richard-wagner-entdeckt\\\/\",\"url\":\"https:\\\/\\\/www.kritische-masse.de\\\/logbuch\\\/2017\\\/09\\\/berliner-afd-populitiker-hat-neue-oper-von-richard-wagner-entdeckt\\\/\",\"name\":\"Berliner AfD-Populitiker hat neue Oper von Richard Wagner entdeckt - Kritische Masse\",\"isPartOf\":{\"@id\":\"https:\\\/\\\/www.kritische-masse.de\\\/logbuch\\\/#website\"},\"primaryImageOfPage\":{\"@id\":\"https:\\\/\\\/www.kritische-masse.de\\\/logbuch\\\/2017\\\/09\\\/berliner-afd-populitiker-hat-neue-oper-von-richard-wagner-entdeckt\\\/#primaryimage\"},\"image\":{\"@id\":\"https:\\\/\\\/www.kritische-masse.de\\\/logbuch\\\/2017\\\/09\\\/berliner-afd-populitiker-hat-neue-oper-von-richard-wagner-entdeckt\\\/#primaryimage\"},\"thumbnailUrl\":\"\",\"datePublished\":\"2017-09-11T09:25:31+00:00\",\"breadcrumb\":{\"@id\":\"https:\\\/\\\/www.kritische-masse.de\\\/logbuch\\\/2017\\\/09\\\/berliner-afd-populitiker-hat-neue-oper-von-richard-wagner-entdeckt\\\/#breadcrumb\"},\"inLanguage\":\"de\",\"potentialAction\":[{\"@type\":\"ReadAction\",\"target\":[\"https:\\\/\\\/www.kritische-masse.de\\\/logbuch\\\/2017\\\/09\\\/berliner-afd-populitiker-hat-neue-oper-von-richard-wagner-entdeckt\\\/\"]}]},{\"@type\":\"ImageObject\",\"inLanguage\":\"de\",\"@id\":\"https:\\\/\\\/www.kritische-masse.de\\\/logbuch\\\/2017\\\/09\\\/berliner-afd-populitiker-hat-neue-oper-von-richard-wagner-entdeckt\\\/#primaryimage\",\"url\":\"\",\"contentUrl\":\"\"},{\"@type\":\"BreadcrumbList\",\"@id\":\"https:\\\/\\\/www.kritische-masse.de\\\/logbuch\\\/2017\\\/09\\\/berliner-afd-populitiker-hat-neue-oper-von-richard-wagner-entdeckt\\\/#breadcrumb\",\"itemListElement\":[{\"@type\":\"ListItem\",\"position\":1,\"name\":\"Startseite\",\"item\":\"https:\\\/\\\/www.kritische-masse.de\\\/logbuch\\\/\"},{\"@type\":\"ListItem\",\"position\":2,\"name\":\"Berliner AfD-Populitiker hat neue Oper von Richard Wagner entdeckt\"}]},{\"@type\":\"WebSite\",\"@id\":\"https:\\\/\\\/www.kritische-masse.de\\\/logbuch\\\/#website\",\"url\":\"https:\\\/\\\/www.kritische-masse.de\\\/logbuch\\\/\",\"name\":\"kritische masse\",\"description\":\"amt f\u00fcr vermassungsschutz\",\"publisher\":{\"@id\":\"https:\\\/\\\/www.kritische-masse.de\\\/logbuch\\\/#\\\/schema\\\/person\\\/14c491f46504e7f6b79db161f76def1c\"},\"alternateName\":\"das logbuch der kritischen masse\",\"potentialAction\":[{\"@type\":\"SearchAction\",\"target\":{\"@type\":\"EntryPoint\",\"urlTemplate\":\"https:\\\/\\\/www.kritische-masse.de\\\/logbuch\\\/?s={search_term_string}\"},\"query-input\":{\"@type\":\"PropertyValueSpecification\",\"valueRequired\":true,\"valueName\":\"search_term_string\"}}],\"inLanguage\":\"de\"},{\"@type\":[\"Person\",\"Organization\"],\"@id\":\"https:\\\/\\\/www.kritische-masse.de\\\/logbuch\\\/#\\\/schema\\\/person\\\/14c491f46504e7f6b79db161f76def1c\",\"name\":\"der huflaikhan\",\"image\":{\"@type\":\"ImageObject\",\"inLanguage\":\"de\",\"@id\":\"https:\\\/\\\/www.kritische-masse.de\\\/logbuch\\\/wp-content\\\/uploads\\\/2024\\\/01\\\/cropped-kritischmasse_man_512.jpg\",\"url\":\"https:\\\/\\\/www.kritische-masse.de\\\/logbuch\\\/wp-content\\\/uploads\\\/2024\\\/01\\\/cropped-kritischmasse_man_512.jpg\",\"contentUrl\":\"https:\\\/\\\/www.kritische-masse.de\\\/logbuch\\\/wp-content\\\/uploads\\\/2024\\\/01\\\/cropped-kritischmasse_man_512.jpg\",\"width\":512,\"height\":512,\"caption\":\"der huflaikhan\"},\"logo\":{\"@id\":\"https:\\\/\\\/www.kritische-masse.de\\\/logbuch\\\/wp-content\\\/uploads\\\/2024\\\/01\\\/cropped-kritischmasse_man_512.jpg\"},\"description\":\"Betreiber der Kritischen Masse seit 1995. Seit 2023 Wiederaufnahme. Promotion mit einer Arbeit \u00fcber Adornos kompositorische und theoretische Auseinandersetzung mit der Zw\u00f6lftontechnik. Arbeit f\u00fcr den Bayerischen und den Mitteldeutschen Rundfunk als freier Autor und Regisseur \u2013 zumindest bis Ende 2015. Online-Redaktion f\u00fcr neue musikzeitung, Jazzzeitung und Oper &amp; Tanz. Ungl\u00fccklich, aber fast taub.\",\"sameAs\":[\"https:\\\/\\\/www.kritische-masse.de\\\/logbuch\\\/\",\"https:\\\/\\\/www.facebook.com\\\/hufner\"],\"url\":\"https:\\\/\\\/www.kritische-masse.de\\\/logbuch\\\/author\\\/martin_d1juqiu5\\\/\"}]}<\/script>\n<!-- \/ Yoast SEO plugin. -->","yoast_head_json":{"title":"Berliner AfD-Populitiker hat neue Oper von Richard Wagner entdeckt - Kritische Masse","robots":{"index":"index","follow":"follow","max-snippet":"max-snippet:-1","max-image-preview":"max-image-preview:large","max-video-preview":"max-video-preview:-1"},"canonical":"https:\/\/www.kritische-masse.de\/logbuch\/2017\/09\/berliner-afd-populitiker-hat-neue-oper-von-richard-wagner-entdeckt\/","og_locale":"de_DE","og_type":"article","og_title":"Berliner AfD-Populitiker hat neue Oper von Richard Wagner entdeckt - Kritische Masse","og_description":"Pannenhilfe f\u00fcr das deutsche kulturelle Erbe kommt aus der musikwissenschaftlichen Fraktion der sich so nennenden AfD \u2013 einer Partei, die in Deutschland relativ hilflos agiert, wie man so h\u00f6rt. &#8220;Viel Zustimmung erhielt auch Thorsten Wei\u00df, der f\u00fcr die AfD im Berliner Abgeordnetenhaus sitzt. Auch er warnte vor einer Zuwanderung mehrheitlich ungebildeter Menschen aus arabischen und [&hellip;]","og_url":"https:\/\/www.kritische-masse.de\/logbuch\/2017\/09\/berliner-afd-populitiker-hat-neue-oper-von-richard-wagner-entdeckt\/","og_site_name":"Kritische Masse","article_publisher":"https:\/\/www.facebook.com\/hufner","article_author":"https:\/\/www.facebook.com\/hufner","article_published_time":"2017-09-11T09:25:31+00:00","author":"der huflaikhan","twitter_misc":{"Verfasst von":"der huflaikhan","Gesch\u00e4tzte Lesezeit":"2\u00a0Minuten"},"schema":{"@context":"https:\/\/schema.org","@graph":[{"@type":"Article","@id":"https:\/\/www.kritische-masse.de\/logbuch\/2017\/09\/berliner-afd-populitiker-hat-neue-oper-von-richard-wagner-entdeckt\/#article","isPartOf":{"@id":"https:\/\/www.kritische-masse.de\/logbuch\/2017\/09\/berliner-afd-populitiker-hat-neue-oper-von-richard-wagner-entdeckt\/"},"author":{"name":"der huflaikhan","@id":"https:\/\/www.kritische-masse.de\/logbuch\/#\/schema\/person\/14c491f46504e7f6b79db161f76def1c"},"headline":"Berliner AfD-Populitiker hat neue Oper von Richard Wagner entdeckt","datePublished":"2017-09-11T09:25:31+00:00","mainEntityOfPage":{"@id":"https:\/\/www.kritische-masse.de\/logbuch\/2017\/09\/berliner-afd-populitiker-hat-neue-oper-von-richard-wagner-entdeckt\/"},"wordCount":339,"commentCount":2,"publisher":{"@id":"https:\/\/www.kritische-masse.de\/logbuch\/#\/schema\/person\/14c491f46504e7f6b79db161f76def1c"},"image":{"@id":"https:\/\/www.kritische-masse.de\/logbuch\/2017\/09\/berliner-afd-populitiker-hat-neue-oper-von-richard-wagner-entdeckt\/#primaryimage"},"thumbnailUrl":"","keywords":["AfD","Kulturpolitik","Richard Wagner"],"articleSection":["die Politik","die Kultur","die Musik"],"inLanguage":"de","potentialAction":[{"@type":"CommentAction","name":"Comment","target":["https:\/\/www.kritische-masse.de\/logbuch\/2017\/09\/berliner-afd-populitiker-hat-neue-oper-von-richard-wagner-entdeckt\/#respond"]}]},{"@type":"WebPage","@id":"https:\/\/www.kritische-masse.de\/logbuch\/2017\/09\/berliner-afd-populitiker-hat-neue-oper-von-richard-wagner-entdeckt\/","url":"https:\/\/www.kritische-masse.de\/logbuch\/2017\/09\/berliner-afd-populitiker-hat-neue-oper-von-richard-wagner-entdeckt\/","name":"Berliner AfD-Populitiker hat neue Oper von Richard Wagner entdeckt - Kritische Masse","isPartOf":{"@id":"https:\/\/www.kritische-masse.de\/logbuch\/#website"},"primaryImageOfPage":{"@id":"https:\/\/www.kritische-masse.de\/logbuch\/2017\/09\/berliner-afd-populitiker-hat-neue-oper-von-richard-wagner-entdeckt\/#primaryimage"},"image":{"@id":"https:\/\/www.kritische-masse.de\/logbuch\/2017\/09\/berliner-afd-populitiker-hat-neue-oper-von-richard-wagner-entdeckt\/#primaryimage"},"thumbnailUrl":"","datePublished":"2017-09-11T09:25:31+00:00","breadcrumb":{"@id":"https:\/\/www.kritische-masse.de\/logbuch\/2017\/09\/berliner-afd-populitiker-hat-neue-oper-von-richard-wagner-entdeckt\/#breadcrumb"},"inLanguage":"de","potentialAction":[{"@type":"ReadAction","target":["https:\/\/www.kritische-masse.de\/logbuch\/2017\/09\/berliner-afd-populitiker-hat-neue-oper-von-richard-wagner-entdeckt\/"]}]},{"@type":"ImageObject","inLanguage":"de","@id":"https:\/\/www.kritische-masse.de\/logbuch\/2017\/09\/berliner-afd-populitiker-hat-neue-oper-von-richard-wagner-entdeckt\/#primaryimage","url":"","contentUrl":""},{"@type":"BreadcrumbList","@id":"https:\/\/www.kritische-masse.de\/logbuch\/2017\/09\/berliner-afd-populitiker-hat-neue-oper-von-richard-wagner-entdeckt\/#breadcrumb","itemListElement":[{"@type":"ListItem","position":1,"name":"Startseite","item":"https:\/\/www.kritische-masse.de\/logbuch\/"},{"@type":"ListItem","position":2,"name":"Berliner AfD-Populitiker hat neue Oper von Richard Wagner entdeckt"}]},{"@type":"WebSite","@id":"https:\/\/www.kritische-masse.de\/logbuch\/#website","url":"https:\/\/www.kritische-masse.de\/logbuch\/","name":"kritische masse","description":"amt f\u00fcr vermassungsschutz","publisher":{"@id":"https:\/\/www.kritische-masse.de\/logbuch\/#\/schema\/person\/14c491f46504e7f6b79db161f76def1c"},"alternateName":"das logbuch der kritischen masse","potentialAction":[{"@type":"SearchAction","target":{"@type":"EntryPoint","urlTemplate":"https:\/\/www.kritische-masse.de\/logbuch\/?s={search_term_string}"},"query-input":{"@type":"PropertyValueSpecification","valueRequired":true,"valueName":"search_term_string"}}],"inLanguage":"de"},{"@type":["Person","Organization"],"@id":"https:\/\/www.kritische-masse.de\/logbuch\/#\/schema\/person\/14c491f46504e7f6b79db161f76def1c","name":"der huflaikhan","image":{"@type":"ImageObject","inLanguage":"de","@id":"https:\/\/www.kritische-masse.de\/logbuch\/wp-content\/uploads\/2024\/01\/cropped-kritischmasse_man_512.jpg","url":"https:\/\/www.kritische-masse.de\/logbuch\/wp-content\/uploads\/2024\/01\/cropped-kritischmasse_man_512.jpg","contentUrl":"https:\/\/www.kritische-masse.de\/logbuch\/wp-content\/uploads\/2024\/01\/cropped-kritischmasse_man_512.jpg","width":512,"height":512,"caption":"der huflaikhan"},"logo":{"@id":"https:\/\/www.kritische-masse.de\/logbuch\/wp-content\/uploads\/2024\/01\/cropped-kritischmasse_man_512.jpg"},"description":"Betreiber der Kritischen Masse seit 1995. Seit 2023 Wiederaufnahme. Promotion mit einer Arbeit \u00fcber Adornos kompositorische und theoretische Auseinandersetzung mit der Zw\u00f6lftontechnik. Arbeit f\u00fcr den Bayerischen und den Mitteldeutschen Rundfunk als freier Autor und Regisseur \u2013 zumindest bis Ende 2015. Online-Redaktion f\u00fcr neue musikzeitung, Jazzzeitung und Oper &amp; Tanz. Ungl\u00fccklich, aber fast taub.","sameAs":["https:\/\/www.kritische-masse.de\/logbuch\/","https:\/\/www.facebook.com\/hufner"],"url":"https:\/\/www.kritische-masse.de\/logbuch\/author\/martin_d1juqiu5\/"}]}},"jetpack_publicize_connections":[],"jetpack_featured_media_url":"","categories_names":["die Politik","die Kultur","die Musik"],"post_class":[["post-8728","post","type-post","status-publish","format-standard","has-post-thumbnail","hentry","category-die-politik","category-die-kultur","category-diemusik","tag-afd","tag-kulturpolitik","tag-richard-wagner","entry","has-media"]],"author_avatar":["<img alt='' src='https:\/\/secure.gravatar.com\/avatar\/c23aee426d58e69f14ef471114d4cac215eec702ee1bc331e2a62ea77e96ed60?s=96&#038;d=blank&#038;r=g' srcset='https:\/\/secure.gravatar.com\/avatar\/c23aee426d58e69f14ef471114d4cac215eec702ee1bc331e2a62ea77e96ed60?s=192&#038;d=blank&#038;r=g 2x' class='avatar avatar-96 photo' height='96' width='96' loading='lazy' decoding='async'\/>"],"featured_video":null,"jetpack-related-posts":[{"id":8244,"url":"https:\/\/www.kritische-masse.de\/logbuch\/2004\/05\/richard-wagner-sie-sind-nur-ableiter-2\/","url_meta":{"origin":8728,"position":0},"title":"Richard Wagner: \u201c\u2026 sie sind nur Ableiter.\u201d","author":"der huflaikhan","date":"30. Mai 2004","format":false,"excerpt":"Richard Wagner ist ein umstrittener K\u00fcnstler, nicht nur heute sondern auch zu seiner Zeit. In seiner revolution\u00e4ren Phase als Autor (so um 1850) hatte er einer unentschiedenen Art des Kommunismus sich zugewandt. In jener Zeit enstanden dicht hintereinander zuweilen dicke Abhandlungen wie \u201eDas Kunstwerk der Zukunft\u201d (1849), \u201cDie Kunst und\u2026","rel":"","context":"In &quot;das Urheberrecht&quot;","block_context":{"text":"das Urheberrecht","link":"https:\/\/www.kritische-masse.de\/logbuch\/category\/angriffauf\/das-urheberrecht\/"},"img":{"alt_text":"In der Berlinschen Galerie. Foto: Hufner","src":"https:\/\/i0.wp.com\/www.kritische-masse.de\/logbuch\/wp-content\/uploads\/2018\/05\/berlinische_galerie_wagner_c_hufner-1024x696.jpg?resize=350%2C200&ssl=1","width":350,"height":200,"srcset":"https:\/\/i0.wp.com\/www.kritische-masse.de\/logbuch\/wp-content\/uploads\/2018\/05\/berlinische_galerie_wagner_c_hufner-1024x696.jpg?resize=350%2C200&ssl=1 1x, https:\/\/i0.wp.com\/www.kritische-masse.de\/logbuch\/wp-content\/uploads\/2018\/05\/berlinische_galerie_wagner_c_hufner-1024x696.jpg?resize=525%2C300&ssl=1 1.5x, https:\/\/i0.wp.com\/www.kritische-masse.de\/logbuch\/wp-content\/uploads\/2018\/05\/berlinische_galerie_wagner_c_hufner-1024x696.jpg?resize=700%2C400&ssl=1 2x"},"classes":[]},{"id":460,"url":"https:\/\/www.kritische-masse.de\/logbuch\/2004\/05\/richard-wagner-sie-sind-nur-ableiter\/","url_meta":{"origin":8728,"position":1},"title":"Richard Wagner: \u201c\u2026 sie sind nur Ableiter.\u201d","author":"huflaikhan","date":"30. Mai 2004","format":false,"excerpt":"Richard Wagner ist ein umstrittener K\u00fcnstler, nicht nur heute sondern auch zu seiner Zeit. In seiner revolution\u00e4ren Phase als Autor (so um 1850) hatte er einer unentschiedenen Art des Kommunismus sich zugewandt. In jener Zeit enstanden dicht hintereinander zuweilen dicke Abhandlungen wie \u201eDas Kunstwerk der Zukunft\u201d (1849), \u201cDie Kunst und\u2026","rel":"","context":"In \"Kulturentwicklung\"","block_context":{"text":"Kulturentwicklung","link":"https:\/\/www.kritische-masse.de\/logbuch\/tag\/kulturentwicklung\/"},"img":{"alt_text":"","src":"","width":0,"height":0},"classes":[]},{"id":59,"url":"https:\/\/www.kritische-masse.de\/logbuch\/2004\/09\/dr-hufner-analysiert-richard-wagner-vorspiel-zu-die-meistersinger-von-nuernberg\/","url_meta":{"origin":8728,"position":2},"title":"Dr. Hufner analysiert: Richard Wagner, Vorspiel zu \u0084Die Meistersinger von N\u00fcrnberg\u0093","author":"huflaikhan","date":"19. September 2004","format":false,"excerpt":"Vorauszuschicken ist: Mit Wagner verbindet mich nicht viel. Vorauszuschicken ist: Mit Wagner verbindet mich nicht viel. Als Student musste (durfte \u2014 wie auch immer) ich in Philosophie referieren \u00fcber Wagner Schriften \u201eDas Kunsterwerk der Zukunft\u201c und \u201eOper und Drama\u201c \u2014 zwei fette B\u00fccher (eines auch noch in Frakturausgabe \u2014 gut\u2026","rel":"","context":"In &quot;Programmhefte&quot;","block_context":{"text":"Programmhefte","link":"https:\/\/www.kritische-masse.de\/logbuch\/category\/texte\/programmhefte\/"},"img":{"alt_text":"Russische Briefmarke mit Wagner vornedrauf von 1963","src":"https:\/\/i0.wp.com\/www.kritische-masse.de\/logbuch\/wp-content\/uploads\/2004\/09\/20040919-wagner.jpg?resize=350%2C200&ssl=1","width":350,"height":200},"classes":[]},{"id":8226,"url":"https:\/\/www.kritische-masse.de\/logbuch\/2003\/08\/anbetung-fussball-wagner-schlechter-geschmack-2\/","url_meta":{"origin":8728,"position":3},"title":"Anbetung: Fussball \u2013 Wagner; schlechter Geschmack?","author":"der huflaikhan","date":"11. August 2003","format":false,"excerpt":"Musik: Football\u2018s coming home \u2013 Baddiel, Skinner & Lightning Seeds - three lions '98 (football's coming home) Sprecher: F\u00fcr Fussball ist es jetzt viel zu hei\u00df. Da zieht es einen lieber in abgedunkelte klimatisierte Opernh\u00e4user. Der unumstrittene Herr der Ringe ist dabei ein gewisser Richard Wagner. Gro\u00dfe Theater-Gesten, dickfl\u00fcssige Musik,\u2026","rel":"","context":"In &quot;die Musik&quot;","block_context":{"text":"die Musik","link":"https:\/\/www.kritische-masse.de\/logbuch\/category\/angriffauf\/diemusik\/"},"img":{"alt_text":"","src":"","width":0,"height":0},"classes":[]},{"id":218,"url":"https:\/\/www.kritische-masse.de\/logbuch\/2003\/08\/anbetung-fussball-wagner-schlechter-geschmack\/","url_meta":{"origin":8728,"position":4},"title":"Anbetung: Fussball &#8211; Wagner;  schlechter Geschmack?","author":"huflaikhan","date":"12. August 2003","format":false,"excerpt":"Musik: Football\u2018s coming home Baddiel, Skinner & Lightning Seeds - three lions '98 (football's coming home) Sprecher: F\u00fcr Fussball ist es jetzt viel zu hei\u00df. Da zieht es einen lieber in abgedunkelte klimatisierte Opernh\u00e4user. Der unumstrittene Herr der Ringe ist dabei ein gewisser Richard Wagner. Gro\u00dfe Theater-Gesten, dickfl\u00fcssige Musik, die\u2026","rel":"","context":"Mit 1 Kommentar","block_context":{"text":"Mit 1 Kommentar","link":"https:\/\/www.kritische-masse.de\/logbuch\/2003\/08\/anbetung-fussball-wagner-schlechter-geschmack\/#comments"},"img":{"alt_text":"Wagner","src":"https:\/\/i0.wp.com\/www.nmz.de\/taktlos\/grafik\/ra.gif?resize=350%2C200","width":350,"height":200},"classes":[]},{"id":8454,"url":"https:\/\/www.kritische-masse.de\/logbuch\/2014\/07\/breireuth-fracktale-probleme-mit-tannhaeuser\/","url_meta":{"origin":8728,"position":5},"title":"Breireuth \u2013 Fracktale Probleme mit Tannh\u00e4user","author":"der huflaikhan","date":"26. Juli 2014","format":false,"excerpt":"Gestern war der Start der Festspiele in Bayreuth mit dem Tannh\u00e4user. Live zu h\u00f6ren auf BR-Klassik. Und ein bisserl hat auch der moderne Zuh\u00f6rer seinen Platz gefunden. Es wird gewittert, was das Smartphone hergibt. Zum Beispiel Castorf, der sich \u00fcber das Stadttheater beklagende Regisseur und Intendant der Volksb\u00fchne am Rosa-Luxemburgplatz\u2026","rel":"","context":"In &quot;die Kultur&quot;","block_context":{"text":"die Kultur","link":"https:\/\/www.kritische-masse.de\/logbuch\/category\/angriffauf\/die-kultur\/"},"img":{"alt_text":"","src":"https:\/\/i0.wp.com\/img.youtube.com\/vi\/KClnUaYlGns\/0.jpg?resize=350%2C200","width":350,"height":200},"classes":[]}],"jetpack_sharing_enabled":true,"_links":{"self":[{"href":"https:\/\/www.kritische-masse.de\/logbuch\/wp-json\/wp\/v2\/posts\/8728","targetHints":{"allow":["GET"]}}],"collection":[{"href":"https:\/\/www.kritische-masse.de\/logbuch\/wp-json\/wp\/v2\/posts"}],"about":[{"href":"https:\/\/www.kritische-masse.de\/logbuch\/wp-json\/wp\/v2\/types\/post"}],"author":[{"embeddable":true,"href":"https:\/\/www.kritische-masse.de\/logbuch\/wp-json\/wp\/v2\/users\/1"}],"replies":[{"embeddable":true,"href":"https:\/\/www.kritische-masse.de\/logbuch\/wp-json\/wp\/v2\/comments?post=8728"}],"version-history":[{"count":0,"href":"https:\/\/www.kritische-masse.de\/logbuch\/wp-json\/wp\/v2\/posts\/8728\/revisions"}],"wp:featuredmedia":[{"embeddable":true,"href":"https:\/\/www.kritische-masse.de\/logbuch\/wp-json\/wp\/v2\/posts\/680"}],"wp:attachment":[{"href":"https:\/\/www.kritische-masse.de\/logbuch\/wp-json\/wp\/v2\/media?parent=8728"}],"wp:term":[{"taxonomy":"category","embeddable":true,"href":"https:\/\/www.kritische-masse.de\/logbuch\/wp-json\/wp\/v2\/categories?post=8728"},{"taxonomy":"post_tag","embeddable":true,"href":"https:\/\/www.kritische-masse.de\/logbuch\/wp-json\/wp\/v2\/tags?post=8728"}],"curies":[{"name":"wp","href":"https:\/\/api.w.org\/{rel}","templated":true}]}}