{"id":8730,"date":"2017-09-15T11:42:10","date_gmt":"2017-09-15T09:42:10","guid":{"rendered":"https:\/\/musikunrat.de\/?p=693"},"modified":"2017-09-15T11:42:10","modified_gmt":"2017-09-15T09:42:10","slug":"die-deutsche-firlefanzologie-fdp","status":"publish","type":"post","link":"https:\/\/www.kritische-masse.de\/logbuch\/2017\/09\/die-deutsche-firlefanzologie-fdp\/","title":{"rendered":"Die deutsche  Firlefanzologie [FDP]"},"content":{"rendered":"<div class=\"shariff shariff-align-left shariff-widget-align-left\"><ul class=\"shariff-buttons theme-white orientation-horizontal buttonsize-small\"><li class=\"shariff-button mastodon shariff-nocustomcolor\" style=\"background-color:#563ACC\"><a href=\"https:\/\/s2f.kytta.dev\/?text=Die%20deutsche%20%20Firlefanzologie%20%5BFDP%5D https%3A%2F%2Fwww.kritische-masse.de%2Flogbuch%2F2017%2F09%2Fdie-deutsche-firlefanzologie-fdp%2F\" title=\"Bei Mastodon teilen\" aria-label=\"Bei Mastodon teilen\" role=\"button\" rel=\"noopener nofollow\" class=\"shariff-link\" style=\"; background-color:#6364FF; color:#6364FF\" target=\"_blank\"><span class=\"shariff-icon\" style=\"fill:#6364FF\"><svg width=\"75\" height=\"79\" viewBox=\"0 0 75 79\" fill=\"none\" xmlns=\"http:\/\/www.w3.org\/2000\/svg\"><path d=\"M37.813-.025C32.462-.058 27.114.13 21.79.598c-8.544.621-17.214 5.58-20.203 13.931C-1.12 23.318.408 32.622.465 41.65c.375 7.316.943 14.78 3.392 21.73 4.365 9.465 14.781 14.537 24.782 15.385 7.64.698 15.761-.213 22.517-4.026a54.1 54.1 0 0 0 .01-6.232c-6.855 1.316-14.101 2.609-21.049 1.074-3.883-.88-6.876-4.237-7.25-8.215-1.53-3.988 3.78-.43 5.584-.883 9.048 1.224 18.282.776 27.303-.462 7.044-.837 14.26-4.788 16.65-11.833 2.263-6.135 1.215-12.79 1.698-19.177.06-3.84.09-7.692-.262-11.52C72.596 7.844 63.223.981 53.834.684a219.453 219.453 0 0 0-16.022-.71zm11.294 12.882c5.5-.067 10.801 4.143 11.67 9.653.338 1.48.471 3 .471 4.515v21.088h-8.357c-.07-7.588.153-15.182-.131-22.765-.587-4.368-7.04-5.747-9.672-2.397-2.422 3.04-1.47 7.155-1.67 10.735v6.392h-8.307c-.146-4.996.359-10.045-.404-15.002-1.108-4.218-7.809-5.565-10.094-1.666-1.685 3.046-.712 6.634-.976 9.936v14.767h-8.354c.109-8.165-.238-16.344.215-24.5.674-5.346 5.095-10.389 10.676-10.627 4.902-.739 10.103 2.038 12.053 6.631.375 1.435 1.76 1.932 1.994.084 1.844-3.704 5.501-6.739 9.785-6.771.367-.044.735-.068 1.101-.073z\"\/><defs><linearGradient id=\"paint0_linear_549_34\" x1=\"37.0692\" y1=\"0\" x2=\"37.0692\" y2=\"79\" gradientUnits=\"userSpaceOnUse\"><stop stop-color=\"#6364FF\"\/><stop offset=\"1\" stop-color=\"#563ACC\"\/><\/linearGradient><\/defs><\/svg><\/span><span class=\"shariff-text\" style=\"color:#6364FF\">teilen<\/span>&nbsp;<\/a><\/li><li class=\"shariff-button bluesky shariff-nocustomcolor\" style=\"background-color:#84c4ff\"><a href=\"https:\/\/bsky.app\/intent\/compose?text=Die%20deutsche%20%20Firlefanzologie%20%5BFDP%5D https%3A%2F%2Fwww.kritische-masse.de%2Flogbuch%2F2017%2F09%2Fdie-deutsche-firlefanzologie-fdp%2F \" title=\"Bei Bluesky teilen\" aria-label=\"Bei Bluesky teilen\" role=\"button\" rel=\"noopener nofollow\" class=\"shariff-link\" style=\"; background-color:#0085ff; color:#0085ff\" target=\"_blank\"><span class=\"shariff-icon\" style=\"fill:#0085ff\"><svg width=\"20\" height=\"20\" version=\"1.1\" xmlns=\"http:\/\/www.w3.org\/2000\/svg\" viewBox=\"0 0 20 20\"><path class=\"st0\" d=\"M4.89,3.12c2.07,1.55,4.3,4.71,5.11,6.4.82-1.69,3.04-4.84,5.11-6.4,1.49-1.12,3.91-1.99,3.91.77,0,.55-.32,4.63-.5,5.3-.64,2.3-2.99,2.89-5.08,2.54,3.65.62,4.58,2.68,2.57,4.74-3.81,3.91-5.48-.98-5.9-2.23-.08-.23-.11-.34-.12-.25,0-.09-.04.02-.12.25-.43,1.25-2.09,6.14-5.9,2.23-2.01-2.06-1.08-4.12,2.57-4.74-2.09.36-4.44-.23-5.08-2.54-.19-.66-.5-4.74-.5-5.3,0-2.76,2.42-1.89,3.91-.77h0Z\"\/><\/svg><\/span><span class=\"shariff-text\" style=\"color:#0085ff\">teilen<\/span>&nbsp;<\/a><\/li><li class=\"shariff-button threema shariff-nocustomcolor shariff-mobile\" style=\"background-color:#4fbc24\"><a href=\"threema:\/\/compose?text=Die%20deutsche%20%20Firlefanzologie%20%5BFDP%5D%20https%3A%2F%2Fwww.kritische-masse.de%2Flogbuch%2F2017%2F09%2Fdie-deutsche-firlefanzologie-fdp%2F\" title=\"Bei Threema teilen\" aria-label=\"Bei Threema teilen\" role=\"button\" rel=\"noopener nofollow\" class=\"shariff-link\" style=\"; background-color:#1f1f1f; color:#1f1f1f\" target=\"_blank\"><span class=\"shariff-icon\" style=\"fill:#1f1f1f\"><svg width=\"32px\" height=\"20px\" xmlns=\"http:\/\/www.w3.org\/2000\/svg\" viewBox=\"0 0 32 32\"><path fill=\"#1f1f1f\" d=\"M30.8 10.9c-0.3-1.4-0.9-2.6-1.8-3.8-2-2.6-5.5-4.5-9.4-5.2-1.3-0.2-1.9-0.3-3.5-0.3s-2.2 0-3.5 0.3c-4 0.7-7.4 2.6-9.4 5.2-0.9 1.2-1.5 2.4-1.8 3.8-0.1 0.5-0.2 1.2-0.2 1.6 0 0.4 0.1 1.1 0.2 1.6 0.4 1.9 1.3 3.4 2.9 5 0.8 0.8 0.8 0.8 0.7 1.3 0 0.6-0.5 1.6-1.7 3.6-0.3 0.5-0.5 0.9-0.5 0.9 0 0.1 0.1 0.1 0.5 0 0.8-0.2 2.3-0.6 5.6-1.6 1.1-0.3 1.3-0.4 2.3-0.4 0.8 0 1.1 0 2.3 0.2 1.5 0.2 3.5 0.2 4.9 0 5.1-0.6 9.3-2.9 11.4-6.3 0.5-0.9 0.9-1.8 1.1-2.8 0.1-0.5 0.2-1.1 0.2-1.6 0-0.7-0.1-1.1-0.2-1.6-0.3-1.4 0.1 0.5 0 0zM20.6 17.3c0 0.4-0.4 0.8-0.8 0.8h-7.7c-0.4 0-0.8-0.4-0.8-0.8v-4.6c0-0.4 0.4-0.8 0.8-0.8h0.2l0-1.6c0-0.9 0-1.8 0.1-2 0.1-0.6 0.6-1.2 1.1-1.7s1.1-0.7 1.9-0.8c1.8-0.3 3.7 0.7 4.2 2.2 0.1 0.3 0.1 0.7 0.1 2.1v0 1.7h0.1c0.4 0 0.8 0.4 0.8 0.8v4.6zM15.6 7.3c-0.5 0.1-0.8 0.3-1.2 0.6s-0.6 0.8-0.7 1.3c0 0.2 0 0.8 0 1.5l0 1.2h4.6v-1.3c0-1 0-1.4-0.1-1.6-0.3-1.1-1.5-1.9-2.6-1.7zM25.8 28.2c0 1.2-1 2.2-2.1 2.2s-2.1-1-2.1-2.1c0-1.2 1-2.1 2.2-2.1s2.2 1 2.2 2.2zM18.1 28.2c0 1.2-1 2.2-2.1 2.2s-2.1-1-2.1-2.1c0-1.2 1-2.1 2.2-2.1s2.2 1 2.2 2.2zM10.4 28.2c0 1.2-1 2.2-2.1 2.2s-2.1-1-2.1-2.1c0-1.2 1-2.1 2.2-2.1s2.2 1 2.2 2.2z\"\/><\/svg><\/span><span class=\"shariff-text\" style=\"color:#1f1f1f\">teilen<\/span>&nbsp;<\/a><\/li><li class=\"shariff-button facebook shariff-nocustomcolor\" style=\"background-color:#4273c8\"><a href=\"https:\/\/www.facebook.com\/sharer\/sharer.php?u=https%3A%2F%2Fwww.kritische-masse.de%2Flogbuch%2F2017%2F09%2Fdie-deutsche-firlefanzologie-fdp%2F\" title=\"Bei Facebook teilen\" aria-label=\"Bei Facebook teilen\" role=\"button\" rel=\"nofollow\" class=\"shariff-link\" style=\"; background-color:#3b5998; color:#3b5998\" target=\"_blank\"><span class=\"shariff-icon\" style=\"fill:#3b5998\"><svg width=\"32px\" height=\"20px\" xmlns=\"http:\/\/www.w3.org\/2000\/svg\" viewBox=\"0 0 18 32\"><path fill=\"#3b5998\" d=\"M17.1 0.2v4.7h-2.8q-1.5 0-2.1 0.6t-0.5 1.9v3.4h5.2l-0.7 5.3h-4.5v13.6h-5.5v-13.6h-4.5v-5.3h4.5v-3.9q0-3.3 1.9-5.2t5-1.8q2.6 0 4.1 0.2z\"\/><\/svg><\/span><span class=\"shariff-text\" style=\"color:#3b5998\">teilen<\/span>&nbsp;<\/a><\/li><li class=\"shariff-button info shariff-nocustomcolor\" style=\"background-color:#a8a8a8\"><a href=\"http:\/\/ct.de\/-2467514\" title=\"Weitere Informationen\" aria-label=\"Weitere Informationen\" role=\"button\" rel=\"noopener \" class=\"shariff-link\" style=\"; background-color:#999; color:#999\" target=\"_blank\"><span class=\"shariff-icon\" style=\"fill:#999\"><svg width=\"32px\" height=\"20px\" xmlns=\"http:\/\/www.w3.org\/2000\/svg\" viewBox=\"0 0 11 32\"><path fill=\"#999\" d=\"M11.4 24v2.3q0 0.5-0.3 0.8t-0.8 0.4h-9.1q-0.5 0-0.8-0.4t-0.4-0.8v-2.3q0-0.5 0.4-0.8t0.8-0.4h1.1v-6.8h-1.1q-0.5 0-0.8-0.4t-0.4-0.8v-2.3q0-0.5 0.4-0.8t0.8-0.4h6.8q0.5 0 0.8 0.4t0.4 0.8v10.3h1.1q0.5 0 0.8 0.4t0.3 0.8zM9.2 3.4v3.4q0 0.5-0.4 0.8t-0.8 0.4h-4.6q-0.4 0-0.8-0.4t-0.4-0.8v-3.4q0-0.4 0.4-0.8t0.8-0.4h4.6q0.5 0 0.8 0.4t0.4 0.8z\"\/><\/svg><\/span><\/a><\/li><\/ul><\/div><p>Ein Wahlplakat. Ein Wahlplakat hat selten die Aufgabe, Informationen korrekt zu transportieren. Ein Wahlplakat geh\u00f6rt in die Kategorie Werbung. Und wie Satire darf Werbung alles \u2013 au\u00dfer Langweilen. Deshalb geht es um Slogans, die gleich den einen oder die andere treffen. Mauricio Kagel hat das einmal in einem H\u00f6rspiel (&#8220;Guten Morgen!&#8221;) verbraten und die Lautst\u00e4rke entsprechend korrigiert. Wer schreit, hat Recht.<\/p>\n<p>Auch wenn heute fast die ganzen Werbefilmchen auf YouTube mit musikalischen Ges\u00e4usel und akustischem Gekr\u00e4usel unterlegt sind, \u00fcberdeckt es die Absicht. Musikalische Blindschleichen sind Dauerzustand.<\/p>\n<p>Man kann etwas aber auch so falsch ausdr\u00fccken, dass alle meinen, er w\u00e4re richtig. So gesehen erst j\u00fcngst bei der FDP.<\/p>\n<figure id=\"attachment_694\" aria-describedby=\"caption-attachment-694\" style=\"width: 768px\" class=\"wp-caption aligncenter\"><a href=\"https:\/\/i0.wp.com\/www.kritische-masse.de\/logbuch\/wp-content\/uploads\/2017\/09\/fdp_schulranzen.jpg?ssl=1\"><img data-recalc-dims=\"1\" loading=\"lazy\" decoding=\"async\" class=\"size-large wp-image-694\" src=\"https:\/\/i0.wp.com\/www.kritische-masse.de\/logbuch\/wp-content\/uploads\/2017\/09\/fdp_schulranzen.jpg?resize=768%2C1024&#038;ssl=1\" alt=\"Wahlwerbung der FDP. Foto: Hufner\" width=\"768\" height=\"1024\" \/><\/a><figcaption id=\"caption-attachment-694\" class=\"wp-caption-text\">Wahlwerbung der FDP. Foto: Hufner<\/figcaption><\/figure>\n<p>Was gemeint ist: Eine Investition in die schulische Bildung wird die Welt ver\u00e4ndern. Aktenkoffertr\u00e4ger jedoch nicht. Zweierlei: Erstens sagt die FDP damit nicht mal gar nichts aus. Wenn Schulranzen die Welt ver\u00e4ndern k\u00f6nnten, w\u00e4re das dann gut oder eher schlecht. Aber haben Schulranzen jemals die Welt \u00fcberhaupt ver\u00e4ndert. Ist es nicht eher immer schon die Schulranzenindustrie gewesen? Und war es nicht lange Zeit auch so, dass vielerlei Sch\u00fclerinnen im Laufe ihres Bildungswegs gerade vom Ranzen zum Koffer gewechselt sind.<\/p>\n<p>Tatsache ist leider doch, dass es die Aktenkoffertr\u00e4ger sind, die Politik machen und die damit die Welt ver\u00e4ndern. Im Bundestag muss man schon lange suchen, um einen Schulranzentr\u00e4ger zu finden. Sagen wir mal pr\u00e4zise: Ich habe noch nie einen gesehen. Lindner selbst ist den Aktenkoffern gegen\u00fcber nicht abgeneigt.<\/p>\n<p>Doch zur\u00fcck: Kann schulische Bildung die Welt ver\u00e4ndern? Ja, das kann sie, das macht sie \u2013 in welche Richtung auch immer. Kann Politik die Welt ver\u00e4ndern? Ja, das kann sie und das macht sie \u2013 in welche Richtung auch immer. Sie entscheidet zum Beispiel, wie schulische Bildung aussehen soll. Man m\u00fcsste in dem Zusammenhang jetzt so einiges ausf\u00fchren, wozu hier leider Zeit und Mu\u00dfe fehlen.<\/p>\n<p>Es kommt immer drauf an, was im Ranzen und was im Aktenkoffer ist. Im schlimmsten Fall resultiert daraus eine \u00fcberhitzte ranzige Ideologie, deren Durchsetzung fatal ist. In Hitlers Reichenberger Rede von 1938 zeigte er auf, wie Weltver\u00e4nderung in seiner \u00fcbelsten Form geht.<\/p>\n<blockquote><p>&#8220;Diese Jugend, die lernt ja nichts anderes als deutsch denken, deutsch handeln, und wenn diese Knaben mit zehn Jahren in unsere Organisation hineinkommen und dort oft zum erstenmal \u00fcberhaupt eine frische Luft bekommen und f\u00fchlen, dann kommen sie vier Jahre sp\u00e4ter vom Jungvolk in die Hitlerjugend, und dort behalten wir Sie wieder vier Jahre. Und dann geben wir Sie erst recht nicht zur\u00fcck in die H\u00e4nde unsrer alten Klassen-und Standeserzeuger, sondern dann nehmen wir Sie sofort in die Partei, in die Arbeitsfront, in die SA oder in die SS, in das NSKK und so weiter. Und wenn sie dort zwei Jahre oder anderthalb Jahre sind und noch nicht ganze Nationalsozialisten geworden sein sollten, dann kommen sie in den Arbeitsdienst und werden dort wieder sechs und sieben Monate geschliffen, alles mit einem Symbol, dem deutschen Spaten. Und was dann nach sechs oder sieben Monaten noch an Klassen- und Standesd\u00fcnkel da oder da noch vorhanden sein sollte, das \u00fcbernimmt die Wehrmacht zur weiteren Behandlung auf zwei Jahre, und wenn sie nach zwei, drei oder vier Jahren zur\u00fcckkehren, dann nehmen wir sie, damit sie auf keinen Fall r\u00fcckf\u00e4llig werden, sofort wieder in die SA, SS und so weiter, und sie werden nicht mehr frei ihr ganzes Leben und sie sind gl\u00fccklich dabei.<\/p>\n<p>Und wenn mir einer sagt, ja, da werden aber immer noch welche \u00fcbrig bleiben: Der Nationalsozialismus steht nicht am Ende seiner Tage, sondern erst am Anfang!&#8221; <sup class=\"modern-footnotes-footnote \" data-mfn=\"1\" data-mfn-post-scope=\"0000000000003e210000000000000000_8730\"><a href=\"javascript:void(0)\"  role=\"button\" aria-pressed=\"false\" aria-describedby=\"mfn-content-0000000000003e210000000000000000_8730-1\">1<\/a><\/sup><span id=\"mfn-content-0000000000003e210000000000000000_8730-1\" role=\"tooltip\" class=\"modern-footnotes-footnote__note\" tabindex=\"0\" data-mfn=\"1\">Adolf Hitler, Auszug aus der Rede vor Kreisleitern in Reichenberg am 2.12.1938. Abgedruckt im \u201eV\u00f6lkischen Beobachter\u201c vom 4.12.1938.)<\/span><\/p><\/blockquote>\n<p>Solche Vorstellungen von Weltver\u00e4nderung durch die <a href=\"https:\/\/www.kritische-masse.de\/logbuch\/2017\/06\/13\/intelligenter-schulranzen-erfunden-jugend-forscht-2005\/\">Pr\u00e4paration von Schulranzen<\/a> sind nicht einzigartig. Die meisten, denen Bildung am Herzen liegt, geraten ins Schwimmen, wenn sie bestimmen m\u00fcssen, was man darunter zu verstehen hat. Pr\u00e4zise wei\u00df man das nur im ganz rechten Parteienspektrum. So als ob es m\u00f6glich w\u00e4re, Bildung per Infusion zu verabreichen. Den Zustand heute beschreibt eher Niklas Luhmann ganz gut:<\/p>\n<blockquote><p>&#8220;Um\u00a0 auf das ganze Erziehungssystem anwendbar zu sein, mu\u00dfte der Begriff der Bildung daher von allen Inhalten entleert werden. Er wird seitdem nur noch floskelhaft und vor allem politisch gebraucht.&#8221;<sup class=\"modern-footnotes-footnote \" data-mfn=\"2\" data-mfn-post-scope=\"0000000000003e210000000000000000_8730\"><a href=\"javascript:void(0)\"  role=\"button\" aria-pressed=\"false\" aria-describedby=\"mfn-content-0000000000003e210000000000000000_8730-2\">2<\/a><\/sup><span id=\"mfn-content-0000000000003e210000000000000000_8730-2\" role=\"tooltip\" class=\"modern-footnotes-footnote__note\" tabindex=\"0\" data-mfn=\"2\">Niklas Luhmann: Das Erziehungssystem der Gesellschaft, Frankfurt\/M. 2002, S. 191.<\/span><\/p><\/blockquote>\n<p>Das erkl\u00e4rt auch das tats\u00e4chliche Bildungsziel der FDP, wie man es auf deren Website nachlesen kann.<\/p>\n<blockquote><p>&#8220;Wir wollen, dass Deutschland bis 2030 wieder in allen Bildungsrankings zur Spitze geh\u00f6rt und Ma\u00dfst\u00e4be setzt.&#8221; <sup class=\"modern-footnotes-footnote \" data-mfn=\"3\" data-mfn-post-scope=\"0000000000003e210000000000000000_8730\"><a href=\"javascript:void(0)\"  role=\"button\" aria-pressed=\"false\" aria-describedby=\"mfn-content-0000000000003e210000000000000000_8730-3\">3<\/a><\/sup><span id=\"mfn-content-0000000000003e210000000000000000_8730-3\" role=\"tooltip\" class=\"modern-footnotes-footnote__note\" tabindex=\"0\" data-mfn=\"3\"><a href=\"https:\/\/www.fdp.de\/position\/bildung\">Stichwort Bildung<\/a>, Website der AfD.<\/span><\/p><\/blockquote>\n<p>Bildung ist nur ein Terminus des vergleichenden Wettbewerbs. Der Schulranzen soll den n\u00e4chsten Designaward bekommen. Das ist viel zu wenig.<\/p>\n<figure id=\"attachment_548\" aria-describedby=\"caption-attachment-548\" style=\"width: 500px\" class=\"wp-caption aligncenter\"><a href=\"https:\/\/i0.wp.com\/www.kritische-masse.de\/logbuch\/wp-content\/uploads\/2017\/06\/tasche.jpg?ssl=1\"><img data-recalc-dims=\"1\" loading=\"lazy\" decoding=\"async\" class=\"size-full wp-image-548\" src=\"https:\/\/i0.wp.com\/www.kritische-masse.de\/logbuch\/wp-content\/uploads\/2017\/06\/tasche.jpg?resize=500%2C395&#038;ssl=1\" alt=\"Die Tasche der Kritischen Masse. Foto: Hufner\" width=\"500\" height=\"395\" \/><\/a><figcaption id=\"caption-attachment-548\" class=\"wp-caption-text\">Die Tasche der Kritischen Masse. Foto: Hufner<\/figcaption><\/figure>\n<hr \/>\n<p>Unten auf dem Plakat der FDP kann man lesen: &#8220;Denken wir neu&#8221;. Dar\u00fcber habe ich nun wirklich selbst ein paar Stunden nachgedacht und komme doch zu keinem Ergebnis. Insgesamt einfach nur zu dem Ergebnis konnte ich mich durchringen, dass da die FDP mit einem H\u00f6chstma\u00df an Relativit\u00e4t arbeitet. Blo\u00df keine Inhalte transportieren, wenn man es genau liest, die aber so aussehen, als w\u00e4ren es welche. Firlefanz.<\/p>\n<div class=\"shariff shariff-align-left shariff-widget-align-left\"><ul class=\"shariff-buttons theme-white orientation-horizontal buttonsize-small\"><li class=\"shariff-button mastodon shariff-nocustomcolor\" style=\"background-color:#563ACC\"><a href=\"https:\/\/s2f.kytta.dev\/?text=Die%20deutsche%20%20Firlefanzologie%20%5BFDP%5D https%3A%2F%2Fwww.kritische-masse.de%2Flogbuch%2F2017%2F09%2Fdie-deutsche-firlefanzologie-fdp%2F\" title=\"Bei Mastodon teilen\" aria-label=\"Bei Mastodon teilen\" role=\"button\" rel=\"noopener nofollow\" class=\"shariff-link\" style=\"; background-color:#6364FF; color:#6364FF\" target=\"_blank\"><span class=\"shariff-icon\" style=\"fill:#6364FF\"><svg width=\"75\" height=\"79\" viewBox=\"0 0 75 79\" fill=\"none\" xmlns=\"http:\/\/www.w3.org\/2000\/svg\"><path d=\"M37.813-.025C32.462-.058 27.114.13 21.79.598c-8.544.621-17.214 5.58-20.203 13.931C-1.12 23.318.408 32.622.465 41.65c.375 7.316.943 14.78 3.392 21.73 4.365 9.465 14.781 14.537 24.782 15.385 7.64.698 15.761-.213 22.517-4.026a54.1 54.1 0 0 0 .01-6.232c-6.855 1.316-14.101 2.609-21.049 1.074-3.883-.88-6.876-4.237-7.25-8.215-1.53-3.988 3.78-.43 5.584-.883 9.048 1.224 18.282.776 27.303-.462 7.044-.837 14.26-4.788 16.65-11.833 2.263-6.135 1.215-12.79 1.698-19.177.06-3.84.09-7.692-.262-11.52C72.596 7.844 63.223.981 53.834.684a219.453 219.453 0 0 0-16.022-.71zm11.294 12.882c5.5-.067 10.801 4.143 11.67 9.653.338 1.48.471 3 .471 4.515v21.088h-8.357c-.07-7.588.153-15.182-.131-22.765-.587-4.368-7.04-5.747-9.672-2.397-2.422 3.04-1.47 7.155-1.67 10.735v6.392h-8.307c-.146-4.996.359-10.045-.404-15.002-1.108-4.218-7.809-5.565-10.094-1.666-1.685 3.046-.712 6.634-.976 9.936v14.767h-8.354c.109-8.165-.238-16.344.215-24.5.674-5.346 5.095-10.389 10.676-10.627 4.902-.739 10.103 2.038 12.053 6.631.375 1.435 1.76 1.932 1.994.084 1.844-3.704 5.501-6.739 9.785-6.771.367-.044.735-.068 1.101-.073z\"\/><defs><linearGradient id=\"paint0_linear_549_34\" x1=\"37.0692\" y1=\"0\" x2=\"37.0692\" y2=\"79\" gradientUnits=\"userSpaceOnUse\"><stop stop-color=\"#6364FF\"\/><stop offset=\"1\" stop-color=\"#563ACC\"\/><\/linearGradient><\/defs><\/svg><\/span><span class=\"shariff-text\" style=\"color:#6364FF\">teilen<\/span>&nbsp;<\/a><\/li><li class=\"shariff-button bluesky shariff-nocustomcolor\" style=\"background-color:#84c4ff\"><a href=\"https:\/\/bsky.app\/intent\/compose?text=Die%20deutsche%20%20Firlefanzologie%20%5BFDP%5D https%3A%2F%2Fwww.kritische-masse.de%2Flogbuch%2F2017%2F09%2Fdie-deutsche-firlefanzologie-fdp%2F \" title=\"Bei Bluesky teilen\" aria-label=\"Bei Bluesky teilen\" role=\"button\" rel=\"noopener nofollow\" class=\"shariff-link\" style=\"; background-color:#0085ff; color:#0085ff\" target=\"_blank\"><span class=\"shariff-icon\" style=\"fill:#0085ff\"><svg width=\"20\" height=\"20\" version=\"1.1\" xmlns=\"http:\/\/www.w3.org\/2000\/svg\" viewBox=\"0 0 20 20\"><path class=\"st0\" d=\"M4.89,3.12c2.07,1.55,4.3,4.71,5.11,6.4.82-1.69,3.04-4.84,5.11-6.4,1.49-1.12,3.91-1.99,3.91.77,0,.55-.32,4.63-.5,5.3-.64,2.3-2.99,2.89-5.08,2.54,3.65.62,4.58,2.68,2.57,4.74-3.81,3.91-5.48-.98-5.9-2.23-.08-.23-.11-.34-.12-.25,0-.09-.04.02-.12.25-.43,1.25-2.09,6.14-5.9,2.23-2.01-2.06-1.08-4.12,2.57-4.74-2.09.36-4.44-.23-5.08-2.54-.19-.66-.5-4.74-.5-5.3,0-2.76,2.42-1.89,3.91-.77h0Z\"\/><\/svg><\/span><span class=\"shariff-text\" style=\"color:#0085ff\">teilen<\/span>&nbsp;<\/a><\/li><li class=\"shariff-button threema shariff-nocustomcolor shariff-mobile\" style=\"background-color:#4fbc24\"><a href=\"threema:\/\/compose?text=Die%20deutsche%20%20Firlefanzologie%20%5BFDP%5D%20https%3A%2F%2Fwww.kritische-masse.de%2Flogbuch%2F2017%2F09%2Fdie-deutsche-firlefanzologie-fdp%2F\" title=\"Bei Threema teilen\" aria-label=\"Bei Threema teilen\" role=\"button\" rel=\"noopener nofollow\" class=\"shariff-link\" style=\"; background-color:#1f1f1f; color:#1f1f1f\" target=\"_blank\"><span class=\"shariff-icon\" style=\"fill:#1f1f1f\"><svg width=\"32px\" height=\"20px\" xmlns=\"http:\/\/www.w3.org\/2000\/svg\" viewBox=\"0 0 32 32\"><path fill=\"#1f1f1f\" d=\"M30.8 10.9c-0.3-1.4-0.9-2.6-1.8-3.8-2-2.6-5.5-4.5-9.4-5.2-1.3-0.2-1.9-0.3-3.5-0.3s-2.2 0-3.5 0.3c-4 0.7-7.4 2.6-9.4 5.2-0.9 1.2-1.5 2.4-1.8 3.8-0.1 0.5-0.2 1.2-0.2 1.6 0 0.4 0.1 1.1 0.2 1.6 0.4 1.9 1.3 3.4 2.9 5 0.8 0.8 0.8 0.8 0.7 1.3 0 0.6-0.5 1.6-1.7 3.6-0.3 0.5-0.5 0.9-0.5 0.9 0 0.1 0.1 0.1 0.5 0 0.8-0.2 2.3-0.6 5.6-1.6 1.1-0.3 1.3-0.4 2.3-0.4 0.8 0 1.1 0 2.3 0.2 1.5 0.2 3.5 0.2 4.9 0 5.1-0.6 9.3-2.9 11.4-6.3 0.5-0.9 0.9-1.8 1.1-2.8 0.1-0.5 0.2-1.1 0.2-1.6 0-0.7-0.1-1.1-0.2-1.6-0.3-1.4 0.1 0.5 0 0zM20.6 17.3c0 0.4-0.4 0.8-0.8 0.8h-7.7c-0.4 0-0.8-0.4-0.8-0.8v-4.6c0-0.4 0.4-0.8 0.8-0.8h0.2l0-1.6c0-0.9 0-1.8 0.1-2 0.1-0.6 0.6-1.2 1.1-1.7s1.1-0.7 1.9-0.8c1.8-0.3 3.7 0.7 4.2 2.2 0.1 0.3 0.1 0.7 0.1 2.1v0 1.7h0.1c0.4 0 0.8 0.4 0.8 0.8v4.6zM15.6 7.3c-0.5 0.1-0.8 0.3-1.2 0.6s-0.6 0.8-0.7 1.3c0 0.2 0 0.8 0 1.5l0 1.2h4.6v-1.3c0-1 0-1.4-0.1-1.6-0.3-1.1-1.5-1.9-2.6-1.7zM25.8 28.2c0 1.2-1 2.2-2.1 2.2s-2.1-1-2.1-2.1c0-1.2 1-2.1 2.2-2.1s2.2 1 2.2 2.2zM18.1 28.2c0 1.2-1 2.2-2.1 2.2s-2.1-1-2.1-2.1c0-1.2 1-2.1 2.2-2.1s2.2 1 2.2 2.2zM10.4 28.2c0 1.2-1 2.2-2.1 2.2s-2.1-1-2.1-2.1c0-1.2 1-2.1 2.2-2.1s2.2 1 2.2 2.2z\"\/><\/svg><\/span><span class=\"shariff-text\" style=\"color:#1f1f1f\">teilen<\/span>&nbsp;<\/a><\/li><li class=\"shariff-button facebook shariff-nocustomcolor\" style=\"background-color:#4273c8\"><a href=\"https:\/\/www.facebook.com\/sharer\/sharer.php?u=https%3A%2F%2Fwww.kritische-masse.de%2Flogbuch%2F2017%2F09%2Fdie-deutsche-firlefanzologie-fdp%2F\" title=\"Bei Facebook teilen\" aria-label=\"Bei Facebook teilen\" role=\"button\" rel=\"nofollow\" class=\"shariff-link\" style=\"; background-color:#3b5998; color:#3b5998\" target=\"_blank\"><span class=\"shariff-icon\" style=\"fill:#3b5998\"><svg width=\"32px\" height=\"20px\" xmlns=\"http:\/\/www.w3.org\/2000\/svg\" viewBox=\"0 0 18 32\"><path fill=\"#3b5998\" d=\"M17.1 0.2v4.7h-2.8q-1.5 0-2.1 0.6t-0.5 1.9v3.4h5.2l-0.7 5.3h-4.5v13.6h-5.5v-13.6h-4.5v-5.3h4.5v-3.9q0-3.3 1.9-5.2t5-1.8q2.6 0 4.1 0.2z\"\/><\/svg><\/span><span class=\"shariff-text\" style=\"color:#3b5998\">teilen<\/span>&nbsp;<\/a><\/li><li class=\"shariff-button info shariff-nocustomcolor\" style=\"background-color:#a8a8a8\"><a href=\"http:\/\/ct.de\/-2467514\" title=\"Weitere Informationen\" aria-label=\"Weitere Informationen\" role=\"button\" rel=\"noopener \" class=\"shariff-link\" style=\"; background-color:#999; color:#999\" target=\"_blank\"><span class=\"shariff-icon\" style=\"fill:#999\"><svg width=\"32px\" height=\"20px\" xmlns=\"http:\/\/www.w3.org\/2000\/svg\" viewBox=\"0 0 11 32\"><path fill=\"#999\" d=\"M11.4 24v2.3q0 0.5-0.3 0.8t-0.8 0.4h-9.1q-0.5 0-0.8-0.4t-0.4-0.8v-2.3q0-0.5 0.4-0.8t0.8-0.4h1.1v-6.8h-1.1q-0.5 0-0.8-0.4t-0.4-0.8v-2.3q0-0.5 0.4-0.8t0.8-0.4h6.8q0.5 0 0.8 0.4t0.4 0.8v10.3h1.1q0.5 0 0.8 0.4t0.3 0.8zM9.2 3.4v3.4q0 0.5-0.4 0.8t-0.8 0.4h-4.6q-0.4 0-0.8-0.4t-0.4-0.8v-3.4q0-0.4 0.4-0.8t0.8-0.4h4.6q0.5 0 0.8 0.4t0.4 0.8z\"\/><\/svg><\/span><\/a><\/li><\/ul><\/div><h3 class=\"modern-footnotes-list-heading \">Fussnoten:<\/h3><ul class=\"modern-footnotes-list \"><li><span>1<\/span><div>Adolf Hitler, Auszug aus der Rede vor Kreisleitern in Reichenberg am 2.12.1938. Abgedruckt im \u201eV\u00f6lkischen Beobachter\u201c vom 4.12.1938.)<\/div><\/li><li><span>2<\/span><div>Niklas Luhmann: Das Erziehungssystem der Gesellschaft, Frankfurt\/M. 2002, S. 191.<\/div><\/li><li><span>3<\/span><div><a href=\"https:\/\/www.fdp.de\/position\/bildung\">Stichwort Bildung<\/a>, Website der AfD.<\/div><\/li><\/ul>","protected":false},"excerpt":{"rendered":"<p>Ein Wahlplakat. Ein Wahlplakat hat selten die Aufgabe, Informationen korrekt zu transportieren. Ein Wahlplakat geh\u00f6rt in die Kategorie Werbung. Und wie Satire darf Werbung alles \u2013 au\u00dfer Langweilen. Deshalb geht es um Slogans, die gleich den einen oder die andere treffen. Mauricio Kagel hat das einmal in einem H\u00f6rspiel (&#8220;Guten Morgen!&#8221;) verbraten und die Lautst\u00e4rke [&hellip;]<\/p>\n<div class=\"shariff shariff-align-left shariff-widget-align-left\"><ul class=\"shariff-buttons theme-white orientation-horizontal buttonsize-small\"><li class=\"shariff-button mastodon shariff-nocustomcolor\" style=\"background-color:#563ACC\"><a href=\"https:\/\/s2f.kytta.dev\/?text=Die%20deutsche%20%20Firlefanzologie%20%5BFDP%5D https%3A%2F%2Fwww.kritische-masse.de%2Flogbuch%2F2017%2F09%2Fdie-deutsche-firlefanzologie-fdp%2F\" title=\"Bei Mastodon teilen\" aria-label=\"Bei Mastodon teilen\" role=\"button\" rel=\"noopener nofollow\" class=\"shariff-link\" style=\"; background-color:#6364FF; color:#6364FF\" target=\"_blank\"><span class=\"shariff-icon\" style=\"fill:#6364FF\"><svg width=\"75\" height=\"79\" viewBox=\"0 0 75 79\" fill=\"none\" xmlns=\"http:\/\/www.w3.org\/2000\/svg\"><path d=\"M37.813-.025C32.462-.058 27.114.13 21.79.598c-8.544.621-17.214 5.58-20.203 13.931C-1.12 23.318.408 32.622.465 41.65c.375 7.316.943 14.78 3.392 21.73 4.365 9.465 14.781 14.537 24.782 15.385 7.64.698 15.761-.213 22.517-4.026a54.1 54.1 0 0 0 .01-6.232c-6.855 1.316-14.101 2.609-21.049 1.074-3.883-.88-6.876-4.237-7.25-8.215-1.53-3.988 3.78-.43 5.584-.883 9.048 1.224 18.282.776 27.303-.462 7.044-.837 14.26-4.788 16.65-11.833 2.263-6.135 1.215-12.79 1.698-19.177.06-3.84.09-7.692-.262-11.52C72.596 7.844 63.223.981 53.834.684a219.453 219.453 0 0 0-16.022-.71zm11.294 12.882c5.5-.067 10.801 4.143 11.67 9.653.338 1.48.471 3 .471 4.515v21.088h-8.357c-.07-7.588.153-15.182-.131-22.765-.587-4.368-7.04-5.747-9.672-2.397-2.422 3.04-1.47 7.155-1.67 10.735v6.392h-8.307c-.146-4.996.359-10.045-.404-15.002-1.108-4.218-7.809-5.565-10.094-1.666-1.685 3.046-.712 6.634-.976 9.936v14.767h-8.354c.109-8.165-.238-16.344.215-24.5.674-5.346 5.095-10.389 10.676-10.627 4.902-.739 10.103 2.038 12.053 6.631.375 1.435 1.76 1.932 1.994.084 1.844-3.704 5.501-6.739 9.785-6.771.367-.044.735-.068 1.101-.073z\"\/><defs><linearGradient id=\"paint0_linear_549_34\" x1=\"37.0692\" y1=\"0\" x2=\"37.0692\" y2=\"79\" gradientUnits=\"userSpaceOnUse\"><stop stop-color=\"#6364FF\"\/><stop offset=\"1\" stop-color=\"#563ACC\"\/><\/linearGradient><\/defs><\/svg><\/span><span class=\"shariff-text\" style=\"color:#6364FF\">teilen<\/span>&nbsp;<\/a><\/li><li class=\"shariff-button bluesky shariff-nocustomcolor\" style=\"background-color:#84c4ff\"><a href=\"https:\/\/bsky.app\/intent\/compose?text=Die%20deutsche%20%20Firlefanzologie%20%5BFDP%5D https%3A%2F%2Fwww.kritische-masse.de%2Flogbuch%2F2017%2F09%2Fdie-deutsche-firlefanzologie-fdp%2F \" title=\"Bei Bluesky teilen\" aria-label=\"Bei Bluesky teilen\" role=\"button\" rel=\"noopener nofollow\" class=\"shariff-link\" style=\"; background-color:#0085ff; color:#0085ff\" target=\"_blank\"><span class=\"shariff-icon\" style=\"fill:#0085ff\"><svg width=\"20\" height=\"20\" version=\"1.1\" xmlns=\"http:\/\/www.w3.org\/2000\/svg\" viewBox=\"0 0 20 20\"><path class=\"st0\" d=\"M4.89,3.12c2.07,1.55,4.3,4.71,5.11,6.4.82-1.69,3.04-4.84,5.11-6.4,1.49-1.12,3.91-1.99,3.91.77,0,.55-.32,4.63-.5,5.3-.64,2.3-2.99,2.89-5.08,2.54,3.65.62,4.58,2.68,2.57,4.74-3.81,3.91-5.48-.98-5.9-2.23-.08-.23-.11-.34-.12-.25,0-.09-.04.02-.12.25-.43,1.25-2.09,6.14-5.9,2.23-2.01-2.06-1.08-4.12,2.57-4.74-2.09.36-4.44-.23-5.08-2.54-.19-.66-.5-4.74-.5-5.3,0-2.76,2.42-1.89,3.91-.77h0Z\"\/><\/svg><\/span><span class=\"shariff-text\" style=\"color:#0085ff\">teilen<\/span>&nbsp;<\/a><\/li><li class=\"shariff-button threema shariff-nocustomcolor shariff-mobile\" style=\"background-color:#4fbc24\"><a href=\"threema:\/\/compose?text=Die%20deutsche%20%20Firlefanzologie%20%5BFDP%5D%20https%3A%2F%2Fwww.kritische-masse.de%2Flogbuch%2F2017%2F09%2Fdie-deutsche-firlefanzologie-fdp%2F\" title=\"Bei Threema teilen\" aria-label=\"Bei Threema teilen\" role=\"button\" rel=\"noopener nofollow\" class=\"shariff-link\" style=\"; background-color:#1f1f1f; color:#1f1f1f\" target=\"_blank\"><span class=\"shariff-icon\" style=\"fill:#1f1f1f\"><svg width=\"32px\" height=\"20px\" xmlns=\"http:\/\/www.w3.org\/2000\/svg\" viewBox=\"0 0 32 32\"><path fill=\"#1f1f1f\" d=\"M30.8 10.9c-0.3-1.4-0.9-2.6-1.8-3.8-2-2.6-5.5-4.5-9.4-5.2-1.3-0.2-1.9-0.3-3.5-0.3s-2.2 0-3.5 0.3c-4 0.7-7.4 2.6-9.4 5.2-0.9 1.2-1.5 2.4-1.8 3.8-0.1 0.5-0.2 1.2-0.2 1.6 0 0.4 0.1 1.1 0.2 1.6 0.4 1.9 1.3 3.4 2.9 5 0.8 0.8 0.8 0.8 0.7 1.3 0 0.6-0.5 1.6-1.7 3.6-0.3 0.5-0.5 0.9-0.5 0.9 0 0.1 0.1 0.1 0.5 0 0.8-0.2 2.3-0.6 5.6-1.6 1.1-0.3 1.3-0.4 2.3-0.4 0.8 0 1.1 0 2.3 0.2 1.5 0.2 3.5 0.2 4.9 0 5.1-0.6 9.3-2.9 11.4-6.3 0.5-0.9 0.9-1.8 1.1-2.8 0.1-0.5 0.2-1.1 0.2-1.6 0-0.7-0.1-1.1-0.2-1.6-0.3-1.4 0.1 0.5 0 0zM20.6 17.3c0 0.4-0.4 0.8-0.8 0.8h-7.7c-0.4 0-0.8-0.4-0.8-0.8v-4.6c0-0.4 0.4-0.8 0.8-0.8h0.2l0-1.6c0-0.9 0-1.8 0.1-2 0.1-0.6 0.6-1.2 1.1-1.7s1.1-0.7 1.9-0.8c1.8-0.3 3.7 0.7 4.2 2.2 0.1 0.3 0.1 0.7 0.1 2.1v0 1.7h0.1c0.4 0 0.8 0.4 0.8 0.8v4.6zM15.6 7.3c-0.5 0.1-0.8 0.3-1.2 0.6s-0.6 0.8-0.7 1.3c0 0.2 0 0.8 0 1.5l0 1.2h4.6v-1.3c0-1 0-1.4-0.1-1.6-0.3-1.1-1.5-1.9-2.6-1.7zM25.8 28.2c0 1.2-1 2.2-2.1 2.2s-2.1-1-2.1-2.1c0-1.2 1-2.1 2.2-2.1s2.2 1 2.2 2.2zM18.1 28.2c0 1.2-1 2.2-2.1 2.2s-2.1-1-2.1-2.1c0-1.2 1-2.1 2.2-2.1s2.2 1 2.2 2.2zM10.4 28.2c0 1.2-1 2.2-2.1 2.2s-2.1-1-2.1-2.1c0-1.2 1-2.1 2.2-2.1s2.2 1 2.2 2.2z\"\/><\/svg><\/span><span class=\"shariff-text\" style=\"color:#1f1f1f\">teilen<\/span>&nbsp;<\/a><\/li><li class=\"shariff-button facebook shariff-nocustomcolor\" style=\"background-color:#4273c8\"><a href=\"https:\/\/www.facebook.com\/sharer\/sharer.php?u=https%3A%2F%2Fwww.kritische-masse.de%2Flogbuch%2F2017%2F09%2Fdie-deutsche-firlefanzologie-fdp%2F\" title=\"Bei Facebook teilen\" aria-label=\"Bei Facebook teilen\" role=\"button\" rel=\"nofollow\" class=\"shariff-link\" style=\"; background-color:#3b5998; color:#3b5998\" target=\"_blank\"><span class=\"shariff-icon\" style=\"fill:#3b5998\"><svg width=\"32px\" height=\"20px\" xmlns=\"http:\/\/www.w3.org\/2000\/svg\" viewBox=\"0 0 18 32\"><path fill=\"#3b5998\" d=\"M17.1 0.2v4.7h-2.8q-1.5 0-2.1 0.6t-0.5 1.9v3.4h5.2l-0.7 5.3h-4.5v13.6h-5.5v-13.6h-4.5v-5.3h4.5v-3.9q0-3.3 1.9-5.2t5-1.8q2.6 0 4.1 0.2z\"\/><\/svg><\/span><span class=\"shariff-text\" style=\"color:#3b5998\">teilen<\/span>&nbsp;<\/a><\/li><li class=\"shariff-button info shariff-nocustomcolor\" style=\"background-color:#a8a8a8\"><a href=\"http:\/\/ct.de\/-2467514\" title=\"Weitere Informationen\" aria-label=\"Weitere Informationen\" role=\"button\" rel=\"noopener \" class=\"shariff-link\" style=\"; background-color:#999; color:#999\" target=\"_blank\"><span class=\"shariff-icon\" style=\"fill:#999\"><svg width=\"32px\" height=\"20px\" xmlns=\"http:\/\/www.w3.org\/2000\/svg\" viewBox=\"0 0 11 32\"><path fill=\"#999\" d=\"M11.4 24v2.3q0 0.5-0.3 0.8t-0.8 0.4h-9.1q-0.5 0-0.8-0.4t-0.4-0.8v-2.3q0-0.5 0.4-0.8t0.8-0.4h1.1v-6.8h-1.1q-0.5 0-0.8-0.4t-0.4-0.8v-2.3q0-0.5 0.4-0.8t0.8-0.4h6.8q0.5 0 0.8 0.4t0.4 0.8v10.3h1.1q0.5 0 0.8 0.4t0.3 0.8zM9.2 3.4v3.4q0 0.5-0.4 0.8t-0.8 0.4h-4.6q-0.4 0-0.8-0.4t-0.4-0.8v-3.4q0-0.4 0.4-0.8t0.8-0.4h4.6q0.5 0 0.8 0.4t0.4 0.8z\"\/><\/svg><\/span><\/a><\/li><\/ul><\/div>","protected":false},"author":1,"featured_media":694,"comment_status":"open","ping_status":"open","sticky":false,"template":"","format":"standard","meta":{"ocean_post_layout":"","ocean_both_sidebars_style":"","ocean_both_sidebars_content_width":0,"ocean_both_sidebars_sidebars_width":0,"ocean_sidebar":"","ocean_second_sidebar":"","ocean_disable_margins":"enable","ocean_add_body_class":"","ocean_shortcode_before_top_bar":"","ocean_shortcode_after_top_bar":"","ocean_shortcode_before_header":"","ocean_shortcode_after_header":"","ocean_has_shortcode":"","ocean_shortcode_after_title":"","ocean_shortcode_before_footer_widgets":"","ocean_shortcode_after_footer_widgets":"","ocean_shortcode_before_footer_bottom":"","ocean_shortcode_after_footer_bottom":"","ocean_display_top_bar":"default","ocean_display_header":"default","ocean_header_style":"","ocean_center_header_left_menu":"","ocean_custom_header_template":"","ocean_custom_logo":0,"ocean_custom_retina_logo":0,"ocean_custom_logo_max_width":0,"ocean_custom_logo_tablet_max_width":0,"ocean_custom_logo_mobile_max_width":0,"ocean_custom_logo_max_height":0,"ocean_custom_logo_tablet_max_height":0,"ocean_custom_logo_mobile_max_height":0,"ocean_header_custom_menu":"","ocean_menu_typo_font_family":"","ocean_menu_typo_font_subset":"","ocean_menu_typo_font_size":0,"ocean_menu_typo_font_size_tablet":0,"ocean_menu_typo_font_size_mobile":0,"ocean_menu_typo_font_size_unit":"px","ocean_menu_typo_font_weight":"","ocean_menu_typo_font_weight_tablet":"","ocean_menu_typo_font_weight_mobile":"","ocean_menu_typo_transform":"","ocean_menu_typo_transform_tablet":"","ocean_menu_typo_transform_mobile":"","ocean_menu_typo_line_height":0,"ocean_menu_typo_line_height_tablet":0,"ocean_menu_typo_line_height_mobile":0,"ocean_menu_typo_line_height_unit":"","ocean_menu_typo_spacing":0,"ocean_menu_typo_spacing_tablet":0,"ocean_menu_typo_spacing_mobile":0,"ocean_menu_typo_spacing_unit":"","ocean_menu_link_color":"","ocean_menu_link_color_hover":"","ocean_menu_link_color_active":"","ocean_menu_link_background":"","ocean_menu_link_hover_background":"","ocean_menu_link_active_background":"","ocean_menu_social_links_bg":"","ocean_menu_social_hover_links_bg":"","ocean_menu_social_links_color":"","ocean_menu_social_hover_links_color":"","ocean_disable_title":"default","ocean_disable_heading":"default","ocean_post_title":"","ocean_post_subheading":"","ocean_post_title_style":"","ocean_post_title_background_color":"","ocean_post_title_background":0,"ocean_post_title_bg_image_position":"","ocean_post_title_bg_image_attachment":"","ocean_post_title_bg_image_repeat":"","ocean_post_title_bg_image_size":"","ocean_post_title_height":0,"ocean_post_title_bg_overlay":0.5,"ocean_post_title_bg_overlay_color":"","ocean_disable_breadcrumbs":"default","ocean_breadcrumbs_color":"","ocean_breadcrumbs_separator_color":"","ocean_breadcrumbs_links_color":"","ocean_breadcrumbs_links_hover_color":"","ocean_display_footer_widgets":"default","ocean_display_footer_bottom":"default","ocean_custom_footer_template":"","osh_disable_topbar_sticky":"default","osh_disable_header_sticky":"default","osh_sticky_header_style":"default","osh_sticky_header_effect":"","osh_custom_sticky_logo":0,"osh_custom_retina_sticky_logo":0,"osh_custom_sticky_logo_height":0,"osh_background_color":"","osh_links_color":"","osh_links_hover_color":"","osh_links_active_color":"","osh_links_bg_color":"","osh_links_hover_bg_color":"","osh_links_active_bg_color":"","osh_menu_social_links_color":"","osh_menu_social_hover_links_color":"","_FSMCFIC_featured_image_caption":"","_FSMCFIC_featured_image_nocaption":"","_FSMCFIC_featured_image_hide":"","_metis_text_type":"standard","_metis_text_length":5692,"_post_count":0,"_jetpack_memberships_contains_paid_content":false,"activitypub_content_warning":"","activitypub_content_visibility":"","activitypub_max_image_attachments":4,"activitypub_interaction_policy_quote":"anyone","activitypub_status":"","ocean_post_oembed":"","ocean_post_self_hosted_media":"","ocean_post_video_embed":"","ocean_link_format":"","ocean_link_format_target":"self","ocean_quote_format":"","ocean_quote_format_link":"post","ocean_gallery_link_images":"on","ocean_gallery_id":[],"footnotes":"","jetpack_publicize_message":"Die deutsche  #Firlefanzologie [#FDP] - Von #Aktenkoffern und #Schulranzen und einem ungedeckten #Bildungsscheck.","jetpack_publicize_feature_enabled":true,"jetpack_social_post_already_shared":true,"jetpack_social_options":{"image_generator_settings":{"template":"highway","default_image_id":0,"font":"","enabled":false},"version":2}},"categories":[4186,2648,2840],"tags":[1801,2053,3857,2682,3841,2697],"class_list":["post-8730","post","type-post","status-publish","format-standard","has-post-thumbnail","hentry","category-die-politik","category-dieurteilskraft","category-werbung","tag-bildung","tag-fdp","tag-ideologie","tag-politik","tag-schulranzen","tag-werbung","entry","has-media"],"yoast_head":"<!-- This site is optimized with the Yoast SEO plugin v27.5 - https:\/\/yoast.com\/product\/yoast-seo-wordpress\/ -->\n<title>Die deutsche Firlefanzologie [FDP] - Kritische Masse<\/title>\n<meta name=\"robots\" content=\"index, follow, max-snippet:-1, max-image-preview:large, max-video-preview:-1\" \/>\n<link rel=\"canonical\" href=\"https:\/\/www.kritische-masse.de\/logbuch\/2017\/09\/die-deutsche-firlefanzologie-fdp\/\" \/>\n<meta property=\"og:locale\" content=\"de_DE\" \/>\n<meta property=\"og:type\" content=\"article\" \/>\n<meta property=\"og:title\" content=\"Die deutsche Firlefanzologie [FDP] - Kritische Masse\" \/>\n<meta property=\"og:description\" content=\"Ein Wahlplakat. Ein Wahlplakat hat selten die Aufgabe, Informationen korrekt zu transportieren. Ein Wahlplakat geh\u00f6rt in die Kategorie Werbung. Und wie Satire darf Werbung alles \u2013 au\u00dfer Langweilen. Deshalb geht es um Slogans, die gleich den einen oder die andere treffen. Mauricio Kagel hat das einmal in einem H\u00f6rspiel (&#8220;Guten Morgen!&#8221;) verbraten und die Lautst\u00e4rke [&hellip;]\" \/>\n<meta property=\"og:url\" content=\"https:\/\/www.kritische-masse.de\/logbuch\/2017\/09\/die-deutsche-firlefanzologie-fdp\/\" \/>\n<meta property=\"og:site_name\" content=\"Kritische Masse\" \/>\n<meta property=\"article:publisher\" content=\"https:\/\/www.facebook.com\/hufner\" \/>\n<meta property=\"article:author\" content=\"https:\/\/www.facebook.com\/hufner\" \/>\n<meta property=\"article:published_time\" content=\"2017-09-15T09:42:10+00:00\" \/>\n<meta name=\"author\" content=\"der huflaikhan\" \/>\n<meta name=\"twitter:label1\" content=\"Verfasst von\" \/>\n\t<meta name=\"twitter:data1\" content=\"der huflaikhan\" \/>\n\t<meta name=\"twitter:label2\" content=\"Gesch\u00e4tzte Lesezeit\" \/>\n\t<meta name=\"twitter:data2\" content=\"4\u00a0Minuten\" \/>\n<script type=\"application\/ld+json\" class=\"yoast-schema-graph\">{\"@context\":\"https:\\\/\\\/schema.org\",\"@graph\":[{\"@type\":\"Article\",\"@id\":\"https:\\\/\\\/www.kritische-masse.de\\\/logbuch\\\/2017\\\/09\\\/die-deutsche-firlefanzologie-fdp\\\/#article\",\"isPartOf\":{\"@id\":\"https:\\\/\\\/www.kritische-masse.de\\\/logbuch\\\/2017\\\/09\\\/die-deutsche-firlefanzologie-fdp\\\/\"},\"author\":{\"name\":\"der huflaikhan\",\"@id\":\"https:\\\/\\\/www.kritische-masse.de\\\/logbuch\\\/#\\\/schema\\\/person\\\/14c491f46504e7f6b79db161f76def1c\"},\"headline\":\"Die deutsche Firlefanzologie [FDP]\",\"datePublished\":\"2017-09-15T09:42:10+00:00\",\"mainEntityOfPage\":{\"@id\":\"https:\\\/\\\/www.kritische-masse.de\\\/logbuch\\\/2017\\\/09\\\/die-deutsche-firlefanzologie-fdp\\\/\"},\"wordCount\":901,\"commentCount\":0,\"publisher\":{\"@id\":\"https:\\\/\\\/www.kritische-masse.de\\\/logbuch\\\/#\\\/schema\\\/person\\\/14c491f46504e7f6b79db161f76def1c\"},\"image\":{\"@id\":\"https:\\\/\\\/www.kritische-masse.de\\\/logbuch\\\/2017\\\/09\\\/die-deutsche-firlefanzologie-fdp\\\/#primaryimage\"},\"thumbnailUrl\":\"\",\"keywords\":[\"Bildung\",\"FDP\",\"Ideologie\",\"Politik\",\"Schulranzen\",\"Werbung\"],\"articleSection\":[\"die Politik\",\"die Urteilskraft\",\"WerbUNg\"],\"inLanguage\":\"de\",\"potentialAction\":[{\"@type\":\"CommentAction\",\"name\":\"Comment\",\"target\":[\"https:\\\/\\\/www.kritische-masse.de\\\/logbuch\\\/2017\\\/09\\\/die-deutsche-firlefanzologie-fdp\\\/#respond\"]}]},{\"@type\":\"WebPage\",\"@id\":\"https:\\\/\\\/www.kritische-masse.de\\\/logbuch\\\/2017\\\/09\\\/die-deutsche-firlefanzologie-fdp\\\/\",\"url\":\"https:\\\/\\\/www.kritische-masse.de\\\/logbuch\\\/2017\\\/09\\\/die-deutsche-firlefanzologie-fdp\\\/\",\"name\":\"Die deutsche Firlefanzologie [FDP] - Kritische Masse\",\"isPartOf\":{\"@id\":\"https:\\\/\\\/www.kritische-masse.de\\\/logbuch\\\/#website\"},\"primaryImageOfPage\":{\"@id\":\"https:\\\/\\\/www.kritische-masse.de\\\/logbuch\\\/2017\\\/09\\\/die-deutsche-firlefanzologie-fdp\\\/#primaryimage\"},\"image\":{\"@id\":\"https:\\\/\\\/www.kritische-masse.de\\\/logbuch\\\/2017\\\/09\\\/die-deutsche-firlefanzologie-fdp\\\/#primaryimage\"},\"thumbnailUrl\":\"\",\"datePublished\":\"2017-09-15T09:42:10+00:00\",\"breadcrumb\":{\"@id\":\"https:\\\/\\\/www.kritische-masse.de\\\/logbuch\\\/2017\\\/09\\\/die-deutsche-firlefanzologie-fdp\\\/#breadcrumb\"},\"inLanguage\":\"de\",\"potentialAction\":[{\"@type\":\"ReadAction\",\"target\":[\"https:\\\/\\\/www.kritische-masse.de\\\/logbuch\\\/2017\\\/09\\\/die-deutsche-firlefanzologie-fdp\\\/\"]}]},{\"@type\":\"ImageObject\",\"inLanguage\":\"de\",\"@id\":\"https:\\\/\\\/www.kritische-masse.de\\\/logbuch\\\/2017\\\/09\\\/die-deutsche-firlefanzologie-fdp\\\/#primaryimage\",\"url\":\"\",\"contentUrl\":\"\"},{\"@type\":\"BreadcrumbList\",\"@id\":\"https:\\\/\\\/www.kritische-masse.de\\\/logbuch\\\/2017\\\/09\\\/die-deutsche-firlefanzologie-fdp\\\/#breadcrumb\",\"itemListElement\":[{\"@type\":\"ListItem\",\"position\":1,\"name\":\"Startseite\",\"item\":\"https:\\\/\\\/www.kritische-masse.de\\\/logbuch\\\/\"},{\"@type\":\"ListItem\",\"position\":2,\"name\":\"Die deutsche Firlefanzologie [FDP]\"}]},{\"@type\":\"WebSite\",\"@id\":\"https:\\\/\\\/www.kritische-masse.de\\\/logbuch\\\/#website\",\"url\":\"https:\\\/\\\/www.kritische-masse.de\\\/logbuch\\\/\",\"name\":\"kritische masse\",\"description\":\"amt f\u00fcr vermassungsschutz\",\"publisher\":{\"@id\":\"https:\\\/\\\/www.kritische-masse.de\\\/logbuch\\\/#\\\/schema\\\/person\\\/14c491f46504e7f6b79db161f76def1c\"},\"alternateName\":\"das logbuch der kritischen masse\",\"potentialAction\":[{\"@type\":\"SearchAction\",\"target\":{\"@type\":\"EntryPoint\",\"urlTemplate\":\"https:\\\/\\\/www.kritische-masse.de\\\/logbuch\\\/?s={search_term_string}\"},\"query-input\":{\"@type\":\"PropertyValueSpecification\",\"valueRequired\":true,\"valueName\":\"search_term_string\"}}],\"inLanguage\":\"de\"},{\"@type\":[\"Person\",\"Organization\"],\"@id\":\"https:\\\/\\\/www.kritische-masse.de\\\/logbuch\\\/#\\\/schema\\\/person\\\/14c491f46504e7f6b79db161f76def1c\",\"name\":\"der huflaikhan\",\"image\":{\"@type\":\"ImageObject\",\"inLanguage\":\"de\",\"@id\":\"https:\\\/\\\/www.kritische-masse.de\\\/logbuch\\\/wp-content\\\/uploads\\\/2024\\\/01\\\/cropped-kritischmasse_man_512.jpg\",\"url\":\"https:\\\/\\\/www.kritische-masse.de\\\/logbuch\\\/wp-content\\\/uploads\\\/2024\\\/01\\\/cropped-kritischmasse_man_512.jpg\",\"contentUrl\":\"https:\\\/\\\/www.kritische-masse.de\\\/logbuch\\\/wp-content\\\/uploads\\\/2024\\\/01\\\/cropped-kritischmasse_man_512.jpg\",\"width\":512,\"height\":512,\"caption\":\"der huflaikhan\"},\"logo\":{\"@id\":\"https:\\\/\\\/www.kritische-masse.de\\\/logbuch\\\/wp-content\\\/uploads\\\/2024\\\/01\\\/cropped-kritischmasse_man_512.jpg\"},\"description\":\"Betreiber der Kritischen Masse seit 1995. Seit 2023 Wiederaufnahme. Promotion mit einer Arbeit \u00fcber Adornos kompositorische und theoretische Auseinandersetzung mit der Zw\u00f6lftontechnik. Arbeit f\u00fcr den Bayerischen und den Mitteldeutschen Rundfunk als freier Autor und Regisseur \u2013 zumindest bis Ende 2015. Online-Redaktion f\u00fcr neue musikzeitung, Jazzzeitung und Oper &amp; Tanz. Ungl\u00fccklich, aber fast taub.\",\"sameAs\":[\"https:\\\/\\\/www.kritische-masse.de\\\/logbuch\\\/\",\"https:\\\/\\\/www.facebook.com\\\/hufner\"],\"url\":\"https:\\\/\\\/www.kritische-masse.de\\\/logbuch\\\/author\\\/martin_d1juqiu5\\\/\"}]}<\/script>\n<!-- \/ Yoast SEO plugin. -->","yoast_head_json":{"title":"Die deutsche Firlefanzologie [FDP] - Kritische Masse","robots":{"index":"index","follow":"follow","max-snippet":"max-snippet:-1","max-image-preview":"max-image-preview:large","max-video-preview":"max-video-preview:-1"},"canonical":"https:\/\/www.kritische-masse.de\/logbuch\/2017\/09\/die-deutsche-firlefanzologie-fdp\/","og_locale":"de_DE","og_type":"article","og_title":"Die deutsche Firlefanzologie [FDP] - Kritische Masse","og_description":"Ein Wahlplakat. Ein Wahlplakat hat selten die Aufgabe, Informationen korrekt zu transportieren. Ein Wahlplakat geh\u00f6rt in die Kategorie Werbung. Und wie Satire darf Werbung alles \u2013 au\u00dfer Langweilen. Deshalb geht es um Slogans, die gleich den einen oder die andere treffen. Mauricio Kagel hat das einmal in einem H\u00f6rspiel (&#8220;Guten Morgen!&#8221;) verbraten und die Lautst\u00e4rke [&hellip;]","og_url":"https:\/\/www.kritische-masse.de\/logbuch\/2017\/09\/die-deutsche-firlefanzologie-fdp\/","og_site_name":"Kritische Masse","article_publisher":"https:\/\/www.facebook.com\/hufner","article_author":"https:\/\/www.facebook.com\/hufner","article_published_time":"2017-09-15T09:42:10+00:00","author":"der huflaikhan","twitter_misc":{"Verfasst von":"der huflaikhan","Gesch\u00e4tzte Lesezeit":"4\u00a0Minuten"},"schema":{"@context":"https:\/\/schema.org","@graph":[{"@type":"Article","@id":"https:\/\/www.kritische-masse.de\/logbuch\/2017\/09\/die-deutsche-firlefanzologie-fdp\/#article","isPartOf":{"@id":"https:\/\/www.kritische-masse.de\/logbuch\/2017\/09\/die-deutsche-firlefanzologie-fdp\/"},"author":{"name":"der huflaikhan","@id":"https:\/\/www.kritische-masse.de\/logbuch\/#\/schema\/person\/14c491f46504e7f6b79db161f76def1c"},"headline":"Die deutsche Firlefanzologie [FDP]","datePublished":"2017-09-15T09:42:10+00:00","mainEntityOfPage":{"@id":"https:\/\/www.kritische-masse.de\/logbuch\/2017\/09\/die-deutsche-firlefanzologie-fdp\/"},"wordCount":901,"commentCount":0,"publisher":{"@id":"https:\/\/www.kritische-masse.de\/logbuch\/#\/schema\/person\/14c491f46504e7f6b79db161f76def1c"},"image":{"@id":"https:\/\/www.kritische-masse.de\/logbuch\/2017\/09\/die-deutsche-firlefanzologie-fdp\/#primaryimage"},"thumbnailUrl":"","keywords":["Bildung","FDP","Ideologie","Politik","Schulranzen","Werbung"],"articleSection":["die Politik","die Urteilskraft","WerbUNg"],"inLanguage":"de","potentialAction":[{"@type":"CommentAction","name":"Comment","target":["https:\/\/www.kritische-masse.de\/logbuch\/2017\/09\/die-deutsche-firlefanzologie-fdp\/#respond"]}]},{"@type":"WebPage","@id":"https:\/\/www.kritische-masse.de\/logbuch\/2017\/09\/die-deutsche-firlefanzologie-fdp\/","url":"https:\/\/www.kritische-masse.de\/logbuch\/2017\/09\/die-deutsche-firlefanzologie-fdp\/","name":"Die deutsche Firlefanzologie [FDP] - Kritische Masse","isPartOf":{"@id":"https:\/\/www.kritische-masse.de\/logbuch\/#website"},"primaryImageOfPage":{"@id":"https:\/\/www.kritische-masse.de\/logbuch\/2017\/09\/die-deutsche-firlefanzologie-fdp\/#primaryimage"},"image":{"@id":"https:\/\/www.kritische-masse.de\/logbuch\/2017\/09\/die-deutsche-firlefanzologie-fdp\/#primaryimage"},"thumbnailUrl":"","datePublished":"2017-09-15T09:42:10+00:00","breadcrumb":{"@id":"https:\/\/www.kritische-masse.de\/logbuch\/2017\/09\/die-deutsche-firlefanzologie-fdp\/#breadcrumb"},"inLanguage":"de","potentialAction":[{"@type":"ReadAction","target":["https:\/\/www.kritische-masse.de\/logbuch\/2017\/09\/die-deutsche-firlefanzologie-fdp\/"]}]},{"@type":"ImageObject","inLanguage":"de","@id":"https:\/\/www.kritische-masse.de\/logbuch\/2017\/09\/die-deutsche-firlefanzologie-fdp\/#primaryimage","url":"","contentUrl":""},{"@type":"BreadcrumbList","@id":"https:\/\/www.kritische-masse.de\/logbuch\/2017\/09\/die-deutsche-firlefanzologie-fdp\/#breadcrumb","itemListElement":[{"@type":"ListItem","position":1,"name":"Startseite","item":"https:\/\/www.kritische-masse.de\/logbuch\/"},{"@type":"ListItem","position":2,"name":"Die deutsche Firlefanzologie [FDP]"}]},{"@type":"WebSite","@id":"https:\/\/www.kritische-masse.de\/logbuch\/#website","url":"https:\/\/www.kritische-masse.de\/logbuch\/","name":"kritische masse","description":"amt f\u00fcr vermassungsschutz","publisher":{"@id":"https:\/\/www.kritische-masse.de\/logbuch\/#\/schema\/person\/14c491f46504e7f6b79db161f76def1c"},"alternateName":"das logbuch der kritischen masse","potentialAction":[{"@type":"SearchAction","target":{"@type":"EntryPoint","urlTemplate":"https:\/\/www.kritische-masse.de\/logbuch\/?s={search_term_string}"},"query-input":{"@type":"PropertyValueSpecification","valueRequired":true,"valueName":"search_term_string"}}],"inLanguage":"de"},{"@type":["Person","Organization"],"@id":"https:\/\/www.kritische-masse.de\/logbuch\/#\/schema\/person\/14c491f46504e7f6b79db161f76def1c","name":"der huflaikhan","image":{"@type":"ImageObject","inLanguage":"de","@id":"https:\/\/www.kritische-masse.de\/logbuch\/wp-content\/uploads\/2024\/01\/cropped-kritischmasse_man_512.jpg","url":"https:\/\/www.kritische-masse.de\/logbuch\/wp-content\/uploads\/2024\/01\/cropped-kritischmasse_man_512.jpg","contentUrl":"https:\/\/www.kritische-masse.de\/logbuch\/wp-content\/uploads\/2024\/01\/cropped-kritischmasse_man_512.jpg","width":512,"height":512,"caption":"der huflaikhan"},"logo":{"@id":"https:\/\/www.kritische-masse.de\/logbuch\/wp-content\/uploads\/2024\/01\/cropped-kritischmasse_man_512.jpg"},"description":"Betreiber der Kritischen Masse seit 1995. Seit 2023 Wiederaufnahme. Promotion mit einer Arbeit \u00fcber Adornos kompositorische und theoretische Auseinandersetzung mit der Zw\u00f6lftontechnik. Arbeit f\u00fcr den Bayerischen und den Mitteldeutschen Rundfunk als freier Autor und Regisseur \u2013 zumindest bis Ende 2015. Online-Redaktion f\u00fcr neue musikzeitung, Jazzzeitung und Oper &amp; Tanz. Ungl\u00fccklich, aber fast taub.","sameAs":["https:\/\/www.kritische-masse.de\/logbuch\/","https:\/\/www.facebook.com\/hufner"],"url":"https:\/\/www.kritische-masse.de\/logbuch\/author\/martin_d1juqiu5\/"}]}},"jetpack_publicize_connections":[],"jetpack_featured_media_url":"","categories_names":["die Politik","die Urteilskraft","WerbUNg"],"post_class":[["post-8730","post","type-post","status-publish","format-standard","has-post-thumbnail","hentry","category-die-politik","category-dieurteilskraft","category-werbung","tag-bildung","tag-fdp","tag-ideologie","tag-politik","tag-schulranzen","tag-werbung","entry","has-media"]],"author_avatar":["<img alt='' src='https:\/\/secure.gravatar.com\/avatar\/c23aee426d58e69f14ef471114d4cac215eec702ee1bc331e2a62ea77e96ed60?s=96&#038;d=blank&#038;r=g' srcset='https:\/\/secure.gravatar.com\/avatar\/c23aee426d58e69f14ef471114d4cac215eec702ee1bc331e2a62ea77e96ed60?s=192&#038;d=blank&#038;r=g 2x' class='avatar avatar-96 photo' height='96' width='96' loading='lazy' decoding='async'\/>"],"featured_video":null,"jetpack-related-posts":[{"id":8487,"url":"https:\/\/www.kritische-masse.de\/logbuch\/2014\/09\/geheime-botschaften-zur-wahl-in-brandenburg\/","url_meta":{"origin":8730,"position":0},"title":"Geheime Botschaften zur Wahl in Brandenburg","author":"der huflaikhan","date":"14. September 2014","format":false,"excerpt":"Sehr sympathisch schien mir ein Plakat der Linken hier in Brandenburg. Denn es bedeutet ein Versprechen, welches ich bei anderen Plakaten von Parteien hier nicht gesehen habe: Musikschulen. Musikschulen erhalten mehr Geld Das nenne ich eine Wahlaussage. Aber je l\u00e4nger ich mir dieses Plakat ansah, desto unsicherer wurde ich, ob\u2026","rel":"","context":"In &quot;die Politik&quot;","block_context":{"text":"die Politik","link":"https:\/\/www.kritische-masse.de\/logbuch\/category\/angriffauf\/die-politik\/"},"img":{"alt_text":"Musikschule, die Linke. Wahlplakat","src":"https:\/\/i0.wp.com\/www.kritische-masse.de\/logbuch\/wp-content\/2014\/09\/musikschule-pds_c_linke-206x300.jpg?resize=350%2C200&ssl=1","width":350,"height":200},"classes":[]},{"id":1434,"url":"https:\/\/www.kritische-masse.de\/logbuch\/2005\/09\/analyse\/","url_meta":{"origin":8730,"position":1},"title":"Analyse","author":"huflaikhan","date":"19. September 2005","format":false,"excerpt":"Aber dass die Frau M. Aber dass die Frau M. so sehr mit ihrer Partei den Bach runter geht, das h\u00e4tte ich wirklich nicht f\u00fcr m\u00f6glich gehalten. Es muss am letzten Wahlplakat gelegen haben. Das war so falsch wie nur denkbar. Die Leute wollen sich doch nicht in eine Politikerin\u2026","rel":"","context":"In &quot;die Urteilskraft&quot;","block_context":{"text":"die Urteilskraft","link":"https:\/\/www.kritische-masse.de\/logbuch\/category\/angriffauf\/dieurteilskraft\/"},"img":{"alt_text":"fdp","src":"https:\/\/i0.wp.com\/www.kritische-masse.de\/logbuch\/wp-content\/uploads\/2005\/09\/20050919-durchblick.jpg?resize=350%2C200&ssl=1","width":350,"height":200},"classes":[]},{"id":10661,"url":"https:\/\/www.kritische-masse.de\/logbuch\/2025\/01\/diesmal-gehts-ums-ganz-grosse-rangewanze-die-fdp\/","url_meta":{"origin":8730,"position":2},"title":"Diesmal geht&#8217;s ums ganz gro\u00dfe Rangewanze \u2013 die FDP","author":"der huflaikhan","date":"22. Januar 2025","format":false,"excerpt":"oder: Produktr\u00fcckruf der FDP. Bitte nicht mehr w\u00e4hlen. Verdorben. Mindesthaltbarkeit bereits 1998 abgelaufen. Betroffen: Alle Wahlkreise. Von der Wahl dieses Produktes r\u00e4t die Kritische Masse ab. Die FDP h\u00e4ngt sich ab. Beziehungsweise h\u00e4ngt Wahlplakate aus den 70er-Jahren wieder auf. Die FDP muss sparen, nicht einmal d\u00fcrfte als sicher gelten, dass\u2026","rel":"","context":"In &quot;die Politik&quot;","block_context":{"text":"die Politik","link":"https:\/\/www.kritische-masse.de\/logbuch\/category\/angriffauf\/die-politik\/"},"img":{"alt_text":"Aufschwung West. Die Mauer in unseren Ko\u0308pfen. Fehlt nur noch der Schlagbaum zwischen Berlin und Brandenburg. MH","src":"https:\/\/i0.wp.com\/www.kritische-masse.de\/logbuch\/wp-content\/uploads\/2024\/11\/Aufschwung-West.-Die-Mauer-in-unseren-Koepfen.-Fehlt-nur-noch-der-Schlagbaum-zwischen-Berlin-und-Brandenburg.-MH.jpg?fit=1080%2C1080&ssl=1&resize=350%2C200","width":350,"height":200,"srcset":"https:\/\/i0.wp.com\/www.kritische-masse.de\/logbuch\/wp-content\/uploads\/2024\/11\/Aufschwung-West.-Die-Mauer-in-unseren-Koepfen.-Fehlt-nur-noch-der-Schlagbaum-zwischen-Berlin-und-Brandenburg.-MH.jpg?fit=1080%2C1080&ssl=1&resize=350%2C200 1x, https:\/\/i0.wp.com\/www.kritische-masse.de\/logbuch\/wp-content\/uploads\/2024\/11\/Aufschwung-West.-Die-Mauer-in-unseren-Koepfen.-Fehlt-nur-noch-der-Schlagbaum-zwischen-Berlin-und-Brandenburg.-MH.jpg?fit=1080%2C1080&ssl=1&resize=525%2C300 1.5x, https:\/\/i0.wp.com\/www.kritische-masse.de\/logbuch\/wp-content\/uploads\/2024\/11\/Aufschwung-West.-Die-Mauer-in-unseren-Koepfen.-Fehlt-nur-noch-der-Schlagbaum-zwischen-Berlin-und-Brandenburg.-MH.jpg?fit=1080%2C1080&ssl=1&resize=700%2C400 2x, https:\/\/i0.wp.com\/www.kritische-masse.de\/logbuch\/wp-content\/uploads\/2024\/11\/Aufschwung-West.-Die-Mauer-in-unseren-Koepfen.-Fehlt-nur-noch-der-Schlagbaum-zwischen-Berlin-und-Brandenburg.-MH.jpg?fit=1080%2C1080&ssl=1&resize=1050%2C600 3x"},"classes":[]},{"id":1411,"url":"https:\/\/www.kritische-masse.de\/logbuch\/2005\/09\/wahlpruefsteine-der-kritischen-masse-fdp\/","url_meta":{"origin":8730,"position":3},"title":"Wahlpr\u00fcfsteine der Kritischen Masse: FDP","author":"huflaikhan","date":"8. September 2005","format":false,"excerpt":"Die \u201eKritische Masse\u201c hat gestern bereits ihre Stimme abgegeben. Insofern ist f\u00fcr die Kritische Masse der Wahlkampf gelaufen, sie ist nicht mehr umzustimmen. Gestern hat die Kritische Masse \u00fcbrigens auch einen neuen Personalausweis beantragt. Die Mitarbeiter im einwohnermeldeamt hier in Regensburg sind \u00fcbrigens sehr freundlich und hilfsbreit. Ein paar Retuschen\u2026","rel":"","context":"\u00c4hnlicher Beitrag","block_context":{"text":"\u00c4hnlicher Beitrag","link":""},"img":{"alt_text":"","src":"","width":0,"height":0},"classes":[]},{"id":8301,"url":"https:\/\/www.kritische-masse.de\/logbuch\/2005\/09\/wahlpruefsteine-der-kritischen-masse-die-fdp-2005\/","url_meta":{"origin":8730,"position":4},"title":"Wahlpr\u00fcfsteine der Kritischen Masse: Die FDP [2005]","author":"der huflaikhan","date":"9. September 2005","format":false,"excerpt":"Die \u201eKritische Masse\u201c hat gestern bereits ihre Stimme abgegeben. Insofern ist f\u00fcr die Kritische Masse der Wahlkampf gelaufen, sie ist nicht mehr umzustimmen. Gestern hat die Kritische Masse \u00fcbrigens auch einen neuen Personalausweis beantragt. Die Mitarbeiter im einwohnermeldeamt hier in Regensburg sind \u00fcbrigens sehr freundlich und hilfsbreit. Ein paar Retuschen\u2026","rel":"","context":"In &quot;die Politik&quot;","block_context":{"text":"die Politik","link":"https:\/\/www.kritische-masse.de\/logbuch\/category\/angriffauf\/die-politik\/"},"img":{"alt_text":"Keine Experimente: FDP","src":"https:\/\/i0.wp.com\/www.kritische-masse.de\/logbuch\/wp-content\/uploads\/2018\/09\/20050908-FDP3.jpg?resize=350%2C200&ssl=1","width":350,"height":200},"classes":[]},{"id":10146,"url":"https:\/\/www.kritische-masse.de\/logbuch\/2024\/09\/unter-katastrophen-machen-wir-es-nicht\/","url_meta":{"origin":8730,"position":5},"title":"Unter Katastrophen machen wir es nicht","author":"der huflaikhan","date":"10. September 2024","format":false,"excerpt":"\u2026 Der Gedanke, Feuer mit Feuer zu l\u00f6schen ist zwar nicht unbedingt neu, aber im Bereich seri\u00f6ser Welterschlie\u00dfungsvorhaben meistens fatal. Die faulen Eier im Journalismus verst\u00e4nkern alle L\u00f6sungswege mit ihrer giftigen Propaganda. \u2026 Zur Dialektik der k\u00fcnstlichen Katastrophen. Und die FDP empfiehlt, Braun zu w\u00e4hlen \u2026 \u00c4hem.","rel":"","context":"In &quot;die Politik&quot;","block_context":{"text":"die Politik","link":"https:\/\/www.kritische-masse.de\/logbuch\/category\/angriffauf\/die-politik\/"},"img":{"alt_text":"02 18 rind","src":"https:\/\/i0.wp.com\/www.kritische-masse.de\/logbuch\/wp-content\/uploads\/2024\/09\/02_18_rind.jpg?fit=960%2C960&ssl=1&resize=350%2C200","width":350,"height":200,"srcset":"https:\/\/i0.wp.com\/www.kritische-masse.de\/logbuch\/wp-content\/uploads\/2024\/09\/02_18_rind.jpg?fit=960%2C960&ssl=1&resize=350%2C200 1x, https:\/\/i0.wp.com\/www.kritische-masse.de\/logbuch\/wp-content\/uploads\/2024\/09\/02_18_rind.jpg?fit=960%2C960&ssl=1&resize=525%2C300 1.5x, https:\/\/i0.wp.com\/www.kritische-masse.de\/logbuch\/wp-content\/uploads\/2024\/09\/02_18_rind.jpg?fit=960%2C960&ssl=1&resize=700%2C400 2x"},"classes":[]}],"jetpack_sharing_enabled":true,"_links":{"self":[{"href":"https:\/\/www.kritische-masse.de\/logbuch\/wp-json\/wp\/v2\/posts\/8730","targetHints":{"allow":["GET"]}}],"collection":[{"href":"https:\/\/www.kritische-masse.de\/logbuch\/wp-json\/wp\/v2\/posts"}],"about":[{"href":"https:\/\/www.kritische-masse.de\/logbuch\/wp-json\/wp\/v2\/types\/post"}],"author":[{"embeddable":true,"href":"https:\/\/www.kritische-masse.de\/logbuch\/wp-json\/wp\/v2\/users\/1"}],"replies":[{"embeddable":true,"href":"https:\/\/www.kritische-masse.de\/logbuch\/wp-json\/wp\/v2\/comments?post=8730"}],"version-history":[{"count":0,"href":"https:\/\/www.kritische-masse.de\/logbuch\/wp-json\/wp\/v2\/posts\/8730\/revisions"}],"wp:featuredmedia":[{"embeddable":true,"href":"https:\/\/www.kritische-masse.de\/logbuch\/wp-json\/wp\/v2\/posts\/694"}],"wp:attachment":[{"href":"https:\/\/www.kritische-masse.de\/logbuch\/wp-json\/wp\/v2\/media?parent=8730"}],"wp:term":[{"taxonomy":"category","embeddable":true,"href":"https:\/\/www.kritische-masse.de\/logbuch\/wp-json\/wp\/v2\/categories?post=8730"},{"taxonomy":"post_tag","embeddable":true,"href":"https:\/\/www.kritische-masse.de\/logbuch\/wp-json\/wp\/v2\/tags?post=8730"}],"curies":[{"name":"wp","href":"https:\/\/api.w.org\/{rel}","templated":true}]}}