{"id":8745,"date":"2018-01-30T11:51:30","date_gmt":"2018-01-30T10:51:30","guid":{"rendered":"https:\/\/musikunrat.de\/?p=817"},"modified":"2018-01-30T11:51:30","modified_gmt":"2018-01-30T10:51:30","slug":"kunst-in-den-grenzen-der-demokratie-von-2018","status":"publish","type":"post","link":"https:\/\/www.kritische-masse.de\/logbuch\/2018\/01\/kunst-in-den-grenzen-der-demokratie-von-2018\/","title":{"rendered":"Kunst in den Grenzen der \u201eDemokratie\u201c von 2018"},"content":{"rendered":"<div class=\"shariff shariff-align-left shariff-widget-align-left\"><ul class=\"shariff-buttons theme-white orientation-horizontal buttonsize-small\"><li class=\"shariff-button mastodon shariff-nocustomcolor\" style=\"background-color:#563ACC\"><a href=\"https:\/\/s2f.kytta.dev\/?text=Kunst%20in%20den%20Grenzen%20der%20%E2%80%9EDemokratie%E2%80%9C%20von%202018 https%3A%2F%2Fwww.kritische-masse.de%2Flogbuch%2F2018%2F01%2Fkunst-in-den-grenzen-der-demokratie-von-2018%2F\" title=\"Bei Mastodon teilen\" aria-label=\"Bei Mastodon teilen\" role=\"button\" rel=\"noopener nofollow\" class=\"shariff-link\" style=\"; background-color:#6364FF; color:#6364FF\" target=\"_blank\"><span class=\"shariff-icon\" style=\"fill:#6364FF\"><svg width=\"75\" height=\"79\" viewBox=\"0 0 75 79\" fill=\"none\" xmlns=\"http:\/\/www.w3.org\/2000\/svg\"><path d=\"M37.813-.025C32.462-.058 27.114.13 21.79.598c-8.544.621-17.214 5.58-20.203 13.931C-1.12 23.318.408 32.622.465 41.65c.375 7.316.943 14.78 3.392 21.73 4.365 9.465 14.781 14.537 24.782 15.385 7.64.698 15.761-.213 22.517-4.026a54.1 54.1 0 0 0 .01-6.232c-6.855 1.316-14.101 2.609-21.049 1.074-3.883-.88-6.876-4.237-7.25-8.215-1.53-3.988 3.78-.43 5.584-.883 9.048 1.224 18.282.776 27.303-.462 7.044-.837 14.26-4.788 16.65-11.833 2.263-6.135 1.215-12.79 1.698-19.177.06-3.84.09-7.692-.262-11.52C72.596 7.844 63.223.981 53.834.684a219.453 219.453 0 0 0-16.022-.71zm11.294 12.882c5.5-.067 10.801 4.143 11.67 9.653.338 1.48.471 3 .471 4.515v21.088h-8.357c-.07-7.588.153-15.182-.131-22.765-.587-4.368-7.04-5.747-9.672-2.397-2.422 3.04-1.47 7.155-1.67 10.735v6.392h-8.307c-.146-4.996.359-10.045-.404-15.002-1.108-4.218-7.809-5.565-10.094-1.666-1.685 3.046-.712 6.634-.976 9.936v14.767h-8.354c.109-8.165-.238-16.344.215-24.5.674-5.346 5.095-10.389 10.676-10.627 4.902-.739 10.103 2.038 12.053 6.631.375 1.435 1.76 1.932 1.994.084 1.844-3.704 5.501-6.739 9.785-6.771.367-.044.735-.068 1.101-.073z\"\/><defs><linearGradient id=\"paint0_linear_549_34\" x1=\"37.0692\" y1=\"0\" x2=\"37.0692\" y2=\"79\" gradientUnits=\"userSpaceOnUse\"><stop stop-color=\"#6364FF\"\/><stop offset=\"1\" stop-color=\"#563ACC\"\/><\/linearGradient><\/defs><\/svg><\/span><span class=\"shariff-text\" style=\"color:#6364FF\">teilen<\/span>&nbsp;<\/a><\/li><li class=\"shariff-button bluesky shariff-nocustomcolor\" style=\"background-color:#84c4ff\"><a href=\"https:\/\/bsky.app\/intent\/compose?text=Kunst%20in%20den%20Grenzen%20der%20%E2%80%9EDemokratie%E2%80%9C%20von%202018 https%3A%2F%2Fwww.kritische-masse.de%2Flogbuch%2F2018%2F01%2Fkunst-in-den-grenzen-der-demokratie-von-2018%2F \" title=\"Bei Bluesky teilen\" aria-label=\"Bei Bluesky teilen\" role=\"button\" rel=\"noopener nofollow\" class=\"shariff-link\" style=\"; background-color:#0085ff; color:#0085ff\" target=\"_blank\"><span class=\"shariff-icon\" style=\"fill:#0085ff\"><svg width=\"20\" height=\"20\" version=\"1.1\" xmlns=\"http:\/\/www.w3.org\/2000\/svg\" viewBox=\"0 0 20 20\"><path class=\"st0\" d=\"M4.89,3.12c2.07,1.55,4.3,4.71,5.11,6.4.82-1.69,3.04-4.84,5.11-6.4,1.49-1.12,3.91-1.99,3.91.77,0,.55-.32,4.63-.5,5.3-.64,2.3-2.99,2.89-5.08,2.54,3.65.62,4.58,2.68,2.57,4.74-3.81,3.91-5.48-.98-5.9-2.23-.08-.23-.11-.34-.12-.25,0-.09-.04.02-.12.25-.43,1.25-2.09,6.14-5.9,2.23-2.01-2.06-1.08-4.12,2.57-4.74-2.09.36-4.44-.23-5.08-2.54-.19-.66-.5-4.74-.5-5.3,0-2.76,2.42-1.89,3.91-.77h0Z\"\/><\/svg><\/span><span class=\"shariff-text\" style=\"color:#0085ff\">teilen<\/span>&nbsp;<\/a><\/li><li class=\"shariff-button threema shariff-nocustomcolor shariff-mobile\" style=\"background-color:#4fbc24\"><a href=\"threema:\/\/compose?text=Kunst%20in%20den%20Grenzen%20der%20%E2%80%9EDemokratie%E2%80%9C%20von%202018%20https%3A%2F%2Fwww.kritische-masse.de%2Flogbuch%2F2018%2F01%2Fkunst-in-den-grenzen-der-demokratie-von-2018%2F\" title=\"Bei Threema teilen\" aria-label=\"Bei Threema teilen\" role=\"button\" rel=\"noopener nofollow\" class=\"shariff-link\" style=\"; background-color:#1f1f1f; color:#1f1f1f\" target=\"_blank\"><span class=\"shariff-icon\" style=\"fill:#1f1f1f\"><svg width=\"32px\" height=\"20px\" xmlns=\"http:\/\/www.w3.org\/2000\/svg\" viewBox=\"0 0 32 32\"><path fill=\"#1f1f1f\" d=\"M30.8 10.9c-0.3-1.4-0.9-2.6-1.8-3.8-2-2.6-5.5-4.5-9.4-5.2-1.3-0.2-1.9-0.3-3.5-0.3s-2.2 0-3.5 0.3c-4 0.7-7.4 2.6-9.4 5.2-0.9 1.2-1.5 2.4-1.8 3.8-0.1 0.5-0.2 1.2-0.2 1.6 0 0.4 0.1 1.1 0.2 1.6 0.4 1.9 1.3 3.4 2.9 5 0.8 0.8 0.8 0.8 0.7 1.3 0 0.6-0.5 1.6-1.7 3.6-0.3 0.5-0.5 0.9-0.5 0.9 0 0.1 0.1 0.1 0.5 0 0.8-0.2 2.3-0.6 5.6-1.6 1.1-0.3 1.3-0.4 2.3-0.4 0.8 0 1.1 0 2.3 0.2 1.5 0.2 3.5 0.2 4.9 0 5.1-0.6 9.3-2.9 11.4-6.3 0.5-0.9 0.9-1.8 1.1-2.8 0.1-0.5 0.2-1.1 0.2-1.6 0-0.7-0.1-1.1-0.2-1.6-0.3-1.4 0.1 0.5 0 0zM20.6 17.3c0 0.4-0.4 0.8-0.8 0.8h-7.7c-0.4 0-0.8-0.4-0.8-0.8v-4.6c0-0.4 0.4-0.8 0.8-0.8h0.2l0-1.6c0-0.9 0-1.8 0.1-2 0.1-0.6 0.6-1.2 1.1-1.7s1.1-0.7 1.9-0.8c1.8-0.3 3.7 0.7 4.2 2.2 0.1 0.3 0.1 0.7 0.1 2.1v0 1.7h0.1c0.4 0 0.8 0.4 0.8 0.8v4.6zM15.6 7.3c-0.5 0.1-0.8 0.3-1.2 0.6s-0.6 0.8-0.7 1.3c0 0.2 0 0.8 0 1.5l0 1.2h4.6v-1.3c0-1 0-1.4-0.1-1.6-0.3-1.1-1.5-1.9-2.6-1.7zM25.8 28.2c0 1.2-1 2.2-2.1 2.2s-2.1-1-2.1-2.1c0-1.2 1-2.1 2.2-2.1s2.2 1 2.2 2.2zM18.1 28.2c0 1.2-1 2.2-2.1 2.2s-2.1-1-2.1-2.1c0-1.2 1-2.1 2.2-2.1s2.2 1 2.2 2.2zM10.4 28.2c0 1.2-1 2.2-2.1 2.2s-2.1-1-2.1-2.1c0-1.2 1-2.1 2.2-2.1s2.2 1 2.2 2.2z\"\/><\/svg><\/span><span class=\"shariff-text\" style=\"color:#1f1f1f\">teilen<\/span>&nbsp;<\/a><\/li><li class=\"shariff-button facebook shariff-nocustomcolor\" style=\"background-color:#4273c8\"><a href=\"https:\/\/www.facebook.com\/sharer\/sharer.php?u=https%3A%2F%2Fwww.kritische-masse.de%2Flogbuch%2F2018%2F01%2Fkunst-in-den-grenzen-der-demokratie-von-2018%2F\" title=\"Bei Facebook teilen\" aria-label=\"Bei Facebook teilen\" role=\"button\" rel=\"nofollow\" class=\"shariff-link\" style=\"; background-color:#3b5998; color:#3b5998\" target=\"_blank\"><span class=\"shariff-icon\" style=\"fill:#3b5998\"><svg width=\"32px\" height=\"20px\" xmlns=\"http:\/\/www.w3.org\/2000\/svg\" viewBox=\"0 0 18 32\"><path fill=\"#3b5998\" d=\"M17.1 0.2v4.7h-2.8q-1.5 0-2.1 0.6t-0.5 1.9v3.4h5.2l-0.7 5.3h-4.5v13.6h-5.5v-13.6h-4.5v-5.3h4.5v-3.9q0-3.3 1.9-5.2t5-1.8q2.6 0 4.1 0.2z\"\/><\/svg><\/span><span class=\"shariff-text\" style=\"color:#3b5998\">teilen<\/span>&nbsp;<\/a><\/li><li class=\"shariff-button info shariff-nocustomcolor\" style=\"background-color:#a8a8a8\"><a href=\"http:\/\/ct.de\/-2467514\" title=\"Weitere Informationen\" aria-label=\"Weitere Informationen\" role=\"button\" rel=\"noopener \" class=\"shariff-link\" style=\"; background-color:#999; color:#999\" target=\"_blank\"><span class=\"shariff-icon\" style=\"fill:#999\"><svg width=\"32px\" height=\"20px\" xmlns=\"http:\/\/www.w3.org\/2000\/svg\" viewBox=\"0 0 11 32\"><path fill=\"#999\" d=\"M11.4 24v2.3q0 0.5-0.3 0.8t-0.8 0.4h-9.1q-0.5 0-0.8-0.4t-0.4-0.8v-2.3q0-0.5 0.4-0.8t0.8-0.4h1.1v-6.8h-1.1q-0.5 0-0.8-0.4t-0.4-0.8v-2.3q0-0.5 0.4-0.8t0.8-0.4h6.8q0.5 0 0.8 0.4t0.4 0.8v10.3h1.1q0.5 0 0.8 0.4t0.3 0.8zM9.2 3.4v3.4q0 0.5-0.4 0.8t-0.8 0.4h-4.6q-0.4 0-0.8-0.4t-0.4-0.8v-3.4q0-0.4 0.4-0.8t0.8-0.4h4.6q0.5 0 0.8 0.4t0.4 0.8z\"\/><\/svg><\/span><\/a><\/li><\/ul><\/div><p>Es ist schon alles zur Debatte um die Bemalung einer Hochschulwand in Berlin gesagt worden. K\u00f6nnte man denken. Denn es gibt zahlreiche <a href=\"https:\/\/www.ash-berlin.eu\/hochschule\/organisation\/referat-hochschulkommunikation\/pressespiegel-fassadendebatte\/\">Kommentare, Polemiken, Diskussionen<\/a> zur Verwendung eines Gedichts von Eugen Gomringer im \u00f6ffentlichen Raum.<\/p>\n<figure id=\"attachment_819\" aria-describedby=\"caption-attachment-819\" style=\"width: 300px\" class=\"wp-caption alignright\"><a href=\"https:\/\/i0.wp.com\/www.kritische-masse.de\/logbuch\/wp-content\/uploads\/2018\/01\/wand_bemalung.jpg?ssl=1\"><img data-recalc-dims=\"1\" loading=\"lazy\" decoding=\"async\" class=\"size-medium wp-image-819\" src=\"https:\/\/i0.wp.com\/www.kritische-masse.de\/logbuch\/wp-content\/uploads\/2018\/01\/wand_bemalung.jpg?resize=300%2C237&#038;ssl=1\" alt=\"Leere W\u00e4nde ins Blaue hinein. Foto: Hufner\" width=\"300\" height=\"237\" \/><\/a><figcaption id=\"caption-attachment-819\" class=\"wp-caption-text\">Leere W\u00e4nde ins Blaue hinein. Foto: Hufner<\/figcaption><\/figure>\n<p>Da geht es um die Interpretation von Texten, da geht es um Vorw\u00fcrfe wie Zensur oder Kulturbarbarei, da geht es um die Hochschulautonomie etc. Vorweg: Darum geht es jetzt nicht. Der Austausch einer Wandbemalung gegen eine andere ist \u2013 jedenfalls gegenw\u00e4rtig \u2013 sicher keine Zensur im engeren Sinn. Sich daran aufzuh\u00e4ngen ist ein bisschen verr\u00fcckt.<\/p>\n<p>Was interessant ist, ist ja der Vorgang, der a) zur Begr\u00fcndung f\u00fchrte, ein Gedicht als unangenehm f\u00fcr die Betrachterinnen zu sehen (auch dar\u00fcber muss man nicht streiten, kann man aber) und b) der Prozess, der zur \u00c4nderung einer Wandgestaltung f\u00fchrte. Dieser wird n\u00e4mlich als Prozess der demokratischen Selbstbestimmung aufgefasst. Und nur darum geht es hier in dem Text.<\/p>\n<blockquote><p>&#8220;<b>Demokratisches Verfahren mit allen Hochschulangeh\u00f6rigen<\/b>&#8221;<br \/>\n[Quelle: <a href=\"https:\/\/www.ash-berlin.eu\/hochschule\/presse-und-newsroom\/news\/news\/alice-salomon-hochschule-berlin-entscheidet-sich-fuer-die-kunst-auf-ihrer-suedfassade-1\/\">Alice Salomon Hochschule Berlin entscheidet sich f\u00fcr die Kunst auf ihrer S\u00fcdfassade<\/a>]<\/p><\/blockquote>\n<p>Nach der grunds\u00e4tzlichen Entscheidung, die Fassade der Hochschule neu zu gestalten, wurden Wahlen veranstaltet, gekoppelt mit Vorschl\u00e4gen f\u00fcr die neue Wandgestaltung. Laut Pressemeldung der Alice Salomon Hochschule haben an diesem Vorgang<\/p>\n<blockquote><p>\u201eIn einer zweiw\u00f6chigen Online-Abstimmung im November 2017 gaben insgesamt 1433 von rund 4100 Hochschulangeh\u00f6rigen ihre Stimmen f\u00fcr einen von 21 eingereichten Vorschl\u00e4gen ab.\u201c<br \/>\n[Quelle: <a href=\"https:\/\/www.ash-berlin.eu\/hochschule\/presse-und-newsroom\/news\/news\/alice-salomon-hochschule-berlin-entscheidet-sich-fuer-die-kunst-auf-ihrer-suedfassade-1\/\">Alice Salomon Hochschule Berlin entscheidet sich f\u00fcr die Kunst auf ihrer S\u00fcdfassade<\/a>]<\/p><\/blockquote>\n<p>Mit anderen Worten, es kam zu einer Abstimmung an der \u2013 je nach Sichtweise \u2013 gerade oder immerhin knapp 35 Prozent der Hochschulangeh\u00f6rigen teilgenommen haben. Viel ist es f\u00fcr diejenigen, die sonstige Wahlentscheidungen an Hochschulen kennen. Wenig ist es relativ zur Gesamtzahl. Da bedeutet es, dass es f\u00fcr 65 Prozent der Hochschulangeh\u00f6rigen einfach nicht aktivierend genug war, sich dazu eine Meinung zu bilden. (Krankheiten etc. mal ausgenommen.) Grunds\u00e4tzlich ist das zwar schade aber nicht zu beanstanden. Wenn man von seiner Mitbestimmungsm\u00f6glichkeit keinen Gebrauch machen will, will man das eben nicht. Vielleicht aber auch war die Beteiligung nicht h\u00f6her, weil man argw\u00f6hnte, dass es eben keine genuin demokratische Entscheidung sein w\u00fcrde. (Spekulation!)<\/p>\n<p>Weiter hei\u00dft es:<\/p>\n<blockquote><p>\u201e\u00dcber die beiden Vorschl\u00e4ge mit den meisten Stimmen und \u00fcber einen \u2013 bewusst aus dem Diskussionsprozess heraus entwickelten \u2013 Vorschlag der Hochschulleitung wurde im Akademischen Senat ausf\u00fchrlich beraten.\u201c<br \/>\n[Quelle: <a href=\"https:\/\/www.ash-berlin.eu\/hochschule\/presse-und-newsroom\/news\/news\/alice-salomon-hochschule-berlin-entscheidet-sich-fuer-die-kunst-auf-ihrer-suedfassade-1\/\">Alice Salomon Hochschule Berlin entscheidet sich f\u00fcr die Kunst auf ihrer S\u00fcdfassade<\/a>]<\/p><\/blockquote>\n<p>Hier wird dann neben der Abstimmung \u00fcber Vorschl\u00e4ge noch \u00fcber einen zus\u00e4tzlichen nachgedacht, der aus einem \u201eDiskussionsprozess\u201c heraus entstand. Der aber wohl nicht zur Wahl stand. Und damit ist zur gleichen Zeit der demokratische Prozess \u201eerg\u00e4nzt\u201c worden. Das ist zumindest eigenartig.<\/p>\n<blockquote><p>\u201eDie meisten Stimmen im Wettbewerb erhielten ein Zitat der Gr\u00fcnderin Alice Salomon mit 215 Stimmen sowie ein Gedicht der Diplom-P\u00e4dagogin, Dichterin und Mitbegr\u00fcnderin der afro-deutschen Bewegung May Ayim, die bis 1996 Lehrbeauftragte und Studienberaterin der ASH Berlin war, mit 150 Stimmen.\u201c<br \/>\n[Quelle: <a href=\"https:\/\/www.ash-berlin.eu\/hochschule\/presse-und-newsroom\/news\/news\/alice-salomon-hochschule-berlin-entscheidet-sich-fuer-die-kunst-auf-ihrer-suedfassade-1\/\">Alice Salomon Hochschule Berlin entscheidet sich f\u00fcr die Kunst auf ihrer S\u00fcdfassade<\/a>]<\/p><\/blockquote>\n<p>Der Vorschlag mit der h\u00f6chsten Zustimmung war dann der mit dem Zitat der Gr\u00fcnderin Alice Salomons. 215 Stimmen! 215 Stimmen sind gemessen an der Anzahl der Teilnehmer der Wahl 15 Prozent. Oder an der Gesamtanzahl der Abstimmungsberechtigten 5,24 Prozent. Auch das kann, je nach Sichtweise, als eindeutig aufgefasst werden oder als niederschmetternd wenig. Nicht \u00f6ffentlich bekannt geworden sind die Ergebnisse im Detail.<\/p>\n<p>Wie auch immer man das sehen mag: Eine Entscheidung fiel in dieser Form f\u00fcr das Anbringen eines Zitats von Alice Salomon. Aber die tats\u00e4chliche Entscheidung der Hochschule wurde eine andere. Diese konnte durch einen Kniff erreicht werden. Es gab n\u00e4mlich zwei \u2013 angeblich sich \u00e4hnelnde \u2013 Vorschl\u00e4ge, die die Idee der nebenher eingef\u00fchrten Idee der Hochschulleitung Rechnung trug, n\u00e4mlich wechselnd \u201edie Fassade f\u00fcr wechselnde Arbeiten von Poetikpreistr\u00e4ger_innen vorzusehen.\u201c<\/p>\n<blockquote><p>\u201eDer Vorschlag der Hochschulleitung griff die Herausforderung auf, die Barbara K\u00f6hler w\u00e4hrend der im November 2017 von der ASH Berlin gemeinsam mit dem Haus f\u00fcr Poesie veranstalteten Podiumsdiskussion formulierte: die Freiheit der Kunst neben den Wettbewerb zu stellen und die Fassade f\u00fcr wechselnde Arbeiten von Poetikpreistr\u00e4ger_innen vorzusehen. Auch f\u00fcr den Wettbewerb waren zwei Ideen eingereicht worden, die \u2013 in unterschiedlichen Ausf\u00fchrungen \u2013 daf\u00fcr standen, dass auf der Fassade in Zukunft weiterhin wechselnde Arbeiten von Poetikpreistr\u00e4ger_innen zu sehen sein k\u00f6nnen. Auf diese beiden Vorschl\u00e4ge kamen insgesamt 217 Stimmen.\u201c<br \/>\n[Quelle: <a href=\"https:\/\/www.ash-berlin.eu\/hochschule\/presse-und-newsroom\/news\/news\/alice-salomon-hochschule-berlin-entscheidet-sich-fuer-die-kunst-auf-ihrer-suedfassade-1\/\">Alice Salomon Hochschule Berlin entscheidet sich f\u00fcr die Kunst auf ihrer S\u00fcdfassade<\/a>]<\/p><\/blockquote>\n<div id=\"ez-toc-container\" class=\"ez-toc-v2_0_82_2 ez-toc-wrap-center counter-hierarchy ez-toc-counter ez-toc-light-blue ez-toc-container-direction\">\n<div class=\"ez-toc-title-container\">\n<p class=\"ez-toc-title\" style=\"cursor:inherit\">Inhalt<\/p>\n<span class=\"ez-toc-title-toggle\"><a href=\"#\" class=\"ez-toc-pull-right ez-toc-btn ez-toc-btn-xs ez-toc-btn-default ez-toc-toggle\" aria-label=\"Toggle Table of Content\"><span class=\"ez-toc-js-icon-con\"><span class=\"\"><span class=\"eztoc-hide\" style=\"display:none;\">Toggle<\/span><span class=\"ez-toc-icon-toggle-span\"><svg style=\"fill: #999;color:#999\" xmlns=\"http:\/\/www.w3.org\/2000\/svg\" class=\"list-377408\" width=\"20px\" height=\"20px\" viewBox=\"0 0 24 24\" fill=\"none\"><path d=\"M6 6H4v2h2V6zm14 0H8v2h12V6zM4 11h2v2H4v-2zm16 0H8v2h12v-2zM4 16h2v2H4v-2zm16 0H8v2h12v-2z\" fill=\"currentColor\"><\/path><\/svg><svg style=\"fill: #999;color:#999\" class=\"arrow-unsorted-368013\" xmlns=\"http:\/\/www.w3.org\/2000\/svg\" width=\"10px\" height=\"10px\" viewBox=\"0 0 24 24\" version=\"1.2\" baseProfile=\"tiny\"><path d=\"M18.2 9.3l-6.2-6.3-6.2 6.3c-.2.2-.3.4-.3.7s.1.5.3.7c.2.2.4.3.7.3h11c.3 0 .5-.1.7-.3.2-.2.3-.5.3-.7s-.1-.5-.3-.7zM5.8 14.7l6.2 6.3 6.2-6.3c.2-.2.3-.5.3-.7s-.1-.5-.3-.7c-.2-.2-.4-.3-.7-.3h-11c-.3 0-.5.1-.7.3-.2.2-.3.5-.3.7s.1.5.3.7z\"\/><\/svg><\/span><\/span><\/span><\/a><\/span><\/div>\n<nav><ul class='ez-toc-list ez-toc-list-level-1 ' ><li class='ez-toc-page-1 ez-toc-heading-level-2'><a class=\"ez-toc-link ez-toc-heading-1\" href=\"https:\/\/www.kritische-masse.de\/logbuch\/2018\/01\/kunst-in-den-grenzen-der-demokratie-von-2018\/#Flaschenhals-Demokratie\" >Flaschenhals-Demokratie<\/a><\/li><li class='ez-toc-page-1 ez-toc-heading-level-2'><a class=\"ez-toc-link ez-toc-heading-2\" href=\"https:\/\/www.kritische-masse.de\/logbuch\/2018\/01\/kunst-in-den-grenzen-der-demokratie-von-2018\/#Die_Angst_vor_der_%E2%80%9CEmpoerungsmaschine%E2%80%9D_Stefan_Niggemeier\" >Die Angst vor der &#8220;Emp\u00f6rungsmaschine&#8221;\n(Stefan Niggemeier)<\/a><\/li><\/ul><\/nav><\/div>\n<h2><span class=\"ez-toc-section\" id=\"Flaschenhals-Demokratie\"><\/span>Flaschenhals-Demokratie<span class=\"ez-toc-section-end\"><\/span><\/h2>\n<p>Die tats\u00e4chliche Entscheidung der Hochschule ist also eine Konstruktion. Entschieden haben auch nicht die Hochschulangeh\u00f6rigen, sondern am Ende der akademische Senat der Hochschule. Der ganze Wahlvorgang hatte damit nur Vorschlagscharakter, damit der akademische Senat \u00fcber zwei \/ drei Alternativen entscheiden konnte. Wollte man es ann\u00e4hernd demokratisch regeln und die Regelverletzung der Kumulation von verschiedenen Vorschl\u00e4gen zu einem immerhin hinnehmen, w\u00e4re der Fortgang eigentlich gewesen, \u00fcber die zwei Alternativen erneut abstimmen zu lassen.<\/p>\n<p>Auch repr\u00e4sentiert der <a href=\"http:\/\/www.asta.asfh-berlin.de\/attachments\/article\/35\/2014-11-11%20ASHOrganigramm1_bw.pdf\">akademische Senat<\/a> der Alice-Salomon-Hochschule keinesfalls die Verh\u00e4ltnisse der Hochschulangeh\u00f6rigen nach Proportion: Von 13 Mitgliedern sind nur zwei Studentinnenvertreterinnen. Die Profs, das hat sich wahrscheinlich noch nie ge\u00e4ndert, stellen in jedem Fall die Mehrheit (also sieben).<\/p>\n<p>Genommen wurde also ein konstruierter Vorschlag, der bei 5,3 Prozent der Hochschulangeh\u00f6rigen und 15,1 Prozent der W\u00e4hlenden Zustimmung fand. Dabei ist in der Tat nicht einmal entschieden worden, was da nun zuk\u00fcnftig tats\u00e4chlich stehen wird \u2013 an dieser Fassade. Eine Wahl ins Blaue hinein. Geht so Demokratie? Geht so Transparenz (Wahlergebnisse, Senatsentscheidungen)? Offenbar: ja.<\/p>\n<h2>Die Angst vor der &#8220;<a href=\"https:\/\/twitter.com\/niggi\/status\/958239774946586625\">Emp\u00f6rungsmaschine<\/a>&#8221;<br \/>\n(Stefan Niggemeier)<\/h2>\n<p>Wenn jetzt beispielsweise Stefan Niggemeier twittert:<\/p>\n<div class=\"oceanwp-oembed-wrap clr\">\n<div class=\"embed-twitter\">\n<blockquote class=\"twitter-tweet\" data-width=\"550\" data-dnt=\"true\">\n<p lang=\"de\" dir=\"ltr\">\u201eZensur\u201c? \u201eTugendterrorismus\u201c? Eine Hochschule entscheidet sich, ein Kunstwerk am Bau durch andere zu ersetzen &#8211; und eine gewaltige Emp\u00f6rungsmaschine springt an: <a href=\"https:\/\/t.co\/dcOJ68biJG\">https:\/\/t.co\/dcOJ68biJG<\/a><\/p>\n<p>&mdash; Stefan Niggemeier (@niggi) <a href=\"https:\/\/twitter.com\/niggi\/status\/958239774946586625?ref_src=twsrc%5Etfw\">January 30, 2018<\/a><\/p><\/blockquote>\n<p><script async src=\"https:\/\/platform.twitter.com\/widgets.js\" charset=\"utf-8\"><\/script><\/div>\n<\/div>\n<p>Sprich: \u201e<strong>Eine Hochschule entscheidet sich<\/strong>, ein Kunstwerk am Bau durch andere zu ersetzen &#8211; und <strong>eine gewaltige Emp\u00f6rungsmaschine<\/strong> springt an:\u201c<\/p>\n<p>so wirkt das etwas verquer. Mag sein, dass Niggemeier auch nur auf den Text in der Zeit verweisen will und das nicht als eigenen Kommentar auffasst. Aber die Frage, ob hier eine \u201eEmp\u00f6rungsmaschine\u201c anspringt, oder ob sich hier eine wie auch immer erhitzte Diskussion entz\u00fcndet, muss man schon stellen.<\/p>\n<p>In den letzten Jahren gab es im gro\u00dfen weltpolitischen Rahmen einige Entscheidungen, die \u201edemokratisch\u201c legitimiert worden sind; mehr oder minder klar \u2013 es h\u00e4ngt ja auch von Wahlsystemen ab. Die Wahl des aktuellen amerikanischen Pr\u00e4sidenten war so eine, die Brexit-Entscheidung in Gro\u00dfbritannien war auch so eine. Beide zudem knapp. Beide, so muss man auch sehen, nicht mit Mitteln n\u00f6tiger Aufkl\u00e4rung derjenigen, die da gew\u00e4hlt haben. In jedem Fall st\u00fcnde es einem auch in den F\u00e4llen Brexit oder Trump nicht zu, sich dar\u00fcber zu beklagen ohne Bestandteil einer \u201eEmp\u00f6rungsmaschine\u201c zu werden.<\/p>\n<p>Man kann es auch so sagen: Es gibt auch eine bestimmte Form von demokratischer Diktatur. Ich denke mal, die Entscheidung der ASH als eine demokratisch legitimierte darzustellen, geht fehl. Egal, ob es sich um die Fassadengestaltung handelt oder andere von und in der Hochschule zu entscheidenden Aktivit\u00e4ten.<\/p>\n<p>Nur mal so eingeworfen.<\/p>\n<div class=\"shariff shariff-align-left shariff-widget-align-left\"><ul class=\"shariff-buttons theme-white orientation-horizontal buttonsize-small\"><li class=\"shariff-button mastodon shariff-nocustomcolor\" style=\"background-color:#563ACC\"><a href=\"https:\/\/s2f.kytta.dev\/?text=Kunst%20in%20den%20Grenzen%20der%20%E2%80%9EDemokratie%E2%80%9C%20von%202018 https%3A%2F%2Fwww.kritische-masse.de%2Flogbuch%2F2018%2F01%2Fkunst-in-den-grenzen-der-demokratie-von-2018%2F\" title=\"Bei Mastodon teilen\" aria-label=\"Bei Mastodon teilen\" role=\"button\" rel=\"noopener nofollow\" class=\"shariff-link\" style=\"; background-color:#6364FF; color:#6364FF\" target=\"_blank\"><span class=\"shariff-icon\" style=\"fill:#6364FF\"><svg width=\"75\" height=\"79\" viewBox=\"0 0 75 79\" fill=\"none\" xmlns=\"http:\/\/www.w3.org\/2000\/svg\"><path d=\"M37.813-.025C32.462-.058 27.114.13 21.79.598c-8.544.621-17.214 5.58-20.203 13.931C-1.12 23.318.408 32.622.465 41.65c.375 7.316.943 14.78 3.392 21.73 4.365 9.465 14.781 14.537 24.782 15.385 7.64.698 15.761-.213 22.517-4.026a54.1 54.1 0 0 0 .01-6.232c-6.855 1.316-14.101 2.609-21.049 1.074-3.883-.88-6.876-4.237-7.25-8.215-1.53-3.988 3.78-.43 5.584-.883 9.048 1.224 18.282.776 27.303-.462 7.044-.837 14.26-4.788 16.65-11.833 2.263-6.135 1.215-12.79 1.698-19.177.06-3.84.09-7.692-.262-11.52C72.596 7.844 63.223.981 53.834.684a219.453 219.453 0 0 0-16.022-.71zm11.294 12.882c5.5-.067 10.801 4.143 11.67 9.653.338 1.48.471 3 .471 4.515v21.088h-8.357c-.07-7.588.153-15.182-.131-22.765-.587-4.368-7.04-5.747-9.672-2.397-2.422 3.04-1.47 7.155-1.67 10.735v6.392h-8.307c-.146-4.996.359-10.045-.404-15.002-1.108-4.218-7.809-5.565-10.094-1.666-1.685 3.046-.712 6.634-.976 9.936v14.767h-8.354c.109-8.165-.238-16.344.215-24.5.674-5.346 5.095-10.389 10.676-10.627 4.902-.739 10.103 2.038 12.053 6.631.375 1.435 1.76 1.932 1.994.084 1.844-3.704 5.501-6.739 9.785-6.771.367-.044.735-.068 1.101-.073z\"\/><defs><linearGradient id=\"paint0_linear_549_34\" x1=\"37.0692\" y1=\"0\" x2=\"37.0692\" y2=\"79\" gradientUnits=\"userSpaceOnUse\"><stop stop-color=\"#6364FF\"\/><stop offset=\"1\" stop-color=\"#563ACC\"\/><\/linearGradient><\/defs><\/svg><\/span><span class=\"shariff-text\" style=\"color:#6364FF\">teilen<\/span>&nbsp;<\/a><\/li><li class=\"shariff-button bluesky shariff-nocustomcolor\" style=\"background-color:#84c4ff\"><a href=\"https:\/\/bsky.app\/intent\/compose?text=Kunst%20in%20den%20Grenzen%20der%20%E2%80%9EDemokratie%E2%80%9C%20von%202018 https%3A%2F%2Fwww.kritische-masse.de%2Flogbuch%2F2018%2F01%2Fkunst-in-den-grenzen-der-demokratie-von-2018%2F \" title=\"Bei Bluesky teilen\" aria-label=\"Bei Bluesky teilen\" role=\"button\" rel=\"noopener nofollow\" class=\"shariff-link\" style=\"; background-color:#0085ff; color:#0085ff\" target=\"_blank\"><span class=\"shariff-icon\" style=\"fill:#0085ff\"><svg width=\"20\" height=\"20\" version=\"1.1\" xmlns=\"http:\/\/www.w3.org\/2000\/svg\" viewBox=\"0 0 20 20\"><path class=\"st0\" d=\"M4.89,3.12c2.07,1.55,4.3,4.71,5.11,6.4.82-1.69,3.04-4.84,5.11-6.4,1.49-1.12,3.91-1.99,3.91.77,0,.55-.32,4.63-.5,5.3-.64,2.3-2.99,2.89-5.08,2.54,3.65.62,4.58,2.68,2.57,4.74-3.81,3.91-5.48-.98-5.9-2.23-.08-.23-.11-.34-.12-.25,0-.09-.04.02-.12.25-.43,1.25-2.09,6.14-5.9,2.23-2.01-2.06-1.08-4.12,2.57-4.74-2.09.36-4.44-.23-5.08-2.54-.19-.66-.5-4.74-.5-5.3,0-2.76,2.42-1.89,3.91-.77h0Z\"\/><\/svg><\/span><span class=\"shariff-text\" style=\"color:#0085ff\">teilen<\/span>&nbsp;<\/a><\/li><li class=\"shariff-button threema shariff-nocustomcolor shariff-mobile\" style=\"background-color:#4fbc24\"><a href=\"threema:\/\/compose?text=Kunst%20in%20den%20Grenzen%20der%20%E2%80%9EDemokratie%E2%80%9C%20von%202018%20https%3A%2F%2Fwww.kritische-masse.de%2Flogbuch%2F2018%2F01%2Fkunst-in-den-grenzen-der-demokratie-von-2018%2F\" title=\"Bei Threema teilen\" aria-label=\"Bei Threema teilen\" role=\"button\" rel=\"noopener nofollow\" class=\"shariff-link\" style=\"; background-color:#1f1f1f; color:#1f1f1f\" target=\"_blank\"><span class=\"shariff-icon\" style=\"fill:#1f1f1f\"><svg width=\"32px\" height=\"20px\" xmlns=\"http:\/\/www.w3.org\/2000\/svg\" viewBox=\"0 0 32 32\"><path fill=\"#1f1f1f\" d=\"M30.8 10.9c-0.3-1.4-0.9-2.6-1.8-3.8-2-2.6-5.5-4.5-9.4-5.2-1.3-0.2-1.9-0.3-3.5-0.3s-2.2 0-3.5 0.3c-4 0.7-7.4 2.6-9.4 5.2-0.9 1.2-1.5 2.4-1.8 3.8-0.1 0.5-0.2 1.2-0.2 1.6 0 0.4 0.1 1.1 0.2 1.6 0.4 1.9 1.3 3.4 2.9 5 0.8 0.8 0.8 0.8 0.7 1.3 0 0.6-0.5 1.6-1.7 3.6-0.3 0.5-0.5 0.9-0.5 0.9 0 0.1 0.1 0.1 0.5 0 0.8-0.2 2.3-0.6 5.6-1.6 1.1-0.3 1.3-0.4 2.3-0.4 0.8 0 1.1 0 2.3 0.2 1.5 0.2 3.5 0.2 4.9 0 5.1-0.6 9.3-2.9 11.4-6.3 0.5-0.9 0.9-1.8 1.1-2.8 0.1-0.5 0.2-1.1 0.2-1.6 0-0.7-0.1-1.1-0.2-1.6-0.3-1.4 0.1 0.5 0 0zM20.6 17.3c0 0.4-0.4 0.8-0.8 0.8h-7.7c-0.4 0-0.8-0.4-0.8-0.8v-4.6c0-0.4 0.4-0.8 0.8-0.8h0.2l0-1.6c0-0.9 0-1.8 0.1-2 0.1-0.6 0.6-1.2 1.1-1.7s1.1-0.7 1.9-0.8c1.8-0.3 3.7 0.7 4.2 2.2 0.1 0.3 0.1 0.7 0.1 2.1v0 1.7h0.1c0.4 0 0.8 0.4 0.8 0.8v4.6zM15.6 7.3c-0.5 0.1-0.8 0.3-1.2 0.6s-0.6 0.8-0.7 1.3c0 0.2 0 0.8 0 1.5l0 1.2h4.6v-1.3c0-1 0-1.4-0.1-1.6-0.3-1.1-1.5-1.9-2.6-1.7zM25.8 28.2c0 1.2-1 2.2-2.1 2.2s-2.1-1-2.1-2.1c0-1.2 1-2.1 2.2-2.1s2.2 1 2.2 2.2zM18.1 28.2c0 1.2-1 2.2-2.1 2.2s-2.1-1-2.1-2.1c0-1.2 1-2.1 2.2-2.1s2.2 1 2.2 2.2zM10.4 28.2c0 1.2-1 2.2-2.1 2.2s-2.1-1-2.1-2.1c0-1.2 1-2.1 2.2-2.1s2.2 1 2.2 2.2z\"\/><\/svg><\/span><span class=\"shariff-text\" style=\"color:#1f1f1f\">teilen<\/span>&nbsp;<\/a><\/li><li class=\"shariff-button facebook shariff-nocustomcolor\" style=\"background-color:#4273c8\"><a href=\"https:\/\/www.facebook.com\/sharer\/sharer.php?u=https%3A%2F%2Fwww.kritische-masse.de%2Flogbuch%2F2018%2F01%2Fkunst-in-den-grenzen-der-demokratie-von-2018%2F\" title=\"Bei Facebook teilen\" aria-label=\"Bei Facebook teilen\" role=\"button\" rel=\"nofollow\" class=\"shariff-link\" style=\"; background-color:#3b5998; color:#3b5998\" target=\"_blank\"><span class=\"shariff-icon\" style=\"fill:#3b5998\"><svg width=\"32px\" height=\"20px\" xmlns=\"http:\/\/www.w3.org\/2000\/svg\" viewBox=\"0 0 18 32\"><path fill=\"#3b5998\" d=\"M17.1 0.2v4.7h-2.8q-1.5 0-2.1 0.6t-0.5 1.9v3.4h5.2l-0.7 5.3h-4.5v13.6h-5.5v-13.6h-4.5v-5.3h4.5v-3.9q0-3.3 1.9-5.2t5-1.8q2.6 0 4.1 0.2z\"\/><\/svg><\/span><span class=\"shariff-text\" style=\"color:#3b5998\">teilen<\/span>&nbsp;<\/a><\/li><li class=\"shariff-button info shariff-nocustomcolor\" style=\"background-color:#a8a8a8\"><a href=\"http:\/\/ct.de\/-2467514\" title=\"Weitere Informationen\" aria-label=\"Weitere Informationen\" role=\"button\" rel=\"noopener \" class=\"shariff-link\" style=\"; background-color:#999; color:#999\" target=\"_blank\"><span class=\"shariff-icon\" style=\"fill:#999\"><svg width=\"32px\" height=\"20px\" xmlns=\"http:\/\/www.w3.org\/2000\/svg\" viewBox=\"0 0 11 32\"><path fill=\"#999\" d=\"M11.4 24v2.3q0 0.5-0.3 0.8t-0.8 0.4h-9.1q-0.5 0-0.8-0.4t-0.4-0.8v-2.3q0-0.5 0.4-0.8t0.8-0.4h1.1v-6.8h-1.1q-0.5 0-0.8-0.4t-0.4-0.8v-2.3q0-0.5 0.4-0.8t0.8-0.4h6.8q0.5 0 0.8 0.4t0.4 0.8v10.3h1.1q0.5 0 0.8 0.4t0.3 0.8zM9.2 3.4v3.4q0 0.5-0.4 0.8t-0.8 0.4h-4.6q-0.4 0-0.8-0.4t-0.4-0.8v-3.4q0-0.4 0.4-0.8t0.8-0.4h4.6q0.5 0 0.8 0.4t0.4 0.8z\"\/><\/svg><\/span><\/a><\/li><\/ul><\/div>","protected":false},"excerpt":{"rendered":"<p>Es ist schon alles zur Debatte um die Bemalung einer Hochschulwand in Berlin gesagt worden. K\u00f6nnte man denken. Denn es gibt zahlreiche Kommentare, Polemiken, Diskussionen zur Verwendung eines Gedichts von Eugen Gomringer im \u00f6ffentlichen Raum. Da geht es um die Interpretation von Texten, da geht es um Vorw\u00fcrfe wie Zensur oder Kulturbarbarei, da geht es [&hellip;]<\/p>\n<div class=\"shariff shariff-align-left shariff-widget-align-left\"><ul class=\"shariff-buttons theme-white orientation-horizontal buttonsize-small\"><li class=\"shariff-button mastodon shariff-nocustomcolor\" style=\"background-color:#563ACC\"><a href=\"https:\/\/s2f.kytta.dev\/?text=Kunst%20in%20den%20Grenzen%20der%20%E2%80%9EDemokratie%E2%80%9C%20von%202018 https%3A%2F%2Fwww.kritische-masse.de%2Flogbuch%2F2018%2F01%2Fkunst-in-den-grenzen-der-demokratie-von-2018%2F\" title=\"Bei Mastodon teilen\" aria-label=\"Bei Mastodon teilen\" role=\"button\" rel=\"noopener nofollow\" class=\"shariff-link\" style=\"; background-color:#6364FF; color:#6364FF\" target=\"_blank\"><span class=\"shariff-icon\" style=\"fill:#6364FF\"><svg width=\"75\" height=\"79\" viewBox=\"0 0 75 79\" fill=\"none\" xmlns=\"http:\/\/www.w3.org\/2000\/svg\"><path d=\"M37.813-.025C32.462-.058 27.114.13 21.79.598c-8.544.621-17.214 5.58-20.203 13.931C-1.12 23.318.408 32.622.465 41.65c.375 7.316.943 14.78 3.392 21.73 4.365 9.465 14.781 14.537 24.782 15.385 7.64.698 15.761-.213 22.517-4.026a54.1 54.1 0 0 0 .01-6.232c-6.855 1.316-14.101 2.609-21.049 1.074-3.883-.88-6.876-4.237-7.25-8.215-1.53-3.988 3.78-.43 5.584-.883 9.048 1.224 18.282.776 27.303-.462 7.044-.837 14.26-4.788 16.65-11.833 2.263-6.135 1.215-12.79 1.698-19.177.06-3.84.09-7.692-.262-11.52C72.596 7.844 63.223.981 53.834.684a219.453 219.453 0 0 0-16.022-.71zm11.294 12.882c5.5-.067 10.801 4.143 11.67 9.653.338 1.48.471 3 .471 4.515v21.088h-8.357c-.07-7.588.153-15.182-.131-22.765-.587-4.368-7.04-5.747-9.672-2.397-2.422 3.04-1.47 7.155-1.67 10.735v6.392h-8.307c-.146-4.996.359-10.045-.404-15.002-1.108-4.218-7.809-5.565-10.094-1.666-1.685 3.046-.712 6.634-.976 9.936v14.767h-8.354c.109-8.165-.238-16.344.215-24.5.674-5.346 5.095-10.389 10.676-10.627 4.902-.739 10.103 2.038 12.053 6.631.375 1.435 1.76 1.932 1.994.084 1.844-3.704 5.501-6.739 9.785-6.771.367-.044.735-.068 1.101-.073z\"\/><defs><linearGradient id=\"paint0_linear_549_34\" x1=\"37.0692\" y1=\"0\" x2=\"37.0692\" y2=\"79\" gradientUnits=\"userSpaceOnUse\"><stop stop-color=\"#6364FF\"\/><stop offset=\"1\" stop-color=\"#563ACC\"\/><\/linearGradient><\/defs><\/svg><\/span><span class=\"shariff-text\" style=\"color:#6364FF\">teilen<\/span>&nbsp;<\/a><\/li><li class=\"shariff-button bluesky shariff-nocustomcolor\" style=\"background-color:#84c4ff\"><a href=\"https:\/\/bsky.app\/intent\/compose?text=Kunst%20in%20den%20Grenzen%20der%20%E2%80%9EDemokratie%E2%80%9C%20von%202018 https%3A%2F%2Fwww.kritische-masse.de%2Flogbuch%2F2018%2F01%2Fkunst-in-den-grenzen-der-demokratie-von-2018%2F \" title=\"Bei Bluesky teilen\" aria-label=\"Bei Bluesky teilen\" role=\"button\" rel=\"noopener nofollow\" class=\"shariff-link\" style=\"; background-color:#0085ff; color:#0085ff\" target=\"_blank\"><span class=\"shariff-icon\" style=\"fill:#0085ff\"><svg width=\"20\" height=\"20\" version=\"1.1\" xmlns=\"http:\/\/www.w3.org\/2000\/svg\" viewBox=\"0 0 20 20\"><path class=\"st0\" d=\"M4.89,3.12c2.07,1.55,4.3,4.71,5.11,6.4.82-1.69,3.04-4.84,5.11-6.4,1.49-1.12,3.91-1.99,3.91.77,0,.55-.32,4.63-.5,5.3-.64,2.3-2.99,2.89-5.08,2.54,3.65.62,4.58,2.68,2.57,4.74-3.81,3.91-5.48-.98-5.9-2.23-.08-.23-.11-.34-.12-.25,0-.09-.04.02-.12.25-.43,1.25-2.09,6.14-5.9,2.23-2.01-2.06-1.08-4.12,2.57-4.74-2.09.36-4.44-.23-5.08-2.54-.19-.66-.5-4.74-.5-5.3,0-2.76,2.42-1.89,3.91-.77h0Z\"\/><\/svg><\/span><span class=\"shariff-text\" style=\"color:#0085ff\">teilen<\/span>&nbsp;<\/a><\/li><li class=\"shariff-button threema shariff-nocustomcolor shariff-mobile\" style=\"background-color:#4fbc24\"><a href=\"threema:\/\/compose?text=Kunst%20in%20den%20Grenzen%20der%20%E2%80%9EDemokratie%E2%80%9C%20von%202018%20https%3A%2F%2Fwww.kritische-masse.de%2Flogbuch%2F2018%2F01%2Fkunst-in-den-grenzen-der-demokratie-von-2018%2F\" title=\"Bei Threema teilen\" aria-label=\"Bei Threema teilen\" role=\"button\" rel=\"noopener nofollow\" class=\"shariff-link\" style=\"; background-color:#1f1f1f; color:#1f1f1f\" target=\"_blank\"><span class=\"shariff-icon\" style=\"fill:#1f1f1f\"><svg width=\"32px\" height=\"20px\" xmlns=\"http:\/\/www.w3.org\/2000\/svg\" viewBox=\"0 0 32 32\"><path fill=\"#1f1f1f\" d=\"M30.8 10.9c-0.3-1.4-0.9-2.6-1.8-3.8-2-2.6-5.5-4.5-9.4-5.2-1.3-0.2-1.9-0.3-3.5-0.3s-2.2 0-3.5 0.3c-4 0.7-7.4 2.6-9.4 5.2-0.9 1.2-1.5 2.4-1.8 3.8-0.1 0.5-0.2 1.2-0.2 1.6 0 0.4 0.1 1.1 0.2 1.6 0.4 1.9 1.3 3.4 2.9 5 0.8 0.8 0.8 0.8 0.7 1.3 0 0.6-0.5 1.6-1.7 3.6-0.3 0.5-0.5 0.9-0.5 0.9 0 0.1 0.1 0.1 0.5 0 0.8-0.2 2.3-0.6 5.6-1.6 1.1-0.3 1.3-0.4 2.3-0.4 0.8 0 1.1 0 2.3 0.2 1.5 0.2 3.5 0.2 4.9 0 5.1-0.6 9.3-2.9 11.4-6.3 0.5-0.9 0.9-1.8 1.1-2.8 0.1-0.5 0.2-1.1 0.2-1.6 0-0.7-0.1-1.1-0.2-1.6-0.3-1.4 0.1 0.5 0 0zM20.6 17.3c0 0.4-0.4 0.8-0.8 0.8h-7.7c-0.4 0-0.8-0.4-0.8-0.8v-4.6c0-0.4 0.4-0.8 0.8-0.8h0.2l0-1.6c0-0.9 0-1.8 0.1-2 0.1-0.6 0.6-1.2 1.1-1.7s1.1-0.7 1.9-0.8c1.8-0.3 3.7 0.7 4.2 2.2 0.1 0.3 0.1 0.7 0.1 2.1v0 1.7h0.1c0.4 0 0.8 0.4 0.8 0.8v4.6zM15.6 7.3c-0.5 0.1-0.8 0.3-1.2 0.6s-0.6 0.8-0.7 1.3c0 0.2 0 0.8 0 1.5l0 1.2h4.6v-1.3c0-1 0-1.4-0.1-1.6-0.3-1.1-1.5-1.9-2.6-1.7zM25.8 28.2c0 1.2-1 2.2-2.1 2.2s-2.1-1-2.1-2.1c0-1.2 1-2.1 2.2-2.1s2.2 1 2.2 2.2zM18.1 28.2c0 1.2-1 2.2-2.1 2.2s-2.1-1-2.1-2.1c0-1.2 1-2.1 2.2-2.1s2.2 1 2.2 2.2zM10.4 28.2c0 1.2-1 2.2-2.1 2.2s-2.1-1-2.1-2.1c0-1.2 1-2.1 2.2-2.1s2.2 1 2.2 2.2z\"\/><\/svg><\/span><span class=\"shariff-text\" style=\"color:#1f1f1f\">teilen<\/span>&nbsp;<\/a><\/li><li class=\"shariff-button facebook shariff-nocustomcolor\" style=\"background-color:#4273c8\"><a href=\"https:\/\/www.facebook.com\/sharer\/sharer.php?u=https%3A%2F%2Fwww.kritische-masse.de%2Flogbuch%2F2018%2F01%2Fkunst-in-den-grenzen-der-demokratie-von-2018%2F\" title=\"Bei Facebook teilen\" aria-label=\"Bei Facebook teilen\" role=\"button\" rel=\"nofollow\" class=\"shariff-link\" style=\"; background-color:#3b5998; color:#3b5998\" target=\"_blank\"><span class=\"shariff-icon\" style=\"fill:#3b5998\"><svg width=\"32px\" height=\"20px\" xmlns=\"http:\/\/www.w3.org\/2000\/svg\" viewBox=\"0 0 18 32\"><path fill=\"#3b5998\" d=\"M17.1 0.2v4.7h-2.8q-1.5 0-2.1 0.6t-0.5 1.9v3.4h5.2l-0.7 5.3h-4.5v13.6h-5.5v-13.6h-4.5v-5.3h4.5v-3.9q0-3.3 1.9-5.2t5-1.8q2.6 0 4.1 0.2z\"\/><\/svg><\/span><span class=\"shariff-text\" style=\"color:#3b5998\">teilen<\/span>&nbsp;<\/a><\/li><li class=\"shariff-button info shariff-nocustomcolor\" style=\"background-color:#a8a8a8\"><a href=\"http:\/\/ct.de\/-2467514\" title=\"Weitere Informationen\" aria-label=\"Weitere Informationen\" role=\"button\" rel=\"noopener \" class=\"shariff-link\" style=\"; background-color:#999; color:#999\" target=\"_blank\"><span class=\"shariff-icon\" style=\"fill:#999\"><svg width=\"32px\" height=\"20px\" xmlns=\"http:\/\/www.w3.org\/2000\/svg\" viewBox=\"0 0 11 32\"><path fill=\"#999\" d=\"M11.4 24v2.3q0 0.5-0.3 0.8t-0.8 0.4h-9.1q-0.5 0-0.8-0.4t-0.4-0.8v-2.3q0-0.5 0.4-0.8t0.8-0.4h1.1v-6.8h-1.1q-0.5 0-0.8-0.4t-0.4-0.8v-2.3q0-0.5 0.4-0.8t0.8-0.4h6.8q0.5 0 0.8 0.4t0.4 0.8v10.3h1.1q0.5 0 0.8 0.4t0.3 0.8zM9.2 3.4v3.4q0 0.5-0.4 0.8t-0.8 0.4h-4.6q-0.4 0-0.8-0.4t-0.4-0.8v-3.4q0-0.4 0.4-0.8t0.8-0.4h4.6q0.5 0 0.8 0.4t0.4 0.8z\"\/><\/svg><\/span><\/a><\/li><\/ul><\/div>","protected":false},"author":1,"featured_media":819,"comment_status":"open","ping_status":"open","sticky":false,"template":"","format":"standard","meta":{"ocean_post_layout":"","ocean_both_sidebars_style":"","ocean_both_sidebars_content_width":0,"ocean_both_sidebars_sidebars_width":0,"ocean_sidebar":"","ocean_second_sidebar":"","ocean_disable_margins":"enable","ocean_add_body_class":"","ocean_shortcode_before_top_bar":"","ocean_shortcode_after_top_bar":"","ocean_shortcode_before_header":"","ocean_shortcode_after_header":"","ocean_has_shortcode":"","ocean_shortcode_after_title":"","ocean_shortcode_before_footer_widgets":"","ocean_shortcode_after_footer_widgets":"","ocean_shortcode_before_footer_bottom":"","ocean_shortcode_after_footer_bottom":"","ocean_display_top_bar":"default","ocean_display_header":"default","ocean_header_style":"","ocean_center_header_left_menu":"","ocean_custom_header_template":"","ocean_custom_logo":0,"ocean_custom_retina_logo":0,"ocean_custom_logo_max_width":0,"ocean_custom_logo_tablet_max_width":0,"ocean_custom_logo_mobile_max_width":0,"ocean_custom_logo_max_height":0,"ocean_custom_logo_tablet_max_height":0,"ocean_custom_logo_mobile_max_height":0,"ocean_header_custom_menu":"","ocean_menu_typo_font_family":"","ocean_menu_typo_font_subset":"","ocean_menu_typo_font_size":0,"ocean_menu_typo_font_size_tablet":0,"ocean_menu_typo_font_size_mobile":0,"ocean_menu_typo_font_size_unit":"px","ocean_menu_typo_font_weight":"","ocean_menu_typo_font_weight_tablet":"","ocean_menu_typo_font_weight_mobile":"","ocean_menu_typo_transform":"","ocean_menu_typo_transform_tablet":"","ocean_menu_typo_transform_mobile":"","ocean_menu_typo_line_height":0,"ocean_menu_typo_line_height_tablet":0,"ocean_menu_typo_line_height_mobile":0,"ocean_menu_typo_line_height_unit":"","ocean_menu_typo_spacing":0,"ocean_menu_typo_spacing_tablet":0,"ocean_menu_typo_spacing_mobile":0,"ocean_menu_typo_spacing_unit":"","ocean_menu_link_color":"","ocean_menu_link_color_hover":"","ocean_menu_link_color_active":"","ocean_menu_link_background":"","ocean_menu_link_hover_background":"","ocean_menu_link_active_background":"","ocean_menu_social_links_bg":"","ocean_menu_social_hover_links_bg":"","ocean_menu_social_links_color":"","ocean_menu_social_hover_links_color":"","ocean_disable_title":"default","ocean_disable_heading":"default","ocean_post_title":"","ocean_post_subheading":"","ocean_post_title_style":"","ocean_post_title_background_color":"","ocean_post_title_background":0,"ocean_post_title_bg_image_position":"","ocean_post_title_bg_image_attachment":"","ocean_post_title_bg_image_repeat":"","ocean_post_title_bg_image_size":"","ocean_post_title_height":0,"ocean_post_title_bg_overlay":0.5,"ocean_post_title_bg_overlay_color":"","ocean_disable_breadcrumbs":"default","ocean_breadcrumbs_color":"","ocean_breadcrumbs_separator_color":"","ocean_breadcrumbs_links_color":"","ocean_breadcrumbs_links_hover_color":"","ocean_display_footer_widgets":"default","ocean_display_footer_bottom":"default","ocean_custom_footer_template":"","osh_disable_topbar_sticky":"default","osh_disable_header_sticky":"default","osh_sticky_header_style":"default","osh_sticky_header_effect":"","osh_custom_sticky_logo":0,"osh_custom_retina_sticky_logo":0,"osh_custom_sticky_logo_height":0,"osh_background_color":"","osh_links_color":"","osh_links_hover_color":"","osh_links_active_color":"","osh_links_bg_color":"","osh_links_hover_bg_color":"","osh_links_active_bg_color":"","osh_menu_social_links_color":"","osh_menu_social_hover_links_color":"","_FSMCFIC_featured_image_caption":"","_FSMCFIC_featured_image_nocaption":"","_FSMCFIC_featured_image_hide":"","_metis_text_type":"standard","_metis_text_length":8074,"_post_count":0,"_jetpack_memberships_contains_paid_content":false,"activitypub_content_warning":"","activitypub_content_visibility":"","activitypub_max_image_attachments":4,"activitypub_interaction_policy_quote":"anyone","activitypub_status":"","ocean_post_oembed":"","ocean_post_self_hosted_media":"","ocean_post_video_embed":"","ocean_link_format":"","ocean_link_format_target":"self","ocean_quote_format":"","ocean_quote_format_link":"post","ocean_gallery_link_images":"on","ocean_gallery_id":[],"footnotes":"","jetpack_publicize_message":"#Kunst in den Grenzen der \u201e#Demokratie\u201c von 2018 - Hochschuldemokratie als Fata Morgana - #avenidas #gomringer","jetpack_publicize_feature_enabled":true,"jetpack_social_post_already_shared":true,"jetpack_social_options":{"image_generator_settings":{"template":"highway","default_image_id":0,"font":"","enabled":false},"version":2}},"categories":[4187,2861,2695,2648],"tags":[1915,3879,2469],"class_list":["post-8745","post","type-post","status-publish","format-standard","has-post-thumbnail","hentry","category-die-kommunikation","category-aesthetische_kunstfehler","category-die-kultur","category-dieurteilskraft","tag-demokratie","tag-eugen-gomringer","tag-kunst","entry","has-media"],"yoast_head":"<!-- This site is optimized with the Yoast SEO plugin v27.5 - https:\/\/yoast.com\/product\/yoast-seo-wordpress\/ -->\n<title>Kunst in den Grenzen der \u201eDemokratie\u201c von 2018 - Kritische Masse<\/title>\n<meta name=\"robots\" content=\"index, follow, max-snippet:-1, max-image-preview:large, max-video-preview:-1\" \/>\n<link rel=\"canonical\" href=\"https:\/\/www.kritische-masse.de\/logbuch\/2018\/01\/kunst-in-den-grenzen-der-demokratie-von-2018\/\" \/>\n<meta property=\"og:locale\" content=\"de_DE\" \/>\n<meta property=\"og:type\" content=\"article\" \/>\n<meta property=\"og:title\" content=\"Kunst in den Grenzen der \u201eDemokratie\u201c von 2018 - Kritische Masse\" \/>\n<meta property=\"og:description\" content=\"Es ist schon alles zur Debatte um die Bemalung einer Hochschulwand in Berlin gesagt worden. K\u00f6nnte man denken. Denn es gibt zahlreiche Kommentare, Polemiken, Diskussionen zur Verwendung eines Gedichts von Eugen Gomringer im \u00f6ffentlichen Raum. Da geht es um die Interpretation von Texten, da geht es um Vorw\u00fcrfe wie Zensur oder Kulturbarbarei, da geht es [&hellip;]\" \/>\n<meta property=\"og:url\" content=\"https:\/\/www.kritische-masse.de\/logbuch\/2018\/01\/kunst-in-den-grenzen-der-demokratie-von-2018\/\" \/>\n<meta property=\"og:site_name\" content=\"Kritische Masse\" \/>\n<meta property=\"article:publisher\" content=\"https:\/\/www.facebook.com\/hufner\" \/>\n<meta property=\"article:author\" content=\"https:\/\/www.facebook.com\/hufner\" \/>\n<meta property=\"article:published_time\" content=\"2018-01-30T10:51:30+00:00\" \/>\n<meta name=\"author\" content=\"der huflaikhan\" \/>\n<meta name=\"twitter:label1\" content=\"Verfasst von\" \/>\n\t<meta name=\"twitter:data1\" content=\"der huflaikhan\" \/>\n\t<meta name=\"twitter:label2\" content=\"Gesch\u00e4tzte Lesezeit\" \/>\n\t<meta name=\"twitter:data2\" content=\"6\u00a0Minuten\" \/>\n<script type=\"application\/ld+json\" class=\"yoast-schema-graph\">{\"@context\":\"https:\\\/\\\/schema.org\",\"@graph\":[{\"@type\":\"Article\",\"@id\":\"https:\\\/\\\/www.kritische-masse.de\\\/logbuch\\\/2018\\\/01\\\/kunst-in-den-grenzen-der-demokratie-von-2018\\\/#article\",\"isPartOf\":{\"@id\":\"https:\\\/\\\/www.kritische-masse.de\\\/logbuch\\\/2018\\\/01\\\/kunst-in-den-grenzen-der-demokratie-von-2018\\\/\"},\"author\":{\"name\":\"der huflaikhan\",\"@id\":\"https:\\\/\\\/www.kritische-masse.de\\\/logbuch\\\/#\\\/schema\\\/person\\\/14c491f46504e7f6b79db161f76def1c\"},\"headline\":\"Kunst in den Grenzen der \u201eDemokratie\u201c von 2018\",\"datePublished\":\"2018-01-30T10:51:30+00:00\",\"mainEntityOfPage\":{\"@id\":\"https:\\\/\\\/www.kritische-masse.de\\\/logbuch\\\/2018\\\/01\\\/kunst-in-den-grenzen-der-demokratie-von-2018\\\/\"},\"wordCount\":1197,\"commentCount\":1,\"publisher\":{\"@id\":\"https:\\\/\\\/www.kritische-masse.de\\\/logbuch\\\/#\\\/schema\\\/person\\\/14c491f46504e7f6b79db161f76def1c\"},\"image\":{\"@id\":\"https:\\\/\\\/www.kritische-masse.de\\\/logbuch\\\/2018\\\/01\\\/kunst-in-den-grenzen-der-demokratie-von-2018\\\/#primaryimage\"},\"thumbnailUrl\":\"\",\"keywords\":[\"Demokratie\",\"Eugen Gomringer\",\"Kunst\"],\"articleSection\":[\"die Kommunikation\",\"\u00c4sthetische Kunstfehler\",\"die Kultur\",\"die Urteilskraft\"],\"inLanguage\":\"de\",\"potentialAction\":[{\"@type\":\"CommentAction\",\"name\":\"Comment\",\"target\":[\"https:\\\/\\\/www.kritische-masse.de\\\/logbuch\\\/2018\\\/01\\\/kunst-in-den-grenzen-der-demokratie-von-2018\\\/#respond\"]}]},{\"@type\":\"WebPage\",\"@id\":\"https:\\\/\\\/www.kritische-masse.de\\\/logbuch\\\/2018\\\/01\\\/kunst-in-den-grenzen-der-demokratie-von-2018\\\/\",\"url\":\"https:\\\/\\\/www.kritische-masse.de\\\/logbuch\\\/2018\\\/01\\\/kunst-in-den-grenzen-der-demokratie-von-2018\\\/\",\"name\":\"Kunst in den Grenzen der \u201eDemokratie\u201c von 2018 - Kritische Masse\",\"isPartOf\":{\"@id\":\"https:\\\/\\\/www.kritische-masse.de\\\/logbuch\\\/#website\"},\"primaryImageOfPage\":{\"@id\":\"https:\\\/\\\/www.kritische-masse.de\\\/logbuch\\\/2018\\\/01\\\/kunst-in-den-grenzen-der-demokratie-von-2018\\\/#primaryimage\"},\"image\":{\"@id\":\"https:\\\/\\\/www.kritische-masse.de\\\/logbuch\\\/2018\\\/01\\\/kunst-in-den-grenzen-der-demokratie-von-2018\\\/#primaryimage\"},\"thumbnailUrl\":\"\",\"datePublished\":\"2018-01-30T10:51:30+00:00\",\"breadcrumb\":{\"@id\":\"https:\\\/\\\/www.kritische-masse.de\\\/logbuch\\\/2018\\\/01\\\/kunst-in-den-grenzen-der-demokratie-von-2018\\\/#breadcrumb\"},\"inLanguage\":\"de\",\"potentialAction\":[{\"@type\":\"ReadAction\",\"target\":[\"https:\\\/\\\/www.kritische-masse.de\\\/logbuch\\\/2018\\\/01\\\/kunst-in-den-grenzen-der-demokratie-von-2018\\\/\"]}]},{\"@type\":\"ImageObject\",\"inLanguage\":\"de\",\"@id\":\"https:\\\/\\\/www.kritische-masse.de\\\/logbuch\\\/2018\\\/01\\\/kunst-in-den-grenzen-der-demokratie-von-2018\\\/#primaryimage\",\"url\":\"\",\"contentUrl\":\"\"},{\"@type\":\"BreadcrumbList\",\"@id\":\"https:\\\/\\\/www.kritische-masse.de\\\/logbuch\\\/2018\\\/01\\\/kunst-in-den-grenzen-der-demokratie-von-2018\\\/#breadcrumb\",\"itemListElement\":[{\"@type\":\"ListItem\",\"position\":1,\"name\":\"Startseite\",\"item\":\"https:\\\/\\\/www.kritische-masse.de\\\/logbuch\\\/\"},{\"@type\":\"ListItem\",\"position\":2,\"name\":\"Kunst in den Grenzen der \u201eDemokratie\u201c von 2018\"}]},{\"@type\":\"WebSite\",\"@id\":\"https:\\\/\\\/www.kritische-masse.de\\\/logbuch\\\/#website\",\"url\":\"https:\\\/\\\/www.kritische-masse.de\\\/logbuch\\\/\",\"name\":\"kritische masse\",\"description\":\"amt f\u00fcr vermassungsschutz\",\"publisher\":{\"@id\":\"https:\\\/\\\/www.kritische-masse.de\\\/logbuch\\\/#\\\/schema\\\/person\\\/14c491f46504e7f6b79db161f76def1c\"},\"alternateName\":\"das logbuch der kritischen masse\",\"potentialAction\":[{\"@type\":\"SearchAction\",\"target\":{\"@type\":\"EntryPoint\",\"urlTemplate\":\"https:\\\/\\\/www.kritische-masse.de\\\/logbuch\\\/?s={search_term_string}\"},\"query-input\":{\"@type\":\"PropertyValueSpecification\",\"valueRequired\":true,\"valueName\":\"search_term_string\"}}],\"inLanguage\":\"de\"},{\"@type\":[\"Person\",\"Organization\"],\"@id\":\"https:\\\/\\\/www.kritische-masse.de\\\/logbuch\\\/#\\\/schema\\\/person\\\/14c491f46504e7f6b79db161f76def1c\",\"name\":\"der huflaikhan\",\"image\":{\"@type\":\"ImageObject\",\"inLanguage\":\"de\",\"@id\":\"https:\\\/\\\/www.kritische-masse.de\\\/logbuch\\\/wp-content\\\/uploads\\\/2024\\\/01\\\/cropped-kritischmasse_man_512.jpg\",\"url\":\"https:\\\/\\\/www.kritische-masse.de\\\/logbuch\\\/wp-content\\\/uploads\\\/2024\\\/01\\\/cropped-kritischmasse_man_512.jpg\",\"contentUrl\":\"https:\\\/\\\/www.kritische-masse.de\\\/logbuch\\\/wp-content\\\/uploads\\\/2024\\\/01\\\/cropped-kritischmasse_man_512.jpg\",\"width\":512,\"height\":512,\"caption\":\"der huflaikhan\"},\"logo\":{\"@id\":\"https:\\\/\\\/www.kritische-masse.de\\\/logbuch\\\/wp-content\\\/uploads\\\/2024\\\/01\\\/cropped-kritischmasse_man_512.jpg\"},\"description\":\"Betreiber der Kritischen Masse seit 1995. Seit 2023 Wiederaufnahme. Promotion mit einer Arbeit \u00fcber Adornos kompositorische und theoretische Auseinandersetzung mit der Zw\u00f6lftontechnik. Arbeit f\u00fcr den Bayerischen und den Mitteldeutschen Rundfunk als freier Autor und Regisseur \u2013 zumindest bis Ende 2015. Online-Redaktion f\u00fcr neue musikzeitung, Jazzzeitung und Oper &amp; Tanz. Ungl\u00fccklich, aber fast taub.\",\"sameAs\":[\"https:\\\/\\\/www.kritische-masse.de\\\/logbuch\\\/\",\"https:\\\/\\\/www.facebook.com\\\/hufner\"],\"url\":\"https:\\\/\\\/www.kritische-masse.de\\\/logbuch\\\/author\\\/martin_d1juqiu5\\\/\"}]}<\/script>\n<!-- \/ Yoast SEO plugin. -->","yoast_head_json":{"title":"Kunst in den Grenzen der \u201eDemokratie\u201c von 2018 - Kritische Masse","robots":{"index":"index","follow":"follow","max-snippet":"max-snippet:-1","max-image-preview":"max-image-preview:large","max-video-preview":"max-video-preview:-1"},"canonical":"https:\/\/www.kritische-masse.de\/logbuch\/2018\/01\/kunst-in-den-grenzen-der-demokratie-von-2018\/","og_locale":"de_DE","og_type":"article","og_title":"Kunst in den Grenzen der \u201eDemokratie\u201c von 2018 - Kritische Masse","og_description":"Es ist schon alles zur Debatte um die Bemalung einer Hochschulwand in Berlin gesagt worden. K\u00f6nnte man denken. Denn es gibt zahlreiche Kommentare, Polemiken, Diskussionen zur Verwendung eines Gedichts von Eugen Gomringer im \u00f6ffentlichen Raum. Da geht es um die Interpretation von Texten, da geht es um Vorw\u00fcrfe wie Zensur oder Kulturbarbarei, da geht es [&hellip;]","og_url":"https:\/\/www.kritische-masse.de\/logbuch\/2018\/01\/kunst-in-den-grenzen-der-demokratie-von-2018\/","og_site_name":"Kritische Masse","article_publisher":"https:\/\/www.facebook.com\/hufner","article_author":"https:\/\/www.facebook.com\/hufner","article_published_time":"2018-01-30T10:51:30+00:00","author":"der huflaikhan","twitter_misc":{"Verfasst von":"der huflaikhan","Gesch\u00e4tzte Lesezeit":"6\u00a0Minuten"},"schema":{"@context":"https:\/\/schema.org","@graph":[{"@type":"Article","@id":"https:\/\/www.kritische-masse.de\/logbuch\/2018\/01\/kunst-in-den-grenzen-der-demokratie-von-2018\/#article","isPartOf":{"@id":"https:\/\/www.kritische-masse.de\/logbuch\/2018\/01\/kunst-in-den-grenzen-der-demokratie-von-2018\/"},"author":{"name":"der huflaikhan","@id":"https:\/\/www.kritische-masse.de\/logbuch\/#\/schema\/person\/14c491f46504e7f6b79db161f76def1c"},"headline":"Kunst in den Grenzen der \u201eDemokratie\u201c von 2018","datePublished":"2018-01-30T10:51:30+00:00","mainEntityOfPage":{"@id":"https:\/\/www.kritische-masse.de\/logbuch\/2018\/01\/kunst-in-den-grenzen-der-demokratie-von-2018\/"},"wordCount":1197,"commentCount":1,"publisher":{"@id":"https:\/\/www.kritische-masse.de\/logbuch\/#\/schema\/person\/14c491f46504e7f6b79db161f76def1c"},"image":{"@id":"https:\/\/www.kritische-masse.de\/logbuch\/2018\/01\/kunst-in-den-grenzen-der-demokratie-von-2018\/#primaryimage"},"thumbnailUrl":"","keywords":["Demokratie","Eugen Gomringer","Kunst"],"articleSection":["die Kommunikation","\u00c4sthetische Kunstfehler","die Kultur","die Urteilskraft"],"inLanguage":"de","potentialAction":[{"@type":"CommentAction","name":"Comment","target":["https:\/\/www.kritische-masse.de\/logbuch\/2018\/01\/kunst-in-den-grenzen-der-demokratie-von-2018\/#respond"]}]},{"@type":"WebPage","@id":"https:\/\/www.kritische-masse.de\/logbuch\/2018\/01\/kunst-in-den-grenzen-der-demokratie-von-2018\/","url":"https:\/\/www.kritische-masse.de\/logbuch\/2018\/01\/kunst-in-den-grenzen-der-demokratie-von-2018\/","name":"Kunst in den Grenzen der \u201eDemokratie\u201c von 2018 - Kritische Masse","isPartOf":{"@id":"https:\/\/www.kritische-masse.de\/logbuch\/#website"},"primaryImageOfPage":{"@id":"https:\/\/www.kritische-masse.de\/logbuch\/2018\/01\/kunst-in-den-grenzen-der-demokratie-von-2018\/#primaryimage"},"image":{"@id":"https:\/\/www.kritische-masse.de\/logbuch\/2018\/01\/kunst-in-den-grenzen-der-demokratie-von-2018\/#primaryimage"},"thumbnailUrl":"","datePublished":"2018-01-30T10:51:30+00:00","breadcrumb":{"@id":"https:\/\/www.kritische-masse.de\/logbuch\/2018\/01\/kunst-in-den-grenzen-der-demokratie-von-2018\/#breadcrumb"},"inLanguage":"de","potentialAction":[{"@type":"ReadAction","target":["https:\/\/www.kritische-masse.de\/logbuch\/2018\/01\/kunst-in-den-grenzen-der-demokratie-von-2018\/"]}]},{"@type":"ImageObject","inLanguage":"de","@id":"https:\/\/www.kritische-masse.de\/logbuch\/2018\/01\/kunst-in-den-grenzen-der-demokratie-von-2018\/#primaryimage","url":"","contentUrl":""},{"@type":"BreadcrumbList","@id":"https:\/\/www.kritische-masse.de\/logbuch\/2018\/01\/kunst-in-den-grenzen-der-demokratie-von-2018\/#breadcrumb","itemListElement":[{"@type":"ListItem","position":1,"name":"Startseite","item":"https:\/\/www.kritische-masse.de\/logbuch\/"},{"@type":"ListItem","position":2,"name":"Kunst in den Grenzen der \u201eDemokratie\u201c von 2018"}]},{"@type":"WebSite","@id":"https:\/\/www.kritische-masse.de\/logbuch\/#website","url":"https:\/\/www.kritische-masse.de\/logbuch\/","name":"kritische masse","description":"amt f\u00fcr vermassungsschutz","publisher":{"@id":"https:\/\/www.kritische-masse.de\/logbuch\/#\/schema\/person\/14c491f46504e7f6b79db161f76def1c"},"alternateName":"das logbuch der kritischen masse","potentialAction":[{"@type":"SearchAction","target":{"@type":"EntryPoint","urlTemplate":"https:\/\/www.kritische-masse.de\/logbuch\/?s={search_term_string}"},"query-input":{"@type":"PropertyValueSpecification","valueRequired":true,"valueName":"search_term_string"}}],"inLanguage":"de"},{"@type":["Person","Organization"],"@id":"https:\/\/www.kritische-masse.de\/logbuch\/#\/schema\/person\/14c491f46504e7f6b79db161f76def1c","name":"der huflaikhan","image":{"@type":"ImageObject","inLanguage":"de","@id":"https:\/\/www.kritische-masse.de\/logbuch\/wp-content\/uploads\/2024\/01\/cropped-kritischmasse_man_512.jpg","url":"https:\/\/www.kritische-masse.de\/logbuch\/wp-content\/uploads\/2024\/01\/cropped-kritischmasse_man_512.jpg","contentUrl":"https:\/\/www.kritische-masse.de\/logbuch\/wp-content\/uploads\/2024\/01\/cropped-kritischmasse_man_512.jpg","width":512,"height":512,"caption":"der huflaikhan"},"logo":{"@id":"https:\/\/www.kritische-masse.de\/logbuch\/wp-content\/uploads\/2024\/01\/cropped-kritischmasse_man_512.jpg"},"description":"Betreiber der Kritischen Masse seit 1995. Seit 2023 Wiederaufnahme. Promotion mit einer Arbeit \u00fcber Adornos kompositorische und theoretische Auseinandersetzung mit der Zw\u00f6lftontechnik. Arbeit f\u00fcr den Bayerischen und den Mitteldeutschen Rundfunk als freier Autor und Regisseur \u2013 zumindest bis Ende 2015. Online-Redaktion f\u00fcr neue musikzeitung, Jazzzeitung und Oper &amp; Tanz. Ungl\u00fccklich, aber fast taub.","sameAs":["https:\/\/www.kritische-masse.de\/logbuch\/","https:\/\/www.facebook.com\/hufner"],"url":"https:\/\/www.kritische-masse.de\/logbuch\/author\/martin_d1juqiu5\/"}]}},"jetpack_publicize_connections":[],"jetpack_featured_media_url":"","categories_names":["die Kommunikation","\u00c4sthetische Kunstfehler","die Kultur","die Urteilskraft"],"post_class":[["post-8745","post","type-post","status-publish","format-standard","has-post-thumbnail","hentry","category-die-kommunikation","category-aesthetische_kunstfehler","category-die-kultur","category-dieurteilskraft","tag-demokratie","tag-eugen-gomringer","tag-kunst","entry","has-media"]],"author_avatar":["<img alt='' src='https:\/\/secure.gravatar.com\/avatar\/c23aee426d58e69f14ef471114d4cac215eec702ee1bc331e2a62ea77e96ed60?s=96&#038;d=blank&#038;r=g' srcset='https:\/\/secure.gravatar.com\/avatar\/c23aee426d58e69f14ef471114d4cac215eec702ee1bc331e2a62ea77e96ed60?s=192&#038;d=blank&#038;r=g 2x' class='avatar avatar-96 photo' height='96' width='96' loading='lazy' decoding='async'\/>"],"featured_video":null,"jetpack-related-posts":[{"id":9298,"url":"https:\/\/www.kritische-masse.de\/logbuch\/2024\/02\/opus-1-kunstfreiheit-und-demokratie-rindenwahnsinn\/","url_meta":{"origin":8745,"position":0},"title":"Opus 1 \/ Kunstfreiheit und Demokratie \/ Rindenwahnsinn","author":"der huflaikhan","date":"27. Februar 2024","format":false,"excerpt":"Opus 1 (Musiktheorie) +++ Kunstfreiheit und Demokratie (Meron Mendel) +++ Rindenwahnsinn (Foto) +++ Loom & Thread: Island Grammar (Rezension in der H\u00f6rBar) +++","rel":"","context":"In &quot;die Kunst&quot;","block_context":{"text":"die Kunst","link":"https:\/\/www.kritische-masse.de\/logbuch\/category\/angriffauf\/die-kunst\/"},"img":{"alt_text":"Rindenwahnsinn. Foto: MH","src":"https:\/\/i0.wp.com\/www.kritische-masse.de\/logbuch\/wp-content\/uploads\/2024\/02\/02_27_20_rinderwahn.jpg?fit=960%2C960&ssl=1&resize=350%2C200","width":350,"height":200,"srcset":"https:\/\/i0.wp.com\/www.kritische-masse.de\/logbuch\/wp-content\/uploads\/2024\/02\/02_27_20_rinderwahn.jpg?fit=960%2C960&ssl=1&resize=350%2C200 1x, https:\/\/i0.wp.com\/www.kritische-masse.de\/logbuch\/wp-content\/uploads\/2024\/02\/02_27_20_rinderwahn.jpg?fit=960%2C960&ssl=1&resize=525%2C300 1.5x, https:\/\/i0.wp.com\/www.kritische-masse.de\/logbuch\/wp-content\/uploads\/2024\/02\/02_27_20_rinderwahn.jpg?fit=960%2C960&ssl=1&resize=700%2C400 2x"},"classes":[]},{"id":11455,"url":"https:\/\/www.kritische-masse.de\/logbuch\/2025\/10\/eine-zensur-findet-nicht-statt\/","url_meta":{"origin":8745,"position":1},"title":"Eine Zensur findet (nicht) statt \u2026","author":"der huflaikhan","date":"4. Oktober 2025","format":false,"excerpt":"Eine Zensur findet nicht statt. (Art. 5 Abs. 1 S. 3 GG). Au\u00dfer man ist die Beauftragte der Bundesregierung f\u00fcr Kultur und Medien und hei\u00dft Wolfram Dingensbummens und leitet das sogenannte Bundeskulturministerium (BKM). So gesehen und vorgesehen, als er sich dagegen wandte, einen Rapper bei einer Veranstaltung im Haus der\u2026","rel":"","context":"In &quot;Amt f\u00fcr Vermassungsschutz&quot;","block_context":{"text":"Amt f\u00fcr Vermassungsschutz","link":"https:\/\/www.kritische-masse.de\/logbuch\/category\/vermassungsschutz\/"},"img":{"alt_text":"spu\u0308le","src":"https:\/\/i0.wp.com\/www.kritische-masse.de\/logbuch\/wp-content\/uploads\/2025\/10\/spuele.jpg?resize=350%2C200&ssl=1","width":350,"height":200,"srcset":"https:\/\/i0.wp.com\/www.kritische-masse.de\/logbuch\/wp-content\/uploads\/2025\/10\/spuele.jpg?resize=350%2C200&ssl=1 1x, https:\/\/i0.wp.com\/www.kritische-masse.de\/logbuch\/wp-content\/uploads\/2025\/10\/spuele.jpg?resize=525%2C300&ssl=1 1.5x, https:\/\/i0.wp.com\/www.kritische-masse.de\/logbuch\/wp-content\/uploads\/2025\/10\/spuele.jpg?resize=700%2C400&ssl=1 2x"},"classes":[]},{"id":9327,"url":"https:\/\/www.kritische-masse.de\/logbuch\/2024\/03\/das-x-problem-und-die-algorithmen-musikunterunterricht-und-petitionswahnsinn\/","url_meta":{"origin":8745,"position":2},"title":"Das X-Problem und die Algorithmen \/ Musikunterunterricht und Petitionswahnsinn \/ Entfesselungskunst","author":"der huflaikhan","date":"5. M\u00e4rz 2024","format":false,"excerpt":"\u201eDie \u00dcberzeugung, Rationalit\u00e4t sei das Normale, ist falsch.\u201c (Adorno) +++ Algorithmen als zum Besservergessen (x) +++ Musikunteruntericht in Deutschlands Grundschulen (kann das weg?) +++ Nachhaltigkeit als Thema im Musikbereich (vielleicht) +++ Doku zur Geschichte der Jugendzentrumsbewegung (YouTube) +++ Die V\u00f6gel +++ TOM offline?","rel":"","context":"In &quot;die Kommunikation&quot;","block_context":{"text":"die Kommunikation","link":"https:\/\/www.kritische-masse.de\/logbuch\/category\/angriffauf\/die-kommunikation\/"},"img":{"alt_text":"Die V\u00f6gel. Foto: MH","src":"https:\/\/i0.wp.com\/www.kritische-masse.de\/logbuch\/wp-content\/uploads\/2024\/03\/03_03_vogel3.jpg?fit=960%2C960&ssl=1&resize=350%2C200","width":350,"height":200,"srcset":"https:\/\/i0.wp.com\/www.kritische-masse.de\/logbuch\/wp-content\/uploads\/2024\/03\/03_03_vogel3.jpg?fit=960%2C960&ssl=1&resize=350%2C200 1x, https:\/\/i0.wp.com\/www.kritische-masse.de\/logbuch\/wp-content\/uploads\/2024\/03\/03_03_vogel3.jpg?fit=960%2C960&ssl=1&resize=525%2C300 1.5x, https:\/\/i0.wp.com\/www.kritische-masse.de\/logbuch\/wp-content\/uploads\/2024\/03\/03_03_vogel3.jpg?fit=960%2C960&ssl=1&resize=700%2C400 2x"},"classes":[]},{"id":10770,"url":"https:\/\/www.kritische-masse.de\/logbuch\/2025\/02\/der-deutsche-kulturrat-hat-gefragt-theorie-und-praxis-cdu-mit-der-axt-gegen-die-kultur\/","url_meta":{"origin":8745,"position":3},"title":"Der Deutsche Kulturrat hat gefragt: Die CDU antwortet in der Praxis \u2013 Mit der Axt gegen die Kultur","author":"der huflaikhan","date":"20. Februar 2025","format":false,"excerpt":"Der Raubzug an der Kultur in Berlin geht in seine n\u00e4chste Phase. +++ Das sollte man wissen, wenn man CDU und CSU seine Stimme gibt. Es geht denen um die Beseitigung des Fundaments der Freiheit. +++ Mit H\u00f6chstgeschwindigkeit an die Wand fahren. +++","rel":"","context":"In &quot;die Politik&quot;","block_context":{"text":"die Politik","link":"https:\/\/www.kritische-masse.de\/logbuch\/category\/angriffauf\/die-politik\/"},"img":{"alt_text":"Dreistufentest. F\u00fcr den M\u00fcll? Foto: Hufner","src":"https:\/\/i0.wp.com\/www.kritische-masse.de\/logbuch\/wp-content\/uploads\/2023\/10\/papierkorb_c_hufner-1024x678-1.jpg?fit=1024%2C678&ssl=1&resize=350%2C200","width":350,"height":200,"srcset":"https:\/\/i0.wp.com\/www.kritische-masse.de\/logbuch\/wp-content\/uploads\/2023\/10\/papierkorb_c_hufner-1024x678-1.jpg?fit=1024%2C678&ssl=1&resize=350%2C200 1x, https:\/\/i0.wp.com\/www.kritische-masse.de\/logbuch\/wp-content\/uploads\/2023\/10\/papierkorb_c_hufner-1024x678-1.jpg?fit=1024%2C678&ssl=1&resize=525%2C300 1.5x, https:\/\/i0.wp.com\/www.kritische-masse.de\/logbuch\/wp-content\/uploads\/2023\/10\/papierkorb_c_hufner-1024x678-1.jpg?fit=1024%2C678&ssl=1&resize=700%2C400 2x"},"classes":[]},{"id":10776,"url":"https:\/\/www.kritische-masse.de\/logbuch\/2025\/02\/die-u-partei-auf-der-suche-nach-demokratie\/","url_meta":{"origin":8745,"position":4},"title":"Die U-Partei auf der Suche nach Demokratie \u2026","author":"der huflaikhan","date":"28. Februar 2025","format":false,"excerpt":"Ein Neutralit\u00e4tsgebot gegen Unterdr\u00fcckung, Gewalt und Niedertracht w\u00e4re das Ende allen Widerstands gegen Ungl\u00fccks, auf das wir wohl gerade zutreiben. Und gerade mit dem Argument knapper Kassen, bekommen auch Kulturpolitiker:innen Werkzeuge in die Hand, genehme und ungenehme Kunst zu trennen. Ob das am Ende zur Wirklichkeit wird? Was hei\u00dft \u201ewird\u201c?\u2026","rel":"","context":"In &quot;die Kunst&quot;","block_context":{"text":"die Kunst","link":"https:\/\/www.kritische-masse.de\/logbuch\/category\/angriffauf\/die-kunst\/"},"img":{"alt_text":"Mord in Reinhards. Foto: Hufner","src":"https:\/\/i0.wp.com\/www.kritische-masse.de\/logbuch\/wp-content\/uploads\/2025\/02\/reinhards1-mord-scaled.jpg?fit=1200%2C900&ssl=1&resize=350%2C200","width":350,"height":200,"srcset":"https:\/\/i0.wp.com\/www.kritische-masse.de\/logbuch\/wp-content\/uploads\/2025\/02\/reinhards1-mord-scaled.jpg?fit=1200%2C900&ssl=1&resize=350%2C200 1x, https:\/\/i0.wp.com\/www.kritische-masse.de\/logbuch\/wp-content\/uploads\/2025\/02\/reinhards1-mord-scaled.jpg?fit=1200%2C900&ssl=1&resize=525%2C300 1.5x, https:\/\/i0.wp.com\/www.kritische-masse.de\/logbuch\/wp-content\/uploads\/2025\/02\/reinhards1-mord-scaled.jpg?fit=1200%2C900&ssl=1&resize=700%2C400 2x, https:\/\/i0.wp.com\/www.kritische-masse.de\/logbuch\/wp-content\/uploads\/2025\/02\/reinhards1-mord-scaled.jpg?fit=1200%2C900&ssl=1&resize=1050%2C600 3x"},"classes":[]},{"id":8875,"url":"https:\/\/www.kritische-masse.de\/logbuch\/2023\/06\/des-menschen-sein-ziel-das-endprodukt-sein\/","url_meta":{"origin":8745,"position":5},"title":"Des Menschen sein Ziel: Das Endprodukt-Sein","author":"der huflaikhan","date":"2. Juni 2023","format":false,"excerpt":"Das EndproduktSein bestimmt die philologische Bewusstlosigkeit. Viel bekloppter kann es nicht werden. Aber bayerische Philologen sind halt so. Deswegen waren die auch zu bl\u00f6de, eine gescheiten Beruf zu erlangen wie Gehirnchirurg oder Statiker. Ihnen blieb nur der Job des Ausfsichtsbeamten im Ma\u00dfregelvollzug von Kindern und dann das Amt Vorsitzende von\u2026","rel":"","context":"In &quot;die Kultur&quot;","block_context":{"text":"die Kultur","link":"https:\/\/www.kritische-masse.de\/logbuch\/category\/angriffauf\/die-kultur\/"},"img":{"alt_text":"","src":"","width":0,"height":0},"classes":[]}],"jetpack_sharing_enabled":true,"_links":{"self":[{"href":"https:\/\/www.kritische-masse.de\/logbuch\/wp-json\/wp\/v2\/posts\/8745","targetHints":{"allow":["GET"]}}],"collection":[{"href":"https:\/\/www.kritische-masse.de\/logbuch\/wp-json\/wp\/v2\/posts"}],"about":[{"href":"https:\/\/www.kritische-masse.de\/logbuch\/wp-json\/wp\/v2\/types\/post"}],"author":[{"embeddable":true,"href":"https:\/\/www.kritische-masse.de\/logbuch\/wp-json\/wp\/v2\/users\/1"}],"replies":[{"embeddable":true,"href":"https:\/\/www.kritische-masse.de\/logbuch\/wp-json\/wp\/v2\/comments?post=8745"}],"version-history":[{"count":0,"href":"https:\/\/www.kritische-masse.de\/logbuch\/wp-json\/wp\/v2\/posts\/8745\/revisions"}],"wp:featuredmedia":[{"embeddable":true,"href":"https:\/\/www.kritische-masse.de\/logbuch\/wp-json\/wp\/v2\/posts\/819"}],"wp:attachment":[{"href":"https:\/\/www.kritische-masse.de\/logbuch\/wp-json\/wp\/v2\/media?parent=8745"}],"wp:term":[{"taxonomy":"category","embeddable":true,"href":"https:\/\/www.kritische-masse.de\/logbuch\/wp-json\/wp\/v2\/categories?post=8745"},{"taxonomy":"post_tag","embeddable":true,"href":"https:\/\/www.kritische-masse.de\/logbuch\/wp-json\/wp\/v2\/tags?post=8745"}],"curies":[{"name":"wp","href":"https:\/\/api.w.org\/{rel}","templated":true}]}}