{"id":8789,"date":"2018-12-12T11:19:54","date_gmt":"2018-12-12T10:19:54","guid":{"rendered":"https:\/\/musikunrat.de\/?p=1605"},"modified":"2018-12-12T11:19:54","modified_gmt":"2018-12-12T10:19:54","slug":"die-armut-der-argumente-bei-der-welt-und-jeder-irre-nazihaufen","status":"publish","type":"post","link":"https:\/\/www.kritische-masse.de\/logbuch\/2018\/12\/die-armut-der-argumente-bei-der-welt-und-jeder-irre-nazihaufen\/","title":{"rendered":"Die Armut der Argumente bei der WELT und \u201ejeder irre Nazihaufen\u201c"},"content":{"rendered":"<div class=\"shariff shariff-align-left shariff-widget-align-left\"><ul class=\"shariff-buttons theme-white orientation-horizontal buttonsize-small\"><li class=\"shariff-button mastodon shariff-nocustomcolor\" style=\"background-color:#563ACC\"><a href=\"https:\/\/s2f.kytta.dev\/?text=Die%20Armut%20der%20Argumente%20bei%20der%20WELT%20und%20%E2%80%9Ejeder%20irre%20Nazihaufen%E2%80%9C https%3A%2F%2Fwww.kritische-masse.de%2Flogbuch%2F2018%2F12%2Fdie-armut-der-argumente-bei-der-welt-und-jeder-irre-nazihaufen%2F\" title=\"Bei Mastodon teilen\" aria-label=\"Bei Mastodon teilen\" role=\"button\" rel=\"noopener nofollow\" class=\"shariff-link\" style=\"; background-color:#6364FF; color:#6364FF\" target=\"_blank\"><span class=\"shariff-icon\" style=\"fill:#6364FF\"><svg width=\"75\" height=\"79\" viewBox=\"0 0 75 79\" fill=\"none\" xmlns=\"http:\/\/www.w3.org\/2000\/svg\"><path d=\"M37.813-.025C32.462-.058 27.114.13 21.79.598c-8.544.621-17.214 5.58-20.203 13.931C-1.12 23.318.408 32.622.465 41.65c.375 7.316.943 14.78 3.392 21.73 4.365 9.465 14.781 14.537 24.782 15.385 7.64.698 15.761-.213 22.517-4.026a54.1 54.1 0 0 0 .01-6.232c-6.855 1.316-14.101 2.609-21.049 1.074-3.883-.88-6.876-4.237-7.25-8.215-1.53-3.988 3.78-.43 5.584-.883 9.048 1.224 18.282.776 27.303-.462 7.044-.837 14.26-4.788 16.65-11.833 2.263-6.135 1.215-12.79 1.698-19.177.06-3.84.09-7.692-.262-11.52C72.596 7.844 63.223.981 53.834.684a219.453 219.453 0 0 0-16.022-.71zm11.294 12.882c5.5-.067 10.801 4.143 11.67 9.653.338 1.48.471 3 .471 4.515v21.088h-8.357c-.07-7.588.153-15.182-.131-22.765-.587-4.368-7.04-5.747-9.672-2.397-2.422 3.04-1.47 7.155-1.67 10.735v6.392h-8.307c-.146-4.996.359-10.045-.404-15.002-1.108-4.218-7.809-5.565-10.094-1.666-1.685 3.046-.712 6.634-.976 9.936v14.767h-8.354c.109-8.165-.238-16.344.215-24.5.674-5.346 5.095-10.389 10.676-10.627 4.902-.739 10.103 2.038 12.053 6.631.375 1.435 1.76 1.932 1.994.084 1.844-3.704 5.501-6.739 9.785-6.771.367-.044.735-.068 1.101-.073z\"\/><defs><linearGradient id=\"paint0_linear_549_34\" x1=\"37.0692\" y1=\"0\" x2=\"37.0692\" y2=\"79\" gradientUnits=\"userSpaceOnUse\"><stop stop-color=\"#6364FF\"\/><stop offset=\"1\" stop-color=\"#563ACC\"\/><\/linearGradient><\/defs><\/svg><\/span><span class=\"shariff-text\" style=\"color:#6364FF\">teilen<\/span>&nbsp;<\/a><\/li><li class=\"shariff-button bluesky shariff-nocustomcolor\" style=\"background-color:#84c4ff\"><a href=\"https:\/\/bsky.app\/intent\/compose?text=Die%20Armut%20der%20Argumente%20bei%20der%20WELT%20und%20%E2%80%9Ejeder%20irre%20Nazihaufen%E2%80%9C https%3A%2F%2Fwww.kritische-masse.de%2Flogbuch%2F2018%2F12%2Fdie-armut-der-argumente-bei-der-welt-und-jeder-irre-nazihaufen%2F \" title=\"Bei Bluesky teilen\" aria-label=\"Bei Bluesky teilen\" role=\"button\" rel=\"noopener nofollow\" class=\"shariff-link\" style=\"; background-color:#0085ff; color:#0085ff\" target=\"_blank\"><span class=\"shariff-icon\" style=\"fill:#0085ff\"><svg width=\"20\" height=\"20\" version=\"1.1\" xmlns=\"http:\/\/www.w3.org\/2000\/svg\" viewBox=\"0 0 20 20\"><path class=\"st0\" d=\"M4.89,3.12c2.07,1.55,4.3,4.71,5.11,6.4.82-1.69,3.04-4.84,5.11-6.4,1.49-1.12,3.91-1.99,3.91.77,0,.55-.32,4.63-.5,5.3-.64,2.3-2.99,2.89-5.08,2.54,3.65.62,4.58,2.68,2.57,4.74-3.81,3.91-5.48-.98-5.9-2.23-.08-.23-.11-.34-.12-.25,0-.09-.04.02-.12.25-.43,1.25-2.09,6.14-5.9,2.23-2.01-2.06-1.08-4.12,2.57-4.74-2.09.36-4.44-.23-5.08-2.54-.19-.66-.5-4.74-.5-5.3,0-2.76,2.42-1.89,3.91-.77h0Z\"\/><\/svg><\/span><span class=\"shariff-text\" style=\"color:#0085ff\">teilen<\/span>&nbsp;<\/a><\/li><li class=\"shariff-button threema shariff-nocustomcolor shariff-mobile\" style=\"background-color:#4fbc24\"><a href=\"threema:\/\/compose?text=Die%20Armut%20der%20Argumente%20bei%20der%20WELT%20und%20%E2%80%9Ejeder%20irre%20Nazihaufen%E2%80%9C%20https%3A%2F%2Fwww.kritische-masse.de%2Flogbuch%2F2018%2F12%2Fdie-armut-der-argumente-bei-der-welt-und-jeder-irre-nazihaufen%2F\" title=\"Bei Threema teilen\" aria-label=\"Bei Threema teilen\" role=\"button\" rel=\"noopener nofollow\" class=\"shariff-link\" style=\"; background-color:#1f1f1f; color:#1f1f1f\" target=\"_blank\"><span class=\"shariff-icon\" style=\"fill:#1f1f1f\"><svg width=\"32px\" height=\"20px\" xmlns=\"http:\/\/www.w3.org\/2000\/svg\" viewBox=\"0 0 32 32\"><path fill=\"#1f1f1f\" d=\"M30.8 10.9c-0.3-1.4-0.9-2.6-1.8-3.8-2-2.6-5.5-4.5-9.4-5.2-1.3-0.2-1.9-0.3-3.5-0.3s-2.2 0-3.5 0.3c-4 0.7-7.4 2.6-9.4 5.2-0.9 1.2-1.5 2.4-1.8 3.8-0.1 0.5-0.2 1.2-0.2 1.6 0 0.4 0.1 1.1 0.2 1.6 0.4 1.9 1.3 3.4 2.9 5 0.8 0.8 0.8 0.8 0.7 1.3 0 0.6-0.5 1.6-1.7 3.6-0.3 0.5-0.5 0.9-0.5 0.9 0 0.1 0.1 0.1 0.5 0 0.8-0.2 2.3-0.6 5.6-1.6 1.1-0.3 1.3-0.4 2.3-0.4 0.8 0 1.1 0 2.3 0.2 1.5 0.2 3.5 0.2 4.9 0 5.1-0.6 9.3-2.9 11.4-6.3 0.5-0.9 0.9-1.8 1.1-2.8 0.1-0.5 0.2-1.1 0.2-1.6 0-0.7-0.1-1.1-0.2-1.6-0.3-1.4 0.1 0.5 0 0zM20.6 17.3c0 0.4-0.4 0.8-0.8 0.8h-7.7c-0.4 0-0.8-0.4-0.8-0.8v-4.6c0-0.4 0.4-0.8 0.8-0.8h0.2l0-1.6c0-0.9 0-1.8 0.1-2 0.1-0.6 0.6-1.2 1.1-1.7s1.1-0.7 1.9-0.8c1.8-0.3 3.7 0.7 4.2 2.2 0.1 0.3 0.1 0.7 0.1 2.1v0 1.7h0.1c0.4 0 0.8 0.4 0.8 0.8v4.6zM15.6 7.3c-0.5 0.1-0.8 0.3-1.2 0.6s-0.6 0.8-0.7 1.3c0 0.2 0 0.8 0 1.5l0 1.2h4.6v-1.3c0-1 0-1.4-0.1-1.6-0.3-1.1-1.5-1.9-2.6-1.7zM25.8 28.2c0 1.2-1 2.2-2.1 2.2s-2.1-1-2.1-2.1c0-1.2 1-2.1 2.2-2.1s2.2 1 2.2 2.2zM18.1 28.2c0 1.2-1 2.2-2.1 2.2s-2.1-1-2.1-2.1c0-1.2 1-2.1 2.2-2.1s2.2 1 2.2 2.2zM10.4 28.2c0 1.2-1 2.2-2.1 2.2s-2.1-1-2.1-2.1c0-1.2 1-2.1 2.2-2.1s2.2 1 2.2 2.2z\"\/><\/svg><\/span><span class=\"shariff-text\" style=\"color:#1f1f1f\">teilen<\/span>&nbsp;<\/a><\/li><li class=\"shariff-button facebook shariff-nocustomcolor\" style=\"background-color:#4273c8\"><a href=\"https:\/\/www.facebook.com\/sharer\/sharer.php?u=https%3A%2F%2Fwww.kritische-masse.de%2Flogbuch%2F2018%2F12%2Fdie-armut-der-argumente-bei-der-welt-und-jeder-irre-nazihaufen%2F\" title=\"Bei Facebook teilen\" aria-label=\"Bei Facebook teilen\" role=\"button\" rel=\"nofollow\" class=\"shariff-link\" style=\"; background-color:#3b5998; color:#3b5998\" target=\"_blank\"><span class=\"shariff-icon\" style=\"fill:#3b5998\"><svg width=\"32px\" height=\"20px\" xmlns=\"http:\/\/www.w3.org\/2000\/svg\" viewBox=\"0 0 18 32\"><path fill=\"#3b5998\" d=\"M17.1 0.2v4.7h-2.8q-1.5 0-2.1 0.6t-0.5 1.9v3.4h5.2l-0.7 5.3h-4.5v13.6h-5.5v-13.6h-4.5v-5.3h4.5v-3.9q0-3.3 1.9-5.2t5-1.8q2.6 0 4.1 0.2z\"\/><\/svg><\/span><span class=\"shariff-text\" style=\"color:#3b5998\">teilen<\/span>&nbsp;<\/a><\/li><li class=\"shariff-button info shariff-nocustomcolor\" style=\"background-color:#a8a8a8\"><a href=\"http:\/\/ct.de\/-2467514\" title=\"Weitere Informationen\" aria-label=\"Weitere Informationen\" role=\"button\" rel=\"noopener \" class=\"shariff-link\" style=\"; background-color:#999; color:#999\" target=\"_blank\"><span class=\"shariff-icon\" style=\"fill:#999\"><svg width=\"32px\" height=\"20px\" xmlns=\"http:\/\/www.w3.org\/2000\/svg\" viewBox=\"0 0 11 32\"><path fill=\"#999\" d=\"M11.4 24v2.3q0 0.5-0.3 0.8t-0.8 0.4h-9.1q-0.5 0-0.8-0.4t-0.4-0.8v-2.3q0-0.5 0.4-0.8t0.8-0.4h1.1v-6.8h-1.1q-0.5 0-0.8-0.4t-0.4-0.8v-2.3q0-0.5 0.4-0.8t0.8-0.4h6.8q0.5 0 0.8 0.4t0.4 0.8v10.3h1.1q0.5 0 0.8 0.4t0.3 0.8zM9.2 3.4v3.4q0 0.5-0.4 0.8t-0.8 0.4h-4.6q-0.4 0-0.8-0.4t-0.4-0.8v-3.4q0-0.4 0.4-0.8t0.8-0.4h4.6q0.5 0 0.8 0.4t0.4 0.8z\"\/><\/svg><\/span><\/a><\/li><\/ul><\/div><p>Was zum Teufel ist bei der WELT nur los. Erst vergaloppiert sich der <a href=\"https:\/\/www.kritische-masse.de\/logbuch\/2018\/12\/10\/ulf-poschardt-die-welt-als-intellektuellenbefreite-zone\/\">Chefredakteur Ulf Poschardt<\/a>, dann korrigiert ihn sein Kommentator Alan Posener, schlie\u00dflich werden bei der WELT-Kolumnistin Birgit Kelle irre Nazihaufen fast schon zu Verteidigerinnen der Grundrechte, im Gegensatz zu Aktionsk\u00fcnstlern. Bitte? Bitte!<\/p>\n<p><figure id=\"attachment_1606\" aria-describedby=\"caption-attachment-1606\" style=\"width: 585px\" class=\"wp-caption aligncenter\"><a href=\"https:\/\/i0.wp.com\/www.kritische-masse.de\/logbuch\/wp-content\/uploads\/2018\/12\/screenshot-twitter.com-2018.12.11-21-42-30.png?ssl=1\"><img data-recalc-dims=\"1\" loading=\"lazy\" decoding=\"async\" class=\"size-full wp-image-1606\" src=\"https:\/\/i0.wp.com\/www.kritische-masse.de\/logbuch\/wp-content\/uploads\/2018\/12\/screenshot-twitter.com-2018.12.11-21-42-30.png?resize=585%2C519&#038;ssl=1\" alt=\"Tweet von Birgit Kelle. Screenshot\" width=\"585\" height=\"519\" \/><\/a><figcaption id=\"caption-attachment-1606\" class=\"wp-caption-text\">Tweet von Birgit Kelle. Screenshot[mfn]https:\/\/twitter.com\/Birgit_Kelle\/status\/1071720540824616960[\/mfn]<\/figcaption><\/figure>Kelles Sorgen m\u00f6chte ich wirklich nicht haben. Gewiss, mag sein, dass sie ihre Sorgen mit dem Zentrum f\u00fcr Politische Sch\u00f6nheit so hoch (oder tief) h\u00e4ngt, dass da immer noch genug Sorge vor &#8220;Nazihaufen&#8221; bleibe. Aber so wird man es eher nicht lesen, so d\u00fcrfte es kaum gemeint sein. Zumal der Vorwurf, das die(se) K\u00fcnstler dar\u00fcber entscheiden w\u00fcrden, wer in diesem Land noch Grundrechte genie\u00dfen d\u00fcrfe, etwas weit hergeholt (um ehrlich zu sein: Von jenseits der Vorstellungskraft) und vollkommen in der Sache irrig ist. Und damit nat\u00fcrlich auch der Rest ihres Eintrags. Vielleicht ist es einfach die Tatsache, dass Birgit Kelle keine Erfahrungen mit irren Nazihaufen bisher hatte (dann w\u00e4re der Vergleich nicht nur d\u00e4mlich, sondern selbst irre, vielleicht sogar durchgeknallt.) Oder aber: Sie hat sogar welche (aus intimer Kenntnis?).<\/p>\n<p>Aber das nur zur Einf\u00fchrung, das ist eine \u00c4u\u00dferung von Birgit Kelle auf Twitter, nicht auf den Plattformen der WELT.<\/p>\n<p>Wenn in einer Tageszeitung verschiedene Meinungen sich verbreiten, so ist das eigentlich eine feine Sache. Rechtsextreme, krudwilde und humane Positionen k\u00f6nnen nebeneinander stehen. So ein Blatt wie die WELT vertr\u00e4gt es &#8211; und es ist auch deren Markenkern. Dass dabei interne Kritik auch ihre Grenzen hat, wurde Alan Posener schon einmal im Jahr 2007 deutlich. In einem Blogeintrag hat sich Posener mit BILD-Chef Kai Dieckmann besch\u00e4ftigt, der dann nach kurzer Zeit gel\u00f6scht wurde, <a href=\"https:\/\/bildblog.de\/2251\/der-grosse-selbstbetrug-von-kai-diekmann\/\">wie das BILDBlog berichtete<\/a>.<\/p>\n<blockquote><p>&#8220;Dies ist die Entgleisung eines einzelnen Mitarbeiters. Der Beitrag von Alan Posener \u00fcber Kai Diekmann ist ohne Wissen der Chefredaktion in den Weblog von Alan Posener gestellt worden.<\/p>\n<p>Der Beitrag ist eine h\u00f6chst unkollegiale Geste und entspricht nicht den Werten unserer Unternehmenskultur.<\/p>\n<p>Bei Axel Springer gilt Meinungspluralismus, aber nicht Selbstprofilierung durch die Ver\u00e4chtlichmachung von Kollegen.&#8221;<sup class=\"modern-footnotes-footnote \" data-mfn=\"2\" data-mfn-post-scope=\"0000000000003e210000000000000000_8789\"><a href=\"javascript:void(0)\"  role=\"button\" aria-pressed=\"false\" aria-describedby=\"mfn-content-0000000000003e210000000000000000_8789-2\">2<\/a><\/sup><span id=\"mfn-content-0000000000003e210000000000000000_8789-2\" role=\"tooltip\" class=\"modern-footnotes-footnote__note\" tabindex=\"0\" data-mfn=\"2\"><a href=\"https:\/\/bildblog.de\/2251\/der-grosse-selbstbetrug-von-kai-diekmann\/\" target=\"_blank\" rel=\"noopener\">BildBlog vom 9.5.2017<\/a><\/span><\/p><\/blockquote>\n<p>Neben krummen Texten, wie denjenigen von Ulf Poschardt, gibt es Alan Posener oder Thomas Schmid, die durchaus bereit sind, eine Ecke weiterzudenken.<\/p>\n<p>Das klappt aber auch nicht immer, wie das Gez\u00e4nk zwischen Posener und mir vorgestern und gestern auf Twitter gezeigt hat. Es hat immerhin mehr als 24 Stunden und gef\u00fchlte 40 Tweets gedauert, bis Posener tats\u00e4chlich auf den von mir kritisierten Satz:<\/p>\n<blockquote><p>&#8220;Die Intellektuellen und K\u00fcnstler sind entweder umfassend subventionierte Kostg\u00e4nger des Staates und singen in bequemen Elfenbeint\u00fcrmen das linksidealistische Lied \u2013 oder sie fantasieren sich als Kunst-Jakobiner in die Allmacht des Staates.&#8221;<sup class=\"modern-footnotes-footnote \" data-mfn=\"3\" data-mfn-post-scope=\"0000000000003e210000000000000000_8789\"><a href=\"javascript:void(0)\"  role=\"button\" aria-pressed=\"false\" aria-describedby=\"mfn-content-0000000000003e210000000000000000_8789-3\">3<\/a><\/sup><span id=\"mfn-content-0000000000003e210000000000000000_8789-3\" role=\"tooltip\" class=\"modern-footnotes-footnote__note\" tabindex=\"0\" data-mfn=\"3\">Ulf Poschardt: Die kulturelle Katastrophe des Scheiterns von Friedrich Merz. <a href=\"https:\/\/www.welt.de\/debatte\/kommentare\/plus185251420\/CDU-Die-kulturelle-Katastrophe-des-Scheiterns-von-Friedrich-Merz.html\">WELT-Online.<\/a><\/span><\/p><\/blockquote>\n<p>eingegangen ist. Sicher hat er anderes und Wichtigeres zu tun, als sich mit jemandem wie mir zu besch\u00e4ftigen, dessen Kritik-Niveau ihm einfach zu niedrig und zu &#8220;seicht&#8221; ist. H\u00f6flicher und mit geradezu unnachahmlicher Nachsicht geht er mit dem <del>intellektuellen<\/del> Schwergewicht Ulf Poschardt um. Kurzum sein letztes Wort:<\/p>\n<p><figure id=\"attachment_1607\" aria-describedby=\"caption-attachment-1607\" style=\"width: 605px\" class=\"wp-caption aligncenter\"><a href=\"https:\/\/i0.wp.com\/www.kritische-masse.de\/logbuch\/wp-content\/uploads\/2018\/12\/screenshot-twitter.com-2018.12.11-22-00-13.png?ssl=1\"><img data-recalc-dims=\"1\" loading=\"lazy\" decoding=\"async\" data-attachment-id=\"1607\" data-permalink=\"https:\/\/www.kritische-masse.de\/logbuch\/2006\/02\/kalenderblatt-februar-2006\/attachment-verkehr-jpg\/\" data-orig-file=\"https:\/\/i0.wp.com\/www.kritische-masse.de\/logbuch\/wp-content\/uploads\/2006\/02\/verkehr.jpg?fit=500%2C319&amp;ssl=1\" data-orig-size=\"500,319\" data-comments-opened=\"0\" data-image-meta=\"{&quot;aperture&quot;:&quot;0&quot;,&quot;credit&quot;:&quot;&quot;,&quot;camera&quot;:&quot;&quot;,&quot;caption&quot;:&quot;&quot;,&quot;created_timestamp&quot;:&quot;0&quot;,&quot;copyright&quot;:&quot;&quot;,&quot;focal_length&quot;:&quot;0&quot;,&quot;iso&quot;:&quot;0&quot;,&quot;shutter_speed&quot;:&quot;0&quot;,&quot;title&quot;:&quot;&quot;,&quot;orientation&quot;:&quot;0&quot;}\" data-image-title=\"verkehr.jpg\" data-image-description=\"\" data-image-caption=\"&lt;p&gt;Farbmuster&lt;\/p&gt;\n\" data-large-file=\"https:\/\/i0.wp.com\/www.kritische-masse.de\/logbuch\/wp-content\/uploads\/2006\/02\/verkehr.jpg?fit=500%2C319&amp;ssl=1\" class=\"size-full wp-image-1607\" src=\"https:\/\/i0.wp.com\/www.kritische-masse.de\/logbuch\/wp-content\/uploads\/2018\/12\/screenshot-twitter.com-2018.12.11-22-00-13.png?resize=605%2C140&#038;ssl=1\" alt=\"screenshot-twitter.com-2018.12.11-22-00-13\" width=\"605\" height=\"140\" \/><\/a><figcaption id=\"caption-attachment-1607\" class=\"wp-caption-text\">screenshot-twitter.com-2018.12.11-22-00-13[mfn]https:\/\/twitter.com\/APosener\/status\/1072532108525166592[\/mfn]<\/figcaption><\/figure>Mit anderen Worten, es ist absurd, Ulf Poschardts Texte so zu lesen, wie sie dastehen, denn gemeint habe er etwas anderes. Diese Argumentation geht nat\u00fcrlich gegen Ulf Poschardt, weil der nicht schreiben kann, was er meint. Die Argumentationslinie funktioniert wir in manchen politisch-provokativen \u00c4u\u00dferungen einiger Politikerinnen, prominenterweise insbesondere der AfD, die sich auch schnell missverstanden f\u00fchlen und was anderes gemeint haben, als was sie sagen. Zwar k\u00f6nnte Ulf P. seinem WELT-Autoren folgen und entsprechende \u00c4nderungen an seinem Text vornehmen, wenigstens im Netz, aber das tut er nicht &#8211; bis jetzt jedenfalls.<\/p>\n<figure id=\"attachment_1614\" aria-describedby=\"caption-attachment-1614\" style=\"width: 681px\" class=\"wp-caption aligncenter\"><a href=\"https:\/\/i0.wp.com\/www.kritische-masse.de\/logbuch\/wp-content\/uploads\/2018\/12\/screenshot-www.welt_.de-2018.12.12-10-25-21.png?ssl=1\"><img data-recalc-dims=\"1\" loading=\"lazy\" decoding=\"async\" class=\"size-full wp-image-1614\" src=\"https:\/\/i0.wp.com\/www.kritische-masse.de\/logbuch\/wp-content\/uploads\/2018\/12\/screenshot-www.welt_.de-2018.12.12-10-25-21.png?resize=681%2C223&#038;ssl=1\" alt=\"screenshot-www.welt.de-2018.12.12-10-25-21\" width=\"681\" height=\"223\" \/><\/a><figcaption id=\"caption-attachment-1614\" class=\"wp-caption-text\">screenshot-www.welt.de-2018.12.12-10-25-21<\/figcaption><\/figure>\n<p>Wie man etwas zu interpretieren habe, wird auch nicht als Leseanleitung mitgeliefert, was freilich hilfreich w\u00e4re, wie Posener zugibt, wenn er auf Literatur oder Universit\u00e4tsseminare verweist. Und selbst abge\u00e4ndert w\u00e4re der Satz nicht bedeutender klug, nur etwas weniger dumm. Oder sinnlos.<\/p>\n<p>Bis jetzt jedenfalls wissen wir nicht, was Ulf Poschardt wirklich gemeint, sondern nur das, was er geschrieben hat. Mit dem was er geschrieben hat, hat er sich ja selbst aus dem Bereich der Intellektuellen gekickt. Und ich erg\u00e4nze: Der Rest des Textes folgt diesen stereotypen Vorstellungen des Self-Made-Man. Genau gelesen (und damit wahrscheinlich falsch, weil etwas anderes gemeint sein k\u00f6nnte) wird sein St\u00fcck zu einer Sozialkom\u00f6die. Auf die B\u00fchne gebracht, h\u00e4tte Poschardt Story des Lebens von Merz sicher die Lacher auf seiner Seite, w\u00e4hrend die anderen ob des Textbuches den Kopf sch\u00fctteln. Naja.<\/p>\n<p>Es ist nicht meine Art, die Qualit\u00e4t der Texte von Ulf P. oder Alan Posener von oben herab zu beurteilen, ob sie Niveau haben oder keines oder ein mittleres.<\/p>\n<p><figure id=\"attachment_1611\" aria-describedby=\"caption-attachment-1611\" style=\"width: 597px\" class=\"wp-caption aligncenter\"><a href=\"https:\/\/i0.wp.com\/www.kritische-masse.de\/logbuch\/wp-content\/uploads\/2018\/12\/screenshot-twitter.com-2018.12.11-22-24-17.png?ssl=1\"><img data-recalc-dims=\"1\" loading=\"lazy\" decoding=\"async\" class=\"size-full wp-image-1611\" src=\"https:\/\/i0.wp.com\/www.kritische-masse.de\/logbuch\/wp-content\/uploads\/2018\/12\/screenshot-twitter.com-2018.12.11-22-24-17.png?resize=597%2C208&#038;ssl=1\" alt=\"screenshot-twitter.com-2018.12.11-22-24-17&lt;sup class=&quot;modern-footnotes-footnote &quot; data-mfn=&quot;1&quot; data-mfn-post-scope=&quot;0000000000003e210000000000000000_8789&quot;&gt;&lt;a href=&quot;javascript:void(0)&quot;  role=&quot;button&quot; aria-pressed=&quot;false&quot; aria-describedby=&quot;mfn-content-0000000000003e210000000000000000_8789-1&quot;&gt;1&lt;\/a&gt;&lt;\/sup&gt;&lt;span id=&quot;mfn-content-0000000000003e210000000000000000_8789-1&quot; role=&quot;tooltip&quot; class=&quot;modern-footnotes-footnote__note&quot; tabindex=&quot;0&quot; data-mfn=&quot;1&quot;&gt;https:\/\/twitter.com\/APosener\/status\/1072444639762939904&lt;\/span&gt;\" width=\"597\" height=\"208\" \/><\/a><figcaption id=\"caption-attachment-1611\" class=\"wp-caption-text\">screenshot-twitter.com-2018.12.11-22-24-17<\/figcaption><\/figure>Es ist auch nicht meine Art, den beiden Autorinnen Hinweise zu einem besseren Lekt\u00fcreverhalten zu geben. Wenn man einen aktuellen Text zum Zeitgeschehen in einer Tageszeitung allerdings nur mit Hilfe der Lekt\u00fcre von Publikationen aus dem Hause Suhrkamp verstehen kann, dann ist vielleicht doch nicht die Leserin daran Schuld, sondern die Autorin. Vielleicht \u2026 vielleicht bin ich aber auch nur zu schlecht informiert.<\/p>\n<p>Warum ich das aufschreibe? Nicht, um irgendwen zu \u00e4rgern. Dazu sind Posener und Poschardt viel zu souver\u00e4n und ich ein zu unwichtiges Pers\u00f6nchen. Nein, sondern weil es mir wirklich vom Ansatz her gefallen hat, dass Alan Posener sich auf die langatmige Diskussion des Textes von Ulf Poschardt schlie\u00dflich doch eingelassen hat. Statt wie Poschardt mit abkanzelnden Gifs zu antworten. G\u00e4hn!<\/p>\n<p>Twitter sieht Posener nicht als perfektes Diskussionsmedium. Da stimme ich ihm zu. Das freilich ist als Erkenntnis mager.<\/p>\n<hr \/>\n<p>Nachwort: Manchmal werde ich gefragt, warum ich denn Geld f\u00fcr ein Abonnement der WELT ausgebe. Daf\u00fcr gibt es vier Gr\u00fcnde.<\/p>\n<ul>\n<li>Erstens gab es eine wahnsinnig interessante Werbema\u00dfnahme: Da gab es ein iPad-Mini zu einem Abo &#8211; der Wert von iPad und Abo deckten sich dabei weitgehend, man bekam das Ger\u00e4t und dazu eben ein Abo.<\/li>\n<li>Zweitens ist es gar nicht so einfach, so ein Abo dann irgendwann wieder zu k\u00fcndigen. Ein komplexes Geflecht aus iTunes, Account etc. Habe es mal versucht, es funktionierte irgendwie nicht &#8211; also Dummheit, Faulheit etc.<\/li>\n<li>Drittens ist die WELT nicht meine einzige Nachrichteninformationsquelle.<\/li>\n<li>Viertens ist es aufschlussreich, mitzubekommen wie diese Meinungsmacher im wirtschaftsliberalen und teilweise rechtskonservativen Spektrum so ticken. Das ist manchmal schon an der Grenze zum Masochismus, gebe ich zu. Aber selbst in der WELT gibt es Reste von Vernunft, repr\u00e4sentiert durch einzelne Autorinnen wie Zippert oder bisweilen Alan Posener. Die t\u00e4gliche Pr\u00e4sentation von politisch verfolgten Journalisten geh\u00f6rt ebenso dazu.<\/li>\n<\/ul>\n<div class=\"shariff shariff-align-left shariff-widget-align-left\"><ul class=\"shariff-buttons theme-white orientation-horizontal buttonsize-small\"><li class=\"shariff-button mastodon shariff-nocustomcolor\" style=\"background-color:#563ACC\"><a href=\"https:\/\/s2f.kytta.dev\/?text=Die%20Armut%20der%20Argumente%20bei%20der%20WELT%20und%20%E2%80%9Ejeder%20irre%20Nazihaufen%E2%80%9C https%3A%2F%2Fwww.kritische-masse.de%2Flogbuch%2F2018%2F12%2Fdie-armut-der-argumente-bei-der-welt-und-jeder-irre-nazihaufen%2F\" title=\"Bei Mastodon teilen\" aria-label=\"Bei Mastodon teilen\" role=\"button\" rel=\"noopener nofollow\" class=\"shariff-link\" style=\"; background-color:#6364FF; color:#6364FF\" target=\"_blank\"><span class=\"shariff-icon\" style=\"fill:#6364FF\"><svg width=\"75\" height=\"79\" viewBox=\"0 0 75 79\" fill=\"none\" xmlns=\"http:\/\/www.w3.org\/2000\/svg\"><path d=\"M37.813-.025C32.462-.058 27.114.13 21.79.598c-8.544.621-17.214 5.58-20.203 13.931C-1.12 23.318.408 32.622.465 41.65c.375 7.316.943 14.78 3.392 21.73 4.365 9.465 14.781 14.537 24.782 15.385 7.64.698 15.761-.213 22.517-4.026a54.1 54.1 0 0 0 .01-6.232c-6.855 1.316-14.101 2.609-21.049 1.074-3.883-.88-6.876-4.237-7.25-8.215-1.53-3.988 3.78-.43 5.584-.883 9.048 1.224 18.282.776 27.303-.462 7.044-.837 14.26-4.788 16.65-11.833 2.263-6.135 1.215-12.79 1.698-19.177.06-3.84.09-7.692-.262-11.52C72.596 7.844 63.223.981 53.834.684a219.453 219.453 0 0 0-16.022-.71zm11.294 12.882c5.5-.067 10.801 4.143 11.67 9.653.338 1.48.471 3 .471 4.515v21.088h-8.357c-.07-7.588.153-15.182-.131-22.765-.587-4.368-7.04-5.747-9.672-2.397-2.422 3.04-1.47 7.155-1.67 10.735v6.392h-8.307c-.146-4.996.359-10.045-.404-15.002-1.108-4.218-7.809-5.565-10.094-1.666-1.685 3.046-.712 6.634-.976 9.936v14.767h-8.354c.109-8.165-.238-16.344.215-24.5.674-5.346 5.095-10.389 10.676-10.627 4.902-.739 10.103 2.038 12.053 6.631.375 1.435 1.76 1.932 1.994.084 1.844-3.704 5.501-6.739 9.785-6.771.367-.044.735-.068 1.101-.073z\"\/><defs><linearGradient id=\"paint0_linear_549_34\" x1=\"37.0692\" y1=\"0\" x2=\"37.0692\" y2=\"79\" gradientUnits=\"userSpaceOnUse\"><stop stop-color=\"#6364FF\"\/><stop offset=\"1\" stop-color=\"#563ACC\"\/><\/linearGradient><\/defs><\/svg><\/span><span class=\"shariff-text\" style=\"color:#6364FF\">teilen<\/span>&nbsp;<\/a><\/li><li class=\"shariff-button bluesky shariff-nocustomcolor\" style=\"background-color:#84c4ff\"><a href=\"https:\/\/bsky.app\/intent\/compose?text=Die%20Armut%20der%20Argumente%20bei%20der%20WELT%20und%20%E2%80%9Ejeder%20irre%20Nazihaufen%E2%80%9C https%3A%2F%2Fwww.kritische-masse.de%2Flogbuch%2F2018%2F12%2Fdie-armut-der-argumente-bei-der-welt-und-jeder-irre-nazihaufen%2F \" title=\"Bei Bluesky teilen\" aria-label=\"Bei Bluesky teilen\" role=\"button\" rel=\"noopener nofollow\" class=\"shariff-link\" style=\"; background-color:#0085ff; color:#0085ff\" target=\"_blank\"><span class=\"shariff-icon\" style=\"fill:#0085ff\"><svg width=\"20\" height=\"20\" version=\"1.1\" xmlns=\"http:\/\/www.w3.org\/2000\/svg\" viewBox=\"0 0 20 20\"><path class=\"st0\" d=\"M4.89,3.12c2.07,1.55,4.3,4.71,5.11,6.4.82-1.69,3.04-4.84,5.11-6.4,1.49-1.12,3.91-1.99,3.91.77,0,.55-.32,4.63-.5,5.3-.64,2.3-2.99,2.89-5.08,2.54,3.65.62,4.58,2.68,2.57,4.74-3.81,3.91-5.48-.98-5.9-2.23-.08-.23-.11-.34-.12-.25,0-.09-.04.02-.12.25-.43,1.25-2.09,6.14-5.9,2.23-2.01-2.06-1.08-4.12,2.57-4.74-2.09.36-4.44-.23-5.08-2.54-.19-.66-.5-4.74-.5-5.3,0-2.76,2.42-1.89,3.91-.77h0Z\"\/><\/svg><\/span><span class=\"shariff-text\" style=\"color:#0085ff\">teilen<\/span>&nbsp;<\/a><\/li><li class=\"shariff-button threema shariff-nocustomcolor shariff-mobile\" style=\"background-color:#4fbc24\"><a href=\"threema:\/\/compose?text=Die%20Armut%20der%20Argumente%20bei%20der%20WELT%20und%20%E2%80%9Ejeder%20irre%20Nazihaufen%E2%80%9C%20https%3A%2F%2Fwww.kritische-masse.de%2Flogbuch%2F2018%2F12%2Fdie-armut-der-argumente-bei-der-welt-und-jeder-irre-nazihaufen%2F\" title=\"Bei Threema teilen\" aria-label=\"Bei Threema teilen\" role=\"button\" rel=\"noopener nofollow\" class=\"shariff-link\" style=\"; background-color:#1f1f1f; color:#1f1f1f\" target=\"_blank\"><span class=\"shariff-icon\" style=\"fill:#1f1f1f\"><svg width=\"32px\" height=\"20px\" xmlns=\"http:\/\/www.w3.org\/2000\/svg\" viewBox=\"0 0 32 32\"><path fill=\"#1f1f1f\" d=\"M30.8 10.9c-0.3-1.4-0.9-2.6-1.8-3.8-2-2.6-5.5-4.5-9.4-5.2-1.3-0.2-1.9-0.3-3.5-0.3s-2.2 0-3.5 0.3c-4 0.7-7.4 2.6-9.4 5.2-0.9 1.2-1.5 2.4-1.8 3.8-0.1 0.5-0.2 1.2-0.2 1.6 0 0.4 0.1 1.1 0.2 1.6 0.4 1.9 1.3 3.4 2.9 5 0.8 0.8 0.8 0.8 0.7 1.3 0 0.6-0.5 1.6-1.7 3.6-0.3 0.5-0.5 0.9-0.5 0.9 0 0.1 0.1 0.1 0.5 0 0.8-0.2 2.3-0.6 5.6-1.6 1.1-0.3 1.3-0.4 2.3-0.4 0.8 0 1.1 0 2.3 0.2 1.5 0.2 3.5 0.2 4.9 0 5.1-0.6 9.3-2.9 11.4-6.3 0.5-0.9 0.9-1.8 1.1-2.8 0.1-0.5 0.2-1.1 0.2-1.6 0-0.7-0.1-1.1-0.2-1.6-0.3-1.4 0.1 0.5 0 0zM20.6 17.3c0 0.4-0.4 0.8-0.8 0.8h-7.7c-0.4 0-0.8-0.4-0.8-0.8v-4.6c0-0.4 0.4-0.8 0.8-0.8h0.2l0-1.6c0-0.9 0-1.8 0.1-2 0.1-0.6 0.6-1.2 1.1-1.7s1.1-0.7 1.9-0.8c1.8-0.3 3.7 0.7 4.2 2.2 0.1 0.3 0.1 0.7 0.1 2.1v0 1.7h0.1c0.4 0 0.8 0.4 0.8 0.8v4.6zM15.6 7.3c-0.5 0.1-0.8 0.3-1.2 0.6s-0.6 0.8-0.7 1.3c0 0.2 0 0.8 0 1.5l0 1.2h4.6v-1.3c0-1 0-1.4-0.1-1.6-0.3-1.1-1.5-1.9-2.6-1.7zM25.8 28.2c0 1.2-1 2.2-2.1 2.2s-2.1-1-2.1-2.1c0-1.2 1-2.1 2.2-2.1s2.2 1 2.2 2.2zM18.1 28.2c0 1.2-1 2.2-2.1 2.2s-2.1-1-2.1-2.1c0-1.2 1-2.1 2.2-2.1s2.2 1 2.2 2.2zM10.4 28.2c0 1.2-1 2.2-2.1 2.2s-2.1-1-2.1-2.1c0-1.2 1-2.1 2.2-2.1s2.2 1 2.2 2.2z\"\/><\/svg><\/span><span class=\"shariff-text\" style=\"color:#1f1f1f\">teilen<\/span>&nbsp;<\/a><\/li><li class=\"shariff-button facebook shariff-nocustomcolor\" style=\"background-color:#4273c8\"><a href=\"https:\/\/www.facebook.com\/sharer\/sharer.php?u=https%3A%2F%2Fwww.kritische-masse.de%2Flogbuch%2F2018%2F12%2Fdie-armut-der-argumente-bei-der-welt-und-jeder-irre-nazihaufen%2F\" title=\"Bei Facebook teilen\" aria-label=\"Bei Facebook teilen\" role=\"button\" rel=\"nofollow\" class=\"shariff-link\" style=\"; background-color:#3b5998; color:#3b5998\" target=\"_blank\"><span class=\"shariff-icon\" style=\"fill:#3b5998\"><svg width=\"32px\" height=\"20px\" xmlns=\"http:\/\/www.w3.org\/2000\/svg\" viewBox=\"0 0 18 32\"><path fill=\"#3b5998\" d=\"M17.1 0.2v4.7h-2.8q-1.5 0-2.1 0.6t-0.5 1.9v3.4h5.2l-0.7 5.3h-4.5v13.6h-5.5v-13.6h-4.5v-5.3h4.5v-3.9q0-3.3 1.9-5.2t5-1.8q2.6 0 4.1 0.2z\"\/><\/svg><\/span><span class=\"shariff-text\" style=\"color:#3b5998\">teilen<\/span>&nbsp;<\/a><\/li><li class=\"shariff-button info shariff-nocustomcolor\" style=\"background-color:#a8a8a8\"><a href=\"http:\/\/ct.de\/-2467514\" title=\"Weitere Informationen\" aria-label=\"Weitere Informationen\" role=\"button\" rel=\"noopener \" class=\"shariff-link\" style=\"; background-color:#999; color:#999\" target=\"_blank\"><span class=\"shariff-icon\" style=\"fill:#999\"><svg width=\"32px\" height=\"20px\" xmlns=\"http:\/\/www.w3.org\/2000\/svg\" viewBox=\"0 0 11 32\"><path fill=\"#999\" d=\"M11.4 24v2.3q0 0.5-0.3 0.8t-0.8 0.4h-9.1q-0.5 0-0.8-0.4t-0.4-0.8v-2.3q0-0.5 0.4-0.8t0.8-0.4h1.1v-6.8h-1.1q-0.5 0-0.8-0.4t-0.4-0.8v-2.3q0-0.5 0.4-0.8t0.8-0.4h6.8q0.5 0 0.8 0.4t0.4 0.8v10.3h1.1q0.5 0 0.8 0.4t0.3 0.8zM9.2 3.4v3.4q0 0.5-0.4 0.8t-0.8 0.4h-4.6q-0.4 0-0.8-0.4t-0.4-0.8v-3.4q0-0.4 0.4-0.8t0.8-0.4h4.6q0.5 0 0.8 0.4t0.4 0.8z\"\/><\/svg><\/span><\/a><\/li><\/ul><\/div><h3 class=\"modern-footnotes-list-heading \">Fussnoten:<\/h3><ul class=\"modern-footnotes-list \"><li><span>1<\/span><div>https:\/\/twitter.com\/APosener\/status\/1072444639762939904<\/div><\/li><li><span>2<\/span><div><a href=\"https:\/\/bildblog.de\/2251\/der-grosse-selbstbetrug-von-kai-diekmann\/\" target=\"_blank\" rel=\"noopener\">BildBlog vom 9.5.2017<\/a><\/div><\/li><li><span>3<\/span><div>Ulf Poschardt: Die kulturelle Katastrophe des Scheiterns von Friedrich Merz. <a href=\"https:\/\/www.welt.de\/debatte\/kommentare\/plus185251420\/CDU-Die-kulturelle-Katastrophe-des-Scheiterns-von-Friedrich-Merz.html\">WELT-Online.<\/a><\/div><\/li><\/ul>","protected":false},"excerpt":{"rendered":"<p>Was zum Teufel ist bei der WELT nur los. Erst vergaloppiert sich der Chefredakteur Ulf Poschardt, dann korrigiert ihn sein Kommentator Alan Posener, schlie\u00dflich werden bei der WELT-Kolumnistin Birgit Kelle irre Nazihaufen fast schon zu Verteidigerinnen der Grundrechte, im Gegensatz zu Aktionsk\u00fcnstlern. Bitte? Bitte! Kelles Sorgen m\u00f6chte ich wirklich nicht haben. Gewiss, mag sein, dass [&hellip;]<\/p>\n<div class=\"shariff shariff-align-left shariff-widget-align-left\"><ul class=\"shariff-buttons theme-white orientation-horizontal buttonsize-small\"><li class=\"shariff-button mastodon shariff-nocustomcolor\" style=\"background-color:#563ACC\"><a href=\"https:\/\/s2f.kytta.dev\/?text=Die%20Armut%20der%20Argumente%20bei%20der%20WELT%20und%20%E2%80%9Ejeder%20irre%20Nazihaufen%E2%80%9C https%3A%2F%2Fwww.kritische-masse.de%2Flogbuch%2F2018%2F12%2Fdie-armut-der-argumente-bei-der-welt-und-jeder-irre-nazihaufen%2F\" title=\"Bei Mastodon teilen\" aria-label=\"Bei Mastodon teilen\" role=\"button\" rel=\"noopener nofollow\" class=\"shariff-link\" style=\"; background-color:#6364FF; color:#6364FF\" target=\"_blank\"><span class=\"shariff-icon\" style=\"fill:#6364FF\"><svg width=\"75\" height=\"79\" viewBox=\"0 0 75 79\" fill=\"none\" xmlns=\"http:\/\/www.w3.org\/2000\/svg\"><path d=\"M37.813-.025C32.462-.058 27.114.13 21.79.598c-8.544.621-17.214 5.58-20.203 13.931C-1.12 23.318.408 32.622.465 41.65c.375 7.316.943 14.78 3.392 21.73 4.365 9.465 14.781 14.537 24.782 15.385 7.64.698 15.761-.213 22.517-4.026a54.1 54.1 0 0 0 .01-6.232c-6.855 1.316-14.101 2.609-21.049 1.074-3.883-.88-6.876-4.237-7.25-8.215-1.53-3.988 3.78-.43 5.584-.883 9.048 1.224 18.282.776 27.303-.462 7.044-.837 14.26-4.788 16.65-11.833 2.263-6.135 1.215-12.79 1.698-19.177.06-3.84.09-7.692-.262-11.52C72.596 7.844 63.223.981 53.834.684a219.453 219.453 0 0 0-16.022-.71zm11.294 12.882c5.5-.067 10.801 4.143 11.67 9.653.338 1.48.471 3 .471 4.515v21.088h-8.357c-.07-7.588.153-15.182-.131-22.765-.587-4.368-7.04-5.747-9.672-2.397-2.422 3.04-1.47 7.155-1.67 10.735v6.392h-8.307c-.146-4.996.359-10.045-.404-15.002-1.108-4.218-7.809-5.565-10.094-1.666-1.685 3.046-.712 6.634-.976 9.936v14.767h-8.354c.109-8.165-.238-16.344.215-24.5.674-5.346 5.095-10.389 10.676-10.627 4.902-.739 10.103 2.038 12.053 6.631.375 1.435 1.76 1.932 1.994.084 1.844-3.704 5.501-6.739 9.785-6.771.367-.044.735-.068 1.101-.073z\"\/><defs><linearGradient id=\"paint0_linear_549_34\" x1=\"37.0692\" y1=\"0\" x2=\"37.0692\" y2=\"79\" gradientUnits=\"userSpaceOnUse\"><stop stop-color=\"#6364FF\"\/><stop offset=\"1\" stop-color=\"#563ACC\"\/><\/linearGradient><\/defs><\/svg><\/span><span class=\"shariff-text\" style=\"color:#6364FF\">teilen<\/span>&nbsp;<\/a><\/li><li class=\"shariff-button bluesky shariff-nocustomcolor\" style=\"background-color:#84c4ff\"><a href=\"https:\/\/bsky.app\/intent\/compose?text=Die%20Armut%20der%20Argumente%20bei%20der%20WELT%20und%20%E2%80%9Ejeder%20irre%20Nazihaufen%E2%80%9C https%3A%2F%2Fwww.kritische-masse.de%2Flogbuch%2F2018%2F12%2Fdie-armut-der-argumente-bei-der-welt-und-jeder-irre-nazihaufen%2F \" title=\"Bei Bluesky teilen\" aria-label=\"Bei Bluesky teilen\" role=\"button\" rel=\"noopener nofollow\" class=\"shariff-link\" style=\"; background-color:#0085ff; color:#0085ff\" target=\"_blank\"><span class=\"shariff-icon\" style=\"fill:#0085ff\"><svg width=\"20\" height=\"20\" version=\"1.1\" xmlns=\"http:\/\/www.w3.org\/2000\/svg\" viewBox=\"0 0 20 20\"><path class=\"st0\" d=\"M4.89,3.12c2.07,1.55,4.3,4.71,5.11,6.4.82-1.69,3.04-4.84,5.11-6.4,1.49-1.12,3.91-1.99,3.91.77,0,.55-.32,4.63-.5,5.3-.64,2.3-2.99,2.89-5.08,2.54,3.65.62,4.58,2.68,2.57,4.74-3.81,3.91-5.48-.98-5.9-2.23-.08-.23-.11-.34-.12-.25,0-.09-.04.02-.12.25-.43,1.25-2.09,6.14-5.9,2.23-2.01-2.06-1.08-4.12,2.57-4.74-2.09.36-4.44-.23-5.08-2.54-.19-.66-.5-4.74-.5-5.3,0-2.76,2.42-1.89,3.91-.77h0Z\"\/><\/svg><\/span><span class=\"shariff-text\" style=\"color:#0085ff\">teilen<\/span>&nbsp;<\/a><\/li><li class=\"shariff-button threema shariff-nocustomcolor shariff-mobile\" style=\"background-color:#4fbc24\"><a href=\"threema:\/\/compose?text=Die%20Armut%20der%20Argumente%20bei%20der%20WELT%20und%20%E2%80%9Ejeder%20irre%20Nazihaufen%E2%80%9C%20https%3A%2F%2Fwww.kritische-masse.de%2Flogbuch%2F2018%2F12%2Fdie-armut-der-argumente-bei-der-welt-und-jeder-irre-nazihaufen%2F\" title=\"Bei Threema teilen\" aria-label=\"Bei Threema teilen\" role=\"button\" rel=\"noopener nofollow\" class=\"shariff-link\" style=\"; background-color:#1f1f1f; color:#1f1f1f\" target=\"_blank\"><span class=\"shariff-icon\" style=\"fill:#1f1f1f\"><svg width=\"32px\" height=\"20px\" xmlns=\"http:\/\/www.w3.org\/2000\/svg\" viewBox=\"0 0 32 32\"><path fill=\"#1f1f1f\" d=\"M30.8 10.9c-0.3-1.4-0.9-2.6-1.8-3.8-2-2.6-5.5-4.5-9.4-5.2-1.3-0.2-1.9-0.3-3.5-0.3s-2.2 0-3.5 0.3c-4 0.7-7.4 2.6-9.4 5.2-0.9 1.2-1.5 2.4-1.8 3.8-0.1 0.5-0.2 1.2-0.2 1.6 0 0.4 0.1 1.1 0.2 1.6 0.4 1.9 1.3 3.4 2.9 5 0.8 0.8 0.8 0.8 0.7 1.3 0 0.6-0.5 1.6-1.7 3.6-0.3 0.5-0.5 0.9-0.5 0.9 0 0.1 0.1 0.1 0.5 0 0.8-0.2 2.3-0.6 5.6-1.6 1.1-0.3 1.3-0.4 2.3-0.4 0.8 0 1.1 0 2.3 0.2 1.5 0.2 3.5 0.2 4.9 0 5.1-0.6 9.3-2.9 11.4-6.3 0.5-0.9 0.9-1.8 1.1-2.8 0.1-0.5 0.2-1.1 0.2-1.6 0-0.7-0.1-1.1-0.2-1.6-0.3-1.4 0.1 0.5 0 0zM20.6 17.3c0 0.4-0.4 0.8-0.8 0.8h-7.7c-0.4 0-0.8-0.4-0.8-0.8v-4.6c0-0.4 0.4-0.8 0.8-0.8h0.2l0-1.6c0-0.9 0-1.8 0.1-2 0.1-0.6 0.6-1.2 1.1-1.7s1.1-0.7 1.9-0.8c1.8-0.3 3.7 0.7 4.2 2.2 0.1 0.3 0.1 0.7 0.1 2.1v0 1.7h0.1c0.4 0 0.8 0.4 0.8 0.8v4.6zM15.6 7.3c-0.5 0.1-0.8 0.3-1.2 0.6s-0.6 0.8-0.7 1.3c0 0.2 0 0.8 0 1.5l0 1.2h4.6v-1.3c0-1 0-1.4-0.1-1.6-0.3-1.1-1.5-1.9-2.6-1.7zM25.8 28.2c0 1.2-1 2.2-2.1 2.2s-2.1-1-2.1-2.1c0-1.2 1-2.1 2.2-2.1s2.2 1 2.2 2.2zM18.1 28.2c0 1.2-1 2.2-2.1 2.2s-2.1-1-2.1-2.1c0-1.2 1-2.1 2.2-2.1s2.2 1 2.2 2.2zM10.4 28.2c0 1.2-1 2.2-2.1 2.2s-2.1-1-2.1-2.1c0-1.2 1-2.1 2.2-2.1s2.2 1 2.2 2.2z\"\/><\/svg><\/span><span class=\"shariff-text\" style=\"color:#1f1f1f\">teilen<\/span>&nbsp;<\/a><\/li><li class=\"shariff-button facebook shariff-nocustomcolor\" style=\"background-color:#4273c8\"><a href=\"https:\/\/www.facebook.com\/sharer\/sharer.php?u=https%3A%2F%2Fwww.kritische-masse.de%2Flogbuch%2F2018%2F12%2Fdie-armut-der-argumente-bei-der-welt-und-jeder-irre-nazihaufen%2F\" title=\"Bei Facebook teilen\" aria-label=\"Bei Facebook teilen\" role=\"button\" rel=\"nofollow\" class=\"shariff-link\" style=\"; background-color:#3b5998; color:#3b5998\" target=\"_blank\"><span class=\"shariff-icon\" style=\"fill:#3b5998\"><svg width=\"32px\" height=\"20px\" xmlns=\"http:\/\/www.w3.org\/2000\/svg\" viewBox=\"0 0 18 32\"><path fill=\"#3b5998\" d=\"M17.1 0.2v4.7h-2.8q-1.5 0-2.1 0.6t-0.5 1.9v3.4h5.2l-0.7 5.3h-4.5v13.6h-5.5v-13.6h-4.5v-5.3h4.5v-3.9q0-3.3 1.9-5.2t5-1.8q2.6 0 4.1 0.2z\"\/><\/svg><\/span><span class=\"shariff-text\" style=\"color:#3b5998\">teilen<\/span>&nbsp;<\/a><\/li><li class=\"shariff-button info shariff-nocustomcolor\" style=\"background-color:#a8a8a8\"><a href=\"http:\/\/ct.de\/-2467514\" title=\"Weitere Informationen\" aria-label=\"Weitere Informationen\" role=\"button\" rel=\"noopener \" class=\"shariff-link\" style=\"; background-color:#999; color:#999\" target=\"_blank\"><span class=\"shariff-icon\" style=\"fill:#999\"><svg width=\"32px\" height=\"20px\" xmlns=\"http:\/\/www.w3.org\/2000\/svg\" viewBox=\"0 0 11 32\"><path fill=\"#999\" d=\"M11.4 24v2.3q0 0.5-0.3 0.8t-0.8 0.4h-9.1q-0.5 0-0.8-0.4t-0.4-0.8v-2.3q0-0.5 0.4-0.8t0.8-0.4h1.1v-6.8h-1.1q-0.5 0-0.8-0.4t-0.4-0.8v-2.3q0-0.5 0.4-0.8t0.8-0.4h6.8q0.5 0 0.8 0.4t0.4 0.8v10.3h1.1q0.5 0 0.8 0.4t0.3 0.8zM9.2 3.4v3.4q0 0.5-0.4 0.8t-0.8 0.4h-4.6q-0.4 0-0.8-0.4t-0.4-0.8v-3.4q0-0.4 0.4-0.8t0.8-0.4h4.6q0.5 0 0.8 0.4t0.4 0.8z\"\/><\/svg><\/span><\/a><\/li><\/ul><\/div>","protected":false},"author":1,"featured_media":1501,"comment_status":"open","ping_status":"open","sticky":false,"template":"","format":"standard","meta":{"ocean_post_layout":"","ocean_both_sidebars_style":"","ocean_both_sidebars_content_width":0,"ocean_both_sidebars_sidebars_width":0,"ocean_sidebar":"","ocean_second_sidebar":"","ocean_disable_margins":"enable","ocean_add_body_class":"","ocean_shortcode_before_top_bar":"","ocean_shortcode_after_top_bar":"","ocean_shortcode_before_header":"","ocean_shortcode_after_header":"","ocean_has_shortcode":"","ocean_shortcode_after_title":"","ocean_shortcode_before_footer_widgets":"","ocean_shortcode_after_footer_widgets":"","ocean_shortcode_before_footer_bottom":"","ocean_shortcode_after_footer_bottom":"","ocean_display_top_bar":"default","ocean_display_header":"default","ocean_header_style":"","ocean_center_header_left_menu":"","ocean_custom_header_template":"","ocean_custom_logo":0,"ocean_custom_retina_logo":0,"ocean_custom_logo_max_width":0,"ocean_custom_logo_tablet_max_width":0,"ocean_custom_logo_mobile_max_width":0,"ocean_custom_logo_max_height":0,"ocean_custom_logo_tablet_max_height":0,"ocean_custom_logo_mobile_max_height":0,"ocean_header_custom_menu":"","ocean_menu_typo_font_family":"","ocean_menu_typo_font_subset":"","ocean_menu_typo_font_size":0,"ocean_menu_typo_font_size_tablet":0,"ocean_menu_typo_font_size_mobile":0,"ocean_menu_typo_font_size_unit":"px","ocean_menu_typo_font_weight":"","ocean_menu_typo_font_weight_tablet":"","ocean_menu_typo_font_weight_mobile":"","ocean_menu_typo_transform":"","ocean_menu_typo_transform_tablet":"","ocean_menu_typo_transform_mobile":"","ocean_menu_typo_line_height":0,"ocean_menu_typo_line_height_tablet":0,"ocean_menu_typo_line_height_mobile":0,"ocean_menu_typo_line_height_unit":"","ocean_menu_typo_spacing":0,"ocean_menu_typo_spacing_tablet":0,"ocean_menu_typo_spacing_mobile":0,"ocean_menu_typo_spacing_unit":"","ocean_menu_link_color":"","ocean_menu_link_color_hover":"","ocean_menu_link_color_active":"","ocean_menu_link_background":"","ocean_menu_link_hover_background":"","ocean_menu_link_active_background":"","ocean_menu_social_links_bg":"","ocean_menu_social_hover_links_bg":"","ocean_menu_social_links_color":"","ocean_menu_social_hover_links_color":"","ocean_disable_title":"default","ocean_disable_heading":"default","ocean_post_title":"","ocean_post_subheading":"","ocean_post_title_style":"","ocean_post_title_background_color":"","ocean_post_title_background":0,"ocean_post_title_bg_image_position":"","ocean_post_title_bg_image_attachment":"","ocean_post_title_bg_image_repeat":"","ocean_post_title_bg_image_size":"","ocean_post_title_height":0,"ocean_post_title_bg_overlay":0.5,"ocean_post_title_bg_overlay_color":"","ocean_disable_breadcrumbs":"default","ocean_breadcrumbs_color":"","ocean_breadcrumbs_separator_color":"","ocean_breadcrumbs_links_color":"","ocean_breadcrumbs_links_hover_color":"","ocean_display_footer_widgets":"default","ocean_display_footer_bottom":"default","ocean_custom_footer_template":"","osh_disable_topbar_sticky":"default","osh_disable_header_sticky":"default","osh_sticky_header_style":"default","osh_sticky_header_effect":"","osh_custom_sticky_logo":0,"osh_custom_retina_sticky_logo":0,"osh_custom_sticky_logo_height":0,"osh_background_color":"","osh_links_color":"","osh_links_hover_color":"","osh_links_active_color":"","osh_links_bg_color":"","osh_links_hover_bg_color":"","osh_links_active_bg_color":"","osh_menu_social_links_color":"","osh_menu_social_hover_links_color":"","_FSMCFIC_featured_image_caption":"","_FSMCFIC_featured_image_nocaption":"","_FSMCFIC_featured_image_hide":"","_metis_text_type":"standard","_metis_text_length":7466,"_post_count":0,"_jetpack_memberships_contains_paid_content":false,"activitypub_content_warning":"","activitypub_content_visibility":"","activitypub_max_image_attachments":4,"activitypub_interaction_policy_quote":"anyone","activitypub_status":"","ocean_post_oembed":"","ocean_post_self_hosted_media":"","ocean_post_video_embed":"","ocean_link_format":"","ocean_link_format_target":"self","ocean_quote_format":"","ocean_quote_format_link":"post","ocean_gallery_link_images":"on","ocean_gallery_id":[],"footnotes":"","jetpack_publicize_message":"Die Armut der Argumente bei der WELT und ein irrer Nazihaufen, der weniger Sorge bereitet als Kunst.","jetpack_publicize_feature_enabled":true,"jetpack_social_post_already_shared":true,"jetpack_social_options":{"image_generator_settings":{"template":"highway","default_image_id":0,"font":"","enabled":false},"version":2}},"categories":[4187,2695,2648],"tags":[3969,3970,3594,2344,3968],"class_list":["post-8789","post","type-post","status-publish","format-standard","has-post-thumbnail","hentry","category-die-kommunikation","category-die-kultur","category-dieurteilskraft","tag-alan-posener","tag-birgit-kelle","tag-die-welt","tag-journalismus","tag-ulf-poschardt","entry","has-media"],"yoast_head":"<!-- This site is optimized with the Yoast SEO plugin v27.5 - https:\/\/yoast.com\/product\/yoast-seo-wordpress\/ -->\n<title>Die Armut der Argumente bei der WELT und \u201ejeder irre Nazihaufen\u201c - Kritische Masse<\/title>\n<meta name=\"robots\" content=\"index, follow, max-snippet:-1, max-image-preview:large, max-video-preview:-1\" \/>\n<link rel=\"canonical\" href=\"https:\/\/www.kritische-masse.de\/logbuch\/2018\/12\/die-armut-der-argumente-bei-der-welt-und-jeder-irre-nazihaufen\/\" \/>\n<meta property=\"og:locale\" content=\"de_DE\" \/>\n<meta property=\"og:type\" content=\"article\" \/>\n<meta property=\"og:title\" content=\"Die Armut der Argumente bei der WELT und \u201ejeder irre Nazihaufen\u201c - Kritische Masse\" \/>\n<meta property=\"og:description\" content=\"Was zum Teufel ist bei der WELT nur los. Erst vergaloppiert sich der Chefredakteur Ulf Poschardt, dann korrigiert ihn sein Kommentator Alan Posener, schlie\u00dflich werden bei der WELT-Kolumnistin Birgit Kelle irre Nazihaufen fast schon zu Verteidigerinnen der Grundrechte, im Gegensatz zu Aktionsk\u00fcnstlern. Bitte? Bitte! Kelles Sorgen m\u00f6chte ich wirklich nicht haben. Gewiss, mag sein, dass [&hellip;]\" \/>\n<meta property=\"og:url\" content=\"https:\/\/www.kritische-masse.de\/logbuch\/2018\/12\/die-armut-der-argumente-bei-der-welt-und-jeder-irre-nazihaufen\/\" \/>\n<meta property=\"og:site_name\" content=\"Kritische Masse\" \/>\n<meta property=\"article:publisher\" content=\"https:\/\/www.facebook.com\/hufner\" \/>\n<meta property=\"article:author\" content=\"https:\/\/www.facebook.com\/hufner\" \/>\n<meta property=\"article:published_time\" content=\"2018-12-12T10:19:54+00:00\" \/>\n<meta name=\"author\" content=\"der huflaikhan\" \/>\n<meta name=\"twitter:label1\" content=\"Verfasst von\" \/>\n\t<meta name=\"twitter:data1\" content=\"der huflaikhan\" \/>\n\t<meta name=\"twitter:label2\" content=\"Gesch\u00e4tzte Lesezeit\" \/>\n\t<meta name=\"twitter:data2\" content=\"6\u00a0Minuten\" \/>\n<script type=\"application\/ld+json\" class=\"yoast-schema-graph\">{\"@context\":\"https:\\\/\\\/schema.org\",\"@graph\":[{\"@type\":\"Article\",\"@id\":\"https:\\\/\\\/www.kritische-masse.de\\\/logbuch\\\/2018\\\/12\\\/die-armut-der-argumente-bei-der-welt-und-jeder-irre-nazihaufen\\\/#article\",\"isPartOf\":{\"@id\":\"https:\\\/\\\/www.kritische-masse.de\\\/logbuch\\\/2018\\\/12\\\/die-armut-der-argumente-bei-der-welt-und-jeder-irre-nazihaufen\\\/\"},\"author\":{\"name\":\"der huflaikhan\",\"@id\":\"https:\\\/\\\/www.kritische-masse.de\\\/logbuch\\\/#\\\/schema\\\/person\\\/14c491f46504e7f6b79db161f76def1c\"},\"headline\":\"Die Armut der Argumente bei der WELT und \u201ejeder irre Nazihaufen\u201c\",\"datePublished\":\"2018-12-12T10:19:54+00:00\",\"mainEntityOfPage\":{\"@id\":\"https:\\\/\\\/www.kritische-masse.de\\\/logbuch\\\/2018\\\/12\\\/die-armut-der-argumente-bei-der-welt-und-jeder-irre-nazihaufen\\\/\"},\"wordCount\":1169,\"commentCount\":0,\"publisher\":{\"@id\":\"https:\\\/\\\/www.kritische-masse.de\\\/logbuch\\\/#\\\/schema\\\/person\\\/14c491f46504e7f6b79db161f76def1c\"},\"image\":{\"@id\":\"https:\\\/\\\/www.kritische-masse.de\\\/logbuch\\\/2018\\\/12\\\/die-armut-der-argumente-bei-der-welt-und-jeder-irre-nazihaufen\\\/#primaryimage\"},\"thumbnailUrl\":\"\",\"keywords\":[\"Alan Posener\",\"Birgit Kelle\",\"Die WELT\",\"Journalismus\",\"Ulf Poschardt\"],\"articleSection\":[\"die Kommunikation\",\"die Kultur\",\"die Urteilskraft\"],\"inLanguage\":\"de\",\"potentialAction\":[{\"@type\":\"CommentAction\",\"name\":\"Comment\",\"target\":[\"https:\\\/\\\/www.kritische-masse.de\\\/logbuch\\\/2018\\\/12\\\/die-armut-der-argumente-bei-der-welt-und-jeder-irre-nazihaufen\\\/#respond\"]}]},{\"@type\":\"WebPage\",\"@id\":\"https:\\\/\\\/www.kritische-masse.de\\\/logbuch\\\/2018\\\/12\\\/die-armut-der-argumente-bei-der-welt-und-jeder-irre-nazihaufen\\\/\",\"url\":\"https:\\\/\\\/www.kritische-masse.de\\\/logbuch\\\/2018\\\/12\\\/die-armut-der-argumente-bei-der-welt-und-jeder-irre-nazihaufen\\\/\",\"name\":\"Die Armut der Argumente bei der WELT und \u201ejeder irre Nazihaufen\u201c - Kritische Masse\",\"isPartOf\":{\"@id\":\"https:\\\/\\\/www.kritische-masse.de\\\/logbuch\\\/#website\"},\"primaryImageOfPage\":{\"@id\":\"https:\\\/\\\/www.kritische-masse.de\\\/logbuch\\\/2018\\\/12\\\/die-armut-der-argumente-bei-der-welt-und-jeder-irre-nazihaufen\\\/#primaryimage\"},\"image\":{\"@id\":\"https:\\\/\\\/www.kritische-masse.de\\\/logbuch\\\/2018\\\/12\\\/die-armut-der-argumente-bei-der-welt-und-jeder-irre-nazihaufen\\\/#primaryimage\"},\"thumbnailUrl\":\"\",\"datePublished\":\"2018-12-12T10:19:54+00:00\",\"breadcrumb\":{\"@id\":\"https:\\\/\\\/www.kritische-masse.de\\\/logbuch\\\/2018\\\/12\\\/die-armut-der-argumente-bei-der-welt-und-jeder-irre-nazihaufen\\\/#breadcrumb\"},\"inLanguage\":\"de\",\"potentialAction\":[{\"@type\":\"ReadAction\",\"target\":[\"https:\\\/\\\/www.kritische-masse.de\\\/logbuch\\\/2018\\\/12\\\/die-armut-der-argumente-bei-der-welt-und-jeder-irre-nazihaufen\\\/\"]}]},{\"@type\":\"ImageObject\",\"inLanguage\":\"de\",\"@id\":\"https:\\\/\\\/www.kritische-masse.de\\\/logbuch\\\/2018\\\/12\\\/die-armut-der-argumente-bei-der-welt-und-jeder-irre-nazihaufen\\\/#primaryimage\",\"url\":\"\",\"contentUrl\":\"\"},{\"@type\":\"BreadcrumbList\",\"@id\":\"https:\\\/\\\/www.kritische-masse.de\\\/logbuch\\\/2018\\\/12\\\/die-armut-der-argumente-bei-der-welt-und-jeder-irre-nazihaufen\\\/#breadcrumb\",\"itemListElement\":[{\"@type\":\"ListItem\",\"position\":1,\"name\":\"Startseite\",\"item\":\"https:\\\/\\\/www.kritische-masse.de\\\/logbuch\\\/\"},{\"@type\":\"ListItem\",\"position\":2,\"name\":\"Die Armut der Argumente bei der WELT und \u201ejeder irre Nazihaufen\u201c\"}]},{\"@type\":\"WebSite\",\"@id\":\"https:\\\/\\\/www.kritische-masse.de\\\/logbuch\\\/#website\",\"url\":\"https:\\\/\\\/www.kritische-masse.de\\\/logbuch\\\/\",\"name\":\"kritische masse\",\"description\":\"amt f\u00fcr vermassungsschutz\",\"publisher\":{\"@id\":\"https:\\\/\\\/www.kritische-masse.de\\\/logbuch\\\/#\\\/schema\\\/person\\\/14c491f46504e7f6b79db161f76def1c\"},\"alternateName\":\"das logbuch der kritischen masse\",\"potentialAction\":[{\"@type\":\"SearchAction\",\"target\":{\"@type\":\"EntryPoint\",\"urlTemplate\":\"https:\\\/\\\/www.kritische-masse.de\\\/logbuch\\\/?s={search_term_string}\"},\"query-input\":{\"@type\":\"PropertyValueSpecification\",\"valueRequired\":true,\"valueName\":\"search_term_string\"}}],\"inLanguage\":\"de\"},{\"@type\":[\"Person\",\"Organization\"],\"@id\":\"https:\\\/\\\/www.kritische-masse.de\\\/logbuch\\\/#\\\/schema\\\/person\\\/14c491f46504e7f6b79db161f76def1c\",\"name\":\"der huflaikhan\",\"image\":{\"@type\":\"ImageObject\",\"inLanguage\":\"de\",\"@id\":\"https:\\\/\\\/www.kritische-masse.de\\\/logbuch\\\/wp-content\\\/uploads\\\/2024\\\/01\\\/cropped-kritischmasse_man_512.jpg\",\"url\":\"https:\\\/\\\/www.kritische-masse.de\\\/logbuch\\\/wp-content\\\/uploads\\\/2024\\\/01\\\/cropped-kritischmasse_man_512.jpg\",\"contentUrl\":\"https:\\\/\\\/www.kritische-masse.de\\\/logbuch\\\/wp-content\\\/uploads\\\/2024\\\/01\\\/cropped-kritischmasse_man_512.jpg\",\"width\":512,\"height\":512,\"caption\":\"der huflaikhan\"},\"logo\":{\"@id\":\"https:\\\/\\\/www.kritische-masse.de\\\/logbuch\\\/wp-content\\\/uploads\\\/2024\\\/01\\\/cropped-kritischmasse_man_512.jpg\"},\"description\":\"Betreiber der Kritischen Masse seit 1995. Seit 2023 Wiederaufnahme. Promotion mit einer Arbeit \u00fcber Adornos kompositorische und theoretische Auseinandersetzung mit der Zw\u00f6lftontechnik. Arbeit f\u00fcr den Bayerischen und den Mitteldeutschen Rundfunk als freier Autor und Regisseur \u2013 zumindest bis Ende 2015. Online-Redaktion f\u00fcr neue musikzeitung, Jazzzeitung und Oper &amp; Tanz. Ungl\u00fccklich, aber fast taub.\",\"sameAs\":[\"https:\\\/\\\/www.kritische-masse.de\\\/logbuch\\\/\",\"https:\\\/\\\/www.facebook.com\\\/hufner\"],\"url\":\"https:\\\/\\\/www.kritische-masse.de\\\/logbuch\\\/author\\\/martin_d1juqiu5\\\/\"}]}<\/script>\n<!-- \/ Yoast SEO plugin. -->","yoast_head_json":{"title":"Die Armut der Argumente bei der WELT und \u201ejeder irre Nazihaufen\u201c - Kritische Masse","robots":{"index":"index","follow":"follow","max-snippet":"max-snippet:-1","max-image-preview":"max-image-preview:large","max-video-preview":"max-video-preview:-1"},"canonical":"https:\/\/www.kritische-masse.de\/logbuch\/2018\/12\/die-armut-der-argumente-bei-der-welt-und-jeder-irre-nazihaufen\/","og_locale":"de_DE","og_type":"article","og_title":"Die Armut der Argumente bei der WELT und \u201ejeder irre Nazihaufen\u201c - Kritische Masse","og_description":"Was zum Teufel ist bei der WELT nur los. Erst vergaloppiert sich der Chefredakteur Ulf Poschardt, dann korrigiert ihn sein Kommentator Alan Posener, schlie\u00dflich werden bei der WELT-Kolumnistin Birgit Kelle irre Nazihaufen fast schon zu Verteidigerinnen der Grundrechte, im Gegensatz zu Aktionsk\u00fcnstlern. Bitte? Bitte! Kelles Sorgen m\u00f6chte ich wirklich nicht haben. Gewiss, mag sein, dass [&hellip;]","og_url":"https:\/\/www.kritische-masse.de\/logbuch\/2018\/12\/die-armut-der-argumente-bei-der-welt-und-jeder-irre-nazihaufen\/","og_site_name":"Kritische Masse","article_publisher":"https:\/\/www.facebook.com\/hufner","article_author":"https:\/\/www.facebook.com\/hufner","article_published_time":"2018-12-12T10:19:54+00:00","author":"der huflaikhan","twitter_misc":{"Verfasst von":"der huflaikhan","Gesch\u00e4tzte Lesezeit":"6\u00a0Minuten"},"schema":{"@context":"https:\/\/schema.org","@graph":[{"@type":"Article","@id":"https:\/\/www.kritische-masse.de\/logbuch\/2018\/12\/die-armut-der-argumente-bei-der-welt-und-jeder-irre-nazihaufen\/#article","isPartOf":{"@id":"https:\/\/www.kritische-masse.de\/logbuch\/2018\/12\/die-armut-der-argumente-bei-der-welt-und-jeder-irre-nazihaufen\/"},"author":{"name":"der huflaikhan","@id":"https:\/\/www.kritische-masse.de\/logbuch\/#\/schema\/person\/14c491f46504e7f6b79db161f76def1c"},"headline":"Die Armut der Argumente bei der WELT und \u201ejeder irre Nazihaufen\u201c","datePublished":"2018-12-12T10:19:54+00:00","mainEntityOfPage":{"@id":"https:\/\/www.kritische-masse.de\/logbuch\/2018\/12\/die-armut-der-argumente-bei-der-welt-und-jeder-irre-nazihaufen\/"},"wordCount":1169,"commentCount":0,"publisher":{"@id":"https:\/\/www.kritische-masse.de\/logbuch\/#\/schema\/person\/14c491f46504e7f6b79db161f76def1c"},"image":{"@id":"https:\/\/www.kritische-masse.de\/logbuch\/2018\/12\/die-armut-der-argumente-bei-der-welt-und-jeder-irre-nazihaufen\/#primaryimage"},"thumbnailUrl":"","keywords":["Alan Posener","Birgit Kelle","Die WELT","Journalismus","Ulf Poschardt"],"articleSection":["die Kommunikation","die Kultur","die Urteilskraft"],"inLanguage":"de","potentialAction":[{"@type":"CommentAction","name":"Comment","target":["https:\/\/www.kritische-masse.de\/logbuch\/2018\/12\/die-armut-der-argumente-bei-der-welt-und-jeder-irre-nazihaufen\/#respond"]}]},{"@type":"WebPage","@id":"https:\/\/www.kritische-masse.de\/logbuch\/2018\/12\/die-armut-der-argumente-bei-der-welt-und-jeder-irre-nazihaufen\/","url":"https:\/\/www.kritische-masse.de\/logbuch\/2018\/12\/die-armut-der-argumente-bei-der-welt-und-jeder-irre-nazihaufen\/","name":"Die Armut der Argumente bei der WELT und \u201ejeder irre Nazihaufen\u201c - Kritische Masse","isPartOf":{"@id":"https:\/\/www.kritische-masse.de\/logbuch\/#website"},"primaryImageOfPage":{"@id":"https:\/\/www.kritische-masse.de\/logbuch\/2018\/12\/die-armut-der-argumente-bei-der-welt-und-jeder-irre-nazihaufen\/#primaryimage"},"image":{"@id":"https:\/\/www.kritische-masse.de\/logbuch\/2018\/12\/die-armut-der-argumente-bei-der-welt-und-jeder-irre-nazihaufen\/#primaryimage"},"thumbnailUrl":"","datePublished":"2018-12-12T10:19:54+00:00","breadcrumb":{"@id":"https:\/\/www.kritische-masse.de\/logbuch\/2018\/12\/die-armut-der-argumente-bei-der-welt-und-jeder-irre-nazihaufen\/#breadcrumb"},"inLanguage":"de","potentialAction":[{"@type":"ReadAction","target":["https:\/\/www.kritische-masse.de\/logbuch\/2018\/12\/die-armut-der-argumente-bei-der-welt-und-jeder-irre-nazihaufen\/"]}]},{"@type":"ImageObject","inLanguage":"de","@id":"https:\/\/www.kritische-masse.de\/logbuch\/2018\/12\/die-armut-der-argumente-bei-der-welt-und-jeder-irre-nazihaufen\/#primaryimage","url":"","contentUrl":""},{"@type":"BreadcrumbList","@id":"https:\/\/www.kritische-masse.de\/logbuch\/2018\/12\/die-armut-der-argumente-bei-der-welt-und-jeder-irre-nazihaufen\/#breadcrumb","itemListElement":[{"@type":"ListItem","position":1,"name":"Startseite","item":"https:\/\/www.kritische-masse.de\/logbuch\/"},{"@type":"ListItem","position":2,"name":"Die Armut der Argumente bei der WELT und \u201ejeder irre Nazihaufen\u201c"}]},{"@type":"WebSite","@id":"https:\/\/www.kritische-masse.de\/logbuch\/#website","url":"https:\/\/www.kritische-masse.de\/logbuch\/","name":"kritische masse","description":"amt f\u00fcr vermassungsschutz","publisher":{"@id":"https:\/\/www.kritische-masse.de\/logbuch\/#\/schema\/person\/14c491f46504e7f6b79db161f76def1c"},"alternateName":"das logbuch der kritischen masse","potentialAction":[{"@type":"SearchAction","target":{"@type":"EntryPoint","urlTemplate":"https:\/\/www.kritische-masse.de\/logbuch\/?s={search_term_string}"},"query-input":{"@type":"PropertyValueSpecification","valueRequired":true,"valueName":"search_term_string"}}],"inLanguage":"de"},{"@type":["Person","Organization"],"@id":"https:\/\/www.kritische-masse.de\/logbuch\/#\/schema\/person\/14c491f46504e7f6b79db161f76def1c","name":"der huflaikhan","image":{"@type":"ImageObject","inLanguage":"de","@id":"https:\/\/www.kritische-masse.de\/logbuch\/wp-content\/uploads\/2024\/01\/cropped-kritischmasse_man_512.jpg","url":"https:\/\/www.kritische-masse.de\/logbuch\/wp-content\/uploads\/2024\/01\/cropped-kritischmasse_man_512.jpg","contentUrl":"https:\/\/www.kritische-masse.de\/logbuch\/wp-content\/uploads\/2024\/01\/cropped-kritischmasse_man_512.jpg","width":512,"height":512,"caption":"der huflaikhan"},"logo":{"@id":"https:\/\/www.kritische-masse.de\/logbuch\/wp-content\/uploads\/2024\/01\/cropped-kritischmasse_man_512.jpg"},"description":"Betreiber der Kritischen Masse seit 1995. Seit 2023 Wiederaufnahme. Promotion mit einer Arbeit \u00fcber Adornos kompositorische und theoretische Auseinandersetzung mit der Zw\u00f6lftontechnik. Arbeit f\u00fcr den Bayerischen und den Mitteldeutschen Rundfunk als freier Autor und Regisseur \u2013 zumindest bis Ende 2015. Online-Redaktion f\u00fcr neue musikzeitung, Jazzzeitung und Oper &amp; Tanz. Ungl\u00fccklich, aber fast taub.","sameAs":["https:\/\/www.kritische-masse.de\/logbuch\/","https:\/\/www.facebook.com\/hufner"],"url":"https:\/\/www.kritische-masse.de\/logbuch\/author\/martin_d1juqiu5\/"}]}},"jetpack_publicize_connections":[],"jetpack_featured_media_url":"","categories_names":["die Kommunikation","die Kultur","die Urteilskraft"],"post_class":[["post-8789","post","type-post","status-publish","format-standard","has-post-thumbnail","hentry","category-die-kommunikation","category-die-kultur","category-dieurteilskraft","tag-alan-posener","tag-birgit-kelle","tag-die-welt","tag-journalismus","tag-ulf-poschardt","entry","has-media"]],"author_avatar":["<img alt='' src='https:\/\/secure.gravatar.com\/avatar\/c23aee426d58e69f14ef471114d4cac215eec702ee1bc331e2a62ea77e96ed60?s=96&#038;d=blank&#038;r=g' srcset='https:\/\/secure.gravatar.com\/avatar\/c23aee426d58e69f14ef471114d4cac215eec702ee1bc331e2a62ea77e96ed60?s=192&#038;d=blank&#038;r=g 2x' class='avatar avatar-96 photo' height='96' width='96' loading='lazy' decoding='async'\/>"],"featured_video":null,"jetpack-related-posts":[{"id":8788,"url":"https:\/\/www.kritische-masse.de\/logbuch\/2018\/12\/ulf-poschardt-die-welt-als-intellektuellenbefreite-zone\/","url_meta":{"origin":8789,"position":0},"title":"Ulf Poschardt: Die WELT als intellektuellenbefreite Zone","author":"der huflaikhan","date":"10. Dezember 2018","format":false,"excerpt":"Manchmal wei\u00df man nicht mehr, was den einen oder anderen Chefredakteur einer Zeitung umtreibt. Hier hat sich Ulf Poschardt im Zusammenhang mit den Ver\u00e4nderungen in der CDU weit aus dem Fenster gelehnt und zu bestimmen versucht, welcher Art und wessen Geistes die Intellektuellen oder K\u00fcnstler in diesem Land sind. Er\u2026","rel":"","context":"In &quot;die Kommunikation&quot;","block_context":{"text":"die Kommunikation","link":"https:\/\/www.kritische-masse.de\/logbuch\/category\/angriffauf\/die-kommunikation\/"},"img":{"alt_text":"Die subventionierte Kunst im bequemen Elfenbeinturm. So sieht es Ulf Poschardt. Foto: Martin Hufner","src":"https:\/\/i0.wp.com\/www.kritische-masse.de\/logbuch\/wp-content\/uploads\/2018\/12\/musik_hinter_glas_hufner-1024x678.jpg?resize=350%2C200&ssl=1","width":350,"height":200,"srcset":"https:\/\/i0.wp.com\/www.kritische-masse.de\/logbuch\/wp-content\/uploads\/2018\/12\/musik_hinter_glas_hufner-1024x678.jpg?resize=350%2C200&ssl=1 1x, https:\/\/i0.wp.com\/www.kritische-masse.de\/logbuch\/wp-content\/uploads\/2018\/12\/musik_hinter_glas_hufner-1024x678.jpg?resize=525%2C300&ssl=1 1.5x, https:\/\/i0.wp.com\/www.kritische-masse.de\/logbuch\/wp-content\/uploads\/2018\/12\/musik_hinter_glas_hufner-1024x678.jpg?resize=700%2C400&ssl=1 2x"},"classes":[]},{"id":10542,"url":"https:\/\/www.kritische-masse.de\/logbuch\/2024\/12\/helden-maulhelden-elons-neue-eigene-zeitung-in-deutschland-arnos-kantatenfinder\/","url_meta":{"origin":8789,"position":1},"title":"Helden \u2026 Maulhelden \u2026 Elons neue eigene Zeitung in Deutschland \u2026 Arnos Kantatenfinder","author":"der huflaikhan","date":"29. Dezember 2024","format":false,"excerpt":"Wir m\u00fcssen auf die WELT verzichten so wie auf X und seinen Besitzer +++ Fahren die Zeitungsfaschisten ihre Unternehmungen ungebremst an die Wand? +++ Die unterschiedlichen Versionen des Begriffs von Meinungsfreiheit innerhalb der WELT +++ Wann kauft sich Elon M. ein eigenes Land?","rel":"","context":"In &quot;Angriff auf \u2026&quot;","block_context":{"text":"Angriff auf \u2026","link":"https:\/\/www.kritische-masse.de\/logbuch\/category\/angriffauf\/"},"img":{"alt_text":"Leben im Nebel. Foto: Hufner","src":"https:\/\/i0.wp.com\/www.kritische-masse.de\/logbuch\/wp-content\/uploads\/2024\/12\/TTInputImage-756916751.513667-scaled.jpeg?fit=1200%2C900&ssl=1&resize=350%2C200","width":350,"height":200,"srcset":"https:\/\/i0.wp.com\/www.kritische-masse.de\/logbuch\/wp-content\/uploads\/2024\/12\/TTInputImage-756916751.513667-scaled.jpeg?fit=1200%2C900&ssl=1&resize=350%2C200 1x, https:\/\/i0.wp.com\/www.kritische-masse.de\/logbuch\/wp-content\/uploads\/2024\/12\/TTInputImage-756916751.513667-scaled.jpeg?fit=1200%2C900&ssl=1&resize=525%2C300 1.5x, https:\/\/i0.wp.com\/www.kritische-masse.de\/logbuch\/wp-content\/uploads\/2024\/12\/TTInputImage-756916751.513667-scaled.jpeg?fit=1200%2C900&ssl=1&resize=700%2C400 2x, https:\/\/i0.wp.com\/www.kritische-masse.de\/logbuch\/wp-content\/uploads\/2024\/12\/TTInputImage-756916751.513667-scaled.jpeg?fit=1200%2C900&ssl=1&resize=1050%2C600 3x"},"classes":[]},{"id":8528,"url":"https:\/\/www.kritische-masse.de\/logbuch\/2015\/01\/doppelt-gemoppelt-der-statistikfetisch-horizontarmut-van\/","url_meta":{"origin":8789,"position":2},"title":"Doppelt gemoppelt \u2013 Der Statistikfetisch \u2013 Horizontarmut \u2013 VAN","author":"der huflaikhan","date":"12. Januar 2015","format":false,"excerpt":"Am Ende des Jahres kommen die News der Theater im Tagestakt. Da \u00fcbertrumpft man sich mit Auslastungszahlen, Besucherrekorden und \u00e4hnlichem. Denn Zahlen sind wichtig. Sie sind Kennzahlen f\u00fcr den Erfolg der Institution. Das Quotenrennen ist irrsinnig, dient aber vor allem der Legitimation der Tragf\u00e4higkeit angesichts sinkender Kulturetats. Man ist der\u2026","rel":"","context":"In &quot;die Politik&quot;","block_context":{"text":"die Politik","link":"https:\/\/www.kritische-masse.de\/logbuch\/category\/angriffauf\/die-politik\/"},"img":{"alt_text":"","src":"","width":0,"height":0},"classes":[]},{"id":9522,"url":"https:\/\/www.kritische-masse.de\/logbuch\/2024\/04\/manifest-der-flitzpiepen\/","url_meta":{"origin":8789,"position":3},"title":"Manifest der Flitzpiepen","author":"der huflaikhan","date":"4. April 2024","format":false,"excerpt":"\u201eDas 'Manifest f\u00fcr einen neuen \u00f6ffentlich-rechtlichen Rundfunk in Deutschland' sorgt aktuell f\u00fcr Aufsehen und Schlagzeilen in der Medienbranche\u201c \u2013 schreibt Horizont. Ich verlinke das absichtlich nicht. Denn es versammeln sich unter diesem Manifest die \u00fcblichen Verd\u00e4chtigen wie Guerot, Walach, Fitz, Bohn \u2026 etc. und so viele andere, die Pluralismus damit\u2026","rel":"","context":"In &quot;Angriff auf \u2026&quot;","block_context":{"text":"Angriff auf \u2026","link":"https:\/\/www.kritische-masse.de\/logbuch\/category\/angriffauf\/"},"img":{"alt_text":"Kunst am Umbau. Foto @ MH","src":"https:\/\/i0.wp.com\/www.kritische-masse.de\/logbuch\/wp-content\/uploads\/2024\/04\/Kunst-am-Umbau.-Foto-%40-MH.jpg?fit=1200%2C897&ssl=1&resize=350%2C200","width":350,"height":200,"srcset":"https:\/\/i0.wp.com\/www.kritische-masse.de\/logbuch\/wp-content\/uploads\/2024\/04\/Kunst-am-Umbau.-Foto-%40-MH.jpg?fit=1200%2C897&ssl=1&resize=350%2C200 1x, https:\/\/i0.wp.com\/www.kritische-masse.de\/logbuch\/wp-content\/uploads\/2024\/04\/Kunst-am-Umbau.-Foto-%40-MH.jpg?fit=1200%2C897&ssl=1&resize=525%2C300 1.5x, https:\/\/i0.wp.com\/www.kritische-masse.de\/logbuch\/wp-content\/uploads\/2024\/04\/Kunst-am-Umbau.-Foto-%40-MH.jpg?fit=1200%2C897&ssl=1&resize=700%2C400 2x, https:\/\/i0.wp.com\/www.kritische-masse.de\/logbuch\/wp-content\/uploads\/2024\/04\/Kunst-am-Umbau.-Foto-%40-MH.jpg?fit=1200%2C897&ssl=1&resize=1050%2C600 3x"},"classes":[]},{"id":3508,"url":"https:\/\/www.kritische-masse.de\/logbuch\/2015\/11\/verlorene-generation-jetzt-radikalisiert\/","url_meta":{"origin":8789,"position":4},"title":"Verlorene Generation \u2013 Intellektuellenradikalinskis","author":"huflaikhan","date":"14. November 2015","format":false,"excerpt":"Es gibt diese Generation der radikalen Heimatlosen. Sie steckt so zeitlich zeitlich zwischen mir und den \u00c4lteren wie Habermas und Kluge. Ihre Vertreter kommen meistens aus einer \u201elinken\u201c Ecke, haben dort alles gelernt, was man lernen muss, um mit Sprache umzugehen, kennen Marx fast auswendig und je nach Lager auch\u2026","rel":"","context":"In &quot;Angriff auf \u2026&quot;","block_context":{"text":"Angriff auf \u2026","link":"https:\/\/www.kritische-masse.de\/logbuch\/category\/angriffauf\/"},"img":{"alt_text":"Behandlung w\u00e4re gut. Foto: Hufner","src":"https:\/\/i0.wp.com\/www.kritische-masse.de\/logbuch\/wp-content\/uploads\/2015\/11\/behandlung_c_hufner_0.jpg?fit=1200%2C900&ssl=1&resize=350%2C200","width":350,"height":200,"srcset":"https:\/\/i0.wp.com\/www.kritische-masse.de\/logbuch\/wp-content\/uploads\/2015\/11\/behandlung_c_hufner_0.jpg?fit=1200%2C900&ssl=1&resize=350%2C200 1x, https:\/\/i0.wp.com\/www.kritische-masse.de\/logbuch\/wp-content\/uploads\/2015\/11\/behandlung_c_hufner_0.jpg?fit=1200%2C900&ssl=1&resize=525%2C300 1.5x, https:\/\/i0.wp.com\/www.kritische-masse.de\/logbuch\/wp-content\/uploads\/2015\/11\/behandlung_c_hufner_0.jpg?fit=1200%2C900&ssl=1&resize=700%2C400 2x, https:\/\/i0.wp.com\/www.kritische-masse.de\/logbuch\/wp-content\/uploads\/2015\/11\/behandlung_c_hufner_0.jpg?fit=1200%2C900&ssl=1&resize=1050%2C600 3x"},"classes":[]},{"id":771,"url":"https:\/\/www.kritische-masse.de\/logbuch\/2004\/09\/und-endlich\/","url_meta":{"origin":8789,"position":5},"title":"Und endlich","author":"huflaikhan","date":"22. September 2004","format":false,"excerpt":"Und endlich stirbt die Sehnsucht doch, wie Bl\u00fcten sterben im Kellerloch, die t\u00e4glich auf ein bi\u00dfchen Sonne warten. Und endlich stirbt die Sehnsucht doch, wie Bl\u00fcten sterben im Kellerloch, die t\u00e4glich auf ein bi\u00dfchen Sonne warten. Wie Tiere sterben, die man lieblos h\u00e4lt. Und alles Unbetreute in der Welt. Man\u2026","rel":"","context":"In \"Lyrik\"","block_context":{"text":"Lyrik","link":"https:\/\/www.kritische-masse.de\/logbuch\/tag\/lyrik\/"},"img":{"alt_text":"","src":"","width":0,"height":0},"classes":[]}],"jetpack_sharing_enabled":true,"_links":{"self":[{"href":"https:\/\/www.kritische-masse.de\/logbuch\/wp-json\/wp\/v2\/posts\/8789","targetHints":{"allow":["GET"]}}],"collection":[{"href":"https:\/\/www.kritische-masse.de\/logbuch\/wp-json\/wp\/v2\/posts"}],"about":[{"href":"https:\/\/www.kritische-masse.de\/logbuch\/wp-json\/wp\/v2\/types\/post"}],"author":[{"embeddable":true,"href":"https:\/\/www.kritische-masse.de\/logbuch\/wp-json\/wp\/v2\/users\/1"}],"replies":[{"embeddable":true,"href":"https:\/\/www.kritische-masse.de\/logbuch\/wp-json\/wp\/v2\/comments?post=8789"}],"version-history":[{"count":0,"href":"https:\/\/www.kritische-masse.de\/logbuch\/wp-json\/wp\/v2\/posts\/8789\/revisions"}],"wp:featuredmedia":[{"embeddable":true,"href":"https:\/\/www.kritische-masse.de\/logbuch\/wp-json\/wp\/v2\/posts\/1501"}],"wp:attachment":[{"href":"https:\/\/www.kritische-masse.de\/logbuch\/wp-json\/wp\/v2\/media?parent=8789"}],"wp:term":[{"taxonomy":"category","embeddable":true,"href":"https:\/\/www.kritische-masse.de\/logbuch\/wp-json\/wp\/v2\/categories?post=8789"},{"taxonomy":"post_tag","embeddable":true,"href":"https:\/\/www.kritische-masse.de\/logbuch\/wp-json\/wp\/v2\/tags?post=8789"}],"curies":[{"name":"wp","href":"https:\/\/api.w.org\/{rel}","templated":true}]}}