{"id":8808,"date":"2019-08-05T12:06:47","date_gmt":"2019-08-05T10:06:47","guid":{"rendered":"https:\/\/musikunrat.de\/?p=1893"},"modified":"2019-08-05T12:06:47","modified_gmt":"2019-08-05T10:06:47","slug":"sendungen-zu-adorno-in-kw-32-uebersicht-ueber-weniges","status":"publish","type":"post","link":"https:\/\/www.kritische-masse.de\/logbuch\/2019\/08\/sendungen-zu-adorno-in-kw-32-uebersicht-ueber-weniges\/","title":{"rendered":"Sendungen zu Adorno in KW 32 \u2013 \u00dcbersicht \u00fcber Weniges"},"content":{"rendered":"<div class=\"shariff shariff-align-left shariff-widget-align-left\"><ul class=\"shariff-buttons theme-white orientation-horizontal buttonsize-small\"><li class=\"shariff-button mastodon shariff-nocustomcolor\" style=\"background-color:#563ACC\"><a href=\"https:\/\/s2f.kytta.dev\/?text=Sendungen%20zu%20Adorno%20in%20KW%2032%20%E2%80%93%20%C3%9Cbersicht%20%C3%BCber%20Weniges https%3A%2F%2Fwww.kritische-masse.de%2Flogbuch%2F2019%2F08%2Fsendungen-zu-adorno-in-kw-32-uebersicht-ueber-weniges%2F\" title=\"Bei Mastodon teilen\" aria-label=\"Bei Mastodon teilen\" role=\"button\" rel=\"noopener nofollow\" class=\"shariff-link\" style=\"; background-color:#6364FF; color:#6364FF\" target=\"_blank\"><span class=\"shariff-icon\" style=\"fill:#6364FF\"><svg width=\"75\" height=\"79\" viewBox=\"0 0 75 79\" fill=\"none\" xmlns=\"http:\/\/www.w3.org\/2000\/svg\"><path d=\"M37.813-.025C32.462-.058 27.114.13 21.79.598c-8.544.621-17.214 5.58-20.203 13.931C-1.12 23.318.408 32.622.465 41.65c.375 7.316.943 14.78 3.392 21.73 4.365 9.465 14.781 14.537 24.782 15.385 7.64.698 15.761-.213 22.517-4.026a54.1 54.1 0 0 0 .01-6.232c-6.855 1.316-14.101 2.609-21.049 1.074-3.883-.88-6.876-4.237-7.25-8.215-1.53-3.988 3.78-.43 5.584-.883 9.048 1.224 18.282.776 27.303-.462 7.044-.837 14.26-4.788 16.65-11.833 2.263-6.135 1.215-12.79 1.698-19.177.06-3.84.09-7.692-.262-11.52C72.596 7.844 63.223.981 53.834.684a219.453 219.453 0 0 0-16.022-.71zm11.294 12.882c5.5-.067 10.801 4.143 11.67 9.653.338 1.48.471 3 .471 4.515v21.088h-8.357c-.07-7.588.153-15.182-.131-22.765-.587-4.368-7.04-5.747-9.672-2.397-2.422 3.04-1.47 7.155-1.67 10.735v6.392h-8.307c-.146-4.996.359-10.045-.404-15.002-1.108-4.218-7.809-5.565-10.094-1.666-1.685 3.046-.712 6.634-.976 9.936v14.767h-8.354c.109-8.165-.238-16.344.215-24.5.674-5.346 5.095-10.389 10.676-10.627 4.902-.739 10.103 2.038 12.053 6.631.375 1.435 1.76 1.932 1.994.084 1.844-3.704 5.501-6.739 9.785-6.771.367-.044.735-.068 1.101-.073z\"\/><defs><linearGradient id=\"paint0_linear_549_34\" x1=\"37.0692\" y1=\"0\" x2=\"37.0692\" y2=\"79\" gradientUnits=\"userSpaceOnUse\"><stop stop-color=\"#6364FF\"\/><stop offset=\"1\" stop-color=\"#563ACC\"\/><\/linearGradient><\/defs><\/svg><\/span><span class=\"shariff-text\" style=\"color:#6364FF\">teilen<\/span>&nbsp;<\/a><\/li><li class=\"shariff-button bluesky shariff-nocustomcolor\" style=\"background-color:#84c4ff\"><a href=\"https:\/\/bsky.app\/intent\/compose?text=Sendungen%20zu%20Adorno%20in%20KW%2032%20%E2%80%93%20%C3%9Cbersicht%20%C3%BCber%20Weniges https%3A%2F%2Fwww.kritische-masse.de%2Flogbuch%2F2019%2F08%2Fsendungen-zu-adorno-in-kw-32-uebersicht-ueber-weniges%2F \" title=\"Bei Bluesky teilen\" aria-label=\"Bei Bluesky teilen\" role=\"button\" rel=\"noopener nofollow\" class=\"shariff-link\" style=\"; background-color:#0085ff; color:#0085ff\" target=\"_blank\"><span class=\"shariff-icon\" style=\"fill:#0085ff\"><svg width=\"20\" height=\"20\" version=\"1.1\" xmlns=\"http:\/\/www.w3.org\/2000\/svg\" viewBox=\"0 0 20 20\"><path class=\"st0\" d=\"M4.89,3.12c2.07,1.55,4.3,4.71,5.11,6.4.82-1.69,3.04-4.84,5.11-6.4,1.49-1.12,3.91-1.99,3.91.77,0,.55-.32,4.63-.5,5.3-.64,2.3-2.99,2.89-5.08,2.54,3.65.62,4.58,2.68,2.57,4.74-3.81,3.91-5.48-.98-5.9-2.23-.08-.23-.11-.34-.12-.25,0-.09-.04.02-.12.25-.43,1.25-2.09,6.14-5.9,2.23-2.01-2.06-1.08-4.12,2.57-4.74-2.09.36-4.44-.23-5.08-2.54-.19-.66-.5-4.74-.5-5.3,0-2.76,2.42-1.89,3.91-.77h0Z\"\/><\/svg><\/span><span class=\"shariff-text\" style=\"color:#0085ff\">teilen<\/span>&nbsp;<\/a><\/li><li class=\"shariff-button threema shariff-nocustomcolor shariff-mobile\" style=\"background-color:#4fbc24\"><a href=\"threema:\/\/compose?text=Sendungen%20zu%20Adorno%20in%20KW%2032%20%E2%80%93%20%C3%9Cbersicht%20%C3%BCber%20Weniges%20https%3A%2F%2Fwww.kritische-masse.de%2Flogbuch%2F2019%2F08%2Fsendungen-zu-adorno-in-kw-32-uebersicht-ueber-weniges%2F\" title=\"Bei Threema teilen\" aria-label=\"Bei Threema teilen\" role=\"button\" rel=\"noopener nofollow\" class=\"shariff-link\" style=\"; background-color:#1f1f1f; color:#1f1f1f\" target=\"_blank\"><span class=\"shariff-icon\" style=\"fill:#1f1f1f\"><svg width=\"32px\" height=\"20px\" xmlns=\"http:\/\/www.w3.org\/2000\/svg\" viewBox=\"0 0 32 32\"><path fill=\"#1f1f1f\" d=\"M30.8 10.9c-0.3-1.4-0.9-2.6-1.8-3.8-2-2.6-5.5-4.5-9.4-5.2-1.3-0.2-1.9-0.3-3.5-0.3s-2.2 0-3.5 0.3c-4 0.7-7.4 2.6-9.4 5.2-0.9 1.2-1.5 2.4-1.8 3.8-0.1 0.5-0.2 1.2-0.2 1.6 0 0.4 0.1 1.1 0.2 1.6 0.4 1.9 1.3 3.4 2.9 5 0.8 0.8 0.8 0.8 0.7 1.3 0 0.6-0.5 1.6-1.7 3.6-0.3 0.5-0.5 0.9-0.5 0.9 0 0.1 0.1 0.1 0.5 0 0.8-0.2 2.3-0.6 5.6-1.6 1.1-0.3 1.3-0.4 2.3-0.4 0.8 0 1.1 0 2.3 0.2 1.5 0.2 3.5 0.2 4.9 0 5.1-0.6 9.3-2.9 11.4-6.3 0.5-0.9 0.9-1.8 1.1-2.8 0.1-0.5 0.2-1.1 0.2-1.6 0-0.7-0.1-1.1-0.2-1.6-0.3-1.4 0.1 0.5 0 0zM20.6 17.3c0 0.4-0.4 0.8-0.8 0.8h-7.7c-0.4 0-0.8-0.4-0.8-0.8v-4.6c0-0.4 0.4-0.8 0.8-0.8h0.2l0-1.6c0-0.9 0-1.8 0.1-2 0.1-0.6 0.6-1.2 1.1-1.7s1.1-0.7 1.9-0.8c1.8-0.3 3.7 0.7 4.2 2.2 0.1 0.3 0.1 0.7 0.1 2.1v0 1.7h0.1c0.4 0 0.8 0.4 0.8 0.8v4.6zM15.6 7.3c-0.5 0.1-0.8 0.3-1.2 0.6s-0.6 0.8-0.7 1.3c0 0.2 0 0.8 0 1.5l0 1.2h4.6v-1.3c0-1 0-1.4-0.1-1.6-0.3-1.1-1.5-1.9-2.6-1.7zM25.8 28.2c0 1.2-1 2.2-2.1 2.2s-2.1-1-2.1-2.1c0-1.2 1-2.1 2.2-2.1s2.2 1 2.2 2.2zM18.1 28.2c0 1.2-1 2.2-2.1 2.2s-2.1-1-2.1-2.1c0-1.2 1-2.1 2.2-2.1s2.2 1 2.2 2.2zM10.4 28.2c0 1.2-1 2.2-2.1 2.2s-2.1-1-2.1-2.1c0-1.2 1-2.1 2.2-2.1s2.2 1 2.2 2.2z\"\/><\/svg><\/span><span class=\"shariff-text\" style=\"color:#1f1f1f\">teilen<\/span>&nbsp;<\/a><\/li><li class=\"shariff-button facebook shariff-nocustomcolor\" style=\"background-color:#4273c8\"><a href=\"https:\/\/www.facebook.com\/sharer\/sharer.php?u=https%3A%2F%2Fwww.kritische-masse.de%2Flogbuch%2F2019%2F08%2Fsendungen-zu-adorno-in-kw-32-uebersicht-ueber-weniges%2F\" title=\"Bei Facebook teilen\" aria-label=\"Bei Facebook teilen\" role=\"button\" rel=\"nofollow\" class=\"shariff-link\" style=\"; background-color:#3b5998; color:#3b5998\" target=\"_blank\"><span class=\"shariff-icon\" style=\"fill:#3b5998\"><svg width=\"32px\" height=\"20px\" xmlns=\"http:\/\/www.w3.org\/2000\/svg\" viewBox=\"0 0 18 32\"><path fill=\"#3b5998\" d=\"M17.1 0.2v4.7h-2.8q-1.5 0-2.1 0.6t-0.5 1.9v3.4h5.2l-0.7 5.3h-4.5v13.6h-5.5v-13.6h-4.5v-5.3h4.5v-3.9q0-3.3 1.9-5.2t5-1.8q2.6 0 4.1 0.2z\"\/><\/svg><\/span><span class=\"shariff-text\" style=\"color:#3b5998\">teilen<\/span>&nbsp;<\/a><\/li><li class=\"shariff-button info shariff-nocustomcolor\" style=\"background-color:#a8a8a8\"><a href=\"http:\/\/ct.de\/-2467514\" title=\"Weitere Informationen\" aria-label=\"Weitere Informationen\" role=\"button\" rel=\"noopener \" class=\"shariff-link\" style=\"; background-color:#999; color:#999\" target=\"_blank\"><span class=\"shariff-icon\" style=\"fill:#999\"><svg width=\"32px\" height=\"20px\" xmlns=\"http:\/\/www.w3.org\/2000\/svg\" viewBox=\"0 0 11 32\"><path fill=\"#999\" d=\"M11.4 24v2.3q0 0.5-0.3 0.8t-0.8 0.4h-9.1q-0.5 0-0.8-0.4t-0.4-0.8v-2.3q0-0.5 0.4-0.8t0.8-0.4h1.1v-6.8h-1.1q-0.5 0-0.8-0.4t-0.4-0.8v-2.3q0-0.5 0.4-0.8t0.8-0.4h6.8q0.5 0 0.8 0.4t0.4 0.8v10.3h1.1q0.5 0 0.8 0.4t0.3 0.8zM9.2 3.4v3.4q0 0.5-0.4 0.8t-0.8 0.4h-4.6q-0.4 0-0.8-0.4t-0.4-0.8v-3.4q0-0.4 0.4-0.8t0.8-0.4h4.6q0.5 0 0.8 0.4t0.4 0.8z\"\/><\/svg><\/span><\/a><\/li><\/ul><\/div><p>Sicher bin ich der letzte, der Gedanktagen besonders viel abgewinnen kann. Gedenktage werfen ein Schlaglicht: Pl\u00f6tzlich sind sie da, dann sind sie auch schon wieder weg. Morgen j\u00e4hrt sich der 50. Todestag von Theodor W. Adorno. Es ist zu erwarten, dass wenigstens die Publizistik sich dazu in einigen Artikel \u00e4u\u00dfern wird. Geht an an das Radio oder Fernsehen in Deutschland, ist die Ausbeute erstaunlich mager. Bedenkt man dazu, dass der Name Adorno andererseits in fast jeder Diskussion zu Musik, \u00c4sthetik und Kultur allgemein f\u00e4llt (entgegnend, erg\u00e4nzend, zitierend &#8211; in jedem Fall sich abarbeitend), bleibt die Wirkung best\u00e4ndig. Aber das war es dann auch.<\/p>\n<p>Hier folgen die Radiosendungen, im Fernsehen lie\u00df sich nichts finden. Anders als in Deutschland gibt es in \u00d6sterreich <a href=\"https:\/\/oe1.orf.at\/adorno\">auf \u00d61 einen Schwerpunkt zu Adorno<\/a>. Die Liste t\u00e4uscht ein bisschen, Wiederholungen sind auch genannt.<\/p>\n<p>Allein <strong>Bernhard Neuhoff<\/strong> vom Bayerischen Rundfunk geht in einer knapp einst\u00fcndigen Sendung auf Adorno ein. Sucht wohl das Gespr\u00e4ch mit manchen und mancher. <strong>Horizonte: Wer hat Angst vor Theodor W.? Eine Adorno-Revue <\/strong>am 6.8. ab 22:05 auf BR-KLASSIK. Gespannt sein darf man vielleicht auch auf den Beitrag des Hessischen Rundfunks, der gegen 17:10 auf hr-kultur ein <strong>Gespr\u00e4ch mit Gerhard-Schweppenh\u00e4user<\/strong> f\u00fchren wird.<\/p>\n<p><strong>Lesetipp<\/strong>: Hans-J\u00fcrgen Schaal in der nmz <a href=\"https:\/\/www.nmz.de\/artikel\/fuer-eine-befreite-musik\">&#8220;F\u00fcr eine befreite Musik&#8221;<\/a> . Und ein Text von mir aus dem Jahr 2003 zum 100. Geburtstag: &#8220;<a href=\"https:\/\/www.nmz.de\/artikel\/adorno-2003-%E2%80%93-vergessen-durch-erinnern\">Vergessen durch Erinnern<\/a>&#8220;, der Adorno und Hanns Eisler im Zusammenhang denkt.<\/p>\n<hr \/>\n<div id=\"ez-toc-container\" class=\"ez-toc-v2_0_82_2 ez-toc-wrap-center counter-hierarchy ez-toc-counter ez-toc-light-blue ez-toc-container-direction\">\n<div class=\"ez-toc-title-container\">\n<p class=\"ez-toc-title\" style=\"cursor:inherit\">Inhalt<\/p>\n<span class=\"ez-toc-title-toggle\"><a href=\"#\" class=\"ez-toc-pull-right ez-toc-btn ez-toc-btn-xs ez-toc-btn-default ez-toc-toggle\" aria-label=\"Toggle Table of Content\"><span class=\"ez-toc-js-icon-con\"><span class=\"\"><span class=\"eztoc-hide\" style=\"display:none;\">Toggle<\/span><span class=\"ez-toc-icon-toggle-span\"><svg style=\"fill: #999;color:#999\" xmlns=\"http:\/\/www.w3.org\/2000\/svg\" class=\"list-377408\" width=\"20px\" height=\"20px\" viewBox=\"0 0 24 24\" fill=\"none\"><path d=\"M6 6H4v2h2V6zm14 0H8v2h12V6zM4 11h2v2H4v-2zm16 0H8v2h12v-2zM4 16h2v2H4v-2zm16 0H8v2h12v-2z\" fill=\"currentColor\"><\/path><\/svg><svg style=\"fill: #999;color:#999\" class=\"arrow-unsorted-368013\" xmlns=\"http:\/\/www.w3.org\/2000\/svg\" width=\"10px\" height=\"10px\" viewBox=\"0 0 24 24\" version=\"1.2\" baseProfile=\"tiny\"><path d=\"M18.2 9.3l-6.2-6.3-6.2 6.3c-.2.2-.3.4-.3.7s.1.5.3.7c.2.2.4.3.7.3h11c.3 0 .5-.1.7-.3.2-.2.3-.5.3-.7s-.1-.5-.3-.7zM5.8 14.7l6.2 6.3 6.2-6.3c.2-.2.3-.5.3-.7s-.1-.5-.3-.7c-.2-.2-.4-.3-.7-.3h-11c-.3 0-.5.1-.7.3-.2.2-.3.5-.3.7s.1.5.3.7z\"\/><\/svg><\/span><\/span><\/span><\/a><\/span><\/div>\n<nav><ul class='ez-toc-list ez-toc-list-level-1 ' ><li class='ez-toc-page-1 ez-toc-heading-level-3'><a class=\"ez-toc-link ez-toc-heading-1\" href=\"https:\/\/www.kritische-masse.de\/logbuch\/2019\/08\/sendungen-zu-adorno-in-kw-32-uebersicht-ueber-weniges\/#06082019\" >06.08.2019<\/a><\/li><li class='ez-toc-page-1 ez-toc-heading-level-3'><a class=\"ez-toc-link ez-toc-heading-2\" href=\"https:\/\/www.kritische-masse.de\/logbuch\/2019\/08\/sendungen-zu-adorno-in-kw-32-uebersicht-ueber-weniges\/#09082019\" >09.08.2019<\/a><\/li><li class='ez-toc-page-1 ez-toc-heading-level-3'><a class=\"ez-toc-link ez-toc-heading-3\" href=\"https:\/\/www.kritische-masse.de\/logbuch\/2019\/08\/sendungen-zu-adorno-in-kw-32-uebersicht-ueber-weniges\/#11082019\" >11.08.2019<\/a><\/li><\/ul><\/nav><\/div>\n<h3><span class=\"ez-toc-section\" id=\"06082019\"><\/span>06.08.2019<span class=\"ez-toc-section-end\"><\/span><\/h3>\n<hr \/>\n<p>09:05 bis 10:00 | Bayern 2<br \/>\n<strong>radioWissen: Adorno und der Jazz &#8211; Theodor W. Adorno &#8211; Kritiker des uniformierten Denkens<\/strong><\/p>\n<p style=\"padding-left: 40px;\">Autorin: Daniela Remus. Im Januar 1969 besetzen Studierende das Frankfurter Institut f\u00fcr Sozialforschung und fordern von ihrem intellektuellen Lehrer und Vorbild Theodor W. Adorno, &#8220;praktische Konsequenzen&#8221; zu ziehen. Sie wollen, dass der Begr\u00fcnder der kritischen Theorie ihre Proteste gegen Polizei und Staatsapparat unterst\u00fctzt &#8211; aber sie sto\u00dfen damit auf strikte Ablehnung: Der Soziologe, Philosoph, Musikkritiker und Komponist, unterst\u00fctzt das Vorgehen der Studierenden nicht. Der aus dem Exil zur\u00fcckgekehrte Denker f\u00fchlt sich vielmehr bedroht und ruft die Polizei, die das Institut r\u00e4umt. Fortan schm\u00e4hen ihn die Studierenden, die in den Jahren zuvor seine Vorlesungen zu Hunderten besucht haben, als &#8220;reaktion\u00e4r&#8221;, als &#8220;B\u00fcttel des autorit\u00e4ren Staates&#8221;. F\u00fcr Adorno eine ausgesprochen schmerzhafte Erfahrung, hatte er doch mit seinen Schriften den Grundstein f\u00fcr ein kritisches Bewusstsein legen wollen das die Strukturen autorit\u00e4rer Gesellschaften entschl\u00fcsselt und enttarnt.<\/p>\n<p style=\"padding-left: 40px;\">In seinen Hauptwerken, &#8220;Dialektik der Aufkl\u00e4rung&#8221;, &#8220;Minima Moralia&#8221; oder &#8220;Negative Dialektik&#8221; rechnet der renommierte Denker der Frankfurter Schule mit der Entwicklung sp\u00e4tkapitalistischer Gesellschaften ab, untersucht die Mechanismen der Massenkultur, die Reduktion des Individuums auf eine Konsumentenrolle und entfaltet, warum sich das rationale Befreiungs-Projekt der Aufkl\u00e4rung selbst zerst\u00f6rt hat.<\/p>\n<p>09:05 bis 09:20 | SR2 KulturRadio<br \/>\n<strong>ZeitZeichen: Der Todestag des Philosophen Theodor W. Adorno (6.8.1969)<\/strong><\/p>\n<p style=\"padding-left: 40px;\">Von Marko R\u00f6sseler. (\u00dcbernahme vom WDR)<\/p>\n<p>09:05 bis 09:10 | Deutschlandfunk<br \/>\n<strong>Kalenderblatt: Vor 50 Jahren: Der Philosoph Theodor W. Adorno gestorben<\/strong><\/p>\n<p>16:05 bis 18:00 | hr2-kultur<br \/>\n<strong>Kulturcaf\u00e9: Das Magazin u.a. mit Gerhard Schweppenh\u00e4user zum 50. Todestag von Theodor W. Adorno (ca. 17:10 Uhr)<\/strong><\/p>\n<p style=\"padding-left: 40px;\">Aus der Sicht der Medientheorie darf Theodor W. Adorno als eine der ambivalentesten Figuren des 20. Jahrhunderts gelten. Er begann in sehr jungen Jahren als Musikkritiker in Zeitungen und Zeitschriften. Als Philosoph und Soziologe diskutierte Adorno die industrialisierte Medienproduktion in zahlreichen Essays, Interviews und Vortr\u00e4gen.<\/p>\n<p style=\"padding-left: 40px;\">Seine unter dem Titel &#8220;Erziehung der M\u00fcndigkeit&#8221; konzipierte P\u00e4dagogik beispielsweise, die sich sowohl dem &#8220;Widerspruch&#8221; als auch dem &#8220;Widerstand&#8221; widmet und in den folgenden Jahrzehnten eine immense Wirkung entfaltete, wurde zuerst in einem Radiointerview entwickelt.<\/p>\n<p style=\"padding-left: 40px;\">Wir sprechen gegen 17:10 Uhr mit Prof. Gerhard Schweppenh\u00e4user vom Institut f\u00fcr Philosophie der Uni Kassel \u00fcber das was von Adorno heute noch bleibt.<\/p>\n<p>17:45 bis 18:00 | WDR 3<br \/>\n<strong>WDR 3 ZeitZeichen: 6. August 1969 &#8211; Der Todestag des Philosophen Theodor W. Adorno<\/strong><\/p>\n<p style=\"padding-left: 40px;\">Er hatte Heimweh &#8211; nach Deutschland und nach der deutschen Sprache. Deshalb war er zur\u00fcckgekehrt. Bis 1933 hatte Theodor W. Adorno an der Frankfurter Universit\u00e4t als Privatdozent Philosophie gelehrt &#8211; dann vertrieben ihn die Nationalsozialisten.<\/p>\n<p style=\"padding-left: 40px;\">Nach zwei Jahrzehnten in England und den USA kehrt er nun an seine alte Frankfurter Uni zur\u00fcck. Sein Satz &#8220;Es gibt kein richtiges Leben im Falschen&#8221; wird zum gefl\u00fcgelten Wort und er zum Vordenker der sp\u00e4teren Studentenbewegung. Dabei war er nie jemand, der auf Barrikaden ging und Steine schmiss. Das wird ihm jetzt zum Vorwurf gemacht: Barbusige Studentinnen sprengen, Bl\u00fcten werfend, seine Vorlesung. Das von ihm geleitete Institut f\u00fcr Sozialforschung wird von radikalen Studenten besetzt. Ausgerechnet er, der Feind jedes Polizei- und \u00dcberwachungsstaates, l\u00e4sst es polizeilich r\u00e4umen! Das alles hat ihn aufgerieben &#8211; und am Ende vielleicht das Herz gebrochen.\u00a0 https:\/\/www1.wdr.de\/radio\/wdr5\/sendungen\/zeitzeichen\/index.html<\/p>\n<p>22:05 bis 23:00 | BR-KLASSIK<br \/>\n<strong>Horizonte: Wer hat Angst vor Theodor W.? Eine Adorno-Revue<\/strong><\/p>\n<p style=\"padding-left: 40px;\">Von Bernhard Neuhoff. &#8220;Ich hab ihn ja nie leiden m\u00f6gen&#8221; &#8211; Mit diesem knappen Urteil \u00fcber Theodor W. Adorno hat Arnold Sch\u00f6nberg vielen Musikliebhabern aus der Seele gesprochen. Noch immer l\u00f6st der Name Adorno emotionale Kontroversen aus. Mit seinem eigenwilligen Stil, seinen komplexen dialektischen Gedankenfiguren macht er es seinen Lesern nicht leicht. Trotzdem hat er eine ganze Generation von Komponisten, Kritikern und Dramaturgen gepr\u00e4gt. Doch sind Strawinskys Partituren wirklich reaktion\u00e4r? Konnte Sibelius einfach nicht komponieren? Oder ging es Adorno in Wahrheit um Musikpolitik? Ist er an den Irrwegen der Avantgarde schuld? Wollte er seine Frustration auslassen, weil seine Karriere als Komponist fehlschlug? Oder (diese Variante f\u00e4nde Adorno selbst wahrscheinlich am schlimmsten) ist er unversehens zum allseits gew\u00fcrdigten Klassiker geworden? Im Gespr\u00e4ch mit Adorno-Fans und -Hassern, Komponisten und pr\u00e4genden Figuren des heutigen Musiklebens geht Bernhard Neuhoff diesen Fragen nach.<\/p>\n<hr \/>\n<h3><span class=\"ez-toc-section\" id=\"09082019\"><\/span>09.08.2019<span class=\"ez-toc-section-end\"><\/span><\/h3>\n<hr \/>\n<p>21:05 bis 22:30 | Bayern 2<br \/>\n<strong>H\u00f6rspiel &#8220;Traumprotokolle&#8221; von Theodor W. Adorno<\/strong><\/p>\n<p style=\"padding-left: 40px;\">Mit Andreas Dorau und Hitomi Makino. Komposition und Realisation: zeitblom. BR 2016. &#8220;Die Traumprotokolle sind authentisch. Ich habe sie jeweils gleich beim Erwachen niedergeschrieben und nur die empfindlichsten sprachlichen M\u00e4ngel korrigiert&#8221; &#8211; so Adorno. Der Zeitraum der ausgew\u00e4hlten Tr\u00e4ume umfasst rund 35 Jahre &#8211; von Januar 1934 bis April 1969. Es sind knapp gehaltene Zusammenfassungen von Angst- und Alptr\u00e4umen, libidin\u00f6sen Tr\u00e4umen, Tr\u00e4umen, die den Autor beim Erwachen laut auflachen lassen &#8220;\u00fcber den vermeintlich genialen Witz&#8221;. Sie geben Einblick in die inneren Welten eines Philosophen. &#8220;Die radiophone Umsetzung der &#8220;Traumprotokolle&#8221; mit dem S\u00e4nger Andreas Dorau versucht die Spur der Tr\u00e4ume aufzugreifen und auf einer Soundebene umzusetzen: Aufgebaut auf einige wenige Loops und Samples, setzt sich ein akustischer Prozess in Gang&#8221;. (zeitblom)<\/p>\n<p style=\"padding-left: 40px;\">Theodor W. Adorno (1903-1969), Philosoph, Soziologe, Musiktheoretiker, Komponist. 1933 Lehrverbot, 1938 Emigration in die USA. 1947 Ver\u00f6ffentlichung der &#8220;Dialektik der Aufkl\u00e4rung&#8221; mit Max Horkheimer, 1949 R\u00fcckkehr nach Frankfurt, Leitung des Instituts f\u00fcr Sozialforschung, Wiege der &#8220;Frankfurter Schule&#8221;. Posthum ver\u00f6ffentlicht u.a. &#8220;Traumprotokolle&#8221; (2005).<\/p>\n<hr \/>\n<h3><span class=\"ez-toc-section\" id=\"11082019\"><\/span>11.08.2019<span class=\"ez-toc-section-end\"><\/span><\/h3>\n<hr \/>\n<p>08:30 bis 09:00 | SWR 2<br \/>\n<strong>SWR2 Wissen: Aula: Zum 50. Todestag Adornos &#8211; Philosophie-Titan?<\/strong><\/p>\n<p style=\"padding-left: 40px;\">Von Tilman Allert. Generationen von Studenten haben sich an Theodor W. Adorno und seinen Schriften abgearbeitet, sie lie\u00dfen sich inspirieren von seiner Kapitalismus- und Vernunftkritik, seinen Gedanken \u00fcber Entzauberung und Entfremdung. Viele haben sich hinrei\u00dfen lassen von seinem Sprach- und Denkstil, andere wiederum hat das zu scharfen Adorno-Kritikern gemacht. Was ist geblieben von diesem Denker? Wie aktuell ist er heute? Antworten gibt der Soziologe Professor Tilman Allert.<\/p>\n<div class=\"shariff shariff-align-left shariff-widget-align-left\"><ul class=\"shariff-buttons theme-white orientation-horizontal buttonsize-small\"><li class=\"shariff-button mastodon shariff-nocustomcolor\" style=\"background-color:#563ACC\"><a href=\"https:\/\/s2f.kytta.dev\/?text=Sendungen%20zu%20Adorno%20in%20KW%2032%20%E2%80%93%20%C3%9Cbersicht%20%C3%BCber%20Weniges https%3A%2F%2Fwww.kritische-masse.de%2Flogbuch%2F2019%2F08%2Fsendungen-zu-adorno-in-kw-32-uebersicht-ueber-weniges%2F\" title=\"Bei Mastodon teilen\" aria-label=\"Bei Mastodon teilen\" role=\"button\" rel=\"noopener nofollow\" class=\"shariff-link\" style=\"; background-color:#6364FF; color:#6364FF\" target=\"_blank\"><span class=\"shariff-icon\" style=\"fill:#6364FF\"><svg width=\"75\" height=\"79\" viewBox=\"0 0 75 79\" fill=\"none\" xmlns=\"http:\/\/www.w3.org\/2000\/svg\"><path d=\"M37.813-.025C32.462-.058 27.114.13 21.79.598c-8.544.621-17.214 5.58-20.203 13.931C-1.12 23.318.408 32.622.465 41.65c.375 7.316.943 14.78 3.392 21.73 4.365 9.465 14.781 14.537 24.782 15.385 7.64.698 15.761-.213 22.517-4.026a54.1 54.1 0 0 0 .01-6.232c-6.855 1.316-14.101 2.609-21.049 1.074-3.883-.88-6.876-4.237-7.25-8.215-1.53-3.988 3.78-.43 5.584-.883 9.048 1.224 18.282.776 27.303-.462 7.044-.837 14.26-4.788 16.65-11.833 2.263-6.135 1.215-12.79 1.698-19.177.06-3.84.09-7.692-.262-11.52C72.596 7.844 63.223.981 53.834.684a219.453 219.453 0 0 0-16.022-.71zm11.294 12.882c5.5-.067 10.801 4.143 11.67 9.653.338 1.48.471 3 .471 4.515v21.088h-8.357c-.07-7.588.153-15.182-.131-22.765-.587-4.368-7.04-5.747-9.672-2.397-2.422 3.04-1.47 7.155-1.67 10.735v6.392h-8.307c-.146-4.996.359-10.045-.404-15.002-1.108-4.218-7.809-5.565-10.094-1.666-1.685 3.046-.712 6.634-.976 9.936v14.767h-8.354c.109-8.165-.238-16.344.215-24.5.674-5.346 5.095-10.389 10.676-10.627 4.902-.739 10.103 2.038 12.053 6.631.375 1.435 1.76 1.932 1.994.084 1.844-3.704 5.501-6.739 9.785-6.771.367-.044.735-.068 1.101-.073z\"\/><defs><linearGradient id=\"paint0_linear_549_34\" x1=\"37.0692\" y1=\"0\" x2=\"37.0692\" y2=\"79\" gradientUnits=\"userSpaceOnUse\"><stop stop-color=\"#6364FF\"\/><stop offset=\"1\" stop-color=\"#563ACC\"\/><\/linearGradient><\/defs><\/svg><\/span><span class=\"shariff-text\" style=\"color:#6364FF\">teilen<\/span>&nbsp;<\/a><\/li><li class=\"shariff-button bluesky shariff-nocustomcolor\" style=\"background-color:#84c4ff\"><a href=\"https:\/\/bsky.app\/intent\/compose?text=Sendungen%20zu%20Adorno%20in%20KW%2032%20%E2%80%93%20%C3%9Cbersicht%20%C3%BCber%20Weniges https%3A%2F%2Fwww.kritische-masse.de%2Flogbuch%2F2019%2F08%2Fsendungen-zu-adorno-in-kw-32-uebersicht-ueber-weniges%2F \" title=\"Bei Bluesky teilen\" aria-label=\"Bei Bluesky teilen\" role=\"button\" rel=\"noopener nofollow\" class=\"shariff-link\" style=\"; background-color:#0085ff; color:#0085ff\" target=\"_blank\"><span class=\"shariff-icon\" style=\"fill:#0085ff\"><svg width=\"20\" height=\"20\" version=\"1.1\" xmlns=\"http:\/\/www.w3.org\/2000\/svg\" viewBox=\"0 0 20 20\"><path class=\"st0\" d=\"M4.89,3.12c2.07,1.55,4.3,4.71,5.11,6.4.82-1.69,3.04-4.84,5.11-6.4,1.49-1.12,3.91-1.99,3.91.77,0,.55-.32,4.63-.5,5.3-.64,2.3-2.99,2.89-5.08,2.54,3.65.62,4.58,2.68,2.57,4.74-3.81,3.91-5.48-.98-5.9-2.23-.08-.23-.11-.34-.12-.25,0-.09-.04.02-.12.25-.43,1.25-2.09,6.14-5.9,2.23-2.01-2.06-1.08-4.12,2.57-4.74-2.09.36-4.44-.23-5.08-2.54-.19-.66-.5-4.74-.5-5.3,0-2.76,2.42-1.89,3.91-.77h0Z\"\/><\/svg><\/span><span class=\"shariff-text\" style=\"color:#0085ff\">teilen<\/span>&nbsp;<\/a><\/li><li class=\"shariff-button threema shariff-nocustomcolor shariff-mobile\" style=\"background-color:#4fbc24\"><a href=\"threema:\/\/compose?text=Sendungen%20zu%20Adorno%20in%20KW%2032%20%E2%80%93%20%C3%9Cbersicht%20%C3%BCber%20Weniges%20https%3A%2F%2Fwww.kritische-masse.de%2Flogbuch%2F2019%2F08%2Fsendungen-zu-adorno-in-kw-32-uebersicht-ueber-weniges%2F\" title=\"Bei Threema teilen\" aria-label=\"Bei Threema teilen\" role=\"button\" rel=\"noopener nofollow\" class=\"shariff-link\" style=\"; background-color:#1f1f1f; color:#1f1f1f\" target=\"_blank\"><span class=\"shariff-icon\" style=\"fill:#1f1f1f\"><svg width=\"32px\" height=\"20px\" xmlns=\"http:\/\/www.w3.org\/2000\/svg\" viewBox=\"0 0 32 32\"><path fill=\"#1f1f1f\" d=\"M30.8 10.9c-0.3-1.4-0.9-2.6-1.8-3.8-2-2.6-5.5-4.5-9.4-5.2-1.3-0.2-1.9-0.3-3.5-0.3s-2.2 0-3.5 0.3c-4 0.7-7.4 2.6-9.4 5.2-0.9 1.2-1.5 2.4-1.8 3.8-0.1 0.5-0.2 1.2-0.2 1.6 0 0.4 0.1 1.1 0.2 1.6 0.4 1.9 1.3 3.4 2.9 5 0.8 0.8 0.8 0.8 0.7 1.3 0 0.6-0.5 1.6-1.7 3.6-0.3 0.5-0.5 0.9-0.5 0.9 0 0.1 0.1 0.1 0.5 0 0.8-0.2 2.3-0.6 5.6-1.6 1.1-0.3 1.3-0.4 2.3-0.4 0.8 0 1.1 0 2.3 0.2 1.5 0.2 3.5 0.2 4.9 0 5.1-0.6 9.3-2.9 11.4-6.3 0.5-0.9 0.9-1.8 1.1-2.8 0.1-0.5 0.2-1.1 0.2-1.6 0-0.7-0.1-1.1-0.2-1.6-0.3-1.4 0.1 0.5 0 0zM20.6 17.3c0 0.4-0.4 0.8-0.8 0.8h-7.7c-0.4 0-0.8-0.4-0.8-0.8v-4.6c0-0.4 0.4-0.8 0.8-0.8h0.2l0-1.6c0-0.9 0-1.8 0.1-2 0.1-0.6 0.6-1.2 1.1-1.7s1.1-0.7 1.9-0.8c1.8-0.3 3.7 0.7 4.2 2.2 0.1 0.3 0.1 0.7 0.1 2.1v0 1.7h0.1c0.4 0 0.8 0.4 0.8 0.8v4.6zM15.6 7.3c-0.5 0.1-0.8 0.3-1.2 0.6s-0.6 0.8-0.7 1.3c0 0.2 0 0.8 0 1.5l0 1.2h4.6v-1.3c0-1 0-1.4-0.1-1.6-0.3-1.1-1.5-1.9-2.6-1.7zM25.8 28.2c0 1.2-1 2.2-2.1 2.2s-2.1-1-2.1-2.1c0-1.2 1-2.1 2.2-2.1s2.2 1 2.2 2.2zM18.1 28.2c0 1.2-1 2.2-2.1 2.2s-2.1-1-2.1-2.1c0-1.2 1-2.1 2.2-2.1s2.2 1 2.2 2.2zM10.4 28.2c0 1.2-1 2.2-2.1 2.2s-2.1-1-2.1-2.1c0-1.2 1-2.1 2.2-2.1s2.2 1 2.2 2.2z\"\/><\/svg><\/span><span class=\"shariff-text\" style=\"color:#1f1f1f\">teilen<\/span>&nbsp;<\/a><\/li><li class=\"shariff-button facebook shariff-nocustomcolor\" style=\"background-color:#4273c8\"><a href=\"https:\/\/www.facebook.com\/sharer\/sharer.php?u=https%3A%2F%2Fwww.kritische-masse.de%2Flogbuch%2F2019%2F08%2Fsendungen-zu-adorno-in-kw-32-uebersicht-ueber-weniges%2F\" title=\"Bei Facebook teilen\" aria-label=\"Bei Facebook teilen\" role=\"button\" rel=\"nofollow\" class=\"shariff-link\" style=\"; background-color:#3b5998; color:#3b5998\" target=\"_blank\"><span class=\"shariff-icon\" style=\"fill:#3b5998\"><svg width=\"32px\" height=\"20px\" xmlns=\"http:\/\/www.w3.org\/2000\/svg\" viewBox=\"0 0 18 32\"><path fill=\"#3b5998\" d=\"M17.1 0.2v4.7h-2.8q-1.5 0-2.1 0.6t-0.5 1.9v3.4h5.2l-0.7 5.3h-4.5v13.6h-5.5v-13.6h-4.5v-5.3h4.5v-3.9q0-3.3 1.9-5.2t5-1.8q2.6 0 4.1 0.2z\"\/><\/svg><\/span><span class=\"shariff-text\" style=\"color:#3b5998\">teilen<\/span>&nbsp;<\/a><\/li><li class=\"shariff-button info shariff-nocustomcolor\" style=\"background-color:#a8a8a8\"><a href=\"http:\/\/ct.de\/-2467514\" title=\"Weitere Informationen\" aria-label=\"Weitere Informationen\" role=\"button\" rel=\"noopener \" class=\"shariff-link\" style=\"; background-color:#999; color:#999\" target=\"_blank\"><span class=\"shariff-icon\" style=\"fill:#999\"><svg width=\"32px\" height=\"20px\" xmlns=\"http:\/\/www.w3.org\/2000\/svg\" viewBox=\"0 0 11 32\"><path fill=\"#999\" d=\"M11.4 24v2.3q0 0.5-0.3 0.8t-0.8 0.4h-9.1q-0.5 0-0.8-0.4t-0.4-0.8v-2.3q0-0.5 0.4-0.8t0.8-0.4h1.1v-6.8h-1.1q-0.5 0-0.8-0.4t-0.4-0.8v-2.3q0-0.5 0.4-0.8t0.8-0.4h6.8q0.5 0 0.8 0.4t0.4 0.8v10.3h1.1q0.5 0 0.8 0.4t0.3 0.8zM9.2 3.4v3.4q0 0.5-0.4 0.8t-0.8 0.4h-4.6q-0.4 0-0.8-0.4t-0.4-0.8v-3.4q0-0.4 0.4-0.8t0.8-0.4h4.6q0.5 0 0.8 0.4t0.4 0.8z\"\/><\/svg><\/span><\/a><\/li><\/ul><\/div>","protected":false},"excerpt":{"rendered":"<p>Sicher bin ich der letzte, der Gedanktagen besonders viel abgewinnen kann. Gedenktage werfen ein Schlaglicht: Pl\u00f6tzlich sind sie da, dann sind sie auch schon wieder weg. Morgen j\u00e4hrt sich der 50. Todestag von Theodor W. Adorno. Es ist zu erwarten, dass wenigstens die Publizistik sich dazu in einigen Artikel \u00e4u\u00dfern wird. Geht an an das [&hellip;]<\/p>\n<div class=\"shariff shariff-align-left shariff-widget-align-left\"><ul class=\"shariff-buttons theme-white orientation-horizontal buttonsize-small\"><li class=\"shariff-button mastodon shariff-nocustomcolor\" style=\"background-color:#563ACC\"><a href=\"https:\/\/s2f.kytta.dev\/?text=Sendungen%20zu%20Adorno%20in%20KW%2032%20%E2%80%93%20%C3%9Cbersicht%20%C3%BCber%20Weniges https%3A%2F%2Fwww.kritische-masse.de%2Flogbuch%2F2019%2F08%2Fsendungen-zu-adorno-in-kw-32-uebersicht-ueber-weniges%2F\" title=\"Bei Mastodon teilen\" aria-label=\"Bei Mastodon teilen\" role=\"button\" rel=\"noopener nofollow\" class=\"shariff-link\" style=\"; background-color:#6364FF; color:#6364FF\" target=\"_blank\"><span class=\"shariff-icon\" style=\"fill:#6364FF\"><svg width=\"75\" height=\"79\" viewBox=\"0 0 75 79\" fill=\"none\" xmlns=\"http:\/\/www.w3.org\/2000\/svg\"><path d=\"M37.813-.025C32.462-.058 27.114.13 21.79.598c-8.544.621-17.214 5.58-20.203 13.931C-1.12 23.318.408 32.622.465 41.65c.375 7.316.943 14.78 3.392 21.73 4.365 9.465 14.781 14.537 24.782 15.385 7.64.698 15.761-.213 22.517-4.026a54.1 54.1 0 0 0 .01-6.232c-6.855 1.316-14.101 2.609-21.049 1.074-3.883-.88-6.876-4.237-7.25-8.215-1.53-3.988 3.78-.43 5.584-.883 9.048 1.224 18.282.776 27.303-.462 7.044-.837 14.26-4.788 16.65-11.833 2.263-6.135 1.215-12.79 1.698-19.177.06-3.84.09-7.692-.262-11.52C72.596 7.844 63.223.981 53.834.684a219.453 219.453 0 0 0-16.022-.71zm11.294 12.882c5.5-.067 10.801 4.143 11.67 9.653.338 1.48.471 3 .471 4.515v21.088h-8.357c-.07-7.588.153-15.182-.131-22.765-.587-4.368-7.04-5.747-9.672-2.397-2.422 3.04-1.47 7.155-1.67 10.735v6.392h-8.307c-.146-4.996.359-10.045-.404-15.002-1.108-4.218-7.809-5.565-10.094-1.666-1.685 3.046-.712 6.634-.976 9.936v14.767h-8.354c.109-8.165-.238-16.344.215-24.5.674-5.346 5.095-10.389 10.676-10.627 4.902-.739 10.103 2.038 12.053 6.631.375 1.435 1.76 1.932 1.994.084 1.844-3.704 5.501-6.739 9.785-6.771.367-.044.735-.068 1.101-.073z\"\/><defs><linearGradient id=\"paint0_linear_549_34\" x1=\"37.0692\" y1=\"0\" x2=\"37.0692\" y2=\"79\" gradientUnits=\"userSpaceOnUse\"><stop stop-color=\"#6364FF\"\/><stop offset=\"1\" stop-color=\"#563ACC\"\/><\/linearGradient><\/defs><\/svg><\/span><span class=\"shariff-text\" style=\"color:#6364FF\">teilen<\/span>&nbsp;<\/a><\/li><li class=\"shariff-button bluesky shariff-nocustomcolor\" style=\"background-color:#84c4ff\"><a href=\"https:\/\/bsky.app\/intent\/compose?text=Sendungen%20zu%20Adorno%20in%20KW%2032%20%E2%80%93%20%C3%9Cbersicht%20%C3%BCber%20Weniges https%3A%2F%2Fwww.kritische-masse.de%2Flogbuch%2F2019%2F08%2Fsendungen-zu-adorno-in-kw-32-uebersicht-ueber-weniges%2F \" title=\"Bei Bluesky teilen\" aria-label=\"Bei Bluesky teilen\" role=\"button\" rel=\"noopener nofollow\" class=\"shariff-link\" style=\"; background-color:#0085ff; color:#0085ff\" target=\"_blank\"><span class=\"shariff-icon\" style=\"fill:#0085ff\"><svg width=\"20\" height=\"20\" version=\"1.1\" xmlns=\"http:\/\/www.w3.org\/2000\/svg\" viewBox=\"0 0 20 20\"><path class=\"st0\" d=\"M4.89,3.12c2.07,1.55,4.3,4.71,5.11,6.4.82-1.69,3.04-4.84,5.11-6.4,1.49-1.12,3.91-1.99,3.91.77,0,.55-.32,4.63-.5,5.3-.64,2.3-2.99,2.89-5.08,2.54,3.65.62,4.58,2.68,2.57,4.74-3.81,3.91-5.48-.98-5.9-2.23-.08-.23-.11-.34-.12-.25,0-.09-.04.02-.12.25-.43,1.25-2.09,6.14-5.9,2.23-2.01-2.06-1.08-4.12,2.57-4.74-2.09.36-4.44-.23-5.08-2.54-.19-.66-.5-4.74-.5-5.3,0-2.76,2.42-1.89,3.91-.77h0Z\"\/><\/svg><\/span><span class=\"shariff-text\" style=\"color:#0085ff\">teilen<\/span>&nbsp;<\/a><\/li><li class=\"shariff-button threema shariff-nocustomcolor shariff-mobile\" style=\"background-color:#4fbc24\"><a href=\"threema:\/\/compose?text=Sendungen%20zu%20Adorno%20in%20KW%2032%20%E2%80%93%20%C3%9Cbersicht%20%C3%BCber%20Weniges%20https%3A%2F%2Fwww.kritische-masse.de%2Flogbuch%2F2019%2F08%2Fsendungen-zu-adorno-in-kw-32-uebersicht-ueber-weniges%2F\" title=\"Bei Threema teilen\" aria-label=\"Bei Threema teilen\" role=\"button\" rel=\"noopener nofollow\" class=\"shariff-link\" style=\"; background-color:#1f1f1f; color:#1f1f1f\" target=\"_blank\"><span class=\"shariff-icon\" style=\"fill:#1f1f1f\"><svg width=\"32px\" height=\"20px\" xmlns=\"http:\/\/www.w3.org\/2000\/svg\" viewBox=\"0 0 32 32\"><path fill=\"#1f1f1f\" d=\"M30.8 10.9c-0.3-1.4-0.9-2.6-1.8-3.8-2-2.6-5.5-4.5-9.4-5.2-1.3-0.2-1.9-0.3-3.5-0.3s-2.2 0-3.5 0.3c-4 0.7-7.4 2.6-9.4 5.2-0.9 1.2-1.5 2.4-1.8 3.8-0.1 0.5-0.2 1.2-0.2 1.6 0 0.4 0.1 1.1 0.2 1.6 0.4 1.9 1.3 3.4 2.9 5 0.8 0.8 0.8 0.8 0.7 1.3 0 0.6-0.5 1.6-1.7 3.6-0.3 0.5-0.5 0.9-0.5 0.9 0 0.1 0.1 0.1 0.5 0 0.8-0.2 2.3-0.6 5.6-1.6 1.1-0.3 1.3-0.4 2.3-0.4 0.8 0 1.1 0 2.3 0.2 1.5 0.2 3.5 0.2 4.9 0 5.1-0.6 9.3-2.9 11.4-6.3 0.5-0.9 0.9-1.8 1.1-2.8 0.1-0.5 0.2-1.1 0.2-1.6 0-0.7-0.1-1.1-0.2-1.6-0.3-1.4 0.1 0.5 0 0zM20.6 17.3c0 0.4-0.4 0.8-0.8 0.8h-7.7c-0.4 0-0.8-0.4-0.8-0.8v-4.6c0-0.4 0.4-0.8 0.8-0.8h0.2l0-1.6c0-0.9 0-1.8 0.1-2 0.1-0.6 0.6-1.2 1.1-1.7s1.1-0.7 1.9-0.8c1.8-0.3 3.7 0.7 4.2 2.2 0.1 0.3 0.1 0.7 0.1 2.1v0 1.7h0.1c0.4 0 0.8 0.4 0.8 0.8v4.6zM15.6 7.3c-0.5 0.1-0.8 0.3-1.2 0.6s-0.6 0.8-0.7 1.3c0 0.2 0 0.8 0 1.5l0 1.2h4.6v-1.3c0-1 0-1.4-0.1-1.6-0.3-1.1-1.5-1.9-2.6-1.7zM25.8 28.2c0 1.2-1 2.2-2.1 2.2s-2.1-1-2.1-2.1c0-1.2 1-2.1 2.2-2.1s2.2 1 2.2 2.2zM18.1 28.2c0 1.2-1 2.2-2.1 2.2s-2.1-1-2.1-2.1c0-1.2 1-2.1 2.2-2.1s2.2 1 2.2 2.2zM10.4 28.2c0 1.2-1 2.2-2.1 2.2s-2.1-1-2.1-2.1c0-1.2 1-2.1 2.2-2.1s2.2 1 2.2 2.2z\"\/><\/svg><\/span><span class=\"shariff-text\" style=\"color:#1f1f1f\">teilen<\/span>&nbsp;<\/a><\/li><li class=\"shariff-button facebook shariff-nocustomcolor\" style=\"background-color:#4273c8\"><a href=\"https:\/\/www.facebook.com\/sharer\/sharer.php?u=https%3A%2F%2Fwww.kritische-masse.de%2Flogbuch%2F2019%2F08%2Fsendungen-zu-adorno-in-kw-32-uebersicht-ueber-weniges%2F\" title=\"Bei Facebook teilen\" aria-label=\"Bei Facebook teilen\" role=\"button\" rel=\"nofollow\" class=\"shariff-link\" style=\"; background-color:#3b5998; color:#3b5998\" target=\"_blank\"><span class=\"shariff-icon\" style=\"fill:#3b5998\"><svg width=\"32px\" height=\"20px\" xmlns=\"http:\/\/www.w3.org\/2000\/svg\" viewBox=\"0 0 18 32\"><path fill=\"#3b5998\" d=\"M17.1 0.2v4.7h-2.8q-1.5 0-2.1 0.6t-0.5 1.9v3.4h5.2l-0.7 5.3h-4.5v13.6h-5.5v-13.6h-4.5v-5.3h4.5v-3.9q0-3.3 1.9-5.2t5-1.8q2.6 0 4.1 0.2z\"\/><\/svg><\/span><span class=\"shariff-text\" style=\"color:#3b5998\">teilen<\/span>&nbsp;<\/a><\/li><li class=\"shariff-button info shariff-nocustomcolor\" style=\"background-color:#a8a8a8\"><a href=\"http:\/\/ct.de\/-2467514\" title=\"Weitere Informationen\" aria-label=\"Weitere Informationen\" role=\"button\" rel=\"noopener \" class=\"shariff-link\" style=\"; background-color:#999; color:#999\" target=\"_blank\"><span class=\"shariff-icon\" style=\"fill:#999\"><svg width=\"32px\" height=\"20px\" xmlns=\"http:\/\/www.w3.org\/2000\/svg\" viewBox=\"0 0 11 32\"><path fill=\"#999\" d=\"M11.4 24v2.3q0 0.5-0.3 0.8t-0.8 0.4h-9.1q-0.5 0-0.8-0.4t-0.4-0.8v-2.3q0-0.5 0.4-0.8t0.8-0.4h1.1v-6.8h-1.1q-0.5 0-0.8-0.4t-0.4-0.8v-2.3q0-0.5 0.4-0.8t0.8-0.4h6.8q0.5 0 0.8 0.4t0.4 0.8v10.3h1.1q0.5 0 0.8 0.4t0.3 0.8zM9.2 3.4v3.4q0 0.5-0.4 0.8t-0.8 0.4h-4.6q-0.4 0-0.8-0.4t-0.4-0.8v-3.4q0-0.4 0.4-0.8t0.8-0.4h4.6q0.5 0 0.8 0.4t0.4 0.8z\"\/><\/svg><\/span><\/a><\/li><\/ul><\/div>","protected":false},"author":1,"featured_media":90,"comment_status":"open","ping_status":"open","sticky":false,"template":"","format":"standard","meta":{"ocean_post_layout":"","ocean_both_sidebars_style":"","ocean_both_sidebars_content_width":0,"ocean_both_sidebars_sidebars_width":0,"ocean_sidebar":"","ocean_second_sidebar":"","ocean_disable_margins":"enable","ocean_add_body_class":"","ocean_shortcode_before_top_bar":"","ocean_shortcode_after_top_bar":"","ocean_shortcode_before_header":"","ocean_shortcode_after_header":"","ocean_has_shortcode":"","ocean_shortcode_after_title":"","ocean_shortcode_before_footer_widgets":"","ocean_shortcode_after_footer_widgets":"","ocean_shortcode_before_footer_bottom":"","ocean_shortcode_after_footer_bottom":"","ocean_display_top_bar":"default","ocean_display_header":"default","ocean_header_style":"","ocean_center_header_left_menu":"","ocean_custom_header_template":"","ocean_custom_logo":0,"ocean_custom_retina_logo":0,"ocean_custom_logo_max_width":0,"ocean_custom_logo_tablet_max_width":0,"ocean_custom_logo_mobile_max_width":0,"ocean_custom_logo_max_height":0,"ocean_custom_logo_tablet_max_height":0,"ocean_custom_logo_mobile_max_height":0,"ocean_header_custom_menu":"","ocean_menu_typo_font_family":"","ocean_menu_typo_font_subset":"","ocean_menu_typo_font_size":0,"ocean_menu_typo_font_size_tablet":0,"ocean_menu_typo_font_size_mobile":0,"ocean_menu_typo_font_size_unit":"px","ocean_menu_typo_font_weight":"","ocean_menu_typo_font_weight_tablet":"","ocean_menu_typo_font_weight_mobile":"","ocean_menu_typo_transform":"","ocean_menu_typo_transform_tablet":"","ocean_menu_typo_transform_mobile":"","ocean_menu_typo_line_height":0,"ocean_menu_typo_line_height_tablet":0,"ocean_menu_typo_line_height_mobile":0,"ocean_menu_typo_line_height_unit":"","ocean_menu_typo_spacing":0,"ocean_menu_typo_spacing_tablet":0,"ocean_menu_typo_spacing_mobile":0,"ocean_menu_typo_spacing_unit":"","ocean_menu_link_color":"","ocean_menu_link_color_hover":"","ocean_menu_link_color_active":"","ocean_menu_link_background":"","ocean_menu_link_hover_background":"","ocean_menu_link_active_background":"","ocean_menu_social_links_bg":"","ocean_menu_social_hover_links_bg":"","ocean_menu_social_links_color":"","ocean_menu_social_hover_links_color":"","ocean_disable_title":"default","ocean_disable_heading":"default","ocean_post_title":"","ocean_post_subheading":"","ocean_post_title_style":"","ocean_post_title_background_color":"","ocean_post_title_background":0,"ocean_post_title_bg_image_position":"","ocean_post_title_bg_image_attachment":"","ocean_post_title_bg_image_repeat":"","ocean_post_title_bg_image_size":"","ocean_post_title_height":0,"ocean_post_title_bg_overlay":0.5,"ocean_post_title_bg_overlay_color":"","ocean_disable_breadcrumbs":"default","ocean_breadcrumbs_color":"","ocean_breadcrumbs_separator_color":"","ocean_breadcrumbs_links_color":"","ocean_breadcrumbs_links_hover_color":"","ocean_display_footer_widgets":"default","ocean_display_footer_bottom":"default","ocean_custom_footer_template":"","osh_disable_topbar_sticky":"default","osh_disable_header_sticky":"default","osh_sticky_header_style":"default","osh_sticky_header_effect":"","osh_custom_sticky_logo":0,"osh_custom_retina_sticky_logo":0,"osh_custom_sticky_logo_height":0,"osh_background_color":"","osh_links_color":"","osh_links_hover_color":"","osh_links_active_color":"","osh_links_bg_color":"","osh_links_hover_bg_color":"","osh_links_active_bg_color":"","osh_menu_social_links_color":"","osh_menu_social_hover_links_color":"","_FSMCFIC_featured_image_caption":"","_FSMCFIC_featured_image_nocaption":"","_FSMCFIC_featured_image_hide":"","_metis_text_type":"standard","_metis_text_length":8539,"_post_count":0,"_jetpack_memberships_contains_paid_content":false,"activitypub_content_warning":"","activitypub_content_visibility":"","activitypub_max_image_attachments":4,"activitypub_interaction_policy_quote":"anyone","activitypub_status":"","ocean_post_oembed":"","ocean_post_self_hosted_media":"","ocean_post_video_embed":"","ocean_link_format":"","ocean_link_format_target":"self","ocean_quote_format":"","ocean_quote_format_link":"post","ocean_gallery_link_images":"on","ocean_gallery_id":[],"footnotes":"","jetpack_publicize_message":"Sendungen zu #Adorno in KW 32. Ein trauriges Bild.","jetpack_publicize_feature_enabled":true,"jetpack_social_post_already_shared":true,"jetpack_social_options":{"image_generator_settings":{"template":"highway","default_image_id":0,"font":"","enabled":false},"version":2}},"categories":[2667],"tags":[3994,2719],"class_list":["post-8808","post","type-post","status-publish","format-standard","has-post-thumbnail","hentry","category-zettelkasten","tag-radio","tag-theodor-w-adorno","entry","has-media"],"yoast_head":"<!-- This site is optimized with the Yoast SEO plugin v27.5 - https:\/\/yoast.com\/product\/yoast-seo-wordpress\/ -->\n<title>Sendungen zu Adorno in KW 32 \u2013 \u00dcbersicht \u00fcber Weniges - Kritische Masse<\/title>\n<meta name=\"robots\" content=\"index, follow, max-snippet:-1, max-image-preview:large, max-video-preview:-1\" \/>\n<link rel=\"canonical\" href=\"https:\/\/www.kritische-masse.de\/logbuch\/2019\/08\/sendungen-zu-adorno-in-kw-32-uebersicht-ueber-weniges\/\" \/>\n<meta property=\"og:locale\" content=\"de_DE\" \/>\n<meta property=\"og:type\" content=\"article\" \/>\n<meta property=\"og:title\" content=\"Sendungen zu Adorno in KW 32 \u2013 \u00dcbersicht \u00fcber Weniges - Kritische Masse\" \/>\n<meta property=\"og:description\" content=\"Sicher bin ich der letzte, der Gedanktagen besonders viel abgewinnen kann. Gedenktage werfen ein Schlaglicht: Pl\u00f6tzlich sind sie da, dann sind sie auch schon wieder weg. Morgen j\u00e4hrt sich der 50. Todestag von Theodor W. Adorno. Es ist zu erwarten, dass wenigstens die Publizistik sich dazu in einigen Artikel \u00e4u\u00dfern wird. Geht an an das [&hellip;]\" \/>\n<meta property=\"og:url\" content=\"https:\/\/www.kritische-masse.de\/logbuch\/2019\/08\/sendungen-zu-adorno-in-kw-32-uebersicht-ueber-weniges\/\" \/>\n<meta property=\"og:site_name\" content=\"Kritische Masse\" \/>\n<meta property=\"article:publisher\" content=\"https:\/\/www.facebook.com\/hufner\" \/>\n<meta property=\"article:author\" content=\"https:\/\/www.facebook.com\/hufner\" \/>\n<meta property=\"article:published_time\" content=\"2019-08-05T10:06:47+00:00\" \/>\n<meta name=\"author\" content=\"der huflaikhan\" \/>\n<meta name=\"twitter:label1\" content=\"Verfasst von\" \/>\n\t<meta name=\"twitter:data1\" content=\"der huflaikhan\" \/>\n\t<meta name=\"twitter:label2\" content=\"Gesch\u00e4tzte Lesezeit\" \/>\n\t<meta name=\"twitter:data2\" content=\"6\u00a0Minuten\" \/>\n<script type=\"application\/ld+json\" class=\"yoast-schema-graph\">{\"@context\":\"https:\\\/\\\/schema.org\",\"@graph\":[{\"@type\":\"Article\",\"@id\":\"https:\\\/\\\/www.kritische-masse.de\\\/logbuch\\\/2019\\\/08\\\/sendungen-zu-adorno-in-kw-32-uebersicht-ueber-weniges\\\/#article\",\"isPartOf\":{\"@id\":\"https:\\\/\\\/www.kritische-masse.de\\\/logbuch\\\/2019\\\/08\\\/sendungen-zu-adorno-in-kw-32-uebersicht-ueber-weniges\\\/\"},\"author\":{\"name\":\"der huflaikhan\",\"@id\":\"https:\\\/\\\/www.kritische-masse.de\\\/logbuch\\\/#\\\/schema\\\/person\\\/14c491f46504e7f6b79db161f76def1c\"},\"headline\":\"Sendungen zu Adorno in KW 32 \u2013 \u00dcbersicht \u00fcber Weniges\",\"datePublished\":\"2019-08-05T10:06:47+00:00\",\"mainEntityOfPage\":{\"@id\":\"https:\\\/\\\/www.kritische-masse.de\\\/logbuch\\\/2019\\\/08\\\/sendungen-zu-adorno-in-kw-32-uebersicht-ueber-weniges\\\/\"},\"wordCount\":1196,\"commentCount\":1,\"publisher\":{\"@id\":\"https:\\\/\\\/www.kritische-masse.de\\\/logbuch\\\/#\\\/schema\\\/person\\\/14c491f46504e7f6b79db161f76def1c\"},\"image\":{\"@id\":\"https:\\\/\\\/www.kritische-masse.de\\\/logbuch\\\/2019\\\/08\\\/sendungen-zu-adorno-in-kw-32-uebersicht-ueber-weniges\\\/#primaryimage\"},\"thumbnailUrl\":\"\",\"keywords\":[\"Radio\",\"Theodor W. Adorno\"],\"articleSection\":[\"Zettelkasten\"],\"inLanguage\":\"de\",\"potentialAction\":[{\"@type\":\"CommentAction\",\"name\":\"Comment\",\"target\":[\"https:\\\/\\\/www.kritische-masse.de\\\/logbuch\\\/2019\\\/08\\\/sendungen-zu-adorno-in-kw-32-uebersicht-ueber-weniges\\\/#respond\"]}]},{\"@type\":\"WebPage\",\"@id\":\"https:\\\/\\\/www.kritische-masse.de\\\/logbuch\\\/2019\\\/08\\\/sendungen-zu-adorno-in-kw-32-uebersicht-ueber-weniges\\\/\",\"url\":\"https:\\\/\\\/www.kritische-masse.de\\\/logbuch\\\/2019\\\/08\\\/sendungen-zu-adorno-in-kw-32-uebersicht-ueber-weniges\\\/\",\"name\":\"Sendungen zu Adorno in KW 32 \u2013 \u00dcbersicht \u00fcber Weniges - Kritische Masse\",\"isPartOf\":{\"@id\":\"https:\\\/\\\/www.kritische-masse.de\\\/logbuch\\\/#website\"},\"primaryImageOfPage\":{\"@id\":\"https:\\\/\\\/www.kritische-masse.de\\\/logbuch\\\/2019\\\/08\\\/sendungen-zu-adorno-in-kw-32-uebersicht-ueber-weniges\\\/#primaryimage\"},\"image\":{\"@id\":\"https:\\\/\\\/www.kritische-masse.de\\\/logbuch\\\/2019\\\/08\\\/sendungen-zu-adorno-in-kw-32-uebersicht-ueber-weniges\\\/#primaryimage\"},\"thumbnailUrl\":\"\",\"datePublished\":\"2019-08-05T10:06:47+00:00\",\"breadcrumb\":{\"@id\":\"https:\\\/\\\/www.kritische-masse.de\\\/logbuch\\\/2019\\\/08\\\/sendungen-zu-adorno-in-kw-32-uebersicht-ueber-weniges\\\/#breadcrumb\"},\"inLanguage\":\"de\",\"potentialAction\":[{\"@type\":\"ReadAction\",\"target\":[\"https:\\\/\\\/www.kritische-masse.de\\\/logbuch\\\/2019\\\/08\\\/sendungen-zu-adorno-in-kw-32-uebersicht-ueber-weniges\\\/\"]}]},{\"@type\":\"ImageObject\",\"inLanguage\":\"de\",\"@id\":\"https:\\\/\\\/www.kritische-masse.de\\\/logbuch\\\/2019\\\/08\\\/sendungen-zu-adorno-in-kw-32-uebersicht-ueber-weniges\\\/#primaryimage\",\"url\":\"\",\"contentUrl\":\"\"},{\"@type\":\"BreadcrumbList\",\"@id\":\"https:\\\/\\\/www.kritische-masse.de\\\/logbuch\\\/2019\\\/08\\\/sendungen-zu-adorno-in-kw-32-uebersicht-ueber-weniges\\\/#breadcrumb\",\"itemListElement\":[{\"@type\":\"ListItem\",\"position\":1,\"name\":\"Startseite\",\"item\":\"https:\\\/\\\/www.kritische-masse.de\\\/logbuch\\\/\"},{\"@type\":\"ListItem\",\"position\":2,\"name\":\"Sendungen zu Adorno in KW 32 \u2013 \u00dcbersicht \u00fcber Weniges\"}]},{\"@type\":\"WebSite\",\"@id\":\"https:\\\/\\\/www.kritische-masse.de\\\/logbuch\\\/#website\",\"url\":\"https:\\\/\\\/www.kritische-masse.de\\\/logbuch\\\/\",\"name\":\"kritische masse\",\"description\":\"amt f\u00fcr vermassungsschutz\",\"publisher\":{\"@id\":\"https:\\\/\\\/www.kritische-masse.de\\\/logbuch\\\/#\\\/schema\\\/person\\\/14c491f46504e7f6b79db161f76def1c\"},\"alternateName\":\"das logbuch der kritischen masse\",\"potentialAction\":[{\"@type\":\"SearchAction\",\"target\":{\"@type\":\"EntryPoint\",\"urlTemplate\":\"https:\\\/\\\/www.kritische-masse.de\\\/logbuch\\\/?s={search_term_string}\"},\"query-input\":{\"@type\":\"PropertyValueSpecification\",\"valueRequired\":true,\"valueName\":\"search_term_string\"}}],\"inLanguage\":\"de\"},{\"@type\":[\"Person\",\"Organization\"],\"@id\":\"https:\\\/\\\/www.kritische-masse.de\\\/logbuch\\\/#\\\/schema\\\/person\\\/14c491f46504e7f6b79db161f76def1c\",\"name\":\"der huflaikhan\",\"image\":{\"@type\":\"ImageObject\",\"inLanguage\":\"de\",\"@id\":\"https:\\\/\\\/www.kritische-masse.de\\\/logbuch\\\/wp-content\\\/uploads\\\/2024\\\/01\\\/cropped-kritischmasse_man_512.jpg\",\"url\":\"https:\\\/\\\/www.kritische-masse.de\\\/logbuch\\\/wp-content\\\/uploads\\\/2024\\\/01\\\/cropped-kritischmasse_man_512.jpg\",\"contentUrl\":\"https:\\\/\\\/www.kritische-masse.de\\\/logbuch\\\/wp-content\\\/uploads\\\/2024\\\/01\\\/cropped-kritischmasse_man_512.jpg\",\"width\":512,\"height\":512,\"caption\":\"der huflaikhan\"},\"logo\":{\"@id\":\"https:\\\/\\\/www.kritische-masse.de\\\/logbuch\\\/wp-content\\\/uploads\\\/2024\\\/01\\\/cropped-kritischmasse_man_512.jpg\"},\"description\":\"Betreiber der Kritischen Masse seit 1995. Seit 2023 Wiederaufnahme. Promotion mit einer Arbeit \u00fcber Adornos kompositorische und theoretische Auseinandersetzung mit der Zw\u00f6lftontechnik. Arbeit f\u00fcr den Bayerischen und den Mitteldeutschen Rundfunk als freier Autor und Regisseur \u2013 zumindest bis Ende 2015. Online-Redaktion f\u00fcr neue musikzeitung, Jazzzeitung und Oper &amp; Tanz. Ungl\u00fccklich, aber fast taub.\",\"sameAs\":[\"https:\\\/\\\/www.kritische-masse.de\\\/logbuch\\\/\",\"https:\\\/\\\/www.facebook.com\\\/hufner\"],\"url\":\"https:\\\/\\\/www.kritische-masse.de\\\/logbuch\\\/author\\\/martin_d1juqiu5\\\/\"}]}<\/script>\n<!-- \/ Yoast SEO plugin. -->","yoast_head_json":{"title":"Sendungen zu Adorno in KW 32 \u2013 \u00dcbersicht \u00fcber Weniges - Kritische Masse","robots":{"index":"index","follow":"follow","max-snippet":"max-snippet:-1","max-image-preview":"max-image-preview:large","max-video-preview":"max-video-preview:-1"},"canonical":"https:\/\/www.kritische-masse.de\/logbuch\/2019\/08\/sendungen-zu-adorno-in-kw-32-uebersicht-ueber-weniges\/","og_locale":"de_DE","og_type":"article","og_title":"Sendungen zu Adorno in KW 32 \u2013 \u00dcbersicht \u00fcber Weniges - Kritische Masse","og_description":"Sicher bin ich der letzte, der Gedanktagen besonders viel abgewinnen kann. Gedenktage werfen ein Schlaglicht: Pl\u00f6tzlich sind sie da, dann sind sie auch schon wieder weg. Morgen j\u00e4hrt sich der 50. Todestag von Theodor W. Adorno. Es ist zu erwarten, dass wenigstens die Publizistik sich dazu in einigen Artikel \u00e4u\u00dfern wird. Geht an an das [&hellip;]","og_url":"https:\/\/www.kritische-masse.de\/logbuch\/2019\/08\/sendungen-zu-adorno-in-kw-32-uebersicht-ueber-weniges\/","og_site_name":"Kritische Masse","article_publisher":"https:\/\/www.facebook.com\/hufner","article_author":"https:\/\/www.facebook.com\/hufner","article_published_time":"2019-08-05T10:06:47+00:00","author":"der huflaikhan","twitter_misc":{"Verfasst von":"der huflaikhan","Gesch\u00e4tzte Lesezeit":"6\u00a0Minuten"},"schema":{"@context":"https:\/\/schema.org","@graph":[{"@type":"Article","@id":"https:\/\/www.kritische-masse.de\/logbuch\/2019\/08\/sendungen-zu-adorno-in-kw-32-uebersicht-ueber-weniges\/#article","isPartOf":{"@id":"https:\/\/www.kritische-masse.de\/logbuch\/2019\/08\/sendungen-zu-adorno-in-kw-32-uebersicht-ueber-weniges\/"},"author":{"name":"der huflaikhan","@id":"https:\/\/www.kritische-masse.de\/logbuch\/#\/schema\/person\/14c491f46504e7f6b79db161f76def1c"},"headline":"Sendungen zu Adorno in KW 32 \u2013 \u00dcbersicht \u00fcber Weniges","datePublished":"2019-08-05T10:06:47+00:00","mainEntityOfPage":{"@id":"https:\/\/www.kritische-masse.de\/logbuch\/2019\/08\/sendungen-zu-adorno-in-kw-32-uebersicht-ueber-weniges\/"},"wordCount":1196,"commentCount":1,"publisher":{"@id":"https:\/\/www.kritische-masse.de\/logbuch\/#\/schema\/person\/14c491f46504e7f6b79db161f76def1c"},"image":{"@id":"https:\/\/www.kritische-masse.de\/logbuch\/2019\/08\/sendungen-zu-adorno-in-kw-32-uebersicht-ueber-weniges\/#primaryimage"},"thumbnailUrl":"","keywords":["Radio","Theodor W. Adorno"],"articleSection":["Zettelkasten"],"inLanguage":"de","potentialAction":[{"@type":"CommentAction","name":"Comment","target":["https:\/\/www.kritische-masse.de\/logbuch\/2019\/08\/sendungen-zu-adorno-in-kw-32-uebersicht-ueber-weniges\/#respond"]}]},{"@type":"WebPage","@id":"https:\/\/www.kritische-masse.de\/logbuch\/2019\/08\/sendungen-zu-adorno-in-kw-32-uebersicht-ueber-weniges\/","url":"https:\/\/www.kritische-masse.de\/logbuch\/2019\/08\/sendungen-zu-adorno-in-kw-32-uebersicht-ueber-weniges\/","name":"Sendungen zu Adorno in KW 32 \u2013 \u00dcbersicht \u00fcber Weniges - Kritische Masse","isPartOf":{"@id":"https:\/\/www.kritische-masse.de\/logbuch\/#website"},"primaryImageOfPage":{"@id":"https:\/\/www.kritische-masse.de\/logbuch\/2019\/08\/sendungen-zu-adorno-in-kw-32-uebersicht-ueber-weniges\/#primaryimage"},"image":{"@id":"https:\/\/www.kritische-masse.de\/logbuch\/2019\/08\/sendungen-zu-adorno-in-kw-32-uebersicht-ueber-weniges\/#primaryimage"},"thumbnailUrl":"","datePublished":"2019-08-05T10:06:47+00:00","breadcrumb":{"@id":"https:\/\/www.kritische-masse.de\/logbuch\/2019\/08\/sendungen-zu-adorno-in-kw-32-uebersicht-ueber-weniges\/#breadcrumb"},"inLanguage":"de","potentialAction":[{"@type":"ReadAction","target":["https:\/\/www.kritische-masse.de\/logbuch\/2019\/08\/sendungen-zu-adorno-in-kw-32-uebersicht-ueber-weniges\/"]}]},{"@type":"ImageObject","inLanguage":"de","@id":"https:\/\/www.kritische-masse.de\/logbuch\/2019\/08\/sendungen-zu-adorno-in-kw-32-uebersicht-ueber-weniges\/#primaryimage","url":"","contentUrl":""},{"@type":"BreadcrumbList","@id":"https:\/\/www.kritische-masse.de\/logbuch\/2019\/08\/sendungen-zu-adorno-in-kw-32-uebersicht-ueber-weniges\/#breadcrumb","itemListElement":[{"@type":"ListItem","position":1,"name":"Startseite","item":"https:\/\/www.kritische-masse.de\/logbuch\/"},{"@type":"ListItem","position":2,"name":"Sendungen zu Adorno in KW 32 \u2013 \u00dcbersicht \u00fcber Weniges"}]},{"@type":"WebSite","@id":"https:\/\/www.kritische-masse.de\/logbuch\/#website","url":"https:\/\/www.kritische-masse.de\/logbuch\/","name":"kritische masse","description":"amt f\u00fcr vermassungsschutz","publisher":{"@id":"https:\/\/www.kritische-masse.de\/logbuch\/#\/schema\/person\/14c491f46504e7f6b79db161f76def1c"},"alternateName":"das logbuch der kritischen masse","potentialAction":[{"@type":"SearchAction","target":{"@type":"EntryPoint","urlTemplate":"https:\/\/www.kritische-masse.de\/logbuch\/?s={search_term_string}"},"query-input":{"@type":"PropertyValueSpecification","valueRequired":true,"valueName":"search_term_string"}}],"inLanguage":"de"},{"@type":["Person","Organization"],"@id":"https:\/\/www.kritische-masse.de\/logbuch\/#\/schema\/person\/14c491f46504e7f6b79db161f76def1c","name":"der huflaikhan","image":{"@type":"ImageObject","inLanguage":"de","@id":"https:\/\/www.kritische-masse.de\/logbuch\/wp-content\/uploads\/2024\/01\/cropped-kritischmasse_man_512.jpg","url":"https:\/\/www.kritische-masse.de\/logbuch\/wp-content\/uploads\/2024\/01\/cropped-kritischmasse_man_512.jpg","contentUrl":"https:\/\/www.kritische-masse.de\/logbuch\/wp-content\/uploads\/2024\/01\/cropped-kritischmasse_man_512.jpg","width":512,"height":512,"caption":"der huflaikhan"},"logo":{"@id":"https:\/\/www.kritische-masse.de\/logbuch\/wp-content\/uploads\/2024\/01\/cropped-kritischmasse_man_512.jpg"},"description":"Betreiber der Kritischen Masse seit 1995. Seit 2023 Wiederaufnahme. Promotion mit einer Arbeit \u00fcber Adornos kompositorische und theoretische Auseinandersetzung mit der Zw\u00f6lftontechnik. Arbeit f\u00fcr den Bayerischen und den Mitteldeutschen Rundfunk als freier Autor und Regisseur \u2013 zumindest bis Ende 2015. Online-Redaktion f\u00fcr neue musikzeitung, Jazzzeitung und Oper &amp; Tanz. Ungl\u00fccklich, aber fast taub.","sameAs":["https:\/\/www.kritische-masse.de\/logbuch\/","https:\/\/www.facebook.com\/hufner"],"url":"https:\/\/www.kritische-masse.de\/logbuch\/author\/martin_d1juqiu5\/"}]}},"jetpack_publicize_connections":[],"jetpack_featured_media_url":"","categories_names":["Zettelkasten"],"post_class":[["post-8808","post","type-post","status-publish","format-standard","has-post-thumbnail","hentry","category-zettelkasten","tag-radio","tag-theodor-w-adorno","entry","has-media"]],"author_avatar":["<img alt='' src='https:\/\/secure.gravatar.com\/avatar\/c23aee426d58e69f14ef471114d4cac215eec702ee1bc331e2a62ea77e96ed60?s=96&#038;d=blank&#038;r=g' srcset='https:\/\/secure.gravatar.com\/avatar\/c23aee426d58e69f14ef471114d4cac215eec702ee1bc331e2a62ea77e96ed60?s=192&#038;d=blank&#038;r=g 2x' class='avatar avatar-96 photo' height='96' width='96' loading='lazy' decoding='async'\/>"],"featured_video":null,"jetpack-related-posts":[{"id":8807,"url":"https:\/\/www.kritische-masse.de\/logbuch\/2019\/08\/sendungen-zu-adorno-in-kw-32-uebersicht-ueber-weniges-2\/","url_meta":{"origin":8808,"position":0},"title":"Sendungen zu Adorno in KW 32 \u2013 \u00dcbersicht \u00fcber Weniges","author":"der huflaikhan","date":"5. August 2019","format":false,"excerpt":"Sicher bin ich der letzte, der Gedanktagen besonders viel abgewinnen kann. Gedenktage werfen ein Schlaglicht: Pl\u00f6tzlich sind sie da, dann sind sie auch schon wieder weg. Morgen j\u00e4hrt sich der 50. Todestag von Theodor W. Adorno. Es ist zu erwarten, dass wenigstens die Publizistik sich dazu in einigen Artikel \u00e4u\u00dfern\u2026","rel":"","context":"In &quot;Zettelkasten&quot;","block_context":{"text":"Zettelkasten","link":"https:\/\/www.kritische-masse.de\/logbuch\/category\/zettelkasten\/"},"img":{"alt_text":"","src":"","width":0,"height":0},"classes":[]},{"id":261,"url":"https:\/\/www.kritische-masse.de\/logbuch\/2003\/10\/tausend-mal-beruehrt-adorno\/","url_meta":{"origin":8808,"position":1},"title":"Tausend mal ber\u00fchrt \u2026 &#8211; Adorno","author":"huflaikhan","date":"17. Oktober 2003","format":false,"excerpt":"Musik: Klaus Lage, Tausend mal ber\u00fchrt ... Autor: Ja, Zoom hat es in diesem Jahr auch bei Adorno, Theodor Wiesengrund Adorno gemacht. Gut, er feierte am 11. September dieses Jahres seinen 100. Geburtstag. Doch eigentlich schien die Akte Adorno schon l\u00e4ngst geschlossen. Und jetzt dieser Aufmerksamkeitsboom. Unter anderem sind drei\u2026","rel":"","context":"\u00c4hnlicher Beitrag","block_context":{"text":"\u00c4hnlicher Beitrag","link":""},"img":{"alt_text":"","src":"","width":0,"height":0},"classes":[]},{"id":258,"url":"https:\/\/www.kritische-masse.de\/logbuch\/2003\/09\/taktlos-70-adorno-ex-oder-top\/","url_meta":{"origin":8808,"position":2},"title":"taktlos 70: Adorno &#8211; Ex oder top?","author":"huflaikhan","date":"30. September 2003","format":false,"excerpt":"taktlos # 70 Adorno. Ex oder top? 1. Oktober 2003 \/ 21:30 bis 22:30 Uhr Bayern 2 Radio, Live aus dem Studio Franken Moderation: Theo Gei\u00dfler Anl\u00e4sslich seines hundertsten Geburtstages hat Theodor W. Adorno einen unerwarteten Aufmerksamkeits-Boom erfahren. Ist die Flaschenpost Adornos in der Gegenwart angekommen? Hat die Flasche Inhalt?\u2026","rel":"","context":"Mit 2 Kommentaren","block_context":{"text":"Mit 2 Kommentaren","link":"https:\/\/www.kritische-masse.de\/logbuch\/2003\/09\/taktlos-70-adorno-ex-oder-top\/#comments"},"img":{"alt_text":"Flaschenpost","src":"https:\/\/i0.wp.com\/www.nmz.de\/taktlos\/2003\/taktlos70\/titel.jpg?resize=350%2C200","width":350,"height":200},"classes":[]},{"id":8853,"url":"https:\/\/www.kritische-masse.de\/logbuch\/2022\/01\/these-oder-phrase-kultur-und-freizeit-im-gg\/","url_meta":{"origin":8808,"position":3},"title":"These oder Phrase? Kultur und Freizeit im GG","author":"der huflaikhan","date":"11. Januar 2022","format":false,"excerpt":"Unsere neue Kulturstaatsministerin schwingt schon mal gro\u00dfe Worte. \u00abAuch in der Krise r\u00e4umen Bund und L\u00e4nder der Kultur den Stellenwert ein, der ihrer Bedeutung f\u00fcr die Gesellschaft und der Stellung der Kunstfreiheit im Grundgesetz entspricht.\u00bb Dies mache der ausdr\u00fcckliche Hinweis auf die besondere Begr\u00fcndungspflicht f\u00fcr Beschr\u00e4nkungen des Kulturbetriebs deutlich, sagte\u2026","rel":"","context":"In &quot;die Kultur&quot;","block_context":{"text":"die Kultur","link":"https:\/\/www.kritische-masse.de\/logbuch\/category\/angriffauf\/die-kultur\/"},"img":{"alt_text":"huflaikhan","src":"https:\/\/i0.wp.com\/www.kritische-masse.de\/logbuch\/wp-content\/uploads\/2012\/05\/p1050175.jpg?fit=800%2C600&ssl=1&resize=350%2C200","width":350,"height":200,"srcset":"https:\/\/i0.wp.com\/www.kritische-masse.de\/logbuch\/wp-content\/uploads\/2012\/05\/p1050175.jpg?fit=800%2C600&ssl=1&resize=350%2C200 1x, https:\/\/i0.wp.com\/www.kritische-masse.de\/logbuch\/wp-content\/uploads\/2012\/05\/p1050175.jpg?fit=800%2C600&ssl=1&resize=525%2C300 1.5x, https:\/\/i0.wp.com\/www.kritische-masse.de\/logbuch\/wp-content\/uploads\/2012\/05\/p1050175.jpg?fit=800%2C600&ssl=1&resize=700%2C400 2x"},"classes":[]},{"id":8747,"url":"https:\/\/www.kritische-masse.de\/logbuch\/2018\/02\/aus-dem-leben-eines-taugenichts-theodor-w-adorno-nach-tilmann-krause-die-welt\/","url_meta":{"origin":8808,"position":4},"title":"Aus dem Leben eines Taugenichts: Theodor W. Adorno nach Tilmann Krause [Die WELT]","author":"der huflaikhan","date":"10. Februar 2018","format":false,"excerpt":"\"Selbst die Studenten, die sich gegen ein Gomringer-Gedicht an der Wand ihrer Hochschule emp\u00f6ren, weil es angeblich sexistisch ist, sind in dieser Hinsicht Kinder von Adorno, auch wenn sie den Namen nie geh\u00f6rt haben sollten.\" [Quelle: Die Welt. Tilmann Krause: Der Meisterdenker der 68er taugte einfach nichts] In welcher Hinsicht?\u2026","rel":"","context":"In &quot;\u00c4sthetische Kunstfehler&quot;","block_context":{"text":"\u00c4sthetische Kunstfehler","link":"https:\/\/www.kritische-masse.de\/logbuch\/category\/aesthetische_kunstfehler\/"},"img":{"alt_text":"Ausschnitt Bach","src":"https:\/\/i0.wp.com\/www.kritische-masse.de\/logbuch\/wp-content\/uploads\/2004\/10\/20041015-bach-haltet-detail.jpg?fit=500%2C534&ssl=1&resize=350%2C200","width":350,"height":200},"classes":[]},{"id":1162,"url":"https:\/\/www.kritische-masse.de\/logbuch\/2005\/04\/kommentarfunktion-aus\/","url_meta":{"origin":8808,"position":5},"title":"Kommentarfunktion aus","author":"huflaikhan","date":"28. April 2005","format":false,"excerpt":"Aus einem mir selbst nicht ganz klaren Grund. Kommentarfunktion abgestellt bis auf weiteres. Ich habe festgestellt, dass ich h\u00e4ufig nur danach geschaut habe, ob jemand was kommentierte und nahm unkommentierte Artikel \u00fcbellaunig zur Kenntnis. Das hat ja keinen Sinn. Daher: Vorerst Schluss damit. Ach, Semmelchen, ich wusste, dass du es\u2026","rel":"","context":"\u00c4hnlicher Beitrag","block_context":{"text":"\u00c4hnlicher Beitrag","link":""},"img":{"alt_text":"","src":"","width":0,"height":0},"classes":[]}],"jetpack_sharing_enabled":true,"_links":{"self":[{"href":"https:\/\/www.kritische-masse.de\/logbuch\/wp-json\/wp\/v2\/posts\/8808","targetHints":{"allow":["GET"]}}],"collection":[{"href":"https:\/\/www.kritische-masse.de\/logbuch\/wp-json\/wp\/v2\/posts"}],"about":[{"href":"https:\/\/www.kritische-masse.de\/logbuch\/wp-json\/wp\/v2\/types\/post"}],"author":[{"embeddable":true,"href":"https:\/\/www.kritische-masse.de\/logbuch\/wp-json\/wp\/v2\/users\/1"}],"replies":[{"embeddable":true,"href":"https:\/\/www.kritische-masse.de\/logbuch\/wp-json\/wp\/v2\/comments?post=8808"}],"version-history":[{"count":0,"href":"https:\/\/www.kritische-masse.de\/logbuch\/wp-json\/wp\/v2\/posts\/8808\/revisions"}],"wp:featuredmedia":[{"embeddable":true,"href":"https:\/\/www.kritische-masse.de\/logbuch\/wp-json\/wp\/v2\/posts\/90"}],"wp:attachment":[{"href":"https:\/\/www.kritische-masse.de\/logbuch\/wp-json\/wp\/v2\/media?parent=8808"}],"wp:term":[{"taxonomy":"category","embeddable":true,"href":"https:\/\/www.kritische-masse.de\/logbuch\/wp-json\/wp\/v2\/categories?post=8808"},{"taxonomy":"post_tag","embeddable":true,"href":"https:\/\/www.kritische-masse.de\/logbuch\/wp-json\/wp\/v2\/tags?post=8808"}],"curies":[{"name":"wp","href":"https:\/\/api.w.org\/{rel}","templated":true}]}}