{"id":8810,"date":"2019-08-20T12:08:32","date_gmt":"2019-08-20T10:08:32","guid":{"rendered":"https:\/\/musikunrat.de\/?p=1904"},"modified":"2019-08-20T12:08:32","modified_gmt":"2019-08-20T10:08:32","slug":"widerspruch-maria-o-s-kommentar-zum-fall-placido-d","status":"publish","type":"post","link":"https:\/\/www.kritische-masse.de\/logbuch\/2019\/08\/widerspruch-maria-o-s-kommentar-zum-fall-placido-d\/","title":{"rendered":"Widerspruch: Maria O.s Kommentar zum \u201eFall\u201c Placido D."},"content":{"rendered":"<div class=\"shariff shariff-align-left shariff-widget-align-left\"><ul class=\"shariff-buttons theme-white orientation-horizontal buttonsize-small\"><li class=\"shariff-button mastodon shariff-nocustomcolor\" style=\"background-color:#563ACC\"><a href=\"https:\/\/s2f.kytta.dev\/?text=Widerspruch%3A%20Maria%20O.s%20Kommentar%20zum%20%E2%80%9EFall%E2%80%9C%20Placido%20D. https%3A%2F%2Fwww.kritische-masse.de%2Flogbuch%2F2019%2F08%2Fwiderspruch-maria-o-s-kommentar-zum-fall-placido-d%2F\" title=\"Bei Mastodon teilen\" aria-label=\"Bei Mastodon teilen\" role=\"button\" rel=\"noopener nofollow\" class=\"shariff-link\" style=\"; background-color:#6364FF; color:#6364FF\" target=\"_blank\"><span class=\"shariff-icon\" style=\"fill:#6364FF\"><svg width=\"75\" height=\"79\" viewBox=\"0 0 75 79\" fill=\"none\" xmlns=\"http:\/\/www.w3.org\/2000\/svg\"><path d=\"M37.813-.025C32.462-.058 27.114.13 21.79.598c-8.544.621-17.214 5.58-20.203 13.931C-1.12 23.318.408 32.622.465 41.65c.375 7.316.943 14.78 3.392 21.73 4.365 9.465 14.781 14.537 24.782 15.385 7.64.698 15.761-.213 22.517-4.026a54.1 54.1 0 0 0 .01-6.232c-6.855 1.316-14.101 2.609-21.049 1.074-3.883-.88-6.876-4.237-7.25-8.215-1.53-3.988 3.78-.43 5.584-.883 9.048 1.224 18.282.776 27.303-.462 7.044-.837 14.26-4.788 16.65-11.833 2.263-6.135 1.215-12.79 1.698-19.177.06-3.84.09-7.692-.262-11.52C72.596 7.844 63.223.981 53.834.684a219.453 219.453 0 0 0-16.022-.71zm11.294 12.882c5.5-.067 10.801 4.143 11.67 9.653.338 1.48.471 3 .471 4.515v21.088h-8.357c-.07-7.588.153-15.182-.131-22.765-.587-4.368-7.04-5.747-9.672-2.397-2.422 3.04-1.47 7.155-1.67 10.735v6.392h-8.307c-.146-4.996.359-10.045-.404-15.002-1.108-4.218-7.809-5.565-10.094-1.666-1.685 3.046-.712 6.634-.976 9.936v14.767h-8.354c.109-8.165-.238-16.344.215-24.5.674-5.346 5.095-10.389 10.676-10.627 4.902-.739 10.103 2.038 12.053 6.631.375 1.435 1.76 1.932 1.994.084 1.844-3.704 5.501-6.739 9.785-6.771.367-.044.735-.068 1.101-.073z\"\/><defs><linearGradient id=\"paint0_linear_549_34\" x1=\"37.0692\" y1=\"0\" x2=\"37.0692\" y2=\"79\" gradientUnits=\"userSpaceOnUse\"><stop stop-color=\"#6364FF\"\/><stop offset=\"1\" stop-color=\"#563ACC\"\/><\/linearGradient><\/defs><\/svg><\/span><span class=\"shariff-text\" style=\"color:#6364FF\">teilen<\/span>&nbsp;<\/a><\/li><li class=\"shariff-button bluesky shariff-nocustomcolor\" style=\"background-color:#84c4ff\"><a href=\"https:\/\/bsky.app\/intent\/compose?text=Widerspruch%3A%20Maria%20O.s%20Kommentar%20zum%20%E2%80%9EFall%E2%80%9C%20Placido%20D. https%3A%2F%2Fwww.kritische-masse.de%2Flogbuch%2F2019%2F08%2Fwiderspruch-maria-o-s-kommentar-zum-fall-placido-d%2F \" title=\"Bei Bluesky teilen\" aria-label=\"Bei Bluesky teilen\" role=\"button\" rel=\"noopener nofollow\" class=\"shariff-link\" style=\"; background-color:#0085ff; color:#0085ff\" target=\"_blank\"><span class=\"shariff-icon\" style=\"fill:#0085ff\"><svg width=\"20\" height=\"20\" version=\"1.1\" xmlns=\"http:\/\/www.w3.org\/2000\/svg\" viewBox=\"0 0 20 20\"><path class=\"st0\" d=\"M4.89,3.12c2.07,1.55,4.3,4.71,5.11,6.4.82-1.69,3.04-4.84,5.11-6.4,1.49-1.12,3.91-1.99,3.91.77,0,.55-.32,4.63-.5,5.3-.64,2.3-2.99,2.89-5.08,2.54,3.65.62,4.58,2.68,2.57,4.74-3.81,3.91-5.48-.98-5.9-2.23-.08-.23-.11-.34-.12-.25,0-.09-.04.02-.12.25-.43,1.25-2.09,6.14-5.9,2.23-2.01-2.06-1.08-4.12,2.57-4.74-2.09.36-4.44-.23-5.08-2.54-.19-.66-.5-4.74-.5-5.3,0-2.76,2.42-1.89,3.91-.77h0Z\"\/><\/svg><\/span><span class=\"shariff-text\" style=\"color:#0085ff\">teilen<\/span>&nbsp;<\/a><\/li><li class=\"shariff-button threema shariff-nocustomcolor shariff-mobile\" style=\"background-color:#4fbc24\"><a href=\"threema:\/\/compose?text=Widerspruch%3A%20Maria%20O.s%20Kommentar%20zum%20%E2%80%9EFall%E2%80%9C%20Placido%20D.%20https%3A%2F%2Fwww.kritische-masse.de%2Flogbuch%2F2019%2F08%2Fwiderspruch-maria-o-s-kommentar-zum-fall-placido-d%2F\" title=\"Bei Threema teilen\" aria-label=\"Bei Threema teilen\" role=\"button\" rel=\"noopener nofollow\" class=\"shariff-link\" style=\"; background-color:#1f1f1f; color:#1f1f1f\" target=\"_blank\"><span class=\"shariff-icon\" style=\"fill:#1f1f1f\"><svg width=\"32px\" height=\"20px\" xmlns=\"http:\/\/www.w3.org\/2000\/svg\" viewBox=\"0 0 32 32\"><path fill=\"#1f1f1f\" d=\"M30.8 10.9c-0.3-1.4-0.9-2.6-1.8-3.8-2-2.6-5.5-4.5-9.4-5.2-1.3-0.2-1.9-0.3-3.5-0.3s-2.2 0-3.5 0.3c-4 0.7-7.4 2.6-9.4 5.2-0.9 1.2-1.5 2.4-1.8 3.8-0.1 0.5-0.2 1.2-0.2 1.6 0 0.4 0.1 1.1 0.2 1.6 0.4 1.9 1.3 3.4 2.9 5 0.8 0.8 0.8 0.8 0.7 1.3 0 0.6-0.5 1.6-1.7 3.6-0.3 0.5-0.5 0.9-0.5 0.9 0 0.1 0.1 0.1 0.5 0 0.8-0.2 2.3-0.6 5.6-1.6 1.1-0.3 1.3-0.4 2.3-0.4 0.8 0 1.1 0 2.3 0.2 1.5 0.2 3.5 0.2 4.9 0 5.1-0.6 9.3-2.9 11.4-6.3 0.5-0.9 0.9-1.8 1.1-2.8 0.1-0.5 0.2-1.1 0.2-1.6 0-0.7-0.1-1.1-0.2-1.6-0.3-1.4 0.1 0.5 0 0zM20.6 17.3c0 0.4-0.4 0.8-0.8 0.8h-7.7c-0.4 0-0.8-0.4-0.8-0.8v-4.6c0-0.4 0.4-0.8 0.8-0.8h0.2l0-1.6c0-0.9 0-1.8 0.1-2 0.1-0.6 0.6-1.2 1.1-1.7s1.1-0.7 1.9-0.8c1.8-0.3 3.7 0.7 4.2 2.2 0.1 0.3 0.1 0.7 0.1 2.1v0 1.7h0.1c0.4 0 0.8 0.4 0.8 0.8v4.6zM15.6 7.3c-0.5 0.1-0.8 0.3-1.2 0.6s-0.6 0.8-0.7 1.3c0 0.2 0 0.8 0 1.5l0 1.2h4.6v-1.3c0-1 0-1.4-0.1-1.6-0.3-1.1-1.5-1.9-2.6-1.7zM25.8 28.2c0 1.2-1 2.2-2.1 2.2s-2.1-1-2.1-2.1c0-1.2 1-2.1 2.2-2.1s2.2 1 2.2 2.2zM18.1 28.2c0 1.2-1 2.2-2.1 2.2s-2.1-1-2.1-2.1c0-1.2 1-2.1 2.2-2.1s2.2 1 2.2 2.2zM10.4 28.2c0 1.2-1 2.2-2.1 2.2s-2.1-1-2.1-2.1c0-1.2 1-2.1 2.2-2.1s2.2 1 2.2 2.2z\"\/><\/svg><\/span><span class=\"shariff-text\" style=\"color:#1f1f1f\">teilen<\/span>&nbsp;<\/a><\/li><li class=\"shariff-button facebook shariff-nocustomcolor\" style=\"background-color:#4273c8\"><a href=\"https:\/\/www.facebook.com\/sharer\/sharer.php?u=https%3A%2F%2Fwww.kritische-masse.de%2Flogbuch%2F2019%2F08%2Fwiderspruch-maria-o-s-kommentar-zum-fall-placido-d%2F\" title=\"Bei Facebook teilen\" aria-label=\"Bei Facebook teilen\" role=\"button\" rel=\"nofollow\" class=\"shariff-link\" style=\"; background-color:#3b5998; color:#3b5998\" target=\"_blank\"><span class=\"shariff-icon\" style=\"fill:#3b5998\"><svg width=\"32px\" height=\"20px\" xmlns=\"http:\/\/www.w3.org\/2000\/svg\" viewBox=\"0 0 18 32\"><path fill=\"#3b5998\" d=\"M17.1 0.2v4.7h-2.8q-1.5 0-2.1 0.6t-0.5 1.9v3.4h5.2l-0.7 5.3h-4.5v13.6h-5.5v-13.6h-4.5v-5.3h4.5v-3.9q0-3.3 1.9-5.2t5-1.8q2.6 0 4.1 0.2z\"\/><\/svg><\/span><span class=\"shariff-text\" style=\"color:#3b5998\">teilen<\/span>&nbsp;<\/a><\/li><li class=\"shariff-button info shariff-nocustomcolor\" style=\"background-color:#a8a8a8\"><a href=\"http:\/\/ct.de\/-2467514\" title=\"Weitere Informationen\" aria-label=\"Weitere Informationen\" role=\"button\" rel=\"noopener \" class=\"shariff-link\" style=\"; background-color:#999; color:#999\" target=\"_blank\"><span class=\"shariff-icon\" style=\"fill:#999\"><svg width=\"32px\" height=\"20px\" xmlns=\"http:\/\/www.w3.org\/2000\/svg\" viewBox=\"0 0 11 32\"><path fill=\"#999\" d=\"M11.4 24v2.3q0 0.5-0.3 0.8t-0.8 0.4h-9.1q-0.5 0-0.8-0.4t-0.4-0.8v-2.3q0-0.5 0.4-0.8t0.8-0.4h1.1v-6.8h-1.1q-0.5 0-0.8-0.4t-0.4-0.8v-2.3q0-0.5 0.4-0.8t0.8-0.4h6.8q0.5 0 0.8 0.4t0.4 0.8v10.3h1.1q0.5 0 0.8 0.4t0.3 0.8zM9.2 3.4v3.4q0 0.5-0.4 0.8t-0.8 0.4h-4.6q-0.4 0-0.8-0.4t-0.4-0.8v-3.4q0-0.4 0.4-0.8t0.8-0.4h4.6q0.5 0 0.8 0.4t0.4 0.8z\"\/><\/svg><\/span><\/a><\/li><\/ul><\/div><p>In einem Kommentar zum \u201eFall\u201c Placido D. hat sich die Musikjournalistin Maria O. positioniert. Sie wird als Verteidigerin des S\u00e4ngers angek\u00fcndigt. <a href=\"https:\/\/www.swr.de\/swr2\/musik-klassik\/Kommentar-Belaestigungsvorwuerfe-gegen-Placido-Domingo,av-o1145529-100.html\">Der Text<\/a> wird von zahlreichen Personen aus dem Musikleben als brillant bezeichnet. Aber er ist im Kern nur eine Meinung und dazu eine, die selbst mit den Mitteln agiert, die sie anderen vorwirft.<\/p>\n<p>Sie schreibt da:<\/p>\n<blockquote><p>\u201eDer Fall zeigt, wie erbarmungslos eine schnell urteilende, teilweise moralinsaure Erotikpolizei \u00fcber einen Menschen herf\u00e4llt und sein Lebenswerk zerst\u00f6rt.\u201c<\/p><\/blockquote>\n<p>Nun wird man beim Begriff einer \u201emoralinsauren Erotikpolizei\u201c sp\u00e4testens aufmerksam. Was kann das denn sein, eine Erotikpolizei, welche Befugnisse sind ihr eigen, wer hat sie wie ausgestattet. Welche Bedeutung kann ihr Urteil haben. Der Vorgang ist ja vielmehr, dass eine Presseagentur eine Recherche betrieben hat (<a href=\"https:\/\/blogs.nmz.de\/badblog\/2019\/08\/19\/placido-domingo-9-frauen-und-eine-klatschreporterin\/\">Alexander Strauch hat dar\u00fcber im Bad Blog Of Musick geschrieben<\/a>). In dieser Recherche werfen Personen dem Opernchef und S\u00e4nger ein Verhalten vor, das nicht akzeptabel ist. Ob die Vorhalten richtig sind oder falsch, das wissen wie als Au\u00dfenstehende gar nicht. Wenn wir die Vorw\u00fcrfe abweisen wollen, m\u00fcssen wir zugleich sagen, dass die Presseagentur AP unsauber gearbeitet hat. Die Konsequenzen, die aktuell Partner von Domingo daraus ziehen, liegen in deren Handlungsraum. Das Internet, das Frau O. hier erw\u00e4hnt (\u201eMan sitzt zu Gericht im Internet\u201c) entscheidet dagegen gar nichts. Erotikpolizei! Wie das klingt, nach einer harmloseren Abteilung einer Sittenpolizei? \u201eErotik\u201c kann ja n\u00e4mlich nix falsches sein. Eine Erotikpolizei muss daher suspekt sein. Knistern geht, knattern ist verwerflich. Oder wie?<\/p>\n<div id=\"ez-toc-container\" class=\"ez-toc-v2_0_82_2 ez-toc-wrap-center counter-hierarchy ez-toc-counter ez-toc-light-blue ez-toc-container-direction\">\n<div class=\"ez-toc-title-container\">\n<p class=\"ez-toc-title\" style=\"cursor:inherit\">Inhalt<\/p>\n<span class=\"ez-toc-title-toggle\"><a href=\"#\" class=\"ez-toc-pull-right ez-toc-btn ez-toc-btn-xs ez-toc-btn-default ez-toc-toggle\" aria-label=\"Toggle Table of Content\"><span class=\"ez-toc-js-icon-con\"><span class=\"\"><span class=\"eztoc-hide\" style=\"display:none;\">Toggle<\/span><span class=\"ez-toc-icon-toggle-span\"><svg style=\"fill: #999;color:#999\" xmlns=\"http:\/\/www.w3.org\/2000\/svg\" class=\"list-377408\" width=\"20px\" height=\"20px\" viewBox=\"0 0 24 24\" fill=\"none\"><path d=\"M6 6H4v2h2V6zm14 0H8v2h12V6zM4 11h2v2H4v-2zm16 0H8v2h12v-2zM4 16h2v2H4v-2zm16 0H8v2h12v-2z\" fill=\"currentColor\"><\/path><\/svg><svg style=\"fill: #999;color:#999\" class=\"arrow-unsorted-368013\" xmlns=\"http:\/\/www.w3.org\/2000\/svg\" width=\"10px\" height=\"10px\" viewBox=\"0 0 24 24\" version=\"1.2\" baseProfile=\"tiny\"><path d=\"M18.2 9.3l-6.2-6.3-6.2 6.3c-.2.2-.3.4-.3.7s.1.5.3.7c.2.2.4.3.7.3h11c.3 0 .5-.1.7-.3.2-.2.3-.5.3-.7s-.1-.5-.3-.7zM5.8 14.7l6.2 6.3 6.2-6.3c.2-.2.3-.5.3-.7s-.1-.5-.3-.7c-.2-.2-.4-.3-.7-.3h-11c-.3 0-.5.1-.7.3-.2.2-.3.5-.3.7s.1.5.3.7z\"\/><\/svg><\/span><\/span><\/span><\/a><\/span><\/div>\n<nav><ul class='ez-toc-list ez-toc-list-level-1 ' ><li class='ez-toc-page-1 ez-toc-heading-level-3'><a class=\"ez-toc-link ez-toc-heading-1\" href=\"https:\/\/www.kritische-masse.de\/logbuch\/2019\/08\/widerspruch-maria-o-s-kommentar-zum-fall-placido-d\/#Auch_ein_Persilschein_ist_ein_Urteil\" >Auch ein Persilschein ist ein Urteil<\/a><\/li><li class='ez-toc-page-1 ez-toc-heading-level-3'><a class=\"ez-toc-link ez-toc-heading-2\" href=\"https:\/\/www.kritische-masse.de\/logbuch\/2019\/08\/widerspruch-maria-o-s-kommentar-zum-fall-placido-d\/#Nebenschauplatz\" >Nebenschauplatz<\/a><\/li><li class='ez-toc-page-1 ez-toc-heading-level-3'><a class=\"ez-toc-link ez-toc-heading-3\" href=\"https:\/\/www.kritische-masse.de\/logbuch\/2019\/08\/widerspruch-maria-o-s-kommentar-zum-fall-placido-d\/#Urteil_wider_Willen\" >Urteil wider Willen<\/a><\/li><\/ul><\/nav><\/div>\n<h3><span class=\"ez-toc-section\" id=\"Auch_ein_Persilschein_ist_ein_Urteil\"><\/span>Auch ein Persilschein ist ein Urteil<span class=\"ez-toc-section-end\"><\/span><\/h3>\n<p>Dar\u00fcber, was passiert ist, dar\u00fcber muss Frau O. also mehr wissen, als sie zugibt. So sehr es nach unserem g\u00e4ngigen Rechtsverst\u00e4ndnis stimmt, dass der- oder diejenige, der oder dem man ein Vorwurf macht, solange als \u201eunschuldig\u201c gilt, bis ihm nachgewiesen werden kann, dass er \u201enicht unschuldig\u201c ist, so sehr stimmt es aber auch, dass eine Vorfreispruch, also ein sogenannter Persilschein, ebenso an der Angelegenheit vorbei geht. In einer Sache, von der man nichts wei\u00df, w\u00fcrde es ein Rechtsanstand gebieten, sich da einfach herauszuhalten. Die Sache entscheidet weder ein \u201eInternet\u201c noch die Privatmeinung einer einzelnen Person, die es kommentiert.<\/p>\n<h3><span class=\"ez-toc-section\" id=\"Nebenschauplatz\"><\/span>Nebenschauplatz<span class=\"ez-toc-section-end\"><\/span><\/h3>\n<p>Der Mensch ist vergesslich, die Erinnerungen sind immer l\u00fcckenhaft, je \u00e4lter sie werden. Gleichwohl, das lehren psychologische Versuche, \u00e4ndern sich Erinnerung mit der Zeit. So k\u00f6nnen durchaus pl\u00f6tzlich Erinnerungen ans Tageslicht kommen, die zwischenzeitlich vollkommen verschwunden waren. Die Erinnerung ist kein fester Block und aber auch keiner, bei dem das Vergessen nur zunimmt, sondern das Vergessene auch wieder sp\u00e4ter einmal zum Vorschein kommen kann.<\/p>\n<p>Frau O. so:<\/p>\n<blockquote><p>\u201eWer aber kann heute \u00fcberpr\u00fcfen, ob vor 30 Jahren, in einer v\u00f6llig anderen Kultur des Miteinanders, die anklagenden Frauen vielleicht eine stabile Beziehung erhofften und Domingo nur eine kleine Aff\u00e4re wollte?\u201c<\/p><\/blockquote>\n<p>Frau O. kann das nicht. Ich kann das auch nicht. Das l\u00e4sst sich bestenfalls zwischen den Beteiligten ermitteln \u2013 oder es gibt Anzeichen f\u00fcr das eine oder andere, die sich auch manifest zeigen. Aber das beiseite. Frau O. sagt, dass man vor 30 Jahren \u201ein einer v\u00f6llig anderen Kultur des Miteinanders\u201c gelebt habe. Was will sie damit sagen: Dass vor 30 Jahren Handlungen anders zu bewerten gewesen sind als heute. 1989 soll \u201eErotik\u201c gewesen sein, was heute \u00dcbergriff ist. Will sie damit unter der Hand behaupten, dass es die Vorf\u00e4lle also doch gab, nur waren sie damals \u201enormal\u201c? Ich muss sagen: Vor 30 Jahren sah das Strafrecht gewiss anders aus, richtig. Beispiel: Das Gesetz, das Vergewaltigungen in der Ehe zur Straftat machte, trat erst am 1. Juli 1997 in Kraft. Ja, was nicht verboten ist, das ist erlaubt, sagt ein alter Sponti-Slogan. Sollte der zur Anwendung kommen? Juristisch gesehen schon. Gleichwohl wird man nicht von einer v\u00f6llig anderen Kultur des Miteinanders vor 30 Jahren sprechen k\u00f6nnen. Heute ist man sicher etwas sprachsensibler geworden. Was den respektvollen Umgang untereinander angeht, kann ich nicht erkennen, dass 1989 beispielsweise sexuelle \u00dcbergriffigkeit als \u201eerotisches\u201c Spiel verharmlost worden ist. Nur stimmt es sicher, dass es damals wesentlich schwieriger war, etwaiges Verhalten auch mit rechtlichen Mitteln zu ahnden. Das hat sich ge\u00e4ndert und das ist auch keine falsche Entwicklung.<\/p>\n<h3><span class=\"ez-toc-section\" id=\"Urteil_wider_Willen\"><\/span>Urteil wider Willen<span class=\"ez-toc-section-end\"><\/span><\/h3>\n<p>Frau O. tut daher mit ihrer Verteidigung Placido D. in der Sache kein Gefallen. Sie best\u00e4tigt vielmehr sogar, dass etwas gewesen sein k\u00f6nnte, was heute eben schlimm gewertet wird, damals aber als \u201enormal\u201c angesehen werden musste. Hat er nun? Oder hat er nicht? Wer urteilt hier mindestens als \u201eErotikpolizistin\u201c mit, Frau O.?<\/p>\n<p>Das Urteil hat sie sich ja in ersten beiden S\u00e4tzen sowieso gebildet:<\/p>\n<blockquote><p>\u201eEs war einmal, vor 30 Jahren. Ein blendend aussehender Mann, gesegnet mit einer Jahrhundertstimme, charmant, bewundert von Millionen und auch noch liebenswert, kollegial und welterfahren \u2026\u201c<\/p><\/blockquote>\n<p>Kann so jemand etwas Verwerfliches getan haben. Nein, sagt das Internet, das Frau O. zustimmend applaudiert. \u00c4h, Internet sitzt zu Gericht? War da nicht was. Die Sch\u00f6ffinnen und Sch\u00f6ffen auf der Bank bei Frau O. haben entschieden. Alles harmlos. Kann denn Liebe S\u00fcnde sein \u2026<\/p>\n<p>Nein, ich wei\u00df es nicht, was Vorfall gewesen ist und was Einfall. Deswegen interessiert mich der Fall Placido D. auch \u00fcberhaupt nicht. Wie er jedoch behandelt wird, wirft kein gutes Licht auf den Zustand des Klassikbetriebes. Zumindest des Teils, der hier sichtbar wird.<\/p>\n<p>Meinungen ersetzen keine Ermittlungen.<\/p>\n<div class=\"shariff shariff-align-left shariff-widget-align-left\"><ul class=\"shariff-buttons theme-white orientation-horizontal buttonsize-small\"><li class=\"shariff-button mastodon shariff-nocustomcolor\" style=\"background-color:#563ACC\"><a href=\"https:\/\/s2f.kytta.dev\/?text=Widerspruch%3A%20Maria%20O.s%20Kommentar%20zum%20%E2%80%9EFall%E2%80%9C%20Placido%20D. https%3A%2F%2Fwww.kritische-masse.de%2Flogbuch%2F2019%2F08%2Fwiderspruch-maria-o-s-kommentar-zum-fall-placido-d%2F\" title=\"Bei Mastodon teilen\" aria-label=\"Bei Mastodon teilen\" role=\"button\" rel=\"noopener nofollow\" class=\"shariff-link\" style=\"; background-color:#6364FF; color:#6364FF\" target=\"_blank\"><span class=\"shariff-icon\" style=\"fill:#6364FF\"><svg width=\"75\" height=\"79\" viewBox=\"0 0 75 79\" fill=\"none\" xmlns=\"http:\/\/www.w3.org\/2000\/svg\"><path d=\"M37.813-.025C32.462-.058 27.114.13 21.79.598c-8.544.621-17.214 5.58-20.203 13.931C-1.12 23.318.408 32.622.465 41.65c.375 7.316.943 14.78 3.392 21.73 4.365 9.465 14.781 14.537 24.782 15.385 7.64.698 15.761-.213 22.517-4.026a54.1 54.1 0 0 0 .01-6.232c-6.855 1.316-14.101 2.609-21.049 1.074-3.883-.88-6.876-4.237-7.25-8.215-1.53-3.988 3.78-.43 5.584-.883 9.048 1.224 18.282.776 27.303-.462 7.044-.837 14.26-4.788 16.65-11.833 2.263-6.135 1.215-12.79 1.698-19.177.06-3.84.09-7.692-.262-11.52C72.596 7.844 63.223.981 53.834.684a219.453 219.453 0 0 0-16.022-.71zm11.294 12.882c5.5-.067 10.801 4.143 11.67 9.653.338 1.48.471 3 .471 4.515v21.088h-8.357c-.07-7.588.153-15.182-.131-22.765-.587-4.368-7.04-5.747-9.672-2.397-2.422 3.04-1.47 7.155-1.67 10.735v6.392h-8.307c-.146-4.996.359-10.045-.404-15.002-1.108-4.218-7.809-5.565-10.094-1.666-1.685 3.046-.712 6.634-.976 9.936v14.767h-8.354c.109-8.165-.238-16.344.215-24.5.674-5.346 5.095-10.389 10.676-10.627 4.902-.739 10.103 2.038 12.053 6.631.375 1.435 1.76 1.932 1.994.084 1.844-3.704 5.501-6.739 9.785-6.771.367-.044.735-.068 1.101-.073z\"\/><defs><linearGradient id=\"paint0_linear_549_34\" x1=\"37.0692\" y1=\"0\" x2=\"37.0692\" y2=\"79\" gradientUnits=\"userSpaceOnUse\"><stop stop-color=\"#6364FF\"\/><stop offset=\"1\" stop-color=\"#563ACC\"\/><\/linearGradient><\/defs><\/svg><\/span><span class=\"shariff-text\" style=\"color:#6364FF\">teilen<\/span>&nbsp;<\/a><\/li><li class=\"shariff-button bluesky shariff-nocustomcolor\" style=\"background-color:#84c4ff\"><a href=\"https:\/\/bsky.app\/intent\/compose?text=Widerspruch%3A%20Maria%20O.s%20Kommentar%20zum%20%E2%80%9EFall%E2%80%9C%20Placido%20D. https%3A%2F%2Fwww.kritische-masse.de%2Flogbuch%2F2019%2F08%2Fwiderspruch-maria-o-s-kommentar-zum-fall-placido-d%2F \" title=\"Bei Bluesky teilen\" aria-label=\"Bei Bluesky teilen\" role=\"button\" rel=\"noopener nofollow\" class=\"shariff-link\" style=\"; background-color:#0085ff; color:#0085ff\" target=\"_blank\"><span class=\"shariff-icon\" style=\"fill:#0085ff\"><svg width=\"20\" height=\"20\" version=\"1.1\" xmlns=\"http:\/\/www.w3.org\/2000\/svg\" viewBox=\"0 0 20 20\"><path class=\"st0\" d=\"M4.89,3.12c2.07,1.55,4.3,4.71,5.11,6.4.82-1.69,3.04-4.84,5.11-6.4,1.49-1.12,3.91-1.99,3.91.77,0,.55-.32,4.63-.5,5.3-.64,2.3-2.99,2.89-5.08,2.54,3.65.62,4.58,2.68,2.57,4.74-3.81,3.91-5.48-.98-5.9-2.23-.08-.23-.11-.34-.12-.25,0-.09-.04.02-.12.25-.43,1.25-2.09,6.14-5.9,2.23-2.01-2.06-1.08-4.12,2.57-4.74-2.09.36-4.44-.23-5.08-2.54-.19-.66-.5-4.74-.5-5.3,0-2.76,2.42-1.89,3.91-.77h0Z\"\/><\/svg><\/span><span class=\"shariff-text\" style=\"color:#0085ff\">teilen<\/span>&nbsp;<\/a><\/li><li class=\"shariff-button threema shariff-nocustomcolor shariff-mobile\" style=\"background-color:#4fbc24\"><a href=\"threema:\/\/compose?text=Widerspruch%3A%20Maria%20O.s%20Kommentar%20zum%20%E2%80%9EFall%E2%80%9C%20Placido%20D.%20https%3A%2F%2Fwww.kritische-masse.de%2Flogbuch%2F2019%2F08%2Fwiderspruch-maria-o-s-kommentar-zum-fall-placido-d%2F\" title=\"Bei Threema teilen\" aria-label=\"Bei Threema teilen\" role=\"button\" rel=\"noopener nofollow\" class=\"shariff-link\" style=\"; background-color:#1f1f1f; color:#1f1f1f\" target=\"_blank\"><span class=\"shariff-icon\" style=\"fill:#1f1f1f\"><svg width=\"32px\" height=\"20px\" xmlns=\"http:\/\/www.w3.org\/2000\/svg\" viewBox=\"0 0 32 32\"><path fill=\"#1f1f1f\" d=\"M30.8 10.9c-0.3-1.4-0.9-2.6-1.8-3.8-2-2.6-5.5-4.5-9.4-5.2-1.3-0.2-1.9-0.3-3.5-0.3s-2.2 0-3.5 0.3c-4 0.7-7.4 2.6-9.4 5.2-0.9 1.2-1.5 2.4-1.8 3.8-0.1 0.5-0.2 1.2-0.2 1.6 0 0.4 0.1 1.1 0.2 1.6 0.4 1.9 1.3 3.4 2.9 5 0.8 0.8 0.8 0.8 0.7 1.3 0 0.6-0.5 1.6-1.7 3.6-0.3 0.5-0.5 0.9-0.5 0.9 0 0.1 0.1 0.1 0.5 0 0.8-0.2 2.3-0.6 5.6-1.6 1.1-0.3 1.3-0.4 2.3-0.4 0.8 0 1.1 0 2.3 0.2 1.5 0.2 3.5 0.2 4.9 0 5.1-0.6 9.3-2.9 11.4-6.3 0.5-0.9 0.9-1.8 1.1-2.8 0.1-0.5 0.2-1.1 0.2-1.6 0-0.7-0.1-1.1-0.2-1.6-0.3-1.4 0.1 0.5 0 0zM20.6 17.3c0 0.4-0.4 0.8-0.8 0.8h-7.7c-0.4 0-0.8-0.4-0.8-0.8v-4.6c0-0.4 0.4-0.8 0.8-0.8h0.2l0-1.6c0-0.9 0-1.8 0.1-2 0.1-0.6 0.6-1.2 1.1-1.7s1.1-0.7 1.9-0.8c1.8-0.3 3.7 0.7 4.2 2.2 0.1 0.3 0.1 0.7 0.1 2.1v0 1.7h0.1c0.4 0 0.8 0.4 0.8 0.8v4.6zM15.6 7.3c-0.5 0.1-0.8 0.3-1.2 0.6s-0.6 0.8-0.7 1.3c0 0.2 0 0.8 0 1.5l0 1.2h4.6v-1.3c0-1 0-1.4-0.1-1.6-0.3-1.1-1.5-1.9-2.6-1.7zM25.8 28.2c0 1.2-1 2.2-2.1 2.2s-2.1-1-2.1-2.1c0-1.2 1-2.1 2.2-2.1s2.2 1 2.2 2.2zM18.1 28.2c0 1.2-1 2.2-2.1 2.2s-2.1-1-2.1-2.1c0-1.2 1-2.1 2.2-2.1s2.2 1 2.2 2.2zM10.4 28.2c0 1.2-1 2.2-2.1 2.2s-2.1-1-2.1-2.1c0-1.2 1-2.1 2.2-2.1s2.2 1 2.2 2.2z\"\/><\/svg><\/span><span class=\"shariff-text\" style=\"color:#1f1f1f\">teilen<\/span>&nbsp;<\/a><\/li><li class=\"shariff-button facebook shariff-nocustomcolor\" style=\"background-color:#4273c8\"><a href=\"https:\/\/www.facebook.com\/sharer\/sharer.php?u=https%3A%2F%2Fwww.kritische-masse.de%2Flogbuch%2F2019%2F08%2Fwiderspruch-maria-o-s-kommentar-zum-fall-placido-d%2F\" title=\"Bei Facebook teilen\" aria-label=\"Bei Facebook teilen\" role=\"button\" rel=\"nofollow\" class=\"shariff-link\" style=\"; background-color:#3b5998; color:#3b5998\" target=\"_blank\"><span class=\"shariff-icon\" style=\"fill:#3b5998\"><svg width=\"32px\" height=\"20px\" xmlns=\"http:\/\/www.w3.org\/2000\/svg\" viewBox=\"0 0 18 32\"><path fill=\"#3b5998\" d=\"M17.1 0.2v4.7h-2.8q-1.5 0-2.1 0.6t-0.5 1.9v3.4h5.2l-0.7 5.3h-4.5v13.6h-5.5v-13.6h-4.5v-5.3h4.5v-3.9q0-3.3 1.9-5.2t5-1.8q2.6 0 4.1 0.2z\"\/><\/svg><\/span><span class=\"shariff-text\" style=\"color:#3b5998\">teilen<\/span>&nbsp;<\/a><\/li><li class=\"shariff-button info shariff-nocustomcolor\" style=\"background-color:#a8a8a8\"><a href=\"http:\/\/ct.de\/-2467514\" title=\"Weitere Informationen\" aria-label=\"Weitere Informationen\" role=\"button\" rel=\"noopener \" class=\"shariff-link\" style=\"; background-color:#999; color:#999\" target=\"_blank\"><span class=\"shariff-icon\" style=\"fill:#999\"><svg width=\"32px\" height=\"20px\" xmlns=\"http:\/\/www.w3.org\/2000\/svg\" viewBox=\"0 0 11 32\"><path fill=\"#999\" d=\"M11.4 24v2.3q0 0.5-0.3 0.8t-0.8 0.4h-9.1q-0.5 0-0.8-0.4t-0.4-0.8v-2.3q0-0.5 0.4-0.8t0.8-0.4h1.1v-6.8h-1.1q-0.5 0-0.8-0.4t-0.4-0.8v-2.3q0-0.5 0.4-0.8t0.8-0.4h6.8q0.5 0 0.8 0.4t0.4 0.8v10.3h1.1q0.5 0 0.8 0.4t0.3 0.8zM9.2 3.4v3.4q0 0.5-0.4 0.8t-0.8 0.4h-4.6q-0.4 0-0.8-0.4t-0.4-0.8v-3.4q0-0.4 0.4-0.8t0.8-0.4h4.6q0.5 0 0.8 0.4t0.4 0.8z\"\/><\/svg><\/span><\/a><\/li><\/ul><\/div>","protected":false},"excerpt":{"rendered":"<p>In einem Kommentar zum \u201eFall\u201c Placido D. hat sich die Musikjournalistin Maria O. positioniert. Sie wird als Verteidigerin des S\u00e4ngers angek\u00fcndigt. Der Text wird von zahlreichen Personen aus dem Musikleben als brillant bezeichnet. Aber er ist im Kern nur eine Meinung und dazu eine, die selbst mit den Mitteln agiert, die sie anderen vorwirft. Sie [&hellip;]<\/p>\n<div class=\"shariff shariff-align-left shariff-widget-align-left\"><ul class=\"shariff-buttons theme-white orientation-horizontal buttonsize-small\"><li class=\"shariff-button mastodon shariff-nocustomcolor\" style=\"background-color:#563ACC\"><a href=\"https:\/\/s2f.kytta.dev\/?text=Widerspruch%3A%20Maria%20O.s%20Kommentar%20zum%20%E2%80%9EFall%E2%80%9C%20Placido%20D. https%3A%2F%2Fwww.kritische-masse.de%2Flogbuch%2F2019%2F08%2Fwiderspruch-maria-o-s-kommentar-zum-fall-placido-d%2F\" title=\"Bei Mastodon teilen\" aria-label=\"Bei Mastodon teilen\" role=\"button\" rel=\"noopener nofollow\" class=\"shariff-link\" style=\"; background-color:#6364FF; color:#6364FF\" target=\"_blank\"><span class=\"shariff-icon\" style=\"fill:#6364FF\"><svg width=\"75\" height=\"79\" viewBox=\"0 0 75 79\" fill=\"none\" xmlns=\"http:\/\/www.w3.org\/2000\/svg\"><path d=\"M37.813-.025C32.462-.058 27.114.13 21.79.598c-8.544.621-17.214 5.58-20.203 13.931C-1.12 23.318.408 32.622.465 41.65c.375 7.316.943 14.78 3.392 21.73 4.365 9.465 14.781 14.537 24.782 15.385 7.64.698 15.761-.213 22.517-4.026a54.1 54.1 0 0 0 .01-6.232c-6.855 1.316-14.101 2.609-21.049 1.074-3.883-.88-6.876-4.237-7.25-8.215-1.53-3.988 3.78-.43 5.584-.883 9.048 1.224 18.282.776 27.303-.462 7.044-.837 14.26-4.788 16.65-11.833 2.263-6.135 1.215-12.79 1.698-19.177.06-3.84.09-7.692-.262-11.52C72.596 7.844 63.223.981 53.834.684a219.453 219.453 0 0 0-16.022-.71zm11.294 12.882c5.5-.067 10.801 4.143 11.67 9.653.338 1.48.471 3 .471 4.515v21.088h-8.357c-.07-7.588.153-15.182-.131-22.765-.587-4.368-7.04-5.747-9.672-2.397-2.422 3.04-1.47 7.155-1.67 10.735v6.392h-8.307c-.146-4.996.359-10.045-.404-15.002-1.108-4.218-7.809-5.565-10.094-1.666-1.685 3.046-.712 6.634-.976 9.936v14.767h-8.354c.109-8.165-.238-16.344.215-24.5.674-5.346 5.095-10.389 10.676-10.627 4.902-.739 10.103 2.038 12.053 6.631.375 1.435 1.76 1.932 1.994.084 1.844-3.704 5.501-6.739 9.785-6.771.367-.044.735-.068 1.101-.073z\"\/><defs><linearGradient id=\"paint0_linear_549_34\" x1=\"37.0692\" y1=\"0\" x2=\"37.0692\" y2=\"79\" gradientUnits=\"userSpaceOnUse\"><stop stop-color=\"#6364FF\"\/><stop offset=\"1\" stop-color=\"#563ACC\"\/><\/linearGradient><\/defs><\/svg><\/span><span class=\"shariff-text\" style=\"color:#6364FF\">teilen<\/span>&nbsp;<\/a><\/li><li class=\"shariff-button bluesky shariff-nocustomcolor\" style=\"background-color:#84c4ff\"><a href=\"https:\/\/bsky.app\/intent\/compose?text=Widerspruch%3A%20Maria%20O.s%20Kommentar%20zum%20%E2%80%9EFall%E2%80%9C%20Placido%20D. https%3A%2F%2Fwww.kritische-masse.de%2Flogbuch%2F2019%2F08%2Fwiderspruch-maria-o-s-kommentar-zum-fall-placido-d%2F \" title=\"Bei Bluesky teilen\" aria-label=\"Bei Bluesky teilen\" role=\"button\" rel=\"noopener nofollow\" class=\"shariff-link\" style=\"; background-color:#0085ff; color:#0085ff\" target=\"_blank\"><span class=\"shariff-icon\" style=\"fill:#0085ff\"><svg width=\"20\" height=\"20\" version=\"1.1\" xmlns=\"http:\/\/www.w3.org\/2000\/svg\" viewBox=\"0 0 20 20\"><path class=\"st0\" d=\"M4.89,3.12c2.07,1.55,4.3,4.71,5.11,6.4.82-1.69,3.04-4.84,5.11-6.4,1.49-1.12,3.91-1.99,3.91.77,0,.55-.32,4.63-.5,5.3-.64,2.3-2.99,2.89-5.08,2.54,3.65.62,4.58,2.68,2.57,4.74-3.81,3.91-5.48-.98-5.9-2.23-.08-.23-.11-.34-.12-.25,0-.09-.04.02-.12.25-.43,1.25-2.09,6.14-5.9,2.23-2.01-2.06-1.08-4.12,2.57-4.74-2.09.36-4.44-.23-5.08-2.54-.19-.66-.5-4.74-.5-5.3,0-2.76,2.42-1.89,3.91-.77h0Z\"\/><\/svg><\/span><span class=\"shariff-text\" style=\"color:#0085ff\">teilen<\/span>&nbsp;<\/a><\/li><li class=\"shariff-button threema shariff-nocustomcolor shariff-mobile\" style=\"background-color:#4fbc24\"><a href=\"threema:\/\/compose?text=Widerspruch%3A%20Maria%20O.s%20Kommentar%20zum%20%E2%80%9EFall%E2%80%9C%20Placido%20D.%20https%3A%2F%2Fwww.kritische-masse.de%2Flogbuch%2F2019%2F08%2Fwiderspruch-maria-o-s-kommentar-zum-fall-placido-d%2F\" title=\"Bei Threema teilen\" aria-label=\"Bei Threema teilen\" role=\"button\" rel=\"noopener nofollow\" class=\"shariff-link\" style=\"; background-color:#1f1f1f; color:#1f1f1f\" target=\"_blank\"><span class=\"shariff-icon\" style=\"fill:#1f1f1f\"><svg width=\"32px\" height=\"20px\" xmlns=\"http:\/\/www.w3.org\/2000\/svg\" viewBox=\"0 0 32 32\"><path fill=\"#1f1f1f\" d=\"M30.8 10.9c-0.3-1.4-0.9-2.6-1.8-3.8-2-2.6-5.5-4.5-9.4-5.2-1.3-0.2-1.9-0.3-3.5-0.3s-2.2 0-3.5 0.3c-4 0.7-7.4 2.6-9.4 5.2-0.9 1.2-1.5 2.4-1.8 3.8-0.1 0.5-0.2 1.2-0.2 1.6 0 0.4 0.1 1.1 0.2 1.6 0.4 1.9 1.3 3.4 2.9 5 0.8 0.8 0.8 0.8 0.7 1.3 0 0.6-0.5 1.6-1.7 3.6-0.3 0.5-0.5 0.9-0.5 0.9 0 0.1 0.1 0.1 0.5 0 0.8-0.2 2.3-0.6 5.6-1.6 1.1-0.3 1.3-0.4 2.3-0.4 0.8 0 1.1 0 2.3 0.2 1.5 0.2 3.5 0.2 4.9 0 5.1-0.6 9.3-2.9 11.4-6.3 0.5-0.9 0.9-1.8 1.1-2.8 0.1-0.5 0.2-1.1 0.2-1.6 0-0.7-0.1-1.1-0.2-1.6-0.3-1.4 0.1 0.5 0 0zM20.6 17.3c0 0.4-0.4 0.8-0.8 0.8h-7.7c-0.4 0-0.8-0.4-0.8-0.8v-4.6c0-0.4 0.4-0.8 0.8-0.8h0.2l0-1.6c0-0.9 0-1.8 0.1-2 0.1-0.6 0.6-1.2 1.1-1.7s1.1-0.7 1.9-0.8c1.8-0.3 3.7 0.7 4.2 2.2 0.1 0.3 0.1 0.7 0.1 2.1v0 1.7h0.1c0.4 0 0.8 0.4 0.8 0.8v4.6zM15.6 7.3c-0.5 0.1-0.8 0.3-1.2 0.6s-0.6 0.8-0.7 1.3c0 0.2 0 0.8 0 1.5l0 1.2h4.6v-1.3c0-1 0-1.4-0.1-1.6-0.3-1.1-1.5-1.9-2.6-1.7zM25.8 28.2c0 1.2-1 2.2-2.1 2.2s-2.1-1-2.1-2.1c0-1.2 1-2.1 2.2-2.1s2.2 1 2.2 2.2zM18.1 28.2c0 1.2-1 2.2-2.1 2.2s-2.1-1-2.1-2.1c0-1.2 1-2.1 2.2-2.1s2.2 1 2.2 2.2zM10.4 28.2c0 1.2-1 2.2-2.1 2.2s-2.1-1-2.1-2.1c0-1.2 1-2.1 2.2-2.1s2.2 1 2.2 2.2z\"\/><\/svg><\/span><span class=\"shariff-text\" style=\"color:#1f1f1f\">teilen<\/span>&nbsp;<\/a><\/li><li class=\"shariff-button facebook shariff-nocustomcolor\" style=\"background-color:#4273c8\"><a href=\"https:\/\/www.facebook.com\/sharer\/sharer.php?u=https%3A%2F%2Fwww.kritische-masse.de%2Flogbuch%2F2019%2F08%2Fwiderspruch-maria-o-s-kommentar-zum-fall-placido-d%2F\" title=\"Bei Facebook teilen\" aria-label=\"Bei Facebook teilen\" role=\"button\" rel=\"nofollow\" class=\"shariff-link\" style=\"; background-color:#3b5998; color:#3b5998\" target=\"_blank\"><span class=\"shariff-icon\" style=\"fill:#3b5998\"><svg width=\"32px\" height=\"20px\" xmlns=\"http:\/\/www.w3.org\/2000\/svg\" viewBox=\"0 0 18 32\"><path fill=\"#3b5998\" d=\"M17.1 0.2v4.7h-2.8q-1.5 0-2.1 0.6t-0.5 1.9v3.4h5.2l-0.7 5.3h-4.5v13.6h-5.5v-13.6h-4.5v-5.3h4.5v-3.9q0-3.3 1.9-5.2t5-1.8q2.6 0 4.1 0.2z\"\/><\/svg><\/span><span class=\"shariff-text\" style=\"color:#3b5998\">teilen<\/span>&nbsp;<\/a><\/li><li class=\"shariff-button info shariff-nocustomcolor\" style=\"background-color:#a8a8a8\"><a href=\"http:\/\/ct.de\/-2467514\" title=\"Weitere Informationen\" aria-label=\"Weitere Informationen\" role=\"button\" rel=\"noopener \" class=\"shariff-link\" style=\"; background-color:#999; color:#999\" target=\"_blank\"><span class=\"shariff-icon\" style=\"fill:#999\"><svg width=\"32px\" height=\"20px\" xmlns=\"http:\/\/www.w3.org\/2000\/svg\" viewBox=\"0 0 11 32\"><path fill=\"#999\" d=\"M11.4 24v2.3q0 0.5-0.3 0.8t-0.8 0.4h-9.1q-0.5 0-0.8-0.4t-0.4-0.8v-2.3q0-0.5 0.4-0.8t0.8-0.4h1.1v-6.8h-1.1q-0.5 0-0.8-0.4t-0.4-0.8v-2.3q0-0.5 0.4-0.8t0.8-0.4h6.8q0.5 0 0.8 0.4t0.4 0.8v10.3h1.1q0.5 0 0.8 0.4t0.3 0.8zM9.2 3.4v3.4q0 0.5-0.4 0.8t-0.8 0.4h-4.6q-0.4 0-0.8-0.4t-0.4-0.8v-3.4q0-0.4 0.4-0.8t0.8-0.4h4.6q0.5 0 0.8 0.4t0.4 0.8z\"\/><\/svg><\/span><\/a><\/li><\/ul><\/div>","protected":false},"author":1,"featured_media":1413,"comment_status":"open","ping_status":"open","sticky":false,"template":"","format":"standard","meta":{"ocean_post_layout":"","ocean_both_sidebars_style":"","ocean_both_sidebars_content_width":0,"ocean_both_sidebars_sidebars_width":0,"ocean_sidebar":"","ocean_second_sidebar":"","ocean_disable_margins":"enable","ocean_add_body_class":"","ocean_shortcode_before_top_bar":"","ocean_shortcode_after_top_bar":"","ocean_shortcode_before_header":"","ocean_shortcode_after_header":"","ocean_has_shortcode":"","ocean_shortcode_after_title":"","ocean_shortcode_before_footer_widgets":"","ocean_shortcode_after_footer_widgets":"","ocean_shortcode_before_footer_bottom":"","ocean_shortcode_after_footer_bottom":"","ocean_display_top_bar":"default","ocean_display_header":"default","ocean_header_style":"","ocean_center_header_left_menu":"","ocean_custom_header_template":"","ocean_custom_logo":0,"ocean_custom_retina_logo":0,"ocean_custom_logo_max_width":0,"ocean_custom_logo_tablet_max_width":0,"ocean_custom_logo_mobile_max_width":0,"ocean_custom_logo_max_height":0,"ocean_custom_logo_tablet_max_height":0,"ocean_custom_logo_mobile_max_height":0,"ocean_header_custom_menu":"","ocean_menu_typo_font_family":"","ocean_menu_typo_font_subset":"","ocean_menu_typo_font_size":0,"ocean_menu_typo_font_size_tablet":0,"ocean_menu_typo_font_size_mobile":0,"ocean_menu_typo_font_size_unit":"px","ocean_menu_typo_font_weight":"","ocean_menu_typo_font_weight_tablet":"","ocean_menu_typo_font_weight_mobile":"","ocean_menu_typo_transform":"","ocean_menu_typo_transform_tablet":"","ocean_menu_typo_transform_mobile":"","ocean_menu_typo_line_height":0,"ocean_menu_typo_line_height_tablet":0,"ocean_menu_typo_line_height_mobile":0,"ocean_menu_typo_line_height_unit":"","ocean_menu_typo_spacing":0,"ocean_menu_typo_spacing_tablet":0,"ocean_menu_typo_spacing_mobile":0,"ocean_menu_typo_spacing_unit":"","ocean_menu_link_color":"","ocean_menu_link_color_hover":"","ocean_menu_link_color_active":"","ocean_menu_link_background":"","ocean_menu_link_hover_background":"","ocean_menu_link_active_background":"","ocean_menu_social_links_bg":"","ocean_menu_social_hover_links_bg":"","ocean_menu_social_links_color":"","ocean_menu_social_hover_links_color":"","ocean_disable_title":"default","ocean_disable_heading":"default","ocean_post_title":"","ocean_post_subheading":"","ocean_post_title_style":"","ocean_post_title_background_color":"","ocean_post_title_background":0,"ocean_post_title_bg_image_position":"","ocean_post_title_bg_image_attachment":"","ocean_post_title_bg_image_repeat":"","ocean_post_title_bg_image_size":"","ocean_post_title_height":0,"ocean_post_title_bg_overlay":0.5,"ocean_post_title_bg_overlay_color":"","ocean_disable_breadcrumbs":"default","ocean_breadcrumbs_color":"","ocean_breadcrumbs_separator_color":"","ocean_breadcrumbs_links_color":"","ocean_breadcrumbs_links_hover_color":"","ocean_display_footer_widgets":"default","ocean_display_footer_bottom":"default","ocean_custom_footer_template":"","osh_disable_topbar_sticky":"default","osh_disable_header_sticky":"default","osh_sticky_header_style":"default","osh_sticky_header_effect":"","osh_custom_sticky_logo":0,"osh_custom_retina_sticky_logo":0,"osh_custom_sticky_logo_height":0,"osh_background_color":"","osh_links_color":"","osh_links_hover_color":"","osh_links_active_color":"","osh_links_bg_color":"","osh_links_hover_bg_color":"","osh_links_active_bg_color":"","osh_menu_social_links_color":"","osh_menu_social_hover_links_color":"","_FSMCFIC_featured_image_caption":"","_FSMCFIC_featured_image_nocaption":"","_FSMCFIC_featured_image_hide":"","_metis_text_type":"standard","_metis_text_length":5635,"_post_count":0,"_jetpack_memberships_contains_paid_content":false,"activitypub_content_warning":"","activitypub_content_visibility":"","activitypub_max_image_attachments":4,"activitypub_interaction_policy_quote":"anyone","activitypub_status":"","ocean_post_oembed":"","ocean_post_self_hosted_media":"","ocean_post_video_embed":"","ocean_link_format":"","ocean_link_format_target":"self","ocean_quote_format":"","ocean_quote_format_link":"post","ocean_gallery_link_images":"on","ocean_gallery_id":[],"footnotes":"","jetpack_publicize_message":"Widerspruch: Maria O.s Kommentar zum \u201eFall\u201c Placido D.","jetpack_publicize_feature_enabled":true,"jetpack_social_post_already_shared":true,"jetpack_social_options":{"image_generator_settings":{"template":"highway","default_image_id":0,"font":"","enabled":false},"version":2}},"categories":[4188,2651,2695,2648],"tags":[2315,2785,3982],"class_list":["post-8810","post","type-post","status-publish","format-standard","has-post-thumbnail","hentry","category-das-recht","category-dasnetz","category-die-kultur","category-dieurteilskraft","tag-internet","tag-musikjournalismus","tag-placido-d","entry","has-media"],"yoast_head":"<!-- This site is optimized with the Yoast SEO plugin v27.5 - https:\/\/yoast.com\/product\/yoast-seo-wordpress\/ -->\n<title>Widerspruch: Maria O.s Kommentar zum \u201eFall\u201c Placido D. - Kritische Masse<\/title>\n<meta name=\"robots\" content=\"index, follow, max-snippet:-1, max-image-preview:large, max-video-preview:-1\" \/>\n<link rel=\"canonical\" href=\"https:\/\/www.kritische-masse.de\/logbuch\/2019\/08\/widerspruch-maria-o-s-kommentar-zum-fall-placido-d\/\" \/>\n<meta property=\"og:locale\" content=\"de_DE\" \/>\n<meta property=\"og:type\" content=\"article\" \/>\n<meta property=\"og:title\" content=\"Widerspruch: Maria O.s Kommentar zum \u201eFall\u201c Placido D. - Kritische Masse\" \/>\n<meta property=\"og:description\" content=\"In einem Kommentar zum \u201eFall\u201c Placido D. hat sich die Musikjournalistin Maria O. positioniert. Sie wird als Verteidigerin des S\u00e4ngers angek\u00fcndigt. Der Text wird von zahlreichen Personen aus dem Musikleben als brillant bezeichnet. Aber er ist im Kern nur eine Meinung und dazu eine, die selbst mit den Mitteln agiert, die sie anderen vorwirft. Sie [&hellip;]\" \/>\n<meta property=\"og:url\" content=\"https:\/\/www.kritische-masse.de\/logbuch\/2019\/08\/widerspruch-maria-o-s-kommentar-zum-fall-placido-d\/\" \/>\n<meta property=\"og:site_name\" content=\"Kritische Masse\" \/>\n<meta property=\"article:publisher\" content=\"https:\/\/www.facebook.com\/hufner\" \/>\n<meta property=\"article:author\" content=\"https:\/\/www.facebook.com\/hufner\" \/>\n<meta property=\"article:published_time\" content=\"2019-08-20T10:08:32+00:00\" \/>\n<meta name=\"author\" content=\"der huflaikhan\" \/>\n<meta name=\"twitter:label1\" content=\"Verfasst von\" \/>\n\t<meta name=\"twitter:data1\" content=\"der huflaikhan\" \/>\n\t<meta name=\"twitter:label2\" content=\"Gesch\u00e4tzte Lesezeit\" \/>\n\t<meta name=\"twitter:data2\" content=\"4\u00a0Minuten\" \/>\n<script type=\"application\/ld+json\" class=\"yoast-schema-graph\">{\"@context\":\"https:\\\/\\\/schema.org\",\"@graph\":[{\"@type\":\"Article\",\"@id\":\"https:\\\/\\\/www.kritische-masse.de\\\/logbuch\\\/2019\\\/08\\\/widerspruch-maria-o-s-kommentar-zum-fall-placido-d\\\/#article\",\"isPartOf\":{\"@id\":\"https:\\\/\\\/www.kritische-masse.de\\\/logbuch\\\/2019\\\/08\\\/widerspruch-maria-o-s-kommentar-zum-fall-placido-d\\\/\"},\"author\":{\"name\":\"der huflaikhan\",\"@id\":\"https:\\\/\\\/www.kritische-masse.de\\\/logbuch\\\/#\\\/schema\\\/person\\\/14c491f46504e7f6b79db161f76def1c\"},\"headline\":\"Widerspruch: Maria O.s Kommentar zum \u201eFall\u201c Placido D.\",\"datePublished\":\"2019-08-20T10:08:32+00:00\",\"mainEntityOfPage\":{\"@id\":\"https:\\\/\\\/www.kritische-masse.de\\\/logbuch\\\/2019\\\/08\\\/widerspruch-maria-o-s-kommentar-zum-fall-placido-d\\\/\"},\"wordCount\":882,\"commentCount\":2,\"publisher\":{\"@id\":\"https:\\\/\\\/www.kritische-masse.de\\\/logbuch\\\/#\\\/schema\\\/person\\\/14c491f46504e7f6b79db161f76def1c\"},\"image\":{\"@id\":\"https:\\\/\\\/www.kritische-masse.de\\\/logbuch\\\/2019\\\/08\\\/widerspruch-maria-o-s-kommentar-zum-fall-placido-d\\\/#primaryimage\"},\"thumbnailUrl\":\"\",\"keywords\":[\"Internet\",\"Musikjournalismus\",\"Placido D.\"],\"articleSection\":[\"das Recht\",\"das Netz\",\"die Kultur\",\"die Urteilskraft\"],\"inLanguage\":\"de\",\"potentialAction\":[{\"@type\":\"CommentAction\",\"name\":\"Comment\",\"target\":[\"https:\\\/\\\/www.kritische-masse.de\\\/logbuch\\\/2019\\\/08\\\/widerspruch-maria-o-s-kommentar-zum-fall-placido-d\\\/#respond\"]}]},{\"@type\":\"WebPage\",\"@id\":\"https:\\\/\\\/www.kritische-masse.de\\\/logbuch\\\/2019\\\/08\\\/widerspruch-maria-o-s-kommentar-zum-fall-placido-d\\\/\",\"url\":\"https:\\\/\\\/www.kritische-masse.de\\\/logbuch\\\/2019\\\/08\\\/widerspruch-maria-o-s-kommentar-zum-fall-placido-d\\\/\",\"name\":\"Widerspruch: Maria O.s Kommentar zum \u201eFall\u201c Placido D. - Kritische Masse\",\"isPartOf\":{\"@id\":\"https:\\\/\\\/www.kritische-masse.de\\\/logbuch\\\/#website\"},\"primaryImageOfPage\":{\"@id\":\"https:\\\/\\\/www.kritische-masse.de\\\/logbuch\\\/2019\\\/08\\\/widerspruch-maria-o-s-kommentar-zum-fall-placido-d\\\/#primaryimage\"},\"image\":{\"@id\":\"https:\\\/\\\/www.kritische-masse.de\\\/logbuch\\\/2019\\\/08\\\/widerspruch-maria-o-s-kommentar-zum-fall-placido-d\\\/#primaryimage\"},\"thumbnailUrl\":\"\",\"datePublished\":\"2019-08-20T10:08:32+00:00\",\"breadcrumb\":{\"@id\":\"https:\\\/\\\/www.kritische-masse.de\\\/logbuch\\\/2019\\\/08\\\/widerspruch-maria-o-s-kommentar-zum-fall-placido-d\\\/#breadcrumb\"},\"inLanguage\":\"de\",\"potentialAction\":[{\"@type\":\"ReadAction\",\"target\":[\"https:\\\/\\\/www.kritische-masse.de\\\/logbuch\\\/2019\\\/08\\\/widerspruch-maria-o-s-kommentar-zum-fall-placido-d\\\/\"]}]},{\"@type\":\"ImageObject\",\"inLanguage\":\"de\",\"@id\":\"https:\\\/\\\/www.kritische-masse.de\\\/logbuch\\\/2019\\\/08\\\/widerspruch-maria-o-s-kommentar-zum-fall-placido-d\\\/#primaryimage\",\"url\":\"\",\"contentUrl\":\"\"},{\"@type\":\"BreadcrumbList\",\"@id\":\"https:\\\/\\\/www.kritische-masse.de\\\/logbuch\\\/2019\\\/08\\\/widerspruch-maria-o-s-kommentar-zum-fall-placido-d\\\/#breadcrumb\",\"itemListElement\":[{\"@type\":\"ListItem\",\"position\":1,\"name\":\"Startseite\",\"item\":\"https:\\\/\\\/www.kritische-masse.de\\\/logbuch\\\/\"},{\"@type\":\"ListItem\",\"position\":2,\"name\":\"Widerspruch: Maria O.s Kommentar zum \u201eFall\u201c Placido D.\"}]},{\"@type\":\"WebSite\",\"@id\":\"https:\\\/\\\/www.kritische-masse.de\\\/logbuch\\\/#website\",\"url\":\"https:\\\/\\\/www.kritische-masse.de\\\/logbuch\\\/\",\"name\":\"kritische masse\",\"description\":\"amt f\u00fcr vermassungsschutz\",\"publisher\":{\"@id\":\"https:\\\/\\\/www.kritische-masse.de\\\/logbuch\\\/#\\\/schema\\\/person\\\/14c491f46504e7f6b79db161f76def1c\"},\"alternateName\":\"das logbuch der kritischen masse\",\"potentialAction\":[{\"@type\":\"SearchAction\",\"target\":{\"@type\":\"EntryPoint\",\"urlTemplate\":\"https:\\\/\\\/www.kritische-masse.de\\\/logbuch\\\/?s={search_term_string}\"},\"query-input\":{\"@type\":\"PropertyValueSpecification\",\"valueRequired\":true,\"valueName\":\"search_term_string\"}}],\"inLanguage\":\"de\"},{\"@type\":[\"Person\",\"Organization\"],\"@id\":\"https:\\\/\\\/www.kritische-masse.de\\\/logbuch\\\/#\\\/schema\\\/person\\\/14c491f46504e7f6b79db161f76def1c\",\"name\":\"der huflaikhan\",\"image\":{\"@type\":\"ImageObject\",\"inLanguage\":\"de\",\"@id\":\"https:\\\/\\\/www.kritische-masse.de\\\/logbuch\\\/wp-content\\\/uploads\\\/2024\\\/01\\\/cropped-kritischmasse_man_512.jpg\",\"url\":\"https:\\\/\\\/www.kritische-masse.de\\\/logbuch\\\/wp-content\\\/uploads\\\/2024\\\/01\\\/cropped-kritischmasse_man_512.jpg\",\"contentUrl\":\"https:\\\/\\\/www.kritische-masse.de\\\/logbuch\\\/wp-content\\\/uploads\\\/2024\\\/01\\\/cropped-kritischmasse_man_512.jpg\",\"width\":512,\"height\":512,\"caption\":\"der huflaikhan\"},\"logo\":{\"@id\":\"https:\\\/\\\/www.kritische-masse.de\\\/logbuch\\\/wp-content\\\/uploads\\\/2024\\\/01\\\/cropped-kritischmasse_man_512.jpg\"},\"description\":\"Betreiber der Kritischen Masse seit 1995. Seit 2023 Wiederaufnahme. Promotion mit einer Arbeit \u00fcber Adornos kompositorische und theoretische Auseinandersetzung mit der Zw\u00f6lftontechnik. Arbeit f\u00fcr den Bayerischen und den Mitteldeutschen Rundfunk als freier Autor und Regisseur \u2013 zumindest bis Ende 2015. Online-Redaktion f\u00fcr neue musikzeitung, Jazzzeitung und Oper &amp; Tanz. Ungl\u00fccklich, aber fast taub.\",\"sameAs\":[\"https:\\\/\\\/www.kritische-masse.de\\\/logbuch\\\/\",\"https:\\\/\\\/www.facebook.com\\\/hufner\"],\"url\":\"https:\\\/\\\/www.kritische-masse.de\\\/logbuch\\\/author\\\/martin_d1juqiu5\\\/\"}]}<\/script>\n<!-- \/ Yoast SEO plugin. -->","yoast_head_json":{"title":"Widerspruch: Maria O.s Kommentar zum \u201eFall\u201c Placido D. - Kritische Masse","robots":{"index":"index","follow":"follow","max-snippet":"max-snippet:-1","max-image-preview":"max-image-preview:large","max-video-preview":"max-video-preview:-1"},"canonical":"https:\/\/www.kritische-masse.de\/logbuch\/2019\/08\/widerspruch-maria-o-s-kommentar-zum-fall-placido-d\/","og_locale":"de_DE","og_type":"article","og_title":"Widerspruch: Maria O.s Kommentar zum \u201eFall\u201c Placido D. - Kritische Masse","og_description":"In einem Kommentar zum \u201eFall\u201c Placido D. hat sich die Musikjournalistin Maria O. positioniert. Sie wird als Verteidigerin des S\u00e4ngers angek\u00fcndigt. Der Text wird von zahlreichen Personen aus dem Musikleben als brillant bezeichnet. Aber er ist im Kern nur eine Meinung und dazu eine, die selbst mit den Mitteln agiert, die sie anderen vorwirft. Sie [&hellip;]","og_url":"https:\/\/www.kritische-masse.de\/logbuch\/2019\/08\/widerspruch-maria-o-s-kommentar-zum-fall-placido-d\/","og_site_name":"Kritische Masse","article_publisher":"https:\/\/www.facebook.com\/hufner","article_author":"https:\/\/www.facebook.com\/hufner","article_published_time":"2019-08-20T10:08:32+00:00","author":"der huflaikhan","twitter_misc":{"Verfasst von":"der huflaikhan","Gesch\u00e4tzte Lesezeit":"4\u00a0Minuten"},"schema":{"@context":"https:\/\/schema.org","@graph":[{"@type":"Article","@id":"https:\/\/www.kritische-masse.de\/logbuch\/2019\/08\/widerspruch-maria-o-s-kommentar-zum-fall-placido-d\/#article","isPartOf":{"@id":"https:\/\/www.kritische-masse.de\/logbuch\/2019\/08\/widerspruch-maria-o-s-kommentar-zum-fall-placido-d\/"},"author":{"name":"der huflaikhan","@id":"https:\/\/www.kritische-masse.de\/logbuch\/#\/schema\/person\/14c491f46504e7f6b79db161f76def1c"},"headline":"Widerspruch: Maria O.s Kommentar zum \u201eFall\u201c Placido D.","datePublished":"2019-08-20T10:08:32+00:00","mainEntityOfPage":{"@id":"https:\/\/www.kritische-masse.de\/logbuch\/2019\/08\/widerspruch-maria-o-s-kommentar-zum-fall-placido-d\/"},"wordCount":882,"commentCount":2,"publisher":{"@id":"https:\/\/www.kritische-masse.de\/logbuch\/#\/schema\/person\/14c491f46504e7f6b79db161f76def1c"},"image":{"@id":"https:\/\/www.kritische-masse.de\/logbuch\/2019\/08\/widerspruch-maria-o-s-kommentar-zum-fall-placido-d\/#primaryimage"},"thumbnailUrl":"","keywords":["Internet","Musikjournalismus","Placido D."],"articleSection":["das Recht","das Netz","die Kultur","die Urteilskraft"],"inLanguage":"de","potentialAction":[{"@type":"CommentAction","name":"Comment","target":["https:\/\/www.kritische-masse.de\/logbuch\/2019\/08\/widerspruch-maria-o-s-kommentar-zum-fall-placido-d\/#respond"]}]},{"@type":"WebPage","@id":"https:\/\/www.kritische-masse.de\/logbuch\/2019\/08\/widerspruch-maria-o-s-kommentar-zum-fall-placido-d\/","url":"https:\/\/www.kritische-masse.de\/logbuch\/2019\/08\/widerspruch-maria-o-s-kommentar-zum-fall-placido-d\/","name":"Widerspruch: Maria O.s Kommentar zum \u201eFall\u201c Placido D. - Kritische Masse","isPartOf":{"@id":"https:\/\/www.kritische-masse.de\/logbuch\/#website"},"primaryImageOfPage":{"@id":"https:\/\/www.kritische-masse.de\/logbuch\/2019\/08\/widerspruch-maria-o-s-kommentar-zum-fall-placido-d\/#primaryimage"},"image":{"@id":"https:\/\/www.kritische-masse.de\/logbuch\/2019\/08\/widerspruch-maria-o-s-kommentar-zum-fall-placido-d\/#primaryimage"},"thumbnailUrl":"","datePublished":"2019-08-20T10:08:32+00:00","breadcrumb":{"@id":"https:\/\/www.kritische-masse.de\/logbuch\/2019\/08\/widerspruch-maria-o-s-kommentar-zum-fall-placido-d\/#breadcrumb"},"inLanguage":"de","potentialAction":[{"@type":"ReadAction","target":["https:\/\/www.kritische-masse.de\/logbuch\/2019\/08\/widerspruch-maria-o-s-kommentar-zum-fall-placido-d\/"]}]},{"@type":"ImageObject","inLanguage":"de","@id":"https:\/\/www.kritische-masse.de\/logbuch\/2019\/08\/widerspruch-maria-o-s-kommentar-zum-fall-placido-d\/#primaryimage","url":"","contentUrl":""},{"@type":"BreadcrumbList","@id":"https:\/\/www.kritische-masse.de\/logbuch\/2019\/08\/widerspruch-maria-o-s-kommentar-zum-fall-placido-d\/#breadcrumb","itemListElement":[{"@type":"ListItem","position":1,"name":"Startseite","item":"https:\/\/www.kritische-masse.de\/logbuch\/"},{"@type":"ListItem","position":2,"name":"Widerspruch: Maria O.s Kommentar zum \u201eFall\u201c Placido D."}]},{"@type":"WebSite","@id":"https:\/\/www.kritische-masse.de\/logbuch\/#website","url":"https:\/\/www.kritische-masse.de\/logbuch\/","name":"kritische masse","description":"amt f\u00fcr vermassungsschutz","publisher":{"@id":"https:\/\/www.kritische-masse.de\/logbuch\/#\/schema\/person\/14c491f46504e7f6b79db161f76def1c"},"alternateName":"das logbuch der kritischen masse","potentialAction":[{"@type":"SearchAction","target":{"@type":"EntryPoint","urlTemplate":"https:\/\/www.kritische-masse.de\/logbuch\/?s={search_term_string}"},"query-input":{"@type":"PropertyValueSpecification","valueRequired":true,"valueName":"search_term_string"}}],"inLanguage":"de"},{"@type":["Person","Organization"],"@id":"https:\/\/www.kritische-masse.de\/logbuch\/#\/schema\/person\/14c491f46504e7f6b79db161f76def1c","name":"der huflaikhan","image":{"@type":"ImageObject","inLanguage":"de","@id":"https:\/\/www.kritische-masse.de\/logbuch\/wp-content\/uploads\/2024\/01\/cropped-kritischmasse_man_512.jpg","url":"https:\/\/www.kritische-masse.de\/logbuch\/wp-content\/uploads\/2024\/01\/cropped-kritischmasse_man_512.jpg","contentUrl":"https:\/\/www.kritische-masse.de\/logbuch\/wp-content\/uploads\/2024\/01\/cropped-kritischmasse_man_512.jpg","width":512,"height":512,"caption":"der huflaikhan"},"logo":{"@id":"https:\/\/www.kritische-masse.de\/logbuch\/wp-content\/uploads\/2024\/01\/cropped-kritischmasse_man_512.jpg"},"description":"Betreiber der Kritischen Masse seit 1995. Seit 2023 Wiederaufnahme. Promotion mit einer Arbeit \u00fcber Adornos kompositorische und theoretische Auseinandersetzung mit der Zw\u00f6lftontechnik. Arbeit f\u00fcr den Bayerischen und den Mitteldeutschen Rundfunk als freier Autor und Regisseur \u2013 zumindest bis Ende 2015. Online-Redaktion f\u00fcr neue musikzeitung, Jazzzeitung und Oper &amp; Tanz. Ungl\u00fccklich, aber fast taub.","sameAs":["https:\/\/www.kritische-masse.de\/logbuch\/","https:\/\/www.facebook.com\/hufner"],"url":"https:\/\/www.kritische-masse.de\/logbuch\/author\/martin_d1juqiu5\/"}]}},"jetpack_publicize_connections":[],"jetpack_featured_media_url":"","categories_names":["das Recht","das Netz","die Kultur","die Urteilskraft"],"post_class":[["post-8810","post","type-post","status-publish","format-standard","has-post-thumbnail","hentry","category-das-recht","category-dasnetz","category-die-kultur","category-dieurteilskraft","tag-internet","tag-musikjournalismus","tag-placido-d","entry","has-media"]],"author_avatar":["<img alt='' src='https:\/\/secure.gravatar.com\/avatar\/c23aee426d58e69f14ef471114d4cac215eec702ee1bc331e2a62ea77e96ed60?s=96&#038;d=blank&#038;r=g' srcset='https:\/\/secure.gravatar.com\/avatar\/c23aee426d58e69f14ef471114d4cac215eec702ee1bc331e2a62ea77e96ed60?s=192&#038;d=blank&#038;r=g 2x' class='avatar avatar-96 photo' height='96' width='96' loading='lazy' decoding='async'\/>"],"featured_video":null,"jetpack-related-posts":[{"id":2636,"url":"https:\/\/www.kritische-masse.de\/logbuch\/2010\/01\/sonntagsunruhe\/","url_meta":{"origin":8810,"position":0},"title":"Sonntagsunruhe","author":"huflaikhan","date":"25. Januar 2010","format":false,"excerpt":"Copyright \u00a9 2010 BVerfG Bundesverfassungsgericht - Pressestelle - Pressemitemteilung Nr. 138\/2009 vom 10. Dezember 2009 Beschluss vom 17. November 2009 \u2013 1 BvR 2717\/08 \u2013 Verfassungsbeschwerde gegen Bu\u00dfgeld wegen Klavierspiels am Sonntag erfolgreich Der Beschwerdef\u00fchrer bewohnt mit seiner Ehefrau und sechs Kindern ein Reihenhaus in Berlin. Nach dem Beschwerdevorbringen sind\u2026","rel":"","context":"Mit 1 Kommentar","block_context":{"text":"Mit 1 Kommentar","link":"https:\/\/www.kritische-masse.de\/logbuch\/2010\/01\/sonntagsunruhe\/#comments"},"img":{"alt_text":"","src":"","width":0,"height":0},"classes":[]},{"id":472,"url":"https:\/\/www.kritische-masse.de\/logbuch\/2004\/06\/erstes-verfahren-gegen-illegale-musikanbieter-abgeschlossen\/","url_meta":{"origin":8810,"position":1},"title":"Erstes Verfahren gegen illegale Musikanbieter abgeschlossen","author":"huflaikhan","date":"8. Juni 2004","format":false,"excerpt":"Die rechtliche Duftmarke ist gesetzt, jetzt auch in Deutschland. Das lief alles irgendwie unbeobachtet. Mir ist jedenfalls nichts bekannt geworden. Zwei Monate d\u00fcrfte es insgesamt gedauert haben. F\u00fcr einen Kommentar habe ich leider keine Zeit mehr. Pressemitteilung: Berlin, 08.06.2004 Erste erfolgreiche Verfahren gegen illegale Musikanbieter in \u201eTauschb\u00f6rsen\u201d: Auszubildender aus Cottbus\u2026","rel":"","context":"\u00c4hnlicher Beitrag","block_context":{"text":"\u00c4hnlicher Beitrag","link":""},"img":{"alt_text":"","src":"","width":0,"height":0},"classes":[]},{"id":8811,"url":"https:\/\/www.kritische-masse.de\/logbuch\/2019\/08\/die-reize-der-regression-maria-o-und-ihre-geschlechtsgenossinnen\/","url_meta":{"origin":8810,"position":2},"title":"Die Reize der Regression \u2013 Maria O. und ihre (!) Geschlechtsgenossinnen","author":"der huflaikhan","date":"26. August 2019","format":false,"excerpt":"Nachdem Frau O. neulich schon die Antisittenpolizei auf den Plan gerufen hatte, hat sie nun in einem Facebookeintrag nachgelegt. Sie \u00e4u\u00dfert sich mit allen ihr zu Gebote stehenden Mitteln zur \"Causa Domingo, Metoo und Freud\". Besonderes Vergn\u00fcgen empfinde ich an ihrem Punkt 2 aus der Aufz\u00e4hlung von vier \"Argumenten\". \u201eWie\u2026","rel":"","context":"In &quot;das Recht&quot;","block_context":{"text":"das Recht","link":"https:\/\/www.kritische-masse.de\/logbuch\/category\/angriffauf\/das-recht\/"},"img":{"alt_text":"","src":"","width":0,"height":0},"classes":[]},{"id":733,"url":"https:\/\/www.kritische-masse.de\/logbuch\/2004\/09\/gerichtsphilosophie\/","url_meta":{"origin":8810,"position":3},"title":"Gerichtsphilosophie","author":"huflaikhan","date":"4. September 2004","format":false,"excerpt":"Der Bundesgerichtshof (BGH) ist das oberste Gericht der Bundesrepublik Deutschland im Bereich der ordentlichen Gerichtsbarkeit. Das hei\u00dft aber nicht, dass er zu den kl\u00fcgsten Einrichtungen der Bundesrepublik geh\u00f6rt. Gestern flatterte mir die neueste Ausgabe der Zeitschrift \u201cB\u00fcrgerrechte & Polizei\u201d ins Haus. Thema: Geheimdienste im Aufwind. Wie jedes mal so auch\u2026","rel":"","context":"\u00c4hnlicher Beitrag","block_context":{"text":"\u00c4hnlicher Beitrag","link":""},"img":{"alt_text":"","src":"","width":0,"height":0},"classes":[]},{"id":735,"url":"https:\/\/www.kritische-masse.de\/logbuch\/2004\/09\/wieder-mal-ein-vorurteil-gekippt\/","url_meta":{"origin":8810,"position":4},"title":"Wieder mal ein Vorurteil gekippt","author":"huflaikhan","date":"5. September 2004","format":false,"excerpt":"Aus dem aktuellen Polizei-Newsletter: Aus dem aktuellen Polizei-Newsletter:Kriminelle Karriere auf Dauer \u2013 eine Illusion? Daten aus der l\u00e4ngsten L\u00e4ngsschnittstudie weltweit ausgewertet Aus der l\u00e4ngsten L\u00e4ngsschnittstudie wurden Daten \u00fcber Straftaten von delinquenten m\u00e4nnlichen Straft\u00e4tern im Alter von 7 bis 70 untersucht. Dabei ging es um die Frage, ob es eine bestimmte\u2026","rel":"","context":"In \"Kriminalit\u00e4t\"","block_context":{"text":"Kriminalit\u00e4t","link":"https:\/\/www.kritische-masse.de\/logbuch\/tag\/kriminalitt\/"},"img":{"alt_text":"","src":"","width":0,"height":0},"classes":[]},{"id":8242,"url":"https:\/\/www.kritische-masse.de\/logbuch\/2004\/05\/von-demonstrationen-und-ringelblumensalben-2\/","url_meta":{"origin":8810,"position":5},"title":"Von Demonstrationen und Ringelblumensalben","author":"der huflaikhan","date":"21. Mai 2004","format":false,"excerpt":"Ein wenig in der neuen Ausgabe von \u00bbB\u00fcrgerrechte & Polizei\u00ab gebl\u00e4ttert. Thema: Polizeiliche Statistik. Am Ende der Hefte findet sich eine sogenannte Chronologie, die allerlei Merkw\u00fcrdigkeiten enth\u00e4lt. Darin eine Meldung, die an einen Eintrag und Diskussion in \u00bbMoes Plastic Thinking\u00ab erinnert. F\u00fcr den 2.M\u00e4rz 2004 findet sich der Eintrag: Verbot\u2026","rel":"","context":"In &quot;das Recht&quot;","block_context":{"text":"das Recht","link":"https:\/\/www.kritische-masse.de\/logbuch\/category\/angriffauf\/das-recht\/"},"img":{"alt_text":"Chopin","src":"https:\/\/i0.wp.com\/www.kritische-masse.de\/logbuch\/wp-content\/uploads\/2004\/09\/20040923-chopin28-2.jpg?fit=500%2C645&ssl=1&resize=350%2C200","width":350,"height":200},"classes":[]}],"jetpack_sharing_enabled":true,"_links":{"self":[{"href":"https:\/\/www.kritische-masse.de\/logbuch\/wp-json\/wp\/v2\/posts\/8810","targetHints":{"allow":["GET"]}}],"collection":[{"href":"https:\/\/www.kritische-masse.de\/logbuch\/wp-json\/wp\/v2\/posts"}],"about":[{"href":"https:\/\/www.kritische-masse.de\/logbuch\/wp-json\/wp\/v2\/types\/post"}],"author":[{"embeddable":true,"href":"https:\/\/www.kritische-masse.de\/logbuch\/wp-json\/wp\/v2\/users\/1"}],"replies":[{"embeddable":true,"href":"https:\/\/www.kritische-masse.de\/logbuch\/wp-json\/wp\/v2\/comments?post=8810"}],"version-history":[{"count":0,"href":"https:\/\/www.kritische-masse.de\/logbuch\/wp-json\/wp\/v2\/posts\/8810\/revisions"}],"wp:featuredmedia":[{"embeddable":true,"href":"https:\/\/www.kritische-masse.de\/logbuch\/wp-json\/wp\/v2\/posts\/1413"}],"wp:attachment":[{"href":"https:\/\/www.kritische-masse.de\/logbuch\/wp-json\/wp\/v2\/media?parent=8810"}],"wp:term":[{"taxonomy":"category","embeddable":true,"href":"https:\/\/www.kritische-masse.de\/logbuch\/wp-json\/wp\/v2\/categories?post=8810"},{"taxonomy":"post_tag","embeddable":true,"href":"https:\/\/www.kritische-masse.de\/logbuch\/wp-json\/wp\/v2\/tags?post=8810"}],"curies":[{"name":"wp","href":"https:\/\/api.w.org\/{rel}","templated":true}]}}