{"id":8860,"date":"2022-06-03T11:46:37","date_gmt":"2022-06-03T09:46:37","guid":{"rendered":"https:\/\/musikunrat.de\/?p=3087"},"modified":"2022-06-03T11:46:37","modified_gmt":"2022-06-03T09:46:37","slug":"mindestlohn-fuer-konzert-und-theaterbesuche-jetzt","status":"publish","type":"post","link":"https:\/\/www.kritische-masse.de\/logbuch\/2022\/06\/mindestlohn-fuer-konzert-und-theaterbesuche-jetzt\/","title":{"rendered":"Mindestlohn f\u00fcr Konzert- und Theaterbesuche, jetzt!"},"content":{"rendered":"<div class=\"shariff shariff-align-left shariff-widget-align-left\"><ul class=\"shariff-buttons theme-white orientation-horizontal buttonsize-small\"><li class=\"shariff-button mastodon shariff-nocustomcolor\" style=\"background-color:#563ACC\"><a href=\"https:\/\/s2f.kytta.dev\/?text=Mindestlohn%20f%C3%BCr%20Konzert-%20und%20Theaterbesuche%2C%20jetzt%21 https%3A%2F%2Fwww.kritische-masse.de%2Flogbuch%2F2022%2F06%2Fmindestlohn-fuer-konzert-und-theaterbesuche-jetzt%2F\" title=\"Bei Mastodon teilen\" aria-label=\"Bei Mastodon teilen\" role=\"button\" rel=\"noopener nofollow\" class=\"shariff-link\" style=\"; background-color:#6364FF; color:#6364FF\" target=\"_blank\"><span class=\"shariff-icon\" style=\"fill:#6364FF\"><svg width=\"75\" height=\"79\" viewBox=\"0 0 75 79\" fill=\"none\" xmlns=\"http:\/\/www.w3.org\/2000\/svg\"><path d=\"M37.813-.025C32.462-.058 27.114.13 21.79.598c-8.544.621-17.214 5.58-20.203 13.931C-1.12 23.318.408 32.622.465 41.65c.375 7.316.943 14.78 3.392 21.73 4.365 9.465 14.781 14.537 24.782 15.385 7.64.698 15.761-.213 22.517-4.026a54.1 54.1 0 0 0 .01-6.232c-6.855 1.316-14.101 2.609-21.049 1.074-3.883-.88-6.876-4.237-7.25-8.215-1.53-3.988 3.78-.43 5.584-.883 9.048 1.224 18.282.776 27.303-.462 7.044-.837 14.26-4.788 16.65-11.833 2.263-6.135 1.215-12.79 1.698-19.177.06-3.84.09-7.692-.262-11.52C72.596 7.844 63.223.981 53.834.684a219.453 219.453 0 0 0-16.022-.71zm11.294 12.882c5.5-.067 10.801 4.143 11.67 9.653.338 1.48.471 3 .471 4.515v21.088h-8.357c-.07-7.588.153-15.182-.131-22.765-.587-4.368-7.04-5.747-9.672-2.397-2.422 3.04-1.47 7.155-1.67 10.735v6.392h-8.307c-.146-4.996.359-10.045-.404-15.002-1.108-4.218-7.809-5.565-10.094-1.666-1.685 3.046-.712 6.634-.976 9.936v14.767h-8.354c.109-8.165-.238-16.344.215-24.5.674-5.346 5.095-10.389 10.676-10.627 4.902-.739 10.103 2.038 12.053 6.631.375 1.435 1.76 1.932 1.994.084 1.844-3.704 5.501-6.739 9.785-6.771.367-.044.735-.068 1.101-.073z\"\/><defs><linearGradient id=\"paint0_linear_549_34\" x1=\"37.0692\" y1=\"0\" x2=\"37.0692\" y2=\"79\" gradientUnits=\"userSpaceOnUse\"><stop stop-color=\"#6364FF\"\/><stop offset=\"1\" stop-color=\"#563ACC\"\/><\/linearGradient><\/defs><\/svg><\/span><span class=\"shariff-text\" style=\"color:#6364FF\">teilen<\/span>&nbsp;<\/a><\/li><li class=\"shariff-button bluesky shariff-nocustomcolor\" style=\"background-color:#84c4ff\"><a href=\"https:\/\/bsky.app\/intent\/compose?text=Mindestlohn%20f%C3%BCr%20Konzert-%20und%20Theaterbesuche%2C%20jetzt%21 https%3A%2F%2Fwww.kritische-masse.de%2Flogbuch%2F2022%2F06%2Fmindestlohn-fuer-konzert-und-theaterbesuche-jetzt%2F \" title=\"Bei Bluesky teilen\" aria-label=\"Bei Bluesky teilen\" role=\"button\" rel=\"noopener nofollow\" class=\"shariff-link\" style=\"; background-color:#0085ff; color:#0085ff\" target=\"_blank\"><span class=\"shariff-icon\" style=\"fill:#0085ff\"><svg width=\"20\" height=\"20\" version=\"1.1\" xmlns=\"http:\/\/www.w3.org\/2000\/svg\" viewBox=\"0 0 20 20\"><path class=\"st0\" d=\"M4.89,3.12c2.07,1.55,4.3,4.71,5.11,6.4.82-1.69,3.04-4.84,5.11-6.4,1.49-1.12,3.91-1.99,3.91.77,0,.55-.32,4.63-.5,5.3-.64,2.3-2.99,2.89-5.08,2.54,3.65.62,4.58,2.68,2.57,4.74-3.81,3.91-5.48-.98-5.9-2.23-.08-.23-.11-.34-.12-.25,0-.09-.04.02-.12.25-.43,1.25-2.09,6.14-5.9,2.23-2.01-2.06-1.08-4.12,2.57-4.74-2.09.36-4.44-.23-5.08-2.54-.19-.66-.5-4.74-.5-5.3,0-2.76,2.42-1.89,3.91-.77h0Z\"\/><\/svg><\/span><span class=\"shariff-text\" style=\"color:#0085ff\">teilen<\/span>&nbsp;<\/a><\/li><li class=\"shariff-button threema shariff-nocustomcolor shariff-mobile\" style=\"background-color:#4fbc24\"><a href=\"threema:\/\/compose?text=Mindestlohn%20f%C3%BCr%20Konzert-%20und%20Theaterbesuche%2C%20jetzt%21%20https%3A%2F%2Fwww.kritische-masse.de%2Flogbuch%2F2022%2F06%2Fmindestlohn-fuer-konzert-und-theaterbesuche-jetzt%2F\" title=\"Bei Threema teilen\" aria-label=\"Bei Threema teilen\" role=\"button\" rel=\"noopener nofollow\" class=\"shariff-link\" style=\"; background-color:#1f1f1f; color:#1f1f1f\" target=\"_blank\"><span class=\"shariff-icon\" style=\"fill:#1f1f1f\"><svg width=\"32px\" height=\"20px\" xmlns=\"http:\/\/www.w3.org\/2000\/svg\" viewBox=\"0 0 32 32\"><path fill=\"#1f1f1f\" d=\"M30.8 10.9c-0.3-1.4-0.9-2.6-1.8-3.8-2-2.6-5.5-4.5-9.4-5.2-1.3-0.2-1.9-0.3-3.5-0.3s-2.2 0-3.5 0.3c-4 0.7-7.4 2.6-9.4 5.2-0.9 1.2-1.5 2.4-1.8 3.8-0.1 0.5-0.2 1.2-0.2 1.6 0 0.4 0.1 1.1 0.2 1.6 0.4 1.9 1.3 3.4 2.9 5 0.8 0.8 0.8 0.8 0.7 1.3 0 0.6-0.5 1.6-1.7 3.6-0.3 0.5-0.5 0.9-0.5 0.9 0 0.1 0.1 0.1 0.5 0 0.8-0.2 2.3-0.6 5.6-1.6 1.1-0.3 1.3-0.4 2.3-0.4 0.8 0 1.1 0 2.3 0.2 1.5 0.2 3.5 0.2 4.9 0 5.1-0.6 9.3-2.9 11.4-6.3 0.5-0.9 0.9-1.8 1.1-2.8 0.1-0.5 0.2-1.1 0.2-1.6 0-0.7-0.1-1.1-0.2-1.6-0.3-1.4 0.1 0.5 0 0zM20.6 17.3c0 0.4-0.4 0.8-0.8 0.8h-7.7c-0.4 0-0.8-0.4-0.8-0.8v-4.6c0-0.4 0.4-0.8 0.8-0.8h0.2l0-1.6c0-0.9 0-1.8 0.1-2 0.1-0.6 0.6-1.2 1.1-1.7s1.1-0.7 1.9-0.8c1.8-0.3 3.7 0.7 4.2 2.2 0.1 0.3 0.1 0.7 0.1 2.1v0 1.7h0.1c0.4 0 0.8 0.4 0.8 0.8v4.6zM15.6 7.3c-0.5 0.1-0.8 0.3-1.2 0.6s-0.6 0.8-0.7 1.3c0 0.2 0 0.8 0 1.5l0 1.2h4.6v-1.3c0-1 0-1.4-0.1-1.6-0.3-1.1-1.5-1.9-2.6-1.7zM25.8 28.2c0 1.2-1 2.2-2.1 2.2s-2.1-1-2.1-2.1c0-1.2 1-2.1 2.2-2.1s2.2 1 2.2 2.2zM18.1 28.2c0 1.2-1 2.2-2.1 2.2s-2.1-1-2.1-2.1c0-1.2 1-2.1 2.2-2.1s2.2 1 2.2 2.2zM10.4 28.2c0 1.2-1 2.2-2.1 2.2s-2.1-1-2.1-2.1c0-1.2 1-2.1 2.2-2.1s2.2 1 2.2 2.2z\"\/><\/svg><\/span><span class=\"shariff-text\" style=\"color:#1f1f1f\">teilen<\/span>&nbsp;<\/a><\/li><li class=\"shariff-button facebook shariff-nocustomcolor\" style=\"background-color:#4273c8\"><a href=\"https:\/\/www.facebook.com\/sharer\/sharer.php?u=https%3A%2F%2Fwww.kritische-masse.de%2Flogbuch%2F2022%2F06%2Fmindestlohn-fuer-konzert-und-theaterbesuche-jetzt%2F\" title=\"Bei Facebook teilen\" aria-label=\"Bei Facebook teilen\" role=\"button\" rel=\"nofollow\" class=\"shariff-link\" style=\"; background-color:#3b5998; color:#3b5998\" target=\"_blank\"><span class=\"shariff-icon\" style=\"fill:#3b5998\"><svg width=\"32px\" height=\"20px\" xmlns=\"http:\/\/www.w3.org\/2000\/svg\" viewBox=\"0 0 18 32\"><path fill=\"#3b5998\" d=\"M17.1 0.2v4.7h-2.8q-1.5 0-2.1 0.6t-0.5 1.9v3.4h5.2l-0.7 5.3h-4.5v13.6h-5.5v-13.6h-4.5v-5.3h4.5v-3.9q0-3.3 1.9-5.2t5-1.8q2.6 0 4.1 0.2z\"\/><\/svg><\/span><span class=\"shariff-text\" style=\"color:#3b5998\">teilen<\/span>&nbsp;<\/a><\/li><li class=\"shariff-button info shariff-nocustomcolor\" style=\"background-color:#a8a8a8\"><a href=\"http:\/\/ct.de\/-2467514\" title=\"Weitere Informationen\" aria-label=\"Weitere Informationen\" role=\"button\" rel=\"noopener \" class=\"shariff-link\" style=\"; background-color:#999; color:#999\" target=\"_blank\"><span class=\"shariff-icon\" style=\"fill:#999\"><svg width=\"32px\" height=\"20px\" xmlns=\"http:\/\/www.w3.org\/2000\/svg\" viewBox=\"0 0 11 32\"><path fill=\"#999\" d=\"M11.4 24v2.3q0 0.5-0.3 0.8t-0.8 0.4h-9.1q-0.5 0-0.8-0.4t-0.4-0.8v-2.3q0-0.5 0.4-0.8t0.8-0.4h1.1v-6.8h-1.1q-0.5 0-0.8-0.4t-0.4-0.8v-2.3q0-0.5 0.4-0.8t0.8-0.4h6.8q0.5 0 0.8 0.4t0.4 0.8v10.3h1.1q0.5 0 0.8 0.4t0.3 0.8zM9.2 3.4v3.4q0 0.5-0.4 0.8t-0.8 0.4h-4.6q-0.4 0-0.8-0.4t-0.4-0.8v-3.4q0-0.4 0.4-0.8t0.8-0.4h4.6q0.5 0 0.8 0.4t0.4 0.8z\"\/><\/svg><\/span><\/a><\/li><\/ul><\/div><p>\u00dcberall nun 9-Euro-Tickets, -Abos, -Flatrates. Man springt, wo es nicht gerade nicht geht auf den Zug der <a href=\"https:\/\/www.bundesregierung.de\/breg-de\/aktuelles\/faq-9-euro-ticket-2028756\">9-Euro-Tickets-Unterst\u00fctzungs- oder Abfederungsma\u00dfnahmen in Sachen \u00f6ffentlicher Personen Nachverkehr<\/a> auf. Es gibt jetzt Schnupper-Abos von Zeitungen f\u00fcr 9 Euro, <a href=\"https:\/\/www.conbrio.de\/content\/buch\/adorno-und-die-zw%C3%B6lftontechnik\">meine Dissertation f\u00fcr 9 Euro<\/a>. Da will \u201edie\u201c Musikkultur nicht zur\u00fcckstecken und wittert schon ein Gesch\u00e4ft. Das kostenlose Monatsmagazin f\u00fcr Konzert- und Opernbesucher \u201e<strong>concerti<\/strong>\u201c pl\u00e4diert im Duett mit dem Chef-Cellisten des <strong>Deutschen Musikrates<\/strong> f\u00fcr ein \u201e9 Euro Kulturticket f\u00fcr Junges Publikum\u201c.<\/p>\n<p>Was steckt dahinter? Und warum ist, was so nett klingt, eine eher ignorante und widersinnige Idee, zudem alles andere als nachhaltig \u2013 nicht mal ein Tropfen auf den hei\u00dfen Stein, sondern einer im Fallrohr zur Kulturversickerungsgrube.<\/p>\n<div id=\"ez-toc-container\" class=\"ez-toc-v2_0_82_2 ez-toc-wrap-center counter-hierarchy ez-toc-counter ez-toc-light-blue ez-toc-container-direction\">\n<div class=\"ez-toc-title-container\">\n<p class=\"ez-toc-title\" style=\"cursor:inherit\">Inhalt<\/p>\n<span class=\"ez-toc-title-toggle\"><a href=\"#\" class=\"ez-toc-pull-right ez-toc-btn ez-toc-btn-xs ez-toc-btn-default ez-toc-toggle\" aria-label=\"Toggle Table of Content\"><span class=\"ez-toc-js-icon-con\"><span class=\"\"><span class=\"eztoc-hide\" style=\"display:none;\">Toggle<\/span><span class=\"ez-toc-icon-toggle-span\"><svg style=\"fill: #999;color:#999\" xmlns=\"http:\/\/www.w3.org\/2000\/svg\" class=\"list-377408\" width=\"20px\" height=\"20px\" viewBox=\"0 0 24 24\" fill=\"none\"><path d=\"M6 6H4v2h2V6zm14 0H8v2h12V6zM4 11h2v2H4v-2zm16 0H8v2h12v-2zM4 16h2v2H4v-2zm16 0H8v2h12v-2z\" fill=\"currentColor\"><\/path><\/svg><svg style=\"fill: #999;color:#999\" class=\"arrow-unsorted-368013\" xmlns=\"http:\/\/www.w3.org\/2000\/svg\" width=\"10px\" height=\"10px\" viewBox=\"0 0 24 24\" version=\"1.2\" baseProfile=\"tiny\"><path d=\"M18.2 9.3l-6.2-6.3-6.2 6.3c-.2.2-.3.4-.3.7s.1.5.3.7c.2.2.4.3.7.3h11c.3 0 .5-.1.7-.3.2-.2.3-.5.3-.7s-.1-.5-.3-.7zM5.8 14.7l6.2 6.3 6.2-6.3c.2-.2.3-.5.3-.7s-.1-.5-.3-.7c-.2-.2-.4-.3-.7-.3h-11c-.3 0-.5.1-.7.3-.2.2-.3.5-.3.7s.1.5.3.7z\"\/><\/svg><\/span><\/span><\/span><\/a><\/span><\/div>\n<nav><ul class='ez-toc-list ez-toc-list-level-1 ' ><li class='ez-toc-page-1 ez-toc-heading-level-3'><a class=\"ez-toc-link ez-toc-heading-1\" href=\"https:\/\/www.kritische-masse.de\/logbuch\/2022\/06\/mindestlohn-fuer-konzert-und-theaterbesuche-jetzt\/#Der_Professor_sagt\" >Der Professor sagt:<\/a><\/li><li class='ez-toc-page-1 ez-toc-heading-level-3'><a class=\"ez-toc-link ez-toc-heading-2\" href=\"https:\/\/www.kritische-masse.de\/logbuch\/2022\/06\/mindestlohn-fuer-konzert-und-theaterbesuche-jetzt\/#Ein_zukunftsweisender_Impuls_der_deinem_Namen_traegt\" >Ein zukunftsweisender Impuls, der deinem Namen tr\u00e4gt<\/a><\/li><li class='ez-toc-page-1 ez-toc-heading-level-3'><a class=\"ez-toc-link ez-toc-heading-3\" href=\"https:\/\/www.kritische-masse.de\/logbuch\/2022\/06\/mindestlohn-fuer-konzert-und-theaterbesuche-jetzt\/#Concerrrti\" >Concerrrti!<\/a><\/li><li class='ez-toc-page-1 ez-toc-heading-level-3'><a class=\"ez-toc-link ez-toc-heading-4\" href=\"https:\/\/www.kritische-masse.de\/logbuch\/2022\/06\/mindestlohn-fuer-konzert-und-theaterbesuche-jetzt\/#Kritik_vom_Fachmann\" >Kritik vom Fachmann<\/a><\/li><li class='ez-toc-page-1 ez-toc-heading-level-3'><a class=\"ez-toc-link ez-toc-heading-5\" href=\"https:\/\/www.kritische-masse.de\/logbuch\/2022\/06\/mindestlohn-fuer-konzert-und-theaterbesuche-jetzt\/#Was_diese_Idee_wirklich_zum_Ausdruck_bringt\" >Was diese Idee wirklich zum Ausdruck bringt<\/a><\/li><li class='ez-toc-page-1 ez-toc-heading-level-3'><a class=\"ez-toc-link ez-toc-heading-6\" href=\"https:\/\/www.kritische-masse.de\/logbuch\/2022\/06\/mindestlohn-fuer-konzert-und-theaterbesuche-jetzt\/#Eine_soziale_Frage\" >Eine soziale Frage<\/a><\/li><\/ul><\/nav><\/div>\n<h3><span class=\"ez-toc-section\" id=\"Der_Professor_sagt\"><\/span>Der Professor sagt:<span class=\"ez-toc-section-end\"><\/span><\/h3>\n<p>Professor Christian H\u00f6ppner, nebenbei Generalsekret\u00e4r des Deutschen Musikrates und <a href=\"https:\/\/www.dtkv.net\/ORG\/verband\/leitbild\/812-praesidium.html\">Pr\u00e4sident des Deutschen Tonk\u00fcnstlerverbandes<\/a> sowie <a href=\"https:\/\/www.kulturrat.de\/ueber-uns\/vorstand\/\">Pr\u00e4sident des Deutschen Kulturrates<\/a>, sagt \u00fcber die Idee des 9-Euro-Kulturtickets in einer <a href=\"https:\/\/www.nmz.de\/kiz\/nachrichten\/deutscher-musikrat-9-euro-kulturticket-fuer-junges-publikum-jetzt-in-den-aufschwung-\">Pressemitteilung<\/a> (meine Schnellkommentare in eckigen Klammern):<\/p>\n<blockquote><p>\u201eDie B\u00fchnen sind frei <em>[der Mensch ist frei, die Gedanken sind frei, die B\u00fchnen sind frei von was?]<\/em>, die Veranstaltungen laufen in dichter Reihenfolge <em>[Veranstaltungsverdichtung allenthalben, l\u00e4uft doch]<\/em> und dem jungen Publikum <em>[das ist das Publikum unter 35 Jahren, wie man an anderer Stelle lesen kann]<\/em> sollte die Teilhabe an dieser Kulturellen Vielfalt <em>[Herr Beethoven, Herr Mozart, Herr Wagner, Herr H\u00e4ndel]<\/em> erleichtert werden <em>[weil? \u2013 weil es zu viele T\u00fcrsteher:innen gibt, die das verhindern?]<\/em>.<\/p><\/blockquote>\n<h3><span class=\"ez-toc-section\" id=\"Ein_zukunftsweisender_Impuls_der_deinem_Namen_traegt\"><\/span>Ein zukunftsweisender Impuls, der deinem Namen tr\u00e4gt<span class=\"ez-toc-section-end\"><\/span><\/h3>\n<blockquote><p>Neben den bestehenden Angeboten f\u00fcr das junge Publikum setzt Concerti <em>[das ist ein kostenloses Monatsmagazin f\u00fcr Konzert- und Opernbesucher und damit also f\u00fcr einen bestimmten engen Bereich des Musiklebens \u2013 Selbstbeschreibung: concerti.de ist Deutschlands Klassik-Seite \u2013 man fragt sich, was ist auf der anderen Seite]<\/em> mit seinem Vorschlag eines \u201a<strong>9 Euro-Kulturtickets<\/strong>\u2018 einen zukunftsweisenden Impuls f\u00fcr ein lebendiges Musikleben <em>[war es bislang also ziemlich tot \u2013 oder gilt das f\u00fcr nur f\u00fcr Oper und Konzert?]<\/em>, der jetzt <em>[also Jetzt oder nie, oder warum gerade jetzt?]<\/em> wirken kann. Mit Unterst\u00fctzung der Kulturpolitik <em>[wie kann denn Kulturpolitik das unterst\u00fctzen, w\u00e4re da nicht eine Finanzierung irgendwie besser?]<\/em> w\u00e4re dieses Angebot ein weiterer Baustein <em>[welche anderen gibt es denn schon?]<\/em>, die tiefgreifenden Folgen der Coronakrise <em>[wir haben \u201eFolgen\u201c eine Coronakrise, ist sie schon vorbei?]<\/em> f\u00fcr das Musikleben abzumildern <em>[und ich dachte, es ginge um einen \u201ezukunftsweisenden Impuls\u201c]<\/em>.\u201c<\/p><\/blockquote>\n<h3><span class=\"ez-toc-section\" id=\"Concerrrti\"><\/span>Concerrrti!<span class=\"ez-toc-section-end\"><\/span><\/h3>\n<p>Concerti als Ideengeberin formuliert es nicht so blumig in Anlage seiner Argumentation. <a href=\"https:\/\/media.concerti.de\/das-9-euro-kulturticket-fuer-junges-publikum\/\">Dort liest man<\/a>:<\/p>\n<blockquote><p>\u201eNach dem Motto \u201aN\u00e4chste Haltestelle: Konzert!\u2018 regt concerti ein monatliches \u201a9 Euro-Kulturticket\u2018 an, mit dem \u00e4hnlich einer Flatrate freie Pl\u00e4tze von Besuchern unter 35 Jahren genutzt werden k\u00f6nnen. Im Unterschied zum Vorbild gebenden \u201a9 Euro-Ticket\u2018 f\u00fcr Bus &amp; Bahn ab 1. Juni 2022 verursachen junge Zuh\u00f6rer keine logistischen Mehrkosten, sondern tragen unmittelbar und nachhaltig zur Sicherung der Musik- und Kulturlandschaft bei.\u201c<\/p><\/blockquote>\n<p>Das hei\u00dft eigentlich ins Deutsche \u00fcbersetzt: Weil leere Konzert- und Theaters\u00e4le nicht so gut klingen, braucht man Kulturvollf\u00fcllungs-Sitzvieh f\u00fcr die Veranstaltungen, wo das der Fall ist. Das <a href=\"https:\/\/media.concerti.de\/wp-content\/uploads\/2022\/05\/concerti-Initiative-_9-Euro-Kulturticket-fuer-junges-Publikum_.pdf\">Konzeptpaper<\/a> spricht es sogar tats\u00e4chlich so an: \u201eDie Initiative leistet einen kurzfristigen Beitrag um freie Pl\u00e4tze in Konzert- und Opernh\u00e4usern unkompliziert mit jungem Publikum zu f\u00fcllen.\u201c<\/p>\n<p>Bei ausverkauften Veranstaltungen m\u00f6ge das junge Publikum bitte drau\u00dfen bleiben oder sich ordentlich in die Reihe der Interessenten zum festgelegten Preis einreihen. Sonst w\u00fcrde das junge Publikum wom\u00f6glich st\u00f6ren und leider \u201elogistische Mehrkosten\u201c verursachen.<\/p>\n<p>Nachhaltigkeit und Sicherung der Kulturlandschaft hei\u00dft irgendwie: \u201eKomponisten, Autoren und Interpreten &#8211; sie alle verdienen ein zahlreiches Publikum.\u201c Komponistinnen, Autorinnen und Interpretinnen schon mal nicht. Ach ja, wir befinden uns in dieser vorsteinzeitlichen Sprachhaltung, die dieses Konzert- und Theaterwelt so liebenswert macht, ich verga\u00df.<\/p>\n<p>F\u00fcr den mittel- und langfristigen Nutzen reklamiert das Konzeptpaper: \u201e\u00dcberzeugen Programm und Ambiente, kann die Initiative nachhaltig wirken.\u201c Wenn nicht, \u00fcbrigens auch: Dann geht man da erst recht nicht mehr hin. Klasse Idee, zukunftsweisender Impuls!<\/p>\n<p>Man k\u00f6nnte das Konzeptpaper weiter durchkauen, aber es wirkt, nicht nur in seiner sprachlichen Durchgestaltung, eher schlicht. Und wirft damit nat\u00fcrlich auch ein eigenartiges Licht auf die dort angesprochene Szene, ihre Agenten und ihr Publikum. Dass sich da der Deutsche Musikrat als potenter Partner andient, l\u00e4sst auch in dieser Richtung wenig Hoffnung auf eine tats\u00e4chlich wirksame und p\u00e4dagogisch wie gesellschaftlich Initiative hoffen. Ein bisschen Kritik hat sich immerhin geregt.<\/p>\n<h3><span class=\"ez-toc-section\" id=\"Kritik_vom_Fachmann\"><\/span>Kritik vom Fachmann<span class=\"ez-toc-section-end\"><\/span><\/h3>\n<p>Gerald Mertens, der <a href=\"https:\/\/www.dov.org\/die-dov\/organisation-gremien\/geschaeftsfuehrung\">Gesch\u00e4ftsf\u00fchrer<\/a> der Deutschen Orchestervereinigung, <a href=\"https:\/\/twitter.com\/GMOrch\/status\/1531526797740888064\">twitterte<\/a> zum Vorsto\u00df des Deutschen Musikrates:<\/p>\n<blockquote><p>\u201eWenn es so einfach w\u00e4re. Angesichts zahlreicher Rabatte f\u00fcr junge Leute ist der <a href=\"https:\/\/twitter.com\/hashtag\/Ticket?src=hashtag_click\">#Ticket<\/a>-Preis f\u00fcr ein <a href=\"https:\/\/twitter.com\/hashtag\/Konzert?src=hashtag_click\">#Konzert<\/a> nicht die entscheidende H\u00fcrde. Es geht vielmehr um mehr N\u00e4he zum <a href=\"https:\/\/twitter.com\/hashtag\/Publikum?src=hashtag_click\">#Publikum<\/a>. <a href=\"https:\/\/twitter.com\/hashtag\/ClassicalMusic?src=hashtag_click\">#ClassicalMusic<\/a> <a href=\"https:\/\/t.co\/dGYd3jIsUZ\"><span aria-hidden=\"true\">https:\/\/<\/span>orchesterland.wordpress.com\/2022\/05\/27\/str<span aria-hidden=\"true\">omungsabriss-in-der-klassik\/<\/span><\/a> <a href=\"https:\/\/twitter.com\/HoeppnerKV\">@HoeppnerKV<\/a> <a href=\"https:\/\/twitter.com\/DMusikrat\">@DMusikrat<\/a>\u201c<\/p><\/blockquote>\n<p>Der Zugriffspunkt \u00fcber den Ticketpreis spiele eine untergeordnete Rolle, vermutet wenigstens Mertens. Wenn es prim\u00e4r um die Frage von \u201eN\u00e4he\u201c ginge, wie Merterns ebenfalls mutma\u00dft, dann ist das eben doch etwas, was normalerweise ein l\u00e4ngerer Prozess der Vertrauensbildung voraussetzt und nicht eben schlicht: \u00dcberredung oder Manipulation durch Kulturfunktionsbeamte.<\/p>\n<p>In jedem Fall sieht Mertens die Lage differenziert in seinem verlinkten Artikel \u00fcber den \u201eStr\u00f6mungsabriss in der Klassik\u201c. Ein bisschen zur\u00fcckhaltend bleibt er dennoch bei seiner Kritik der Initiative von Musikrat und Concerti: \u201eKann sein, wenn der Ticketpreis f\u00fcr junge Menschen bis 35 eine entscheidende Barriere darstellt. Es k\u00e4me zumindest auf einen Versuch an.\u201c<\/p>\n<p>Allein: F\u00fcr Versuche ist eigentlich die Zeit nicht da, wenn man der Diagnose von Musikrat und dem kostenlosen concerti-Musikmagazin zustimmen wollte, zumal der \u201eImpuls f\u00fcr ein lebendiges Musikleben\u201c bis Ende des Jahres 2022 gesetzt werden sollte. Nebenbei: Auch f\u00fcr die Umsetzung vom Plan in die Tat ist diese Konzertticket-Idee terminlich eine sportliche Angelegenheit.<\/p>\n<p>Und zu allerletzt, zahlreiche Veranstaltungen, die die kulturelle Vielfalt abbilden und bilden, laufen unter dem wirtschaftlichen Radar solcher b\u00fcrokratischen Gedankeng\u00e4nge und kennen beispielsweise kein Ticketing dieser Art, das man auf diese Weise \u201eabrechnen\u201c k\u00f6nnte &#8211; wie mancher Club f\u00fcr Jazz und Kleinkunst \u2026<\/p>\n<p>Sorry, wir sind eben gut darin, die Sachen kaputtzuflicken, nicht, um ihnen auf den Grund zu gehen.<\/p>\n<h3><span class=\"ez-toc-section\" id=\"Was_diese_Idee_wirklich_zum_Ausdruck_bringt\"><\/span>Was diese Idee wirklich zum Ausdruck bringt<span class=\"ez-toc-section-end\"><\/span><\/h3>\n<p>Wenn man es wenigstens so ehrlich formulieren w\u00fcrde, wie es gemeint ist, w\u00e4re ein umgedrehtes Kulturticket n\u00e4mlich noch viel wirksamer und nachhaltiger. <strong>Man m\u00fcsste nur sein Publikum f\u00fcr die Teilnahme bezahlen<\/strong>, also mindestens 9 Euro f\u00fcr jeden Theaterbesuch geht ins Portemonnaie des jungen Publikums \u2013 pro Person. Damit k\u00f6nnte man die S\u00e4le auch im Nu f\u00fcllen und zugleich nachhaltig positive Erfahrungen im Kulturturbokapitalismus neoliberaler Pr\u00e4gung generieren. Da lohnte sich ein Konzert- oder Theaterbesuch nicht nur ideel, sondern sprichw\u00f6rtlich. Wenn man sich dabei am Mindestlohn orientieren w\u00fcrde, dann w\u00e4re eine Oper von Wagner f\u00fcr die Besucher tats\u00e4chlich auch finanziell reizvoll. Und da klatscht man doch gleich l\u00e4nger, wenn man im Konzert damit eine Zugabe bewirken kann, die eine n\u00e4chste bezahlte Besuchsstunde anbrechen l\u00e4sst.<\/p>\n<p>Vollkommen ideologisch werden Ideen dann, wenn sie verdecken, wie Kulturfinanzierung tats\u00e4chlich geregelt ist. Nicht nur, dass es zahlreiche Anreizmodelle f\u00fcr den Zugang j\u00fcngerer Publikumsschichten sowieso seit eh und je gibt (mag sein zu wenige und zu wenig wirkungsvolle), sondern der ganze Kulturzirkus wird ja l\u00e4ngst unterst\u00fctzt. <a href=\"https:\/\/twitter.com\/GMOrch\/status\/1531550182168469510\">Mertens auf Twitter<\/a>:<\/p>\n<blockquote><p>\u201eFaktisch ist das betriebswirtschaftlich doch schon so. Im bundesweiten Durchschnitt ist jede <a href=\"https:\/\/twitter.com\/hashtag\/Konzert?src=hashtag_click\">#Konzert<\/a>-\/<a href=\"https:\/\/twitter.com\/hashtag\/Theater?src=hashtag_click\">#Theater<\/a>-Karte zu 82% \u00f6ffentlich und nur zu 18% durch das Publikum finanziert. Hat was mit Kulturstaat und Teilhabe zu tun. <a href=\"https:\/\/twitter.com\/hashtag\/KulturF\u00fcrAlle?src=hashtag_click\">#KulturF\u00fcrAlle<\/a>\u201c\u201c<\/p><\/blockquote>\n<h3><span class=\"ez-toc-section\" id=\"Eine_soziale_Frage\"><\/span>Eine soziale Frage<span class=\"ez-toc-section-end\"><\/span><\/h3>\n<p><strong>Was ist uns also das Musikleben wert?<\/strong> Soll es eine durch k\u00fcnstliche Subventionen am Leben gehaltene, voll systemirrelevante Institution des B\u00fcrgertums sein, welche sonst dahinsiechen w\u00fcrde, weil die, die es bisher tragen, ihren Solibeitrag (nicht nur finanzielle Art \u00fcbrigens) nicht l\u00e4nger leisten wollen? Oder muss sich das Kulturleben als Ganzes nicht eher darin bew\u00e4hren, dass es etwas beitr\u00e4gt, wonach auch eine Nachfrage besteht und ein Wunsch, daran teilzuhaben. Und wo man deshalb die gesellschaftlichen und sozialen Bedingungen so gestalten muss, dass dies \u00fcberhaupt m\u00f6glich ist und dann auch geschehen kann?<\/p>\n<p>Der Kunsthistoriker Edgar Wind schrieb bereits 1963 in seinem Essay \u201eKunst und Anarchie\u201c treffsicher: \u201eWenn die Kunst wieder eine Rolle im Zentrum unseres Lebens spielen soll, so wird sich zun\u00e4chst einmal unser Leben \u00e4ndern m\u00fcssen, ein Vorgang, der von K\u00fcnstlern und Kritikern allein nicht abh\u00e4ngt.\u201c<\/p>\n<p>Eine bittere Mahnung hat er ebenfalls noch f\u00fcr uns: \u201eMachen wir uns nichts vor: Kunst ist unbequem, ganz besonders f\u00fcr den K\u00fcnstler selbst.\u201c<\/p>\n<p>&nbsp;<\/p>\n<div class=\"shariff shariff-align-left shariff-widget-align-left\"><ul class=\"shariff-buttons theme-white orientation-horizontal buttonsize-small\"><li class=\"shariff-button mastodon shariff-nocustomcolor\" style=\"background-color:#563ACC\"><a href=\"https:\/\/s2f.kytta.dev\/?text=Mindestlohn%20f%C3%BCr%20Konzert-%20und%20Theaterbesuche%2C%20jetzt%21 https%3A%2F%2Fwww.kritische-masse.de%2Flogbuch%2F2022%2F06%2Fmindestlohn-fuer-konzert-und-theaterbesuche-jetzt%2F\" title=\"Bei Mastodon teilen\" aria-label=\"Bei Mastodon teilen\" role=\"button\" rel=\"noopener nofollow\" class=\"shariff-link\" style=\"; background-color:#6364FF; color:#6364FF\" target=\"_blank\"><span class=\"shariff-icon\" style=\"fill:#6364FF\"><svg width=\"75\" height=\"79\" viewBox=\"0 0 75 79\" fill=\"none\" xmlns=\"http:\/\/www.w3.org\/2000\/svg\"><path d=\"M37.813-.025C32.462-.058 27.114.13 21.79.598c-8.544.621-17.214 5.58-20.203 13.931C-1.12 23.318.408 32.622.465 41.65c.375 7.316.943 14.78 3.392 21.73 4.365 9.465 14.781 14.537 24.782 15.385 7.64.698 15.761-.213 22.517-4.026a54.1 54.1 0 0 0 .01-6.232c-6.855 1.316-14.101 2.609-21.049 1.074-3.883-.88-6.876-4.237-7.25-8.215-1.53-3.988 3.78-.43 5.584-.883 9.048 1.224 18.282.776 27.303-.462 7.044-.837 14.26-4.788 16.65-11.833 2.263-6.135 1.215-12.79 1.698-19.177.06-3.84.09-7.692-.262-11.52C72.596 7.844 63.223.981 53.834.684a219.453 219.453 0 0 0-16.022-.71zm11.294 12.882c5.5-.067 10.801 4.143 11.67 9.653.338 1.48.471 3 .471 4.515v21.088h-8.357c-.07-7.588.153-15.182-.131-22.765-.587-4.368-7.04-5.747-9.672-2.397-2.422 3.04-1.47 7.155-1.67 10.735v6.392h-8.307c-.146-4.996.359-10.045-.404-15.002-1.108-4.218-7.809-5.565-10.094-1.666-1.685 3.046-.712 6.634-.976 9.936v14.767h-8.354c.109-8.165-.238-16.344.215-24.5.674-5.346 5.095-10.389 10.676-10.627 4.902-.739 10.103 2.038 12.053 6.631.375 1.435 1.76 1.932 1.994.084 1.844-3.704 5.501-6.739 9.785-6.771.367-.044.735-.068 1.101-.073z\"\/><defs><linearGradient id=\"paint0_linear_549_34\" x1=\"37.0692\" y1=\"0\" x2=\"37.0692\" y2=\"79\" gradientUnits=\"userSpaceOnUse\"><stop stop-color=\"#6364FF\"\/><stop offset=\"1\" stop-color=\"#563ACC\"\/><\/linearGradient><\/defs><\/svg><\/span><span class=\"shariff-text\" style=\"color:#6364FF\">teilen<\/span>&nbsp;<\/a><\/li><li class=\"shariff-button bluesky shariff-nocustomcolor\" style=\"background-color:#84c4ff\"><a href=\"https:\/\/bsky.app\/intent\/compose?text=Mindestlohn%20f%C3%BCr%20Konzert-%20und%20Theaterbesuche%2C%20jetzt%21 https%3A%2F%2Fwww.kritische-masse.de%2Flogbuch%2F2022%2F06%2Fmindestlohn-fuer-konzert-und-theaterbesuche-jetzt%2F \" title=\"Bei Bluesky teilen\" aria-label=\"Bei Bluesky teilen\" role=\"button\" rel=\"noopener nofollow\" class=\"shariff-link\" style=\"; background-color:#0085ff; color:#0085ff\" target=\"_blank\"><span class=\"shariff-icon\" style=\"fill:#0085ff\"><svg width=\"20\" height=\"20\" version=\"1.1\" xmlns=\"http:\/\/www.w3.org\/2000\/svg\" viewBox=\"0 0 20 20\"><path class=\"st0\" d=\"M4.89,3.12c2.07,1.55,4.3,4.71,5.11,6.4.82-1.69,3.04-4.84,5.11-6.4,1.49-1.12,3.91-1.99,3.91.77,0,.55-.32,4.63-.5,5.3-.64,2.3-2.99,2.89-5.08,2.54,3.65.62,4.58,2.68,2.57,4.74-3.81,3.91-5.48-.98-5.9-2.23-.08-.23-.11-.34-.12-.25,0-.09-.04.02-.12.25-.43,1.25-2.09,6.14-5.9,2.23-2.01-2.06-1.08-4.12,2.57-4.74-2.09.36-4.44-.23-5.08-2.54-.19-.66-.5-4.74-.5-5.3,0-2.76,2.42-1.89,3.91-.77h0Z\"\/><\/svg><\/span><span class=\"shariff-text\" style=\"color:#0085ff\">teilen<\/span>&nbsp;<\/a><\/li><li class=\"shariff-button threema shariff-nocustomcolor shariff-mobile\" style=\"background-color:#4fbc24\"><a href=\"threema:\/\/compose?text=Mindestlohn%20f%C3%BCr%20Konzert-%20und%20Theaterbesuche%2C%20jetzt%21%20https%3A%2F%2Fwww.kritische-masse.de%2Flogbuch%2F2022%2F06%2Fmindestlohn-fuer-konzert-und-theaterbesuche-jetzt%2F\" title=\"Bei Threema teilen\" aria-label=\"Bei Threema teilen\" role=\"button\" rel=\"noopener nofollow\" class=\"shariff-link\" style=\"; background-color:#1f1f1f; color:#1f1f1f\" target=\"_blank\"><span class=\"shariff-icon\" style=\"fill:#1f1f1f\"><svg width=\"32px\" height=\"20px\" xmlns=\"http:\/\/www.w3.org\/2000\/svg\" viewBox=\"0 0 32 32\"><path fill=\"#1f1f1f\" d=\"M30.8 10.9c-0.3-1.4-0.9-2.6-1.8-3.8-2-2.6-5.5-4.5-9.4-5.2-1.3-0.2-1.9-0.3-3.5-0.3s-2.2 0-3.5 0.3c-4 0.7-7.4 2.6-9.4 5.2-0.9 1.2-1.5 2.4-1.8 3.8-0.1 0.5-0.2 1.2-0.2 1.6 0 0.4 0.1 1.1 0.2 1.6 0.4 1.9 1.3 3.4 2.9 5 0.8 0.8 0.8 0.8 0.7 1.3 0 0.6-0.5 1.6-1.7 3.6-0.3 0.5-0.5 0.9-0.5 0.9 0 0.1 0.1 0.1 0.5 0 0.8-0.2 2.3-0.6 5.6-1.6 1.1-0.3 1.3-0.4 2.3-0.4 0.8 0 1.1 0 2.3 0.2 1.5 0.2 3.5 0.2 4.9 0 5.1-0.6 9.3-2.9 11.4-6.3 0.5-0.9 0.9-1.8 1.1-2.8 0.1-0.5 0.2-1.1 0.2-1.6 0-0.7-0.1-1.1-0.2-1.6-0.3-1.4 0.1 0.5 0 0zM20.6 17.3c0 0.4-0.4 0.8-0.8 0.8h-7.7c-0.4 0-0.8-0.4-0.8-0.8v-4.6c0-0.4 0.4-0.8 0.8-0.8h0.2l0-1.6c0-0.9 0-1.8 0.1-2 0.1-0.6 0.6-1.2 1.1-1.7s1.1-0.7 1.9-0.8c1.8-0.3 3.7 0.7 4.2 2.2 0.1 0.3 0.1 0.7 0.1 2.1v0 1.7h0.1c0.4 0 0.8 0.4 0.8 0.8v4.6zM15.6 7.3c-0.5 0.1-0.8 0.3-1.2 0.6s-0.6 0.8-0.7 1.3c0 0.2 0 0.8 0 1.5l0 1.2h4.6v-1.3c0-1 0-1.4-0.1-1.6-0.3-1.1-1.5-1.9-2.6-1.7zM25.8 28.2c0 1.2-1 2.2-2.1 2.2s-2.1-1-2.1-2.1c0-1.2 1-2.1 2.2-2.1s2.2 1 2.2 2.2zM18.1 28.2c0 1.2-1 2.2-2.1 2.2s-2.1-1-2.1-2.1c0-1.2 1-2.1 2.2-2.1s2.2 1 2.2 2.2zM10.4 28.2c0 1.2-1 2.2-2.1 2.2s-2.1-1-2.1-2.1c0-1.2 1-2.1 2.2-2.1s2.2 1 2.2 2.2z\"\/><\/svg><\/span><span class=\"shariff-text\" style=\"color:#1f1f1f\">teilen<\/span>&nbsp;<\/a><\/li><li class=\"shariff-button facebook shariff-nocustomcolor\" style=\"background-color:#4273c8\"><a href=\"https:\/\/www.facebook.com\/sharer\/sharer.php?u=https%3A%2F%2Fwww.kritische-masse.de%2Flogbuch%2F2022%2F06%2Fmindestlohn-fuer-konzert-und-theaterbesuche-jetzt%2F\" title=\"Bei Facebook teilen\" aria-label=\"Bei Facebook teilen\" role=\"button\" rel=\"nofollow\" class=\"shariff-link\" style=\"; background-color:#3b5998; color:#3b5998\" target=\"_blank\"><span class=\"shariff-icon\" style=\"fill:#3b5998\"><svg width=\"32px\" height=\"20px\" xmlns=\"http:\/\/www.w3.org\/2000\/svg\" viewBox=\"0 0 18 32\"><path fill=\"#3b5998\" d=\"M17.1 0.2v4.7h-2.8q-1.5 0-2.1 0.6t-0.5 1.9v3.4h5.2l-0.7 5.3h-4.5v13.6h-5.5v-13.6h-4.5v-5.3h4.5v-3.9q0-3.3 1.9-5.2t5-1.8q2.6 0 4.1 0.2z\"\/><\/svg><\/span><span class=\"shariff-text\" style=\"color:#3b5998\">teilen<\/span>&nbsp;<\/a><\/li><li class=\"shariff-button info shariff-nocustomcolor\" style=\"background-color:#a8a8a8\"><a href=\"http:\/\/ct.de\/-2467514\" title=\"Weitere Informationen\" aria-label=\"Weitere Informationen\" role=\"button\" rel=\"noopener \" class=\"shariff-link\" style=\"; background-color:#999; color:#999\" target=\"_blank\"><span class=\"shariff-icon\" style=\"fill:#999\"><svg width=\"32px\" height=\"20px\" xmlns=\"http:\/\/www.w3.org\/2000\/svg\" viewBox=\"0 0 11 32\"><path fill=\"#999\" d=\"M11.4 24v2.3q0 0.5-0.3 0.8t-0.8 0.4h-9.1q-0.5 0-0.8-0.4t-0.4-0.8v-2.3q0-0.5 0.4-0.8t0.8-0.4h1.1v-6.8h-1.1q-0.5 0-0.8-0.4t-0.4-0.8v-2.3q0-0.5 0.4-0.8t0.8-0.4h6.8q0.5 0 0.8 0.4t0.4 0.8v10.3h1.1q0.5 0 0.8 0.4t0.3 0.8zM9.2 3.4v3.4q0 0.5-0.4 0.8t-0.8 0.4h-4.6q-0.4 0-0.8-0.4t-0.4-0.8v-3.4q0-0.4 0.4-0.8t0.8-0.4h4.6q0.5 0 0.8 0.4t0.4 0.8z\"\/><\/svg><\/span><\/a><\/li><\/ul><\/div>","protected":false},"excerpt":{"rendered":"<p>\u00dcberall nun 9-Euro-Tickets, -Abos, -Flatrates. Man springt, wo es nicht gerade nicht geht auf den Zug der 9-Euro-Tickets-Unterst\u00fctzungs- oder Abfederungsma\u00dfnahmen in Sachen \u00f6ffentlicher Personen Nachverkehr auf. Es gibt jetzt Schnupper-Abos von Zeitungen f\u00fcr 9 Euro, meine Dissertation f\u00fcr 9 Euro. Da will \u201edie\u201c Musikkultur nicht zur\u00fcckstecken und wittert schon ein Gesch\u00e4ft. Das kostenlose Monatsmagazin f\u00fcr [&hellip;]<\/p>\n<div class=\"shariff shariff-align-left shariff-widget-align-left\"><ul class=\"shariff-buttons theme-white orientation-horizontal buttonsize-small\"><li class=\"shariff-button mastodon shariff-nocustomcolor\" style=\"background-color:#563ACC\"><a href=\"https:\/\/s2f.kytta.dev\/?text=Mindestlohn%20f%C3%BCr%20Konzert-%20und%20Theaterbesuche%2C%20jetzt%21 https%3A%2F%2Fwww.kritische-masse.de%2Flogbuch%2F2022%2F06%2Fmindestlohn-fuer-konzert-und-theaterbesuche-jetzt%2F\" title=\"Bei Mastodon teilen\" aria-label=\"Bei Mastodon teilen\" role=\"button\" rel=\"noopener nofollow\" class=\"shariff-link\" style=\"; background-color:#6364FF; color:#6364FF\" target=\"_blank\"><span class=\"shariff-icon\" style=\"fill:#6364FF\"><svg width=\"75\" height=\"79\" viewBox=\"0 0 75 79\" fill=\"none\" xmlns=\"http:\/\/www.w3.org\/2000\/svg\"><path d=\"M37.813-.025C32.462-.058 27.114.13 21.79.598c-8.544.621-17.214 5.58-20.203 13.931C-1.12 23.318.408 32.622.465 41.65c.375 7.316.943 14.78 3.392 21.73 4.365 9.465 14.781 14.537 24.782 15.385 7.64.698 15.761-.213 22.517-4.026a54.1 54.1 0 0 0 .01-6.232c-6.855 1.316-14.101 2.609-21.049 1.074-3.883-.88-6.876-4.237-7.25-8.215-1.53-3.988 3.78-.43 5.584-.883 9.048 1.224 18.282.776 27.303-.462 7.044-.837 14.26-4.788 16.65-11.833 2.263-6.135 1.215-12.79 1.698-19.177.06-3.84.09-7.692-.262-11.52C72.596 7.844 63.223.981 53.834.684a219.453 219.453 0 0 0-16.022-.71zm11.294 12.882c5.5-.067 10.801 4.143 11.67 9.653.338 1.48.471 3 .471 4.515v21.088h-8.357c-.07-7.588.153-15.182-.131-22.765-.587-4.368-7.04-5.747-9.672-2.397-2.422 3.04-1.47 7.155-1.67 10.735v6.392h-8.307c-.146-4.996.359-10.045-.404-15.002-1.108-4.218-7.809-5.565-10.094-1.666-1.685 3.046-.712 6.634-.976 9.936v14.767h-8.354c.109-8.165-.238-16.344.215-24.5.674-5.346 5.095-10.389 10.676-10.627 4.902-.739 10.103 2.038 12.053 6.631.375 1.435 1.76 1.932 1.994.084 1.844-3.704 5.501-6.739 9.785-6.771.367-.044.735-.068 1.101-.073z\"\/><defs><linearGradient id=\"paint0_linear_549_34\" x1=\"37.0692\" y1=\"0\" x2=\"37.0692\" y2=\"79\" gradientUnits=\"userSpaceOnUse\"><stop stop-color=\"#6364FF\"\/><stop offset=\"1\" stop-color=\"#563ACC\"\/><\/linearGradient><\/defs><\/svg><\/span><span class=\"shariff-text\" style=\"color:#6364FF\">teilen<\/span>&nbsp;<\/a><\/li><li class=\"shariff-button bluesky shariff-nocustomcolor\" style=\"background-color:#84c4ff\"><a href=\"https:\/\/bsky.app\/intent\/compose?text=Mindestlohn%20f%C3%BCr%20Konzert-%20und%20Theaterbesuche%2C%20jetzt%21 https%3A%2F%2Fwww.kritische-masse.de%2Flogbuch%2F2022%2F06%2Fmindestlohn-fuer-konzert-und-theaterbesuche-jetzt%2F \" title=\"Bei Bluesky teilen\" aria-label=\"Bei Bluesky teilen\" role=\"button\" rel=\"noopener nofollow\" class=\"shariff-link\" style=\"; background-color:#0085ff; color:#0085ff\" target=\"_blank\"><span class=\"shariff-icon\" style=\"fill:#0085ff\"><svg width=\"20\" height=\"20\" version=\"1.1\" xmlns=\"http:\/\/www.w3.org\/2000\/svg\" viewBox=\"0 0 20 20\"><path class=\"st0\" d=\"M4.89,3.12c2.07,1.55,4.3,4.71,5.11,6.4.82-1.69,3.04-4.84,5.11-6.4,1.49-1.12,3.91-1.99,3.91.77,0,.55-.32,4.63-.5,5.3-.64,2.3-2.99,2.89-5.08,2.54,3.65.62,4.58,2.68,2.57,4.74-3.81,3.91-5.48-.98-5.9-2.23-.08-.23-.11-.34-.12-.25,0-.09-.04.02-.12.25-.43,1.25-2.09,6.14-5.9,2.23-2.01-2.06-1.08-4.12,2.57-4.74-2.09.36-4.44-.23-5.08-2.54-.19-.66-.5-4.74-.5-5.3,0-2.76,2.42-1.89,3.91-.77h0Z\"\/><\/svg><\/span><span class=\"shariff-text\" style=\"color:#0085ff\">teilen<\/span>&nbsp;<\/a><\/li><li class=\"shariff-button threema shariff-nocustomcolor shariff-mobile\" style=\"background-color:#4fbc24\"><a href=\"threema:\/\/compose?text=Mindestlohn%20f%C3%BCr%20Konzert-%20und%20Theaterbesuche%2C%20jetzt%21%20https%3A%2F%2Fwww.kritische-masse.de%2Flogbuch%2F2022%2F06%2Fmindestlohn-fuer-konzert-und-theaterbesuche-jetzt%2F\" title=\"Bei Threema teilen\" aria-label=\"Bei Threema teilen\" role=\"button\" rel=\"noopener nofollow\" class=\"shariff-link\" style=\"; background-color:#1f1f1f; color:#1f1f1f\" target=\"_blank\"><span class=\"shariff-icon\" style=\"fill:#1f1f1f\"><svg width=\"32px\" height=\"20px\" xmlns=\"http:\/\/www.w3.org\/2000\/svg\" viewBox=\"0 0 32 32\"><path fill=\"#1f1f1f\" d=\"M30.8 10.9c-0.3-1.4-0.9-2.6-1.8-3.8-2-2.6-5.5-4.5-9.4-5.2-1.3-0.2-1.9-0.3-3.5-0.3s-2.2 0-3.5 0.3c-4 0.7-7.4 2.6-9.4 5.2-0.9 1.2-1.5 2.4-1.8 3.8-0.1 0.5-0.2 1.2-0.2 1.6 0 0.4 0.1 1.1 0.2 1.6 0.4 1.9 1.3 3.4 2.9 5 0.8 0.8 0.8 0.8 0.7 1.3 0 0.6-0.5 1.6-1.7 3.6-0.3 0.5-0.5 0.9-0.5 0.9 0 0.1 0.1 0.1 0.5 0 0.8-0.2 2.3-0.6 5.6-1.6 1.1-0.3 1.3-0.4 2.3-0.4 0.8 0 1.1 0 2.3 0.2 1.5 0.2 3.5 0.2 4.9 0 5.1-0.6 9.3-2.9 11.4-6.3 0.5-0.9 0.9-1.8 1.1-2.8 0.1-0.5 0.2-1.1 0.2-1.6 0-0.7-0.1-1.1-0.2-1.6-0.3-1.4 0.1 0.5 0 0zM20.6 17.3c0 0.4-0.4 0.8-0.8 0.8h-7.7c-0.4 0-0.8-0.4-0.8-0.8v-4.6c0-0.4 0.4-0.8 0.8-0.8h0.2l0-1.6c0-0.9 0-1.8 0.1-2 0.1-0.6 0.6-1.2 1.1-1.7s1.1-0.7 1.9-0.8c1.8-0.3 3.7 0.7 4.2 2.2 0.1 0.3 0.1 0.7 0.1 2.1v0 1.7h0.1c0.4 0 0.8 0.4 0.8 0.8v4.6zM15.6 7.3c-0.5 0.1-0.8 0.3-1.2 0.6s-0.6 0.8-0.7 1.3c0 0.2 0 0.8 0 1.5l0 1.2h4.6v-1.3c0-1 0-1.4-0.1-1.6-0.3-1.1-1.5-1.9-2.6-1.7zM25.8 28.2c0 1.2-1 2.2-2.1 2.2s-2.1-1-2.1-2.1c0-1.2 1-2.1 2.2-2.1s2.2 1 2.2 2.2zM18.1 28.2c0 1.2-1 2.2-2.1 2.2s-2.1-1-2.1-2.1c0-1.2 1-2.1 2.2-2.1s2.2 1 2.2 2.2zM10.4 28.2c0 1.2-1 2.2-2.1 2.2s-2.1-1-2.1-2.1c0-1.2 1-2.1 2.2-2.1s2.2 1 2.2 2.2z\"\/><\/svg><\/span><span class=\"shariff-text\" style=\"color:#1f1f1f\">teilen<\/span>&nbsp;<\/a><\/li><li class=\"shariff-button facebook shariff-nocustomcolor\" style=\"background-color:#4273c8\"><a href=\"https:\/\/www.facebook.com\/sharer\/sharer.php?u=https%3A%2F%2Fwww.kritische-masse.de%2Flogbuch%2F2022%2F06%2Fmindestlohn-fuer-konzert-und-theaterbesuche-jetzt%2F\" title=\"Bei Facebook teilen\" aria-label=\"Bei Facebook teilen\" role=\"button\" rel=\"nofollow\" class=\"shariff-link\" style=\"; background-color:#3b5998; color:#3b5998\" target=\"_blank\"><span class=\"shariff-icon\" style=\"fill:#3b5998\"><svg width=\"32px\" height=\"20px\" xmlns=\"http:\/\/www.w3.org\/2000\/svg\" viewBox=\"0 0 18 32\"><path fill=\"#3b5998\" d=\"M17.1 0.2v4.7h-2.8q-1.5 0-2.1 0.6t-0.5 1.9v3.4h5.2l-0.7 5.3h-4.5v13.6h-5.5v-13.6h-4.5v-5.3h4.5v-3.9q0-3.3 1.9-5.2t5-1.8q2.6 0 4.1 0.2z\"\/><\/svg><\/span><span class=\"shariff-text\" style=\"color:#3b5998\">teilen<\/span>&nbsp;<\/a><\/li><li class=\"shariff-button info shariff-nocustomcolor\" style=\"background-color:#a8a8a8\"><a href=\"http:\/\/ct.de\/-2467514\" title=\"Weitere Informationen\" aria-label=\"Weitere Informationen\" role=\"button\" rel=\"noopener \" class=\"shariff-link\" style=\"; background-color:#999; color:#999\" target=\"_blank\"><span class=\"shariff-icon\" style=\"fill:#999\"><svg width=\"32px\" height=\"20px\" xmlns=\"http:\/\/www.w3.org\/2000\/svg\" viewBox=\"0 0 11 32\"><path fill=\"#999\" d=\"M11.4 24v2.3q0 0.5-0.3 0.8t-0.8 0.4h-9.1q-0.5 0-0.8-0.4t-0.4-0.8v-2.3q0-0.5 0.4-0.8t0.8-0.4h1.1v-6.8h-1.1q-0.5 0-0.8-0.4t-0.4-0.8v-2.3q0-0.5 0.4-0.8t0.8-0.4h6.8q0.5 0 0.8 0.4t0.4 0.8v10.3h1.1q0.5 0 0.8 0.4t0.3 0.8zM9.2 3.4v3.4q0 0.5-0.4 0.8t-0.8 0.4h-4.6q-0.4 0-0.8-0.4t-0.4-0.8v-3.4q0-0.4 0.4-0.8t0.8-0.4h4.6q0.5 0 0.8 0.4t0.4 0.8z\"\/><\/svg><\/span><\/a><\/li><\/ul><\/div>","protected":false},"author":1,"featured_media":1167,"comment_status":"open","ping_status":"open","sticky":false,"template":"","format":"standard","meta":{"ocean_post_layout":"","ocean_both_sidebars_style":"","ocean_both_sidebars_content_width":0,"ocean_both_sidebars_sidebars_width":0,"ocean_sidebar":"","ocean_second_sidebar":"","ocean_disable_margins":"enable","ocean_add_body_class":"","ocean_shortcode_before_top_bar":"","ocean_shortcode_after_top_bar":"","ocean_shortcode_before_header":"","ocean_shortcode_after_header":"","ocean_has_shortcode":"","ocean_shortcode_after_title":"","ocean_shortcode_before_footer_widgets":"","ocean_shortcode_after_footer_widgets":"","ocean_shortcode_before_footer_bottom":"","ocean_shortcode_after_footer_bottom":"","ocean_display_top_bar":"default","ocean_display_header":"default","ocean_header_style":"","ocean_center_header_left_menu":"","ocean_custom_header_template":"","ocean_custom_logo":0,"ocean_custom_retina_logo":0,"ocean_custom_logo_max_width":0,"ocean_custom_logo_tablet_max_width":0,"ocean_custom_logo_mobile_max_width":0,"ocean_custom_logo_max_height":0,"ocean_custom_logo_tablet_max_height":0,"ocean_custom_logo_mobile_max_height":0,"ocean_header_custom_menu":"","ocean_menu_typo_font_family":"","ocean_menu_typo_font_subset":"","ocean_menu_typo_font_size":0,"ocean_menu_typo_font_size_tablet":0,"ocean_menu_typo_font_size_mobile":0,"ocean_menu_typo_font_size_unit":"px","ocean_menu_typo_font_weight":"","ocean_menu_typo_font_weight_tablet":"","ocean_menu_typo_font_weight_mobile":"","ocean_menu_typo_transform":"","ocean_menu_typo_transform_tablet":"","ocean_menu_typo_transform_mobile":"","ocean_menu_typo_line_height":0,"ocean_menu_typo_line_height_tablet":0,"ocean_menu_typo_line_height_mobile":0,"ocean_menu_typo_line_height_unit":"","ocean_menu_typo_spacing":0,"ocean_menu_typo_spacing_tablet":0,"ocean_menu_typo_spacing_mobile":0,"ocean_menu_typo_spacing_unit":"","ocean_menu_link_color":"","ocean_menu_link_color_hover":"","ocean_menu_link_color_active":"","ocean_menu_link_background":"","ocean_menu_link_hover_background":"","ocean_menu_link_active_background":"","ocean_menu_social_links_bg":"","ocean_menu_social_hover_links_bg":"","ocean_menu_social_links_color":"","ocean_menu_social_hover_links_color":"","ocean_disable_title":"default","ocean_disable_heading":"default","ocean_post_title":"","ocean_post_subheading":"","ocean_post_title_style":"","ocean_post_title_background_color":"","ocean_post_title_background":0,"ocean_post_title_bg_image_position":"","ocean_post_title_bg_image_attachment":"","ocean_post_title_bg_image_repeat":"","ocean_post_title_bg_image_size":"","ocean_post_title_height":0,"ocean_post_title_bg_overlay":0.5,"ocean_post_title_bg_overlay_color":"","ocean_disable_breadcrumbs":"default","ocean_breadcrumbs_color":"","ocean_breadcrumbs_separator_color":"","ocean_breadcrumbs_links_color":"","ocean_breadcrumbs_links_hover_color":"","ocean_display_footer_widgets":"default","ocean_display_footer_bottom":"default","ocean_custom_footer_template":"","osh_disable_topbar_sticky":"default","osh_disable_header_sticky":"default","osh_sticky_header_style":"default","osh_sticky_header_effect":"","osh_custom_sticky_logo":0,"osh_custom_retina_sticky_logo":0,"osh_custom_sticky_logo_height":0,"osh_background_color":"","osh_links_color":"","osh_links_hover_color":"","osh_links_active_color":"","osh_links_bg_color":"","osh_links_hover_bg_color":"","osh_links_active_bg_color":"","osh_menu_social_links_color":"","osh_menu_social_hover_links_color":"","_FSMCFIC_featured_image_caption":"","_FSMCFIC_featured_image_nocaption":"","_FSMCFIC_featured_image_hide":"","_metis_text_type":"standard","_metis_text_length":9503,"_post_count":0,"_jetpack_memberships_contains_paid_content":false,"activitypub_content_warning":"","activitypub_content_visibility":"","activitypub_max_image_attachments":4,"activitypub_interaction_policy_quote":"anyone","activitypub_status":"","ocean_post_oembed":"","ocean_post_self_hosted_media":"","ocean_post_video_embed":"","ocean_link_format":"","ocean_link_format_target":"self","ocean_quote_format":"","ocean_quote_format_link":"post","ocean_gallery_link_images":"on","ocean_gallery_id":[],"footnotes":"","jetpack_publicize_message":"Mindestlohn f\u00fcr Konzert- und Theaterbesuche, jetzt! Eine Glosse zum 9-Euro-Kulturticket von Deutschem Musikrat und dem kostenlosen Klassikmagazin mit Reichweite \u201econcerti\u201c","jetpack_publicize_feature_enabled":true,"jetpack_social_post_already_shared":true,"jetpack_social_options":{"image_generator_settings":{"template":"highway","default_image_id":0,"font":"","enabled":false},"version":2}},"categories":[4187,2695,2652,2648],"tags":[4128,3689,3039,3804,2458,4129],"class_list":["post-8860","post","type-post","status-publish","format-standard","has-post-thumbnail","hentry","category-die-kommunikation","category-die-kultur","category-diemusik","category-dieurteilskraft","tag-9-euro","tag-christian-hoeppner","tag-deutscher-musikrat","tag-gerald-mertens","tag-kulturfinanzierung","tag-kulturticket","entry","has-media"],"yoast_head":"<!-- This site is optimized with the Yoast SEO plugin v27.5 - https:\/\/yoast.com\/product\/yoast-seo-wordpress\/ -->\n<title>Mindestlohn f\u00fcr Konzert- und Theaterbesuche, jetzt! - Kritische Masse<\/title>\n<meta name=\"robots\" content=\"index, follow, max-snippet:-1, max-image-preview:large, max-video-preview:-1\" \/>\n<link rel=\"canonical\" href=\"https:\/\/www.kritische-masse.de\/logbuch\/2022\/06\/mindestlohn-fuer-konzert-und-theaterbesuche-jetzt\/\" \/>\n<meta property=\"og:locale\" content=\"de_DE\" \/>\n<meta property=\"og:type\" content=\"article\" \/>\n<meta property=\"og:title\" content=\"Mindestlohn f\u00fcr Konzert- und Theaterbesuche, jetzt! - Kritische Masse\" \/>\n<meta property=\"og:description\" content=\"\u00dcberall nun 9-Euro-Tickets, -Abos, -Flatrates. Man springt, wo es nicht gerade nicht geht auf den Zug der 9-Euro-Tickets-Unterst\u00fctzungs- oder Abfederungsma\u00dfnahmen in Sachen \u00f6ffentlicher Personen Nachverkehr auf. Es gibt jetzt Schnupper-Abos von Zeitungen f\u00fcr 9 Euro, meine Dissertation f\u00fcr 9 Euro. Da will \u201edie\u201c Musikkultur nicht zur\u00fcckstecken und wittert schon ein Gesch\u00e4ft. Das kostenlose Monatsmagazin f\u00fcr [&hellip;]\" \/>\n<meta property=\"og:url\" content=\"https:\/\/www.kritische-masse.de\/logbuch\/2022\/06\/mindestlohn-fuer-konzert-und-theaterbesuche-jetzt\/\" \/>\n<meta property=\"og:site_name\" content=\"Kritische Masse\" \/>\n<meta property=\"article:publisher\" content=\"https:\/\/www.facebook.com\/hufner\" \/>\n<meta property=\"article:author\" content=\"https:\/\/www.facebook.com\/hufner\" \/>\n<meta property=\"article:published_time\" content=\"2022-06-03T09:46:37+00:00\" \/>\n<meta name=\"author\" content=\"der huflaikhan\" \/>\n<meta name=\"twitter:label1\" content=\"Verfasst von\" \/>\n\t<meta name=\"twitter:data1\" content=\"der huflaikhan\" \/>\n\t<meta name=\"twitter:label2\" content=\"Gesch\u00e4tzte Lesezeit\" \/>\n\t<meta name=\"twitter:data2\" content=\"8\u00a0Minuten\" \/>\n<script type=\"application\/ld+json\" class=\"yoast-schema-graph\">{\"@context\":\"https:\\\/\\\/schema.org\",\"@graph\":[{\"@type\":\"Article\",\"@id\":\"https:\\\/\\\/www.kritische-masse.de\\\/logbuch\\\/2022\\\/06\\\/mindestlohn-fuer-konzert-und-theaterbesuche-jetzt\\\/#article\",\"isPartOf\":{\"@id\":\"https:\\\/\\\/www.kritische-masse.de\\\/logbuch\\\/2022\\\/06\\\/mindestlohn-fuer-konzert-und-theaterbesuche-jetzt\\\/\"},\"author\":{\"name\":\"der huflaikhan\",\"@id\":\"https:\\\/\\\/www.kritische-masse.de\\\/logbuch\\\/#\\\/schema\\\/person\\\/14c491f46504e7f6b79db161f76def1c\"},\"headline\":\"Mindestlohn f\u00fcr Konzert- und Theaterbesuche, jetzt!\",\"datePublished\":\"2022-06-03T09:46:37+00:00\",\"mainEntityOfPage\":{\"@id\":\"https:\\\/\\\/www.kritische-masse.de\\\/logbuch\\\/2022\\\/06\\\/mindestlohn-fuer-konzert-und-theaterbesuche-jetzt\\\/\"},\"wordCount\":1428,\"commentCount\":0,\"publisher\":{\"@id\":\"https:\\\/\\\/www.kritische-masse.de\\\/logbuch\\\/#\\\/schema\\\/person\\\/14c491f46504e7f6b79db161f76def1c\"},\"image\":{\"@id\":\"https:\\\/\\\/www.kritische-masse.de\\\/logbuch\\\/2022\\\/06\\\/mindestlohn-fuer-konzert-und-theaterbesuche-jetzt\\\/#primaryimage\"},\"thumbnailUrl\":\"\",\"keywords\":[\"9-Euro\",\"Christian H\u00f6ppner\",\"Deutscher Musikrat\",\"Gerald Mertens\",\"Kulturfinanzierung\",\"Kulturticket\"],\"articleSection\":[\"die Kommunikation\",\"die Kultur\",\"die Musik\",\"die Urteilskraft\"],\"inLanguage\":\"de\",\"potentialAction\":[{\"@type\":\"CommentAction\",\"name\":\"Comment\",\"target\":[\"https:\\\/\\\/www.kritische-masse.de\\\/logbuch\\\/2022\\\/06\\\/mindestlohn-fuer-konzert-und-theaterbesuche-jetzt\\\/#respond\"]}]},{\"@type\":\"WebPage\",\"@id\":\"https:\\\/\\\/www.kritische-masse.de\\\/logbuch\\\/2022\\\/06\\\/mindestlohn-fuer-konzert-und-theaterbesuche-jetzt\\\/\",\"url\":\"https:\\\/\\\/www.kritische-masse.de\\\/logbuch\\\/2022\\\/06\\\/mindestlohn-fuer-konzert-und-theaterbesuche-jetzt\\\/\",\"name\":\"Mindestlohn f\u00fcr Konzert- und Theaterbesuche, jetzt! - Kritische Masse\",\"isPartOf\":{\"@id\":\"https:\\\/\\\/www.kritische-masse.de\\\/logbuch\\\/#website\"},\"primaryImageOfPage\":{\"@id\":\"https:\\\/\\\/www.kritische-masse.de\\\/logbuch\\\/2022\\\/06\\\/mindestlohn-fuer-konzert-und-theaterbesuche-jetzt\\\/#primaryimage\"},\"image\":{\"@id\":\"https:\\\/\\\/www.kritische-masse.de\\\/logbuch\\\/2022\\\/06\\\/mindestlohn-fuer-konzert-und-theaterbesuche-jetzt\\\/#primaryimage\"},\"thumbnailUrl\":\"\",\"datePublished\":\"2022-06-03T09:46:37+00:00\",\"breadcrumb\":{\"@id\":\"https:\\\/\\\/www.kritische-masse.de\\\/logbuch\\\/2022\\\/06\\\/mindestlohn-fuer-konzert-und-theaterbesuche-jetzt\\\/#breadcrumb\"},\"inLanguage\":\"de\",\"potentialAction\":[{\"@type\":\"ReadAction\",\"target\":[\"https:\\\/\\\/www.kritische-masse.de\\\/logbuch\\\/2022\\\/06\\\/mindestlohn-fuer-konzert-und-theaterbesuche-jetzt\\\/\"]}]},{\"@type\":\"ImageObject\",\"inLanguage\":\"de\",\"@id\":\"https:\\\/\\\/www.kritische-masse.de\\\/logbuch\\\/2022\\\/06\\\/mindestlohn-fuer-konzert-und-theaterbesuche-jetzt\\\/#primaryimage\",\"url\":\"\",\"contentUrl\":\"\"},{\"@type\":\"BreadcrumbList\",\"@id\":\"https:\\\/\\\/www.kritische-masse.de\\\/logbuch\\\/2022\\\/06\\\/mindestlohn-fuer-konzert-und-theaterbesuche-jetzt\\\/#breadcrumb\",\"itemListElement\":[{\"@type\":\"ListItem\",\"position\":1,\"name\":\"Startseite\",\"item\":\"https:\\\/\\\/www.kritische-masse.de\\\/logbuch\\\/\"},{\"@type\":\"ListItem\",\"position\":2,\"name\":\"Mindestlohn f\u00fcr Konzert- und Theaterbesuche, jetzt!\"}]},{\"@type\":\"WebSite\",\"@id\":\"https:\\\/\\\/www.kritische-masse.de\\\/logbuch\\\/#website\",\"url\":\"https:\\\/\\\/www.kritische-masse.de\\\/logbuch\\\/\",\"name\":\"kritische masse\",\"description\":\"amt f\u00fcr vermassungsschutz\",\"publisher\":{\"@id\":\"https:\\\/\\\/www.kritische-masse.de\\\/logbuch\\\/#\\\/schema\\\/person\\\/14c491f46504e7f6b79db161f76def1c\"},\"alternateName\":\"das logbuch der kritischen masse\",\"potentialAction\":[{\"@type\":\"SearchAction\",\"target\":{\"@type\":\"EntryPoint\",\"urlTemplate\":\"https:\\\/\\\/www.kritische-masse.de\\\/logbuch\\\/?s={search_term_string}\"},\"query-input\":{\"@type\":\"PropertyValueSpecification\",\"valueRequired\":true,\"valueName\":\"search_term_string\"}}],\"inLanguage\":\"de\"},{\"@type\":[\"Person\",\"Organization\"],\"@id\":\"https:\\\/\\\/www.kritische-masse.de\\\/logbuch\\\/#\\\/schema\\\/person\\\/14c491f46504e7f6b79db161f76def1c\",\"name\":\"der huflaikhan\",\"image\":{\"@type\":\"ImageObject\",\"inLanguage\":\"de\",\"@id\":\"https:\\\/\\\/www.kritische-masse.de\\\/logbuch\\\/wp-content\\\/uploads\\\/2024\\\/01\\\/cropped-kritischmasse_man_512.jpg\",\"url\":\"https:\\\/\\\/www.kritische-masse.de\\\/logbuch\\\/wp-content\\\/uploads\\\/2024\\\/01\\\/cropped-kritischmasse_man_512.jpg\",\"contentUrl\":\"https:\\\/\\\/www.kritische-masse.de\\\/logbuch\\\/wp-content\\\/uploads\\\/2024\\\/01\\\/cropped-kritischmasse_man_512.jpg\",\"width\":512,\"height\":512,\"caption\":\"der huflaikhan\"},\"logo\":{\"@id\":\"https:\\\/\\\/www.kritische-masse.de\\\/logbuch\\\/wp-content\\\/uploads\\\/2024\\\/01\\\/cropped-kritischmasse_man_512.jpg\"},\"description\":\"Betreiber der Kritischen Masse seit 1995. Seit 2023 Wiederaufnahme. Promotion mit einer Arbeit \u00fcber Adornos kompositorische und theoretische Auseinandersetzung mit der Zw\u00f6lftontechnik. Arbeit f\u00fcr den Bayerischen und den Mitteldeutschen Rundfunk als freier Autor und Regisseur \u2013 zumindest bis Ende 2015. Online-Redaktion f\u00fcr neue musikzeitung, Jazzzeitung und Oper &amp; Tanz. Ungl\u00fccklich, aber fast taub.\",\"sameAs\":[\"https:\\\/\\\/www.kritische-masse.de\\\/logbuch\\\/\",\"https:\\\/\\\/www.facebook.com\\\/hufner\"],\"url\":\"https:\\\/\\\/www.kritische-masse.de\\\/logbuch\\\/author\\\/martin_d1juqiu5\\\/\"}]}<\/script>\n<!-- \/ Yoast SEO plugin. -->","yoast_head_json":{"title":"Mindestlohn f\u00fcr Konzert- und Theaterbesuche, jetzt! - Kritische Masse","robots":{"index":"index","follow":"follow","max-snippet":"max-snippet:-1","max-image-preview":"max-image-preview:large","max-video-preview":"max-video-preview:-1"},"canonical":"https:\/\/www.kritische-masse.de\/logbuch\/2022\/06\/mindestlohn-fuer-konzert-und-theaterbesuche-jetzt\/","og_locale":"de_DE","og_type":"article","og_title":"Mindestlohn f\u00fcr Konzert- und Theaterbesuche, jetzt! - Kritische Masse","og_description":"\u00dcberall nun 9-Euro-Tickets, -Abos, -Flatrates. Man springt, wo es nicht gerade nicht geht auf den Zug der 9-Euro-Tickets-Unterst\u00fctzungs- oder Abfederungsma\u00dfnahmen in Sachen \u00f6ffentlicher Personen Nachverkehr auf. Es gibt jetzt Schnupper-Abos von Zeitungen f\u00fcr 9 Euro, meine Dissertation f\u00fcr 9 Euro. Da will \u201edie\u201c Musikkultur nicht zur\u00fcckstecken und wittert schon ein Gesch\u00e4ft. Das kostenlose Monatsmagazin f\u00fcr [&hellip;]","og_url":"https:\/\/www.kritische-masse.de\/logbuch\/2022\/06\/mindestlohn-fuer-konzert-und-theaterbesuche-jetzt\/","og_site_name":"Kritische Masse","article_publisher":"https:\/\/www.facebook.com\/hufner","article_author":"https:\/\/www.facebook.com\/hufner","article_published_time":"2022-06-03T09:46:37+00:00","author":"der huflaikhan","twitter_misc":{"Verfasst von":"der huflaikhan","Gesch\u00e4tzte Lesezeit":"8\u00a0Minuten"},"schema":{"@context":"https:\/\/schema.org","@graph":[{"@type":"Article","@id":"https:\/\/www.kritische-masse.de\/logbuch\/2022\/06\/mindestlohn-fuer-konzert-und-theaterbesuche-jetzt\/#article","isPartOf":{"@id":"https:\/\/www.kritische-masse.de\/logbuch\/2022\/06\/mindestlohn-fuer-konzert-und-theaterbesuche-jetzt\/"},"author":{"name":"der huflaikhan","@id":"https:\/\/www.kritische-masse.de\/logbuch\/#\/schema\/person\/14c491f46504e7f6b79db161f76def1c"},"headline":"Mindestlohn f\u00fcr Konzert- und Theaterbesuche, jetzt!","datePublished":"2022-06-03T09:46:37+00:00","mainEntityOfPage":{"@id":"https:\/\/www.kritische-masse.de\/logbuch\/2022\/06\/mindestlohn-fuer-konzert-und-theaterbesuche-jetzt\/"},"wordCount":1428,"commentCount":0,"publisher":{"@id":"https:\/\/www.kritische-masse.de\/logbuch\/#\/schema\/person\/14c491f46504e7f6b79db161f76def1c"},"image":{"@id":"https:\/\/www.kritische-masse.de\/logbuch\/2022\/06\/mindestlohn-fuer-konzert-und-theaterbesuche-jetzt\/#primaryimage"},"thumbnailUrl":"","keywords":["9-Euro","Christian H\u00f6ppner","Deutscher Musikrat","Gerald Mertens","Kulturfinanzierung","Kulturticket"],"articleSection":["die Kommunikation","die Kultur","die Musik","die Urteilskraft"],"inLanguage":"de","potentialAction":[{"@type":"CommentAction","name":"Comment","target":["https:\/\/www.kritische-masse.de\/logbuch\/2022\/06\/mindestlohn-fuer-konzert-und-theaterbesuche-jetzt\/#respond"]}]},{"@type":"WebPage","@id":"https:\/\/www.kritische-masse.de\/logbuch\/2022\/06\/mindestlohn-fuer-konzert-und-theaterbesuche-jetzt\/","url":"https:\/\/www.kritische-masse.de\/logbuch\/2022\/06\/mindestlohn-fuer-konzert-und-theaterbesuche-jetzt\/","name":"Mindestlohn f\u00fcr Konzert- und Theaterbesuche, jetzt! - Kritische Masse","isPartOf":{"@id":"https:\/\/www.kritische-masse.de\/logbuch\/#website"},"primaryImageOfPage":{"@id":"https:\/\/www.kritische-masse.de\/logbuch\/2022\/06\/mindestlohn-fuer-konzert-und-theaterbesuche-jetzt\/#primaryimage"},"image":{"@id":"https:\/\/www.kritische-masse.de\/logbuch\/2022\/06\/mindestlohn-fuer-konzert-und-theaterbesuche-jetzt\/#primaryimage"},"thumbnailUrl":"","datePublished":"2022-06-03T09:46:37+00:00","breadcrumb":{"@id":"https:\/\/www.kritische-masse.de\/logbuch\/2022\/06\/mindestlohn-fuer-konzert-und-theaterbesuche-jetzt\/#breadcrumb"},"inLanguage":"de","potentialAction":[{"@type":"ReadAction","target":["https:\/\/www.kritische-masse.de\/logbuch\/2022\/06\/mindestlohn-fuer-konzert-und-theaterbesuche-jetzt\/"]}]},{"@type":"ImageObject","inLanguage":"de","@id":"https:\/\/www.kritische-masse.de\/logbuch\/2022\/06\/mindestlohn-fuer-konzert-und-theaterbesuche-jetzt\/#primaryimage","url":"","contentUrl":""},{"@type":"BreadcrumbList","@id":"https:\/\/www.kritische-masse.de\/logbuch\/2022\/06\/mindestlohn-fuer-konzert-und-theaterbesuche-jetzt\/#breadcrumb","itemListElement":[{"@type":"ListItem","position":1,"name":"Startseite","item":"https:\/\/www.kritische-masse.de\/logbuch\/"},{"@type":"ListItem","position":2,"name":"Mindestlohn f\u00fcr Konzert- und Theaterbesuche, jetzt!"}]},{"@type":"WebSite","@id":"https:\/\/www.kritische-masse.de\/logbuch\/#website","url":"https:\/\/www.kritische-masse.de\/logbuch\/","name":"kritische masse","description":"amt f\u00fcr vermassungsschutz","publisher":{"@id":"https:\/\/www.kritische-masse.de\/logbuch\/#\/schema\/person\/14c491f46504e7f6b79db161f76def1c"},"alternateName":"das logbuch der kritischen masse","potentialAction":[{"@type":"SearchAction","target":{"@type":"EntryPoint","urlTemplate":"https:\/\/www.kritische-masse.de\/logbuch\/?s={search_term_string}"},"query-input":{"@type":"PropertyValueSpecification","valueRequired":true,"valueName":"search_term_string"}}],"inLanguage":"de"},{"@type":["Person","Organization"],"@id":"https:\/\/www.kritische-masse.de\/logbuch\/#\/schema\/person\/14c491f46504e7f6b79db161f76def1c","name":"der huflaikhan","image":{"@type":"ImageObject","inLanguage":"de","@id":"https:\/\/www.kritische-masse.de\/logbuch\/wp-content\/uploads\/2024\/01\/cropped-kritischmasse_man_512.jpg","url":"https:\/\/www.kritische-masse.de\/logbuch\/wp-content\/uploads\/2024\/01\/cropped-kritischmasse_man_512.jpg","contentUrl":"https:\/\/www.kritische-masse.de\/logbuch\/wp-content\/uploads\/2024\/01\/cropped-kritischmasse_man_512.jpg","width":512,"height":512,"caption":"der huflaikhan"},"logo":{"@id":"https:\/\/www.kritische-masse.de\/logbuch\/wp-content\/uploads\/2024\/01\/cropped-kritischmasse_man_512.jpg"},"description":"Betreiber der Kritischen Masse seit 1995. Seit 2023 Wiederaufnahme. Promotion mit einer Arbeit \u00fcber Adornos kompositorische und theoretische Auseinandersetzung mit der Zw\u00f6lftontechnik. Arbeit f\u00fcr den Bayerischen und den Mitteldeutschen Rundfunk als freier Autor und Regisseur \u2013 zumindest bis Ende 2015. Online-Redaktion f\u00fcr neue musikzeitung, Jazzzeitung und Oper &amp; Tanz. Ungl\u00fccklich, aber fast taub.","sameAs":["https:\/\/www.kritische-masse.de\/logbuch\/","https:\/\/www.facebook.com\/hufner"],"url":"https:\/\/www.kritische-masse.de\/logbuch\/author\/martin_d1juqiu5\/"}]}},"jetpack_publicize_connections":[],"jetpack_featured_media_url":"","categories_names":["die Kommunikation","die Kultur","die Musik","die Urteilskraft"],"post_class":[["post-8860","post","type-post","status-publish","format-standard","has-post-thumbnail","hentry","category-die-kommunikation","category-die-kultur","category-diemusik","category-dieurteilskraft","tag-9-euro","tag-christian-hoeppner","tag-deutscher-musikrat","tag-gerald-mertens","tag-kulturfinanzierung","tag-kulturticket","entry","has-media"]],"author_avatar":["<img alt='' src='https:\/\/secure.gravatar.com\/avatar\/c23aee426d58e69f14ef471114d4cac215eec702ee1bc331e2a62ea77e96ed60?s=96&#038;d=blank&#038;r=g' srcset='https:\/\/secure.gravatar.com\/avatar\/c23aee426d58e69f14ef471114d4cac215eec702ee1bc331e2a62ea77e96ed60?s=192&#038;d=blank&#038;r=g 2x' class='avatar avatar-96 photo' height='96' width='96' loading='lazy' decoding='async'\/>"],"featured_video":null,"jetpack-related-posts":[{"id":8881,"url":"https:\/\/www.kritische-masse.de\/logbuch\/2023\/06\/kulturfloppass-der-bundesregierung\/","url_meta":{"origin":8860,"position":0},"title":"Flop: Der Kulturpass f\u00fcr 18-J\u00e4hrige der Bundesregierung \u2013 eine erste Analyse","author":"der huflaikhan","date":"15. Juni 2023","format":false,"excerpt":"Es sollte das gro\u00dfe Ding sein, das Claudia Roth als Kulturstaatsministerin an den Start bringt. Aber es ist eine Initiative, die an fast jeder Stelle scheitert. Der Kulturpass f\u00fcr 18-J\u00e4hrige ist gestern gestartet. Eine erste Fehleranalyse. Das Bild, welches man auf der Website daf\u00fcr gew\u00e4hlt hat, dr\u00fcckt absolute und totale\u2026","rel":"","context":"In &quot;die Politik&quot;","block_context":{"text":"die Politik","link":"https:\/\/www.kritische-masse.de\/logbuch\/category\/angriffauf\/die-politik\/"},"img":{"alt_text":"Peter Wicke. Foto: Hufner","src":"https:\/\/i0.wp.com\/www.kritische-masse.de\/logbuch\/wp-content\/uploads\/2014\/01\/wem_gehoert_mein_werk_c_hufner-1230026.jpg?resize=350%2C200","width":350,"height":200,"srcset":"https:\/\/i0.wp.com\/www.kritische-masse.de\/logbuch\/wp-content\/uploads\/2014\/01\/wem_gehoert_mein_werk_c_hufner-1230026.jpg?resize=350%2C200 1x, https:\/\/i0.wp.com\/www.kritische-masse.de\/logbuch\/wp-content\/uploads\/2014\/01\/wem_gehoert_mein_werk_c_hufner-1230026.jpg?resize=525%2C300 1.5x, https:\/\/i0.wp.com\/www.kritische-masse.de\/logbuch\/wp-content\/uploads\/2014\/01\/wem_gehoert_mein_werk_c_hufner-1230026.jpg?resize=700%2C400 2x, https:\/\/i0.wp.com\/www.kritische-masse.de\/logbuch\/wp-content\/uploads\/2014\/01\/wem_gehoert_mein_werk_c_hufner-1230026.jpg?resize=1050%2C600 3x"},"classes":[]},{"id":8821,"url":"https:\/\/www.kritische-masse.de\/logbuch\/2020\/06\/was-ziehen-sie-vor-musik-oder-wurstwaren\/","url_meta":{"origin":8860,"position":1},"title":"Was ziehen Sie vor Musik oder Wurstwaren?","author":"der huflaikhan","date":"4. Juni 2020","format":false,"excerpt":"Oder etwa Flugzeuge? H\u00e4tte Erik Satie bereits gewusst, was wir heute alle wissen, dass der Unterschied zwischen Musik und Wurstwaren ein eher gradueller ist, h\u00e4tte man sich viel ersparen k\u00f6nnen in dieser Welt, die gerade durch den Taschenrechner gezogen wird. Denn alles hat jetzt seinen Preis. Das Forum der Musik-Festivals\u2026","rel":"","context":"In &quot;die Musik&quot;","block_context":{"text":"die Musik","link":"https:\/\/www.kritische-masse.de\/logbuch\/category\/angriffauf\/diemusik\/"},"img":{"alt_text":"","src":"","width":0,"height":0},"classes":[]},{"id":8869,"url":"https:\/\/www.kritische-masse.de\/logbuch\/2023\/05\/musikunrat-fordert-nachdenkpause-fuer-den-deutschen-musikrat\/","url_meta":{"origin":8860,"position":2},"title":"Musikunrat fordert Nachdenkpause f\u00fcr den Deutschen Musikrat","author":"der huflaikhan","date":"16. Mai 2023","format":false,"excerpt":"Wenn Thomas Deutschland Gottschalk das schon sagt: \u201eEs bringt auch nix, die Regenbogenfahne zu schwenken, aber die ARD muss nach diesen ganzen Pleiten einfach den Geldhahn zudrehen. Ohne Gold kein Glitter!\u201c Hei\u00dft: Wir Also die Berufenen m\u00fcssen uns also den Sieg beim European Song Contest erpressen. Wenn man schon Geld\u2026","rel":"","context":"In &quot;die Kunst&quot;","block_context":{"text":"die Kunst","link":"https:\/\/www.kritische-masse.de\/logbuch\/category\/angriffauf\/die-kunst\/"},"img":{"alt_text":"Computer. Foto: Hufner","src":"https:\/\/i0.wp.com\/www.kritische-masse.de\/logbuch\/wp-content\/uploads\/2012\/12\/deutsches-museum-maschine.jpg?fit=1200%2C900&ssl=1&resize=350%2C200","width":350,"height":200,"srcset":"https:\/\/i0.wp.com\/www.kritische-masse.de\/logbuch\/wp-content\/uploads\/2012\/12\/deutsches-museum-maschine.jpg?fit=1200%2C900&ssl=1&resize=350%2C200 1x, https:\/\/i0.wp.com\/www.kritische-masse.de\/logbuch\/wp-content\/uploads\/2012\/12\/deutsches-museum-maschine.jpg?fit=1200%2C900&ssl=1&resize=525%2C300 1.5x, https:\/\/i0.wp.com\/www.kritische-masse.de\/logbuch\/wp-content\/uploads\/2012\/12\/deutsches-museum-maschine.jpg?fit=1200%2C900&ssl=1&resize=700%2C400 2x, https:\/\/i0.wp.com\/www.kritische-masse.de\/logbuch\/wp-content\/uploads\/2012\/12\/deutsches-museum-maschine.jpg?fit=1200%2C900&ssl=1&resize=1050%2C600 3x"},"classes":[]},{"id":8443,"url":"https:\/\/www.kritische-masse.de\/logbuch\/2014\/07\/praktikum-und-praktigeh-praktikanten-sind-der-sargnagel-der-kultur\/","url_meta":{"origin":8860,"position":3},"title":"Praktikum und Praktigeh \u2013 Praktikanten sind der Sargnagel der Kultur","author":"der huflaikhan","date":"28. Juli 2014","format":false,"excerpt":"Hochrangige musikalische Institutionen haben hohe moralische Anspr\u00fcche. Sie vertreten gro\u00dfe Interessengruppen, sie m\u00fcssen die Dinge besser machen als alle andere. Vorbildliches Verhalten ist n\u00f6tig. Zum Beispiel beim Spitzenverband der Musik, dem Deutschen Musikrat. Auch bei der Honorierung von Praktikanten. Der hatte sich k\u00fcrzlich in einem Newsletter zum Thema Mindestlohn ge\u00e4u\u00dfert:\u2026","rel":"","context":"In &quot;die Politik&quot;","block_context":{"text":"die Politik","link":"https:\/\/www.kritische-masse.de\/logbuch\/category\/angriffauf\/die-politik\/"},"img":{"alt_text":"Stellenangebot des Deutschen Musikrates.","src":"https:\/\/i0.wp.com\/www.kritische-masse.de\/logbuch\/wp-content\/2014\/07\/Deutscher_Musikrat_Stellenangebote_2014-07-28-11-31-27-150x150.png?resize=350%2C200&ssl=1","width":350,"height":200},"classes":[]},{"id":8672,"url":"https:\/\/www.kritische-masse.de\/logbuch\/2016\/07\/tropfen-auf-den-kalten-stein-bundesfonds-fuer-zeitgenoessische-musik\/","url_meta":{"origin":8860,"position":4},"title":"Tropfen auf den kalten Stein: Bundesfonds f\u00fcr zeitgen\u00f6ssische Musik","author":"der huflaikhan","date":"1. Juli 2016","format":false,"excerpt":"\u201eEinem geschenkten Gaul, schaut man nicht ins Maul.\u201c Mit den Sprichworten hat es so etwas komisches \u2013 sie versprechen manchmal Gl\u00fcck, wo sie Ungl\u00fcck produzieren. Gestern gab die Staatsministerin f\u00fcr Kultur und Medien, Monika Gr\u00fctters, die Einrichtung eines neuen F\u00f6rderfonds f\u00fcr zeitgen\u00f6ssische Musik bekannt. J\u00e4hrlich st\u00fcnden demnach\u00a0 1,1 Mio Euro\u2026","rel":"","context":"In &quot;die Politik&quot;","block_context":{"text":"die Politik","link":"https:\/\/www.kritische-masse.de\/logbuch\/category\/angriffauf\/die-politik\/"},"img":{"alt_text":"","src":"","width":0,"height":0},"classes":[]},{"id":1803,"url":"https:\/\/www.kritische-masse.de\/logbuch\/2006\/07\/these-9\/","url_meta":{"origin":8860,"position":5},"title":"These 9","author":"huflaikhan","date":"11. Juli 2006","format":false,"excerpt":"Sprachkompetenz: Voraussetzung f\u00fcr Dialog Der Kompetenzerwerb zur Beherrschung der deutschen Sprache in allen Ausbildungsstufen ist auch und gerade in der Musik Voraussetzung f\u00fcr Verstehen und Verst\u00e4ndigung. [via nmz] Seit gestern sind sie raus. Die 12 \u201eThesen\u201c des Deutschen Musikrats zum Thema \u201eInterkultureller Dialog\u201c. Die \u201eThese 9\u201c ist quasi zentral. Denn\u2026","rel":"","context":"Mit 4 Kommentaren","block_context":{"text":"Mit 4 Kommentaren","link":"https:\/\/www.kritische-masse.de\/logbuch\/2006\/07\/these-9\/#comments"},"img":{"alt_text":"","src":"","width":0,"height":0},"classes":[]}],"jetpack_sharing_enabled":true,"_links":{"self":[{"href":"https:\/\/www.kritische-masse.de\/logbuch\/wp-json\/wp\/v2\/posts\/8860","targetHints":{"allow":["GET"]}}],"collection":[{"href":"https:\/\/www.kritische-masse.de\/logbuch\/wp-json\/wp\/v2\/posts"}],"about":[{"href":"https:\/\/www.kritische-masse.de\/logbuch\/wp-json\/wp\/v2\/types\/post"}],"author":[{"embeddable":true,"href":"https:\/\/www.kritische-masse.de\/logbuch\/wp-json\/wp\/v2\/users\/1"}],"replies":[{"embeddable":true,"href":"https:\/\/www.kritische-masse.de\/logbuch\/wp-json\/wp\/v2\/comments?post=8860"}],"version-history":[{"count":0,"href":"https:\/\/www.kritische-masse.de\/logbuch\/wp-json\/wp\/v2\/posts\/8860\/revisions"}],"wp:featuredmedia":[{"embeddable":true,"href":"https:\/\/www.kritische-masse.de\/logbuch\/wp-json\/wp\/v2\/posts\/1167"}],"wp:attachment":[{"href":"https:\/\/www.kritische-masse.de\/logbuch\/wp-json\/wp\/v2\/media?parent=8860"}],"wp:term":[{"taxonomy":"category","embeddable":true,"href":"https:\/\/www.kritische-masse.de\/logbuch\/wp-json\/wp\/v2\/categories?post=8860"},{"taxonomy":"post_tag","embeddable":true,"href":"https:\/\/www.kritische-masse.de\/logbuch\/wp-json\/wp\/v2\/tags?post=8860"}],"curies":[{"name":"wp","href":"https:\/\/api.w.org\/{rel}","templated":true}]}}