{"id":8952,"date":"2024-02-06T11:50:15","date_gmt":"2024-02-06T10:50:15","guid":{"rendered":"https:\/\/www.kritische-masse.de\/logbuch\/?p=8952"},"modified":"2024-02-06T13:21:18","modified_gmt":"2024-02-06T12:21:18","slug":"fuers-protokoll-die-gepflogenheiten-der-demokratie","status":"publish","type":"post","link":"https:\/\/www.kritische-masse.de\/logbuch\/2024\/02\/fuers-protokoll-die-gepflogenheiten-der-demokratie\/","title":{"rendered":"F\u00fcrs Protokoll: Die Gepflogenheiten der Demokratie"},"content":{"rendered":"<div class=\"shariff shariff-align-left shariff-widget-align-left\"><ul class=\"shariff-buttons theme-white orientation-horizontal buttonsize-small\"><li class=\"shariff-button mastodon shariff-nocustomcolor\" style=\"background-color:#563ACC\"><a href=\"https:\/\/s2f.kytta.dev\/?text=F%C3%BCrs%20Protokoll%3A%20Die%20Gepflogenheiten%20der%20Demokratie https%3A%2F%2Fwww.kritische-masse.de%2Flogbuch%2F2024%2F02%2Ffuers-protokoll-die-gepflogenheiten-der-demokratie%2F\" title=\"Bei Mastodon teilen\" aria-label=\"Bei Mastodon teilen\" role=\"button\" rel=\"noopener nofollow\" class=\"shariff-link\" style=\"; background-color:#6364FF; color:#6364FF\" target=\"_blank\"><span class=\"shariff-icon\" style=\"fill:#6364FF\"><svg width=\"75\" height=\"79\" viewBox=\"0 0 75 79\" fill=\"none\" xmlns=\"http:\/\/www.w3.org\/2000\/svg\"><path d=\"M37.813-.025C32.462-.058 27.114.13 21.79.598c-8.544.621-17.214 5.58-20.203 13.931C-1.12 23.318.408 32.622.465 41.65c.375 7.316.943 14.78 3.392 21.73 4.365 9.465 14.781 14.537 24.782 15.385 7.64.698 15.761-.213 22.517-4.026a54.1 54.1 0 0 0 .01-6.232c-6.855 1.316-14.101 2.609-21.049 1.074-3.883-.88-6.876-4.237-7.25-8.215-1.53-3.988 3.78-.43 5.584-.883 9.048 1.224 18.282.776 27.303-.462 7.044-.837 14.26-4.788 16.65-11.833 2.263-6.135 1.215-12.79 1.698-19.177.06-3.84.09-7.692-.262-11.52C72.596 7.844 63.223.981 53.834.684a219.453 219.453 0 0 0-16.022-.71zm11.294 12.882c5.5-.067 10.801 4.143 11.67 9.653.338 1.48.471 3 .471 4.515v21.088h-8.357c-.07-7.588.153-15.182-.131-22.765-.587-4.368-7.04-5.747-9.672-2.397-2.422 3.04-1.47 7.155-1.67 10.735v6.392h-8.307c-.146-4.996.359-10.045-.404-15.002-1.108-4.218-7.809-5.565-10.094-1.666-1.685 3.046-.712 6.634-.976 9.936v14.767h-8.354c.109-8.165-.238-16.344.215-24.5.674-5.346 5.095-10.389 10.676-10.627 4.902-.739 10.103 2.038 12.053 6.631.375 1.435 1.76 1.932 1.994.084 1.844-3.704 5.501-6.739 9.785-6.771.367-.044.735-.068 1.101-.073z\"\/><defs><linearGradient id=\"paint0_linear_549_34\" x1=\"37.0692\" y1=\"0\" x2=\"37.0692\" y2=\"79\" gradientUnits=\"userSpaceOnUse\"><stop stop-color=\"#6364FF\"\/><stop offset=\"1\" stop-color=\"#563ACC\"\/><\/linearGradient><\/defs><\/svg><\/span><span class=\"shariff-text\" style=\"color:#6364FF\">teilen<\/span>&nbsp;<\/a><\/li><li class=\"shariff-button bluesky shariff-nocustomcolor\" style=\"background-color:#84c4ff\"><a href=\"https:\/\/bsky.app\/intent\/compose?text=F%C3%BCrs%20Protokoll%3A%20Die%20Gepflogenheiten%20der%20Demokratie https%3A%2F%2Fwww.kritische-masse.de%2Flogbuch%2F2024%2F02%2Ffuers-protokoll-die-gepflogenheiten-der-demokratie%2F \" title=\"Bei Bluesky teilen\" aria-label=\"Bei Bluesky teilen\" role=\"button\" rel=\"noopener nofollow\" class=\"shariff-link\" style=\"; background-color:#0085ff; color:#0085ff\" target=\"_blank\"><span class=\"shariff-icon\" style=\"fill:#0085ff\"><svg width=\"20\" height=\"20\" version=\"1.1\" xmlns=\"http:\/\/www.w3.org\/2000\/svg\" viewBox=\"0 0 20 20\"><path class=\"st0\" d=\"M4.89,3.12c2.07,1.55,4.3,4.71,5.11,6.4.82-1.69,3.04-4.84,5.11-6.4,1.49-1.12,3.91-1.99,3.91.77,0,.55-.32,4.63-.5,5.3-.64,2.3-2.99,2.89-5.08,2.54,3.65.62,4.58,2.68,2.57,4.74-3.81,3.91-5.48-.98-5.9-2.23-.08-.23-.11-.34-.12-.25,0-.09-.04.02-.12.25-.43,1.25-2.09,6.14-5.9,2.23-2.01-2.06-1.08-4.12,2.57-4.74-2.09.36-4.44-.23-5.08-2.54-.19-.66-.5-4.74-.5-5.3,0-2.76,2.42-1.89,3.91-.77h0Z\"\/><\/svg><\/span><span class=\"shariff-text\" style=\"color:#0085ff\">teilen<\/span>&nbsp;<\/a><\/li><li class=\"shariff-button threema shariff-nocustomcolor shariff-mobile\" style=\"background-color:#4fbc24\"><a href=\"threema:\/\/compose?text=F%C3%BCrs%20Protokoll%3A%20Die%20Gepflogenheiten%20der%20Demokratie%20https%3A%2F%2Fwww.kritische-masse.de%2Flogbuch%2F2024%2F02%2Ffuers-protokoll-die-gepflogenheiten-der-demokratie%2F\" title=\"Bei Threema teilen\" aria-label=\"Bei Threema teilen\" role=\"button\" rel=\"noopener nofollow\" class=\"shariff-link\" style=\"; background-color:#1f1f1f; color:#1f1f1f\" target=\"_blank\"><span class=\"shariff-icon\" style=\"fill:#1f1f1f\"><svg width=\"32px\" height=\"20px\" xmlns=\"http:\/\/www.w3.org\/2000\/svg\" viewBox=\"0 0 32 32\"><path fill=\"#1f1f1f\" d=\"M30.8 10.9c-0.3-1.4-0.9-2.6-1.8-3.8-2-2.6-5.5-4.5-9.4-5.2-1.3-0.2-1.9-0.3-3.5-0.3s-2.2 0-3.5 0.3c-4 0.7-7.4 2.6-9.4 5.2-0.9 1.2-1.5 2.4-1.8 3.8-0.1 0.5-0.2 1.2-0.2 1.6 0 0.4 0.1 1.1 0.2 1.6 0.4 1.9 1.3 3.4 2.9 5 0.8 0.8 0.8 0.8 0.7 1.3 0 0.6-0.5 1.6-1.7 3.6-0.3 0.5-0.5 0.9-0.5 0.9 0 0.1 0.1 0.1 0.5 0 0.8-0.2 2.3-0.6 5.6-1.6 1.1-0.3 1.3-0.4 2.3-0.4 0.8 0 1.1 0 2.3 0.2 1.5 0.2 3.5 0.2 4.9 0 5.1-0.6 9.3-2.9 11.4-6.3 0.5-0.9 0.9-1.8 1.1-2.8 0.1-0.5 0.2-1.1 0.2-1.6 0-0.7-0.1-1.1-0.2-1.6-0.3-1.4 0.1 0.5 0 0zM20.6 17.3c0 0.4-0.4 0.8-0.8 0.8h-7.7c-0.4 0-0.8-0.4-0.8-0.8v-4.6c0-0.4 0.4-0.8 0.8-0.8h0.2l0-1.6c0-0.9 0-1.8 0.1-2 0.1-0.6 0.6-1.2 1.1-1.7s1.1-0.7 1.9-0.8c1.8-0.3 3.7 0.7 4.2 2.2 0.1 0.3 0.1 0.7 0.1 2.1v0 1.7h0.1c0.4 0 0.8 0.4 0.8 0.8v4.6zM15.6 7.3c-0.5 0.1-0.8 0.3-1.2 0.6s-0.6 0.8-0.7 1.3c0 0.2 0 0.8 0 1.5l0 1.2h4.6v-1.3c0-1 0-1.4-0.1-1.6-0.3-1.1-1.5-1.9-2.6-1.7zM25.8 28.2c0 1.2-1 2.2-2.1 2.2s-2.1-1-2.1-2.1c0-1.2 1-2.1 2.2-2.1s2.2 1 2.2 2.2zM18.1 28.2c0 1.2-1 2.2-2.1 2.2s-2.1-1-2.1-2.1c0-1.2 1-2.1 2.2-2.1s2.2 1 2.2 2.2zM10.4 28.2c0 1.2-1 2.2-2.1 2.2s-2.1-1-2.1-2.1c0-1.2 1-2.1 2.2-2.1s2.2 1 2.2 2.2z\"\/><\/svg><\/span><span class=\"shariff-text\" style=\"color:#1f1f1f\">teilen<\/span>&nbsp;<\/a><\/li><li class=\"shariff-button facebook shariff-nocustomcolor\" style=\"background-color:#4273c8\"><a href=\"https:\/\/www.facebook.com\/sharer\/sharer.php?u=https%3A%2F%2Fwww.kritische-masse.de%2Flogbuch%2F2024%2F02%2Ffuers-protokoll-die-gepflogenheiten-der-demokratie%2F\" title=\"Bei Facebook teilen\" aria-label=\"Bei Facebook teilen\" role=\"button\" rel=\"nofollow\" class=\"shariff-link\" style=\"; background-color:#3b5998; color:#3b5998\" target=\"_blank\"><span class=\"shariff-icon\" style=\"fill:#3b5998\"><svg width=\"32px\" height=\"20px\" xmlns=\"http:\/\/www.w3.org\/2000\/svg\" viewBox=\"0 0 18 32\"><path fill=\"#3b5998\" d=\"M17.1 0.2v4.7h-2.8q-1.5 0-2.1 0.6t-0.5 1.9v3.4h5.2l-0.7 5.3h-4.5v13.6h-5.5v-13.6h-4.5v-5.3h4.5v-3.9q0-3.3 1.9-5.2t5-1.8q2.6 0 4.1 0.2z\"\/><\/svg><\/span><span class=\"shariff-text\" style=\"color:#3b5998\">teilen<\/span>&nbsp;<\/a><\/li><li class=\"shariff-button info shariff-nocustomcolor\" style=\"background-color:#a8a8a8\"><a href=\"http:\/\/ct.de\/-2467514\" title=\"Weitere Informationen\" aria-label=\"Weitere Informationen\" role=\"button\" rel=\"noopener \" class=\"shariff-link\" style=\"; background-color:#999; color:#999\" target=\"_blank\"><span class=\"shariff-icon\" style=\"fill:#999\"><svg width=\"32px\" height=\"20px\" xmlns=\"http:\/\/www.w3.org\/2000\/svg\" viewBox=\"0 0 11 32\"><path fill=\"#999\" d=\"M11.4 24v2.3q0 0.5-0.3 0.8t-0.8 0.4h-9.1q-0.5 0-0.8-0.4t-0.4-0.8v-2.3q0-0.5 0.4-0.8t0.8-0.4h1.1v-6.8h-1.1q-0.5 0-0.8-0.4t-0.4-0.8v-2.3q0-0.5 0.4-0.8t0.8-0.4h6.8q0.5 0 0.8 0.4t0.4 0.8v10.3h1.1q0.5 0 0.8 0.4t0.3 0.8zM9.2 3.4v3.4q0 0.5-0.4 0.8t-0.8 0.4h-4.6q-0.4 0-0.8-0.4t-0.4-0.8v-3.4q0-0.4 0.4-0.8t0.8-0.4h4.6q0.5 0 0.8 0.4t0.4 0.8z\"\/><\/svg><\/span><\/a><\/li><\/ul><\/div><p>Nur mal so f\u00fcrs Protokoll. Gepflogenheiten werden instrumentalisiert, um durchaus L\u00f6cher oder Risse in gerade erst wieder m\u00fchsam von Gesellschaft erbaute Brandmauern zu schlagen. Das ist nicht von Vorteil.<\/p>\n<p>Die Demokratie muss nicht nur von den Mitb\u00fcrger:innen verteidigt und instandgehalten werden, sondern auch von den politischen Instititionen dieser Gesellschaft \u2013 von Parlament, Justiz und Polizei und in gewisser Hinsicht auch von den freien Medien, die komischerweise gerne beklagen, dass die Bev\u00f6lkerung zu wenige unternehme, um die Demokratie zu sch\u00fctzen, aber selbst selten begreift, was sie selbst dazu beitragen, diese L\u00f6cher und Risse immer wieder neu anzulegen.<\/p>\n<p>Gepflogenheiten kann, nein, muss man grunds\u00e4tzlicher begreifen. Zur Gepflogenheit von Demokrat:innen in der Politik w\u00fcrde dann auch deren Verteidigung gegen deren Abschaffung z\u00e4hlen, das w\u00e4re angemessen. Das demokratische und freiheitliche Protokoll kennt gerade eben nicht das Hoffieren seiner Gegner:innen und Feind:innen.<\/p>\n<hr \/>\n<p><em>Und sonst so:<\/em><\/p>\n<hr \/>\n<p><strong>Open Access f\u00fcr folgendes Buch:<\/strong><\/p>\n<ul>\n<li class=\"bookinfo\"><a href=\"https:\/\/www.waxmann.com\/waxmann-autoren\/waxmann-autor\/?no_cache=1&amp;tx_p2waxmann_pi2%5Bperson%5D=PER114248&amp;tx_p2waxmann_pi2%5Baction%5D=show&amp;tx_p2waxmann_pi2%5Bcontroller%5D=Person&amp;cHash=4dbe26455a21475badd3478d4c3abc42\">Heike\u00a0Henning<\/a> (Hrsg.): Chorpraxis. Studien zum Chorsingen und Chorleiten 2021,\u00a0 <a href=\"https:\/\/www.waxmann.com\/waxmann-reihen\/?no_cache=1&amp;tx_p2waxmann_pi2%5Breihe%5D=REI100326&amp;tx_p2waxmann_pi2%5Baction%5D=show&amp;tx_p2waxmann_pi2%5Bcontroller%5D=Reihe&amp;cHash=12cb359cf4ff8695fa621c3aee118846\">Innsbrucker Perspektiven zur Musikp\u00e4dagogik<\/a>,\u00a0 Band 5,\u00a0 262\u00a0 Seiten,\u00a0 broschiert,\u00a0 34,90 \u20ac,\u00a0 ISBN 978-3-8309-4367-9.Mit Beitr\u00e4gen von <a class=\"link-style-2\" href=\"https:\/\/www.waxmann.com\/waxmann-autoren\/waxmann-autor\/?no_cache=1&amp;tx_p2waxmann_pi2%5Bperson%5D=PER118984&amp;tx_p2waxmann_pi2%5Baction%5D=show&amp;tx_p2waxmann_pi2%5Bcontroller%5D=Person&amp;cHash=3d666241c33a6f550440ca9810ca0050\">Sara Dallinger<\/a>,\u00a0 <a class=\"link-style-2\" href=\"https:\/\/www.waxmann.com\/waxmann-autoren\/waxmann-autor\/?no_cache=1&amp;tx_p2waxmann_pi2%5Bperson%5D=PER118985&amp;tx_p2waxmann_pi2%5Baction%5D=show&amp;tx_p2waxmann_pi2%5Bcontroller%5D=Person&amp;cHash=5a7e333d58f31e6e2c18cf5781f98668\">Sonja\u00a0Gerstgrasser<\/a>,\u00a0 <a class=\"link-style-2\" href=\"https:\/\/www.waxmann.com\/waxmann-autoren\/waxmann-autor\/?no_cache=1&amp;tx_p2waxmann_pi2%5Bperson%5D=PER114248&amp;tx_p2waxmann_pi2%5Baction%5D=show&amp;tx_p2waxmann_pi2%5Bcontroller%5D=Person&amp;cHash=4dbe26455a21475badd3478d4c3abc42\">Heike\u00a0Henning<\/a>,\u00a0 <a class=\"link-style-2\" href=\"https:\/\/www.waxmann.com\/waxmann-autoren\/waxmann-autor\/?no_cache=1&amp;tx_p2waxmann_pi2%5Bperson%5D=PER118986&amp;tx_p2waxmann_pi2%5Baction%5D=show&amp;tx_p2waxmann_pi2%5Bcontroller%5D=Person&amp;cHash=7a4e6da5f7ad5a4504ed5e407d719812\">Marius\u00a0J\u00fcrgens<\/a>,\u00a0 <a class=\"link-style-2\" href=\"https:\/\/www.waxmann.com\/waxmann-autoren\/waxmann-autor\/?no_cache=1&amp;tx_p2waxmann_pi2%5Bperson%5D=PER118987&amp;tx_p2waxmann_pi2%5Baction%5D=show&amp;tx_p2waxmann_pi2%5Bcontroller%5D=Person&amp;cHash=9356f1558b754358bf17ea6ea9ed06d5\">Andrea\u00a0Kapeller<\/a>,\u00a0 <a class=\"link-style-2\" href=\"https:\/\/www.waxmann.com\/waxmann-autoren\/waxmann-autor\/?no_cache=1&amp;tx_p2waxmann_pi2%5Bperson%5D=PER116049&amp;tx_p2waxmann_pi2%5Baction%5D=show&amp;tx_p2waxmann_pi2%5Bcontroller%5D=Person&amp;cHash=343618a13bd093be96a8a2710e8d7864\">Kai\u00a0Koch<\/a>,\u00a0 <a class=\"link-style-2\" href=\"https:\/\/www.waxmann.com\/waxmann-autoren\/waxmann-autor\/?no_cache=1&amp;tx_p2waxmann_pi2%5Bperson%5D=PER118988&amp;tx_p2waxmann_pi2%5Baction%5D=show&amp;tx_p2waxmann_pi2%5Bcontroller%5D=Person&amp;cHash=d56af104291157f5b9c1fa9287e8be53\">Johanna\u00a0R\u00f6ck<\/a>,\u00a0 <a class=\"link-style-2\" href=\"https:\/\/www.waxmann.com\/waxmann-autoren\/waxmann-autor\/?no_cache=1&amp;tx_p2waxmann_pi2%5Bperson%5D=PER118989&amp;tx_p2waxmann_pi2%5Baction%5D=show&amp;tx_p2waxmann_pi2%5Bcontroller%5D=Person&amp;cHash=5ef1d3203376d5b56a1863cbe346c5ca\">Julia\u00a0Vigl<\/a>,\u00a0 <a class=\"link-style-2\" href=\"https:\/\/www.waxmann.com\/waxmann-autoren\/waxmann-autor\/?no_cache=1&amp;tx_p2waxmann_pi2%5Bperson%5D=PER118990&amp;tx_p2waxmann_pi2%5Baction%5D=show&amp;tx_p2waxmann_pi2%5Bcontroller%5D=Person&amp;cHash=4917b79a9bb6ce8158a4fb6063a6e244\">Anna Weithaler<\/a><br \/>\nDiese Publikation steht <a href=\"https:\/\/www.waxmann.com\/waxmann-buecher\/?tx_p2waxmann_pi2[buchnr]=4367&amp;tx_p2waxmann_pi2[action]=show\">open access zur Verf\u00fcgung<\/a><\/li>\n<li>Arno L\u00fccker hat f\u00fcr das Bad Blog Of Musick den <a href=\"https:\/\/blogs.nmz.de\/badblog\/2024\/02\/01\/jubeg-der-ernst-von-siemens-musikpreis-jury-begruendungs-generator\/\" rel=\"bookmark\">JUBEG! Der Ernst-von-Siemens-Musikpreis-Jury-Begr\u00fcndungs-Generator<\/a> entwickelt. Das Ergebnis in meinem Fall:<br \/>\nDen Ernst-von-Siemens-Musikpreis erh\u00e4lt Jake Heggie f\u00fcr seine klangsinnliche und dennoch radikale Kammermusik, das Beharren auf die Relevanz Neuer Musik im Alltag aller Menschen und f\u00fcr sein Opus Summum, das Buch \u00bbDer Klang und ich\u00ab.<br \/>\nNett. (Eigentlich will er so nur herausbekommen, wann denn wer Geburtstag hat.)<\/li>\n<\/ul>\n<p><strong>Vor zwei Jahren auf Facebook:<\/strong><\/p>\n<blockquote><p><span class=\"x193iq5w xeuugli x13faqbe x1vvkbs xlh3980 xvmahel x1n0sxbx x1lliihq x1s928wv xhkezso x1gmr53x x1cpjm7i x1fgarty x1943h6x xudqn12 x3x7a5m x6prxxf xvq8zen xo1l8bm xzsf02u x1yc453h\" dir=\"auto\">&#8220;Die Intellektuellen und K\u00fcnstler sind entweder umfassend subventionierte Kostg\u00e4nger des Staates und singen in bequemen Elfenbeint\u00fcrmen das linksidealistische Lied&#8221; schrieb mal Ulf Poschardt in der Welt. Was hei\u00dft es, wenn er von Cicero nun auf Platz 89 der einflussfreichsten Intellektuellen gesetzt wird? Ist das ein offensichtliches oder nur ein absichtliches Foul. In den stramm autorit\u00e4r-konservativen Bl\u00e4ttern geht&#8217;s ja zu \u2026 da g\u00f6nnt keiner dem anderen was.<\/span><\/p><\/blockquote>\n<p style=\"text-align: center;\">***<\/p>\n<blockquote><p><span class=\"x193iq5w xeuugli x13faqbe x1vvkbs xlh3980 xvmahel x1n0sxbx x1lliihq x1s928wv xhkezso x1gmr53x x1cpjm7i x1fgarty x1943h6x xudqn12 x3x7a5m x6prxxf xvq8zen xo1l8bm xzsf02u x1yc453h\" dir=\"auto\">Was hei\u00dft das eigentlich: Man m\u00fcsse lernen, mit den Querdullis zu leben? Sind die denn schon wieder endemisch geworden?<\/span><\/p><\/blockquote>\n<figure id=\"attachment_8964\" aria-describedby=\"caption-attachment-8964\" style=\"width: 840px\" class=\"wp-caption aligncenter\"><a href=\"https:\/\/i0.wp.com\/www.kritische-masse.de\/logbuch\/wp-content\/uploads\/2024\/02\/02_06_saegearbeit.jpg?ssl=1\"><img data-recalc-dims=\"1\" loading=\"lazy\" decoding=\"async\" data-attachment-id=\"8964\" data-permalink=\"https:\/\/www.kritische-masse.de\/logbuch\/2024\/02\/fuers-protokoll-die-gepflogenheiten-der-demokratie\/02_06_saegearbeit\/\" data-orig-file=\"https:\/\/i0.wp.com\/www.kritische-masse.de\/logbuch\/wp-content\/uploads\/2024\/02\/02_06_saegearbeit.jpg?fit=1440%2C1440&amp;ssl=1\" data-orig-size=\"1440,1440\" data-comments-opened=\"1\" data-image-meta=\"{&quot;aperture&quot;:&quot;0&quot;,&quot;credit&quot;:&quot;&quot;,&quot;camera&quot;:&quot;&quot;,&quot;caption&quot;:&quot;&quot;,&quot;created_timestamp&quot;:&quot;0&quot;,&quot;copyright&quot;:&quot;&quot;,&quot;focal_length&quot;:&quot;0&quot;,&quot;iso&quot;:&quot;0&quot;,&quot;shutter_speed&quot;:&quot;0&quot;,&quot;title&quot;:&quot;&quot;,&quot;orientation&quot;:&quot;0&quot;}\" data-image-title=\"In Wirklichkeit war der Turm von Babel auch nur eine simple S\u00e4gearbeit. Bzw. ein \u00e4rgerlicher Fehler bei der #Digitalisierung.\" data-image-description=\"&lt;p&gt;In Wirklichkeit war der Turm von Babel auch nur eine simple S\u00e4gearbeit. Bzw. ein \u00e4rgerlicher Fehler bei der #Digitalisierung.&lt;\/p&gt;\n\" data-image-caption=\"&lt;p&gt;In Wirklichkeit war der Turm von Babel auch nur eine simple S\u00e4gearbeit. Bzw. ein \u00e4rgerlicher Fehler bei der #Digitalisierung.&lt;\/p&gt;\n\" data-large-file=\"https:\/\/i0.wp.com\/www.kritische-masse.de\/logbuch\/wp-content\/uploads\/2024\/02\/02_06_saegearbeit.jpg?fit=1024%2C1024&amp;ssl=1\" class=\"size-large wp-image-8964\" title=\"In Wirklichkeit war der Turm von Babel auch nur eine simple S\u00e4gearbeit. Bzw. ein \u00e4rgerlicher Fehler bei der #Digitalisierung.\" src=\"https:\/\/i0.wp.com\/www.kritische-masse.de\/logbuch\/wp-content\/uploads\/2024\/02\/02_06_saegearbeit.jpg?resize=840%2C840&#038;ssl=1\" alt=\"In Wirklichkeit war der Turm von Babel auch nur eine simple S\u00e4gearbeit. Bzw. ein \u00e4rgerlicher Fehler bei der #Digitalisierung.\" width=\"840\" height=\"840\" srcset=\"https:\/\/i0.wp.com\/www.kritische-masse.de\/logbuch\/wp-content\/uploads\/2024\/02\/02_06_saegearbeit.jpg?resize=1024%2C1024&amp;ssl=1 1024w, https:\/\/i0.wp.com\/www.kritische-masse.de\/logbuch\/wp-content\/uploads\/2024\/02\/02_06_saegearbeit.jpg?resize=300%2C300&amp;ssl=1 300w, https:\/\/i0.wp.com\/www.kritische-masse.de\/logbuch\/wp-content\/uploads\/2024\/02\/02_06_saegearbeit.jpg?resize=150%2C150&amp;ssl=1 150w, https:\/\/i0.wp.com\/www.kritische-masse.de\/logbuch\/wp-content\/uploads\/2024\/02\/02_06_saegearbeit.jpg?resize=768%2C768&amp;ssl=1 768w, https:\/\/i0.wp.com\/www.kritische-masse.de\/logbuch\/wp-content\/uploads\/2024\/02\/02_06_saegearbeit.jpg?resize=1320%2C1320&amp;ssl=1 1320w, https:\/\/i0.wp.com\/www.kritische-masse.de\/logbuch\/wp-content\/uploads\/2024\/02\/02_06_saegearbeit.jpg?w=1440&amp;ssl=1 1440w\" sizes=\"auto, (max-width: 840px) 100vw, 840px\" \/><\/a><figcaption id=\"caption-attachment-8964\" class=\"wp-caption-text\">In Wirklichkeit war der Turm von Babel auch nur eine simple S\u00e4gearbeit. Bzw. ein \u00e4rgerlicher Fehler bei der <a rel=\"tag\" class=\"hashtag u-tag u-category\" href=\"https:\/\/www.kritische-masse.de\/logbuch\/tag\/digitalisierung\/\">#Digitalisierung<\/a>.<\/figcaption><\/figure>\n<figure id=\"attachment_8965\" aria-describedby=\"caption-attachment-8965\" style=\"width: 840px\" class=\"wp-caption aligncenter\"><a href=\"https:\/\/i0.wp.com\/www.kritische-masse.de\/logbuch\/wp-content\/uploads\/2024\/02\/02_06_vorzweijahren_autobahn.jpg?ssl=1\"><img data-recalc-dims=\"1\" loading=\"lazy\" decoding=\"async\" data-attachment-id=\"8965\" data-permalink=\"https:\/\/www.kritische-masse.de\/logbuch\/2024\/02\/fuers-protokoll-die-gepflogenheiten-der-demokratie\/02_06_vorzweijahren_autobahn\/\" data-orig-file=\"https:\/\/i0.wp.com\/www.kritische-masse.de\/logbuch\/wp-content\/uploads\/2024\/02\/02_06_vorzweijahren_autobahn.jpg?fit=1440%2C1079&amp;ssl=1\" data-orig-size=\"1440,1079\" data-comments-opened=\"1\" data-image-meta=\"{&quot;aperture&quot;:&quot;0&quot;,&quot;credit&quot;:&quot;&quot;,&quot;camera&quot;:&quot;&quot;,&quot;caption&quot;:&quot;&quot;,&quot;created_timestamp&quot;:&quot;0&quot;,&quot;copyright&quot;:&quot;&quot;,&quot;focal_length&quot;:&quot;0&quot;,&quot;iso&quot;:&quot;0&quot;,&quot;shutter_speed&quot;:&quot;0&quot;,&quot;title&quot;:&quot;&quot;,&quot;orientation&quot;:&quot;0&quot;}\" data-image-title=\"Eigentlich sieht es hier ja jeden Tag so aus. Wahrscheinlich Fehler bei der Digitalisierung.\" data-image-description=\"&lt;p&gt;Eigentlich sieht es hier ja jeden Tag so aus. Wahrscheinlich Fehler bei der Digitalisierung.&lt;\/p&gt;\n\" data-image-caption=\"&lt;p&gt;Eigentlich sieht es hier ja jeden Tag so aus. Wahrscheinlich Fehler bei der Digitalisierung.&lt;\/p&gt;\n\" data-large-file=\"https:\/\/i0.wp.com\/www.kritische-masse.de\/logbuch\/wp-content\/uploads\/2024\/02\/02_06_vorzweijahren_autobahn.jpg?fit=1024%2C767&amp;ssl=1\" class=\"size-large wp-image-8965\" title=\"Eigentlich sieht es hier ja jeden Tag so aus. Wahrscheinlich Fehler bei der Digitalisierung.\" src=\"https:\/\/i0.wp.com\/www.kritische-masse.de\/logbuch\/wp-content\/uploads\/2024\/02\/02_06_vorzweijahren_autobahn.jpg?resize=840%2C629&#038;ssl=1\" alt=\"Eigentlich sieht es hier ja jeden Tag so aus. Wahrscheinlich Fehler bei der Digitalisierung.\" width=\"840\" height=\"629\" srcset=\"https:\/\/i0.wp.com\/www.kritische-masse.de\/logbuch\/wp-content\/uploads\/2024\/02\/02_06_vorzweijahren_autobahn.jpg?resize=1024%2C767&amp;ssl=1 1024w, https:\/\/i0.wp.com\/www.kritische-masse.de\/logbuch\/wp-content\/uploads\/2024\/02\/02_06_vorzweijahren_autobahn.jpg?resize=300%2C225&amp;ssl=1 300w, https:\/\/i0.wp.com\/www.kritische-masse.de\/logbuch\/wp-content\/uploads\/2024\/02\/02_06_vorzweijahren_autobahn.jpg?resize=768%2C575&amp;ssl=1 768w, https:\/\/i0.wp.com\/www.kritische-masse.de\/logbuch\/wp-content\/uploads\/2024\/02\/02_06_vorzweijahren_autobahn.jpg?resize=840%2C630&amp;ssl=1 840w, https:\/\/i0.wp.com\/www.kritische-masse.de\/logbuch\/wp-content\/uploads\/2024\/02\/02_06_vorzweijahren_autobahn.jpg?resize=440%2C330&amp;ssl=1 440w, https:\/\/i0.wp.com\/www.kritische-masse.de\/logbuch\/wp-content\/uploads\/2024\/02\/02_06_vorzweijahren_autobahn.jpg?resize=1320%2C989&amp;ssl=1 1320w, https:\/\/i0.wp.com\/www.kritische-masse.de\/logbuch\/wp-content\/uploads\/2024\/02\/02_06_vorzweijahren_autobahn.jpg?w=1440&amp;ssl=1 1440w\" sizes=\"auto, (max-width: 840px) 100vw, 840px\" \/><\/a><figcaption id=\"caption-attachment-8965\" class=\"wp-caption-text\">Eigentlich sieht es hier ja jeden Tag so aus. Wahrscheinlich Fehler bei der Digitalisierung.<\/figcaption><\/figure>\n<p><strong>Vor sechs Jahren auf Facebook:<\/strong><\/p>\n<figure id=\"attachment_8966\" aria-describedby=\"caption-attachment-8966\" style=\"width: 840px\" class=\"wp-caption aligncenter\"><a href=\"https:\/\/i0.wp.com\/www.kritische-masse.de\/logbuch\/wp-content\/uploads\/2024\/02\/02_06_vorsechsjahren.jpg?ssl=1\"><img data-recalc-dims=\"1\" loading=\"lazy\" decoding=\"async\" data-attachment-id=\"8966\" data-permalink=\"https:\/\/www.kritische-masse.de\/logbuch\/2024\/02\/fuers-protokoll-die-gepflogenheiten-der-demokratie\/02_06_vorsechsjahren\/\" data-orig-file=\"https:\/\/i0.wp.com\/www.kritische-masse.de\/logbuch\/wp-content\/uploads\/2024\/02\/02_06_vorsechsjahren.jpg?fit=1080%2C1080&amp;ssl=1\" data-orig-size=\"1080,1080\" data-comments-opened=\"1\" data-image-meta=\"{&quot;aperture&quot;:&quot;0&quot;,&quot;credit&quot;:&quot;&quot;,&quot;camera&quot;:&quot;&quot;,&quot;caption&quot;:&quot;&quot;,&quot;created_timestamp&quot;:&quot;0&quot;,&quot;copyright&quot;:&quot;&quot;,&quot;focal_length&quot;:&quot;0&quot;,&quot;iso&quot;:&quot;0&quot;,&quot;shutter_speed&quot;:&quot;0&quot;,&quot;title&quot;:&quot;&quot;,&quot;orientation&quot;:&quot;0&quot;}\" data-image-title=\"Dienstreise auf neuer Strecke. Irgendwo zwischen Leipzig und Erfurt.\" data-image-description=\"&lt;p&gt;Dienstreise auf neuer Strecke. Irgendwo zwischen Leipzig und Erfurt.&lt;\/p&gt;\n\" data-image-caption=\"&lt;p&gt;Dienstreise auf neuer Strecke. Irgendwo zwischen Leipzig und Erfurt.&lt;\/p&gt;\n\" data-large-file=\"https:\/\/i0.wp.com\/www.kritische-masse.de\/logbuch\/wp-content\/uploads\/2024\/02\/02_06_vorsechsjahren.jpg?fit=1024%2C1024&amp;ssl=1\" class=\"size-large wp-image-8966\" title=\"Dienstreise auf neuer Strecke. Irgendwo zwischen Leipzig und Erfurt.\" src=\"https:\/\/i0.wp.com\/www.kritische-masse.de\/logbuch\/wp-content\/uploads\/2024\/02\/02_06_vorsechsjahren.jpg?resize=840%2C840&#038;ssl=1\" alt=\"Dienstreise auf neuer Strecke. Irgendwo zwischen Leipzig und Erfurt.\" width=\"840\" height=\"840\" srcset=\"https:\/\/i0.wp.com\/www.kritische-masse.de\/logbuch\/wp-content\/uploads\/2024\/02\/02_06_vorsechsjahren.jpg?resize=1024%2C1024&amp;ssl=1 1024w, https:\/\/i0.wp.com\/www.kritische-masse.de\/logbuch\/wp-content\/uploads\/2024\/02\/02_06_vorsechsjahren.jpg?resize=300%2C300&amp;ssl=1 300w, https:\/\/i0.wp.com\/www.kritische-masse.de\/logbuch\/wp-content\/uploads\/2024\/02\/02_06_vorsechsjahren.jpg?resize=150%2C150&amp;ssl=1 150w, https:\/\/i0.wp.com\/www.kritische-masse.de\/logbuch\/wp-content\/uploads\/2024\/02\/02_06_vorsechsjahren.jpg?resize=768%2C768&amp;ssl=1 768w, https:\/\/i0.wp.com\/www.kritische-masse.de\/logbuch\/wp-content\/uploads\/2024\/02\/02_06_vorsechsjahren.jpg?w=1080&amp;ssl=1 1080w\" sizes=\"auto, (max-width: 840px) 100vw, 840px\" \/><\/a><figcaption id=\"caption-attachment-8966\" class=\"wp-caption-text\">Dienstreise auf neuer Strecke. Irgendwo zwischen Leipzig und Erfurt.<\/figcaption><\/figure>\n<p><strong>Vor dreizehn Jahren auf Facebook:<\/strong><\/p>\n<figure id=\"attachment_8967\" aria-describedby=\"caption-attachment-8967\" style=\"width: 477px\" class=\"wp-caption aligncenter\"><a href=\"https:\/\/i0.wp.com\/www.kritische-masse.de\/logbuch\/wp-content\/uploads\/2024\/02\/02_06_vor13jahren.jpg?ssl=1\"><img data-recalc-dims=\"1\" loading=\"lazy\" decoding=\"async\" data-attachment-id=\"8967\" data-permalink=\"https:\/\/www.kritische-masse.de\/logbuch\/2024\/02\/fuers-protokoll-die-gepflogenheiten-der-demokratie\/02_06_vor13jahren\/\" data-orig-file=\"https:\/\/i0.wp.com\/www.kritische-masse.de\/logbuch\/wp-content\/uploads\/2024\/02\/02_06_vor13jahren.jpg?fit=477%2C720&amp;ssl=1\" data-orig-size=\"477,720\" data-comments-opened=\"1\" data-image-meta=\"{&quot;aperture&quot;:&quot;0&quot;,&quot;credit&quot;:&quot;&quot;,&quot;camera&quot;:&quot;&quot;,&quot;caption&quot;:&quot;&quot;,&quot;created_timestamp&quot;:&quot;0&quot;,&quot;copyright&quot;:&quot;&quot;,&quot;focal_length&quot;:&quot;0&quot;,&quot;iso&quot;:&quot;0&quot;,&quot;shutter_speed&quot;:&quot;0&quot;,&quot;title&quot;:&quot;&quot;,&quot;orientation&quot;:&quot;0&quot;}\" data-image-title=\"Elias Oechsner. Jongliermeister! Jongliert sich hier eine rote Nase.\" data-image-description=\"&lt;p&gt;Elias Oechsner. Jongliermeister! Jongliert sich hier eine rote Nase.&lt;\/p&gt;\n\" data-image-caption=\"&lt;p&gt;Elias Oechsner. Jongliermeister! Jongliert sich hier eine rote Nase.&lt;\/p&gt;\n\" data-large-file=\"https:\/\/i0.wp.com\/www.kritische-masse.de\/logbuch\/wp-content\/uploads\/2024\/02\/02_06_vor13jahren.jpg?fit=477%2C720&amp;ssl=1\" class=\"size-full wp-image-8967\" title=\"Elias Oechsner. Jongliermeister! Jongliert sich hier eine rote Nase.\" src=\"https:\/\/i0.wp.com\/www.kritische-masse.de\/logbuch\/wp-content\/uploads\/2024\/02\/02_06_vor13jahren.jpg?resize=477%2C720&#038;ssl=1\" alt=\"Elias Oechsner. Jongliermeister! Jongliert sich hier eine rote Nase.\" width=\"477\" height=\"720\" srcset=\"https:\/\/i0.wp.com\/www.kritische-masse.de\/logbuch\/wp-content\/uploads\/2024\/02\/02_06_vor13jahren.jpg?w=477&amp;ssl=1 477w, https:\/\/i0.wp.com\/www.kritische-masse.de\/logbuch\/wp-content\/uploads\/2024\/02\/02_06_vor13jahren.jpg?resize=199%2C300&amp;ssl=1 199w\" sizes=\"auto, (max-width: 477px) 100vw, 477px\" \/><\/a><figcaption id=\"caption-attachment-8967\" class=\"wp-caption-text\">Elias Oechsner. Jongliermeister! Jongliert sich hier eine rote Nase.<\/figcaption><\/figure>\n<p>&nbsp;<\/p>\n<p>&nbsp;<\/p>\n<div class=\"shariff shariff-align-left shariff-widget-align-left\"><ul class=\"shariff-buttons theme-white orientation-horizontal buttonsize-small\"><li class=\"shariff-button mastodon shariff-nocustomcolor\" style=\"background-color:#563ACC\"><a href=\"https:\/\/s2f.kytta.dev\/?text=F%C3%BCrs%20Protokoll%3A%20Die%20Gepflogenheiten%20der%20Demokratie https%3A%2F%2Fwww.kritische-masse.de%2Flogbuch%2F2024%2F02%2Ffuers-protokoll-die-gepflogenheiten-der-demokratie%2F\" title=\"Bei Mastodon teilen\" aria-label=\"Bei Mastodon teilen\" role=\"button\" rel=\"noopener nofollow\" class=\"shariff-link\" style=\"; background-color:#6364FF; color:#6364FF\" target=\"_blank\"><span class=\"shariff-icon\" style=\"fill:#6364FF\"><svg width=\"75\" height=\"79\" viewBox=\"0 0 75 79\" fill=\"none\" xmlns=\"http:\/\/www.w3.org\/2000\/svg\"><path d=\"M37.813-.025C32.462-.058 27.114.13 21.79.598c-8.544.621-17.214 5.58-20.203 13.931C-1.12 23.318.408 32.622.465 41.65c.375 7.316.943 14.78 3.392 21.73 4.365 9.465 14.781 14.537 24.782 15.385 7.64.698 15.761-.213 22.517-4.026a54.1 54.1 0 0 0 .01-6.232c-6.855 1.316-14.101 2.609-21.049 1.074-3.883-.88-6.876-4.237-7.25-8.215-1.53-3.988 3.78-.43 5.584-.883 9.048 1.224 18.282.776 27.303-.462 7.044-.837 14.26-4.788 16.65-11.833 2.263-6.135 1.215-12.79 1.698-19.177.06-3.84.09-7.692-.262-11.52C72.596 7.844 63.223.981 53.834.684a219.453 219.453 0 0 0-16.022-.71zm11.294 12.882c5.5-.067 10.801 4.143 11.67 9.653.338 1.48.471 3 .471 4.515v21.088h-8.357c-.07-7.588.153-15.182-.131-22.765-.587-4.368-7.04-5.747-9.672-2.397-2.422 3.04-1.47 7.155-1.67 10.735v6.392h-8.307c-.146-4.996.359-10.045-.404-15.002-1.108-4.218-7.809-5.565-10.094-1.666-1.685 3.046-.712 6.634-.976 9.936v14.767h-8.354c.109-8.165-.238-16.344.215-24.5.674-5.346 5.095-10.389 10.676-10.627 4.902-.739 10.103 2.038 12.053 6.631.375 1.435 1.76 1.932 1.994.084 1.844-3.704 5.501-6.739 9.785-6.771.367-.044.735-.068 1.101-.073z\"\/><defs><linearGradient id=\"paint0_linear_549_34\" x1=\"37.0692\" y1=\"0\" x2=\"37.0692\" y2=\"79\" gradientUnits=\"userSpaceOnUse\"><stop stop-color=\"#6364FF\"\/><stop offset=\"1\" stop-color=\"#563ACC\"\/><\/linearGradient><\/defs><\/svg><\/span><span class=\"shariff-text\" style=\"color:#6364FF\">teilen<\/span>&nbsp;<\/a><\/li><li class=\"shariff-button bluesky shariff-nocustomcolor\" style=\"background-color:#84c4ff\"><a href=\"https:\/\/bsky.app\/intent\/compose?text=F%C3%BCrs%20Protokoll%3A%20Die%20Gepflogenheiten%20der%20Demokratie https%3A%2F%2Fwww.kritische-masse.de%2Flogbuch%2F2024%2F02%2Ffuers-protokoll-die-gepflogenheiten-der-demokratie%2F \" title=\"Bei Bluesky teilen\" aria-label=\"Bei Bluesky teilen\" role=\"button\" rel=\"noopener nofollow\" class=\"shariff-link\" style=\"; background-color:#0085ff; color:#0085ff\" target=\"_blank\"><span class=\"shariff-icon\" style=\"fill:#0085ff\"><svg width=\"20\" height=\"20\" version=\"1.1\" xmlns=\"http:\/\/www.w3.org\/2000\/svg\" viewBox=\"0 0 20 20\"><path class=\"st0\" d=\"M4.89,3.12c2.07,1.55,4.3,4.71,5.11,6.4.82-1.69,3.04-4.84,5.11-6.4,1.49-1.12,3.91-1.99,3.91.77,0,.55-.32,4.63-.5,5.3-.64,2.3-2.99,2.89-5.08,2.54,3.65.62,4.58,2.68,2.57,4.74-3.81,3.91-5.48-.98-5.9-2.23-.08-.23-.11-.34-.12-.25,0-.09-.04.02-.12.25-.43,1.25-2.09,6.14-5.9,2.23-2.01-2.06-1.08-4.12,2.57-4.74-2.09.36-4.44-.23-5.08-2.54-.19-.66-.5-4.74-.5-5.3,0-2.76,2.42-1.89,3.91-.77h0Z\"\/><\/svg><\/span><span class=\"shariff-text\" style=\"color:#0085ff\">teilen<\/span>&nbsp;<\/a><\/li><li class=\"shariff-button threema shariff-nocustomcolor shariff-mobile\" style=\"background-color:#4fbc24\"><a href=\"threema:\/\/compose?text=F%C3%BCrs%20Protokoll%3A%20Die%20Gepflogenheiten%20der%20Demokratie%20https%3A%2F%2Fwww.kritische-masse.de%2Flogbuch%2F2024%2F02%2Ffuers-protokoll-die-gepflogenheiten-der-demokratie%2F\" title=\"Bei Threema teilen\" aria-label=\"Bei Threema teilen\" role=\"button\" rel=\"noopener nofollow\" class=\"shariff-link\" style=\"; background-color:#1f1f1f; color:#1f1f1f\" target=\"_blank\"><span class=\"shariff-icon\" style=\"fill:#1f1f1f\"><svg width=\"32px\" height=\"20px\" xmlns=\"http:\/\/www.w3.org\/2000\/svg\" viewBox=\"0 0 32 32\"><path fill=\"#1f1f1f\" d=\"M30.8 10.9c-0.3-1.4-0.9-2.6-1.8-3.8-2-2.6-5.5-4.5-9.4-5.2-1.3-0.2-1.9-0.3-3.5-0.3s-2.2 0-3.5 0.3c-4 0.7-7.4 2.6-9.4 5.2-0.9 1.2-1.5 2.4-1.8 3.8-0.1 0.5-0.2 1.2-0.2 1.6 0 0.4 0.1 1.1 0.2 1.6 0.4 1.9 1.3 3.4 2.9 5 0.8 0.8 0.8 0.8 0.7 1.3 0 0.6-0.5 1.6-1.7 3.6-0.3 0.5-0.5 0.9-0.5 0.9 0 0.1 0.1 0.1 0.5 0 0.8-0.2 2.3-0.6 5.6-1.6 1.1-0.3 1.3-0.4 2.3-0.4 0.8 0 1.1 0 2.3 0.2 1.5 0.2 3.5 0.2 4.9 0 5.1-0.6 9.3-2.9 11.4-6.3 0.5-0.9 0.9-1.8 1.1-2.8 0.1-0.5 0.2-1.1 0.2-1.6 0-0.7-0.1-1.1-0.2-1.6-0.3-1.4 0.1 0.5 0 0zM20.6 17.3c0 0.4-0.4 0.8-0.8 0.8h-7.7c-0.4 0-0.8-0.4-0.8-0.8v-4.6c0-0.4 0.4-0.8 0.8-0.8h0.2l0-1.6c0-0.9 0-1.8 0.1-2 0.1-0.6 0.6-1.2 1.1-1.7s1.1-0.7 1.9-0.8c1.8-0.3 3.7 0.7 4.2 2.2 0.1 0.3 0.1 0.7 0.1 2.1v0 1.7h0.1c0.4 0 0.8 0.4 0.8 0.8v4.6zM15.6 7.3c-0.5 0.1-0.8 0.3-1.2 0.6s-0.6 0.8-0.7 1.3c0 0.2 0 0.8 0 1.5l0 1.2h4.6v-1.3c0-1 0-1.4-0.1-1.6-0.3-1.1-1.5-1.9-2.6-1.7zM25.8 28.2c0 1.2-1 2.2-2.1 2.2s-2.1-1-2.1-2.1c0-1.2 1-2.1 2.2-2.1s2.2 1 2.2 2.2zM18.1 28.2c0 1.2-1 2.2-2.1 2.2s-2.1-1-2.1-2.1c0-1.2 1-2.1 2.2-2.1s2.2 1 2.2 2.2zM10.4 28.2c0 1.2-1 2.2-2.1 2.2s-2.1-1-2.1-2.1c0-1.2 1-2.1 2.2-2.1s2.2 1 2.2 2.2z\"\/><\/svg><\/span><span class=\"shariff-text\" style=\"color:#1f1f1f\">teilen<\/span>&nbsp;<\/a><\/li><li class=\"shariff-button facebook shariff-nocustomcolor\" style=\"background-color:#4273c8\"><a href=\"https:\/\/www.facebook.com\/sharer\/sharer.php?u=https%3A%2F%2Fwww.kritische-masse.de%2Flogbuch%2F2024%2F02%2Ffuers-protokoll-die-gepflogenheiten-der-demokratie%2F\" title=\"Bei Facebook teilen\" aria-label=\"Bei Facebook teilen\" role=\"button\" rel=\"nofollow\" class=\"shariff-link\" style=\"; background-color:#3b5998; color:#3b5998\" target=\"_blank\"><span class=\"shariff-icon\" style=\"fill:#3b5998\"><svg width=\"32px\" height=\"20px\" xmlns=\"http:\/\/www.w3.org\/2000\/svg\" viewBox=\"0 0 18 32\"><path fill=\"#3b5998\" d=\"M17.1 0.2v4.7h-2.8q-1.5 0-2.1 0.6t-0.5 1.9v3.4h5.2l-0.7 5.3h-4.5v13.6h-5.5v-13.6h-4.5v-5.3h4.5v-3.9q0-3.3 1.9-5.2t5-1.8q2.6 0 4.1 0.2z\"\/><\/svg><\/span><span class=\"shariff-text\" style=\"color:#3b5998\">teilen<\/span>&nbsp;<\/a><\/li><li class=\"shariff-button info shariff-nocustomcolor\" style=\"background-color:#a8a8a8\"><a href=\"http:\/\/ct.de\/-2467514\" title=\"Weitere Informationen\" aria-label=\"Weitere Informationen\" role=\"button\" rel=\"noopener \" class=\"shariff-link\" style=\"; background-color:#999; color:#999\" target=\"_blank\"><span class=\"shariff-icon\" style=\"fill:#999\"><svg width=\"32px\" height=\"20px\" xmlns=\"http:\/\/www.w3.org\/2000\/svg\" viewBox=\"0 0 11 32\"><path fill=\"#999\" d=\"M11.4 24v2.3q0 0.5-0.3 0.8t-0.8 0.4h-9.1q-0.5 0-0.8-0.4t-0.4-0.8v-2.3q0-0.5 0.4-0.8t0.8-0.4h1.1v-6.8h-1.1q-0.5 0-0.8-0.4t-0.4-0.8v-2.3q0-0.5 0.4-0.8t0.8-0.4h6.8q0.5 0 0.8 0.4t0.4 0.8v10.3h1.1q0.5 0 0.8 0.4t0.3 0.8zM9.2 3.4v3.4q0 0.5-0.4 0.8t-0.8 0.4h-4.6q-0.4 0-0.8-0.4t-0.4-0.8v-3.4q0-0.4 0.4-0.8t0.8-0.4h4.6q0.5 0 0.8 0.4t0.4 0.8z\"\/><\/svg><\/span><\/a><\/li><\/ul><\/div>","protected":false},"excerpt":{"rendered":"<p>Nur mal so f\u00fcrs Protokoll. Gepflogenheiten werden instrumentalisiert, um durchaus L\u00f6cher oder Risse in gerade erst wieder m\u00fchsam von Gesellschaft erbaute Brandmauern zu schlagen. Das ist nicht von Vorteil. Die Demokratie muss nicht nur von den Mitb\u00fcrger:innen verteidigt und instandgehalten werden, sondern auch von den politischen Instititionen dieser Gesellschaft \u2013 von Parlament, Justiz und Polizei [&hellip;]<\/p>\n<div class=\"shariff shariff-align-left shariff-widget-align-left\"><ul class=\"shariff-buttons theme-white orientation-horizontal buttonsize-small\"><li class=\"shariff-button mastodon shariff-nocustomcolor\" style=\"background-color:#563ACC\"><a href=\"https:\/\/s2f.kytta.dev\/?text=F%C3%BCrs%20Protokoll%3A%20Die%20Gepflogenheiten%20der%20Demokratie https%3A%2F%2Fwww.kritische-masse.de%2Flogbuch%2F2024%2F02%2Ffuers-protokoll-die-gepflogenheiten-der-demokratie%2F\" title=\"Bei Mastodon teilen\" aria-label=\"Bei Mastodon teilen\" role=\"button\" rel=\"noopener nofollow\" class=\"shariff-link\" style=\"; background-color:#6364FF; color:#6364FF\" target=\"_blank\"><span class=\"shariff-icon\" style=\"fill:#6364FF\"><svg width=\"75\" height=\"79\" viewBox=\"0 0 75 79\" fill=\"none\" xmlns=\"http:\/\/www.w3.org\/2000\/svg\"><path d=\"M37.813-.025C32.462-.058 27.114.13 21.79.598c-8.544.621-17.214 5.58-20.203 13.931C-1.12 23.318.408 32.622.465 41.65c.375 7.316.943 14.78 3.392 21.73 4.365 9.465 14.781 14.537 24.782 15.385 7.64.698 15.761-.213 22.517-4.026a54.1 54.1 0 0 0 .01-6.232c-6.855 1.316-14.101 2.609-21.049 1.074-3.883-.88-6.876-4.237-7.25-8.215-1.53-3.988 3.78-.43 5.584-.883 9.048 1.224 18.282.776 27.303-.462 7.044-.837 14.26-4.788 16.65-11.833 2.263-6.135 1.215-12.79 1.698-19.177.06-3.84.09-7.692-.262-11.52C72.596 7.844 63.223.981 53.834.684a219.453 219.453 0 0 0-16.022-.71zm11.294 12.882c5.5-.067 10.801 4.143 11.67 9.653.338 1.48.471 3 .471 4.515v21.088h-8.357c-.07-7.588.153-15.182-.131-22.765-.587-4.368-7.04-5.747-9.672-2.397-2.422 3.04-1.47 7.155-1.67 10.735v6.392h-8.307c-.146-4.996.359-10.045-.404-15.002-1.108-4.218-7.809-5.565-10.094-1.666-1.685 3.046-.712 6.634-.976 9.936v14.767h-8.354c.109-8.165-.238-16.344.215-24.5.674-5.346 5.095-10.389 10.676-10.627 4.902-.739 10.103 2.038 12.053 6.631.375 1.435 1.76 1.932 1.994.084 1.844-3.704 5.501-6.739 9.785-6.771.367-.044.735-.068 1.101-.073z\"\/><defs><linearGradient id=\"paint0_linear_549_34\" x1=\"37.0692\" y1=\"0\" x2=\"37.0692\" y2=\"79\" gradientUnits=\"userSpaceOnUse\"><stop stop-color=\"#6364FF\"\/><stop offset=\"1\" stop-color=\"#563ACC\"\/><\/linearGradient><\/defs><\/svg><\/span><span class=\"shariff-text\" style=\"color:#6364FF\">teilen<\/span>&nbsp;<\/a><\/li><li class=\"shariff-button bluesky shariff-nocustomcolor\" style=\"background-color:#84c4ff\"><a href=\"https:\/\/bsky.app\/intent\/compose?text=F%C3%BCrs%20Protokoll%3A%20Die%20Gepflogenheiten%20der%20Demokratie https%3A%2F%2Fwww.kritische-masse.de%2Flogbuch%2F2024%2F02%2Ffuers-protokoll-die-gepflogenheiten-der-demokratie%2F \" title=\"Bei Bluesky teilen\" aria-label=\"Bei Bluesky teilen\" role=\"button\" rel=\"noopener nofollow\" class=\"shariff-link\" style=\"; background-color:#0085ff; color:#0085ff\" target=\"_blank\"><span class=\"shariff-icon\" style=\"fill:#0085ff\"><svg width=\"20\" height=\"20\" version=\"1.1\" xmlns=\"http:\/\/www.w3.org\/2000\/svg\" viewBox=\"0 0 20 20\"><path class=\"st0\" d=\"M4.89,3.12c2.07,1.55,4.3,4.71,5.11,6.4.82-1.69,3.04-4.84,5.11-6.4,1.49-1.12,3.91-1.99,3.91.77,0,.55-.32,4.63-.5,5.3-.64,2.3-2.99,2.89-5.08,2.54,3.65.62,4.58,2.68,2.57,4.74-3.81,3.91-5.48-.98-5.9-2.23-.08-.23-.11-.34-.12-.25,0-.09-.04.02-.12.25-.43,1.25-2.09,6.14-5.9,2.23-2.01-2.06-1.08-4.12,2.57-4.74-2.09.36-4.44-.23-5.08-2.54-.19-.66-.5-4.74-.5-5.3,0-2.76,2.42-1.89,3.91-.77h0Z\"\/><\/svg><\/span><span class=\"shariff-text\" style=\"color:#0085ff\">teilen<\/span>&nbsp;<\/a><\/li><li class=\"shariff-button threema shariff-nocustomcolor shariff-mobile\" style=\"background-color:#4fbc24\"><a href=\"threema:\/\/compose?text=F%C3%BCrs%20Protokoll%3A%20Die%20Gepflogenheiten%20der%20Demokratie%20https%3A%2F%2Fwww.kritische-masse.de%2Flogbuch%2F2024%2F02%2Ffuers-protokoll-die-gepflogenheiten-der-demokratie%2F\" title=\"Bei Threema teilen\" aria-label=\"Bei Threema teilen\" role=\"button\" rel=\"noopener nofollow\" class=\"shariff-link\" style=\"; background-color:#1f1f1f; color:#1f1f1f\" target=\"_blank\"><span class=\"shariff-icon\" style=\"fill:#1f1f1f\"><svg width=\"32px\" height=\"20px\" xmlns=\"http:\/\/www.w3.org\/2000\/svg\" viewBox=\"0 0 32 32\"><path fill=\"#1f1f1f\" d=\"M30.8 10.9c-0.3-1.4-0.9-2.6-1.8-3.8-2-2.6-5.5-4.5-9.4-5.2-1.3-0.2-1.9-0.3-3.5-0.3s-2.2 0-3.5 0.3c-4 0.7-7.4 2.6-9.4 5.2-0.9 1.2-1.5 2.4-1.8 3.8-0.1 0.5-0.2 1.2-0.2 1.6 0 0.4 0.1 1.1 0.2 1.6 0.4 1.9 1.3 3.4 2.9 5 0.8 0.8 0.8 0.8 0.7 1.3 0 0.6-0.5 1.6-1.7 3.6-0.3 0.5-0.5 0.9-0.5 0.9 0 0.1 0.1 0.1 0.5 0 0.8-0.2 2.3-0.6 5.6-1.6 1.1-0.3 1.3-0.4 2.3-0.4 0.8 0 1.1 0 2.3 0.2 1.5 0.2 3.5 0.2 4.9 0 5.1-0.6 9.3-2.9 11.4-6.3 0.5-0.9 0.9-1.8 1.1-2.8 0.1-0.5 0.2-1.1 0.2-1.6 0-0.7-0.1-1.1-0.2-1.6-0.3-1.4 0.1 0.5 0 0zM20.6 17.3c0 0.4-0.4 0.8-0.8 0.8h-7.7c-0.4 0-0.8-0.4-0.8-0.8v-4.6c0-0.4 0.4-0.8 0.8-0.8h0.2l0-1.6c0-0.9 0-1.8 0.1-2 0.1-0.6 0.6-1.2 1.1-1.7s1.1-0.7 1.9-0.8c1.8-0.3 3.7 0.7 4.2 2.2 0.1 0.3 0.1 0.7 0.1 2.1v0 1.7h0.1c0.4 0 0.8 0.4 0.8 0.8v4.6zM15.6 7.3c-0.5 0.1-0.8 0.3-1.2 0.6s-0.6 0.8-0.7 1.3c0 0.2 0 0.8 0 1.5l0 1.2h4.6v-1.3c0-1 0-1.4-0.1-1.6-0.3-1.1-1.5-1.9-2.6-1.7zM25.8 28.2c0 1.2-1 2.2-2.1 2.2s-2.1-1-2.1-2.1c0-1.2 1-2.1 2.2-2.1s2.2 1 2.2 2.2zM18.1 28.2c0 1.2-1 2.2-2.1 2.2s-2.1-1-2.1-2.1c0-1.2 1-2.1 2.2-2.1s2.2 1 2.2 2.2zM10.4 28.2c0 1.2-1 2.2-2.1 2.2s-2.1-1-2.1-2.1c0-1.2 1-2.1 2.2-2.1s2.2 1 2.2 2.2z\"\/><\/svg><\/span><span class=\"shariff-text\" style=\"color:#1f1f1f\">teilen<\/span>&nbsp;<\/a><\/li><li class=\"shariff-button facebook shariff-nocustomcolor\" style=\"background-color:#4273c8\"><a href=\"https:\/\/www.facebook.com\/sharer\/sharer.php?u=https%3A%2F%2Fwww.kritische-masse.de%2Flogbuch%2F2024%2F02%2Ffuers-protokoll-die-gepflogenheiten-der-demokratie%2F\" title=\"Bei Facebook teilen\" aria-label=\"Bei Facebook teilen\" role=\"button\" rel=\"nofollow\" class=\"shariff-link\" style=\"; background-color:#3b5998; color:#3b5998\" target=\"_blank\"><span class=\"shariff-icon\" style=\"fill:#3b5998\"><svg width=\"32px\" height=\"20px\" xmlns=\"http:\/\/www.w3.org\/2000\/svg\" viewBox=\"0 0 18 32\"><path fill=\"#3b5998\" d=\"M17.1 0.2v4.7h-2.8q-1.5 0-2.1 0.6t-0.5 1.9v3.4h5.2l-0.7 5.3h-4.5v13.6h-5.5v-13.6h-4.5v-5.3h4.5v-3.9q0-3.3 1.9-5.2t5-1.8q2.6 0 4.1 0.2z\"\/><\/svg><\/span><span class=\"shariff-text\" style=\"color:#3b5998\">teilen<\/span>&nbsp;<\/a><\/li><li class=\"shariff-button info shariff-nocustomcolor\" style=\"background-color:#a8a8a8\"><a href=\"http:\/\/ct.de\/-2467514\" title=\"Weitere Informationen\" aria-label=\"Weitere Informationen\" role=\"button\" rel=\"noopener \" class=\"shariff-link\" style=\"; background-color:#999; color:#999\" target=\"_blank\"><span class=\"shariff-icon\" style=\"fill:#999\"><svg width=\"32px\" height=\"20px\" xmlns=\"http:\/\/www.w3.org\/2000\/svg\" viewBox=\"0 0 11 32\"><path fill=\"#999\" d=\"M11.4 24v2.3q0 0.5-0.3 0.8t-0.8 0.4h-9.1q-0.5 0-0.8-0.4t-0.4-0.8v-2.3q0-0.5 0.4-0.8t0.8-0.4h1.1v-6.8h-1.1q-0.5 0-0.8-0.4t-0.4-0.8v-2.3q0-0.5 0.4-0.8t0.8-0.4h6.8q0.5 0 0.8 0.4t0.4 0.8v10.3h1.1q0.5 0 0.8 0.4t0.3 0.8zM9.2 3.4v3.4q0 0.5-0.4 0.8t-0.8 0.4h-4.6q-0.4 0-0.8-0.4t-0.4-0.8v-3.4q0-0.4 0.4-0.8t0.8-0.4h4.6q0.5 0 0.8 0.4t0.4 0.8z\"\/><\/svg><\/span><\/a><\/li><\/ul><\/div>","protected":false},"author":1,"featured_media":2854,"comment_status":"open","ping_status":"open","sticky":false,"template":"","format":"standard","meta":{"ocean_post_layout":"","ocean_both_sidebars_style":"","ocean_both_sidebars_content_width":0,"ocean_both_sidebars_sidebars_width":0,"ocean_sidebar":"","ocean_second_sidebar":"","ocean_disable_margins":"enable","ocean_add_body_class":"","ocean_shortcode_before_top_bar":"","ocean_shortcode_after_top_bar":"","ocean_shortcode_before_header":"","ocean_shortcode_after_header":"","ocean_has_shortcode":"","ocean_shortcode_after_title":"","ocean_shortcode_before_footer_widgets":"","ocean_shortcode_after_footer_widgets":"","ocean_shortcode_before_footer_bottom":"","ocean_shortcode_after_footer_bottom":"","ocean_display_top_bar":"default","ocean_display_header":"default","ocean_header_style":"","ocean_center_header_left_menu":"","ocean_custom_header_template":"","ocean_custom_logo":0,"ocean_custom_retina_logo":0,"ocean_custom_logo_max_width":0,"ocean_custom_logo_tablet_max_width":0,"ocean_custom_logo_mobile_max_width":0,"ocean_custom_logo_max_height":0,"ocean_custom_logo_tablet_max_height":0,"ocean_custom_logo_mobile_max_height":0,"ocean_header_custom_menu":"","ocean_menu_typo_font_family":"","ocean_menu_typo_font_subset":"","ocean_menu_typo_font_size":0,"ocean_menu_typo_font_size_tablet":0,"ocean_menu_typo_font_size_mobile":0,"ocean_menu_typo_font_size_unit":"px","ocean_menu_typo_font_weight":"","ocean_menu_typo_font_weight_tablet":"","ocean_menu_typo_font_weight_mobile":"","ocean_menu_typo_transform":"","ocean_menu_typo_transform_tablet":"","ocean_menu_typo_transform_mobile":"","ocean_menu_typo_line_height":0,"ocean_menu_typo_line_height_tablet":0,"ocean_menu_typo_line_height_mobile":0,"ocean_menu_typo_line_height_unit":"","ocean_menu_typo_spacing":0,"ocean_menu_typo_spacing_tablet":0,"ocean_menu_typo_spacing_mobile":0,"ocean_menu_typo_spacing_unit":"","ocean_menu_link_color":"","ocean_menu_link_color_hover":"","ocean_menu_link_color_active":"","ocean_menu_link_background":"","ocean_menu_link_hover_background":"","ocean_menu_link_active_background":"","ocean_menu_social_links_bg":"","ocean_menu_social_hover_links_bg":"","ocean_menu_social_links_color":"","ocean_menu_social_hover_links_color":"","ocean_disable_title":"default","ocean_disable_heading":"default","ocean_post_title":"","ocean_post_subheading":"","ocean_post_title_style":"","ocean_post_title_background_color":"","ocean_post_title_background":0,"ocean_post_title_bg_image_position":"","ocean_post_title_bg_image_attachment":"","ocean_post_title_bg_image_repeat":"","ocean_post_title_bg_image_size":"","ocean_post_title_height":0,"ocean_post_title_bg_overlay":0.5,"ocean_post_title_bg_overlay_color":"","ocean_disable_breadcrumbs":"default","ocean_breadcrumbs_color":"","ocean_breadcrumbs_separator_color":"","ocean_breadcrumbs_links_color":"","ocean_breadcrumbs_links_hover_color":"","ocean_display_footer_widgets":"default","ocean_display_footer_bottom":"default","ocean_custom_footer_template":"","osh_disable_topbar_sticky":"default","osh_disable_header_sticky":"default","osh_sticky_header_style":"default","osh_sticky_header_effect":"","osh_custom_sticky_logo":0,"osh_custom_retina_sticky_logo":0,"osh_custom_sticky_logo_height":0,"osh_background_color":"","osh_links_color":"","osh_links_hover_color":"","osh_links_active_color":"","osh_links_bg_color":"","osh_links_hover_bg_color":"","osh_links_active_bg_color":"","osh_menu_social_links_color":"","osh_menu_social_hover_links_color":"","_FSMCFIC_featured_image_caption":"","_FSMCFIC_featured_image_nocaption":"","_FSMCFIC_featured_image_hide":"","_metis_text_type":"standard","_metis_text_length":2992,"_post_count":0,"_jetpack_memberships_contains_paid_content":false,"activitypub_content_warning":"","activitypub_content_visibility":"","activitypub_max_image_attachments":4,"activitypub_interaction_policy_quote":"anyone","activitypub_status":"","ocean_post_oembed":"","ocean_post_self_hosted_media":"","ocean_post_video_embed":"","ocean_link_format":"","ocean_link_format_target":"self","ocean_quote_format":"","ocean_quote_format_link":"post","ocean_gallery_link_images":"on","ocean_gallery_id":[],"footnotes":"","jetpack_publicize_message":"","jetpack_publicize_feature_enabled":true,"jetpack_social_post_already_shared":false,"jetpack_social_options":{"image_generator_settings":{"template":"highway","default_image_id":0,"font":"","enabled":false},"version":2}},"categories":[4186,2647,2695,2667],"tags":[2777,1915,2764,2102],"class_list":["post-8952","post","type-post","status-publish","format-standard","has-post-thumbnail","hentry","category-die-politik","category-angriffauf","category-die-kultur","category-zettelkasten","tag-claudia-roth","tag-demokratie","tag-faschismus","tag-freiheit","entry","has-media"],"yoast_head":"<!-- This site is optimized with the Yoast SEO plugin v27.5 - https:\/\/yoast.com\/product\/yoast-seo-wordpress\/ -->\n<title>F\u00fcrs Protokoll: Die Gepflogenheiten der Demokratie - Kritische Masse<\/title>\n<meta name=\"robots\" content=\"index, follow, max-snippet:-1, max-image-preview:large, max-video-preview:-1\" \/>\n<link rel=\"canonical\" href=\"https:\/\/www.kritische-masse.de\/logbuch\/2024\/02\/fuers-protokoll-die-gepflogenheiten-der-demokratie\/\" \/>\n<meta property=\"og:locale\" content=\"de_DE\" \/>\n<meta property=\"og:type\" content=\"article\" \/>\n<meta property=\"og:title\" content=\"F\u00fcrs Protokoll: Die Gepflogenheiten der Demokratie - Kritische Masse\" \/>\n<meta property=\"og:description\" content=\"Nur mal so f\u00fcrs Protokoll. Gepflogenheiten werden instrumentalisiert, um durchaus L\u00f6cher oder Risse in gerade erst wieder m\u00fchsam von Gesellschaft erbaute Brandmauern zu schlagen. Das ist nicht von Vorteil. Die Demokratie muss nicht nur von den Mitb\u00fcrger:innen verteidigt und instandgehalten werden, sondern auch von den politischen Instititionen dieser Gesellschaft \u2013 von Parlament, Justiz und Polizei [&hellip;]\" \/>\n<meta property=\"og:url\" content=\"https:\/\/www.kritische-masse.de\/logbuch\/2024\/02\/fuers-protokoll-die-gepflogenheiten-der-demokratie\/\" \/>\n<meta property=\"og:site_name\" content=\"Kritische Masse\" \/>\n<meta property=\"article:publisher\" content=\"https:\/\/www.facebook.com\/hufner\" \/>\n<meta property=\"article:author\" content=\"https:\/\/www.facebook.com\/hufner\" \/>\n<meta property=\"article:published_time\" content=\"2024-02-06T10:50:15+00:00\" \/>\n<meta property=\"article:modified_time\" content=\"2024-02-06T12:21:18+00:00\" \/>\n<meta property=\"og:image\" content=\"https:\/\/www.kritische-masse.de\/logbuch\/wp-content\/uploads\/2016\/11\/loebe-haus_c_hufner.jpg\" \/>\n\t<meta property=\"og:image:width\" content=\"2200\" \/>\n\t<meta property=\"og:image:height\" content=\"1650\" \/>\n\t<meta property=\"og:image:type\" content=\"image\/jpeg\" \/>\n<meta name=\"author\" content=\"der huflaikhan\" \/>\n<meta name=\"twitter:label1\" content=\"Verfasst von\" \/>\n\t<meta name=\"twitter:data1\" content=\"der huflaikhan\" \/>\n\t<meta name=\"twitter:label2\" content=\"Gesch\u00e4tzte Lesezeit\" \/>\n\t<meta name=\"twitter:data2\" content=\"3\u00a0Minuten\" \/>\n<script type=\"application\/ld+json\" class=\"yoast-schema-graph\">{\"@context\":\"https:\\\/\\\/schema.org\",\"@graph\":[{\"@type\":\"Article\",\"@id\":\"https:\\\/\\\/www.kritische-masse.de\\\/logbuch\\\/2024\\\/02\\\/fuers-protokoll-die-gepflogenheiten-der-demokratie\\\/#article\",\"isPartOf\":{\"@id\":\"https:\\\/\\\/www.kritische-masse.de\\\/logbuch\\\/2024\\\/02\\\/fuers-protokoll-die-gepflogenheiten-der-demokratie\\\/\"},\"author\":{\"name\":\"der huflaikhan\",\"@id\":\"https:\\\/\\\/www.kritische-masse.de\\\/logbuch\\\/#\\\/schema\\\/person\\\/14c491f46504e7f6b79db161f76def1c\"},\"headline\":\"F\u00fcrs Protokoll: Die Gepflogenheiten der Demokratie\",\"datePublished\":\"2024-02-06T10:50:15+00:00\",\"dateModified\":\"2024-02-06T12:21:18+00:00\",\"mainEntityOfPage\":{\"@id\":\"https:\\\/\\\/www.kritische-masse.de\\\/logbuch\\\/2024\\\/02\\\/fuers-protokoll-die-gepflogenheiten-der-demokratie\\\/\"},\"wordCount\":482,\"commentCount\":0,\"publisher\":{\"@id\":\"https:\\\/\\\/www.kritische-masse.de\\\/logbuch\\\/#\\\/schema\\\/person\\\/14c491f46504e7f6b79db161f76def1c\"},\"image\":{\"@id\":\"https:\\\/\\\/www.kritische-masse.de\\\/logbuch\\\/2024\\\/02\\\/fuers-protokoll-die-gepflogenheiten-der-demokratie\\\/#primaryimage\"},\"thumbnailUrl\":\"https:\\\/\\\/i0.wp.com\\\/www.kritische-masse.de\\\/logbuch\\\/wp-content\\\/uploads\\\/2016\\\/11\\\/loebe-haus_c_hufner.jpg?fit=2200%2C1650&ssl=1\",\"keywords\":[\"Claudia Roth\",\"Demokratie\",\"Faschismus\",\"Freiheit\"],\"articleSection\":[\"die Politik\",\"Angriff auf \u2026\",\"die Kultur\",\"Zettelkasten\"],\"inLanguage\":\"de\",\"potentialAction\":[{\"@type\":\"CommentAction\",\"name\":\"Comment\",\"target\":[\"https:\\\/\\\/www.kritische-masse.de\\\/logbuch\\\/2024\\\/02\\\/fuers-protokoll-die-gepflogenheiten-der-demokratie\\\/#respond\"]}]},{\"@type\":\"WebPage\",\"@id\":\"https:\\\/\\\/www.kritische-masse.de\\\/logbuch\\\/2024\\\/02\\\/fuers-protokoll-die-gepflogenheiten-der-demokratie\\\/\",\"url\":\"https:\\\/\\\/www.kritische-masse.de\\\/logbuch\\\/2024\\\/02\\\/fuers-protokoll-die-gepflogenheiten-der-demokratie\\\/\",\"name\":\"F\u00fcrs Protokoll: Die Gepflogenheiten der Demokratie - Kritische Masse\",\"isPartOf\":{\"@id\":\"https:\\\/\\\/www.kritische-masse.de\\\/logbuch\\\/#website\"},\"primaryImageOfPage\":{\"@id\":\"https:\\\/\\\/www.kritische-masse.de\\\/logbuch\\\/2024\\\/02\\\/fuers-protokoll-die-gepflogenheiten-der-demokratie\\\/#primaryimage\"},\"image\":{\"@id\":\"https:\\\/\\\/www.kritische-masse.de\\\/logbuch\\\/2024\\\/02\\\/fuers-protokoll-die-gepflogenheiten-der-demokratie\\\/#primaryimage\"},\"thumbnailUrl\":\"https:\\\/\\\/i0.wp.com\\\/www.kritische-masse.de\\\/logbuch\\\/wp-content\\\/uploads\\\/2016\\\/11\\\/loebe-haus_c_hufner.jpg?fit=2200%2C1650&ssl=1\",\"datePublished\":\"2024-02-06T10:50:15+00:00\",\"dateModified\":\"2024-02-06T12:21:18+00:00\",\"breadcrumb\":{\"@id\":\"https:\\\/\\\/www.kritische-masse.de\\\/logbuch\\\/2024\\\/02\\\/fuers-protokoll-die-gepflogenheiten-der-demokratie\\\/#breadcrumb\"},\"inLanguage\":\"de\",\"potentialAction\":[{\"@type\":\"ReadAction\",\"target\":[\"https:\\\/\\\/www.kritische-masse.de\\\/logbuch\\\/2024\\\/02\\\/fuers-protokoll-die-gepflogenheiten-der-demokratie\\\/\"]}]},{\"@type\":\"ImageObject\",\"inLanguage\":\"de\",\"@id\":\"https:\\\/\\\/www.kritische-masse.de\\\/logbuch\\\/2024\\\/02\\\/fuers-protokoll-die-gepflogenheiten-der-demokratie\\\/#primaryimage\",\"url\":\"https:\\\/\\\/i0.wp.com\\\/www.kritische-masse.de\\\/logbuch\\\/wp-content\\\/uploads\\\/2016\\\/11\\\/loebe-haus_c_hufner.jpg?fit=2200%2C1650&ssl=1\",\"contentUrl\":\"https:\\\/\\\/i0.wp.com\\\/www.kritische-masse.de\\\/logbuch\\\/wp-content\\\/uploads\\\/2016\\\/11\\\/loebe-haus_c_hufner.jpg?fit=2200%2C1650&ssl=1\",\"width\":2200,\"height\":1650,\"caption\":\"Drinnen. Foto: Hufner\"},{\"@type\":\"BreadcrumbList\",\"@id\":\"https:\\\/\\\/www.kritische-masse.de\\\/logbuch\\\/2024\\\/02\\\/fuers-protokoll-die-gepflogenheiten-der-demokratie\\\/#breadcrumb\",\"itemListElement\":[{\"@type\":\"ListItem\",\"position\":1,\"name\":\"Startseite\",\"item\":\"https:\\\/\\\/www.kritische-masse.de\\\/logbuch\\\/\"},{\"@type\":\"ListItem\",\"position\":2,\"name\":\"F\u00fcrs Protokoll: Die Gepflogenheiten der Demokratie\"}]},{\"@type\":\"WebSite\",\"@id\":\"https:\\\/\\\/www.kritische-masse.de\\\/logbuch\\\/#website\",\"url\":\"https:\\\/\\\/www.kritische-masse.de\\\/logbuch\\\/\",\"name\":\"kritische masse\",\"description\":\"amt f\u00fcr vermassungsschutz\",\"publisher\":{\"@id\":\"https:\\\/\\\/www.kritische-masse.de\\\/logbuch\\\/#\\\/schema\\\/person\\\/14c491f46504e7f6b79db161f76def1c\"},\"alternateName\":\"das logbuch der kritischen masse\",\"potentialAction\":[{\"@type\":\"SearchAction\",\"target\":{\"@type\":\"EntryPoint\",\"urlTemplate\":\"https:\\\/\\\/www.kritische-masse.de\\\/logbuch\\\/?s={search_term_string}\"},\"query-input\":{\"@type\":\"PropertyValueSpecification\",\"valueRequired\":true,\"valueName\":\"search_term_string\"}}],\"inLanguage\":\"de\"},{\"@type\":[\"Person\",\"Organization\"],\"@id\":\"https:\\\/\\\/www.kritische-masse.de\\\/logbuch\\\/#\\\/schema\\\/person\\\/14c491f46504e7f6b79db161f76def1c\",\"name\":\"der huflaikhan\",\"image\":{\"@type\":\"ImageObject\",\"inLanguage\":\"de\",\"@id\":\"https:\\\/\\\/www.kritische-masse.de\\\/logbuch\\\/wp-content\\\/uploads\\\/2024\\\/01\\\/cropped-kritischmasse_man_512.jpg\",\"url\":\"https:\\\/\\\/www.kritische-masse.de\\\/logbuch\\\/wp-content\\\/uploads\\\/2024\\\/01\\\/cropped-kritischmasse_man_512.jpg\",\"contentUrl\":\"https:\\\/\\\/www.kritische-masse.de\\\/logbuch\\\/wp-content\\\/uploads\\\/2024\\\/01\\\/cropped-kritischmasse_man_512.jpg\",\"width\":512,\"height\":512,\"caption\":\"der huflaikhan\"},\"logo\":{\"@id\":\"https:\\\/\\\/www.kritische-masse.de\\\/logbuch\\\/wp-content\\\/uploads\\\/2024\\\/01\\\/cropped-kritischmasse_man_512.jpg\"},\"description\":\"Betreiber der Kritischen Masse seit 1995. Seit 2023 Wiederaufnahme. Promotion mit einer Arbeit \u00fcber Adornos kompositorische und theoretische Auseinandersetzung mit der Zw\u00f6lftontechnik. Arbeit f\u00fcr den Bayerischen und den Mitteldeutschen Rundfunk als freier Autor und Regisseur \u2013 zumindest bis Ende 2015. Online-Redaktion f\u00fcr neue musikzeitung, Jazzzeitung und Oper &amp; Tanz. Ungl\u00fccklich, aber fast taub.\",\"sameAs\":[\"https:\\\/\\\/www.kritische-masse.de\\\/logbuch\\\/\",\"https:\\\/\\\/www.facebook.com\\\/hufner\"],\"url\":\"https:\\\/\\\/www.kritische-masse.de\\\/logbuch\\\/author\\\/martin_d1juqiu5\\\/\"}]}<\/script>\n<!-- \/ Yoast SEO plugin. -->","yoast_head_json":{"title":"F\u00fcrs Protokoll: Die Gepflogenheiten der Demokratie - Kritische Masse","robots":{"index":"index","follow":"follow","max-snippet":"max-snippet:-1","max-image-preview":"max-image-preview:large","max-video-preview":"max-video-preview:-1"},"canonical":"https:\/\/www.kritische-masse.de\/logbuch\/2024\/02\/fuers-protokoll-die-gepflogenheiten-der-demokratie\/","og_locale":"de_DE","og_type":"article","og_title":"F\u00fcrs Protokoll: Die Gepflogenheiten der Demokratie - Kritische Masse","og_description":"Nur mal so f\u00fcrs Protokoll. Gepflogenheiten werden instrumentalisiert, um durchaus L\u00f6cher oder Risse in gerade erst wieder m\u00fchsam von Gesellschaft erbaute Brandmauern zu schlagen. Das ist nicht von Vorteil. Die Demokratie muss nicht nur von den Mitb\u00fcrger:innen verteidigt und instandgehalten werden, sondern auch von den politischen Instititionen dieser Gesellschaft \u2013 von Parlament, Justiz und Polizei [&hellip;]","og_url":"https:\/\/www.kritische-masse.de\/logbuch\/2024\/02\/fuers-protokoll-die-gepflogenheiten-der-demokratie\/","og_site_name":"Kritische Masse","article_publisher":"https:\/\/www.facebook.com\/hufner","article_author":"https:\/\/www.facebook.com\/hufner","article_published_time":"2024-02-06T10:50:15+00:00","article_modified_time":"2024-02-06T12:21:18+00:00","og_image":[{"width":2200,"height":1650,"url":"https:\/\/www.kritische-masse.de\/logbuch\/wp-content\/uploads\/2016\/11\/loebe-haus_c_hufner.jpg","type":"image\/jpeg"}],"author":"der huflaikhan","twitter_misc":{"Verfasst von":"der huflaikhan","Gesch\u00e4tzte Lesezeit":"3\u00a0Minuten"},"schema":{"@context":"https:\/\/schema.org","@graph":[{"@type":"Article","@id":"https:\/\/www.kritische-masse.de\/logbuch\/2024\/02\/fuers-protokoll-die-gepflogenheiten-der-demokratie\/#article","isPartOf":{"@id":"https:\/\/www.kritische-masse.de\/logbuch\/2024\/02\/fuers-protokoll-die-gepflogenheiten-der-demokratie\/"},"author":{"name":"der huflaikhan","@id":"https:\/\/www.kritische-masse.de\/logbuch\/#\/schema\/person\/14c491f46504e7f6b79db161f76def1c"},"headline":"F\u00fcrs Protokoll: Die Gepflogenheiten der Demokratie","datePublished":"2024-02-06T10:50:15+00:00","dateModified":"2024-02-06T12:21:18+00:00","mainEntityOfPage":{"@id":"https:\/\/www.kritische-masse.de\/logbuch\/2024\/02\/fuers-protokoll-die-gepflogenheiten-der-demokratie\/"},"wordCount":482,"commentCount":0,"publisher":{"@id":"https:\/\/www.kritische-masse.de\/logbuch\/#\/schema\/person\/14c491f46504e7f6b79db161f76def1c"},"image":{"@id":"https:\/\/www.kritische-masse.de\/logbuch\/2024\/02\/fuers-protokoll-die-gepflogenheiten-der-demokratie\/#primaryimage"},"thumbnailUrl":"https:\/\/i0.wp.com\/www.kritische-masse.de\/logbuch\/wp-content\/uploads\/2016\/11\/loebe-haus_c_hufner.jpg?fit=2200%2C1650&ssl=1","keywords":["Claudia Roth","Demokratie","Faschismus","Freiheit"],"articleSection":["die Politik","Angriff auf \u2026","die Kultur","Zettelkasten"],"inLanguage":"de","potentialAction":[{"@type":"CommentAction","name":"Comment","target":["https:\/\/www.kritische-masse.de\/logbuch\/2024\/02\/fuers-protokoll-die-gepflogenheiten-der-demokratie\/#respond"]}]},{"@type":"WebPage","@id":"https:\/\/www.kritische-masse.de\/logbuch\/2024\/02\/fuers-protokoll-die-gepflogenheiten-der-demokratie\/","url":"https:\/\/www.kritische-masse.de\/logbuch\/2024\/02\/fuers-protokoll-die-gepflogenheiten-der-demokratie\/","name":"F\u00fcrs Protokoll: Die Gepflogenheiten der Demokratie - Kritische Masse","isPartOf":{"@id":"https:\/\/www.kritische-masse.de\/logbuch\/#website"},"primaryImageOfPage":{"@id":"https:\/\/www.kritische-masse.de\/logbuch\/2024\/02\/fuers-protokoll-die-gepflogenheiten-der-demokratie\/#primaryimage"},"image":{"@id":"https:\/\/www.kritische-masse.de\/logbuch\/2024\/02\/fuers-protokoll-die-gepflogenheiten-der-demokratie\/#primaryimage"},"thumbnailUrl":"https:\/\/i0.wp.com\/www.kritische-masse.de\/logbuch\/wp-content\/uploads\/2016\/11\/loebe-haus_c_hufner.jpg?fit=2200%2C1650&ssl=1","datePublished":"2024-02-06T10:50:15+00:00","dateModified":"2024-02-06T12:21:18+00:00","breadcrumb":{"@id":"https:\/\/www.kritische-masse.de\/logbuch\/2024\/02\/fuers-protokoll-die-gepflogenheiten-der-demokratie\/#breadcrumb"},"inLanguage":"de","potentialAction":[{"@type":"ReadAction","target":["https:\/\/www.kritische-masse.de\/logbuch\/2024\/02\/fuers-protokoll-die-gepflogenheiten-der-demokratie\/"]}]},{"@type":"ImageObject","inLanguage":"de","@id":"https:\/\/www.kritische-masse.de\/logbuch\/2024\/02\/fuers-protokoll-die-gepflogenheiten-der-demokratie\/#primaryimage","url":"https:\/\/i0.wp.com\/www.kritische-masse.de\/logbuch\/wp-content\/uploads\/2016\/11\/loebe-haus_c_hufner.jpg?fit=2200%2C1650&ssl=1","contentUrl":"https:\/\/i0.wp.com\/www.kritische-masse.de\/logbuch\/wp-content\/uploads\/2016\/11\/loebe-haus_c_hufner.jpg?fit=2200%2C1650&ssl=1","width":2200,"height":1650,"caption":"Drinnen. Foto: Hufner"},{"@type":"BreadcrumbList","@id":"https:\/\/www.kritische-masse.de\/logbuch\/2024\/02\/fuers-protokoll-die-gepflogenheiten-der-demokratie\/#breadcrumb","itemListElement":[{"@type":"ListItem","position":1,"name":"Startseite","item":"https:\/\/www.kritische-masse.de\/logbuch\/"},{"@type":"ListItem","position":2,"name":"F\u00fcrs Protokoll: Die Gepflogenheiten der Demokratie"}]},{"@type":"WebSite","@id":"https:\/\/www.kritische-masse.de\/logbuch\/#website","url":"https:\/\/www.kritische-masse.de\/logbuch\/","name":"kritische masse","description":"amt f\u00fcr vermassungsschutz","publisher":{"@id":"https:\/\/www.kritische-masse.de\/logbuch\/#\/schema\/person\/14c491f46504e7f6b79db161f76def1c"},"alternateName":"das logbuch der kritischen masse","potentialAction":[{"@type":"SearchAction","target":{"@type":"EntryPoint","urlTemplate":"https:\/\/www.kritische-masse.de\/logbuch\/?s={search_term_string}"},"query-input":{"@type":"PropertyValueSpecification","valueRequired":true,"valueName":"search_term_string"}}],"inLanguage":"de"},{"@type":["Person","Organization"],"@id":"https:\/\/www.kritische-masse.de\/logbuch\/#\/schema\/person\/14c491f46504e7f6b79db161f76def1c","name":"der huflaikhan","image":{"@type":"ImageObject","inLanguage":"de","@id":"https:\/\/www.kritische-masse.de\/logbuch\/wp-content\/uploads\/2024\/01\/cropped-kritischmasse_man_512.jpg","url":"https:\/\/www.kritische-masse.de\/logbuch\/wp-content\/uploads\/2024\/01\/cropped-kritischmasse_man_512.jpg","contentUrl":"https:\/\/www.kritische-masse.de\/logbuch\/wp-content\/uploads\/2024\/01\/cropped-kritischmasse_man_512.jpg","width":512,"height":512,"caption":"der huflaikhan"},"logo":{"@id":"https:\/\/www.kritische-masse.de\/logbuch\/wp-content\/uploads\/2024\/01\/cropped-kritischmasse_man_512.jpg"},"description":"Betreiber der Kritischen Masse seit 1995. Seit 2023 Wiederaufnahme. Promotion mit einer Arbeit \u00fcber Adornos kompositorische und theoretische Auseinandersetzung mit der Zw\u00f6lftontechnik. Arbeit f\u00fcr den Bayerischen und den Mitteldeutschen Rundfunk als freier Autor und Regisseur \u2013 zumindest bis Ende 2015. Online-Redaktion f\u00fcr neue musikzeitung, Jazzzeitung und Oper &amp; Tanz. Ungl\u00fccklich, aber fast taub.","sameAs":["https:\/\/www.kritische-masse.de\/logbuch\/","https:\/\/www.facebook.com\/hufner"],"url":"https:\/\/www.kritische-masse.de\/logbuch\/author\/martin_d1juqiu5\/"}]}},"jetpack_publicize_connections":[],"jetpack_featured_media_url":"https:\/\/i0.wp.com\/www.kritische-masse.de\/logbuch\/wp-content\/uploads\/2016\/11\/loebe-haus_c_hufner.jpg?fit=2200%2C1650&ssl=1","categories_names":["die Politik","Angriff auf \u2026","die Kultur","Zettelkasten"],"post_class":[["post-8952","post","type-post","status-publish","format-standard","has-post-thumbnail","hentry","category-die-politik","category-angriffauf","category-die-kultur","category-zettelkasten","tag-claudia-roth","tag-demokratie","tag-faschismus","tag-freiheit","entry","has-media"]],"author_avatar":["<img alt='' src='https:\/\/secure.gravatar.com\/avatar\/c23aee426d58e69f14ef471114d4cac215eec702ee1bc331e2a62ea77e96ed60?s=96&#038;d=blank&#038;r=g' srcset='https:\/\/secure.gravatar.com\/avatar\/c23aee426d58e69f14ef471114d4cac215eec702ee1bc331e2a62ea77e96ed60?s=192&#038;d=blank&#038;r=g 2x' class='avatar avatar-96 photo' height='96' width='96' loading='lazy' decoding='async'\/>"],"featured_video":null,"jetpack-related-posts":[{"id":1195,"url":"https:\/\/www.kritische-masse.de\/logbuch\/2005\/05\/auf-dem-rueckweg-nach-weimar\/","url_meta":{"origin":8952,"position":0},"title":"Auf dem R\u00fcckweg nach Weimar?","author":"huflaikhan","date":"11. Mai 2005","format":false,"excerpt":"Aus gegebenem Anlass dreht sich einiges bei mir um das Jahr 1933. Da fiel mir heute wieder Franz Neumanns \u201eBehemoth - Struktur und Praxis des Nationalsozialismus 1933-1944\u201c in die H\u00e4nde. Diese \u00fcber 600 Seiten umfassende Werk stammt aus dem Jahr 1942 (\u00fcberarbeitet 1944). Ein Schwerpunkt behandelt nat\u00fcrlich auch die Zeit\u2026","rel":"","context":"\u00c4hnlicher Beitrag","block_context":{"text":"\u00c4hnlicher Beitrag","link":""},"img":{"alt_text":"","src":"","width":0,"height":0},"classes":[]},{"id":8756,"url":"https:\/\/www.kritische-masse.de\/logbuch\/2018\/05\/auf-dem-rueckweg-nach-weimar-2\/","url_meta":{"origin":8952,"position":1},"title":"Auf dem R\u00fcckweg nach Weimar?","author":"der huflaikhan","date":"8. Mai 2018","format":false,"excerpt":"Aus gegebenem Anlass dreht sich einiges bei mir um das Jahr 1933. Da fiel mir heute wieder Franz Neumanns \u201eBehemoth - Struktur und Praxis des Nationalsozialismus 1933-1944\u201c in die H\u00e4nde. Dieses \u00fcber 600 Seiten umfassende Werk stammt aus dem Jahr 1942 (\u00fcberarbeitet 1944). Ein Schwerpunkt behandelt nat\u00fcrlich auch die Zeit\u2026","rel":"","context":"In &quot;die Kultur&quot;","block_context":{"text":"die Kultur","link":"https:\/\/www.kritische-masse.de\/logbuch\/category\/angriffauf\/die-kultur\/"},"img":{"alt_text":"","src":"","width":0,"height":0},"classes":[]},{"id":10776,"url":"https:\/\/www.kritische-masse.de\/logbuch\/2025\/02\/die-u-partei-auf-der-suche-nach-demokratie\/","url_meta":{"origin":8952,"position":2},"title":"Die U-Partei auf der Suche nach Demokratie \u2026","author":"der huflaikhan","date":"28. Februar 2025","format":false,"excerpt":"Ein Neutralit\u00e4tsgebot gegen Unterdr\u00fcckung, Gewalt und Niedertracht w\u00e4re das Ende allen Widerstands gegen Ungl\u00fccks, auf das wir wohl gerade zutreiben. Und gerade mit dem Argument knapper Kassen, bekommen auch Kulturpolitiker:innen Werkzeuge in die Hand, genehme und ungenehme Kunst zu trennen. Ob das am Ende zur Wirklichkeit wird? Was hei\u00dft \u201ewird\u201c?\u2026","rel":"","context":"In &quot;die Kunst&quot;","block_context":{"text":"die Kunst","link":"https:\/\/www.kritische-masse.de\/logbuch\/category\/angriffauf\/die-kunst\/"},"img":{"alt_text":"Mord in Reinhards. Foto: Hufner","src":"https:\/\/i0.wp.com\/www.kritische-masse.de\/logbuch\/wp-content\/uploads\/2025\/02\/reinhards1-mord-scaled.jpg?fit=1200%2C900&ssl=1&resize=350%2C200","width":350,"height":200,"srcset":"https:\/\/i0.wp.com\/www.kritische-masse.de\/logbuch\/wp-content\/uploads\/2025\/02\/reinhards1-mord-scaled.jpg?fit=1200%2C900&ssl=1&resize=350%2C200 1x, https:\/\/i0.wp.com\/www.kritische-masse.de\/logbuch\/wp-content\/uploads\/2025\/02\/reinhards1-mord-scaled.jpg?fit=1200%2C900&ssl=1&resize=525%2C300 1.5x, https:\/\/i0.wp.com\/www.kritische-masse.de\/logbuch\/wp-content\/uploads\/2025\/02\/reinhards1-mord-scaled.jpg?fit=1200%2C900&ssl=1&resize=700%2C400 2x, https:\/\/i0.wp.com\/www.kritische-masse.de\/logbuch\/wp-content\/uploads\/2025\/02\/reinhards1-mord-scaled.jpg?fit=1200%2C900&ssl=1&resize=1050%2C600 3x"},"classes":[]},{"id":13312,"url":"https:\/\/www.kritische-masse.de\/logbuch\/2026\/03\/bild-buergerstreiche-das-ende-der-spassgesellschaft\/","url_meta":{"origin":8952,"position":3},"title":"BILD-B\u00fcrgerstreiche &amp; das Ende der Spa\u00dfgesellschaft","author":"der huflaikhan","date":"1. M\u00e4rz 2026","format":false,"excerpt":"Diebstahl lohnt sich manchmal doch. Ist aber sonst ziemlich verboten. bild zeitung Ich wei\u00df nicht mehr, wo ich das mal unterwegs gesehen und aufgenommen habe. Und ich frage mich, was f\u00fcr ein elend, dass heutzutage Menschen gezwungen sind, eine BILD am Sonntag stehlen zu m\u00fcssen, es sei denn, \u2026 Das\u2026","rel":"","context":"In &quot;Amt f\u00fcr Vermassungsschutz&quot;","block_context":{"text":"Amt f\u00fcr Vermassungsschutz","link":"https:\/\/www.kritische-masse.de\/logbuch\/category\/vermassungsschutz\/"},"img":{"alt_text":"bild zeitung","src":"https:\/\/i0.wp.com\/www.kritische-masse.de\/logbuch\/wp-content\/uploads\/2026\/03\/bild-zeitung.jpg?resize=350%2C200&ssl=1","width":350,"height":200,"srcset":"https:\/\/i0.wp.com\/www.kritische-masse.de\/logbuch\/wp-content\/uploads\/2026\/03\/bild-zeitung.jpg?resize=350%2C200&ssl=1 1x, https:\/\/i0.wp.com\/www.kritische-masse.de\/logbuch\/wp-content\/uploads\/2026\/03\/bild-zeitung.jpg?resize=525%2C300&ssl=1 1.5x, https:\/\/i0.wp.com\/www.kritische-masse.de\/logbuch\/wp-content\/uploads\/2026\/03\/bild-zeitung.jpg?resize=700%2C400&ssl=1 2x, https:\/\/i0.wp.com\/www.kritische-masse.de\/logbuch\/wp-content\/uploads\/2026\/03\/bild-zeitung.jpg?resize=1050%2C600&ssl=1 3x, https:\/\/i0.wp.com\/www.kritische-masse.de\/logbuch\/wp-content\/uploads\/2026\/03\/bild-zeitung.jpg?resize=1400%2C800&ssl=1 4x"},"classes":[]},{"id":8718,"url":"https:\/\/www.kritische-masse.de\/logbuch\/2017\/06\/das-abc-der-kultur-nach-angela-m-bundeskanzlerin-und-die-15-thesen-zur-kulturellen-integration\/","url_meta":{"origin":8952,"position":4},"title":"Das ABC der Kultur \u2013 nach Angela M. (Bundeskanzlerin) und die 15 Thesen zur kulturellen Integration","author":"der huflaikhan","date":"27. Juni 2017","format":false,"excerpt":"In der Sonderausgabe der Bild (65) hat sich neben Anne-Sophie Mutter auch die andere Mutter zu Wort melden d\u00fcrfen oder m\u00fcssen. Angela M. (Bundeskanzlerin) buchstabiert an dieser Stelle ihr Deutschland von A bis Z. Das wird vor allem die Musikwelt freuen. Denn an drei Stellen geht die Bundeskanzlerin direkt auf\u2026","rel":"","context":"In &quot;die Kunst&quot;","block_context":{"text":"die Kunst","link":"https:\/\/www.kritische-masse.de\/logbuch\/category\/angriffauf\/die-kunst\/"},"img":{"alt_text":"Das ABC der Deutschen. BILD-Zeitung","src":"https:\/\/i0.wp.com\/www.kritische-masse.de\/logbuch\/wp-content\/uploads\/2017\/06\/bild_merkel_jumu-1024x576.jpg?resize=350%2C200&ssl=1","width":350,"height":200,"srcset":"https:\/\/i0.wp.com\/www.kritische-masse.de\/logbuch\/wp-content\/uploads\/2017\/06\/bild_merkel_jumu-1024x576.jpg?resize=350%2C200&ssl=1 1x, https:\/\/i0.wp.com\/www.kritische-masse.de\/logbuch\/wp-content\/uploads\/2017\/06\/bild_merkel_jumu-1024x576.jpg?resize=525%2C300&ssl=1 1.5x, https:\/\/i0.wp.com\/www.kritische-masse.de\/logbuch\/wp-content\/uploads\/2017\/06\/bild_merkel_jumu-1024x576.jpg?resize=700%2C400&ssl=1 2x"},"classes":[]},{"id":11715,"url":"https:\/\/www.kritische-masse.de\/logbuch\/2026\/01\/no-checks-no-balances-usa-medien-ideologiepolitik\/","url_meta":{"origin":8952,"position":5},"title":"No Checks &amp; no Balances \u2013 USA, Medien, Ideologiepolitik","author":"der huflaikhan","date":"12. Januar 2026","format":false,"excerpt":"Demokratiezerst\u00f6rung von Staats wegen in den USA, dazu das Medienversagen spezieller Propaganda-Maschinen, ein Ministerpr\u00e4sident, der das GG ernst nimmt. Uffbasse!","rel":"","context":"In &quot;Amt f\u00fcr Vermassungsschutz&quot;","block_context":{"text":"Amt f\u00fcr Vermassungsschutz","link":"https:\/\/www.kritische-masse.de\/logbuch\/category\/vermassungsschutz\/"},"img":{"alt_text":"","src":"","width":0,"height":0},"classes":[]}],"jetpack_sharing_enabled":true,"public_identification_id":"a345d19924e647a7b19cc32ae34f435a","private_identification_id":"1f9e028c7309434299090069c969d4ce","_links":{"self":[{"href":"https:\/\/www.kritische-masse.de\/logbuch\/wp-json\/wp\/v2\/posts\/8952","targetHints":{"allow":["GET"]}}],"collection":[{"href":"https:\/\/www.kritische-masse.de\/logbuch\/wp-json\/wp\/v2\/posts"}],"about":[{"href":"https:\/\/www.kritische-masse.de\/logbuch\/wp-json\/wp\/v2\/types\/post"}],"author":[{"embeddable":true,"href":"https:\/\/www.kritische-masse.de\/logbuch\/wp-json\/wp\/v2\/users\/1"}],"replies":[{"embeddable":true,"href":"https:\/\/www.kritische-masse.de\/logbuch\/wp-json\/wp\/v2\/comments?post=8952"}],"version-history":[{"count":0,"href":"https:\/\/www.kritische-masse.de\/logbuch\/wp-json\/wp\/v2\/posts\/8952\/revisions"}],"wp:featuredmedia":[{"embeddable":true,"href":"https:\/\/www.kritische-masse.de\/logbuch\/wp-json\/wp\/v2\/media\/2854"}],"wp:attachment":[{"href":"https:\/\/www.kritische-masse.de\/logbuch\/wp-json\/wp\/v2\/media?parent=8952"}],"wp:term":[{"taxonomy":"category","embeddable":true,"href":"https:\/\/www.kritische-masse.de\/logbuch\/wp-json\/wp\/v2\/categories?post=8952"},{"taxonomy":"post_tag","embeddable":true,"href":"https:\/\/www.kritische-masse.de\/logbuch\/wp-json\/wp\/v2\/tags?post=8952"}],"curies":[{"name":"wp","href":"https:\/\/api.w.org\/{rel}","templated":true}]}}