{"id":9104,"date":"2024-02-10T12:22:22","date_gmt":"2024-02-10T11:22:22","guid":{"rendered":"https:\/\/www.kritische-masse.de\/logbuch\/?p=9104"},"modified":"2024-02-10T16:36:16","modified_gmt":"2024-02-10T15:36:16","slug":"nius-sick-a-capella-contra-afd-kultur-und-demokratie-fontane","status":"publish","type":"post","link":"https:\/\/www.kritische-masse.de\/logbuch\/2024\/02\/nius-sick-a-capella-contra-afd-kultur-und-demokratie-fontane\/","title":{"rendered":"Nius sick \/ A Capella contra AfD \/ Kultur und Demokratie \/ Fontane"},"content":{"rendered":"<div class=\"shariff shariff-align-left shariff-widget-align-left\"><ul class=\"shariff-buttons theme-white orientation-horizontal buttonsize-small\"><li class=\"shariff-button mastodon shariff-nocustomcolor\" style=\"background-color:#563ACC\"><a href=\"https:\/\/s2f.kytta.dev\/?text=Nius%20sick%20%2F%20A%20Capella%20contra%20AfD%20%2F%20Kultur%20und%20Demokratie%20%2F%20Fontane https%3A%2F%2Fwww.kritische-masse.de%2Flogbuch%2F2024%2F02%2Fnius-sick-a-capella-contra-afd-kultur-und-demokratie-fontane%2F\" title=\"Bei Mastodon teilen\" aria-label=\"Bei Mastodon teilen\" role=\"button\" rel=\"noopener nofollow\" class=\"shariff-link\" style=\"; background-color:#6364FF; color:#6364FF\" target=\"_blank\"><span class=\"shariff-icon\" style=\"fill:#6364FF\"><svg width=\"75\" height=\"79\" viewBox=\"0 0 75 79\" fill=\"none\" xmlns=\"http:\/\/www.w3.org\/2000\/svg\"><path d=\"M37.813-.025C32.462-.058 27.114.13 21.79.598c-8.544.621-17.214 5.58-20.203 13.931C-1.12 23.318.408 32.622.465 41.65c.375 7.316.943 14.78 3.392 21.73 4.365 9.465 14.781 14.537 24.782 15.385 7.64.698 15.761-.213 22.517-4.026a54.1 54.1 0 0 0 .01-6.232c-6.855 1.316-14.101 2.609-21.049 1.074-3.883-.88-6.876-4.237-7.25-8.215-1.53-3.988 3.78-.43 5.584-.883 9.048 1.224 18.282.776 27.303-.462 7.044-.837 14.26-4.788 16.65-11.833 2.263-6.135 1.215-12.79 1.698-19.177.06-3.84.09-7.692-.262-11.52C72.596 7.844 63.223.981 53.834.684a219.453 219.453 0 0 0-16.022-.71zm11.294 12.882c5.5-.067 10.801 4.143 11.67 9.653.338 1.48.471 3 .471 4.515v21.088h-8.357c-.07-7.588.153-15.182-.131-22.765-.587-4.368-7.04-5.747-9.672-2.397-2.422 3.04-1.47 7.155-1.67 10.735v6.392h-8.307c-.146-4.996.359-10.045-.404-15.002-1.108-4.218-7.809-5.565-10.094-1.666-1.685 3.046-.712 6.634-.976 9.936v14.767h-8.354c.109-8.165-.238-16.344.215-24.5.674-5.346 5.095-10.389 10.676-10.627 4.902-.739 10.103 2.038 12.053 6.631.375 1.435 1.76 1.932 1.994.084 1.844-3.704 5.501-6.739 9.785-6.771.367-.044.735-.068 1.101-.073z\"\/><defs><linearGradient id=\"paint0_linear_549_34\" x1=\"37.0692\" y1=\"0\" x2=\"37.0692\" y2=\"79\" gradientUnits=\"userSpaceOnUse\"><stop stop-color=\"#6364FF\"\/><stop offset=\"1\" stop-color=\"#563ACC\"\/><\/linearGradient><\/defs><\/svg><\/span><span class=\"shariff-text\" style=\"color:#6364FF\">teilen<\/span>&nbsp;<\/a><\/li><li class=\"shariff-button bluesky shariff-nocustomcolor\" style=\"background-color:#84c4ff\"><a href=\"https:\/\/bsky.app\/intent\/compose?text=Nius%20sick%20%2F%20A%20Capella%20contra%20AfD%20%2F%20Kultur%20und%20Demokratie%20%2F%20Fontane https%3A%2F%2Fwww.kritische-masse.de%2Flogbuch%2F2024%2F02%2Fnius-sick-a-capella-contra-afd-kultur-und-demokratie-fontane%2F \" title=\"Bei Bluesky teilen\" aria-label=\"Bei Bluesky teilen\" role=\"button\" rel=\"noopener nofollow\" class=\"shariff-link\" style=\"; background-color:#0085ff; color:#0085ff\" target=\"_blank\"><span class=\"shariff-icon\" style=\"fill:#0085ff\"><svg width=\"20\" height=\"20\" version=\"1.1\" xmlns=\"http:\/\/www.w3.org\/2000\/svg\" viewBox=\"0 0 20 20\"><path class=\"st0\" d=\"M4.89,3.12c2.07,1.55,4.3,4.71,5.11,6.4.82-1.69,3.04-4.84,5.11-6.4,1.49-1.12,3.91-1.99,3.91.77,0,.55-.32,4.63-.5,5.3-.64,2.3-2.99,2.89-5.08,2.54,3.65.62,4.58,2.68,2.57,4.74-3.81,3.91-5.48-.98-5.9-2.23-.08-.23-.11-.34-.12-.25,0-.09-.04.02-.12.25-.43,1.25-2.09,6.14-5.9,2.23-2.01-2.06-1.08-4.12,2.57-4.74-2.09.36-4.44-.23-5.08-2.54-.19-.66-.5-4.74-.5-5.3,0-2.76,2.42-1.89,3.91-.77h0Z\"\/><\/svg><\/span><span class=\"shariff-text\" style=\"color:#0085ff\">teilen<\/span>&nbsp;<\/a><\/li><li class=\"shariff-button threema shariff-nocustomcolor shariff-mobile\" style=\"background-color:#4fbc24\"><a href=\"threema:\/\/compose?text=Nius%20sick%20%2F%20A%20Capella%20contra%20AfD%20%2F%20Kultur%20und%20Demokratie%20%2F%20Fontane%20https%3A%2F%2Fwww.kritische-masse.de%2Flogbuch%2F2024%2F02%2Fnius-sick-a-capella-contra-afd-kultur-und-demokratie-fontane%2F\" title=\"Bei Threema teilen\" aria-label=\"Bei Threema teilen\" role=\"button\" rel=\"noopener nofollow\" class=\"shariff-link\" style=\"; background-color:#1f1f1f; color:#1f1f1f\" target=\"_blank\"><span class=\"shariff-icon\" style=\"fill:#1f1f1f\"><svg width=\"32px\" height=\"20px\" xmlns=\"http:\/\/www.w3.org\/2000\/svg\" viewBox=\"0 0 32 32\"><path fill=\"#1f1f1f\" d=\"M30.8 10.9c-0.3-1.4-0.9-2.6-1.8-3.8-2-2.6-5.5-4.5-9.4-5.2-1.3-0.2-1.9-0.3-3.5-0.3s-2.2 0-3.5 0.3c-4 0.7-7.4 2.6-9.4 5.2-0.9 1.2-1.5 2.4-1.8 3.8-0.1 0.5-0.2 1.2-0.2 1.6 0 0.4 0.1 1.1 0.2 1.6 0.4 1.9 1.3 3.4 2.9 5 0.8 0.8 0.8 0.8 0.7 1.3 0 0.6-0.5 1.6-1.7 3.6-0.3 0.5-0.5 0.9-0.5 0.9 0 0.1 0.1 0.1 0.5 0 0.8-0.2 2.3-0.6 5.6-1.6 1.1-0.3 1.3-0.4 2.3-0.4 0.8 0 1.1 0 2.3 0.2 1.5 0.2 3.5 0.2 4.9 0 5.1-0.6 9.3-2.9 11.4-6.3 0.5-0.9 0.9-1.8 1.1-2.8 0.1-0.5 0.2-1.1 0.2-1.6 0-0.7-0.1-1.1-0.2-1.6-0.3-1.4 0.1 0.5 0 0zM20.6 17.3c0 0.4-0.4 0.8-0.8 0.8h-7.7c-0.4 0-0.8-0.4-0.8-0.8v-4.6c0-0.4 0.4-0.8 0.8-0.8h0.2l0-1.6c0-0.9 0-1.8 0.1-2 0.1-0.6 0.6-1.2 1.1-1.7s1.1-0.7 1.9-0.8c1.8-0.3 3.7 0.7 4.2 2.2 0.1 0.3 0.1 0.7 0.1 2.1v0 1.7h0.1c0.4 0 0.8 0.4 0.8 0.8v4.6zM15.6 7.3c-0.5 0.1-0.8 0.3-1.2 0.6s-0.6 0.8-0.7 1.3c0 0.2 0 0.8 0 1.5l0 1.2h4.6v-1.3c0-1 0-1.4-0.1-1.6-0.3-1.1-1.5-1.9-2.6-1.7zM25.8 28.2c0 1.2-1 2.2-2.1 2.2s-2.1-1-2.1-2.1c0-1.2 1-2.1 2.2-2.1s2.2 1 2.2 2.2zM18.1 28.2c0 1.2-1 2.2-2.1 2.2s-2.1-1-2.1-2.1c0-1.2 1-2.1 2.2-2.1s2.2 1 2.2 2.2zM10.4 28.2c0 1.2-1 2.2-2.1 2.2s-2.1-1-2.1-2.1c0-1.2 1-2.1 2.2-2.1s2.2 1 2.2 2.2z\"\/><\/svg><\/span><span class=\"shariff-text\" style=\"color:#1f1f1f\">teilen<\/span>&nbsp;<\/a><\/li><li class=\"shariff-button facebook shariff-nocustomcolor\" style=\"background-color:#4273c8\"><a href=\"https:\/\/www.facebook.com\/sharer\/sharer.php?u=https%3A%2F%2Fwww.kritische-masse.de%2Flogbuch%2F2024%2F02%2Fnius-sick-a-capella-contra-afd-kultur-und-demokratie-fontane%2F\" title=\"Bei Facebook teilen\" aria-label=\"Bei Facebook teilen\" role=\"button\" rel=\"nofollow\" class=\"shariff-link\" style=\"; background-color:#3b5998; color:#3b5998\" target=\"_blank\"><span class=\"shariff-icon\" style=\"fill:#3b5998\"><svg width=\"32px\" height=\"20px\" xmlns=\"http:\/\/www.w3.org\/2000\/svg\" viewBox=\"0 0 18 32\"><path fill=\"#3b5998\" d=\"M17.1 0.2v4.7h-2.8q-1.5 0-2.1 0.6t-0.5 1.9v3.4h5.2l-0.7 5.3h-4.5v13.6h-5.5v-13.6h-4.5v-5.3h4.5v-3.9q0-3.3 1.9-5.2t5-1.8q2.6 0 4.1 0.2z\"\/><\/svg><\/span><span class=\"shariff-text\" style=\"color:#3b5998\">teilen<\/span>&nbsp;<\/a><\/li><li class=\"shariff-button info shariff-nocustomcolor\" style=\"background-color:#a8a8a8\"><a href=\"http:\/\/ct.de\/-2467514\" title=\"Weitere Informationen\" aria-label=\"Weitere Informationen\" role=\"button\" rel=\"noopener \" class=\"shariff-link\" style=\"; background-color:#999; color:#999\" target=\"_blank\"><span class=\"shariff-icon\" style=\"fill:#999\"><svg width=\"32px\" height=\"20px\" xmlns=\"http:\/\/www.w3.org\/2000\/svg\" viewBox=\"0 0 11 32\"><path fill=\"#999\" d=\"M11.4 24v2.3q0 0.5-0.3 0.8t-0.8 0.4h-9.1q-0.5 0-0.8-0.4t-0.4-0.8v-2.3q0-0.5 0.4-0.8t0.8-0.4h1.1v-6.8h-1.1q-0.5 0-0.8-0.4t-0.4-0.8v-2.3q0-0.5 0.4-0.8t0.8-0.4h6.8q0.5 0 0.8 0.4t0.4 0.8v10.3h1.1q0.5 0 0.8 0.4t0.3 0.8zM9.2 3.4v3.4q0 0.5-0.4 0.8t-0.8 0.4h-4.6q-0.4 0-0.8-0.4t-0.4-0.8v-3.4q0-0.4 0.4-0.8t0.8-0.4h4.6q0.5 0 0.8 0.4t0.4 0.8z\"\/><\/svg><\/span><\/a><\/li><\/ul><\/div>\r\n<p>Auf der Website von niusic.de tut sich bekanntlich seit langer Zeit fast nichts. Das Projekt ist wohl schlicht durch. Die alten Tr\u00e4ger des musikjournalistischen Nachwuchsprojekts haben sich auch zur\u00fcckgezogen. Im Impessum steht nurmehr die aktuelle Schulzpreis-Tr\u00e4gerin Hannah Schmidt. So ist das. Dinge kommen und Dinge gehen. Aber erst jetzt ist mir die zugleich fatale \u00c4hnlichkeit des Domain-Namens zum \u00c4tzprodukt von Julian Reichelt und Co aufgefallen, zu Nius. Das englische Wort f\u00fcr Nachrichten \u201enews\u201c, deutsch geschrieben wie ausgesprochen.<\/p>\r\n<div id=\"ez-toc-container\" class=\"ez-toc-v2_0_82_2 ez-toc-wrap-center counter-hierarchy ez-toc-counter ez-toc-light-blue ez-toc-container-direction\">\n<div class=\"ez-toc-title-container\">\n<p class=\"ez-toc-title\" style=\"cursor:inherit\">Inhalt<\/p>\n<span class=\"ez-toc-title-toggle\"><a href=\"#\" class=\"ez-toc-pull-right ez-toc-btn ez-toc-btn-xs ez-toc-btn-default ez-toc-toggle\" aria-label=\"Toggle Table of Content\"><span class=\"ez-toc-js-icon-con\"><span class=\"\"><span class=\"eztoc-hide\" style=\"display:none;\">Toggle<\/span><span class=\"ez-toc-icon-toggle-span\"><svg style=\"fill: #999;color:#999\" xmlns=\"http:\/\/www.w3.org\/2000\/svg\" class=\"list-377408\" width=\"20px\" height=\"20px\" viewBox=\"0 0 24 24\" fill=\"none\"><path d=\"M6 6H4v2h2V6zm14 0H8v2h12V6zM4 11h2v2H4v-2zm16 0H8v2h12v-2zM4 16h2v2H4v-2zm16 0H8v2h12v-2z\" fill=\"currentColor\"><\/path><\/svg><svg style=\"fill: #999;color:#999\" class=\"arrow-unsorted-368013\" xmlns=\"http:\/\/www.w3.org\/2000\/svg\" width=\"10px\" height=\"10px\" viewBox=\"0 0 24 24\" version=\"1.2\" baseProfile=\"tiny\"><path d=\"M18.2 9.3l-6.2-6.3-6.2 6.3c-.2.2-.3.4-.3.7s.1.5.3.7c.2.2.4.3.7.3h11c.3 0 .5-.1.7-.3.2-.2.3-.5.3-.7s-.1-.5-.3-.7zM5.8 14.7l6.2 6.3 6.2-6.3c.2-.2.3-.5.3-.7s-.1-.5-.3-.7c-.2-.2-.4-.3-.7-.3h-11c-.3 0-.5.1-.7.3-.2.2-.3.5-.3.7s.1.5.3.7z\"\/><\/svg><\/span><\/span><\/span><\/a><\/span><\/div>\n<nav><ul class='ez-toc-list ez-toc-list-level-1 ' ><li class='ez-toc-page-1 ez-toc-heading-level-3'><a class=\"ez-toc-link ez-toc-heading-1\" href=\"https:\/\/www.kritische-masse.de\/logbuch\/2024\/02\/nius-sick-a-capella-contra-afd-kultur-und-demokratie-fontane\/#Nius_sick\" >Nius sick<\/a><\/li><li class='ez-toc-page-1 ez-toc-heading-level-3'><a class=\"ez-toc-link ez-toc-heading-2\" href=\"https:\/\/www.kritische-masse.de\/logbuch\/2024\/02\/nius-sick-a-capella-contra-afd-kultur-und-demokratie-fontane\/#Demokratie_und_Kultur\" >Demokratie und Kultur<\/a><\/li><li class='ez-toc-page-1 ez-toc-heading-level-3'><a class=\"ez-toc-link ez-toc-heading-3\" href=\"https:\/\/www.kritische-masse.de\/logbuch\/2024\/02\/nius-sick-a-capella-contra-afd-kultur-und-demokratie-fontane\/#Klassik_gegen_rechts\" >Klassik gegen rechts?<\/a><\/li><li class='ez-toc-page-1 ez-toc-heading-level-3'><a class=\"ez-toc-link ez-toc-heading-4\" href=\"https:\/\/www.kritische-masse.de\/logbuch\/2024\/02\/nius-sick-a-capella-contra-afd-kultur-und-demokratie-fontane\/#Haydns_Kaiserquartett_aber_anders\" >Haydns Kaiserquartett, aber anders<\/a><\/li><\/ul><\/nav><\/div>\n<h3><span class=\"ez-toc-section\" id=\"Nius_sick\"><\/span>Nius sick<span class=\"ez-toc-section-end\"><\/span><\/h3>\r\n<p>Geht man auf die Website von niusic, wird einem ziemlich schnell ein Popup eingespielt, dass man den NIUSletter abonnieren k\u00f6nne.<\/p>\r\n<figure id=\"attachment_9107\" aria-describedby=\"caption-attachment-9107\" style=\"width: 840px\" class=\"wp-caption aligncenter\"><a href=\"https:\/\/i0.wp.com\/www.kritische-masse.de\/logbuch\/wp-content\/uploads\/2024\/02\/niusic-%E2%80%93-das-Onlinebiotop-fuer-Klassik-und-Musikkultur.png?ssl=1\"><img data-recalc-dims=\"1\" loading=\"lazy\" decoding=\"async\" data-attachment-id=\"9107\" data-permalink=\"https:\/\/www.kritische-masse.de\/logbuch\/2024\/02\/nius-sick-a-capella-contra-afd-kultur-und-demokratie-fontane\/niusic-das-onlinebiotop-fuer-klassik-und-musikkultur\/\" data-orig-file=\"https:\/\/i0.wp.com\/www.kritische-masse.de\/logbuch\/wp-content\/uploads\/2024\/02\/niusic-%E2%80%93-das-Onlinebiotop-fuer-Klassik-und-Musikkultur.png?fit=2940%2C1614&amp;ssl=1\" data-orig-size=\"2940,1614\" data-comments-opened=\"1\" data-image-meta=\"{&quot;aperture&quot;:&quot;0&quot;,&quot;credit&quot;:&quot;&quot;,&quot;camera&quot;:&quot;&quot;,&quot;caption&quot;:&quot;&quot;,&quot;created_timestamp&quot;:&quot;0&quot;,&quot;copyright&quot;:&quot;&quot;,&quot;focal_length&quot;:&quot;0&quot;,&quot;iso&quot;:&quot;0&quot;,&quot;shutter_speed&quot;:&quot;0&quot;,&quot;title&quot;:&quot;&quot;,&quot;orientation&quot;:&quot;0&quot;}\" data-image-title=\"niusic \u2013 das Onlinebiotop fu\u0308r Klassik und Musikkultur\" data-image-description=\"&lt;p&gt;niusic \u2013 das Onlinebiotop fu\u0308r Klassik und Musikkultur&lt;\/p&gt;\n\" data-image-caption=\"&lt;p&gt;niusic \u2013 das Onlinebiotop fu\u0308r Klassik und Musikkultur&lt;\/p&gt;\n\" data-large-file=\"https:\/\/i0.wp.com\/www.kritische-masse.de\/logbuch\/wp-content\/uploads\/2024\/02\/niusic-%E2%80%93-das-Onlinebiotop-fuer-Klassik-und-Musikkultur.png?fit=1024%2C562&amp;ssl=1\" class=\"size-large wp-image-9107\" title=\"niusic \u2013 das Onlinebiotop fu\u0308r Klassik und Musikkultur\" src=\"https:\/\/i0.wp.com\/www.kritische-masse.de\/logbuch\/wp-content\/uploads\/2024\/02\/niusic-%E2%80%93-das-Onlinebiotop-fuer-Klassik-und-Musikkultur.png?resize=840%2C461&#038;ssl=1\" alt=\"niusic \u2013 das Onlinebiotop fu\u0308r Klassik und Musikkultur\" width=\"840\" height=\"461\" srcset=\"https:\/\/i0.wp.com\/www.kritische-masse.de\/logbuch\/wp-content\/uploads\/2024\/02\/niusic-%E2%80%93-das-Onlinebiotop-fuer-Klassik-und-Musikkultur.png?resize=1024%2C562&amp;ssl=1 1024w, https:\/\/i0.wp.com\/www.kritische-masse.de\/logbuch\/wp-content\/uploads\/2024\/02\/niusic-%E2%80%93-das-Onlinebiotop-fuer-Klassik-und-Musikkultur.png?resize=300%2C165&amp;ssl=1 300w, https:\/\/i0.wp.com\/www.kritische-masse.de\/logbuch\/wp-content\/uploads\/2024\/02\/niusic-%E2%80%93-das-Onlinebiotop-fuer-Klassik-und-Musikkultur.png?resize=768%2C422&amp;ssl=1 768w, https:\/\/i0.wp.com\/www.kritische-masse.de\/logbuch\/wp-content\/uploads\/2024\/02\/niusic-%E2%80%93-das-Onlinebiotop-fuer-Klassik-und-Musikkultur.png?resize=1536%2C843&amp;ssl=1 1536w, https:\/\/i0.wp.com\/www.kritische-masse.de\/logbuch\/wp-content\/uploads\/2024\/02\/niusic-%E2%80%93-das-Onlinebiotop-fuer-Klassik-und-Musikkultur.png?resize=2048%2C1124&amp;ssl=1 2048w, https:\/\/i0.wp.com\/www.kritische-masse.de\/logbuch\/wp-content\/uploads\/2024\/02\/niusic-%E2%80%93-das-Onlinebiotop-fuer-Klassik-und-Musikkultur.png?resize=1320%2C725&amp;ssl=1 1320w, https:\/\/i0.wp.com\/www.kritische-masse.de\/logbuch\/wp-content\/uploads\/2024\/02\/niusic-%E2%80%93-das-Onlinebiotop-fuer-Klassik-und-Musikkultur.png?w=2400&amp;ssl=1 2400w\" sizes=\"auto, (max-width: 840px) 100vw, 840px\" \/><\/a><figcaption id=\"caption-attachment-9107\" class=\"wp-caption-text\">niusic \u2013 das Onlinebiotop fu\u0308r Klassik und Musikkultur<\/figcaption><\/figure>\r\n<p>Es ist gar nicht so einfach, herauszufinden, wie lange ein Domainname so in Benutzung ist. Die WayBackMachine kann <a href=\"https:\/\/web.archive.org\/web\/20240000000000*\/http:\/\/nius.de\/\">ein bisschen Licht ins Dunkel bringen<\/a>. Da gibt es nius.de seit 2001 als eigenartiges Nachrichtenauswahl-Gesch\u00e4ftsmodell. Zwischendrin ist mal ein Coach darauf platziert. 2021 schlie\u00dflich steht die Domain zum Verkauf. Etwas sp\u00e4ter beansprucht der aktuelle Nutzer die Domain mit dem Slogan \u201eDie Stimme der Mehrheit\u201c.<\/p>\r\n<p class=\"jetpack-slideshow-noscript robots-nocontent\">Diese Diashow ben\u00f6tigt JavaScript.<\/p><div id=\"gallery-9104-1-slideshow\" class=\"jetpack-slideshow-window jetpack-slideshow jetpack-slideshow-black\" data-trans=\"fade\" data-autostart=\"1\" data-gallery=\"[{&quot;src&quot;:&quot;https:\\\/\\\/i0.wp.com\\\/www.kritische-masse.de\\\/logbuch\\\/wp-content\\\/uploads\\\/2024\\\/02\\\/n-i-u-s.png?fit=1024%2C562\\u0026ssl=1&quot;,&quot;id&quot;:&quot;9108&quot;,&quot;title&quot;:&quot;n i u s 2001&quot;,&quot;alt&quot;:&quot;n i u s 2001&quot;,&quot;caption&quot;:&quot;n i u s 2001&quot;,&quot;itemprop&quot;:&quot;image&quot;},{&quot;src&quot;:&quot;https:\\\/\\\/i0.wp.com\\\/www.kritische-masse.de\\\/logbuch\\\/wp-content\\\/uploads\\\/2024\\\/02\\\/nius-de-This-website-is-for-sale-nius-Resources-and-Information-.png?fit=1024%2C562\\u0026ssl=1&quot;,&quot;id&quot;:&quot;9109&quot;,&quot;title&quot;:&quot;nius de This website is for sale nius Resources and Information&quot;,&quot;alt&quot;:&quot;nius de This website is for sale nius Resources and Information&quot;,&quot;caption&quot;:&quot;nius de This website is for sale nius Resources and Information&quot;,&quot;itemprop&quot;:&quot;image&quot;},{&quot;src&quot;:&quot;https:\\\/\\\/i0.wp.com\\\/www.kritische-masse.de\\\/logbuch\\\/wp-content\\\/uploads\\\/2024\\\/02\\\/NiUS.png?fit=1024%2C562\\u0026ssl=1&quot;,&quot;id&quot;:&quot;9110&quot;,&quot;title&quot;:&quot;NiUS 2022&quot;,&quot;alt&quot;:&quot;NiUS 2022&quot;,&quot;caption&quot;:&quot;NiUS 2022&quot;,&quot;itemprop&quot;:&quot;image&quot;}]\" itemscope itemtype=\"https:\/\/schema.org\/ImageGallery\"><\/div>\r\n<p>Die Hochzeit von Niusic.de indes begann 2016. Offenbar fehlte es dann an \u2026 was auch immer. Meine Prognose damals im Juni 2016 kann man <a href=\"https:\/\/www.nmz.de\/kritik\/rezensionen\/link-tipps\/link-tipps-201606\">hier nachlesen<\/a>.<\/p>\r\n<blockquote>\r\n<p>Nach Selbstbeschreibung sei man \u201eauf der Suche nach dem Besonderen: Deutlich und dissonant, sprachverliebt und vielstimmig. Mit allen medialen Mitteln, die das Internet bietet\u201c. Das freilich wird noch wenig eingel\u00f6st: Man f\u00fchrt ein leider noch sehr <a class=\"ext-link\" href=\"http:\/\/blog.niusic.de\/\">lebloses Blog<\/a> [mittlerweile ungelinkt versteckt; 14.6.2016] und twittert gelegentlich \u2013 das ist zu wenig. \u00dcberhaupt wird die Zukunft zeigen, ob da gen\u00fcgend Material eingespeichert wird, dass sich der regelm\u00e4\u00dfige Besuch f\u00fcr \u201eMusikbegeisterte und Musikverliebte\u201c lohnt. (<a href=\"https:\/\/www.nmz.de\/kritik\/rezensionen\/link-tipps\/link-tipps-201606\">nmz 2016\/06<\/a>).<\/p>\r\n<\/blockquote>\r\n<p>Ich hatte die leise Hoffnung, dass man Niusic.de vielleicht w\u00fcrde nutzen k\u00f6nnen, um nius.de zu Fall zu bringen. Wegen Namensrechten und Idee News Nius zu schreiben.<\/p>\r\n<h3><span class=\"ez-toc-section\" id=\"Demokratie_und_Kultur\"><\/span>Demokratie und Kultur<span class=\"ez-toc-section-end\"><\/span><\/h3>\r\n<p>Was tut sich sonst? Heute eine Mail erhalten mit dem Inhalt:<\/p>\r\n<blockquote>\r\n<p>\u201e28 A-Cappella-Bands haben sich zusammengeschlossen und ein Video-Statement zur AfD abgegeben:\u201c<\/p>\r\n<\/blockquote>\r\n<p><span class=\"embed-youtube\" style=\"text-align:center; display: block;\"><iframe loading=\"lazy\" class=\"youtube-player\" width=\"1200\" height=\"675\" src=\"https:\/\/www.youtube.com\/embed\/cNO8O1v21XA?version=3&#038;rel=1&#038;showsearch=0&#038;showinfo=1&#038;iv_load_policy=1&#038;fs=1&#038;hl=de-DE&#038;autohide=2&#038;wmode=transparent\" allowfullscreen=\"true\" style=\"border:0;\" sandbox=\"allow-scripts allow-same-origin allow-popups allow-presentation allow-popups-to-escape-sandbox\"><\/iframe><\/span><\/p>\r\n<p>Ich finde es gut, aber auch ein bisschen mittelpr\u00e4chtig, was den Anfang angeht, weil da immer wieder betont wird als Besonderheit, was seit jeher g\u00e4ngige Praxis ist, dass man n\u00e4mlich aktuelle Politik immer auf den Pr\u00fcfstand stellen darf und kann und dies auch tut, dass nat\u00fcrlich die Welt nicht im Lot ist, sondern aus den Fugen. Dass nat\u00fcrlich nicht alle Menschen gleichma\u00dfen &#8220;sichtbar&#8221; sind, ist jetzt weder neu, noch eine Erkl\u00e4rung f\u00fcr Unzufriedenheit(en).<\/p>\r\n<p>Die K\u00fcnstler:innengewerkschaften <strong>VdO, BFFS und GDBA <\/strong>haben sich am 1. Februar 2024 so ge\u00e4u\u00dfert:<strong><br \/><\/strong><\/p>\r\n<blockquote>Das sogenannte \u201eGeheimtreffen\u201d f\u00fchrender AfD-Politiker*innen mit Mitgliedern der Werteunion, Unternehmer*innen und Neonazis in Potsdam hat uns, die Schwestergewerkschaften BFFS, GDBA und VdO zutiefst ersch\u00fcttert. Dank der mutigen Aufkl\u00e4rungsarbeit der Journalist*innen vom Medien-Netzwerks \u201ecorrectiv\u201c wissen wir, dass dort \u00fcber Vertreibungspl\u00e4ne beraten wurde. Unter dem Tarnwort \u201eRemigration\u201c haben die Anwesenden \u00fcber Deportation und ethnische wie kulturelle Gleichschaltung unserer Gesellschaft diskutiert. \u2026\r\n<p>Das Treffen zeigt uns, dass eine reale Gefahr f\u00fcr unsere Demokratie, unsere Verfassung und unsere plurale Gesellschaft existiert. Gegen diese Gefahr haben in den letzten Wochen Millionen von Menschen ihre Stimme erhoben. Auch unsere Mitglieder waren dabei und sind dabei. Das macht uns Mut. Das gibt Hoffnung. Das macht stark und inspiriert. Denn dieses Land und unsere Theaterwelt besteht aus vielen Menschen mit unterschiedlichen Geschichten und Identit\u00e4ten &#8211; das lieben wir. Das zeichnet uns aus. Das zeichnet Kunst und Kultur aus.<\/p>\r\n<p>Wir Theaterschaffende m\u00fcssen unsere Demokratie verteidigen, denn wir sind unabdingbar mit ihr verbunden. <a href=\"https:\/\/www.vdoper.de\/statement-kuenstlerinnengewerkschaften-vdo-bffs-gdba\" target=\"_blank\" rel=\"noopener\">Weiterlesen<\/a><\/p>\r\n<\/blockquote>\r\n<p>An sich ist dies auch schon mein Gedanke, man muss diesen Autorit\u00e4ren jeder Coleur zeigen, sie finden keinen Anschluss in der demokratischen Kultur und in der Kultur der Demokratie. Ob in Theater, Spielmannszug, Museum, Kino \u2026 denn, wer totalit\u00e4rem Denken und Handeln fr\u00f6nt wird nicht ausgegrenzt, sondern grenzt sich selbst aktiv aus. Die Frage ist leider, funktioniert das dort noch, wo die Autorit\u00e4ren l\u00e4ngst die Kulturen der Lebenswelt \u00fcbernommen haben. Der Faschismus hatte auch keine Schwierigkeiten Beethovens Neunte f\u00fcr sich zu reklamieren.<\/p>\r\n<h3><span class=\"ez-toc-section\" id=\"Klassik_gegen_rechts\"><\/span>Klassik gegen rechts?<span class=\"ez-toc-section-end\"><\/span><\/h3>\r\n\r\n<p>Die Probleme zeigen sich auch bei einer offenen Playlist unter dem Titel \u201eKlassik gegen Rechts\u201c, die mittlerweile gel\u00f6scht worden ist. Den Austausch in der Sache kann man aber bei Bluesky mit interessanten Wendungen <a href=\"https:\/\/bsky.app\/profile\/radischorsch.bsky.social\/post\/3kkxsdubshy2s\">nachlesen<\/a> und <a href=\"https:\/\/bsky.app\/profile\/radischorsch.bsky.social\/post\/3kkwj6c2kf62i\">da auch<\/a>. [Zweiter Link erg\u00e4nzt: 10.02.24 \u2013 16:35]<\/p>\r\n<h3><span class=\"ez-toc-section\" id=\"Haydns_Kaiserquartett_aber_anders\"><\/span>Haydns Kaiserquartett, aber anders<span class=\"ez-toc-section-end\"><\/span><\/h3>\r\n<p>Facebook erinnert mich an meine Soundcloud \u2026<\/p>\r\n<p><p class=\"responsive-video-wrap clr\"><iframe loading=\"lazy\" title=\"Kaiserquartett in anders by Martin Hufner\" width=\"1200\" height=\"400\" scrolling=\"no\" frameborder=\"no\" src=\"https:\/\/w.soundcloud.com\/player\/?visual=true&#038;url=https%3A%2F%2Fapi.soundcloud.com%2Ftracks%2F36161895&#038;show_artwork=true&#038;maxheight=1000&#038;maxwidth=1200\"><\/iframe><\/p><\/p>\r\n<hr \/>\r\n<p>Wanderungen durch Brandenburg, ganz ohne Fontane, geht nicht. Vor zwei Jahren Autobahn-Phase.<\/p>\r\n<figure id=\"attachment_9114\" aria-describedby=\"caption-attachment-9114\" style=\"width: 840px\" class=\"wp-caption aligncenter\"><a href=\"https:\/\/i0.wp.com\/www.kritische-masse.de\/logbuch\/wp-content\/uploads\/2024\/02\/03769215-4745-4D1B-B069-19FB5A83BB85-scaled.jpg?ssl=1\"><img data-recalc-dims=\"1\" loading=\"lazy\" decoding=\"async\" data-attachment-id=\"9114\" data-permalink=\"https:\/\/www.kritische-masse.de\/logbuch\/2024\/02\/nius-sick-a-capella-contra-afd-kultur-und-demokratie-fontane\/03769215-4745-4d1b-b069-19fb5a83bb85\/\" data-orig-file=\"https:\/\/i0.wp.com\/www.kritische-masse.de\/logbuch\/wp-content\/uploads\/2024\/02\/03769215-4745-4D1B-B069-19FB5A83BB85-scaled.jpg?fit=2560%2C1920&amp;ssl=1\" data-orig-size=\"2560,1920\" data-comments-opened=\"1\" data-image-meta=\"{&quot;aperture&quot;:&quot;1.8&quot;,&quot;credit&quot;:&quot;&quot;,&quot;camera&quot;:&quot;iPhone 13 Pro&quot;,&quot;caption&quot;:&quot;&quot;,&quot;created_timestamp&quot;:&quot;1707409456&quot;,&quot;copyright&quot;:&quot;&quot;,&quot;focal_length&quot;:&quot;1.57&quot;,&quot;iso&quot;:&quot;100&quot;,&quot;shutter_speed&quot;:&quot;0.01010101010101&quot;,&quot;title&quot;:&quot;&quot;,&quot;orientation&quot;:&quot;1&quot;}\" data-image-title=\"Die Liebe ist ein \u2026 Foto: Hufner\" data-image-description=\"&lt;p&gt;Die Liebe ist ein \u2026 Foto: Hufner&lt;\/p&gt;\n\" data-image-caption=\"&lt;p&gt;Die Liebe ist ein \u2026 Foto: Hufner&lt;\/p&gt;\n\" data-large-file=\"https:\/\/i0.wp.com\/www.kritische-masse.de\/logbuch\/wp-content\/uploads\/2024\/02\/03769215-4745-4D1B-B069-19FB5A83BB85-scaled.jpg?fit=1024%2C768&amp;ssl=1\" class=\"size-large wp-image-9114\" title=\"Die Liebe ist ein \u2026 Foto: Hufner\" src=\"https:\/\/i0.wp.com\/www.kritische-masse.de\/logbuch\/wp-content\/uploads\/2024\/02\/03769215-4745-4D1B-B069-19FB5A83BB85.jpg?resize=840%2C630&#038;ssl=1\" alt=\"Die Liebe ist ein \u2026 Foto: Hufner\" width=\"840\" height=\"630\" srcset=\"https:\/\/i0.wp.com\/www.kritische-masse.de\/logbuch\/wp-content\/uploads\/2024\/02\/03769215-4745-4D1B-B069-19FB5A83BB85-scaled.jpg?resize=1024%2C768&amp;ssl=1 1024w, https:\/\/i0.wp.com\/www.kritische-masse.de\/logbuch\/wp-content\/uploads\/2024\/02\/03769215-4745-4D1B-B069-19FB5A83BB85-scaled.jpg?resize=300%2C225&amp;ssl=1 300w, https:\/\/i0.wp.com\/www.kritische-masse.de\/logbuch\/wp-content\/uploads\/2024\/02\/03769215-4745-4D1B-B069-19FB5A83BB85-scaled.jpg?resize=768%2C576&amp;ssl=1 768w, https:\/\/i0.wp.com\/www.kritische-masse.de\/logbuch\/wp-content\/uploads\/2024\/02\/03769215-4745-4D1B-B069-19FB5A83BB85-scaled.jpg?resize=1536%2C1152&amp;ssl=1 1536w, https:\/\/i0.wp.com\/www.kritische-masse.de\/logbuch\/wp-content\/uploads\/2024\/02\/03769215-4745-4D1B-B069-19FB5A83BB85-scaled.jpg?resize=2048%2C1536&amp;ssl=1 2048w, https:\/\/i0.wp.com\/www.kritische-masse.de\/logbuch\/wp-content\/uploads\/2024\/02\/03769215-4745-4D1B-B069-19FB5A83BB85-scaled.jpg?resize=840%2C630&amp;ssl=1 840w, https:\/\/i0.wp.com\/www.kritische-masse.de\/logbuch\/wp-content\/uploads\/2024\/02\/03769215-4745-4D1B-B069-19FB5A83BB85-scaled.jpg?resize=440%2C330&amp;ssl=1 440w, https:\/\/i0.wp.com\/www.kritische-masse.de\/logbuch\/wp-content\/uploads\/2024\/02\/03769215-4745-4D1B-B069-19FB5A83BB85-scaled.jpg?resize=1320%2C990&amp;ssl=1 1320w, https:\/\/i0.wp.com\/www.kritische-masse.de\/logbuch\/wp-content\/uploads\/2024\/02\/03769215-4745-4D1B-B069-19FB5A83BB85-scaled.jpg?w=2400&amp;ssl=1 2400w\" sizes=\"auto, (max-width: 840px) 100vw, 840px\" \/><\/a><figcaption id=\"caption-attachment-9114\" class=\"wp-caption-text\">Die Liebe ist ein \u2026 Foto: Hufner<\/figcaption><\/figure>\r\n<figure id=\"attachment_9115\" aria-describedby=\"caption-attachment-9115\" style=\"width: 840px\" class=\"wp-caption aligncenter\"><a href=\"https:\/\/i0.wp.com\/www.kritische-masse.de\/logbuch\/wp-content\/uploads\/2024\/02\/02_10_vor2jahren_autobahn.jpg?ssl=1\"><img data-recalc-dims=\"1\" loading=\"lazy\" decoding=\"async\" data-attachment-id=\"9115\" data-permalink=\"https:\/\/www.kritische-masse.de\/logbuch\/2024\/02\/nius-sick-a-capella-contra-afd-kultur-und-demokratie-fontane\/02_10_vor2jahren_autobahn\/\" data-orig-file=\"https:\/\/i0.wp.com\/www.kritische-masse.de\/logbuch\/wp-content\/uploads\/2024\/02\/02_10_vor2jahren_autobahn.jpg?fit=1440%2C970&amp;ssl=1\" data-orig-size=\"1440,970\" data-comments-opened=\"1\" data-image-meta=\"{&quot;aperture&quot;:&quot;0&quot;,&quot;credit&quot;:&quot;&quot;,&quot;camera&quot;:&quot;&quot;,&quot;caption&quot;:&quot;&quot;,&quot;created_timestamp&quot;:&quot;0&quot;,&quot;copyright&quot;:&quot;&quot;,&quot;focal_length&quot;:&quot;0&quot;,&quot;iso&quot;:&quot;0&quot;,&quot;shutter_speed&quot;:&quot;0&quot;,&quot;title&quot;:&quot;&quot;,&quot;orientation&quot;:&quot;0&quot;}\" data-image-title=\"2022 \u2013 Autobahn-Phase. Foto: Hufner\" data-image-description=\"&lt;p&gt;2022 \u2013 Autobahn-Phase. Foto: Hufner&lt;\/p&gt;\n\" data-image-caption=\"&lt;p&gt;2022 \u2013 Autobahn-Phase. Foto: Hufner&lt;\/p&gt;\n\" data-large-file=\"https:\/\/i0.wp.com\/www.kritische-masse.de\/logbuch\/wp-content\/uploads\/2024\/02\/02_10_vor2jahren_autobahn.jpg?fit=1024%2C690&amp;ssl=1\" class=\"size-large wp-image-9115\" title=\"2022 \u2013 Autobahn-Phase. Foto: Hufner\" src=\"https:\/\/i0.wp.com\/www.kritische-masse.de\/logbuch\/wp-content\/uploads\/2024\/02\/02_10_vor2jahren_autobahn.jpg?resize=840%2C566&#038;ssl=1\" alt=\"2022 \u2013 Autobahn-Phase. Foto: Hufner\" width=\"840\" height=\"566\" srcset=\"https:\/\/i0.wp.com\/www.kritische-masse.de\/logbuch\/wp-content\/uploads\/2024\/02\/02_10_vor2jahren_autobahn.jpg?resize=1024%2C690&amp;ssl=1 1024w, https:\/\/i0.wp.com\/www.kritische-masse.de\/logbuch\/wp-content\/uploads\/2024\/02\/02_10_vor2jahren_autobahn.jpg?resize=300%2C202&amp;ssl=1 300w, https:\/\/i0.wp.com\/www.kritische-masse.de\/logbuch\/wp-content\/uploads\/2024\/02\/02_10_vor2jahren_autobahn.jpg?resize=768%2C517&amp;ssl=1 768w, https:\/\/i0.wp.com\/www.kritische-masse.de\/logbuch\/wp-content\/uploads\/2024\/02\/02_10_vor2jahren_autobahn.jpg?resize=1320%2C889&amp;ssl=1 1320w, https:\/\/i0.wp.com\/www.kritische-masse.de\/logbuch\/wp-content\/uploads\/2024\/02\/02_10_vor2jahren_autobahn.jpg?w=1440&amp;ssl=1 1440w\" sizes=\"auto, (max-width: 840px) 100vw, 840px\" \/><\/a><figcaption id=\"caption-attachment-9115\" class=\"wp-caption-text\">2022 \u2013 Autobahn-Phase. Foto: Hufner<\/figcaption><\/figure>\r\n<p>&nbsp;<\/p>\r\n<p>&nbsp;<\/p><div class=\"shariff shariff-align-left shariff-widget-align-left\"><ul class=\"shariff-buttons theme-white orientation-horizontal buttonsize-small\"><li class=\"shariff-button mastodon shariff-nocustomcolor\" style=\"background-color:#563ACC\"><a href=\"https:\/\/s2f.kytta.dev\/?text=Nius%20sick%20%2F%20A%20Capella%20contra%20AfD%20%2F%20Kultur%20und%20Demokratie%20%2F%20Fontane https%3A%2F%2Fwww.kritische-masse.de%2Flogbuch%2F2024%2F02%2Fnius-sick-a-capella-contra-afd-kultur-und-demokratie-fontane%2F\" title=\"Bei Mastodon teilen\" aria-label=\"Bei Mastodon teilen\" role=\"button\" rel=\"noopener nofollow\" class=\"shariff-link\" style=\"; background-color:#6364FF; color:#6364FF\" target=\"_blank\"><span class=\"shariff-icon\" style=\"fill:#6364FF\"><svg width=\"75\" height=\"79\" viewBox=\"0 0 75 79\" fill=\"none\" xmlns=\"http:\/\/www.w3.org\/2000\/svg\"><path d=\"M37.813-.025C32.462-.058 27.114.13 21.79.598c-8.544.621-17.214 5.58-20.203 13.931C-1.12 23.318.408 32.622.465 41.65c.375 7.316.943 14.78 3.392 21.73 4.365 9.465 14.781 14.537 24.782 15.385 7.64.698 15.761-.213 22.517-4.026a54.1 54.1 0 0 0 .01-6.232c-6.855 1.316-14.101 2.609-21.049 1.074-3.883-.88-6.876-4.237-7.25-8.215-1.53-3.988 3.78-.43 5.584-.883 9.048 1.224 18.282.776 27.303-.462 7.044-.837 14.26-4.788 16.65-11.833 2.263-6.135 1.215-12.79 1.698-19.177.06-3.84.09-7.692-.262-11.52C72.596 7.844 63.223.981 53.834.684a219.453 219.453 0 0 0-16.022-.71zm11.294 12.882c5.5-.067 10.801 4.143 11.67 9.653.338 1.48.471 3 .471 4.515v21.088h-8.357c-.07-7.588.153-15.182-.131-22.765-.587-4.368-7.04-5.747-9.672-2.397-2.422 3.04-1.47 7.155-1.67 10.735v6.392h-8.307c-.146-4.996.359-10.045-.404-15.002-1.108-4.218-7.809-5.565-10.094-1.666-1.685 3.046-.712 6.634-.976 9.936v14.767h-8.354c.109-8.165-.238-16.344.215-24.5.674-5.346 5.095-10.389 10.676-10.627 4.902-.739 10.103 2.038 12.053 6.631.375 1.435 1.76 1.932 1.994.084 1.844-3.704 5.501-6.739 9.785-6.771.367-.044.735-.068 1.101-.073z\"\/><defs><linearGradient id=\"paint0_linear_549_34\" x1=\"37.0692\" y1=\"0\" x2=\"37.0692\" y2=\"79\" gradientUnits=\"userSpaceOnUse\"><stop stop-color=\"#6364FF\"\/><stop offset=\"1\" stop-color=\"#563ACC\"\/><\/linearGradient><\/defs><\/svg><\/span><span class=\"shariff-text\" style=\"color:#6364FF\">teilen<\/span>&nbsp;<\/a><\/li><li class=\"shariff-button bluesky shariff-nocustomcolor\" style=\"background-color:#84c4ff\"><a href=\"https:\/\/bsky.app\/intent\/compose?text=Nius%20sick%20%2F%20A%20Capella%20contra%20AfD%20%2F%20Kultur%20und%20Demokratie%20%2F%20Fontane https%3A%2F%2Fwww.kritische-masse.de%2Flogbuch%2F2024%2F02%2Fnius-sick-a-capella-contra-afd-kultur-und-demokratie-fontane%2F \" title=\"Bei Bluesky teilen\" aria-label=\"Bei Bluesky teilen\" role=\"button\" rel=\"noopener nofollow\" class=\"shariff-link\" style=\"; background-color:#0085ff; color:#0085ff\" target=\"_blank\"><span class=\"shariff-icon\" style=\"fill:#0085ff\"><svg width=\"20\" height=\"20\" version=\"1.1\" xmlns=\"http:\/\/www.w3.org\/2000\/svg\" viewBox=\"0 0 20 20\"><path class=\"st0\" d=\"M4.89,3.12c2.07,1.55,4.3,4.71,5.11,6.4.82-1.69,3.04-4.84,5.11-6.4,1.49-1.12,3.91-1.99,3.91.77,0,.55-.32,4.63-.5,5.3-.64,2.3-2.99,2.89-5.08,2.54,3.65.62,4.58,2.68,2.57,4.74-3.81,3.91-5.48-.98-5.9-2.23-.08-.23-.11-.34-.12-.25,0-.09-.04.02-.12.25-.43,1.25-2.09,6.14-5.9,2.23-2.01-2.06-1.08-4.12,2.57-4.74-2.09.36-4.44-.23-5.08-2.54-.19-.66-.5-4.74-.5-5.3,0-2.76,2.42-1.89,3.91-.77h0Z\"\/><\/svg><\/span><span class=\"shariff-text\" style=\"color:#0085ff\">teilen<\/span>&nbsp;<\/a><\/li><li class=\"shariff-button threema shariff-nocustomcolor shariff-mobile\" style=\"background-color:#4fbc24\"><a href=\"threema:\/\/compose?text=Nius%20sick%20%2F%20A%20Capella%20contra%20AfD%20%2F%20Kultur%20und%20Demokratie%20%2F%20Fontane%20https%3A%2F%2Fwww.kritische-masse.de%2Flogbuch%2F2024%2F02%2Fnius-sick-a-capella-contra-afd-kultur-und-demokratie-fontane%2F\" title=\"Bei Threema teilen\" aria-label=\"Bei Threema teilen\" role=\"button\" rel=\"noopener nofollow\" class=\"shariff-link\" style=\"; background-color:#1f1f1f; color:#1f1f1f\" target=\"_blank\"><span class=\"shariff-icon\" style=\"fill:#1f1f1f\"><svg width=\"32px\" height=\"20px\" xmlns=\"http:\/\/www.w3.org\/2000\/svg\" viewBox=\"0 0 32 32\"><path fill=\"#1f1f1f\" d=\"M30.8 10.9c-0.3-1.4-0.9-2.6-1.8-3.8-2-2.6-5.5-4.5-9.4-5.2-1.3-0.2-1.9-0.3-3.5-0.3s-2.2 0-3.5 0.3c-4 0.7-7.4 2.6-9.4 5.2-0.9 1.2-1.5 2.4-1.8 3.8-0.1 0.5-0.2 1.2-0.2 1.6 0 0.4 0.1 1.1 0.2 1.6 0.4 1.9 1.3 3.4 2.9 5 0.8 0.8 0.8 0.8 0.7 1.3 0 0.6-0.5 1.6-1.7 3.6-0.3 0.5-0.5 0.9-0.5 0.9 0 0.1 0.1 0.1 0.5 0 0.8-0.2 2.3-0.6 5.6-1.6 1.1-0.3 1.3-0.4 2.3-0.4 0.8 0 1.1 0 2.3 0.2 1.5 0.2 3.5 0.2 4.9 0 5.1-0.6 9.3-2.9 11.4-6.3 0.5-0.9 0.9-1.8 1.1-2.8 0.1-0.5 0.2-1.1 0.2-1.6 0-0.7-0.1-1.1-0.2-1.6-0.3-1.4 0.1 0.5 0 0zM20.6 17.3c0 0.4-0.4 0.8-0.8 0.8h-7.7c-0.4 0-0.8-0.4-0.8-0.8v-4.6c0-0.4 0.4-0.8 0.8-0.8h0.2l0-1.6c0-0.9 0-1.8 0.1-2 0.1-0.6 0.6-1.2 1.1-1.7s1.1-0.7 1.9-0.8c1.8-0.3 3.7 0.7 4.2 2.2 0.1 0.3 0.1 0.7 0.1 2.1v0 1.7h0.1c0.4 0 0.8 0.4 0.8 0.8v4.6zM15.6 7.3c-0.5 0.1-0.8 0.3-1.2 0.6s-0.6 0.8-0.7 1.3c0 0.2 0 0.8 0 1.5l0 1.2h4.6v-1.3c0-1 0-1.4-0.1-1.6-0.3-1.1-1.5-1.9-2.6-1.7zM25.8 28.2c0 1.2-1 2.2-2.1 2.2s-2.1-1-2.1-2.1c0-1.2 1-2.1 2.2-2.1s2.2 1 2.2 2.2zM18.1 28.2c0 1.2-1 2.2-2.1 2.2s-2.1-1-2.1-2.1c0-1.2 1-2.1 2.2-2.1s2.2 1 2.2 2.2zM10.4 28.2c0 1.2-1 2.2-2.1 2.2s-2.1-1-2.1-2.1c0-1.2 1-2.1 2.2-2.1s2.2 1 2.2 2.2z\"\/><\/svg><\/span><span class=\"shariff-text\" style=\"color:#1f1f1f\">teilen<\/span>&nbsp;<\/a><\/li><li class=\"shariff-button facebook shariff-nocustomcolor\" style=\"background-color:#4273c8\"><a href=\"https:\/\/www.facebook.com\/sharer\/sharer.php?u=https%3A%2F%2Fwww.kritische-masse.de%2Flogbuch%2F2024%2F02%2Fnius-sick-a-capella-contra-afd-kultur-und-demokratie-fontane%2F\" title=\"Bei Facebook teilen\" aria-label=\"Bei Facebook teilen\" role=\"button\" rel=\"nofollow\" class=\"shariff-link\" style=\"; background-color:#3b5998; color:#3b5998\" target=\"_blank\"><span class=\"shariff-icon\" style=\"fill:#3b5998\"><svg width=\"32px\" height=\"20px\" xmlns=\"http:\/\/www.w3.org\/2000\/svg\" viewBox=\"0 0 18 32\"><path fill=\"#3b5998\" d=\"M17.1 0.2v4.7h-2.8q-1.5 0-2.1 0.6t-0.5 1.9v3.4h5.2l-0.7 5.3h-4.5v13.6h-5.5v-13.6h-4.5v-5.3h4.5v-3.9q0-3.3 1.9-5.2t5-1.8q2.6 0 4.1 0.2z\"\/><\/svg><\/span><span class=\"shariff-text\" style=\"color:#3b5998\">teilen<\/span>&nbsp;<\/a><\/li><li class=\"shariff-button info shariff-nocustomcolor\" style=\"background-color:#a8a8a8\"><a href=\"http:\/\/ct.de\/-2467514\" title=\"Weitere Informationen\" aria-label=\"Weitere Informationen\" role=\"button\" rel=\"noopener \" class=\"shariff-link\" style=\"; background-color:#999; color:#999\" target=\"_blank\"><span class=\"shariff-icon\" style=\"fill:#999\"><svg width=\"32px\" height=\"20px\" xmlns=\"http:\/\/www.w3.org\/2000\/svg\" viewBox=\"0 0 11 32\"><path fill=\"#999\" d=\"M11.4 24v2.3q0 0.5-0.3 0.8t-0.8 0.4h-9.1q-0.5 0-0.8-0.4t-0.4-0.8v-2.3q0-0.5 0.4-0.8t0.8-0.4h1.1v-6.8h-1.1q-0.5 0-0.8-0.4t-0.4-0.8v-2.3q0-0.5 0.4-0.8t0.8-0.4h6.8q0.5 0 0.8 0.4t0.4 0.8v10.3h1.1q0.5 0 0.8 0.4t0.3 0.8zM9.2 3.4v3.4q0 0.5-0.4 0.8t-0.8 0.4h-4.6q-0.4 0-0.8-0.4t-0.4-0.8v-3.4q0-0.4 0.4-0.8t0.8-0.4h4.6q0.5 0 0.8 0.4t0.4 0.8z\"\/><\/svg><\/span><\/a><\/li><\/ul><\/div>","protected":false},"excerpt":{"rendered":"<p>nius und niusic +++ nius sick +++ 28 a capella-Ensembles mit Statement zur AfD +++ Klassik gegen Rechts? +++ Kultur als Demokratiefaktor +++<\/p>\n<div class=\"shariff shariff-align-left shariff-widget-align-left\"><ul class=\"shariff-buttons theme-white orientation-horizontal buttonsize-small\"><li class=\"shariff-button mastodon shariff-nocustomcolor\" style=\"background-color:#563ACC\"><a href=\"https:\/\/s2f.kytta.dev\/?text=Nius%20sick%20%2F%20A%20Capella%20contra%20AfD%20%2F%20Kultur%20und%20Demokratie%20%2F%20Fontane https%3A%2F%2Fwww.kritische-masse.de%2Flogbuch%2F2024%2F02%2Fnius-sick-a-capella-contra-afd-kultur-und-demokratie-fontane%2F\" title=\"Bei Mastodon teilen\" aria-label=\"Bei Mastodon teilen\" role=\"button\" rel=\"noopener nofollow\" class=\"shariff-link\" style=\"; background-color:#6364FF; color:#6364FF\" target=\"_blank\"><span class=\"shariff-icon\" style=\"fill:#6364FF\"><svg width=\"75\" height=\"79\" viewBox=\"0 0 75 79\" fill=\"none\" xmlns=\"http:\/\/www.w3.org\/2000\/svg\"><path d=\"M37.813-.025C32.462-.058 27.114.13 21.79.598c-8.544.621-17.214 5.58-20.203 13.931C-1.12 23.318.408 32.622.465 41.65c.375 7.316.943 14.78 3.392 21.73 4.365 9.465 14.781 14.537 24.782 15.385 7.64.698 15.761-.213 22.517-4.026a54.1 54.1 0 0 0 .01-6.232c-6.855 1.316-14.101 2.609-21.049 1.074-3.883-.88-6.876-4.237-7.25-8.215-1.53-3.988 3.78-.43 5.584-.883 9.048 1.224 18.282.776 27.303-.462 7.044-.837 14.26-4.788 16.65-11.833 2.263-6.135 1.215-12.79 1.698-19.177.06-3.84.09-7.692-.262-11.52C72.596 7.844 63.223.981 53.834.684a219.453 219.453 0 0 0-16.022-.71zm11.294 12.882c5.5-.067 10.801 4.143 11.67 9.653.338 1.48.471 3 .471 4.515v21.088h-8.357c-.07-7.588.153-15.182-.131-22.765-.587-4.368-7.04-5.747-9.672-2.397-2.422 3.04-1.47 7.155-1.67 10.735v6.392h-8.307c-.146-4.996.359-10.045-.404-15.002-1.108-4.218-7.809-5.565-10.094-1.666-1.685 3.046-.712 6.634-.976 9.936v14.767h-8.354c.109-8.165-.238-16.344.215-24.5.674-5.346 5.095-10.389 10.676-10.627 4.902-.739 10.103 2.038 12.053 6.631.375 1.435 1.76 1.932 1.994.084 1.844-3.704 5.501-6.739 9.785-6.771.367-.044.735-.068 1.101-.073z\"\/><defs><linearGradient id=\"paint0_linear_549_34\" x1=\"37.0692\" y1=\"0\" x2=\"37.0692\" y2=\"79\" gradientUnits=\"userSpaceOnUse\"><stop stop-color=\"#6364FF\"\/><stop offset=\"1\" stop-color=\"#563ACC\"\/><\/linearGradient><\/defs><\/svg><\/span><span class=\"shariff-text\" style=\"color:#6364FF\">teilen<\/span>&nbsp;<\/a><\/li><li class=\"shariff-button bluesky shariff-nocustomcolor\" style=\"background-color:#84c4ff\"><a href=\"https:\/\/bsky.app\/intent\/compose?text=Nius%20sick%20%2F%20A%20Capella%20contra%20AfD%20%2F%20Kultur%20und%20Demokratie%20%2F%20Fontane https%3A%2F%2Fwww.kritische-masse.de%2Flogbuch%2F2024%2F02%2Fnius-sick-a-capella-contra-afd-kultur-und-demokratie-fontane%2F \" title=\"Bei Bluesky teilen\" aria-label=\"Bei Bluesky teilen\" role=\"button\" rel=\"noopener nofollow\" class=\"shariff-link\" style=\"; background-color:#0085ff; color:#0085ff\" target=\"_blank\"><span class=\"shariff-icon\" style=\"fill:#0085ff\"><svg width=\"20\" height=\"20\" version=\"1.1\" xmlns=\"http:\/\/www.w3.org\/2000\/svg\" viewBox=\"0 0 20 20\"><path class=\"st0\" d=\"M4.89,3.12c2.07,1.55,4.3,4.71,5.11,6.4.82-1.69,3.04-4.84,5.11-6.4,1.49-1.12,3.91-1.99,3.91.77,0,.55-.32,4.63-.5,5.3-.64,2.3-2.99,2.89-5.08,2.54,3.65.62,4.58,2.68,2.57,4.74-3.81,3.91-5.48-.98-5.9-2.23-.08-.23-.11-.34-.12-.25,0-.09-.04.02-.12.25-.43,1.25-2.09,6.14-5.9,2.23-2.01-2.06-1.08-4.12,2.57-4.74-2.09.36-4.44-.23-5.08-2.54-.19-.66-.5-4.74-.5-5.3,0-2.76,2.42-1.89,3.91-.77h0Z\"\/><\/svg><\/span><span class=\"shariff-text\" style=\"color:#0085ff\">teilen<\/span>&nbsp;<\/a><\/li><li class=\"shariff-button threema shariff-nocustomcolor shariff-mobile\" style=\"background-color:#4fbc24\"><a href=\"threema:\/\/compose?text=Nius%20sick%20%2F%20A%20Capella%20contra%20AfD%20%2F%20Kultur%20und%20Demokratie%20%2F%20Fontane%20https%3A%2F%2Fwww.kritische-masse.de%2Flogbuch%2F2024%2F02%2Fnius-sick-a-capella-contra-afd-kultur-und-demokratie-fontane%2F\" title=\"Bei Threema teilen\" aria-label=\"Bei Threema teilen\" role=\"button\" rel=\"noopener nofollow\" class=\"shariff-link\" style=\"; background-color:#1f1f1f; color:#1f1f1f\" target=\"_blank\"><span class=\"shariff-icon\" style=\"fill:#1f1f1f\"><svg width=\"32px\" height=\"20px\" xmlns=\"http:\/\/www.w3.org\/2000\/svg\" viewBox=\"0 0 32 32\"><path fill=\"#1f1f1f\" d=\"M30.8 10.9c-0.3-1.4-0.9-2.6-1.8-3.8-2-2.6-5.5-4.5-9.4-5.2-1.3-0.2-1.9-0.3-3.5-0.3s-2.2 0-3.5 0.3c-4 0.7-7.4 2.6-9.4 5.2-0.9 1.2-1.5 2.4-1.8 3.8-0.1 0.5-0.2 1.2-0.2 1.6 0 0.4 0.1 1.1 0.2 1.6 0.4 1.9 1.3 3.4 2.9 5 0.8 0.8 0.8 0.8 0.7 1.3 0 0.6-0.5 1.6-1.7 3.6-0.3 0.5-0.5 0.9-0.5 0.9 0 0.1 0.1 0.1 0.5 0 0.8-0.2 2.3-0.6 5.6-1.6 1.1-0.3 1.3-0.4 2.3-0.4 0.8 0 1.1 0 2.3 0.2 1.5 0.2 3.5 0.2 4.9 0 5.1-0.6 9.3-2.9 11.4-6.3 0.5-0.9 0.9-1.8 1.1-2.8 0.1-0.5 0.2-1.1 0.2-1.6 0-0.7-0.1-1.1-0.2-1.6-0.3-1.4 0.1 0.5 0 0zM20.6 17.3c0 0.4-0.4 0.8-0.8 0.8h-7.7c-0.4 0-0.8-0.4-0.8-0.8v-4.6c0-0.4 0.4-0.8 0.8-0.8h0.2l0-1.6c0-0.9 0-1.8 0.1-2 0.1-0.6 0.6-1.2 1.1-1.7s1.1-0.7 1.9-0.8c1.8-0.3 3.7 0.7 4.2 2.2 0.1 0.3 0.1 0.7 0.1 2.1v0 1.7h0.1c0.4 0 0.8 0.4 0.8 0.8v4.6zM15.6 7.3c-0.5 0.1-0.8 0.3-1.2 0.6s-0.6 0.8-0.7 1.3c0 0.2 0 0.8 0 1.5l0 1.2h4.6v-1.3c0-1 0-1.4-0.1-1.6-0.3-1.1-1.5-1.9-2.6-1.7zM25.8 28.2c0 1.2-1 2.2-2.1 2.2s-2.1-1-2.1-2.1c0-1.2 1-2.1 2.2-2.1s2.2 1 2.2 2.2zM18.1 28.2c0 1.2-1 2.2-2.1 2.2s-2.1-1-2.1-2.1c0-1.2 1-2.1 2.2-2.1s2.2 1 2.2 2.2zM10.4 28.2c0 1.2-1 2.2-2.1 2.2s-2.1-1-2.1-2.1c0-1.2 1-2.1 2.2-2.1s2.2 1 2.2 2.2z\"\/><\/svg><\/span><span class=\"shariff-text\" style=\"color:#1f1f1f\">teilen<\/span>&nbsp;<\/a><\/li><li class=\"shariff-button facebook shariff-nocustomcolor\" style=\"background-color:#4273c8\"><a href=\"https:\/\/www.facebook.com\/sharer\/sharer.php?u=https%3A%2F%2Fwww.kritische-masse.de%2Flogbuch%2F2024%2F02%2Fnius-sick-a-capella-contra-afd-kultur-und-demokratie-fontane%2F\" title=\"Bei Facebook teilen\" aria-label=\"Bei Facebook teilen\" role=\"button\" rel=\"nofollow\" class=\"shariff-link\" style=\"; background-color:#3b5998; color:#3b5998\" target=\"_blank\"><span class=\"shariff-icon\" style=\"fill:#3b5998\"><svg width=\"32px\" height=\"20px\" xmlns=\"http:\/\/www.w3.org\/2000\/svg\" viewBox=\"0 0 18 32\"><path fill=\"#3b5998\" d=\"M17.1 0.2v4.7h-2.8q-1.5 0-2.1 0.6t-0.5 1.9v3.4h5.2l-0.7 5.3h-4.5v13.6h-5.5v-13.6h-4.5v-5.3h4.5v-3.9q0-3.3 1.9-5.2t5-1.8q2.6 0 4.1 0.2z\"\/><\/svg><\/span><span class=\"shariff-text\" style=\"color:#3b5998\">teilen<\/span>&nbsp;<\/a><\/li><li class=\"shariff-button info shariff-nocustomcolor\" style=\"background-color:#a8a8a8\"><a href=\"http:\/\/ct.de\/-2467514\" title=\"Weitere Informationen\" aria-label=\"Weitere Informationen\" role=\"button\" rel=\"noopener \" class=\"shariff-link\" style=\"; background-color:#999; color:#999\" target=\"_blank\"><span class=\"shariff-icon\" style=\"fill:#999\"><svg width=\"32px\" height=\"20px\" xmlns=\"http:\/\/www.w3.org\/2000\/svg\" viewBox=\"0 0 11 32\"><path fill=\"#999\" d=\"M11.4 24v2.3q0 0.5-0.3 0.8t-0.8 0.4h-9.1q-0.5 0-0.8-0.4t-0.4-0.8v-2.3q0-0.5 0.4-0.8t0.8-0.4h1.1v-6.8h-1.1q-0.5 0-0.8-0.4t-0.4-0.8v-2.3q0-0.5 0.4-0.8t0.8-0.4h6.8q0.5 0 0.8 0.4t0.4 0.8v10.3h1.1q0.5 0 0.8 0.4t0.3 0.8zM9.2 3.4v3.4q0 0.5-0.4 0.8t-0.8 0.4h-4.6q-0.4 0-0.8-0.4t-0.4-0.8v-3.4q0-0.4 0.4-0.8t0.8-0.4h4.6q0.5 0 0.8 0.4t0.4 0.8z\"\/><\/svg><\/span><\/a><\/li><\/ul><\/div>","protected":false},"author":1,"featured_media":9114,"comment_status":"open","ping_status":"open","sticky":false,"template":"","format":"standard","meta":{"ocean_post_layout":"","ocean_both_sidebars_style":"","ocean_both_sidebars_content_width":0,"ocean_both_sidebars_sidebars_width":0,"ocean_sidebar":"","ocean_second_sidebar":"","ocean_disable_margins":"enable","ocean_add_body_class":"","ocean_shortcode_before_top_bar":"","ocean_shortcode_after_top_bar":"","ocean_shortcode_before_header":"","ocean_shortcode_after_header":"","ocean_has_shortcode":"","ocean_shortcode_after_title":"","ocean_shortcode_before_footer_widgets":"","ocean_shortcode_after_footer_widgets":"","ocean_shortcode_before_footer_bottom":"","ocean_shortcode_after_footer_bottom":"","ocean_display_top_bar":"default","ocean_display_header":"default","ocean_header_style":"","ocean_center_header_left_menu":"","ocean_custom_header_template":"","ocean_custom_logo":0,"ocean_custom_retina_logo":0,"ocean_custom_logo_max_width":0,"ocean_custom_logo_tablet_max_width":0,"ocean_custom_logo_mobile_max_width":0,"ocean_custom_logo_max_height":0,"ocean_custom_logo_tablet_max_height":0,"ocean_custom_logo_mobile_max_height":0,"ocean_header_custom_menu":"","ocean_menu_typo_font_family":"","ocean_menu_typo_font_subset":"","ocean_menu_typo_font_size":0,"ocean_menu_typo_font_size_tablet":0,"ocean_menu_typo_font_size_mobile":0,"ocean_menu_typo_font_size_unit":"px","ocean_menu_typo_font_weight":"","ocean_menu_typo_font_weight_tablet":"","ocean_menu_typo_font_weight_mobile":"","ocean_menu_typo_transform":"","ocean_menu_typo_transform_tablet":"","ocean_menu_typo_transform_mobile":"","ocean_menu_typo_line_height":0,"ocean_menu_typo_line_height_tablet":0,"ocean_menu_typo_line_height_mobile":0,"ocean_menu_typo_line_height_unit":"","ocean_menu_typo_spacing":0,"ocean_menu_typo_spacing_tablet":0,"ocean_menu_typo_spacing_mobile":0,"ocean_menu_typo_spacing_unit":"","ocean_menu_link_color":"","ocean_menu_link_color_hover":"","ocean_menu_link_color_active":"","ocean_menu_link_background":"","ocean_menu_link_hover_background":"","ocean_menu_link_active_background":"","ocean_menu_social_links_bg":"","ocean_menu_social_hover_links_bg":"","ocean_menu_social_links_color":"","ocean_menu_social_hover_links_color":"","ocean_disable_title":"default","ocean_disable_heading":"default","ocean_post_title":"","ocean_post_subheading":"","ocean_post_title_style":"","ocean_post_title_background_color":"","ocean_post_title_background":0,"ocean_post_title_bg_image_position":"","ocean_post_title_bg_image_attachment":"","ocean_post_title_bg_image_repeat":"","ocean_post_title_bg_image_size":"","ocean_post_title_height":0,"ocean_post_title_bg_overlay":0.5,"ocean_post_title_bg_overlay_color":"","ocean_disable_breadcrumbs":"default","ocean_breadcrumbs_color":"","ocean_breadcrumbs_separator_color":"","ocean_breadcrumbs_links_color":"","ocean_breadcrumbs_links_hover_color":"","ocean_display_footer_widgets":"default","ocean_display_footer_bottom":"default","ocean_custom_footer_template":"","osh_disable_topbar_sticky":"default","osh_disable_header_sticky":"default","osh_sticky_header_style":"default","osh_sticky_header_effect":"","osh_custom_sticky_logo":0,"osh_custom_retina_sticky_logo":0,"osh_custom_sticky_logo_height":0,"osh_background_color":"","osh_links_color":"","osh_links_hover_color":"","osh_links_active_color":"","osh_links_bg_color":"","osh_links_hover_bg_color":"","osh_links_active_bg_color":"","osh_menu_social_links_color":"","osh_menu_social_hover_links_color":"","_FSMCFIC_featured_image_caption":"","_FSMCFIC_featured_image_nocaption":"","_FSMCFIC_featured_image_hide":"","_metis_text_type":"standard","_metis_text_length":5080,"_post_count":0,"_jetpack_memberships_contains_paid_content":false,"activitypub_content_warning":"","activitypub_content_visibility":"","activitypub_max_image_attachments":4,"activitypub_interaction_policy_quote":"anyone","activitypub_status":"","ocean_post_oembed":"","ocean_post_self_hosted_media":"","ocean_post_video_embed":"","ocean_link_format":"","ocean_link_format_target":"self","ocean_quote_format":"","ocean_quote_format_link":"post","ocean_gallery_link_images":"on","ocean_gallery_id":[],"footnotes":"","jetpack_publicize_message":"","jetpack_publicize_feature_enabled":true,"jetpack_social_post_already_shared":true,"jetpack_social_options":{"image_generator_settings":{"template":"highway","default_image_id":0,"font":"","enabled":false},"version":2}},"categories":[2647,2651],"tags":[4196,1754,1915,2764,3784],"class_list":["post-9104","post","type-post","status-publish","format-standard","has-post-thumbnail","hentry","category-angriffauf","category-dasnetz","tag-nius","tag-autobahn","tag-demokratie","tag-faschismus","tag-niusic","entry","has-media"],"yoast_head":"<!-- This site is optimized with the Yoast SEO plugin v27.5 - https:\/\/yoast.com\/product\/yoast-seo-wordpress\/ -->\n<title>Nius sick \/ A Capella contra AfD \/ Kultur und Demokratie \/ Fontane - Kritische Masse<\/title>\n<meta name=\"robots\" content=\"index, follow, max-snippet:-1, max-image-preview:large, max-video-preview:-1\" \/>\n<link rel=\"canonical\" href=\"https:\/\/www.kritische-masse.de\/logbuch\/2024\/02\/nius-sick-a-capella-contra-afd-kultur-und-demokratie-fontane\/\" \/>\n<meta property=\"og:locale\" content=\"de_DE\" \/>\n<meta property=\"og:type\" content=\"article\" \/>\n<meta property=\"og:title\" content=\"Nius sick \/ A Capella contra AfD \/ Kultur und Demokratie \/ Fontane - Kritische Masse\" \/>\n<meta property=\"og:description\" content=\"nius und niusic +++ nius sick +++ 28 a capella-Ensembles mit Statement zur AfD +++ Klassik gegen Rechts? +++ Kultur als Demokratiefaktor +++\" \/>\n<meta property=\"og:url\" content=\"https:\/\/www.kritische-masse.de\/logbuch\/2024\/02\/nius-sick-a-capella-contra-afd-kultur-und-demokratie-fontane\/\" \/>\n<meta property=\"og:site_name\" content=\"Kritische Masse\" \/>\n<meta property=\"article:publisher\" content=\"https:\/\/www.facebook.com\/hufner\" \/>\n<meta property=\"article:author\" content=\"https:\/\/www.facebook.com\/hufner\" \/>\n<meta property=\"article:published_time\" content=\"2024-02-10T11:22:22+00:00\" \/>\n<meta property=\"article:modified_time\" content=\"2024-02-10T15:36:16+00:00\" \/>\n<meta property=\"og:image\" content=\"https:\/\/www.kritische-masse.de\/logbuch\/wp-content\/uploads\/2024\/02\/03769215-4745-4D1B-B069-19FB5A83BB85-scaled.jpg\" \/>\n\t<meta property=\"og:image:width\" content=\"2560\" \/>\n\t<meta property=\"og:image:height\" content=\"1920\" \/>\n\t<meta property=\"og:image:type\" content=\"image\/jpeg\" \/>\n<meta name=\"author\" content=\"der huflaikhan\" \/>\n<meta name=\"twitter:label1\" content=\"Verfasst von\" \/>\n\t<meta name=\"twitter:data1\" content=\"der huflaikhan\" \/>\n\t<meta name=\"twitter:label2\" content=\"Gesch\u00e4tzte Lesezeit\" \/>\n\t<meta name=\"twitter:data2\" content=\"4\u00a0Minuten\" \/>\n<script type=\"application\/ld+json\" class=\"yoast-schema-graph\">{\"@context\":\"https:\\\/\\\/schema.org\",\"@graph\":[{\"@type\":\"Article\",\"@id\":\"https:\\\/\\\/www.kritische-masse.de\\\/logbuch\\\/2024\\\/02\\\/nius-sick-a-capella-contra-afd-kultur-und-demokratie-fontane\\\/#article\",\"isPartOf\":{\"@id\":\"https:\\\/\\\/www.kritische-masse.de\\\/logbuch\\\/2024\\\/02\\\/nius-sick-a-capella-contra-afd-kultur-und-demokratie-fontane\\\/\"},\"author\":{\"name\":\"der huflaikhan\",\"@id\":\"https:\\\/\\\/www.kritische-masse.de\\\/logbuch\\\/#\\\/schema\\\/person\\\/14c491f46504e7f6b79db161f76def1c\"},\"headline\":\"Nius sick \\\/ A Capella contra AfD \\\/ Kultur und Demokratie \\\/ Fontane\",\"datePublished\":\"2024-02-10T11:22:22+00:00\",\"dateModified\":\"2024-02-10T15:36:16+00:00\",\"mainEntityOfPage\":{\"@id\":\"https:\\\/\\\/www.kritische-masse.de\\\/logbuch\\\/2024\\\/02\\\/nius-sick-a-capella-contra-afd-kultur-und-demokratie-fontane\\\/\"},\"wordCount\":834,\"commentCount\":0,\"publisher\":{\"@id\":\"https:\\\/\\\/www.kritische-masse.de\\\/logbuch\\\/#\\\/schema\\\/person\\\/14c491f46504e7f6b79db161f76def1c\"},\"image\":{\"@id\":\"https:\\\/\\\/www.kritische-masse.de\\\/logbuch\\\/2024\\\/02\\\/nius-sick-a-capella-contra-afd-kultur-und-demokratie-fontane\\\/#primaryimage\"},\"thumbnailUrl\":\"https:\\\/\\\/i0.wp.com\\\/www.kritische-masse.de\\\/logbuch\\\/wp-content\\\/uploads\\\/2024\\\/02\\\/03769215-4745-4D1B-B069-19FB5A83BB85-scaled.jpg?fit=2560%2C1920&ssl=1\",\"keywords\":[\"nius\",\"Autobahn\",\"Demokratie\",\"Faschismus\",\"niusic\"],\"articleSection\":[\"Angriff auf \u2026\",\"das Netz\"],\"inLanguage\":\"de\",\"potentialAction\":[{\"@type\":\"CommentAction\",\"name\":\"Comment\",\"target\":[\"https:\\\/\\\/www.kritische-masse.de\\\/logbuch\\\/2024\\\/02\\\/nius-sick-a-capella-contra-afd-kultur-und-demokratie-fontane\\\/#respond\"]}]},{\"@type\":\"WebPage\",\"@id\":\"https:\\\/\\\/www.kritische-masse.de\\\/logbuch\\\/2024\\\/02\\\/nius-sick-a-capella-contra-afd-kultur-und-demokratie-fontane\\\/\",\"url\":\"https:\\\/\\\/www.kritische-masse.de\\\/logbuch\\\/2024\\\/02\\\/nius-sick-a-capella-contra-afd-kultur-und-demokratie-fontane\\\/\",\"name\":\"Nius sick \\\/ A Capella contra AfD \\\/ Kultur und Demokratie \\\/ Fontane - Kritische Masse\",\"isPartOf\":{\"@id\":\"https:\\\/\\\/www.kritische-masse.de\\\/logbuch\\\/#website\"},\"primaryImageOfPage\":{\"@id\":\"https:\\\/\\\/www.kritische-masse.de\\\/logbuch\\\/2024\\\/02\\\/nius-sick-a-capella-contra-afd-kultur-und-demokratie-fontane\\\/#primaryimage\"},\"image\":{\"@id\":\"https:\\\/\\\/www.kritische-masse.de\\\/logbuch\\\/2024\\\/02\\\/nius-sick-a-capella-contra-afd-kultur-und-demokratie-fontane\\\/#primaryimage\"},\"thumbnailUrl\":\"https:\\\/\\\/i0.wp.com\\\/www.kritische-masse.de\\\/logbuch\\\/wp-content\\\/uploads\\\/2024\\\/02\\\/03769215-4745-4D1B-B069-19FB5A83BB85-scaled.jpg?fit=2560%2C1920&ssl=1\",\"datePublished\":\"2024-02-10T11:22:22+00:00\",\"dateModified\":\"2024-02-10T15:36:16+00:00\",\"breadcrumb\":{\"@id\":\"https:\\\/\\\/www.kritische-masse.de\\\/logbuch\\\/2024\\\/02\\\/nius-sick-a-capella-contra-afd-kultur-und-demokratie-fontane\\\/#breadcrumb\"},\"inLanguage\":\"de\",\"potentialAction\":[{\"@type\":\"ReadAction\",\"target\":[\"https:\\\/\\\/www.kritische-masse.de\\\/logbuch\\\/2024\\\/02\\\/nius-sick-a-capella-contra-afd-kultur-und-demokratie-fontane\\\/\"]}]},{\"@type\":\"ImageObject\",\"inLanguage\":\"de\",\"@id\":\"https:\\\/\\\/www.kritische-masse.de\\\/logbuch\\\/2024\\\/02\\\/nius-sick-a-capella-contra-afd-kultur-und-demokratie-fontane\\\/#primaryimage\",\"url\":\"https:\\\/\\\/i0.wp.com\\\/www.kritische-masse.de\\\/logbuch\\\/wp-content\\\/uploads\\\/2024\\\/02\\\/03769215-4745-4D1B-B069-19FB5A83BB85-scaled.jpg?fit=2560%2C1920&ssl=1\",\"contentUrl\":\"https:\\\/\\\/i0.wp.com\\\/www.kritische-masse.de\\\/logbuch\\\/wp-content\\\/uploads\\\/2024\\\/02\\\/03769215-4745-4D1B-B069-19FB5A83BB85-scaled.jpg?fit=2560%2C1920&ssl=1\",\"width\":2560,\"height\":1920,\"caption\":\"Die Liebe ist ein \u2026 Foto: Hufner\"},{\"@type\":\"BreadcrumbList\",\"@id\":\"https:\\\/\\\/www.kritische-masse.de\\\/logbuch\\\/2024\\\/02\\\/nius-sick-a-capella-contra-afd-kultur-und-demokratie-fontane\\\/#breadcrumb\",\"itemListElement\":[{\"@type\":\"ListItem\",\"position\":1,\"name\":\"Startseite\",\"item\":\"https:\\\/\\\/www.kritische-masse.de\\\/logbuch\\\/\"},{\"@type\":\"ListItem\",\"position\":2,\"name\":\"Nius sick \\\/ A Capella contra AfD \\\/ Kultur und Demokratie \\\/ Fontane\"}]},{\"@type\":\"WebSite\",\"@id\":\"https:\\\/\\\/www.kritische-masse.de\\\/logbuch\\\/#website\",\"url\":\"https:\\\/\\\/www.kritische-masse.de\\\/logbuch\\\/\",\"name\":\"kritische masse\",\"description\":\"amt f\u00fcr vermassungsschutz\",\"publisher\":{\"@id\":\"https:\\\/\\\/www.kritische-masse.de\\\/logbuch\\\/#\\\/schema\\\/person\\\/14c491f46504e7f6b79db161f76def1c\"},\"alternateName\":\"das logbuch der kritischen masse\",\"potentialAction\":[{\"@type\":\"SearchAction\",\"target\":{\"@type\":\"EntryPoint\",\"urlTemplate\":\"https:\\\/\\\/www.kritische-masse.de\\\/logbuch\\\/?s={search_term_string}\"},\"query-input\":{\"@type\":\"PropertyValueSpecification\",\"valueRequired\":true,\"valueName\":\"search_term_string\"}}],\"inLanguage\":\"de\"},{\"@type\":[\"Person\",\"Organization\"],\"@id\":\"https:\\\/\\\/www.kritische-masse.de\\\/logbuch\\\/#\\\/schema\\\/person\\\/14c491f46504e7f6b79db161f76def1c\",\"name\":\"der huflaikhan\",\"image\":{\"@type\":\"ImageObject\",\"inLanguage\":\"de\",\"@id\":\"https:\\\/\\\/www.kritische-masse.de\\\/logbuch\\\/wp-content\\\/uploads\\\/2024\\\/01\\\/cropped-kritischmasse_man_512.jpg\",\"url\":\"https:\\\/\\\/www.kritische-masse.de\\\/logbuch\\\/wp-content\\\/uploads\\\/2024\\\/01\\\/cropped-kritischmasse_man_512.jpg\",\"contentUrl\":\"https:\\\/\\\/www.kritische-masse.de\\\/logbuch\\\/wp-content\\\/uploads\\\/2024\\\/01\\\/cropped-kritischmasse_man_512.jpg\",\"width\":512,\"height\":512,\"caption\":\"der huflaikhan\"},\"logo\":{\"@id\":\"https:\\\/\\\/www.kritische-masse.de\\\/logbuch\\\/wp-content\\\/uploads\\\/2024\\\/01\\\/cropped-kritischmasse_man_512.jpg\"},\"description\":\"Betreiber der Kritischen Masse seit 1995. Seit 2023 Wiederaufnahme. Promotion mit einer Arbeit \u00fcber Adornos kompositorische und theoretische Auseinandersetzung mit der Zw\u00f6lftontechnik. Arbeit f\u00fcr den Bayerischen und den Mitteldeutschen Rundfunk als freier Autor und Regisseur \u2013 zumindest bis Ende 2015. Online-Redaktion f\u00fcr neue musikzeitung, Jazzzeitung und Oper &amp; Tanz. Ungl\u00fccklich, aber fast taub.\",\"sameAs\":[\"https:\\\/\\\/www.kritische-masse.de\\\/logbuch\\\/\",\"https:\\\/\\\/www.facebook.com\\\/hufner\"],\"url\":\"https:\\\/\\\/www.kritische-masse.de\\\/logbuch\\\/author\\\/martin_d1juqiu5\\\/\"}]}<\/script>\n<!-- \/ Yoast SEO plugin. -->","yoast_head_json":{"title":"Nius sick \/ A Capella contra AfD \/ Kultur und Demokratie \/ Fontane - Kritische Masse","robots":{"index":"index","follow":"follow","max-snippet":"max-snippet:-1","max-image-preview":"max-image-preview:large","max-video-preview":"max-video-preview:-1"},"canonical":"https:\/\/www.kritische-masse.de\/logbuch\/2024\/02\/nius-sick-a-capella-contra-afd-kultur-und-demokratie-fontane\/","og_locale":"de_DE","og_type":"article","og_title":"Nius sick \/ A Capella contra AfD \/ Kultur und Demokratie \/ Fontane - Kritische Masse","og_description":"nius und niusic +++ nius sick +++ 28 a capella-Ensembles mit Statement zur AfD +++ Klassik gegen Rechts? +++ Kultur als Demokratiefaktor +++","og_url":"https:\/\/www.kritische-masse.de\/logbuch\/2024\/02\/nius-sick-a-capella-contra-afd-kultur-und-demokratie-fontane\/","og_site_name":"Kritische Masse","article_publisher":"https:\/\/www.facebook.com\/hufner","article_author":"https:\/\/www.facebook.com\/hufner","article_published_time":"2024-02-10T11:22:22+00:00","article_modified_time":"2024-02-10T15:36:16+00:00","og_image":[{"width":2560,"height":1920,"url":"https:\/\/www.kritische-masse.de\/logbuch\/wp-content\/uploads\/2024\/02\/03769215-4745-4D1B-B069-19FB5A83BB85-scaled.jpg","type":"image\/jpeg"}],"author":"der huflaikhan","twitter_misc":{"Verfasst von":"der huflaikhan","Gesch\u00e4tzte Lesezeit":"4\u00a0Minuten"},"schema":{"@context":"https:\/\/schema.org","@graph":[{"@type":"Article","@id":"https:\/\/www.kritische-masse.de\/logbuch\/2024\/02\/nius-sick-a-capella-contra-afd-kultur-und-demokratie-fontane\/#article","isPartOf":{"@id":"https:\/\/www.kritische-masse.de\/logbuch\/2024\/02\/nius-sick-a-capella-contra-afd-kultur-und-demokratie-fontane\/"},"author":{"name":"der huflaikhan","@id":"https:\/\/www.kritische-masse.de\/logbuch\/#\/schema\/person\/14c491f46504e7f6b79db161f76def1c"},"headline":"Nius sick \/ A Capella contra AfD \/ Kultur und Demokratie \/ Fontane","datePublished":"2024-02-10T11:22:22+00:00","dateModified":"2024-02-10T15:36:16+00:00","mainEntityOfPage":{"@id":"https:\/\/www.kritische-masse.de\/logbuch\/2024\/02\/nius-sick-a-capella-contra-afd-kultur-und-demokratie-fontane\/"},"wordCount":834,"commentCount":0,"publisher":{"@id":"https:\/\/www.kritische-masse.de\/logbuch\/#\/schema\/person\/14c491f46504e7f6b79db161f76def1c"},"image":{"@id":"https:\/\/www.kritische-masse.de\/logbuch\/2024\/02\/nius-sick-a-capella-contra-afd-kultur-und-demokratie-fontane\/#primaryimage"},"thumbnailUrl":"https:\/\/i0.wp.com\/www.kritische-masse.de\/logbuch\/wp-content\/uploads\/2024\/02\/03769215-4745-4D1B-B069-19FB5A83BB85-scaled.jpg?fit=2560%2C1920&ssl=1","keywords":["nius","Autobahn","Demokratie","Faschismus","niusic"],"articleSection":["Angriff auf \u2026","das Netz"],"inLanguage":"de","potentialAction":[{"@type":"CommentAction","name":"Comment","target":["https:\/\/www.kritische-masse.de\/logbuch\/2024\/02\/nius-sick-a-capella-contra-afd-kultur-und-demokratie-fontane\/#respond"]}]},{"@type":"WebPage","@id":"https:\/\/www.kritische-masse.de\/logbuch\/2024\/02\/nius-sick-a-capella-contra-afd-kultur-und-demokratie-fontane\/","url":"https:\/\/www.kritische-masse.de\/logbuch\/2024\/02\/nius-sick-a-capella-contra-afd-kultur-und-demokratie-fontane\/","name":"Nius sick \/ A Capella contra AfD \/ Kultur und Demokratie \/ Fontane - Kritische Masse","isPartOf":{"@id":"https:\/\/www.kritische-masse.de\/logbuch\/#website"},"primaryImageOfPage":{"@id":"https:\/\/www.kritische-masse.de\/logbuch\/2024\/02\/nius-sick-a-capella-contra-afd-kultur-und-demokratie-fontane\/#primaryimage"},"image":{"@id":"https:\/\/www.kritische-masse.de\/logbuch\/2024\/02\/nius-sick-a-capella-contra-afd-kultur-und-demokratie-fontane\/#primaryimage"},"thumbnailUrl":"https:\/\/i0.wp.com\/www.kritische-masse.de\/logbuch\/wp-content\/uploads\/2024\/02\/03769215-4745-4D1B-B069-19FB5A83BB85-scaled.jpg?fit=2560%2C1920&ssl=1","datePublished":"2024-02-10T11:22:22+00:00","dateModified":"2024-02-10T15:36:16+00:00","breadcrumb":{"@id":"https:\/\/www.kritische-masse.de\/logbuch\/2024\/02\/nius-sick-a-capella-contra-afd-kultur-und-demokratie-fontane\/#breadcrumb"},"inLanguage":"de","potentialAction":[{"@type":"ReadAction","target":["https:\/\/www.kritische-masse.de\/logbuch\/2024\/02\/nius-sick-a-capella-contra-afd-kultur-und-demokratie-fontane\/"]}]},{"@type":"ImageObject","inLanguage":"de","@id":"https:\/\/www.kritische-masse.de\/logbuch\/2024\/02\/nius-sick-a-capella-contra-afd-kultur-und-demokratie-fontane\/#primaryimage","url":"https:\/\/i0.wp.com\/www.kritische-masse.de\/logbuch\/wp-content\/uploads\/2024\/02\/03769215-4745-4D1B-B069-19FB5A83BB85-scaled.jpg?fit=2560%2C1920&ssl=1","contentUrl":"https:\/\/i0.wp.com\/www.kritische-masse.de\/logbuch\/wp-content\/uploads\/2024\/02\/03769215-4745-4D1B-B069-19FB5A83BB85-scaled.jpg?fit=2560%2C1920&ssl=1","width":2560,"height":1920,"caption":"Die Liebe ist ein \u2026 Foto: Hufner"},{"@type":"BreadcrumbList","@id":"https:\/\/www.kritische-masse.de\/logbuch\/2024\/02\/nius-sick-a-capella-contra-afd-kultur-und-demokratie-fontane\/#breadcrumb","itemListElement":[{"@type":"ListItem","position":1,"name":"Startseite","item":"https:\/\/www.kritische-masse.de\/logbuch\/"},{"@type":"ListItem","position":2,"name":"Nius sick \/ A Capella contra AfD \/ Kultur und Demokratie \/ Fontane"}]},{"@type":"WebSite","@id":"https:\/\/www.kritische-masse.de\/logbuch\/#website","url":"https:\/\/www.kritische-masse.de\/logbuch\/","name":"kritische masse","description":"amt f\u00fcr vermassungsschutz","publisher":{"@id":"https:\/\/www.kritische-masse.de\/logbuch\/#\/schema\/person\/14c491f46504e7f6b79db161f76def1c"},"alternateName":"das logbuch der kritischen masse","potentialAction":[{"@type":"SearchAction","target":{"@type":"EntryPoint","urlTemplate":"https:\/\/www.kritische-masse.de\/logbuch\/?s={search_term_string}"},"query-input":{"@type":"PropertyValueSpecification","valueRequired":true,"valueName":"search_term_string"}}],"inLanguage":"de"},{"@type":["Person","Organization"],"@id":"https:\/\/www.kritische-masse.de\/logbuch\/#\/schema\/person\/14c491f46504e7f6b79db161f76def1c","name":"der huflaikhan","image":{"@type":"ImageObject","inLanguage":"de","@id":"https:\/\/www.kritische-masse.de\/logbuch\/wp-content\/uploads\/2024\/01\/cropped-kritischmasse_man_512.jpg","url":"https:\/\/www.kritische-masse.de\/logbuch\/wp-content\/uploads\/2024\/01\/cropped-kritischmasse_man_512.jpg","contentUrl":"https:\/\/www.kritische-masse.de\/logbuch\/wp-content\/uploads\/2024\/01\/cropped-kritischmasse_man_512.jpg","width":512,"height":512,"caption":"der huflaikhan"},"logo":{"@id":"https:\/\/www.kritische-masse.de\/logbuch\/wp-content\/uploads\/2024\/01\/cropped-kritischmasse_man_512.jpg"},"description":"Betreiber der Kritischen Masse seit 1995. Seit 2023 Wiederaufnahme. Promotion mit einer Arbeit \u00fcber Adornos kompositorische und theoretische Auseinandersetzung mit der Zw\u00f6lftontechnik. Arbeit f\u00fcr den Bayerischen und den Mitteldeutschen Rundfunk als freier Autor und Regisseur \u2013 zumindest bis Ende 2015. Online-Redaktion f\u00fcr neue musikzeitung, Jazzzeitung und Oper &amp; Tanz. Ungl\u00fccklich, aber fast taub.","sameAs":["https:\/\/www.kritische-masse.de\/logbuch\/","https:\/\/www.facebook.com\/hufner"],"url":"https:\/\/www.kritische-masse.de\/logbuch\/author\/martin_d1juqiu5\/"}]}},"jetpack_publicize_connections":[],"jetpack_featured_media_url":"https:\/\/i0.wp.com\/www.kritische-masse.de\/logbuch\/wp-content\/uploads\/2024\/02\/03769215-4745-4D1B-B069-19FB5A83BB85-scaled.jpg?fit=2560%2C1920&ssl=1","categories_names":["Angriff auf \u2026","das Netz"],"post_class":[["post-9104","post","type-post","status-publish","format-standard","has-post-thumbnail","hentry","category-angriffauf","category-dasnetz","tag-nius","tag-autobahn","tag-demokratie","tag-faschismus","tag-niusic","entry","has-media"]],"author_avatar":["<img alt='' src='https:\/\/secure.gravatar.com\/avatar\/c23aee426d58e69f14ef471114d4cac215eec702ee1bc331e2a62ea77e96ed60?s=96&#038;d=blank&#038;r=g' srcset='https:\/\/secure.gravatar.com\/avatar\/c23aee426d58e69f14ef471114d4cac215eec702ee1bc331e2a62ea77e96ed60?s=192&#038;d=blank&#038;r=g 2x' class='avatar avatar-96 photo' height='96' width='96' loading='lazy' decoding='async'\/>"],"featured_video":null,"jetpack-related-posts":[{"id":11715,"url":"https:\/\/www.kritische-masse.de\/logbuch\/2026\/01\/no-checks-no-balances-usa-medien-ideologiepolitik\/","url_meta":{"origin":9104,"position":0},"title":"No Checks &amp; no Balances \u2013 USA, Medien, Ideologiepolitik","author":"der huflaikhan","date":"12. Januar 2026","format":false,"excerpt":"Demokratiezerst\u00f6rung von Staats wegen in den USA, dazu das Medienversagen spezieller Propaganda-Maschinen, ein Ministerpr\u00e4sident, der das GG ernst nimmt. Uffbasse!","rel":"","context":"In &quot;Amt f\u00fcr Vermassungsschutz&quot;","block_context":{"text":"Amt f\u00fcr Vermassungsschutz","link":"https:\/\/www.kritische-masse.de\/logbuch\/category\/vermassungsschutz\/"},"img":{"alt_text":"","src":"","width":0,"height":0},"classes":[]},{"id":11751,"url":"https:\/\/www.kritische-masse.de\/logbuch\/2026\/01\/schrottplatz-ohne-schrottwert\/","url_meta":{"origin":9104,"position":1},"title":"Schrottplatz ohne Schrottwert","author":"der huflaikhan","date":"19. Januar 2026","format":false,"excerpt":"Soll da jemand gesagt haben, NIUS sei Schrott? Das ist falsch. Bei Schrott besteht noch die M\u00f6glichkeit, dass man den wiederverwerten kann. Allerdings fehlt es an einem Gebrauchswert der Ausw\u00fcrfe, die die Wortentwerter des Krawallportals NIUS in die Welt schie\u00dfen. Der einzige Gebrauchswert, den man dem (ja, was ist das\u2026","rel":"","context":"In &quot;Amt f\u00fcr Vermassungsschutz&quot;","block_context":{"text":"Amt f\u00fcr Vermassungsschutz","link":"https:\/\/www.kritische-masse.de\/logbuch\/category\/vermassungsschutz\/"},"img":{"alt_text":"","src":"","width":0,"height":0},"classes":[]},{"id":11651,"url":"https:\/\/www.kritische-masse.de\/logbuch\/2025\/11\/st-dummheitsprinzip-in-der-bundeskultur\/","url_meta":{"origin":9104,"position":2},"title":"St. Dummheitsprinzip in der Bundeskultur","author":"der huflaikhan","date":"20. November 2025","format":false,"excerpt":"Dass Wolfram Weimer von Anfang an als Beauftragter der Bundesregierung f\u00fcr Kultur und Medien weder sachlich noch fachlich geeignet ist, war l\u00e4ngst bekannt und durch seine T\u00e4tigkeit nachgewiesen. Dass er jetzt erst durch die Nulljournalisten von Apollo News und Nius (auch auf dem Weg dorthin oder schon angelangt NZZ, Cicero,\u2026","rel":"","context":"In &quot;Amt f\u00fcr Vermassungsschutz&quot;","block_context":{"text":"Amt f\u00fcr Vermassungsschutz","link":"https:\/\/www.kritische-masse.de\/logbuch\/category\/vermassungsschutz\/"},"img":{"alt_text":"","src":"","width":0,"height":0},"classes":[]},{"id":10819,"url":"https:\/\/www.kritische-masse.de\/logbuch\/2025\/03\/druchdrehende-kis-im-musikjournalismus-backstageclassical\/","url_meta":{"origin":9104,"position":3},"title":"Durchdrehende KIs im Musikjournalismus (BackstageClassical)","author":"der huflaikhan","date":"21. M\u00e4rz 2025","format":false,"excerpt":"Wenn \u201eKollege KI\u201c im Musikjournalismus \u201eHilfe\" gibt, biegen sich die Notenschl\u00fcssel. Ein unsch\u00f6nes Beispiel bei BackstageClassical aktuell im Zusammenhang mit einem Gastbeitrag von Olga Neuwirth im \u00f6sterreichischen Magazin NEWS.","rel":"","context":"In &quot;Angriff auf \u2026&quot;","block_context":{"text":"Angriff auf \u2026","link":"https:\/\/www.kritische-masse.de\/logbuch\/category\/angriffauf\/"},"img":{"alt_text":"nmz 1917 freiexemplare","src":"https:\/\/i0.wp.com\/www.kritische-masse.de\/logbuch\/wp-content\/uploads\/2025\/03\/nmz1917_freiexemplare2.jpg?fit=1200%2C255&ssl=1&resize=350%2C200","width":350,"height":200,"srcset":"https:\/\/i0.wp.com\/www.kritische-masse.de\/logbuch\/wp-content\/uploads\/2025\/03\/nmz1917_freiexemplare2.jpg?fit=1200%2C255&ssl=1&resize=350%2C200 1x, https:\/\/i0.wp.com\/www.kritische-masse.de\/logbuch\/wp-content\/uploads\/2025\/03\/nmz1917_freiexemplare2.jpg?fit=1200%2C255&ssl=1&resize=525%2C300 1.5x, https:\/\/i0.wp.com\/www.kritische-masse.de\/logbuch\/wp-content\/uploads\/2025\/03\/nmz1917_freiexemplare2.jpg?fit=1200%2C255&ssl=1&resize=700%2C400 2x, https:\/\/i0.wp.com\/www.kritische-masse.de\/logbuch\/wp-content\/uploads\/2025\/03\/nmz1917_freiexemplare2.jpg?fit=1200%2C255&ssl=1&resize=1050%2C600 3x"},"classes":[]},{"id":10146,"url":"https:\/\/www.kritische-masse.de\/logbuch\/2024\/09\/unter-katastrophen-machen-wir-es-nicht\/","url_meta":{"origin":9104,"position":4},"title":"Unter Katastrophen machen wir es nicht","author":"der huflaikhan","date":"10. September 2024","format":false,"excerpt":"\u2026 Der Gedanke, Feuer mit Feuer zu l\u00f6schen ist zwar nicht unbedingt neu, aber im Bereich seri\u00f6ser Welterschlie\u00dfungsvorhaben meistens fatal. Die faulen Eier im Journalismus verst\u00e4nkern alle L\u00f6sungswege mit ihrer giftigen Propaganda. \u2026 Zur Dialektik der k\u00fcnstlichen Katastrophen. Und die FDP empfiehlt, Braun zu w\u00e4hlen \u2026 \u00c4hem.","rel":"","context":"In &quot;die Politik&quot;","block_context":{"text":"die Politik","link":"https:\/\/www.kritische-masse.de\/logbuch\/category\/angriffauf\/die-politik\/"},"img":{"alt_text":"02 18 rind","src":"https:\/\/i0.wp.com\/www.kritische-masse.de\/logbuch\/wp-content\/uploads\/2024\/09\/02_18_rind.jpg?fit=960%2C960&ssl=1&resize=350%2C200","width":350,"height":200,"srcset":"https:\/\/i0.wp.com\/www.kritische-masse.de\/logbuch\/wp-content\/uploads\/2024\/09\/02_18_rind.jpg?fit=960%2C960&ssl=1&resize=350%2C200 1x, https:\/\/i0.wp.com\/www.kritische-masse.de\/logbuch\/wp-content\/uploads\/2024\/09\/02_18_rind.jpg?fit=960%2C960&ssl=1&resize=525%2C300 1.5x, https:\/\/i0.wp.com\/www.kritische-masse.de\/logbuch\/wp-content\/uploads\/2024\/09\/02_18_rind.jpg?fit=960%2C960&ssl=1&resize=700%2C400 2x"},"classes":[]},{"id":10542,"url":"https:\/\/www.kritische-masse.de\/logbuch\/2024\/12\/helden-maulhelden-elons-neue-eigene-zeitung-in-deutschland-arnos-kantatenfinder\/","url_meta":{"origin":9104,"position":5},"title":"Helden \u2026 Maulhelden \u2026 Elons neue eigene Zeitung in Deutschland \u2026 Arnos Kantatenfinder","author":"der huflaikhan","date":"29. Dezember 2024","format":false,"excerpt":"Wir m\u00fcssen auf die WELT verzichten so wie auf X und seinen Besitzer +++ Fahren die Zeitungsfaschisten ihre Unternehmungen ungebremst an die Wand? +++ Die unterschiedlichen Versionen des Begriffs von Meinungsfreiheit innerhalb der WELT +++ Wann kauft sich Elon M. ein eigenes Land?","rel":"","context":"In &quot;Angriff auf \u2026&quot;","block_context":{"text":"Angriff auf \u2026","link":"https:\/\/www.kritische-masse.de\/logbuch\/category\/angriffauf\/"},"img":{"alt_text":"Leben im Nebel. Foto: Hufner","src":"https:\/\/i0.wp.com\/www.kritische-masse.de\/logbuch\/wp-content\/uploads\/2024\/12\/TTInputImage-756916751.513667-scaled.jpeg?fit=1200%2C900&ssl=1&resize=350%2C200","width":350,"height":200,"srcset":"https:\/\/i0.wp.com\/www.kritische-masse.de\/logbuch\/wp-content\/uploads\/2024\/12\/TTInputImage-756916751.513667-scaled.jpeg?fit=1200%2C900&ssl=1&resize=350%2C200 1x, https:\/\/i0.wp.com\/www.kritische-masse.de\/logbuch\/wp-content\/uploads\/2024\/12\/TTInputImage-756916751.513667-scaled.jpeg?fit=1200%2C900&ssl=1&resize=525%2C300 1.5x, https:\/\/i0.wp.com\/www.kritische-masse.de\/logbuch\/wp-content\/uploads\/2024\/12\/TTInputImage-756916751.513667-scaled.jpeg?fit=1200%2C900&ssl=1&resize=700%2C400 2x, https:\/\/i0.wp.com\/www.kritische-masse.de\/logbuch\/wp-content\/uploads\/2024\/12\/TTInputImage-756916751.513667-scaled.jpeg?fit=1200%2C900&ssl=1&resize=1050%2C600 3x"},"classes":[]}],"jetpack_sharing_enabled":true,"public_identification_id":"7ed58968e8f541e6af050e8e4c699afe","private_identification_id":"2712be9529634503aec5d00835283e2d","_links":{"self":[{"href":"https:\/\/www.kritische-masse.de\/logbuch\/wp-json\/wp\/v2\/posts\/9104","targetHints":{"allow":["GET"]}}],"collection":[{"href":"https:\/\/www.kritische-masse.de\/logbuch\/wp-json\/wp\/v2\/posts"}],"about":[{"href":"https:\/\/www.kritische-masse.de\/logbuch\/wp-json\/wp\/v2\/types\/post"}],"author":[{"embeddable":true,"href":"https:\/\/www.kritische-masse.de\/logbuch\/wp-json\/wp\/v2\/users\/1"}],"replies":[{"embeddable":true,"href":"https:\/\/www.kritische-masse.de\/logbuch\/wp-json\/wp\/v2\/comments?post=9104"}],"version-history":[{"count":0,"href":"https:\/\/www.kritische-masse.de\/logbuch\/wp-json\/wp\/v2\/posts\/9104\/revisions"}],"wp:featuredmedia":[{"embeddable":true,"href":"https:\/\/www.kritische-masse.de\/logbuch\/wp-json\/wp\/v2\/media\/9114"}],"wp:attachment":[{"href":"https:\/\/www.kritische-masse.de\/logbuch\/wp-json\/wp\/v2\/media?parent=9104"}],"wp:term":[{"taxonomy":"category","embeddable":true,"href":"https:\/\/www.kritische-masse.de\/logbuch\/wp-json\/wp\/v2\/categories?post=9104"},{"taxonomy":"post_tag","embeddable":true,"href":"https:\/\/www.kritische-masse.de\/logbuch\/wp-json\/wp\/v2\/tags?post=9104"}],"curies":[{"name":"wp","href":"https:\/\/api.w.org\/{rel}","templated":true}]}}