{"id":9209,"date":"2024-02-16T12:44:58","date_gmt":"2024-02-16T11:44:58","guid":{"rendered":"https:\/\/www.kritische-masse.de\/logbuch\/?p=9209"},"modified":"2024-02-16T12:44:58","modified_gmt":"2024-02-16T11:44:58","slug":"kulturradio-rahmenbruch-gefahr-willkommen-in-der-grauzone","status":"publish","type":"post","link":"https:\/\/www.kritische-masse.de\/logbuch\/2024\/02\/kulturradio-rahmenbruch-gefahr-willkommen-in-der-grauzone\/","title":{"rendered":"Kulturradio \/ Rahmenbruch-Gefahr? \/ Willkommen in der Grauzone"},"content":{"rendered":"<div class=\"shariff shariff-align-left shariff-widget-align-left\"><ul class=\"shariff-buttons theme-white orientation-horizontal buttonsize-small\"><li class=\"shariff-button mastodon shariff-nocustomcolor\" style=\"background-color:#563ACC\"><a href=\"https:\/\/s2f.kytta.dev\/?text=Kulturradio%20%2F%20Rahmenbruch-Gefahr%3F%20%2F%20Willkommen%20in%20der%20Grauzone https%3A%2F%2Fwww.kritische-masse.de%2Flogbuch%2F2024%2F02%2Fkulturradio-rahmenbruch-gefahr-willkommen-in-der-grauzone%2F\" title=\"Bei Mastodon teilen\" aria-label=\"Bei Mastodon teilen\" role=\"button\" rel=\"noopener nofollow\" class=\"shariff-link\" style=\"; background-color:#6364FF; color:#6364FF\" target=\"_blank\"><span class=\"shariff-icon\" style=\"fill:#6364FF\"><svg width=\"75\" height=\"79\" viewBox=\"0 0 75 79\" fill=\"none\" xmlns=\"http:\/\/www.w3.org\/2000\/svg\"><path d=\"M37.813-.025C32.462-.058 27.114.13 21.79.598c-8.544.621-17.214 5.58-20.203 13.931C-1.12 23.318.408 32.622.465 41.65c.375 7.316.943 14.78 3.392 21.73 4.365 9.465 14.781 14.537 24.782 15.385 7.64.698 15.761-.213 22.517-4.026a54.1 54.1 0 0 0 .01-6.232c-6.855 1.316-14.101 2.609-21.049 1.074-3.883-.88-6.876-4.237-7.25-8.215-1.53-3.988 3.78-.43 5.584-.883 9.048 1.224 18.282.776 27.303-.462 7.044-.837 14.26-4.788 16.65-11.833 2.263-6.135 1.215-12.79 1.698-19.177.06-3.84.09-7.692-.262-11.52C72.596 7.844 63.223.981 53.834.684a219.453 219.453 0 0 0-16.022-.71zm11.294 12.882c5.5-.067 10.801 4.143 11.67 9.653.338 1.48.471 3 .471 4.515v21.088h-8.357c-.07-7.588.153-15.182-.131-22.765-.587-4.368-7.04-5.747-9.672-2.397-2.422 3.04-1.47 7.155-1.67 10.735v6.392h-8.307c-.146-4.996.359-10.045-.404-15.002-1.108-4.218-7.809-5.565-10.094-1.666-1.685 3.046-.712 6.634-.976 9.936v14.767h-8.354c.109-8.165-.238-16.344.215-24.5.674-5.346 5.095-10.389 10.676-10.627 4.902-.739 10.103 2.038 12.053 6.631.375 1.435 1.76 1.932 1.994.084 1.844-3.704 5.501-6.739 9.785-6.771.367-.044.735-.068 1.101-.073z\"\/><defs><linearGradient id=\"paint0_linear_549_34\" x1=\"37.0692\" y1=\"0\" x2=\"37.0692\" y2=\"79\" gradientUnits=\"userSpaceOnUse\"><stop stop-color=\"#6364FF\"\/><stop offset=\"1\" stop-color=\"#563ACC\"\/><\/linearGradient><\/defs><\/svg><\/span><span class=\"shariff-text\" style=\"color:#6364FF\">teilen<\/span>&nbsp;<\/a><\/li><li class=\"shariff-button bluesky shariff-nocustomcolor\" style=\"background-color:#84c4ff\"><a href=\"https:\/\/bsky.app\/intent\/compose?text=Kulturradio%20%2F%20Rahmenbruch-Gefahr%3F%20%2F%20Willkommen%20in%20der%20Grauzone https%3A%2F%2Fwww.kritische-masse.de%2Flogbuch%2F2024%2F02%2Fkulturradio-rahmenbruch-gefahr-willkommen-in-der-grauzone%2F \" title=\"Bei Bluesky teilen\" aria-label=\"Bei Bluesky teilen\" role=\"button\" rel=\"noopener nofollow\" class=\"shariff-link\" style=\"; background-color:#0085ff; color:#0085ff\" target=\"_blank\"><span class=\"shariff-icon\" style=\"fill:#0085ff\"><svg width=\"20\" height=\"20\" version=\"1.1\" xmlns=\"http:\/\/www.w3.org\/2000\/svg\" viewBox=\"0 0 20 20\"><path class=\"st0\" d=\"M4.89,3.12c2.07,1.55,4.3,4.71,5.11,6.4.82-1.69,3.04-4.84,5.11-6.4,1.49-1.12,3.91-1.99,3.91.77,0,.55-.32,4.63-.5,5.3-.64,2.3-2.99,2.89-5.08,2.54,3.65.62,4.58,2.68,2.57,4.74-3.81,3.91-5.48-.98-5.9-2.23-.08-.23-.11-.34-.12-.25,0-.09-.04.02-.12.25-.43,1.25-2.09,6.14-5.9,2.23-2.01-2.06-1.08-4.12,2.57-4.74-2.09.36-4.44-.23-5.08-2.54-.19-.66-.5-4.74-.5-5.3,0-2.76,2.42-1.89,3.91-.77h0Z\"\/><\/svg><\/span><span class=\"shariff-text\" style=\"color:#0085ff\">teilen<\/span>&nbsp;<\/a><\/li><li class=\"shariff-button threema shariff-nocustomcolor shariff-mobile\" style=\"background-color:#4fbc24\"><a href=\"threema:\/\/compose?text=Kulturradio%20%2F%20Rahmenbruch-Gefahr%3F%20%2F%20Willkommen%20in%20der%20Grauzone%20https%3A%2F%2Fwww.kritische-masse.de%2Flogbuch%2F2024%2F02%2Fkulturradio-rahmenbruch-gefahr-willkommen-in-der-grauzone%2F\" title=\"Bei Threema teilen\" aria-label=\"Bei Threema teilen\" role=\"button\" rel=\"noopener nofollow\" class=\"shariff-link\" style=\"; background-color:#1f1f1f; color:#1f1f1f\" target=\"_blank\"><span class=\"shariff-icon\" style=\"fill:#1f1f1f\"><svg width=\"32px\" height=\"20px\" xmlns=\"http:\/\/www.w3.org\/2000\/svg\" viewBox=\"0 0 32 32\"><path fill=\"#1f1f1f\" d=\"M30.8 10.9c-0.3-1.4-0.9-2.6-1.8-3.8-2-2.6-5.5-4.5-9.4-5.2-1.3-0.2-1.9-0.3-3.5-0.3s-2.2 0-3.5 0.3c-4 0.7-7.4 2.6-9.4 5.2-0.9 1.2-1.5 2.4-1.8 3.8-0.1 0.5-0.2 1.2-0.2 1.6 0 0.4 0.1 1.1 0.2 1.6 0.4 1.9 1.3 3.4 2.9 5 0.8 0.8 0.8 0.8 0.7 1.3 0 0.6-0.5 1.6-1.7 3.6-0.3 0.5-0.5 0.9-0.5 0.9 0 0.1 0.1 0.1 0.5 0 0.8-0.2 2.3-0.6 5.6-1.6 1.1-0.3 1.3-0.4 2.3-0.4 0.8 0 1.1 0 2.3 0.2 1.5 0.2 3.5 0.2 4.9 0 5.1-0.6 9.3-2.9 11.4-6.3 0.5-0.9 0.9-1.8 1.1-2.8 0.1-0.5 0.2-1.1 0.2-1.6 0-0.7-0.1-1.1-0.2-1.6-0.3-1.4 0.1 0.5 0 0zM20.6 17.3c0 0.4-0.4 0.8-0.8 0.8h-7.7c-0.4 0-0.8-0.4-0.8-0.8v-4.6c0-0.4 0.4-0.8 0.8-0.8h0.2l0-1.6c0-0.9 0-1.8 0.1-2 0.1-0.6 0.6-1.2 1.1-1.7s1.1-0.7 1.9-0.8c1.8-0.3 3.7 0.7 4.2 2.2 0.1 0.3 0.1 0.7 0.1 2.1v0 1.7h0.1c0.4 0 0.8 0.4 0.8 0.8v4.6zM15.6 7.3c-0.5 0.1-0.8 0.3-1.2 0.6s-0.6 0.8-0.7 1.3c0 0.2 0 0.8 0 1.5l0 1.2h4.6v-1.3c0-1 0-1.4-0.1-1.6-0.3-1.1-1.5-1.9-2.6-1.7zM25.8 28.2c0 1.2-1 2.2-2.1 2.2s-2.1-1-2.1-2.1c0-1.2 1-2.1 2.2-2.1s2.2 1 2.2 2.2zM18.1 28.2c0 1.2-1 2.2-2.1 2.2s-2.1-1-2.1-2.1c0-1.2 1-2.1 2.2-2.1s2.2 1 2.2 2.2zM10.4 28.2c0 1.2-1 2.2-2.1 2.2s-2.1-1-2.1-2.1c0-1.2 1-2.1 2.2-2.1s2.2 1 2.2 2.2z\"\/><\/svg><\/span><span class=\"shariff-text\" style=\"color:#1f1f1f\">teilen<\/span>&nbsp;<\/a><\/li><li class=\"shariff-button facebook shariff-nocustomcolor\" style=\"background-color:#4273c8\"><a href=\"https:\/\/www.facebook.com\/sharer\/sharer.php?u=https%3A%2F%2Fwww.kritische-masse.de%2Flogbuch%2F2024%2F02%2Fkulturradio-rahmenbruch-gefahr-willkommen-in-der-grauzone%2F\" title=\"Bei Facebook teilen\" aria-label=\"Bei Facebook teilen\" role=\"button\" rel=\"nofollow\" class=\"shariff-link\" style=\"; background-color:#3b5998; color:#3b5998\" target=\"_blank\"><span class=\"shariff-icon\" style=\"fill:#3b5998\"><svg width=\"32px\" height=\"20px\" xmlns=\"http:\/\/www.w3.org\/2000\/svg\" viewBox=\"0 0 18 32\"><path fill=\"#3b5998\" d=\"M17.1 0.2v4.7h-2.8q-1.5 0-2.1 0.6t-0.5 1.9v3.4h5.2l-0.7 5.3h-4.5v13.6h-5.5v-13.6h-4.5v-5.3h4.5v-3.9q0-3.3 1.9-5.2t5-1.8q2.6 0 4.1 0.2z\"\/><\/svg><\/span><span class=\"shariff-text\" style=\"color:#3b5998\">teilen<\/span>&nbsp;<\/a><\/li><li class=\"shariff-button info shariff-nocustomcolor\" style=\"background-color:#a8a8a8\"><a href=\"http:\/\/ct.de\/-2467514\" title=\"Weitere Informationen\" aria-label=\"Weitere Informationen\" role=\"button\" rel=\"noopener \" class=\"shariff-link\" style=\"; background-color:#999; color:#999\" target=\"_blank\"><span class=\"shariff-icon\" style=\"fill:#999\"><svg width=\"32px\" height=\"20px\" xmlns=\"http:\/\/www.w3.org\/2000\/svg\" viewBox=\"0 0 11 32\"><path fill=\"#999\" d=\"M11.4 24v2.3q0 0.5-0.3 0.8t-0.8 0.4h-9.1q-0.5 0-0.8-0.4t-0.4-0.8v-2.3q0-0.5 0.4-0.8t0.8-0.4h1.1v-6.8h-1.1q-0.5 0-0.8-0.4t-0.4-0.8v-2.3q0-0.5 0.4-0.8t0.8-0.4h6.8q0.5 0 0.8 0.4t0.4 0.8v10.3h1.1q0.5 0 0.8 0.4t0.3 0.8zM9.2 3.4v3.4q0 0.5-0.4 0.8t-0.8 0.4h-4.6q-0.4 0-0.8-0.4t-0.4-0.8v-3.4q0-0.4 0.4-0.8t0.8-0.4h4.6q0.5 0 0.8 0.4t0.4 0.8z\"\/><\/svg><\/span><\/a><\/li><\/ul><\/div><p>Es geht aufs Wochenende zu. Und die Woche schlie\u00dft sich langsam. Tendenz: Es bleibt ungut. Gerade noch das <strong>Altpapier<\/strong> <a href=\"https:\/\/www.mdr.de\/altpapier\/das-altpapier-3532.html\">gelesen<\/a> zu einem erfolgreichen Podcast von <strong>\u201eHoss &amp; Hopf\u201c<\/strong>. Dieser Podcast erreicht offenbar Menschen in einem Stadium, bevor sie selbst\u00e4ndig \u00fcber Informationen nachdenken k\u00f6nnen. Hier sind es junge Jugendliche, die dann irren Vorstellungen auf den Leim gehen. Das Modell der Verbreitung ihres Podcasts ist ziemlich genial. So rein marketingtechnisch. Ein Lehrst\u00fcck \u00fcber die Verf\u00fchrbarkeit von Menschen.<\/p>\n<div id=\"ez-toc-container\" class=\"ez-toc-v2_0_82_2 ez-toc-wrap-center counter-hierarchy ez-toc-counter ez-toc-light-blue ez-toc-container-direction\">\n<div class=\"ez-toc-title-container\">\n<p class=\"ez-toc-title\" style=\"cursor:inherit\">Inhalt<\/p>\n<span class=\"ez-toc-title-toggle\"><a href=\"#\" class=\"ez-toc-pull-right ez-toc-btn ez-toc-btn-xs ez-toc-btn-default ez-toc-toggle\" aria-label=\"Toggle Table of Content\"><span class=\"ez-toc-js-icon-con\"><span class=\"\"><span class=\"eztoc-hide\" style=\"display:none;\">Toggle<\/span><span class=\"ez-toc-icon-toggle-span\"><svg style=\"fill: #999;color:#999\" xmlns=\"http:\/\/www.w3.org\/2000\/svg\" class=\"list-377408\" width=\"20px\" height=\"20px\" viewBox=\"0 0 24 24\" fill=\"none\"><path d=\"M6 6H4v2h2V6zm14 0H8v2h12V6zM4 11h2v2H4v-2zm16 0H8v2h12v-2zM4 16h2v2H4v-2zm16 0H8v2h12v-2z\" fill=\"currentColor\"><\/path><\/svg><svg style=\"fill: #999;color:#999\" class=\"arrow-unsorted-368013\" xmlns=\"http:\/\/www.w3.org\/2000\/svg\" width=\"10px\" height=\"10px\" viewBox=\"0 0 24 24\" version=\"1.2\" baseProfile=\"tiny\"><path d=\"M18.2 9.3l-6.2-6.3-6.2 6.3c-.2.2-.3.4-.3.7s.1.5.3.7c.2.2.4.3.7.3h11c.3 0 .5-.1.7-.3.2-.2.3-.5.3-.7s-.1-.5-.3-.7zM5.8 14.7l6.2 6.3 6.2-6.3c.2-.2.3-.5.3-.7s-.1-.5-.3-.7c-.2-.2-.4-.3-.7-.3h-11c-.3 0-.5.1-.7.3-.2.2-.3.5-.3.7s.1.5.3.7z\"\/><\/svg><\/span><\/span><\/span><\/a><\/span><\/div>\n<nav><ul class='ez-toc-list ez-toc-list-level-1 ' ><li class='ez-toc-page-1 ez-toc-heading-level-2'><a class=\"ez-toc-link ez-toc-heading-1\" href=\"https:\/\/www.kritische-masse.de\/logbuch\/2024\/02\/kulturradio-rahmenbruch-gefahr-willkommen-in-der-grauzone\/#Rahmenbruch\" >Rahmenbruch<\/a><\/li><li class='ez-toc-page-1 ez-toc-heading-level-2'><a class=\"ez-toc-link ez-toc-heading-2\" href=\"https:\/\/www.kritische-masse.de\/logbuch\/2024\/02\/kulturradio-rahmenbruch-gefahr-willkommen-in-der-grauzone\/#Salat\" >Salat<\/a><\/li><li class='ez-toc-page-1 ez-toc-heading-level-2'><a class=\"ez-toc-link ez-toc-heading-3\" href=\"https:\/\/www.kritische-masse.de\/logbuch\/2024\/02\/kulturradio-rahmenbruch-gefahr-willkommen-in-der-grauzone\/#Kulturradio_ade\" >Kulturradio ad\u00e9<\/a><\/li><li class='ez-toc-page-1 ez-toc-heading-level-2'><a class=\"ez-toc-link ez-toc-heading-4\" href=\"https:\/\/www.kritische-masse.de\/logbuch\/2024\/02\/kulturradio-rahmenbruch-gefahr-willkommen-in-der-grauzone\/#Musikhoeren_mit_Gabriel_Yoran\" >Musikh\u00f6ren mit Gabriel Yoran<\/a><\/li><li class='ez-toc-page-1 ez-toc-heading-level-2'><a class=\"ez-toc-link ez-toc-heading-5\" href=\"https:\/\/www.kritische-masse.de\/logbuch\/2024\/02\/kulturradio-rahmenbruch-gefahr-willkommen-in-der-grauzone\/#Willkommen_Grauzone\" >Willkommen Grauzone<\/a><\/li><li class='ez-toc-page-1 ez-toc-heading-level-2'><a class=\"ez-toc-link ez-toc-heading-6\" href=\"https:\/\/www.kritische-masse.de\/logbuch\/2024\/02\/kulturradio-rahmenbruch-gefahr-willkommen-in-der-grauzone\/#Und_sonst_so\" >Und sonst so<\/a><ul class='ez-toc-list-level-3' ><li class='ez-toc-heading-level-3'><a class=\"ez-toc-link ez-toc-heading-7\" href=\"https:\/\/www.kritische-masse.de\/logbuch\/2024\/02\/kulturradio-rahmenbruch-gefahr-willkommen-in-der-grauzone\/#Am_16_Februar_im_Allgemeinen\" >Am 16. Februar im Allgemeinen<\/a><\/li><li class='ez-toc-page-1 ez-toc-heading-level-3'><a class=\"ez-toc-link ez-toc-heading-8\" href=\"https:\/\/www.kritische-masse.de\/logbuch\/2024\/02\/kulturradio-rahmenbruch-gefahr-willkommen-in-der-grauzone\/#Fotoarchiv\" >Fotoarchiv<\/a><\/li><\/ul><\/li><\/ul><\/nav><\/div>\n<h2><span class=\"ez-toc-section\" id=\"Rahmenbruch\"><\/span>Rahmenbruch<span class=\"ez-toc-section-end\"><\/span><\/h2>\n<p>Gestern informiert mich mein Lastenrad-Hersteller Babboe aus den Niederlanden dar\u00fcber, dass es wohl eine R\u00fcckrufaktion f\u00fcr seine Lastenr\u00e4der geben werde. Ferner werde aktuell der <a href=\"https:\/\/www.babboe.de\/\">Verkauf der R\u00e4der komplett eingestellt, vorr\u00fcbergehend<\/a>. Ich habe mein Rad aus dritter Hand und frage mich, wie geht das jetzt wohl weiter? Denn bislang hatte ich viel Spa\u00df mit dem Teil, habe es au\u00dferdem mit Gep\u00e4cktr\u00e4ger und gefederter Sattelst\u00fctze aufgepimpt. Weierfahren bis der Rahmen bricht, oder darauf hoffen, dass nicht?<\/p>\n<h2><span class=\"ez-toc-section\" id=\"Salat\"><\/span>Salat<span class=\"ez-toc-section-end\"><\/span><\/h2>\n<p>Gutes Abendessen gestern mit Quinoa, Petersilie, Chicor\u00e9e, Tomate, Gurke, Oliven-\u00d6l, Zitronensaft, Kidneybohnen, Zwiebel und veganem Schafk\u00e4se. Halt ein bisschen Resteessen, aber ganz mein Fall als Salat-Junkie.<\/p>\n<h2><span class=\"ez-toc-section\" id=\"Kulturradio_ade\"><\/span>Kulturradio ad\u00e9<span class=\"ez-toc-section-end\"><\/span><\/h2>\n<p>Gestern habe ich kurz \u00fcber das <strong>Ende von rbb-kultur<\/strong> <a href=\"https:\/\/www.kritische-masse.de\/logbuch\/2024\/02\/das-stille-paradox-vergessenwerdenwollen-tschuess-durchhoerbarkeit\/\">gefl\u00f6tet<\/a>. Ein bisschen in das neue Progamm hat Arno L\u00fccker im <strong>Bad Blog Of Musick<\/strong> geschaut:<\/p>\n<p><a href=\"https:\/\/blogs.nmz.de\/badblog\/2024\/02\/15\/die-abschaffung-des-kulturradios-folge-10-was-passiert-ab-dem-2-april-oder-klassiksender-ohne-klassik\/?pk_campaign=feed&amp;pk_kwd=die-abschaffung-des-kulturradios-folge-10-was-passiert-ab-dem-2-april-oder-klassiksender-ohne-klassik\">Die Abschaffung des Kulturradios \u2013 Folge 10<br \/>\nWas passiert ab dem 2. April? Oder: Klassiksender ohne Klassik<\/a><\/p>\n<blockquote><p>Arno L\u00fccker \u2013 \u201e\u2026 Jetzt scheint sich aber doch zu bewahrheiten, was ich von Anfang an \u2013 allein im Titel dieser Blog-Serie \u2013 angedeutet hatte: Das Kulturradio des Rundfunk Berlin-Brandenburgs steht kurz vor der Abschaffung. Beziehungsweise vor der Fusionierung mit radioeins, dem coolen Popsender des rbb. \u2026\u201c<\/p><\/blockquote>\n<h2><span class=\"ez-toc-section\" id=\"Musikhoeren_mit_Gabriel_Yoran\"><\/span>Musikh\u00f6ren mit Gabriel Yoran<span class=\"ez-toc-section-end\"><\/span><\/h2>\n<p><strong>Der Teufel ist nicht totzukriegen<\/strong>. Gabriel Yoran hat sich ein Paganini\/Lutos\u0142awski vorgenommen in seinem Newsletter \u201eSchleichwege zur Klassik \u2013 Klassische Musik verstehen und genie\u00dfen\u201c. Ich schenke noch einen drauf. Andere Geschichte: Die Paganini-Variationen von Boris Blacher.<\/p>\n<p><span class=\"embed-youtube\" style=\"text-align:center; display: block;\"><iframe loading=\"lazy\" class=\"youtube-player\" width=\"1200\" height=\"675\" src=\"https:\/\/www.youtube.com\/embed\/l8GVvL-wW8c?version=3&#038;rel=1&#038;showsearch=0&#038;showinfo=1&#038;iv_load_policy=1&#038;fs=1&#038;hl=de-DE&#038;autohide=2&#038;wmode=transparent\" allowfullscreen=\"true\" style=\"border:0;\" sandbox=\"allow-scripts allow-same-origin allow-popups allow-presentation allow-popups-to-escape-sandbox\"><\/iframe><\/span><\/p>\n<h2><span class=\"ez-toc-section\" id=\"Willkommen_Grauzone\"><\/span>Willkommen Grauzone<span class=\"ez-toc-section-end\"><\/span><\/h2>\n<p><strong>Mathis Ubben<\/strong> begr\u00fc\u00dft die <a href=\"https:\/\/service.conbrio.de\/service\/newsletter-4\/newsletter-archiv-2\/?email_id=1797\">Grauzone in dem Newsletter<\/a> der nmz. Er verweist auf einen Text von Constanze Wimmer, die <a href=\"https:\/\/www.nmz.de\/bildung-praxis\/paedagogik-vermittlung\/nachdenken-ueber-das-europaeische-konzertleben\">f\u00fcr die nmz auf beim Symposium \u201eThe Future of the Classical Concert\u201c<\/a> war und erg\u00e4nzt:<\/p>\n<blockquote><p>\u201eEs ging aber prim\u00e4r um die Fragen, warum Leute \u00fcberhaupt ins Konzert gehen und was sie in verschiedenen Konzertformaten erleben. Der Artikel ist ein Lehrst\u00fcck nach der Suche nach schwarz-wei\u00dfer Sicherheit und den etwas entt\u00e4uschten Blicken beim Erreichen der Grau-Zone.<\/p>\n<p>Sind wir schon da?<\/p>\n<p>Ja \u2013 Grauzone \u2013 wir haben das Ziel erreicht.\u201c<\/p><\/blockquote>\n<hr \/>\n<h2><span class=\"ez-toc-section\" id=\"Und_sonst_so\"><\/span>Und sonst so<span class=\"ez-toc-section-end\"><\/span><\/h2>\n<hr \/>\n<h3><span class=\"ez-toc-section\" id=\"Am_16_Februar_im_Allgemeinen\"><\/span>Am 16. Februar im Allgemeinen<span class=\"ez-toc-section-end\"><\/span><\/h3>\n<ul>\n<li>1497: <a title=\"Philipp Melanchthon\" href=\"https:\/\/de.wikipedia.org\/wiki\/Philipp_Melanchthon\">Philipp Melanchthon<\/a>, deutscher Reformator, Theologe, Philologe, Philosoph, Humanist, Lehrbuchautor und Dichter (geboren)<\/li>\n<li>1974: Die Urauff\u00fchrung der Oper <i><a title=\"Einstein (Oper)\" href=\"https:\/\/de.wikipedia.org\/wiki\/Einstein_(Oper)\">Einstein<\/a><\/i> von <a title=\"Paul Dessau\" href=\"https:\/\/de.wikipedia.org\/wiki\/Paul_Dessau\">Paul Dessau<\/a> mit dem Text von <a title=\"Karl Mickel\" href=\"https:\/\/de.wikipedia.org\/wiki\/Karl_Mickel\">Karl Mickel<\/a> findet in der Inszenierung von <a title=\"Ruth Berghaus\" href=\"https:\/\/de.wikipedia.org\/wiki\/Ruth_Berghaus\">Ruth Berghaus<\/a> an der <a title=\"Deutsche Oper Berlin\" href=\"https:\/\/de.wikipedia.org\/wiki\/Deutsche_Oper_Berlin\">Deutschen Oper Berlin<\/a> statt.<\/li>\n<li>1985: An der <a title=\"Semperoper\" href=\"https:\/\/de.wikipedia.org\/wiki\/Semperoper\">Dresdner Staatsoper<\/a> erfolgt die Urauff\u00fchrung der Oper <i><a title=\"Die Weise von Liebe und Tod des Cornets Christoph Rilke\" href=\"https:\/\/de.wikipedia.org\/wiki\/Die_Weise_von_Liebe_und_Tod_des_Cornets_Christoph_Rilke\">Die Weise von Liebe und Tod des Cornets Christoph Rilke<\/a><\/i> von <a title=\"Siegfried Matthus\" href=\"https:\/\/de.wikipedia.org\/wiki\/Siegfried_Matthus\">Siegfried Matthus<\/a> nach dem gleichnamigen Werk von <a title=\"Rainer Maria Rilke\" href=\"https:\/\/de.wikipedia.org\/wiki\/Rainer_Maria_Rilke\">Rainer Maria Rilke<\/a>.<\/li>\n<\/ul>\n<h3><span class=\"ez-toc-section\" id=\"Fotoarchiv\"><\/span>Fotoarchiv<span class=\"ez-toc-section-end\"><\/span><\/h3>\n<p>Gefunden an diesem Tag auf Facebook.<\/p>\n<figure id=\"attachment_9211\" aria-describedby=\"caption-attachment-9211\" style=\"width: 678px\" class=\"wp-caption aligncenter\"><a href=\"https:\/\/i0.wp.com\/www.kritische-masse.de\/logbuch\/wp-content\/uploads\/2024\/02\/02_16_hans_well.jpg?ssl=1\"><img data-recalc-dims=\"1\" loading=\"lazy\" decoding=\"async\" data-attachment-id=\"9211\" data-permalink=\"https:\/\/www.kritische-masse.de\/logbuch\/2024\/02\/kulturradio-rahmenbruch-gefahr-willkommen-in-der-grauzone\/02_16_hans_well\/\" data-orig-file=\"https:\/\/i0.wp.com\/www.kritische-masse.de\/logbuch\/wp-content\/uploads\/2024\/02\/02_16_hans_well.jpg?fit=1060%2C1600&amp;ssl=1\" data-orig-size=\"1060,1600\" data-comments-opened=\"1\" data-image-meta=\"{&quot;aperture&quot;:&quot;0&quot;,&quot;credit&quot;:&quot;&quot;,&quot;camera&quot;:&quot;&quot;,&quot;caption&quot;:&quot;&quot;,&quot;created_timestamp&quot;:&quot;0&quot;,&quot;copyright&quot;:&quot;&quot;,&quot;focal_length&quot;:&quot;0&quot;,&quot;iso&quot;:&quot;0&quot;,&quot;shutter_speed&quot;:&quot;0&quot;,&quot;title&quot;:&quot;&quot;,&quot;orientation&quot;:&quot;0&quot;}\" data-image-title=\"Hans Well 2012. Foto: Hufner\" data-image-description=\"&lt;p&gt;Hans Well 2012. Foto: Hufner&lt;\/p&gt;\n\" data-image-caption=\"&lt;p&gt;Hans Well 2012. Foto: Hufner&lt;\/p&gt;\n\" data-large-file=\"https:\/\/i0.wp.com\/www.kritische-masse.de\/logbuch\/wp-content\/uploads\/2024\/02\/02_16_hans_well.jpg?fit=678%2C1024&amp;ssl=1\" class=\"size-large wp-image-9211\" title=\"Hans Well 2012. Foto: Hufner\" src=\"https:\/\/i0.wp.com\/www.kritische-masse.de\/logbuch\/wp-content\/uploads\/2024\/02\/02_16_hans_well.jpg?resize=678%2C1024&#038;ssl=1\" alt=\"Hans Well 2012. Foto: Hufner\" width=\"678\" height=\"1024\" srcset=\"https:\/\/i0.wp.com\/www.kritische-masse.de\/logbuch\/wp-content\/uploads\/2024\/02\/02_16_hans_well.jpg?resize=678%2C1024&amp;ssl=1 678w, https:\/\/i0.wp.com\/www.kritische-masse.de\/logbuch\/wp-content\/uploads\/2024\/02\/02_16_hans_well.jpg?resize=199%2C300&amp;ssl=1 199w, https:\/\/i0.wp.com\/www.kritische-masse.de\/logbuch\/wp-content\/uploads\/2024\/02\/02_16_hans_well.jpg?resize=768%2C1159&amp;ssl=1 768w, https:\/\/i0.wp.com\/www.kritische-masse.de\/logbuch\/wp-content\/uploads\/2024\/02\/02_16_hans_well.jpg?resize=1018%2C1536&amp;ssl=1 1018w, https:\/\/i0.wp.com\/www.kritische-masse.de\/logbuch\/wp-content\/uploads\/2024\/02\/02_16_hans_well.jpg?w=1060&amp;ssl=1 1060w\" sizes=\"auto, (max-width: 678px) 100vw, 678px\" \/><\/a><figcaption id=\"caption-attachment-9211\" class=\"wp-caption-text\">Hans Well 2012. Foto: Hufner<\/figcaption><\/figure>\n<figure id=\"attachment_9210\" aria-describedby=\"caption-attachment-9210\" style=\"width: 960px\" class=\"wp-caption aligncenter\"><a href=\"https:\/\/i0.wp.com\/www.kritische-masse.de\/logbuch\/wp-content\/uploads\/2024\/02\/02_16_fund.jpg?ssl=1\"><img data-recalc-dims=\"1\" loading=\"lazy\" decoding=\"async\" data-attachment-id=\"9210\" data-permalink=\"https:\/\/www.kritische-masse.de\/logbuch\/2024\/02\/kulturradio-rahmenbruch-gefahr-willkommen-in-der-grauzone\/02_16_fund\/\" data-orig-file=\"https:\/\/i0.wp.com\/www.kritische-masse.de\/logbuch\/wp-content\/uploads\/2024\/02\/02_16_fund.jpg?fit=960%2C960&amp;ssl=1\" data-orig-size=\"960,960\" data-comments-opened=\"1\" data-image-meta=\"{&quot;aperture&quot;:&quot;0&quot;,&quot;credit&quot;:&quot;&quot;,&quot;camera&quot;:&quot;&quot;,&quot;caption&quot;:&quot;&quot;,&quot;created_timestamp&quot;:&quot;0&quot;,&quot;copyright&quot;:&quot;&quot;,&quot;focal_length&quot;:&quot;0&quot;,&quot;iso&quot;:&quot;0&quot;,&quot;shutter_speed&quot;:&quot;0&quot;,&quot;title&quot;:&quot;&quot;,&quot;orientation&quot;:&quot;0&quot;}\" data-image-title=\"Fund in Brandenburg. Foto: Hufner\" data-image-description=\"&lt;p&gt;Fund in Brandenburg. Foto: Hufner&lt;\/p&gt;\n\" data-image-caption=\"&lt;p&gt;Fund in Brandenburg. Foto: Hufner&lt;\/p&gt;\n\" data-large-file=\"https:\/\/i0.wp.com\/www.kritische-masse.de\/logbuch\/wp-content\/uploads\/2024\/02\/02_16_fund.jpg?fit=960%2C960&amp;ssl=1\" class=\"size-full wp-image-9210\" title=\"Fund in Brandenburg. Foto: Hufner\" src=\"https:\/\/i0.wp.com\/www.kritische-masse.de\/logbuch\/wp-content\/uploads\/2024\/02\/02_16_fund.jpg?resize=960%2C960&#038;ssl=1\" alt=\"Fund in Brandenburg. Foto: Hufner\" width=\"960\" height=\"960\" srcset=\"https:\/\/i0.wp.com\/www.kritische-masse.de\/logbuch\/wp-content\/uploads\/2024\/02\/02_16_fund.jpg?w=960&amp;ssl=1 960w, https:\/\/i0.wp.com\/www.kritische-masse.de\/logbuch\/wp-content\/uploads\/2024\/02\/02_16_fund.jpg?resize=300%2C300&amp;ssl=1 300w, https:\/\/i0.wp.com\/www.kritische-masse.de\/logbuch\/wp-content\/uploads\/2024\/02\/02_16_fund.jpg?resize=150%2C150&amp;ssl=1 150w, https:\/\/i0.wp.com\/www.kritische-masse.de\/logbuch\/wp-content\/uploads\/2024\/02\/02_16_fund.jpg?resize=768%2C768&amp;ssl=1 768w\" sizes=\"auto, (max-width: 960px) 100vw, 960px\" \/><\/a><figcaption id=\"caption-attachment-9210\" class=\"wp-caption-text\">Fund in Brandenburg. Foto: Hufner<\/figcaption><\/figure>\n<p>&nbsp;<\/p>\n<div class=\"shariff shariff-align-left shariff-widget-align-left\"><ul class=\"shariff-buttons theme-white orientation-horizontal buttonsize-small\"><li class=\"shariff-button mastodon shariff-nocustomcolor\" style=\"background-color:#563ACC\"><a href=\"https:\/\/s2f.kytta.dev\/?text=Kulturradio%20%2F%20Rahmenbruch-Gefahr%3F%20%2F%20Willkommen%20in%20der%20Grauzone https%3A%2F%2Fwww.kritische-masse.de%2Flogbuch%2F2024%2F02%2Fkulturradio-rahmenbruch-gefahr-willkommen-in-der-grauzone%2F\" title=\"Bei Mastodon teilen\" aria-label=\"Bei Mastodon teilen\" role=\"button\" rel=\"noopener nofollow\" class=\"shariff-link\" style=\"; background-color:#6364FF; color:#6364FF\" target=\"_blank\"><span class=\"shariff-icon\" style=\"fill:#6364FF\"><svg width=\"75\" height=\"79\" viewBox=\"0 0 75 79\" fill=\"none\" xmlns=\"http:\/\/www.w3.org\/2000\/svg\"><path d=\"M37.813-.025C32.462-.058 27.114.13 21.79.598c-8.544.621-17.214 5.58-20.203 13.931C-1.12 23.318.408 32.622.465 41.65c.375 7.316.943 14.78 3.392 21.73 4.365 9.465 14.781 14.537 24.782 15.385 7.64.698 15.761-.213 22.517-4.026a54.1 54.1 0 0 0 .01-6.232c-6.855 1.316-14.101 2.609-21.049 1.074-3.883-.88-6.876-4.237-7.25-8.215-1.53-3.988 3.78-.43 5.584-.883 9.048 1.224 18.282.776 27.303-.462 7.044-.837 14.26-4.788 16.65-11.833 2.263-6.135 1.215-12.79 1.698-19.177.06-3.84.09-7.692-.262-11.52C72.596 7.844 63.223.981 53.834.684a219.453 219.453 0 0 0-16.022-.71zm11.294 12.882c5.5-.067 10.801 4.143 11.67 9.653.338 1.48.471 3 .471 4.515v21.088h-8.357c-.07-7.588.153-15.182-.131-22.765-.587-4.368-7.04-5.747-9.672-2.397-2.422 3.04-1.47 7.155-1.67 10.735v6.392h-8.307c-.146-4.996.359-10.045-.404-15.002-1.108-4.218-7.809-5.565-10.094-1.666-1.685 3.046-.712 6.634-.976 9.936v14.767h-8.354c.109-8.165-.238-16.344.215-24.5.674-5.346 5.095-10.389 10.676-10.627 4.902-.739 10.103 2.038 12.053 6.631.375 1.435 1.76 1.932 1.994.084 1.844-3.704 5.501-6.739 9.785-6.771.367-.044.735-.068 1.101-.073z\"\/><defs><linearGradient id=\"paint0_linear_549_34\" x1=\"37.0692\" y1=\"0\" x2=\"37.0692\" y2=\"79\" gradientUnits=\"userSpaceOnUse\"><stop stop-color=\"#6364FF\"\/><stop offset=\"1\" stop-color=\"#563ACC\"\/><\/linearGradient><\/defs><\/svg><\/span><span class=\"shariff-text\" style=\"color:#6364FF\">teilen<\/span>&nbsp;<\/a><\/li><li class=\"shariff-button bluesky shariff-nocustomcolor\" style=\"background-color:#84c4ff\"><a href=\"https:\/\/bsky.app\/intent\/compose?text=Kulturradio%20%2F%20Rahmenbruch-Gefahr%3F%20%2F%20Willkommen%20in%20der%20Grauzone https%3A%2F%2Fwww.kritische-masse.de%2Flogbuch%2F2024%2F02%2Fkulturradio-rahmenbruch-gefahr-willkommen-in-der-grauzone%2F \" title=\"Bei Bluesky teilen\" aria-label=\"Bei Bluesky teilen\" role=\"button\" rel=\"noopener nofollow\" class=\"shariff-link\" style=\"; background-color:#0085ff; color:#0085ff\" target=\"_blank\"><span class=\"shariff-icon\" style=\"fill:#0085ff\"><svg width=\"20\" height=\"20\" version=\"1.1\" xmlns=\"http:\/\/www.w3.org\/2000\/svg\" viewBox=\"0 0 20 20\"><path class=\"st0\" d=\"M4.89,3.12c2.07,1.55,4.3,4.71,5.11,6.4.82-1.69,3.04-4.84,5.11-6.4,1.49-1.12,3.91-1.99,3.91.77,0,.55-.32,4.63-.5,5.3-.64,2.3-2.99,2.89-5.08,2.54,3.65.62,4.58,2.68,2.57,4.74-3.81,3.91-5.48-.98-5.9-2.23-.08-.23-.11-.34-.12-.25,0-.09-.04.02-.12.25-.43,1.25-2.09,6.14-5.9,2.23-2.01-2.06-1.08-4.12,2.57-4.74-2.09.36-4.44-.23-5.08-2.54-.19-.66-.5-4.74-.5-5.3,0-2.76,2.42-1.89,3.91-.77h0Z\"\/><\/svg><\/span><span class=\"shariff-text\" style=\"color:#0085ff\">teilen<\/span>&nbsp;<\/a><\/li><li class=\"shariff-button threema shariff-nocustomcolor shariff-mobile\" style=\"background-color:#4fbc24\"><a href=\"threema:\/\/compose?text=Kulturradio%20%2F%20Rahmenbruch-Gefahr%3F%20%2F%20Willkommen%20in%20der%20Grauzone%20https%3A%2F%2Fwww.kritische-masse.de%2Flogbuch%2F2024%2F02%2Fkulturradio-rahmenbruch-gefahr-willkommen-in-der-grauzone%2F\" title=\"Bei Threema teilen\" aria-label=\"Bei Threema teilen\" role=\"button\" rel=\"noopener nofollow\" class=\"shariff-link\" style=\"; background-color:#1f1f1f; color:#1f1f1f\" target=\"_blank\"><span class=\"shariff-icon\" style=\"fill:#1f1f1f\"><svg width=\"32px\" height=\"20px\" xmlns=\"http:\/\/www.w3.org\/2000\/svg\" viewBox=\"0 0 32 32\"><path fill=\"#1f1f1f\" d=\"M30.8 10.9c-0.3-1.4-0.9-2.6-1.8-3.8-2-2.6-5.5-4.5-9.4-5.2-1.3-0.2-1.9-0.3-3.5-0.3s-2.2 0-3.5 0.3c-4 0.7-7.4 2.6-9.4 5.2-0.9 1.2-1.5 2.4-1.8 3.8-0.1 0.5-0.2 1.2-0.2 1.6 0 0.4 0.1 1.1 0.2 1.6 0.4 1.9 1.3 3.4 2.9 5 0.8 0.8 0.8 0.8 0.7 1.3 0 0.6-0.5 1.6-1.7 3.6-0.3 0.5-0.5 0.9-0.5 0.9 0 0.1 0.1 0.1 0.5 0 0.8-0.2 2.3-0.6 5.6-1.6 1.1-0.3 1.3-0.4 2.3-0.4 0.8 0 1.1 0 2.3 0.2 1.5 0.2 3.5 0.2 4.9 0 5.1-0.6 9.3-2.9 11.4-6.3 0.5-0.9 0.9-1.8 1.1-2.8 0.1-0.5 0.2-1.1 0.2-1.6 0-0.7-0.1-1.1-0.2-1.6-0.3-1.4 0.1 0.5 0 0zM20.6 17.3c0 0.4-0.4 0.8-0.8 0.8h-7.7c-0.4 0-0.8-0.4-0.8-0.8v-4.6c0-0.4 0.4-0.8 0.8-0.8h0.2l0-1.6c0-0.9 0-1.8 0.1-2 0.1-0.6 0.6-1.2 1.1-1.7s1.1-0.7 1.9-0.8c1.8-0.3 3.7 0.7 4.2 2.2 0.1 0.3 0.1 0.7 0.1 2.1v0 1.7h0.1c0.4 0 0.8 0.4 0.8 0.8v4.6zM15.6 7.3c-0.5 0.1-0.8 0.3-1.2 0.6s-0.6 0.8-0.7 1.3c0 0.2 0 0.8 0 1.5l0 1.2h4.6v-1.3c0-1 0-1.4-0.1-1.6-0.3-1.1-1.5-1.9-2.6-1.7zM25.8 28.2c0 1.2-1 2.2-2.1 2.2s-2.1-1-2.1-2.1c0-1.2 1-2.1 2.2-2.1s2.2 1 2.2 2.2zM18.1 28.2c0 1.2-1 2.2-2.1 2.2s-2.1-1-2.1-2.1c0-1.2 1-2.1 2.2-2.1s2.2 1 2.2 2.2zM10.4 28.2c0 1.2-1 2.2-2.1 2.2s-2.1-1-2.1-2.1c0-1.2 1-2.1 2.2-2.1s2.2 1 2.2 2.2z\"\/><\/svg><\/span><span class=\"shariff-text\" style=\"color:#1f1f1f\">teilen<\/span>&nbsp;<\/a><\/li><li class=\"shariff-button facebook shariff-nocustomcolor\" style=\"background-color:#4273c8\"><a href=\"https:\/\/www.facebook.com\/sharer\/sharer.php?u=https%3A%2F%2Fwww.kritische-masse.de%2Flogbuch%2F2024%2F02%2Fkulturradio-rahmenbruch-gefahr-willkommen-in-der-grauzone%2F\" title=\"Bei Facebook teilen\" aria-label=\"Bei Facebook teilen\" role=\"button\" rel=\"nofollow\" class=\"shariff-link\" style=\"; background-color:#3b5998; color:#3b5998\" target=\"_blank\"><span class=\"shariff-icon\" style=\"fill:#3b5998\"><svg width=\"32px\" height=\"20px\" xmlns=\"http:\/\/www.w3.org\/2000\/svg\" viewBox=\"0 0 18 32\"><path fill=\"#3b5998\" d=\"M17.1 0.2v4.7h-2.8q-1.5 0-2.1 0.6t-0.5 1.9v3.4h5.2l-0.7 5.3h-4.5v13.6h-5.5v-13.6h-4.5v-5.3h4.5v-3.9q0-3.3 1.9-5.2t5-1.8q2.6 0 4.1 0.2z\"\/><\/svg><\/span><span class=\"shariff-text\" style=\"color:#3b5998\">teilen<\/span>&nbsp;<\/a><\/li><li class=\"shariff-button info shariff-nocustomcolor\" style=\"background-color:#a8a8a8\"><a href=\"http:\/\/ct.de\/-2467514\" title=\"Weitere Informationen\" aria-label=\"Weitere Informationen\" role=\"button\" rel=\"noopener \" class=\"shariff-link\" style=\"; background-color:#999; color:#999\" target=\"_blank\"><span class=\"shariff-icon\" style=\"fill:#999\"><svg width=\"32px\" height=\"20px\" xmlns=\"http:\/\/www.w3.org\/2000\/svg\" viewBox=\"0 0 11 32\"><path fill=\"#999\" d=\"M11.4 24v2.3q0 0.5-0.3 0.8t-0.8 0.4h-9.1q-0.5 0-0.8-0.4t-0.4-0.8v-2.3q0-0.5 0.4-0.8t0.8-0.4h1.1v-6.8h-1.1q-0.5 0-0.8-0.4t-0.4-0.8v-2.3q0-0.5 0.4-0.8t0.8-0.4h6.8q0.5 0 0.8 0.4t0.4 0.8v10.3h1.1q0.5 0 0.8 0.4t0.3 0.8zM9.2 3.4v3.4q0 0.5-0.4 0.8t-0.8 0.4h-4.6q-0.4 0-0.8-0.4t-0.4-0.8v-3.4q0-0.4 0.4-0.8t0.8-0.4h4.6q0.5 0 0.8 0.4t0.4 0.8z\"\/><\/svg><\/span><\/a><\/li><\/ul><\/div>","protected":false},"excerpt":{"rendered":"<p>+++ Rahmenbruchgefahr (Babboe) +++ Musikh\u00f6ren (Yoran) +++ \u00dcber Verf\u00fchrbarkeit (Altpapier) +++ Kulturradio (L\u00fccker) +++ 16. Februar (Wikipedia) +++ Weiter\u00fcben (Ich) +++ Grauzonenanalyse mit Mathis Ubben +++<\/p>\n<div class=\"shariff shariff-align-left shariff-widget-align-left\"><ul class=\"shariff-buttons theme-white orientation-horizontal buttonsize-small\"><li class=\"shariff-button mastodon shariff-nocustomcolor\" style=\"background-color:#563ACC\"><a href=\"https:\/\/s2f.kytta.dev\/?text=Kulturradio%20%2F%20Rahmenbruch-Gefahr%3F%20%2F%20Willkommen%20in%20der%20Grauzone https%3A%2F%2Fwww.kritische-masse.de%2Flogbuch%2F2024%2F02%2Fkulturradio-rahmenbruch-gefahr-willkommen-in-der-grauzone%2F\" title=\"Bei Mastodon teilen\" aria-label=\"Bei Mastodon teilen\" role=\"button\" rel=\"noopener nofollow\" class=\"shariff-link\" style=\"; background-color:#6364FF; color:#6364FF\" target=\"_blank\"><span class=\"shariff-icon\" style=\"fill:#6364FF\"><svg width=\"75\" height=\"79\" viewBox=\"0 0 75 79\" fill=\"none\" xmlns=\"http:\/\/www.w3.org\/2000\/svg\"><path d=\"M37.813-.025C32.462-.058 27.114.13 21.79.598c-8.544.621-17.214 5.58-20.203 13.931C-1.12 23.318.408 32.622.465 41.65c.375 7.316.943 14.78 3.392 21.73 4.365 9.465 14.781 14.537 24.782 15.385 7.64.698 15.761-.213 22.517-4.026a54.1 54.1 0 0 0 .01-6.232c-6.855 1.316-14.101 2.609-21.049 1.074-3.883-.88-6.876-4.237-7.25-8.215-1.53-3.988 3.78-.43 5.584-.883 9.048 1.224 18.282.776 27.303-.462 7.044-.837 14.26-4.788 16.65-11.833 2.263-6.135 1.215-12.79 1.698-19.177.06-3.84.09-7.692-.262-11.52C72.596 7.844 63.223.981 53.834.684a219.453 219.453 0 0 0-16.022-.71zm11.294 12.882c5.5-.067 10.801 4.143 11.67 9.653.338 1.48.471 3 .471 4.515v21.088h-8.357c-.07-7.588.153-15.182-.131-22.765-.587-4.368-7.04-5.747-9.672-2.397-2.422 3.04-1.47 7.155-1.67 10.735v6.392h-8.307c-.146-4.996.359-10.045-.404-15.002-1.108-4.218-7.809-5.565-10.094-1.666-1.685 3.046-.712 6.634-.976 9.936v14.767h-8.354c.109-8.165-.238-16.344.215-24.5.674-5.346 5.095-10.389 10.676-10.627 4.902-.739 10.103 2.038 12.053 6.631.375 1.435 1.76 1.932 1.994.084 1.844-3.704 5.501-6.739 9.785-6.771.367-.044.735-.068 1.101-.073z\"\/><defs><linearGradient id=\"paint0_linear_549_34\" x1=\"37.0692\" y1=\"0\" x2=\"37.0692\" y2=\"79\" gradientUnits=\"userSpaceOnUse\"><stop stop-color=\"#6364FF\"\/><stop offset=\"1\" stop-color=\"#563ACC\"\/><\/linearGradient><\/defs><\/svg><\/span><span class=\"shariff-text\" style=\"color:#6364FF\">teilen<\/span>&nbsp;<\/a><\/li><li class=\"shariff-button bluesky shariff-nocustomcolor\" style=\"background-color:#84c4ff\"><a href=\"https:\/\/bsky.app\/intent\/compose?text=Kulturradio%20%2F%20Rahmenbruch-Gefahr%3F%20%2F%20Willkommen%20in%20der%20Grauzone https%3A%2F%2Fwww.kritische-masse.de%2Flogbuch%2F2024%2F02%2Fkulturradio-rahmenbruch-gefahr-willkommen-in-der-grauzone%2F \" title=\"Bei Bluesky teilen\" aria-label=\"Bei Bluesky teilen\" role=\"button\" rel=\"noopener nofollow\" class=\"shariff-link\" style=\"; background-color:#0085ff; color:#0085ff\" target=\"_blank\"><span class=\"shariff-icon\" style=\"fill:#0085ff\"><svg width=\"20\" height=\"20\" version=\"1.1\" xmlns=\"http:\/\/www.w3.org\/2000\/svg\" viewBox=\"0 0 20 20\"><path class=\"st0\" d=\"M4.89,3.12c2.07,1.55,4.3,4.71,5.11,6.4.82-1.69,3.04-4.84,5.11-6.4,1.49-1.12,3.91-1.99,3.91.77,0,.55-.32,4.63-.5,5.3-.64,2.3-2.99,2.89-5.08,2.54,3.65.62,4.58,2.68,2.57,4.74-3.81,3.91-5.48-.98-5.9-2.23-.08-.23-.11-.34-.12-.25,0-.09-.04.02-.12.25-.43,1.25-2.09,6.14-5.9,2.23-2.01-2.06-1.08-4.12,2.57-4.74-2.09.36-4.44-.23-5.08-2.54-.19-.66-.5-4.74-.5-5.3,0-2.76,2.42-1.89,3.91-.77h0Z\"\/><\/svg><\/span><span class=\"shariff-text\" style=\"color:#0085ff\">teilen<\/span>&nbsp;<\/a><\/li><li class=\"shariff-button threema shariff-nocustomcolor shariff-mobile\" style=\"background-color:#4fbc24\"><a href=\"threema:\/\/compose?text=Kulturradio%20%2F%20Rahmenbruch-Gefahr%3F%20%2F%20Willkommen%20in%20der%20Grauzone%20https%3A%2F%2Fwww.kritische-masse.de%2Flogbuch%2F2024%2F02%2Fkulturradio-rahmenbruch-gefahr-willkommen-in-der-grauzone%2F\" title=\"Bei Threema teilen\" aria-label=\"Bei Threema teilen\" role=\"button\" rel=\"noopener nofollow\" class=\"shariff-link\" style=\"; background-color:#1f1f1f; color:#1f1f1f\" target=\"_blank\"><span class=\"shariff-icon\" style=\"fill:#1f1f1f\"><svg width=\"32px\" height=\"20px\" xmlns=\"http:\/\/www.w3.org\/2000\/svg\" viewBox=\"0 0 32 32\"><path fill=\"#1f1f1f\" d=\"M30.8 10.9c-0.3-1.4-0.9-2.6-1.8-3.8-2-2.6-5.5-4.5-9.4-5.2-1.3-0.2-1.9-0.3-3.5-0.3s-2.2 0-3.5 0.3c-4 0.7-7.4 2.6-9.4 5.2-0.9 1.2-1.5 2.4-1.8 3.8-0.1 0.5-0.2 1.2-0.2 1.6 0 0.4 0.1 1.1 0.2 1.6 0.4 1.9 1.3 3.4 2.9 5 0.8 0.8 0.8 0.8 0.7 1.3 0 0.6-0.5 1.6-1.7 3.6-0.3 0.5-0.5 0.9-0.5 0.9 0 0.1 0.1 0.1 0.5 0 0.8-0.2 2.3-0.6 5.6-1.6 1.1-0.3 1.3-0.4 2.3-0.4 0.8 0 1.1 0 2.3 0.2 1.5 0.2 3.5 0.2 4.9 0 5.1-0.6 9.3-2.9 11.4-6.3 0.5-0.9 0.9-1.8 1.1-2.8 0.1-0.5 0.2-1.1 0.2-1.6 0-0.7-0.1-1.1-0.2-1.6-0.3-1.4 0.1 0.5 0 0zM20.6 17.3c0 0.4-0.4 0.8-0.8 0.8h-7.7c-0.4 0-0.8-0.4-0.8-0.8v-4.6c0-0.4 0.4-0.8 0.8-0.8h0.2l0-1.6c0-0.9 0-1.8 0.1-2 0.1-0.6 0.6-1.2 1.1-1.7s1.1-0.7 1.9-0.8c1.8-0.3 3.7 0.7 4.2 2.2 0.1 0.3 0.1 0.7 0.1 2.1v0 1.7h0.1c0.4 0 0.8 0.4 0.8 0.8v4.6zM15.6 7.3c-0.5 0.1-0.8 0.3-1.2 0.6s-0.6 0.8-0.7 1.3c0 0.2 0 0.8 0 1.5l0 1.2h4.6v-1.3c0-1 0-1.4-0.1-1.6-0.3-1.1-1.5-1.9-2.6-1.7zM25.8 28.2c0 1.2-1 2.2-2.1 2.2s-2.1-1-2.1-2.1c0-1.2 1-2.1 2.2-2.1s2.2 1 2.2 2.2zM18.1 28.2c0 1.2-1 2.2-2.1 2.2s-2.1-1-2.1-2.1c0-1.2 1-2.1 2.2-2.1s2.2 1 2.2 2.2zM10.4 28.2c0 1.2-1 2.2-2.1 2.2s-2.1-1-2.1-2.1c0-1.2 1-2.1 2.2-2.1s2.2 1 2.2 2.2z\"\/><\/svg><\/span><span class=\"shariff-text\" style=\"color:#1f1f1f\">teilen<\/span>&nbsp;<\/a><\/li><li class=\"shariff-button facebook shariff-nocustomcolor\" style=\"background-color:#4273c8\"><a href=\"https:\/\/www.facebook.com\/sharer\/sharer.php?u=https%3A%2F%2Fwww.kritische-masse.de%2Flogbuch%2F2024%2F02%2Fkulturradio-rahmenbruch-gefahr-willkommen-in-der-grauzone%2F\" title=\"Bei Facebook teilen\" aria-label=\"Bei Facebook teilen\" role=\"button\" rel=\"nofollow\" class=\"shariff-link\" style=\"; background-color:#3b5998; color:#3b5998\" target=\"_blank\"><span class=\"shariff-icon\" style=\"fill:#3b5998\"><svg width=\"32px\" height=\"20px\" xmlns=\"http:\/\/www.w3.org\/2000\/svg\" viewBox=\"0 0 18 32\"><path fill=\"#3b5998\" d=\"M17.1 0.2v4.7h-2.8q-1.5 0-2.1 0.6t-0.5 1.9v3.4h5.2l-0.7 5.3h-4.5v13.6h-5.5v-13.6h-4.5v-5.3h4.5v-3.9q0-3.3 1.9-5.2t5-1.8q2.6 0 4.1 0.2z\"\/><\/svg><\/span><span class=\"shariff-text\" style=\"color:#3b5998\">teilen<\/span>&nbsp;<\/a><\/li><li class=\"shariff-button info shariff-nocustomcolor\" style=\"background-color:#a8a8a8\"><a href=\"http:\/\/ct.de\/-2467514\" title=\"Weitere Informationen\" aria-label=\"Weitere Informationen\" role=\"button\" rel=\"noopener \" class=\"shariff-link\" style=\"; background-color:#999; color:#999\" target=\"_blank\"><span class=\"shariff-icon\" style=\"fill:#999\"><svg width=\"32px\" height=\"20px\" xmlns=\"http:\/\/www.w3.org\/2000\/svg\" viewBox=\"0 0 11 32\"><path fill=\"#999\" d=\"M11.4 24v2.3q0 0.5-0.3 0.8t-0.8 0.4h-9.1q-0.5 0-0.8-0.4t-0.4-0.8v-2.3q0-0.5 0.4-0.8t0.8-0.4h1.1v-6.8h-1.1q-0.5 0-0.8-0.4t-0.4-0.8v-2.3q0-0.5 0.4-0.8t0.8-0.4h6.8q0.5 0 0.8 0.4t0.4 0.8v10.3h1.1q0.5 0 0.8 0.4t0.3 0.8zM9.2 3.4v3.4q0 0.5-0.4 0.8t-0.8 0.4h-4.6q-0.4 0-0.8-0.4t-0.4-0.8v-3.4q0-0.4 0.4-0.8t0.8-0.4h4.6q0.5 0 0.8 0.4t0.4 0.8z\"\/><\/svg><\/span><\/a><\/li><\/ul><\/div>","protected":false},"author":1,"featured_media":9210,"comment_status":"open","ping_status":"open","sticky":false,"template":"","format":"standard","meta":{"ocean_post_layout":"","ocean_both_sidebars_style":"","ocean_both_sidebars_content_width":0,"ocean_both_sidebars_sidebars_width":0,"ocean_sidebar":"","ocean_second_sidebar":"","ocean_disable_margins":"enable","ocean_add_body_class":"","ocean_shortcode_before_top_bar":"","ocean_shortcode_after_top_bar":"","ocean_shortcode_before_header":"","ocean_shortcode_after_header":"","ocean_has_shortcode":"","ocean_shortcode_after_title":"","ocean_shortcode_before_footer_widgets":"","ocean_shortcode_after_footer_widgets":"","ocean_shortcode_before_footer_bottom":"","ocean_shortcode_after_footer_bottom":"","ocean_display_top_bar":"default","ocean_display_header":"default","ocean_header_style":"","ocean_center_header_left_menu":"","ocean_custom_header_template":"","ocean_custom_logo":0,"ocean_custom_retina_logo":0,"ocean_custom_logo_max_width":0,"ocean_custom_logo_tablet_max_width":0,"ocean_custom_logo_mobile_max_width":0,"ocean_custom_logo_max_height":0,"ocean_custom_logo_tablet_max_height":0,"ocean_custom_logo_mobile_max_height":0,"ocean_header_custom_menu":"","ocean_menu_typo_font_family":"","ocean_menu_typo_font_subset":"","ocean_menu_typo_font_size":0,"ocean_menu_typo_font_size_tablet":0,"ocean_menu_typo_font_size_mobile":0,"ocean_menu_typo_font_size_unit":"px","ocean_menu_typo_font_weight":"","ocean_menu_typo_font_weight_tablet":"","ocean_menu_typo_font_weight_mobile":"","ocean_menu_typo_transform":"","ocean_menu_typo_transform_tablet":"","ocean_menu_typo_transform_mobile":"","ocean_menu_typo_line_height":0,"ocean_menu_typo_line_height_tablet":0,"ocean_menu_typo_line_height_mobile":0,"ocean_menu_typo_line_height_unit":"","ocean_menu_typo_spacing":0,"ocean_menu_typo_spacing_tablet":0,"ocean_menu_typo_spacing_mobile":0,"ocean_menu_typo_spacing_unit":"","ocean_menu_link_color":"","ocean_menu_link_color_hover":"","ocean_menu_link_color_active":"","ocean_menu_link_background":"","ocean_menu_link_hover_background":"","ocean_menu_link_active_background":"","ocean_menu_social_links_bg":"","ocean_menu_social_hover_links_bg":"","ocean_menu_social_links_color":"","ocean_menu_social_hover_links_color":"","ocean_disable_title":"default","ocean_disable_heading":"default","ocean_post_title":"","ocean_post_subheading":"","ocean_post_title_style":"","ocean_post_title_background_color":"","ocean_post_title_background":0,"ocean_post_title_bg_image_position":"","ocean_post_title_bg_image_attachment":"","ocean_post_title_bg_image_repeat":"","ocean_post_title_bg_image_size":"","ocean_post_title_height":0,"ocean_post_title_bg_overlay":0.5,"ocean_post_title_bg_overlay_color":"","ocean_disable_breadcrumbs":"default","ocean_breadcrumbs_color":"","ocean_breadcrumbs_separator_color":"","ocean_breadcrumbs_links_color":"","ocean_breadcrumbs_links_hover_color":"","ocean_display_footer_widgets":"default","ocean_display_footer_bottom":"default","ocean_custom_footer_template":"","osh_disable_topbar_sticky":"default","osh_disable_header_sticky":"default","osh_sticky_header_style":"default","osh_sticky_header_effect":"","osh_custom_sticky_logo":0,"osh_custom_retina_sticky_logo":0,"osh_custom_sticky_logo_height":0,"osh_background_color":"","osh_links_color":"","osh_links_hover_color":"","osh_links_active_color":"","osh_links_bg_color":"","osh_links_hover_bg_color":"","osh_links_active_bg_color":"","osh_menu_social_links_color":"","osh_menu_social_hover_links_color":"","_FSMCFIC_featured_image_caption":"","_FSMCFIC_featured_image_nocaption":"","_FSMCFIC_featured_image_hide":"","_metis_text_type":"standard","_metis_text_length":3346,"_post_count":0,"_jetpack_memberships_contains_paid_content":false,"activitypub_content_warning":"","activitypub_content_visibility":"","activitypub_max_image_attachments":4,"activitypub_interaction_policy_quote":"anyone","activitypub_status":"","ocean_post_oembed":"","ocean_post_self_hosted_media":"","ocean_post_video_embed":"","ocean_link_format":"","ocean_link_format_target":"self","ocean_quote_format":"","ocean_quote_format_link":"post","ocean_gallery_link_images":"on","ocean_gallery_id":[],"footnotes":"","jetpack_publicize_message":"","jetpack_publicize_feature_enabled":true,"jetpack_social_post_already_shared":true,"jetpack_social_options":{"image_generator_settings":{"template":"highway","default_image_id":0,"font":"","enabled":false},"version":2}},"categories":[2647,2649],"tags":[4206,4205,4204,1760,3506],"class_list":["post-9209","post","type-post","status-publish","format-standard","has-post-thumbnail","hentry","category-angriffauf","category-denrundfunk","tag-hans-well","tag-radiozukunft","tag-rbb-kultur","tag-badblogofmusick","tag-konzertleben","entry","has-media"],"yoast_head":"<!-- This site is optimized with the Yoast SEO plugin v27.5 - https:\/\/yoast.com\/product\/yoast-seo-wordpress\/ -->\n<title>Kulturradio \/ Rahmenbruch-Gefahr? \/ Willkommen in der Grauzone - Kritische Masse<\/title>\n<meta name=\"robots\" content=\"index, follow, max-snippet:-1, max-image-preview:large, max-video-preview:-1\" \/>\n<link rel=\"canonical\" href=\"https:\/\/www.kritische-masse.de\/logbuch\/2024\/02\/kulturradio-rahmenbruch-gefahr-willkommen-in-der-grauzone\/\" \/>\n<meta property=\"og:locale\" content=\"de_DE\" \/>\n<meta property=\"og:type\" content=\"article\" \/>\n<meta property=\"og:title\" content=\"Kulturradio \/ Rahmenbruch-Gefahr? \/ Willkommen in der Grauzone - Kritische Masse\" \/>\n<meta property=\"og:description\" content=\"+++ Rahmenbruchgefahr (Babboe) +++ Musikh\u00f6ren (Yoran) +++ \u00dcber Verf\u00fchrbarkeit (Altpapier) +++ Kulturradio (L\u00fccker) +++ 16. Februar (Wikipedia) +++ Weiter\u00fcben (Ich) +++ Grauzonenanalyse mit Mathis Ubben +++\" \/>\n<meta property=\"og:url\" content=\"https:\/\/www.kritische-masse.de\/logbuch\/2024\/02\/kulturradio-rahmenbruch-gefahr-willkommen-in-der-grauzone\/\" \/>\n<meta property=\"og:site_name\" content=\"Kritische Masse\" \/>\n<meta property=\"article:publisher\" content=\"https:\/\/www.facebook.com\/hufner\" \/>\n<meta property=\"article:author\" content=\"https:\/\/www.facebook.com\/hufner\" \/>\n<meta property=\"article:published_time\" content=\"2024-02-16T11:44:58+00:00\" \/>\n<meta property=\"og:image\" content=\"https:\/\/www.kritische-masse.de\/logbuch\/wp-content\/uploads\/2024\/02\/02_16_fund.jpg\" \/>\n\t<meta property=\"og:image:width\" content=\"960\" \/>\n\t<meta property=\"og:image:height\" content=\"960\" \/>\n\t<meta property=\"og:image:type\" content=\"image\/jpeg\" \/>\n<meta name=\"author\" content=\"der huflaikhan\" \/>\n<meta name=\"twitter:label1\" content=\"Verfasst von\" \/>\n\t<meta name=\"twitter:data1\" content=\"der huflaikhan\" \/>\n\t<meta name=\"twitter:label2\" content=\"Gesch\u00e4tzte Lesezeit\" \/>\n\t<meta name=\"twitter:data2\" content=\"3\u00a0Minuten\" \/>\n<script type=\"application\/ld+json\" class=\"yoast-schema-graph\">{\"@context\":\"https:\\\/\\\/schema.org\",\"@graph\":[{\"@type\":\"Article\",\"@id\":\"https:\\\/\\\/www.kritische-masse.de\\\/logbuch\\\/2024\\\/02\\\/kulturradio-rahmenbruch-gefahr-willkommen-in-der-grauzone\\\/#article\",\"isPartOf\":{\"@id\":\"https:\\\/\\\/www.kritische-masse.de\\\/logbuch\\\/2024\\\/02\\\/kulturradio-rahmenbruch-gefahr-willkommen-in-der-grauzone\\\/\"},\"author\":{\"name\":\"der huflaikhan\",\"@id\":\"https:\\\/\\\/www.kritische-masse.de\\\/logbuch\\\/#\\\/schema\\\/person\\\/14c491f46504e7f6b79db161f76def1c\"},\"headline\":\"Kulturradio \\\/ Rahmenbruch-Gefahr? \\\/ Willkommen in der Grauzone\",\"datePublished\":\"2024-02-16T11:44:58+00:00\",\"mainEntityOfPage\":{\"@id\":\"https:\\\/\\\/www.kritische-masse.de\\\/logbuch\\\/2024\\\/02\\\/kulturradio-rahmenbruch-gefahr-willkommen-in-der-grauzone\\\/\"},\"wordCount\":542,\"commentCount\":0,\"publisher\":{\"@id\":\"https:\\\/\\\/www.kritische-masse.de\\\/logbuch\\\/#\\\/schema\\\/person\\\/14c491f46504e7f6b79db161f76def1c\"},\"image\":{\"@id\":\"https:\\\/\\\/www.kritische-masse.de\\\/logbuch\\\/2024\\\/02\\\/kulturradio-rahmenbruch-gefahr-willkommen-in-der-grauzone\\\/#primaryimage\"},\"thumbnailUrl\":\"https:\\\/\\\/i0.wp.com\\\/www.kritische-masse.de\\\/logbuch\\\/wp-content\\\/uploads\\\/2024\\\/02\\\/02_16_fund.jpg?fit=960%2C960&ssl=1\",\"keywords\":[\"Hans Well\",\"Radiozukunft\",\"rbb-kultur\",\"Bad Blog Of Musick\",\"Konzertleben\"],\"articleSection\":[\"Angriff auf \u2026\",\"den Rundfunk\"],\"inLanguage\":\"de\",\"potentialAction\":[{\"@type\":\"CommentAction\",\"name\":\"Comment\",\"target\":[\"https:\\\/\\\/www.kritische-masse.de\\\/logbuch\\\/2024\\\/02\\\/kulturradio-rahmenbruch-gefahr-willkommen-in-der-grauzone\\\/#respond\"]}]},{\"@type\":\"WebPage\",\"@id\":\"https:\\\/\\\/www.kritische-masse.de\\\/logbuch\\\/2024\\\/02\\\/kulturradio-rahmenbruch-gefahr-willkommen-in-der-grauzone\\\/\",\"url\":\"https:\\\/\\\/www.kritische-masse.de\\\/logbuch\\\/2024\\\/02\\\/kulturradio-rahmenbruch-gefahr-willkommen-in-der-grauzone\\\/\",\"name\":\"Kulturradio \\\/ Rahmenbruch-Gefahr? \\\/ Willkommen in der Grauzone - Kritische Masse\",\"isPartOf\":{\"@id\":\"https:\\\/\\\/www.kritische-masse.de\\\/logbuch\\\/#website\"},\"primaryImageOfPage\":{\"@id\":\"https:\\\/\\\/www.kritische-masse.de\\\/logbuch\\\/2024\\\/02\\\/kulturradio-rahmenbruch-gefahr-willkommen-in-der-grauzone\\\/#primaryimage\"},\"image\":{\"@id\":\"https:\\\/\\\/www.kritische-masse.de\\\/logbuch\\\/2024\\\/02\\\/kulturradio-rahmenbruch-gefahr-willkommen-in-der-grauzone\\\/#primaryimage\"},\"thumbnailUrl\":\"https:\\\/\\\/i0.wp.com\\\/www.kritische-masse.de\\\/logbuch\\\/wp-content\\\/uploads\\\/2024\\\/02\\\/02_16_fund.jpg?fit=960%2C960&ssl=1\",\"datePublished\":\"2024-02-16T11:44:58+00:00\",\"breadcrumb\":{\"@id\":\"https:\\\/\\\/www.kritische-masse.de\\\/logbuch\\\/2024\\\/02\\\/kulturradio-rahmenbruch-gefahr-willkommen-in-der-grauzone\\\/#breadcrumb\"},\"inLanguage\":\"de\",\"potentialAction\":[{\"@type\":\"ReadAction\",\"target\":[\"https:\\\/\\\/www.kritische-masse.de\\\/logbuch\\\/2024\\\/02\\\/kulturradio-rahmenbruch-gefahr-willkommen-in-der-grauzone\\\/\"]}]},{\"@type\":\"ImageObject\",\"inLanguage\":\"de\",\"@id\":\"https:\\\/\\\/www.kritische-masse.de\\\/logbuch\\\/2024\\\/02\\\/kulturradio-rahmenbruch-gefahr-willkommen-in-der-grauzone\\\/#primaryimage\",\"url\":\"https:\\\/\\\/i0.wp.com\\\/www.kritische-masse.de\\\/logbuch\\\/wp-content\\\/uploads\\\/2024\\\/02\\\/02_16_fund.jpg?fit=960%2C960&ssl=1\",\"contentUrl\":\"https:\\\/\\\/i0.wp.com\\\/www.kritische-masse.de\\\/logbuch\\\/wp-content\\\/uploads\\\/2024\\\/02\\\/02_16_fund.jpg?fit=960%2C960&ssl=1\",\"width\":960,\"height\":960,\"caption\":\"Fund in Brandenburg. Foto: Hufner\"},{\"@type\":\"BreadcrumbList\",\"@id\":\"https:\\\/\\\/www.kritische-masse.de\\\/logbuch\\\/2024\\\/02\\\/kulturradio-rahmenbruch-gefahr-willkommen-in-der-grauzone\\\/#breadcrumb\",\"itemListElement\":[{\"@type\":\"ListItem\",\"position\":1,\"name\":\"Startseite\",\"item\":\"https:\\\/\\\/www.kritische-masse.de\\\/logbuch\\\/\"},{\"@type\":\"ListItem\",\"position\":2,\"name\":\"Kulturradio \\\/ Rahmenbruch-Gefahr? \\\/ Willkommen in der Grauzone\"}]},{\"@type\":\"WebSite\",\"@id\":\"https:\\\/\\\/www.kritische-masse.de\\\/logbuch\\\/#website\",\"url\":\"https:\\\/\\\/www.kritische-masse.de\\\/logbuch\\\/\",\"name\":\"kritische masse\",\"description\":\"amt f\u00fcr vermassungsschutz\",\"publisher\":{\"@id\":\"https:\\\/\\\/www.kritische-masse.de\\\/logbuch\\\/#\\\/schema\\\/person\\\/14c491f46504e7f6b79db161f76def1c\"},\"alternateName\":\"das logbuch der kritischen masse\",\"potentialAction\":[{\"@type\":\"SearchAction\",\"target\":{\"@type\":\"EntryPoint\",\"urlTemplate\":\"https:\\\/\\\/www.kritische-masse.de\\\/logbuch\\\/?s={search_term_string}\"},\"query-input\":{\"@type\":\"PropertyValueSpecification\",\"valueRequired\":true,\"valueName\":\"search_term_string\"}}],\"inLanguage\":\"de\"},{\"@type\":[\"Person\",\"Organization\"],\"@id\":\"https:\\\/\\\/www.kritische-masse.de\\\/logbuch\\\/#\\\/schema\\\/person\\\/14c491f46504e7f6b79db161f76def1c\",\"name\":\"der huflaikhan\",\"image\":{\"@type\":\"ImageObject\",\"inLanguage\":\"de\",\"@id\":\"https:\\\/\\\/www.kritische-masse.de\\\/logbuch\\\/wp-content\\\/uploads\\\/2024\\\/01\\\/cropped-kritischmasse_man_512.jpg\",\"url\":\"https:\\\/\\\/www.kritische-masse.de\\\/logbuch\\\/wp-content\\\/uploads\\\/2024\\\/01\\\/cropped-kritischmasse_man_512.jpg\",\"contentUrl\":\"https:\\\/\\\/www.kritische-masse.de\\\/logbuch\\\/wp-content\\\/uploads\\\/2024\\\/01\\\/cropped-kritischmasse_man_512.jpg\",\"width\":512,\"height\":512,\"caption\":\"der huflaikhan\"},\"logo\":{\"@id\":\"https:\\\/\\\/www.kritische-masse.de\\\/logbuch\\\/wp-content\\\/uploads\\\/2024\\\/01\\\/cropped-kritischmasse_man_512.jpg\"},\"description\":\"Betreiber der Kritischen Masse seit 1995. Seit 2023 Wiederaufnahme. Promotion mit einer Arbeit \u00fcber Adornos kompositorische und theoretische Auseinandersetzung mit der Zw\u00f6lftontechnik. Arbeit f\u00fcr den Bayerischen und den Mitteldeutschen Rundfunk als freier Autor und Regisseur \u2013 zumindest bis Ende 2015. Online-Redaktion f\u00fcr neue musikzeitung, Jazzzeitung und Oper &amp; Tanz. Ungl\u00fccklich, aber fast taub.\",\"sameAs\":[\"https:\\\/\\\/www.kritische-masse.de\\\/logbuch\\\/\",\"https:\\\/\\\/www.facebook.com\\\/hufner\"],\"url\":\"https:\\\/\\\/www.kritische-masse.de\\\/logbuch\\\/author\\\/martin_d1juqiu5\\\/\"}]}<\/script>\n<!-- \/ Yoast SEO plugin. -->","yoast_head_json":{"title":"Kulturradio \/ Rahmenbruch-Gefahr? \/ Willkommen in der Grauzone - Kritische Masse","robots":{"index":"index","follow":"follow","max-snippet":"max-snippet:-1","max-image-preview":"max-image-preview:large","max-video-preview":"max-video-preview:-1"},"canonical":"https:\/\/www.kritische-masse.de\/logbuch\/2024\/02\/kulturradio-rahmenbruch-gefahr-willkommen-in-der-grauzone\/","og_locale":"de_DE","og_type":"article","og_title":"Kulturradio \/ Rahmenbruch-Gefahr? \/ Willkommen in der Grauzone - Kritische Masse","og_description":"+++ Rahmenbruchgefahr (Babboe) +++ Musikh\u00f6ren (Yoran) +++ \u00dcber Verf\u00fchrbarkeit (Altpapier) +++ Kulturradio (L\u00fccker) +++ 16. Februar (Wikipedia) +++ Weiter\u00fcben (Ich) +++ Grauzonenanalyse mit Mathis Ubben +++","og_url":"https:\/\/www.kritische-masse.de\/logbuch\/2024\/02\/kulturradio-rahmenbruch-gefahr-willkommen-in-der-grauzone\/","og_site_name":"Kritische Masse","article_publisher":"https:\/\/www.facebook.com\/hufner","article_author":"https:\/\/www.facebook.com\/hufner","article_published_time":"2024-02-16T11:44:58+00:00","og_image":[{"width":960,"height":960,"url":"https:\/\/www.kritische-masse.de\/logbuch\/wp-content\/uploads\/2024\/02\/02_16_fund.jpg","type":"image\/jpeg"}],"author":"der huflaikhan","twitter_misc":{"Verfasst von":"der huflaikhan","Gesch\u00e4tzte Lesezeit":"3\u00a0Minuten"},"schema":{"@context":"https:\/\/schema.org","@graph":[{"@type":"Article","@id":"https:\/\/www.kritische-masse.de\/logbuch\/2024\/02\/kulturradio-rahmenbruch-gefahr-willkommen-in-der-grauzone\/#article","isPartOf":{"@id":"https:\/\/www.kritische-masse.de\/logbuch\/2024\/02\/kulturradio-rahmenbruch-gefahr-willkommen-in-der-grauzone\/"},"author":{"name":"der huflaikhan","@id":"https:\/\/www.kritische-masse.de\/logbuch\/#\/schema\/person\/14c491f46504e7f6b79db161f76def1c"},"headline":"Kulturradio \/ Rahmenbruch-Gefahr? \/ Willkommen in der Grauzone","datePublished":"2024-02-16T11:44:58+00:00","mainEntityOfPage":{"@id":"https:\/\/www.kritische-masse.de\/logbuch\/2024\/02\/kulturradio-rahmenbruch-gefahr-willkommen-in-der-grauzone\/"},"wordCount":542,"commentCount":0,"publisher":{"@id":"https:\/\/www.kritische-masse.de\/logbuch\/#\/schema\/person\/14c491f46504e7f6b79db161f76def1c"},"image":{"@id":"https:\/\/www.kritische-masse.de\/logbuch\/2024\/02\/kulturradio-rahmenbruch-gefahr-willkommen-in-der-grauzone\/#primaryimage"},"thumbnailUrl":"https:\/\/i0.wp.com\/www.kritische-masse.de\/logbuch\/wp-content\/uploads\/2024\/02\/02_16_fund.jpg?fit=960%2C960&ssl=1","keywords":["Hans Well","Radiozukunft","rbb-kultur","Bad Blog Of Musick","Konzertleben"],"articleSection":["Angriff auf \u2026","den Rundfunk"],"inLanguage":"de","potentialAction":[{"@type":"CommentAction","name":"Comment","target":["https:\/\/www.kritische-masse.de\/logbuch\/2024\/02\/kulturradio-rahmenbruch-gefahr-willkommen-in-der-grauzone\/#respond"]}]},{"@type":"WebPage","@id":"https:\/\/www.kritische-masse.de\/logbuch\/2024\/02\/kulturradio-rahmenbruch-gefahr-willkommen-in-der-grauzone\/","url":"https:\/\/www.kritische-masse.de\/logbuch\/2024\/02\/kulturradio-rahmenbruch-gefahr-willkommen-in-der-grauzone\/","name":"Kulturradio \/ Rahmenbruch-Gefahr? \/ Willkommen in der Grauzone - Kritische Masse","isPartOf":{"@id":"https:\/\/www.kritische-masse.de\/logbuch\/#website"},"primaryImageOfPage":{"@id":"https:\/\/www.kritische-masse.de\/logbuch\/2024\/02\/kulturradio-rahmenbruch-gefahr-willkommen-in-der-grauzone\/#primaryimage"},"image":{"@id":"https:\/\/www.kritische-masse.de\/logbuch\/2024\/02\/kulturradio-rahmenbruch-gefahr-willkommen-in-der-grauzone\/#primaryimage"},"thumbnailUrl":"https:\/\/i0.wp.com\/www.kritische-masse.de\/logbuch\/wp-content\/uploads\/2024\/02\/02_16_fund.jpg?fit=960%2C960&ssl=1","datePublished":"2024-02-16T11:44:58+00:00","breadcrumb":{"@id":"https:\/\/www.kritische-masse.de\/logbuch\/2024\/02\/kulturradio-rahmenbruch-gefahr-willkommen-in-der-grauzone\/#breadcrumb"},"inLanguage":"de","potentialAction":[{"@type":"ReadAction","target":["https:\/\/www.kritische-masse.de\/logbuch\/2024\/02\/kulturradio-rahmenbruch-gefahr-willkommen-in-der-grauzone\/"]}]},{"@type":"ImageObject","inLanguage":"de","@id":"https:\/\/www.kritische-masse.de\/logbuch\/2024\/02\/kulturradio-rahmenbruch-gefahr-willkommen-in-der-grauzone\/#primaryimage","url":"https:\/\/i0.wp.com\/www.kritische-masse.de\/logbuch\/wp-content\/uploads\/2024\/02\/02_16_fund.jpg?fit=960%2C960&ssl=1","contentUrl":"https:\/\/i0.wp.com\/www.kritische-masse.de\/logbuch\/wp-content\/uploads\/2024\/02\/02_16_fund.jpg?fit=960%2C960&ssl=1","width":960,"height":960,"caption":"Fund in Brandenburg. Foto: Hufner"},{"@type":"BreadcrumbList","@id":"https:\/\/www.kritische-masse.de\/logbuch\/2024\/02\/kulturradio-rahmenbruch-gefahr-willkommen-in-der-grauzone\/#breadcrumb","itemListElement":[{"@type":"ListItem","position":1,"name":"Startseite","item":"https:\/\/www.kritische-masse.de\/logbuch\/"},{"@type":"ListItem","position":2,"name":"Kulturradio \/ Rahmenbruch-Gefahr? \/ Willkommen in der Grauzone"}]},{"@type":"WebSite","@id":"https:\/\/www.kritische-masse.de\/logbuch\/#website","url":"https:\/\/www.kritische-masse.de\/logbuch\/","name":"kritische masse","description":"amt f\u00fcr vermassungsschutz","publisher":{"@id":"https:\/\/www.kritische-masse.de\/logbuch\/#\/schema\/person\/14c491f46504e7f6b79db161f76def1c"},"alternateName":"das logbuch der kritischen masse","potentialAction":[{"@type":"SearchAction","target":{"@type":"EntryPoint","urlTemplate":"https:\/\/www.kritische-masse.de\/logbuch\/?s={search_term_string}"},"query-input":{"@type":"PropertyValueSpecification","valueRequired":true,"valueName":"search_term_string"}}],"inLanguage":"de"},{"@type":["Person","Organization"],"@id":"https:\/\/www.kritische-masse.de\/logbuch\/#\/schema\/person\/14c491f46504e7f6b79db161f76def1c","name":"der huflaikhan","image":{"@type":"ImageObject","inLanguage":"de","@id":"https:\/\/www.kritische-masse.de\/logbuch\/wp-content\/uploads\/2024\/01\/cropped-kritischmasse_man_512.jpg","url":"https:\/\/www.kritische-masse.de\/logbuch\/wp-content\/uploads\/2024\/01\/cropped-kritischmasse_man_512.jpg","contentUrl":"https:\/\/www.kritische-masse.de\/logbuch\/wp-content\/uploads\/2024\/01\/cropped-kritischmasse_man_512.jpg","width":512,"height":512,"caption":"der huflaikhan"},"logo":{"@id":"https:\/\/www.kritische-masse.de\/logbuch\/wp-content\/uploads\/2024\/01\/cropped-kritischmasse_man_512.jpg"},"description":"Betreiber der Kritischen Masse seit 1995. Seit 2023 Wiederaufnahme. Promotion mit einer Arbeit \u00fcber Adornos kompositorische und theoretische Auseinandersetzung mit der Zw\u00f6lftontechnik. Arbeit f\u00fcr den Bayerischen und den Mitteldeutschen Rundfunk als freier Autor und Regisseur \u2013 zumindest bis Ende 2015. Online-Redaktion f\u00fcr neue musikzeitung, Jazzzeitung und Oper &amp; Tanz. Ungl\u00fccklich, aber fast taub.","sameAs":["https:\/\/www.kritische-masse.de\/logbuch\/","https:\/\/www.facebook.com\/hufner"],"url":"https:\/\/www.kritische-masse.de\/logbuch\/author\/martin_d1juqiu5\/"}]}},"jetpack_publicize_connections":[],"jetpack_featured_media_url":"https:\/\/i0.wp.com\/www.kritische-masse.de\/logbuch\/wp-content\/uploads\/2024\/02\/02_16_fund.jpg?fit=960%2C960&ssl=1","categories_names":["Angriff auf \u2026","den Rundfunk"],"post_class":[["post-9209","post","type-post","status-publish","format-standard","has-post-thumbnail","hentry","category-angriffauf","category-denrundfunk","tag-hans-well","tag-radiozukunft","tag-rbb-kultur","tag-badblogofmusick","tag-konzertleben","entry","has-media"]],"author_avatar":["<img alt='' src='https:\/\/secure.gravatar.com\/avatar\/c23aee426d58e69f14ef471114d4cac215eec702ee1bc331e2a62ea77e96ed60?s=96&#038;d=blank&#038;r=g' srcset='https:\/\/secure.gravatar.com\/avatar\/c23aee426d58e69f14ef471114d4cac215eec702ee1bc331e2a62ea77e96ed60?s=192&#038;d=blank&#038;r=g 2x' class='avatar avatar-96 photo' height='96' width='96' loading='lazy' decoding='async'\/>"],"featured_video":null,"jetpack-related-posts":[{"id":1692,"url":"https:\/\/www.kritische-masse.de\/logbuch\/2006\/04\/das-podcast-dingens\/","url_meta":{"origin":9209,"position":0},"title":"Das Podcast-Dingens","author":"huflaikhan","date":"20. April 2006","format":false,"excerpt":"Radio und Podcast a la Santa Monica. Von Janko. Lesenswert!","rel":"","context":"\u00c4hnlicher Beitrag","block_context":{"text":"\u00c4hnlicher Beitrag","link":""},"img":{"alt_text":"","src":"","width":0,"height":0},"classes":[]},{"id":11604,"url":"https:\/\/www.kritische-masse.de\/logbuch\/2025\/11\/musik-unserer-zeit-vor-dem-aus\/","url_meta":{"origin":9209,"position":1},"title":"\u201eMusik unserer Zeit\u201c vor dem Aus?","author":"der huflaikhan","date":"9. November 2025","format":false,"excerpt":"Der Raum f\u00fcr Musik unserer Zeit im Radio wird immer kleiner. Wird die Sendung \"Musik unserer Zeit\" auf SRF 2 Kultur aus dem Programm gekippt? Auch bei ARD und ORF stehen die Zeichen auf Eindampfradio.","rel":"","context":"In &quot;Angriff auf \u2026&quot;","block_context":{"text":"Angriff auf \u2026","link":"https:\/\/www.kritische-masse.de\/logbuch\/category\/angriffauf\/"},"img":{"alt_text":"","src":"","width":0,"height":0},"classes":[]},{"id":10505,"url":"https:\/\/www.kritische-masse.de\/logbuch\/2024\/12\/kunst-und-ueberleben-abmann-bekommt-abmahn-das-muss-nicht-sein\/","url_meta":{"origin":9209,"position":2},"title":"Kunst und \u00dcberleben \u2013 Abmann bekommt Abmahn (das muss nicht sein!)","author":"der huflaikhan","date":"18. Dezember 2024","format":false,"excerpt":"Kunst im finanziellen Aufl\u00f6sungszwang und das Scheitern von Kulturpolitik im Land Berlin (aber nicht nur dort) +++ BackstageClassical wird abgemahnt \u2013 dahinter steht aber nicht die Frage nach Korrektheit von Recherchen, sondern es scheint mir deutlich eine Machtdemonstration zu sein mit Mitteln finanziert, die den Steuerzahlenden geh\u00f6ren. Das muss aufh\u00f6ren!\u2026","rel":"","context":"In &quot;das Recht&quot;","block_context":{"text":"das Recht","link":"https:\/\/www.kritische-masse.de\/logbuch\/category\/angriffauf\/das-recht\/"},"img":{"alt_text":"Eher eine Bu\u00dfhaltestelle. MH","src":"https:\/\/i0.wp.com\/www.kritische-masse.de\/logbuch\/wp-content\/uploads\/2024\/12\/Eher-eine-Busshaltestelle.-MH.jpg?fit=960%2C618&ssl=1&resize=350%2C200","width":350,"height":200,"srcset":"https:\/\/i0.wp.com\/www.kritische-masse.de\/logbuch\/wp-content\/uploads\/2024\/12\/Eher-eine-Busshaltestelle.-MH.jpg?fit=960%2C618&ssl=1&resize=350%2C200 1x, https:\/\/i0.wp.com\/www.kritische-masse.de\/logbuch\/wp-content\/uploads\/2024\/12\/Eher-eine-Busshaltestelle.-MH.jpg?fit=960%2C618&ssl=1&resize=525%2C300 1.5x, https:\/\/i0.wp.com\/www.kritische-masse.de\/logbuch\/wp-content\/uploads\/2024\/12\/Eher-eine-Busshaltestelle.-MH.jpg?fit=960%2C618&ssl=1&resize=700%2C400 2x"},"classes":[]},{"id":1813,"url":"https:\/\/www.kritische-masse.de\/logbuch\/2006\/07\/podcasting-und-gema\/","url_meta":{"origin":9209,"position":3},"title":"Podcasting und GEMA","author":"huflaikhan","date":"20. Juli 2006","format":false,"excerpt":"Die Gema legt in der letzten Zeit ganz sch\u00f6n ein Tempo aufs Parkett, das Erstaunen macht. Innerhalb k\u00fcrzester Zeit haben die es doch tats\u00e4chlich geschafft, eine Lizenz f\u00fcr Webradio und jetzt f\u00fcr Podcast zu machen. Seit gestern kann man sich dar\u00fcber informieren. Vern\u00fcnftigerweise ist man mit 10 Euro netto dabei.\u2026","rel":"","context":"In \"GEMA\"","block_context":{"text":"GEMA","link":"https:\/\/www.kritische-masse.de\/logbuch\/tag\/gema\/"},"img":{"alt_text":"","src":"","width":0,"height":0},"classes":[]},{"id":722,"url":"https:\/\/www.kritische-masse.de\/logbuch\/2004\/08\/zwischenbilanz-beim-ganzen-werk\/","url_meta":{"origin":9209,"position":4},"title":"Zwischenbilanz beim GANZEN Werk","author":"huflaikhan","date":"30. August 2004","format":false,"excerpt":"Vier Monate nach dem Resolutionsbeschluss der Hamburger Telemann-Gesellschaft, knapp zweieinhalb Monate nach der Gr\u00fcndung des Initiativkreises Das GANZE Werk und einen Monat nach der grunds\u00e4tzlichen Presseerkl\u00e4rung zu Romanns \u0084Geschmackspolizei\u0093 findet die 3. Arbeitssitzung des Initiativkreises statt. Es wird eine durchgehend positive Zwischenbilanz gezogen: die Zahl der Mitglieder ist auf \u00fcber\u2026","rel":"","context":"\u00c4hnlicher Beitrag","block_context":{"text":"\u00c4hnlicher Beitrag","link":""},"img":{"alt_text":"","src":"","width":0,"height":0},"classes":[]},{"id":6811,"url":"https:\/\/www.kritische-masse.de\/logbuch\/2024\/01\/die-non-prophet-organisation-der-unkulturpass-das-buntmusikalische\/","url_meta":{"origin":9209,"position":5},"title":"Die Non-Prophet-Organisation, der Unkulturpass, das Buntmusikalische","author":"der huflaikhan","date":"25. Januar 2024","format":false,"excerpt":"Muss man mehr zur Kritischen Masse wissen: Wir sind eine Non-Prophet-Organisation. Gleichwohl m\u00f6chte ich betonen: Threads geht seinen Gang in die Rambazambabudennische. Der SocialMediaMensch braucht auch seine Muckibude zum Abreagieren. Gestern habe ich auf die Fehlerhaftigkeit des Kulturpasses hingwiesen, weil er auch als Instrument zur F\u00f6rderung rechtsradikaler Haltungen dient, ideologisch\u2026","rel":"","context":"In &quot;Angriff auf \u2026&quot;","block_context":{"text":"Angriff auf \u2026","link":"https:\/\/www.kritische-masse.de\/logbuch\/category\/angriffauf\/"},"img":{"alt_text":"winterbild 2015. Foto: Hufner","src":"https:\/\/i0.wp.com\/www.kritische-masse.de\/logbuch\/wp-content\/uploads\/2024\/01\/winterbild.jpg?fit=1200%2C900&ssl=1&resize=350%2C200","width":350,"height":200,"srcset":"https:\/\/i0.wp.com\/www.kritische-masse.de\/logbuch\/wp-content\/uploads\/2024\/01\/winterbild.jpg?fit=1200%2C900&ssl=1&resize=350%2C200 1x, https:\/\/i0.wp.com\/www.kritische-masse.de\/logbuch\/wp-content\/uploads\/2024\/01\/winterbild.jpg?fit=1200%2C900&ssl=1&resize=525%2C300 1.5x, https:\/\/i0.wp.com\/www.kritische-masse.de\/logbuch\/wp-content\/uploads\/2024\/01\/winterbild.jpg?fit=1200%2C900&ssl=1&resize=700%2C400 2x, https:\/\/i0.wp.com\/www.kritische-masse.de\/logbuch\/wp-content\/uploads\/2024\/01\/winterbild.jpg?fit=1200%2C900&ssl=1&resize=1050%2C600 3x"},"classes":[]}],"jetpack_sharing_enabled":true,"public_identification_id":"8c21b7b036b84a50b5aac77fbe92aaf8","private_identification_id":"05b0ee51da5a476aac06e6a0edebd94c","_links":{"self":[{"href":"https:\/\/www.kritische-masse.de\/logbuch\/wp-json\/wp\/v2\/posts\/9209","targetHints":{"allow":["GET"]}}],"collection":[{"href":"https:\/\/www.kritische-masse.de\/logbuch\/wp-json\/wp\/v2\/posts"}],"about":[{"href":"https:\/\/www.kritische-masse.de\/logbuch\/wp-json\/wp\/v2\/types\/post"}],"author":[{"embeddable":true,"href":"https:\/\/www.kritische-masse.de\/logbuch\/wp-json\/wp\/v2\/users\/1"}],"replies":[{"embeddable":true,"href":"https:\/\/www.kritische-masse.de\/logbuch\/wp-json\/wp\/v2\/comments?post=9209"}],"version-history":[{"count":0,"href":"https:\/\/www.kritische-masse.de\/logbuch\/wp-json\/wp\/v2\/posts\/9209\/revisions"}],"wp:featuredmedia":[{"embeddable":true,"href":"https:\/\/www.kritische-masse.de\/logbuch\/wp-json\/wp\/v2\/media\/9210"}],"wp:attachment":[{"href":"https:\/\/www.kritische-masse.de\/logbuch\/wp-json\/wp\/v2\/media?parent=9209"}],"wp:term":[{"taxonomy":"category","embeddable":true,"href":"https:\/\/www.kritische-masse.de\/logbuch\/wp-json\/wp\/v2\/categories?post=9209"},{"taxonomy":"post_tag","embeddable":true,"href":"https:\/\/www.kritische-masse.de\/logbuch\/wp-json\/wp\/v2\/tags?post=9209"}],"curies":[{"name":"wp","href":"https:\/\/api.w.org\/{rel}","templated":true}]}}