{"id":9278,"date":"2024-02-26T12:00:20","date_gmt":"2024-02-26T11:00:20","guid":{"rendered":"https:\/\/www.kritische-masse.de\/logbuch\/?p=9278"},"modified":"2024-02-26T10:51:05","modified_gmt":"2024-02-26T09:51:05","slug":"illegale-autorenrennen-baritone-discounter-tenoere-der-rohde","status":"publish","type":"post","link":"https:\/\/www.kritische-masse.de\/logbuch\/2024\/02\/illegale-autorenrennen-baritone-discounter-tenoere-der-rohde\/","title":{"rendered":"Illegale Autorenrennen \/ Baritone &#038; Discounter(-Ten\u00f6re) \/ Der Rohde"},"content":{"rendered":"<div class=\"shariff shariff-align-left shariff-widget-align-left\"><ul class=\"shariff-buttons theme-white orientation-horizontal buttonsize-small\"><li class=\"shariff-button mastodon shariff-nocustomcolor\" style=\"background-color:#563ACC\"><a href=\"https:\/\/s2f.kytta.dev\/?text=Illegale%20Autorenrennen%20%2F%20Baritone%20%26%20Discounter%28-Ten%C3%B6re%29%20%2F%20Der%20Rohde https%3A%2F%2Fwww.kritische-masse.de%2Flogbuch%2F2024%2F02%2Fillegale-autorenrennen-baritone-discounter-tenoere-der-rohde%2F\" title=\"Bei Mastodon teilen\" aria-label=\"Bei Mastodon teilen\" role=\"button\" rel=\"noopener nofollow\" class=\"shariff-link\" style=\"; background-color:#6364FF; color:#6364FF\" target=\"_blank\"><span class=\"shariff-icon\" style=\"fill:#6364FF\"><svg width=\"75\" height=\"79\" viewBox=\"0 0 75 79\" fill=\"none\" xmlns=\"http:\/\/www.w3.org\/2000\/svg\"><path d=\"M37.813-.025C32.462-.058 27.114.13 21.79.598c-8.544.621-17.214 5.58-20.203 13.931C-1.12 23.318.408 32.622.465 41.65c.375 7.316.943 14.78 3.392 21.73 4.365 9.465 14.781 14.537 24.782 15.385 7.64.698 15.761-.213 22.517-4.026a54.1 54.1 0 0 0 .01-6.232c-6.855 1.316-14.101 2.609-21.049 1.074-3.883-.88-6.876-4.237-7.25-8.215-1.53-3.988 3.78-.43 5.584-.883 9.048 1.224 18.282.776 27.303-.462 7.044-.837 14.26-4.788 16.65-11.833 2.263-6.135 1.215-12.79 1.698-19.177.06-3.84.09-7.692-.262-11.52C72.596 7.844 63.223.981 53.834.684a219.453 219.453 0 0 0-16.022-.71zm11.294 12.882c5.5-.067 10.801 4.143 11.67 9.653.338 1.48.471 3 .471 4.515v21.088h-8.357c-.07-7.588.153-15.182-.131-22.765-.587-4.368-7.04-5.747-9.672-2.397-2.422 3.04-1.47 7.155-1.67 10.735v6.392h-8.307c-.146-4.996.359-10.045-.404-15.002-1.108-4.218-7.809-5.565-10.094-1.666-1.685 3.046-.712 6.634-.976 9.936v14.767h-8.354c.109-8.165-.238-16.344.215-24.5.674-5.346 5.095-10.389 10.676-10.627 4.902-.739 10.103 2.038 12.053 6.631.375 1.435 1.76 1.932 1.994.084 1.844-3.704 5.501-6.739 9.785-6.771.367-.044.735-.068 1.101-.073z\"\/><defs><linearGradient id=\"paint0_linear_549_34\" x1=\"37.0692\" y1=\"0\" x2=\"37.0692\" y2=\"79\" gradientUnits=\"userSpaceOnUse\"><stop stop-color=\"#6364FF\"\/><stop offset=\"1\" stop-color=\"#563ACC\"\/><\/linearGradient><\/defs><\/svg><\/span><span class=\"shariff-text\" style=\"color:#6364FF\">teilen<\/span>&nbsp;<\/a><\/li><li class=\"shariff-button bluesky shariff-nocustomcolor\" style=\"background-color:#84c4ff\"><a href=\"https:\/\/bsky.app\/intent\/compose?text=Illegale%20Autorenrennen%20%2F%20Baritone%20%26%20Discounter%28-Ten%C3%B6re%29%20%2F%20Der%20Rohde https%3A%2F%2Fwww.kritische-masse.de%2Flogbuch%2F2024%2F02%2Fillegale-autorenrennen-baritone-discounter-tenoere-der-rohde%2F \" title=\"Bei Bluesky teilen\" aria-label=\"Bei Bluesky teilen\" role=\"button\" rel=\"noopener nofollow\" class=\"shariff-link\" style=\"; background-color:#0085ff; color:#0085ff\" target=\"_blank\"><span class=\"shariff-icon\" style=\"fill:#0085ff\"><svg width=\"20\" height=\"20\" version=\"1.1\" xmlns=\"http:\/\/www.w3.org\/2000\/svg\" viewBox=\"0 0 20 20\"><path class=\"st0\" d=\"M4.89,3.12c2.07,1.55,4.3,4.71,5.11,6.4.82-1.69,3.04-4.84,5.11-6.4,1.49-1.12,3.91-1.99,3.91.77,0,.55-.32,4.63-.5,5.3-.64,2.3-2.99,2.89-5.08,2.54,3.65.62,4.58,2.68,2.57,4.74-3.81,3.91-5.48-.98-5.9-2.23-.08-.23-.11-.34-.12-.25,0-.09-.04.02-.12.25-.43,1.25-2.09,6.14-5.9,2.23-2.01-2.06-1.08-4.12,2.57-4.74-2.09.36-4.44-.23-5.08-2.54-.19-.66-.5-4.74-.5-5.3,0-2.76,2.42-1.89,3.91-.77h0Z\"\/><\/svg><\/span><span class=\"shariff-text\" style=\"color:#0085ff\">teilen<\/span>&nbsp;<\/a><\/li><li class=\"shariff-button threema shariff-nocustomcolor shariff-mobile\" style=\"background-color:#4fbc24\"><a href=\"threema:\/\/compose?text=Illegale%20Autorenrennen%20%2F%20Baritone%20%26%20Discounter%28-Ten%C3%B6re%29%20%2F%20Der%20Rohde%20https%3A%2F%2Fwww.kritische-masse.de%2Flogbuch%2F2024%2F02%2Fillegale-autorenrennen-baritone-discounter-tenoere-der-rohde%2F\" title=\"Bei Threema teilen\" aria-label=\"Bei Threema teilen\" role=\"button\" rel=\"noopener nofollow\" class=\"shariff-link\" style=\"; background-color:#1f1f1f; color:#1f1f1f\" target=\"_blank\"><span class=\"shariff-icon\" style=\"fill:#1f1f1f\"><svg width=\"32px\" height=\"20px\" xmlns=\"http:\/\/www.w3.org\/2000\/svg\" viewBox=\"0 0 32 32\"><path fill=\"#1f1f1f\" d=\"M30.8 10.9c-0.3-1.4-0.9-2.6-1.8-3.8-2-2.6-5.5-4.5-9.4-5.2-1.3-0.2-1.9-0.3-3.5-0.3s-2.2 0-3.5 0.3c-4 0.7-7.4 2.6-9.4 5.2-0.9 1.2-1.5 2.4-1.8 3.8-0.1 0.5-0.2 1.2-0.2 1.6 0 0.4 0.1 1.1 0.2 1.6 0.4 1.9 1.3 3.4 2.9 5 0.8 0.8 0.8 0.8 0.7 1.3 0 0.6-0.5 1.6-1.7 3.6-0.3 0.5-0.5 0.9-0.5 0.9 0 0.1 0.1 0.1 0.5 0 0.8-0.2 2.3-0.6 5.6-1.6 1.1-0.3 1.3-0.4 2.3-0.4 0.8 0 1.1 0 2.3 0.2 1.5 0.2 3.5 0.2 4.9 0 5.1-0.6 9.3-2.9 11.4-6.3 0.5-0.9 0.9-1.8 1.1-2.8 0.1-0.5 0.2-1.1 0.2-1.6 0-0.7-0.1-1.1-0.2-1.6-0.3-1.4 0.1 0.5 0 0zM20.6 17.3c0 0.4-0.4 0.8-0.8 0.8h-7.7c-0.4 0-0.8-0.4-0.8-0.8v-4.6c0-0.4 0.4-0.8 0.8-0.8h0.2l0-1.6c0-0.9 0-1.8 0.1-2 0.1-0.6 0.6-1.2 1.1-1.7s1.1-0.7 1.9-0.8c1.8-0.3 3.7 0.7 4.2 2.2 0.1 0.3 0.1 0.7 0.1 2.1v0 1.7h0.1c0.4 0 0.8 0.4 0.8 0.8v4.6zM15.6 7.3c-0.5 0.1-0.8 0.3-1.2 0.6s-0.6 0.8-0.7 1.3c0 0.2 0 0.8 0 1.5l0 1.2h4.6v-1.3c0-1 0-1.4-0.1-1.6-0.3-1.1-1.5-1.9-2.6-1.7zM25.8 28.2c0 1.2-1 2.2-2.1 2.2s-2.1-1-2.1-2.1c0-1.2 1-2.1 2.2-2.1s2.2 1 2.2 2.2zM18.1 28.2c0 1.2-1 2.2-2.1 2.2s-2.1-1-2.1-2.1c0-1.2 1-2.1 2.2-2.1s2.2 1 2.2 2.2zM10.4 28.2c0 1.2-1 2.2-2.1 2.2s-2.1-1-2.1-2.1c0-1.2 1-2.1 2.2-2.1s2.2 1 2.2 2.2z\"\/><\/svg><\/span><span class=\"shariff-text\" style=\"color:#1f1f1f\">teilen<\/span>&nbsp;<\/a><\/li><li class=\"shariff-button facebook shariff-nocustomcolor\" style=\"background-color:#4273c8\"><a href=\"https:\/\/www.facebook.com\/sharer\/sharer.php?u=https%3A%2F%2Fwww.kritische-masse.de%2Flogbuch%2F2024%2F02%2Fillegale-autorenrennen-baritone-discounter-tenoere-der-rohde%2F\" title=\"Bei Facebook teilen\" aria-label=\"Bei Facebook teilen\" role=\"button\" rel=\"nofollow\" class=\"shariff-link\" style=\"; background-color:#3b5998; color:#3b5998\" target=\"_blank\"><span class=\"shariff-icon\" style=\"fill:#3b5998\"><svg width=\"32px\" height=\"20px\" xmlns=\"http:\/\/www.w3.org\/2000\/svg\" viewBox=\"0 0 18 32\"><path fill=\"#3b5998\" d=\"M17.1 0.2v4.7h-2.8q-1.5 0-2.1 0.6t-0.5 1.9v3.4h5.2l-0.7 5.3h-4.5v13.6h-5.5v-13.6h-4.5v-5.3h4.5v-3.9q0-3.3 1.9-5.2t5-1.8q2.6 0 4.1 0.2z\"\/><\/svg><\/span><span class=\"shariff-text\" style=\"color:#3b5998\">teilen<\/span>&nbsp;<\/a><\/li><li class=\"shariff-button info shariff-nocustomcolor\" style=\"background-color:#a8a8a8\"><a href=\"http:\/\/ct.de\/-2467514\" title=\"Weitere Informationen\" aria-label=\"Weitere Informationen\" role=\"button\" rel=\"noopener \" class=\"shariff-link\" style=\"; background-color:#999; color:#999\" target=\"_blank\"><span class=\"shariff-icon\" style=\"fill:#999\"><svg width=\"32px\" height=\"20px\" xmlns=\"http:\/\/www.w3.org\/2000\/svg\" viewBox=\"0 0 11 32\"><path fill=\"#999\" d=\"M11.4 24v2.3q0 0.5-0.3 0.8t-0.8 0.4h-9.1q-0.5 0-0.8-0.4t-0.4-0.8v-2.3q0-0.5 0.4-0.8t0.8-0.4h1.1v-6.8h-1.1q-0.5 0-0.8-0.4t-0.4-0.8v-2.3q0-0.5 0.4-0.8t0.8-0.4h6.8q0.5 0 0.8 0.4t0.4 0.8v10.3h1.1q0.5 0 0.8 0.4t0.3 0.8zM9.2 3.4v3.4q0 0.5-0.4 0.8t-0.8 0.4h-4.6q-0.4 0-0.8-0.4t-0.4-0.8v-3.4q0-0.4 0.4-0.8t0.8-0.4h4.6q0.5 0 0.8 0.4t0.4 0.8z\"\/><\/svg><\/span><\/a><\/li><\/ul><\/div><p>Eine Pause. in den letzten Tagen, man muss auch mal nix machen, wenn man genug andere Sachen machen muss. Ob man das will oder nicht.<\/p>\n<div id=\"ez-toc-container\" class=\"ez-toc-v2_0_82_2 ez-toc-wrap-center counter-hierarchy ez-toc-counter ez-toc-light-blue ez-toc-container-direction\">\n<div class=\"ez-toc-title-container\">\n<p class=\"ez-toc-title\" style=\"cursor:inherit\">Inhalt<\/p>\n<span class=\"ez-toc-title-toggle\"><a href=\"#\" class=\"ez-toc-pull-right ez-toc-btn ez-toc-btn-xs ez-toc-btn-default ez-toc-toggle\" aria-label=\"Toggle Table of Content\"><span class=\"ez-toc-js-icon-con\"><span class=\"\"><span class=\"eztoc-hide\" style=\"display:none;\">Toggle<\/span><span class=\"ez-toc-icon-toggle-span\"><svg style=\"fill: #999;color:#999\" xmlns=\"http:\/\/www.w3.org\/2000\/svg\" class=\"list-377408\" width=\"20px\" height=\"20px\" viewBox=\"0 0 24 24\" fill=\"none\"><path d=\"M6 6H4v2h2V6zm14 0H8v2h12V6zM4 11h2v2H4v-2zm16 0H8v2h12v-2zM4 16h2v2H4v-2zm16 0H8v2h12v-2z\" fill=\"currentColor\"><\/path><\/svg><svg style=\"fill: #999;color:#999\" class=\"arrow-unsorted-368013\" xmlns=\"http:\/\/www.w3.org\/2000\/svg\" width=\"10px\" height=\"10px\" viewBox=\"0 0 24 24\" version=\"1.2\" baseProfile=\"tiny\"><path d=\"M18.2 9.3l-6.2-6.3-6.2 6.3c-.2.2-.3.4-.3.7s.1.5.3.7c.2.2.4.3.7.3h11c.3 0 .5-.1.7-.3.2-.2.3-.5.3-.7s-.1-.5-.3-.7zM5.8 14.7l6.2 6.3 6.2-6.3c.2-.2.3-.5.3-.7s-.1-.5-.3-.7c-.2-.2-.4-.3-.7-.3h-11c-.3 0-.5.1-.7.3-.2.2-.3.5-.3.7s.1.5.3.7z\"\/><\/svg><\/span><\/span><\/span><\/a><\/span><\/div>\n<nav><ul class='ez-toc-list ez-toc-list-level-1 ' ><li class='ez-toc-page-1 ez-toc-heading-level-3'><a class=\"ez-toc-link ez-toc-heading-1\" href=\"https:\/\/www.kritische-masse.de\/logbuch\/2024\/02\/illegale-autorenrennen-baritone-discounter-tenoere-der-rohde\/#rbbKultur_radio3\" >rbbKultur = radio3<\/a><\/li><li class='ez-toc-page-1 ez-toc-heading-level-3'><a class=\"ez-toc-link ez-toc-heading-2\" href=\"https:\/\/www.kritische-masse.de\/logbuch\/2024\/02\/illegale-autorenrennen-baritone-discounter-tenoere-der-rohde\/#Gerhard_Rohde\" >Gerhard Rohde<\/a><\/li><li class='ez-toc-page-1 ez-toc-heading-level-3'><a class=\"ez-toc-link ez-toc-heading-3\" href=\"https:\/\/www.kritische-masse.de\/logbuch\/2024\/02\/illegale-autorenrennen-baritone-discounter-tenoere-der-rohde\/#Gurdjieff_in_der_HoerBar\" >Gurdjieff in der H\u00f6rBar<\/a><\/li><li class='ez-toc-page-1 ez-toc-heading-level-3'><a class=\"ez-toc-link ez-toc-heading-4\" href=\"https:\/\/www.kritische-masse.de\/logbuch\/2024\/02\/illegale-autorenrennen-baritone-discounter-tenoere-der-rohde\/#Was_die_anderen_so_schreiben\" >Was die anderen so schreiben<\/a><\/li><li class='ez-toc-page-1 ez-toc-heading-level-3'><a class=\"ez-toc-link ez-toc-heading-5\" href=\"https:\/\/www.kritische-masse.de\/logbuch\/2024\/02\/illegale-autorenrennen-baritone-discounter-tenoere-der-rohde\/#Alte_KalAUA\" >Alte KalAUA<\/a><\/li><li class='ez-toc-page-1 ez-toc-heading-level-3'><a class=\"ez-toc-link ez-toc-heading-6\" href=\"https:\/\/www.kritische-masse.de\/logbuch\/2024\/02\/illegale-autorenrennen-baritone-discounter-tenoere-der-rohde\/#Fotos\" >Fotos<\/a><\/li><\/ul><\/nav><\/div>\n<h3><span class=\"ez-toc-section\" id=\"rbbKultur_radio3\"><\/span>rbbKultur = radio3<span class=\"ez-toc-section-end\"><\/span><\/h3>\n<p>Mit der <strong>Kultur im Radio<\/strong> ist das so eine Sache. Aktuell <a href=\"https:\/\/blogs.nmz.de\/badblog\/2024\/02\/23\/die-abschaffung-des-kulturradios-folge-11-martina-zoellner-rbb-wir-haben-erfahren-dass-der-begriff-kultur-abschreckend-wirkt\/\">besch\u00e4ftigt sich Arno L\u00fccker mit dem Thema<\/a> in Sachen rbb und nimmt dabei das Verst\u00e4ndnis von &#8220;Kultur&#8221; als Benamsung f\u00fcr eine Welle in Schutz vor seiner Entfernung. Der Schleuderkurs des rbb in Sachen Radiowelle rbbKultur ist gewiss chaotisch und hilflos in jeder Hinsicht. Aber an dem Namen liegt es nicht. Niemand wird das Kulturradio deshalb einschalten, weil es den Begriff &#8220;Kultur&#8221; beeinhaltet und niemand wird diesen Sender deshalb nicht mehr finden, weil er am 2. April radio3 hei\u00dfen wird.<\/p>\n<div class=\"oceanwp-oembed-wrap clr\">\n<blockquote class=\"wp-embedded-content\" data-secret=\"reNxGrvsXY\"><p><a href=\"https:\/\/blogs.nmz.de\/badblog\/2024\/02\/23\/die-abschaffung-des-kulturradios-folge-11-martina-zoellner-rbb-wir-haben-erfahren-dass-der-begriff-kultur-abschreckend-wirkt\/\">Die Abschaffung des Kulturradios &#8211; Folge 11 Martina Z&#246;llner (rbb): &#8222;Wir haben erfahren, dass der Begriff \u203aKultur\u2039 abschreckend wirkt.&#8220;<\/a><\/p><\/blockquote>\n<p><iframe loading=\"lazy\" class=\"wp-embedded-content\" sandbox=\"allow-scripts\" security=\"restricted\" style=\"position: absolute; visibility: hidden;\" title=\"&#8222;Die Abschaffung des Kulturradios &#8211; Folge 11 Martina Z&#246;llner (rbb): &#8222;Wir haben erfahren, dass der Begriff \u203aKultur\u2039 abschreckend wirkt.&#8220;&#8220; &#8211; Bad Blog Of Musick\" src=\"https:\/\/blogs.nmz.de\/badblog\/2024\/02\/23\/die-abschaffung-des-kulturradios-folge-11-martina-zoellner-rbb-wir-haben-erfahren-dass-der-begriff-kultur-abschreckend-wirkt\/embed\/#?secret=R4qAbbNBQz#?secret=reNxGrvsXY\" data-secret=\"reNxGrvsXY\" width=\"600\" height=\"338\" frameborder=\"0\" marginwidth=\"0\" marginheight=\"0\" scrolling=\"no\"><\/iframe><\/div>\n<p>Man kann sich dann schon Fragen, angesichts der ekelhaften Vorf\u00e4lle w\u00e4hrend der Preisverleihungszeremonie bei der Berlinale, wo man dann auch das dort applaudierende Publikum als &#8220;die Kultur&#8221; dargestellt wird<\/p>\n<blockquote><p>&#8220;Die Kultur hat ein<b> massives Israel-Problem<\/b>&#8220;, <a href=\"https:\/\/www.tagesspiegel.de\/meinung\/pro-palastina-show-bei-der-berlinale-die-kultur-versagt-als-serioser-ort-des-dialogs-11267380.html\" target=\"_blank\" rel=\"noopener\">kommentiert<\/a> Christian Tretbar im <i>Tagesspiegel <\/i>die Geschehnisse (Perlentaucher).<\/p><\/blockquote>\n<p>Das ist dann doch ein bisschen zu plump. Nicht &#8220;die Kultur&#8221;, aber die, die sich dort in Form von G\u00e4sten versammelt hatte. Gab es wirklich nicht ein einziges &#8220;Buh&#8221;? Komplettes Einverst\u00e4ndnis?<\/p>\n<p><strong>Die Kultur hat ein Kulturproblem<\/strong>. Ein Problem mit sich selbst. Mit ihrem Selbstverst\u00e4ndnis. Insofern war auch &#8220;rbbKultur&#8221; und &#8220;Kulturradio vom rbb&#8221; anma\u00dfend. Der Begriff verm\u00fcllt sich zusehends. Er wirkt nicht mehr abschreckend, sondern, statt sich in seiner Vielfalt bunt und licht und kritisch mehrfach reflektierend zu zeigen, ist er auf dem besten Weg, bei lebendigem Leib, ohne Schmerzmittel von einigen Millionen Chirurg:innen gleichzeitig behandelt zu werden. Was ist Kultur in einer Welt, die zwischen Massakern, Klimakatastrophe und massiver Desinformation zerkl\u00fcftet und bedroht ist. Der Schutzhafen? Das Naherholungsgebiet? Der Kompensationsrest f\u00fcr die offenbar vollkommen \u00fcberforderte Menschheit?<\/p>\n<figure id=\"attachment_9293\" aria-describedby=\"caption-attachment-9293\" style=\"width: 840px\" class=\"wp-caption aligncenter\"><a href=\"https:\/\/i0.wp.com\/www.kritische-masse.de\/logbuch\/wp-content\/uploads\/2024\/02\/muellhalde.jpg?ssl=1\"><img data-recalc-dims=\"1\" loading=\"lazy\" decoding=\"async\" data-attachment-id=\"9293\" data-permalink=\"https:\/\/www.kritische-masse.de\/logbuch\/2024\/02\/illegale-autorenrennen-baritone-discounter-tenoere-der-rohde\/muellhalde\/\" data-orig-file=\"https:\/\/i0.wp.com\/www.kritische-masse.de\/logbuch\/wp-content\/uploads\/2024\/02\/muellhalde.jpg?fit=2048%2C2048&amp;ssl=1\" data-orig-size=\"2048,2048\" data-comments-opened=\"1\" data-image-meta=\"{&quot;aperture&quot;:&quot;0&quot;,&quot;credit&quot;:&quot;&quot;,&quot;camera&quot;:&quot;&quot;,&quot;caption&quot;:&quot;&quot;,&quot;created_timestamp&quot;:&quot;0&quot;,&quot;copyright&quot;:&quot;&quot;,&quot;focal_length&quot;:&quot;0&quot;,&quot;iso&quot;:&quot;0&quot;,&quot;shutter_speed&quot;:&quot;0&quot;,&quot;title&quot;:&quot;&quot;,&quot;orientation&quot;:&quot;0&quot;}\" data-image-title=\"Aus M\u00fcll wird eine Warnung vor M\u00fcll. Foto: MH\" data-image-description=\"&lt;p&gt;Aus M\u00fcll wird eine Warnung vor M\u00fcll. Foto: MH&lt;\/p&gt;\n\" data-image-caption=\"&lt;p&gt;Aus M\u00fcll wird eine Warnung vor M\u00fcll. Foto: MH&lt;\/p&gt;\n\" data-large-file=\"https:\/\/i0.wp.com\/www.kritische-masse.de\/logbuch\/wp-content\/uploads\/2024\/02\/muellhalde.jpg?fit=1024%2C1024&amp;ssl=1\" class=\"wp-image-9293 size-large\" title=\"Aus M\u00fcll wird eine Warnung vor M\u00fcll. Foto: MH\" src=\"https:\/\/i0.wp.com\/www.kritische-masse.de\/logbuch\/wp-content\/uploads\/2024\/02\/muellhalde.jpg?resize=840%2C840&#038;ssl=1\" alt=\"Aus M\u00fcll wird eine Warnung vor M\u00fcll. Foto: MH\" width=\"840\" height=\"840\" srcset=\"https:\/\/i0.wp.com\/www.kritische-masse.de\/logbuch\/wp-content\/uploads\/2024\/02\/muellhalde.jpg?resize=1024%2C1024&amp;ssl=1 1024w, https:\/\/i0.wp.com\/www.kritische-masse.de\/logbuch\/wp-content\/uploads\/2024\/02\/muellhalde.jpg?resize=300%2C300&amp;ssl=1 300w, https:\/\/i0.wp.com\/www.kritische-masse.de\/logbuch\/wp-content\/uploads\/2024\/02\/muellhalde.jpg?resize=150%2C150&amp;ssl=1 150w, https:\/\/i0.wp.com\/www.kritische-masse.de\/logbuch\/wp-content\/uploads\/2024\/02\/muellhalde.jpg?resize=768%2C768&amp;ssl=1 768w, https:\/\/i0.wp.com\/www.kritische-masse.de\/logbuch\/wp-content\/uploads\/2024\/02\/muellhalde.jpg?resize=1536%2C1536&amp;ssl=1 1536w, https:\/\/i0.wp.com\/www.kritische-masse.de\/logbuch\/wp-content\/uploads\/2024\/02\/muellhalde.jpg?resize=1320%2C1320&amp;ssl=1 1320w, https:\/\/i0.wp.com\/www.kritische-masse.de\/logbuch\/wp-content\/uploads\/2024\/02\/muellhalde.jpg?w=2048&amp;ssl=1 2048w\" sizes=\"auto, (max-width: 840px) 100vw, 840px\" \/><\/a><figcaption id=\"caption-attachment-9293\" class=\"wp-caption-text\">Aus M\u00fcll wird eine Warnung vor M\u00fcll. Foto: MH<\/figcaption><\/figure>\n<h3><span class=\"ez-toc-section\" id=\"Gerhard_Rohde\"><\/span>Gerhard Rohde<span class=\"ez-toc-section-end\"><\/span><\/h3>\n<p>Gestern von 9 Jahren ist <strong>Gerhard Rohde<\/strong> gestorben. Er war das bissige und akkurate Gehirn und Langzeitged\u00e4chtnis mit einer besonderen Liebe zur Operette in der nmz. Er war zeitlebensein Feind kultureller B\u00fcrokratschiks, wie sich sie immer immer ausgebreitet haben.<\/p>\n<p>Schon als Student kannte ich ihn von Beitr\u00e4gen im Hessischen Rundfunk. Immerhin waren wir sp\u00e4ter per Du, obwohl mein erster pers\u00f6nlicher Kontakt im Zusammenhang mit meiner Vorstellung bei der ConBrio Verlagsgesellschaft ein bisschen nicht so wahr, wie ich mir das w\u00fcnschte. Man beendete solche Tage im Zusammenhang mit der Produktion einer neuen nmz immer wieder mal in einem Lokal. Nachdem ich mich unendlich schleimig an Rohde herangehimmelt hatte, konterte er irgendwann zwischen Wein und Ouzo: &#8220;Herr Hufner, ich kann Sie nicht leiden.&#8221;<\/p>\n<figure id=\"attachment_9292\" aria-describedby=\"caption-attachment-9292\" style=\"width: 685px\" class=\"wp-caption aligncenter\"><a href=\"https:\/\/i0.wp.com\/www.kritische-masse.de\/logbuch\/wp-content\/uploads\/2024\/02\/rohde_geht.jpg?ssl=1\"><img data-recalc-dims=\"1\" loading=\"lazy\" decoding=\"async\" data-attachment-id=\"9292\" data-permalink=\"https:\/\/www.kritische-masse.de\/logbuch\/2024\/02\/illegale-autorenrennen-baritone-discounter-tenoere-der-rohde\/rohde_geht\/\" data-orig-file=\"https:\/\/i0.wp.com\/www.kritische-masse.de\/logbuch\/wp-content\/uploads\/2024\/02\/rohde_geht.jpg?fit=1200%2C1793&amp;ssl=1\" data-orig-size=\"1200,1793\" data-comments-opened=\"1\" data-image-meta=\"{&quot;aperture&quot;:&quot;0&quot;,&quot;credit&quot;:&quot;&quot;,&quot;camera&quot;:&quot;&quot;,&quot;caption&quot;:&quot;&quot;,&quot;created_timestamp&quot;:&quot;0&quot;,&quot;copyright&quot;:&quot;&quot;,&quot;focal_length&quot;:&quot;0&quot;,&quot;iso&quot;:&quot;0&quot;,&quot;shutter_speed&quot;:&quot;0&quot;,&quot;title&quot;:&quot;&quot;,&quot;orientation&quot;:&quot;0&quot;}\" data-image-title=\"Rohde geht. Foto: MH\" data-image-description=\"&lt;p&gt;Rohde geht. Foto: MH&lt;\/p&gt;\n\" data-image-caption=\"&lt;p&gt;Rohde geht. Foto: MH&lt;\/p&gt;\n\" data-large-file=\"https:\/\/i0.wp.com\/www.kritische-masse.de\/logbuch\/wp-content\/uploads\/2024\/02\/rohde_geht.jpg?fit=685%2C1024&amp;ssl=1\" class=\"wp-image-9292 size-large\" title=\"Rohde geht. Foto: MH\" src=\"https:\/\/i0.wp.com\/www.kritische-masse.de\/logbuch\/wp-content\/uploads\/2024\/02\/rohde_geht.jpg?resize=685%2C1024&#038;ssl=1\" alt=\"Rohde geht. Foto: MH\" width=\"685\" height=\"1024\" srcset=\"https:\/\/i0.wp.com\/www.kritische-masse.de\/logbuch\/wp-content\/uploads\/2024\/02\/rohde_geht.jpg?resize=685%2C1024&amp;ssl=1 685w, https:\/\/i0.wp.com\/www.kritische-masse.de\/logbuch\/wp-content\/uploads\/2024\/02\/rohde_geht.jpg?resize=201%2C300&amp;ssl=1 201w, https:\/\/i0.wp.com\/www.kritische-masse.de\/logbuch\/wp-content\/uploads\/2024\/02\/rohde_geht.jpg?resize=768%2C1148&amp;ssl=1 768w, https:\/\/i0.wp.com\/www.kritische-masse.de\/logbuch\/wp-content\/uploads\/2024\/02\/rohde_geht.jpg?resize=1028%2C1536&amp;ssl=1 1028w, https:\/\/i0.wp.com\/www.kritische-masse.de\/logbuch\/wp-content\/uploads\/2024\/02\/rohde_geht.jpg?w=1200&amp;ssl=1 1200w\" sizes=\"auto, (max-width: 685px) 100vw, 685px\" \/><\/a><figcaption id=\"caption-attachment-9292\" class=\"wp-caption-text\">Rohde geht. Foto: MH<\/figcaption><\/figure>\n<h3><span class=\"ez-toc-section\" id=\"Gurdjieff_in_der_HoerBar\"><\/span>Gurdjieff in der H\u00f6rBar<span class=\"ez-toc-section-end\"><\/span><\/h3>\n<p>In der <strong>H\u00f6rBar<\/strong> habe ich mich aktuell mit einer CD-Box mit der kompletten Klaviermusik von G. I. Gurdjieff\/Th. de Hartmann besch\u00e4ftigt. Jeroen van Veen hat die Musik eingespielt<\/p>\n<div class=\"oceanwp-oembed-wrap clr\">\n<blockquote class=\"wp-embedded-content\" data-secret=\"HKsES7AhsQ\"><p><a href=\"https:\/\/hoerbar.nmz.de\/2024\/02\/gurdjieff-de-hartmann-complete-music-for-the-piano\/\">Gurdjieff \/ De Hartmann: Complete Music for the Piano<\/a><\/p><\/blockquote>\n<p><iframe loading=\"lazy\" class=\"wp-embedded-content\" sandbox=\"allow-scripts\" security=\"restricted\" style=\"position: absolute; visibility: hidden;\" title=\"&#8222;Gurdjieff \/ De Hartmann: Complete Music for the Piano&#8220; &#8211; H\u00f6rBar der nmz\" src=\"https:\/\/hoerbar.nmz.de\/2024\/02\/gurdjieff-de-hartmann-complete-music-for-the-piano\/embed\/#?secret=uTzK2HgLOM#?secret=HKsES7AhsQ\" data-secret=\"HKsES7AhsQ\" width=\"600\" height=\"338\" frameborder=\"0\" marginwidth=\"0\" marginheight=\"0\" scrolling=\"no\"><\/iframe><\/div>\n<h3><span class=\"ez-toc-section\" id=\"Was_die_anderen_so_schreiben\"><\/span>Was die anderen so schreiben<span class=\"ez-toc-section-end\"><\/span><\/h3>\n<p>Im <strong>Van Magazin<\/strong> gibt es einen Essay von Friedrich Geiger:<\/p>\n<div class=\"oceanwp-oembed-wrap clr\">\n<blockquote class=\"wp-embedded-content\" data-secret=\"su9RmNldLX\"><p><a href=\"https:\/\/van-magazin.de\/mag\/musik-putin-leningrader-sinfonie\/\">Musik, Putins \u00bbm\u00e4chtige Waffe\u00ab<\/a><\/p><\/blockquote>\n<p><iframe loading=\"lazy\" class=\"wp-embedded-content\" sandbox=\"allow-scripts\" security=\"restricted\" style=\"position: absolute; visibility: hidden;\" title=\"&#8222;Musik, Putins \u00bbm\u00e4chtige Waffe\u00ab&#8220; &#8211; VAN Magazin\" src=\"https:\/\/van-magazin.de\/mag\/musik-putin-leningrader-sinfonie\/embed\/#?secret=umZr2pMb4j#?secret=su9RmNldLX\" data-secret=\"su9RmNldLX\" width=\"600\" height=\"338\" frameborder=\"0\" marginwidth=\"0\" marginheight=\"0\" scrolling=\"no\"><\/iframe><\/div>\n<p>&nbsp;<\/p>\n<hr \/>\n<h3><span class=\"ez-toc-section\" id=\"Alte_KalAUA\"><\/span>Alte KalAUA<span class=\"ez-toc-section-end\"><\/span><\/h3>\n<hr \/>\n<p><strong>Vor zwei Jahren<\/strong><\/p>\n<blockquote><p>K\u00fcnstler m\u00fcsste man sein. Zum Theater bin ich je nach Strecke 60 Minuten in \u00d6ffis unterwegs. Einsteigen w\u00fcrde ich vor dem Lidl. Wenn ich aber nat\u00fcrlich nur im KaDeWe einkaufe, hat er Recht. Sind echt speziell die M\u00fcnchner S\u00e4nger:innen.<\/p>\n<p>\u201eDer Bariton Christian Gerhaher kritisierte w\u00e4hrend der Pressekonferenz die &#8220;unehrliche Argumentationsweise&#8221; der Politik. Wenn der Weg zum Theater mit dem Nahverkehr das eigentliche Risiko sei, wie oft behauptet, sei auch der Weg zum Einkaufen \u00e4hnlich gef\u00e4hrlich.\u201c<\/p><\/blockquote>\n<p><strong>Vor f\u00fcnf Jahren<\/strong><\/p>\n<blockquote><p>Neue Klassik. Das wird nix: &#8220;Neue Klassik: Garantie-Wirrwarr und bescheidene Renditen. Bei den Tarifen der Neuen Klassik hat sich immer noch kein Standard herausgebildet. Das Segment etabliert sich aber. Im Durchschnitt liegt die laufende Verzinsung unter der der klassischen Tarife. Rentierlicher ist die Neue Klassik nur mit den Schlussgewinnen.&#8221;<br \/>\nDer Analyse von Verischerungsjournal.de kann man nur zustimmen. Isso. Issesnich?<\/p><\/blockquote>\n<p><strong>Vor sieben Jahren<\/strong><\/p>\n<blockquote><p>Leipzig im Vorfeld der Buchmesse: Der Kulturb\u00fcrgermeister stellt &#8220;illegale Autorenrennen&#8221; unter Strafe.<\/p><\/blockquote>\n<h3><span class=\"ez-toc-section\" id=\"Fotos\"><\/span>Fotos<span class=\"ez-toc-section-end\"><\/span><\/h3>\n<div data-carousel-extra='{&quot;blog_id&quot;:1,&quot;permalink&quot;:&quot;https:\/\/www.kritische-masse.de\/logbuch\/2024\/02\/illegale-autorenrennen-baritone-discounter-tenoere-der-rohde\/&quot;}' id='gallery-1' class='gallery galleryid-9278 gallery-columns-5 gallery-size-large'><figure class='gallery-item'>\n\t\t\t<div class='gallery-icon landscape'>\n\t\t\t\t<a title=\"Aufr\u00e4um-Vogel in Teltow. Foto: Hufner\"  href='https:\/\/www.kritische-masse.de\/logbuch\/2024\/02\/illegale-autorenrennen-baritone-discounter-tenoere-der-rohde\/02_24_kraehe\/'><img loading=\"lazy\" decoding=\"async\" width=\"1008\" height=\"1008\" src=\"https:\/\/i0.wp.com\/www.kritische-masse.de\/logbuch\/wp-content\/uploads\/2024\/02\/02_24_kraehe.jpg?fit=1008%2C1008&amp;ssl=1\" class=\"attachment-large size-large\" alt=\"Aufr\u00e4um-Vogel in Teltow. Foto: Hufner\" aria-describedby=\"gallery-1-9287\" srcset=\"https:\/\/i0.wp.com\/www.kritische-masse.de\/logbuch\/wp-content\/uploads\/2024\/02\/02_24_kraehe.jpg?w=1008&amp;ssl=1 1008w, https:\/\/i0.wp.com\/www.kritische-masse.de\/logbuch\/wp-content\/uploads\/2024\/02\/02_24_kraehe.jpg?resize=300%2C300&amp;ssl=1 300w, https:\/\/i0.wp.com\/www.kritische-masse.de\/logbuch\/wp-content\/uploads\/2024\/02\/02_24_kraehe.jpg?resize=150%2C150&amp;ssl=1 150w, https:\/\/i0.wp.com\/www.kritische-masse.de\/logbuch\/wp-content\/uploads\/2024\/02\/02_24_kraehe.jpg?resize=768%2C768&amp;ssl=1 768w\" sizes=\"auto, (max-width: 1008px) 100vw, 1008px\" data-attachment-id=\"9287\" data-permalink=\"https:\/\/www.kritische-masse.de\/logbuch\/2024\/02\/illegale-autorenrennen-baritone-discounter-tenoere-der-rohde\/02_24_kraehe\/\" data-orig-file=\"https:\/\/i0.wp.com\/www.kritische-masse.de\/logbuch\/wp-content\/uploads\/2024\/02\/02_24_kraehe.jpg?fit=1008%2C1008&amp;ssl=1\" data-orig-size=\"1008,1008\" data-comments-opened=\"1\" data-image-meta=\"{&quot;aperture&quot;:&quot;0&quot;,&quot;credit&quot;:&quot;&quot;,&quot;camera&quot;:&quot;&quot;,&quot;caption&quot;:&quot;&quot;,&quot;created_timestamp&quot;:&quot;0&quot;,&quot;copyright&quot;:&quot;&quot;,&quot;focal_length&quot;:&quot;0&quot;,&quot;iso&quot;:&quot;0&quot;,&quot;shutter_speed&quot;:&quot;0&quot;,&quot;title&quot;:&quot;&quot;,&quot;orientation&quot;:&quot;0&quot;}\" data-image-title=\"Aufr\u00e4um-Vogel in Teltow. Foto: Hufner\" data-image-description=\"&lt;p&gt;Aufr\u00e4um-Vogel in Teltow. Foto: Hufner&lt;\/p&gt;\n\" data-image-caption=\"&lt;p&gt;Aufr\u00e4um-Vogel in Teltow. Foto: Hufner&lt;\/p&gt;\n\" data-large-file=\"https:\/\/i0.wp.com\/www.kritische-masse.de\/logbuch\/wp-content\/uploads\/2024\/02\/02_24_kraehe.jpg?fit=1008%2C1008&amp;ssl=1\" \/><\/a>\n\t\t\t<\/div>\n\t\t\t\t<figcaption class='wp-caption-text gallery-caption' id='gallery-1-9287'>\n\t\t\t\tAufr\u00e4um-Vogel in Teltow. Foto: Hufner\n\t\t\t\t<\/figcaption><\/figure><figure class='gallery-item'>\n\t\t\t<div class='gallery-icon portrait'>\n\t\t\t\t<a title=\"Selfie!\"  href='https:\/\/www.kritische-masse.de\/logbuch\/2024\/02\/illegale-autorenrennen-baritone-discounter-tenoere-der-rohde\/02_21_selfie\/'><img loading=\"lazy\" decoding=\"async\" width=\"838\" height=\"1024\" src=\"https:\/\/i0.wp.com\/www.kritische-masse.de\/logbuch\/wp-content\/uploads\/2024\/02\/02_21_selfie.jpg?fit=838%2C1024&amp;ssl=1\" class=\"attachment-large size-large\" alt=\"Selfie!\" aria-describedby=\"gallery-1-9291\" srcset=\"https:\/\/i0.wp.com\/www.kritische-masse.de\/logbuch\/wp-content\/uploads\/2024\/02\/02_21_selfie.jpg?w=1318&amp;ssl=1 1318w, https:\/\/i0.wp.com\/www.kritische-masse.de\/logbuch\/wp-content\/uploads\/2024\/02\/02_21_selfie.jpg?resize=246%2C300&amp;ssl=1 246w, https:\/\/i0.wp.com\/www.kritische-masse.de\/logbuch\/wp-content\/uploads\/2024\/02\/02_21_selfie.jpg?resize=838%2C1024&amp;ssl=1 838w, https:\/\/i0.wp.com\/www.kritische-masse.de\/logbuch\/wp-content\/uploads\/2024\/02\/02_21_selfie.jpg?resize=768%2C938&amp;ssl=1 768w, https:\/\/i0.wp.com\/www.kritische-masse.de\/logbuch\/wp-content\/uploads\/2024\/02\/02_21_selfie.jpg?resize=1257%2C1536&amp;ssl=1 1257w\" sizes=\"auto, (max-width: 838px) 100vw, 838px\" data-attachment-id=\"9291\" data-permalink=\"https:\/\/www.kritische-masse.de\/logbuch\/2024\/02\/illegale-autorenrennen-baritone-discounter-tenoere-der-rohde\/02_21_selfie\/\" data-orig-file=\"https:\/\/i0.wp.com\/www.kritische-masse.de\/logbuch\/wp-content\/uploads\/2024\/02\/02_21_selfie.jpg?fit=1318%2C1610&amp;ssl=1\" data-orig-size=\"1318,1610\" data-comments-opened=\"1\" data-image-meta=\"{&quot;aperture&quot;:&quot;0&quot;,&quot;credit&quot;:&quot;&quot;,&quot;camera&quot;:&quot;&quot;,&quot;caption&quot;:&quot;&quot;,&quot;created_timestamp&quot;:&quot;0&quot;,&quot;copyright&quot;:&quot;&quot;,&quot;focal_length&quot;:&quot;0&quot;,&quot;iso&quot;:&quot;0&quot;,&quot;shutter_speed&quot;:&quot;0&quot;,&quot;title&quot;:&quot;&quot;,&quot;orientation&quot;:&quot;0&quot;}\" data-image-title=\"Selfie!\" data-image-description=\"&lt;p&gt;Selfie!&lt;\/p&gt;\n\" data-image-caption=\"&lt;p&gt;Selfie!&lt;\/p&gt;\n\" data-large-file=\"https:\/\/i0.wp.com\/www.kritische-masse.de\/logbuch\/wp-content\/uploads\/2024\/02\/02_21_selfie.jpg?fit=838%2C1024&amp;ssl=1\" \/><\/a>\n\t\t\t<\/div>\n\t\t\t\t<figcaption class='wp-caption-text gallery-caption' id='gallery-1-9291'>\n\t\t\t\tSelfie!\n\t\t\t\t<\/figcaption><\/figure><figure class='gallery-item'>\n\t\t\t<div class='gallery-icon landscape'>\n\t\t\t\t<a title=\"An der Stammbahn. Foto: MH\"  href='https:\/\/www.kritische-masse.de\/logbuch\/2024\/02\/illegale-autorenrennen-baritone-discounter-tenoere-der-rohde\/02_20_stammbahn\/'><img loading=\"lazy\" decoding=\"async\" width=\"720\" height=\"404\" src=\"https:\/\/i0.wp.com\/www.kritische-masse.de\/logbuch\/wp-content\/uploads\/2024\/02\/02_20_stammbahn.jpg?fit=720%2C404&amp;ssl=1\" class=\"attachment-large size-large\" alt=\"An der Stammbahn. Foto: MH\" aria-describedby=\"gallery-1-9290\" srcset=\"https:\/\/i0.wp.com\/www.kritische-masse.de\/logbuch\/wp-content\/uploads\/2024\/02\/02_20_stammbahn.jpg?w=720&amp;ssl=1 720w, https:\/\/i0.wp.com\/www.kritische-masse.de\/logbuch\/wp-content\/uploads\/2024\/02\/02_20_stammbahn.jpg?resize=300%2C168&amp;ssl=1 300w\" sizes=\"auto, (max-width: 720px) 100vw, 720px\" data-attachment-id=\"9290\" data-permalink=\"https:\/\/www.kritische-masse.de\/logbuch\/2024\/02\/illegale-autorenrennen-baritone-discounter-tenoere-der-rohde\/02_20_stammbahn\/\" data-orig-file=\"https:\/\/i0.wp.com\/www.kritische-masse.de\/logbuch\/wp-content\/uploads\/2024\/02\/02_20_stammbahn.jpg?fit=720%2C404&amp;ssl=1\" data-orig-size=\"720,404\" data-comments-opened=\"1\" data-image-meta=\"{&quot;aperture&quot;:&quot;0&quot;,&quot;credit&quot;:&quot;&quot;,&quot;camera&quot;:&quot;&quot;,&quot;caption&quot;:&quot;&quot;,&quot;created_timestamp&quot;:&quot;0&quot;,&quot;copyright&quot;:&quot;&quot;,&quot;focal_length&quot;:&quot;0&quot;,&quot;iso&quot;:&quot;0&quot;,&quot;shutter_speed&quot;:&quot;0&quot;,&quot;title&quot;:&quot;&quot;,&quot;orientation&quot;:&quot;0&quot;}\" data-image-title=\"An der Stammbahn. Foto: MH\" data-image-description=\"&lt;p&gt;An der Stammbahn. Foto: MH&lt;\/p&gt;\n\" data-image-caption=\"&lt;p&gt;An der Stammbahn. Foto: MH&lt;\/p&gt;\n\" data-large-file=\"https:\/\/i0.wp.com\/www.kritische-masse.de\/logbuch\/wp-content\/uploads\/2024\/02\/02_20_stammbahn.jpg?fit=720%2C404&amp;ssl=1\" \/><\/a>\n\t\t\t<\/div>\n\t\t\t\t<figcaption class='wp-caption-text gallery-caption' id='gallery-1-9290'>\n\t\t\t\tAn der Stammbahn. Foto: MH\n\t\t\t\t<\/figcaption><\/figure><figure class='gallery-item'>\n\t\t\t<div class='gallery-icon landscape'>\n\t\t\t\t<a title=\"Geschmackserdbeeren bei Lidl. Foto: Hufner\"  href='https:\/\/www.kritische-masse.de\/logbuch\/2024\/02\/illegale-autorenrennen-baritone-discounter-tenoere-der-rohde\/02_21_erdbeeren\/'><img loading=\"lazy\" decoding=\"async\" width=\"604\" height=\"453\" src=\"https:\/\/i0.wp.com\/www.kritische-masse.de\/logbuch\/wp-content\/uploads\/2024\/02\/02_21_erdbeeren.jpg?fit=604%2C453&amp;ssl=1\" class=\"attachment-large size-large\" alt=\"Geschmackserdbeeren bei Lidl. Foto: Hufner\" aria-describedby=\"gallery-1-9288\" srcset=\"https:\/\/i0.wp.com\/www.kritische-masse.de\/logbuch\/wp-content\/uploads\/2024\/02\/02_21_erdbeeren.jpg?w=604&amp;ssl=1 604w, https:\/\/i0.wp.com\/www.kritische-masse.de\/logbuch\/wp-content\/uploads\/2024\/02\/02_21_erdbeeren.jpg?resize=300%2C225&amp;ssl=1 300w, https:\/\/i0.wp.com\/www.kritische-masse.de\/logbuch\/wp-content\/uploads\/2024\/02\/02_21_erdbeeren.jpg?resize=440%2C330&amp;ssl=1 440w\" sizes=\"auto, (max-width: 604px) 100vw, 604px\" data-attachment-id=\"9288\" data-permalink=\"https:\/\/www.kritische-masse.de\/logbuch\/2024\/02\/illegale-autorenrennen-baritone-discounter-tenoere-der-rohde\/02_21_erdbeeren\/\" data-orig-file=\"https:\/\/i0.wp.com\/www.kritische-masse.de\/logbuch\/wp-content\/uploads\/2024\/02\/02_21_erdbeeren.jpg?fit=604%2C453&amp;ssl=1\" data-orig-size=\"604,453\" data-comments-opened=\"1\" data-image-meta=\"{&quot;aperture&quot;:&quot;0&quot;,&quot;credit&quot;:&quot;&quot;,&quot;camera&quot;:&quot;&quot;,&quot;caption&quot;:&quot;&quot;,&quot;created_timestamp&quot;:&quot;0&quot;,&quot;copyright&quot;:&quot;&quot;,&quot;focal_length&quot;:&quot;0&quot;,&quot;iso&quot;:&quot;0&quot;,&quot;shutter_speed&quot;:&quot;0&quot;,&quot;title&quot;:&quot;&quot;,&quot;orientation&quot;:&quot;0&quot;}\" data-image-title=\"Geschmackserdbeeren bei Lidl. Foto: Hufner\" data-image-description=\"&lt;p&gt;Geschmackserdbeeren bei Lidl. Foto: Hufner&lt;\/p&gt;\n\" data-image-caption=\"&lt;p&gt;Geschmackserdbeeren bei Lidl. Foto: Hufner&lt;\/p&gt;\n\" data-large-file=\"https:\/\/i0.wp.com\/www.kritische-masse.de\/logbuch\/wp-content\/uploads\/2024\/02\/02_21_erdbeeren.jpg?fit=604%2C453&amp;ssl=1\" \/><\/a>\n\t\t\t<\/div>\n\t\t\t\t<figcaption class='wp-caption-text gallery-caption' id='gallery-1-9288'>\n\t\t\t\tGeschmackserdbeeren bei Lidl. Foto: Hufner\n\t\t\t\t<\/figcaption><\/figure><figure class='gallery-item'>\n\t\t\t<div class='gallery-icon landscape'>\n\t\t\t\t<a title=\"Guttenberg, damals. Foto: Hufner\"  href='https:\/\/www.kritische-masse.de\/logbuch\/2024\/02\/illegale-autorenrennen-baritone-discounter-tenoere-der-rohde\/02_20_guttenberg\/'><img loading=\"lazy\" decoding=\"async\" width=\"720\" height=\"482\" src=\"https:\/\/i0.wp.com\/www.kritische-masse.de\/logbuch\/wp-content\/uploads\/2024\/02\/02_20_guttenberg.jpg?fit=720%2C482&amp;ssl=1\" class=\"attachment-large size-large\" alt=\"Guttenberg, damals. Foto: Hufner\" aria-describedby=\"gallery-1-9289\" srcset=\"https:\/\/i0.wp.com\/www.kritische-masse.de\/logbuch\/wp-content\/uploads\/2024\/02\/02_20_guttenberg.jpg?w=720&amp;ssl=1 720w, https:\/\/i0.wp.com\/www.kritische-masse.de\/logbuch\/wp-content\/uploads\/2024\/02\/02_20_guttenberg.jpg?resize=300%2C201&amp;ssl=1 300w\" sizes=\"auto, (max-width: 720px) 100vw, 720px\" data-attachment-id=\"9289\" data-permalink=\"https:\/\/www.kritische-masse.de\/logbuch\/2024\/02\/illegale-autorenrennen-baritone-discounter-tenoere-der-rohde\/02_20_guttenberg\/\" data-orig-file=\"https:\/\/i0.wp.com\/www.kritische-masse.de\/logbuch\/wp-content\/uploads\/2024\/02\/02_20_guttenberg.jpg?fit=720%2C482&amp;ssl=1\" data-orig-size=\"720,482\" data-comments-opened=\"1\" data-image-meta=\"{&quot;aperture&quot;:&quot;0&quot;,&quot;credit&quot;:&quot;&quot;,&quot;camera&quot;:&quot;&quot;,&quot;caption&quot;:&quot;&quot;,&quot;created_timestamp&quot;:&quot;0&quot;,&quot;copyright&quot;:&quot;&quot;,&quot;focal_length&quot;:&quot;0&quot;,&quot;iso&quot;:&quot;0&quot;,&quot;shutter_speed&quot;:&quot;0&quot;,&quot;title&quot;:&quot;&quot;,&quot;orientation&quot;:&quot;0&quot;}\" data-image-title=\"Guttenberg, damals. Foto: Hufner\" data-image-description=\"&lt;p&gt;Guttenberg, damals. Foto: Hufner&lt;\/p&gt;\n\" data-image-caption=\"&lt;p&gt;Guttenberg, damals. Foto: Hufner&lt;\/p&gt;\n\" data-large-file=\"https:\/\/i0.wp.com\/www.kritische-masse.de\/logbuch\/wp-content\/uploads\/2024\/02\/02_20_guttenberg.jpg?fit=720%2C482&amp;ssl=1\" \/><\/a>\n\t\t\t<\/div>\n\t\t\t\t<figcaption class='wp-caption-text gallery-caption' id='gallery-1-9289'>\n\t\t\t\tGuttenberg, damals. Foto: Hufner\n\t\t\t\t<\/figcaption><\/figure>\n\t\t<\/div>\n\n<p>&nbsp;<\/p>\n<p>&nbsp;<\/p>\n<p>&nbsp;<\/p>\n<div class=\"shariff shariff-align-left shariff-widget-align-left\"><ul class=\"shariff-buttons theme-white orientation-horizontal buttonsize-small\"><li class=\"shariff-button mastodon shariff-nocustomcolor\" style=\"background-color:#563ACC\"><a href=\"https:\/\/s2f.kytta.dev\/?text=Illegale%20Autorenrennen%20%2F%20Baritone%20%26%20Discounter%28-Ten%C3%B6re%29%20%2F%20Der%20Rohde https%3A%2F%2Fwww.kritische-masse.de%2Flogbuch%2F2024%2F02%2Fillegale-autorenrennen-baritone-discounter-tenoere-der-rohde%2F\" title=\"Bei Mastodon teilen\" aria-label=\"Bei Mastodon teilen\" role=\"button\" rel=\"noopener nofollow\" class=\"shariff-link\" style=\"; background-color:#6364FF; color:#6364FF\" target=\"_blank\"><span class=\"shariff-icon\" style=\"fill:#6364FF\"><svg width=\"75\" height=\"79\" viewBox=\"0 0 75 79\" fill=\"none\" xmlns=\"http:\/\/www.w3.org\/2000\/svg\"><path d=\"M37.813-.025C32.462-.058 27.114.13 21.79.598c-8.544.621-17.214 5.58-20.203 13.931C-1.12 23.318.408 32.622.465 41.65c.375 7.316.943 14.78 3.392 21.73 4.365 9.465 14.781 14.537 24.782 15.385 7.64.698 15.761-.213 22.517-4.026a54.1 54.1 0 0 0 .01-6.232c-6.855 1.316-14.101 2.609-21.049 1.074-3.883-.88-6.876-4.237-7.25-8.215-1.53-3.988 3.78-.43 5.584-.883 9.048 1.224 18.282.776 27.303-.462 7.044-.837 14.26-4.788 16.65-11.833 2.263-6.135 1.215-12.79 1.698-19.177.06-3.84.09-7.692-.262-11.52C72.596 7.844 63.223.981 53.834.684a219.453 219.453 0 0 0-16.022-.71zm11.294 12.882c5.5-.067 10.801 4.143 11.67 9.653.338 1.48.471 3 .471 4.515v21.088h-8.357c-.07-7.588.153-15.182-.131-22.765-.587-4.368-7.04-5.747-9.672-2.397-2.422 3.04-1.47 7.155-1.67 10.735v6.392h-8.307c-.146-4.996.359-10.045-.404-15.002-1.108-4.218-7.809-5.565-10.094-1.666-1.685 3.046-.712 6.634-.976 9.936v14.767h-8.354c.109-8.165-.238-16.344.215-24.5.674-5.346 5.095-10.389 10.676-10.627 4.902-.739 10.103 2.038 12.053 6.631.375 1.435 1.76 1.932 1.994.084 1.844-3.704 5.501-6.739 9.785-6.771.367-.044.735-.068 1.101-.073z\"\/><defs><linearGradient id=\"paint0_linear_549_34\" x1=\"37.0692\" y1=\"0\" x2=\"37.0692\" y2=\"79\" gradientUnits=\"userSpaceOnUse\"><stop stop-color=\"#6364FF\"\/><stop offset=\"1\" stop-color=\"#563ACC\"\/><\/linearGradient><\/defs><\/svg><\/span><span class=\"shariff-text\" style=\"color:#6364FF\">teilen<\/span>&nbsp;<\/a><\/li><li class=\"shariff-button bluesky shariff-nocustomcolor\" style=\"background-color:#84c4ff\"><a href=\"https:\/\/bsky.app\/intent\/compose?text=Illegale%20Autorenrennen%20%2F%20Baritone%20%26%20Discounter%28-Ten%C3%B6re%29%20%2F%20Der%20Rohde https%3A%2F%2Fwww.kritische-masse.de%2Flogbuch%2F2024%2F02%2Fillegale-autorenrennen-baritone-discounter-tenoere-der-rohde%2F \" title=\"Bei Bluesky teilen\" aria-label=\"Bei Bluesky teilen\" role=\"button\" rel=\"noopener nofollow\" class=\"shariff-link\" style=\"; background-color:#0085ff; color:#0085ff\" target=\"_blank\"><span class=\"shariff-icon\" style=\"fill:#0085ff\"><svg width=\"20\" height=\"20\" version=\"1.1\" xmlns=\"http:\/\/www.w3.org\/2000\/svg\" viewBox=\"0 0 20 20\"><path class=\"st0\" d=\"M4.89,3.12c2.07,1.55,4.3,4.71,5.11,6.4.82-1.69,3.04-4.84,5.11-6.4,1.49-1.12,3.91-1.99,3.91.77,0,.55-.32,4.63-.5,5.3-.64,2.3-2.99,2.89-5.08,2.54,3.65.62,4.58,2.68,2.57,4.74-3.81,3.91-5.48-.98-5.9-2.23-.08-.23-.11-.34-.12-.25,0-.09-.04.02-.12.25-.43,1.25-2.09,6.14-5.9,2.23-2.01-2.06-1.08-4.12,2.57-4.74-2.09.36-4.44-.23-5.08-2.54-.19-.66-.5-4.74-.5-5.3,0-2.76,2.42-1.89,3.91-.77h0Z\"\/><\/svg><\/span><span class=\"shariff-text\" style=\"color:#0085ff\">teilen<\/span>&nbsp;<\/a><\/li><li class=\"shariff-button threema shariff-nocustomcolor shariff-mobile\" style=\"background-color:#4fbc24\"><a href=\"threema:\/\/compose?text=Illegale%20Autorenrennen%20%2F%20Baritone%20%26%20Discounter%28-Ten%C3%B6re%29%20%2F%20Der%20Rohde%20https%3A%2F%2Fwww.kritische-masse.de%2Flogbuch%2F2024%2F02%2Fillegale-autorenrennen-baritone-discounter-tenoere-der-rohde%2F\" title=\"Bei Threema teilen\" aria-label=\"Bei Threema teilen\" role=\"button\" rel=\"noopener nofollow\" class=\"shariff-link\" style=\"; background-color:#1f1f1f; color:#1f1f1f\" target=\"_blank\"><span class=\"shariff-icon\" style=\"fill:#1f1f1f\"><svg width=\"32px\" height=\"20px\" xmlns=\"http:\/\/www.w3.org\/2000\/svg\" viewBox=\"0 0 32 32\"><path fill=\"#1f1f1f\" d=\"M30.8 10.9c-0.3-1.4-0.9-2.6-1.8-3.8-2-2.6-5.5-4.5-9.4-5.2-1.3-0.2-1.9-0.3-3.5-0.3s-2.2 0-3.5 0.3c-4 0.7-7.4 2.6-9.4 5.2-0.9 1.2-1.5 2.4-1.8 3.8-0.1 0.5-0.2 1.2-0.2 1.6 0 0.4 0.1 1.1 0.2 1.6 0.4 1.9 1.3 3.4 2.9 5 0.8 0.8 0.8 0.8 0.7 1.3 0 0.6-0.5 1.6-1.7 3.6-0.3 0.5-0.5 0.9-0.5 0.9 0 0.1 0.1 0.1 0.5 0 0.8-0.2 2.3-0.6 5.6-1.6 1.1-0.3 1.3-0.4 2.3-0.4 0.8 0 1.1 0 2.3 0.2 1.5 0.2 3.5 0.2 4.9 0 5.1-0.6 9.3-2.9 11.4-6.3 0.5-0.9 0.9-1.8 1.1-2.8 0.1-0.5 0.2-1.1 0.2-1.6 0-0.7-0.1-1.1-0.2-1.6-0.3-1.4 0.1 0.5 0 0zM20.6 17.3c0 0.4-0.4 0.8-0.8 0.8h-7.7c-0.4 0-0.8-0.4-0.8-0.8v-4.6c0-0.4 0.4-0.8 0.8-0.8h0.2l0-1.6c0-0.9 0-1.8 0.1-2 0.1-0.6 0.6-1.2 1.1-1.7s1.1-0.7 1.9-0.8c1.8-0.3 3.7 0.7 4.2 2.2 0.1 0.3 0.1 0.7 0.1 2.1v0 1.7h0.1c0.4 0 0.8 0.4 0.8 0.8v4.6zM15.6 7.3c-0.5 0.1-0.8 0.3-1.2 0.6s-0.6 0.8-0.7 1.3c0 0.2 0 0.8 0 1.5l0 1.2h4.6v-1.3c0-1 0-1.4-0.1-1.6-0.3-1.1-1.5-1.9-2.6-1.7zM25.8 28.2c0 1.2-1 2.2-2.1 2.2s-2.1-1-2.1-2.1c0-1.2 1-2.1 2.2-2.1s2.2 1 2.2 2.2zM18.1 28.2c0 1.2-1 2.2-2.1 2.2s-2.1-1-2.1-2.1c0-1.2 1-2.1 2.2-2.1s2.2 1 2.2 2.2zM10.4 28.2c0 1.2-1 2.2-2.1 2.2s-2.1-1-2.1-2.1c0-1.2 1-2.1 2.2-2.1s2.2 1 2.2 2.2z\"\/><\/svg><\/span><span class=\"shariff-text\" style=\"color:#1f1f1f\">teilen<\/span>&nbsp;<\/a><\/li><li class=\"shariff-button facebook shariff-nocustomcolor\" style=\"background-color:#4273c8\"><a href=\"https:\/\/www.facebook.com\/sharer\/sharer.php?u=https%3A%2F%2Fwww.kritische-masse.de%2Flogbuch%2F2024%2F02%2Fillegale-autorenrennen-baritone-discounter-tenoere-der-rohde%2F\" title=\"Bei Facebook teilen\" aria-label=\"Bei Facebook teilen\" role=\"button\" rel=\"nofollow\" class=\"shariff-link\" style=\"; background-color:#3b5998; color:#3b5998\" target=\"_blank\"><span class=\"shariff-icon\" style=\"fill:#3b5998\"><svg width=\"32px\" height=\"20px\" xmlns=\"http:\/\/www.w3.org\/2000\/svg\" viewBox=\"0 0 18 32\"><path fill=\"#3b5998\" d=\"M17.1 0.2v4.7h-2.8q-1.5 0-2.1 0.6t-0.5 1.9v3.4h5.2l-0.7 5.3h-4.5v13.6h-5.5v-13.6h-4.5v-5.3h4.5v-3.9q0-3.3 1.9-5.2t5-1.8q2.6 0 4.1 0.2z\"\/><\/svg><\/span><span class=\"shariff-text\" style=\"color:#3b5998\">teilen<\/span>&nbsp;<\/a><\/li><li class=\"shariff-button info shariff-nocustomcolor\" style=\"background-color:#a8a8a8\"><a href=\"http:\/\/ct.de\/-2467514\" title=\"Weitere Informationen\" aria-label=\"Weitere Informationen\" role=\"button\" rel=\"noopener \" class=\"shariff-link\" style=\"; background-color:#999; color:#999\" target=\"_blank\"><span class=\"shariff-icon\" style=\"fill:#999\"><svg width=\"32px\" height=\"20px\" xmlns=\"http:\/\/www.w3.org\/2000\/svg\" viewBox=\"0 0 11 32\"><path fill=\"#999\" d=\"M11.4 24v2.3q0 0.5-0.3 0.8t-0.8 0.4h-9.1q-0.5 0-0.8-0.4t-0.4-0.8v-2.3q0-0.5 0.4-0.8t0.8-0.4h1.1v-6.8h-1.1q-0.5 0-0.8-0.4t-0.4-0.8v-2.3q0-0.5 0.4-0.8t0.8-0.4h6.8q0.5 0 0.8 0.4t0.4 0.8v10.3h1.1q0.5 0 0.8 0.4t0.3 0.8zM9.2 3.4v3.4q0 0.5-0.4 0.8t-0.8 0.4h-4.6q-0.4 0-0.8-0.4t-0.4-0.8v-3.4q0-0.4 0.4-0.8t0.8-0.4h4.6q0.5 0 0.8 0.4t0.4 0.8z\"\/><\/svg><\/span><\/a><\/li><\/ul><\/div>","protected":false},"excerpt":{"rendered":"<p>Illegale Autorenrennen ++ Baritone &#038; Discounter(-Ten\u00f6re) ++++ Der Rohde +++ Gurdjieff in der H\u00f6rBar +++ Was hat die Welt mit mir zu tun +++ Die Menschheit und das Kulturversagen +++ Das Kulturversprechen als Bullshit +++<\/p>\n<div class=\"shariff shariff-align-left shariff-widget-align-left\"><ul class=\"shariff-buttons theme-white orientation-horizontal buttonsize-small\"><li class=\"shariff-button mastodon shariff-nocustomcolor\" style=\"background-color:#563ACC\"><a href=\"https:\/\/s2f.kytta.dev\/?text=Illegale%20Autorenrennen%20%2F%20Baritone%20%26%20Discounter%28-Ten%C3%B6re%29%20%2F%20Der%20Rohde https%3A%2F%2Fwww.kritische-masse.de%2Flogbuch%2F2024%2F02%2Fillegale-autorenrennen-baritone-discounter-tenoere-der-rohde%2F\" title=\"Bei Mastodon teilen\" aria-label=\"Bei Mastodon teilen\" role=\"button\" rel=\"noopener nofollow\" class=\"shariff-link\" style=\"; background-color:#6364FF; color:#6364FF\" target=\"_blank\"><span class=\"shariff-icon\" style=\"fill:#6364FF\"><svg width=\"75\" height=\"79\" viewBox=\"0 0 75 79\" fill=\"none\" xmlns=\"http:\/\/www.w3.org\/2000\/svg\"><path d=\"M37.813-.025C32.462-.058 27.114.13 21.79.598c-8.544.621-17.214 5.58-20.203 13.931C-1.12 23.318.408 32.622.465 41.65c.375 7.316.943 14.78 3.392 21.73 4.365 9.465 14.781 14.537 24.782 15.385 7.64.698 15.761-.213 22.517-4.026a54.1 54.1 0 0 0 .01-6.232c-6.855 1.316-14.101 2.609-21.049 1.074-3.883-.88-6.876-4.237-7.25-8.215-1.53-3.988 3.78-.43 5.584-.883 9.048 1.224 18.282.776 27.303-.462 7.044-.837 14.26-4.788 16.65-11.833 2.263-6.135 1.215-12.79 1.698-19.177.06-3.84.09-7.692-.262-11.52C72.596 7.844 63.223.981 53.834.684a219.453 219.453 0 0 0-16.022-.71zm11.294 12.882c5.5-.067 10.801 4.143 11.67 9.653.338 1.48.471 3 .471 4.515v21.088h-8.357c-.07-7.588.153-15.182-.131-22.765-.587-4.368-7.04-5.747-9.672-2.397-2.422 3.04-1.47 7.155-1.67 10.735v6.392h-8.307c-.146-4.996.359-10.045-.404-15.002-1.108-4.218-7.809-5.565-10.094-1.666-1.685 3.046-.712 6.634-.976 9.936v14.767h-8.354c.109-8.165-.238-16.344.215-24.5.674-5.346 5.095-10.389 10.676-10.627 4.902-.739 10.103 2.038 12.053 6.631.375 1.435 1.76 1.932 1.994.084 1.844-3.704 5.501-6.739 9.785-6.771.367-.044.735-.068 1.101-.073z\"\/><defs><linearGradient id=\"paint0_linear_549_34\" x1=\"37.0692\" y1=\"0\" x2=\"37.0692\" y2=\"79\" gradientUnits=\"userSpaceOnUse\"><stop stop-color=\"#6364FF\"\/><stop offset=\"1\" stop-color=\"#563ACC\"\/><\/linearGradient><\/defs><\/svg><\/span><span class=\"shariff-text\" style=\"color:#6364FF\">teilen<\/span>&nbsp;<\/a><\/li><li class=\"shariff-button bluesky shariff-nocustomcolor\" style=\"background-color:#84c4ff\"><a href=\"https:\/\/bsky.app\/intent\/compose?text=Illegale%20Autorenrennen%20%2F%20Baritone%20%26%20Discounter%28-Ten%C3%B6re%29%20%2F%20Der%20Rohde https%3A%2F%2Fwww.kritische-masse.de%2Flogbuch%2F2024%2F02%2Fillegale-autorenrennen-baritone-discounter-tenoere-der-rohde%2F \" title=\"Bei Bluesky teilen\" aria-label=\"Bei Bluesky teilen\" role=\"button\" rel=\"noopener nofollow\" class=\"shariff-link\" style=\"; background-color:#0085ff; color:#0085ff\" target=\"_blank\"><span class=\"shariff-icon\" style=\"fill:#0085ff\"><svg width=\"20\" height=\"20\" version=\"1.1\" xmlns=\"http:\/\/www.w3.org\/2000\/svg\" viewBox=\"0 0 20 20\"><path class=\"st0\" d=\"M4.89,3.12c2.07,1.55,4.3,4.71,5.11,6.4.82-1.69,3.04-4.84,5.11-6.4,1.49-1.12,3.91-1.99,3.91.77,0,.55-.32,4.63-.5,5.3-.64,2.3-2.99,2.89-5.08,2.54,3.65.62,4.58,2.68,2.57,4.74-3.81,3.91-5.48-.98-5.9-2.23-.08-.23-.11-.34-.12-.25,0-.09-.04.02-.12.25-.43,1.25-2.09,6.14-5.9,2.23-2.01-2.06-1.08-4.12,2.57-4.74-2.09.36-4.44-.23-5.08-2.54-.19-.66-.5-4.74-.5-5.3,0-2.76,2.42-1.89,3.91-.77h0Z\"\/><\/svg><\/span><span class=\"shariff-text\" style=\"color:#0085ff\">teilen<\/span>&nbsp;<\/a><\/li><li class=\"shariff-button threema shariff-nocustomcolor shariff-mobile\" style=\"background-color:#4fbc24\"><a href=\"threema:\/\/compose?text=Illegale%20Autorenrennen%20%2F%20Baritone%20%26%20Discounter%28-Ten%C3%B6re%29%20%2F%20Der%20Rohde%20https%3A%2F%2Fwww.kritische-masse.de%2Flogbuch%2F2024%2F02%2Fillegale-autorenrennen-baritone-discounter-tenoere-der-rohde%2F\" title=\"Bei Threema teilen\" aria-label=\"Bei Threema teilen\" role=\"button\" rel=\"noopener nofollow\" class=\"shariff-link\" style=\"; background-color:#1f1f1f; color:#1f1f1f\" target=\"_blank\"><span class=\"shariff-icon\" style=\"fill:#1f1f1f\"><svg width=\"32px\" height=\"20px\" xmlns=\"http:\/\/www.w3.org\/2000\/svg\" viewBox=\"0 0 32 32\"><path fill=\"#1f1f1f\" d=\"M30.8 10.9c-0.3-1.4-0.9-2.6-1.8-3.8-2-2.6-5.5-4.5-9.4-5.2-1.3-0.2-1.9-0.3-3.5-0.3s-2.2 0-3.5 0.3c-4 0.7-7.4 2.6-9.4 5.2-0.9 1.2-1.5 2.4-1.8 3.8-0.1 0.5-0.2 1.2-0.2 1.6 0 0.4 0.1 1.1 0.2 1.6 0.4 1.9 1.3 3.4 2.9 5 0.8 0.8 0.8 0.8 0.7 1.3 0 0.6-0.5 1.6-1.7 3.6-0.3 0.5-0.5 0.9-0.5 0.9 0 0.1 0.1 0.1 0.5 0 0.8-0.2 2.3-0.6 5.6-1.6 1.1-0.3 1.3-0.4 2.3-0.4 0.8 0 1.1 0 2.3 0.2 1.5 0.2 3.5 0.2 4.9 0 5.1-0.6 9.3-2.9 11.4-6.3 0.5-0.9 0.9-1.8 1.1-2.8 0.1-0.5 0.2-1.1 0.2-1.6 0-0.7-0.1-1.1-0.2-1.6-0.3-1.4 0.1 0.5 0 0zM20.6 17.3c0 0.4-0.4 0.8-0.8 0.8h-7.7c-0.4 0-0.8-0.4-0.8-0.8v-4.6c0-0.4 0.4-0.8 0.8-0.8h0.2l0-1.6c0-0.9 0-1.8 0.1-2 0.1-0.6 0.6-1.2 1.1-1.7s1.1-0.7 1.9-0.8c1.8-0.3 3.7 0.7 4.2 2.2 0.1 0.3 0.1 0.7 0.1 2.1v0 1.7h0.1c0.4 0 0.8 0.4 0.8 0.8v4.6zM15.6 7.3c-0.5 0.1-0.8 0.3-1.2 0.6s-0.6 0.8-0.7 1.3c0 0.2 0 0.8 0 1.5l0 1.2h4.6v-1.3c0-1 0-1.4-0.1-1.6-0.3-1.1-1.5-1.9-2.6-1.7zM25.8 28.2c0 1.2-1 2.2-2.1 2.2s-2.1-1-2.1-2.1c0-1.2 1-2.1 2.2-2.1s2.2 1 2.2 2.2zM18.1 28.2c0 1.2-1 2.2-2.1 2.2s-2.1-1-2.1-2.1c0-1.2 1-2.1 2.2-2.1s2.2 1 2.2 2.2zM10.4 28.2c0 1.2-1 2.2-2.1 2.2s-2.1-1-2.1-2.1c0-1.2 1-2.1 2.2-2.1s2.2 1 2.2 2.2z\"\/><\/svg><\/span><span class=\"shariff-text\" style=\"color:#1f1f1f\">teilen<\/span>&nbsp;<\/a><\/li><li class=\"shariff-button facebook shariff-nocustomcolor\" style=\"background-color:#4273c8\"><a href=\"https:\/\/www.facebook.com\/sharer\/sharer.php?u=https%3A%2F%2Fwww.kritische-masse.de%2Flogbuch%2F2024%2F02%2Fillegale-autorenrennen-baritone-discounter-tenoere-der-rohde%2F\" title=\"Bei Facebook teilen\" aria-label=\"Bei Facebook teilen\" role=\"button\" rel=\"nofollow\" class=\"shariff-link\" style=\"; background-color:#3b5998; color:#3b5998\" target=\"_blank\"><span class=\"shariff-icon\" style=\"fill:#3b5998\"><svg width=\"32px\" height=\"20px\" xmlns=\"http:\/\/www.w3.org\/2000\/svg\" viewBox=\"0 0 18 32\"><path fill=\"#3b5998\" d=\"M17.1 0.2v4.7h-2.8q-1.5 0-2.1 0.6t-0.5 1.9v3.4h5.2l-0.7 5.3h-4.5v13.6h-5.5v-13.6h-4.5v-5.3h4.5v-3.9q0-3.3 1.9-5.2t5-1.8q2.6 0 4.1 0.2z\"\/><\/svg><\/span><span class=\"shariff-text\" style=\"color:#3b5998\">teilen<\/span>&nbsp;<\/a><\/li><li class=\"shariff-button info shariff-nocustomcolor\" style=\"background-color:#a8a8a8\"><a href=\"http:\/\/ct.de\/-2467514\" title=\"Weitere Informationen\" aria-label=\"Weitere Informationen\" role=\"button\" rel=\"noopener \" class=\"shariff-link\" style=\"; background-color:#999; color:#999\" target=\"_blank\"><span class=\"shariff-icon\" style=\"fill:#999\"><svg width=\"32px\" height=\"20px\" xmlns=\"http:\/\/www.w3.org\/2000\/svg\" viewBox=\"0 0 11 32\"><path fill=\"#999\" d=\"M11.4 24v2.3q0 0.5-0.3 0.8t-0.8 0.4h-9.1q-0.5 0-0.8-0.4t-0.4-0.8v-2.3q0-0.5 0.4-0.8t0.8-0.4h1.1v-6.8h-1.1q-0.5 0-0.8-0.4t-0.4-0.8v-2.3q0-0.5 0.4-0.8t0.8-0.4h6.8q0.5 0 0.8 0.4t0.4 0.8v10.3h1.1q0.5 0 0.8 0.4t0.3 0.8zM9.2 3.4v3.4q0 0.5-0.4 0.8t-0.8 0.4h-4.6q-0.4 0-0.8-0.4t-0.4-0.8v-3.4q0-0.4 0.4-0.8t0.8-0.4h4.6q0.5 0 0.8 0.4t0.4 0.8z\"\/><\/svg><\/span><\/a><\/li><\/ul><\/div>","protected":false},"author":1,"featured_media":9287,"comment_status":"open","ping_status":"open","sticky":false,"template":"","format":"standard","meta":{"ocean_post_layout":"","ocean_both_sidebars_style":"","ocean_both_sidebars_content_width":0,"ocean_both_sidebars_sidebars_width":0,"ocean_sidebar":"","ocean_second_sidebar":"","ocean_disable_margins":"enable","ocean_add_body_class":"","ocean_shortcode_before_top_bar":"","ocean_shortcode_after_top_bar":"","ocean_shortcode_before_header":"","ocean_shortcode_after_header":"","ocean_has_shortcode":"","ocean_shortcode_after_title":"","ocean_shortcode_before_footer_widgets":"","ocean_shortcode_after_footer_widgets":"","ocean_shortcode_before_footer_bottom":"","ocean_shortcode_after_footer_bottom":"","ocean_display_top_bar":"default","ocean_display_header":"default","ocean_header_style":"","ocean_center_header_left_menu":"","ocean_custom_header_template":"","ocean_custom_logo":0,"ocean_custom_retina_logo":0,"ocean_custom_logo_max_width":0,"ocean_custom_logo_tablet_max_width":0,"ocean_custom_logo_mobile_max_width":0,"ocean_custom_logo_max_height":0,"ocean_custom_logo_tablet_max_height":0,"ocean_custom_logo_mobile_max_height":0,"ocean_header_custom_menu":"","ocean_menu_typo_font_family":"","ocean_menu_typo_font_subset":"","ocean_menu_typo_font_size":0,"ocean_menu_typo_font_size_tablet":0,"ocean_menu_typo_font_size_mobile":0,"ocean_menu_typo_font_size_unit":"px","ocean_menu_typo_font_weight":"","ocean_menu_typo_font_weight_tablet":"","ocean_menu_typo_font_weight_mobile":"","ocean_menu_typo_transform":"","ocean_menu_typo_transform_tablet":"","ocean_menu_typo_transform_mobile":"","ocean_menu_typo_line_height":0,"ocean_menu_typo_line_height_tablet":0,"ocean_menu_typo_line_height_mobile":0,"ocean_menu_typo_line_height_unit":"","ocean_menu_typo_spacing":0,"ocean_menu_typo_spacing_tablet":0,"ocean_menu_typo_spacing_mobile":0,"ocean_menu_typo_spacing_unit":"","ocean_menu_link_color":"","ocean_menu_link_color_hover":"","ocean_menu_link_color_active":"","ocean_menu_link_background":"","ocean_menu_link_hover_background":"","ocean_menu_link_active_background":"","ocean_menu_social_links_bg":"","ocean_menu_social_hover_links_bg":"","ocean_menu_social_links_color":"","ocean_menu_social_hover_links_color":"","ocean_disable_title":"default","ocean_disable_heading":"default","ocean_post_title":"","ocean_post_subheading":"","ocean_post_title_style":"","ocean_post_title_background_color":"","ocean_post_title_background":0,"ocean_post_title_bg_image_position":"","ocean_post_title_bg_image_attachment":"","ocean_post_title_bg_image_repeat":"","ocean_post_title_bg_image_size":"","ocean_post_title_height":0,"ocean_post_title_bg_overlay":0.5,"ocean_post_title_bg_overlay_color":"","ocean_disable_breadcrumbs":"default","ocean_breadcrumbs_color":"","ocean_breadcrumbs_separator_color":"","ocean_breadcrumbs_links_color":"","ocean_breadcrumbs_links_hover_color":"","ocean_display_footer_widgets":"default","ocean_display_footer_bottom":"default","ocean_custom_footer_template":"","osh_disable_topbar_sticky":"default","osh_disable_header_sticky":"default","osh_sticky_header_style":"default","osh_sticky_header_effect":"","osh_custom_sticky_logo":0,"osh_custom_retina_sticky_logo":0,"osh_custom_sticky_logo_height":0,"osh_background_color":"","osh_links_color":"","osh_links_hover_color":"","osh_links_active_color":"","osh_links_bg_color":"","osh_links_hover_bg_color":"","osh_links_active_bg_color":"","osh_menu_social_links_color":"","osh_menu_social_hover_links_color":"","_FSMCFIC_featured_image_caption":"","_FSMCFIC_featured_image_nocaption":"","_FSMCFIC_featured_image_hide":"","_metis_text_type":"standard","_metis_text_length":4777,"_post_count":0,"_jetpack_memberships_contains_paid_content":false,"activitypub_content_warning":"","activitypub_content_visibility":"","activitypub_max_image_attachments":4,"activitypub_interaction_policy_quote":"anyone","activitypub_status":"","ocean_post_oembed":"","ocean_post_self_hosted_media":"","ocean_post_video_embed":"","ocean_link_format":"","ocean_link_format_target":"self","ocean_quote_format":"","ocean_quote_format_link":"post","ocean_gallery_link_images":"on","ocean_gallery_id":[],"footnotes":"","jetpack_publicize_message":"","jetpack_publicize_feature_enabled":true,"jetpack_social_post_already_shared":true,"jetpack_social_options":{"image_generator_settings":{"template":"highway","default_image_id":0,"font":"","enabled":false},"version":2}},"categories":[2647,2649,2695,2655,2654],"tags":[4215,4216,4191,4217,4219,4218,1731,1761,2688,2166,2452,2863,2490,2767,2682,2814],"class_list":["post-9278","post","type-post","status-publish","format-standard","has-post-thumbnail","hentry","category-angriffauf","category-denrundfunk","category-die-kultur","category-ich","category-privates","tag-gerhard-rohde","tag-gurdjieff","tag-hoerbar","tag-neue-klassik","tag-radio3","tag-rbbkultur","tag-arnolcker","tag-badblog","tag-conbrio","tag-gesellschaft","tag-kultur","tag-kulturradio","tag-leben","tag-oeffentlich-rechtlicher-rundfunk","tag-politik","tag-rundfunk","entry","has-media"],"yoast_head":"<!-- This site is optimized with the Yoast SEO plugin v27.5 - https:\/\/yoast.com\/product\/yoast-seo-wordpress\/ -->\n<title>Illegale Autorenrennen \/ Baritone &amp; Discounter(-Ten\u00f6re) \/ Der Rohde - Kritische Masse<\/title>\n<meta name=\"robots\" content=\"index, follow, max-snippet:-1, max-image-preview:large, max-video-preview:-1\" \/>\n<link rel=\"canonical\" href=\"https:\/\/www.kritische-masse.de\/logbuch\/2024\/02\/illegale-autorenrennen-baritone-discounter-tenoere-der-rohde\/\" \/>\n<meta property=\"og:locale\" content=\"de_DE\" \/>\n<meta property=\"og:type\" content=\"article\" \/>\n<meta property=\"og:title\" content=\"Illegale Autorenrennen \/ Baritone &amp; Discounter(-Ten\u00f6re) \/ Der Rohde - Kritische Masse\" \/>\n<meta property=\"og:description\" content=\"Illegale Autorenrennen ++ Baritone &amp; Discounter(-Ten\u00f6re) ++++ Der Rohde +++ Gurdjieff in der H\u00f6rBar +++ Was hat die Welt mit mir zu tun +++ Die Menschheit und das Kulturversagen +++ Das Kulturversprechen als Bullshit +++\" \/>\n<meta property=\"og:url\" content=\"https:\/\/www.kritische-masse.de\/logbuch\/2024\/02\/illegale-autorenrennen-baritone-discounter-tenoere-der-rohde\/\" \/>\n<meta property=\"og:site_name\" content=\"Kritische Masse\" \/>\n<meta property=\"article:publisher\" content=\"https:\/\/www.facebook.com\/hufner\" \/>\n<meta property=\"article:author\" content=\"https:\/\/www.facebook.com\/hufner\" \/>\n<meta property=\"article:published_time\" content=\"2024-02-26T11:00:20+00:00\" \/>\n<meta property=\"og:image\" content=\"https:\/\/www.kritische-masse.de\/logbuch\/wp-content\/uploads\/2024\/02\/02_24_kraehe.jpg\" \/>\n\t<meta property=\"og:image:width\" content=\"1008\" \/>\n\t<meta property=\"og:image:height\" content=\"1008\" \/>\n\t<meta property=\"og:image:type\" content=\"image\/jpeg\" \/>\n<meta name=\"author\" content=\"der huflaikhan\" \/>\n<meta name=\"twitter:label1\" content=\"Verfasst von\" \/>\n\t<meta name=\"twitter:data1\" content=\"der huflaikhan\" \/>\n\t<meta name=\"twitter:label2\" content=\"Gesch\u00e4tzte Lesezeit\" \/>\n\t<meta name=\"twitter:data2\" content=\"4\u00a0Minuten\" \/>\n<script type=\"application\/ld+json\" class=\"yoast-schema-graph\">{\"@context\":\"https:\\\/\\\/schema.org\",\"@graph\":[{\"@type\":\"Article\",\"@id\":\"https:\\\/\\\/www.kritische-masse.de\\\/logbuch\\\/2024\\\/02\\\/illegale-autorenrennen-baritone-discounter-tenoere-der-rohde\\\/#article\",\"isPartOf\":{\"@id\":\"https:\\\/\\\/www.kritische-masse.de\\\/logbuch\\\/2024\\\/02\\\/illegale-autorenrennen-baritone-discounter-tenoere-der-rohde\\\/\"},\"author\":{\"name\":\"der huflaikhan\",\"@id\":\"https:\\\/\\\/www.kritische-masse.de\\\/logbuch\\\/#\\\/schema\\\/person\\\/14c491f46504e7f6b79db161f76def1c\"},\"headline\":\"Illegale Autorenrennen \\\/ Baritone &#038; Discounter(-Ten\u00f6re) \\\/ Der Rohde\",\"datePublished\":\"2024-02-26T11:00:20+00:00\",\"mainEntityOfPage\":{\"@id\":\"https:\\\/\\\/www.kritische-masse.de\\\/logbuch\\\/2024\\\/02\\\/illegale-autorenrennen-baritone-discounter-tenoere-der-rohde\\\/\"},\"wordCount\":711,\"commentCount\":0,\"publisher\":{\"@id\":\"https:\\\/\\\/www.kritische-masse.de\\\/logbuch\\\/#\\\/schema\\\/person\\\/14c491f46504e7f6b79db161f76def1c\"},\"image\":{\"@id\":\"https:\\\/\\\/www.kritische-masse.de\\\/logbuch\\\/2024\\\/02\\\/illegale-autorenrennen-baritone-discounter-tenoere-der-rohde\\\/#primaryimage\"},\"thumbnailUrl\":\"https:\\\/\\\/i0.wp.com\\\/www.kritische-masse.de\\\/logbuch\\\/wp-content\\\/uploads\\\/2024\\\/02\\\/02_24_kraehe.jpg?fit=1008%2C1008&ssl=1\",\"keywords\":[\"Gerhard Rohde\",\"Gurdjieff\",\"H\u00f6rBar\",\"Neue Klassik\",\"radio3\",\"rbbKultur\",\"Arno L\u00fccker\",\"BadBlog\",\"ConBrio\",\"Gesellschaft\",\"Kultur\",\"Kulturradio\",\"Leben\",\"\u00d6ffentlich-rechtlicher Rundfunk\",\"Politik\",\"Rundfunk\"],\"articleSection\":[\"Angriff auf \u2026\",\"den Rundfunk\",\"die Kultur\",\"Ich\",\"Privates\"],\"inLanguage\":\"de\",\"potentialAction\":[{\"@type\":\"CommentAction\",\"name\":\"Comment\",\"target\":[\"https:\\\/\\\/www.kritische-masse.de\\\/logbuch\\\/2024\\\/02\\\/illegale-autorenrennen-baritone-discounter-tenoere-der-rohde\\\/#respond\"]}]},{\"@type\":\"WebPage\",\"@id\":\"https:\\\/\\\/www.kritische-masse.de\\\/logbuch\\\/2024\\\/02\\\/illegale-autorenrennen-baritone-discounter-tenoere-der-rohde\\\/\",\"url\":\"https:\\\/\\\/www.kritische-masse.de\\\/logbuch\\\/2024\\\/02\\\/illegale-autorenrennen-baritone-discounter-tenoere-der-rohde\\\/\",\"name\":\"Illegale Autorenrennen \\\/ Baritone & Discounter(-Ten\u00f6re) \\\/ Der Rohde - Kritische Masse\",\"isPartOf\":{\"@id\":\"https:\\\/\\\/www.kritische-masse.de\\\/logbuch\\\/#website\"},\"primaryImageOfPage\":{\"@id\":\"https:\\\/\\\/www.kritische-masse.de\\\/logbuch\\\/2024\\\/02\\\/illegale-autorenrennen-baritone-discounter-tenoere-der-rohde\\\/#primaryimage\"},\"image\":{\"@id\":\"https:\\\/\\\/www.kritische-masse.de\\\/logbuch\\\/2024\\\/02\\\/illegale-autorenrennen-baritone-discounter-tenoere-der-rohde\\\/#primaryimage\"},\"thumbnailUrl\":\"https:\\\/\\\/i0.wp.com\\\/www.kritische-masse.de\\\/logbuch\\\/wp-content\\\/uploads\\\/2024\\\/02\\\/02_24_kraehe.jpg?fit=1008%2C1008&ssl=1\",\"datePublished\":\"2024-02-26T11:00:20+00:00\",\"breadcrumb\":{\"@id\":\"https:\\\/\\\/www.kritische-masse.de\\\/logbuch\\\/2024\\\/02\\\/illegale-autorenrennen-baritone-discounter-tenoere-der-rohde\\\/#breadcrumb\"},\"inLanguage\":\"de\",\"potentialAction\":[{\"@type\":\"ReadAction\",\"target\":[\"https:\\\/\\\/www.kritische-masse.de\\\/logbuch\\\/2024\\\/02\\\/illegale-autorenrennen-baritone-discounter-tenoere-der-rohde\\\/\"]}]},{\"@type\":\"ImageObject\",\"inLanguage\":\"de\",\"@id\":\"https:\\\/\\\/www.kritische-masse.de\\\/logbuch\\\/2024\\\/02\\\/illegale-autorenrennen-baritone-discounter-tenoere-der-rohde\\\/#primaryimage\",\"url\":\"https:\\\/\\\/i0.wp.com\\\/www.kritische-masse.de\\\/logbuch\\\/wp-content\\\/uploads\\\/2024\\\/02\\\/02_24_kraehe.jpg?fit=1008%2C1008&ssl=1\",\"contentUrl\":\"https:\\\/\\\/i0.wp.com\\\/www.kritische-masse.de\\\/logbuch\\\/wp-content\\\/uploads\\\/2024\\\/02\\\/02_24_kraehe.jpg?fit=1008%2C1008&ssl=1\",\"width\":1008,\"height\":1008,\"caption\":\"Aufr\u00e4um-Vogel in Teltow. Foto: Hufner\"},{\"@type\":\"BreadcrumbList\",\"@id\":\"https:\\\/\\\/www.kritische-masse.de\\\/logbuch\\\/2024\\\/02\\\/illegale-autorenrennen-baritone-discounter-tenoere-der-rohde\\\/#breadcrumb\",\"itemListElement\":[{\"@type\":\"ListItem\",\"position\":1,\"name\":\"Startseite\",\"item\":\"https:\\\/\\\/www.kritische-masse.de\\\/logbuch\\\/\"},{\"@type\":\"ListItem\",\"position\":2,\"name\":\"Illegale Autorenrennen \\\/ Baritone &#038; Discounter(-Ten\u00f6re) \\\/ Der Rohde\"}]},{\"@type\":\"WebSite\",\"@id\":\"https:\\\/\\\/www.kritische-masse.de\\\/logbuch\\\/#website\",\"url\":\"https:\\\/\\\/www.kritische-masse.de\\\/logbuch\\\/\",\"name\":\"kritische masse\",\"description\":\"amt f\u00fcr vermassungsschutz\",\"publisher\":{\"@id\":\"https:\\\/\\\/www.kritische-masse.de\\\/logbuch\\\/#\\\/schema\\\/person\\\/14c491f46504e7f6b79db161f76def1c\"},\"alternateName\":\"das logbuch der kritischen masse\",\"potentialAction\":[{\"@type\":\"SearchAction\",\"target\":{\"@type\":\"EntryPoint\",\"urlTemplate\":\"https:\\\/\\\/www.kritische-masse.de\\\/logbuch\\\/?s={search_term_string}\"},\"query-input\":{\"@type\":\"PropertyValueSpecification\",\"valueRequired\":true,\"valueName\":\"search_term_string\"}}],\"inLanguage\":\"de\"},{\"@type\":[\"Person\",\"Organization\"],\"@id\":\"https:\\\/\\\/www.kritische-masse.de\\\/logbuch\\\/#\\\/schema\\\/person\\\/14c491f46504e7f6b79db161f76def1c\",\"name\":\"der huflaikhan\",\"image\":{\"@type\":\"ImageObject\",\"inLanguage\":\"de\",\"@id\":\"https:\\\/\\\/www.kritische-masse.de\\\/logbuch\\\/wp-content\\\/uploads\\\/2024\\\/01\\\/cropped-kritischmasse_man_512.jpg\",\"url\":\"https:\\\/\\\/www.kritische-masse.de\\\/logbuch\\\/wp-content\\\/uploads\\\/2024\\\/01\\\/cropped-kritischmasse_man_512.jpg\",\"contentUrl\":\"https:\\\/\\\/www.kritische-masse.de\\\/logbuch\\\/wp-content\\\/uploads\\\/2024\\\/01\\\/cropped-kritischmasse_man_512.jpg\",\"width\":512,\"height\":512,\"caption\":\"der huflaikhan\"},\"logo\":{\"@id\":\"https:\\\/\\\/www.kritische-masse.de\\\/logbuch\\\/wp-content\\\/uploads\\\/2024\\\/01\\\/cropped-kritischmasse_man_512.jpg\"},\"description\":\"Betreiber der Kritischen Masse seit 1995. Seit 2023 Wiederaufnahme. Promotion mit einer Arbeit \u00fcber Adornos kompositorische und theoretische Auseinandersetzung mit der Zw\u00f6lftontechnik. Arbeit f\u00fcr den Bayerischen und den Mitteldeutschen Rundfunk als freier Autor und Regisseur \u2013 zumindest bis Ende 2015. Online-Redaktion f\u00fcr neue musikzeitung, Jazzzeitung und Oper &amp; Tanz. Ungl\u00fccklich, aber fast taub.\",\"sameAs\":[\"https:\\\/\\\/www.kritische-masse.de\\\/logbuch\\\/\",\"https:\\\/\\\/www.facebook.com\\\/hufner\"],\"url\":\"https:\\\/\\\/www.kritische-masse.de\\\/logbuch\\\/author\\\/martin_d1juqiu5\\\/\"}]}<\/script>\n<!-- \/ Yoast SEO plugin. -->","yoast_head_json":{"title":"Illegale Autorenrennen \/ Baritone & Discounter(-Ten\u00f6re) \/ Der Rohde - Kritische Masse","robots":{"index":"index","follow":"follow","max-snippet":"max-snippet:-1","max-image-preview":"max-image-preview:large","max-video-preview":"max-video-preview:-1"},"canonical":"https:\/\/www.kritische-masse.de\/logbuch\/2024\/02\/illegale-autorenrennen-baritone-discounter-tenoere-der-rohde\/","og_locale":"de_DE","og_type":"article","og_title":"Illegale Autorenrennen \/ Baritone & Discounter(-Ten\u00f6re) \/ Der Rohde - Kritische Masse","og_description":"Illegale Autorenrennen ++ Baritone & Discounter(-Ten\u00f6re) ++++ Der Rohde +++ Gurdjieff in der H\u00f6rBar +++ Was hat die Welt mit mir zu tun +++ Die Menschheit und das Kulturversagen +++ Das Kulturversprechen als Bullshit +++","og_url":"https:\/\/www.kritische-masse.de\/logbuch\/2024\/02\/illegale-autorenrennen-baritone-discounter-tenoere-der-rohde\/","og_site_name":"Kritische Masse","article_publisher":"https:\/\/www.facebook.com\/hufner","article_author":"https:\/\/www.facebook.com\/hufner","article_published_time":"2024-02-26T11:00:20+00:00","og_image":[{"width":1008,"height":1008,"url":"https:\/\/www.kritische-masse.de\/logbuch\/wp-content\/uploads\/2024\/02\/02_24_kraehe.jpg","type":"image\/jpeg"}],"author":"der huflaikhan","twitter_misc":{"Verfasst von":"der huflaikhan","Gesch\u00e4tzte Lesezeit":"4\u00a0Minuten"},"schema":{"@context":"https:\/\/schema.org","@graph":[{"@type":"Article","@id":"https:\/\/www.kritische-masse.de\/logbuch\/2024\/02\/illegale-autorenrennen-baritone-discounter-tenoere-der-rohde\/#article","isPartOf":{"@id":"https:\/\/www.kritische-masse.de\/logbuch\/2024\/02\/illegale-autorenrennen-baritone-discounter-tenoere-der-rohde\/"},"author":{"name":"der huflaikhan","@id":"https:\/\/www.kritische-masse.de\/logbuch\/#\/schema\/person\/14c491f46504e7f6b79db161f76def1c"},"headline":"Illegale Autorenrennen \/ Baritone &#038; Discounter(-Ten\u00f6re) \/ Der Rohde","datePublished":"2024-02-26T11:00:20+00:00","mainEntityOfPage":{"@id":"https:\/\/www.kritische-masse.de\/logbuch\/2024\/02\/illegale-autorenrennen-baritone-discounter-tenoere-der-rohde\/"},"wordCount":711,"commentCount":0,"publisher":{"@id":"https:\/\/www.kritische-masse.de\/logbuch\/#\/schema\/person\/14c491f46504e7f6b79db161f76def1c"},"image":{"@id":"https:\/\/www.kritische-masse.de\/logbuch\/2024\/02\/illegale-autorenrennen-baritone-discounter-tenoere-der-rohde\/#primaryimage"},"thumbnailUrl":"https:\/\/i0.wp.com\/www.kritische-masse.de\/logbuch\/wp-content\/uploads\/2024\/02\/02_24_kraehe.jpg?fit=1008%2C1008&ssl=1","keywords":["Gerhard Rohde","Gurdjieff","H\u00f6rBar","Neue Klassik","radio3","rbbKultur","Arno L\u00fccker","BadBlog","ConBrio","Gesellschaft","Kultur","Kulturradio","Leben","\u00d6ffentlich-rechtlicher Rundfunk","Politik","Rundfunk"],"articleSection":["Angriff auf \u2026","den Rundfunk","die Kultur","Ich","Privates"],"inLanguage":"de","potentialAction":[{"@type":"CommentAction","name":"Comment","target":["https:\/\/www.kritische-masse.de\/logbuch\/2024\/02\/illegale-autorenrennen-baritone-discounter-tenoere-der-rohde\/#respond"]}]},{"@type":"WebPage","@id":"https:\/\/www.kritische-masse.de\/logbuch\/2024\/02\/illegale-autorenrennen-baritone-discounter-tenoere-der-rohde\/","url":"https:\/\/www.kritische-masse.de\/logbuch\/2024\/02\/illegale-autorenrennen-baritone-discounter-tenoere-der-rohde\/","name":"Illegale Autorenrennen \/ Baritone & Discounter(-Ten\u00f6re) \/ Der Rohde - Kritische Masse","isPartOf":{"@id":"https:\/\/www.kritische-masse.de\/logbuch\/#website"},"primaryImageOfPage":{"@id":"https:\/\/www.kritische-masse.de\/logbuch\/2024\/02\/illegale-autorenrennen-baritone-discounter-tenoere-der-rohde\/#primaryimage"},"image":{"@id":"https:\/\/www.kritische-masse.de\/logbuch\/2024\/02\/illegale-autorenrennen-baritone-discounter-tenoere-der-rohde\/#primaryimage"},"thumbnailUrl":"https:\/\/i0.wp.com\/www.kritische-masse.de\/logbuch\/wp-content\/uploads\/2024\/02\/02_24_kraehe.jpg?fit=1008%2C1008&ssl=1","datePublished":"2024-02-26T11:00:20+00:00","breadcrumb":{"@id":"https:\/\/www.kritische-masse.de\/logbuch\/2024\/02\/illegale-autorenrennen-baritone-discounter-tenoere-der-rohde\/#breadcrumb"},"inLanguage":"de","potentialAction":[{"@type":"ReadAction","target":["https:\/\/www.kritische-masse.de\/logbuch\/2024\/02\/illegale-autorenrennen-baritone-discounter-tenoere-der-rohde\/"]}]},{"@type":"ImageObject","inLanguage":"de","@id":"https:\/\/www.kritische-masse.de\/logbuch\/2024\/02\/illegale-autorenrennen-baritone-discounter-tenoere-der-rohde\/#primaryimage","url":"https:\/\/i0.wp.com\/www.kritische-masse.de\/logbuch\/wp-content\/uploads\/2024\/02\/02_24_kraehe.jpg?fit=1008%2C1008&ssl=1","contentUrl":"https:\/\/i0.wp.com\/www.kritische-masse.de\/logbuch\/wp-content\/uploads\/2024\/02\/02_24_kraehe.jpg?fit=1008%2C1008&ssl=1","width":1008,"height":1008,"caption":"Aufr\u00e4um-Vogel in Teltow. Foto: Hufner"},{"@type":"BreadcrumbList","@id":"https:\/\/www.kritische-masse.de\/logbuch\/2024\/02\/illegale-autorenrennen-baritone-discounter-tenoere-der-rohde\/#breadcrumb","itemListElement":[{"@type":"ListItem","position":1,"name":"Startseite","item":"https:\/\/www.kritische-masse.de\/logbuch\/"},{"@type":"ListItem","position":2,"name":"Illegale Autorenrennen \/ Baritone &#038; Discounter(-Ten\u00f6re) \/ Der Rohde"}]},{"@type":"WebSite","@id":"https:\/\/www.kritische-masse.de\/logbuch\/#website","url":"https:\/\/www.kritische-masse.de\/logbuch\/","name":"kritische masse","description":"amt f\u00fcr vermassungsschutz","publisher":{"@id":"https:\/\/www.kritische-masse.de\/logbuch\/#\/schema\/person\/14c491f46504e7f6b79db161f76def1c"},"alternateName":"das logbuch der kritischen masse","potentialAction":[{"@type":"SearchAction","target":{"@type":"EntryPoint","urlTemplate":"https:\/\/www.kritische-masse.de\/logbuch\/?s={search_term_string}"},"query-input":{"@type":"PropertyValueSpecification","valueRequired":true,"valueName":"search_term_string"}}],"inLanguage":"de"},{"@type":["Person","Organization"],"@id":"https:\/\/www.kritische-masse.de\/logbuch\/#\/schema\/person\/14c491f46504e7f6b79db161f76def1c","name":"der huflaikhan","image":{"@type":"ImageObject","inLanguage":"de","@id":"https:\/\/www.kritische-masse.de\/logbuch\/wp-content\/uploads\/2024\/01\/cropped-kritischmasse_man_512.jpg","url":"https:\/\/www.kritische-masse.de\/logbuch\/wp-content\/uploads\/2024\/01\/cropped-kritischmasse_man_512.jpg","contentUrl":"https:\/\/www.kritische-masse.de\/logbuch\/wp-content\/uploads\/2024\/01\/cropped-kritischmasse_man_512.jpg","width":512,"height":512,"caption":"der huflaikhan"},"logo":{"@id":"https:\/\/www.kritische-masse.de\/logbuch\/wp-content\/uploads\/2024\/01\/cropped-kritischmasse_man_512.jpg"},"description":"Betreiber der Kritischen Masse seit 1995. Seit 2023 Wiederaufnahme. Promotion mit einer Arbeit \u00fcber Adornos kompositorische und theoretische Auseinandersetzung mit der Zw\u00f6lftontechnik. Arbeit f\u00fcr den Bayerischen und den Mitteldeutschen Rundfunk als freier Autor und Regisseur \u2013 zumindest bis Ende 2015. Online-Redaktion f\u00fcr neue musikzeitung, Jazzzeitung und Oper &amp; Tanz. Ungl\u00fccklich, aber fast taub.","sameAs":["https:\/\/www.kritische-masse.de\/logbuch\/","https:\/\/www.facebook.com\/hufner"],"url":"https:\/\/www.kritische-masse.de\/logbuch\/author\/martin_d1juqiu5\/"}]}},"jetpack_publicize_connections":[],"jetpack_featured_media_url":"https:\/\/i0.wp.com\/www.kritische-masse.de\/logbuch\/wp-content\/uploads\/2024\/02\/02_24_kraehe.jpg?fit=1008%2C1008&ssl=1","categories_names":["Angriff auf \u2026","den Rundfunk","die Kultur","Ich","Privates"],"post_class":[["post-9278","post","type-post","status-publish","format-standard","has-post-thumbnail","hentry","category-angriffauf","category-denrundfunk","category-die-kultur","category-ich","category-privates","tag-gerhard-rohde","tag-gurdjieff","tag-hoerbar","tag-neue-klassik","tag-radio3","tag-rbbkultur","tag-arnolcker","tag-badblog","tag-conbrio","tag-gesellschaft","tag-kultur","tag-kulturradio","tag-leben","tag-oeffentlich-rechtlicher-rundfunk","tag-politik","tag-rundfunk","entry","has-media"]],"author_avatar":["<img alt='' src='https:\/\/secure.gravatar.com\/avatar\/c23aee426d58e69f14ef471114d4cac215eec702ee1bc331e2a62ea77e96ed60?s=96&#038;d=blank&#038;r=g' srcset='https:\/\/secure.gravatar.com\/avatar\/c23aee426d58e69f14ef471114d4cac215eec702ee1bc331e2a62ea77e96ed60?s=192&#038;d=blank&#038;r=g 2x' class='avatar avatar-96 photo' height='96' width='96' loading='lazy' decoding='async'\/>"],"featured_video":null,"jetpack-related-posts":[{"id":9261,"url":"https:\/\/www.kritische-masse.de\/logbuch\/2024\/02\/der-frosch-die-erdkroete-und-das-kulturradio\/","url_meta":{"origin":9278,"position":0},"title":"Der Frosch, die Erdkr\u00f6te und das Kulturradio","author":"der huflaikhan","date":"20. Februar 2024","format":false,"excerpt":"Der Frosch ist eine Erdkr\u00f6te \u2026 und was uns das \u00fcber die Kommunikationskultur sagen kann +++ Das Kulturradio, seine Abwirtschaftung \u2026 und warum ChatGPT gar nicht so dumm ist wie die Intendanzen der Rundfunkanstalten und deren Berater:innen +++","rel":"","context":"In &quot;die Kommunikation&quot;","block_context":{"text":"die Kommunikation","link":"https:\/\/www.kritische-masse.de\/logbuch\/category\/angriffauf\/die-kommunikation\/"},"img":{"alt_text":"Der Frosch, der eine Erdkr\u00f6te ist. Foto: Hufner","src":"https:\/\/i0.wp.com\/www.kritische-masse.de\/logbuch\/wp-content\/uploads\/2024\/02\/IMG_5760-scaled.jpg?fit=1200%2C900&ssl=1&resize=350%2C200","width":350,"height":200,"srcset":"https:\/\/i0.wp.com\/www.kritische-masse.de\/logbuch\/wp-content\/uploads\/2024\/02\/IMG_5760-scaled.jpg?fit=1200%2C900&ssl=1&resize=350%2C200 1x, https:\/\/i0.wp.com\/www.kritische-masse.de\/logbuch\/wp-content\/uploads\/2024\/02\/IMG_5760-scaled.jpg?fit=1200%2C900&ssl=1&resize=525%2C300 1.5x, https:\/\/i0.wp.com\/www.kritische-masse.de\/logbuch\/wp-content\/uploads\/2024\/02\/IMG_5760-scaled.jpg?fit=1200%2C900&ssl=1&resize=700%2C400 2x, https:\/\/i0.wp.com\/www.kritische-masse.de\/logbuch\/wp-content\/uploads\/2024\/02\/IMG_5760-scaled.jpg?fit=1200%2C900&ssl=1&resize=1050%2C600 3x"},"classes":[]},{"id":9514,"url":"https:\/\/www.kritische-masse.de\/logbuch\/2024\/04\/der-kulturfunk-graebt-den-schacht-von-babel-schleichender-tod-beim-rbb\/","url_meta":{"origin":9278,"position":1},"title":"Der Kulturfunk gr\u00e4bt den Schacht von Babel \/ Schleichender Tod beim r[bb]","author":"der huflaikhan","date":"3. April 2024","format":false,"excerpt":"Der Kulturfunk meditiert +++ Das Automobil mit fossiler Energie schon 1973 ein Fluch, findet W. H. Auden +++ Kafka gr\u00e4bt den Schacht von Babel +++ Der Kulturfunk verabschiedet sich aus dem Radio +++","rel":"","context":"In &quot;Angriff auf \u2026&quot;","block_context":{"text":"Angriff auf \u2026","link":"https:\/\/www.kritische-masse.de\/logbuch\/category\/angriffauf\/"},"img":{"alt_text":"04 02 Wir graben den Schacht von Babel. Kafka","src":"https:\/\/i0.wp.com\/www.kritische-masse.de\/logbuch\/wp-content\/uploads\/2024\/04\/04_02-Wir-graben-den-Schacht-von-Babel.-Kafka.jpg?fit=1200%2C900&ssl=1&resize=350%2C200","width":350,"height":200,"srcset":"https:\/\/i0.wp.com\/www.kritische-masse.de\/logbuch\/wp-content\/uploads\/2024\/04\/04_02-Wir-graben-den-Schacht-von-Babel.-Kafka.jpg?fit=1200%2C900&ssl=1&resize=350%2C200 1x, https:\/\/i0.wp.com\/www.kritische-masse.de\/logbuch\/wp-content\/uploads\/2024\/04\/04_02-Wir-graben-den-Schacht-von-Babel.-Kafka.jpg?fit=1200%2C900&ssl=1&resize=525%2C300 1.5x, https:\/\/i0.wp.com\/www.kritische-masse.de\/logbuch\/wp-content\/uploads\/2024\/04\/04_02-Wir-graben-den-Schacht-von-Babel.-Kafka.jpg?fit=1200%2C900&ssl=1&resize=700%2C400 2x, https:\/\/i0.wp.com\/www.kritische-masse.de\/logbuch\/wp-content\/uploads\/2024\/04\/04_02-Wir-graben-den-Schacht-von-Babel.-Kafka.jpg?fit=1200%2C900&ssl=1&resize=1050%2C600 3x"},"classes":[]},{"id":9209,"url":"https:\/\/www.kritische-masse.de\/logbuch\/2024\/02\/kulturradio-rahmenbruch-gefahr-willkommen-in-der-grauzone\/","url_meta":{"origin":9278,"position":2},"title":"Kulturradio \/ Rahmenbruch-Gefahr? \/ Willkommen in der Grauzone","author":"der huflaikhan","date":"16. Februar 2024","format":false,"excerpt":"+++ Rahmenbruchgefahr (Babboe) +++ Musikh\u00f6ren (Yoran) +++ \u00dcber Verf\u00fchrbarkeit (Altpapier) +++ Kulturradio (L\u00fccker) +++ 16. Februar (Wikipedia) +++ Weiter\u00fcben (Ich) +++ Grauzonenanalyse mit Mathis Ubben +++","rel":"","context":"In &quot;Angriff auf \u2026&quot;","block_context":{"text":"Angriff auf \u2026","link":"https:\/\/www.kritische-masse.de\/logbuch\/category\/angriffauf\/"},"img":{"alt_text":"Fund in Brandenburg. Foto: Hufner","src":"https:\/\/i0.wp.com\/www.kritische-masse.de\/logbuch\/wp-content\/uploads\/2024\/02\/02_16_fund.jpg?fit=960%2C960&ssl=1&resize=350%2C200","width":350,"height":200,"srcset":"https:\/\/i0.wp.com\/www.kritische-masse.de\/logbuch\/wp-content\/uploads\/2024\/02\/02_16_fund.jpg?fit=960%2C960&ssl=1&resize=350%2C200 1x, https:\/\/i0.wp.com\/www.kritische-masse.de\/logbuch\/wp-content\/uploads\/2024\/02\/02_16_fund.jpg?fit=960%2C960&ssl=1&resize=525%2C300 1.5x, https:\/\/i0.wp.com\/www.kritische-masse.de\/logbuch\/wp-content\/uploads\/2024\/02\/02_16_fund.jpg?fit=960%2C960&ssl=1&resize=700%2C400 2x"},"classes":[]},{"id":9174,"url":"https:\/\/www.kritische-masse.de\/logbuch\/2024\/02\/das-stille-paradox-vergessenwerdenwollen-tschuess-durchhoerbarkeit\/","url_meta":{"origin":9278,"position":3},"title":"Das Stille-Paradox \/ Vergessenwerdenwollen \/ Tsch\u00fcss Durchh\u00f6rbarkeit","author":"der huflaikhan","date":"15. Februar 2024","format":false,"excerpt":"Wenn Musik erklingt, ist Stille das, was man nicht h\u00f6rt. Wenn keine Musik erklingt, ist Stille das, was man h\u00f6rt. Paradox! Albrecht Selges neues Buch Silence ist bei rowohlt erschienen. F\u00fcr das Van Magazin hat er eine Playlist ganz ohne 4'33\" erstellt. Das hat wiederum mich daran erinnert, dass ich\u2026","rel":"","context":"In &quot;\u00c4sthetische Kunstfehler&quot;","block_context":{"text":"\u00c4sthetische Kunstfehler","link":"https:\/\/www.kritische-masse.de\/logbuch\/category\/aesthetische_kunstfehler\/"},"img":{"alt_text":"02 15 ordnung im urlaub","src":"https:\/\/i0.wp.com\/www.kritische-masse.de\/logbuch\/wp-content\/uploads\/2024\/02\/02_15_ordnung_im_urlaub.jpg?fit=1200%2C696&ssl=1&resize=350%2C200","width":350,"height":200,"srcset":"https:\/\/i0.wp.com\/www.kritische-masse.de\/logbuch\/wp-content\/uploads\/2024\/02\/02_15_ordnung_im_urlaub.jpg?fit=1200%2C696&ssl=1&resize=350%2C200 1x, https:\/\/i0.wp.com\/www.kritische-masse.de\/logbuch\/wp-content\/uploads\/2024\/02\/02_15_ordnung_im_urlaub.jpg?fit=1200%2C696&ssl=1&resize=525%2C300 1.5x, https:\/\/i0.wp.com\/www.kritische-masse.de\/logbuch\/wp-content\/uploads\/2024\/02\/02_15_ordnung_im_urlaub.jpg?fit=1200%2C696&ssl=1&resize=700%2C400 2x, https:\/\/i0.wp.com\/www.kritische-masse.de\/logbuch\/wp-content\/uploads\/2024\/02\/02_15_ordnung_im_urlaub.jpg?fit=1200%2C696&ssl=1&resize=1050%2C600 3x"},"classes":[]},{"id":9487,"url":"https:\/\/www.kritische-masse.de\/logbuch\/2024\/03\/vom-verschwinden-das-radio-vernagelt-sich-selbst\/","url_meta":{"origin":9278,"position":4},"title":"Vom Verschwinden \/ Das Radio vernagelt sich selbst","author":"der huflaikhan","date":"27. M\u00e4rz 2024","format":false,"excerpt":"Es verschwindet immer wieder vor allem auch das Falsche. Warum verschwinden dagegen nicht die Sorgen. Warum bleibt die Wut und die Verzweiflung? +++ Kulturfunk-Abbau statt Auferstehung und Zuversicht +++","rel":"","context":"In &quot;Angriff auf \u2026&quot;","block_context":{"text":"Angriff auf \u2026","link":"https:\/\/www.kritische-masse.de\/logbuch\/category\/angriffauf\/"},"img":{"alt_text":"03 27 Auf den Schenkenhorster Rieselfeldern. Foto \u00a9 MH","src":"https:\/\/i0.wp.com\/www.kritische-masse.de\/logbuch\/wp-content\/uploads\/2024\/03\/03_27_Auf-den-Schenkenhorster-Rieselfeldern.-Foto-%C2%A9-MH-scaled.jpg?fit=1200%2C900&ssl=1&resize=350%2C200","width":350,"height":200,"srcset":"https:\/\/i0.wp.com\/www.kritische-masse.de\/logbuch\/wp-content\/uploads\/2024\/03\/03_27_Auf-den-Schenkenhorster-Rieselfeldern.-Foto-%C2%A9-MH-scaled.jpg?fit=1200%2C900&ssl=1&resize=350%2C200 1x, https:\/\/i0.wp.com\/www.kritische-masse.de\/logbuch\/wp-content\/uploads\/2024\/03\/03_27_Auf-den-Schenkenhorster-Rieselfeldern.-Foto-%C2%A9-MH-scaled.jpg?fit=1200%2C900&ssl=1&resize=525%2C300 1.5x, https:\/\/i0.wp.com\/www.kritische-masse.de\/logbuch\/wp-content\/uploads\/2024\/03\/03_27_Auf-den-Schenkenhorster-Rieselfeldern.-Foto-%C2%A9-MH-scaled.jpg?fit=1200%2C900&ssl=1&resize=700%2C400 2x, https:\/\/i0.wp.com\/www.kritische-masse.de\/logbuch\/wp-content\/uploads\/2024\/03\/03_27_Auf-den-Schenkenhorster-Rieselfeldern.-Foto-%C2%A9-MH-scaled.jpg?fit=1200%2C900&ssl=1&resize=1050%2C600 3x"},"classes":[]},{"id":1789,"url":"https:\/\/www.kritische-masse.de\/logbuch\/2006\/06\/rbb-kulturradio-das-ganze-werk\/","url_meta":{"origin":9278,"position":5},"title":"rbb kulturradio &#8211; Das GANZE Werk","author":"huflaikhan","date":"25. Juni 2006","format":false,"excerpt":"Auch Berlin-Brandenburg hat jetzt eine Initiative: Das GANZE Werk gibts auch dort. Aber so ganz gl\u00fccklich macht mich das nicht. Ich war bei der Podiumsveranstaltung mit dabei. Sicher, es war alles sehr freundlich, aber die Argumente wurden doch einigerma\u00dfen unsauber. Herr Trojahn vom Deutschen Komponistenverband beklagte, dass junge Komponisten kaum\u2026","rel":"","context":"Mit 22 Kommentaren","block_context":{"text":"Mit 22 Kommentaren","link":"https:\/\/www.kritische-masse.de\/logbuch\/2006\/06\/rbb-kulturradio-das-ganze-werk\/#comments"},"img":{"alt_text":"","src":"","width":0,"height":0},"classes":[]}],"jetpack_sharing_enabled":true,"public_identification_id":"629819b13aa24ae7a710ddbfaed0b714","private_identification_id":"d4af7e2e907b41a083251362f5834eb3","_links":{"self":[{"href":"https:\/\/www.kritische-masse.de\/logbuch\/wp-json\/wp\/v2\/posts\/9278","targetHints":{"allow":["GET"]}}],"collection":[{"href":"https:\/\/www.kritische-masse.de\/logbuch\/wp-json\/wp\/v2\/posts"}],"about":[{"href":"https:\/\/www.kritische-masse.de\/logbuch\/wp-json\/wp\/v2\/types\/post"}],"author":[{"embeddable":true,"href":"https:\/\/www.kritische-masse.de\/logbuch\/wp-json\/wp\/v2\/users\/1"}],"replies":[{"embeddable":true,"href":"https:\/\/www.kritische-masse.de\/logbuch\/wp-json\/wp\/v2\/comments?post=9278"}],"version-history":[{"count":0,"href":"https:\/\/www.kritische-masse.de\/logbuch\/wp-json\/wp\/v2\/posts\/9278\/revisions"}],"wp:featuredmedia":[{"embeddable":true,"href":"https:\/\/www.kritische-masse.de\/logbuch\/wp-json\/wp\/v2\/media\/9287"}],"wp:attachment":[{"href":"https:\/\/www.kritische-masse.de\/logbuch\/wp-json\/wp\/v2\/media?parent=9278"}],"wp:term":[{"taxonomy":"category","embeddable":true,"href":"https:\/\/www.kritische-masse.de\/logbuch\/wp-json\/wp\/v2\/categories?post=9278"},{"taxonomy":"post_tag","embeddable":true,"href":"https:\/\/www.kritische-masse.de\/logbuch\/wp-json\/wp\/v2\/tags?post=9278"}],"curies":[{"name":"wp","href":"https:\/\/api.w.org\/{rel}","templated":true}]}}