{"id":9305,"date":"2024-02-28T12:00:31","date_gmt":"2024-02-28T11:00:31","guid":{"rendered":"https:\/\/www.kritische-masse.de\/logbuch\/?p=9305"},"modified":"2024-02-28T12:19:56","modified_gmt":"2024-02-28T11:19:56","slug":"swr2-wird-zu-swr-kultur-ketchup-statt-adorno-spaetwerk-laengst-vollendet","status":"publish","type":"post","link":"https:\/\/www.kritische-masse.de\/logbuch\/2024\/02\/swr2-wird-zu-swr-kultur-ketchup-statt-adorno-spaetwerk-laengst-vollendet\/","title":{"rendered":"SWR2 wird zu SWR Kultur \/ Ketchup statt Adorno \/ Sp\u00e4twerk l\u00e4ngst vollendet"},"content":{"rendered":"<div class=\"shariff shariff-align-left shariff-widget-align-left\"><ul class=\"shariff-buttons theme-white orientation-horizontal buttonsize-small\"><li class=\"shariff-button mastodon shariff-nocustomcolor\" style=\"background-color:#563ACC\"><a href=\"https:\/\/s2f.kytta.dev\/?text=SWR2%20wird%20zu%20SWR%20Kultur%20%2F%20Ketchup%20statt%20Adorno%20%2F%20Sp%C3%A4twerk%20l%C3%A4ngst%20vollendet https%3A%2F%2Fwww.kritische-masse.de%2Flogbuch%2F2024%2F02%2Fswr2-wird-zu-swr-kultur-ketchup-statt-adorno-spaetwerk-laengst-vollendet%2F\" title=\"Bei Mastodon teilen\" aria-label=\"Bei Mastodon teilen\" role=\"button\" rel=\"noopener nofollow\" class=\"shariff-link\" style=\"; background-color:#6364FF; color:#6364FF\" target=\"_blank\"><span class=\"shariff-icon\" style=\"fill:#6364FF\"><svg width=\"75\" height=\"79\" viewBox=\"0 0 75 79\" fill=\"none\" xmlns=\"http:\/\/www.w3.org\/2000\/svg\"><path d=\"M37.813-.025C32.462-.058 27.114.13 21.79.598c-8.544.621-17.214 5.58-20.203 13.931C-1.12 23.318.408 32.622.465 41.65c.375 7.316.943 14.78 3.392 21.73 4.365 9.465 14.781 14.537 24.782 15.385 7.64.698 15.761-.213 22.517-4.026a54.1 54.1 0 0 0 .01-6.232c-6.855 1.316-14.101 2.609-21.049 1.074-3.883-.88-6.876-4.237-7.25-8.215-1.53-3.988 3.78-.43 5.584-.883 9.048 1.224 18.282.776 27.303-.462 7.044-.837 14.26-4.788 16.65-11.833 2.263-6.135 1.215-12.79 1.698-19.177.06-3.84.09-7.692-.262-11.52C72.596 7.844 63.223.981 53.834.684a219.453 219.453 0 0 0-16.022-.71zm11.294 12.882c5.5-.067 10.801 4.143 11.67 9.653.338 1.48.471 3 .471 4.515v21.088h-8.357c-.07-7.588.153-15.182-.131-22.765-.587-4.368-7.04-5.747-9.672-2.397-2.422 3.04-1.47 7.155-1.67 10.735v6.392h-8.307c-.146-4.996.359-10.045-.404-15.002-1.108-4.218-7.809-5.565-10.094-1.666-1.685 3.046-.712 6.634-.976 9.936v14.767h-8.354c.109-8.165-.238-16.344.215-24.5.674-5.346 5.095-10.389 10.676-10.627 4.902-.739 10.103 2.038 12.053 6.631.375 1.435 1.76 1.932 1.994.084 1.844-3.704 5.501-6.739 9.785-6.771.367-.044.735-.068 1.101-.073z\"\/><defs><linearGradient id=\"paint0_linear_549_34\" x1=\"37.0692\" y1=\"0\" x2=\"37.0692\" y2=\"79\" gradientUnits=\"userSpaceOnUse\"><stop stop-color=\"#6364FF\"\/><stop offset=\"1\" stop-color=\"#563ACC\"\/><\/linearGradient><\/defs><\/svg><\/span><span class=\"shariff-text\" style=\"color:#6364FF\">teilen<\/span>&nbsp;<\/a><\/li><li class=\"shariff-button bluesky shariff-nocustomcolor\" style=\"background-color:#84c4ff\"><a href=\"https:\/\/bsky.app\/intent\/compose?text=SWR2%20wird%20zu%20SWR%20Kultur%20%2F%20Ketchup%20statt%20Adorno%20%2F%20Sp%C3%A4twerk%20l%C3%A4ngst%20vollendet https%3A%2F%2Fwww.kritische-masse.de%2Flogbuch%2F2024%2F02%2Fswr2-wird-zu-swr-kultur-ketchup-statt-adorno-spaetwerk-laengst-vollendet%2F \" title=\"Bei Bluesky teilen\" aria-label=\"Bei Bluesky teilen\" role=\"button\" rel=\"noopener nofollow\" class=\"shariff-link\" style=\"; background-color:#0085ff; color:#0085ff\" target=\"_blank\"><span class=\"shariff-icon\" style=\"fill:#0085ff\"><svg width=\"20\" height=\"20\" version=\"1.1\" xmlns=\"http:\/\/www.w3.org\/2000\/svg\" viewBox=\"0 0 20 20\"><path class=\"st0\" d=\"M4.89,3.12c2.07,1.55,4.3,4.71,5.11,6.4.82-1.69,3.04-4.84,5.11-6.4,1.49-1.12,3.91-1.99,3.91.77,0,.55-.32,4.63-.5,5.3-.64,2.3-2.99,2.89-5.08,2.54,3.65.62,4.58,2.68,2.57,4.74-3.81,3.91-5.48-.98-5.9-2.23-.08-.23-.11-.34-.12-.25,0-.09-.04.02-.12.25-.43,1.25-2.09,6.14-5.9,2.23-2.01-2.06-1.08-4.12,2.57-4.74-2.09.36-4.44-.23-5.08-2.54-.19-.66-.5-4.74-.5-5.3,0-2.76,2.42-1.89,3.91-.77h0Z\"\/><\/svg><\/span><span class=\"shariff-text\" style=\"color:#0085ff\">teilen<\/span>&nbsp;<\/a><\/li><li class=\"shariff-button threema shariff-nocustomcolor shariff-mobile\" style=\"background-color:#4fbc24\"><a href=\"threema:\/\/compose?text=SWR2%20wird%20zu%20SWR%20Kultur%20%2F%20Ketchup%20statt%20Adorno%20%2F%20Sp%C3%A4twerk%20l%C3%A4ngst%20vollendet%20https%3A%2F%2Fwww.kritische-masse.de%2Flogbuch%2F2024%2F02%2Fswr2-wird-zu-swr-kultur-ketchup-statt-adorno-spaetwerk-laengst-vollendet%2F\" title=\"Bei Threema teilen\" aria-label=\"Bei Threema teilen\" role=\"button\" rel=\"noopener nofollow\" class=\"shariff-link\" style=\"; background-color:#1f1f1f; color:#1f1f1f\" target=\"_blank\"><span class=\"shariff-icon\" style=\"fill:#1f1f1f\"><svg width=\"32px\" height=\"20px\" xmlns=\"http:\/\/www.w3.org\/2000\/svg\" viewBox=\"0 0 32 32\"><path fill=\"#1f1f1f\" d=\"M30.8 10.9c-0.3-1.4-0.9-2.6-1.8-3.8-2-2.6-5.5-4.5-9.4-5.2-1.3-0.2-1.9-0.3-3.5-0.3s-2.2 0-3.5 0.3c-4 0.7-7.4 2.6-9.4 5.2-0.9 1.2-1.5 2.4-1.8 3.8-0.1 0.5-0.2 1.2-0.2 1.6 0 0.4 0.1 1.1 0.2 1.6 0.4 1.9 1.3 3.4 2.9 5 0.8 0.8 0.8 0.8 0.7 1.3 0 0.6-0.5 1.6-1.7 3.6-0.3 0.5-0.5 0.9-0.5 0.9 0 0.1 0.1 0.1 0.5 0 0.8-0.2 2.3-0.6 5.6-1.6 1.1-0.3 1.3-0.4 2.3-0.4 0.8 0 1.1 0 2.3 0.2 1.5 0.2 3.5 0.2 4.9 0 5.1-0.6 9.3-2.9 11.4-6.3 0.5-0.9 0.9-1.8 1.1-2.8 0.1-0.5 0.2-1.1 0.2-1.6 0-0.7-0.1-1.1-0.2-1.6-0.3-1.4 0.1 0.5 0 0zM20.6 17.3c0 0.4-0.4 0.8-0.8 0.8h-7.7c-0.4 0-0.8-0.4-0.8-0.8v-4.6c0-0.4 0.4-0.8 0.8-0.8h0.2l0-1.6c0-0.9 0-1.8 0.1-2 0.1-0.6 0.6-1.2 1.1-1.7s1.1-0.7 1.9-0.8c1.8-0.3 3.7 0.7 4.2 2.2 0.1 0.3 0.1 0.7 0.1 2.1v0 1.7h0.1c0.4 0 0.8 0.4 0.8 0.8v4.6zM15.6 7.3c-0.5 0.1-0.8 0.3-1.2 0.6s-0.6 0.8-0.7 1.3c0 0.2 0 0.8 0 1.5l0 1.2h4.6v-1.3c0-1 0-1.4-0.1-1.6-0.3-1.1-1.5-1.9-2.6-1.7zM25.8 28.2c0 1.2-1 2.2-2.1 2.2s-2.1-1-2.1-2.1c0-1.2 1-2.1 2.2-2.1s2.2 1 2.2 2.2zM18.1 28.2c0 1.2-1 2.2-2.1 2.2s-2.1-1-2.1-2.1c0-1.2 1-2.1 2.2-2.1s2.2 1 2.2 2.2zM10.4 28.2c0 1.2-1 2.2-2.1 2.2s-2.1-1-2.1-2.1c0-1.2 1-2.1 2.2-2.1s2.2 1 2.2 2.2z\"\/><\/svg><\/span><span class=\"shariff-text\" style=\"color:#1f1f1f\">teilen<\/span>&nbsp;<\/a><\/li><li class=\"shariff-button facebook shariff-nocustomcolor\" style=\"background-color:#4273c8\"><a href=\"https:\/\/www.facebook.com\/sharer\/sharer.php?u=https%3A%2F%2Fwww.kritische-masse.de%2Flogbuch%2F2024%2F02%2Fswr2-wird-zu-swr-kultur-ketchup-statt-adorno-spaetwerk-laengst-vollendet%2F\" title=\"Bei Facebook teilen\" aria-label=\"Bei Facebook teilen\" role=\"button\" rel=\"nofollow\" class=\"shariff-link\" style=\"; background-color:#3b5998; color:#3b5998\" target=\"_blank\"><span class=\"shariff-icon\" style=\"fill:#3b5998\"><svg width=\"32px\" height=\"20px\" xmlns=\"http:\/\/www.w3.org\/2000\/svg\" viewBox=\"0 0 18 32\"><path fill=\"#3b5998\" d=\"M17.1 0.2v4.7h-2.8q-1.5 0-2.1 0.6t-0.5 1.9v3.4h5.2l-0.7 5.3h-4.5v13.6h-5.5v-13.6h-4.5v-5.3h4.5v-3.9q0-3.3 1.9-5.2t5-1.8q2.6 0 4.1 0.2z\"\/><\/svg><\/span><span class=\"shariff-text\" style=\"color:#3b5998\">teilen<\/span>&nbsp;<\/a><\/li><li class=\"shariff-button info shariff-nocustomcolor\" style=\"background-color:#a8a8a8\"><a href=\"http:\/\/ct.de\/-2467514\" title=\"Weitere Informationen\" aria-label=\"Weitere Informationen\" role=\"button\" rel=\"noopener \" class=\"shariff-link\" style=\"; background-color:#999; color:#999\" target=\"_blank\"><span class=\"shariff-icon\" style=\"fill:#999\"><svg width=\"32px\" height=\"20px\" xmlns=\"http:\/\/www.w3.org\/2000\/svg\" viewBox=\"0 0 11 32\"><path fill=\"#999\" d=\"M11.4 24v2.3q0 0.5-0.3 0.8t-0.8 0.4h-9.1q-0.5 0-0.8-0.4t-0.4-0.8v-2.3q0-0.5 0.4-0.8t0.8-0.4h1.1v-6.8h-1.1q-0.5 0-0.8-0.4t-0.4-0.8v-2.3q0-0.5 0.4-0.8t0.8-0.4h6.8q0.5 0 0.8 0.4t0.4 0.8v10.3h1.1q0.5 0 0.8 0.4t0.3 0.8zM9.2 3.4v3.4q0 0.5-0.4 0.8t-0.8 0.4h-4.6q-0.4 0-0.8-0.4t-0.4-0.8v-3.4q0-0.4 0.4-0.8t0.8-0.4h4.6q0.5 0 0.8 0.4t0.4 0.8z\"\/><\/svg><\/span><\/a><\/li><\/ul><\/div><div id=\"ez-toc-container\" class=\"ez-toc-v2_0_82_2 ez-toc-wrap-center counter-hierarchy ez-toc-counter ez-toc-light-blue ez-toc-container-direction\">\n<div class=\"ez-toc-title-container\">\n<p class=\"ez-toc-title\" style=\"cursor:inherit\">Inhalt<\/p>\n<span class=\"ez-toc-title-toggle\"><a href=\"#\" class=\"ez-toc-pull-right ez-toc-btn ez-toc-btn-xs ez-toc-btn-default ez-toc-toggle\" aria-label=\"Toggle Table of Content\"><span class=\"ez-toc-js-icon-con\"><span class=\"\"><span class=\"eztoc-hide\" style=\"display:none;\">Toggle<\/span><span class=\"ez-toc-icon-toggle-span\"><svg style=\"fill: #999;color:#999\" xmlns=\"http:\/\/www.w3.org\/2000\/svg\" class=\"list-377408\" width=\"20px\" height=\"20px\" viewBox=\"0 0 24 24\" fill=\"none\"><path d=\"M6 6H4v2h2V6zm14 0H8v2h12V6zM4 11h2v2H4v-2zm16 0H8v2h12v-2zM4 16h2v2H4v-2zm16 0H8v2h12v-2z\" fill=\"currentColor\"><\/path><\/svg><svg style=\"fill: #999;color:#999\" class=\"arrow-unsorted-368013\" xmlns=\"http:\/\/www.w3.org\/2000\/svg\" width=\"10px\" height=\"10px\" viewBox=\"0 0 24 24\" version=\"1.2\" baseProfile=\"tiny\"><path d=\"M18.2 9.3l-6.2-6.3-6.2 6.3c-.2.2-.3.4-.3.7s.1.5.3.7c.2.2.4.3.7.3h11c.3 0 .5-.1.7-.3.2-.2.3-.5.3-.7s-.1-.5-.3-.7zM5.8 14.7l6.2 6.3 6.2-6.3c.2-.2.3-.5.3-.7s-.1-.5-.3-.7c-.2-.2-.4-.3-.7-.3h-11c-.3 0-.5.1-.7.3-.2.2-.3.5-.3.7s.1.5.3.7z\"\/><\/svg><\/span><\/span><\/span><\/a><\/span><\/div>\n<nav><ul class='ez-toc-list ez-toc-list-level-1 ' ><li class='ez-toc-page-1 ez-toc-heading-level-3'><a class=\"ez-toc-link ez-toc-heading-1\" href=\"https:\/\/www.kritische-masse.de\/logbuch\/2024\/02\/swr2-wird-zu-swr-kultur-ketchup-statt-adorno-spaetwerk-laengst-vollendet\/#Radau_im_Radio\" >Radau im Radio<\/a><\/li><li class='ez-toc-page-1 ez-toc-heading-level-3'><a class=\"ez-toc-link ez-toc-heading-2\" href=\"https:\/\/www.kritische-masse.de\/logbuch\/2024\/02\/swr2-wird-zu-swr-kultur-ketchup-statt-adorno-spaetwerk-laengst-vollendet\/#Der_angehimmelte_Dirigent\" >Der angehimmelte Dirigent<\/a><\/li><li class='ez-toc-page-1 ez-toc-heading-level-3'><a class=\"ez-toc-link ez-toc-heading-3\" href=\"https:\/\/www.kritische-masse.de\/logbuch\/2024\/02\/swr2-wird-zu-swr-kultur-ketchup-statt-adorno-spaetwerk-laengst-vollendet\/#Bayern_treckert_die_Grundschueler_innen\" >Bayern treckert die Grundsch\u00fcler:innen<\/a><\/li><li class='ez-toc-page-1 ez-toc-heading-level-3'><a class=\"ez-toc-link ez-toc-heading-4\" href=\"https:\/\/www.kritische-masse.de\/logbuch\/2024\/02\/swr2-wird-zu-swr-kultur-ketchup-statt-adorno-spaetwerk-laengst-vollendet\/#Selbsterwaehnung\" >Selbsterw\u00e4hnung<\/a><\/li><li class='ez-toc-page-1 ez-toc-heading-level-3'><a class=\"ez-toc-link ez-toc-heading-5\" href=\"https:\/\/www.kritische-masse.de\/logbuch\/2024\/02\/swr2-wird-zu-swr-kultur-ketchup-statt-adorno-spaetwerk-laengst-vollendet\/#Damals\" >Damals<\/a><\/li><\/ul><\/nav><\/div>\n<h3><span class=\"ez-toc-section\" id=\"Radau_im_Radio\"><\/span>Radau im Radio<span class=\"ez-toc-section-end\"><\/span><\/h3>\n<p>Der Umbau im Radio ist im vollen Gange. Interessant das PS einer Mail aus dem SWR. Man erf\u00e4hrt so nebenbei, dass der Wellenname ge\u00e4ndert wird und dass das ab 15. April mit Programm\u00e4nderungen einhergehen werde. Welche das sind?<\/p>\n<blockquote><p>P.S.: Bitte nehmen Sie zur Kenntnis, dass ab dem 15. April eine Programmumstellung von SWR2 zu SWR Kultur stattfinden wird und dieser Prozess mit Programm\u00e4nderungen einhergehen kann.<\/p><\/blockquote>\n<p>Alles nicht so wichtig. Das heitere Umbenamsen verdeckt genau was? Das die Programm\u00e4nderungen massiv sind.<\/p>\n<p>Mich beschleicht der Verdacht, dass in der ARD der <strong>Begriff &#8220;Kultur&#8221;<\/strong> nur begrenzt h\u00e4ufig verwendet werden darf. Ab 2. April streicht rbbKultur das raus und nennt sich radio3. Also war der Begriff offenbar f\u00fcr den SWR jetzt frei. In der Summe \u00e4ndert sich also nichts.<\/p>\n<p>Absurd bleibt es gleichwohl. Erst letztes Jahr wurde aus \u201eLandesart\u201c und \u201eKunscht!\u201c \u201e<em>SWR Kultur<\/em>\u201c (<a href=\"https:\/\/www.swr.de\/swr2\/programm\/aus-landesart-und-kunscht-wird-swr-kultur-104.html\">Meldung des SWR<\/a>). Eine unsinnige Begriffskultur um den Kulturbegriff bricht sich Bahn. Irgendwie, wenn es nicht so ernst w\u00e4re, blo\u00dfe Verfassungsfolklore.<\/p>\n<h3><span class=\"ez-toc-section\" id=\"Der_angehimmelte_Dirigent\"><\/span>Der angehimmelte Dirigent<span class=\"ez-toc-section-end\"><\/span><\/h3>\n<p>Dem SWR und den Salzburger Festspielen <strong>tanzt dagegen ein Dirigent auf der Nase<\/strong> herum. Wer das mit sich machen l\u00e4sst, macht letztlich ein gef\u00e4hrliches Spielchen mit. <a href=\"https:\/\/blogs.nmz.de\/badblog\/2024\/02\/27\/currentzis-sperenzien\/\">Der Kommentar von Moritz Eggert im Bad Blog Of Musick<\/a>.<\/p>\n<h3><span class=\"ez-toc-section\" id=\"Bayern_treckert_die_Grundschueler_innen\"><\/span>Bayern treckert die Grundsch\u00fcler:innen<span class=\"ez-toc-section-end\"><\/span><\/h3>\n<p>Was auch untergeht: Schon wieder eine <strong>Schul<del>reform<\/del>quatsch in der Grundschule<\/strong> in Bayern. Weil man sich bessere PISA-Ergebnisse w\u00fcnscht, legt man Musik, Kunst und Werken in ein Fach zusammen. An sich eine gute Idee, wenn zugleich der Umfang dieses Faches verdreifacht w\u00fcrde und man bei Religion und CSU-Kunde ein sparen t\u00e4te (<a href=\"https:\/\/www.nmz.de\/bildung-praxis\/die-falsche-antwort-auf-pisa-bayern-plant-zusammenlegung-von-kreativen-faechern-der\">PM des Deutschen Musikrates<\/a>). Wer freie W\u00e4hler w\u00e4hlt, w\u00e4hlt freien Fall in Sachen schulischer Bildung.<\/p>\n<h3><span class=\"ez-toc-section\" id=\"Selbsterwaehnung\"><\/span>Selbsterw\u00e4hnung<span class=\"ez-toc-section-end\"><\/span><\/h3>\n<p>In der H\u00f6rBar ein Album, das ich anfangs ziemlich \u00fcberfl\u00fcssig fand, das dann aber beim Weiterh\u00f6ren sich sehr sch\u00f6n entfaltet hat.<\/p>\n<div class=\"oceanwp-oembed-wrap clr\">\n<blockquote class=\"wp-embedded-content\" data-secret=\"M4Q5mIo0ne\"><p><a href=\"https:\/\/hoerbar.nmz.de\/2024\/02\/ali-n-askin-up-chute\/\">Ali N. Askin \u2013 up chute<\/a><\/p><\/blockquote>\n<p><iframe loading=\"lazy\" class=\"wp-embedded-content\" sandbox=\"allow-scripts\" security=\"restricted\" style=\"position: absolute; visibility: hidden;\" title=\"&#8222;Ali N. Askin \u2013 up chute&#8220; &#8211; H\u00f6rBar der nmz\" src=\"https:\/\/hoerbar.nmz.de\/2024\/02\/ali-n-askin-up-chute\/embed\/#?secret=r2f5NLzjJW#?secret=M4Q5mIo0ne\" data-secret=\"M4Q5mIo0ne\" width=\"600\" height=\"338\" frameborder=\"0\" marginwidth=\"0\" marginheight=\"0\" scrolling=\"no\"><\/iframe><\/div>\n<h3><span class=\"ez-toc-section\" id=\"Damals\"><\/span>Damals<span class=\"ez-toc-section-end\"><\/span><\/h3>\n<p><strong>Vor drei Jahren<\/strong><\/p>\n<p>Lieber Theodor W. Adorno: Ich bitte Sie um Entschuldigung. Vor die Wahl gestellt, heute ein paar Stunden \u00fcber einen sehr tiefsinnigen Satz aus Ihrem Aufsatz &#8220;Meinung Wahn Gesellschaft&#8221; zu meditieren oder aber Ketchup selbst zu machen, habe ich mich f\u00fcr den Ketchup entschieden. Jetzt ist er fertig und ein bisschen zu scharf geworden. Letzteres nehme ich als ein Zeichen von Ihnen, verehrter Herr Adorno, wahr. Wahr bleibt Ihr Satz dennoch, aber er ist sehr bitter f\u00fcr all diejenigen, die sich in irgendeinem Widerstand w\u00e4hnen \u2013 allerdings darin ihren wahrhaft autorit\u00e4ren Charakter nur ausleben, weil sie Erkenntnissen sich verweigern, die durch wissenschaftliche Forschung im Prozess gesch\u00fcrft werden, jene hingegen sich zu Personen extremen Dogmatismus\u2018 verh\u00e4rten, so dass sie sich selbst in den Momenten, in denen sie Wahres erkennen, dieses ins Unrecht setzen. Sie entwerten ihre Erkenntnis zum Wahn.<\/p>\n<p>Ich hingegen habe heute Ketchup produziert, auch ein St\u00fcck Kultur und ein St\u00fcck Konsum zugleich.<\/p>\n<p><strong>F\u00fcr Freunde VII (1988)<\/strong><\/p>\n<p>Gestern erw\u00e4hnte ich die <a href=\"https:\/\/www.kritische-masse.de\/logbuch\/2024\/02\/opus-1-kunstfreiheit-und-demokratie-rindenwahnsinn\/\">Opusse 1<\/a>. Jetzt mein vorletztes Werk &#8220;F\u00fcr Freunde VII&#8221;. Es folgte nur noch ein Geburtstagsliedchen &#8220;Unter den Linden&#8221; und &#8220;F\u00fcr Freunde VIII&#8221; &#8211; zwei sehr kurze St\u00fccke f\u00fcrs Klavier.<\/p>\n<div data-carousel-extra='{&quot;blog_id&quot;:1,&quot;permalink&quot;:&quot;https:\/\/www.kritische-masse.de\/logbuch\/2024\/02\/swr2-wird-zu-swr-kultur-ketchup-statt-adorno-spaetwerk-laengst-vollendet\/&quot;}' id='gallery-1' class='gallery galleryid-9305 gallery-columns-2 gallery-size-large'><figure class='gallery-item'>\n\t\t\t<div class='gallery-icon portrait'>\n\t\t\t\t<a title=\"F\u00fcr Freunde VII\"  href='https:\/\/www.kritische-masse.de\/logbuch\/2024\/02\/swr2-wird-zu-swr-kultur-ketchup-statt-adorno-spaetwerk-laengst-vollendet\/fuerfreunde\/'><img loading=\"lazy\" decoding=\"async\" width=\"639\" height=\"960\" src=\"https:\/\/i0.wp.com\/www.kritische-masse.de\/logbuch\/wp-content\/uploads\/2024\/02\/fuerFreunde.jpg?fit=639%2C960&amp;ssl=1\" class=\"attachment-large size-large\" alt=\"F\u00fcr Freunde VII\" aria-describedby=\"gallery-1-9306\" srcset=\"https:\/\/i0.wp.com\/www.kritische-masse.de\/logbuch\/wp-content\/uploads\/2024\/02\/fuerFreunde.jpg?w=639&amp;ssl=1 639w, https:\/\/i0.wp.com\/www.kritische-masse.de\/logbuch\/wp-content\/uploads\/2024\/02\/fuerFreunde.jpg?resize=200%2C300&amp;ssl=1 200w\" sizes=\"auto, (max-width: 639px) 100vw, 639px\" data-attachment-id=\"9306\" data-permalink=\"https:\/\/www.kritische-masse.de\/logbuch\/2024\/02\/swr2-wird-zu-swr-kultur-ketchup-statt-adorno-spaetwerk-laengst-vollendet\/fuerfreunde\/\" data-orig-file=\"https:\/\/i0.wp.com\/www.kritische-masse.de\/logbuch\/wp-content\/uploads\/2024\/02\/fuerFreunde.jpg?fit=639%2C960&amp;ssl=1\" data-orig-size=\"639,960\" data-comments-opened=\"1\" data-image-meta=\"{&quot;aperture&quot;:&quot;0&quot;,&quot;credit&quot;:&quot;&quot;,&quot;camera&quot;:&quot;&quot;,&quot;caption&quot;:&quot;&quot;,&quot;created_timestamp&quot;:&quot;0&quot;,&quot;copyright&quot;:&quot;&quot;,&quot;focal_length&quot;:&quot;0&quot;,&quot;iso&quot;:&quot;0&quot;,&quot;shutter_speed&quot;:&quot;0&quot;,&quot;title&quot;:&quot;&quot;,&quot;orientation&quot;:&quot;0&quot;}\" data-image-title=\"F\u00fcr Freunde VII\" data-image-description=\"&lt;p&gt;F\u00fcr Freunde VII&lt;\/p&gt;\n\" data-image-caption=\"&lt;p&gt;F\u00fcr Freunde VII&lt;\/p&gt;\n\" data-large-file=\"https:\/\/i0.wp.com\/www.kritische-masse.de\/logbuch\/wp-content\/uploads\/2024\/02\/fuerFreunde.jpg?fit=639%2C960&amp;ssl=1\" \/><\/a>\n\t\t\t<\/div>\n\t\t\t\t<figcaption class='wp-caption-text gallery-caption' id='gallery-1-9306'>\n\t\t\t\tF\u00fcr Freunde VII\n\t\t\t\t<\/figcaption><\/figure><figure class='gallery-item'>\n\t\t\t<div class='gallery-icon portrait'>\n\t\t\t\t<a title=\"F\u00fcr Freunde VII\"  href='https:\/\/www.kritische-masse.de\/logbuch\/2024\/02\/swr2-wird-zu-swr-kultur-ketchup-statt-adorno-spaetwerk-laengst-vollendet\/public_domain\/'><img loading=\"lazy\" decoding=\"async\" width=\"571\" height=\"960\" src=\"https:\/\/i0.wp.com\/www.kritische-masse.de\/logbuch\/wp-content\/uploads\/2024\/02\/public_domain.jpg?fit=571%2C960&amp;ssl=1\" class=\"attachment-large size-large\" alt=\"F\u00fcr Freunde VII\" aria-describedby=\"gallery-1-9307\" srcset=\"https:\/\/i0.wp.com\/www.kritische-masse.de\/logbuch\/wp-content\/uploads\/2024\/02\/public_domain.jpg?w=571&amp;ssl=1 571w, https:\/\/i0.wp.com\/www.kritische-masse.de\/logbuch\/wp-content\/uploads\/2024\/02\/public_domain.jpg?resize=178%2C300&amp;ssl=1 178w\" sizes=\"auto, (max-width: 571px) 100vw, 571px\" data-attachment-id=\"9307\" data-permalink=\"https:\/\/www.kritische-masse.de\/logbuch\/2024\/02\/swr2-wird-zu-swr-kultur-ketchup-statt-adorno-spaetwerk-laengst-vollendet\/public_domain\/\" data-orig-file=\"https:\/\/i0.wp.com\/www.kritische-masse.de\/logbuch\/wp-content\/uploads\/2024\/02\/public_domain.jpg?fit=571%2C960&amp;ssl=1\" data-orig-size=\"571,960\" data-comments-opened=\"1\" data-image-meta=\"{&quot;aperture&quot;:&quot;0&quot;,&quot;credit&quot;:&quot;&quot;,&quot;camera&quot;:&quot;&quot;,&quot;caption&quot;:&quot;&quot;,&quot;created_timestamp&quot;:&quot;0&quot;,&quot;copyright&quot;:&quot;&quot;,&quot;focal_length&quot;:&quot;0&quot;,&quot;iso&quot;:&quot;0&quot;,&quot;shutter_speed&quot;:&quot;0&quot;,&quot;title&quot;:&quot;&quot;,&quot;orientation&quot;:&quot;0&quot;}\" data-image-title=\"F\u00fcr Freunde VII\" data-image-description=\"&lt;p&gt;F\u00fcr Freunde VII&lt;\/p&gt;\n\" data-image-caption=\"&lt;p&gt;F\u00fcr Freunde VII&lt;\/p&gt;\n\" data-large-file=\"https:\/\/i0.wp.com\/www.kritische-masse.de\/logbuch\/wp-content\/uploads\/2024\/02\/public_domain.jpg?fit=571%2C960&amp;ssl=1\" \/><\/a>\n\t\t\t<\/div>\n\t\t\t\t<figcaption class='wp-caption-text gallery-caption' id='gallery-1-9307'>\n\t\t\t\tF\u00fcr Freunde VII\n\t\t\t\t<\/figcaption><\/figure>\n\t\t<\/div>\n\n<p>&nbsp;<\/p>\n<p>&nbsp;<\/p>\n<div class=\"shariff shariff-align-left shariff-widget-align-left\"><ul class=\"shariff-buttons theme-white orientation-horizontal buttonsize-small\"><li class=\"shariff-button mastodon shariff-nocustomcolor\" style=\"background-color:#563ACC\"><a href=\"https:\/\/s2f.kytta.dev\/?text=SWR2%20wird%20zu%20SWR%20Kultur%20%2F%20Ketchup%20statt%20Adorno%20%2F%20Sp%C3%A4twerk%20l%C3%A4ngst%20vollendet https%3A%2F%2Fwww.kritische-masse.de%2Flogbuch%2F2024%2F02%2Fswr2-wird-zu-swr-kultur-ketchup-statt-adorno-spaetwerk-laengst-vollendet%2F\" title=\"Bei Mastodon teilen\" aria-label=\"Bei Mastodon teilen\" role=\"button\" rel=\"noopener nofollow\" class=\"shariff-link\" style=\"; background-color:#6364FF; color:#6364FF\" target=\"_blank\"><span class=\"shariff-icon\" style=\"fill:#6364FF\"><svg width=\"75\" height=\"79\" viewBox=\"0 0 75 79\" fill=\"none\" xmlns=\"http:\/\/www.w3.org\/2000\/svg\"><path d=\"M37.813-.025C32.462-.058 27.114.13 21.79.598c-8.544.621-17.214 5.58-20.203 13.931C-1.12 23.318.408 32.622.465 41.65c.375 7.316.943 14.78 3.392 21.73 4.365 9.465 14.781 14.537 24.782 15.385 7.64.698 15.761-.213 22.517-4.026a54.1 54.1 0 0 0 .01-6.232c-6.855 1.316-14.101 2.609-21.049 1.074-3.883-.88-6.876-4.237-7.25-8.215-1.53-3.988 3.78-.43 5.584-.883 9.048 1.224 18.282.776 27.303-.462 7.044-.837 14.26-4.788 16.65-11.833 2.263-6.135 1.215-12.79 1.698-19.177.06-3.84.09-7.692-.262-11.52C72.596 7.844 63.223.981 53.834.684a219.453 219.453 0 0 0-16.022-.71zm11.294 12.882c5.5-.067 10.801 4.143 11.67 9.653.338 1.48.471 3 .471 4.515v21.088h-8.357c-.07-7.588.153-15.182-.131-22.765-.587-4.368-7.04-5.747-9.672-2.397-2.422 3.04-1.47 7.155-1.67 10.735v6.392h-8.307c-.146-4.996.359-10.045-.404-15.002-1.108-4.218-7.809-5.565-10.094-1.666-1.685 3.046-.712 6.634-.976 9.936v14.767h-8.354c.109-8.165-.238-16.344.215-24.5.674-5.346 5.095-10.389 10.676-10.627 4.902-.739 10.103 2.038 12.053 6.631.375 1.435 1.76 1.932 1.994.084 1.844-3.704 5.501-6.739 9.785-6.771.367-.044.735-.068 1.101-.073z\"\/><defs><linearGradient id=\"paint0_linear_549_34\" x1=\"37.0692\" y1=\"0\" x2=\"37.0692\" y2=\"79\" gradientUnits=\"userSpaceOnUse\"><stop stop-color=\"#6364FF\"\/><stop offset=\"1\" stop-color=\"#563ACC\"\/><\/linearGradient><\/defs><\/svg><\/span><span class=\"shariff-text\" style=\"color:#6364FF\">teilen<\/span>&nbsp;<\/a><\/li><li class=\"shariff-button bluesky shariff-nocustomcolor\" style=\"background-color:#84c4ff\"><a href=\"https:\/\/bsky.app\/intent\/compose?text=SWR2%20wird%20zu%20SWR%20Kultur%20%2F%20Ketchup%20statt%20Adorno%20%2F%20Sp%C3%A4twerk%20l%C3%A4ngst%20vollendet https%3A%2F%2Fwww.kritische-masse.de%2Flogbuch%2F2024%2F02%2Fswr2-wird-zu-swr-kultur-ketchup-statt-adorno-spaetwerk-laengst-vollendet%2F \" title=\"Bei Bluesky teilen\" aria-label=\"Bei Bluesky teilen\" role=\"button\" rel=\"noopener nofollow\" class=\"shariff-link\" style=\"; background-color:#0085ff; color:#0085ff\" target=\"_blank\"><span class=\"shariff-icon\" style=\"fill:#0085ff\"><svg width=\"20\" height=\"20\" version=\"1.1\" xmlns=\"http:\/\/www.w3.org\/2000\/svg\" viewBox=\"0 0 20 20\"><path class=\"st0\" d=\"M4.89,3.12c2.07,1.55,4.3,4.71,5.11,6.4.82-1.69,3.04-4.84,5.11-6.4,1.49-1.12,3.91-1.99,3.91.77,0,.55-.32,4.63-.5,5.3-.64,2.3-2.99,2.89-5.08,2.54,3.65.62,4.58,2.68,2.57,4.74-3.81,3.91-5.48-.98-5.9-2.23-.08-.23-.11-.34-.12-.25,0-.09-.04.02-.12.25-.43,1.25-2.09,6.14-5.9,2.23-2.01-2.06-1.08-4.12,2.57-4.74-2.09.36-4.44-.23-5.08-2.54-.19-.66-.5-4.74-.5-5.3,0-2.76,2.42-1.89,3.91-.77h0Z\"\/><\/svg><\/span><span class=\"shariff-text\" style=\"color:#0085ff\">teilen<\/span>&nbsp;<\/a><\/li><li class=\"shariff-button threema shariff-nocustomcolor shariff-mobile\" style=\"background-color:#4fbc24\"><a href=\"threema:\/\/compose?text=SWR2%20wird%20zu%20SWR%20Kultur%20%2F%20Ketchup%20statt%20Adorno%20%2F%20Sp%C3%A4twerk%20l%C3%A4ngst%20vollendet%20https%3A%2F%2Fwww.kritische-masse.de%2Flogbuch%2F2024%2F02%2Fswr2-wird-zu-swr-kultur-ketchup-statt-adorno-spaetwerk-laengst-vollendet%2F\" title=\"Bei Threema teilen\" aria-label=\"Bei Threema teilen\" role=\"button\" rel=\"noopener nofollow\" class=\"shariff-link\" style=\"; background-color:#1f1f1f; color:#1f1f1f\" target=\"_blank\"><span class=\"shariff-icon\" style=\"fill:#1f1f1f\"><svg width=\"32px\" height=\"20px\" xmlns=\"http:\/\/www.w3.org\/2000\/svg\" viewBox=\"0 0 32 32\"><path fill=\"#1f1f1f\" d=\"M30.8 10.9c-0.3-1.4-0.9-2.6-1.8-3.8-2-2.6-5.5-4.5-9.4-5.2-1.3-0.2-1.9-0.3-3.5-0.3s-2.2 0-3.5 0.3c-4 0.7-7.4 2.6-9.4 5.2-0.9 1.2-1.5 2.4-1.8 3.8-0.1 0.5-0.2 1.2-0.2 1.6 0 0.4 0.1 1.1 0.2 1.6 0.4 1.9 1.3 3.4 2.9 5 0.8 0.8 0.8 0.8 0.7 1.3 0 0.6-0.5 1.6-1.7 3.6-0.3 0.5-0.5 0.9-0.5 0.9 0 0.1 0.1 0.1 0.5 0 0.8-0.2 2.3-0.6 5.6-1.6 1.1-0.3 1.3-0.4 2.3-0.4 0.8 0 1.1 0 2.3 0.2 1.5 0.2 3.5 0.2 4.9 0 5.1-0.6 9.3-2.9 11.4-6.3 0.5-0.9 0.9-1.8 1.1-2.8 0.1-0.5 0.2-1.1 0.2-1.6 0-0.7-0.1-1.1-0.2-1.6-0.3-1.4 0.1 0.5 0 0zM20.6 17.3c0 0.4-0.4 0.8-0.8 0.8h-7.7c-0.4 0-0.8-0.4-0.8-0.8v-4.6c0-0.4 0.4-0.8 0.8-0.8h0.2l0-1.6c0-0.9 0-1.8 0.1-2 0.1-0.6 0.6-1.2 1.1-1.7s1.1-0.7 1.9-0.8c1.8-0.3 3.7 0.7 4.2 2.2 0.1 0.3 0.1 0.7 0.1 2.1v0 1.7h0.1c0.4 0 0.8 0.4 0.8 0.8v4.6zM15.6 7.3c-0.5 0.1-0.8 0.3-1.2 0.6s-0.6 0.8-0.7 1.3c0 0.2 0 0.8 0 1.5l0 1.2h4.6v-1.3c0-1 0-1.4-0.1-1.6-0.3-1.1-1.5-1.9-2.6-1.7zM25.8 28.2c0 1.2-1 2.2-2.1 2.2s-2.1-1-2.1-2.1c0-1.2 1-2.1 2.2-2.1s2.2 1 2.2 2.2zM18.1 28.2c0 1.2-1 2.2-2.1 2.2s-2.1-1-2.1-2.1c0-1.2 1-2.1 2.2-2.1s2.2 1 2.2 2.2zM10.4 28.2c0 1.2-1 2.2-2.1 2.2s-2.1-1-2.1-2.1c0-1.2 1-2.1 2.2-2.1s2.2 1 2.2 2.2z\"\/><\/svg><\/span><span class=\"shariff-text\" style=\"color:#1f1f1f\">teilen<\/span>&nbsp;<\/a><\/li><li class=\"shariff-button facebook shariff-nocustomcolor\" style=\"background-color:#4273c8\"><a href=\"https:\/\/www.facebook.com\/sharer\/sharer.php?u=https%3A%2F%2Fwww.kritische-masse.de%2Flogbuch%2F2024%2F02%2Fswr2-wird-zu-swr-kultur-ketchup-statt-adorno-spaetwerk-laengst-vollendet%2F\" title=\"Bei Facebook teilen\" aria-label=\"Bei Facebook teilen\" role=\"button\" rel=\"nofollow\" class=\"shariff-link\" style=\"; background-color:#3b5998; color:#3b5998\" target=\"_blank\"><span class=\"shariff-icon\" style=\"fill:#3b5998\"><svg width=\"32px\" height=\"20px\" xmlns=\"http:\/\/www.w3.org\/2000\/svg\" viewBox=\"0 0 18 32\"><path fill=\"#3b5998\" d=\"M17.1 0.2v4.7h-2.8q-1.5 0-2.1 0.6t-0.5 1.9v3.4h5.2l-0.7 5.3h-4.5v13.6h-5.5v-13.6h-4.5v-5.3h4.5v-3.9q0-3.3 1.9-5.2t5-1.8q2.6 0 4.1 0.2z\"\/><\/svg><\/span><span class=\"shariff-text\" style=\"color:#3b5998\">teilen<\/span>&nbsp;<\/a><\/li><li class=\"shariff-button info shariff-nocustomcolor\" style=\"background-color:#a8a8a8\"><a href=\"http:\/\/ct.de\/-2467514\" title=\"Weitere Informationen\" aria-label=\"Weitere Informationen\" role=\"button\" rel=\"noopener \" class=\"shariff-link\" style=\"; background-color:#999; color:#999\" target=\"_blank\"><span class=\"shariff-icon\" style=\"fill:#999\"><svg width=\"32px\" height=\"20px\" xmlns=\"http:\/\/www.w3.org\/2000\/svg\" viewBox=\"0 0 11 32\"><path fill=\"#999\" d=\"M11.4 24v2.3q0 0.5-0.3 0.8t-0.8 0.4h-9.1q-0.5 0-0.8-0.4t-0.4-0.8v-2.3q0-0.5 0.4-0.8t0.8-0.4h1.1v-6.8h-1.1q-0.5 0-0.8-0.4t-0.4-0.8v-2.3q0-0.5 0.4-0.8t0.8-0.4h6.8q0.5 0 0.8 0.4t0.4 0.8v10.3h1.1q0.5 0 0.8 0.4t0.3 0.8zM9.2 3.4v3.4q0 0.5-0.4 0.8t-0.8 0.4h-4.6q-0.4 0-0.8-0.4t-0.4-0.8v-3.4q0-0.4 0.4-0.8t0.8-0.4h4.6q0.5 0 0.8 0.4t0.4 0.8z\"\/><\/svg><\/span><\/a><\/li><\/ul><\/div>","protected":false},"excerpt":{"rendered":"<p>Adorno und Ketchup +++ Eine begrenzte Anzahl des Wortes Kultur in der ARD +++ Das eigene kompositorische Sp\u00e4twerk +++ <\/p>\n<div class=\"shariff shariff-align-left shariff-widget-align-left\"><ul class=\"shariff-buttons theme-white orientation-horizontal buttonsize-small\"><li class=\"shariff-button mastodon shariff-nocustomcolor\" style=\"background-color:#563ACC\"><a href=\"https:\/\/s2f.kytta.dev\/?text=SWR2%20wird%20zu%20SWR%20Kultur%20%2F%20Ketchup%20statt%20Adorno%20%2F%20Sp%C3%A4twerk%20l%C3%A4ngst%20vollendet https%3A%2F%2Fwww.kritische-masse.de%2Flogbuch%2F2024%2F02%2Fswr2-wird-zu-swr-kultur-ketchup-statt-adorno-spaetwerk-laengst-vollendet%2F\" title=\"Bei Mastodon teilen\" aria-label=\"Bei Mastodon teilen\" role=\"button\" rel=\"noopener nofollow\" class=\"shariff-link\" style=\"; background-color:#6364FF; color:#6364FF\" target=\"_blank\"><span class=\"shariff-icon\" style=\"fill:#6364FF\"><svg width=\"75\" height=\"79\" viewBox=\"0 0 75 79\" fill=\"none\" xmlns=\"http:\/\/www.w3.org\/2000\/svg\"><path d=\"M37.813-.025C32.462-.058 27.114.13 21.79.598c-8.544.621-17.214 5.58-20.203 13.931C-1.12 23.318.408 32.622.465 41.65c.375 7.316.943 14.78 3.392 21.73 4.365 9.465 14.781 14.537 24.782 15.385 7.64.698 15.761-.213 22.517-4.026a54.1 54.1 0 0 0 .01-6.232c-6.855 1.316-14.101 2.609-21.049 1.074-3.883-.88-6.876-4.237-7.25-8.215-1.53-3.988 3.78-.43 5.584-.883 9.048 1.224 18.282.776 27.303-.462 7.044-.837 14.26-4.788 16.65-11.833 2.263-6.135 1.215-12.79 1.698-19.177.06-3.84.09-7.692-.262-11.52C72.596 7.844 63.223.981 53.834.684a219.453 219.453 0 0 0-16.022-.71zm11.294 12.882c5.5-.067 10.801 4.143 11.67 9.653.338 1.48.471 3 .471 4.515v21.088h-8.357c-.07-7.588.153-15.182-.131-22.765-.587-4.368-7.04-5.747-9.672-2.397-2.422 3.04-1.47 7.155-1.67 10.735v6.392h-8.307c-.146-4.996.359-10.045-.404-15.002-1.108-4.218-7.809-5.565-10.094-1.666-1.685 3.046-.712 6.634-.976 9.936v14.767h-8.354c.109-8.165-.238-16.344.215-24.5.674-5.346 5.095-10.389 10.676-10.627 4.902-.739 10.103 2.038 12.053 6.631.375 1.435 1.76 1.932 1.994.084 1.844-3.704 5.501-6.739 9.785-6.771.367-.044.735-.068 1.101-.073z\"\/><defs><linearGradient id=\"paint0_linear_549_34\" x1=\"37.0692\" y1=\"0\" x2=\"37.0692\" y2=\"79\" gradientUnits=\"userSpaceOnUse\"><stop stop-color=\"#6364FF\"\/><stop offset=\"1\" stop-color=\"#563ACC\"\/><\/linearGradient><\/defs><\/svg><\/span><span class=\"shariff-text\" style=\"color:#6364FF\">teilen<\/span>&nbsp;<\/a><\/li><li class=\"shariff-button bluesky shariff-nocustomcolor\" style=\"background-color:#84c4ff\"><a href=\"https:\/\/bsky.app\/intent\/compose?text=SWR2%20wird%20zu%20SWR%20Kultur%20%2F%20Ketchup%20statt%20Adorno%20%2F%20Sp%C3%A4twerk%20l%C3%A4ngst%20vollendet https%3A%2F%2Fwww.kritische-masse.de%2Flogbuch%2F2024%2F02%2Fswr2-wird-zu-swr-kultur-ketchup-statt-adorno-spaetwerk-laengst-vollendet%2F \" title=\"Bei Bluesky teilen\" aria-label=\"Bei Bluesky teilen\" role=\"button\" rel=\"noopener nofollow\" class=\"shariff-link\" style=\"; background-color:#0085ff; color:#0085ff\" target=\"_blank\"><span class=\"shariff-icon\" style=\"fill:#0085ff\"><svg width=\"20\" height=\"20\" version=\"1.1\" xmlns=\"http:\/\/www.w3.org\/2000\/svg\" viewBox=\"0 0 20 20\"><path class=\"st0\" d=\"M4.89,3.12c2.07,1.55,4.3,4.71,5.11,6.4.82-1.69,3.04-4.84,5.11-6.4,1.49-1.12,3.91-1.99,3.91.77,0,.55-.32,4.63-.5,5.3-.64,2.3-2.99,2.89-5.08,2.54,3.65.62,4.58,2.68,2.57,4.74-3.81,3.91-5.48-.98-5.9-2.23-.08-.23-.11-.34-.12-.25,0-.09-.04.02-.12.25-.43,1.25-2.09,6.14-5.9,2.23-2.01-2.06-1.08-4.12,2.57-4.74-2.09.36-4.44-.23-5.08-2.54-.19-.66-.5-4.74-.5-5.3,0-2.76,2.42-1.89,3.91-.77h0Z\"\/><\/svg><\/span><span class=\"shariff-text\" style=\"color:#0085ff\">teilen<\/span>&nbsp;<\/a><\/li><li class=\"shariff-button threema shariff-nocustomcolor shariff-mobile\" style=\"background-color:#4fbc24\"><a href=\"threema:\/\/compose?text=SWR2%20wird%20zu%20SWR%20Kultur%20%2F%20Ketchup%20statt%20Adorno%20%2F%20Sp%C3%A4twerk%20l%C3%A4ngst%20vollendet%20https%3A%2F%2Fwww.kritische-masse.de%2Flogbuch%2F2024%2F02%2Fswr2-wird-zu-swr-kultur-ketchup-statt-adorno-spaetwerk-laengst-vollendet%2F\" title=\"Bei Threema teilen\" aria-label=\"Bei Threema teilen\" role=\"button\" rel=\"noopener nofollow\" class=\"shariff-link\" style=\"; background-color:#1f1f1f; color:#1f1f1f\" target=\"_blank\"><span class=\"shariff-icon\" style=\"fill:#1f1f1f\"><svg width=\"32px\" height=\"20px\" xmlns=\"http:\/\/www.w3.org\/2000\/svg\" viewBox=\"0 0 32 32\"><path fill=\"#1f1f1f\" d=\"M30.8 10.9c-0.3-1.4-0.9-2.6-1.8-3.8-2-2.6-5.5-4.5-9.4-5.2-1.3-0.2-1.9-0.3-3.5-0.3s-2.2 0-3.5 0.3c-4 0.7-7.4 2.6-9.4 5.2-0.9 1.2-1.5 2.4-1.8 3.8-0.1 0.5-0.2 1.2-0.2 1.6 0 0.4 0.1 1.1 0.2 1.6 0.4 1.9 1.3 3.4 2.9 5 0.8 0.8 0.8 0.8 0.7 1.3 0 0.6-0.5 1.6-1.7 3.6-0.3 0.5-0.5 0.9-0.5 0.9 0 0.1 0.1 0.1 0.5 0 0.8-0.2 2.3-0.6 5.6-1.6 1.1-0.3 1.3-0.4 2.3-0.4 0.8 0 1.1 0 2.3 0.2 1.5 0.2 3.5 0.2 4.9 0 5.1-0.6 9.3-2.9 11.4-6.3 0.5-0.9 0.9-1.8 1.1-2.8 0.1-0.5 0.2-1.1 0.2-1.6 0-0.7-0.1-1.1-0.2-1.6-0.3-1.4 0.1 0.5 0 0zM20.6 17.3c0 0.4-0.4 0.8-0.8 0.8h-7.7c-0.4 0-0.8-0.4-0.8-0.8v-4.6c0-0.4 0.4-0.8 0.8-0.8h0.2l0-1.6c0-0.9 0-1.8 0.1-2 0.1-0.6 0.6-1.2 1.1-1.7s1.1-0.7 1.9-0.8c1.8-0.3 3.7 0.7 4.2 2.2 0.1 0.3 0.1 0.7 0.1 2.1v0 1.7h0.1c0.4 0 0.8 0.4 0.8 0.8v4.6zM15.6 7.3c-0.5 0.1-0.8 0.3-1.2 0.6s-0.6 0.8-0.7 1.3c0 0.2 0 0.8 0 1.5l0 1.2h4.6v-1.3c0-1 0-1.4-0.1-1.6-0.3-1.1-1.5-1.9-2.6-1.7zM25.8 28.2c0 1.2-1 2.2-2.1 2.2s-2.1-1-2.1-2.1c0-1.2 1-2.1 2.2-2.1s2.2 1 2.2 2.2zM18.1 28.2c0 1.2-1 2.2-2.1 2.2s-2.1-1-2.1-2.1c0-1.2 1-2.1 2.2-2.1s2.2 1 2.2 2.2zM10.4 28.2c0 1.2-1 2.2-2.1 2.2s-2.1-1-2.1-2.1c0-1.2 1-2.1 2.2-2.1s2.2 1 2.2 2.2z\"\/><\/svg><\/span><span class=\"shariff-text\" style=\"color:#1f1f1f\">teilen<\/span>&nbsp;<\/a><\/li><li class=\"shariff-button facebook shariff-nocustomcolor\" style=\"background-color:#4273c8\"><a href=\"https:\/\/www.facebook.com\/sharer\/sharer.php?u=https%3A%2F%2Fwww.kritische-masse.de%2Flogbuch%2F2024%2F02%2Fswr2-wird-zu-swr-kultur-ketchup-statt-adorno-spaetwerk-laengst-vollendet%2F\" title=\"Bei Facebook teilen\" aria-label=\"Bei Facebook teilen\" role=\"button\" rel=\"nofollow\" class=\"shariff-link\" style=\"; background-color:#3b5998; color:#3b5998\" target=\"_blank\"><span class=\"shariff-icon\" style=\"fill:#3b5998\"><svg width=\"32px\" height=\"20px\" xmlns=\"http:\/\/www.w3.org\/2000\/svg\" viewBox=\"0 0 18 32\"><path fill=\"#3b5998\" d=\"M17.1 0.2v4.7h-2.8q-1.5 0-2.1 0.6t-0.5 1.9v3.4h5.2l-0.7 5.3h-4.5v13.6h-5.5v-13.6h-4.5v-5.3h4.5v-3.9q0-3.3 1.9-5.2t5-1.8q2.6 0 4.1 0.2z\"\/><\/svg><\/span><span class=\"shariff-text\" style=\"color:#3b5998\">teilen<\/span>&nbsp;<\/a><\/li><li class=\"shariff-button info shariff-nocustomcolor\" style=\"background-color:#a8a8a8\"><a href=\"http:\/\/ct.de\/-2467514\" title=\"Weitere Informationen\" aria-label=\"Weitere Informationen\" role=\"button\" rel=\"noopener \" class=\"shariff-link\" style=\"; background-color:#999; color:#999\" target=\"_blank\"><span class=\"shariff-icon\" style=\"fill:#999\"><svg width=\"32px\" height=\"20px\" xmlns=\"http:\/\/www.w3.org\/2000\/svg\" viewBox=\"0 0 11 32\"><path fill=\"#999\" d=\"M11.4 24v2.3q0 0.5-0.3 0.8t-0.8 0.4h-9.1q-0.5 0-0.8-0.4t-0.4-0.8v-2.3q0-0.5 0.4-0.8t0.8-0.4h1.1v-6.8h-1.1q-0.5 0-0.8-0.4t-0.4-0.8v-2.3q0-0.5 0.4-0.8t0.8-0.4h6.8q0.5 0 0.8 0.4t0.4 0.8v10.3h1.1q0.5 0 0.8 0.4t0.3 0.8zM9.2 3.4v3.4q0 0.5-0.4 0.8t-0.8 0.4h-4.6q-0.4 0-0.8-0.4t-0.4-0.8v-3.4q0-0.4 0.4-0.8t0.8-0.4h4.6q0.5 0 0.8 0.4t0.4 0.8z\"\/><\/svg><\/span><\/a><\/li><\/ul><\/div>","protected":false},"author":1,"featured_media":9308,"comment_status":"open","ping_status":"open","sticky":false,"template":"","format":"standard","meta":{"ocean_post_layout":"","ocean_both_sidebars_style":"","ocean_both_sidebars_content_width":0,"ocean_both_sidebars_sidebars_width":0,"ocean_sidebar":"","ocean_second_sidebar":"","ocean_disable_margins":"enable","ocean_add_body_class":"","ocean_shortcode_before_top_bar":"","ocean_shortcode_after_top_bar":"","ocean_shortcode_before_header":"","ocean_shortcode_after_header":"","ocean_has_shortcode":"","ocean_shortcode_after_title":"","ocean_shortcode_before_footer_widgets":"","ocean_shortcode_after_footer_widgets":"","ocean_shortcode_before_footer_bottom":"","ocean_shortcode_after_footer_bottom":"","ocean_display_top_bar":"default","ocean_display_header":"default","ocean_header_style":"","ocean_center_header_left_menu":"","ocean_custom_header_template":"","ocean_custom_logo":0,"ocean_custom_retina_logo":0,"ocean_custom_logo_max_width":0,"ocean_custom_logo_tablet_max_width":0,"ocean_custom_logo_mobile_max_width":0,"ocean_custom_logo_max_height":0,"ocean_custom_logo_tablet_max_height":0,"ocean_custom_logo_mobile_max_height":0,"ocean_header_custom_menu":"","ocean_menu_typo_font_family":"","ocean_menu_typo_font_subset":"","ocean_menu_typo_font_size":0,"ocean_menu_typo_font_size_tablet":0,"ocean_menu_typo_font_size_mobile":0,"ocean_menu_typo_font_size_unit":"px","ocean_menu_typo_font_weight":"","ocean_menu_typo_font_weight_tablet":"","ocean_menu_typo_font_weight_mobile":"","ocean_menu_typo_transform":"","ocean_menu_typo_transform_tablet":"","ocean_menu_typo_transform_mobile":"","ocean_menu_typo_line_height":0,"ocean_menu_typo_line_height_tablet":0,"ocean_menu_typo_line_height_mobile":0,"ocean_menu_typo_line_height_unit":"","ocean_menu_typo_spacing":0,"ocean_menu_typo_spacing_tablet":0,"ocean_menu_typo_spacing_mobile":0,"ocean_menu_typo_spacing_unit":"","ocean_menu_link_color":"","ocean_menu_link_color_hover":"","ocean_menu_link_color_active":"","ocean_menu_link_background":"","ocean_menu_link_hover_background":"","ocean_menu_link_active_background":"","ocean_menu_social_links_bg":"","ocean_menu_social_hover_links_bg":"","ocean_menu_social_links_color":"","ocean_menu_social_hover_links_color":"","ocean_disable_title":"default","ocean_disable_heading":"default","ocean_post_title":"","ocean_post_subheading":"","ocean_post_title_style":"","ocean_post_title_background_color":"","ocean_post_title_background":0,"ocean_post_title_bg_image_position":"","ocean_post_title_bg_image_attachment":"","ocean_post_title_bg_image_repeat":"","ocean_post_title_bg_image_size":"","ocean_post_title_height":0,"ocean_post_title_bg_overlay":0.5,"ocean_post_title_bg_overlay_color":"","ocean_disable_breadcrumbs":"default","ocean_breadcrumbs_color":"","ocean_breadcrumbs_separator_color":"","ocean_breadcrumbs_links_color":"","ocean_breadcrumbs_links_hover_color":"","ocean_display_footer_widgets":"default","ocean_display_footer_bottom":"default","ocean_custom_footer_template":"","osh_disable_topbar_sticky":"default","osh_disable_header_sticky":"default","osh_sticky_header_style":"default","osh_sticky_header_effect":"","osh_custom_sticky_logo":0,"osh_custom_retina_sticky_logo":0,"osh_custom_sticky_logo_height":0,"osh_background_color":"","osh_links_color":"","osh_links_hover_color":"","osh_links_active_color":"","osh_links_bg_color":"","osh_links_hover_bg_color":"","osh_links_active_bg_color":"","osh_menu_social_links_color":"","osh_menu_social_hover_links_color":"","_FSMCFIC_featured_image_caption":"","_FSMCFIC_featured_image_nocaption":"","_FSMCFIC_featured_image_hide":"","_metis_text_type":"standard","_metis_text_length":3296,"_post_count":0,"_jetpack_memberships_contains_paid_content":false,"activitypub_content_warning":"","activitypub_content_visibility":"","activitypub_max_image_attachments":4,"activitypub_interaction_policy_quote":"anyone","activitypub_status":"","ocean_post_oembed":"","ocean_post_self_hosted_media":"","ocean_post_video_embed":"","ocean_link_format":"","ocean_link_format_target":"self","ocean_quote_format":"","ocean_quote_format_link":"post","ocean_gallery_link_images":"on","ocean_gallery_id":[],"footnotes":"","jetpack_publicize_message":"","jetpack_publicize_feature_enabled":true,"jetpack_social_post_already_shared":true,"jetpack_social_options":{"image_generator_settings":{"template":"highway","default_image_id":0,"font":"","enabled":false},"version":2}},"categories":[2647,2649,2648,2655,2654],"tags":[4223,2958,2767,2719],"class_list":["post-9305","post","type-post","status-publish","format-standard","has-post-thumbnail","hentry","category-angriffauf","category-denrundfunk","category-dieurteilskraft","category-ich","category-privates","tag-ketchup","tag-neue-musik","tag-oeffentlich-rechtlicher-rundfunk","tag-theodor-w-adorno","entry","has-media"],"yoast_head":"<!-- This site is optimized with the Yoast SEO plugin v27.5 - https:\/\/yoast.com\/product\/yoast-seo-wordpress\/ -->\n<title>SWR2 wird zu SWR Kultur \/ Ketchup statt Adorno \/ Sp\u00e4twerk l\u00e4ngst vollendet - Kritische Masse<\/title>\n<meta name=\"robots\" content=\"index, follow, max-snippet:-1, max-image-preview:large, max-video-preview:-1\" \/>\n<link rel=\"canonical\" href=\"https:\/\/www.kritische-masse.de\/logbuch\/2024\/02\/swr2-wird-zu-swr-kultur-ketchup-statt-adorno-spaetwerk-laengst-vollendet\/\" \/>\n<meta property=\"og:locale\" content=\"de_DE\" \/>\n<meta property=\"og:type\" content=\"article\" \/>\n<meta property=\"og:title\" content=\"SWR2 wird zu SWR Kultur \/ Ketchup statt Adorno \/ Sp\u00e4twerk l\u00e4ngst vollendet - Kritische Masse\" \/>\n<meta property=\"og:description\" content=\"Adorno und Ketchup +++ Eine begrenzte Anzahl des Wortes Kultur in der ARD +++ Das eigene kompositorische Sp\u00e4twerk +++\" \/>\n<meta property=\"og:url\" content=\"https:\/\/www.kritische-masse.de\/logbuch\/2024\/02\/swr2-wird-zu-swr-kultur-ketchup-statt-adorno-spaetwerk-laengst-vollendet\/\" \/>\n<meta property=\"og:site_name\" content=\"Kritische Masse\" \/>\n<meta property=\"article:publisher\" content=\"https:\/\/www.facebook.com\/hufner\" \/>\n<meta property=\"article:author\" content=\"https:\/\/www.facebook.com\/hufner\" \/>\n<meta property=\"article:published_time\" content=\"2024-02-28T11:00:31+00:00\" \/>\n<meta property=\"article:modified_time\" content=\"2024-02-28T11:19:56+00:00\" \/>\n<meta property=\"og:image\" content=\"https:\/\/www.kritische-masse.de\/logbuch\/wp-content\/uploads\/2024\/02\/IMG_5419-1024x1024.jpg\" \/>\n\t<meta property=\"og:image:width\" content=\"1024\" \/>\n\t<meta property=\"og:image:height\" content=\"1024\" \/>\n\t<meta property=\"og:image:type\" content=\"image\/jpeg\" \/>\n<meta name=\"author\" content=\"der huflaikhan\" \/>\n<meta name=\"twitter:label1\" content=\"Verfasst von\" \/>\n\t<meta name=\"twitter:data1\" content=\"der huflaikhan\" \/>\n\t<meta name=\"twitter:label2\" content=\"Gesch\u00e4tzte Lesezeit\" \/>\n\t<meta name=\"twitter:data2\" content=\"3\u00a0Minuten\" \/>\n<script type=\"application\/ld+json\" class=\"yoast-schema-graph\">{\"@context\":\"https:\\\/\\\/schema.org\",\"@graph\":[{\"@type\":\"Article\",\"@id\":\"https:\\\/\\\/www.kritische-masse.de\\\/logbuch\\\/2024\\\/02\\\/swr2-wird-zu-swr-kultur-ketchup-statt-adorno-spaetwerk-laengst-vollendet\\\/#article\",\"isPartOf\":{\"@id\":\"https:\\\/\\\/www.kritische-masse.de\\\/logbuch\\\/2024\\\/02\\\/swr2-wird-zu-swr-kultur-ketchup-statt-adorno-spaetwerk-laengst-vollendet\\\/\"},\"author\":{\"name\":\"der huflaikhan\",\"@id\":\"https:\\\/\\\/www.kritische-masse.de\\\/logbuch\\\/#\\\/schema\\\/person\\\/14c491f46504e7f6b79db161f76def1c\"},\"headline\":\"SWR2 wird zu SWR Kultur \\\/ Ketchup statt Adorno \\\/ Sp\u00e4twerk l\u00e4ngst vollendet\",\"datePublished\":\"2024-02-28T11:00:31+00:00\",\"dateModified\":\"2024-02-28T11:19:56+00:00\",\"mainEntityOfPage\":{\"@id\":\"https:\\\/\\\/www.kritische-masse.de\\\/logbuch\\\/2024\\\/02\\\/swr2-wird-zu-swr-kultur-ketchup-statt-adorno-spaetwerk-laengst-vollendet\\\/\"},\"wordCount\":544,\"commentCount\":2,\"publisher\":{\"@id\":\"https:\\\/\\\/www.kritische-masse.de\\\/logbuch\\\/#\\\/schema\\\/person\\\/14c491f46504e7f6b79db161f76def1c\"},\"image\":{\"@id\":\"https:\\\/\\\/www.kritische-masse.de\\\/logbuch\\\/2024\\\/02\\\/swr2-wird-zu-swr-kultur-ketchup-statt-adorno-spaetwerk-laengst-vollendet\\\/#primaryimage\"},\"thumbnailUrl\":\"https:\\\/\\\/i0.wp.com\\\/www.kritische-masse.de\\\/logbuch\\\/wp-content\\\/uploads\\\/2024\\\/02\\\/IMG_5419.jpg?fit=2379%2C2378&ssl=1\",\"keywords\":[\"Ketchup\",\"Neue Musik\",\"\u00d6ffentlich-rechtlicher Rundfunk\",\"Theodor W. Adorno\"],\"articleSection\":[\"Angriff auf \u2026\",\"den Rundfunk\",\"die Urteilskraft\",\"Ich\",\"Privates\"],\"inLanguage\":\"de\",\"potentialAction\":[{\"@type\":\"CommentAction\",\"name\":\"Comment\",\"target\":[\"https:\\\/\\\/www.kritische-masse.de\\\/logbuch\\\/2024\\\/02\\\/swr2-wird-zu-swr-kultur-ketchup-statt-adorno-spaetwerk-laengst-vollendet\\\/#respond\"]}]},{\"@type\":\"WebPage\",\"@id\":\"https:\\\/\\\/www.kritische-masse.de\\\/logbuch\\\/2024\\\/02\\\/swr2-wird-zu-swr-kultur-ketchup-statt-adorno-spaetwerk-laengst-vollendet\\\/\",\"url\":\"https:\\\/\\\/www.kritische-masse.de\\\/logbuch\\\/2024\\\/02\\\/swr2-wird-zu-swr-kultur-ketchup-statt-adorno-spaetwerk-laengst-vollendet\\\/\",\"name\":\"SWR2 wird zu SWR Kultur \\\/ Ketchup statt Adorno \\\/ Sp\u00e4twerk l\u00e4ngst vollendet - Kritische Masse\",\"isPartOf\":{\"@id\":\"https:\\\/\\\/www.kritische-masse.de\\\/logbuch\\\/#website\"},\"primaryImageOfPage\":{\"@id\":\"https:\\\/\\\/www.kritische-masse.de\\\/logbuch\\\/2024\\\/02\\\/swr2-wird-zu-swr-kultur-ketchup-statt-adorno-spaetwerk-laengst-vollendet\\\/#primaryimage\"},\"image\":{\"@id\":\"https:\\\/\\\/www.kritische-masse.de\\\/logbuch\\\/2024\\\/02\\\/swr2-wird-zu-swr-kultur-ketchup-statt-adorno-spaetwerk-laengst-vollendet\\\/#primaryimage\"},\"thumbnailUrl\":\"https:\\\/\\\/i0.wp.com\\\/www.kritische-masse.de\\\/logbuch\\\/wp-content\\\/uploads\\\/2024\\\/02\\\/IMG_5419.jpg?fit=2379%2C2378&ssl=1\",\"datePublished\":\"2024-02-28T11:00:31+00:00\",\"dateModified\":\"2024-02-28T11:19:56+00:00\",\"breadcrumb\":{\"@id\":\"https:\\\/\\\/www.kritische-masse.de\\\/logbuch\\\/2024\\\/02\\\/swr2-wird-zu-swr-kultur-ketchup-statt-adorno-spaetwerk-laengst-vollendet\\\/#breadcrumb\"},\"inLanguage\":\"de\",\"potentialAction\":[{\"@type\":\"ReadAction\",\"target\":[\"https:\\\/\\\/www.kritische-masse.de\\\/logbuch\\\/2024\\\/02\\\/swr2-wird-zu-swr-kultur-ketchup-statt-adorno-spaetwerk-laengst-vollendet\\\/\"]}]},{\"@type\":\"ImageObject\",\"inLanguage\":\"de\",\"@id\":\"https:\\\/\\\/www.kritische-masse.de\\\/logbuch\\\/2024\\\/02\\\/swr2-wird-zu-swr-kultur-ketchup-statt-adorno-spaetwerk-laengst-vollendet\\\/#primaryimage\",\"url\":\"https:\\\/\\\/i0.wp.com\\\/www.kritische-masse.de\\\/logbuch\\\/wp-content\\\/uploads\\\/2024\\\/02\\\/IMG_5419.jpg?fit=2379%2C2378&ssl=1\",\"contentUrl\":\"https:\\\/\\\/i0.wp.com\\\/www.kritische-masse.de\\\/logbuch\\\/wp-content\\\/uploads\\\/2024\\\/02\\\/IMG_5419.jpg?fit=2379%2C2378&ssl=1\",\"width\":2379,\"height\":2378,\"caption\":\"Bauchspuren\"},{\"@type\":\"BreadcrumbList\",\"@id\":\"https:\\\/\\\/www.kritische-masse.de\\\/logbuch\\\/2024\\\/02\\\/swr2-wird-zu-swr-kultur-ketchup-statt-adorno-spaetwerk-laengst-vollendet\\\/#breadcrumb\",\"itemListElement\":[{\"@type\":\"ListItem\",\"position\":1,\"name\":\"Startseite\",\"item\":\"https:\\\/\\\/www.kritische-masse.de\\\/logbuch\\\/\"},{\"@type\":\"ListItem\",\"position\":2,\"name\":\"SWR2 wird zu SWR Kultur \\\/ Ketchup statt Adorno \\\/ Sp\u00e4twerk l\u00e4ngst vollendet\"}]},{\"@type\":\"WebSite\",\"@id\":\"https:\\\/\\\/www.kritische-masse.de\\\/logbuch\\\/#website\",\"url\":\"https:\\\/\\\/www.kritische-masse.de\\\/logbuch\\\/\",\"name\":\"kritische masse\",\"description\":\"amt f\u00fcr vermassungsschutz\",\"publisher\":{\"@id\":\"https:\\\/\\\/www.kritische-masse.de\\\/logbuch\\\/#\\\/schema\\\/person\\\/14c491f46504e7f6b79db161f76def1c\"},\"alternateName\":\"das logbuch der kritischen masse\",\"potentialAction\":[{\"@type\":\"SearchAction\",\"target\":{\"@type\":\"EntryPoint\",\"urlTemplate\":\"https:\\\/\\\/www.kritische-masse.de\\\/logbuch\\\/?s={search_term_string}\"},\"query-input\":{\"@type\":\"PropertyValueSpecification\",\"valueRequired\":true,\"valueName\":\"search_term_string\"}}],\"inLanguage\":\"de\"},{\"@type\":[\"Person\",\"Organization\"],\"@id\":\"https:\\\/\\\/www.kritische-masse.de\\\/logbuch\\\/#\\\/schema\\\/person\\\/14c491f46504e7f6b79db161f76def1c\",\"name\":\"der huflaikhan\",\"image\":{\"@type\":\"ImageObject\",\"inLanguage\":\"de\",\"@id\":\"https:\\\/\\\/www.kritische-masse.de\\\/logbuch\\\/wp-content\\\/uploads\\\/2024\\\/01\\\/cropped-kritischmasse_man_512.jpg\",\"url\":\"https:\\\/\\\/www.kritische-masse.de\\\/logbuch\\\/wp-content\\\/uploads\\\/2024\\\/01\\\/cropped-kritischmasse_man_512.jpg\",\"contentUrl\":\"https:\\\/\\\/www.kritische-masse.de\\\/logbuch\\\/wp-content\\\/uploads\\\/2024\\\/01\\\/cropped-kritischmasse_man_512.jpg\",\"width\":512,\"height\":512,\"caption\":\"der huflaikhan\"},\"logo\":{\"@id\":\"https:\\\/\\\/www.kritische-masse.de\\\/logbuch\\\/wp-content\\\/uploads\\\/2024\\\/01\\\/cropped-kritischmasse_man_512.jpg\"},\"description\":\"Betreiber der Kritischen Masse seit 1995. Seit 2023 Wiederaufnahme. Promotion mit einer Arbeit \u00fcber Adornos kompositorische und theoretische Auseinandersetzung mit der Zw\u00f6lftontechnik. Arbeit f\u00fcr den Bayerischen und den Mitteldeutschen Rundfunk als freier Autor und Regisseur \u2013 zumindest bis Ende 2015. Online-Redaktion f\u00fcr neue musikzeitung, Jazzzeitung und Oper &amp; Tanz. Ungl\u00fccklich, aber fast taub.\",\"sameAs\":[\"https:\\\/\\\/www.kritische-masse.de\\\/logbuch\\\/\",\"https:\\\/\\\/www.facebook.com\\\/hufner\"],\"url\":\"https:\\\/\\\/www.kritische-masse.de\\\/logbuch\\\/author\\\/martin_d1juqiu5\\\/\"}]}<\/script>\n<!-- \/ Yoast SEO plugin. -->","yoast_head_json":{"title":"SWR2 wird zu SWR Kultur \/ Ketchup statt Adorno \/ Sp\u00e4twerk l\u00e4ngst vollendet - Kritische Masse","robots":{"index":"index","follow":"follow","max-snippet":"max-snippet:-1","max-image-preview":"max-image-preview:large","max-video-preview":"max-video-preview:-1"},"canonical":"https:\/\/www.kritische-masse.de\/logbuch\/2024\/02\/swr2-wird-zu-swr-kultur-ketchup-statt-adorno-spaetwerk-laengst-vollendet\/","og_locale":"de_DE","og_type":"article","og_title":"SWR2 wird zu SWR Kultur \/ Ketchup statt Adorno \/ Sp\u00e4twerk l\u00e4ngst vollendet - Kritische Masse","og_description":"Adorno und Ketchup +++ Eine begrenzte Anzahl des Wortes Kultur in der ARD +++ Das eigene kompositorische Sp\u00e4twerk +++","og_url":"https:\/\/www.kritische-masse.de\/logbuch\/2024\/02\/swr2-wird-zu-swr-kultur-ketchup-statt-adorno-spaetwerk-laengst-vollendet\/","og_site_name":"Kritische Masse","article_publisher":"https:\/\/www.facebook.com\/hufner","article_author":"https:\/\/www.facebook.com\/hufner","article_published_time":"2024-02-28T11:00:31+00:00","article_modified_time":"2024-02-28T11:19:56+00:00","og_image":[{"width":1024,"height":1024,"url":"https:\/\/www.kritische-masse.de\/logbuch\/wp-content\/uploads\/2024\/02\/IMG_5419-1024x1024.jpg","type":"image\/jpeg"}],"author":"der huflaikhan","twitter_misc":{"Verfasst von":"der huflaikhan","Gesch\u00e4tzte Lesezeit":"3\u00a0Minuten"},"schema":{"@context":"https:\/\/schema.org","@graph":[{"@type":"Article","@id":"https:\/\/www.kritische-masse.de\/logbuch\/2024\/02\/swr2-wird-zu-swr-kultur-ketchup-statt-adorno-spaetwerk-laengst-vollendet\/#article","isPartOf":{"@id":"https:\/\/www.kritische-masse.de\/logbuch\/2024\/02\/swr2-wird-zu-swr-kultur-ketchup-statt-adorno-spaetwerk-laengst-vollendet\/"},"author":{"name":"der huflaikhan","@id":"https:\/\/www.kritische-masse.de\/logbuch\/#\/schema\/person\/14c491f46504e7f6b79db161f76def1c"},"headline":"SWR2 wird zu SWR Kultur \/ Ketchup statt Adorno \/ Sp\u00e4twerk l\u00e4ngst vollendet","datePublished":"2024-02-28T11:00:31+00:00","dateModified":"2024-02-28T11:19:56+00:00","mainEntityOfPage":{"@id":"https:\/\/www.kritische-masse.de\/logbuch\/2024\/02\/swr2-wird-zu-swr-kultur-ketchup-statt-adorno-spaetwerk-laengst-vollendet\/"},"wordCount":544,"commentCount":2,"publisher":{"@id":"https:\/\/www.kritische-masse.de\/logbuch\/#\/schema\/person\/14c491f46504e7f6b79db161f76def1c"},"image":{"@id":"https:\/\/www.kritische-masse.de\/logbuch\/2024\/02\/swr2-wird-zu-swr-kultur-ketchup-statt-adorno-spaetwerk-laengst-vollendet\/#primaryimage"},"thumbnailUrl":"https:\/\/i0.wp.com\/www.kritische-masse.de\/logbuch\/wp-content\/uploads\/2024\/02\/IMG_5419.jpg?fit=2379%2C2378&ssl=1","keywords":["Ketchup","Neue Musik","\u00d6ffentlich-rechtlicher Rundfunk","Theodor W. Adorno"],"articleSection":["Angriff auf \u2026","den Rundfunk","die Urteilskraft","Ich","Privates"],"inLanguage":"de","potentialAction":[{"@type":"CommentAction","name":"Comment","target":["https:\/\/www.kritische-masse.de\/logbuch\/2024\/02\/swr2-wird-zu-swr-kultur-ketchup-statt-adorno-spaetwerk-laengst-vollendet\/#respond"]}]},{"@type":"WebPage","@id":"https:\/\/www.kritische-masse.de\/logbuch\/2024\/02\/swr2-wird-zu-swr-kultur-ketchup-statt-adorno-spaetwerk-laengst-vollendet\/","url":"https:\/\/www.kritische-masse.de\/logbuch\/2024\/02\/swr2-wird-zu-swr-kultur-ketchup-statt-adorno-spaetwerk-laengst-vollendet\/","name":"SWR2 wird zu SWR Kultur \/ Ketchup statt Adorno \/ Sp\u00e4twerk l\u00e4ngst vollendet - Kritische Masse","isPartOf":{"@id":"https:\/\/www.kritische-masse.de\/logbuch\/#website"},"primaryImageOfPage":{"@id":"https:\/\/www.kritische-masse.de\/logbuch\/2024\/02\/swr2-wird-zu-swr-kultur-ketchup-statt-adorno-spaetwerk-laengst-vollendet\/#primaryimage"},"image":{"@id":"https:\/\/www.kritische-masse.de\/logbuch\/2024\/02\/swr2-wird-zu-swr-kultur-ketchup-statt-adorno-spaetwerk-laengst-vollendet\/#primaryimage"},"thumbnailUrl":"https:\/\/i0.wp.com\/www.kritische-masse.de\/logbuch\/wp-content\/uploads\/2024\/02\/IMG_5419.jpg?fit=2379%2C2378&ssl=1","datePublished":"2024-02-28T11:00:31+00:00","dateModified":"2024-02-28T11:19:56+00:00","breadcrumb":{"@id":"https:\/\/www.kritische-masse.de\/logbuch\/2024\/02\/swr2-wird-zu-swr-kultur-ketchup-statt-adorno-spaetwerk-laengst-vollendet\/#breadcrumb"},"inLanguage":"de","potentialAction":[{"@type":"ReadAction","target":["https:\/\/www.kritische-masse.de\/logbuch\/2024\/02\/swr2-wird-zu-swr-kultur-ketchup-statt-adorno-spaetwerk-laengst-vollendet\/"]}]},{"@type":"ImageObject","inLanguage":"de","@id":"https:\/\/www.kritische-masse.de\/logbuch\/2024\/02\/swr2-wird-zu-swr-kultur-ketchup-statt-adorno-spaetwerk-laengst-vollendet\/#primaryimage","url":"https:\/\/i0.wp.com\/www.kritische-masse.de\/logbuch\/wp-content\/uploads\/2024\/02\/IMG_5419.jpg?fit=2379%2C2378&ssl=1","contentUrl":"https:\/\/i0.wp.com\/www.kritische-masse.de\/logbuch\/wp-content\/uploads\/2024\/02\/IMG_5419.jpg?fit=2379%2C2378&ssl=1","width":2379,"height":2378,"caption":"Bauchspuren"},{"@type":"BreadcrumbList","@id":"https:\/\/www.kritische-masse.de\/logbuch\/2024\/02\/swr2-wird-zu-swr-kultur-ketchup-statt-adorno-spaetwerk-laengst-vollendet\/#breadcrumb","itemListElement":[{"@type":"ListItem","position":1,"name":"Startseite","item":"https:\/\/www.kritische-masse.de\/logbuch\/"},{"@type":"ListItem","position":2,"name":"SWR2 wird zu SWR Kultur \/ Ketchup statt Adorno \/ Sp\u00e4twerk l\u00e4ngst vollendet"}]},{"@type":"WebSite","@id":"https:\/\/www.kritische-masse.de\/logbuch\/#website","url":"https:\/\/www.kritische-masse.de\/logbuch\/","name":"kritische masse","description":"amt f\u00fcr vermassungsschutz","publisher":{"@id":"https:\/\/www.kritische-masse.de\/logbuch\/#\/schema\/person\/14c491f46504e7f6b79db161f76def1c"},"alternateName":"das logbuch der kritischen masse","potentialAction":[{"@type":"SearchAction","target":{"@type":"EntryPoint","urlTemplate":"https:\/\/www.kritische-masse.de\/logbuch\/?s={search_term_string}"},"query-input":{"@type":"PropertyValueSpecification","valueRequired":true,"valueName":"search_term_string"}}],"inLanguage":"de"},{"@type":["Person","Organization"],"@id":"https:\/\/www.kritische-masse.de\/logbuch\/#\/schema\/person\/14c491f46504e7f6b79db161f76def1c","name":"der huflaikhan","image":{"@type":"ImageObject","inLanguage":"de","@id":"https:\/\/www.kritische-masse.de\/logbuch\/wp-content\/uploads\/2024\/01\/cropped-kritischmasse_man_512.jpg","url":"https:\/\/www.kritische-masse.de\/logbuch\/wp-content\/uploads\/2024\/01\/cropped-kritischmasse_man_512.jpg","contentUrl":"https:\/\/www.kritische-masse.de\/logbuch\/wp-content\/uploads\/2024\/01\/cropped-kritischmasse_man_512.jpg","width":512,"height":512,"caption":"der huflaikhan"},"logo":{"@id":"https:\/\/www.kritische-masse.de\/logbuch\/wp-content\/uploads\/2024\/01\/cropped-kritischmasse_man_512.jpg"},"description":"Betreiber der Kritischen Masse seit 1995. Seit 2023 Wiederaufnahme. Promotion mit einer Arbeit \u00fcber Adornos kompositorische und theoretische Auseinandersetzung mit der Zw\u00f6lftontechnik. Arbeit f\u00fcr den Bayerischen und den Mitteldeutschen Rundfunk als freier Autor und Regisseur \u2013 zumindest bis Ende 2015. Online-Redaktion f\u00fcr neue musikzeitung, Jazzzeitung und Oper &amp; Tanz. Ungl\u00fccklich, aber fast taub.","sameAs":["https:\/\/www.kritische-masse.de\/logbuch\/","https:\/\/www.facebook.com\/hufner"],"url":"https:\/\/www.kritische-masse.de\/logbuch\/author\/martin_d1juqiu5\/"}]}},"jetpack_publicize_connections":[],"jetpack_featured_media_url":"https:\/\/i0.wp.com\/www.kritische-masse.de\/logbuch\/wp-content\/uploads\/2024\/02\/IMG_5419.jpg?fit=2379%2C2378&ssl=1","categories_names":["Angriff auf \u2026","den Rundfunk","die Urteilskraft","Ich","Privates"],"post_class":[["post-9305","post","type-post","status-publish","format-standard","has-post-thumbnail","hentry","category-angriffauf","category-denrundfunk","category-dieurteilskraft","category-ich","category-privates","tag-ketchup","tag-neue-musik","tag-oeffentlich-rechtlicher-rundfunk","tag-theodor-w-adorno","entry","has-media"]],"author_avatar":["<img alt='' src='https:\/\/secure.gravatar.com\/avatar\/c23aee426d58e69f14ef471114d4cac215eec702ee1bc331e2a62ea77e96ed60?s=96&#038;d=blank&#038;r=g' srcset='https:\/\/secure.gravatar.com\/avatar\/c23aee426d58e69f14ef471114d4cac215eec702ee1bc331e2a62ea77e96ed60?s=192&#038;d=blank&#038;r=g 2x' class='avatar avatar-96 photo' height='96' width='96' loading='lazy' decoding='async'\/>"],"featured_video":null,"jetpack-related-posts":[{"id":8534,"url":"https:\/\/www.kritische-masse.de\/logbuch\/2015\/02\/traurige-tweets-orchesterkultur\/","url_meta":{"origin":9305,"position":0},"title":"Traurige Tweets \u2013 Orchesterkultur","author":"der huflaikhan","date":"17. Februar 2015","format":false,"excerpt":"Wir wissen bis heute noch nicht, wof\u00fcr Twitter jetzt mal so gut ist. Obwohl: Wissen wir schon. Kurznachrichtendienst, sagen die sogenannten Leitmedien mit ihrem qualit\u00e4tsgetr\u00e4nkten Leitjournalismus. Die nmz ist bei Twitter \u00fcbrigens auch pr\u00e4sent mit \u00fcber 3.600 Followern (@musikzeitung) und einem Strau\u00df von Kurznachrichten, \u00fcbrigens schon knapp 15.000 Tweets. Das\u2026","rel":"","context":"In &quot;Administratives&quot;","block_context":{"text":"Administratives","link":"https:\/\/www.kritische-masse.de\/logbuch\/category\/administratives\/"},"img":{"alt_text":"","src":"","width":0,"height":0},"classes":[]},{"id":8807,"url":"https:\/\/www.kritische-masse.de\/logbuch\/2019\/08\/sendungen-zu-adorno-in-kw-32-uebersicht-ueber-weniges-2\/","url_meta":{"origin":9305,"position":1},"title":"Sendungen zu Adorno in KW 32 \u2013 \u00dcbersicht \u00fcber Weniges","author":"der huflaikhan","date":"5. August 2019","format":false,"excerpt":"Sicher bin ich der letzte, der Gedanktagen besonders viel abgewinnen kann. Gedenktage werfen ein Schlaglicht: Pl\u00f6tzlich sind sie da, dann sind sie auch schon wieder weg. Morgen j\u00e4hrt sich der 50. Todestag von Theodor W. Adorno. Es ist zu erwarten, dass wenigstens die Publizistik sich dazu in einigen Artikel \u00e4u\u00dfern\u2026","rel":"","context":"In &quot;Zettelkasten&quot;","block_context":{"text":"Zettelkasten","link":"https:\/\/www.kritische-masse.de\/logbuch\/category\/zettelkasten\/"},"img":{"alt_text":"","src":"","width":0,"height":0},"classes":[]},{"id":8808,"url":"https:\/\/www.kritische-masse.de\/logbuch\/2019\/08\/sendungen-zu-adorno-in-kw-32-uebersicht-ueber-weniges\/","url_meta":{"origin":9305,"position":2},"title":"Sendungen zu Adorno in KW 32 \u2013 \u00dcbersicht \u00fcber Weniges","author":"der huflaikhan","date":"5. August 2019","format":false,"excerpt":"Sicher bin ich der letzte, der Gedanktagen besonders viel abgewinnen kann. Gedenktage werfen ein Schlaglicht: Pl\u00f6tzlich sind sie da, dann sind sie auch schon wieder weg. Morgen j\u00e4hrt sich der 50. Todestag von Theodor W. Adorno. Es ist zu erwarten, dass wenigstens die Publizistik sich dazu in einigen Artikel \u00e4u\u00dfern\u2026","rel":"","context":"In &quot;Zettelkasten&quot;","block_context":{"text":"Zettelkasten","link":"https:\/\/www.kritische-masse.de\/logbuch\/category\/zettelkasten\/"},"img":{"alt_text":"","src":"","width":0,"height":0},"classes":[]},{"id":8506,"url":"https:\/\/www.kritische-masse.de\/logbuch\/2014\/10\/funksoldaten-in-perfektion-radio-multi-schnulli\/","url_meta":{"origin":9305,"position":3},"title":"Funksoldaten in Perfektion: Radio Multi-Schnulli","author":"der huflaikhan","date":"21. Oktober 2014","format":false,"excerpt":"Vor ein paar Jahren sollte es unter Peter Vo\u00df dem Vokalsensemble an den Kragen gehen, jetzt hat es nachhaltig die Orchester erwischt. Der SWR macht keine gute Figur, wenn es um Kunst geht. Vor circa einem Jahr strahlte man den Wahlwerbespot der \u201eDie PARTEI\u201c nicht aus (wie auch der WDR).\u2026","rel":"","context":"In &quot;die Politik&quot;","block_context":{"text":"die Politik","link":"https:\/\/www.kritische-masse.de\/logbuch\/category\/angriffauf\/die-politik\/"},"img":{"alt_text":"","src":"https:\/\/i0.wp.com\/img.youtube.com\/vi\/rrwa4dJb5TE\/0.jpg?resize=350%2C200","width":350,"height":200},"classes":[]},{"id":9261,"url":"https:\/\/www.kritische-masse.de\/logbuch\/2024\/02\/der-frosch-die-erdkroete-und-das-kulturradio\/","url_meta":{"origin":9305,"position":4},"title":"Der Frosch, die Erdkr\u00f6te und das Kulturradio","author":"der huflaikhan","date":"20. Februar 2024","format":false,"excerpt":"Der Frosch ist eine Erdkr\u00f6te \u2026 und was uns das \u00fcber die Kommunikationskultur sagen kann +++ Das Kulturradio, seine Abwirtschaftung \u2026 und warum ChatGPT gar nicht so dumm ist wie die Intendanzen der Rundfunkanstalten und deren Berater:innen +++","rel":"","context":"In &quot;die Kommunikation&quot;","block_context":{"text":"die Kommunikation","link":"https:\/\/www.kritische-masse.de\/logbuch\/category\/angriffauf\/die-kommunikation\/"},"img":{"alt_text":"Der Frosch, der eine Erdkr\u00f6te ist. Foto: Hufner","src":"https:\/\/i0.wp.com\/www.kritische-masse.de\/logbuch\/wp-content\/uploads\/2024\/02\/IMG_5760-scaled.jpg?fit=1200%2C900&ssl=1&resize=350%2C200","width":350,"height":200,"srcset":"https:\/\/i0.wp.com\/www.kritische-masse.de\/logbuch\/wp-content\/uploads\/2024\/02\/IMG_5760-scaled.jpg?fit=1200%2C900&ssl=1&resize=350%2C200 1x, https:\/\/i0.wp.com\/www.kritische-masse.de\/logbuch\/wp-content\/uploads\/2024\/02\/IMG_5760-scaled.jpg?fit=1200%2C900&ssl=1&resize=525%2C300 1.5x, https:\/\/i0.wp.com\/www.kritische-masse.de\/logbuch\/wp-content\/uploads\/2024\/02\/IMG_5760-scaled.jpg?fit=1200%2C900&ssl=1&resize=700%2C400 2x, https:\/\/i0.wp.com\/www.kritische-masse.de\/logbuch\/wp-content\/uploads\/2024\/02\/IMG_5760-scaled.jpg?fit=1200%2C900&ssl=1&resize=1050%2C600 3x"},"classes":[]},{"id":8474,"url":"https:\/\/www.kritische-masse.de\/logbuch\/2014\/09\/wdr-contra-swr-100\/","url_meta":{"origin":9305,"position":5},"title":"WDR contra SWR? 10:0","author":"der huflaikhan","date":"2. September 2014","format":false,"excerpt":"Moritz Eggert hat Tom Buhrow vor einigen Wochen einen offenen Brief im BadBlog Of Musick geschrieben. Dieser Brief ist extrem weit \u00fcber die sozialen Medien gestreut worden, jedenfalls f\u00fcr ein kulturpolitische Angelegenheit kam der Brief \u00e4u\u00dfert weit herum \u2013 und er fand Zuspruch in weiten Teilen. Kritik bezog sich auf\u2026","rel":"","context":"In &quot;die Politik&quot;","block_context":{"text":"die Politik","link":"https:\/\/www.kritische-masse.de\/logbuch\/category\/angriffauf\/die-politik\/"},"img":{"alt_text":"Lenin","src":"https:\/\/i0.wp.com\/www.kritische-masse.de\/logbuch\/wp-content\/uploads\/2004\/07\/20040718-lenin2.jpg?fit=500%2C334&ssl=1&resize=350%2C200","width":350,"height":200},"classes":[]}],"jetpack_sharing_enabled":true,"public_identification_id":"60ab1ba62eb84ee3a7fc8369f619b108","private_identification_id":"d02e9c932d38410cbfcf21cb2e080df7","_links":{"self":[{"href":"https:\/\/www.kritische-masse.de\/logbuch\/wp-json\/wp\/v2\/posts\/9305","targetHints":{"allow":["GET"]}}],"collection":[{"href":"https:\/\/www.kritische-masse.de\/logbuch\/wp-json\/wp\/v2\/posts"}],"about":[{"href":"https:\/\/www.kritische-masse.de\/logbuch\/wp-json\/wp\/v2\/types\/post"}],"author":[{"embeddable":true,"href":"https:\/\/www.kritische-masse.de\/logbuch\/wp-json\/wp\/v2\/users\/1"}],"replies":[{"embeddable":true,"href":"https:\/\/www.kritische-masse.de\/logbuch\/wp-json\/wp\/v2\/comments?post=9305"}],"version-history":[{"count":0,"href":"https:\/\/www.kritische-masse.de\/logbuch\/wp-json\/wp\/v2\/posts\/9305\/revisions"}],"wp:featuredmedia":[{"embeddable":true,"href":"https:\/\/www.kritische-masse.de\/logbuch\/wp-json\/wp\/v2\/media\/9308"}],"wp:attachment":[{"href":"https:\/\/www.kritische-masse.de\/logbuch\/wp-json\/wp\/v2\/media?parent=9305"}],"wp:term":[{"taxonomy":"category","embeddable":true,"href":"https:\/\/www.kritische-masse.de\/logbuch\/wp-json\/wp\/v2\/categories?post=9305"},{"taxonomy":"post_tag","embeddable":true,"href":"https:\/\/www.kritische-masse.de\/logbuch\/wp-json\/wp\/v2\/tags?post=9305"}],"curies":[{"name":"wp","href":"https:\/\/api.w.org\/{rel}","templated":true}]}}