{"id":9514,"date":"2024-04-03T13:30:01","date_gmt":"2024-04-03T11:30:01","guid":{"rendered":"https:\/\/www.kritische-masse.de\/logbuch\/?p=9514"},"modified":"2024-04-03T13:30:01","modified_gmt":"2024-04-03T11:30:01","slug":"der-kulturfunk-graebt-den-schacht-von-babel-schleichender-tod-beim-rbb","status":"publish","type":"post","link":"https:\/\/www.kritische-masse.de\/logbuch\/2024\/04\/der-kulturfunk-graebt-den-schacht-von-babel-schleichender-tod-beim-rbb\/","title":{"rendered":"Der Kulturfunk gr\u00e4bt den Schacht von Babel \/ Schleichender Tod beim r[bb]"},"content":{"rendered":"<div class=\"shariff shariff-align-left shariff-widget-align-left\"><ul class=\"shariff-buttons theme-white orientation-horizontal buttonsize-small\"><li class=\"shariff-button mastodon shariff-nocustomcolor\" style=\"background-color:#563ACC\"><a href=\"https:\/\/s2f.kytta.dev\/?text=Der%20Kulturfunk%20gr%C3%A4bt%20den%20Schacht%20von%20Babel%20%2F%20Schleichender%20Tod%20beim%20r%5Bbb%5D https%3A%2F%2Fwww.kritische-masse.de%2Flogbuch%2F2024%2F04%2Fder-kulturfunk-graebt-den-schacht-von-babel-schleichender-tod-beim-rbb%2F\" title=\"Bei Mastodon teilen\" aria-label=\"Bei Mastodon teilen\" role=\"button\" rel=\"noopener nofollow\" class=\"shariff-link\" style=\"; background-color:#6364FF; color:#6364FF\" target=\"_blank\"><span class=\"shariff-icon\" style=\"fill:#6364FF\"><svg width=\"75\" height=\"79\" viewBox=\"0 0 75 79\" fill=\"none\" xmlns=\"http:\/\/www.w3.org\/2000\/svg\"><path d=\"M37.813-.025C32.462-.058 27.114.13 21.79.598c-8.544.621-17.214 5.58-20.203 13.931C-1.12 23.318.408 32.622.465 41.65c.375 7.316.943 14.78 3.392 21.73 4.365 9.465 14.781 14.537 24.782 15.385 7.64.698 15.761-.213 22.517-4.026a54.1 54.1 0 0 0 .01-6.232c-6.855 1.316-14.101 2.609-21.049 1.074-3.883-.88-6.876-4.237-7.25-8.215-1.53-3.988 3.78-.43 5.584-.883 9.048 1.224 18.282.776 27.303-.462 7.044-.837 14.26-4.788 16.65-11.833 2.263-6.135 1.215-12.79 1.698-19.177.06-3.84.09-7.692-.262-11.52C72.596 7.844 63.223.981 53.834.684a219.453 219.453 0 0 0-16.022-.71zm11.294 12.882c5.5-.067 10.801 4.143 11.67 9.653.338 1.48.471 3 .471 4.515v21.088h-8.357c-.07-7.588.153-15.182-.131-22.765-.587-4.368-7.04-5.747-9.672-2.397-2.422 3.04-1.47 7.155-1.67 10.735v6.392h-8.307c-.146-4.996.359-10.045-.404-15.002-1.108-4.218-7.809-5.565-10.094-1.666-1.685 3.046-.712 6.634-.976 9.936v14.767h-8.354c.109-8.165-.238-16.344.215-24.5.674-5.346 5.095-10.389 10.676-10.627 4.902-.739 10.103 2.038 12.053 6.631.375 1.435 1.76 1.932 1.994.084 1.844-3.704 5.501-6.739 9.785-6.771.367-.044.735-.068 1.101-.073z\"\/><defs><linearGradient id=\"paint0_linear_549_34\" x1=\"37.0692\" y1=\"0\" x2=\"37.0692\" y2=\"79\" gradientUnits=\"userSpaceOnUse\"><stop stop-color=\"#6364FF\"\/><stop offset=\"1\" stop-color=\"#563ACC\"\/><\/linearGradient><\/defs><\/svg><\/span><span class=\"shariff-text\" style=\"color:#6364FF\">teilen<\/span>&nbsp;<\/a><\/li><li class=\"shariff-button bluesky shariff-nocustomcolor\" style=\"background-color:#84c4ff\"><a href=\"https:\/\/bsky.app\/intent\/compose?text=Der%20Kulturfunk%20gr%C3%A4bt%20den%20Schacht%20von%20Babel%20%2F%20Schleichender%20Tod%20beim%20r%5Bbb%5D https%3A%2F%2Fwww.kritische-masse.de%2Flogbuch%2F2024%2F04%2Fder-kulturfunk-graebt-den-schacht-von-babel-schleichender-tod-beim-rbb%2F \" title=\"Bei Bluesky teilen\" aria-label=\"Bei Bluesky teilen\" role=\"button\" rel=\"noopener nofollow\" class=\"shariff-link\" style=\"; background-color:#0085ff; color:#0085ff\" target=\"_blank\"><span class=\"shariff-icon\" style=\"fill:#0085ff\"><svg width=\"20\" height=\"20\" version=\"1.1\" xmlns=\"http:\/\/www.w3.org\/2000\/svg\" viewBox=\"0 0 20 20\"><path class=\"st0\" d=\"M4.89,3.12c2.07,1.55,4.3,4.71,5.11,6.4.82-1.69,3.04-4.84,5.11-6.4,1.49-1.12,3.91-1.99,3.91.77,0,.55-.32,4.63-.5,5.3-.64,2.3-2.99,2.89-5.08,2.54,3.65.62,4.58,2.68,2.57,4.74-3.81,3.91-5.48-.98-5.9-2.23-.08-.23-.11-.34-.12-.25,0-.09-.04.02-.12.25-.43,1.25-2.09,6.14-5.9,2.23-2.01-2.06-1.08-4.12,2.57-4.74-2.09.36-4.44-.23-5.08-2.54-.19-.66-.5-4.74-.5-5.3,0-2.76,2.42-1.89,3.91-.77h0Z\"\/><\/svg><\/span><span class=\"shariff-text\" style=\"color:#0085ff\">teilen<\/span>&nbsp;<\/a><\/li><li class=\"shariff-button threema shariff-nocustomcolor shariff-mobile\" style=\"background-color:#4fbc24\"><a href=\"threema:\/\/compose?text=Der%20Kulturfunk%20gr%C3%A4bt%20den%20Schacht%20von%20Babel%20%2F%20Schleichender%20Tod%20beim%20r%5Bbb%5D%20https%3A%2F%2Fwww.kritische-masse.de%2Flogbuch%2F2024%2F04%2Fder-kulturfunk-graebt-den-schacht-von-babel-schleichender-tod-beim-rbb%2F\" title=\"Bei Threema teilen\" aria-label=\"Bei Threema teilen\" role=\"button\" rel=\"noopener nofollow\" class=\"shariff-link\" style=\"; background-color:#1f1f1f; color:#1f1f1f\" target=\"_blank\"><span class=\"shariff-icon\" style=\"fill:#1f1f1f\"><svg width=\"32px\" height=\"20px\" xmlns=\"http:\/\/www.w3.org\/2000\/svg\" viewBox=\"0 0 32 32\"><path fill=\"#1f1f1f\" d=\"M30.8 10.9c-0.3-1.4-0.9-2.6-1.8-3.8-2-2.6-5.5-4.5-9.4-5.2-1.3-0.2-1.9-0.3-3.5-0.3s-2.2 0-3.5 0.3c-4 0.7-7.4 2.6-9.4 5.2-0.9 1.2-1.5 2.4-1.8 3.8-0.1 0.5-0.2 1.2-0.2 1.6 0 0.4 0.1 1.1 0.2 1.6 0.4 1.9 1.3 3.4 2.9 5 0.8 0.8 0.8 0.8 0.7 1.3 0 0.6-0.5 1.6-1.7 3.6-0.3 0.5-0.5 0.9-0.5 0.9 0 0.1 0.1 0.1 0.5 0 0.8-0.2 2.3-0.6 5.6-1.6 1.1-0.3 1.3-0.4 2.3-0.4 0.8 0 1.1 0 2.3 0.2 1.5 0.2 3.5 0.2 4.9 0 5.1-0.6 9.3-2.9 11.4-6.3 0.5-0.9 0.9-1.8 1.1-2.8 0.1-0.5 0.2-1.1 0.2-1.6 0-0.7-0.1-1.1-0.2-1.6-0.3-1.4 0.1 0.5 0 0zM20.6 17.3c0 0.4-0.4 0.8-0.8 0.8h-7.7c-0.4 0-0.8-0.4-0.8-0.8v-4.6c0-0.4 0.4-0.8 0.8-0.8h0.2l0-1.6c0-0.9 0-1.8 0.1-2 0.1-0.6 0.6-1.2 1.1-1.7s1.1-0.7 1.9-0.8c1.8-0.3 3.7 0.7 4.2 2.2 0.1 0.3 0.1 0.7 0.1 2.1v0 1.7h0.1c0.4 0 0.8 0.4 0.8 0.8v4.6zM15.6 7.3c-0.5 0.1-0.8 0.3-1.2 0.6s-0.6 0.8-0.7 1.3c0 0.2 0 0.8 0 1.5l0 1.2h4.6v-1.3c0-1 0-1.4-0.1-1.6-0.3-1.1-1.5-1.9-2.6-1.7zM25.8 28.2c0 1.2-1 2.2-2.1 2.2s-2.1-1-2.1-2.1c0-1.2 1-2.1 2.2-2.1s2.2 1 2.2 2.2zM18.1 28.2c0 1.2-1 2.2-2.1 2.2s-2.1-1-2.1-2.1c0-1.2 1-2.1 2.2-2.1s2.2 1 2.2 2.2zM10.4 28.2c0 1.2-1 2.2-2.1 2.2s-2.1-1-2.1-2.1c0-1.2 1-2.1 2.2-2.1s2.2 1 2.2 2.2z\"\/><\/svg><\/span><span class=\"shariff-text\" style=\"color:#1f1f1f\">teilen<\/span>&nbsp;<\/a><\/li><li class=\"shariff-button facebook shariff-nocustomcolor\" style=\"background-color:#4273c8\"><a href=\"https:\/\/www.facebook.com\/sharer\/sharer.php?u=https%3A%2F%2Fwww.kritische-masse.de%2Flogbuch%2F2024%2F04%2Fder-kulturfunk-graebt-den-schacht-von-babel-schleichender-tod-beim-rbb%2F\" title=\"Bei Facebook teilen\" aria-label=\"Bei Facebook teilen\" role=\"button\" rel=\"nofollow\" class=\"shariff-link\" style=\"; background-color:#3b5998; color:#3b5998\" target=\"_blank\"><span class=\"shariff-icon\" style=\"fill:#3b5998\"><svg width=\"32px\" height=\"20px\" xmlns=\"http:\/\/www.w3.org\/2000\/svg\" viewBox=\"0 0 18 32\"><path fill=\"#3b5998\" d=\"M17.1 0.2v4.7h-2.8q-1.5 0-2.1 0.6t-0.5 1.9v3.4h5.2l-0.7 5.3h-4.5v13.6h-5.5v-13.6h-4.5v-5.3h4.5v-3.9q0-3.3 1.9-5.2t5-1.8q2.6 0 4.1 0.2z\"\/><\/svg><\/span><span class=\"shariff-text\" style=\"color:#3b5998\">teilen<\/span>&nbsp;<\/a><\/li><li class=\"shariff-button info shariff-nocustomcolor\" style=\"background-color:#a8a8a8\"><a href=\"http:\/\/ct.de\/-2467514\" title=\"Weitere Informationen\" aria-label=\"Weitere Informationen\" role=\"button\" rel=\"noopener \" class=\"shariff-link\" style=\"; background-color:#999; color:#999\" target=\"_blank\"><span class=\"shariff-icon\" style=\"fill:#999\"><svg width=\"32px\" height=\"20px\" xmlns=\"http:\/\/www.w3.org\/2000\/svg\" viewBox=\"0 0 11 32\"><path fill=\"#999\" d=\"M11.4 24v2.3q0 0.5-0.3 0.8t-0.8 0.4h-9.1q-0.5 0-0.8-0.4t-0.4-0.8v-2.3q0-0.5 0.4-0.8t0.8-0.4h1.1v-6.8h-1.1q-0.5 0-0.8-0.4t-0.4-0.8v-2.3q0-0.5 0.4-0.8t0.8-0.4h6.8q0.5 0 0.8 0.4t0.4 0.8v10.3h1.1q0.5 0 0.8 0.4t0.3 0.8zM9.2 3.4v3.4q0 0.5-0.4 0.8t-0.8 0.4h-4.6q-0.4 0-0.8-0.4t-0.4-0.8v-3.4q0-0.4 0.4-0.8t0.8-0.4h4.6q0.5 0 0.8 0.4t0.4 0.8z\"\/><\/svg><\/span><\/a><\/li><\/ul><\/div><p>Leider l\u00e4sst uns der Rundfunk keine Ruhe. Ihm selbst ist es recht egal. F\u00fcr die Macher:innen ist es Innengestaltung eines Zimmers. Siehe heutiges Altpapier aus dem ich <a href=\"https:\/\/www.mdr.de\/altpapier\/das-altpapier-3598.html#sprung0\">mal zitierend zitiere<\/a>.<\/p>\n<blockquote><p><em>\u201eSo wie Sie vermutlich zu Hause hin und wieder ein Regal umstellen, ein neues Bild aufh\u00e4ngen oder eine lieb gewonnene Gewohnheit ver\u00e4ndern, so haben wir Bayern 2 einen neuen Anstrich gegeben\u201c (Stefan Maier)<br \/>\n<\/em><\/p>\n<p>Doch das passiere ja h\u00e4ufig, wenn \u201ejemand im Wohnzimmer die M\u00f6bel umstellt\u201c. (Hackenberg)<\/p><\/blockquote>\n<p>Und bald ist der Umbau herrlich meditativ in der Durchf\u00fchrung. Und so bitter im Ergebnis.<\/p>\n<div id=\"ez-toc-container\" class=\"ez-toc-v2_0_82_2 ez-toc-wrap-center counter-hierarchy ez-toc-counter ez-toc-light-blue ez-toc-container-direction\">\n<div class=\"ez-toc-title-container\">\n<p class=\"ez-toc-title\" style=\"cursor:inherit\">Inhalt<\/p>\n<span class=\"ez-toc-title-toggle\"><a href=\"#\" class=\"ez-toc-pull-right ez-toc-btn ez-toc-btn-xs ez-toc-btn-default ez-toc-toggle\" aria-label=\"Toggle Table of Content\"><span class=\"ez-toc-js-icon-con\"><span class=\"\"><span class=\"eztoc-hide\" style=\"display:none;\">Toggle<\/span><span class=\"ez-toc-icon-toggle-span\"><svg style=\"fill: #999;color:#999\" xmlns=\"http:\/\/www.w3.org\/2000\/svg\" class=\"list-377408\" width=\"20px\" height=\"20px\" viewBox=\"0 0 24 24\" fill=\"none\"><path d=\"M6 6H4v2h2V6zm14 0H8v2h12V6zM4 11h2v2H4v-2zm16 0H8v2h12v-2zM4 16h2v2H4v-2zm16 0H8v2h12v-2z\" fill=\"currentColor\"><\/path><\/svg><svg style=\"fill: #999;color:#999\" class=\"arrow-unsorted-368013\" xmlns=\"http:\/\/www.w3.org\/2000\/svg\" width=\"10px\" height=\"10px\" viewBox=\"0 0 24 24\" version=\"1.2\" baseProfile=\"tiny\"><path d=\"M18.2 9.3l-6.2-6.3-6.2 6.3c-.2.2-.3.4-.3.7s.1.5.3.7c.2.2.4.3.7.3h11c.3 0 .5-.1.7-.3.2-.2.3-.5.3-.7s-.1-.5-.3-.7zM5.8 14.7l6.2 6.3 6.2-6.3c.2-.2.3-.5.3-.7s-.1-.5-.3-.7c-.2-.2-.4-.3-.7-.3h-11c-.3 0-.5.1-.7.3-.2.2-.3.5-.3.7s.1.5.3.7z\"\/><\/svg><\/span><\/span><\/span><\/a><\/span><\/div>\n<nav><ul class='ez-toc-list ez-toc-list-level-1 ' ><li class='ez-toc-page-1 ez-toc-heading-level-3'><a class=\"ez-toc-link ez-toc-heading-1\" href=\"https:\/\/www.kritische-masse.de\/logbuch\/2024\/04\/der-kulturfunk-graebt-den-schacht-von-babel-schleichender-tod-beim-rbb\/#Das_neue_Sendeschema_von_r3\" >Das neue Sendeschema von r3:<\/a><\/li><li class='ez-toc-page-1 ez-toc-heading-level-3'><a class=\"ez-toc-link ez-toc-heading-2\" href=\"https:\/\/www.kritische-masse.de\/logbuch\/2024\/04\/der-kulturfunk-graebt-den-schacht-von-babel-schleichender-tod-beim-rbb\/#Aus_rbbKulturradio_wird_3\" >Aus rbbKulturradio wird 3<\/a><\/li><li class='ez-toc-page-1 ez-toc-heading-level-3'><a class=\"ez-toc-link ez-toc-heading-3\" href=\"https:\/\/www.kritische-masse.de\/logbuch\/2024\/04\/der-kulturfunk-graebt-den-schacht-von-babel-schleichender-tod-beim-rbb\/#Schnell_noch_eine_Erinnerung_an_W_H_Auden\" >Schnell noch eine Erinnerung an W. H. Auden<\/a><\/li><li class='ez-toc-page-1 ez-toc-heading-level-3'><a class=\"ez-toc-link ez-toc-heading-4\" href=\"https:\/\/www.kritische-masse.de\/logbuch\/2024\/04\/der-kulturfunk-graebt-den-schacht-von-babel-schleichender-tod-beim-rbb\/#Andere_Meditationen_bitte\" >Andere Meditationen bitte<\/a><\/li><\/ul><\/nav><\/div>\n<h3><span class=\"ez-toc-section\" id=\"Das_neue_Sendeschema_von_r3\"><\/span>Das neue Sendeschema von r3:<span class=\"ez-toc-section-end\"><\/span><\/h3>\n<p>Heute:<\/p>\n<ul>\n<li>16:10 radio3 Aktuell<\/li>\n<li>16:20 radio3 Aktuell<\/li>\n<li>16:30 Kultur Kompakt<\/li>\n<li>16:40 radio3 Aktuell<\/li>\n<li>16:50 radio3 Aktuell<\/li>\n<li>17:10 radio3 Aktuell<\/li>\n<li>17:20 radio3 Aktuell<\/li>\n<li>17:30 Kultur Kompakt<\/li>\n<li>17:40 radio3 Aktuell<\/li>\n<li>17:50 radio3 Aktuell<\/li>\n<li>18:10 radio3 Aktuell<\/li>\n<li>18:20 radio3 Aktuell<\/li>\n<li>18:30 Kultur Kompakt<\/li>\n<li>18:40 radio3 Aktuell<\/li>\n<li>18:50 radio3 Aktuell<\/li>\n<\/ul>\n<h3><span class=\"ez-toc-section\" id=\"Aus_rbbKulturradio_wird_3\"><\/span>Aus rbbKulturradio wird 3<span class=\"ez-toc-section-end\"><\/span><\/h3>\n<p>Der rbb macht Ernst. Seit gestern, rbbKultur zu radio 3 geworden. Ab morgen bereits nur noch \u201e3\u201c. Man hat ermittelt, dass man auf diese Weise weitere kostbare Sendeminuten sparen kann, wenn man statt \u201eradio 3\u201c nur noch \u201e3\u201c sagt. So bleibe mehr Platz f\u00fcr wirkliche Kultur. Auch spart es an der L\u00e4nge der Internetadresse, wenn man nur noch 3.de hei\u00dft. F\u00fcr den Rundfunkbeitrag hei\u00dft es, dass er um 18% gesenkt werden kann. SWR 2 plant \u00c4hnliches. Der WDR 3 k\u00fcrzt auf \u201ei\u201c \u2013 BR-KLASSIK wird zu \u201eX\u201c. Glauben Sie nicht? Issso. Kagel z\u00e4hlt die Sekunden runter. Rainer Nonnenmann hat in der nmz weitere Rechnungen ohne die Wirt:in aufgemacht. Eine Reprotage dauert 90 Sekunden. Das Eckige muss raus.<\/p>\n<ul>\n<li class=\"card__title\"><a tabindex=\"-1\" href=\"https:\/\/www.nmz.de\/politik-betrieb\/medien\/apokalypse-now\" rel=\"bookmark\">Apokalypse Now?<br \/>\nSchema, Auswirkungen, Absurdit\u00e4ten und Verluste der ARD-Reform \u00b7 Von Rainer Nonnenmann<\/a><\/li>\n<\/ul>\n<h3><span class=\"ez-toc-section\" id=\"Schnell_noch_eine_Erinnerung_an_W_H_Auden\"><\/span>Schnell noch eine Erinnerung an W. H. Auden<span class=\"ez-toc-section-end\"><\/span><\/h3>\n<p>Das Gedicht ist bereits von 1973.<\/p>\n<figure id=\"attachment_9515\" aria-describedby=\"caption-attachment-9515\" style=\"width: 840px\" class=\"wp-caption aligncenter\"><a href=\"https:\/\/i0.wp.com\/www.kritische-masse.de\/logbuch\/wp-content\/uploads\/2024\/04\/04-02-Das-ist-schon-sehr-verrueckt.-Aus-meinem-kleinen-Lyrik-Regal-W.-H.-Auden-ca.-1973.jpg?ssl=1\"><img data-recalc-dims=\"1\" loading=\"lazy\" decoding=\"async\" data-attachment-id=\"9515\" data-permalink=\"https:\/\/www.kritische-masse.de\/logbuch\/2024\/04\/der-kulturfunk-graebt-den-schacht-von-babel-schleichender-tod-beim-rbb\/04-02-das-ist-schon-sehr-verrueckt-aus-meinem-kleinen-lyrik-regal-w-h-auden-ca-1973\/\" data-orig-file=\"https:\/\/i0.wp.com\/www.kritische-masse.de\/logbuch\/wp-content\/uploads\/2024\/04\/04-02-Das-ist-schon-sehr-verrueckt.-Aus-meinem-kleinen-Lyrik-Regal-W.-H.-Auden-ca.-1973.jpg?fit=1832%2C2048&amp;ssl=1\" data-orig-size=\"1832,2048\" data-comments-opened=\"1\" data-image-meta=\"{&quot;aperture&quot;:&quot;0&quot;,&quot;credit&quot;:&quot;&quot;,&quot;camera&quot;:&quot;&quot;,&quot;caption&quot;:&quot;&quot;,&quot;created_timestamp&quot;:&quot;0&quot;,&quot;copyright&quot;:&quot;&quot;,&quot;focal_length&quot;:&quot;0&quot;,&quot;iso&quot;:&quot;0&quot;,&quot;shutter_speed&quot;:&quot;0&quot;,&quot;title&quot;:&quot;&quot;,&quot;orientation&quot;:&quot;0&quot;}\" data-image-title=\"04 02 Das ist schon sehr verru\u0308ckt. Aus meinem kleinen Lyrik Regal W. H. Auden ca. 1973.\" data-image-description=\"&lt;p&gt;04 02 Das ist schon sehr verru\u0308ckt. Aus meinem kleinen Lyrik Regal W. H. Auden ca. 1973.&lt;\/p&gt;\n\" data-image-caption=\"&lt;p&gt;04 02 Das ist schon sehr verru\u0308ckt. Aus meinem kleinen Lyrik Regal W. H. Auden ca. 1973.&lt;\/p&gt;\n\" data-large-file=\"https:\/\/i0.wp.com\/www.kritische-masse.de\/logbuch\/wp-content\/uploads\/2024\/04\/04-02-Das-ist-schon-sehr-verrueckt.-Aus-meinem-kleinen-Lyrik-Regal-W.-H.-Auden-ca.-1973.jpg?fit=916%2C1024&amp;ssl=1\" class=\"size-large wp-image-9515\" title=\"04 02 Das ist schon sehr verru\u0308ckt. Aus meinem kleinen Lyrik Regal W. H. Auden ca. 1973.\" src=\"https:\/\/i0.wp.com\/www.kritische-masse.de\/logbuch\/wp-content\/uploads\/2024\/04\/04-02-Das-ist-schon-sehr-verrueckt.-Aus-meinem-kleinen-Lyrik-Regal-W.-H.-Auden-ca.-1973.jpg?resize=840%2C939&#038;ssl=1\" alt=\"04 02 Das ist schon sehr verru\u0308ckt. Aus meinem kleinen Lyrik Regal W. H. Auden ca. 1973.\" width=\"840\" height=\"939\" srcset=\"https:\/\/i0.wp.com\/www.kritische-masse.de\/logbuch\/wp-content\/uploads\/2024\/04\/04-02-Das-ist-schon-sehr-verrueckt.-Aus-meinem-kleinen-Lyrik-Regal-W.-H.-Auden-ca.-1973.jpg?resize=916%2C1024&amp;ssl=1 916w, https:\/\/i0.wp.com\/www.kritische-masse.de\/logbuch\/wp-content\/uploads\/2024\/04\/04-02-Das-ist-schon-sehr-verrueckt.-Aus-meinem-kleinen-Lyrik-Regal-W.-H.-Auden-ca.-1973.jpg?resize=268%2C300&amp;ssl=1 268w, https:\/\/i0.wp.com\/www.kritische-masse.de\/logbuch\/wp-content\/uploads\/2024\/04\/04-02-Das-ist-schon-sehr-verrueckt.-Aus-meinem-kleinen-Lyrik-Regal-W.-H.-Auden-ca.-1973.jpg?resize=768%2C859&amp;ssl=1 768w, https:\/\/i0.wp.com\/www.kritische-masse.de\/logbuch\/wp-content\/uploads\/2024\/04\/04-02-Das-ist-schon-sehr-verrueckt.-Aus-meinem-kleinen-Lyrik-Regal-W.-H.-Auden-ca.-1973.jpg?resize=1374%2C1536&amp;ssl=1 1374w, https:\/\/i0.wp.com\/www.kritische-masse.de\/logbuch\/wp-content\/uploads\/2024\/04\/04-02-Das-ist-schon-sehr-verrueckt.-Aus-meinem-kleinen-Lyrik-Regal-W.-H.-Auden-ca.-1973.jpg?resize=1320%2C1476&amp;ssl=1 1320w, https:\/\/i0.wp.com\/www.kritische-masse.de\/logbuch\/wp-content\/uploads\/2024\/04\/04-02-Das-ist-schon-sehr-verrueckt.-Aus-meinem-kleinen-Lyrik-Regal-W.-H.-Auden-ca.-1973.jpg?w=1832&amp;ssl=1 1832w\" sizes=\"auto, (max-width: 840px) 100vw, 840px\" \/><\/a><figcaption id=\"caption-attachment-9515\" class=\"wp-caption-text\">04 02 Das ist schon sehr verru\u0308ckt. Aus meinem kleinen Lyrik Regal W. H. Auden ca. 1973.<\/figcaption><\/figure>\n<p>Spricht man von fossiler Energie beim Diesel, so ist das auch euphemistisch. \u201eFossil\u201c, das klingt so gew\u00e4hlt. Das steht so hier nicht drin. Aber es wirkt an anderer Stelle im gleichen Thema nach und nach.<\/p>\n<h3><span class=\"ez-toc-section\" id=\"Andere_Meditationen_bitte\"><\/span>Andere Meditationen bitte<span class=\"ez-toc-section-end\"><\/span><\/h3>\n<figure id=\"attachment_9516\" aria-describedby=\"caption-attachment-9516\" style=\"width: 840px\" class=\"wp-caption aligncenter\"><a href=\"https:\/\/i0.wp.com\/www.kritische-masse.de\/logbuch\/wp-content\/uploads\/2024\/04\/04-02-Der-andere-Baum-bei-Schenkenhorst.-%C2%A9-MH.jpg?ssl=1\"><img data-recalc-dims=\"1\" loading=\"lazy\" decoding=\"async\" data-attachment-id=\"9516\" data-permalink=\"https:\/\/www.kritische-masse.de\/logbuch\/2024\/04\/der-kulturfunk-graebt-den-schacht-von-babel-schleichender-tod-beim-rbb\/04-02-der-andere-baum-bei-schenkenhorst-mh\/\" data-orig-file=\"https:\/\/i0.wp.com\/www.kritische-masse.de\/logbuch\/wp-content\/uploads\/2024\/04\/04-02-Der-andere-Baum-bei-Schenkenhorst.-%C2%A9-MH.jpg?fit=1080%2C1080&amp;ssl=1\" data-orig-size=\"1080,1080\" data-comments-opened=\"1\" data-image-meta=\"{&quot;aperture&quot;:&quot;0&quot;,&quot;credit&quot;:&quot;&quot;,&quot;camera&quot;:&quot;&quot;,&quot;caption&quot;:&quot;&quot;,&quot;created_timestamp&quot;:&quot;0&quot;,&quot;copyright&quot;:&quot;&quot;,&quot;focal_length&quot;:&quot;0&quot;,&quot;iso&quot;:&quot;0&quot;,&quot;shutter_speed&quot;:&quot;0&quot;,&quot;title&quot;:&quot;&quot;,&quot;orientation&quot;:&quot;0&quot;}\" data-image-title=\"04 02 Der andere Baum bei Schenkenhorst. \u00a9 MH\" data-image-description=\"&lt;p&gt;04 02 Der andere Baum bei Schenkenhorst. \u00a9 MH&lt;\/p&gt;\n\" data-image-caption=\"&lt;p&gt;04 02 Der andere Baum bei Schenkenhorst. \u00a9 MH&lt;\/p&gt;\n\" data-large-file=\"https:\/\/i0.wp.com\/www.kritische-masse.de\/logbuch\/wp-content\/uploads\/2024\/04\/04-02-Der-andere-Baum-bei-Schenkenhorst.-%C2%A9-MH.jpg?fit=1024%2C1024&amp;ssl=1\" class=\"size-large wp-image-9516\" title=\"04 02 Der andere Baum bei Schenkenhorst. \u00a9 MH\" src=\"https:\/\/i0.wp.com\/www.kritische-masse.de\/logbuch\/wp-content\/uploads\/2024\/04\/04-02-Der-andere-Baum-bei-Schenkenhorst.-%C2%A9-MH.jpg?resize=840%2C840&#038;ssl=1\" alt=\"04 02 Der andere Baum bei Schenkenhorst. \u00a9 MH\" width=\"840\" height=\"840\" srcset=\"https:\/\/i0.wp.com\/www.kritische-masse.de\/logbuch\/wp-content\/uploads\/2024\/04\/04-02-Der-andere-Baum-bei-Schenkenhorst.-%C2%A9-MH.jpg?resize=1024%2C1024&amp;ssl=1 1024w, https:\/\/i0.wp.com\/www.kritische-masse.de\/logbuch\/wp-content\/uploads\/2024\/04\/04-02-Der-andere-Baum-bei-Schenkenhorst.-%C2%A9-MH.jpg?resize=300%2C300&amp;ssl=1 300w, https:\/\/i0.wp.com\/www.kritische-masse.de\/logbuch\/wp-content\/uploads\/2024\/04\/04-02-Der-andere-Baum-bei-Schenkenhorst.-%C2%A9-MH.jpg?resize=150%2C150&amp;ssl=1 150w, https:\/\/i0.wp.com\/www.kritische-masse.de\/logbuch\/wp-content\/uploads\/2024\/04\/04-02-Der-andere-Baum-bei-Schenkenhorst.-%C2%A9-MH.jpg?resize=768%2C768&amp;ssl=1 768w, https:\/\/i0.wp.com\/www.kritische-masse.de\/logbuch\/wp-content\/uploads\/2024\/04\/04-02-Der-andere-Baum-bei-Schenkenhorst.-%C2%A9-MH.jpg?w=1080&amp;ssl=1 1080w\" sizes=\"auto, (max-width: 840px) 100vw, 840px\" \/><\/a><figcaption id=\"caption-attachment-9516\" class=\"wp-caption-text\">04 02 Der andere Baum bei Schenkenhorst. \u00a9 MH<\/figcaption><\/figure>\n<figure id=\"attachment_9517\" aria-describedby=\"caption-attachment-9517\" style=\"width: 840px\" class=\"wp-caption aligncenter\"><a href=\"https:\/\/i0.wp.com\/www.kritische-masse.de\/logbuch\/wp-content\/uploads\/2024\/04\/04_02-Wir-graben-den-Schacht-von-Babel.-Kafka.jpg?ssl=1\"><img data-recalc-dims=\"1\" loading=\"lazy\" decoding=\"async\" data-attachment-id=\"9517\" data-permalink=\"https:\/\/www.kritische-masse.de\/logbuch\/2024\/04\/der-kulturfunk-graebt-den-schacht-von-babel-schleichender-tod-beim-rbb\/04_02-wir-graben-den-schacht-von-babel-kafka\/\" data-orig-file=\"https:\/\/i0.wp.com\/www.kritische-masse.de\/logbuch\/wp-content\/uploads\/2024\/04\/04_02-Wir-graben-den-Schacht-von-Babel.-Kafka.jpg?fit=1440%2C1080&amp;ssl=1\" data-orig-size=\"1440,1080\" data-comments-opened=\"1\" data-image-meta=\"{&quot;aperture&quot;:&quot;0&quot;,&quot;credit&quot;:&quot;&quot;,&quot;camera&quot;:&quot;&quot;,&quot;caption&quot;:&quot;&quot;,&quot;created_timestamp&quot;:&quot;0&quot;,&quot;copyright&quot;:&quot;&quot;,&quot;focal_length&quot;:&quot;0&quot;,&quot;iso&quot;:&quot;0&quot;,&quot;shutter_speed&quot;:&quot;0&quot;,&quot;title&quot;:&quot;&quot;,&quot;orientation&quot;:&quot;0&quot;}\" data-image-title=\"04 02 Wir graben den Schacht von Babel. Kafka\" data-image-description=\"&lt;p&gt;04 02 Wir graben den Schacht von Babel. Kafka&lt;\/p&gt;\n\" data-image-caption=\"&lt;p&gt;04 02 Wir graben den Schacht von Babel. Kafka&lt;\/p&gt;\n\" data-large-file=\"https:\/\/i0.wp.com\/www.kritische-masse.de\/logbuch\/wp-content\/uploads\/2024\/04\/04_02-Wir-graben-den-Schacht-von-Babel.-Kafka.jpg?fit=1024%2C768&amp;ssl=1\" class=\"size-large wp-image-9517\" title=\"04 02 Wir graben den Schacht von Babel. Kafka\" src=\"https:\/\/i0.wp.com\/www.kritische-masse.de\/logbuch\/wp-content\/uploads\/2024\/04\/04_02-Wir-graben-den-Schacht-von-Babel.-Kafka.jpg?resize=840%2C630&#038;ssl=1\" alt=\"04 02 Wir graben den Schacht von Babel. Kafka\" width=\"840\" height=\"630\" srcset=\"https:\/\/i0.wp.com\/www.kritische-masse.de\/logbuch\/wp-content\/uploads\/2024\/04\/04_02-Wir-graben-den-Schacht-von-Babel.-Kafka.jpg?resize=1024%2C768&amp;ssl=1 1024w, https:\/\/i0.wp.com\/www.kritische-masse.de\/logbuch\/wp-content\/uploads\/2024\/04\/04_02-Wir-graben-den-Schacht-von-Babel.-Kafka.jpg?resize=300%2C225&amp;ssl=1 300w, https:\/\/i0.wp.com\/www.kritische-masse.de\/logbuch\/wp-content\/uploads\/2024\/04\/04_02-Wir-graben-den-Schacht-von-Babel.-Kafka.jpg?resize=768%2C576&amp;ssl=1 768w, https:\/\/i0.wp.com\/www.kritische-masse.de\/logbuch\/wp-content\/uploads\/2024\/04\/04_02-Wir-graben-den-Schacht-von-Babel.-Kafka.jpg?resize=840%2C630&amp;ssl=1 840w, https:\/\/i0.wp.com\/www.kritische-masse.de\/logbuch\/wp-content\/uploads\/2024\/04\/04_02-Wir-graben-den-Schacht-von-Babel.-Kafka.jpg?resize=440%2C330&amp;ssl=1 440w, https:\/\/i0.wp.com\/www.kritische-masse.de\/logbuch\/wp-content\/uploads\/2024\/04\/04_02-Wir-graben-den-Schacht-von-Babel.-Kafka.jpg?resize=1320%2C990&amp;ssl=1 1320w, https:\/\/i0.wp.com\/www.kritische-masse.de\/logbuch\/wp-content\/uploads\/2024\/04\/04_02-Wir-graben-den-Schacht-von-Babel.-Kafka.jpg?w=1440&amp;ssl=1 1440w\" sizes=\"auto, (max-width: 840px) 100vw, 840px\" \/><\/a><figcaption id=\"caption-attachment-9517\" class=\"wp-caption-text\">04 02 Wir graben den Schacht von Babel. Kafka<\/figcaption><\/figure>\n<div class=\"shariff shariff-align-left shariff-widget-align-left\"><ul class=\"shariff-buttons theme-white orientation-horizontal buttonsize-small\"><li class=\"shariff-button mastodon shariff-nocustomcolor\" style=\"background-color:#563ACC\"><a href=\"https:\/\/s2f.kytta.dev\/?text=Der%20Kulturfunk%20gr%C3%A4bt%20den%20Schacht%20von%20Babel%20%2F%20Schleichender%20Tod%20beim%20r%5Bbb%5D https%3A%2F%2Fwww.kritische-masse.de%2Flogbuch%2F2024%2F04%2Fder-kulturfunk-graebt-den-schacht-von-babel-schleichender-tod-beim-rbb%2F\" title=\"Bei Mastodon teilen\" aria-label=\"Bei Mastodon teilen\" role=\"button\" rel=\"noopener nofollow\" class=\"shariff-link\" style=\"; background-color:#6364FF; color:#6364FF\" target=\"_blank\"><span class=\"shariff-icon\" style=\"fill:#6364FF\"><svg width=\"75\" height=\"79\" viewBox=\"0 0 75 79\" fill=\"none\" xmlns=\"http:\/\/www.w3.org\/2000\/svg\"><path d=\"M37.813-.025C32.462-.058 27.114.13 21.79.598c-8.544.621-17.214 5.58-20.203 13.931C-1.12 23.318.408 32.622.465 41.65c.375 7.316.943 14.78 3.392 21.73 4.365 9.465 14.781 14.537 24.782 15.385 7.64.698 15.761-.213 22.517-4.026a54.1 54.1 0 0 0 .01-6.232c-6.855 1.316-14.101 2.609-21.049 1.074-3.883-.88-6.876-4.237-7.25-8.215-1.53-3.988 3.78-.43 5.584-.883 9.048 1.224 18.282.776 27.303-.462 7.044-.837 14.26-4.788 16.65-11.833 2.263-6.135 1.215-12.79 1.698-19.177.06-3.84.09-7.692-.262-11.52C72.596 7.844 63.223.981 53.834.684a219.453 219.453 0 0 0-16.022-.71zm11.294 12.882c5.5-.067 10.801 4.143 11.67 9.653.338 1.48.471 3 .471 4.515v21.088h-8.357c-.07-7.588.153-15.182-.131-22.765-.587-4.368-7.04-5.747-9.672-2.397-2.422 3.04-1.47 7.155-1.67 10.735v6.392h-8.307c-.146-4.996.359-10.045-.404-15.002-1.108-4.218-7.809-5.565-10.094-1.666-1.685 3.046-.712 6.634-.976 9.936v14.767h-8.354c.109-8.165-.238-16.344.215-24.5.674-5.346 5.095-10.389 10.676-10.627 4.902-.739 10.103 2.038 12.053 6.631.375 1.435 1.76 1.932 1.994.084 1.844-3.704 5.501-6.739 9.785-6.771.367-.044.735-.068 1.101-.073z\"\/><defs><linearGradient id=\"paint0_linear_549_34\" x1=\"37.0692\" y1=\"0\" x2=\"37.0692\" y2=\"79\" gradientUnits=\"userSpaceOnUse\"><stop stop-color=\"#6364FF\"\/><stop offset=\"1\" stop-color=\"#563ACC\"\/><\/linearGradient><\/defs><\/svg><\/span><span class=\"shariff-text\" style=\"color:#6364FF\">teilen<\/span>&nbsp;<\/a><\/li><li class=\"shariff-button bluesky shariff-nocustomcolor\" style=\"background-color:#84c4ff\"><a href=\"https:\/\/bsky.app\/intent\/compose?text=Der%20Kulturfunk%20gr%C3%A4bt%20den%20Schacht%20von%20Babel%20%2F%20Schleichender%20Tod%20beim%20r%5Bbb%5D https%3A%2F%2Fwww.kritische-masse.de%2Flogbuch%2F2024%2F04%2Fder-kulturfunk-graebt-den-schacht-von-babel-schleichender-tod-beim-rbb%2F \" title=\"Bei Bluesky teilen\" aria-label=\"Bei Bluesky teilen\" role=\"button\" rel=\"noopener nofollow\" class=\"shariff-link\" style=\"; background-color:#0085ff; color:#0085ff\" target=\"_blank\"><span class=\"shariff-icon\" style=\"fill:#0085ff\"><svg width=\"20\" height=\"20\" version=\"1.1\" xmlns=\"http:\/\/www.w3.org\/2000\/svg\" viewBox=\"0 0 20 20\"><path class=\"st0\" d=\"M4.89,3.12c2.07,1.55,4.3,4.71,5.11,6.4.82-1.69,3.04-4.84,5.11-6.4,1.49-1.12,3.91-1.99,3.91.77,0,.55-.32,4.63-.5,5.3-.64,2.3-2.99,2.89-5.08,2.54,3.65.62,4.58,2.68,2.57,4.74-3.81,3.91-5.48-.98-5.9-2.23-.08-.23-.11-.34-.12-.25,0-.09-.04.02-.12.25-.43,1.25-2.09,6.14-5.9,2.23-2.01-2.06-1.08-4.12,2.57-4.74-2.09.36-4.44-.23-5.08-2.54-.19-.66-.5-4.74-.5-5.3,0-2.76,2.42-1.89,3.91-.77h0Z\"\/><\/svg><\/span><span class=\"shariff-text\" style=\"color:#0085ff\">teilen<\/span>&nbsp;<\/a><\/li><li class=\"shariff-button threema shariff-nocustomcolor shariff-mobile\" style=\"background-color:#4fbc24\"><a href=\"threema:\/\/compose?text=Der%20Kulturfunk%20gr%C3%A4bt%20den%20Schacht%20von%20Babel%20%2F%20Schleichender%20Tod%20beim%20r%5Bbb%5D%20https%3A%2F%2Fwww.kritische-masse.de%2Flogbuch%2F2024%2F04%2Fder-kulturfunk-graebt-den-schacht-von-babel-schleichender-tod-beim-rbb%2F\" title=\"Bei Threema teilen\" aria-label=\"Bei Threema teilen\" role=\"button\" rel=\"noopener nofollow\" class=\"shariff-link\" style=\"; background-color:#1f1f1f; color:#1f1f1f\" target=\"_blank\"><span class=\"shariff-icon\" style=\"fill:#1f1f1f\"><svg width=\"32px\" height=\"20px\" xmlns=\"http:\/\/www.w3.org\/2000\/svg\" viewBox=\"0 0 32 32\"><path fill=\"#1f1f1f\" d=\"M30.8 10.9c-0.3-1.4-0.9-2.6-1.8-3.8-2-2.6-5.5-4.5-9.4-5.2-1.3-0.2-1.9-0.3-3.5-0.3s-2.2 0-3.5 0.3c-4 0.7-7.4 2.6-9.4 5.2-0.9 1.2-1.5 2.4-1.8 3.8-0.1 0.5-0.2 1.2-0.2 1.6 0 0.4 0.1 1.1 0.2 1.6 0.4 1.9 1.3 3.4 2.9 5 0.8 0.8 0.8 0.8 0.7 1.3 0 0.6-0.5 1.6-1.7 3.6-0.3 0.5-0.5 0.9-0.5 0.9 0 0.1 0.1 0.1 0.5 0 0.8-0.2 2.3-0.6 5.6-1.6 1.1-0.3 1.3-0.4 2.3-0.4 0.8 0 1.1 0 2.3 0.2 1.5 0.2 3.5 0.2 4.9 0 5.1-0.6 9.3-2.9 11.4-6.3 0.5-0.9 0.9-1.8 1.1-2.8 0.1-0.5 0.2-1.1 0.2-1.6 0-0.7-0.1-1.1-0.2-1.6-0.3-1.4 0.1 0.5 0 0zM20.6 17.3c0 0.4-0.4 0.8-0.8 0.8h-7.7c-0.4 0-0.8-0.4-0.8-0.8v-4.6c0-0.4 0.4-0.8 0.8-0.8h0.2l0-1.6c0-0.9 0-1.8 0.1-2 0.1-0.6 0.6-1.2 1.1-1.7s1.1-0.7 1.9-0.8c1.8-0.3 3.7 0.7 4.2 2.2 0.1 0.3 0.1 0.7 0.1 2.1v0 1.7h0.1c0.4 0 0.8 0.4 0.8 0.8v4.6zM15.6 7.3c-0.5 0.1-0.8 0.3-1.2 0.6s-0.6 0.8-0.7 1.3c0 0.2 0 0.8 0 1.5l0 1.2h4.6v-1.3c0-1 0-1.4-0.1-1.6-0.3-1.1-1.5-1.9-2.6-1.7zM25.8 28.2c0 1.2-1 2.2-2.1 2.2s-2.1-1-2.1-2.1c0-1.2 1-2.1 2.2-2.1s2.2 1 2.2 2.2zM18.1 28.2c0 1.2-1 2.2-2.1 2.2s-2.1-1-2.1-2.1c0-1.2 1-2.1 2.2-2.1s2.2 1 2.2 2.2zM10.4 28.2c0 1.2-1 2.2-2.1 2.2s-2.1-1-2.1-2.1c0-1.2 1-2.1 2.2-2.1s2.2 1 2.2 2.2z\"\/><\/svg><\/span><span class=\"shariff-text\" style=\"color:#1f1f1f\">teilen<\/span>&nbsp;<\/a><\/li><li class=\"shariff-button facebook shariff-nocustomcolor\" style=\"background-color:#4273c8\"><a href=\"https:\/\/www.facebook.com\/sharer\/sharer.php?u=https%3A%2F%2Fwww.kritische-masse.de%2Flogbuch%2F2024%2F04%2Fder-kulturfunk-graebt-den-schacht-von-babel-schleichender-tod-beim-rbb%2F\" title=\"Bei Facebook teilen\" aria-label=\"Bei Facebook teilen\" role=\"button\" rel=\"nofollow\" class=\"shariff-link\" style=\"; background-color:#3b5998; color:#3b5998\" target=\"_blank\"><span class=\"shariff-icon\" style=\"fill:#3b5998\"><svg width=\"32px\" height=\"20px\" xmlns=\"http:\/\/www.w3.org\/2000\/svg\" viewBox=\"0 0 18 32\"><path fill=\"#3b5998\" d=\"M17.1 0.2v4.7h-2.8q-1.5 0-2.1 0.6t-0.5 1.9v3.4h5.2l-0.7 5.3h-4.5v13.6h-5.5v-13.6h-4.5v-5.3h4.5v-3.9q0-3.3 1.9-5.2t5-1.8q2.6 0 4.1 0.2z\"\/><\/svg><\/span><span class=\"shariff-text\" style=\"color:#3b5998\">teilen<\/span>&nbsp;<\/a><\/li><li class=\"shariff-button info shariff-nocustomcolor\" style=\"background-color:#a8a8a8\"><a href=\"http:\/\/ct.de\/-2467514\" title=\"Weitere Informationen\" aria-label=\"Weitere Informationen\" role=\"button\" rel=\"noopener \" class=\"shariff-link\" style=\"; background-color:#999; color:#999\" target=\"_blank\"><span class=\"shariff-icon\" style=\"fill:#999\"><svg width=\"32px\" height=\"20px\" xmlns=\"http:\/\/www.w3.org\/2000\/svg\" viewBox=\"0 0 11 32\"><path fill=\"#999\" d=\"M11.4 24v2.3q0 0.5-0.3 0.8t-0.8 0.4h-9.1q-0.5 0-0.8-0.4t-0.4-0.8v-2.3q0-0.5 0.4-0.8t0.8-0.4h1.1v-6.8h-1.1q-0.5 0-0.8-0.4t-0.4-0.8v-2.3q0-0.5 0.4-0.8t0.8-0.4h6.8q0.5 0 0.8 0.4t0.4 0.8v10.3h1.1q0.5 0 0.8 0.4t0.3 0.8zM9.2 3.4v3.4q0 0.5-0.4 0.8t-0.8 0.4h-4.6q-0.4 0-0.8-0.4t-0.4-0.8v-3.4q0-0.4 0.4-0.8t0.8-0.4h4.6q0.5 0 0.8 0.4t0.4 0.8z\"\/><\/svg><\/span><\/a><\/li><\/ul><\/div>","protected":false},"excerpt":{"rendered":"<p>Der Kulturfunk meditiert +++ Das Automobil mit fossiler Energie schon 1973 ein Fluch, findet W. H. Auden +++ Kafka gr\u00e4bt den Schacht von Babel +++ Der Kulturfunk verabschiedet sich aus dem Radio +++<\/p>\n<div class=\"shariff shariff-align-left shariff-widget-align-left\"><ul class=\"shariff-buttons theme-white orientation-horizontal buttonsize-small\"><li class=\"shariff-button mastodon shariff-nocustomcolor\" style=\"background-color:#563ACC\"><a href=\"https:\/\/s2f.kytta.dev\/?text=Der%20Kulturfunk%20gr%C3%A4bt%20den%20Schacht%20von%20Babel%20%2F%20Schleichender%20Tod%20beim%20r%5Bbb%5D https%3A%2F%2Fwww.kritische-masse.de%2Flogbuch%2F2024%2F04%2Fder-kulturfunk-graebt-den-schacht-von-babel-schleichender-tod-beim-rbb%2F\" title=\"Bei Mastodon teilen\" aria-label=\"Bei Mastodon teilen\" role=\"button\" rel=\"noopener nofollow\" class=\"shariff-link\" style=\"; background-color:#6364FF; color:#6364FF\" target=\"_blank\"><span class=\"shariff-icon\" style=\"fill:#6364FF\"><svg width=\"75\" height=\"79\" viewBox=\"0 0 75 79\" fill=\"none\" xmlns=\"http:\/\/www.w3.org\/2000\/svg\"><path d=\"M37.813-.025C32.462-.058 27.114.13 21.79.598c-8.544.621-17.214 5.58-20.203 13.931C-1.12 23.318.408 32.622.465 41.65c.375 7.316.943 14.78 3.392 21.73 4.365 9.465 14.781 14.537 24.782 15.385 7.64.698 15.761-.213 22.517-4.026a54.1 54.1 0 0 0 .01-6.232c-6.855 1.316-14.101 2.609-21.049 1.074-3.883-.88-6.876-4.237-7.25-8.215-1.53-3.988 3.78-.43 5.584-.883 9.048 1.224 18.282.776 27.303-.462 7.044-.837 14.26-4.788 16.65-11.833 2.263-6.135 1.215-12.79 1.698-19.177.06-3.84.09-7.692-.262-11.52C72.596 7.844 63.223.981 53.834.684a219.453 219.453 0 0 0-16.022-.71zm11.294 12.882c5.5-.067 10.801 4.143 11.67 9.653.338 1.48.471 3 .471 4.515v21.088h-8.357c-.07-7.588.153-15.182-.131-22.765-.587-4.368-7.04-5.747-9.672-2.397-2.422 3.04-1.47 7.155-1.67 10.735v6.392h-8.307c-.146-4.996.359-10.045-.404-15.002-1.108-4.218-7.809-5.565-10.094-1.666-1.685 3.046-.712 6.634-.976 9.936v14.767h-8.354c.109-8.165-.238-16.344.215-24.5.674-5.346 5.095-10.389 10.676-10.627 4.902-.739 10.103 2.038 12.053 6.631.375 1.435 1.76 1.932 1.994.084 1.844-3.704 5.501-6.739 9.785-6.771.367-.044.735-.068 1.101-.073z\"\/><defs><linearGradient id=\"paint0_linear_549_34\" x1=\"37.0692\" y1=\"0\" x2=\"37.0692\" y2=\"79\" gradientUnits=\"userSpaceOnUse\"><stop stop-color=\"#6364FF\"\/><stop offset=\"1\" stop-color=\"#563ACC\"\/><\/linearGradient><\/defs><\/svg><\/span><span class=\"shariff-text\" style=\"color:#6364FF\">teilen<\/span>&nbsp;<\/a><\/li><li class=\"shariff-button bluesky shariff-nocustomcolor\" style=\"background-color:#84c4ff\"><a href=\"https:\/\/bsky.app\/intent\/compose?text=Der%20Kulturfunk%20gr%C3%A4bt%20den%20Schacht%20von%20Babel%20%2F%20Schleichender%20Tod%20beim%20r%5Bbb%5D https%3A%2F%2Fwww.kritische-masse.de%2Flogbuch%2F2024%2F04%2Fder-kulturfunk-graebt-den-schacht-von-babel-schleichender-tod-beim-rbb%2F \" title=\"Bei Bluesky teilen\" aria-label=\"Bei Bluesky teilen\" role=\"button\" rel=\"noopener nofollow\" class=\"shariff-link\" style=\"; background-color:#0085ff; color:#0085ff\" target=\"_blank\"><span class=\"shariff-icon\" style=\"fill:#0085ff\"><svg width=\"20\" height=\"20\" version=\"1.1\" xmlns=\"http:\/\/www.w3.org\/2000\/svg\" viewBox=\"0 0 20 20\"><path class=\"st0\" d=\"M4.89,3.12c2.07,1.55,4.3,4.71,5.11,6.4.82-1.69,3.04-4.84,5.11-6.4,1.49-1.12,3.91-1.99,3.91.77,0,.55-.32,4.63-.5,5.3-.64,2.3-2.99,2.89-5.08,2.54,3.65.62,4.58,2.68,2.57,4.74-3.81,3.91-5.48-.98-5.9-2.23-.08-.23-.11-.34-.12-.25,0-.09-.04.02-.12.25-.43,1.25-2.09,6.14-5.9,2.23-2.01-2.06-1.08-4.12,2.57-4.74-2.09.36-4.44-.23-5.08-2.54-.19-.66-.5-4.74-.5-5.3,0-2.76,2.42-1.89,3.91-.77h0Z\"\/><\/svg><\/span><span class=\"shariff-text\" style=\"color:#0085ff\">teilen<\/span>&nbsp;<\/a><\/li><li class=\"shariff-button threema shariff-nocustomcolor shariff-mobile\" style=\"background-color:#4fbc24\"><a href=\"threema:\/\/compose?text=Der%20Kulturfunk%20gr%C3%A4bt%20den%20Schacht%20von%20Babel%20%2F%20Schleichender%20Tod%20beim%20r%5Bbb%5D%20https%3A%2F%2Fwww.kritische-masse.de%2Flogbuch%2F2024%2F04%2Fder-kulturfunk-graebt-den-schacht-von-babel-schleichender-tod-beim-rbb%2F\" title=\"Bei Threema teilen\" aria-label=\"Bei Threema teilen\" role=\"button\" rel=\"noopener nofollow\" class=\"shariff-link\" style=\"; background-color:#1f1f1f; color:#1f1f1f\" target=\"_blank\"><span class=\"shariff-icon\" style=\"fill:#1f1f1f\"><svg width=\"32px\" height=\"20px\" xmlns=\"http:\/\/www.w3.org\/2000\/svg\" viewBox=\"0 0 32 32\"><path fill=\"#1f1f1f\" d=\"M30.8 10.9c-0.3-1.4-0.9-2.6-1.8-3.8-2-2.6-5.5-4.5-9.4-5.2-1.3-0.2-1.9-0.3-3.5-0.3s-2.2 0-3.5 0.3c-4 0.7-7.4 2.6-9.4 5.2-0.9 1.2-1.5 2.4-1.8 3.8-0.1 0.5-0.2 1.2-0.2 1.6 0 0.4 0.1 1.1 0.2 1.6 0.4 1.9 1.3 3.4 2.9 5 0.8 0.8 0.8 0.8 0.7 1.3 0 0.6-0.5 1.6-1.7 3.6-0.3 0.5-0.5 0.9-0.5 0.9 0 0.1 0.1 0.1 0.5 0 0.8-0.2 2.3-0.6 5.6-1.6 1.1-0.3 1.3-0.4 2.3-0.4 0.8 0 1.1 0 2.3 0.2 1.5 0.2 3.5 0.2 4.9 0 5.1-0.6 9.3-2.9 11.4-6.3 0.5-0.9 0.9-1.8 1.1-2.8 0.1-0.5 0.2-1.1 0.2-1.6 0-0.7-0.1-1.1-0.2-1.6-0.3-1.4 0.1 0.5 0 0zM20.6 17.3c0 0.4-0.4 0.8-0.8 0.8h-7.7c-0.4 0-0.8-0.4-0.8-0.8v-4.6c0-0.4 0.4-0.8 0.8-0.8h0.2l0-1.6c0-0.9 0-1.8 0.1-2 0.1-0.6 0.6-1.2 1.1-1.7s1.1-0.7 1.9-0.8c1.8-0.3 3.7 0.7 4.2 2.2 0.1 0.3 0.1 0.7 0.1 2.1v0 1.7h0.1c0.4 0 0.8 0.4 0.8 0.8v4.6zM15.6 7.3c-0.5 0.1-0.8 0.3-1.2 0.6s-0.6 0.8-0.7 1.3c0 0.2 0 0.8 0 1.5l0 1.2h4.6v-1.3c0-1 0-1.4-0.1-1.6-0.3-1.1-1.5-1.9-2.6-1.7zM25.8 28.2c0 1.2-1 2.2-2.1 2.2s-2.1-1-2.1-2.1c0-1.2 1-2.1 2.2-2.1s2.2 1 2.2 2.2zM18.1 28.2c0 1.2-1 2.2-2.1 2.2s-2.1-1-2.1-2.1c0-1.2 1-2.1 2.2-2.1s2.2 1 2.2 2.2zM10.4 28.2c0 1.2-1 2.2-2.1 2.2s-2.1-1-2.1-2.1c0-1.2 1-2.1 2.2-2.1s2.2 1 2.2 2.2z\"\/><\/svg><\/span><span class=\"shariff-text\" style=\"color:#1f1f1f\">teilen<\/span>&nbsp;<\/a><\/li><li class=\"shariff-button facebook shariff-nocustomcolor\" style=\"background-color:#4273c8\"><a href=\"https:\/\/www.facebook.com\/sharer\/sharer.php?u=https%3A%2F%2Fwww.kritische-masse.de%2Flogbuch%2F2024%2F04%2Fder-kulturfunk-graebt-den-schacht-von-babel-schleichender-tod-beim-rbb%2F\" title=\"Bei Facebook teilen\" aria-label=\"Bei Facebook teilen\" role=\"button\" rel=\"nofollow\" class=\"shariff-link\" style=\"; background-color:#3b5998; color:#3b5998\" target=\"_blank\"><span class=\"shariff-icon\" style=\"fill:#3b5998\"><svg width=\"32px\" height=\"20px\" xmlns=\"http:\/\/www.w3.org\/2000\/svg\" viewBox=\"0 0 18 32\"><path fill=\"#3b5998\" d=\"M17.1 0.2v4.7h-2.8q-1.5 0-2.1 0.6t-0.5 1.9v3.4h5.2l-0.7 5.3h-4.5v13.6h-5.5v-13.6h-4.5v-5.3h4.5v-3.9q0-3.3 1.9-5.2t5-1.8q2.6 0 4.1 0.2z\"\/><\/svg><\/span><span class=\"shariff-text\" style=\"color:#3b5998\">teilen<\/span>&nbsp;<\/a><\/li><li class=\"shariff-button info shariff-nocustomcolor\" style=\"background-color:#a8a8a8\"><a href=\"http:\/\/ct.de\/-2467514\" title=\"Weitere Informationen\" aria-label=\"Weitere Informationen\" role=\"button\" rel=\"noopener \" class=\"shariff-link\" style=\"; background-color:#999; color:#999\" target=\"_blank\"><span class=\"shariff-icon\" style=\"fill:#999\"><svg width=\"32px\" height=\"20px\" xmlns=\"http:\/\/www.w3.org\/2000\/svg\" viewBox=\"0 0 11 32\"><path fill=\"#999\" d=\"M11.4 24v2.3q0 0.5-0.3 0.8t-0.8 0.4h-9.1q-0.5 0-0.8-0.4t-0.4-0.8v-2.3q0-0.5 0.4-0.8t0.8-0.4h1.1v-6.8h-1.1q-0.5 0-0.8-0.4t-0.4-0.8v-2.3q0-0.5 0.4-0.8t0.8-0.4h6.8q0.5 0 0.8 0.4t0.4 0.8v10.3h1.1q0.5 0 0.8 0.4t0.3 0.8zM9.2 3.4v3.4q0 0.5-0.4 0.8t-0.8 0.4h-4.6q-0.4 0-0.8-0.4t-0.4-0.8v-3.4q0-0.4 0.4-0.8t0.8-0.4h4.6q0.5 0 0.8 0.4t0.4 0.8z\"\/><\/svg><\/span><\/a><\/li><\/ul><\/div>","protected":false},"author":1,"featured_media":9517,"comment_status":"open","ping_status":"open","sticky":false,"template":"","format":"standard","meta":{"ocean_post_layout":"","ocean_both_sidebars_style":"","ocean_both_sidebars_content_width":0,"ocean_both_sidebars_sidebars_width":0,"ocean_sidebar":"","ocean_second_sidebar":"","ocean_disable_margins":"enable","ocean_add_body_class":"","ocean_shortcode_before_top_bar":"","ocean_shortcode_after_top_bar":"","ocean_shortcode_before_header":"","ocean_shortcode_after_header":"","ocean_has_shortcode":"","ocean_shortcode_after_title":"","ocean_shortcode_before_footer_widgets":"","ocean_shortcode_after_footer_widgets":"","ocean_shortcode_before_footer_bottom":"","ocean_shortcode_after_footer_bottom":"","ocean_display_top_bar":"default","ocean_display_header":"default","ocean_header_style":"","ocean_center_header_left_menu":"","ocean_custom_header_template":"","ocean_custom_logo":0,"ocean_custom_retina_logo":0,"ocean_custom_logo_max_width":0,"ocean_custom_logo_tablet_max_width":0,"ocean_custom_logo_mobile_max_width":0,"ocean_custom_logo_max_height":0,"ocean_custom_logo_tablet_max_height":0,"ocean_custom_logo_mobile_max_height":0,"ocean_header_custom_menu":"","ocean_menu_typo_font_family":"","ocean_menu_typo_font_subset":"","ocean_menu_typo_font_size":0,"ocean_menu_typo_font_size_tablet":0,"ocean_menu_typo_font_size_mobile":0,"ocean_menu_typo_font_size_unit":"px","ocean_menu_typo_font_weight":"","ocean_menu_typo_font_weight_tablet":"","ocean_menu_typo_font_weight_mobile":"","ocean_menu_typo_transform":"","ocean_menu_typo_transform_tablet":"","ocean_menu_typo_transform_mobile":"","ocean_menu_typo_line_height":0,"ocean_menu_typo_line_height_tablet":0,"ocean_menu_typo_line_height_mobile":0,"ocean_menu_typo_line_height_unit":"","ocean_menu_typo_spacing":0,"ocean_menu_typo_spacing_tablet":0,"ocean_menu_typo_spacing_mobile":0,"ocean_menu_typo_spacing_unit":"","ocean_menu_link_color":"","ocean_menu_link_color_hover":"","ocean_menu_link_color_active":"","ocean_menu_link_background":"","ocean_menu_link_hover_background":"","ocean_menu_link_active_background":"","ocean_menu_social_links_bg":"","ocean_menu_social_hover_links_bg":"","ocean_menu_social_links_color":"","ocean_menu_social_hover_links_color":"","ocean_disable_title":"default","ocean_disable_heading":"default","ocean_post_title":"","ocean_post_subheading":"","ocean_post_title_style":"","ocean_post_title_background_color":"","ocean_post_title_background":0,"ocean_post_title_bg_image_position":"","ocean_post_title_bg_image_attachment":"","ocean_post_title_bg_image_repeat":"","ocean_post_title_bg_image_size":"","ocean_post_title_height":0,"ocean_post_title_bg_overlay":0.5,"ocean_post_title_bg_overlay_color":"","ocean_disable_breadcrumbs":"default","ocean_breadcrumbs_color":"","ocean_breadcrumbs_separator_color":"","ocean_breadcrumbs_links_color":"","ocean_breadcrumbs_links_hover_color":"","ocean_display_footer_widgets":"default","ocean_display_footer_bottom":"default","ocean_custom_footer_template":"","osh_disable_topbar_sticky":"default","osh_disable_header_sticky":"default","osh_sticky_header_style":"default","osh_sticky_header_effect":"","osh_custom_sticky_logo":0,"osh_custom_retina_sticky_logo":0,"osh_custom_sticky_logo_height":0,"osh_background_color":"","osh_links_color":"","osh_links_hover_color":"","osh_links_active_color":"","osh_links_bg_color":"","osh_links_hover_bg_color":"","osh_links_active_bg_color":"","osh_menu_social_links_color":"","osh_menu_social_hover_links_color":"","_FSMCFIC_featured_image_caption":"","_FSMCFIC_featured_image_nocaption":"","_FSMCFIC_featured_image_hide":"","_metis_text_type":"standard","_metis_text_length":2237,"_post_count":0,"_jetpack_memberships_contains_paid_content":false,"activitypub_content_warning":"","activitypub_content_visibility":"","activitypub_max_image_attachments":4,"activitypub_interaction_policy_quote":"anyone","activitypub_status":"","ocean_post_oembed":"","ocean_post_self_hosted_media":"","ocean_post_video_embed":"","ocean_link_format":"","ocean_link_format_target":"self","ocean_quote_format":"","ocean_quote_format_link":"post","ocean_gallery_link_images":"on","ocean_gallery_id":[],"footnotes":"","jetpack_publicize_message":"","jetpack_publicize_feature_enabled":true,"jetpack_social_post_already_shared":true,"jetpack_social_options":{"image_generator_settings":{"template":"highway","default_image_id":0,"font":"","enabled":false},"version":2}},"categories":[2647,2649],"tags":[4248,2755,2767],"class_list":["post-9514","post","type-post","status-publish","format-standard","has-post-thumbnail","hentry","category-angriffauf","category-denrundfunk","tag-rundfunk-reform","tag-nmz","tag-oeffentlich-rechtlicher-rundfunk","entry","has-media"],"yoast_head":"<!-- This site is optimized with the Yoast SEO plugin v27.5 - https:\/\/yoast.com\/product\/yoast-seo-wordpress\/ -->\n<title>Der Kulturfunk gr\u00e4bt den Schacht von Babel \/ Schleichender Tod beim r[bb] - Kritische Masse<\/title>\n<meta name=\"robots\" content=\"index, follow, max-snippet:-1, max-image-preview:large, max-video-preview:-1\" \/>\n<link rel=\"canonical\" href=\"https:\/\/www.kritische-masse.de\/logbuch\/2024\/04\/der-kulturfunk-graebt-den-schacht-von-babel-schleichender-tod-beim-rbb\/\" \/>\n<meta property=\"og:locale\" content=\"de_DE\" \/>\n<meta property=\"og:type\" content=\"article\" \/>\n<meta property=\"og:title\" content=\"Der Kulturfunk gr\u00e4bt den Schacht von Babel \/ Schleichender Tod beim r[bb] - Kritische Masse\" \/>\n<meta property=\"og:description\" content=\"Der Kulturfunk meditiert +++ Das Automobil mit fossiler Energie schon 1973 ein Fluch, findet W. H. Auden +++ Kafka gr\u00e4bt den Schacht von Babel +++ Der Kulturfunk verabschiedet sich aus dem Radio +++\" \/>\n<meta property=\"og:url\" content=\"https:\/\/www.kritische-masse.de\/logbuch\/2024\/04\/der-kulturfunk-graebt-den-schacht-von-babel-schleichender-tod-beim-rbb\/\" \/>\n<meta property=\"og:site_name\" content=\"Kritische Masse\" \/>\n<meta property=\"article:publisher\" content=\"https:\/\/www.facebook.com\/hufner\" \/>\n<meta property=\"article:author\" content=\"https:\/\/www.facebook.com\/hufner\" \/>\n<meta property=\"article:published_time\" content=\"2024-04-03T11:30:01+00:00\" \/>\n<meta property=\"og:image\" content=\"https:\/\/www.kritische-masse.de\/logbuch\/wp-content\/uploads\/2024\/04\/04_02-Wir-graben-den-Schacht-von-Babel.-Kafka.jpg\" \/>\n\t<meta property=\"og:image:width\" content=\"1440\" \/>\n\t<meta property=\"og:image:height\" content=\"1080\" \/>\n\t<meta property=\"og:image:type\" content=\"image\/jpeg\" \/>\n<meta name=\"author\" content=\"der huflaikhan\" \/>\n<meta name=\"twitter:label1\" content=\"Verfasst von\" \/>\n\t<meta name=\"twitter:data1\" content=\"der huflaikhan\" \/>\n\t<meta name=\"twitter:label2\" content=\"Gesch\u00e4tzte Lesezeit\" \/>\n\t<meta name=\"twitter:data2\" content=\"3\u00a0Minuten\" \/>\n<script type=\"application\/ld+json\" class=\"yoast-schema-graph\">{\"@context\":\"https:\\\/\\\/schema.org\",\"@graph\":[{\"@type\":\"Article\",\"@id\":\"https:\\\/\\\/www.kritische-masse.de\\\/logbuch\\\/2024\\\/04\\\/der-kulturfunk-graebt-den-schacht-von-babel-schleichender-tod-beim-rbb\\\/#article\",\"isPartOf\":{\"@id\":\"https:\\\/\\\/www.kritische-masse.de\\\/logbuch\\\/2024\\\/04\\\/der-kulturfunk-graebt-den-schacht-von-babel-schleichender-tod-beim-rbb\\\/\"},\"author\":{\"name\":\"der huflaikhan\",\"@id\":\"https:\\\/\\\/www.kritische-masse.de\\\/logbuch\\\/#\\\/schema\\\/person\\\/14c491f46504e7f6b79db161f76def1c\"},\"headline\":\"Der Kulturfunk gr\u00e4bt den Schacht von Babel \\\/ Schleichender Tod beim r[bb]\",\"datePublished\":\"2024-04-03T11:30:01+00:00\",\"mainEntityOfPage\":{\"@id\":\"https:\\\/\\\/www.kritische-masse.de\\\/logbuch\\\/2024\\\/04\\\/der-kulturfunk-graebt-den-schacht-von-babel-schleichender-tod-beim-rbb\\\/\"},\"wordCount\":380,\"commentCount\":0,\"publisher\":{\"@id\":\"https:\\\/\\\/www.kritische-masse.de\\\/logbuch\\\/#\\\/schema\\\/person\\\/14c491f46504e7f6b79db161f76def1c\"},\"image\":{\"@id\":\"https:\\\/\\\/www.kritische-masse.de\\\/logbuch\\\/2024\\\/04\\\/der-kulturfunk-graebt-den-schacht-von-babel-schleichender-tod-beim-rbb\\\/#primaryimage\"},\"thumbnailUrl\":\"https:\\\/\\\/i0.wp.com\\\/www.kritische-masse.de\\\/logbuch\\\/wp-content\\\/uploads\\\/2024\\\/04\\\/04_02-Wir-graben-den-Schacht-von-Babel.-Kafka.jpg?fit=1440%2C1080&ssl=1\",\"keywords\":[\"Rundfunk-Reform\",\"nmz\",\"\u00d6ffentlich-rechtlicher Rundfunk\"],\"articleSection\":[\"Angriff auf \u2026\",\"den Rundfunk\"],\"inLanguage\":\"de\",\"potentialAction\":[{\"@type\":\"CommentAction\",\"name\":\"Comment\",\"target\":[\"https:\\\/\\\/www.kritische-masse.de\\\/logbuch\\\/2024\\\/04\\\/der-kulturfunk-graebt-den-schacht-von-babel-schleichender-tod-beim-rbb\\\/#respond\"]}]},{\"@type\":\"WebPage\",\"@id\":\"https:\\\/\\\/www.kritische-masse.de\\\/logbuch\\\/2024\\\/04\\\/der-kulturfunk-graebt-den-schacht-von-babel-schleichender-tod-beim-rbb\\\/\",\"url\":\"https:\\\/\\\/www.kritische-masse.de\\\/logbuch\\\/2024\\\/04\\\/der-kulturfunk-graebt-den-schacht-von-babel-schleichender-tod-beim-rbb\\\/\",\"name\":\"Der Kulturfunk gr\u00e4bt den Schacht von Babel \\\/ Schleichender Tod beim r[bb] - Kritische Masse\",\"isPartOf\":{\"@id\":\"https:\\\/\\\/www.kritische-masse.de\\\/logbuch\\\/#website\"},\"primaryImageOfPage\":{\"@id\":\"https:\\\/\\\/www.kritische-masse.de\\\/logbuch\\\/2024\\\/04\\\/der-kulturfunk-graebt-den-schacht-von-babel-schleichender-tod-beim-rbb\\\/#primaryimage\"},\"image\":{\"@id\":\"https:\\\/\\\/www.kritische-masse.de\\\/logbuch\\\/2024\\\/04\\\/der-kulturfunk-graebt-den-schacht-von-babel-schleichender-tod-beim-rbb\\\/#primaryimage\"},\"thumbnailUrl\":\"https:\\\/\\\/i0.wp.com\\\/www.kritische-masse.de\\\/logbuch\\\/wp-content\\\/uploads\\\/2024\\\/04\\\/04_02-Wir-graben-den-Schacht-von-Babel.-Kafka.jpg?fit=1440%2C1080&ssl=1\",\"datePublished\":\"2024-04-03T11:30:01+00:00\",\"breadcrumb\":{\"@id\":\"https:\\\/\\\/www.kritische-masse.de\\\/logbuch\\\/2024\\\/04\\\/der-kulturfunk-graebt-den-schacht-von-babel-schleichender-tod-beim-rbb\\\/#breadcrumb\"},\"inLanguage\":\"de\",\"potentialAction\":[{\"@type\":\"ReadAction\",\"target\":[\"https:\\\/\\\/www.kritische-masse.de\\\/logbuch\\\/2024\\\/04\\\/der-kulturfunk-graebt-den-schacht-von-babel-schleichender-tod-beim-rbb\\\/\"]}]},{\"@type\":\"ImageObject\",\"inLanguage\":\"de\",\"@id\":\"https:\\\/\\\/www.kritische-masse.de\\\/logbuch\\\/2024\\\/04\\\/der-kulturfunk-graebt-den-schacht-von-babel-schleichender-tod-beim-rbb\\\/#primaryimage\",\"url\":\"https:\\\/\\\/i0.wp.com\\\/www.kritische-masse.de\\\/logbuch\\\/wp-content\\\/uploads\\\/2024\\\/04\\\/04_02-Wir-graben-den-Schacht-von-Babel.-Kafka.jpg?fit=1440%2C1080&ssl=1\",\"contentUrl\":\"https:\\\/\\\/i0.wp.com\\\/www.kritische-masse.de\\\/logbuch\\\/wp-content\\\/uploads\\\/2024\\\/04\\\/04_02-Wir-graben-den-Schacht-von-Babel.-Kafka.jpg?fit=1440%2C1080&ssl=1\",\"width\":1440,\"height\":1080,\"caption\":\"04 02 Wir graben den Schacht von Babel. Kafka\"},{\"@type\":\"BreadcrumbList\",\"@id\":\"https:\\\/\\\/www.kritische-masse.de\\\/logbuch\\\/2024\\\/04\\\/der-kulturfunk-graebt-den-schacht-von-babel-schleichender-tod-beim-rbb\\\/#breadcrumb\",\"itemListElement\":[{\"@type\":\"ListItem\",\"position\":1,\"name\":\"Startseite\",\"item\":\"https:\\\/\\\/www.kritische-masse.de\\\/logbuch\\\/\"},{\"@type\":\"ListItem\",\"position\":2,\"name\":\"Der Kulturfunk gr\u00e4bt den Schacht von Babel \\\/ Schleichender Tod beim r[bb]\"}]},{\"@type\":\"WebSite\",\"@id\":\"https:\\\/\\\/www.kritische-masse.de\\\/logbuch\\\/#website\",\"url\":\"https:\\\/\\\/www.kritische-masse.de\\\/logbuch\\\/\",\"name\":\"kritische masse\",\"description\":\"amt f\u00fcr vermassungsschutz\",\"publisher\":{\"@id\":\"https:\\\/\\\/www.kritische-masse.de\\\/logbuch\\\/#\\\/schema\\\/person\\\/14c491f46504e7f6b79db161f76def1c\"},\"alternateName\":\"das logbuch der kritischen masse\",\"potentialAction\":[{\"@type\":\"SearchAction\",\"target\":{\"@type\":\"EntryPoint\",\"urlTemplate\":\"https:\\\/\\\/www.kritische-masse.de\\\/logbuch\\\/?s={search_term_string}\"},\"query-input\":{\"@type\":\"PropertyValueSpecification\",\"valueRequired\":true,\"valueName\":\"search_term_string\"}}],\"inLanguage\":\"de\"},{\"@type\":[\"Person\",\"Organization\"],\"@id\":\"https:\\\/\\\/www.kritische-masse.de\\\/logbuch\\\/#\\\/schema\\\/person\\\/14c491f46504e7f6b79db161f76def1c\",\"name\":\"der huflaikhan\",\"image\":{\"@type\":\"ImageObject\",\"inLanguage\":\"de\",\"@id\":\"https:\\\/\\\/www.kritische-masse.de\\\/logbuch\\\/wp-content\\\/uploads\\\/2024\\\/01\\\/cropped-kritischmasse_man_512.jpg\",\"url\":\"https:\\\/\\\/www.kritische-masse.de\\\/logbuch\\\/wp-content\\\/uploads\\\/2024\\\/01\\\/cropped-kritischmasse_man_512.jpg\",\"contentUrl\":\"https:\\\/\\\/www.kritische-masse.de\\\/logbuch\\\/wp-content\\\/uploads\\\/2024\\\/01\\\/cropped-kritischmasse_man_512.jpg\",\"width\":512,\"height\":512,\"caption\":\"der huflaikhan\"},\"logo\":{\"@id\":\"https:\\\/\\\/www.kritische-masse.de\\\/logbuch\\\/wp-content\\\/uploads\\\/2024\\\/01\\\/cropped-kritischmasse_man_512.jpg\"},\"description\":\"Betreiber der Kritischen Masse seit 1995. Seit 2023 Wiederaufnahme. Promotion mit einer Arbeit \u00fcber Adornos kompositorische und theoretische Auseinandersetzung mit der Zw\u00f6lftontechnik. Arbeit f\u00fcr den Bayerischen und den Mitteldeutschen Rundfunk als freier Autor und Regisseur \u2013 zumindest bis Ende 2015. Online-Redaktion f\u00fcr neue musikzeitung, Jazzzeitung und Oper &amp; Tanz. Ungl\u00fccklich, aber fast taub.\",\"sameAs\":[\"https:\\\/\\\/www.kritische-masse.de\\\/logbuch\\\/\",\"https:\\\/\\\/www.facebook.com\\\/hufner\"],\"url\":\"https:\\\/\\\/www.kritische-masse.de\\\/logbuch\\\/author\\\/martin_d1juqiu5\\\/\"}]}<\/script>\n<!-- \/ Yoast SEO plugin. -->","yoast_head_json":{"title":"Der Kulturfunk gr\u00e4bt den Schacht von Babel \/ Schleichender Tod beim r[bb] - Kritische Masse","robots":{"index":"index","follow":"follow","max-snippet":"max-snippet:-1","max-image-preview":"max-image-preview:large","max-video-preview":"max-video-preview:-1"},"canonical":"https:\/\/www.kritische-masse.de\/logbuch\/2024\/04\/der-kulturfunk-graebt-den-schacht-von-babel-schleichender-tod-beim-rbb\/","og_locale":"de_DE","og_type":"article","og_title":"Der Kulturfunk gr\u00e4bt den Schacht von Babel \/ Schleichender Tod beim r[bb] - Kritische Masse","og_description":"Der Kulturfunk meditiert +++ Das Automobil mit fossiler Energie schon 1973 ein Fluch, findet W. H. Auden +++ Kafka gr\u00e4bt den Schacht von Babel +++ Der Kulturfunk verabschiedet sich aus dem Radio +++","og_url":"https:\/\/www.kritische-masse.de\/logbuch\/2024\/04\/der-kulturfunk-graebt-den-schacht-von-babel-schleichender-tod-beim-rbb\/","og_site_name":"Kritische Masse","article_publisher":"https:\/\/www.facebook.com\/hufner","article_author":"https:\/\/www.facebook.com\/hufner","article_published_time":"2024-04-03T11:30:01+00:00","og_image":[{"width":1440,"height":1080,"url":"https:\/\/www.kritische-masse.de\/logbuch\/wp-content\/uploads\/2024\/04\/04_02-Wir-graben-den-Schacht-von-Babel.-Kafka.jpg","type":"image\/jpeg"}],"author":"der huflaikhan","twitter_misc":{"Verfasst von":"der huflaikhan","Gesch\u00e4tzte Lesezeit":"3\u00a0Minuten"},"schema":{"@context":"https:\/\/schema.org","@graph":[{"@type":"Article","@id":"https:\/\/www.kritische-masse.de\/logbuch\/2024\/04\/der-kulturfunk-graebt-den-schacht-von-babel-schleichender-tod-beim-rbb\/#article","isPartOf":{"@id":"https:\/\/www.kritische-masse.de\/logbuch\/2024\/04\/der-kulturfunk-graebt-den-schacht-von-babel-schleichender-tod-beim-rbb\/"},"author":{"name":"der huflaikhan","@id":"https:\/\/www.kritische-masse.de\/logbuch\/#\/schema\/person\/14c491f46504e7f6b79db161f76def1c"},"headline":"Der Kulturfunk gr\u00e4bt den Schacht von Babel \/ Schleichender Tod beim r[bb]","datePublished":"2024-04-03T11:30:01+00:00","mainEntityOfPage":{"@id":"https:\/\/www.kritische-masse.de\/logbuch\/2024\/04\/der-kulturfunk-graebt-den-schacht-von-babel-schleichender-tod-beim-rbb\/"},"wordCount":380,"commentCount":0,"publisher":{"@id":"https:\/\/www.kritische-masse.de\/logbuch\/#\/schema\/person\/14c491f46504e7f6b79db161f76def1c"},"image":{"@id":"https:\/\/www.kritische-masse.de\/logbuch\/2024\/04\/der-kulturfunk-graebt-den-schacht-von-babel-schleichender-tod-beim-rbb\/#primaryimage"},"thumbnailUrl":"https:\/\/i0.wp.com\/www.kritische-masse.de\/logbuch\/wp-content\/uploads\/2024\/04\/04_02-Wir-graben-den-Schacht-von-Babel.-Kafka.jpg?fit=1440%2C1080&ssl=1","keywords":["Rundfunk-Reform","nmz","\u00d6ffentlich-rechtlicher Rundfunk"],"articleSection":["Angriff auf \u2026","den Rundfunk"],"inLanguage":"de","potentialAction":[{"@type":"CommentAction","name":"Comment","target":["https:\/\/www.kritische-masse.de\/logbuch\/2024\/04\/der-kulturfunk-graebt-den-schacht-von-babel-schleichender-tod-beim-rbb\/#respond"]}]},{"@type":"WebPage","@id":"https:\/\/www.kritische-masse.de\/logbuch\/2024\/04\/der-kulturfunk-graebt-den-schacht-von-babel-schleichender-tod-beim-rbb\/","url":"https:\/\/www.kritische-masse.de\/logbuch\/2024\/04\/der-kulturfunk-graebt-den-schacht-von-babel-schleichender-tod-beim-rbb\/","name":"Der Kulturfunk gr\u00e4bt den Schacht von Babel \/ Schleichender Tod beim r[bb] - Kritische Masse","isPartOf":{"@id":"https:\/\/www.kritische-masse.de\/logbuch\/#website"},"primaryImageOfPage":{"@id":"https:\/\/www.kritische-masse.de\/logbuch\/2024\/04\/der-kulturfunk-graebt-den-schacht-von-babel-schleichender-tod-beim-rbb\/#primaryimage"},"image":{"@id":"https:\/\/www.kritische-masse.de\/logbuch\/2024\/04\/der-kulturfunk-graebt-den-schacht-von-babel-schleichender-tod-beim-rbb\/#primaryimage"},"thumbnailUrl":"https:\/\/i0.wp.com\/www.kritische-masse.de\/logbuch\/wp-content\/uploads\/2024\/04\/04_02-Wir-graben-den-Schacht-von-Babel.-Kafka.jpg?fit=1440%2C1080&ssl=1","datePublished":"2024-04-03T11:30:01+00:00","breadcrumb":{"@id":"https:\/\/www.kritische-masse.de\/logbuch\/2024\/04\/der-kulturfunk-graebt-den-schacht-von-babel-schleichender-tod-beim-rbb\/#breadcrumb"},"inLanguage":"de","potentialAction":[{"@type":"ReadAction","target":["https:\/\/www.kritische-masse.de\/logbuch\/2024\/04\/der-kulturfunk-graebt-den-schacht-von-babel-schleichender-tod-beim-rbb\/"]}]},{"@type":"ImageObject","inLanguage":"de","@id":"https:\/\/www.kritische-masse.de\/logbuch\/2024\/04\/der-kulturfunk-graebt-den-schacht-von-babel-schleichender-tod-beim-rbb\/#primaryimage","url":"https:\/\/i0.wp.com\/www.kritische-masse.de\/logbuch\/wp-content\/uploads\/2024\/04\/04_02-Wir-graben-den-Schacht-von-Babel.-Kafka.jpg?fit=1440%2C1080&ssl=1","contentUrl":"https:\/\/i0.wp.com\/www.kritische-masse.de\/logbuch\/wp-content\/uploads\/2024\/04\/04_02-Wir-graben-den-Schacht-von-Babel.-Kafka.jpg?fit=1440%2C1080&ssl=1","width":1440,"height":1080,"caption":"04 02 Wir graben den Schacht von Babel. Kafka"},{"@type":"BreadcrumbList","@id":"https:\/\/www.kritische-masse.de\/logbuch\/2024\/04\/der-kulturfunk-graebt-den-schacht-von-babel-schleichender-tod-beim-rbb\/#breadcrumb","itemListElement":[{"@type":"ListItem","position":1,"name":"Startseite","item":"https:\/\/www.kritische-masse.de\/logbuch\/"},{"@type":"ListItem","position":2,"name":"Der Kulturfunk gr\u00e4bt den Schacht von Babel \/ Schleichender Tod beim r[bb]"}]},{"@type":"WebSite","@id":"https:\/\/www.kritische-masse.de\/logbuch\/#website","url":"https:\/\/www.kritische-masse.de\/logbuch\/","name":"kritische masse","description":"amt f\u00fcr vermassungsschutz","publisher":{"@id":"https:\/\/www.kritische-masse.de\/logbuch\/#\/schema\/person\/14c491f46504e7f6b79db161f76def1c"},"alternateName":"das logbuch der kritischen masse","potentialAction":[{"@type":"SearchAction","target":{"@type":"EntryPoint","urlTemplate":"https:\/\/www.kritische-masse.de\/logbuch\/?s={search_term_string}"},"query-input":{"@type":"PropertyValueSpecification","valueRequired":true,"valueName":"search_term_string"}}],"inLanguage":"de"},{"@type":["Person","Organization"],"@id":"https:\/\/www.kritische-masse.de\/logbuch\/#\/schema\/person\/14c491f46504e7f6b79db161f76def1c","name":"der huflaikhan","image":{"@type":"ImageObject","inLanguage":"de","@id":"https:\/\/www.kritische-masse.de\/logbuch\/wp-content\/uploads\/2024\/01\/cropped-kritischmasse_man_512.jpg","url":"https:\/\/www.kritische-masse.de\/logbuch\/wp-content\/uploads\/2024\/01\/cropped-kritischmasse_man_512.jpg","contentUrl":"https:\/\/www.kritische-masse.de\/logbuch\/wp-content\/uploads\/2024\/01\/cropped-kritischmasse_man_512.jpg","width":512,"height":512,"caption":"der huflaikhan"},"logo":{"@id":"https:\/\/www.kritische-masse.de\/logbuch\/wp-content\/uploads\/2024\/01\/cropped-kritischmasse_man_512.jpg"},"description":"Betreiber der Kritischen Masse seit 1995. Seit 2023 Wiederaufnahme. Promotion mit einer Arbeit \u00fcber Adornos kompositorische und theoretische Auseinandersetzung mit der Zw\u00f6lftontechnik. Arbeit f\u00fcr den Bayerischen und den Mitteldeutschen Rundfunk als freier Autor und Regisseur \u2013 zumindest bis Ende 2015. Online-Redaktion f\u00fcr neue musikzeitung, Jazzzeitung und Oper &amp; Tanz. Ungl\u00fccklich, aber fast taub.","sameAs":["https:\/\/www.kritische-masse.de\/logbuch\/","https:\/\/www.facebook.com\/hufner"],"url":"https:\/\/www.kritische-masse.de\/logbuch\/author\/martin_d1juqiu5\/"}]}},"jetpack_publicize_connections":[],"jetpack_featured_media_url":"https:\/\/i0.wp.com\/www.kritische-masse.de\/logbuch\/wp-content\/uploads\/2024\/04\/04_02-Wir-graben-den-Schacht-von-Babel.-Kafka.jpg?fit=1440%2C1080&ssl=1","categories_names":["Angriff auf \u2026","den Rundfunk"],"post_class":[["post-9514","post","type-post","status-publish","format-standard","has-post-thumbnail","hentry","category-angriffauf","category-denrundfunk","tag-rundfunk-reform","tag-nmz","tag-oeffentlich-rechtlicher-rundfunk","entry","has-media"]],"author_avatar":["<img alt='' src='https:\/\/secure.gravatar.com\/avatar\/c23aee426d58e69f14ef471114d4cac215eec702ee1bc331e2a62ea77e96ed60?s=96&#038;d=blank&#038;r=g' srcset='https:\/\/secure.gravatar.com\/avatar\/c23aee426d58e69f14ef471114d4cac215eec702ee1bc331e2a62ea77e96ed60?s=192&#038;d=blank&#038;r=g 2x' class='avatar avatar-96 photo' height='96' width='96' loading='lazy' decoding='async'\/>"],"featured_video":null,"jetpack-related-posts":[{"id":8290,"url":"https:\/\/www.kritische-masse.de\/logbuch\/2004\/11\/alpha-centauri-entfernung-46-lichtjahre-hoert-derweil-das-alte-programm-von-radio3\/","url_meta":{"origin":9514,"position":0},"title":"Alpha Centauri (Entfernung 4,6 Lichtjahre) h\u00f6rt derweil das alte Programm von Radio3","author":"der huflaikhan","date":"21. November 2004","format":false,"excerpt":"Das GANZE Werk bringt eine h\u00fcbsche Replik von Carsten Molnar zu einem Kommentar von NDR-Kultur-Wellenchefin Barbara Mirow. Die sagte: \u201eDie Bereitschaft, sich l\u00e4ngeren, in sich geschlossenen Werken zu widmen, hat leider deutlich nachgelassen.\u201c Amen. Die Bereitschaft von Sch\u00fcler, etwas lernen zu wollen, hat leider nachgelassen. Deswegen gucken wir jetzt auch\u2026","rel":"","context":"In &quot;den Rundfunk&quot;","block_context":{"text":"den Rundfunk","link":"https:\/\/www.kritische-masse.de\/logbuch\/category\/angriffauf\/denrundfunk\/"},"img":{"alt_text":"","src":"","width":0,"height":0},"classes":[]},{"id":9278,"url":"https:\/\/www.kritische-masse.de\/logbuch\/2024\/02\/illegale-autorenrennen-baritone-discounter-tenoere-der-rohde\/","url_meta":{"origin":9514,"position":1},"title":"Illegale Autorenrennen \/ Baritone &#038; Discounter(-Ten\u00f6re) \/ Der Rohde","author":"der huflaikhan","date":"26. Februar 2024","format":false,"excerpt":"Illegale Autorenrennen ++ Baritone & Discounter(-Ten\u00f6re) ++++ Der Rohde +++ Gurdjieff in der H\u00f6rBar +++ Was hat die Welt mit mir zu tun +++ Die Menschheit und das Kulturversagen +++ Das Kulturversprechen als Bullshit +++","rel":"","context":"In &quot;Angriff auf \u2026&quot;","block_context":{"text":"Angriff auf \u2026","link":"https:\/\/www.kritische-masse.de\/logbuch\/category\/angriffauf\/"},"img":{"alt_text":"Aufr\u00e4um-Vogel in Teltow. Foto: Hufner","src":"https:\/\/i0.wp.com\/www.kritische-masse.de\/logbuch\/wp-content\/uploads\/2024\/02\/02_24_kraehe.jpg?fit=1008%2C1008&ssl=1&resize=350%2C200","width":350,"height":200,"srcset":"https:\/\/i0.wp.com\/www.kritische-masse.de\/logbuch\/wp-content\/uploads\/2024\/02\/02_24_kraehe.jpg?fit=1008%2C1008&ssl=1&resize=350%2C200 1x, https:\/\/i0.wp.com\/www.kritische-masse.de\/logbuch\/wp-content\/uploads\/2024\/02\/02_24_kraehe.jpg?fit=1008%2C1008&ssl=1&resize=525%2C300 1.5x, https:\/\/i0.wp.com\/www.kritische-masse.de\/logbuch\/wp-content\/uploads\/2024\/02\/02_24_kraehe.jpg?fit=1008%2C1008&ssl=1&resize=700%2C400 2x"},"classes":[]},{"id":907,"url":"https:\/\/www.kritische-masse.de\/logbuch\/2004\/11\/nachlaessigkeit\/","url_meta":{"origin":9514,"position":2},"title":"Nachl\u00e4ssigkeit","author":"huflaikhan","date":"21. November 2004","format":false,"excerpt":"Das GANZE Werk bringt eine h\u00fcbsche Replik von Carsten Molnar zu einem Kommentar von NDR-Kultur-Wellenchefin Barbara Mirow. Die sagte: \u201eDie Bereitschaft, sich l\u00e4ngeren, in sich geschlossenen Werken zu widmen, hat leider deutlich nachgelassen.\u201c Quelle: Das GANZE Werk \/ Korrespondenz - Einzelne S\u00e4tze, innere Geschlossenheit Amen. Die Bereitschaft von Sch\u00fcler, etwas\u2026","rel":"","context":"In &quot;den Rundfunk&quot;","block_context":{"text":"den Rundfunk","link":"https:\/\/www.kritische-masse.de\/logbuch\/category\/angriffauf\/denrundfunk\/"},"img":{"alt_text":"","src":"","width":0,"height":0},"classes":[]},{"id":9773,"url":"https:\/\/www.kritische-masse.de\/logbuch\/2024\/06\/egoschooter-egosearcher-hauptsache-ego\/","url_meta":{"origin":9514,"position":3},"title":"Egoschooter: Egosearcher \u2013 Hauptsache EGO","author":"der huflaikhan","date":"7. Juni 2024","format":false,"excerpt":"Was perplexity.ai alles \u00fcber mich wei\u00df, wei\u00df es von mir. Wer ist Martin Hufner? Martin Hufner ist ein vielseitiger deutscher Journalist, Musikwissenschaftler, Fotograf und Berater, der in verschiedenen Bereichen der Musikkultur t\u00e4tig ist. Geboren 1964 in M\u00fcnster\/Westfalen, wuchs er in Tinnen und Wolfsburg auf. Er studierte Musikwissenschaften, Philosophie und Psychologie\u2026","rel":"","context":"In &quot;Ich&quot;","block_context":{"text":"Ich","link":"https:\/\/www.kritische-masse.de\/logbuch\/category\/privates\/ich\/"},"img":{"alt_text":"Firefly Male mir ein Bild mit Martin Hufner als einem Musikjournalisten, der im Konzert sitzt","src":"https:\/\/i0.wp.com\/www.kritische-masse.de\/logbuch\/wp-content\/uploads\/2024\/06\/Firefly-Male-mir-ein-Bild-mit-Martin-Hufner-als-einem-Musikjournalisten-der-im-Konzert-sitzt-30013.jpg?fit=1200%2C933&ssl=1&resize=350%2C200","width":350,"height":200,"srcset":"https:\/\/i0.wp.com\/www.kritische-masse.de\/logbuch\/wp-content\/uploads\/2024\/06\/Firefly-Male-mir-ein-Bild-mit-Martin-Hufner-als-einem-Musikjournalisten-der-im-Konzert-sitzt-30013.jpg?fit=1200%2C933&ssl=1&resize=350%2C200 1x, https:\/\/i0.wp.com\/www.kritische-masse.de\/logbuch\/wp-content\/uploads\/2024\/06\/Firefly-Male-mir-ein-Bild-mit-Martin-Hufner-als-einem-Musikjournalisten-der-im-Konzert-sitzt-30013.jpg?fit=1200%2C933&ssl=1&resize=525%2C300 1.5x, https:\/\/i0.wp.com\/www.kritische-masse.de\/logbuch\/wp-content\/uploads\/2024\/06\/Firefly-Male-mir-ein-Bild-mit-Martin-Hufner-als-einem-Musikjournalisten-der-im-Konzert-sitzt-30013.jpg?fit=1200%2C933&ssl=1&resize=700%2C400 2x, https:\/\/i0.wp.com\/www.kritische-masse.de\/logbuch\/wp-content\/uploads\/2024\/06\/Firefly-Male-mir-ein-Bild-mit-Martin-Hufner-als-einem-Musikjournalisten-der-im-Konzert-sitzt-30013.jpg?fit=1200%2C933&ssl=1&resize=1050%2C600 3x"},"classes":[]},{"id":982,"url":"https:\/\/www.kritische-masse.de\/logbuch\/2004\/12\/wie-online-darf-der-rundfunk-sein\/","url_meta":{"origin":9514,"position":4},"title":"Wie online darf der Rundfunk sein?","author":"huflaikhan","date":"27. Dezember 2004","format":false,"excerpt":"In der aktuellen Ausgabe der neuen musikzeitung habe ich mich \u00f6fter zu Wort Wort gemeldet. Unter anderem mit einem Beitrag \u00fcber die Online-Aktivit\u00e4ten der \u00f6ffentlich-rechtlichen Rundfunkanstalten. Wie online darf der Rundfunk sein? Die \u00f6ffentlich-rechtlichen Sender im Visier der EU Dem \u00f6ffentlich-rechtlichen Rundfunk bl\u00e4st geh\u00f6rig der Wind entgegen. Grund sind nicht\u2026","rel":"","context":"\u00c4hnlicher Beitrag","block_context":{"text":"\u00c4hnlicher Beitrag","link":""},"img":{"alt_text":"","src":"","width":0,"height":0},"classes":[]},{"id":9174,"url":"https:\/\/www.kritische-masse.de\/logbuch\/2024\/02\/das-stille-paradox-vergessenwerdenwollen-tschuess-durchhoerbarkeit\/","url_meta":{"origin":9514,"position":5},"title":"Das Stille-Paradox \/ Vergessenwerdenwollen \/ Tsch\u00fcss Durchh\u00f6rbarkeit","author":"der huflaikhan","date":"15. Februar 2024","format":false,"excerpt":"Wenn Musik erklingt, ist Stille das, was man nicht h\u00f6rt. Wenn keine Musik erklingt, ist Stille das, was man h\u00f6rt. Paradox! Albrecht Selges neues Buch Silence ist bei rowohlt erschienen. F\u00fcr das Van Magazin hat er eine Playlist ganz ohne 4'33\" erstellt. Das hat wiederum mich daran erinnert, dass ich\u2026","rel":"","context":"In &quot;\u00c4sthetische Kunstfehler&quot;","block_context":{"text":"\u00c4sthetische Kunstfehler","link":"https:\/\/www.kritische-masse.de\/logbuch\/category\/aesthetische_kunstfehler\/"},"img":{"alt_text":"02 15 ordnung im urlaub","src":"https:\/\/i0.wp.com\/www.kritische-masse.de\/logbuch\/wp-content\/uploads\/2024\/02\/02_15_ordnung_im_urlaub.jpg?fit=1200%2C696&ssl=1&resize=350%2C200","width":350,"height":200,"srcset":"https:\/\/i0.wp.com\/www.kritische-masse.de\/logbuch\/wp-content\/uploads\/2024\/02\/02_15_ordnung_im_urlaub.jpg?fit=1200%2C696&ssl=1&resize=350%2C200 1x, https:\/\/i0.wp.com\/www.kritische-masse.de\/logbuch\/wp-content\/uploads\/2024\/02\/02_15_ordnung_im_urlaub.jpg?fit=1200%2C696&ssl=1&resize=525%2C300 1.5x, https:\/\/i0.wp.com\/www.kritische-masse.de\/logbuch\/wp-content\/uploads\/2024\/02\/02_15_ordnung_im_urlaub.jpg?fit=1200%2C696&ssl=1&resize=700%2C400 2x, https:\/\/i0.wp.com\/www.kritische-masse.de\/logbuch\/wp-content\/uploads\/2024\/02\/02_15_ordnung_im_urlaub.jpg?fit=1200%2C696&ssl=1&resize=1050%2C600 3x"},"classes":[]}],"jetpack_sharing_enabled":true,"_links":{"self":[{"href":"https:\/\/www.kritische-masse.de\/logbuch\/wp-json\/wp\/v2\/posts\/9514","targetHints":{"allow":["GET"]}}],"collection":[{"href":"https:\/\/www.kritische-masse.de\/logbuch\/wp-json\/wp\/v2\/posts"}],"about":[{"href":"https:\/\/www.kritische-masse.de\/logbuch\/wp-json\/wp\/v2\/types\/post"}],"author":[{"embeddable":true,"href":"https:\/\/www.kritische-masse.de\/logbuch\/wp-json\/wp\/v2\/users\/1"}],"replies":[{"embeddable":true,"href":"https:\/\/www.kritische-masse.de\/logbuch\/wp-json\/wp\/v2\/comments?post=9514"}],"version-history":[{"count":0,"href":"https:\/\/www.kritische-masse.de\/logbuch\/wp-json\/wp\/v2\/posts\/9514\/revisions"}],"wp:featuredmedia":[{"embeddable":true,"href":"https:\/\/www.kritische-masse.de\/logbuch\/wp-json\/wp\/v2\/media\/9517"}],"wp:attachment":[{"href":"https:\/\/www.kritische-masse.de\/logbuch\/wp-json\/wp\/v2\/media?parent=9514"}],"wp:term":[{"taxonomy":"category","embeddable":true,"href":"https:\/\/www.kritische-masse.de\/logbuch\/wp-json\/wp\/v2\/categories?post=9514"},{"taxonomy":"post_tag","embeddable":true,"href":"https:\/\/www.kritische-masse.de\/logbuch\/wp-json\/wp\/v2\/tags?post=9514"}],"curies":[{"name":"wp","href":"https:\/\/api.w.org\/{rel}","templated":true}]}}