{"id":9659,"date":"2024-05-01T14:25:43","date_gmt":"2024-05-01T12:25:43","guid":{"rendered":"https:\/\/www.kritische-masse.de\/logbuch\/?p=9659"},"modified":"2024-05-01T14:25:43","modified_gmt":"2024-05-01T12:25:43","slug":"das-verschwinden-boot-camp","status":"publish","type":"post","link":"https:\/\/www.kritische-masse.de\/logbuch\/2024\/05\/das-verschwinden-boot-camp\/","title":{"rendered":"Das Verschwinden \/ Boot-Camp"},"content":{"rendered":"<div class=\"shariff shariff-align-left shariff-widget-align-left\"><ul class=\"shariff-buttons theme-white orientation-horizontal buttonsize-small\"><li class=\"shariff-button mastodon shariff-nocustomcolor\" style=\"background-color:#563ACC\"><a href=\"https:\/\/s2f.kytta.dev\/?text=Das%20Verschwinden%20%2F%20Boot-Camp https%3A%2F%2Fwww.kritische-masse.de%2Flogbuch%2F2024%2F05%2Fdas-verschwinden-boot-camp%2F\" title=\"Bei Mastodon teilen\" aria-label=\"Bei Mastodon teilen\" role=\"button\" rel=\"noopener nofollow\" class=\"shariff-link\" style=\"; background-color:#6364FF; color:#6364FF\" target=\"_blank\"><span class=\"shariff-icon\" style=\"fill:#6364FF\"><svg width=\"75\" height=\"79\" viewBox=\"0 0 75 79\" fill=\"none\" xmlns=\"http:\/\/www.w3.org\/2000\/svg\"><path d=\"M37.813-.025C32.462-.058 27.114.13 21.79.598c-8.544.621-17.214 5.58-20.203 13.931C-1.12 23.318.408 32.622.465 41.65c.375 7.316.943 14.78 3.392 21.73 4.365 9.465 14.781 14.537 24.782 15.385 7.64.698 15.761-.213 22.517-4.026a54.1 54.1 0 0 0 .01-6.232c-6.855 1.316-14.101 2.609-21.049 1.074-3.883-.88-6.876-4.237-7.25-8.215-1.53-3.988 3.78-.43 5.584-.883 9.048 1.224 18.282.776 27.303-.462 7.044-.837 14.26-4.788 16.65-11.833 2.263-6.135 1.215-12.79 1.698-19.177.06-3.84.09-7.692-.262-11.52C72.596 7.844 63.223.981 53.834.684a219.453 219.453 0 0 0-16.022-.71zm11.294 12.882c5.5-.067 10.801 4.143 11.67 9.653.338 1.48.471 3 .471 4.515v21.088h-8.357c-.07-7.588.153-15.182-.131-22.765-.587-4.368-7.04-5.747-9.672-2.397-2.422 3.04-1.47 7.155-1.67 10.735v6.392h-8.307c-.146-4.996.359-10.045-.404-15.002-1.108-4.218-7.809-5.565-10.094-1.666-1.685 3.046-.712 6.634-.976 9.936v14.767h-8.354c.109-8.165-.238-16.344.215-24.5.674-5.346 5.095-10.389 10.676-10.627 4.902-.739 10.103 2.038 12.053 6.631.375 1.435 1.76 1.932 1.994.084 1.844-3.704 5.501-6.739 9.785-6.771.367-.044.735-.068 1.101-.073z\"\/><defs><linearGradient id=\"paint0_linear_549_34\" x1=\"37.0692\" y1=\"0\" x2=\"37.0692\" y2=\"79\" gradientUnits=\"userSpaceOnUse\"><stop stop-color=\"#6364FF\"\/><stop offset=\"1\" stop-color=\"#563ACC\"\/><\/linearGradient><\/defs><\/svg><\/span><span class=\"shariff-text\" style=\"color:#6364FF\">teilen<\/span>&nbsp;<\/a><\/li><li class=\"shariff-button bluesky shariff-nocustomcolor\" style=\"background-color:#84c4ff\"><a href=\"https:\/\/bsky.app\/intent\/compose?text=Das%20Verschwinden%20%2F%20Boot-Camp https%3A%2F%2Fwww.kritische-masse.de%2Flogbuch%2F2024%2F05%2Fdas-verschwinden-boot-camp%2F \" title=\"Bei Bluesky teilen\" aria-label=\"Bei Bluesky teilen\" role=\"button\" rel=\"noopener nofollow\" class=\"shariff-link\" style=\"; background-color:#0085ff; color:#0085ff\" target=\"_blank\"><span class=\"shariff-icon\" style=\"fill:#0085ff\"><svg width=\"20\" height=\"20\" version=\"1.1\" xmlns=\"http:\/\/www.w3.org\/2000\/svg\" viewBox=\"0 0 20 20\"><path class=\"st0\" d=\"M4.89,3.12c2.07,1.55,4.3,4.71,5.11,6.4.82-1.69,3.04-4.84,5.11-6.4,1.49-1.12,3.91-1.99,3.91.77,0,.55-.32,4.63-.5,5.3-.64,2.3-2.99,2.89-5.08,2.54,3.65.62,4.58,2.68,2.57,4.74-3.81,3.91-5.48-.98-5.9-2.23-.08-.23-.11-.34-.12-.25,0-.09-.04.02-.12.25-.43,1.25-2.09,6.14-5.9,2.23-2.01-2.06-1.08-4.12,2.57-4.74-2.09.36-4.44-.23-5.08-2.54-.19-.66-.5-4.74-.5-5.3,0-2.76,2.42-1.89,3.91-.77h0Z\"\/><\/svg><\/span><span class=\"shariff-text\" style=\"color:#0085ff\">teilen<\/span>&nbsp;<\/a><\/li><li class=\"shariff-button threema shariff-nocustomcolor shariff-mobile\" style=\"background-color:#4fbc24\"><a href=\"threema:\/\/compose?text=Das%20Verschwinden%20%2F%20Boot-Camp%20https%3A%2F%2Fwww.kritische-masse.de%2Flogbuch%2F2024%2F05%2Fdas-verschwinden-boot-camp%2F\" title=\"Bei Threema teilen\" aria-label=\"Bei Threema teilen\" role=\"button\" rel=\"noopener nofollow\" class=\"shariff-link\" style=\"; background-color:#1f1f1f; color:#1f1f1f\" target=\"_blank\"><span class=\"shariff-icon\" style=\"fill:#1f1f1f\"><svg width=\"32px\" height=\"20px\" xmlns=\"http:\/\/www.w3.org\/2000\/svg\" viewBox=\"0 0 32 32\"><path fill=\"#1f1f1f\" d=\"M30.8 10.9c-0.3-1.4-0.9-2.6-1.8-3.8-2-2.6-5.5-4.5-9.4-5.2-1.3-0.2-1.9-0.3-3.5-0.3s-2.2 0-3.5 0.3c-4 0.7-7.4 2.6-9.4 5.2-0.9 1.2-1.5 2.4-1.8 3.8-0.1 0.5-0.2 1.2-0.2 1.6 0 0.4 0.1 1.1 0.2 1.6 0.4 1.9 1.3 3.4 2.9 5 0.8 0.8 0.8 0.8 0.7 1.3 0 0.6-0.5 1.6-1.7 3.6-0.3 0.5-0.5 0.9-0.5 0.9 0 0.1 0.1 0.1 0.5 0 0.8-0.2 2.3-0.6 5.6-1.6 1.1-0.3 1.3-0.4 2.3-0.4 0.8 0 1.1 0 2.3 0.2 1.5 0.2 3.5 0.2 4.9 0 5.1-0.6 9.3-2.9 11.4-6.3 0.5-0.9 0.9-1.8 1.1-2.8 0.1-0.5 0.2-1.1 0.2-1.6 0-0.7-0.1-1.1-0.2-1.6-0.3-1.4 0.1 0.5 0 0zM20.6 17.3c0 0.4-0.4 0.8-0.8 0.8h-7.7c-0.4 0-0.8-0.4-0.8-0.8v-4.6c0-0.4 0.4-0.8 0.8-0.8h0.2l0-1.6c0-0.9 0-1.8 0.1-2 0.1-0.6 0.6-1.2 1.1-1.7s1.1-0.7 1.9-0.8c1.8-0.3 3.7 0.7 4.2 2.2 0.1 0.3 0.1 0.7 0.1 2.1v0 1.7h0.1c0.4 0 0.8 0.4 0.8 0.8v4.6zM15.6 7.3c-0.5 0.1-0.8 0.3-1.2 0.6s-0.6 0.8-0.7 1.3c0 0.2 0 0.8 0 1.5l0 1.2h4.6v-1.3c0-1 0-1.4-0.1-1.6-0.3-1.1-1.5-1.9-2.6-1.7zM25.8 28.2c0 1.2-1 2.2-2.1 2.2s-2.1-1-2.1-2.1c0-1.2 1-2.1 2.2-2.1s2.2 1 2.2 2.2zM18.1 28.2c0 1.2-1 2.2-2.1 2.2s-2.1-1-2.1-2.1c0-1.2 1-2.1 2.2-2.1s2.2 1 2.2 2.2zM10.4 28.2c0 1.2-1 2.2-2.1 2.2s-2.1-1-2.1-2.1c0-1.2 1-2.1 2.2-2.1s2.2 1 2.2 2.2z\"\/><\/svg><\/span><span class=\"shariff-text\" style=\"color:#1f1f1f\">teilen<\/span>&nbsp;<\/a><\/li><li class=\"shariff-button facebook shariff-nocustomcolor\" style=\"background-color:#4273c8\"><a href=\"https:\/\/www.facebook.com\/sharer\/sharer.php?u=https%3A%2F%2Fwww.kritische-masse.de%2Flogbuch%2F2024%2F05%2Fdas-verschwinden-boot-camp%2F\" title=\"Bei Facebook teilen\" aria-label=\"Bei Facebook teilen\" role=\"button\" rel=\"nofollow\" class=\"shariff-link\" style=\"; background-color:#3b5998; color:#3b5998\" target=\"_blank\"><span class=\"shariff-icon\" style=\"fill:#3b5998\"><svg width=\"32px\" height=\"20px\" xmlns=\"http:\/\/www.w3.org\/2000\/svg\" viewBox=\"0 0 18 32\"><path fill=\"#3b5998\" d=\"M17.1 0.2v4.7h-2.8q-1.5 0-2.1 0.6t-0.5 1.9v3.4h5.2l-0.7 5.3h-4.5v13.6h-5.5v-13.6h-4.5v-5.3h4.5v-3.9q0-3.3 1.9-5.2t5-1.8q2.6 0 4.1 0.2z\"\/><\/svg><\/span><span class=\"shariff-text\" style=\"color:#3b5998\">teilen<\/span>&nbsp;<\/a><\/li><li class=\"shariff-button info shariff-nocustomcolor\" style=\"background-color:#a8a8a8\"><a href=\"http:\/\/ct.de\/-2467514\" title=\"Weitere Informationen\" aria-label=\"Weitere Informationen\" role=\"button\" rel=\"noopener \" class=\"shariff-link\" style=\"; background-color:#999; color:#999\" target=\"_blank\"><span class=\"shariff-icon\" style=\"fill:#999\"><svg width=\"32px\" height=\"20px\" xmlns=\"http:\/\/www.w3.org\/2000\/svg\" viewBox=\"0 0 11 32\"><path fill=\"#999\" d=\"M11.4 24v2.3q0 0.5-0.3 0.8t-0.8 0.4h-9.1q-0.5 0-0.8-0.4t-0.4-0.8v-2.3q0-0.5 0.4-0.8t0.8-0.4h1.1v-6.8h-1.1q-0.5 0-0.8-0.4t-0.4-0.8v-2.3q0-0.5 0.4-0.8t0.8-0.4h6.8q0.5 0 0.8 0.4t0.4 0.8v10.3h1.1q0.5 0 0.8 0.4t0.3 0.8zM9.2 3.4v3.4q0 0.5-0.4 0.8t-0.8 0.4h-4.6q-0.4 0-0.8-0.4t-0.4-0.8v-3.4q0-0.4 0.4-0.8t0.8-0.4h4.6q0.5 0 0.8 0.4t0.4 0.8z\"\/><\/svg><\/span><\/a><\/li><\/ul><\/div><p>Wie sagte doch B.: <strong>Das Verschwinden Gottes hat uns der Realit\u00e4t ausgesetzt. Was wird sein, wenn die Realit\u00e4t verschwunden ist?<\/strong><\/p>\n<p>Verschwinden tut auch das Publikum, trotz R\u00fcckkehr. Sleepless am Theater Chemnitz ist eine gro\u00dfartige Auff\u00fchrung, <a href=\"https:\/\/www.nmz.de\/kritik\/oper-konzert\/alles-so-schoen-blau-hier-chemnitzer-sleepless-von-peter-eoetvoes-steckt-voller\">findet Michael Ernst in der nmz<\/a>. Schon die n\u00e4chste Auff\u00fchrung am 3. Mai zeigt aber recht wenige Reservierungen.<\/p>\n<p>&nbsp;<\/p>\n<figure id=\"attachment_9661\" aria-describedby=\"caption-attachment-9661\" style=\"width: 840px\" class=\"wp-caption aligncenter\"><a href=\"https:\/\/i0.wp.com\/www.kritische-masse.de\/logbuch\/wp-content\/uploads\/2024\/04\/Die-Theater-Chemnitz_sleepless_05_03.png?ssl=1\"><img data-recalc-dims=\"1\" loading=\"lazy\" decoding=\"async\" data-attachment-id=\"9661\" data-permalink=\"https:\/\/www.kritische-masse.de\/logbuch\/2024\/05\/das-verschwinden-boot-camp\/die-theater-chemnitz_sleepless_05_03\/\" data-orig-file=\"https:\/\/i0.wp.com\/www.kritische-masse.de\/logbuch\/wp-content\/uploads\/2024\/04\/Die-Theater-Chemnitz_sleepless_05_03.png?fit=1920%2C967&amp;ssl=1\" data-orig-size=\"1920,967\" data-comments-opened=\"1\" data-image-meta=\"{&quot;aperture&quot;:&quot;0&quot;,&quot;credit&quot;:&quot;&quot;,&quot;camera&quot;:&quot;&quot;,&quot;caption&quot;:&quot;&quot;,&quot;created_timestamp&quot;:&quot;0&quot;,&quot;copyright&quot;:&quot;&quot;,&quot;focal_length&quot;:&quot;0&quot;,&quot;iso&quot;:&quot;0&quot;,&quot;shutter_speed&quot;:&quot;0&quot;,&quot;title&quot;:&quot;&quot;,&quot;orientation&quot;:&quot;0&quot;}\" data-image-title=\"Die Theater Chemnitz sleepless 05 03\" data-image-description=\"&lt;p&gt;Die Theater Chemnitz sleepless 05 03&lt;\/p&gt;\n\" data-image-caption=\"&lt;p&gt;Die Theater Chemnitz sleepless 05 03&lt;\/p&gt;\n\" data-large-file=\"https:\/\/i0.wp.com\/www.kritische-masse.de\/logbuch\/wp-content\/uploads\/2024\/04\/Die-Theater-Chemnitz_sleepless_05_03.png?fit=1024%2C516&amp;ssl=1\" class=\"size-large wp-image-9661\" title=\"Die Theater Chemnitz sleepless 05 03\" src=\"https:\/\/i0.wp.com\/www.kritische-masse.de\/logbuch\/wp-content\/uploads\/2024\/04\/Die-Theater-Chemnitz_sleepless_05_03.png?resize=840%2C423&#038;ssl=1\" alt=\"Die Theater Chemnitz sleepless 05 03\" width=\"840\" height=\"423\" srcset=\"https:\/\/i0.wp.com\/www.kritische-masse.de\/logbuch\/wp-content\/uploads\/2024\/04\/Die-Theater-Chemnitz_sleepless_05_03.png?resize=1024%2C516&amp;ssl=1 1024w, https:\/\/i0.wp.com\/www.kritische-masse.de\/logbuch\/wp-content\/uploads\/2024\/04\/Die-Theater-Chemnitz_sleepless_05_03.png?resize=300%2C151&amp;ssl=1 300w, https:\/\/i0.wp.com\/www.kritische-masse.de\/logbuch\/wp-content\/uploads\/2024\/04\/Die-Theater-Chemnitz_sleepless_05_03.png?resize=768%2C387&amp;ssl=1 768w, https:\/\/i0.wp.com\/www.kritische-masse.de\/logbuch\/wp-content\/uploads\/2024\/04\/Die-Theater-Chemnitz_sleepless_05_03.png?resize=1536%2C774&amp;ssl=1 1536w, https:\/\/i0.wp.com\/www.kritische-masse.de\/logbuch\/wp-content\/uploads\/2024\/04\/Die-Theater-Chemnitz_sleepless_05_03.png?resize=1320%2C665&amp;ssl=1 1320w, https:\/\/i0.wp.com\/www.kritische-masse.de\/logbuch\/wp-content\/uploads\/2024\/04\/Die-Theater-Chemnitz_sleepless_05_03.png?w=1920&amp;ssl=1 1920w\" sizes=\"auto, (max-width: 840px) 100vw, 840px\" \/><\/a><figcaption id=\"caption-attachment-9661\" class=\"wp-caption-text\">Die Theater Chemnitz sleepless 05 03<\/figcaption><\/figure>\n<p>Ich hatte heute einen Traum \u00fcber ein Leichtathletik-Bootcamp, dessen Erfolge f\u00fcr die Teilnehmer augenblicklich eintraten. Ich fand heraus, dass es daran lag, dass man dort die Strecken heimlich verk\u00fcrzte und die Stoppuhren manipulierte. Jetzt fragte ich mich. Soll ich jetzt eine Stunde und l\u00e4nger daran sitzen, mit dazu eine gescheite Geschichte auszudenken, oder soll ich Chat GPT fragen. Also habe ich diese AI um eine Kurzgeschichte gebeten:<\/p>\n<blockquote><p>Schreibe mir eine Kurzgeschichte \u00fcber ein Leichtathletik-Boot-Camp, dessen sofortige Erfolge dadurch zustande kommen, dass man die Strecken f\u00fcr die L\u00e4ufer verk\u00fcrzt hat und die Stoppuhren langsamer laufen l\u00e4sst.<\/p><\/blockquote>\n<p>Ergebnis am Ende des Postings. Da sind ein paar h\u00e4ssliche Haken drin, aber sonst passt es ganz gut. Die moralische Seite w\u00fcrde ich nicht bringen am Ende.<\/p>\n<audio class=\"wp-audio-shortcode\" id=\"audio-9659-1\" preload=\"none\" style=\"width: 100%;\" controls=\"controls\"><source type=\"audio\/mpeg\" src=\"https:\/\/www.kritische-masse.de\/logbuch\/wp-content\/uploads\/2024\/05\/Philosophe20ManquC383C2A9.mp3?_=1\" \/><a href=\"https:\/\/www.kritische-masse.de\/logbuch\/wp-content\/uploads\/2024\/05\/Philosophe20ManquC383C2A9.mp3\">https:\/\/www.kritische-masse.de\/logbuch\/wp-content\/uploads\/2024\/05\/Philosophe20ManquC383C2A9.mp3<\/a><\/audio>\n<div id=\"ez-toc-container\" class=\"ez-toc-v2_0_82_2 ez-toc-wrap-center counter-hierarchy ez-toc-counter ez-toc-light-blue ez-toc-container-direction\">\n<div class=\"ez-toc-title-container\">\n<p class=\"ez-toc-title\" style=\"cursor:inherit\">Inhalt<\/p>\n<span class=\"ez-toc-title-toggle\"><a href=\"#\" class=\"ez-toc-pull-right ez-toc-btn ez-toc-btn-xs ez-toc-btn-default ez-toc-toggle\" aria-label=\"Toggle Table of Content\"><span class=\"ez-toc-js-icon-con\"><span class=\"\"><span class=\"eztoc-hide\" style=\"display:none;\">Toggle<\/span><span class=\"ez-toc-icon-toggle-span\"><svg style=\"fill: #999;color:#999\" xmlns=\"http:\/\/www.w3.org\/2000\/svg\" class=\"list-377408\" width=\"20px\" height=\"20px\" viewBox=\"0 0 24 24\" fill=\"none\"><path d=\"M6 6H4v2h2V6zm14 0H8v2h12V6zM4 11h2v2H4v-2zm16 0H8v2h12v-2zM4 16h2v2H4v-2zm16 0H8v2h12v-2z\" fill=\"currentColor\"><\/path><\/svg><svg style=\"fill: #999;color:#999\" class=\"arrow-unsorted-368013\" xmlns=\"http:\/\/www.w3.org\/2000\/svg\" width=\"10px\" height=\"10px\" viewBox=\"0 0 24 24\" version=\"1.2\" baseProfile=\"tiny\"><path d=\"M18.2 9.3l-6.2-6.3-6.2 6.3c-.2.2-.3.4-.3.7s.1.5.3.7c.2.2.4.3.7.3h11c.3 0 .5-.1.7-.3.2-.2.3-.5.3-.7s-.1-.5-.3-.7zM5.8 14.7l6.2 6.3 6.2-6.3c.2-.2.3-.5.3-.7s-.1-.5-.3-.7c-.2-.2-.4-.3-.7-.3h-11c-.3 0-.5.1-.7.3-.2.2-.3.5-.3.7s.1.5.3.7z\"\/><\/svg><\/span><\/span><\/span><\/a><\/span><\/div>\n<nav><ul class='ez-toc-list ez-toc-list-level-1 ' ><li class='ez-toc-page-1 ez-toc-heading-level-3'><a class=\"ez-toc-link ez-toc-heading-1\" href=\"https:\/\/www.kritische-masse.de\/logbuch\/2024\/05\/das-verschwinden-boot-camp\/#Lustiges_Philosophen-Marketing\" >Lustiges Philosophen-Marketing<\/a><\/li><li class='ez-toc-page-1 ez-toc-heading-level-3'><a class=\"ez-toc-link ez-toc-heading-2\" href=\"https:\/\/www.kritische-masse.de\/logbuch\/2024\/05\/das-verschwinden-boot-camp\/#Das_Boot-Camp_nach_Chat_GPT\" >Das Boot-Camp nach Chat GPT<\/a><\/li><\/ul><\/nav><\/div>\n<h3><span class=\"ez-toc-section\" id=\"Lustiges_Philosophen-Marketing\"><\/span>Lustiges Philosophen-Marketing<span class=\"ez-toc-section-end\"><\/span><\/h3>\n<p>Wie damals Dr. Martin #Luther die #Tomate erfand, vor 500 Jahren, ist noch gar nicht so doll erforscht. #Katholiken bekommen beim #Verzehr regelm\u00e4\u00dfig #Koliken. Nicht als orale Speise geeignet, nur zum Werfen. So ein #Nachtschwartengew\u00e4chshausgew\u00e4chs. \/ Wer war eigentlich dieser Alpen-Kant. Bruder von \u03c0kant?<\/p>\n<div data-carousel-extra='{&quot;blog_id&quot;:1,&quot;permalink&quot;:&quot;https:\/\/www.kritische-masse.de\/logbuch\/2024\/05\/das-verschwinden-boot-camp\/&quot;}' id='gallery-1' class='gallery galleryid-9659 gallery-columns-3 gallery-size-thumbnail'><figure class='gallery-item'>\n\t\t\t<div class='gallery-icon landscape'>\n\t\t\t\t<a title=\"Wer war eigentlich dieser Alpen Kant. Bruder von \u03c0kant \u00a9 MH\"  href='https:\/\/www.kritische-masse.de\/logbuch\/2024\/05\/das-verschwinden-boot-camp\/wer-war-eigentlich-dieser-alpen-kant-bruder-von-%cf%80kant-mh\/'><img loading=\"lazy\" decoding=\"async\" width=\"150\" height=\"150\" src=\"https:\/\/i0.wp.com\/www.kritische-masse.de\/logbuch\/wp-content\/uploads\/2024\/05\/Wer-war-eigentlich-dieser-Alpen-Kant.-Bruder-von-%CF%80kant-%C2%A9-MH.jpg?resize=150%2C150&amp;ssl=1\" class=\"attachment-thumbnail size-thumbnail\" alt=\"Wer war eigentlich dieser Alpen Kant. Bruder von \u03c0kant \u00a9 MH\" aria-describedby=\"gallery-1-9666\" data-attachment-id=\"9666\" data-permalink=\"https:\/\/www.kritische-masse.de\/logbuch\/2024\/05\/das-verschwinden-boot-camp\/wer-war-eigentlich-dieser-alpen-kant-bruder-von-%cf%80kant-mh\/\" data-orig-file=\"https:\/\/i0.wp.com\/www.kritische-masse.de\/logbuch\/wp-content\/uploads\/2024\/05\/Wer-war-eigentlich-dieser-Alpen-Kant.-Bruder-von-%CF%80kant-%C2%A9-MH.jpg?fit=1080%2C1080&amp;ssl=1\" data-orig-size=\"1080,1080\" data-comments-opened=\"1\" data-image-meta=\"{&quot;aperture&quot;:&quot;0&quot;,&quot;credit&quot;:&quot;&quot;,&quot;camera&quot;:&quot;&quot;,&quot;caption&quot;:&quot;&quot;,&quot;created_timestamp&quot;:&quot;0&quot;,&quot;copyright&quot;:&quot;&quot;,&quot;focal_length&quot;:&quot;0&quot;,&quot;iso&quot;:&quot;0&quot;,&quot;shutter_speed&quot;:&quot;0&quot;,&quot;title&quot;:&quot;&quot;,&quot;orientation&quot;:&quot;0&quot;}\" data-image-title=\"Wer war eigentlich dieser Alpen Kant. Bruder von \u03c0kant \u00a9 MH\" data-image-description=\"&lt;p&gt;Wer war eigentlich dieser Alpen Kant. Bruder von \u03c0kant \u00a9 MH&lt;\/p&gt;\n\" data-image-caption=\"&lt;p&gt;Wer war eigentlich dieser Alpen Kant. Bruder von \u03c0kant \u00a9 MH&lt;\/p&gt;\n\" data-large-file=\"https:\/\/i0.wp.com\/www.kritische-masse.de\/logbuch\/wp-content\/uploads\/2024\/05\/Wer-war-eigentlich-dieser-Alpen-Kant.-Bruder-von-%CF%80kant-%C2%A9-MH.jpg?fit=1024%2C1024&amp;ssl=1\" \/><\/a>\n\t\t\t<\/div>\n\t\t\t\t<figcaption class='wp-caption-text gallery-caption' id='gallery-1-9666'>\n\t\t\t\tWer war eigentlich dieser Alpen Kant. Bruder von \u03c0kant \u00a9 MH\n\t\t\t\t<\/figcaption><\/figure><figure class='gallery-item'>\n\t\t\t<div class='gallery-icon portrait'>\n\t\t\t\t<a title=\"Luther Tomate \u00a9 MH\"  href='https:\/\/www.kritische-masse.de\/logbuch\/2024\/05\/das-verschwinden-boot-camp\/luther-tomate-mh\/'><img loading=\"lazy\" decoding=\"async\" width=\"150\" height=\"150\" src=\"https:\/\/i0.wp.com\/www.kritische-masse.de\/logbuch\/wp-content\/uploads\/2024\/05\/Luther-Tomate-%C2%A9-MH.jpg?resize=150%2C150&amp;ssl=1\" class=\"attachment-thumbnail size-thumbnail\" alt=\"Luther Tomate \u00a9 MH\" aria-describedby=\"gallery-1-9667\" data-attachment-id=\"9667\" data-permalink=\"https:\/\/www.kritische-masse.de\/logbuch\/2024\/05\/das-verschwinden-boot-camp\/luther-tomate-mh\/\" data-orig-file=\"https:\/\/i0.wp.com\/www.kritische-masse.de\/logbuch\/wp-content\/uploads\/2024\/05\/Luther-Tomate-%C2%A9-MH.jpg?fit=1200%2C1204&amp;ssl=1\" data-orig-size=\"1200,1204\" data-comments-opened=\"1\" data-image-meta=\"{&quot;aperture&quot;:&quot;0&quot;,&quot;credit&quot;:&quot;&quot;,&quot;camera&quot;:&quot;&quot;,&quot;caption&quot;:&quot;&quot;,&quot;created_timestamp&quot;:&quot;0&quot;,&quot;copyright&quot;:&quot;&quot;,&quot;focal_length&quot;:&quot;0&quot;,&quot;iso&quot;:&quot;0&quot;,&quot;shutter_speed&quot;:&quot;0&quot;,&quot;title&quot;:&quot;&quot;,&quot;orientation&quot;:&quot;0&quot;}\" data-image-title=\"Luther Tomate \u00a9 MH\" data-image-description=\"&lt;p&gt;Luther Tomate \u00a9 MH&lt;\/p&gt;\n\" data-image-caption=\"&lt;p&gt;Luther Tomate \u00a9 MH&lt;\/p&gt;\n\" data-large-file=\"https:\/\/i0.wp.com\/www.kritische-masse.de\/logbuch\/wp-content\/uploads\/2024\/05\/Luther-Tomate-%C2%A9-MH.jpg?fit=1021%2C1024&amp;ssl=1\" \/><\/a>\n\t\t\t<\/div>\n\t\t\t\t<figcaption class='wp-caption-text gallery-caption' id='gallery-1-9667'>\n\t\t\t\tLuther Tomate \u00a9 MH\n\t\t\t\t<\/figcaption><\/figure><figure class='gallery-item'>\n\t\t\t<div class='gallery-icon landscape'>\n\t\t\t\t<a title=\"Ich schmecke, dass ich nichts schmecke. \u00a9 MH\"  href='https:\/\/www.kritische-masse.de\/logbuch\/2024\/04\/dauerbruechiger-klassik-journalismus-philosophen-tofu-jazz-1916\/ich-schmecke-dass-ich-nichts-schmecke-mh\/'><img loading=\"lazy\" decoding=\"async\" width=\"150\" height=\"150\" src=\"https:\/\/i0.wp.com\/www.kritische-masse.de\/logbuch\/wp-content\/uploads\/2024\/04\/Ich-schmecke-dass-ich-nichts-schmecke.-%C2%A9-MH.jpg?resize=150%2C150&amp;ssl=1\" class=\"attachment-thumbnail size-thumbnail\" alt=\"Ich schmecke, dass ich nichts schmecke. \u00a9 MH\" aria-describedby=\"gallery-1-9642\" data-attachment-id=\"9642\" data-permalink=\"https:\/\/www.kritische-masse.de\/logbuch\/2024\/04\/dauerbruechiger-klassik-journalismus-philosophen-tofu-jazz-1916\/ich-schmecke-dass-ich-nichts-schmecke-mh\/\" data-orig-file=\"https:\/\/i0.wp.com\/www.kritische-masse.de\/logbuch\/wp-content\/uploads\/2024\/04\/Ich-schmecke-dass-ich-nichts-schmecke.-%C2%A9-MH.jpg?fit=640%2C640&amp;ssl=1\" data-orig-size=\"640,640\" data-comments-opened=\"1\" data-image-meta=\"{&quot;aperture&quot;:&quot;0&quot;,&quot;credit&quot;:&quot;&quot;,&quot;camera&quot;:&quot;&quot;,&quot;caption&quot;:&quot;&quot;,&quot;created_timestamp&quot;:&quot;0&quot;,&quot;copyright&quot;:&quot;&quot;,&quot;focal_length&quot;:&quot;0&quot;,&quot;iso&quot;:&quot;0&quot;,&quot;shutter_speed&quot;:&quot;0&quot;,&quot;title&quot;:&quot;&quot;,&quot;orientation&quot;:&quot;0&quot;}\" data-image-title=\"Ich schmecke, dass ich nichts schmecke. \u00a9 MH\" data-image-description=\"&lt;p&gt;Ich schmecke, dass ich nichts schmecke. \u00a9 MH&lt;\/p&gt;\n\" data-image-caption=\"&lt;p&gt;Ich schmecke, dass ich nichts schmecke. \u00a9 MH&lt;\/p&gt;\n\" data-large-file=\"https:\/\/i0.wp.com\/www.kritische-masse.de\/logbuch\/wp-content\/uploads\/2024\/04\/Ich-schmecke-dass-ich-nichts-schmecke.-%C2%A9-MH.jpg?fit=640%2C640&amp;ssl=1\" \/><\/a>\n\t\t\t<\/div>\n\t\t\t\t<figcaption class='wp-caption-text gallery-caption' id='gallery-1-9642'>\n\t\t\t\tIch schmecke, dass ich nichts schmecke. \u00a9 MH\n\t\t\t\t<\/figcaption><\/figure>\n\t\t<\/div>\n\n<p>&nbsp;<\/p>\n<div data-carousel-extra='{&quot;blog_id&quot;:1,&quot;permalink&quot;:&quot;https:\/\/www.kritische-masse.de\/logbuch\/2024\/05\/das-verschwinden-boot-camp\/&quot;}' id='gallery-2' class='gallery galleryid-9659 gallery-columns-3 gallery-size-thumbnail'><figure class='gallery-item'>\n\t\t\t<div class='gallery-icon landscape'>\n\t\t\t\t<a title=\"Tag der Arbeit. \u00a9 MH\"  href='https:\/\/www.kritische-masse.de\/logbuch\/2024\/05\/das-verschwinden-boot-camp\/tag-der-arbeit-mh\/'><img loading=\"lazy\" decoding=\"async\" width=\"150\" height=\"150\" src=\"https:\/\/i0.wp.com\/www.kritische-masse.de\/logbuch\/wp-content\/uploads\/2024\/05\/Tag-der-Arbeit.-%C2%A9-MH.jpg?resize=150%2C150&amp;ssl=1\" class=\"attachment-thumbnail size-thumbnail\" alt=\"Tag der Arbeit. \u00a9 MH\" aria-describedby=\"gallery-2-9665\" data-attachment-id=\"9665\" data-permalink=\"https:\/\/www.kritische-masse.de\/logbuch\/2024\/05\/das-verschwinden-boot-camp\/tag-der-arbeit-mh\/\" data-orig-file=\"https:\/\/i0.wp.com\/www.kritische-masse.de\/logbuch\/wp-content\/uploads\/2024\/05\/Tag-der-Arbeit.-%C2%A9-MH.jpg?fit=1128%2C752&amp;ssl=1\" data-orig-size=\"1128,752\" data-comments-opened=\"1\" data-image-meta=\"{&quot;aperture&quot;:&quot;0&quot;,&quot;credit&quot;:&quot;&quot;,&quot;camera&quot;:&quot;&quot;,&quot;caption&quot;:&quot;&quot;,&quot;created_timestamp&quot;:&quot;0&quot;,&quot;copyright&quot;:&quot;&quot;,&quot;focal_length&quot;:&quot;0&quot;,&quot;iso&quot;:&quot;0&quot;,&quot;shutter_speed&quot;:&quot;0&quot;,&quot;title&quot;:&quot;&quot;,&quot;orientation&quot;:&quot;0&quot;}\" data-image-title=\"Tag der Arbeit. \u00a9 MH\" data-image-description=\"&lt;p&gt;Tag der Arbeit. \u00a9 MH&lt;\/p&gt;\n\" data-image-caption=\"&lt;p&gt;Tag der Arbeit. \u00a9 MH&lt;\/p&gt;\n\" data-large-file=\"https:\/\/i0.wp.com\/www.kritische-masse.de\/logbuch\/wp-content\/uploads\/2024\/05\/Tag-der-Arbeit.-%C2%A9-MH.jpg?fit=1024%2C683&amp;ssl=1\" \/><\/a>\n\t\t\t<\/div>\n\t\t\t\t<figcaption class='wp-caption-text gallery-caption' id='gallery-2-9665'>\n\t\t\t\tTag der Arbeit. \u00a9 MH\n\t\t\t\t<\/figcaption><\/figure><figure class='gallery-item'>\n\t\t\t<div class='gallery-icon portrait'>\n\t\t\t\t<a title=\"Meine kleine Welt. \u00a9 MH\"  href='https:\/\/www.kritische-masse.de\/logbuch\/2024\/05\/das-verschwinden-boot-camp\/meine-kleine-welt-mh\/'><img loading=\"lazy\" decoding=\"async\" width=\"150\" height=\"150\" src=\"https:\/\/i0.wp.com\/www.kritische-masse.de\/logbuch\/wp-content\/uploads\/2024\/05\/Meine-kleine-Welt.-%C2%A9-MH.jpg?resize=150%2C150&amp;ssl=1\" class=\"attachment-thumbnail size-thumbnail\" alt=\"Meine kleine Welt. \u00a9 MH\" aria-describedby=\"gallery-2-9664\" data-attachment-id=\"9664\" data-permalink=\"https:\/\/www.kritische-masse.de\/logbuch\/2024\/05\/das-verschwinden-boot-camp\/meine-kleine-welt-mh\/\" data-orig-file=\"https:\/\/i0.wp.com\/www.kritische-masse.de\/logbuch\/wp-content\/uploads\/2024\/05\/Meine-kleine-Welt.-%C2%A9-MH.jpg?fit=1060%2C1600&amp;ssl=1\" data-orig-size=\"1060,1600\" data-comments-opened=\"1\" data-image-meta=\"{&quot;aperture&quot;:&quot;0&quot;,&quot;credit&quot;:&quot;&quot;,&quot;camera&quot;:&quot;&quot;,&quot;caption&quot;:&quot;&quot;,&quot;created_timestamp&quot;:&quot;0&quot;,&quot;copyright&quot;:&quot;&quot;,&quot;focal_length&quot;:&quot;0&quot;,&quot;iso&quot;:&quot;0&quot;,&quot;shutter_speed&quot;:&quot;0&quot;,&quot;title&quot;:&quot;&quot;,&quot;orientation&quot;:&quot;0&quot;}\" data-image-title=\"Meine kleine Welt. \u00a9 MH\" data-image-description=\"&lt;p&gt;Meine kleine Welt. \u00a9 MH&lt;\/p&gt;\n\" data-image-caption=\"&lt;p&gt;Meine kleine Welt. \u00a9 MH&lt;\/p&gt;\n\" data-large-file=\"https:\/\/i0.wp.com\/www.kritische-masse.de\/logbuch\/wp-content\/uploads\/2024\/05\/Meine-kleine-Welt.-%C2%A9-MH.jpg?fit=678%2C1024&amp;ssl=1\" \/><\/a>\n\t\t\t<\/div>\n\t\t\t\t<figcaption class='wp-caption-text gallery-caption' id='gallery-2-9664'>\n\t\t\t\tMeine kleine Welt. \u00a9 MH\n\t\t\t\t<\/figcaption><\/figure>\n\t\t<\/div>\n\n<h3><span class=\"ez-toc-section\" id=\"Das_Boot-Camp_nach_Chat_GPT\"><\/span>Das Boot-Camp nach Chat GPT<span class=\"ez-toc-section-end\"><\/span><\/h3>\n<div class=\"flex flex-grow flex-col max-w-full\">\n<div class=\"min-h-[20px] text-message flex flex-col items-start gap-3 whitespace-pre-wrap break-words [.text-message+&amp;]:mt-5 overflow-x-auto\" dir=\"auto\" data-message-author-role=\"assistant\" data-message-id=\"3fa594cc-9434-45f0-9243-e18ef7175629\">\n<div class=\"markdown prose w-full break-words dark:prose-invert dark\">\n<p>In einem kleinen St\u00e4dtchen am Rande eines dichten Waldes lag das Leichtathletik-Boot-Camp \u201eSprintville\u201c. Es war bekannt f\u00fcr seine rigorosen Trainingsmethoden und die beeindruckenden Erfolge seiner Athleten. Doch hinter den Kulissen spielte sich etwas Unerkl\u00e4rliches ab.<\/p>\n<p>Die Leiterin des Boot-Camps, Coach Marla, hatte ein Geheimnis, von dem nur wenige wussten. Um ihren Ruf aufrechtzuerhalten und die finanzielle Unterst\u00fctzung ihrer Sponsoren nicht zu verlieren, hatte sie einen unkonventionellen Ansatz gew\u00e4hlt. Anstatt die Athleten auf herk\u00f6mmliche Weise zu trainieren, hatte sie eine Methode entwickelt, um ihre Erfolge zu manipulieren.<\/p>\n<p>Jeden Morgen vor dem Training schickte Coach Marla ihre Assistenten in den Wald, um die Laufstrecken zu verk\u00fcrzen und die Stoppuhren zu manipulieren, damit sie langsamer liefen. So konnten die Athleten scheinbar unglaubliche Leistungen erbringen, ohne tats\u00e4chlich \u00fcberm\u00e4\u00dfig hart trainieren zu m\u00fcssen.<\/p>\n<p>Einer der vielversprechendsten Athleten des Boot-Camps war Alex, ein junger Sprinter mit ehrgeizigen Zielen. Er war \u00fcberzeugt, dass seine harte Arbeit und Entschlossenheit ihn zu gro\u00dfartigen Erfolgen f\u00fchren w\u00fcrden. Doch je mehr er trainierte, desto mehr bemerkte er, dass etwas nicht stimmte.<\/p>\n<p>An einem regnerischen Nachmittag, als das Boot-Camp fast verlassen war, beschloss Alex, auf eigene Faust zu trainieren. Er w\u00e4hlte eine der \u00fcblichen Laufstrecken und begann zu rennen. Doch als er die vermeintlich vertraute Strecke lief, bemerkte er, dass etwas nicht stimmte. Die Landschaft schien sich zu ver\u00e4ndern, und die Strecke f\u00fchlte sich l\u00e4nger an als gew\u00f6hnlich.<\/p>\n<p>Verwirrt und entschlossen, die Wahrheit herauszufinden, beschloss Alex, die Zeit selbst zu stoppen, als er die Ziellinie \u00fcberquerte. Er dr\u00fcckte auf seine eigene Stoppuhr und stellte fest, dass seine Zeit viel langsamer war als die, die ihm die Trainer im Boot-Camp immer mitteilten.<\/p>\n<p>Mit einem Gef\u00fchl des Verrats und der Entt\u00e4uschung konfrontierte Alex Coach Marla mit seinen Erkenntnissen. Doch statt sich zu rechtfertigen, l\u00e4chelte sie nur und gestand ihre T\u00e4uschung ein. Sie erkl\u00e4rte, dass sie dies getan hatte, um den Ruf des Boot-Camps zu wahren und die finanzielle Unterst\u00fctzung nicht zu verlieren.<\/p>\n<p>Alex war zutiefst entt\u00e4uscht von der Offenbarung und beschloss, das Boot-Camp zu verlassen. Doch anstatt seine Tr\u00e4ume aufzugeben, begann er von vorne und suchte nach ehrlichen Trainingsmethoden und einem Umfeld, das seine F\u00e4higkeiten und seinen Ehrgeiz respektierte.<\/p>\n<p>Mit der Zeit fand Alex eine neue Trainingsgruppe, die von einem ehemaligen Olympiasieger geleitet wurde. Unter seiner Anleitung und mit harter Arbeit gelang es Alex, seine F\u00e4higkeiten zu verbessern und seine Ziele zu erreichen. Und obwohl sein Weg holprig war, lernte er eine wichtige Lektion dar\u00fcber, dass wahre Erfolge nur durch ehrliche Arbeit und Hingabe erreicht werden k\u00f6nnen.<\/p>\n<hr \/>\n<\/div>\n<\/div>\n<\/div>\n<div class=\"mt-1 flex gap-3 empty:hidden\">\n<div class=\"text-gray-400 flex self-end lg:self-center items-center justify-center lg:justify-start mt-0 -ml-1 h-7 gap-[2px] visible\">Das gleiche als Reportage:<\/div>\n<div>\n<hr \/>\n<\/div>\n<div>\n<div class=\"flex flex-grow flex-col max-w-full\">\n<div class=\"min-h-[20px] text-message flex flex-col items-start gap-3 whitespace-pre-wrap break-words [.text-message+&amp;]:mt-5 overflow-x-auto\" dir=\"auto\" data-message-author-role=\"assistant\" data-message-id=\"47a09588-72f0-4e09-9bb0-e930d9e2a726\">\n<div class=\"markdown prose w-full break-words dark:prose-invert dark\">\n<p><strong>Titel: Die Kontroverse hinter den schnellen Erfolgen: Ein Blick hinter die Kulissen eines umstrittenen Leichtathletik-Boot-Camps<\/strong><\/p>\n<p>In der glitzernden Welt des Sports gibt es oft mehr als das blo\u00dfe Auge sehen kann. Hinter den triumphalen Momenten und den strahlenden Gesichtern der Athleten verbirgt sich manchmal eine Geschichte, die Fragen aufwirft. Ein solcher Ort ist das Leichtathletik-Boot-Camp \u201eSprintXcel\u201c, das durch seine sofortigen Erfolge Aufsehen erregt hat. Doch was steckt wirklich hinter den schnellen Zeiten und scheinbaren Wundern?<\/p>\n<p>Im Herzen der malerischen Landschaft liegt das SprintXcel-Camp, umgeben von saftigem Gr\u00fcn und einem Hauch von Leistung und Ambition. Das Camp verspricht angehenden Athleten eine Steigerung ihrer Geschwindigkeit und Ausdauer, aber zu welchem Preis?<\/p>\n<p>Bei n\u00e4herer Betrachtung wird schnell klar, dass SprintXcel seine eigenen Regeln hat. Statt den traditionellen Ans\u00e4tzen zu folgen, verk\u00fcrzt das Camp die Strecken f\u00fcr die L\u00e4ufer und manipuliert die Stoppuhren, um langsamere Zeiten anzuzeigen. Auf den ersten Blick mag dies wie eine geniale Strategie erscheinen, um den Ehrgeiz der Athleten zu f\u00f6rdern, doch Experten und Kritiker sehen darin eine ernsthafte Verzerrung der Realit\u00e4t und einen m\u00f6glichen Schaden f\u00fcr die Sportler.<\/p>\n<p>Die Athleten, die an dem Programm teilnehmen, berichten von schnellen Verbesserungen ihrer Leistungen. \u201eEs ist unglaublich, wie viel schneller ich geworden bin\u201c, sagt Sarah, eine junge L\u00e4uferin. \u201eAber manchmal frage ich mich, ob ich wirklich so gut bin, wie sie sagen, oder ob es nur an den Tricks liegt, die sie hier verwenden.\u201c<\/p>\n<p>Trainer und Verantwortliche von SprintXcel verteidigen ihre Methoden und behaupten, dass sie den Athleten helfen, ihr volles Potenzial auszusch\u00f6pfen. \u201eUnser Fokus liegt darauf, das Selbstvertrauen und die Motivation unserer Athleten zu st\u00e4rken\u201c, erkl\u00e4rt Coach Davis. \u201eDie verk\u00fcrzten Strecken und langsameren Zeiten dienen dazu, sie schneller Fortschritte machen zu lassen und ihre Ziele schneller zu erreichen.\u201c<\/p>\n<p>Trotz dieser Beteuerungen bleiben viele besorgt \u00fcber die langfristigen Auswirkungen dieser unkonventionellen Trainingsmethoden. Dr. Emily Martinez, eine Sportpsychologin, warnt davor, dass solche Taktiken das Selbstwertgef\u00fchl der Athleten langfristig sch\u00e4digen k\u00f6nnten. \u201eEchte Verbesserungen erfordern harte Arbeit und Engagement\u201c, sagt sie. \u201eWenn Athleten das Gef\u00fchl haben, dass ihre Leistungen nicht authentisch sind, kann dies ihr Selbstvertrauen beeintr\u00e4chtigen und zu emotionalen Problemen f\u00fchren.\u201c<\/p>\n<p>W\u00e4hrend SprintXcel weiterhin schnelle Erfolge erzielt und die Aufmerksamkeit der Sportwelt auf sich zieht, bleibt die Debatte \u00fcber die ethischen Grenzen des Sports bestehen. Die Frage bleibt: Sind diese sofortigen Erfolge das Ergebnis echter Leistung oder einfach nur eine Illusion, die durch manipulierte Bedingungen geschaffen wurde?<\/p>\n<\/div>\n<\/div>\n<\/div>\n<\/div>\n<\/div>\n<p>&nbsp;<\/p>\n<div class=\"shariff shariff-align-left shariff-widget-align-left\"><ul class=\"shariff-buttons theme-white orientation-horizontal buttonsize-small\"><li class=\"shariff-button mastodon shariff-nocustomcolor\" style=\"background-color:#563ACC\"><a href=\"https:\/\/s2f.kytta.dev\/?text=Das%20Verschwinden%20%2F%20Boot-Camp https%3A%2F%2Fwww.kritische-masse.de%2Flogbuch%2F2024%2F05%2Fdas-verschwinden-boot-camp%2F\" title=\"Bei Mastodon teilen\" aria-label=\"Bei Mastodon teilen\" role=\"button\" rel=\"noopener nofollow\" class=\"shariff-link\" style=\"; background-color:#6364FF; color:#6364FF\" target=\"_blank\"><span class=\"shariff-icon\" style=\"fill:#6364FF\"><svg width=\"75\" height=\"79\" viewBox=\"0 0 75 79\" fill=\"none\" xmlns=\"http:\/\/www.w3.org\/2000\/svg\"><path d=\"M37.813-.025C32.462-.058 27.114.13 21.79.598c-8.544.621-17.214 5.58-20.203 13.931C-1.12 23.318.408 32.622.465 41.65c.375 7.316.943 14.78 3.392 21.73 4.365 9.465 14.781 14.537 24.782 15.385 7.64.698 15.761-.213 22.517-4.026a54.1 54.1 0 0 0 .01-6.232c-6.855 1.316-14.101 2.609-21.049 1.074-3.883-.88-6.876-4.237-7.25-8.215-1.53-3.988 3.78-.43 5.584-.883 9.048 1.224 18.282.776 27.303-.462 7.044-.837 14.26-4.788 16.65-11.833 2.263-6.135 1.215-12.79 1.698-19.177.06-3.84.09-7.692-.262-11.52C72.596 7.844 63.223.981 53.834.684a219.453 219.453 0 0 0-16.022-.71zm11.294 12.882c5.5-.067 10.801 4.143 11.67 9.653.338 1.48.471 3 .471 4.515v21.088h-8.357c-.07-7.588.153-15.182-.131-22.765-.587-4.368-7.04-5.747-9.672-2.397-2.422 3.04-1.47 7.155-1.67 10.735v6.392h-8.307c-.146-4.996.359-10.045-.404-15.002-1.108-4.218-7.809-5.565-10.094-1.666-1.685 3.046-.712 6.634-.976 9.936v14.767h-8.354c.109-8.165-.238-16.344.215-24.5.674-5.346 5.095-10.389 10.676-10.627 4.902-.739 10.103 2.038 12.053 6.631.375 1.435 1.76 1.932 1.994.084 1.844-3.704 5.501-6.739 9.785-6.771.367-.044.735-.068 1.101-.073z\"\/><defs><linearGradient id=\"paint0_linear_549_34\" x1=\"37.0692\" y1=\"0\" x2=\"37.0692\" y2=\"79\" gradientUnits=\"userSpaceOnUse\"><stop stop-color=\"#6364FF\"\/><stop offset=\"1\" stop-color=\"#563ACC\"\/><\/linearGradient><\/defs><\/svg><\/span><span class=\"shariff-text\" style=\"color:#6364FF\">teilen<\/span>&nbsp;<\/a><\/li><li class=\"shariff-button bluesky shariff-nocustomcolor\" style=\"background-color:#84c4ff\"><a href=\"https:\/\/bsky.app\/intent\/compose?text=Das%20Verschwinden%20%2F%20Boot-Camp https%3A%2F%2Fwww.kritische-masse.de%2Flogbuch%2F2024%2F05%2Fdas-verschwinden-boot-camp%2F \" title=\"Bei Bluesky teilen\" aria-label=\"Bei Bluesky teilen\" role=\"button\" rel=\"noopener nofollow\" class=\"shariff-link\" style=\"; background-color:#0085ff; color:#0085ff\" target=\"_blank\"><span class=\"shariff-icon\" style=\"fill:#0085ff\"><svg width=\"20\" height=\"20\" version=\"1.1\" xmlns=\"http:\/\/www.w3.org\/2000\/svg\" viewBox=\"0 0 20 20\"><path class=\"st0\" d=\"M4.89,3.12c2.07,1.55,4.3,4.71,5.11,6.4.82-1.69,3.04-4.84,5.11-6.4,1.49-1.12,3.91-1.99,3.91.77,0,.55-.32,4.63-.5,5.3-.64,2.3-2.99,2.89-5.08,2.54,3.65.62,4.58,2.68,2.57,4.74-3.81,3.91-5.48-.98-5.9-2.23-.08-.23-.11-.34-.12-.25,0-.09-.04.02-.12.25-.43,1.25-2.09,6.14-5.9,2.23-2.01-2.06-1.08-4.12,2.57-4.74-2.09.36-4.44-.23-5.08-2.54-.19-.66-.5-4.74-.5-5.3,0-2.76,2.42-1.89,3.91-.77h0Z\"\/><\/svg><\/span><span class=\"shariff-text\" style=\"color:#0085ff\">teilen<\/span>&nbsp;<\/a><\/li><li class=\"shariff-button threema shariff-nocustomcolor shariff-mobile\" style=\"background-color:#4fbc24\"><a href=\"threema:\/\/compose?text=Das%20Verschwinden%20%2F%20Boot-Camp%20https%3A%2F%2Fwww.kritische-masse.de%2Flogbuch%2F2024%2F05%2Fdas-verschwinden-boot-camp%2F\" title=\"Bei Threema teilen\" aria-label=\"Bei Threema teilen\" role=\"button\" rel=\"noopener nofollow\" class=\"shariff-link\" style=\"; background-color:#1f1f1f; color:#1f1f1f\" target=\"_blank\"><span class=\"shariff-icon\" style=\"fill:#1f1f1f\"><svg width=\"32px\" height=\"20px\" xmlns=\"http:\/\/www.w3.org\/2000\/svg\" viewBox=\"0 0 32 32\"><path fill=\"#1f1f1f\" d=\"M30.8 10.9c-0.3-1.4-0.9-2.6-1.8-3.8-2-2.6-5.5-4.5-9.4-5.2-1.3-0.2-1.9-0.3-3.5-0.3s-2.2 0-3.5 0.3c-4 0.7-7.4 2.6-9.4 5.2-0.9 1.2-1.5 2.4-1.8 3.8-0.1 0.5-0.2 1.2-0.2 1.6 0 0.4 0.1 1.1 0.2 1.6 0.4 1.9 1.3 3.4 2.9 5 0.8 0.8 0.8 0.8 0.7 1.3 0 0.6-0.5 1.6-1.7 3.6-0.3 0.5-0.5 0.9-0.5 0.9 0 0.1 0.1 0.1 0.5 0 0.8-0.2 2.3-0.6 5.6-1.6 1.1-0.3 1.3-0.4 2.3-0.4 0.8 0 1.1 0 2.3 0.2 1.5 0.2 3.5 0.2 4.9 0 5.1-0.6 9.3-2.9 11.4-6.3 0.5-0.9 0.9-1.8 1.1-2.8 0.1-0.5 0.2-1.1 0.2-1.6 0-0.7-0.1-1.1-0.2-1.6-0.3-1.4 0.1 0.5 0 0zM20.6 17.3c0 0.4-0.4 0.8-0.8 0.8h-7.7c-0.4 0-0.8-0.4-0.8-0.8v-4.6c0-0.4 0.4-0.8 0.8-0.8h0.2l0-1.6c0-0.9 0-1.8 0.1-2 0.1-0.6 0.6-1.2 1.1-1.7s1.1-0.7 1.9-0.8c1.8-0.3 3.7 0.7 4.2 2.2 0.1 0.3 0.1 0.7 0.1 2.1v0 1.7h0.1c0.4 0 0.8 0.4 0.8 0.8v4.6zM15.6 7.3c-0.5 0.1-0.8 0.3-1.2 0.6s-0.6 0.8-0.7 1.3c0 0.2 0 0.8 0 1.5l0 1.2h4.6v-1.3c0-1 0-1.4-0.1-1.6-0.3-1.1-1.5-1.9-2.6-1.7zM25.8 28.2c0 1.2-1 2.2-2.1 2.2s-2.1-1-2.1-2.1c0-1.2 1-2.1 2.2-2.1s2.2 1 2.2 2.2zM18.1 28.2c0 1.2-1 2.2-2.1 2.2s-2.1-1-2.1-2.1c0-1.2 1-2.1 2.2-2.1s2.2 1 2.2 2.2zM10.4 28.2c0 1.2-1 2.2-2.1 2.2s-2.1-1-2.1-2.1c0-1.2 1-2.1 2.2-2.1s2.2 1 2.2 2.2z\"\/><\/svg><\/span><span class=\"shariff-text\" style=\"color:#1f1f1f\">teilen<\/span>&nbsp;<\/a><\/li><li class=\"shariff-button facebook shariff-nocustomcolor\" style=\"background-color:#4273c8\"><a href=\"https:\/\/www.facebook.com\/sharer\/sharer.php?u=https%3A%2F%2Fwww.kritische-masse.de%2Flogbuch%2F2024%2F05%2Fdas-verschwinden-boot-camp%2F\" title=\"Bei Facebook teilen\" aria-label=\"Bei Facebook teilen\" role=\"button\" rel=\"nofollow\" class=\"shariff-link\" style=\"; background-color:#3b5998; color:#3b5998\" target=\"_blank\"><span class=\"shariff-icon\" style=\"fill:#3b5998\"><svg width=\"32px\" height=\"20px\" xmlns=\"http:\/\/www.w3.org\/2000\/svg\" viewBox=\"0 0 18 32\"><path fill=\"#3b5998\" d=\"M17.1 0.2v4.7h-2.8q-1.5 0-2.1 0.6t-0.5 1.9v3.4h5.2l-0.7 5.3h-4.5v13.6h-5.5v-13.6h-4.5v-5.3h4.5v-3.9q0-3.3 1.9-5.2t5-1.8q2.6 0 4.1 0.2z\"\/><\/svg><\/span><span class=\"shariff-text\" style=\"color:#3b5998\">teilen<\/span>&nbsp;<\/a><\/li><li class=\"shariff-button info shariff-nocustomcolor\" style=\"background-color:#a8a8a8\"><a href=\"http:\/\/ct.de\/-2467514\" title=\"Weitere Informationen\" aria-label=\"Weitere Informationen\" role=\"button\" rel=\"noopener \" class=\"shariff-link\" style=\"; background-color:#999; color:#999\" target=\"_blank\"><span class=\"shariff-icon\" style=\"fill:#999\"><svg width=\"32px\" height=\"20px\" xmlns=\"http:\/\/www.w3.org\/2000\/svg\" viewBox=\"0 0 11 32\"><path fill=\"#999\" d=\"M11.4 24v2.3q0 0.5-0.3 0.8t-0.8 0.4h-9.1q-0.5 0-0.8-0.4t-0.4-0.8v-2.3q0-0.5 0.4-0.8t0.8-0.4h1.1v-6.8h-1.1q-0.5 0-0.8-0.4t-0.4-0.8v-2.3q0-0.5 0.4-0.8t0.8-0.4h6.8q0.5 0 0.8 0.4t0.4 0.8v10.3h1.1q0.5 0 0.8 0.4t0.3 0.8zM9.2 3.4v3.4q0 0.5-0.4 0.8t-0.8 0.4h-4.6q-0.4 0-0.8-0.4t-0.4-0.8v-3.4q0-0.4 0.4-0.8t0.8-0.4h4.6q0.5 0 0.8 0.4t0.4 0.8z\"\/><\/svg><\/span><\/a><\/li><\/ul><\/div>","protected":false},"excerpt":{"rendered":"<p>Wie sagte doch B.: Das Verschwinden Gottes hat uns der Realit\u00e4t ausgesetzt. Was wird sein, wenn die Realit\u00e4t verschwunden ist? +++ Sleepless<\/p>\n<div class=\"shariff shariff-align-left shariff-widget-align-left\"><ul class=\"shariff-buttons theme-white orientation-horizontal buttonsize-small\"><li class=\"shariff-button mastodon shariff-nocustomcolor\" style=\"background-color:#563ACC\"><a href=\"https:\/\/s2f.kytta.dev\/?text=Das%20Verschwinden%20%2F%20Boot-Camp https%3A%2F%2Fwww.kritische-masse.de%2Flogbuch%2F2024%2F05%2Fdas-verschwinden-boot-camp%2F\" title=\"Bei Mastodon teilen\" aria-label=\"Bei Mastodon teilen\" role=\"button\" rel=\"noopener nofollow\" class=\"shariff-link\" style=\"; background-color:#6364FF; color:#6364FF\" target=\"_blank\"><span class=\"shariff-icon\" style=\"fill:#6364FF\"><svg width=\"75\" height=\"79\" viewBox=\"0 0 75 79\" fill=\"none\" xmlns=\"http:\/\/www.w3.org\/2000\/svg\"><path d=\"M37.813-.025C32.462-.058 27.114.13 21.79.598c-8.544.621-17.214 5.58-20.203 13.931C-1.12 23.318.408 32.622.465 41.65c.375 7.316.943 14.78 3.392 21.73 4.365 9.465 14.781 14.537 24.782 15.385 7.64.698 15.761-.213 22.517-4.026a54.1 54.1 0 0 0 .01-6.232c-6.855 1.316-14.101 2.609-21.049 1.074-3.883-.88-6.876-4.237-7.25-8.215-1.53-3.988 3.78-.43 5.584-.883 9.048 1.224 18.282.776 27.303-.462 7.044-.837 14.26-4.788 16.65-11.833 2.263-6.135 1.215-12.79 1.698-19.177.06-3.84.09-7.692-.262-11.52C72.596 7.844 63.223.981 53.834.684a219.453 219.453 0 0 0-16.022-.71zm11.294 12.882c5.5-.067 10.801 4.143 11.67 9.653.338 1.48.471 3 .471 4.515v21.088h-8.357c-.07-7.588.153-15.182-.131-22.765-.587-4.368-7.04-5.747-9.672-2.397-2.422 3.04-1.47 7.155-1.67 10.735v6.392h-8.307c-.146-4.996.359-10.045-.404-15.002-1.108-4.218-7.809-5.565-10.094-1.666-1.685 3.046-.712 6.634-.976 9.936v14.767h-8.354c.109-8.165-.238-16.344.215-24.5.674-5.346 5.095-10.389 10.676-10.627 4.902-.739 10.103 2.038 12.053 6.631.375 1.435 1.76 1.932 1.994.084 1.844-3.704 5.501-6.739 9.785-6.771.367-.044.735-.068 1.101-.073z\"\/><defs><linearGradient id=\"paint0_linear_549_34\" x1=\"37.0692\" y1=\"0\" x2=\"37.0692\" y2=\"79\" gradientUnits=\"userSpaceOnUse\"><stop stop-color=\"#6364FF\"\/><stop offset=\"1\" stop-color=\"#563ACC\"\/><\/linearGradient><\/defs><\/svg><\/span><span class=\"shariff-text\" style=\"color:#6364FF\">teilen<\/span>&nbsp;<\/a><\/li><li class=\"shariff-button bluesky shariff-nocustomcolor\" style=\"background-color:#84c4ff\"><a href=\"https:\/\/bsky.app\/intent\/compose?text=Das%20Verschwinden%20%2F%20Boot-Camp https%3A%2F%2Fwww.kritische-masse.de%2Flogbuch%2F2024%2F05%2Fdas-verschwinden-boot-camp%2F \" title=\"Bei Bluesky teilen\" aria-label=\"Bei Bluesky teilen\" role=\"button\" rel=\"noopener nofollow\" class=\"shariff-link\" style=\"; background-color:#0085ff; color:#0085ff\" target=\"_blank\"><span class=\"shariff-icon\" style=\"fill:#0085ff\"><svg width=\"20\" height=\"20\" version=\"1.1\" xmlns=\"http:\/\/www.w3.org\/2000\/svg\" viewBox=\"0 0 20 20\"><path class=\"st0\" d=\"M4.89,3.12c2.07,1.55,4.3,4.71,5.11,6.4.82-1.69,3.04-4.84,5.11-6.4,1.49-1.12,3.91-1.99,3.91.77,0,.55-.32,4.63-.5,5.3-.64,2.3-2.99,2.89-5.08,2.54,3.65.62,4.58,2.68,2.57,4.74-3.81,3.91-5.48-.98-5.9-2.23-.08-.23-.11-.34-.12-.25,0-.09-.04.02-.12.25-.43,1.25-2.09,6.14-5.9,2.23-2.01-2.06-1.08-4.12,2.57-4.74-2.09.36-4.44-.23-5.08-2.54-.19-.66-.5-4.74-.5-5.3,0-2.76,2.42-1.89,3.91-.77h0Z\"\/><\/svg><\/span><span class=\"shariff-text\" style=\"color:#0085ff\">teilen<\/span>&nbsp;<\/a><\/li><li class=\"shariff-button threema shariff-nocustomcolor shariff-mobile\" style=\"background-color:#4fbc24\"><a href=\"threema:\/\/compose?text=Das%20Verschwinden%20%2F%20Boot-Camp%20https%3A%2F%2Fwww.kritische-masse.de%2Flogbuch%2F2024%2F05%2Fdas-verschwinden-boot-camp%2F\" title=\"Bei Threema teilen\" aria-label=\"Bei Threema teilen\" role=\"button\" rel=\"noopener nofollow\" class=\"shariff-link\" style=\"; background-color:#1f1f1f; color:#1f1f1f\" target=\"_blank\"><span class=\"shariff-icon\" style=\"fill:#1f1f1f\"><svg width=\"32px\" height=\"20px\" xmlns=\"http:\/\/www.w3.org\/2000\/svg\" viewBox=\"0 0 32 32\"><path fill=\"#1f1f1f\" d=\"M30.8 10.9c-0.3-1.4-0.9-2.6-1.8-3.8-2-2.6-5.5-4.5-9.4-5.2-1.3-0.2-1.9-0.3-3.5-0.3s-2.2 0-3.5 0.3c-4 0.7-7.4 2.6-9.4 5.2-0.9 1.2-1.5 2.4-1.8 3.8-0.1 0.5-0.2 1.2-0.2 1.6 0 0.4 0.1 1.1 0.2 1.6 0.4 1.9 1.3 3.4 2.9 5 0.8 0.8 0.8 0.8 0.7 1.3 0 0.6-0.5 1.6-1.7 3.6-0.3 0.5-0.5 0.9-0.5 0.9 0 0.1 0.1 0.1 0.5 0 0.8-0.2 2.3-0.6 5.6-1.6 1.1-0.3 1.3-0.4 2.3-0.4 0.8 0 1.1 0 2.3 0.2 1.5 0.2 3.5 0.2 4.9 0 5.1-0.6 9.3-2.9 11.4-6.3 0.5-0.9 0.9-1.8 1.1-2.8 0.1-0.5 0.2-1.1 0.2-1.6 0-0.7-0.1-1.1-0.2-1.6-0.3-1.4 0.1 0.5 0 0zM20.6 17.3c0 0.4-0.4 0.8-0.8 0.8h-7.7c-0.4 0-0.8-0.4-0.8-0.8v-4.6c0-0.4 0.4-0.8 0.8-0.8h0.2l0-1.6c0-0.9 0-1.8 0.1-2 0.1-0.6 0.6-1.2 1.1-1.7s1.1-0.7 1.9-0.8c1.8-0.3 3.7 0.7 4.2 2.2 0.1 0.3 0.1 0.7 0.1 2.1v0 1.7h0.1c0.4 0 0.8 0.4 0.8 0.8v4.6zM15.6 7.3c-0.5 0.1-0.8 0.3-1.2 0.6s-0.6 0.8-0.7 1.3c0 0.2 0 0.8 0 1.5l0 1.2h4.6v-1.3c0-1 0-1.4-0.1-1.6-0.3-1.1-1.5-1.9-2.6-1.7zM25.8 28.2c0 1.2-1 2.2-2.1 2.2s-2.1-1-2.1-2.1c0-1.2 1-2.1 2.2-2.1s2.2 1 2.2 2.2zM18.1 28.2c0 1.2-1 2.2-2.1 2.2s-2.1-1-2.1-2.1c0-1.2 1-2.1 2.2-2.1s2.2 1 2.2 2.2zM10.4 28.2c0 1.2-1 2.2-2.1 2.2s-2.1-1-2.1-2.1c0-1.2 1-2.1 2.2-2.1s2.2 1 2.2 2.2z\"\/><\/svg><\/span><span class=\"shariff-text\" style=\"color:#1f1f1f\">teilen<\/span>&nbsp;<\/a><\/li><li class=\"shariff-button facebook shariff-nocustomcolor\" style=\"background-color:#4273c8\"><a href=\"https:\/\/www.facebook.com\/sharer\/sharer.php?u=https%3A%2F%2Fwww.kritische-masse.de%2Flogbuch%2F2024%2F05%2Fdas-verschwinden-boot-camp%2F\" title=\"Bei Facebook teilen\" aria-label=\"Bei Facebook teilen\" role=\"button\" rel=\"nofollow\" class=\"shariff-link\" style=\"; background-color:#3b5998; color:#3b5998\" target=\"_blank\"><span class=\"shariff-icon\" style=\"fill:#3b5998\"><svg width=\"32px\" height=\"20px\" xmlns=\"http:\/\/www.w3.org\/2000\/svg\" viewBox=\"0 0 18 32\"><path fill=\"#3b5998\" d=\"M17.1 0.2v4.7h-2.8q-1.5 0-2.1 0.6t-0.5 1.9v3.4h5.2l-0.7 5.3h-4.5v13.6h-5.5v-13.6h-4.5v-5.3h4.5v-3.9q0-3.3 1.9-5.2t5-1.8q2.6 0 4.1 0.2z\"\/><\/svg><\/span><span class=\"shariff-text\" style=\"color:#3b5998\">teilen<\/span>&nbsp;<\/a><\/li><li class=\"shariff-button info shariff-nocustomcolor\" style=\"background-color:#a8a8a8\"><a href=\"http:\/\/ct.de\/-2467514\" title=\"Weitere Informationen\" aria-label=\"Weitere Informationen\" role=\"button\" rel=\"noopener \" class=\"shariff-link\" style=\"; background-color:#999; color:#999\" target=\"_blank\"><span class=\"shariff-icon\" style=\"fill:#999\"><svg width=\"32px\" height=\"20px\" xmlns=\"http:\/\/www.w3.org\/2000\/svg\" viewBox=\"0 0 11 32\"><path fill=\"#999\" d=\"M11.4 24v2.3q0 0.5-0.3 0.8t-0.8 0.4h-9.1q-0.5 0-0.8-0.4t-0.4-0.8v-2.3q0-0.5 0.4-0.8t0.8-0.4h1.1v-6.8h-1.1q-0.5 0-0.8-0.4t-0.4-0.8v-2.3q0-0.5 0.4-0.8t0.8-0.4h6.8q0.5 0 0.8 0.4t0.4 0.8v10.3h1.1q0.5 0 0.8 0.4t0.3 0.8zM9.2 3.4v3.4q0 0.5-0.4 0.8t-0.8 0.4h-4.6q-0.4 0-0.8-0.4t-0.4-0.8v-3.4q0-0.4 0.4-0.8t0.8-0.4h4.6q0.5 0 0.8 0.4t0.4 0.8z\"\/><\/svg><\/span><\/a><\/li><\/ul><\/div>","protected":false},"author":1,"featured_media":9661,"comment_status":"open","ping_status":"open","sticky":false,"template":"","format":"standard","meta":{"ocean_post_layout":"","ocean_both_sidebars_style":"","ocean_both_sidebars_content_width":0,"ocean_both_sidebars_sidebars_width":0,"ocean_sidebar":"","ocean_second_sidebar":"","ocean_disable_margins":"enable","ocean_add_body_class":"","ocean_shortcode_before_top_bar":"","ocean_shortcode_after_top_bar":"","ocean_shortcode_before_header":"","ocean_shortcode_after_header":"","ocean_has_shortcode":"","ocean_shortcode_after_title":"","ocean_shortcode_before_footer_widgets":"","ocean_shortcode_after_footer_widgets":"","ocean_shortcode_before_footer_bottom":"","ocean_shortcode_after_footer_bottom":"","ocean_display_top_bar":"default","ocean_display_header":"default","ocean_header_style":"","ocean_center_header_left_menu":"","ocean_custom_header_template":"","ocean_custom_logo":0,"ocean_custom_retina_logo":0,"ocean_custom_logo_max_width":0,"ocean_custom_logo_tablet_max_width":0,"ocean_custom_logo_mobile_max_width":0,"ocean_custom_logo_max_height":0,"ocean_custom_logo_tablet_max_height":0,"ocean_custom_logo_mobile_max_height":0,"ocean_header_custom_menu":"","ocean_menu_typo_font_family":"","ocean_menu_typo_font_subset":"","ocean_menu_typo_font_size":0,"ocean_menu_typo_font_size_tablet":0,"ocean_menu_typo_font_size_mobile":0,"ocean_menu_typo_font_size_unit":"px","ocean_menu_typo_font_weight":"","ocean_menu_typo_font_weight_tablet":"","ocean_menu_typo_font_weight_mobile":"","ocean_menu_typo_transform":"","ocean_menu_typo_transform_tablet":"","ocean_menu_typo_transform_mobile":"","ocean_menu_typo_line_height":0,"ocean_menu_typo_line_height_tablet":0,"ocean_menu_typo_line_height_mobile":0,"ocean_menu_typo_line_height_unit":"","ocean_menu_typo_spacing":0,"ocean_menu_typo_spacing_tablet":0,"ocean_menu_typo_spacing_mobile":0,"ocean_menu_typo_spacing_unit":"","ocean_menu_link_color":"","ocean_menu_link_color_hover":"","ocean_menu_link_color_active":"","ocean_menu_link_background":"","ocean_menu_link_hover_background":"","ocean_menu_link_active_background":"","ocean_menu_social_links_bg":"","ocean_menu_social_hover_links_bg":"","ocean_menu_social_links_color":"","ocean_menu_social_hover_links_color":"","ocean_disable_title":"default","ocean_disable_heading":"default","ocean_post_title":"","ocean_post_subheading":"","ocean_post_title_style":"","ocean_post_title_background_color":"","ocean_post_title_background":0,"ocean_post_title_bg_image_position":"","ocean_post_title_bg_image_attachment":"","ocean_post_title_bg_image_repeat":"","ocean_post_title_bg_image_size":"","ocean_post_title_height":0,"ocean_post_title_bg_overlay":0.5,"ocean_post_title_bg_overlay_color":"","ocean_disable_breadcrumbs":"default","ocean_breadcrumbs_color":"","ocean_breadcrumbs_separator_color":"","ocean_breadcrumbs_links_color":"","ocean_breadcrumbs_links_hover_color":"","ocean_display_footer_widgets":"default","ocean_display_footer_bottom":"default","ocean_custom_footer_template":"","osh_disable_topbar_sticky":"default","osh_disable_header_sticky":"default","osh_sticky_header_style":"default","osh_sticky_header_effect":"","osh_custom_sticky_logo":0,"osh_custom_retina_sticky_logo":0,"osh_custom_sticky_logo_height":0,"osh_background_color":"","osh_links_color":"","osh_links_hover_color":"","osh_links_active_color":"","osh_links_bg_color":"","osh_links_hover_bg_color":"","osh_links_active_bg_color":"","osh_menu_social_links_color":"","osh_menu_social_hover_links_color":"","_FSMCFIC_featured_image_caption":"","_FSMCFIC_featured_image_nocaption":"","_FSMCFIC_featured_image_hide":"","_metis_text_type":"standard","_metis_text_length":7590,"_post_count":0,"_jetpack_memberships_contains_paid_content":false,"activitypub_content_warning":"","activitypub_content_visibility":"","activitypub_max_image_attachments":4,"activitypub_interaction_policy_quote":"anyone","activitypub_status":"","ocean_post_oembed":"","ocean_post_self_hosted_media":"","ocean_post_video_embed":"","ocean_link_format":"","ocean_link_format_target":"self","ocean_quote_format":"","ocean_quote_format_link":"post","ocean_gallery_link_images":"on","ocean_gallery_id":[],"footnotes":"","jetpack_publicize_message":"","jetpack_publicize_feature_enabled":true,"jetpack_social_post_already_shared":true,"jetpack_social_options":{"image_generator_settings":{"template":"highway","default_image_id":0,"font":"","enabled":false},"version":2}},"categories":[2647,2648],"tags":[4260,4261],"class_list":["post-9659","post","type-post","status-publish","format-standard","has-post-thumbnail","hentry","category-angriffauf","category-dieurteilskraft","tag-philosophen","tag-theater-im-osten","entry","has-media"],"yoast_head":"<!-- This site is optimized with the Yoast SEO plugin v27.5 - https:\/\/yoast.com\/product\/yoast-seo-wordpress\/ -->\n<title>Das Verschwinden \/ Boot-Camp - Kritische Masse<\/title>\n<meta name=\"robots\" content=\"index, follow, max-snippet:-1, max-image-preview:large, max-video-preview:-1\" \/>\n<link rel=\"canonical\" href=\"https:\/\/www.kritische-masse.de\/logbuch\/2024\/05\/das-verschwinden-boot-camp\/\" \/>\n<meta property=\"og:locale\" content=\"de_DE\" \/>\n<meta property=\"og:type\" content=\"article\" \/>\n<meta property=\"og:title\" content=\"Das Verschwinden \/ Boot-Camp - Kritische Masse\" \/>\n<meta property=\"og:description\" content=\"Wie sagte doch B.: Das Verschwinden Gottes hat uns der Realit\u00e4t ausgesetzt. Was wird sein, wenn die Realit\u00e4t verschwunden ist? +++ Sleepless\" \/>\n<meta property=\"og:url\" content=\"https:\/\/www.kritische-masse.de\/logbuch\/2024\/05\/das-verschwinden-boot-camp\/\" \/>\n<meta property=\"og:site_name\" content=\"Kritische Masse\" \/>\n<meta property=\"article:publisher\" content=\"https:\/\/www.facebook.com\/hufner\" \/>\n<meta property=\"article:author\" content=\"https:\/\/www.facebook.com\/hufner\" \/>\n<meta property=\"article:published_time\" content=\"2024-05-01T12:25:43+00:00\" \/>\n<meta property=\"og:image\" content=\"https:\/\/www.kritische-masse.de\/logbuch\/wp-content\/uploads\/2024\/04\/Die-Theater-Chemnitz_sleepless_05_03.png\" \/>\n\t<meta property=\"og:image:width\" content=\"1920\" \/>\n\t<meta property=\"og:image:height\" content=\"967\" \/>\n\t<meta property=\"og:image:type\" content=\"image\/png\" \/>\n<meta name=\"author\" content=\"der huflaikhan\" \/>\n<meta name=\"twitter:label1\" content=\"Verfasst von\" \/>\n\t<meta name=\"twitter:data1\" content=\"der huflaikhan\" \/>\n\t<meta name=\"twitter:label2\" content=\"Gesch\u00e4tzte Lesezeit\" \/>\n\t<meta name=\"twitter:data2\" content=\"7\u00a0Minuten\" \/>\n<script type=\"application\/ld+json\" class=\"yoast-schema-graph\">{\"@context\":\"https:\\\/\\\/schema.org\",\"@graph\":[{\"@type\":\"Article\",\"@id\":\"https:\\\/\\\/www.kritische-masse.de\\\/logbuch\\\/2024\\\/05\\\/das-verschwinden-boot-camp\\\/#article\",\"isPartOf\":{\"@id\":\"https:\\\/\\\/www.kritische-masse.de\\\/logbuch\\\/2024\\\/05\\\/das-verschwinden-boot-camp\\\/\"},\"author\":{\"name\":\"der huflaikhan\",\"@id\":\"https:\\\/\\\/www.kritische-masse.de\\\/logbuch\\\/#\\\/schema\\\/person\\\/14c491f46504e7f6b79db161f76def1c\"},\"headline\":\"Das Verschwinden \\\/ Boot-Camp\",\"datePublished\":\"2024-05-01T12:25:43+00:00\",\"mainEntityOfPage\":{\"@id\":\"https:\\\/\\\/www.kritische-masse.de\\\/logbuch\\\/2024\\\/05\\\/das-verschwinden-boot-camp\\\/\"},\"wordCount\":1142,\"commentCount\":0,\"publisher\":{\"@id\":\"https:\\\/\\\/www.kritische-masse.de\\\/logbuch\\\/#\\\/schema\\\/person\\\/14c491f46504e7f6b79db161f76def1c\"},\"image\":{\"@id\":\"https:\\\/\\\/www.kritische-masse.de\\\/logbuch\\\/2024\\\/05\\\/das-verschwinden-boot-camp\\\/#primaryimage\"},\"thumbnailUrl\":\"https:\\\/\\\/i0.wp.com\\\/www.kritische-masse.de\\\/logbuch\\\/wp-content\\\/uploads\\\/2024\\\/04\\\/Die-Theater-Chemnitz_sleepless_05_03.png?fit=1920%2C967&ssl=1\",\"keywords\":[\"Philosophen\",\"Theater im Osten\"],\"articleSection\":[\"Angriff auf \u2026\",\"die Urteilskraft\"],\"inLanguage\":\"de\",\"potentialAction\":[{\"@type\":\"CommentAction\",\"name\":\"Comment\",\"target\":[\"https:\\\/\\\/www.kritische-masse.de\\\/logbuch\\\/2024\\\/05\\\/das-verschwinden-boot-camp\\\/#respond\"]}]},{\"@type\":\"WebPage\",\"@id\":\"https:\\\/\\\/www.kritische-masse.de\\\/logbuch\\\/2024\\\/05\\\/das-verschwinden-boot-camp\\\/\",\"url\":\"https:\\\/\\\/www.kritische-masse.de\\\/logbuch\\\/2024\\\/05\\\/das-verschwinden-boot-camp\\\/\",\"name\":\"Das Verschwinden \\\/ Boot-Camp - Kritische Masse\",\"isPartOf\":{\"@id\":\"https:\\\/\\\/www.kritische-masse.de\\\/logbuch\\\/#website\"},\"primaryImageOfPage\":{\"@id\":\"https:\\\/\\\/www.kritische-masse.de\\\/logbuch\\\/2024\\\/05\\\/das-verschwinden-boot-camp\\\/#primaryimage\"},\"image\":{\"@id\":\"https:\\\/\\\/www.kritische-masse.de\\\/logbuch\\\/2024\\\/05\\\/das-verschwinden-boot-camp\\\/#primaryimage\"},\"thumbnailUrl\":\"https:\\\/\\\/i0.wp.com\\\/www.kritische-masse.de\\\/logbuch\\\/wp-content\\\/uploads\\\/2024\\\/04\\\/Die-Theater-Chemnitz_sleepless_05_03.png?fit=1920%2C967&ssl=1\",\"datePublished\":\"2024-05-01T12:25:43+00:00\",\"breadcrumb\":{\"@id\":\"https:\\\/\\\/www.kritische-masse.de\\\/logbuch\\\/2024\\\/05\\\/das-verschwinden-boot-camp\\\/#breadcrumb\"},\"inLanguage\":\"de\",\"potentialAction\":[{\"@type\":\"ReadAction\",\"target\":[\"https:\\\/\\\/www.kritische-masse.de\\\/logbuch\\\/2024\\\/05\\\/das-verschwinden-boot-camp\\\/\"]}]},{\"@type\":\"ImageObject\",\"inLanguage\":\"de\",\"@id\":\"https:\\\/\\\/www.kritische-masse.de\\\/logbuch\\\/2024\\\/05\\\/das-verschwinden-boot-camp\\\/#primaryimage\",\"url\":\"https:\\\/\\\/i0.wp.com\\\/www.kritische-masse.de\\\/logbuch\\\/wp-content\\\/uploads\\\/2024\\\/04\\\/Die-Theater-Chemnitz_sleepless_05_03.png?fit=1920%2C967&ssl=1\",\"contentUrl\":\"https:\\\/\\\/i0.wp.com\\\/www.kritische-masse.de\\\/logbuch\\\/wp-content\\\/uploads\\\/2024\\\/04\\\/Die-Theater-Chemnitz_sleepless_05_03.png?fit=1920%2C967&ssl=1\",\"width\":1920,\"height\":967,\"caption\":\"Die Theater Chemnitz sleepless 05 03\"},{\"@type\":\"BreadcrumbList\",\"@id\":\"https:\\\/\\\/www.kritische-masse.de\\\/logbuch\\\/2024\\\/05\\\/das-verschwinden-boot-camp\\\/#breadcrumb\",\"itemListElement\":[{\"@type\":\"ListItem\",\"position\":1,\"name\":\"Startseite\",\"item\":\"https:\\\/\\\/www.kritische-masse.de\\\/logbuch\\\/\"},{\"@type\":\"ListItem\",\"position\":2,\"name\":\"Das Verschwinden \\\/ Boot-Camp\"}]},{\"@type\":\"WebSite\",\"@id\":\"https:\\\/\\\/www.kritische-masse.de\\\/logbuch\\\/#website\",\"url\":\"https:\\\/\\\/www.kritische-masse.de\\\/logbuch\\\/\",\"name\":\"kritische masse\",\"description\":\"amt f\u00fcr vermassungsschutz\",\"publisher\":{\"@id\":\"https:\\\/\\\/www.kritische-masse.de\\\/logbuch\\\/#\\\/schema\\\/person\\\/14c491f46504e7f6b79db161f76def1c\"},\"alternateName\":\"das logbuch der kritischen masse\",\"potentialAction\":[{\"@type\":\"SearchAction\",\"target\":{\"@type\":\"EntryPoint\",\"urlTemplate\":\"https:\\\/\\\/www.kritische-masse.de\\\/logbuch\\\/?s={search_term_string}\"},\"query-input\":{\"@type\":\"PropertyValueSpecification\",\"valueRequired\":true,\"valueName\":\"search_term_string\"}}],\"inLanguage\":\"de\"},{\"@type\":[\"Person\",\"Organization\"],\"@id\":\"https:\\\/\\\/www.kritische-masse.de\\\/logbuch\\\/#\\\/schema\\\/person\\\/14c491f46504e7f6b79db161f76def1c\",\"name\":\"der huflaikhan\",\"image\":{\"@type\":\"ImageObject\",\"inLanguage\":\"de\",\"@id\":\"https:\\\/\\\/www.kritische-masse.de\\\/logbuch\\\/wp-content\\\/uploads\\\/2024\\\/01\\\/cropped-kritischmasse_man_512.jpg\",\"url\":\"https:\\\/\\\/www.kritische-masse.de\\\/logbuch\\\/wp-content\\\/uploads\\\/2024\\\/01\\\/cropped-kritischmasse_man_512.jpg\",\"contentUrl\":\"https:\\\/\\\/www.kritische-masse.de\\\/logbuch\\\/wp-content\\\/uploads\\\/2024\\\/01\\\/cropped-kritischmasse_man_512.jpg\",\"width\":512,\"height\":512,\"caption\":\"der huflaikhan\"},\"logo\":{\"@id\":\"https:\\\/\\\/www.kritische-masse.de\\\/logbuch\\\/wp-content\\\/uploads\\\/2024\\\/01\\\/cropped-kritischmasse_man_512.jpg\"},\"description\":\"Betreiber der Kritischen Masse seit 1995. Seit 2023 Wiederaufnahme. Promotion mit einer Arbeit \u00fcber Adornos kompositorische und theoretische Auseinandersetzung mit der Zw\u00f6lftontechnik. Arbeit f\u00fcr den Bayerischen und den Mitteldeutschen Rundfunk als freier Autor und Regisseur \u2013 zumindest bis Ende 2015. Online-Redaktion f\u00fcr neue musikzeitung, Jazzzeitung und Oper &amp; Tanz. Ungl\u00fccklich, aber fast taub.\",\"sameAs\":[\"https:\\\/\\\/www.kritische-masse.de\\\/logbuch\\\/\",\"https:\\\/\\\/www.facebook.com\\\/hufner\"],\"url\":\"https:\\\/\\\/www.kritische-masse.de\\\/logbuch\\\/author\\\/martin_d1juqiu5\\\/\"}]}<\/script>\n<!-- \/ Yoast SEO plugin. -->","yoast_head_json":{"title":"Das Verschwinden \/ Boot-Camp - Kritische Masse","robots":{"index":"index","follow":"follow","max-snippet":"max-snippet:-1","max-image-preview":"max-image-preview:large","max-video-preview":"max-video-preview:-1"},"canonical":"https:\/\/www.kritische-masse.de\/logbuch\/2024\/05\/das-verschwinden-boot-camp\/","og_locale":"de_DE","og_type":"article","og_title":"Das Verschwinden \/ Boot-Camp - Kritische Masse","og_description":"Wie sagte doch B.: Das Verschwinden Gottes hat uns der Realit\u00e4t ausgesetzt. Was wird sein, wenn die Realit\u00e4t verschwunden ist? +++ Sleepless","og_url":"https:\/\/www.kritische-masse.de\/logbuch\/2024\/05\/das-verschwinden-boot-camp\/","og_site_name":"Kritische Masse","article_publisher":"https:\/\/www.facebook.com\/hufner","article_author":"https:\/\/www.facebook.com\/hufner","article_published_time":"2024-05-01T12:25:43+00:00","og_image":[{"width":1920,"height":967,"url":"https:\/\/www.kritische-masse.de\/logbuch\/wp-content\/uploads\/2024\/04\/Die-Theater-Chemnitz_sleepless_05_03.png","type":"image\/png"}],"author":"der huflaikhan","twitter_misc":{"Verfasst von":"der huflaikhan","Gesch\u00e4tzte Lesezeit":"7\u00a0Minuten"},"schema":{"@context":"https:\/\/schema.org","@graph":[{"@type":"Article","@id":"https:\/\/www.kritische-masse.de\/logbuch\/2024\/05\/das-verschwinden-boot-camp\/#article","isPartOf":{"@id":"https:\/\/www.kritische-masse.de\/logbuch\/2024\/05\/das-verschwinden-boot-camp\/"},"author":{"name":"der huflaikhan","@id":"https:\/\/www.kritische-masse.de\/logbuch\/#\/schema\/person\/14c491f46504e7f6b79db161f76def1c"},"headline":"Das Verschwinden \/ Boot-Camp","datePublished":"2024-05-01T12:25:43+00:00","mainEntityOfPage":{"@id":"https:\/\/www.kritische-masse.de\/logbuch\/2024\/05\/das-verschwinden-boot-camp\/"},"wordCount":1142,"commentCount":0,"publisher":{"@id":"https:\/\/www.kritische-masse.de\/logbuch\/#\/schema\/person\/14c491f46504e7f6b79db161f76def1c"},"image":{"@id":"https:\/\/www.kritische-masse.de\/logbuch\/2024\/05\/das-verschwinden-boot-camp\/#primaryimage"},"thumbnailUrl":"https:\/\/i0.wp.com\/www.kritische-masse.de\/logbuch\/wp-content\/uploads\/2024\/04\/Die-Theater-Chemnitz_sleepless_05_03.png?fit=1920%2C967&ssl=1","keywords":["Philosophen","Theater im Osten"],"articleSection":["Angriff auf \u2026","die Urteilskraft"],"inLanguage":"de","potentialAction":[{"@type":"CommentAction","name":"Comment","target":["https:\/\/www.kritische-masse.de\/logbuch\/2024\/05\/das-verschwinden-boot-camp\/#respond"]}]},{"@type":"WebPage","@id":"https:\/\/www.kritische-masse.de\/logbuch\/2024\/05\/das-verschwinden-boot-camp\/","url":"https:\/\/www.kritische-masse.de\/logbuch\/2024\/05\/das-verschwinden-boot-camp\/","name":"Das Verschwinden \/ Boot-Camp - Kritische Masse","isPartOf":{"@id":"https:\/\/www.kritische-masse.de\/logbuch\/#website"},"primaryImageOfPage":{"@id":"https:\/\/www.kritische-masse.de\/logbuch\/2024\/05\/das-verschwinden-boot-camp\/#primaryimage"},"image":{"@id":"https:\/\/www.kritische-masse.de\/logbuch\/2024\/05\/das-verschwinden-boot-camp\/#primaryimage"},"thumbnailUrl":"https:\/\/i0.wp.com\/www.kritische-masse.de\/logbuch\/wp-content\/uploads\/2024\/04\/Die-Theater-Chemnitz_sleepless_05_03.png?fit=1920%2C967&ssl=1","datePublished":"2024-05-01T12:25:43+00:00","breadcrumb":{"@id":"https:\/\/www.kritische-masse.de\/logbuch\/2024\/05\/das-verschwinden-boot-camp\/#breadcrumb"},"inLanguage":"de","potentialAction":[{"@type":"ReadAction","target":["https:\/\/www.kritische-masse.de\/logbuch\/2024\/05\/das-verschwinden-boot-camp\/"]}]},{"@type":"ImageObject","inLanguage":"de","@id":"https:\/\/www.kritische-masse.de\/logbuch\/2024\/05\/das-verschwinden-boot-camp\/#primaryimage","url":"https:\/\/i0.wp.com\/www.kritische-masse.de\/logbuch\/wp-content\/uploads\/2024\/04\/Die-Theater-Chemnitz_sleepless_05_03.png?fit=1920%2C967&ssl=1","contentUrl":"https:\/\/i0.wp.com\/www.kritische-masse.de\/logbuch\/wp-content\/uploads\/2024\/04\/Die-Theater-Chemnitz_sleepless_05_03.png?fit=1920%2C967&ssl=1","width":1920,"height":967,"caption":"Die Theater Chemnitz sleepless 05 03"},{"@type":"BreadcrumbList","@id":"https:\/\/www.kritische-masse.de\/logbuch\/2024\/05\/das-verschwinden-boot-camp\/#breadcrumb","itemListElement":[{"@type":"ListItem","position":1,"name":"Startseite","item":"https:\/\/www.kritische-masse.de\/logbuch\/"},{"@type":"ListItem","position":2,"name":"Das Verschwinden \/ Boot-Camp"}]},{"@type":"WebSite","@id":"https:\/\/www.kritische-masse.de\/logbuch\/#website","url":"https:\/\/www.kritische-masse.de\/logbuch\/","name":"kritische masse","description":"amt f\u00fcr vermassungsschutz","publisher":{"@id":"https:\/\/www.kritische-masse.de\/logbuch\/#\/schema\/person\/14c491f46504e7f6b79db161f76def1c"},"alternateName":"das logbuch der kritischen masse","potentialAction":[{"@type":"SearchAction","target":{"@type":"EntryPoint","urlTemplate":"https:\/\/www.kritische-masse.de\/logbuch\/?s={search_term_string}"},"query-input":{"@type":"PropertyValueSpecification","valueRequired":true,"valueName":"search_term_string"}}],"inLanguage":"de"},{"@type":["Person","Organization"],"@id":"https:\/\/www.kritische-masse.de\/logbuch\/#\/schema\/person\/14c491f46504e7f6b79db161f76def1c","name":"der huflaikhan","image":{"@type":"ImageObject","inLanguage":"de","@id":"https:\/\/www.kritische-masse.de\/logbuch\/wp-content\/uploads\/2024\/01\/cropped-kritischmasse_man_512.jpg","url":"https:\/\/www.kritische-masse.de\/logbuch\/wp-content\/uploads\/2024\/01\/cropped-kritischmasse_man_512.jpg","contentUrl":"https:\/\/www.kritische-masse.de\/logbuch\/wp-content\/uploads\/2024\/01\/cropped-kritischmasse_man_512.jpg","width":512,"height":512,"caption":"der huflaikhan"},"logo":{"@id":"https:\/\/www.kritische-masse.de\/logbuch\/wp-content\/uploads\/2024\/01\/cropped-kritischmasse_man_512.jpg"},"description":"Betreiber der Kritischen Masse seit 1995. Seit 2023 Wiederaufnahme. Promotion mit einer Arbeit \u00fcber Adornos kompositorische und theoretische Auseinandersetzung mit der Zw\u00f6lftontechnik. Arbeit f\u00fcr den Bayerischen und den Mitteldeutschen Rundfunk als freier Autor und Regisseur \u2013 zumindest bis Ende 2015. Online-Redaktion f\u00fcr neue musikzeitung, Jazzzeitung und Oper &amp; Tanz. Ungl\u00fccklich, aber fast taub.","sameAs":["https:\/\/www.kritische-masse.de\/logbuch\/","https:\/\/www.facebook.com\/hufner"],"url":"https:\/\/www.kritische-masse.de\/logbuch\/author\/martin_d1juqiu5\/"}]}},"jetpack_publicize_connections":[],"jetpack_featured_media_url":"https:\/\/i0.wp.com\/www.kritische-masse.de\/logbuch\/wp-content\/uploads\/2024\/04\/Die-Theater-Chemnitz_sleepless_05_03.png?fit=1920%2C967&ssl=1","categories_names":["Angriff auf \u2026","die Urteilskraft"],"post_class":[["post-9659","post","type-post","status-publish","format-standard","has-post-thumbnail","hentry","category-angriffauf","category-dieurteilskraft","tag-philosophen","tag-theater-im-osten","entry","has-media"]],"author_avatar":["<img alt='' src='https:\/\/secure.gravatar.com\/avatar\/c23aee426d58e69f14ef471114d4cac215eec702ee1bc331e2a62ea77e96ed60?s=96&#038;d=blank&#038;r=g' srcset='https:\/\/secure.gravatar.com\/avatar\/c23aee426d58e69f14ef471114d4cac215eec702ee1bc331e2a62ea77e96ed60?s=192&#038;d=blank&#038;r=g 2x' class='avatar avatar-96 photo' height='96' width='96' loading='lazy' decoding='async'\/>"],"featured_video":null,"jetpack-related-posts":[{"id":2226,"url":"https:\/\/www.kritische-masse.de\/logbuch\/2007\/06\/gesetz-und-freiheit\/","url_meta":{"origin":9659,"position":0},"title":"Gesetz und Freiheit","author":"hufi","date":"21. Juni 2007","format":false,"excerpt":"In seinen Vorlesungen zur Moralphilosophie von 1963 analysiert Adorno die Zusammenh\u00e4nge von Freiheit und Gesetz. Im Hintergrund steht dabei die Moralphilosophie Kants. Was er sehr bald erkl\u00e4rt, trifft heute genauso ins Zentrum, nur mit dem Unterschied, das die Verrechtlichungsverh\u00e4ltnisse immer mehr auch auf privater Ebene sich durchsetzen. Das Gesetz als\u2026","rel":"","context":"\u00c4hnlicher Beitrag","block_context":{"text":"\u00c4hnlicher Beitrag","link":""},"img":{"alt_text":"Lichschacht Solit\u00e4t","src":"https:\/\/i0.wp.com\/static.zooomr.com\/images\/2472857_d98cbfe6ef_t.jpg?resize=350%2C200","width":350,"height":200},"classes":[]},{"id":8451,"url":"https:\/\/www.kritische-masse.de\/logbuch\/2014\/07\/das-vergessen-und-sein-recht\/","url_meta":{"origin":9659,"position":1},"title":"Das Vergessen und sein Recht","author":"der huflaikhan","date":"23. Juli 2014","format":false,"excerpt":"Seit geraumer Zeit wird \u00fcber ein \u201eRecht auf Vergessen\u201c in Sachen Internet diskutiert. Vorausgegangen war eine Entscheidung des Europ\u00e4ischen Gerichtshofs. Nach dieser Entscheidung soll es die M\u00f6glichkeit geben f\u00fcr Menschen, bestimmte Informationen nicht \u00fcber eine Suchmaschine wie Google auffindbar zu machen. Dabei werden nicht die Originaldaten ver\u00e4ndert, sondern nur die\u2026","rel":"","context":"In &quot;das Netz&quot;","block_context":{"text":"das Netz","link":"https:\/\/www.kritische-masse.de\/logbuch\/category\/angriffauf\/dasnetz\/"},"img":{"alt_text":"Die, die am Verschwinden sind.","src":"https:\/\/i0.wp.com\/www.kritische-masse.de\/logbuch\/wp-content\/2014\/07\/kirche-innen-1080461-150x150.jpg?resize=350%2C200&ssl=1","width":350,"height":200},"classes":[]},{"id":12949,"url":"https:\/\/www.kritische-masse.de\/logbuch\/2026\/02\/bilder-copyright-chaos-hausgemacht\/","url_meta":{"origin":9659,"position":2},"title":"Bilder-Copyright-Chaos \u2013 hausgemacht","author":"der huflaikhan","date":"25. Februar 2026","format":false,"excerpt":"Eine h\u00e4ufige Quelle des Abmahnungsungemachs findet sich, wenn man Bilder aus dem Internet verwendet und eine korrekte Quellenangabe ben\u00f6tigt. Ich habe viel mit Theaterbildern zu tun, die ich mit korrekter Quelle ben\u00f6tige. Jetzt tauchte der Fall auf, dass Bildmaterial aus einer Oper und Elfriede Jelinek und Olga Neuwirth zu benamsen\u2026","rel":"","context":"In &quot;Amt f\u00fcr Vermassungsschutz&quot;","block_context":{"text":"Amt f\u00fcr Vermassungsschutz","link":"https:\/\/www.kritische-masse.de\/logbuch\/category\/vermassungsschutz\/"},"img":{"alt_text":"Rummelplatz Theater Chemnitz","src":"https:\/\/i0.wp.com\/www.kritische-masse.de\/logbuch\/wp-content\/uploads\/2026\/02\/Rummelplatz-Theater-Chemnitz.png?resize=350%2C200&ssl=1","width":350,"height":200,"srcset":"https:\/\/i0.wp.com\/www.kritische-masse.de\/logbuch\/wp-content\/uploads\/2026\/02\/Rummelplatz-Theater-Chemnitz.png?resize=350%2C200&ssl=1 1x, https:\/\/i0.wp.com\/www.kritische-masse.de\/logbuch\/wp-content\/uploads\/2026\/02\/Rummelplatz-Theater-Chemnitz.png?resize=525%2C300&ssl=1 1.5x, https:\/\/i0.wp.com\/www.kritische-masse.de\/logbuch\/wp-content\/uploads\/2026\/02\/Rummelplatz-Theater-Chemnitz.png?resize=700%2C400&ssl=1 2x"},"classes":[]},{"id":8738,"url":"https:\/\/www.kritische-masse.de\/logbuch\/2017\/10\/enzyklopaedie-der-neuen-musik-gutmenschentremolo\/","url_meta":{"origin":9659,"position":3},"title":"Enzyklop\u00e4die der Neuen Musik: \u201eGutmenschentremolo\u201c","author":"der huflaikhan","date":"26. Oktober 2017","format":false,"excerpt":"Es sei \u201eeinwandfrei politisch korrektes Gutmenschentremolo,\u201c schreibt Eleonore B\u00fcning \u00fcber die Transit-Performance des Ensemble Kaleidoskop bei den Donaueschinger Musiktagen in ihrer Kolumne des Netzmagazins takt1.de in der \u201esociety of music\u201c. Das wundert, denn eigentlich empfand sie die Auff\u00fchrung ziemlich daneben. Zur Sache sagt sie: \u201eDanach steigt das Ensemble Kaleidoskop aus,\u2026","rel":"","context":"In &quot;\u00c4sthetische Kunstfehler&quot;","block_context":{"text":"\u00c4sthetische Kunstfehler","link":"https:\/\/www.kritische-masse.de\/logbuch\/category\/aesthetische_kunstfehler\/"},"img":{"alt_text":"Spiegelbild","src":"https:\/\/i0.wp.com\/www.kritische-masse.de\/logbuch\/wp-content\/uploads\/2004\/09\/20040918-spiegelbild.jpg?fit=500%2C667&ssl=1&resize=350%2C200","width":350,"height":200},"classes":[]},{"id":3250,"url":"https:\/\/www.kritische-masse.de\/logbuch\/2013\/08\/das-ende-der-menschenrechte-der-fassung-von-1948\/","url_meta":{"origin":9659,"position":4},"title":"Das Ende der Menschenrechte in der Fassung von 1948","author":"huflaikhan","date":"21. August 2013","format":false,"excerpt":"Komisch, es f\u00e4llt mir erst jetzt auf. Diejenigen, die die Segnungen des Netzes unentwegt zum Ma\u00dfstab des des gesamten Lebens machen wollen, sind die Totengr\u00e4ber der Menschen und ihrer Rechte. Wie oft konnte ich im Zusammenhang mit GEMA und Musikindustrie h\u00f6ren, diese seine noch nicht in der digitalen Welt angekommen.\u2026","rel":"","context":"In &quot;Angriff auf \u2026&quot;","block_context":{"text":"Angriff auf \u2026","link":"https:\/\/www.kritische-masse.de\/logbuch\/category\/angriffauf\/"},"img":{"alt_text":"Im Netz angekommen und aus der Realit\u00e4t verschwunden. Foto: Hufner","src":"https:\/\/i0.wp.com\/www.kritische-masse.de\/logbuch\/wp-content\/uploads\/2013\/08\/urlaubspornoe-7482.jpg?fit=1200%2C795&ssl=1&resize=350%2C200","width":350,"height":200,"srcset":"https:\/\/i0.wp.com\/www.kritische-masse.de\/logbuch\/wp-content\/uploads\/2013\/08\/urlaubspornoe-7482.jpg?fit=1200%2C795&ssl=1&resize=350%2C200 1x, https:\/\/i0.wp.com\/www.kritische-masse.de\/logbuch\/wp-content\/uploads\/2013\/08\/urlaubspornoe-7482.jpg?fit=1200%2C795&ssl=1&resize=525%2C300 1.5x, https:\/\/i0.wp.com\/www.kritische-masse.de\/logbuch\/wp-content\/uploads\/2013\/08\/urlaubspornoe-7482.jpg?fit=1200%2C795&ssl=1&resize=700%2C400 2x, https:\/\/i0.wp.com\/www.kritische-masse.de\/logbuch\/wp-content\/uploads\/2013\/08\/urlaubspornoe-7482.jpg?fit=1200%2C795&ssl=1&resize=1050%2C600 3x"},"classes":[]},{"id":8703,"url":"https:\/\/www.kritische-masse.de\/logbuch\/2017\/05\/planung-und-realitaet\/","url_meta":{"origin":9659,"position":5},"title":"Planung und Realit\u00e4t","author":"der huflaikhan","date":"23. Mai 2017","format":false,"excerpt":"Man kann Dinge noch so gut planen, die Art der Nutzung des Plans ist oft eine andere. Warum soll man man den Weg einer Barriere w\u00e4hlen, wenn links oder rechts ein weniger komplizierter Durchgang zur Weiterf\u00fchrung des Weges m\u00f6glich ist. Der direkte Geradeausweg w\u00e4re hier nur der wahrscheinlich bessere, wenn\u2026","rel":"","context":"In &quot;die Kunst&quot;","block_context":{"text":"die Kunst","link":"https:\/\/www.kritische-masse.de\/logbuch\/category\/angriffauf\/die-kunst\/"},"img":{"alt_text":"Weg und Umwege. Foto: Hufner","src":"https:\/\/i0.wp.com\/www.kritische-masse.de\/logbuch\/wp-content\/uploads\/2017\/05\/wege-1024x352.jpg?resize=350%2C200&ssl=1","width":350,"height":200,"srcset":"https:\/\/i0.wp.com\/www.kritische-masse.de\/logbuch\/wp-content\/uploads\/2017\/05\/wege-1024x352.jpg?resize=350%2C200&ssl=1 1x, https:\/\/i0.wp.com\/www.kritische-masse.de\/logbuch\/wp-content\/uploads\/2017\/05\/wege-1024x352.jpg?resize=525%2C300&ssl=1 1.5x, https:\/\/i0.wp.com\/www.kritische-masse.de\/logbuch\/wp-content\/uploads\/2017\/05\/wege-1024x352.jpg?resize=700%2C400&ssl=1 2x"},"classes":[]}],"jetpack_sharing_enabled":true,"public_identification_id":"96cc5649484b4b1f8a84100e73382026","private_identification_id":"306f0446765341ea9c1bb40257ed76bb","_links":{"self":[{"href":"https:\/\/www.kritische-masse.de\/logbuch\/wp-json\/wp\/v2\/posts\/9659","targetHints":{"allow":["GET"]}}],"collection":[{"href":"https:\/\/www.kritische-masse.de\/logbuch\/wp-json\/wp\/v2\/posts"}],"about":[{"href":"https:\/\/www.kritische-masse.de\/logbuch\/wp-json\/wp\/v2\/types\/post"}],"author":[{"embeddable":true,"href":"https:\/\/www.kritische-masse.de\/logbuch\/wp-json\/wp\/v2\/users\/1"}],"replies":[{"embeddable":true,"href":"https:\/\/www.kritische-masse.de\/logbuch\/wp-json\/wp\/v2\/comments?post=9659"}],"version-history":[{"count":0,"href":"https:\/\/www.kritische-masse.de\/logbuch\/wp-json\/wp\/v2\/posts\/9659\/revisions"}],"wp:featuredmedia":[{"embeddable":true,"href":"https:\/\/www.kritische-masse.de\/logbuch\/wp-json\/wp\/v2\/media\/9661"}],"wp:attachment":[{"href":"https:\/\/www.kritische-masse.de\/logbuch\/wp-json\/wp\/v2\/media?parent=9659"}],"wp:term":[{"taxonomy":"category","embeddable":true,"href":"https:\/\/www.kritische-masse.de\/logbuch\/wp-json\/wp\/v2\/categories?post=9659"},{"taxonomy":"post_tag","embeddable":true,"href":"https:\/\/www.kritische-masse.de\/logbuch\/wp-json\/wp\/v2\/tags?post=9659"}],"curies":[{"name":"wp","href":"https:\/\/api.w.org\/{rel}","templated":true}]}}