{"id":9723,"date":"2024-05-26T11:48:57","date_gmt":"2024-05-26T09:48:57","guid":{"rendered":"https:\/\/www.kritische-masse.de\/logbuch\/?p=9723"},"modified":"2024-05-26T11:48:57","modified_gmt":"2024-05-26T09:48:57","slug":"angeklagt-wegen-vortaeuschens-einer-schlaftat-sicherung-von-pressearbeit","status":"publish","type":"post","link":"https:\/\/www.kritische-masse.de\/logbuch\/2024\/05\/angeklagt-wegen-vortaeuschens-einer-schlaftat-sicherung-von-pressearbeit\/","title":{"rendered":"Angeklagt wegen Vort\u00e4uschens einer Schlaftat \u2013 Sicherung von Pressearbeit"},"content":{"rendered":"<div class=\"shariff shariff-align-left shariff-widget-align-left\"><ul class=\"shariff-buttons theme-white orientation-horizontal buttonsize-small\"><li class=\"shariff-button mastodon shariff-nocustomcolor\" style=\"background-color:#563ACC\"><a href=\"https:\/\/s2f.kytta.dev\/?text=Angeklagt%20wegen%20Vort%C3%A4uschens%20einer%20Schlaftat%20%E2%80%93%20Sicherung%20von%20Pressearbeit https%3A%2F%2Fwww.kritische-masse.de%2Flogbuch%2F2024%2F05%2Fangeklagt-wegen-vortaeuschens-einer-schlaftat-sicherung-von-pressearbeit%2F\" title=\"Bei Mastodon teilen\" aria-label=\"Bei Mastodon teilen\" role=\"button\" rel=\"noopener nofollow\" class=\"shariff-link\" style=\"; background-color:#6364FF; color:#6364FF\" target=\"_blank\"><span class=\"shariff-icon\" style=\"fill:#6364FF\"><svg width=\"75\" height=\"79\" viewBox=\"0 0 75 79\" fill=\"none\" xmlns=\"http:\/\/www.w3.org\/2000\/svg\"><path d=\"M37.813-.025C32.462-.058 27.114.13 21.79.598c-8.544.621-17.214 5.58-20.203 13.931C-1.12 23.318.408 32.622.465 41.65c.375 7.316.943 14.78 3.392 21.73 4.365 9.465 14.781 14.537 24.782 15.385 7.64.698 15.761-.213 22.517-4.026a54.1 54.1 0 0 0 .01-6.232c-6.855 1.316-14.101 2.609-21.049 1.074-3.883-.88-6.876-4.237-7.25-8.215-1.53-3.988 3.78-.43 5.584-.883 9.048 1.224 18.282.776 27.303-.462 7.044-.837 14.26-4.788 16.65-11.833 2.263-6.135 1.215-12.79 1.698-19.177.06-3.84.09-7.692-.262-11.52C72.596 7.844 63.223.981 53.834.684a219.453 219.453 0 0 0-16.022-.71zm11.294 12.882c5.5-.067 10.801 4.143 11.67 9.653.338 1.48.471 3 .471 4.515v21.088h-8.357c-.07-7.588.153-15.182-.131-22.765-.587-4.368-7.04-5.747-9.672-2.397-2.422 3.04-1.47 7.155-1.67 10.735v6.392h-8.307c-.146-4.996.359-10.045-.404-15.002-1.108-4.218-7.809-5.565-10.094-1.666-1.685 3.046-.712 6.634-.976 9.936v14.767h-8.354c.109-8.165-.238-16.344.215-24.5.674-5.346 5.095-10.389 10.676-10.627 4.902-.739 10.103 2.038 12.053 6.631.375 1.435 1.76 1.932 1.994.084 1.844-3.704 5.501-6.739 9.785-6.771.367-.044.735-.068 1.101-.073z\"\/><defs><linearGradient id=\"paint0_linear_549_34\" x1=\"37.0692\" y1=\"0\" x2=\"37.0692\" y2=\"79\" gradientUnits=\"userSpaceOnUse\"><stop stop-color=\"#6364FF\"\/><stop offset=\"1\" stop-color=\"#563ACC\"\/><\/linearGradient><\/defs><\/svg><\/span><span class=\"shariff-text\" style=\"color:#6364FF\">teilen<\/span>&nbsp;<\/a><\/li><li class=\"shariff-button bluesky shariff-nocustomcolor\" style=\"background-color:#84c4ff\"><a href=\"https:\/\/bsky.app\/intent\/compose?text=Angeklagt%20wegen%20Vort%C3%A4uschens%20einer%20Schlaftat%20%E2%80%93%20Sicherung%20von%20Pressearbeit https%3A%2F%2Fwww.kritische-masse.de%2Flogbuch%2F2024%2F05%2Fangeklagt-wegen-vortaeuschens-einer-schlaftat-sicherung-von-pressearbeit%2F \" title=\"Bei Bluesky teilen\" aria-label=\"Bei Bluesky teilen\" role=\"button\" rel=\"noopener nofollow\" class=\"shariff-link\" style=\"; background-color:#0085ff; color:#0085ff\" target=\"_blank\"><span class=\"shariff-icon\" style=\"fill:#0085ff\"><svg width=\"20\" height=\"20\" version=\"1.1\" xmlns=\"http:\/\/www.w3.org\/2000\/svg\" viewBox=\"0 0 20 20\"><path class=\"st0\" d=\"M4.89,3.12c2.07,1.55,4.3,4.71,5.11,6.4.82-1.69,3.04-4.84,5.11-6.4,1.49-1.12,3.91-1.99,3.91.77,0,.55-.32,4.63-.5,5.3-.64,2.3-2.99,2.89-5.08,2.54,3.65.62,4.58,2.68,2.57,4.74-3.81,3.91-5.48-.98-5.9-2.23-.08-.23-.11-.34-.12-.25,0-.09-.04.02-.12.25-.43,1.25-2.09,6.14-5.9,2.23-2.01-2.06-1.08-4.12,2.57-4.74-2.09.36-4.44-.23-5.08-2.54-.19-.66-.5-4.74-.5-5.3,0-2.76,2.42-1.89,3.91-.77h0Z\"\/><\/svg><\/span><span class=\"shariff-text\" style=\"color:#0085ff\">teilen<\/span>&nbsp;<\/a><\/li><li class=\"shariff-button threema shariff-nocustomcolor shariff-mobile\" style=\"background-color:#4fbc24\"><a href=\"threema:\/\/compose?text=Angeklagt%20wegen%20Vort%C3%A4uschens%20einer%20Schlaftat%20%E2%80%93%20Sicherung%20von%20Pressearbeit%20https%3A%2F%2Fwww.kritische-masse.de%2Flogbuch%2F2024%2F05%2Fangeklagt-wegen-vortaeuschens-einer-schlaftat-sicherung-von-pressearbeit%2F\" title=\"Bei Threema teilen\" aria-label=\"Bei Threema teilen\" role=\"button\" rel=\"noopener nofollow\" class=\"shariff-link\" style=\"; background-color:#1f1f1f; color:#1f1f1f\" target=\"_blank\"><span class=\"shariff-icon\" style=\"fill:#1f1f1f\"><svg width=\"32px\" height=\"20px\" xmlns=\"http:\/\/www.w3.org\/2000\/svg\" viewBox=\"0 0 32 32\"><path fill=\"#1f1f1f\" d=\"M30.8 10.9c-0.3-1.4-0.9-2.6-1.8-3.8-2-2.6-5.5-4.5-9.4-5.2-1.3-0.2-1.9-0.3-3.5-0.3s-2.2 0-3.5 0.3c-4 0.7-7.4 2.6-9.4 5.2-0.9 1.2-1.5 2.4-1.8 3.8-0.1 0.5-0.2 1.2-0.2 1.6 0 0.4 0.1 1.1 0.2 1.6 0.4 1.9 1.3 3.4 2.9 5 0.8 0.8 0.8 0.8 0.7 1.3 0 0.6-0.5 1.6-1.7 3.6-0.3 0.5-0.5 0.9-0.5 0.9 0 0.1 0.1 0.1 0.5 0 0.8-0.2 2.3-0.6 5.6-1.6 1.1-0.3 1.3-0.4 2.3-0.4 0.8 0 1.1 0 2.3 0.2 1.5 0.2 3.5 0.2 4.9 0 5.1-0.6 9.3-2.9 11.4-6.3 0.5-0.9 0.9-1.8 1.1-2.8 0.1-0.5 0.2-1.1 0.2-1.6 0-0.7-0.1-1.1-0.2-1.6-0.3-1.4 0.1 0.5 0 0zM20.6 17.3c0 0.4-0.4 0.8-0.8 0.8h-7.7c-0.4 0-0.8-0.4-0.8-0.8v-4.6c0-0.4 0.4-0.8 0.8-0.8h0.2l0-1.6c0-0.9 0-1.8 0.1-2 0.1-0.6 0.6-1.2 1.1-1.7s1.1-0.7 1.9-0.8c1.8-0.3 3.7 0.7 4.2 2.2 0.1 0.3 0.1 0.7 0.1 2.1v0 1.7h0.1c0.4 0 0.8 0.4 0.8 0.8v4.6zM15.6 7.3c-0.5 0.1-0.8 0.3-1.2 0.6s-0.6 0.8-0.7 1.3c0 0.2 0 0.8 0 1.5l0 1.2h4.6v-1.3c0-1 0-1.4-0.1-1.6-0.3-1.1-1.5-1.9-2.6-1.7zM25.8 28.2c0 1.2-1 2.2-2.1 2.2s-2.1-1-2.1-2.1c0-1.2 1-2.1 2.2-2.1s2.2 1 2.2 2.2zM18.1 28.2c0 1.2-1 2.2-2.1 2.2s-2.1-1-2.1-2.1c0-1.2 1-2.1 2.2-2.1s2.2 1 2.2 2.2zM10.4 28.2c0 1.2-1 2.2-2.1 2.2s-2.1-1-2.1-2.1c0-1.2 1-2.1 2.2-2.1s2.2 1 2.2 2.2z\"\/><\/svg><\/span><span class=\"shariff-text\" style=\"color:#1f1f1f\">teilen<\/span>&nbsp;<\/a><\/li><li class=\"shariff-button facebook shariff-nocustomcolor\" style=\"background-color:#4273c8\"><a href=\"https:\/\/www.facebook.com\/sharer\/sharer.php?u=https%3A%2F%2Fwww.kritische-masse.de%2Flogbuch%2F2024%2F05%2Fangeklagt-wegen-vortaeuschens-einer-schlaftat-sicherung-von-pressearbeit%2F\" title=\"Bei Facebook teilen\" aria-label=\"Bei Facebook teilen\" role=\"button\" rel=\"nofollow\" class=\"shariff-link\" style=\"; background-color:#3b5998; color:#3b5998\" target=\"_blank\"><span class=\"shariff-icon\" style=\"fill:#3b5998\"><svg width=\"32px\" height=\"20px\" xmlns=\"http:\/\/www.w3.org\/2000\/svg\" viewBox=\"0 0 18 32\"><path fill=\"#3b5998\" d=\"M17.1 0.2v4.7h-2.8q-1.5 0-2.1 0.6t-0.5 1.9v3.4h5.2l-0.7 5.3h-4.5v13.6h-5.5v-13.6h-4.5v-5.3h4.5v-3.9q0-3.3 1.9-5.2t5-1.8q2.6 0 4.1 0.2z\"\/><\/svg><\/span><span class=\"shariff-text\" style=\"color:#3b5998\">teilen<\/span>&nbsp;<\/a><\/li><li class=\"shariff-button info shariff-nocustomcolor\" style=\"background-color:#a8a8a8\"><a href=\"http:\/\/ct.de\/-2467514\" title=\"Weitere Informationen\" aria-label=\"Weitere Informationen\" role=\"button\" rel=\"noopener \" class=\"shariff-link\" style=\"; background-color:#999; color:#999\" target=\"_blank\"><span class=\"shariff-icon\" style=\"fill:#999\"><svg width=\"32px\" height=\"20px\" xmlns=\"http:\/\/www.w3.org\/2000\/svg\" viewBox=\"0 0 11 32\"><path fill=\"#999\" d=\"M11.4 24v2.3q0 0.5-0.3 0.8t-0.8 0.4h-9.1q-0.5 0-0.8-0.4t-0.4-0.8v-2.3q0-0.5 0.4-0.8t0.8-0.4h1.1v-6.8h-1.1q-0.5 0-0.8-0.4t-0.4-0.8v-2.3q0-0.5 0.4-0.8t0.8-0.4h6.8q0.5 0 0.8 0.4t0.4 0.8v10.3h1.1q0.5 0 0.8 0.4t0.3 0.8zM9.2 3.4v3.4q0 0.5-0.4 0.8t-0.8 0.4h-4.6q-0.4 0-0.8-0.4t-0.4-0.8v-3.4q0-0.4 0.4-0.8t0.8-0.4h4.6q0.5 0 0.8 0.4t0.4 0.8z\"\/><\/svg><\/span><\/a><\/li><\/ul><\/div><p>Themen in diesem Beitrag: Journalismus sichern +++ 75 Jahre Grundgesetz +++ Das Vort\u00e4uschen einer Schlaftat +++ Was wurde eigentlich aus der Datschenschutzgrundverordnung +++ Ja, wo laufen sie denn \u2026 +++ Berichte aus Moers (Nonnenmann), Kr\u00f6pelin und K\u00f6nigslutter (Lindner)<\/p>\n<p>Vor drei Jahren habe ich im Anschluss an einen Text von Moritz Eggert \u2013<\/p>\n<div class=\"oceanwp-oembed-wrap clr\">\n<blockquote class=\"wp-embedded-content\" data-secret=\"WuUzyKlnUb\"><p><a href=\"https:\/\/blogs.nmz.de\/badblog\/2021\/05\/22\/die-gereiztheit-unserer-zeit-oder-vom-umgang-mit-kritik\/\">Die \u201eGereiztheit unserer Zeit\u201c. Oder: Vom Umgang mit Kritik.<\/a><\/p><\/blockquote>\n<p><iframe loading=\"lazy\" class=\"wp-embedded-content\" sandbox=\"allow-scripts\" security=\"restricted\" style=\"position: absolute; visibility: hidden;\" title=\"&#8222;Die \u201eGereiztheit unserer Zeit\u201c. Oder: Vom Umgang mit Kritik.&#8220; &#8211; Bad Blog Of Musick\" src=\"https:\/\/blogs.nmz.de\/badblog\/2021\/05\/22\/die-gereiztheit-unserer-zeit-oder-vom-umgang-mit-kritik\/embed\/#?secret=lGCzUuxMea#?secret=WuUzyKlnUb\" data-secret=\"WuUzyKlnUb\" width=\"600\" height=\"338\" frameborder=\"0\" marginwidth=\"0\" marginheight=\"0\" scrolling=\"no\"><\/iframe><\/div>\n<p>erg\u00e4nzt, was ich f\u00fcr einen Weg aus der Problematik zumindest in Teilen gehalten hatte:<\/p>\n<div id=\"ez-toc-container\" class=\"ez-toc-v2_0_82_2 ez-toc-wrap-center counter-hierarchy ez-toc-counter ez-toc-light-blue ez-toc-container-direction\">\n<div class=\"ez-toc-title-container\">\n<p class=\"ez-toc-title\" style=\"cursor:inherit\">Inhalt<\/p>\n<span class=\"ez-toc-title-toggle\"><a href=\"#\" class=\"ez-toc-pull-right ez-toc-btn ez-toc-btn-xs ez-toc-btn-default ez-toc-toggle\" aria-label=\"Toggle Table of Content\"><span class=\"ez-toc-js-icon-con\"><span class=\"\"><span class=\"eztoc-hide\" style=\"display:none;\">Toggle<\/span><span class=\"ez-toc-icon-toggle-span\"><svg style=\"fill: #999;color:#999\" xmlns=\"http:\/\/www.w3.org\/2000\/svg\" class=\"list-377408\" width=\"20px\" height=\"20px\" viewBox=\"0 0 24 24\" fill=\"none\"><path d=\"M6 6H4v2h2V6zm14 0H8v2h12V6zM4 11h2v2H4v-2zm16 0H8v2h12v-2zM4 16h2v2H4v-2zm16 0H8v2h12v-2z\" fill=\"currentColor\"><\/path><\/svg><svg style=\"fill: #999;color:#999\" class=\"arrow-unsorted-368013\" xmlns=\"http:\/\/www.w3.org\/2000\/svg\" width=\"10px\" height=\"10px\" viewBox=\"0 0 24 24\" version=\"1.2\" baseProfile=\"tiny\"><path d=\"M18.2 9.3l-6.2-6.3-6.2 6.3c-.2.2-.3.4-.3.7s.1.5.3.7c.2.2.4.3.7.3h11c.3 0 .5-.1.7-.3.2-.2.3-.5.3-.7s-.1-.5-.3-.7zM5.8 14.7l6.2 6.3 6.2-6.3c.2-.2.3-.5.3-.7s-.1-.5-.3-.7c-.2-.2-.4-.3-.7-.3h-11c-.3 0-.5.1-.7.3-.2.2-.3.5-.3.7s.1.5.3.7z\"\/><\/svg><\/span><\/span><\/span><\/a><\/span><\/div>\n<nav><ul class='ez-toc-list ez-toc-list-level-1 ' ><li class='ez-toc-page-1 ez-toc-heading-level-3'><a class=\"ez-toc-link ez-toc-heading-1\" href=\"https:\/\/www.kritische-masse.de\/logbuch\/2024\/05\/angeklagt-wegen-vortaeuschens-einer-schlaftat-sicherung-von-pressearbeit\/#Journalismus_sichern\" >Journalismus sichern<\/a><\/li><li class='ez-toc-page-1 ez-toc-heading-level-3'><a class=\"ez-toc-link ez-toc-heading-2\" href=\"https:\/\/www.kritische-masse.de\/logbuch\/2024\/05\/angeklagt-wegen-vortaeuschens-einer-schlaftat-sicherung-von-pressearbeit\/#Berichte_aus_Moers_Kroepelin_und_Koenigslutter\" >Berichte aus Moers, Kr\u00f6pelin und K\u00f6nigslutter<\/a><\/li><li class='ez-toc-page-1 ez-toc-heading-level-3'><a class=\"ez-toc-link ez-toc-heading-3\" href=\"https:\/\/www.kritische-masse.de\/logbuch\/2024\/05\/angeklagt-wegen-vortaeuschens-einer-schlaftat-sicherung-von-pressearbeit\/#75_Jahre_Grundgesetz\" >75 Jahre Grundgesetz.<\/a><\/li><\/ul><\/nav><\/div>\n<h3><span class=\"ez-toc-section\" id=\"Journalismus_sichern\"><\/span>Journalismus sichern<span class=\"ez-toc-section-end\"><\/span><\/h3>\n<p>Die einen sagen vielleicht, das ist eben so das Risiko von Journalismus und Pressearbeit. Aber leider steht hinter den Kritiker<em>innen selten ein gewichtiges und gut ausgestattetes juristisches Grundsystem. Bald ist es so weit, dass man schon dann mit juristischen Schritten bedroht wird, wenn man \u00fcber jemanden nicht berichtet. Also, so kommen einem manche Reaktionen schon vor.<br \/>\nMeines Erachtens ben\u00f6tigen die Kulturzeitungen und -zeitschriften da ein gemeinsames Vorgehen und eine Art Kriegskasse und Top-Anw\u00e4lt<\/em>innen in Sachen Pers\u00f6nlichkeitsrecht, Urheberrecht und Wettbewerbsrecht.<\/p>\n<p>Das verhindert zwar auch nicht alle m\u00f6glichen Formen von Angriffen unter der G\u00fcrtellinie oder bestimmte Formen des \u201eNervens\u201c. Aber irgendetwas muss geschehen. Man gew\u00f6hnt sich ja langsam eine \u201eSchreibe\u201c an, die an pers\u00f6nlicher Vorzensur grenzt. Womit \u00fcbrigens ja auch nix gewonnen ist, weil vor Gericht ziehen kann man von der anderen Seite ja auch ohne gro\u00dfen Grund. Wer hat denn pers\u00f6nlich die Nerven und die Zeit, sich in dieses Risiko zu begeben?<\/p>\n<p>Das hat mit Cancel Culture nix zu tun. Denn diese Art des Umgangs wird erstaunlicherweise gerne von denen betrieben, die meinen, sie seien \u201eOpfer\u201c von Cancel Culture. In Wirklichkeit sind sie kritikresistent.<\/p>\n<p>Ich pers\u00f6nlich habe beispielsweise noch nie eine so miese Pressekommunikation erlebt wie bei einer M\u00fcnchner Institution. Man fragt sich dann: Soll man dar\u00fcber berichten? Interessiert nur wenige, aber das Risiko, aus irgendwelchen Gr\u00fcnden von deren hernach geschnitten und mit anderen Aufforderungen \u00fcberrollt zu werden, steht das in Relation? F\u00fcr einen selbst, als Selbst\u00e4ndigen?<br \/>\nKomischerweise gibt es da n\u00e4mlich extreme Unterschiede. Ich habe mein Leben lang immer wieder heftig in Sachen GEMA gestritten. Aber niemals bin ich dabei unfreundlich behandelt worden. Aber kann es angehen, dass man nur noch diejenigen kritisch be\u00e4ugt, die mit Kritik umgehen k\u00f6nnen, w\u00e4hrend die Mimosen aus Gr\u00fcnden des Machtgef\u00e4lles sich erlauben k\u00f6nnen, was sie wollen \u2013 egal, wie gut und sorgf\u00e4ltig man etwas recherchiert hat?<\/p>\n<p>Jedenfalls um dieses Themenfeld geht es im Text von Moritz Eggert, der leider wohl trotzdem verpuffen wird.<\/p>\n<p>Zum gleichen Thema ganz interessant Stefan Niggemeier in seinem <a href=\"https:\/\/steadyhq.com\/uebermedien\/posts\/ac7c88a1-af0d-44d4-94e8-3a3de11fc1da?utm_campaign=steady_sharing_button\">Newsletter bei \u00dcbermedien.<\/a> Zitat:<\/p>\n<blockquote><p>(Das zeigt \u00fcbrigens auch die Zweischneidigkeit des Rufs, den Schertz hat: Nat\u00fcrlich kann es grunds\u00e4tzlich nie schaden, wenn man als Journalist bei der Arbeit sehr genau bedenkt, ob sie die Rechte anderer verletzen k\u00f6nnte. Wenn man aber das Gef\u00fchl hat, dass schon ein winziger Fehler extrem teuer werden kann, kann das schnell dazu f\u00fchren, auch auf zul\u00e4ssige kritische Berichterstattung im Zweifel lieber zu verzichten.)<\/p><\/blockquote>\n<hr \/>\n<blockquote><p>Aus dem Leben eines Tunichtguts: Angeklagt, wegen Vort\u00e4uschens einer Schlaftat.<\/p>\n<p>Wird mal wieder Zeit f\u00fcr ein gepflegtes Bashing. Heute hat mich der Server gebasht. Und ich finde nicht heraus, auf welche Weise. Folge: Nix gegessen, mit dem Hund durch den Wald geloofen, statt spaziert, Kopfweh oben und unten.<\/p><\/blockquote>\n<hr \/>\n<p>Mein n\u00e4chster Artikel geht \u00fcber das hier:<\/p>\n<figure id=\"attachment_9726\" aria-describedby=\"caption-attachment-9726\" style=\"width: 768px\" class=\"wp-caption aligncenter\"><a href=\"https:\/\/i0.wp.com\/www.kritische-masse.de\/logbuch\/wp-content\/uploads\/2024\/05\/musikindustrie-in-zahlen.-%C2%A9-MH.jpg?ssl=1\"><img data-recalc-dims=\"1\" loading=\"lazy\" decoding=\"async\" data-attachment-id=\"9726\" data-permalink=\"https:\/\/www.kritische-masse.de\/logbuch\/2024\/05\/angeklagt-wegen-vortaeuschens-einer-schlaftat-sicherung-von-pressearbeit\/musikindustrie-in-zahlen-mh\/\" data-orig-file=\"https:\/\/i0.wp.com\/www.kritische-masse.de\/logbuch\/wp-content\/uploads\/2024\/05\/musikindustrie-in-zahlen.-%C2%A9-MH.jpg?fit=1536%2C2048&amp;ssl=1\" data-orig-size=\"1536,2048\" data-comments-opened=\"1\" data-image-meta=\"{&quot;aperture&quot;:&quot;0&quot;,&quot;credit&quot;:&quot;&quot;,&quot;camera&quot;:&quot;&quot;,&quot;caption&quot;:&quot;&quot;,&quot;created_timestamp&quot;:&quot;0&quot;,&quot;copyright&quot;:&quot;&quot;,&quot;focal_length&quot;:&quot;0&quot;,&quot;iso&quot;:&quot;0&quot;,&quot;shutter_speed&quot;:&quot;0&quot;,&quot;title&quot;:&quot;&quot;,&quot;orientation&quot;:&quot;0&quot;}\" data-image-title=\"musikindustrie in zahlen. \u00a9 MH\" data-image-description=\"&lt;p&gt;musikindustrie in zahlen. \u00a9 MH&lt;\/p&gt;\n\" data-image-caption=\"&lt;p&gt;musikindustrie in zahlen. \u00a9 MH&lt;\/p&gt;\n\" data-large-file=\"https:\/\/i0.wp.com\/www.kritische-masse.de\/logbuch\/wp-content\/uploads\/2024\/05\/musikindustrie-in-zahlen.-%C2%A9-MH.jpg?fit=768%2C1024&amp;ssl=1\" class=\"size-large wp-image-9726\" title=\"musikindustrie in zahlen. \u00a9 MH\" src=\"https:\/\/i0.wp.com\/www.kritische-masse.de\/logbuch\/wp-content\/uploads\/2024\/05\/musikindustrie-in-zahlen.-%C2%A9-MH.jpg?resize=768%2C1024&#038;ssl=1\" alt=\"musikindustrie in zahlen. \u00a9 MH\" width=\"768\" height=\"1024\" srcset=\"https:\/\/i0.wp.com\/www.kritische-masse.de\/logbuch\/wp-content\/uploads\/2024\/05\/musikindustrie-in-zahlen.-%C2%A9-MH.jpg?resize=768%2C1024&amp;ssl=1 768w, https:\/\/i0.wp.com\/www.kritische-masse.de\/logbuch\/wp-content\/uploads\/2024\/05\/musikindustrie-in-zahlen.-%C2%A9-MH.jpg?resize=225%2C300&amp;ssl=1 225w, https:\/\/i0.wp.com\/www.kritische-masse.de\/logbuch\/wp-content\/uploads\/2024\/05\/musikindustrie-in-zahlen.-%C2%A9-MH.jpg?resize=1152%2C1536&amp;ssl=1 1152w, https:\/\/i0.wp.com\/www.kritische-masse.de\/logbuch\/wp-content\/uploads\/2024\/05\/musikindustrie-in-zahlen.-%C2%A9-MH.jpg?resize=1320%2C1760&amp;ssl=1 1320w, https:\/\/i0.wp.com\/www.kritische-masse.de\/logbuch\/wp-content\/uploads\/2024\/05\/musikindustrie-in-zahlen.-%C2%A9-MH.jpg?w=1536&amp;ssl=1 1536w\" sizes=\"auto, (max-width: 768px) 100vw, 768px\" \/><\/a><figcaption id=\"caption-attachment-9726\" class=\"wp-caption-text\">musikindustrie in zahlen. \u00a9 MH<\/figcaption><\/figure>\n<hr \/>\n<h3><span class=\"ez-toc-section\" id=\"Berichte_aus_Moers_Kroepelin_und_Koenigslutter\"><\/span>Berichte aus Moers, Kr\u00f6pelin und K\u00f6nigslutter<span class=\"ez-toc-section-end\"><\/span><\/h3>\n<ul>\n<li>Den ersten Tag des <strong>Moers-Festivals<\/strong> hat sich Rainer Nonnenmann angetan. Er berichtet dar\u00fcber in der nmz online: <a href=\"https:\/\/www.nmz.de\/kritik\/oper-konzert\/da-gibt-es-was-zu-denken-schlaglichter-auf-namibia-und-linker-aktivismus-beim\" rel=\"bookmark\">Da gibt es was zu denken \u2013 Schlaglichter auf Namibia und linker Aktivismus beim Moers-Festival<\/a><\/li>\n<li>Den <strong>Internationalen Museumstag<\/strong> hatte neulich Ralf-Thomas Lindner im Visier. Das f\u00fchrte ihn nach Kr\u00f6pelin und K\u00f6nigslutter zu zwei besonders besonderen Museen: <a class=\"ticker-item__title\" href=\"https:\/\/www.nmz.de\/politik-betrieb\/musikleben\/musikalische-jahrestage-8-19-mai-internationaler-museumstag\" rel=\"bookmark\">Musikalische Jahrestage (8) \u2013 19. Mai \u2013 Internationaler Museumstag<\/a><\/li>\n<\/ul>\n<hr \/>\n<h3><span class=\"ez-toc-section\" id=\"75_Jahre_Grundgesetz\"><\/span>75 Jahre Grundgesetz.<span class=\"ez-toc-section-end\"><\/span><\/h3>\n<p>Und wieder kriechen die \u201eKultur ins Grundgesetz-Bef\u00fcrworter\u201c auf die Startbl\u00f6cke (<a href=\"https:\/\/www.kulturrat.de\/presse\/pressemitteilung\/75-jahre-grundgesetz-staatsziel-kultur-jetzt\/\">Deutscher Kulturrat<\/a> \/ <a href=\"https:\/\/www.bundesregierung.de\/breg-de\/aktuelles\/75-jahre-grundgesetz-kulturstaatsministerin-roth-kunst-und-pressefreiheit-sind-herzstueck-unserer-demokratie-kultur-sollte-jetzt-als-staatsziel-aufgenommen-werden--2286226\">Claudia Roth<\/a>). Um dann wieder festzustellen, sie laufen im falschen Stadion. Aber nat\u00fcrlich im Kreis. ich bin ganz froh, dass die es immer noch nicht merken. Gegenden, in denen dann Kultur als erstes Staatsziel gefeiert wird \u2013 nehme man Russland oder den Iran als Beispiel \u2013 sind alles andere als freie Gesellschaften. Kultur als Staatsziel ist gef\u00e4hrlich.<\/p>\n<div class=\"shariff shariff-align-left shariff-widget-align-left\"><ul class=\"shariff-buttons theme-white orientation-horizontal buttonsize-small\"><li class=\"shariff-button mastodon shariff-nocustomcolor\" style=\"background-color:#563ACC\"><a href=\"https:\/\/s2f.kytta.dev\/?text=Angeklagt%20wegen%20Vort%C3%A4uschens%20einer%20Schlaftat%20%E2%80%93%20Sicherung%20von%20Pressearbeit https%3A%2F%2Fwww.kritische-masse.de%2Flogbuch%2F2024%2F05%2Fangeklagt-wegen-vortaeuschens-einer-schlaftat-sicherung-von-pressearbeit%2F\" title=\"Bei Mastodon teilen\" aria-label=\"Bei Mastodon teilen\" role=\"button\" rel=\"noopener nofollow\" class=\"shariff-link\" style=\"; background-color:#6364FF; color:#6364FF\" target=\"_blank\"><span class=\"shariff-icon\" style=\"fill:#6364FF\"><svg width=\"75\" height=\"79\" viewBox=\"0 0 75 79\" fill=\"none\" xmlns=\"http:\/\/www.w3.org\/2000\/svg\"><path d=\"M37.813-.025C32.462-.058 27.114.13 21.79.598c-8.544.621-17.214 5.58-20.203 13.931C-1.12 23.318.408 32.622.465 41.65c.375 7.316.943 14.78 3.392 21.73 4.365 9.465 14.781 14.537 24.782 15.385 7.64.698 15.761-.213 22.517-4.026a54.1 54.1 0 0 0 .01-6.232c-6.855 1.316-14.101 2.609-21.049 1.074-3.883-.88-6.876-4.237-7.25-8.215-1.53-3.988 3.78-.43 5.584-.883 9.048 1.224 18.282.776 27.303-.462 7.044-.837 14.26-4.788 16.65-11.833 2.263-6.135 1.215-12.79 1.698-19.177.06-3.84.09-7.692-.262-11.52C72.596 7.844 63.223.981 53.834.684a219.453 219.453 0 0 0-16.022-.71zm11.294 12.882c5.5-.067 10.801 4.143 11.67 9.653.338 1.48.471 3 .471 4.515v21.088h-8.357c-.07-7.588.153-15.182-.131-22.765-.587-4.368-7.04-5.747-9.672-2.397-2.422 3.04-1.47 7.155-1.67 10.735v6.392h-8.307c-.146-4.996.359-10.045-.404-15.002-1.108-4.218-7.809-5.565-10.094-1.666-1.685 3.046-.712 6.634-.976 9.936v14.767h-8.354c.109-8.165-.238-16.344.215-24.5.674-5.346 5.095-10.389 10.676-10.627 4.902-.739 10.103 2.038 12.053 6.631.375 1.435 1.76 1.932 1.994.084 1.844-3.704 5.501-6.739 9.785-6.771.367-.044.735-.068 1.101-.073z\"\/><defs><linearGradient id=\"paint0_linear_549_34\" x1=\"37.0692\" y1=\"0\" x2=\"37.0692\" y2=\"79\" gradientUnits=\"userSpaceOnUse\"><stop stop-color=\"#6364FF\"\/><stop offset=\"1\" stop-color=\"#563ACC\"\/><\/linearGradient><\/defs><\/svg><\/span><span class=\"shariff-text\" style=\"color:#6364FF\">teilen<\/span>&nbsp;<\/a><\/li><li class=\"shariff-button bluesky shariff-nocustomcolor\" style=\"background-color:#84c4ff\"><a href=\"https:\/\/bsky.app\/intent\/compose?text=Angeklagt%20wegen%20Vort%C3%A4uschens%20einer%20Schlaftat%20%E2%80%93%20Sicherung%20von%20Pressearbeit https%3A%2F%2Fwww.kritische-masse.de%2Flogbuch%2F2024%2F05%2Fangeklagt-wegen-vortaeuschens-einer-schlaftat-sicherung-von-pressearbeit%2F \" title=\"Bei Bluesky teilen\" aria-label=\"Bei Bluesky teilen\" role=\"button\" rel=\"noopener nofollow\" class=\"shariff-link\" style=\"; background-color:#0085ff; color:#0085ff\" target=\"_blank\"><span class=\"shariff-icon\" style=\"fill:#0085ff\"><svg width=\"20\" height=\"20\" version=\"1.1\" xmlns=\"http:\/\/www.w3.org\/2000\/svg\" viewBox=\"0 0 20 20\"><path class=\"st0\" d=\"M4.89,3.12c2.07,1.55,4.3,4.71,5.11,6.4.82-1.69,3.04-4.84,5.11-6.4,1.49-1.12,3.91-1.99,3.91.77,0,.55-.32,4.63-.5,5.3-.64,2.3-2.99,2.89-5.08,2.54,3.65.62,4.58,2.68,2.57,4.74-3.81,3.91-5.48-.98-5.9-2.23-.08-.23-.11-.34-.12-.25,0-.09-.04.02-.12.25-.43,1.25-2.09,6.14-5.9,2.23-2.01-2.06-1.08-4.12,2.57-4.74-2.09.36-4.44-.23-5.08-2.54-.19-.66-.5-4.74-.5-5.3,0-2.76,2.42-1.89,3.91-.77h0Z\"\/><\/svg><\/span><span class=\"shariff-text\" style=\"color:#0085ff\">teilen<\/span>&nbsp;<\/a><\/li><li class=\"shariff-button threema shariff-nocustomcolor shariff-mobile\" style=\"background-color:#4fbc24\"><a href=\"threema:\/\/compose?text=Angeklagt%20wegen%20Vort%C3%A4uschens%20einer%20Schlaftat%20%E2%80%93%20Sicherung%20von%20Pressearbeit%20https%3A%2F%2Fwww.kritische-masse.de%2Flogbuch%2F2024%2F05%2Fangeklagt-wegen-vortaeuschens-einer-schlaftat-sicherung-von-pressearbeit%2F\" title=\"Bei Threema teilen\" aria-label=\"Bei Threema teilen\" role=\"button\" rel=\"noopener nofollow\" class=\"shariff-link\" style=\"; background-color:#1f1f1f; color:#1f1f1f\" target=\"_blank\"><span class=\"shariff-icon\" style=\"fill:#1f1f1f\"><svg width=\"32px\" height=\"20px\" xmlns=\"http:\/\/www.w3.org\/2000\/svg\" viewBox=\"0 0 32 32\"><path fill=\"#1f1f1f\" d=\"M30.8 10.9c-0.3-1.4-0.9-2.6-1.8-3.8-2-2.6-5.5-4.5-9.4-5.2-1.3-0.2-1.9-0.3-3.5-0.3s-2.2 0-3.5 0.3c-4 0.7-7.4 2.6-9.4 5.2-0.9 1.2-1.5 2.4-1.8 3.8-0.1 0.5-0.2 1.2-0.2 1.6 0 0.4 0.1 1.1 0.2 1.6 0.4 1.9 1.3 3.4 2.9 5 0.8 0.8 0.8 0.8 0.7 1.3 0 0.6-0.5 1.6-1.7 3.6-0.3 0.5-0.5 0.9-0.5 0.9 0 0.1 0.1 0.1 0.5 0 0.8-0.2 2.3-0.6 5.6-1.6 1.1-0.3 1.3-0.4 2.3-0.4 0.8 0 1.1 0 2.3 0.2 1.5 0.2 3.5 0.2 4.9 0 5.1-0.6 9.3-2.9 11.4-6.3 0.5-0.9 0.9-1.8 1.1-2.8 0.1-0.5 0.2-1.1 0.2-1.6 0-0.7-0.1-1.1-0.2-1.6-0.3-1.4 0.1 0.5 0 0zM20.6 17.3c0 0.4-0.4 0.8-0.8 0.8h-7.7c-0.4 0-0.8-0.4-0.8-0.8v-4.6c0-0.4 0.4-0.8 0.8-0.8h0.2l0-1.6c0-0.9 0-1.8 0.1-2 0.1-0.6 0.6-1.2 1.1-1.7s1.1-0.7 1.9-0.8c1.8-0.3 3.7 0.7 4.2 2.2 0.1 0.3 0.1 0.7 0.1 2.1v0 1.7h0.1c0.4 0 0.8 0.4 0.8 0.8v4.6zM15.6 7.3c-0.5 0.1-0.8 0.3-1.2 0.6s-0.6 0.8-0.7 1.3c0 0.2 0 0.8 0 1.5l0 1.2h4.6v-1.3c0-1 0-1.4-0.1-1.6-0.3-1.1-1.5-1.9-2.6-1.7zM25.8 28.2c0 1.2-1 2.2-2.1 2.2s-2.1-1-2.1-2.1c0-1.2 1-2.1 2.2-2.1s2.2 1 2.2 2.2zM18.1 28.2c0 1.2-1 2.2-2.1 2.2s-2.1-1-2.1-2.1c0-1.2 1-2.1 2.2-2.1s2.2 1 2.2 2.2zM10.4 28.2c0 1.2-1 2.2-2.1 2.2s-2.1-1-2.1-2.1c0-1.2 1-2.1 2.2-2.1s2.2 1 2.2 2.2z\"\/><\/svg><\/span><span class=\"shariff-text\" style=\"color:#1f1f1f\">teilen<\/span>&nbsp;<\/a><\/li><li class=\"shariff-button facebook shariff-nocustomcolor\" style=\"background-color:#4273c8\"><a href=\"https:\/\/www.facebook.com\/sharer\/sharer.php?u=https%3A%2F%2Fwww.kritische-masse.de%2Flogbuch%2F2024%2F05%2Fangeklagt-wegen-vortaeuschens-einer-schlaftat-sicherung-von-pressearbeit%2F\" title=\"Bei Facebook teilen\" aria-label=\"Bei Facebook teilen\" role=\"button\" rel=\"nofollow\" class=\"shariff-link\" style=\"; background-color:#3b5998; color:#3b5998\" target=\"_blank\"><span class=\"shariff-icon\" style=\"fill:#3b5998\"><svg width=\"32px\" height=\"20px\" xmlns=\"http:\/\/www.w3.org\/2000\/svg\" viewBox=\"0 0 18 32\"><path fill=\"#3b5998\" d=\"M17.1 0.2v4.7h-2.8q-1.5 0-2.1 0.6t-0.5 1.9v3.4h5.2l-0.7 5.3h-4.5v13.6h-5.5v-13.6h-4.5v-5.3h4.5v-3.9q0-3.3 1.9-5.2t5-1.8q2.6 0 4.1 0.2z\"\/><\/svg><\/span><span class=\"shariff-text\" style=\"color:#3b5998\">teilen<\/span>&nbsp;<\/a><\/li><li class=\"shariff-button info shariff-nocustomcolor\" style=\"background-color:#a8a8a8\"><a href=\"http:\/\/ct.de\/-2467514\" title=\"Weitere Informationen\" aria-label=\"Weitere Informationen\" role=\"button\" rel=\"noopener \" class=\"shariff-link\" style=\"; background-color:#999; color:#999\" target=\"_blank\"><span class=\"shariff-icon\" style=\"fill:#999\"><svg width=\"32px\" height=\"20px\" xmlns=\"http:\/\/www.w3.org\/2000\/svg\" viewBox=\"0 0 11 32\"><path fill=\"#999\" d=\"M11.4 24v2.3q0 0.5-0.3 0.8t-0.8 0.4h-9.1q-0.5 0-0.8-0.4t-0.4-0.8v-2.3q0-0.5 0.4-0.8t0.8-0.4h1.1v-6.8h-1.1q-0.5 0-0.8-0.4t-0.4-0.8v-2.3q0-0.5 0.4-0.8t0.8-0.4h6.8q0.5 0 0.8 0.4t0.4 0.8v10.3h1.1q0.5 0 0.8 0.4t0.3 0.8zM9.2 3.4v3.4q0 0.5-0.4 0.8t-0.8 0.4h-4.6q-0.4 0-0.8-0.4t-0.4-0.8v-3.4q0-0.4 0.4-0.8t0.8-0.4h4.6q0.5 0 0.8 0.4t0.4 0.8z\"\/><\/svg><\/span><\/a><\/li><\/ul><\/div>","protected":false},"excerpt":{"rendered":"<p>Journalismus sichern +++  75 Jahre Grundgesetz +++ Das Vort\u00e4uschen einer Schlaftat +++ Was wurde eigentlich aus der Datschenschutzgrundverordnung +++ <\/p>\n<div class=\"shariff shariff-align-left shariff-widget-align-left\"><ul class=\"shariff-buttons theme-white orientation-horizontal buttonsize-small\"><li class=\"shariff-button mastodon shariff-nocustomcolor\" style=\"background-color:#563ACC\"><a href=\"https:\/\/s2f.kytta.dev\/?text=Angeklagt%20wegen%20Vort%C3%A4uschens%20einer%20Schlaftat%20%E2%80%93%20Sicherung%20von%20Pressearbeit https%3A%2F%2Fwww.kritische-masse.de%2Flogbuch%2F2024%2F05%2Fangeklagt-wegen-vortaeuschens-einer-schlaftat-sicherung-von-pressearbeit%2F\" title=\"Bei Mastodon teilen\" aria-label=\"Bei Mastodon teilen\" role=\"button\" rel=\"noopener nofollow\" class=\"shariff-link\" style=\"; background-color:#6364FF; color:#6364FF\" target=\"_blank\"><span class=\"shariff-icon\" style=\"fill:#6364FF\"><svg width=\"75\" height=\"79\" viewBox=\"0 0 75 79\" fill=\"none\" xmlns=\"http:\/\/www.w3.org\/2000\/svg\"><path d=\"M37.813-.025C32.462-.058 27.114.13 21.79.598c-8.544.621-17.214 5.58-20.203 13.931C-1.12 23.318.408 32.622.465 41.65c.375 7.316.943 14.78 3.392 21.73 4.365 9.465 14.781 14.537 24.782 15.385 7.64.698 15.761-.213 22.517-4.026a54.1 54.1 0 0 0 .01-6.232c-6.855 1.316-14.101 2.609-21.049 1.074-3.883-.88-6.876-4.237-7.25-8.215-1.53-3.988 3.78-.43 5.584-.883 9.048 1.224 18.282.776 27.303-.462 7.044-.837 14.26-4.788 16.65-11.833 2.263-6.135 1.215-12.79 1.698-19.177.06-3.84.09-7.692-.262-11.52C72.596 7.844 63.223.981 53.834.684a219.453 219.453 0 0 0-16.022-.71zm11.294 12.882c5.5-.067 10.801 4.143 11.67 9.653.338 1.48.471 3 .471 4.515v21.088h-8.357c-.07-7.588.153-15.182-.131-22.765-.587-4.368-7.04-5.747-9.672-2.397-2.422 3.04-1.47 7.155-1.67 10.735v6.392h-8.307c-.146-4.996.359-10.045-.404-15.002-1.108-4.218-7.809-5.565-10.094-1.666-1.685 3.046-.712 6.634-.976 9.936v14.767h-8.354c.109-8.165-.238-16.344.215-24.5.674-5.346 5.095-10.389 10.676-10.627 4.902-.739 10.103 2.038 12.053 6.631.375 1.435 1.76 1.932 1.994.084 1.844-3.704 5.501-6.739 9.785-6.771.367-.044.735-.068 1.101-.073z\"\/><defs><linearGradient id=\"paint0_linear_549_34\" x1=\"37.0692\" y1=\"0\" x2=\"37.0692\" y2=\"79\" gradientUnits=\"userSpaceOnUse\"><stop stop-color=\"#6364FF\"\/><stop offset=\"1\" stop-color=\"#563ACC\"\/><\/linearGradient><\/defs><\/svg><\/span><span class=\"shariff-text\" style=\"color:#6364FF\">teilen<\/span>&nbsp;<\/a><\/li><li class=\"shariff-button bluesky shariff-nocustomcolor\" style=\"background-color:#84c4ff\"><a href=\"https:\/\/bsky.app\/intent\/compose?text=Angeklagt%20wegen%20Vort%C3%A4uschens%20einer%20Schlaftat%20%E2%80%93%20Sicherung%20von%20Pressearbeit https%3A%2F%2Fwww.kritische-masse.de%2Flogbuch%2F2024%2F05%2Fangeklagt-wegen-vortaeuschens-einer-schlaftat-sicherung-von-pressearbeit%2F \" title=\"Bei Bluesky teilen\" aria-label=\"Bei Bluesky teilen\" role=\"button\" rel=\"noopener nofollow\" class=\"shariff-link\" style=\"; background-color:#0085ff; color:#0085ff\" target=\"_blank\"><span class=\"shariff-icon\" style=\"fill:#0085ff\"><svg width=\"20\" height=\"20\" version=\"1.1\" xmlns=\"http:\/\/www.w3.org\/2000\/svg\" viewBox=\"0 0 20 20\"><path class=\"st0\" d=\"M4.89,3.12c2.07,1.55,4.3,4.71,5.11,6.4.82-1.69,3.04-4.84,5.11-6.4,1.49-1.12,3.91-1.99,3.91.77,0,.55-.32,4.63-.5,5.3-.64,2.3-2.99,2.89-5.08,2.54,3.65.62,4.58,2.68,2.57,4.74-3.81,3.91-5.48-.98-5.9-2.23-.08-.23-.11-.34-.12-.25,0-.09-.04.02-.12.25-.43,1.25-2.09,6.14-5.9,2.23-2.01-2.06-1.08-4.12,2.57-4.74-2.09.36-4.44-.23-5.08-2.54-.19-.66-.5-4.74-.5-5.3,0-2.76,2.42-1.89,3.91-.77h0Z\"\/><\/svg><\/span><span class=\"shariff-text\" style=\"color:#0085ff\">teilen<\/span>&nbsp;<\/a><\/li><li class=\"shariff-button threema shariff-nocustomcolor shariff-mobile\" style=\"background-color:#4fbc24\"><a href=\"threema:\/\/compose?text=Angeklagt%20wegen%20Vort%C3%A4uschens%20einer%20Schlaftat%20%E2%80%93%20Sicherung%20von%20Pressearbeit%20https%3A%2F%2Fwww.kritische-masse.de%2Flogbuch%2F2024%2F05%2Fangeklagt-wegen-vortaeuschens-einer-schlaftat-sicherung-von-pressearbeit%2F\" title=\"Bei Threema teilen\" aria-label=\"Bei Threema teilen\" role=\"button\" rel=\"noopener nofollow\" class=\"shariff-link\" style=\"; background-color:#1f1f1f; color:#1f1f1f\" target=\"_blank\"><span class=\"shariff-icon\" style=\"fill:#1f1f1f\"><svg width=\"32px\" height=\"20px\" xmlns=\"http:\/\/www.w3.org\/2000\/svg\" viewBox=\"0 0 32 32\"><path fill=\"#1f1f1f\" d=\"M30.8 10.9c-0.3-1.4-0.9-2.6-1.8-3.8-2-2.6-5.5-4.5-9.4-5.2-1.3-0.2-1.9-0.3-3.5-0.3s-2.2 0-3.5 0.3c-4 0.7-7.4 2.6-9.4 5.2-0.9 1.2-1.5 2.4-1.8 3.8-0.1 0.5-0.2 1.2-0.2 1.6 0 0.4 0.1 1.1 0.2 1.6 0.4 1.9 1.3 3.4 2.9 5 0.8 0.8 0.8 0.8 0.7 1.3 0 0.6-0.5 1.6-1.7 3.6-0.3 0.5-0.5 0.9-0.5 0.9 0 0.1 0.1 0.1 0.5 0 0.8-0.2 2.3-0.6 5.6-1.6 1.1-0.3 1.3-0.4 2.3-0.4 0.8 0 1.1 0 2.3 0.2 1.5 0.2 3.5 0.2 4.9 0 5.1-0.6 9.3-2.9 11.4-6.3 0.5-0.9 0.9-1.8 1.1-2.8 0.1-0.5 0.2-1.1 0.2-1.6 0-0.7-0.1-1.1-0.2-1.6-0.3-1.4 0.1 0.5 0 0zM20.6 17.3c0 0.4-0.4 0.8-0.8 0.8h-7.7c-0.4 0-0.8-0.4-0.8-0.8v-4.6c0-0.4 0.4-0.8 0.8-0.8h0.2l0-1.6c0-0.9 0-1.8 0.1-2 0.1-0.6 0.6-1.2 1.1-1.7s1.1-0.7 1.9-0.8c1.8-0.3 3.7 0.7 4.2 2.2 0.1 0.3 0.1 0.7 0.1 2.1v0 1.7h0.1c0.4 0 0.8 0.4 0.8 0.8v4.6zM15.6 7.3c-0.5 0.1-0.8 0.3-1.2 0.6s-0.6 0.8-0.7 1.3c0 0.2 0 0.8 0 1.5l0 1.2h4.6v-1.3c0-1 0-1.4-0.1-1.6-0.3-1.1-1.5-1.9-2.6-1.7zM25.8 28.2c0 1.2-1 2.2-2.1 2.2s-2.1-1-2.1-2.1c0-1.2 1-2.1 2.2-2.1s2.2 1 2.2 2.2zM18.1 28.2c0 1.2-1 2.2-2.1 2.2s-2.1-1-2.1-2.1c0-1.2 1-2.1 2.2-2.1s2.2 1 2.2 2.2zM10.4 28.2c0 1.2-1 2.2-2.1 2.2s-2.1-1-2.1-2.1c0-1.2 1-2.1 2.2-2.1s2.2 1 2.2 2.2z\"\/><\/svg><\/span><span class=\"shariff-text\" style=\"color:#1f1f1f\">teilen<\/span>&nbsp;<\/a><\/li><li class=\"shariff-button facebook shariff-nocustomcolor\" style=\"background-color:#4273c8\"><a href=\"https:\/\/www.facebook.com\/sharer\/sharer.php?u=https%3A%2F%2Fwww.kritische-masse.de%2Flogbuch%2F2024%2F05%2Fangeklagt-wegen-vortaeuschens-einer-schlaftat-sicherung-von-pressearbeit%2F\" title=\"Bei Facebook teilen\" aria-label=\"Bei Facebook teilen\" role=\"button\" rel=\"nofollow\" class=\"shariff-link\" style=\"; background-color:#3b5998; color:#3b5998\" target=\"_blank\"><span class=\"shariff-icon\" style=\"fill:#3b5998\"><svg width=\"32px\" height=\"20px\" xmlns=\"http:\/\/www.w3.org\/2000\/svg\" viewBox=\"0 0 18 32\"><path fill=\"#3b5998\" d=\"M17.1 0.2v4.7h-2.8q-1.5 0-2.1 0.6t-0.5 1.9v3.4h5.2l-0.7 5.3h-4.5v13.6h-5.5v-13.6h-4.5v-5.3h4.5v-3.9q0-3.3 1.9-5.2t5-1.8q2.6 0 4.1 0.2z\"\/><\/svg><\/span><span class=\"shariff-text\" style=\"color:#3b5998\">teilen<\/span>&nbsp;<\/a><\/li><li class=\"shariff-button info shariff-nocustomcolor\" style=\"background-color:#a8a8a8\"><a href=\"http:\/\/ct.de\/-2467514\" title=\"Weitere Informationen\" aria-label=\"Weitere Informationen\" role=\"button\" rel=\"noopener \" class=\"shariff-link\" style=\"; background-color:#999; color:#999\" target=\"_blank\"><span class=\"shariff-icon\" style=\"fill:#999\"><svg width=\"32px\" height=\"20px\" xmlns=\"http:\/\/www.w3.org\/2000\/svg\" viewBox=\"0 0 11 32\"><path fill=\"#999\" d=\"M11.4 24v2.3q0 0.5-0.3 0.8t-0.8 0.4h-9.1q-0.5 0-0.8-0.4t-0.4-0.8v-2.3q0-0.5 0.4-0.8t0.8-0.4h1.1v-6.8h-1.1q-0.5 0-0.8-0.4t-0.4-0.8v-2.3q0-0.5 0.4-0.8t0.8-0.4h6.8q0.5 0 0.8 0.4t0.4 0.8v10.3h1.1q0.5 0 0.8 0.4t0.3 0.8zM9.2 3.4v3.4q0 0.5-0.4 0.8t-0.8 0.4h-4.6q-0.4 0-0.8-0.4t-0.4-0.8v-3.4q0-0.4 0.4-0.8t0.8-0.4h4.6q0.5 0 0.8 0.4t0.4 0.8z\"\/><\/svg><\/span><\/a><\/li><\/ul><\/div>","protected":false},"author":1,"featured_media":9725,"comment_status":"open","ping_status":"open","sticky":false,"template":"","format":"standard","meta":{"ocean_post_layout":"","ocean_both_sidebars_style":"","ocean_both_sidebars_content_width":0,"ocean_both_sidebars_sidebars_width":0,"ocean_sidebar":"","ocean_second_sidebar":"","ocean_disable_margins":"enable","ocean_add_body_class":"","ocean_shortcode_before_top_bar":"","ocean_shortcode_after_top_bar":"","ocean_shortcode_before_header":"","ocean_shortcode_after_header":"","ocean_has_shortcode":"","ocean_shortcode_after_title":"","ocean_shortcode_before_footer_widgets":"","ocean_shortcode_after_footer_widgets":"","ocean_shortcode_before_footer_bottom":"","ocean_shortcode_after_footer_bottom":"","ocean_display_top_bar":"default","ocean_display_header":"default","ocean_header_style":"","ocean_center_header_left_menu":"","ocean_custom_header_template":"","ocean_custom_logo":0,"ocean_custom_retina_logo":0,"ocean_custom_logo_max_width":0,"ocean_custom_logo_tablet_max_width":0,"ocean_custom_logo_mobile_max_width":0,"ocean_custom_logo_max_height":0,"ocean_custom_logo_tablet_max_height":0,"ocean_custom_logo_mobile_max_height":0,"ocean_header_custom_menu":"","ocean_menu_typo_font_family":"","ocean_menu_typo_font_subset":"","ocean_menu_typo_font_size":0,"ocean_menu_typo_font_size_tablet":0,"ocean_menu_typo_font_size_mobile":0,"ocean_menu_typo_font_size_unit":"px","ocean_menu_typo_font_weight":"","ocean_menu_typo_font_weight_tablet":"","ocean_menu_typo_font_weight_mobile":"","ocean_menu_typo_transform":"","ocean_menu_typo_transform_tablet":"","ocean_menu_typo_transform_mobile":"","ocean_menu_typo_line_height":0,"ocean_menu_typo_line_height_tablet":0,"ocean_menu_typo_line_height_mobile":0,"ocean_menu_typo_line_height_unit":"","ocean_menu_typo_spacing":0,"ocean_menu_typo_spacing_tablet":0,"ocean_menu_typo_spacing_mobile":0,"ocean_menu_typo_spacing_unit":"","ocean_menu_link_color":"","ocean_menu_link_color_hover":"","ocean_menu_link_color_active":"","ocean_menu_link_background":"","ocean_menu_link_hover_background":"","ocean_menu_link_active_background":"","ocean_menu_social_links_bg":"","ocean_menu_social_hover_links_bg":"","ocean_menu_social_links_color":"","ocean_menu_social_hover_links_color":"","ocean_disable_title":"default","ocean_disable_heading":"default","ocean_post_title":"","ocean_post_subheading":"","ocean_post_title_style":"","ocean_post_title_background_color":"","ocean_post_title_background":0,"ocean_post_title_bg_image_position":"","ocean_post_title_bg_image_attachment":"","ocean_post_title_bg_image_repeat":"","ocean_post_title_bg_image_size":"","ocean_post_title_height":0,"ocean_post_title_bg_overlay":0.5,"ocean_post_title_bg_overlay_color":"","ocean_disable_breadcrumbs":"default","ocean_breadcrumbs_color":"","ocean_breadcrumbs_separator_color":"","ocean_breadcrumbs_links_color":"","ocean_breadcrumbs_links_hover_color":"","ocean_display_footer_widgets":"default","ocean_display_footer_bottom":"default","ocean_custom_footer_template":"","osh_disable_topbar_sticky":"default","osh_disable_header_sticky":"default","osh_sticky_header_style":"default","osh_sticky_header_effect":"","osh_custom_sticky_logo":0,"osh_custom_retina_sticky_logo":0,"osh_custom_sticky_logo_height":0,"osh_background_color":"","osh_links_color":"","osh_links_hover_color":"","osh_links_active_color":"","osh_links_bg_color":"","osh_links_hover_bg_color":"","osh_links_active_bg_color":"","osh_menu_social_links_color":"","osh_menu_social_hover_links_color":"","_FSMCFIC_featured_image_caption":"","_FSMCFIC_featured_image_nocaption":"","_FSMCFIC_featured_image_hide":"","_metis_text_type":"standard","_metis_text_length":4573,"_post_count":0,"_jetpack_memberships_contains_paid_content":false,"activitypub_content_warning":"","activitypub_content_visibility":"","activitypub_max_image_attachments":4,"activitypub_interaction_policy_quote":"anyone","activitypub_status":"","ocean_post_oembed":"","ocean_post_self_hosted_media":"","ocean_post_video_embed":"","ocean_link_format":"","ocean_link_format_target":"self","ocean_quote_format":"","ocean_quote_format_link":"post","ocean_gallery_link_images":"on","ocean_gallery_id":[],"footnotes":"","jetpack_publicize_message":"","jetpack_publicize_feature_enabled":true,"jetpack_social_post_already_shared":true,"jetpack_social_options":{"image_generator_settings":{"template":"highway","default_image_id":0,"font":"","enabled":false},"version":2}},"categories":[4188,4187,2647,3545],"tags":[4270,4271,2344,2644,2917],"class_list":["post-9723","post","type-post","status-publish","format-standard","has-post-thumbnail","hentry","category-das-recht","category-die-kommunikation","category-angriffauf","category-medien","tag-cancel-culture","tag-kultur-als-staatsziel","tag-journalismus","tag-musikindustrie","tag-presse","entry","has-media"],"yoast_head":"<!-- This site is optimized with the Yoast SEO plugin v27.5 - https:\/\/yoast.com\/product\/yoast-seo-wordpress\/ -->\n<title>Angeklagt wegen Vort\u00e4uschens einer Schlaftat \u2013 Sicherung von Pressearbeit - Kritische Masse<\/title>\n<meta name=\"robots\" content=\"index, follow, max-snippet:-1, max-image-preview:large, max-video-preview:-1\" \/>\n<link rel=\"canonical\" href=\"https:\/\/www.kritische-masse.de\/logbuch\/2024\/05\/angeklagt-wegen-vortaeuschens-einer-schlaftat-sicherung-von-pressearbeit\/\" \/>\n<meta property=\"og:locale\" content=\"de_DE\" \/>\n<meta property=\"og:type\" content=\"article\" \/>\n<meta property=\"og:title\" content=\"Angeklagt wegen Vort\u00e4uschens einer Schlaftat \u2013 Sicherung von Pressearbeit - Kritische Masse\" \/>\n<meta property=\"og:description\" content=\"Journalismus sichern +++ 75 Jahre Grundgesetz +++ Das Vort\u00e4uschen einer Schlaftat +++ Was wurde eigentlich aus der Datschenschutzgrundverordnung +++\" \/>\n<meta property=\"og:url\" content=\"https:\/\/www.kritische-masse.de\/logbuch\/2024\/05\/angeklagt-wegen-vortaeuschens-einer-schlaftat-sicherung-von-pressearbeit\/\" \/>\n<meta property=\"og:site_name\" content=\"Kritische Masse\" \/>\n<meta property=\"article:publisher\" content=\"https:\/\/www.facebook.com\/hufner\" \/>\n<meta property=\"article:author\" content=\"https:\/\/www.facebook.com\/hufner\" \/>\n<meta property=\"article:published_time\" content=\"2024-05-26T09:48:57+00:00\" \/>\n<meta property=\"og:image\" content=\"https:\/\/www.kritische-masse.de\/logbuch\/wp-content\/uploads\/2024\/05\/Was-Berlin-gebraucht-haette-waere-eine-Datschenschutzgrundverordnung-gewesen-DSGVO-\u00a9-MH.jpg\" \/>\n\t<meta property=\"og:image:width\" content=\"1200\" \/>\n\t<meta property=\"og:image:height\" content=\"900\" \/>\n\t<meta property=\"og:image:type\" content=\"image\/jpeg\" \/>\n<meta name=\"author\" content=\"der huflaikhan\" \/>\n<meta name=\"twitter:label1\" content=\"Verfasst von\" \/>\n\t<meta name=\"twitter:data1\" content=\"der huflaikhan\" \/>\n\t<meta name=\"twitter:label2\" content=\"Gesch\u00e4tzte Lesezeit\" \/>\n\t<meta name=\"twitter:data2\" content=\"4\u00a0Minuten\" \/>\n<script type=\"application\/ld+json\" class=\"yoast-schema-graph\">{\"@context\":\"https:\\\/\\\/schema.org\",\"@graph\":[{\"@type\":\"Article\",\"@id\":\"https:\\\/\\\/www.kritische-masse.de\\\/logbuch\\\/2024\\\/05\\\/angeklagt-wegen-vortaeuschens-einer-schlaftat-sicherung-von-pressearbeit\\\/#article\",\"isPartOf\":{\"@id\":\"https:\\\/\\\/www.kritische-masse.de\\\/logbuch\\\/2024\\\/05\\\/angeklagt-wegen-vortaeuschens-einer-schlaftat-sicherung-von-pressearbeit\\\/\"},\"author\":{\"name\":\"der huflaikhan\",\"@id\":\"https:\\\/\\\/www.kritische-masse.de\\\/logbuch\\\/#\\\/schema\\\/person\\\/14c491f46504e7f6b79db161f76def1c\"},\"headline\":\"Angeklagt wegen Vort\u00e4uschens einer Schlaftat \u2013 Sicherung von Pressearbeit\",\"datePublished\":\"2024-05-26T09:48:57+00:00\",\"mainEntityOfPage\":{\"@id\":\"https:\\\/\\\/www.kritische-masse.de\\\/logbuch\\\/2024\\\/05\\\/angeklagt-wegen-vortaeuschens-einer-schlaftat-sicherung-von-pressearbeit\\\/\"},\"wordCount\":715,\"commentCount\":0,\"publisher\":{\"@id\":\"https:\\\/\\\/www.kritische-masse.de\\\/logbuch\\\/#\\\/schema\\\/person\\\/14c491f46504e7f6b79db161f76def1c\"},\"image\":{\"@id\":\"https:\\\/\\\/www.kritische-masse.de\\\/logbuch\\\/2024\\\/05\\\/angeklagt-wegen-vortaeuschens-einer-schlaftat-sicherung-von-pressearbeit\\\/#primaryimage\"},\"thumbnailUrl\":\"https:\\\/\\\/i0.wp.com\\\/www.kritische-masse.de\\\/logbuch\\\/wp-content\\\/uploads\\\/2024\\\/05\\\/Was-Berlin-gebraucht-haette-waere-eine-Datschenschutzgrundverordnung-gewesen-DSGVO-%C2%A9-MH.jpg?fit=1200%2C900&ssl=1\",\"keywords\":[\"Cancel Culture\",\"Kultur als Staatsziel\",\"Journalismus\",\"Musikindustrie\",\"Presse\"],\"articleSection\":[\"das Recht\",\"die Kommunikation\",\"Angriff auf \u2026\",\"die Medien\"],\"inLanguage\":\"de\",\"potentialAction\":[{\"@type\":\"CommentAction\",\"name\":\"Comment\",\"target\":[\"https:\\\/\\\/www.kritische-masse.de\\\/logbuch\\\/2024\\\/05\\\/angeklagt-wegen-vortaeuschens-einer-schlaftat-sicherung-von-pressearbeit\\\/#respond\"]}]},{\"@type\":\"WebPage\",\"@id\":\"https:\\\/\\\/www.kritische-masse.de\\\/logbuch\\\/2024\\\/05\\\/angeklagt-wegen-vortaeuschens-einer-schlaftat-sicherung-von-pressearbeit\\\/\",\"url\":\"https:\\\/\\\/www.kritische-masse.de\\\/logbuch\\\/2024\\\/05\\\/angeklagt-wegen-vortaeuschens-einer-schlaftat-sicherung-von-pressearbeit\\\/\",\"name\":\"Angeklagt wegen Vort\u00e4uschens einer Schlaftat \u2013 Sicherung von Pressearbeit - Kritische Masse\",\"isPartOf\":{\"@id\":\"https:\\\/\\\/www.kritische-masse.de\\\/logbuch\\\/#website\"},\"primaryImageOfPage\":{\"@id\":\"https:\\\/\\\/www.kritische-masse.de\\\/logbuch\\\/2024\\\/05\\\/angeklagt-wegen-vortaeuschens-einer-schlaftat-sicherung-von-pressearbeit\\\/#primaryimage\"},\"image\":{\"@id\":\"https:\\\/\\\/www.kritische-masse.de\\\/logbuch\\\/2024\\\/05\\\/angeklagt-wegen-vortaeuschens-einer-schlaftat-sicherung-von-pressearbeit\\\/#primaryimage\"},\"thumbnailUrl\":\"https:\\\/\\\/i0.wp.com\\\/www.kritische-masse.de\\\/logbuch\\\/wp-content\\\/uploads\\\/2024\\\/05\\\/Was-Berlin-gebraucht-haette-waere-eine-Datschenschutzgrundverordnung-gewesen-DSGVO-%C2%A9-MH.jpg?fit=1200%2C900&ssl=1\",\"datePublished\":\"2024-05-26T09:48:57+00:00\",\"breadcrumb\":{\"@id\":\"https:\\\/\\\/www.kritische-masse.de\\\/logbuch\\\/2024\\\/05\\\/angeklagt-wegen-vortaeuschens-einer-schlaftat-sicherung-von-pressearbeit\\\/#breadcrumb\"},\"inLanguage\":\"de\",\"potentialAction\":[{\"@type\":\"ReadAction\",\"target\":[\"https:\\\/\\\/www.kritische-masse.de\\\/logbuch\\\/2024\\\/05\\\/angeklagt-wegen-vortaeuschens-einer-schlaftat-sicherung-von-pressearbeit\\\/\"]}]},{\"@type\":\"ImageObject\",\"inLanguage\":\"de\",\"@id\":\"https:\\\/\\\/www.kritische-masse.de\\\/logbuch\\\/2024\\\/05\\\/angeklagt-wegen-vortaeuschens-einer-schlaftat-sicherung-von-pressearbeit\\\/#primaryimage\",\"url\":\"https:\\\/\\\/i0.wp.com\\\/www.kritische-masse.de\\\/logbuch\\\/wp-content\\\/uploads\\\/2024\\\/05\\\/Was-Berlin-gebraucht-haette-waere-eine-Datschenschutzgrundverordnung-gewesen-DSGVO-%C2%A9-MH.jpg?fit=1200%2C900&ssl=1\",\"contentUrl\":\"https:\\\/\\\/i0.wp.com\\\/www.kritische-masse.de\\\/logbuch\\\/wp-content\\\/uploads\\\/2024\\\/05\\\/Was-Berlin-gebraucht-haette-waere-eine-Datschenschutzgrundverordnung-gewesen-DSGVO-%C2%A9-MH.jpg?fit=1200%2C900&ssl=1\",\"width\":1200,\"height\":900,\"caption\":\"Was Berlin gebraucht ha\u0308tte, wa\u0308re eine Datschenschutzgrundverordnung gewesen! #DSGVO \u00a9 MH\"},{\"@type\":\"BreadcrumbList\",\"@id\":\"https:\\\/\\\/www.kritische-masse.de\\\/logbuch\\\/2024\\\/05\\\/angeklagt-wegen-vortaeuschens-einer-schlaftat-sicherung-von-pressearbeit\\\/#breadcrumb\",\"itemListElement\":[{\"@type\":\"ListItem\",\"position\":1,\"name\":\"Startseite\",\"item\":\"https:\\\/\\\/www.kritische-masse.de\\\/logbuch\\\/\"},{\"@type\":\"ListItem\",\"position\":2,\"name\":\"Angeklagt wegen Vort\u00e4uschens einer Schlaftat \u2013 Sicherung von Pressearbeit\"}]},{\"@type\":\"WebSite\",\"@id\":\"https:\\\/\\\/www.kritische-masse.de\\\/logbuch\\\/#website\",\"url\":\"https:\\\/\\\/www.kritische-masse.de\\\/logbuch\\\/\",\"name\":\"kritische masse\",\"description\":\"amt f\u00fcr vermassungsschutz\",\"publisher\":{\"@id\":\"https:\\\/\\\/www.kritische-masse.de\\\/logbuch\\\/#\\\/schema\\\/person\\\/14c491f46504e7f6b79db161f76def1c\"},\"alternateName\":\"das logbuch der kritischen masse\",\"potentialAction\":[{\"@type\":\"SearchAction\",\"target\":{\"@type\":\"EntryPoint\",\"urlTemplate\":\"https:\\\/\\\/www.kritische-masse.de\\\/logbuch\\\/?s={search_term_string}\"},\"query-input\":{\"@type\":\"PropertyValueSpecification\",\"valueRequired\":true,\"valueName\":\"search_term_string\"}}],\"inLanguage\":\"de\"},{\"@type\":[\"Person\",\"Organization\"],\"@id\":\"https:\\\/\\\/www.kritische-masse.de\\\/logbuch\\\/#\\\/schema\\\/person\\\/14c491f46504e7f6b79db161f76def1c\",\"name\":\"der huflaikhan\",\"image\":{\"@type\":\"ImageObject\",\"inLanguage\":\"de\",\"@id\":\"https:\\\/\\\/www.kritische-masse.de\\\/logbuch\\\/wp-content\\\/uploads\\\/2024\\\/01\\\/cropped-kritischmasse_man_512.jpg\",\"url\":\"https:\\\/\\\/www.kritische-masse.de\\\/logbuch\\\/wp-content\\\/uploads\\\/2024\\\/01\\\/cropped-kritischmasse_man_512.jpg\",\"contentUrl\":\"https:\\\/\\\/www.kritische-masse.de\\\/logbuch\\\/wp-content\\\/uploads\\\/2024\\\/01\\\/cropped-kritischmasse_man_512.jpg\",\"width\":512,\"height\":512,\"caption\":\"der huflaikhan\"},\"logo\":{\"@id\":\"https:\\\/\\\/www.kritische-masse.de\\\/logbuch\\\/wp-content\\\/uploads\\\/2024\\\/01\\\/cropped-kritischmasse_man_512.jpg\"},\"description\":\"Betreiber der Kritischen Masse seit 1995. Seit 2023 Wiederaufnahme. Promotion mit einer Arbeit \u00fcber Adornos kompositorische und theoretische Auseinandersetzung mit der Zw\u00f6lftontechnik. Arbeit f\u00fcr den Bayerischen und den Mitteldeutschen Rundfunk als freier Autor und Regisseur \u2013 zumindest bis Ende 2015. Online-Redaktion f\u00fcr neue musikzeitung, Jazzzeitung und Oper &amp; Tanz. Ungl\u00fccklich, aber fast taub.\",\"sameAs\":[\"https:\\\/\\\/www.kritische-masse.de\\\/logbuch\\\/\",\"https:\\\/\\\/www.facebook.com\\\/hufner\"],\"url\":\"https:\\\/\\\/www.kritische-masse.de\\\/logbuch\\\/author\\\/martin_d1juqiu5\\\/\"}]}<\/script>\n<!-- \/ Yoast SEO plugin. -->","yoast_head_json":{"title":"Angeklagt wegen Vort\u00e4uschens einer Schlaftat \u2013 Sicherung von Pressearbeit - Kritische Masse","robots":{"index":"index","follow":"follow","max-snippet":"max-snippet:-1","max-image-preview":"max-image-preview:large","max-video-preview":"max-video-preview:-1"},"canonical":"https:\/\/www.kritische-masse.de\/logbuch\/2024\/05\/angeklagt-wegen-vortaeuschens-einer-schlaftat-sicherung-von-pressearbeit\/","og_locale":"de_DE","og_type":"article","og_title":"Angeklagt wegen Vort\u00e4uschens einer Schlaftat \u2013 Sicherung von Pressearbeit - Kritische Masse","og_description":"Journalismus sichern +++ 75 Jahre Grundgesetz +++ Das Vort\u00e4uschen einer Schlaftat +++ Was wurde eigentlich aus der Datschenschutzgrundverordnung +++","og_url":"https:\/\/www.kritische-masse.de\/logbuch\/2024\/05\/angeklagt-wegen-vortaeuschens-einer-schlaftat-sicherung-von-pressearbeit\/","og_site_name":"Kritische Masse","article_publisher":"https:\/\/www.facebook.com\/hufner","article_author":"https:\/\/www.facebook.com\/hufner","article_published_time":"2024-05-26T09:48:57+00:00","og_image":[{"width":1200,"height":900,"url":"https:\/\/www.kritische-masse.de\/logbuch\/wp-content\/uploads\/2024\/05\/Was-Berlin-gebraucht-haette-waere-eine-Datschenschutzgrundverordnung-gewesen-DSGVO-\u00a9-MH.jpg","type":"image\/jpeg"}],"author":"der huflaikhan","twitter_misc":{"Verfasst von":"der huflaikhan","Gesch\u00e4tzte Lesezeit":"4\u00a0Minuten"},"schema":{"@context":"https:\/\/schema.org","@graph":[{"@type":"Article","@id":"https:\/\/www.kritische-masse.de\/logbuch\/2024\/05\/angeklagt-wegen-vortaeuschens-einer-schlaftat-sicherung-von-pressearbeit\/#article","isPartOf":{"@id":"https:\/\/www.kritische-masse.de\/logbuch\/2024\/05\/angeklagt-wegen-vortaeuschens-einer-schlaftat-sicherung-von-pressearbeit\/"},"author":{"name":"der huflaikhan","@id":"https:\/\/www.kritische-masse.de\/logbuch\/#\/schema\/person\/14c491f46504e7f6b79db161f76def1c"},"headline":"Angeklagt wegen Vort\u00e4uschens einer Schlaftat \u2013 Sicherung von Pressearbeit","datePublished":"2024-05-26T09:48:57+00:00","mainEntityOfPage":{"@id":"https:\/\/www.kritische-masse.de\/logbuch\/2024\/05\/angeklagt-wegen-vortaeuschens-einer-schlaftat-sicherung-von-pressearbeit\/"},"wordCount":715,"commentCount":0,"publisher":{"@id":"https:\/\/www.kritische-masse.de\/logbuch\/#\/schema\/person\/14c491f46504e7f6b79db161f76def1c"},"image":{"@id":"https:\/\/www.kritische-masse.de\/logbuch\/2024\/05\/angeklagt-wegen-vortaeuschens-einer-schlaftat-sicherung-von-pressearbeit\/#primaryimage"},"thumbnailUrl":"https:\/\/i0.wp.com\/www.kritische-masse.de\/logbuch\/wp-content\/uploads\/2024\/05\/Was-Berlin-gebraucht-haette-waere-eine-Datschenschutzgrundverordnung-gewesen-DSGVO-%C2%A9-MH.jpg?fit=1200%2C900&ssl=1","keywords":["Cancel Culture","Kultur als Staatsziel","Journalismus","Musikindustrie","Presse"],"articleSection":["das Recht","die Kommunikation","Angriff auf \u2026","die Medien"],"inLanguage":"de","potentialAction":[{"@type":"CommentAction","name":"Comment","target":["https:\/\/www.kritische-masse.de\/logbuch\/2024\/05\/angeklagt-wegen-vortaeuschens-einer-schlaftat-sicherung-von-pressearbeit\/#respond"]}]},{"@type":"WebPage","@id":"https:\/\/www.kritische-masse.de\/logbuch\/2024\/05\/angeklagt-wegen-vortaeuschens-einer-schlaftat-sicherung-von-pressearbeit\/","url":"https:\/\/www.kritische-masse.de\/logbuch\/2024\/05\/angeklagt-wegen-vortaeuschens-einer-schlaftat-sicherung-von-pressearbeit\/","name":"Angeklagt wegen Vort\u00e4uschens einer Schlaftat \u2013 Sicherung von Pressearbeit - Kritische Masse","isPartOf":{"@id":"https:\/\/www.kritische-masse.de\/logbuch\/#website"},"primaryImageOfPage":{"@id":"https:\/\/www.kritische-masse.de\/logbuch\/2024\/05\/angeklagt-wegen-vortaeuschens-einer-schlaftat-sicherung-von-pressearbeit\/#primaryimage"},"image":{"@id":"https:\/\/www.kritische-masse.de\/logbuch\/2024\/05\/angeklagt-wegen-vortaeuschens-einer-schlaftat-sicherung-von-pressearbeit\/#primaryimage"},"thumbnailUrl":"https:\/\/i0.wp.com\/www.kritische-masse.de\/logbuch\/wp-content\/uploads\/2024\/05\/Was-Berlin-gebraucht-haette-waere-eine-Datschenschutzgrundverordnung-gewesen-DSGVO-%C2%A9-MH.jpg?fit=1200%2C900&ssl=1","datePublished":"2024-05-26T09:48:57+00:00","breadcrumb":{"@id":"https:\/\/www.kritische-masse.de\/logbuch\/2024\/05\/angeklagt-wegen-vortaeuschens-einer-schlaftat-sicherung-von-pressearbeit\/#breadcrumb"},"inLanguage":"de","potentialAction":[{"@type":"ReadAction","target":["https:\/\/www.kritische-masse.de\/logbuch\/2024\/05\/angeklagt-wegen-vortaeuschens-einer-schlaftat-sicherung-von-pressearbeit\/"]}]},{"@type":"ImageObject","inLanguage":"de","@id":"https:\/\/www.kritische-masse.de\/logbuch\/2024\/05\/angeklagt-wegen-vortaeuschens-einer-schlaftat-sicherung-von-pressearbeit\/#primaryimage","url":"https:\/\/i0.wp.com\/www.kritische-masse.de\/logbuch\/wp-content\/uploads\/2024\/05\/Was-Berlin-gebraucht-haette-waere-eine-Datschenschutzgrundverordnung-gewesen-DSGVO-%C2%A9-MH.jpg?fit=1200%2C900&ssl=1","contentUrl":"https:\/\/i0.wp.com\/www.kritische-masse.de\/logbuch\/wp-content\/uploads\/2024\/05\/Was-Berlin-gebraucht-haette-waere-eine-Datschenschutzgrundverordnung-gewesen-DSGVO-%C2%A9-MH.jpg?fit=1200%2C900&ssl=1","width":1200,"height":900,"caption":"Was Berlin gebraucht ha\u0308tte, wa\u0308re eine Datschenschutzgrundverordnung gewesen! #DSGVO \u00a9 MH"},{"@type":"BreadcrumbList","@id":"https:\/\/www.kritische-masse.de\/logbuch\/2024\/05\/angeklagt-wegen-vortaeuschens-einer-schlaftat-sicherung-von-pressearbeit\/#breadcrumb","itemListElement":[{"@type":"ListItem","position":1,"name":"Startseite","item":"https:\/\/www.kritische-masse.de\/logbuch\/"},{"@type":"ListItem","position":2,"name":"Angeklagt wegen Vort\u00e4uschens einer Schlaftat \u2013 Sicherung von Pressearbeit"}]},{"@type":"WebSite","@id":"https:\/\/www.kritische-masse.de\/logbuch\/#website","url":"https:\/\/www.kritische-masse.de\/logbuch\/","name":"kritische masse","description":"amt f\u00fcr vermassungsschutz","publisher":{"@id":"https:\/\/www.kritische-masse.de\/logbuch\/#\/schema\/person\/14c491f46504e7f6b79db161f76def1c"},"alternateName":"das logbuch der kritischen masse","potentialAction":[{"@type":"SearchAction","target":{"@type":"EntryPoint","urlTemplate":"https:\/\/www.kritische-masse.de\/logbuch\/?s={search_term_string}"},"query-input":{"@type":"PropertyValueSpecification","valueRequired":true,"valueName":"search_term_string"}}],"inLanguage":"de"},{"@type":["Person","Organization"],"@id":"https:\/\/www.kritische-masse.de\/logbuch\/#\/schema\/person\/14c491f46504e7f6b79db161f76def1c","name":"der huflaikhan","image":{"@type":"ImageObject","inLanguage":"de","@id":"https:\/\/www.kritische-masse.de\/logbuch\/wp-content\/uploads\/2024\/01\/cropped-kritischmasse_man_512.jpg","url":"https:\/\/www.kritische-masse.de\/logbuch\/wp-content\/uploads\/2024\/01\/cropped-kritischmasse_man_512.jpg","contentUrl":"https:\/\/www.kritische-masse.de\/logbuch\/wp-content\/uploads\/2024\/01\/cropped-kritischmasse_man_512.jpg","width":512,"height":512,"caption":"der huflaikhan"},"logo":{"@id":"https:\/\/www.kritische-masse.de\/logbuch\/wp-content\/uploads\/2024\/01\/cropped-kritischmasse_man_512.jpg"},"description":"Betreiber der Kritischen Masse seit 1995. Seit 2023 Wiederaufnahme. Promotion mit einer Arbeit \u00fcber Adornos kompositorische und theoretische Auseinandersetzung mit der Zw\u00f6lftontechnik. Arbeit f\u00fcr den Bayerischen und den Mitteldeutschen Rundfunk als freier Autor und Regisseur \u2013 zumindest bis Ende 2015. Online-Redaktion f\u00fcr neue musikzeitung, Jazzzeitung und Oper &amp; Tanz. Ungl\u00fccklich, aber fast taub.","sameAs":["https:\/\/www.kritische-masse.de\/logbuch\/","https:\/\/www.facebook.com\/hufner"],"url":"https:\/\/www.kritische-masse.de\/logbuch\/author\/martin_d1juqiu5\/"}]}},"jetpack_publicize_connections":[],"jetpack_featured_media_url":"https:\/\/i0.wp.com\/www.kritische-masse.de\/logbuch\/wp-content\/uploads\/2024\/05\/Was-Berlin-gebraucht-haette-waere-eine-Datschenschutzgrundverordnung-gewesen-DSGVO-%C2%A9-MH.jpg?fit=1200%2C900&ssl=1","categories_names":["das Recht","die Kommunikation","Angriff auf \u2026","die Medien"],"post_class":[["post-9723","post","type-post","status-publish","format-standard","has-post-thumbnail","hentry","category-das-recht","category-die-kommunikation","category-angriffauf","category-medien","tag-cancel-culture","tag-kultur-als-staatsziel","tag-journalismus","tag-musikindustrie","tag-presse","entry","has-media"]],"author_avatar":["<img alt='' src='https:\/\/secure.gravatar.com\/avatar\/c23aee426d58e69f14ef471114d4cac215eec702ee1bc331e2a62ea77e96ed60?s=96&#038;d=blank&#038;r=g' srcset='https:\/\/secure.gravatar.com\/avatar\/c23aee426d58e69f14ef471114d4cac215eec702ee1bc331e2a62ea77e96ed60?s=192&#038;d=blank&#038;r=g 2x' class='avatar avatar-96 photo' height='96' width='96' loading='lazy' decoding='async'\/>"],"featured_video":null,"jetpack-related-posts":[{"id":8715,"url":"https:\/\/www.kritische-masse.de\/logbuch\/2017\/06\/poroeser-journalismus-und-die-vielfalt-des-wirklichen\/","url_meta":{"origin":9723,"position":0},"title":"Por\u00f6ser Journalismus und die Vielfalt des Wirklichen","author":"der huflaikhan","date":"18. Juni 2017","format":false,"excerpt":"Was eigentlich ist das? Seri\u00f6ser Journalismus? Der wird immer gerne gefordert, ist vielleicht schon da. Was macht Journalismus seri\u00f6s? Die Antwort ist nicht bekannt. Journalismus ist eigentlich nie seri\u00f6s, denn er ist ja Journalismus. Gibt es etwa so etwas wie seri\u00f6sen Betrug. Seri\u00f6se Betr\u00fcger und unseri\u00f6ser Betr\u00fcger im Kampf um\u2026","rel":"","context":"In &quot;die Kommunikation&quot;","block_context":{"text":"die Kommunikation","link":"https:\/\/www.kritische-masse.de\/logbuch\/category\/angriffauf\/die-kommunikation\/"},"img":{"alt_text":"Konzert oder Text. Partiturausschnitt Anton Webern.","src":"https:\/\/i0.wp.com\/www.kritische-masse.de\/logbuch\/wp-content\/uploads\/2017\/06\/concerto-detail.jpg?resize=350%2C200&ssl=1","width":350,"height":200},"classes":[]},{"id":11398,"url":"https:\/\/www.kritische-masse.de\/logbuch\/2025\/08\/aus-den-prophezeiungen-des-huflaikhan-journalismus\/","url_meta":{"origin":9723,"position":1},"title":"Aus den Prophezeiungen des Huflaikhan: Journalismus","author":"der huflaikhan","date":"19. August 2025","format":false,"excerpt":"\u00abWas die Zukunft des Journalismus angeht, bin ich eher pressemistisch.\u00bbHuflaikhan Heute vor 30 Jahren starb Pierre Schaeffer. Von dem bin ich einfach ein gro\u00dfer Fan. https:\/\/www.youtube.com\/watch?v=B2U-WKmeJSM Von Johann Sebastian Bach \u00fcbrigens auch \u2026 Kulturetat des Bundesbeauftragten \u2013 lustlos! \u00dcber den geplanten Kulturetat des Bundesbeauftragten f\u00fcr Kultur und Medien im Bundeskanzleramt\u2026","rel":"","context":"In &quot;die Zukunft&quot;","block_context":{"text":"die Zukunft","link":"https:\/\/www.kritische-masse.de\/logbuch\/category\/angriffauf\/die-zukunft\/"},"img":{"alt_text":"","src":"https:\/\/i0.wp.com\/img.youtube.com\/vi\/B2U-WKmeJSM\/0.jpg?resize=350%2C200","width":350,"height":200},"classes":[]},{"id":8877,"url":"https:\/\/www.kritische-masse.de\/logbuch\/2023\/06\/presse-hoelle-universal-ttt\/","url_meta":{"origin":9723,"position":2},"title":"Presse-H\u00f6lle: Universal \/ ttt vs. 100 Prozent von 100","author":"der huflaikhan","date":"5. Juni 2023","format":false,"excerpt":"In einer Pressemitteilung der Deutschen Grammophon wird eine neue exklusive Zusammenarbeit zwischen dem Major und einer Dirigentin mit der Expertise einer Fernsehsendung der ARD beworben: \u00bb\u2026 diese Dirigentin ist hundert Prozent \u00fcberzeugend \u2013 f\u00fcr ihre Musiker, f\u00fcr das Publikum und f\u00fcr die Kritik \u2026\u00ab titel thesen temperamente Was sind 100%\u2026","rel":"","context":"In &quot;die Kommunikation&quot;","block_context":{"text":"die Kommunikation","link":"https:\/\/www.kritische-masse.de\/logbuch\/category\/angriffauf\/die-kommunikation\/"},"img":{"alt_text":"","src":"https:\/\/i0.wp.com\/www.kritische-masse.de\/logbuch\/wp-content\/uploads\/2006\/08\/2006-09-schweden.jpg?fit=1024%2C768&ssl=1&resize=350%2C200","width":350,"height":200,"srcset":"https:\/\/i0.wp.com\/www.kritische-masse.de\/logbuch\/wp-content\/uploads\/2006\/08\/2006-09-schweden.jpg?fit=1024%2C768&ssl=1&resize=350%2C200 1x, https:\/\/i0.wp.com\/www.kritische-masse.de\/logbuch\/wp-content\/uploads\/2006\/08\/2006-09-schweden.jpg?fit=1024%2C768&ssl=1&resize=525%2C300 1.5x, https:\/\/i0.wp.com\/www.kritische-masse.de\/logbuch\/wp-content\/uploads\/2006\/08\/2006-09-schweden.jpg?fit=1024%2C768&ssl=1&resize=700%2C400 2x"},"classes":[]},{"id":9930,"url":"https:\/\/www.kritische-masse.de\/logbuch\/2024\/07\/eskalation-oder-erklaerung\/","url_meta":{"origin":9723,"position":3},"title":"Eskalation oder Erkl\u00e4rung","author":"der huflaikhan","date":"18. Juli 2024","format":false,"excerpt":"Auch die Berichterstattung in der Musikszene ger\u00e4t immer mehr ins Kreuzfeuer ihrer eigenen Darstellungsformen. Mit Axel Br\u00fcggemanns neuem \u2013 wie sagt man \u2013 Blog, News-, Kommentar- und Meinungsportal \u201eBackstageClassical\u201c aus Bremen ist das nicht anders als mit dem \u201eVan-Magazin\u201c aus Berlin. Nur dass das eine w\u00f6chentlich Texte hinter einer Paywall\u2026","rel":"","context":"In &quot;Angriff auf \u2026&quot;","block_context":{"text":"Angriff auf \u2026","link":"https:\/\/www.kritische-masse.de\/logbuch\/category\/angriffauf\/"},"img":{"alt_text":"Ich wei\u00df jetzt auch nicht mehr. \u00a9 MH","src":"https:\/\/i0.wp.com\/www.kritische-masse.de\/logbuch\/wp-content\/uploads\/2024\/07\/Ich-weiss-jetzt-auch-nicht-mehr.-%C2%A9-MH.jpg?fit=717%2C717&ssl=1&resize=350%2C200","width":350,"height":200,"srcset":"https:\/\/i0.wp.com\/www.kritische-masse.de\/logbuch\/wp-content\/uploads\/2024\/07\/Ich-weiss-jetzt-auch-nicht-mehr.-%C2%A9-MH.jpg?fit=717%2C717&ssl=1&resize=350%2C200 1x, https:\/\/i0.wp.com\/www.kritische-masse.de\/logbuch\/wp-content\/uploads\/2024\/07\/Ich-weiss-jetzt-auch-nicht-mehr.-%C2%A9-MH.jpg?fit=717%2C717&ssl=1&resize=525%2C300 1.5x, https:\/\/i0.wp.com\/www.kritische-masse.de\/logbuch\/wp-content\/uploads\/2024\/07\/Ich-weiss-jetzt-auch-nicht-mehr.-%C2%A9-MH.jpg?fit=717%2C717&ssl=1&resize=700%2C400 2x"},"classes":[]},{"id":3545,"url":"https:\/\/www.kritische-masse.de\/logbuch\/2016\/06\/journalismus-seri-ser\/","url_meta":{"origin":9723,"position":4},"title":"Journalismus, seri\u00f6ser","author":"huflaikhan","date":"24. Juni 2016","format":false,"excerpt":"Was eigentlich ist das? Seri\u00f6ser Journalismus? Der wird immer gerne gefordert, ist vielleicht schon da. Was macht Journalismus seri\u00f6s? Was eigentlich ist das? Seri\u00f6ser Journalismus? Der wird immer gerne gefordert, ist vielleicht schon da. Was macht Journalismus seri\u00f6s? Die Antwort ist nicht bekannt. Journalismus ist eigentlich nie seri\u00f6s, denn er\u2026","rel":"","context":"In &quot;Angriff auf \u2026&quot;","block_context":{"text":"Angriff auf \u2026","link":"https:\/\/www.kritische-masse.de\/logbuch\/category\/angriffauf\/"},"img":{"alt_text":"Seri\u00f6ser Journalist?","src":"https:\/\/i0.wp.com\/www.kritische-masse.de\/logbuch\/wp-content\/uploads\/2016\/06\/hufi-journalist.jpg?fit=1200%2C900&ssl=1&resize=350%2C200","width":350,"height":200,"srcset":"https:\/\/i0.wp.com\/www.kritische-masse.de\/logbuch\/wp-content\/uploads\/2016\/06\/hufi-journalist.jpg?fit=1200%2C900&ssl=1&resize=350%2C200 1x, https:\/\/i0.wp.com\/www.kritische-masse.de\/logbuch\/wp-content\/uploads\/2016\/06\/hufi-journalist.jpg?fit=1200%2C900&ssl=1&resize=525%2C300 1.5x, https:\/\/i0.wp.com\/www.kritische-masse.de\/logbuch\/wp-content\/uploads\/2016\/06\/hufi-journalist.jpg?fit=1200%2C900&ssl=1&resize=700%2C400 2x, https:\/\/i0.wp.com\/www.kritische-masse.de\/logbuch\/wp-content\/uploads\/2016\/06\/hufi-journalist.jpg?fit=1200%2C900&ssl=1&resize=1050%2C600 3x"},"classes":[]},{"id":11704,"url":"https:\/\/www.kritische-masse.de\/logbuch\/2026\/01\/autorenschaft-und-vertrauen-im-journalismus\/","url_meta":{"origin":9723,"position":5},"title":"Autorenschaft und Vertrauen im Journalismus","author":"der huflaikhan","date":"11. Januar 2026","format":false,"excerpt":"Zuf\u00e4llig der gleiche Text bei verschiedenen Autoren. Muss man das so machen, lieber Tagesspiegel?","rel":"","context":"In &quot;Amt f\u00fcr Vermassungsschutz&quot;","block_context":{"text":"Amt f\u00fcr Vermassungsschutz","link":"https:\/\/www.kritische-masse.de\/logbuch\/category\/vermassungsschutz\/"},"img":{"alt_text":"IMG 0367","src":"https:\/\/i0.wp.com\/www.kritische-masse.de\/logbuch\/wp-content\/uploads\/2026\/01\/IMG_0367.png?resize=350%2C200","width":350,"height":200,"srcset":"https:\/\/i0.wp.com\/www.kritische-masse.de\/logbuch\/wp-content\/uploads\/2026\/01\/IMG_0367.png?resize=350%2C200 1x, https:\/\/i0.wp.com\/www.kritische-masse.de\/logbuch\/wp-content\/uploads\/2026\/01\/IMG_0367.png?resize=525%2C300 1.5x, https:\/\/i0.wp.com\/www.kritische-masse.de\/logbuch\/wp-content\/uploads\/2026\/01\/IMG_0367.png?resize=700%2C400 2x, https:\/\/i0.wp.com\/www.kritische-masse.de\/logbuch\/wp-content\/uploads\/2026\/01\/IMG_0367.png?resize=1050%2C600 3x"},"classes":[]}],"jetpack_sharing_enabled":true,"public_identification_id":"56994aee9db04eda89f4de41d5bff069","private_identification_id":"a728cdd95be64e9ebe4e5576c4613b2d","_links":{"self":[{"href":"https:\/\/www.kritische-masse.de\/logbuch\/wp-json\/wp\/v2\/posts\/9723","targetHints":{"allow":["GET"]}}],"collection":[{"href":"https:\/\/www.kritische-masse.de\/logbuch\/wp-json\/wp\/v2\/posts"}],"about":[{"href":"https:\/\/www.kritische-masse.de\/logbuch\/wp-json\/wp\/v2\/types\/post"}],"author":[{"embeddable":true,"href":"https:\/\/www.kritische-masse.de\/logbuch\/wp-json\/wp\/v2\/users\/1"}],"replies":[{"embeddable":true,"href":"https:\/\/www.kritische-masse.de\/logbuch\/wp-json\/wp\/v2\/comments?post=9723"}],"version-history":[{"count":0,"href":"https:\/\/www.kritische-masse.de\/logbuch\/wp-json\/wp\/v2\/posts\/9723\/revisions"}],"wp:featuredmedia":[{"embeddable":true,"href":"https:\/\/www.kritische-masse.de\/logbuch\/wp-json\/wp\/v2\/media\/9725"}],"wp:attachment":[{"href":"https:\/\/www.kritische-masse.de\/logbuch\/wp-json\/wp\/v2\/media?parent=9723"}],"wp:term":[{"taxonomy":"category","embeddable":true,"href":"https:\/\/www.kritische-masse.de\/logbuch\/wp-json\/wp\/v2\/categories?post=9723"},{"taxonomy":"post_tag","embeddable":true,"href":"https:\/\/www.kritische-masse.de\/logbuch\/wp-json\/wp\/v2\/tags?post=9723"}],"curies":[{"name":"wp","href":"https:\/\/api.w.org\/{rel}","templated":true}]}}